{"administration":"pref03","administration_name":"Pr\u00e9fecture de l\u2019Allier","content":"ALLIER\nRECUEIL DES ACTES\nADMINISTRATIFS SP\u00c9CIAL\nN\u00b003-2026-040\nPUBLI\u00c9 LE 19 F\u00c9VRIER 2026\nSommaire\n03_Pr\u00e9f_Pr\u00e9fecture de l'Allier / Direction de la Coordination des\nPolitiques Publique\n03-2026-02-19-00001 - Extrait de l'arr\u00eat\u00e9 n\u00b0 334/2026 du 19 f\u00e9vrier\n2026 portant d\u00e9signation des membres du Conseil d'Orientation\nScientifique et Culturel du CNCS (2 pages) Page 3\n2\n03_Pr\u00e9f_Pr\u00e9fecture de l'Allier\n03-2026-02-19-00001\nExtrait de l'arr\u00eat\u00e9 n\u00b0 334/2026 du 19 f\u00e9vrier 2026\nportant d\u00e9signation des membres du Conseil\nd'Orientation Scientifique et Culturel du CNCS\n03_Pr\u00e9f_Pr\u00e9fecture de l'Allier - 03-2026-02-19-00001 - Extrait de l'arr\u00eat\u00e9 n\u00b0 334/2026 du 19 f\u00e9vrier 2026 portant d\u00e9signation des\nmembres du Conseil d'Orientation Scientifique et Culturel du CNCS 3\nPREFETDE L'ALLIERLibert\u00e9Egalit\u00e9Fraternit\u00e9\nDirection de la coordination des politiques publiques\nExtrait de l'arr\u00eat\u00e9 n\u00b0 334/2026 du 19 f\u00e9vrier 2026\nportant d\u00e9signation des membres\ndu Conseil d'Orientation Scientifique et Culturel\ndu Centre National du Costume de Sc\u00e8ne\nARTICLE     1   :\u00a0Sont \u00a0 d\u00e9sign\u00e9s \u00a0 pour \u00a0 une \u00a0 dur\u00e9e \u00a0 de \u00a0 trois \u00a0 ans \u00a0 renouvelable, \u00a0 en \u00a0 raison \u00a0 de \u00a0 leurs\ncomp\u00e9tences \u00a0 scientifiques \u00a0 et \u00a0 culturelles \u00a0 dans \u00a0 le \u00a0 domaine \u00a0 d'activit\u00e9 \u00a0 du \u00a0 Centre \u00a0 National \u00a0 du\nCostume\u00a0de\u00a0Sc\u00e8ne\u00a0:\nMme Esclarmonde MONTEIL Conservatrice\u00a0en\u00a0chef\u00a0du\u00a0patrimoine\u00a0-\u00a0\nService\u00a0des\u00a0mus\u00e9es\u00a0de\u00a0France\u00a0-\nMinist\u00e8re\u00a0de\u00a0la\u00a0culture\nMme Annabel POINCHEVAL Inspectrice\u00a0au\u00a0Coll\u00e8ge\u00a0Th\u00e9\u00e2tre\u00a0-\nService\u00a0de\u00a0l'inspection\u00a0de\u00a0la\u00a0cr\u00e9ation\u00a0artistique\u00a0-\u00a0\nDirection\u00a0g\u00e9n\u00e9rale\u00a0de\u00a0la\u00a0cr\u00e9ation\u00a0artistique\u00a0-\u00a0\nMinist\u00e8re\u00a0de\u00a0la\u00a0culture\nMme Catherine GUILLOT Conservatrice\u00a0en\u00a0chef\u00a0du\u00a0patrimoine,\u00a0conseill\u00e8re\u00a0\npour\u00a0les\u00a0mus\u00e9es\u00a0-\nDirection\u00a0r\u00e9gionale\u00a0des\u00a0affaires\u00a0culturelles\u00a0Auvergne-\nRh\u00f4ne-Alpes\u00a0-\nMinist\u00e8re\u00a0de\u00a0la\u00a0culture\nMme Christine NEUMEISTER Directrice\u00a0des\u00a0ateliers\u00a0de\u00a0costumes\u00a0-\nOp\u00e9ra\u00a0national\u00a0de\u00a0Paris\nM. Jo\u00ebl HUTHWOHL Conservateur,\u00a0directeur\u00a0du\u00a0d\u00e9partement\u00a0des\u00a0arts\u00a0du\u00a0\nspectacle\u00a0-\nBiblioth\u00e8que\u00a0Nationale\u00a0de\u00a0France\nM. Louis-Gilles PAIRAULT Conservateur-archiviste,\u00a0directeur\u00a0de\u00a0la\u00a0biblioth\u00e8que-\nmus\u00e9e\u00a0\u2013\u00a0Com\u00e9die-Fran\u00e7aise\nMme Aziza GRIL-MARIOTTE Directrice\u00a0du\u00a0Mus\u00e9e\u00a0des\u00a0Tissus\u00a0et\u00a0des\u00a0Arts\u00a0\nD\u00e9coratifs\u00a0de\u00a0Lyon\nMme Catherine TREILHOU-BALAUDE Professeur\u00a0d'histoire\u00a0et\u00a0d'esth\u00e9tique\u00a0du\u00a0th\u00e9\u00e2tre\u00a0-\nUniversit\u00e9\u00a0Sorbonne\u00a0Nouvelle\u00a0Paris\u00a03\nMme Claudine LACHAUD Fondatrice\u00a0et\u00a0g\u00e9rante\u00a0de\u00a0l'atelier\u00a0Caraco\u00a0Canezou,\u00a0\nParis\nMme Jackie TADEONI Cr\u00e9atrice\u00a0de\u00a0costumes\u00a0et\u00a0artiste\u00a0interpr\u00e8te\nM. Pierre PROVOYEUR Conservateur\u00a0g\u00e9n\u00e9ral\u00a0du\u00a0patrimoine\u00a0honoraire\n03_Pr\u00e9f_Pr\u00e9fecture de l'Allier - 03-2026-02-19-00001 - Extrait de l'arr\u00eat\u00e9 n\u00b0 334/2026 du 19 f\u00e9vrier 2026 portant d\u00e9signation des\nmembres du Conseil d'Orientation Scientifique et Culturel du CNCS 4\nM. Alexandre de DARDEL Sc\u00e9nographe\nMme Muriel JANVIER Inspectrice\u00a0d'Acad\u00e9mie,\u00a0inspectrice\u00a0p\u00e9dagogique\u00a0\nr\u00e9gionale\u00a0design\u00a0&\u00a0m\u00e9tiers\u00a0d'art\u00a0-\nMinist\u00e8re\u00a0de\u00a0l'\u00e9ducation\u00a0nationale\nMme Leyla-Claire RABIH Directrice\u00a0de\u00a0l'\u00e9cole\u00a0nationale\u00a0sup\u00e9rieure\u00a0des\u00a0arts\u00a0et\u00a0\ntechniques\u00a0du\u00a0th\u00e9\u00e2tre\u00a0(ENSATT)\nMme Marie-B\u00e9n\u00e9dicte SEYNHAEVE \nKERMORGANT\nResponsable\u00a0du\u00a0d\u00e9partement\u00a0des\u00a0collections\u00a0et\u00a0des\u00a0\nexpositions\u00a0-\nCentre\u00a0national\u00a0du\u00a0costume\u00a0et\u00a0de\u00a0sc\u00e8ne\nARTICLE     2  \u00a0:\u00a0L'arr\u00eat\u00e9\u00a0de\u00a0Mme\u00a0le\u00a0pr\u00e9fet\u00a0de\u00a0l'Allier\u00a0n\u00b0\u00a0285/2023\u00a0du\u00a031\u00a0janvier\u00a02023\u00a0portant\u00a0d\u00e9signation\ndes\u00a0membres\u00a0du\u00a0Conseil\u00a0d'Orientation\u00a0Scientifique\u00a0et\u00a0Culturel\u00a0du\u00a0Centre\u00a0National\u00a0du\u00a0Costume\u00a0de\nSc\u00e8ne,\u00a0modifi\u00e9\u00a0par\u00a0les\u00a0arr\u00eat\u00e9s\u00a0pr\u00e9fectoraux\u00a0n\u00b0\u00a01848/2024\u00a0du\u00a027\u00a0ao\u00fbt\u00a02024\u00a0et\u00a0n\u00b0\u00a0510/2025\u00a0du\u00a017\u00a0mars\n2025,\u00a0est\u00a0abrog\u00e9.\nARTICLE     3     :\u00a0Les\u00a0dispositions\u00a0du\u00a0pr\u00e9sent\u00a0arr\u00eat\u00e9\u00a0entrent\u00a0en\u00a0vigueur\u00a0le\u00a0lendemain\u00a0du\u00a0jour\u00a0de\u00a0sa\npublication\u00a0au\u00a0recueil\u00a0des\u00a0actes\u00a0administratifs\u00a0de\u00a0la\u00a0pr\u00e9fecture\u00a0de\u00a0l'Allier.\u00a0\nLe\u00a0Pr\u00e9fet\nSign\u00e9\nChristophe\u00a0NO\u00cbL\u00a0du\u00a0PAYRAT\n03_Pr\u00e9f_Pr\u00e9fecture de l'Allier - 03-2026-02-19-00001 - Extrait de l'arr\u00eat\u00e9 n\u00b0 334/2026 du 19 f\u00e9vrier 2026 portant d\u00e9signation des\nmembres du Conseil d'Orientation Scientifique et Culturel du CNCS 5","date":"2026-02-19","first_seen_on":"2026-02-19T15:05:20+00:00","id":"61e049523e0010edc8b4acddcc28b9d5debbf9104a15f9f97ae9bea076442db0","name":"recueil nr sp\u00e9cial - \u00e9dit\u00e9 le 19 f\u00e9vrier 2026","pdf_creation_date":"2026-02-19T14:37:56+00:00","pdf_modification_date":null,"timezone":"Europe/Paris","url":"https://www.allier.gouv.fr/contenu/telechargement/19545/133249/file/recueil-03-2026-040-recueil-des-actes-administratifs-special.pdf"}
