{"administration":"pref13","administration_name":"Pr\u00e9fecture des Bouches-du-Rh\u00f4ne","content":"BOUCHES-DU-\nRH\u00d4NE\nRECUEIL DES ACTES\nADMINISTRATIFS SP\u00c9CIAL\nN\u00b013-2025-358\nPUBLI\u00c9 LE 26 NOVEMBRE 2025\nSommaire\nAssistance Publique - H\u00f4pitaux de Marseille /\n13-2025-11-26-00002 - D\u00e9l\u00e9gation 376-2025 signature BARREAU (2\npages) Page 5\nDDETS 13 /\n13-2025-11-26-00008 - DDETS 13 D\u00e9cision d'affectation mensuelle\nd\u00e9cembre 2025 (24 pages) Page 8\n13-2025-11-26-00003 - D\u00e9cision de retrait concernant  l'assocociation\nloi 1901, CIOTAT SERVICE EMPLOI sise 17 rue Gueymard 13600 LA CIOTAT \n(2 pages) Page 33\n13-2025-11-26-00004 - D\u00e9cision de retrait de d\u00e9claration concernant\nl'assocociation GAPAD sise 3 rue Raoul FOLLEREAU 13090 AIX EN\nPROVENCE (2 pages) Page 36\n13-2025-11-25-00011 - D\u00e9cision de retrait de d\u00e9claration concernant le\nmicro-entrepreneur COLIN Dominique sis 1 Lieu dit St Honorat 13490\nJOUQUES (2 pages) Page 39\n13-2025-11-26-00013 - R\u00e9c\u00e9piss\u00e9 de d\u00e9claration au titre des Services\n\u00e0 la Personne au b\u00e9n\u00e9fice de   Madame HOUMADI Bouchra en\nqualit\u00e9 d'entrepreneur individuel, situ\u00e9 34 Cours des Alpes - 13650\nMEYRARGUES (2 pages) Page 42\n13-2025-11-26-00012 - R\u00e9c\u00e9piss\u00e9 de d\u00e9claration au titre des Services\n\u00e0 la Personne au b\u00e9n\u00e9fice de  Madame MARTINEZ Marie en qualit\u00e9\nd'entrepreneur individuel, situ\u00e9 56 rue de Catalogne - 13880 VELAUX\n(2 pages) Page 45\n13-2025-11-26-00014 - R\u00e9c\u00e9piss\u00e9 de d\u00e9claration au titre des Services\n\u00e0 la Personne au b\u00e9n\u00e9fice de  Madame PELISSIER Emilie en qualit\u00e9\nd'entrepreneur individuel, situ\u00e9 15 Chemin Du P\u00e9russier - 13350\nCHARLEVAL (2 pages) Page 48\n13-2025-11-26-00011 - R\u00e9c\u00e9piss\u00e9 de d\u00e9claration au titre des Services\n\u00e0 la Personne au b\u00e9n\u00e9fice de  Monsieur DOBRE Tudorel Silvian en\nqualit\u00e9 d'entrepreneur individuel, situ\u00e9 15 Rue Ren\u00e9 Coty - 13090\nAIX EN PROVENCE  (2 pages) Page 51\n13-2025-11-26-00010 - R\u00e9c\u00e9piss\u00e9 de d\u00e9claration au titre des Services\n\u00e0 la Personne au b\u00e9n\u00e9fice de Madame CAMIER Cindy en qualit\u00e9 de\nmicro-entrepreneure domicili\u00e9e au 141 avenue de st Menet 13011\nMARSEILLE (2 pages) Page 54\n13-2025-11-26-00016 - R\u00e9c\u00e9piss\u00e9 de d\u00e9claration au titre des Services\n\u00e0 la Personne au b\u00e9n\u00e9fice de Madame PLANCHENAULT Amanda en\nqualit\u00e9 d'entrepreneur individuel, situ\u00e9 36 rue Benedit - 13004\nMARSEILLE (2 pages) Page 57\n2\n13-2025-11-26-00015 - R\u00e9c\u00e9piss\u00e9 de d\u00e9claration au titre des Services\n\u00e0 la Personne au b\u00e9n\u00e9fice de Monsieur par Monsieur DELANNOY\nDavid en qualit\u00e9 de dirigeant, pour l'organisme DELANNOY David dont\nl'\u00e9tablissement principal est situ\u00e9 1 CHEMIN DE LA COLLINE SAINT\nJOSEPH 13009 MARSEILLE (2 pages) Page 60\nDirection Departementale des Territoires et de la Mer 13 /\n13-2025-11-25-00012 - arr\u00eat\u00e9 de d\u00e9molition B\u00e2t B Campagne leveque\nNovembre 2025 (2 pages) Page 63\nDirection R\u00e9gionale et Interd\u00e9partementale de l'Environnement et de\nl'Energie PACA /\n13-2025-11-26-00001 - arr\u00eat\u00e9 portant autorisation de travaux\nd'inspection de pipelines situ\u00e9s dans la r\u00e9serve naturelle nationale\ndes Coussouls de Crau (5 pages) Page 66\nDRFIP PACA et des Bouches-du-Rh\u00f4ne  /\n13-2025-11-25-00015 - D\u00e9cision du responsable du p\u00f4le gestion publique\nportant d\u00e9l\u00e9gation de signature aux agents du centre de gestion\nfinanci\u00e8re bloc 2 plac\u00e9 sous l'autorit\u00e9 de la directrice r\u00e9gionale des\nFinances publiques de Provence-Alpes-C\u00f4te d'Azur et du d\u00e9partement\ndes Bouches-du-Rh\u00f4ne (3 pages) Page 72\n13-2025-11-26-00009 - D\u00e9l\u00e9gation de signature du SIP Marseille Prado (5\npages) Page 76\nPr\u00e9fecture de police des Bouches-du-Rh\u00f4ne /\n13-2025-11-26-00007 - Arr\u00eat\u00e9 autorisant la captation et la transmission\n\nd'images au moyen de cam\u00e9ras install\u00e9es sur des a\u00e9ronefs le 29\nnovembre 2025\n\n (4 pages) Page 82\n13-2025-11-26-00005 - Arr\u00eat\u00e9 portant interdiction de port, de transport,\nde d\u00e9tention et usage d'engins pyrotechniques aux abords du stade\nOrange V\u00e9lodrome \u00e0 Marseille lors de la rencontre de football opposant\nl'\u00e9quipe de l'Olympique de Marseille \u00e0 celle du Toulouse FC le 29\nnovembre 2025 (2 pages) Page 87\n13-2025-11-26-00006 - Arr\u00eat\u00e9 portant interdiction de stationner et de\ncirculer sur la voie publique dans le centre-ville et aux abords du stade\nOrange v\u00e9lodrome de Marseille \u00e0 toute personne se pr\u00e9valant de la\nqualit\u00e9 de supporter du Toulouse Football Club \u00e0 l'occasion de la\nrencontre entre l'Olympique de Marseille et le Toulouse Football Club, le\n29 novembre 2025. (4 pages) Page 90\nPr\u00e9fecture des Bouches-du-Rhone / Direction de la Citoyennet\u00e9, de la\nL\u00e9galit\u00e9 et de l'Environnement\n13-2025-11-24-00017 - ARR\u00caT\u00c9 du 24 NOVEMBRE 2025\nportant\nhabilitation sous le n\u00b0 25-13-0033 de la soci\u00e9t\u00e9 d\u00e9nomm\u00e9e\n\u00ab\u00a0FAILLA\u00a0\u00bb exploit\u00e9e sous le nom commercial \u00ab FAILLA - ROC\nECLERC \u00bb \nsis \u00e0 PORT-DE-BOUC (13110) dans le domaine fun\u00e9raire (2\npages) Page 95\n3\n13-2025-11-24-00018 - ARR\u00caT\u00c9 du 24 NOVEMBRE 2025\nportant\nhabilitation sous le n\u00b0 25-13-0047 de l'\u00e9tablissement secondaire de la\nsoci\u00e9t\u00e9\n\u00ab FAILLA \u00bb exploit\u00e9 sous le nom commercial \u00ab\u00a0FAILLA\n- ROC ECLERC\u00a0\u00bb \nsis \u00e0 Martigues (13500) dans le domaine\nfun\u00e9raire (2 pages) Page 98\n13-2025-11-24-00019 - ARR\u00caT\u00c9 du 24 NOVEMBRE 2025\nportant\nhabilitation sous le n\u00b0 25-13-0177 de l'\u00e9tablissement secondaire de la\nsoci\u00e9t\u00e9\n\u00ab FAILLA \u00bb exploit\u00e9 sous le nom commercial \u00ab\u00a0FAILLA\n- ROC ECLERC\u00a0\u00bb \nsis \u00e0 Istres (13800) dans le domaine fun\u00e9raire\n(2 pages) Page 101\n13-2025-11-24-00020 - ARR\u00caT\u00c9 du 24 NOVEMBRE 2025\nportant\nhabilitation sous le n\u00b0 25-13-0182 de l'\u00e9tablissement secondaire de la\nsoci\u00e9t\u00e9\n\u00ab FAILLA \u00bb exploit\u00e9 sous le nom commercial \u00ab\u00a0FAILLA\n- ROC ECLERC\u00a0\u00bb \nsis \u00e0 Port-Saint-Louis-du-Rh\u00f4ne (13230) dans le\ndomaine fun\u00e9raire (2 pages) Page 104\n13-2025-11-25-00014 - ARR\u00caT\u00c9 du 25 NOVEMBRE 2025\nportant\nhabilitation sous le n\u00b0 25-13-0083 de l'\u00e9tablissement secondaire de la\nsoci\u00e9t\u00e9 \u00ab\u00a0PRAESENS \u00bb exploit\u00e9 sous le nom commercial \u00ab\nPOMPES FUNEBRES DU PAYS AIXOIS \u00bb \nsis \u00e0 Aix-en-Provence (13100)\ndans le domaine fun\u00e9raire (2 pages) Page 107\n13-2025-11-25-00013 - ARR\u00caT\u00c9 du 25 NOVEMBRE 2025\nportant\nhabilitation sous le n\u00b0 25-13-0579 de l'\u00e9tablissement secondaire de la\nsoci\u00e9t\u00e9 \u00ab\u00a0FUNERAILLES EUROPEENNES \u00bb exploit\u00e9 sous le nom\ncommercial \u00ab AGENCE FUNERAIRE DE ROGNAC \u00bb sis \u00e0 Rognac (13340)\ndans le domaine fun\u00e9raire (2 pages) Page 110\n4\nAssistance Publique - H\u00f4pitaux de Marseille\n13-2025-11-26-00002\nD\u00e9l\u00e9gation 376-2025 signature BARREAU\nAssistance Publique - H\u00f4pitaux de Marseille - 13-2025-11-26-00002 - D\u00e9l\u00e9gation 376-2025 signature BARREAU 5\nHop itaux H\u00f4pitauxUn Dralrires ap: (>) de Provencede Marseille | MIN? SZ Er nan\nD\u00e9l\u00e9gation de signature  \nAssistance Publique-H\u00f4pitaux de Marseille   Page 1 sur 2 \n \n \nDECISION n\u00b0 376/2025 \nPORTANT DELEGATION DE SIGNATURE \n \nLe Directeur G\u00e9n\u00e9ral de l'Assistance Publique-H\u00f4pitaux de Marseille ; \nVU le code de la sant\u00e9 publique, notamment les articles L6143-7 et D6143-33 \u00e0 D6143-35 ; \nVU le code de la commande publique et les textes r\u00e9glementaires s'y rapportant. \nVU la loi n\u00b02009-879 du 21 juillet 2009 portant r\u00e9forme de l'h\u00f4pital et relative aux patients, \u00e0 \nla sant\u00e9 et aux territoires ; \nVu l'ordonnance du 23 mars 2022 relative au r\u00e9gime de responsabilit\u00e9 financi\u00e8re des \ngestionnaires publics ; \nVU le d\u00e9cret n\u00b02005-921 du 2 ao\u00fbt 2005 portant statut particulier des gardes et emplois des \npersonnels de direction des \u00e9tablissements mentionn\u00e9s \u00e0 l'article 2 (1\u00b0, 2\u00b0 et 3\u00b0) de la loi n\u00b086-\n33 du 9 janvier 1986 modifi\u00e9e portant dispositions statutaires relatives \u00e0 la fonction publique \nhospitali\u00e8re ; \nVU le d\u00e9cret n\u00b02009 -1765 du 30 d\u00e9cembre 2009 relatif au directeur et aux membres du \ndirectoire des \u00e9tablissements publics de sant\u00e9 ; \nVU le d\u00e9cret n\u00b02010 -425 du 29 avril 2010 relatif \u00e0 l'organisation financi\u00e8re et \u00e0 \nl'investissement immobilier des \u00e9tablissements de sant\u00e9 ; \nVU le d\u00e9cret n\u00b02012-1246 du 07 novembre 2012 relatif \u00e0 la gestion budg\u00e9taire et comptable \npublique ; \nVU le d\u00e9cret en date du 03 Juin 2021 portant nomination de Monsieur Fran\u00e7ois CREMIEUX \nen tant que Directeur G\u00e9n\u00e9ral de l'Assistance Publique-H\u00f4pitaux de Marseille   \nVU l'arr\u00eat\u00e9 du 25 juillet 2013 fixant les modalit\u00e9s d'accr\u00e9ditation des ordonnateurs plac\u00e9s \naupr\u00e8s des comptables publics assignataires en application de l'article 10 du d\u00e9cret n\u00b02012-\n1246 du 07 novembre 2012 relatif \u00e0 la gestion budg\u00e9taire et comptable publique  ; \n   \n \nDECIDE \n \nARTICLE 1 : D\u00e9l\u00e9gation est donn\u00e9e au Docteur J\u00e9r\u00e9my BARREAU, Pharmacien Praticien \nHospitalier \u00e0 la Pharmacie Nord, \u00e0 l'effet de signer au nom du Directeur G\u00e9n\u00e9ral :  \n \n \n\u27a2 Les bons de commandes de son service li\u00e9s \u00e0 l'ex\u00e9cution des march\u00e9s publics d'un \nmontant inf\u00e9rieur \u00e0 250.000 \u20ac TTC ; \n \n\u27a2 Les pi\u00e8ces comptables justificatives de son service portant sur des d\u00e9penses dont le \nmontant inf\u00e9rieur \u00e0 250.000 \u20ac TTC. \n \nAssistance Publique - H\u00f4pitaux de Marseille - 13-2025-11-26-00002 - D\u00e9l\u00e9gation 376-2025 signature BARREAU 6\nD\u00e9l\u00e9gation de signature  \nAssistance Publique-H\u00f4pitaux de Marseille   Page 2 sur 2 \n \nARTICLE 2 : Cette d\u00e9l\u00e9gation est assortie de l'obligation pour le b\u00e9n\u00e9ficiaire :  \n- de respecter les proc\u00e9dures r\u00e9glementaires et intern es en vigueur et les r\u00e8gles \ngarantissant le respect des principes fondamentaux de la commande publique que \nsont la libert\u00e9 d'acc\u00e8s, la transparence et la bonne utilisation des deniers publics  ; \n- de n'engager les d\u00e9penses que dans la limite des cr\u00e9dits limitatifs autoris\u00e9s ; \n- de rendre compte au Directeur G\u00e9n\u00e9ral des op\u00e9rations effectu\u00e9es. \n \n \nARTICLE 3 : Le titulaire de la d\u00e9l\u00e9gation a la responsabilit\u00e9 des op\u00e9rations qu'il effectue \ndans le cadre de sa d\u00e9l\u00e9gation et est charg\u00e9 d'assurer le contr\u00f4le de l'ensemble des agents \nqui interviennent dans les proc\u00e9dures concern\u00e9es.  \n \n \nARTICLE 4 : La  signature et le paraphe du titulaire de la d\u00e9l\u00e9gation sont annex\u00e9s \u00e0 la \npr\u00e9sente d\u00e9l\u00e9gation. \n \n \nARTICLE 5 : La pr\u00e9sente d\u00e9cision sera transmise au Receveur des Finances Publiques de \nl'AP-HM. Elle est publi\u00e9e au Recueil des Actes Administratifs de la Pr\u00e9fecture des Bouches \ndu Rh\u00f4ne et accessible sur le site internet de l'AP-HM. \n \n \nARTICLE 6 : La pr\u00e9sente d\u00e9l\u00e9gatio n de signature prend effet au jour de sa publication au \nRecueil des Actes Administratifs de la Pr\u00e9fecture des Bouches du Rh\u00f4ne.  \n \n \n \n \n \n \n \n \nMarseille, le 26 novembre 2025 \n \n \n \n \nLE DIRECTEUR GENERAL \n \n \n \nFran\u00e7ois CREMIEUX \nAssistance Publique - H\u00f4pitaux de Marseille - 13-2025-11-26-00002 - D\u00e9l\u00e9gation 376-2025 signature BARREAU 7\nDDETS 13\n13-2025-11-26-00008\nDDETS 13 D\u00e9cision d'affectation mensuelle\nd\u00e9cembre 2025\nDDETS 13 - 13-2025-11-26-00008 - DDETS 13 D\u00e9cision d'affectation mensuelle d\u00e9cembre 2025 8\nEMMINIST\u00c8REDU TRAVAILET DES SOLIDARIT\u00c9SLikert\u00e9Egalit\u00e9Fratermit\u00e9\nDirection r\u00e9gionale de l'\u00e9conomie, de l'emploi, du travail et des solidarit\u00e9s\nProvence-Alpes-C\u00f4te d'Azur\nD\u00e9cision portant affectation des agents de contr\u00f4le dans les unit\u00e9s de contr\u00f4le\net organisation des int\u00e9rims, dans la direction d\u00e9partementale de l'emploi, du \ntravail     et des solidarit\u00e9s des Bouches-du-Rh\u00f4ne.\nLe Directeur r\u00e9gional de l'\u00e9conomie, de l'emploi, du travail et des solidarit\u00e9s de la r\u00e9gion  \nProvence-Alpes-C\u00f4te d'Azur :\nVu le code du travail, notamment ses articles R. 8122-3 et suivants,\nVu le d\u00e9cret n\u00b0 2020-1545 du 9 d\u00e9cembre 2020 relatif \u00e0 l'organisation et aux missions des \ndirections r\u00e9gionales de l'\u00e9conomie, de l'emploi, du travail et des solidarit\u00e9s, des directions  \nd\u00e9partementales de l'emploi, du travail et des solidarit\u00e9s et des directions d\u00e9partementales  \nde l'emploi, du travail, des solidarit\u00e9s et de la protection des populations,\nVu  l'arr\u00eat\u00e9 minist\u00e9riel du 27 novembre 2024 portant r\u00e9partition des unit\u00e9s de contr\u00f4le de  \nl'inspection du travail,\nVu l'arr\u00eat\u00e9 du 5 septembre 2024 portant nomination de Monsieur S\u00e9bastien DEBEAUMONT sur \nl'emploi  de  directeur  r\u00e9gional  de  l'\u00e9conomie,  de  l'emploi,  du  travail  et  des  solidarit\u00e9s  de \nProvence- Alpes-C\u00f4te d'Azur,\nVu la d\u00e9cision n\u00b013-2024-10-22-00007 du 2 2 octobre  2024, publi\u00e9e au Recueil des Actes \nAdministratifs n\u00b013-2024-271 du 25 octobre 2024, du Directeur r\u00e9gional de l'\u00e9conomie, de \nl'emploi, du  travail  et  des solidarit\u00e9s  par int\u00e9rim  de la r\u00e9gion Provence-Alpes-C\u00f4te d'Azur \nrelative \u00e0 la localisation et \u00e0 la d\u00e9limitation des unit\u00e9s de contr\u00f4le et des sections d'inspection  \ndu  travail  dans  la direction d\u00e9partementale de l'emploi, du travail et des solidarit\u00e9s des \nBouches-du-Rh\u00f4ne,\nDECIDE\nArticle 1 :\nSont nomm\u00e9s comme responsables des unit\u00e9s de contr\u00f4le de la direction d\u00e9partementale de \nl'emploi, du travail et des solidarit\u00e9s des Bouches-du-Rh\u00f4ne les agents suivants :\n\uf02d Unit\u00e9 de contr\u00f4le n\u00b0 13-01 \u00ab Rh\u00f4ne Durance\u00a0\u00bb: Madame Elise PLAN\n\uf02d Unit\u00e9 de contr\u00f4le n\u00b0 13-02 \u00ab Pays d'Aix \u00bb : Monsieur R\u00e9mi MAGAUD\n\uf02d Unit\u00e9 de contr\u00f4le n\u00b0 13-03 \u00ab Etoile-Aubagne-Huveaune \u00bb : Monsieur Ghislain BONELLI\n\uf02d Unit\u00e9 de contr\u00f4le n\u00b0 13-04 \u00ab Marseille Centre \u00bb : Madame C\u00e9cile AUTRAND\n\uf02d Unit\u00e9 de contr\u00f4le n\u00b0 13-05 \u00ab Le Port - Euromed \u00bb : Madame Carine MAGRINI\n\uf02d Unit\u00e9 de contr\u00f4le n\u00b0 13-06 \u00ab Etang de Berre \u00bb : Monsieur Vincent JAMBON\nDDETS 13 - 13-2025-11-26-00008 - DDETS 13 D\u00e9cision d'affectation mensuelle d\u00e9cembre 2025 9\nArticle 2 :\nEn cas d'absence ou d'emp\u00eachement d'un ou plusieurs des responsables d'unit\u00e9 de contr\u00f4le  \nd\u00e9sign\u00e9s \u00e0 l'article 1, l'int\u00e9rim est organis\u00e9 selon les modalit\u00e9s ci-apr\u00e8s :\no L'int\u00e9rim du responsable de l'Unit\u00e9 de contr\u00f4le n\u00b0 13-01 est assur\u00e9 par celui de l'unit\u00e9 de \ncontr\u00f4le n\u00b013-02, ou, en cas d'absence ou d'emp\u00eachement de ce dernier, par celui de \nl'unit\u00e9 de contr\u00f4le n\u00b013-04 ou, en cas d'absence ou d'emp\u00eachement de ce dernier, par  \ncelui de l'unit\u00e9  de contr\u00f4le n\u00b013-03, ou, en cas d'absence ou d'emp\u00eachement de ce  \ndernier, par celui de l'unit\u00e9 de contr\u00f4le n\u00b013-06 ou, en cas d'absence ou d'emp\u00eachement \nde ce dernier, par celui de n'unit\u00e9 de contr\u00f4le n\u00b013-05;\no L'int\u00e9rim du responsable de l'Unit\u00e9 de contr\u00f4le n\u00b0 13-02 est assur\u00e9 par celui de l'unit\u00e9 de \ncontr\u00f4le n\u00b013-01 ou, en cas d'absence ou d'emp\u00eachement de ce dernier, par celui de  \nl'unit\u00e9 de contr\u00f4le n\u00b013-06, ou, en cas d'absence ou d'emp\u00eachement de ce dernier, par \ncelui de l'unit\u00e9 de contr\u00f4le n\u00b013-05, ou, en cas d'absence ou d'emp\u00eachement de ce  \ndernier, par celui de l'unit\u00e9 de contr\u00f4le n\u00b013-04 ou, en cas d'absence ou d'emp\u00eachement \nde ce dernier, par celui de n'unit\u00e9 de contr\u00f4le n\u00b013-03;\no L'int\u00e9rim du responsable de l'Unit\u00e9 de contr\u00f4le n\u00b0 13-03 est assur\u00e9 par celui de l'unit\u00e9 de \ncontr\u00f4le n\u00b013-06 ou, en cas d'absence ou d'emp\u00eachement de ce dernier, par celui de  \nl'unit\u00e9 de contr\u00f4le n\u00b013-04 ou, en cas d'absence ou d'emp\u00eachement de ce dernier, par  \ncelui de l'unit\u00e9 de  contr\u00f4le n\u00b013-05, ou, en cas d'absence ou d'emp\u00eachement de ce \ndernier, par celui de l'unit\u00e9 de contr\u00f4le n\u00b013-01 ou, en cas d'absence ou d'emp\u00eachement \nde ce dernier, par celui de n'unit\u00e9 de contr\u00f4le n\u00b013-02;\no L'int\u00e9rim du responsable de l'Unit\u00e9 de contr\u00f4le n\u00b0 13-04 est assur\u00e9 par celui de l'unit\u00e9 de \ncontr\u00f4le n\u00b013-05 ou, en cas d'absence ou d'emp\u00eachement de ce dernier, par celui de  \nl'unit\u00e9 de contr\u00f4le n\u00b013-03, ou, en cas d'absence ou d'emp\u00eachement de ce dernier, par \ncelui de l'unit\u00e9 de contr\u00f4le n\u00b013-06 ou, en cas d'absence ou d'emp\u00eachement de ce  \ndernier, par celui de l'unit\u00e9 de contr\u00f4le n\u00b013-02 ou, en cas d'absence ou d'emp\u00eachement \nde ce dernier, par celui de n'unit\u00e9 de contr\u00f4le n\u00b013-01;\no L'int\u00e9rim du responsable de l'Unit\u00e9 de contr\u00f4le n\u00b0 13-05 est assur\u00e9 par celui de l'unit\u00e9 de \ncontr\u00f4le n\u00b013-03 ou, en cas d'absence ou d'emp\u00eachement de ce dernier, par celui de  \nl'unit\u00e9 de contr\u00f4le n\u00b013-06, ou, en cas d'absence ou d'emp\u00eachement de ce dernier, par \ncelui de l'unit\u00e9 de contr\u00f4le n\u00b013-04 ou, en cas d'absence ou d'emp\u00eachement de ce  \ndernier, par celui de l'unit\u00e9 de contr\u00f4le n\u00b013-01 ou, en cas d'absence ou d'emp\u00eachement \nde ce dernier, par celui de n'unit\u00e9 de contr\u00f4le n\u00b013-02;\no L'int\u00e9rim du responsable de l'Unit\u00e9 de contr\u00f4le n\u00b0 13-06 est assur\u00e9 par celui de l'unit\u00e9 de \ncontr\u00f4le n\u00b013-04 ou, en cas d'absence ou d'emp\u00eachement de ce dernier, par celui de  \nl'unit\u00e9 de contr\u00f4le n\u00b013-05, ou, en cas d'absence ou d'emp\u00eachement de ce dernier, par \ncelui de l'unit\u00e9 de contr\u00f4le n\u00b013-03 ou, en cas d'absence ou d'emp\u00eachement de ce  \ndernier, par celui de l'unit\u00e9 de contr\u00f4le n\u00b013-02 ou, en cas d'absence ou d'emp\u00eachement \nde ce dernier, par celui de l'unit\u00e9 de contr\u00f4le n\u00b013-01.\nDDETS 13 - 13-2025-11-26-00008 - DDETS 13 D\u00e9cision d'affectation mensuelle d\u00e9cembre 2025 10\nArticle 3 :\nSans pr\u00e9judice des dispositions de l'article R.8122-10-1 du code du travail et conform\u00e9ment aux \ndispositions  de  l'article  R.8122-11  du  code  du  travail,  sont  affect\u00e9s  dans  les  sections \nd'inspection de  la Direction d\u00e9partementale de l'emploi,  du  travail  et  des  solidarit\u00e9s  des \nBouches-du-Rh\u00f4ne les agents suivants :\n1  -     Unit\u00e9     de     contr\u00f4le     n\u00b0     13-01     \u00ab         Rh\u00f4ne     Durance     \u00bb  \n1\u00e8re section n\u00b0 13-01-01 : Madame Christelle GARI, Inspectrice du Travail ;\n2\u00e8me section n\u00b0 13-01-02 : Madame Mathilde FAVRE ARTIGUES, Inspectrice du Travail ;;\n3\u00e8me section n\u00b0 13-01-03 : Monsieur Vincent DUSSART, Inspecteur du Travail ;\n4\u00e8me section n\u00b0 13-01-04 : Monsieur J\u00e9r\u00f4me MIGIRDITCHIAN, Inspecteur du Travail ;\n5\u00e8me section n\u00b0 13-01-05 : poste vacant;\n6\u00e8me section n\u00b0 13-01-06 : Madame Marine DAGOIS, Inspectrice du Travail ;\n7\u00e8me section n\u00b0 13-01-07 : Madame Sophie SOLARY, Inspectrice du Travail ;\n8\u00e8me section n\u00b0 13-01-08 :  Madame Nathalie PHILIP , Inspectrice du Travail ;\n9\u00e8me section n\u00b0 13-01-09 : Madame Cam\u00e9lia BRUNEL, Inspectrice du Travail ;\n10\u00e8me section n\u00b0 13-01-10 : Madame Eva SANCHEZ, Inspectrice du Travail ;\n11\u00e8me section n\u00b0 13-01-11 : poste vacant ;\n12\u00e8me section n\u00b0 13-01-12 : Monsieur Didier HOAREAU, Inspecteur du Travail ;\n1  -     Unit\u00e9     de     contr\u00f4le     n\u00b0     13-02     \u00ab         Pays     d'Aix \u00bb  \n1\u00e8re section n\u00b0 13-02-01 : Madame Blandine ACETO, Inspectrice du Travail ;\n2\u00e8me section n\u00b0 13-02-02 : Madame Magali LENTINI, Inspectrice du Travail ;\n3\u00e8me section n\u00b0 13-02-03 : Madame Noura MAZOUNI, Directrice Adjointe du Travail ;\n4\u00e8me section n\u00b0 13-02-04 : Madame Farah MIDOUN, Inspectrice du Travail ;\n5\u00e8me section n\u00b0 13-02-05 : Monsieur Gilles HERNANDEZ, Inspecteur du Travail ;\n6\u00e8me section n\u00b0 13-02-06 : Madame Marie BOIVIN, Inspectrice du Travail ;\n7\u00e8me section n\u00b0 13-02-07 : Madame Myriam SZROJT, Inspectrice du Travail ;\n8\u00e8me section n\u00b0 13-02-08 : Madame C\u00e9lia DROUICHE, Inspectrice du travail ;\n9\u00e8me section n\u00b0 13-02-09 : Madame Delphine REINERT, Inspectrice du Travail ;\n10\u00e8me section n\u00b013-02-10 : Monsieur Herv\u00e9 CICCOLI, Contr\u00f4leur du Travail ;\nConform\u00e9ment  aux  dispositions  de  l'article  R.8122-11  1\u00b0  du  Code  du  travail,  les  pouvoirs  de \nd\u00e9cision administrative, relevant de la comp\u00e9tence exclusive d'un inspecteur du travail, sont  \nconfi\u00e9s pour la 10\u00e8me section n\u00b013-02-10 \u00e0 l'inspecteur du Travail de la 12\u00e8me section n\u00b013-02-12.\nNonobstant cette comp\u00e9tence et en ce qui concerne le pouvoir de d\u00e9cision administrative,  \nrelevant de la comp\u00e9tence exclusive d'un inspecteur du travail, au sein des \u00e9tablissements, de la  \n10\u00e8me section n\u00b013- 02-10, list\u00e9s ci-dessous, aux inspecteurs du travail ci-apr\u00e8s :\nDDETS 13 - 13-2025-11-26-00008 - DDETS 13 D\u00e9cision d'affectation mensuelle d\u00e9cembre 2025 11\n- Madame     Blandine     ACETO,     Inspectrice     du     travail         de     la     1\u00e8re     section     :  \n- ELECTRICITE DE FRANCE (Siret : 55208131791827) sis Les Carr\u00e9s du Golf B\u00e2t. C et D \n1165, avenue JRGG de la Lauzi\u00e8re \u2013 13290 AIX EN PROVENCE\n- GEMF (Siret : 69162050400064) sis 825, Rue Amp\u00e8re ZI des Milles 13290 AIX EN \nPROVENCE\n- CITYWAY (Siret : 43835048000051) sis 85, rue Pierre Duhem 13594 AIX EN PROVENCE  \nCEDEX 3\n- ACPQUALIFE (Siret : 44264262500101) sis 805, avenue JRGG de la Lauzi\u00e8re 13290 AIX EN \nPROVENCE\n- MOONGY (Siret : 48840482300160) sis Immeuble le Toma 805, avenue JRGG de la \nLauzi\u00e8re 13290 AIX EN PROVENCE\n- Madame     Magali     LENTINI,     Inspectrice     du     travail     de     la     2\u00e8me     section         :  \n- ENEDIS (Siret : 44460844213938) sis 445 Rue Amp\u00e8re-ZI des Milles 13290 AIX EN \nPROVENCE\n- THALES SESO SAS (Siret 39906496300024) sis 530, rue Fr\u00e9d\u00e9ric Joliot 13852 AIX EN \nPROVENCE CEDEX 3\n- CFA DU BATIMENT PROVENCE ALPES COTE D'AZUR (Siret : 78285946600024) sis 205, rue \nAlbert Einstein CS 60525 13290 AIX EN PROVENCE\n- PMS \u2013 Provence Maintenance Services (Siret n\u00b0 43389978800072) sis 685, avenue Georges \nClaude 13290 AIX EN PROVENCE\n- Madame     Farah     MIDOUN,     Inspectrice     du     Travail     de     la     4\u00e8me     section         :  \n- HOTEL AQUABELLA (Siret : 42193664200022) sis 2, rue des Etuves 13100 AIX EN \nPROVENCE\n- FESTIVAL INTERNATIONAL D'ART LYRIQUE (Siret : 41183169600017) sis Palais Ancien \nArchev\u00each\u00e9 Place Martyrs de la R\u00e9sistance 13100 AIX EN PROVENCE\n- ENTREPRISE GENERALE LEON GROSSE (Siret : 74542065300974) sis Zone des Milles Parc  des \nAliz\u00e9s Rue Paul Langevin 13290 AIX EN PROVENCE\n- CAPSUM (Siret\u00a0: 50880608000067) sis 610, rue Andr \u00e9 Amp\u00e8re \u2013 Zone Industrielle Les Milles \u2013 \n13100 AIX EN PROVENCE\n- CROSSCALL (Siret : 51870689000069) sis 245, rue Paul Langevin 13290 AIX EN \nPROVENCE\n- Monsieur Gilles HERNANDEZ, inspecteur du travail de la 5\u00e8me section  \u00a0  :  \n- QUINCAILLERIE AIXOISE  (Siret : 38955720800011) sis 55 Rue Amp\u00e8re ZI des Milles- 13290  \nAIX EN PROVENCE\n- QUINCAILLERIE AIXOISE  (Siret : 38955720800029) sis 565 RUE MARCELIN BERTHELOT LE  \nMERCURE A ZI des Milles \u2013 13290 AIX EN PROVENCE\n- QUINCAILLERIE AIXOISE (Siret : 38955720800037) sis 214 rue Albert Einstein - ZI des Milles \u2013 \n13290 AIX EN PROVENCE\nDDETS 13 - 13-2025-11-26-00008 - DDETS 13 D\u00e9cision d'affectation mensuelle d\u00e9cembre 2025 12\n- Madame     Marie     BOIVIN,     Inspectrice     du     Travail     de     la     6\u00e8me     section         :  \n- STILL (Siret : 34893701200139) sis rue Louis Armand ZI des Milles \u2013 13290 AIX EN \nPROVENCE\n- SOBECA (Siret n\u00b070378024700168) sis 745, avenue Georges Claude \u2013 13290 AIX EN \nPROVENCE\n- ALTRAN TECHNOLOGIE (Siret : 70201295600901) sis 1035 avenue JRGG de la Lauzi\u00e8re   \n13290 AIX EN PROVENCE\n- ONET  PROPRETE  ET  FACILITY  SERVICES sis  230  RUE  PIERRE  DUHEM  \nCROSSROAD B ZAC DE LA ROBOLE 13290 AIX EN PROVENCE.\n- Madame     Myriam     SZROJT,     Inspectrice     du     Travail     de     la     7\u00e8me     section     :  \n- ONET SERVICES (Siret n\u00b0 06780042505363) sis 230 RUE PIERRE DUHEM 13290 \nAIX EN PROVENCE\n- Madame     C\u00e9lia     DROUICHE,     Inspectrice     du     Travail         de     la     8\u00e8me     section     :  \n- PETIT CASINO (Siret : 42826802337699) sis Rue Jean Perrin BP 63000 ZI des Milles 13290 \nAIX EN PROVENCE\n- GEMEF (Siret : 55213367000042) sis 120, Rue Bessemer BP 364 ZI des Milles 13290 AIX EN \nPROVENCE.\n- MONOPRIX (Siret : 55208329700101) sis 27 , Cours Mirabeau 13100 AIX EN PROVENCE\n- BERTIN TECHNOLOGIE (Siret : 42251120400022) sis 155,  rue Louis Armand  13791 AIX  EN \nPROVENCE CEDEX 3\n- GIP PACA (Siret n\u00b034261101900080) sis 155, rue Paul Langevin \u2013 Parc des Aliz\u00e9s \u2013 13290 AIX EN \nPROVENCE\n- IDEX ENERGIES  (Siret n\u00b0 31587164001876) sis 1165 rue JRGG de la Lauzi\u00e8re 13290 AIX EN \nPROVENCE\n- Madame Delphine REINERT,     Inspectrice     du     Travail         de     la     9\u00e8me     section     :  \n- VCSP ROUTE FRANCE (Siret n0 40952616700237) sis 140, rue Georges Claude 13290 AIX  \nEN PROVENCE\n- EUROVIA PROVENCE ALPES COTE D'AZUR (Siret n\u00b030719701500063) sis 640, rue Georges \nClaude 13290 AIX EN PROVENCE\n- Monsieur     Claude     TROULLIER,     Inspecteur     du     Travail         de     la     11\u00e8me     section     :  \n- SANTE AU TRAVAIL PROVENCE (Siret : 78268604200030) sis 450, rue Albert Einstein CS \n20360 13799 AIX EN PROVENCE CEDEX 3\nDDETS 13 - 13-2025-11-26-00008 - DDETS 13 D\u00e9cision d'affectation mensuelle d\u00e9cembre 2025 13\n- Madame     Ouarda     ZITOUNI,     Inspectrice     du     travail     de     la     12\u00e8me     section         :  \n- ORTEC ENVIRONNEMENT (Siret : 38967501800508) sis 425, rue Louis Armand 13290 AIX EN \nPROVENCE\n- ORANGINA SCHWEPPES FRANCE (Siret \u00a0: 40490794100052) sis 200, rue Pierre Duhem 13290  \nAix-en-Provence\n11\u00e8me section n\u00b0 13-02-11 : Monsieur Claude TROULLIER, Inspecteur du Travail ;\n12\u00e8me section n\u00b0 13-02-12 : Madame Ouarda ZITOUNI, Inspectrice du travail ;\n2  -     Unit\u00e9     de     contr\u00f4le     n\u00b0     13-03     \u00ab Etoile-Aubagne-Huveaune         \u00bb  \n1\u00e8re section n\u00b0 13-03-01 : Madame Sylvie SAGNE, Inspectrice du Travail ;\n2\u00e8me section n\u00b0 13-03-02 : Monsieur Mohamed Slimani\n3\u00e8me section n\u00b0 13-03-03 : Monsieur Maxence DREUX, inspecteur du travail ;\n4\u00e8me section n\u00b0 13-03-04 : Madame V\u00e9ronique PAULET, Inspectrice du Travail ;\n5\u00e8me section n\u00b0 13-03-05 : Monsieur Ivan FRANCOIS, Inspecteur du Travail ;\n6\u00e8me section n\u00b0 13-03-06 : Madame Aur\u00e9lie DURIVAL, Inspectrice du travail,\n7\u00e8me section n\u00b0 13-03-07 : Madame Isabelle FONTANA, Inspectrice du Travail ;\n8\u00e8me section n\u00b0 13-03-08 : poste vacant\n9\u00e8me section n\u00b0 13-03-09 : Monsieur Emmanuel LOREAU, Inspecteur du Travail ;\n10\u00e8me section n\u00b0 13-03-10 : Poste vacant ;\n3  -     Unit\u00e9     de     contr\u00f4le     n\u00b0     13-04     \u00ab         Marseille     Centre         \u00bb  \n1\u00e8re section n\u00b0 13-04-01 :  poste vacant ;\n2\u00e8me section n\u00b0 13-04-02 : Madame Juliette HERNANDEZ, Inspectrice du Travail ;\n3\u00e8me section n\u00b0 13-04-03 : Madame C\u00e9lia GOURZONES, Inspectrice du Travail ;\n4\u00e8me section n\u00b0 13-04-04 : Madame Gw\u00e9nola ROUSSELY, Inspectrice du Travail;\n5\u00e8me section n\u00b0 13-04-05 : Madame S\u00e9verine BARNOUIN, Inspectrice du Travail ;\nL'\u00e9tablissement Monoprix sis 107 boulevard Notre-Dame 13006 MARSEILLE (SIRET \n55208329702909) est affect\u00e9 \u00e0 la pr\u00e9sente section n\u00b013-04-05 ;\n6\u00e8me section n\u00b0 13-04-06 : Monsieur Rapha\u00ebl LE BIDOIS, Inspecteur du travail \u00e0 l'exception \nde  l'\u00e9tablissement  Monoprix  sis  107  boulevard  Notre-Dame  13006  MARSEILLE  (SIRET \n55208329702909) qui est affect\u00e9 \u00e0 la section n\u00b013-04-05 ;\n7\u00e8me section n\u00b0 13-04-07 : Madame Aude FLORNOY, Directrice Adjointe du Travail ;\n8\u00e8me section n\u00b0 13-04-08 : poste vacant ;\n9\u00e8me section n\u00b0 13-04-09 : Madame V\u00e9ronique GRAS, Directrice Adjointe du Travail ;\n10\u00e8me section n\u00b0 13-04-10 : Monsieur Brahim BENTAYEB, Inspecteur du travail\nDDETS 13 - 13-2025-11-26-00008 - DDETS 13 D\u00e9cision d'affectation mensuelle d\u00e9cembre 2025 14\n4  -     Unit\u00e9     de     contr\u00f4le     n\u00b0     13-05     \u00ab         Le     Port     -     Euromed         \u00bb  \n1\u00e8re section n\u00b0 13-05-01 : Monsieur J\u00e9r\u00f4me LUNEL, Inspecteur du Travail ;\n2\u00e8me section n\u00b0 13-05-02 : Madame Servane LE COUEDIC-PONCET, Inspectrice du Travail ;\n3\u00e8me section n\u00b0 13-05-03 : Madame Fatima FIZAZI, Inspectrice du Travail ;\n4\u00e8me section n\u00b0 13-05-04 : Monsieur Laurent SANIEL, Inspecteur du Travail\u00a0;\n5\u00e8me section n\u00b0 13-05-05 : Monsieur Vincent GIDARO, Inspecteur du travail ;\n6\u00e8me section n\u00b0 13-05-06 : Madame Laure BENOIST, Inspectrice du Travail ;\n7\u00e8me section n\u00b0 13-05-07 : Madame Val\u00e9rie RICHARD, Inspectrice du Travail ;\n8\u00e8me section n\u00b0 13-05-08 : Monsieur Dieudonn\u00e9 NENGBI, Inspecteur du travail ;\n9\u00e8me section n\u00b0 13-05-09 : Monsieur Lucas DEJEUX, Inspecteur du travail ;\n10\u00e8me section n\u00b0 13-05-10 : Madame Marie GUILLEMOT, Directrice Adjointe du Travail ;\n11\u00e8me section n\u00b0 13-05-11 : Madame Delphine BERAUD, Inspectrice du Travail ;\n6     -     Unit\u00e9     de     contr\u00f4le     n\u00b0     13-06     \u00ab         Etang     de     Berre         \u00bb  \n1\u00e8re section n\u00b0 13-06-01 : Madame Salom\u00e9 BOUBECHE, Inspectrice du travail ;\n2\u00e8me section n\u00b0 13-06-02 : Monsieur Herv\u00e9 PIGANEAU, Inspecteur du travail ;\n3\u00e8me section n\u00b0 13-06-03 : Monsieur Julien PIC, Inspecteur du Travail\u00a0;\n4\u00e8me section n\u00b0 13-06-04 : Monsieur Christophe BOUILLET, Inspecteur du Travail ;\n5\u00e8me section n\u00b0 13-06-05 : poste vacant\u00a0;\n6\u00e8me section n\u00b0 13-06-06 : Madame Nathalie OHAN-TCHELEBIAN, Inspectrice du Travail ;\n 7\u00e8me section n\u00b0 13-06-07 : Madame Elisabeth TALMON, Inspectrice du Travail ;\n8\u00e8me section n\u00b0 13-06-08 : Madame Camille SAIAH, Inspectrice du Travail ;\n9\u00e8me section n\u00b0 13-06-09 : Monsieur Tom FILIPPI, Inspecteur du Travail ;\n10\u00e8me section n\u00b0 13-06-10 : Madame Marie-Ange GASS, Inspectrice du Travail ;\n11\u00e8me section n\u00b0 13-06-11 : Monsieur Lo\u00efc CATANIA, Inspecteur du Travail ;\nArticle 4 :\nEn cas d'absence ou d'emp\u00eachement d'un ou plusieurs inspecteurs du travail d\u00e9sign\u00e9s \u00e0 l'article \n2, l'int\u00e9rim est organis\u00e9 selon les modalit\u00e9s ci-apr\u00e8s :\nUnit\u00e9 de contr\u00f4le n\u00b0 13-01 \u00ab Rh\u00f4ne Durance \u00bb :\n\u2022 L'int\u00e9rim de l'inspecteur du travail de la 1\u00e8re section est assur\u00e9 par l'inspecteur du travail de  \nla 2\u00e8me section, ou, en cas d'absence ou d'emp\u00eachement de ce dernier, par l'inspecteur du  \ntravail de la 10\u00e8me section ou, en cas d'absence ou d'emp\u00eachement de ce dernier, par  \nl'inspecteur du travail de la 5\u00e8me section ou, en cas d'absence ou d'emp\u00eachement de ce  \ndernier, par l'inspecteur de la 6\u00e8me section ou, en cas d'absence ou d'emp\u00eachement de ce  \ndernier,  par  l'inspecteur  du  travail  de  la  8\u00e8me  section  ou,  en  cas  d'absence  ou \nd'emp\u00eachement de ce dernier, par l'inspecteur du travail de la 7\u00e8me section ou, en cas  \nDDETS 13 - 13-2025-11-26-00008 - DDETS 13 D\u00e9cision d'affectation mensuelle d\u00e9cembre 2025 15\nd'absence ou d'emp\u00eachement de ce dernier, par l'inspecteur du travail de la 3\u00e8me section  \nou, en cas d'absence ou d'emp\u00eachement de ce dernier, par l'inspecteur du travail de 12\u00e8me  \nsection ou, en cas d'absence ou d'emp\u00eachement de ce dernier, par l'inspecteur du travail de \nla 4\u00e8me section, ou, en cas d'absence ou d'emp\u00eachement de ce dernier, par l'inspecteur du  \ntravail de la 9\u00e8me section, ou en cas d'absence ou d'emp\u00eachement de ce dernier, par  \nl'inspecteur du travail de la 11\u00e8me section ;\n\u2022 L'int\u00e9rim de l'inspecteur du travail de la 2\u00e8me section est assur\u00e9 par l'inspecteur du travail  \nde la 1\u00e8re section ou, en cas d'absence ou d'emp\u00eachement de ce dernier, par l'inspecteur du \ntravail de la 11\u00e8me section ou, en cas d'absence ou d'emp\u00eachement de ce dernier, par  \nl'inspecteur de la 9\u00e8me section ou, en cas d'absence ou d'emp\u00eachement de ce dernier, par  \nl'inspecteur du travail de la 4\u00e8me section ou, en cas d'absence ou d'emp\u00eachement de ce  \ndernier,  par  l'inspecteur  du  travail  de  la  12\u00e8me  section  ou,  en  cas  d'absence  ou \nd'emp\u00eachement de ce dernier, par l'inspecteur du travail de la 3\u00e8me section ou, en cas  \nd'absence ou d'emp\u00eachement de ce dernier, par l'inspecteur du travail de la 7\u00e8me section  \nou, en cas d'absence ou d'emp\u00eachement de ce dernier, par l'inspecteur de la 8\u00e8me section  \nou, en cas d'absence ou d'emp\u00eachement de ce dernier, par l'inspecteur de la 6\u00e8me section,  \nou en cas d'absence ou d'emp\u00eachement de ce dernier, par l'inspecteur de la 5\u00e8me section  \nou, en cas d'absence ou d'emp\u00eachement de ce dernier, par l'inspecteur du travail de la  \n10\u00e8me section ;\n\u2022 L'int\u00e9rim de l'inspecteur du travail de la 3\u00e8me section est assur\u00e9 par l'inspecteur du travail  \nde la 7\u00e8me section ou, en cas d'absence ou d'emp\u00eachement de ce dernier, par l'inspecteur  \ndu travail de la 4\u00e8me section ou, en cas d'absence ou d'emp\u00eachement de ce dernier, par  \nl'inspecteur de la 6\u00e8me section ou, en cas d'absence ou d'emp\u00eachement de ce dernier, par  \nl'inspecteur du travail de la 10\u00e8me section ou, en cas d'absence ou d'emp\u00eachement de ce  \ndernier,  par  l'inspecteur  du  travail  de  la  2\u00e8me  section  ou,  en  cas  d'absence  ou \nd'emp\u00eachement de ce dernier, par l'inspecteur du travail de la 12\u00e8me section ou, en cas  \nd'absence ou d'emp\u00eachement de ce dernier, par l'inspecteur de la 8\u00e8me section ou, en cas  \nd'absence ou d'emp\u00eachement de ce dernier, par l'inspecteur de la 1\u00e8re section ou, en cas  \nd'absence ou d'emp\u00eachement de ce dernier, par l'inspecteur du travail de la 11\u00e8me section,  \nou en cas d'absence ou d'emp\u00eachement de ce dernier, par l'inspecteur du travail de la 9\u00e8me \nsection ou, en cas d'absence ou d'emp\u00eachement de ce dernier, par l'inspecteur du travail de \nla 5\u00e8me section ;\n\u2022 L'int\u00e9rim de l'inspecteur du travail de la 4\u00e8me section est assur\u00e9 par l'inspecteur du travail  \nde la 6\u00e8me section, ou en cas d'absence ou d'emp\u00eachement de ce dernier par l'inspecteur  \nde la 7\u00e8me section ou, en cas d'absence ou d'emp\u00eachement de ce dernier, par l'inspecteur  \ndu  travail de la 8\u00e8me section, ou en cas d'absence ou d'emp\u00eachement  de dernier par  \nl'inspecteur de la 2\u00e8me section ou en cas d'absence ou d'emp\u00eachement de ce dernier par  \nl'inspecteur de 5\u00e8me section , ou, en cas d'absence ou d'emp\u00eachement de ce dernier, par  \nl'inspecteur de la 10\u00e8me section ou, en cas d'absence ou d'emp\u00eachement de ce dernier, par \nl'inspecteur de la 11\u00e8me section ou, en cas d'absence ou d'emp\u00eachement de ce dernier par  \nl'inspecteur de la 9\u00e8me section ou, en cas d'absence ou d'emp\u00eachement de ce dernier, par  \nl'inspecteur du travail de la 1\u00e8re section ou, en cas d'absence ou d'emp\u00eachement de ce  \ndernier par l'inspecteur de la 12\u00e8me section ou, en cas d'absence ou d'emp\u00eachement de ce  \ndernier, par l'inspecteur du travail de la 3\u00e8me section ;\n\u2022 L'int\u00e9rim de l'inspecteur du travail de la 5\u00e8me section est assur\u00e9, par l'inspecteur de la 9\u00e8me \nsection, ou, en cas d'absence ou d'emp\u00eachement de ce dernier, par l'inspecteur de la 1\u00e8re  \nsection ou, en cas d'absence ou d'emp\u00eachement de ce dernier, par l'inspecteur du travail de \nla 7\u00e8me section ou, en cas d'absence ou d'emp\u00eachement de ce dernier, par l'inspecteur du  \ntravail de la 12\u00e8me section ou, en cas d'absence ou d'emp\u00eachement de ce dernier par  \nDDETS 13 - 13-2025-11-26-00008 - DDETS 13 D\u00e9cision d'affectation mensuelle d\u00e9cembre 2025 16\nl'inspecteur de la 10\u00e8me section ou, en cas d'absence ou d'emp\u00eachement de ce dernier, par \nl'inspecteur du travail de la 4\u00e8me section ou, en cas d'absence ou d'emp\u00eachement de ce  \ndernier, par l'inspecteur de la 6\u00e8me section ou, en cas d'absence ou d'emp\u00eachement de ce  \ndernier, par l'inspecteur de la 11\u00e8me section ou, en cas d'absence ou d'emp\u00eachement de ce  \ndernier,  par  l'inspecteur  du  travail  de  la  8\u00e8me  section  ou,  en  cas  d'absence  ou \nd'emp\u00eachement de ce dernier, par l'inspecteur de la 3\u00e8me section ou, en cas d'absence ou  \nd'emp\u00eachement de ce dernier, par l'inspecteur du travail de la 2\u00e8me section ;\n\u2022 L'int\u00e9rim de l'inspecteur du travail de la 6\u00e8me section est assur\u00e9 par l'inspecteur du travail  \nde la 4\u00e8me section, ou, en cas d'absence ou d'emp\u00eachement de ce dernier, par l'inspecteur \ndu travail de la 3\u00e8me section ou, en cas d'absence ou d'emp\u00eachement de ce dernier, par  \nl'inspecteur du travail de la 2\u00e8me section ou, en cas d'absence ou d'emp\u00eachement de ce  \ndernier, par l'inspecteur de la 1\u00e8re section ou, en cas d'absence ou d'emp\u00eachement de ce  \ndernier,  par  l'inspecteur  du  travail  de  la  9\u00e8me  section  ou,  en  cas  d'absence  ou \nd'emp\u00eachement de ce dernier, par l'inspecteur du travail de la 11\u00e8me section ou, en cas  \nd'absence ou d'emp\u00eachement de ce dernier, par l'inspecteur du travail de la 10\u00e8me section \nou, en cas d'absence ou d'emp\u00eachement de ce dernier, par l'inspecteur du travail de 5\u00e8me  \nsection ou, en cas d'absence ou d'emp\u00eachement de ce dernier, par l'inspecteur du travail  \nde  la  12\u00e8me  section,  ou,  en  cas  d'absence  ou  d'emp\u00eachement  de  ce  dernier,  par \nl'inspecteur du travail de la 8\u00e8me section, ou en cas d'absence ou d'emp\u00eachement de ce  \ndernier, par l'inspecteur du travail de la 7\u00e8me section ;\n\u2022 L'int\u00e9rim  de  l'inspecteur  du  travail  de  la  7\u00e8me  section  ou,  en  cas  d'absence  ou \nd'emp\u00eachement de ce dernier, par l'inspecteur de la 3\u00e8me section ou en cas d'absence ou  \nd'emp\u00eachement de ce dernier, par l'inspecteur de la 5\u00e8me section ou, en cas d'absence ou \nd'emp\u00eachement de ce dernier, par l'inspecteur du travail de la 4\u00e8me section ou en cas  \nd'absence ou d'emp\u00eachement de ce dernier par l'inspecteur de la 11\u00e8me section, ou en cas \nd'absence ou d'emp\u00eachement de ce dernier par l'inspecteur de la 1\u00e8re section ou, en cas  \nd'absence ou d'emp\u00eachement de ce dernier, par l'inspecteur du travail de la 8\u00e8me section, \nou en cas d'absence ou d'emp\u00eachement de ce dernier par l'inspecteur de la 12\u00e8me section \nou, en cas d'absence ou d'emp\u00eachement de ce dernier, par l'inspecteur du travail de la  \n2\u00e8me section, ou d'emp\u00eachement de ce dernier, par l'inspecteur du travail de la 10\u00e8me  \nsection, ou, en cas d'absence ou d'emp\u00eachement de ce dernier, par l'inspecteur du travail  \nde la 6\u00e8me section, ou en cas d'absence ou d'emp\u00eachement de ce dernier, par l'inspecteur \ndu travail de la 9\u00e8me section ;\n\u2022 L'int\u00e9rim de l'inspecteur du travail de la 8\u00e8me section est assur\u00e9 par l'inspecteur du travail  \nde la 9\u00e8me section , ou en cas d'emp\u00eachement de ce dernier, par l'inspecteur du travail de \nla 4\u00e8me section, ou en cas d'absence ou d'emp\u00eachement, par l'inspecteur du travail de la \n7\u00e8me section ou, en cas d'absence ou d'emp\u00eachement de ce dernier, par l'inspecteur de \nla 5\u00e8me section ou, en cas d'absence ou d'emp\u00eachement de ce dernier, par l'inspecteur du \ntravail  de  la  1\u00e8re  section  ou,  en  cas  d'absence  ou d'emp\u00eachement  de  ce  dernier,  par \nl'inspecteur du travail de la 2\u00e8me section ou, en cas d'absence ou  d'emp\u00eachement de ce \ndernier,  par  l'inspecteur  du  travail  de  la  3\u00e8me  section  ou,  en  cas  d'absence  ou \nd'emp\u00eachement de ce dernier, par l'inspecteur du travail de la 12\u00e8me section ou, en cas  \nd'absence ou d'emp\u00eachement de ce dernier, par l'inspecteur de la 10\u00e8me section, ou, en \ncas d'absence ou d'emp\u00eachement de ce dernier, par l'inspecteur du travail de la 11\u00e8me  \nsection ou, en cas d'absence ou d'emp\u00eachement de ce dernier, par l'inspecteur de la 6\u00e8me \nsection ;\n\u2022 L'int\u00e9rim de l'inspecteur du travail de la 9\u00e8me section est assur\u00e9 par l'inspecteur du travail  \nde la 5\u00e8me section ou, en cas d'absence ou d'emp\u00eachement de ce dernier, par l'inspecteur \ndu travail de la 2\u00e8me  section ou, en cas d'absence ou d'emp\u00eachement de ce dernier, par \nDDETS 13 - 13-2025-11-26-00008 - DDETS 13 D\u00e9cision d'affectation mensuelle d\u00e9cembre 2025 17\nl'inspecteur de la 3\u00e8me section ou, en cas d'absence ou d'emp\u00eachement de ce dernier par \nl'inspecteur de la 8\u00e8me section, ou, en cas d'absence ou d'emp\u00eachement de ce dernier, par \nl'inspecteur du travail de la 11\u00e8me section ou, en cas  d'absence ou d'emp\u00eachement de ce  \ndernier,  par  l'inspecteur  du  travail  de  6\u00e8me  section  ou,  en  cas  d'absence  ou \nd'emp\u00eachement de ce dernier, par l'inspecteur du travail de la 4\u00e8me section ou, en cas  \nd'absence ou d'emp\u00eachement de ce dernier, par l'inspecteur de la 10\u00e8me section ou, en \ncas d'absence ou d'emp\u00eachement de ce dernier, par l'inspecteur du travail de la 12\u00e8me \nsection ou, en cas d'absence ou d'emp\u00eachement de ce dernier par l'inspecteur de la 7\u00e8me \nsection ou, en cas d'absence ou d'emp\u00eachement de ce dernier, par l'inspecteur du travail \nde la 1\u00e8re section ;\n\u2022 L'int\u00e9rim de l'inspecteur du travail de la 10\u00e8me section est assur\u00e9 par l'inspecteur du travail \nde  la 12 \u00e8me  section  ou,  en  cas  d'absence  ou  d'emp\u00eachement  de  ce  dernier,  par \nl'inspecteur du travail de la  8\u00e8me section ou, en cas d'absence ou d'emp\u00eachement de ce  \ndernier,  par  l'inspecteur  du  travail  de  la 1\u00e8re  section  ou,  en  cas  d'absence  ou \nd'emp\u00eachement de ce dernier, par l'inspecteur du travail de la  3\u00e8me section ou, en cas  \nd'absence ou d'emp\u00eachement de ce dernier, par l'inspecteur du travail de 4\u00e8me section  \nou, en cas d'absence ou d'emp\u00eachement de ce dernier, par l'inspecteur du travail de la  \n5\u00e8me section ou, en cas d'absence ou d'emp\u00eachement de ce dernier, par l'inspecteur de \nla 9\u00e8me section ou, en cas d'absence ou d'emp\u00eachement de ce dernier, par l'inspecteur du \ntravail de la 6\u00e8me section ou en  cas d'absence ou d'emp\u00eachement de ce dernier par  \nl'inspecteur de la 7\u00e8me section ou, en cas d'absence ou d'emp\u00eachement de ce dernier, par \nl'inspecteur de la 2\u00e8me section ou, en cas d'absence ou d'emp\u00eachement de ce dernier, par \nl'inspecteur du travail de la 11\u00e8me section ;\n\u2022 L'int\u00e9rim de l'inspecteur du travail de la 11\u00e8me section est assur\u00e9  par l'inspecteur du travail \nde la 6\u00e8me section, ou, en cas d'absence ou d'emp\u00eachement de ce dernier, par l'inspecteur \ndu travail de la  3\u00e8me section ou, en cas d'absence ou d'emp\u00eachement de ce dernier, par  \nl'inspecteur du travail de la  12\u00e8me section ou, en cas d'absence ou d'emp\u00eachement de ce  \ndernier,  par  l'inspecteur  du  travail  de  la 2 \u00e8me  section  ou,  en  cas  d'absence  ou \nd'emp\u00eachement de ce dernier, par l'inspecteur de la 7\u00e8me section ou, en cas d'absence ou \nd'emp\u00eachement de ce dernier, par l'inspecteur du travail de la 10\u00e8me section ou,  en cas \nd'absence ou d'emp\u00eachement de ce dernier, par l'inspecteur du travail de 4 \u00e8me section \nou, en cas d'absence ou d'emp\u00eachement de ce dernier, par l'inspecteur de la 5\u00e8me section \nou, en cas d'absence ou d'emp\u00eachement de ce dernier, par l'inspecteur du travail de la  \n9\u00e8me section ou en cas  d'absence ou d'emp\u00eachement de ce dernier par l'inspecteur de la  \n1\u00e8re section ou en cas d'absence ou  d'emp\u00eachement de ce dernier par l'inspecteur de la \n8\u00e8me section  ;\n\u2022 L'int\u00e9rim de l'inspecteur du travail de la 12\u00e8me section est assur\u00e9 par l'inspecteur du travail \nde  la  10\u00e8me  section ou, en cas d'absence ou d'emp\u00eachement de ce dernier, par \nl'inspecteur de la 7 \u00e8me section ou, en cas d'absence ou d'emp\u00eachement de ce dernier,  \npar l'inspecteur de la 11\u00e8me section ou, en cas d'absence ou d'emp\u00eachement de ce dernier, \npar l'inspecteur du travail de la 9\u00e8me section ou, en cas  d'absence ou d'emp\u00eachement de \nce  dernier,  par  l'inspecteur  du  travail  de  la  3\u00e8me  section  ou,  en  cas d'absence  ou \nd'emp\u00eachement  de  ce  dernier,  par  l'inspecteur  du  travail  de  2\u00e8me  section  ou  en  cas \nd'absence ou d'emp\u00eachement de ce dernier par l'inspecteur de la 1\u00e8re section, ou, en cas  \nd'absence ou d'emp\u00eachement de ce dernier, par l'inspecteur du travail de la 4\u00e8me section  \nou, en cas d'absence ou d'emp\u00eachement de ce dernier, par l'inspecteur de la 5\u00e8me section \nou, en cas d'absence ou d'emp\u00eachement de ce dernier, par l'inspecteur du travail de la  \n8\u00e8me section ou, en cas d'absence ou  d'emp\u00eachement de ce dernier, par l'inspecteur du \ntravail de la 6\u00e8me section ;\nDDETS 13 - 13-2025-11-26-00008 - DDETS 13 D\u00e9cision d'affectation mensuelle d\u00e9cembre 2025 18\nUnit\u00e9 de contr\u00f4le n\u00b0 13-02 \u00ab Pays d'Aix \u00bb :\n\u2022 L'int\u00e9rim de l'inspecteur du travail de la 1\u00e8re section, incluant les \u00e9tablissements list\u00e9s  \npr\u00e9c\u00e9demment en application de l'article R.8122-11 1\u00b0 du Code du travail, pour lesquels les  \npouvoirs de d\u00e9cision administrative relevant de la comp\u00e9tence exclusive d'un inspecteur  \ndu travail sont confi\u00e9s \u00e0 celui-ci , est assur\u00e9, en cas d'absence ou d'emp\u00eachement, par  \nl'inspecteur  du  travail  de  la  6\u00e8me  section,  en  cas  d'absence  ou  d'emp\u00eachement,  par \nl'inspecteur du travail de la 9\u00e8me section ou, en cas d'absence ou d'emp\u00eachement de ce  \ndernier  par  l'inspecteur  du  travail  de  la  2\u00e8me  section,  ou  en  cas  d'absence  ou \nd'emp\u00eachement de ce dernier par l'inspecteur du travail de la 12\u00e8me section, ou en cas  \nd'absence ou d'emp\u00eachement de ce dernier par l'inspecteur du travail de la 11\u00e8me section  \nou en cas d'absence ou d'emp\u00eachement de ce dernier par l'inspecteur du travail de la  \n4\u00e8me section ou en cas d'absence ou d'emp\u00eachement de ce dernier par l'inspecteur du  \ntravail de la 7\u00e8me section ou en cas d'absence ou d'emp\u00eachement de ce dernier par  \nl'inspecteur du travail de la 8\u00e8me section, en cas d'absence ou d'emp\u00eachement de ce  \ndernier  par  l'inspecteur  du  travail  de  5\u00e8me  section  ou,  en  cas  d'absence  ou  \nd'emp\u00eachement de ce dernier par l'inspecteur du travail de 3\u00e8me section ;\n\u2022 L'int\u00e9rim de l'inspecteur du travail de la 2\u00e8me section, incluant les \u00e9tablissements list\u00e9s  \npr\u00e9c\u00e9demment en application de l'article R.8122-11 1\u00b0 du Code du travail, pour lesquels les  \npouvoirs de d\u00e9cision administrative relevant de la comp\u00e9tence exclusive d'un inspecteur  \ndu travail sont confi\u00e9s \u00e0 celui-ci, est assur\u00e9, en cas d'absence ou d'emp\u00eachement, par  \nl'inspecteur  du  travail  de  la  9\u00e8me  section,  en  cas  d'absence  ou  d'emp\u00eachement,  par \nl'inspecteur du travail de la 6\u00e8me section ou, en cas d'absence ou d'emp\u00eachement de ce  \ndernier  par  l'inspecteur  du  travail  de  la  1\u00e8re  section,  ou  en  cas  d'absence  ou \nd'emp\u00eachement de ce dernier par l'inspecteur du travail de la 4\u00e8me section, ou en cas  \nd'absence ou d'emp\u00eachement de ce dernier par l'inspecteur du travail de la 11\u00e8me section  \nou en cas d'absence ou d'emp\u00eachement de ce dernier par l'inspecteur du travail de la  \n12\u00e8me section ou en cas d'absence ou d'emp\u00eachement de ce dernier par l'inspecteur du  \ntravail de la 3\u00e8me section ou en cas d'absence ou d'emp\u00eachement de ce dernier par  \nl'inspecteur du travail de la 5\u00e8me section, en cas d'absence ou d'emp\u00eachement de ce  \ndernier  par  l'inspecteur  du  travail  de  8\u00e8me  section  ou,  en  cas  d'absence  ou  \nd'emp\u00eachement de ce dernier par l'inspecteur du travail de 7\u00e8me section ;\n\u2022 L'int\u00e9rim de l'inspecteur du travail de la 3\u00e8me section, incluant les \u00e9tablissements list\u00e9s  \npr\u00e9c\u00e9demment en application de l'article R.8122-11 1\u00b0 du Code du travail, pour lesquels les  \npouvoirs de d\u00e9cision administrative relevant de la comp\u00e9tence exclusive d'un inspecteur  \ndu travail sont confi\u00e9s \u00e0 celui-ci,  est assur\u00e9 par l'inspecteur du travail de la 11\u00e8me section  \nou, en cas d'absence ou d'emp\u00eachement de ce dernier par l'inspecteur du travail de la  \n12\u00e8me section ou, en cas d'absence ou d'emp\u00eachement de ce dernier par l'inspecteur du  \ntravail de la 8\u00e8me section ou en cas d'absence ou d'emp\u00eachement de ce dernier par  \nl'inspecteur du travail de la 6\u00e8me section ou en cas d'absence ou d'emp\u00eachement de ce  \ndernier  par  l'inspecteur  du  travail  de  la  5\u00e8me  section  ou  en  cas  d'absence  ou \nd'emp\u00eachement de ce dernier par l'inspecteur du travail de la 9\u00e8me section, ou en cas  \nd'absence ou d'emp\u00eachement de ce dernier par l'inspecteur du travail de la 7\u00e8me section,  \nou en cas d'absence ou d'emp\u00eachement de ce dernier par l'inspecteur du travail de la 1\u00e8re  \nsection, en cas d'absence ou d'emp\u00eachement de ce dernier par l'inspecteur du travail de  \n4\u00e8me section ou, en cas d'absence ou d'emp\u00eachement de ce dernier par l'inspecteur du  \ntravail de 2\u00e8me section ;\n\u2022 L'int\u00e9rim de l'inspecteur du travail de la 4\u00e8me section, incluant les \u00e9tablissements list\u00e9s  \npr\u00e9c\u00e9demment en application de l'article R.8122-11 1\u00b0 du Code du travail, pour lesquels les  \npouvoirs de d\u00e9cision administrative relevant de la comp\u00e9tence exclusive d'un inspecteur  \nDDETS 13 - 13-2025-11-26-00008 - DDETS 13 D\u00e9cision d'affectation mensuelle d\u00e9cembre 2025 19\ndu travail sont confi\u00e9s \u00e0 celui-ci, est assur\u00e9 par l'inspecteur du travail de la 7\u00e8me section ou \nen cas d'absence ou d'emp\u00eachement de ce dernier par l'inspecteur du travail de la 5\u00e8me  \nsection, ou, en cas d'absence ou d'emp\u00eachement de ce dernier par l'inspecteur du travail  \nde  la  11\u00e8me  section,  ou,  en  cas  d'absence  ou  d'emp\u00eachement  de  ce  dernier  par \nl'inspecteur du travail de la 2\u00e8me section, ou en cas d'absence ou d'emp\u00eachement de ce  \ndernier  par  l'inspecteur  du  travail  de  12\u00e8me  section,  ou  en  cas  d'absence  ou  \nd'emp\u00eachement de ce dernier par l'inspecteur du travail de la 1\u00e8re section ou en cas  \nd'absence ou d'emp\u00eachement de ce dernier par l'inspecteur du travail de la 6\u00e8me section  \nou en cas d'absence ou d'emp\u00eachement de ce dernier par l'inspecteur du travail de la  \n3\u00e8me section ou en cas d'absence ou d'emp\u00eachement de ce dernier par l'inspecteur du  \ntravail de la 9\u00e8me section ou, en cas d'absence ou d'emp\u00eachement de ce dernier par  \nl'inspecteur du travail de la 8\u00e8me section ;\n\u2022 L'int\u00e9rim de l'inspecteur du travail de la 5\u00e8me section, incluant les \u00e9tablissements list\u00e9s  \npr\u00e9c\u00e9demment en application de l'article R.8122-11 1\u00b0 du Code du travail, pour lesquels les  \npouvoirs de d\u00e9cision administrative relevant de la comp\u00e9tence exclusive d'un inspecteur  \ndu  travail  sont  confi\u00e9s  \u00e0  celui-ci,  est  assur\u00e9,  pour  ces  d\u00e9cisions,  en  cas  d'absence  ou \nd'emp\u00eachement, par l'inspecteur du travail de la 4\u00e8me section ou en cas d'absence ou  \nd'emp\u00eachement de ce dernier par l'inspecteur du travail de la 7\u00e8me section, ou en cas  \nd'absence ou d'emp\u00eachement de ce dernier par l'inspecteur du travail de 3\u00e8me section,  \nou, en cas d'absence ou d'emp\u00eachement de ce dernier, par l'inspecteur du travail de la  \n6\u00e8me section ou, en cas d'absence ou d'emp\u00eachement de ce dernier par l'inspecteur du  \ntravail de la 8\u00e8me section ou, en cas d'absence ou d'emp\u00eachement de ce dernier par  \nl'inspecteur du travail de la 1\u00e8re section ou en cas d'absence ou d'emp\u00eachement de ce  \ndernier  par  l'inspecteur  du  travail  de  la  9\u00e8me  section  ou  en  cas  d'absence  ou \nd'emp\u00eachement de ce dernier par l'inspecteur du travail de la 12\u00e8me  section ou en cas  \nd'absence ou d'emp\u00eachement de ce dernier par l'inspecteur du travail de la 2\u00e8me section  \nou, en cas d'absence ou d'emp\u00eachement de ce dernier par l'inspecteur du travail de la  \n11\u00e8me section ;\n\u2022 L'int\u00e9rim  de  l'inspecteur  de  la  6\u00e8me  section,  incluant  les  \u00e9tablissements  list\u00e9s  \npr\u00e9c\u00e9demment en application de l'article R.8122-11 1\u00b0 du Code du travail, pour lesquels les  \npouvoirs de d\u00e9cision administrative relevant de la comp\u00e9tence exclusive d'un inspecteur  \ndu travail sont confi\u00e9s \u00e0 celui-ci, est assur\u00e9 par l'inspecteur de la 2\u00e8me section ou, en cas  \nd'absence ou d'emp\u00eachement de ce dernier, par l'inspecteur du travail de la 1\u00e8re section  \nou, en cas d'absence ou d'emp\u00eachement de ce dernier par l'inspecteur du travail de la  \n9\u00e8me section, ou, en cas d'absence ou d'emp\u00eachement de ce dernier par l'inspecteur du  \ntravail de la 5\u00e8me section ou en cas d'absence ou d'emp\u00eachement de ce dernier par  \nl'inspecteur du travail de la 3\u00e8me section, ou en cas d'absence ou d'emp\u00eachement de ce  \ndernier  par  l'inspecteur  du  travail  de  7\u00e8me  section  ou  en  cas  d'absence  ou  \nd'emp\u00eachement de ce dernier par l'inspecteur du travail de la 12\u00e8me section, ou en cas  \nd'absence ou d'emp\u00eachement de ce dernier par l'inspecteur du travail de la 8\u00e8me section  \nou en cas d'absence ou d'emp\u00eachement de ce dernier par l'inspecteur du travail de la  \n11\u00e8me section ou en cas d'absence ou, d'emp\u00eachement de ce dernier par l'inspecteur du  \ntravail de la 4\u00e8me section ;\n\u2022 L'int\u00e9rim de l'inspecteur du travail de la 7\u00e8me section, incluant les \u00e9tablissements list\u00e9s  \npr\u00e9c\u00e9demment en application de l'article R.8122-11 1\u00b0 du Code du travail, pour lesquels les  \npouvoirs de d\u00e9cision administrative relevant de la comp\u00e9tence exclusive d'un inspecteur  \ndu travail sont confi\u00e9s \u00e0 celui-ci, est assur\u00e9 par l'inspecteur du travail de la 4\u00e8me section  \nou, en cas d'absence ou d'emp\u00eachement de ce dernier, par l'inspecteur du travail de la  \n5\u00e8me section ou, en cas d'absence ou d'emp\u00eachement de ce dernier par l'inspecteur du  \nDDETS 13 - 13-2025-11-26-00008 - DDETS 13 D\u00e9cision d'affectation mensuelle d\u00e9cembre 2025 20\ntravail de la 9\u00e8me section ou en cas d'absence ou d'emp\u00eachement de ce dernier par  \nl'inspecteur du travail de la 8\u00e8me section, ou en cas d'absence ou d'emp\u00eachement de ce  \ndernier  par  l'inspecteur  du  travail  de  6\u00e8me  section,  ou  en  cas  d'absence  ou  \nd'emp\u00eachement de ce dernier par l'inspecteur du travail de la 3\u00e8me section ou en cas  \nd'absence ou d'emp\u00eachement de ce dernier par l'inspecteur du travail de la 11\u00e8me section  \nou en cas d'absence ou d'emp\u00eachement de ce dernier par l'inspecteur du travail de la  \n2\u00e8me section ou en cas d'absence ou d'emp\u00eachement de ce dernier par l'inspecteur du  \ntravail de la 12\u00e8me section ou en cas d'absence ou, d'emp\u00eachement de ce dernier par  \nl'inspecteur du travail de la 1\u00e8re section ;\n\u2022 L'int\u00e9rim de l'inspecteur du travail de la 8\u00e8me section, incluant les \u00e9tablissements list\u00e9s  \npr\u00e9c\u00e9demment en application de l'article R.8122-11 1\u00b0 du Code du travail, pour lesquels les  \npouvoirs de d\u00e9cision administrative relevant de la comp\u00e9tence exclusive d'un inspecteur  \ndu travail sont confi\u00e9s \u00e0 celui-ci, est assur\u00e9 par l'inspecteur du travail de la 12\u00e8me section  \nou en cas d'absence ou d'emp\u00eachement de ce dernier par l'inspecteur du travail de la  \n11\u00e8me section, ou, en cas d'absence ou d'emp\u00eachement de ce dernier par l'inspecteur du  \ntravail de la 3\u00e8me section. ou, en cas d'absence ou d'emp\u00eachement de ce dernier par  \nl'inspecteur du travail de la 7\u00e8me section ou en cas d'absence ou d'emp\u00eachement de ce  \ndernier  par  l'inspecteur  du  travail  de  la  9\u00e8me  section  ou  en  cas  d'absence  ou \nd'emp\u00eachement de ce dernier par l'inspecteur du travail de la 5\u00e8me section, ou en cas  \nd'absence ou d'emp\u00eachement de ce dernier par l'inspecteur du travail de 6\u00e8me section, ou \nen cas d'absence ou d'emp\u00eachement de ce dernier par l'inspecteur du travail de 2\u00e8me  \nsection, ou en cas d'absence ou d'emp\u00eachement de ce dernier par l'inspecteur du travail  \nde la 4\u00e8me section, ou en cas d'absence ou, d'emp\u00eachement de ce dernier par l'inspecteur \ndu travail de la 1\u00e8re section ;\n\u2022 L'int\u00e9rim de l'inspecteur du travail de la 9\u00e8me section, incluant les \u00e9tablissements list\u00e9s  \npr\u00e9c\u00e9demment en application de l'article R.8122-11 1\u00b0 du Code du travail, pour lesquels les  \npouvoirs de d\u00e9cision administrative relevant de la comp\u00e9tence exclusive d'un inspecteur  \ndu travail sont confi\u00e9s \u00e0 celui-ci, est assur\u00e9 par l'inspecteur du travail de la 1\u00e8re section ou  \nen cas d'absence ou d'emp\u00eachement de ce dernier par l'inspecteur du travail de la 2\u00e8me  \nsection, ou, en cas d'absence ou d'emp\u00eachement de ce dernier par l'inspecteur du travail  \nde la 6\u00e8me section ou, en cas d'absence ou d'emp\u00eachement de ce dernier par l'inspecteur  \ndu travail de la 8\u00e8me section ou en cas d'absence ou d'emp\u00eachement de ce dernier par  \nl'inspecteur du travail de la 7\u00e8me section ou en cas d'absence ou d'emp\u00eachement de ce  \ndernier  par  l'inspecteur  du  travail  de  la  3\u00e8me  section  ou  en  cas  d'absence  ou \nd'emp\u00eachement de ce dernier par l'inspecteur du travail de la 5\u00e8me section ou en cas  \nd'absence ou d'emp\u00eachement de ce dernier par l'inspecteur du travail de la 4\u00e8me section  \nou en cas d'absence ou d'emp\u00eachement de ce dernier par l'inspecteur du travail de la  \n11\u00e8me section ou en cas d'absence ou, d'emp\u00eachement de ce dernier par l'inspecteur du  \ntravail de la 12\u00e8me section ;\n\u2022 L'int\u00e9rim de l'inspecteur du travail de la 12\u00e8me section, auquel sont confi\u00e9s conform\u00e9ment \naux  dispositions  de  l'article  R.8122-11  1\u00b0  du  Code  du  travail,  les  pouvoirs  de  d\u00e9cision \nadministrative, relevant de la comp\u00e9tence exclusive d'un inspecteur du travail, pour la  \n10\u00e8me section n\u00b013-02-10, \u00e0 l'exclusion des \u00e9tablissements list\u00e9s pr\u00e9c\u00e9demment et pour  \nlesquels les pouvoirs de d\u00e9cision administrative relevant de la comp\u00e9tence exclusive d'un  \ninspecteur du travail sont confi\u00e9s aux inspecteurs des 1\u00e8re, 2\u00e8me,  4\u00e8me, 5\u00e8me, 6\u00e8me,  \n7\u00e8me,  8\u00e8me,  9\u00e8me,  11\u00e8me  et  12\u00e8me  sections,  est  assur\u00e9,  pour  ces  d\u00e9cisions,  en  cas \nd'absence ou d'emp\u00eachement, par l'inspecteur du travail de la 5\u00e8me section ou en cas  \nd'absence ou d'emp\u00eachement de ce dernier par l'inspecteur du travail de la 7\u00e8me section,  \nou en cas d'absence ou d'emp\u00eachement de ce dernier par l'inspecteur du travail de 4\u00e8me  \nDDETS 13 - 13-2025-11-26-00008 - DDETS 13 D\u00e9cision d'affectation mensuelle d\u00e9cembre 2025 21\nsection, ou, en cas d'absence ou d'emp\u00eachement de ce dernier, par l'inspecteur du travail  \nde la 1\u00e8re section ou, en cas d'absence ou d'emp\u00eachement de ce dernier par l'inspecteur  \ndu travail de la 2\u00e8me section ou, en cas d'absence ou d'emp\u00eachement de ce dernier par  \nl'inspecteur du travail de la 11\u00e8me section ou en cas d'absence ou d'emp\u00eachement de ce  \ndernier  par  l'inspecteur  du  travail  de  la  8\u00e8me  section  ou  en  cas  d'absence  ou \nd'emp\u00eachement de ce dernier par l'inspecteur du travail de la 9\u00e8me section ou en cas  \nd'absence ou d'emp\u00eachement de ce dernier par l'inspecteur du travail de la 3\u00e8me section  \nou, en cas d'absence ou d'emp\u00eachement de ce dernier par l'inspecteur du travail de la  \n6\u00e8me section ;\n\u2022 L'int\u00e9rim de l'inspecteur du travail de la 11\u00e8me section, incluant les \u00e9tablissements list\u00e9s  \npr\u00e9c\u00e9demment en application de l'article R.8122-11 1\u00b0 du Code du travail, pour lesquels les  \npouvoirs de d\u00e9cision administrative relevant de la comp\u00e9tence exclusive d'un inspecteur  \ndu travail sont confi\u00e9s \u00e0 celui-ci, est assur\u00e9 par l'inspecteur du travail de la 8\u00e8me section,  \nou en cas d'absence ou d'emp\u00eachement de ce dernier par l'inspecteur du travail de 3\u00e8me  \nsection, ou en cas d'absence ou d'emp\u00eachement de ce dernier, par l'inspecteur du travail  \nde la 12\u00e8me section ou, en cas d'absence ou d'emp\u00eachement de ce dernier par l'inspecteur \ndu travail de la 2\u00e8me section ou en cas d'absence ou d'emp\u00eachement de ce dernier par  \nl'inspecteur du travail de la 4\u00e8me section, ou en cas d'absence ou d'emp\u00eachement de ce  \ndernier  par  l'inspecteur  du  travail  de  la  1\u00e8re  section  ou  en  cas  d'absence  ou  \nd'emp\u00eachement de ce dernier par l'inspecteur du travail de la 5\u00e8me section ou en cas  \nd'absence ou d'emp\u00eachement de ce dernier par l'inspecteur du travail de la 6\u00e8me section  \nou en cas d'absence ou d'emp\u00eachement de ce dernier par l'inspecteur du travail de la  \n7\u00e8me section ou, en cas d'absence ou d'emp\u00eachement de ce dernier par l'inspecteur du  \ntravail de la 9\u00e8me section ;\n\u2022 L'int\u00e9rim de l'inspecteur du travail de la 12\u00e8me section, incluant les \u00e9tablissements list\u00e9s  \npr\u00e9c\u00e9demment en application de l'article R.8122-11 1\u00b0 du Code du travail, pour lesquels les  \npouvoirs de d\u00e9cision administrative relevant de la comp\u00e9tence exclusive d'un inspecteur  \ndu travail sont confi\u00e9s \u00e0 celui-ci, est assur\u00e9 par l'inspecteur du travail de la 3\u00e8me section ou \nen cas d'absence ou d'emp\u00eachement de ce dernier, par l'inspecteur du travail de 8\u00e8me  \nsection, ou en cas d'absence ou d'emp\u00eachement de ce dernier par l'inspecteur du travail  \nde 11\u00e8me section, ou en cas d'absence ou d'emp\u00eachement de ce dernier par l'inspecteur  \ndu travail de la 1\u00e8re section ou, en cas d'absence ou d'emp\u00eachement de ce dernier par  \nl'inspecteur du travail de la 4\u00e8me section ou en cas d'absence ou d'emp\u00eachement de ce  \ndernier  par  l'inspecteur  du  travail  de  la  2\u00e8me  section  ou  en  cas  d'absence  ou \nd'emp\u00eachement de ce dernier par l'inspecteur du travail de la 9\u00e8me section, ou en cas  \nd'absence ou d'emp\u00eachement de ce dernier par l'inspecteur du travail de la 7\u00e8me section  \nou en cas d'absence ou d'emp\u00eachement de ce dernier par l'inspecteur du travail de la  \n6\u00e8me section ou en cas d'absence ou, d'emp\u00eachement de ce dernier par l'inspecteur du  \ntravail de la 5\u00e8me section ;\nUnit\u00e9 de contr\u00f4le n\u00b0 13-03 \u00ab Etoile-Aubagne-Huveaune \u00bb :\n\u2022 L'int\u00e9rim de l'inspecteur de la 1\u00e8re section est assur\u00e9 par l'inspecteur du travail de la  7\u00e8me \nsection ou, en cas d'absence ou d'emp\u00eachement de ce dernier, par l'inspecteur du travail  \nde la 3\u00e8me section ou, en cas d'absence ou d'emp\u00eachement de ce dernier, par l'inspecteur \ndu travail de la  2\u00e8me  section ou, en cas d'absence ou d'emp\u00eachement de ce dernier, par  \nl'inspecteur du travail de la 9\u00e8me section ou, en cas d'absence ou d'emp\u00eachement de ce  \ndernier,  par  l'inspecteur  du  travail  de  la   4\u00e8me   section  ou,  en  cas  d'absence  ou \nd'emp\u00eachement de ce dernier, par l'inspecteur du travail de la  5\u00e8me  section ou, en cas  \nDDETS 13 - 13-2025-11-26-00008 - DDETS 13 D\u00e9cision d'affectation mensuelle d\u00e9cembre 2025 22\nd'absence  ou  d'emp\u00eachement  de  ce  dernier,  par  l'inspecteur  du  travail  de  la  6\u00e8me \nsection  ;\n\u2022 L'int\u00e9rim de l'inspecteur du travail de la 2\u00e8me section est assur\u00e9 par l'inspecteur du travail  \nde la 3\u00e8me section ou, en cas d'absence ou d'emp\u00eachement de ce dernier, par l'inspecteur \ndu travail de la 4\u00e8me section ou, en cas d'absence ou d'emp\u00eachement de ce dernier, par  \nl'inspecteur du travail de la 5\u00e8me section ou, en cas d'absence ou d'emp\u00eachement de ce  \ndernier,  par  l'inspecteur  du  travail  de  la  6\u00e8me  section  ou,  en  cas  d'absence  ou \nd'emp\u00eachement de ce dernier, par l'inspectrice du travail de la 7\u00e8me section ou, en cas  \nd'absence  ou  d'emp\u00eachement  de  ce  dernier,   par  l'inspecteur  du  travail  de  la  9\u00e8me \nsection ;\n\u2022 L'int\u00e9rim de l'inspecteur du travail de la 3\u00e8me section est assur\u00e9 par l'inspecteur du travail  \nde la 4\u00e8me section ou, en cas d'absence ou d'emp\u00eachement de ce dernier, par l'inspecteur \ndu travail de la 5\u00e8me section ou, en cas d'absence ou d'emp\u00eachement de ce dernier, par  \nl'inspecteur du travail de la 6\u00e8me section ou, en cas d'absence ou d'emp\u00eachement de ce  \ndernier,  par  l'inspecteur  du  travail  de  la  7\u00e8me  section  ou,  en  cas  d'absence  ou \nd'emp\u00eachement de ce dernier, par l'inspecteur du travail de la 9\u00e8me  section ou, en cas  \nd'absence ou d'emp\u00eachement de ce dernier, par l'inspecteur du travail de la 2\u00e8me section\u00a0;\n\u2022 L'int\u00e9rim de l'inspecteur du travail de la 4\u00e8me section est assur\u00e9 par l'inspecteur du travail  \nde la 5\u00e8me section ou, en cas d'absence ou d'emp\u00eachement de ce dernier, par l'inspecteur \ndu travail de la 6\u00e8me section ou, en cas d'absence ou d'emp\u00eachement de ce dernier, par  \nl'inspecteur du travail de la 7\u00e8me section ou, en cas d'absence ou d'emp\u00eachement de ce  \ndernier,  par  l'inspecteur  du  travail  de  la  9\u00e8me  section  ou,  en  cas  d'absence  ou \nd'emp\u00eachement de ce dernier, par l'inspecteur du travail de la 2\u00e8me section ou, en cas  \nd'absence ou d'emp\u00eachement de ce dernier, par l'inspecteur du travail de la 3\u00e8me section ;\n\u2022 L'int\u00e9rim de l'inspecteur du travail de la 5\u00e8me section est assur\u00e9 par l'inspecteur du travail  \nde la 4\u00e8me section ou, en cas d'absence ou d'emp\u00eachement de ce dernier, par l'inspecteur \ndu travail de la 6\u00e8me section ou, en cas d'absence ou d'emp\u00eachement de ce dernier, par  \nl'inspecteur du travail de la 7\u00e8me section ou, en cas d'absence ou d'emp\u00eachement de ce  \ndernier,  par  l'inspecteur  du  travail  de  la   9\u00e8me  section  ou,  en  cas  d'absence  ou \nd'emp\u00eachement de ce dernier, par l'inspecteur du travail de la 2\u00e8me section ou, en cas  \nd'absence  ou  d'emp\u00eachement  de  ce  dernier,   par  l'inspecteur  du  travail  de  la  3\u00e8me \nsection\u00a0;\n\u2022 L'int\u00e9rim de l'inspecteur du travail de la 6\u00e8me section est assur\u00e9 par l'inspecteur du travail  \nde la 7\u00e8me section ou, en cas d'absence ou d'emp\u00eachement de ce dernier, par l'inspecteur \ndu travail de la  5\u00e8me section ou, en cas d'absence ou d'emp\u00eachement de ce dernier, par  \nl'inspecteur du travail de la  9\u00e8me section ou, en cas d'absence ou d'emp\u00eachement de ce  \ndernier,  par  l'inspecteur  du  travail  de  la  2\u00e8me  section  ou,  en  cas  d'absence  ou \nd'emp\u00eachement de ce dernier, par l'inspecteur du travail de la 3\u00e8me section ou, en cas  \nd'absence ou d'emp\u00eachement de ce dernier, par l'inspecteur du travail de la 4\u00e8me section ;\n\u2022 L'int\u00e9rim de l'inspecteur du travail de la 7\u00e8me section est assur\u00e9 par l'inspecteur du travail  \nde la de la 6\u00e8me section ou, en cas d'absence ou d'emp\u00eachement de ce dernier, par  \nl'inspecteur du travail de la 5\u00e8me section ou, en cas d'absence ou d'emp\u00eachement de ce  \ndernier,  par  l'inspecteur  du  travail  de  la    9\u00e8me  section  ou,  en  cas  d'absence  ou \nd'emp\u00eachement de ce dernier, par l'inspecteur du travail de la  2\u00e8me section ou, en cas  \nd'absence ou d'emp\u00eachement de ce dernier, par l'inspecteur du travail de la 3\u00e8me section  \nou, en cas d'absence ou d'emp\u00eachement de ce dernier, par l'inspecteur du travail de la  \n4\u00e8me section ;\nDDETS 13 - 13-2025-11-26-00008 - DDETS 13 D\u00e9cision d'affectation mensuelle d\u00e9cembre 2025 23\n\u2022 L'int\u00e9rim de l'inspecteur du travail de la 8\u00e8me section est par l'inspecteur du travail de la  \n9\u00e8me section ou, en cas d'absence ou d'emp\u00eachement de ce dernier, par l'inspecteur du  \ntravail de la    2\u00e8me section ou, en cas d'absence ou d'emp\u00eachement de ce dernier, par  \nl'inspecteur du travail de la  3\u00e8me section ou, en cas d'absence ou d'emp\u00eachement de ce  \ndernier,  par  l'inspecteur  du  travail  de  la    4\u00e8me  section  ou,  en  cas  d'absence  ou \nd'emp\u00eachement de ce dernier, par l'inspecteur du travail de la 5\u00e8me section ou, en cas  \nd'absence ou d'emp\u00eachement de ce dernier, par l'inspecteur du travail de la 6\u00e8me section  \nou, en cas d'absence ou d'emp\u00eachement de ce dernier, par l'inspecteur du travail  de la  \n7\u00e8me section\u00a0;\n\u2022 L'int\u00e9rim de l'inspecteur du travail de la 9\u00e8me section est assur\u00e9 par l'inspecteur du travail  \nde la 5\u00e8me section ou, en cas d'absence ou d'emp\u00eachement de ce dernier par l'inspecteur  \ndu travail de la 6\u00e8me section ou, en cas d'absence ou d'emp\u00eachement de ce dernier, par  \nl'inspecteur du travail de la 7\u00e8me section ou, en cas d'absence ou d'emp\u00eachement de ce  \ndernier,  par  l'inspecteur  du  travail  de  la  2\u00e8me  section  ou,  en  cas  d'absence  ou \nd'emp\u00eachement de ce dernier, par l'inspecteur du travail de la 3\u00e8me section ou, en cas  \nd'absence ou d'emp\u00eachement de ce dernier, par l'inspecteur du travail de la 4\u00e8me section ;\n\u2022 L'int\u00e9rim de l'inspecteur du travail de la 10\u00e8me section est assur\u00e9 par l'inspecteur du travail \nde la 6\u00e8me section ou, en cas d'absence ou d'emp\u00eachement de ce dernier, par l'inspecteur \ndu travail de la 9\u00e8me section ou, en cas d'absence ou d'emp\u00eachement de ce dernier, par  \nl'inspecteur du travail de la 7\u00e8me section ou, en cas d'absence ou d'emp\u00eachement de ce  \ndernier,  par  l'inspecteur  du  travail  de  la  5\u00e8me  section  ou,  en  cas  d'absence  ou \nd'emp\u00eachement de ce dernier, par l'inspecteur du travail de la  2\u00e8me section ou, en cas  \nd'absence ou d'emp\u00eachement de ce dernier, par l'inspecteur du travail de la 3\u00e8me section  \nou, en cas d'absence ou d'emp\u00eachement de ce dernier, par l'inspecteur du travail de la  \n4\u00e8me section ;\nUnit\u00e9 de contr\u00f4le n\u00b0 13-04 \u00ab Marseille Centre \u00bb :\n\u2022 L'int\u00e9rim de l'inspecteur du travail de la 1\u00e8re section, est assur\u00e9, par l'inspecteur du travail  \nde la 2\u00e8me section ou, en cas d'absence ou d'emp\u00eachement de ce dernier, par l'inspecteur \ndu travail de la 7\u00e8me section ou, en cas d'absence ou d'emp\u00eachement de ce dernier par  \nl'inspecteur du travail de la 4\u00e8me section ou, en cas d'absence ou d'emp\u00eachement de ce  \ndernier  par  l'inspecteur  du  travail  de  la  9\u00e8me  section  ou,  en  cas  d'absence  ou \nd'emp\u00eachement de ce dernier, par l'inspecteur du travail de la 10\u00e8me section ou, en cas  \nd'absence ou d'emp\u00eachement de ce dernier, par l'inspecteur du travail de la de la 5\u00e8me  \nsection ou, en cas d'absence ou d'emp\u00eachement de ce dernier par l'inspecteur du travail  \nde la 3\u00e8me section ou, en cas d'absence ou d'emp\u00eachement de ce dernier, par l'inspecteur \ndu travail de la 6\u00e8me section ou, en cas d'absence ou d'emp\u00eachement de ce dernier, par  \nl'inspecteur du travail de la 8\u00e8me section ;\n\u2022 L'int\u00e9rim de l'inspecteur du travail de la 2\u00e8me section, est assur\u00e9, par l'inspecteur du travail \nde la 4\u00e8me section ou, en cas d'absence ou d'emp\u00eachement de ce dernier, par l'inspecteur \ndu travail de la 3\u00e8me section ou, en cas d'absence ou d'emp\u00eachement de ce dernier, par  \nl'inspecteur du travail de la 7\u00e8me section ou, en cas d'absence ou d'emp\u00eachement de ce  \ndernier,  par  l'inspecteur  du  travail  de  la  6\u00e8me  section  ou,  en  cas  d'absence  ou \nd'emp\u00eachement de ce dernier, par l'inspecteur du travail de la 9\u00e8me section ou, en cas  \nd'absence ou d'emp\u00eachement de ce dernier, par l'inspecteur du travail de la 10\u00e8me section \nou, en cas d'absence ou d'emp\u00eachement de ce dernier, par l'inspecteur du travail de la  \n5\u00e8me section ou, en cas d'absence ou d'emp\u00eachement de ce dernier, par l'inspecteur du  \ntravail de la 8\u00e8me section ou, en cas d'absence ou d'emp\u00eachement de ce dernier, par  \nDDETS 13 - 13-2025-11-26-00008 - DDETS 13 D\u00e9cision d'affectation mensuelle d\u00e9cembre 2025 24\nl'inspecteur du travail de la 1\u00e8re section ;\n\u2022 L'int\u00e9rim de l'inspecteur du travail de la 3\u00e8me section, est assur\u00e9 par l'inspecteur du travail  \nde la 6\u00e8me section ou, en cas d'absence ou d'emp\u00eachement de ce dernier, par l'inspecteur \ndu travail de la 4\u00e8me section ou, en cas d'absence ou d'emp\u00eachement de ce dernier, par  \nl'inspecteur du travail de la 5\u00e8me section ou, en cas d'absence ou d'emp\u00eachement de ce  \ndernier,  par  l'inspecteur  du  travail  de  la  7\u00e8me  section  ou,  en  cas  d'absence  ou \nd'emp\u00eachement de ce dernier, par l'inspecteur du travail de la 2\u00e8me section ou, en cas  \nd'absence ou d'emp\u00eachement de ce dernier, par l'inspecteur du travail de la 9\u00e8me section  \nou, en cas d'absence ou d'emp\u00eachement de ce dernier, par l'inspecteur du travail de la  \n10\u00e8me section ou, en cas d'absence ou d'emp\u00eachement de ce dernier, par l'inspecteur du  \ntravail  de  la  1\u00e8re  section  ou,  en  cas  d'absence  ou  d'emp\u00eachement  de  ce  dernier,  par \nl'inspecteur du travail de la 8\u00e8me section ;\n\u2022 L'int\u00e9rim de l'inspecteur du travail de la 4\u00e8me section, est assur\u00e9 par l'inspecteur du travail  \nde  la  par  l'inspecteur  du  travail  de  la  2\u00e8me  section  ou,  en  cas  d'absence  ou \nd'emp\u00eachement de ce dernier, 5\u00e8me section ou en cas d'absence ou d'emp\u00eachement de  \nce  dernier,  par  l'inspecteur  du  travail  de  la  7\u00e8me  section  ou,  en  cas  d'absence  ou \nd'emp\u00eachement de ce dernier, par l'inspecteur du travail de la 6\u00e8me section ou, en cas  \nd'absence ou d'emp\u00eachement de ce dernier, par l'inspecteur du travail de la 9\u00e8me section  \nou, en cas d'absence ou d'emp\u00eachement de ce dernier, par l'inspecteur du travail de la  \n10\u00e8me section ou, en cas d'absence ou d'emp\u00eachement de ce dernier, par l'inspecteur du  \ntravail de la 3\u00e8me section ou, en cas d'absence ou d'emp\u00eachement de ce dernier, par  \nl'inspecteur du travail de la 8\u00e8me section ou, en cas d'absence ou d'emp\u00eachement de ce  \ndernier, par l'inspecteur du travail de la 1\u00e8re section;\n\u2022 L'int\u00e9rim de l'inspecteur du travail de la 5\u00e8me section est assur\u00e9 par l'inspecteur du travail  \nde la 7\u00e8me section ou, en cas d'absence ou d'emp\u00eachement de ce dernier, par l'inspecteur \ndu travail de la 3\u00e8me section ou, en cas d'absence ou d'emp\u00eachement de ce dernier, par  \nl'inspecteur du travail de la 9\u00e8me section ou, en cas d'absence ou d'emp\u00eachement de ce  \ndernier,  par  l'inspecteur  du  travail  de  la  10\u00e8me  section  ou,  en  cas  d'absence  ou \nd'emp\u00eachement de ce dernier, par l'inspecteur du travail de la 6\u00e8me section ou, en cas  \nd'absence ou d'emp\u00eachement de ce dernier, par l'inspecteur du travail de la 2\u00e8me section  \nou, en cas d'absence ou d'emp\u00eachement de ce dernier, par l'inspecteur du travail de la  \n4\u00e8me section ou, en cas d'absence ou d'emp\u00eachement de ce dernier, par l'inspecteur du  \ntravail  de  la  1\u00e8re  section  ou,  en  cas  d'absence  ou  d'emp\u00eachement  de  ce  dernier,  par \nl'inspecteur du travail de la 8\u00e8me section;\n\u2022 L'int\u00e9rim de l'inspecteur du travail de la 6\u00e8me section est assur\u00e9 par l'inspecteur du travail  \nde la 3\u00e8me section ou, en cas d'absence ou d'emp\u00eachement de ce dernier, par l'inspecteur \ndu travail de la 9\u00e8me section ou, en cas d'absence ou d'emp\u00eachement de ce dernier, par  \nl'inspecteur du travail de la 10\u00e8me section ou, en cas d'absence ou d'emp\u00eachement de ce  \ndernier,  par  l'inspecteur  du  travail  de  la  5\u00e8me  section  ou,  en  cas  d'absence  ou \nd'emp\u00eachement de ce dernier, par l'inspecteur du travail de la 4\u00e8me section ou, en cas  \nd'absence ou d'emp\u00eachement de ce dernier, par l'inspecteur du travail de la 7\u00e8me section  \nou, en cas d'absence ou d'emp\u00eachement de ce dernier, par l'inspecteur du travail de la  \n2\u00e8me section ou, en cas d'absence ou d'emp\u00eachement de ce dernier, par l'inspecteur du  \ntravail de la 8\u00e8me section ou, en cas d'absence ou d'emp\u00eachement de ce dernier, par  \nl'inspecteur du travail de la 1\u00e8re section ;\n\u2022 L'int\u00e9rim de l'inspecteur du travail de la 7\u00e8me section, est assur\u00e9 par l'inspecteur du travail  \nde la 5\u00e8me section\u00a0ou, en cas d'absence ou d'emp\u00eachement de ce dernier, par l'inspecteur \nDDETS 13 - 13-2025-11-26-00008 - DDETS 13 D\u00e9cision d'affectation mensuelle d\u00e9cembre 2025 25\ndu travail de la 9\u00e8me section ou, en cas d'absence ou d'emp\u00eachement de ce dernier, par  \nl'inspecteur du travail de la 10\u00e8me section ou, en cas d'absence ou d'emp\u00eachement de ce  \ndernier,  par  l'inspecteur  du  travail  de  la  2\u00e8me  section  ou,  en  cas  d'absence  ou \nd'emp\u00eachement de ce dernier, par l'inspecteur du travail de la 4\u00e8me section ou, en cas  \nd'absence ou d'emp\u00eachement de ce dernier, par l'inspecteur du travail de la 3\u00e8me section  \nou, en cas d'absence ou d'emp\u00eachement de ce dernier, par l'inspecteur du travail de la  \n6\u00e8me section ou, en cas d'absence ou d'emp\u00eachement de ce dernier, par l'inspecteur du  \ntravail  de  la  1\u00e8re  section  ou,  en  cas  d'absence  ou  d'emp\u00eachement  de  ce  dernier,  par \nl'inspecteur du travail de la 8\u00e8me section ;\n\u2022 L'int\u00e9rim de l'inspecteur du travail de la 8\u00e8me section, est assur\u00e9 par l'inspecteur du travail  \nde la 4\u00e8me section ou, en cas d'absence ou d'emp\u00eachement de ce dernier, par l'inspecteur \ndu travail de la 6\u00e8me section ou, en cas d'absence ou d'emp\u00eachement de ce dernier, par  \nl'inspecteur du travail de la 2\u00e8me section ou, en cas d'absence ou d'emp\u00eachement de ce  \ndernier,  par  l'inspecteur  du  travail  de  la  5\u00e8me  section  ou,  en  cas  d'absence  ou \nd'emp\u00eachement de ce dernier, par l'inspecteur du travail de la 3\u00e8me section ou, en cas  \nd'absence ou d'emp\u00eachement de ce dernier, par l'inspecteur du travail de la 7\u00e8me section  \nou, en cas d'absence ou d'emp\u00eachement de ce dernier, par l'inspecteur du travail de la  \n9\u00e8me section ou, en cas d'absence ou d'emp\u00eachement de ce dernier, par l'inspecteur du  \ntravail de la 10\u00e8me section ou, en cas d'absence ou d'emp\u00eachement de ce dernier, par  \nl'inspecteur du travail de la 1\u00e8re section ;\n\u2022 L'int\u00e9rim de l'inspecteur du travail de la 9\u00e8me section, est assur\u00e9 par l'inspecteur du travail  \nde  la  10\u00e8me  section  ou,  en  cas  d'absence  ou  d'emp\u00eachement  de  ce  dernier,  par \nl'inspecteur du travail de la 2\u00e8me section ou, en cas d'absence ou d'emp\u00eachement de ce  \ndernier,  par  l'inspecteur  du  travail  de  la  3\u00e8me  section  ou,  en  cas  d'absence  ou \nd'emp\u00eachement de ce dernier, par l'inspecteur du travail de la 4\u00e8me section ou, en cas  \nd'absence ou d'emp\u00eachement de ce dernier, par l'inspecteur du travail de la 5\u00e8me section  \nou, en cas d'absence ou d'emp\u00eachement de ce dernier, par l'inspecteur du travail de la  \n6\u00e8me section ou, en cas d'absence ou d'emp\u00eachement de ce dernier, par l'inspecteur du  \ntravail de la 7\u00e8me section ou, en cas d'absence ou d'emp\u00eachement de ce dernier, par  \nl'inspecteur du travail de la 1\u00e8re section ou, en cas d'absence ou d'emp\u00eachement de ce  \ndernier, par l'inspecteur du travail de la 8\u00e8me section ;\n\u2022 L'int\u00e9rim de l'inspecteur du travail de la 10\u00e8me section, est assur\u00e9, par l'inspecteur du  \ntravail de la 9\u00e8me section ou, en cas d'absence ou d'emp\u00eachement de ce dernier, par  \nl'inspecteur du travail de la 6\u00e8me section ou, en cas d'absence ou d'emp\u00eachement de ce  \ndernier,  par  l'inspecteur  du  travail  de  la  4\u00e8me  section  ou,  en  cas  d'absence  ou \nd'emp\u00eachement de ce dernier, par l'inspecteur du travail de la 3\u00e8me section ou, en cas  \nd'absence ou d'emp\u00eachement de ce dernier, par l'inspecteur du travail de la 7\u00e8me section  \nou, en cas d'absence ou d'emp\u00eachement de ce dernier, par l'inspecteur du travail de la  \n5\u00e8me section ou, en cas d'absence ou d'emp\u00eachement de ce dernier, par l'inspecteur du  \ntravail de la 2\u00e8me section ou, en cas d'absence ou d'emp\u00eachement de ce dernier, par  \nl'inspecteur du travail de la 8\u00e8me section, ou, en cas d'absence ou d'emp\u00eachement de ce  \ndernier, par l'inspecteur du travail de la 1\u00e8re section ;\nUnit\u00e9 de contr\u00f4le n\u00b0 13-05 \u00ab Le Port - Euromed \u00bb :\n\u2022 L'int\u00e9rim de l'inspecteur du travail de la 1\u00e8re section est assur\u00e9 par l'inspecteur du travail  \nde la 7\u00e8me section ou, en cas d'absence ou d'emp\u00eachement de ce dernier, par l'inspecteur \ndu travail de la 2\u00e8me section ou, en cas d'absence ou d'emp\u00eachement de ce dernier, par  \nl'inspecteur du travail de la 5\u00e8me section ou, en cas d'absence ou d'emp\u00eachement de ce  \nDDETS 13 - 13-2025-11-26-00008 - DDETS 13 D\u00e9cision d'affectation mensuelle d\u00e9cembre 2025 26\ndernier,  par  l'inspecteur  du  travail  de  la  3\u00e8me  section  ou,  en  cas  d'absence  ou \nd'emp\u00eachement de ce dernier, par l'inspecteur du travail de la 6\u00e8me section ou, en cas  \nd'absence ou d'emp\u00eachement de ce dernier, par l'inspecteur du travail de la 8\u00e8me section  \nou, en cas d'absence ou d'emp\u00eachement de ce dernier, par l'inspecteur du travail de la  \n9\u00e8me section ou, en cas d'absence ou d'emp\u00eachement de ce dernier, par l'inspecteur du  \ntravail de la 10\u00e8me section ou, en cas d'absence ou d'emp\u00eachement de ce dernier, par  \nl'inspecteur du travail de la section 11\u00e8me section ou, en cas d'absence ou d'emp\u00eachement \nde ce dernier, par l'inspecteur du travail de la 4\u00e8me section ;\n\u2022 L'int\u00e9rim de l'inspecteur du travail de la 2\u00e8me section est assur\u00e9 par l'inspecteur du travail  \nde  la  de  la  1\u00e8re  section  ou,  en  cas  d'absence  ou  d'emp\u00eachement  de  ce  dernier,  par \nl'inspecteur du travail de la 7\u00e8me section ou, en cas d'absence ou d'emp\u00eachement de ce  \ndernier,  par  l'inspecteur  du  travail  de  la  3\u00e8me  section  ou,  en  cas  d'absence  ou \nd'emp\u00eachement de ce dernier, par l'inspecteur du travail de la 5\u00e8me section ou, en cas  \nd'absence ou d'emp\u00eachement de ce dernier, par l'inspecteur du travail de la 6\u00e8me section  \nou, en cas d'absence ou d'emp\u00eachement de ce dernier, par l'inspecteur du travail de la  \n9\u00e8me section ou, en cas d'absence ou d'emp\u00eachement de ce dernier, par l'inspecteur du  \ntravail de la 8\u00e8me section ou, en cas d'absence ou d'emp\u00eachement de ce dernier, par  \nl'inspecteur du travail de la 11\u00e8me section ou, en cas d'absence ou d'emp\u00eachement de ce  \ndernier,  par  l'inspecteur  du  travail  de  la  10\u00e8me  section  ou,  en  cas  d'absence  ou \nd'emp\u00eachement de ce dernier, par l'inspecteur du travail de la 4\u00e8me section ;\n\u2022 L'int\u00e9rim de l'inspecteur du travail de la 3\u00e8me section est assur\u00e9 par l'inspecteur du travail  \nde la 6\u00e8me section ou, en cas d'absence ou d'emp\u00eachement de ce dernier, par l'inspecteur \ndu travail de la 8\u00e8me section ou, en cas d'absence ou d'emp\u00eachement de ce dernier, par  \nl'inspecteur du travail de la 1\u00e8re section ou, en cas d'absence ou d'emp\u00eachement de ce  \ndernier,  par  l'inspecteur  du  travail  de  la  2\u00e8me  section  ou,  en  cas  d'absence  ou \nd'emp\u00eachement de ce dernier, par l'inspecteur du travail de la 9\u00e8me section ou, en cas  \nd'absence ou d'emp\u00eachement de ce dernier, par l'inspecteur du travail de la 10\u00e8me section \nou, en cas d'absence ou d'emp\u00eachement de ce dernier, par l'inspecteur du travail de la  \n11\u00e8me section ou, en cas d'absence ou d'emp\u00eachement de ce dernier, par l'inspecteur du  \ntravail de la 7\u00e8me section ou, en cas d'absence ou d'emp\u00eachement de ce dernier, par  \nl'inspecteur du travail de la 5\u00e8me section ou, en cas d'absence ou d'emp\u00eachement de ce  \ndernier, par l'inspecteur du travail de la 4\u00e8me section ;\n\u2022 L'int\u00e9rim de l'inspecteur du travail de la 4\u00e8me section est assur\u00e9 par l'inspecteur du travail  \nde la 5\u00e8me section ou, en cas d'absence ou d'emp\u00eachement de ce dernier, par l'inspecteur \ndu travail de la 6\u00e8me section ou, en cas d'absence ou d'emp\u00eachement de ce dernier, par  \nl'inspecteur du travail de la 7\u00e8me section ou, en cas d'absence ou d'emp\u00eachement de ce  \ndernier,  par  l'inspecteur  du  travail  de  la  8\u00e8me  section  ou,  en  cas  d'absence  ou \nd'emp\u00eachement de ce dernier, par l'inspecteur du travail de la 3\u00e8me section ou, en cas  \nd'absence ou d'emp\u00eachement de ce dernier, par l'inspecteur du travail de la 2\u00e8me section  \nou, en cas d'absence ou d'emp\u00eachement de ce dernier, par l'inspecteur du travail de la 1\u00e8re \nsection ou, en cas d'absence ou d'emp\u00eachement de ce dernier, par l'inspecteur du travail  \nde la 9\u00e8me section ou, en cas d'absence ou d'emp\u00eachement de ce dernier, par l'inspecteur \ndu travail de la 11\u00e8me section ou, en cas d'absence ou d'emp\u00eachement de ce dernier, par  \nl'inspecteur du travail de la 10\u00e8me section ;\n\u2022 L'int\u00e9rim de l'inspecteur du travail de la 5\u00e8me section est assur\u00e9 par l'inspecteur du travail  \nde la 3\u00e8me section ou, en cas d'absence ou d'emp\u00eachement de ce dernier, par l'inspecteur \ndu travail de la 7\u00e8me section ou, en cas d'absence ou d'emp\u00eachement de ce dernier, par  \nl'inspecteur du travail de la 8\u00e8me section ou, en cas d'absence ou d'emp\u00eachement de ce  \nDDETS 13 - 13-2025-11-26-00008 - DDETS 13 D\u00e9cision d'affectation mensuelle d\u00e9cembre 2025 27\ndernier,  par  l'inspecteur  du  travail  de  la  6\u00e8me  section  ou,  en  cas  d'absence  ou \nd'emp\u00eachement de ce dernier, par l'inspecteur du travail de la 10\u00e8me section ou, en cas  \nd'absence ou d'emp\u00eachement de ce dernier, par l'inspecteur du travail de la 11\u00e8me section \nou, en cas d'absence ou d'emp\u00eachement de ce dernier, par l'inspecteur du travail de la  \n2\u00e8me section ou, en cas d'absence ou d'emp\u00eachement de ce dernier, par l'inspecteur du  \ntravail de la 9\u00e8me section ou, en cas d'absence ou d'emp\u00eachement de ce dernier, par  \nl'inspecteur du travail de la 1\u00e8re section ou en cas d'absence ou d'emp\u00eachement de ce  \ndernier, par l'inspecteur du travail de la 4\u00e8me section ;\n\u2022 L'int\u00e9rim de l'inspecteur du travail de la 6\u00e8me section est assur\u00e9 par l'inspecteur du travail  \nde  la  10\u00e8me  section  ou  ,  en  cas  d'absence  ou  d'emp\u00eachement  de  ce  dernier,  par \nl'inspecteur du travail de la 11\u00e8me section ou, en cas d'absence ou d'emp\u00eachement de ce  \ndernier,  par  l'inspecteur  du  travail  de  la  9\u00e8me  section  ou,  en  cas  d'absence  ou \nd'emp\u00eachement de ce dernier par l'inspecteur du travail de la 7\u00e8me section ou, en cas  \nd'absence ou d'emp\u00eachement de ce dernier, par l'inspecteur du travail de la 8\u00e8me section  \nou, en cas d'absence ou d'emp\u00eachement de ce dernier, par l'inspecteur du travail de la 1\u00e8re \nsection ou, en cas d'absence ou d'emp\u00eachement de ce dernier, par l'inspecteur du travail  \nde la 3\u00e8me section ou, en cas d'absence ou d'emp\u00eachement de ce dernier, par l'inspecteur \ndu travail de la 2\u00e8me section ou, en cas d'absence ou d'emp\u00eachement de ce dernier, par  \nl'inspecteur du travail de la 5\u00e8me section, ou , en cas d'absence ou d'emp\u00eachement de ce  \ndernier, par l'inspecteur du travail de la 4\u00e8me section ;\n\u2022 L'int\u00e9rim de l'inspecteur du travail de la 7\u00e8me section est assur\u00e9 par l'inspecteur du travail  \nde la 8\u00e8me section ou, en cas d'absence ou d'emp\u00eachement de ce dernier, par l'inspecteur \ndu travail de la 10\u00e8me section ou, en cas d'absence ou d'emp\u00eachement de ce dernier, par  \nl'inspecteur du travail de la 11\u00e8me section ou, en cas d'absence ou d'emp\u00eachement de ce  \ndernier,  par  l'inspecteur  du  travail  de  la  3\u00e8me  section  ou,  en  cas  d'absence  ou \nd'emp\u00eachement de ce dernier, par l'inspecteur du travail de la 2\u00e8me section ou, en cas  \nd'absence ou d'emp\u00eachement de ce dernier, par l'inspecteur du travail de la 5\u00e8me section  \nou, en cas d'absence ou d'emp\u00eachement de ce dernier, par l'inspecteur du travail de la  \n6\u00e8me section ou, en cas d'absence ou d'emp\u00eachement de ce dernier, par l'inspecteur du  \ntravail  de  la  1\u00e8re\n section  ou,  en  cas  d'absence  ou  d'emp\u00eachement  de  ce  dernier,  par \nl'inspecteur du travail de la 9\u00e8me section ou, en cas d'absence ou d'emp\u00eachement de ce  \ndernier, par l'inspecteur du travail de la 4\u00e8me section ;\n\u2022 L'int\u00e9rim de l'inspecteur du travail de la 8\u00e8me section est assur\u00e9 par l'inspecteur du travail  \nde la 7\u00e8me section ou, en cas d'absence ou d'emp\u00eachement de ce dernier, par l'inspecteur \ndu travail de la 3\u00e8me section ou, en cas d'absence ou d'emp\u00eachement de ce dernier, par  \nl'inspecteur du travail de la 2\u00e8me section ou, en cas d'absence ou d'emp\u00eachement de ce  \ndernier,  par  l'inspecteur  du  travail  de  la  10\u00e8me  section  ou,  en  cas  d'absence  ou \nd'emp\u00eachement de ce dernier, par l'inspecteur du travail de la 11\u00e8me section ou, en cas  \nd'absence ou d'emp\u00eachement de ce dernier, par l'inspecteur du travail de la 1\u00e8re section  \nou, en cas d'absence ou d'emp\u00eachement de ce dernier, par l'inspecteur du travail de la  \n5\u00e8me section ou, en cas d'absence ou d'emp\u00eachement de ce dernier, par l'inspecteur du  \ntravail de la 9\u00e8me section ou, en cas d'absence ou d'emp\u00eachement de ce dernier, par  \nl'inspecteur du travail de la 6\u00e8me section, ou, en cas d'absence ou d'emp\u00eachement de ce  \ndernier, par l'inspecteur du travail de la 4\u00e8me section ;\n\u2022 L'int\u00e9rim de l'inspecteur du travail de la 9\u00e8me section est assur\u00e9 par l'inspecteur du travail  \nde la 2\u00e8me section ou, en cas d'absence ou d'emp\u00eachement de ce dernier, par l'inspecteur \ndu travail de la 6\u00e8me section ou, en cas d'absence ou d'emp\u00eachement de ce dernier, par  \nl'inspecteur du travail de la 7\u00e8me section ou en cas d'absence ou d'emp\u00eachement de ce  \nDDETS 13 - 13-2025-11-26-00008 - DDETS 13 D\u00e9cision d'affectation mensuelle d\u00e9cembre 2025 28\ndernier,  par  l'inspecteur  du  travail  de  la  1\u00e8re  section  ou,  en  cas  d'absence  ou \nd'emp\u00eachement de ce dernier, par l'inspecteur du travail de la 3\u00e8me section ou, en cas  \nd'absence ou d'emp\u00eachement de ce dernier, par l'inspecteur du travail de la 8\u00e8me section  \nou, en cas d'absence ou d'emp\u00eachement de ce dernier, par l'inspecteur du travail de la  \n10\u00e8me section ou, en cas d'absence ou d'emp\u00eachement de ce dernier, par l'inspecteur du  \ntravail de la 11\u00e8me section ou, en cas d'absence ou d'emp\u00eachement de ce dernier , par  \nl'inspecteur du travail de la 5\u00e8me section ou, en cas d'absence ou d'emp\u00eachement de ce  \ndernier, par l'inspecteur du travail de la 4\u00e8me section ;\n\u2022 L'int\u00e9rim de l'inspecteur du travail de la 10\u00e8me section est assur\u00e9, par l'inspecteur du  \ntravail de la 11\u00e8me section ou, en cas d'absence ou d'emp\u00eachement de ce dernier, par  \nl'inspecteur du travail de la 1\u00e8re section ou, en cas d'absence ou d'emp\u00eachement de ce  \ndernier,  par  l'inspecteur  du  travail  de  la  6\u00e8me  section  ou,  en  cas  d'absence  ou \nd'emp\u00eachement de ce dernier, par l'inspecteur du travail de la 2\u00e8me section ou, en cas  \nd'absence ou d'emp\u00eachement de ce dernier, par l'inspecteur du travail de la 9\u00e8me section  \nou, en cas d'absence ou d'emp\u00eachement de ce dernier, par l'inspecteur du travail de la  \n7\u00e8me section ou, en cas d'absence ou d'emp\u00eachement de ce dernier, par l'inspecteur du  \ntravail de la 3\u00e8me section ou, en cas d'absence ou d'emp\u00eachement de ce dernier, par  \nl'inspecteur du travail de la 5\u00e8me section ou, en cas d'absence ou d'emp\u00eachement de ce  \ndernier,  par  l'inspecteur  du  travail  de  la  8\u00e8me  section  ou,  en  cas  d'absence  ou \nd'emp\u00eachement de ce dernier, par l'inspecteur du travail de la 4\u00e8me section ;\n\u2022 L'int\u00e9rim de l'inspecteur du travail de la 11\u00e8me section est assur\u00e9 par l'inspecteur du travail  \nde  la  10\u00e8me  section  ou,  en  cas  d'absence  ou  d'emp\u00eachement  de  ce  dernier,  par \nl'inspecteur du travail de la 1\u00e8re section ou, en cas d'absence ou d'emp\u00eachement de ce  \ndernier,  par  l'inspecteur  du  travail  de  la  2\u00e8me  section  ou,  en  cas  d'absence  ou \nd'emp\u00eachement de ce dernier, par l'inspecteur du travail de la 3\u00e8me section ou, en cas  \nd'absence ou d'emp\u00eachement de ce dernier, par l'inspecteur du travail de la 5\u00e8me section  \nou, en cas d'absence ou d'emp\u00eachement de ce dernier, par l'inspecteur du travail de la  \n6\u00e8me section ou, en cas d'absence ou d'emp\u00eachement de ce dernier, par l'inspecteur du  \ntravail de la 7\u00e8me section ou, en cas d'absence ou d'emp\u00eachement de ce dernier, par  \nl'inspecteur du travail de la 8\u00e8me section ou, en cas d'absence ou d'emp\u00eachement de ce  \ndernier,  par  l'inspecteur  du  travail  de  la  9\u00e8me  section  ou,  en  cas  d'absence  ou \nd'emp\u00eachement de ce dernier, par l'inspecteur du travail de la 4\u00e8me section.\nUnit\u00e9 de contr\u00f4le n\u00b0 13-06 \u00ab Etang de Berre \u00bb :\n\uf0b7 L'int\u00e9rim de l'inspecteur du travail de la 1\u00e8re section est assur\u00e9 par l'inspecteur de la 10\u00e8me  \nsection ou, en cas d'absence ou d'emp\u00eachement de ce dernier, par l'inspecteur du travail de \nla 3\u00e8me section ou, en cas d'absence ou d'emp\u00eachement de ce dernier, par l'inspecteur du  \ntravail  de la 5\u00e8me section ou,  en cas d'absence ou d'emp\u00eachement  de ce dernier, par  \nl'inspecteur du travail de la 11\u00e8me section ou, en cas d'absence ou d'emp\u00eachement de ce  \ndernier, par l'inspecteur de la 4\u00e8me section ou, en cas d'emp\u00eachement de ce dernier, par  \nl'inspecteur du travail de la 2\u00e8me section ou, en cas d'absence ou d'emp\u00eachement de ce  \ndernier,  par  l'inspecteur  du  travail  de  la  6\u00e8me  section  ou  en  cas  d'absence  ou \nd'emp\u00eachement de ce dernier par l'inspecteur du travail de la 7\u00e8me section, ou en cas  \nd'absence ou d'emp\u00eachement de ce dernier, par l'inspecteur du travail de la 8\u00e8me section  \nou, en cas d'absence ou d'emp\u00eachement de ce dernier, par l'inspecteur du travail de la  \n9\u00e8me section ;\nDDETS 13 - 13-2025-11-26-00008 - DDETS 13 D\u00e9cision d'affectation mensuelle d\u00e9cembre 2025 29\n\uf0b7 L'int\u00e9rim de l'inspecteur du travail de la 2\u00e8me section est assur\u00e9 par l'inspecteur du travail  \nde la 3\u00e8me section ou, en cas d'absence ou d'emp\u00eachement de ce dernier, par l'inspecteur  \nde la 1\u00e8re section ou,  en cas d'absence ou d'emp\u00eachement de ce dernier par l'inspecteur  \ndu travail de la 4\u00e8me section ou, en cas d'absence ou d'emp\u00eachement de ce dernier, par  \nl'inspecteur du travail de la 5\u00e8me section ou, en cas d'absence ou d'emp\u00eachement de ce  \ndernier  par  l'inspecteur  du  travail  de  la  10\u00e8me  section  ou,  en  cas  d'absence  ou \nd'emp\u00eachement de ce dernier, par l'inspecteur du travail de la 6\u00e8me section, ou, en cas  \nd'absence ou d'emp\u00eachement de ce dernier, par l'inspecteur du travail de la 7\u00e8me section  \nou en cas d'absence ou d'emp\u00eachement de ce dernier, par l'inspecteur du travail de la 8\u00e8me \nsection ou, en cas d'absence ou d'emp\u00eachement de ce dernier, par l'inspecteur du travail de \nla 9\u00e8me section ou, en cas d'absence ou d'emp\u00eachement de ce dernier, par l'inspecteur du  \ntravail de la 11\u00e8me section ;\n\uf0b7 L'int\u00e9rim de l'inspecteur du travail de la 3\u00e8me section est assur\u00e9 par l'inspecteur du travail  \nde la  1\u00e8re section ou, en cas d'absence ou d'emp\u00eachement de ce dernier, par l'inspecteur  \ndu travail de la 2\u00e8me section, ou en cas d'absence ou d'emp\u00eachement de ce dernier par  \nl'inspecteur du travail de la 6\u00e8me section ou en cas d'absence ou d'emp\u00eachement de ce  \ndernier  par  l'inspecteur  du  travail  de  la  4\u00e8me  section  ou  en  cas  d'absence  ou  \nd'emp\u00eachement de ce dernier par l'inspecteur du travail de la 5\u00e8me section ou en cas  \nd'absence ou d'emp\u00eachement de ce dernier, par l'inspecteur de la 7\u00e8me section ou, en cas  \nd'absence ou d'emp\u00eachement de ce dernier, par l'inspecteur de la 8\u00e8me section ou, en cas  \nd'absence ou d'emp\u00eachement de ce dernier,  par l'inspecteur du travail de la 9\u00e8me section  \nou, en cas d'absence ou d'emp\u00eachement de ce dernier par l'inspecteur du travail de la  \n11\u00e8me section ou, en cas d'absence ou d'emp\u00eachement de ce dernier, par l'inspecteur du  \ntravail de la 10\u00e8me section ;\n\uf0b7 L'int\u00e9rim de l'inspecteur du travail de la 4\u00e8me section est assur\u00e9 par l'inspecteur du travail  \nde la 5\u00e8me section ou, en cas d'absence ou d'emp\u00eachement de ce dernier, par l'inspecteur  \ndu travail de la 6\u00e8me section ou, en cas d'absence ou d'emp\u00eachement de ce dernier, par  \nl'inspecteur de la 3\u00e8me section ou, en cas d'absence ou d'emp\u00eachement de ce dernier , par  \nl'inspecteur du travail de la 2\u00e8me section ou en cas d'absence ou d'emp\u00eachement de ce  \ndernier par l'inspecteur de la 7\u00e8me section ou, en cas d'absence ou d'emp\u00eachement de ce  \ndernier,  par  l'inspecteur  du  travail  de  la  8\u00e8me  section  ou,  en  cas  d'absence  ou \nd'emp\u00eachement de ce dernier par l'inspecteur du travail de la 9\u00e8me section ou, en cas  \nd'absence ou d'emp\u00eachement de ce dernier par l'inspecteur du travail de la 11\u00e8me section  \nou en cas d'absence ou d'emp\u00eachement de ce dernier, par l'inspecteur du travail de la  \n10\u00e8me section ou, en cas d'absence ou d'emp\u00eachement de ce dernier, par l'inspecteur du  \ntravail de la 1\u00e8re section;\n\uf0b7 L'int\u00e9rim de l'inspecteur du travail de la 5\u00e8me section est assur\u00e9 par l'inspecteur du travail  \nde la 6\u00e8me section ou, en cas d'absence ou d'emp\u00eachement de ce dernier par l'inspecteur  \ndu travail de la 4\u00e8me section ou, en cas d'absence ou d'emp\u00eachement de ce dernier, par  \nl'inspecteur du travail de la 7\u00e8me section ou, en cas d'absence ou d'emp\u00eachement de ce  \ndernier,  par  l'inspecteur  du  travail  de  la  3\u00e8me  section  ou,  en  cas  d'absence  ou \nd'emp\u00eachement de ce dernier, par l'inspecteur du travail de la 8\u00e8me section ou, en cas  \nd'absence ou d'emp\u00eachement de ce dernier, par l'inspecteur du travail de la 9\u00e8me section  \nou, en cas d'absence ou d'emp\u00eachement de ce dernier, par l'inspecteur du travail de la  \n11\u00e8me section ou, en cas d'absence ou d'emp\u00eachement de ce dernier, par l'inspecteur du  \ntravail de la 10\u00e8me section ou, en cas d'absence ou d'emp\u00eachement de ce dernier, par  \nl'inspecteur du travail de la 1\u00e8re section ou en cas d'absence ou d'emp\u00eachement de ce  \ndernier, par l'inspecteur du travail de la 2\u00e8me section;\nDDETS 13 - 13-2025-11-26-00008 - DDETS 13 D\u00e9cision d'affectation mensuelle d\u00e9cembre 2025 30\n\uf0b7 L'int\u00e9rim de l'inspecteur du travail de la 6\u00e8me section est assur\u00e9 par l'inspecteur du travail  \nde la 4\u00e8me section ou, en cas d'absence ou d'emp\u00eachement de ce dernier, par l'inspecteur  \ndu travail de la 5\u00e8me section ou, en cas d'absence ou d'emp\u00eachement de ce dernier, par  \nl'inspecteur du travail de la 8\u00e8me section ou, en cas d'absence ou d'emp\u00eachement de ce  \ndernier,  par  l'inspecteur  du  travail  de  la  7\u00e8me  section  ou  en  cas  d'absence  ou \nd'emp\u00eachement de ce dernier par l'inspecteur du travail de la 9\u00e8me section ou, en cas  \nd'absence ou d'emp\u00eachement de ce dernier, par l'inspecteur du travail de la 11\u00e8me section  \nou, en cas d'absence ou d'emp\u00eachement de ce dernier par l'inspecteur du travail de la  \n10\u00e8me section ou, en cas d'absence ou d'emp\u00eachement de ce dernier, par l'inspecteur du  \ntravail  de  la  1\u00e8re  section  ou,  en  cas  d'absence  ou  d'emp\u00eachement  de  ce  dernier,  par \nl'inspecteur du travail de la 2\u00e8me section ou, en cas d'absence ou d'emp\u00eachement de ce  \ndernier, par l'inspecteur du travail de la 3\u00e8me section ;\n\uf0b7 L'int\u00e9rim  de l'inspecteur du travail de la 7\u00e8me section est assur\u00e9, en cas d'absence ou  \nd'emp\u00eachement  de  ce  dernier,  par  l'inspecteur  du  travail  de  la  8\u00e8me  section,  en  cas \nd'absence ou d'emp\u00eachement de ce dernier, par l'inspecteur du travail de la 10\u00e8me section  \nou en cas d'absence ou d'emp\u00eachement de ce dernier, par l'inspecteur du travail de la 9\u00e8me \nsection ou en cas d'absence ou d'emp\u00eachement de ce dernier, par l'inspecteur du travail de \nla 6\u00e8me section ou, en cas d'absence ou d'emp\u00eachement de ce dernier, par l'inspecteur du  \ntravail de la 11\u00e8me section ou, en cas d'absence ou d'emp\u00eachement de ce dernier par  \nl'inspecteur du travail de la 5\u00e8me section ou, en cas d'absence ou d'emp\u00eachement de ce  \ndernier par l'inspecteur du travail de la 1\u00e8re section ou en cas d'absence ou d'emp\u00eachement \nde  ce  dernier,  par  l'inspecteur  du  travail  de  la  2\u00e8me  section  ou  en  cas  d'absence  ou \nd'emp\u00eachement de ce dernier, par l'inspecteur du travail de la 3\u00e8me section ou, en cas  \nd'absence ou d'emp\u00eachement de ce dernier,  par l'inspecteur du travail de la 4\u00e8me section ;\n\uf0b7 L'int\u00e9rim de l'inspecteur du travail de la 8\u00e8me section est assur\u00e9 par l'inspecteur du travail  \nde la 9\u00e8me section ou, en d'absence ou d'emp\u00eachement de ce dernier, par l'inspecteur du  \ntravail  de la 7\u00e8me section ou,  en cas d'absence ou d'emp\u00eachement  de ce dernier, par  \nl'inspecteur du travail de la 11\u00e8me section ou, en cas d'absence ou d'emp\u00eachement de ce  \ndernier,  par  l'inspecteur  du  travail  de  la  10\u00e8me  section,  ou,  en  cas  d'absence  ou \nd'emp\u00eachement de ce dernier par l'inspecteur du travail de la 6\u00e8me section, ou, en cas  \nd'absence ou d'emp\u00eachement de ce dernier, par l'inspecteur du travail de la 1\u00e8re section ou, \nen cas d'absence ou d'emp\u00eachement de ce dernier, par l'inspecteur du travail de la 2\u00e8me  \nsection ou, en cas d'absence ou d'emp\u00eachement de ce dernier, par l'inspecteur du travail de \nla 3\u00e8me section ou en cas d'absence ou d'emp\u00eachement de ce dernier, par l'inspecteur du  \ntravail de la 4\u00e8me section ou, en cas d'emp\u00eachement de ce dernier par l'inspecteur du  \ntravail de le 5\u00e8me section ;\n\uf0b7 L'int\u00e9rim de l'inspecteur du travail de la 9\u00e8me section est assur\u00e9 par l'inspecteur du travail  \nde la  7\u00e8me section, ou, en cas d'absence ou d'emp\u00eachement de ce dernier, par l'inspecteur \ndu travail de la 11\u00e8me section ou, en cas d'absence ou d'emp\u00eachement de ce dernier, par  \nl'inspecteur du travail de la 2\u00e8me section ou, en cas d'absence ou d'emp\u00eachement de ce  \ndernier,  par  l'inspecteur  du  travail  de  la  8\u00e8me  section  ou,  en  cas  d'absence  ou \nd'emp\u00eachement,  par l'inspecteur  du  travail  de la 1\u00e8re section ou,  en cas  d'absence ou \nd'emp\u00eachement de ce dernier par l'inspecteur du travail de la 10\u00e8me section ou, en cas  \nd'absence ou d'emp\u00eachement de ce dernier par l'inspecteur du travail de la 3\u00e8me section  \nou, en cas d'absence ou d'emp\u00eachement de ce dernier par l'inspecteur du travail de la 4\u00e8me \nsection ou, en cas d'absence ou d'emp\u00eachement de ce dernier, par l'inspecteur du travail de \nla 5\u00e8re section, ou, en cas d'absence ou d'emp\u00eachement de ce dernier, par l'inspecteur du  \ntravail de la 6\u00e8me section ;\nDDETS 13 - 13-2025-11-26-00008 - DDETS 13 D\u00e9cision d'affectation mensuelle d\u00e9cembre 2025 31\n\uf0b7 L'int\u00e9rim de l'inspecteur du travail de la 10\u00e8me section est assur\u00e9 par l'inspecteur du travail  \nde la 11\u00e8me section ou, en cas d'absence ou d'emp\u00eachement de ce dernier, par l'inspecteur  \ndu travail de la 8\u00e8me  section ou, en cas d'absence ou d'emp\u00eachement de ce dernier, par  \nl'inspecteur du travail de la 1\u00e8re section ou, en cas d'absence ou d'emp\u00eachement de ce  \ndernier, ou, en cas d'absence ou d'emp\u00eachement de ce dernier, par l'inspecteur du travail de \nla 9\u00e8me section ou, en cas d'absence ou d'emp\u00eachement de ce dernier, par l'inspecteur du  \ntravail  de la 2\u00e8me section ou,  en cas d'absence ou d'emp\u00eachement  de ce dernier, par  \nl'inspecteur du travail de la 3\u00e8me section ou, en cas d'absence ou d'emp\u00eachement de ce  \ndernier,  par  l'inspecteur  du  travail  de  la  4\u00e8me  section  ou,  en  cas  d'absence  ou \nd'emp\u00eachement de ce dernier  par l'inspecteur du travail de la 5\u00e8me section ou, en cas  \nd'absence ou d'emp\u00eachement de ce dernier, par l'inspecteur du travail de la 6\u00e8me section  \nou, en cas d'absence ou d'emp\u00eachement de ce dernier, par l'inspecteur du travail de la  \n7\u00e8me section ;\n\uf0b7 L'int\u00e9rim de l'inspecteur du travail de la 11\u00e8me section est assur\u00e9 par l'inspecteur du travail  \nde la 2\u00e8me section ou, en cas d'absence ou d'emp\u00eachement de ce dernier, par l'inspecteur  \ndu travail de la 9\u00e8me section ou, en cas d'absence ou d'emp\u00eachement  de ce dernier, par  \nl'inspecteur du travail de la 10\u00e8me section ou, en cas d'absence ou d'emp\u00eachement de ce  \ndernier,  par  l'inspecteur  du  travail  de  la  1\u00e8re  section  ou,  en  cas  d'absence  ou  \nd'emp\u00eachement de ce dernier, par l'inspecteur du travail de la 3\u00e8me section ou, en cas  \nd'absence ou d'emp\u00eachement de ce dernier, par l'inspecteur du travail de la 4\u00e8me section  \nou, en cas d'absence ou d'emp\u00eachement par l'inspecteur du travail de la 5\u00e8me section, ou,  \nen cas d'absence ou d'emp\u00eachement de ce dernier par l'inspecteur du travail de la 6\u00e8me  \nsection ou, en cas d'absence ou d'emp\u00eachement de ce dernier, par l'inspecteur du travail de \nla 7\u00e8me section ou, en cas d'absence ou d'emp\u00eachement de ce dernier, par l'inspecteur du  \ntravail de la 8\u00e8me section ;\nArticle 5 :\nLa pr\u00e9sente d\u00e9cision abroge et remplace, \u00e0 compter de sa date de publication au Recueil des  \nActes Administratifs, et au plus t\u00f4t \u00e0 la date du 1er d\u00e9cembre 2025, toutes les d\u00e9cisions prises  \npr\u00e9c\u00e9demment dans ce domaine.\nArticle 6 :\nLe  Directeur  r\u00e9gional  de  l'\u00e9conomie,  de  l'emploi,  du  travail  et  des  solidarit\u00e9s  de  la  r\u00e9gion \nProvence- Alpes-C\u00f4te d'Azur et la directrice d\u00e9partementale de l'emploi, du travail et des \nsolidarit\u00e9s des Bouches-du-Rh\u00f4ne sont charg\u00e9s de l'application de la pr\u00e9sente d\u00e9cision qui sera  \npubli\u00e9e au recueil des  actes administratifs de la Pr\u00e9fecture du d\u00e9partement  des Bouches-du-\nRh\u00f4ne.\nFait \u00e0 Marseille, le 26 novembre 2025\nLe Directeur r\u00e9gional de l'\u00e9conomie, de \nl'emploi, du travail et des solidarit\u00e9s de la \nr\u00e9gion Provence-Alpes-C\u00f4te d'Azur,\nSIGNE\nS\u00e9bastien DEBEAUMONT\nDDETS 13 - 13-2025-11-26-00008 - DDETS 13 D\u00e9cision d'affectation mensuelle d\u00e9cembre 2025 32\nDDETS 13\n13-2025-11-26-00003\nD\u00e9cision de retrait concernant  l'assocociation\nloi 1901, CIOTAT SERVICE EMPLOI sise 17 rue\nGueymard 13600 LA CIOTAT \nDDETS 13 - 13-2025-11-26-00003 - D\u00e9cision de retrait concernant  l'assocociation loi 1901, CIOTAT SERVICE EMPLOI sise 17 rue\nGueymard 13600 LA CIOTAT 33\nEnPREFETDES BOUCHES-DU-RHONELibert\u00e9Egalit\u00e9Fraternit\u00e9\nDirection D\u00e9partementale\ndu travail, de l'emploi,\net des solidarit\u00e9s\ndes Bouches-du-Rh\u00f4ne\nP\u00f4le Economie Emploi Entreprises\nD\u00e9partement  Insertion Professionnelle\nAffaire suivie par :  Barbara GRIGNON\nT\u00e9l. : 06 12 90 43 17\nCourriel. : barbara.grignon@bouches-du-rhone.gouv.fr\nR\u00e9c\u00e9piss\u00e9 de retrait d'enregistrement de d\u00e9claration\nn\u00b0  \nd'un organisme de services \u00e0 la personne\nenregistr\u00e9 sous le N\u00b0 SAP421384249 \nVu le code du travail et notamment les articles L.7231-1 \u00e0 L.7233-2, R.7232-16 \u00e0 R.7232-22,  \nD.7231-1 et D.7233-1 \u00e0 D.7233-5 ;\nVu le r\u00e9c\u00e9piss\u00e9 de d\u00e9claration de l'organisme des Bouches-du-Rh\u00f4ne en date du 01/10/2019  \nsous le N\u00b0 SAP421384249  ; \nVu la mise en demeure adress\u00e9e par lettre recommand\u00e9e avec accus\u00e9e de r\u00e9ception le 08  \navril 2025, \u00e0 l'assocociation loi 1901, CIOTAT SEVICE EMPLOI sise 17 rue Gueymard 13600 LA  \nCIOTAT\nVu le r\u00e9cepiss\u00e9 de la P oste indiquant \"Destinataire inconnu \u00e0 l'adresse\"\nLe Pr\u00e9fet des Bouches-du-Rh\u00f4ne\nConstate : \nQue l'organisme n'a pas respect\u00e9 son obligation de saisir ses \u00e9tats statistiques :\n- Etat Mensuel d'Activit\u00e9 en2021, 2022, 2023, 2024 et 2025 :\n- TSA/BILAN  2022, 2023 et 2024 ;\nDDETS 13 - 13-2025-11-26-00003 - D\u00e9cision de retrait concernant  l'assocociation loi 1901, CIOTAT SERVICE EMPLOI sise 17 rue\nGueymard 13600 LA CIOTAT 34\n D\u00e9cide :\nEn  application  des  articles  R  7232-19  et  R  7232-20  du  code  du  travail,  le  r\u00e9c\u00e9piss\u00e9 \nd'enregistrement de la d\u00e9claration de l'organisme N\u00b0 SAP421384249  en date du 30/01/2012  \nest retir\u00e9 \u00e0 compter du 26/11/2025.\nCe retrait entra\u00eene la perte des avantages fiscaux et des exon\u00e9rations de charges sociales.\nEn application de l'article R. 7232-21 du code du travail, l'organisme  N\u00b0 SAP421384249   en  \ninforme sans d\u00e9lai l'ensemble des b\u00e9n\u00e9ficiaires de ses prestations par lettre individuelle. A  \nd\u00e9faut de l'accomplissement de cette obligation, et apr\u00e8s mise en demeure rest\u00e9e sans effet,  \nle pr\u00e9fet de   publiera au frais de l'organisme  N\u00b0 SAP421384249   sa d\u00e9cision dans deux  \njournaux locaux (ou dans un journal local et un journal \u00e0 diffusion nationale lorsque les  \nactivit\u00e9s en cause sont exerc\u00e9es sur le territoire d'au moins deux r\u00e9gions).\nL'organisme ne peut faire une nouvelle d\u00e9claration qu'apr\u00e8s un d\u00e9lai d'un an \u00e0 compter de la  \ndate  de  la  notification  de  la  pr\u00e9sente  d\u00e9cision  en  cas  de  non-respect  de  la  condition \nd'activit\u00e9 exclusive en application de l'article R.7232-1 du code du travail.\nLe pr\u00e9sent r\u00e9c\u00e9piss\u00e9 sera publi\u00e9 au recueil des actes administratifs de la pr\u00e9fecture.\nLe  pr\u00e9sent r\u00e9c\u00e9piss\u00e9 peut, \u00e0 compter de sa notification, faire l'objet d'un recours gracieux  \naupr\u00e8s du service instructeur des Bouches-du-Rh\u00f4ne ou d'un recours hi\u00e9rarchique adress\u00e9 au  \nministre  charg\u00e9  de  l'\u00e9conomie  -  Direction  g\u00e9n\u00e9rale  des  entreprises  \u2013sous-direction  des \nservices  marchands,  61  Boulevard  Vincent  Auriol,  75703  PARIS  CEDEX  13.\nIl peut \u00e9galement faire l'objet d'un recours contentieux aupr\u00e8s du tribunal administratif de  \ndans un d\u00e9lai de deux mois \u00e0 compter de sa notification. \nLe tribunal administratif peut aussi \u00eatre saisi par l'application informatique \u00ab T\u00e9l\u00e9recours  \ncitoyen \u00bb accessible sur le site internet www.telerecours.fr.\nEn cas de rejet du recours gracieux ou hi\u00e9rarchique ou en l'absence de r\u00e9ponse \u00e0 ce recours  \n(rejet implicite), un recours contentieux devant le tribunal administratif peut \u00e9galement \u00eatre  \nform\u00e9 contre la d\u00e9cision initiale dans un d\u00e9lai de deux mois \u00e0 compter de ce rejet.\n \nFait \u00e0 Marseille, le 26 novembre 2025\nPour le Pr\u00e9fet et par d\u00e9l\u00e9gation,\nPar emp\u00eachement de la Directrice \nd\u00e9partementale de l'Emploi, du Travail\n         et des Solidarit\u00e9s des Bouches-du-Rh\u00f4ne\n      \nLa Responsable du d\u00e9partement de \n        Insertion Professionnelle, \n  \nSign\u00e9\n CARITEY Elodie\nDDETS 13 - 13-2025-11-26-00003 - D\u00e9cision de retrait concernant  l'assocociation loi 1901, CIOTAT SERVICE EMPLOI sise 17 rue\nGueymard 13600 LA CIOTAT 35\nDDETS 13\n13-2025-11-26-00004\nD\u00e9cision de retrait de d\u00e9claration concernant\nl'assocociation GAPAD sise 3 rue Raoul\nFOLLEREAU 13090 AIX EN PROVENCE\nDDETS 13 - 13-2025-11-26-00004 - D\u00e9cision de retrait de d\u00e9claration concernant l'assocociation GAPAD sise 3 rue Raoul FOLLEREAU\n13090 AIX EN PROVENCE 36\nEnPREFETDES BOUCHES-DU-RHONELibert\u00e9Egalit\u00e9Fraternit\u00e9\nDirection D\u00e9partementale\ndu travail, de l'emploi,\net des solidarit\u00e9s\ndes Bouches-du-Rh\u00f4ne\nP\u00f4le Economie Emploi Entreprises\nD\u00e9partement  Insertion Professionnelle\nAffaire suivie par :  Barbara GRIGNON\nT\u00e9l. : 06 12 90 43 17\nCourriel. : barbara.grignon@bouches-du-rhone.gouv.fr\nR\u00e9c\u00e9piss\u00e9 de retrait d'enregistrement de d\u00e9claration\nn\u00b0  \nd'un organisme de services \u00e0 la personne\nenregistr\u00e9 sous le N\u00b0 SAP493528905 \nVu le code du travail et notamment les articles L.7231-1 \u00e0 L.7233-2, R.7232-16 \u00e0 R.7232-22,  \nD.7231-1 et D.7233-1 \u00e0 D.7233-5 ;\nVu le r\u00e9c\u00e9piss\u00e9 de d\u00e9claration de l'organisme des Bouches-du-Rh\u00f4ne en date du 01/10/2019  \nsous le N\u00b0 SAP493528905 ; \nVu la mise en demeure adress\u00e9e par lettre recommand\u00e9e avec accus\u00e9e de r\u00e9ception le 11  \navril 2025, \u00e0 l'assocociation GAPAD sise 3 rue Raoul FOLLEREAU 13090 AIX EN PROVENCE;\nVu le r\u00e9cepiss\u00e9 de la Poste indiquant \"D\u00e9faut d'adresse ou d'adressage\"\nLe Pr\u00e9fet des Bouches-du-Rh\u00f4ne\nConstate : \nQue l'organisme n'a pas respect\u00e9 son obligation de saisir ses \u00e9tats statistiques :\n- Etat Mensuel d'Activit\u00e9 en2021, 2022, 2023, 2024 et 2025 :\n- TSA/BILAN  2022, 2023 et 2024 ;\nDDETS 13 - 13-2025-11-26-00004 - D\u00e9cision de retrait de d\u00e9claration concernant l'assocociation GAPAD sise 3 rue Raoul FOLLEREAU\n13090 AIX EN PROVENCE 37\n D\u00e9cide :\nEn  application  des  articles  R  7232-19  et  R  7232-20  du  code  du  travail,  le  r\u00e9c\u00e9piss\u00e9 \nd'enregistrement de la d\u00e9claration de l'organisme N\u00b0 SAP493528905  en date du 01/12/2016  \nest retir\u00e9 \u00e0 compter du 26/11/2025.\nCe retrait entra\u00eene la perte des avantages fiscaux et des exon\u00e9rations de charges sociales.\nEn application de l'article R. 7232-21 du code du travail, l'organisme  N\u00b0 SAP493528905  en  \ninforme sans d\u00e9lai l'ensemble des b\u00e9n\u00e9ficiaires de ses prestations par lettre individuelle. A  \nd\u00e9faut de l'accomplissement de cette obligation, et apr\u00e8s mise en demeure rest\u00e9e sans effet,  \nle pr\u00e9fet de   publiera au frais de l'organisme  N\u00b0 SAP493528905   sa d\u00e9cision dans deux  \njournaux locaux (ou dans un journal local et un journal \u00e0 diffusion nationale lorsque les  \nactivit\u00e9s en cause sont exerc\u00e9es sur le territoire d'au moins deux r\u00e9gions).\nL'organisme ne peut faire une nouvelle d\u00e9claration qu'apr\u00e8s un d\u00e9lai d'un an \u00e0 compter de la  \ndate  de  la  notification  de  la  pr\u00e9sente  d\u00e9cision  en  cas  de  non-respect  de  la  condition \nd'activit\u00e9 exclusive en application de l'article R.7232-1 du code du travail.\nLe pr\u00e9sent r\u00e9c\u00e9piss\u00e9 sera publi\u00e9 au recueil des actes administratifs de la pr\u00e9fecture.\nLe  pr\u00e9sent r\u00e9c\u00e9piss\u00e9 peut, \u00e0 compter de sa notification, faire l'objet d'un recours gracieux  \naupr\u00e8s du service instructeur des Bouches-du-Rh\u00f4ne ou d'un recours hi\u00e9rarchique adress\u00e9 au  \nministre  charg\u00e9  de  l'\u00e9conomie  -  Direction  g\u00e9n\u00e9rale  des  entreprises  \u2013sous-direction  des \nservices  marchands,  61  Boulevard  Vincent  Auriol,  75703  PARIS  CEDEX  13.\nIl peut \u00e9galement faire l'objet d'un recours contentieux aupr\u00e8s du tribunal administratif de  \ndans un d\u00e9lai de deux mois \u00e0 compter de sa notification. \nLe tribunal administratif peut aussi \u00eatre saisi par l'application informatique \u00ab T\u00e9l\u00e9recours  \ncitoyen \u00bb accessible sur le site internet www.telerecours.fr.\nEn cas de rejet du recours gracieux ou hi\u00e9rarchique ou en l'absence de r\u00e9ponse \u00e0 ce recours  \n(rejet implicite), un recours contentieux devant le tribunal administratif peut \u00e9galement \u00eatre  \nform\u00e9 contre la d\u00e9cision initiale dans un d\u00e9lai de deux mois \u00e0 compter de ce rejet.\n \nFait \u00e0 Marseille, le 26 novembre 2025\nPour le Pr\u00e9fet et par d\u00e9l\u00e9gation,\nPar emp\u00eachement de la Directrice \nd\u00e9partementale de l'Emploi, du Travail\n         et des Solidarit\u00e9s des Bouches-du-Rh\u00f4ne\n      \nLa Responsable du d\u00e9partement de \n        Insertion Professionnelle, \n  \nSign\u00e9\n CARITEY Elodie\nDDETS 13 - 13-2025-11-26-00004 - D\u00e9cision de retrait de d\u00e9claration concernant l'assocociation GAPAD sise 3 rue Raoul FOLLEREAU\n13090 AIX EN PROVENCE 38\nDDETS 13\n13-2025-11-25-00011\nD\u00e9cision de retrait de d\u00e9claration concernant le\nmicro-entrepreneur COLIN Dominique sis 1 Lieu\ndit St Honorat 13490 JOUQUES\nDDETS 13 - 13-2025-11-25-00011 - D\u00e9cision de retrait de d\u00e9claration concernant le micro-entrepreneur COLIN Dominique sis 1 Lieu dit\nSt Honorat 13490 JOUQUES 39\nEnPREFETDES BOUCHES-DU-RHONELibert\u00e9Egalit\u00e9Fraternit\u00e9\nDirection D\u00e9partementale\ndu travail, de l'emploi,\net des solidarit\u00e9s\ndes Bouches-du-Rh\u00f4ne\nP\u00f4le Economie Emploi Entreprises\nD\u00e9partement  Insertion Professionnelle\nAffaire suivie par :  Barbara GRIGNON\nT\u00e9l. : 06 12 90 43 17\nCourriel. : barbara.grignon@bouches-du-rhone.gouv.fr\nR\u00e9c\u00e9piss\u00e9 de retrait d'enregistrement de d\u00e9claration\nn\u00b0  \nd'un organisme de services \u00e0 la personne\nenregistr\u00e9 sous le N\u00b0 SAP829469386    \nVu le code du travail et notamment les articles L.7231-1 \u00e0 L.7233-2, R.7232-16 \u00e0 R.7232-22,  \nD.7231-1 et D.7233-1 \u00e0 D.7233-5 ;\nVu le r\u00e9c\u00e9piss\u00e9 de d\u00e9claration de l'organisme des Bouches-du-Rh\u00f4ne en date du 01/10/2019  \nsous le N\u00b0 SAP829469386  ; \nVu la mise en demeure adress\u00e9e par lettre recommand\u00e9e avec accus\u00e9e de r\u00e9ception le 24  \nf\u00e9vrier  2025,  au  micro-entrepreneur  COLIN  Dominique  sis  1  Lieu  dit  St  Honorat  13490 \nJOUQUES, distibu\u00e9e le 1er mars 2025\nLe Pr\u00e9fet des Bouches-du-Rh\u00f4ne\nConstate : \nQue l'organisme n'a pas respect\u00e9 son obligation de saisir ses \u00e9tats statistiques :\n- Etat Mensuel d'Activit\u00e9 en 2024 et 2025 :\n- TSA/BILAN 2024 ;\nDDETS 13 - 13-2025-11-25-00011 - D\u00e9cision de retrait de d\u00e9claration concernant le micro-entrepreneur COLIN Dominique sis 1 Lieu dit\nSt Honorat 13490 JOUQUES 40\n D\u00e9cide :\nEn  application  des  articles  R  7232-19  et  R  7232-20  du  code  du  travail,  le  r\u00e9c\u00e9piss\u00e9 \nd'enregistrement de la d\u00e9claration de l'organisme N\u00b0 SAP829469386  en date du 01/10/2019  \nest retir\u00e9 \u00e0 compter du 25/11/2025.\nCe retrait entra\u00eene la perte des avantages fiscaux et des exon\u00e9rations de charges sociales.\nEn application de l'article R. 7232-21 du code du travail, l'organisme  N\u00b0 SAP829469386  en  \ninforme sans d\u00e9lai l'ensemble des b\u00e9n\u00e9ficiaires de ses prestations par lettre individuelle. A  \nd\u00e9faut de l'accomplissement de cette obligation, et apr\u00e8s mise en demeure rest\u00e9e sans effet,  \nle pr\u00e9fet de   publiera au frais de l'organisme  N\u00b0 SAP829469386   sa d\u00e9cision dans deux  \njournaux locaux (ou dans un journal local et un journal \u00e0 diffusion nationale lorsque les  \nactivit\u00e9s en cause sont exerc\u00e9es sur le territoire d'au moins deux r\u00e9gions).\nL'organisme ne peut faire une nouvelle d\u00e9claration qu'apr\u00e8s un d\u00e9lai d'un an \u00e0 compter de la  \ndate  de  la  notification  de  la  pr\u00e9sente  d\u00e9cision  en  cas  de  non-respect  de  la  condition \nd'activit\u00e9 exclusive en application de l'article R.7232-1 du code du travail.\nLe pr\u00e9sent r\u00e9c\u00e9piss\u00e9 sera publi\u00e9 au recueil des actes administratifs de la pr\u00e9fecture.\nLe  pr\u00e9sent r\u00e9c\u00e9piss\u00e9 peut, \u00e0 compter de sa notification, faire l'objet d'un recours gracieux  \naupr\u00e8s du service instructeur des Bouches-du-Rh\u00f4ne ou d'un recours hi\u00e9rarchique adress\u00e9 au  \nministre  charg\u00e9  de  l'\u00e9conomie  -  Direction  g\u00e9n\u00e9rale  des  entreprises  \u2013sous-direction  des \nservices  marchands,  61  Boulevard  Vincent  Auriol,  75703  PARIS  CEDEX  13.\nIl peut \u00e9galement faire l'objet d'un recours contentieux aupr\u00e8s du tribunal administratif de  \ndans un d\u00e9lai de deux mois \u00e0 compter de sa notification. \nLe tribunal administratif peut aussi \u00eatre saisi par l'application informatique \u00ab T\u00e9l\u00e9recours  \ncitoyen \u00bb accessible sur le site internet www.telerecours.fr.\nEn cas de rejet du recours gracieux ou hi\u00e9rarchique ou en l'absence de r\u00e9ponse \u00e0 ce recours  \n(rejet implicite), un recours contentieux devant le tribunal administratif peut \u00e9galement \u00eatre  \nform\u00e9 contre la d\u00e9cision initiale dans un d\u00e9lai de deux mois \u00e0 compter de ce rejet.\n \nFait \u00e0 Marseille, le 25 novembre 2025\nPour le Pr\u00e9fet et par d\u00e9l\u00e9gation,\nPar emp\u00eachement de la Directrice \nd\u00e9partementale de l'Emploi, du Travail\n         et des Solidarit\u00e9s des Bouches-du-Rh\u00f4ne\n      \nLa Responsable du d\u00e9partement de \n        Insertion Professionnelle, \n  \nSign\u00e9\n CARITEY Elodie\nDDETS 13 - 13-2025-11-25-00011 - D\u00e9cision de retrait de d\u00e9claration concernant le micro-entrepreneur COLIN Dominique sis 1 Lieu dit\nSt Honorat 13490 JOUQUES 41\nDDETS 13\n13-2025-11-26-00013\nR\u00e9c\u00e9piss\u00e9 de d\u00e9claration au titre des Services \u00e0\nla Personne au b\u00e9n\u00e9fice de   Madame HOUMADI\nBouchra en qualit\u00e9 d'entrepreneur individuel,\nsitu\u00e9 34 Cours des Alpes - 13650 MEYRARGUES\nDDETS 13 - 13-2025-11-26-00013 - R\u00e9c\u00e9piss\u00e9 de d\u00e9claration au titre des Services \u00e0 la Personne au b\u00e9n\u00e9fice de   Madame HOUMADI\nBouchra en qualit\u00e9 d'entrepreneur individuel, situ\u00e9 34 Cours des Alpes - 13650 MEYRARGUES 42\nEnPREFETDES BOUCHES-DU-RHONELibert\u00e9Egalit\u00e9Fraternit\u00e9\n \nDirection D\u00e9partementale\nde l'Emploi, du Travail\n et des Solidarit\u00e9s\ndes Bouches du Rh\u00f4ne\nP\u00f4le \u00c9conomie Emploi Entreprises\nD\u00e9partement Insertion Professionnelle\n      R\u00e9c\u00e9piss\u00e9 de d\u00e9claration n\u00b0 \n                   d'un organisme de services \u00e0 la personne\n                      enregistr\u00e9 sous le N\u00b0 SAP993438167\nVu  le  code  du  travail  et  notamment les articles  L.7231-1  \u00e0  L.7233-2,  R.7232-16  \u00e0 \nR.7232-22, D.7231-1 et D.7233-1 \u00e0 D.7233-5,\nLe pr\u00e9fet de la R\u00e9gion Provence-Alpes-C\u00f4te d'Azur  Pr\u00e9fet de la Zone de D\u00e9fense et \nde S\u00e9curit\u00e9 Sud,  Pr\u00e9fet des Bouches-du-Rh\u00f4ne,\nCONSTATE\nQu'une d\u00e9claration d'activit\u00e9s de Services \u00e0 la Personne a \u00e9t\u00e9 d\u00e9pos\u00e9e aupr\u00e8s de la  \nDirection D\u00e9partementale de l'Emploi, du Travail et des Solidarit\u00e9s des Bouches-du-\nRh\u00f4ne  le,  13  novembre  2025  par  Madame HOUMADI  Bouchra  en  qualit\u00e9  \nd'entrepreneur  individuel,  situ\u00e9  34  Cours  des  Alpes  -  13650  MEYRARGUES  et  \nenregistr\u00e9 sous le N\u00b0 SAP993438167 pour les activit\u00e9s suivantes en mode prestataire :\n  \u2022   Garde d'enfants de plus de 3 ans \u00e0 domicile \n  \u2022   Soutien scolaire ou cours \u00e0 domicile \n  \u2022   Accompagnement des enfants de plus de 3 ans dans leurs d\u00e9placements \n  \u2022   Entretien de la maison et travaux m\u00e9nagers \n  \u2022   Petits travaux de jardinage \n  \u2022   Maintenance, entretien et vigilance temporaires \u00e0 domicile \nToute  modification  concernant  les  activit\u00e9s  exerc\u00e9es  devra  faire  l'objet  d'une  \nd\u00e9claration modificative pr\u00e9alable.\nSous r\u00e9serve d'\u00eatre exerc\u00e9es \u00e0 titre exclusif au profit de particuliers, \u00e0 leur domicile  \n(ou sous r\u00e9serve d'une comptabilit\u00e9 s\u00e9par\u00e9e pour les personnes morales dispens\u00e9es  \nde cette condition), ces activit\u00e9s ouvrent droit au b\u00e9n\u00e9fice des dispositions des  \narticles L.7233-2 du code du travail et L.241-10 du code de la s\u00e9curit\u00e9 sociale dans les  \nconditions pr\u00e9vues par ces articles.\nLes effets de la d\u00e9claration courent \u00e0 compter du jour du d\u00e9p\u00f4t de la d\u00e9claration  \nsous r\u00e9serve des dispositions de  l'article R.7232-18 du code du travail.\nDDETS 13 - 13-2025-11-26-00013 - R\u00e9c\u00e9piss\u00e9 de d\u00e9claration au titre des Services \u00e0 la Personne au b\u00e9n\u00e9fice de   Madame HOUMADI\nBouchra en qualit\u00e9 d'entrepreneur individuel, situ\u00e9 34 Cours des Alpes - 13650 MEYRARGUES 43\nEn application  des articles L.7232-1 et R.7232-1 \u00e0 R.7232-15, les activit\u00e9s n\u00e9cessitant  \nun  agr\u00e9ment  (I  de  l'article  D.7231-1  du  code  du  travail)  n'ouvrent  droit  \u00e0  ces \ndispositions  que  si  la  structure  a  pr\u00e9alablement  obtenu  l'agr\u00e9ment  ou  le  \nrenouvellement  de  cet  agr\u00e9ment  dans  le  ou  les  d\u00e9partements  d'exercice  de  ses \nactivit\u00e9s.\nDe m\u00eame, en application de l'article D.312-6-2 du code de l'action sociale et des  \nfamilles, les activit\u00e9s n\u00e9cessitant une autorisation n'ouvrent droit \u00e0 ces dispositions  \nque si l'organisme a pr\u00e9alablement obtenu l'autorisation ou le renouvellement de  \ncette autorisation.\nLe pr\u00e9sent r\u00e9c\u00e9piss\u00e9 n'est pas limit\u00e9 dans le temps.  La d\u00e9claration a une port\u00e9e  \nnationale.\nL'enregistrement de la d\u00e9claration peut \u00eatre retir\u00e9 dans les conditions fix\u00e9es aux  \narticles R.7232-20 \u00e0 R.7232-22 du code du travail.\nLe pr\u00e9sent r\u00e9c\u00e9piss\u00e9 sera publi\u00e9 au Recueil des Actes Administratifs de la Pr\u00e9fecture  \ndes Bouches-du-Rh\u00f4ne.\n                                                                             Fait \u00e0 Marseille, le 26 novembre 2025\nPour le Pr\u00e9fet et par d\u00e9l\u00e9gation,\nPar emp\u00eachement de la Directrice D\u00e9par-\ntementale de l'Emploi, du Travail et des \nSolidarit\u00e9s des Bouches-du-Rh\u00f4ne   \nLa Responsable du d\u00e9partement de \nl'Insertion Professionnel,\nsign\u00e9\nElodie CARITEY\n55 boulevard P\u00e9rier \u2013 13415 cedex 20 MARSEILLE Cedex 20 - T\u00e9l\u00e9phone : 04.91.57.96.00 \nMel : ddets-sap@bouches-du-rhone.gouv.fr\n2\nDDETS 13 - 13-2025-11-26-00013 - R\u00e9c\u00e9piss\u00e9 de d\u00e9claration au titre des Services \u00e0 la Personne au b\u00e9n\u00e9fice de   Madame HOUMADI\nBouchra en qualit\u00e9 d'entrepreneur individuel, situ\u00e9 34 Cours des Alpes - 13650 MEYRARGUES 44\nDDETS 13\n13-2025-11-26-00012\nR\u00e9c\u00e9piss\u00e9 de d\u00e9claration au titre des Services \u00e0\nla Personne au b\u00e9n\u00e9fice de  Madame MARTINEZ\nMarie en qualit\u00e9 d'entrepreneur individuel, situ\u00e9\n56 rue de Catalogne - 13880 VELAUX\nDDETS 13 - 13-2025-11-26-00012 - R\u00e9c\u00e9piss\u00e9 de d\u00e9claration au titre des Services \u00e0 la Personne au b\u00e9n\u00e9fice de  Madame MARTINEZ\nMarie en qualit\u00e9 d'entrepreneur individuel, situ\u00e9 56 rue de Catalogne - 13880 VELAUX 45\nEnPREFETDES BOUCHES-DU-RHONELibert\u00e9Egalit\u00e9Fraternit\u00e9\n \nDirection D\u00e9partementale\nde l'Emploi, du Travail\n et des Solidarit\u00e9s\ndes Bouches du Rh\u00f4ne\nP\u00f4le \u00c9conomie Emploi Entreprises\nD\u00e9partement Insertion Professionnelle\n      R\u00e9c\u00e9piss\u00e9 de d\u00e9claration n\u00b0 \n                   d'un organisme de services \u00e0 la personne\n                      enregistr\u00e9 sous le N\u00b0 SAP990974156\nVu  le  code  du  travail  et  notamment les articles  L.7231-1  \u00e0  L.7233-2,  R.7232-16  \u00e0 \nR.7232-22, D.7231-1 et D.7233-1 \u00e0 D.7233-5,\nLe pr\u00e9fet de la R\u00e9gion Provence-Alpes-C\u00f4te d'Azur  Pr\u00e9fet de la Zone de D\u00e9fense et \nde S\u00e9curit\u00e9 Sud,  Pr\u00e9fet des Bouches-du-Rh\u00f4ne,\nCONSTATE\nQu'une d\u00e9claration d'activit\u00e9s de Services \u00e0 la Personne a \u00e9t\u00e9 d\u00e9pos\u00e9e aupr\u00e8s de la  \nDirection D\u00e9partementale de l'Emploi, du Travail et des Solidarit\u00e9s des Bouches-du-\nRh\u00f4ne  le,  18  novembre  2025  par  Madame MARTINEZ  Marie  en  qualit\u00e9  \nd'entrepreneur individuel, situ\u00e9 56 rue de Catalogne - 13880 VELAUX et enregistr\u00e9  \nsous le N\u00b0 SAP990974156 pour les activit\u00e9s suivantes en mode prestataire :\n  \u2022   Garde d'enfants de plus de 3 ans \u00e0 domicile \n  \u2022   Accompagnement des enfants de plus de 3 ans dans leurs d\u00e9placements \n  \u2022   Entretien de la maison et travaux m\u00e9nagers \n  \u2022   Pr\u00e9paration de repas \u00e0 domicile \n  \u2022   Livraison de courses \u00e0 domicile \n  \u2022   Conduite du v\u00e9hicule des personnes en cas d'invalidit\u00e9 temporaire \n  \u2022   Accompagnement des personnes pr\u00e9sentant une invalidit\u00e9 temporaire \n  \u2022   Assistance aux personnes ayant besoin d'une aide temporaire \u00e0 leur domicile \nToute  modification  concernant  les  activit\u00e9s  exerc\u00e9es  devra  faire  l'objet  d'une  \nd\u00e9claration modificative pr\u00e9alable.\nSous r\u00e9serve d'\u00eatre exerc\u00e9es \u00e0 titre exclusif au profit de particuliers, \u00e0 leur domicile  \n(ou sous r\u00e9serve d'une comptabilit\u00e9 s\u00e9par\u00e9e pour les personnes morales dispens\u00e9es  \nde cette condition), ces activit\u00e9s ouvrent droit au b\u00e9n\u00e9fice des dispositions des  \narticles L.7233-2 du code du travail et L.241-10 du code de la s\u00e9curit\u00e9 sociale dans les  \nconditions pr\u00e9vues par ces articles.\nDDETS 13 - 13-2025-11-26-00012 - R\u00e9c\u00e9piss\u00e9 de d\u00e9claration au titre des Services \u00e0 la Personne au b\u00e9n\u00e9fice de  Madame MARTINEZ\nMarie en qualit\u00e9 d'entrepreneur individuel, situ\u00e9 56 rue de Catalogne - 13880 VELAUX 46\nLes effets de la d\u00e9claration courent \u00e0 compter du jour du d\u00e9p\u00f4t de la d\u00e9claration  \nsous r\u00e9serve des dispositions de  l'article R.7232-18 du code du travail.\nEn application  des articles L.7232-1 et R.7232-1 \u00e0 R.7232-15, les activit\u00e9s n\u00e9cessitant  \nun  agr\u00e9ment  (I  de  l'article  D.7231-1  du  code  du  travail)  n'ouvrent  droit  \u00e0  ces \ndispositions  que  si  la  structure  a  pr\u00e9alablement  obtenu  l'agr\u00e9ment  ou  le  \nrenouvellement  de  cet  agr\u00e9ment  dans  le  ou  les  d\u00e9partements  d'exercice  de  ses \nactivit\u00e9s.\nDe m\u00eame, en application de l'article D.312-6-2 du code de l'action sociale et des  \nfamilles, les activit\u00e9s n\u00e9cessitant une autorisation n'ouvrent droit \u00e0 ces dispositions  \nque si l'organisme a pr\u00e9alablement obtenu l'autorisation ou le renouvellement de  \ncette autorisation.\nLe pr\u00e9sent r\u00e9c\u00e9piss\u00e9 n'est pas limit\u00e9 dans le temps.  La d\u00e9claration a une port\u00e9e  \nnationale.\nL'enregistrement de la d\u00e9claration peut \u00eatre retir\u00e9 dans les conditions fix\u00e9es aux  \narticles R.7232-20 \u00e0 R.7232-22 du code du travail.\nLe pr\u00e9sent r\u00e9c\u00e9piss\u00e9 sera publi\u00e9 au Recueil des Actes Administratifs de la Pr\u00e9fecture  \ndes Bouches-du-Rh\u00f4ne.\n                                                                             Fait \u00e0 Marseille, le 26 novembre 2025\nPour le Pr\u00e9fet et par d\u00e9l\u00e9gation,\nPar emp\u00eachement de la Directrice D\u00e9par-\ntementale de l'Emploi, du Travail et des \nSolidarit\u00e9s des Bouches-du-Rh\u00f4ne   \nLa Responsable du d\u00e9partement de \nl'Insertion Professionnel,\nSign\u00e9\nElodie CARITEY\n55 boulevard P\u00e9rier \u2013 13415 cedex 20 MARSEILLE Cedex 20 - T\u00e9l\u00e9phone : 04.91.57.96.00 \nMel : ddets-sap@bouches-du-rhone.gouv.fr\n2\nDDETS 13 - 13-2025-11-26-00012 - R\u00e9c\u00e9piss\u00e9 de d\u00e9claration au titre des Services \u00e0 la Personne au b\u00e9n\u00e9fice de  Madame MARTINEZ\nMarie en qualit\u00e9 d'entrepreneur individuel, situ\u00e9 56 rue de Catalogne - 13880 VELAUX 47\nDDETS 13\n13-2025-11-26-00014\nR\u00e9c\u00e9piss\u00e9 de d\u00e9claration au titre des Services \u00e0\nla Personne au b\u00e9n\u00e9fice de  Madame PELISSIER\nEmilie en qualit\u00e9 d'entrepreneur individuel, situ\u00e9\n15 Chemin Du P\u00e9russier - 13350 CHARLEVAL\nDDETS 13 - 13-2025-11-26-00014 - R\u00e9c\u00e9piss\u00e9 de d\u00e9claration au titre des Services \u00e0 la Personne au b\u00e9n\u00e9fice de  Madame PELISSIER Emilie\nen qualit\u00e9 d'entrepreneur individuel, situ\u00e9 15 Chemin Du P\u00e9russier - 13350 CHARLEVAL 48\nEnPREFETDES BOUCHES-DU-RHONELibert\u00e9Egalit\u00e9Fraternit\u00e9\n \nDirection D\u00e9partementale\nde l'Emploi, du Travail\n et des Solidarit\u00e9s\ndes Bouches du Rh\u00f4ne\nP\u00f4le \u00c9conomie Emploi Entreprises\nD\u00e9partement Insertion Professionnelle\n      R\u00e9c\u00e9piss\u00e9 de d\u00e9claration n\u00b0 \n                   d'un organisme de services \u00e0 la personne\n                      enregistr\u00e9 sous le N\u00b0 SAP994160877\nVu  le  code  du  travail  et  notamment les articles  L.7231-1  \u00e0  L.7233-2,  R.7232-16  \u00e0 \nR.7232-22, D.7231-1 et D.7233-1 \u00e0 D.7233-5,\nLe pr\u00e9fet de la R\u00e9gion Provence-Alpes-C\u00f4te d'Azur  Pr\u00e9fet de la Zone de D\u00e9fense et \nde S\u00e9curit\u00e9 Sud,  Pr\u00e9fet des Bouches-du-Rh\u00f4ne,\nCONSTATE\nQu'une d\u00e9claration d'activit\u00e9s de Services \u00e0 la Personne a \u00e9t\u00e9 d\u00e9pos\u00e9e aupr\u00e8s de la  \nDirection D\u00e9partementale de l'Emploi, du Travail et des Solidarit\u00e9s des Bouches-du-\nRh\u00f4ne le, 13 novembre 2025 par Madame PELISSIER Emilie en qualit\u00e9 d'entrepreneur \nindividuel, situ\u00e9 15 Chemin Du P\u00e9russier - 13350 CHARLEVAL et enregistr\u00e9 sous le N\u00b0  \nSAP994160877 pour les activit\u00e9s suivantes en mode prestataire :\n  \u2022   Garde d'enfants de plus de 3 ans \u00e0 domicile \n  \u2022   Accompagnement des enfants de plus de 3 ans dans leurs d\u00e9placements \n  \u2022   Entretien de la maison et travaux m\u00e9nagers \n  \u2022   Petits travaux de jardinage \n  \u2022   Livraison de repas \u00e0 domicile \n  \u2022   Collecte et livraison \u00e0 domicile de linge repass\u00e9 \n  \u2022   Livraison de courses \u00e0 domicile \n  \u2022   Maintenance, entretien et vigilance temporaires \u00e0 domicile \n  \u2022   Soins et promenade(s) d'animaux pour personnes d\u00e9pendantes \n  \u2022   Assistance aux personnes ayant besoin d'une aide temporaire \u00e0 leur domicile \nToute  modification  concernant  les  activit\u00e9s  exerc\u00e9es  devra  faire  l'objet  d'une  \nd\u00e9claration modificative pr\u00e9alable.\nSous r\u00e9serve d'\u00eatre exerc\u00e9es \u00e0 titre exclusif au profit de particuliers, \u00e0 leur domicile  \n(ou sous r\u00e9serve d'une comptabilit\u00e9 s\u00e9par\u00e9e pour les personnes morales dispens\u00e9es  \nde cette condition), ces activit\u00e9s ouvrent droit au b\u00e9n\u00e9fice des dispositions des  \nDDETS 13 - 13-2025-11-26-00014 - R\u00e9c\u00e9piss\u00e9 de d\u00e9claration au titre des Services \u00e0 la Personne au b\u00e9n\u00e9fice de  Madame PELISSIER Emilie\nen qualit\u00e9 d'entrepreneur individuel, situ\u00e9 15 Chemin Du P\u00e9russier - 13350 CHARLEVAL 49\narticles L.7233-2 du code du travail et L.241-10 du code de la s\u00e9curit\u00e9 sociale dans les  \nconditions pr\u00e9vues par ces articles.\nLes effets de la d\u00e9claration courent \u00e0 compter du jour du d\u00e9p\u00f4t de la d\u00e9claration  \nsous r\u00e9serve des dispositions de  l'article R.7232-18 du code du travail.\nEn application  des articles L.7232-1 et R.7232-1 \u00e0 R.7232-15, les activit\u00e9s n\u00e9cessitant  \nun  agr\u00e9ment  (I  de  l'article  D.7231-1  du  code  du  travail)  n'ouvrent  droit  \u00e0  ces \ndispositions  que  si  la  structure  a  pr\u00e9alablement  obtenu  l'agr\u00e9ment  ou  le  \nrenouvellement  de  cet  agr\u00e9ment  dans  le  ou  les  d\u00e9partements  d'exercice  de  ses \nactivit\u00e9s.\nDe m\u00eame, en application de l'article D.312-6-2 du code de l'action sociale et des  \nfamilles, les activit\u00e9s n\u00e9cessitant une autorisation n'ouvrent droit \u00e0 ces dispositions  \nque si l'organisme a pr\u00e9alablement obtenu l'autorisation ou le renouvellement de  \ncette autorisation.\nLe pr\u00e9sent r\u00e9c\u00e9piss\u00e9 n'est pas limit\u00e9 dans le temps.  La d\u00e9claration a une port\u00e9e  \nnationale.\nL'enregistrement de la d\u00e9claration peut \u00eatre retir\u00e9 dans les conditions fix\u00e9es aux  \narticles R.7232-20 \u00e0 R.7232-22 du code du travail.\nLe pr\u00e9sent r\u00e9c\u00e9piss\u00e9 sera publi\u00e9 au Recueil des Actes Administratifs de la Pr\u00e9fecture  \ndes Bouches-du-Rh\u00f4ne.\n                                                                             Fait \u00e0 Marseille, le 26 novembre 2025\nPour le Pr\u00e9fet et par d\u00e9l\u00e9gation,\nPar emp\u00eachement de la Directrice D\u00e9par-\ntementale de l'Emploi, du Travail et des \nSolidarit\u00e9s des Bouches-du-Rh\u00f4ne   \nLa Responsable du d\u00e9partement de \nl'Insertion Professionnel,\nSign\u00e9\nElodie CARITEY\n55 boulevard P\u00e9rier \u2013 13415 cedex 20 MARSEILLE Cedex 20 - T\u00e9l\u00e9phone : 04.91.57.96.00 \nMel : ddets-sap@bouches-du-rhone.gouv.fr\n2\nDDETS 13 - 13-2025-11-26-00014 - R\u00e9c\u00e9piss\u00e9 de d\u00e9claration au titre des Services \u00e0 la Personne au b\u00e9n\u00e9fice de  Madame PELISSIER Emilie\nen qualit\u00e9 d'entrepreneur individuel, situ\u00e9 15 Chemin Du P\u00e9russier - 13350 CHARLEVAL 50\nDDETS 13\n13-2025-11-26-00011\nR\u00e9c\u00e9piss\u00e9 de d\u00e9claration au titre des Services \u00e0\nla Personne au b\u00e9n\u00e9fice de  Monsieur DOBRE\nTudorel Silvian en qualit\u00e9 d'entrepreneur\nindividuel, situ\u00e9 15 Rue Ren\u00e9 Coty - 13090 AIX EN\nPROVENCE \nDDETS 13 - 13-2025-11-26-00011 - R\u00e9c\u00e9piss\u00e9 de d\u00e9claration au titre des Services \u00e0 la Personne au b\u00e9n\u00e9fice de  Monsieur DOBRE Tudorel\nSilvian en qualit\u00e9 d'entrepreneur individuel, situ\u00e9 15 Rue Ren\u00e9 Coty - 13090 AIX EN PROVENCE 51\nEnPREFETDES BOUCHES-DU-RHONELibert\u00e9Egalit\u00e9Fraternit\u00e9\n \nDirection D\u00e9partementale\nde l'Emploi, du Travail\n et des Solidarit\u00e9s\ndes Bouches du Rh\u00f4ne\nP\u00f4le \u00c9conomie Emploi Entreprises\nD\u00e9partement Insertion Professionnelle\n      R\u00e9c\u00e9piss\u00e9 de d\u00e9claration n\u00b0 \n                   d'un organisme de services \u00e0 la personne\n                      enregistr\u00e9 sous le N\u00b0 SAP509118592\nVu  le  code  du  travail  et  notamment les articles  L.7231-1  \u00e0  L.7233-2,  R.7232-16  \u00e0 \nR.7232-22, D.7231-1 et D.7233-1 \u00e0 D.7233-5,\nLe pr\u00e9fet de la R\u00e9gion Provence-Alpes-C\u00f4te d'Azur  Pr\u00e9fet de la Zone de D\u00e9fense et \nde S\u00e9curit\u00e9 Sud,  Pr\u00e9fet des Bouches-du-Rh\u00f4ne,\nCONSTATE\nQu'une d\u00e9claration d'activit\u00e9s de Services \u00e0 la Personne a \u00e9t\u00e9 d\u00e9pos\u00e9e aupr\u00e8s de la  \nDirection D\u00e9partementale de l'Emploi, du Travail et des Solidarit\u00e9s des Bouches-du-\nRh\u00f4ne  le,  6 novembre  2025  par  Monsieur DOBRE  Tudorel  Silvian en  qualit\u00e9  \nd'entrepreneur individuel, situ\u00e9 15 Rue Ren\u00e9 Coty - 13090 AIX EN PROVENCE et  \nenregistr\u00e9 sous le N\u00b0 SAP509118592 pour les activit\u00e9s suivantes en mode prestataire :\n  \u2022   Entretien de la maison et travaux m\u00e9nagers \n \nToute  modification  concernant  les  activit\u00e9s  exerc\u00e9es  devra  faire  l'objet  d'une  \nd\u00e9claration modificative pr\u00e9alable.\nSous r\u00e9serve d'\u00eatre exerc\u00e9es \u00e0 titre exclusif au profit de particuliers, \u00e0 leur domicile  \n(ou sous r\u00e9serve d'une comptabilit\u00e9 s\u00e9par\u00e9e pour les personnes morales dispens\u00e9es  \nde cette condition), ces activit\u00e9s ouvrent droit au b\u00e9n\u00e9fice des dispositions des  \narticles L.7233-2 du code du travail et L.241-10 du code de la s\u00e9curit\u00e9 sociale dans les  \nconditions pr\u00e9vues par ces articles.\nLes effets de la d\u00e9claration courent \u00e0 compter du jour du d\u00e9p\u00f4t de la d\u00e9claration  \nsous r\u00e9serve des dispositions de  l'article R.7232-18 du code du travail.\nEn application  des articles L.7232-1 et R.7232-1 \u00e0 R.7232-15, les activit\u00e9s n\u00e9cessitant  \nun  agr\u00e9ment  (I  de  l'article  D.7231-1  du  code  du  travail)  n'ouvrent  droit  \u00e0  ces \ndispositions  que  si  la  structure  a  pr\u00e9alablement  obtenu  l'agr\u00e9ment  ou  le  \nDDETS 13 - 13-2025-11-26-00011 - R\u00e9c\u00e9piss\u00e9 de d\u00e9claration au titre des Services \u00e0 la Personne au b\u00e9n\u00e9fice de  Monsieur DOBRE Tudorel\nSilvian en qualit\u00e9 d'entrepreneur individuel, situ\u00e9 15 Rue Ren\u00e9 Coty - 13090 AIX EN PROVENCE 52\nrenouvellement  de  cet  agr\u00e9ment  dans  le  ou  les  d\u00e9partements  d'exercice  de  ses \nactivit\u00e9s.\nDe m\u00eame, en application de l'article D.312-6-2 du code de l'action sociale et des  \nfamilles, les activit\u00e9s n\u00e9cessitant une autorisation n'ouvrent droit \u00e0 ces dispositions  \nque si l'organisme a pr\u00e9alablement obtenu l'autorisation ou le renouvellement de  \ncette autorisation.\nLe pr\u00e9sent r\u00e9c\u00e9piss\u00e9 n'est pas limit\u00e9 dans le temps.  La d\u00e9claration a une port\u00e9e  \nnationale.\nL'enregistrement de la d\u00e9claration peut \u00eatre retir\u00e9 dans les conditions fix\u00e9es aux  \narticles R.7232-20 \u00e0 R.7232-22 du code du travail.\nLe pr\u00e9sent r\u00e9c\u00e9piss\u00e9 sera publi\u00e9 au Recueil des Actes Administratifs de la Pr\u00e9fecture  \ndes Bouches-du-Rh\u00f4ne.\n                                                                             Fait \u00e0 Marseille, le 26 novembre 2025\nPour le Pr\u00e9fet et par d\u00e9l\u00e9gation,\nPar emp\u00eachement de la Directrice D\u00e9par-\ntementale de l'Emploi, du Travail et des \nSolidarit\u00e9s des Bouches-du-Rh\u00f4ne   \nLa Responsable du d\u00e9partement de \nl'Insertion Professionnel,\nSign\u00e9\nElodie CARITEY\n55 boulevard P\u00e9rier \u2013 13415 cedex 20 MARSEILLE Cedex 20 - T\u00e9l\u00e9phone : 04.91.57.96.00 \nMel : ddets-sap@bouches-du-rhone.gouv.fr\n2\nDDETS 13 - 13-2025-11-26-00011 - R\u00e9c\u00e9piss\u00e9 de d\u00e9claration au titre des Services \u00e0 la Personne au b\u00e9n\u00e9fice de  Monsieur DOBRE Tudorel\nSilvian en qualit\u00e9 d'entrepreneur individuel, situ\u00e9 15 Rue Ren\u00e9 Coty - 13090 AIX EN PROVENCE 53\nDDETS 13\n13-2025-11-26-00010\nR\u00e9c\u00e9piss\u00e9 de d\u00e9claration au titre des Services \u00e0\nla Personne au b\u00e9n\u00e9fice de Madame CAMIER\nCindy en qualit\u00e9 de micro-entrepreneure\ndomicili\u00e9e au 141 avenue de st Menet 13011\nMARSEILLE\nDDETS 13 - 13-2025-11-26-00010 - R\u00e9c\u00e9piss\u00e9 de d\u00e9claration au titre des Services \u00e0 la Personne au b\u00e9n\u00e9fice de Madame CAMIER Cindy\nen qualit\u00e9 de micro-entrepreneure domicili\u00e9e au 141 avenue de st Menet 13011 MARSEILLE 54\nEnPREFETDES BOUCHES-DU-RHONELibert\u00e9Egalit\u00e9Fraternit\u00e9\n \nDirection D\u00e9partementale\nde l'Emploi, du Travail\n et des Solidarit\u00e9s\ndes Bouches du Rh\u00f4ne\nP\u00f4le \u00c9conomie Emploi Entreprises\nD\u00e9partement Insertion Professionnelle\n      R\u00e9c\u00e9piss\u00e9 de d\u00e9claration n\u00b0 \u2026\u2026\n                   d'un organisme de services \u00e0 la personne\n                      enregistr\u00e9 sous le N\u00b0 SAP993860196\nVu  le  code  du  travail  et  notamment les articles  L.7231-1  \u00e0  L.7233-2,  R.7232-16  \u00e0 \nR.7232-22, D.7231-1 et D.7233-1 \u00e0 D.7233-5,\nLe pr\u00e9fet de la R\u00e9gion Provence-Alpes-C\u00f4te d'Azur  Pr\u00e9fet de la Zone de D\u00e9fense et \nde S\u00e9curit\u00e9 Sud,  Pr\u00e9fet des Bouches-du-Rh\u00f4ne,\nCONSTATE\nQu'une d\u00e9claration d'activit\u00e9s de Services \u00e0 la Personne a \u00e9t\u00e9 d\u00e9pos\u00e9e aupr\u00e8s de la  \nDirection D\u00e9partementale de l'Emploi, du Travail et des Solidarit\u00e9s des Bouches-du-\nRh\u00f4ne  le,  14  novembre  2025  par  Madame  CAMIER  Cindy en  qualit\u00e9  de  micro-\nentrepreneure domicili\u00e9e au 141 avenue de st Menet 13011 MARSEILLE et enregistr\u00e9  \nsous le N\u00b0 SAP993860196 pour les activit\u00e9s suivantes en mode prestataire :\n  \u2022   Entretien de la maison et travaux m\u00e9nagers ;\n  \u2022   Petits travaux de jardinage.\n \nToute  modification  concernant  les  activit\u00e9s  exerc\u00e9es  devra  faire  l'objet  d'une  \nd\u00e9claration modificative pr\u00e9alable.\nSous r\u00e9serve d'\u00eatre exerc\u00e9es \u00e0 titre exclusif au profit de particuliers, \u00e0 leur domicile  \n(ou sous r\u00e9serve d'une comptabilit\u00e9 s\u00e9par\u00e9e pour les personnes morales dispens\u00e9es  \nde cette condition), ces activit\u00e9s ouvrent droit au b\u00e9n\u00e9fice des dispositions des  \narticles L.7233-2 du code du travail et L.241-10 du code de la s\u00e9curit\u00e9 sociale dans les  \nconditions pr\u00e9vues par ces articles.\nLes effets de la d\u00e9claration courent \u00e0 compter du jour du d\u00e9p\u00f4t de la d\u00e9claration  \nsous r\u00e9serve des dispositions de  l'article R.7232-18 du code du travail.\nDDETS 13 - 13-2025-11-26-00010 - R\u00e9c\u00e9piss\u00e9 de d\u00e9claration au titre des Services \u00e0 la Personne au b\u00e9n\u00e9fice de Madame CAMIER Cindy\nen qualit\u00e9 de micro-entrepreneure domicili\u00e9e au 141 avenue de st Menet 13011 MARSEILLE 55\nEn application  des articles L.7232-1 et R.7232-1 \u00e0 R.7232-15, les activit\u00e9s n\u00e9cessitant  \nun  agr\u00e9ment  (I  de  l'article  D.7231-1  du  code  du  travail)  n'ouvrent  droit  \u00e0  ces \ndispositions  que  si  la  structure  a  pr\u00e9alablement  obtenu  l'agr\u00e9ment  ou  le  \nrenouvellement  de  cet  agr\u00e9ment  dans  le  ou  les  d\u00e9partements  d'exercice  de  ses \nactivit\u00e9s.\nDe m\u00eame, en application de l'article D.312-6-2 du code de l'action sociale et des  \nfamilles, les activit\u00e9s n\u00e9cessitant une autorisation n'ouvrent droit \u00e0 ces dispositions  \nque si l'organisme a pr\u00e9alablement obtenu l'autorisation ou le renouvellement de  \ncette autorisation.\nLe pr\u00e9sent r\u00e9c\u00e9piss\u00e9 n'est pas limit\u00e9 dans le temps.  La d\u00e9claration a une port\u00e9e  \nnationale.\nL'enregistrement de la d\u00e9claration peut \u00eatre retir\u00e9 dans les conditions fix\u00e9es aux  \narticles R.7232-20 \u00e0 R.7232-22 du code du travail.\nLe pr\u00e9sent r\u00e9c\u00e9piss\u00e9 sera publi\u00e9 au Recueil des Actes Administratifs de la Pr\u00e9fecture  \ndes Bouches-du-Rh\u00f4ne.\nFait \u00e0 Marseille, le 26 novembre 2025\n                                                                             Pour le Pr\u00e9fet et par d\u00e9l\u00e9gation,\nPar emp\u00eachement de la Directrice D\u00e9par-\ntementale de l'Emploi, du Travail et des \nSolidarit\u00e9s des Bouches-du-Rh\u00f4ne   \nLa Responsable du d\u00e9partement \naccompagnement des mutations \n\u00e9conomiques et d\u00e9veloppement des \ncomp\u00e9tences,\nSign\u00e9\nElodie CARITEY\n55 boulevard P\u00e9rier \u2013 13415 cedex 20 MARSEILLE Cedex 20 - T\u00e9l\u00e9phone : 04.91.57.96.00 \nMel : ddets-sap@bouches-du-rhone.gouv.fr\n2\nDDETS 13 - 13-2025-11-26-00010 - R\u00e9c\u00e9piss\u00e9 de d\u00e9claration au titre des Services \u00e0 la Personne au b\u00e9n\u00e9fice de Madame CAMIER Cindy\nen qualit\u00e9 de micro-entrepreneure domicili\u00e9e au 141 avenue de st Menet 13011 MARSEILLE 56\nDDETS 13\n13-2025-11-26-00016\nR\u00e9c\u00e9piss\u00e9 de d\u00e9claration au titre des Services \u00e0\nla Personne au b\u00e9n\u00e9fice de Madame\nPLANCHENAULT Amanda en qualit\u00e9\nd'entrepreneur individuel, situ\u00e9 36 rue Benedit -\n13004 MARSEILLE\nDDETS 13 - 13-2025-11-26-00016 - R\u00e9c\u00e9piss\u00e9 de d\u00e9claration au titre des Services \u00e0 la Personne au b\u00e9n\u00e9fice de Madame\nPLANCHENAULT Amanda en qualit\u00e9 d'entrepreneur individuel, situ\u00e9 36 rue Benedit - 13004 MARSEILLE 57\nEnPREFETDES BOUCHES-DU-RHONELibert\u00e9Egalit\u00e9Fraternit\u00e9\n \nDirection D\u00e9partementale\nde l'Emploi, du Travail\n et des Solidarit\u00e9s\ndes Bouches du Rh\u00f4ne\nP\u00f4le \u00c9conomie Emploi Entreprises\nD\u00e9partement Insertion Professionnelle\n      R\u00e9c\u00e9piss\u00e9 de d\u00e9claration n\u00b0 \n                   d'un organisme de services \u00e0 la personne\n                      enregistr\u00e9 sous le N\u00b0 SAP520513193\nVu  le  code  du  travail  et  notamment les articles  L.7231-1  \u00e0  L.7233-2,  R.7232-16  \u00e0 \nR.7232-22, D.7231-1 et D.7233-1 \u00e0 D.7233-5,\nLe pr\u00e9fet de la R\u00e9gion Provence-Alpes-C\u00f4te d'Azur  Pr\u00e9fet de la Zone de D\u00e9fense et \nde S\u00e9curit\u00e9 Sud,  Pr\u00e9fet des Bouches-du-Rh\u00f4ne,\nCONSTATE\nQu'une d\u00e9claration d'activit\u00e9s de Services \u00e0 la Personne a \u00e9t\u00e9 d\u00e9pos\u00e9e aupr\u00e8s de la  \nDirection D\u00e9partementale de l'Emploi, du Travail et des Solidarit\u00e9s des Bouches-du-\nRh\u00f4ne  le,  13 novembre  2025  par  Madame PLANCHENAULT  Amanda  en  qualit\u00e9  \nd'entrepreneur individuel, situ\u00e9 36 rue Benedit - 13004 MARSEILLE et enregistr\u00e9 sous  \nle N\u00b0 SAP520513193 pour les activit\u00e9s suivantes en mode prestataire :\n  \u2022   Entretien de la maison et travaux m\u00e9nagers\nToute  modification  concernant  les  activit\u00e9s  exerc\u00e9es  devra  faire  l'objet  d'une  \nd\u00e9claration modificative pr\u00e9alable.\nSous r\u00e9serve d'\u00eatre exerc\u00e9es \u00e0 titre exclusif au profit de particuliers, \u00e0 leur domicile  \n(ou sous r\u00e9serve d'une comptabilit\u00e9 s\u00e9par\u00e9e pour les personnes morales dispens\u00e9es  \nde cette condition), ces activit\u00e9s ouvrent droit au b\u00e9n\u00e9fice des dispositions des  \narticles L.7233-2 du code du travail et L.241-10 du code de la s\u00e9curit\u00e9 sociale dans les  \nconditions pr\u00e9vues par ces articles.\nLes effets de la d\u00e9claration courent \u00e0 compter du jour du d\u00e9p\u00f4t de la d\u00e9claration  \nsous r\u00e9serve des dispositions de  l'article R.7232-18 du code du travail.\nEn application  des articles L.7232-1 et R.7232-1 \u00e0 R.7232-15, les activit\u00e9s n\u00e9cessitant  \nun  agr\u00e9ment  (I  de  l'article  D.7231-1  du  code  du  travail)  n'ouvrent  droit  \u00e0  ces \ndispositions  que  si  la  structure  a  pr\u00e9alablement  obtenu  l'agr\u00e9ment  ou  le  \nDDETS 13 - 13-2025-11-26-00016 - R\u00e9c\u00e9piss\u00e9 de d\u00e9claration au titre des Services \u00e0 la Personne au b\u00e9n\u00e9fice de Madame\nPLANCHENAULT Amanda en qualit\u00e9 d'entrepreneur individuel, situ\u00e9 36 rue Benedit - 13004 MARSEILLE 58\nrenouvellement  de  cet  agr\u00e9ment  dans  le  ou  les  d\u00e9partements  d'exercice  de  ses \nactivit\u00e9s.\nDe m\u00eame, en application de l'article D.312-6-2 du code de l'action sociale et des  \nfamilles, les activit\u00e9s n\u00e9cessitant une autorisation n'ouvrent droit \u00e0 ces dispositions  \nque si l'organisme a pr\u00e9alablement obtenu l'autorisation ou le renouvellement de  \ncette autorisation.\nLe pr\u00e9sent r\u00e9c\u00e9piss\u00e9 n'est pas limit\u00e9 dans le temps.  La d\u00e9claration a une port\u00e9e  \nnationale.\nL'enregistrement de la d\u00e9claration peut \u00eatre retir\u00e9 dans les conditions fix\u00e9es aux  \narticles R.7232-20 \u00e0 R.7232-22 du code du travail.\nLe pr\u00e9sent r\u00e9c\u00e9piss\u00e9 sera publi\u00e9 au Recueil des Actes Administratifs de la Pr\u00e9fecture  \ndes Bouches-du-Rh\u00f4ne.\n                                                                             Fait \u00e0 Marseille, le 26 novembre 2025\nPour le Pr\u00e9fet et par d\u00e9l\u00e9gation,\nPar emp\u00eachement de la Directrice D\u00e9par-\ntementale de l'Emploi, du Travail et des \nSolidarit\u00e9s des Bouches-du-Rh\u00f4ne   \nLa Responsable du d\u00e9partement de \nl'Insertion Professionnel,\nSign\u00e9\nElodie CARITEY\n55 boulevard P\u00e9rier \u2013 13415 cedex 20 MARSEILLE Cedex 20 - T\u00e9l\u00e9phone : 04.91.57.96.00 \nMel : ddets-sap@bouches-du-rhone.gouv.fr\n2\nDDETS 13 - 13-2025-11-26-00016 - R\u00e9c\u00e9piss\u00e9 de d\u00e9claration au titre des Services \u00e0 la Personne au b\u00e9n\u00e9fice de Madame\nPLANCHENAULT Amanda en qualit\u00e9 d'entrepreneur individuel, situ\u00e9 36 rue Benedit - 13004 MARSEILLE 59\nDDETS 13\n13-2025-11-26-00015\nR\u00e9c\u00e9piss\u00e9 de d\u00e9claration au titre des Services \u00e0\nla Personne au b\u00e9n\u00e9fice de Monsieur par\nMonsieur DELANNOY David en qualit\u00e9 de\ndirigeant, pour l'organisme DELANNOY David\ndont l'\u00e9tablissement principal est situ\u00e9 1\nCHEMIN DE LA COLLINE SAINT JOSEPH 13009\nMARSEILLE\nDDETS 13 - 13-2025-11-26-00015 - R\u00e9c\u00e9piss\u00e9 de d\u00e9claration au titre des Services \u00e0 la Personne au b\u00e9n\u00e9fice de Monsieur par Monsieur\nDELANNOY David en qualit\u00e9 de dirigeant, pour l'organisme DELANNOY David dont l'\u00e9tablissement principal est situ\u00e9 1 CHEMIN DE\nLA COLLINE SAINT JOSEPH 13009 MARSEILLE\n60\nEnPREFETDES BOUCHES-DU-RHONELibert\u00e9Egalit\u00e9Fraternit\u00e9\n \nDirection D\u00e9partementale\nde l'Emploi, du Travail\n et des Solidarit\u00e9s\ndes Bouches du Rh\u00f4ne\nP\u00f4le \u00c9conomie Emploi Entreprises\nD\u00e9partement Insertion Professionnelle\n      R\u00e9c\u00e9piss\u00e9 de d\u00e9claration n\u00b0 13-2025-10-21-00007\n                   d'un organisme de services \u00e0 la personne\n                      enregistr\u00e9 sous le N\u00b0 SAP827769068\nVu  le  code  du  travail  et  notamment les articles  L.7231-1  \u00e0  L.7233-2,  R.7232-16  \u00e0 \nR.7232-22, D.7231-1 et D.7233-1 \u00e0 D.7233-5,\nLe pr\u00e9fet de la R\u00e9gion Provence-Alpes-C\u00f4te d'Azur  Pr\u00e9fet de la Zone de D\u00e9fense et \nde S\u00e9curit\u00e9 Sud,  Pr\u00e9fet des Bouches-du-Rh\u00f4ne,\nCONSTATE\nQu'une d\u00e9claration d'activit\u00e9s de services \u00e0 la personne a \u00e9t\u00e9 d\u00e9pos\u00e9e aupr\u00e8s du  \nservice  instructeur  des  Bouches-du-Rh\u00f4ne  ,  le  22  NOVEMBRE  2025  par  Monsieur \nDELANNOY David en qualit\u00e9 de dirigeant, pour l'organisme DELANNOY David dont  \nl'\u00e9tablissement  principal  est  situ\u00e9  1  CHEMIN  DE  LA  COLLINE  SAINT  JOSEPH  13009 \nMARSEILLE et enregistr\u00e9 sous le N\u00b0 SAP827769068 pour les activit\u00e9s suivantes:\nEn mode prestataire\u00a0:\n\u2022 Soutien scolaire ou cours \u00e0 domicile\u00a0;\n\u2022 Assistance informatique \u00e0 domicile.\n \nToute  modification  concernant  les  activit\u00e9s  exerc\u00e9es  devra  faire  l'objet  d'une  \nd\u00e9claration modificative pr\u00e9alable.\nSous r\u00e9serve d'\u00eatre exerc\u00e9es \u00e0 titre exclusif au profit de particuliers, \u00e0 leur domicile  \n(ou sous r\u00e9serve d'une comptabilit\u00e9 s\u00e9par\u00e9e pour les personnes morales dispens\u00e9es  \nde cette condition), ces activit\u00e9s ouvrent droit au b\u00e9n\u00e9fice des dispositions des  \narticles L.7233-2 du code du travail et L.241-10 du code de la s\u00e9curit\u00e9 sociale dans les  \nconditions pr\u00e9vues par ces articles.\nDDETS 13 - 13-2025-11-26-00015 - R\u00e9c\u00e9piss\u00e9 de d\u00e9claration au titre des Services \u00e0 la Personne au b\u00e9n\u00e9fice de Monsieur par Monsieur\nDELANNOY David en qualit\u00e9 de dirigeant, pour l'organisme DELANNOY David dont l'\u00e9tablissement principal est situ\u00e9 1 CHEMIN DE\nLA COLLINE SAINT JOSEPH 13009 MARSEILLE\n61\nLes effets de la d\u00e9claration courent \u00e0 compter du jour du d\u00e9p\u00f4t de la d\u00e9claration  \nsous r\u00e9serve des dispositions de  l'article R.7232-18 du code du travail.\nEn application  des articles L.7232-1 et R.7232-1 \u00e0 R.7232-15, les activit\u00e9s n\u00e9cessitant  \nun  agr\u00e9ment  (I  de  l'article  D.7231-1  du  code  du  travail)  n'ouvrent  droit  \u00e0  ces \ndispositions  que  si  la  structure  a  pr\u00e9alablement  obtenu  l'agr\u00e9ment  ou  le  \nrenouvellement  de  cet  agr\u00e9ment  dans  le  ou  les  d\u00e9partements  d'exercice  de  ses \nactivit\u00e9s.\nDe m\u00eame, en application de l'article D.312-6-2 du code de l'action sociale et des  \nfamilles, les activit\u00e9s n\u00e9cessitant une autorisation n'ouvrent droit \u00e0 ces dispositions  \nque si l'organisme a pr\u00e9alablement obtenu l'autorisation ou le renouvellement de  \ncette autorisation.\nLe pr\u00e9sent r\u00e9c\u00e9piss\u00e9 n'est pas limit\u00e9 dans le temps.  La d\u00e9claration a une port\u00e9e  \nnationale.\nL'enregistrement de la d\u00e9claration peut \u00eatre retir\u00e9 dans les conditions fix\u00e9es aux  \narticles R.7232-20 \u00e0 R.7232-22 du code du travail.\nLe pr\u00e9sent r\u00e9c\u00e9piss\u00e9 sera publi\u00e9 au Recueil des Actes Administratifs de la Pr\u00e9fecture  \ndes Bouches-du-Rh\u00f4ne.\nFait \u00e0 Marseille, le\u00a026 novembre 2025\nPour le Pr\u00e9fet et par d\u00e9l\u00e9gation,\nPar emp\u00eachement de la Directrice \nD\u00e9partementale de l'Emploi, du Travail\n et des Solidarit\u00e9s des Bouches-du-Rh\u00f4ne\nLa Responsable du d\u00e9partement\u00a0\ninsertion Professionnelle,\nSign\u00e9\nElodie CARITEY\n55 boulevard P\u00e9rier \u2013 13415 cedex 20 MARSEILLE Cedex 20 - T\u00e9l\u00e9phone : 04.91.57.96.00 \nMel : ddets-sap@bouches-du-rhone.gouv.fr\n2\nDDETS 13 - 13-2025-11-26-00015 - R\u00e9c\u00e9piss\u00e9 de d\u00e9claration au titre des Services \u00e0 la Personne au b\u00e9n\u00e9fice de Monsieur par Monsieur\nDELANNOY David en qualit\u00e9 de dirigeant, pour l'organisme DELANNOY David dont l'\u00e9tablissement principal est situ\u00e9 1 CHEMIN DE\nLA COLLINE SAINT JOSEPH 13009 MARSEILLE\n62\nDirection Departementale des Territoires et de\nla Mer 13\n13-2025-11-25-00012\narr\u00eat\u00e9 de d\u00e9molition B\u00e2t B Campagne leveque\nNovembre 2025\nDirection Departementale des Territoires et de la Mer 13 - 13-2025-11-25-00012 - arr\u00eat\u00e9 de d\u00e9molition B\u00e2t B Campagne leveque\nNovembre 2025 63\nPREFETDES BOUCHES-DU-RHONELibert\u00e9Egalit\u00e9Fraternit\u00e9\nDirection d\u00e9partementale\ndes Territoires et de la Mer\ndes Bouches-du-Rh\u00f4ne\nArr\u00eat\u00e9 portant autorisation de d\u00e9molir\nLa pr\u00e9f\u00e8te d\u00e9l\u00e9gu\u00e9e pour l'\u00e9galit\u00e9 des chances, \npr\u00e9f\u00e8te des Bouches-du-Rh\u00f4ne par int\u00e9rim\n \nVu les articles L.443-15-1 et R.443-17 du Code de la Construction et de l'Habitation ;\nVu le d\u00e9cret n\u00b0 2004-374 du 29 avril 2004 relatif a ux pouvoirs des pr\u00e9fets, \u00e0 l'organisation\net \u00e0 l'action des services de l'\u00c9tat dans les r\u00e9gions et d\u00e9partements ;\nVu le d\u00e9cret du 23 octobre 2024 portant nomination de Mme Isabelle EPAILLARD en\nqualit\u00e9 de pr\u00e9f\u00e8te d\u00e9l\u00e9gu\u00e9e pour l'\u00e9galit\u00e9 des chan ces aupr\u00e8s du pr\u00e9fet de la r\u00e9gion\nProvence-Alpes-C\u00f4te-d'Azur, Pr\u00e9fet de la zone de d\u00e9 fense et de s\u00e9curit\u00e9 Sud, Pr\u00e9fet des\nBouches-du-Rh\u00f4ne ;\nVu l'arr\u00eat\u00e9 du 16 juin 2023 portant nomination de M . Patrick VAUTERIN en qualit\u00e9 de\ndirecteur d\u00e9partemental des territoires et de la mer des Bouches-du-Rh\u00f4ne ;\nVu l'arr\u00eat\u00e9 n\u00b013-2025-11-07-00013 du 7 novembre 2025 de la pr\u00e9f\u00e8te d\u00e9l\u00e9gu\u00e9e \u00e0 l'\u00e9galit\u00e9 des\nchances, pr\u00e9f\u00e8te des Bouches-du-Rh\u00f4ne par int\u00e9rim, portant d\u00e9l\u00e9gation de signature \u00e0 M.\nPatrick VAUTERIN, directeur d\u00e9partemental interminist\u00e9riel des territoires et de la mer des\nBouches-du-Rh\u00f4ne ;\nVu l'arr\u00eat\u00e9 n\u00b013-2025-11-12-00016 du 12 novembre 2025 portant d\u00e9l\u00e9gation de signature aux\nagents de la direction d\u00e9partementale des territoires et de la mer des Bouches-du-Rh\u00f4ne ;\nVu la convention NPNRU pour Campagne L\u00e9v\u00eaque du 17 juillet 2024 ;\nVu la d\u00e9claration d'intention de d\u00e9molir prise en c ompte par le pr\u00e9fet \u00e0 la date du 13\njuillet 2023 ;\nVu la demande formul\u00e9e par 13 Habitat en date du 20 octobre 2025 ;\nVu l'avis favorable de la ville de Marseille en date du 4 novembre 2025 ;\nSur proposition de monsieur le directeur d\u00e9partemen tal des territoires et de la mer des\nBouches-du-Rh\u00f4ne ;\nARR\u00caTE\nArticle premier  \n   :\nLe bailleur 13 Habitat est autoris\u00e9 \u00e0 proc\u00e9der \u00e0 la  d\u00e9molition de 104 logements locatifs\nsociaux, B\u00e2timent B (entr\u00e9es 29 \u00e0 32) de la r\u00e9siden ce \u00ab Campagne L\u00e9v\u00eaque \u00bb, sise\nboulevard Ledru-Rollin dans le 15\u00e8me arrondissement de Marseille au titre du CCH.\n16, rue Antoine Zattara \u2013 13332 Marseille cedex 3  \nT\u00e9l\u00e9phone : 04 91 28 40 40\nwww.bouches-du-rhone.gouv.fr\nDirection Departementale des Territoires et de la Mer 13 - 13-2025-11-25-00012 - arr\u00eat\u00e9 de d\u00e9molition B\u00e2t B Campagne leveque\nNovembre 2025 64\now\nArticle 2\nLe bailleur 13 habitat est exon\u00e9r\u00e9 du remboursement des aides consenties par l'\u00c9tat vis\u00e9es\npar l'article R443-17 du CCH pour les b\u00e2timents d\u00e9molis. \nArticle 3 :\nLa pr\u00e9sente autorisation est d\u00e9livr\u00e9e sans pr\u00e9judice du droit des tiers.\nArticle 4 :\nLe  Secr\u00e9taire  G\u00e9n\u00e9ral  de  la  Pr\u00e9fecture  des  Bouches- du-Rh\u00f4ne  et  le  Directeur\nd\u00e9partemental des territoires et de la mer sont cha rg\u00e9s, chacun en ce qui le concerne, de\nl'ex\u00e9cution de la pr\u00e9sente d\u00e9cision qui sera notifi\u00e9e \u00e0 13 Habitat et au Maire de Marseille.\nFait \u00e0 Marseille, le 25 novembre 2025\nPour la pr\u00e9f\u00e8te d\u00e9l\u00e9gu\u00e9e pour l'\u00e9galit\u00e9 des\nchances, \npr\u00e9f\u00e8te des Bouches-du-Rh\u00f4ne par int\u00e9rim et\npar d\u00e9l\u00e9gation,\nle Chef du Service Habitat\nDominique BERG\u00c9\nD\u00e9lais et voies de recours :\nConform\u00e9ment \u00e0 l'article R.421-1 du Code de la Justice Administrative, la pr\u00e9sente d\u00e9cision\npeut faire l'objet d'un recours contentieux, dans l e d\u00e9lai de deux mois \u00e0 compter de sa\nnotification, devant le Tribunal Administratif de M arseille, recours qui pourra \u00e9galement\n\u00eatre \u00e9galement saisi par l'application T\u00e9l\u00e9-recours  Citoyens accessible \u00e0 partir du site :\nhttp://www.telerecours.fr/. Elle peut \u00e9galement faire l'objet d'un recours gracieux aupr\u00e8s de\nMonsieur le Pr\u00e9fet du d\u00e9partement des Bouches-du-Rh \u00f4ne. Cette d\u00e9marche prolonge le\nd\u00e9lai de recours contentieux, ce dernier devant \u00eatr e introduit dans le d\u00e9lai de deux mois\nsuivant une d\u00e9cision implicite ou explicite de l'au torit\u00e9 comp\u00e9tente (le silence de\nl'administration pendant un d\u00e9lai de deux mois valant d\u00e9cision implicite de rejet).\n16, rue Antoine Zattara  \u2013 13332 Marseille Cedex 3\nT\u00e9l\u00e9phone : 04 91 28 40 40\nwww.bouches-du-rhone.gouv.fr\nDirection Departementale des Territoires et de la Mer 13 - 13-2025-11-25-00012 - arr\u00eat\u00e9 de d\u00e9molition B\u00e2t B Campagne leveque\nNovembre 2025 65\nDirection R\u00e9gionale et Interd\u00e9partementale de\nl'Environnement et de l'Energie PACA\n13-2025-11-26-00001\narr\u00eat\u00e9 portant autorisation de travaux\nd'inspection de pipelines situ\u00e9s dans la r\u00e9serve\nnaturelle nationale des Coussouls de Crau\nDirection R\u00e9gionale et Interd\u00e9partementale de l'Environnement et de l'Energie PACA - 13-2025-11-26-00001 - arr\u00eat\u00e9 portant\nautorisation de travaux d'inspection de pipelines situ\u00e9s dans la r\u00e9serve naturelle nationale des Coussouls de Crau 66\nPREFETDES BOUCHES-DU-RHONELibert\u00e9Egalit\u00e9Fraternit\u00e9\nDirection de la citoyennet\u00e9, de la l\u00e9galit\u00e9\net de l'environnement\nDirection r\u00e9gionale de l'environnement,\nde l'am\u00e9nagement et du logement\nservice biodiversit\u00e9, eau et paysages\nBureau de l'utilit\u00e9 publique, de la concertation\net de l'environnement\nMission enqu\u00eates publiques et environnement\nARR\u00caT\u00c9\nportant autorisation de travaux d'inspection de pipelines situ\u00e9s dans la r\u00e9serve naturelle \nnationale des Coussouls de Crau\n---------------\nLa pr\u00e9f\u00e8te d\u00e9l\u00e9gu\u00e9e pour l'\u00e9galit\u00e9 des chances,\npr\u00e9f\u00e8te des Bouches-du-Rh\u00f4ne par int\u00e9rim\nVu le code de l'environnement ;\nVu le d\u00e9cret du 23 octobre 2024 portant nomination de madame Isabelle EPAILLARD en  \nqualit\u00e9 de pr\u00e9f\u00e8te d\u00e9l\u00e9gu\u00e9e pour l'\u00e9galit\u00e9 des chances aupr\u00e8s du pr\u00e9fet de la r\u00e9gion Provence-\nAlpes-C\u00f4te d'Azur, pr\u00e9fet de la zone de d\u00e9fense et de s\u00e9curit\u00e9 Sud, pr\u00e9fet des Bouches-du-\nRh\u00f4ne ;\nVu le  d\u00e9cret  du  29  octobre  2025  portant  cessation  de  fonctions  de  monsieur  Georges-\nFran\u00e7ois LECLERC en qualit\u00e9 de pr\u00e9fet de la r\u00e9gion Provence-Alpes-C\u00f4te d'Azur, pr\u00e9fet de la  \nzone de d\u00e9fense et de s\u00e9curit\u00e9 Sud, pr\u00e9fet des Bouches-du-Rh\u00f4ne, en outre pr\u00e9fet de police  \ndes Bouches-du-Rh\u00f4ne ;\nVu l'arr\u00eat\u00e9 du 7 novembre 2025 portant d\u00e9l\u00e9gation de signature \u00e0 monsieur Fr\u00e9d\u00e9ric POISOT,  \nsous-pr\u00e9fet, secr\u00e9taire g\u00e9n\u00e9ral de la pr\u00e9fecture des Bouches-du-Rh\u00f4ne ;\nVu le d\u00e9cret 2001-943 du 8 octobre 2001 portant cr\u00e9ation de la r\u00e9serve naturelle nationale  \n(RNN) des Coussouls de Crau, notamment son article 11 ;\nVu l'arr\u00eat\u00e9 pr\u00e9fectoral du 29 f\u00e9vrier 2016 portant approbation du plan de gestion 2020-2024  \nde la r\u00e9serve naturelle nationale des Coussouls de la Crau ;\nPlace F\u00e9lix Baret \u2013 CS 80 001 \u2013 13 282 Marseille Cedex 06 -\nT\u00e9l\u00e9phone : 04.84.35.40.00 \nwww.bouches-du-rhone.gouv.fr\n1/5\nDirection R\u00e9gionale et Interd\u00e9partementale de l'Environnement et de l'Energie PACA - 13-2025-11-26-00001 - arr\u00eat\u00e9 portant\nautorisation de travaux d'inspection de pipelines situ\u00e9s dans la r\u00e9serve naturelle nationale des Coussouls de Crau 67\nVu l'arr\u00eat\u00e9 pr\u00e9fectoral du 15 f\u00e9vrier 2017 portant renouvellement du comit\u00e9 consultatif pour  \nla gestion de la r\u00e9serve naturelle nationale des Coussouls de la Crau, modifi\u00e9 le 9 septembre  \n2022 ;\nVu l'arr\u00eat\u00e9 pr\u00e9fectoral du 13 ao\u00fbt 2025 prolongeant la validit\u00e9 du plan de gestion jusqu'au 31  \nd\u00e9cembre 2027\nVu la  convention  du  28  septembre  2004  confiant  la  co-gestion  de  la  r\u00e9serve  naturelle \nnationale  au  conservatoire  \u2013  \u00e9tudes  des  \u00e9cosyst\u00e8mes  de  Provence,  \u00e0  pr\u00e9sent  d\u00e9nomm\u00e9 \nconservatoire des espaces naturels de Provence-Alpes-C\u00f4te d'Azur (gestionnaire principal) et  \n\u00e0 la chambre d'agriculture des Bouches-du-Rh\u00f4ne (gestionnaire associ\u00e9) ;\nVu l'avis  du  comit\u00e9  consultatif  du  7  d\u00e9cembre  2005  donnant  d\u00e9l\u00e9gation  au  bureau  de \ndirection pour certains avis ;\nVu la demande formul\u00e9e par la soci\u00e9t\u00e9 du pipeline Sud-Europ\u00e9en (SPSE) du 13 octobre 2025,  \naupr\u00e8s des co-gestionnaires de la r\u00e9serve naturelle nationale (RNN) des Coussouls de Crau;\nVu  l'avis favorable du bureau de direction de la r\u00e9serve naturelle nationale du 28 octobre  \n2025 ;\nConsid\u00e9rant que la pr\u00e9servation de l'environnement rel\u00e8ve d'un int\u00e9r\u00eat public majeur ;\nConsid\u00e9rant  que  les  travaux  rel\u00e8vent  de  l'entretien  d'une  installation  existante, \nconform\u00e9ment \u00e0 l'article 16.3 du d\u00e9cret de cr\u00e9ation de la r\u00e9serve;\nConsid\u00e9rant l'int\u00e9r\u00eat public li\u00e9 \u00e0 la s\u00e9curit\u00e9 et \u00e0 l'int\u00e9grit\u00e9 du r\u00e9seau d'ol\u00e9oducs transportant  \ndes hydrocarbures strat\u00e9giques ;\nConsid\u00e9rant que les travaux sont strictement circonscrits, limit\u00e9s dans le temps et assortis de  \nmesures pr\u00e9cises de pr\u00e9vention, de retraitement des terres et de remise en \u00e9tat ;\nSur proposition du secr\u00e9taire g\u00e9n\u00e9ral de la pr\u00e9fecture des Bouches-du-Rh\u00f4ne,\nARR\u00caTE\nArticle 1 : identit\u00e9 du b\u00e9n\u00e9ficiaire \u2013 nature de la demande\nLa soci\u00e9t\u00e9 du pipeline Sud-Europ\u00e9en (SPSE) \u2013 La Fenouill\u00e8re, route d'Arles, BP 14, 13771 Fos-sur-\nMer cedex \u2013 repr\u00e9sent\u00e9e par Mme M\u00e9lanie MICK, est autoris\u00e9e \u00e0 r\u00e9aliser des travaux de  \nterrassement et de contr\u00f4le d'int\u00e9grit\u00e9 sur le pipeline SPSE, situ\u00e9 dans la r\u00e9serve naturelle  \nnationale des Coussouls de Crau.\nLocalisation :\n\u2013 PK H 12.926 (43\u00b034'22.61'' N / 4\u00b052'52.21'' E) ;\n\u2013 Commune : Saint-Martin-de-Crau ;\n\u2013 Parcelle cadastrale : section E, n\u00b0 406.\nPlace F\u00e9lix Baret \u2013 CS 80 001 \u2013 13 282 Marseille Cedex 06 -\nT\u00e9l\u00e9phone : 04.84.35.40.00 \nwww.bouches-du-rhone.gouv.fr\n2/5\nDirection R\u00e9gionale et Interd\u00e9partementale de l'Environnement et de l'Energie PACA - 13-2025-11-26-00001 - arr\u00eat\u00e9 portant\nautorisation de travaux d'inspection de pipelines situ\u00e9s dans la r\u00e9serve naturelle nationale des Coussouls de Crau 68\nLes travaux consistent \u00e0 :\n\u2013 la r\u00e9alisation d'une fouille d'environ 15 m \u00d7 3 m pour extraction du tube ;\n\u2013 l'enl\u00e8vement de l'enrobage ;\n\u2013 les contr\u00f4les non destructifs (CND) d'int\u00e9grit\u00e9 ;\n\u2013 les r\u00e9parations \u00e9ventuelles ;\n\u2013 le re-rev\u00eatement et le remblaiement ;\n\u2013 la remise en \u00e9tat de la zone dans sa configuration initiale.\nArticle 2 : prescriptions\nLa pr\u00e9sente autorisation est d\u00e9livr\u00e9e sous r\u00e9serve du respect des prescriptions suivantes :\n\u2022 \u00e9tat  des  lieux  pr\u00e9alable : r\u00e9alis\u00e9  avant  le  d\u00e9marrage  du  chantier,  en  pr\u00e9sence  du \ngestionnaire de la r\u00e9serve, du b\u00e9n\u00e9ficiaire et du prestataire. Il pr\u00e9cise les modalit\u00e9s  \nd'acc\u00e8s, les zones d'intervention, les emplacements d\u00e9di\u00e9s au stockage des terres sur  \nb\u00e2che polyane, ainsi que les mesures de protection \u00e0 mettre en \u0153uvre. Un \u00e9tat des  \nlieux final sera \u00e9galement r\u00e9alis\u00e9 \u00e0 la r\u00e9ception du chantier ;\n\u2022 zones d'intervention : strictement limit\u00e9es \u00e0 l'emprise d\u00e9finie lors de la visite pr\u00e9alable  \n(fouille  d'environ  15  m  \u00d7  3  m  et  zones  de  stockage  associ\u00e9es).  Toute  extension, \nd\u00e9viation ou cr\u00e9ation de nouvelle piste est interdite;\n\u2022 circulation et stationnement : interdiction de circuler hors des pistes et servitudes, sauf  \nitin\u00e9raire valid\u00e9 par les co-gestionnaires ; interdiction de circulation les jours de pluie et \ndurant les quarante-huit heures suivantes  ; stationnement des engins possible sur la  \nzone de chantier afin de limiter les allers-retours. En cas de stationnement prolong\u00e9,  \nnotamment la nuit, un dispositif antipollution (b\u00e2che ou \u00e9quivalent) sera mis en place  \nsous les v\u00e9hicules ;\n\u2022 ravitaillement  et  produits  dangereux :  tout  ravitaillement  en  carburant devra  \u00eatre \neffectu\u00e9  hors  du  p\u00e9rim\u00e8tre  de  la  r\u00e9serve,  dans  un  lieu  adapt\u00e9  et  s\u00e9curis\u00e9.  La \nmanipulation de produits dangereux  se fera uniquement sur des bacs de r\u00e9tention ou  \nr\u00e9cup\u00e9rateurs,  afin  de  pr\u00e9venir  tout  \u00e9panchement  accidentel.  Le  nettoyage  des \nv\u00e9hicules ou mat\u00e9riels est strictement interdit sur le site ;\n\u2022 r\u00e9manents et d\u00e9chets : tous les d\u00e9blais, r\u00e9sidus de rev\u00eatement, mat\u00e9riaux, produits issus \ndes  op\u00e9rations  de  sablage,  d\u00e9chets  dangereux  (notamment  li\u00e9s  aux  op\u00e9rations  de \nd\u00e9samiantage), ainsi que tout d\u00e9chet de chantier, seront \u00e9vacu\u00e9s hors r\u00e9serve vers des  \ninstallations  agr\u00e9\u00e9es.  Aucun  d\u00e9p\u00f4t  temporaire  ne  sera  tol\u00e9r\u00e9  en  dehors  des  zones \nd\u00e9finies lors de l'\u00e9tat des lieux ;\n\u2022 modalit\u00e9s de terrassement et remise en \u00e9tat :\n\u25e6 l'entreposage des terres excav\u00e9es se fera exclusivement sur b\u00e2che polyane, en un  \nseul point d\u00e9fini, afin de limiter l'impact sur le milieu ;\n\u25e6 la couche superficielle du sol (environ 20  cm) sera retir\u00e9e s\u00e9par\u00e9ment et replac\u00e9e  \nen dernier lors du remblai ;\n\u25e6 les  terres  seront  redispos\u00e9es  dans  l'ordre  inverse  de  leur  excavation  afin  de \nrestaurer les conditions initiales ;\n\u25e6 une couche de sable pourra, si n\u00e9cessaire, recouvrir le pipeline, mais la terre devra  \n\u00eatre remise dans l'ordre d'origine ;\n\u25e6 l'\u00e9tanch\u00e9it\u00e9  de  la  couche  argileuse  du  lit  du  canal  centre  Crau  devra  \u00eatre \nstrictement pr\u00e9serv\u00e9e ;\n\u25e6 les blocs de poudingue ne pouvant \u00eatre remis en place seront d\u00e9pos\u00e9s le long des  \npistes existantes, espac\u00e9s de 15 \u00e0 30 m\u00e8tres, sous le contr\u00f4le du gestionnaire, afin  \nde constituer des g\u00eetes pour le L\u00e9zard ocell\u00e9 ;\nPlace F\u00e9lix Baret \u2013 CS 80 001 \u2013 13 282 Marseille Cedex 06 -\nT\u00e9l\u00e9phone : 04.84.35.40.00 \nwww.bouches-du-rhone.gouv.fr\n3/5\nDirection R\u00e9gionale et Interd\u00e9partementale de l'Environnement et de l'Energie PACA - 13-2025-11-26-00001 - arr\u00eat\u00e9 portant\nautorisation de travaux d'inspection de pipelines situ\u00e9s dans la r\u00e9serve naturelle nationale des Coussouls de Crau 69\n\u25e6 en  fin  de  chantier,  un  lissage  des  acc\u00e8s  sera  r\u00e9alis\u00e9  afin  d'\u00e9viter  toute  orni\u00e8re \npersistante ;\n\u2022 organisation technique des travaux  :  les phases d'enl\u00e8vement d'enrobage, de sablage,  \nde contr\u00f4les non destructifs, de r\u00e9parations et de re-rev\u00eatement devront respecter les  \nmodalit\u00e9s techniques d\u00e9crites dans la demande, notamment  : interdiction de travail  \nnocturne,  absence  d'\u00e9clairage  artificiel,  utilisation  de  mat\u00e9riels  conformes  aux \npr\u00e9conisations de s\u00e9curit\u00e9 et de r\u00e9duction des impacts, balisage permanent de la zone  \nde fouille ;\n\u2022 suivi  et  incidents : un  surveillant  de  travaux  d\u00e9sign\u00e9  par  le  b\u00e9n\u00e9ficiaire  assurera \nquotidiennement une veille du chantier, garantissant le respect des proc\u00e9dures et des  \nprescriptions  du  pr\u00e9sent  arr\u00eat\u00e9.  Tout  incident,  anomalie  ou  pollution  accidentelle \ndevra \u00eatre signal\u00e9 imm\u00e9diatement aux agents de la r\u00e9serve.\nArticle 3     : dur\u00e9e de l'autorisation\nL'autorisation est valable jusqu'au 28 f\u00e9vrier 2026. Aucun chantier ne pourra \u00eatre engag\u00e9 les  \njours de pluie et durant les deux jours suivants afin de pr\u00e9server l'\u00e9tat des pistes et du  \ncoussoul.\nArticle 4     :   compte-rendu d'activit\u00e9 et bilan\nUn compte-rendu d'ex\u00e9cution des travaux sera transmis \u00e0 la DREAL PACA \u00e0 l'issue du chantier, \nen  lien  avec  les  co-gestionnaires  de  la  r\u00e9serve  (CEN  PACA  et  chambre  d'agriculture  des \nBouches-du-Rh\u00f4ne), ans un d\u00e9lai maximal de 60 jours apr\u00e8s la fin des travaux.\nArticle 5     : mesures de contr\u00f4le\nLa mise en \u0153uvre de la pr\u00e9sente autorisation peut faire l'objet de contr\u00f4les mentionn\u00e9s \u00e0  \nl'article L.170-1 du code de l'environnement.\nArticle 6 : sanctions\nL'absence  de  respect  de  la  pr\u00e9sente  autorisation  expose  le  b\u00e9n\u00e9ficiaire  \u00e0  des  sanctions \nadministratives et des poursuites judiciaires.\nArticle 7     : autres obligations\nLe pr\u00e9sent arr\u00eat\u00e9 ne se substitue pas aux \u00e9ventuelles autres autorisations n\u00e9cessaires \u00e0 la  \nr\u00e9alisation de ces travaux.\nArticle 8 : d\u00e9lais et voies de recours\nLe pr\u00e9sent arr\u00eat\u00e9 est susceptible de recours gracieux aupr\u00e8s du pr\u00e9fet des Bouches-du-Rh\u00f4ne, \nde  recours  hi\u00e9rarchique  ou  de  recours  contentieux  devant  le  tribunal  administratif  de \nMarseille \u2013 31, rue Jean-Fran\u00e7ois LECA \u2013 13 235 Marseille cedex 02, dans un d\u00e9lai de deux mois  \ndans les conditions de l'article R.421-1 du code de justice administrative \u00e0 compter de sa  \nnotification. La juridiction administrative comp\u00e9tente peut aussi \u00eatre saisie par l'application  \nT\u00e9l\u00e9recours citoyens accessible \u00e0 partir du site www.telerecours.fr.\nPlace F\u00e9lix Baret \u2013 CS 80 001 \u2013 13 282 Marseille Cedex 06 -\nT\u00e9l\u00e9phone : 04.84.35.40.00 \nwww.bouches-du-rhone.gouv.fr\n4/5\nDirection R\u00e9gionale et Interd\u00e9partementale de l'Environnement et de l'Energie PACA - 13-2025-11-26-00001 - arr\u00eat\u00e9 portant\nautorisation de travaux d'inspection de pipelines situ\u00e9s dans la r\u00e9serve naturelle nationale des Coussouls de Crau 70\nArticle 9 : ex\u00e9cution \nLe  secr\u00e9taire  g\u00e9n\u00e9ral  de  la  pr\u00e9fecture  des  Bouches-du-Rh\u00f4ne,  le  directeur  r\u00e9gional  de \nl'environnement, de l'am\u00e9nagement et du logement Provence-Alpes-C\u00f4te d'Azur, le directeur \nd\u00e9partemental des territoires et de la mer des Bouches-du-Rh\u00f4ne, le directeur r\u00e9gional de  \nl'office fran\u00e7ais de la biodiversit\u00e9 sont charg\u00e9s, chacun en ce qui le concerne, de l'ex\u00e9cution  \ndu pr\u00e9sent arr\u00eat\u00e9 qui sera publi\u00e9 au recueil des actes administratifs de la pr\u00e9fecture des  \nBouches-du-Rh\u00f4ne.\nFait \u00e0 Marseille, le 26 novembre 2025\nPour le Pr\u00e9fet,\nLa secr\u00e9taire g\u00e9n\u00e9rale adjointe\nsign\u00e9\nMarie-Pervenche PLAZA\nPlace F\u00e9lix Baret \u2013 CS 80 001 \u2013 13 282 Marseille Cedex 06 -\nT\u00e9l\u00e9phone : 04.84.35.40.00 \nwww.bouches-du-rhone.gouv.fr\n5/5\nDirection R\u00e9gionale et Interd\u00e9partementale de l'Environnement et de l'Energie PACA - 13-2025-11-26-00001 - arr\u00eat\u00e9 portant\nautorisation de travaux d'inspection de pipelines situ\u00e9s dans la r\u00e9serve naturelle nationale des Coussouls de Crau 71\nDRFIP PACA et des Bouches-du-Rh\u00f4ne \n13-2025-11-25-00015\nD\u00e9cision du responsable du p\u00f4le gestion\npublique portant d\u00e9l\u00e9gation de signature aux\nagents du centre de gestion financi\u00e8re bloc 2\nplac\u00e9 sous l'autorit\u00e9 de la directrice r\u00e9gionale\ndes Finances publiques de Provence-Alpes-C\u00f4te\nd'Azur et du d\u00e9partement des\nBouches-du-Rh\u00f4ne\nDRFIP PACA et des Bouches-du-Rh\u00f4ne  - 13-2025-11-25-00015 - D\u00e9cision du responsable du p\u00f4le gestion publique portant d\u00e9l\u00e9gation\nde signature aux agents du centre de gestion financi\u00e8re bloc 2 plac\u00e9 sous l'autorit\u00e9 de la directrice r\u00e9gionale des Finances publiques\nde Provence-Alpes-C\u00f4te d'Azur et du d\u00e9partement des Bouches-du-Rh\u00f4ne\n72\nExREPUBLIQUEFRAN\u00c7AISELibert\u00e9Egalit\u00e9Fraternit\u00e9 iFINANCES PUBLIQUES\nDIRECTION G\u00c9N\u00c9RALE DES FINANCES PUBLIQUES\nDIRECTION R\u00c9GIONALE DES FINANCES PUBLIQUES\nDE PROVENCE-ALPES-COTE D'AZUR\nET DES BOUCHES-DU-RH\u00d4NE\n16, Rue Borde\n13357 Marseille Cedex 20\nD\u00e9cision du responsable du p\u00f4le gestion publique\nportant d\u00e9l\u00e9gation de signature aux agents du centre de gestion financi\u00e8re bloc 2 plac\u00e9 sous\nl'autorit\u00e9 de la directrice r\u00e9gionale des Finances publiques de Provence- Alpes-C\u00f4te d'Azur et du\nd\u00e9partement des Bouches-du-Rh\u00f4ne,\nLe responsable du p\u00f4le gestion publique de la direction r\u00e9gionale des Finances publiques de\nProvence-Alpes-C\u00f4te d'Azur et du d\u00e9partement des Bouches-du-Rh\u00f4ne ,\nVu le d\u00e9cret n\u00b0 2004-1085 du 14 octobre 2004 modifi\u00e9 relatif \u00e0 la d\u00e9l\u00e9gation de gestion\ndans les services de l'\u00c9tat ;\nVu le d\u00e9cret  n\u00b0 2009-208  du 20  f\u00e9vrier  2009  modifi\u00e9 relatif  au statut  particulier  des\nadministrateurs des finances publiques ;\nVu le d\u00e9cret n\u00b0 2009-707 du 16 juin 2009 modifi\u00e9 relatif aux services d\u00e9concentr\u00e9s de la\ndirection g\u00e9n\u00e9rale des finances publiques ;\nVu le d\u00e9cret n\u00b0 2012-1246 du 7 novembre 2012 modifi\u00e9 relatif \u00e0 la gestion budg\u00e9taire et\ncomptable publique, notamment son article 86-1 ;\nVu le d\u00e9cret du 28 juillet 2014 portant affectation de M. Yvan HUART, administrateur\ng\u00e9n\u00e9ral des Finances publiques, dans le d\u00e9partement des Bouches-du-Rh\u00f4ne ;\nVu l'arr\u00eat\u00e9 du 21 d\u00e9cembre 2022 portant nomination de M. Yvan HUART en tant que chef\nde p\u00f4le \u00e0 la direction r\u00e9gionale des Finances publiques de Provence-Alpes-C\u00f4te d'Azur  et  la\nnotification  de  renouvellement  de  d\u00e9tachement  jusqu'au  31  d\u00e9cembre  2026  du  service  des\nressources humaines de la direction g\u00e9n\u00e9rale des Finances publiques datant du 31 juillet 2023  ;\nVu l'arr\u00eat\u00e9 du 21 d\u00e9cembre 2023 portant renouvellement de M. Yvan HUART en tant que\nchef  de p\u00f4le \u00e0  la direction r\u00e9gionale  des Finances  publiques de Provence-Alpes-C\u00f4te d'Azur\njusqu'au 31 d\u00e9cembre 2026  ;\nVu les conventions de d\u00e9l\u00e9gation de gestion  relatives au centre de gestion financi\u00e8re bloc\n2 plac\u00e9 sous l'autorit\u00e9 de la directrice r\u00e9gionale des Finances publiques de Provence-Alpes-C\u00f4te\nd'Azur et du d\u00e9partement des Bouches-du-Rh\u00f4ne.\nD\u00e9cide :\nArticle 1er\nD\u00e9l\u00e9gation est donn\u00e9e \u00e0 l'effet de signer tous actes relatifs \u00e0 l'ex\u00e9cution des op\u00e9rations pr\u00e9vues\ndans les conventions de d\u00e9l\u00e9gation de gestion susvis\u00e9es, dans la limite de leurs attributions au\nsein du centre de gestion financi\u00e8re, \u00e0 :\n- M. Herv\u00e9 WATTEAU, ing\u00e9nieur divisionnaire des travaux publics de l'Etat, chef du centre de\ngestion financi\u00e8re (CGF) bloc 2 ;\n- M. R\u00e9mi OLMETA, inspecteur des finances publiques, adjoint au chef du CGF bloc 2 ;\n- M. Marc BALDACCHINO, contr\u00f4leur des Finances publiques, r\u00e9f\u00e9rent de p\u00f4le ;\n- M. Sami BENHASSINE, contr\u00f4leur Principal des Finances publiques, adjoint au r\u00e9f\u00e9rent de p\u00f4le ;\n-  M.  Fr\u00e9d\u00e9ric  PATOLE,  secr\u00e9taire  d'administration  et  de  contr\u00f4le  de  classe  sup\u00e9rieure  du\nd\u00e9veloppement durable, charg\u00e9 de prestations comptables et financi\u00e8res ;\n- Mme Fabienne GARIGLIO, contr\u00f4leuse des Finances publiques, r\u00e9f\u00e9rente coordinatrice ;\nDRFIP PACA et des Bouches-du-Rh\u00f4ne  - 13-2025-11-25-00015 - D\u00e9cision du responsable du p\u00f4le gestion publique portant d\u00e9l\u00e9gation\nde signature aux agents du centre de gestion financi\u00e8re bloc 2 plac\u00e9 sous l'autorit\u00e9 de la directrice r\u00e9gionale des Finances publiques\nde Provence-Alpes-C\u00f4te d'Azur et du d\u00e9partement des Bouches-du-Rh\u00f4ne\n73\n- Mme Magali GATTO, contr\u00f4leuse des Finances publiques, r\u00e9f\u00e9rente de p\u00f4le ;\n- M. S\u00e9bastien MAZA, contr\u00f4leur des Finances publiques, charg\u00e9 de prestations comptables et\nfinanci\u00e8res ;\n- Mme Fabienne VERCEUIL, contr\u00f4leuse des Finances publiques, charg\u00e9e de prestations comptables\net financi\u00e8res ;\n- Mme Faiza ABOUDI, agent administratif principal des Finances publiques, charg\u00e9e de prestations\ncomptables et financi\u00e8res ;\n-  Mme  Jeanne  AIELLO,  adjoint  administratif  principal  de  2e classe,  charg\u00e9e  de  prestations\ncomptables et financi\u00e8res ;\n- Mme Sana ALARY, agent administratif principal des Finances publiques, charg\u00e9e de prestations\ncomptables et financi\u00e8res;\n- Mme St\u00e9phanie DA COSTA, adjoint administratif principal  de 2 e classe, adjointe \u00e0 la r\u00e9f\u00e9rente de\np\u00f4le ;\n- M. Roger FERRER, agent  administratif principal des Finances publiques, charg\u00e9 de prestations\ncomptables et financi\u00e8res ;\n-  Mme  Lola  GIORDANO,  agent  administratif  principal  des  Finances  publiques,  charg\u00e9e  de\nprestations comptables et financi\u00e8res ;\n-  Mme  C\u00e9cile  GUERIN,  agent  administratif  principal  de  2\u00e8me  classe,  charg\u00e9e  de  prestations\ncomptables et financi\u00e8res ;\n-  Mme  Virginie  LEVEILLE,  agent  administratif  principal  de  1\u00e8re  classe,  charg\u00e9e  de  prestations\ncomptables et financi\u00e8res ;\n-  Mme  Christine  NATIVEL,  secr\u00e9taire  d'administration  et  de  contr\u00f4le  de  classe  normale  du\nd\u00e9veloppement durable, charg\u00e9e de prestations comptables et financi\u00e8res ;\n-  Mme  Florence  NEALE-DUCLAVE,  adjoint  administratif  principal  de  1re classe,  charg\u00e9e  de\nprestations comptables et financi\u00e8res ;\n-  Mme  C\u00e9line  PIEDFORT-DELAHAYE,  adjoint  administratif  principal  de  2e classe,  charg\u00e9e  de\nprestations comptables et financi\u00e8res ;\n- M. S\u00e9bastien METZINGER, contr\u00f4leur des Finances publiques, charg\u00e9 de prestations comptables et\nfinanci\u00e8res ;\n-  M.  Alexandre  DE  PALMA,  contractuel  B  administratif,  charg\u00e9  de  prestations  comptables  et\nfinanci\u00e8res ;\n- M. Idrisse ALI, contractuel B administratif, charg\u00e9 de prestations comptables et financi\u00e8res ;\n- Mme Sabrina ZEMOULIA, contractuelle B administratif, charg\u00e9e de prestations comptables et\nfinanci\u00e8res ;\n-Mme Badra BOUKERCHE,  contr\u00f4leuse des Finances publiques stagiaire, charg\u00e9e de prestations\ncomptables et financi\u00e8res ;\n- Mme Delphine ROSE, agent administratif principal des Finances publiques, charg\u00e9e de prestations\ncomptables et financi\u00e8res ;\n-  Mme  Agn\u00e8s  SUELVES,  agent  administratif  des  Finances  publiques,  charg\u00e9e  de  prestations\ncomptables et financi\u00e8res.\nD\u00e9l\u00e9gation de signature est donn\u00e9e en tant que responsables de la Comptabilit\u00e9 Auxiliaire des \nImmobilisations des minist\u00e8res du bloc 2 \u00e0 :\n- M. Herv\u00e9 WATTEAU, ing\u00e9nieur divisionnaire des travaux publics de l'\u00c9tat ;\n- M. R\u00e9mi OLMETA, inspecteur des finances publiques, adjoint du chef du CGF bloc 2 ;\nDRFIP PACA et des Bouches-du-Rh\u00f4ne  - 13-2025-11-25-00015 - D\u00e9cision du responsable du p\u00f4le gestion publique portant d\u00e9l\u00e9gation\nde signature aux agents du centre de gestion financi\u00e8re bloc 2 plac\u00e9 sous l'autorit\u00e9 de la directrice r\u00e9gionale des Finances publiques\nde Provence-Alpes-C\u00f4te d'Azur et du d\u00e9partement des Bouches-du-Rh\u00f4ne\n74\n- M. Marc BALDACCHINO, contr\u00f4leur des Finances publiques ;\n- M. Sami BENHASSINE, contr\u00f4leur Principal des Finances publiques ;\n- Mme Fabienne GARIGLIO, contr\u00f4leuse des Finances publiques ;\n- Mme Magali GATTO, contr\u00f4leuse des Finances publiques ;\n- M. S\u00e9bastien MAZA, contr\u00f4leur des Finances publiques ;\n- Mme Fabienne VERCEUIL, contr\u00f4leuse des Finances publiques ;\n- Mme Jeanne AIELLO, adjoint administratif principal de 2e classe ;\n- Mme St\u00e9phanie DA COSTA, adjoint administratif principal  de 2e classe ;\n- Mme Christine NATIVEL, secr\u00e9taire d'administration et de contr\u00f4le de classe normale du \nd\u00e9veloppement durable ;\n- Mme Virginie LEVEILLE, agent administratif principal de 1\u00e8re classe ;\n- Mme C\u00e9line PIEDFORT-DELAHAYE, adjoint administratif principal de 2e classe.\nArticle 2\nD\u00e9l\u00e9gation est donn\u00e9e \u00e0 l'effet de signer tous actes relatifs \u00e0 l'ex\u00e9cution des op\u00e9rations de recettes\npr\u00e9vues dans les conventions de d\u00e9l\u00e9gation de gestion susvis\u00e9es, dans la limite de leurs attributions\nau sein du centre de gestion financi\u00e8re, \u00e0 :\n-  Mme  Tatiana  DORMEAU,  inspectrice des  Finances  publiques,  cheffe  du  centre  de  gestion\nfinanci\u00e8re recettes ;\n- M. Olivier ARBEAU, contr\u00f4leur des Finances publiques, charg\u00e9 du traitement des recettes non\nfiscales ;\n- Mme Hajer LIMAM, contr\u00f4leuse des Finances publiques, charg\u00e9e du traitement des recettes non\nfiscales ;\n- Mme Th\u00e9r\u00e8se KAMATCHY, contr\u00f4leuse des Finances publiques, charg\u00e9e du traitement des recettes\nnon fiscales ;\n- Mme Julie CALICAT, adjoint administratif principal de  2\u00e8me   classe, charg\u00e9e du traitement des\nrecettes non fiscales.\nArticle 3\nLa pr\u00e9sente d\u00e9cision abroge l'acte n\u00b013-2025-08-19-00010 du 19 ao\u00fbt 2025 publi\u00e9 au recueil des \nactes administratifs sp\u00e9cial n\u00b013-2025-246 du 20 ao\u00fbt 2025.\nLa pr\u00e9sente d\u00e9cision sera publi\u00e9e au recueil des actes administratifs de la pr\u00e9fecture des Bouches \ndu Rh\u00f4ne.\n\u00c0 Marseille, le 25/11/2025\nL'administrateur de l'\u00c9tat, \nresponsable du p\u00f4le gestion publique de la direction \nr\u00e9gionale des Finances publiques de Provence-Alpes-C\u00f4te \nd'Azur et du d\u00e9partement des Bouches-du-Rh\u00f4ne\nSign\u00e9\nYvan HUART \nDRFIP PACA et des Bouches-du-Rh\u00f4ne  - 13-2025-11-25-00015 - D\u00e9cision du responsable du p\u00f4le gestion publique portant d\u00e9l\u00e9gation\nde signature aux agents du centre de gestion financi\u00e8re bloc 2 plac\u00e9 sous l'autorit\u00e9 de la directrice r\u00e9gionale des Finances publiques\nde Provence-Alpes-C\u00f4te d'Azur et du d\u00e9partement des Bouches-du-Rh\u00f4ne\n75\nDRFIP PACA et des Bouches-du-Rh\u00f4ne \n13-2025-11-26-00009\nD\u00e9l\u00e9gation de signature du SIP Marseille Prado\nDRFIP PACA et des Bouches-du-Rh\u00f4ne  - 13-2025-11-26-00009 - D\u00e9l\u00e9gation de signature du SIP Marseille Prado 76\nExREPUBLIQUEFRAN\u00c7AISELibert\u00e9Egalit\u00e9Fraternit\u00e9\nTFINANCES PUBLIQUES\nDIRECTION G\u00c9N\u00c9RALE DES FINANCES PUBLIQUES\nDIRECTION R\u00c9GIONALE DES FINANCES PUBLIQUES \nDE PROVENCE-ALPES-COTE D'AZUR\nET DU D\u00c9PARTEMENT DES BOUCHES-DU-RH\u00d4NE\nService des imp\u00f4ts des particuliers de\nMarseille Prado\nD\u00e9l\u00e9gation de signature\nMadame la comptable, Liliane BERGER, Administratrice des finances publiques adjointe, \nresponsable du service des imp\u00f4ts des particuliers de MARSEILLE PRADO,\nVu le code g\u00e9n\u00e9ral des imp\u00f4ts, et notamment l'article 408 de son annexe II et les articles 212 \u00e0 217\nde son annexe IV ;\nVu le livre des proc\u00e9dures fiscales, et notamment les articles L. 247 , L. 257 A et R* 247-4 et suivants ;\nVu le d\u00e9cret n\u00b0 2008-310 du 3 avril 2008 relatif \u00e0 la direction g\u00e9n\u00e9rale des Finances publiques ;\nVu le d\u00e9cret n\u00b0 2009-707 du 16 juin 2009 relatif aux services d\u00e9concentr\u00e9s de la direction g\u00e9n\u00e9rale\ndes finances publiques ;\nVu le d\u00e9cret n\u00b0 2012-1246 du 7 novembre 2012 relatif \u00e0 la gestion budg\u00e9taire et comptable publique,\net notamment son article 16 ;\nVu  l'arr\u00eat\u00e9  minist\u00e9riel  du  26  octobre  2021  portant  ajustement  de  p\u00e9rim\u00e8tre  des  services\nd\u00e9concentr\u00e9s de la direction g\u00e9n\u00e9rale des finances publiques publi\u00e9 au Journal officiel n\u00b0 253 du 29\noctobre 2021 ; \nArr\u00eate :\nArticle 1er\nD\u00e9l\u00e9gation de signature est donn\u00e9e \u00e0 :\n   -     M. DABANIAN Denis, inspecteur principal des Finances publiques,\n- Mme FERAA Alexia, inspectrice divisionnaire des Finances publiques,\n- Mme BORRIELLO Sandrine, inspectrice des Finances publiques,\n- Mme NAUMANN Laurence, inspectrice des Finances publiques,\n- Mme LUCIANI Laura, inspectrice des Finances publiques,\n- M. HACHANI Nizar, inspecteur des Finances publiques,\n- M. LEPAGNOL Lucas, inspecteur des Finances publiques.\nadjoints au responsable du service des imp\u00f4ts des particuliers de Marseille Prado \u00e0 l'effet de signer :\n1\u00b0) dans la limite de 60  000 \u20ac, en mati\u00e8re de contentieux fiscal d'assiette, les d\u00e9cisions d'admission\ntotale, d'admission partielle ou de rejet, de d\u00e9gr\u00e8vement ou restitution d'office ;\n2\u00b0) en mati\u00e8re de gracieux fiscal, les d\u00e9cisions portant remise, mod\u00e9ration, transaction ou rejet\ndans la limite de 60 000 \u20ac ;\nDRFIP PACA et des Bouches-du-Rh\u00f4ne  - 13-2025-11-26-00009 - D\u00e9l\u00e9gation de signature du SIP Marseille Prado 77\n3\u00b0) les documents n\u00e9cessaires \u00e0 l'ex\u00e9cution comptable des d\u00e9cisions contentieuses et gracieuses,\nsans limitation de montant ;\n4\u00b0) au nom et sous la responsabilit\u00e9 du comptable soussign\u00e9,\na) les d\u00e9cisions relatives aux demandes de d\u00e9lai de paiement, sans conditions de dur\u00e9e ni\nde montant ;\nb) les avis de mise en recouvrement ;\nc) en mati\u00e8re de recouvrement, les d\u00e9cisions gracieuses, relatives aux p\u00e9nalit\u00e9s et aux frais\nde poursuites, portant remise, mod\u00e9ration ou rejet, dans la limite de 15 000 \u20ac ;\nd) l'ensemble des actes relatifs au recouvrement, et notamment les mises en demeure de\npayer,  les actes de poursuites, les interruptions d'actes de poursuites, les d\u00e9clarations de\ncr\u00e9ances ainsi que pour ester en justice ;\ne) tous actes d'administration et de gestion du service.\nArticle 2\nD\u00e9l\u00e9gation de signature est donn\u00e9e \u00e0 l'effet de signer, en mati\u00e8re de contentieux fiscal d'assiette,\nles d\u00e9cisions d'admission totale, d'admission partielle ou de rejet, de d\u00e9gr\u00e8vement ou restitution\nd'office et, en mati\u00e8re de gracieux fiscal, les d\u00e9cisions portant remise, mod\u00e9ration ou rejet aux\nagents d\u00e9sign\u00e9s ci-apr\u00e8s et dans la limite pr\u00e9cis\u00e9e dans le tableau ci -dessous \nNom et pr\u00e9nom des agents Grade Limite des d\u00e9cisions\ngracieuses\nLimite des d\u00e9cisions\ncontentieuses \u00e0\nl'exception des\nd\u00e9cisions de rejet\npour les agents\ncontractuels et les\nagents C\nDELPY Corinne Contr\u00f4leur Principal 10 000 \u20ac 10 000 \u20ac\nROSSETTI Rom\u00e9o Contr\u00f4leur 10 000 \u20ac 10 000 \u20ac\nBENAISSA YAHIA Medhi Contr\u00f4leur 10 000 \u20ac 10 000 \u20ac\nASENCIO Marie-Claude Contr\u00f4leur 10 000 \u20ac 10 000 \u20ac\nGRECO Laurent Contr\u00f4leur 10 000 \u20ac 10 000 \u20ac\nZITTA Jean-Fran\u00e7ois Contr\u00f4leur 10 000 \u20ac 10 000 \u20ac\nDUPUIS Mandy Contr\u00f4leur 10 000 \u20ac 10 000 \u20ac\nAMYAY Samira Contractuel-B 10 000 \u20ac\nGOMIS Sarah Contractuel-B 10 000 \u20ac\nHAKIL Allia Agent 2 000 \u20ac\nEL AMAMI Cherif Agent 2 000 \u20ac\nANDRIANJOHANY Bina Agent 2 000 \u20ac\nCAPELLO Agn\u00e8s Agent 2 000 \u20ac\nDI FEDE Jonathan Agent 2 000 \u20ac\nFARTAS Fabien Agent 2 000 \u20ac\nGOSSEREZ Jean-Fran\u00e7ois Agent 2 000 \u20ac\nSEMEDO Noa Agent 2 000 \u20ac\nTRUDO Jean-Claude Agent 2 000 \u20ac\nMONTILIBERT Adelia Agent 2 000 \u20ac\nDIDOUNE Katia Contractuel-C 2 000 \u20ac\nCADOT-COET Aurelien Contractuel-C 2 000 \u20ac\nDRFIP PACA et des Bouches-du-Rh\u00f4ne  - 13-2025-11-26-00009 - D\u00e9l\u00e9gation de signature du SIP Marseille Prado 78\nArticle 3\nD\u00e9l\u00e9gation de signature est donn\u00e9e aux agents d\u00e9sign\u00e9s ci-apr\u00e8s \u00e0 l'effet de signer :\n1\u00b0)  les  d\u00e9cisions  gracieuses,  relatives  aux  p\u00e9nalit\u00e9s  et  aux  frais  de  poursuites,  portant  remise,\nmod\u00e9ration ou rejet, dans la limite pr\u00e9cis\u00e9e dans le tableau ci-dessous ;\n2\u00b0) les d\u00e9cisions relatives aux demandes de d\u00e9lai de paiement, dans les limites de dur\u00e9e et de\nmontant indiqu\u00e9es dans le tableau ci-apr\u00e8s ;\n3\u00b0) les avis de mise en recouvrement ;\n4\u00b0) les actes relatifs au recouvrement suivants  : les mises en demeure de payer, les interruptions\nd'actes de poursuites, les d\u00e9clarations de cr\u00e9ances, la d\u00e9livrance de bordereaux de situation et\nattestations.\nNom et pr\u00e9nom des agents Grade\nLimite\ndes remises de\nmajorations\nDur\u00e9e maximale\ndes d\u00e9lais de\npaiement\nSomme maximale\npour laquelle un\nd\u00e9lai de paiement\npeut \u00eatre accord\u00e9\nWYSOCKA Fr\u00e9d\u00e9ric Contr\u00f4leur principal 2 000 \u20ac 12 mois 20 000 \u20ac\nAQUILINA Philippe Contr\u00f4leur Principal 2 000 \u20ac 12 mois 20 000 \u20ac\nGRECO Laurent Contr\u00f4leur Principal 2 000 \u20ac 12 mois 20 000 \u20ac\nZITTA Jean-Fran\u00e7ois Contr\u00f4leur 2 000 \u20ac 12 mois 20 000 \u20ac\nCHATELAIN Angele Contr\u00f4leur 2 000 \u20ac 12 mois 20 000 \u20ac\nASENCIO Marie-Claude Contr\u00f4leur 2 000 \u20ac 12 mois 20 000 \u20ac\n BA YOUSSOUPH Contr\u00f4leur 2 000 \u20ac  12 mois 20 000 \u20ac\nDRAGOTTA Bruno Contr\u00f4leur 2 000 \u20ac 12 mois 20 000 \u20ac\nSANDAROM Gabriel Contr\u00f4leur 2 000 \u20ac 12 mois 20 000 \u20ac\nAMYAY Samira Contractuel-B 800 \u20ac 8 mois 5 000 \u20ac\nGOMIS Sarah Contractuel-B 800 \u20ac 8 mois 5 000 \u20ac\nANDRIANJOHANY Bina Agent 800 \u20ac 8 mois 5 000 \u20ac\nHAKIL Allia Agent 800 \u20ac 8 mois 5 000 \u20ac\nLOUISIN Julie Agent 800 \u20ac 8 mois 5 000 \u20ac\nMORI Jessica Agent 800 \u20ac 8 mois 5 000 \u20ac\nEL AMAMI Ch\u00e9rif Agent 800 \u20ac 8 mois 5 000 \u20ac\nDIDOUNE Katia Contractuel-C 800 \u20ac 8 mois 5 000 \u20ac\nSIGNORET Nathalie Contractuel -C 800 \u20ac 8 mois 5 000 \u20ac\nArticle 4\nD\u00e9l\u00e9gation de signature est donn\u00e9e aux agents de l'\u00e9quipe d\u00e9di\u00e9e \u00e0 l'accueil d\u00e9sign\u00e9s ci-apr\u00e8s \u00e0\nl'effet de signer :\n1\u00b0)  en  mati\u00e8re  de  contentieux  et  gracieux  fiscal  d'assiette,  les  d\u00e9cisions  d'admission  totale,\nd'admission partielle ou de rejet, de d\u00e9gr\u00e8vement ou restitution d'office ;\n2\u00b0) les d\u00e9cisions relatives aux demandes de d\u00e9lai de paiement, dans les limites de dur\u00e9e et de\nmontant indiqu\u00e9es dans le tableau ci-apr\u00e8s ;\n3\u00b0) les actes relatifs au recouvrement suivant  : les interruptions des actes de poursuites, d\u00e9livrance\nde bordereaux de situation et attestation ;\nDRFIP PACA et des Bouches-du-Rh\u00f4ne  - 13-2025-11-26-00009 - D\u00e9l\u00e9gation de signature du SIP Marseille Prado 79\nNoms et pr\u00e9noms des agents du\nSIP MARSEILLE PRADO Grade\nLimite des\nd\u00e9cisions\ncontentieuses  \u00e0\nl'exception des\nd\u00e9cisions de\nrejet pour les\nagents C\nDur\u00e9e\nmaximale des\nd\u00e9lais de\npaiement\nSomme\nmaximale pour\nlaquelle un d\u00e9lai\nde paiement\npeut \u00eatre\naccord\u00e9\nNADDOUR-MOUBARAK B\u00e9atrice Inspectrice 60 000 \u20ac 6 mois 15 000 \u20ac\nLUCIANI Laura Inspectrice 60 000 \u20ac 6 mois 15 000 \u20ac\nHACHANI Nizar Inspecteur 60 000 \u20ac 6 mois 15 000 \u20ac\nABDELKADER Souhib Contr\u00f4leur 10 000 \u20ac 6 mois 5 000 \u20ac\nGARNIER-SAWICKI Catherine Contr\u00f4leur 10 000 \u20ac 6 mois 5 000 \u20ac\nMAYEUL Youri Contr\u00f4leur 10 000 \u20ac 6 mois 5 000 \u20ac\nROSSIGNOL Antony Contr\u00f4leur 10 000 \u20ac 6 mois 5 000 \u20ac\nBEZGIN  Filiz Contractuel-B 10 000 \u20ac 6 mois 5 000 \u20ac\nDEBBACHE Rachid Contr\u00f4leur 10 000 \u20ac 6 mois 5 000 \u20ac\nLECCQ Eve Contr\u00f4leur 10 000 \u20ac 6 mois 5 000 \u20ac\nGANA Mohamed-el-Mehdi Contr\u00f4leur 10 000 \u20ac 6 mois 5 000 \u20ac\nPUGLIESE Lucas Contractuel- B 10 000 \u20ac 6 mois 5 000 \u20ac\nNICATOR Laura Contractuel- B 10 000 \u20ac 6 mois 5 000 \u20ac\nGIALLURACHIS Michel Agent 2 000 \u20ac 6 mois 3 000 \u20ac\nNGUEMBY Didier Agent 2 000 \u20ac 6 mois 3 000 \u20ac\nBAZIT  Marie Th\u00e9r\u00e8se Agent 2 000 \u20ac 6 mois 3 000 \u20ac\nDAVROU Christophe Agent 2 000 \u20ac 6 mois 3 000 \u20ac\nHADJ-REHOUMA Doha Agent 2 000 \u20ac 6 mois 3 000 \u20ac\nATIA Hayat Agent 2 000 \u20ac 6 mois 3 000 \u20ac\nNOURI Leila Agent 2 000 \u20ac 6 mois 3 000 \u20ac\nISTIQUAM Fatima Agent 2 000 \u20ac 6 mois 3 000 \u20ac\nTOURE Mabintou Agent 2 000 \u20ac 6 mois 3 000 \u20ac\nNoms et pr\u00e9noms\ndes agents du\nSIP MARSEILLE BORDE\nGrade\nLimite des\nd\u00e9cisions\ncontentieuses\nDur\u00e9e\nmaximale des\nd\u00e9lais de\npaiement\nSomme\nmaximale pour\nlaquelle un d\u00e9lai\nde paiement\npeut \u00eatre\naccord\u00e9\nPRODROMOS Karine Inspectrice\ndivisionnaire 10 000 \u20ac 6 mois 5 000 \u20ac\nCAPPIOLI-FEDELE C\u00e9line Inspectrice 10 000 \u20ac 6 mois 5 000 \u20ac\nOUMEUR Dorian Inspecteur 10 000 \u20ac 6 mois 5 000 \u20ac\nDRFIP PACA et des Bouches-du-Rh\u00f4ne  - 13-2025-11-26-00009 - D\u00e9l\u00e9gation de signature du SIP Marseille Prado 80\nLes  agents  d\u00e9l\u00e9gataires  ci-dessus  d\u00e9sign\u00e9s  peuvent  prendre  des  d\u00e9cisions  \u00e0  l'\u00e9gard  des\ncontribuables  relevant  de  l'ensemble  des  services  suivants  :  SIP  de  Marseille  PRADO,  SIP  de\nMarseille BORDE.\nArticle 5\nLe pr\u00e9sent arr\u00eat\u00e9 sera publi\u00e9 au recueil des actes administratifs des Bouches-du-Rh\u00f4ne.\nA MARSEILLE, le  26/11/2025\nLa comptable, responsable du service des \nimp\u00f4ts des particuliers de Marseille Prado\nSign\u00e9\nLiliane BERGER\nDRFIP PACA et des Bouches-du-Rh\u00f4ne  - 13-2025-11-26-00009 - D\u00e9l\u00e9gation de signature du SIP Marseille Prado 81\nPr\u00e9fecture de police des Bouches-du-Rh\u00f4ne\n13-2025-11-26-00007\nArr\u00eat\u00e9 autorisant la captation et la transmission \nd'images au moyen de cam\u00e9ras install\u00e9es sur des\na\u00e9ronefs le 29 novembre 2025\nPr\u00e9fecture de police des Bouches-du-Rh\u00f4ne - 13-2025-11-26-00007 - Arr\u00eat\u00e9 autorisant la captation et la transmission \nd'images au moyen de cam\u00e9ras install\u00e9es sur des a\u00e9ronefs le 29 novembre 2025 82\n| 3PREFETDES BOUCHES-DU-RHONELibert\u00e9Egalit\u00e9Fraternit\u00e9\n \n \n \n \n \nPr\u00e9f\u00e8te de police d\u00e9l\u00e9gu\u00e9e \n \n \n \n \n \n \n \n \n \n \n \n \nPlace F\u00e9lix Baret \u2013 CS 80001 \u2013 13282 Marseille Cedex 06 \nT\u00e9l\u00e9phone : 04 96 10 64 11 \u2013 Courriel : pp13-courrier@interieur.gouv.fr \nArr\u00eat\u00e9 autorisant la captation et la transmission  \nd'images au moyen de cam\u00e9ras install\u00e9es sur des a\u00e9ronefs le 29 novembre 2025 \n \n \nLa pr\u00e9f\u00e8te de police d\u00e9l\u00e9gu\u00e9e des Bouches-du-Rh\u00f4ne, \n \nVu  le code de la s\u00e9curit\u00e9 int\u00e9rieure et notamment ses  articles L. 242-1 \u00e0 L. 242-8 et \nR. 242-8 \u00e0 R. 242-14 ; \n \nVu  l'article L. 122-1 du code de la s\u00e9curit\u00e9 int\u00e9rieure ; \n \nVu  le d\u00e9cret n\u00b0 2004-374 du 29 avril 2004 relatif aux pouvoirs des pr\u00e9fets, \u00e0 \nl'organisation et \u00e0 l'action des services de l'\u00c9tat dans les r\u00e9gions et d\u00e9partements ; \n \nVu  le d\u00e9cret du Pr\u00e9sident de la R\u00e9publique du 23 octo bre 2024 portant nomination \nde Mme Isabelle EPAILLARD en qualit\u00e9 de pr\u00e9f\u00e8te d\u00e9l\u00e9gu\u00e9e pour l'\u00e9galit\u00e9 des chances \naupr\u00e8s du pr\u00e9fet de la r\u00e9gion Provence-Alpes-C\u00f4te d 'Azur, pr\u00e9fet de la zone de \nd\u00e9fense et de s\u00e9curit\u00e9 Sud, pr\u00e9fet des Bouches-du-R h\u00f4ne, en outre pr\u00e9fet de police \ndes Bouches du Rh\u00f4ne ; \n \nVu le d\u00e9cret du pr\u00e9sident de la R\u00e9publique du 17 juill et 2025 portant nomination de \nMme Corinne SIMON en qualit\u00e9 de pr\u00e9f\u00e8te de police d \u00e9l\u00e9gu\u00e9e aupr\u00e8s du pr\u00e9fet des \nBouches-du-Rh\u00f4ne ; \n \nVu le d\u00e9cret du pr\u00e9sident de la R\u00e9publique du 31 juill et 2025 portant nomination de \nMme Lola MENAHEM en qualit\u00e9 de sous-pr\u00e9f\u00e8te, direct rice de cabinet de la pr\u00e9f\u00e8te \nde police d\u00e9l\u00e9gu\u00e9e aupr\u00e8s du pr\u00e9fet des Bouches-du-Rh\u00f4ne ; \n \nVu le d\u00e9cret du pr\u00e9sident de la R\u00e9publique du 23 septembre 2025 portant nomination \nde M. Pierre GILARDEAU en qualit\u00e9 de sous-pr\u00e9fet, directeur de cabinet adjoint de la \npr\u00e9f\u00e8te de police d\u00e9l\u00e9gu\u00e9e aupr\u00e8s du pr\u00e9fet des Bouches-du-Rh\u00f4ne ; \n \nVu  l'arr\u00eat\u00e9 pr\u00e9fectoral du 7 novembre 2025 donnant d\u00e9l\u00e9gation de signature \u00e0 Mme \nCorinne SIMON, pr\u00e9f\u00e8te de police d\u00e9l\u00e9gu\u00e9e aupr\u00e8s du pr\u00e9fet des Bouches-du-Rh\u00f4ne \nainsi qu'\u00e0 Mme Lola MENAHEM, sous-pr\u00e9f\u00e8te, directri ce de cabinet de la pr\u00e9f\u00e8te de \nPr\u00e9fecture de police des Bouches-du-Rh\u00f4ne - 13-2025-11-26-00007 - Arr\u00eat\u00e9 autorisant la captation et la transmission \nd'images au moyen de cam\u00e9ras install\u00e9es sur des a\u00e9ronefs le 29 novembre 2025 83\npolice d\u00e9l\u00e9gu\u00e9e et de M. Pierre GILARDEAU en qualit \u00e9 de sous-pr\u00e9fet, directeur de \ncabinet adjoint de la pr\u00e9f\u00e8te de police d\u00e9l\u00e9gu\u00e9e ; \n \nVu  la demande form\u00e9e par la direction interd\u00e9partementale de la police nationale des \nBouches-du-Rh\u00f4ne en date du 25 novembre 2025, visan t \u00e0 obtenir l'autorisation de \ncapter et de transmettre des images au moyen de deu x cam\u00e9ras install\u00e9es sur un \na\u00e9ronef sans \u00e9quipage \u00e0 bord aux fins d'assurer la s\u00e9curit\u00e9 du secteur autour du stade \nOrange V\u00e9lodrome de Marseille ; \n \nConsid\u00e9rant  la tenue au stade Orange V\u00e9lodrome de Marseille du  match de football \nde ligue 1 opposant l'Olympique de Marseille au Tou louse FC le 29 novembre 2025 ; \nque pr\u00e8s de 64000 spectateurs sont attendus dans l'enceinte du stade ; \n \nConsid\u00e9rant  la pr\u00e9sence sur le pourtour du stade Orange V\u00e9lodr ome de nombreux \nbars et restaurants r\u00e9unissant un grand nombre de s upporters de l'Olympique de \nMarseille, estim\u00e9 \u00e0 plusieurs milliers  ; qu'\u00e0 plusieurs reprises, les autocars des joueurs  \nou des supporters adverses ont fait l'objet de jets de projectiles par les supporters de \nl'Olympique de Marseille comme ce fut notamment le cas le 29 octobre 2023 \u00e0 \nl'encontre des autocars des joueurs et des supporte rs lyonnais  ; que des rixes entres \nsupporters sont \u00e9galement intervenues \u00e0 plusieurs reprises, notamment aux alentours \ndu stade Orange V\u00e9lodrome  ; \n \nConsid\u00e9rant  que les dispositions des articles L. 242-1 et suivants du code de la s\u00e9curit\u00e9 \nint\u00e9rieure permettent aux forces de s\u00e9curit\u00e9 int\u00e9ri eure, dans l'exercice de leurs \nmissions de pr\u00e9vention des atteintes \u00e0 l'ordre publ ic et de protection de la s\u00e9curit\u00e9 \ndes personnes et des biens, de proc\u00e9der \u00e0 la captat ion et \u00e0 la transmission d'images \nau moyen de cam\u00e9ras install\u00e9es sur des a\u00e9ronefs ; que le 1\u00b0 de l'article L. 242-5 susvis\u00e9 \npr\u00e9voit que ces dispositifs peuvent \u00eatre mis en \u0153uv re au titre de la pr\u00e9vention des \natteintes \u00e0 la s\u00e9curit\u00e9 des personnes et des biens dans des lieux particuli\u00e8rement \nexpos\u00e9s, en raison de leurs caract\u00e9ristiques ou des  faits qui s'y sont d\u00e9j\u00e0 d\u00e9roul\u00e9s, \u00e0 \ndes risques d'agression et de vol, ainsi que la protection des b\u00e2timents et installations \npublics et de leurs abords imm\u00e9diats, lorsqu'ils so nt particuli\u00e8rement expos\u00e9s \u00e0 des \nrisques d'intrusion ou de d\u00e9gradation ; que le 4\u00b0 de l'article L. 242-5 susvis\u00e9 pr\u00e9voit que \nces dispositifs peuvent \u00eatre mis en \u0153uvre \u00e0 des fins de r\u00e9gulation des flux de transport, \naux seules fins du maintien de l'ordre et de la s\u00e9curit\u00e9 publics ;   \n \nConsid\u00e9rant  qu'eu \u00e9gard au nombre de spectateurs assistant au match, la captation \net la transmission d'images au moyen de cam\u00e9ras ins tall\u00e9es sur des a\u00e9ronefs permet \nd'assurer la r\u00e9gulation des flux de transport autou r du Stade Orange V\u00e9lodrome aux \nseules fins du maintien de l'ordre et la s\u00e9curit\u00e9 p ublics dans les secteurs o\u00f9 les \ncheminements des spectateurs vers les transports publics sont d\u00e9pourvus de moyens \nde vid\u00e9o-protection au sol ; \n \nConsid\u00e9rant  que pour la pr\u00e9vention des troubles \u00e0 l'ordre public \u00e0 l'occasion du match, \nil est n\u00e9cessaire de disposer d'un dispositif de surveillance permettant de s\u00e9curiser la \nPr\u00e9fecture de police des Bouches-du-Rh\u00f4ne - 13-2025-11-26-00007 - Arr\u00eat\u00e9 autorisant la captation et la transmission \nd'images au moyen de cam\u00e9ras install\u00e9es sur des a\u00e9ronefs le 29 novembre 2025 84\nvoie publique en amont et en aval de cet \u00e9v\u00e8nement pour pr\u00e9venir ou mettre fin \u00e0 \nd'\u00e9ventuelles rixes entre spectateurs et personnes \u00e0 l'ext\u00e9rieur du stade ou \u00e0 des \natteintes \u00e0 la s\u00e9curit\u00e9 des personnes ou des biens  ;  \n \nConsid\u00e9rant  qu'il existe des risques de troubles \u00e0 l'ordre public ; que, compte tenu de \nl'absence de cam\u00e9ra de vid\u00e9o-protection permettant aux forces de s\u00e9curit\u00e9 int\u00e9rieure \nde disposer d'une vision globale et dynamique, le recours aux dispositifs de captation \ninstall\u00e9s sur des a\u00e9ronefs est n\u00e9cessaire et adapt\u00e9 ; qu'il n'existe pas de dispositif moins \nintrusif permettant de parvenir aux m\u00eames fins  ;  \n \nConsid\u00e9rant  que la dur\u00e9e de l'engagement des cam\u00e9ras a\u00e9roport\u00e9 es est limit\u00e9e \u00e0 la \np\u00e9riode durant laquelle les rassemblements seront les plus importants ; que les lieux \nsurveill\u00e9s par ce moyen sont strictement limit\u00e9s au x p\u00e9rim\u00e8tres susceptibles d'\u00eatre \nconcern\u00e9s par des rassemblements ; qu'au regard des circonstances susmentionn\u00e9es, \nla demande n'appara\u00eet pas disproportionn\u00e9e  ;  \n \nConsid\u00e9rant  que le recours \u00e0 la captation et la transmission d'images fera l'objet d'une \ninformation par plusieurs moyens adapt\u00e9s  ; qu'outre la publication du pr\u00e9sent arr\u00eat\u00e9 \nau recueil des actes administratifs, ce dispositif fera l'objet d'une information sur le \nsite de la pr\u00e9fecture des Bouches-du-Rh\u00f4ne ; \n \nSur proposition de la sous-pr\u00e9f\u00e8te, directrice de cabinet ; \n \nARR\u00caTE  \n \nArticle 1er - La captation et la transmission d'images par la d irection \ninterd\u00e9partementale de la police nationale des Bouc hes-du-Rh\u00f4ne est autoris\u00e9e au \ntitre de la pr\u00e9vention des atteintes \u00e0 la s\u00e9curit\u00e9 des personnes et des biens ainsi qu'au \ntitre de la s\u00e9curit\u00e9 des rassemblements de personnes \u00e0 l'occasion de cette rencontre \nde football de ligue 1 entre l'Olympique de Marseille et le Toulouse FC et \u00e0 l'appui des \npersonnels au sol, en vue de leur permettre de maintenir ou de r\u00e9tablir l'ordre public. \n \nArticle 2 \u2013 Le nombre maximal de cam\u00e9ras pouvant proc\u00e9der simu ltan\u00e9ment aux \ntraitements mentionn\u00e9s \u00e0 l'article 1 er  est fix\u00e9 \u00e0 deux cam\u00e9ras install\u00e9es  sur des drones \n\u00ab DJI  mod\u00e8le MAVIC  \u00bb \n \nArticle 3 - La pr\u00e9sente autorisation est d\u00e9livr\u00e9e sur le terr itoire de la commune de \nMarseille, sur les p\u00e9rim\u00e8tres suivants  : \n \nRue F. Mauriac \u2013 Av de la Capelette \u2013 Place de Polo gne \u2013 Bd J. Moulin \u2013 Bd Rabatau \n\u2013 Av du Prado \u2013 Av P. Mendes France \u2013 Av de Bonneve ine \u2013 Av Clot-Bey \u2013 Av de \nMazargues \u2013 Bd Barral \u2013 Bd G. Ganay \u2013 Av J. Bouin \u2013  Bd R. Rolland  \n \nArticle 4  \u2013 La pr\u00e9sente autorisation est d\u00e9livr\u00e9e le samedi 29 novembre 2025 \u00e0 17h00 \nau dimanche 30 novembre 2025 \u00e0 01h00. \nPr\u00e9fecture de police des Bouches-du-Rh\u00f4ne - 13-2025-11-26-00007 - Arr\u00eat\u00e9 autorisant la captation et la transmission \nd'images au moyen de cam\u00e9ras install\u00e9es sur des a\u00e9ronefs le 29 novembre 2025 85\n  \nArticle 5  \u2013 L'information du public est assur\u00e9e par la publication du pr\u00e9sent arr\u00eat\u00e9 au \nrecueil des actes administratifs des services de l'\u00c9tat dans les Bouches-du-Rh\u00f4ne et par \nsa diffusion sur le site de la pr\u00e9fecture de police des Bouches-du-Rh\u00f4ne. \n \nArticle 6\n - Le pr\u00e9sent arr\u00eat\u00e9 peut faire l'objet d'un recours contentieux aupr\u00e8s du \ntribunal administratif de Marseille, sis 31 Rue Jea n Fran\u00e7ois Leca, 13002 Marseille, \ndans un d\u00e9lai de deux mois \u00e0 compter de sa publicat ion ou au moyen de \nl'application \u00ab  T\u00e9l\u00e9recours citoyen  \u00bb (https://www.telerecours.fr). \n \n \nArticle 7 \n \u2013 La sous-pr\u00e9f\u00e8te, directrice de cabinet de la pr\u00e9f\u00e8te de police d\u00e9l\u00e9gu\u00e9e et le \ndirecteur interd\u00e9partemental de la police nationale  des Bouches-du-Rh\u00f4ne, sont \ncharg\u00e9s, chacun en ce qui le concerne, de l'ex\u00e9cution du pr\u00e9sent arr\u00eat\u00e9.                                                                  \n  \n                                Marseille, le 26 novembre 2025  \n \n                             Pour la pr\u00e9f\u00e8te de police d\u00e9l\u00e9gu\u00e9e, \n                          la directrice de cabinet  \n                                   \n                                           Sign\u00e9  \n \n \n                                                Lola MENAHEM \n  \n \nPr\u00e9fecture de police des Bouches-du-Rh\u00f4ne - 13-2025-11-26-00007 - Arr\u00eat\u00e9 autorisant la captation et la transmission \nd'images au moyen de cam\u00e9ras install\u00e9es sur des a\u00e9ronefs le 29 novembre 2025 86\nPr\u00e9fecture de police des Bouches-du-Rh\u00f4ne\n13-2025-11-26-00005\nArr\u00eat\u00e9 portant interdiction de port, de transport,\nde d\u00e9tention et usage d'engins pyrotechniques\naux abords du stade Orange V\u00e9lodrome \u00e0\nMarseille lors de la rencontre de football\nopposant l'\u00e9quipe de l'Olympique de Marseille \u00e0\ncelle du Toulouse FC le 29 novembre 2025\nPr\u00e9fecture de police des Bouches-du-Rh\u00f4ne - 13-2025-11-26-00005 - Arr\u00eat\u00e9 portant interdiction de port, de transport, de d\u00e9tention et\nusage d'engins pyrotechniques aux abords du stade Orange V\u00e9lodrome \u00e0 Marseille lors de la rencontre de football opposant l'\u00e9quipe\nde l'Olympique de Marseille \u00e0 celle du Toulouse FC le 29 novembre 2025\n87\n| =PREFETDES BOUCHES-DU-RHONELibert\u00e9Egalit\u00e9Fraternit\u00e9\n \n \nPr\u00e9f\u00e8te de police d\u00e9l\u00e9gu\u00e9e \n \n \n \n \n \n \n \nArr\u00eat\u00e9 portant interdiction de port, de transport, de d\u00e9tention et usage d'engins pyrotechniques aux \nabords du stade Orange V\u00e9lodrome \u00e0 Marseille lors de la rencontre de football opposant l'\u00e9quipe de \nl'Olympique de Marseille \u00e0 celle du Toulouse FC le 29 novembre 2025  \n \n \nLa pr\u00e9f\u00e8te de police d\u00e9l\u00e9gu\u00e9e des Bouches-du-Rh\u00f4ne, \n \nVu  le code de la s\u00e9curit\u00e9 int\u00e9rieure et notamment ses articles L. 242-1 \u00e0 L. 242-8 et R. 242-8 \u00e0 R. 242-14 ; \n \nVu  l'article L. 122-1 du code de la s\u00e9curit\u00e9 int\u00e9rieure ; \n \nVu  le d\u00e9cret n\u00b0 2004-374 du 29 avril 2004 relatif aux pouvoirs des pr\u00e9fets, \u00e0 l'organisation et \u00e0 l'action \ndes services de l'\u00c9tat dans les r\u00e9gions et d\u00e9partements ; \n \nVu  le d\u00e9cret du Pr\u00e9sident de la R\u00e9publique du 23 octobre 2024 portant nomination de Mme Isabelle \nEPAILLARD en qualit\u00e9 de pr\u00e9f\u00e8te d\u00e9l\u00e9gu\u00e9e pour l'\u00e9galit\u00e9 des chances aupr\u00e8s du pr\u00e9fet de la r\u00e9gion \nProvence-Alpes-C\u00f4te d'Azur, pr\u00e9fet de la zone de d\u00e9fense et de s\u00e9curit\u00e9 Sud, pr\u00e9fet des Bouches-du-\nRh\u00f4ne, en outre pr\u00e9fet de police des Bouches du Rh\u00f4ne ; \n \nVu le d\u00e9cret du pr\u00e9sident de la R\u00e9publique du 17 juillet 2025 portant nomination de Mme Corinne \nSIMON en qualit\u00e9 de pr\u00e9f\u00e8te de police d\u00e9l\u00e9gu\u00e9e aupr\u00e8s du pr\u00e9fet des Bouches-du-Rh\u00f4ne ; \n \nVu le d\u00e9cret du pr\u00e9sident de la R\u00e9publique du 31 juillet 2025 portant nomination de Mme Lola \nMENAHEM en qualit\u00e9 de sous-pr\u00e9f\u00e8te, directrice de cabinet de la pr\u00e9f\u00e8te de police d\u00e9l\u00e9gu\u00e9e aupr\u00e8s du \npr\u00e9fet des Bouches-du-Rh\u00f4ne ; \n \nVu le d\u00e9cret du pr\u00e9sident de la R\u00e9publique du 23 septembre 2025 portant nomination de M. Pierre \nGILARDEAU en qualit\u00e9 de sous-pr\u00e9fet, directeur de cabinet adjoint de la pr\u00e9f\u00e8te de police d\u00e9l\u00e9gu\u00e9e \naupr\u00e8s du pr\u00e9fet des Bouches-du-Rh\u00f4ne ; \n \nVu  l'arr\u00eat\u00e9 pr\u00e9fectoral du 7 novembre 2025 donnant d\u00e9l\u00e9gation de signature \u00e0 Mme Corinne SIMON, \npr\u00e9f\u00e8te de police d\u00e9l\u00e9gu\u00e9e aupr\u00e8s du pr\u00e9fet des Bouches-du-Rh\u00f4ne ainsi qu'\u00e0 Mme Lola MENAHEM, sous-\npr\u00e9f\u00e8te, directrice de cabinet de la pr\u00e9f\u00e8te de police d\u00e9l\u00e9gu\u00e9e et de M. Pierre GILARDEAU en qualit\u00e9 de \nsous-pr\u00e9fet, directeur de cabinet adjoint de la pr\u00e9f\u00e8te de police d\u00e9l\u00e9gu\u00e9e ; \n \nConsid\u00e9rant que la rencontre de football qui a lieu le 29 novembre 2025 \u00e0 21h05, au stade Orange \nV\u00e9lodrome \u00e0 Marseille entre l'\u00e9quipe de l'Olympique de Marseille et celle du Toulouse FC attirera \nplusieurs dizaines de milliers de personnes ; qu'une foule de spectateurs compos\u00e9e de familles et \nd'enfants sera pr\u00e9sente aux abords des parvis du stade Orange V\u00e9lodrome ; \n \nConsid\u00e9rant  l'utilisation habituelle d'engins pyrotechniques, lors de rassemblements spontan\u00e9s, aux \nabords du stade Orange V\u00e9lodrome \u00e0 proximit\u00e9 imm\u00e9diate de la foule de spectateurs venus assister \u00e0 la \nrencontre sportive ; \n \nConsid\u00e9rant  que l'utilisation d'engins pyrotechniques impose des pr\u00e9cautions particuli\u00e8res ; qu'une \nutilisation inconsid\u00e9r\u00e9e ou malintentionn\u00e9e peut provoquer des atteintes graves aux personnes \npr\u00e9sentes \u00e0 proximit\u00e9 ; \n \nPr\u00e9fecture de police des Bouches-du-Rh\u00f4ne - 13-2025-11-26-00005 - Arr\u00eat\u00e9 portant interdiction de port, de transport, de d\u00e9tention et\nusage d'engins pyrotechniques aux abords du stade Orange V\u00e9lodrome \u00e0 Marseille lors de la rencontre de football opposant l'\u00e9quipe\nde l'Olympique de Marseille \u00e0 celle du Toulouse FC le 29 novembre 2025\n88\nConsid\u00e9rant  le risque d'incendie occasionn\u00e9 par les tirs d'engins pyrotechniques en direction des \nr\u00e9sidences d'habitation, des commerces ou du mobilier urbain ; que ces tirs non ma\u00eetris\u00e9s ont provoqu\u00e9 \ndes d\u00e9buts de sinistre sur des balcons de r\u00e9sidents ; \n \nConsid\u00e9ran t les risques de trouble \u00e0 l'ordre et \u00e0 la tranquillit\u00e9 publics provoqu\u00e9s par l'emploi de ces \nengins pyrotechniques ;  \n \nSur proposition de la sous-pr\u00e9f\u00e8te, directrice de cabinet ; \n \nARR\u00caTE \n \nArticle 1 : Le port, le transport, la d\u00e9tention et l'usage d'engins pyrotechniques sont interdits \u00e0 Marseille \nle 29 novembre 2025 de 10h00 \u00e0 23h59, dans le p\u00e9rim\u00e8tre d\u00e9fini ci-apr\u00e8s : \n- Boulevard du dr. Rodocanachi, \n- Avenue du Prado \n- Boulevard Latil \n- Boulevard Rabatau jusqu'\u00e0 la rue Raymond Teisseire \n- Rue Raymond Teisseire \n- Place de la Pugette \n- Rue Augustin Aubert jusqu'au boulevard Ganay \n- Boulevard Ganay jusqu'au boulevard Michelet \n- Boulevard Barral du Boulevard Michelet jusqu'\u00e0 l'avenue de Mazargues \n- Avenue de Mazargues jusqu'au Prado 2 \n- Rue Jean Mermoz jusqu'au boulevard du dr. Rodocanachi  \n \nArticle 2 : Le pr\u00e9sent arr\u00eat\u00e9 est publi\u00e9 au recueil des actes administratifs des services de l'Etat dans les \nBouches-du-Rh\u00f4ne. Il peut faire l'objet d'un recours dans un d\u00e9lai de deux mois \u00e0 compter de sa \npublication. Le tribunal administratif de Marseille est comp\u00e9tent pour conna\u00eetre des litiges n\u00e9s de \nl'application du pr\u00e9sent arr\u00eat\u00e9. La juridiction administrative comp\u00e9tente peut aussi \u00eatre saisie par \nl'application T\u00e9l\u00e9 recours citoyens accessible \u00e0 partir du site www.telerecours.fr  ; \n \nArticle 3 : La sous-pr\u00e9f\u00e8te, directrice de cabinet de la pr\u00e9f\u00e8te de police d\u00e9l\u00e9gu\u00e9e et le directeur \ninterd\u00e9partemental de la police nationale sont charg\u00e9s, chacun en ce qui le concerne, de l'ex\u00e9cution du \npr\u00e9sent arr\u00eat\u00e9 qui sera adress\u00e9 au procureur de la R\u00e9publique pr\u00e8s le tribunal judiciaire de Marseille.  \n \n Marseille, le 26 novembre 2025 \n \nPour la pr\u00e9f\u00e8te de police d\u00e9l\u00e9gu\u00e9e, \nLa directrice de cabinet  \n \nSign\u00e9  \n \nLola MENAHEM \n \nPr\u00e9fecture de police des Bouches-du-Rh\u00f4ne - 13-2025-11-26-00005 - Arr\u00eat\u00e9 portant interdiction de port, de transport, de d\u00e9tention et\nusage d'engins pyrotechniques aux abords du stade Orange V\u00e9lodrome \u00e0 Marseille lors de la rencontre de football opposant l'\u00e9quipe\nde l'Olympique de Marseille \u00e0 celle du Toulouse FC le 29 novembre 2025\n89\nPr\u00e9fecture de police des Bouches-du-Rh\u00f4ne\n13-2025-11-26-00006\nArr\u00eat\u00e9 portant interdiction de stationner et de\ncirculer sur la voie publique dans le centre-ville\net aux abords du stade Orange v\u00e9lodrome de\nMarseille \u00e0 toute personne se pr\u00e9valant de la\nqualit\u00e9 de supporter du Toulouse Football Club \u00e0\nl'occasion de la rencontre entre l'Olympique de\nMarseille et le Toulouse Football Club, le 29\nnovembre 2025.\nPr\u00e9fecture de police des Bouches-du-Rh\u00f4ne - 13-2025-11-26-00006 - Arr\u00eat\u00e9 portant interdiction de stationner et de circuler sur la voie\npublique dans le centre-ville et aux abords du stade Orange v\u00e9lodrome de Marseille \u00e0 toute personne se pr\u00e9valant de la qualit\u00e9 de\nsupporter du Toulouse Football Club \u00e0 l'occasion de la rencontre entre l'Olympique de Marseille et le Toulouse Football Club, le 29\nnovembre 2025.\n90\n| 3PREFETDES BOUCHES-DU-RHONELibert\u00e9Egalit\u00e9Fraternit\u00e9\n \n \n \n \n \nPr\u00e9f\u00e8te de police d\u00e9l\u00e9gu\u00e9e \n \n \n \n \n \n \n \n \n \n \n \n \nPlace F\u00e9lix Baret \u2013 CS 80001 \u2013 13282 Marseille Cedex 06 \nT\u00e9l\u00e9phone : 04 96 10 64 11 \u2013 Courriel  : pp13-courrier@interieur.gouv.fr \nArr\u00eat\u00e9 portant interdiction de stationner et de circuler sur la voie publique dans le \ncentre-ville et aux abords du stade Orange v\u00e9lodrome de Marseille \u00e0 toute personne \nse pr\u00e9valant de la qualit\u00e9 de supporter du Toulouse Football Club \u00e0 l'occasion de la \nrencontre entre l'Olympique de Marseille et le Toulouse Football Club, le 29 \nnovembre 2025. \n \nLa pr\u00e9f\u00e8te de police d\u00e9l\u00e9gu\u00e9e des Bouches-du-Rh\u00f4ne, \n \nVu  le code p\u00e9nal ; \n \nVu  le code g\u00e9n\u00e9ral des collectivit\u00e9s territoriales, notamment son article L.2214-4 ; \n \nVu  le code de la s\u00e9curit\u00e9 int\u00e9rieure, notamment ses articles L 211-1 \u00e0 L 211-4 ; \n \nVu  le code du sport, notamment ses articles L 332-1 \u00e0 L 332-21 ; \n \nVu  le code des relations entre le public et l'administration, notamment ses articles \nL.211-2 et L.211-5 ; \n \nVu  le d\u00e9cret n\u00b0 2004-374 du 29 avril 2004 relatif aux pouvoirs des pr\u00e9fets, \u00e0 \nl'organisation et \u00e0 l'action des services de l'\u00c9tat dans les r\u00e9gions et d\u00e9partements ; \n \nVu  le d\u00e9cret du Pr\u00e9sident de la R\u00e9publique du 23 octobre 2024 portant nomination \nde Mme Isabelle EPAILLARD en qualit\u00e9 de pr\u00e9f\u00e8te d\u00e9l\u00e9gu\u00e9e pour l'\u00e9galit\u00e9 des chances \naupr\u00e8s du pr\u00e9fet de la r\u00e9gion Provence-Alpes-C\u00f4te d'Azur, pr\u00e9fet de la zone de \nd\u00e9fense et de s\u00e9curit\u00e9 Sud, pr\u00e9fet des Bouches-du-Rh\u00f4ne, en outre pr\u00e9fet de police \ndes Bouches du Rh\u00f4ne ; \n \nVu le d\u00e9cret du pr\u00e9sident de la R\u00e9publique du 17 juillet 2025 portant nomination de \nMme Corinne SIMON en qualit\u00e9 de pr\u00e9f\u00e8te de police d\u00e9l\u00e9gu\u00e9e aupr\u00e8s du pr\u00e9fet des \nBouches-du-Rh\u00f4ne ; \n \nVu le d\u00e9cret du pr\u00e9sident de la R\u00e9publique du 31 juillet 2025 portant nomination de \nMme Lola MENAHEM en qualit\u00e9 de sous-pr\u00e9f\u00e8te, directrice de cabinet de la pr\u00e9f\u00e8te \nde police d\u00e9l\u00e9gu\u00e9e aupr\u00e8s du pr\u00e9fet des Bouches-du-Rh\u00f4ne ; \nPr\u00e9fecture de police des Bouches-du-Rh\u00f4ne - 13-2025-11-26-00006 - Arr\u00eat\u00e9 portant interdiction de stationner et de circuler sur la voie\npublique dans le centre-ville et aux abords du stade Orange v\u00e9lodrome de Marseille \u00e0 toute personne se pr\u00e9valant de la qualit\u00e9 de\nsupporter du Toulouse Football Club \u00e0 l'occasion de la rencontre entre l'Olympique de Marseille et le Toulouse Football Club, le 29\nnovembre 2025.\n91\n \nVu le d\u00e9cret du pr\u00e9sident de la R\u00e9publique du 23 septembre 2025 portant nomination \nde M. Pierre GILARDEAU en qualit\u00e9 de sous-pr\u00e9fet, directeur de cabinet adjoint de la \npr\u00e9f\u00e8te de police d\u00e9l\u00e9gu\u00e9e aupr\u00e8s du pr\u00e9fet des Bouches-du-Rh\u00f4ne ; \n \nVu  l'arr\u00eat\u00e9 pr\u00e9fectoral du 7 novembre 2025 donnant d\u00e9l\u00e9gation de signature \u00e0 Mme \nCorinne SIMON, pr\u00e9f\u00e8te de police d\u00e9l\u00e9gu\u00e9e aupr\u00e8s du pr\u00e9fet des Bouches-du-Rh\u00f4ne \nainsi qu'\u00e0 Mme Lola MENAHEM, sous-pr\u00e9f\u00e8te, directrice de cabinet de la pr\u00e9f\u00e8te de \npolice d\u00e9l\u00e9gu\u00e9e et de M. Pierre GILARDEAU en qualit\u00e9 de sous-pr\u00e9fet, directeur de \ncabinet adjoint de la pr\u00e9f\u00e8te de police d\u00e9l\u00e9gu\u00e9e ; \n \nConsid\u00e9rant  que la rencontre de football qui aura lieu le 29 novembre 2025 \u00e0 21h05 \nau stade Orange V\u00e9lodrome \u00e0 Marseille entre les \u00e9quipes de l'Olympique de Marseille \net du Toulouse Football Club attirera plusieurs dizaines de milliers de personnes ; \n \nConsid\u00e9rant que lors de la saison 2023/2024, lors du d\u00e9placement des supporters \nolympiens \u00e0 Toulouse une importante rixe avait \u00e9clat\u00e9 en centre-ville entre des \nsupporters toulousains install\u00e9s dans un bar et un groupe de supporters ultras \nmarseillais, qui avait brav\u00e9 l'arr\u00eat\u00e9 d'encadrement occasionnant de nombreuses \nd\u00e9gradations et n\u00e9cessitant l'intervention des forces de l'ordre ; que les Marseillais \n\u00e9taient reconduits et pris en charge au point de rendez-vous de l'escorte qui avait \u00e9t\u00e9 \nprogramm\u00e9e ; que plus tard, 150 ultras toulousains prenaient \u00e0 partie le convoi des \nsupporters marseillais ainsi que des effectifs de police stationn\u00e9s sur le parking \nvisiteurs du stade ; qu'une nouvelle intervention avec usage de gaz lacrymog\u00e8ne \u00e9tait \nn\u00e9cessaire pour mettre fin \u00e0 ces troubles \u00e0 l'ordre public ; que le Toulouse Football \nClub pr\u00e9voit la venue de 800 supporters dont 380 ultras ; que certains supporters \nenvisagent d'\u00eatre pr\u00e9sents \u00e0 Marseille durant le week-end ; qu'une telle pr\u00e9sence, \ncontinue et en nombre, est de nature \u00e0 augmenter les risques d'affrontements et de \ntroubles \u00e0 l'ordre public en raison de contentieux entre certains groupes de \nsupporters ;  \n \nConsid\u00e9rant que lors de la saison 2024/2025, 1000 supporters marseillais dont 500 \nultras se sont rendus  dans la ville rose pour assister \u00e0 la rencontre de football, l'arr\u00eat\u00e9 \nd'encadrement avait \u00e9t\u00e9 respect\u00e9 et aucun incident n'\u00e9tait \u00e0 retenir ; qu'il avait \u00e9t\u00e9 \nconstat\u00e9 qu'une vingtaine d'individus (identifi\u00e9s comme des ultras toulousains) \ns'\u00e9taient rapproch\u00e9 du parking mais avaient fait demi-tour \u00e0 la vue des effectifs de \npolice. \n \nConsid\u00e9rant  que cette rencontre \u00e0 Marseille est la seconde qui suit les incidents qui se \nsont d\u00e9roul\u00e9s \u00e0 Toulouse ; que l'accueil r\u00e9serv\u00e9 par les groupes de supporters ultras \nmarseillais aux supporters ultras toulousains susceptibles de se d\u00e9placer en nombre \nen terre marseillaise pourrait causer d'importants troubles \u00e0 l'ordre public en cas de \nrencontre frontale programm\u00e9e ou fortuite ; \n \n \nPr\u00e9fecture de police des Bouches-du-Rh\u00f4ne - 13-2025-11-26-00006 - Arr\u00eat\u00e9 portant interdiction de stationner et de circuler sur la voie\npublique dans le centre-ville et aux abords du stade Orange v\u00e9lodrome de Marseille \u00e0 toute personne se pr\u00e9valant de la qualit\u00e9 de\nsupporter du Toulouse Football Club \u00e0 l'occasion de la rencontre entre l'Olympique de Marseille et le Toulouse Football Club, le 29\nnovembre 2025.\n92\nConsid\u00e9rant  que r\u00e9guli\u00e8rement, \u00e0 l'occasion des rencontres de football, des \nsupporters marseillais tentent de d\u00e9tecter dans les d\u00e9bits de boissons et sur la voie \npublique la pr\u00e9sence de supporters de l'\u00e9quipe adverse dans le but de les affronter ; \n \nConsid\u00e9rant  que dans le cadre de cette rencontre, les forces de l'ordre employ\u00e9es \nseront utilis\u00e9es pour assurer les escortes des joueurs et des supporters ainsi que la \ns\u00e9curisation des abords du stade Orange V\u00e9lodrome ; que par ailleurs la menace \nterroriste demeure \u00e0 un niveau \u00e9lev\u00e9 en France ; que les forces de police ne sauraient \n\u00eatre d\u00e9tourn\u00e9es de cette mission prioritaire pour r\u00e9pondre \u00e0 des d\u00e9bordements li\u00e9s \nau comportement de supporters dans le cadre de rencontres sportives ; \n \nConsid\u00e9rant  qu'en application de l'article L. 332-16-2 du code du sport, le \nrepr\u00e9sentant de l'\u00c9tat dans le d\u00e9partement peut, par arr\u00eat\u00e9, restreindre la libert\u00e9 \nd'aller et de venir des personnes se pr\u00e9valant de la qualit\u00e9 de supporters d'une \u00e9quipe \nou se comportant comme tels sur les lieux d'une manifestation sportive et dont la \npr\u00e9sence est susceptible d'occasionner des troubles graves \u00e0 l'ordre public ; \n \nConsid\u00e9rant  que dans ces conditions, la pr\u00e9sence en centre-ville de Marseille et aux \nabords du stade Orange v\u00e9lodrome, de personnes se pr\u00e9valant de la qualit\u00e9 de \nsupporters du Toulouse Football Club, ou se comportant comme tels, implique des \nrisques s\u00e9rieux pour la s\u00e9curit\u00e9 des personnes et des biens et qu'il convient ainsi de \nlimiter la libert\u00e9 d'aller et de venir de toute personne se pr\u00e9valant de la qualit\u00e9 de \nsupporter du Toulouse Football Club ou se comportant comme tel afin de pr\u00e9venir les \nrisques d'affrontements ; \n \nSur proposition de la sous-pr\u00e9f\u00e8te, directrice de cabinet de la pr\u00e9f\u00e8te de police \nd\u00e9l\u00e9gu\u00e9e des Bouches-du-Rh\u00f4ne ; \n \nARR\u00caTE \n \nArticle 1 : \u00c0 l'occasion du match de football opposant l'Olympique de Marseille au \nToulouse Football Club, un d\u00e9placement collectif encadr\u00e9 de supporters organis\u00e9 par \nles clubs de supporters du Toulouse Football Club est autoris\u00e9.  \n \nArticle 2 : En cons\u00e9quence, hormis les personnes participant au d\u00e9placement collectif \nde supporters vis\u00e9 au premier alin\u00e9a du pr\u00e9sent article, il est interdit du 29 novembre \n2025 \u00e0 8h00 au 30 novembre 2025 \u00e0 2h00, \u00e0 toute personne se pr\u00e9valant de la qualit\u00e9 \nde supporter du Toulouse Football Club, ou se comportant comme tel, de circuler ou \nde stationner sur la voie publique dans les 1 \ner , 2 \u00e8me , 6 \u00e8me , 7 \u00e8me  et 8 \u00e8me  arrondissements \nde la commune de Marseille. \n \nArticle 3 : Le pr\u00e9sent arr\u00eat\u00e9 est publi\u00e9 au recueil des actes administratifs des services \nde l'\u00c9tat dans les Bouches-du-Rh\u00f4ne. Il peut faire l'objet d'un recours dans un d\u00e9lai de \ndeux mois \u00e0 compter de sa publication. Le tribunal administratif de Marseille est \ncomp\u00e9tent pour conna\u00eetre des litiges n\u00e9s de l'application du pr\u00e9sent arr\u00eat\u00e9. La \nPr\u00e9fecture de police des Bouches-du-Rh\u00f4ne - 13-2025-11-26-00006 - Arr\u00eat\u00e9 portant interdiction de stationner et de circuler sur la voie\npublique dans le centre-ville et aux abords du stade Orange v\u00e9lodrome de Marseille \u00e0 toute personne se pr\u00e9valant de la qualit\u00e9 de\nsupporter du Toulouse Football Club \u00e0 l'occasion de la rencontre entre l'Olympique de Marseille et le Toulouse Football Club, le 29\nnovembre 2025.\n93\njuridiction administrative comp\u00e9tente peut aussi \u00eatre saisie par l'application T\u00e9l\u00e9 \nrecours citoyens accessible \u00e0 partir du site www.telerecours.fr  ; \n \nArticle 4 : La directrice de cabinet de la pr\u00e9f\u00e8te de police d\u00e9l\u00e9gu\u00e9e des Bouches-du-\nRh\u00f4ne et le directeur interd\u00e9partemental de la police nationale sont charg\u00e9s, chacun \nen ce qui le concerne, de l'ex\u00e9cution du pr\u00e9sent arr\u00eat\u00e9 qui sera adress\u00e9 au procureur \nde la R\u00e9publique pr\u00e8s le tribunal judiciaire de Marseille et aux pr\u00e9sidents des deux \nclubs.  \n \n       Marseille, le 26 novembre 2025  \n \nPour la pr\u00e9f\u00e8te de police d\u00e9l\u00e9gu\u00e9e \ndes Bouches-du-Rh\u00f4ne \nLa directrice de cabinet  \n \nSign\u00e9  \n \nLola MENAHEM \n \n \n \nPr\u00e9fecture de police des Bouches-du-Rh\u00f4ne - 13-2025-11-26-00006 - Arr\u00eat\u00e9 portant interdiction de stationner et de circuler sur la voie\npublique dans le centre-ville et aux abords du stade Orange v\u00e9lodrome de Marseille \u00e0 toute personne se pr\u00e9valant de la qualit\u00e9 de\nsupporter du Toulouse Football Club \u00e0 l'occasion de la rencontre entre l'Olympique de Marseille et le Toulouse Football Club, le 29\nnovembre 2025.\n94\nPr\u00e9fecture des Bouches-du-Rhone\n13-2025-11-24-00017\nARR\u00caT\u00c9 du 24 NOVEMBRE 2025\nportant habilitation sous le n\u00b0 25-13-0033 de la\nsoci\u00e9t\u00e9 d\u00e9nomm\u00e9e \u00ab\u00a0FAILLA\u00a0\u00bb exploit\u00e9e sous le\nnom commercial \u00ab FAILLA - ROC ECLERC \u00bb \nsis \u00e0 PORT-DE-BOUC (13110) dans le domaine\nfun\u00e9raire\nPr\u00e9fecture des Bouches-du-Rhone - 13-2025-11-24-00017 - ARR\u00caT\u00c9 du 24 NOVEMBRE 2025\nportant habilitation sous le n\u00b0 25-13-0033 de la soci\u00e9t\u00e9 d\u00e9nomm\u00e9e \u00ab\u00a0FAILLA\u00a0\u00bb exploit\u00e9e sous le nom commercial \u00ab FAILLA - ROC\nECLERC \u00bb \nsis \u00e0 PORT-DE-BOUC (13110) dans le domaine fun\u00e9raire\n95\nPREFETDES BOUCHES-DU-RHONELibert\u00e9Egalit\u00e9Fraternit\u00e9\nDIRECTION DE LA CITOYENNETE\nDE LA LEGALITE ET DE L'ENVIRONNEMENT\nBureau des \u00e9lections et de la r\u00e9glementation\nDCLE/BER/FUN/BC/2025/RAA N\u00b0                            \nARR\u00caT\u00c9 du 24 NOVEMBRE 2025\nportant habilitation sous le n\u00b0 25-13-0033 de la soci\u00e9t\u00e9 d\u00e9nomm\u00e9e \u00ab FAILLA \u00bb exploit\u00e9e sous \nle nom commercial \u00ab FAILLA \u2013 ROC ECLERC \u00bb \nsis \u00e0 PORT-DE-BOUC (13110) dans le domaine fun\u00e9raire\nLe pr\u00e9fet de la r\u00e9gion Provence-Alpes-C\u00f4te d'Azur\n         pr\u00e9fet de la zone de d\u00e9fense et de s\u00e9curit\u00e9 Sud\n                       pr\u00e9fet des Bouches-du-Rh\u00f4ne\nVu le code g\u00e9n\u00e9ral des collectivit\u00e9s territoriales (CGCT), notamment les articles L2223-19 et  L2223-\n23 ;\nVu la loi n\u00b02008-1350 du 19 d\u00e9cembre 2008 relative \u00e0 la l\u00e9gislation fun\u00e9raire ;\nVu l'ordonnance n\u00b0 2005-855 du 28 juillet 2005 relative aux op\u00e9rations fun\u00e9raires, notamment l'article \n1 - \u00a7 IV ;\nVu le d\u00e9cret n\u00b0 2004-374 du 29 avril 2004 relatif aux pouvoirs des pr\u00e9fets, \u00e0 l'organisation et \u00e0 l'action  \ndes services de l'Etat dans les r\u00e9gions et d\u00e9partements ;\nVu le d\u00e9cret du 19 novembre 2025 portant nomination de monsieur Jacques WITKOWSKI en qualit\u00e9  \nde pr\u00e9fet de la r\u00e9gion Provence-Alpes-C\u00f4te d'Azur, pr\u00e9fet de la zone de d\u00e9fense et de s\u00e9curit\u00e9 Sud,  \npr\u00e9fet des Bouches-du-Rh\u00f4ne ;\nVu le d\u00e9cret du 31 janvier 2025 portant nomination de monsieur Fr\u00e9d\u00e9ric POISOT en qualit\u00e9 de  \nsecr\u00e9taire g\u00e9n\u00e9ral de la pr\u00e9fecture des Bouches-du-Rh\u00f4ne, sous-pr\u00e9fet de Marseille ;\nVu le d\u00e9cret n\u00b02012-608 du 30 avril 2012 relatif aux dipl\u00f4mes dans le secteur fun\u00e9raire ;\nVu l'arr\u00eat\u00e9 du 30 avril 2012 portant application du d\u00e9cret susvis\u00e9 ;\nVu le d\u00e9cret n\u00b02020-917 du 28 juillet 2020 relatif \u00e0 la dur\u00e9e de l'habilitation dans le secteur fun\u00e9raire ;\nVu l'arr\u00eat\u00e9 n\u00b0 20-13-0033 du pr\u00e9fet des Bouches-du-Rh\u00f4ne en date du 07 d\u00e9cembre 2020, portant  \nhabilitation  dans  le  domaine  fun\u00e9raire  jusqu'au  07  d\u00e9cembre  2025\nde  l'\u00e9tablissement secondaire de la soci\u00e9t\u00e9 \u00ab  FAILLA \u00bb exploit\u00e9 sous l'enseigne \u00ab  ROC' ECLERC \u00bb sis \n2560 quartier Milan Sud \u00e0 Port-de-Bouc (13100) ;\nVu la demande re\u00e7ue le 20 novembre 2025 de M. Eric FAILLA g\u00e9rant sollicitant le renouvellement de  \nl'habilitation susvis\u00e9e \u00e0 son \u00e9ch\u00e9ance ;\nConsid\u00e9rant que la demande est constitu\u00e9e conform\u00e9ment \u00e0 la l\u00e9gislation en vigueur et compl\u00e8te le  \n24 novembre 2025 ;\nSur proposition du secr\u00e9taire g\u00e9n\u00e9ral de la pr\u00e9fecture des Bouches-du-Rh\u00f4ne ;\nPr\u00e9fecture des Bouches-du-Rhone - 13-2025-11-24-00017 - ARR\u00caT\u00c9 du 24 NOVEMBRE 2025\nportant habilitation sous le n\u00b0 25-13-0033 de la soci\u00e9t\u00e9 d\u00e9nomm\u00e9e \u00ab\u00a0FAILLA\u00a0\u00bb exploit\u00e9e sous le nom commercial \u00ab FAILLA - ROC\nECLERC \u00bb \nsis \u00e0 PORT-DE-BOUC (13110) dans le domaine fun\u00e9raire\n96\nARR\u00caTE\nArticle 1  er     : L'\u00e9tablissement secondaire de la soci\u00e9t\u00e9 d\u00e9nomm\u00e9e \u00ab  FAILLA \u00bb exploit\u00e9 sous le nom  \ncommercial \u00ab FAILLA \u2013 ROC ECLERC \u00bb situ\u00e9 2560 quartier Milan Sud \u00e0 Port-de-Bouc (13100) dirig\u00e9 par  \nM. Eric Failla g\u00e9rant, est habilit\u00e9 sous le N\u00b0 25-13-0033 \u00e0 compter de la date du pr\u00e9sent arr\u00eat\u00e9, pour  \nexercer sur l'ensemble du territoire national les activit\u00e9s fun\u00e9raires suivantes :\n\u27a2 Jusqu'au 24 novembre 2030   :  \n\u2022 transport des corps avant et apr\u00e8s mise en bi\u00e8re\n\u2022 organisation des obs\u00e8ques\n\u2022 soins de conservation (en sous-traitance)\n\u2022 fourniture des housses, de cercueils et de leurs accessoires int\u00e9rieurs et ext\u00e9rieurs ainsi que des  \nurnes cin\u00e9raires \n\u2022 fourniture des corbillards et de voitures de deuil \n\u2022 fourniture  de  personnel,  des  objets  et  prestations  n\u00e9cessaires  aux  obs\u00e8ques,  inhumations,  \nexhumations et cr\u00e9mations\nArticle 2 : L'habilitation est accord\u00e9e pour 5 ans \u00e0 compter de la date du pr\u00e9sent arr\u00eat\u00e9. La demande  \nde renouvellement devra \u00eatre adress\u00e9e deux mois avant son \u00e9ch\u00e9ance.\nArticle 3  : L'arr\u00eat\u00e9 du pr\u00e9fet des Bouches-du-Rh\u00f4ne N\u00b0 20-13-0033 du 7 d\u00e9cembre 2025 est abrog\u00e9 \u00e0  \ncompter de la date du pr\u00e9sent arr\u00eat\u00e9.\nArticle 4  : L'op\u00e9rateur fun\u00e9raire habilit\u00e9 peut confier \u00e0 un ou plusieurs sous-traitants la r\u00e9alisation de  \ntout ou partie des prestations relevant du service ext\u00e9rieur des pompes fun\u00e8bres. Ce dernier doit \u00eatre  \nhabilit\u00e9 pour la prestation qu'il sous-traite ; de m\u00eame que les sous-traitants doivent \u00eatre habilit\u00e9s pour \nchacune des prestations du service ext\u00e9rieur qu'ils fournissent de mani\u00e8re habituelle aux familles. A  \nd\u00e9faut du respect de ces prescriptions, leur responsabilit\u00e9 conjointe pourra \u00eatre mise en cause.\nArticle 5 :  La pr\u00e9sente habilitation peut \u00eatre suspendue pour une dur\u00e9e maximum d'un an ou retir\u00e9e  \npar le pr\u00e9fet du d\u00e9partement o\u00f9 les faits auront \u00e9t\u00e9 constat\u00e9s, conform\u00e9ment aux dispositions de  \nl'article L2223-25 du code g\u00e9n\u00e9ral des collectivit\u00e9s territoriales, pour les motifs suivants :\n1\u00b0 non-respect des dispositions du code g\u00e9n\u00e9ral des collectivit\u00e9s territoriales auxquelles sont soumises \nles r\u00e9gies, entreprises ou associations habilit\u00e9es conform\u00e9ment \u00e0 l'article L 2223-23,\n2\u00b0 non-exercice ou cessation d'exercice des activit\u00e9s au titre desquelles elle a \u00e9t\u00e9 d\u00e9livr\u00e9e,\n3\u00b0 atteinte \u00e0 l'ordre public ou danger pour la salubrit\u00e9 publique.\nDans le cas d'un d\u00e9l\u00e9gataire, le retrait de l'habilitation entra\u00eene la d\u00e9ch\u00e9ance des d\u00e9l\u00e9gations.\nArticle 6  :  La pr\u00e9sente d\u00e9cision peut faire l'objet, dans un d\u00e9lai de deux mois \u00e0 compter de sa  \nnotification,  d'un  recours  gracieux  aupr\u00e8s  de  mes  services,  d'un  recours  hi\u00e9rarchique  aupr\u00e8s  de \nmonsieur  le  ministre  de  l'int\u00e9rieur,  d'un  recours  contentieux  devant  le  tribunal  administratif  de \nMarseille (31 rue Jean-Fran\u00e7ois LECA, 13002 Marseille)  ; la juridiction administrative comp\u00e9tente peut  \naussi \u00eatre saisie par l'application T\u00e9l\u00e9recours accessible \u00e0 partir du site www.telerecours.fr.\nArticle 7  : Le secr\u00e9taire g\u00e9n\u00e9ral de la pr\u00e9fecture des Bouches-du-Rh\u00f4ne, le sous-pr\u00e9fet d'Istres, le  \ndirecteur d\u00e9partemental de la s\u00e9curit\u00e9 publique des Bouches-du-Rh\u00f4ne sont charg\u00e9s, chacun en ce  \nqui le concerne, de l'ex\u00e9cution du pr\u00e9sent arr\u00eat\u00e9 qui sera publi\u00e9 au recueil des actes administratifs.\nFait \u00e0 Marseille, le  24 NOVEMBRE 2025\n         Pour le Pr\u00e9fet,\nL'adjointe au Chef de bureau\n                  SIGNE\nVirginie DUPOUY-RAVETLLAT\nPr\u00e9fecture des Bouches-du-Rhone - 13-2025-11-24-00017 - ARR\u00caT\u00c9 du 24 NOVEMBRE 2025\nportant habilitation sous le n\u00b0 25-13-0033 de la soci\u00e9t\u00e9 d\u00e9nomm\u00e9e \u00ab\u00a0FAILLA\u00a0\u00bb exploit\u00e9e sous le nom commercial \u00ab FAILLA - ROC\nECLERC \u00bb \nsis \u00e0 PORT-DE-BOUC (13110) dans le domaine fun\u00e9raire\n97\nPr\u00e9fecture des Bouches-du-Rhone\n13-2025-11-24-00018\nARR\u00caT\u00c9 du 24 NOVEMBRE 2025\nportant habilitation sous le n\u00b0 25-13-0047 de\nl'\u00e9tablissement secondaire de la soci\u00e9t\u00e9\n\u00ab FAILLA \u00bb exploit\u00e9 sous le nom commercial\n\u00ab\u00a0FAILLA - ROC ECLERC\u00a0\u00bb \nsis \u00e0 Martigues (13500) dans le domaine fun\u00e9raire\nPr\u00e9fecture des Bouches-du-Rhone - 13-2025-11-24-00018 - ARR\u00caT\u00c9 du 24 NOVEMBRE 2025\nportant habilitation sous le n\u00b0 25-13-0047 de l'\u00e9tablissement secondaire de la soci\u00e9t\u00e9\n\u00ab FAILLA \u00bb exploit\u00e9 sous le nom commercial \u00ab\u00a0FAILLA - ROC ECLERC\u00a0\u00bb \nsis \u00e0 Martigues (13500) dans le domaine fun\u00e9raire\n98\nPREFETDES BOUCHES-DU-RHONELibert\u00e9Egalit\u00e9Fraternit\u00e9\nDIRECTION DE LA CITOYENNETE\nDE LA LEGALITE ET DE L'ENVIRONNEMENT\nBureau des \u00e9lections et de la r\u00e9glementation\nDCLE/BER/FUN/BC/2025/RAA N\u00b0                            \nARR\u00caT\u00c9 du 24 NOVEMBRE 2025\nportant habilitation sous le n\u00b0 25-13-0047 de l'\u00e9tablissement secondaire de la soci\u00e9t\u00e9\n\u00ab FAILLA \u00bb exploit\u00e9 sous le nom commercial \u00ab FAILLA \u2013 ROC ECLERC \u00bb \nsis \u00e0 Martigues (13500) dans le domaine fun\u00e9raire\nLe pr\u00e9fet de la r\u00e9gion Provence-Alpes-C\u00f4te d'Azur\n         pr\u00e9fet de la zone de d\u00e9fense et de s\u00e9curit\u00e9 Sud\n                       pr\u00e9fet des Bouches-du-Rh\u00f4ne\nVu le code g\u00e9n\u00e9ral des collectivit\u00e9s territoriales (CGCT), notamment les articles L2223-19 et  L2223-\n23 ;\nVu la loi n\u00b02008-1350 du 19 d\u00e9cembre 2008 relative \u00e0 la l\u00e9gislation fun\u00e9raire ;\nVu l'ordonnance n\u00b0 2005-855 du 28 juillet 2005 relative aux op\u00e9rations fun\u00e9raires, notamment l'article \n1 - \u00a7 IV ;\nVu le d\u00e9cret n\u00b0 2004-374 du 29 avril 2004 relatif aux pouvoirs des pr\u00e9fets, \u00e0 l'organisation et \u00e0 l'action  \ndes services de l'Etat dans les r\u00e9gions et d\u00e9partements ;\nVu le d\u00e9cret du 19 novembre 2025 portant nomination de monsieur Jacques WITKOWSKI en qualit\u00e9  \nde pr\u00e9fet de la r\u00e9gion Provence-Alpes-C\u00f4te d'Azur, pr\u00e9fet de la zone de d\u00e9fense et de s\u00e9curit\u00e9 Sud,  \npr\u00e9fet des Bouches-du-Rh\u00f4ne ;\nVu le d\u00e9cret du 31 janvier 2025 portant nomination de monsieur Fr\u00e9d\u00e9ric POISOT en qualit\u00e9 de  \nsecr\u00e9taire g\u00e9n\u00e9ral de la pr\u00e9fecture des Bouches-du-Rh\u00f4ne, sous-pr\u00e9fet de Marseille ;\nVu le d\u00e9cret n\u00b02012-608 du 30 avril 2012 relatif aux dipl\u00f4mes dans le secteur fun\u00e9raire ;\nVu l'arr\u00eat\u00e9 du 30 avril 2012 portant application du d\u00e9cret susvis\u00e9 ;\nVu le d\u00e9cret n\u00b02020-917 du 28 juillet 2020 relatif \u00e0 la dur\u00e9e de l'habilitation dans le secteur fun\u00e9raire ;\nVu l'arr\u00eat\u00e9 n\u00b0 20-13-0047 du pr\u00e9fet des Bouches-du-Rh\u00f4ne en date du 07 d\u00e9cembre 2020, portant  \nhabilitation  dans  le  domaine  fun\u00e9raire  jusqu'au  07  d\u00e9cembre  2025\nde l'\u00e9tablissement secondaire de la soci\u00e9t\u00e9 \u00ab  FAILLA \u00bb exploit\u00e9 sous l'enseigne \u00ab  ROC' ECLERC \u00bb sis 24 \nboulevard du 14 juillet \u00e0 Martigues (13500) ;\nVu la demande re\u00e7ue le 20 novembre 2025 de M. Eric FAILLA g\u00e9rant sollicitant le renouvellement de  \nl'habilitation susvis\u00e9e \u00e0 son \u00e9ch\u00e9ance ;\nConsid\u00e9rant que la demande est constitu\u00e9e conform\u00e9ment \u00e0 la l\u00e9gislation en vigueur et compl\u00e8te le  \n24 novembre 2025 ;\nSur proposition du secr\u00e9taire g\u00e9n\u00e9ral de la pr\u00e9fecture des Bouches-du-Rh\u00f4ne ;\nPr\u00e9fecture des Bouches-du-Rhone - 13-2025-11-24-00018 - ARR\u00caT\u00c9 du 24 NOVEMBRE 2025\nportant habilitation sous le n\u00b0 25-13-0047 de l'\u00e9tablissement secondaire de la soci\u00e9t\u00e9\n\u00ab FAILLA \u00bb exploit\u00e9 sous le nom commercial \u00ab\u00a0FAILLA - ROC ECLERC\u00a0\u00bb \nsis \u00e0 Martigues (13500) dans le domaine fun\u00e9raire\n99\nARR\u00caTE\nArticle 1  er     : L'\u00e9tablissement secondaire de la soci\u00e9t\u00e9 d\u00e9nomm\u00e9e \u00ab  FAILLA \u00bb exploit\u00e9 sous le nom  \ncommercial \u00ab FAILLA \u2013 ROC ECLERC \u00bb 24 boulevard du 14 juillet \u00e0 Martigues (13500)   dirig\u00e9 par MP.  \nEric FAILLA g\u00e9rant, est habilit\u00e9 sous le  N\u00b0 25-13-0047 \u00e0 compter de la date du pr\u00e9sent arr\u00eat\u00e9, pour  \nexercer sur l'ensemble du territoire national les activit\u00e9s fun\u00e9raires suivantes :\nJusqu'au 24 novembre 2030   :  \n\u2022 organisation des obs\u00e8ques\n\u2022 fourniture des housses, de cercueils et de leurs accessoires int\u00e9rieurs et ext\u00e9rieurs ainsi que des  \nurnes cin\u00e9raires \n\u2022 fourniture  de  personnel,  des  objets  et  prestations  n\u00e9cessaires  aux  obs\u00e8ques,  inhumations,  \nexhumations et cr\u00e9mations\nArticle 2 : L'habilitation est accord\u00e9e pour 5 ans \u00e0 compter de la date du pr\u00e9sent arr\u00eat\u00e9. La demande  \nde renouvellement devra \u00eatre adress\u00e9e deux mois avant son \u00e9ch\u00e9ance.\nArticle 3  : L'arr\u00eat\u00e9 du pr\u00e9fet des Bouches-du-Rh\u00f4ne N\u00b0 20-13-0047 du 07 d\u00e9cembre 2020 est abrog\u00e9 \u00e0  \ncompter de la date du pr\u00e9sent arr\u00eat\u00e9.\nArticle 4  : L'op\u00e9rateur fun\u00e9raire habilit\u00e9 peut confier \u00e0 un ou plusieurs sous-traitants la r\u00e9alisation de  \ntout ou partie des prestations relevant du service ext\u00e9rieur des pompes fun\u00e8bres. Ce dernier doit \u00eatre  \nhabilit\u00e9 pour la prestation qu'il sous-traite ; de m\u00eame que les sous-traitants doivent \u00eatre habilit\u00e9s pour \nchacune des prestations du service ext\u00e9rieur qu'ils fournissent de mani\u00e8re habituelle aux familles. A  \nd\u00e9faut du respect de ces prescriptions, leur responsabilit\u00e9 conjointe pourra \u00eatre mise en cause.\nArticle 5 :  La pr\u00e9sente habilitation peut \u00eatre suspendue pour une dur\u00e9e maximum d'un an ou retir\u00e9e  \npar le pr\u00e9fet du d\u00e9partement o\u00f9 les faits auront \u00e9t\u00e9 constat\u00e9s, conform\u00e9ment aux dispositions de  \nl'article L2223-25 du code g\u00e9n\u00e9ral des collectivit\u00e9s territoriales, pour les motifs suivants :\n1\u00b0 non-respect des dispositions du code g\u00e9n\u00e9ral des collectivit\u00e9s territoriales auxquelles sont soumises \nles r\u00e9gies, entreprises ou associations habilit\u00e9es conform\u00e9ment \u00e0 l'article L 2223-23,\n2\u00b0 non-exercice ou cessation d'exercice des activit\u00e9s au titre desquelles elle a \u00e9t\u00e9 d\u00e9livr\u00e9e,\n3\u00b0 atteinte \u00e0 l'ordre public ou danger pour la salubrit\u00e9 publique.\nDans le cas d'un d\u00e9l\u00e9gataire, le retrait de l'habilitation entra\u00eene la d\u00e9ch\u00e9ance des d\u00e9l\u00e9gations.\nArticle 6  :  La pr\u00e9sente d\u00e9cision peut faire l'objet, dans un d\u00e9lai de deux mois \u00e0 compter de sa  \nnotification,  d'un  recours  gracieux  aupr\u00e8s  de  mes  services,  d'un  recours  hi\u00e9rarchique  aupr\u00e8s  de \nmonsieur  le  ministre  de  l'int\u00e9rieur,  d'un  recours  contentieux  devant  le  tribunal  administratif  de \nMarseille (31 rue Jean-Fran\u00e7ois LECA, 13002 Marseille)  ; la juridiction administrative comp\u00e9tente peut  \naussi \u00eatre saisie par l'application T\u00e9l\u00e9recours accessible \u00e0 partir du site www.telerecours.fr.\nArticle 7  : Le secr\u00e9taire g\u00e9n\u00e9ral de la pr\u00e9fecture des Bouches-du-Rh\u00f4ne, le sous-pr\u00e9fet d'Istres, le  \nDirecteur D\u00e9partemental de la S\u00e9curit\u00e9 Publique Bouches-du-Rh\u00f4ne sont charg\u00e9s, chacun en ce qui le  \nconcerne, de l'ex\u00e9cution du pr\u00e9sent arr\u00eat\u00e9 qui sera publi\u00e9 au recueil des actes administratifs.\nFait \u00e0 Marseille, le 24 NOVEMBRE 2025\nPour le Pr\u00e9fet,\nL'adjointe au Chef de bureau\n                  SIGNE\nVirginie DUPOUY-RAVETLLAT\nPr\u00e9fecture des Bouches-du-Rhone - 13-2025-11-24-00018 - ARR\u00caT\u00c9 du 24 NOVEMBRE 2025\nportant habilitation sous le n\u00b0 25-13-0047 de l'\u00e9tablissement secondaire de la soci\u00e9t\u00e9\n\u00ab FAILLA \u00bb exploit\u00e9 sous le nom commercial \u00ab\u00a0FAILLA - ROC ECLERC\u00a0\u00bb \nsis \u00e0 Martigues (13500) dans le domaine fun\u00e9raire\n100\nPr\u00e9fecture des Bouches-du-Rhone\n13-2025-11-24-00019\nARR\u00caT\u00c9 du 24 NOVEMBRE 2025\nportant habilitation sous le n\u00b0 25-13-0177 de\nl'\u00e9tablissement secondaire de la soci\u00e9t\u00e9\n\u00ab FAILLA \u00bb exploit\u00e9 sous le nom commercial\n\u00ab\u00a0FAILLA - ROC ECLERC\u00a0\u00bb \nsis \u00e0 Istres (13800) dans le domaine fun\u00e9raire\nPr\u00e9fecture des Bouches-du-Rhone - 13-2025-11-24-00019 - ARR\u00caT\u00c9 du 24 NOVEMBRE 2025\nportant habilitation sous le n\u00b0 25-13-0177 de l'\u00e9tablissement secondaire de la soci\u00e9t\u00e9\n\u00ab FAILLA \u00bb exploit\u00e9 sous le nom commercial \u00ab\u00a0FAILLA - ROC ECLERC\u00a0\u00bb \nsis \u00e0 Istres (13800) dans le domaine fun\u00e9raire\n101\nPREFETDES BOUCHES-DU-RHONELibert\u00e9Egalit\u00e9Fraternit\u00e9\nDIRECTION DE LA CITOYENNETE\nDE LA LEGALITE ET DE L'ENVIRONNEMENT\nBureau des \u00e9lections et de la r\u00e9glementation\nDCLE/BER/FUN/BC/2025/RAA N\u00b0                            \nARR\u00caT\u00c9 du 24 NOVEMBRE 2025\nportant habilitation sous le n\u00b0 25-13-0177 de l'\u00e9tablissement secondaire de la soci\u00e9t\u00e9\n\u00ab FAILLA \u00bb exploit\u00e9 sous le nom commercial \u00ab FAILLA \u2013 ROC ECLERC \u00bb \nsis \u00e0 Istres (13800) dans le domaine fun\u00e9raire\nLe pr\u00e9fet de la r\u00e9gion Provence-Alpes-C\u00f4te d'Azur\n         pr\u00e9fet de la zone de d\u00e9fense et de s\u00e9curit\u00e9 Sud\n                       pr\u00e9fet des Bouches-du-Rh\u00f4ne\nVu le code g\u00e9n\u00e9ral des collectivit\u00e9s territoriales (CGCT), notamment les articles L2223-19 et  L2223-\n23 ;\nVu la loi n\u00b02008-1350 du 19 d\u00e9cembre 2008 relative \u00e0 la l\u00e9gislation fun\u00e9raire ;\nVu l'ordonnance n\u00b0 2005-855 du 28 juillet 2005 relative aux op\u00e9rations fun\u00e9raires, notamment l'article \n1 - \u00a7 IV ;\nVu le d\u00e9cret n\u00b0 2004-374 du 29 avril 2004 relatif aux pouvoirs des pr\u00e9fets, \u00e0 l'organisation et \u00e0 l'action  \ndes services de l'Etat dans les r\u00e9gions et d\u00e9partements ;\nVu le d\u00e9cret du 19 novembre 2025 portant nomination de monsieur Jacques WITKOWSKI en qualit\u00e9  \nde pr\u00e9fet de la r\u00e9gion Provence-Alpes-C\u00f4te d'Azur, pr\u00e9fet de la zone de d\u00e9fense et de s\u00e9curit\u00e9 Sud,  \npr\u00e9fet des Bouches-du-Rh\u00f4ne ;\nVu le d\u00e9cret du 31 janvier 2025 portant nomination de monsieur Fr\u00e9d\u00e9ric POISOT en qualit\u00e9 de  \nsecr\u00e9taire g\u00e9n\u00e9ral de la pr\u00e9fecture des Bouches-du-Rh\u00f4ne, sous-pr\u00e9fet de Marseille ;\nVu le d\u00e9cret n\u00b02012-608 du 30 avril 2012 relatif aux dipl\u00f4mes dans le secteur fun\u00e9raire ;\nVu l'arr\u00eat\u00e9 du 30 avril 2012 portant application du d\u00e9cret susvis\u00e9 ;\nVu le d\u00e9cret n\u00b02020-917 du 28 juillet 2020 relatif \u00e0 la dur\u00e9e de l'habilitation dans le secteur fun\u00e9raire ;\nVu l'arr\u00eat\u00e9 n\u00b0 20-13-0177 du pr\u00e9fet des Bouches-du-Rh\u00f4ne en date du 07 d\u00e9cembre 2020, portant  \nhabilitation dans  le  domaine  fun\u00e9raire  jusqu'au  07  d\u00e9cembre  2025\nde l'\u00e9tablissement secondaire de la soci\u00e9t\u00e9 \u00ab  FAILLA \u00bb exploit\u00e9 sous l'enseigne \u00ab  ROC' ECLERC \u00bb situ\u00e9 \n33 boulevard de Vauranne \u00e0 Istres (13800) ;\nVu la demande re\u00e7ue le 20 novembre 2025 de M. Eric FAILLA g\u00e9rant sollicitant le renouvellement de  \nl'habilitation susvis\u00e9e \u00e0 son \u00e9ch\u00e9ance ;\nConsid\u00e9rant que la demande est constitu\u00e9e conform\u00e9ment \u00e0 la l\u00e9gislation en vigueur et compl\u00e8te le  \n24 novembre 2025 ;\nSur proposition du secr\u00e9taire g\u00e9n\u00e9ral de la pr\u00e9fecture des Bouches-du-Rh\u00f4ne ;\nPr\u00e9fecture des Bouches-du-Rhone - 13-2025-11-24-00019 - ARR\u00caT\u00c9 du 24 NOVEMBRE 2025\nportant habilitation sous le n\u00b0 25-13-0177 de l'\u00e9tablissement secondaire de la soci\u00e9t\u00e9\n\u00ab FAILLA \u00bb exploit\u00e9 sous le nom commercial \u00ab\u00a0FAILLA - ROC ECLERC\u00a0\u00bb \nsis \u00e0 Istres (13800) dans le domaine fun\u00e9raire\n102\nARR\u00caTE\nArticle 1  er     : L'\u00e9tablissement secondaire de la soci\u00e9t\u00e9 d\u00e9nomm\u00e9e \u00ab  FAILLA \u00bb exploit\u00e9 sous le nom  \ncommercial \u00ab  FAILLA \u2013 ROC ECLERC  \u00bb situ\u00e9  33 boulevard de Vauranne \u00e0 Istres (13800)  dirig\u00e9 par  \nM. Eric Failla g\u00e9rant, est habilit\u00e9 sous le N\u00b0 25-13-0177 \u00e0 compter de la date du pr\u00e9sent arr\u00eat\u00e9, pour  \nexercer sur l'ensemble du territoire national les activit\u00e9s fun\u00e9raires suivantes :\n\u27a2 Jusqu'au 24 novembre 2030   :\n\u2022 organisation des obs\u00e8ques\n\u2022 fourniture des housses, de cercueils et de leurs accessoires int\u00e9rieurs et ext\u00e9rieurs ainsi que des  \nurnes cin\u00e9raires \n\u2022 fourniture  de  personnel,  des  objets  et  prestations  n\u00e9cessaires  aux  obs\u00e8ques,  inhumations,  \nexhumations et cr\u00e9mations\nArticle 2 : L'habilitation est accord\u00e9e pour 5 ans \u00e0 compter de la date du pr\u00e9sent arr\u00eat\u00e9. La demande  \nde renouvellement devra \u00eatre adress\u00e9e deux mois avant son \u00e9ch\u00e9ance.\nArticle 3  : L'arr\u00eat\u00e9 du pr\u00e9fet des Bouches-du-Rh\u00f4ne N\u00b0 20-13-0177 du 07 d\u00e9cembre 2020 est abrog\u00e9 \u00e0  \ncompter de la date du pr\u00e9sent arr\u00eat\u00e9.\nArticle 4  : L'op\u00e9rateur fun\u00e9raire habilit\u00e9 peut confier \u00e0 un ou plusieurs sous-traitants la r\u00e9alisation de  \ntout ou partie des prestations relevant du service ext\u00e9rieur des pompes fun\u00e8bres. Ce dernier doit \u00eatre  \nhabilit\u00e9 pour la prestation qu'il sous-traite ; de m\u00eame que les sous-traitants doivent \u00eatre habilit\u00e9s pour \nchacune des prestations du service ext\u00e9rieur qu'ils fournissent de mani\u00e8re habituelle aux familles. A  \nd\u00e9faut du respect de ces prescriptions, leur responsabilit\u00e9 conjointe pourra \u00eatre mise en cause.\nArticle 5 : La pr\u00e9sente habilitation peut \u00eatre suspendue pour une dur\u00e9e maximum d'un an ou retir\u00e9e  \npar le pr\u00e9fet du d\u00e9partement o\u00f9 les faits auront \u00e9t\u00e9 constat\u00e9s, conform\u00e9ment aux dispositions de  \nl'article L2223-25 du code g\u00e9n\u00e9ral des collectivit\u00e9s territoriales, pour les motifs suivants :\n1\u00b0 non-respect des dispositions du code g\u00e9n\u00e9ral des collectivit\u00e9s territoriales auxquelles sont soumises \nles r\u00e9gies, entreprises ou associations habilit\u00e9es conform\u00e9ment \u00e0 l'article L 2223-23,\n2\u00b0 non-exercice ou cessation d'exercice des activit\u00e9s au titre desquelles elle a \u00e9t\u00e9 d\u00e9livr\u00e9e,\n3\u00b0 atteinte \u00e0 l'ordre public ou danger pour la salubrit\u00e9 publique.\nDans le cas d'un d\u00e9l\u00e9gataire, le retrait de l'habilitation entra\u00eene la d\u00e9ch\u00e9ance des d\u00e9l\u00e9gations.\nArticle 6  :  La pr\u00e9sente d\u00e9cision peut faire l'objet, dans un d\u00e9lai de deux mois \u00e0 compter de sa  \nnotification,  d'un  recours  gracieux  aupr\u00e8s  de  mes  services,  d'un  recours  hi\u00e9rarchique  aupr\u00e8s  de \nmonsieur  le  ministre  de  l'int\u00e9rieur,  d'un  recours  contentieux  devant  le  tribunal  administratif  de \nMarseille (31 rue Jean-Fran\u00e7ois LECA, 13002 Marseille)  ; la juridiction administrative comp\u00e9tente peut  \naussi \u00eatre saisie par l'application T\u00e9l\u00e9recours accessible \u00e0 partir du site www.telerecours.fr.\nArticle 7  : Le secr\u00e9taire g\u00e9n\u00e9ral de la pr\u00e9fecture des Bouches-du-Rh\u00f4ne, le sous-pr\u00e9fet d'Istres, le  \nDirecteur D\u00e9partemental de la S\u00e9curit\u00e9 Publique des Bouches-du-Rh\u00f4ne sont charg\u00e9s, chacun en ce  \nqui le concerne, de l'ex\u00e9cution du pr\u00e9sent arr\u00eat\u00e9 qui sera publi\u00e9 au recueil des actes administratifs.\nFait \u00e0 Marseille, le 24 NOVEMBRE 2025\n             Pour le pr\u00e9fet,\nL'adjointe au chef de bureau\n                    SIGNE\nVirginie DUPOUY-RAVETLLAT\nPr\u00e9fecture des Bouches-du-Rhone - 13-2025-11-24-00019 - ARR\u00caT\u00c9 du 24 NOVEMBRE 2025\nportant habilitation sous le n\u00b0 25-13-0177 de l'\u00e9tablissement secondaire de la soci\u00e9t\u00e9\n\u00ab FAILLA \u00bb exploit\u00e9 sous le nom commercial \u00ab\u00a0FAILLA - ROC ECLERC\u00a0\u00bb \nsis \u00e0 Istres (13800) dans le domaine fun\u00e9raire\n103\nPr\u00e9fecture des Bouches-du-Rhone\n13-2025-11-24-00020\nARR\u00caT\u00c9 du 24 NOVEMBRE 2025\nportant habilitation sous le n\u00b0 25-13-0182 de\nl'\u00e9tablissement secondaire de la soci\u00e9t\u00e9\n\u00ab FAILLA \u00bb exploit\u00e9 sous le nom commercial\n\u00ab\u00a0FAILLA - ROC ECLERC\u00a0\u00bb \nsis \u00e0 Port-Saint-Louis-du-Rh\u00f4ne (13230) dans le\ndomaine fun\u00e9raire\nPr\u00e9fecture des Bouches-du-Rhone - 13-2025-11-24-00020 - ARR\u00caT\u00c9 du 24 NOVEMBRE 2025\nportant habilitation sous le n\u00b0 25-13-0182 de l'\u00e9tablissement secondaire de la soci\u00e9t\u00e9\n\u00ab FAILLA \u00bb exploit\u00e9 sous le nom commercial \u00ab\u00a0FAILLA - ROC ECLERC\u00a0\u00bb \nsis \u00e0 Port-Saint-Louis-du-Rh\u00f4ne (13230) dans le domaine fun\u00e9raire\n104\nPREFETDES BOUCHES-DU-RHONELibert\u00e9Egalit\u00e9Fraternit\u00e9\nDIRECTION DE LA CITOYENNETE\nDE LA LEGALITE ET DE L'ENVIRONNEMENT\nBureau des \u00e9lections et de la r\u00e9glementation\nDCLE/BER/FUN/BC/2025/RAA N\u00b0                            \nARR\u00caT\u00c9 du 24 NOVEMBRE 2025\nportant habilitation sous le n\u00b0 25-13-0182 de l'\u00e9tablissement secondaire de la soci\u00e9t\u00e9\n\u00ab FAILLA \u00bb exploit\u00e9 sous le nom commercial \u00ab FAILLA \u2013 ROC ECLERC \u00bb \nsis \u00e0 Port-Saint-Louis-du-Rh\u00f4ne (13230) dans le domaine fun\u00e9raire\nLe pr\u00e9fet de la r\u00e9gion Provence-Alpes-C\u00f4te d'Azur\n         pr\u00e9fet de la zone de d\u00e9fense et de s\u00e9curit\u00e9 Sud\n                       pr\u00e9fet des Bouches-du-Rh\u00f4ne\nVu le code g\u00e9n\u00e9ral des collectivit\u00e9s territoriales (CGCT), notamment les articles L2223-19 et  L2223-\n23 ;\nVu la loi n\u00b02008-1350 du 19 d\u00e9cembre 2008 relative \u00e0 la l\u00e9gislation fun\u00e9raire ;\nVu l'ordonnance n\u00b0 2005-855 du 28 juillet 2005 relative aux op\u00e9rations fun\u00e9raires, notamment l'article \n1 - \u00a7 IV ;\nVu le d\u00e9cret n\u00b0 2004-374 du 29 avril 2004 relatif aux pouvoirs des pr\u00e9fets, \u00e0 l'organisation et \u00e0 l'action  \ndes services de l'Etat dans les r\u00e9gions et d\u00e9partements ;\nVu le d\u00e9cret du 19 novembre 2025 portant nomination de monsieur Jacques WITKOWSKI en qualit\u00e9  \nde pr\u00e9fet de la r\u00e9gion Provence-Alpes-C\u00f4te d'Azur, pr\u00e9fet de la zone de d\u00e9fense et de s\u00e9curit\u00e9 Sud,  \npr\u00e9fet des Bouches-du-Rh\u00f4ne ;\nVu le d\u00e9cret du 31 janvier 2025 portant nomination de monsieur Fr\u00e9d\u00e9ric POISOT en qualit\u00e9 de  \nsecr\u00e9taire g\u00e9n\u00e9ral de la pr\u00e9fecture des Bouches-du-Rh\u00f4ne, sous-pr\u00e9fet de Marseille ;\nVu le d\u00e9cret n\u00b02012-608 du 30 avril 2012 relatif aux dipl\u00f4mes dans le secteur fun\u00e9raire ;\nVu l'arr\u00eat\u00e9 du 30 avril 2012 portant application du d\u00e9cret susvis\u00e9 ;\nVu le d\u00e9cret n\u00b02020-917 du 28 juillet 2020 relatif \u00e0 la dur\u00e9e de l'habilitation dans le secteur fun\u00e9raire ;\nVu l'arr\u00eat\u00e9 n\u00b0 20-13-0182 du pr\u00e9fet des Bouches-du-Rh\u00f4ne en date du 07 d\u00e9cembre 2020, portant  \nhabilitation dans  le  domaine  fun\u00e9raire  jusqu'au  07  d\u00e9cembre  2025\nde l'\u00e9tablissement secondaire de la soci\u00e9t\u00e9 \u00ab  FAILLA \u00bb exploit\u00e9 sous l'enseigne \u00ab  ROC' ECLERC \u00bb sis 25 \navenue du Port \u00e0 PORT-ST-LOUIS DU RH\u00d4NE (13230) ;\nVu la demande re\u00e7ue le 20 novembre 2025 de M. Eric FAILLA g\u00e9rant sollicitant le renouvellement de  \nl'habilitation susvis\u00e9e \u00e0 son \u00e9ch\u00e9ance ;\nConsid\u00e9rant que la demande est constitu\u00e9e conform\u00e9ment \u00e0 la l\u00e9gislation en vigueur et compl\u00e8te le  \n24 novembre 2025 ;\nPr\u00e9fecture des Bouches-du-Rhone - 13-2025-11-24-00020 - ARR\u00caT\u00c9 du 24 NOVEMBRE 2025\nportant habilitation sous le n\u00b0 25-13-0182 de l'\u00e9tablissement secondaire de la soci\u00e9t\u00e9\n\u00ab FAILLA \u00bb exploit\u00e9 sous le nom commercial \u00ab\u00a0FAILLA - ROC ECLERC\u00a0\u00bb \nsis \u00e0 Port-Saint-Louis-du-Rh\u00f4ne (13230) dans le domaine fun\u00e9raire\n105\nSur proposition du secr\u00e9taire g\u00e9n\u00e9ral de la pr\u00e9fecture des Bouches-du-Rh\u00f4ne ;\nARR\u00caTE\nArticle 1  er     : L'\u00e9tablissement secondaire de la soci\u00e9t\u00e9 d\u00e9nomm\u00e9e \u00ab  FAILLA \u00bb exploit\u00e9 sous le nom  \ncommercial \u00ab  FAILLA \u2013 ROC ECLERC  \u00bb situ\u00e9 25 avenue du Port \u00e0 PORT-SAINT-LOUIS-DU-RHONE  \n(13230) dirig\u00e9 par M. Eric Failla g\u00e9rant, est habilit\u00e9 sous le  N\u00b0 25-13-0182  \u00e0 compter de la date du  \npr\u00e9sent arr\u00eat\u00e9, pour exercer sur l'ensemble du territoire national les activit\u00e9s fun\u00e9raires suivantes :\n\u27a2 Jusqu'au 24 novembre 2030   :  \n\u2022 organisation des obs\u00e8ques\n\u2022 fourniture des housses, de cercueils et de leurs accessoires int\u00e9rieurs et ext\u00e9rieurs ainsi que des  \nurnes cin\u00e9raires \n\u2022 fourniture  de  personnel,  des  objets  et  prestations  n\u00e9cessaires  aux  obs\u00e8ques,  inhumations,  \nexhumations et cr\u00e9mations\nArticle 2 : L'habilitation est accord\u00e9e pour 5 ans \u00e0 compter de la date du pr\u00e9sent arr\u00eat\u00e9. La demande  \nde renouvellement devra \u00eatre adress\u00e9e deux mois avant son \u00e9ch\u00e9ance.\nArticle 3  : L'arr\u00eat\u00e9 du pr\u00e9fet des Bouches-du-Rh\u00f4ne N\u00b0 20-13-0182 du 07 d\u00e9cembre 2020 est abrog\u00e9 \u00e0  \ncompter de la date du pr\u00e9sent arr\u00eat\u00e9.\nArticle 4  : L'op\u00e9rateur fun\u00e9raire habilit\u00e9 peut confier \u00e0 un ou plusieurs sous-traitants la r\u00e9alisation de  \ntout ou partie des prestations relevant du service ext\u00e9rieur des pompes fun\u00e8bres. Ce dernier doit \u00eatre  \nhabilit\u00e9 pour la prestation qu'il sous-traite ; de m\u00eame que les sous-traitants doivent \u00eatre habilit\u00e9s pour \nchacune des prestations du service ext\u00e9rieur qu'ils fournissent de mani\u00e8re habituelle aux familles. A  \nd\u00e9faut du respect de ces prescriptions, leur responsabilit\u00e9 conjointe pourra \u00eatre mise en cause.\nArticle 5 :  La pr\u00e9sente habilitation peut \u00eatre suspendue pour une dur\u00e9e maximum d'un an ou retir\u00e9e  \npar le pr\u00e9fet du d\u00e9partement o\u00f9 les faits auront \u00e9t\u00e9 constat\u00e9s, conform\u00e9ment aux dispositions de  \nl'article L2223-25 du code g\u00e9n\u00e9ral des collectivit\u00e9s territoriales, pour les motifs suivants :\n1\u00b0 non-respect des dispositions du code g\u00e9n\u00e9ral des collectivit\u00e9s territoriales auxquelles sont soumises \nles r\u00e9gies, entreprises ou associations habilit\u00e9es conform\u00e9ment \u00e0 l'article L 2223-23,\n2\u00b0 non-exercice ou cessation d'exercice des activit\u00e9s au titre desquelles elle a \u00e9t\u00e9 d\u00e9livr\u00e9e,\n3\u00b0 atteinte \u00e0 l'ordre public ou danger pour la salubrit\u00e9 publique.\nDans le cas d'un d\u00e9l\u00e9gataire, le retrait de l'habilitation entra\u00eene la d\u00e9ch\u00e9ance des d\u00e9l\u00e9gations.\nArticle 6  :  La pr\u00e9sente d\u00e9cision peut faire l'objet, dans un d\u00e9lai de deux mois \u00e0 compter de sa  \nnotification,  d'un  recours  gracieux  aupr\u00e8s  de  mes  services,  d'un  recours  hi\u00e9rarchique  aupr\u00e8s  de \nmonsieur  le  ministre  de  l'int\u00e9rieur,  d'un  recours  contentieux  devant  le  tribunal  administratif  de \nMarseille (31 rue Jean-Fran\u00e7ois LECA, 13002 Marseille)  ; la juridiction administrative comp\u00e9tente peut  \naussi \u00eatre saisie par l'application T\u00e9l\u00e9recours accessible \u00e0 partir du site www.telerecours.fr.\nArticle 7  : Le secr\u00e9taire g\u00e9n\u00e9ral de la pr\u00e9fecture des Bouches-du-Rh\u00f4ne, le sous-pr\u00e9fet d'Istres, le  \ndirecteur d\u00e9partemental de la s\u00e9curit\u00e9 publique des Bouches-du-Rh\u00f4ne sont charg\u00e9s, chacun en ce  \nqui le concerne, de l'ex\u00e9cution du pr\u00e9sent arr\u00eat\u00e9 qui sera publi\u00e9 au recueil des actes administratifs.\nFait \u00e0 Marseille, le 24 NOVEMBRE 2025\n             Pour le pr\u00e9fet,\nL'adjointe au chef de bureau\n                    SIGNE\nVirginie DUPOUY-RAVETLLAT\nPr\u00e9fecture des Bouches-du-Rhone - 13-2025-11-24-00020 - ARR\u00caT\u00c9 du 24 NOVEMBRE 2025\nportant habilitation sous le n\u00b0 25-13-0182 de l'\u00e9tablissement secondaire de la soci\u00e9t\u00e9\n\u00ab FAILLA \u00bb exploit\u00e9 sous le nom commercial \u00ab\u00a0FAILLA - ROC ECLERC\u00a0\u00bb \nsis \u00e0 Port-Saint-Louis-du-Rh\u00f4ne (13230) dans le domaine fun\u00e9raire\n106\nPr\u00e9fecture des Bouches-du-Rhone\n13-2025-11-25-00014\nARR\u00caT\u00c9 du 25 NOVEMBRE 2025\nportant habilitation sous le n\u00b0 25-13-0083 de\nl'\u00e9tablissement secondaire de la soci\u00e9t\u00e9\n\u00ab\u00a0PRAESENS \u00bb exploit\u00e9 sous le nom commercial\n\u00ab POMPES FUNEBRES DU PAYS AIXOIS \u00bb \nsis \u00e0 Aix-en-Provence (13100) dans le domaine\nfun\u00e9raire\nPr\u00e9fecture des Bouches-du-Rhone - 13-2025-11-25-00014 - ARR\u00caT\u00c9 du 25 NOVEMBRE 2025\nportant habilitation sous le n\u00b0 25-13-0083 de l'\u00e9tablissement secondaire de la soci\u00e9t\u00e9 \u00ab\u00a0PRAESENS \u00bb exploit\u00e9 sous le nom commercial\n\u00ab POMPES FUNEBRES DU PAYS AIXOIS \u00bb \nsis \u00e0 Aix-en-Provence (13100) dans le domaine fun\u00e9raire\n107\nPREFETDES BOUCHES-DU-RHONELibert\u00e9Egalit\u00e9Fraternit\u00e9\nDIRECTION DE LA CITOYENNETE\nDE LA LEGALITE ET DE L'ENVIRONNEMENT\nBureau des \u00e9lections et de la r\u00e9glementation\nDCLE/BER/FUN/BC/2025/RAA N\u00b0                            \nARR\u00caT\u00c9 du 25 NOVEMBRE 2025\nportant habilitation sous le n\u00b0 25-13-0083 de l'\u00e9tablissement secondaire de la soci\u00e9t\u00e9 \n\u00ab PRAESENS \u00bb exploit\u00e9 sous le nom commercial \u00ab POMPES FUNEBRES DU PAYS AIXOIS \u00bb \nsis \u00e0 Aix-en-Provence (13100) dans le domaine fun\u00e9raire\nLe pr\u00e9fet de la r\u00e9gion Provence-Alpes-C\u00f4te d'Azur\n         pr\u00e9fet de la zone de d\u00e9fense et de s\u00e9curit\u00e9 Sud\n                       pr\u00e9fet des Bouches-du-Rh\u00f4ne\n              \nVu le code g\u00e9n\u00e9ral des collectivit\u00e9s territoriales (CGCT), notamment les articles L2223-19 et  L2223-\n23 ;\nVu la loi n\u00b02008-1350 du 19 d\u00e9cembre 2008 relative \u00e0 la l\u00e9gislation fun\u00e9raire ;\nVu l'ordonnance n\u00b0 2005-855 du 28 juillet 2005 relative aux op\u00e9rations fun\u00e9raires, notamment l'article \n1 - \u00a7 IV ;\nVu le d\u00e9cret n\u00b0 2004-374 du 29 avril 2004 relatif aux pouvoirs des pr\u00e9fets, \u00e0 l'organisation et \u00e0 l'action  \ndes services de l'Etat dans les r\u00e9gions et d\u00e9partements ;\nVu le d\u00e9cret du 19 novembre 2025 portant nomination de monsieur Jacques WITKOWSKI en qualit\u00e9  \nde pr\u00e9fet de la r\u00e9gion Provence-Alpes-C\u00f4te d'Azur, pr\u00e9fet de la zone de d\u00e9fense et de s\u00e9curit\u00e9 Sud,  \npr\u00e9fet des Bouches-du-Rh\u00f4ne ;\nVu le d\u00e9cret du 31 janvier 2025 portant nomination de monsieur Fr\u00e9d\u00e9ric POISOT en qualit\u00e9 de  \nsecr\u00e9taire g\u00e9n\u00e9ral de la pr\u00e9fecture des Bouches-du-Rh\u00f4ne, sous-pr\u00e9fet de Marseille ;\nVu le d\u00e9cret n\u00b02012-608 du 30 avril 2012 relatif aux dipl\u00f4mes dans le secteur fun\u00e9raire ;\nVu l'arr\u00eat\u00e9 du 30 avril 2012 portant application du d\u00e9cret susvis\u00e9 ;\nVu le d\u00e9cret n\u00b02020-917 du 28 juillet 2020 relatif \u00e0 la dur\u00e9e de l'habilitation dans le secteur fun\u00e9raire ;\nVu  l'arr\u00eat\u00e9  n\u00b0  19-13-0083  du  pr\u00e9fet  des  Bouches-du-Rh\u00f4ne  en  date  du  19  ao\u00fbt  2020  portant  \nhabilitation dans  le  domaine  fun\u00e9raire  jusqu'au  10  d\u00e9cembre  2025\nde l'\u00e9tablissement secondaire de la soci\u00e9t\u00e9 \u00ab  PRAESENS \u00bb exploit\u00e9 sous le nom commercial \u00ab  POMPES \nFUNEBRES DU PAYS AIXOIS \u00bb sis 4 avenue Pasteur \u00e0 Aix-en-Provence (13100) ;\nVu la demande re\u00e7ue le 4 novembre 2025 de M. Fr\u00e9d\u00e9ric RIBES pr\u00e9sident sollicitant le renouvellement  \nde l'habilitation susvis\u00e9e \u00e0 son \u00e9ch\u00e9ance ;\nConsid\u00e9rant que la demande est constitu\u00e9e conform\u00e9ment \u00e0 la l\u00e9gislation en vigueur et compl\u00e8te le  \n20 novembre 2025 ;\nSur proposition du secr\u00e9taire g\u00e9n\u00e9ral de la pr\u00e9fecture des Bouches-du-Rh\u00f4ne ;\nPr\u00e9fecture des Bouches-du-Rhone - 13-2025-11-25-00014 - ARR\u00caT\u00c9 du 25 NOVEMBRE 2025\nportant habilitation sous le n\u00b0 25-13-0083 de l'\u00e9tablissement secondaire de la soci\u00e9t\u00e9 \u00ab\u00a0PRAESENS \u00bb exploit\u00e9 sous le nom commercial\n\u00ab POMPES FUNEBRES DU PAYS AIXOIS \u00bb \nsis \u00e0 Aix-en-Provence (13100) dans le domaine fun\u00e9raire\n108\nARR\u00caTE\nArticle 1  er     : L'\u00e9tablissement secondaire de la soci\u00e9t\u00e9 \u00ab  PRAESENS \u00bb exploit\u00e9 sous le nom commercial  \n\u00ab POMPES FUNEBRES DU PAYS AIXOIS  \u00bb sis  4 avenue Pasteur \u00e0 Aix-en-Provence (13100)  dirig\u00e9 par  \nM. Fr\u00e9d\u00e9ric RIBES pr\u00e9sident et M. Gabriel RIBES directeur g\u00e9n\u00e9ral est habilit\u00e9 sous le N\u00b0 25-13-0083 \u00e0 \ncompter de la date du pr\u00e9sent arr\u00eat\u00e9, pour exercer sur l'ensemble du territoire national les activit\u00e9s  \nfun\u00e9raires suivantes :\nJusqu'au 25 novembre 2030   :  \n\u2022 transport des corps avant et apr\u00e8s mise en bi\u00e8re\n\u2022 organisation des obs\u00e8ques\n\u2022 soins de conservation (en sous-traitance)\n\u2022 fourniture des housses, de cercueils et de leurs accessoires int\u00e9rieurs et ext\u00e9rieurs ainsi que des  \nurnes cin\u00e9raires \n\u2022 fourniture des corbillards et de voitures de deuil \n\u2022 fourniture  de  personnel,  des  objets  et  prestations  n\u00e9cessaires  aux  obs\u00e8ques,  inhumations,  \nexhumations et cr\u00e9mations\nArticle 2 : L'habilitation est accord\u00e9e pour 5 ans \u00e0 compter de la date du pr\u00e9sent arr\u00eat\u00e9. La demande  \nde renouvellement devra \u00eatre adress\u00e9e deux mois avant son \u00e9ch\u00e9ance.\nArticle 3   :  L'arr\u00eat\u00e9 du pr\u00e9fet des Bouches-du-Rh\u00f4ne N\u00b0 19-13-0083 du 19 ao\u00fbt 2020 est abrog\u00e9 \u00e0  \ncompter de la date du pr\u00e9sent arr\u00eat\u00e9.\nArticle 4  : L'op\u00e9rateur fun\u00e9raire habilit\u00e9 peut confier \u00e0 un ou plusieurs sous-traitants la r\u00e9alisation de  \ntout ou partie des prestations relevant du service ext\u00e9rieur des pompes fun\u00e8bres. Ce dernier doit \u00eatre  \nhabilit\u00e9 pour la prestation qu'il sous-traite ; de m\u00eame que les sous-traitants doivent \u00eatre habilit\u00e9s pour \nchacune des prestations du service ext\u00e9rieur qu'ils fournissent de mani\u00e8re habituelle aux familles. A  \nd\u00e9faut du respect de ces prescriptions, leur responsabilit\u00e9 conjointe pourra \u00eatre mise en cause.\nArticle 5 :  La pr\u00e9sente habilitation peut \u00eatre suspendue pour une dur\u00e9e maximum d'un an ou retir\u00e9e  \npar le pr\u00e9fet du d\u00e9partement o\u00f9 les faits auront \u00e9t\u00e9 constat\u00e9s, conform\u00e9ment aux dispositions de  \nl'article L2223-25 du code g\u00e9n\u00e9ral des collectivit\u00e9s territoriales, pour les motifs suivants :\n1\u00b0 non-respect des dispositions du code g\u00e9n\u00e9ral des collectivit\u00e9s territoriales auxquelles sont soumises \nles r\u00e9gies, entreprises ou associations habilit\u00e9es conform\u00e9ment \u00e0 l'article L 2223-23,\n2\u00b0 non-exercice ou cessation d'exercice des activit\u00e9s au titre desquelles elle a \u00e9t\u00e9 d\u00e9livr\u00e9e,\n3\u00b0 atteinte \u00e0 l'ordre public ou danger pour la salubrit\u00e9 publique.\nDans le cas d'un d\u00e9l\u00e9gataire, le retrait de l'habilitation entra\u00eene la d\u00e9ch\u00e9ance des d\u00e9l\u00e9gations.\nArticle 6  :  La pr\u00e9sente d\u00e9cision peut faire l'objet, dans un d\u00e9lai de deux mois \u00e0 compter de sa  \nnotification,  d'un  recours  gracieux  aupr\u00e8s  de  mes  services,  d'un  recours  hi\u00e9rarchique  aupr\u00e8s  de \nmonsieur  le  ministre  de  l'int\u00e9rieur,  d'un  recours  contentieux  devant  le  tribunal  administratif  de \nMarseille (31 rue Jean-Fran\u00e7ois LECA, 13002 Marseille)  ; la juridiction administrative comp\u00e9tente peut  \naussi \u00eatre saisie par l'application T\u00e9l\u00e9recours accessible \u00e0 partir du site www.telerecours.fr.\nArticle  7 :  Le  secr\u00e9taire  g\u00e9n\u00e9ral  de  la  pr\u00e9fecture  des  Bouches-du-Rh\u00f4ne,  le  sous-pr\u00e9fet  d'Aix-en-\nProvence, le directeur d\u00e9partemental de la s\u00e9curit\u00e9 publique des Bouches-du-Rh\u00f4ne sont charg\u00e9s,  \nchacun en ce qui le concerne, de l'ex\u00e9cution du pr\u00e9sent arr\u00eat\u00e9 qui sera publi\u00e9 au recueil des actes  \nadministratifs.\nFait \u00e0 Marseille, le 25 NOVEMBRE 2025\n            Pour le Pr\u00e9fet,\nL'adjointe au Chef de bureau\n                  SIGNE\nVirginie DUPOUY-RAVETLLAT\nPr\u00e9fecture des Bouches-du-Rhone - 13-2025-11-25-00014 - ARR\u00caT\u00c9 du 25 NOVEMBRE 2025\nportant habilitation sous le n\u00b0 25-13-0083 de l'\u00e9tablissement secondaire de la soci\u00e9t\u00e9 \u00ab\u00a0PRAESENS \u00bb exploit\u00e9 sous le nom commercial\n\u00ab POMPES FUNEBRES DU PAYS AIXOIS \u00bb \nsis \u00e0 Aix-en-Provence (13100) dans le domaine fun\u00e9raire\n109\nPr\u00e9fecture des Bouches-du-Rhone\n13-2025-11-25-00013\nARR\u00caT\u00c9 du 25 NOVEMBRE 2025\nportant habilitation sous le n\u00b0 25-13-0579 de\nl'\u00e9tablissement secondaire de la soci\u00e9t\u00e9\n\u00ab\u00a0FUNERAILLES EUROPEENNES \u00bb exploit\u00e9 sous le\nnom commercial \u00ab AGENCE FUNERAIRE DE\nROGNAC \u00bb sis \u00e0 Rognac (13340) dans le domaine\nfun\u00e9raire\nPr\u00e9fecture des Bouches-du-Rhone - 13-2025-11-25-00013 - ARR\u00caT\u00c9 du 25 NOVEMBRE 2025\nportant habilitation sous le n\u00b0 25-13-0579 de l'\u00e9tablissement secondaire de la soci\u00e9t\u00e9 \u00ab\u00a0FUNERAILLES EUROPEENNES \u00bb exploit\u00e9 sous le\nnom commercial \u00ab AGENCE FUNERAIRE DE ROGNAC \u00bb sis \u00e0 Rognac (13340) dans le domaine fun\u00e9raire\n110\nPREFETDES BOUCHES-DU-RHONELibert\u00e9Egalit\u00e9Fraternit\u00e9\nDIRECTION DE LA CITOYENNETE\nDE LA LEGALITE ET DE L'ENVIRONNEMENT\nBureau des \u00e9lections et de la r\u00e9glementation\nDCLE/BER/FUN/BC/2025/RAA N\u00b0                            \nARR\u00caT\u00c9 du 25 NOVEMBRE 2025\nportant habilitation sous le n\u00b0 25-13-0579 de l'\u00e9tablissement secondaire de la soci\u00e9t\u00e9 \n\u00ab FUNERAILLES EUROPEENNES \u00bb exploit\u00e9 sous le nom commercial \u00ab AGENCE FUNERAIRE \nDE ROGNAC \u00bb sis \u00e0 Rognac (13340) dans le domaine fun\u00e9raire\nLe pr\u00e9fet de la r\u00e9gion Provence-Alpes-C\u00f4te d'Azur\n         pr\u00e9fet de la zone de d\u00e9fense et de s\u00e9curit\u00e9 Sud\n                       pr\u00e9fet des Bouches-du-Rh\u00f4ne\n              \nVu le code g\u00e9n\u00e9ral des collectivit\u00e9s territoriales (CGCT), notamment les articles L2223-19 et  L2223-\n23 ;\nVu la loi n\u00b02008-1350 du 19 d\u00e9cembre 2008 relative \u00e0 la l\u00e9gislation fun\u00e9raire ;\nVu l'ordonnance n\u00b0 2005-855 du 28 juillet 2005 relative aux op\u00e9rations fun\u00e9raires, notamment l'article \n1 - \u00a7 IV ;\nVu le d\u00e9cret n\u00b0 2004-374 du 29 avril 2004 relatif aux pouvoirs des pr\u00e9fets, \u00e0 l'organisation et \u00e0 l'action  \ndes services de l'Etat dans les r\u00e9gions et d\u00e9partements ;\nVu le d\u00e9cret du 19 novembre 2025 portant nomination de monsieur Jacques WITKOWSKI en qualit\u00e9  \nde pr\u00e9fet de la r\u00e9gion Provence-Alpes-C\u00f4te d'Azur, pr\u00e9fet de la zone de d\u00e9fense et de s\u00e9curit\u00e9 Sud,  \npr\u00e9fet des Bouches-du-Rh\u00f4ne ;\nVu le d\u00e9cret du 31 janvier 2025 portant nomination de monsieur Fr\u00e9d\u00e9ric POISOT en qualit\u00e9 de  \nsecr\u00e9taire g\u00e9n\u00e9ral de la pr\u00e9fecture des Bouches-du-Rh\u00f4ne, sous-pr\u00e9fet de Marseille ;\nVu le d\u00e9cret n\u00b02012-608 du 30 avril 2012 relatif aux dipl\u00f4mes dans le secteur fun\u00e9raire ;\nVu l'arr\u00eat\u00e9 du 30 avril 2012 portant application du d\u00e9cret susvis\u00e9 ;\nVu le d\u00e9cret n\u00b02020-917 du 28 juillet 2020 relatif \u00e0 la dur\u00e9e de l'habilitation dans le secteur fun\u00e9raire ;\nVu la demande re\u00e7ue le 3 novembre 2025 de M. Daniel NOCERA g\u00e9rant sollicitant l'habilitation dans  \nle domaine fun\u00e9raire de l'\u00e9tablissement secondaire de la soci\u00e9t\u00e9 \u00ab  FUNERAILLES EUROPEENNES  \u00bb \nexploit\u00e9 sous le nom commercial \u00ab AGENCE FUNERAIRE DE ROGNAC \u00bb sis 2 avenue Camille Pelletan \u00e0 \nRognac (13340) ;\nConsid\u00e9rant que la demande est constitu\u00e9e conform\u00e9ment \u00e0 la l\u00e9gislation en vigueur et compl\u00e8te le  \n25 novembre 2025 ;\nSur proposition du secr\u00e9taire g\u00e9n\u00e9ral de la pr\u00e9fecture des Bouches-du-Rh\u00f4ne ;\nPr\u00e9fecture des Bouches-du-Rhone - 13-2025-11-25-00013 - ARR\u00caT\u00c9 du 25 NOVEMBRE 2025\nportant habilitation sous le n\u00b0 25-13-0579 de l'\u00e9tablissement secondaire de la soci\u00e9t\u00e9 \u00ab\u00a0FUNERAILLES EUROPEENNES \u00bb exploit\u00e9 sous le\nnom commercial \u00ab AGENCE FUNERAIRE DE ROGNAC \u00bb sis \u00e0 Rognac (13340) dans le domaine fun\u00e9raire\n111\nARR\u00caTE\nArticle 1  er     :  L'\u00e9tablissement secondaire de la soci\u00e9t\u00e9 \u00ab  FUNERAILLES EUROPEENNES \u00bb exploit\u00e9 sous le  \nnom  commercial  \u00ab AGENCE  FUNERAIRE  DE  ROGNAC \u00bb  sis  2  avenue  Camille  Pelletan  \u00e0  Rognac \n(13340) dirig\u00e9 par M. Daniel NOCERA g\u00e9rant, est habilit\u00e9 sous le N\u00b0 25-13-0579 \u00e0 compter de la date  \ndu pr\u00e9sent arr\u00eat\u00e9, pour exercer sur l'ensemble du territoire national les activit\u00e9s fun\u00e9raires suivantes :\nJusqu'au 25 novembre 2030   :  \n\u2022 transport des corps avant et apr\u00e8s mise en bi\u00e8re\n\u2022 organisation des obs\u00e8ques\n\u2022 soins de conservation (en sous-traitance)\n\u2022 fourniture des housses, de cercueils et de leurs accessoires int\u00e9rieurs et ext\u00e9rieurs ainsi que des  \nurnes cin\u00e9raires \n\u2022 fourniture des corbillards et de voitures de deuil \n\u2022 fourniture  de  personnel,  des  objets  et  prestations  n\u00e9cessaires  aux  obs\u00e8ques,  inhumations,  \nexhumations et cr\u00e9mations\nArticle 2 : L'habilitation est accord\u00e9e pour 5 ans \u00e0 compter de la date du pr\u00e9sent arr\u00eat\u00e9. La demande  \nde renouvellement devra \u00eatre adress\u00e9e deux mois avant son \u00e9ch\u00e9ance.\nArticle 3  : L'op\u00e9rateur fun\u00e9raire habilit\u00e9 peut confier \u00e0 un ou plusieurs sous-traitants la r\u00e9alisation de  \ntout ou partie des prestations relevant du service ext\u00e9rieur des pompes fun\u00e8bres. Ce dernier doit \u00eatre  \nhabilit\u00e9 pour la prestation qu'il sous-traite ; de m\u00eame que les sous-traitants doivent \u00eatre habilit\u00e9s pour \nchacune des prestations du service ext\u00e9rieur qu'ils fournissent de mani\u00e8re habituelle aux familles. A  \nd\u00e9faut du respect de ces prescriptions, leur responsabilit\u00e9 conjointe pourra \u00eatre mise en cause.\nArticle 4 :  La pr\u00e9sente habilitation peut \u00eatre suspendue pour une dur\u00e9e maximum d'un an ou retir\u00e9e  \npar le pr\u00e9fet du d\u00e9partement o\u00f9 les faits auront \u00e9t\u00e9 constat\u00e9s, conform\u00e9ment aux dispositions de  \nl'article L2223-25 du code g\u00e9n\u00e9ral des collectivit\u00e9s territoriales, pour les motifs suivants :\n1\u00b0 non-respect des dispositions du code g\u00e9n\u00e9ral des collectivit\u00e9s territoriales auxquelles sont soumises \nles r\u00e9gies, entreprises ou associations habilit\u00e9es conform\u00e9ment \u00e0 l'article L 2223-23,\n2\u00b0 non-exercice ou cessation d'exercice des activit\u00e9s au titre desquelles elle a \u00e9t\u00e9 d\u00e9livr\u00e9e,\n3\u00b0 atteinte \u00e0 l'ordre public ou danger pour la salubrit\u00e9 publique.\nDans le cas d'un d\u00e9l\u00e9gataire, le retrait de l'habilitation entra\u00eene la d\u00e9ch\u00e9ance des d\u00e9l\u00e9gations.\nArticle 5  :  La pr\u00e9sente d\u00e9cision peut faire l'objet, dans un d\u00e9lai de deux mois \u00e0 compter de sa  \nnotification,  d'un  recours  gracieux  aupr\u00e8s  de  mes  services,  d'un  recours  hi\u00e9rarchique  aupr\u00e8s  de \nmonsieur  le  ministre  de  l'int\u00e9rieur,  d'un  recours  contentieux  devant  le  tribunal  administratif  de \nMarseille (31 rue Jean-Fran\u00e7ois LECA, 13002 Marseille)  ; la juridiction administrative comp\u00e9tente peut  \naussi \u00eatre saisie par l'application T\u00e9l\u00e9recours accessible \u00e0 partir du site www.telerecours.fr.\nArticle 6  : Le secr\u00e9taire g\u00e9n\u00e9ral de la pr\u00e9fecture des Bouches-du-Rh\u00f4ne, le sous-pr\u00e9fet d'Istres, le  \ncolonel commandant le groupement de gendarmerie des Bouches-du-Rh\u00f4ne sont charg\u00e9s, chacun en  \nce qui le concerne, de l'ex\u00e9cution du pr\u00e9sent arr\u00eat\u00e9 qui sera publi\u00e9 au recueil des actes administratifs.\nFait \u00e0 Marseille, le 25 NOVEMBRE 2025\n            Pour le Pr\u00e9fet,\nL'adjointe au Chef de bureau\n                  SIGNE\nVirginie DUPOUY-RAVETLLAT\nPr\u00e9fecture des Bouches-du-Rhone - 13-2025-11-25-00013 - ARR\u00caT\u00c9 du 25 NOVEMBRE 2025\nportant habilitation sous le n\u00b0 25-13-0579 de l'\u00e9tablissement secondaire de la soci\u00e9t\u00e9 \u00ab\u00a0FUNERAILLES EUROPEENNES \u00bb exploit\u00e9 sous le\nnom commercial \u00ab AGENCE FUNERAIRE DE ROGNAC \u00bb sis \u00e0 Rognac (13340) dans le domaine fun\u00e9raire\n112","date":"2025-11-26","first_seen_on":"2025-11-26T15:11:00+00:00","id":"61e557e879ea800931dc32924b97a1b945a0fb4747a422246dc1d421c1625d2c","name":"recueil-13-2025-358-recueil-des-actes-administratifs-special du 26 novembre 2025","pdf_creation_date":"2025-11-26T14:52:29+00:00","pdf_modification_date":null,"timezone":"Europe/Paris","url":"https://www.bouches-du-rhone.gouv.fr/contenu/telechargement/62128/437416/file/recueil-13-2025-358-recueil-des-actes-administratifs-special%20du%2026%20novembre%202025.pdf"}
