{"administration":"prefidf","administration_name":"Pr\u00e9fecture de la r\u00e9gion \u00cele-de-France","content":"PREFECTURE\nREGION ILE DE\nFRANCE\nRECUEIL DES ACTES\nADMINISTRATIFS SP\u00c9CIAL\n(NOMINATIFS)\nN\u00b0IDF-055-2025-06\nPUBLI\u00c9 LE 27 JUIN 2025\nSommaire\nAgence R\u00e9gionale de Sant\u00e9 / Agence r\u00e9gionale de sant\u00e9\nd'Ile-de-France-Cabinet\nIDF-2025-06-24-00008 - Arr\u00eat\u00e9 N\u00b0 SG/DRH 2025-06portant nomination\nde Monsieur Philippe DOMINGUES aux fonctions de Directeur de\nl'Inspection R\u00e9gionale Autonomie Sant\u00e9 par int\u00e9rim\nde\nl'Agence r\u00e9gionale de sant\u00e9 \u00cele-de-France\n (1 page) Page 3\nDirection r\u00e9gionale et interd\u00e9partementale de l'\u00e9conomie, de l'emploi,\ndu travail et des solidarit\u00e9s d'\u00cele-de-France / P\u00f4le Politiques du\nTravail\nIDF-2025-06-23-00008 - D\u00e9cision n\u00b0 2025- 114 du 23 juin 2025 portant\naffectation des agents de contr\u00f4le dans les unit\u00e9s de contr\u00f4le et\ngestion des int\u00e9rims de la direction d\u00e9partementale de l'emploi, du\ntravail et des solidarit\u00e9s du Val d'Oise (3 pages) Page 5\nIDF-2025-06-27-00002 - D\u00e9cision n\u00b0 2025-01 portant agr\u00e9ment\nd'agents de France Travail charg\u00e9s de la lutte contre les fraudes, afin\nde pouvoir dresser des proc\u00e8s-verbaux aux infractions du Code du travail,\napr\u00e8s assermentation (2 pages) Page 9\nIDF-2025-06-27-00001 - D\u00e9cision n\u00b0 2025-02 portant agr\u00e9ment\nd'agents de France Travail charg\u00e9s de la lutte contre les fraudes, afin\nde pouvoir dresser des proc\u00e8s-verbaux aux infractions du Code du travail,\napr\u00e8s assermentation (2 pages) Page 12\nIDF-2025-06-23-00007 - D\u00e9cision n\u00b0 2025-115 du 23 juin 2025 portant\naffectation des agents de contr\u00f4le dans les unit\u00e9s de contr\u00f4le et\ngestion des int\u00e9rims de l'unit\u00e9 d\u00e9partementale de Paris de la\nDRIEETS d'Ile-de-France (9 pages) Page 15\nDirection r\u00e9gionale et interd\u00e9partementale de l'\u00e9conomie, de l'emploi,\ndu travail et des solidarit\u00e9s d'\u00cele-de-France / Unit\u00e9 r\u00e9gionale\nd'appui et de contr\u00f4le\nIDF-2025-06-27-00003 - Arr\u00eat\u00e9 portant sur la demande de d\u00e9rogation\na l'obligation de repos dominical pr\u00e9sent\u00e9e par la soci\u00e9t\u00e9 SARENS\nFRANCE, pour son intervention sur le site de construction de la ligne CDG\nEXPRESS - ZONE D\n93200 SAINT-DENIS\n\n (2 pages) Page 25\n2\nAgence R\u00e9gionale de Sant\u00e9\nIDF-2025-06-24-00008\nArr\u00eat\u00e9 N\u00b0 SG/DRH 2025-06portant nomination\nde Monsieur Philippe DOMINGUES aux fonctions\nde Directeur de l'Inspection R\u00e9gionale\nAutonomie Sant\u00e9 par int\u00e9rim\nde l'Agence r\u00e9gionale de sant\u00e9 \u00cele-de-France\nAgence R\u00e9gionale de Sant\u00e9 - IDF-2025-06-24-00008 - Arr\u00eat\u00e9 N\u00b0 SG/DRH 2025-06portant nomination de Monsieur Philippe\nDOMINGUES aux fonctions de Directeur de l'Inspection R\u00e9gionale Autonomie Sant\u00e9 par int\u00e9rim\nde l'Agence r\u00e9gionale de sant\u00e9 \u00cele-de-France\n3\nEzREPUBLIQUEFRANCAISELibert\u00e9Egalit\u00e9Fraternit\u00e9\ne ) Agence R\u00e9gionale de Sant\u00e9lle-de-France\n7 roneee  eee  =  =  oi  \u2014\nn\n-\n\u2014\u2014 _\u2014 _\u2014 \u2014\u2014 \u2014\u2014 \u2014 2 \u2014\u2014\nna\n \n \n \n \n \n \n \nAGENCE R\u00c9GIONALE DE SANT\u00c9 \u00ceLE-DE-FRANCE \nARR\u00caT\u00c9 N\u00b0 SG/DRH 2025-06 \nportant nomination de Monsieur Philippe DOMINGUES aux fonctions de \nDirecteur de l'Inspection R\u00e9gionale Autonomie Sant\u00e9 par int\u00e9rim \nde l'Agence r\u00e9gionale de sant\u00e9 \u00cele-de-France \n \n \nLE DIRECTEUR G\u00c9N\u00c9RAL DE L'AGENCE R\u00c9GIONALE DE SANT\u00c9 \u00ceLE-DE-FRANCE \n \n \nVU le code de la sant\u00e9 publique et notamment le titre III du livre IV de la premi\u00e8re partie, consacr\u00e9 \naux Agences r\u00e9gionales de sant\u00e9 ; \n \nVU le d\u00e9cret du 10 avril 2024 portant nomination de Monsieur Denis ROBIN, Directeur g\u00e9n\u00e9ral de \nl'Agence r\u00e9gionale de sant\u00e9 \u00cele-de-France \u00e0 compter du 29 avril 2024  ; \n \n \n \nARR\u00caTE \n \n \nARTICLE 1er : Monsieur Philippe DOMINGUES est charg\u00e9 des fonctions de Directeur de l'Inspection \nR\u00e9gionale Autonomie Sant\u00e9 par int\u00e9rim de l'Agence r\u00e9gionale de sant\u00e9 \u00cele-de-France, \n\u00e0 compter du 1er juillet 2025. \n  \nARTICLE 2 : Le Directeur de l'Inspection R\u00e9gionale Autonomie Sant\u00e9 par int\u00e9rim de l'Agence \nr\u00e9gionale de sant\u00e9 \u00cele-de-France est charg\u00e9 de l'ex\u00e9cution du pr\u00e9sent arr\u00eat\u00e9 qui sera \npubli\u00e9 au recueil des actes administratifs de la Pr\u00e9fecture de la R\u00e9gion d'\u00cele-de-France. \n \n \n \n \nFait \u00e0 Saint-Denis, le 24 juin 2025 \n \nLe Directeur g\u00e9n\u00e9ral  \nde l'Agence r\u00e9gionale de sant\u00e9 \n\u00cele-de-France \n \n \nDenis ROBIN \nAgence R\u00e9gionale de Sant\u00e9 - IDF-2025-06-24-00008 - Arr\u00eat\u00e9 N\u00b0 SG/DRH 2025-06portant nomination de Monsieur Philippe\nDOMINGUES aux fonctions de Directeur de l'Inspection R\u00e9gionale Autonomie Sant\u00e9 par int\u00e9rim\nde l'Agence r\u00e9gionale de sant\u00e9 \u00cele-de-France\n4\nDirection r\u00e9gionale et interd\u00e9partementale de\nl'\u00e9conomie, de l'emploi, du travail et des\nsolidarit\u00e9s d'\u00cele-de-France\nIDF-2025-06-23-00008\nD\u00e9cision n\u00b0 2025- 114 du 23 juin 2025 portant\naffectation des agents de contr\u00f4le dans les\nunit\u00e9s de contr\u00f4le et gestion des int\u00e9rims de la\ndirection d\u00e9partementale de l'emploi, du travail\net des solidarit\u00e9s du Val d'Oise\nDirection r\u00e9gionale et interd\u00e9partementale de l'\u00e9conomie, de l'emploi, du travail et des solidarit\u00e9s d'\u00cele-de-France -\nIDF-2025-06-23-00008 - D\u00e9cision n\u00b0 2025- 114 du 23 juin 2025 portant affectation des agents de contr\u00f4le dans les unit\u00e9s de contr\u00f4le et\ngestion des int\u00e9rims de la direction d\u00e9partementale de l'emploi, du travail et des solidarit\u00e9s du Val d'Oise\n5\nMINISTERE |DU TRAVAIL, DE LA SANT\u00c9,DES SOLIDARIT\u00c9SET DES FAMILLESLibert\u00e9Egalit\u00e9Fraternit\u00e9\n \nDirection r\u00e9gionale et interd\u00e9partementale \nde l'\u00e9conomie, de l'emploi, \ndu travail et des solidarit\u00e9s \n \n \nDRIEETS d'\u00cele-de-France  \n21 rue Madeleine Vionnet  \n93300 AUBERVILLIERS                                                                                                                                                                                                                             \n \n \n \n \n \nD\u00e9cision n\u00b0 2025- 114  du 23  juin 2025 \nportant affectation des agents de contr\u00f4le dans les unit\u00e9s de contr\u00f4le et gestion des int\u00e9rims  \nde la direction d\u00e9partementale de l'emploi, du travail et des solidarit\u00e9s du Val d'Oise  \n \n \nLe Directeur r\u00e9gional et interd\u00e9partemental de l'\u00e9conomie, de l'emploi, du travail et des solidarit\u00e9s de la \nr\u00e9gion Ile-de-France par int\u00e9rim, \n \nVu le code du travail, notamment ses articles R. 8122-1 et suivants.  \n \nVu le d\u00e9cret n\u00b0 2020 -1545 du 9 d\u00e9cembre 2020 relatif \u00e0 l'organisation et aux missions des directions \nr\u00e9gionales de l'\u00e9conomie, de l'emploi, du travail et des solidarit\u00e9s, des directions d\u00e9partementales de \nl'emploi, du travail et des solidarit\u00e9s et des directi ons d\u00e9partementales de l'emploi, du travail, des \nsolidarit\u00e9s et de la protection des populations, \n \nVu l'arr\u00eat\u00e9 interminist\u00e9riel du 20 mars 2025 nommant Marc ROHFRITSCH directeur r\u00e9gional et \ninterd\u00e9partemental de l'\u00e9conomie, de l'emploi, du travail et des solidarit\u00e9s d'\u00cele -de-France par int\u00e9rim, \u00e0 \ncompter du 1er avril 2025, \n \nVu l'arr\u00eat\u00e9 minist\u00e9riel du 25 mars 2024 portant cr\u00e9ation et r\u00e9partition des unit\u00e9s de contr\u00f4le de \nl'inspection du travail,  \n \nVu la d\u00e9cision n\u00b0 2021 -30 du 01 avril 2021 du Directeur r\u00e9gional et interd\u00e9partemental de l'\u00e9conomie, de \nl'emploi, du travail et des solidarit\u00e9s d'Ile-de-France relative \u00e0 la localisation et \u00e0 la d\u00e9limitation des unit\u00e9s \nde contr\u00f4le et des sections d'inspection du travail de la direction d\u00e9partementale de l'emploi, du trava il \net des solidarit\u00e9s du Val d'Oise. \n \nD\u00c9CIDE \n \nArticle 1 :  \nSont nomm\u00e9s comme responsables des unit\u00e9s de contr\u00f4le de la direction d\u00e9partementale de l'emploi, du \ntravail et des solidarit\u00e9s du Val-d'Oise les agents suivants : \n- Unit\u00e9 de contr\u00f4le n\u00b0 1 : Madame FAGOT Isabelle  \n- Unit\u00e9 de contr\u00f4le n\u00b0 2 : Monsieur MARSY Didier \n- Unit\u00e9 de contr\u00f4le n\u00b0 3 : Madame HOUPIN Elsa  \n \n \nArticle 2 :  \nSans pr\u00e9judice des dispositions de l'article R. 8122 -10-I du code du travail et conform\u00e9ment aux \ndispositions de l'article R. 8122 -11 du code du travail, sont affect\u00e9s dans les sections d'inspection de la \ndirection d\u00e9partementale de l'emploi, du travail et des solidarit\u00e9s du Val-d'Oise les agents suivants : \n \n1. Unit\u00e9 de contr\u00f4le n\u00b0 1 \n- section 1.1 : Madame SA Laur\u00e8ne, inspectrice du travail \nDirection r\u00e9gionale et interd\u00e9partementale de l'\u00e9conomie, de l'emploi, du travail et des solidarit\u00e9s d'\u00cele-de-France -\nIDF-2025-06-23-00008 - D\u00e9cision n\u00b0 2025- 114 du 23 juin 2025 portant affectation des agents de contr\u00f4le dans les unit\u00e9s de contr\u00f4le et\ngestion des int\u00e9rims de la direction d\u00e9partementale de l'emploi, du travail et des solidarit\u00e9s du Val d'Oise\n6\n \n2 / 3 \n- section 1.2 : Madame BENOIT Betty, inspectrice du travail, est charg\u00e9e de l'int\u00e9rim, \n- section 1.3 : Madame BRUN Priscilla, inspectrice du travail,  \n- section 1.4 : Monsieur BRUCHET Lionel, inspecteur du travail est charg\u00e9 de l'int\u00e9rim, \n- section 1.5 : Madame FEST Lia, inspectrice du travail, \n- section 1.6 : Madame KAROLAK Maud, inspectrice du travail \n- section 1.7 : Madame DEMANDE Isabelle, Inspectrice du travail , \u00e0 l'exception du num\u00e9ro 24 de la rue \ndu Chapeau Rouge \u00e0 Sannois, Madame FAGOT Isabelle, responsable d'unit\u00e9 de contr\u00f4le est  comp\u00e9tente \npour le num\u00e9ro 24 de la rue du Chapeau Rouge \u00e0 Sannois \n- section 1.8 : Madame JAMI Brigitte, inspectrice du travail \n- section 1.9 : Madame BENO\u00ceT Betty, inspectrice du travail \n- section 1.10 : Monsieur BRUCHET Lionel, inspecteur du travail  \n \n2. Unit\u00e9 de contr\u00f4le n\u00b0 2 \n- section 2.1 : Monsieur BOUCHET Thierry, inspecteur du travail, est charg\u00e9 de l'int\u00e9rim  \n- section 2.2 : Madame BANEL St\u00e9phanie, inspectrice du travail  \n- section 2.3 : Madame HOUARD Guilaine, inspectrice du travail  \n- section 2.4 :  \nMadame HOUARD Guilaine , inspectrice du travail, est charg\u00e9e de l'int\u00e9rim \u00e0 l'exception des \nentreprises de transports telles que d\u00e9finies par la d\u00e9cision n\u00b0 2021-30 du 01 avril 2021 sus-vis\u00e9e  \nMadame DELCLITTE Eulalie, inspectrice du travail, est charg\u00e9e de l'int\u00e9rim pour les seules entreprises \nde transports telles que d\u00e9finies par la d\u00e9cision n\u00b0 2021-30 du 01 avril 2021 sus-vis\u00e9e \n- section 2.5 : Madame MULON Aur\u00e9lie, inspectrice du travail \n- section 2.6 : Monsieur FECHTMEISTER Valentin, inspecteur du travail \n- section 2.7 : Monsieur BOUCHET Thierry, Inspecteur du Travail \n- section 2.8 : Madame HOUPIN Elsa, responsable d'unit\u00e9 de contr\u00f4le, est charg\u00e9e de l'int\u00e9rim  \n- section 2.9 : Madame COMBETTES Kim, Inspectrice du Travail est charg\u00e9e de l' int\u00e9rim,   \n- section 2.10 : Madame DELCLITTE Eulalie, inspectrice du travail   \n- section 2.11 : Madame NORMAND Juliette, inspectrice du travail \n- section 2.12 : Madame COMBETTES Kim, inspectrice du travail  \n \n3. Unit\u00e9 de contr\u00f4le n\u00b0 3 \n- section 3.1 : Madame DEMANDE Isabelle, inspectrice du travail est charg\u00e9e de l'int\u00e9rim \n- section 3.2 : Monsieur MARSY Didier, responsable d'unt\u00e9 de contr\u00f4le, est charg\u00e9 de l'int\u00e9rim \nsection 3.3 : \nMadame Madame FAGOT Isabelle, responsable d'unit\u00e9 de contr\u00f4le , est charg\u00e9e de l'int\u00e9rim \u00e0 \nl'exception des op\u00e9rations de b\u00e2timent ou de g\u00e9nie civil entrant dans le champ d'application du livre \nIII du titre V de la quatri\u00e8me partie du code du travail, \nMadame BRUN Priscilla, inspectrice du travail, est charg\u00e9e du contr\u00f4le des op\u00e9rations de b\u00e2timent ou \nde g\u00e9nie civil entrant dans le champ d'application du livre III du titre V de la quatri\u00e8me partie du code \ndu travail, \n- section 3.4 : Madame RAYNAUD Joanne, inspectrice du travail \n- section 3.5 : Madame BERGUER Sylvie, inspectrice du travail , \u00e0 l'exception des communes de Persan \net de Champagne sur Oise, Madame HOUPIN Elsa, responsable d'uit\u00e9 de contr\u00f4le, est comp\u00e9tente pour \nles communes de Persan et de Champagne sur Oise,  \n- section 3.6 :  \nMadame DELAHAIGUE Carine, inspectrice du travail, est charg\u00e9e de l'int\u00e9rim sur la commune de Saint \nOuen L'Aum\u00f4ne Sud Est telle que d\u00e9finie par la d\u00e9cision 2021-30 du 01 avril 2021 sus-vis\u00e9e. \nMadame BERGUER Sylvie, inspectrice du travail, est charg\u00e9e de l'int\u00e9rim pour les autres commune s.  \n- section 3.7 : Madame DELAHAIGUE Carine, inspectrice du travail \n- section 3.8 : Madame LAFDILI Amina, inspectrice du travail \n- section 3.9 : Madame HOUPIN Elsa, responsable de l'unit\u00e9 de contr\u00f4le  \n \n \n \nDirection r\u00e9gionale et interd\u00e9partementale de l'\u00e9conomie, de l'emploi, du travail et des solidarit\u00e9s d'\u00cele-de-France -\nIDF-2025-06-23-00008 - D\u00e9cision n\u00b0 2025- 114 du 23 juin 2025 portant affectation des agents de contr\u00f4le dans les unit\u00e9s de contr\u00f4le et\ngestion des int\u00e9rims de la direction d\u00e9partementale de l'emploi, du travail et des solidarit\u00e9s du Val d'Oise\n7\n \n3 / 3 \n \nArticle 3 :  \nEn cas d'absence ou d'emp\u00eachement d'un ou d'une responsable d'unit\u00e9 de contr\u00f4le, l'int\u00e9rim sera assur\u00e9 \npar un ou une autre responsable d'unit\u00e9 de contr\u00f4le. En cas d'absence ou d'emp\u00eachement de celui -ci, \nl'int\u00e9rim sera assur\u00e9e par l'adjointe au Chef de p\u00f4le ou par le Chef de P\u00f4le.  \nEn cas d'absence ou d'emp\u00eachement du responsable d'unit\u00e9 de contr\u00f4le en charge de la section 3 -9, \nl'int\u00e9rim sera assur\u00e9 par un autre responsable d'unit\u00e9 de contr\u00f4le. En cas d'absence ou d'emp\u00eachement \nde celui-ci, l'int\u00e9rim sera assur\u00e9 par un inspecteur ou une inspectrice du travail affect\u00e9(e) sur l'UC3, et en \ncas d'absence ou d'emp\u00eachement de celui-ci ou de celle-ci, par un inspecteur ou une inspectrice du travail \naffect\u00e9(e) sur l'une des deux autres unit\u00e9s de contr\u00f4le. \nEn cas d'absence ou d'emp\u00eachement d'un inspecteur ou d'une inspectrice du travail, l'int\u00e9rim sera assur\u00e9 \npar un inspecteur ou inspectrice du travail affect\u00e9(e) dans la m\u00eame unit\u00e9 de contr\u00f4le ou une autre unit\u00e9 \nde contr\u00f4le ou par un responsable d'unit\u00e9 de contr\u00f4le dans la m\u00eame ou une autre unit\u00e9 de contr\u00f4le. \n \n \nArticle 4 :  \nLa d\u00e9cision  prend effet au 16 Juillet  2025 et abroge la d\u00e9cision n\u00b0 2025-81 du 18 avril 2025  portant \naffectation des agents de contr\u00f4le dans les unit\u00e9s de contr\u00f4le et gestion des int\u00e9rims de la direction \nd\u00e9partementale de l'emploi, du travail et des solidarit\u00e9s du Val d'Oise.  \n \n \nArticle 5 : \nLe Directeur r\u00e9gional et interd\u00e9partemental de l'\u00e9conomie, de l'emploi, du travail et des solidarit\u00e9s d'Ile -\nde-France par int\u00e9rim est charg\u00e9 de l'application de la pr\u00e9sente d\u00e9cision, qui sera publi\u00e9e au recueil des \nactes administratifs de la r\u00e9gion Ile-de-France.  \n \n \n \nFait \u00e0 Aubervilliers, le 23 Juin 2025 \n \nLe Directeur r\u00e9gional et interd\u00e9partemental de \nl'\u00e9conomie, de l'emploi, du travail et des solidarit\u00e9s \nde la r\u00e9gion d'\u00cele-de-France par int\u00e9rim, \n \nSIGN\u00c9 \n \n Marc ROHFRITSCH \nDirection r\u00e9gionale et interd\u00e9partementale de l'\u00e9conomie, de l'emploi, du travail et des solidarit\u00e9s d'\u00cele-de-France -\nIDF-2025-06-23-00008 - D\u00e9cision n\u00b0 2025- 114 du 23 juin 2025 portant affectation des agents de contr\u00f4le dans les unit\u00e9s de contr\u00f4le et\ngestion des int\u00e9rims de la direction d\u00e9partementale de l'emploi, du travail et des solidarit\u00e9s du Val d'Oise\n8\nDirection r\u00e9gionale et interd\u00e9partementale de\nl'\u00e9conomie, de l'emploi, du travail et des\nsolidarit\u00e9s d'\u00cele-de-France\nIDF-2025-06-27-00002\nD\u00e9cision n\u00b0 2025-01 portant agr\u00e9ment d'agents\nde France Travail charg\u00e9s de la lutte contre les\nfraudes, afin de pouvoir dresser des\nproc\u00e8s-verbaux aux infractions du Code du\ntravail, apr\u00e8s assermentation\nDirection r\u00e9gionale et interd\u00e9partementale de l'\u00e9conomie, de l'emploi, du travail et des solidarit\u00e9s d'\u00cele-de-France -\nIDF-2025-06-27-00002 - D\u00e9cision n\u00b0 2025-01 portant agr\u00e9ment d'agents de France Travail charg\u00e9s de la lutte contre les fraudes, afin de\npouvoir dresser des proc\u00e8s-verbaux aux infractions du Code du travail, apr\u00e8s assermentation\n9\nPREFET .DE LA REGIOND'\u00ceLE-DE-FRANCEL ibert\u00e9Egalit\u00e9Fraternit\u00e9\n Direction r\u00e9gionale et interd\u00e9partementale \nde l'\u00e9conomie, de l'emploi, \ndu travail et des solidarit\u00e9s  \n \n \nDRIEETS Ile de France  \n21 rue Madeleine Vionnet  \n93300 AUBERVILLIERS \n \n \n \n \n \n \nD\u00c9CISION n\u00b0 2025-01 \n \nPortant agr\u00e9ment d'agents de France Travail charg\u00e9s de la lutte contre les fraudes, afin de pouvoir \ndresser des proc\u00e8s-verbaux aux infractions du Code du travail, apr\u00e8s assermentation \n \n \nLE PR\u00c9FET DE LA R\u00c9GION D'\u00ceLE-DE-FRANCE \nPR\u00c9FET DE PARIS \nCOMMANDEUR DE LA L\u00c9GION D'HONNEUR \nOFFICIER DE L'ORDRE NATIONAL DU M\u00c9RITE \n \nLe Directeur r\u00e9gional et interd\u00e9partemental de l'\u00c9conomie, de l'Emploi, du Travail et des Solidarit\u00e9s, \n \n \nVu l'article L. 5312-13-1 du Code du travail, \nVu l'arr\u00eat\u00e9 du 16 juin 2011 relatif aux conditions d'agr\u00e9ment et d'assermentation des agents de P\u00f4le emploi en \ncharge de la pr\u00e9vention des fraudes, \n \nCONSIDERANT la demande formul\u00e9e par la Directrice r\u00e9gionale de France Travail Ile-de-France en date du 14 mai \n2025 ; \n \nCONSIDERANT les \u00e9l\u00e9ments fournis \u00e0 l'appui de la demande d'agr\u00e9ment, comprenant les pi\u00e8ces suivantes :  \n \n1\u00b0 Une note sign\u00e9e de l'agent concern\u00e9 indiquant ses noms, pr\u00e9noms, date et lieu de naissance, sa situation de \nfamille, ses dipl\u00f4mes et ses titres universitaires, ses domiciles successifs, la nature de son activit\u00e9 professionnelle et, \nle cas \u00e9ch\u00e9ant, ses diverses activit\u00e9s professionnelles ant\u00e9rieures ; \n \n2\u00b0 Une d\u00e9claration sur l'honneur attestant que l'agent concern\u00e9 n'a subi aucune condamnation pour crime ou d\u00e9lit ; \n \n3\u00b0 Un extrait de casier judiciaire n\u00b0 3 d\u00e9livr\u00e9 depuis moins de trois mois ; \n \nCONSIDERANT ainsi la valeur personnelle et les capacit\u00e9s professionnelles de l'agent concern\u00e9 ; \n \nDECIDE \n \nArticle 1er \n \nMadame St\u00e9phanie AIM\u00c9 est agr\u00e9\u00e9e dans le cadre des dispositions ci-dessus r\u00e9f\u00e9renc\u00e9es  \n \nArticle 2 \n \nL'agr\u00e9ment accord\u00e9 est valable pendant toute la dur\u00e9e d'exercice des fonctions au sein du service de pr\u00e9vention \ndes fraudes de France Travail auquel est affect\u00e9 Madame St\u00e9phanie AIM\u00c9 \n \nDirection r\u00e9gionale et interd\u00e9partementale de l'\u00e9conomie, de l'emploi, du travail et des solidarit\u00e9s d'\u00cele-de-France -\nIDF-2025-06-27-00002 - D\u00e9cision n\u00b0 2025-01 portant agr\u00e9ment d'agents de France Travail charg\u00e9s de la lutte contre les fraudes, afin de\npouvoir dresser des proc\u00e8s-verbaux aux infractions du Code du travail, apr\u00e8s assermentation\n10\n \n 2/2 \n \nArticle 3 \n \nLa pr\u00e9sente d\u00e9cision sera notifi\u00e9e \u00e0 la Directrice r\u00e9gionale de France Travail Ile-de-France et \u00e0 l'agent concern\u00e9  \n \nArticle 4 \n \nCette d\u00e9cision sera publi\u00e9e au recueil des actes administratifs.  \n \nArticle 5 \n \nLa Directrice r\u00e9gionale de France Travail Ile -de-France prendra les dispositions n\u00e9cessaires en vue de la prestation \nde serment devant le Tribunal d'Instance. \n \n \n \n \n \nFait \u00e0 Aubervilliers, le 27/06/2025 \n \nPour le Directeur r\u00e9gional et \ninterd\u00e9partemental de l'\u00c9conomie, de l'Emploi, \ndu Travail et des Solidarit\u00e9s,  \n \nLe Responsable du P\u00f4le Politiques du Travail \npar d\u00e9l\u00e9gation \n \nSIGN\u00c9 \n \nJean-Fran\u00e7ois DALVAI \nDirection r\u00e9gionale et interd\u00e9partementale de l'\u00e9conomie, de l'emploi, du travail et des solidarit\u00e9s d'\u00cele-de-France -\nIDF-2025-06-27-00002 - D\u00e9cision n\u00b0 2025-01 portant agr\u00e9ment d'agents de France Travail charg\u00e9s de la lutte contre les fraudes, afin de\npouvoir dresser des proc\u00e8s-verbaux aux infractions du Code du travail, apr\u00e8s assermentation\n11\nDirection r\u00e9gionale et interd\u00e9partementale de\nl'\u00e9conomie, de l'emploi, du travail et des\nsolidarit\u00e9s d'\u00cele-de-France\nIDF-2025-06-27-00001\nD\u00e9cision n\u00b0 2025-02 portant agr\u00e9ment d'agents\nde France Travail charg\u00e9s de la lutte contre les\nfraudes, afin de pouvoir dresser des\nproc\u00e8s-verbaux aux infractions du Code du\ntravail, apr\u00e8s assermentation\nDirection r\u00e9gionale et interd\u00e9partementale de l'\u00e9conomie, de l'emploi, du travail et des solidarit\u00e9s d'\u00cele-de-France -\nIDF-2025-06-27-00001 - D\u00e9cision n\u00b0 2025-02 portant agr\u00e9ment d'agents de France Travail charg\u00e9s de la lutte contre les fraudes, afin de\npouvoir dresser des proc\u00e8s-verbaux aux infractions du Code du travail, apr\u00e8s assermentation\n12\nPREFET .DE LA REGIOND'\u00ceLE-DE-FRANCEL ibert\u00e9Egalit\u00e9Fraternit\u00e9\n Direction r\u00e9gionale et interd\u00e9partementale \nde l'\u00e9conomie, de l'emploi, \ndu travail et des solidarit\u00e9s  \n \n \nDRIEETS Ile de France  \n21 rue Madeleine Vionnet  \n93300 AUBERVILLIERS \n \n \n \n \n \n \nD\u00c9CISION n\u00b0 2025-02 \n \nPortant agr\u00e9ment d'agents de France Travail charg\u00e9s de la lutte contre les fraudes, afin de pouvoir \ndresser des proc\u00e8s-verbaux aux infractions du Code du travail, apr\u00e8s assermentation \n \n \nLE PR\u00c9FET DE LA R\u00c9GION D'\u00ceLE-DE-FRANCE \nPR\u00c9FET DE PARIS \nCOMMANDEUR DE LA L\u00c9GION D'HONNEUR \nOFFICIER DE L'ORDRE NATIONAL DU M\u00c9RITE \n \nLe Directeur r\u00e9gional et interd\u00e9partemental de l'\u00c9conomie, de l'Emploi, du Travail et des Solidarit\u00e9s, \n \n \nVu l'article L. 5312-13-1 du Code du travail, \nVu l'arr\u00eat\u00e9 du 16 juin 2011 relatif aux conditions d'agr\u00e9ment et d'assermentation des agents de P\u00f4le emploi en \ncharge de la pr\u00e9vention des fraudes, \n \nCONSIDERANT la demande formul\u00e9e par la Directrice r\u00e9gionale de France Travail Ile-de-France en date du 14 mai \n2025 ; \n \nCONSIDERANT les \u00e9l\u00e9ments fournis \u00e0 l'appui de la demande d'agr\u00e9ment, comprenant les pi\u00e8ces suivantes :  \n \n1\u00b0 Une note sign\u00e9e de l'agent concern\u00e9 indiquant ses noms, pr\u00e9noms, date et lieu de naissance, sa situation de \nfamille, ses dipl\u00f4mes et ses titres universitaires, ses domiciles successifs, la nature de son activit\u00e9 professionnelle et, \nle cas \u00e9ch\u00e9ant, ses diverses activit\u00e9s professionnelles ant\u00e9rieures ; \n \n2\u00b0 Une d\u00e9claration sur l'honneur attestant que l'agent concern\u00e9 n'a subi aucune condamnation pour crime ou d\u00e9lit ; \n \n3\u00b0 Un extrait de casier judiciaire n\u00b0 3 d\u00e9livr\u00e9 depuis moins de trois mois ; \n \nCONSIDERANT ainsi la valeur personnelle et les capacit\u00e9s professionnelles de l'agent concern\u00e9 ; \n \nDECIDE \n \nArticle 1er \n \nMadame Brigitte BURTON est agr\u00e9\u00e9e dans le cadre des dispositions ci-dessus r\u00e9f\u00e9renc\u00e9es  \n \nArticle 2 \n \nL'agr\u00e9ment accord\u00e9 est valable pendant toute la dur\u00e9e d'exercice des fonctions au sein du service de pr\u00e9vention \ndes fraudes de France Travail auquel est affect\u00e9 Madame Brigitte BURTON \n \nDirection r\u00e9gionale et interd\u00e9partementale de l'\u00e9conomie, de l'emploi, du travail et des solidarit\u00e9s d'\u00cele-de-France -\nIDF-2025-06-27-00001 - D\u00e9cision n\u00b0 2025-02 portant agr\u00e9ment d'agents de France Travail charg\u00e9s de la lutte contre les fraudes, afin de\npouvoir dresser des proc\u00e8s-verbaux aux infractions du Code du travail, apr\u00e8s assermentation\n13\n \n 2/2 \n \nArticle 3 \n \nLa pr\u00e9sente d\u00e9cision sera notifi\u00e9e \u00e0 la Directrice r\u00e9gionale de France Travail Ile-de-France et \u00e0 l'agent concern\u00e9  \n \nArticle 4 \n \nCette d\u00e9cision sera publi\u00e9e au recueil des actes administratifs.  \n \nArticle 5 \n \nLa Directrice r\u00e9gionale de France Travail Ile -de-France prendra les dispositions n\u00e9cessaires en vue de la prestation \nde serment devant le Tribunal d'Instance. \n \n \n \n \n \nFait \u00e0 Aubervilliers, le 27/06/2025 \n \nPour le Directeur r\u00e9gional et \ninterd\u00e9partemental de l'\u00c9conomie, de l'Emploi, \ndu Travail et des Solidarit\u00e9s,  \n \nLe Responsable du P\u00f4le Politiques du Travail \npar d\u00e9l\u00e9gation \n \nSIGN\u00c9 \n \nJean-Fran\u00e7ois DALVAI \nDirection r\u00e9gionale et interd\u00e9partementale de l'\u00e9conomie, de l'emploi, du travail et des solidarit\u00e9s d'\u00cele-de-France -\nIDF-2025-06-27-00001 - D\u00e9cision n\u00b0 2025-02 portant agr\u00e9ment d'agents de France Travail charg\u00e9s de la lutte contre les fraudes, afin de\npouvoir dresser des proc\u00e8s-verbaux aux infractions du Code du travail, apr\u00e8s assermentation\n14\nDirection r\u00e9gionale et interd\u00e9partementale de\nl'\u00e9conomie, de l'emploi, du travail et des\nsolidarit\u00e9s d'\u00cele-de-France\nIDF-2025-06-23-00007\nD\u00e9cision n\u00b0 2025-115 du 23 juin 2025 portant\naffectation des agents de contr\u00f4le dans les\nunit\u00e9s de contr\u00f4le et gestion des int\u00e9rims de\nl'unit\u00e9 d\u00e9partementale de Paris de la DRIEETS\nd'Ile-de-France\nDirection r\u00e9gionale et interd\u00e9partementale de l'\u00e9conomie, de l'emploi, du travail et des solidarit\u00e9s d'\u00cele-de-France -\nIDF-2025-06-23-00007 - D\u00e9cision n\u00b0 2025-115 du 23 juin 2025 portant affectation des agents de contr\u00f4le dans les unit\u00e9s de contr\u00f4le et\ngestion des int\u00e9rims de l'unit\u00e9 d\u00e9partementale de Paris de la DRIEETS d'Ile-de-France\n15\nMINISTEREDU TRAVAIL, DE LA SANTE,DES SOLIDARITESET DES FAMILLESLibert\u00e9\u00c9galit\u00e9Fraternit\u00e9\n \nDirection r\u00e9gionale et interd\u00e9partementale \nde l'\u00e9conomie, de l'emploi, \ndu travail et des solidarit\u00e9s \n \n \n \nDRIEETS Ile de France                                                                                                                                                                                                                                   \n21 rue Madeleine Vionnet \n93300 Aubervilliers \n \nD\u00e9cision n\u00b0 2025-115 du 23 juin 2025 \nportant affectation des agents de contr\u00f4le dans les unit\u00e9s de contr\u00f4le et gestion des int\u00e9rims \n de l'unit\u00e9 d\u00e9partementale de Paris de la DRIEETS d'Ile-de-France \n \nLe directeur r\u00e9gional de l'\u00e9conomie, de l'emploi, du travail et des solidarit\u00e9s de la r\u00e9gion d'Ile-de-France par \nint\u00e9rim, \n \nVu le code du travail, notamment ses articles R 8122-1 et suivants,  \n \nVu l'arr\u00eat\u00e9 interminist\u00e9riel du 20 mars 2025 nommant Marc ROHFRITSCH directeur r\u00e9gional et \ninterd\u00e9partemental de l'\u00e9conomie, de l'emploi, du travail et des solidarit\u00e9s d'\u00cele -de-France par int\u00e9rim, \u00e0 \ncompter du 1er avril 2025, \n \nVu l'arr\u00eat\u00e9 minist\u00e9riel du 25 mars 2024 portant cr\u00e9ation et r\u00e9partition des unit\u00e9s de contr\u00f4le de l'inspection \ndu travail,  \n \nVu la d\u00e9cision n\u00b0 2025-021 du 6 f\u00e9vrier 2025 du directeur r\u00e9gional et interd\u00e9partemental de l'\u00e9conomie, de \nl'emploi, du travail et des solidarit\u00e9s d'Ile de France relative \u00e0 la localisation et \u00e0 la d\u00e9limitation des unit\u00e9s \nde contr\u00f4le et des sections d'inspection du travail de l'unit\u00e9 d\u00e9partementale de Paris , \n \n \nD\u00c9CIDE \n \nArticle 1 : Les inspecteurs et contr\u00f4leurs du travail sont charg\u00e9s des actions d'inspection de la l\u00e9gislation du \ntravail dans les entreprises relevant des sections d'inspection du travail composant les unit\u00e9s de contr\u00f4le du \nd\u00e9partement de Paris,  tel que d\u00e9fini dans le tableau des affectations, d'int\u00e9rims et de suppl\u00e9ances des \nsections, r\u00e9f\u00e9renc\u00e9s dans la colonne A de l'annexe en vigueur.  \n \nArticle 2 : les agents du corps de l'inspection du travail sont charg\u00e9s de l'int\u00e9rim des postes soit non pourvus, \nsoit vacants en raison de l'absence de longue dur\u00e9e de leur titulaire, tel que d\u00e9fini dans le tableau des \naffectations, d'int\u00e9rims et de suppl\u00e9ances des sections, r\u00e9f\u00e9renc\u00e9s dans la colonne B de l'annexe en vigueur. \n \nArticle 3  : Conform\u00e9ment aux dispositions de l'article R.8122 -11-1\u00b0 du code du travail, les pouvoirs de \nd\u00e9cision administrative relevant de la comp\u00e9tence exclusive d'un inspecteur du travail sont confi\u00e9s aux \ninspecteurs du travail mentionn\u00e9 tel que d\u00e9fini dans le tableau des affectations, d'int\u00e9rims et de suppl\u00e9ances \ndes sections, r\u00e9f\u00e9renc\u00e9s dans la colonne C de l'annexe en vigueur.  \n \nEn cas d'absence ou d'emp\u00eachement d'un inspecteur mentionn\u00e9 \u00e0 l'annexe en vigueur, le pouvoir de \nd\u00e9cision est assur\u00e9 par l'inspecteur charg\u00e9 d'assurer l'int\u00e9rim de celui -ci en application de l'article 5. \n \nArticle 4 : Conform\u00e9ment aux dispositions de l'article R.8122-11-2\u00b0 du code du travail, le contr\u00f4le de tout ou \npartie des \u00e9tablissements d'au moins cinquante salari\u00e9s qui ne serait pas assur\u00e9 par les contr\u00f4leurs du travail \nest confi\u00e9 aux inspecteurs du travail tel qu e d\u00e9fini dans le tableau des affectations, d'int\u00e9rims et de \nsuppl\u00e9ances des sections, r\u00e9f\u00e9renc\u00e9s dans la colonne D et E de l'annexe en vigueur.  \n \nDirection r\u00e9gionale et interd\u00e9partementale de l'\u00e9conomie, de l'emploi, du travail et des solidarit\u00e9s d'\u00cele-de-France -\nIDF-2025-06-23-00007 - D\u00e9cision n\u00b0 2025-115 du 23 juin 2025 portant affectation des agents de contr\u00f4le dans les unit\u00e9s de contr\u00f4le et\ngestion des int\u00e9rims de l'unit\u00e9 d\u00e9partementale de Paris de la DRIEETS d'Ile-de-France\n16\n  \n                                                                                                                                                                                                                              2 / 8 \n \n \nArticle 5 : En cas de vacance de poste, d'absence ou d'emp\u00eachement pour une dur\u00e9e inf\u00e9rieure \u00e0 un mois \nd'un ou plusieurs agents de contr\u00f4le d\u00e9sign\u00e9s \u00e0 l'article 1 ci-dessus, l'int\u00e9rim est organis\u00e9 selon les modalit\u00e9s \nci-apr\u00e8s : \n \nUnit\u00e9 de contr\u00f4le des 1er et 2\u00e8 arrondissements : UC 01-02 \n \nL'int\u00e9rim du responsable de l'unit\u00e9 de contr\u00f4le est assur\u00e9 par l'un des responsables des unit\u00e9s de contr\u00f4le \ndes 3\u00e8, 4\u00e8 et 11\u00e8 arrondissements, du 9\u00e8arrondissement, des 10\u00e8 et 18\u00e8 arrondissements, du 12\u00e8 arrondissement, \ndu 17\u00e8, des 19\u00e8 et 20\u00e8 arrondissements ou des transports. \n \n \nL'int\u00e9rim des inspecteurs du travail est assur\u00e9 par l'un des inspecteurs de l'unit\u00e9 de contr\u00f4le des 1 er et 2\u00e8 \narrondissements ou en cas de vacance temporaire, d'absence ou d'emp\u00eachement simultan\u00e9s, par un des \ninspecteurs du travail de l' unit\u00e9 de contr\u00f4le des 3 \u00e8, 4\u00e8 et 11\u00e8 arrondissements, du 12\u00e8 arrondissement ou de \nl'unit\u00e9 de contr\u00f4le des 19\u00e8 et 20\u00e8 arrondissements, ou par le responsable de l'unit\u00e9 de contr\u00f4le.  \n \nUnit\u00e9 de contr\u00f4le des 3\u00e8, 4\u00e8 et 11\u00e8 arrondissements : UC 03-04-11 \n \nL'int\u00e9rim du responsable de l'unit\u00e9 de contr\u00f4le est assur\u00e9 par l'un des responsables des unit\u00e9s de contr\u00f4le \ndes 1er et 2\u00e8 arrondissements, du 9\u00e8 arrondissement, des 10\u00e8 et 18\u00e8 arrondissements, du 12\u00e8 arrondissement, \ndu 17\u00e8, des 19\u00e8 et 20\u00e8 arrondissements ou des transports. \n \nL'int\u00e9rim des inspecteurs du travail est assur\u00e9 par l'un des inspecteurs de l'unit\u00e9 de contr\u00f4le des 3\u00e8, 4\u00e8 et 11\u00e8 \narrondissements ou en cas de vacance temporaire, d'absence ou d'emp\u00eachement simultan\u00e9s, par un des \ninspecteurs du travail des unit\u00e9s de contr\u00f4le 1 er et 2\u00e8 arrondissements, du 12\u00e8 arrondissement ou des 19 \u00e8 et \n20\u00e8 arrondissements, ou par le responsable de l'unit\u00e9 de contr\u00f4le.  \n \nL'int\u00e9rim du contr\u00f4leur du travail est assur\u00e9 par l'un des agents de contr\u00f4le de l'unit\u00e9 de contr\u00f4le des 3 \u00e8, 4\u00e8 \net 11\u00e8 arrondissements ou en cas de vacance temporaire, d'absence ou d'emp\u00eachement simultan\u00e9s, par un \ndes agents de contr\u00f4le des unit\u00e9s de contr\u00f4le des 1 er et 2\u00e8 arrondissements, du 12\u00e8 arrondissement ou des \n19\u00e8 et 20\u00e8 arrondissements. \n \nUnit\u00e9 de contr\u00f4le des 5\u00e8s, 6\u00e8 et 7\u00e8 arrondissements : UC 05-06-07 \n \nL'int\u00e9rim du responsable de l'unit\u00e9 de contr\u00f4le est assur\u00e9 par l'un des responsables des unit\u00e9s de contr\u00f4le \ndu 8 \u00e8 arrondissement, des 13\u00e8 et 14\u00e8 arrondissements, du 15\u00e8 ou 16-\u00e8 arrondissement.  \n \nL'int\u00e9rim des inspecteurs du travail est assur\u00e9 par l'un des inspecteurs de l'unit\u00e9 de contr\u00f4le des 5 \u00e8, 6\u00e8 et 7\u00e8 \narrondissements ou en cas de vacance temporaire, d'absence ou d'emp\u00eachement simultan\u00e9s, par un des \ninspecteurs du travail des unit\u00e9s de contr\u00f4le des 10 \u00e8 et 18\u00e8 arrondissements, du 17\u00e8 arrondissement ou des \ntransports, ou par le responsable de l'unit\u00e9 de contr\u00f4le. \n \nUnit\u00e9 de contr\u00f4le du 8\u00e8 arrondissement : UC 08 \n \nL'int\u00e9rim du responsable de l'unit\u00e9 de contr\u00f4le est assur\u00e9 par l'un des responsables des unit\u00e9s de contr\u00f4le \ndes 5\u00e8, 6\u00e8 et 7\u00e8 arrondissements, des 13\u00e8 et 14\u00e8 arrondissements, du 15\u00e8 ou 16\u00e8 arrondissement. \n \nL'int\u00e9rim des inspecteurs du travail est assur\u00e9 par l'un des inspecteurs de l'unit\u00e9 de contr\u00f4le du 8 \u00e8 \narrondissement ou en cas de vacance temporaire, d'absence ou d'emp\u00eachement simultan\u00e9s, par un des \ninspecteurs du travail de l'unit\u00e9 de contr\u00f4le du 9 \u00e8 arrondissement, ou par le responsable de l'unit\u00e9 de \ncontr\u00f4le. \n \nDirection r\u00e9gionale et interd\u00e9partementale de l'\u00e9conomie, de l'emploi, du travail et des solidarit\u00e9s d'\u00cele-de-France -\nIDF-2025-06-23-00007 - D\u00e9cision n\u00b0 2025-115 du 23 juin 2025 portant affectation des agents de contr\u00f4le dans les unit\u00e9s de contr\u00f4le et\ngestion des int\u00e9rims de l'unit\u00e9 d\u00e9partementale de Paris de la DRIEETS d'Ile-de-France\n17\n  \n                                                                                                                                                                                                                              3 / 8 \n \n \nL'int\u00e9rim du contr\u00f4leur du travail est assur\u00e9 par l'un des agents de contr\u00f4le de l'unit\u00e9 de contr\u00f4le du 8 \u00e8 \narrondissement ou en cas de vacance temporaire, d'absence ou d'emp\u00eachement simultan\u00e9s, par un des \nagents de contr\u00f4le de l'unit\u00e9 de contr\u00f4le du 9\u00e8 arrondissement. \n \nUnit\u00e9 de contr\u00f4le du 9\u00e8 arrondissement : UC 09 \n \nL'int\u00e9rim du responsable de l'unit\u00e9 de contr\u00f4le est assur\u00e9 par l'un des responsables des unit\u00e9s de contr\u00f4le \ndes 1er et 2\u00e8 arrondissements, des 10 \u00e8 et 18\u00e8 arrondissements, du 12 \u00e8 arrondissement, du 17 \u00e8, des 19\u00e8 et 20\u00e8 \narrondissements ou des transports. \nL'int\u00e9rim des inspecteurs du travail est assur\u00e9 par l'un des inspecteurs de l'unit\u00e9 de contr\u00f4le du 9 \u00e8 \narrondissement ou en cas de vacance temporaire, d'absence ou d'emp\u00eachement simultan\u00e9s, par un des \ninspecteurs du travail de l'unit\u00e9 de contr\u00f4le du 8 \u00e8 arrondissement, ou par le responsable de l'unit\u00e9 de \ncontr\u00f4le. \n \nL'int\u00e9rim du contr\u00f4leur du travail est assur\u00e9 par l'un des agents de contr\u00f4le de l'unit\u00e9 de contr\u00f4le du 9 \u00e8 \narrondissement ou en cas de vacance temporaire, d'absence ou d'emp\u00eachement simultan\u00e9s, par un des \nagents de contr\u00f4le de l'unit\u00e9 de contr\u00f4le du 8\u00e8 arrondissement. \n \n \n \n \nUnit\u00e9 de contr\u00f4le des 10\u00e8 et 18\u00e8 arrondissements : UC 10-18 \n \nL'int\u00e9rim du responsable de l'unit\u00e9 de contr\u00f4le est assur\u00e9 par l'un des responsables des unit\u00e9s de contr\u00f4le \ndes 1er et 2\u00e8 arrondissements, des 3\u00e8, 4\u00e8 et 11\u00e8 arrondissements, du 9\u00e8 arrondissement, du 12\u00e8 arrondissement, \ndu 17\u00e8, des 19\u00e8 et 20\u00e8 arrondissements ou des transports. \n \nL'int\u00e9rim des inspecteurs du travail est assur\u00e9 par l'un des inspe cteurs de l'unit\u00e9 de contr\u00f4le  des 10\u00e8 et 18\u00e8 \narrondissements ou en cas de vacance temporaire, d'absence ou d'emp\u00eachement simultan\u00e9s, par un des \ninspecteurs du travail des unit\u00e9s de contr\u00f4le du 9\u00e8 arrondissement, du 17\u00e8 arrondissement ou des transports, \nou par le responsable de l'unit\u00e9 de contr\u00f4le. \n \nUnit\u00e9 de contr\u00f4le du 12\u00e8 arrondissement : UC 12 \n \nL'int\u00e9rim du responsable de l'unit\u00e9 de contr\u00f4le est assur\u00e9 par l'un des responsables des unit\u00e9s de contr\u00f4le \ndes 1 er et 2 \u00e8 arrondissements, des 3 \u00e8, 4 \u00e8 et 11 \u00e8 arrondissements, d u 9 \u00e8 arrondissement, des 10 \u00e8 et 18 \u00e8 \narrondissements, du 17\u00e8, des 19\u00e8 et 20\u00e8 arrondissements ou des transports. \n \nL'int\u00e9rim des inspecteurs du travail est assur\u00e9 par l'un des insp ecteurs de l'unit\u00e9 de contr\u00f4le du 12 \u00e8 \narrondissement ou en cas de vacance temporaire, d'absence ou d'emp\u00eachement simultan\u00e9s, par un des \ninspecteurs du travail des unit\u00e9s de contr\u00f4le des 1ers et 2\u00e8 arrondissements, des 3\u00e8, 4\u00e8 et 11\u00e8 arrondissements, \ndes 10\u00e8 et 18 \u00e8 et 17\u00e8, 19\u00e8 et 20\u00e8 arrondissements, ou par le responsable de l'unit\u00e9 de contr\u00f4le.  \n \nUnit\u00e9 de contr\u00f4le des 13\u00e8 et 14\u00e8 arrondissements : UC 13-14 \n \nL'int\u00e9rim du responsable de l'unit\u00e9 de contr\u00f4le est assur\u00e9 par l'un des responsables des unit\u00e9s de contr\u00f4le \ndu 15\u00e8, du 16\u00e8 arrondissement, du 8\u00e8 arrondissement ou des 5\u00e8, 6\u00e8 et 7\u00e8 arrondissements, ou par la directrice \ndu secteur sud. \n \nL'int\u00e9rim des inspecteurs du travail est assur\u00e9 par l'un des inspecteurs de l'unit\u00e9 de contr\u00f4le du 13 \u00e8 et 14\u00e8 \narrondissement ou en cas de vacance temporaire, d'absence ou d'emp\u00eachement simultan\u00e9s, par un des \ninspecteurs du travail des unit\u00e9s de contr\u00f4le du 15\u00e8 arrondissement, ou du 16\u00e8 arrondissement.  \n \nDirection r\u00e9gionale et interd\u00e9partementale de l'\u00e9conomie, de l'emploi, du travail et des solidarit\u00e9s d'\u00cele-de-France -\nIDF-2025-06-23-00007 - D\u00e9cision n\u00b0 2025-115 du 23 juin 2025 portant affectation des agents de contr\u00f4le dans les unit\u00e9s de contr\u00f4le et\ngestion des int\u00e9rims de l'unit\u00e9 d\u00e9partementale de Paris de la DRIEETS d'Ile-de-France\n18\n  \n                                                                                                                                                                                                                              4 / 8 \n \n \nUnit\u00e9 de contr\u00f4le du 15\u00e8 arrondissement : UC 15 \n \nL'int\u00e9rim du responsable de l'unit\u00e9 de contr\u00f4le est assur\u00e9 par l'un des responsables des unit\u00e9s de contr\u00f4le, \ndes 13 \u00e8 et 14 \u00e8 arrondissements, du 16 \u00e8 arrondissement, du 8 \u00e8 arrondissement ou des 5 \u00e8, 6 \u00e8 et 7 \u00e8 \narrondissements  \n \nL'int\u00e9rim des inspecteurs du travail est assur\u00e9 par l'un des inspecteurs de l'unit\u00e9 de contr\u00f4le du 15 \u00e8 \narrondissement ou en cas de vacance temporaire, d'absence ou d'emp\u00eachement simultan\u00e9s, par un des \ninspecteurs du travail des unit\u00e9s de contr\u00f4le des 13 \u00e8 et 14\u00e8 arrondissements, ou du 16 \u00e8 arrondissement, ou \npar le responsable de l'unit\u00e9 de contr\u00f4le. \n \nUnit\u00e9 de contr\u00f4le du 16\u00e8 arrondissement : UC 16 \n \nL'int\u00e9rim du responsable de l'unit\u00e9 de contr\u00f4le est assur\u00e9 par l'un des responsables des unit\u00e9s de contr\u00f4le \ndes 13 \u00e8 et 14 \u00e8 arrondissements, du 15 \u00e8 arrondissement, du 8 \u00e8 arrondissement ou des 5 \u00e8, 6 \u00e8 et 7 \u00e8 \narrondissements. \n \nL'int\u00e9rim des inspecteurs du travail est assur\u00e9 par l'un des inspecteurs de l'unit\u00e9 de contr\u00f4le du 16 \u00e8 \narrondissement ou en cas de vacance temporaire, d'absence ou d'emp\u00eachement simultan\u00e9s, par un des \ninspecteurs du travail des unit\u00e9s de contr\u00f4le des 13 \u00e8 et 14\u00e8 arrondissements, ou du 15\u00e8 arrondissement, ou \npar le responsable de l'unit\u00e9 de contr\u00f4le. \n \nUnit\u00e9 de contr\u00f4le du 17\u00e8 arrondissement : UC 17 \n \nL'int\u00e9rim du responsable de l'unit\u00e9 de contr\u00f4le est assur\u00e9 par l'un des responsables des unit\u00e9s de contr\u00f4le \ndes 1 er et 2 \u00e8 arrondissements, des 3 \u00e8, 4 \u00e8 et 11 \u00e8 arrondissements, du 9 \u00e8arrondissement, des 10 \u00e8 et 18 \u00e8 \narrondissements, du 12\u00e8 ; des 19\u00e8 et 20\u00e8 arrondissements ou des transports. \n \nL'int\u00e9rim des inspecteurs du travail est assur\u00e9 par l'un des inspecteurs de l'unit\u00e9 de contr\u00f4le du  17\u00e8 \narrondissement ou en cas de vacance temporaire, d'absence ou d'emp\u00eachement simultan\u00e9s, par un des \ninspecteurs du travail des unit\u00e9s de contr\u00f4le d u 9\u00e8 arrondissement, des 10 \u00e8 et 18\u00e8 ; du 12\u00e8 ; des 19 \u00e8 et 20\u00e8 \narrondissement ou des transports, ou par le responsable de l'unit\u00e9 de contr\u00f4le.  \n \nUnit\u00e9 de contr\u00f4le des 19\u00e8 et 20\u00e8 arrondissements : UC 19-20 \n \nL'int\u00e9rim du responsable de l'unit\u00e9 de contr\u00f4le est assur\u00e9 par l'un des responsables des unit\u00e9s de contr\u00f4le \ndes 1 er et 2 \u00e8 arrondissements, des 3 \u00e8, 4 \u00e8 et 11 \u00e8 arrondissements, d u 9\u00e8 arrondissement, des 10 \u00e8 et 18 \u00e8 \narrondissements, du 12\u00e8 arrondissement, du 17\u00e8 arrondissement ou des transports. \n \nL'int\u00e9rim des inspecteurs du travail est assur\u00e9 par l'un des inspecteurs de l'unit\u00e9 de contr\u00f4le des 19 \u00e8 et 20\u00e8 \narrondissements ou en cas de vacance temporaire, d'absence ou d'emp\u00eachement simultan\u00e9s, par un des \ninspecteurs du travail des unit\u00e9s de contr\u00f4le des 1 er et 2\u00e8 arrondissements, des 3\u00e8, 4\u00e8 et 11\u00e8 arrondissements \nou du 12\u00e8 arrondissement, ou par le responsable de l'unit\u00e9 de contr\u00f4le.  \n \nL'int\u00e9rim du contr\u00f4leur du travail est assur\u00e9 par l'un des agents de contr\u00f4le de l'unit\u00e9 de contr\u00f4le des 19\u00e8 et \n20\u00e8 arrondissements ou en cas de vacance temporaire, d'absence ou d'emp\u00eachement simultan\u00e9s, par un \ndes agents de contr\u00f4le des unit\u00e9s de contr\u00f4le des 1er et 2\u00e8 arrondissements, 3\u00e8, 4\u00e8 et 11\u00e8 arrondissements ou \ndu 12\u00e8 arrondissement. \n \n \n \n \n \nDirection r\u00e9gionale et interd\u00e9partementale de l'\u00e9conomie, de l'emploi, du travail et des solidarit\u00e9s d'\u00cele-de-France -\nIDF-2025-06-23-00007 - D\u00e9cision n\u00b0 2025-115 du 23 juin 2025 portant affectation des agents de contr\u00f4le dans les unit\u00e9s de contr\u00f4le et\ngestion des int\u00e9rims de l'unit\u00e9 d\u00e9partementale de Paris de la DRIEETS d'Ile-de-France\n19\n  \n                                                                                                                                                                                                                              5 / 8 \n \n \nUnit\u00e9 de contr\u00f4le Transport : UC TR \n \nL'int\u00e9rim du responsable de l'unit\u00e9 de contr\u00f4le est assur\u00e9 par l'un des responsables des unit\u00e9s de contr\u00f4le \ndes 1 er et 2 \u00e8 arrondissements, des 3 \u00e8, 4 \u00e8 et 11\u00e8 arrondissements, d u 9 \u00e8arrondissement, des 10 \u00e8 et 18 \u00e8 \narrondissements, du 12\u00e8 arrondissement, du 17\u00e8 arrondissement ou des 19\u00e8 et 20\u00e8 arrondissements. \n \nL'int\u00e9rim des inspecteurs du travail est assur\u00e9 par l'un des inspecteurs de l'unit\u00e9 de contr\u00f4le transport du \nd\u00e9partement ou en cas de vacance temporaire, d'absence ou d'emp\u00eachement simultan\u00e9s, par un des \ninspecteurs du travail des unit\u00e9s de contr\u00f4le du 9\u00e8 arrondissement, des 10\u00e8 et 18\u00e8 arrondissements ou du 17\u00e8 \narrondissement, ou par le responsable de l'unit\u00e9 de contr\u00f4le. \n \nArticle 6 : Conform\u00e9ment aux dispositions de l'article R.  8122-10 du Code du travail, les agents mentionn\u00e9s \n\u00e0 l'article 1 participent lorsque l'action le rend n\u00e9cessaire aux actions d'inspection de la l\u00e9gislation du travail \nsur le territoire de l'unit\u00e9 d\u00e9partementale de Paris. \n \nArticle 7 : La pr\u00e9sente d\u00e9cision prend effet \u00e0 la date de sa publication  et abroge la d\u00e9cision n\u00b02025-091 du \n6 mai 2025. \n  \nArticle 8 : Le directeur r\u00e9gional et interd\u00e9partemental de l'\u00e9conomie, de l'emploi, du travail et des solidarit\u00e9s \nd'Ile-de-France est charg\u00e9 de l'application de la pr\u00e9sente d\u00e9cision, qui sera publi\u00e9e au recueil des actes \nadministratifs de la r\u00e9gion d'\u00cele-de-France.  \n \n \n \nFait \u00e0 Aubervilliers, Le 23 juin 2025 \n \nLe Directeur r\u00e9gional et interd\u00e9partemental de \nl'\u00e9conomie, de l'emploi, du travail et des solidarit\u00e9s  \npar int\u00e9rim,  \n \n SIGN\u00c9 \n \n                                 Marc ROHFRITSCH \n  \nDirection r\u00e9gionale et interd\u00e9partementale de l'\u00e9conomie, de l'emploi, du travail et des solidarit\u00e9s d'\u00cele-de-France -\nIDF-2025-06-23-00007 - D\u00e9cision n\u00b0 2025-115 du 23 juin 2025 portant affectation des agents de contr\u00f4le dans les unit\u00e9s de contr\u00f4le et\ngestion des int\u00e9rims de l'unit\u00e9 d\u00e9partementale de Paris de la DRIEETS d'Ile-de-France\n20\n  \n                                                                                                                                                                                                                              6 / 8 \n \n \nAnnexe : \nTableau des affectations des agents de contr\u00f4le \nTableau des affectations des agents de contr\u00f4le dans les unit\u00e9s de contr\u00f4le des services d'inspection du Travail \nde l'UD de Paris. Gestion des int\u00e9rims et de la suppl\u00e9ance. Annex\u00e9 \u00e0 la d\u00e9cision.  \n \nUC Section Ardt NOM et Pr\u00e9nom Grade UC / Section \nInterim \n > 1 mois \nd\u00e9cisions \nadministratives \nArt. R.8122-11-\n1\u00b0 \n\u00e9ts. de  \n \u2265 de 50 salari\u00e9s \nArt. R.8122-11-\n2\u00b0 \n\u00e9ts. de  \n+ de 300 \nsalari\u00e9s \nArt. R.8122-11-\n2\u00b0 \nUC 01-02 RUC  1-2 int\u00e9rimaire  DAT PEYRON Patrice        \nUC 01-02 1-1 1 MATHIEU Loic IT         \nUC 01-02 1-2 1 GIP Fanny IT         \nUC 01-02 1-3 1 MORISSEAU \nNo\u00e9mie  IT         \nUC 01-02 1-4 1 CREANTOR Ars\u00e8ne IT         \nUC 01-02 1-5 1 int\u00e9rimaire  IT GIP Fanny       \nUC 01-02 1-6 2 Int\u00e9rimaire IT GIP Fanny       \nUC 01-02 1-7 2 Int\u00e9rimaire  IT CADIOU Benjamin       \nUC 01-02 1-8 2 SAHEL Samia IT         \nUC 01-02 1-9 2 JACQUEMIN Fatim IT         \nUC 01-02 1-10 2 Int\u00e9rimaire  IT CADIOU Benjamin       \nUC 01-02 1-11 2 CADIOU Benjamin IT         \nUC 03-04-11 RUC 3-4-11  CARPENTIER \nJ\u00e9r\u00e9mie DAT         \nUC 03-04-11 3-1 3  HOFFMAN \nMathilde IT         \nUC 03-04-11 3-2 3 GODIN V\u00e9ronique IT RAMBAUD \nFran\u00e7oise \n      \nUC 03-04-11 3-3 3 GRUNHARD Tom  IT         \nUC 03-04-11 3-4 4 Int\u00e9rimaire DAT RAMBAUD \nFran\u00e7oise \n      \nUC 03-04-11 3-5 4 RAMBAUD \nFran\u00e7oise DAT         \nUC 03-04-11 3-6 11 PICHERY Maud IT         \nUC 03-04-11 3-7 11 \nEL HABBAD Farida \nCT/IT \n  DUSSEUX Elise DUSSEUX Elise DUSSEUX Elise \nUC 03-04-11 3-8 11  LE HERICY \nDURAND Edouard  IT         \nUC 03-04-11 3-9 11 LAGARDE St\u00e9phane IT         \nUC 03-04-11 3-10 11 GLEMET Christelle  IT         \nUC 03-04-11 3-11 11 DUSSEUX Elise IT         \nUC 05-06-07 RUC 5-6-7 TREMEL Pierre DAT         \nUC 05-06-07 5-1 5 FUSINA Marc DAT         \nUC 05-06-07 5-2 5 Int\u00e9rimaire DAT TREMEL Pierre       \nUC 05-06-07 5-3 5 ASTRI Marie-Claude IT         \nUC 05-06-07 5-4 6 GOMES Lionel IT         \nUC 05-06-07 5-5 6 MARVALIN Val\u00e9rie IT         \nUC 05-06-07 5-6 6 LABSSI Mornia IT         \nUC 05-06-07 5-7 7 ZEROUALI Samira IT         \nUC 05-06-07 5-8 7 DELOCHE Damien IT         \nUC 05-06-07 5-9 7 MEDJOUDJ-\nMEZHAR Noura IT         \n \n \nDirection r\u00e9gionale et interd\u00e9partementale de l'\u00e9conomie, de l'emploi, du travail et des solidarit\u00e9s d'\u00cele-de-France -\nIDF-2025-06-23-00007 - D\u00e9cision n\u00b0 2025-115 du 23 juin 2025 portant affectation des agents de contr\u00f4le dans les unit\u00e9s de contr\u00f4le et\ngestion des int\u00e9rims de l'unit\u00e9 d\u00e9partementale de Paris de la DRIEETS d'Ile-de-France\n21\n  \n                                                                                                                                                                                                                              7 / 8 \n \n \nUC 08 RUC 8 PEYRON Patrice DAT         \nUC 8 8-1 8 int\u00e9rimaire IT SCHWOB Jean-\nBernard \n      \nUC 8 8-2 8 BOURJOLLY \nNathalie IT         \nUC 8 8-3 8 Int\u00e9rimaire IT PONCE-KAHOUL \nSarah \n      \nUC 8 8-4 8 PENELA Catarina IT         \nUC 8 8-5 8 Int\u00e9rimaire CT/IT TISBA Nad\u00e8ge       \nUC 8 8-6 8 \nMORTREUIL \nFlorence CT/IT \nSAVEAN Micheline TISBA \nNad\u00e8ge - par \nint\u00e9rim  \nTISBA Nad\u00e8ge - \npar int\u00e9rim  \nTISBA Nad\u00e8ge - \npar int\u00e9rim  \nUC 8 8-7 8 PONCE-KAHOUL \nSarah IT         \nUC 8 8-8 8 TISBA Nad\u00e8ge           \nUC 8 8-9 8 SCHORSCH M\u00e9lissa IT         \nUC 8 8-10 8 SAVEAN Micheline CT/IT   PENELA \nCatarina \n    \nUC 8 8-11 8 Int\u00e9rimaire IT PENELA Catarina       \nUC 8 8-12 8 Int\u00e9rimaire IT BOURJOLLY \nNathalie \n      \nUC 8 8-13 8 FREDERIC Caroline IT         \nUC 8 8-14 8 Int\u00e9rimaire IT FREDERIC Caroline       \nUC 8 8-15 8 LAVABRE Virginie IT         \nUC 8 8-16 8 Int\u00e9rimaire IT LAVABRE Virginie       \nUC 09 RUC 9 Int\u00e9rim DAT LOISET St\u00e9phane       \nUC 09 9-1 9 VIDAL Roselyne IT         \nUC 09 9-2 9 BLETTNER Honorine IT         \nUC 09 9-3 9 PEREIRA C\u00e9line IT         \nUC 09 9-4 9 HERER C\u00e9cile IT \n \n      \nUC 09 9-5 9 HUMBERT James IT         \nUC 09 9-6 9 GEAGEA Hanane IT         \nUC 09 9-7 9 MORIO Caroline IT         \nUC 09 9-8 9 AINSEBA Djamila IT         \nUC 09 9-9 9 \nDEROO \nBLANQUART \nLaetitia \nDAT \n        \nUC 09 9-10 9 JAKUBOWSKI Pierre CT / IT   DELADREC \nAurore \nDELADREC \nAurore \nDELADREC \nAurore  \nUC 09 9-11 9 DELADREC Aurore IT         \nUC 10-18 RUC 10-18 L'HOSTIS Ism\u00e9rie  \n \n  \n \n  \nUC 10-18 10-1 10 MANIER Christelle IT         \nUC 10-18 10-2 10 MALLEVRE Philippe IT         \nUC 10-18 10-3 10 GOY S\u00e9bastien IT         \nUC 10-18 10-4 10 OU-RABAH Samuel IT         \nUC 10-18 10-5 10 WATERNAUX Marion  IT         \nUC 10-18 10-6 10 KAPUSCINSKI Chlo\u00e9  IT         \nUC 10-18 10-7 10 GOUT Philippe IT         \nUC 10-18 10-8 10 PHILIBERT Arnaud IT         \nUC 10-18 10-9 18 Int\u00e9rimaire IT GOY S\u00e9bastien       \nUC 10-18 10-10 18 int\u00e9rimaire IT RULLE Betty       \nUC 10-18 10-11 18 int\u00e9rimaire IT MANIER Christelle       \nUC 10-18 10-12 18 RULLE Betty IT         \nUC 12 RUC 12 BRESSON Elo\u00efse DAT         \nDirection r\u00e9gionale et interd\u00e9partementale de l'\u00e9conomie, de l'emploi, du travail et des solidarit\u00e9s d'\u00cele-de-France -\nIDF-2025-06-23-00007 - D\u00e9cision n\u00b0 2025-115 du 23 juin 2025 portant affectation des agents de contr\u00f4le dans les unit\u00e9s de contr\u00f4le et\ngestion des int\u00e9rims de l'unit\u00e9 d\u00e9partementale de Paris de la DRIEETS d'Ile-de-France\n22\n  \n                                                                                                                                                                                                                              8 / 8 \n \n \nUC 12 12-1 12 Int\u00e9rimaire IT  GARCIA Jean-\nMichel \n      \nUC 12 12-2 12 ANDRIEU David IT         \nUC 12 12-3 12 CANGOU-MINOS \nEliane IT BRESSON Elo\u00efse       \nUC 12 12-4 12 Int\u00e9rimaire IT  JEAN-LOUIS \nManuel \n      \nUC 12 12-5 12 JEAN-LOUIS Manuel IT         \nUC 12 12-6 12 GARCIA Jean-Michel IT         \nUC 12 12-7 12 Int\u00e9rimaire IT ANDRIEU David        \nUC 12 12-8 12 BRESSON Elo\u00efse DAT         \nUC 13-14 RUC 13-14 LUGUET Emmanuel DAT         \nUC 13-14 13-1 13 Int\u00e9rimaire IT DOS SANTOS-\nOLIVEIRA Carlos \n      \nUC 13-14 13-2 13 ABDELGHANI \nMourad IT         \nUC 13-14 13-3 13 MARTEL Thierry IT         \nUC 13-14 13-4 13 DOS SANTOS \nOLIVEIRA Carlos  IT         \nUC 13-14 13-5 13 MOUALHI Nisar IT         \nUC 13-14 13-6 13 CHEVREAU Barbara  IT         \nUC 13-14 13-7 14 LANG Samira IT         \nUC 13-14 13-8 14 SOK Angkeavattey IT         \nUC 13-14 13-9 14 FULCHIGNONI \nAurelia  IT         \nUC 13-14 13-10 14 MALBOIS Estelle IT         \nUC 13-14 13-11 14 LOPES-PEREIRA \nJulia   IT         \nUC 15 RUC 15 TRAN VAN TI \nMaximilien  DAT         \nUC 15 15-1 15 MUNIER Delphine IT         \nUC 15 15-2 15 DUPONT Vanessa IT JULIEN Jean-\nChristophe \n      \nUC 15 15-3 15 LE NAOUR Marc IT         \nUC 15 15-4 15 NOUCK Alice IT         \nUC 15 15-5 15 MAILLET Christ\u00e8le IT         \nUC 15 15-6 15 TOUNKARA \nFatimata IT         \nUC 15 15-7 15 ZERGOUG Same IT         \nUC 15 15-8 15 BOLORE Benoit IT         \nUC 15 15-9 15 JULIEN Jean-\nChristophe IT         \nUC 16 RUC 16 BERTRAND Michel DAT         \nUC 16 16-1 16 MAROTAUX \nNathalie IT         \nUC 16 16-2 16 LAVA Nathalie IT         \nUC 16 16-3 16 DURAND Flora IT         \nUC 16 16-4 16 HAUVILLE Anthony IT         \nUC 16 16-5 16 SCHWOB Jean-\nBernard IT / DAT         \nUC 16 16-6 16 Int\u00e9rimaire DAT BERTRAND Michel       \nUC 16 16-7 16 RAUBER Olivier IT         \nUC 16 16-8 16 CAZEAUD Julie IT         \nUC 17 RUC 17 HAMPARTZOUMIAN \nSt\u00e9phane DAT         \nUC 17 17-1 17 FABRONI Nicole IT      \n  \n  \nUC 17 17-2 17 CLAIRFAYT Marine IT         \nDirection r\u00e9gionale et interd\u00e9partementale de l'\u00e9conomie, de l'emploi, du travail et des solidarit\u00e9s d'\u00cele-de-France -\nIDF-2025-06-23-00007 - D\u00e9cision n\u00b0 2025-115 du 23 juin 2025 portant affectation des agents de contr\u00f4le dans les unit\u00e9s de contr\u00f4le et\ngestion des int\u00e9rims de l'unit\u00e9 d\u00e9partementale de Paris de la DRIEETS d'Ile-de-France\n23\n  \n                                                                                                                                                                                                                              9 / 8 \n \n \nUC 17 17-3 17 Int\u00e9rimaire  IT HAMPARTZOUMIAN \nSt\u00e9phane \n      \nUC 17 17-4 17  WESQUY Hugo  IT         \nUC 17 17-5 17 CHARCOSSET Aude IT         \nUC 17 17-6 17  MOUHEB Claire IT         \nUC 17 17-7 17 LESAINT Andr\u00e9a IT         \nUC 19-20 RUC 19-20 AYMEN DE \nLAGEARD Lucile DAT         \nUC 19-20 19-1 19 COHADE Marie IT         \nUC 19-20 19-2 19 JORRO Elise IT         \nUC 19-20 19-3 19 BRIAND Eric IT         \nUC 19-20 19-4 19 Int\u00e9rimaire IT CHEURFA Loun\u00e8s       \nUC 19-20 19-5 19 REYNAUD Valentine IT BRIAND Eric       \nUC 19-20 19-6 20 \nARNUEL Herv\u00e9 \nCT/IT \n  AYMEN DE \nLAGEARD \nLucile \nAYMEN DE \nLAGEARD Lucile \nAYMEN DE \nLAGEARD Lucile \nUC 19-20 19-7 20 COUPE Claire  IT         \nUC 19-20 19-8 20 CHEURFA Loun\u00e8s IT         \nUC 19-20 19-9 20 PEZ Marine IT         \nUC TR RUC   LOISET St\u00e9phane DAT         \nUC TR TR-1    HUBERT Marie IT         \nUC TR TR-2   BEAUD Arthur IT         \nUC TR TR-3   AMOROSI L\u00e9a IT         \nUC TR TR-4   BRIANTAIS Emeline IT         \nUC TR TR-5   BURDIN Yann IT         \nUC TR TR-6   Int\u00e9rimaire  IT AMOROSI Lea       \nGrade = CT: \nControleur du \nTravail - IT: \nInspecteur du \nTravail \n    \nIT = Inspecteur du \ntravail; DAT= \ndirecteur adjoint du \ntravail  \n  \n\u00e9ts: \u00e9tablissements       \n \nDirection r\u00e9gionale et interd\u00e9partementale de l'\u00e9conomie, de l'emploi, du travail et des solidarit\u00e9s d'\u00cele-de-France -\nIDF-2025-06-23-00007 - D\u00e9cision n\u00b0 2025-115 du 23 juin 2025 portant affectation des agents de contr\u00f4le dans les unit\u00e9s de contr\u00f4le et\ngestion des int\u00e9rims de l'unit\u00e9 d\u00e9partementale de Paris de la DRIEETS d'Ile-de-France\n24\nDirection r\u00e9gionale et interd\u00e9partementale de\nl'\u00e9conomie, de l'emploi, du travail et des\nsolidarit\u00e9s d'\u00cele-de-France\nIDF-2025-06-27-00003\nArr\u00eat\u00e9 portant sur la demande de d\u00e9rogation a\nl'obligation de repos dominical pr\u00e9sent\u00e9e par la\nsoci\u00e9t\u00e9 SARENS FRANCE, pour son intervention\nsur le site de construction de la ligne CDG\nEXPRESS - ZONE D\n93200 SAINT-DENIS\nDirection r\u00e9gionale et interd\u00e9partementale de l'\u00e9conomie, de l'emploi, du travail et des solidarit\u00e9s d'\u00cele-de-France -\nIDF-2025-06-27-00003 - Arr\u00eat\u00e9 portant sur la demande de d\u00e9rogation a l'obligation de repos dominical pr\u00e9sent\u00e9e par la soci\u00e9t\u00e9\nSARENS FRANCE, pour son intervention sur le site de construction de la ligne CDG EXPRESS - ZONE D\n93200 SAINT-DENIS\n25\nPREFET |DE LA REGIOND'\u00ceLE-DE-FRANCELibert\u00e9Egalit\u00e9Fraternit\u00e9\n Direction r\u00e9gionale et interd\u00e9partementale \nde l'\u00e9conomie, de l'emploi, \ndu travail et des solidarit\u00e9s \n  \n \nT\u00e9l. : 01.70.96.13.54    \nM\u00e8l : drieets-idf.ucrgc@drieets.gouv.fr \nDRIEETS d'\u00cele-de-France \n21, rue Madeleine Vionnet 93300 AUBERVILLIERS \nhttps://idf.drieets.gouv.fr \n \n \n \n \nARRETE \n \n \nPORTANT SUR LA DEMANDE DE DEROGATION A L'OBLIGATION DE REPOS DOMINICAL  \nPRESENTEE PAR LA SOCIETE SARENS FRANCE, \nPOUR SON INTERVENTION SUR LE SITE DE CONSTRUCTION DE LA LIGNE CDG EXPRESS  - ZONE D \n93200 SAINT-DENIS \n \n \n \nLE PREFET DE LA SEINE-SAINT-DENIS \n \n \n \nVU le Code du travail et notamment les articles L. 3132-20, L. 3132-25-3 et R. 3132-16 ; \n \nVU l'arr\u00eat\u00e9 pr\u00e9fectoral n\u00b0 2025-1367 du 2 avril 2025 portant d\u00e9l\u00e9gation de signature du Pr\u00e9fet de la Seine -Saint-\nDenis au Directeur r\u00e9gional et interd\u00e9partemental de l'\u00e9conomie, de l'emploi, du travail et des solidarit\u00e9s d'\u00cele -de-\nFrance par int\u00e9rim et la d\u00e9cision n\u00b0 2 025-079 du 16 avril 2025 portant subd\u00e9l\u00e9gation de signature du Directeur \nr\u00e9gional et interd\u00e9partemental de l'\u00e9conomie, de l'emploi, du travail et des solidarit\u00e9s d'\u00cele -de-France par int\u00e9rim \nen mati\u00e8re de repos dominical ; \n \nVU la demande de d\u00e9rogation \u00e0 la r\u00e8gle du repos dominical formul\u00e9e le 9 mai 2025 par Madame Elise FLAVIGNY, \nAssistante RH de la soci\u00e9t\u00e9 SARENS FRANCE, sise 29 rue de l'Abb\u00e9 Gr\u00e9goire 59760 GRANDE-SYNTHE pour \nl'intervention de 6 salari\u00e9s sur le site de construction de la ligne CDG Express Zone D, 109 avenue du Pr\u00e9sident \nWilson, 93200 SAINT-DENIS le dimanche 13 juillet 2025 ; \n \nVU les compl\u00e9ments apport\u00e9s au dossier le 20 mai 2025 ; \n \nVU l'accord d'entreprise sur le travail du dimanche en date du 16 d\u00e9cembre 2022 ; \n \nVU l'avis favorable du CSE du 27 septembre 2024 ; \n \nVU le formulaire de demande dat\u00e9 du 9 mai 2025 qui pr\u00e9cise que le repos sera donn\u00e9 par roulement aux salari\u00e9s \nconcern\u00e9s ; \n \nVU les 8 attestations de volontariat des salari\u00e9s mobilis\u00e9s pr\u00e9vues par l'article L. 3132 -25-4 du Code du travail ; \n \nVU la saisine pour avis des autorit\u00e9s et organismes pr\u00e9vus par l'article L. 3132 -21 du Code du travail ; \n \nVU l'avis favorable de la MGP ; \n \n VU l'avis d\u00e9favorable de la CFTC de la Seine-Saint-Denis ; \n \nVU l'avis de l'inspecteur du travail de l'UC Grands Chantiers comp\u00e9tent ; \n \nCONSIDERANT que la soci\u00e9t\u00e9 SARENS FRANCE indique qu'elle doit effectuer des travaux de d\u00e9montage et de \nlevage de l'ancien pont ferroviaire  pour le compte d'EIFFAGE  \u00e0 proximit\u00e9 des voies ferr\u00e9es  ; que ces travaux \npr\u00e9sentent des contraintes sp\u00e9ciales li\u00e9es \u00e0 la n\u00e9cessit\u00e9 d'intervenir sous interruption totale de circulation de la \nvoie ferroviaire et coupure des cat\u00e9naires pour des raisons de s\u00e9curit\u00e9 ; que la SNCF a accord\u00e9 une Interruption \nTemporaire de Circulation (ITC) sur la p\u00e9riode couvrant la demande sollicit\u00e9e; \n \nDirection r\u00e9gionale et interd\u00e9partementale de l'\u00e9conomie, de l'emploi, du travail et des solidarit\u00e9s d'\u00cele-de-France -\nIDF-2025-06-27-00003 - Arr\u00eat\u00e9 portant sur la demande de d\u00e9rogation a l'obligation de repos dominical pr\u00e9sent\u00e9e par la soci\u00e9t\u00e9\nSARENS FRANCE, pour son intervention sur le site de construction de la ligne CDG EXPRESS - ZONE D\n93200 SAINT-DENIS\n26\n2 \n \n \n \nCONSIDERANT que l'intervention le dimanche sous ITC est le seul moyen de r\u00e9aliser l'ouvrage dans les \nconditions de s\u00e9curit\u00e9 impos\u00e9es et permet de contribuer au fonctionnement normal du chantier entrepris ;  \n \n \n \nA R R E T E \n \n \nArticle 1er :  \n \nSous r\u00e9serve de l'application de l'article L. 3132-1 du Code du travail, la Soci\u00e9t\u00e9 SARENS FRANCE est autoris\u00e9e \n\u00e0 d\u00e9roger \u00e0 l'obligation de repos dominical  pour 6 salari\u00e9s, le dimanche 13 juillet 2025 pour la r\u00e9alisation de \ntravaux de levage et de manutention de pont  sous ITC en Zone D du chantier CDG  Express, 109 avenue du \nPr\u00e9sident Wilson, 93200 SAINT-DENIS. \n \n \nArticle 2 :  \n \nLe personnel employ\u00e9 b\u00e9n\u00e9ficiera au minimum des contreparties pr\u00e9vues dans l'accord d'entreprise et des \ngaranties pr\u00e9vues \u00e0 l'article L. 3132-25-4 du Code du travail. \n \n \nArticle 3 :  \n \nLe Directeur r\u00e9gional et interd\u00e9partemental de l'\u00e9conomie, de l'emploi, du travail et des solidarit\u00e9s d'\u00cele-de-France \npar int\u00e9rim, est charg\u00e9 de l'ex\u00e9cution du pr\u00e9sent arr\u00eat\u00e9, dont notification est faite au demandeur et est publi\u00e9e au \nRecueil des Actes Administratifs de la R\u00e9gion. \n \n \nFait \u00e0 Aubervilliers, le 27 juin 2025 \n \nP/ Le Pr\u00e9fet, par subd\u00e9l\u00e9gation, \nP/ Le  Directeur r\u00e9gional et interd\u00e9partemental de \nl'\u00e9conomie, de l'emploi, du travail et des solidarit\u00e9s \nd'\u00cele-de-France par int\u00e9rim \nLe Responsable du P\u00f4le Politiques du Travail \n \n \n \nJean-Fran\u00e7ois DALVAI \n \n \n \n \n \n \n \n \n \nVoies et d\u00e9lais de recours : Cet arr\u00eat\u00e9 peut faire l'objet  dans un d\u00e9lai de deux mois \u00e0 compter de sa notification   d'un recours contentieux \naupr\u00e8s du tribunal administratif comp\u00e9tent  ; Le tribunal administratif peut \u00eatre saisi par l'application informatique \u00ab  T\u00e9l\u00e9recours citoyens \u00bb \naccessible par le site Internet www.telerecours.fr \n \n \nDirection r\u00e9gionale et interd\u00e9partementale de l'\u00e9conomie, de l'emploi, du travail et des solidarit\u00e9s d'\u00cele-de-France -\nIDF-2025-06-27-00003 - Arr\u00eat\u00e9 portant sur la demande de d\u00e9rogation a l'obligation de repos dominical pr\u00e9sent\u00e9e par la soci\u00e9t\u00e9\nSARENS FRANCE, pour son intervention sur le site de construction de la ligne CDG EXPRESS - ZONE D\n93200 SAINT-DENIS\n27","date":"2025-06-27","first_seen_on":"2025-06-27T17:30:32+00:00","id":"61e6d6cb93c2a24d87e1f3397c14e79e38d1f23f11467ba5457994b44426ed92","name":"recueil-idf-055-2025-06-RAA-nominatifs du 27.06.2025","pdf_creation_date":"2025-06-27T14:36:06+00:00","pdf_modification_date":null,"timezone":"Europe/Paris","url":"https://www.prefectures-regions.gouv.fr/ile-de-france/irecontenu/telechargement/128906/949870/file/recueil-idf-055-2025-06-RAA-nominatifs%20du%2027.06.2025.pdf"}
