{"administration":"pref2b","administration_name":"Pr\u00e9fecture de Haute-Corse","content":"HAUTE-CORSE\nRECUEIL DES ACTES\nADMINISTRATIFS\nN\u00b02B-2025-02-006\nPUBLI\u00c9 LE 11 F\u00c9VRIER 2025\nSommaire\nDirection de la S\u00e9curit\u00e9 et de l'Aviation civile Sud-Est / D\u00e9legation de la\nDSAC, SE en Corse\n2B-2025-02-10-00001 - AP _MINTER_V2-BIA.odt (4 pages) Page 3\n2\nDirection de la S\u00e9curit\u00e9 et de l'Aviation civile\nSud-Est\nD\u00e9legation de la DSAC, SE en Corse\n2B-2025-02-10-00001\nAP _MINTER_V2-BIA.odt\nDirection de la S\u00e9curit\u00e9 et de l'Aviation civile Sud-Est - D\u00e9legation de la DSAC, SE en Corse - 2B-2025-02-10-00001 - AP\n_MINTER_V2-BIA.odt - 2B-2025-02-006 - 11/02/2025 3\n| |PREFETDE LA HAUTE-CORSELibert\u00e9Egalit\u00e9Fraternit\u00e9\nArr\u00eat\u00e9 N\u00b0 \nmodifiant temporairement les limites du \u00ab c\u00f4t\u00e9 piste \u00bb pr\u00e9vues dans l'arr\u00eat\u00e9 pr\u00e9fectoral n\u00b0 2B-2019-\n12-09-001 du 9 d\u00e9cembre 2019 rela\u019ff aux mesures de police applicables sur l'a\u00e9rodrome de Bas\u019fa\nPore\u01a9a et sur l'emprise des installa\u019fons ext\u00e9rieures ra\u01a9ach\u00e9es\nLe pr\u00e9fet de la Haute-Corse\nVu le r\u00e8glement (UE) n\u00b0 1254/2009 de la Commission du 18 d\u00e9cembre 2009 fixant les crit\u00e8res per-\nme\u01a9ant aux \u00c9tats membres de d\u00e9roger aux normes de base communes en ma\u019f\u00e8re de s\u00fbret\u00e9 de l'avia-\n\u019fon civile et d'adopter d'autres mesures de s\u00fbret\u00e9, modifi\u00e9 ;\nVu le code des transports ;\nVu le d\u00e9cret n\u00b0 2004-374 du 29 avril 2004 modifi\u00e9 rela\u019ff aux pouvoirs des pr\u00e9fets, \u00e0 l'organisa\u019fon et \u00e0\nl'ac\u019fon des services de l'\u00c9tat dans les r\u00e9gions et les d\u00e9partements ;\nVu le d\u00e9cret du 29 juin 2012 rela\u019ff \u00e0 la s\u00fbret\u00e9 de l'avia\u019fon civile ;\nVu le d\u00e9cret du Pr\u00e9sident de la R\u00e9publique du 21 juin 2022 nommant Madame Magali CHAPEY , direc-\ntrice de cabinet du pr\u00e9fet de la Haute Corse ;\nVu le d\u00e9cret du Pr\u00e9sident de la R\u00e9publique du 20 juillet 2022 nommant Monsieur Michel PROSIC, pr\u00e9-\nfet de la Haute Corse ;\nVu l'arr\u00eat\u00e9 pr\u00e9fectoral n\u00b0 2B-2019-12-09-001 du 9 d\u00e9cembre 2019 rela\u019ff aux mesures de police appli-\ncables sur l'a\u00e9rodrome de Bas\u019fa Pore\u01a9a et ses mesures par\u019fculi\u00e8res d'applica\u019fon ;\nVu l'arr\u00eat\u00e9 n\u00b0 2B-2024-10-17-00002 du 17 octobre 2024 portant d\u00e9l\u00e9ga\u019fon de signature \u00e0 Madame\nMagali CHAPEY , sous-pr\u00e9f\u00e8te, directrice de cabinet du pr\u00e9fet et aux chefs de bureaux et collaborateurs\ndu cabinet.\nConsid\u00e9rant la n\u00e9cessit\u00e9 d'adapter les mesures de s\u00fbret\u00e9 dans le cadre de la visite de M. Fran\u00e7ois Reb-\nsamen, Ministre de l' Am\u00e9nagement du Territoire et de la D\u00e9centralisa\u019fon, le 11 f\u00e9vrier 2025 sur l'a\u00e9-\nrodrome de Bas\u019fa Pore\u01a9a, et de son retour vers Paris le 12 f\u00e9vrier 2025, en cr\u00e9ant une Zone d\u00e9limit\u00e9e\ntemporaire apr\u00e8s avis des services de l'\u00c9tat pr\u00e9sents sur la plateforme ;\nSur proposi\u019fon de la sous-pr\u00e9f\u00e8te, directrice de cabinet ;\nARR\u00caTE\nADRESSE POSTALE : Rond-point Mar\u00e9chal Leclerc de Hautecloque 20401 BASTIA CEDEX 9\nT\u00e9l\u00e9phone : 04 95 34 50 00 - T\u00e9l\u00e9copie : 04 95 31 64 81 - Courriel : prefecture@haute-corse.gouv.fr\nSite Internet de l'\u00c9tat : www.haute-corse.gouv.fr\nAccueil du public du lundi au vendredi de 8h30 \u00e0 11h30 et de 13h30 \u00e0 15h30\n1 de 4\nDirec\u019fon de la S\u00e9curit\u00e9 de l' Avia\u019fon civile Sud-Est\nD\u00e9l\u00e9ga\u019fon de la DSAC.SE en Corse\nDirection de la S\u00e9curit\u00e9 et de l'Aviation civile Sud-Est - D\u00e9legation de la DSAC, SE en Corse - 2B-2025-02-10-00001 - AP\n_MINTER_V2-BIA.odt - 2B-2025-02-006 - 11/02/2025 4\nAr\u019fcle 1 :\nDans le cadre de l'arriv\u00e9e de M. Fran\u00e7ois Rebsamen, Ministre de l' Am\u00e9nagement du Territoire et de la\nD\u00e9centralisa\u019fon, le mardi 11 f\u00e9vrier 2025 sur l'a\u00e9roport de Bas\u019fa Pore\u01a9a, ainsi que de son d\u00e9part de-\npuis l'a\u00e9roport de Bas\u019fa Pore\u01a9a vers Paris le mercredi 12 f\u00e9vrier 2025,le contour de la zone \u00ab c\u00f4t\u00e9\npiste \u00bb, tel que d\u00e9fini dans l'arr\u00eat\u00e9 pr\u00e9fectoral du 9 d\u00e9cembre 2019, est modifi\u00e9.\nAr\u019fcle 2 : \nDurant les op\u00e9ra\u019fons de d\u00e9barquement de la d\u00e9l\u00e9ga\u019fon, conform\u00e9ment au programme de visite\ntransmis par la Pr\u00e9fecture de Corse du Sud,  pr\u00e9vues le mardi 11 f\u00e9vrier 2025, de 16h00 \u00e0 17h30,\nheures locales, la zone d\u00e9finie dans le plan joint en annexe, repr\u00e9sentant le poste avion n\u00b04, est clas-\ns\u00e9e comme zone d\u00e9limit\u00e9e de \u00ab c\u00f4t\u00e9 piste \u00bb .\nDurant  les  op\u00e9ra\u019fons  d'embarquement  de  la  d\u00e9l\u00e9ga\u019fon,  conform\u00e9ment  au  programme  de  visite\ntransmis par la Pr\u00e9fecture de Corse du Sud,  pr\u00e9vues le mercredi 12 f\u00e9vrier, de 13h45 \u00e0 14h30, heures\nlocales, la zone d\u00e9finie dans le plan joint en annexe, repr\u00e9sentant le poste avion n\u00b04, est class\u00e9e\ncomme zone d\u00e9limit\u00e9e de \u00ab c\u00f4t\u00e9 piste \u00bb .\nAr\u019fcle 3 : Contr\u00f4le d'acc\u00e8s\nLe contr\u00f4le d'acc\u00e8s \u00e0 ce\u01a9e zone, par le portail dit \u00ab GTA \u00bb, est assur\u00e9 par les services de l'\u00c9tat sachant\nque ce\u01a9e zone n'est autoris\u00e9e qu'aux personnes et aux v\u00e9hicules list\u00e9s. L'ac\u019fva\u019fon de la zone pour\nchacune des journ\u00e9e est r\u00e9alis\u00e9e en fonc\u019fon de l'arriv\u00e9e en temps r\u00e9el de l'a\u00e9ronef sur le tarmac.\nAr\u019fcle 4 : Surveillance de la zone\nLa surveillance constante de la limite entre la zone d\u00e9limit\u00e9e et le reste du \u00ab c\u00f4t\u00e9 piste \u00bb, la PCZSAR,\nest assur\u00e9e par les agents de s\u00fbret\u00e9 sous le contr\u00f4le des militaires de la gendarmerie (GTA de Bas\u019fa\nPore\u01a9a) et les agents de la police aux fron\u019f\u00e8res (SIPAF 2B) \u019ftulaires d'un \u019ftre d'acc\u00e8s valide sur\nl'a\u00e9rodrome.\nAr\u019fcle 5 : Fouille de s\u00fbret\u00e9 de la zone\nUne fouille de s\u00fbret\u00e9 est r\u00e9alis\u00e9e par les agents de s\u00fbret\u00e9 (ADS) avant que la zone d\u00e9limit\u00e9e soit d\u00e9sac-\n\u019fv\u00e9e et repasse sous statut PCZSAR, afin de s'assurer qu'aucun ar\u019fcle prohib\u00e9 n'a \u00e9t\u00e9 introduit dans la\nzone.\nLes ADS proc\u00e8dent \u00e9galement au contr\u00f4le d'acc\u00e8s et \u00e0 l'inspec\u019fon filtrage des personnels intervenant\ndans la zone d\u00e9limit\u00e9e avant leur retour en PCZSAR.\nAr\u019fcle 6 :\nLe pr\u00e9sent arr\u00eat\u00e9 cessera d'\u00eatre applicable le mardi 11 f\u00e9vrier 2025 lorsque la d\u00e9l\u00e9ga\u019fon pr\u00e9sid\u00e9e par\nM. Fran\u00e7ois Rebsamen, Ministre de l' Am\u00e9nagement du Territoire et de la D\u00e9centralisa\u019fon aura qui\u01a9\u00e9\nle c\u00f4t\u00e9 Piste et que le portail GTA aura \u00e9t\u00e9 referm\u00e9.\nLe pr\u00e9sent arr\u00eat\u00e9 cessera d'\u00eatre applicable le mercredi 12 f\u00e9vrier 2025 au d\u00e9part de l'a\u00e9ronef transpor-\ntant la d\u00e9l\u00e9ga\u019fon pr\u00e9sid\u00e9e par M. Fran\u00e7ois Rebsamen, Ministre de l' Am\u00e9nagement du Territoire et de\nla D\u00e9centralisa\u019fon.\nAr\u019fcle 7 :\n2 de 4\nDirection de la S\u00e9curit\u00e9 et de l'Aviation civile Sud-Est - D\u00e9legation de la DSAC, SE en Corse - 2B-2025-02-10-00001 - AP\n_MINTER_V2-BIA.odt - 2B-2025-02-006 - 11/02/2025 5\nDans un d\u00e9lai deux mois courant \u00e0 compter de sa no\u019ffica\u019fon, le pr\u00e9sent arr\u00eat\u00e9 peut faire l'objet d'un\nrecours :\n\u2022 gracieux aupr\u00e8s du Pr\u00e9fet de la Haute Corse \u2013 20401 Bas\u019fa C\u00e9dex ;\n\u2022 hi\u00e9rarchique aupr\u00e8s du Ministre de l'Int\u00e9rieur \u2013 Place Beauvau \u2013 75800 PARIS C\u00e9dex 08 ;\n\u2022 administra\u019ff aupr\u00e8s du tribunal administra\u019ff de Bas\u019fa, remis en main propre, envoy\u00e9 par\ncourrier  (Villa  Montepiano,  20407  BASTIA  C\u00e9dex)  ou  via  l'applica\u019fon  T\u00e9l\u00e9recours  citoyens\n(h\u01a9ps://citoyens.telerecours.fr).\nAr\u019fcle 8 :\nLa sous-pr\u00e9f\u00e8te, directrice de cabinet, le directeur interd\u00e9partemental adjoint et chef des services de\nla police aux fron\u019f\u00e8res de Haute Corse, le commandant de la brigade de gendarmerie des transports\na\u00e9riens de Bas\u019fa, le directeur des concessions a\u00e9roportuaires de la Haute Corse et le d\u00e9l\u00e9gu\u00e9 de la di-\nrec\u019fon de la s\u00e9curit\u00e9 de l'avia\u019fon civile Sud-Est en Corse, sont charg\u00e9s, en ce qui les concerne de\nl'ex\u00e9cu\u019fon du pr\u00e9sent arr\u00eat\u00e9 qui sera publi\u00e9 au recueil des actes administra\u019ffs de la pr\u00e9fecture de la\nHaute Corse et dont copie sera adress\u00e9e au coordonnateur pour la s\u00e9curit\u00e9 en Corse.\nFait \u00e0 Bas\u019fa, le 10 f\u00e9vrier 2025\nPour le Pr\u00e9fet et par d\u00e9l\u00e9ga\u019fon,\nLa sous-pr\u00e9f\u00e8te, directrice de cabinet,\nMagali CHAPEY\nORIGINAL SIGNE PAR M. CHAPEY\n3 de 4\nDirection de la S\u00e9curit\u00e9 et de l'Aviation civile Sud-Est - D\u00e9legation de la DSAC, SE en Corse - 2B-2025-02-10-00001 - AP\n_MINTER_V2-BIA.odt - 2B-2025-02-006 - 11/02/2025 6\nVT Sag\nAnnexe \u2013 Plan de situa\u019fon ZD de c\u00f4t\u00e9 piste\n4 de 4\nDirection de la S\u00e9curit\u00e9 et de l'Aviation civile Sud-Est - D\u00e9legation de la DSAC, SE en Corse - 2B-2025-02-10-00001 - AP\n_MINTER_V2-BIA.odt - 2B-2025-02-006 - 11/02/2025 7","date":"2025-02-20","first_seen_on":"2025-02-20T17:14:47+00:00","id":"61f2c653b2555c47c01f21718df33f3cf4543a2aa21638e904b4daae803546b0","name":"RAA N\u00b05 du 11 f\u00e9vrier 2025 Sp\u00e9cial","pdf_creation_date":"2025-02-11T07:33:59+00:00","pdf_modification_date":"2025-02-11T07:38:15+00:00","timezone":"CET","url":"https://www.haute-corse.gouv.fr/contenu/telechargement/11800/95786/file/RAA%20N%C2%B05%20du%2011%20f%C3%A9vrier%202025%20Sp%C3%A9cial.pdf"}
