{"administration":"pref92","administration_name":"Pr\u00e9fecture des Hauts-de-Seine","content":"ExPREFETDES HAUTS-DE-SEINELibert\u00e9Egalit\u00e9Fraternit\u00e9\nAL AR SS M 24 A PREBEHERIEC =F Pm \u00c0 FEF 2\nmee ee ee OR ees D DR Du = aa = 2 \u00a9 E 2 Hu\nIN mn LL = a a ms a a ae fe Pe UE\n1\nRECUEIL\nDES\nACTES ADMINISTRATIFS\nPR\u00c9FECTURE DE POLICE\nN\u00b0 Sp\u00e9cial 15 octobre 2025\nmrs  DRD 2\nee En =z LA RER Y\nee  M el\nA Pee wR eee,  ese MR\nRun LA . =\" em LA \u00ab CI = . CI = = \u00ab CI aa\nmm meee ear\nrna = 4 DR DR M M AR UE CRU  RU  En MU Dm  -_\na RaT ane \u00ab ro Na . \" \"\nmm\namr 48K RAA  ~\n' 11 , DRAAREF MAMA ae ' ' MMM EE _ A\na aas ' . oon ' on 11 \"4\nmm A  AM AAA  ~\n' 11 , Ve ee MAMA ae ' ' MMM EE Am am\na nase \u00ab ru a . . .mm A  AM AAA  A 4\na nase \u00ab ru oo . .\nmm A  AM AAA  Am\n2\nPREFET DES HAUTS-DE-SEINE\nRECUEIL DES ACTES ADMINISTRATIFS\nN\u00b0 Sp\u00e9cial Pr\u00e9fecture de Police du 15 octobre 2025\nSOMMAIRE\nArr\u00eat\u00e9s Dates PR\u00c9FECTURE DE POLICE Pages\nPP\nn\u00b02025-01318 15.10.2025\nArr\u00eat\u00e9 instituant un p\u00e9rim\u00e8tre de protection et\ndiff\u00e9rentes mesures de police \u00e0 l'occasion de\nla 8 \u00e8me journ\u00e9e du championnat de France de\nfootball de Ligue 1 au Parc des Princes le\nvendredi 17 octobre 2025\n3\nAnnexes de l'arr\u00eat\u00e9 n\u00b02025-01318 du 15 octobre 2025 7-8\nPP\nn\u00b02025-01319 15.10.2025\nArr\u00eat\u00e9 autorisant la captation, l'enregistrement\net la transmission d'images au moyen de\ncam\u00e9ras install\u00e9es sur des a\u00e9ronefs \u00e0\nl'occasion de la 8 \u00e8me journ\u00e9e du championnat\nde France de football de Ligue 1 au Parc des\nPrinces le vendredi 17 octobre 2025\n9\nAnnexes de l'arr\u00eat\u00e9 n\u00b02025-01319 du 15 octobre 2025 12-13\nPP\nn\u00b02025-01322 15.10.2025\nArr\u00eat\u00e9 accordant d\u00e9l\u00e9gation de la signature\npr\u00e9fectorale au sein du service des affaires\njuridiques et du contentieux\n14\nPP\nn\u00b02025-01324 15.10.2025\nArr\u00eat\u00e9 accordant d\u00e9l\u00e9gation de la signature\npr\u00e9fectorale au sein de la direction de\nl'innovation, de la logistique et des\ntechnologies\n19\nE 3 CABINET DU PREFETPR\u00c9FECTURE aeDE POLICELibert\u00e9Egalit\u00e9Fraternit\u00e9\name 2025-01318instituant un p\u00e9rim\u00e8tre de protection et diff\u00e9rentes mesures de police \u00e0 l'occasion de la8*\"\u00b0 journ\u00e9e du championnat de France de football de Ligue 1 au Parc des Princes levendredi 17 octobre 2025\nLe pr\u00e9fet de police,\nVu le code g\u00e9n\u00e9ral des collectivit\u00e9s territoriales, notamment ses articles L. 2215-1, L. 2512-13et L. 2512-14;\nVu le code p\u00e9nal;\nVu le code de proc\u00e9dure p\u00e9nale;\nVu le code la route, notamment son article L. 411-2;\nVu le code rural et de la p\u00e9che maritime, notamment ses articles L. 211-11 et L. 211-12;\nVu le code de la s\u00e9curit\u00e9 int\u00e9rieure, notamment ses articles L. 122-1, L. 122-2, L. 226-1, L. 611-1et L. 613-2;\nVu le d\u00e9cret n\u00b0 2004-374 du 29 avril 2004 modifi\u00e9 relatif aux pouvoirs des pr\u00e9fets, al'organisation et \u00e0 l'action des services de l'Etat dans les r\u00e9gions et d\u00e9partements,notamment ses articles 70, 72 et 78 ;\nVu le d\u00e9cret du 20juillet 2022 par lequel M. Laurent NUNEZ, pr\u00e9fet, coordonnateur nationaldu renseignement et de la lutte contre le terrorisme, est nomm\u00e9 pr\u00e9fet de police (horsclasse);\nVu le d\u00e9cret du 7 septembre 2022 par lequel Mme Magali CHARBONNEAU, pr\u00e9f\u00e8te,directrice de cabinet du pr\u00e9fet de la r\u00e9gion d'Ile-de-France, pr\u00e9fet de Paris, est nomm\u00e9epr\u00e9f\u00e8te, directrice de cabinet du pr\u00e9fet de police;\nVu le d\u00e9cret du 12 octobre 2025 relatif \u00e0 la composition du Gouvernement, portantnomination de M. Laurent NUNEZ en qualit\u00e9 de ministre de l'int\u00e9rieur;\nConsid\u00e9rant que M. Laurent NUNEZ \u00e9tant nomm\u00e9 ministre de l'int\u00e9rieur par d\u00e9cret du 12octobre susvis\u00e9, la directrice du cabinet assure l'int\u00e9rim du poste de pr\u00e9fet de police;\nConsid\u00e9rant que, en application des articles L.122-1 et L. 122-2 du code de s\u00e9curit\u00e9int\u00e9rieure et 72 et 73 du d\u00e9cret du 29 avril 2004 susvis\u00e9, le pr\u00e9fet de police a la charge del'ordre public, notamment la pr\u00e9vention des atteintes \u00e0 la s\u00e9curit\u00e9 des personnes et desbiens, dans les d\u00e9partements de Paris et des Hauts-de-Seine ;\nConsid\u00e9rant que, en application du 3\u00b0 de l'article L. 2215-1 du code g\u00e9n\u00e9ral des collectivit\u00e9sterritoriales, le repr\u00e9sentant de l'Etat dans le d\u00e9partement est seul comp\u00e9tent pour prendreles mesures relatives \u00e0 l'ordre, \u00e0 la s\u00fbret\u00e9, \u00e0 la s\u00e9curit\u00e9 et \u00e0 la salubrit\u00e9 publiques, dont lechamp d'application exc\u00e8de le territoire d'une commune; que, conform\u00e9ment \u00e0 l'article\n\n73 du d\u00e9cret du 29 avril 2004 susvis\u00e9, le pr\u00e9fet de police exerce dans le d\u00e9partement desHauts-de-Seine les attributions d\u00e9volues au repr\u00e9sentant de l'Etat dans le d\u00e9partement parl'article L. 2215-1;\nConsid\u00e9rant que, en application de l'article L. 226-1 du code de la s\u00e9curit\u00e9 int\u00e9rieure, lepr\u00e9fet de police peut, en vue d'assurer la s\u00e9curit\u00e9 d'un lieu ou d'un \u00e9v\u00e9nement expos\u00e9 \u00e0 unrisque d'actes de terrorisme \u00e0 raison de sa nature et de l'ampleur de sa fr\u00e9quentation,instituer par arr\u00eat\u00e9 motiv\u00e9 Un p\u00e9rim\u00e8tre de protection au sein duquel l'acc\u00e8s et lacirculation des personnes sont r\u00e9glement\u00e9s ; que cet arr\u00eat\u00e9 peut autoriser les agentsmentionn\u00e9s aux 2\u00b0 \u00e0 4\u00b0 de l'article 16 du code de proc\u00e9dure p\u00e9nale et, sous la responsabilit\u00e9de ces agents, ceux mentionn\u00e9s \u00e0 l'article 20 et aux 1\u00b0, 1\u00b0bis et 1\u00b0ter de l'article 21 du m\u00eamecode \u00e0 proc\u00e9der, au sein d'un p\u00e9rim\u00e8tre de protection, avec le consentement despersonnes faisant l'objet de ces v\u00e9rifications, \u00e0 des palpations de s\u00e9curit\u00e9 ainsi qu'\u00e0l'inspection visuelle et \u00e0 la fouille des bagages, ainsi qu'\u00e0 la visite des v\u00e9hicules susceptiblesde p\u00e9n\u00e9trer au sein de ce p\u00e9rim\u00e8tre; qu'aux termes de l'article 73 du d\u00e9cret du 29 avril2004 susvis\u00e9, le pr\u00e9fet de police exerce dans le d\u00e9partement des Hauts-de-Seine lesattributions d\u00e9volues au repr\u00e9sentant de l'Etat dans le d\u00e9partement par l'article L. 226-1 ducode de la s\u00e9curit\u00e9 int\u00e9rieure;\nConsid\u00e9rant que, en application de l'article L. 613-2 du code de la s\u00e9curit\u00e9 int\u00e9rieure, lespersonnes physiques exer\u00e7ant l'activit\u00e9 mentionn\u00e9e au 1\u00b0 de l'article L. 611-1 du m\u00eame codepeuvent, lorsqu'un p\u00e9rim\u00e8tre de protection a \u00e9t\u00e9 institu\u00e9 en application de l'article L. 226-1du m\u00eame code, proc\u00e9der, avec le consentement expr\u00e8s des personnes, \u00e0 des palpations des\u00e9curit\u00e9;\nConsid\u00e9rant que se tiendra le vendredi 17 octobre 2025 \u00e0 20h45, un match de football pourle compte de la 8\u00b0\"* journ\u00e9e du championnat de football de Ligue 1 au stade du Parc desPrinces \u00e0 Paris 16\u00b0\"\u00b0, qui opposera les \u00e9quipes du Paris-Saint-Germain (PSG) et du RacingClub de Strasbourg Alsace (RC Strasbourg) ; qu'\u00e0 cette occasion, un nombre important desupporters ainsi que des personnalit\u00e9s seront pr\u00e9sents aux abords et \u00e0 l'int\u00e9rieur du stade:que dans le contexte actuel de menace tr\u00e8s \u00e9lev\u00e9e, cette rencontre sportive est susceptiblede constituer une cible privil\u00e9gi\u00e9e et symbolique pour des actes de nature terroriste;Consid\u00e9rant que plusieurs attentats ou tentatives d'attentats r\u00e9cents traduisent le niveau\u00e9lev\u00e9 de la menace terroriste actuelle en France dans le cadre du plan VIGIPIRATE \u00ab urgenceattentat \u00bb en vigueur sur l'ensemble du territoire national depuis le 24 mars 2024;\nConsid\u00e9rant qu'il appartient \u00e0 l'autorit\u00e9 de police comp\u00e9tente de prendre les mesuresadapt\u00e9es, n\u00e9cessaires et proportionn\u00e9es visant \u00e0 garantir la s\u00e9curit\u00e9 des personnes et desbiens pendant cet \u00e9v\u00e8nement; que la mise en place d'un p\u00e9rim\u00e8tre de protectioncomprenant diff\u00e9rentes mesures de police \u00e0 l'occasion du match de Ligue 1 entre le PSG etle RC Strasbourg au Parc des Princes \u00e0 Paris 16*\"* le vendredi 17 octobre 2025 r\u00e9pond \u00e0 cesobjectifs;\nARRETE :\nTITRE PREMIERINSTITUTION D'UN PERIMETRE DE PROTECTION\nArticle 1\u00b0 - Le vendredi 17 octobre 2025 de 17h45 \u00e0 23h59 est institu\u00e9 un p\u00e9rim\u00e8tre deprotection au sein duquel l'acc\u00e8s et la circulation des personnes sont r\u00e9glement\u00e9s dans lesconditions fix\u00e9es par le pr\u00e9sent arr\u00eat\u00e9.\nArticle 2 - Le p\u00e9rim\u00e8tre de protection institu\u00e9 par l'article 1\u00b0 du pr\u00e9sent arr\u00eat\u00e9 est d\u00e9limit\u00e9selon la cartographie en annexe.\n2025-01318 ,\n\nArticle 3 \u2014 Les points d'acc\u00e8s au p\u00e9rim\u00e8tre, sur lesquels des dispositifs de pr\u00e9-filtrage et defiltrage sont mis en place, sont situ\u00e9s :\u00e0 l'angle form\u00e9 par l'avenue du G\u00e9n\u00e9ral-Sarrail, la rue Raffa\u00e9lli (c\u00f4t\u00e9 impair) et l'all\u00e9eCharles Brennus a Paris 16\";rue Lecomte du No\u00fby \u00e0 Paris 16\u00b0\";\u00e0 l'angle form\u00e9 par la rue du Sergent Maginot et la place G\u00e9n\u00e9ral St\u00e9fanik \u00e0 Paris 16\";\u00e0 l'angle form\u00e9 par la rue du G\u00e9n\u00e9ral Roques et la place G\u00e9n\u00e9ral St\u00e9fanik \u00e0 Paris 16\u00e8\"\u00b0;avenue du Parc des Princes \u00e0 Paris 16\u00e8\"\u00b0 \u00e0 hauteur du n\u00b031;\u00e0 l'angle form\u00e9 par l'avenue de la porte de Saint-Cloud et la rue du CommandantGuilbaud \u00e0 Paris 16\u00b0;\u00e0 l'angle form\u00e9 par la rue du Parc et de la rue de la Tourelle \u00e0 Boulogne-Billancourt(92);\u00e0 l'angle form\u00e9 par la rue de la Tourelle et l'entr\u00e9e du jardin Guilbaud \u00e0 Boulogne-Billancourt (92);\u00e0 l'angle form\u00e9 par la place de l'Europe et l'entr\u00e9e du jardin Guilbaud \u00e0 Boulogne-Billancourt (92) ;\nplace de l'Europe \u00e0 Boulogne-Billancourt (92), entre la rue Marcel Loyau et le rond-point de la place de l'Europe a Paris 16\u00b0\"\u00b0;\u00e0 l'angle form\u00e9 par la rue Joseph Bernard et la rue de la Tourelle \u00e0 Boulogne-Billancourt(92);\u00e0 l'angle form\u00e9 par la rue Nungesser et Coli et l'avenue de la Porte Molitor \u00e0 Paris16\u00e8re;\na l'angle form\u00e9 par la rue Nungesser et Coli \u00e0 Paris 16\u00b0\"\u00b0et la rue Joseph Bernard \u00e0Boulogne-Billancourt (92).\nTITRE IIMESURES DE POLICE APPLICABLES A L'INTERIEUR DU PERIMETRE DE PROTECTION\nArticle 4 - Dans le p\u00e9rim\u00e8tre institu\u00e9 et durant la p\u00e9riode mentionn\u00e9e par l'article 1\u00b0, lesmesures suivantes sont applicables :\n1\u00b0 Mesures applicables aux usagers de la voie publique :a) Sont interdits :- Tout rassemblement de nature revendicative ;- Le port, le transport et l'utilisation des artifices de divertissement, des articlespyrotechniques, des armes a feu, y compris factices, et des munitions, ainsi que de tousobjets susceptibles de constituer une arme au sens de l'article 132-75 du code p\u00e9nal oupouvant servir de projectile pr\u00e9sentant un danger pour la s\u00e9curit\u00e9 des personnes et desbiens;- L'acc\u00e8s des animaux dangereux au sens des articles L. 211-11 et suivants du code rural etde la p\u00eache maritime, en particulier les chiens des 1\u00b0 et 2\u00e8me cat\u00e9gories ;\nb) Les personnes ont l'obligation, pour acc\u00e9der par les points de pr\u00e9-filtrage et de filtragepr\u00e9vus \u00e0 l'article 3 ou circuler \u00e0 l'int\u00e9rieur du p\u00e9rim\u00e8tre, de se soumettre, \u00e0 la demande desagents autoris\u00e9s par le pr\u00e9sent arr\u00eat\u00e9 \u00e0 proc\u00e9der \u00e0 ces v\u00e9rifications, \u00e0 l'inspection visuelledes bagages et \u00e0 leur fouille, ainsi qu'\u00e0 des palpations de s\u00e9curit\u00e9 et, exclusivement par des\n2025-01318 3\n\nofficiers de police judiciaire et, sous leur responsabilit\u00e9, par des agents de police judiciaireet agents de police judiciaire adjoints, \u00e0 la visite de leur v\u00e9hicule ;\nc) Les personnes qui, pour des raisons professionnelles, de r\u00e9sidence ou familialesdoivent acc\u00e9der \u00e0 l'int\u00e9rieur du p\u00e9rim\u00e8tre de protection et y circuler, sont invit\u00e9es \u00e0 sesignaler aupr\u00e8s de l'autorit\u00e9 de police sur place afin de pouvoir faire l'objet d'une mesurede filtrage adapt\u00e9e ;\n2\u00b0 Mesures accordant des comp\u00e9tences suppl\u00e9mentaires aux personnels charg\u00e9s de las\u00e9curit\u00e9:- Les officiers de police judiciaire mentionn\u00e9s aux 2\u00b0 \u00e0 4\u00b0 de l'article 16 du code deproc\u00e9dure p\u00e9nale et, sous leur responsabilit\u00e9, les agents de police judiciaire mentionn\u00e9s\u00e0 l'article 20 du m\u00eame code sont autoris\u00e9s \u00e0 proc\u00e9der, avec le consentement despersonnes faisant l'objet de ces v\u00e9rifications, \u00e0 des palpations de s\u00e9curit\u00e9, \u00e0 l'inspectionvisuelle des bagages et \u00e0 leur fouille, ainsi qu'\u00e0 la visite des v\u00e9hicules;- Les personnes exer\u00e7ant l'activit\u00e9 mentionn\u00e9e au 1\u00b0 de l'article L. 611-1 du code de las\u00e9curit\u00e9 int\u00e9rieure peuvent, aux points de filtrage, proc\u00e9der, sous l'autorit\u00e9 des officiers.de police judiciaire et aupr\u00e8s des agents de police judiciaire qu'ils assistent et avec leconsentement expr\u00e8s des personnes, outre \u00e0 l'inspection visuelle des bagages et \u00e0 leurfouille, \u00e0 des palpations de s\u00e9curit\u00e9.\nArticle 5 - Sans pr\u00e9judice des sanctions p\u00e9nales auxquelles s'exposent les personnes eninfraction avec les dispositions du pr\u00e9sent titre, celles qui refusent de se soumettre \u00e0l'inspection visuelle de leurs bagages \u00e0 main, \u00e0 leur fouille, \u00e0 des palpations de s\u00e9curit\u00e9 ou \u00e0la visite de leur v\u00e9hicule peuvent se voir interdire l'acc\u00e8s au p\u00e9rim\u00e8tre institu\u00e9 par l'article1\u00b0\" ou \u00eatre conduites \u00e0 l'ext\u00e9rieur de celui-ci.\nTITRE IllDISPOSITIONS FINALES\nArticle 6 - Les mesures pr\u00e9vues par le pr\u00e9sent arr\u00eat\u00e9 peuvent \u00eatre lev\u00e9es et r\u00e9tablies surd\u00e9cision du repr\u00e9sentant sur place de l'autorit\u00e9 de police, en fonction de l'\u00e9volution de lasituation.\nArticle 7 - Le pr\u00e9fet des Hauts-de-Seine, le directeur de l'ordre public et de la circulation,et le directeur de la s\u00e9curit\u00e9 de proximit\u00e9 de l'agglom\u00e9ration parisienne et la secr\u00e9taireg\u00e9n\u00e9rale de la Ville de Paris sont charg\u00e9s, chacun en ce qui le concerne, de l'ex\u00e9cution dupr\u00e9sent arr\u00eat\u00e9 qui entrera en vigueur d\u00e8s son affichage aux portes de la pr\u00e9fecture depolice, sera publi\u00e9 aux recueils des actes administratifs du d\u00e9partement de la Paris et de lapr\u00e9fecture des Hauts-de-Seine, consultable sur le site internet de la pr\u00e9fecture de police(https://www.prefecturedepolice.interieur.gouv.fr) et transmis aux procureurs de laR\u00e9publique pr\u00e8s les tribunaux judiciaires de Paris et de Nanterre.\nFait\u00e0 Paris,le 1 5 OCT. 2025\n\u00a9q La pr\u00e9f\u00e8te, directrice du cabinet,Charg\u00e9e de l'int\u00e9rim des fonctions de pr\u00e9fet de police\nPour le Pr\u00e9fet de PoliceLa sous-pr\u00e9f\u00e8te,\nN| 2%N)on!(ae|\u2014Ord=\noo\n\\\n\nAnnexe de I'arr\u00e9t\u00e9 n\u00b0 2 0 2 5 -04 3 1 8 du 15 DCT, 2025\nVOIES ET DELAIS DE RECOURS\nSi vous estimez devoir contester le pr\u00e9sent arr\u00eat\u00e9, il vous est possible, dans und\u00e9lai de deux mois \u00e0 compter de son affichage ou de sa publication au recueil des actesadministratifs du d\u00e9partement de Paris :\n- soit de saisir d'un RECOURS GRACIEUXle Pr\u00e9fet de Police7/9, boulevard du Palais - 75195 PARIS RP\n- ou de former un RECOURS HIERARCHIQUEaupr\u00e8s du Ministre de l'int\u00e9rieurDirection des libert\u00e9s publiques et des affaires juridiquesplace Beauvau - 75008 PARIS\n- soit de saisir d'un RECOURS CONTENTIEUXle Tribunal administratif comp\u00e9tent\nAucune de ces voies et recours ne suspend l'application de la pr\u00e9sente d\u00e9cision.\nLes recours GRACIEUX et HIERARCHIQUE doivent \u00eatre \u00e9crits, exposer lesarguments ou faits nouveaux et comprendre la copie de l'arr\u00eat\u00e9 contest\u00e9.\nLe recours CONTENTIEUX, qui vise \u00e0 contester la LEGALITE de la pr\u00e9sented\u00e9cision, doit \u00e9galement \u00eatre \u00e9crit et exposer votre argumentation juridique.\nSi vous n'aviez pas de r\u00e9ponse \u00e0 votre recours GRACIEUX ou HIERARCHIQUE dansun d\u00e9lai de deux mois \u00e0 compter de la r\u00e9ception de votre recours par l'administration, votredemande devra \u00eatre consid\u00e9r\u00e9e comme rejet\u00e9e (d\u00e9cision implicite de rejet).\nEn cas de rejet des recours GRACIEUX ou HIERARCHIQUE, le Tribunaladministratif peut \u00eatre saisi d'un recours contentieux dans le d\u00e9lai de deux mois \u00e0 compterde la date de la d\u00e9cision de rejet.\n\n2025-01318\n\nPREFECTURE apDE POLICE 6. CABINET DU PREFET\nFraternit\u00e9\nArr\u00eat\u00e9 n\u00b0 2025-01319\nautorisant la captation, l'enregistrement et la transmission d'images au moyen de cam\u00e9rasinstall\u00e9es sur des a\u00e9ronefs \u00e0 l'occasion de la 8*\"\u00b0 journ\u00e9e du championnat de France defootball de Ligue 1 au Parc des Princes le vendredi 17 octobre 2025\nLe pr\u00e9fet de police,\nVu le code de la s\u00e9curit\u00e9 int\u00e9rieure, notamment ses articles L. 242-1 \u00e0 L. 242-8 et R. 242-8 \u00e0R. 242-15;\nVu le d\u00e9cret n\u00b0 2004-374 du 29 avril 2004 modifi\u00e9 relatif aux pouvoirs des pr\u00e9fets, al'organisation et \u00e0 l'action des services de l'Etat dans les r\u00e9gions et d\u00e9partements, notammentses articles 70, 72 et 78;\nVu l'arr\u00eat\u00e9 du 19 avril 2023 relatif au nombre maximal de cam\u00e9ras install\u00e9es sur des a\u00e9ronefspouvant \u00eatre simultan\u00e9ment utilis\u00e9es dans chaque d\u00e9partement et collectivit\u00e9 d'outre-mer;\nVu l'instruction minist\u00e9rielle NOR 1IOMD2311883] du 30 avril 2023 relative \u00e0 la proc\u00e9dured'autorisation des cam\u00e9ras install\u00e9es sur des a\u00e9ronefs pour des missions de policeadministrative ;\nVu le d\u00e9cret du 20juillet 2022 par lequel M. Laurent NUNEZ, pr\u00e9fet, coordonnateur nationaldu renseignement et de la lutte contre le terrorisme, est nomm\u00e9 pr\u00e9fet de police (hors classe) ;\nVu le d\u00e9cret du 7 septembre 2022 par lequel Mme Magali CHARBONNEAU, pr\u00e9f\u00e8te, directricede cabinet du pr\u00e9fet de la r\u00e9gion d'Ile-de-France, pr\u00e9fet de Paris, est nomm\u00e9e pr\u00e9f\u00e8te,directrice de cabinet du pr\u00e9fet de police;\nVu le d\u00e9cret du 12 octobre 2025 relatif \u00e0 la composition du Gouvernement, portantnomination de M. Laurent NUNEZ en qualit\u00e9 de ministre de l'int\u00e9rieur;\nVu la demande en date du 8 octobre 2025 form\u00e9e par la direction de l'ordre public et de lacirculation visant \u00e0 obtenir l'autorisation de capter, d'enregistrer et de transmettre des imagesau moyen de deux cam\u00e9ras install\u00e9es sur des a\u00e9ronefs t\u00e9l\u00e9-pilot\u00e9s afin d'assurer la pr\u00e9ventiondes atteintes \u00e0 la s\u00e9curit\u00e9 des personnes et des biens, la s\u00e9curit\u00e9 des rassemblements, lapr\u00e9vention d'actes de terrorisme ainsi que la r\u00e9gulation des flux de transport \u00e0 l'occasion dela 8\u00b0\" journ\u00e9e du championnat de France de football de Ligue 1 le vendredi 17 octobre 2025au Parc des princes \u00e0 Paris 16\u00b0\";\nConsid\u00e9rant que les dispositions du | de l'article L. 242-5 du code de la s\u00e9curit\u00e9 int\u00e9rieurepermettent aux forces de s\u00e9curit\u00e9 int\u00e9rieure, dans l'exercice de leurs missions de pr\u00e9ventiondes atteintes \u00e0 l'ordre public et de protection de la s\u00e9curit\u00e9 des personnes et des biens, deproc\u00e9der \u00e0 la captation, \u00e0 l'enregistrement et \u00e0 la transmission d'images au moyen de cam\u00e9rasinstall\u00e9es sur des a\u00e9ronefs aux fins d'assurer la pr\u00e9vention des atteintes \u00e0 la s\u00e9curit\u00e9 des\n\npersonnes et des biens dans des lieux particuli\u00e8rement expos\u00e9s, la s\u00e9curit\u00e9 desrassemblements de personnes sur la voie publique ainsi que l'appui des personnels au sol, envue de leur permettre de maintenir ou de r\u00e9tablir l'ordre public lorsque ces rassemblementssont susceptibles d'entra\u00eener des troubles graves \u00e0 l'ordre public, la pr\u00e9vention d'actes deterrorisme et la r\u00e9gulation des flux de transport;\nConsid\u00e9rant que se tiendra le vendredi 17 octobre 2025 \u00e0 20h45, un match de football pourle compte de la 8\u00b0\"\u00b0 journ\u00e9e du championnat de football de Ligue 1 au stade du Parc desPrinces \u00e0 Paris 16\u00b0\"\u00b0, qui opposera les \u00e9quipes du Paris-Saint-Germain (PSG) et du Racing Clubde Strasbourg Alsace (RC Strasbourg) ; qu'\u00e0 cette occasion, un nombre important desupporters ainsi que des personnalit\u00e9s seront pr\u00e9sents aux abords et \u00e0 l'int\u00e9rieur du stade;que dans le contexte actuel de menace tr\u00e8s \u00e9lev\u00e9e, cette rencontre sportive est susceptiblede constituer une cible privil\u00e9gi\u00e9e et symbolique pour des actes de nature terroriste;\nConsid\u00e9rant \u00e9galement que plusieurs attentats ou tentatives d'attentats r\u00e9cents traduisent leniveau \u00e9lev\u00e9 de la menace terroriste actuelle en France, dans le cadre du plan VIGIPIRATE\u00ab urgence attentat \u00bb en vigueur sur l'ensemble du territoire national ;\nConsid\u00e9rant, en outre, qu'au-dela de la seule s\u00e9curisation du match qui fait l'objet de mesuresde police sur le fondement de l'article L. 226-1 du code de la s\u00e9curit\u00e9 int\u00e9rieure et pour lequelun service d'ordre est mis en place par la direction de l'ordre public et de la circulation, il estn\u00e9cessaire de disposer d'un moyen de surveillance permettant de s\u00e9curiser la voie publiqueen amont et en aval de cet \u00e9v\u00e8nement pour pr\u00e9venir ou mettre fin \u00e0 d'\u00e9ventuelles rixes entrespectateurs et personnes, \u00e0 des atteintes \u00e0 la s\u00e9curit\u00e9 des personnes et des biens, se pr\u00e9munircontre d'\u00e9ventuels actes terroristes et r\u00e9guler les flux de transport autour de l'enceinte ;\nConsid\u00e9rant que la demande de la direction de l'ordre public et de la circulation porte surl'engagement de deux cam\u00e9ras a\u00e9roport\u00e9es qui pourront \u00eatre en vol simultan\u00e9ment en vue decapter, d'enregistrer et de transmettre des images; que les aires survol\u00e9es sont strictementlimit\u00e9es aux zones o\u00f9 seront mises en \u0153uvre les finalit\u00e9s susvis\u00e9es; que la dur\u00e9e del'autorisation demand\u00e9e n'appara\u00eet pas disproportionn\u00e9e au regard de ces m\u00eames finalit\u00e9s;\nConsid\u00e9rant que le recours \u00e0 des cam\u00e9ras a\u00e9roport\u00e9es permet de disposer d'une vision engrand angle tout en limitant l'engagement des forces au sol, et le cas \u00e9ch\u00e9ant, d'organiser demani\u00e8re r\u00e9active et efficace leur d\u00e9ploiement op\u00e9rationnel ; qu'il n'existe pas de dispositifmoins intrusif permettant de parvenir aux m\u00eames fins ;\nConsid\u00e9rant que M. Laurent NUNEZ \u00e9tant nomm\u00e9 ministre de l'int\u00e9rieur par d\u00e9cret du 12octobre susvis\u00e9, la directrice du cabinet assure l'int\u00e9rim du poste de pr\u00e9fet de police ;\nSur proposition du directeur de l'ordre public et de la circulation,\nARRETE :\nArticle 1\u00b0 - La captation, l'enregistrement et la transmission d'images par la direction del'ordre public et de la circulation sont autoris\u00e9s \u00e0 l'occasion de la rencontre de footballsusvis\u00e9e aux titres de:- la pr\u00e9vention des atteintes \u00e0 la s\u00e9curit\u00e9 des personnes et des biens;- la s\u00e9curit\u00e9 des rassemblements ;\n2025-01319\n\n- la pr\u00e9vention d'actes de terrorisme;- la r\u00e9gulation des flux de transport.\nArticle 2 - Le nombre maximal de cam\u00e9ras pouvant proc\u00e9der simultan\u00e9ment \u00e0 desenregistrements est fix\u00e9 \u00e0 2 cam\u00e9ras embarqu\u00e9es sur des a\u00e9ronefs t\u00e9l\u00e9-pilot\u00e9s.\nArticle 3 - La pr\u00e9sente autorisation s'applique au p\u00e9rim\u00e8tre g\u00e9ographique figurant sur le planen annexe au pr\u00e9sent arr\u00eat\u00e9.\nArticle 4 - La pr\u00e9sente autorisation est d\u00e9livr\u00e9e du vendredi 17 octobre 2025 \u00e0 17h45 ausamedi 18 octobre 2025 \u00e0 01h00 pour l'ensemble des finalit\u00e9s pr\u00e9cit\u00e9es.\nArticle 5 - L'information du public est assur\u00e9e par la publication du pr\u00e9sent arr\u00eat\u00e9 aux recueilsdes actes administratifs mentionn\u00e9s \u00e0 l'article 7, sa mise en ligne sur le site internet de lapr\u00e9fecture de police ainsi que par une information sur les r\u00e9seaux sociaux.\nArticle 6 - Le registre mentionn\u00e9 \u00e0 l'article L. 242-4 du code de la s\u00e9curit\u00e9 int\u00e9rieure esttransmis au pr\u00e9fet de police, \u00e0 l'issue de la p\u00e9riode d'autorisation.\nArticle 7 - Le pr\u00e9fet des Hauts-de-Seine et le directeur de l'ordre public et de la circulationsont charg\u00e9s, chacun en ce qui le concerne, de l'ex\u00e9cution du pr\u00e9sent arr\u00eat\u00e9 qui entrera envigueur d\u00e8s son affichage aux portes de la pr\u00e9fecture de police, sera publi\u00e9 aux recueils desactes administratifs du d\u00e9partement de Paris et de la pr\u00e9fecture des Hauts-de-Seine etconsultable sur le site internet de la pr\u00e9fecture de police(https://www.prefecturedepolice.interieur.gouv.fr).\n15 OCT. 2925ele\nFait \u00e0 Paris, le\nLa pr\u00e9f\u00e8te, directrice du cabinetCharg\u00e9e de l'int\u00e9rim des fonctions de pr\u00e9fet de policePour le Pr\u00e9fet de PoliceLa sous-pr\u00e9f\u00e8te,dirgetijce adjointe du cabinet\n\u00e0.\n\u20ac  Elise LAVIELLE\n2025-01319 |\n&\n\nAnnexe de I'arr\u00e9t\u00e9n? 2025-04234 9 du 15 OUT. 2025\nVOIES ET DELAIS DE RECOURS\nSi vous estimez devoir contester la pr\u00e9sente autorisation, il vous est possible, dans un d\u00e9lai dedeux mois a compter de la date de son affichage ou de sa publication :\n- soit de saisir d'un RECOURS GRACIEUXle Pr\u00e9fet de Police7/9, boulevard du Palais - 75195 PARIS RP\n- ou de former un RECOURS HIERARCHIQUEaupr\u00e8s du Ministre de l'int\u00e9rieur et des outre-merDirection des libert\u00e9s publiques et des affaires juridiquesplace Beauvau - 75008 PARIS\n- soit de saisir d'un RECOURS CONTENTIEUXle Tribunal administratif comp\u00e9tent\nAucune de ces voies et recours ne suspend l'application de la pr\u00e9sente d\u00e9cision.\nLes recours GRACIEUX et HIERARCHIQUE doivent \u00eatre \u00e9crits, exposer les argumentsou faits nouveaux et comprendre la copie de la d\u00e9cision contest\u00e9e.\nLe recours contentieux, qui vise \u00e0 contester la LEGALITE de la pr\u00e9sente d\u00e9cision, doit\u00e9galement \u00eatre \u00e9crit et exposer votre argumentation juridique.\nSi vous n'aviez pas de r\u00e9ponse \u00e0 votre recours GRACIEUX ou HIERARCHIQUE dans und\u00e9lai de deux mois \u00e0 compter de la r\u00e9ception de votre recours par l'administration,votre demande devra \u00eatre consid\u00e9r\u00e9e comme rejet\u00e9e (d\u00e9cision implicite de rejet).\nEn cas de rejet des RECOURS GRACIEUX ou HIERARCHIQUE, le Tribunal administratifpeut \u00eatre saisi d'un recours contentieux dans le d\u00e9lai de deux mois \u00e0 compter de ladate de la d\u00e9cision de rejet.\n\n2025-01319\nDIRECTION DF L ORDRE PUBLICET DE LA CIRCULATION\n\nExPR\u00c9FECTURE SEDE POLICE (1Libert\u00e9\u00c9galit\u00e9Fraternit\u00e9\nCabinet du pr\u00e9fet\nLu 2025-04322\naccordant d\u00e9l\u00e9gation de la signature pr\u00e9fectoraleau sein du service des affaires juridiques et du contentieux\nLe pr\u00e9fet de police,\nVU le code g\u00e9n\u00e9ral des collectivit\u00e9s territoriales ;\nVU le code des relations entre le public et l'administration ;\nVU le d\u00e9cret n\u00b0 2003-737 du 1\u00b0 ao\u00fbt 2003 portant cr\u00e9ation d'un secr\u00e9tariat g\u00e9n\u00e9ral pourl'administration \u00e0 la pr\u00e9fecture de police ;\nVU le d\u00e9cret n\u00b0 2004-374 du 29 avril 2004 modifi\u00e9 relatif aux pouvoirs des pr\u00e9fets, \u00e0 l'organisation et \u00e0l'action des services de l'Etat dans les r\u00e9gions et d\u00e9partements, notamment ses articles 73-1 et 78;\nVU le d\u00e9cret n\u00b0 2014-296 du 6 mars 2014 relatif aux secr\u00e9tariats g\u00e9n\u00e9raux pour l'administration duminist\u00e8re de l'int\u00e9rieur et modifiant diverses dispositions du code de la d\u00e9fense et du code de las\u00e9curit\u00e9 int\u00e9rieure ;\nVU le d\u00e9cret du 20 juillet 2022 par lequel M. Laurent NUNEZ, pr\u00e9fet, coordonnateur national durenseignement et de la lutte contre le terrorisme, est nomm\u00e9 pr\u00e9fet de police (hors classe) ;\nVU le d\u00e9cret du 7 septembre 2022 par lequel Mme Magali CHARBONNEAU, pr\u00e9f\u00e9te, directrice decabinet du pr\u00e9fet de la r\u00e9gion d'Ile-de-France, pr\u00e9fet de Paris, est nomm\u00e9e pr\u00e9f\u00e8te, directrice decabinet du pr\u00e9fet de police;\nVU le d\u00e9cret du 22 d\u00e9cembre 2022 par lequel M. Philippe LE MOING-SURZUR, administrateur g\u00e9n\u00e9ralest nomm\u00e9 pr\u00e9fet, secr\u00e9taire g\u00e9n\u00e9ral pour l'administration de la pr\u00e9fecture de police ;'\n'\nVU le d\u00e9cret du 12 octobre 2025 relatif \u00e0 la composition du Gouvernement, portant nomination deM. Laurent NUNEZ en qualit\u00e9 de ministre de l'int\u00e9rieur;\nVU l'arr\u00eat\u00e9 pr\u00e9fectoral n\u00b0 2022-00311 du 4 avril 2022 relatif aux missions et \u00e0 l'organisation du servicedes affaires juridiques et du contentieux ;\nVU l'arr\u00eat\u00e9 pr\u00e9fectoral n\u00b0 2025-01288 du 13 octobre 2025 accordant d\u00e9l\u00e9gation de la signaturepr\u00e9fectorale au pr\u00e9fet, secr\u00e9taire g\u00e9n\u00e9ral pour l'administration de la pr\u00e9fecture de police;\nVU la d\u00e9lib\u00e9ration du conseil de Paris n\u00b0 2020-PP-53 des 23 et 24 juillet 2020 portant renouvellement dela d\u00e9l\u00e9gation de pouvoir accord\u00e9e au pr\u00e9fet de police par le conseil de Paris dans certaines desmati\u00e8res \u00e9num\u00e9r\u00e9es par l'article L. 2122-22 du code g\u00e9n\u00e9ral des collectivit\u00e9s territoriales ;\nVU la d\u00e9cision minist\u00e9rielle du 13 juin 2025 par laquelle M. J\u00e9r\u00f4me CHARRET, administrateur de l'Etat dedeuxi\u00e8me grade, est affect\u00e9 en qualit\u00e9 de chef du service des affaires juridiques et du contentieux ausecr\u00e9tariat g\u00e9n\u00e9ral pour l'administration de la pr\u00e9fecture de police, \u00e0 compter du 1\u00b0 ao\u00fbt 2025;\nVU l'arr\u00eat\u00e9 pr\u00e9fectoral n\u00b0 2025-00024 du 7 janvier 2025 d\u00e9signant Mme Elisabeth THERBY-VALE enqualit\u00e9 de personne responsable de l'acc\u00e8s aux documents administratifs et des questions relatives \u00e0l'utilisation des informations publiques ;\n\nCONSID\u00c9RANT que M. Laurent NUNEZ est nomm\u00e9 ministre de l'int\u00e9rieur par d\u00e9cret du 12 octobre2025 susvis\u00e9 ;\nSUR proposition du pr\u00e9fet, secr\u00e9taire g\u00e9n\u00e9ral pour l'administration,\nARR\u00caTE\nArticle 1\u00b0\nD\u00e9l\u00e9gation est donn\u00e9e \u00e0 M. J\u00e9r\u00f4me CHARRET, administrateur de l'Etat de deuxi\u00e8me grade, chef duservice des affaires juridiques et du contentieux, directement plac\u00e9 sous l'autorit\u00e9 du pr\u00e9fet, secr\u00e9taireg\u00e9n\u00e9ral pour l'administration, \u00e0 l'effet de signer, au nom du pr\u00e9fet de police, tous actes, arr\u00eat\u00e9s,d\u00e9cisions, r\u00e9ponses aux demandes d'acc\u00e8s aux donn\u00e9es et documents administratifs, transactions etm\u00e9diations dont celles engageant une d\u00e9pense inf\u00e9rieure \u00e0 80 000 euros, m\u00e9moires et recours entrantdans le champ des missions fix\u00e9es par l'arr\u00eat\u00e9 du 4 avril 2022 susvis\u00e9. \u00c0 cet effet, il repr\u00e9sente, de fa\u00e7onpermanente, le devant toute juridiction et peut habiliter tout agent \u00e0 cette m\u00eame fin.\nD\u00e9l\u00e9gation est \u00e9galement donn\u00e9e \u00e0 M. J\u00e9r\u00f4me CHARRET \u00e0 l'effet de signer les constatations de servicefait pour les prestations r\u00e9alis\u00e9es par des prestataires ext\u00e9rieurs, les d\u00e9cisions relatives aux cong\u00e9sannuels et de maladie ordinaire, au t\u00e9l\u00e9travail et \u00e0 l'\u00e9valuation des personnels relevant de son autorit\u00e9,ainsi qu'aux fin de signer tout acte visant \u00e0 indemniser les tiers ou \u00e0 engager leur responsabilit\u00e9.\nArticle 2\nEn cas d'absence ou d'emp\u00e9chement de M. J\u00e9r\u00f4me CHARRET, la d\u00e9l\u00e9gation qui lui est consentie \u00e0l'article 1\u00b0\" est exerc\u00e9e par Mme Elisabeth THERBY-VALE, administratrice de l'Etat, adjointe au chef duservice des affaires juridiques et du contentieux.\nArticle 3\nEn cas d'absence ou d'emp\u00e9chement de M. J\u00e9r\u00f4me CHARRET et de Mme Elisabeth THERBY-VALE, lesd\u00e9l\u00e9gations qui leur sont consenties sont exerc\u00e9es, dans la limite des attributions d\u00e9finies au chapitrepremier de l'arr\u00eat\u00e9 du 4 avril 2022 susvis\u00e9 :- par M. Jean-Fran\u00e7ois LAVAUD, conseiller d'administration pour l'int\u00e9rieur et l'outre-mer, chefdu bureau du contentieux judiciaire et de l'exc\u00e8s de pouvoir ;- en cas d'absence ou d'emp\u00e9chement de M. Jean-Fran\u00e7ois LAVAUD, par Mme Aude VANDIER,attach\u00e9e principale d'administration de l'\u00c9tat, adjointe au chef du bureau ;- en cas d'absence ou d'emp\u00e9chement de M. Jean-Fran\u00e7ois LAVAUD et de Mme AudeVANDIER :o par Mme Olympe ROUSSEL, agent contractuel de cat\u00e9gorie A, cheffe de bureau ;o par M. Cyril MEDARD, agent contractuel de cat\u00e9gorie A ;o par Mme Aliz\u00e9e LABROUSSE, agent contractuelle de cat\u00e9gorie A ;\u00c0 cet effet, ils sont habilit\u00e9s \u00e0 repr\u00e9senter le pr\u00e9fet de police devant lesjuridictions.\nArticle 4\nEn cas d'absence ou d'emp\u00e9chement de M. J\u00e9r\u00f4me CHARRET et de Mme Elisabeth THERBY-VALE, lesd\u00e9l\u00e9gations qui leur sont consenties sont exerc\u00e9es, dans la limite des attributions d\u00e9finies au chapitre 2de l'arr\u00eat\u00e9 du 4 avril 2022 susvis\u00e9 :- par Mme Olympe ROUSSEL, agent contractuel de cat\u00e9gorie A, cheffe du bureau du contentieuxdes responsabilit\u00e9s, \u00e0 l'exception des actes engageant une d\u00e9pense sup\u00e9rieure \u00e0 10 000 euros ;\n2025-04322 :\n\n- en cas d'absence ou d'emp\u00e9chement de Mme ROUSSEL, par Mme Chlo\u00e9 DHAMBAHADOUR,agent contractuel de cat\u00e9gorie A, adjointe \u00e0 la cheffe du bureau, dans les m\u00eames conditions :'\n- en cas d'absence ou d'emp\u00e9chement de Mme ROUSSEL et de Mme DHAMBAHADOUR, paro M. Jean-Fran\u00e7ois LAVAUD, conseiller d'administration pour l'int\u00e9rieur et l'outre-mer, chefde bureau ;o M. Stanlet TCHOUMI ESSOMBE, chef de la section des expulsions locatives, dans la limitede ses attributions et \u00e0 l'exception des d\u00e9cisions et actes engageant les d\u00e9pensessup\u00e9rieures \u00e0 5 000 euros.\u00c0 cet effet, ils sont habilit\u00e9s \u00e0 repr\u00e9senter le pr\u00e9fet de police devant lesjuridictions.\nArticle 5\nEn cas d'absence ou d'emp\u00eachement de M. J\u00e9r\u00f4me CHARRET et de Mme Elisabeth THERBY-VALE, dansle cadre des proc\u00e9dures juridictionnelles urgentes, notamment vis\u00e9es aux articles L. 521-1 et suivants ducode de justice administrative, peuvent repr\u00e9senter le pr\u00e9fet de police devant les juridictions dans lalimite des attributions d\u00e9finies au chapitre 2 et 3 de l'arr\u00eat\u00e9 du 4 avril 2022 susvis\u00e9 :o M. Jean-Fran\u00e7ois LAVAUD, conseiller d'administration de l'int\u00e9rieur et de l'outre-mer,chef de bureau ;o Mme Aude VANDIER, attach\u00e9e principale d'administration de l'\u00c9tat, adjointe au chef dubureau;o Mme Olympe ROUSSEL, agent contractuel de cat\u00e9gorie A, cheffe de bureau ;o Mme Chlo\u00e9 DHAMBAHADOUR, agent contractuel de cat\u00e9gorie A, adjointe \u00e0 la cheffe debureau ;o Mme Sarah AMIRI, agent contractuel de cat\u00e9gorie A, charg\u00e9e de mission ;o M.Cyril MEDARD, agent contractuel de cat\u00e9gorie \u00c0 ;o Mme Aliz\u00e9e LABROUSSE, agent contractuelle de cat\u00e9gorie A.\nArticle 6\nEn cas d'absence ou d'emp\u00e9chement de M. J\u00e9r\u00f4me CHARRET et Mme Elisabeth THERBY-VALE, lesd\u00e9l\u00e9gations qui lui sont consenties sont exerc\u00e9es, dans la limite des attributions d\u00e9finies au chapitre 3de l'arr\u00eat\u00e9 du 4 avril 2022 susvis\u00e9, par M. Laurent ECKERT, agent contractuel de cat\u00e9gorie A, chef dubureau du droit des donn\u00e9es et des documents administratifs.\nD\u00e9l\u00e9gation est \u00e9galement donn\u00e9e \u00e0 M. ECKERT, en cas d'absence ou d'emp\u00e9chement de M. J\u00e9r\u00f4meCHARRET et Mme Elisabeth THERBY-VALE, aux fins de signer tout acte relatif \u00e0 l'acc\u00e8s aux documentsadministratifs, aux informations publiques et aux donn\u00e9es personnelles.\n\u00c0 cet effet, il est habilit\u00e9 \u00e0 repr\u00e9senter le pr\u00e9fet de police devant les juridictions.\nArticle 7\nEn cas d'absence ou d'emp\u00eachement de M. J\u00e9r\u00f4me CHARRET et de Mme Elisabeth THERBY-VALE, lesd\u00e9l\u00e9gations qui leur sont consenties sont exerc\u00e9es, dans la limite des attributions d\u00e9finies au chapitre 4de l'arr\u00eat\u00e9 du 4 avril 2022 susvis\u00e9, par Mme Marie-Dominique GABRIELLI, attach\u00e9e d'administration del'Etat hors classe \u00e9chelon sp\u00e9cial, cheffe du bureau de la protection juridique, de l'assurance et de lar\u00e9paration.\nEn cas d'absence ou d'emp\u00e9chement de Mme Marie-Dominique GABRIELLI, la d\u00e9l\u00e9gation ainsiconsentie est exerc\u00e9e := dans le cadre de la mise en \u0153uvre de la protection juridique :\n2025-01322 3\n\n- par Mme Laurence THIBAULT, attach\u00e9e hors classe d'administration de l'\u00c9tat, adjointe \u00e0 la cheffedu bureau de la protection juridique, de l'assurance et de la r\u00e9paration, cheffe de la section de laprotection juridique ;- En cas d'absence ou d'emp\u00eachement de Mme Laurence THIBAULT, par :o M. Yves RIOU, attach\u00e9 principal d'administration de l'\u00c9tat, adjoint \u00e0 la cheffe du bureaude la protection juridique, de l'assurance et de la r\u00e9paration, chef de la section del'assurance et de la r\u00e9paration ;o Mme Isabelle COLLET, secr\u00e9taire administrative de classe exceptionnelle, cheffe du p\u00f4lede protection juridique regroupant Paris et les d\u00e9partements des Hauts-de-Seine et de laSeine-Saint-Denis, \u00e0 l'exception des d\u00e9cisions de refus de protection fonctionnelle ;o Mme G\u00fclgiz ERMISER, secr\u00e9taire administrative de classe sup\u00e9rieure, cheffe du p\u00f4le deprotection juridique regroupant les d\u00e9partements de Seine-et-Marne, des Yvelines, del'Essonne, du Val-de-Marne et du Val-d'Oise, \u00e0 l'exception des d\u00e9cisions de refus deprotection fonctionnelle ;= dans le cadre du traitement des attributions en mati\u00e8re d'assurance et de r\u00e9paration :- par M. Yves RIOU, attach\u00e9 principal d'administration de l'\u00c9tat, adjoint \u00e0 la cheffe du bureau dela protection juridique, de l'assurance et de la r\u00e9paration, chef de la section de l'assurance et dela r\u00e9paration ;- en cas d'absence ou d'emp\u00e9chement de M. Yves RIOU, par Mme Laurence THIBAULT, attach\u00e9ed'administration hors classe de l'\u00c9tat, adjointe \u00e0 la cheffe du bureau de la protection juridique,de l'assurance et de la r\u00e9paration, cheffe de la section de la protection juridique.\nArticle 8\nEn cas d'absence ou d'emp\u00e9chement de M. J\u00e9r\u00f4me CHARRET et Mme Elisabeth THERBY-VALE, lesd\u00e9l\u00e9gations qui leur sont consenties sont exerc\u00e9es dans la limite des attributions d\u00e9finies au chapitre 5de l'arr\u00eat\u00e9 du 4 avril 2022 susvis\u00e9, par Mme Pauline CASADIOLORETI, attach\u00e9e principaled'administration, cheffe du bureau des ressources, du pilotage et de la modernisation, \u00e0 l'exception desd\u00e9cisions et actes engageant les d\u00e9penses sup\u00e9rieures \u00e0 1 000 euros.\nEn cas d'absence ou d'emp\u00eachement de Mme Pauline CASADIO LORETI, la d\u00e9l\u00e9gation ainsi consentieest exerc\u00e9e :- par Mme OLIVIA VAN HOUTTEGHEM, adjointe \u00e0 la cheffe du bureau des ressources, du pilotageet de la modernisation,- en cas d'absence ou d'emp\u00e9chement de Mme Pauline CASADIO LORETI, et de Mme OLIVIAVAN HOUTTEGHEM par M. Jean-Philippe LOUSSALA, secr\u00e9taire administratif de classe normale,chef de la section budg\u00e9taire et comptable.\nArticle 9\nD\u00e9l\u00e9gation est donn\u00e9e \u00e0 l'effet de signer dans l'application informatique financi\u00e8re de l'\u00c9tat aux fins decertification du service fait et de validation de demande d'achat, dans la limite de leurs attributionsrespectives, aux agents plac\u00e9s sous l'autorit\u00e9 du chef du bureau des ressources, du pilotage et de lamodernisation, dont les noms suivent:- M. Jean-Philippe LOUSSALA, secr\u00e9taire administratif de classe normale, chef de la sectionbudg\u00e9taire et comptable ;- Mme Jeanne PERRIN, adjointe administrative principale de premi\u00e9re classe des administrationsparisiennes ;- M. Olivier ARAGO, adjoint administratif principal de deuxi\u00e8me classe des administrationsparisiennes ;- Mme L\u00e9a STATTNER, agent contractuel de cat\u00e9gorie C;\n2025-04322 4\n\n- Mme Marie THIROUX, agent contractuel de cat\u00e9gorie C.\nArticle 10\nEn cas d'absence ou d'emp\u00e9chement de M. J\u00e9r\u00f4me CHARRET et de Mme Elisabeth THERBY-VALE, lesd\u00e9l\u00e9gations qui leur sont consenties sont exerc\u00e9es en mati\u00e9re contentieuse, de m\u00e9diations et detransactions relatives a la commande publique par Mme Sarah AMIRI, agent contractuelle decat\u00e9gorie A.\n\u00c0 cet effet, elle est habilit\u00e9e \u00e0 repr\u00e9senter le pr\u00e9fet de police devant les juridictions.\nArticle 11\nLe pr\u00e9fet, secr\u00e9taire g\u00e9n\u00e9ral pour l'administration est charg\u00e9 de l'ex\u00e9cution du pr\u00e9sent arr\u00eat\u00e9 qui serapubli\u00e9 aux recueils des actes administratifs des pr\u00e9fectures des d\u00e9partements de la zone de d\u00e9fense etde s\u00e9curit\u00e9 de Paris et affich\u00e9 aux portes de la pr\u00e9fecture de police. Cet arr\u00eat\u00e9 entre en vigueurimm\u00e9diatement.\nFait\u00e0 Paris,le { 5 OCT. 2025\nLa pr\u00e9f\u00e9te, directrice de cabinet,charg\u00e9e de l'int\u00e9rim des fonctions de pr\u00e9fet de police\nDirectrice de CabMet, 5\nMagali CHARBONIWEAU\n2025-01322\n\nPREFECTURE gp Cabinet du pr\u00e9fetDE POLICE ic]Libert\u00e9\u00c9galit\u00e9\narr\u00eat\u00e9 n\u00b0| accordant d\u00e9l\u00e9gation de la signature pr\u00e9fectoraleau sein de la direction de l'innovation, de la logistique et des technologies\nLe pr\u00e9fet de police,\nVU le code g\u00e9n\u00e9ral de la fonction publique, notamment son article L417-5 :\nVU le d\u00e9cret n\u00b0 95-1197 du 6 novembre 1995 modifi\u00e9 portant d\u00e9concentration en mati\u00e8re degestion des personnels de la police nationale;\nVU le d\u00e9cret n\u00b02003-737 du 1\u00b0 ao\u00fbt 2003 portant cr\u00e9ation d'un secr\u00e9tariat g\u00e9n\u00e9ral pourl'administration \u00e0 la pr\u00e9fecture de police;\nVU le d\u00e9cret n\u00b02004-374 du 29 avril 2004 modifi\u00e9 relatif aux pouvoirs des pr\u00e9fets, \u00e0l'organisation et \u00e0 l'action des services de l'\u00c9tat dans les r\u00e9gions et les d\u00e9partements,notamment son article 78 ;\nVU le d\u00e9cret n\u00b0 2013-728 du 12 ao\u00fbt 2013 portant organisation de l'administration centrale duminist\u00e8re de l'int\u00e9rieur et du minist\u00e8re des outre-mer ;\nVU le d\u00e9cret n\u00b0 2014-296 du 6 mars 2014 relatif aux secr\u00e9tariats g\u00e9n\u00e9raux pour l'administrationdu minist\u00e8re de l'int\u00e9rieur et modifiant diverses dispositions du code de la d\u00e9fense et ducode de la s\u00e9curit\u00e9 int\u00e9rieure ;\nVU l'arr\u00eat\u00e9 minist\u00e9riel NOR INTA 1532249A du 24 d\u00e9cembre 2015, relatif aux services charg\u00e9sd'exercer les missions relevant du secr\u00e9tariat g\u00e9n\u00e9ral pour l'administration du minist\u00e8re del'int\u00e9rieur de la zone de d\u00e9fense et de s\u00e9curit\u00e9 de Paris ;\nVU l'arr\u00eat\u00e9 pr\u00e9fectoral n\u00b0 2009-00641 du 7 ao\u00fbt 2009 modifi\u00e9 relatif \u00e0 l'organisation de lapr\u00e9fecture de police ;\nVU l'arr\u00eat\u00e9 n\u00b0 2019-00079 du 24 janvier 2019 autorisant l'installation du syst\u00e8me de vid\u00e9o-protection de la pr\u00e9fecture de police ;\nVU l'arr\u00eat\u00e9 pr\u00e9fectoral n\u00b0 2020-00703 du 8 septembre 2020 modifi\u00e9 relatif aux missions et \u00e0l'organisation de la direction de l'innovation, de la logistique et des technologies ;\nVU le d\u00e9cret du 20juillet 2022 par lequel M. Laurent NUNEZ, pr\u00e9fet, coordonnateur nationaldu renseignement et de la lutte contre le terrorisme, est nomm\u00e9 pr\u00e9fet de police (horsclasse) ;\nVU le d\u00e9cret du 7 septembre 2022 par lequel Mme Magali CHARBONNEAU, pr\u00e9f\u00e8te, directricede cabinet du pr\u00e9fet de la r\u00e9gion d'Ile-de-France, pr\u00e9fet de Paris, est nomm\u00e9e pr\u00e9f\u00e8te,directrice de cabinet du pr\u00e9fet de police ;\nVU le d\u00e9cret du 22 d\u00e9cembre 2022 par lequel M. Philippe LE MOING SURZUR, administrateurg\u00e9n\u00e9ral d\u00e9tach\u00e9 en qualit\u00e9 de sous-pr\u00e9fet hors classe, est nomm\u00e9 pr\u00e9fet, secr\u00e9taire g\u00e9n\u00e9ralpour l'administration de la pr\u00e9fecture de police, \u00e0 compter du 22 d\u00e9cembre 2022;\nVU le d\u00e9cret du 27 f\u00e9vrier 2023 par lequel Mme Anne-Florence CANTON, ing\u00e9nieure g\u00e9n\u00e9raledes mines, est nomm\u00e9 directrice de l'innovation, de la logistique et des technologies \u00e0 lapr\u00e9fecture de police, \u00e0 compter du 15 mars 2023 ;\nVU le d\u00e9cret du 12 octobre 2025 relatif \u00e0 la composition du Gouvernement, portantnomination de M. Laurent NUNEZ en qualit\u00e9 de ministre de l'int\u00e9rieur ;\n\nCONSID\u00c9RANT que M. Laurent NUNIEZ est nom12 octobre 2025 susvis\u00e9 ;1\nm\u00e9 ministre de l'int\u00e9rieur par d\u00e9cret du\nSUR proposition du pr\u00e9fet, secr\u00e9taire g\u00e9n\u00e9ral pour l'administration,\nARRETE\nTITRE 1 - D\u00e9l\u00e9gation de signature g\u00e9n\u00e9rale\nArticle 1\u00b0\nD\u00e9l\u00e9gation est donn\u00e9e \u00e0 Mme Anne-Florence CANTON, ing\u00e9nieure g\u00e9n\u00e9rale des minesdirectrice de l'innovation, de la logistique et des technologies \u00e0 la pr\u00e9fecture de police,directement plac\u00e9e sous l'autorit\u00e9 du pr\u00e9fet, secr\u00e9taire g\u00e9n\u00e9ral pour l'administration, \u00e0 l'effetde signer, au nom du pr\u00e9fet de police et dans la limite de ses attributions, tous actes, arr\u00eat\u00e9s,d\u00e9cisions et pi\u00e8ces comptables n\u00e9cessaires \u00e0 l'exercice des missions fix\u00e9es par l'arr\u00eat\u00e9 du8 septembre 2020 susvis\u00e9, \u00e0 l'exception des march\u00e9s publics dont le montant d\u00e9passe5 millions d'euros TTC.\nPour l'ex\u00e9cution du contrat de partenariat conclu avec la soci\u00e9t\u00e9 IRIS pour la mise en \u0153uvredu plan zonal de vid\u00e9o-protection, d\u00e9l\u00e9gation lui est donn\u00e9e pour signer, dans la limite de300 000 euros annuels TTC, tous les actes, arr\u00eat\u00e9s, d\u00e9cisions et pi\u00e8ces comptables, \u00e0l'exception de ceux ayant Un impact sur la composante R1 du loyer du contrat de partenariat.\nD\u00e9l\u00e9gation lui est \u00e9galement donn\u00e9e, \u00e0 l'effet de signer les d\u00e9cisions individuelles relatives \u00e0l'octroi des cong\u00e9s annuels et de maladie ordinaire des personnels relevant de son autorit\u00e9.\nEn outre, d\u00e9l\u00e9gation est donn\u00e9e \u00e0 Mme CANTON, \u00e0 l'effet de signer, au nom du pr\u00e9fet depolice, les sanctions disciplinaires du premier groupe, avertissement et blame uniquement,inflig\u00e9es aux fonctionnaires du corps d'encadrement et d'application de la police nationaleainsi qu'\u00e0 l'ensemble des personnels administratifs, techniques, scientifiques et sp\u00e9cialis\u00e9s,plac\u00e9s sous son autorit\u00e9.\nD\u00e9l\u00e9gation est aussi donn\u00e9e \u00e0 Mme CANTON, \u00e0 l'effet de signer, au nom du pr\u00e9fet de police,les sanctions disciplinaires d'avertissement et de bl\u00e2me uniquement, inflig\u00e9es aux policiersadjoints plac\u00e9s sous son autorit\u00e9.\nArticle 2\nEn cas d'absence ou d'emp\u00eachement de Mme Anne-Florence CANTON, la d\u00e9l\u00e9gation qui luiest consentie \u00e0 l'article 1\u00b0 est exerc\u00e9e par M. Christophe AUMONIER, administrateur de l'Etatdu grade transitoire, directeur adjoint de l'innovation, de la logistique et des technologies.\nArticle 3\nEn cas d'absence ou d'emp\u00eachement de Mme Anne-Florence CANTON et de M. ChristopheAUMONIER, la d\u00e9l\u00e9gation qui leur est respectivement consentie aux articles 1\u00b0 et 2 estexerc\u00e9e, dans la limite de leurs attributions respectives - \u00e0 l'exception des propositionsd'engagement de d\u00e9penses, des devis, des contrats, des conventions et des march\u00e9ssubs\u00e9quents, des bons de commandes ainsi que des arr\u00eat\u00e9s pronon\u00e7ant des sanctionsdisciplinaires- par :\n- M. Jessy VIOUGEAS, ing\u00e9nieur en chef hors classe, sous-directeur de l'\u00e9quipement etde la logistique;- M.Fr\u00e9d\u00e9ric LECONTE, agent contractuel de cat\u00e9gorie A, sous-directeur destechnologies ;- M. Jean-Luc DAVID, agent contractuel de cat\u00e9gorie A, chef du service du pilotage et dela gouvernance ;M. Michel BOISSONNAT, attach\u00e9 d'administration de l'\u00c9tat hors classe d\u00e9tach\u00e9 dansl'emploi fonctionnel de conseiller d'administration de l'int\u00e9rieur et de l'outre-mer,\n'\n2\n2025-01324\n\nsecr\u00e9taire g\u00e9n\u00e9ral ;- M. Raphael GUERAND, agent contractuel de cat\u00e9gorie A, directeur de programmevid\u00e9o-protection ;- M. Johan CAVIROT, ing\u00e9nieur principal des syst\u00e8mes d'information et decommunication, chef du service de l'innovation et de la prospective ;- M. Julien NALDJIAN LECLERE, attach\u00e9 d'administration de l'Etat, chef de cabinet.\nSous-direction de l'\u00e9quipement et de la logistique\nArticle 4\nHors les circonstances vis\u00e9es \u00e0 l'article 3, d\u00e9l\u00e9gation est donn\u00e9e \u00e0 M. Jessy VIOUGEAS,ing\u00e9nieur en chef hors classe, sous-directeur de l'\u00e9quipement et de la logistique, \u00e0 l'effet designer, dans la limite de ses attributions, les devis, les expressions de besoin, les demandesd'achat, les pi\u00e8ces justificatives de d\u00e9penses dont le montant unitaire ne d\u00e9passe pas 50 000euros TTC et les frais de missions des agents plac\u00e9s sous son autorit\u00e9.\nD\u00e9l\u00e9gation lui est \u00e9galement donn\u00e9e \u00e0 l'effet de signer les actes de constatation de servicefait de tout montant, dans la limite de ses attributions, ainsi que les d\u00e9cisions individuellesrelatives \u00e0 l'octroi des cong\u00e9s annuels des personnels relevant de son autorit\u00e9.\nIl lui est aussi donn\u00e9 d\u00e9l\u00e9gation pour la signature des attributions favorables de moyensmobiles aux directions au titre des biens saisis.\nArticle 5\nEn cas d'absence ou d'emp\u00e9chement de M. Jessy VIOUGEAS, la d\u00e9l\u00e9gation qui lui estconsentie \u00e0 l'article 4 est exerc\u00e9e, dans la limite de leurs attributions respectives, par :- Mme Sa\u00efda BELHOUSSE, attach\u00e9e d'administration de l'Etat, cheffe de la missionorganisation et m\u00e9thode;- Mme Mercedes FERNANDES, attach\u00e9e d'administration de l'Etat, cheffe du bureau degestion des moyens et, en cas d'absence ou d'emp\u00eachement, par Mme Ang\u00e9liqueLAVABRE, attach\u00e9e d'administration de l'Etat, adjointe \u00e0 la cheffe du bureau degestion des moyens ;- M. Jean-Etienne PINGARD, ing\u00e9nieur hors classe des services techniques, d\u00e9tach\u00e9 dansl'emploi fonctionnel de chef des services techniques, chef du service des moyensmobiles;- M. S\u00e9bastien TEYSSIER, ing\u00e9nieur hors classe des services techniques, chef de lamission d'appui \u00e0 l'externalisation et, en cas d'absence ou d'emp\u00e9chement, parM. Souleymane-Jean NDIAYE, attach\u00e9 principal d'administration de l'Etat, adjoint auchef de la mission ;- M.Julien VOLKAERT, ing\u00e9nieur principal des services techniques, d\u00e9tach\u00e9 dans l'emploifonctionnel de chef des services techniques, chef du service des \u00e9quipements deprotection et de s\u00e9curit\u00e9.\nArticle6\nEn cas d'absence ou d'emp\u00eachement de M. Jean-Etienne PINGARD, la d\u00e9l\u00e9gation qui lui estconsentie \u00e0 l'article 5 peut \u00eatre exerc\u00e9e, dans la limite de leurs attributions respectives, par :- M. Emmanuel EGOT, agent contractuel de cat\u00e9gorie A, chef du bureau du maintien encondition op\u00e9rationnelle et en cas d'absence ou d'emp\u00eachement, M. LionelLACHAUD, adjoint au chef de bureau ;- M. Fr\u00e9d\u00e9ric DIJOUX, agent contractuel de cat\u00e9gorie A, chef du bureau de gestion de laflotte et en cas d'absence ou d'emp\u00e9chement, M. Karim KAMOUN, ing\u00e9nieur desservices techniques, adjoint au chef de bureau de gestion de la flotte ;- M, David TROUESSARD, ing\u00e9nieur principal des services techniques, adjoint au chef duservice des moyens mobiles.\n2025-01324\n\nArticle 7\nEn cas d'absence ou d'emp\u00eachement de M. Julien VOLKAERT, la d\u00e9l\u00e9gation qui lui estconsentie \u00e0 l'article 5 peut \u00eatre exerc\u00e9e, dans la limite de leurs attributions respectives, par :\nM. Thomas DE LAFORCADE, agent contractuel de cat\u00e9gorie A, adjoint au chef duservice des \u00e9quipements de protection et de s\u00e9curit\u00e9 ;M. Germain DUVIVIER, ing\u00e9nieur des services techniques, adjoint au chef du bureau del'armement et des moyens de d\u00e9fense :,\n- Mme Canelle FERRE-CARSALADE, ing\u00e9nieure des services techniques, cheffe du bureaude l'armement et des moyens de d\u00e9fense ;M. Stephen VALESCH-MONNEREAU, ing\u00e9nieur des services techniques, chef du bureaudes mat\u00e9riels techniques et sp\u00e9cifiques, et en cas d'absence ou d'emp\u00e9chement, M.J\u00e9r\u00f4me HENON, ing\u00e9nieur des services techniques, adjoint au chef du bureau desmat\u00e9riels techniques et sp\u00e9cifiques.\nSous-direction des technologies\nArticle 8\nHors les circonstances vis\u00e9es \u00e0 l'article 3, d\u00e9l\u00e9gation est donn\u00e9e \u00e0 M. Fr\u00e9d\u00e9ric LECONTE, sous-directeur des technologies, \u00e0 l'effet de signer, dans la limite de ses attributions, les devis, lesexpressions de besoin, les demandes d'achat, les pi\u00e8ces justificatives de d\u00e9penses dont lemontant unitaire ne d\u00e9passe pas 50 000 euros TTC et les frais de missions des agents plac\u00e9ssous son autorit\u00e9.\nD\u00e9l\u00e9gation lui est \u00e9galement donn\u00e9e \u00e0 l'effet de signer les actes de constatation de servicefait de tout montant, dans la limite de ses attributions, ainsi que les d\u00e9cisions individuellesrelatives \u00e0 l'octroi des cong\u00e9s annuels des personnels relevant de son autorit\u00e9.\nIl lui est aussi donn\u00e9 d\u00e9l\u00e9gation pour la signature des attributions favorables de moyensinformatiques et de t\u00e9l\u00e9communication aux directions, au titre des biens saisis.\nArticle 9\nEn cas d'absence ou d'emp\u00eachement de M. Fr\u00e9d\u00e9ric LECONTE, la d\u00e9l\u00e9gation qui lui estconsentie \u00e0 l'article 8 peut \u00eatre exerc\u00e9e, par M. Samy FAILLER, ing\u00e9nieur principal dessyst\u00e8mes d'information et de communication, adjoint au sous-directeur des technologies encharge des infrastructures op\u00e9rationnelles et M. Rachid IGOUTI, ing\u00e9nieur principal dessyst\u00e8mes d'information et de communication, adjoint au sous-directeur des technologies encharge du syst\u00e8me d'information.\nEn cas d'absence ou d'emp\u00eachement de M. Samy FAILLER et M. Rachid IGOUTI, la d\u00e9l\u00e9gationqui leur est consentie est exerc\u00e9e, dans la limite de leurs attributions respectives, par :- Mme Aude DAO-POIRETTE, attach\u00e9e principale d'administration de l'\u00c9tat, cheffe deservice de gestion des moyens et, en cas d'absence ou d'emp\u00eachement, \u00e0 M. Et\u00e9BERTIE, ing\u00e9nieur principal des syst\u00e8mes d'information et de communication, adjointau chef de service ;- M. St\u00e9phane DEWEZ, ing\u00e9nieur en chef, chef du service exploitation et environnementde travail par lettre de mission ;- M. J\u00e9r\u00f4me KERLEAU, agent contractuel de cat\u00e9gorie A, chef du service desapplications et des op\u00e9rations et, en cas d'absence ou d'emp\u00e9chement, \u00e0 M. TeddyGRUB, contractuel de cat\u00e9gorie A;- Mme Nithya NARRAINSAMY, agente contractuelle de cat\u00e9gorie A, en qualit\u00e9 dedirectrice de programme SIG ;- M. Fr\u00e9d\u00e9ric RIEGER, ing\u00e9nieur principal des syst\u00e8mes d'information et decommunication, adjoint au chef de service des infrastructures op\u00e9rationnelles ;\n4\n2025-01324\n\n- Mme Mich\u00e9le ROUSSEL, agente contractuelle de cat\u00e9gorie A, en qualit\u00e9 de directricede programme CCOS.\nService du pilotage et de la gouvernance\nArticle 10\nHors les circonstances vis\u00e9es \u00e0 l'article 3, d\u00e9l\u00e9gation est donn\u00e9e \u00e0 M. Jean-Luc DAVID, chef duservice du pilotage et de la gouvernance, \u00e0 l'effet de signer, dans la limite de ses attributions,les devis, les expressions de besoin, les demandes d'achat, les pi\u00e8ces justificatives de d\u00e9pensesdont le montant unitaire ne d\u00e9passe pas 50 000 euros TTC et les frais de missions des agentsplac\u00e9s sous son autorit\u00e9.\nD\u00e9l\u00e9gation lui est \u00e9galement donn\u00e9e \u00e0 l'effet de signer les actes de constatation de servicefait de tout montant, dans la limite de ses attributions, et les d\u00e9cisions individuelles relatives \u00e0l'octroi des cong\u00e9s annuels des personnels relevant de son autorit\u00e9.\nArticle 11\nEn cas d'absence ou d'emp\u00e9chement de M. Jean-Luc DAVID, la d\u00e9l\u00e9gation qui lui est consentie\u00e0 l'article 10 peut \u00eatre exerc\u00e9e, dans la limite de ses attributions, par Mme Camille PIERRE,agent contractuel de cat\u00e9gorie A, adjointe au chef du service du pilotage et de lagouvernance et par M. R\u00e9gis REBOUL, agent contractuel de cat\u00e9gorie A, directeur deprogramme de la plateforme des appels d'urgence au sein du service du pilotage et de lagouvernance.\nSecr\u00e9tariat g\u00e9n\u00e9ral\nArticle 12\nHors les circonstances vis\u00e9es \u00e0 l'article 3, d\u00e9l\u00e9gation est donn\u00e9e \u00e0 M. Michel BOISSONNAT,secr\u00e9taire g\u00e9n\u00e9ral, \u00e0 l'effet de signer, dans la limite de ses attributions, les devis, lesexpressions de besoin, les demandes d'achats, les pi\u00e8ces justificatives de d\u00e9penses dont lemontant unitaire ne d\u00e9passe pas 50 000 euros TTC et les frais de missions des agents plac\u00e9ssous son autorit\u00e9.\nD\u00e9l\u00e9gation lui est enfin donn\u00e9e \u00e0 l'effet de signer les actes de constatation de service fait detout montant dans la limite de ses attributions, les d\u00e9cisions individuelles relatives \u00e0 l'octroides cong\u00e9s annuels des personnels relevant de son autorit\u00e9 et les d\u00e9cisions individuellesrelatives aux cong\u00e9s de maladie ordinaire et de t\u00e9l\u00e9travail des personnels relevant de ladirection.\nArticle 13\nEn cas d'absence ou d'emp\u00e9chement de M. Michel BOISSON NAT, la d\u00e9l\u00e9gation qui lui estconsentie \u00e0 l'article 12 peut \u00eatre exerc\u00e9e, dans la limite de leurs attributions respectives, par :- M. Bastien GONDRE, attach\u00e9 principal d'administration de l'Etat, chef du d\u00e9partementdes ressources humaines ;- M. Jean-C\u00e9dric PUYLAURENT, attach\u00e9 d'administration de l'Etat, adjoint au chef dubureau des finances, \u00e0 l'exception de la signature des arr\u00eat\u00e9s de t\u00e9l\u00e9travail ;- M. Philippe MOUSNY, ing\u00e9nieur des services techniques, chef du d\u00e9partementimmobilier et conditions de travail, \u00e0 l'exception de la signature des arr\u00eat\u00e9s det\u00e9l\u00e9travail.\nArticle 14\nEn cas d'absence ou d'emp\u00eachement de M. Bastien GONDRE, la d\u00e9l\u00e9gation qui lui estconsentie \u00e0 l'article 13 peut \u00eatre exerc\u00e9e, dans la limite de leurs attributions respectives, et \u00e0l'exception de la signature des arr\u00eat\u00e9s de t\u00e9l\u00e9travail par :\n2025-01324 ;\n\nMme Sylvie CAETANO, attach\u00e9e d'administration de l'Etat, cheffe du bureau del'accompagnement des personnels ;- Mme Agn\u00e8s LACASTE, attach\u00e9e d'administration de l'Etat, cheffe du bureau de lagestion des personnels, et, en cas d'absence ou d'emp\u00eachement, par Mme CaroleGROUZARD, attach\u00e9e d'administration de l'Etat, adjointe \u00e0 la cheffe de bureau.\nArticle 15\nEn cas d'absence ou d'emp\u00eachement de M. Jean-C\u00e9dric PUYLAURENT, la d\u00e9l\u00e9gation qui lui estconsentie \u00e0 l'article 13 peut \u00eatre exerc\u00e9e, dans la limite de leurs attributions, par :- M. Thomas VERNE, attach\u00e9 principal d'administration de l'Etat, chef du bureau del'achat, et en cas d'absence ou d'emp\u00eachement, par M. C\u00e9dric JOSEPH-PARFAITE,agent contractuel de cat\u00e9gorie A, adjoint au chef de bureau.\nArticle 16\nEn cas d'absence ou d'emp\u00e9chement de M. Philippe MOUSNY, la d\u00e9l\u00e9gation qui lui estconsentie \u00e0 l'article 13 peut \u00eatre exerc\u00e9e, dans la limite de leurs attributions respectives, par :- Mme Hanna AACHA, secr\u00e9taire administrative de classe normale, adjointe \u00e0 la cheffede section logistique ;- M. Romain JEANNIN, attach\u00e9 d'administration de l'Etat, charg\u00e9 de mission ;- Mme G\u00e9raldine WERKHAUSER-BERTRAND, attach\u00e9e d'administration de l'Etat, cheffedu bureau de l'immobilier.\nDirection de programme vid\u00e9o-protection\nArticle 17\nHors les circonstances vis\u00e9es \u00e0 l'article 3, d\u00e9l\u00e9gation est donn\u00e9e \u00e0 M. Raphael GUERAND,directeur de programme vid\u00e9o-protection, \u00e0 l'effet de signer, dans la limite de ses attributions,les devis, les expressions de besoin, les demandes d'achat, les pi\u00e8ces justificatives de d\u00e9pensesdont le montant unitaire ne d\u00e9passe pas 50 000 euros TTC et les frais de missions des agentsplac\u00e9s sous son autorit\u00e9.\nD\u00e9l\u00e9gation lui est \u00e9galement donn\u00e9e \u00e0 l'effet de signer les actes de constatation de servicefait de tout montant, dans la limite de ses attributions, et les d\u00e9cisions individuelles relatives \u00e0l'octroi des cong\u00e9s annuels des personnels relevant de son autorit\u00e9.\nArticle 18\nEn cas d'absence ou d'emp\u00e9chement de M. Raphael GUERAND, la d\u00e9l\u00e9gation qui lui estconsentie \u00e0 l'article 17 peut \u00eatre exerc\u00e9e, dans la limite de ses attributions, par Mme JenniferGAUTHIER, ing\u00e9nieure SIC, adjointe au directeur de programme vid\u00e9o-protection.\nService de l'innovation et de la prospective\nArticle 19\nHors les circonstances vis\u00e9es \u00e0 l'article 3, d\u00e9l\u00e9gation de signature est accord\u00e9e \u00e0 M. JohanCAVIROT, chef du service de l'innovation et de la prospective, pour signer, dans la limite deses attributions, les d\u00e9cisions individuelles relatives \u00e0 l'octroi des cong\u00e9s annuels ainsi que lesengagements de frais de mission des personnels plac\u00e9s sous son autorit\u00e9.D\u00e9l\u00e9gation lui est \u00e9galement donn\u00e9e \u00e0 l'effet d'engager juridiquement la pr\u00e9fecture de police\n2025-01324\n6\n\ndans le cadre des projets de recherche europ\u00e9ens et \u00e0 signer, dans la limite de sescomp\u00e9tences, l'ensemble des actes, d\u00e9cisions, pi\u00e8ces comptables, ordonnances de d\u00e9l\u00e9gationet correspondances courantes.\nCabinet\nArticle 20\nHors les circonstances vis\u00e9es \u00e0 l'article 3, d\u00e9l\u00e9gation est donn\u00e9e \u00e0 M. Julien NALDJIANLECLERE, chef de cabinet, \u00e0 l'effet de signer, dans la limite de ses attributions, les d\u00e9cisionsindividuelles relatives \u00e0 l'octroi des cong\u00e9s annuels, ainsi que les frais de missions despersonnels relevant de son autorit\u00e9.\nTITRE 2 - D\u00e9l\u00e9gation de signature relative \u00e0 la cha\u00eene de la d\u00e9pense\nArticle 21\nD\u00e9l\u00e9gation est donn\u00e9e \u00e0 M. Michel BOISSONNAT, secr\u00e9taire g\u00e9n\u00e9ral, et M. Jean-C\u00e9dricPUYLAURENT, adjoint au chef du bureau des finances \u00e0 l'effet de signer, au nom du pr\u00e9fet depolice et dans la limite de leurs attributions respectives, tous actes, d\u00e9cisions, pi\u00e8cescomptables (notamment les devis, les demandes d'achat, les engagements juridiques, lesd\u00e9penses de la r\u00e9gie d'avances, les actes de constatation et de certification de service fait, lespropositions de liquidation, les transferts, les ordonnances de paiement, les pi\u00e8cesjustificatives de d\u00e9penses, les ordres de recettes, les pi\u00e8ces justificatives de recettes ainsi queles \u00e9tats de cr\u00e9ances) \u00e9mis, dans le cadre du p\u00e9rim\u00e8tre d'ex\u00e9cution budg\u00e9taire confi\u00e9 \u00e0 ladirection de l'innovation, de la logistique et des technologies.\nArticle 22\nD\u00e9l\u00e9gation est donn\u00e9e \u00e0 l'effet de signer, au nom du pr\u00e9fet de police, les actes comptables(notamment les devis, les demandes d'achat, les propositions d'engagement et engagementsjuridiques, les actes de constatation et de certification de service fait, les actes deconstatation et de certification de service r\u00e9alis\u00e9, les propositions de liquidation, lestransferts, les ordonnances de paiement, les titres de recettes, les ordres de recettes, lespi\u00e8ces justificatives de recettes ainsi que les \u00e9tats de cr\u00e9ances) \u00e9mis, dans le cadre dup\u00e9rim\u00e8tre d'ex\u00e9cution budg\u00e9taire confi\u00e9 \u00e0 la direction de l'innovation, de la logistique et destechnologies, aux agents plac\u00e9s sous l'autorit\u00e9 de M. Jean-C\u00e9dric PUYLAURENT dont les nomssuivent, dans la limite de leurs attributions respectives :M. St\u00e9phane BOITTE, adjoint administratif principal de 1** classe, gestionnairebudg\u00e9taire \u00e0 la section des \u00e9quipements de protection et de s\u00e9curit\u00e9 ;- Mme Ihssan BOUHAOUITA, adjointe administrative, gestionnaire budg\u00e9taire \u00e0 lasection des syst\u00e8mes d'information et de communication ;- Mme Amande BOUZIMBOU MPOMBO, adjointe administrative de 2\u00e8me classe,gestionnaire budg\u00e9taire \u00e0 la section des moyens mobiles ;- M. Olivier BROGLY, secr\u00e9taire administratif de classe normale, charg\u00e9 du suivi de laprogrammation ;- Mme Am\u00e9lie DELACROIX, agente contractuelle de cat\u00e9gorie C, gestionnairebudg\u00e9taire \u00e0 la section informatique et communication ;- Mme Karine ERICHER, secr\u00e9taire administrative de classe normale, cheffe de la sectiondes \u00e9quipements de protection et de s\u00e9curit\u00e9 ;- M. Teddy GRILLON, adjoint administratif principal de 2\u00e8me classe, gestionnairebudg\u00e9taire \u00e0 la section des \u00e9quipements, de protection et de s\u00e9curit\u00e9 ;- Mme Aurianne LACASTE, adjointe administrative principale de 2\u00e8me classe,gestionnaire budg\u00e9taire \u00e0 la section informatique et communication ;- M. Fabrice MUNIER, secr\u00e9taire administratif de classe normale, charg\u00e9 du suivi de laprogrammation ;\n2025-01324\n\nM. Rachid OUARAB, adjoint administratifachid | ! principal de 2\u00e8me  classe, gestionnairebudg\u00e9taire \u00e0 la section des moyens mobiles ;Mme Christine ROGER, secr\u00e9taire administrative de classe normale, cheffe de lasection des syst\u00e8mes d'information et de communication i;M. Segbe TAMBLA, adjoint administratif principal de 2\u00e8me classe, gestionnairebudg\u00e9taire \u00e0 la section informatique et communication ;M. S\u00e9bastien TIRACHE, adjoint administratif principal de 2\u00e8me classe, gestionnairebudg\u00e9taire \u00e0 la section informatique et communication iJanine TRAD, adjointe administrative principale de 1\u00e8re classe, gestionnaire budg\u00e9taire\u00e0 la section des moyens mobiles;Mme Paule-Elise WYDER, secr\u00e9taire administrative de classe normale, cheffe de lasection des moyens mobiles;Mme Sabrina ZIRAR TEBAL, adjointe administrative principale de 2\u00e8me classe,gestionnaire budg\u00e9taire \u00e0 la section des \u00e9quipements, de protection et de s\u00e9curit\u00e9.\nD\u00e9l\u00e9gation de signature relative au syst\u00e8me d'information financi\u00e8re CHORUS\nArticle 23\nD\u00e9l\u00e9gation est donn\u00e9e \u00e0 l'effet de signer, au nom du pr\u00e9fet de police, les actes comptables(notamment les devis, les expressions de besoin, les actes de constatation de service fait, lespi\u00e8ces justificatives de d\u00e9penses), aux agents de la sous-direction de l'\u00e9quipement et de lalogistique, de la sous-direction des technologies, du service du pilotage de la gouvernance, dusecr\u00e9tariat g\u00e9n\u00e9ral et du cabinet, dont les noms suivent, dans la limite de leurs attributionsrespectives :\nPour la sous-direction de l'\u00e9quipement et de la logistique :M. Jessy VIOUGEAS, ing\u00e9nieur en chef hors classe.\nBureau de gestion des moyens :Mme Mercedes FERNANDES, attach\u00e9e d'administration de l'Etat ;M. Mathieu FILLOUX, secr\u00e9taire administratif de classe sup\u00e9rieure;Mme Ang\u00e9lique LAVABRE, attach\u00e9e d'administration de l'Etat ;Mme Audrey MARIT-LELEUX, secr\u00e9taire administrative de classe exceptionnelle ;M. Amaury VOILLEMIN, secr\u00e9taire administratif de classe sup\u00e9rieure.\nService des moyens mobiles :\n2025-01324\nM. \u00c9ric AUBIN, contr\u00f4leur des services techniques de classe normale ;M. Jean-Michel ARNOULD, commandant divisionnaire de police ;M. Patrick ARPIN, adjoint technique principal de 1\u00b0 classe ;M. Aur\u00e9lien BAHERRE, adjoint technique principal de 1\u00b0\" classe ;M. Christophe BANCAREL, major de police ;M. Sekou BAYOKO, contr\u00f4leur des services techniques de classe normale ;M. Romain BLOT, brigadier-chef de classe normale ;Mme Najat BOUCHADDA, adjointe technique principale de 2\u00b0\"* classe ;Mme Patricia BOUR, secr\u00e9taire administrative de classe normale ;M. Francois BOURGARY, contr\u00f4leur des services techniques de classe normale ;Mme Patricia BOYARD, adjointe administrative principale de 2\u00e8re classe ;M. Benoit BRIAN, adjoint administratif principal de 2\u00b0\"* classe;Mme Isabelle BRIAND, secr\u00e9taire administrative de classe sup\u00e9rieure ;Mme Brigitte CADET DE FONTENAY, agente contractuelle de cat\u00e9gorie C ;M. Guillaume CANAL, brigadier-chef de classe sup\u00e9rieure ;M. Laurent CHAGROT, major de police \u00e0 l'\u00e9chelon exceptionnel ;\n8\n\n- Mme Christine CLAMENS, technicienne des syst\u00e8mes d'information et decommunication de classe normale ;- M. Johann COUSSOT, adjoint technique principal de 1\u00e9re classe ;. Nicolas DARENNE, adjoint technique principal de 2\u00aeTM\u00a2 classe ;- Daniel DAUPHIN, major responsable d'unit\u00e9 locale de police;. Tony DESARRANNO, contr\u00f4leur des services techniques de classe normale ;. \u00c9ric DESCHARMES, adjoint technique principal de 1#* classe:. Fr\u00e9d\u00e9ric DIJOUX, agent contractuel de cat\u00e9gorie A;- Franck DOUARRE technicien sup\u00e9rieur;. Erick DUPUIS, ing\u00e9nieur principal des services techniques;- Emmanuel EGOT, agent contractuel de cat\u00e9gorie A;- Philippe FAGETE, adjoint technique principal de 1\u00b0\u00b0 classe ;- Thierry FARNEAULT, adjoint administratif principal de 1\" classe ;. Pascal FAUCHERIE, adjoint technique principal de 1** classe ;. Manuel FERREIRA, contr\u00f4leur des services techniques de classe normale ;. Pascal FERREIRA-VELHO, adjoint technique principal de 1\u00ae* classe;- Fabien FILLION, contr\u00f4leur de services techniques de classe normale ;- Emmanuel FROMENT, contr\u00f4leur des services techniques de classe sup\u00e9rieure ;. Florian GOUET, agent contractuel de cat\u00e9gorie C ;\n'\nSZ3535 533 3RBETTITTETZRZ\n. Vitor GUERREIRO, adjoint technique principal de 1*\u00b0 classe ;- Mme Jennifer GUILLEMER, adjointe administrative principale de 2\u00b0\u00b0 classe ;- M. Paul GUIRAND, adjoint technique principal de 2\u00b0\" classe ;- Mme Alexandra GUILLON, adjointe administrative principale de 2\u00b0\" classe ;- M.Omar HABHOUB, adjoint technique principal de2\u00e9me classe ;\n- M. Laurent HUART, major de police \u00e0 l'\u00e9chelon exceptionnel ;\n- M. Philippe HUYNH-GALLAIS, brigadier-chef de classe sup\u00e9rieure;- Mme Elisabeth JOUANNY, secr\u00e9taire administrative de classe normale ;\n. Karim KAMOUN, ing\u00e9nieur des services techniques ;\n. Yann L'HOEST-MARTIN, adjoint technique principal de 1\u00b0\" classe ;. Lionel LACHAUD, agent contractuel de cat\u00e9gorie A ;. Jean-Pierre LARCHER, adjoint technique principal de 2\u00b0\" classe ;. R\u00e9gis LEFEBVRE, contr\u00f4leur de services techniques de classe sup\u00e9rieure;. Nicolas LEGENDRE, adjoint technique principal de 1** classe;. Franck LEROY, adjoint technique principal de 1\u00b0 classe ;. Sylvain LESPAGNOL, contr\u00f4leur des services technique de classe normale ;. Emmanuel LOBE, contr\u00f4leur des services techniques de classe normale ;. Franck LUSSIAUD, major responsable d'unit\u00e9 locale de police ;. Nicolas MARCHAND, adjoint technique principal de 1\u00b0\" classe ;. Henrique MARME, contr\u00f4leur des services techniques de classe sup\u00e9rieure ;. Christophe MARTINEAU, ing\u00e9nieur des services techniques ;- M. Fr\u00e9d\u00e9ric MAZZUCATO, major responsable d'unit\u00e9 locale de police ;- Mme Sandrine METIVIER-EGRE, brigadi\u00e8re cheffe de classe sup\u00e9rieure ;- M. Aristide NGWANOU PORO, contr\u00f4leur des services techniques de classe normale ;- M. Daniel NIVERT, adjoint administratif principal de 1** classe;- M. Laurent NORE, adjoint technique principal de 1\u00b0\" classe ;- M. Pascal OLEJARZ, adjoint technique principal de 1\u00b0\" classe ;\nZX  XZZ2Z22ZXZZZ<Zzx\n9\n9025-01324\n\nM. Jean-Etienne PINGARD, ing\u00e9nieur hors classe des services techniques, d\u00e9tach\u00e9 dansl'emploi fonctionnel de chef des services techniques, chef du service des moyensmobiles ;Mme Sylviane PRECOPE, adjointe administrative principale de 2\u00b0\" classe ;M. Carlos RIBEIRO, ing\u00e9nieur des services techniques ;M. Jean-Philippe ROYER, contr\u00f4leur des services techniques de classe sup\u00e9rieure ;M. Benoit SALZARD, brigadier-chef de classe sup\u00e9rieure ;M. Janny SENECHAL, contr\u00f4leur des services techniques de classe sup\u00e9rieure ;M. Luc SIRI, brigadier-chef de classe sup\u00e9rieure ;M. David TROUESSARD, ing\u00e9nieur principal des services techniques ;M. Jean-Baptiste VENTI, contr\u00f4leur des services techniques de classe normale ;M. Thomas VERON, contr\u00f4leur des services techniques de classe normale ;M. J\u00e9r\u00e9my VILLAGRASA, adjoint technique principal de 22\u00b0 classe ;Mme Clothilde WEBER, adjointe administrative principale de 2?\"\u00b0 classe.Service des \u00e9quipements de protection et de s\u00e9curit\u00e9 :M. Maxence BOISSON, adjoint technique ;M. Thomas DE LAFORCADE, agent contractuel de cat\u00e9gorie A;M. Germain DUVIVIER, ing\u00e9nieur des services techniques;Mme Canelle FERRE-CARSALADE, ing\u00e9nieure des services techniques ;Mme Aur\u00e9lie GOMIS, adjointe administrative principal de 1** classe ;M. J\u00e9r\u00f4me HENON, ing\u00e9nieur des services techniques ;Mme Sandra NAINE, secr\u00e9taire administrative de classe normale ;M. Stephen VALESCH-MONNEREAU, ing\u00e9nieur des services techniques ;M. Julien VOLKAERT, ing\u00e9nieur principal des services techniques, d\u00e9tach\u00e9 dans l'emploifonctionnel de chef des services techniques, chef du service des \u00e9quipements deprotection et de s\u00e9curit\u00e9.\nMission d'appui \u00e0 I'externalisation :M. Souleymane-Jean NDIAYE, attach\u00e9 principal d'administration de l'Etat ;M. S\u00e9bastien TEYSSIER, ing\u00e9nieur hors classe des services techniques.\nPour la sous-direction des technologies :\n2025-01324\nM. Olivier BALUSSEAUD, secr\u00e9taire administratif de classe sup\u00e9rieure ;M. Daoud BELBEKHOUCHE, attach\u00e9 d'administration de l'Etat ;Mme Iris BELHEDI, adjointe administrative principale 1** classe ;M. Et\u00e9 BERTIE, ing\u00e9nieur principal des syst\u00e8mes d'information et de communication ;Mme Nadia BONNEMAIN, secr\u00e9taire administrative de classe normale ;Mme Aude DAO-POIRETTE, attach\u00e9e principale d'administration de l'Etat ;M. St\u00e9phane DEWEZ, ing\u00e9nieur en chef;M. Samy FAILLER, ing\u00e9nieur principal des syst\u00e8mes d'information et decommunication ;M. David GIRAULT, adjoint administratif principal de 1%\" classe ;M. Rachid IGOUTI, ing\u00e9nieur principal des syst\u00e8mes d'information et decommunication ;M. Djibril KABELA, attach\u00e9 d'administration de l'Etat;M. Abdel KAFANDO, adjoint administratif principal de 2\u00b0\" classe ;Mme Fran\u00e7oise KANCEL, adjointe administrative principale de 1\u00b0* classe ;M. Olivier LEMONNIER, technicien sup\u00e9rieur;\n10\n\n- Mme Barphy MATSIKA, adjointe administrative principale 2?\" classe ;- Mme No\u00e9lle NGUYEN VAN PHUC, agente contractuelle de cat\u00e9gorie A ;- M. Arnaud PERNET, secr\u00e9taire administratif de classe normale :,\n- M. Fr\u00e9d\u00e9ric RIEGER, ing\u00e9nieur principal des syst\u00e8mes d'information et decommunication ;- M. Alain RIGOT, technicien de classe sup\u00e9rieure des syst\u00e8mes d'information et decommunication ;\n- M. Yacine ROBIN, adjoint administratif principal 2\u00e8\"e classe ;- Mme Marie-France TOMBURELLO, adjointe administrative principale de 1\u00b0\" classe.Pour le service du pilotage et de la gouvernance :- M. Jean-Luc DAVID, agent contractuel de cat\u00e9gorie A.Pour le Secr\u00e9tariat g\u00e9n\u00e9ral :- Mme Hanna AACHA, secr\u00e9taire administrative de classe normale ;- M. Romain JEANNIN, attach\u00e9 d'administration de l'Etat ;- M. Ludovic PHALEMPIN, adjoint technique principale de 1?\" classe ;- Mme G\u00e9raldine WERKHAUSER-BERTRAND, attach\u00e9e d'administration de l'Etat.Pour le cabinet :- M.Julien NALDJIAN LECLERE, attach\u00e9 d'administration de l'Etat.\nArticle 24\nD\u00e9l\u00e9gation est donn\u00e9e \u00e0 l'effet de signer, au nom du pr\u00e9fet de police, les actes deconstatation de service fait, aux agents approvisionneurs de la sous-direction de l'\u00e9quipementet de la logistique, de la sous-direction des technologies et du secr\u00e9tariat g\u00e9n\u00e9ral, dont lesnoms suivent, dans la limite de leurs attributions respectives :\nPour la sous-direction de l'\u00e9quipement et de la logistique :\nBureau de gestion des moyens :- M. Mathieu FILLOUX, secr\u00e9taire administratif de classe sup\u00e9rieure ;- Mme Audrey MARIT-LELEUX, secr\u00e9taire administrative de classe exceptionnelle ;\n- M.Amaury VOILLEMIN, secr\u00e9taire administratif de classe sup\u00e9rieure.\nService des moyens mobiles :- M. \u00c9ric AUBIN, contr\u00f4leur des services techniques de classe normale ;- M.Jean-Michel ARNOULD, commandant divisionnaire de police ;- M. Patrick ARPIN, adjoint technique principal de 1\" classe ;- M. Aur\u00e9lien BAHERRE, adjoint technique principal de 1\u00b0\" classe ;- M.Christophe BANCAREL, major de police ;- M.Sekou BAYOKO, contr\u00f4leur des services techniques de classe normale ;- M.Romain BLOT, brigadier-chef de classe normale;- Mme Najat BOUCHADDA, adjointe technique principale de 2\u00b0\"* classe ;- Mme Patricia BOUR, secr\u00e9taire administrative de classe normale ;- M. Francois BOURGARY, contr\u00f4leur des services techniques de classe normale ;- Mme Patricia BOYARD, adjointe administrative principale de 2\u00b0\" classe ;- M. Benoit BRIAN, adjoint administratif principal de 2\u00b0\" classe ;- Mme Isabelle BRIAND, secr\u00e9taire administrative de classe sup\u00e9rieure ;- Mme Brigitte CADET DE FONTENAY, agente contractuelle de cat\u00e9gorie C ;M. Guillaume CANAL, brigadier-chef de classe sup\u00e9rieure ;M. Laurent CHAGROT, major de police \u00e0 l'\u00e9chelon exceptionnel ;\n2025-01324 \"\n\nMme Christine CLAMENS, technicienne des syst\u00e8mes d'information et decommunication de classe normale ;M. Johann COUSSOT, adjoint technique principal de 1\u00e9re classe ;M. Nicolas DARENNE, adjoint technique principal de 2\u00e8\"\u00b0 classe;. Daniel DAUPHIN, major responsable d'unit\u00e9 locale de Police ;- Tony DESARRANNO, contr\u00f4leur des services techniques de classe normale ;. Eric DESCHARMES, adjoint technique principal de 1*\u00b0 classe :- Fr\u00e9d\u00e9ric DIJOUX, agent contractuel de cat\u00e9gorie A ;. Franck DOUARRE, technicien sup\u00e9rieur;. Erick DUPUIS, ing\u00e9nieur principal des services techniques ;- Philippe FAGETE, adjoint technique principal de 1** classe ;. Thierry FARNEAULT, adjoint administratif principal de 1** classe ;. Pascal FAUCHERIE, adjoint technique principal de 1\" classe ;. Manuel FERREIRA, contr\u00f4leur des services techniques de classe normale ;. Pascal FERREIRA-VELHO, adjoint technique principal de 1** classe;. Fabien FILLION, contr\u00f4leur de services techniques de classe normale ;. Emmanuel FROMENT, contr\u00f4leur des services techniques de classe sup\u00e9rieure ;. Florian GOUET, agent contractuel de cat\u00e9gorie C ;\nSS EZSEEBEBEB23 E323 23222\n. Vitor GUERREIRO, adjoint technique principal de 1* classe ;Mme Jennifer GUILLEMER, adjointe administrative principale de 2\u00b0\" classe ;M. Paul GUIRAND, adjoint technique principal de 2\u00b0\" classe;Mme Alexandra GUILLON, adjointe administrative principale de 2\u00aeTM\u00a2 classe ;M. Omar HABHOUB, adjoint technique principal de 2\u00e8me classe ;M. Laurent HUART, major de police \u00e0 l'\u00e9chelon exceptionnel ;M. Philippe HUYNH-GALLAIS, brigadier-chef de classe sup\u00e9rieure ;Mme Elisabeth JOUANNY, secr\u00e9taire administrative de classe normale ;\n. Karim KAMOUN, ing\u00e9nieur des services techniques ;. Yann L'HOEST-MARTIN, adjoint technique principal de 1\u00b0\" classe ;. Jean-Pierre LARCHER, adjoint technique principal de 2\u00b0\" classe;. R\u00e9gis LEFEBVRE, contr\u00f4leur de services techniques de classe sup\u00e9rieure ;. Nicolas LEGENDRE, adjoint technique principal de 1\u00b0\" classe ;. Franck LEROY, adjoint technique principal de 1*\" classe ;. Sylvain LESPAGNOL, contr\u00f4leur des services technique de classe normale ;. Emmanuel LOBE, contr\u00f4leur des services techniques de classe normale ;. Franck LUSSIAUD, major responsable d'unit\u00e9 locale de police ;. Nicolas MARCHAND, adjoint technique principal de 1\u00b0\" classe ;. Henrique MARME, contr\u00f4leur des services techniques de classe sup\u00e9rieure ;. Christophe MARTINEAU, ing\u00e9nieur des services techniques ;. Fr\u00e9d\u00e9ric MAZZUCATO, major responsable d'unit\u00e9 locale de police ;Mme Sandrine METIVIER-\u00c9GR\u00c9, brigadi\u00e8re chef de classe sup\u00e9rieure ;M. Aristide NGWANOU PORO, contr\u00f4leur des services techniques de classe normale ;M. Daniel NIVERT, adjoint administratif principal de 1\u00b0\" classe ;M. Laurent NORE, adjoint technique principal de 1\u00b0 classe ;M. Pascal OLEJARZ, adjoint technique principal de 1\u00b0 classe ;Mme Sylviane PRECOPE, adjointe administrative principale de 2\u00b0\"* classe ;M. Carlos RIBEIRO, ing\u00e9nieur des services techniques ;\nZEEE SEB SB 322 E 522 5\n12\n2025-01324\n\nM. Jean-Philippe ROYER, contr\u00f4leur des services techniques de classe sup\u00e9rieure ;M. Benoit SALZARD, brigadier-chef de classe sup\u00e9rieure ;M. Janny SENECHAL, contr\u00f4leur des services techniques de classe sup\u00e9rieure ;M. Luc SIRI, brigadier-chef de classe sup\u00e9rieure ;M. Jean-Baptiste VENTI, contr\u00f4leur des services techniques de classe normale ;M. Thomas VERON, contr\u00f4leur des services techniques de classe normale ;M. J\u00e9r\u00e9my VILLAGRASA, adjoint technique principal de 2\u00b0\"\u00b0 classe ;Mme Clothilde WEBER, adjointe administrative principale de 2\u00b0\" classe.\nService des \u00e9quipements de protection et de s\u00e9curit\u00e9 :M. Maxence BOISSON, adjoint technique ;Mme Aur\u00e9lie GOMIS, adjointe administrative principale de 1** classe ;Mme Sandra NAINE, secr\u00e9taire administrative de classe normale.\nPour la sous-direction des technologies :\nM. Olivier BALUSSEAUD, secr\u00e9taire administratif de classe sup\u00e9rieure ;Mme Iris BELHEDI, adjointe administrative principale de 1** classe ;Mme Nadia BONNEMAIN, secr\u00e9taire administrative de classe normale ;M. St\u00e9phane DEWEZ, ing\u00e9nieur en chef;M. David GIRAULT, adjoint administratif principal de 1\u00b0\" classe;M. Djibril KABELA, attach\u00e9 de l'administration de l'Etat ;M. Abdel KAFANDO, adjoint administratif principal de 2\u00b0 classe ;Mme Fran\u00e7oise KANCEL, adjointe administrative principale de 1\u00b0\" classe;M. Olivier LEMONNIER, technicien de classe sup\u00e9rieure ;Mme L\u00e9a LOPEZ, adjointe administrative principale de 2\u00b0TM classe ;Mme Barphy MATSIKA, adjointe administrative principale de 2\u00b0\" classe ;Mme No\u00eblle NGUYEN VAN PHUC, agente contractuelle de cat\u00e9gorie A ;Mme P\u00e9n\u00e9love NKOUNKOU MIATOUDI, adjointe administrative principale de 2\u00b07\u00b0classe ;M. Arnaud PERNET, secr\u00e9taire administratif de classe normale ;M. Fr\u00e9d\u00e9ric RIEGER, ing\u00e9nieur principal des syst\u00e8mes d'information et decommunication ;M. Alain RIGOT, technicien de classe sup\u00e9rieure des syst\u00e8mes d'information et decommunication ;M. Yacine ROBIN, adjoint administratif principal de 2\u00b0\"* classe ;Mme Marie-France TOMBURELLO, adjointe administrative principale de 1*\" classe.\nPour le secr\u00e9tariat g\u00e9n\u00e9ral :M. Nicolas AFTALION, adjoint administratif principal de 2\u00b0\" classe ;Mme Sophie BALANQUEUX, adjointe administrative principal de 2\u00b0\"* classe;M. Anham BAURAS, adjoint technique principal de 2\u00b0\" classe ;Mme lhssan BOUHAOUITA, adjointe administrative ;Mme Amanda Julia BOUZIMBOU MPOMBO, adjointe administrative principale de 27\u00b0classe;M. Dimitri CARIGNY, adjoint administratif de 2\u00b0\" classe ;M. Romain COUSIN, adjoint technique principal de 2\u00b0\" classe ;Mme Am\u00e9lie DELACROIX, agente contractuelle de cat\u00e9gorie C ;M. Thibault GEOFFROY, adjoint administratif principal de 2\u00b0\" classe ;M. Jordan GRACIA, adjoint administratif principal de 2\u00b0\" classe ;M. Teddy GRILLON, adjoint administratif principal de 2\u00b0\" classe ;13\n2025-01324\n\n- _M. James HAROUET, adjoint technique principal de 2\u00b0 classe ;- M. Romain JEANNIN, attach\u00e9 de l'administration de l'Etat :0\n- Mme Aurianne LACASTE, adjointe administrative principale de 2\u00b0\" classe ;,\n- M.Tom LY, adjoint technique de 2\u00b0\"\u00b0 classe :- M. Pierre MENERET, adjoint administratif principal de 2\u00e8\"\u00b0 classe;- M. Rachid OUARAB, adjoint administratif principal de 2\u00e8\"\u00b0 classe ;,\n- M. Ludovic PHALEMPIN, adjoint technique principal de 1*\u00b0 classe;- M. Segbe TAMBLA, adjoint administratif principal de 2\u00e8\"\u00b0 classe ;0\n- M. S\u00e9bastien TIRACHE, adjoint administratif principal de 2\u00b0\"\u00b0 classe :- Mme Janine TRAD, adjointe administrative principale de 1** classe;- Mme Sabrina ZIRAR-TEBAL, adjointe administrative principale de 2\u00e8\"\u00b0 classe.\nD\u00e9l\u00e9gation de signature relative au syst\u00e8me d'information financi\u00e8re CORIOLIS\nArticle 25\nD\u00e9l\u00e9gation est donn\u00e9e \u00e0 l'effet de signer, au nom du pr\u00e9fet de police, les actes comptables(notamment les propositions de liquidation et les transferts) \u00e9mis, dans le cadre du p\u00e9rim\u00e8tred'ex\u00e9cution budg\u00e9taire du budget sp\u00e9cial confi\u00e9 \u00e0 la direction de l'innovation, la logistique etdes technologies, aux agents plac\u00e9s sous l'autorit\u00e9 de M. Jean-C\u00e9dric PUYLAURENT, dont lesnoms suivent, dans la limite de leurs attributions respectives :M. St\u00e9phane BOITTE, adjoint administratif principal de 1\u00b0 classe ;- Mme Ihssan BOUHAOUITA, adjointe administrative;- Mme Amanda Julia BOUZIMBOU MPOMBO, adjointe administrative principale de 2\u00e8\"<classe;- M. Olivier BROGLY, secr\u00e9taire administratif de classe normale ;- Mme Am\u00e9lie DELACROIX, agente contractuelle de cat\u00e9gorie C ;- Mme Karine ERICHER, secr\u00e9taire administrative de classe normale ;- M. Jordan GRACIA, adjoint administratif principal de 2?\" classe ;- M. Teddy GRILLON, adjoint administratif principal de 2\u00b0\"* classe ;- Mme Aurianne LACASTE, adjointe administrative principale de 2\u00b0 classe ;- M. Fabrice MUNIER, secr\u00e9taire administratif de classe normale ;- M. Rachid OUARAB, adjoint administratif principal de 2\u00b0\" classe ;- M.Segbe TAMBLA, adjoint administratif principal de 2\u00b0\"* classe ;- M. S\u00e9bastien TIRACHE, adjoint administratif principal de 2\u00b0\" classe ;- Mme Janine TRAD, adjointe administrative principale de 1** classe ;- Mme Paule Elise WYDER, secr\u00e9taire administrative de classe normale ;- Mme Sabrina ZIRAR-TEBAL, adjointe administrative principale de 2\u00b0TM* classe.\nArticle 26\nD\u00e9l\u00e9gation est donn\u00e9e \u00e0 l'effet de signer, au nom du pr\u00e9fet de police, les actes comptables(notamment les devis, les demandes d'achat, les actes de constatation de service r\u00e9alis\u00e9s, lespi\u00e8ces justificatives de d\u00e9penses) \u00e9mis, dans le cadre du p\u00e9rim\u00e8tre d'ex\u00e9cution budg\u00e9taire dubudget sp\u00e9cial confi\u00e9 \u00e0 la direction de l'innovation, la logistique et des technologies, auxagents de la sous-direction de l'\u00e9quipement et de la logistique, de la sous-direction destechnologies et du service du pilotage de la gouvernance, dont les noms suivent, dans la limitede leurs attributions respectives :\nPour la sous-direction de l'\u00e9quipement et de la logistique :- M. Jessy VIOUGEAS, ing\u00e9nieur en chef hors classe.\n14\n2025-01324\n\nBureau de gestion des moyens :- Mme Mercedes FERNANDES, attach\u00e9e d'administration de l'Etat;- M. Mathieu FILLOUX, secr\u00e9taire administratif de classe sup\u00e9rieure;- Mme Ang\u00e9lique LAVABRE, attach\u00e9e d'administration de l'Etat;- Mme Audrey MARIT-LELEUX, secr\u00e9taire administrative de classe exceptionnelle ;- M. Amaury VOILLEMIN, secr\u00e9taire administratif de classe sup\u00e9rieure.\nService des moyens mobiles :- M. \u00c9ric AUBIN, contr\u00f4leur des services techniques de classe normale ;- M.Jean-Michel ARNOULD, commandant divisionnaire de police ;- M. Patrick ARPIN, adjoint technique principal de 1\u00b0 classe ;- M. Aur\u00e9lien BAHERRE, adjoint technique principal de 1\u00b0\" classe ;- M.Christophe BANCAREL, major de police ;- _M.Sekou BAYOKO, contr\u00f4leur des services techniques de classe normale;- Mme Najat BOUCHADDA, adjointe technique principale de 2\u00b0\" classe ;- Mme Patricia BOUR, secr\u00e9taire administrative de classe normale ;- M. Fran\u00e7ois BOURGARY, contr\u00f4leur des services techniques de classe normale ;- Mme Patricia BOYARD, adjointe administrative principale de 2\u00b0\" classe ;\n- M. Benoit BRIAN, adjoint administratif principal de 2\u00b0 classe ;\n- Mme Isabelle BRIAND, secr\u00e9taire administrative de classe sup\u00e9rieure ;- Mme Brigitte CADET DE FONTENAY, agente contractuelle de cat\u00e9gorie C ;- M. Guillaume CANAL, brigadier-chef de classe sup\u00e9rieure ;\n- M. Laurent CHAGROT, major de police \u00e0 l'\u00e9chelon exceptionnel ;\n- Mme Christine CLAMENS, technicienne des syst\u00e8mes d'information et decommunication de classe normale ;. Johann COUSSOT, adjoint technique principal de 1\u00b0\" classe;. Nicolas DARENNE, adjoint technique principal de 2\u00b0\" classe ;. Daniel DAUPHIN, major responsable d'unit\u00e9 locale de police;. Tony DESARRANNO, contr\u00f4leur des services techniques de classe normale ;. Eric DESCHARMES, adjoint technique principal de 1\u00b0\" classe ;. Fr\u00e9d\u00e9ric DIJOUX, agent contractuel de cat\u00e9gorie A ;. Franck DOUARRE, technicien sup\u00e9rieur ;. Erick DUPUIS, ing\u00e9nieur principal des services techniques ;. Emmanuel EGOT, agent contractuel de cat\u00e9gorie A ;. Thierry FARNEAULT, adjoint administratif principal de 1\u00b0\" classe ;. Pascal FAUCHERIE, adjoint technique principal de 1\u00b0\" classe ;. Manuel FERREIRA, contr\u00f4leur des services techniques de classe normale ;. Pascal FERREIRA-VELHO, adjoint technique principal de 1\u00b0\" classe;. Fabien FILLION, contr\u00f4leur de services techniques de classe normale ;. Emmanuel FROMENT, contr\u00f4leur des services techniques de classe sup\u00e9rieure ;. Florian GOUET, agent contractuel de cat\u00e9gorie C ;. Vitor GUERREIRO, adjoint technique principal de 1\u00b0\" classe ;- Mme Jennifer GUILLEMER, adjointe administrative principale de 2\u00b0\" classe ;- Mme Alexandra GUILLON, adjointe administrative principale de 2\u00b0\"\u00b0 classe;- M. Paul GUIRAND, adjoint technique principal de 2\u00b0\"* classe ;- M.Omar HABHOUB, adjoint technique principal de 2\u00b0\" classe ;\nZESEEZEEEEZEZZESESE SE\n- M. Laurent HUART, major de police \u00e0 l'\u00e9chelon exceptionnel ;\n15\n2025-01324\n\nM. Philippe HUYNH-GALLAIS, brigadier-chef de classe normale;Mme Elisabeth JOUANNY, secr\u00e9taire administrative de classe normale '- Karim KAMOUN, ing\u00e9nieur des services techniques ;- Yann L'HOEST-MARTIN, adjoint technique principal de 1** classe ;. Lionel LACHAUD, agent contractuel de cat\u00e9gorie A ;. Jean-Pierre LARCHER, adjoint technique principal de 2?\u00b0 classe;- R\u00e9gis LEFEBVRE, contr\u00f4leur de services techniques de classe sup\u00e9rieure;. Nicolas LEGENDRE, adjoint technique principal de 1#\" classe;. Franck LEROY, adjoint technique principal de 1*\u00b0 classe ;. Sylvain LESPAGNOL, contr\u00e9leur des services technique de classe normale ;. Emmanuel LOBE, contr\u00f4leur des services techniques de classe normale ;. Franck LUSSIAUD, major responsable d'unit\u00e9 locale de police;- Henrique MARME, contr\u00f4leur des services techniques de classe sup\u00e9rieure ;. Christophe MARTINEAU, ing\u00e9nieur des services techniques;\nZSZS355353 33533 3B EZEZZ\n. Fr\u00e9d\u00e9ric MAZZUCATO, major responsable d'unit\u00e9 locale de police ;Mme Sandrine METIVIER-EGRE, brigadi\u00e9re-cheffe de classe sup\u00e9rieure ;\nM. Aristide NGWANOU PORO, contr\u00f4leur des services techniques de classe normale ;M. Daniel NIVERT, adjoint administratif principal de 1\u00b0 classe;M. Laurent NORE, adjoint technique principal de 1\u00b0\" classe ;M. Pascal OLEJARZ, adjoint technique principal de 1%\" classe ;M. Jean-Etienne PINGARD, ing\u00e9nieur hors classe des services techniques, d\u00e9tach\u00e9 dansl'emploi fonctionnel de chef des services techniques, chef du service des moyensmobiles;Mme Sylviane PRECOPE, adjointe administrative principale de 2\u00b0TM* classe ;M.Jean-Philippe ROYER, contr\u00f4leur des services techniques de classe sup\u00e9rieure ;M. Benoit SALZARD, brigadier-chef de classe sup\u00e9rieure ;M. Janny SENECHAL, contr\u00f4leur des services techniques de classe sup\u00e9rieure ;M. Luc SIRI, brigadier-chef de classe sup\u00e9rieure ;M. David TROUESSARD, ing\u00e9nieur principal des services techniques ;M. Jean-Baptiste VENTI, contr\u00f4leur des services techniques de classe normale ;M.J\u00e9r\u00e9my VILLAGRASA, adjoint technique principal de 2\u00b0\"* classe ;Mme Clothilde WEBER, adjointe administrative principale de 2\u00b0\" classe.\nService des \u00e9quipements de protection et de s\u00e9curit\u00e9 :M. Eric BAZAR, adjoint administratif principal de 1\u00b0\" classe;M. Maxence BOISSON, adjoint technique ;M. Thomas DE LAFORCADE, agent contractuel de cat\u00e9gorie A ;M. Germain DUVIVIER, ing\u00e9nieur des services techniques;Mme Marine FERRE, agente contractuelle de cat\u00e9gorie B ;Mme Canelle FERRE-CARSALADE, ing\u00e9nieure des services techniques ;Mme Aur\u00e9lie GOMIS, adjointe administrative principale de 1%\" classe ;M. J\u00e9r\u00f4me HENON, ing\u00e9nieur des services techniques ;Mme Sandra NAINE, secr\u00e9taire administrative de classe normale ;M. Olivier PIERQUIN, major de police ;M. Stephen VALESCH-MONNEREAU, ing\u00e9nieur des services techniques ;M. Julien VOLKAERT, ing\u00e9nieur principal des services techniques, d\u00e9tach\u00e9 dans l'emploifonctionnel de chef des services techniques, chef du service des \u00e9quipements deprotection et de s\u00e9curit\u00e9.\n16\n2025-01324\n\nPour la sous-direction des technologies :M. Olivier BALUSSEAUD, secr\u00e9taire administratif de classe sup\u00e9rieure ;M. Daoud BELBEKHOUCHE, attach\u00e9 d'administration de l'Etat;Mme Iris BELHEDI, adjointe administrative principale de 1\u00b0\" classe ;M. Et\u00e9 BERTIE, ing\u00e9nieur principal des syst\u00e8mes d'information et de communication ;Mme Nadia BONNEMAIN, secr\u00e9taire administrative de classe normale ;Mme Aude DAO-POIRETTE, attach\u00e9e principale d'administration de l'Etat;M. St\u00e9phane DEWEZ, ing\u00e9nieur en chef;M. Samy FAILLER, ing\u00e9nieur principal des syst\u00e8mes d'information et decommunication ;M. David GIRAULT, adjoint administratif principal de 1\u00b0 classe ;M. Rachid IGOUTI, ing\u00e9nieur principal des syst\u00e8mes d'information et decommunication ;M. Djibril KABELA, attach\u00e9 de l'administration de l'Etat ;M. Abdel KAFANDO, adjoint administratif principal de 2\u00b0\" classe ;Mme Fran\u00e7oise KANCEL, adjointe administrative principale de 1\u00b0 classe;M. Olivier LEMONNIER, technicien de classe sup\u00e9rieure ;Mme Barphy MATSIKA, adjointe administrative principale 2\u00b0\" classe ;Mme No\u00eblle NGUYEN VAN PHUC, agente contractuelle de cat\u00e9gorie A ;M. Arnaud PERNET, secr\u00e9taire administratif de classe normale ;M. Fr\u00e9d\u00e9ric RIEGER, ing\u00e9nieur principal des syst\u00e8mes d'information et decommunication ;M. Alain RIGOT, technicien de classe sup\u00e9rieure des syst\u00e8mes d'information et decommunication ;M. Yacine ROBIN, adjoint administratif principal de 2\u00e8\"\u00b0 classe ;Mme Marie-France TOMBURELLO, adjointe administrative principale de 1\" classe.\nPour le service du pilotage et de la gouvernance :M. Jean-Luc DAVID, agent contractuel de cat\u00e9gorie A, chef du service du pilotage et dela gouvernance.\nArticle 27\nD\u00e9l\u00e9gation est donn\u00e9e \u00e0 l'effet de signer, au nom du pr\u00e9fet de police, les actes deconstatation de service r\u00e9alis\u00e9 \u00e9mis, dans le cadre du p\u00e9rim\u00e8tre d'ex\u00e9cution budg\u00e9taire dubudget sp\u00e9cial confi\u00e9 \u00e0 la direction de l'innovation, la logistique et des technologies, auxagents de la sous-direction de l'\u00e9quipement et de la logistique et de la sous-direction destechnologies, dont les noms suivent, dans la limite de leurs attributions respectives :Pour la sous-direction de l'\u00e9quipement et de la logistique :\nBureau de gestion des moyens :\n20\nM. Jean-Michel ARNOULD, commandant divisionnaire de police ;M. Patrick ARPIN, adjoint technique principal de 1% classe ;M. \u00c9ric AUBIN, contr\u00f4leur des services techniques de classe normale ;M. Aur\u00e9lien BAHERRE, adjoint technique principal de 1\u00b0 classe;M. Christophe BANCAREL, major de police ;M. Sekou BAYOKO, contr\u00f4leur des services techniques de classe normale ;M. Romain BLOT, brigadier-chef de classe normale ;Mme Patricia BOYARD, adjointe administrative principale de 2\u00b0\"* classe ;Mme Najat BOUCHADDA, adjointe technique principale de 2\u00b0\"\u00b0 classe ;Mme Patricia BOUR, secr\u00e9taire administrative de classe normale ;\n7\n25-01324\n\n- M. Francois BOURGARY, contr\u00f4leur des services techniques de classe normale ;- M. Benoit BRIAN, adjoint administratif principal de 2*TM classe ;- Mme Isabelle BRIAND, secr\u00e9taire administrative de classe sup\u00e9rieure;- Mme Brigitte CADET DE FONTENAY, agente contractuelle de cat\u00e9gorie C ;- M. Guillaume CANAL, brigadier-chef de classe sup\u00e9rieure ;- M. Laurent CHAGROT, major de police \u00e0 l'\u00e9chelon exceptionnel ;- Mme Christine CLAMENS, technicienne des syst\u00e8mes d'information et decommunication de classe normale;- M. Johann COUSSOT, adjoint technique principal de 1\u00e9re classe;- M. Nicolas DARENNE, adjoint technique principal de 2?\" classe ;. Daniel DAUPHIN, major responsable d'unit\u00e9 locale de police ;. Tony DESARRANNO, contr\u00f4leur des services techniques de classe normale ;. Eric DESCHARMES, adjoint technique principal de 1** classe ;. Fr\u00e9d\u00e9ric DIJOUX, agent contractuel de cat\u00e9gorie A ;. Franck DOUARRE, technicien de classe sup\u00e9rieure;. Erick DUPUIS, ing\u00e9nieur principal des services techniques ;. Emmanuel EGOT, agent contractuel de cat\u00e9gorie A;. Philippe FAGETE, adjoint technique principal de 1*\" classe ;. Thierry FARNEAULT, adjoint administrative principale de 1\u00b0 classe ;. Pascal FAUCHERIE, adjoint technique principal de 1\u00b0\" classe ;. Manuel FERREIRA, contr\u00f4leur des services techniques de classe normale ;. Pascal FERREIRA-VELHO, adjoint technique principal de 1\u00b0 classe ;. Fabien FILLION, contr\u00f4leur de services techniques de classe normale ;. Mathieu FILLOUX, secr\u00e9taire administratif de classe sup\u00e9rieure ;. Emmanuel FROMENT, contr\u00f4leur des services techniques de classe sup\u00e9rieure ;. Florian GOUET, agent contractuel de cat\u00e9gorie C ;- M. Vitor GUERREIRO, adjoint technique principal de 1\u00e8re classe ;- Mme Jennifer GUILLEMER, adjointe administrative principale de 2\u00e8me classe;\nZSZS35353 3 53353 5353 5353 533 3BRBB\n- Mme Alexandra GUILLON, adjointe administrative principale de 2\u00b0TM* classe ;- M. Paul GUIRAND, adjoint technique principale de 2\u00b0TM* classe;- M. Omar HABHOUB, adjoint technique principal de 2\u00e8me classe ;- M. Laurent HUART, major de police \u00e0 l'\u00e9chelon exceptionnel ;- M. Philippe HUYNH-GALLAIS, brigadier-chef de classe sup\u00e9rieure ;- Mme Elisabeth JOUANNY, secr\u00e9taire administrative de classe normale ;. Karim KAMOUN, ing\u00e9nieur des services techniques ;. Yann L'HOEST-MARTIN, adjoint technique principal de 1\u00b0\" classe ;. Lionel LACHAUD, agent contractuel de cat\u00e9gorie A ;. Jean-Pierre LARCHER, adjoint technique principal de 2\u00b0\"* classe ;. R\u00e9gis LEFEBVRE, contr\u00f4leur de services techniques de classe sup\u00e9rieure ;. Nicolas LEGENDRE, adjoint technique principal de 1\" classe;. Franck LEROY, adjoint technique principal de 1\u00b0\" classe ;. Sylvain LESPAGNOL, contr\u00f4leur des services technique de classe normale ;. Emmanuel LOBE, contr\u00f4leur des services techniques de classe normale ;. Franck LUSSIAUD, major responsable d'unit\u00e9 locale de police;. Nicolas MARCHAND, adjoint technique principal de 1\u00b0\" classe ;- Mme Audrey MARIT-LELEUX, secr\u00e9taire administrative de classe exceptionnelle ;\nZS  ZZ SSESESEZESS\n18\n2025-01324\n\nM. Henrique MARME, contr\u00f4leur des services techniques de classe sup\u00e9rieure;M. Christophe MARTINEAU, ing\u00e9nieur des services techniques;M. Fr\u00e9d\u00e9ric MAZZUCATO, major responsable d'unit\u00e9 locale de police ;Mme Sandrine METIVIER-EGRE, brigadi\u00e9re-cheffe de classe sup\u00e9rieure ;M. Hamady N'GATTE, adjoint technique principal de 1** classe ;M. Aristide NGWANOU PORO, contr\u00f4leur des services techniques de classe normale ;M. Daniel NIVERT, adjoint administratif principal de 1*\u00b0 classe;M. Laurent NORE, adjoint technique principal de 1** classe ;M. Pascal OLEJARZ, adjoint technique principal de 1** classe ;M. Jean-Etienne PINGARD, ing\u00e9nieur hors classe des services techniques, d\u00e9tach\u00e9 dansl'emploi fonctionnel de chef des services techniques, chef du service des moyensmobiles ;Mme Sylviane PRECOPE, adjointe administrative principale de 2\u00aeTM* classe;M. Jean-Philippe ROYER, contr\u00f4leur des services techniques de classe sup\u00e9rieure ;M. Benoit SALZARD, brigadier-chef de classe sup\u00e9rieure;\nM. Janny SENECHAL, contr\u00f4leur des services techniques de classe sup\u00e9rieure ;\nM. Luc SIRI, brigadier-chef de classe sup\u00e9rieure ;M. Jean-Baptiste VENTI, contr\u00f4leur des services techniques de classe normale ;M. J\u00e9r\u00e9my VILLAGRASA, adjoint technique principal de 2\u00b0\" classe ;M. Amaury VOILLEMIN, secr\u00e9taire administratif de classe sup\u00e9rieure ;Mme Clothilde WEBER, adjointe administrative principale de 2\u00b0\" classe.\nService des \u00e9quipements de protection et de s\u00e9curit\u00e9 :M. Eric BAZAR, adjoint administratif principal de 1\u00b0 classe;M. Maxence BOISSON, adjoint technique ;Mme Marine FERRE, agente contractuelle de cat\u00e9gorie B ;Mme Aur\u00e9lie GOMIS, adjointe administrative principale de 1\u00b0\" classe ;Mme Sandra NAINE, secr\u00e9taire administrative de classe normale ;M. Olivier PIERQUIN, major de police.Pour la sous-direction des technologies :\n2025-\nM. Olivier BALUSSEAUD, secr\u00e9taire administratif de classe sup\u00e9rieure ;Mme Iris BELHEDI, adjointe administrative principale de 1\u00b0\" classe ;Mme Nadia BONNEMAIN, secr\u00e9taire administrative de classe normale ;M. St\u00e9phane DEWEZ, ing\u00e9nieur en chef;M. David GIRAULT, adjoint administratif principal de 1\u00e8re classe ;M. Djibril KABELA, attach\u00e9 de l'administration de l'Etat ;M. Abdel KAFANDO, adjoint administratif principal de 2\u00b0\"* classe ;Mme Fran\u00e7oise KANCEL, adjointe administrative principale de 1\u00b0* classe;M. Olivier LEMONNIER, technicien de classe sup\u00e9rieure ;Mme Barphy MATSIKA, adjointe administrative principale de 2\u00b0\"* classe ;Mme No\u00eblle NGUYEN VAN PHUC, agente contractuelle de cat\u00e9gorie A ;M. Arnaud PERNET, secr\u00e9taire administratif de classe normale ;M. Fr\u00e9d\u00e9ric RIEGER, ing\u00e9nieur principal des syst\u00e8mes d'information et decommunication ;M. Alain RIGOT, technicien de classe sup\u00e9rieure des syst\u00e8mes d'information et decommunication ;M. Yacine ROBIN, adjoint administratif principal de 2\u00b0\"\u00b0 classe ;Mme Marie-France TOMBURELLO, adjointe administrative principale de 1\u00b0\" classe.\n01324 .\n\nD\u00e9l\u00e9gation de signature relative aux actes d'ex\u00e9cution par carte achat\nArticle 28\nD\u00e9l\u00e9gation est donn\u00e9e, pour proc\u00e9der aux d\u00e9penses par carte achat de niveau 1, Ibis et deniveau 3 aux personnes suivantes, dans la limite de leurs attributions, comp\u00e9tences et dans leslimites fix\u00e9es, aux personnes dont les noms suivent :- Mme Anne-Florence CANTON, ing\u00e9nieure g\u00e9n\u00e9rale des mines ;- M. Christophe AUMONIER, administrateur de l'Etat du grade transitoire.\nPour la sous-direction de l'\u00e9quipement et de la logistique :\nM. Jessy VIOUGEAS, ing\u00e9nieur en chef hors classe.\nService des moyens mobiles :- M. Jean-Michel ARNOULD, commandant divisionnaire de police ;- M. \u00c9ric AUBIN, contr\u00f4leur des services techniques de classe normale ;- M. Aur\u00e9lien BAHERRE, adjoint technique principal de 1\u00b0\" classe ;- M.Christophe BANCAREL, major de police ;- M. Romain BLOT, brigadier-chef de classe normale ;- M. Francois BOURGARY, contr\u00f4leur des services techniques de classe normale ;- M. Guillaume CANAL, brigadier-chef de classe sup\u00e9rieure ;- Mme Christine CLAMENS, technicienne des syst\u00e8mes d'information et decommunication de classe normale ;. Johann COUSSOT, adjoint technique principal de 1\u00e8re classe;. Nicolas DARENNE, adjoint technique principal de 2\u00b0\"\u00b0 classe ;. Daniel DAUPHIN, major responsable d'unit\u00e9 locale de police ;. Tony DESARRANNO, contr\u00f4leur des services techniques de classe normale ;. \u00c9ric DESCHARMES, adjoint technique principal de 1\u00b0\" classe ;. Fr\u00e9d\u00e9ric DIJOUX, agent contractuel de cat\u00e9gorie \u00c0 ;. Erick DUPUIS, ing\u00e9nieur principal des services techniques ;. Pascal FERREIRA-VELHO, adjoint technique principal de 1% classe;. Fabien FILLION, contr\u00f4leur de services techniques de classe normale ;. Laurent HUART, major de police \u00e0 l'\u00e9chelon exceptionnel ;. Philippe HUYNH-GALLAIS, brigadier-chef de classe sup\u00e9rieure ;. Yann L'HOEST-MARTIN, adjoint technique principal de 1\u00b0 classe ;. Lionel LACHAUD, agent contractuel de cat\u00e9gorie A ;. R\u00e9gis LEFEBVRE, contr\u00f4leur des services techniques de classe sup\u00e9rieure ;. Sylvain LESPAGNOL, contr\u00f4leur des services techniques de classe normale ;. Franck LUSSIAUD, major responsable d'unit\u00e9 locale de police;. Henrique MARME, contr\u00f4leur des services techniques de classe sup\u00e9rieure ;. Christophe MARTINEAU, ing\u00e9nieur des services techniques ;\n1\nSESEEESZSESESRSSEZSEEZSZESEES. Fr\u00e9d\u00e9ric MAZZUCATO, major responsable d'unit\u00e9 locale de police ;- Mme Sandrine METIVIER-EGRE, brigadi\u00e9re-cheffe de classe sup\u00e9rieure ;- M. Daniel NIVERT, adjoint administratif principal de 1\u00b0\" classe ;- M.Jean-Philippe ROYER, contr\u00f4leur des services techniques de classe sup\u00e9rieure ;- _M.Beno\u00eet SALZARD, brigadier-chef de classe sup\u00e9rieure ;- M.Janny SENECHAL, contr\u00f4leur des services techniques de classe sup\u00e9rieure ;- M. Luc SIRI, brigadier-chef de classe sup\u00e9rieure.M. Jean-Baptiste VENTI, contr\u00f4leur des services techniques de classe normale.\n2025-01324 \u00b0\n\nService des \u00e9quipements de protection et de s\u00e9curit\u00e9 :- Mme Aur\u00e9lie GOMIS, adjointe administrative principale de 1* classe ;- M. Benoit TATARIAN, adjoint technique principal de 1\u00b0\" classe.\nBureau de gestion des moyens :Mme Audrey MARIT-LELEUX, secr\u00e9taire administrative de classe exceptionnelle.Pour la sous-direction des technologies :- M. Samy FAILLER, ing\u00e9nieur principal des syst\u00e8mes d'information et decommunication ;- M. Rachid IGOUTI, ing\u00e9nieur principal des syst\u00e8mes d'information et decommunication ;- M. Fr\u00e9d\u00e9ric LECONTE, agent contractuel de cat\u00e9gorie A, sous-directeur destechnologies.\nPour le secr\u00e9tariat g\u00e9n\u00e9ral :\n- Mme Hanna AACHA, secr\u00e9taire administrative de classe normale;\nPour le service de l'innovation et de la prospective :\n- M. Johan CAVIROT, ing\u00e9nieur principal des syst\u00e8mes d'information.\nPour le cabinet :- M. Julien NALDJIAN LECL\u00c8RE, attach\u00e9 d'administration de l'\u00e9tat.\nTITRE 3 - Dispositions finales\nArticle 29\nLe pr\u00e9fet, secr\u00e9taire g\u00e9n\u00e9ral pour l'administration, est charg\u00e9 de l'ex\u00e9cution du pr\u00e9sent arr\u00eat\u00e9qui sera publi\u00e9 aux recueils des actes administratifs des pr\u00e9fectures de la zone de d\u00e9fense etde s\u00e9curit\u00e9 de Paris et affich\u00e9 aux portes de la pr\u00e9fecture de police. Cet arr\u00eat\u00e9 entre envigueur imm\u00e9diatement.\nFait\u00e0 Paris,le 4 5 OCT. 2025\nLa pr\u00e9f\u00e9te, directrice de cabinet,charg\u00e9\nMagali CHARBONNEAU\n21\n\nER D SE ee  ER DE SR a AR DE DE SR 2 MR SERIE SR ON ER 424 EE SR\nIMmMRI AA M  =\n= \" \" 1 1 1 x\nMP  RPM  Da  ee  el\n~ , . \" LA LA 1\nAR IA == a . \" CS  .\n1 \" 1 . . \" oe \" 1. 4  - 1 \"4 1 1\n\u2014_s \u00ab CI oo. an\nat 1 rr  ATs rT\nCeO ll eel RPM  Da  ee  el\n40\nRECUEIL DES ACTES ADMINISTRATIFS\nDU\nPREFET DES HAUTS-DE-SEINE\nISSN 0985 - 5955\nPour toute correspondance, s'adresser \u00e0 :\nPREFET DES HAUTS-DE-SEINE\nSecr\u00e9tariat g\u00e9n\u00e9ral\nSecr\u00e9tariat g\u00e9n\u00e9ral aux affaires d\u00e9partementales\n167/177, Avenue Joliot Curie\n92013 NANTERRE CEDEX\nLe recueil des actes administratifs est consultable en ligne sur le site de la pr\u00e9fecture\nAdresse Internet : https://www.hauts-de-seine.gouv.fr/\nDirecteur de la publication:\nAlexandre BRUGERE\nPREFET DES HAUTS-DE-SEINE\nwe es  ER = ~-, ER 5 == ER, el SR ee el\n41\nPREFECTURE DES HAUTS-DE-SEINE\n167-177, avenue Joliot Curie 92013 NANTERRE Cedex\nCourriel : sgc-courrier@hauts-de-seine.gouv.fr\nStandard : 01.40.97.20.00 T\u00e9l\u00e9copie 01.40.97.25.21\nAdresse Internet : https://www.hauts-de-seine.gouv.fr/","date":"2025-10-15","first_seen_on":"2025-10-15T15:19:25+00:00","id":"624676529942d8a2e9370cd19b5e5d1da93e34e78b5c2cd0027722eb4f9e82fb","name":"2025-10-15 RAA sp\u00e9cial Pr\u00e9fecture de Police du 15 octobre 2025","pdf_creation_date":null,"pdf_modification_date":"2025-10-15T15:06:54+00:00","timezone":"Europe/Paris","url":"https://www.hauts-de-seine.gouv.fr/contenu/telechargement/27500/191056/file/2025-10-15%20RAA%20sp%C3%A9cial%20Pr%C3%A9fecture%20de%20Police%20du%2015%20octobre%202025.pdf"}
