{"administration":"prefidf","administration_name":"Pr\u00e9fecture de la r\u00e9gion \u00cele-de-France","content":"PREFECTURE\nREGION ILE DE\nFRANCE\nRECUEIL DES ACTES\nADMINISTRATIFS SP\u00c9CIAL\nN\u00b0IDF-027-2025-07\nPUBLI\u00c9 LE 15 JUILLET 2025\nSommaire\nAgence R\u00e9gionale de Sant\u00e9 / Agence r\u00e9gionale de sant\u00e9\nd'Ile-de-France-Direction de la Veille et S\u00e9curit\u00e9 Sanitaire\nIDF-2025-07-15-00001 - Arr\u00eat\u00e9 DS n\u00b0037/2025 portant d\u00e9l\u00e9gation\nde signature (2 pages) Page 3\nChambre de commerce et d'industrie de r\u00e9gion Paris - \u00cele-de-France /\nIDF-2025-07-01-00010 - D\u00e9cision du 1er juillet 2025 portant\nd\u00e9l\u00e9gation de signature aux pr\u00e9sidents des chambres de commerce\net d'industrie d\u00e9partementales (1 page) Page 6\n2\nAgence R\u00e9gionale de Sant\u00e9\nIDF-2025-07-15-00001\nArr\u00eat\u00e9 DS n\u00b0037/2025 portant d\u00e9l\u00e9gation de\nsignature\nAgence R\u00e9gionale de Sant\u00e9 - IDF-2025-07-15-00001 - Arr\u00eat\u00e9 DS n\u00b0037/2025 portant d\u00e9l\u00e9gation de signature 3\nREPUBLIQUEFRANCAISELibert\u00e9Egalit\u00e9Fraternit\u00e9 @ D Agence R\u00e9gionale de Sant\u00e9lle-de-France\n \n1/2 \n \n \n \n \n \n \nAGENCE R\u00c9GIONALE DE SANT\u00c9 \u00ceLE-DE-FRANCE \nARR\u00caT\u00c9 DS N\u00b0037/2025 \nportant d\u00e9l\u00e9gation de signature \nLE DIRECTEUR G\u00c9N\u00c9RAL DE L'AGENCE R\u00c9GIONALE DE SANT\u00c9 D'\u00ceLE-DE-FRANCE \n \n \nVU le code de la sant\u00e9 publique et notamment le titre III du livre IV de la premi\u00e8re partie, consacr\u00e9 \naux Agences r\u00e9gionales de sant\u00e9 ; \n \nVU le code de l'action sociale et des familles ; \n \nVU \n \n \nVU \n \nVU \n \nVU \nle code de la s\u00e9curit\u00e9 sociale ; \n \nle code du travail ; \n \nle code de la d\u00e9fense ; \n \nle code de l'environnement ; \n \nle d\u00e9cret du 10 avril 2024 portant nomination de Monsieur Denis ROBIN, Directeur g\u00e9n\u00e9ral de \nl'Agence r\u00e9gionale de sant\u00e9 d'\u00cele-de-France, \u00e0 compter du 29 avril 2024 ; \n \n \n \nARR\u00caTE \n \n \nARTICLE 1er : D\u00e9l\u00e9gation est donn\u00e9e \u00e0 Madame C\u00e9cile SOMARRIBA, Directrice de la Veille et \nS\u00e9curit\u00e9 Sanitaires, \u00e0 effet de signer tous les actes relevant de sa direction. \n \nCette d\u00e9l\u00e9gation inclut la signature de tous les actes ou pi\u00e8ces, relatifs aux \nproc\u00e9dures contentieuses relevant des actes faisant grief, dans les domaines vis\u00e9s \nci-dessus et la d\u00e9signation des agents, plac\u00e9s sous son autorit\u00e9, charg\u00e9s d'assurer \nla repr\u00e9sentation du Directeur g\u00e9n\u00e9ral de l'Agence r\u00e9gionale de sant\u00e9 \u00cele-de-France \n\u00e0 l'audience dans le cadre desdites proc\u00e9dures.  \n  \nARTICLE 2 : Demeurent r\u00e9serv\u00e9s \u00e0 la signature du Directeur g\u00e9n\u00e9ral de l'Agence r\u00e9gionale de \nsant\u00e9 d'\u00cele-de-France : \n  \n- Les actes de saisine des tribunaux administratifs et de la chambre r\u00e9gionale des \ncomptes d'\u00cele-de-France, \n- Les arr\u00eat\u00e9s d'autorisation, de modification, de transfert ou de cessation d'activit\u00e9 \ndes structures relevant de la comp\u00e9tence de l'Agence r\u00e9gionale de sant\u00e9 \u00cele-de-\nFrance, \u00e0 l'exception de ceux relatifs aux officines de pharmacie, aux laboratoires \nde biologie m\u00e9dicale et aux soci\u00e9t\u00e9s de transport sanitaire, \n- Les correspondances adress\u00e9es au Pr\u00e9sident de la R\u00e9publique, aux Ministres, \naux membres du Gouvernement, aux parlementaires et aux Pr\u00e9sidents des \nconseils r\u00e9gionaux et d\u00e9partementaux. \n \n \nARTICLE 3 : En cas d'absence ou d'emp\u00eachement de Madame C\u00e9cile SOMARRIBA, la d\u00e9l\u00e9gation \nqui lui est conf\u00e9r\u00e9e est donn\u00e9e, \u00e0 : \nAgence R\u00e9gionale de Sant\u00e9 - IDF-2025-07-15-00001 - Arr\u00eat\u00e9 DS n\u00b0037/2025 portant d\u00e9l\u00e9gation de signature 4\n2/2 \n \n \n- Monsieur Damian MATHEY, Directeur adjoint de la Veille et S\u00e9curit\u00e9 Sanitaires. \n \n \nARTICLE 4 : En cas d'absence ou d'emp\u00eachement simultan\u00e9 de Madame C\u00e9cile SOMARRIBA et \nde Monsieur Damian MATHEY, d\u00e9l\u00e9gation de signature est donn\u00e9e, dans la limite de \nleur champ de comp\u00e9tence \u00e0 :  \n \n- Monsieur Patrick MANSUY, responsable du d\u00e9partement qualit\u00e9/s\u00e9curit\u00e9, \npharmacie m\u00e9dicament biologie (QSPharMBio) ; \n- Madame Anne-Ga\u00eblle DE CHABOT, responsable adjointe du d\u00e9partement \nqualit\u00e9/s\u00e9curit\u00e9, pharmacie m\u00e9dicament biologie (QSPharMBio) ; \n- Monsieur Alexis ARDOIN, responsable du d\u00e9partement D\u00e9fense et S\u00e9curit\u00e9 ; \n- Madame J\u00e9romine LEMAIRE, responsable adjointe du d\u00e9partement D\u00e9fense et \nS\u00e9curit\u00e9 ; \n- Madame Emilie DAIMANT, responsable du d\u00e9partement Veille, Alertes et Gestion \nSanitaires ; \n- Madame Isabelle NICOULET, responsable du d\u00e9partement R\u00e9clamations, \nEv\u00e8nements Ind\u00e9sirables et Vigilances ; \n- Madame Val\u00e9rie JOVELIN-PEIGNE, responsable adjointe du d\u00e9partement \nR\u00e9clamations, Ev\u00e8nements ind\u00e9sirables et Vigilances, \n- Madame Lucile AIME, responsable du d\u00e9partement du d\u00e9partement Point Focal \nR\u00e9gionale et coordination des alertes. \n- Madame Victoria EUDIER, responsable adjointe du d\u00e9partement Point Focal \nR\u00e9gionale et coordination des alertes. \n \n \nARTICLE 5 L'arr\u00eat\u00e9 DS N\u00b0025/2024 du 13 mars 2024 portant d\u00e9l\u00e9gation de signature de la \nDirectrice g\u00e9n\u00e9rale par int\u00e9rim de l'Agence r\u00e9gionale de sant\u00e9 d'\u00cele-de-France est \nabrog\u00e9. \n \n \nARTICLE 6 : La Directrice de la Veille et S\u00e9curit\u00e9 Sanitaires est charg\u00e9e de l'ex\u00e9cution du pr\u00e9sent \narr\u00eat\u00e9 qui sera publi\u00e9 au recueil des actes administratifs de la pr\u00e9fecture de la r\u00e9gion \n\u00cele-de-France.  \n \nLe 15 juillet 2025 \n \nLe Directeur g\u00e9n\u00e9ral \nde l'Agence r\u00e9gionale de sant\u00e9 \nd'\u00cele-de-France \n \n \n \n \nSign\u00e9 \nAgence R\u00e9gionale de Sant\u00e9 - IDF-2025-07-15-00001 - Arr\u00eat\u00e9 DS n\u00b0037/2025 portant d\u00e9l\u00e9gation de signature 5\nChambre de commerce et d'industrie de r\u00e9gion\nParis - \u00cele-de-France\nIDF-2025-07-01-00010\nD\u00e9cision du 1er juillet 2025 portant d\u00e9l\u00e9gation\nde signature aux pr\u00e9sidents des chambres de\ncommerce et d'industrie d\u00e9partementales\nChambre de commerce et d'industrie de r\u00e9gion Paris - \u00cele-de-France - IDF-2025-07-01-00010 - D\u00e9cision du 1er juillet 2025 portant\nd\u00e9l\u00e9gation de signature aux pr\u00e9sidents des chambres de commerce et d'industrie d\u00e9partementales 6\nG CCI PARIS ILE-DE-FRANCE\n7\u00b0 7 et d'industrie de r\u00e9gion Paris\nTT , 7 7 2025\non \u00b0 'istrie d\u00e9partementales,d\u00e9partemental st surmission d'accompagnement\n\u00b0 d'en informer\n-de\n-ueil des actes\n \nLe Pr\u00e9sident \n \nChambre de commerce et d'industrie de r\u00e9gion Paris Ile -de-France \n27 avenue de Friedland | 75382 Paris cedex 08 \n T. 01 55 65 44 44 (prix d'un appel local) | www.cci-paris-idf \nDECISION \n \nLe Pr\u00e9sident de la Chambre de commerce et d'industrie de r\u00e9gion Paris -Ile-de-France,  \nVu l'article R. 711-68 du code de commerce,  \nVu le r\u00e8glement int\u00e9rieur,  \nVu la d\u00e9lib\u00e9ration de l'assembl\u00e9e g\u00e9n\u00e9rale en date du 9 d\u00e9cembre 2021, \nVu la d\u00e9lib\u00e9ration de l'assembl\u00e9e g\u00e9n\u00e9rale en date du 20 juin 2025, \n \nD\u00e9cide : \nde donner d\u00e9l\u00e9gation de signature aux pr\u00e9sidents des chambres de commerce et d'industrie d\u00e9partementales, \nchacun pour ce qui concerne la Chambre qu'il pr\u00e9side, \u00e0 effet de me repr\u00e9senter et de signer, apr\u00e8s information \npr\u00e9alable du Bureau de la CCIR, les conventions d'int\u00e9r\u00eat strictement local et d\u00e9partemental sans incidence sur \nla dotation budg\u00e9taire de la Chambre concern\u00e9e et dont l'objet est conforme \u00e0 la mission d'accompagnement \ndes entreprises pr\u00e9vue \u00e0 l'article L. 710-1 2\u00b0 du code de commerce, \n\u00e0 charge pour les pr\u00e9sidents des chambres de commerce et d'industrie d\u00e9partementales d'en informer \nl'assembl\u00e9e g\u00e9n\u00e9rale qu'ils pr\u00e9sident. \n \nNOM CCID En cas d'absence ou \nd'emp\u00eachement \nM. G\u00e9rald BARBIER, CCID Paris  Mme Soumia MALINBAUM , 1 \u00e8re \nVice-pr\u00e9sidente  \nM. Guillaume CAIROU  CCID Versailles-Yvelines Mme Magalie CARRE, 1\u00e8re Vice-\npr\u00e9sidente \nM. Beno\u00eet FEYTIT  CCID Hauts-de-Seine M. Fr\u00e9d\u00e9ric AMBLARD, 1er Vice -\npr\u00e9sident \nMme Danielle DUBRAC  CCID Seine-Saint-Denis  M. Jean -Lou BLACHIER, 1er Vice -\npr\u00e9sident \nMme Sally BENNACER  CCID Val-de-Marne  M. G\u00e9rard DELMAS , 1\u00e8re Vice-\npr\u00e9sident \nM. Pierre KUCHLY \n \nCCID Val-d'Oise M. Philippe ECRAN , 1er Vice -\npr\u00e9sident  \n \nLa pr\u00e9sente d\u00e9l\u00e9gation de signature prend effet \u00e0 compter de sa signature et s'exerce pour une dur\u00e9e au plus \n\u00e9gale \u00e0 celle du pr\u00e9sent mandat. \nElle annule et remplace celle ant\u00e9rieurement donn\u00e9e et fait l'objet d'une publication au recueil des actes \nadministratifs de la Pr\u00e9fecture de R\u00e9gion Paris Ile-de-France. \n \nFait \u00e0 Paris, le 1er juillet 2025 \nSign\u00e9 \nDominique RESTINO \n \n \n \nDiffusion : \nSur le site www.cci-paris-idf.fr \nRecueil des actes administratifs de la pr\u00e9fecture de r\u00e9gion Ile-de-France  \nChambre de commerce et d'industrie de r\u00e9gion Paris - \u00cele-de-France - IDF-2025-07-01-00010 - D\u00e9cision du 1er juillet 2025 portant\nd\u00e9l\u00e9gation de signature aux pr\u00e9sidents des chambres de commerce et d'industrie d\u00e9partementales 7","date":"2025-07-15","first_seen_on":"2025-07-16T08:34:57+00:00","id":"630178ae949fd5fac21958aaad5e497cdf835b9c52ff20ff6c51bdfe65baa022","name":"recueilDS-idf-027-2025-07-recueil-des-actes-administratifs-special du 15.07.2025","pdf_creation_date":"2025-07-15T15:22:30+00:00","pdf_modification_date":null,"timezone":"Europe/Paris","url":"https://www.prefectures-regions.gouv.fr/ile-de-france/irecontenu/telechargement/129503/953585/file/recueilDS-idf-027-2025-07-recueil-des-actes-administratifs-special%20du%2015.07.2025.pdf"}
