{"administration":"prefidf","administration_name":"Pr\u00e9fecture de la r\u00e9gion \u00cele-de-France","content":"PREFECTURE\nREGION ILE DE\nFRANCE\nRECUEIL DES ACTES\nADMINISTRATIFS SP\u00c9CIAL\n(NOMINATIFS)\nN\u00b0IDF-015-2026-03\nPUBLI\u00c9 LE  6 MARS 2026\nSommaire\nAgence R\u00e9gionale de Sant\u00e9 / Agence r\u00e9gionale de sant\u00e9\nd'Ile-de-France-Direction de l'Offre de Soins (DOS)\nIDF-2026-03-06-00011 - Arr\u00eat\u00e9 n\u00b0 DOS-2026/1342 portant modification\nde l'autorisation e lieu de recherches impliquant la personne humaine -\nService de Neurologie-H\u00f4pital Henri Mondor\n\n\n (2 pages) Page 4\nDirection de la s\u00e9curit\u00e9 sociale-Mission nationale de contr\u00f4le et\nd'audit des organismes de s\u00e9curit\u00e9 sociale /\nIDF-2026-03-06-00001 - Arr\u00eat\u00e9  du 27 f\u00e9vrier 2026 portant nomination\ndes membres du conseil d'administration de la caisse d'allocations\nfamiliales du Val-de-Marne (4 pages) Page 7\nIDF-2026-03-06-00010 - Arr\u00eat\u00e9 du 06 mars 2026 portant nomination des\nmembres du conseil d'administration de la caisse\nd'allocations\nfamiliales du Val-de-Marne (4 pages) Page 12\nIDF-2026-03-06-00002 - Arr\u00eat\u00e9 Modificatif du 06 mars 2026 portant\nmodification de la composition du conseil d'administration de l'organisme\nCaisse\nR\u00e9gionale d'Assurance Maladie d'Ile-de-France (2 pages) Page 17\nDirection r\u00e9gionale et interd\u00e9partementale de l'alimentation, de\nl'agriculture et de la for\u00eat d'Ile de France /\nIDF-2026-03-06-00003 - Arr\u00eat\u00e9 modifiant l'arr\u00eat\u00e9 n\u00b0\nIDF-2022-05-19-00007 portant approbation du programme sanitaire\n\nd'\u00e9levage et du renouvellement d'agr\u00e9ment du\n\nGroupement de D\u00e9fense Sanitaire Apicole de l'Essonne (GDSA91) \n(2 pages) Page 20\nDirection r\u00e9gionale et interd\u00e9partementale de l'\u00e9conomie, de l'emploi,\ndu travail et des solidarit\u00e9s d'\u00cele-de-France / P\u00f4le Politique du travail\nIDF-2026-03-06-00005 - D\u00e9cision n\u00b0 2026-025 du 6 mars 2026\nrelative\n\u00e0 la localisation et \u00e0 la d\u00e9limitation des unit\u00e9s de contr\u00f4le et des\nsections d'Inspection du Travail de l'Unit\u00e9 D\u00e9partementale de la\nSeine-Saint-Denis (2 pages) Page 23\nIDF-2026-03-06-00004 - D\u00e9cision n\u00b0 2026-033 du 06 mars\n2026\nportant affectation des agents de contr\u00f4le dans les unit\u00e9s de\ncontr\u00f4le et gestion des int\u00e9rims de la direction d\u00e9partementale de\nl'emploi, du travail et des solidarit\u00e9s de l'Essonne\n (2 pages) Page 26\nIDF-2026-03-06-00007 - D\u00e9cision n\u00b0 2026-033 du 06 mars\n2026\nportant affectation des agents de contr\u00f4le dans les unit\u00e9s de\ncontr\u00f4le et gestion des int\u00e9rims de la direction d\u00e9partementale de\nl'emploi, du travail et des solidarit\u00e9s de l'Essonne (2 pages) Page 29\n2\nDirection r\u00e9gionale et interd\u00e9partementale de l'\u00e9conomie, de l'emploi,\ndu travail et des solidarit\u00e9s d'\u00cele-de-France / secr\u00e9tariat de direction\nIDF-2026-03-06-00009 - Arr\u00eat\u00e9 n\u00b02026-019 du 06 mars 2026 portant\ncommissionnement pour effectuer des contr\u00f4les au titre de la formation\nprofessionnelle et des op\u00e9rations cofinanc\u00e9es par le Fonds Social\nEurop\u00e9en (2 pages) Page 32\n3\nAgence R\u00e9gionale de Sant\u00e9\nIDF-2026-03-06-00011\nArr\u00eat\u00e9 n\u00b0 DOS-2026/1342 portant modification\nde l'autorisation e lieu de recherches impliquant\nla personne humaine - Service de\nNeurologie-H\u00f4pital Henri Mondor\nAgence R\u00e9gionale de Sant\u00e9 - IDF-2026-03-06-00011 - Arr\u00eat\u00e9 n\u00b0 DOS-2026/1342 portant modification de l'autorisation e lieu de\nrecherches impliquant la personne humaine - Service de Neurologie-H\u00f4pital Henri Mondor 4\nREPUBLIQUEFRANCAISELibert\u00e9Egalit\u00e9Fraternit\u00e9\n\u00a9 D Agence R\u00e9gionale de Sant\u00e9\u00cele-de-France\nAGENCE R\u00c9GIONALE DE SANT\u00c9 \u00ceLE-DE-FRANCE\nARR\u00caT\u00c9 N\u00b0 DOS-2026/1342\nportant modification de l'autorisation\nde lieu de recherches impliquant la personne humaine\nLE DIRECTEUR G\u00c9N\u00c9RAL DE L'AGENCE R\u00c9GIONALE DE SANT\u00c9 \u00ceLE-DE-FRANCE\nVU le code de la sant\u00e9 publique, notamment ses articles L.1121-3 et suivants et R.1121-10 et suivants ;\nVU le d\u00e9cret du 10 avril 2024 portant nomination de Monsieur Denis ROBIN, Directeur g\u00e9n\u00e9ral de l'Agence\nr\u00e9gionale de sant\u00e9 \u00cele-de-France, \u00e0 compter du 29 avril 2024 ;\nVU l'arr\u00eat\u00e9 n\u00b0 DS 034/2024 du 29 avril 2024, portant d\u00e9l\u00e9gation de signature du Directeur g\u00e9n\u00e9ral de l'Agence\nr\u00e9gionale de sant\u00e9 \u00cele-de-France \u00e0 Monsieur Arnaud CORVAISIER, Directeur de l'offre de soins,\net \u00e0 diff\u00e9rents collaborateurs ;\nVU l'arr\u00eat\u00e9 du 12 mai 2009 fixant les conditions mentionn\u00e9es \u00e0 l'article R.1121-11 devant figurer dans\nla demande d'autorisation des lieux de recherches biom\u00e9dicales pr\u00e9vues \u00e0 l'article L. 1121-13 du code\nde la sant\u00e9 publique ;\nVU la demande de modification de l'autorisation de l'Assistance Publique \u2013 H\u00f4pitaux de Paris concernant\nle lieu de recherches impliquant la personne humaine intitul\u00e9 \u00ab Service de Neurologie \u00bb sur le site de l'H\u00f4pital\nHenri Mondor \u2013 94010 Cr\u00e9teil. La modification concerne la nomination du Pr Philippe REMY en tant que\nresponsable du lieu de recherche. \nCONSID\u00c9RANT que cette demande de modification d'autorisation du lieu de recherches impliquant la personne\nhumaine rentre dans le champ de comp\u00e9tence du Directeur g\u00e9n\u00e9ral de l'Agence r\u00e9gionale de\nsant\u00e9 \u00cele-de-France ;\nCONSID\u00c9RANT que le lieu concern\u00e9 par cette demande dispose des moyens humains, mat\u00e9riels et techniques\nadapt\u00e9s \u00e0 la recherche et compatibles avec les imp\u00e9ratifs de s\u00e9curit\u00e9 des personnes\nqui s'y pr\u00eatent et que la demande respecte l'ensemble des conditions pr\u00e9vues par l'article\nR.1121-10 ;\nCONSID\u00c9RANT que l'avis rendu le 4 mars 2026, \u00e0 l'issue de l'enqu\u00eate, est favorable ;\nARR\u00caTE\nARTICLE 1er : La modification d'autorisation du lieu de recherches impliquant la personne humaine\nmentionn\u00e9e \u00e0 l'article L.1121-13 du code de la sant\u00e9 publique, et aux articles\nR.1121-13 et R.1121-14 modifi\u00e9s par le d\u00e9cret n\u00b02016-1537 du 16 novembre 2016 est accord\u00e9e\n\u00e0 :\nEntit\u00e9 juridique portant l'activit\u00e9 :\nAssistance Publique \u2013 H\u00f4pitaux de Paris\npour le lieu de recherches suivant :\nService de Neurologie\nPlac\u00e9 sous la responsabilit\u00e9 de :\nMonsieur le Professeur Philippe REMY\nAdresse compl\u00e8te :\nH\u00f4pital Henri Mondor\n51, avenue du Mar\u00e9chal de Lattre de Tassigny\n94010 Cr\u00e9teil cedex.\nR\u00c9PUBLIQUE \u00a9 D Agence R\u00e9gionale de Sant\u00e9 \nFRA N\u00c7AISE \u00cele-de-France Libert\u00e9 \n\u00c9galit\u00e9 \nFraternit\u00e9 \nAgence R\u00e9gionale de Sant\u00e9 - IDF-2026-03-06-00011 - Arr\u00eat\u00e9 n\u00b0 DOS-2026/1342 portant modification de l'autorisation e lieu de\nrecherches impliquant la personne humaine - Service de Neurologie-H\u00f4pital Henri Mondor 5\nARTICLE 2\u00b0:\nARTICLE 3\u00b0:\nARTICLE 4\u00b0:\nARTICLE 5\u00b0:\nARTICLE 6\u00b0:\nARTICLE 7\u00b0:\nCe lieu de recherches impliquant la personne humaine correspond a un lieu de soinset comprend des locaux situ\u00e9s au 3\u00e8me \u00e9tage du b\u00e2timent principal. Ces locaux d'une superficietotale de 2865 m\u00b0 sont consacr\u00e9s \u00e0 la fois aux activit\u00e9s de soins et de recherches cliniques.Le lieu fonctionne du lundi au vendredi, de 9 heures \u00e0 18 heures, sachant que le servicefonctionne dans le cadre du soin.Les recherches r\u00e9alis\u00e9es chez les volontaires adultes sains ou malades, correspondent\u00e0 des essais cliniques de phases |, Il, Ill, IV et peuvent comprendre des premi\u00e8resadministrations \u00e0 l'homme.Selon les dispositions de l'article L. 5311-1, modifi\u00e9 par la Loi n\u00b02022-1726 du 30 d\u00e9cembre2022, les protocoles de recherches envisag\u00e9s auront pour th\u00e8mes :- Les m\u00e9dicaments, y compris les insecticides, acaricides et antiparasitaires \u00e0 usage humain,les pr\u00e9parations magistrales, hospitali\u00e8res et officinales, les substances stup\u00e9fiantes,psychotropes ou autres substances v\u00e9n\u00e9neuses, les huiles essentielles et plantesm\u00e9dicinales, les mati\u00e8res premi\u00e8res \u00e0 usage pharmaceutique ;- Les dispositifs m\u00e9dicaux et leurs accessoires ;- Les produits n'ayant pas de destination m\u00e9dicale dont la liste figure \u00e0 l'annexe XVI(en page 225) du r\u00e8glement (UE) 2017/7485 ;- Les dispositifs m\u00e9dicaux de diagnostic in vitro et leurs accessoires ;- Les produits sanguins labiles ;- Les organes, tissus, cellules et produits d'origine humaine ou animale, y compris lorsqu'ilssont pr\u00e9lev\u00e9s \u00e0 l'occasion d'une intervention chirurgicale ;- Les produits cellulaires \u00e0 finalit\u00e9 th\u00e9rapeutique ;- Les micro-organismes et toxines mentionn\u00e9s \u00e0 l'article L. 5139-1 du CSP ;- Les logiciels qui ne sont pas des dispositifs m\u00e9dicaux et qui sont utilis\u00e9s par les laboratoiresde biologie m\u00e9dicale, pour la gestion des examens de biologie m\u00e9dicale et lorsde la validation, de l'interpr\u00e9tation, de la communication appropri\u00e9e en application du 3\u00b0de l'article L. 6211-2 du CSP et de l'archivage des r\u00e9sultats ;- Les selles collect\u00e9es par les \u00e9tablissements ou organismes mentionn\u00e9s \u00e0 l'articleL. 513-11-1 et destin\u00e9es \u00e0 la fabrication d'un m\u00e9dicament.Les recherches impliquant la personne humaine concern\u00e9es par cette d\u00e9cision ne peuvent \u00eatremises en \u0153uvre qu'apr\u00e8s avis favorable du comit\u00e9 de protection des personnes mentionn\u00e9\u00e0 l'article L. 1123-1 et autorisation de l'autorit\u00e9 comp\u00e9tente mentionn\u00e9e \u00e0 l'article L. 1123-12.Cette d\u00e9cision d'autorisation est d\u00e9livr\u00e9e pour une dur\u00e9e de 3 ans.Tout renouvellement ou toute modification relative aux \u00e9l\u00e9ments \u00e9num\u00e9r\u00e9s \u00e0 l'article R.1121-10du code de la sant\u00e9 publique modifi\u00e9 par le d\u00e9cret n\u00b0 2016-1537 devront faire l'objetd'une nouvelle demande d'autorisation.La demande de renouvellement ou de modification de l'autorisation sera adress\u00e9e au Directeurg\u00e9n\u00e9ral de l'Agence r\u00e9gionale de sant\u00e9 \u00cele-de-France, le d\u00e9lai d'instruction \u00e9tant respectivementde quatre mois ou de deux mois.Un recours contentieux contre la pr\u00e9sente d\u00e9cision peut \u00eatre form\u00e9 aupr\u00e8s du Tribunaladministratif comp\u00e9tent. Le d\u00e9lai de recours est de deux mois \u00e0 compter de sa notificationou de sa publication au recueil des actes administratifs de la pr\u00e9fecture de la r\u00e9gion\u00cele-de-France pour les tiers.La pr\u00e9sente d\u00e9cision sera publi\u00e9e au recueil des actes administratifs de la pr\u00e9fecture de lar\u00e9gion \u00cele-de-France.Fait \u00e0 Saint-Denis, leLe Directeur g\u00e9n\u00e9ralde l'Agence r\u00e9gionale de sant\u00e9\u00cele-de-FrancePar d\u00e9l\u00e9gation,\nDirectionde l'Orne de SolnaDirecteAmaud CORVAISIER\nSign\u00e9 \u00e9lectroniquement par ArnaudCORVAISIER - Directeur de l'Offre de SoinsLe 06/03/2026 \u00e0 11:44 2\nARTICLE 2\u00b0: \nARTICLE 3\u00b0: \nARTICLE 4\u00b0: \nARTICLE 5\u00b0: \nARTICLE 6\u00b0: \nARTICLE 7\u00b0: \nCe lieu de recherches impliquant la personne humaine correspond \u00e0 un lieu de soins \net comprend des locaux situ\u00e9s au 3\u00e8me \u00e9tage du b\u00e2timent principal. Ces locaux d'une superficie \ntotale de 2865 m\u00b0 sont consacr\u00e9s \u00e0 la fois aux activit\u00e9s de soins et de recherches cliniques. \nLe lieu fonctionne du lundi au vendredi, de 9 heures \u00e0 18 heures, sachant que le service \nfonctionne dans le cadre du soin. \nLes recherches r\u00e9alis\u00e9es chez les volontaires adultes sains ou malades, correspondent \n\u00e0 des essais cliniques de phases |, Il, II, IV et peuvent comprendre des premi\u00e8res \nadministrations \u00e0 l'homme. \nSelon les dispositions de l'article L. 5311-1, modifi\u00e9 par la Loi n\u00b02022-1726 du 30 d\u00e9cembre \n2022, les protocoles de recherches envisag\u00e9s auront pour th\u00e8mes : \n- Les m\u00e9dicaments, y compris les insecticides, acaricides et antiparasitaires \u00e0 usage humain, \nles pr\u00e9parations magistrales, hospitali\u00e8res et officinales, les substances stup\u00e9fiantes, \npsychotropes ou autres substances v\u00e9n\u00e9neuses, les huiles essentielles et plantes \nm\u00e9dicinales, les mati\u00e8res premi\u00e8res \u00e0 usage pharmaceutique ; \n- Les dispositifs m\u00e9dicaux et leurs accessoires ; \n- Les produits n'ayant pas de destination m\u00e9dicale dont la liste figure \u00e0 l'annexe XVI \n(en page 225) du r\u00e8glement (UE) 2017/7465 ; \n- Les dispositifs m\u00e9dicaux de diagnostic in vitro et leurs accessoires ; \n- Les produits sanguins labiles ; \n- Les organes, tissus, cellules et produits d'origine humaine ou animale, y compris lorsqu'ils \nsont pr\u00e9lev\u00e9s \u00e0 l'occasion d'une intervention chirurgicale ; \n- Les produits cellulaires \u00e0 finalit\u00e9 th\u00e9rapeutique ; \n- Les micro-organismes et toxines mentionn\u00e9s \u00e0 l'article L. 5139-1 du CSP ; \n- Les logiciels qui ne sont pas des dispositifs m\u00e9dicaux et qui sont utilis\u00e9s par les laboratoires \nde biologie m\u00e9dicale, pour la gestion des examens de biologie m\u00e9dicale et lors \nde la validation, de l'interpr\u00e9tation, de la communication appropri\u00e9e en application du 3\u00b0 \nde l'article L. 6211-2 du CSP et de l'archivage des r\u00e9sultats ; \n- Les selles collect\u00e9es par les \u00e9tablissements ou organismes mentionn\u00e9s \u00e0 l'article \nL. 513-11-1 et destin\u00e9es \u00e0 la fabrication d'un m\u00e9dicament. \nLes recherches impliquant la personne humaine concern\u00e9es par cette d\u00e9cision ne peuvent \u00eatre \nmises en \u0153uvre qu'apr\u00e8s avis favorable du comit\u00e9 de protection des personnes mentionn\u00e9 \n\u00e0 l'article L. 1123-1 et autorisation de l'autorit\u00e9 comp\u00e9tente mentionn\u00e9e \u00e0 l'article L. 1123-12. \nCette d\u00e9cision d'autorisation est d\u00e9livr\u00e9e pour une dur\u00e9e de 3 ans. \nTout renouvellement ou toute modification relative aux \u00e9l\u00e9ments \u00e9num\u00e9r\u00e9s \u00e0 l'article R.1121-10 \ndu code de la sant\u00e9 publique modifi\u00e9 par le d\u00e9cret n\u00b0 2016-1537 devront faire l'objet \nd'une nouvelle demande d'autorisation. \nLa demande de renouvellement ou de modification de l'autorisation sera adress\u00e9e au Directeur \ng\u00e9n\u00e9ral de l'Agence r\u00e9gionale de sant\u00e9 Ile-de-France, le d\u00e9lai d'instruction \u00e9tant respectivement \nde quatre mois ou de deux mois. \nUn recours contentieux contre la pr\u00e9sente d\u00e9cision peut \u00eatre form\u00e9 aupr\u00e8s du Tribunal \nadministratif comp\u00e9tent. Le d\u00e9lai de recours est de deux mois \u00e0 compter de sa notification \nou de sa publication au recueil des actes administratifs de la pr\u00e9fecture de la r\u00e9gion \n\u00cele-de-France pour les tiers. \nLa pr\u00e9sente d\u00e9cision sera publi\u00e9e au recueil des actes administratifs de la pr\u00e9fecture de la \nr\u00e9gion \u00cele-de-France. \nFait \u00e0 Saint-Denis, le \nLe Directeur g\u00e9n\u00e9ral \nde l'Agence r\u00e9gionale de sant\u00e9 \n\u00cele-de-France \nPar d\u00e9l\u00e9gation, \nSign\u00e9 \u00e9lectroniquement par Arnaud \nCORVAISIER - Directeur de l'Offre de Soins \nLe 06/03/2026 \u00e0 11:44 2 \nAgence R\u00e9gionale de Sant\u00e9 - IDF-2026-03-06-00011 - Arr\u00eat\u00e9 n\u00b0 DOS-2026/1342 portant modification de l'autorisation e lieu de\nrecherches impliquant la personne humaine - Service de Neurologie-H\u00f4pital Henri Mondor 6\nDirection de la s\u00e9curit\u00e9 sociale-Mission nationale\nde contr\u00f4le et d'audit des organismes de\ns\u00e9curit\u00e9 sociale\nIDF-2026-03-06-00001\nArr\u00eat\u00e9  du 27 f\u00e9vrier 2026 portant nomination\ndes membres du conseil d'administration de la\ncaisse d'allocations familiales du Val-de-Marne\nDirection de la s\u00e9curit\u00e9 sociale-Mission nationale de contr\u00f4le et d'audit des organismes de s\u00e9curit\u00e9 sociale - IDF-2026-03-06-00001 -\nArr\u00eat\u00e9  du 27 f\u00e9vrier 2026 portant nomination des membres du conseil d'administration de la caisse d'allocations familiales du\nVal-de-Marne\n7\nE =GOUVERNEMENT DirectionLibert\u00e9 de la s\u00e9curit\u00e9 socialeEgalit\u00e9Fraternit\u00e9\n \n \nARR\u00caT\u00c9 du 27 f\u00e9vrier 2026 \nportant nomination des membres du conseil d'administration de la caisse d'allocations \nfamiliales du Val-de-Marne \n \nLe ministre du travail et des solidarit\u00e9s \nLa ministre de la Sant\u00e9, des familles, de l'autonomie et des personnes handicap\u00e9es \n \nVu le code de la s\u00e9curit\u00e9 sociale et notamment les articles L. 215-2, L. 215-3, R. 121-5 \u00e0 R. 121-7, et D. 231-\n1 \u00e0 D. 231-4 ; \n \nVu l'arr\u00eat\u00e9 du 20 octobre 2025 relatif \u00e0 la r\u00e9partition des si\u00e8ges des repr\u00e9sentants des assur\u00e9s sociaux \net des employeurs au sein des organismes de s\u00e9curit\u00e9 sociale du r\u00e9gime g\u00e9n\u00e9ral et du r\u00e9gime local \nd'assurance maladie des d\u00e9partements du Haut-Rhin, du Bas-Rhin et de la Moselle ; \n \nVu l'arr\u00eat\u00e9 du 27 janvier 2026 portant d\u00e9l\u00e9gation de signature \u00e0 Monsieur Guy -Micha\u00ebl DALIN, Chef \nd'antenne des r\u00e9gions Ile-de-France et Centre Val-de-Loire de la mission nationale de contr\u00f4le et d'audit \ndes organismes de s\u00e9curit\u00e9 sociale ; \n \nVu les d\u00e9signations formul\u00e9es par le monsieur le pr\u00e9fet de la r\u00e9gion \u00cele-de-France ; \n \nVu les d\u00e9signations formul\u00e9es par les organisations et institutions habilit\u00e9es  ; \n \n \nARR\u00caTENT \n \nArticle 1er \n \nSont nomm\u00e9s au conseil d'administration de la caisse d'allocations familiales du Val-de-Marne :  \n \n1\u00b0 En tant que Repr\u00e9sentants des assur\u00e9s sociaux : \n \nSur d\u00e9signation de l'organisation Conf\u00e9d\u00e9ration fran\u00e7aise d\u00e9mocratique du travail (CFDT) :  \n \nTitulaires :  \n- Madame Catherine MAZZOLI  \n- Monsieur Boujema RACHEDI  \n \nSuppl\u00e9ants :  \n- Madame Khouka BOUZIT CHALAL  \n- Monsieur Abdel SEDRATI  \n \nSur d\u00e9signation de l'organisation Conf\u00e9d\u00e9ration g\u00e9n\u00e9rale du travail (CGT) :  \n \nTitulaires :  \n- Monsieur Lionel GOULETTE  \n- Madame Luisa LAMA SITOUAH  \n  \nDirection de la s\u00e9curit\u00e9 sociale-Mission nationale de contr\u00f4le et d'audit des organismes de s\u00e9curit\u00e9 sociale - IDF-2026-03-06-00001 -\nArr\u00eat\u00e9  du 27 f\u00e9vrier 2026 portant nomination des membres du conseil d'administration de la caisse d'allocations familiales du\nVal-de-Marne\n8\n \n \n \n \n \n \nSuppl\u00e9ants :  \n- Madame Veronique PEREIRA RODRIGUES  \n- Monsieur Michael SAMSON CORREIA  \n \nSur d\u00e9signation de l'organisation Conf\u00e9d\u00e9ration g\u00e9n\u00e9rale du travail-Force ouvri\u00e8re (CGT-FO) : \n \nTitulaires :  \n-  Madame Delphine BOUANA  \n-  Madame Christine FONTAINE  \n \n \nSuppl\u00e9ants :  \n- Monsieur Pascal IGHEMAT  \n- Madame Lysiane LOUIS  \n \n \nSur d\u00e9signation de l'organisation Conf\u00e9d\u00e9ration Fran\u00e7aise de l'Encadrement \u2013 Conf\u00e9d\u00e9ration G\u00e9n\u00e9rale \ndes Cadres (CFE-CGC) : \n \nTitulaire :  \n- Monsieur Valerio AGOSTINHO \n \nSuppl\u00e9ant :  \n- Poste vacant \n \nSur d\u00e9signation de l'organisation Conf\u00e9d\u00e9ration fran\u00e7aise des travailleurs chr\u00e9tiens (CFTC) :  \n \nTitulaire :  \n- Madame Gladys JULTAT  \n \nSuppl\u00e9ant :  \n- Monsieur Eric MAHE \n \n2\u00b0 En tant que Repr\u00e9sentants des employeurs :  \n \nSur d\u00e9signation de l'organisation Mouvement des entreprises de France (MEDEF) :  \n \nTitulaires :  \n- Madame Sylvaine AMBRON-COMMAILLE  \n- Poste vacant  \n \nSuppl\u00e9ants :  \n- Poste vacant  \n- Poste vacant \n \nSur d\u00e9signation de l'organisation Conf\u00e9d\u00e9ration des Petites et Moyennes Entreprises (CPME)  : \n \nTitulaires :  \n- Madame Daly GARY \n- Poste vacant \n  \nDirection de la s\u00e9curit\u00e9 sociale-Mission nationale de contr\u00f4le et d'audit des organismes de s\u00e9curit\u00e9 sociale - IDF-2026-03-06-00001 -\nArr\u00eat\u00e9  du 27 f\u00e9vrier 2026 portant nomination des membres du conseil d'administration de la caisse d'allocations familiales du\nVal-de-Marne\n9\n \n \n \n \n \nSuppl\u00e9ants :  \n- Poste vacant \n- Poste vacant  \n \nSur d\u00e9signation de l'organisation Union des Entreprises de Proximit\u00e9 (U2P) :  \n \nTitulaire :  \n- Monsieur Gr\u00e9gory PAILLIETTE  \n \nSuppl\u00e9ant :  \n- Poste vacant \n \n3\u00b0 En tant que Repr\u00e9sentants des travailleurs ind\u00e9pendants :  \n \nSur d\u00e9signation de l'organisation Union des Entreprises de Proximit\u00e9 (U2P) :  \n \nTitulaire :  \n- Madame Isabelle BERTHE  \n \nSuppl\u00e9ant :  \n- Poste vacant  \n \nSur d\u00e9signation de l'organisation Conf\u00e9d\u00e9ration des Petites et Moyennes Entreprises (CPME) :  \n \nTitulaire :  \n- Monsieur Julien NO\u00cbL \n \nSuppl\u00e9ant :  \n- Poste vacant \n  \nSur d\u00e9signation de l'organisation F\u00e9d\u00e9ration Nationale des Auto-Entrepreneurs (FNAE) :  \n \nTitulaire :  \n- Madame Claude MILLOT  \n \nSuppl\u00e9ant :  \n- Poste vacant \n  \n4\u00b0 En tant que Repr\u00e9sentants des associations familiales :  \n \nSur d\u00e9signation de l'organisation Union Nationale des Associations Familiales (UNAF) :  \n \nTitulaires :  \n- Monsieur Eric CHATAIGNIER  \n- Monsieur Xavier CHEMLA  \n- Madame Sophie DUBOUDIN  \n- Madame Anne-Val\u00e9rie THOB \n \nSuppl\u00e9ants :  \n- Monsieur Nouredine BENOMAR  \n- Madame Chlo\u00e9 BRUMEL-JOUAN  \n- Madame Koata CISSE  \n- Madame Marie Flore NGUEMCHE  \nDirection de la s\u00e9curit\u00e9 sociale-Mission nationale de contr\u00f4le et d'audit des organismes de s\u00e9curit\u00e9 sociale - IDF-2026-03-06-00001 -\nArr\u00eat\u00e9  du 27 f\u00e9vrier 2026 portant nomination des membres du conseil d'administration de la caisse d'allocations familiales du\nVal-de-Marne\n10\n \n \n \n \n \n \n \n5\u00b0 En tant que personnes qualifi\u00e9es dans le domaine d'activit\u00e9 de l'organisme : \nSur d\u00e9signation du pr\u00e9fet de r\u00e9gion : \n \n- Monsieur Geoffroy FOUGERAY  \n- Madame Nadine HOURMANT  \n- Madame Malika MALTESE \n- Monsieur Jean-marc MORMECK  \n \nArticle 2 \n \nLe pr\u00e9sent arr\u00eat\u00e9 prend effet \u00e0 compter du 13 mars 2026. \n \nArticle 3 \n \nLe chef d'antenne des r\u00e9gions Ile -de-France et Centre-Val de Loire de la Mission nationale de contr\u00f4le \net d'audit des organismes de s\u00e9curit\u00e9 sociale est charg\u00e9 de l'ex\u00e9cution du pr\u00e9sent arr\u00eat\u00e9, qui sera publi\u00e9 \nau recueil des actes administratifs de la pr\u00e9fecture de la r\u00e9gion Ile-de-France. \n \n \n                                                                                 Fait \u00e0 Paris, le 6 mars 2026 \n \nLe ministre du Travail et des Solidarit\u00e9s \n \nPour le ministre et par d\u00e9l\u00e9gation : \n \nSign\u00e9 \n \nGuy-Micha\u00ebl DALIN \n \n \nLa ministre de la Sant\u00e9, des Familles, de \nl'Autonomie et des Personnes handicap\u00e9es \n \nPour la ministre et par d\u00e9l\u00e9gation : \n \nSign\u00e9 \n \nGuy-Micha\u00ebl DALIN \n \n \n  \n \n \n             \n \n              \n \n \n \n \n \n \n \n \n \nDirection de la s\u00e9curit\u00e9 sociale-Mission nationale de contr\u00f4le et d'audit des organismes de s\u00e9curit\u00e9 sociale - IDF-2026-03-06-00001 -\nArr\u00eat\u00e9  du 27 f\u00e9vrier 2026 portant nomination des membres du conseil d'administration de la caisse d'allocations familiales du\nVal-de-Marne\n11\nDirection de la s\u00e9curit\u00e9 sociale-Mission nationale\nde contr\u00f4le et d'audit des organismes de\ns\u00e9curit\u00e9 sociale\nIDF-2026-03-06-00010\nArr\u00eat\u00e9 du 06 mars 2026 portant nomination des\nmembres du conseil d'administration de la caisse\nd'allocations\nfamiliales du Val-de-Marne\nDirection de la s\u00e9curit\u00e9 sociale-Mission nationale de contr\u00f4le et d'audit des organismes de s\u00e9curit\u00e9 sociale - IDF-2026-03-06-00010 -\nArr\u00eat\u00e9 du 06 mars 2026 portant nomination des membres du conseil d'administration de la caisse d'allocations\nfamiliales du Val-de-Marne\n12\nE =GOUVERNEMENT DirectionLibert\u00e9 de la s\u00e9curit\u00e9 socialeEgalit\u00e9Fraternit\u00e9\n \n \nARR\u00caT\u00c9 du 06 mars 2026 \nportant nomination des membres du conseil d'administration de la caisse d'allocations \nfamiliales du Val-de-Marne \n \nLe ministre du travail et des solidarit\u00e9s \nLa ministre de la Sant\u00e9, des familles, de l'autonomie et des personnes handicap\u00e9es \n \nVu le code de la s\u00e9curit\u00e9 sociale et notamment les articles L. 215-2, L. 215-3, R. 121-5 \u00e0 R. 121-7, et D. 231-\n1 \u00e0 D. 231-4 ; \n \nVu l'arr\u00eat\u00e9 du 20 octobre 2025 relatif \u00e0 la r\u00e9partition des si\u00e8ges des repr\u00e9sentants des assur\u00e9s sociaux \net des employeurs au sein des organismes de s\u00e9curit\u00e9 sociale du r\u00e9gime g\u00e9n\u00e9ral et du r\u00e9gime local \nd'assurance maladie des d\u00e9partements du Haut-Rhin, du Bas-Rhin et de la Moselle ; \n \nVu l'arr\u00eat\u00e9 du 27 janvier 2026 portant d\u00e9l\u00e9gation de signature \u00e0 Monsieur Guy -Micha\u00ebl DALIN, Chef \nd'antenne des r\u00e9gions Ile-de-France et Centre Val-de-Loire de la mission nationale de contr\u00f4le et d'audit \ndes organismes de s\u00e9curit\u00e9 sociale ; \n \nVu l'arr\u00eat\u00e9 du 06 mars 2026, dat\u00e9 du 27 f\u00e9vrier 2026, portant  nomination des membres du conseil \nd'administration de la caisse d'allocations familiales du Val-de-Marne ; \n \nVu les d\u00e9signations formul\u00e9es par le monsieur le pr\u00e9fet de la r\u00e9gion \u00cele-de-France ; \n \nVu les d\u00e9signations formul\u00e9es par les organisations et institutions habilit\u00e9es  ; \n \n \nARR\u00caTENT \n \nArticle 1er \n \nL'arr\u00eat\u00e9 initial du 06 mars 2026, dat\u00e9 du 27 f\u00e9vrier 2026, est retir\u00e9 \n \nArticle 2 \n \nSont nomm\u00e9s au conseil d'administration de la caisse d'allocations familiales du Val-de-Marne :  \n \n \n1\u00b0 En tant que Repr\u00e9sentants des assur\u00e9s sociaux : \n \nSur d\u00e9signation de l'organisation Conf\u00e9d\u00e9ration fran\u00e7aise d\u00e9mocratique du travail (CFDT) :  \n \nTitulaires :  \n- Madame Catherine MAZZOLI  \n- Monsieur Boujema RACHEDI  \n \nSuppl\u00e9ants :  \n- Madame Khouka BOUZIT CHALAL  \n- Monsieur Abdelghani SEDRATI  \nDirection de la s\u00e9curit\u00e9 sociale-Mission nationale de contr\u00f4le et d'audit des organismes de s\u00e9curit\u00e9 sociale - IDF-2026-03-06-00010 -\nArr\u00eat\u00e9 du 06 mars 2026 portant nomination des membres du conseil d'administration de la caisse d'allocations\nfamiliales du Val-de-Marne\n13\n \n \n \n \n \n \nSur d\u00e9signation de l'organisation Conf\u00e9d\u00e9ration g\u00e9n\u00e9rale du travail (CGT) :  \n \nTitulaires :  \n- Monsieur Lionel GOULETTE  \n- Madame Luisa LAMA SITOUAH  \n \nSuppl\u00e9ants :  \n- Madame Veronique PEREIRA RODRIGUES  \n- Monsieur Michael SAMSON CORREIA  \n \n \nSur d\u00e9signation de l'organisation Conf\u00e9d\u00e9ration g\u00e9n\u00e9rale du travail-Force ouvri\u00e8re (CGT-FO) : \n \nTitulaires :  \n-  Madame Delphine BOUANA  \n-  Madame Christine FONTAINE  \n \nSuppl\u00e9ants :  \n- Monsieur Pascal IGHEMAT  \n- Madame Lysiane LOUIS  \n \n \nSur d\u00e9signation de l'organisation Conf\u00e9d\u00e9ration Fran\u00e7aise de l'Encadrement \u2013 Conf\u00e9d\u00e9ration G\u00e9n\u00e9rale \ndes Cadres (CFE-CGC) : \n \nTitulaire :  \n- Monsieur Valerio AGOSTINHO \n \nSuppl\u00e9ant :  \n- Poste vacant \n \n \nSur d\u00e9signation de l'organisation Conf\u00e9d\u00e9ration fran\u00e7aise des travailleurs chr\u00e9tiens (CFTC) :  \n \nTitulaire :  \n- Madame Gladys JULTAT  \n \nSuppl\u00e9ant :  \n- Monsieur Eric MAHE \n \n \n2\u00b0 En tant que Repr\u00e9sentants des employeurs :  \n \nSur d\u00e9signation de l'organisation Mouvement des entreprises de France (MEDEF) : \n \nTitulaires :  \n- Madame Sylvaine AMBRON-COMMAILLE  \n- Poste vacant  \n \nSuppl\u00e9ants :  \n- Poste vacant  \n- Poste vacant \n \n \nDirection de la s\u00e9curit\u00e9 sociale-Mission nationale de contr\u00f4le et d'audit des organismes de s\u00e9curit\u00e9 sociale - IDF-2026-03-06-00010 -\nArr\u00eat\u00e9 du 06 mars 2026 portant nomination des membres du conseil d'administration de la caisse d'allocations\nfamiliales du Val-de-Marne\n14\n \n \n \n \n \nSur d\u00e9signation de l'organisation Conf\u00e9d\u00e9ration des Petites et Moyennes Entreprises (CPME)  : \n \nTitulaires :  \n- Madame Daly GARY \n- Poste vacant \n \nSuppl\u00e9ants :  \n- Poste vacant \n- Poste vacant  \n \n \nSur d\u00e9signation de l'organisation Union des Entreprises de Proximit\u00e9 (U2P) :  \n \nTitulaire :  \n- Monsieur Gr\u00e9gory PAILLIETTE  \n \nSuppl\u00e9ant :  \n- Poste vacant \n \n \n3\u00b0 En tant que Repr\u00e9sentants des travailleurs ind\u00e9pendants :  \n \nSur d\u00e9signation de l'organisation Union des Entreprises de Proximit\u00e9 (U2P) :  \n \nTitulaire :  \n- Madame Isabelle BERTH\u00c9 \n \nSuppl\u00e9ant :  \n- Poste vacant  \n \n \nSur d\u00e9signation de l'organisation Conf\u00e9d\u00e9ration des Petites et Moyennes Entreprises (CPME) :  \n \nTitulaire :  \n- Monsieur Julien NO\u00cbL \n \nSuppl\u00e9ant :  \n- Poste vacant \n  \n \nSur d\u00e9signation de l'organisation F\u00e9d\u00e9ration Nationale des Auto-Entrepreneurs (FNAE) :  \n \nTitulaire :  \n- Madame Claude MILLOT  \n \nSuppl\u00e9ant :  \n- Poste vacant \n \n \n \n \n \n \n  \nDirection de la s\u00e9curit\u00e9 sociale-Mission nationale de contr\u00f4le et d'audit des organismes de s\u00e9curit\u00e9 sociale - IDF-2026-03-06-00010 -\nArr\u00eat\u00e9 du 06 mars 2026 portant nomination des membres du conseil d'administration de la caisse d'allocations\nfamiliales du Val-de-Marne\n15\n \n \n \n \n \n4\u00b0 En tant que Repr\u00e9sentants des associations familiales :  \n \nSur d\u00e9signation de l'organisation Union Nationale des Associations Familiales (UNAF) :  \n \nTitulaires :  \n- Monsieur Eric CHATAIGNIER  \n- Monsieur Xavier CHEMLA  \n- Madame Sophie DUBOUDIN  \n- Madame Anne-Val\u00e9rie THOB \n \n \nSuppl\u00e9ants :  \n- Monsieur Nouredine BENOMAR  \n- Madame Chlo\u00e9 BRUMEL-JOUAN  \n- Madame Koata CISSE  \n- Madame Marie Flore NGUEMCHE  \n \n \n5\u00b0 En tant que personnes qualifi\u00e9es dans le domaine d'activit\u00e9 de l'organisme : \nSur d\u00e9signation du pr\u00e9fet de r\u00e9gion : \n \n- Monsieur Geoffroy FOUGERAY  \n- Madame Nadine HOURMANT  \n- Madame Malika MALTESE \n- Monsieur Jean-Marc MORMECK  \n \nArticle 3 \n \nLe pr\u00e9sent arr\u00eat\u00e9 prend effet \u00e0 compter du 13 mars 2026. \n \n \nArticle 4 \n \nLe chef d'antenne des r\u00e9gions Ile -de-France et Centre-Val de Loire de la Mission nationale de contr\u00f4le \net d'audit des organismes de s\u00e9curit\u00e9 sociale est charg\u00e9 de l'ex\u00e9cution du pr\u00e9sent arr\u00eat\u00e9, qui sera publi\u00e9 \nau recueil des actes administratifs de la pr\u00e9fecture de la r\u00e9gion Ile-de-France. \n \n                                                                                 Fait \u00e0 Paris, le 6 mars 2026 \n \nLe ministre du Travail et des Solidarit\u00e9s \n \nPour le ministre et par d\u00e9l\u00e9gation : \n \nSign\u00e9 \n \nGuy-Micha\u00ebl DALIN \n \n \nLa ministre de la Sant\u00e9, des Familles, de \nl'Autonomie et des Personnes handicap\u00e9es \n \nPour la ministre et par d\u00e9l\u00e9gation : \n \nSign\u00e9 \n \nGuy-Micha\u00ebl DALIN \n  \n \nDirection de la s\u00e9curit\u00e9 sociale-Mission nationale de contr\u00f4le et d'audit des organismes de s\u00e9curit\u00e9 sociale - IDF-2026-03-06-00010 -\nArr\u00eat\u00e9 du 06 mars 2026 portant nomination des membres du conseil d'administration de la caisse d'allocations\nfamiliales du Val-de-Marne\n16\nDirection de la s\u00e9curit\u00e9 sociale-Mission nationale\nde contr\u00f4le et d'audit des organismes de\ns\u00e9curit\u00e9 sociale\nIDF-2026-03-06-00002\nArr\u00eat\u00e9 Modificatif du 06 mars 2026 portant\nmodification de la composition du conseil\nd'administration de l'organisme Caisse\nR\u00e9gionale d'Assurance Maladie d'Ile-de-France\nDirection de la s\u00e9curit\u00e9 sociale-Mission nationale de contr\u00f4le et d'audit des organismes de s\u00e9curit\u00e9 sociale - IDF-2026-03-06-00002 -\nArr\u00eat\u00e9 Modificatif du 06 mars 2026 portant modification de la composition du conseil d'administration de l'organisme Caisse\nR\u00e9gionale d'Assurance Maladie d'Ile-de-France\n17\nE =GOUVERNEMENT DirectionLibert\u00e9 de la s\u00e9curit\u00e9 socialeEgalit\u00e9Fraternit\u00e9\n \n \nARR\u00caT\u00c9 du 06 mars 2026 \nportant modification de la composition du conseil d'administration de l'organisme Caisse \nR\u00e9gionale d'Assurance Maladie d'Ile-de-France \n \nLe ministre du travail et des solidarit\u00e9s \nLa ministre de la sant\u00e9, des familles, de l'autonomie et des personnes handicap\u00e9es \n \n \nVu le code de la s\u00e9curit\u00e9 sociale et notamment les articles L. 215-2, L. 215-3, R. 121-5 \u00e0 R. 121-7, et D. 231-\n1 \u00e0 D. 231-4 ; \nVu les d\u00e9signations formul\u00e9es par le pr\u00e9fet de la r\u00e9gion \u00cele-de-France ; \n \nVu les d\u00e9signations formul\u00e9es par les organisations et institutions habilit\u00e9es  \n \nVu l'arr\u00eat\u00e9 du 27 janvier 2026 portant d\u00e9l\u00e9gation de signature \u00e0 Monsieur Guy -Micha\u00ebl DALIN, Chef \nd'antenne des r\u00e9gions Ile-de-France et Centre Val-de-Loire de la mission nationale de contr\u00f4le et d'audit \ndes organismes de s\u00e9curit\u00e9 sociale ; \n \nVu l'arr\u00eat\u00e9 du 2 3 f\u00e9vrier 2026 portant nomination des membres d u conseil d'administration de \nl'organisme Caisse R\u00e9gionale d'Assurance Maladie d'Ile-de-France ; \n \nVu les d\u00e9signations formul\u00e9es par les organisations et institutions habilit\u00e9es.  \n \n \n \nARR\u00caTENT \n \nArticle 1er \n \n \nLa composition du conseil d'administration de l'organisme Caisse R\u00e9gionale d'Assurance Maladie d'Ile -\nde-France est modifi\u00e9 comme suit : \n \nSur postes vacants : \n \n1\u00b0 En tant que Repr\u00e9sentants des assur\u00e9s sociaux : \n \nSur d\u00e9signation de l'organisation Conf\u00e9d\u00e9ration g\u00e9n\u00e9rale du travail-Force ouvri\u00e8re (CGT-FO) : \n \nSuppl\u00e9ants :  \n- Monsieur Teddy ABRAHAM  \n- Madame Imane DA SILVA ALMEIDA  \n \n \n \n \n \nDirection de la s\u00e9curit\u00e9 sociale-Mission nationale de contr\u00f4le et d'audit des organismes de s\u00e9curit\u00e9 sociale - IDF-2026-03-06-00002 -\nArr\u00eat\u00e9 Modificatif du 06 mars 2026 portant modification de la composition du conseil d'administration de l'organisme Caisse\nR\u00e9gionale d'Assurance Maladie d'Ile-de-France\n18\n \n \n \n \n \n \n \n2\u00b0 En tant que Repr\u00e9sentants des employeurs :  \n \nSur d\u00e9signation de l'organisation Mouvement des entreprises de France (MEDEF) :  \n \nTitulaires :  \n- Monsieur Nicolas MEAUZ\u00c9  \n \n \nArticle 2 \n \nLe chef d'antenne des r\u00e9gions Ile -de-France et Centre-Val de Loire de la Mission nationale de contr\u00f4le \net d'audit des organismes de s\u00e9curit\u00e9 sociale est charg\u00e9 de l'ex\u00e9cution du pr\u00e9sent arr\u00eat\u00e9, qui sera publi\u00e9 \nau recueil des actes administratifs de la pr\u00e9fecture de la r\u00e9gion Ile-de-France. \n \n \n \n                                                                                 Fait \u00e0 Paris, le 06 mars 2026 \n \nLe ministre du Travail et des Solidarit\u00e9s \n \nPour le ministre et par d\u00e9l\u00e9gation : \n \nSign\u00e9 \n \nGuy-Micha\u00ebl DALIN \n \n \nLa ministre de la Sant\u00e9, des Familles, de \nl'Autonomie et des Personnes handicap\u00e9es \n \nPour la ministre et par d\u00e9l\u00e9gation : \n \nSign\u00e9 \n \nGuy-Micha\u00ebl DALIN \n \n \n  \n \n \n             \n \n              \n \n \n \n \n \n \n \n \n \nDirection de la s\u00e9curit\u00e9 sociale-Mission nationale de contr\u00f4le et d'audit des organismes de s\u00e9curit\u00e9 sociale - IDF-2026-03-06-00002 -\nArr\u00eat\u00e9 Modificatif du 06 mars 2026 portant modification de la composition du conseil d'administration de l'organisme Caisse\nR\u00e9gionale d'Assurance Maladie d'Ile-de-France\n19\nDirection r\u00e9gionale et interd\u00e9partementale de\nl'alimentation, de l'agriculture et de la for\u00eat d'Ile\nde France\nIDF-2026-03-06-00003\nArr\u00eat\u00e9 modifiant l'arr\u00eat\u00e9 n\u00b0\nIDF-2022-05-19-00007 portant approbation du\nprogramme sanitaire \nd'\u00e9levage et du renouvellement d'agr\u00e9ment du \nGroupement de D\u00e9fense Sanitaire Apicole de\nl'Essonne (GDSA91) \nDirection r\u00e9gionale et interd\u00e9partementale de l'alimentation, de l'agriculture et de la for\u00eat d'Ile de France - IDF-2026-03-06-00003 -\nArr\u00eat\u00e9 modifiant l'arr\u00eat\u00e9 n\u00b0 IDF-2022-05-19-00007 portant approbation du programme sanitaire \nd'\u00e9levage et du renouvellement d'agr\u00e9ment du \nGroupement de D\u00e9fense Sanitaire Apicole de l'Essonne (GDSA91) \n20\n=nPREFET |DE LA REGIOND'\u00ceLE-DE-FRANCELibert\u00e9\u00c9galit\u00e9Fraternit\u00e9\nDirection R\u00e9gionale et Interd\u00e9partementale  \n                               de l'Alimentation, de l'Agriculture \net de la For\u00eat \n \n \n \n \nARR\u00caT\u00c9  \n \n \n \nArr\u00eat\u00e9 modifiant l'arr\u00eat\u00e9 n\u00b0 IDF-2022-05-19-00007 portant approbation du programme sanitaire \nd'\u00e9levage et du renouvellement d'agr\u00e9ment du \nGroupement de D\u00e9fense Sanitaire Apicole de l'Essonne (GDSA91) \n \nLe pr\u00e9fet de la r\u00e9gion d'\u00cele-de-France,  \nPr\u00e9fet de Paris,  \nGrand Officier de la L\u00e9gion d'honneur,  \nOfficier de l'ordre national du M\u00e9rite,  \n \n \n \nVu  le code de la sant\u00e9 publique, notamment ses articl es L. 5143-6 \u00e0 L. 5143-8, R. 5143-5, D. 5143-\n6 \u00e0 D. 5143-9 et R. 5143-10 ; \n \nVu  le d\u00e9cret n\u00b0 2004-374 du 29 avril 2004 modifi\u00e9 rel atif aux pouvoirs des pr\u00e9fets, \u00e0 \nl'organisation et \u00e0 l'action des services de l'Etat dans les r\u00e9gions et les d\u00e9partements ; \n \nVu  le code des relations entre le public et l'adminis tration, notamment ses articles R.  133-1 \u00e0 \nR.  133-15 ; \n \nVu  le d\u00e9cret du 22 juillet 2020, portant nomination d u pr\u00e9fet de la r\u00e9gion d'\u00cele-de-France, pr\u00e9fet \nde Paris (hors classe) - M. GUILLAUME (Marc) ; \n \nVu l'arr\u00eat\u00e9 interminist\u00e9riel du 28 juin 2011 modifi\u00e9 fixant la liste des m\u00e9dicaments v\u00e9t\u00e9rinaires \npr\u00e9vue au deuxi\u00e8me alin\u00e9a de l'article L. 5143-6 du code de la sant\u00e9 publique ; \n \nVu  la demande en date du 15 avril 2025 de M. Mathieu GRISSOLANGE, repr\u00e9sentant l\u00e9gal du \nGroupement de D\u00e9fense Sanitaire Apicole de l'Essonn e (GDSA91) de modification du \nprogramme sanitaire d'\u00e9levage ; \n \nVu  la port\u00e9e de modifications consistant en l'ajout d 'un m\u00e9dicament v\u00e9t\u00e9rinaire autoris\u00e9 non \nsoumis \u00e0 prescription v\u00e9t\u00e9rinaire, au changement du  si\u00e8ge social du GDSA91 et au \nd\u00e9m\u00e9nagement du lieu de stockage des m\u00e9dicaments dans des conditions s\u00e9curis\u00e9es ; \n \nConsid\u00e9rant  l'arr\u00eat\u00e9 IDF-2022-05-19-00007 du pr\u00e9fet de la r\u00e9gi on d'\u00cele-de-France du 19 mai 2022 \nportant approbation du programme sanitaire d'\u00e9levag e et du renouvellement de l'agr\u00e9ment du \nGroupement de D\u00e9fense Sanitaire Apicole de l'Essonne (GDSA91), pour cinq ans ; \n \nConsid\u00e9rant  que les modifications mineures apport\u00e9es au Progra mme Sanitaire d'Elevage ne \nn\u00e9cessitent pas la r\u00e9union de la Commission r\u00e9gionale de la Pharmacie v\u00e9t\u00e9rinaire, \n \n \n \nARR\u00caTE \n \nArticle 1 \ner  : L'article 1 er  de l'arr\u00eat\u00e9 IDF-2022-05-19-00007 portant approbati on du programme \nsanitaire d'\u00e9levage et du renouvellement d'agr\u00e9ment  du Groupement de D\u00e9fense Sanitaire \nApicole de l'Essonne (GDSA91) est modifi\u00e9 comme sui t  : le SIRET 49806571300022 est remplac\u00e9 \nDirection r\u00e9gionale et interd\u00e9partementale de l'alimentation, de l'agriculture et de la for\u00eat d'Ile de France - IDF-2026-03-06-00003 -\nArr\u00eat\u00e9 modifiant l'arr\u00eat\u00e9 n\u00b0 IDF-2022-05-19-00007 portant approbation du programme sanitaire \nd'\u00e9levage et du renouvellement d'agr\u00e9ment du \nGroupement de D\u00e9fense Sanitaire Apicole de l'Essonne (GDSA91) \n21\n      \npar le SIRET 49806571300030 correspondant au nouvea u si\u00e8ge social du groupement situ\u00e9 \u00e0 \nFerme de Trousseau \u00e0 Ris-Orangis (91130). \n \nArticle 2 : L'article 3 de l'arr\u00eat\u00e9 IDF-2022-05-19-00007 portan t approbation du programme \nsanitaire d'\u00e9levage et du renouvellement d'agr\u00e9ment  du Groupement de D\u00e9fense Sanitaire \nApicole de l'Essonne (GDSA91) est modifi\u00e9 comme sui t  : le lieu de stockage des m\u00e9dicaments \nv\u00e9t\u00e9rinaires autoris\u00e9s au titre de l'article L. 514 3-8 du code de la sant\u00e9 publique est situ\u00e9 \u00e0 la \nFerme Saint Lazare, 21 rue du Port \u00e0 Grigny (91350). \n \nArticle 3 : La pr\u00e9f\u00e8te, secr\u00e9taire g\u00e9n\u00e9rale aux politiques publ iques de la pr\u00e9fecture de la r\u00e9gion \nd'\u00cele-de-France, pr\u00e9fecture de Paris, la directrice  r\u00e9gionale et interd\u00e9partementale de \nl'alimentation de l'agriculture et de la for\u00eat d'\u00cel e-de-France, le directeur d\u00e9partemental de la \nprotection des populations de l'Essonne, sont charg \u00e9s, chacun en ce qui le concerne, de \nl'application du pr\u00e9sent arr\u00eat\u00e9, qui sera publi\u00e9 au  recueil des actes administratifs de la \npr\u00e9fecture de r\u00e9gion d'\u00cele-de-France, pr\u00e9fecture de  Paris, et accessible sur le site Internet de la \npr\u00e9fecture de r\u00e9gion d'\u00cele-de-France, pr\u00e9fecture de  Paris : \nwww.paris.pref.gouv.fr , ainsi qu'au \nrecueil des actes administratifs de la pr\u00e9fecture d e l'Essonne, et accessible sur le site Internet de \nla pr\u00e9fecture du d\u00e9partement de l'Essonne : www.essonne.gouv.fr . \n \n \n \n \n \nFait \u00e0 Paris, le 06 mars 2026 \n \nLe Pr\u00e9fet de r\u00e9gion \u00cele-de-France, \nPr\u00e9fet de Paris, \n \nSIGNE \n \n \nMarc GUILLAUME \n \nDirection r\u00e9gionale et interd\u00e9partementale de l'alimentation, de l'agriculture et de la for\u00eat d'Ile de France - IDF-2026-03-06-00003 -\nArr\u00eat\u00e9 modifiant l'arr\u00eat\u00e9 n\u00b0 IDF-2022-05-19-00007 portant approbation du programme sanitaire \nd'\u00e9levage et du renouvellement d'agr\u00e9ment du \nGroupement de D\u00e9fense Sanitaire Apicole de l'Essonne (GDSA91) \n22\nDirection r\u00e9gionale et interd\u00e9partementale de\nl'\u00e9conomie, de l'emploi, du travail et des\nsolidarit\u00e9s d'\u00cele-de-France\nIDF-2026-03-06-00005\nD\u00e9cision n\u00b0 2026-025 du 6 mars 2026\nrelative \u00e0 la localisation et \u00e0 la d\u00e9limitation des\nunit\u00e9s de contr\u00f4le et des sections d'Inspection\ndu Travail de l'Unit\u00e9 D\u00e9partementale de la\nSeine-Saint-Denis\nDirection r\u00e9gionale et interd\u00e9partementale de l'\u00e9conomie, de l'emploi, du travail et des solidarit\u00e9s d'\u00cele-de-France -\nIDF-2026-03-06-00005 - D\u00e9cision n\u00b0 2026-025 du 6 mars 2026\nrelative \u00e0 la localisation et \u00e0 la d\u00e9limitation des unit\u00e9s de contr\u00f4le et des sections d'Inspection du Travail de l'Unit\u00e9 D\u00e9partementale\nde la Seine-Saint-Denis\n23\nMINISTEREDU TRAVAILET DES SOLIDARITESLibert\u00e9Egalit\u00e9Fraternit\u00e9\nDRIEETS Ile de France  \n32, rue Jean Jaur\u00e8s \n93200 SAINT-DENIS                                                                                                                                                                                                                                      1 / 3 \n \nDirection r\u00e9gionale et interd\u00e9partementale \nde l'\u00e9conomie, de l'emploi, \ndu travail et des solidarit\u00e9s \nd'Ile-de-France \n \n \n \nD\u00e9cision n\u00b0 2026-033 du 06 mars 2026 \nportant affectation des agents de contr\u00f4le dans les unit\u00e9s de contr\u00f4le et gestion des int\u00e9rims de la direction \nd\u00e9partementale de l'emploi, du travail et des solidarit\u00e9s de l'Essonne  \n \n \nLe directeur r\u00e9gional et interd\u00e9partemental de l'\u00e9conomie, de l'emploi, du travail et des solidarit\u00e9s d'\u00cele-de-France,  \n \nVu le code du travail, notamment ses articles R. 8122-1 et suivants, \n \nVu le d\u00e9cret n\u00b0 2020 -1545 du 9 d\u00e9cembre 2020 relatif \u00e0 l'organisation et aux missions des directions r\u00e9gionales de \nl'\u00e9conomie, de l'emploi, du travail et des solidarit\u00e9s, des directions d\u00e9partementales de l'emploi, du travail et des \nsolidarit\u00e9s et des directions d\u00e9partementales de l'emploi, du travail, des solidarit\u00e9s et de la protection des populations, \n \nVu l'arr\u00eat\u00e9 minist\u00e9riel du 9 f\u00e9vrier 2026 portant r\u00e9partition des unit\u00e9s de contr\u00f4le de l'inspection du travail, \n \nVu la d\u00e9cision n\u00b0 2021 -26 du 1er avril 2021 du directeur r\u00e9gional et interd\u00e9partemental de l'\u00e9conomie, de l'emploi, du \ntravail et des solidarit\u00e9s d'Ile-de-France relative \u00e0 la localisation et \u00e0 la d\u00e9limitation des unit\u00e9s de contr\u00f4le et des sections \nd'inspection du travail du d\u00e9partement de l'Essonne,  \n \nD\u00c9CIDE : \n \nArticle 1 : Sont nomm\u00e9s responsables d'unit\u00e9s de contr\u00f4le d'inspection du travail de la direction d\u00e9partementale de \nl'emploi, du travail et des solidarit\u00e9s de l'Essonne les agents suivants : \n- - Unit\u00e9 de contr\u00f4le n\u00b01 : Monsieur Lo\u00efc CAMUZAT, directeur adjoint du travail, \n- - Unit\u00e9 de contr\u00f4le n\u00b02 : Madame Nad\u00e8ge RAVASSAT, inspectrice du travail, \n- - Unit\u00e9 de contr\u00f4le n\u00b03 : Madame Sylvie MALUDI, directrice adjointe du travail. \n \nArticle 2 : Sans pr\u00e9judice des dispositions de l'article R. 8122-10-1 du code du travail et conform\u00e9ment aux dispositions de \nl'article R.8122-11 du code du travail, sont affect\u00e9s dans les sections d'inspection du travail de la direction d\u00e9partementale \nde l'emploi, du travail et des solidarit\u00e9s de l'Essonne les agents suivants : \n \nUnit\u00e9 de contr\u00f4le n\u00b01 : \n\u2022 Section 1-1T : Madame St\u00e9phanie DUVAL, directrice adjointe du travail assumant des fonctions d'inspectrice du \ntravail. \n\u2022 Section 1 -2T : Section vacante. L'int\u00e9rim  est assur\u00e9 par monsieur Lo\u00efc CAMUZAT , directeur adjoint  du travail \nassumant des fonctions d'inspecteur du travail. \n\u2022 Section 1-3 : Section vacante. L'int\u00e9rim  est assur\u00e9 par madame St\u00e9phanie DUVAL, directrice adjointe du travail \nassumant des fonctions d'inspectrice du travail. \n\u2022 Section 1-4 : Mme Na\u00efla OTT, inspectrice du travail. \n\u2022 Section 1-5 :  Monsieur Samy GHERBI, inspecteur du travail. \n\u2022 Section 1-6T : Madame B\u00e9atrice CHARPENTIER, inspectrice du travail  \n\u2022 Section 1-7 : Monsieur Micka\u00ebl TADRIST, inspecteur du travail. \n\u2022 Section 1-8 : Madame Pauline BRUNEAU, inspectrice du travail. \n\u2022 Section 1-9 : Madame Farida BARA, inspectrice du travail. \n\u2022 Section 1-10A : Madame Nad\u00e8ge CLAUDE, inspectrice du travail, \u00e0 l'exception de l'\u00e9tablissement CSF (n\u00b0 Siret : \n44028375204822), sis \u00e0 Limours, dont le contr\u00f4le est confi\u00e9 \u00e0 Madame Ma\u00ebva MAUSSE, inspectrice du travail. \n\u2022 Section 1-11A :  Madame Ma\u00ebva MAUSSE, inspectrice du travail. \n \nUnit\u00e9 de contr\u00f4le n\u00b02 : \n\u2022 Section 2-1 : Monsieur Bastien JUPIN, inspecteur du travail. \n\u2022 Section 2-2A : Madame Alice RINAUDO, inspectrice du travail. \nDirection r\u00e9gionale et interd\u00e9partementale de l'\u00e9conomie, de l'emploi, du travail et des solidarit\u00e9s d'\u00cele-de-France -\nIDF-2026-03-06-00005 - D\u00e9cision n\u00b0 2026-025 du 6 mars 2026\nrelative \u00e0 la localisation et \u00e0 la d\u00e9limitation des unit\u00e9s de contr\u00f4le et des sections d'Inspection du Travail de l'Unit\u00e9 D\u00e9partementale\nde la Seine-Saint-Denis\n24\n2 / 3 \n\u2022 Section 2 -3T : Madame Anahita RAHMANINIKOO, inspectrice du travail.  En l'abse nce de Mme Anahita \nRAHMANINIKOO, l'int\u00e9rim de la section est assur\u00e9 par Monsieur Bastien JUPIN, inspecteur du travail \n\u2022 Section 2-4 : Monsieur Pascal GRAILLOT, inspecteur du travail. \n\u2022 Section 2-5 : Monsieur Olivier OU-RABAH, inspecteur du travail.  \n\u2022 Section 2-6 : Section vacante. L'int\u00e9rim est assur\u00e9 par Madame C\u00e9cile IVORRA, inspectrice du travail. \n\u2022 Section 2-7 :  Madame C\u00e9cile IVORRA, inspectrice du travail. \n\u2022 Section 2-8T : Madame Chlo\u00e9 DOUT\u00c9, inspectrice du travail. \n\u2022 Section 2-9A : Monsieur Ma\u00ebl GUILLAUME, inspecteur du travail. \n\u2022 Section 2-10 :  Monsieur Paul ALMOUZNI, inspecteur du travail. \n\u2022 Section 2 -11 : Section vacante . L'int\u00e9rim est assur\u00e9 par Madame Sylvie MALUDI , directrice adjointe du travail \nassumant des fonctions d'inspectrice du travail. \n \nUnit\u00e9 de contr\u00f4le n\u00b03 : \n\u2022 Section 3-1 : Madame Nazli NOZARIAN, inspectrice du travail. \n\u2022 Section 3-2 : Madame Corinne CATALIFAUT, inspectrice du travail. \n\u2022 Section 3-3 : Monsieur Emmanuel ROGEZ, inspecteur du travail. \n\u2022 Section 3-4A : Monsieur G\u00e9rald IVA, inspecteur du travail. \n\u2022 Section 3-5 : Madame Am\u00e9lie STOIAN, inspectrice du travail. \n\u2022 Section 3-6T : Monsieur Mathieu MIGEON, inspecteur du travail. \n\u2022 Section 3-7 : Monsieur Fr\u00e9d\u00e9ric CACHEUX, inspecteur du travail. \n\u2022 Section 3-8 : Madame Isabelle ATINE-PONDEZI, inspectrice du travail. \n\u2022 Section 3-9 : Madame C\u00e9line BARBAROT, inspectrice du travail. En l'absence de Mme C\u00e9line BARBAROT, l'int\u00e9rim \nde la section est assur\u00e9 par Madame Corinne CATALIFAUT, inspectrice du travail, du 1er au 20 mars 2026 puis par \nMadame Isabelle ATINE-PONDEZI \u00e0 compter du 21 mars 2026. \n\u2022 Section 3-10A : Madame Aur\u00e9lie FORHAN, inspectrice du travail. \n\u2022 Section 3-11T :  Monsieur Fran\u00e7ois DA ROCHA, inspecteur du travail. \n \nArticle 3 : En cas d'emp\u00eachement d'un ou plusieurs agents de contr\u00f4le d\u00e9sign\u00e9s \u00e0 l'article 1 ci-dessus, l'int\u00e9rim est organis\u00e9 \nselon les modalit\u00e9s ci -apr\u00e8s : \u00e0 titre principal, en cas d'absence ou d'emp\u00eachement d'un inspecteur du travail, l'int\u00e9rim \nsera assur\u00e9 par un inspecteur du travail affect\u00e9 dans la m\u00eame unit\u00e9 de contr\u00f4le et lorsque les circonstances le n\u00e9cessitent, \npar un inspecteur du travail affect\u00e9 dans une des trois autres unit\u00e9s de contr\u00f4le. \n \nArticle 4 : Conform\u00e9ment aux dispositions de l'article R.8122-10 du code du travail, les agents affect\u00e9s en unit\u00e9 de contr\u00f4le, \nparticipent lorsque l'action le rend n\u00e9cessaire aux actions d'inspection de la l\u00e9gislation du travail sur le territoire de l'unit\u00e9 \nd\u00e9partementale \u00e0 laquelle est rattach\u00e9e l'unit\u00e9 de contr\u00f4le o\u00f9 ils sont affect\u00e9s. \n \nArticle 5 : Sans pr\u00e9judice des attributions des agents de contr\u00f4le affect\u00e9s en section d'inspection, Monsieur Lo\u00efc \nCAMUZAT, directeur adjoint du travail, Madame Sylvie MALUDI, directrice adjointe du travail,  et Madame Nad\u00e8ge \nRAVASSAT, inspectrice du travail, exercent une mission de contr\u00f4le en appui \u00e0 toutes les sections d'inspection. \n \nArticle 6 : En cas d'absence ou d'emp\u00eachement, l'int\u00e9rim de Monsieur Lo\u00efc CAMUZAT, de Madame Sylvie MALUDI, ou de \nmadame Nad\u00e8ge RAVASSAT, responsables d'unit\u00e9 de contr\u00f4le, est assur\u00e9 par l'un des deux autres  responsables d'unit\u00e9 \nde contr\u00f4le. \nEn cas d'absence ou d'emp\u00eachement sim ultan\u00e9 de Monsieur Lo\u00efc CAMUZAT, de Madame Sylvie MALUDI  et de madame \nNad\u00e8ge RAVASSAT, responsables d'unit\u00e9s de contr\u00f4le, l'int\u00e9rim des unit\u00e9s de contr\u00f4le N\u00b0 1, 2 et 3, est assur\u00e9 par Madame \nLoriane COURTOIS, directrice adjointe du travail ou Monsieur St\u00e9phane ROUXEL, directeur du travail. \n \nArticle 7 : La pr\u00e9sente d\u00e9cision prend effet \u00e0 sa date de sa publication. Elle abroge la d\u00e9cision n\u00b0 2025-256 du 29 d\u00e9cembre \n2025. \n \nArticle 8 : Le directeur r \u00e9gional et interd \u00e9partemental de l '\u00e9conomie, de l 'emploi, du travail et des solidarit \u00e9s d'Ile-de-\nFrance et le directeur d\u00e9partemental de l'emploi, du travail et des solidarit\u00e9s de l'Essonne sont charg\u00e9s de l'ex\u00e9cution de \nla pr\u00e9sente d\u00e9cision qui sera publi\u00e9e au recueil des actes administratifs de la r\u00e9gion \u00cele -de-France et de la pr\u00e9fecture du \nd\u00e9partement de l'Essonne. \n \nFait \u00e0 Saint-Denis, le 06 mars 2026 \nLe directeur r\u00e9gional  \n \nSIGN\u00c9 \n \nFabrice MASI \nDirection r\u00e9gionale et interd\u00e9partementale de l'\u00e9conomie, de l'emploi, du travail et des solidarit\u00e9s d'\u00cele-de-France -\nIDF-2026-03-06-00005 - D\u00e9cision n\u00b0 2026-025 du 6 mars 2026\nrelative \u00e0 la localisation et \u00e0 la d\u00e9limitation des unit\u00e9s de contr\u00f4le et des sections d'Inspection du Travail de l'Unit\u00e9 D\u00e9partementale\nde la Seine-Saint-Denis\n25\nDirection r\u00e9gionale et interd\u00e9partementale de\nl'\u00e9conomie, de l'emploi, du travail et des\nsolidarit\u00e9s d'\u00cele-de-France\nIDF-2026-03-06-00004\nD\u00e9cision n\u00b0 2026-033 du 06 mars 2026\nportant affectation des agents de contr\u00f4le dans\nles unit\u00e9s de contr\u00f4le et gestion des int\u00e9rims de\nla direction d\u00e9partementale de l'emploi, du\ntravail et des solidarit\u00e9s de l'Essonne\nDirection r\u00e9gionale et interd\u00e9partementale de l'\u00e9conomie, de l'emploi, du travail et des solidarit\u00e9s d'\u00cele-de-France -\nIDF-2026-03-06-00004 - D\u00e9cision n\u00b0 2026-033 du 06 mars 2026\nportant affectation des agents de contr\u00f4le dans les unit\u00e9s de contr\u00f4le et gestion des int\u00e9rims de la direction d\u00e9partementale de\nl'emploi, du travail et des solidarit\u00e9s de l'Essonne\n26\nMINISTEREDU TRAVAILET DES SOLIDARITESLibert\u00e9Egalit\u00e9Fraternit\u00e9\nDRIEETS Ile de France  \n32, rue Jean Jaur\u00e8s \n93200 SAINT-DENIS                                                                                                                                                                                                                                      1 / 3 \n \nDirection r\u00e9gionale et interd\u00e9partementale \nde l'\u00e9conomie, de l'emploi, \ndu travail et des solidarit\u00e9s \nd'Ile-de-France \n \n \n \nD\u00e9cision n\u00b0 2026-033 du 06 mars 2026 \nportant affectation des agents de contr\u00f4le dans les unit\u00e9s de contr\u00f4le et gestion des int\u00e9rims de la direction \nd\u00e9partementale de l'emploi, du travail et des solidarit\u00e9s de l'Essonne  \n \n \nLe directeur r\u00e9gional et interd\u00e9partemental de l'\u00e9conomie, de l'emploi, du travail et des solidarit\u00e9s d'\u00cele-de-France,  \n \nVu le code du travail, notamment ses articles R. 8122-1 et suivants, \n \nVu le d\u00e9cret n\u00b0 2020 -1545 du 9 d\u00e9cembre 2020 relatif \u00e0 l'organisation et aux missions des directions r\u00e9gionales de \nl'\u00e9conomie, de l'emploi, du travail et des solidarit\u00e9s, des directions d\u00e9partementales de l'emploi, du travail et des \nsolidarit\u00e9s et des directions d\u00e9partementales de l'emploi, du travail, des solidarit\u00e9s et de la protection des populations, \n \nVu l'arr\u00eat\u00e9 minist\u00e9riel du 9 f\u00e9vrier 2026 portant r\u00e9partition des unit\u00e9s de contr\u00f4le de l'inspection du travail, \n \nVu la d\u00e9cision n\u00b0 2021 -26 du 1er avril 2021 du directeur r\u00e9gional et interd\u00e9partemental de l'\u00e9conomie, de l'emploi, du \ntravail et des solidarit\u00e9s d'Ile-de-France relative \u00e0 la localisation et \u00e0 la d\u00e9limitation des unit\u00e9s de contr\u00f4le et des sections \nd'inspection du travail du d\u00e9partement de l'Essonne,  \n \nD\u00c9CIDE : \n \nArticle 1 : Sont nomm\u00e9s responsables d'unit\u00e9s de contr\u00f4le d'inspection du travail de la direction d\u00e9partementale de \nl'emploi, du travail et des solidarit\u00e9s de l'Essonne les agents suivants : \n- - Unit\u00e9 de contr\u00f4le n\u00b01 : Monsieur Lo\u00efc CAMUZAT, directeur adjoint du travail, \n- - Unit\u00e9 de contr\u00f4le n\u00b02 : Madame Nad\u00e8ge RAVASSAT, inspectrice du travail, \n- - Unit\u00e9 de contr\u00f4le n\u00b03 : Madame Sylvie MALUDI, directrice adjointe du travail. \n \nArticle 2 : Sans pr\u00e9judice des dispositions de l'article R. 8122-10-1 du code du travail et conform\u00e9ment aux dispositions de \nl'article R.8122-11 du code du travail, sont affect\u00e9s dans les sections d'inspection du travail de la direction d\u00e9partementale \nde l'emploi, du travail et des solidarit\u00e9s de l'Essonne les agents suivants : \n \nUnit\u00e9 de contr\u00f4le n\u00b01 : \n\u2022 Section 1-1T : Madame St\u00e9phanie DUVAL, directrice adjointe du travail assumant des fonctions d'inspectrice du \ntravail. \n\u2022 Section 1 -2T : Section vacante. L'int\u00e9rim  est assur\u00e9 par monsieur Lo\u00efc CAMUZAT , directeur adjoint  du travail \nassumant des fonctions d'inspecteur du travail. \n\u2022 Section 1-3 : Section vacante. L'int\u00e9rim  est assur\u00e9 par madame St\u00e9phanie DUVAL, directrice adjointe du travail \nassumant des fonctions d'inspectrice du travail. \n\u2022 Section 1-4 : Mme Na\u00efla OTT, inspectrice du travail. \n\u2022 Section 1-5 :  Monsieur Samy GHERBI, inspecteur du travail. \n\u2022 Section 1-6T : Madame B\u00e9atrice CHARPENTIER, inspectrice du travail  \n\u2022 Section 1-7 : Monsieur Micka\u00ebl TADRIST, inspecteur du travail. \n\u2022 Section 1-8 : Madame Pauline BRUNEAU, inspectrice du travail. \n\u2022 Section 1-9 : Madame Farida BARA, inspectrice du travail. \n\u2022 Section 1-10A : Madame Nad\u00e8ge CLAUDE, inspectrice du travail, \u00e0 l'exception de l'\u00e9tablissement CSF (n\u00b0 Siret : \n44028375204822), sis \u00e0 Limours, dont le contr\u00f4le est confi\u00e9 \u00e0 Madame Ma\u00ebva MAUSSE, inspectrice du travail. \n\u2022 Section 1-11A :  Madame Ma\u00ebva MAUSSE, inspectrice du travail. \n \nUnit\u00e9 de contr\u00f4le n\u00b02 : \n\u2022 Section 2-1 : Monsieur Bastien JUPIN, inspecteur du travail. \n\u2022 Section 2-2A : Madame Alice RINAUDO, inspectrice du travail. \nDirection r\u00e9gionale et interd\u00e9partementale de l'\u00e9conomie, de l'emploi, du travail et des solidarit\u00e9s d'\u00cele-de-France -\nIDF-2026-03-06-00004 - D\u00e9cision n\u00b0 2026-033 du 06 mars 2026\nportant affectation des agents de contr\u00f4le dans les unit\u00e9s de contr\u00f4le et gestion des int\u00e9rims de la direction d\u00e9partementale de\nl'emploi, du travail et des solidarit\u00e9s de l'Essonne\n27\n2 / 3 \n\u2022 Section 2 -3T : Madame Anahita RAHMANINIKOO, inspectrice du travail.  En l'abse nce de Mme Anahita \nRAHMANINIKOO, l'int\u00e9rim de la section est assur\u00e9 par Monsieur Bastien JUPIN, inspecteur du travail \n\u2022 Section 2-4 : Monsieur Pascal GRAILLOT, inspecteur du travail. \n\u2022 Section 2-5 : Monsieur Olivier OU-RABAH, inspecteur du travail.  \n\u2022 Section 2-6 : Section vacante. L'int\u00e9rim est assur\u00e9 par Madame C\u00e9cile IVORRA, inspectrice du travail. \n\u2022 Section 2-7 :  Madame C\u00e9cile IVORRA, inspectrice du travail. \n\u2022 Section 2-8T : Madame Chlo\u00e9 DOUT\u00c9, inspectrice du travail. \n\u2022 Section 2-9A : Monsieur Ma\u00ebl GUILLAUME, inspecteur du travail. \n\u2022 Section 2-10 :  Monsieur Paul ALMOUZNI, inspecteur du travail. \n\u2022 Section 2 -11 : Section vacante . L'int\u00e9rim est assur\u00e9 par Madame Sylvie MALUDI , directrice adjointe du travail \nassumant des fonctions d'inspectrice du travail. \n \nUnit\u00e9 de contr\u00f4le n\u00b03 : \n\u2022 Section 3-1 : Madame Nazli NOZARIAN, inspectrice du travail. \n\u2022 Section 3-2 : Madame Corinne CATALIFAUT, inspectrice du travail. \n\u2022 Section 3-3 : Monsieur Emmanuel ROGEZ, inspecteur du travail. \n\u2022 Section 3-4A : Monsieur G\u00e9rald IVA, inspecteur du travail. \n\u2022 Section 3-5 : Madame Am\u00e9lie STOIAN, inspectrice du travail. \n\u2022 Section 3-6T : Monsieur Mathieu MIGEON, inspecteur du travail. \n\u2022 Section 3-7 : Monsieur Fr\u00e9d\u00e9ric CACHEUX, inspecteur du travail. \n\u2022 Section 3-8 : Madame Isabelle ATINE-PONDEZI, inspectrice du travail. \n\u2022 Section 3-9 : Madame C\u00e9line BARBAROT, inspectrice du travail. En l'absence de Mme C\u00e9line BARBAROT, l'int\u00e9rim \nde la section est assur\u00e9 par Madame Corinne CATALIFAUT, inspectrice du travail, du 1er au 20 mars 2026 puis par \nMadame Isabelle ATINE-PONDEZI \u00e0 compter du 21 mars 2026. \n\u2022 Section 3-10A : Madame Aur\u00e9lie FORHAN, inspectrice du travail. \n\u2022 Section 3-11T :  Monsieur Fran\u00e7ois DA ROCHA, inspecteur du travail. \n \nArticle 3 : En cas d'emp\u00eachement d'un ou plusieurs agents de contr\u00f4le d\u00e9sign\u00e9s \u00e0 l'article 1 ci-dessus, l'int\u00e9rim est organis\u00e9 \nselon les modalit\u00e9s ci -apr\u00e8s : \u00e0 titre principal, en cas d'absence ou d'emp\u00eachement d'un inspecteur du travail, l'int\u00e9rim \nsera assur\u00e9 par un inspecteur du travail affect\u00e9 dans la m\u00eame unit\u00e9 de contr\u00f4le et lorsque les circonstances le n\u00e9cessitent, \npar un inspecteur du travail affect\u00e9 dans une des trois autres unit\u00e9s de contr\u00f4le. \n \nArticle 4 : Conform\u00e9ment aux dispositions de l'article R.8122-10 du code du travail, les agents affect\u00e9s en unit\u00e9 de contr\u00f4le, \nparticipent lorsque l'action le rend n\u00e9cessaire aux actions d'inspection de la l\u00e9gislation du travail sur le territoire de l'unit\u00e9 \nd\u00e9partementale \u00e0 laquelle est rattach\u00e9e l'unit\u00e9 de contr\u00f4le o\u00f9 ils sont affect\u00e9s. \n \nArticle 5 : Sans pr\u00e9judice des attributions des agents de contr\u00f4le affect\u00e9s en section d'inspection, Monsieur Lo\u00efc \nCAMUZAT, directeur adjoint du travail, Madame Sylvie MALUDI, directrice adjointe du travail,  et Madame Nad\u00e8ge \nRAVASSAT, inspectrice du travail, exercent une mission de contr\u00f4le en appui \u00e0 toutes les sections d'inspection. \n \nArticle 6 : En cas d'absence ou d'emp\u00eachement, l'int\u00e9rim de Monsieur Lo\u00efc CAMUZAT, de Madame Sylvie MALUDI, ou de \nmadame Nad\u00e8ge RAVASSAT, responsables d'unit\u00e9 de contr\u00f4le, est assur\u00e9 par l'un des deux autres  responsables d'unit\u00e9 \nde contr\u00f4le. \nEn cas d'absence ou d'emp\u00eachement sim ultan\u00e9 de Monsieur Lo\u00efc CAMUZAT, de Madame Sylvie MALUDI  et de madame \nNad\u00e8ge RAVASSAT, responsables d'unit\u00e9s de contr\u00f4le, l'int\u00e9rim des unit\u00e9s de contr\u00f4le N\u00b0 1, 2 et 3, est assur\u00e9 par Madame \nLoriane COURTOIS, directrice adjointe du travail ou Monsieur St\u00e9phane ROUXEL, directeur du travail. \n \nArticle 7 : La pr\u00e9sente d\u00e9cision prend effet \u00e0 sa date de sa publication. Elle abroge la d\u00e9cision n\u00b0 2025-256 du 29 d\u00e9cembre \n2025. \n \nArticle 8 : Le directeur r \u00e9gional et interd \u00e9partemental de l '\u00e9conomie, de l 'emploi, du travail et des solidarit \u00e9s d'Ile-de-\nFrance et le directeur d\u00e9partemental de l'emploi, du travail et des solidarit\u00e9s de l'Essonne sont charg\u00e9s de l'ex\u00e9cution de \nla pr\u00e9sente d\u00e9cision qui sera publi\u00e9e au recueil des actes administratifs de la r\u00e9gion \u00cele -de-France et de la pr\u00e9fecture du \nd\u00e9partement de l'Essonne. \n \nFait \u00e0 Saint-Denis, le 06 mars 2026 \nLe directeur r\u00e9gional  \n \nSIGN\u00c9 \n \nFabrice MASI \nDirection r\u00e9gionale et interd\u00e9partementale de l'\u00e9conomie, de l'emploi, du travail et des solidarit\u00e9s d'\u00cele-de-France -\nIDF-2026-03-06-00004 - D\u00e9cision n\u00b0 2026-033 du 06 mars 2026\nportant affectation des agents de contr\u00f4le dans les unit\u00e9s de contr\u00f4le et gestion des int\u00e9rims de la direction d\u00e9partementale de\nl'emploi, du travail et des solidarit\u00e9s de l'Essonne\n28\nDirection r\u00e9gionale et interd\u00e9partementale de\nl'\u00e9conomie, de l'emploi, du travail et des\nsolidarit\u00e9s d'\u00cele-de-France\nIDF-2026-03-06-00007\nD\u00e9cision n\u00b0 2026-033 du 06 mars 2026\nportant affectation des agents de contr\u00f4le dans\nles unit\u00e9s de contr\u00f4le et gestion des int\u00e9rims de\nla direction d\u00e9partementale de l'emploi, du\ntravail et des solidarit\u00e9s de l'Essonne\nDirection r\u00e9gionale et interd\u00e9partementale de l'\u00e9conomie, de l'emploi, du travail et des solidarit\u00e9s d'\u00cele-de-France -\nIDF-2026-03-06-00007 - D\u00e9cision n\u00b0 2026-033 du 06 mars 2026\nportant affectation des agents de contr\u00f4le dans les unit\u00e9s de contr\u00f4le et gestion des int\u00e9rims de la direction d\u00e9partementale de\nl'emploi, du travail et des solidarit\u00e9s de l'Essonne\n29\nMINISTEREDU TRAVAILET DES SOLIDARITESLibert\u00e9Egalit\u00e9Fraternit\u00e9\nDRIEETS Ile de France  \n32, rue Jean Jaur\u00e8s \n93200 SAINT-DENIS                                                                                                                                                                                                                                      1 / 3 \n \nDirection r\u00e9gionale et interd\u00e9partementale \nde l'\u00e9conomie, de l'emploi, \ndu travail et des solidarit\u00e9s \nd'Ile-de-France \n \n \n \nD\u00e9cision n\u00b0 2026-033 du 06 mars 2026 \nportant affectation des agents de contr\u00f4le dans les unit\u00e9s de contr\u00f4le et gestion des int\u00e9rims de la direction \nd\u00e9partementale de l'emploi, du travail et des solidarit\u00e9s de l'Essonne  \n \n \nLe directeur r\u00e9gional et interd\u00e9partemental de l'\u00e9conomie, de l'emploi, du travail et des solidarit\u00e9s d'\u00cele-de-France,  \n \nVu le code du travail, notamment ses articles R. 8122-1 et suivants, \n \nVu le d\u00e9cret n\u00b0 2020 -1545 du 9 d\u00e9cembre 2020 relatif \u00e0 l'organisation et aux missions des directions r\u00e9gionales de \nl'\u00e9conomie, de l'emploi, du travail et des solidarit\u00e9s, des directions d\u00e9partementales de l'emploi, du travail et des \nsolidarit\u00e9s et des directions d\u00e9partementales de l'emploi, du travail, des solidarit\u00e9s et de la protection des populations, \n \nVu l'arr\u00eat\u00e9 minist\u00e9riel du 9 f\u00e9vrier 2026 portant r\u00e9partition des unit\u00e9s de contr\u00f4le de l'inspection du travail, \n \nVu la d\u00e9cision n\u00b0 2021 -26 du 1er avril 2021 du directeur r\u00e9gional et interd\u00e9partemental de l'\u00e9conomie, de l'emploi, du \ntravail et des solidarit\u00e9s d'Ile-de-France relative \u00e0 la localisation et \u00e0 la d\u00e9limitation des unit\u00e9s de contr\u00f4le et des sections \nd'inspection du travail du d\u00e9partement de l'Essonne,  \n \nD\u00c9CIDE : \n \nArticle 1 : Sont nomm\u00e9s responsables d'unit\u00e9s de contr\u00f4le d'inspection du travail de la direction d\u00e9partementale de \nl'emploi, du travail et des solidarit\u00e9s de l'Essonne les agents suivants : \n- - Unit\u00e9 de contr\u00f4le n\u00b01 : Monsieur Lo\u00efc CAMUZAT, directeur adjoint du travail, \n- - Unit\u00e9 de contr\u00f4le n\u00b02 : Madame Nad\u00e8ge RAVASSAT, inspectrice du travail, \n- - Unit\u00e9 de contr\u00f4le n\u00b03 : Madame Sylvie MALUDI, directrice adjointe du travail. \n \nArticle 2 : Sans pr\u00e9judice des dispositions de l'article R. 8122-10-1 du code du travail et conform\u00e9ment aux dispositions de \nl'article R.8122-11 du code du travail, sont affect\u00e9s dans les sections d'inspection du travail de la direction d\u00e9partementale \nde l'emploi, du travail et des solidarit\u00e9s de l'Essonne les agents suivants : \n \nUnit\u00e9 de contr\u00f4le n\u00b01 : \n\u2022 Section 1-1T : Madame St\u00e9phanie DUVAL, directrice adjointe du travail assumant des fonctions d'inspectrice du \ntravail. \n\u2022 Section 1 -2T : Section vacante. L'int\u00e9rim  est assur\u00e9 par monsieur Lo\u00efc CAMUZAT , directeur adjoint  du travail \nassumant des fonctions d'inspecteur du travail. \n\u2022 Section 1-3 : Section vacante. L'int\u00e9rim  est assur\u00e9 par madame St\u00e9phanie DUVAL, directrice adjointe du travail \nassumant des fonctions d'inspectrice du travail. \n\u2022 Section 1-4 : Mme Na\u00efla OTT, inspectrice du travail. \n\u2022 Section 1-5 :  Monsieur Samy GHERBI, inspecteur du travail. \n\u2022 Section 1-6T : Madame B\u00e9atrice CHARPENTIER, inspectrice du travail  \n\u2022 Section 1-7 : Monsieur Micka\u00ebl TADRIST, inspecteur du travail. \n\u2022 Section 1-8 : Madame Pauline BRUNEAU, inspectrice du travail. \n\u2022 Section 1-9 : Madame Farida BARA, inspectrice du travail. \n\u2022 Section 1-10A : Madame Nad\u00e8ge CLAUDE, inspectrice du travail, \u00e0 l'exception de l'\u00e9tablissement CSF (n\u00b0 Siret : \n44028375204822), sis \u00e0 Limours, dont le contr\u00f4le est confi\u00e9 \u00e0 Madame Ma\u00ebva MAUSSE, inspectrice du travail. \n\u2022 Section 1-11A :  Madame Ma\u00ebva MAUSSE, inspectrice du travail. \n \nUnit\u00e9 de contr\u00f4le n\u00b02 : \n\u2022 Section 2-1 : Monsieur Bastien JUPIN, inspecteur du travail. \n\u2022 Section 2-2A : Madame Alice RINAUDO, inspectrice du travail. \nDirection r\u00e9gionale et interd\u00e9partementale de l'\u00e9conomie, de l'emploi, du travail et des solidarit\u00e9s d'\u00cele-de-France -\nIDF-2026-03-06-00007 - D\u00e9cision n\u00b0 2026-033 du 06 mars 2026\nportant affectation des agents de contr\u00f4le dans les unit\u00e9s de contr\u00f4le et gestion des int\u00e9rims de la direction d\u00e9partementale de\nl'emploi, du travail et des solidarit\u00e9s de l'Essonne\n30\n2 / 3 \n\u2022 Section 2 -3T : Madame Anahita RAHMANINIKOO, inspectrice du travail.  En l'abse nce de Mme Anahita \nRAHMANINIKOO, l'int\u00e9rim de la section est assur\u00e9 par Monsieur Bastien JUPIN, inspecteur du travail \n\u2022 Section 2-4 : Monsieur Pascal GRAILLOT, inspecteur du travail. \n\u2022 Section 2-5 : Monsieur Olivier OU-RABAH, inspecteur du travail.  \n\u2022 Section 2-6 : Section vacante. L'int\u00e9rim est assur\u00e9 par Madame C\u00e9cile IVORRA, inspectrice du travail. \n\u2022 Section 2-7 :  Madame C\u00e9cile IVORRA, inspectrice du travail. \n\u2022 Section 2-8T : Madame Chlo\u00e9 DOUT\u00c9, inspectrice du travail. \n\u2022 Section 2-9A : Monsieur Ma\u00ebl GUILLAUME, inspecteur du travail. \n\u2022 Section 2-10 :  Monsieur Paul ALMOUZNI, inspecteur du travail. \n\u2022 Section 2 -11 : Section vacante . L'int\u00e9rim est assur\u00e9 par Madame Sylvie MALUDI , directrice adjointe du travail \nassumant des fonctions d'inspectrice du travail. \n \nUnit\u00e9 de contr\u00f4le n\u00b03 : \n\u2022 Section 3-1 : Madame Nazli NOZARIAN, inspectrice du travail. \n\u2022 Section 3-2 : Madame Corinne CATALIFAUT, inspectrice du travail. \n\u2022 Section 3-3 : Monsieur Emmanuel ROGEZ, inspecteur du travail. \n\u2022 Section 3-4A : Monsieur G\u00e9rald IVA, inspecteur du travail. \n\u2022 Section 3-5 : Madame Am\u00e9lie STOIAN, inspectrice du travail. \n\u2022 Section 3-6T : Monsieur Mathieu MIGEON, inspecteur du travail. \n\u2022 Section 3-7 : Monsieur Fr\u00e9d\u00e9ric CACHEUX, inspecteur du travail. \n\u2022 Section 3-8 : Madame Isabelle ATINE-PONDEZI, inspectrice du travail. \n\u2022 Section 3-9 : Madame C\u00e9line BARBAROT, inspectrice du travail. En l'absence de Mme C\u00e9line BARBAROT, l'int\u00e9rim \nde la section est assur\u00e9 par Madame Corinne CATALIFAUT, inspectrice du travail, du 1er au 20 mars 2026 puis par \nMadame Isabelle ATINE-PONDEZI \u00e0 compter du 21 mars 2026. \n\u2022 Section 3-10A : Madame Aur\u00e9lie FORHAN, inspectrice du travail. \n\u2022 Section 3-11T :  Monsieur Fran\u00e7ois DA ROCHA, inspecteur du travail. \n \nArticle 3 : En cas d'emp\u00eachement d'un ou plusieurs agents de contr\u00f4le d\u00e9sign\u00e9s \u00e0 l'article 1 ci-dessus, l'int\u00e9rim est organis\u00e9 \nselon les modalit\u00e9s ci -apr\u00e8s : \u00e0 titre principal, en cas d'absence ou d'emp\u00eachement d'un inspecteur du travail, l'int\u00e9rim \nsera assur\u00e9 par un inspecteur du travail affect\u00e9 dans la m\u00eame unit\u00e9 de contr\u00f4le et lorsque les circonstances le n\u00e9cessitent, \npar un inspecteur du travail affect\u00e9 dans une des trois autres unit\u00e9s de contr\u00f4le. \n \nArticle 4 : Conform\u00e9ment aux dispositions de l'article R.8122-10 du code du travail, les agents affect\u00e9s en unit\u00e9 de contr\u00f4le, \nparticipent lorsque l'action le rend n\u00e9cessaire aux actions d'inspection de la l\u00e9gislation du travail sur le territoire de l'unit\u00e9 \nd\u00e9partementale \u00e0 laquelle est rattach\u00e9e l'unit\u00e9 de contr\u00f4le o\u00f9 ils sont affect\u00e9s. \n \nArticle 5 : Sans pr\u00e9judice des attributions des agents de contr\u00f4le affect\u00e9s en section d'inspection, Monsieur Lo\u00efc \nCAMUZAT, directeur adjoint du travail, Madame Sylvie MALUDI, directrice adjointe du travail,  et Madame Nad\u00e8ge \nRAVASSAT, inspectrice du travail, exercent une mission de contr\u00f4le en appui \u00e0 toutes les sections d'inspection. \n \nArticle 6 : En cas d'absence ou d'emp\u00eachement, l'int\u00e9rim de Monsieur Lo\u00efc CAMUZAT, de Madame Sylvie MALUDI, ou de \nmadame Nad\u00e8ge RAVASSAT, responsables d'unit\u00e9 de contr\u00f4le, est assur\u00e9 par l'un des deux autres  responsables d'unit\u00e9 \nde contr\u00f4le. \nEn cas d'absence ou d'emp\u00eachement sim ultan\u00e9 de Monsieur Lo\u00efc CAMUZAT, de Madame Sylvie MALUDI  et de madame \nNad\u00e8ge RAVASSAT, responsables d'unit\u00e9s de contr\u00f4le, l'int\u00e9rim des unit\u00e9s de contr\u00f4le N\u00b0 1, 2 et 3, est assur\u00e9 par Madame \nLoriane COURTOIS, directrice adjointe du travail ou Monsieur St\u00e9phane ROUXEL, directeur du travail. \n \nArticle 7 : La pr\u00e9sente d\u00e9cision prend effet \u00e0 sa date de sa publication. Elle abroge la d\u00e9cision n\u00b0 2025-256 du 29 d\u00e9cembre \n2025. \n \nArticle 8 : Le directeur r \u00e9gional et interd \u00e9partemental de l '\u00e9conomie, de l 'emploi, du travail et des solidarit \u00e9s d'Ile-de-\nFrance et le directeur d\u00e9partemental de l'emploi, du travail et des solidarit\u00e9s de l'Essonne sont charg\u00e9s de l'ex\u00e9cution de \nla pr\u00e9sente d\u00e9cision qui sera publi\u00e9e au recueil des actes administratifs de la r\u00e9gion \u00cele -de-France et de la pr\u00e9fecture du \nd\u00e9partement de l'Essonne. \n \nFait \u00e0 Saint-Denis, le 06 mars 2026 \nLe directeur r\u00e9gional  \n \nSIGN\u00c9 \n \nFabrice MASI \nDirection r\u00e9gionale et interd\u00e9partementale de l'\u00e9conomie, de l'emploi, du travail et des solidarit\u00e9s d'\u00cele-de-France -\nIDF-2026-03-06-00007 - D\u00e9cision n\u00b0 2026-033 du 06 mars 2026\nportant affectation des agents de contr\u00f4le dans les unit\u00e9s de contr\u00f4le et gestion des int\u00e9rims de la direction d\u00e9partementale de\nl'emploi, du travail et des solidarit\u00e9s de l'Essonne\n31\nDirection r\u00e9gionale et interd\u00e9partementale de\nl'\u00e9conomie, de l'emploi, du travail et des\nsolidarit\u00e9s d'\u00cele-de-France\nIDF-2026-03-06-00009\nArr\u00eat\u00e9 n\u00b02026-019 du 06 mars 2026 portant\ncommissionnement pour effectuer des contr\u00f4les\nau titre de la formation professionnelle et des\nop\u00e9rations cofinanc\u00e9es par le Fonds Social\nEurop\u00e9en\nDirection r\u00e9gionale et interd\u00e9partementale de l'\u00e9conomie, de l'emploi, du travail et des solidarit\u00e9s d'\u00cele-de-France -\nIDF-2026-03-06-00009 - Arr\u00eat\u00e9 n\u00b02026-019 du 06 mars 2026 portant commissionnement pour effectuer des contr\u00f4les au titre de la\nformation professionnelle et des op\u00e9rations cofinanc\u00e9es par le Fonds Social Europ\u00e9en\n32\nE 3PREFET |DE LA REGIOND'\u00ceLE-DE-FRANCELibert\u00e9Egalit\u00e9Fraternit\u00e9\nDRIEETS  d'Ile-de-France  \n32 rue Jean Jaur\u00e8s 93200 Saint-Denis \nhttp://idf.drieets.gouv.fr/  \n \n \n  \n \n \n \n \n \nDirection r\u00e9gionale et interd\u00e9partementale \nde l'\u00e9conomie, de l'emploi,  \ndu travail et des solidarit\u00e9s \n \n \n                                             \nArr\u00eat\u00e9 n\u00b02026-019 du 06 mars 2026 \n \nPortant commissionnement pour effectuer des contr\u00f4les au titre de la formation professionnelle et des \nop\u00e9rations cofinanc\u00e9es par le Fonds Social Europ\u00e9en \n \nLe Directeur r\u00e9gional et interd\u00e9partemental de l'\u00e9conomie, de l'emploi, du travail et des solidarit\u00e9s d'\u00cele -de-\nFrance, \nVU le code du travail, notamment les articles L. 6361-1 \u00e0 L. 6361-5 et R. 6361-1 et R. 6361-2 ;  \nVU le r\u00e8glement (UE) n\u00b0 1303/2013 du Parlement europ\u00e9en et du Consei l du 17 d\u00e9cembre 2013, modifi\u00e9, \nportant dispositions communes relatives au Fonds europ\u00e9en de d\u00e9veloppement r\u00e9gional, au Fonds social \neurop\u00e9en, au Fonds de coh\u00e9sion, au Fonds europ\u00e9en agricole pour le d\u00e9veloppement rural et au Fonds \neurop\u00e9en pour les affaires maritimes et la p\u00eache, portant dispositions g\u00e9n\u00e9rales applicables au Fon ds \neurop\u00e9en de d\u00e9veloppement r\u00e9gional, au Fonds social europ\u00e9en, au Fonds de coh\u00e9sion et au Fonds \neurop\u00e9en pour les affaires maritimes et la p\u00eache, et abrogeant le r\u00e8glement (CE) n\u00b0 1083/2006 du Conseil; \nVU le r\u00e8glement (UE) n\u00b0 1304/2013 du Parlement europ\u00e9en et du Conseil du 17 d\u00e9cembre 2013, modifi\u00e9, relatif \nau Fonds social europ\u00e9en et abrogeant le r\u00e8glement (CE) n\u00b0 1081/2006 du Conseil ; \nVU le r\u00e8glement d\u00e9l\u00e9gu\u00e9 (UE) n\u00b0 480/2014 de la Commission du 3 mars 2014, modifi\u00e9, compl\u00e9tant le r\u00e8glement \n(UE) n\u00b0 1303/2013 du Parlement europ\u00e9en et du Conseil portant dispositions communes relatives au Fonds \neurop\u00e9en de d\u00e9veloppement r\u00e9gional, au Fonds soci al europ\u00e9en, au Fonds de coh\u00e9sion, au Fonds \neurop\u00e9en agricole pour le d\u00e9veloppement rural et au Fonds europ\u00e9en pour les affaires maritimes et la \np\u00eache, portant dispositions g\u00e9n\u00e9rales applicables au Fonds europ\u00e9en de d\u00e9veloppement r\u00e9gional, au \nFonds soci al europ\u00e9en, au Fonds de coh\u00e9sion et au Fonds europ\u00e9en pour les affaires maritimes et la \np\u00eache ; \nVU le d\u00e9cret n\u00b0 2008-548 du 11 juin 2008, modifi\u00e9, relatif \u00e0 la commission interminist\u00e9rielle de coordination \ndes contr\u00f4les \u2013 autorit\u00e9 d'audit pour les fonds europ\u00e9ens en France ; \nVU le d\u00e9cret n\u00b0 2014 -580 du 3 juin 2014 relatif \u00e0 la gestion de tout ou par tie des fonds europ\u00e9ens pour la \np\u00e9riode 2014-2020 ;  \nVU le d\u00e9cret du 22 juillet 2020 portant nomination de Monsieur Marc GUILLAUME, en qualit\u00e9 de pr\u00e9fet de la \nr\u00e9gion d'\u00cele-de-France, pr\u00e9fet de Paris, \nVU l'arr\u00eat\u00e9 interminist\u00e9riel du 12 ao\u00fbt 2025 nommant Monsieur Fabrice MASI, directeur r\u00e9gional et \ninterd\u00e9partemental de l'\u00e9conomie, de l'emploi, du travail et des solidarit\u00e9s d'\u00cele-de-France \u00e0 compter du \n25 ao\u00fbt 2025,  \nVU l'arr\u00eat\u00e9 IDF-2025-08-27-00002 du 27 ao\u00fbt 2025 de Monsieur Marc GUILLAUME, pr\u00e9fet de la r\u00e9gion \u00cele -de-\nFrance, pr\u00e9fet de Paris, portant d\u00e9l\u00e9gation de signature \u00e0 Monsieur Fabrice MASI, directeur r\u00e9gional et \ninterd\u00e9partemental de l'\u00e9conomie, de l'emploi, du t ravail et des solidarit\u00e9s d'\u00cele -de-France, en mati\u00e8re \nadministrative,  \n \n \nDirection r\u00e9gionale et interd\u00e9partementale de l'\u00e9conomie, de l'emploi, du travail et des solidarit\u00e9s d'\u00cele-de-France -\nIDF-2026-03-06-00009 - Arr\u00eat\u00e9 n\u00b02026-019 du 06 mars 2026 portant commissionnement pour effectuer des contr\u00f4les au titre de la\nformation professionnelle et des op\u00e9rations cofinanc\u00e9es par le Fonds Social Europ\u00e9en\n33\n2/2 \n \nVU l'arr\u00eat\u00e9 du Ministre du Travail , en date du  02/12/2025, portant r\u00e9int\u00e9gration et affectation de Madame \nFanette CORDAT \u00e0 la direction r\u00e9gionale et interd\u00e9partementale de l'\u00e9conomie, de l'emploi, du travail et \ndes solidarit\u00e9s d'Ile-de-France ;  \nVU l'assermentation de Madame Fanette CORDAT prononc\u00e9e par le pr\u00e9sident du Tribunal judiciaire de Paris \nen date du 16 janvier 2026 ; \n \n \n \nArr\u00eate \n \nARTICLE 1 : \n \nMadame Fanette CORDAT est commissionn\u00e9e pour effectuer les contr\u00f4les mentionn\u00e9s aux articles L. 6361-1 \n\u00e0 L. 6361-5 du code du travail. \n \n \nARTICLE 2 : \n \nMadame Fanette CORDAT  est commissionn\u00e9 e pour effectuer les audits mentionn\u00e9s \u00e0 l'article 27 du \nr\u00e8glement d\u00e9l\u00e9gu\u00e9 (UE) n\u00b0 480/2014 de la Commission du 3 mars 2014 compl\u00e9tant le r\u00e8glement (UE) n\u00b0 \n1303/2013 du Parlement europ\u00e9en et du Conseil portant dispositions communes relatives au Fonds europ\u00e9en \nde d\u00e9veloppement r\u00e9gional, au Fonds social europ\u00e9en, au Fonds de coh\u00e9sion, au Fonds europ\u00e9en agricole \npour le d\u00e9veloppement rural et au Fonds europ\u00e9en pour les affaires maritimes et la p\u00eache, portant \ndispositions g\u00e9n\u00e9rales applicables au Fonds europ\u00e9en de d\u00e9veloppement r\u00e9gional, au Fonds social europ\u00e9en, \nau Fonds de coh\u00e9sion et au Fonds europ\u00e9en pour les affaires maritimes et la p\u00eache, pour ce qui concerne les \nop\u00e9rations s\u00e9lectionn\u00e9es dans le cadre du programme op\u00e9rationnel national FSE pour l'emploi et l'inclusion \nen m\u00e9tropole (CCI 2014FR05SFOP001) et du programme op\u00e9rationnel national pour la mise en \u0153uvre de \nl'initiative pour l'emploi des jeunes en m\u00e9tropole et en outre-mer (CCI 2014FR05M9OP001). \n \n \nARTICLE 3 : \n \nMadame Fanette CORDAT est habilit\u00e9e \u00e0 intervenir sur l'ensemble du territoire de la r\u00e9gion Ile-de-France. \n \n \nARTICLE 4 : \n \nMadame Fanette CORDAT est tenue au secret professionnel dans les termes des articles 226-13 et 226-14 du \ncode p\u00e9nal. \n \n \nARTICLE 5 : \n \nLe Directeur r\u00e9gional et interd\u00e9partemental de l'\u00e9conomie, de l'emploi, du travail et des solidarit\u00e9s d'\u00cele-de-\nFrance est charg\u00e9 de l'ex\u00e9cution du pr\u00e9sent arr\u00eat\u00e9 qui sera publi\u00e9 au recueil des actes administratifs de la \npr\u00e9fecture de la r\u00e9gion d'\u00cele-de-France, pr\u00e9fecture de Paris. \n \n \n \nFait \u00e0 Saint Denis, le 06 mars 2026 \n \nLe Directeur r\u00e9gional et interd\u00e9partemental de \nl'\u00e9conomie, de l'emploi, du travail et des Solidarit\u00e9s d'\u00cele-\nde-France \n \nSIGN\u00c9 \n \nFabrice MASI \nDirection r\u00e9gionale et interd\u00e9partementale de l'\u00e9conomie, de l'emploi, du travail et des solidarit\u00e9s d'\u00cele-de-France -\nIDF-2026-03-06-00009 - Arr\u00eat\u00e9 n\u00b02026-019 du 06 mars 2026 portant commissionnement pour effectuer des contr\u00f4les au titre de la\nformation professionnelle et des op\u00e9rations cofinanc\u00e9es par le Fonds Social Europ\u00e9en\n34","date":"2026-03-06","first_seen_on":"2026-03-06T17:19:15+00:00","id":"63173c1fc76263f786e70437a2063c16c740f7ffd0ba9f7c9f6a100bb139a8de","name":"recueil-idf-015-2026-03-RAA-nominatifs du 06.03.2026","pdf_creation_date":"2026-03-06T16:00:12+00:00","pdf_modification_date":null,"timezone":"Europe/Paris","url":"https://www.prefectures-regions.gouv.fr/ile-de-france/irecontenu/telechargement/136085/995485/file/recueil-idf-015-2026-03-RAA-nominatifs%20du%2006.03.2026.pdf"}
