{"administration":"pref80","administration_name":"Pr\u00e9fecture de la Somme","content":"PR\u00c9FET\nDE LA SOMME\nRECUEIL DES ACTES\nADMINISTRATIFS SP\u00c9CIAL\n(NOMINATIFS)\nN\u00b02024-252\nPUBLI\u00c9 LE 24 D\u00c9CEMBRE 2024\nSommaire\nDirection D\u00e9partementale des Territoires et de la Mer /\n80-2024-12-24-00006 - Arr\u00eat\u00e9 portant agr\u00e9ment d'un \u00e9tablissement\nd'enseignement de la conduite des v\u00e9hicules \u00e0 moteur et de la\ns\u00e9curit\u00e9 routi\u00e8re d\u00e9nomm\u00e9 AUTO ECOLE CELINE (2 pages) Page 3\n80-2024-12-24-00007 - Arr\u00eat\u00e9 portant modification de l'agr\u00e9ment d'un\n\u00e9tablissement d'enseignement de la conduite des v\u00e9hicules \u00e0 moteur\net de la s\u00e9curit\u00e9 routi\u00e8re d\u00e9nomm\u00e9 BIP BIP (2 pages) Page 6\n80-2024-12-24-00005 - Arr\u00eat\u00e9 portant retrait d'agr\u00e9ment d'un\n\u00e9tablissement d'enseignement de la conduite des v\u00e9hicules \u00e0 moteur\net de la s\u00e9curit\u00e9 routi\u00e8re d\u00e9nomm\u00e9  CELINE AUTO ECOLE (2\npages) Page 9\n80-2024-12-24-00004 - Arr\u00eat\u00e9 portant retrait d'agr\u00e9ment d'un\n\u00e9tablissement d'enseignement de la conduite des v\u00e9hicules \u00e0 moteur\net de la s\u00e9curit\u00e9 routi\u00e8re d\u00e9nomm\u00e9 SARL TONNEL (2 pages) Page 12\nPr\u00e9fecture de la Somme /\n80-2024-12-24-00009 - AP du 24.12.2024 portant d\u00e9l\u00e9gation de\nsignature DCL (5 pages) Page 15\nPr\u00e9fecture de la Somme - Cabinet / Cabinet\n80-2024-12-24-00010 - AP 24/933 portant autorisation provisoire d'un\nsyst\u00e8me de vid\u00e9oprotection (2 pages) Page 21\n80-2024-12-24-00011 - AP n\u00b0 24/934 portant autorisation provisoire d'un\nsyst\u00e8me de vid\u00e9oprotection (2 pages) Page 24\nSIDPC pr\u00e9fecture de la Somme /\n80-2024-12-24-00008 - AP modificatif agr\u00e9ment SSIAP Novoform (2\npages) Page 27\n2\nDirection D\u00e9partementale des Territoires et de\nla Mer\n80-2024-12-24-00006\nArr\u00eat\u00e9 portant agr\u00e9ment d'un \u00e9tablissement\nd'enseignement de la conduite des v\u00e9hicules \u00e0\nmoteur et de la s\u00e9curit\u00e9 routi\u00e8re d\u00e9nomm\u00e9\nAUTO ECOLE CELINE\nDirection D\u00e9partementale des Territoires et de la Mer - 80-2024-12-24-00006 - Arr\u00eat\u00e9 portant agr\u00e9ment d'un \u00e9tablissement\nd'enseignement de la conduite des v\u00e9hicules \u00e0 moteur et de la s\u00e9curit\u00e9 routi\u00e8re d\u00e9nomm\u00e9 AUTO ECOLE CELINE 3\nPREFET  Direction  d\u00e9partementale\nDELA  SOMME  des territoires  et de la mer\n\u00c9gaitt\u00e9  de la Somme\nFrarcrent\u00e9\nARR\u00caT\u00c9\nPortant  agr\u00e9ment  d'un  \u00e9tablissement  d'enseignement  de la conduite  des\nv\u00e9hicules  \u00e0 moteur  et de la s\u00e9curit\u00e9  routi\u00e8re  d\u00e9nomm\u00e9\nAUTO  ECOLE  CELINE\nLE PR\u00c9FET  DE LA SOMME\nCHEVALIER  DE LA L\u00c9GION  D'HONNEUR\nVu le Code  de la route  et notamment  ses articles  R.213-1  et R.213-2  ;\nVu le d\u00e9cret  du 13 juillet  2023  nommant  Monsieur  Rollon  MOUCHEL-BLAISOT,  pr\u00e9fet  de la\nSomme,  \u00e0 compter  du 24 juillet  2023  ;\nVu l'arr\u00eat\u00e9  du Premier  Ministre  et du Ministre  de l'Int\u00e9rieur  du 12 juin 2024  portant\nnomination  de Monsieur  Xavier  ROUSSET,  ing\u00e9nieur  g\u00e9n\u00e9ral  des  ponts  des  eaux  et des  for\u00eats\nde classe  normale,  directeur  d\u00e9partemental  des  territoires  et de la mer  de la Somme;\nVu l'arr\u00eat\u00e9  du 22 f\u00e9vrier  2023  portant  nomination  de Monsieur  Guillaume  VANDEVOORDE,\ning\u00e9nieur  divisionnaire  de l'industrie  et des  mines,  directeur  d\u00e9partemental  adjoint  des\nterritoires  et de la mer  de la Somme  ;\nxVu l'arr\u00eat\u00e9  minist\u00e9riel  du 8 janvier  2001  relatif  \u00e0 l'exploitation  des  \u00e9tablissements\nd'enseignement,  a titre  on\u00e9reux,  de la conduite  des  v\u00e9hicules  \u00e0 moteur  et de la s\u00e9curit\u00e9\nrouti\u00e8re  ;\nVu l'arr\u00eat\u00e9  minist\u00e9riel  du 8 janvier  2001  cr\u00e9ant  un registre  national  de l'enseignement  de la\nconduite  des  v\u00e9hicules  \u00e0 moteur  et de la s\u00e9curit\u00e9  routi\u00e8re  ; |\nVu l'arr\u00eat\u00e9  pr\u00e9fectoral  du 24 juin  2024  accordant  d\u00e9l\u00e9gation  de signature  a Monsieur  Xavier\nROUSSET,  ing\u00e9nieur  g\u00e9n\u00e9ral  des  ponts  des  eaux  et des  for\u00eats  de classe  normale,  directeur\nd\u00e9partemental  des  territoires  et de la mer  de la Somme;\nVu l'arr\u00eat\u00e9  pr\u00e9fectoral  du 26 juin  2024  accordant  d\u00e9l\u00e9gation  de signatur\u00e9  a Monsieur\nGuillaume  VANDEVOORDE,  ing\u00e9nieur  divisionnaire  de l'industrie  et des  mines,  directeur\nd\u00e9partemental  adjoint  des  territoires  et de la mer  de la Somme  ;\nConsid\u00e9rant  la demande  pr\u00e9sent\u00e9e  par Madame  C\u00e9line  THIEBAUT  en date  du 30 novembre\n2024,  en vue  d'\u00eatre  autoris\u00e9e  \u00e0 exploiter  un \u00e9tablissement  d'enseignement,  a titre  on\u00e9reux,\nde la conduite  des  v\u00e9hicules  \u00e0 moteur  et de la s\u00e9curit\u00e9  routi\u00e8re  ;\n+\nConsid\u00e9rant  que  la demande  remplit  les conditions  r\u00e9glementaires  ;\nDirection D\u00e9partementale des Territoires et de la Mer - 80-2024-12-24-00006 - Arr\u00eat\u00e9 portant agr\u00e9ment d'un \u00e9tablissement\nd'enseignement de la conduite des v\u00e9hicules \u00e0 moteur et de la s\u00e9curit\u00e9 routi\u00e8re d\u00e9nomm\u00e9 AUTO ECOLE CELINE 4\nSur proposition  du Directeur,\nARRETE\nArticle  1er.  - Madame  C\u00e9line  THIEBAUT  est autoris\u00e9e  a exploiter,  sous  le num\u00e9ro\nE 24 080  0005  0 un \u00e9tablissement  d'enseignement,  a titre  on\u00e9reux,  de la conduite  des\nv\u00e9hicules  \u00e0 moteur  et de la s\u00e9curit\u00e9  routi\u00e8re,  d\u00e9nomm\u00e9  CELINE  AUTO  ECOLE,  situ\u00e9  22 rue du\nMar\u00e9chal  Leclerc  - Gamaches.\nArticle  2. - Cet  agr\u00e9ment  est d\u00e9livr\u00e9  pour  une  dur\u00e9e  de cinq  ans  \u00e0 compter  de la date  du\npr\u00e9sent  arr\u00eat\u00e9.  Sur  demande  de l'exploitant  pr\u00e9sent\u00e9e  deux  mois  avant  la date  d'expiration\nde la validit\u00e9  de son  agr\u00e9ment,  celui-ci  sera  renouvel\u00e9  si les conditions  requises  sont  remplies.\nArticle  3 - L'\u00e9tablissement  est habilit\u00e9,  au vu des  autorisations  d'enseigner  fournies,  \u00e0\ndispenser  les formations  pour  les cat\u00e9gories  de permis  suivantes  :\n-B-B1/  AM  Quadri  l\u00e9ger.\nArticle  4 - Le pr\u00e9sent  agr\u00e9ment  n'est  valable  que  pour  l'exploitation  d'un  \u00e9tablissement,  \u00e0\ntitre  personnel  par  son  titulaire,  sous  r\u00e9serve  de l'application  des  prescriptions  de l'arr\u00eat\u00e9  du\n8 janvier  2001  susvis\u00e9.\nArticle  5 - En cas  de changement  d'adresse  ou de reprise  du local  par  un autre  exploitant,\nune  nouvelle  demande  d'agr\u00e9ment  devra  \u00eatre  pr\u00e9sent\u00e9e  deux  mois  avant  la date  du\nchangement  ou de la reprise,  \u00e0 la pr\u00e9fecture.\nArticle  6 - Pour  toute  transformation  du local  d'activit\u00e9,  tout  abandon  ou toute  extension\nd'une  formation,  l'exploitante  est tenue  d'adresser  une  demande  de modification  du pr\u00e9sent\narr\u00eat\u00e9  \u00e0 Monsieur  le Pr\u00e9fet.\nArticle  7 - L'agr\u00e9ment  peut  \u00eatre  \u00e0 tout  moment  suspendu  ou retir\u00e9  selon  les conditions  fix\u00e9es\npar  les articles  12 \u00e0 14 de l'arr\u00eat\u00e9  susvis\u00e9.\nArticle  8 - Le pr\u00e9sent  agr\u00e9ment  et toute  d\u00e9cision  affectant  sa validit\u00e9  seront  enregistr\u00e9s  dans\nle registre  national  de l'enseignement  de la conduite  des  v\u00e9hicules  \u00e0 moteur  et de la s\u00e9curit\u00e9\nrouti\u00e8re  cr\u00e9\u00e9  par  l'arr\u00eat\u00e9  du 8 janvier  2001  susvis\u00e9.\nConform\u00e9ment  \u00e0 la loi n\u00b0 78-17  du 6 janvier  1978  relative  \u00e0 l'informatique,  aux  fichiers  et aux\nlibert\u00e9s,  toute  personne  peut  obtenir  communication  et, le cas  \u00e9ch\u00e9ant,  rectification  ou\nsuppression  des  informations  la concernant,  en s'adressant  \u00e0 la Direction  D\u00e9partementale\ndes  Territoires  et de la Mer  de la Somme  - Centre  d'examen  du permis  de conduire  bureau\n\u00e9ducation  routi\u00e8re  - 35 rue de la vall\u00e9e  80000  Amiens.\nArticle  09 - Le directeur  D\u00e9partemental  des  Territoires  et de la Mer  est charg\u00e9  de l'ex\u00e9cution\ndu pr\u00e9sent  arr\u00eat\u00e9  qui sera  publi\u00e9  au recueil  des  actes  administratifs  de la pr\u00e9fecture  de la\nSomme.\nAmiens,  le 2 & DEL. 2024\nPour  le pr\u00e9fet  et par  d\u00e9l\u00e9gation,\n|\nLe Directeur  D\u00e9partemental\ndes Territoires  et de la Mer\nBE  Guillaume  VANDEVOORDE\nDirection D\u00e9partementale des Territoires et de la Mer - 80-2024-12-24-00006 - Arr\u00eat\u00e9 portant agr\u00e9ment d'un \u00e9tablissement\nd'enseignement de la conduite des v\u00e9hicules \u00e0 moteur et de la s\u00e9curit\u00e9 routi\u00e8re d\u00e9nomm\u00e9 AUTO ECOLE CELINE 5\nDirection D\u00e9partementale des Territoires et de\nla Mer\n80-2024-12-24-00007\nArr\u00eat\u00e9 portant modification de l'agr\u00e9ment d'un\n\u00e9tablissement d'enseignement de la conduite\ndes v\u00e9hicules \u00e0 moteur et de la s\u00e9curit\u00e9 routi\u00e8re\nd\u00e9nomm\u00e9 BIP BIP\nDirection D\u00e9partementale des Territoires et de la Mer - 80-2024-12-24-00007 - Arr\u00eat\u00e9 portant modification de l'agr\u00e9ment d'un\n\u00e9tablissement d'enseignement de la conduite des v\u00e9hicules \u00e0 moteur et de la s\u00e9curit\u00e9 routi\u00e8re d\u00e9nomm\u00e9 BIP BIP 6\nEn  \"RANCE\nPR\u00c9FET  Direction  d\u00e9partementale  NATION\nDE LA SOMME  des territoires  et de la mer \u00cb ERTE  )\nBoalt de la Somme\nARRETE\nPortant  modification  de l'agr\u00e9ment  d'un  \u00e9tablissement  d'enseignement  de la\nconduite  des v\u00e9hicules  \u00e0 moteur  et de la s\u00e9curit\u00e9  routi\u00e8re  d\u00e9nomm\u00e9\nBIP-BIP\nLE PR\u00c9FET  DE LA SOMME\nCHEVALIER  DE LA L\u00c9GION  D'HONNEUR\nVU le Code  de la route  et notamment  ses articles  R.213-1  et R.213-2  ;\nVu le d\u00e9cret  du 13 juillet  2023  nommant  Monsieur  Rollon  MOUCHEL-BLAISOT,  pr\u00e9fet  de la\nSomme,  \u00e0 compter  du 24 juillet  2023  ;\nVu l'arr\u00eat\u00e9  du Premier  Ministre  et du Ministre  de l'Int\u00e9rieur  du 12 juin  2024  portant  nomination\nde Monsieur  Xavier  ROUSSET,  ing\u00e9nieur  g\u00e9n\u00e9ral  des ponts  des eaux  et des for\u00eats  de classe\nnormale,  directeur  d\u00e9partemental  des  territoires  et de la mer  de la Somme;\nVu l'arr\u00eat\u00e9  du 22 f\u00e9vrier  2023  portant  nomination  de Monsieur  Guillaume  VANDEVOORDE,\ning\u00e9nieur  divisionnaire  de l'industrie  et des mines,  directeur  d\u00e9partemental  adjoint  des\nterritoires  et de la mer  de la Somme  ;\nxVU l'arr\u00eat\u00e9  minist\u00e9riel  du 8 janvier  2001  relatif  \u00e0 l'exploitation  des \u00e9tablissements\nd'enseignement,  \u00e0 titre  on\u00e9reux,  de la conduite  des v\u00e9hicules  \u00e0 moteur  et de la s\u00e9curit\u00e9\nrouti\u00e8re  ;\nVU l'arr\u00eat\u00e9  minist\u00e9riel  du 8 janvier  2001  cr\u00e9ant  un registre  national  de l'enseignement  de la\nconduite  des v\u00e9hicules  \u00e0 moteur  et de la s\u00e9curit\u00e9  routi\u00e8re  ;\nVu l'arr\u00eat\u00e9  pr\u00e9fectoral  du 24 juin 2024  accordant  d\u00e9l\u00e9gation  de signature  \u00e0 Monsieur  Xavier\nROUSSET,  ing\u00e9nieur  g\u00e9n\u00e9ral  des ponts  des eaux  et des for\u00eats  de classe  normale,  directeur\nd\u00e9partemental  des  territoires  et de la mer  de la Somme;\nxVU l'arr\u00eat\u00e9  pr\u00e9fectoral  du 24 juillet  2023  accordant  d\u00e9l\u00e9gation  de signature  \u00e0 monsieur\nGuillaume  VANDEVOORDE,  ing\u00e9nieur  divisionnaire  de l'industrie  et des mines,  directeur\nd\u00e9partemental  adjoint  des  territoires  et de la mer  de la Somme  ;\nVU l'arr\u00eat\u00e9  pr\u00e9fectoral  du 23 ao\u00fbt  2022  autorisant  Monsieur  Michael  HUBERT  \u00e0 exploiter\nl'\u00e9tablissement  d'enseignement,  \u00e0 titre  on\u00e9reux,  de la conduite  des v\u00e9hicules  \u00e0 moteur  et la\ns\u00e9curit\u00e9  routi\u00e8re,  d\u00e9nomm\u00e9  BIP-BIP  Permis  ;\nConsid\u00e9rant  la demande  d'extension  pr\u00e9sent\u00e9e  par Monsieur  HUBERT  en date.  du\n17 d\u00e9cembre  2024,  relative  \u00e0 l'exploitation  de son \u00e9tablissement  d'enseignement  de la\nconduite  des  v\u00e9hicules  \u00e0 moteur  de la s\u00e9curit\u00e9  routi\u00e8re  ;\nDirection D\u00e9partementale des Territoires et de la Mer - 80-2024-12-24-00007 - Arr\u00eat\u00e9 portant modification de l'agr\u00e9ment d'un\n\u00e9tablissement d'enseignement de la conduite des v\u00e9hicules \u00e0 moteur et de la s\u00e9curit\u00e9 routi\u00e8re d\u00e9nomm\u00e9 BIP BIP 7\nConsid\u00e9rant  que  la demande  remplit  les conditions  r\u00e9glementaires,\nSur  proposition  du Directeur,\nARR\u00caTE\nArticle  jer. - L'article  3 de l'arr\u00eat\u00e9  pr\u00e9fectoral  du susvis\u00e9  est modifi\u00e9  ainsi  qu'il  suit:\nL'\u00e9tablissement  est habilit\u00e9,  au vu des autorisations  d'enseigner  fournies,  \u00e0 dispenser  les\nformations  pour  les cat\u00e9gories  de permis  suivantes  :\nB/B1/BE/AM  quadri  l\u00e9ger.\nArticle  2. - Les autres  articles  de l'arr\u00eat\u00e9  pr\u00e9fectoral  susvis\u00e9  restent  inchang\u00e9s.\nArticle  3. - La modification  r\u00e9sultant  du pr\u00e9sent  arr\u00eat\u00e9  sera  enregistr\u00e9e  dans  le registre\nnational  de l'enseignement  de la conduite  des v\u00e9hicules  \u00e0 moteur  et de la s\u00e9curit\u00e9  routi\u00e8re\ncr\u00e9\u00e9  par l'arr\u00eat\u00e9  du 8 janvier  2001  pr\u00e9cit\u00e9.\nConform\u00e9ment  \u00e0 la loi n\u00b0 78-17  du 6 janvier  1978  relative  \u00e0 l'informatique,  aux fichiers  et aux\nlibert\u00e9s,  toute  personne  peut  obtenir  communication  et, le cas \u00e9ch\u00e9ant,  rectification  ou\nsuppression  des informations  la concernant,  en s'adressant  \u00e0 la Direction  D\u00e9partementale  des\nTerritoires  et de la Mer de la Somme  - Centre  d'examen  du permis  de conduire  bureau\n\u00e9ducation  routi\u00e8re  - 35 rue de la vall\u00e9e  80000  Amiens.\nArticle  4 - Le directeur  D\u00e9partemental  des Territoires  et de la Mer  est charg\u00e9  de l'ex\u00e9cution\ndu pr\u00e9sent  arr\u00eat\u00e9  qui sera  publi\u00e9  au recueil  des actes  administratifs  de la pr\u00e9fecture  de la\nSomme.\nAmiens,  le 24 DEC.  2024\nPour  le pr\u00e9fet  et par d\u00e9l\u00e9gation,\n| /\ni shartementalLe Directeur  Depa\ndes Territoires  l\u00e9t de la Mer :\nAdigint nn ae\nrm\u00ff 7 \u2014_\n< guise  VANDEVOORDE\nDirection D\u00e9partementale des Territoires et de la Mer - 80-2024-12-24-00007 - Arr\u00eat\u00e9 portant modification de l'agr\u00e9ment d'un\n\u00e9tablissement d'enseignement de la conduite des v\u00e9hicules \u00e0 moteur et de la s\u00e9curit\u00e9 routi\u00e8re d\u00e9nomm\u00e9 BIP BIP 8\nDirection D\u00e9partementale des Territoires et de\nla Mer\n80-2024-12-24-00005\nArr\u00eat\u00e9 portant retrait d'agr\u00e9ment d'un\n\u00e9tablissement d'enseignement de la conduite\ndes v\u00e9hicules \u00e0 moteur et de la s\u00e9curit\u00e9 routi\u00e8re\nd\u00e9nomm\u00e9  CELINE AUTO ECOLE\nDirection D\u00e9partementale des Territoires et de la Mer - 80-2024-12-24-00005 - Arr\u00eat\u00e9 portant retrait d'agr\u00e9ment d'un \u00e9tablissement\nd'enseignement de la conduite des v\u00e9hicules \u00e0 moteur et de la s\u00e9curit\u00e9 routi\u00e8re d\u00e9nomm\u00e9  CELINE AUTO ECOLE 9\n| 3 \"RANCE\nPR\u00c9FET  Direction  d\u00e9partementale  MATION\nEs LA SOMME  des territoires  et de la mer WER RTE ) ,\nEgalit\u00e9  de la Somme\nFrarerart\u00e9\nARR\u00caT\u00c9\nPortant  retrait  d'agr\u00e9ment  d'un  \u00e9tablissement  d'enseignement  de la conduite\ndes  v\u00e9hicules  \u00e0 moteur  et de la s\u00e9curit\u00e9  routi\u00e8re  d\u00e9nomm\u00e9\nCELINE  AUTO  ECOLE\nLE PR\u00c9FET  DE LA SOMME\nCHEVALIER  DE LA L\u00c9GION  D'HONNEUR\n. Vu le Code  de la route  et notamment  ses articles  R.213-1  et R.213-2  ;\nVu le d\u00e9cret  du 13 juillet  2023  nommant  Monsieur  Rollon  MOUCHEL-BLAISOT,  pr\u00e9fet  de la\nSomme,  \u00e0 compter  du 24 juillet  2023  ;\nVu l'arr\u00eat\u00e9  du Premier  Ministre  et du Ministre  de l'Int\u00e9rieur  du 12 juin  2024  portant\nnomination  de Monsieur  Xavier  ROUSSET,  ing\u00e9nieur  g\u00e9n\u00e9ral  des  ponts  des  eaux  et des  for\u00eats\nde classe  normale,  directeur  d\u00e9partemental  des  territoires  et de la mer  de la Somme;\nVu l'arr\u00eat\u00e9  du 22 f\u00e9vrier  2023  portant  nomination  de Monsieur  Guillaume  VANDEVOORDE,\ning\u00e9nieur  divisionnaire  de l'industrie  et des  mines,  directeur  d\u00e9partemental  adjoint  des\nterritoires  et de la mer  de la Somme  ;\nVu l'arr\u00eat\u00e9  minist\u00e9riel  du 8 janvier  2001  relatif  \u00e0 l'exploitation  des  \u00e9tablissements\nd'enseignement,  \u00e0 titre  on\u00e9reux,  de la conduite  des  v\u00e9hicules  \u00e0 moteur  et de la s\u00e9curit\u00e9\nrouti\u00e8re  ;\nVu l'arr\u00eat\u00e9  minist\u00e9riel  du 8 janvier  2001  cr\u00e9ant  un registre  national  de l'enseignement  de la\nconduite  des  v\u00e9hicules  \u00e0 moteur  et de la s\u00e9curit\u00e9  routi\u00e8re  ;\nVu l'arr\u00eat\u00e9  pr\u00e9fectoral  du 24 juin  2024  accordant  d\u00e9l\u00e9gation  de signature  \u00e0 Monsieur  Xavier\nROUSSET,  ing\u00e9nieur  g\u00e9n\u00e9ral  des  ponts  des  eaux  et des  for\u00eats  de classe  normale,  directeur\nd\u00e9partemental  des  territoires  et de la mer  de la Somme;\nVu l'arr\u00eat\u00e9  pr\u00e9fectoral  du 26 juin  2024  accordant  d\u00e9l\u00e9gation  de signature  \u00e0 Monsieur\nGuillaume  VANDEVOORDE,  ing\u00e9nieur  divisionnaire  de l'industrie  et des  mines,  directeur\nd\u00e9partemental  adjoint  des  territoires  et de la mer  de la Somme  ;\nConsid\u00e9rant  la demande  pr\u00e9sent\u00e9e  par Madame  C\u00e9line  THIEBAUT  en date  du 30 novembre\n2024,  r\u00e9ception  complet  du dossier,  en vue  de modifier  l'adresse  de son  \u00e9tablissement\nd'enseignement,  \u00e0 titre  on\u00e9reux,  de la conduite  des v\u00e9hicules  \u00e0 moteur  et de la s\u00e9curit\u00e9\nrouti\u00e8re  ;\nDirection D\u00e9partementale des Territoires et de la Mer - 80-2024-12-24-00005 - Arr\u00eat\u00e9 portant retrait d'agr\u00e9ment d'un \u00e9tablissement\nd'enseignement de la conduite des v\u00e9hicules \u00e0 moteur et de la s\u00e9curit\u00e9 routi\u00e8re d\u00e9nomm\u00e9  CELINE AUTO ECOLE 10\nSur  proposition  du Directeur,\nARRETE\nArticle  1er. - L'arr\u00eat\u00e9  pr\u00e9fectoral  du 03 juin  2021  relatif  a l'agr\u00e9ment  E 16 080  0004  0 d\u00e9livr\u00e9  a\nMadame  C\u00e9line  THIEBAUT  pour  exploiter  l'\u00e9tablissement  d'enseignement,  \u00e0 titre  on\u00e9reux,  de\nla conduite  des v\u00e9hicules  \u00e0 moteur  et de la s\u00e9curit\u00e9  routi\u00e8re,  d\u00e9nomm\u00e9  CELINE  AUTO  ECOLE\nsitu\u00e9  39, rue Charles  de Gaulle  \u00e0 Gamaches  est abrog\u00e9.\nArticle  2. - Madame  THIEBAUT  est tenu  le jour  de la notification  du pr\u00e9sent  arr\u00eat\u00e9  de fournir\nun inventaire  des demandes  de permis  de conduire  (Cerfa  02) et des livrets  d'apprentissage\nen sa possession  en pr\u00e9cisant  les noms,  pr\u00e9noms  et dates  de naissance  des \u00e9l\u00e8ves  et les\nNum\u00e9ros  d'Enregistrement  Pr\u00e9fectoral  Harmonis\u00e9  (NEPH)  des dossiers  concern\u00e9s.\nArticle  3 - Les Cerfa  02 et les livrets  d'apprentissage  des \u00e9l\u00e8ves  inscrits  dans  l'\u00e9tablissement\ndevront  leur  \u00eatre  restitu\u00e9s  dans  le d\u00e9lai  de quinze  jours  suivant  la date  de notification  du\npr\u00e9sent  arr\u00eat\u00e9.  Les documents  pr\u00e9cit\u00e9s  devront  \u00eatre  adress\u00e9s  avec  avis de r\u00e9ception  ou remis\nen mains  propres  contre  signature  d'un  avis  de r\u00e9ception  dat\u00e9  et r\u00e9dig\u00e9  comme  suit  : \" Je,\nsoussign\u00e9,  (nom,  pr\u00e9nom  de l'\u00e9l\u00e8ve),  n\u00e9 le (date  de naissance  de l'\u00e9l\u00e8ve),  \u00e0 (lieu  de naissance\nde l'\u00e9l\u00e8ve),  reconna\u00eet  que l'\u00e9tablissement  (nom)  de (nom  de la commune)  m'a restitu\u00e9,  ce jour,\nmon  Cerfa  02 et mon  livret  d'apprentissage  \".\nArticle  4- Le pr\u00e9sent  arr\u00eat\u00e9  devra  faire  l'objet  d'un  affichage  sur la porte  d'entr\u00e9e  principale\nde l'\u00e9tablissement.\nArticle  5 - La pr\u00e9sente  d\u00e9cision  sera  enregistr\u00e9e  dans  le registre  national  de l'enseignement  de\nla conduite  des  v\u00e9hicules  \u00e0 moteur  et de la s\u00e9curit\u00e9  routi\u00e8re  cr\u00e9\u00e9  par l'arr\u00eat\u00e9  du 8 janvier  2001\npr\u00e9cit\u00e9.  Conform\u00e9ment  \u00e0 la loi n\u00b0 78-17  du 6 janvier  1978  relative  \u00e0 l'informatique,  aux fichiers\net aux libert\u00e9s,  toute  personne  peut  obtenir  communication  et, le cas \u00e9ch\u00e9ant,  rectification\nou suppression  des informations  la concernant,  en s'adressant  \u00e0 la Direction  D\u00e9partementale\ndes Territoires  et de la Mer  de la Somme  - Centre  d'examen  du permis  de conduire  bureau\n\u00e9ducation  routi\u00e8re  - 35 rue de la vall\u00e9e  80000  Amiens.\nArticle  09 - Le directeur  D\u00e9partemental  des Territoires  et de la Mer  est charg\u00e9  de l'ex\u00e9cution\ndu pr\u00e9sent  arr\u00eat\u00e9  qui sera  publi\u00e9  au recueil  des actes  administratifs  de la pr\u00e9fecture  de la\nSomme.\nAmiens,  le 24 DEL.  2024\nPour  le pr\u00e9fet  et par  delegation,\ntalLe Directeur  D\u00e9partemen\ndes Tete  et =  =\n\u2014\n\u00e0 \u2014\u2014\nSi vous  estimez  devoir  contester  la pr\u00e9sente  d\u00e9cision,  vous  pouvez  former:- un recours hi\u00e9rarchique  nes du ministre charg\u00e9 de Z s\u00e9curit\u00e9 voutigyeltamerig  oN EVQOIRE  Be ala\ncirculation  routi\u00e9res,\n- un recours  contentieux  devant  le tribunal  administratif  du lieu de votre  r\u00e9sidence  dans  un d\u00e9lai  de deux  mois  \u00e0\ncompter  de la date  de r\u00e9ception  du pr\u00e9sent  courrier.  Le tribunal  administratif  peut  \u00eatre  saisi  par l'application\ninformatique  \"T\u00e9l\u00e9recours  Citoyens\"  accessible  par le site  internet  www.telerecours.fr\nLes recours  administratifs  doivent  \u00eatre  pr\u00e9sent\u00e9s  dans  ce m\u00eame  d\u00e9lai  de deux  mois  si vous  souhaitez  conserver  la\npossibilit\u00e9  de saisir  ult\u00e9rieurement  le juge  administratif.\nCes  voies  de recours  n'ont  pas d'effet  suspensif.\nDirection D\u00e9partementale des Territoires et de la Mer - 80-2024-12-24-00005 - Arr\u00eat\u00e9 portant retrait d'agr\u00e9ment d'un \u00e9tablissement\nd'enseignement de la conduite des v\u00e9hicules \u00e0 moteur et de la s\u00e9curit\u00e9 routi\u00e8re d\u00e9nomm\u00e9  CELINE AUTO ECOLE 11\nDirection D\u00e9partementale des Territoires et de\nla Mer\n80-2024-12-24-00004\nArr\u00eat\u00e9 portant retrait d'agr\u00e9ment d'un\n\u00e9tablissement d'enseignement de la conduite\ndes v\u00e9hicules \u00e0 moteur et de la s\u00e9curit\u00e9 routi\u00e8re\nd\u00e9nomm\u00e9 SARL TONNEL\nDirection D\u00e9partementale des Territoires et de la Mer - 80-2024-12-24-00004 - Arr\u00eat\u00e9 portant retrait d'agr\u00e9ment d'un \u00e9tablissement\nd'enseignement de la conduite des v\u00e9hicules \u00e0 moteur et de la s\u00e9curit\u00e9 routi\u00e8re d\u00e9nomm\u00e9 SARL TONNEL 12\nEu  | FRANCE\nPR\u00c9FET  Direction  d\u00e9partementale  \"LATION\nDELASOMME  des territoires  et de la mer \u00a5 RTE }\nZrberie  Agir \u00ab Mobiliser  \u00bb Acc\u00e9l\u00e9rer\npcre  de la Somme\nARRETE\nPortant  retrait  d'agr\u00e9ment  d'un  \u00e9tablissement  d'enseignement  de la conduite\ndes  v\u00e9hicules  \u00e0 moteur  et de la s\u00e9curit\u00e9  routi\u00e8re  d\u00e9nomm\u00e9\nSARL  TONNEL\nLE PR\u00c9FET  DE LA SOMME\nCHEVALIER  DE LA L\u00c9GION  D'HONNEUR\nVu le Code  de la route  et notamment  ses articles  L. 213-5  et R.213-5;\nVu le d\u00e9cret  du 13 juillet  2023  portant  nomination  de M. Rollon  MOUCHEL-BLAISOT,  pr\u00e9fet  de\nla Somme;\nVu l'arr\u00e9t\u00e9  du Premier  Ministre  et du Ministre  de l'Int\u00e9rieur  du 12 juin  2024  portant\nnomination  de Monsieur  Xavier  ROUSSET,  ing\u00e9nieure  g\u00e9n\u00e9ral  des ponts  des eaux  et des for\u00e9ts\nde classe  normale,  directeur  d\u00e9partemental  des territoires  et de la mer  de la Somme;.\nVu l'arr\u00eat\u00e9  du 22 f\u00e9vrier  2023  portant  nomination  de Monsieur  Guillaume  VANDEVOORDE,\ning\u00e9nieur  divisionnaire  de l'industrie  et des  mines,  directeur  d\u00e9partemental  adjoint  des  terri-\ntoires  et de la mer  de la Somme;\nVU l'arr\u00eat\u00e9  minist\u00e9riel  du 8 janvier  2001  relatif  \u00e0 l'exploitation  des \u00e9tablissements\nd'enseignement,  \u00e0 titre  on\u00e9reux,  de la conduite  des v\u00e9hicules  \u00e0 moteur  et de la s\u00e9curit\u00e9\nrouti\u00e8re  ;\nVu l'arr\u00eat\u00e9  minist\u00e9riel  du 8 janvier  2001  cr\u00e9ant  un registre  national  de l'enseignement  de la\nconduite  des v\u00e9hicules  \u00e0 moteur  et de la s\u00e9curit\u00e9  routi\u00e8re  ;\nVu l'arr\u00eat\u00e9  pr\u00e9fectoral  du 24 juin  2024  accordant  d\u00e9l\u00e9gation  de signature  \u00e0 Monsieur  Xavier\nROUSSET,  ing\u00e9nieure  g\u00e9n\u00e9ral  des ponts  des eaux  et des for\u00eats  de classe  normale,  directeur\nd\u00e9partemental  des  territoires  et de la mer  de la Somme;\nVu l'arr\u00eat\u00e9  pr\u00e9fectoral  du 26 juin  2024  accordant  d\u00e9l\u00e9gation  de signature  \u00e0 monsieur\nGuillaume  VANDEVOORDE,  ing\u00e9nieur  divisionnaire  de l'industrie  et des mines,  directeur\nd\u00e9partemental  adjoint  des territoires  et de la mer  de la Somme;\nVu l'arr\u00eat\u00e9  pr\u00e9fectoral  du 8 d\u00e9cembre  2023  autorisant  Monsieur  Tonnel  a exploiter\nl'\u00e9tablissement  d'enseignement,  \u00e0 titre  on\u00e9reux,  de la conduite  des v\u00e9hicules  a moteur  et la\ns\u00e9curit\u00e9  routi\u00e8re  d\u00e9nomm\u00e9  SARL  TONNEL  (enseigne  AUTO  ECOLE-TONNEL),  situ\u00e9  \u00e0 Amiens\n7, rue de la 2\u00e8me  DB;\nVU le jugement  d'ouverture  de liquidation  judiciaire  prononc\u00e9  par le TRIBUNAL  DE\nCOMMERCE  D'AMIENS  le 25 juillet  2024  ;\nConsid\u00e9rant  que  Monsieur  TONNEL  a cess\u00e9  d\u00e9finitivement  son activit\u00e9  suite  \u00e0 la liquidation\njudiciaire  ;\n1/2\nDirection D\u00e9partementale des Territoires et de la Mer - 80-2024-12-24-00004 - Arr\u00eat\u00e9 portant retrait d'agr\u00e9ment d'un \u00e9tablissement\nd'enseignement de la conduite des v\u00e9hicules \u00e0 moteur et de la s\u00e9curit\u00e9 routi\u00e8re d\u00e9nomm\u00e9 SARL TONNEL 13\nSur proposition  du Directeur,\nARRETE\nArticle  1 - L'arr\u00eat\u00e9  pr\u00e9fectoral  du 8 d\u00e9cembre  2023  relatif  \u00e0 l'agr\u00e9ment  n\u00b0 E 130 800  00 20\nd\u00e9livr\u00e9  \u00e0 Monsieur  TONNEL  pour  exploiter  l'\u00e9tablissement  d'enseignement,  \u00e0 titre  on\u00e9reux,  de\nla conduite  des v\u00e9hicules  \u00e0 moteur  et la s\u00e9curit\u00e9  routi\u00e8re,  situ\u00e9  \u00e0 Amiens,  7, rue de la 2\u00e8me\nDB sous  la d\u00e9nomination  SARL  TONNEL  (enseigne  AUTO-ECOLE  TONNEL),  est abrog\u00e9.\nArticle  2 - Monsieur  TONNEL  est tenu  le jour  de la notification  du pr\u00e9sent  arr\u00eat\u00e9  de fournir\nun inventaire  des demandes  de permis  de conduire  (Cerfa  02) et des livrets  d'apprentissage\nen sa possession  en pr\u00e9cisant  les noms,  pr\u00e9noms  et dates  de naissance  des \u00e9l\u00e8ves  et les\nNum\u00e9ros  d'Enregistrement  Pr\u00e9fectoral  Harmonis\u00e9  (NEPH)  des dossiers  concern\u00e9s.\nArticle  3 - Les Cerfa  02 et les livrets  d'apprentissage  des \u00e9l\u00e8ves  inscrits  dans  l'\u00e9tablissement\ndevront  leur  \u00eatre  restitu\u00e9s  dans  le d\u00e9lai  de quinze  jours  suivant  la date  de notification  du\npr\u00e9sent  arr\u00eat\u00e9.  Les documents  pr\u00e9cit\u00e9s  devront  \u00eatre  adress\u00e9s  avec  avis de r\u00e9ception  ou remis\nen mains  propres  contre  signature  d'un  avis de r\u00e9ception  dat\u00e9  et r\u00e9dig\u00e9  comme  suit : \" Je,\nsoussign\u00e9,  (nom,  pr\u00e9nom  de l'\u00e9l\u00e8ve),  n\u00e9 le (date  de naissance  de l'\u00e9l\u00e8ve),  \u00e0 (lieu  de naissance\nde l'\u00e9l\u00e8ve),  reconna\u00eet  que  l'\u00e9tablissement  (nom)  de (nom  de la commune)  m'a restitu\u00e9,  ce jour,\nmon  Cerfa  02 et mon  livret  d'apprentissage  \".\nArticle  4- le pr\u00e9sent  arr\u00eat\u00e9  devra  faire  l'objet  d'un  affichage  sur la porte  d'entr\u00e9e  principale\nde l'\u00e9tablissement.\nArticle  5 - La pr\u00e9sente  d\u00e9cision  sera  enregistr\u00e9e  dans  le registre  national  de l'enseignement  de\nla conduite  des v\u00e9hicules  \u00e0 moteur  et de la s\u00e9curit\u00e9  routi\u00e8re  cr\u00e9\u00e9  par l'arr\u00eat\u00e9  du 8 janvier  2001\npr\u00e9cit\u00e9.\nConform\u00e9ment  \u00e0 la loi n\u00b0 78-17  du 6 janvier  1978  relative  \u00e0 l'informatique,  aux fichiers  et aux\nlibert\u00e9s,  toute  personne  peut  obtenir  communication  et, le cas \u00e9ch\u00e9ant,  rectification  des\ninformations  la concernant  en s'adressant  \u00e0 la Direction  D\u00e9partementale  des Territoires  et de\nla Mer  de la Somme  - Centre  d'examens  du permis  de conduire  bureau  \u00e9ducation  routi\u00e8re  -\n35 rue de la vall\u00e9e  80 000  Amiens.\nArticle  6- Le directeur  D\u00e9partemental  des Territoires  et de la Mer  est charg\u00e9  de l'ex\u00e9cution\ndu pr\u00e9sent  arr\u00eat\u00e9  qui sera  publi\u00e9  au recueil  des actes  administratifs  de la pr\u00e9fecture  de la\nSomme.\n24 ven. Ph\nPour  le Pr\u00e9fet  et par  d\u00e9l\u00e9gation\npartementalLe Directeur  D\u00e9]\ndes Territoires  et de la Mer\nAdjoint\n\u2014s-\nmn  _\n\u2014  ~~ Gulllaume  VANDEVOORDE\na\n~_\nSi vous  estimez  devoir  contester  la pr\u00e9sente  d\u00e9cision,  vous  pouvez  former  :\n- un recours  hi\u00e9rarchique  aupr\u00e8s  du ministre  charg\u00e9  de la s\u00e9curit\u00e9  routi\u00e8re  - D\u00e9l\u00e9gation  \u00e0 la s\u00e9curit\u00e9  et \u00e0 la\ncirculation  routi\u00e8res,\n- un recours  contentieux  devant  le tribunal  administratif  du lieu de votre  r\u00e9sidence  dans  un d\u00e9lai  de deux  mois\n\u00e0 compter  de la date  de r\u00e9ception  du pr\u00e9sent  courrier.  Le tribunal  administratif  peut  \u00eatre  saisi  par\nl'application  informatique  \"T\u00e9l\u00e9recours  Citoyens\"  accessible  par le site internet  www.telerecours.fr\nLes recours  administratifs  doivent  \u00eatre pr\u00e9sent\u00e9s  dans  ce m\u00eame  d\u00e9lai  de deux  mois  si vous  souhaitez  conserver  la\npossibilit\u00e9  de saisir  ult\u00e9rieurement  le juge  administratif.\nCes voies  de recours  n'ont  pas d'effet  suspensif.\n2/2\nDirection D\u00e9partementale des Territoires et de la Mer - 80-2024-12-24-00004 - Arr\u00eat\u00e9 portant retrait d'agr\u00e9ment d'un \u00e9tablissement\nd'enseignement de la conduite des v\u00e9hicules \u00e0 moteur et de la s\u00e9curit\u00e9 routi\u00e8re d\u00e9nomm\u00e9 SARL TONNEL 14\nPr\u00e9fecture de la Somme\n80-2024-12-24-00009\nAP du 24.12.2024 portant d\u00e9l\u00e9gation de\nsignature DCL\nPr\u00e9fecture de la Somme - 80-2024-12-24-00009 - AP du 24.12.2024 portant d\u00e9l\u00e9gation de signature DCL 15\nPREFET\nDE LA SOMME\nLibert\u00e9\nEgalit\u00e9\nFraternit\u00e9\nARRETE\nportant  d\u00e9l\u00e9gation  de signature  a M. Nicolas  GRENIER,\ndirecteur  de la citoyennet\u00e9  et de la l\u00e9galit\u00e9\nLE PREFET  DE LA SOMME\nCHEVALIER  DE LA LEGION  D'HONNEUR\nVU le code  g\u00e9n\u00e9ral  des  collectivit\u00e9s  territoriales  ;\nVU  le code  de l'entr\u00e9e  et du s\u00e9jour  des \u00e9trangers  et du droit  d'asile  ;\nVU l'ordonnance  n\u00b0 2022-408  du 23 mars  2022  relative  au r\u00e9gime  de responsabilit\u00e9\nfinanci\u00e8re  des gestionnaires  publics  et modifiant  diverses  dispositions  relatives  aux\ncomptables  publics  ;\nVU la loi n\u00b082-213  du 2 mars  1982  modifi\u00e9e  relative  aux droits  et libert\u00e9s  des communes,\ndes  d\u00e9partements  et des  r\u00e9gions  ;\nVU la loi d'orientation  n\u00b092-125  du 6 f\u00e9vrier  1992  modifi\u00e9e  relative  \u00e0 l'administration\nterritoriale  de la R\u00e9publique  ;\nVU la loi n\u00b02004-809  du 13 ao\u00fbt  2004  modifi\u00e9e  relative  aux libert\u00e9s  et responsabilit\u00e9s\nlocales,  notamment  son  article  132  ;\nVU le d\u00e9cret  n\u00b097-34  du 15 janvier  1997  modifi\u00e9  relatif  \u00e0 la d\u00e9concentration  des d\u00e9cisions.\nadministratives  individuelles  ;\nVU le d\u00e9cret  n\u00b02004-374  du 29 avril  2004  modifi\u00e9  relatif  aux pouvoirs  des pr\u00e9fets,  \u00e0\nl'organisation  et \u00e0 l'action  des services  de l'\u00c9tat  dans  les r\u00e9gions  et d\u00e9partements  ;\nVU le d\u00e9cret  n\u00b0 2015-510  du 7 mai 2015  modifi\u00e9  portant  charte  de la d\u00e9concentration  ;\nVU le d\u00e9cret  n\u00b0 2022-1605  du 22 d\u00e9cembre  2022  portant  application  de l'ordonnance  n\u00b0\n2022-408  du 23 mars  2022  susvis\u00e9e  ;\nVU le d\u00e9cret  du 13 juillet  2023  portant  nomination  de M. Rollon  MOUCHEL-BLAISOT,\npr\u00e9fet  de la Somme;\nPr\u00e9fecture de la Somme - 80-2024-12-24-00009 - AP du 24.12.2024 portant d\u00e9l\u00e9gation de signature DCL 16\nVU l'arr\u00eat\u00e9  minist\u00e9riel  du 27 septembre  2017  portant  mutation,  nomination  et\nd\u00e9tachement  de M.Nicolas  GRENIER  dans  un emploi  fonctionnel  de conseiller\nd'administration  de l'int\u00e9rieur  et de l'outre-mer  ;\nVU l'arr\u00eat\u00e9  pr\u00e9fectoral  du 31 d\u00e9cembre  2021  portant  organisation  des  services  de la\npr\u00e9fecture  de la Somme  ; |\nVU l'arr\u00eat\u00e9  pr\u00e9fectoral  du 31 juillet  2024  portant  d\u00e9l\u00e9gation  de signature  \u00e0 M. Nicolas\nGRENIER,  directeur  de la citoyennet\u00e9  et de la l\u00e9galit\u00e9  ;\nVU la d\u00e9cision  pr\u00e9fectorale  du 27 septembre  2017  portant  affectation  de M. Nicolas\nGRENIER,  en qualit\u00e9  de directeur  de la citoyennet\u00e9  et de la l\u00e9galit\u00e9;\nSUR  proposition  du secr\u00e9taire  g\u00e9n\u00e9ral  de la pr\u00e9fecture  de la Somme  ;\nARR\u00caTE\nArticle  1er :\n| - D\u00e9l\u00e9gation  de signature  est donn\u00e9e  en qualit\u00e9  de directeur  de la citoyennet\u00e9  et de la\nl\u00e9galit\u00e9  \u00e0 M. Nicolas  GRENIER,  \u00e0 l'effet  de signer  tous  actes  et documents  administratifs,\ncorrespondances  et pi\u00e8ces  comptables  relevant  des attributions  de la direction\ncitoyennet\u00e9  et de la l\u00e9galit\u00e9,  telles  que  d\u00e9finies  \u00e0 l'article  3 de l'arr\u00eat\u00e9  pr\u00e9fectoral  du 31\nd\u00e9cembre  2021  susvis\u00e9.  |\nIl - Cette  d\u00e9l\u00e9gation  vaut  \u00e0 l'exclusion  :\nD des  actes  \u00e0 port\u00e9e  r\u00e9glementaire  ;\nO des  actes  d\u00e9favorables  faisant  grief  \u00e0 des  tiers,  retraits  d'agr\u00e9ments  ou\nd'autorisations  ainsi  que  les d\u00e9cisions  de refus,  lorsqu'elles  rel\u00e8vent  d'une\nappr\u00e9ciation  discr\u00e9tionnaire  ;\nO des d\u00e9cisions  favorables  cr\u00e9atrices  de droit  lorsqu'elles  rel\u00e8vent  d'une  appr\u00e9ciation\ndiscr\u00e9tionnaire  ;\nO des arr\u00eat\u00e9s  portant  nomination  de membres  de commissions  et comit\u00e9s\nd\u00e9partementaux  ;\nO des arr\u00eat\u00e9s  d'ouverture  d'enqu\u00eate  publique  et de tous arr\u00eat\u00e9s  subs\u00e9quents  ;\n[D des conventions  de tous  ordres  avec  des collectivit\u00e9s  territoriales  ou des\n\u00e9tablissements  publics  engageant  financi\u00e8rement  I' Etat ;\nD des requ\u00eates,  d\u00e9f\u00e9r\u00e9s,  m\u00e9moires,  d\u00e9clinatoires  de comp\u00e9tences  aupr\u00e8s  des\ndiff\u00e9rentes  juridictions;  |\nO des  d\u00e9cisions  attributives  de subventions  de fonctionnement.\nArticle  2 :\nEn cas d'absence  ou d'emp\u00eachement  de M. Nicolas  GRENIER,  directeur  de la citoyennet\u00e9\net de la l\u00e9galit\u00e9,  d\u00e9l\u00e9gation  de signature  est donn\u00e9e,  dans  les conditions  de l'article  1\u00b0 du\npr\u00e9sent  arr\u00eat\u00e9,  \u00e0 l'exception  de toute  correspondance  valant  recours  gracieux  dans  le\ncadre  du contr\u00f4le  de l\u00e9galit\u00e9,  et chacun  dans  les limites  de comp\u00e9tence  de leurs  domaines\nrespectifs,  \u00e0 :\nPr\u00e9fecture de la Somme - 80-2024-12-24-00009 - AP du 24.12.2024 portant d\u00e9l\u00e9gation de signature DCL 17\nC1 Mme  Isabelle  CATHELAIN,  attach\u00e9e  hors classe  d'administration  de l'\u00c9tat,  chef du\nbureau  des collectivit\u00e9s  locales  et en cas d'absence  ou d'emp\u00eachement  de\nl'int\u00e9ress\u00e9e,  Mme  Jennifer  SERRA,  attach\u00e9e  d'administration  d'\u00c9tat,  son adjointe  ;\nO Mme  C\u00e9lia  CADET,  attach\u00e9e  d'administration  d'\u00c9tat,  chef  du bureau  des \u00e9lections\net de la r\u00e9glementation  g\u00e9n\u00e9rale,  et en cas d'absence  ou d'emp\u00eachement  de\nl'int\u00e9ress\u00e9e,  Mme Jana  BLAJIN,  attach\u00e9e  d'administration  d'\u00c9tat,  son adjointe  ;\non M. Fr\u00e9d\u00e9ric  DUBOISSET,  attach\u00e9  principal  d'administration  de l'\u00c9tat,  chef du p\u00f4le\njuridique  et contentieux  ; |\nO Mme  Camille  DESTREHEM,  attach\u00e9e  principale  d'administration  de l'\u00c9tat,  chef  du\nbureau  des \u00e9trangers  et, en cas d'absence  ou d'emp\u00e9chement  de l'int\u00e9ress\u00e9e,  \u00e0 ses\nadjointes  Mme  Lucie  ALLARD,  attach\u00e9e  d'administration  de l'\u00c9tat  ou Mme  Linda\nLUENGO,  attach\u00e9e  d'administration  de l'\u00c9tat.\nDH M. Mohamed  AHANNAY,  attach\u00e9  principal  d'administration  de l'\u00c9tat,  chef  de la\nmission  accueil.\nEn cas d'absence  simultan\u00e9e  de M. Nicolas  GRENIER,  directeur  de la citoyennet\u00e9  et de la\nl\u00e9galit\u00e9,  et de l'un des membres  de l'encadrement  mentionn\u00e9s  ci-dessus,  la d\u00e9l\u00e9gation  de\nsignature  est donn\u00e9e,  dans  l'ordre,  aux personnes  pr\u00e9sentes  suivantes  : Mme  Isabelle\nCATHELAIN,  chef  du bureau  des collectivit\u00e9s  locales,  M. Fr\u00e9d\u00e9ric  DUBOISSET,  chef  du p\u00f4le\njuridique  et contentieux,  Mme  Camille  DESTREHEM,  chef  du bureau  des \u00e9trangers,  Mme\nC\u00e9lia  CADET,  chef  du bureau  des \u00e9lections  et de la r\u00e9glementation  g\u00e9n\u00e9rale  et M.\nMohamed  AHANNAY,  chef  de la mission  accueil.\nArticle  3\nLes personnels  de la direction  de la citoyennet\u00e9  et de la l\u00e9galit\u00e9  d\u00e9sign\u00e9s  ci-dessous,\nquand  ils sont  d'astreinte,  sont  habilit\u00e9s  \u00e0 signer  toutes  correspondances,  notifications  et :\nlettres  portant  sur la mise  en \u0153uvre  des d\u00e9cisions  d'\u00e9loignement  d'\u00e9trangers  en situation\nirr\u00e9guli\u00e8re  :\nD M. Nicolas  GRENIER,  directeur  de la citoyennet\u00e9  et de la l\u00e9galit\u00e9,\nO Mme  Camille  DESTREHEM,  chef  du bureau  des \u00e9trangers,\nO Mme  Lucie  ALLARD,  adjointe  au chef  du bureau  des \u00e9trangers,\nD Mme  Linda  LUENGO,  adjointe  au chef  du bureau  des \u00e9trangers,\nO M. C\u00e9dric  LEMOINE,  secr\u00e9taire  administratif  de classe  normale,  affect\u00e9  au bureau\ndes  \u00e9trangers,\nM. \u00c9tienne  DUFOUR,  secr\u00e9taire  administratif  de classe  normale,  affect\u00e9e  au bureau\ndes \u00e9trangers,  |\nO Mme  Elodie  PECQUERY,  secr\u00e9taire  administrative  de classe  normale,  affect\u00e9e  au\nbureau  des  \u00e9trangers,\nCO Mme  Aur\u00e9lie  BORDATO,  secr\u00e9taire  administrative  de classe  normale,  affect\u00e9e  au\nbureau  des  \u00e9trangers.O\nDe m\u00e9me,  d\u00e9l\u00e9gation  de signature  est donn\u00e9e  a M. Nicolas  GRENIER,  directeur  de la\nCitoyennet\u00e9  et de la L\u00e9galit\u00e9,  Mme  Camille  DESTREHEM,  chef  du bureau  des \u00e9trangers,\nMme  Lucie  ALLARD  et Mme  Linda  LUENGO,  ses adjointes,  a l'effet  de signer  les d\u00e9p\u00f4ts  de\nPr\u00e9fecture de la Somme - 80-2024-12-24-00009 - AP du 24.12.2024 portant d\u00e9l\u00e9gation de signature DCL 18\nplainte  au nom  du pr\u00e9fet  de la Somme.\nArticle  4:\nLes personnels  de la direction  de la citoyennet\u00e9  et de la l\u00e9galit\u00e9  d\u00e9sign\u00e9s  ci-dessous  sont\nhabilit\u00e9s  a pr\u00e9senter,  devant  les juridictions  administratives  et judiciaires,  les observations\norales  de l'\u00c9tat  \u00e0 l'appui  des conclusions  \u00e9crites  sign\u00e9es  par le repr\u00e9sentant  de |' \u00c9tat pour\ntoutes  les instances  dans  lesquelles  l'\u00c9tat  est partie.\nD M. Nicolas  GRENIER,  directeur  de la citoyennet\u00e9  et de la l\u00e9galit\u00e9,\nO Mme  Isabelle  CATHELAIN,  chef  du bureau  des collectivit\u00e9s  locales,\n1 Mme  Jennifer  SERRA,  adjointe  au chef  du bureau  des collectivit\u00e9s  locales  ;\n0 Mme  C\u00e9lia  CADET,  chef  du bureau  des \u00e9lections  et de la r\u00e9glementation  g\u00e9n\u00e9rale,\nD Mme  Jana  BLAJIN,  adjointe  au chef  a bureau  des \u00e9lections  et de la r\u00e9glementation\ng\u00e9n\u00e9rale,\nQ M. Fr\u00e9d\u00e9ric  DUBOISSET,  chef  du p\u00f4le  juridique  et contentieux,\nO Mme  Camille  DESTREHEM,  chef  du bureau  des \u00e9trangers,\nD Mme  Lucie  ALLARD,  adjointe  au chef  du bureau  des \u00e9trangers,\nD Mme  Linda  LUENGO,  adjointe  au chef  du bureau  des \u00e9trangers.\nArticle  5\nM. Nicolas  GRENIER,  directeur  de la citoyennet\u00e9  et de la l\u00e9galit\u00e9,  est le coordinateur  des\n\u00e9lections  pour  l'ensemble  du d\u00e9partement.\nDans  ce cadre,  d\u00e9l\u00e9gation  lui est donn\u00e9e  afin d'enregistrer  et de d\u00e9livrer  les r\u00e9c\u00e9piss\u00e9s  de\nd\u00e9claration  de candidature  et de d\u00e9claration  de mandataire  financier.  Cette  d\u00e9l\u00e9gation\nest \u00e9galement  consentie  concomitamment  \u00e0 :\nO Mme  C\u00e9lia  CADET,  chef  du bureau  des \u00e9lections  et de la r\u00e9glementation  g\u00e9n\u00e9rale  ;\nO Mme  Jana  BLAJIN,  adjointe  au chef  du bureau  des \u00e9lections  et de la r\u00e9glementation\ng\u00e9n\u00e9rale  ;\nCO Mme  Pauline  AVET,  affect\u00e9e  au bureau  des \u00e9lections  et de la r\u00e9glementation\ng\u00e9n\u00e9rale.  :\nArticle  6 :\nD\u00e9l\u00e9gation  de signature,  pour  saisir  et valider  des actes  dans  Chorus  Formulaire,  est\nconf\u00e9r\u00e9e  a:\nOOOooo Oo\nOMme  Isabelle  CATHELAIN  chef  du bureau  des collectivit\u00e9s  locales,\nMme  Jennifer  SERRA,  adjointe  au chef  du bureau  des collectivit\u00e9s  locales  ;\nM. Fabrice  GUYART,  encadrant  de la section  contr\u00f4le  budg\u00e9taire  et dotations,\nMme  Mich\u00e8le  LAOUT,  gestionnaire  des dotations  aux collectivit\u00e9s  locales,\nM. Benjamin  FRESCHET,  gestionnaire  des dotations  aux collectivit\u00e9s  locales  ;\nMme  Jana  BLAJIN,  adjointe  au chef  du bureau  des \u00e9lections  et de la r\u00e9glementation\ng\u00e9n\u00e9rale,\nMme  Linda  LUENGO,  adjointe  au chef  du bureau  des \u00e9trangers.\nPr\u00e9fecture de la Somme - 80-2024-12-24-00009 - AP du 24.12.2024 portant d\u00e9l\u00e9gation de signature DCL 19\nArticle  7\nL'arr\u00eat\u00e9  pr\u00e9fectoral  du 31 juillet  2024  susvis\u00e9  est abrog\u00e9.\nArticle  8 :\nLe secr\u00e9taire  g\u00e9n\u00e9ral  de la pr\u00e9fecture  de la Somme  et le directeur  de la citoyennet\u00e9  et de\nla l\u00e9galit\u00e9  sont  charg\u00e9s,  chacun  en ce qui le concerne,  de l'ex\u00e9cution  du pr\u00e9sent  arr\u00eat\u00e9  qui\nsera  notifi\u00e9  aux d\u00e9l\u00e9gataires  et publi\u00e9  au recueil  des actes  administratifs  de la pr\u00e9fecture\nde la Somme.  |\nAmiens,  le 2 4 DEC, 2024\nRollon  MOUCHEE  - BLAISOT\nPr\u00e9fecture de la Somme - 80-2024-12-24-00009 - AP du 24.12.2024 portant d\u00e9l\u00e9gation de signature DCL 20\nPr\u00e9fecture de la Somme - Cabinet\n80-2024-12-24-00010\nAP 24/933 portant autorisation provisoire d'un\nsyst\u00e8me de vid\u00e9oprotection\nPr\u00e9fecture de la Somme - Cabinet - 80-2024-12-24-00010 - AP 24/933 portant autorisation provisoire d'un syst\u00e8me de vid\u00e9oprotection21\n| ret oe Arr\u00e9t\u00e9  CAB/BSI/PA  n\u00b0 24/933\nPREFET\nDE LA SOMME\nLibert\u00e9\n\u00c9galit\u00e9\nFraternit\u00e9\nARR\u00caT\u00c9\nPortant  autorisation  provisoire\nd'un  syst\u00e8me  de vid\u00e9oprotection\nLE PR\u00c9FET  DE LA SOMME\nCHEVALIER  DE LA L\u00c9GION  D'HONNEUR\nVu le code  de la s\u00e9curit\u00e9  int\u00e9rieure  et notamment  ses articles  L.252-6  et 7 ;\nVu le d\u00e9cret  du 13 juillet  2023  nommant  M. Rollon  MOUCHEL-BLAISOT,  pr\u00e9fet  de la Somme  a\ncompter  du 24 juillet  2023  ;\nVu le d\u00e9cret  du 03 janvier  2024  nommant  M. Victor  JOZON  sous-pr\u00e9fet,  directeur  de cabinet\ndu pr\u00e9fet  de la Somme  ; |\nVu l'arr\u00eat\u00e9  minist\u00e9riel  du 03 ao\u00fbt  2007  portant  d\u00e9finition  des normes  techniques  des\nsyst\u00e8mes  de vid\u00e9oprotection  et ses annexes  techniques  ;\nVu l'arr\u00eat\u00e9  pr\u00e9fectoral  du 15 janvier  2024  portant  d\u00e9l\u00e9gation  de signature  \u00e0 M. Victor  JOZON\nsous-pr\u00e9fet,  directeur  de cabinet  du pr\u00e9fet  de la Somme  ;\nVu la demande  pr\u00e9sent\u00e9e  par le maire  de la ville  d'Amiens,  en date  du 21 novembre  2024,  en\nvue d'obtenir  l'autorisation  d'installer  un syst\u00e8me  de vid\u00e9oprotection  temporaire  ;\nConsid\u00e9rant  que  les demandes  d'autorisation  sont  constitu\u00e9es  conform\u00e9ment  aux textes\napplicables  en mati\u00e8re  d'exploitation  de syst\u00e8me  de vid\u00e9oprotection  concernant  les voies\npubliques  ou les espaces  ouverts  au public  ;\nSur proposition  du sous-pr\u00e9fet,  directeur  de cabinet  du pr\u00e9fet  de la Somme  ;\nARR\u00caTE\nArticle  1\u00b0 : Monsieur  Hubert  DE JENLIS,  maire  de la ville  d'Amiens  (80000),  est autoris\u00e9,  sous\nr\u00e9serve  du respect  des dispositions  \u00e9dict\u00e9es  dans  le pr\u00e9sent  arr\u00eat\u00e9,  \u00e0 mettre  en \u0153uvre  un\nsyst\u00e8me  de vid\u00e9oprotection  compos\u00e9  d'une  (01) cam\u00e9ra  de voie  publique  sise 47 rue du\nHocquet  \u00e0 AMIENS  (80000).\nL'autorisation  est d\u00e9livr\u00e9e  pour  une dur\u00e9e  de quatre  mois  (4 mois)  \u00e0 compter  de la date  de\nsignature  du pr\u00e9sent  arr\u00eat\u00e9.\nArticle  2 : Le public  est inform\u00e9  de la pr\u00e9sence  de cam\u00e9ras  par une signal\u00e9tique  appropri\u00e9e\nde mani\u00e8re  claire  et significative,  \u00e0 chaque  point  d'acc\u00e8s  du public  de l'existence  du syst\u00e8me\nde vid\u00e9oprotection  et de l'autorit\u00e9  ou de la personne  responsable  du droit  d'acc\u00e8s  aux\nimages,  conform\u00e9ment  \u00e0 l'article  L.251-3  du code  de la s\u00e9curit\u00e9  int\u00e9rieure.\nPr\u00e9fecture de la Somme - Cabinet - 80-2024-12-24-00010 - AP 24/933 portant autorisation provisoire d'un syst\u00e8me de vid\u00e9oprotection22\nArticle  3: Le responsable  de la mise  en \u0153uvre  du syst\u00e8me  doit  se porter  garant  des\npersonnes  susceptibles  d'intervenir  dans  l'exploitation  ou le visionnage  des images,  ainsi  que\ndans  la maintenance  du syst\u00e8me  mis en place.  Des  consignes  tr\u00e8s  pr\u00e9cises  sur la\nconfidentialit\u00e9  des images  capt\u00e9es  ou/et  enregistr\u00e9es  et des atteintes  \u00e0 la vie priv\u00e9e  qu'elles\npeuvent  \u00e9ventuellement  impliquer  sont  donn\u00e9es  \u00e0 toutes  les personnes  concern\u00e9es.\nArticle  4: L'acc\u00e8s  \u00e0 la salle  de visionnage,  d'enregistrement  et de traitement  des images,\ndevra  \u00eatre  strictement  interdit  \u00e0 toute  personne  n'y ayant  pas une  fonction  pr\u00e9cise  ou qui\nn'aura  pas \u00e9t\u00e9 pr\u00e9alablement  habilit\u00e9e  et autoris\u00e9e  par le responsable  du syst\u00e8me  ou de son\nexploitation.\nArticle  5 : Les agents  des services  de police,  de gendarmerie,  de douanes  et/ou  d'incendie  et\nde secours  d\u00fbment  habilit\u00e9s  et d\u00e9sign\u00e9s  dans  les conditions  de l'article  L.252-3  du code  de la\ns\u00e9curit\u00e9  int\u00e9rieure,  peuvent  acc\u00e9der  \u00e0 tout  moment  aux images  et enregistrements  de ce\nsyst\u00e8me  de vid\u00e9oprotection  autoris\u00e9.\nArticle  6 : Sans  pr\u00e9judice  des sanctions  p\u00e9nales  applicables,  la pr\u00e9sente  autorisation  peut,\napr\u00e8s  que  l'int\u00e9ress\u00e9  ait \u00e9t\u00e9 mis \u00e0 m\u00eame  de pr\u00e9senter  ses observations,  \u00eatre  retir\u00e9e  en cas de\nmanquement  aux dispositions  du code  de la s\u00e9curit\u00e9  int\u00e9rieure  susvis\u00e9  et en cas de\nmodification  des  conditions  au vu desquelles  cette  autorisation  a \u00e9t\u00e9 d\u00e9livr\u00e9e.\nArticle  7 : Monsieur  le sous-pr\u00e9fet,  directeur  du cabinet  et le directeur  interd\u00e9partemental\nde la police  nationale  de la Somme  sont  charg\u00e9s,  chacun  en ce qui le concerne,  de\nl'ex\u00e9cution  du pr\u00e9sent  arr\u00eat\u00e9,  qui sera  publi\u00e9  au recueil  des actes  administratifs  de la\npr\u00e9fecture  de la Somme.\nAmiens,  le ?4 DEC,  2074\nPour  le pr\u00e9fet  et par d\u00e9l\u00e9gation,\nle directeur  de inet  adjoint,\namien  MAELST\nCe\nVOIES  ET DELAIS  DE RECOURSLa pr\u00e9sente  d\u00e9cision  est susceptible  de faire, dans le d\u00e9lai de deux mois suivant  la notification,  l'objet des voies de recours  suivantes  :\n- Un recours  gracieux,  formul\u00e9  aupr\u00e8s  du pr\u00e9fet  de la Somme,  cabinet,  bureau  de la s\u00e9curit\u00e9  int\u00e9rieure,  51 rue de la R\u00e9publique  80020  Amiens,\n- un recours  hi\u00e9rarchique,  aupr\u00e8s  du ministre  de l'Int\u00e9rieur,  direction  des libert\u00e9s  publiques  et des affaires  juridiques  - sous-direction  des polices  administratives  \u2014 bureau\ndes polices  administratives  - place  Beauvau  75800  Paris  cedex  08,\nCes recours  sont  d\u00e9pourvus  de caract\u00e8re  suspensif.  En l'absence  de r\u00e9ponse  de l'administration  dans  un d\u00e9lai  de deux  mois  \u00e0 compter  de la date  de r\u00e9ception  de votre\nrecours,  celui-ci  doit  \u00eatre  consid\u00e9r\u00e9  comme  implicitement  rejet\u00e9.\n- Un recours  contentieux,  devant  le tribunal  administratif  d'Amiens  - 14 rue Lemerchier  80000  Amiens  ou par voie  \u00e9lectronique  par le site www.telerecours.fr.\nCe recours  juridictionnel  doit  \u00eatre d\u00e9pos\u00e9  au plus tard avant  l'expiration  du deuxi\u00e8me  mois  \u00e0 compter  de la date  de notification  de la d\u00e9cision  contest\u00e9e,  ou dans  les deux\nmois  suivant  la date  du rejet  de votre  recours  gracieux  ou hi\u00e9rarchique.\nPr\u00e9fecture de la Somme - Cabinet - 80-2024-12-24-00010 - AP 24/933 portant autorisation provisoire d'un syst\u00e8me de vid\u00e9oprotection23\nPr\u00e9fecture de la Somme - Cabinet\n80-2024-12-24-00011\nAP n\u00b0 24/934 portant autorisation provisoire d'un\nsyst\u00e8me de vid\u00e9oprotection\nPr\u00e9fecture de la Somme - Cabinet - 80-2024-12-24-00011 - AP n\u00b0 24/934 portant autorisation provisoire d'un syst\u00e8me de\nvid\u00e9oprotection 24\nzm\nPREFET\nDE LA SOMME\nLibert\u00e9\n\u00c9galit\u00e9  .\nFraternit\u00e9Arr\u00eat\u00e9  _\n: ARR\u00caT\u00c9\nPortant  autorisation  provisoire\nd'un  syst\u00e8me  de vid\u00e9oprotection\nLE PR\u00c9FET  DE LA SOMME\nCHEVALIER  DE LA L\u00c9GION  D'HONNEUR\nVu le code  de la s\u00e9curit\u00e9  int\u00e9rieure  et notamment  ses articles  L.252-6  et 7 ;\nVu le d\u00e9cret  du 13 juillet  2023  nommant  M. Rollon  MOUCHEL-BLAISOT,  pr\u00e9fet  de la Somme  a\ncompter  du 24 juillet  2023  ;\nVu le d\u00e9cret  du 03 janvier  2024  nommant  M. Victor  JOZON  sous-pr\u00e9fet,  directeur  de cabinet\ndu pr\u00e9fet  de la Somme;\nVu l'arr\u00eat\u00e9  minist\u00e9riel  du 03 ao\u00fbt  2007  portant  d\u00e9finition  des  normes  techniques  des\nsyst\u00e8mes  de vid\u00e9oprotection  et ses annexes  techniques  ;\nVu l'arr\u00eat\u00e9  pr\u00e9fectoral  du 15 janvier  2024  portant  d\u00e9l\u00e9gation  de signature  \u00e0 M. Victor  JOZON\nsous-pr\u00e9fet,  directeur  de cabinet  du pr\u00e9fet  de la Somme  ;\nVu la demande  pr\u00e9sent\u00e9e  par le maire  de la ville  d'Amiens,  en date  du 02 d\u00e9cembre  2024,  en\nvue  d'obtenir  l'autorisation  d'installer  un syst\u00e8me  de vid\u00e9oprotection  temporaire  ;\nConsid\u00e9rant  que les demandes  d'autorisation  sont  constitu\u00e9es  conform\u00e9ment  aux textes\napplicables  en mati\u00e8re  d'exploitation  de syst\u00e8me  de vid\u00e9oprotection  concernant  les voies\npubliques  ou les espaces  ouverts  au public  ;\nSur proposition  du sous-pr\u00e9fet,  directeur  de cabinet  du pr\u00e9fet  de la Somme  ;\nARR\u00caTE\nArticle  1\u00b0 : Monsieur  Hubert  DE JENLIS,  maire  de la ville  d'Amiens  (80000),  est autoris\u00e9,  sous\nr\u00e9serve  du respect  des  dispositions  \u00e9dict\u00e9es  dans  le pr\u00e9sent  arr\u00eat\u00e9,  \u00e0 mettre  en \u0153uvre  un\nsyst\u00e8me  de vid\u00e9oprotection  compos\u00e9  d'une  (01)  cam\u00e9ra  de voie  publique  sise  Plaine  Debussy\n\u00e0 AMIENS  (80000).\nL'autorisation  est d\u00e9livr\u00e9e  pour  une  dur\u00e9e  de quatre  mois  (4 mois)  \u00e0 compter  de la date  de\nsignature  du pr\u00e9sent  arr\u00eat\u00e9.\nArticle  2 : Le public  est inform\u00e9  de la pr\u00e9sence  de cam\u00e9ras  par une signal\u00e9tique  appropri\u00e9e\nde mani\u00e8re  claire  et significative,  \u00e0 chaque  point  d'acc\u00e8s  du public  de l'existence  du syst\u00e8me\nde vid\u00e9oprotection  et de l'autorit\u00e9  ou de la personne  responsable  du droit  d'acc\u00e8s  aux\nimages,  conform\u00e9ment  \u00e0 l'article  L.251-3  du code  de la s\u00e9curit\u00e9  int\u00e9rieure.\n/0 /1 /2 /3 /2 /4 /5 /3 /6 /1 \u25a1 /8 /9 /10 /11 /3 /12 /13 /11 Pr\u00e9fecture de la Somme - Cabinet - 80-2024-12-24-00011 - AP n\u00b0 24/934 portant autorisation provisoire d'un syst\u00e8me de\nvid\u00e9oprotection 25\nArticle  3: Le responsable  de la mise  en ceuvre  du syst\u00e9me  doit  se porter  garant  des\npersonnes  susceptibles  d'intervenir  dans  l'exploitation  ou le visionnage  des  images,  ainsi  que\ndans  la maintenance  du syst\u00e8me  mis  en place.  Des  consignes  tr\u00e8s  pr\u00e9cises  sur la\nconfidentialit\u00e9  des  images  capt\u00e9es  ou/et  enregistr\u00e9es  et des  atteintes  \u00e0 la vie priv\u00e9e  qu'elles\npeuvent  \u00e9ventuellement  impliquer  sont  donn\u00e9es  \u00e0 toutes  les personnes  concern\u00e9es.\nArticle  4: L'acc\u00e8s  a la salle  de visionnage,  d'enregistrement  et de traitement  des  images,\ndevra  \u00eatre  strictement  interdit  \u00e0 toute  personne  n'y ayant  pas  une  fonction  pr\u00e9cise  ou qui\nn'aura  pas  \u00e9t\u00e9  pr\u00e9alablement  habilit\u00e9e  et autoris\u00e9e  par  le responsable  du syst\u00e8me  ou de son\nexploitation.\nArticle  5 : Les agents  des  services  de police,  de gendarmerie,  de douanes  et/ou  d'incendie  et\nde secours  d\u00fbment  habilit\u00e9s  et d\u00e9sign\u00e9s  dans  les conditions  de l'article  L.252-3  du code  de la\ns\u00e9curit\u00e9  int\u00e9rieure,  peuvent  acc\u00e9der  \u00e0 tout  moment  aux  images  et enregistrements  de ce\nsyst\u00e8me  de vid\u00e9oprotection  autoris\u00e9.\nArticle  6 : Sans  pr\u00e9judice  des  sanctions  p\u00e9nales  applicables,  la pr\u00e9sente  autorisation  peut,\napr\u00e8s  que  l'int\u00e9ress\u00e9  ait \u00e9t\u00e9  mis  \u00e0 m\u00eame  de pr\u00e9senter  ses observations,  \u00eatre  retir\u00e9e  en cas  de\nmanquement  aux  dispositions  du code  de la s\u00e9curit\u00e9  int\u00e9rieure  susvis\u00e9  et en cas  de\nmodification  des  conditions  au vu desquelles  cette  autorisation  a \u00e9t\u00e9  d\u00e9livr\u00e9e.\nArticle  7 : Monsieur  le sous-pr\u00e9fet,  directeur  du cabinet  et le directeur  interd\u00e9partemental\nde la police  nationale  de la Somme  sont  charg\u00e9s,  chacun  en ce qui le concerne,  de\nl'ex\u00e9cution  du pr\u00e9sent  arr\u00eat\u00e9,  qui sera  publi\u00e9  au recueil  des  actes  administratifs  de la\npr\u00e9fecture  de la Somme.\n24 DEC, 2024Amiens,  le\nPour  le pr\u00e9fet  et par  d\u00e9l\u00e9gation,\nle directeur  de cabinet  adjoint,\nVOIES  ET DELAIS  DE RECOURS\nLa pr\u00e9sente  d\u00e9cision  est susceptible  de faire,  dans  le d\u00e9lai  de deux  mois  suivant  la notification,  l'objet  des  voies  de recours  suivantes  :\n- Un recours  gracieux,  formul\u00e9  aupr\u00e8s  du pr\u00e9fet  de la Somme,  cabinet,  bureau  de la s\u00e9curit\u00e9  int\u00e9rieure,  51 rue de la R\u00e9publique  80020  Amiens,\n- un recours  hi\u00e9rarchique,  aupr\u00e8s  du ministre  de l'Int\u00e9rieur,  direction  des  libert\u00e9s  publiques  et des  affaires  juridiques  - sous-direction  des  polices  administratives  - bureau\ndes  polices  administratives  \u2014 place  Beauvau  75800  Paris  cedex  08,\nCes  recours  sont  d\u00e9pourvus  de caract\u00e8re  suspensif.  En l'absence  de r\u00e9ponse  de l'administration  dans  un d\u00e9lai  de deux  mois  \u00e0 compter  de la date  de r\u00e9ception  de votre\nrecours,  celui-ci  doit  \u00eatre  consid\u00e9r\u00e9  comme  implicitement  rejet\u00e9.\n- Un recours  contentieux,  devant  le tribunal  administratif  d'Amiens  - 14 rue Lemerchier  80000  Amiens  ou par voie  \u00e9lectronique  par  le site  wwwtelerecours.fr.\nCe recours  juridictionnel  doit  \u00eatre  d\u00e9pos\u00e9  au plus  tard  avant  l'expiration  du deuxi\u00e8me  mois  \u00e0 compter  de la date  de notification  de la d\u00e9cision  contest\u00e9e,  ou dans  les deux\nmois  suivant  la date  du rejet  de votre  recours  gracieux  ou hi\u00e9rarchique.\n2\nPr\u00e9fecture de la Somme - Cabinet - 80-2024-12-24-00011 - AP n\u00b0 24/934 portant autorisation provisoire d'un syst\u00e8me de\nvid\u00e9oprotection 26\nSIDPC pr\u00e9fecture de la Somme\n80-2024-12-24-00008\nAP modificatif agr\u00e9ment SSIAP Novoform\nSIDPC pr\u00e9fecture de la Somme - 80-2024-12-24-00008 - AP modificatif agr\u00e9ment SSIAP Novoform 27\n| Cabinet\nPREFET  Service  interminist\u00e9riel  de d\u00e9fense\nDE LA SOMME  et de protection  civiles\nLibert\u00e9\nEgalit\u00e9\nFraternit\u00e9\nAgr\u00e9ment  n\u00b0080/002\nArr\u00eat\u00e9  pr\u00e9fectoral  portant  modification  de l'arr\u00eat\u00e9  pr\u00e9fectoral  du 19 juillet  2021\nportant  agr\u00e9ment  d'un  organisme  de formation  SSIAP  - NOVOFORM\nLe Pr\u00e9fet  de la Somme\nChevalier  de la L\u00e9gion  d'Honneur\nVu le Code  de la Construction  et de I'Habitation  ;\nVu le Code  du Travail  ;\nVu le d\u00e9cret  n\u00b0971191  du 19 d\u00e9cembre  1997 pris pour application  au ministre  de l'Int\u00e9rieur  du premier\nalin\u00e9a  de l'article  2 du d\u00e9cret  n\u00b0 97-34  du 15 janvier  1997 relatif  \u00e0 la d\u00e9concentration  des d\u00e9cisions\nadministratives  individuelles  ;\nVu le d\u00e9cret  du 13 juillet  2023  nommant  M. Rollon  MOUCHEL-BLAISOT,  pr\u00e9fet  de la Somme  ;.\nVu le d\u00e9cret  du 3 janvier  2024  nommant  Monsieur  Victor  JOZON,  sous-pr\u00e9fet,  directeur  de cabinet  du\npr\u00e9fet  de la Somme  ;\nVu l'arr\u00eat\u00e9  du 25 juin 1980 modifi\u00e9  portant  approbation  des dispositions  g\u00e9n\u00e9rales  du r\u00e8glement  de\ns\u00e9curit\u00e9  contre  les risques  d'incendie  et de panique  dans  les \u00e9tablissements  recevant  du public  (ERP)  ;\nVu l'arr\u00eat\u00e9  du 2 mai 2005 modifi\u00e9  relatif  aux missions,  \u00e0 l'emploi  et \u00e0 la qualification  du personnel\npermanent  des services  de s\u00e9curit\u00e9  incendie  des \u00e9tablissements  recevant  du public  et des immeubles\nde grande  hauteur  ;\nVu l'arr\u00eat\u00e9  du 30 d\u00e9cembre  2011 portant  r\u00e8glement  de s\u00e9curit\u00e9  pour la construction  des immeubles  de\ngrande  hauteur  et leur protection  contre  les risques  d'incendie  et de panique,  notamment  ses articles\nGH 60, GH 62 et GH 63 ;\nVu l'arr\u00eat\u00e9  pr\u00e9fectoral  du 19 juillet  2021 portant  agr\u00e9ment  d'un organisme  de formation  SSIAP  -\nNOVOFORM  ;\nVu l'arr\u00eat\u00e9  pr\u00e9fectoral  du 15 janvier  2024  portant  d\u00e9l\u00e9gation  de signature  au directeur  de cabinet  du\npr\u00e9fet  de la Somme  ;\nVU l'arr\u00eat\u00e9  du 19 avril 2024  portant  modification  de l'arr\u00eat\u00e9  pr\u00e9fectoral  du 19 juillet  2021 portant\nagr\u00e9ment  d'un  organisme  de formation  SSIAP  - NOVOFORM  ;\nVu la demande  de changement  de num\u00e9ro  SIRET  pr\u00e9sent\u00e9e  par l'organisme  NOVOFORM  le 4 octobre\n2024  ; |\nSur proposition  du sous-pr\u00e9fet,  directeur  de cabinet  du pr\u00e9fet  de la Somme  ;\nSIDPC pr\u00e9fecture de la Somme - 80-2024-12-24-00008 - AP modificatif agr\u00e9ment SSIAP Novoform 28\nARRETE\nArticle  1\u00b0':\nL'article  1\u00b0 \u2014 \u00ab D\u00e9livrance  de l'agr\u00e9ment  \u00bb de l'arr\u00eat\u00e9  pr\u00e9fectoral  du 19 juillet  2021 susvis\u00e9  est modifi\u00e9\ncomme  suit pour  les seules  parties  concernant  l'adresse  du si\u00e8ge  social  :\n\u00ab Dont  l'adresse  du si\u00e8ge  social,  est 660 B route  d'Amiens  \u00e0 DURY  (80480).  \u00bb\net le num\u00e9ro  de SIRET  :\n\u00ab Le num\u00e9ro  SIRET  est : 501 728  042  200091.\u00bb\nArticle  2 :\nL'article  6 - \u00ab Lieux  de formation  et de jury SSIAP  \u00bb de l'arr\u00eat\u00e9  pr\u00e9fectoral  du 19 juillet  2021 susvis\u00e9  est\nmodifi\u00e9  comme  suit pour  la seule  partie  concernant  l'adresse  du centre  de formation  :\n\u00ab Le lieu d\u00e9clar\u00e9  des formations  dipl\u00f4mantes  est le suivant  : 660 B route  d'Amiens  \u00e0 DURY  (80480).  \u00bb\nLe reste  est inchang\u00e9.\nArticle  3 :\nL'arr\u00eat\u00e9  pr\u00e9fectoral  du 19 avril  2024  susvis\u00e9  est abrog\u00e9.\nArticle  4 :\nUn recours  contre  le pr\u00e9sent  arr\u00eat\u00e9  peut  \u00eatre formul\u00e9  devant  le tribunal  administratif  territorialement\ncomp\u00e9tant  dans  un d\u00e9lai  de deux  mois  \u00e0 compter  de sa date  de notification.\nLe tribunal  administratif  peut  \u00eatre saisi par l'application  \u00ab T\u00e9l\u00e9recours  citoyen  \u00bb : www.telerecours.fr\nArticle  5:\nLe sous-pr\u00e9fet,  directeur  de cabinet  du pr\u00e9fet  de la Somme,  le directeur  d\u00e9partemental  des services\nd'incendie  et de secours  de la Somme,  et la directrice  d\u00e9partementale  de l'emploi,  du travail  et des\nsolidarit\u00e9s  de la Somme  sont charg\u00e9s,  chacun  en ce qui le concerne,  de l'ex\u00e9cution  du pr\u00e9sent  arr\u00eat\u00e9\nqui sera publi\u00e9  au recueil  des actes  administratifs  de la pr\u00e9fecture  de la Somme  et dont  une copie  sera\nadress\u00e9e  \u00e0 l'organisme  NOVOFORM.\nAmiens,  le\n14 OCT. 2024\nPour  le pr\u00e9fet  et par d\u00e9l\u00e9gation,\nLe sous-pr\u00e9fet,  directeur  de cabinet,\nSIDPC pr\u00e9fecture de la Somme - 80-2024-12-24-00008 - AP modificatif agr\u00e9ment SSIAP Novoform 29","date":"2024-12-24","first_seen_on":"2024-12-24T17:34:28+00:00","id":"63455f352351cd6f3387325aed8ee6ba0394f919a14d166d1a2380b47d8b6928","name":"RAA n\u00b0252 sp\u00e9cial (nominatifs) du 24 d\u00e9cembre 2024","pdf_creation_date":"2024-12-24T16:07:59+00:00","pdf_modification_date":null,"timezone":"CET","url":"https://www.somme.gouv.fr/contenu/telechargement/50504/335409/file/recueil-2024-252-recueil-des-actes-administratifs-nominatifs.pdf"}
