{"administration":"pref69","administration_name":"Pr\u00e9fecture du Rh\u00f4ne","content":"PR\u00c9F\u00c8TE\nDU RH\u00d4NE\nRECUEIL DES ACTES\nADMINISTRATIFS SP\u00c9CIAL\nN\u00b069-2026-028\nPUBLI\u00c9 LE 27 JANVIER 2026\nSommaire\n69_DDT_Direction d\u00e9partementale des territoires du Rh\u00f4ne /\n69-2025-12-16-00006 - D\u00e9rogation-artD331-14 CCH (2 pages) Page 3\n69_Pr\u00e9f_Pr\u00e9fecture du Rh\u00f4ne / Direction de la s\u00e9curit\u00e9 et de la\nprotection civile\n69-2026-01-27-00001 - Arr\u00eat\u00e9 portant modification de l'agr\u00e9ment d'un\ncentre de formation taxi MTR (2 pages) Page 6\n69_Pr\u00e9f_Pr\u00e9fecture du Rh\u00f4ne / Pr\u00e9fet d\u00e9l\u00e9gu\u00e9 pour la\nd\u00e9fense et la s\u00e9curit\u00e9\n69-2026-01-26-00004 - ARR\u00caT\u00c9 PR\u00c9FECTORAL portant encadrement du\nd\u00e9placement des supporters du PAOK FC et instaurant un p\u00e9rim\u00e8tre\ncomportant des mesures d'interdiction de stationnement, de circulation\nsur la voie\npublique et d'acc\u00e8s au Groupama Stadium de\nD\u00e9cines-Charpieu et en centre-ville de Lyon \u00e0 l'occasion de la\nrencontre de football lors de la 8? journ\u00e9e d'Europa League entre\nles \u00e9quipes de l'Olympique Lyonnais et du PAOK FC les mercredi 28 et\njeudi 29 janvier 2026 au Groupama Stadium (7 pages) Page 9\n84_ARS_Agence R\u00e9gionale de Sant\u00e9 Auvergne-Rh\u00f4ne-Alpes /\n69-2026-01-27-00002 - Arr\u00eat\u00e9 portant agr\u00e9ment pour effectuer des\ntransports sanitaires d\u00e9livr\u00e9 \u00e0 la soci\u00e9t\u00e9 CONDRIEU\nAMBULANCES \u00e0 CONDRIEU (3 pages) Page 17\n2\n69_DDT_Direction d\u00e9partementale des\nterritoires du Rh\u00f4ne\n69-2025-12-16-00006\nD\u00e9rogation-artD331-14 CCH\n69_DDT_Direction d\u00e9partementale des territoires du Rh\u00f4ne - 69-2025-12-16-00006 - D\u00e9rogation-artD331-14 CCH 3\nPREFETE Direction d\u00e9partementaleDU RHONE : des territoiresLibert\u00e9Egalit\u00e9Fraternit\u00e9\nArr\u00eat\u00e9 pr\u00e9fectoral n\u00b0 DDT -S#VS\u2014 65 ~US5..\\L-\\0 du IG[IL|US relatif \u00e0 la d\u00e9rogation \u00e0 l'articleD. 331-14 du code de la construction et de l'habitationLa Pr\u00e9f\u00e8te de la R\u00e9gion Auvergne-Rh\u00f4ne-Alpes,Pr\u00e9f\u00e8te de la Zone de d\u00e9fense et de s\u00e9curit\u00e9 sud-est,Pr\u00e9f\u00e8te du Rh\u00f4ne,Commandeur de la L\u00e9gion d'honneur,Commandeur de l'ordre national du M\u00e9rite,\nVU le code de la construction et de l'habitation, et notamment son article D. 331-5,VU le d\u00e9cret n\u00b02020-412 du 8 avril 2020 relatif au droit de d\u00e9rogation reconnu au pr\u00e9fet,VU le d\u00e9cret du 11 janvier 2023 en conseil des ministres portant nomination de Mme Fabienne BUCCIOen qualit\u00e9 de pr\u00e9f\u00e8te de la r\u00e9gion Auvergne-Rh\u00f4ne-Alpes, pr\u00e9f\u00e8te de la zone de d\u00e9fense et de s\u00e9curit\u00e9Sud-Est, pr\u00e9f\u00e8te du Rh\u00f4ne (hors classe),CONSID\u00c9RANT la demande port\u00e9e par la Ville de Marcy l'\u00c9toile en date du 25 juin 2025,CONSID\u00c9RANT l'avis de la M\u00e9tropole de Lyon en sa qualit\u00e9 de d\u00e9l\u00e9gataire des aides \u00e0 la pierre en datedu 28 octobre 2025,CONSID\u00c9RANT que l'acquisition des six logements sociaux par la Ville de Marcy l'\u00c9toile permettent lasortie de l'op\u00e9ration int\u00e9grant des logements \u00e0 destination des gendarmes affect\u00e9s au groupementd'intervention cynophile et rel\u00e8vent donc de l'int\u00e9r\u00eat g\u00e9n\u00e9ral,CONSID\u00c9RANT que la demande s'inscrit conform\u00e9ment aux champs d'application du d\u00e9cret n\u00b0 2020-412 du 8 avril 2020 et que l'octroi de cette d\u00e9rogation ne porte ni atteinte aux int\u00e9r\u00eats de la d\u00e9fense oude la s\u00e9curit\u00e9 des personnes et des biens ;Sur proposition du directeur d\u00e9partemental des territoires,\nARR\u00caTE\nArticle 1 :Par d\u00e9rogation \u00e0 l'article D.331-14 du code de la construction et de l'habitation, la Ville de Marcy l'\u00c9toilepourra \u00eatre b\u00e9n\u00e9ficiaire des pr\u00eats et des subventions pour l'acquisition des logements locatifs aid\u00e9spour les six logements financ\u00e9s en PLUS et en PLAI du programme situ\u00e9 au 904, avenue Jean Collomb \u00e0Marcy l'\u00c9toile.\n1/2\n69_DDT_Direction d\u00e9partementale des territoires du Rh\u00f4ne - 69-2025-12-16-00006 - D\u00e9rogation-artD331-14 CCH 4\nArticle 2:Le Pr\u00e9fet, Secr\u00e9taire g\u00e9n\u00e9ral de la Pr\u00e9fecture du Rh\u00f4ne, Pr\u00e9fet d\u00e9l\u00e9gu\u00e9 pour l'\u00e9galit\u00e9 des chances et leDirecteur d\u00e9partemental des territoires sont charg\u00e9s, chacun en ce qui le concerne, de l'ex\u00e9cution dupr\u00e9sent arr\u00eat\u00e9. :\nFait\u00e0 Lyon, le 16 DEC. 2025\n[A] LSe\u2014 Fett hn\na\nFabienne BUCCIO\nD\u00e9lais et voies de recours :Conform\u00e9ment \u00e0 l'article R.421-1 du code de justice administrative, la pr\u00e9sente d\u00e9cision peut faire l'objetd'un recours contentieux, dans le d\u00e9lai de deux mois \u00e0 compter de sa notification, devant le tribunaladministratif de Lyon (184, rue Duguesclin - 69 433 Lyon Cedex 03, ou sur l'application www.telerecours.fr).Elle peut \u00e9galement faire l'objet d'un recours gracieux aupr\u00e8s de Madame la Pr\u00e9f\u00e8te du Rh\u00f4ne. Cetted\u00e9marche interrompt le d\u00e9lai de recours contentieux, ce dernier devant \u00eatre introduit dans le d\u00e9lai dedeux mois suivant une d\u00e9cision implicite ou explicite de l'autorit\u00e9 comp\u00e9tente (le silence del'administration pendant un d\u00e9lai de deux mois valant d\u00e9cision implicite de rejet).\n2/2\n69_DDT_Direction d\u00e9partementale des territoires du Rh\u00f4ne - 69-2025-12-16-00006 - D\u00e9rogation-artD331-14 CCH 5\n69_Pr\u00e9f_Pr\u00e9fecture du Rh\u00f4ne\n69-2026-01-27-00001\nArr\u00eat\u00e9 portant modification de l'agr\u00e9ment d'un\ncentre de formation taxi MTR\n69_Pr\u00e9f_Pr\u00e9fecture du Rh\u00f4ne - 69-2026-01-27-00001 - Arr\u00eat\u00e9 portant modification de l'agr\u00e9ment d'un centre de formation taxi MTR 6\nesPREFETEDU RHONELibert\u00e9Egalit\u00e9Fraternit\u00e9\nPr\u00e9fecture\nDirection de la S\u00e9curit\u00e9 \net de la Protection Civile\nBureau des Polices Administratives\nAffaire suivie par : C\u00e9cile DAFFIX\nT\u00e9l : 04.72.61.65.53\nCourriel : c\u00e9cile.daffix@rhone.gouv.fr\nARR\u00caT\u00c9 PR\u00c9FECTORAL\nPortant modification de l'agr\u00e9ment d'un centre de formation taxi n\u00b0 09-03\nLa Pr\u00e9f\u00e8te de la R\u00e9gion Auvergne-Rh\u00f4ne-Alpes\nPr\u00e9f\u00e8te du Rh\u00f4ne\nCommandeur de la L\u00e9gion d'Honneur\nCommandeur de l'Ordre National du M\u00e9rite\nVU le Code des Transports, notamment son article R.3120-9 ;\nVU le code des relations entre le public et l'administration, notamment le titre Ier de son livre III;\nVU la loi N\u00b0 2014-1104 du 1 er octobre 2014 relative aux taxis et aux voitures de transport avec  \nchauffeur ;\nVU le d\u00e9cret N\u00b0 2014-1725 du 30 d\u00e9cembre 2014 relatif au transport public particulier de personnes ;\nVU l'arr\u00eat\u00e9 du 11 ao\u00fbt 2017 relatif \u00e0 l'agr\u00e9ment des centres de formation habilit\u00e9s \u00e0 dispenser la  \nformation initiale et continue des conducteurs de taxi et des conducteurs de voiture de transport avec  \nchauffeur;\nVU l'arr\u00eat\u00e9 du 11 ao\u00fbt 2017 relatif \u00e0 la formation continue des conducteurs de taxi et des conducteurs de  \nvoiture de transport avec chauffeur et \u00e0 la mobilit\u00e9 des conducteurs de taxi;\nVU l'agr\u00e9ment pr\u00e9fectoral n\u00b0 09-03 renouvel\u00e9 par arr\u00eat\u00e9 pr\u00e9fectoral n\u00b0 69-2025-12-18-00002 du 18  \nd\u00e9cembre 2025 ;\nVU la demande de modification d\u00e9pos\u00e9e par Monsieur Laurent DESHAYES, Directeur du centre de  \nformation \u00ab M.T.R formation  \u00bb concernant le changement de si\u00e8ge social, en date du 21 janvier 2026 ;\nConsid\u00e9rant que le dossier pr\u00e9sent\u00e9 remplit les conditions r\u00e9glementaires ;\nSur proposition de Monsieur le Directeur de la S\u00e9curit\u00e9 et de la Protection Civile:\n.../\u2026\nAdresse postale: Pr\u00e9fecture du Rh\u00f4ne \u2013 69419 Lyon cedex 03\nPour conna\u00eetre nos horaires et nos modalit\u00e9s d'accueil     : internet   www.rhone.gouv.fr   ou t\u00e9l.     : 04 72 61 61 61 (co\u00fbt d'un appel local)  \nLyon, le 27 janvier 2026\n69_Pr\u00e9f_Pr\u00e9fecture du Rh\u00f4ne - 69-2026-01-27-00001 - Arr\u00eat\u00e9 portant modification de l'agr\u00e9ment d'un centre de formation taxi MTR 7\nARRETE\nArticle 1  er   : L'arr\u00eat\u00e9 pr\u00e9fectoral n\u00b0 69-2025-12-18-00002 du 18 d\u00e9cembre 2025 portant renouvellement  \nd'agr\u00e9ment n\u00b009-03 est modifi\u00e9 comme suit en son article 1 :\nEst renouvel\u00e9 pour 5 ans, l'agr\u00e9ment n\u00b0 09-03 d\u00e9livr\u00e9 au centre de formation \u00ab  M.T.R formation \u00bb situ\u00e9 \n13 rue Pierre Gilles de Gennes-69007 LYON repr\u00e9sent\u00e9 par son pr\u00e9sident Monsieur Yves GARCIN  \nMARCON, pour exploiter un \u00e9tablissement d'enseignement assurant la pr\u00e9paration \u00e0 l'examen, \u00e0 la  \nformation continue et \u00e0 la mobilit\u00e9 des conducteurs de taxi.\nLa demande de renouvellement doit \u00eatre formul\u00e9e trois mois avant l'\u00e9ch\u00e9ance du pr\u00e9sent agr\u00e9ment, \u00e0  \nl'initiative du titulaire. \nArticle 2:  Les autres dispositions restent inchang\u00e9es.\nArticle 3 : Le Directeur de la S\u00e9curit\u00e9 et de la Protection Civile est charg\u00e9 de l'ex\u00e9cution du pr\u00e9sent  \narr\u00eat\u00e9 qui sera publi\u00e9 au recueil des actes administratifs de la pr\u00e9fecture du Rh\u00f4ne.\nPour la pr\u00e9f\u00e8te,\nLa cheffe de la section \nr\u00e9glementation routi\u00e8re\nC\u00e9cile DAFFIX\n69_Pr\u00e9f_Pr\u00e9fecture du Rh\u00f4ne - 69-2026-01-27-00001 - Arr\u00eat\u00e9 portant modification de l'agr\u00e9ment d'un centre de formation taxi MTR 8\n69_Pr\u00e9f_Pr\u00e9fecture du Rh\u00f4ne\n69-2026-01-26-00004\nARR\u00caT\u00c9 PR\u00c9FECTORAL portant encadrement du\nd\u00e9placement des supporters du PAOK FC et\ninstaurant un p\u00e9rim\u00e8tre comportant des\nmesures d'interdiction de stationnement, de\ncirculation sur la voie\npublique et d'acc\u00e8s au Groupama Stadium de\nD\u00e9cines-Charpieu et en centre-ville de Lyon \u00e0\nl'occasion de la rencontre de football lors de la\n8? journ\u00e9e d'Europa League entre les \u00e9quipes de\nl'Olympique Lyonnais et du PAOK FC les\nmercredi 28 et jeudi 29 janvier 2026 au\nGroupama Stadium\n69_Pr\u00e9f_Pr\u00e9fecture du Rh\u00f4ne - 69-2026-01-26-00004 - ARR\u00caT\u00c9 PR\u00c9FECTORAL portant encadrement du d\u00e9placement des supporters\ndu PAOK FC et instaurant un p\u00e9rim\u00e8tre comportant des mesures d'interdiction de stationnement, de circulation sur la voie\npublique et d'acc\u00e8s au Groupama Stadium de D\u00e9cines-Charpieu et en centre-ville de Lyon \u00e0 l'occasion de la rencontre de football lors\nde la 8? journ\u00e9e d'Europa League entre les \u00e9quipes de l'Olympique Lyonnais et du PAOK FC les mercredi 28 et jeudi 29 janvier 2026 au\nGroupama Stadium\n9\nPREFETEDU RHONELibert\u00e9Egalit\u00e9Fraternit\u00e9\n \nARR\u00caT\u00c9 PR\u00c9FECTORAL N\u00b0 2026 \u2013 01 \u2013 26 \u2013 0001\nportant encadrement du d\u00e9placement des supporters du PAOK FC et instaurant un \np\u00e9rim\u00e8tre comportant des mesures d'interdiction de stationnement, de circulation sur la voie\npublique et d'acc\u00e8s au Groupama Stadium de D\u00e9cines-Charpieu et en centre-ville de Lyon \u00e0 \nl'occasion de la rencontre de football lors de la 8  journ\u00e9e d'Europa League entre les \u00e9quipes\u1d49  \nde l'Olympique Lyonnais et du PAOK FC les mercredi 28 et jeudi 29 janvier 2026 au \nGroupama Stadium\nLa Pr\u00e9f\u00e8te du Rh\u00f4ne,\nCommandeur de la L\u00e9gion d'honneur\nCommandeur de l'ordre national du M\u00e9rite\nVu le Code p\u00e9nal ;\nVu le Code du sport, en particulier les articles L.332-1 \u00e0 L.332-18 relatifs aux manifestations  \nsportives, ainsi que les articles R.332-1 \u00e0 R.332-9 relatifs \u00e0 l'interdiction de p\u00e9n\u00e9trer ou de se  \nrendre aux abords d'une enceinte o\u00f9 se d\u00e9roule une manifestation sportive ;\nVu l'article L.2214-4 du Code g\u00e9n\u00e9ral des collectivit\u00e9s territoriales ;\nVu la loi du 2 mars 2010 renfor\u00e7ant la lutte contre les violences de groupes et la protection  \ndes personnes charg\u00e9es d'une mission de service public ;\nVu le  d\u00e9cret  N\u00b0  2004-374  du  29  avril  2004  modifi\u00e9  relatif  aux  pouvoirs  des  pr\u00e9fets,  \u00e0 \nl'organisation et \u00e0 l'action des services de l'\u00c9tat dans les r\u00e9gions et d\u00e9partements ;\nVu le d\u00e9cret en Conseil des Ministres du 11 janvier 2023 portant nomination de Madame  \nFabienne BUCCIO, pr\u00e9f\u00e8te de la r\u00e9gion Auvergne-Rh\u00f4ne-Alpes, pr\u00e9f\u00e8te de la zone de d\u00e9fense  \net de s\u00e9curit\u00e9 Sud-Est, pr\u00e9f\u00e8te du Rh\u00f4ne (hors classe) ;\nVu le d\u00e9cret du 6 novembre 2024 portant nomination du pr\u00e9fet d\u00e9l\u00e9gu\u00e9 pour la d\u00e9fense et la  \ns\u00e9curit\u00e9  aupr\u00e8s  de  la  pr\u00e9f\u00e8te  de  la  r\u00e9gion  Auvergne-Rh\u00f4ne-Alpes,  pr\u00e9f\u00e8te  de  la  zone  de \nd\u00e9fense et de s\u00e9curit\u00e9 Sud-Est, pr\u00e9f\u00e8te du Rh\u00f4ne \u2013 M. Antoine GUERIN ; \nVu l'arr\u00eat\u00e9  pr\u00e9fectoral n\u00b069-2025-10-13-00011  du  13  octobre  2025  portant  d\u00e9l\u00e9gation  de \nsignature \u00e0 M. Antoine GUERIN en qualit\u00e9 de pr\u00e9fet d\u00e9l\u00e9gu\u00e9 pour la d\u00e9fense et la s\u00e9curit\u00e9  \naupr\u00e8s de la pr\u00e9f\u00e8te de la r\u00e9gion Auvergne-Rh\u00f4ne-Alpes, pr\u00e9f\u00e8te de la zone de d\u00e9fense et de  \ns\u00e9curit\u00e9 Sud-Est, pr\u00e9f\u00e8te du Rh\u00f4ne ;\nVu l'arr\u00eat\u00e9  du  28  ao\u00fbt  2007  portant  cr\u00e9ation  d'un  traitement  automatis\u00e9  de  donn\u00e9es  \u00e0 \ncaract\u00e8re personnel relatif aux personnes interdites de stade ;\nVu la  circulaire  du  Ministre  de  l'Int\u00e9rieur  du  25  avril  2022  (INTD2205085J)  relative  aux \nrencontres sportives \u00e0 risque et interdictions de d\u00e9placements des supporters ; \nConsid\u00e9rant qu'en vertu de l'article L.332-16-2 du Code du sport, le repr\u00e9sentant de l'\u00c9tat  \ndans le d\u00e9partement peut, par arr\u00eat\u00e9, restreindre la libert\u00e9 d'aller et de venir des personnes se \npr\u00e9valant de la qualit\u00e9 de supporter d'une \u00e9quipe ou se comportant comme tel sur les lieux  \n1/7\n69_Pr\u00e9f_Pr\u00e9fecture du Rh\u00f4ne - 69-2026-01-26-00004 - ARR\u00caT\u00c9 PR\u00c9FECTORAL portant encadrement du d\u00e9placement des supporters\ndu PAOK FC et instaurant un p\u00e9rim\u00e8tre comportant des mesures d'interdiction de stationnement, de circulation sur la voie\npublique et d'acc\u00e8s au Groupama Stadium de D\u00e9cines-Charpieu et en centre-ville de Lyon \u00e0 l'occasion de la rencontre de football lors\nde la 8? journ\u00e9e d'Europa League entre les \u00e9quipes de l'Olympique Lyonnais et du PAOK FC les mercredi 28 et jeudi 29 janvier 2026 au\nGroupama Stadium\n10\nd'une manifestation sportive et dont la pr\u00e9sence est susceptible d'occasionner des troubles  \ngraves pour l'ordre public ;\nConsid\u00e9rant que, dans le cadre de la 8  journ\u00e9e d'Europa League, l'\u00e9quipe de l'Olympique\u1d49  \nLyonnais (OL) rencontrera celle du PAOK FC au Groupama Stadium de D\u00e9cines-Charpieu le  \njeudi 29 janvier 2025 \u00e0 21h00 ; qu'il s'agit de la derni\u00e8re journ\u00e9e de phase qualificative ;\nConsid\u00e9rant que le support\u00e9risme grec conna\u00eet de nombreux faits de violences  ; que, par  \nexemple, le 1 er f\u00e9vrier 2022 un supporter de 19 ans du club rival ARIS a \u00e9t\u00e9 mortellement  \npoignard\u00e9 ; que les sept personnes condamn\u00e9es \u00e0 la prison \u00e0 vie se revendiquaient toutes  \ncomme supporters du PAOK FC  ; que les supporters radicaux grecs sont adeptes des armes  \nblanches ; \nConsid\u00e9rant que le PAOK FC a \u00e9t\u00e9 sanctionn\u00e9 par la F\u00e9d\u00e9ration grecque de football de deux \nmatchs \u00e0 huis clos, pour les violences survenues dans les tribunes pendant la finale au stade  \nolympique d'Ath\u00e8nes le 21 mai 2022 ;\nConsid\u00e9rant que  les  d\u00e9placements  des  supporters  du  PAOK  FC  engendrent  de  violents \naffrontements entre supporters mais aussi avec les forces de l'ordre ; \nConsid\u00e9rant qu'\u00e0 l'occasion du quart de finale aller de la L igue Europa Conf\u00e9rence entre l'OM \net le PAOK le 07 avril 2022, 300 supporters   grecs sont arriv\u00e9s d\u00e8s la veille contrairement \u00e0  \nl'engagement  du  club  du  PAOK ;  que  ces  supporters  se  sont  battus  avec  les  supporters \nmarseillais ; que des affrontements ont \u00e9galement eu lieu le lendemain avant match blessant  \ndeux policiers ; \nConsid\u00e9rant que le 11 avril 2024, \u00e0 l'occasion de la rencontre entre le FC BRUGES et le PAOK  \nFC en quart de finales aller de la Conf\u00e9rence League, e nviron 500 supporters grecs se sont  \nrendus aux alentours du stade sans billet, malgr\u00e9 l'interdiction impos\u00e9e car il s'agissait d'un  \nmatch jug\u00e9 \u00e0 hauts risques  ; que certains d'entre eux sont m\u00eame parvenus \u00e0 entrer dans le  \nstade, emp\u00eachant des fans qui avaient achet\u00e9 leur ticket de pouvoir p\u00e9n\u00e9trer dans l'enceinte  \ndu stade  ; qu'une \u00e9meute a eu lieu avec des supporters du PAOK FC \u00e0 l'issue du match  \nblessant 6 policiers ;\nConsid\u00e9rant que  le  23  octobre  2025,  \u00e0  l'occasion  de  la  3\u00e8me  journ\u00e9e  de  Ligue  Europa \nopposant LOSC Lille au PAOK, des affrontements ont eu lieu sur le parvis m\u00eame du stade  \nPierre-Mauroy  avant  match ;  que  les  ultras  des  deux  clubs  en  sont  venus  aux  mains \nviolemment ; que des images montrent des individus frappant d'autres \u00e0 terre \u00e0 coups de  \npieds, parfois m\u00eame au niveau de la t\u00eate  ; que 1000 \u00e0 1200 supporters grecs ont fait une fan  \nwalk sauvage ; que les premi\u00e8res vagues de supporters arriv\u00e9es au stade ont tent\u00e9 d'enlever le  \nbarri\u00e9rage mis en place ;\nConsid\u00e9rant que les supporters grecs vont converger en nombre cons\u00e9quent au Groupama  \nStadium pour la rencontre du jeudi 29 janvier 2026  ; que le club grec a annonc\u00e9 que les 2816  \nplaces mises \u00e0 sa disposition ne sont pas suffisantes  ; que les 500 \u00e0 600 supporters d\u00e9j\u00e0 en  \nliste d'attente feraient le d\u00e9placement m\u00eame sans billet  ; que la DNLH \u00e9voque la possibilit\u00e9  \npour les supporters ultras grecs d'enfoncer les couloirs de palpation pour p\u00e9n\u00e9trer librement  \nen secteur visiteurs ; que ces faits ont d\u00e9j\u00e0 \u00e9t\u00e9 constat\u00e9s lors du match FC Bruges - PAOK en  \nBelgique le 11 avril 2024 et que des canons \u00e0 eau ont \u00e9t\u00e9 utilis\u00e9s  ; que les supporters du PAOK \nentretiennent des liens de connivence avec des hooligans \u00e9trangers ; qu'il est annonc\u00e9 pour la \nrencontre du jeudi 29 janvier 2026 plus de deux-cents supporters risques, rejoins par une  \ncentaine d'ultras polonais ; qu'une cinquantaine d'ultras polonais vont \u00e9galement renforcer les \nrangs des ultras lyonnais ; que les supporters grecs sont adeptes des fans walks sauvages ; \nConsid\u00e9rant que lors des rencontres du championnat d'Europa League, les d\u00e9placements des  \nsupporters des clubs de football ont \u00e9t\u00e9 la source de troubles \u00e0 l'ordre public du fait du  \ncomportement violent de certains d'entre eux, manifest\u00e9 de fa\u00e7on r\u00e9currente aux abords des  \nstades et dans les centres-villes des lieux de rencontre, tant par des rixes de supporters que  \npar des violences contre les forces de l'ordre ou des jets de fumig\u00e8nes entra\u00eenant des blessures \nou d\u00e9gradations ; qu'il est fr\u00e9quent que lors de ces rencontres europ\u00e9ennes, les supporters  \nultras des clubs soient pr\u00e9sents afin de repr\u00e9senter et \u00ab  d\u00e9fendre \u00bb leur pays et qu'ils sont  \nsusceptibles de r\u00e9pondre \u00e0 toutes provocations par la violence ; \n2/7\n69_Pr\u00e9f_Pr\u00e9fecture du Rh\u00f4ne - 69-2026-01-26-00004 - ARR\u00caT\u00c9 PR\u00c9FECTORAL portant encadrement du d\u00e9placement des supporters\ndu PAOK FC et instaurant un p\u00e9rim\u00e8tre comportant des mesures d'interdiction de stationnement, de circulation sur la voie\npublique et d'acc\u00e8s au Groupama Stadium de D\u00e9cines-Charpieu et en centre-ville de Lyon \u00e0 l'occasion de la rencontre de football lors\nde la 8? journ\u00e9e d'Europa League entre les \u00e9quipes de l'Olympique Lyonnais et du PAOK FC les mercredi 28 et jeudi 29 janvier 2026 au\nGroupama Stadium\n11\nConsid\u00e9rant que dans le cadre de la 6  journ\u00e9e de la phase de poule de l'UEFA Europa League\u1d49  \n\u00e9dition 2024/2025, l'Olympique Lyonnais a re\u00e7u au Groupama Stadium de D\u00e9cines-Charpieu la \nformation d'Eintracht Francfort, le jeudi 12 d\u00e9cembre 2024 \u00e0 21h00 ; que la veille du match, un \ngroupe de 150 supporters ultras allemands s'est install\u00e9 sur la terrasse du bar \u00ab  le Boston  \nCaf\u00e9 \u00bb dans le 1 er arrondissement de Lyon  ; que dans le m\u00eame trait de temps, un supporter  \nlyonnais a inform\u00e9 les forces de l'ordre qu'il venait de se faire \u00ab alpaguer \u00bb par trois supporters \nallemands ; que durant la soir\u00e9e, alors que le groupe de supporters allemands \u00e9tait toujours  \ninstall\u00e9  au  bar  \u00ab Le  Boston  Caf\u00e9 \u00bb,  quelques  petits  groupes  de  supporters  ultras  lyonnais \n\u00e9taient rep\u00e9r\u00e9s, diss\u00e9min\u00e9s dans le secteur ; qu'avant 23h00, le mercredi 11 d\u00e9cembre 2024, le \ngroupe  de  supporters  ultras  allemands  alors  \u00e9valu\u00e9  \u00e0  deux-cents  cinquante  personnes,  la \nplupart v\u00eatus de noir, se d\u00e9pla\u00e7ait pr\u00e9cipitamment en criant des invectives, en direction du 6 \u1d49 \narrondissement de Lyon  ; que tr\u00e8s rapidement, un groupe de supporter ultra lyonnais, peut-\n\u00eatre \u00e9valu\u00e9 \u00e0 deux-cents personnes se retrouvait sur la place Mar\u00e9chal Lyautey dans le 6 \u1d49 \narrondissement de Lyon ; qu'une bagarre tr\u00e8s intense a \u00e9clat\u00e9 entre les deux groupes de  \nsupporters ; que les forces de l'ordre ont rapidement pu disperser ces deux groupes ;\nConsid\u00e9rant  que dans le cadre de la 1\u00e8re journ\u00e9e de la phase de poule de l'UEFA Europa  \nLeague  \u00e9dition  2025/2026,  le  club  d'Utrecht  a  re\u00e7u  l'Olympique  Lyonnais  le  jeudi  25 \nseptembre  2025 ;  que,  quelques  heures  avant  le  match,  en  centre-ville,  des  supporters \nlyonnais se sont \u00e9cart\u00e9s de leur fan zone pour en d\u00e9coudre avec les supporters n\u00e9erlandais  ; \nque jets de chaises,  lancers de fumig\u00e8nes et altercations ont fait un bless\u00e9 c\u00f4t\u00e9 utrechtois ;\nConsid\u00e9rant que dans le cadre de la 19\u00e8me journ\u00e9e de ligue 1, saison 2025/2026, le FC Metz  \nrecevait  l'OL  le  Dimanche  25  Janvier  2026 ;  qu'une  rixe  a  \u00e9clat\u00e9  devant  les  locaux  des \nsupporters ultras messins \u00ab HORDA \u00bb ; qu'une centaine de lyonnais se sont affront\u00e9s avec une  \ncentaine de messins, pour certains (dans les deux camps) encagoul\u00e9s et arm\u00e9s de b\u00e2tons  \nentra\u00eenant trois bless\u00e9s c\u00f4t\u00e9s messin et une interpellation c\u00f4t\u00e9 lyonnais ;\nConsid\u00e9rant que dans ce contexte, il existe un risque av\u00e9r\u00e9 de troubles \u00e0 l'ordre public \u00e0  \nl'occasion de la rencontre du jeudi 29 janvier 2026  et un risque r\u00e9el et s\u00e9rieux d'affrontements \nentre supporters lyonnais et supporters grecs ; \nConsid\u00e9rant que le match du jeudi 29 janvier 2026 est class\u00e9 niveau 4 sur 5 par la Direction  \nNationale  de  Lutte  contre  le  Hooliganisme  (DNLH),  qui  consid\u00e8re  que  cette  rencontre \npr\u00e9sente  des  risques  graves  de  troubles  \u00e0  l'ordre  public  li\u00e9s  \u00e0  la  pr\u00e9sence  certaine  de \nsupporters  \u00e0  risques ;  que  le  dispositif  d'ordre  public  renforc\u00e9  et  que  l'arr\u00eat\u00e9  pr\u00e9fectoral \nd'encadrement et d'interdiction de p\u00e9rim\u00e8tre permettront un niveau de s\u00e9curit\u00e9 optimal ; \nConsid\u00e9rant que les supporters en provenance de Gr\u00e8ce feront le d\u00e9placement \u00e0 bord de 25  \nbus  et  de  deux  vols,  en  v\u00e9hicules  et  mini-vans  pour  le  reste ;  que  500  \u00e0  600  supporters \nviendraient du reste de l'Europe par leurs propres moyens ; que, \u00e0 ce jour, une moiti\u00e9 viendrait \nla veille du match et l'autre moiti\u00e9 le jour de match  ; que le club grec nous a annonc\u00e9 que 200 \nsupporters \u00e0 risques feront le d\u00e9placement d\u00e8s la veille du match  ; que pour leur s\u00e9curit\u00e9, il  \nconvient d'encadrer leur d\u00e9placement  afin d'\u00e9viter tout m\u00e9lange de flux avec les supporters  \nlyonnais ; \nConsid\u00e9rant que, dans un contexte sportif \u00e0 enjeu mais \u00e9galement sur fond de recherches  \nd'affrontement,  toute  provocation  mat\u00e9rialis\u00e9e  par  des  arriv\u00e9es  isol\u00e9es  de  supporters  du \nPAOK FC aux abords du Groupama Stadium risque d'engendrer des r\u00e9actions violentes et des  \nrixes avec les supporters locaux, de nature \u00e0 troubler fortement l'ordre public et perturber la  \ntranquillit\u00e9 publique des citoyens ; \nConsid\u00e9rant que  si  des  affrontements  entre  les  supporters  ultras  des  deux  clubs  sont \nsusceptibles de se d\u00e9rouler en centre-ville ou aux abords du stade du Groupama Stadium de  \nD\u00e9cines-Charpieu, tous les lieux pouvant donner lieu \u00e0 des affrontements ne peuvent \u00eatre  \nanticip\u00e9s ; que, dans ces conditions, la mobilisation des forces de l'ordre, m\u00eame en nombre  \nimportant en toutes circonstances et en tous lieux de l'agglom\u00e9ration lyonnaise, n'est pas  \nsuffisante \u00e0 pr\u00e9venir les troubles \u00e0 l'ordre public ; \nConsid\u00e9rant qu'il importe, pour des motifs d'ordre et de s\u00e9curit\u00e9 publics pr\u00e9c\u00e9demment  \nd\u00e9crits, de pr\u00e9venir tout trouble \u00e0 l'ordre public pouvant d\u00e9couler de la pr\u00e9sence en une  \n3/7\n69_Pr\u00e9f_Pr\u00e9fecture du Rh\u00f4ne - 69-2026-01-26-00004 - ARR\u00caT\u00c9 PR\u00c9FECTORAL portant encadrement du d\u00e9placement des supporters\ndu PAOK FC et instaurant un p\u00e9rim\u00e8tre comportant des mesures d'interdiction de stationnement, de circulation sur la voie\npublique et d'acc\u00e8s au Groupama Stadium de D\u00e9cines-Charpieu et en centre-ville de Lyon \u00e0 l'occasion de la rencontre de football lors\nde la 8? journ\u00e9e d'Europa League entre les \u00e9quipes de l'Olympique Lyonnais et du PAOK FC les mercredi 28 et jeudi 29 janvier 2026 au\nGroupama Stadium\n12\nm\u00eame unit\u00e9 de lieu et de temps des supporters des deux \u00e9quipes  ; qu'il convient d\u00e8s lors de  \nlimiter la libert\u00e9 d'aller et venir de toute personne se pr\u00e9valant de la qualit\u00e9 de supporter du  \nPAOK FC ou se comportant comme tel sur le territoire de la ville de Lyon, aux abords du  \nGroupama Stadium de D\u00e9cines-Charpieu le mercredi 28 janvier 2026 et jeudi 29 janvier 2026 ;\nARR\u00caTE\nArticle 1 : La circulation et le stationnement sur la voie publique sont interdits, le mercredi 28 \njanvier 2026 de 12h00 \u00e0 03h00 le lendemain , \u00e0 toute personne se pr\u00e9valant de la qualit\u00e9 de  \nsupporter  du  PAOK,  ou  se  comportant  comme  tel,  c'est-\u00e0-dire  portant  notamment  une \n\u00e9charpe, un insigne, un v\u00eatement, un drapeau aux couleurs de ce club, dans le secteur du  \ncentre-ville de Lyon, \u00e0 l'int\u00e9rieur du p\u00e9rim\u00e8tre d\u00e9limit\u00e9 comme suit  : quai Jean Moulin \u2013 place \nLouis Pradel \u2013 rue Puits Gaillot \u2013 place des Terreaux \u2013 rue d'Alg\u00e9rie \u2013 quai Saint-Vincent \u2013 pont \nde la Feuill\u00e9e \u2013 rue Octavio Mey \u2013 mont\u00e9e St Barth\u00e9l\u00e9my \u2013 rue de l'Antiquaille \u2013 place des  \nMinimes  \u2013  rue  des  Farges  \u2013  mont\u00e9e  du  Gourguillon  \u2013  mont\u00e9e  des  Epies  \u2013  place  de  la  \nCommanderie  \u2013 quai  Fulchiron  \u2013 Pont  Kitchener-Marchand  \u2013 Quai  Rambaud  \u2013 rue  Dugas  \nMontbel \u2013 Place des Archives \u2013 rue Dugas Montbel - quai Gailleton \u2013 quai Jules Courmont \u2013  \nquai Jean Moulin.\nArticle 2 : Il est interdit d'acc\u00e9der au Groupama Stadium de D\u00e9cines-Charpieu et \u00e0 ses abords  \nle mercredi 28 janvier 2026 de 12h00 \u00e0 03h00 le lendemain  \u00e0 toute personne se pr\u00e9valant de  \nla qualit\u00e9 de supporter du PAOK, ou se comportant comme tel, dans le p\u00e9rim\u00e8tre situ\u00e9 sur les  \ncommunes de D\u00e9cines et Meyzieu et d\u00e9limit\u00e9 par les voies suivantes  :  rue Sully \u2013 route de  \nJonage \u2013 avenue de Verdun \u2013 chemin de la Combe aux loups \u2013 avenue du Carreau \u2013 bd du 18 juin \n1940 \u2013 bd Pierre Mend\u00e8s France \u2013 rue du Rambion \u2013 chemin de Chassieu \u00e0 Meyzieu \u2013 Chemin de  \nMeyzieu \u2013 chemin de Chassieu \u2013 rue Voltaire \u2013 avenue de France \u2013 rue Marceau \u2013 rue Sully.\nArticle 3  :  La circulation et le stationnement sur la voie publique sont interdits,  le jeudi 29  \njanvier 2026 de 08h00 \u00e0 01h00 le lendemain , \u00e0 toute personne se pr\u00e9valant de la qualit\u00e9 de  \nsupporter  du  PAOK,  ou  se  comportant  comme  tel,  c'est-\u00e0-dire  portant  notamment  une \n\u00e9charpe, un insigne, un v\u00eatement, un drapeau aux couleurs de ce club, dans le secteur du  \ncentre-ville de Lyon, \u00e0 l'int\u00e9rieur du p\u00e9rim\u00e8tre d\u00e9limit\u00e9 comme suit  : quai Jean Moulin \u2013 place \nLouis Pradel \u2013 rue Puits Gaillot \u2013 place des Terreaux \u2013 rue d'Alg\u00e9rie \u2013 quai Saint-Vincent \u2013 pont \nde la Feuill\u00e9e \u2013 rue Octavio Mey \u2013 mont\u00e9e St Barth\u00e9l\u00e9my \u2013 rue de l'Antiquaille \u2013 place des  \nMinimes  \u2013  rue  des  Farges  \u2013  mont\u00e9e  du  Gourguillon  \u2013  mont\u00e9e  des  Epies  \u2013  place  de  la  \nCommanderie  \u2013 quai  Fulchiron  \u2013 Pont  Kitchener-Marchand  \u2013 Quai  Rambaud  \u2013 rue  Dugas  \nMontbel \u2013 Place des Archives \u2013 rue Dugas Montbel - quai Gailleton \u2013 quai Jules Courmont \u2013  \nquai Jean Moulin. \nArticle 4 : Il est interdit d'acc\u00e9der au Groupama Stadium de D\u00e9cines-Charpieu et \u00e0 ses abords  \nle jeudi 29 janvier 2026 de 08h00 \u00e0 01h00 le lendemain  \u00e0 toute personne se pr\u00e9valant de la  \nqualit\u00e9 de supporter du PAOK, ou se comportant comme tel, dans le p\u00e9rim\u00e8tre situ\u00e9 sur les  \ncommunes de D\u00e9cines et Meyzieu et d\u00e9limit\u00e9 par les voies suivantes  :  rue Sully \u2013 route de  \nJonage \u2013 avenue de Verdun \u2013 chemin de la Combe aux loups \u2013 avenue du Carreau \u2013 bd du 18 juin \n1940 \u2013 bd Pierre Mend\u00e8s France \u2013 rue du Rambion \u2013 chemin de Chassieu \u00e0 Meyzieu \u2013 Chemin de  \nMeyzieu \u2013 chemin de Chassieu \u2013 rue Voltaire \u2013 avenue de France \u2013 rue Marceau \u2013 rue Sully  sans \n\u00eatre  pass\u00e9  par  le  point  de  rendez-vous  obligatoire - Parking  Eurexpo  P2,  entr\u00e9e  Eurexpo  \nvisiteurs ouest, boulevard de l'Europe, 69  680 Chassieu \u2013 \u00e0 partir de 17h30 et sans \u00eatre muni  \nd'un billet.\n\u00c0 l'issue, il est fait obligation aux supporters du PAOK de monter dans les navettes depuis le  \nparking P2 d'Eurexpo en direction du Groupama Stadium.\nArticle 5  : Sont interdits  le    jeudi 29 janvier 2026 de 08h00 \u00e0 01H00 le lendemain   dans le  \np\u00e9rim\u00e8tre d\u00e9fini \u00e0 l'article 3 et 4, la possession, le transport et l'utilisation de tous p\u00e9tards ou  \nengins pyrotechniques et tout objet pouvant \u00eatre utilis\u00e9 comme projectile, la possession et le  \ntransport de toute boisson alcoolis\u00e9e.\nArticle 6 : Le pr\u00e9sent arr\u00eat\u00e9 peut faire l'objet d'un recours aupr\u00e8s du Tribunal Administratif de \nLyon dans un d\u00e9lai de 2 mois \u00e0 compter de sa notification.\n4/7\n69_Pr\u00e9f_Pr\u00e9fecture du Rh\u00f4ne - 69-2026-01-26-00004 - ARR\u00caT\u00c9 PR\u00c9FECTORAL portant encadrement du d\u00e9placement des supporters\ndu PAOK FC et instaurant un p\u00e9rim\u00e8tre comportant des mesures d'interdiction de stationnement, de circulation sur la voie\npublique et d'acc\u00e8s au Groupama Stadium de D\u00e9cines-Charpieu et en centre-ville de Lyon \u00e0 l'occasion de la rencontre de football lors\nde la 8? journ\u00e9e d'Europa League entre les \u00e9quipes de l'Olympique Lyonnais et du PAOK FC les mercredi 28 et jeudi 29 janvier 2026 au\nGroupama Stadium\n13\nArticle 7  : Le pr\u00e9fet d\u00e9l\u00e9gu\u00e9 pour la d\u00e9fense et la s\u00e9curit\u00e9 et le directeur interd\u00e9partemental  \nde la Police Nationale du Rh\u00f4ne sont charg\u00e9s, chacun en ce qui les concerne, de l'ex\u00e9cution  \ndu pr\u00e9sent arr\u00eat\u00e9 qui sera publi\u00e9 au recueil des actes administratifs de la pr\u00e9fecture du Rh\u00f4ne.\nFait \u00e0 Lyon, le 26 Janvier 2026\nLe pr\u00e9fet,\nd\u00e9l\u00e9gu\u00e9 pour la d\u00e9fense et la s\u00e9curit\u00e9\nOriginal sign\u00e9\nAntoine GUERIN\n5/7\n69_Pr\u00e9f_Pr\u00e9fecture du Rh\u00f4ne - 69-2026-01-26-00004 - ARR\u00caT\u00c9 PR\u00c9FECTORAL portant encadrement du d\u00e9placement des supporters\ndu PAOK FC et instaurant un p\u00e9rim\u00e8tre comportant des mesures d'interdiction de stationnement, de circulation sur la voie\npublique et d'acc\u00e8s au Groupama Stadium de D\u00e9cines-Charpieu et en centre-ville de Lyon \u00e0 l'occasion de la rencontre de football lors\nde la 8? journ\u00e9e d'Europa League entre les \u00e9quipes de l'Olympique Lyonnais et du PAOK FC les mercredi 28 et jeudi 29 janvier 2026 au\nGroupama Stadium\n14\nos SS\nHotel de ville de lyon\npes\u00d9[Cour des Loges (YonaCERadisson Collection Hot\"ueNotre- Dame O} (4) | i 1-de.Fourviere . N WW: LUN } MAa' Mais e ette a ie oe mrtLaiMaison de Loretts gh) 'Cath\u00e9drale et Primatiale| Saint Jean: Baptiste)FOURVI\u00c8RE\na la\nLyon-Certre\nAnnexe 1     : P\u00e9rim\u00e8tre centre-ville de Lyon \u2013 Lyon city center perimeter  \n6/7\nP\u00e9rim\u00e8tre interdit centre ville de Lyon\n69_Pr\u00e9f_Pr\u00e9fecture du Rh\u00f4ne - 69-2026-01-26-00004 - ARR\u00caT\u00c9 PR\u00c9FECTORAL portant encadrement du d\u00e9placement des supporters\ndu PAOK FC et instaurant un p\u00e9rim\u00e8tre comportant des mesures d'interdiction de stationnement, de circulation sur la voie\npublique et d'acc\u00e8s au Groupama Stadium de D\u00e9cines-Charpieu et en centre-ville de Lyon \u00e0 l'occasion de la rencontre de football lors\nde la 8? journ\u00e9e d'Europa League entre les \u00e9quipes de l'Olympique Lyonnais et du PAOK FC les mercredi 28 et jeudi 29 janvier 2026 au\nGroupama Stadium\n15\nCARREAUAMEVZIEU GARE\n-=\n=vEsce3\nAnnexe 2     : P\u00e9rim\u00e8tre stade \u2013 Perimeter around the Groupama Stadium  \n7/7\nP\u00e9rim\u00e8tre stade\n69_Pr\u00e9f_Pr\u00e9fecture du Rh\u00f4ne - 69-2026-01-26-00004 - ARR\u00caT\u00c9 PR\u00c9FECTORAL portant encadrement du d\u00e9placement des supporters\ndu PAOK FC et instaurant un p\u00e9rim\u00e8tre comportant des mesures d'interdiction de stationnement, de circulation sur la voie\npublique et d'acc\u00e8s au Groupama Stadium de D\u00e9cines-Charpieu et en centre-ville de Lyon \u00e0 l'occasion de la rencontre de football lors\nde la 8? journ\u00e9e d'Europa League entre les \u00e9quipes de l'Olympique Lyonnais et du PAOK FC les mercredi 28 et jeudi 29 janvier 2026 au\nGroupama Stadium\n16\n84_ARS_Agence R\u00e9gionale de Sant\u00e9\nAuvergne-Rh\u00f4ne-Alpes\n69-2026-01-27-00002\nArr\u00eat\u00e9 portant agr\u00e9ment pour effectuer des\ntransports sanitaires d\u00e9livr\u00e9 \u00e0 la soci\u00e9t\u00e9\nCONDRIEU AMBULANCES \u00e0 CONDRIEU\n84_ARS_Agence R\u00e9gionale de Sant\u00e9 Auvergne-Rh\u00f4ne-Alpes - 69-2026-01-27-00002 - Arr\u00eat\u00e9 portant agr\u00e9ment pour effectuer des\ntransports sanitaires d\u00e9livr\u00e9 \u00e0 la soci\u00e9t\u00e9 CONDRIEU AMBULANCES \u00e0 CONDRIEU 17\nEEREPUBLIQUEFRAN\u00c7AISE @ D Agence R\u00e9gionale de Sant\u00e9Libert\u00e9 Auvergne-Rh\u00f4ne-Alpes\u00c9galit\u00e9Fraternit\u00e9\nArr\u00eat\u00e9 n\u00b0 2026-10-0019Portant agr\u00e9ment pour effectuer des transports sanitaires terrestres\nLa Directrice g\u00e9n\u00e9rale de l'Agence r\u00e9gionale de sant\u00e9 Auvergne-Rh\u00f4ne-AlpesVU le Code de la Sant\u00e9 Publique et notamment les articles L 6312-1 \u00e0 L 6313-1 et R 6312-1 \u00e0 R 6314-6;VU l'arr\u00eat\u00e9 minist\u00e9riel du 12 d\u00e9cembre 2017 modifi\u00e9 fixant les conditions exig\u00e9es pour les v\u00e9hicules etles installations mat\u00e9rielles affect\u00e9s aux transports sanitaires terrestres;Consid\u00e9rant la demande d'agr\u00e9ment pour une entreprise de transports sanitaires d\u00e9pos\u00e9e le 15 janvier2026 par Monsieur Philippe HENRIQUES pour la soci\u00e9t\u00e9 CONDRIEU AMBULANCES via la plateformeDEMARCHE.NUMERIQUE.GOUV.FR, sous la r\u00e9f\u00e9rence n\u00b0 28739631 ;Consid\u00e9rant les statuts constitutifs de la soci\u00e9t\u00e9 CONDRIEU AMBULANCES \u00e9tablis le 17 d\u00e9cembre2025;Consid\u00e9rant l'extrait d'immatriculation principale au registre du commerce et des soci\u00e9t\u00e9s \u00e0 jour au16 janvier 2026, du Greffe du Tribunal des Affaires Economiques de Lyon ;Consid\u00e9rant l'acte d\u00e9finitif \u00e9tabli le 15 janvier 2026 entre la soci\u00e9t\u00e9 AMBULANCES SAINTMARTINOISES sise 45 Grande Rue \u00e0 69850 SAINT MARTIN EN HAUT repr\u00e9sent\u00e9e par Monsieur HocineKHELIFI et la soci\u00e9t\u00e9 CONDRIEU AMBULANCES relatif \u00e0 la cession d'autorisation de mise en servicede cat\u00e9gorie D avec le v\u00e9hicule associ\u00e9 SKODA n\u00b0 GE-396-RM, transmis le 16 janvier 2026 via laplateforme DEMARCHE.NUMERIQUE.GOUV.FR, sous la r\u00e9f\u00e9rence n\u00b0 28780648 ;Consid\u00e9rant l'acte d\u00e9finitif \u00e9tabli le 15 janvier 2026 entre la soci\u00e9t\u00e9 AMBULANCES LES HAUTS DULYONNAIS sise 14 place du March\u00e9 \u00e0 69590 SAINT SYMPHORIEN SUR COISE repr\u00e9sent\u00e9e parMonsieur Hocine KHELIFI et la soci\u00e9t\u00e9 CONDRIEU AMBULANCES relatif \u00e0 la cession d'autorisation demise en service de cat\u00e9gorie C avec le v\u00e9hicule associ\u00e9 MERCEDES BENZ n\u00b0 HA-313-CR, transmis le 21janvier 2026 via la plateforme DEMARCHE.NUMERIQUE.GOUV.FR, sous la r\u00e9f\u00e9rence n\u00b0 28871861 ;Consid\u00e9rant l'attestation de conformit\u00e9 des installations mat\u00e9rielles d\u00e9pos\u00e9e le 08 janvier 2026 parMonsieur Philippe HENRIQUES pour la soci\u00e9t\u00e9 CONDRIEU AMBULANCES via la plateformeDEMARCHE.NUMERIQUE.GOUV.FR, sous la r\u00e9f\u00e9rence n\u00b0 28470602 ;Consid\u00e9rant la liste pr\u00e9visionnelle du personnel constituant les \u00e9quipages ambulanciers d\u00e9pos\u00e9e le 15janvier 2026 par Monsieur Philippe HENRIQUES pour la soci\u00e9t\u00e9 CONDRIEU AMBULANCES via laplateforme DEMARCHE.NUMERIQUE.GOUV.FR, sous la r\u00e9f\u00e9rence n\u00b0 28739631 ;\nCourrier : CS 93383 - 69418 Lyon cedex 0304 72 34 74 00www.auvergne-rhone-alpes.ars.sante.fr\n Conform\u00e9ment au r\u00e8glement (UE) 2016/679 du Parlement europ\u00e9en et \u00e0 la loi n\u00b0 78-17 du 6 janvier 1978 modifi\u00e9e relative \u00e0 l'informatique, aux fichiers et aux libert\u00e9s, vous pouvez acc\u00e9der aux donn\u00e9es vous concernant ou demander leur effacement. Vous disposez \u00e9galement d'un droit d'opposition, d'un droit de rectification et d'un droit \u00e0 la limitation du traitement de vos donn\u00e9es. Pour exercer ces droits, vous pouvez contacter le D\u00e9l\u00e9gu\u00e9 \u00e0 la protection des donn\u00e9es de l'ARS (ars-ara-dpd@ars.sante.fr). \n \n \n \n \n \n \n \n84_ARS_Agence R\u00e9gionale de Sant\u00e9 Auvergne-Rh\u00f4ne-Alpes - 69-2026-01-27-00002 - Arr\u00eat\u00e9 portant agr\u00e9ment pour effectuer des\ntransports sanitaires d\u00e9livr\u00e9 \u00e0 la soci\u00e9t\u00e9 CONDRIEU AMBULANCES \u00e0 CONDRIEU 18\n-ARRETE-ARTICLE 1 : un agr\u00e9ment pour effectuer des transports sanitaires terrestres sur prescriptionm\u00e9dicale et dans le cadre de l'aide m\u00e9dicale urgente, est d\u00e9livr\u00e9 \u00e0 la soci\u00e9t\u00e9 :CONDRIEU AMBULANCESMonsieur Philippe HENRIQUES47 rue de Lyon - RD 386 - 69420 CONDRIEUN\u00b0 d'agr\u00e9ment : 692026001ARTICLE 2 : l'agr\u00e9ment est d\u00e9livr\u00e9 pour l'implantation \u00e0 l'adresse ci-dessus mentionn\u00e9e.ARTICLE 3 : les v\u00e9hicules de transports sanitaires associ\u00e9s \u00e0 cette implantation font l'objet d'uned\u00e9cision d'autorisation de mise en service conform\u00e9ment aux dispositions de l'article L.6312-4 ducode de sant\u00e9 publique.ARTICLE 4: la personne titulaire de l'agr\u00e9ment devra porter sans d\u00e9lai \u00e0 la connaissance de l'agencer\u00e9gionale de sant\u00e9,toutes modifications au regard des normes pr\u00e9vues, toute mise hors service, cession oumodification des v\u00e9hicules indiqu\u00e9s,toute embauche de nouveau personnel,toute cessation de fonctions d'un ou plusieurs membres de leur personnel,toute obtention par le personnel de dipl\u00f4me relatif \u00e0 la profession,L'inobservation de tout ou partie de ces dispositions est susceptible d'entrainer une suspension ouun retrait d'agr\u00e9ment.ARTICLE 5 : le pr\u00e9sent arr\u00eat\u00e9 peut faire l'objet d'un recours contentieux aupr\u00e8s du tribunaladministratif comp\u00e9tent, dans un d\u00e9lai de deux mois \u00e0 compter de sa notification pour le titulaireet de sa publication au recueil des actes administratifs pour les tiers.ARTICLE 6 : Monsieur le Directeur de la d\u00e9l\u00e9gation d\u00e9partementale du Rh\u00f4ne et de la M\u00e9tropolede Lyon est charg\u00e9 de l'ex\u00e9cution du pr\u00e9sent arr\u00eat\u00e9, qui sera publi\u00e9 au recueil des actesadministratifs de la Pr\u00e9fecture du Rh\u00f4ne.\nLYON, le 27 janvier 2026Pour la Directrice g\u00e9n\u00e9rale de l'Agence R\u00e9gionalede Sant\u00e9 Auvergne-Rh\u00f4ne-AlpesLe directeur de la d\u00e9l\u00e9gationd\u00e9partementale du Rh\u00f4ne et de laM\u00e9tropole de LyonPhilippe GUETAT\n \n \n \n- \n- \n- \n- \n84_ARS_Agence R\u00e9gionale de Sant\u00e9 Auvergne-Rh\u00f4ne-Alpes - 69-2026-01-27-00002 - Arr\u00eat\u00e9 portant agr\u00e9ment pour effectuer des\ntransports sanitaires d\u00e9livr\u00e9 \u00e0 la soci\u00e9t\u00e9 CONDRIEU AMBULANCES \u00e0 CONDRIEU 19\n84_ARS_Agence R\u00e9gionale de Sant\u00e9 Auvergne-Rh\u00f4ne-Alpes - 69-2026-01-27-00002 - Arr\u00eat\u00e9 portant agr\u00e9ment pour effectuer des\ntransports sanitaires d\u00e9livr\u00e9 \u00e0 la soci\u00e9t\u00e9 CONDRIEU AMBULANCES \u00e0 CONDRIEU 20","date":"2026-01-27","first_seen_on":"2026-01-27T16:45:00+00:00","id":"63b89e489c26c2cfedde6acab2791022fc83563bfe117eb9ad38535d4eb98cde","name":"RAA_69-2026-028-270126","pdf_creation_date":"2026-01-27T15:10:33+00:00","pdf_modification_date":"2026-01-27T15:11:28+00:00","timezone":"Europe/Paris","url":"https://www.rhone.gouv.fr/contenu/telechargement/67110/451718/file/RAA_69-2026-028-270126.pdf"}
