{"administration":"pref09","administration_name":"Pr\u00e9fecture de l\u2019Ari\u00e8ge","content":"ARI\u00c8GE\nRECUEIL DES ACTES\nADMINISTRATIFS SP\u00c9CIAL\nN\u00b009-2025-062\nPUBLI\u00c9 LE 13 JUIN 2025\nSommaire\n09 - PREFECTURE - DIRECTION DU CABINET /\n09-2025-06-13-00002 - Arr\u00eat\u00e9 pr\u00e9fectoral portant r\u00e9glementation\ntemporaire de la circulation\nsur le r\u00e9seau routier du d\u00e9partement de\nl'Ari\u00e8ge (2 pages) Page 3\n2\nE =PR\u00c9FET |DE L'ARI\u00c8GELibert\u00e9Egalit\u00e9Fraternit\u00e9\nCabinet\nDirection des s\u00e9curit\u00e9s\nService interminist\u00e9riel de d\u00e9fense et de protection civile\nCourriel\u00a0:\u00a0pref-defense-protection-civile@ariege.gouv.fr\nArr\u00eat\u00e9 pr\u00e9fectoral portant r\u00e9glementation temporaire de la circulation\nsur le r\u00e9seau routier du d\u00e9partement de l'Ari\u00e8ge\nLe pr\u00e9fet de l'Ari\u00e8ge\nVu\u00a0le\u00a0Code\u00a0de\u00a0la\u00a0d\u00e9fense\u00a0;\nVu\u00a0le\u00a0Code\u00a0de\u00a0la\u00a0s\u00e9curit\u00e9\u00a0int\u00e9rieure,\u00a0notamment\u00a0ses\u00a0articles\u00a0R.122-1\u00a0et\u00a0suivants\u00a0;\nVu\u00a0le\u00a0Code\u00a0g\u00e9n\u00e9ral\u00a0des\u00a0collectivit\u00e9s\u00a0territoriales,\u00a0notamment\u00a0son\u00a0article\u00a0L.2215-1\u00a0;\nVu le\u00a0Code\u00a0de\u00a0la\u00a0route\u00a0et\u00a0notamment\u00a0ses\u00a0articles\u00a0R.311-1,\u00a0R.411-18,\u00a0R.413-8\u00a0;\nVu\u00a0le\u00a0Code\u00a0de\u00a0la\u00a0voirie\u00a0routi\u00e8re\u00a0;\nVu\u00a0le\u00a0Code\u00a0p\u00e9nal\u00a0;\nVu\u00a0le\u00a0d\u00e9cret\u00a0n\u00b02004-374\u00a0du\u00a029\u00a0avril\u00a02004\u00a0modifi\u00e9,\u00a0relatif\u00a0au\u00a0pouvoir\u00a0des\u00a0pr\u00e9fets,\u00a0\u00e0\u00a0l'organisation\u00a0et\u00a0\u00e0\u00a0\nl'action\u00a0des\u00a0services\u00a0de\u00a0l'\u00c9tat,\u00a0dans\u00a0les\u00a0r\u00e9gions\u00a0et\u00a0les\u00a0d\u00e9partements\u00a0;\nVu le\u00a0d\u00e9cret\u00a0du\u00a0Pr\u00e9sident\u00a0de\u00a0la\u00a0R\u00e9publique\u00a0du\u00a013\u00a0juillet\u00a02023,\u00a0nommant\u00a0Monsieur\u00a0Simon\u00a0BERTOUX\u00a0en\u00a0\nqualit\u00e9\u00a0de\u00a0pr\u00e9fet\u00a0de\u00a0l'Ari\u00e8ge\u00a0;\nVu\u00a0 l'arr\u00eat\u00e9\u00a0interminist\u00e9riel\u00a0du\u00a024\u00a0novembre\u00a01967\u00a0modifi\u00e9\u00a0relatif\u00a0\u00e0\u00a0la\u00a0signalisation\u00a0des\u00a0routes\u00a0et\u00a0\nautoroutes\u00a0;\nVu\u00a0 l'arr\u00eat\u00e9\u00a0pr\u00e9fectoral\u00a0du\u00a05\u00a0d\u00e9cembre\u00a02024\u00a0portant\u00a0d\u00e9l\u00e9gation\u00a0de\u00a0signature\u00a0de\u00a0M.\u00a0Jean-Philippe\u00a0\nDARGENT,\u00a0secr\u00e9taire\u00a0g\u00e9n\u00e9ral\u00a0de\u00a0la\u00a0pr\u00e9fecture\u00a0de\u00a0l'Ari\u00e8ge\u00a0;\nVu\u00a0 l'arr\u00eat\u00e9\u00a0n\u00b042\u00a0portant\u00a0r\u00e9glementation\u00a0temporaire\u00a0de\u00a0la\u00a0circulation\u00a0des\u00a0v\u00e9hicules\u00a0sur\u00a0le\u00a0r\u00e9seau\u00a0\nstructurant\u00a0du\u00a013\u00a0juin\u00a02025\u00a0du\u00a0Pr\u00e9fet\u00a0de\u00a0zone\u00a0de\u00a0d\u00e9fense\u00a0et\u00a0de\u00a0s\u00e9curit\u00e9\u00a0sud\u00a0;\nConsid\u00e9rant le\u00a0bulletin\u00a0de\u00a0suivi\u00a0\u00ab\u00a0vigilance\u00a0national\u00a0\u00bb\u00a0\u00e9mis\u00a0le\u00a0vendredi\u00a013\u00a0juin\u00a02025\u00a0\u00e0\u00a016h06\u00a0par\u00a0le\u00a0Centre\u00a0\nM\u00e9t\u00e9orologie\u00a0Interr\u00e9gional\u00a0de\u00a0Bordeaux\u00a0;\nConsid\u00e9rant  que\u00a0le\u00a0bulletin\u00a0pr\u00e9cit\u00e9\u00a0fait\u00a0\u00e9tat\u00a0d'une\u00a0vigilance\u00a0au\u00a0niveau\u00a0orange\u00a0pour\u00a0des\u00a0ph\u00e9nom\u00e8nes\u00a0\nd'orages\u00a0accompagn\u00e9s\u00a0de\u00a0chutes\u00a0de\u00a0gr\u00eales\u00a0et\u00a0de\u00a0vents\u00a0violents\u00a0;\nConsid\u00e9rant\u00a0 les\u00a0difficult\u00e9s\u00a0de\u00a0circulation\u00a0envisageables\u00a0sur\u00a0l'ensemble\u00a0du\u00a0r\u00e9seau\u00a0routier\u00a0du\u00a0\nd\u00e9partement\u00a0de\u00a0l'Ari\u00e8ge\u00a0;\nConsid\u00e9rant\u00a0que\u00a0l'arr\u00eat\u00e9\u00a0n\u00b042\u00a0portant\u00a0r\u00e9glementation\u00a0temporaire\u00a0de\u00a0la\u00a0circulation\u00a0des\u00a0v\u00e9hicules\u00a0sur\u00a0le\u00a0\nr\u00e9seau\u00a0structurant\u00a0du\u00a013\u00a0juin\u00a02025\u00a0du\u00a0Pr\u00e9fet\u00a0de\u00a0zone\u00a0de\u00a0d\u00e9fense\u00a0et\u00a0de\u00a0s\u00e9curit\u00e9\u00a0sud,\u00a0dans\u00a0son\u00a0article\u00a01er,\u00a0\nabaisse\u00a0la\u00a0vitesse\u00a0des\u00a0v\u00e9hicules\u00a0l\u00e9gers\u00a0de\u00a020\u00a0km/h\u00a0dans\u00a0la\u00a0limite\u00a0de\u00a090\u00a0km/h\u00a0sur\u00a0l'ensemble\u00a0des\u00a0\nautoroutes\u00a0et\u00a0routes\u00a0nationales\u00a0du\u00a0d\u00e9partement\u00a0de\u00a0l'Ari\u00e8ge\u00a0dans\u00a0les\u00a0deux\u00a0sens\u00a0de\u00a0circulation,\u00a0soit\u00a0la\u00a0\nroute\u00a0nationale\u00a020\u00a0et\u00a0l'autoroute\u00a066\u00a0;\u00a0\n09 - PREFECTURE - DIRECTION DU CABINET - 09-2025-06-13-00002 - Arr\u00eat\u00e9 pr\u00e9fectoral portant r\u00e9glementation temporaire de la\ncirculation\nsur le r\u00e9seau routier du d\u00e9partement de l'Ari\u00e8ge 3\nConsid\u00e9rant\u00a0la\u00a0n\u00e9cessit\u00e9\u00a0de\u00a0compl\u00e9ter\u00a0les\u00a0mesures\u00a0pr\u00e9cis\u00e9es\u00a0dans\u00a0l'arr\u00eat\u00e9\u00a0n\u00b042\u00a0portant\u00a0r\u00e9glementation\u00a0\ntemporaire\u00a0de\u00a0la\u00a0circulation\u00a0des\u00a0v\u00e9hicules\u00a0sur\u00a0le\u00a0r\u00e9seau\u00a0structurant\u00a0du\u00a013\u00a0juin\u00a02025\u00a0du\u00a0Pr\u00e9fet\u00a0de\u00a0zone\u00a0de\u00a0\nd\u00e9fense\u00a0et\u00a0de\u00a0s\u00e9curit\u00e9\u00a0sud\u00a0;\nSur\u00a0proposition\u00a0de\u00a0la\u00a0sous-pr\u00e9f\u00e8te\u00a0de\u00a0l'arrondissement\u00a0de\u00a0Pamiers\u00a0;\nA R R \u00ca T E\nArticle\u00a01\u00a0:\u00a0\nLa\u00a0vitesse\u00a0de\u00a0circulation\u00a0des\u00a0transports\u00a0de\u00a0marchandises\u00a0y\u00a0compris\u00a0les\u00a0mati\u00e8res\u00a0dangereuses,\u00a0dont\u00a0le\u00a0\nPTAC\u00a0est\u00a0sup\u00e9rieur\u00a0\u00e0\u00a07.5\u00a0tonnes,\u00a0est\u00a0limit\u00e9e\u00a0\u00e0\u00a070\u00a0km/h\u00a0avec\u00a0interdiction\u00a0de\u00a0d\u00e9passer,\u00a0sur\u00a0l'ensemble\u00a0du\u00a0\nr\u00e9seau\u00a0routier\u00a0d\u00e9partemental\u00a0ari\u00e9geois\u00a0dont\u00a0la\u00a0vitesse\u00a0maximale\u00a0est\u00a0habituellement\u00a0au-dessus\u00a0de\u00a0\n70km/h,\u00a0\u00e0\u00a0compter\u00a0du\u00a0vendredi\u00a013\u00a0juin\u00a02025\u00a0\u00e0\u00a0partir\u00a0de\u00a018h00\u00a0jusqu'\u00e0\u00a0la\u00a0fin\u00a0de\u00a0la\u00a0vigilance\u00a0orange\u00a0\n\u00ab\u00a0orages\u00a0\u00bb\u00a0dans\u00a0le\u00a0d\u00e9partement\u00a0de\u00a0l'Ari\u00e8ge.\u00a0\nArticle\u00a02\u00a0:\nDans\u00a0les\u00a0deux\u00a0mois\u00a0\u00e0\u00a0compter\u00a0de\u00a0la\u00a0publication\u00a0du\u00a0pr\u00e9sent\u00a0arr\u00eat\u00e9,\u00a0les\u00a0recours\u00a0suivants\u00a0peuvent\u00a0\u00eatre\u00a0\nintroduits\u00a0:\n\u2022 un\u00a0recours\u00a0gracieux,\u00a0adress\u00e9\u00a0au\u00a0cabinet\u00a0de\u00a0monsieur\u00a0le\u00a0Pr\u00e9fet\u00a0;\n\u2022 un\u00a0recours\u00a0hi\u00e9rarchique,\u00a0adress\u00e9\u00a0\u00e0\u00a0M.\u00a0le\u00a0Ministre\u00a0de\u00a0l'Int\u00e9rieur\u00a0\u2013\u00a0Secr\u00e9tariat\u00a0g\u00e9n\u00e9ral\u00a0\u2013\u00a0Place\u00a0\nBeauvau\u00a0\u2013\u00a075800\u00a0Paris\u00a0cedex\u00a008\u00a0;\n\u2022 un\u00a0recours\u00a0contentieux,\u00a0adress\u00e9\u00a0au\u00a0tribunal\u00a0administratif\u00a0de\u00a0Toulouse.\u00a0Le\u00a0tribunal\u00a0administratif\u00a0\npeut\u00a0\u00eatre\u00a0saisi\u00a0par\u00a0l'application\u00a0informatique\u00a0\u00ab\u00a0T\u00e9l\u00e9recours\u00a0citoyens\u00a0\u00bb\u00a0accessible\u00a0par\u00a0le\u00a0site\u00a0\ninternet\u00a0www.telerecours.fr.\nLe\u00a0recours\u00a0juridictionnel\u00a0doit\u00a0\u00eatre\u00a0d\u00e9pos\u00e9\u00a0au\u00a0plus\u00a0tard\u00a0avant\u00a0l'expiration\u00a0du\u00a02e\u00a0 mois\u00a0suivant\u00a0la\u00a0\npublication\u00a0de\u00a0l'arr\u00eat\u00e9.\nArticle\u00a03\u00a0 \u00a0\u00a0\u00a0\u00a0:\u00a0\u00a0\nLe\u00a0secr\u00e9taire\u00a0g\u00e9n\u00e9ral\u00a0de\u00a0la\u00a0pr\u00e9fecture\u00a0de\u00a0l'Ari\u00e8ge,\u00a0la\u00a0directrice\u00a0d\u00e9partementale\u00a0des\u00a0territoires\u00a0de\u00a0\nl'Ari\u00e8ge,\u00a0la\u00a0pr\u00e9sidente\u00a0du\u00a0conseil\u00a0d\u00e9partemental\u00a0de\u00a0l'Ari\u00e8ge,\u00a0le\u00a0directeur\u00a0d\u00e9partemental\u00a0de\u00a0la\u00a0police\u00a0\nnationale,\u00a0le\u00a0colonel\u00a0commandant\u00a0le\u00a0groupement\u00a0de\u00a0gendarmerie\u00a0d\u00e9partementale\u00a0de\u00a0l'Ari\u00e8ge\u00a0sont\u00a0\ncharg\u00e9s\u00a0chacun\u00a0en\u00a0ce\u00a0qui\u00a0le\u00a0concerne,\u00a0de\u00a0l'ex\u00e9cution\u00a0du\u00a0pr\u00e9sent\u00a0arr\u00eat\u00e9\u00a0qui\u00a0sera\u00a0publi\u00e9\u00a0au\u00a0recueil\u00a0des\u00a0\nactes\u00a0administratifs\u00a0de\u00a0la\u00a0pr\u00e9fecture.\nFait\u00a0\u00e0\u00a0Foix,\u00a0le\u00a013\u00a0juin\u00a02025\nPour\u00a0le\u00a0pr\u00e9fet\u00a0et\u00a0par\u00a0d\u00e9l\u00e9gation,\nle\u00a0secr\u00e9taire\u00a0g\u00e9n\u00e9ral,\nSIGNE\nJean-Philippe\u00a0DARGENT\n09 - PREFECTURE - DIRECTION DU CABINET - 09-2025-06-13-00002 - Arr\u00eat\u00e9 pr\u00e9fectoral portant r\u00e9glementation temporaire de la\ncirculation\nsur le r\u00e9seau routier du d\u00e9partement de l'Ari\u00e8ge 4","date":"2025-06-13","first_seen_on":"2025-06-13T16:07:07+00:00","id":"647cbd434048b63375ef68308b455fdf407ba80213ba489026ade831c7541014","name":"recueil-09-2025-062-recueil-des-actes-administratifs-special-1","pdf_creation_date":"2025-06-13T15:14:12+00:00","pdf_modification_date":null,"timezone":"Europe/Paris","url":"https://www.ariege.gouv.fr/contenu/telechargement/32884/224525/file/recueil-09-2025-062-recueil-des-actes-administratifs-special-1.pdf"}
