{"administration":"prefidf","administration_name":"Pr\u00e9fecture de la r\u00e9gion \u00cele-de-France","content":"PREFECTURE\nREGION ILE DE\nFRANCE\nRECUEIL DES ACTES\nADMINISTRATIFS SP\u00c9CIAL\nN\u00b0IDF-066-2025-10\nPUBLI\u00c9 LE 29 OCTOBRE 2025\nSommaire\nRectorat de l'acad\u00e9mie de Cr\u00e9teil / Affaires juridiques\nIDF-2025-10-29-00001 - Arr\u00eat\u00e9 du 29 octobre 2025 portant\nd\u00e9l\u00e9gation de signature \u00e0 madame Anne TANGUY, cheffe de la\ndivision des personnels administratifs, techniques, sociaux, de sant\u00e9 et\nd'encadrement (DPAE) au rectorat de l'acad\u00e9mie de Cr\u00e9teil  (4\npages) Page 3\n2\nRectorat de l'acad\u00e9mie de Cr\u00e9teil\nIDF-2025-10-29-00001\nArr\u00eat\u00e9 du 29 octobre 2025 portant d\u00e9l\u00e9gation\nde signature \u00e0 madame Anne TANGUY, cheffe\nde la division des personnels administratifs,\ntechniques, sociaux, de sant\u00e9 et d'encadrement\n(DPAE) au rectorat de l'acad\u00e9mie de Cr\u00e9teil \nRectorat de l'acad\u00e9mie de Cr\u00e9teil - IDF-2025-10-29-00001 - Arr\u00eat\u00e9 du 29 octobre 2025 portant d\u00e9l\u00e9gation de signature \u00e0 madame\nAnne TANGUY, cheffe de la division des personnels administratifs, techniques, sociaux, de sant\u00e9 et d'encadrement (DPAE) au rectorat\nde l'acad\u00e9mie de Cr\u00e9teil \n3\nEnACADEMIEDE CRETEILLibert\u00e9Egalit\u00e9Fraternit\u00e9\n  \n \n \n \n \n \n \n \n \n \n \nArr\u00eat\u00e9 du 29 octobre 2025 portant d\u00e9l\u00e9gation de signature \u00e0 madame Anne TANGUY, cheffe de la \ndivision des personnels administratifs, techniques, sociaux, de sant\u00e9 et d'encadrement (DPAE) \nau rectorat de l'acad\u00e9mie de Cr\u00e9teil \n \n \nLE RECTEUR DE L'ACADEMIE DE CRETEIL \nVU le code de l'\u00e9ducation et notamment son article D. 222-20 ;  \n \nVU   le d\u00e9cret du 12 mars 2025 nommant monsieur Jean-Fran\u00e7ois CHANET recteur de l'acad\u00e9mie de Cr\u00e9teil ;  \n \nVU l'arr\u00eat\u00e9 du 7 novembre 1985 modifi\u00e9 portant d\u00e9l\u00e9gation de pouvoirs en mati\u00e8re de gestion de certains \npersonnels des services ext\u00e9rieurs du minist\u00e8re de l'\u00e9ducation nationale ;  \n \nVU  l'arr\u00eat\u00e9 du 3 juillet 2009 portant r\u00e8glement de comptabilit\u00e9 pour la d\u00e9signation des ordonnateurs \nsecondaires et de leurs d\u00e9l\u00e9gu\u00e9s en ce qui concerne le minist\u00e8re de l'\u00e9ducation nationale ; \n \nVU l'arr\u00eat\u00e9 du 26 d\u00e9cembre 2022 portant d\u00e9l\u00e9gation de pouvoirs des ministres charg\u00e9s de l'\u00e9ducation \nnationale, de la jeunesse et des sports aux recteurs d'acad\u00e9mie et aux vice-recteurs des \u00eeles Wallis et \nFutuna, de Nouvelle-Cal\u00e9donie et de Polyn\u00e9sie fran\u00e7aise en mati\u00e8re de recrutement et de gestion de \ncertains personnels stagiaires et titulaires relevant des ministres charg\u00e9s de l'\u00e9ducation nationale, de la \njeunesse et des sports ;  \n \nVU l'arr\u00eat\u00e9 du 26 d\u00e9cembre 2022 portant d\u00e9l\u00e9gation de pouvoirs du ministre charg\u00e9 de l'enseignement \nsup\u00e9rieur aux recteurs d'acad\u00e9mie et aux vice-recteurs des \u00eeles Wallis et Futuna, de Nouvelle-Cal\u00e9donie \net de Polyn\u00e9sie fran\u00e7aise en mati\u00e8re de recrutement et de gestion des ing\u00e9nieurs et des personnels \ntechniques et administratifs de recherche et de formation relevant du ministres charg\u00e9 de l'enseignement \nsup\u00e9rieur affect\u00e9s dans les services d\u00e9concentr\u00e9s du minist\u00e8re de l'\u00e9ducation nationale et au sein de \ncertains \u00e9tablissements publics et institutions relevant des ministres charg\u00e9s de l'\u00e9ducation nationale, de \nl'enseignement sup\u00e9rieur et de la jeunesse et des sports ;  \n \nVU        l'arr\u00eat\u00e9 minist\u00e9riel du 27 avril 2021 nommant madame Aliz\u00e9 MARIE-JOSEPH attach\u00e9e d'administration \nde l'\u00c9tat au rectorat de l'acad\u00e9mie de Cr\u00e9teil ; \n \nVU l'arr\u00eat\u00e9 minist\u00e9riel du 25 f\u00e9vrier 2022 affectant madame Patricia SKORUPSKI, professeure des \u00e9coles \nhors classe d\u00e9tach\u00e9e dans le corps des attach\u00e9s d'administration de l'\u00c9tat au grade d'attach\u00e9e principale \nd'administration, au rectorat de l'acad\u00e9mie de Cr\u00e9teil en qualit\u00e9 d'adjointe \u00e0 la cheffe de la division des \npersonnels ATSS et de l'encadrement (DPAE) ; \n \nVU        l'arr\u00eat\u00e9 minist\u00e9riel du 14 avril 2025 pla\u00e7ant madame Anne-Sabine SABATER, professeure certifi\u00e9e hors \nclasse de lettres modernes, en position de d\u00e9tachement dans le corps des attach\u00e9s d'administration de \nl'\u00c9tat au rectorat de l'acad\u00e9mie de Cr\u00e9teil ; \n \nVU les arr\u00eat\u00e9s du pr\u00e9fet de la r\u00e9gion d'Ile-de-France n\u00b0 2025-03-00009 du 26 mars 2025 portant d\u00e9l\u00e9gation \nde signature \u00e0 monsieur Jean-Fran\u00e7ois CHANET, recteur de l'acad\u00e9mie de Cr\u00e9teil, en mati\u00e8re de contr\u00f4le \nde l\u00e9galit\u00e9 des \u00e9tablissements publics locaux d'enseignement rattach\u00e9s \u00e0 la r\u00e9gion d'Ile-de-France dans \nle ressort de l'acad\u00e9mie de Cr\u00e9teil et n\u00b0 2025-03-00008 du 26 mars 2025 portant d\u00e9l\u00e9gation de signature \n\u00e0 monsieur Jean-Fran\u00e7ois CHANET, recteur de l'acad\u00e9mie de Cr\u00e9teil, en mati\u00e8re d'ordonnancement \nsecondaire ;  \nRectorat de l'acad\u00e9mie de Cr\u00e9teil - IDF-2025-10-29-00001 - Arr\u00eat\u00e9 du 29 octobre 2025 portant d\u00e9l\u00e9gation de signature \u00e0 madame\nAnne TANGUY, cheffe de la division des personnels administratifs, techniques, sociaux, de sant\u00e9 et d'encadrement (DPAE) au rectorat\nde l'acad\u00e9mie de Cr\u00e9teil \n4\n \n 2 \nVU l'arr\u00eat\u00e9 rectoral du 5 mai 2022 nommant madame Anne TANGUY, attach\u00e9e principale d'administration \nde l'\u00c9tat, au rectorat de l'acad\u00e9mie de Cr\u00e9teil ;  \n \nVU l'arr\u00eat\u00e9 rectoral du 13 octobre 2023 nommant monsieur Suleiman LEITES, attach\u00e9 d'administration \nde l'\u00c9tat, au rectorat de l'acad\u00e9mie de Cr\u00e9teil ;  \n \nVU        l'arr\u00eat\u00e9 rectoral du 28 avril 2025 affectant madame Anne-Sabine SABATER, professeure certifi\u00e9e hors \nclasse de lettres modernes d\u00e9tach\u00e9e dans le corps des attach\u00e9s d'administration de l'\u00c9tat au grade \nd'attach\u00e9e principale d'administration, au rectorat de l'acad\u00e9mie de Cr\u00e9teil au sein de la DPAE; \n \nVU        l'arr\u00eat\u00e9 rectoral du 11 septembre 2025 nommant monsieur Maxime FAVRE BULLY, attach\u00e9 \nd'administration de l'\u00c9tat au rectorat de l'acad\u00e9mie de Cr\u00e9teil ; \n \n \n \nARRETE \n \n \n \n \nARTICLE 1 :  \nD\u00e9l\u00e9gation de signature est donn\u00e9e \u00e0 madame Anne TANGUY, cheffe de la division des personnels \nadministratifs, techniques, sociaux, de sant\u00e9 et d'encadrement \u00e0 l'effet de signer dans la limite de ses attributions \net comp\u00e9tences les actes suivants : \n1) \u2013   les arr\u00eat\u00e9s portant recrutement et nomination des personnels titulaires et non titulaires des fili\u00e8res \nadministratives, techniques, sociales et de sant\u00e9 ; \n \n\uf02d les arr\u00eat\u00e9s portant titularisation, reclassement, prolongation ou renouvellement de stage ; \n \n\uf02d les d\u00e9cisions accordant ou refusant les cong\u00e9s de mobilit\u00e9, de formation professionnelle, les \nautorisations d'exercice des fonctions \u00e0 temps partiel et les cong\u00e9s bonifi\u00e9s ; \n \n\uf02d les d\u00e9cisions accordant ou refusant la disponibilit\u00e9, le cong\u00e9 parental, la mise en position \nd'accomplissement du service national et la mise en position normale d'activit\u00e9 ; \n \n\uf02d les autorisations portant cumul d'emplois et de r\u00e9mun\u00e9rations ; \n \n\uf02d les arr\u00eat\u00e9s pronon\u00e7ant les cong\u00e9s de maladie ; \n \n\uf02d les arr\u00eat\u00e9s pronon\u00e7ant les cong\u00e9s de maternit\u00e9 ou pour adoption et les cong\u00e9s de paternit\u00e9 ; \n \n\uf02d les arr\u00eat\u00e9s accordant ou les d\u00e9cisions refusant les cong\u00e9s de longue maladie ou les cong\u00e9s de \nlongue dur\u00e9e ; \n \n\uf02d les arr\u00eat\u00e9s accordant ou les d\u00e9cisions refusant les cong\u00e9s de grave maladie ; \n \n\uf02d les d\u00e9cisions de r\u00e9int\u00e9gration et d'affectation apr\u00e8s cong\u00e9s de longue maladie ou cong\u00e9s de longue \ndur\u00e9e ; \n \n\uf02d les d\u00e9cisions de r\u00e9int\u00e9gration et d'affectation apr\u00e8s cong\u00e9s de grave maladie ; \n \n\uf02d les d\u00e9cisions relatives aux cong\u00e9s dans le cadre d'un accident de service ou d'une maladie \nprofessionnelle ; \n \n\uf02d les d\u00e9cisions de r\u00e9int\u00e9gration et d'affectation apr\u00e8s disponibilit\u00e9, ou d\u00e9tachement ou cong\u00e9 parental ; \n \n\uf02d l'\u00e9valuation, la promotion de grade et de corps et l'avancement d'\u00e9chelon ; \n \n\uf02d les arr\u00eat\u00e9s de mouvement et d'affectation des personnels titulaires et stagiaires, les arr\u00eat\u00e9s \nRectorat de l'acad\u00e9mie de Cr\u00e9teil - IDF-2025-10-29-00001 - Arr\u00eat\u00e9 du 29 octobre 2025 portant d\u00e9l\u00e9gation de signature \u00e0 madame\nAnne TANGUY, cheffe de la division des personnels administratifs, techniques, sociaux, de sant\u00e9 et d'encadrement (DPAE) au rectorat\nde l'acad\u00e9mie de Cr\u00e9teil \n5\n \n 3 \nconcernant des personnels touch\u00e9s par une mesure de carte scolaire ; \n\uf02d les arr\u00eat\u00e9s portant ouverture des droits \u00e0 la prise en charge des frais de changement de r\u00e9sidence ; \n \n\uf02d les d\u00e9cisions concernant le compte personnel de formation ; \n \n\uf02d les d\u00e9cisions portant, en mati\u00e8re de cessation d\u00e9finitive de fonctions, autorisation d'achever l'ann\u00e9e \nscolaire ou de recul de limite d'\u00e2ge, d'admission \u00e0 la retraite ; \n \n\uf02d la radiation des cadres apr\u00e8s acceptation de la d\u00e9mission ou int\u00e9gration dans un autre corps pour \nles corps \u00e0 gestion acad\u00e9mique ; \n \n\uf02d la constatation de l'abandon de poste ; \n \n\uf02d les contrats de recrutement de personnel non titulaire sur des emplois vacants et des fonctions de \nsuppl\u00e9ance ; \n \n\uf02d les contrats de recrutement des apprentis et les conventions financi\u00e8res avec les CFA ; \n \n\uf02d les convocations et les ordres de mission pour les personnels appel\u00e9s \u00e0 si\u00e9ger aux commissions \nadministratives paritaires acad\u00e9miques et \u00e0 participer aux groupes de travail. \n \n \n2) les documents et courriers concernant la paye.  \n \n \n3)   \u2013   les convocations des personnels aux r\u00e9unions d'organisation et de jury des concours et recrutements \nadministratifs et ITRF ; \n \n\uf02d les acceptations et les refus de candidatures ; \n \n\uf02d les convocations des candidats ; \n \n\uf02d la communication des relev\u00e9s de notes aux candidats ; \n \n\uf02d les pi\u00e8ces relatives aux frais de concours ; \n \n\uf02d la liquidation et le paiement des frais de concours. \n \n \n4) les correspondances relatives \u00e0 l'activit\u00e9 de la division et ne faisant pas grief (transmissions, lettres \nd'informations). \n \n \n \nARTICLE 2 :   \nEn cas d'absence ou d'emp\u00eachement de madame Anne TANGUY, d\u00e9l\u00e9gation de signature est donn\u00e9e, dans \nleurs domaines respectifs de comp\u00e9tence \u00e0 :  \n\uf02d    Madame Patricia SKORUPSKI, adjointe \u00e0 la cheffe de division, \n \n\uf02d Monsieur Suleiman LEITES, madame Anne-Sabine SABATER et monsieur Maxime FAVRE BULLY, \nchefs de service, \n \n\uf02d Madame Aliz\u00e9 MARIE-JOSEPH, cheffe du bureau des personnels d'inspection et de direction, \n \npour ce qui concerne les mati\u00e8res \u00e9nonc\u00e9es au 1), au 2) et au 4) de l'article 1er \u00e0 l'effet de signer dans la limite de \nleurs attributions et comp\u00e9tences, tous les actes courants du service qui ne font pas grief, dont ils ont la \nresponsabilit\u00e9. \n \nRectorat de l'acad\u00e9mie de Cr\u00e9teil - IDF-2025-10-29-00001 - Arr\u00eat\u00e9 du 29 octobre 2025 portant d\u00e9l\u00e9gation de signature \u00e0 madame\nAnne TANGUY, cheffe de la division des personnels administratifs, techniques, sociaux, de sant\u00e9 et d'encadrement (DPAE) au rectorat\nde l'acad\u00e9mie de Cr\u00e9teil \n6\n \n 4 \n \nARTICLE 3 :  \n \nSont exclus du champ de la pr\u00e9sente d\u00e9l\u00e9gation les actes portant suspension de fonctions, sanction disciplinaire, \nlicenciement ou radiation des cadres. \n \n \n \nARTICLE 4 :    \n \nLe pr\u00e9sent arr\u00eat\u00e9 abroge l'arr\u00eat\u00e9 du 2 mai 2025. \n \n \n \nARTICLE 5 :   \n \nLe pr\u00e9sent arr\u00eat\u00e9 sera publi\u00e9 au recueil des actes administratifs de la pr\u00e9fecture de la r\u00e9gion d'Ile-de-France. \n \n \n \n  Fait \u00e0 Cr\u00e9teil, le 29 octobre 2025 \n \n                                                                               Sign\u00e9 \n \n \n \n  Le recteur de l'acad\u00e9mie de Cr\u00e9teil \n \n \n          \n \n  Jean-Fran\u00e7ois CHANET \n \nRectorat de l'acad\u00e9mie de Cr\u00e9teil - IDF-2025-10-29-00001 - Arr\u00eat\u00e9 du 29 octobre 2025 portant d\u00e9l\u00e9gation de signature \u00e0 madame\nAnne TANGUY, cheffe de la division des personnels administratifs, techniques, sociaux, de sant\u00e9 et d'encadrement (DPAE) au rectorat\nde l'acad\u00e9mie de Cr\u00e9teil \n7","date":"2025-10-29","first_seen_on":"2025-10-29T18:10:55+00:00","id":"6493c5724a19931464f4afad52b834f9f85e7adc59aafd978decf82eb5a433a3","name":"recueilDS-idf-066-2025-10-recueil-des-actes-administratifs-special du 29.10.2025","pdf_creation_date":"2025-10-29T16:03:20+00:00","pdf_modification_date":null,"timezone":"Europe/Paris","url":"https://www.prefectures-regions.gouv.fr/ile-de-france/irecontenu/telechargement/132225/970598/file/recueilDS-idf-066-2025-10-recueil-des-actes-administratifs-special%20du%2029.10.2025.pdf"}
