{"administration":"pref50","administration_name":"Pr\u00e9fecture de la Manche","content":"MANCHE\nRECUEIL DES ACTES ADMINISTRATIFS\nN\u00b050-2025-012\nPUBLI\u00c9 LE 22 MAI 2025\nSommaire\nAgence r\u00e9gionale de sant\u00e9 de Normandie /\n50-2025-05-21-00001 - ARRETE RELATIF A LA DETERMINATION DES ZONES\nELIGIBLES ET AUX CONDITIONS D'ATTRIBUTION D'UNE AIDE\nINDIVIDUELLE, FINANCEE PAR LE FONDS D'NTERVENTION REGIONAL,\nDESTINEE AUX CHIRURGIENS-DENTISTES S'INSTALLANT EN LIBERAL\nDANS UNE ZONE DEFICITAIRE EN OFFRE DE SOINS BUCCO-DENTAIRE (16\npages) Page 4\nDirection d\u00e9partementale des finances publiques /\n50-2025-05-22-00003 - D\u00e9l\u00e9gation de signature Paierie50 au 22052025\nvsign\u00e9 (3 pages) Page 21\n50-2025-05-20-00004 - Delegations de signature SGCMA Cherbourg\n20-05-2025 (2 pages) Page 25\nDirection d\u00e9partementale des territoires et de la mer /\n50-2025-05-22-00002 - ARR\u00caT\u00c9 COMPL\u00c9MENTAIRE n\u00b0\n2025-DDTM-SE-097 relatif \u00e0 une d\u00e9rogation au d\u00e9bit r\u00e9serv\u00e9\nfix\u00e9 par l'arr\u00eat\u00e9 pr\u00e9fectoral n\u00b0 20-168-MQ du 3 d\u00e9cembre\n2020 modifiant l'arr\u00eat\u00e9 pr\u00e9fectoral n\u00b0 80-2577 du 2 juin 1980\nportant autorisation de pr\u00e9l\u00e8vement et de d\u00e9rivation des eaux de la\nVire (2 pages) Page 28\n50-2025-05-20-00005 - ARRETE N\u00b0 2025-DDTM-SE-084\nRELATIF A\nL'OUVERTURE ANTICIPEE DE LA CHASSE DES CERVIDES\nDANS LE\nDEPARTEMENT DE LA MANCHE\nSAISON 2025-2026 (2 pages) Page 31\n50-2025-05-20-00007 - ARRETE N\u00b0 2025-DDTM\u00a0-\u00a0SE-081\nFIXANT\nPOUR LES ESPECES DE GRAND GIBIER SOUMISES A PLAN DE CHASSE\nLE\nNOMBRE MINIMUM ET MAXIMUM D'ANIMAUX A PRELEVER\nDANS LE\nDEPARTEMENT DE LA MANCHE\nPOUR LA SAISON 2025-2026 (3 pages) Page 34\n50-2025-05-20-00006 - ARRETE N\u00b0 2025-DDTM\u00a0-\u00a0SE-082\nRELATIF A\nL'OUVERTURE ANTICIPEE\nDE LA CHASSE DU SANGLIER EN\n2025\nDANS LE DEPARTEMENT DE LA MANCHE (2 pages) Page 38\nDirection des services d\u00e9partementaux de l'\u00e9ducation nationale /\n50-2025-05-14-00002 - 10   subd\u00e9l\u00e9gation ordonnancement secondaire\n(2 pages) Page 41\n50-2025-05-14-00003 - 12 - arr\u00eat\u00e9 d\u00e9l\u00e9gation g\u00e9n\u00e9rale SG - Mme\nCOCOUAL (1 page) Page 44\n50-2025-05-13-00003 - 3- SubD\u00e9l\u00e9gation js Rectrice- DASEN VAUTIER (3\npages) Page 46\n50-2025-05-20-00001 - 6   d\u00e9l\u00e9gation DASEN au chef SDJES (2 pages) Page 50\n2\n50-2025-05-20-00002 - 7   d\u00e9l\u00e9gation signature DASEN \u00e0 A-DASEN (1\npage) Page 53\n50-2025-05-20-00003 - 9   d\u00e9l\u00e9gation et subd\u00e9l\u00e9gation DASEN aux\nchefs de DIV (2 pages) Page 55\n3\nAgence r\u00e9gionale de sant\u00e9 de Normandie\n50-2025-05-21-00001\nARRETE RELATIF A LA DETERMINATION DES ZONES\nELIGIBLES ET AUX CONDITIONS D'ATTRIBUTION D'UNE\nAIDE INDIVIDUELLE, FINANCEE PAR LE FONDS\nD'NTERVENTION REGIONAL, DESTINEE AUX\nCHIRURGIENS-DENTISTES S'INSTALLANT EN LIBERAL DANS\nUNE ZONE DEFICITAIRE EN OFFRE DE SOINS\nBUCCO-DENTAIRE\nAgence r\u00e9gionale de sant\u00e9 de Normandie - 50-2025-05-21-00001 - ARRETE RELATIF A LA DETERMINATION DES ZONES ELIGIBLES ET\nAUX CONDITIONS D'ATTRIBUTION D'UNE AIDE INDIVIDUELLE, FINANCEE PAR LE FONDS D'NTERVENTION REGIONAL, DESTINEE\nAUX CHIRURGIENS-DENTISTES S'INSTALLANT EN LIBERAL DANS UNE ZONE DEFICITAIRE EN OFFRE DE SOINS BUCCO-DENTAIRE\n4\nREPUBLIQUEFRANCAISELibert\u00e9Egalit\u00e9Fraternit\u00e9\n- 2080\nAV@ D Agence R\u00e9gionale de Sant\u00e9Normandie\n \n\uf05f Retrouvez toutes nos mentions l\u00e9gales sur notre site internet https://www.normandie.ars.sante.fr/mentions-legales-2 \n- - - \nARS Normandie \u2022 Si\u00e8ge r\u00e9gional \u2022 Espace Claude Monet \u2022 2, place Jean Nouzille \u2022 CS 55035 \u2022 14 050 CAEN Cedex \nT\u00e9l : 02.31.70.96.96 \u2022 www.ars.normandie.sante.fr \u2022  \n \n \n \nArr\u00eat\u00e9 relatif \u00e0 la d\u00e9termination des zones \u00e9ligibles et aux conditions d'attribution \nd'une aide individuelle, financ\u00e9e par le Fonds d'intervention r\u00e9gional, destin\u00e9e aux \nchirurgiens-dentistes s'installant en lib\u00e9ral dans une zone d\u00e9ficitaire en offre de soins \nbucco-dentaire  \n \nVU le code de la sant\u00e9 publique, notamment son article L. 1434-4 ;  \nVU le code de la s\u00e9curit\u00e9 sociale, notamment son article L. 162-14-1 ;  \nVU le d\u00e9cret du 26 juin 2024 portant nomination du Directeur G\u00e9n\u00e9ral de l'Agence R\u00e9gionale \nde Sant\u00e9 (ARS) Normandie \u2014 Monsieur Fran\u00e7ois MENGIN LECREULX \u2014 \u00e0 compter du 26 \njuin 2024 ;  \nVU  l'arr\u00eat\u00e9 du 23 ao\u00fbt 2023 portant approbation de la convention nationale organisant les \nrapports entre les chirurgiens-dentistes lib\u00e9raux et l'assurance maladie ; \nVU l'arr\u00eat\u00e9 du 20 mars 2024 relatif \u00e0 la m\u00e9thodologie applicable \u00e0 la profession de chirurgien-\ndentiste pour la d\u00e9termination des zones pr\u00e9vues au 1\u00b0 de l'article L. 1434 -4 du code de \nla sant\u00e9 publique ;  \nVU l'arr\u00eat\u00e9 du Directeur g\u00e9n\u00e9ral de l'ARS Normandie en date du 29 octobre 2024, publi\u00e9 au \nrecueil r\u00e9gional des actes administratifs du 8 novembre 2024, relatif \u00e0 la d\u00e9termination \ndes zones caract\u00e9ris\u00e9es par une offre de soins insuffisante ou des difficult\u00e9s dans l'acc\u00e8s \naux soins et des zones dans lesquelles l'offre est particuli\u00e8rement \u00e9lev\u00e9e pour la \nprofession de chirurgien-dentiste ; \nVU la d\u00e9cision du 27 janvier 2025  portant d\u00e9l\u00e9gation de signature du Directeur G\u00e9n\u00e9ral \nde l'ARS Normandie ;  \nVU la concertation men\u00e9e aupr\u00e8s de l'Union R\u00e9gionale des Professionnels de Sant\u00e9 (URPS) \nChirurgiens-dentistes lib\u00e9raux Normandie et les Conseils r\u00e9gional et d\u00e9partementaux de \nl'Ordre des chirurgiens-dentistes dans le cadre de la r\u00e9vision du zonage des chirurgiens -\ndentistes ; \nCONSIDERANT la demande adress\u00e9e le 5 juin 2024 par courriel au Directeur g\u00e9n\u00e9ral de l'ARS \nNormandie par l'URPS Chirurgiens -dentistes lib\u00e9raux Normandie et les \nConseils r\u00e9gional et d\u00e9partementaux de l'Ordre des chirurgiens -dentistes, \nsollicitant l a mise en place d'une  aide \u00e0 l'installation , financ\u00e9e par l'ARS \nNormandie, sur certaines zones d\u00e9ficitaires en offre de soins bucco-dentaires \nnon \u00e9ligibles \u00e0 une aide conventionnelle ;  \n \nAgence r\u00e9gionale de sant\u00e9 de Normandie - 50-2025-05-21-00001 - ARRETE RELATIF A LA DETERMINATION DES ZONES ELIGIBLES ET\nAUX CONDITIONS D'ATTRIBUTION D'UNE AIDE INDIVIDUELLE, FINANCEE PAR LE FONDS D'NTERVENTION REGIONAL, DESTINEE\nAUX CHIRURGIENS-DENTISTES S'INSTALLANT EN LIBERAL DANS UNE ZONE DEFICITAIRE EN OFFRE DE SOINS BUCCO-DENTAIRE\n5\n- 2080\n \n\uf05f Retrouvez toutes nos mentions l\u00e9gales sur notre site internet https://www.normandie.ars.sante.fr/mentions-legales-2 \n- - - \nARS Normandie \u2022 Si\u00e8ge r\u00e9gional \u2022 Espace Claude Monet \u2022 2, place Jean Nouzille \u2022 CS 55035 \u2022 14 050 CAEN Cedex \nT\u00e9l : 02.31.70.96.96 \u2022 www.ars.normandie.sante.fr \u2022  \nCONSIDERANT que l'arr\u00eat\u00e9 du 20 mars 2024 relatif \u00e0 la m\u00e9thodologie applicable \u00e0 la \nprofession de chirurgien-dentiste pour la d\u00e9termination des zones pr\u00e9vues au \n1\u00b0 de l'article L. 1434 -4 du code de la sant\u00e9 publique  pr\u00e9cise que les zones \n\u00ab sous-dot\u00e9es \u00bb et \u00ab  interm\u00e9diaires \u00bb en offre de soins bucco -dentaire \npeuvent faire l'objet de mesures d'accompagnement par les agences \nr\u00e9gionales de sant\u00e9 ;  \nCONSIDERANT  que le contrat objet du pr\u00e9sent arr\u00eat\u00e9, a pour objectif, par la mise en place \nd'une aide forfaitaire  financ\u00e9e par le Fonds d'Intervention R\u00e9gional (FIR) , de \nfavoriser l'installation des chirurgiens-dentistes lib\u00e9raux dans certaines zones \nd\u00e9ficitaires en offre de soins bucco -dentaires non \u00e9ligibles \u00e0 une aide \u00e0 \nl'installation de l'Assurance Maladie ; \nCONSIDERANT que la Normandie fait partie des trois r\u00e9gions o\u00f9 l'offre de soins bucco -\ndentaires est la plus d\u00e9ficitaire ;  \n  \nAgence r\u00e9gionale de sant\u00e9 de Normandie - 50-2025-05-21-00001 - ARRETE RELATIF A LA DETERMINATION DES ZONES ELIGIBLES ET\nAUX CONDITIONS D'ATTRIBUTION D'UNE AIDE INDIVIDUELLE, FINANCEE PAR LE FONDS D'NTERVENTION REGIONAL, DESTINEE\nAUX CHIRURGIENS-DENTISTES S'INSTALLANT EN LIBERAL DANS UNE ZONE DEFICITAIRE EN OFFRE DE SOINS BUCCO-DENTAIRE\n6\n- 2080\n \n\uf05f Retrouvez toutes nos mentions l\u00e9gales sur notre site internet https://www.normandie.ars.sante.fr/mentions-legales-2 \n- - - \nARS Normandie \u2022 Si\u00e8ge r\u00e9gional \u2022 Espace Claude Monet \u2022 2, place Jean Nouzille \u2022 CS 55035 \u2022 14 050 CAEN Cedex \nT\u00e9l : 02.31.70.96.96 \u2022 www.ars.normandie.sante.fr \u2022  \n \nLe Directeur g\u00e9n\u00e9ral de l'Agence r\u00e9gionale de sant\u00e9 de Normandie \n \nARRETE : \n \nARTICLE 1 :  Les chirurgiens-dentistes lib\u00e9raux peuvent b\u00e9n\u00e9ficier, \u00e0 leur demande, d'une aide \n\u00e0 l'installation d'un montant forfaitaire de 50  000 \u20ac maximum , \u00e0 la condition de remplir les \nconditions cumulatives suivantes : \n- N'avoir jamais b\u00e9n\u00e9fici\u00e9 d'une aide \u00e0 l'installation ; \n- S'installer en exercice lib\u00e9ral dans une commune class\u00e9e dans l'une des zones \u00ab  sous-\ndot\u00e9e \u00bb ou \u00ab interm\u00e9diaire \u00bb identifi\u00e9es en annexe 1 du pr\u00e9sent arr\u00eat\u00e9 ; \n- Exercer une activit\u00e9 lib\u00e9rale conventionn\u00e9e ; \n- S'engager \u00e0 participer au dispositif de permanence des soins dentaires et/ ou au service \nd'acc\u00e8s aux soins ; \n- S'engager \u00e0 proposer aux patients du territoire une offre de soins d'au moins deux jours \npar semaine au titre de l'activit\u00e9 lib\u00e9rale dans la zone. \nPour b\u00e9n\u00e9ficier de cette aide, le chirurgien-dentiste signe avec l'ARS Normandie un contrat tel \nque pr\u00e9vu en annexe 2 du pr\u00e9sent arr\u00eat\u00e9.  Ce contrat-type entrera en vigueur \u00e0 compter de sa \ndate de publication au recueil r\u00e9gional des actes administratifs.  \nLe chirurgien-dentiste ne peut b\u00e9n\u00e9ficier qu'une seule fois de ce contrat d'aide \u00e0 l'installation. \nIl ne peut pas cumuler ce contrat avec tout autre contrat pr\u00e9vu par la convention nationale \norganisant les rapports entre les chirurgiens-dentistes lib\u00e9raux et l'assurance maladie.  \n \nARTICLE 2 : Le pr\u00e9sent arr\u00eat\u00e9 peut faire l'objet d'un recours contentieux dans un d\u00e9lai de deux \nmois \u00e0 compter de sa date de publication au recueil des actes administratifs, par toute \npersonne ayant int\u00e9r\u00eat \u00e0 agir devant le tribunal administratif territorialement comp \u00e9tent. Le \ntribunal administratif peut \u00eatre saisi d'un recours d\u00e9pos\u00e9 via l'application T\u00e9l\u00e9recours citoyens \naccessible par le site internet www.telerecours.fr \n \nARTICLE 3 : Le Directeur g\u00e9n\u00e9ral adjoint de l'Agence r\u00e9gionale de sant\u00e9 Normandie est charg\u00e9 \nde l'ex\u00e9cution du pr\u00e9sent arr\u00eat\u00e9, qui sera publi\u00e9 au recueil des actes administratifs de la \nPr\u00e9fecture de la r\u00e9gion Normandie.    \nFait \u00e0 Caen, le 21 mai 2025 \n \nLe Directeur g\u00e9n\u00e9ral, \n \n \n \nFran\u00e7ois MENGIN LECREULX  \nAgence r\u00e9gionale de sant\u00e9 de Normandie - 50-2025-05-21-00001 - ARRETE RELATIF A LA DETERMINATION DES ZONES ELIGIBLES ET\nAUX CONDITIONS D'ATTRIBUTION D'UNE AIDE INDIVIDUELLE, FINANCEE PAR LE FONDS D'NTERVENTION REGIONAL, DESTINEE\nAUX CHIRURGIENS-DENTISTES S'INSTALLANT EN LIBERAL DANS UNE ZONE DEFICITAIRE EN OFFRE DE SOINS BUCCO-DENTAIRE\n7\n- 2080\n \n\uf05f Retrouvez toutes nos mentions l\u00e9gales sur notre site internet https://www.normandie.ars.sante.fr/mentions-legales-2 \n- - - \nARS Normandie \u2022 Si\u00e8ge r\u00e9gional \u2022 Espace Claude Monet \u2022 2, place Jean Nouzille \u2022 CS 55035 \u2022 14 050 CAEN Cedex \nT\u00e9l : 02.31.70.96.96 \u2022 www.ars.normandie.sante.fr \u2022  \n \nANNEXE 1 \u2013 Liste des communes et territoires de vie sant\u00e9 \u00e9ligibles \u00e0 une aide \u00e0 \nl'installation financ\u00e9e par le Fond d'Intervention R\u00e9gional (FIR) \nCode INSEE \nde la \ncommune - \n2022 \nLibell\u00e9 de la \ncommune - 2022 \nCode \nINSEE du \nTerritoire \nde Vie \nSant\u00e9 \n(TVS) \nLibell\u00e9 du Territoire \nde Vie Sant\u00e9 \n Qualification attribu\u00e9e \npar l'arr\u00eat\u00e9 r\u00e9gional  \n14009 Amfreville 14167 Colombelles 3. Zone interm\u00e9diaire \n14076 Blainville-sur-Orne 14167 Colombelles 3. Zone interm\u00e9diaire \n14106 Br\u00e9ville-les-Monts 14167 Colombelles 3. Zone interm\u00e9diaire \n14167 Colombelles 14167 Colombelles 3. Zone interm\u00e9diaire \n14215 Cuverville 14167 Colombelles 3. Zone interm\u00e9diaire \n14221 D\u00e9mouville 14167 Colombelles 3. Zone interm\u00e9diaire \n14246 Escoville 14167 Colombelles 3. Zone interm\u00e9diaire \n14328 H\u00e9rouvillette 14167 Colombelles 3. Zone interm\u00e9diaire \n14530 Ranville 14167 Colombelles 3. Zone interm\u00e9diaire \n14059 Benerville-sur-Mer 14220 Deauville 2. Zone sous-dot\u00e9e \n14086 \nBonneville-sur-\nTouques 14220 Deauville 2. Zone sous-dot\u00e9e \n14131 Canapville 14220 Deauville 2. Zone sous-dot\u00e9e \n14220 Deauville 14220 Deauville 2. Zone sous-dot\u00e9e \n14557 Saint-Arnoult 14220 Deauville 2. Zone sous-dot\u00e9e \n14620 \nSaint-Martin-aux-\nChartrains 14220 Deauville 2. Zone sous-dot\u00e9e \n14699 Touques 14220 Deauville 2. Zone sous-dot\u00e9e \n14701 Tourg\u00e9ville 14220 Deauville 2. Zone sous-dot\u00e9e \n14069 Beuvillers 14366 Lisieux 3. Zone interm\u00e9diaire \n14082 La Boissi\u00e8re 14366 Lisieux 3. Zone interm\u00e9diaire \n14104 Le Br\u00e9vedent 14366 Lisieux 3. Zone interm\u00e9diaire \n14177 Coquainvilliers 14366 Lisieux 3. Zone interm\u00e9diaire \n14179 Cordebugle 14366 Lisieux 3. Zone interm\u00e9diaire \n14193 \nCourtonne-la-\nMeurdrac 14366 Lisieux 3. Zone interm\u00e9diaire \n14260 Fauguernon 14366 Lisieux 3. Zone interm\u00e9diaire \n14270 Firfol 14366 Lisieux 3. Zone interm\u00e9diaire \n14280 Formentin 14366 Lisieux 3. Zone interm\u00e9diaire \n14303 Glos 14366 Lisieux 3. Zone interm\u00e9diaire \n14326 Hermival-les-Vaux 14366 Lisieux 3. Zone interm\u00e9diaire \n14334 L'H\u00f4tellerie 14366 Lisieux 3. Zone interm\u00e9diaire \n14337 La Houblonni\u00e8re 14366 Lisieux 3. Zone interm\u00e9diaire \n14366 Lisieux 14366 Lisieux 3. Zone interm\u00e9diaire \n14398 Manerbe 14366 Lisieux 3. Zone interm\u00e9diaire \n14403 Marolles 14366 Lisieux 3. Zone interm\u00e9diaire \n14419 Le Mesnil-Eudes 14366 Lisieux 3. Zone interm\u00e9diaire \n14421 Le Mesnil-Guillaume 14366 Lisieux 3. Zone interm\u00e9diaire \n14425 Le Mesnil-Simon 14366 Lisieux 3. Zone interm\u00e9diaire \nAgence r\u00e9gionale de sant\u00e9 de Normandie - 50-2025-05-21-00001 - ARRETE RELATIF A LA DETERMINATION DES ZONES ELIGIBLES ET\nAUX CONDITIONS D'ATTRIBUTION D'UNE AIDE INDIVIDUELLE, FINANCEE PAR LE FONDS D'NTERVENTION REGIONAL, DESTINEE\nAUX CHIRURGIENS-DENTISTES S'INSTALLANT EN LIBERAL DANS UNE ZONE DEFICITAIRE EN OFFRE DE SOINS BUCCO-DENTAIRE\n8\n- 2080\n \n\uf05f Retrouvez toutes nos mentions l\u00e9gales sur notre site internet https://www.normandie.ars.sante.fr/mentions-legales-2 \n- - - \nARS Normandie \u2022 Si\u00e8ge r\u00e9gional \u2022 Espace Claude Monet \u2022 2, place Jean Nouzille \u2022 CS 55035 \u2022 14 050 CAEN Cedex \nT\u00e9l : 02.31.70.96.96 \u2022 www.ars.normandie.sante.fr \u2022  \n14435 Les Monceaux 14366 Lisieux 3. Zone interm\u00e9diaire \n14448 Montreuil-en-Auge 14366 Lisieux 3. Zone interm\u00e9diaire \n14466 Norolles 14366 Lisieux 3. Zone interm\u00e9diaire \n14484 Ouilly-du-Houley 14366 Lisieux 3. Zone interm\u00e9diaire \n14487 Ouilly-le-Vicomte 14366 Lisieux 3. Zone interm\u00e9diaire \n14520 Le Pr\u00e9-d'Auge 14366 Lisieux 3. Zone interm\u00e9diaire \n14522 Pr\u00eatreville 14366 Lisieux 3. Zone interm\u00e9diaire \n14540 Rocques 14366 Lisieux 3. Zone interm\u00e9diaire \n14541 La Roque-Baignard 14366 Lisieux 3. Zone interm\u00e9diaire \n14571 \nSaint-Denis-de-\nMailloc 14366 Lisieux 3. Zone interm\u00e9diaire \n14574 Saint-D\u00e9sir 14366 Lisieux 3. Zone interm\u00e9diaire \n14582 \nSaint-Germain-de-\nLivet 14366 Lisieux 3. Zone interm\u00e9diaire \n14595 Saint-Jean-de-Livet 14366 Lisieux 3. Zone interm\u00e9diaire \n14625 \nSaint-Martin-de-la-\nLieue 14366 Lisieux 3. Zone interm\u00e9diaire \n14626 \nSaint-Martin-de-\nMailloc 14366 Lisieux 3. Zone interm\u00e9diaire \n14639 Saint-Ouen-le-Pin 14366 Lisieux 3. Zone interm\u00e9diaire \n14644 \nSaint-Philbert-des-\nChamps 14366 Lisieux 3. Zone interm\u00e9diaire \n14648 Saint-Pierre-des-Ifs 14366 Lisieux 3. Zone interm\u00e9diaire \n14036 \nBanneville-la-\nCampagne 14712 Troarn 3. Zone interm\u00e9diaire \n14045 Basseneville 14712 Troarn 3. Zone interm\u00e9diaire \n14237 \u00c9mi\u00e9ville 14712 Troarn 3. Zone interm\u00e9diaire \n14344 Janville 14712 Troarn 3. Zone interm\u00e9diaire \n14640 Saint-Pair 14712 Troarn 3. Zone interm\u00e9diaire \n14651 \nSaint-Pierre-du-\nJonquet 14712 Troarn 3. Zone interm\u00e9diaire \n14657 Saint-Samson 14712 Troarn 3. Zone interm\u00e9diaire \n14666 Sannerville 14712 Troarn 3. Zone interm\u00e9diaire \n14698 Touffr\u00e9ville 14712 Troarn 3. Zone interm\u00e9diaire \n14712 Troarn 14712 Troarn 3. Zone interm\u00e9diaire \n14006 Amay\u00e9-sur-Orne 14738 Verson 3. Zone interm\u00e9diaire \n14034 Avenay 14738 Verson 3. Zone interm\u00e9diaire \n14042 Baron-sur-Odon 14738 Verson 3. Zone interm\u00e9diaire \n14089 Bougy 14738 Verson 3. Zone interm\u00e9diaire \n14098 Thue et Mue 14738 Verson 3. Zone interm\u00e9diaire \n14205 Cristot 14738 Verson 3. Zone interm\u00e9diaire \n14249 Esquay-Notre-Dame 14738 Verson 3. Zone interm\u00e9diaire \n14257 \u00c9vrecy 14738 Verson 3. Zone interm\u00e9diaire \n14274 Fontaine-\u00c9toupefour 14738 Verson 3. Zone interm\u00e9diaire \n14278 Fontenay-le-Pesnel 14738 Verson 3. Zone interm\u00e9diaire \n14288 Le Fresne-Camilly 14738 Verson 3. Zone interm\u00e9diaire \n14297 Gavrus 14738 Verson 3. Zone interm\u00e9diaire \n14311 Grainville-sur-Odon 14738 Verson 3. Zone interm\u00e9diaire \n14380 Loucelles 14738 Verson 3. Zone interm\u00e9diaire \nAgence r\u00e9gionale de sant\u00e9 de Normandie - 50-2025-05-21-00001 - ARRETE RELATIF A LA DETERMINATION DES ZONES ELIGIBLES ET\nAUX CONDITIONS D'ATTRIBUTION D'UNE AIDE INDIVIDUELLE, FINANCEE PAR LE FONDS D'NTERVENTION REGIONAL, DESTINEE\nAUX CHIRURGIENS-DENTISTES S'INSTALLANT EN LIBERAL DANS UNE ZONE DEFICITAIRE EN OFFRE DE SOINS BUCCO-DENTAIRE\n9\n0000\n \n\uf05f Retrouvez toutes nos mentions l\u00e9gales sur notre site internet https://www.normandie.ars.sante.fr/mentions-legales-2 \n- - - \nARS Normandie \u2022 Si\u00e8ge r\u00e9gional \u2022 Espace Claude Monet \u2022 2, place Jean Nouzille \u2022 CS 55035 \u2022 14 050 CAEN Cedex \nT\u00e9l : 02.31.70.96.96 \u2022 www.ars.normandie.sante.fr \u2022  \n14390 \nMaisoncelles-sur-\nAjon 14738 Verson 3. Zone interm\u00e9diaire \n14393 Maizet 14738 Verson 3. Zone interm\u00e9diaire \n14438 Mondrainville 14738 Verson 3. Zone interm\u00e9diaire \n14454 Mouen 14738 Verson 3. Zone interm\u00e9diaire \n14543 Rots 14738 Verson 3. Zone interm\u00e9diaire \n14592 \nSainte-Honorine-du-\nFay 14738 Verson 3. Zone interm\u00e9diaire \n14610 \nSaint-Manvieu-\nNorrey 14738 Verson 3. Zone interm\u00e9diaire \n14684 Tessel 14738 Verson 3. Zone interm\u00e9diaire \n14707 Tourville-sur-Odon 14738 Verson 3. Zone interm\u00e9diaire \n14738 Verson 14738 Verson 3. Zone interm\u00e9diaire \n14747 Vieux 14738 Verson 3. Zone interm\u00e9diaire \n14054 Beaumesnil 14762 Vire Normandie 2. Zone sous-dot\u00e9e \n14061 Souleuvre en Bocage 14762 Vire Normandie 2. Zone sous-dot\u00e9e \n14127 Campagnolles 14762 Vire Normandie 2. Zone sous-dot\u00e9e \n14352 \nLandelles-et-\nCoupigny 14762 Vire Normandie 2. Zone sous-dot\u00e9e \n14424 Le Mesnil-Robert 14762 Vire Normandie 2. Zone sous-dot\u00e9e \n14658 Noues de Sienne 14762 Vire Normandie 2. Zone sous-dot\u00e9e \n14762 Vire Normandie 14762 Vire Normandie 2. Zone sous-dot\u00e9e \n50144 \nCoulouvray-\nBoisben\u00e2tre 14762 Vire Normandie 2. Zone sous-dot\u00e9e \n50338 Montbray 14762 Vire Normandie 2. Zone sous-dot\u00e9e \n50357 Morigny 14762 Vire Normandie 2. Zone sous-dot\u00e9e \n50525 \nSaint-Michel-de-\nMontjoie 14762 Vire Normandie 2. Zone sous-dot\u00e9e \n27017 \nAngerville-la-\nCampagne 27229 \u00c9vreux 3. Zone interm\u00e9diaire \n27020 Arni\u00e8res-sur-Iton 27229 \u00c9vreux 3. Zone interm\u00e9diaire \n27031 Aviron 27229 \u00c9vreux 3. Zone interm\u00e9diaire \n27032 Chambois 27229 \u00c9vreux 3. Zone interm\u00e9diaire \n27033 Bacquepuis 27229 \u00c9vreux 3. Zone interm\u00e9diaire \n27044 \nLes Baux-Sainte-\nCroix 27229 \u00c9vreux 3. Zone interm\u00e9diaire \n27099 Le Boulay-Morin 27229 \u00c9vreux 3. Zone interm\u00e9diaire \n27118 Brosville 27229 \u00c9vreux 3. Zone interm\u00e9diaire \n27124 Cailly-sur-Eure 27229 \u00c9vreux 3. Zone interm\u00e9diaire \n27147 \nLa Chapelle-du-Bois-\ndes-Faulx 27229 \u00c9vreux 3. Zone interm\u00e9diaire \n27161 Claville 27229 \u00c9vreux 3. Zone interm\u00e9diaire \n27200 Dardez 27229 \u00c9vreux 3. Zone interm\u00e9diaire \n27216 \u00c9malleville 27229 \u00c9vreux 3. Zone interm\u00e9diaire \n27229 \u00c9vreux 27229 \u00c9vreux 3. Zone interm\u00e9diaire \n27234 Fauville 27229 \u00c9vreux 3. Zone interm\u00e9diaire \n27280 Gauciel 27229 \u00c9vreux 3. Zone interm\u00e9diaire \n27282 \nGauville-la-\nCampagne 27229 \u00c9vreux 3. Zone interm\u00e9diaire \n27299 Gravigny 27229 \u00c9vreux 3. Zone interm\u00e9diaire \nAgence r\u00e9gionale de sant\u00e9 de Normandie - 50-2025-05-21-00001 - ARRETE RELATIF A LA DETERMINATION DES ZONES ELIGIBLES ET\nAUX CONDITIONS D'ATTRIBUTION D'UNE AIDE INDIVIDUELLE, FINANCEE PAR LE FONDS D'NTERVENTION REGIONAL, DESTINEE\nAUX CHIRURGIENS-DENTISTES S'INSTALLANT EN LIBERAL DANS UNE ZONE DEFICITAIRE EN OFFRE DE SOINS BUCCO-DENTAIRE\n10\n0000\n \n\uf05f Retrouvez toutes nos mentions l\u00e9gales sur notre site internet https://www.normandie.ars.sante.fr/mentions-legales-2 \n- - - \nARS Normandie \u2022 Si\u00e8ge r\u00e9gional \u2022 Espace Claude Monet \u2022 2, place Jean Nouzille \u2022 CS 55035 \u2022 14 050 CAEN Cedex \nT\u00e9l : 02.31.70.96.96 \u2022 www.ars.normandie.sante.fr \u2022  \n27301 Gross\u0153uvre 27229 \u00c9vreux 3. Zone interm\u00e9diaire \n27306 Guichainville 27229 \u00c9vreux 3. Zone interm\u00e9diaire \n27342 Houetteville 27229 \u00c9vreux 3. Zone interm\u00e9diaire \n27347 Huest 27229 \u00c9vreux 3. Zone interm\u00e9diaire \n27353 Irreville 27229 \u00c9vreux 3. Zone interm\u00e9diaire \n27401 Le Mesnil-Fuguet 27229 \u00c9vreux 3. Zone interm\u00e9diaire \n27410 Miserey 27229 \u00c9vreux 3. Zone interm\u00e9diaire \n27439 Normanville 27229 \u00c9vreux 3. Zone interm\u00e9diaire \n27451 Parville 27229 \u00c9vreux 3. Zone interm\u00e9diaire \n27464 Le Plessis-Grohan 27229 \u00c9vreux 3. Zone interm\u00e9diaire \n27478 Prey 27229 \u00c9vreux 3. Zone interm\u00e9diaire \n27489 Reuilly 27229 \u00c9vreux 3. Zone interm\u00e9diaire \n27504 Sacquenville 27229 \u00c9vreux 3. Zone interm\u00e9diaire \n27546 \nSaint-Germain-des-\nAngles 27229 \u00c9vreux 3. Zone interm\u00e9diaire \n27560 Saint-Luc 27229 \u00c9vreux 3. Zone interm\u00e9diaire \n27570 \nSaint-Martin-la-\nCampagne 27229 \u00c9vreux 3. Zone interm\u00e9diaire \n27602 \nSaint-S\u00e9bastien-de-\nMorsent 27229 \u00c9vreux 3. Zone interm\u00e9diaire \n27611 Saint-Vigor 27229 \u00c9vreux 3. Zone interm\u00e9diaire \n27615 Sassey 27229 \u00c9vreux 3. Zone interm\u00e9diaire \n27652 Tourneville 27229 \u00c9vreux 3. Zone interm\u00e9diaire \n27659 La Trinit\u00e9 27229 \u00c9vreux 3. Zone interm\u00e9diaire \n27666 La Vacherie 27229 \u00c9vreux 3. Zone interm\u00e9diaire \n27668 Le Val-David 27229 \u00c9vreux 3. Zone interm\u00e9diaire \n27684 Le Vieil-\u00c9vreux 27229 \u00c9vreux 3. Zone interm\u00e9diaire \n27188 \nCriquebeuf-sur-\nSeine 27469 Pont-de-l'Arche 3. Zone interm\u00e9diaire \n27196 Les Damps 27469 Pont-de-l'Arche 3. Zone interm\u00e9diaire \n27469 Pont-de-l'Arche 27469 Pont-de-l'Arche 3. Zone interm\u00e9diaire \n27343 Houlbec-Cocherel 27562 Saint-Marcel 2. Zone sous-dot\u00e9e \n27399 Mercey 27562 Saint-Marcel 2. Zone sous-dot\u00e9e \n27440 Notre-Dame-de-l'Isle 27562 Saint-Marcel 2. Zone sous-dot\u00e9e \n27539 \nSaint-\u00c9tienne-sous-\nBailleul 27562 Saint-Marcel 2. Zone sous-dot\u00e9e \n27554 \nLa Chapelle-\nLongueville 27562 Saint-Marcel 2. Zone sous-dot\u00e9e \n27562 Saint-Marcel 27562 Saint-Marcel 2. Zone sous-dot\u00e9e \n27612 \nSaint-Vincent-des-\nBois 27562 Saint-Marcel 2. Zone sous-dot\u00e9e \n50025 Avranches 50025 Avranches 3. Zone interm\u00e9diaire \n50027 Bacilly 50025 Avranches 3. Zone interm\u00e9diaire \n50108 C\u00e9aux 50025 Avranches 3. Zone interm\u00e9diaire \n50126 Chavoy 50025 Avranches 3. Zone interm\u00e9diaire \n50146 Courtils 50025 Avranches 3. Zone interm\u00e9diaire \n50155 Crollon 50025 Avranches 3. Zone interm\u00e9diaire \n50167 Dragey-Ronthon 50025 Avranches 3. Zone interm\u00e9diaire \n50168 Ducey-Les Ch\u00e9ris 50025 Avranches 3. Zone interm\u00e9diaire \n50199 Gen\u00eats 50025 Avranches 3. Zone interm\u00e9diaire \nAgence r\u00e9gionale de sant\u00e9 de Normandie - 50-2025-05-21-00001 - ARRETE RELATIF A LA DETERMINATION DES ZONES ELIGIBLES ET\nAUX CONDITIONS D'ATTRIBUTION D'UNE AIDE INDIVIDUELLE, FINANCEE PAR LE FONDS D'NTERVENTION REGIONAL, DESTINEE\nAUX CHIRURGIENS-DENTISTES S'INSTALLANT EN LIBERAL DANS UNE ZONE DEFICITAIRE EN OFFRE DE SOINS BUCCO-DENTAIRE\n11\n- 2080\n \n\uf05f Retrouvez toutes nos mentions l\u00e9gales sur notre site internet https://www.normandie.ars.sante.fr/mentions-legales-2 \n- - - \nARS Normandie \u2022 Si\u00e8ge r\u00e9gional \u2022 Espace Claude Monet \u2022 2, place Jean Nouzille \u2022 CS 55035 \u2022 14 050 CAEN Cedex \nT\u00e9l : 02.31.70.96.96 \u2022 www.ars.normandie.sante.fr \u2022  \n50205 La Godefroy 50025 Avranches 3. Zone interm\u00e9diaire \n50259 Juilley 50025 Avranches 3. Zone interm\u00e9diaire \n50276 Lolif 50025 Avranches 3. Zone interm\u00e9diaire \n50288 Marcey-les-Gr\u00e8ves 50025 Avranches 3. Zone interm\u00e9diaire \n50290 Marcilly 50025 Avranches 3. Zone interm\u00e9diaire \n50317 Le Mesnil-Ozenne 50025 Avranches 3. Zone interm\u00e9diaire \n50407 Poilley 50025 Avranches 3. Zone interm\u00e9diaire \n50408 Pontaubault 50025 Avranches 3. Zone interm\u00e9diaire \n50411 Ponts 50025 Avranches 3. Zone interm\u00e9diaire \n50413 Pr\u00e9cey 50025 Avranches 3. Zone interm\u00e9diaire \n50448 \nSaint-Aubin-de-\nTerregatte 50025 Avranches 3. Zone interm\u00e9diaire \n50451 Saint-Brice 50025 Avranches 3. Zone interm\u00e9diaire \n50489 \nSaint-Jean-de-la-\nHaize 50025 Avranches 3. Zone interm\u00e9diaire \n50500 \nSaint-Laurent-de-\nTerregatte 50025 Avranches 3. Zone interm\u00e9diaire \n50505 Saint-Loup 50025 Avranches 3. Zone interm\u00e9diaire \n50531 Saint-Ovin 50025 Avranches 3. Zone interm\u00e9diaire \n50543 \nSaint-Quentin-sur-le-\nHomme 50025 Avranches 3. Zone interm\u00e9diaire \n50553 \nSaint-Senier-de-\nBeuvron 50025 Avranches 3. Zone interm\u00e9diaire \n50554 \nSaint-Senier-sous-\nAvranches 50025 Avranches 3. Zone interm\u00e9diaire \n50584 Subligny 50025 Avranches 3. Zone interm\u00e9diaire \n50612 Vains 50025 Avranches 3. Zone interm\u00e9diaire \n50616 Le Val-Saint-P\u00e8re 50025 Avranches 3. Zone interm\u00e9diaire \n50008 Anctoville-sur-Boscq 50218 Granville 3. Zone interm\u00e9diaire \n50066 Jullouville 50218 Granville 3. Zone interm\u00e9diaire \n50081 Br\u00e9ville-sur-Mer 50218 Granville 3. Zone interm\u00e9diaire \n50102 Carolles 50218 Granville 3. Zone interm\u00e9diaire \n50117 Champeaux 50218 Granville 3. Zone interm\u00e9diaire \n50165 Donville-les-Bains 50218 Granville 3. Zone interm\u00e9diaire \n50218 Granville 50218 Granville 3. Zone interm\u00e9diaire \n50277 Longueville 50218 Granville 3. Zone interm\u00e9diaire \n50447 \nSaint-Aubin-des-\nPr\u00e9aux 50218 Granville 3. Zone interm\u00e9diaire \n50496 \nSaint-Jean-le-\nThomas 50218 Granville 3. Zone interm\u00e9diaire \n50532 Saint-Pair-sur-Mer 50218 Granville 3. Zone interm\u00e9diaire \n50540 Saint-Pierre-Langers 50218 Granville 3. Zone interm\u00e9diaire \n50541 Saint-Planchers 50218 Granville 3. Zone interm\u00e9diaire \n50647 Yquelon 50218 Granville 3. Zone interm\u00e9diaire \n50038 Beauchamps 50237 La Haye-Pesnel 2. Zone sous-dot\u00e9e \n50115 Le Grippon 50237 La Haye-Pesnel 2. Zone sous-dot\u00e9e \n50118 Champrepus 50237 La Haye-Pesnel 2. Zone sous-dot\u00e9e \n50174 \u00c9quilly 50237 La Haye-Pesnel 2. Zone sous-dot\u00e9e \n50188 Folligny 50237 La Haye-Pesnel 2. Zone sous-dot\u00e9e \n50237 La Haye-Pesnel 50237 La Haye-Pesnel 2. Zone sous-dot\u00e9e \nAgence r\u00e9gionale de sant\u00e9 de Normandie - 50-2025-05-21-00001 - ARRETE RELATIF A LA DETERMINATION DES ZONES ELIGIBLES ET\nAUX CONDITIONS D'ATTRIBUTION D'UNE AIDE INDIVIDUELLE, FINANCEE PAR LE FONDS D'NTERVENTION REGIONAL, DESTINEE\nAUX CHIRURGIENS-DENTISTES S'INSTALLANT EN LIBERAL DANS UNE ZONE DEFICITAIRE EN OFFRE DE SOINS BUCCO-DENTAIRE\n12\n- 2080\n \n\uf05f Retrouvez toutes nos mentions l\u00e9gales sur notre site internet https://www.normandie.ars.sante.fr/mentions-legales-2 \n- - - \nARS Normandie \u2022 Si\u00e8ge r\u00e9gional \u2022 Espace Claude Monet \u2022 2, place Jean Nouzille \u2022 CS 55035 \u2022 14 050 CAEN Cedex \nT\u00e9l : 02.31.70.96.96 \u2022 www.ars.normandie.sante.fr \u2022  \n50247 Hocquigny 50237 La Haye-Pesnel 2. Zone sous-dot\u00e9e \n50281 \nLa Lucerne-\nd'Outremer 50237 La Haye-Pesnel 2. Zone sous-dot\u00e9e \n50282 Le Luot 50237 La Haye-Pesnel 2. Zone sous-dot\u00e9e \n50327 La Meurdraqui\u00e8re 50237 La Haye-Pesnel 2. Zone sous-dot\u00e9e \n50361 La Mouche 50237 La Haye-Pesnel 2. Zone sous-dot\u00e9e \n50493 \nSaint-Jean-des-\nChamps 50237 La Haye-Pesnel 2. Zone sous-dot\u00e9e \n50535 Le Parc 50237 La Haye-Pesnel 2. Zone sous-dot\u00e9e \n50549 \nSaint-Sauveur-la-\nPommeraye 50237 La Haye-Pesnel 2. Zone sous-dot\u00e9e \n50565 Sartilly-Baie-Bocage 50237 La Haye-Pesnel 2. Zone sous-dot\u00e9e \n50590 Le Tanu 50237 La Haye-Pesnel 2. Zone sous-dot\u00e9e \n35111 Le Ferr\u00e9 50487 Saint-James 3. Zone interm\u00e9diaire \n35230 Poilley 50487 Saint-James 3. Zone interm\u00e9diaire \n35271 \nSaint-Georges-de-\nReintembault 50487 Saint-James 3. Zone interm\u00e9diaire \n50229 Hamelin 50487 Saint-James 3. Zone interm\u00e9diaire \n50347 \nMontjoie-Saint-\nMartin 50487 Saint-James 3. Zone interm\u00e9diaire \n50487 Saint-James 50487 Saint-James 3. Zone interm\u00e9diaire \n76103 Bonsecours 76103 Bonsecours 3. Zone interm\u00e9diaire \n76014 Angerville-l'Orcher 76196 Criquetot-l'Esneval 2. Zone sous-dot\u00e9e \n76017 \nAnglesqueville-\nl'Esneval 76196 Criquetot-l'Esneval 2. Zone sous-dot\u00e9e \n76064 Beaurepaire 76196 Criquetot-l'Esneval 2. Zone sous-dot\u00e9e \n76079 B\u00e9nouville 76196 Criquetot-l'Esneval 2. Zone sous-dot\u00e9e \n76117 Bordeaux-Saint-Clair 76196 Criquetot-l'Esneval 2. Zone sous-dot\u00e9e \n76196 Criquetot-l'Esneval 76196 Criquetot-l'Esneval 2. Zone sous-dot\u00e9e \n76206 Cuverville 76196 Criquetot-l'Esneval 2. Zone sous-dot\u00e9e \n76254 \u00c9tretat 76196 Criquetot-l'Esneval 2. Zone sous-dot\u00e9e \n76268 Fongueusemare 76196 Criquetot-l'Esneval 2. Zone sous-dot\u00e9e \n76307 Gonneville-la-Mallet 76196 Criquetot-l'Esneval 2. Zone sous-dot\u00e9e \n76390 Les Loges 76196 Criquetot-l'Esneval 2. Zone sous-dot\u00e9e \n76501 Pierrefiques 76196 Criquetot-l'Esneval 2. Zone sous-dot\u00e9e \n76508 \nLa Poterie-Cap-\nd'Antifer 76196 Criquetot-l'Esneval 2. Zone sous-dot\u00e9e \n76595 Saint-Jouin-Bruneval 76196 Criquetot-l'Esneval 2. Zone sous-dot\u00e9e \n76609 Sainte-Marie-au-Bosc 76196 Criquetot-l'Esneval 2. Zone sous-dot\u00e9e \n76650 \nSaint-Sauveur-\nd'\u00c9malleville 76196 Criquetot-l'Esneval 2. Zone sous-dot\u00e9e \n76693 Le Tilleul 76196 Criquetot-l'Esneval 2. Zone sous-dot\u00e9e \n76734 Vergetot 76196 Criquetot-l'Esneval 2. Zone sous-dot\u00e9e \n76741 Villainville 76196 Criquetot-l'Esneval 2. Zone sous-dot\u00e9e \n27338 Les Hogues 76212 Darn\u00e9tal 3. Zone interm\u00e9diaire \n27366 Letteguives 76212 Darn\u00e9tal 3. Zone interm\u00e9diaire \n27454 Perruel 76212 Darn\u00e9tal 3. Zone interm\u00e9diaire \n27672 Vasc\u0153uil 76212 Darn\u00e9tal 3. Zone interm\u00e9diaire \n76046 Auzouville-sur-Ry 76212 Darn\u00e9tal 3. Zone interm\u00e9diaire \n76094 Bierville 76212 Darn\u00e9tal 3. Zone interm\u00e9diaire \nAgence r\u00e9gionale de sant\u00e9 de Normandie - 50-2025-05-21-00001 - ARRETE RELATIF A LA DETERMINATION DES ZONES ELIGIBLES ET\nAUX CONDITIONS D'ATTRIBUTION D'UNE AIDE INDIVIDUELLE, FINANCEE PAR LE FONDS D'NTERVENTION REGIONAL, DESTINEE\nAUX CHIRURGIENS-DENTISTES S'INSTALLANT EN LIBERAL DANS UNE ZONE DEFICITAIRE EN OFFRE DE SOINS BUCCO-DENTAIRE\n13\n- 2080\n \n\uf05f Retrouvez toutes nos mentions l\u00e9gales sur notre site internet https://www.normandie.ars.sante.fr/mentions-legales-2 \n- - - \nARS Normandie \u2022 Si\u00e8ge r\u00e9gional \u2022 Espace Claude Monet \u2022 2, place Jean Nouzille \u2022 CS 55035 \u2022 14 050 CAEN Cedex \nT\u00e9l : 02.31.70.96.96 \u2022 www.ars.normandie.sante.fr \u2022  \n76100 Blainville-Crevon 76212 Darn\u00e9tal 3. Zone interm\u00e9diaire \n76106 Bois-d'Ennebourg 76212 Darn\u00e9tal 3. Zone interm\u00e9diaire \n76111 Bois-l'\u00c9v\u00eaque 76212 Darn\u00e9tal 3. Zone interm\u00e9diaire \n76113 Boissay 76212 Darn\u00e9tal 3. Zone interm\u00e9diaire \n76163 Catenay 76212 Darn\u00e9tal 3. Zone interm\u00e9diaire \n76201 Croisy-sur-Andelle 76212 Darn\u00e9tal 3. Zone interm\u00e9diaire \n76212 Darn\u00e9tal 76212 Darn\u00e9tal 3. Zone interm\u00e9diaire \n76230 Elbeuf-sur-Andelle 76212 Darn\u00e9tal 3. Zone interm\u00e9diaire \n76285 Fresne-le-Plan 76212 Darn\u00e9tal 3. Zone interm\u00e9diaire \n76316 Grainville-sur-Ry 76212 Darn\u00e9tal 3. Zone interm\u00e9diaire \n76352 La Haye 76212 Darn\u00e9tal 3. Zone interm\u00e9diaire \n76358 Le H\u00e9ron 76212 Darn\u00e9tal 3. Zone interm\u00e9diaire \n76412 Martainville-\u00c9preville 76212 Darn\u00e9tal 3. Zone interm\u00e9diaire \n76453 \nMorgny-la-\nPommeraye 76212 Darn\u00e9tal 3. Zone interm\u00e9diaire \n76455 Morville-sur-Andelle 76212 Darn\u00e9tal 3. Zone interm\u00e9diaire \n76509 Pr\u00e9aux 76212 Darn\u00e9tal 3. Zone interm\u00e9diaire \n76521 Rebets 76212 Darn\u00e9tal 3. Zone interm\u00e9diaire \n76536 \nRoncherolles-sur-le-\nVivier 76212 Darn\u00e9tal 3. Zone interm\u00e9diaire \n76548 Ry 76212 Darn\u00e9tal 3. Zone interm\u00e9diaire \n76554 Saint-Aignan-sur-Ry 76212 Darn\u00e9tal 3. Zone interm\u00e9diaire \n76573 \nSaint-Denis-le-\nThiboult 76212 Darn\u00e9tal 3. Zone interm\u00e9diaire \n76591 \nSaint-Jacques-sur-\nDarn\u00e9tal 76212 Darn\u00e9tal 3. Zone interm\u00e9diaire \n76599 \nSaint-L\u00e9ger-du-\nBourg-Denis 76212 Darn\u00e9tal 3. Zone interm\u00e9diaire \n76673 \nServaville-\nSalmonville 76212 Darn\u00e9tal 3. Zone interm\u00e9diaire \n76740 La Vieux-Rue 76212 Darn\u00e9tal 3. Zone interm\u00e9diaire \n76341 Harfleur 76341 Harfleur 3. Zone interm\u00e9diaire \n76351 Le Havre 76351 Le Havre 3. Zone interm\u00e9diaire \n76552 Sainte-Adresse 76351 Le Havre 3. Zone interm\u00e9diaire \n76005 Amfreville-la-Mi-Voie 76429 Le Mesnil-Esnard 3. Zone interm\u00e9diaire \n76069 Belbeuf 76429 Le Mesnil-Esnard 3. Zone interm\u00e9diaire \n76116 Boos 76429 Le Mesnil-Esnard 3. Zone interm\u00e9diaire \n76429 Le Mesnil-Esnard 76429 Le Mesnil-Esnard 3. Zone interm\u00e9diaire \n76434 Mesnil-Raoul 76429 Le Mesnil-Esnard 3. Zone interm\u00e9diaire \n76448 Montmain 76429 Le Mesnil-Esnard 3. Zone interm\u00e9diaire \n76464 \nLa Neuville-Chant-\nd'Oisel 76429 Le Mesnil-Esnard 3. Zone interm\u00e9diaire \n76475 \nFranqueville-Saint-\nPierre 76429 Le Mesnil-Esnard 3. Zone interm\u00e9diaire \n76558 \nSaint-Aubin-\nCelloville 76429 Le Mesnil-Esnard 3. Zone interm\u00e9diaire \n76560 Saint-Aubin-\u00c9pinay 76429 Le Mesnil-Esnard 3. Zone interm\u00e9diaire \n76178 Cl\u00e9on 76484 Oissel 3. Zone interm\u00e9diaire \n76484 Oissel 76484 Oissel 3. Zone interm\u00e9diaire \n \nAgence r\u00e9gionale de sant\u00e9 de Normandie - 50-2025-05-21-00001 - ARRETE RELATIF A LA DETERMINATION DES ZONES ELIGIBLES ET\nAUX CONDITIONS D'ATTRIBUTION D'UNE AIDE INDIVIDUELLE, FINANCEE PAR LE FONDS D'NTERVENTION REGIONAL, DESTINEE\nAUX CHIRURGIENS-DENTISTES S'INSTALLANT EN LIBERAL DANS UNE ZONE DEFICITAIRE EN OFFRE DE SOINS BUCCO-DENTAIRE\n14\n- 2080\n \n\uf05f Retrouvez toutes nos mentions l\u00e9gales sur notre site internet https://www.normandie.ars.sante.fr/mentions-legales-2 \n- - - \nARS Normandie \u2022 Si\u00e8ge r\u00e9gional \u2022 Espace Claude Monet \u2022 2, place Jean Nouzille \u2022 CS 55035 \u2022 14 050 CAEN Cedex \nT\u00e9l : 02.31.70.96.96 \u2022 www.ars.normandie.sante.fr \u2022  \n  \nAgence r\u00e9gionale de sant\u00e9 de Normandie - 50-2025-05-21-00001 - ARRETE RELATIF A LA DETERMINATION DES ZONES ELIGIBLES ET\nAUX CONDITIONS D'ATTRIBUTION D'UNE AIDE INDIVIDUELLE, FINANCEE PAR LE FONDS D'NTERVENTION REGIONAL, DESTINEE\nAUX CHIRURGIENS-DENTISTES S'INSTALLANT EN LIBERAL DANS UNE ZONE DEFICITAIRE EN OFFRE DE SOINS BUCCO-DENTAIRE\n15\n- 2080\n \n\uf05f Retrouvez toutes nos mentions l\u00e9gales sur notre site internet https://www.normandie.ars.sante.fr/mentions-legales-2 \n- - - \nARS Normandie \u2022 Si\u00e8ge r\u00e9gional \u2022 Espace Claude Monet \u2022 2, place Jean Nouzille \u2022 CS 55035 \u2022 14 050 CAEN Cedex \nT\u00e9l : 02.31.70.96.96 \u2022 www.ars.normandie.sante.fr \u2022  \nANNEXE 2 - Contrat-type r\u00e9gional d'aide \u00e0 l'installation destin\u00e9e aux chirurgiens-\ndentistes s'installant en lib\u00e9ral dans une zone d\u00e9ficitaire en offre de soins bucco-\ndentaire \u00e9ligible \u00e0 une aide financ\u00e9e par le Fonds d'intervention r\u00e9gional \n \nVu le code de la sant\u00e9 publique, notamment son article L. 1434-4 ;  \nVu le code de la s\u00e9curit\u00e9 sociale, notamment ses articles L. 162-9 et L. 162-14-4 ;  \nVu l'arr\u00eat\u00e9 du 23 ao\u00fbt 2023 portant approbation de la convention nationale organisant les \nrapports entre les chirurgiens-dentistes lib\u00e9raux et l'assurance maladie ; \nVu l'arr\u00eat\u00e9 du 20 mars 2024 relatif \u00e0 la m\u00e9thodologie applicable \u00e0 la profession de chirurgien -\ndentiste pour la d\u00e9termination des zones pr\u00e9vues au 1\u00b0 de l'article L. 1434-4 du code de la sant\u00e9 \npublique ;  \nVu l'arr\u00eat\u00e9 du Directeur g\u00e9n\u00e9ral de l'Agence r\u00e9gionale de sant\u00e9 (ARS) Normandie en date du \n29 octobre 2024, publi\u00e9 au recueil r\u00e9gional des actes administratifs du 8 novembre 2024, relatif \n\u00e0 la d\u00e9termination des zones caract\u00e9ris\u00e9es par une offre de soins insuffisante ou des difficult\u00e9s \ndans l'acc\u00e8s aux soins et des zones dans lesquelles l'offre est particuli\u00e8rement \u00e9lev\u00e9e pour la \nprofession de chirurgien-dentiste ; \nVu l'arr\u00eat\u00e9 du Directeur g\u00e9n\u00e9ral de l'ARS Normandie DATE DE PUBLICATION AU RRAA relatif \u00e0 \nla d\u00e9termination des zones \u00e9ligibles et aux conditions d'attribution d'une aide individuelle, \nfinanc\u00e9e par le F onds d'intervention r\u00e9gional , destin\u00e9e aux chirurgiens-dentistes lib\u00e9raux \ns'installant en lib\u00e9ral dans une zone d\u00e9ficitaire en offre de soins bucco-dentaire ; \nIl est conclu entre, d'une part , l'Agence R\u00e9gionale de Sant\u00e9 Normandie (d\u00e9nomm\u00e9e ci -apr\u00e8s \nl'ARS), \nAdresse : Espace Claude Monet, 2 place Jean Nouzille, CS 55035, 14 050 CAEN Cedex  \nrepr\u00e9sent\u00e9e par : Fran\u00e7ois MENGIN LECREULX, Directeur g\u00e9n\u00e9ral ; \n \nLa Caisse Primaire d'Assurance Maladie (d\u00e9nomm\u00e9e ci-apr\u00e8s CPAM) de :  \nD\u00e9partement : D\u00c9PARTEMENT \nAdresse : ADRESSE \nrepr\u00e9sent\u00e9e par : (NOM, PR\u00c9NOM/FONCTION/COORDONN\u00c9ES) ; \n \nEt, d'autre part, le chirurgien-dentiste lib\u00e9ral :  \nNom : NOM \nPr\u00e9nom : PR\u00c9NOM \ninscrit au tableau de l'ordre du conseil d\u00e9partemental de : \nnum\u00e9ro RPPS : NUM\u00c9RO RPPS \nnum\u00e9ro AM : NUM\u00c9RO AM \nAdresse professionnelle : ADRESSE PROFESSIONNELLE \n \nUn contrat d'aide \u00e0 l'installation dans les communes identifi\u00e9es comme \u00e9ligibles \u00e0 une aide \nfinanc\u00e9e sur le FIR. \nAgence r\u00e9gionale de sant\u00e9 de Normandie - 50-2025-05-21-00001 - ARRETE RELATIF A LA DETERMINATION DES ZONES ELIGIBLES ET\nAUX CONDITIONS D'ATTRIBUTION D'UNE AIDE INDIVIDUELLE, FINANCEE PAR LE FONDS D'NTERVENTION REGIONAL, DESTINEE\nAUX CHIRURGIENS-DENTISTES S'INSTALLANT EN LIBERAL DANS UNE ZONE DEFICITAIRE EN OFFRE DE SOINS BUCCO-DENTAIRE\n16\n- 2080\n \n\uf05f Retrouvez toutes nos mentions l\u00e9gales sur notre site internet https://www.normandie.ars.sante.fr/mentions-legales-2 \n- - - \nARS Normandie \u2022 Si\u00e8ge r\u00e9gional \u2022 Espace Claude Monet \u2022 2, place Jean Nouzille \u2022 CS 55035 \u2022 14 050 CAEN Cedex \nT\u00e9l : 02.31.70.96.96 \u2022 www.ars.normandie.sante.fr \u2022  \n \nArticle 1 - Champ du contrat d'installation \nArticle 1.1 - Objet du contrat d'installation \nCe contrat vise \u00e0 favoriser l'installation des chirurgiens -dentistes lib\u00e9raux conventionn\u00e9s dans \nles zones \u00ab sous-dot\u00e9es \u00bb et certaines zones \u00ab interm\u00e9diaires \u00bb \u00e9ligibles au Fonds d'intervention \nr\u00e9gional (FIR), par la mise en place d'une aide forfaitaire  vers\u00e9e \u00e0 l'occasion de l'installation du \nchirurgien-dentiste dans une commune situ\u00e9e dans l'une des zones pr\u00e9cit\u00e9es. Cette aide vise \u00e0 \naccompagner le professionnel dans cette p\u00e9riode de fort investissement g\u00e9n\u00e9r\u00e9 par le d\u00e9but \nd'activit\u00e9 en exercice lib\u00e9ral (locaux, \u00e9quipements, charges diverses, etc.).  \nArticle 1.2 - B\u00e9n\u00e9ficiaires du contrat d'installation \nLe pr\u00e9sent contrat est propos\u00e9 aux chirurgiens -dentistes lib\u00e9raux conventionn\u00e9s  remplissant \nles conditions cumulatives suivantes : \n\u25aa \u00catre chirurgien-dentiste titulaire OU collaborateur lib\u00e9ral. \n\u25aa \u00catre install\u00e9 depuis moins d'un an au montant de la signature du contrat.  \n\u25aa S'installer ou exercer depuis moins d'un an dans une commune class\u00e9e en zone \u00ab sous-\ndot\u00e9es\u00bb ou \u00ab interm\u00e9diaire \u00bb \u00e9ligible au FIR. \n\u25aa Exercer \u00e0 titre principal (cabinet principal) dans les zones susvis\u00e9es , soit \u00e0 titre \nindividuel, soit en groupe. L'exercice en groupe s'entend comme le regroupement d'au \nmoins deux chirurgiens-dentistes lib\u00e9raux conventionn\u00e9s dans les m\u00eames locaux et li\u00e9s \nentre eux par : \n- un contrat de soci\u00e9t\u00e9 civile professionnelle (SCP) ou de soci\u00e9t\u00e9 d'exercice lib\u00e9ral \n(SEL) ou de soci\u00e9t\u00e9 civile de moyens (SCM) ; \n- ou tout autre contrat de soci\u00e9t\u00e9, d\u00e8s lors que ce contrat a \u00e9t\u00e9 valid\u00e9 par l'Ordre des \nchirurgiens-dentistes. \n\u25aa S'engager \u00e0 proposer aux patients du territoire une offre de soins d'au moins 2 jours par \nsemaine au titre de l'activit\u00e9 lib\u00e9rale dans la zone. \n\u25aa S'engager \u00e0 participer \u00e0 la permanence des soins dentaires et/ ou au service d'acc\u00e8s aux \nsoins (SAS). \nLe contrat peut b\u00e9n\u00e9ficier \u00e0 un chirurgien-dentiste pr\u00e9c\u00e9demment install\u00e9 en lib\u00e9ral dans une \nzone non \u00e9ligible, qui changerait par la suite son lieu d'exercice pour s'installer dans une \ncommune class\u00e9e en zone \u00ab sous-dot\u00e9e \u00bb ou \u00ab interm\u00e9diaire \u00bb \u00e9ligible au FIR. \nEn cas de modification par l'ARS Normandie des zones \u00e9ligibles \u00e0 cette aide \u00e0 l'installation \nentra\u00eenant la sortie du lieu d'exercice du chirurgien -dentiste adh\u00e9rant de la liste des zones \n\u00e9ligibles, le contrat d'aide \u00e0 l'installation se poursuit jusqu'\u00e0 son  terme, sauf demande de \nr\u00e9siliation par le chirurgien-dentiste. \n\u00c0 titre d\u00e9rogatoire, en cas de d\u00e9m\u00e9nagement dans une autre commune class\u00e9e en zone \u00ab sous-\ndot\u00e9e \u00bb ou \u00ab  interm\u00e9diaire \u00bb \u00e9ligible au FIR , et sous r\u00e9serve que le professionnel respecte les \nconditions d'\u00e9ligibilit\u00e9, le contrat est maintenu dans la nouvelle zone pour la dur\u00e9e restant \u00e0 \ncourir.  Il appartient au professionnel d'informer l'ARS Normandie de ce d\u00e9m\u00e9nagement.  \nAgence r\u00e9gionale de sant\u00e9 de Normandie - 50-2025-05-21-00001 - ARRETE RELATIF A LA DETERMINATION DES ZONES ELIGIBLES ET\nAUX CONDITIONS D'ATTRIBUTION D'UNE AIDE INDIVIDUELLE, FINANCEE PAR LE FONDS D'NTERVENTION REGIONAL, DESTINEE\nAUX CHIRURGIENS-DENTISTES S'INSTALLANT EN LIBERAL DANS UNE ZONE DEFICITAIRE EN OFFRE DE SOINS BUCCO-DENTAIRE\n17\n- 2080\n \n\uf05f Retrouvez toutes nos mentions l\u00e9gales sur notre site internet https://www.normandie.ars.sante.fr/mentions-legales-2 \n- - - \nARS Normandie \u2022 Si\u00e8ge r\u00e9gional \u2022 Espace Claude Monet \u2022 2, place Jean Nouzille \u2022 CS 55035 \u2022 14 050 CAEN Cedex \nT\u00e9l : 02.31.70.96.96 \u2022 www.ars.normandie.sante.fr \u2022  \n \nLe chirurgien -dentiste ne peut \u00eatre signataire et b\u00e9n\u00e9ficier qu'une seule fois de ce contrat. \nCelui-ci \u00e9tant conclu intuitu personae, il est incessible. \nCe contrat d'aide \u00e0 l'installation ne peut pas se cumuler avec tout autre contrat  d'aide pr\u00e9vu \npar la convention nationale organisant les rapports entre les chirurgiens -dentistes lib\u00e9raux et \nl'assurance maladie.  \nArticle 2 - Engagements des parties dans le contrat d'aide \u00e0 l'installation  \nArticle 2.1 - Engagements du chirurgien-dentiste \nLe chirurgien-dentiste s'engage :  \n\u2022 \u00e0 exercer \u00e0 titre principal son activit\u00e9 lib\u00e9rale conventionn\u00e9e , a minima deux jours par \nsemaine, dans une commune class\u00e9e dans l'une des zones mentionn\u00e9es \u00e0 l'article 1.1 du \npr\u00e9sent contrat, pour toute la dur\u00e9e du contrat, soit 5 ans , sauf cas de force majeure \n(d\u00e9c\u00e8s, invalidit\u00e9...) ; \n\u2022 \u00e0 participer \u00e0 la permanence des soins dentaires et/ ou au service d'acc\u00e8s aux soins \n(SAS) ; \n\u2022 \u00e0 informer l'ARS Normandie sans d\u00e9lai de toute intention de cesser son activit\u00e9 dans la \nzone avant l'issue du contrat.  \nArticle 2.2 - Engagements de l'ARS Normandie \nEn contrepartie des engagements du chirurgien -dentiste signataire d\u00e9finis \u00e0 l'article 2.1, l'ARS \ns'engage \u00e0 verser au chirurgien-dentiste une aide forfaitaire au titre de l'\u00e9quipement du cabinet \nou autres investissements professionnels d'un montant de 50 000 euros pour une activit\u00e9 d'au \nmoins 4 jours par semaine.  \nPour le chirurgien-dentiste exer\u00e7ant entre 2 jours et 3,5 jours par semaine \u00e0 titre lib\u00e9ral dans la \nzone, le montant est proratis\u00e9 sur la base de 100% pour 4 jours par semaine  : \n- pour une activit\u00e9 de 3,5  jours par semaine : 43 750 \u20ac ; \n- pour une activit\u00e9 de 3 jours par semaine: 37 500 \u20ac ; \n- pour une activit\u00e9 de 2,5 jours par semaine : 31 250 \u20ac ; \n- pour une activit\u00e9 de 2 jours par semaine : 25 000 \u20ac. \n \nLa d\u00e9pense correspondante est imput\u00e9e sur les cr\u00e9dits inscrits \u00e0 l'exercice 20XX du budget \nannexe FIR de l'ARS Normandie : \nMission 3.99.1 : autre mission 3 \nLigne \u00ab Aide installation chirurgiens-dentistes \u00bb \n \n  \nAgence r\u00e9gionale de sant\u00e9 de Normandie - 50-2025-05-21-00001 - ARRETE RELATIF A LA DETERMINATION DES ZONES ELIGIBLES ET\nAUX CONDITIONS D'ATTRIBUTION D'UNE AIDE INDIVIDUELLE, FINANCEE PAR LE FONDS D'NTERVENTION REGIONAL, DESTINEE\nAUX CHIRURGIENS-DENTISTES S'INSTALLANT EN LIBERAL DANS UNE ZONE DEFICITAIRE EN OFFRE DE SOINS BUCCO-DENTAIRE\n18\n- 2080\n \n\uf05f Retrouvez toutes nos mentions l\u00e9gales sur notre site internet https://www.normandie.ars.sante.fr/mentions-legales-2 \n- - - \nARS Normandie \u2022 Si\u00e8ge r\u00e9gional \u2022 Espace Claude Monet \u2022 2, place Jean Nouzille \u2022 CS 55035 \u2022 14 050 CAEN Cedex \nT\u00e9l : 02.31.70.96.96 \u2022 www.ars.normandie.sante.fr \u2022  \nArticle 2.3 - Modalit\u00e9s de versement de l'aide \nCette aide est vers\u00e9e en deux fois : \n- 50% vers\u00e9s \u00e0 la signature du contrat ; \n- le solde de 50% est vers\u00e9 \u00e0 la date du 1er anniversaire du contrat.   \nL'aide sera vers\u00e9e au b\u00e9n\u00e9ficiaire sur le compte suivant  : XXX (Joindre en annexe \u00e0 la pr\u00e9sente \nconvention un IBAN sign\u00e9 et dat\u00e9 du b\u00e9n\u00e9ficiaire). \nLe b\u00e9n\u00e9ficiaire s'engage \u00e0 transmettre un IBAN \u00e0 l'ARS lors de toute modification bancaire, ou \n\u00e0 le confirmer au plus tard \u00e0 la date du premier anniversaire du contrat, avant le versement du \nsolde de l'aide. \nL'Agent comptable de l'ARS est d\u00e9sign\u00e9 assignataire du paiement.  \nArticle 3 - Dur\u00e9e du contrat d'aide \u00e0 l'installation \nLe pr\u00e9sent contrat est conclu pour une dur\u00e9e de cinq ans \u00e0 compter de sa signature par \nl'ensemble des parties, sans possibilit\u00e9 de renouvellement.  \nArticle 4 - R\u00e9siliation du contrat d'aide \u00e0 l'installation  \nArticle 4.1 - Rupture d'adh\u00e9sion \u00e0 l'initiative du chirurgien-dentiste \nLe chirurgien-dentiste peut d\u00e9cider de r\u00e9silier son adh\u00e9sion au contrat avant le terme de celui-\nci. Cette r\u00e9siliation prend effet \u00e0 la date de r\u00e9ception par l'ARS de la lettre recommand\u00e9e avec \ndemande d'avis de r\u00e9ception l'informant de cette r\u00e9siliation. L'ARS informera la CPAM de cette \nr\u00e9siliation. \nDans ce cas, l'ARS proc\u00e8de \u00e0 la r\u00e9cup\u00e9ration des sommes ind\u00fbment vers\u00e9es au titre de l'aide \u00e0 \nl'installation, au prorata de la dur\u00e9e restant \u00e0 courir du contrat au moment de la r\u00e9siliation \ndemand\u00e9e par le chirurgien -dentiste (sauf cas de force majeure comm e le d\u00e9c\u00e8s ou une \ninvalidit\u00e9). \nArticle 4.2 - Rupture d'adh\u00e9sion \u00e0 l'initiative de l'ARS \nDans le cas o\u00f9 le chirurgien-dentiste ne respecte pas ses engagements contractuels (d\u00e9part de \nla zone ou chirurgien -dentiste ne r\u00e9pondant plus aux crit\u00e8res d'\u00e9ligibilit\u00e9 au contrat d\u00e9finis \u00e0 \nl'article 1.2 du contrat), l'ARS l'en informe par lettre recomman d\u00e9e avec accus\u00e9 de r\u00e9ception \nlui d\u00e9taillant les \u00e9l\u00e9ments constat\u00e9s et le d\u00e9tail des \u00e9tapes de la proc\u00e9dure d\u00e9finie ci -apr\u00e8s. \nL'ARS informera en parall\u00e8le la CPAM de cette d\u00e9cision. \nLe chirurgien-dentiste dispose d'un d\u00e9lai d'un mois \u00e0 compter de la r\u00e9ception du courrier pour \nfaire conna\u00eetre ses observations \u00e9crites \u00e0 la caisse.  \nA l'issue de ce d\u00e9lai, l'ARS peut notifier au chirurgien-dentiste la fin de son adh\u00e9sion au contrat \npar lettre recommand\u00e9e avec accus\u00e9 de r\u00e9ception. \nAgence r\u00e9gionale de sant\u00e9 de Normandie - 50-2025-05-21-00001 - ARRETE RELATIF A LA DETERMINATION DES ZONES ELIGIBLES ET\nAUX CONDITIONS D'ATTRIBUTION D'UNE AIDE INDIVIDUELLE, FINANCEE PAR LE FONDS D'NTERVENTION REGIONAL, DESTINEE\nAUX CHIRURGIENS-DENTISTES S'INSTALLANT EN LIBERAL DANS UNE ZONE DEFICITAIRE EN OFFRE DE SOINS BUCCO-DENTAIRE\n19\n- 2080\n \n\uf05f Retrouvez toutes nos mentions l\u00e9gales sur notre site internet https://www.normandie.ars.sante.fr/mentions-legales-2 \n- - - \nARS Normandie \u2022 Si\u00e8ge r\u00e9gional \u2022 Espace Claude Monet \u2022 2, place Jean Nouzille \u2022 CS 55035 \u2022 14 050 CAEN Cedex \nT\u00e9l : 02.31.70.96.96 \u2022 www.ars.normandie.sante.fr \u2022  \nDans ce cas, l'ARS proc\u00e8de \u00e0 la r\u00e9cup\u00e9ration des sommes ind\u00fbment vers\u00e9es au titre de l'aide \u00e0 \nl'installation, au prorata de la dur\u00e9e restant \u00e0 courir du contrat au moment de la r\u00e9siliation \nnotifi\u00e9e par la caisse. \nArticle 5 - Cons\u00e9quence d'une modification des zones \u00e9ligibles \u00e0 l'aide \u00e0 l'installation \nfinanc\u00e9e sur le FIR \nEn cas de modification par l'ARS d es zones \u00ab sous-dot\u00e9es \u00bb et des \u00ab  zones interm\u00e9diaires  \u00bb \n\u00e9ligibles \u00e0 une aide \u00e0 l'installation financ\u00e9e sur le FIR,  entrainant la sortie du lieu d'exercice du \nchirurgien-dentiste adh\u00e9rant de la liste des zones \u00e9ligibles \u00e0 l'aide, le contrat se poursuit jusqu'\u00e0 \nson terme, sauf demande de r\u00e9siliation par le chirurgien-dentiste. \n \nFait \u00e0 VILLE, le DATE, \n \nLe chirurgien-dentiste             L'Agence R\u00e9gionale de Sant\u00e9 \nNormandie  \nLa Caisse Primaire \nd'Assurance Maladie  \nD\u00e9partement \u00e0 pr\u00e9ciser \n \n \n \n \nDr NOM Pr\u00e9nom \n \n \n \n \nNOM Pr\u00e9nom \n \n \n \n \nNOM Pr\u00e9nom \n \n \n \nAgence r\u00e9gionale de sant\u00e9 de Normandie - 50-2025-05-21-00001 - ARRETE RELATIF A LA DETERMINATION DES ZONES ELIGIBLES ET\nAUX CONDITIONS D'ATTRIBUTION D'UNE AIDE INDIVIDUELLE, FINANCEE PAR LE FONDS D'NTERVENTION REGIONAL, DESTINEE\nAUX CHIRURGIENS-DENTISTES S'INSTALLANT EN LIBERAL DANS UNE ZONE DEFICITAIRE EN OFFRE DE SOINS BUCCO-DENTAIRE\n20\nDirection d\u00e9partementale des finances publiques\n50-2025-05-22-00003\nD\u00e9l\u00e9gation de signature Paierie50 au 22052025 vsign\u00e9\nDirection d\u00e9partementale des finances publiques - 50-2025-05-22-00003 - D\u00e9l\u00e9gation de signature Paierie50 au 22052025 vsign\u00e9 21\nREPUBLIQUEFRANCAISELibert\u00e9Egalit\u00e9Fraternit\u00e9\nTFINANCES PUBLIQUES\nArr\u00eat\u00e9 n\u00b02 portant d\u00e9l\u00e9gation de signature\nLe comptable, responsable de la Paierie d\u00e9partementale de La Manche\nVu le d\u00e9cret n\u00b0 2008-310 du 3 avril 2008 portant diverses dispositions relatives \u00e0 la direction\ng\u00e9n\u00e9rale des finances publiques ;\nVu le d\u00e9cret n\u00b0 2009-707 du 16 juin 2009 relatif aux services d\u00e9concentr\u00e9s de la direction g\u00e9n\u00e9rale\ndes finances publiques ;\nVu  le  d\u00e9cret  n\u00b0  2012-1246  du  7  novembre  2012  relatif  \u00e0  la  gestion  budg\u00e9taire  et  comptable\npublique, et notamment son article 16 ;\nArr\u00eate\nArticle 1er\nD\u00e9l\u00e9gation  g\u00e9n\u00e9rale  de  signature  est  donn\u00e9e,  en  leur  qualit\u00e9  d'adjointes \u00e0  la  Paierie\nd\u00e9partementale de La Manche \u00e0 :\nMme CHESNEAU Anne-Sophie, Inspectrice des Finances Publiques\nMme WACH V\u00e9ronique, Inspectrice des Finances Publiques\n1\u00b0) leur est donn\u00e9, \u00e0 cet effet, pouvoir de g\u00e9rer et administrer au nom du comptable, en son\nabsence, la Paierie d\u00e9partementale de La Manche.\nD'op\u00e9rer les recettes et les d\u00e9penses relatives \u00e0 tous les services, sans exception, de recevoir et payer\ntoutes sommes qui sont ou pourraient \u00eatre l\u00e9gitimement dues, \u00e0 quelque titre que ce soit, par tous\nusagers, contribuables, d\u00e9biteurs ou cr\u00e9anciers, selon le cas, pour les services dont la gestion lui est\nconfi\u00e9e,\nD'exercer toutes poursuites,  acquitter tous mandats et exiger la remise des titres,  quittances et\npi\u00e8ces justificatives prescrites par les lois et r\u00e8glements,\nDe remettre ou obtenir quittance valable pour les sommes re\u00e7ues ou pay\u00e9es, selon le cas,\nDe signer r\u00e9c\u00e9piss\u00e9s, quittances ou d\u00e9charges, de fournir tous \u00e9tats de situation et toutes autres\npi\u00e8ces demand\u00e9es par l'administration,\nDe  repr\u00e9senter  la/le  comptable  aupr\u00e8s  des  personnels  de  la  Poste  pour  toutes  les  op\u00e9rations\nconcern\u00e9es.\nEn cons\u00e9quence :\nleur  est  donn\u00e9  pouvoir  de  passer  tout  acte  et  d'effectuer  d'une  mani\u00e8re  g\u00e9n\u00e9rale  toutes  les\nop\u00e9rations qui peuvent se rapporter \u00e0 la gestion de la Paierie d\u00e9partementale de La Manche, leur\ntransmettant les pouvoirs suffisants pour qu'elles puissent sans le concours du comptable, mais sous\nsa responsabilit\u00e9, g\u00e9rer ou administrer tous les services qui lui sont confi\u00e9s.\nles autoriser \u00e0 effectuer les d\u00e9clarations de cr\u00e9ances et \u00e0 agir en justice.\nDirection d\u00e9partementale des finances publiques - 50-2025-05-22-00003 - D\u00e9l\u00e9gation de signature Paierie50 au 22052025 vsign\u00e9 22\n2\u00b0)  leur  est  donn\u00e9  le  pouvoir  de  prendre  des  d\u00e9cisions  relatives  aux  demandes  de  d\u00e9lai  de\npaiement, le d\u00e9lai accord\u00e9 ne pouvant exc\u00e9der 24 mois et porter sur une somme sup\u00e9rieure \u00e0 un\nmontant de 20 000 \u20ac  par redevable.\nArticle 2\nD\u00e9l\u00e9gation sp\u00e9ciale de signature est donn\u00e9e \u00e0 l'effet de signer :\nBAGOUET Nina, Agent des Finances Publiques\nFLETCHER Solaine, Agent contractuel des Finances Publiques,\nFOUACE Cl\u00e9ment, Agent des Finances Publiques\nFOUGERAY Marylou, Apprentie\nHARACHE Luc, Agent des Finances Publiques\nHARIVEL Jacky, Contr\u00f4leur Principal des Finances Publiques,\nJACQUES Emily, Contr\u00f4leur des Finances Publiques\nLE CORRE S\u00e9verine, Contr\u00f4leur des Finances Publiques\nPASQUETTE Astrid, Agent des Finances Publiques\nTERNON Fran\u00e7oise, Contr\u00f4leur Principal des Finances Publiques\nTURMEL Arnaud, Contr\u00f4leur des Finances Publiques\n1\u00b0) l'ensemble des actes relatifs au recouvrement, et notamment les mises de demeure de payer,\nles actes de poursuites et les d\u00e9clarations de cr\u00e9ances ;\n2\u00b0) les d\u00e9cisions relatives aux demandes de d\u00e9lai de paiement, dans les limites de dur\u00e9e et de\nmontant indiqu\u00e9es dans le tableau ci-apr\u00e8s ;\nBagouet Nina C 24 mois 3 000 \u20ac\nFougeray Marylou Apprentie 12 mois 1 000 \u20ac\nFouace Cl\u00e9ment C 24 mois 3 000 \u20ac\nHarache Luc C 12 mois 1 000 \u20ac\nHarivel Jacky B 24 mois 3 000 \u20ac\nJacques Emily B 24 mois 3 000 \u20ac\nLe Corre S\u00e9verine B 24 mois 3 000 \u20ac\nPasquette Astrid C 24 mois 3 000 \u20ac\nTernon Fran\u00e7oise B 24 mois 3 000 \u20ac\nTurmel Arnaud B 24 mois 3 000 \u20ac\nFletcher Solaine C Contractuel 24 mois 3 000 \u20ac\nDirection d\u00e9partementale des finances publiques - 50-2025-05-22-00003 - D\u00e9l\u00e9gation de signature Paierie50 au 22052025 vsign\u00e9 23\nArticle 3\nD\u00e9l\u00e9gation sp\u00e9ciale de signature est donn\u00e9e \u00e0 l'effet de signer :\nMme BAUDLOT Fran\u00e7oise, Contr\u00f4leur des Finances Publiques\nMme CHAPON L\u00e9a, Agent des Finances Publiques\nMme PELCOT Val\u00e9rie, Agent des Finances Publiques\nMme VAILLANT Annie, Contr\u00f4leur Principal des Finances Publiques\nl'ensemble des actes relatifs au service de la d\u00e9pense, notamment et pas exclusivement, les ordres\nde paiement, les \u00e9tats de mandatement pr\u00e9sent\u00e9s par les collectivit\u00e9s locales en vue de percevoir\ndes subventions, les documents relatifs aux cessions et oppositions. Pour ces documents relatifs\naux cessions et oppositions, la d\u00e9l\u00e9gation est limit\u00e9e \u00e0 10 000 \u20ac par acte.\nArticle 4\nLe pr\u00e9sent arr\u00eat\u00e9 sera publi\u00e9 au recueil des actes administratifs du d\u00e9partement de la Manche.\nFait \u00e0 Saint-L\u00f4, le 22 Mai 2025\n                                                                           Le Payeur D\u00e9partemental de La Manche,\nSign\u00e9\nPascal HUET\nInspecteur Divisionnaire hors classe             \nDirection d\u00e9partementale des finances publiques - 50-2025-05-22-00003 - D\u00e9l\u00e9gation de signature Paierie50 au 22052025 vsign\u00e9 24\nDirection d\u00e9partementale des finances publiques\n50-2025-05-20-00004\nDelegations de signature SGCMA Cherbourg 20-05-2025\nDirection d\u00e9partementale des finances publiques - 50-2025-05-20-00004 - Delegations de signature SGCMA Cherbourg 20-05-2025 25\nREPUBLIQUEFRANCAISELibert\u00e9Egalit\u00e9Fraternit\u00e9\nTFINANCES PUBLIQUES\nArr\u00eat\u00e9 n\u00b0XXX portant d\u00e9l\u00e9gation de signature\nLe comptable, responsable du service de gestion comptable (SGC) Municipal et Amendes de\nCHERBOURG EN COTENTIN\nVu le d\u00e9cret n\u00b0 2008-310 du 3 avril 2008 portant diverses dispositions relatives \u00e0 la direction\ng\u00e9n\u00e9rale des finances publiques ;\nVu le d\u00e9cret n\u00b0 2009-707 du 16 juin 2009 relatif aux services d\u00e9concentr\u00e9s de la direction g\u00e9n\u00e9rale\ndes finances publiques ;\nVu  le  d\u00e9cret  n\u00b0  2012-1246  du  7  novembre  2012  relatif  \u00e0  la  gestion  budg\u00e9taire  et  comptable\npublique, et notamment son article 16 ;\nArr\u00eate\nArticle 1er\nD\u00e9l\u00e9gation g\u00e9n\u00e9rale de signature est donn\u00e9e,  en leur qualit\u00e9 d'adjoints \u00e0 la comptable charg\u00e9e du\nservice de gestion comptable Municipal et Amendes de CHERBOURG EN COTENTIN, \u00e0 :\nMme Corinne VALLIER, inspectrice divisionnaire de classe normale\nMme B\u00e9r\u00e9nice CHEVILLOTTE, inspectrice\nM Christophe CORMIER, inspecteur\nMme Sophie ORLANDI, inspectrice\nleur est donn\u00e9, \u00e0 cet effet, pouvoir de g\u00e9rer et administrer au nom de la comptable,  en son\nabsence  ou  \u00e0  sa  demande  expresse, le  SGC  Municipal  et  Amendes  de  CHERBOURG  EN\nCOTENTIN.\nD'op\u00e9rer les recettes et les d\u00e9penses relatives \u00e0 tous les services, sans exception, de recevoir et payer\ntoutes sommes qui sont ou pourraient \u00eatre l\u00e9gitimement dues, \u00e0 quelque titre que ce soit, par tous\ncontribuables, d\u00e9biteurs ou cr\u00e9anciers, selon le cas, pour les services dont la gestion lui est confi\u00e9e,\nD'exercer toutes poursuites,  acquitter tous mandats et exiger la remise des titres,  quittances et\npi\u00e8ces justificatives prescrites par les lois et r\u00e8glements,\nDe remettre ou obtenir quittance valable pour les sommes re\u00e7ues ou pay\u00e9es, selon le cas,\nDe signer r\u00e9c\u00e9piss\u00e9s, quittances ou d\u00e9charges, de fournir tous \u00e9tats de situation et toutes autres\npi\u00e8ces demand\u00e9es par l'administration,\nDe  repr\u00e9senter  la  comptable  aupr\u00e8s  des  personnels  de  la  Poste  pour  toutes  les  op\u00e9rations\nconcern\u00e9es.\nEn cons\u00e9quence :\nDirection d\u00e9partementale des finances publiques - 50-2025-05-20-00004 - Delegations de signature SGCMA Cherbourg 20-05-202526\n\u2022 leur est donn\u00e9 pouvoir de passer tout acte et d'effectuer d'une mani\u00e8re g\u00e9n\u00e9rale toutes les\nop\u00e9rations  qui  peuvent  se  rapporter  \u00e0  la  gestion  du  SGC  Municipal  et  Amendes  de\nCHERBOURG EN COTENTIN, leur transmettant les pouvoirs suffisants pour qu'ils puissent,\nsans le concours du comptable, mais sous sa responsabilit\u00e9, g\u00e9rer ou administrer tous les\nservices qui lui sont confi\u00e9s.\n\u2022 les autoriser \u00e0 effectuer les d\u00e9clarations de cr\u00e9ances et \u00e0 agir en justice.\n\u2022 leur donner pouvoir de prendre des d\u00e9cisions relatives aux demandes de d\u00e9lai de paiement\nconcernant les cr\u00e9ances des collectivit\u00e9s territoriales, le d\u00e9lai accord\u00e9 ne pouvant exc\u00e9der\n12 mois et porter sur une somme sup\u00e9rieure \u00e0 10 000 \u20ac ;\nArticle 2\nD\u00e9l\u00e9gation  sp\u00e9ciale  de  signature est  donn\u00e9e  aux  agents  affect\u00e9s  au  service  recouvrement\ncontentieux SPL\n\u00e0 l'effet de signer :\n1\u00b0) l'ensemble des actes relatifs au recouvrement et notamment les mises de demeure de payer et\nles actes de poursuites ;\n2\u00b0) les d\u00e9cisions relatives aux demandes de d\u00e9lai de paiement, dans les limites de dur\u00e9e et de\nmontant indiqu\u00e9es dans le tableau ci-apr\u00e8s ;\nNom de l'agent Pr\u00e9nom grade\ndur\u00e9e maximale\ndes d\u00e9lais de\npaiement\nsomme maximale pour laquelle\nun d\u00e9lai de paiement peut \u00eatre\naccord\u00e9\nPIN S\u00e9bastien agent 6 mois 2 500,00 \u20ac\nGALBADON Emilie agent 6 mois 2 500,00 \u20ac\nLEMERRE Carole Anne agent 6 mois 2 500,00 \u20ac\nASTORINO Thomas contr\u00f4leur 12 mois 5 000,00 \u20ac\nLEFAUDEUX Amaury contr\u00f4leur 12 mois 5 000,00 \u20ac\nJEANNENOT Marie-Claire contr\u00f4leur 12 mois 5 000,00 \u20ac\nPLANQUE Val\u00e9rie contr\u00f4leur 12 mois 5 000,00 \u20ac\nCORMIER Christophe inspecteur > 12 mois et/ou > \u00e0 5 000 \u20ac et < 10 000 \u20ac\nArticle 3\nLe pr\u00e9sent arr\u00eat\u00e9 sera publi\u00e9 au recueil des actes administratifs du d\u00e9partement de la Manche.\nFait \u00e0 CHERBOURG, le 20 mai 2025\nLa comptable du SGC de Municipal et Amendes\nde CHERBOURG EN COTENTIN\nSign\u00e9\nNathalie FILL\u00c2TRE\nInspecteur divisionnaire\nDirection d\u00e9partementale des finances publiques - 50-2025-05-20-00004 - Delegations de signature SGCMA Cherbourg 20-05-202527\nDirection d\u00e9partementale des territoires et de la mer\n50-2025-05-22-00002\nARR\u00caT\u00c9 COMPL\u00c9MENTAIRE n\u00b0 2025-DDTM-SE-097 relatif \u00e0\nune d\u00e9rogation au d\u00e9bit r\u00e9serv\u00e9 fix\u00e9 par l'arr\u00eat\u00e9 pr\u00e9fectoral\nn\u00b0 20-168-MQ du 3 d\u00e9cembre 2020 modifiant l'arr\u00eat\u00e9\npr\u00e9fectoral n\u00b0 80-2577 du 2 juin 1980 portant autorisation de\npr\u00e9l\u00e8vement et de d\u00e9rivation des eaux de la Vire\nDirection d\u00e9partementale des territoires et de la mer - 50-2025-05-22-00002 - ARR\u00caT\u00c9 COMPL\u00c9MENTAIRE n\u00b0 2025-DDTM-SE-097\nrelatif \u00e0 une d\u00e9rogation au d\u00e9bit r\u00e9serv\u00e9 fix\u00e9 par l'arr\u00eat\u00e9 pr\u00e9fectoral n\u00b0 20-168-MQ du 3 d\u00e9cembre 2020 modifiant l'arr\u00eat\u00e9 pr\u00e9fectoral\nn\u00b0 80-2577 du 2 juin 1980 portant autorisation de pr\u00e9l\u00e8vement et de d\u00e9rivation des eaux de la Vire\n28\nPREFETDE LA MANCHELibert\u00e9\u00c9galit\u00e9Fraternit\u00e9\nDirection\nd\u00e9partementale\ndes territoires et de la mer\nService Environnement\nUnit\u00e9 Protection  de la Ressource et Am\u00e9nagement\nn\u00b0 2025-DDTM-SE-097\nARRETE COMPLEMENTAIRE\n Relatif \u00e0 une d\u00e9rogation au d\u00e9bit r\u00e9serv\u00e9 fix\u00e9 par l'arr\u00eat\u00e9 pr\u00e9fectoral n\u00b0 20-168-MQ du 3\nd\u00e9cembre 2020 modifiant l'arr\u00eat\u00e9 pr\u00e9fectoral n\u00b0 80-2577 du 2 juin 1980 portant autorisation\nde pr\u00e9l\u00e8vement et de d\u00e9rivation des eaux de la Vire\nLE PR\u00c9FET DE LA MANCHE\nChevalier de la L\u00e9gion d'honneur\nChevalier de l'ordre national du M\u00e9rite\nVu  le code de l'environnement et notamment son article L 214-18 ;\nVu l'arr\u00eat\u00e9 pr\u00e9fectoral n\u00b0 90-2577 du 2 juin 1980 portant autorisation de d\u00e9river une partie\ndes eaux de la rivi\u00e8re \u00ab  Vire \u00bb ;\nVu l'arr\u00eat\u00e9  pr\u00e9fectoral  n\u00b0  20-168-MQ  du  3  d\u00e9cembre  2020  portant  autorisation  de\npr\u00e9l\u00e8vement et de d\u00e9rivation de la prise d'eau superficielle sur la Vire situ\u00e9e \u00e0 Baudre ;\nVu le d\u00e9cret du 13 juillet 2023 portant nomination de M. Xavier Bruneti\u00e8re, pr\u00e9fet de la\nManche ;\nVu l'arr\u00eat\u00e9  pr\u00e9fectoral  n\u00b02024-16-VN  du  4  juillet  2024  donnant  d\u00e9l\u00e9gation  de  signature  \u00e0\nMonsieur Guillaume Barron, directeur d\u00e9partemental des territoires et de la mer ;\nVu la  demande  pr\u00e9sent\u00e9e  par  Saint-L\u00f4  Agglo  en  date  du  20  mai  2025 sollicitant  une\nd\u00e9rogation au d\u00e9bit r\u00e9serv\u00e9 de 1,49m\u00b3/s ;\nConsid\u00e9rant la situation actuelle des d\u00e9bits du fleuve La Vire, proches des valeurs vicennales\ns\u00e8ches (1,426 m\u00b3/s) ;\nConsid\u00e9rant  que  sans  pluie  significative,  le  respect  du  d\u00e9bit  r\u00e9serv\u00e9  de  la  Vire  en  aval\nimm\u00e9diat de la prise d'eau situ\u00e9e \u00e0 Baudre ne sera plus possible ;\nConsid\u00e9rant qu'il y a lieu de prot\u00e9ger l'alimentation en eau potable tout en pr\u00e9servant le\nmilieu naturel ;\n                                                                                                                                                                                               Page 1/2\n477 Boulevard de la Doll\u00e9e \u2013 BP 60355 \u2013 50015 Saint-L\u00f4 Cedex \u2013 T\u00e9l : 02 33 06 39 00 \u2013 Fax : 02 33 06 39 09\nSite internet : www.manche.gouv.fr \u2013 Horaires d'ouverture au public : 09h00-12h00 / 13h30-16h30\nDirection d\u00e9partementale des territoires et de la mer - 50-2025-05-22-00002 - ARR\u00caT\u00c9 COMPL\u00c9MENTAIRE n\u00b0 2025-DDTM-SE-097\nrelatif \u00e0 une d\u00e9rogation au d\u00e9bit r\u00e9serv\u00e9 fix\u00e9 par l'arr\u00eat\u00e9 pr\u00e9fectoral n\u00b0 20-168-MQ du 3 d\u00e9cembre 2020 modifiant l'arr\u00eat\u00e9 pr\u00e9fectoral\nn\u00b0 80-2577 du 2 juin 1980 portant autorisation de pr\u00e9l\u00e8vement et de d\u00e9rivation des eaux de la Vire\n29\nA R R \u00ca T E\nArticle 1 : D\u00e9rogation \u00e0 l'article 4 -d\u00e9bit r\u00e9serv\u00e9 \nIl est d\u00e9rog\u00e9 \u00e0 l'article 4 fixant le d\u00e9bit r\u00e9serv\u00e9 \u00e0 un minimum de 1,49 m\u00b3/s. Il est cependant\nmaintenu dans le lit naturel du cours d'eau 1/20 du module tel qu'\u00e9dict\u00e9 \u00e0 l'article L 214-18 du\ncode de l'environnement soit 0,635 m\u00b3/s.\nDurant la p\u00e9riode de d\u00e9rogation, le pr\u00e9l\u00e8vement sur la Vire est limit\u00e9 \u00e0 8 000 m\u00b3/jour soit 400\nm\u00b3/heure et 110 l/seconde.\nUn suivi sur la quantit\u00e9 de l'eau est mis en place par le b\u00e9n\u00e9ficiaire, il se fait sous la forme\nd'un rapport hebdomadaire \u00e0 transmettre \u00e0 la DDTM.\nCe rapport porte sur les d\u00e9bits enregistr\u00e9s en continu des pr\u00e9l\u00e8vements dans la Vire, sur la\nmesure du d\u00e9bit naturel du cours d'eau, sur les relev\u00e9s quotidiens de niveaux d'eau dans la\nretenue  du  Semilly  ainsi que sur  le fonctionnement  de l'approvisionnement  (prise d'eau,\nbarrage, \u00e9change d'eau avec d'autres producteurs, fonctionnement des interconnexions).\nArticle 2 : Information des communes desservies\nPr\u00e9alablement \u00e0 la mise en \u0153uvre des dispositions de l'article 1, Saint-L\u00f4 Agglo adresse \u00e0\nl'ensemble des communes desservies une information sur la situation de la ressource en eau,\nen y incluant une invitation \u00e0 adopter des mesures d'\u00e9conomie d'eau.\nArticle 3 : Dur\u00e9e \nLa d\u00e9rogation vaut jusqu'au 30 juin 2025 inclus . La d\u00e9rogation cesse si les d\u00e9bits naturels\npermettent \u00e0 nouveau de respecter le d\u00e9bit r\u00e9serv\u00e9.\nArticle 4 : Ex\u00e9cution\nLe  pr\u00e9sident  de  Saint-L\u00f4  Agglo,  la  secr\u00e9taire  g\u00e9n\u00e9rale  de  la  pr\u00e9fecture,  le  directeur\nd\u00e9partemental des territoires et de la mer sont charg\u00e9s, chacun en ce qui le concerne, de\nl'ex\u00e9cution  du  pr\u00e9sent  arr\u00eat\u00e9  qui  sera  ins\u00e9r\u00e9  au  recueil  des  actes  administratifs  de  la\npr\u00e9fecture de la Manche.\nFait \u00e0 Saint-L\u00f4, le 22 mai 2025\nSign\u00e9\nPour le Pr\u00e9fet et par d\u00e9l\u00e9gation, le directeur\nd\u00e9partemental des territoires et de la mer,\nGuillaume BARRON\n                                                                                                                                                                                               Page 2/2\nDirection d\u00e9partementale des territoires et de la mer - 50-2025-05-22-00002 - ARR\u00caT\u00c9 COMPL\u00c9MENTAIRE n\u00b0 2025-DDTM-SE-097\nrelatif \u00e0 une d\u00e9rogation au d\u00e9bit r\u00e9serv\u00e9 fix\u00e9 par l'arr\u00eat\u00e9 pr\u00e9fectoral n\u00b0 20-168-MQ du 3 d\u00e9cembre 2020 modifiant l'arr\u00eat\u00e9 pr\u00e9fectoral\nn\u00b0 80-2577 du 2 juin 1980 portant autorisation de pr\u00e9l\u00e8vement et de d\u00e9rivation des eaux de la Vire\n30\nDirection d\u00e9partementale des territoires et de la mer\n50-2025-05-20-00005\nARRETE N\u00b0 2025-DDTM-SE-084\nRELATIF A L'OUVERTURE ANTICIPEE DE LA CHASSE DES\nCERVIDES\nDANS LE DEPARTEMENT DE LA MANCHE\nSAISON 2025-2026\nDirection d\u00e9partementale des territoires et de la mer - 50-2025-05-20-00005 - ARRETE N\u00b0 2025-DDTM-SE-084\nRELATIF A L'OUVERTURE ANTICIPEE DE LA CHASSE DES CERVIDES\nDANS LE DEPARTEMENT DE LA MANCHE\nSAISON 2025-2026\n31\nzsPREFETDE LA MANCHELibert\u00e9Egalit\u00e9Fraternit\u00e9\nDirection\nd\u00e9partementale\ndes territoires et de la mer\nService Environnement\nUnit\u00e9 For\u00eat Nature et biodiversit\u00e9\nN\u00b0 2025-DDTM-SE-084\nARRETE\nRELATIF A L'OUVERTURE ANTICIPEE DE LA CHASSE DES CERVIDES\nDANS LE DEPARTEMENT DE LA MANCHE\nSAISON 2025-2026\nLE PR\u00c9FET DE LA MANCHE\nChevalier de la L\u00e9gion d'Honneur\nChevalier de l'Ordre National du M\u00e9rite\nVu le code de l'environnement et notamment l'article R.424-8 modifi\u00e9 ;\nVu le Sch\u00e9ma D\u00e9partemental de Gestion Cyn\u00e9g\u00e9tique, approuv\u00e9 par arr\u00eat\u00e9 pr\u00e9fectoral du 20\nseptembre 2024 ;\nVu l'avis de la f\u00e9d\u00e9ration d\u00e9partementale des chasseurs ;\nVu l'avis de la commission d\u00e9partementale de la chasse et de la faune sauvage en date du  17\navril 2025 ;\nVu la consultation publique du 19 avril au 9 mai 2025  ;\nVu l'avis du directeur d\u00e9partemental des territoires et de la mer ;\nConsid\u00e9rant les  dommages  importants  susceptibles  d'\u00eatre  caus\u00e9s  par  les  cervid\u00e9s,\nnotamment  aux  milieux  forestiers  et  aux  activit\u00e9s  foresti\u00e8res,  ainsi  que  les  risques  de\ncollisions routi\u00e8res et ferroviaires ; \nConsid\u00e9rant que  le  chevreuil  est  commun\u00e9ment  r\u00e9pandu  sur  tout  le  territoire\nd\u00e9partemental ;\nConsid\u00e9rant qu'il n'existe pas de population sauvage de daim \u00e9tablie dans le d\u00e9partement ;\nConsid\u00e9rant qu'il convient d'\u00e9viter la pr\u00e9sence de daim en libert\u00e9 dans le d\u00e9partement afin\nde pr\u00e9venir son installation dans les milieux naturels ;\nConsid\u00e9rant que la chasse contribue \u00e0 l'\u00e9quilibre entre le gibier, les milieux et les activit\u00e9s\nhumaines en assurant un v\u00e9ritable \u00e9quilibre agro-sylvo-cyn\u00e9g\u00e9tique, et qu'elle constitue de ce\nfait un moyen de pr\u00e9venir ou contenir les dommages \u00e9voqu\u00e9s ci-dessus ;\nDirection d\u00e9partementale des territoires et de la mer\n477 Boulevard de la Doll\u00e9e \u2013 BP 60355 \u2013 50015 Saint-L\u00f4 Cedex \u2013 T\u00e9l : 02 33 06 39 00 \u2013 Fax : 02 33 06 39 09\nSite internet : www.manche.gouv.fr \u2013 Horaires d'ouverture au public : 09h00-12h00 / 13h30-16h30\nDirection d\u00e9partementale des territoires et de la mer - 50-2025-05-20-00005 - ARRETE N\u00b0 2025-DDTM-SE-084\nRELATIF A L'OUVERTURE ANTICIPEE DE LA CHASSE DES CERVIDES\nDANS LE DEPARTEMENT DE LA MANCHE\nSAISON 2025-2026\n32\nConsid\u00e9rant que  les  modalit\u00e9s  de  chasse  autoris\u00e9es  pendant  les  p\u00e9riodes  consid\u00e9r\u00e9es\npermettent de r\u00e9duire les perturbations pour les autres esp\u00e8ces ;\nSur proposition de la secr\u00e9taire g\u00e9n\u00e9rale de la Pr\u00e9fecture ;\nA R R \u00ca T E\nArticle 1 : La date d'ouverture anticip\u00e9e de la chasse du chevreuil est fix\u00e9e au 1er juin.\nJusqu'\u00e0 l'ouverture g\u00e9n\u00e9rale, seule la chasse du brocard est autoris\u00e9e.\nArticle 2 : Avant la date d'ouverture g\u00e9n\u00e9rale, le chevreuil (brocard) ne peut \u00eatre chass\u00e9 que\npar les d\u00e9tenteurs d'une autorisation pr\u00e9fectorale individuelle, dans les conditions suivantes :\nLe chevreuil ne peut \u00eatre chass\u00e9 qu'\u00e0 l'approche ou \u00e0 l'aff\u00fbt et sans chien,\nLe tir est effectu\u00e9 uniquement \u00e0 balle ou \u00e0 fl\u00e8che\nArticle 3  : La date d'ouverture anticip\u00e9e de la chasse du daim est fix\u00e9e au 1er juin. Avant la\ndate d'ouverture g\u00e9n\u00e9rale, cette esp\u00e8ce ne peut \u00eatre chass\u00e9e qu'\u00e0 l'approche ou \u00e0 l'aff\u00fbt.\nArticle  4 :  La  date  d'ouverture  anticip\u00e9e  de  la  chasse  du  cerf  \u00e9laphe  est  fix\u00e9e  au  1er\nseptembre.  Avant  la  date  d'ouverture  g\u00e9n\u00e9rale,  cette  esp\u00e8ce  ne  peut  \u00eatre  chass\u00e9e  qu'\u00e0\nl'approche ou \u00e0 l'aff\u00fbt.\nArticle 5 : Tout animal ou partie d'animal destin\u00e9 \u00e0 la naturalisation doit \u00eatre accompagn\u00e9 du\ndispositif de marquage ou de l'attestation jusqu'\u00e0 l'ach\u00e8vement de la naturalisation.\nArticle 6 : Le pr\u00e9sent arr\u00eat\u00e9 peut \u00eatre contest\u00e9 dans les deux mois qui suivent sa publication :\n- par recours gracieux aupr\u00e8s de l'auteur de l'acte, le silence gard\u00e9 par l'administration\npendant plus de deux mois sur la demande de recours gracieux emportant d\u00e9cision implicite\nde rejet,\n- par recours contentieux aupr\u00e8s du tribunal administratif de Caen, le d\u00e9lai de recours\ngracieux \u00e9tant interruptif du d\u00e9lai de recours contentieux. Le tribunal administratif peut \u00eatre\nsaisi par l'application informatique \u00ab  T\u00e9l\u00e9recours citoyens \u00bb accessible par le site internet\nwww.telerecours.fr\nArticle 7 : La secr\u00e9taire g\u00e9n\u00e9rale de la pr\u00e9fecture de la Manche, les sous-pr\u00e9fets d'Avranches,\nde Coutances et de Cherbourg,  le directeur d\u00e9partemental  des territoires et de la mer, le\ncommandant du groupement de gendarmerie d\u00e9partemental, le pr\u00e9sident de la f\u00e9d\u00e9ration\nd\u00e9partementale des chasseurs, le chef du service d\u00e9partemental de l'Office fran\u00e7ais de la\nbiodiversit\u00e9 et  les  maires  des  communes  concern\u00e9es,  sont  charg\u00e9s,  chacun en ce qui le\nconcerne, de l'ex\u00e9cution du pr\u00e9sent arr\u00eat\u00e9, qui sera publi\u00e9 au recueil des actes administratifs\nde la pr\u00e9fecture.\n\u00c0 Saint-L\u00f4, le 20 mai 2025\nSign\u00e9\nLe Pr\u00e9fet, Xavier BRUNETIERE\nDirection d\u00e9partementale des territoires et de la mer\n477 Boulevard de la Doll\u00e9e \u2013 BP 60355 \u2013 50015 Saint-L\u00f4 Cedex \u2013 T\u00e9l : 02 33 06 39 00 \u2013 Fax : 02 33 06 39 09\nSite internet : www.manche.gouv.fr \u2013 Horaires d'ouverture au public : 09h00-12h00 / 13h30-16h30\nDirection d\u00e9partementale des territoires et de la mer - 50-2025-05-20-00005 - ARRETE N\u00b0 2025-DDTM-SE-084\nRELATIF A L'OUVERTURE ANTICIPEE DE LA CHASSE DES CERVIDES\nDANS LE DEPARTEMENT DE LA MANCHE\nSAISON 2025-2026\n33\nDirection d\u00e9partementale des territoires et de la mer\n50-2025-05-20-00007\nARRETE N\u00b0 2025-DDTM\u00a0-\u00a0SE-081\nFIXANT POUR LES ESPECES DE GRAND GIBIER SOUMISES A\nPLAN DE CHASSE\nLE NOMBRE MINIMUM ET MAXIMUM D'ANIMAUX A PRELEVER\nDANS LE DEPARTEMENT DE LA MANCHE\nPOUR LA SAISON 2025-2026\nDirection d\u00e9partementale des territoires et de la mer - 50-2025-05-20-00007 - ARRETE N\u00b0 2025-DDTM\u00a0-\u00a0SE-081\nFIXANT POUR LES ESPECES DE GRAND GIBIER SOUMISES A PLAN DE CHASSE\nLE NOMBRE MINIMUM ET MAXIMUM D'ANIMAUX A PRELEVER\nDANS LE DEPARTEMENT DE LA MANCHE\nPOUR LA SAISON 2025-2026\n34\nzsPREFETDE LA MANCHELibert\u00e9Egalit\u00e9Fraternit\u00e9\nDirection\nd\u00e9partementale\ndes territoires et de la mer\nService Environnement\nUnit\u00e9 For\u00eat, Nature, Biodiversit\u00e9\nN\u00b0 2025-DDTM - SE-081\nARRETE\nFIXANT POUR LES ESPECES DE GRAND GIBIER SOUMISES A PLAN DE CHASSE\nLE NOMBRE MINIMUM ET MAXIMUM D'ANIMAUX A PRELEVER\nDANS LE DEPARTEMENT DE LA MANCHE\nPOUR LA SAISON 2025-2026\nLE PR\u00c9FET DE LA MANCHE\nChevalier de la L\u00e9gion d'Honneur\nChevalier de l'Ordre National du M\u00e9rite\nVu le code de l'environnement, notamment ses articles L.425-6 \u00e0 L.425-13 et R.425-1-1 \u00e0 R.425-13\nVu le sch\u00e9ma d\u00e9partemental de gestion cyn\u00e9g\u00e9tique, approuv\u00e9 par arr\u00eat\u00e9 pr\u00e9fectoral du 20\nseptembre 2024 ;\nVu l'avis du pr\u00e9sident de la f\u00e9d\u00e9ration d\u00e9partementale des chasseurs ;\nVu l'avis du directeur d\u00e9partemental des territoires et de la mer ;\nVu l'avis de la commission d\u00e9partementale de la chasse et de la faune sauvage en date du 17\navril 2025 ;\nVu la consultation du public du 19 avril au 09 mai 2025 ;\nConsid\u00e9rant que pour le chevreuil les nombres minimum et maximum de sp\u00e9cimens \u00e0 pr\u00e9lever\nsont de nature \u00e0 permettre une gestion durable de l'esp\u00e8ce, en pr\u00e9servant ses habitats et en\nconciliant les int\u00e9r\u00eats agricoles, sylvicoles et cyn\u00e9g\u00e9tiques,\nConsid\u00e9rant les indicateurs des tendances d'\u00e9volution des populations de chevreuil ainsi que les\nenjeux et sensibilit\u00e9s sylvicoles de chaque secteur coh\u00e9rent pour la gestion du chevreuil, afin de\npermettre une gestion  durable de l'esp\u00e8ce en conciliant  les  int\u00e9r\u00eats  agricoles,  sylvicoles  et\ncyn\u00e9g\u00e9tiques ;\nConsid\u00e9rant que pour le cerf \u00e9laphe, la partie du d\u00e9partement de la Manche situ\u00e9e en dehors\nde l'Unit\u00e9 de Gestion Interd\u00e9partementale Calvados-Manche Grands Cervid\u00e9s constitue \u00e0 lui\nseul un sous-ensemble coh\u00e9rent  o\u00f9  l'installation d'une population de cerf  \u00e9laphe n'est  pas\nsouhaitable pour pr\u00e9server l'\u00e9quilibre agro-sylvo-cyn\u00e9g\u00e9tique ;\nConsid\u00e9rant que le daim n'est pas une esp\u00e8ce locale, qu'il convient de ne pas permettre son\ninstallation \u00e0 l'\u00e9tat sauvage dans la Manche et que le d\u00e9partement  constitue un ensemble\ncoh\u00e9rent pour cette esp\u00e8ce ;\nDirection d\u00e9partementale des territoires et de la mer\n477 Boulevard de la Doll\u00e9e \u2013 BP 60355 \u2013 50015 Saint-L\u00f4 Cedex \u2013 T\u00e9l : 02 33 06 39 00 \u2013 Fax : 02 33 06 39 09\nSite internet : www.manche.gouv.fr \u2013 Horaires d'ouverture au public : 09h00-12h00 / 13h30-16h30\nDirection d\u00e9partementale des territoires et de la mer - 50-2025-05-20-00007 - ARRETE N\u00b0 2025-DDTM\u00a0-\u00a0SE-081\nFIXANT POUR LES ESPECES DE GRAND GIBIER SOUMISES A PLAN DE CHASSE\nLE NOMBRE MINIMUM ET MAXIMUM D'ANIMAUX A PRELEVER\nDANS LE DEPARTEMENT DE LA MANCHE\nPOUR LA SAISON 2025-2026\n35\nConsid\u00e9rant que les animaux concern\u00e9s par le pr\u00e9sent arr\u00eat\u00e9 peuvent \u00eatre \u00e0 l'origine de d\u00e9g\u00e2ts\nagricoles  et  sylvicoles  et  qu'il  est  indispensable  d'en  limiter  le  nombre  afin  de  pr\u00e9server\nl'\u00e9quilibre agro-sylvo-cyn\u00e9g\u00e9tique ;\nConsid\u00e9rant que ces animaux n'ont plus ou peu de pr\u00e9dateurs naturels et que la pratique de la\nchasse constitue le seul moyen de r\u00e9guler leur population ;\nSur proposition de la secr\u00e9taire g\u00e9n\u00e9rale de la Pr\u00e9fecture ;\nA R R \u00ca T E\nArticle 1 : CHEVREUIL\nDans le d\u00e9partement de la Manche, le nombre minimum et le nombre maximum de chevreuils \u00e0\npr\u00e9lever pour la saison 2025-2026 r\u00e9parti par sous-ensembles territorialement coh\u00e9rents pour la\ngestion de cette esp\u00e8ce est fix\u00e9 comme suit :\nSecteur cyn\u00e9g\u00e9tique Minimum Maximum\nA- LA HAGUE 335 418\nB- VAL DE SAIRE 727 909\nC- BOCAGE DU NORD COTENTIN 427 534\nD- COTE OUEST COTENTIN 445 556\nE- FORETS DE BRICQUEBEC ET ST SAUVEUR 495 619\nF- MARAIS DU COTENTIN 673 841\nG- PLAIN 213 266\nH- FORETS AUTOUR DE LITHAIRE 398 497\nI- LANDES DE LESSAY 248 310\nJ- BOCAGE COUTANCAIS 413 516\nK- RIVE DROITE DE LA VIRE 499 623\nL- BOCAGE ENTRE SIENNE ET SOULLES 393 491\nM- FORETS ET BOCAGE DU SUD ST LOIS 327 409\nN- PAYS DE GRANVILLE 858 1072\nO- AMONT DES 3 FLEUVES 398 497\nP- PAYS DU MONT ST MICHEL 245 307\nQ- VALLEES DE LA SEE ET SELUNE 564 705\nR- FORETS DE LA LANDE POURRIE 366 457\nTOTAL MANCHE 8022 10027\nArticle 2 :CERF ELAPHE\nUn plan de chasse triennal pour le cerf \u00e9laphe est mis en place pour la p\u00e9riode du 1 er juin 2025\nau 29 f\u00e9vrier 2028.\nDans le d\u00e9partement de la Manche, hors du territoire de la commune de Cerisy-la-For\u00eat et de la\npartie de la commune de B\u00e9rigny situ\u00e9e au Nord de la RD 972, des bracelets seront mis, par la\nF\u00e9d\u00e9ration des Chasseurs, \u00e0 la disposition des d\u00e9tenteurs de droit de chasse susceptibles de les\npr\u00e9lever.\nBracelets indiff\u00e9renci\u00e9s \u2013 Nombre ind\u00e9termin\u00e9 actuellement\nCes bracelets seront utilisables pendant toute la p\u00e9riode du plan de chasse triennal d\u00e9finie ci-\ndessus.\n   \nDirection d\u00e9partementale des territoires et de la mer\n477 Boulevard de la Doll\u00e9e \u2013 BP 60355 \u2013 50015 Saint-L\u00f4 Cedex \u2013 T\u00e9l : 02 33 06 39 00 \u2013 Fax : 02 33 06 39 09\nSite internet : www.manche.gouv.fr \u2013 Horaires d'ouverture au public : 09h00-12h00 / 13h30-16h30\nDirection d\u00e9partementale des territoires et de la mer - 50-2025-05-20-00007 - ARRETE N\u00b0 2025-DDTM\u00a0-\u00a0SE-081\nFIXANT POUR LES ESPECES DE GRAND GIBIER SOUMISES A PLAN DE CHASSE\nLE NOMBRE MINIMUM ET MAXIMUM D'ANIMAUX A PRELEVER\nDANS LE DEPARTEMENT DE LA MANCHE\nPOUR LA SAISON 2025-2026\n36\nArticle 3 : DAIM\nUn plan de chasse triennal pour le daim est mis en place pour la p\u00e9riode du 1 er juin 2025 au 29 \nf\u00e9vrier 2028. Des bracelets seront mis par la F\u00e9d\u00e9ration des Chasseurs \u00e0 la disposition des \nd\u00e9tenteurs de droit de chasse susceptibles de les pr\u00e9lever.\nBracelets indiff\u00e9renci\u00e9s \u2013 Nombre ind\u00e9termin\u00e9 actuellement\nCes bracelets seront utilisables pendant toute la p\u00e9riode du plan de chasse triennal d\u00e9finie ci-\ndessus.\nArticle 4     : Tout animal ou partie d'animal destin\u00e9 \u00e0 la naturalisation doit \u00eatre accompagn\u00e9 du\ndispositif de marquage ou de l'attestation jusqu'\u00e0 l'ach\u00e8vement de la naturalisation\nArticle 5 : Le pr\u00e9sent arr\u00eat\u00e9 peut \u00eatre contest\u00e9 dans les deux mois qui suivent sa publication :\n- par recours gracieux aupr\u00e8s de l'auteur de l'acte, le silence gard\u00e9 par l'administration\npendant plus de deux mois sur la demande de recours gracieux emportant d\u00e9cision implicite de\nrejet,\n- par recours contentieux aupr\u00e8s du tribunal administratif de Caen, le d\u00e9lai de recours \ngracieux \u00e9tant interruptif du d\u00e9lai de recours contentieux. Le tribunal administratif peut \u00eatre \nsaisi par l'application informatique \u00ab T\u00e9l\u00e9recours citoyens \u00bb accessible par le site internet \nwww.telerecours.fr\nArticle 6  : La secr\u00e9taire g\u00e9n\u00e9rale de la pr\u00e9fecture, le directeur d\u00e9partemental des territoires et\nde la mer, le pr\u00e9sident de la f\u00e9d\u00e9ration d\u00e9partementale des chasseurs sont charg\u00e9s, chacun en\nce  qui  le  concerne,  de  l'ex\u00e9cution  du  pr\u00e9sent  arr\u00eat\u00e9,  qui  sera  publi\u00e9  au  recueil  des  actes\nadministratifs de la pr\u00e9fecture.\n\u00c0 Saint-L\u00f4, le 20 mai 2025\nSign\u00e9\nLe Pr\u00e9fet, Xavier BRUNETIERE\nDirection d\u00e9partementale des territoires et de la mer\n477 Boulevard de la Doll\u00e9e \u2013 BP 60355 \u2013 50015 Saint-L\u00f4 Cedex \u2013 T\u00e9l : 02 33 06 39 00 \u2013 Fax : 02 33 06 39 09\nSite internet : www.manche.gouv.fr \u2013 Horaires d'ouverture au public : 09h00-12h00 / 13h30-16h30\nDirection d\u00e9partementale des territoires et de la mer - 50-2025-05-20-00007 - ARRETE N\u00b0 2025-DDTM\u00a0-\u00a0SE-081\nFIXANT POUR LES ESPECES DE GRAND GIBIER SOUMISES A PLAN DE CHASSE\nLE NOMBRE MINIMUM ET MAXIMUM D'ANIMAUX A PRELEVER\nDANS LE DEPARTEMENT DE LA MANCHE\nPOUR LA SAISON 2025-2026\n37\nDirection d\u00e9partementale des territoires et de la mer\n50-2025-05-20-00006\nARRETE N\u00b0 2025-DDTM\u00a0-\u00a0SE-082\nRELATIF A L'OUVERTURE ANTICIPEE\nDE LA CHASSE DU SANGLIER EN 2025\nDANS LE DEPARTEMENT DE LA MANCHE\nDirection d\u00e9partementale des territoires et de la mer - 50-2025-05-20-00006 - ARRETE N\u00b0 2025-DDTM\u00a0-\u00a0SE-082\nRELATIF A L'OUVERTURE ANTICIPEE\nDE LA CHASSE DU SANGLIER EN 2025\nDANS LE DEPARTEMENT DE LA MANCHE\n38\nzsPREFETDE LA MANCHELibert\u00e9Egalit\u00e9Fraternit\u00e9\nDirection\nd\u00e9partementale\ndes territoires et de la mer\nService Environnement\nUnit\u00e9 For\u00eat, Nature, Biodiversit\u00e9\nN\u00b0 2025-DDTM - SE-082\nARRETE\nRELATIF A L'OUVERTURE ANTICIPEE\nDE LA CHASSE DU SANGLIER EN 2025\nDANS LE DEPARTEMENT DE LA MANCHE\nLE PR\u00c9FET DE LA MANCHE\nChevalier de la L\u00e9gion d'Honneur\nChevalier de l'Ordre National du M\u00e9rite\nVu le code de l'environnement et notamment l'article R.424-8 modifi\u00e9 ;\nVu le Sch\u00e9ma D\u00e9partemental de Gestion Cyn\u00e9g\u00e9tique, approuv\u00e9 par arr\u00eat\u00e9 pr\u00e9fectoral du 20\nseptembre 2024 ;\nVu l'avis de la f\u00e9d\u00e9ration d\u00e9partementale des chasseurs ;\nVu l'avis du directeur d\u00e9partemental des territoires et de la mer ;\nVu l'avis de la commission d\u00e9partementale de la chasse et de la faune sauvage en date du 17\navril 2025 ;\nVu la consultation du public du 19 avril au 09 mai 2025 ;\nCONSIDERANT que  le  sanglier  est  commun\u00e9ment  r\u00e9pandu  sur  tout  le  territoire\nd\u00e9partemental ;\nCONSIDERANT les dommages importants caus\u00e9s par les sangliers, notamment aux activit\u00e9s\nagricoles ;\nCONSIDERANT que la chasse contribue \u00e0 l'\u00e9quilibre entre le gibier, les milieux et les activit\u00e9s\nhumaines en assurant un v\u00e9ritable \u00e9quilibre agro-sylvo-cyn\u00e9g\u00e9tique, et qu'elle constitue de ce\nfait un moyen de pr\u00e9venir ou contenir les dommages \u00e9voqu\u00e9s ci-dessus ;\nCONSIDERANT que  les  modalit\u00e9s  de  chasse  autoris\u00e9es  pendant  les  p\u00e9riodes  consid\u00e9r\u00e9es\npermettent de r\u00e9duire les perturbations pour les autres esp\u00e8ces ;\nSur proposition de la secr\u00e9taire g\u00e9n\u00e9rale de la Pr\u00e9fecture ;\nDirection d\u00e9partementale des territoires et de la mer\n477 Boulevard de la Doll\u00e9e \u2013 BP 60355 \u2013 50015 Saint-L\u00f4 Cedex \u2013 T\u00e9l : 02 33 06 39 00 \u2013 Fax : 02 33 06 39 09\nSite internet : www.manche.gouv.fr \u2013 Horaires d'ouverture au public : 09h00-12h00 / 13h30-16h30\nDirection d\u00e9partementale des territoires et de la mer - 50-2025-05-20-00006 - ARRETE N\u00b0 2025-DDTM\u00a0-\u00a0SE-082\nRELATIF A L'OUVERTURE ANTICIPEE\nDE LA CHASSE DU SANGLIER EN 2025\nDANS LE DEPARTEMENT DE LA MANCHE\n39\nA R R \u00ca T E\nArticle 1  : Du 1er juin au 14 ao\u00fbt 2025 inclus , la chasse du sanglier ne peut \u00eatre pratiqu\u00e9e qu'\u00e0\nl'aff\u00fbt ou \u00e0 l'approche, sans chien, apr\u00e8s autorisation pr\u00e9fectorale d\u00e9livr\u00e9e au d\u00e9tenteur du\ndroit de chasse.\nLa demande d'autorisation doit \u00eatre effectu\u00e9e sur imprim\u00e9 sp\u00e9cifique .\nLe demandeur devra fournir la liste nominative des chasseurs qui pourront b\u00e9n\u00e9ficier de \nl'autorisation sur son territoire ; il n'est pas autoris\u00e9 plus de deux chasseurs simultan\u00e9ment en \naction de chasse sur un m\u00eame territoire.\nLe b\u00e9n\u00e9ficiaire de l'autorisation adresse \u00e0 la DDTM (direction d\u00e9partementale des territoires et \nde la mer service environnement), avant le 15 septembre de la m\u00eame ann\u00e9e, le bilan des \neffectifs pr\u00e9lev\u00e9s.\nArticle 2  :  Pendant la p\u00e9riode  du 15 ao\u00fbt 2025 jusqu'\u00e0 l'ouverture g\u00e9n\u00e9rale de la chasse , la\nchasse du sanglier ne peut \u00eatre pratiqu\u00e9e qu'en battue, uniquement dans les cultures agricoles.\nCes battues associeront au minimum 15 fusils et au maximum 40. Le responsable avisera, au\nminimum 4 heures avant le d\u00e9but des op\u00e9rations, le service d\u00e9partemental de l'Office fran\u00e7ais\nde la biodiversit\u00e9 par messagerie \u00e9lectronique \u00e0 l'adresse sd50@ofb.gouv.fr et \u00e0 la f\u00e9d\u00e9ration\nd\u00e9partementale  des  chasseurs  au  02.33.72.63.63 ou  \u00e0  l'adresse\nveronique.piedagnel@fdc50.com ; il pr\u00e9cisera le lieu et la date de la chasse, l'heure de d\u00e9but\npr\u00e9vue et le nombre de chasseurs.\nUn compte rendu des op\u00e9rations sera obligatoirement transmis pr\u00e9cisant le r\u00e9sultat dans un\nd\u00e9lai maximal de 8 jours \u00e0 la DDTM (direction d\u00e9partementale des territoires et de la mer\nservice  environnement),  par  courrier  ou  messagerie  \u00e9lectronique  \u00e0  l'adresse  ddtm-se-\nfnb@manche.gouv.fr, ainsi qu'\u00e0 la f\u00e9d\u00e9ration d\u00e9partementale des chasseurs.\nArticle 3     : Le port d'un gilet ou d'une veste orange fluorescent est obligatoire pour les actions\nde chasse en battues, et pour toute autre action de chasse \u00e0 tir \u00e0 balles \u00e0 proximit\u00e9 de ces\nbattues.\nArticle 4 : Le pr\u00e9sent arr\u00eat\u00e9 peut \u00eatre contest\u00e9 dans les deux mois qui suivent sa publication :\n- par recours gracieux aupr\u00e8s de l'auteur de l'acte, le silence gard\u00e9 par l'administration\npendant plus de deux mois sur la demande de recours gracieux emportant d\u00e9cision implicite\nde rejet,\n- par recours contentieux aupr\u00e8s du tribunal administratif de Caen, le d\u00e9lai de recours \ngracieux \u00e9tant interruptif du d\u00e9lai de recours contentieux. Le tribunal administratif peut \u00eatre \nsaisi par l'application informatique \u00ab T\u00e9l\u00e9recours citoyens \u00bb accessible par le site internet \nwww.telerecours.fr\nArticle 5 : La secr\u00e9taire g\u00e9n\u00e9rale de la pr\u00e9fecture, les sous-pr\u00e9fets d'Avranches, de Coutances et\nde Cherbourg, le  directeur  d\u00e9partemental des territoires et  de la mer, le commandant  du\ngroupement de gendarmerie, le pr\u00e9sident de la f\u00e9d\u00e9ration d\u00e9partementale des chasseurs, le\nchef du service d\u00e9partemental de l'Office fran\u00e7ais de la biodiversit\u00e9, les maires des communes\nconcern\u00e9es, sont charg\u00e9s, chacun en ce qui le concerne, de l'ex\u00e9cution du pr\u00e9sent arr\u00eat\u00e9 qui\nsera publi\u00e9 au recueil des actes administratifs de la pr\u00e9fecture.\n\u00c0 Saint-L\u00f4, le 20 mai 2025\nSign\u00e9\nLe Pr\u00e9fet, Xavier BRUNETIERE\nDirection d\u00e9partementale des territoires et de la mer\n477 Boulevard de la Doll\u00e9e \u2013 BP 60355 \u2013 50015 Saint-L\u00f4 Cedex \u2013 T\u00e9l : 02 33 06 39 00 \u2013 Fax : 02 33 06 39 09\nSite internet : www.manche.gouv.fr \u2013 Horaires d'ouverture au public : 09h00-12h00 / 13h30-16h30\nDirection d\u00e9partementale des territoires et de la mer - 50-2025-05-20-00006 - ARRETE N\u00b0 2025-DDTM\u00a0-\u00a0SE-082\nRELATIF A L'OUVERTURE ANTICIPEE\nDE LA CHASSE DU SANGLIER EN 2025\nDANS LE DEPARTEMENT DE LA MANCHE\n40\nDirection des services d\u00e9partementaux de l'\u00e9ducation\nnationale\n50-2025-05-14-00002\n10   subd\u00e9l\u00e9gation ordonnancement secondaire\nDirection des services d\u00e9partementaux de l'\u00e9ducation nationale - 50-2025-05-14-00002 - 10   subd\u00e9l\u00e9gation ordonnancement\nsecondaire 41\nEsACADEMIEDE NORMANDIELibert\u00e9Egalit\u00e9Fraternit\u00e9\nDirection des services d\u00e9partementauxde l'\u00e9ducation nationalede la Manche\n \n \nARRETE du 14 mai 2025 portant subd\u00e9l\u00e9gation de signature de monsieur St\u00e9phane VAUTIER, inspecteur d'acad\u00e9mie, \ndirecteur acad\u00e9mique des services de l'Education nationale de la Manche , en mati\u00e8re d'ordonnancement secondaire \ndes recettes et d\u00e9penses imput\u00e9es aux titres 2, 3, 5 et 6 du budget de l'Etat \n \nL'inspecteur d'acad\u00e9mie, directeur acad\u00e9mique des services de l'Education nationale de la \nManche, \n \nVU  la loi organique n\u00b0 2001-692 du 1er ao\u00fbt 2001 relative aux lois de finances \n \nVU la loi n\u00b0 82-213 du 2 mars 1982 relative aux droits et libert\u00e9s des communes, des d\u00e9partements et des r\u00e9gions \nmodifi\u00e9e, notamment son article 4 \n \nVU  le d\u00e9cret n\u00b0 2004-374 du 29 avril 2004 modifi\u00e9 relatif aux pouvoirs des pr\u00e9fets, \u00e0 l'organisation et \u00e0 l'action des \nservices de l'Etat dans les r\u00e9gions et d\u00e9partements \n \nVU l'arr\u00eat\u00e9 minist\u00e9riel du 3 juillet 2009 portant r\u00e8glement de comptabilit\u00e9 pour la d\u00e9signation des ordonnateurs \nsecondaires et de leurs d\u00e9l\u00e9gu\u00e9s en ce qui concerne le minist\u00e8re de l'\u00e9ducation nationale , qui abroge et \nremplace l'arr\u00eat\u00e9 du 07 janvier 2003 \n \nVU l'arr\u00eat\u00e9 du 30 juillet 2013 relatif au service interd\u00e9partemental des bourses (SIB) cr\u00e9\u00e9 pour l'ensemble du \nterritoire de l'acad\u00e9mie de Normandie, p\u00e9rim\u00e8tre de Caen aupr\u00e8s de la direction des services d\u00e9partementaux \nde l'\u00e9ducation nationale de la Manche \n \nVU   le d\u00e9cret du 28 octobre 2022, portant d\u00e9signation de monsieur St\u00e9phane VAUTIER directeur acad\u00e9mique des \nservices de l'\u00e9ducation nationale de la Manche \nVU   les arr\u00eat\u00e9s rectoraux en date du 01 avril 2025 portant d\u00e9l\u00e9gation de signature \u00e0 monsieur St\u00e9phane VAUTIER \nVU  l'arr\u00eat\u00e9 pr\u00e9fectoral n\u00b0 2023-44-VN d u 21 ao\u00fbt 2023 portant d\u00e9l\u00e9gati on de signature \u00e0 monsieur St\u00e9phane \nVAUTIER, inspecteur d'acad\u00e9mie, directeur acad\u00e9mique des services de l'Education nationale de la Manche , \npour l'ordonnancement secondaire des recettes et des d\u00e9penses imput\u00e9es aux titres 2, 3, 5 et 6 du budget de \nl'Etat \n \n \nARRETE \nArticle premier  \n en cas d'absence ou d'emp\u00each ement de monsieur St\u00e9phane VAUTIER , inspecteur d'acad\u00e9mie, directeur \nacad\u00e9mique des services de l'Education nationale de la Manche , la d\u00e9l\u00e9gation de signature (engagements, \nliquidations et mandatements des d\u00e9penses) qui lui est conf\u00e9r\u00e9e en mati\u00e8re d'ordonnancement secondaire des \nrecettes et des d\u00e9penses de l'Etat imput\u00e9es sur les titres 2, 3, 5 et 6 des BOP pour lesquels elle est responsable \nd'unit\u00e9 op\u00e9rationnelle : \n \n- enseignement scolaire public 1er et 2nd degr\u00e9s \n- vie de l'\u00e9l\u00e8ve, dont l'action intitul\u00e9e \u00ab action sociale (bourses) en faveur des \u00e9l\u00e8ves pour les d\u00e9partements \nde la Manche, du Calvados et de l'Orne \u00bb \n- soutien de la politique de l'\u00e9ducation nationale \n- enseignement scolaire priv\u00e9 1er et 2nd degr\u00e9s, dont l'action intitul\u00e9e \u00ab action sociale (bourses) en faveur des \n\u00e9l\u00e8ves pour les d\u00e9partements du Calvados, de la Manche et de l'Orne \u00bb \n \nDirection des services d\u00e9partementaux de l'\u00e9ducation nationale - 50-2025-05-14-00002 - 10   subd\u00e9l\u00e9gation ordonnancement\nsecondaire 42\nest subd\u00e9l\u00e9gu\u00e9e aux agents suivants dans la limite de leurs comp\u00e9tences \u00e0 : \n \n- Madame Estelle Le Goff , attach\u00e9e principale  d'administration de l'Etat , responsable du service \ninterd\u00e9partemental des bourses (SIB) \n- Madame Marie Lecoeur, secr\u00e9taire d'administration de l'Education nationale et de l'enseignement sup\u00e9rieur , \nadjointe \u00e0 la responsable du SIB \n- Monsieur Alexandre Marie, attach\u00e9 principal d'administration de l'Etat, responsable de la division des affaires \ng\u00e9n\u00e9rales et financi\u00e8res (DAGEF) \n- Madame Nathalie Massilian, secr\u00e9taire d'administration de l'Education nationale et de l'enseignement \nsup\u00e9rieur, adjointe au responsable de la DAGEF \n- Monsieur Guillaume OURSIN , Attach\u00e9  principal d'Administration de  l'Etat, responsable par int\u00e9rim de la \ndivision de l'enseignement scolaire (DESCO) \n- Monsieur Benjamin Cl\u00e9ment, attach\u00e9 d'administration de l'Etat, responsable du service des ressources \nhumaines (SRH) \n- Madame Clotilde Martinet, attach\u00e9e d'administration de l'Etat, adjointe au responsable du SRH  \n \nArticle 2 \n \n la signature du fonctionnaire d\u00e9l\u00e9gataire et sa qualit\u00e9 devront \u00eatre pr\u00e9c\u00e9d\u00e9es de la mention suivante : \n \nPour le Pr\u00e9fet du d\u00e9partement de la Manche, \nPour le directeur acad\u00e9mique des services de l'Education nationale de la Manche \net par subd\u00e9l\u00e9gation, \n \n \nPr\u00e9nom \u2013 NOM \nResponsable ou adjoint au responsable  \ndu service \u00ab \u2026\u2026 \u00bb \n \nArticle 3 \n cet arr\u00eat\u00e9 annule et remplace celui du 13 mai 2024. \n \nArticle 4 \n \n la secr\u00e9taire g\u00e9n\u00e9rale de la direction des services d\u00e9partementaux de l'Education nationale de la Manche est \ncharg\u00e9e de l'ex\u00e9cution du pr\u00e9sent arr\u00eat\u00e9 qui sera publi\u00e9 au recueil des actes administratifs de la pr\u00e9fecture de \nla Manche. \n \n \nSAINT-LO, le 14 mai 2025 \n \n \n \n \nSign\u00e9 : St\u00e9phane VAUTIER \nDirection des services d\u00e9partementaux de l'\u00e9ducation nationale - 50-2025-05-14-00002 - 10   subd\u00e9l\u00e9gation ordonnancement\nsecondaire 43\nDirection des services d\u00e9partementaux de l'\u00e9ducation\nnationale\n50-2025-05-14-00003\n12 - arr\u00eat\u00e9 d\u00e9l\u00e9gation g\u00e9n\u00e9rale SG - Mme COCOUAL\nDirection des services d\u00e9partementaux de l'\u00e9ducation nationale - 50-2025-05-14-00003 - 12 - arr\u00eat\u00e9 d\u00e9l\u00e9gation g\u00e9n\u00e9rale SG - Mme\nCOCOUAL 44\nEsACADEMIEDE NORMANDIELibert\u00e9Egalit\u00e9Fraternit\u00e9\nDirection des services d\u00e9partementauxde l'\u00e9ducation nationalede la Manche\n \n \n \n \nARRETE portant d\u00e9l\u00e9gation de signature de  monsieur St\u00e9phane VAUTIER, inspecteur d'acad\u00e9mie, directeur \nacad\u00e9mique des services de l'\u00e9ducation nationale de la Manche  \u00e0 Madame Isabelle COCOUAL , secr\u00e9taire \ng\u00e9n\u00e9rale de la direction des services d\u00e9partementaux de l'Education nationale de la Manche \n \n \nLe directeur acad\u00e9mique des services de l'\u00e9ducation nationale de la Manche \n \n \nVU l'arr\u00eat\u00e9 du 03 juillet 2009 portant r\u00e8glement de comptabilit\u00e9 pour la d\u00e9signation des ordonnateurs \nsecondaires et de leurs d\u00e9l\u00e9gu\u00e9s en ce qui concerne le minist\u00e8re de l'Education Nationale  \n \nVU le d\u00e9cret du 28 octobre 2022 , portant d\u00e9signation de monsieur St\u00e9phane VAUTIER  directeur \nacad\u00e9mique des services de l'\u00e9ducation nationale de la Manche \n \nVU  les arr\u00eat\u00e9s rectoraux en date du 01 avril 2025 portant d\u00e9l\u00e9gation de signature \u00e0 monsieur St\u00e9phane \nVAUTIER \n \nVU  les arr\u00eat\u00e9s pr\u00e9fectoraux n\u00b0 2025-14-VN du 25 avril 2025 et 2023-44-VN du 21 ao\u00fbt 2023 portant \nd\u00e9l\u00e9gation de signature \u00e0 monsieur St\u00e9phane VAUTIER, directeur acad\u00e9mique des services de \nl'\u00e9ducation nationale de la Manche \n \nVU  l'arr\u00eat\u00e9 minist\u00e9riel en date du 22 f\u00e9vrier 2021  nommant M adame Isabelle COCOUAL , secr\u00e9taire \ng\u00e9n\u00e9rale de la direction des services de l'Education nationale de la Manche \n \n \nARRETE \n \n \nArticle 1er  : d\u00e9l\u00e9gation permanente de signature est donn\u00e9e \u00e0 Madame Isabelle COCOUAL , secr\u00e9taire \ng\u00e9n\u00e9rale, \u00e0 l'effet de signer tous actes, arr\u00eat\u00e9s et d\u00e9cisions dans la limite de ses attributions et \ncomp\u00e9tences. \n \nArticle 2 : les documents seront sign\u00e9s dans la forme : \n \nPour le directeur acad\u00e9mique des services de l'Education nationale de la Manche \net par d\u00e9l\u00e9gation, \nla secr\u00e9taire g\u00e9n\u00e9rale \n \n \nIsabelle COCOUAL \n \nArticle 3 : la secr\u00e9taire g\u00e9n\u00e9rale de la direction des services d\u00e9partementaux de l'Education nationale de la \nManche est charg\u00e9e de l'ex\u00e9cution du pr\u00e9sent arr\u00eat\u00e9 qui annule et remplace celui du 13 mai 2024  et qui \nsera publi\u00e9 au recueil des actes administratifs de la pr\u00e9fecture de la Manche. \n \n \nSAINT-LO, le 14 mai 2025 \n \n \n \nSign\u00e9 : St\u00e9phane VAUTIER \n \nDirection des services d\u00e9partementaux de l'\u00e9ducation nationale - 50-2025-05-14-00003 - 12 - arr\u00eat\u00e9 d\u00e9l\u00e9gation g\u00e9n\u00e9rale SG - Mme\nCOCOUAL 45\nDirection des services d\u00e9partementaux de l'\u00e9ducation\nnationale\n50-2025-05-13-00003\n3- SubD\u00e9l\u00e9gation js Rectrice- DASEN VAUTIER\nDirection des services d\u00e9partementaux de l'\u00e9ducation nationale - 50-2025-05-13-00003 - 3- SubD\u00e9l\u00e9gation js Rectrice- DASEN\nVAUTIER 46\nACADEMIEDE NORMANDIELibert\u00e9Egalit\u00e9Fraternit\u00e9\nArr\u00eat\u00e9 portant subd\u00e9l\u00e9gation de signature en mati\u00e8re administrativeA M. St\u00e9phane VAUTIER, directeur acad\u00e9mique des services de l'\u00e9ducation nationalede la Manche,LA RECTRICE DE LA REGION ACADEMIQUE NORMANDIERECTRICE DE NORMANDIE,CHANCELIERE DES UNIVERSITESVU le code du sport ;VU le code du service national;~ VU la loi n\u00b0 82-213 du 2 mars 1982 modifi\u00e9e relative aux droits et libert\u00e9s des communes, desd\u00e9partements et des r\u00e9gions ;VU le d\u00e9cret 69-942 relatif aux caract\u00e9ristiques et aux modalit\u00e9s d'attribution de la m\u00e9daillede la jeunesse, des sports et de l'engagement associatif ;VU le d\u00e9cret n\u00b0 2004-374 du 29 avril 2004 modifi\u00e9 relatif aux pouvoirs des pr\u00e9fets, al'organisation et \u00e0 l'action des services de l'\u00c9tat dans les r\u00e9gions et d\u00e9partements ;VU le d\u00e9cret n\u00b0 2015-510 du 7 mai 2015 portant charte de la d\u00e9concentration ;VU le d\u00e9cret 2017-930 du 9 mai 2017 relatif \u00e0 la r\u00e9serve civique ;VU le d\u00e9cret 2020-1542 du 9 d\u00e9cembre 2020 relatif aux comp\u00e9tences des autorit\u00e9sacad\u00e9miques dans le domaine des politiques de la jeunesse, de l'\u00e9ducation populaire, de lavie associative, de l'engagement civique et des sports et \u00e0 l'organisation des services charg\u00e9sde leur mise en oeuvre et notamment son article 8 ;VU le d\u00e9cret du 12 mars 2025 portant nomination de la rectrice de la r\u00e9gion acad\u00e9miqueNormandie, rectrice de l'acad\u00e9mie de Normandie - Madame Val\u00e9rie CABUIL;MU le d\u00e9cret du 13 juillet 2023 portant nomination de M. Xavier BRUNETIERE, pr\u00e9fet de laManche ;VU le d\u00e9cret du 28 octobre 2022 portant nomination de M. St\u00e9phane VAUTIER directeuracad\u00e9mique des services de l'\u00e9ducation nationale de la MancheVU l'arr\u00eat\u00e9 du 18 d\u00e9cembre 2020 portant organisation de la d\u00e9l\u00e9gation r\u00e9gionale acad\u00e9mique\u00e0 la jeunesse, \u00e0 l'engagement et aux sports et des services d\u00e9partementaux de la jeunesse, del'engagement et des sports de la r\u00e9gion acad\u00e9mique Normandie ;VU le protocole national du 15 d\u00e9cembre 2020 entre le minist\u00e8re de l'int\u00e9rieur et le minist\u00e8rede l'\u00e9ducation nationale, de la jeunesse et des sports relatif \u00e0 l'articulation des comp\u00e9tencesentre les pr\u00e9fets et les recteurs pour la mise en \u0153uvre, dans les r\u00e9gions et les d\u00e9partements,13\nDirection des services d\u00e9partementaux de l'\u00e9ducation nationale - 50-2025-05-13-00003 - 3- SubD\u00e9l\u00e9gation js Rectrice- DASEN\nVAUTIER 47\ndes missions de l'\u00c9tat dans les champs des sports, de la jeunesse, de l'\u00e9ducation populaire, del'engagement civique et de la vie associative ;\nVU le protocole d\u00e9partemental du 31 d\u00e9cembre 2020 entre la pr\u00e9fecture de la Manche et lerectorat de la r\u00e9gion acad\u00e9mique de Normandie relatif \u00e0 l'articulation des comp\u00e9tences entrele pr\u00e9fet et la rectrice pour la mise en \u0153uvre, dans la Manche, des missions de l'\u00c9tat dans leschamps des sports, de [a jeunesse, de l'\u00e9ducation populaire, de l'engagement civique et de lavie associative ; |VU l'arr\u00eat\u00e9 n\u00b0 2025-08 - VN du 7 avril 2025 donnant d\u00e9l\u00e9gation de signature \u00e0 Mme Val\u00e9rieCABUIL, Rectrice de la r\u00e9gion acad\u00e9mique Normandie, Rectrice de l'acad\u00e9mie de Normandie\nARRETEArticle 1\u00b0:D\u00e9l\u00e9gation de signature est donn\u00e9e \u00e0 M. St\u00e9phane VAUTIER directeur, acad\u00e9mique desservices de l'\u00e9ducation nationale, directeur des services d\u00e9partementaux de l'\u00e9ducationnationale de la Manche, dans le cadre des missions du service d\u00e9partemental \u00e0 la jeunesse, \u00e0l'engagement et aux sports, plac\u00e9 sous l'autorit\u00e9 hi\u00e9rarchique du directeur acad\u00e9mique desservices de l'\u00e9ducation nationale de la Manche, pour les actes et d\u00e9cisions suivants relatifsaux comp\u00e9tences relevant de l'autorit\u00e9 fonctionnelle du pr\u00e9fet de d\u00e9partement enapplication des dispositions de l'article 8 du d\u00e9cret n\u00b0 2020-1542 du 9 d\u00e9cembre 2020SUSVIS\u00c9 :\n- accueil collectif de mineurs et personnes encadrant des mineurs conform\u00e9ment auxarticles L227-9 \u00e0 L227-11 du code de l'action sociale et des familles ; |- Les \u00e9tablissements d'activit\u00e9s physiques et sportives et des \u00e9ducateurs sportifsconform\u00e9ment \u00e0 l'article L111-3, L212-13 et L322-5 du code du sport;- La vie associative en application de la circulaire PM n\u00b05811-SG du 29 septembre 2015, leconseil aux associations ;- La gestion des d\u00e9clarations pour l'accueil collectif des mineurs (ACM) conform\u00e9ment \u00e0l'article L227-5 du code de l'action sociale et des familles et L2324-1 alin\u00e9a 3 du codede la sant\u00e9 publique, la qualit\u00e9 \u00e9ducative dans les ACM et la s\u00e9curit\u00e9 physique etmorale des mineurs, \u00e0 l'exception des mesures contraignantes de la mise en demeurejusqu'\u00e0 fermeture ou encore les d\u00e9cisions de suspension ou d'interdiction de fonction ;- La promotion, le d\u00e9veloppement et la coordination du service civique conform\u00e9ment\u00e0 l'article L120-2 et | de l'article R120-9 du code du service national ;- La gestion de la r\u00e9serve civique conform\u00e9ment au d\u00e9cret 2017-930 du 9 mai 2017 relatif\u00e0 la r\u00e9serve civique ;- La d\u00e9livrance des cartes professionnelles d'\u00e9ducateur sportif conform\u00e9ment aux.articles R212-85 \u00e0 R212-87 du code du sport ;- L'\u00e9tablissement et la libre prestation de service des \u00e9ducateurs sportifscommunautaires conform\u00e9ment aux articles R212-88 \u00e0 R212-94-3 du code du sport ;- Liagr\u00e9ment des associations sportives non affili\u00e9es \u00e0 une f\u00e9d\u00e9ration sportive et leretrait d'agr\u00e9ment conform\u00e9ment aux articles R121-1 \u00e0 R121-6 du code du sport ;- L'agr\u00e9ment des associations de lutte contre les violences sportives et le retraitd'agr\u00e9ment conform\u00e9ment aux articles D224-9 \u00e0 D224-13 du code du sport ;- Aux m\u00e9dailles de la jeunesse, des sports et de l'engagement associatif conform\u00e9mentau d\u00e9cret 69-942 du 14 octobre 1969 modifi\u00e9 ;\u00e0 l'exception des mesures de police administrative.2/3\nDirection des services d\u00e9partementaux de l'\u00e9ducation nationale - 50-2025-05-13-00003 - 3- SubD\u00e9l\u00e9gation js Rectrice- DASEN\nVAUTIER 48\nArticle 2:En application de l'article 44 du d\u00e9cret n\u00b0 2004-374 du 29 avril 2004 modifi\u00e9, M. St\u00e9phaneVAUTIER peut subd\u00e9l\u00e9guer la d\u00e9l\u00e9gation de signature aux agents plac\u00e9s sous son autorit\u00e9.Cet arr\u00eat\u00e9 ou cette d\u00e9cision doit faire l'objet d'une publication au recueil des actesadministratifs de la pr\u00e9fecture de la Manche et d'une transmission au pr\u00e9fet de la Manche.Article 3 :Toute disposition ant\u00e9rieure est abrog\u00e9e.Article 4 :Le directeur acad\u00e9mique des services de l'\u00e9ducation nationale de la Manche est charg\u00e9, del'ex\u00e9cution du pr\u00e9sent arr\u00eat\u00e9 qui sera publi\u00e9 aux recueils des actes administratifs de l'\u00c9tat dud\u00e9partement de la Manche et de la r\u00e9gion Normandie.\nCaen, le 13 MAI 2025\n_/ \\Val\u00e9rie CABUIL\n3/3\nDirection des services d\u00e9partementaux de l'\u00e9ducation nationale - 50-2025-05-13-00003 - 3- SubD\u00e9l\u00e9gation js Rectrice- DASEN\nVAUTIER 49\nDirection des services d\u00e9partementaux de l'\u00e9ducation\nnationale\n50-2025-05-20-00001\n6   d\u00e9l\u00e9gation DASEN au chef SDJES\nDirection des services d\u00e9partementaux de l'\u00e9ducation nationale - 50-2025-05-20-00001 - 6   d\u00e9l\u00e9gation DASEN au chef SDJES 50\nACADE MIE Direction des services d\u00e9partementauxde l'\u00e9ducation nationaleDE NORMAN DIE de la MancheLibert\u00e9Egalit\u00e9Fraternit\u00e9\nARRETE portant d\u00e9l\u00e9gation de signature de monsieur St\u00e9phane VAUTIER, inspecteurd'acad\u00e9mie, directeur acad\u00e9mique des services de l'Education nationale de la Manche, \u00e0Monsieur Jean-Philippe CHAPELLE, conseiller du directeur acad\u00e9mique, inspecteur jeunesse etsport, chef du SDJES et Monsieur Michel NUNG, inspecteur de la Jeunesse et des sports, adjointau chef du SDJES 50L'inspecteur d'acad\u00e9mie, directeur acad\u00e9mique des services de l'Educationnationale de la MancheVU Le Code de l'Education et notamment son article D222-20 ;VU l'arr\u00eat\u00e9 du 03 juillet 2009 portant r\u00e8glement de comptabilit\u00e9 pour la d\u00e9signation desordonnateurs secondaires et de leurs d\u00e9l\u00e9gu\u00e9s en ce qui concerne le minist\u00e8re del'Education Nationale;VU le d\u00e9cret du 9 d\u00e9cembre 2020 relatif aux comp\u00e9tences des autorit\u00e9s acad\u00e9miques dansle domaine des politiques de la jeunesse, de l'\u00e9ducation populaire, de la vie associative,de l'engagement civique et des sports et \u00e0 l'organisation des services charg\u00e9s de leurmise en ceuvre;VU le d\u00e9cret du 28 octobre 2022, portant d\u00e9signation de monsieur St\u00e9phane VAUTIERdirecteur acad\u00e9mique des services de l'\u00e9ducation nationale de la MancheVU l'arr\u00eat\u00e9 rectoral du 18 d\u00e9cembre 2020 portant organisation de la d\u00e9l\u00e9gation r\u00e9gionaleacad\u00e9mique \u00e0 la jeunesse, \u00e0 l'engagement et aux sports et des servicesd\u00e9partementaux de la jeunesse, de l'engagement et des sports de la r\u00e9gionacad\u00e9mique Normandie ;VU l'arr\u00eat\u00e9 rectoral en date du 13 mai 2025 portant subd\u00e9l\u00e9gation de signature \u00e0 monsieurSt\u00e9phane VAUTIER en mati\u00e8re administrative dans le cadre des missions du SDJES ;VU le protocole d\u00e9partemental du 31 d\u00e9cembre 2020 entre la pr\u00e9fecture de la Manche et lerectorat de la r\u00e9gion acad\u00e9mique de Normandie relatif \u00e0 l'articulation descomp\u00e9tences entre le pr\u00e9fet et la rectrice pour la mise en \u0153uvre, dans la Manche, desmissions de l'\u00c9tat dans les champs des sports, de la jeunesse, de l'\u00e9ducation populaire,de l'engagement civique et de la vie associative ;ARRETEArticle ter : en cas d'absence ou d'emp\u00e9chement de monsieur St\u00e9phane VAUTIER,inspecteur d'acad\u00e9mie, directeur acad\u00e9mique des services de l'Education nationale de laManche, d\u00e9l\u00e9gation de signature est donn\u00e9e \u00e0 Monsieur Jean-Philippe CHAPELLE, conseillerdu directeur acad\u00e9mique, inspecteur jeunesse et sports, chef du service d\u00e9partemental duSDJES de la Manche et en cas d'absence ou d'emp\u00e9chement de monsieur Jean-PhilippeCHAPELLE, d\u00e9l\u00e9gation de signature est donn\u00e9e a monsieur MICHEL NUNG, inspecteur de laJeunesse et des sports, adjoint au chef du SDJES 50, pour les champs de comp\u00e9tencessuivants :- l'accueil collectif de mineurs et personnes encadrant des mineurs conform\u00e9ment auxarticles L2279 \u00e0 L227-11 du code de l'action sociale et des familles ;\n \n \n \n \n \n \n \nDirection des services d\u00e9partementaux de l'\u00e9ducation nationale - 50-2025-05-20-00001 - 6   d\u00e9l\u00e9gation DASEN au chef SDJES 51\n- les \u00e9tablissements d'activit\u00e9s physiques et sportives et des \u00e9ducateurs sportifsconform\u00e9ment a l'article LII 1-3, L212-13 et L322-5 du code du sport ; la vie associative enapplication de la circulaire PM n \u00b0 5811-SG du 29 septembre 2015; le conseil auxassociations ;- la gestion des d\u00e9clarations pour l'accueil collectif des mineurs (ACM) conform\u00e9ment auxarticles L2275 du code de l'action sociale et des familles et L2324-1 alin\u00e9a 3 du code dela sant\u00e9 publique, la qualit\u00e9 \u00e9ducative dans les ACM et la s\u00e9curit\u00e9 physique et moraledes mineurs, \u00e0 l'exception des mesures contraignantes de la mise en demeure jusqu'\u00e0fermeture ou encore les d\u00e9cisions de suspension ou d'interdiction de fonction ;- la promotion, le d\u00e9veloppement et la coordination du service civique conform\u00e9ment \u00e0l'article L1202 et | de l'article R120-9 du code du service national ;- la gestion de la r\u00e9serve civique conform\u00e9ment au d\u00e9cret 2017-930 du 9 mai 2017 relatifa la r\u00e9serve civique ;- la d\u00e9livrance des cartes professionnelles d'\u00e9ducateur sportif conform\u00e9ment aux articlesR212-85 \u00e0 R212-87 du code du sport;- l'\u00e9tablissement et la libre prestation de service des \u00e9ducateurs sportifs communautairesconform\u00e9ment aux articles R212-88 \u00e0 R212-94-3 du code du sport ;- l'agr\u00e9ment des associations sportives non affili\u00e9es \u00e0 une f\u00e9d\u00e9ration sportive et le retraitd'agr\u00e9ment conform\u00e9ment aux articles R121-1 \u00e0 R121-6 du code du sport ;- l'agr\u00e9ment des associations de lutte contre les violences sportives et le retraitd'agr\u00e9ment conform\u00e9ment aux articles D224-9 \u00e0 D224-13 du code du sport ;- les m\u00e9dailles de la jeunesse, des sports et de l'engagement associatif conform\u00e9ment aud\u00e9cret 69942 du 14 octobre 1969 modifi\u00e9 ;Article 2 : les documents vis\u00e9s ci-dessus seront sign\u00e9s dans la forme :Pour le directeur acad\u00e9mique des services de l'Education nationalede la Manche et par d\u00e9l\u00e9gation, le chef du service d\u00e9partementaljeunesse, engagement et sportJean-Philippe CHAPELLEOUPour le directeur acad\u00e9mique des services de l'Education nationalede la Manche et par d\u00e9l\u00e9gation, l'adjoint au chef du serviced\u00e9partemental jeunesse, engagement et sportMichel NUNG\nArticle 3 : la secr\u00e9taire g\u00e9n\u00e9rale de la direction des services d\u00e9partementaux de l'Educationnationale de la Manche est charg\u00e9e de l'ex\u00e9cution du pr\u00e9sent arr\u00eat\u00e9 qui sera publi\u00e9 aurecueil des actes administratifs de la pr\u00e9fecture de la Manche.\nSAINT-LO, le 20 mai 2025\nSign\u00e9 : St\u00e9phane VAUTIER\n \n \n \n \n \n \n \n \n \n \n \n \n  \nDirection des services d\u00e9partementaux de l'\u00e9ducation nationale - 50-2025-05-20-00001 - 6   d\u00e9l\u00e9gation DASEN au chef SDJES 52\nDirection des services d\u00e9partementaux de l'\u00e9ducation\nnationale\n50-2025-05-20-00002\n7   d\u00e9l\u00e9gation signature DASEN \u00e0 A-DASEN\nDirection des services d\u00e9partementaux de l'\u00e9ducation nationale - 50-2025-05-20-00002 - 7   d\u00e9l\u00e9gation signature DASEN \u00e0 A-DASEN 53\nEnACADEMIEDE NORMANDIELi ibert\u00e9Egalit\u00e9Fraternit\u00e9\nDirection des services d\u00e9partementauxde l'\u00e9ducation nationalede la Manche\n \n \n \nARRETE portant d\u00e9l\u00e9gation de signature de monsieur St\u00e9phane VAUTIER, inspecteur d'acad\u00e9mie, directeur \nacad\u00e9mique des services de l'Education nationale de la Manche , \u00e0 Monsieur Olivier MARTI , inspecteur de \nl'Education nationale, ADASEN \n \nL'inspecteur d'acad\u00e9mie, directeur acad\u00e9mique des services de l'Education nationale de la \nManche \n \nVU Le Code de l'Education et notamment son article D222-20 \n \nVU l'arr\u00eat\u00e9 du 03 juillet 2009 portant r\u00e8glement de comptabilit\u00e9 pour la d\u00e9signation des ordonnateurs \nsecondaires et de leurs d\u00e9l\u00e9gu\u00e9s en ce qui concerne le minist\u00e8re de l'Education Nationale  \n \nVU le d\u00e9cret du 28 octobre 2022, portant d\u00e9signation de monsieur St\u00e9phane VAUTIER directeur \nacad\u00e9mique des services de l'\u00e9ducation nationale de la Manche \n \nVU  l'arr\u00eat\u00e9 rectora l en date du 01 avril 2025  portant d\u00e9l\u00e9gation de signature \u00e0 monsieur St\u00e9phane \nVAUTIER \n \nVU     l'arr\u00eat\u00e9 minist\u00e9riel en date du 25 avril 2022 portant nomination de Monsieur Olivier MARTI dans \nl'emploi d'Adjoint \u00e0 la DASEN de la Manche, charg\u00e9 du premier degr\u00e9, du 1er septembre 2022 au 31 \nao\u00fbt 2026 \n \n \nARRETE \n \nArticle 1er : en cas d'absence ou d'emp\u00each ement de monsieur St\u00e9phane VAUTIER, inspecteur d'acad\u00e9mie, \ndirecteur acad\u00e9mique des services de l'Education nationale de la Manche , d\u00e9l\u00e9gation de signature est \ndonn\u00e9e \u00e0 monsieur Olivier MARTI pour les champs de comp\u00e9tences suivants : \n \n- les voyages scolaires du 1er degr\u00e9 \n- les agr\u00e9ments des intervenants ext\u00e9rieurs \n- les autorisations d'absence des enseignants du 1er degr\u00e9 \n- les conventions de stage des \u00e9tudiants en milieu scolaire \n- les conventions tripartites relatives au service sanitaire des \u00e9tudiants en sant\u00e9  \n \nArticle 2 : les documents vis\u00e9s ci-dessus seront sign\u00e9s dans la forme : \n \nPour le directeur acad\u00e9mique des services de l'Education nationale de la Manche  \net par d\u00e9l\u00e9gation, \nl'Adjoint au DASEN charg\u00e9 du premier degr\u00e9 \n \n \nOlivier MARTI \n \nArticle 3 : le pr\u00e9sent arr\u00eat\u00e9 annule et remplace celui du 13 mai 2024. \n \nArticle 4 : la secr\u00e9taire g\u00e9n\u00e9rale de la direction des services d\u00e9partementaux de l'Education nationale de la \nManche est charg\u00e9e de l'ex\u00e9cution du pr\u00e9sent arr\u00eat\u00e9 qui annule et remplace celui du 13 mai 2024  et qui \nsera publi\u00e9 au recueil des actes administratifs de la pr\u00e9fecture de la Manche. \n \n \nSAINT-LO, le 20 mai 2025 \n \n \n \nSign\u00e9 : St\u00e9phane VAUTIER \nDirection des services d\u00e9partementaux de l'\u00e9ducation nationale - 50-2025-05-20-00002 - 7   d\u00e9l\u00e9gation signature DASEN \u00e0 A-DASEN 54\nDirection des services d\u00e9partementaux de l'\u00e9ducation\nnationale\n50-2025-05-20-00003\n9   d\u00e9l\u00e9gation et subd\u00e9l\u00e9gation DASEN aux chefs de DIV\nDirection des services d\u00e9partementaux de l'\u00e9ducation nationale - 50-2025-05-20-00003 - 9   d\u00e9l\u00e9gation et subd\u00e9l\u00e9gation DASEN aux\nchefs de DIV 55\nEsACADEMIEDE NORMANDIELibert\u00e9Egalit\u00e9Fraternit\u00e9\nDirection des services d\u00e9partementauxde l'\u00e9ducation nationalede la Manche\n \n \n \nARRETE du 20 mai 2025 portant d\u00e9l\u00e9gation et subd\u00e9l\u00e9gation de signature de monsieur St\u00e9phane VAUTIER, \ninspecteur d'acad\u00e9mie, directeur acad\u00e9mique des services de l'Education nationale de la Manche, aux \nresponsables de division de la direction des services d\u00e9partementaux de l'Education nationale de la Manche \n \n \n L'inspecteur d'acad\u00e9mie, Directeur acad\u00e9mique des services de l'\u00e9ducation nationale de la \nManche \n \nVU Le Code de l'\u00e9ducation et notamment son article D222-20 \n \nVU l'arr\u00eat\u00e9 du 03 juillet 2009 portant r\u00e8glement de comptabilit\u00e9 pour la d\u00e9signation des ordonnateurs \nsecondaires et de leurs d\u00e9l\u00e9gu\u00e9s en ce qui concerne le minist\u00e8re de l'Education Nationale  \n \nVU le d\u00e9cret du 28 octobre 2022 , portant d\u00e9signation de monsieur St\u00e9phane VAUTIER  directeur \nacad\u00e9mique des services de l'\u00e9ducation nationale de la Manche \n \nVU  l'arr\u00eat\u00e9 rectora l en date du 01 avril 2025  portant d\u00e9l\u00e9gation de signature \u00e0 monsieur St\u00e9phane \nVAUTIER \n \nVU  l'arr\u00eat\u00e9 pr\u00e9fectoral n\u00b0  2025-14-VN du 25 avril 2025  portant d\u00e9l\u00e9gation de signature \u00e0 monsieur \nSt\u00e9phane VAUTIER, inspecteur d'acad\u00e9mie, directeur acad\u00e9mique des services de l'Education \nnationale de la Manche pour divers avis et d\u00e9cisions \n \n \n \nARRETE \n \n \nArticle 1er : en cas d'absence ou d 'emp\u00eachement de monsieur St\u00e9phane VAUTIER, inspecteur d'acad\u00e9mie, \ndirecteur acad\u00e9mique des services de l'Education nationale de la Manche , d\u00e9l\u00e9gation de signature est \ndonn\u00e9e aux responsables de division suivants dans la limite de leurs champs de comp\u00e9tences  : \n \n \n\u27a2 Madame Estelle Le Goff , attach\u00e9e principale d'administration de l'Etat , responsable du service \ninterd\u00e9partemental des bourses : \n\u2022 tous courriers et documents divers relatifs \u00e0 la gestion des bourses nationales du second degr\u00e9 \npublic et priv\u00e9 \u00e0 l'exception des actes \n \n\u27a2 Monsieur Guillaume OURSIN, attach\u00e9 d'administration de l'Etat, chef de division par int\u00e9rim de la division \nde l'enseignement scolaire : \n\u2022 tous courriers et documents divers, \u00e0 l'exception des actes, relatifs \u00e0 l'organisation scolaire \ndont les \u00e9tats des heures \u00e0 taux sp\u00e9cifiques et les \u00e9tats des heures suppl\u00e9mentaires et heures \ndiverses ; \n\u2022 tous les courriers et documents divers \u00e0 l'exception des actes, relatifs \u00e0 la gestion de la \ncarri\u00e8re des ass istants d'\u00e9ducation, des contrats aid\u00e9s  et \u00e0 la vie scolaire sauf en mati\u00e8re de \nsorties scolaires ; \n\u2022 les lettres de rappels \u00e0 la loi adress\u00e9es aux familles dans le cadre des mesures de lutte contre \nl'absent\u00e9isme scolaire ainsi que les convocations aux divers entretiens men\u00e9s dans le cadre de \nces m\u00eames mesures. \n \n \n \n \n \n \n \n \n \n \nDirection des services d\u00e9partementaux de l'\u00e9ducation nationale - 50-2025-05-20-00003 - 9   d\u00e9l\u00e9gation et subd\u00e9l\u00e9gation DASEN aux\nchefs de DIV 56\n \n\u27a2 Monsieur Benjamin Cl\u00e9ment, Attach\u00e9 d'Administration de l'Etat, responsable du service des ressources \nhumaines, formation continue et remplacements : \n\u2022 tous courriers et documents divers (correspondances, lettres types, formulaires, bordereaux \nd'envoi) relatifs \u00e0 la constitution, au compl\u00e9ment des dossiers des personnels enseignants, \nainsi qu'\u00e0 la gestion de leur carri\u00e8re \u00e0 l'exception des actes ; \n\u2022 les demandes de transfert de dossiers de personnels enseignants du premier degr\u00e9 ainsi que \nl'accus\u00e9 de r\u00e9ception des dossiers re\u00e7us ; \n\u2022 les demandes de billets de cong\u00e9s annuels SNCF ; \n \n\u27a2 Monsieur Alexandre Marie, a ttach\u00e9 principal d'administration de  l'Etat, r esponsable de la division des \naffaires g\u00e9n\u00e9rales et financi\u00e8res : \n \n\u2022 tous courriers et documents divers  relatifs \u00e0 la gestion et au suivi des cr\u00e9dits de l'unit\u00e9 \nop\u00e9rationnelle \u00e0 l'exception des actes ; \n\u2022 tous courriers et documents divers relatifs \u00e0 la gest ion du service int\u00e9rieur de la d irection des \nservices d\u00e9partementaux de l'Education n ationale de la Manche , dont les autorisations \nd'utilisation des v\u00e9hicules de service, \u00e0 l'exception des actes. \n \n \nArticle 2 : les documents vis\u00e9s ci-dessus seront sign\u00e9s dans la forme : \n \nPour le directeur acad\u00e9mique des services de l'Education nationale de la Manche \net par d\u00e9l\u00e9gation, \nFonction du signataire, \n \n \nPr\u00e9nom  NOM \n \n \nArticle 3 : la secr\u00e9taire g\u00e9n\u00e9rale de la direction des services d\u00e9partementaux de l'Education nationale de la \nManche est charg\u00e9e de l'ex\u00e9cution du p r\u00e9sent arr\u00eat\u00e9 qui annule et remplace celui du 28 ao\u00fbt 2024 et qui \nsera publi\u00e9 au recueil des actes administratifs de la pr\u00e9fecture de la Manche. \n \n \n \nSAINT-LO, le 20 mai 2025 \n \n \n \n \n \n      Sign\u00e9 : St\u00e9phane VAUTIER \n \nDirection des services d\u00e9partementaux de l'\u00e9ducation nationale - 50-2025-05-20-00003 - 9   d\u00e9l\u00e9gation et subd\u00e9l\u00e9gation DASEN aux\nchefs de DIV 57","date":"2025-05-22","first_seen_on":"2025-05-22T14:12:35+00:00","id":"65323ce627cdf05664233e37b9cb71ea652d4ee110c81919dfb97fde89283cc2","name":"RAA sp\u00e9cial n\u00b050-2025-012","pdf_creation_date":"2025-05-22T13:05:32+00:00","pdf_modification_date":null,"timezone":"Europe/Paris","url":"https://www.manche.gouv.fr/contenu/telechargement/65189/499973/file/recueil-50-2025-012-recueil-des-actes-administratifs%20sp%C3%A9cial.pdf"}
