{"administration":"pref69","administration_name":"Pr\u00e9fecture du Rh\u00f4ne","content":"PR\u00c9F\u00c8TE\nDU RH\u00d4NE\nRECUEIL DES ACTES\nADMINISTRATIFS SP\u00c9CIAL\nN\u00b069-2025-325\nPUBLI\u00c9 LE  8 D\u00c9CEMBRE 2025\nSommaire\n01-69_DTPJJ_Direction territoriale de la protection judiciaire de la jeunesse\nde l'Ain et du Rh\u00f4ne /\n69-2025-11-10-00016 - Annule et remplace: Arr\u00eat\u00e9 conjoint portant\nhabilitation de l'\u00e9tablissement Laurenfance (Levaldocco) -\nDTPJJ-SAH-2025-11-10-01 (3 pages) Page 3\n69-2025-12-04-00008 - Arr\u00eat\u00e9 conjoint portant fixation du prix de\njourn\u00e9e 2025 du dispositif Appartement Educatif mineur - VILLA\nEtablissement Maison d'Enfants Saint-Vincent (ORSAC) - DTPJJ SAH 2025 12\n05 04 (3 pages) Page 7\n69-2025-12-04-00007 - Arr\u00eat\u00e9 conjoint portant fixation du prix de\njourn\u00e9e 2025 du MECS Etablissement d'Enfants Saint-Vincent (ORSAC) -\nDTPJJ SAH 2025 12 05 03 (3 pages) Page 11\n69-2025-12-04-00005 - Arr\u00eat\u00e9 conjoint portant fixation du prix de\njourn\u00e9e 2025 du SCAFE - AEMO classique (UDAF) - DTPJJ SAH 2025 05 12\n01 (2 pages) Page 15\n69-2025-12-04-00006 - Arr\u00eat\u00e9 conjoint portant fixation du prix de\njourn\u00e9e 2025 du SCAFE - AEMO renforc\u00e9 (UDAF) - DTPJJ SAH 2025 12 05\n02 (2 pages) Page 18\n69_DDT_Direction d\u00e9partementale des territoires du Rh\u00f4ne /\n69-2025-12-08-00001 - A43 AP69 2025 12 08 00001 (4 pages) Page 21\n69_Pr\u00e9f_Pr\u00e9fecture du Rh\u00f4ne / Direction des affaires juridiques et de\nl'administration locale\n69-2025-12-04-00009 - Arr\u00eat\u00e9 pr\u00e9fectoral du 4 d\u00e9cembre\n2025\nrelatif aux statuts et comp\u00e9tences de la Communaut\u00e9 de\nCommunes Sa\u00f4ne-Beaujolais (4 pages) Page 26\n69-2025-12-05-00005 - habilitation dans le domaine fun\u00e9raire : SARL\nFIGLIOLINI ET FILS, situ\u00e9 17 All\u00e9e Gay Lussac, 69310\nOullins-Pierre-B\u00e9nite (2 pages) Page 31\n69-2025-12-05-00006 - habilitation dans le domaine fun\u00e9raire : SAS\n\u00ab\u00a0MARBRERIE RAYNAUD\u00a0\u00bb, situ\u00e9 6 rue du Cimeti\u00e8re 69100\nVilleurbanne (2 pages) Page 34\n69_Pr\u00e9f_Pr\u00e9fecture du Rh\u00f4ne / Pr\u00e9fet d\u00e9l\u00e9gu\u00e9 pour la\nd\u00e9fense et la s\u00e9curit\u00e9\n69-2025-12-08-00002 - ARR\u00caT\u00c9 n\u00b02025 - 12 - 08 -\n0001\nautorisant la captation, l'enregistrement et la\ntransmission\nd'images au moyen de cam\u00e9ras install\u00e9es sur un\na\u00e9ronef le 08 d\u00e9cembre 2025 \u00e0 Lyon (3 pages) Page 37\n2\n01-69_DTPJJ_Direction territoriale de la\nprotection judiciaire de la jeunesse de l'Ain et du\nRh\u00f4ne\n69-2025-11-10-00016\nAnnule et remplace: Arr\u00eat\u00e9 conjoint portant\nhabilitation de l'\u00e9tablissement Laurenfance\n(Levaldocco) - DTPJJ-SAH-2025-11-10-01\n01-69_DTPJJ_Direction territoriale de la protection judiciaire de la jeunesse de l'Ain et du Rh\u00f4ne - 69-2025-11-10-00016 - Annule et\nremplace: Arr\u00eat\u00e9 conjoint portant habilitation de l'\u00e9tablissement Laurenfance (Levaldocco) - DTPJJ-SAH-2025-11-10-01 3\nenPREFETEDU RHONELibert\u00e9Egalit\u00e92 Fraternit\u00e9\nDirection interr\u00e9gionale de la ProtectionJudiciaire de la Jeunesse Centre-EstDirection territoriale Rh\u00f4ne-Ain33 rue Moncey69003 LYON\nArr\u00eat\u00e9 conjoint n\u00b0 DTPJJ-SAH-2025- }l-\\)-04Portant habilitation deL'\u00e9tablissement d\u00e9nomm\u00e9 \u00ab Laurenfance \u00bb, compos\u00e9 d'un internat et d'un accueil dejour,Implant\u00e9 55 avenue du 8 mai 1945 69160 TASSIN LA DEMI LUNE\nLA PREFETELa Pr\u00e9f\u00e8te de la r\u00e9gion Auvergne-Rh\u00f4ne-Alpes, Pr\u00e9f\u00e8te de la Zone de d\u00e9fense et de s\u00e9curit\u00e9 Sud-Est, Pr\u00e9f\u00e8te du Rh\u00f4ne, Commandeur de la L\u00e9gion d'honneur, Commandeur de l'Ordre national du\nVuVuVuVu\nVu\nVu\nVu\nM\u00e9rite,\nle codede l'action sociale et des familles, et notamment son article L. 313-10 ;le code civil et notamment ses articles 375 \u00e0 375-8 ;le code de la justice p\u00e9nale des mineurs relatif \u00e0 l'enfance d\u00e9linquante ;le d\u00e9cret n\u00b0 88-949 du 6 octobre 1988 modifi\u00e9 relatif \u00e0 l'habilitation des personnesphysiques, \u00e9tablissements, services ou organismes publics ou priv\u00e9s auxquels l'autorit\u00e9Judiciaire confie habituellement des mineurs ou l'ex\u00e9cution de mesures les concernant;le d\u00e9cret n\u00b0 2010-214 du 2 mars 2010 relatif au ressort territorial, \u00e0 l'organisation et auxattributions des services d\u00e9concentr\u00e9s de la protection judiciaire de la jeunesse ;l'arr\u00eat\u00e9 pr\u00e9fectoral n\u00b0 DTPJJ_SAH_2025_10_21_02 du 14 octobre 2025 portant modificationde l'autorisation de l'\u00e9tablissement \u00ab Laurenfance \u00bb, g\u00e9r\u00e9 par l'association Le Valdocco, sis55 avenue du 8 mai 1945 \u00e0 Tassin La Demi Lune :l'arr\u00eat\u00e9 pr\u00e9fectoral n\u00b0 2009-1425 du 21 janvier 2009 portant habilitation justice del'\u00e9tablissement \u00ab Laurenfance \u00bb, compos\u00e9 d'un internat et d'un accueil de jour, implant\u00e9 55rue du 8 mai 1945 a Tassin La Demi Lune;\n01-69_DTPJJ_Direction territoriale de la protection judiciaire de la jeunesse de l'Ain et du Rh\u00f4ne - 69-2025-11-10-00016 - Annule et\nremplace: Arr\u00eat\u00e9 conjoint portant habilitation de l'\u00e9tablissement Laurenfance (Levaldocco) - DTPJJ-SAH-2025-11-10-01 4\nVu le projet territorial de la protection judiciaire de la jeunesse Rh\u00f4ne-Ain 2022-2027.Vu la demande du 28 septembre 2024 et le dossier justificatif pr\u00e9sent\u00e9s par l'association LeValdocco, dont le si\u00e8ge est sis 18 rue du Nivernais 95100 ARGENTEUIL, en vue d'obtenirl'habilitation de l'\u00e9tablissement \u00ab Laurenfance\u00bb ;Vu L'avis du procureur de la R\u00e9publique pr\u00e8s le Tribunal Judiciaire de Lyon en date du01/09/2025;Vu la saisine du magistrat coordonnateur d\u00e9sign\u00e9 en application de l'article R. 522-2-1 du Codede l'organisation judiciaire pr\u00e8s le tribunal judiciaire de Lyon en date du 08/08/2025 ;Vu la saisine de l'autorit\u00e9 acad\u00e9mique de Lyon en date du 08/08/2025 ;Vu la saisine du pr\u00e9sident de la m\u00e9tropole de Lyon en date du 08/08/2025;Sur proposition de Madame la Directrice interr\u00e9gionale de la protection judiciaire de la jeunesseCentre-Est;\nARRETE\nArticle 1:L'\u00e9tablissement, d\u00e9nomm\u00e9 \u00ab Laurenfance \u00bb, g\u00e9r\u00e9 par l'association Le Valdocco, situ\u00e9 55 avenue du8 mai 1945 a Tassin la Demi Lune, est habilit\u00e9 a r\u00e9aliser des mesures de placement pour 7 places eninternat concernant des garcons \u00e2g\u00e9s de 13 \u00e0 18 ans et des mesures d'accueil de jour pour 16 placesconcernant des filles et/ou des garcons \u00e2g\u00e9s de 13 \u00e0 18 ans au titre des articles 375 \u00e0 375-8 du codecivil susvis\u00e9s et du code p\u00e9nal justice des mineurs.Article 2 :La pr\u00e9sente habilitation est d\u00e9livr\u00e9e pour une p\u00e9riode de 5 ans a compter de sa notification etrenouvel\u00e9e dans les conditions fix\u00e9es par le d\u00e9cret du 6 octobre 1988 susvis\u00e9.Article 3:Tout projet modifiant la capacit\u00e9, le r\u00e9gime de fonctionnement de l'\u00e9tablissement habilit\u00e9, les lieuxou il est implant\u00e9, les conditions d'\u00e9ducation et de s\u00e9jour des mineurs confi\u00e9s et, d'une mani\u00e8reg\u00e9n\u00e9rale, tout changement pouvant avoir une incidence sur la nature ou le champ d'application del'habilitation accord\u00e9e, doit \u00eatre port\u00e9 \u00e0 la connaissance du directeur interr\u00e9gional de la protectionjudiciaire de la jeunesse par la personne physique ou la personne morale gestionnaire.Article 4 :Toute modification dans la composition des organes de direction de la personne moralegestionnaire de l'\u00e9tablissement habilit\u00e9 doit \u00eatre port\u00e9e \u00e0 la connaissance du directeurinterr\u00e9gional de la protection judiciaire de la jeunesse par le repr\u00e9sentant de la personne morale.Doit \u00eatre \u00e9galement notifi\u00e9 dans les m\u00eames conditions tout recrutement de personnel affect\u00e9 del'\u00e9tablissement habilit\u00e9, ou employ\u00e9 par la personne physique habilit\u00e9e.\n01-69_DTPJJ_Direction territoriale de la protection judiciaire de la jeunesse de l'Ain et du Rh\u00f4ne - 69-2025-11-10-00016 - Annule et\nremplace: Arr\u00eat\u00e9 conjoint portant habilitation de l'\u00e9tablissement Laurenfance (Levaldocco) - DTPJJ-SAH-2025-11-10-01 5\nArticle 5:Le pr\u00e9fet peut a tout moment retirer l'habilitation lorsque sont constat\u00e9s des faits de nature acompromettre la mise en \u0153uvre des mesures judiciaires ou \u00e0 porter atteinte aux int\u00e9r\u00eats desmineurs confi\u00e9s.Article 6 :En application des dispositions des articles R. 312-1 et R. 421-1 du code dejustice administrative, lepr\u00e9sent arr\u00eat\u00e9 peut, dans un d\u00e9lai de deux mois \u00e0 compter de sa publication ou de sa notification,faire l'objet :- d'un recours administratif gracieux devant le pr\u00e9fet du d\u00e9partement, autorit\u00e9 signataire decette d\u00e9cision ou d'un recours administratif hi\u00e9rarchique devant le Ministre de l'int\u00e9rieur;- d'un recours contentieux par voie postale aupr\u00e8s du tribunal administratif territorialementcomp\u00e9tent ou par l'application T\u00e9l\u00e9recours citoyens, accessible sur le site www.telerecours.fr.En cas de recours administratif, le d\u00e9lai de recours contentieux est prorog\u00e9.Article 7 :Madame la Pr\u00e9f\u00e8te de la r\u00e9gion Auvergne-Rh\u00f4ne-Alpes, Pr\u00e9f\u00e8te de la Zone de d\u00e9fense et des\u00e9curit\u00e9 Sud-Est, Pr\u00e9f\u00e8te du Rh\u00f4ne, Commandeur de la L\u00e9gion d'honneur, Commandeur de l'Ordrenational du M\u00e9rite et Madame la Directrice interr\u00e9gionale de la protection judiciaire de la jeunesseCentre-Est sont charg\u00e9es, chacun en ce qui le concerne, de l'ex\u00e9cution du pr\u00e9sent arr\u00eat\u00e9.Fait \u00e0 Lyon,le 10 J /2025La Pr\u00e9f\u00e8te\nLe P-\u00e9*atSec'i \"= 255Pr\u00e9fet @Al\u00e9qui\u00e9e - > o-oo artesFabrice ROSAY\n01-69_DTPJJ_Direction territoriale de la protection judiciaire de la jeunesse de l'Ain et du Rh\u00f4ne - 69-2025-11-10-00016 - Annule et\nremplace: Arr\u00eat\u00e9 conjoint portant habilitation de l'\u00e9tablissement Laurenfance (Levaldocco) - DTPJJ-SAH-2025-11-10-01 6\n01-69_DTPJJ_Direction territoriale de la\nprotection judiciaire de la jeunesse de l'Ain et du\nRh\u00f4ne\n69-2025-12-04-00008\nArr\u00eat\u00e9 conjoint portant fixation du prix de\njourn\u00e9e 2025 du dispositif Appartement Educatif\nmineur - VILLA Etablissement Maison d'Enfants\nSaint-Vincent (ORSAC) - DTPJJ SAH 2025 12 05 04\n01-69_DTPJJ_Direction territoriale de la protection judiciaire de la jeunesse de l'Ain et du Rh\u00f4ne - 69-2025-12-04-00008 - Arr\u00eat\u00e9\nconjoint portant fixation du prix de journ\u00e9e 2025 du dispositif Appartement Educatif mineur - VILLA Etablissement Maison d'Enfants\nSaint-Vincent (ORSAC) - DTPJJ SAH 2025 12 05 04\n7\naPREFETEDU RHONELitbert\u00e9Egalit\u00e9Fraternit\u00e9\nM\u00c9TROPOLE\nDirection interr\u00e9gionale de la Protection D\u00e9l\u00e9gation Solidarit\u00e9s, Habitat et \u00c9ducationJudiciaire de la Jeunesse Centre-Est Direction de la pr\u00e9vention et de la protection deDirection territoriale Rh\u00f4ne-Ain l'enfance33 rue Moncey Unit\u00e9 tarification69003 LYON CS 3356969505 LYON CEDEX 03Arr\u00eat\u00e9 n\u00b02025-DSHE-DPPE-|i/-D0D4 Arr\u00eat\u00e9 n\u00b0DTPJJ SAH-2025 _|2_05_04ARR\u00caT\u00c9 CONJOINTCommune : OullinsObjet : Dotation globale - Exercice 2025 -Dispositif Appartement Educatif mineur -VILLA \u00c9tablissement Maisond'Enfants Saint-Vincent sise 34 Rue Francisque Jomard de l'association ORSAC- Modification de l'arr\u00eat\u00e9 conjointn\u00b0 2025-DSHE-DPPE-07-0034, n\u00b0DTPJJ_SAH-2025_07-23-12 du 23 juillet 2025\nLe Pr\u00e9sident de la M\u00e9tropole de Lyon, et la Pr\u00e9f\u00e8te de la Zone de d\u00e9fense et de s\u00e9curit\u00e9 sud-est Pr\u00e9f\u00e9te de lar\u00e9gion Auvergne Rh\u00f4ne-Alpes, Pr\u00e9f\u00e8te du Rh\u00f4ne, Commandeur de ta L\u00e9gion d'honneur, Commandeur de t'Ordrenational du M\u00e9rite,Vu le code g\u00e9n\u00e9ral des collectivit\u00e9s territoriales ;Vu le code de l'action sociale et des familles (CASF) et, notamment, ses articles L 314-1 etsuivants relatifs aux dispositions financi\u00e8res applicables aux \u00e9tablissements et services sociaux et m\u00e9dico-sociaux ainsi que ses articles R 314-1 et suivants relatifs \u00e0 la gestion budg\u00e9taire, comptable et financi\u00e8re, et auxmodalit\u00e9s de financement et de tarification des \u00e9tablissements et services sociaux et m\u00e9dico-sociaux \u00e9num\u00e9r\u00e9sau | de l'article L 312-1 du m\u00eame code ;Vu notamment, les articles D 314-106-1, D 314-113-1, R 314-35 et R 314-38 du code de l'actionsocial et des familles ;Vu le d\u00e9cret n\u00b02012-1246 du 7 novembre 2012 relatif \u00e0 la gestion budg\u00e9taire et comptablepublique;Vu la d\u00e9lib\u00e9ration du Conseil de la M\u00e9tropole de Lyon n\u00b0 2024-2541 du 16 d\u00e9cembre 2024 fixantl'\u00e9volution de l'enveloppe de tarification 2025 des structures de l'enfance ;Vu la circulaire du 16 juillet 2024 relative \u00e0 la campagne budg\u00e9taire 2024 des \u00e9tablissements etservices concourant \u00e0 la mission de protection judiciaire de la jeunesse et dans l'attente de la prochaine circulaireau titre de 2025 ;Vu la d\u00e9lib\u00e9ration de la Commission permanente n\u00b02024-3121 du 8 avril 2024 portant sur la miseen place du paiement au douzi\u00e8me des \u00e9tablissements et services sociaux et m\u00e9dico-sociaux (ESSMS)Vu l'arr\u00eat\u00e9 de monsieur le Pr\u00e9sident de la M\u00e9tropole n\u00b0 2022-03-07-R-0231 du 7 mars 2022donnant d\u00e9l\u00e9gation de signature \u00e0 madame Lucie Vacher, Vice-Pr\u00e9sidente ;Vu les propositions budg\u00e9taires et leurs annexes pr\u00e9sent\u00e9es, au titre de l'exercice 2025, parMadame Dominique LEBRUN, Pr\u00e9sident de l'association ORSAC pour l'\u00e9tablissement mentionn\u00e9 \u00e0 l'article 1erdu pr\u00e9sent arr\u00eat\u00e9 ;Vu la lettre de proc\u00e9dure contradictoire \u00e9crite du 24 juin 2025 ;\n01-69_DTPJJ_Direction territoriale de la protection judiciaire de la jeunesse de l'Ain et du Rh\u00f4ne - 69-2025-12-04-00008 - Arr\u00eat\u00e9\nconjoint portant fixation du prix de journ\u00e9e 2025 du dispositif Appartement Educatif mineur - VILLA Etablissement Maison d'Enfants\nSaint-Vincent (ORSAC) - DTPJJ SAH 2025 12 05 04\n8\nM\u00e9tropole de Lyon - page 2/3Vu la convention en date du 15 juillet 2025 sign\u00e9e entre l'association et la M\u00e9tropole de Lyonrelative aux versements par avances mensuelles des frais de placement des publics confi\u00e9s \u00e0 l'aide sociale \u00e0l'enfance.Vu les rapports du Directeur Territorial de la protection judiciaire de la jeunesse pour led\u00e9partement du Rh\u00f4ne agissant par d\u00e9l\u00e9gation de la Directrice interr\u00e9gionale de la protection judiciaire de lajeunesse Centre-Est et de la Directrice g\u00e9n\u00e9rale adjointe d\u00e9l\u00e9gu\u00e9e aux solidarit\u00e9s, \u00e0 l'habitat et \u00e0 l'\u00e9ducationSur proposition de Monsieur le Pr\u00e9fet, Secr\u00e9taire g\u00e9n\u00e9ral de la Pr\u00e9fecture du Rh\u00f4ne, Pr\u00e9fet d\u00e9l\u00e9gu\u00e9 pour l'\u00e9galit\u00e9des chances et de Madame la Directrice g\u00e9n\u00e9rale d\u00e9l\u00e9gu\u00e9e au d\u00e9veloppement solidaire, \u00e0 l'habitat et \u00e0l'\u00e9ducation ;Consid\u00e9rant la sous activit\u00e9 2025 projet\u00e9e au 31/12/2025 du dispositif VILLA qu'il convient der\u00e9gulariser en r\u00e9duisant l'acompte du mois de d\u00e9cembre 2025 ;\narr\u00eatentArticle1 - Pour l'exercice budg\u00e9taire de l'ann\u00e9e 2025, les charges et les produits pr\u00e9visionnels du DispositifAppartement Educatif mineur \u2014VILLA sont autoris\u00e9s comme suit :. Montants TotalGroupes fonctionnels(en \u20ac) (en \u20ac)|a  | 129 071,06charges aff\u00e9rentes \u00e0 l'exploitation couranteroupe II :charges Due , 430 341,24 639 095,85charges aff\u00e9rentes au personnelgroupe lil : 79683,55charges aff\u00e9rentes \u00e0 la structureI:Leer 748 749,14produits de la tarification. groupe II : 21 239,30 ;reed autres produits relatifs \u00e0 l'exploitation 173 935,44lil:groupe . . . 3947,00produits financiers et produits non encaissables\nArticle 2 \u2014 La dotation globale initiale est de : 748 749,14\u20ac Les \u00e9l\u00e9ments ci-dessous viennent en d\u00e9duction de cetotal soit :- La sous-activit\u00e9 r\u00e9alis\u00e9e en 2024 : -130 020,96 \u20ac.- Le montant des d\u00e9penses refus\u00e9es est le suivant : 18 286,96 \u20ac- Le montant des d\u00e9ficits 2023 est le suivant : -153 126,55\u20acArticle 3 - La dotation globale attribu\u00e9e pour l'exercice 2025 au dispositif Appartement Educatif mineur -VILLAest fix\u00e9e \u00e0 618 728,18 \u20ac. Elle est pay\u00e9e par acompte mensuel.Article 4 - Compte tenu de la sous-activit\u00e9 projet\u00e9e au 31/12/2025 (- 585 journ\u00e9es), il convient de r\u00e9duire ladotation cit\u00e9e \u00e0 l'article 3 de 73 010,67 \u20ac Le montant de la dotation pour LA VILLA pour l'ann\u00e9e 2025 s'\u00e9l\u00e8vedonc \u00e0 545 717,51 \u20ac.Article 5 \u2014 L'acompte du mois de d\u00e9cembre sera r\u00e9duit pour prendre en compte la baisse de la dotation induitepar la sous-activit\u00e9.Article 6 - Pour les financeurs autres que la M\u00e9tropole de Lyon, il est appliqu\u00e9 un prix de journ\u00e9e selon lesmodalit\u00e9s fix\u00e9es ci-dessous :- \u00c0 compter du 1\u00b0 juillet 2025 : 190,28 \u20ac,- \u00c0 compter du 1\u00b0 janvier 2026 : 150,84 \u20ac.\n01-69_DTPJJ_Direction territoriale de la protection judiciaire de la jeunesse de l'Ain et du Rh\u00f4ne - 69-2025-12-04-00008 - Arr\u00eat\u00e9\nconjoint portant fixation du prix de journ\u00e9e 2025 du dispositif Appartement Educatif mineur - VILLA Etablissement Maison d'Enfants\nSaint-Vincent (ORSAC) - DTPJJ SAH 2025 12 05 04\n9\nM\u00e9tropole de Lyon - page 3/3- Article 7 - En application des articles R.421-1 et suivants du code de justice administrative, le pr\u00e9sentarr\u00eat\u00e9 peut faire l'objet, dans un d\u00e9lai de 2 mois qui court \u00e0 compter de la date de publication ou, \u00e0l'\u00e9gard des personnes et organismes auxquels elle est notifi\u00e9e, \u00e0 compter de la date de notification :- - Soit d'un recours gracieux devant le Pr\u00e9sident de la M\u00e9tropole de Lyon, sis 20 rue du Lac CS 3356969505 Lyon cedex 03.- - Soit d'un recours contentieux devant le Tribunal administratif de Lyon, dont la saisine peut se faire enligne via le site www.telerecours.fr, ou par courrier adress\u00e9 au greffe du tribunal sis 184 rue Duguesclin,69433 Lyon cedex 03.- Article8 - Monsieur le Pr\u00e9fet, Secr\u00e9taire g\u00e9n\u00e9ral de la Pr\u00e9fecture du Rh\u00f4ne, Pr\u00e9fet d\u00e9l\u00e9gu\u00e9 pourl'\u00e9galit\u00e9 des chances, la Directrice g\u00e9n\u00e9rale et le Comptable public- Service de gestion comptable deLyon Ville et M\u00e9tropole et Madame la Directrice interr\u00e9gionale de la protection judiciaire de la jeunesseCentre-Est sont charg\u00e9s, chacun en ce qui le concerne, de l'ex\u00e9cution du pr\u00e9sent arr\u00eat\u00e9 qui seraapplicable apr\u00e8s affichage et publication au recueil des actes administratifs de la pr\u00e9fecture du Rh\u00f4ne.Une ampliation sera notifi\u00e9e au destinataire du pr\u00e9sent arr\u00eat\u00e9Lyon, le OU /12 /2025La Pr\u00e9f\u00e9te, Pour le Pr\u00e9sidentLa Vice-Pr\u00e9sidente d\u00e9l\u00e9gu\u00e9eous-pr\u00e9fete,adjointeJudith HUSSON Lucie VACHEReer\n01-69_DTPJJ_Direction territoriale de la protection judiciaire de la jeunesse de l'Ain et du Rh\u00f4ne - 69-2025-12-04-00008 - Arr\u00eat\u00e9\nconjoint portant fixation du prix de journ\u00e9e 2025 du dispositif Appartement Educatif mineur - VILLA Etablissement Maison d'Enfants\nSaint-Vincent (ORSAC) - DTPJJ SAH 2025 12 05 04\n10\n01-69_DTPJJ_Direction territoriale de la\nprotection judiciaire de la jeunesse de l'Ain et du\nRh\u00f4ne\n69-2025-12-04-00007\nArr\u00eat\u00e9 conjoint portant fixation du prix de\njourn\u00e9e 2025 du MECS Etablissement d'Enfants\nSaint-Vincent (ORSAC) - DTPJJ SAH 2025 12 05 03\n01-69_DTPJJ_Direction territoriale de la protection judiciaire de la jeunesse de l'Ain et du Rh\u00f4ne - 69-2025-12-04-00007 - Arr\u00eat\u00e9\nconjoint portant fixation du prix de journ\u00e9e 2025 du MECS Etablissement d'Enfants Saint-Vincent (ORSAC) - DTPJJ SAH 2025 12 05 03 11\nesPREFETEDU RHONELibert\u00e9Egalit\u00e9Fraternit\u00e9\nM\u00c9TROPOLE\nDirection interr\u00e9gionale de la Protection D\u00e9l\u00e9gation Solidarit\u00e9s, Habitat et \u00c9ducationJudiciaire de la Jeunesse Centre-Est Direction de la pr\u00e9vention et de la protection deDirection territoriale Rh\u00f4ne-Ain l'enfance33 rue Moncey Unit\u00e9 tarification69003 LYON CS 3356969505 LYON CEDEX 03Arr\u00eat\u00e9 n\u00b02025-DSHE-DPPE-|]-)003 Arr\u00eat\u00e9 n\u00b0DTPJJ_SA_10)6.1105 01ARR\u00caT\u00c9 CONJOINTCommune : OullinsObjet : Dotation globale - Exercice 2025 - Dispositif MECS \u00c9tablissement Maison d'Enfants Saint-Vincent sise34 Rue Francisque Jomard de l'association ORSAC - Modification de l'arr\u00eat\u00e9 conjoint n\u00b0 2025-DSHE-DPPE-07-0031, n\u00b0'DTPJJ_SAH-2025 07-23-31 du 23 juillet 2025\nLe Pr\u00e9sident de la M\u00e9tropole de Lyon, et la Pr\u00e9f\u00e9te de la Zone de d\u00e9fense et de s\u00e9curit\u00e9 sud-est Pr\u00e9f\u00e8te de lar\u00e9gion Auvergne Rh\u00f4ne-Alpes, Pr\u00e9f\u00e9te du Rh\u00f4ne, Commandeur de ta L\u00e9gion d'honneur, Commandeur de t'Ordrenational du M\u00e9rite,Vu le code g\u00e9n\u00e9ral des collectivit\u00e9s territoriales ;Vu le code de l'action sociale et des familles (CASF) et, notamment, ses articles L 314-1 etsuivants relatifs aux dispositions financi\u00e8res applicables aux \u00e9tablissements et services sociaux et m\u00e9dico-sociaux ainsi que ses articles R 314-1 et suivants relatifs \u00e0 la gestion budg\u00e9taire, comptable et financi\u00e8re, et auxmodalit\u00e9s de financement et de tarification des \u00e9tablissements et services sociaux et m\u00e9dico-sociaux \u00e9num\u00e9r\u00e9sau | de l'article L 312-1 du m\u00eame code ;Vu notamment, les articles D 314-106-1, D 314-113-1, R 314-35 et R 314-38 du code de l'actionsocial et des familles :Vu le d\u00e9cret n\u00b02012-1246 du 7 novembre 2012 relatif \u00e0 la gestion budg\u00e9taire et comptablepublique; Vu la d\u00e9lib\u00e9ration du Conseil de la M\u00e9tropole de Lyon n\u00b0 2024-2541 du 16 d\u00e9cembre 2024 fixantl'\u00e9volution de l'enveloppe de tarification 2025 des structures de l'enfance ;Vu la circulaire du 16 juillet 2024 relative \u00e0 la campagne budg\u00e9taire 2024 des \u00e9tablissements etservices concourant \u00e0 la mission de protection judiciaire de la jeunesse et dans l'attente de la prochaine circulaireau titre de 2025 ;Vu la d\u00e9lib\u00e9ration de la Commission permanente n\u00b02024-3121 du 8 avril 2024 portant sur la miseen place du paiement au douzi\u00e8me des \u00e9tablissements et services sociaux et m\u00e9dico-sociaux (ESSMS)Vu l'arr\u00eat\u00e9 de monsieur le Pr\u00e9sident de la M\u00e9tropole n\u00b0 2022-03-07-R-0231 du 7 mars 2022donnant d\u00e9l\u00e9gation de signature \u00e0 madame Lucie Vacher, Vice-Pr\u00e9sidente ;Vu les propositions budg\u00e9taires et leurs annexes pr\u00e9sent\u00e9es, au titre de l'exercice 2025, parMadame Dominique LEBRUN, Pr\u00e9sident de l'association ORSAC pour l'\u00e9tablissement mentionn\u00e9 \u00e0 l'article 1erdu pr\u00e9eent arr\u00eat\u00e9 ; SVu la lettre de proc\u00e9dure contradictoire \u00e9crite du 24 juin 2025 ;\n01-69_DTPJJ_Direction territoriale de la protection judiciaire de la jeunesse de l'Ain et du Rh\u00f4ne - 69-2025-12-04-00007 - Arr\u00eat\u00e9\nconjoint portant fixation du prix de journ\u00e9e 2025 du MECS Etablissement d'Enfants Saint-Vincent (ORSAC) - DTPJJ SAH 2025 12 05 03 12\nM\u00e9tropole de Lyon - page 2/3Vu la convention en date du 15 juillet 2025 sign\u00e9e entre l'association et la M\u00e9tropole de Lyonrelative aux versements par avances mensuelles des frais de placement des publics confi\u00e9s \u00e0 l'aide sociale \u00e0l'enfance.Vu les rapports du Directeur Territorial de la protection judiciaire de la jeunesse pour led\u00e9partement du Rh\u00f4ne agissant par d\u00e9l\u00e9gation de la Directrice interr\u00e9gionale de la protection judiciaire de lajeunesse Centre-Est et de la Directrice g\u00e9n\u00e9rale adjointe d\u00e9l\u00e9gu\u00e9e aux solidarit\u00e9s, \u00e0 l'habitat et \u00e0 l'\u00e9ducationSur proposition de Monsieur le Pr\u00e9fet, Secr\u00e9taire g\u00e9n\u00e9ral de la Pr\u00e9fecture du Rh\u00f4ne, Pr\u00e9fet d\u00e9l\u00e9gu\u00e9 pour l'\u00e9galit\u00e9des chances et de Madame la Directrice g\u00e9n\u00e9rale d\u00e9l\u00e9gu\u00e9e au d\u00e9veloppement solidaire, \u00e0 l'habitat et \u00e0l'\u00e9ducation ;Consid\u00e9rant la sous activit\u00e9 2025 projet\u00e9e au 31/12/2025 du dispositif MECS qu'il convient der\u00e9gulariser en r\u00e9duisant l'acompte du mois de d\u00e9cembre 2025 ;\narr\u00eatentArticle 1 - Pour l'exercice budg\u00e9taire de l'ann\u00e9e 2025, les charges et les produits pr\u00e9visionnels du service MECSORSAC sont autoris\u00e9s comme suit :Groupes fonctionnels EE MesonneP (en \u20ac) (en \u20ac)roupe |uP . . gs 557 834,49charges aff\u00e9rentes \u00e0 l'exploitation couranteroupe Il :charges group , 2964 116,48 3 852 061,06charges aff\u00e9rentes au personnelroupe III:et . : 330 110,09charges aff\u00e9rentes a la structureI:groupe . 3901 196,43produits de la tarification| groupe II :duit ok a 116 256,59 4045 312,57Proeus autres produits relatifs \u00e0 l'exploitationgroupe HI; | 27 859,55produits financiers et produits non encaissables\nArticle 2 -La dotation globale initiale est fix\u00e9e \u00e0 3901 196,43 \u20ac. Les \u00e9l\u00e9ments ci-dessous viennent en d\u00e9ductionde ce total soit :- La sous-activit\u00e9 r\u00e9alis\u00e9e en 2024 : -208 472,88\u20ac- Le montant des d\u00e9penses refus\u00e9es est le suivant : 32 989,21 \u20ac- Le montant des d\u00e9ficits 2023 est le suivant : - 226 240,72 \u20acArticle 3 - La dotation globale attribu\u00e9e pour l'exercice 2025 au dispositif MECS est fix\u00e9e \u00e0 3 692 723.55 \u20ac. Elleest pay\u00e9e par acompte mensuel.Article 4 \u2014- Compte tenu de la sous-activit\u00e9 projet\u00e9e au 31/12/2025 (- 510 journ\u00e9es), il convient de r\u00e9duire ladotation cit\u00e9e \u00e0 l'article 3 de 143 443.66 \u20ac. Le montant de la dotation pour la MECS pour l'ann\u00e9e 2025 s'\u00e9l\u00e8vedonc \u00e0 3 549 279.89 \u20ac.Article 5 \u2014 L'acompte du mois de d\u00e9cembre sera r\u00e9duit pour prendre en compte la baisse de la dotation induitepar la sous-activit\u00e9.Article 6 - Pour les financeurs autres que la M\u00e9tropole de Lyon, il est appliqu\u00e9 un prix de journ\u00e9e selon lesmodalit\u00e9s fix\u00e9es ci-dessous :- \u00c0 compter du 1\u00b0 juillet 2025 : 235,29 \u20ac,- \u00c0 compter du 1\u00b0 janvier 2026 : 229,61 \u20ac.\n01-69_DTPJJ_Direction territoriale de la protection judiciaire de la jeunesse de l'Ain et du Rh\u00f4ne - 69-2025-12-04-00007 - Arr\u00eat\u00e9\nconjoint portant fixation du prix de journ\u00e9e 2025 du MECS Etablissement d'Enfants Saint-Vincent (ORSAC) - DTPJJ SAH 2025 12 05 03 13\nM\u00e9tropole de Lyon - page 3/3Article 7 - En application des articles R.421-1 et suivants du code de justice administrative, le pr\u00e9sent arr\u00eat\u00e9 peutfaire l'objet, dans un d\u00e9lai de 2 mois qui court \u00e0 compter de la date de publication ou, \u00e0 l'\u00e9gard des personnes etorganismes auxquels elle est notifi\u00e9e, \u00e0 compter de la date de notification :- Soit d'un recours gracieux devant le Pr\u00e9sident de la M\u00e9tropole de Lyon, sis 20 rue du Lac CS 33569 69505Lyon cedex 03.- Soit d'un recours contentieux devant le Tribunal administratif de Lyon, dont la saisine peut se faire en ligne viale site www.telerecours.fr, ou par courrier adress\u00e9 au greffe du tribunal sis 184 rue Duguesclin, 69433 Lyon cedex03.Article 8 - Monsieur le Pr\u00e9fet, Secr\u00e9taire g\u00e9n\u00e9ral de la Pr\u00e9fecture du Rh\u00f4ne, Pr\u00e9fet d\u00e9l\u00e9gu\u00e9 pour l'\u00e9galit\u00e9 deschances, la Directrice g\u00e9n\u00e9rale et le Comptable public- Service de gestion comptable de Lyon Ville et M\u00e9tropoleet Madame la Directrice interr\u00e9gionale de la protection judiciaire de la jeunesse Centre-Est sont charg\u00e9s, chacunen ce qui le concerne, de l'ex\u00e9cution du pr\u00e9sent arr\u00eat\u00e9 qui sera applicable apr\u00e8s affichage et publication aurecueil des actes administratifs de la pr\u00e9fecture du Rh\u00f4ne. Une ampliation sera notifi\u00e9e au destinataire du pr\u00e9sentarr\u00eat\u00e9Lyon, le 04/12 /2025\nLa Pr\u00e9f\u00e8te, Pour le Pr\u00e9sidentLa Vice-Pr\u00e9sidente d\u00e9l\u00e9gu\u00e9e\nLuc VACHERudith HUSSONHH\n01-69_DTPJJ_Direction territoriale de la protection judiciaire de la jeunesse de l'Ain et du Rh\u00f4ne - 69-2025-12-04-00007 - Arr\u00eat\u00e9\nconjoint portant fixation du prix de journ\u00e9e 2025 du MECS Etablissement d'Enfants Saint-Vincent (ORSAC) - DTPJJ SAH 2025 12 05 03 14\n01-69_DTPJJ_Direction territoriale de la\nprotection judiciaire de la jeunesse de l'Ain et du\nRh\u00f4ne\n69-2025-12-04-00005\nArr\u00eat\u00e9 conjoint portant fixation du prix de\njourn\u00e9e 2025 du SCAFE - AEMO classique (UDAF)\n- DTPJJ SAH 2025 05 12 01\n01-69_DTPJJ_Direction territoriale de la protection judiciaire de la jeunesse de l'Ain et du Rh\u00f4ne - 69-2025-12-04-00005 - Arr\u00eat\u00e9\nconjoint portant fixation du prix de journ\u00e9e 2025 du SCAFE - AEMO classique (UDAF) - DTPJJ SAH 2025 05 12 01 15\nELPR\u00c9F\u00c8TE M\u00c9TROPOLEDU RH\u00d4NELibert\u00e9Egalit\u00e9Fraternit\u00e9Direction interr\u00e9gionale de la Protection D\u00e9l\u00e9gation Solidarit\u00e9s, Habitat et \u00c9ducationJudiciaire de la Jeunesse Centre-Est Direction de la pr\u00e9vention et de la protection deDirection territoriale Rh\u00f4ne-Ain l'enfance33 rue Moncey Unit\u00e9 tarification69003 LYON CS 3356969505 LYON CEDEX 03Arr\u00eat\u00e9 n\u00b0DTPJJ_SAH:2025_j2_05_D! Arr\u00eat\u00e9 n\u00b02025-DSHE-DPPE-11-0001ARR\u00caT\u00c9 CONJOINTcommune : Bronobjet : Prix de journ\u00e9e - Exercice 2025 - Dispositif \u00c9tablissement SCAFE - AEMO CLASSIQUE 191 C AVENUE SAINTEXUPERY de l'association UDAF du Rh\u00f4ne et de la M\u00e9tropole de LyonLe Pr\u00e9sident de la M\u00e9tropole de Lyon, et la Pr\u00e9f\u00e8te de la Zone de d\u00e9fense et de s\u00e9curit\u00e9 sud-est, Pr\u00e9f\u00e8te de la r\u00e9gionAuvergne Rh\u00f4ne-Alpes, Pr\u00e9f\u00e9te du Rh\u00f4ne, Commandeur de la L\u00e9gion d'honneur, Commandeur de l'Ordre national duM\u00e9rite,Vu le code g\u00e9n\u00e9ral des collectivit\u00e9s territoriales ;Vu le code de l'action sociale et des familles et notamment :- les articles L.314-1 et suivants relatifs aux dispositions financi\u00e8res applicables aux\u00e9tablissements et services sociaux et m\u00e9dico-sociaux ;- les articles R.314-1 et suivants relatifs \u00e0 la gestion budg\u00e9taire, comptable et financi\u00e8re, et auxmodalit\u00e9s de financement et de tarification des \u00e9tablissements et services sociaux et m\u00e9dico-sociaux \u00e9num\u00e9r\u00e9s au | del'article L.312-1 du m\u00eame code ;Vu les articles 375 \u00e0 375-8 du code civil relatifs \u00e0 l'assistance \u00e9ducative ;Vu l'ordonnance n\u00b0 45-1845 du 18 ao\u00fbt 1945 relative au remboursement aux institutions des frais d'entretienet d'\u00e9ducation des mineurs d\u00e9linquants ;Vu le d\u00e9cret n\u00b0 2010-214 du 2 mars 2010 relatif au ressort territorial, \u00e0 l'organisation et aux attributions desservices d\u00e9concentr\u00e9s de la Protection Judiciaire de la Jeunesse ;Vu l'arr\u00eat\u00e9 du Ministre de la justice du 19 d\u00e9cembre 2003 relatif aux modes de tarification applicables auxprestations d'action \u00e9ducative d\u00e9livr\u00e9es par les \u00e9tablissements et services concourant \u00e0 la protection judiciaire de lajeunesse et sous comp\u00e9tence tarifaire conjointe du repr\u00e9sentant de l'\u00c9tat dans le d\u00e9partement et du pr\u00e9sident du Conseilg\u00e9n\u00e9ral ; Vu la d\u00e9lib\u00e9ration du Conseil de la M\u00e9tropole de Lyon n\u00b0 2024-2541 du 16 d\u00e9cembre 2024 fixant l'\u00e9volutionde l'enveloppe de tarification 2025 des structures de l'aide \u00e0 l'enfance ;Vu la circulaire du 16 juillet 2024 relative \u00e0 la campagne budg\u00e9taire 2024 des \u00e9tablissements et servicesconcourant \u00e0 la mission de protection judiciaire de la jeunesse ;Vu larr\u00eat\u00e9 du Pr\u00e9sident de la M\u00e9tropole n\u00b0 2022-03-07-R-0231 du 7 mars 2022 donnant d\u00e9l\u00e9gation designature \u00e0 madame Lucie VACHER, Vice-Pr\u00e9sidente ;Vu les propositions budg\u00e9taires et leurs annexes pr\u00e9sent\u00e9es, au titre de l'exercice 2025, par MadameJacqueline PAYRE Pr\u00e9sidente de l'association gestionnaire UDAF du Rh\u00f4ne et de la M\u00e9tropole de Lyon pourl'\u00e9tablissement mentionn\u00e9 \u00e0 l'article 1 du pr\u00e9sent arr\u00eat\u00e9 ;Vu la lettre de proc\u00e9dure contradictoire \u00e9crite du 12 septembre 2025 ;Vu l'arr\u00eat\u00e9 conjoint entre la M\u00e9tropole de Lyon et la Pr\u00e9fecture du Rh\u00f4ne n\u00b0 DTPJJ_SAH-2025_10_03_01 etn\u00b0 2025-DSHE-DPPE-09-0001 du 30 septembre 2025 fixant le prix de journ\u00e9e 2025 pour le dispositif du SCAFE - AEMOCLASSIQUE ;\nPage 1 sur 2\n01-69_DTPJJ_Direction territoriale de la protection judiciaire de la jeunesse de l'Ain et du Rh\u00f4ne - 69-2025-12-04-00005 - Arr\u00eat\u00e9\nconjoint portant fixation du prix de journ\u00e9e 2025 du SCAFE - AEMO classique (UDAF) - DTPJJ SAH 2025 05 12 01 16\nVu les rapports du Directeur Territorial de la protection judiciaire de la jeunesse pour le d\u00e9partement duRh\u00e9ne agissant par d\u00e9l\u00e9gation de la Directrice interr\u00e9gionale de la protection judiciaire de la jeunesse Centre-Est et de laDirectrice g\u00e9n\u00e9rale adjointe d\u00e9l\u00e9gu\u00e9e aux solidarit\u00e9s, \u00e0 l'habitat et a l'\u00e9ducation ;Sur proposition de Monsieur le Pr\u00e9fet, Secr\u00e9taire g\u00e9n\u00e9ral de la Pr\u00e9fecture du Rh\u00f4ne, Pr\u00e9fet d\u00e9l\u00e9gu\u00e9 pourl'\u00e9galit\u00e9 des chances et de Madame la Directrice g\u00e9n\u00e9rale d\u00e9l\u00e9gu\u00e9e au d\u00e9veloppement solidaire, \u00e0 habitat et \u00e0l'\u00e9ducation ;Consid\u00e9rant que l'activit\u00e9 du dispositif AEMO CLASSIQUE a commenc\u00e9 le 1er ao\u00fbt 2025, il convient demodifier les articles 1 et 2 de l'arr\u00eat\u00e9 conjoint entre la M\u00e9tropole de Lyon et la Pr\u00e9fecture du Rh\u00f4ne n\u00b0 DTPJJ_SAH-2025_10_03_01 et n\u00b0 2025-DSHE-DPPE-09-0001 du 30 septembre 2025 ;arr\u00e9tentArticle 1 \u2014 Les dispositions figurant \u00e0 l'article 1 de l'arr\u00eat\u00e9 conjoint entre la M\u00e9tropole de Lyon et la Pr\u00e9fecture du Rh\u00f4ne n\u00b0DTPJJ_SAH-2025_10_03_01 et n\u00b0 2025-DSHE-DPPE-09-0001 du 30 septembre 2025 sont modifi\u00e9es comme suit :A compter du 1\u00b0 ao\u00fbt 2025, les charges et les produits pr\u00e9visionnels du Dispositif de l'\u00e9tablissement SCAFE - AEMOCLASSIQUE sont autoris\u00e9s comme suit :Groupes fonctionnels Montants (en \u20ac) Total (en \u20ac)groupe |charges aff\u00e9rentes \u00e0 l'exploitation courante 26 866,13groupe II :charges |charges aff\u00e9rentes au personnel 324 982,92 419 561,74groupe Ill: \u00c0d\u00e9penses aff\u00e9rentes \u00e0 la structure 67 712,69groupe| :produits de la tarification 419 561,74groupe II:produits autres produits relatifs \u00e0 exploitation 0,00 419 561,74groupe lil :produits financiers et produits non encaissables 0,00\nArticle 2 \u2014 le prix de journ\u00e9e applicable \u00e0 compter du 1\u00b0 ao\u00fbt 2025 du dispositif SCAFE \u2014 AEMO CLASSIQUE est fix\u00e9 \u00e09,85 \u20ac.Article3 - L'article 3 de l'arr\u00eat\u00e9 conjoint entre la M\u00e9tropole de Lyon et la Pr\u00e9fecture du Rh\u00f4ne n\u00b0 DTPJJ_SAH-2025_10_03_01 et n\u00b0 2025-DSHE-DPPE-09-0001 du 30 septembre 2025 reste inchang\u00e9.Article 3 - Le pr\u00e9sent arr\u00eat\u00e9 peut faire l'objet, dans un d\u00e9lai de deux mois \u00e0 compter de sa notification et de sa publication,soit d'un recours gracieux devant le Pr\u00e9sident de la M\u00e9tropole - Direction Pr\u00e9vention et protection de l'enfance, soit d'unrecours contentieux devant le Tribunal administratif de Lyon - 184 rue Duguesclin 69433 Lyon cedex 03, en application desarticles R 421-1 et suivants du code de justice administrative ou au moyen de l'application informatique \u00ab T\u00e9l\u00e9recourscitoyens \u00bb accessible par le site internet www.telerecours.fr.Article 4 - Monsieur le Pr\u00e9fet, Secr\u00e9taire g\u00e9n\u00e9ral de la Pr\u00e9fecture du Rh\u00f4ne, Pr\u00e9fet d\u00e9l\u00e9gu\u00e9 pour l'\u00e9galit\u00e9 des chances, laDirectrice g\u00e9n\u00e9rale et le Comptable public \u2014 Service de gestion comptable de Lyon Ville et M\u00e9tropole et Madame laDirectrice interr\u00e9gionale de la protection judiciaire de la jeunesse Centre-Est sont charg\u00e9s, chacun en ce qui le concerne,de l'ex\u00e9cution du pr\u00e9sent arr\u00eat\u00e9 qui sera applicable apr\u00e8s affichage et publication au recueil des actes administratifs de lapr\u00e9fecture du Rh\u00f4ne. Une ampliation sera notifi\u00e9e au destinataire du pr\u00e9sent arr\u00eat\u00e9.\nLyon, le 04 /12/2095La Pr\u00e9f\u00e8te, Pour le Pr\u00e9sident: e, ie UTa SOUS site La Vice-Pr\u00e9sidente d\u00e9l\u00e9gu\u00e9ea  Lucie VACHER\nPage 2 sur 2\n01-69_DTPJJ_Direction territoriale de la protection judiciaire de la jeunesse de l'Ain et du Rh\u00f4ne - 69-2025-12-04-00005 - Arr\u00eat\u00e9\nconjoint portant fixation du prix de journ\u00e9e 2025 du SCAFE - AEMO classique (UDAF) - DTPJJ SAH 2025 05 12 01 17\n01-69_DTPJJ_Direction territoriale de la\nprotection judiciaire de la jeunesse de l'Ain et du\nRh\u00f4ne\n69-2025-12-04-00006\nArr\u00eat\u00e9 conjoint portant fixation du prix de\njourn\u00e9e 2025 du SCAFE - AEMO renforc\u00e9 (UDAF) -\nDTPJJ SAH 2025 12 05 02\n01-69_DTPJJ_Direction territoriale de la protection judiciaire de la jeunesse de l'Ain et du Rh\u00f4ne - 69-2025-12-04-00006 - Arr\u00eat\u00e9\nconjoint portant fixation du prix de journ\u00e9e 2025 du SCAFE - AEMO renforc\u00e9 (UDAF) - DTPJJ SAH 2025 12 05 02 18\nPREFETE METROPOLEDU RHONELibert\u00e9Egalit\u00e9Fraternit\u00e9Direction interr\u00e9gionale de la Protection D\u00e9l\u00e9gation Solidarit\u00e9s, Habitat et EducationJudiciaire de la Jeunesse Centre-Est Direction de la pr\u00e9vention et de la protection deDirection territoriale Rh\u00f4ne-Ain l'enfance33 rue Moncey Unit\u00e9 tarification69003 LYON CS 3356969505 LYON CEDEX 03Arr\u00eat\u00e9 n\u00b0DTPJJ_SAH-2025_|}_05_D1 Arr\u00eat\u00e9 n\u00b02025-DSHE-DPPE-11-0002ARR\u00caT\u00c9 CONJOINTcommune : Bronobjet : Prix de journ\u00e9e - Exercice 2025 - Dispositif \u00c9tablissement SCAFE \u2014 AEMO RENFORCE 191 C AVENUE SAINTEXUPERY de l'association ENTRAIDE PROTESTANTE DE LYONLe Pr\u00e9sident de la M\u00e9tropole de Lyon, et la Pr\u00e9f\u00e9te de la Zone de d\u00e9fense et de s\u00e9curit\u00e9 sud-est, Pr\u00e9f\u00e8te de la r\u00e9gionAuvergne Rh\u00f4ne-Alpes, Pr\u00e9f\u00e9te du Rh\u00f4ne, Commandeur de la L\u00e9gion d'honneur, Commandeur de l'Ordre national duM\u00e9rite,Vu le code g\u00e9n\u00e9ral des collectivit\u00e9s territoriales ;Vu le code de l'action sociale et des familles et notamment :- les articles L.314-1 et suivants relatifs aux dispositions financi\u00e8res applicables aux\u00e9tablissements et services sociaux et m\u00e9dico-sociaux ;- les articles R.314-1 et suivants relatifs \u00e0 la gestion budg\u00e9taire, comptable et financi\u00e8re, et auxmodalit\u00e9s de financement et de tarification des \u00e9tablissements et services sociaux et m\u00e9dico-sociaux \u00e9num\u00e9r\u00e9s au | del'article L.312-1 du m\u00eame code ;Vu les articles 375 \u00e0 375-8 du code civil relatifs \u00e0 l'assistance \u00e9ducative ;Vu lordonnance n\u00b0 45-1845 du 18 ao\u00fbt 1945 relative au remboursement aux institutions des frais d'entretienet d'\u00e9ducation des mineurs d\u00e9linquants ;Vu le d\u00e9cret n\u00b0 2010-214 du 2 mars 2010 relatif au ressort territorial, \u00e0 l'organisation et aux attributions desservices d\u00e9concentr\u00e9s de la Protection Judiciaire de la Jeunesse ;Vu l'arr\u00eat\u00e9 du Ministre de la justice du 19 d\u00e9cembre 2003 relatif aux modes de tarification applicables auxprestations d'action \u00e9ducative d\u00e9livr\u00e9es par les \u00e9tablissements et services concourant \u00e0 la protection judiciaire de lajeunesse et sous comp\u00e9tence tarifaire conjointe du repr\u00e9sentant de l'\u00c9tat dans le d\u00e9partement et du pr\u00e9sident du Conseilg\u00e9n\u00e9ral ;Vu la d\u00e9lib\u00e9ration du Conseil de la M\u00e9tropole de Lyon n\u00b0 2024-2541 du 16 d\u00e9cembre 2024 fixant l'\u00e9volutionde l'enveloppe de tarification 2025 des structures de l'aide \u00e0 l'enfance ;Vu la circulaire du 16 juillet 2024 relative \u00e0 la campagne budg\u00e9taire 2024 des \u00e9tablissements et servicesconcourant \u00e0 la mission de protection judiciaire de la jeunesse ;Vu l'arr\u00eat\u00e9 du Pr\u00e9sident de la M\u00e9tropole n\u00b0 2022-03-07-R-0231 du 7 mars 2022 donnant d\u00e9l\u00e9gation designature \u00e0 madame Lucie VACHER, Vice-Pr\u00e9sidente ;Vu les propositions budg\u00e9taires et leurs annexes pr\u00e9sent\u00e9es, au titre de l'exercice 2025, par Monsieur GillesBALBONI Pr\u00e9sident de l'association gestionnaire ENTRAIDE PROTESTANTE DE LYON pour l'\u00e9tablissement mentionn\u00e9 \u00e0l'article 1 du pr\u00e9sent arr\u00eat\u00e9 ;Vu la lettre de proc\u00e9dure contradictoire \u00e9crite du 12 septembre 2025 ;Vu l'arr\u00eat\u00e9 conjoint entre la M\u00e9tropole de Lyon et la Pr\u00e9fecture du Rh\u00f4ne n\u00b0 DTPJJ_SAH-2025_10_03_02 etn\u00b0 2025-DSHE-DPPE-09-0002 du 30 septembre 2025 fixant le prix de journ\u00e9e 2025 pour le dispositif du SCAFE - AEMORENFORCE ;\nPage 1 sur 2\n01-69_DTPJJ_Direction territoriale de la protection judiciaire de la jeunesse de l'Ain et du Rh\u00f4ne - 69-2025-12-04-00006 - Arr\u00eat\u00e9\nconjoint portant fixation du prix de journ\u00e9e 2025 du SCAFE - AEMO renforc\u00e9 (UDAF) - DTPJJ SAH 2025 12 05 02 19\nVu les rapports du Directeur Territorial! de la protection judiciaire de la jeunesse pour le d\u00e9partement duRh\u00f4ne agissant par d\u00e9l\u00e9gation de la Directrice interr\u00e9gionale de la protection judiciaire de la jeunesse Centre-Est et de laDirectrice g\u00e9n\u00e9rale adjointe d\u00e9l\u00e9gu\u00e9e aux solidarit\u00e9s, \u00e0 l'habitat et \u00e0 l'\u00e9ducation ;Sur proposition de Monsieur le Pr\u00e9fet, Secr\u00e9taire g\u00e9n\u00e9ral de la Pr\u00e9fecture du Rh\u00f4ne, Pr\u00e9fet d\u00e9l\u00e9gu\u00e9 pourl'\u00e9galit\u00e9 des chances et de Madame la Directrice g\u00e9n\u00e9rale d\u00e9l\u00e9gu\u00e9e au d\u00e9veloppement solidaire, \u00e0 lhabitat et \u00e0l'\u00e9ducation;Consid\u00e9rant que l'activit\u00e9 du dispositif AEMO RENFORCE a commenc\u00e9 le 1er ao\u00fbt 2025, il convient demodifier les articles 1 et 2 de l'arr\u00eat\u00e9 conjoint entre la M\u00e9tropole de Lyon et la Pr\u00e9fecture du Rh\u00f4ne n\u00b0 DTPJJ_SAH-2025_10_03 02 et n\u00b0 2025-DSHE-DPPE-09-0002 du 30 septembre 2025 ;arr\u00eatentArticle 1 \u2014 Les dispositions figurant \u00e0 l'article 1 de l'arr\u00eat\u00e9 conjoint entre la M\u00e9tropole de Lyon et la Pr\u00e9fecture du Rh\u00f4ne n\u00b0DTPJJ_SAH-2025_10_03_02 et n\u00b0 2025-DSHE-DPPE-09-0002 du 30 septembre 2025 sont modifi\u00e9es comme suit :A compter du 1\u00b0 ao\u00fbt 2025, les charges et les produits pr\u00e9visionnels du Dispositif de l'\u00e9tablissement SCAFE - AEMORENFORCE sont autoris\u00e9s comme suit :Groupes fonctionnels Montants (en \u20ac) Total (en \u20ac)groupe |charges aff\u00e9rentes \u00e0 l'exploitation courante 6 908,42groupe Il :charges {charges aff\u00e9rentes au personnel 84 902,85 109 223,08groupe III :d\u00e9penses aff\u00e9rentes \u00e0 la structure 17 411,81groupe |:produits de la tarification 109 223,08groupe Il:produits autres produits relatifs \u00e0 l'exploitation 0,00 109 223,08groupe Ill :produits financiers et produits non encaissables 0,00\nArticle 2 \u2014 le prix de journ\u00e9e applicable \u00e0 compter du 1\u00b0 ao\u00fbt 2025 du dispositif SCAFE - AEMO RENFORCE est fix\u00e9 \u00e019,95 \u20ac.Article3 \u2014 L'article 3 de l'arr\u00eat\u00e9 conjoint entre la M\u00e9tropole de Lyon et la Pr\u00e9fecture du Rh\u00f4ne n\u00b0 DTPJJ_SAH-2025 10_03_02 et n\u00b0 2025-DSHE-DPPE-09-0002 du 30 septembre 2025 reste inchang\u00e9.Article 3 - Le pr\u00e9sent arr\u00eat\u00e9 peut faire l'objet, dans un d\u00e9lai de deux mois \u00e0 compter de sa notification et de sa publication,soit d'un recours gracieux devant le Pr\u00e9sident de la M\u00e9tropole - Direction Pr\u00e9vention et protection de l'enfance, soit d'unrecours contentieux devant le Tribunal administratif de Lyon - 184 rue Duguesclin 69433 Lyon cedex 03, en application desarticles R 421-1 et suivants du code de justice administrative ou au moyen de l'application informatique \u00ab T\u00e9l\u00e9recourscitoyens \u00bb accessible par le site internet www.telerecours.fr.Article 4 - Monsieur le Pr\u00e9fet, Secr\u00e9taire g\u00e9n\u00e9ral de la Pr\u00e9fecture du Rh\u00f4ne, Pr\u00e9fet d\u00e9l\u00e9gu\u00e9 pour l'\u00e9galit\u00e9 des chances, laDirectrice g\u00e9n\u00e9rale et le Comptable public \u2014 Service de gestion comptable de Lyon Ville et M\u00e9tropole et Madame laDirectrice interr\u00e9gionale de la protection judiciaire de la jeunesse Centre-Est sont charg\u00e9s, chacun en ce qui le concerne,de l'ex\u00e9cution du pr\u00e9sent arr\u00eat\u00e9 qui sera applicable apr\u00e8s affichage et publication au recueil des actes administratifs de lapr\u00e9fecture du Rh\u00f4ne. Une ampliation sera notifi\u00e9e au destinataire du pr\u00e9sent arr\u00eat\u00e9.\nLyon, le 04/12/2025La Pr\u00e9f\u00e8te, Pour le Pr\u00e9sident,pr\u00e9f\u00e8te La Vice-Pr\u00e9sidente d\u00e9l\u00e9gu\u00e9ea SOUS- .S\u00e9cr\u00e9t hgcaendrat adjointeSSONJugith je \u00e0 Lucie VACHER\nPage 2 sur 2\n01-69_DTPJJ_Direction territoriale de la protection judiciaire de la jeunesse de l'Ain et du Rh\u00f4ne - 69-2025-12-04-00006 - Arr\u00eat\u00e9\nconjoint portant fixation du prix de journ\u00e9e 2025 du SCAFE - AEMO renforc\u00e9 (UDAF) - DTPJJ SAH 2025 12 05 02 20\n69_DDT_Direction d\u00e9partementale des\nterritoires du Rh\u00f4ne\n69-2025-12-08-00001\nA43 AP69 2025 12 08 00001\n69_DDT_Direction d\u00e9partementale des territoires du Rh\u00f4ne - 69-2025-12-08-00001 - A43 AP69 2025 12 08 00001 21\nPREFETEDU RHONELibert\u00e9\u00c9galit\u00e9Fraternit\u00e9\nDirection d\u00e9partementale\ndes territoires\nArr\u00eat\u00e9 pr\u00e9fectoral n\u00b0 69-2025-12-08-00001\nportant r\u00e9glementation temporaire de la circulation sur l'autoroute A43\nrelatif \u00e0 des op\u00e9rations de joints de chauss\u00e9e du PS301a\nLa Pr\u00e9f\u00e8te de la R\u00e9gion Auvergne-Rh\u00f4ne-Alpes,\nPr\u00e9f\u00e8te de la Zone de d\u00e9fense et de s\u00e9curit\u00e9 Sud-Est,\nPr\u00e9f\u00e8te du Rh\u00f4ne,\nCommandeur de la L\u00e9gion d'honneur,\nCommandeur de l'ordre national du M\u00e9rite,\nVU\u00a0le code de la route ;\nVU\u00a0le code de la voirie routi\u00e8re ;\nVU\u00a0la loi n\u00b0 55-435 du 18 avril 1955 modifi\u00e9e portant statut des autoroutes ;\nVU\u00a0le  d\u00e9cret  du  7  f\u00e9vrier  1992  approuvant  la  convention  pass\u00e9e  entre  l'\u00c9tat  et  la  soci\u00e9t\u00e9  des\nautoroutes  du  Sud  de  la  France  pour  la  concession  de  la  construction,  de  l'entretien  et  de\nl'exploitation d'autoroutes, et ses avenants ;\nVU\u00a0le d\u00e9cret n\u00b0 96-982 du 8 novembre 1996 relatif \u00e0 la police de circulation sur les autoroutes ;\nVU\u00a0le d\u00e9cret  en conseil  des  ministres du 11 janvier  2023  portant  nomination  de Mme Fabienne\nBUCCIO, en qualit\u00e9 de pr\u00e9f\u00e8te de la r\u00e9gion Auvergne-Rh\u00f4ne-Alpes, pr\u00e9f\u00e8te de la zone de d\u00e9fense et\nde s\u00e9curit\u00e9 Sud-Est, pr\u00e9f\u00e8te du Rh\u00f4ne ;\nVU\u00a0le d\u00e9cret en conseil des ministres du 6 novembre 2024 portant nomination de M. Antoine GUERIN,\nen qualit\u00e9 de pr\u00e9fet d\u00e9l\u00e9gu\u00e9 pour la d\u00e9fense et la s\u00e9curit\u00e9 aupr\u00e8s de la pr\u00e9f\u00e8te de la r\u00e9gion Auvergne-\nRh\u00f4ne-Alpes, pr\u00e9f\u00e8te de la zone de d\u00e9fense et de s\u00e9curit\u00e9 Sud-Est, pr\u00e9f\u00e8te du Rh\u00f4ne ;\nVU le d\u00e9cret n\u00b02004-374 du 29 avril 2004 modifi\u00e9 relatif aux pouvoirs des pr\u00e9fets, \u00e0 l'organisation et \u00e0\nl'action des services de l'\u00c9tat dans les r\u00e9gions et d\u00e9partements ;\nVU\u00a0l'arr\u00eat\u00e9 interminist\u00e9riel du 24 novembre 1967 modifi\u00e9 relatif \u00e0 la signalisation des routes et des\nautoroutes ;\nVU\u00a0l'arr\u00eat\u00e9 pr\u00e9fectoral n\u00b0 69-2025-09-08-00008 du 08 septembre 2025 portant d\u00e9l\u00e9gation de signature\n\u00e0 M. Xavier CEREZA, directeur d\u00e9partemental des territoires du Rh\u00f4ne ;\nVU\u00a0l'instruction  interminist\u00e9rielle  sur  la  signalisation  routi\u00e8re  (Livre  I,  8\u00e8me partie  :  signalisation\ntemporaire) approuv\u00e9e par l'arr\u00eat\u00e9 interminist\u00e9riel du 6 novembre 1992 et modifi\u00e9e par les textes\nsubs\u00e9quents ;\nVU\u00a0la note technique du 14 avril 2016 du minist\u00e8re de l'environnement, de l'\u00e9nergie et de la mer\nrelative \u00e0 la coordination des chantiers sur le r\u00e9seau national ;\n69_DDT_Direction d\u00e9partementale des territoires du Rh\u00f4ne - 69-2025-12-08-00001 - A43 AP69 2025 12 08 00001 22\nVU\u00a0la note de la direction g\u00e9n\u00e9rale des infrastructures, des transports et des mobilit\u00e9s (DGITM) direction\ndes  mobilit\u00e9s  routi\u00e8res (DMR)  du  23  janvier  2025  d\u00e9finissant  le  calendrier  des  jours  \u00ab hors\nchantiers \u00bb retenus pour l'ann\u00e9e 2025 et pour le mois de janvier 2026 sur le r\u00e9seau routier national\n(RRN) ;\nVU\u00a0la  d\u00e9cision  n\u00b0 DDT-69-2025-09-11-00001  du  11  septembre  2025  de  M. Xavier  CEREZA,  directeur\nd\u00e9partemental des territoires du Rh\u00f4ne portant subd\u00e9l\u00e9gation de signature en mati\u00e8re d'attributions\ng\u00e9n\u00e9rales \u00e0 M. Nicolas CROSSONNEAU, chef du service s\u00e9curit\u00e9 et transports ;\nVU\u00a0l'avis  favorable  de  la  direction  g\u00e9n\u00e9rale  des  infrastructures,  des  transports  et  des  mobilit\u00e9s\n(DGITM), direction des mobilit\u00e9s routi\u00e8res (DMR), sous-direction des financements innovants et du\ncontr\u00f4le des concessions autorouti\u00e8res (FCA) du 3 d\u00e9cembre 2025 ;\nVU\u00a0l'avis  favorable  de  la  compagnie  r\u00e9publicaine  de  s\u00e9curit\u00e9  autorouti\u00e8re  Rh\u00f4ne-Alpes-Auvergne\n(CRSARAA) du 1er d\u00e9cembre 2025 ;\nVU\u00a0l'avis  favorable  de  la  direction  interd\u00e9partementale  des  routes  Centre-Est,  service  r\u00e9gional\nd'exploitation de Lyon, PCG Coraly (PC Genas) du 4 d\u00e9cembre 2025;\nVU\u00a0l'information communiqu\u00e9e au service d\u00e9partemental et m\u00e9tropolitain d'incendie et de secours en\n(SDMIS) date du 1er d\u00e9cembre 2025 ;\nCONSID\u00c9RANT\u00a0la demande  d'arr\u00eat\u00e9  pr\u00e9sent\u00e9e  par  le  groupe  des  autoroutes  Paris-Rhin-Rh\u00f4ne-\n(APRR/AREA) le 1er d\u00e9cembre 2025, pour des travaux de r\u00e9fection de joints de chauss\u00e9e sur l'autoroute\nA43 ;\nCONSID\u00c9RANT\u00a0les avis rendus par les gestionnaires de voiries figurant ci-dessus ;\nCONSID\u00c9RANT\u00a0que pendant les travaux de r\u00e9fection de joints de chauss\u00e9e du PS301a  sur l'autoroute\nA43, il y a lieu de r\u00e9glementer la circulation afin de pr\u00e9venir tout risque d'accident, de faciliter la bonne\nex\u00e9cution des travaux et d'assurer un \u00e9coulement satisfaisant du trafic ;\nCONSID\u00c9RANT\u00a0que la section concern\u00e9e est situ\u00e9e hors agglom\u00e9ration,\nSur\u00a0proposition du directeur d\u00e9partemental des territoires du Rh\u00f4ne,\nARR\u00caTE\nArticle\u00a0 \u00a0\u00a0\u00a0\u00a01\u00a0\u00a0\nPour l'ex\u00e9cution des travaux, le mode d'exploitation retenu entra\u00eene des contraintes d'exploitation, \nmises en \u0153uvre avec le phasage suivant :\nA titre indicatif :\nSens 1 : Lyon-Chamb\u00e9ry\nSens 2 : Chamb\u00e9ry-Lyon\nSemaine Sens Date phasage Mode d'exploitation\n51\n1\n15/12/25 19/12/25\nLa\u00a0nuit\u00a021h00-5h00\nFermeture des bretelles d'entr\u00e9e (3.4 et 3.6) du \ndiffuseur n\u00b03 Porte des Alpes Acc\u00e8s \u00e0 l'A43 via la bretelle 3.8\n2\nLa\u00a0nuit\u00a021h00-5h00\nFermeture des bretelles d'entr\u00e9e (3.3 et 3.5) du \ndiffuseur n\u00b0 3 Porte des Alpes  Acc\u00e8s \u00e0 l'A43 via la bretelle 3.1\n2/4\n69_DDT_Direction d\u00e9partementale des territoires du Rh\u00f4ne - 69-2025-12-08-00001 - A43 AP69 2025 12 08 00001 23\nArticle\u00a0 \u00a0\u00a0\u00a0\u00a02\u00a0\u00a0\nIl rel\u00e8ve de l'obligation du gestionnaire d'informer les personnes charg\u00e9es de faire appliquer l'arr\u00eat\u00e9\nainsi que les personnes ayant un int\u00e9r\u00eat \u00e0 conna\u00eetre les d\u00e9cisions prises \u00e0 l'article 10, en cas :\n- d'annulation de la date initialement programm\u00e9e ;\n- de report de la date pour des al\u00e9as techniques ou des conditions m\u00e9t\u00e9orologiques d\u00e9favorables ad -\nmis jusqu'au 26 d\u00e9cembre 2025 , selon le m\u00eame cr\u00e9neau horaire, les m\u00eames conditions et les m\u00eames\ndispositions ;\nArticle\u00a0 \u00a0\u00a0\u00a0\u00a03\u00a0\u00a0\u00a0\u00a0\u00a0\u00a0\nLes d\u00e9viations associ\u00e9es aux fermetures suivantes seront mises en place :\nFermeture\u00a0du\u00a0pont\u00a0sup\u00e9rieur\u00a0301a\u00a0en\u00a0direction\u00a0de\u00a0Chamb\u00e9ry:\nDepuis la D112 Nord, suivre la D506 pour rejoindre le diffuseur n\u00b04 Bron Aviation\nDepuis la D112 Sud, suivre la bretelle d'entr\u00e9e n\u00b0 3.8\nFermeture\u00a0du\u00a0pont\u00a0sup\u00e9rieur\u00a0301a\u00a0en\u00a0direction\u00a0de\u00a0Lyon:\nDepuis la D112 Nord, suivre la bretelle d'entr\u00e9e n\u00b0 3.1 \nDepuis la D112 Sud, suivre Boulevard de l'universit\u00e9\nArticle\u00a0 \u00a0\u00a0\u00a0\u00a04\u00a0\u00a0  \nLa mise en place et le maintien de la signalisation temporaire ou sp\u00e9cifique de ces fermetures seront\nassur\u00e9s par les services des autoroutes Paris-Rhin-Rh\u00f4ne (APRR), conform\u00e9ment \u00e0 la r\u00e9glementation en\nvigueur.\nLors de la mise en place, de la modification, de la maintenance \u00e9ventuelle et du retrait de la signalisa -\ntion de chantier, des restrictions ponctuelles compl\u00e9mentaires ou des ralentissements et des interrup-\ntions courtes de circulation pourront \u00eatre impos\u00e9s de mani\u00e8re \u00e0 s\u00e9curiser les op\u00e9rations.\nEn cas de n\u00e9cessit\u00e9 op\u00e9rationnelle, les v\u00e9hicules de secours pourront emprunter les sections ferm\u00e9es\n(circulation sur chauss\u00e9e avec pr\u00e9sence de personnel \u00e0 pied), apr\u00e8s en avoir avis\u00e9 le PC CESAR de\nNances.\nArticle\u00a0 \u00a0\u00a0\u00a0\u00a05\u00a0\u00a0\nLes forces de l'ordre seront pr\u00e9sentes, si elles sont requises, pour accompagner les \u00e9quipes d'interven-\ntion des gestionnaires des routes, afin de faire respecter les mesures de police n\u00e9cessaires pour proc\u00e9-\nder \u00e0 l'arr\u00eat ou \u00e0 des ralentissements de la circulation lors de la pose et de la d\u00e9pose de la signalisa -\ntion.\nToutefois, dans les cas o\u00f9 les forces de l'ordre ne sont pas requises, ou une fois requises, sont dans\nl'impossibilit\u00e9 d'\u00eatre pr\u00e9sentes, les \u00e9quipes d'intervention des gestionnaires des routes sont autoris\u00e9es\n\u00e0 r\u00e9aliser seules ces op\u00e9rations de balisage au moyen de dispositifs de signalisation, sous r\u00e9serve de la\npolitique interne de chaque exploitant.\nArticle\u00a0 \u00a0\u00a0\u00a0\u00a06\u00a0\u00a0\nLa signalisation temporaire r\u00e9glementaire doit \u00eatre conforme \u00e0 l'instruction interminist\u00e9rielle (Livre I-\n8\u00e8me partie) approuv\u00e9e par arr\u00eat\u00e9 interminist\u00e9riel du 6 novembre 1992 et aux manuels du chef de\nchantier.\nLa mise en place,  le contr\u00f4le,  la maintenance et  l'enl\u00e8vement  de la signalisation temporaire des\nfermetures et des itin\u00e9raires de d\u00e9viations sont effectu\u00e9s sous la responsabilit\u00e9 des services d'AREA et\nde Grand Lyon.\nArticle\u00a0 \u00a0\u00a0\u00a0\u00a07\u00a0\u00a0\nLors de l'ach\u00e8vement des travaux et avant le r\u00e9tablissement normal de la circulation, la chauss\u00e9e doit\n\u00eatre propre et satisfaire aux normes de s\u00e9curit\u00e9 en vigueur.\n3/4\n69_DDT_Direction d\u00e9partementale des territoires du Rh\u00f4ne - 69-2025-12-08-00001 - A43 AP69 2025 12 08 00001 24\nArticle\u00a0 \u00a0\u00a0\u00a0\u00a08\u00a0\u00a0\nToute infraction au pr\u00e9sent arr\u00eat\u00e9 sera constat\u00e9e par proc\u00e8s-verbal dress\u00e9 par les forces de l'ordre.\nArticle\u00a0 \u00a0\u00a0\u00a0\u00a09\u00a0\u00a0\nLe gestionnaire de la voirie affichera le pr\u00e9sent arr\u00eat\u00e9 aux abords des zones ferm\u00e9es et interdites.\nArticle\u00a0 \u00a0\u00a0\u00a0\u00a010\u00a0 \u00a0\n- Le pr\u00e9fet, secr\u00e9taire g\u00e9n\u00e9ral de la pr\u00e9fecture du Rh\u00f4ne,\n- le directeur r\u00e9gional Rh\u00f4ne du groupe des Autoroutes Paris-Rhin-Rh\u00f4ne et du r\u00e9seau AREA,\n- le  commandant  de  la  compagnie  r\u00e9publicaine  de  s\u00e9curit\u00e9  autorouti\u00e8re  Rh\u00f4ne-Alpes-Auvergne\n(CRSARAA),\nsont charg\u00e9s, chacun en ce qui le concerne, de l'ex\u00e9cution du pr\u00e9sent arr\u00eat\u00e9, dont copie est adress\u00e9e :\n- au pr\u00e9sident de la m\u00e9tropole de Lyon,\n- au pr\u00e9sident du conseil d\u00e9partemental du Rh\u00f4ne,\n- \u00e0 la directrice des mobilit\u00e9s routi\u00e8res (DGITM/DMR), sous-direction des financements innovants et\ndu contr\u00f4le des concessions autorouti\u00e8res (FCA),\n- \u00e0 la directrice interd\u00e9partementale des routes Centre-Est (PC-Genas),\n- au directeur du service d\u00e9partemental et m\u00e9tropolitain d'incendie et de secours,\n- \u00e0 l'officier du minist\u00e8re public pr\u00e8s du tribunal de police de Lyon,\n- au directeur d\u00e9partemental des territoires du Rh\u00f4ne.\nLyon, le 8 d\u00e9cembre 2025\nLa pr\u00e9f\u00e8te,\npour la pr\u00e9f\u00e8te et par d\u00e9l\u00e9gation,\nle directeur d\u00e9partemental des territoires du Rh\u00f4ne,\npour le directeur et par subd\u00e9l\u00e9gation,\nle chef du service s\u00e9curit\u00e9 et transports,\nD\u00e9lais\u00a0et\u00a0voies\u00a0de\u00a0recours\u00a0:\nConform\u00e9ment \u00e0 l'article R.421-1 du code de justice administrative, la pr\u00e9sente d\u00e9cision peut faire l'objet\nd'un recours contentieux, dans le d\u00e9lai de deux mois \u00e0 compter de sa notification, devant le tribunal\nadministratif  de  Lyon  (184,  rue  Duguesclin  \u2013  69  433  Lyon  Cedex  03,  ou  sur  l'application\nwww.telerecours.fr). Elle peut \u00e9galement faire l'objet d'un recours gracieux aupr\u00e8s de Madame la Pr\u00e9f\u00e8te\ndu Rh\u00f4ne. Cette d\u00e9marche interrompt le d\u00e9lai de recours contentieux, ce dernier devant \u00eatre introduit\ndans le d\u00e9lai de deux mois suivant une d\u00e9cision implicite ou explicite de l'autorit\u00e9 comp\u00e9tente (le silence\nde l'administration pendant un d\u00e9lai de deux mois valant d\u00e9cision implicite de rejet).\n4/4\n69_DDT_Direction d\u00e9partementale des territoires du Rh\u00f4ne - 69-2025-12-08-00001 - A43 AP69 2025 12 08 00001 25\n69_Pr\u00e9f_Pr\u00e9fecture du Rh\u00f4ne\n69-2025-12-04-00009\nArr\u00eat\u00e9 pr\u00e9fectoral du 4 d\u00e9cembre 2025\nrelatif aux statuts et comp\u00e9tences de la\nCommunaut\u00e9 de Communes Sa\u00f4ne-Beaujolais\n69_Pr\u00e9f_Pr\u00e9fecture du Rh\u00f4ne - 69-2025-12-04-00009 - Arr\u00eat\u00e9 pr\u00e9fectoral du 4 d\u00e9cembre 2025\nrelatif aux statuts et comp\u00e9tences de la Communaut\u00e9 de Communes Sa\u00f4ne-Beaujolais 26\nesPREFETEDU RHONELibert\u00e9Egalit\u00e9Fraternit\u00e9\nSous-Pr\u00e9fecture\nde Villefranche-sur-Sa\u00f4ne\nDirection des Affaires Juridiques\net de l'Administration Locale\nBureau du Contr\u00f4le de L\u00e9galit\u00e9\net de l'Intercommunalit\u00e9\nArr\u00eat\u00e9 pr\u00e9fectoral n\u00b0                                                       du 4 d\u00e9cembre 2025                        \nrelatif aux statuts et comp\u00e9tences de la Communaut\u00e9 de Communes Sa\u00f4ne-Beaujolais\nLa Pr\u00e9f\u00e8te de la R\u00e9gion Auvergne-Rh\u00f4ne-Alpes,\nPr\u00e9f\u00e8te de la Zone de d\u00e9fense et de s\u00e9curit\u00e9 sud-est,\nPr\u00e9f\u00e8te du Rh\u00f4ne,\nCommandeur de la L\u00e9gion d'honneur,\nCommandeur de l'ordre national du M\u00e9rite,\nVU le Code G\u00e9n\u00e9ral des Collectivit\u00e9s Territoriales et notamment l'article L.5211-17 ;\nVU l'arr\u00eat\u00e9  pr\u00e9fectoral  n\u00b0  69-2016-11-16-003  du  16  novembre  2016  relatif  \u00e0  la  cr\u00e9ation  de  la \ncommunaut\u00e9 de communes Sa\u00f4ne-Beaujolais ;\nVU les arr\u00eat\u00e9s pr\u00e9fectoraux n\u00b0 69-2017-07-12-008 du 12 juillet 2017 , n\u00b0 69-2019-07-17-006 du 17 juillet 2019 \nn\u00b0 69-2021-06-18-00003 du 18 juin 2021 et n\u00b0 69-2023--12-15-00002 du 15 d\u00e9cembre 2023 relatifs aux  \nstatuts et comp\u00e9tences de la Communaut\u00e9 de Communes Sa\u00f4ne-Beaujolais ;\nVU la  d\u00e9lib\u00e9ration  du  5  juin  2025  par  laquelle  le  conseil  communautaire  de  la  communaut\u00e9  de \ncommunes  Sa\u00f4ne  Beaujolais  approuve  la  prise  de  la  comp\u00e9tence  assainissement  collectif  par  la \ncommunaut\u00e9 de communes \u00e0 compter du 1er janvier 2026 et la nouvelle r\u00e9daction des statuts modifi\u00e9s \nen cons\u00e9quence ;\nVU les d\u00e9lib\u00e9rations par lesquelles une majorit\u00e9 des conseils municipaux des communes membres de la \ncommunaut\u00e9 de communes Sa\u00f4ne Beaujolais approuve ce projet de modification statutaire.\nCONSID\u00c9RANT que les conditions de majorit\u00e9 sont r\u00e9unies ;\nSur proposition de Monsieur le sous-pr\u00e9fet de l'arrondissement de Villefranche sur Sa\u00f4ne ;\nARR\u00caTE\nArticle     Ier   : Les dispositions de l'arr\u00eat\u00e9 pr\u00e9fectoral n\u00b0 69-2016-11-16-003 du 16 novembre 2016  portant  \nconstitution de la communaut\u00e9 de communes Sa\u00f4ne Beaujolais, modifi\u00e9 par les arr\u00eat\u00e9s susvis\u00e9s, sont  \nremplac\u00e9es par les dispositions suivantes \u00e0 compter du 1er janvier 2026 :\nArticle     1   : La communaut\u00e9 de communes Sa\u00f4ne-Beaujolais comprend les communes suivantes :\nPr\u00e9fecture du Rh\u00f4ne\n18 Rue de Bonnel\n69419 LYON CEDEX 03\nT\u00e9l : 04 72 61 61 61\nwww.rhone.gouv.fr 1/4\n69_Pr\u00e9f_Pr\u00e9fecture du Rh\u00f4ne - 69-2025-12-04-00009 - Arr\u00eat\u00e9 pr\u00e9fectoral du 4 d\u00e9cembre 2025\nrelatif aux statuts et comp\u00e9tences de la Communaut\u00e9 de Communes Sa\u00f4ne-Beaujolais 27\n Aigueperse, Azolette, Beaujeu, Belleville-en-Beaujolais,  Cenves, Cerci\u00e9, Charentay, Chenas, Chiroubles, \nCorcelles-en-Beaujolais, Deux-Grosnes, Drac\u00e9, Emeringes, Fleurie, Julienas, Julli\u00e9, Lanci\u00e9, Lantigni\u00e9, Les  \nArdillats,  Marchampt,  Odenas,  Propi\u00e8res,  Quinci\u00e9-en-Beaujolais,  R\u00e9gni\u00e9-Durette,Saint-Bonnet-des-\nBruy\u00e8res, Saint-Cl\u00e9ment-de-Vers, Saint-Didier-sur-Beaujeu, Saint-Etienne-La-Varenne, Saint-Georges-de  \nReneins, Saint-Igny-de-Vers,Saint-Lager, Taponas,Vauxrenard, Vernay et Villi\u00e9-Morgon.\nArticle     2   : Le si\u00e8ge de la communaut\u00e9 de communes Sa\u00f4ne-Beaujolais est situ\u00e9 \u00e0 la Mairie de Belleville,  \n105 rue de la R\u00e9publique, 69220 BELLEVILLE-BELLEVILLE EN BEAUJOLAIS.\nArticle     3   : La communaut\u00e9 de communes Sa\u00f4ne-Beaujolais exerce les comp\u00e9tences suivantes : .\n1  Comp\u00e9tences obligatoires\u25cf  :\n1.1  Am\u00e9nagement  de  l'espace  pour  la  conduite  d'actions  d'int\u00e9r\u00eat  communautaire ;  sch\u00e9ma  de \ncoh\u00e9rence territoriale et sch\u00e9ma de secteur; plan local d'urbanisme, document d'urbanisme en tenant  \nlieu et carte communale;\n1.2 Actions de d\u00e9veloppement \u00e9conomique dans les conditions pr\u00e9vues \u00e0 l'article L.4251-17 (SRDEII);  \ncr\u00e9ation, am\u00e9nagement, entretien et gestion de zones d'activit\u00e9 industrielle, commerciale, tertiaire,  \nartisanale,  touristique,  portuaire  ou  a\u00e9roportuaire;  politique  locale  du  commerce  et  soutien  aux \nactivit\u00e9s commerciales d'int\u00e9r\u00eat communautaire; promotion du tourisme, dont la cr\u00e9ation d'offices de  \ntourisme, sans pr\u00e9judice de l'animation touristique qui est une comp\u00e9tence partag\u00e9e, au sens de  \nl'article L.1111-4 avec les communes membres de l'EPCI \u00e0 fiscalit\u00e9 propre ;\n1-3 Cr\u00e9ation, am\u00e9nagement, entretien et gestion des aires d'accueil des gens du voyage et des terrains \nfamiliaux locatifs d\u00e9finis aux 1\u00b0 \u00e0 3\u00b0 du II de l'article 1er de la loi n\u00b0 2000-614 du 5 juillet 2000 relative \u00e0 \nl'accueil et \u00e0 l'habitat des gens du voyage; \n1-4 Collecte et traitement des d\u00e9chets des m\u00e9nages et d\u00e9chets assimil\u00e9s.\n1-5 Gestion des milieux aquatiques et pr\u00e9vention des inondations (GEMAPI) dans les conditions pr\u00e9vues \n\u00e0 l'article L.211-7-I du code de l'environnement sur les bassins versants du territoire de la communaut\u00e9 \nde commune:\n\u2192 l'am\u00e9nagement d'un bassin ou d'une fraction de bassin hydrographique (alin\u00e9a 1er de l'article L.211-7-\nI du code de l'environnement);\n\u2192  l'entretien et l'am\u00e9nagement d'un cours d'eau, canal lac ou plan d'eau (alin\u00e9a 2 de l'article L.211-7-I \ndu code de l'environnement) ; \n\u2192  d\u00e9fense contre les inondations des habitations (alin\u00e9a 5 de l'article L.211-7-I du code de \nl'environnement) ;\n\u2192 la protection et la restauration des sites, des \u00e9cosyst\u00e8mes aquatiques et des zones humides et des \nformations bois\u00e9es riveraines (alin\u00e9a 8 de l'article L.211-7-I du code de l'environnement).\n2  Autres comp\u00e9tences \u25cf  : \nLa communaut\u00e9 de communes Sa\u00f4ne-Beaujolais exerce, en lieu et place des communes, les \ncomp\u00e9tences suivantes:\n2-1 Protection et mise en valeur de l'environnement, le cas \u00e9ch\u00e9ant dans le cadre de sch\u00e9mas \nd\u00e9partementaux et soutien aux actions de ma\u00eetrise de la demande d'\u00e9nergie.\n2-2 Politique du logement et du cadre de vie. \n2-3 Cr\u00e9ation, am\u00e9nagement et entretien de la voirie.\n2/4\n69_Pr\u00e9f_Pr\u00e9fecture du Rh\u00f4ne - 69-2025-12-04-00009 - Arr\u00eat\u00e9 pr\u00e9fectoral du 4 d\u00e9cembre 2025\nrelatif aux statuts et comp\u00e9tences de la Communaut\u00e9 de Communes Sa\u00f4ne-Beaujolais 28\n2-4 Construction, entretien et fonctionnement d'\u00e9quipements culturels et sportifs d'int\u00e9r\u00eat \ncommunautaire et d'\u00e9quipements de l'enseignement pr\u00e9 \u00e9l\u00e9mentaire et \u00e9l\u00e9mentaire d'int\u00e9r\u00eat \ncommunautaire.\n2-5 Action sociale d'int\u00e9r\u00eat communautaire.\n2-6 Actions dans le domaine culturel en faveur de :\na) La coordination et l'animation du Contrat Territoire Lecture et la coordination du r\u00e9seau des \nbiblioth\u00e8ques communales ;\nb) Actions de soutien en faveur d'acteurs culturels ;\nc) La coordination et la participation \u00e0 un projet d'\u00e9ducation artistique et culturel tout au  long de la \nvie ;\nd) Actions de soutien en faveur de l'enseignement artistique.\n2-7 Actions dans le domaine du sport en faveur de :\na) \u00c9laboration et mise en \u0153uvre d'un plan sportif local intercommunal \nb) Actions de soutien en faveur d'acteurs du sport.\n2-8 Contr\u00f4le et aide \u00e0 la gestion des installations d'assainissement non collectif; \n      Animation des op\u00e9rations collectives de r\u00e9habilitation.\n2-9 \u00c9tude, construction, am\u00e9nagement, extension, entretien et gestion des casernes de gendarmerie du \nterritoire.\n2-10 Actions favorisant le maillage territorial en mati\u00e8re d'infrastructures de charge n\u00e9cessaires \u00e0 l'usage \nde v\u00e9hicules \u00e9lectriques ou hybrides rechargeables en tant qu'elles concernent cr\u00e9ation, l'entretien et \nl'exploitation desdites infrastructures. \n2-11 Comp\u00e9tence Mobilit\u00e9 d\u00e9finie \u00e0 l'article L.1231-1-1 du Code des transports.\n2-12 \u00c9laboration d'\u00e9tudes de sch\u00e9mas directeurs intercommunaux d'eau potable et d'assainissement \ncollectif.\n2-13 Actions en faveur de la ruralit\u00e9 :\na) \u00c9tudes, \u00e9laboration et mise en \u0153uvre d'un plan alimentaire territorial ;\nb) Actions de soutien \u00e0 l'\u00e9conomie circulaire et aux circuits courts ;\nc) Actions de soutien en faveur de l'agriculture, la viticulture et la sylviculture ;\nd)  R\u00e9habilitation et gestion du p\u00f4le d'excellence et d'innovation du domaine de la Grange Charton.\n2-14 Actions en faveur du tourisme limit\u00e9es \u00e0 la cr\u00e9ation et \u00e0 l'am\u00e9nagement de circuits et \nd'\u00e9quipements touristiques visant notamment \u00e0 la valorisation du patrimoine et des paysages et \u00e0 \nl'attractivit\u00e9 du territoire.\n2-15 Assainissement collectif.\nArticle 4 : Le conseil communautaire est administr\u00e9 par un conseil communautaire, compos\u00e9 de \nmembres d\u00e9sign\u00e9s conform\u00e9ment aux dispositions des articles L. 5211-6 et L. 5211-6-1 du Code G\u00e9n\u00e9ral \ndes Collectivit\u00e9s Territoriales. \nArticle 5 : L'adh\u00e9sion de la communaut\u00e9 de communes \u00e0 un syndicat mixte n'est subordonn\u00e9e qu'\u00e0 la \nd\u00e9cision du conseil communautaire.\nArticle 6     :   Les fonctions de receveur de la communaut\u00e9 de communes Sa\u00f4ne-Beaujolais sont exerc\u00e9es \npar le tr\u00e9sorier d\u00e9sign\u00e9 par le pr\u00e9fet sur proposition du Directeur r\u00e9gional des finances publiques de la \nr\u00e9gion Auvergne-Rh\u00f4ne-Alpes et du d\u00e9partement du Rh\u00f4ne.\nArticle  7 :L'arr\u00eat\u00e9  pr\u00e9fectoral  n\u00b069-2016-11-16-003  du  16  novembre  2016  relatif  \u00e0  la  cr\u00e9ation  de  la \ncommunaut\u00e9 de communes Sa\u00f4ne-Beaujolais est abrog\u00e9.\n3/4\n69_Pr\u00e9f_Pr\u00e9fecture du Rh\u00f4ne - 69-2025-12-04-00009 - Arr\u00eat\u00e9 pr\u00e9fectoral du 4 d\u00e9cembre 2025\nrelatif aux statuts et comp\u00e9tences de la Communaut\u00e9 de Communes Sa\u00f4ne-Beaujolais 29\nLes arr\u00eat\u00e9s pr\u00e9fectoraux n\u00b0 69-2017-07-12-008 du 12 juillet 2017 , n\u00b069-2019-07-17-006 du 17 juillet 2019 \nn\u00b069-2021-06-18-00003 du 18 juin 2021 et n\u00b0 69-2023--12-15-00002 du 15 d\u00e9cembre 2023 relatifs aux  \nstatuts  et  comp\u00e9tences  de  la  communaut\u00e9  de  communes  des  Sa\u00f4ne-Beaujolais sont  \u00e9galement \nabrog\u00e9s.\nArticle     II   :  Le  Sous-Pr\u00e9fet  de  l'arrondissement  de  Villefranche-sur-Sa\u00f4ne,  le  directeur  r\u00e9gional  des \nfinances publiques de la r\u00e9gion Auvergne-Rh\u00f4ne-Alpes et du d\u00e9partement du Rh\u00f4ne, le pr\u00e9sident de la  \ncommunaut\u00e9 de communes Sa\u00f4ne-Beaujolais et les maires des communes membres sont charg\u00e9s,  \nchacun en ce qui le concerne, de l'ex\u00e9cution du pr\u00e9sent arr\u00eat\u00e9 qui sera ins\u00e9r\u00e9 au recueil des actes  \nadministratifs de la pr\u00e9fecture du Rh\u00f4ne.\nFait, le 4 d\u00e9cembre 2025\npour la Pr\u00e9f\u00e8te de la R\u00e9gion Auvergne-Rh\u00f4ne-Alpes,\nPr\u00e9f\u00e8te du Rh\u00f4ne,\nLe Sous-Pr\u00e9fet de Villefranche-sur-Sa\u00f4ne\nJean-Marc GALLAND\nD\u00e9lais et voies de recours :\nConform\u00e9ment \u00e0 l'article R.421-1 du code de justice administrative, la pr\u00e9sente d\u00e9cision peut faire l'objet  \nd'un recours contentieux, dans le d\u00e9lai de deux mois \u00e0 compter de sa notification, devant le tribunal  \nadministratif  de  Lyon  (184,  rue  Duguesclin  \u2013  69 \u00a0433  Lyon  Cedex  03,  ou  sur  l'application  \nwww.telerecours.fr). Elle peut \u00e9galement faire l'objet d'un recours gracieux aupr\u00e8s de Madame la Pr\u00e9f\u00e8te  \ndu Rh\u00f4ne. Cette d\u00e9marche interrompt le d\u00e9lai de recours contentieux, ce dernier devant \u00eatre introduit  \ndans le d\u00e9lai de deux mois suivant une d\u00e9cision implicite ou explicite de l'autorit\u00e9 comp\u00e9tente (le silence  \nde l'administration pendant un d\u00e9lai de deux mois valant d\u00e9cision implicite de rejet).\n4/4\n69_Pr\u00e9f_Pr\u00e9fecture du Rh\u00f4ne - 69-2025-12-04-00009 - Arr\u00eat\u00e9 pr\u00e9fectoral du 4 d\u00e9cembre 2025\nrelatif aux statuts et comp\u00e9tences de la Communaut\u00e9 de Communes Sa\u00f4ne-Beaujolais 30\n69_Pr\u00e9f_Pr\u00e9fecture du Rh\u00f4ne\n69-2025-12-05-00005\nhabilitation dans le domaine fun\u00e9raire : SARL\nFIGLIOLINI ET FILS, situ\u00e9 17 All\u00e9e Gay Lussac,\n69310 Oullins-Pierre-B\u00e9nite\n69_Pr\u00e9f_Pr\u00e9fecture du Rh\u00f4ne - 69-2025-12-05-00005 - habilitation dans le domaine fun\u00e9raire : SARL FIGLIOLINI ET FILS, situ\u00e9 17 All\u00e9e\nGay Lussac, 69310 Oullins-Pierre-B\u00e9nite 31\nPREFETEDU RHONELibert\u00e9Egalit\u00e9Fraternit\u00e9\nDirection des Affaires Juridiques\net de l'Administration Locale\nBureau des r\u00e9glementations,\ndes \u00e9lections et des associations\nAffaire suivie par : DLP\nT\u00e9l. : 04 72 61 61 29\nCourriel : pref-funeraire@rhone.gouv.fr\nArr\u00eat\u00e9 pr\u00e9fectoral n\u00b0 69-2025-                                          x\nportant habilitation dans le domaine fun\u00e9raire\nLa Pr\u00e9f\u00e8te de la R\u00e9gion Auvergne-Rh\u00f4ne-Alpes,\nPr\u00e9f\u00e8te de la Zone de d\u00e9fense et de s\u00e9curit\u00e9 sud-est,\nPr\u00e9f\u00e8te du Rh\u00f4ne,\nCommandeur de la L\u00e9gion d'honneur,\nCommandeur de l'ordre national du M\u00e9rite,\nVU  le Code g\u00e9n\u00e9ral des collectivit\u00e9s territoriales, notamment ses articles L.2223-23 et R.2223-23-5 et\nsuivants ;\nVU la loi n\u00b0 93-23 du 8 janvier 1993 modifiant le titre VI du livre III du code des communes et relative \u00e0 la\nl\u00e9gislation dans le domaine fun\u00e9raire ;\nVU le dossier de demande de renouvellement d'habilitation r\u00e9ceptionn\u00e9 en pr\u00e9fecture le  27 octobre\n2025 et compl\u00e9t\u00e9 le  1er d\u00e9cembre  2025, pr\u00e9sent\u00e9 par Monsieur Xavier FIGLIOLINI, g\u00e9rant de la SARL\nFIGLIOLINI ET FILS, pour l'\u00e9tablissement principal situ\u00e9 17 All\u00e9e Gay Lussac, 69310 Oullins-Pierre-B\u00e9nite;\nSur proposition de Madame la Directrice des Affaires Juridiques et de l'Administration Locale ;\nARR\u00caTE\nArticle     1     :   L'\u00e9tablissement  principal de l a  SARL FIGLIOLINI ET FILS,  situ\u00e9  17 All\u00e9e Gay Lussac, 69310\nOullins-Pierre-B\u00e9nite, dont  le  g\u00e9rant est  Monsieur  Xavier  FIGLIOLINI,  est  habilit\u00e9  pour  exercer  sur\nl'ensemble du territoire national l'activit\u00e9 fun\u00e9raire ci-apr\u00e8s :\n\u2022 Fourniture des housses, des cercueils et de leurs accessoires int\u00e9rieurs et ext\u00e9rieurs ainsi que des urnes\ncin\u00e9raires\n\u2022 Fourniture de personnel et des objets, et prestations n\u00e9cessaires pour inhumations et exhumations.\nArticle     2     :   La dur\u00e9e de la pr\u00e9sente habilitation d\u00e9livr\u00e9e sous le n\u00b025-69-0349 est fix\u00e9e \u00e0 cinq ans.\nPr\u00e9fecture du Rh\u00f4ne\n18 Rue de Bonnel\n69 419 LYON CEDEX 03\nT\u00e9l : 04 72 61 61 61\nwww.rhone.gouv.fr\n1/2\n69_Pr\u00e9f_Pr\u00e9fecture du Rh\u00f4ne - 69-2025-12-05-00005 - habilitation dans le domaine fun\u00e9raire : SARL FIGLIOLINI ET FILS, situ\u00e9 17 All\u00e9e\nGay Lussac, 69310 Oullins-Pierre-B\u00e9nite 32\nArticle     3     :   Le pr\u00e9sent arr\u00eat\u00e9 peut faire l'objet, dans un d\u00e9lai de 2 mois \u00e0 compter de sa publication, d'un\nrecours contentieux aupr\u00e8s du Tribunal Administratif de Lyon, 184 rue Duguesclin 69433 Lyon Cedex 03\nou sur le site www.telerecours.fr.\nArticle     4     :   Le pr\u00e9sent arr\u00eat\u00e9 sera publi\u00e9 au recueil des actes administratifs de la pr\u00e9fecture du Rh\u00f4ne. \nFait \u00e0 Lyon, le 5 d\u00e9cembre 2025\nPour La Pr\u00e9f\u00e8te,\nla directrice des affaires juridiques\net de l'administration locale\nLucie RIGAUX\n2/2\n69_Pr\u00e9f_Pr\u00e9fecture du Rh\u00f4ne - 69-2025-12-05-00005 - habilitation dans le domaine fun\u00e9raire : SARL FIGLIOLINI ET FILS, situ\u00e9 17 All\u00e9e\nGay Lussac, 69310 Oullins-Pierre-B\u00e9nite 33\n69_Pr\u00e9f_Pr\u00e9fecture du Rh\u00f4ne\n69-2025-12-05-00006\nhabilitation dans le domaine fun\u00e9raire : SAS\n\u00ab\u00a0MARBRERIE RAYNAUD\u00a0\u00bb, situ\u00e9 6 rue du\nCimeti\u00e8re 69100 Villeurbanne\n69_Pr\u00e9f_Pr\u00e9fecture du Rh\u00f4ne - 69-2025-12-05-00006 - habilitation dans le domaine fun\u00e9raire : SAS \u00ab\u00a0MARBRERIE RAYNAUD\u00a0\u00bb, situ\u00e9 6\nrue du Cimeti\u00e8re 69100 Villeurbanne 34\nPREFETEDU RHONELibert\u00e9Egalit\u00e9Fraternit\u00e9\nDirection des Affaires Juridiques\net de l'Administration Locale\nBureau des r\u00e9glementations,\ndes \u00e9lections et des associations\nAffaire suivie par : DLP\nT\u00e9l. : 04 72 61 61 29\nCourriel : pref-funeraire@rhone.gouv.fr\nArr\u00eat\u00e9 pr\u00e9fectoral n\u00b0 69-2025-                                          x\nportant habilitation dans le domaine fun\u00e9raire\nLa Pr\u00e9f\u00e8te de la R\u00e9gion Auvergne-Rh\u00f4ne-Alpes,\nPr\u00e9f\u00e8te de la Zone de d\u00e9fense et de s\u00e9curit\u00e9 sud-est,\nPr\u00e9f\u00e8te du Rh\u00f4ne,\nCommandeur de la L\u00e9gion d'honneur,\nCommandeur de l'ordre national du M\u00e9rite,\nVU  le Code g\u00e9n\u00e9ral des collectivit\u00e9s territoriales, notamment ses articles L.2223-23 et R.2223-23-5 et\nsuivants ;\nVU la loi n\u00b0 93-23 du 8 janvier 1993 modifiant le titre VI du livre III du code des communes et relative \u00e0 la\nl\u00e9gislation dans le domaine fun\u00e9raire ;\nVU le dossier de demande de renouvellement d'habilitation r\u00e9ceptionn\u00e9 en pr\u00e9fecture le 1er d\u00e9cembre\n2025, pr\u00e9sent\u00e9 par Monsieur S\u00e9bastien RAYNAUD, pr\u00e9sident de la SAS \u00ab  Marbrerie RAYNAUD  \u00bb, pour\nl'\u00e9tablissement principal situ\u00e9 6 rue du Cimeti\u00e8re 69100 Villeurbanne;\nSur proposition de Madame la Directrice des Affaires Juridiques et de l'Administration Locale ;\nARR\u00caTE\nArticle     1     :   L'\u00e9tablissement principal de l a SAS \u00ab MARBRERIE RAYNAUD \u00bb, situ\u00e9 6 rue du Cimeti\u00e8re 69100\nVilleurbanne, dont  le  pr\u00e9sident est  Monsieur  S\u00e9bastien  RAYNAUD,  est  habilit\u00e9  pour  exercer  sur\nl'ensemble du territoire national l'activit\u00e9 fun\u00e9raire ci-apr\u00e8s :\n\u2022 Fourniture des housses, des cercueils et de leurs accessoires int\u00e9rieurs et ext\u00e9rieurs ainsi que des urnes\ncin\u00e9raires\n\u2022 Fourniture de personnel et des objets, et prestations n\u00e9cessaires pour inhumations et exhumations \nArticle     2     :   La dur\u00e9e de la pr\u00e9sente habilitation d\u00e9livr\u00e9e sous le n\u00b025-69-0420 est fix\u00e9e \u00e0 cinq ans.\nPr\u00e9fecture du Rh\u00f4ne\n18 Rue de Bonnel\n69 419 LYON CEDEX 03\nT\u00e9l : 04 72 61 61 61\nwww.rhone.gouv.fr\n1/2\n69_Pr\u00e9f_Pr\u00e9fecture du Rh\u00f4ne - 69-2025-12-05-00006 - habilitation dans le domaine fun\u00e9raire : SAS \u00ab\u00a0MARBRERIE RAYNAUD\u00a0\u00bb, situ\u00e9 6\nrue du Cimeti\u00e8re 69100 Villeurbanne 35\nArticle     3     :   Le pr\u00e9sent arr\u00eat\u00e9 peut faire l'objet, dans un d\u00e9lai de 2 mois \u00e0 compter de sa publication, d'un\nrecours contentieux aupr\u00e8s du Tribunal Administratif de Lyon, 184 rue Duguesclin 69433 Lyon Cedex 03\nou sur le site www.telerecours.fr.\nArticle     4     :   Le pr\u00e9sent arr\u00eat\u00e9 sera publi\u00e9 au recueil des actes administratifs de la pr\u00e9fecture du Rh\u00f4ne. \nFait \u00e0 Lyon, le 5 d\u00e9cembre 2025\nPour La Pr\u00e9f\u00e8te,\nla directrice des affaires juridiques\net de l'administration locale\nLucie RIGAUX\n2/2\n69_Pr\u00e9f_Pr\u00e9fecture du Rh\u00f4ne - 69-2025-12-05-00006 - habilitation dans le domaine fun\u00e9raire : SAS \u00ab\u00a0MARBRERIE RAYNAUD\u00a0\u00bb, situ\u00e9 6\nrue du Cimeti\u00e8re 69100 Villeurbanne 36\n69_Pr\u00e9f_Pr\u00e9fecture du Rh\u00f4ne\n69-2025-12-08-00002\nARR\u00caT\u00c9 n\u00b02025 - 12 - 08 - 0001\nautorisant la captation, l'enregistrement et la\ntransmission\nd'images au moyen de cam\u00e9ras install\u00e9es sur un\na\u00e9ronef le 08 d\u00e9cembre 2025 \u00e0 Lyon\n69_Pr\u00e9f_Pr\u00e9fecture du Rh\u00f4ne - 69-2025-12-08-00002 - ARR\u00caT\u00c9 n\u00b02025 - 12 - 08 - 0001\nautorisant la captation, l'enregistrement et la transmission\nd'images au moyen de cam\u00e9ras install\u00e9es sur un a\u00e9ronef le 08 d\u00e9cembre 2025 \u00e0 Lyon\n37\nPREFETEDU RHONELibert\u00e9Egalit\u00e9Fraternit\u00e9\nPr\u00e9fecture\nCabinet du Pr\u00e9fet d\u00e9l\u00e9gu\u00e9 pour \nla d\u00e9fense et la s\u00e9curit\u00e9\nBureau de l'ordre public\nARR\u00caT\u00c9 n\u00b02025 \u2013 12 \u2013 08 \u2013 0001\nautorisant la captation, l'enregistrement et la transmission\nd'images au moyen de cam\u00e9ras install\u00e9es sur un a\u00e9ronef le 08 d\u00e9cembre 2025 \u00e0 Lyon\nLa Pr\u00e9f\u00e8te du Rh\u00f4ne,\nCommandeur de la L\u00e9gion d'honneur\nCommandeur de l'ordre national du M\u00e9rite\nVU le Code de la s\u00e9curit\u00e9 int\u00e9rieure et notamment ses articles L. 242-1 \u00e0 L. 242-8 et R. 242-8 \u00e0 R. 242-\n14\u00a0;\nVU la loi n\u00b078-17 du 6 janvier 1978 relative \u00e0 l'informatique, aux fichiers et aux libert\u00e9s \nVU le d\u00e9cret n\u00b0 2004-374 du 29 avril 2004 relatif aux pouvoirs des pr\u00e9fets, \u00e0 l'organisation et \u00e0  \nl'action des services de l'\u00c9tat dans les r\u00e9gions et d\u00e9partements\u00a0;\nVU le d\u00e9cret en Conseil des Ministres du 11 janvier 2023 portant nomination de Madame Fabienne  \nBUCCIO, pr\u00e9f\u00e8te de la r\u00e9gion Auvergne-Rh\u00f4ne-Alpes, pr\u00e9f\u00e8te de la zone de d\u00e9fense et de s\u00e9curit\u00e9  \nSud-Est, pr\u00e9f\u00e8te du Rh\u00f4ne (hors classe) ;\nVU  le d\u00e9cret du 6 novembre 2024 portant nomination du pr\u00e9fet d\u00e9l\u00e9gu\u00e9 pour la d\u00e9fense et la  \ns\u00e9curit\u00e9 aupr\u00e8s de la pr\u00e9f\u00e8te de la r\u00e9gion Auvergne-Rh\u00f4ne-Alpes, pr\u00e9f\u00e8te de la zone de d\u00e9fense et  \nde s\u00e9curit\u00e9 Sud-Est, pr\u00e9f\u00e8te du Rh\u00f4ne \u2013 M. Antoine GUERIN\u00a0; \nVU l'arr\u00eat\u00e9 pr\u00e9fectoral n\u00b069-2025-10-13-00011 du 13 octobre 2025 portant d\u00e9l\u00e9gation de signature \u00e0  \nM. Antoine GUERIN en qualit\u00e9 de pr\u00e9fet d\u00e9l\u00e9gu\u00e9 pour la d\u00e9fense et la s\u00e9curit\u00e9 aupr\u00e8s de la pr\u00e9f\u00e8te  \nde la r\u00e9gion Auvergne-Rh\u00f4ne-Alpes, pr\u00e9f\u00e8te de la zone de d\u00e9fense et de s\u00e9curit\u00e9 Sud-Est, pr\u00e9f\u00e8te du \nRh\u00f4ne\u00a0;\nVU l'arr\u00eat\u00e9 du Ministre de l'Int\u00e9rieur et des outre-mer, en date du 19 avril 2023 relatif au nombre  \nmaximal de cam\u00e9ras install\u00e9es sur des a\u00e9ronefs pouvant \u00eatre simultan\u00e9ment utilis\u00e9es dans chaque  \nd\u00e9partement\u00a0et collectivit\u00e9 d'outre-mer ;\nVU l'analyse  d'impact  relative  \u00e0  la  protection  des  donn\u00e9es  (AIPD)  r\u00e9alis\u00e9e  par  le  Minist\u00e8re  de \nl'Int\u00e9rieur en date du 25 janvier 2023\u00a0; \nVU l'\u00e9dition 2025 de la F\u00eate des Lumi\u00e8res \u00e0 Lyon, le vendredi 05, le samedi 06, le lundi 08 d\u00e9cembre \n2025 de 19h00 \u00e0 23h00, et le dimanche 07 d\u00e9cembre 2025 de 18h00 \u00e0 22h00\u00a0;\nPr\u00e9fecture du Rh\u00f4ne  \u2013 69419 Lyon cedex 03 1\nwww.rhone.gouv.fr ou t\u00e9l. : 04 72 61 61 61 (co\u00fbt d'un appel local)\n69_Pr\u00e9f_Pr\u00e9fecture du Rh\u00f4ne - 69-2025-12-08-00002 - ARR\u00caT\u00c9 n\u00b02025 - 12 - 08 - 0001\nautorisant la captation, l'enregistrement et la transmission\nd'images au moyen de cam\u00e9ras install\u00e9es sur un a\u00e9ronef le 08 d\u00e9cembre 2025 \u00e0 Lyon\n38\nVU que le vendredi 05 d\u00e9cembre des militants ont projet\u00e9 sur la fa\u00e7ade de l'H\u00f4tel de Ville des  \nmessages pro-palestiniens\u00a0; que le samedi 06 d\u00e9cembre des militants ont projet\u00e9 sur la fa\u00e7ade du  \nMus\u00e9e des Beaux Arts des messages anti-police depuis les toits surplombant la place des Terreaux \u00a0; \nque le dimanche 07 d\u00e9cembre il a \u00e9t\u00e9 observ\u00e9 la pr\u00e9sence de deux individus sur ces m\u00eames toits,  \nque des militants ont d\u00e9ploy\u00e9 une banderole en soutien \u00e0 un prisonnier en Turquie place des  \nTerreaux/rue Edouard Herriot, que des militants ont d\u00e9ploy\u00e9 une banderole \u00ab \u00a0remigration\u00a0\u00bb devant \nla cath\u00e9drale Saint Jean\u00a0;\nVU la d\u00e9claration de manifestation du Syndicat SUD SDMIS du 8 d\u00e9cembre \u00e0 18h00 au 9  \nd\u00e9cembre 2025 \u00e0 minuit, transmise en pr\u00e9fecture le 1er\n d\u00e9cembre 2025\u00a0; \nVU l'arr\u00eat\u00e9 pr\u00e9fectoral N\u00b0 2025-12-05-0003  portant interdiction de cort\u00e8ges, d\u00e9fil\u00e9s et  \nrassemblements  revendicatifs  dans  le  p\u00e9rim\u00e8tre  F\u00eate  des  lumi\u00e8res  \u00e0  Lyon,  du  lundi  8 \nd\u00e9cembre 2025 \u00e0 17h00 au mardi 9 d\u00e9cembre \u00e0 00h00\u00a0;\nVU la demande du 08 d\u00e9cembre 2025, form\u00e9e par la Direction Interd\u00e9partementale de la Police Na-\ntionale du Rh\u00f4ne, visant \u00e0 obtenir l'autorisation de capter, d'enregistrer et de transmettre des  \nimages au moyen d'une cam\u00e9ra install\u00e9e sur un a\u00e9ronef t\u00e9l\u00e9-pilot\u00e9 aux fins de  pr\u00e9vention des at -\nteintes \u00e0 la s\u00e9curit\u00e9 des personnes et des biens, de s\u00e9curisation des rassemblements , de pr\u00e9vention \ndes actes terroristes et de secours aux personnes ;\nCONSID\u00c9RANT que les dispositions susvis\u00e9es permettent aux forces de s\u00e9curit\u00e9 int\u00e9rieure, dans  \nl'exercice de leurs missions de pr\u00e9vention des atteintes \u00e0 l'ordre public et de protection de la  \ns\u00e9curit\u00e9  des  personnes  et  des  biens,  de  proc\u00e9der  \u00e0  la  captation,  \u00e0  l'enregistrement  et  \u00e0  la \ntransmission d'images au moyen de cam\u00e9ras install\u00e9es sur des a\u00e9ronefs aux fins d'assurer la s\u00e9curit\u00e9 \ndes personnes et des biens, de pr\u00e9venir les troubles \u00e0 l'ordre public dans le cadre des op\u00e9rations de \nr\u00e9tablissement de l'ordre public, de pr\u00e9venir les actes terroristes et de secours aux personnes \u00a0; que \nnotamment, le 1\u00b0, 2\u00b0, 3\u00b0 et 6\u00b0 de l'article L. 242-5 du Code de la s\u00e9curit\u00e9 int\u00e9rieure susvis\u00e9 pr\u00e9voit  \nque  ces  dispositifs  peuvent  \u00eatre  mis  en  \u0153uvre  au  titre  de  la  s\u00e9curit\u00e9  des  rassemblements  de \npersonnes  sur  la  voie  publique  ou  dans  les  lieux  ouverts  au  public  ainsi  que  de  l'appui  des \npersonnels au sol, en vue de leur permettre de maintenir ou de r\u00e9tablir l'ordre public, lorsque ces  \nrassemblements sont susceptibles d'entra\u00eener des troubles graves \u00e0 l'ordre public, et, dans le cadre  \nde la pr\u00e9vention des actes terroristes, aux seules fins du maintien de l'ordre et de la s\u00e9curit\u00e9 publics, \net de secours aux personnes\u00a0;\nCONSID\u00c9RANT que  les  dispositifs  de  vid\u00e9oprotection  existants  ne  permettent  pas  de  couvrir \nl'ensemble du secteur concern\u00e9\u00a0; que les cam\u00e9ras a\u00e9roport\u00e9es viennent en compl\u00e9mentarit\u00e9 de ces \nderniers permettant une continuit\u00e9 d'observation sans d\u00e9placement d'effectifs massif et \u00e0 l'aveugle \ndans une foule extr\u00eamement dense; que la mobilit\u00e9 de ces cam\u00e9ras permet de s'affranchir de la  \ntopographie urbaine afin d'\u00eatre dans l'anticipation et non dans la r\u00e9action a posteriori\u00a0;\nCONSID\u00c9RANT qu'une surveillance au sol, sans l'appui de cam\u00e9ras a\u00e9roport\u00e9es, du p\u00e9rim\u00e8tre F\u00eate  \ndes  Lumi\u00e8res  ne  permet  d'en  assurer  la  s\u00e9curit\u00e9,  notamment  les  menaces  sur  les  toits  des \nimmeubles  en surplomb de sites d'animations \u00e0 tr\u00e8s haute fr\u00e9quentation ;\nCONSID\u00c9RANT que des militants issus des diff\u00e9rentes mouvances contestataires pourront r\u00e9editer  \nl'un des scenari pr\u00e9c\u00e9dents ce soir, dernier moment de l'\u00e9dition 2025 de la F\u00eate des lumi\u00e8res\u00a0;\nCONSID\u00c9RANT que seule la mise en \u0153uvre d'un drone FSI peut permettre le suivi, \u00e9tant \u00e9quip\u00e9 en  \noptique thermique et infra rouge\u00a0;\nCONSID\u00c9RANT qu'un incendie de chemin\u00e9e d'un immeuble R+5 s'est d\u00e9clar\u00e9 le soir du dimanche  \n07 d\u00e9cembre en entr\u00e9e de p\u00e9rim\u00e8tre f\u00eate des lumi\u00e8res ayant entrain\u00e9 le d\u00e9placement de moyens  \nde secours lourds \u00a0; que la mise en \u0153uvre du drone peut permettre \u00e9galement d'assurer un retour  \n2\n69_Pr\u00e9f_Pr\u00e9fecture du Rh\u00f4ne - 69-2025-12-08-00002 - ARR\u00caT\u00c9 n\u00b02025 - 12 - 08 - 0001\nautorisant la captation, l'enregistrement et la transmission\nd'images au moyen de cam\u00e9ras install\u00e9es sur un a\u00e9ronef le 08 d\u00e9cembre 2025 \u00e0 Lyon\n39\nd'image en cas de p\u00e9ril imminent dans le cadre de la sauvegarde de la vie humaine au regard d'un  \nincendie\u00a0;\nCONSID\u00c9RANT que cette mise en  \u0153uvre peut permettre \u00e9galement d'assurer un retour d'image en \ncas de p\u00e9ril imminent dans le cadre de la sauvegarde de la vie humaine au regard d'une chute dans  \nla Sa\u00f4ne ou le Rh\u00f4ne\u00a0;\nCONSID\u00c9RANT que la demande porte sur l'engagement d'une cam\u00e9ra a\u00e9roport\u00e9e \u00a0; que les lieux  \nsurveill\u00e9s  sont  strictement  limit\u00e9s  aux  lieux  o\u00f9  sont  susceptibles  de  survenir  les  atteintes,  que \nl'usage de la cam\u00e9ra a\u00e9roport\u00e9e vise \u00e0 pr\u00e9venir \u00a0; que la dur\u00e9e de l'autorisation est \u00e9galement  \nstrictement limit\u00e9e \u00e0 la dur\u00e9e des risques de troubles \u00e0 l'ordre public \u00a0et de s\u00e9curit\u00e9 ; qu'au regard  \ndes circonstances susmentionn\u00e9es, la demande n'appara\u00eet pas disproportionn\u00e9e\u00a0; \nARR\u00caTE\nArticle  1er\n \u2013  La captation,  l'enregistrement  et  la  transmission  d'images  par  la  Direction \nInterd\u00e9partementale de la Police Nationale du Rh\u00f4ne, est autoris\u00e9e aux fins de  pr\u00e9vention des  \natteintes  \u00e0  la  s\u00e9curit\u00e9  des  personnes  et  des  biens,  de  s\u00e9curisation  des  rassemblements,  de  la \npr\u00e9vention d'actes terroristes et de secours aux personnes dans le cadre de la F\u00eate des Lumi\u00e8res , le \nlundi 08 d\u00e9cembre 2025 de 17h00  \u00e0 24h00  sur la commune de Lyon dans la zone  d\u00e9finie par un  \ncercle de un kilom\u00e8tre de rayon autour du 12 quai Saint Antoine 69002 Lyon.\nArticle  2  \u2013  Le  nombre  maximal  de  cam\u00e9ras  pouvant  proc\u00e9der  simultan\u00e9ment  aux  traitements \nmentionn\u00e9s \u00e0 l'article 1er\n est fix\u00e9 aux dispositifs suivants\u00a0: \n\u2022 DJI Matrice 4 T\nArticle 3\u2013  Le registre mentionn\u00e9 \u00e0 l'article L. 242-4 du Code d e la s\u00e9curit\u00e9 int\u00e9rieure est transmis \u00e0  \nla pr\u00e9f\u00e8te du Rh\u00f4ne \u00e0 l'issue de la manifestation.\nArticle 4 \u00a0\u2013 Le pr\u00e9sent arr\u00eat\u00e9 est publi\u00e9 au recueil des actes administratifs de la pr\u00e9fecture et peut  \nfaire l'objet d'un recours devant le tribunal administratif de Lyon dans un d\u00e9lai de deux mois \u00e0  \ncompter de sa publication.\nArticle 5\u00a0\u2013 L'information du public est assur\u00e9e par tout moyen.\nArticle 6 \u2013 Le pr\u00e9fet d\u00e9l\u00e9gu\u00e9 pour la d\u00e9fense et la s\u00e9curit\u00e9, le d irecteur interd\u00e9partemental de la  \nPolice Nationale du Rh\u00f4ne  sont charg\u00e9s chacun en ce qui le concerne de  l'ex\u00e9cution du pr\u00e9sent  \narr\u00eat\u00e9.\nFait \u00e0 Lyon, le 08 d\u00e9cembre 2025\nLe pr\u00e9fet d\u00e9l\u00e9gu\u00e9 pour la d\u00e9fense et la s\u00e9curit\u00e9,\n3\nORIGINAL SIGNE\nAntoine GU\u00c9RIN\n69_Pr\u00e9f_Pr\u00e9fecture du Rh\u00f4ne - 69-2025-12-08-00002 - ARR\u00caT\u00c9 n\u00b02025 - 12 - 08 - 0001\nautorisant la captation, l'enregistrement et la transmission\nd'images au moyen de cam\u00e9ras install\u00e9es sur un a\u00e9ronef le 08 d\u00e9cembre 2025 \u00e0 Lyon\n40","date":"2025-12-08","first_seen_on":"2025-12-08T15:40:33+00:00","id":"65ab23f689260934e62ff88bf4a243e3da68a6f974a2444886692a1d64dbf1c5","name":"RAA_69-2025-325-081225","pdf_creation_date":"2025-12-08T15:25:16+00:00","pdf_modification_date":null,"timezone":"Europe/Paris","url":"https://www.rhone.gouv.fr/contenu/telechargement/66541/448153/file/RAA_69-2025-325-081225.pdf"}
