{"administration":"pref83","administration_name":"Pr\u00e9fecture du Var","content":"VAR\nRECUEIL DES ACTES\nADMINISTRATIFS\nN\u00b083-2025-037\nPUBLI\u00c9 LE  6 F\u00c9VRIER 2025\nSommaire\nAgence r\u00e9gionale de sant\u00e9 du Var / Direction de l'ARS du var\n83-2025-02-04-00004 - Arr\u00eat\u00e9 fixant la composition nominative de la\ncommission de l'activit\u00e9 lib\u00e9rale du CH Hy\u00e8res (2 pages) Page 3\n83-2025-02-04-00003 - Arr\u00eat\u00e9 fixant la composition nominative du\nconseil de surveillance du CHI Brignoles Le Luc (3 pages) Page 6\nDirection d\u00e9partementale des finances publiques du Var / Direction de la\nDDFIP\n83-2025-02-06-00001 - Arr\u00eat\u00e9 de d\u00e9l\u00e9gation de signature - Service\ndes imp\u00f4ts des particuliers de la Seyne-sur-Mer (3 pages) Page 10\nDirection d\u00e9partementale des territoires et de la mer du Var / Service eau\net biodiversit\u00e9 de la DDTM\n83-2025-01-23-00006 - ARR\u00caT\u00c9 PR\u00c9FECTORAL MODIFICATIF\nn\u00b0DDTM/SEBIO/2025-09 du 23 janvier 2025                   portant autorisation\nadministrative propre au r\u00e9seau Natura 2000 sur le site Natura 2000 Zone\nSp\u00e9ciale de Conservation (ZSC) FR9301626 \u00abVal d'Argens\u00bb \nconcernant l'implantation d'une antenne relais de t\u00e9l\u00e9phonie\nmobile et la cr\u00e9ation d'une piste d'acc\u00e8s au lieu-dit \u00ab Pie Roulan\n\u00bb sur la commune d'ENTRECASTEAUX (4 pages) Page 14\nDirection d\u00e9partementale des territoires et de la mer du Var / Service\nplanifications et prospective de la DDTM\n83-2025-02-03-00012 - arr\u00eat\u00e9 pr\u00e9fectoral ouverture EP - RAA\nzap\nVins-sur-Caramy (6 pages) Page 19\nPr\u00e9fecture du VAR / Direction des s\u00e9curit\u00e9s\n83-2025-02-06-00002 - Arr\u00eat\u00e9 n\u00b0 2025-BSP-OP-09\nautorisant la\ncaptation, l'enregistrement et la transmission\nd'images au moyen\nde cam\u00e9ras install\u00e9es sur des a\u00e9ronefs (3 pages) Page 26\n2\nAgence r\u00e9gionale de sant\u00e9 du Var\n83-2025-02-04-00004\nArr\u00eat\u00e9 fixant la composition nominative de la\ncommission de l'activit\u00e9 lib\u00e9rale du CH Hy\u00e8res\nAgence r\u00e9gionale de sant\u00e9 du Var - 83-2025-02-04-00004 - Arr\u00eat\u00e9 fixant la composition nominative de la commission de l'activit\u00e9\nlib\u00e9rale du CH Hy\u00e8res 3\nREPUBLIQUEFRANCAISELibert\u00e9Egalit\u00e9Fraternit\u00e9\nAr\u00a9 D Agence R\u00e9gionale de Sant\u00e9Provence-AlpesC\u00f4te d'Azur\n \n \nAgence r\u00e9gionale de sant\u00e9 Provence-Alpes-C\u00f4te d'Azur - D\u00e9l\u00e9gation d\u00e9partementale du Var \u2013 Immeuble TOVA 2 \u2013 177 boulevard Charles \nBarnier \u2013 CS 31302 - 83076 Toulon cedex   \nT\u00e9l : 04.13.55.89.02 / Fax : 04.13.55.80.40 / www.ars.paca.sante.fr \n \n \n \n \n \n \nARRETE ARS PACA du 03 f\u00e9vrier 2025 \nfixant la composition nominative de la commission d'activit\u00e9 lib\u00e9rale \ndu centre hospitalier Marie-Jos\u00e9 Treffot \u00e0 Hy\u00e8res (Var) \n \n \n \n \nLE DIRECTEUR DE L'AGENCE REGIONALE DE SANTE DE PROVENCE-ALPES-COTE D'AZUR \n \n \n \n \nVU le code de la sant\u00e9 publique, notamment ses articles L.6154-1 \u00e0 L.6154-6-6, et R.6154-1 \u00e0 R.6154-27 \nfixant les conditions d'exercice de l'activit\u00e9 lib\u00e9rale des praticiens statutaires \u00e0 temps plein ; \n \nVU la loi n\u00b0 2009-879 du 21 juillet 2009 portant r\u00e9forme de l'h\u00f4pital et relative aux patients, \u00e0 la sant\u00e9 et aux \nterritoires ; \n \nVU l'ordonnance n\u00b02010-177 du 23 f\u00e9vrier 2010 de coordination avec la loi n\u00b02009-879 du 21 juillet 2009 \nportant r\u00e9forme de l'h\u00f4pital et relative aux patients, \u00e0 la sant\u00e9 et aux territoires ; \n \nVU le d\u00e9cret n\u00b02010-344 du 31 mars 2010 tirant les cons\u00e9quences, au niveau r\u00e9glementaire, de \nl'intervention de la loi n\u00b02009-879 du 21 juillet 2009 portant r\u00e9forme de l'h\u00f4pital et relative aux patients, \u00e0 la \nsant\u00e9 et aux territoires ; \n \nVU le d\u00e9cret n\u00b0 2010-336 du 31 mars 2010 portant cr\u00e9ation des Agences r\u00e9gionales de sant\u00e9 ;  \n \nVU le d\u00e9cret n\u00b02010-785 du 8 juillet 2010 relatif aux consultants et aux commissions d'activit\u00e9 lib\u00e9rale ; \n \nVu le d\u00e9cret du 16 juillet 2024 portant nomination de Monsieur Yann BUBIEN en qualit\u00e9 de directeur \ng\u00e9n\u00e9ral de l'Agence r\u00e9gionale de Provence -Alpes-C\u00f4te d'Azur \u00e0 compter du 18 juillet 2024 ; \n \nVU l'arr\u00eat\u00e9 en date du 23 juin 2022 fixant la composition nominative de la commission d'activit\u00e9 lib\u00e9rale du \ncentre hospitalier Marie-Jos\u00e9 Treffot \u00e0 Hy\u00e8res ; \n \nVu l'arr\u00eat\u00e9 du 18 juillet 2024 portant d\u00e9l\u00e9gation de signature \u00e0 Monsieur S\u00e9bastien MONI\u00c9, directeur \nde la d\u00e9l\u00e9gation d\u00e9partementale du Var de l'Agence r\u00e9gionale de sant\u00e9 Provence-Alpes-C\u00f4te d'Azur ; \n \nVU l'avis n\u00b02024-07 du 09 d\u00e9cembre 2024 de la commission m\u00e9dicale d'\u00e9tablissement du centre hospitalier \nMarie-Jos\u00e9 Treffot \u00e0 Hy\u00e8res ; \n \nVU la d\u00e9lib\u00e9ration n\u00b02024-18 du 11 d\u00e9cembre 2024 du conseil de surveillance du centre hospitalier Marie-\nJos\u00e9 Treffot \u00e0 Hy\u00e8res ; \n \n \n \nARRETE \n \n \n \nArticle 1er : l'arr\u00eat\u00e9 ARS PACA du 23 juin 2022 fixant la composition nominative de la commission d'activit\u00e9 \nlib\u00e9rale du centre hospitalier Marie-Jos\u00e9 Treffot \u00e0 Hy\u00e8res (Var), est modifi\u00e9 ainsi qu'il suit : \n \nAgence r\u00e9gionale de sant\u00e9 du Var - 83-2025-02-04-00004 - Arr\u00eat\u00e9 fixant la composition nominative de la commission de l'activit\u00e9\nlib\u00e9rale du CH Hy\u00e8res 4\n \nAgence r\u00e9gionale de sant\u00e9 Provence-Alpes-C\u00f4te d'Azur - D\u00e9l\u00e9gation d\u00e9partementale du Var \u2013 Immeuble TOVA 2 \u2013 177 boulevard Charles \nBarnier \u2013 CS 31302 - 83076 Toulon cedex   \nT\u00e9l : 04.13.55.89.02 / Fax : 04.13.55.80.40 / www.ars.paca.sante.fr \nArticle 2 : La commission d'activit\u00e9 lib\u00e9rale du Centre hospitalier Marie-Jos\u00e9 Treffot \u00e0 Hy\u00e8res dont le si\u00e8ge \nest sis avenue du Mar\u00e9chal juin, BP 82, 83407 Hy\u00e8res Cedex, \u00e9tablissement public de sant\u00e9 de ressort \ncommunal est compos\u00e9e des membres ci-apr\u00e8s : \n \n1- Un membre du conseil d\u00e9partemental de l'ordre des m\u00e9decins, n'exer\u00e7ant pas dans l'\u00e9tablissement et \nn'ayant pas d'int\u00e9r\u00eat dans la gestion d'un \u00e9tablissement de sant\u00e9 priv\u00e9, d\u00e9sign\u00e9 sur proposition du Pr\u00e9sident \ndu Conseil D\u00e9partemental de l'Ordre des M\u00e9decins : \n \n - Madame le Dr Catherine VEYSSIERE BERTRAND ; \n \n2- Deux repr\u00e9sentants d\u00e9sign\u00e9s par le conseil de surveillance parmi ses membres non m\u00e9decins : \n \n - Madame V\u00e9ronique BERNARDINI ; \n - Monsieur Jean-Paul CHAMPION ; \n \n3- Un repr\u00e9sentant de l'agence r\u00e9gionale de sant\u00e9 d\u00e9sign\u00e9 par son directeur g\u00e9n\u00e9ral ; \n \n4- Un repr\u00e9sentant de la caisse primaire d'assurance maladie d\u00e9sign\u00e9 par son directeur : \n \n - Monsieur Badis KHEIRI ; \n \n5- Deux praticiens exer\u00e7ant une activit\u00e9 lib\u00e9rale d\u00e9sign\u00e9s par la commission m\u00e9dicale d'\u00e9tablissement : \n \n - Monsieur le Dr Yann LEROUX ; \n - Monsieur le Dr Todor MOLDOVAN IVAN ; \n \n6- Un praticien statutaire \u00e0 temps plein, n'exer\u00e7ant pas d'activit\u00e9 lib\u00e9rale, d\u00e9sign\u00e9 par la commission \nm\u00e9dicale d'\u00e9tablissement : \n \n - Monsieur le Dr Ian PERINET ; \n \n7- Un repr\u00e9sentant des usagers du syst\u00e8me de sant\u00e9 d\u00e9sign\u00e9 par le directeur de l'\u00e9tablissement parmi les \nusagers membres du conseil de surveillance : \n \n - Madame Janine BELLOT ; \n \nArticle 3 : La dur\u00e9e des fonctions des membres de la commission d'activit\u00e9 lib\u00e9rale est fix\u00e9e \u00e0 trois ans \u00e0 \ncompter de son installation. \n \nArticle 4 : Un recours contentieux peut \u00eatre form\u00e9 aupr\u00e8s du tribunal administratif territorialement comp\u00e9tent \ndans un d\u00e9lai franc de deux mois \u00e0 compter de la notification du pr\u00e9sent arr\u00eat\u00e9. \n \nArticle 5 : Le directeur g\u00e9n\u00e9ral, le directeur de la d\u00e9l\u00e9gation d\u00e9partementale du Var et le directeur du centre \nhospitalier Marie-Jos\u00e9 Treffot \u00e0 Hy\u00e8res sont charg\u00e9s, chacun en ce qui le concerne, de l'ex\u00e9cution du \npr\u00e9sent arr\u00eat\u00e9 qui sera publi\u00e9 au recueil des actes administratifs de la Pr\u00e9fecture de la R\u00e9gion Provence-\nAlpes-C\u00f4te-d'Azur et de celle du d\u00e9partement du Var. \n \n \n \nToulon, le 03 f\u00e9vrier 2025 \n \n \nPour le directeur de l'agence  \nr\u00e9gionale de sant\u00e9 PACA \nLe directeur d\u00e9partemental du Var \n \nSign\u00e9 \n \nS\u00e9batien MONI\u00c9 \nAgence r\u00e9gionale de sant\u00e9 du Var - 83-2025-02-04-00004 - Arr\u00eat\u00e9 fixant la composition nominative de la commission de l'activit\u00e9\nlib\u00e9rale du CH Hy\u00e8res 5\nAgence r\u00e9gionale de sant\u00e9 du Var\n83-2025-02-04-00003\nArr\u00eat\u00e9 fixant la composition nominative du\nconseil de surveillance du CHI Brignoles Le Luc\nAgence r\u00e9gionale de sant\u00e9 du Var - 83-2025-02-04-00003 - Arr\u00eat\u00e9 fixant la composition nominative du conseil de surveillance du CHI\nBrignoles Le Luc 6\nREPUBLIQUEFRANCAISELibert\u00e9Egalit\u00e9Fraternit\u00e9\nAl\u00a9 D Agence R\u00e9gionale de Sant\u00e9Provence-AlpesC\u00f4te d'Azur\n  \n \n \n \n \nAgence r\u00e9gionale de sant\u00e9 Provence-Alpes-C\u00f4te d'Azur - D\u00e9l\u00e9gation d\u00e9partementale du Var \u2013 Immeuble TOVA 2 - 177 boulevard du \nDocteur Charles Barnier \u2013 CS 31302 - 83076 Toulon Cedex \nT\u00e9l. : 04 13 55 80 10 / Fax : 04 13 55 80 40 / www.ars.paca.sante.fr \nPage 1 / 3 \n \n \n \n \nARRETE du 04 f\u00e9vrier 2025 \n \nfixant la composition nominative du conseil de surveillance \ndu centre hospitalier intercommunal de Brignoles Le Luc-en-Provence (VAR) \n \n \n \nVu le code de la sant\u00e9 publique, notamment ses articles L.6143-5, L.6143-6, R.6143-1 \u00e0 R.6143-4 et R.6143-12 ; \n \nVu la loi n\u00b0 2009-879 du 21 juillet 2009 portant r\u00e9forme de l'h\u00f4pital et relative aux patients, \u00e0 la sant\u00e9 et aux \nterritoires ; \n \nVu l'ordonnance n\u00b0 2010-177 du 23 f\u00e9vrier 2010 de coordination avec la loi n\u00b02099-879 du 21 juillet 2009 portant \nr\u00e9forme de l'h\u00f4pital et relative aux patients, \u00e0 la sant\u00e9 et aux territoires ; \n \nVu le d\u00e9cret n\u00b0 2010-336 du 31 mars 2010 portant cr\u00e9ation des agences r\u00e9gionales de sant\u00e9 ; \n \nVu le d\u00e9cret n\u00b0 2010-344 du 31 mars 2010 tirant les cons\u00e9quences, au niveau r\u00e9glementaire, de l'intervention de \nla loi n\u00b0 2009-879 du 21 juillet 2009 portant r\u00e9forme de l'h\u00f4pital et relative aux patients, \u00e0 la sant\u00e9 et aux \nterritoires ; \n \nVu le d\u00e9cret n\u00b02010-361 du 8 avril 2010 relatif aux conseils de surveillance des \u00e9tablissements publics de sant\u00e9 ; \n \nVu le d\u00e9cret du 16 juillet 2024 portant nomination de Monsieur Yann BUBIEN, en qualit\u00e9 de directeur \ng\u00e9n\u00e9ral de l'Agence r\u00e9gionale de sant\u00e9 Provence-Alpes-C\u00f4te d'Azur \u00e0 compter du 18 juillet 2024 ; \n \nVu l'arr\u00eat\u00e9 du 22 juin 2021 portant fusion absorption du centre hospitalier du Luc-en-Provence par le centre \nhospitalier Jean Marcel de Brignoles ; \n \nVu l'arr\u00eat\u00e9 du 20 juillet 2021 portant rectification d'erreurs mat\u00e9rielles contenues dans l'arr\u00eat\u00e9 du 22 juin 2021 \nportant fusion absorption du centre hospitalier du Luc-en-Provence par le centre hospitalier de Brignoles ; \n \nVu l'arr\u00eat\u00e9 du 07 ao\u00fbt 2024 fixant la composition nominative du conseil de surveillance du centre hospitalier \nintercommunal de Brignoles Le Luc-en-Provence (VAR) ; \n \nVu l'arr\u00eat\u00e9 du 18 juillet 2024 portant d\u00e9l\u00e9gation de signature \u00e0 Monsieur S\u00e9bastien MONI\u00c9, directeur de la \nd\u00e9l\u00e9gation d\u00e9partementale du Var de l'Agence r\u00e9gionale de sant\u00e9 Provence-Alpes-C\u00f4te d'Azur ; \n \nVu le courrier de la direction g\u00e9n\u00e9rale du centre hospitalier intercommunal de Brignoles Le Luc-en-Provence en \ndate du 03 f\u00e9vrier 2025 ; \n \n \n \nARRETE \n \n \nArticle 1 : Le conseil de surveillance du centre hospitalier intercommunal de Brignoles Le Luc-en-Provence sis \nboulevard Joseph Monnier, CS 10301, 83175 Brignoles Cedex (VAR), \u00e9tablissement public de sant\u00e9 de ressort \nintercommunal est modifi\u00e9 ainsi qu'il suit : \n \n \nI. Sont membres du conseil de surveillance avec voix d\u00e9lib\u00e9rative : \n \n \nAgence r\u00e9gionale de sant\u00e9 du Var - 83-2025-02-04-00003 - Arr\u00eat\u00e9 fixant la composition nominative du conseil de surveillance du CHI\nBrignoles Le Luc 7\n \nAgence r\u00e9gionale de sant\u00e9 Provence-Alpes-C\u00f4te d'Azur - D\u00e9l\u00e9gation d\u00e9partementale du Var \u2013 Immeuble TOVA 2 - 177 boulevard du \nDocteur Charles Barnier \u2013 CS 31302 - 83076 Toulon Cedex \nT\u00e9l. : 04 13 55 89 10 / Fax : 04 13 55 80 40 / www.ars.paca.sante.fr \nPage 2 / 3 \n2\u00b0) En qualit\u00e9 de repr\u00e9sentant du personnel \n \n \n- Monsieur Daniel SULTAN, repr\u00e9sentant d\u00e9sign\u00e9 par l'organisation syndicale Force Ouvri\u00e8re ; \n \n Monsieur Fabien OLIVERO, repr\u00e9sentant d\u00e9sign\u00e9 par l'organisation syndicale Sud Sant\u00e9 ; \n \n \nArticle 2 : Le conseil de surveillance du centre hospitalier intercommunal de Brignoles Le Luc-en-Provence sis \nboulevard Joseph Monnier, CS 10301, 83175 Brignoles Cedex (VAR), \u00e9tablissement public de sant\u00e9 de ressort \nintercommunal est compos\u00e9 des membres ci-apr\u00e8s : \n \n \nI. Sont membres du conseil de surveillance avec voix d\u00e9lib\u00e9rative : \n \n \n1\u00b0) En qualit\u00e9 de repr\u00e9sentant des collectivit\u00e9s territoriales : \n \n \n- Monsieur Didier BREMOND, Maire de Brignoles, membre de droit ; \n \n \n- Monsieur Dominique LAIN, Maire du Luc-en-Provence, membre de droit ; \n \n- Monsieur Philippe VALLOT, conseiller communautaire, repr\u00e9sentant la communaut\u00e9 d'agglom\u00e9ration de \nla Provence Verte ; \n \n- Monsieur Fernand BRUN, conseiller communautaire, repr\u00e9sentant la communaut\u00e9 de communes C\u0153ur \ndu Var ;  \n \n- Madame Chantal LASSOUTANIE, repr\u00e9sentante du Pr\u00e9sident du conseil d\u00e9partemental du Var ; \n \n \n2\u00b0) En qualit\u00e9 de repr\u00e9sentant du personnel \n \n \n- Un repr\u00e9sentant de la commission de soins infirmiers, de r\u00e9\u00e9ducation et m\u00e9dico-techniques ; \u00e0 d\u00e9signer \n \n- Monsieur le docteur Samyr ADDOU, repr\u00e9sentant de la commission m\u00e9dicale d'\u00e9tablissement ; \n \n- Madame le docteur Val\u00e9rie GUIGUES, repr\u00e9sentante de la commission m\u00e9dicale d'\u00e9tablissement ; \n \n- Monsieur Daniel SULTAN, repr\u00e9sentant d\u00e9sign\u00e9 par l'organisation syndicale Force Ouvri\u00e8re ; \n \n Monsieur Fabien OLIVERO, repr\u00e9sentant d\u00e9sign\u00e9 par l'organisation syndicale Sud Sant\u00e9 ; \n \n \n3\u00b0) En qualit\u00e9 de personnalit\u00e9 qualifi\u00e9e \n \n \n- Monsieur le docteur Alain CHRESTIAN, personnalit\u00e9 qualifi\u00e9e d\u00e9sign\u00e9e par le directeur g\u00e9n\u00e9ral de \nl'Agence r\u00e9gionale de sant\u00e9 de Provence-Alpes-C\u00f4te d'Azur ; \n \n- Une personnalit\u00e9 qualifi\u00e9e d\u00e9sign\u00e9e par le directeur g\u00e9n\u00e9ral de l'Agence r\u00e9gionale de sant\u00e9 de \nProvence-Alpes-C\u00f4te d'Azur ; \u00e0 d\u00e9signer \n \n- Madame Mireille BACCINO-ROLLEY, personnalit\u00e9 qualifi\u00e9e d\u00e9sign\u00e9e par le pr\u00e9fet du \nd\u00e9partement du Var ; \n \n- Madame Janine BELLOT, de la ligue nationale contre le cancer repr\u00e9sentante des usagers d\u00e9sign\u00e9e par \nle pr\u00e9fet du d\u00e9partement du Var ; \n \n \nAgence r\u00e9gionale de sant\u00e9 du Var - 83-2025-02-04-00003 - Arr\u00eat\u00e9 fixant la composition nominative du conseil de surveillance du CHI\nBrignoles Le Luc 8\n \nAgence r\u00e9gionale de sant\u00e9 Provence-Alpes-C\u00f4te d'Azur - D\u00e9l\u00e9gation d\u00e9partementale du Var \u2013 Immeuble TOVA 2 - 177 boulevard du \nDocteur Charles Barnier \u2013 CS 31302 - 83076 Toulon Cedex \nT\u00e9l. : 04 13 55 89 10 / Fax : 04 13 55 80 40 / www.ars.paca.sante.fr \nPage 3 / 3 \n- Madame Dani\u00e8le CHENEL-CLAUSTRE, de l'association France Alzheimer repr\u00e9sentante des usagers \nd\u00e9sign\u00e9e par le pr\u00e9fet du d\u00e9partement du Var ; \n \n \nII. Sont membres du conseil de surveillance avec voix consultative : \n \n \n- Le vice pr\u00e9sident du directoire du centre hospitalier intercommunal de Brignoles Le Luc-en-Provence ; \n \n- Le directeur g\u00e9n\u00e9ral de l'Agence r\u00e9gionale de sant\u00e9 de Provence-Alpes-C\u00f4te d'Azur ; \n \n \n- Madame le docteur Marie MATULIC, praticien hospitalier, repr\u00e9sentante de la structure charg\u00e9e de la \nr\u00e9flexion d'\u00e9thique au sein du centre hospitalier intercommunal de Brignoles Le Luc-en-Provence ; \n \n- Le directeur de la caisse d'Assurance maladie de Toulon ; \n \n- Monsieur Richard CARCENAC, repr\u00e9sentant des familles de personnes accueillies dans l'unit\u00e9 soins de \nlongue dur\u00e9e et dans l'etablissement h\u00e9bergeant des personnes \u00e2g\u00e9es d\u00e9pendantes ; \n \n \nArticle 3 : La dur\u00e9e des fonctions des membres du conseil de surveillance est fix\u00e9e \u00e0 cinq ans sous r\u00e9serve des \ndispositions particuli\u00e8res pr\u00e9vues \u00e0 l'article R.6143-12 du code de la sant\u00e9 publique. \n \n \nArticle 4 : Un recours contentieux peur \u00eatre form\u00e9 aupr\u00e8s du tribunal administratif territorialement comp\u00e9tent \ndans un d\u00e9lai franc de deux mois \u00e0 compter de la notification du pr\u00e9sent arr\u00eat\u00e9 pour les int\u00e9ress\u00e9s ou de sa \npublication pour les tiers. \n \n \nArticle 5 : Le directeur g\u00e9n\u00e9ral de l'Agence r\u00e9gionale de sant\u00e9 de Provence-Alpes-C\u00f4te d'Azur, le directeur de la \nd\u00e9l\u00e9gation territoriale du Var et le directeur du centre hospitalier intercommunal de Brignoles Le Luc-en-Provence \nsont charg\u00e9s, chacun en ce qui le concerne, de l'ex\u00e9cution du pr\u00e9sent arr\u00eat\u00e9 qui sera publi\u00e9 au recueil des actes \nadministratifs de la pr\u00e9fecture de la r\u00e9gion Provence, Alpes, C\u00f4te d'Azur et de la pr\u00e9fecture du d\u00e9partement du \nVar. \n \n \n \nToulon, le 04 f\u00e9vrier 2025 \n \n \nPour le directeur de l'agence  \nr\u00e9gionale de sant\u00e9 PACA \nLe directeur d\u00e9partemental du Var \n \nSign\u00e9 \n \nS\u00e9batien MONI\u00c9 \nAgence r\u00e9gionale de sant\u00e9 du Var - 83-2025-02-04-00003 - Arr\u00eat\u00e9 fixant la composition nominative du conseil de surveillance du CHI\nBrignoles Le Luc 9\nDirection d\u00e9partementale des finances\npubliques du Var\n83-2025-02-06-00001\nArr\u00eat\u00e9 de d\u00e9l\u00e9gation de signature - Service des\nimp\u00f4ts des particuliers de la Seyne-sur-Mer\nDirection d\u00e9partementale des finances publiques du Var - 83-2025-02-06-00001 - Arr\u00eat\u00e9 de d\u00e9l\u00e9gation de signature - Service des\nimp\u00f4ts des particuliers de la Seyne-sur-Mer 10\nREPUBLIQUEFRANCAISELibert\u00e9Egalit\u00e9Fraternit\u00e9\nTFINANCES PUBLIQUES\nArr\u00eat\u00e9 portant D\u00c9L\u00c9GATION DE SIGNATURE \nLe comptable, responsable du service des imp\u00f4ts des particuliers de La Seyne-sur-Mer\nVu le code g\u00e9n\u00e9ral des imp\u00f4ts, et notamment l'artic le 408 de son annexe II et les articles 212 \u00e0 217 d e son\nannexe IV ; \nVu le livre des proc\u00e9dures fiscales, et notamment les articles L. 247 et R* 247-4 et suivants ;\nVu le d\u00e9cret n\u00b0 2008-309 du 3 avril 2008 portant di verses dispositions relatives \u00e0 la direction g\u00e9n\u00e9ra le des\nfinances publiques ; \nVu le d\u00e9cret n\u00b0 2009-707 du 16 juin 2009 relatif aux services d\u00e9concentr\u00e9s de la direction g\u00e9n\u00e9rale de s finances\npubliques ; \nVu le d\u00e9cret  n\u00b0 2012-1246 du 7 novembre 2012 relatif  \u00e0 la gestion budg\u00e9taire et  comptable publique,  et\nnotamment son article 16 ;\nArr\u00eate :\nArticle 1\ner\nD\u00e9l\u00e9gation  de  signature  est  donn\u00e9e  \u00e0  Mme  CONTU  Christine,  inspectrice,  Mme  PETTINOTTO  Claire,\ninspectrice, M. SAMY Fr\u00e9d\u00e9ric, inspecteur, adjoints  au responsable du service des imp\u00f4ts des particuli ers de La\nSeyne-sur-Mer, \u00e0 l'effet de signer :\n1\u00b0) dans la limite de 60 000 \u20ac, en mati\u00e8re de contentieux fiscal d'assiette, les d\u00e9cisions d'admission  totale,\nd'admission partielle ou de rejet, de d\u00e9gr\u00e8vement ou restitution d'office ;\n2\u00b0) en mati\u00e8re de gracieux fiscal, les d\u00e9cisions po rtant remise, mod\u00e9ration, transaction ou rejet dans  la limite de\n60 000 \u20ac ;  \n3\u00b0)  les  documents  n\u00e9cessaires  \u00e0  l'ex\u00e9cution  comptable  des  d\u00e9cisions  contentieuses  et  gracieuses,  sans\nlimitation de montant ; \n4\u00b0) les mises en demeure de payer ;\n5\u00b0) et de rendre ex\u00e9cutoire les avis de mise en recouvrement ;\n6\u00b0) au nom et sous la responsabilit\u00e9 du comptable soussign\u00e9, \na)  les  d\u00e9cisions  gracieuses,  relatives  aux  p\u00e9nalit\u00e9s  et  aux  frais  de  poursuites,  portant  remise,\nmod\u00e9ration ou rejet, dans la limite de 3 000 \u20ac ;\nDIRECTION D\u00c9PARTEMENTALE\nDES FINANCES PUBLIQUES DU VAR\nDirection d\u00e9partementale\ndes Finances publiques du Var\nSERVICE DES IMP\u00d4TS DES PARTICULIERS\nDE LA SEYNE-SUR-MER\n76, all\u00e9e de Paris \u2013 CS 80210\n83506 LA SEYNE-SUR-MER CEDEX\nDirection d\u00e9partementale des finances publiques du Var - 83-2025-02-06-00001 - Arr\u00eat\u00e9 de d\u00e9l\u00e9gation de signature - Service des\nimp\u00f4ts des particuliers de la Seyne-sur-Mer 11\n|\nb) les d\u00e9cisions relatives aux demandes de d\u00e9lai de  paiement, le d\u00e9lai accord\u00e9 ne pouvant exc\u00e9der 18\nmois et porter sur une somme sup\u00e9rieure \u00e0 30 000 \u20ac ;\nc) l'ensemble  des  actes  relatifs  au  recouvrement,  et  notamment  les  actes  de  poursuites  et  les\nd\u00e9clarations de cr\u00e9ances ainsi que pour ester en justice ;\nd)  tous actes d'administration et de gestion du service.\nArticle 2\nD\u00e9l\u00e9gation de signature est donn\u00e9e \u00e0 l'effet de sig ner, en mati\u00e8re de contentieux fiscal d'assiette, l es d\u00e9cisions\nd'admission totale, d'admission partielle ou de rej et, de d\u00e9gr\u00e8vement ou restitution d'office et, en m ati\u00e8re de\ngracieux fiscal, les d\u00e9cisions portant remise, mod\u00e9ration ou rejet :\n1\u00b0) dans la limite de 10 000 \u20ac, aux agents des finances publiques de cat\u00e9gorie B d\u00e9sign\u00e9s ci-apr\u00e8s :\nMARTINO David ROME B\u00e9atrice SEGURA Florian\n2\u00b0) dans la limite de 2 000 \u20ac, aux agents des finances publiques de cat\u00e9gorie C d\u00e9sign\u00e9s ci-apr\u00e8s :\nBERNAL Nathalie BIANCOTTO C\u00e9line BLANC La\u00ebtitia\nDEBIEUVRE Nicolas MARC Christophe PIETRACHA J\u00e9r\u00f4me\nSEITZ Marie TACHAT Charl\u00e8ne TODISCO Charl\u00e8ne\nArticle 3\nD\u00e9l\u00e9gation de signature est donn\u00e9e \u00e0 l'effet de signer :\n1\u00b0) les d\u00e9cisions gracieuses, relatives aux p\u00e9nalit \u00e9s et aux frais de poursuites, portant remise, mod\u00e9 ration ou\nrejet, dans la limite pr\u00e9cis\u00e9e dans le tableau ci-dessous ;\n2\u00b0)  les d\u00e9cisions relatives aux demandes de d\u00e9lai d e paiement, dans  les limites de dur\u00e9e et de montant\nindiqu\u00e9es dans le tableau ci-apr\u00e8s ;\n3\u00b0) les mises en demeure de payer ;\n4\u00b0) et de rendre ex\u00e9cutoire les avis de mise en recouvrement ;\n5\u00b0) l'ensemble des actes relatifs au recouvrement, et notamment les actes de poursuites et les d\u00e9clara tions de\ncr\u00e9ances ;\naux agents d\u00e9sign\u00e9s ci-apr\u00e8s :\nNom et pr\u00e9nom des\nagents\ngrade Limite\ndes d\u00e9cisions\ngracieuses\nDur\u00e9e maximale\ndes d\u00e9lais de\npaiement\nSomme maximale\npour laquelle un\nd\u00e9lai de paiement\npeut \u00eatre accord\u00e9\nBOULLY Priscilla contr\u00f4leur 1 500 \u20ac 6 mois 15 000 euros\nDANOY Laurent contr\u00f4leur 1 500 \u20ac 6 mois 15 000 euros\nNUNES Anne contr\u00f4leur 1 500 \u20ac 6 mois 15 000 euros\nRIBOIT Patrice contr\u00f4leur 1 500 \u20ac 6 mois 15 000 euros\nSIMONNET David contr\u00f4leur 1 500 \u20ac 6 mois 15 000 euros\nTUCI Richard contr\u00f4leur 1 500 \u20ac 6 mois 15 000 euros\nDUCHI Ang\u00e9lique Agent 500 \u20ac 3 mois 5 000 euros\nGHOUAIEL Ch\u00e9dlia Agent 500 \u20ac 3 mois 5 000 euros\nSANCHEZ Elodie Agent 500 \u20ac 3 mois 5 000 euros\nDirection d\u00e9partementale des finances publiques du Var - 83-2025-02-06-00001 - Arr\u00eat\u00e9 de d\u00e9l\u00e9gation de signature - Service des\nimp\u00f4ts des particuliers de la Seyne-sur-Mer 12\nArticle 4\nD\u00e9l\u00e9gation de signature est donn\u00e9e \u00e0 l'effet de signer :\n1\u00b0) en mati\u00e8re de contentieux fiscal d'assiette, le s d\u00e9cisions d'admission totale, d'admission partiel le ou de rejet,\nde d\u00e9gr\u00e8vement ou restitution d'office, dans la limite pr\u00e9cis\u00e9e dans le tableau ci-dessous ;\n2\u00b0) en mati\u00e8re de gracieux fiscal, les d\u00e9cisions po rtant remise, mod\u00e9ration ou rejet, dans la limite p r\u00e9cis\u00e9e dans\nle tableau ci-dessous ;\n3\u00b0)  les d\u00e9cisions relatives aux demandes de d\u00e9lai de paiement, dans  les limites de dur\u00e9e et de montant\nindiqu\u00e9es dans le tableau ci-apr\u00e8s ; \naux agents d\u00e9sign\u00e9s ci-apr\u00e8s :\nNom et pr\u00e9nom des\nagents\ngrade Limite des\nd\u00e9cisions\ncontentieuses\nLimite\ndes d\u00e9cisions\ngracieuses\nDur\u00e9e\nmaximale\ndes d\u00e9lais de\npaiement\nSomme\nmaximale pour\nlaquelle un d\u00e9lai\nde paiement\npeut \u00eatre\naccord\u00e9\nBEUNIER Laurent contr\u00f4leur 10 000 \u20ac 300 \u20ac 3 mois 3 000 euros\nJUILLET Franck contr\u00f4leur 10 000 \u20ac 300 \u20ac 3 mois 3 000 euros\nRAQUIN Virginie contr\u00f4leur 10 000 \u20ac 300 \u20ac 3 mois 3 000 euros\nSOLERA Nathalie contr\u00f4leur 10 000 \u20ac 300 \u20ac 3 mois 3 000 euros\nBOURSIER Mickael Agent 2 000 \u20ac 300 \u20ac 3 mois 3 000 euros\nCOHEN J\u00e9r\u00e9mie Agent 2 000 \u20ac 300 \u20ac 3 mois 3 000 euros\nLEZRAK Fouzia Agent 2 000 \u20ac 300 \u20ac 3 mois 3 000 euros\nMEZIRI Meriem Agent 2 000 \u20ac 300 \u20ac 3 mois 3 000 euros\nPEROT Carole Agent 2 000 \u20ac 300 \u20ac 3 mois 3 000 euros\nREININGER C\u00e9dric Agent 2 000 \u20ac 300 \u20ac 3 mois 3 000 euros\nTHOMAS Alexis Agent 2 000 \u20ac 300 \u20ac 3 mois 3 000 euros\nArticle 5\nLe pr\u00e9sent arr\u00eat\u00e9 prend effet au 6 f\u00e9vrier 2025 Il sera publi\u00e9 au recueil des actes administratifs du d\u00e9partement\ndu Var.\nA La Seyne-sur-Mer, le 06/02/2025\nLe comptable, responsable du service des imp\u00f4ts des\nparticuliers de La Seyne-sur-Mer,\nSign\u00e9\nBETTONI Didier\nDirection d\u00e9partementale des finances publiques du Var - 83-2025-02-06-00001 - Arr\u00eat\u00e9 de d\u00e9l\u00e9gation de signature - Service des\nimp\u00f4ts des particuliers de la Seyne-sur-Mer 13\nDirection d\u00e9partementale des territoires et de la\nmer du Var\n83-2025-01-23-00006\nARR\u00caT\u00c9 PR\u00c9FECTORAL MODIFICATIF\nn\u00b0DDTM/SEBIO/2025-09 du 23 janvier 2025           \n       portant autorisation administrative propre\nau r\u00e9seau Natura 2000 sur le site Natura 2000\nZone Sp\u00e9ciale de Conservation (ZSC) FR9301626\n\u00abVal d'Argens\u00bb  concernant l'implantation d'une\nantenne relais de t\u00e9l\u00e9phonie mobile et la\ncr\u00e9ation d'une piste d'acc\u00e8s au lieu-dit \u00ab Pie\nRoulan \u00bb sur la commune d'ENTRECASTEAUX\nDirection d\u00e9partementale des territoires et de la mer du Var - 83-2025-01-23-00006 - ARR\u00caT\u00c9 PR\u00c9FECTORAL MODIFICATIF\nn\u00b0DDTM/SEBIO/2025-09 du 23 janvier 2025                   portant autorisation administrative propre au r\u00e9seau Natura 2000 sur le site\nNatura 2000 Zone Sp\u00e9ciale de Conservation (ZSC) FR9301626 \u00abVal d'Argens\u00bb  concernant l'implantation d'une antenne relais de\nt\u00e9l\u00e9phonie mobile et la cr\u00e9ation d'une piste d'acc\u00e8s au lieu-dit \u00ab Pie Roulan \u00bb sur la commune d'ENTRECASTEAUX\n14\n=mPREFETDU VARLibert\u00e9Egalit\u00e9Fraternit\u00e9\nARR\u00caT\u00c9 PR\u00c9FECTORAL MODIFICATIF n\u00b0DDTM/SEBIO/2025-09 du 23 janvier 2025 \nportant autorisation administrative propre au r\u00e9seau Natura 2000\nsur le site Natura 2000 Zone Sp\u00e9ciale de Conservation (ZSC) FR9301626 \u00abVal \nd'Argens\u00bb  concernant l'implantation d'une antenne relais de t\u00e9l\u00e9phonie mobile et la \ncr\u00e9ation d'une piste d'acc\u00e8s au lieu-dit \u00ab Pie Roulan \u00bb sur la commune \nd'ENTRECASTEAUX\nLe pr\u00e9fet du Var,\nVu la directive europ\u00e9enne 92/43/CEE du 21 mai 1992 relative \u00e0 la conservation des habitats  \nnaturels ainsi que de la faune et de la flore sauvage,\nVu le code de l'environnement et notamment les articles L414-4 et suivants et R414-27 (item  \n31) et suivants,\nVu le d\u00e9cret n\u00b0 2010-365 du 9 avril 2010 relatif \u00e0 l'\u00e9valuation des incidences Natura 2000,\nVu le d\u00e9cret du Pr\u00e9sident de la R\u00e9publique du 13 juillet 2023 portant nomination de Monsieur  \nPhilippe MAHE pr\u00e9fet du Var,\nVu l'arr\u00eat\u00e9 minist\u00e9riel du 23 juin 2014 portant d\u00e9cision du site Natura 2000 Val d'Argens (zone \nde protection sp\u00e9ciale),\nVu l'arr\u00eat\u00e9  pr\u00e9fectoral  n\u00b0 2022/24/MCI du  21  juillet  2022  modifi\u00e9,  portant  d\u00e9l\u00e9gation  de  \nsignature \u00e0 M.Laurent BOULET, directeur d\u00e9partemental des territoires et de la mer du Var,\nVu  la demande du 12 octobre 2022 pr\u00e9sent\u00e9e par la soci\u00e9t\u00e9 SPIE comprenant notamment  \nl'\u00e9valuation simplifi\u00e9e des incidences Natura 2000 concernant l'implantation d'une antenne  \nrelais de t\u00e9l\u00e9phonie mobile au lieu-dit \u00ab Pie Roulan \u00bb sur le site Natura 2000 (ZSC) FR9301626 \u00ab \nVal d'Argens \u00bb,\nVu la demande de compl\u00e9ments du 20 octobre 2022 demand\u00e9e \u00e0 la soci\u00e9t\u00e9 SPIE par la DDTM \ndu Var concernant l'implantation d'une antenne relais de t\u00e9l\u00e9phonie mobile au lieu-dit \u00ab Pie  \nRoulan \u00bb  sur  le  site  Natura  2000  (ZSC)  FR9301626  \u00ab  Val  d'Argens  \u00bb  pour  une  \u00e9valuation \nd'incidences Natura 2000 jug\u00e9e incompl\u00e8te,\nVu la r\u00e9ception des compl\u00e9ments en date du 09 novembre 2023 comprenant notamment  \nl'\u00e9valuation appropri\u00e9e des incidences Natura 2000 r\u00e9alis\u00e9e par un bureau d'\u00e9tude naturaliste \nconcernant l'implantation d'une antenne relais de t\u00e9l\u00e9phonie mobile au lieu-dit \u00ab Pie Roulan \u00bb \nsur le site Natura 2000 (ZSC) FR9301626 \u00ab Val d'Argens \u00bb,\n1/4\nDirection d\u00e9partementale\ndes territoires et de la mer du Var\nDirection d\u00e9partementale des territoires et de la mer du Var - 83-2025-01-23-00006 - ARR\u00caT\u00c9 PR\u00c9FECTORAL MODIFICATIF\nn\u00b0DDTM/SEBIO/2025-09 du 23 janvier 2025                   portant autorisation administrative propre au r\u00e9seau Natura 2000 sur le site\nNatura 2000 Zone Sp\u00e9ciale de Conservation (ZSC) FR9301626 \u00abVal d'Argens\u00bb  concernant l'implantation d'une antenne relais de\nt\u00e9l\u00e9phonie mobile et la cr\u00e9ation d'une piste d'acc\u00e8s au lieu-dit \u00ab Pie Roulan \u00bb sur la commune d'ENTRECASTEAUX\n15\nVu,  l'arr\u00e9t\u00e9  pr\u00e9fectoral  n\u00b0DDTM/SEBIO/2023-129  du  04  janvier  2024  portant  autorisation  \nadministrative  propre  au  r\u00e9seau  Natura  2000  sur  le  site  Natura  2000  Zone  Sp\u00e9ciale  de  \nConservation (ZSC) FR9301626 \u00abVal d'Argens\u00bb  concernant l'implantation d'une antenne relais \nde t\u00e9l\u00e9phonie mobile et la cr\u00e9ation d'une piste d'acc\u00e8s au lieu-dit \u00ab Pie Roulan \u00bb sur la  \ncommune d'ENTRECASTEAUX.\nConsid\u00e9rant que  le  projet  consiste  en  la  cr\u00e9ation  et  installation  d'une  antenne  relais  de  \nt\u00e9l\u00e9phonie. Les travaux consistent en :\nLa cr\u00e9ation d'un massif enterr\u00e9 de 5,7m x 6,7m x 1,5m soit 40 m2 d'emprise au sol en phase  \nchantier ;\n- L'installation d'un pyl\u00f4ne treillis de 36 m de haut, adjoint de 3 antennes de 2,6 m et d'un  \nfaisceau hertzien de 0,60 m de diam\u00e8tre ; tous peints en vert fonc\u00e9 (RAL 6008) pour une  \nmeilleure int\u00e9gration paysag\u00e8re ;\n- La cr\u00e9ation d'une dalle b\u00e9ton de 1,5m x 2,00m pour la zone technique soit 3 m2 d'emprise au \nsol, sur laquelle seront install\u00e9s 2 armoires techniques superpos\u00e9es et un coffret \u00e9lectrique sur \nm\u00e2t ;\n- L'installation d'une enceinte grillag\u00e9e avec portillon d'acc\u00e8s de 1,8 m de hauteur autour du  \npyl\u00f4ne et de ses \u00e9quipements ;\n- La cr\u00e9ation d'une tranch\u00e9e pour le raccordement au r\u00e9seau existant par un fourreau enterr\u00e9  \ndont l'emprise sera situ\u00e9e sous la piste d'acc\u00e8s.\nL'installation des \u00e9quipements n\u00e9cessitera l'utilisation de moyens de terrassement (pelles) et  \nde levage (grue et nacelle). Le nivellement n\u00e9cessaire pour l'installation du massif enterr\u00e9 et  \nde la tranch\u00e9e sera effectu\u00e9 en d\u00e9blais/remblais, aucun mat\u00e9riau ne sera retir\u00e9 ni amen\u00e9.\nL'emprise finale au sol du pyl\u00f4ne sera de 15 m2 et la zone d\u00e9broussaill\u00e9e de 40 m2.\nConsid\u00e9rant  que le projet consiste en la cr\u00e9ation d'une piste de 560 m\u00e8tres lin\u00e9aires et de  \n4,40  m  de  large  (d\u00e9frichement  et  terrassement),  pour  l'acc\u00e8s  des  v\u00e9hicules  de  chantier,  \nl'acheminement des mat\u00e9riaux, et la maintenance en phase exploitation. Un rev\u00eatement de  \ntype tout-venant sera pos\u00e9. L'emprise finale au sol de la piste est donc d'environ 2500 m2.\nUne aire de retournement sera install\u00e9e, d'une surface suppl\u00e9mentaire d'environ 80 m2. la  \npiste  d'&acc\u00e8s  n'\u00e9tant  pas  soumise  aux  Obligations  de  D\u00e9broussaillement  (OLD),  aucun  \nd\u00e9frichement suppl\u00e9mentaire ne sera r\u00e9alis\u00e9 ,\nConsid\u00e9rant que l'\u00e9valuation des incidences Natura 2000 fournie \u00e0 l'appui de la demande  \nd'autorisation, est conforme \u00e0 la r\u00e9glementation, compl\u00e8te, sign\u00e9e et suffisante au regard de  \nla nature des travaux et des compl\u00e9ments demand\u00e9s,\nConsid\u00e9rant que l'\u00e9valuation des incidences Natura 2000 conclut en l'absence d'incidences  \nsignificatives sur le site Natura 2000 (ZSC) FR930162 \u00ab Val d'Argens \u00bb,\nConsid\u00e9rant que  les  travaux  envisag\u00e9s  ne  porteront  pas  atteintes  aux  objectifs  de  \nconservation du site Natura 2000 (ZSC) FR930162 \u00ab Val d'argens\u00bb  dans lesquels ils sont inclus, \nsous r\u00e9serve du respect des prescriptions du pr\u00e9sent arr\u00eat\u00e9 pr\u00e9fectoral et des engagements  \npris par le ma\u00eetre d'ouvrage dans le dossier d\u00e9pos\u00e9, sauf s'ils sont contraires aux prescriptions  \ndu pr\u00e9sent arr\u00eat\u00e9\nConsid\u00e9rant la  n\u00e9cessit\u00e9  d'adapter  l'\u00e9clairage  en  raison  d'\u00e9l\u00e9ments  li\u00e9s  \u00e0  la  s\u00e9curit\u00e9  \na\u00e9ronautique il est n\u00e9cessaire de demander le balisage diurne et nocturne de cette antenne, \n2/4\nDirection d\u00e9partementale des territoires et de la mer du Var - 83-2025-01-23-00006 - ARR\u00caT\u00c9 PR\u00c9FECTORAL MODIFICATIF\nn\u00b0DDTM/SEBIO/2025-09 du 23 janvier 2025                   portant autorisation administrative propre au r\u00e9seau Natura 2000 sur le site\nNatura 2000 Zone Sp\u00e9ciale de Conservation (ZSC) FR9301626 \u00abVal d'Argens\u00bb  concernant l'implantation d'une antenne relais de\nt\u00e9l\u00e9phonie mobile et la cr\u00e9ation d'une piste d'acc\u00e8s au lieu-dit \u00ab Pie Roulan \u00bb sur la commune d'ENTRECASTEAUX\n16\nSur proposition du directeur d\u00e9partemental des territoires et de la mer du Var ,\nARR\u00caTE :\nArticle 1 - Objet de l'arr\u00eat\u00e9\nLe pr\u00e9sent arr\u00eat\u00e9 modifie l'article 2 de l'arr\u00eat\u00e9 pr\u00e9fectoral n\u00b0DDTM/SEBIO/2023-129 du 04  \njanvier 2024 le paragraphe (g) est remplac\u00e9 par :\nen phase exploitation, l'\u00e9clairage sera r\u00e9duit au minimum (dispositifs automatis\u00e9s \u00e0 d\u00e9tection  \nd'activit\u00e9)  uniquement  sur  les  secteurs  n\u00e9cessitant  l'installation  de  ces  dispositifs.  Aucun \n\u00e9clairage permanent ne sera autoris\u00e9 ni sur le chemin d'acc\u00e8s ni dans l'emprise du pyl\u00f4ne ni  \nsur le pyl\u00f4ne sauf en cas de disposition r\u00e9glementaire ou n\u00e9cessit\u00e9 li\u00e9es \u00e0 la s\u00e9curit\u00e9 ; \nArticle 3 \u2013 Dispositions g\u00e9n\u00e9rales\nLa pr\u00e9sente autorisation ne dispense pas son b\u00e9n\u00e9ficiaire de solliciter les autres autorisations  \nn\u00e9cessaires  et,  notamment,  l'obtention  d'une  d\u00e9rogation  \u00e0  l'interdiction  de  destruction  \nd'esp\u00e8ces prot\u00e9g\u00e9es.\nArticle 4 - Dur\u00e9e et validit\u00e9 de l'autorisation\nLa pr\u00e9sente d\u00e9cision est valable \u00e0 compter de sa date de parution au recueil des actes  \nadministratifs. Les travaux devront \u00eatre termin\u00e9s 5 ans apr\u00e8s cette date.\nArticle 5 - Voies et d\u00e9lais de recours\nConform\u00e9ment  aux  dispositions  de  l'article  R421-1  du  code  de  justice  administrative,  le  \npr\u00e9sent arr\u00eat\u00e9 peut faire l'objet d'un recours gracieux ou hi\u00e9rarchique dans un d\u00e9lai de 2 mois \n\u00e0 compter de sa publication au recueil des actes administratifs de la Pr\u00e9fecture du Var. Il peut \naussi faire l'objet d'un recours contentieux devant le tribunal administratif de Toulon dans ce  \nm\u00eame d\u00e9lai.\nLe d\u00e9faut de r\u00e9ponse de l'administration au recours gracieux ou hi\u00e9rarchique dans un d\u00e9lai de \n2 mois apr\u00e8s sa r\u00e9ception fait na\u00eetre une d\u00e9cision implicite de rejet qui peut elle-m\u00eame faire  \nl'objet d'un recours contentieux devant le tribunal administratif dans un d\u00e9lai de 2 mois.\nLe tribunal administratif peut-\u00eatre saisi par l'application informatique \u00ab T\u00e9l\u00e9recours citoyens \u00bb, \naccessible sur le site internet : \u00ab www.telerecours.fr \u00bb.\nArticle 6 - Publication, information des tiers et ex\u00e9cution\nUne copie du pr\u00e9sent arr\u00eat\u00e9 sera adress\u00e9e  au maire de la commune d 'Entrecasteaux, au chef \ndu service d\u00e9partemental de l'office fran\u00e7ais de la biodiversit\u00e9 ainsi qu'\u00e0 l'animateur du site  \nNatura  2000.  Le  pr\u00e9sent  arr\u00eat\u00e9  sera  affich\u00e9  en  mairie  et  publi\u00e9  au  recueil  des  actes  \nadministratifs de la Pr\u00e9fecture du Var. Ces informations seront mises \u00e0 disposition du public  \nsur le site internet de la pr\u00e9fecture du Var pendant une dur\u00e9e minimale de six mois.\nLe secr\u00e9taire g\u00e9n\u00e9ral de la pr\u00e9fecture du Var, le directeur d\u00e9partemental des territoires et de  \nla mer du Var, le chef du service d\u00e9partemental de l'office fran\u00e7ais de la biodiversit\u00e9 et le  \nmaire  de  la  commune  d'Entrecasteaux sont  charg\u00e9s,  chacun  en  ce  qui  le  concerne,  de  \nl'application du pr\u00e9sent arr\u00eat\u00e9.\nFait \u00e0 Toulon, le 23 janvier 2025\n3/4\nDirection d\u00e9partementale des territoires et de la mer du Var - 83-2025-01-23-00006 - ARR\u00caT\u00c9 PR\u00c9FECTORAL MODIFICATIF\nn\u00b0DDTM/SEBIO/2025-09 du 23 janvier 2025                   portant autorisation administrative propre au r\u00e9seau Natura 2000 sur le site\nNatura 2000 Zone Sp\u00e9ciale de Conservation (ZSC) FR9301626 \u00abVal d'Argens\u00bb  concernant l'implantation d'une antenne relais de\nt\u00e9l\u00e9phonie mobile et la cr\u00e9ation d'une piste d'acc\u00e8s au lieu-dit \u00ab Pie Roulan \u00bb sur la commune d'ENTRECASTEAUX\n17\n                    \nPour le Pr\u00e9fet ,\nPour le directeur d\u00e9partemental des territoires et \nde la mer \nLa cheffe adjointe du service eau et biodiversit\u00e9\nSign\u00e9\nNathalie COQUELET\n4/4\nDirection d\u00e9partementale des territoires et de la mer du Var - 83-2025-01-23-00006 - ARR\u00caT\u00c9 PR\u00c9FECTORAL MODIFICATIF\nn\u00b0DDTM/SEBIO/2025-09 du 23 janvier 2025                   portant autorisation administrative propre au r\u00e9seau Natura 2000 sur le site\nNatura 2000 Zone Sp\u00e9ciale de Conservation (ZSC) FR9301626 \u00abVal d'Argens\u00bb  concernant l'implantation d'une antenne relais de\nt\u00e9l\u00e9phonie mobile et la cr\u00e9ation d'une piste d'acc\u00e8s au lieu-dit \u00ab Pie Roulan \u00bb sur la commune d'ENTRECASTEAUX\n18\nDirection d\u00e9partementale des territoires et de la\nmer du Var\n83-2025-02-03-00012\narr\u00eat\u00e9 pr\u00e9fectoral ouverture EP - RAA\nzap Vins-sur-Caramy\nDirection d\u00e9partementale des territoires et de la mer du Var - 83-2025-02-03-00012 - arr\u00eat\u00e9 pr\u00e9fectoral ouverture EP - RAA\nzap Vins-sur-Caramy 19\n=nPREFETDU VARLibert\u00e9Egalit\u00e9Fraternit\u00e9\nDirection d\u00e9partementale\ndes territoires et de la mer du Var\nARR\u00caT\u00c9 PR\u00c9FECTORAL n\u00b0 DDTM/SPP/PAU 2025-09 du 3 f\u00e9vrier 2025\nportant ouverture et organisation d'une enqu\u00eate publique relative \u00e0 une demande de \ncr\u00e9ation d'une zone agricole prot\u00e9g\u00e9e (ZAP)\nsur la commune de Vins-sur-Caramy\nLe pr\u00e9fet du Var,\nVu le code rural et de la p\u00eache maritime et notamment ses articles L. 112-2 et R. 112-1-4 \u00e0  \nR. 112-1-10 ;\nVu le code de l'environnement, et notamment les articles L. 123-1 \u00e0 L. 123-18 ; R123-1 \u00e0 R123-7 ;\nVu le code de l'urbanisme et notamment ses articles L. 151-43, 152-7 , L153-60 et R151-51 ;\nVu le d\u00e9cret du Pr\u00e9sident de la R\u00e9publique du 13 juillet 2023 portant nomination de Monsieur  \nPhilippe MAHE en qualit\u00e9 de pr\u00e9fet du Var ;\nVu l'arr\u00eat\u00e9  du  Premier  ministre  et  du  ministre  de  l'Int\u00e9rieur  du  4  mars  2022  portant \nnomination  de  Monsieur  Laurent  BOULET,  ing\u00e9nieur  des  ponts,  des  eaux  et  des  for\u00eats, \ndirecteur d\u00e9partemental des territoires et de la mer du Var \u00e0 compter du 1er avril 2022 ;\nVu l'arr\u00eat\u00e9 pr\u00e9fectoral n\u00b0 DDTM/MPCA/2023-03 du 26 septembre 2023 donnant subd\u00e9l\u00e9gation \nde signature \u00e0 des agents de la Direction d\u00e9partementale des territoires et de la mer du Var ;\nVu la d\u00e9lib\u00e9ration du conseil municipal de la commune de Vins-sur-Caramy du 03 juillet 2023  \napprouvant le projet de d\u00e9limitation et de classement de la zone agricole prot\u00e9g\u00e9e d\u00e9fini  \ndans le rapport de pr\u00e9sentation ;\nVu l'avis favorable du 30 novembre 2023 de la chambre d'agriculture du Var ;\nVu l'avis favorable du 26 d\u00e9cembre 2023 de l'institut national de l'origine et de la qualit\u00e9 ;\nVu l'avis favorable du 22 janvier 2024 de la commission d\u00e9partementale d'orientation de  \nl'agriculture,\nVu l'avis favorable tacite du syndicat AOP huile d'olive de Provence, au terme du d\u00e9lai de deux \nmois \u00e0 compter de la notification de sa saisine pour avis, en application des articles L. 112-2 et  \nR. 112-1-6 du code rural et de la p\u00eache maritime ;\nVu le dossier pr\u00e9sent\u00e9 \u00e0 l'appui de la demande ;\nVu  la d\u00e9cision n\u00b0 E24000075/83 du tribunal administratif de Toulon du 17 d\u00e9cembre 2024  \nd\u00e9signant Monsieur Andr\u00e9 LALOYAUX en qualit\u00e9 de commissaire enqu\u00eateur ;\n1/6\nDirection d\u00e9partementale des territoires et de la mer du Var - 83-2025-02-03-00012 - arr\u00eat\u00e9 pr\u00e9fectoral ouverture EP - RAA\nzap Vins-sur-Caramy 20\nConsid\u00e9rant qu'en application de l'article R. 112-1-7 du code rural et de la p\u00eache maritime, il y  \na  lieu  de  soumettre  le  projet  de  zone  agricole  prot\u00e9g\u00e9e  \u00e0  l'enqu\u00eate  publique  dans  les \nconditions pr\u00e9vues par les dispositions du livre Ier du code de l'environnement ;\nSur proposition du directeur d\u00e9partemental des territoires et de la mer,\nARR\u00caTE \nArticle 1er : Objet de l'enqu\u00eate\nIl  sera  proc\u00e9d\u00e9  \u00e0  une  enqu\u00eate  publique,  dans  les  formes  prescrites  par  le  code  de \nl'environnement, portant sur la demande de cr\u00e9ation d'une zone agricole prot\u00e9g\u00e9e sur le  \nterritoire de la commune de Vins-sur-Caramy.\nLe porteur du projet est la Communaut\u00e9 d'Agglom\u00e9ration de la Provence Verte \u2013 ZAC de  \nNicopolis,  195  rue  Gen\u00e9vriers  83170  BRIGNOLES  (Mr  Didier  BREMOND,  Pr\u00e9sident  de \nl'Agglom\u00e9ration de la Provence Verte : courriel : contact@caprovenceverte.fr t\u00e9l. 04 98 05 27  \n10).\nDes informations sur le projet peuvent \u00eatre demand\u00e9es aupr\u00e8s des r\u00e9f\u00e9rents de l'\u00e9tude au  \nniveau communal repr\u00e9sent\u00e9s par Monsieur le maire de Vins-sur-Caramy \u2013 T\u00e9l : 04 94 37 00 40, \nm\u00e9l : accueil@vinssurcaramy.fr\nArticle 2 : Informations environnementales\nLe projet ne n\u00e9cessite pas d'\u00e9tude environnementale.\nArticle 3 : publicit\u00e9 de l'enqu\u00eate\nPar voie de presse :\nUn avis portant \u00e0 la connaissance du public l'ouverture de l'enqu\u00eate est publi\u00e9, par les soins  \ndu pr\u00e9fet du Var et aux frais de la communaut\u00e9 d'agglom\u00e9ration de la Provence verte, au  \nmoins quinze jours avant le d\u00e9but de l'enqu\u00eate et rappel\u00e9 dans les huit premiers jours de  \ncelle-ci, dans deux journaux diffus\u00e9s dans le d\u00e9partement du Var.\nPar voie d'affichage     :\nCet avis et l'arr\u00eat\u00e9 pr\u00e9fectoral d'enqu\u00eate publique sont affich\u00e9s en mairie de Vins-sur-Caramy \npar le Maire de la commune de Vins-sur-Caramy dans les d\u00e9lais ci-dessus indiqu\u00e9s.\nL'avis est \u00e9ventuellement affich\u00e9 par tout autre proc\u00e9d\u00e9, tels que les panneaux d'usage dont  \ndispose la commune de Vins-sur-Caramy au moins quinze jours avant le d\u00e9but de l'enqu\u00eate et \njusqu'au terme de celle-ci. \nIl est justifi\u00e9 de l'accomplissement de ces formalit\u00e9s par un certificat de d\u00e9but et de fin  \nd'affichage  \u00e9tablis  par  Monsieur  le  Maire  de  Vins-sur-Caramy  et  remis  au  commissaire-\nenqu\u00eateur qui les verse au dossier d'enqu\u00eate publique.\n2/6\nDirection d\u00e9partementale des territoires et de la mer du Var - 83-2025-02-03-00012 - arr\u00eat\u00e9 pr\u00e9fectoral ouverture EP - RAA\nzap Vins-sur-Caramy 21\nEn ligne     :\nL'avis et l'arr\u00eat\u00e9 sont \u00e9galement consultables sur le site internet des services de l'\u00c9tat dans le  \nd\u00e9partement du Var ( http://www.var.gouv.fr :  publications / enqu\u00eates publiques / enqu\u00eates  \npubliques hors ICPE / commune de Vins-sur-Caramy - Zone Agricole Prot\u00e9g\u00e9e (ZAP).\nAu recueil des actes administratifs du Var     :\nL'arr\u00eat\u00e9  d'ouverture  de  l'enqu\u00eate  fait  l'objet  d'une  publication  au  Recueil  des  Actes \nAdministratifs du Var (RAA).\nLieu du projet\nEn outre, dans les m\u00eames conditions de d\u00e9lai et de dur\u00e9e, et sauf impossibilit\u00e9 mat\u00e9rielle  \njustifi\u00e9e, le r\u00e9f\u00e9rent du projet proc\u00e8de \u00e0 l'affichage de l'avis d'enqu\u00eate publique sur les lieux  \npr\u00e9vus pour la r\u00e9alisation du projet. \nLes affiches doivent \u00eatre visibles et lisibles depuis la voie publique.\nLe  p\u00e9titionnaire  justifie  par  tout  moyen  \u00e0  sa  convenance  de  l'accomplissement  de  ces \nformalit\u00e9s et remet aussit\u00f4t ces pi\u00e8ces justificatives au commissaire enqu\u00eateur afin qu'il les  \nannexe au dossier d'enqu\u00eate publique.\nLes caract\u00e9ristiques et dimensions de l'affichage sont fix\u00e9es par l'arr\u00eat\u00e9 NOR  : TRED2124162A \ndu 9 septembre 2021.\nArticle 4 : date et lieu de l'enqu\u00eate, consultation du dossier d'enqu\u00eate publique\nDate et lieu     : \nL'enqu\u00eate se d\u00e9roulera en mairie annexe de Vins-sur-Caramy \u2013 Place de l'\u00e9glise - 83170 VINS-\nSUR-CARAMY du lundi 3 mars au jeudi 3 avril 2025 inclus, soit pendant 31 jours cons\u00e9cutifs.\nConsultation du dossier d'enqu\u00eate publique\nLe dossier d'enqu\u00eate publique sera consultable par toutes les personnes int\u00e9ress\u00e9es sur un  \nposte informatique en mairie de Vins-sur-Caramy pendant toute la dur\u00e9e de l'enqu\u00eate, aux  \njours et heures habituels d'ouverture au public de la mairie de Vins-sur-Caramy (du lundi au  \nvendredi de 10h00 \u00e0 12h00 et de 16h00 \u00e0 17h00, le mercredi de 10h00 \u00e0 12h00).\nLe dossier d\u00e9mat\u00e9rialis\u00e9 est consultable sur un poste informatique mis \u00e0 la disposition du  \npublic en mairie de Vins-sur-Caramy et sur le site internet des services de l'\u00c9tat dans le  \nd\u00e9partement  du  Var,  \u00e0  l'adresse  suivante : http://www.var.gouv.fr. (publications/enqu\u00eates  \npubliques/enqu\u00eates  publiques  hors  ICPE/commune  de  Vins-sur-Caramy  -  Zone  Agricole \nProt\u00e9g\u00e9e (ZAP).\nPendant toute la dur\u00e9e de l'enqu\u00eate, un registre \u00e9tabli sur feuillets non mobiles, d\u00e9pos\u00e9 \u00e0 la  \nmairie,  sera  tenu  \u00e0  la  disposition  du  public  qui  pourra  y  consigner  directement  ses \nobservations et propositions sur le projet. Le registre d'enqu\u00eate sera cot\u00e9 et paraph\u00e9 par le  \ncommissaire enqu\u00eateur et ouvert par lui-m\u00eame.\n3/6\nDirection d\u00e9partementale des territoires et de la mer du Var - 83-2025-02-03-00012 - arr\u00eat\u00e9 pr\u00e9fectoral ouverture EP - RAA\nzap Vins-sur-Caramy 22\nLes personnes qui le souhaitent peuvent adresser \u00e0 l'attention du commissaire enqu\u00eateur  \nMonsieur Andr\u00e9 LALOYAUX, un courrier postal  \u00e0 la mairie  de Vins-sur-Caramy  ou  par voie  \nd\u00e9mat\u00e9rialis\u00e9e \u00e0 l'adresse mail suivante : epzap@vinssurcaramy.fr\nLes courriers \u00e9lectroniques accessibles sur le site internet mentionn\u00e9 ci-dessus et les courriers  \npostaux sont transmis au commissaire enqu\u00eateur qui les vise, les num\u00e9rote et les annexe au  \nregistre d'enqu\u00eate pour \u00eatre tenus \u00e0 la disposition du public.\nNe sont pris en consid\u00e9ration par le commissaire enqu\u00eateur que les courriels et courriers  \npostaux re\u00e7us pendant la dur\u00e9e de l'enqu\u00eate publique soit du premier jour de celle-ci \u00e0 10h30  \nau dernier jour \u00e0 17h00.\nLes personnes qui le souhaitent peuvent \u00e9galement remettre leur courrier en mains propres  \nau commissaire enqu\u00eateur pendant les permanences qu'il assure aux jours et heures indiqu\u00e9es \n(article 5).\nArticle 5 : D\u00e9signation et permanences du commissaire enqu\u00eateur\nPar d\u00e9cision susvis\u00e9e, le pr\u00e9sident du tribunal administratif de Toulon a d\u00e9sign\u00e9  Monsieur \nAndr\u00e9 LALOYAUX, en qualit\u00e9 de commissaire enqu\u00eateur pour conduire l'enqu\u00eate publique.\nIl se tient \u00e0 la disposition du public pour recevoir ses observations \u00e9crites ou orales, aux lieux,  \njours et heures ci-dessous mentionn\u00e9s :\nPermanences Mairie de Vins-sur-Caramy\nsalle des c\u00e9r\u00e9monies\n lundi 3 mars 2025 10h30 \u00e0 13h30\n mardi 11 mars 2025 14h00 \u00e0 17h00\n mercredi 19 mars 2025 10h30 \u00e0 13h30\n samedi 29 mars 2025 9h00 \u00e0 12h00\nJeudi 3 avril 2025 14h00 \u00e0 17h00\nArticle 6 : R\u00f4le du commissaire enqu\u00eateur\nLe  commissaire  enqu\u00eateur  a  pour  mission  de  conduite  l'enqu\u00eate  publique  de  mani\u00e8re  \u00e0 \npermettre au public de disposer d'une information compl\u00e8te sur le projet et de participer au  \nprocessus de d\u00e9cision.\nLe commissaire enqu\u00eateur  re\u00e7oit toute information et, s'il estime que des documents sont  \nutiles  \u00e0  la  bonne  information  du  public,  il  peut  demander  au  ma\u00eetre  d'ouvrage  de \ncommuniquer ces documents au public. Il les annexe alors au dossier d'enqu\u00eate publique.\n4/6\nDirection d\u00e9partementale des territoires et de la mer du Var - 83-2025-02-03-00012 - arr\u00eat\u00e9 pr\u00e9fectoral ouverture EP - RAA\nzap Vins-sur-Caramy 23\nLe commissaire-enqu\u00eateur peut visiter les lieux concern\u00e9s, \u00e0 l'exception des lieux d'habitation, \napr\u00e8s en avoir inform\u00e9 au pr\u00e9alable les propri\u00e9taires et les occupants, en fixant la date et  \nl'heure.\nIl peut entendre toutes les personnes concern\u00e9es par le projet qui en font la demande et  \nconvoquer toutes les personnes dont il juge l'audition utile.\nIl peut organiser, sous sa pr\u00e9sidence, toute r\u00e9union d'information et d'\u00e9change avec le public  \nen pr\u00e9sence du ma\u00eetre d'ouvrage. Dans ce cas, il \u00e9tablit un compte rendu qu'il adresse au  \npr\u00e9fet du Var et au p\u00e9titionnaire. Ce document est annex\u00e9 par ses soins au rapport d'enqu\u00eate \npublique qu'il r\u00e9dige \u00e0 l'issue de l'enqu\u00eate.\nPar  d\u00e9cision  motiv\u00e9e,  le  commissaire  enqu\u00eateur  pourra  prolonger  l'enqu\u00eate  d'une  dur\u00e9e \nmaximale de quinze jours. Cette d\u00e9cision sera port\u00e9e \u00e0 la connaissance du public, au plus tard \n\u00e0 la date pr\u00e9vue initialement pour la fin de l'enqu\u00eate dans les conditions de lieux pr\u00e9vues \u00e0  \nl'article 4 du pr\u00e9sent arr\u00eat\u00e9.\nArticle 7     : Cl\u00f4ture de l'enqu\u00eate\n\u00c0  l'expiration  du  d\u00e9lai  d'enqu\u00eate,  le  commissaire  enqu\u00eateur  cl\u00f4t  le  registre  d'enqu\u00eate \npublique. \nLe registre, les pi\u00e8ces \u00e9ventuellement annex\u00e9es et le dossier d'enqu\u00eate publique sont remis  \nimm\u00e9diatement au commissaire enqu\u00eateur.\nD\u00e8s r\u00e9ception du registre et des documents annex\u00e9s, le commissaire enqu\u00eateur rencontre,  \ndans un d\u00e9lai de huit jours, le responsable du projet et lui communique les observations  \n\u00e9crites ou orales consign\u00e9es dans un proc\u00e8s-verbal de synth\u00e8se. Le responsable du projet  \ndispose d'un d\u00e9lai de quinze jours, pour produire ses observations.\nLe  commissaire  enqu\u00eateur  \u00e9tablira  un  rapport  qui  relate  le  d\u00e9roulement  de  l'enqu\u00eate  et \ncomporte le rappel de l'objet du projet, la liste de l'ensemble des pi\u00e8ces figurant dans le  \ndossier  d'enqu\u00eate  publique,  une  synth\u00e8se  des  observations  du  public,  une  analyse  des \npropositions produites pendant l'enqu\u00eate et, le cas \u00e9ch\u00e9ant, les observations du responsable  \ndu projet en r\u00e9ponse aux observations du public.\nIl consigne dans une pr\u00e9sentation s\u00e9par\u00e9e ses conclusions motiv\u00e9es, en pr\u00e9cisant si elles sont  \nfavorables, favorables sous r\u00e9serves ou d\u00e9favorables au projet.\nArticle 8     : Rapport et conclusions motiv\u00e9es du commissaire enqu\u00eateur\nLe commissaire enqu\u00eateur transmet le rapport, les conclusions motiv\u00e9es, le registre d'enqu\u00eate \net  les  dossiers  de  l'enqu\u00eate  correspondants  au  pr\u00e9fet  (direction  d\u00e9partementale  des \nterritoires et de la mer du Var, service planifications et prospective, Boulevard du 112 \u00e8me \nR\u00e9giment  d'Infanterie  - CS 31209  - 83070  TOULON  CEDEX),  dans  un  d\u00e9lai  de  31  jours  \u00e0 \ncompter de la date de cl\u00f4ture de l'enqu\u00eate.\nSimultan\u00e9ment,  il  adresse  une  copie  de  son  rapport  et  de  ses  conclusions  motiv\u00e9es  au \nPr\u00e9sident du tribunal administratif de Toulon.\n5/6\nDirection d\u00e9partementale des territoires et de la mer du Var - 83-2025-02-03-00012 - arr\u00eat\u00e9 pr\u00e9fectoral ouverture EP - RAA\nzap Vins-sur-Caramy 24\nArticle 9 : Diffusion du rapport et des conclusions\nLe pr\u00e9fet adresse, d\u00e8s leur r\u00e9ception, la copie du rapport et des conclusions du commissaire-\nenqu\u00eateur au responsable du projet et au maire de Vins-sur-Caramy.\nLa copie du rapport et des conclusions du commissaire enqu\u00eateur est tenue \u00e0 la disposition  \ndu public pendant un an \u00e0 compter de la date de la cl\u00f4ture de l'enqu\u00eate :\n\u2022 en mairie de Vins-sur-Caramy,\n\u2022 \u00e0 la pr\u00e9fecture du Var (direction d\u00e9partementale des territoires et de la mer du Var, service  \nplanifications et prospective).\nLe rapport et les conclusions du commissaire enqu\u00eateur sont mis en ligne sur le site internet  \ndes services de l'\u00c9tat dans le Var \u00e0 l'adresse mentionn\u00e9e \u00e0 l'article 3 du pr\u00e9sent arr\u00eat\u00e9.\nArticle 10 : Autorit\u00e9 comp\u00e9tente et nature de la d\u00e9cision adopt\u00e9e au terme de l'enqu\u00eate\n\u00c0 l'issue de la proc\u00e9dure d'enqu\u00eate publique, et apr\u00e8s avoir recueilli l'avis du conseil municipal \nde Vins-sur-Caramy, le pr\u00e9fet du Var statue sur le classement en tant que zone prot\u00e9g\u00e9e du  \nprojet de p\u00e9rim\u00e8tre par voie d'arr\u00eat\u00e9.\nArticle 11 : Ex\u00e9cution du pr\u00e9sent arr\u00eat\u00e9\nLe secr\u00e9taire g\u00e9n\u00e9ral de la pr\u00e9fecture du Var,\nLe directeur d\u00e9partemental des territoires et de la mer,\nLe pr\u00e9sident de la communaut\u00e9 d'agglom\u00e9ration de la Provence verte,\nLe maire de Vins-sur-Caramy,\nLe commissaire enqu\u00eateur,\nsont charg\u00e9s, chacun en ce qui le concerne, de l'ex\u00e9cution du pr\u00e9sent arr\u00eat\u00e9 qui sera publi\u00e9  \nau recueil des actes administratifs de la pr\u00e9fecture du Var.\nFait \u00e0 Toulon, le 3 f\u00e9vrier 2025\nPour le pr\u00e9fet et par d\u00e9l\u00e9gation,\nPour le directeur d\u00e9partemental des \nterritoires et de la mer et par d\u00e9l\u00e9gation,\nla cheffe du service planifications et \nprospective\nsign\u00e9\nCarine LEONARD\n6/6\nDirection d\u00e9partementale des territoires et de la mer du Var - 83-2025-02-03-00012 - arr\u00eat\u00e9 pr\u00e9fectoral ouverture EP - RAA\nzap Vins-sur-Caramy 25\nPr\u00e9fecture du VAR\n83-2025-02-06-00002\nArr\u00eat\u00e9 n\u00b0 2025-BSP-OP-09\nautorisant la captation, l'enregistrement et la\ntransmission\nd'images au moyen de cam\u00e9ras install\u00e9es sur des\na\u00e9ronefs\nPr\u00e9fecture du VAR - 83-2025-02-06-00002 - Arr\u00eat\u00e9 n\u00b0 2025-BSP-OP-09\nautorisant la captation, l'enregistrement et la transmission\nd'images au moyen de cam\u00e9ras install\u00e9es sur des a\u00e9ronefs\n26\nEsPREFETDU VARLibert\u00e9Egalit\u00e9Fraternit\u00e9\nCabinet du Pr\u00e9fet\nDirection des s\u00e9curit\u00e9s\nBureau de la s\u00e9curit\u00e9 publique\nArr\u00eat\u00e9 n\u00b0 2025-BSP-OP-09\nautorisant la captation, l'enregistrement et la transmission\nd'images au moyen de cam\u00e9ras install\u00e9es sur des a\u00e9ronefs\nLe pr\u00e9fet du Var,\nVu le code de la s\u00e9curit\u00e9 int\u00e9rieure  et notamment ses articles L. 242-1 \u00e0 L. 242-8 et R. 242-8 \u00e0  \nR. 242-14 ;\nVu le d\u00e9cret n\u00b0 2004-374 du 29 avril 2004 relatif aux pouvoirs des pr\u00e9fets, \u00e0 l'organisation et \u00e0  \nl'action des services de l'\u00c9tat dans les r\u00e9gions et d\u00e9partements ;\nVu le d\u00e9cret du 13 juillet 2023 portant nomination de Monsieur Philippe MAHE, pr\u00e9fet du Var ;\nVu  l'arr\u00eat\u00e9 n\u00b0 2024/41/MCI du 29 octobre 2024 portant d\u00e9l\u00e9gation de signature \u00e0 Madame  \nJos\u00e9phine GUIGLIANO-BOUTONNET, directrice de cabinet du pr\u00e9fet du Var ;\nVu l'arr\u00eat\u00e9 du ministre de l'Int\u00e9rieur et des outre-mer, en date du 19 avril 2023 relatif au  \nnombre maximal de cam\u00e9ras install\u00e9es sur des a\u00e9ronefs pouvant \u00eatre simultan\u00e9ment utilis\u00e9es  \ndans chaque d\u00e9partement et collectivit\u00e9 d'outre-mer ;\nVu la posture Vigipirate maintenue au niveau \u00ab S\u00e9curit\u00e9 renforc\u00e9e \u2013 Urgence attentat \u00bb ;\nVu la demande en date du 29 janvier 2025, form\u00e9e par le groupement de gendarmerie du Var, \nvisant \u00e0 obtenir l'autorisation de capter, d'enregistrer et de transmettre des images au moyen \nd'une cam\u00e9ra install\u00e9e sur un a\u00e9ronef aux fins d'assurer le maintien de l'ordre public et de  \npr\u00e9venir  d'\u00e9ventuelles  atteintes  \u00e0  la  s\u00e9curit\u00e9  des  personnes  et  des  biens  dans  des  lieux \nparticuli\u00e8rement expos\u00e9s, notamment, pour la surveillance de la c\u00e9r\u00e9monie d'hommage aux  \ngendarmes d\u00e9c\u00e9d\u00e9s dans l'exercice de leur fonction et de l'inauguration de la caserne du  \nBeausset, en pr\u00e9sence des autorit\u00e9s civiles, judiciaires et militaires, organis\u00e9es le 17 f\u00e9vrier  \n2025 ; \nConsid\u00e9rant que les dispositions susvis\u00e9es permettent aux forces de s\u00e9curit\u00e9 int\u00e9rieure, dans  \nl'exercice de leurs missions de pr\u00e9vention des atteintes \u00e0 l'ordre public et de protection de la  \ns\u00e9curit\u00e9 des personnes et des biens, de proc\u00e9der \u00e0 la captation, \u00e0 l'enregistrement et \u00e0 la  \ntransmission d'images au moyen de cam\u00e9ras install\u00e9es sur des a\u00e9ronefs aux fins d'assurer la  \ns\u00e9curit\u00e9 des personnes et des biens et pr\u00e9venir les troubles \u00e0 l'ordre public  ; que notamment, \nle 1\u00b0 de l'article L. 242-5 susvis\u00e9 pr\u00e9voit que ces dispositifs peuvent \u00eatre mis en \u0153uvre aux fins \nde  pr\u00e9venir  les  atteintes  \u00e0  la  s\u00e9curit\u00e9  des  personnes  et  des  biens  dans  les  lieux  \nparticuli\u00e8rement  expos\u00e9s,  en  raison  de  leurs  caract\u00e9ristiques ;  que,  notamment,  le  2\u00b0  de \nl'article L. 242-5 du code pr\u00e9cit\u00e9 pr\u00e9voit que ces dispositifs peuvent \u00eatre mis en \u0153uvre au titre \nde la s\u00e9curit\u00e9 des rassemblements de personnes sur la voie publique ou dans les lieux ouverts  \nau public ainsi que de l'appui des personnels au sol, en vue de leur permettre de maintenir ou  \nde  r\u00e9tablir  l'ordre  public,  lorsque  ces  rassemblements  sont  susceptibles  d'entra\u00eener  des \ntroubles graves \u00e0 l'ordre public ; qu'en outre, le 3\u00b0 de l'article L. 242-5 du code pr\u00e9cit\u00e9 permet \nle d\u00e9ploiement de cam\u00e9ras a\u00e9roport\u00e9es afin de pr\u00e9venir la commission d'actes de terrorisme ;\n1/3\nPr\u00e9fecture du VAR - 83-2025-02-06-00002 - Arr\u00eat\u00e9 n\u00b0 2025-BSP-OP-09\nautorisant la captation, l'enregistrement et la transmission\nd'images au moyen de cam\u00e9ras install\u00e9es sur des a\u00e9ronefs\n27\nConsid\u00e9rant la pr\u00e9gnance de la menace terroriste sur le territoire national  et la n\u00e9cessit\u00e9 de  \nmettre en \u0153uvre les postures Vigipirate d\u00e9cid\u00e9es par le gouvernement ;\nConsid\u00e9rant que  des  autorit\u00e9s  civiles,  judiciaires  et  militaires  assisteront  \u00e0  la  c\u00e9r\u00e9monie \norganis\u00e9e  sur  la  commune  du  Beausset  en  vue  de  rendre  hommage  aux  morts  de  la \ngendarmerie  et  d'inaugurer  la  caserne  du  Beausset,  le  lundi  17  f\u00e9vrier  2025 ;  que  ce \nrassemblement fait l'objet d'une m\u00e9diatisation au niveau local ;\nConsid\u00e9rant  en outre, que cette c\u00e9r\u00e9monie en pr\u00e9sence d'autorit\u00e9s institutionnelles peut  \ng\u00e9n\u00e9rer des circonstances particuli\u00e8res de nature \u00e0 faire peser des menaces graves pour la  \ns\u00e9curit\u00e9 publique et exposer les populations du lieu de la c\u00e9r\u00e9monie \u00e0 un risque d'acte de  \nterrorisme et qu'il convient, de fait, de prendre des mesures renforc\u00e9es de surveillance et de  \ns\u00e9curit\u00e9 ;\nConsid\u00e9rant que, compte tenu de ces circonstances, tant de l'\u00e9tat de la menace terroriste \u00e0  \nun niveau \u00e9lev\u00e9 que du risque de troubles \u00e0 l'ordre public, l'int\u00e9r\u00eat de disposer d'une vision en \ngrand angle de la zone \u00e0 s\u00e9curiser durant cette c\u00e9r\u00e9monie, le recours aux dispositifs de  \ncaptation install\u00e9s sur des a\u00e9ronefs est n\u00e9cessaire et adapt\u00e9 pour permettre le maintien de  \nl'ordre public tout en limitant l'engagement des forces au sol  ; qu'il n'existe pas de dispositif  \nmoins intrusif permettant de parvenir aux m\u00eames fins ;\nConsid\u00e9rant  que la demande porte sur l'engagement d'une cam\u00e9ra a\u00e9roport\u00e9e pendant la  \nseule dur\u00e9e du rassemblement  ; que les lieux surveill\u00e9s sont strictement limit\u00e9s au lieu de la  \nc\u00e9r\u00e9monie et \u00e0 ses abords, o\u00f9 sont susceptibles de se commettre les atteintes que l'usage des \ncam\u00e9ras a\u00e9roport\u00e9es vise \u00e0 pr\u00e9venir ; que la dur\u00e9e de l'autorisation est \u00e9galement strictement \nlimit\u00e9e \u00e0 la dur\u00e9e du rassemblement  ; qu'au regard des circonstances sus-mentionn\u00e9es, la  \ndemande n'appara\u00eet pas disproportionn\u00e9e ;\nConsid\u00e9rant le recours \u00e0 la captation, l'enregistrement et la transmission d'images fera l'objet  \nd'une information par plusieurs moyens adapt\u00e9s ; qu'outre la publication du pr\u00e9sent arr\u00eat\u00e9 au \nrecueil des actes administratifs, ce dispositif fera l'objet d'une information sur les r\u00e9seaux  \nsociaux de la gendarmerie nationale et sur le site internet de la pr\u00e9fecture; que ces moyens  \nd'information sont adapt\u00e9s ;\nSur proposition de la sous-pr\u00e9f\u00e8te, directrice de cabinet du pr\u00e9fet du Var ;\nArr\u00eate\nArticle 1  \u2013  La captation, l'enregistrement et la transmission d'images par le groupement de \ngendarmerie du Var, est autoris\u00e9e au titre de la s\u00e9curit\u00e9 de la c\u00e9r\u00e9monie organis\u00e9e le lundi 17  \nf\u00e9vrier 2025 sur l'esplanade Charles de Gaulle sur la commune du Beausset et l'appui des  \npersonnels au sol, en vue de leur permettre de maintenir ou de r\u00e9tablir l'ordre public.\nArticle 2 \u2013 Le nombre maximal de cam\u00e9ras pouvant proc\u00e9der simultan\u00e9ment aux traitements  \nmentionn\u00e9s \u00e0 l'article 1 er est fix\u00e9 \u00e0 une cam\u00e9ra sur un drone de type DJI Mavic 2 Entreprise  \nAdvanced.\nArticle 3  \u2013  La pr\u00e9sente autorisation est limit\u00e9e au p\u00e9rim\u00e8tre g\u00e9ographique de l'esplanade  \nCharles de Gaulles de la commune du Beausset.\nArticle 4  \u2013 La pr\u00e9sente autorisation est d\u00e9livr\u00e9e pour la dur\u00e9e du rassemblement,  le lundi 17  \nf\u00e9vrier 2025 de 16h00 \u00e0 18h00.\n2/3\nPr\u00e9fecture du VAR - 83-2025-02-06-00002 - Arr\u00eat\u00e9 n\u00b0 2025-BSP-OP-09\nautorisant la captation, l'enregistrement et la transmission\nd'images au moyen de cam\u00e9ras install\u00e9es sur des a\u00e9ronefs\n28\nArticle 5 \u2013 L'information du public est assur\u00e9e comme suit : information sur le site internet de \nla pr\u00e9fecture et sur les r\u00e9seaux sociaux de la gendarmerie nationale.\nArticle 6  \u2013   Le registre mentionn\u00e9 \u00e0 l'article L. 242-4 du code de la s\u00e9curit\u00e9 int\u00e9rieure est  \ntransmis au repr\u00e9sentant de l'\u00c9tat dans le d\u00e9partement \u00e0 l'issue de la manifestation.\nArticle 7 \u2013 Le pr\u00e9sent arr\u00eat\u00e9 est publi\u00e9 au recueil des actes administratifs de la pr\u00e9fecture et  \npeut faire l'objet d'un recours devant le tribunal administratif de  Toulon dans un d\u00e9lai de  \ndeux mois \u00e0 compter de sa publication.\nArticle 8  \u2013  La sous-pr\u00e9f\u00e8te, directrice de cabinet du pr\u00e9fet du Var  et le commandant du  \ngroupement  de  gendarmerie  du  Var  sont  charg\u00e9s,  chacun  en  ce  qui  les  concerne,  de \nl'ex\u00e9cution du pr\u00e9sent arr\u00eat\u00e9.\nToulon, le 06 f\u00e9vrier 2025\n                                             Pour le Pr\u00e9fet et par d\u00e9l\u00e9gation,\n                                                                         La directrice de Cabinet\n                                                                        Sign\u00e9\n                                                                                  Jos\u00e9phine GUIGLIANO-BOUTONNET\n3/3\nPr\u00e9fecture du VAR - 83-2025-02-06-00002 - Arr\u00eat\u00e9 n\u00b0 2025-BSP-OP-09\nautorisant la captation, l'enregistrement et la transmission\nd'images au moyen de cam\u00e9ras install\u00e9es sur des a\u00e9ronefs\n29","date":"2025-02-06","first_seen_on":"2025-02-06T17:30:45+00:00","id":"65fd8ea6084318ebba908f2dce5dac99e7269d0d323f8adce6b6460734b89b8d","name":"RAA N\u00b037 du 06 f\u00e9vrier 2025","pdf_creation_date":"2025-02-06T15:25:37+00:00","pdf_modification_date":null,"timezone":"CET","url":"https://www.var.gouv.fr/contenu/telechargement/39143/257404/file/RAA%20N%C2%B037%20du%2006%20f%C3%A9vrier%202025.pdf"}
