{"administration":"pref13","administration_name":"Pr\u00e9fecture des Bouches-du-Rh\u00f4ne","content":"BOUCHES-DU-\nRH\u00d4NE\nRECUEIL DES ACTES\nADMINISTRATIFS SP\u00c9CIAL\nN\u00b013-2026-034\nPUBLI\u00c9 LE  3 F\u00c9VRIER 2026\nSommaire\nAssistance Publique - H\u00f4pitaux de Marseille /\n13-2026-02-03-00009 - D\u00e9l\u00e9gation 160-2026 signature BARBA DRH (1\npage) Page 4\nDDETS 13 /\n13-2026-02-03-00005 - 20260202ARDOMALIANCE13 (2 pages) Page 6\n13-2026-02-03-00006 - 20260203RECAGEETPERSPECTIVES (2 pages) Page 9\n13-2026-02-03-00008 - 20260203RECALLOSTUDENT (2 pages) Page 12\n13-2026-02-03-00007 - 20260203RECMELISSASERVICE (2 pages) Page 15\n13-2026-02-03-00004 - 20260203RECPHILIPPEGUERIN (2 pages) Page 18\n13-2026-01-30-00012 - Arr\u00eat\u00e9 portant composition de la commission des\ndroits et de l'autonomie des personnes handicap\u00e9es des\nBouches-du-Rh\u00f4ne (8 pages) Page 21\nDirection Departementale des Territoires et de la Mer 13 /\n13-2026-02-02-00022 - Arr\u00eat\u00e9 portant r\u00e9glementation temporaire de la\ncirculation sur l'autoroute A50 et A52 pour la fermeture des diffuseurs\nn\u00b008 Cassis et n\u00b033 Belcod\u00e8ne dans le cadre de la course cycliste\n\u00ab\u00a0Le Tour de Provence\u00a0\u00bb. (4 pages) Page 30\n13-2026-02-03-00011 - Avenant \u00e0 l'arr\u00eat\u00e9 n\u00b0 13-2025-05-02-00003\nautorisant le transport et l'exposition de sp\u00e9cimens d'esp\u00e8ces\nprot\u00e9g\u00e9es par le conseil d\u00e9partemental des Bouches-du-Rh\u00f4ne (3\npages) Page 35\nDRFIP PACA et des Bouches-du-Rh\u00f4ne  /\n13-2026-02-02-00018 - D\u00e9l\u00e9gation de signature de la responsable du SIP\nde Marseille-Borde (4 pages) Page 39\n13-2026-01-23-00036 - RAA CDU 013-2025-0053 PHARES ET BALISES (8\npages) Page 44\nPr\u00e9fecture des Bouches-du-Rhone / Direction de la Citoyennet\u00e9, de la\nL\u00e9galit\u00e9 et de l'Environnement\n13-2026-02-02-00021 - ARR\u00caT\u00c9 du 02 FEVRIER 2026\nportant\nmodification de l'habilitation N\u00b0 25-13-0118 de l'\u00e9tablissement\nsecondaire de la SAS d\u00e9nomm\u00e9e  \u00ab\u00a0OGF - SERVICES FUNERAIRES\n\u00bb, exploit\u00e9 sous le nom commercial \n\u00ab POMPES FUNEBRES ET\nMARBRERIE GERARD JOURDAN - PFG\u00a0\u00bb \nsis \u00e0 Les Pennes-Mirabeau\n(13170), dans le domaine fun\u00e9raire (2 pages) Page 53\n13-2026-02-02-00020 - ARR\u00caT\u00c9 du 02 FEVRIER 2026\nportant\nmodification de l'habilitation N\u00b0 25-13-0573 de l'\u00e9tablissement\nsecondaire de la SAS d\u00e9nomm\u00e9e \u00ab\u00a0OGF - SERVICES FUNERAIRES \u00bb\nexploit\u00e9 sous le nom commercial \u00ab MAISON FUNERAIRE \u00bb sis \u00e0 Les\nPennes-Mirabeau (13170),dans le domaine fun\u00e9raire  (2 pages) Page 56\n2\n13-2026-02-02-00019 - RR\u00caT\u00c9 du 02 FEVRIER 2026\nportant habilitation\nsous le n\u00b0 26-13-0588 de la soci\u00e9t\u00e9 d\u00e9nomm\u00e9e \n\u00ab\u00a0POMPES\nFUNEBRES NOUR EL ISLAM\u00a0\u00bb sise \u00e0 Marseille (13003), dans le domaine\nfun\u00e9raire (2 pages) Page 59\nSecr\u00e9tariat G\u00e9n\u00e9ral Commun 13 /\n13-2026-02-03-00010 - arrete prefectoral tarifs taxis 2026 (9 pages) Page 62\n3\nAssistance Publique - H\u00f4pitaux de Marseille\n13-2026-02-03-00009\nD\u00e9l\u00e9gation 160-2026 signature BARBA DRH\nAssistance Publique - H\u00f4pitaux de Marseille - 13-2026-02-03-00009 - D\u00e9l\u00e9gation 160-2026 signature BARBA DRH 4\nH\u00f4pitaux | De ( H\u00e9pitauxtien P \\ \\ de Provencede Marseille |FIM D D renenn\nAssistance Publique-H\u00f4pitaux de Marseille   Page 1 sur 13 \n \n \nDECISION n\u00b0 160/2026 \nPORTANT DELEGATION DE SIGNATURE \n \nLe Directeur G\u00e9n\u00e9ral de l'Assistance Publique-H\u00f4pitaux de Marseille ; \nVU le code de la sant\u00e9 publique, notamment les articles L6143-7 et D6143-33 \u00e0 D6143-35 ; \nVU la loi n\u00b02009-879 du 21 juillet 2009 portant r\u00e9forme de l'h\u00f4pital et relative aux patients, \u00e0 \nla sant\u00e9 et aux territoires ; \nVU le code de la commande publique et les textes r\u00e9glementaires s'y rapportant  ; \nVu l'ordonnance du 23 mars 2022 relative au r\u00e9gime de responsabilit\u00e9 financ i\u00e8re des \ngestionnaires publics, \nVU le d\u00e9cret n\u00b02005-921 du 2 ao\u00fbt 2005 portant statut particulier des grades et emplois des \npersonnels de direction des \u00e9tablissements mentionn\u00e9s \u00e0 l'article 2 (1\u00b0, 2\u00b0 et 3\u00b0) de la loi n\u00b086-\n33 du 9 janvier 1986 modifi\u00e9e portant dispositions statutaires relatives \u00e0 la fonction publique \nhospitali\u00e8re ; \nVU le d\u00e9cret n\u00b02009 -1765 du 30 d\u00e9cembre 2009 relatif au directeur et aux membres du \ndirectoire des \u00e9tablissements publics de sant\u00e9 ; \nVU le d\u00e9cret n\u00b02010 -425 du 29 avril 2010 relat if \u00e0 l'organisation financi\u00e8re et \u00e0 \nl'investissement immobilier des \u00e9tablissements de sant\u00e9 ; \nVU le d\u00e9cret n\u00b02012-1246 du 07 novembre 2012 relatif \u00e0 la gestion budg\u00e9taire et comptable \npublique ; \nVU le d\u00e9cret en date du 03 Juin 2021 portant nomination de Monsieur Fran\u00e7ois CREMIEUX \nen tant que Directeur G\u00e9n\u00e9ral de l'Assistance Publique-H\u00f4pitaux de Marseille ;  \nVU l'arr\u00eat\u00e9 du 25 juillet 2013 fixant les modalit\u00e9s d'accr\u00e9ditation des ordonnateurs plac\u00e9s \naupr\u00e8s des comptables publics assignataires en application de l'article 10 du d\u00e9cret n\u00b0 2012-\n1246 du 07 novembre 2012 relatif \u00e0 la gestion budg\u00e9taire et comptable publique  ; \n   \n \nDECIDE \n \nARTICLE 1 : La d\u00e9cision n\u00b0404/2022 du 17 octobre 2022 portant d\u00e9l\u00e9gation de signature \u00e0 \nMonsieur Georges BARBA est abrog\u00e9e. \n \n \n    \nA Marseille, le 3 f\u00e9vrier 2026 \n \n \n \n \n \n \n \nLe Directeur G\u00e9n\u00e9ral \n \nFran\u00e7ois CREMIEUX \nAssistance Publique - H\u00f4pitaux de Marseille - 13-2026-02-03-00009 - D\u00e9l\u00e9gation 160-2026 signature BARBA DRH 5\nDDETS 13\n13-2026-02-03-00005\n20260202ARDOMALIANCE13\nDDETS 13 - 13-2026-02-03-00005 - 20260202ARDOMALIANCE13 6\n=mPREFETDES BOUCHES-DU-RHONELibert\u00e9Egalit\u00e9Fraternit\u00e9\nDirection D\u00e9partementale\nde l'Emploi, du Travail\n et des Solidarit\u00e9s\ndes Bouches du Rh\u00f4ne\n  \n               P\u00f4le \u00c9conomie Emploi Entreprises\n               D\u00e9partement Insertion Professionnelle\nARR\u00caT\u00c9 N\u00b0   PORTANT  \nMODIFICATION DE L'ARR\u00caT\u00c9  \nD'AGR\u00c9MENT N\u00b0  13-2025-11-27-00001\nD'UN ORGANISME DE SERVICES A LA PERSONNE\nN\u00b0  SAP 751098591  \n  \nLe pr\u00e9fet de la R\u00e9gion Provence-Alpes-C\u00f4te d'Azur\n                    Pr\u00e9fet de la Zone de D\u00e9fense et de S\u00e9curit\u00e9 Sud\nPr\u00e9fet des Bouches-du-Rh\u00f4ne\nEt par d\u00e9l\u00e9gation,\n           La Directrice D\u00e9partementale de l'Emploi, du Travail\n    et des Solidarit\u00e9s des Bouches-du-Rh\u00f4ne\nVu le code du travail et notamment les articles L.7232-1, R.7232-1 \u00e0 R.7232-13, \nD.7231-1, D.7231-2 et D.7233-1,\nVu la loi n\u00b0 2015-1776 du 28 d\u00e9cembre 2015 relative \u00e0 l'adaptation de la soci\u00e9t\u00e9 au  \nvieillissement,\n  Vu l'arr\u00eat\u00e9 du 24 novembre 2023 fixant le cahier des charges relatif \u00e0 l'agr\u00e9ment,\nVu  l'arr\u00eat\u00e9  Pr\u00e9fectoral  n\u00b0 13-2025-11-27-00001  portant  agr\u00e9ment  au  titre  des \nServices \u00e0 la Personne \u00e0  M. CHAULET JOEL en qualit\u00e9 de dirigeant \u00ab DOMALIANCE \u00bb \nsise,   365 CHEMIN DU CAMP DE SARLIER 13400 AUBAGNE.\n  \nVu la demande de changement de domiciliation de l'\u00e9tablissement principal re\u00e7ue le  \n16  janvier 2026 de  M. CHAULET JOEL en qualit\u00e9 de dirigeant \u00ab DOMALIANCE \u00bb\nDDETS 13 - 13-2026-02-03-00005 - 20260202ARDOMALIANCE13 7\nSur  proposition  de  la  Directrice  D\u00e9partementale  de  l'Emploi,  du  Travail  et  des \nSolidarit\u00e9s des Bouches-du-Rh\u00f4ne, \nARR\u00caTE\nARTICLE 1 est modifi\u00e9 comme suit : \n\u00c0  compter  du  16  janvier  2026  l'\u00e9tablissement  principal  de  \"DOMALIANCE\" est \ndomicili\u00e9e au,  365 CHEMIN DU CAMP DE SARLIER 13400 AUBAGNE\n  \nARTICLE 2 :\nLes autres dispositions de l'arr\u00eat\u00e9 n\u00b0 13-2025-11-27-00001 demeurent inchang\u00e9es.\nARTICLE 3\u00a0:\nLe pr\u00e9sent arr\u00eat\u00e9 sera publi\u00e9 au Recueil des Actes Administratifs de la Pr\u00e9fecture  des \nBouches-du-Rh\u00f4ne.\n \nFait \u00e0 Marseille, le\u00a002 f\u00e9vrier 2026\nPour le Pr\u00e9fet et par d\u00e9l\u00e9gation,\nPar  emp\u00eachement  de  la  Directrice  \nD\u00e9partementale de l'Emploi, du Travail\n et des Solidarit\u00e9s des Bouches-du-Rh\u00f4ne\nLa Responsable du d\u00e9partement \ninsertion Professionnelle, \nSIGNE\nElodie CARITEY\n55, Boulevard Perier - 13415 MARSEILLE cedex 20 \u2013 Tel : 04 91 57 96 22 \nMel : ddets-sap@bouches-du-rhone.gouv.fr \n2\nDDETS 13 - 13-2026-02-03-00005 - 20260202ARDOMALIANCE13 8\nDDETS 13\n13-2026-02-03-00006\n20260203RECAGEETPERSPECTIVES\nDDETS 13 - 13-2026-02-03-00006 - 20260203RECAGEETPERSPECTIVES 9\nEnPREFETDES BOUCHES-DU-RHONELibert\u00e9Egalit\u00e9Fraternit\u00e9\n \nDirection D\u00e9partementale\nde l'Emploi, du Travail\n et des Solidarit\u00e9s\ndes Bouches du Rh\u00f4ne\nP\u00f4le \u00c9conomie Emploi Entreprises\nD\u00e9partement Insertion Professionnelle\n      R\u00e9c\u00e9piss\u00e9 de d\u00e9claration n\u00b0 \n                   d'un organisme de services \u00e0 la personne\n                      enregistr\u00e9 sous le N\u00b0  SAP899862809\nVu  le  code  du  travail  et  notamment les articles  L.7231-1  \u00e0  L.7233-2,  R.7232-16  \u00e0 \nR.7232-22, D.7231-1 et D.7233-1 \u00e0 D.7233-5,\nLe pr\u00e9fet de la R\u00e9gion Provence-Alpes-C\u00f4te d'Azur  Pr\u00e9fet de la Zone de D\u00e9fense et \nde S\u00e9curit\u00e9 Sud,  Pr\u00e9fet des Bouches-du-Rh\u00f4ne,\nCONSTATE\nQu'une d\u00e9claration d'activit\u00e9s de Services \u00e0 la Personne a \u00e9t\u00e9 d\u00e9pos\u00e9e aupr\u00e8s de la  \nDirection D\u00e9partementale de l'Emploi, du Travail et des Solidarit\u00e9s des Bouches-du-\nRh\u00f4ne  le 29 Janvier 2026 pa r Monsieur NEYMON Fr\u00e9d\u00e9ric en qualit\u00e9 de dirigeant,  \npour l'organisme AGE ET PERSPECTIVES dont l'\u00e9tablissement principal est situ\u00e9 122  \nCOURS LIEUTAUD 13006 MARSEILLE et enregistr\u00e9 sous le N\u00b0 SAP899862809 pour les  \nactivit\u00e9s suivantes :\nEn mode prestataire \n\u2022 Entretien de la maison et travaux m\u00e9nagers;\n\u2022 Livraison de repas \u00e0 domicile;\n\u2022 Livraison de courses \u00e0 domicile;\n\u2022 Assistance aux personnes \u00e2g\u00e9es;\n\u2022 Assistance aux personnes handicap\u00e9es.\nToute  modification  concernant  les  activit\u00e9s  exerc\u00e9es  devra  faire  l'objet  d'une  \nd\u00e9claration modificative pr\u00e9alable.\nDDETS 13 - 13-2026-02-03-00006 - 20260203RECAGEETPERSPECTIVES 10\nSous r\u00e9serve d'\u00eatre exerc\u00e9es \u00e0 titre exclusif au profit de particuliers, \u00e0 leur domicile  \n(ou sous r\u00e9serve d'une comptabilit\u00e9 s\u00e9par\u00e9e pour les personnes morales dispens\u00e9es  \nde cette condition), ces activit\u00e9s ouvrent droit au b\u00e9n\u00e9fice des dispositions des  \narticles L.7233-2 du code du travail et L.241-10 du code de la s\u00e9curit\u00e9 sociale dans les  \nconditions pr\u00e9vues par ces articles.\nLes effets de la d\u00e9claration courent \u00e0 compter du jour du d\u00e9p\u00f4t de la d\u00e9claration  \nsous r\u00e9serve des dispositions de  l'article R.7232-18 du code du travail.\nEn application  des articles L.7232-1 et R.7232-1 \u00e0 R.7232-15, les activit\u00e9s n\u00e9cessitant  \nun  agr\u00e9ment  (I  de  l'article  D.7231-1  du  code  du  travail)  n'ouvrent  droit  \u00e0  ces \ndispositions  que  si  la  structure  a  pr\u00e9alablement  obtenu  l'agr\u00e9ment  ou  le  \nrenouvellement  de  cet  agr\u00e9ment  dans  le  ou  les  d\u00e9partements  d'exercice  de  ses \nactivit\u00e9s.\nDe m\u00eame, en application de l'article D.312-6-2 du code de l'action sociale et des  \nfamilles, les activit\u00e9s n\u00e9cessitant une autorisation n'ouvrent droit \u00e0 ces dispositions  \nque si l'organisme a pr\u00e9alablement obtenu l'autorisation ou le renouvellement de  \ncette autorisation.\nLe pr\u00e9sent r\u00e9c\u00e9piss\u00e9 n'est pas limit\u00e9 dans le temps.  La d\u00e9claration a une port\u00e9e  \nnationale.\nL'enregistrement de la d\u00e9claration peut \u00eatre retir\u00e9 dans les conditions fix\u00e9es aux  \narticles R.7232-20 \u00e0 R.7232-22 du code du travail.\nLe pr\u00e9sent r\u00e9c\u00e9piss\u00e9 sera publi\u00e9 au Recueil des Actes Administratifs de la Pr\u00e9fecture  \ndes Bouches-du-Rh\u00f4ne.\nFait \u00e0 Marseille, le\u00a003 f\u00e9vrier 2026\nPour le Pr\u00e9fet et par d\u00e9l\u00e9gation,\nPar emp\u00eachement de la Directrice \nD\u00e9partementale de l'Emploi, du Travail\n et des Solidarit\u00e9s des Bouches-du-Rh\u00f4ne\nLa Responsable du d\u00e9partement\u00a0\ninsertion Professionnelle,\nsign\u00e9\nElodie CARITEY\n55 boulevard P\u00e9rier \u2013 13415 cedex 20 MARSEILLE Cedex 20 - T\u00e9l\u00e9phone : 04.91.57.96.00 \nMel : ddets-sap@bouches-du-rhone.gouv.fr\n2\nDDETS 13 - 13-2026-02-03-00006 - 20260203RECAGEETPERSPECTIVES 11\nDDETS 13\n13-2026-02-03-00008\n20260203RECALLOSTUDENT\nDDETS 13 - 13-2026-02-03-00008 - 20260203RECALLOSTUDENT 12\nEnPREFETDES BOUCHES-DU-RHONELibert\u00e9Egalit\u00e9Fraternit\u00e9\n \nDirection D\u00e9partementale\nde l'Emploi, du Travail\n et des Solidarit\u00e9s\ndes Bouches du Rh\u00f4ne\nP\u00f4le \u00c9conomie Emploi Entreprises\nD\u00e9partement Insertion Professionnelle\n      R\u00e9c\u00e9piss\u00e9 de d\u00e9claration n\u00b0 \n                   d'un organisme de services \u00e0 la personne\n                      enregistr\u00e9 sous le N\u00b0  SAP983023748\nVu  le  code  du  travail  et  notamment les articles  L.7231-1  \u00e0  L.7233-2,  R.7232-16  \u00e0 \nR.7232-22, D.7231-1 et D.7233-1 \u00e0 D.7233-5,\nLe pr\u00e9fet de la R\u00e9gion Provence-Alpes-C\u00f4te d'Azur  Pr\u00e9fet de la Zone de D\u00e9fense et \nde S\u00e9curit\u00e9 Sud,  Pr\u00e9fet des Bouches-du-Rh\u00f4ne,\nCONSTATE\nQu'une d\u00e9claration d'activit\u00e9s de Services \u00e0 la Personne a \u00e9t\u00e9 d\u00e9pos\u00e9e aupr\u00e8s de la  \nDirection D\u00e9partementale de l'Emploi, du Travail et des Solidarit\u00e9s des Bouches-du-\nRh\u00f4ne le 28 Janvier 2026 par Monsieur Margerit Arthur en qualit\u00e9 de dirigeante, pour  \nl'organisme All\u00f4 Student dont l'\u00e9tablissement principal est situ\u00e9 96 RUE PARADIS  \n13006 MARSEILLE et enregistr\u00e9 sous le N\u00b0 SAP983023748 pour les activit\u00e9s suivantes :\nEn mode prestataire \n\u2022 Soutien scolaire ou cours \u00e0 domicile.\nToute  modification  concernant  les  activit\u00e9s  exerc\u00e9es  devra  faire  l'objet  d'une  \nd\u00e9claration modificative pr\u00e9alable.\nSous r\u00e9serve d'\u00eatre exerc\u00e9es \u00e0 titre exclusif au profit de particuliers, \u00e0 leur domicile  \n(ou sous r\u00e9serve d'une comptabilit\u00e9 s\u00e9par\u00e9e pour les personnes morales dispens\u00e9es  \nde cette condition), ces activit\u00e9s ouvrent droit au b\u00e9n\u00e9fice des dispositions des  \nDDETS 13 - 13-2026-02-03-00008 - 20260203RECALLOSTUDENT 13\narticles L.7233-2 du code du travail et L.241-10 du code de la s\u00e9curit\u00e9 sociale dans les  \nconditions pr\u00e9vues par ces articles.\nLes effets de la d\u00e9claration courent \u00e0 compter du jour du d\u00e9p\u00f4t de la d\u00e9claration  \nsous r\u00e9serve des dispositions de  l'article R.7232-18 du code du travail.\nEn application  des articles L.7232-1 et R.7232-1 \u00e0 R.7232-15, les activit\u00e9s n\u00e9cessitant  \nun  agr\u00e9ment  (I  de  l'article  D.7231-1  du  code  du  travail)  n'ouvrent  droit  \u00e0  ces \ndispositions  que  si  la  structure  a  pr\u00e9alablement  obtenu  l'agr\u00e9ment  ou  le  \nrenouvellement  de  cet  agr\u00e9ment  dans  le  ou  les  d\u00e9partements  d'exercice  de  ses \nactivit\u00e9s.\nDe m\u00eame, en application de l'article D.312-6-2 du code de l'action sociale et des  \nfamilles, les activit\u00e9s n\u00e9cessitant une autorisation n'ouvrent droit \u00e0 ces dispositions  \nque si l'organisme a pr\u00e9alablement obtenu l'autorisation ou le renouvellement de  \ncette autorisation.\nLe pr\u00e9sent r\u00e9c\u00e9piss\u00e9 n'est pas limit\u00e9 dans le temps.  La d\u00e9claration a une port\u00e9e  \nnationale.\nL'enregistrement de la d\u00e9claration peut \u00eatre retir\u00e9 dans les conditions fix\u00e9es aux  \narticles R.7232-20 \u00e0 R.7232-22 du code du travail.\nLe pr\u00e9sent r\u00e9c\u00e9piss\u00e9 sera publi\u00e9 au Recueil des Actes Administratifs de la Pr\u00e9fecture  \ndes Bouches-du-Rh\u00f4ne.\nFait \u00e0 Marseille, le\u00a003 f\u00e9vrier 2026\nPour le Pr\u00e9fet et par d\u00e9l\u00e9gation,\nPar emp\u00eachement de la Directrice \nD\u00e9partementale de l'Emploi, du Travail\n et des Solidarit\u00e9s des Bouches-du-Rh\u00f4ne\nLa Responsable du d\u00e9partement\u00a0\ninsertion Professionnelle,\nsign\u00e9\nElodie CARITEY\n55 boulevard P\u00e9rier \u2013 13415 cedex 20 MARSEILLE Cedex 20 - T\u00e9l\u00e9phone : 04.91.57.96.00 \nMel : ddets-sap@bouches-du-rhone.gouv.fr\n2\nDDETS 13 - 13-2026-02-03-00008 - 20260203RECALLOSTUDENT 14\nDDETS 13\n13-2026-02-03-00007\n20260203RECMELISSASERVICE\nDDETS 13 - 13-2026-02-03-00007 - 20260203RECMELISSASERVICE 15\nEnPREFETDES BOUCHES-DU-RHONELibert\u00e9Egalit\u00e9Fraternit\u00e9\n \nDirection D\u00e9partementale\nde l'Emploi, du Travail\n et des Solidarit\u00e9s\ndes Bouches du Rh\u00f4ne\nP\u00f4le \u00c9conomie Emploi Entreprises\nD\u00e9partement Insertion Professionnelle\n      R\u00e9c\u00e9piss\u00e9 de d\u00e9claration n\u00b0 \n                   d'un organisme de services \u00e0 la personne\n                      enregistr\u00e9 sous le N\u00b0  SAP932921778\nVu  le  code  du  travail  et  notamment les articles  L.7231-1  \u00e0  L.7233-2,  R.7232-16  \u00e0 \nR.7232-22, D.7231-1 et D.7233-1 \u00e0 D.7233-5,\nLe pr\u00e9fet de la R\u00e9gion Provence-Alpes-C\u00f4te d'Azur  Pr\u00e9fet de la Zone de D\u00e9fense et \nde S\u00e9curit\u00e9 Sud,  Pr\u00e9fet des Bouches-du-Rh\u00f4ne,\nCONSTATE\nQu'une d\u00e9claration d'activit\u00e9s de Services \u00e0 la Personne a \u00e9t\u00e9 d\u00e9pos\u00e9e aupr\u00e8s de la  \nDirection D\u00e9partementale de l'Emploi, du Travail et des Solidarit\u00e9s des Bouches-du-\nRh\u00f4ne le 29 Janvier 2026 pa r Madame. MANSOUS M\u00e9llissa en qualit\u00e9 de dirigeante,  \npour  l'organisme  dont  l'\u00e9tablissement  principal  est  situ\u00e9  25  rue  FALQUE  13006 \nMARSEILLE et enregistr\u00e9 sous le N\u00b0 SAP932921778 pour les activit\u00e9s suivantes :\nEn mode prestataire \nGarde d'enfants de plus de 3 ans \u00e0 domicile;\nEntretien de la maison et travaux m\u00e9nagers;\nAssistance aux personnes ayant besoin d'une aide temporaire \u00e0 leur domicile.\nToute  modification  concernant  les  activit\u00e9s  exerc\u00e9es  devra  faire  l'objet  d'une  \nd\u00e9claration modificative pr\u00e9alable.\nSous r\u00e9serve d'\u00eatre exerc\u00e9es \u00e0 titre exclusif au profit de particuliers, \u00e0 leur domicile  \n(ou sous r\u00e9serve d'une comptabilit\u00e9 s\u00e9par\u00e9e pour les personnes morales dispens\u00e9es  \nDDETS 13 - 13-2026-02-03-00007 - 20260203RECMELISSASERVICE 16\nde cette condition), ces activit\u00e9s ouvrent droit au b\u00e9n\u00e9fice des dispositions des  \narticles L.7233-2 du code du travail et L.241-10 du code de la s\u00e9curit\u00e9 sociale dans les  \nconditions pr\u00e9vues par ces articles.\nLes effets de la d\u00e9claration courent \u00e0 compter du jour du d\u00e9p\u00f4t de la d\u00e9claration  \nsous r\u00e9serve des dispositions de  l'article R.7232-18 du code du travail.\nEn application  des articles L.7232-1 et R.7232-1 \u00e0 R.7232-15, les activit\u00e9s n\u00e9cessitant  \nun  agr\u00e9ment  (I  de  l'article  D.7231-1  du  code  du  travail)  n'ouvrent  droit  \u00e0  ces \ndispositions  que  si  la  structure  a  pr\u00e9alablement  obtenu  l'agr\u00e9ment  ou  le  \nrenouvellement  de  cet  agr\u00e9ment  dans  le  ou  les  d\u00e9partements  d'exercice  de  ses \nactivit\u00e9s.\nDe m\u00eame, en application de l'article D.312-6-2 du code de l'action sociale et des  \nfamilles, les activit\u00e9s n\u00e9cessitant une autorisation n'ouvrent droit \u00e0 ces dispositions  \nque si l'organisme a pr\u00e9alablement obtenu l'autorisation ou le renouvellement de  \ncette autorisation.\nLe pr\u00e9sent r\u00e9c\u00e9piss\u00e9 n'est pas limit\u00e9 dans le temps.  La d\u00e9claration a une port\u00e9e  \nnationale.\nL'enregistrement de la d\u00e9claration peut \u00eatre retir\u00e9 dans les conditions fix\u00e9es aux  \narticles R.7232-20 \u00e0 R.7232-22 du code du travail.\nLe pr\u00e9sent r\u00e9c\u00e9piss\u00e9 sera publi\u00e9 au Recueil des Actes Administratifs de la Pr\u00e9fecture  \ndes Bouches-du-Rh\u00f4ne.\nFait \u00e0 Marseille, le\u00a003 f\u00e9vrier 2026\nPour le Pr\u00e9fet et par d\u00e9l\u00e9gation,\nPar emp\u00eachement de la Directrice \nD\u00e9partementale de l'Emploi, du Travail\n et des Solidarit\u00e9s des Bouches-du-Rh\u00f4ne\nLa Responsable du d\u00e9partement\u00a0\ninsertion Professionnelle,\nsign\u00e9\nElodie CARITEY\n55 boulevard P\u00e9rier \u2013 13415 cedex 20 MARSEILLE Cedex 20 - T\u00e9l\u00e9phone : 04.91.57.96.00 \nMel : ddets-sap@bouches-du-rhone.gouv.fr\n2\nDDETS 13 - 13-2026-02-03-00007 - 20260203RECMELISSASERVICE 17\nDDETS 13\n13-2026-02-03-00004\n20260203RECPHILIPPEGUERIN\nDDETS 13 - 13-2026-02-03-00004 - 20260203RECPHILIPPEGUERIN 18\nEnPREFETDES BOUCHES-DU-RHONELibert\u00e9Egalit\u00e9Fraternit\u00e9\n \nDirection D\u00e9partementale\nde l'Emploi, du Travail\n et des Solidarit\u00e9s\ndes Bouches du Rh\u00f4ne\nP\u00f4le \u00c9conomie Emploi Entreprises\nD\u00e9partement Insertion Professionnelle\n      R\u00e9c\u00e9piss\u00e9 de d\u00e9claration n\n                   d'un organisme de services \u00e0 la personne\n                      enregistr\u00e9 sous le N\u00b0 SAP514267780\nVu  le  code  du  travail  et  notamment les articles  L.7231-1  \u00e0  L.7233-2,  R.7232-16  \u00e0 \nR.7232-22, D.7231-1 et D.7233-1 \u00e0 D.7233-5,\nLe pr\u00e9fet de la R\u00e9gion Provence-Alpes-C\u00f4te d'Azur  Pr\u00e9fet de la Zone de D\u00e9fense et \nde S\u00e9curit\u00e9 Sud,  Pr\u00e9fet des Bouches-du-Rh\u00f4ne,\nCONSTATE\nQu'une d\u00e9claration d'activit\u00e9s de Services \u00e0 la Personne a \u00e9t\u00e9 d\u00e9pos\u00e9e aupr\u00e8s de la  \nDirection D\u00e9partementale de l'Emploi, du Travail et des Solidarit\u00e9s des Bouches-du-\nRh\u00f4ne  le 26 Janvier 2026 pa r M. GUERIN PHILIPPE en qualit\u00e9 de dirigeant, pour  \nl'organisme  dont l'\u00e9tablissement principal est situ\u00e9 543 Chemin des D\u00e9lices 13150  \nTARASCON et enregistr\u00e9 sous le N\u00b0 SAP514267780 pour les activit\u00e9s suivantes :\nEn mode prestataire \n\u2022 Petits travaux de jardinage\nToute  modification  concernant  les  activit\u00e9s  exerc\u00e9es  devra  faire  l'objet  d'une  \nd\u00e9claration modificative pr\u00e9alable.\nSous r\u00e9serve d'\u00eatre exerc\u00e9es \u00e0 titre exclusif au profit de particuliers, \u00e0 leur domicile  \n(ou sous r\u00e9serve d'une comptabilit\u00e9 s\u00e9par\u00e9e pour les personnes morales dispens\u00e9es  \nde cette condition), ces activit\u00e9s ouvrent droit au b\u00e9n\u00e9fice des dispositions des  \nDDETS 13 - 13-2026-02-03-00004 - 20260203RECPHILIPPEGUERIN 19\narticles L.7233-2 du code du travail et L.241-10 du code de la s\u00e9curit\u00e9 sociale dans les  \nconditions pr\u00e9vues par ces articles.\nLes effets de la d\u00e9claration courent \u00e0 compter du jour du d\u00e9p\u00f4t de la d\u00e9claration  \nsous r\u00e9serve des dispositions de  l'article R.7232-18 du code du travail.\nEn application  des articles L.7232-1 et R.7232-1 \u00e0 R.7232-15, les activit\u00e9s n\u00e9cessitant  \nun  agr\u00e9ment  (I  de  l'article  D.7231-1  du  code  du  travail)  n'ouvrent  droit  \u00e0  ces \ndispositions  que  si  la  structure  a  pr\u00e9alablement  obtenu  l'agr\u00e9ment  ou  le  \nrenouvellement  de  cet  agr\u00e9ment  dans  le  ou  les  d\u00e9partements  d'exercice  de  ses \nactivit\u00e9s.\nDe m\u00eame, en application de l'article D.312-6-2 du code de l'action sociale et des  \nfamilles, les activit\u00e9s n\u00e9cessitant une autorisation n'ouvrent droit \u00e0 ces dispositions  \nque si l'organisme a pr\u00e9alablement obtenu l'autorisation ou le renouvellement de  \ncette autorisation.\nLe pr\u00e9sent r\u00e9c\u00e9piss\u00e9 n'est pas limit\u00e9 dans le temps.  La d\u00e9claration a une port\u00e9e  \nnationale.\nL'enregistrement de la d\u00e9claration peut \u00eatre retir\u00e9 dans les conditions fix\u00e9es aux  \narticles R.7232-20 \u00e0 R.7232-22 du code du travail.\nLe pr\u00e9sent r\u00e9c\u00e9piss\u00e9 sera publi\u00e9 au Recueil des Actes Administratifs de la Pr\u00e9fecture  \ndes Bouches-du-Rh\u00f4ne.\nFait \u00e0 Marseille, le\u00a003 F\u00e9vrier 2026\nPour le Pr\u00e9fet et par d\u00e9l\u00e9gation,\nPar emp\u00eachement de la Directrice \nD\u00e9partementale de l'Emploi, du Travail\n et des Solidarit\u00e9s des Bouches-du-Rh\u00f4ne\nLa Responsable du d\u00e9partement\u00a0\ninsertion Professionnelle,\nSign\u00e9\nElodie CARITEY\n55 boulevard P\u00e9rier \u2013 13415 cedex 20 MARSEILLE Cedex 20 - T\u00e9l\u00e9phone : 04.91.57.96.00 \nMel : ddets-sap@bouches-du-rhone.gouv.fr\n2\nDDETS 13 - 13-2026-02-03-00004 - 20260203RECPHILIPPEGUERIN 20\nDDETS 13\n13-2026-01-30-00012\nArr\u00eat\u00e9 portant composition de la commission\ndes droits et de l'autonomie des personnes\nhandicap\u00e9es des Bouches-du-Rh\u00f4ne\nDDETS 13 - 13-2026-01-30-00012 - Arr\u00eat\u00e9 portant composition de la commission des droits et de l'autonomie des personnes\nhandicap\u00e9es des Bouches-du-Rh\u00f4ne 21\n| |PREFETDES BOUCHES-DU-RHONELibert\u00e9Egalit\u00e9Fraternit\u00e9\nD\u00c9PARTEMENT ,,50BOUCHES ;*DU: RHONE\nArr\u00eat\u00e9 portant composition de la commission des droits et de l'autonomie \ndes personnes handicap\u00e9es des Bouches-du-Rh\u00f4ne\nLe Pr\u00e9fet des Bouches-du-Rh\u00f4ne La Pr\u00e9sidente du Conseil d\u00e9partemental\ndes Bouches-du-Rh\u00f4ne\nVu le code de l'action sociale et des familles, notamment les articles R 241-24 et suivants ;\nVu la  loi  n\u00b02005-102  du  11  f\u00e9vrier  2005  pour  l'\u00e9galit\u00e9  des  droits  et  des  chances,  la \nparticipation et la citoyennet\u00e9 des personnes handicap\u00e9es ;\nVu l'arr\u00eat\u00e9 conjoint de la pr\u00e9sidente du Conseil d\u00e9partemental et du Pr\u00e9fet des Bouches-du-\nRh\u00f4ne n\u00b0 04/2023 du 10 mars 2023 portant d\u00e9signation des membres si\u00e9geant \u00e0 la commission  \ndes  droits  et  de  l'autonomie  des  personnes  handicap\u00e9es  de  la  Maison  d\u00e9partementale  des \npersonnes handicap\u00e9es des Bouches-du-Rh\u00f4ne ;\nVu le  d\u00e9cret  n\u00b02023-575  du  06  juillet  2023  portant  adaptation  de  la  composition  de  la \ncommission des droits et de l'autonomie des personnes handicap\u00e9es \u00e0 la nouvelle organisation  \nterritoriale de l'\u00c9tat ;\nVu l'arr\u00eat\u00e9 conjoint de la pr\u00e9sidente du Conseil d\u00e9partemental et du Pr\u00e9fet des Bouches-du-\nRh\u00f4ne n\u00b0 15/2025 du 30 janvier 2025 portant composition de la commission des droits et de  \nl'autonomie des personnes handicap\u00e9es des Bouches-du-Rh\u00f4ne (CDAPH) ;\nConsid\u00e9rant  qu'il  y  a  lieu  de  proc\u00e9der  \u00e0  la  modification  de  l'arr\u00eat\u00e9  pr\u00e9cit\u00e9  \u00e0  raison  du \nremplacement de plusieurs repr\u00e9sentants au sein des coll\u00e8ges suivants :\n- Repr\u00e9sentants du D\u00e9partement (d\u00e9part en retraite de Mme Salogne Carosso) ;\n- Repr\u00e9sentants  des  associations  de  personnes  handicap\u00e9es  et  de  leurs  familles  \n(d\u00e9missions de Mesdames Fantino, Juilien, Egea et Leroi) ;\n- Repr\u00e9sentants  des  organismes  gestionnaires  d'\u00e9tablissements  ou  de  services  pour \npersonnes handicap\u00e9es (d\u00e9part en retraite de Mme Ratinier).\nVu le courrier du 23 d\u00e9cembre 2025 de Mme la directrice d\u00e9partementale de l'emploi, du  \ntravail et des solidarit\u00e9s  relatif \u00e0 la d\u00e9signation de quatre membres suppl\u00e9ants repr\u00e9sentant les  \nassociations de personnes handicap\u00e9es et de leurs familles ;\nVu le courrier du 29 d\u00e9cembre 2025 de M. le directeur g\u00e9n\u00e9ral adjoint de la solidarit\u00e9 relatif \u00e0  \nla d\u00e9signation de Mme Jacqueline Nicola\u00ef, en remplacement de Mme Salogne Carosso, en  \nqualit\u00e9 de repr\u00e9sentante titulaire du D\u00e9partement ;\n1\nDDETS 13 - 13-2026-01-30-00012 - Arr\u00eat\u00e9 portant composition de la commission des droits et de l'autonomie des personnes\nhandicap\u00e9es des Bouches-du-Rh\u00f4ne 22\nVu le courrier du 8 janvier  2026 de Mme la directrice d\u00e9partementale de l'emploi, du travail et  \ndes solidarit\u00e9s relatif \u00e0 la d\u00e9signation de Mme Sophie Hayek, en qualit\u00e9 de repr\u00e9sentante  \ntitulaire  des  organismes  gestionnaires  d'\u00e9tablissements  ou  de  services  pour  personnes \nhandicap\u00e9es ;\nSur propositions de la pr\u00e9sidente du Conseil d\u00e9partemental, de la directrice d\u00e9partementale de  \nl'emploi,  du  travail,  des  solidarit\u00e9s  (DDETS), du  directeur  acad\u00e9mique  des  services  de \nl'\u00c9ducation nationale et du conseil d\u00e9partemental de la citoyennet\u00e9 et de l'autonomie (CDCA) ;\nA R R \u00ca T E N T\nARTICLE 1 :  La  commission des  droits et de l' autonomie des  personnes handicap\u00e9es des  \nBouches-du-Rh\u00f4ne ( CDAPH 13) est compos\u00e9e comme suit en formation pl\u00e9ni\u00e8re :\nQuatre repr\u00e9sentants du D\u00e9partement des Bouches-du-Rh\u00f4ne\nTitulaires   :   \nMme Val\u00e9rie Guarino, 3\u00e8me vice-pr\u00e9sidente du Conseil d\u00e9partemental \nM. Didier Molines, conseiller technique (DGAS)\nMme Jacqueline Nicola\u00ef, conseill\u00e8re technique (DITAS\u2013 DGAS) \nM. Jean-Michel Guithon, chef du service tarification et programmation pour personnes\nhandicap\u00e9es (DPHPBA-DGAS)\nSuppl\u00e9ante :\nMme Delphine Vera, inspecteur de tarification, (DPHPBA-DGAS)\nTrois repr\u00e9sentants de l'\u00c9tat et de l'agence r\u00e9gionale de sant\u00e9 (ARS) :\nMadame la directrice d\u00e9partementale de l'emploi, du travail et des solidarit\u00e9s ( DDETS) ou son \nrepr\u00e9sentant   \nM. le directeur acad\u00e9mique des services de l'\u00c9ducation nationale ou son repr\u00e9sentant\nM. le directeur g\u00e9n\u00e9ral de l'ARS PACA ou son repr\u00e9sentant\nDeux repr\u00e9sentants des organismes d'assurance maladie et de prestations familiales \nTitulaires:\nM. Philippe Hardellet (CAF) \nM. Richard Duenas (CPCAM)\nSuppl\u00e9ant(s) \nMme Colette Kern (CPCAM)\nMonsieur Jean-Pierre Koller (CARSAT)\nMonsieur Marc-Karim Ben Diane (CARSAT)\nUn repr\u00e9sentant des organisations syndicales de salari\u00e9s et de fonctionnaires \nTitulaire   :  \nJean-Marc Margheriti (CFDT)\n2\nDDETS 13 - 13-2026-01-30-00012 - Arr\u00eat\u00e9 portant composition de la commission des droits et de l'autonomie des personnes\nhandicap\u00e9es des Bouches-du-Rh\u00f4ne 23\nSuppl\u00e9ants \nM. Nasser Bouifrou (FO) \nM. Jean Pascal Purificato (CFDT)\nM. Robert Tran Van Hung (CFDT)\nUn repr\u00e9sentant des organisations professionnelles d'employeurs \nTitulaire :\nM. Gr\u00e9gory Lafont (UPE13)\nSuppl\u00e9ant     :  \nMme Cynthia Kotlicki (UPE13)\nUn repr\u00e9sentant des associations de parents d'\u00e9l\u00e8ves \nTitulaire : \nMme Nathalie Haas (FCPE)\nSuppl\u00e9ants : \nM. Christophe Merlino (FCPE)\nM. Jimmy Behague (FCPE)\nSept repr\u00e9sentants des associations de personnes handicap\u00e9es et de leurs familles \nTitulaires et suppl\u00e9ants : membres figurant sur la liste des associations annex\u00e9e au pr\u00e9sent  \narr\u00eat\u00e9.\nUn repr\u00e9sentant du conseil d\u00e9partemental de la citoyennet\u00e9 et de l'autonomie \nTitulaire     :   \nMme Anne Alcocer (AFM T\u00e9l\u00e9thon)\nSuppl\u00e9ant     :  \nM. Faycal Zerguine (Cellule accueil information handicap)\nDeux repr\u00e9sentants des organismes gestionnaires d'\u00e9tablissements ou de services pour  \npersonnes handicap\u00e9es et si\u00e9geant avec voix consultative,  dont un sur proposition de la  \ndirectrice de l'emploi, du travail et des solidarit\u00e9s et un sur proposition de la Pr\u00e9sidente du  \nConseil d\u00e9partemental \nTitulaire : \nMme Sophie Hayek (IRSAM)\nSuppl\u00e9ant(s) : \nMme Flora Peugeot (IRSAM)\nM. Serge Tchiftbachian (Serena)\nMme Sylvie Dumont (Serena)\nTitulaire     :  \nM. Augustin Moyolo (ARAIMC)\nSuppl\u00e9ante     ;  \nMme Aline Grauvogel (AMSP)\n3\nDDETS 13 - 13-2026-01-30-00012 - Arr\u00eat\u00e9 portant composition de la commission des droits et de l'autonomie des personnes\nhandicap\u00e9es des Bouches-du-Rh\u00f4ne 24\nARTICLE 2     : Sont d\u00e9sign\u00e9s en qualit\u00e9 de membres de la CDA sp\u00e9cialis\u00e9e adultes   :\nUn repr\u00e9sentant du D\u00e9partement \nTitulaire : \nMme Val\u00e9rie Guarino, 3\u00e8me vice-pr\u00e9sidente du Conseil d\u00e9partemental\nSuppl\u00e9ants :\nMme Delphine Vera, inspecteur de tarification (DPHPBA-DGAS)\nM. Didier Molines, conseiller technique (DGAS)\nM. Jean-Michel Guithon, chef du service tarification et programmation pour personnes\nhandicap\u00e9es (DPHPBA-DGAS)\nUn repr\u00e9sentant de l'\u00c9tat \nTitulaire : \nMme la directrice d\u00e9partementale de l'emploi, du travail et des solidarit\u00e9s ( DDETS)  ou son  \nrepr\u00e9sentant   \nSuppl\u00e9ant : \nM. le directeur g\u00e9n\u00e9ral de l'ARS PACA ou son repr\u00e9sentant\nUn repr\u00e9sentant des organismes d'assurance maladie et de prestations familiales \nTitulaire : \nM. Richard Duenas (CPCAM)\nSuppl\u00e9ant(s) : \nMme Colette Kern (CPCAM)\nMonsieur Jean-Pierre Koller  ( CARSAT)\nMonsieur Marc-Karim Ben Diane (CARSAT)\nUn repr\u00e9sentant des organisations syndicales\nTitulaire :\nJean-Marc Margheriti (CFDT)\nSuppl\u00e9ants : \nM. Nasser Bouifrou (FO)\nM. Jean-Pascal Purificato (CFDT)\nM. Robert Tran Van Hung (CFDT)\nDeux repr\u00e9sentants des associations de personnes handicap\u00e9es et de leurs familles \nTitulaires et suppl\u00e9ants : membres figurant sur la liste des associations annex\u00e9e au pr\u00e9sent  \narr\u00eat\u00e9.\nUn  repr\u00e9sentant  des  organismes  gestionnaires  d'\u00e9tablissements  ou  de  services  pour \npersonnes handicap\u00e9es et si\u00e9geant avec voix consultative \nTitulaire :\nM. Augustin Moyolo (ARAIMC)\nSuppl\u00e9ante :\nMme Aline Grauvogel (AMSP)\n4\nDDETS 13 - 13-2026-01-30-00012 - Arr\u00eat\u00e9 portant composition de la commission des droits et de l'autonomie des personnes\nhandicap\u00e9es des Bouches-du-Rh\u00f4ne 25\nARTICLE 3     : Sont d\u00e9sign\u00e9s en qualit\u00e9 de membres de la CDA sp\u00e9cialis\u00e9e enfants     :  \nDeux repr\u00e9sentants du D\u00e9partement\nTitulaires : \nMme Val\u00e9rie Guarino, 3\u00e8me vice-pr\u00e9sidente du Conseil d\u00e9partemental\nMme Jacqueline Nicola\u00ef, conseill\u00e8re technique (DITAS\u2013 DGAS) \nSuppl\u00e9ants : \nM. Didier Molines, conseiller technique (DGAS)\nM. Jean-Michel Guithon, chef du service tarification et programmation pour personnes\nhandicap\u00e9es (DPHPBA-DGAS)\nMme Delphine Vera, inspecteur de tarification (DPHPBA-DGAS)\nDeux repr\u00e9sentants de l'\u00c9tat \nMme la directrice d\u00e9partementale de l'emploi, du travail et des solidarit\u00e9s ( DDETS)  ou son  \nrepr\u00e9sentant   \nM. le directeur acad\u00e9mique des services de l'\u00c9ducation nationale ou son repr\u00e9sentant \nUn repr\u00e9sentant de l'ARS\nM. le directeur g\u00e9n\u00e9ral de l'ARS PACA ou son repr\u00e9sentant\nUn repr\u00e9sentant des organismes d'assurance maladie et de prestations familiales\nTitulaire     :   \nM. Philippe Hardellet (CAF) \nUn repr\u00e9sentant des associations de parents d'\u00e9l\u00e8ves \nTitulaire : \nMme Nathalie Haas (FCPE)\nSuppl\u00e9ants : \nM. Christophe Merlino (FCPE)\nM. Jimmy Behague (FCPE)\nTrois repr\u00e9sentants des associations de personnes handicap\u00e9es et de leurs familles \nTitulaires et suppl\u00e9ants : membres figurant sur la liste des associations annex\u00e9e au pr\u00e9sent  \narr\u00eat\u00e9.\nUn  repr\u00e9sentant  des  organismes  gestionnaires  d'\u00e9tablissements  ou  de  services  pour \npersonnes handicap\u00e9es et si\u00e9geant avec voix consultative \nTitulaire : \nM. Serge Tchiftbachian (Serena)\nSuppl\u00e9ants : \nMme Sylvie Dumont (Serena)\nMme Flora Peugeot (IRSAM)\nMme Sophie Hayek (IRSAM)\n5\nDDETS 13 - 13-2026-01-30-00012 - Arr\u00eat\u00e9 portant composition de la commission des droits et de l'autonomie des personnes\nhandicap\u00e9es des Bouches-du-Rh\u00f4ne 26\nARTICLE 4     : Sont d\u00e9sign\u00e9s en qualit\u00e9 de membres de la CDA sp\u00e9cialis\u00e9e mixte \"16-25   \nans\"\nUn repr\u00e9sentant du D\u00e9partement\nTitulaire : Mme Delphine Vera, inspecteur de tarification (DPHPBA-DGAS)\nSuppl\u00e9ants :\nM. Didier Molines, conseiller technique (DGAS)\nMme Marie-France Salogne Carosso, conseill\u00e8re technique (DPMISP \u2013 DGAS) \nM. Jean Michel Guithon, chef de service tarification et programmation des personnes\nhandicap\u00e9es (DPHPBA- DGAS) \nUn repr\u00e9sentant de l'\u00c9tat \nTitulaire :\nMme la directrice d\u00e9partementale de l'emploi, du travail et des solidarit\u00e9s ( DDETS)  ou son  \nrepr\u00e9sentant   \nSuppl\u00e9ant :\nM. le directeur acad\u00e9mique des services de l'\u00c9ducation nationale ou son repr\u00e9sentant\nUn repr\u00e9sentant de l'ARS\nM. le directeur g\u00e9n\u00e9ral de l'ARS PACA ou son repr\u00e9sentant\nTrois repr\u00e9sentants des associations de personnes handicap\u00e9es\nTitulaires et suppl\u00e9ants : membres figurant sur la liste des associations annex\u00e9e au pr\u00e9sent  \narr\u00eat\u00e9.\nUn repr\u00e9sentant des organismes de protection sociale\nTitulaire     :  \nMme Colette Kern (CPCAM)\nSuppl\u00e9ants :\nM. Philippe Hardellet (CAF) \nMonsieur Jean-Pierre Koller  (CARSAT)\nMonsieur Marc-Karim Ben Diane (CARSAT)\nUn repr\u00e9sentant d'associations de parents d'\u00e9l\u00e8ves\nTitulaire : \nMme Nathalie Haas (FCPE)\nSuppl\u00e9ants : \nM. Christophe Merlino (FCPE)\nM. Jimmy Behague (FCPE)\nUn  repr\u00e9sentant  des  organismes  gestionnaires  d'\u00e9tablissements  ou  de  services  pour \npersonnes handicap\u00e9es et si\u00e9geant avec voix consultative \nTitulaire : \nM. Augustin Moyolo (ARAIMC)\nSuppl\u00e9ant(s) :\nMme Aline Grauvogel (AMSP)\n6\nDDETS 13 - 13-2026-01-30-00012 - Arr\u00eat\u00e9 portant composition de la commission des droits et de l'autonomie des personnes\nhandicap\u00e9es des Bouches-du-Rh\u00f4ne 27\nARTICLE 5 : L'arr\u00eat\u00e9 n\u00b0 15/2025 du 30 janvier 2025 est abrog\u00e9.\nARTICLE 6  : Le mandat des membres de la commission des droits et de l'autonomie des  \npersonnes handicap\u00e9es des Bouches-du-Rh\u00f4ne, d'une dur\u00e9e de quatre ans, \u00e0 l'exception de celui  \ndes repr\u00e9sentants de l'\u00c9tat et de l'agence r\u00e9gionale de sant\u00e9 (ARS), en application de l'article  \nR.241-24 du code de l'action sociale et des familles, expirera le 22 mars 2027.\nARTICLE 7  : Le pr\u00e9sent arr\u00eat\u00e9 sera transmis au repr\u00e9sentant de l'Etat dans le d\u00e9partement  \npour contr\u00f4le de l\u00e9galit\u00e9 et sera publi\u00e9 au recueil des actes administratifs du D\u00e9partement des  \nBouches-du-Rh\u00f4ne ainsi qu'au recueil des actes administratifs de la Pr\u00e9fecture.\nFait \u00e0 Marseille, le 30 janvier 2026\nPour le Pr\u00e9fet des Bouches-du-Rh\u00f4ne et par \nd\u00e9l\u00e9gation,\nLe Directeur d\u00e9partemental adjoint\nSign\u00e9\nLa Pr\u00e9sidente du Conseil d\u00e9partemental\n des Bouches-du-Rh\u00f4ne\nSign\u00e9\nBrice BRUNIER   Martine VASSAL\n7\nDDETS 13 - 13-2026-01-30-00012 - Arr\u00eat\u00e9 portant composition de la commission des droits et de l'autonomie des personnes\nhandicap\u00e9es des Bouches-du-Rh\u00f4ne 28\nCDAPH\nRepr\u00e9sentation associative Proposition de renouvellement partiel (4 suppl\u00e9ants)  \noctobre 2025\n02/02/2026 Mouvement Parcours Handicap 13 Page 1 sur 1\nTit/Supp Nom Association\nAdultes\nTitulaire Odile TASSAN TOFFOLA AFTC13\nSuppl\u00e9ants\nPhilippe GERARD Exister\nFran\u00e7ois PAIRE Surdi 13 \nKarine MONTANE CREEDAT\nTitulaire Vincent SCAGLIONE Acces Lib\nSuppl\u00e9ants\nKarim TABET Acces Lib\nMagali BRETON AGAPEI 13\nEnda AMRAOUI APF France Handicap\nTitulaire Doroth\u00e9e LOMBARD La luciole \nSuppl\u00e9ants\nC\u00e9cile HUBERT UGECAM \nIsabelle BACLET AFM\nZara SUMODHEE AFM\nTitulaire Isabelle DEJEAN UNAFAM\nSuppl\u00e9ants\nMaxime BRUN ISATIS\nLisa MATALON Espoir Provence\nKarine PELLETIERI UNAPEI AP\nEnfants\nTitulaire Cathy PIASCO AAD\nSuppl\u00e9ants Marie Christine PASCAL AFTC13\nHyacinthe DUCLOS DFD 13\nAnne BERNARDINI AFM\nTitulaire Nicole GRANIER Collectif Handicap Mental \nSuppl\u00e9ants\nNadia MAKHLOUF ARAIMC\nSophie VOL ARI\nDominique GIRAULT ARI\nTitulaire Sara LARICHE SERENA\nPascale DEPRACONTAL UNAPEI AP\nBadiha ZAHAF LARIBI NOSTRA'DIAB \nSylvie Ucciani ARAIMC\nDDETS 13 - 13-2026-01-30-00012 - Arr\u00eat\u00e9 portant composition de la commission des droits et de l'autonomie des personnes\nhandicap\u00e9es des Bouches-du-Rh\u00f4ne 29\nDirection Departementale des Territoires et de\nla Mer 13\n13-2026-02-02-00022\nArr\u00eat\u00e9 portant r\u00e9glementation temporaire de la\ncirculation sur l'autoroute A50 et A52 pour la\nfermeture des diffuseurs n\u00b008 Cassis et n\u00b033\nBelcod\u00e8ne dans le cadre de la course cycliste\n\u00ab\u00a0Le Tour de Provence\u00a0\u00bb.\nDirection Departementale des Territoires et de la Mer 13 - 13-2026-02-02-00022 - Arr\u00eat\u00e9 portant r\u00e9glementation temporaire de la\ncirculation sur l'autoroute A50 et A52 pour la fermeture des diffuseurs n\u00b008 Cassis et n\u00b033 Belcod\u00e8ne dans le cadre de la course\ncycliste \u00ab\u00a0Le Tour de Provence\u00a0\u00bb.\n30\nPREFETDES BOUCHES-DU-RHONELibert \u00e9Egalit\u00e9Fraternit\u00e9\nDirection d\u00e9partementale\ndes territoires et de la mer\ndes Bouches-du-Rh\u00f4ne\nArr\u00eat\u00e9 portant r\u00e9glementation temporaire de la circulation sur l'autoroutes A50 et A52 pour la \nfermeture des diffuseurs n\u00b008 Cassis et n\u00b033 Belcod\u00e8ne dans le cadre de la course cycliste \u00ab Le Tour \nde Provence \u00bb\nLe Pr\u00e9fet de la r\u00e9gion Provence-Alpes-C\u00f4te d'Azur\nPr\u00e9fet de la zone de d\u00e9fense et de s\u00e9curit\u00e9 Sud\nPr\u00e9fet des Bouches-du-Rh\u00f4ne\nVu la loi n\u00b0 55.435 du 18 avril 1955 modifi\u00e9e portant statut des autoroutes ;\nVu la loi n\u00b0 82.213 du 2 mars 1982 sur les droits et libert\u00e9s des communes, des d\u00e9partements et des  \nr\u00e9gions, modifi\u00e9e ;\nVu le code de la route ;\nVu le code de la voirie routi\u00e8re ;\nVu le d\u00e9cret du 29 novembre 1982, approuvant la convention de concession pass\u00e9e entre l'\u00c9tat et la \nsoci\u00e9t\u00e9 des Autoroutes Est\u00e9rel C\u00f4te d'Azur Provence Alpes (ESCOTA) pour la concession de la  \nconstruction, de l'entretien et de l'exploitation des autoroutes conc\u00e9d\u00e9es et ses avenants ult\u00e9 -\nrieurs ;\nVu le d\u00e9cret n\u00b0 2001-942 en date du 9 octobre 2001 modifi\u00e9, relatif au contr\u00f4le des soci\u00e9t\u00e9s conces-\nsionnaires d'autoroutes ou d'ouvrages d'art ;\nVu le d\u00e9cret n\u00b02004-374 du 29 avril 2004 modifi\u00e9, relatif aux pouvoirs des pr\u00e9fets, \u00e0 l'organisation et \n\u00e0 l'action des services de l'\u00c9tat dans les r\u00e9gions et d\u00e9partements ;\nVu l'arr\u00eat\u00e9 interminist\u00e9riel du 24 novembre 1967 modifi\u00e9, relatif \u00e0 la signalisation des routes et auto-\nroutes ;\nVu la note technique du 14 avril 2016, relative \u00e0 la coordination des chantiers du r\u00e9seau routier na -\ntional (RRN) ;\nVu le r\u00e8glement de l'exploitation de la soci\u00e9t\u00e9 ESCOTA, en date du 02 juin 2025 ;\nVu l'arr\u00eat\u00e9 permanent n\u00b0 13-2019-10-23-003 de chantiers courants pour les autoroutes A52 dans  \nleurs parties conc\u00e9d\u00e9es \u00e0 la soci\u00e9t\u00e9 ESCOTA dans le d\u00e9partement des Bouches du Rh\u00f4ne en date  \n1/4\nDirection Departementale des Territoires et de la Mer 13 - 13-2026-02-02-00022 - Arr\u00eat\u00e9 portant r\u00e9glementation temporaire de la\ncirculation sur l'autoroute A50 et A52 pour la fermeture des diffuseurs n\u00b008 Cassis et n\u00b033 Belcod\u00e8ne dans le cadre de la course\ncycliste \u00ab\u00a0Le Tour de Provence\u00a0\u00bb.\n31\ndu 23 octobre 2019 ;\nVu le d\u00e9cret du Pr\u00e9sident de la R\u00e9publique en date du 19 novembre 2025 portant nomination de  \nMonsieur Jacques WITKOWSKI en qualit\u00e9 de pr\u00e9fet de la r\u00e9gion Provence-Alpes-C\u00f4te d'Azur, pr\u00e9fet \nde la zone de d\u00e9fense et de s\u00e9curit\u00e9 Sud, pr\u00e9fet des Bouches-du-Rh\u00f4ne ;\nVu  l'arr\u00eat\u00e9 pr\u00e9fectoral du 01 d\u00e9cembre 2025 portant d\u00e9l\u00e9gation de signature \u00e0 monsieur Patrick  \nVAUTERIN, directeur d\u00e9partemental interminist\u00e9riel des territoires et de la mer des Bouches-du-\nRh\u00f4ne ;\nVu l'arr\u00eat\u00e9 n\u00b0 13-2025-12-02-00009 du 2 d\u00e9cembre 2025 portant d\u00e9l\u00e9gation de signature aux agents  \nde la direction d\u00e9partementale des territoires et de la mer des Bouches-du-Rh\u00f4ne;\nConsid\u00e9rant la demande de la Soci\u00e9t\u00e9 des Autoroutes Est\u00e9rel, Cote d'Azur, Provence, Alpes en date \ndu 27 Janvier 2026 ;\nConsid\u00e9rant l'avis de la Direction G\u00e9n\u00e9rale des Infrastructures, des Transports et de la Mer en date  \ndu 29 Janvier 2026 ;\nConsid\u00e9rant l'avis du Conseil D\u00e9partemental des Bouches-du-Rh\u00f4ne en date du 02 f\u00e9vrier 2026 ;\nConsid\u00e9rant qu'il importe d'assurer la s\u00e9curit\u00e9 des usagers de l'autoroute ainsi que celle des ci -\ntoyens de rendant \u00e0 la course cycliste \u00ab Le Tour de Provence \u00bb, il y a lieu de r\u00e9glementer temporaire-\nment la circulation sur l'autoroute A50 et l'autoroute A52, le vendredi 13 F\u00e9vrier 2026 de 11h00 \u00e0  \n17h00.\nSur proposition de monsieur le directeur d\u00e9partemental des territoires et de la mer des Bouches du \nRh\u00f4ne,\nARR\u00caTE\nArticle   p      remier         :\nPour permettre d'assurer la s\u00e9curit\u00e9 des personnes lors de d\u00e9roulement de la course cycliste \u00ab  Le \ntour de Provence \u00bb, la circulation de tous les v\u00e9hicules sur l'autoroute A50 est r\u00e9glement\u00e9e comme  \nsuit le vendredi 13 f\u00e9vrier 2026 de 11h00 \u00e0 17h00.\nSur l'autoroute A50     :  \n \nDans le sens Aix-En-Provence vers Toulon :\nFermeture des sorties du diffuseur n\u00b0 7 la \u00ab  B\u00e9doule Sud \u00bb (PR 30.200) du diffuseurs n\u00b008 Cassis (PR  \n32.500).\n Dans le sens Toulon vers Aix-en-Provence :\nFermeture de la sortie du diffuseur n\u00b008 Cassis (PR 32.500).\nSur l'autoroute A52     :   \nDans le sens Aix-En-Provence vers Toulon :\nFermeture de la sortie du diffuseur n\u00b0 33 \u00ab Belcod\u00e8ne \u00bb (PR 7 .600).\n Dans le sens Toulon vers Aix-en-Provence :\nFermeture de la sortie du diffuseur n\u00b033 \u00ab Belcod\u00e8ne \u00bb (PR 7 .600).\n2/4\nDirection Departementale des Territoires et de la Mer 13 - 13-2026-02-02-00022 - Arr\u00eat\u00e9 portant r\u00e9glementation temporaire de la\ncirculation sur l'autoroute A50 et A52 pour la fermeture des diffuseurs n\u00b008 Cassis et n\u00b033 Belcod\u00e8ne dans le cadre de la course\ncycliste \u00ab\u00a0Le Tour de Provence\u00a0\u00bb.\n32\nArticle 2   : itin\u00e9raires de d\u00e9viation\nFermeture des sorties des diffuseurs n\u00b007 la B\u00e9doule Sud (PR30.200) et n\u00b008 Cassis (PR 32.500) dans  \nle sens Aix-en-Provence vers Toulon\nPour tous les usagers, sortie conseill\u00e9e au diffuseur n\u00b0 6 \u00ab  Carnoux \u00bb (PR 27 .200) puis suivre la D559A\nFermeture de la sortie du diffuseur n\u00b008 Cassis (PR 32.500) dans le sens Toulon vers Aix-en-Provence\n \nPour tous les usagers, sortie conseill\u00e9e au diffuseur n\u00b07 \u00ab  La B\u00e9doule-Nord \u00bb (PR 29.500) puis suivre la  \nD1, puis la D559A.\nFermeture de la sortie du diffuseur n\u00b033 Belcod\u00e8ne (PR 7 .600) dans les deux sens de circulation\nTous les usagers, sortie conseill\u00e9e au diffuseur n \u00b033 Belcod \u00e8ne n \u00b033 La destrousse (PR 12.600) en  \nempruntant la D96.\nArticle         3         : Mode d'exploitation\nL'interdistance, de jour comme de nuit, avec tout chantier n\u00e9cessaire \u00e0 l'entretien des autoroutes  \nA52 est ramen\u00e9e \u00e0 z\u00e9ro km pendant la dur\u00e9e de ces travaux dans les deux sens de circulation.\nToutes les bretelles ne sont pas ferm\u00e9es en m\u00eame temps, nous fermons et ouvrons les bretelles \u00e0  \nl'avancement des travaux r\u00e9alis\u00e9s.\nArticle         4         : Information planning pr\u00e9visionnel\nUne information concernant l'avancement des travaux ainsi que le planning pr\u00e9visionnel de ferme -\ntures de bretelles est transmise \u00e0 chaque fin de semaine, le vendredi au plus tard avant 09h00, aux  \ndestinataires suivants :\n\u2022 La Radio Vinci-Autoroutes (107 .7) ;\n\u2022 La Pr\u00e9fecture des Bouches-du-Rh\u00f4ne ;\n\u2022 Le Conseil D\u00e9partemental des Bouches-du-Rh\u00f4ne ;\n\u2022 La Cellule de crise de la DDTM des Bouches-du-Rh\u00f4ne.\n3/4\nDirection Departementale des Territoires et de la Mer 13 - 13-2026-02-02-00022 - Arr\u00eat\u00e9 portant r\u00e9glementation temporaire de la\ncirculation sur l'autoroute A50 et A52 pour la fermeture des diffuseurs n\u00b008 Cassis et n\u00b033 Belcod\u00e8ne dans le cadre de la course\ncycliste \u00ab\u00a0Le Tour de Provence\u00a0\u00bb.\n33\nArticle         5         : Suivi des signalisations et s\u00e9curit\u00e9\nLes signalisations correspondantes aux prescriptions du pr\u00e9sent arr\u00eat\u00e9 sont conformes \u00e0 l'llSR \n8\u00e8me partie signalisation  temporaire. Elles sont mises en place, entretenues et surveill\u00e9es par \nles services de l'exploitation de la soci\u00e9t\u00e9 ESCOTA pendant toute la p\u00e9riode des travaux.\nLes usagers sont inform\u00e9s des travaux par l'affichage de messages sur Panneau \u00e0 Messages va-\nriables (PMV) sur les autoroutes A8, A50 et A52 et la diffusion de messages Radio Vinci Autoroutes \n(107 .7).\nArt  i  cle         6         : Recours\nConform\u00e9ment \u00e0 l'article R. 421-1 du code de justice administrative, la pr\u00e9sente d\u00e9cision peut faire  \nl'objet d'un recours contentieux, dans le d\u00e9lai de deux mois \u00e0 compter de sa notification, devant le  \ntribunal administratif de Marseille, 31 rue Jean Fran\u00e7ois Leca, 13235 Marseille Cedex 2 qui peut \u00eatre  \nsaisi  par  l'application  informatique  \u00ab  t\u00e9l\u00e9recours \u00bb  accessible  par  le  site  internet  \nhttps://www.telerecours.fr.  Elle  peut  \u00e9galement  faire  l'objet  d'un  recours  gracieux  aupr\u00e8s  de \nmonsieur  le  pr\u00e9fet  des  Bouches-du-Rh\u00f4ne.  Cette  d\u00e9marche  interrompt  le  d\u00e9lai  de  recours \ncontentieux, ce dernier devant \u00eatre introduit dans le d\u00e9lai de deux mois suivant une d\u00e9cision  \nimplicite ou explicite de l'autorit\u00e9 comp\u00e9tente (le silence de l'administration pendant un d\u00e9lai de  \ndeux mois valant d\u00e9cision implicite de rejet).\nArt  i  cle         7         : Diffusion\nLe pr\u00e9sent arr\u00eat\u00e9 est adress\u00e9 aux destinataires suivants :\n\u2022 Le Secr\u00e9taire G\u00e9n\u00e9ral de la Pr\u00e9fecture des Bouches-du-Rh\u00f4ne ;\n\u2022 Le Directeur D\u00e9partemental des Territoires et de la Mer des Bouches-du-Rh\u00f4ne ;\n\u2022 La Pr\u00e9sidente du Conseil D\u00e9partemental des Bouches-du-Rh\u00f4ne ;\n\u2022 Le Directeur de la Soci\u00e9t\u00e9 des Autoroutes Est\u00e9rel, Cote d'Azur, Provence, Alpes ;\n\u2022 Le Directeur D\u00e9partemental de la S\u00e9curit\u00e9 Publique des Bouches-du-Rh\u00f4ne ;\n\u2022 Le Colonel Commandant du Groupement de Gendarmerie des Bouches-du-Rh\u00f4ne ;\n\u2022 Le Directeur Interd\u00e9partemental de la Police Nationale des Bouches-du-Rh\u00f4ne \n\u2022 Le Commandant du Peloton Autoroutier de Gendarmerie d'Aubagne ;\n\u2022 Les maires des communes de d'Aix-en-Provence, Venelles, Aubagne, G\u00e9menos.\nCharg\u00e9s chacun en ce qui le concerne, d'en assurer l'ex\u00e9cution, ainsi que pour information \u00e0 la \nDIR M\u00e9diterran\u00e9e (DIR de Zone SUD).\nMarseille, le 02 f\u00e9vrier 2026\nPour Le Pr\u00e9fet et par d\u00e9l\u00e9gation, le Chef de \nP\u00f4le Gestion de Crise Transports\n   Soizic CHRETIEN\n4/4\nSign\u00e9\nDirection Departementale des Territoires et de la Mer 13 - 13-2026-02-02-00022 - Arr\u00eat\u00e9 portant r\u00e9glementation temporaire de la\ncirculation sur l'autoroute A50 et A52 pour la fermeture des diffuseurs n\u00b008 Cassis et n\u00b033 Belcod\u00e8ne dans le cadre de la course\ncycliste \u00ab\u00a0Le Tour de Provence\u00a0\u00bb.\n34\nDirection Departementale des Territoires et de\nla Mer 13\n13-2026-02-03-00011\nAvenant \u00e0 l'arr\u00eat\u00e9 n\u00b0 13-2025-05-02-00003\nautorisant le transport et l'exposition de\nsp\u00e9cimens d'esp\u00e8ces prot\u00e9g\u00e9es par le conseil\nd\u00e9partemental des Bouches-du-Rh\u00f4ne\nDirection Departementale des Territoires et de la Mer 13 - 13-2026-02-03-00011 - Avenant \u00e0 l'arr\u00eat\u00e9 n\u00b0 13-2025-05-02-00003 autorisant\nle transport et l'exposition de sp\u00e9cimens d'esp\u00e8ces prot\u00e9g\u00e9es par le conseil d\u00e9partemental des Bouches-du-Rh\u00f4ne 35\nEsPREFETDES BOUCHES-DU-RHONELibert\u00e9Egalit\u00e9Fraternit\u00e9\nDirection d\u00e9partementale\ndes territoires et de la mer\ndes Bouches-du-Rh\u00f4ne\nAvenant \u00e0 l'arr\u00eat\u00e9 n\u00b0 13-2025-05-02-00003 autorisant le transport et l'exposition\nde sp\u00e9cimens d'esp\u00e8ces prot\u00e9g\u00e9es par le conseil d\u00e9partemental des Bouches-du-Rh\u00f4ne\nVu la directive europ\u00e9enne 92/43 du 21 mai 1992, concernant la conservation des habitats  \nnaturels ainsi que de la faune et de la flore sauvages ;\nVu le code de l'environnement, et notamment ses articles L.411-1 et L.411-2 ;\nVu l'arr\u00eat\u00e9 du 23 avril 2007 fixant les listes des mammif\u00e8res terrestres prot\u00e9g\u00e9s sur l'ensemble \ndu territoire et les modalit\u00e9s de leur protection ;\nVu l'arr\u00eat\u00e9 du 29 octobre 2009 fixant la liste des oiseaux prot\u00e9g\u00e9s sur l'ensemble du territoire  \net les modalit\u00e9s de leur protection ;\nVu l'arr\u00eat\u00e9 du 8 janvier 2021 fixant la liste des amphibiens et des reptiles repr\u00e9sent\u00e9s sur le  \nterritoire m\u00e9tropolitain prot\u00e9g\u00e9 sur l'ensemble du territoire national et les modalit\u00e9s de leur  \nprotection ;\nVu l'arr\u00eat\u00e9  du  8  d\u00e9cembre  1988  fixant  la  liste  des  esp\u00e8ces  de  poissons  prot\u00e9g\u00e9es  sur \nl'ensemble du territoire national ;\nVu le  d\u00e9cret  minist\u00e9riel  n\u00b0  2004-374  du  29  avril  2004  relatif  aux  pouvoirs  des  pr\u00e9fets,  \u00e0 \nl'organisation et \u00e0 l'action des services de l'\u00c9tat dans les r\u00e9gions et d\u00e9partements ;\nVu l'arr\u00eat\u00e9  minist\u00e9riel  du  19  f\u00e9vrier  2007  modifi\u00e9,  fixant  les  conditions  de  demande \nd'instruction  des  d\u00e9rogations  d\u00e9finies  au  4\u00e8me alin\u00e9a  de  l'article  L.411-1  du  code  de  \nl'environnement au titre de l'article L.411-2 du m\u00eame code ;\nVu l'arr\u00eat\u00e9 minist\u00e9riel du 28 f\u00e9vrier 2008 relatif aux modalit\u00e9s de d\u00e9livrance de l'agr\u00e9ment  \nsanitaire et de l'autorisation des \u00e9tablissements vis\u00e9s par le r\u00e8glement CE n\u00b0 1774 / 2002 du  \nparlement  europ\u00e9en  et  du  conseil  du  3  octobre  2002  \u00e9tablissant  des  r\u00e8gles  sanitaires \napplicables aux sous-produits animaux non destin\u00e9s \u00e0 la consommation humaine ;\nVu l'arr\u00eat\u00e9 minist\u00e9riel du 26 novembre 2013 fixant les conditions et limites dans lesquelles des \nd\u00e9rogations  \u00e0  l'interdiction  de  naturalisation  de  sp\u00e9cimens  d'esp\u00e8ces  animales  prot\u00e9g\u00e9es \npeuvent \u00eatre accord\u00e9es par les pr\u00e9fets ;\nVu l'arr\u00eat\u00e9 de la Premi\u00e8re ministre et du ministre de l'int\u00e9rieur et des outre-mer du  16 juin  \n2023  portant  nomination  de  monsieur  Patrick  VAUTERIN  en  qualit\u00e9  de  directeur  \nd\u00e9partemental des territoires et de la mer des Bouches-du-Rh\u00f4ne \u00e0 compter du  1er juillet  \n2023 ;\nVu le d\u00e9cret du pr\u00e9sident de la r\u00e9publique en date du 19 novembre 2025 portant nomination  \nde monsieur Jacques WITKOWSKI en qualit\u00e9 de pr\u00e9fet de la r\u00e9gion Provence-Alpes-C\u00f4te  \nd'Azur, pr\u00e9fet de la zone de d\u00e9fense et de s\u00e9curit\u00e9 sud, pr\u00e9fet des Bouches-du-Rh\u00f4ne ;\nVu l'arr\u00eat\u00e9  pr\u00e9fectoral  du  1 er d\u00e9cembre  2025,  portant  d\u00e9l\u00e9gation  de  signature  \u00e0  \nmonsieur  Patrick  VAUTERIN,  directeur  d\u00e9partemental  des  territoires  et  de  la  mer  des \nBouches-du-Rh\u00f4ne ;\n16, rue Antoine Zattara  \u2013 13332 Marseille Cedex 3\nT\u00e9l\u00e9phone : 04 91 28 40 40\nwww.bouches-du-rhone.gouv.fr\n1/3\nDirection Departementale des Territoires et de la Mer 13 - 13-2026-02-03-00011 - Avenant \u00e0 l'arr\u00eat\u00e9 n\u00b0 13-2025-05-02-00003 autorisant\nle transport et l'exposition de sp\u00e9cimens d'esp\u00e8ces prot\u00e9g\u00e9es par le conseil d\u00e9partemental des Bouches-du-Rh\u00f4ne 36\nVu l'arr\u00eat\u00e9 du 2 d\u00e9cembre 2025 portant d\u00e9l\u00e9gation de signature aux agents de la direction \nd\u00e9partementale des territoires et de la mer des Bouches-du-Rh\u00f4ne ; \nVu  l'arr\u00eat\u00e9  pr\u00e9fectoral  n\u00b0  13-2025-05-02-00003  du  2  mai  2025  autorisant  le transport  et  \nl'exposition  de  sp\u00e9cimens  d'esp\u00e8ces  prot\u00e9g\u00e9es  par  certains  agents  du  conseil  \nd\u00e9partemental des Bouches-du-Rh\u00f4ne pour les ann\u00e9es 2025 \u00e0 2028  ;\nVu la demande du conseil d\u00e9partemental formul\u00e9e en date du 30 janvier 2026, en tant que  \ngestionnaire de la r\u00e9serve naturelle nationale de la Sainte-Victoire et de la maison Sainte-\nVictoire, pour le transport et l'exposition de certains sp\u00e9cimens d'esp\u00e8ces prot\u00e9g\u00e9es dans le  \ncadre  d'expositions  de  sp\u00e9cimens  pr\u00eat\u00e9s  par  le  mus\u00e9um  d'histoire  naturelle  de  Marseille \n(MHNM)  ;\nSur proposition  du directeur d\u00e9partemental des territoires et de la mer des Bouches-du-\nRh\u00f4ne ;\nARR\u00caTE\nArticle premier \nL'article premier de l'arr\u00eat\u00e9 pr\u00e9fectoral n\u00b013-2025-05-02-00003 susvis\u00e9 est modifi\u00e9 selon les  \ntermes ci-dessous :\n\u00ab Le pr\u00e9sent arr\u00eat\u00e9 fixe les modalit\u00e9s r\u00e9glementaires \u00e0 suivre par les agents du conseil  \nd\u00e9partemental  des  Bouches-du-Rh\u00f4ne  affect\u00e9s  en  particulier  \u00e0  la  r\u00e9serve  naturelle  \nnationale de la Sainte-Victoire,  ainsi qu'\u00e0 ceux affect\u00e9s \u00e0 la maison Sainte-Victoire,  afin  \nd'assurer pour les ann\u00e9es 2025 \u00e0 2028 :\n1. le transport, la d\u00e9tention et l'exposition de sp\u00e9cimens  d'esp\u00e8ces prot\u00e9g\u00e9es pr\u00eat\u00e9s par  \nles mus\u00e9ums d'histoire naturelle d'Aix-en-Provence (MHNA) et de Marseille (MNHM), dans  \nle cadre d'une collaboration scientifique ;\n2. le transport de sp\u00e9cimens d'esp\u00e8ces prot\u00e9g\u00e9es retrouv\u00e9s morts afin d'\u00eatre achemin\u00e9s  \nvers  le  mus\u00e9um  d'histoire  naturelle  d'Aix-en-Provence  ou  vers  un  laboratoire  \nd\u00e9partemental d'analyse dans un but de veille sanitaire notamment ;\n3. le transport de sp\u00e9cimens d'esp\u00e8ces prot\u00e9g\u00e9es retrouv\u00e9s bless\u00e9s afin d'\u00eatre conduits  \ndans un centre de soin  \u00bb.\nArticle 2 \nL'article 2 de l'arr\u00eat\u00e9 pr\u00e9fectoral n\u00b013-2025-05-02-00003 susvis\u00e9 est modifi\u00e9 selon les termes  \nci-dessous :\n\u00ab Le  conseil  d\u00e9partemental  des  Bouches-du-Rh\u00f4ne  est  le  b\u00e9n\u00e9ficiaire  de  la  pr\u00e9sente \nautorisation.  Le  personnel  habilit\u00e9  par  le  pr\u00e9sent  arr\u00eat\u00e9  sont  les  agents  du  conseil \nd\u00e9partemental affect\u00e9s \u00e0 la gestion de la r\u00e9serve naturelle nationale de la Saint-Victoir e, \nainsi que ceux affect\u00e9s \u00e0 la maison Sainte-Victoire. \nLa r\u00e9serve nationale de la Sainte-Victoire est incluse dans les espaces naturels sensibles  \ng\u00e9r\u00e9s  par  le  conseil  d\u00e9partemental  des  Bouches-du-Rh\u00f4ne,  les  agents  habilit\u00e9s  par  la \n16, rue Antoine Zattara  \u2013 13332 Marseille Cedex 3\nT\u00e9l\u00e9phone : 04 91 28 40 40\nwww.bouches-du-rhone.gouv.fr\n2/3\nDirection Departementale des Territoires et de la Mer 13 - 13-2026-02-03-00011 - Avenant \u00e0 l'arr\u00eat\u00e9 n\u00b0 13-2025-05-02-00003 autorisant\nle transport et l'exposition de sp\u00e9cimens d'esp\u00e8ces prot\u00e9g\u00e9es par le conseil d\u00e9partemental des Bouches-du-Rh\u00f4ne 37\npr\u00e9sente autorisation sont habilit\u00e9s \u00e0 intervenir dans les tous les espaces naturels sensibles  \ndu d\u00e9partement en cas de n\u00e9cessit\u00e9, notamment les terrains limitrophes de la r\u00e9serve  \nnaturelle nationale de la Sainte-Victoire.\nLes sp\u00e9cimens d'esp\u00e8ces prot\u00e9g\u00e9es vis\u00e9s \u00e0 l'article 3 pourront \u00eatre d\u00e9tenus, transport\u00e9s et  \nexpos\u00e9s uniquement par les agents du d\u00e9partement des Bouches-du-Rh\u00f4ne affect\u00e9s \u00e0 la  \nr\u00e9serve naturelle nationale de la Sainte-Victoire et \u00e0 la maison Sainte-Victoire.  \u00bb\nArticle 3\nConform\u00e9ment \u00e0 l'article R. 421-1 du code de justice administrative, la pr\u00e9sente d\u00e9cision peut \nfaire l'objet d'un recours contentieux, dans le d\u00e9lai de deux mois \u00e0 compter de sa notification, \ndevant le tribunal administratif de Marseille, 31 rue Jean-Fran\u00e7ois LECA \u2013 13235 Marseille  \ncedex 02 qui peut \u00eatre saisi par l'application informatique \u00ab t\u00e9l\u00e9recours \u00bb accessible par le site \ninternet https://www.telerecours.fr .\nElle  peut  \u00e9galement  faire  l'objet  d'un  recours  gracieux  aupr\u00e8s  de  monsieur  le  pr\u00e9fet  des \nBouches-du-Rh\u00f4ne. Cette d\u00e9marche interrompt le d\u00e9lai de recours contentieux, ce dernier  \ndevant \u00eatre introduit dans le d\u00e9lai de deux mois suivant une d\u00e9cision implicite ou explicite de  \nl'autorit\u00e9 comp\u00e9tente (le silence de l'administration pendant un d\u00e9lai de deux mois valant  \nd\u00e9cision implicite de rejet).\nArticle 4: \n\uf0b7 le pr\u00e9fet de police du d\u00e9partement des Bouches-du-Rh\u00f4ne,\n\uf0b7 le secr\u00e9taire g\u00e9n\u00e9ral de la pr\u00e9fecture des Bouches-du-Rh\u00f4ne,\n\uf0b7 le directeur d\u00e9partemental des territoires et de la mer des Bouches-du-Rh\u00f4ne,\n\uf0b7 le colonel commandant le groupement d\u00e9partemental de gendarmerie des Bouches-\ndu-Rh\u00f4ne,\n\uf0b7 le chef du service d\u00e9partemental de l'office fran\u00e7ais de la biodiversit\u00e9 des Bouches-du-\nRh\u00f4ne\nsont charg\u00e9s, chacun en ce qui le concerne, de l'ex\u00e9cution du pr\u00e9sent arr\u00eat\u00e9.\n                    Marseille, le 3 f\u00e9vrier 2026\npour le pr\u00e9fet et par d\u00e9l\u00e9gation,\nle directeur d\u00e9partemental\npour le directeur d\u00e9partemental et par d\u00e9l\u00e9gation,\nle chef de l'unit\u00e9 chasse et esp\u00e8ces prot\u00e9g\u00e9es\nSIGNE\nBertrand VEDOVATI\n16, rue Antoine Zattara  \u2013 13332 Marseille Cedex 3\nT\u00e9l\u00e9phone : 04 91 28 40 40\nwww.bouches-du-rhone.gouv.fr\n3/3\nDirection Departementale des Territoires et de la Mer 13 - 13-2026-02-03-00011 - Avenant \u00e0 l'arr\u00eat\u00e9 n\u00b0 13-2025-05-02-00003 autorisant\nle transport et l'exposition de sp\u00e9cimens d'esp\u00e8ces prot\u00e9g\u00e9es par le conseil d\u00e9partemental des Bouches-du-Rh\u00f4ne 38\nDRFIP PACA et des Bouches-du-Rh\u00f4ne \n13-2026-02-02-00018\nD\u00e9l\u00e9gation de signature de la responsable du SIP\nde Marseille-Borde\nDRFIP PACA et des Bouches-du-Rh\u00f4ne  - 13-2026-02-02-00018 - D\u00e9l\u00e9gation de signature de la responsable du SIP de Marseille-Borde 39\nExREPUBLIQUEFRAN\u00c7AISELibert\u00e9Egalit\u00e9Fraternit\u00e9\nTFINANCES PUBLIQUES\nDIRECTION G\u00c9N\u00c9RALE DES FINANCES PUBLIQUES\nDIRECTION R\u00c9GIONALE DES FINANCES PUBLIQUES\nDE PROVENCE-ALPES-COTE D'AZUR\nET DU D\u00c9PARTEMENT DES BOUCHES-DU-RH\u00d4NE\nService des imp\u00f4ts des particuliers de\nMARSEILLE BORDE\nD\u00e9l\u00e9gation de signature\nMadame la comptable, Karine PRODROMOS, Inspectrice divisionnaire hors classe des Finance s Publiques,\nresponsable du Service des Imp\u00f4ts des Particuliers de MARSEILLE BORDE,\nVu le code g\u00e9n\u00e9ral des imp\u00f4ts, et notamment l'artic le 408 de son annexe II et les articles 212 \u00e0 217 d e son\nannexe IV ;\nVu le livre des proc\u00e9dures fiscales, et notamment les articles L. 247, L. 257 A et R* 247-4 et suivants ;\nVu le d\u00e9cret n\u00b0 2008-310 du 3 avril 2008 relatif \u00e0 la direction g\u00e9n\u00e9rale des Finances publiques ;\nVu le d\u00e9cret n\u00b0 2009-707 du 16 juin 2009 relatif aux services d\u00e9concentr\u00e9s de la direction g\u00e9n\u00e9rale des finances\npubliques ;\nVu le d\u00e9cret n\u00b0 2012-1246 du 7 novembre 2012 relati f \u00e0 la gestion budg\u00e9taire et comptable publique, et\nnotamment son article 16 ;\nVu l'arr\u00eat\u00e9 minist\u00e9riel du 22 d\u00e9cembre 2020 portant ajustement de p\u00e9rim\u00e8tre des services d\u00e9concentr\u00e9s de la\ndirection g\u00e9n\u00e9rale des finances publiques publi\u00e9 au Journal officiel n\u00b0312 du 26 d\u00e9cembre 2020 ;\nVu l'arr\u00eat\u00e9 minist\u00e9riel du 20 janvier 2021 modifian t l'arr\u00eat\u00e9 du 22 d\u00e9cembre 2020 relatif au classemen t de\npostes comptables et d'emplois de chef de service c omptable \u00e0 la direction g\u00e9n\u00e9rale des finances publi ques\npubli\u00e9 au journal officiel n\u00b017 du 20 janvier 2021 ;\nVu l'arr\u00eat\u00e9 minist\u00e9riel du 26 octobre 2021 modifian t l'arr\u00eat\u00e9 du 20 janvier 2021 relatif \u00e0 l'ajustemen t de\np\u00e9rim\u00e8tres des services d\u00e9concentr\u00e9s de la direction g\u00e9n\u00e9rale des finances publiques publi\u00e9 au journal officiel\ndu 29 octobre 2021 ;\nArr\u00eate :\nArticle 1\ner\nD\u00e9l\u00e9gation de signature est donn\u00e9e \u00e0  Madame CAPPIOLI-FEDELE C\u00e9line et Monsieur Dorian OU MEUR,\ninspecteurs des Finances Publiques,  adjoints \u00e0 la r esponsable du service des imp\u00f4ts des particuliers d e\nMARSEILLE BORDE, \u00e0 l'effet de signer :\n1\u00b0) dans la limite de 60 000 \u20ac, en mati\u00e8re de contentieux fiscal d'assiette, les d \u00e9cisions d'admission totale,\nd'admission partielle ou de rejet, de d\u00e9gr\u00e8vement ou restitution d'office ;\n2\u00b0) en mati\u00e8re de gracieux fiscal, les d\u00e9cisions po rtant remise, mod\u00e9ration, transaction ou rejet dans  la limite\nde 60 000 \u20ac ;\n3\u00b0) les documents n\u00e9cessaires \u00e0 l'ex\u00e9cution comptable des d\u00e9cisions contentieuses et gracieuses ;\n4\u00b0) au nom et sous la responsabilit\u00e9 du comptable soussign\u00e9 :\nDRFIP PACA et des Bouches-du-Rh\u00f4ne  - 13-2026-02-02-00018 - D\u00e9l\u00e9gation de signature de la responsable du SIP de Marseille-Borde 40\na) les d\u00e9cisions relatives aux demandes de d\u00e9lai de paiement ;\nb) les avis de mise en recouvrement ;\nc) l'ensemble des actes relatifs au recouvrement, et notamment les mises en demeure de payer ;\nd) les actes de poursuites, et sans limitation de m ontant, les d\u00e9clarations de cr\u00e9ances ainsi que pour\nester en justice ;\ne) tous actes d'administration et de gestion du service.\nArticle 2\nD\u00e9l\u00e9gation de signature est donn\u00e9e \u00e0 l'effet de signer, en mati\u00e8re de contentieux fiscal d'assiette, les d\u00e9cisions\nd'admission totale, d'admission partielle ou de rejet, de d\u00e9gr\u00e8vement ou restitution d'office et, en m ati\u00e8re de\ngracieux fiscal, les d\u00e9cisions portant remise, mod\u00e9ration ou rejet aux agents d\u00e9sign\u00e9s ci-apr\u00e8s et dans la limite\npr\u00e9cis\u00e9e dans le tableau ci-dessous :\nNom et pr\u00e9nom des agents Grade Limite des d\u00e9cisions\ngracieuses\nLimite des d\u00e9cisions\ncontentieuses\nDAVID Pascal Contr\u00f4leur Principal 10 000 \u20ac 10 000 \u20ac\nPOIREY Jacqueline Contr\u00f4leur Principal 10 000 \u20ac 10 000 \u20ac\nAGUS L\u00e6titia Contr\u00f4leur 10 000 \u20ac 10 000 \u20ac\nALIBERT Sophie Contr\u00f4leur 10 000 \u20ac 10 000 \u20ac\nBARBIER-GARCIA J\u00e9r\u00e9mie Contr\u00f4leur 10 000 \u20ac 10 000 \u20ac\nBENMOUSSA Mohamed Contr\u00f4leur 10 000 \u20ac 10 000 \u20ac\nFENOLIO Florence Contr\u00f4leur 10 000 \u20ac 10 000 \u20ac\nKHEDERLIAN Laur\u00e8ne Contr\u00f4leur 10 000 \u20ac 10 000 \u20ac\nLIGAMMARI Ana\u00efs Contr\u00f4leur 10 000 \u20ac 10 000 \u20ac\nMAKHOUKHI Sabrena Contr\u00f4leur 10 000 \u20ac 10 000 \u20ac\nORTIZ Dominique Contr\u00f4leur 10 000 \u20ac 10 000 \u20ac\nROULLET Pierre Contr\u00f4leur 10 000 \u20ac 10 000 \u20ac\nARTAUD Christine Agent 2 000 \u20ac 2 000 \u20ac\nCHEMLA Jo\u00eblle Agent 2 000 \u20ac 2 000 \u20ac\nDEUDON Ludivine Agent 2 000 \u20ac 2 000 \u20ac\nGUERFI Mehdi Agent 2 000 \u20ac 2 000 \u20ac\nIMADI Soukaina Agent 2 000 \u20ac 2 000 \u20ac\nLOUAIL Lamia Agent 2 000 \u20ac 2 000 \u20ac\nMICHAELY Fatima Agent 2 000 \u20ac 2 000 \u20ac\nPINCAUT El\u00e9onore Agent 2 000 \u20ac 2 000 \u20ac\nPOISSON Alexandra Agent 2 000 \u20ac 2 000 \u20ac\nTAVAULT Alexia Agent 2 000 \u20ac 2 000 \u20ac\nWUNSCH Gr\u00e9gory Agent 2 000 \u20ac 2 000 \u20ac\nArticle 3\nD\u00e9l\u00e9gation de signature est donn\u00e9e \u00e0 l'effet de signer :\n1\u00b0) les d\u00e9cisions gracieuses, relatives aux p\u00e9nalit \u00e9s et aux frais de poursuites, portant remise, mod\u00e9 ration ou\nrejet dans la limite pr\u00e9cis\u00e9e dans le tableau ci-dessous ;\n2\u00b0) les d\u00e9cisions relatives aux demandes de d\u00e9lai d e paiement, dans les limites de dur\u00e9e et de montant\nindiqu\u00e9es dans le tableau ci-dessous ;\n3\u00b0) les actes relatifs au recouvrement : les interruptions des actes de poursuites, la d\u00e9livrance de bordereaux de\nsituation et d'attestations.\nDRFIP PACA et des Bouches-du-Rh\u00f4ne  - 13-2026-02-02-00018 - D\u00e9l\u00e9gation de signature de la responsable du SIP de Marseille-Borde 41\nNom et pr\u00e9nom des agents Grade\nLimite\ndes remises de\nmajorations\nDur\u00e9e maximale\ndes d\u00e9lais de\npaiement\nSomme maximale\npour laquelle un\nd\u00e9lai de paiement\npeut \u00eatre accord\u00e9\nDAVID Pascal Contr\u00f4leur Principal 2 000 \u20ac 12 mois 20 000 \u20ac\nPOIREY Jacqueline Contr\u00f4leur Principal 2 000 \u20ac 12 mois 20 000 \u20ac\nAGUS L\u00e6titia Contr\u00f4leur 2 000 \u20ac 12 mois 20 000 \u20ac\nALIBERT Sophie Contr\u00f4leur 800 \u20ac 12 mois 8 000 \u20ac\nBARBIER-GARCIA J\u00e9r\u00e9mie Contr\u00f4leur 800 \u20ac 12 mois 8 000 \u20ac\nBENMOUSSA Mohamed Contr\u00f4leur 800 \u20ac 12 mois 8 000 \u20ac\nFENOLIO Florence Contr\u00f4leur 800 \u20ac 12 mois 8 000 \u20ac\nKHEDERLIAN Laur\u00e8ne Contr\u00f4leur 800 \u20ac 12 mois 8 000 \u20ac\nLIGAMMARI Ana\u00efs Contr\u00f4leur 800 \u20ac 12 mois 8 000 \u20ac\nMAKHOUKHI Sabrena Contr\u00f4leur 800 \u20ac 12 mois 8 000 \u20ac\nORTIZ Dominique Contr\u00f4leur 800 \u20ac 12 mois 8 000 \u20ac\nROULLET Pierre Contr\u00f4leur 800 \u20ac 12 mois 8 000 \u20ac\nARTAUD Christine Agent 300 \u20ac 12 mois 3 000 \u20ac\nCHEMLA Jo\u00eblle Agent 300 \u20ac 12 mois 3 000 \u20ac\nDEUDON Ludivine Agent 300 \u20ac 12 mois 3 000 \u20ac\nGUERFI Mehdi Agent 300 \u20ac 12 mois 3 000 \u20ac\nIMADI Soukaina Agent 300 \u20ac 12 mois 3 000 \u20ac\nLOUAIL Lamia Agent 300 \u20ac 12 mois 3 000 \u20ac\nMICHAELY Fatima Agent 300 \u20ac 12 mois 3 000 \u20ac\nPINCAUT El\u00e9onore Agent 300 \u20ac 12 mois 3 000 \u20ac\nPOISSON Alexandra Agent 300 \u20ac 12 mois 3 000 \u20ac\nTAVAULT Alexia Agent 300 \u20ac 12 mois 3 000 \u20ac\nWUNSCH Gr\u00e9gory Agent 300 \u20ac 12 mois 3 000 \u20ac\nArticle 4\nD\u00e9l\u00e9gation de signature est donn\u00e9e \u00e0 l'effet de sig ner, dans le cadre de la mission de la cellule d'ac cueil des\nusagers des SIP Marseille PRADO et Marseille BORDE :\n1\u00b0) en mati\u00e8re de contentieux fiscal d'assiette, le s d\u00e9cisions d'admission totale, d'admission partiel le ou de\nrejet, de d\u00e9gr\u00e8vement ou restitution d'office, dans la limite pr\u00e9cis\u00e9e dans le tableau ci-apr\u00e8s ;\n2\u00b0) en mati\u00e8re de gracieux fiscal, les d\u00e9cisions portant remise, mod\u00e9ration ou rejet, dans la limite pr\u00e9cis\u00e9e dans\nle tableau ci-apr\u00e8s ;\n3\u00b0) les d\u00e9cisions relatives aux demandes de d\u00e9lai d e paiement, dans les limites de dur\u00e9e et de montant\nindiqu\u00e9es dans le tableau ci-apr\u00e8s.\nDRFIP PACA et des Bouches-du-Rh\u00f4ne  - 13-2026-02-02-00018 - D\u00e9l\u00e9gation de signature de la responsable du SIP de Marseille-Borde 42\nNoms et pr\u00e9noms\ndes agents du\nSIP MARSEILLE PRADO\nGrade\nLimite des\nd\u00e9cisions\ncontentieuses\nDur\u00e9e\nmaximale des\nd\u00e9lais de\npaiement\nSomme maximale\npour laquelle un\nd\u00e9lai de paiement\npeut \u00eatre accord\u00e9\nBERGER Liliane AFiPA 10 000 \u20ac 6 mois 5 000 \u20ac\nDABANIAN Denis Inspecteur principal 10 000 \u20ac 6 mois 5 000 \u20ac\nHACHANI Nizar Inspecteur 10 000 \u20ac 6 mois 5 000 \u20ac\nLUCIANI Laura Inspecteur 10 000 \u20ac 6 mois 5 000 \u20ac\nNADDOUR-MOUBARAK B\u00e9atrice Inspecteur 10 000 \u20ac 6 mois 5 000 \u20ac\nABDELKADER Souhib Contr\u00f4leur 5 000 \u20ac 6 mois 5 000 \u20ac\nDEBBACHE Rachid Contr\u00f4leur 5 000 \u20ac 6 mois 5 000 \u20ac\nGANA Mohamed-el-Mehdi Contr\u00f4leur 5 000 \u20ac 6 mois 5 000 \u20ac\nGARNIER-SAWICKI Catherine Contr\u00f4leur 5 000 \u20ac 6 mois 5 000 \u20ac\nLECOCQ Eve Contr\u00f4leur 5 000 \u20ac 6 mois 5 000 \u20ac\nMAYEUL Youri Contr\u00f4leur 5 000 \u20ac 6 mois 5 000 \u20ac\nROSSIGNOL Antony Contr\u00f4leur 5 000 \u20ac 6 mois 5 000 \u20ac\nBEZGIN Filiz Contractuel cat. B 5 000 \u20ac 6 mois 5 000 \u20ac\nNICATOR Laura Contractuel cat. B 5 000 \u20ac 6 mois 5 000 \u20ac\nPUGLIESE Lucas Contractuel cat. B 5 000 \u20ac 6 mois 5 000 \u20ac\nATIA Hayat Agent 2 000 \u20ac 6 mois 3 000 \u20ac\nBAZIT Marie-Th\u00e9r\u00e8se Agent 2 000 \u20ac 6 mois 3 000 \u20ac\nDAVROU Christophe Agent 2 000 \u20ac 6 mois 3 000 \u20ac\nGIALLURACHIS Michel Agent 2 000 \u20ac 6 mois 3 000 \u20ac\nHADJ-REHOUMA Doha Agent 2 000 \u20ac 6 mois 3 000 \u20ac\nISTIQUAM Fatima Agent 2 000 \u20ac 6 mois 3 000 \u20ac\nNGUEMBY Didier Agent 2 000 \u20ac 6 mois 3 000 \u20ac\nNOURI Le\u00efla Agent 2 000 \u20ac 6 mois 3 000 \u20ac\nTOURE Mabintou Agent 2 000 \u20ac 6 mois 3 000 \u20ac\nLes agents d\u00e9l\u00e9gataires ci-dessus d\u00e9sign\u00e9s peuvent prendre des d\u00e9cisions \u00e0 l'\u00e9gard des contribuables relevant de\nl'ensemble des services suivants : SIP Marseille PRADO, SIP Marseille BORDE.\nArticle 5\nLe pr\u00e9sent arr\u00eat\u00e9 sera publi\u00e9 au Recueil des Actes Administratifs du d\u00e9partement des Bouches-du-Rh\u00f4ne.\n\u00c0 Marseille, le 2 f\u00e9vrier 2026\nLa comptable, responsable du Service des Imp\u00f4ts des\nParticuliers de MARSEILLE BORDE \nSign\u00e9\nKarine PRODROMOS\nDRFIP PACA et des Bouches-du-Rh\u00f4ne  - 13-2026-02-02-00018 - D\u00e9l\u00e9gation de signature de la responsable du SIP de Marseille-Borde 43\nDRFIP PACA et des Bouches-du-Rh\u00f4ne \n13-2026-01-23-00036\nRAA CDU 013-2025-0053 PHARES ET BALISES\nDRFIP PACA et des Bouches-du-Rh\u00f4ne  - 13-2026-01-23-00036 - RAA CDU 013-2025-0053 PHARES ET BALISES 44\nExREPUBLIQUEFRAN\u00c7AISELibert\u00e9Egalit\u00e9Fraternit\u00e9\nPR\u00c9FECTURE DE LA R\u00c9GION PROVENCE-ALPES-COTE-D'AZUR\nET DU D\u00c9PARTEMENT DES BOUCHES-DU-RH\u00d4NE\nCONVENTION D'UTILISATION\nN\u00b0 013 \u2013 2025 \u20130053 du 23 janvier 2026\nIMMOBILIER TECHNIQUE - SECURITE MARITIME\nCONVENTION D'UTILISATION GLOBALE DEPARTEMENTALE\nLes soussign\u00e9s :\n1\u00b0-  L'administration  charg\u00e9e  des  domaines,  repr\u00e9sent\u00e9e  par  Madame  Catherine  BRIGANT,\nadministratrice  g\u00e9n\u00e9rale  des  Finances  publiques,  directrice  r\u00e9gionale  des  Finances  publiques  de\nProvence-Alpes-C\u00f4te d'Azur et du d\u00e9partement des Bo uches-du-Rh\u00f4ne, dont les bureaux sont situ\u00e9s 16\nrue Borde 13357  Marseille Cedex 20, stipulant en vertu de la d\u00e9l\u00e9gation de signature du pr\u00e9fet, qui l ui a\n\u00e9t\u00e9 consentie par arr\u00eat\u00e9 du 1\ner d\u00e9cembre 2025, ci-apr\u00e8s d\u00e9nomm\u00e9 le propri\u00e9taire,\nD'une part,\n2\u00b0-\n La  Direction  Interr\u00e9gionale  de  la  Mer  M\u00e9diterran\u00e9e repr\u00e9sent\u00e9e  par  Monsieur  Christophe\nLENORMAND, Directeur Interr\u00e9gional de la Mer M\u00e9dite rran\u00e9e dont les bureaux sont situ\u00e9s Direction\nInterr\u00e9gionale de la Mer M\u00e9diterran\u00e9e  , 16 rue Antoine Zattara CS 70248 13331 Marseille C edex 3 , ci-\napr\u00e8s d\u00e9nomm\u00e9e l'utilisateur, \nD'autre part,\nse sont pr\u00e9sent\u00e9s devant nous, Pr\u00e9fet du d\u00e9partemen t des Bouches-du-Rh\u00f4ne, et sont convenus du\ndispositif suivant :\nEXPOSE\nL'utilisateur a demand\u00e9, pour l'exercice de ses mis sions,  l'ensemble des immeubles techniques ayant\nune fonction de s\u00e9curit\u00e9 maritime dans le d\u00e9parteme nt des Bouches-du Rh\u00f4ne n\u00e9cessaires \u00e0 la mise en\n\u0153uvre de la politique de s\u00e9curit\u00e9 maritime d\u00e9finie au niveau national par la Direction des Affaires\nMaritimes.\nRenouvellement  de  la  convention  d'utilisation  N\u00b0  013-2016-0300  arriv\u00e9e  \u00e0  \u00e9ch\u00e9ance  le  31\nd\u00e9cembre 2024.\nCette demande est mise en \u0153uvre dans les conditions  fix\u00e9es par la pr\u00e9sente convention  et par les\ncirculaires du Premier ministre relatives \u00e0 la politique immobili\u00e8re de l'\u00c9tat.\n1/6\nDRFIP PACA et des Bouches-du-Rh\u00f4ne  - 13-2026-01-23-00036 - RAA CDU 013-2025-0053 PHARES ET BALISES 45\nCONVENTION\nArticle 1er\nObjet de la convention\nLa pr\u00e9sente convention globale d\u00e9partementale ,  conclue dans  le cadre  des dispositions  des  articles\nR.2313-1 \u00e0 R.2313-5 du Code g\u00e9n\u00e9ral de la propri\u00e9t\u00e9  des personnes publiques, a pour objet d'organiser\nla mise \u00e0 disposition de la Direction Interr\u00e9gional e de la Mer M\u00e9diterran\u00e9e pour les besoins de la mis e\nen \u0153uvre de la politique de s\u00e9curit\u00e9 maritime, d\u00e9fi nie au niveau national par la Direction des Affaire s\nMaritimes, les ensembles immobiliers d\u00e9sign\u00e9s \u00e0 l'a rticle 2 selon les modalit\u00e9s fix\u00e9es par les article s\nsuivants.\nArticle 2\nD\u00e9signation de l'immeuble\nImmeubles  appartenant  \u00e0  l'\u00c9tat,  situ\u00e9s  dans  le  d\u00e9partement  des  Bouches-du-Rh\u00f4ne figurant  sur  le\ntableau joint en annexe.\nCe tableau pr\u00e9cise, pour chaque site  : sa d\u00e9signation, ses r\u00e9f\u00e9rences Chorus Re-Fx, sa l ocalisation, les\nsurfaces de l'immeuble et les r\u00e9f\u00e9rences cadastrales du terrain (sections et num\u00e9ros).\nL'utilisateur s'engage \u00e0 tenir \u00e0 jour en lien avec le service local du Domaine les donn\u00e9es de Chorus R E-\nFx ainsi qu'\u00e0 servir et actualiser les 16 donn\u00e9es prioritaires du R\u00e9f\u00e9rentiel Technique (RT).\nSauf prescription contraire, les dispositions de la  pr\u00e9sente convention s'appliquent automatiquement aux\nconstructions nouvelles qui viendraient \u00e0 \u00eatre \u00e9dif i\u00e9es sur la d\u00e9pendance domaniale d\u00e9sign\u00e9e ci-dessus .\nLe propri\u00e9taire est inform\u00e9 de la r\u00e9alisation de to ute nouvelle construction, toute d\u00e9gradation ou usu re\ninhabituelle.\nLes biens relevant de l'immobilier technique indisp ensable \u00e0 la s\u00e9curit\u00e9 maritime rel\u00e8vent du domaine\npublic maritime artificiel.\nArticle 3\nDur\u00e9e de la convention\nLa  pr\u00e9sente  convention  est  conclue  pour  une  dur\u00e9e  de  neuf  ann\u00e9es  enti\u00e8res  et  cons\u00e9cutives  qui\ncommence le 1\ner janvier 2025 date \u00e0 laquelle les locaux sont mis \u00e0 la disposition de l'utilisateur.\nLa convention prend fin dans les conditions pr\u00e9vues \u00e0 l'article 14.\nArticle 4\n\u00c9tat des lieux\nSans objet\nArticle 5\nRatio d'occupation \n Sans objet\n2/6\nDRFIP PACA et des Bouches-du-Rh\u00f4ne  - 13-2026-01-23-00036 - RAA CDU 013-2025-0053 PHARES ET BALISES 46\nArticle 6\n\u00c9tendue des pouvoirs de l'utilisateur\n6.1. L'usage de l'immeuble objet de la pr\u00e9sente con vention est strictement r\u00e9serv\u00e9 au service d\u00e9sign\u00e9 \u00e0\nl'article 1er et pour l'objet mentionn\u00e9 au m\u00eame article.\n6.2. L'utilisateur peut d\u00e9livrer un titre d'occupat ion \u00e0 des tiers pendant la dur\u00e9e de la pr\u00e9sente con ven-\ntion, dans le respect des r\u00e8gles du Code g\u00e9n\u00e9ral de  la propri\u00e9t\u00e9 des personnes publiques. L'objet du t itre\nd'occupation devra \u00eatre conforme \u00e0 l'utilisation de  l'immeuble d\u00e9sign\u00e9 \u00e0 l'article 2 de la pr\u00e9sente\nconvention. Pr\u00e9alablement \u00e0 sa d\u00e9livrance, l'utilisateur en informe le propri\u00e9taire.\n6.3. L'ensemble des titres d'occupation en cours re latifs \u00e0 l'immeuble d\u00e9sign\u00e9 \u00e0 l'article 2, d\u00e9livr\u00e9s\nant\u00e9rieurement \u00e0 la conclusion de la convention, es t port\u00e9 \u00e0 la connaissance du propri\u00e9taire. Ces titr es\nd'occupation sont list\u00e9s au sein d'une annexe \u00e0 la pr\u00e9sente convention.\nArticle 7\nImp\u00f4ts et taxes\nL'utilisateur acquitte l'ensemble des taxes et cont ributions aff\u00e9rentes \u00e0 l'immeuble qui fait l'objet de la\npr\u00e9sente convention.\nArticle 8\nResponsabilit\u00e9\nL'utilisateur assume, sous le contr\u00f4le du propri\u00e9ta ire, l'ensemble des responsabilit\u00e9s, notamment les\ncontr\u00f4les r\u00e9glementaires,  aff\u00e9rentes \u00e0 l'immeuble d \u00e9sign\u00e9 \u00e0 l'article 2 pour la dur\u00e9e de la pr\u00e9sente\nconvention.\nArticle 9\nEntretien\nL'utilisateur supporte l'ensemble des d\u00e9penses d'en tretien courant et de petites r\u00e9parations relatives  \u00e0\nl'immeuble d\u00e9sign\u00e9 \u00e0 l'article 2.\nCes travaux s'inscrivent dans une programmation plu riannuelle pr\u00e9vue par l'utilisateur. Le propri\u00e9tair e\nest susceptible d'en demander communication \u00e0 tout moment.\nLa r\u00e9alisation des d\u00e9penses d'entretien mentionn\u00e9es  \u00e0 la charte de gestion 1  du Compte d'affectation\nsp\u00e9ciale \u00ab Gestion du patrimoine immobilier de l'\u00c9tat \u00bb  r\u00e9gi par l'article 47 de la loi de finances pour\n2006  modifi\u00e9,  \u00e0  la  charge  du  propri\u00e9taire,  est  confi\u00e9e  \u00e0  l'utilisateur  qui  les  effectue,  sous  sa\nresponsabilit\u00e9, pour le compte du propri\u00e9taire :\n\u2022 avec  les  dotations  du  Compte d'affectation  sp\u00e9ciale \u00ab Gestion  du  patrimoine immobilier  de\nl'\u00c9tat \u00bb dans  le  cadre  de  la  programmation  annuelle  \u00e9tablie par  le  responsable  du  budget\nop\u00e9rationnel de programme minist\u00e9riel ou r\u00e9gional comp\u00e9tent ;\n\u2022 avec les dotations inscrites sur son budget.\n1  La charte de gestion du Compte d'affectation sp\u00e9cia le \u00abGestion du patrimoine immobilier de l'\u00c9tat\u00bb est  disponible sur le\nportail de l'immobilier de l'\u00c9tat.\n3/6\nDRFIP PACA et des Bouches-du-Rh\u00f4ne  - 13-2026-01-23-00036 - RAA CDU 013-2025-0053 PHARES ET BALISES 47\nLorsque l'immeuble d\u00e9sign\u00e9 \u00e0 l'article 2 est lib\u00e9r\u00e9 , les d\u00e9penses de gardiennage, d'entretien et de mi se\nen s\u00e9curit\u00e9 sont assur\u00e9es par l'utilisateur pendant une dur\u00e9e d 'un an qui d\u00e9bute \u00e0 compter de la date de\nr\u00e9ception de la d\u00e9cision d'inutilit\u00e9 par le service  local du Domaine. Dans le cas o\u00f9 la d\u00e9cision d'inu tilit\u00e9\nserait prononc\u00e9e avant la lib\u00e9ration de l'immeuble, le d\u00e9lai d'un an commencera \u00e0 courir \u00e0 compter de la\ndate effective de lib\u00e9ration totale de celui-ci obl igatoirement port\u00e9e sans d\u00e9lai \u00e0 la connaissance du\nservice local du Domaine par l'utilisateur. \nAfin  de permettre le respect  des  objectifs  fix\u00e9s  dans  le cadre  de la transition  \u00e9cologique pour les\nb\u00e2timents publics, une annexe pourra \u00eatre jointe \u00e0 la pr\u00e9sente convention, visant \u00e0 d\u00e9terminer les dro its\net obligations respectifs du propri\u00e9taire et de l'u tilisateur en la mati\u00e8re et les cons\u00e9quences qui en\nr\u00e9sulteraient.\nArticle 10\nObjectifs d'am\u00e9lioration de la performance immobili\u00e8re (1)\nDans le cadre des objectifs poursuivis au titre de la Politique immobili\u00e8re de l'\u00c9tat et tels qu'expos \u00e9s au\nsein des sch\u00e9mas directeurs immobiliers r\u00e9gionaux ( SDIR) et des sch\u00e9mas pluriannuels de strat\u00e9gie\nimmobili\u00e8re  (SPSI),  l'utilisateur  s'engage  \u00e0  am\u00e9liorer  la  performance  immobili\u00e8re  de  l'immeuble\nd\u00e9sign\u00e9 \u00e0 l'article 2 de la pr\u00e9sente convention. \nL'utilisateur devra notamment veiller \u00e0 assurer une  diminution du ratio d'occupation tel que constat\u00e9 \u00e0\nl'article 5 de la pr\u00e9sente convention. Le propri\u00e9ta ire est susceptible de demander communication \u00e0 tou t\nmoment des \u00e9l\u00e9ments permettant de d\u00e9terminer le ratio d'occupation.\n(1) Immeubles \u00e0 usage de bureaux.\nArticle 11\nCo\u00fbt d'occupation domaniale hors charges (1)\nLe co\u00fbt d'occupation domaniale hors charges actuali s\u00e9 de l'immeuble d\u00e9sign\u00e9 \u00e0 l'article 2 est indiqu\u00e9\nsur l'annexe de l'article 2 jointe. Il constitue un e valeur de r\u00e9f\u00e9rence pour l'utilisateur. Ce co\u00fbt s era\nactualis\u00e9 annuellement et ne donne pas lieu \u00e0 facturation.\n(1)  Immeubles \u00e0 usage de bureaux et de logements utilis\u00e9s par les services de l'\u00c9tat.\nArticle 12\nContr\u00f4le des conditions d'occupation\nLe  propri\u00e9taire  s'assure  p\u00e9riodiquement  des  conditions  dans  lesquelles  est  entretenu  et  utilis\u00e9\nl'immeuble  remis  \u00e0  l'utilisateur.  Dans  le  cadre  des objectifs  poursuivis  au  titre  de  la  Politique\nimmobili\u00e8re de l'\u00c9tat, il v\u00e9rifie notamment :\n\u2022 l'\u00e9tat d'entretien g\u00e9n\u00e9ral de l'immeuble ;\n\u2022 les conditions d'occupation et notamment si l'ensem ble des surfaces est toujours utile \u00e0 l'utilisa-\nteur pour la r\u00e9alisation de ses missions.\n4/6\nDRFIP PACA et des Bouches-du-Rh\u00f4ne  - 13-2026-01-23-00036 - RAA CDU 013-2025-0053 PHARES ET BALISES 48\nLe contr\u00f4le aboutira \u00e0 la d\u00e9livrance par le propri\u00e9taire :\n\u2022 d'un proc\u00e8s-verbal de conformit\u00e9 si le contr\u00f4le valide les termes de la pr\u00e9sente convention ;\n\u2022 d'un avis r\u00e9serv\u00e9 lorsque les engagements de la convention ne sont pas respect\u00e9s.\nL'avis  r\u00e9serv\u00e9  engage  l'utilisateur  de  l'immeuble  \u00e0 rechercher  et  entreprendre  les  am\u00e9liorations\nattendues  en concertation  avec le propri\u00e9taire.  Dans un d\u00e9lai de 12 mois \u00e0 compter de la date de\nnotification de l'avis r\u00e9serv\u00e9, le propri\u00e9taire con vient d'une nouvelle visite avec l'utilisateur. Lor s de\ncette visite, le propri\u00e9taire s'assure que l'utilis ateur a bien mis en \u0153uvre les diligences attendues.  \u00c0\nl'issue  de  ce  d\u00e9lai,  si  l'utilisateur  ne  s'est  pas  conform\u00e9  aux  objectifs  fix\u00e9s  au  pr\u00e9alable  avec  le\npropri\u00e9taire,  le  pr\u00e9fet  pourra  prendre  des  sanctions  pouvant  aboutir  \u00e0  la  r\u00e9siliation  de  la  pr\u00e9sente\nconvention.\nEn cas d'\u00e9volutions ou incoh\u00e9rences constat\u00e9es entr e les termes de la pr\u00e9sente convention et le r\u00e9sult at\n\u00e9manant  d'un  contr\u00f4le  de  l'immeuble,  une  r\u00e9gularisation  est  syst\u00e9matiquement  op\u00e9r\u00e9e  par  voie\nd'avenant.\nArticle 13\nInventaire\nL'utilisateur de l'immeuble d\u00e9sign\u00e9 \u00e0 l'article 2 c ommunique sans d\u00e9lai au gestionnaire du r\u00e9f\u00e9rentiel\nimmobilier minist\u00e9riel comp\u00e9tent, tout \u00e9v\u00e9nement po uvant affecter durablement la valeur du bien dans\nles comptes de l'\u00c9tat, conform\u00e9ment \u00e0 l'inventaire pr\u00e9vu \u00e0 l'article 162 du d\u00e9cret n\u00b0 2012-1246 du 7\nnovembre 2012 relatif \u00e0 la gestion budg\u00e9taire et comptable publique.\nArticle 14\nTerme de la convention\n14.1. Terme de la convention :\nLa pr\u00e9sente convention prend fin de plein droit le 31 d\u00e9cembre 2033.\nElle prend \u00e9galement fin lorsque la cession de l'im meuble a \u00e9t\u00e9 d\u00e9cid\u00e9e, selon les r\u00e8gles pr\u00e9vues par le\nCode g\u00e9n\u00e9ral de la propri\u00e9t\u00e9 des personnes publiques.\n14.2. R\u00e9siliation anticip\u00e9e de la convention :\nLa convention peut \u00eatre r\u00e9sili\u00e9e avant le terme pr\u00e9vu :\na)  - en  cas  de  non-respect  par  l'utilisateur  de  l'une  de  ses  obligations  ou  de  l'un  de  ses\nengagements ;\nb)  - lorsque l'int\u00e9r\u00eat  public,  tel  qu'il  est  d\u00e9clar\u00e9  par le  pr\u00e9fet  dans  une  lettre  adress\u00e9e  aux\nsignataires de la pr\u00e9sente convention, l'exige ;\nc) -  lors de la mise en \u0153uvre par le pr\u00e9fet de la strat\u00e9gie immobili\u00e8re \u00e9labor\u00e9e au niveau r\u00e9gional\ndans le SDIR ;\nd) - lorsque le maintien dans les lieux est incompa tible avec le SPSI d'administration centrale ou\nd'op\u00e9rateur valid\u00e9 par le ministre ou en l'absence prolong\u00e9e d'\u00e9laboration d'un SPSI ;\ne) - \u00e0 l'initiative de l'utilisateur, apr\u00e8s accepta tion par le propri\u00e9taire,  moyennant le respect d'un\npr\u00e9avis de six mois sauf en cas d'urgence, adress\u00e9 aux signataires de la pr\u00e9sente convention ;\nLa r\u00e9siliation est dans tous les cas prononc\u00e9e par le pr\u00e9fet.\nUn exemplaire du pr\u00e9sent acte est conserv\u00e9 par chacun des signataires de la convention.\n*\n*  *\n5/6\nDRFIP PACA et des Bouches-du-Rh\u00f4ne  - 13-2026-01-23-00036 - RAA CDU 013-2025-0053 PHARES ET BALISES 49\nAnnexes : annexes aux articles 2 et 6.\nLe repr\u00e9sentant du service utilisateur, La repr\u00e9sentante de l'administration charg\u00e9e des\nDomaines\nPour le directeur Interr\u00e9gional de la Mer M\u00e9diterran\u00e9e\net par d\u00e9l\u00e9gation,\nsign\u00e9\nVal\u00e9rie GOUDEAU\nLa directrice r\u00e9gionale des Finances publiques\nde Provence-Alpes-C\u00f4te d'Azur et du\nd\u00e9partement des Bouches-du-Rh\u00f4ne\nsign\u00e9\nCatherine BRIGANT\nPour le pr\u00e9fet de la r\u00e9gion Provence-Alpes-C\u00f4te d'Azur, pr\u00e9fet des Bouches-du-Rh\u00f4ne et par d\u00e9l\u00e9gation,\nLe Secr\u00e9taire G\u00e9n\u00e9ral\nsign\u00e9\nFr\u00e9d\u00e9ric POISOT\n6/6\nDRFIP PACA et des Bouches-du-Rh\u00f4ne  - 13-2026-01-23-00036 - RAA CDU 013-2025-0053 PHARES ET BALISES 50\nNOM DU SITE Immobilier technique relevant de la s\u00e9curit\u00e9 Maritime \u2013 Phares et Balises Date prise d'effet de la convention : 01/01/25\nUTILISATEUR\nADRESSE Dur\u00e9e (par d\u00e9faut) : 9\nLOCALITE\nCODE POSTAL Date de fin de la convention : 31/12/33\nDEPARTEMENT Bouches du rh\u00f4ne\nREF CADASTRALES\nEMPRISE (m\u00b2)\n(1) Ce ratio moyen est d\u00e9termin\u00e9 \u00e0 partir des immeubles \u00e0 usage de bureaux exclusivement (colonnes M, N et O)\nSDP GLOBALE m\u00b2 (2) Classification de l'immeuble au sens de Chorus RE-Fx / Infocentre (bureau, logement, b\u00e2timent technique,\u2026)\nSUB GLOBALE 3832 m\u00b2\nRATIO MOYEN (1) m\u00b2 SUB/R\u00e9sident\n(4) Valeur en \u20ac / m\u00b2 pour les immeubles \u00e0 usage de bureaux et de logement utilis\u00e9s par un service de l'\u00c9tat (\u00e9tablissements publics nationaux non concern\u00e9s par le dispositif)\nTABLEAU RECAPITULATIF\nIDENTIFICATION DE LA SURFACE MESURAGES \nCODHC (4)\nColonnes M, N et O \u00e0 renseigner exclusivement pour les immeubles \u00e0 usage de bureaux\n1 130708 187575 3 130708/187575/3 FEU DE SOURDARAS aire am\u00e9nag\u00e9e= 29m\u00b2 Lieu-dit feu de Sourdaras 13007 Marseille DOMAINE PUBLIC MARITIME\n2 130753 184968 3 130753/184968/3 PHARE DE FARAMAN aire am\u00e9nag\u00e9e=327m\u00b2 Lieu-dit quartier de Faraman 13200 Arles RK 0003\n3 131184 181066 3 131184/181066/3 PHARE DU CAP COURONNE aire am\u00e9nag\u00e9e=184,55m\u00b2 Lieu-dit pointe riche 13500 Martigues CV004\n4 131184 378008 6 131184/378008/6 PHARE DU CAP COURONNE Lieu-dit pointe riche 13500 Ma rtigues CV004 20\n5 131386 202546 5 131386/202546/5 FEU DE LA JETEE aire am\u00e9nag\u00e9e= 2m\u00b2 Lieu-dit le port 13600 La Ciotat DOMAINE PUBLIC MARITIME\n6 131386 206553 4 131386/206553/4 FEU DE LA DIGUE aire am\u00e9nag\u00e9e= 16m\u00b2 Lieu-dit le port 13600 La Ciotat DOMAINE PUBLIC MARITIME\n7 131390 177394 3 131390/177394/3 CHATEAU D'IF aire am\u00e9nag\u00e9e= 8m\u00b2 Lieu-dit ile d'If 13007 Marseille DOMAINE PUBLIC MARITIME\n8 131446 181469 3 131446/181469/3 PHARE SAINT GERVAIS aire am\u00e9nag\u00e9e= 103m\u00b2 Lieu-dit Saint-Gervais 13270 Fos-sur-mer BN 101-BN 1 02\n9 131447 173418 3 131447/173418/3 PHARE DE BEAUDUC aire am\u00e9nag\u00e9e= 214m\u00b2 Lieu-dit pointe du sablon 13200 Arles RD 0002\n10 131492 200259 3 131492/200259/3 ILE DE PLANIER aire am\u00e9nag\u00e9e= 1560m\u00b2 ile du planier 13007 marseille 831 B 004\n11 131669 206784 5 131669/206784/5 FEU du M\u00f4le BEROUARD aire am\u00e9nag\u00e9e= 16m\u00b2 Lieu-dit le port 13600 La Ciotat DOMAINE PUBLIC MARITIME\n12 131692 183096 3 131692/183096/3 FEU DES TROIS FRERES aire am\u00e9nag\u00e9e= 2m\u00b2 Lieu-dit la Mede 13220 chateauneuf les martigues DOMAINE PUBLIC MARITIME\n13 131739 197008 3 131739/197008/3 TOURELLE DU CANOUBIER aire am\u00e9nag\u00e9e= 1m\u00b2 Lieu-dit rade du canoubier 13007 marseille DOMAINE PUBLIC MARITIME\n14 134195 180890 4 134195/180890/4 FEU DIGUE DES PECHEURS aire am\u00e9nag\u00e9e= 1m\u00b2  Lieu-dit le port 13110 Port de bouc DOMAINE PUBLIC MARITIME\n18 134195 189630 5 134195/189630/5 TOURELLE MOLE DE BOUC  Lieu-dit le port 13110 Port d e bouc DOMAINE PUBLIC MARITIME\n15 134231 202021 5 134231/202021/5 FEU DE PLAISANCE DU FRIOUL aire am\u00e9nag\u00e9e= 1m\u00b2 quai du port ile ratonneau 13007 marseille 831 A 003 - A 064\n16 134648 179532 5 134648/179532/5 PORT DE SAUSSET LES PINS aire am\u00e9nag\u00e9e= 3m\u00b2 Lieu-dit le village 13960 Sausset les pins DOMAINE PUBLIC MARITIME\n17 145001 202010 5 145001/202010/5 PHARES ET FEU aire am\u00e9nag\u00e9e= 9m\u00b2 Liau-dit le port 13260 Cassis DOMAINE PUBLIC MARITIME\n19 141631 180939 3 141631/180939/3 Centre intervention Polmar Rue de la R\u00e9publique 1311 0 Port de Bouc AA 210 1050\n20 141631 377719 7 141631/377719/7 Centre intervention Polmar 2 Rue de la R\u00e9publique 13 110 Port de Bouc AA 210 420\n21 141631 377720 9 141631/377720/9 Centre intervention Polmar-logement Rue de la R\u00e9publ ique 13110 Port de Bouc AA210 107\n22 108596 365224 3 108596/365224/3 Centre de balisage de Marseille Digue du Large 13015  Marseille 807 L 001 1585\n23 108596 204117 6 108596/204117/6 Centre de balisage de Marseille aire am\u00e9nag\u00e9e= 2000 m\u00b2 Digue du Large 13002 Marseille 807 L 001 650\n24 224324 544658 4 224324/544658/4 Tourelle de la Cassidaigne aire am\u00e9nag\u00e9e= 33 m\u00b2 13260 Cassis DOMAINE PUBLIC MARITIME\n25\n26\nANNEXE DE LA CONVENTION n\u00b0 013-2025-0053\n(Immeubles regroup\u00e9s sur un m\u00eame site)\n(3) Pour d\u00e9terminer le ratio d'optimisation immobili\u00e8re (ratio d'occupation), prendre au num\u00e9rateur la SUB mise \u00e0 disposition de l'utilisateur diminu\u00e9e, le cas \u00e9ch\u00e9ant, des surfaces occup\u00e9es par des tiers \u00e0 l'\u00c9tat \n(colonne M) et, au d\u00e9nominateur, le nombre de r\u00e9sident(s) relatif \u00e0 l'utilisateur (\u00e0 l'exclusion donc des effectifs des \u00e9ventuels tiers \u00e0 l'\u00c9tat)\nDate de sortie \nanticip\u00e9e du \nb\u00e2timent \nN\u00b0 CHORUS de l'Unit\u00e9 \n\u00e9conomique (site)\nN\u00b0 CHORUS de l'immeuble \n(composant)\nN\u00b0 CHORUS de la surface \nlou\u00e9e (SL)\nIdentifiant Chorus \ncomplet\nD\u00e9signation g\u00e9n\u00e9rale \n(b\u00e2timent, terrain)\nD\u00e9signation surface \nlou\u00e9e\nAdresse\n(facultatif, si diff\u00e9rente du site)\nR\u00e9f. cadastrales\n(facultatif, si diff\u00e9rentes \ndu site)\nType d'immeuble \n(2) \nSDP\n(en m\u00b2)\nSUB \u00e0 disposition du titulaire \nde la CDU\n(en m\u00b2)\nSUB diminu\u00e9e des surfaces \noccup\u00e9es par des tiers \u00e0 l'\u00c9tat \n(en m\u00b2) \nNombre de \nr\u00e9sidents\nRatio d'occupation \nSUB / R\u00e9sident (3)\nDRFIP PACA et des Bouches-du-Rh\u00f4ne  - 13-2026-01-23-00036 - RAA CDU 013-2025-0053 PHARES ET BALISES 51\nNOM DU SITE Immobilier technique relevant de la s\u00e9curit\u00e9 Maritime \u2013 Phares et Balises Date prise d'effet de la convention : 01/01/25\nUTILISATEUR\nADRESSE Dur\u00e9e (par d\u00e9faut) : 9\nLOCALITE\nCODE POSTAL Date de fin de la convention : 31/12/33\nDEPARTEMENT Bouches du rh\u00f4ne\nREF CADASTRALES\nEMPRISE (m2)\nTABLEAU RECAPITULATIF\nNature de l'occupation Dur\u00e9e du titre d'occupation Surface occup\u00e9e Num\u00e9ro d e dossier Gide \nN\u00e9ant \nANNEXE DE L'ARTICLE 6  LA CONVENTION n\u00b0 013-2025-0053\nListe des titres d'occupation\nNature du Titre \nd'occupation\nD\u00e9signation du \nPermissionnaire\nDate de prise d'effet du titre \nd'occupation\nDate de fin du titre \nd'occupation\nMontant annuel de la \nredevance\nDRFIP PACA et des Bouches-du-Rh\u00f4ne  - 13-2026-01-23-00036 - RAA CDU 013-2025-0053 PHARES ET BALISES 52\nPr\u00e9fecture des Bouches-du-Rhone\n13-2026-02-02-00021\nARR\u00caT\u00c9 du 02 FEVRIER 2026\nportant modification de l'habilitation N\u00b0\n25-13-0118 de l'\u00e9tablissement secondaire de la\nSAS d\u00e9nomm\u00e9e  \u00ab\u00a0OGF - SERVICES FUNERAIRES\n\u00bb, exploit\u00e9 sous le nom commercial \n\u00ab POMPES FUNEBRES ET MARBRERIE GERARD\nJOURDAN - PFG\u00a0\u00bb \nsis \u00e0 Les Pennes-Mirabeau (13170), dans le\ndomaine fun\u00e9raire\nPr\u00e9fecture des Bouches-du-Rhone - 13-2026-02-02-00021 - ARR\u00caT\u00c9 du 02 FEVRIER 2026\nportant modification de l'habilitation N\u00b0 25-13-0118 de l'\u00e9tablissement secondaire de la SAS d\u00e9nomm\u00e9e  \u00ab\u00a0OGF - SERVICES\nFUNERAIRES \u00bb, exploit\u00e9 sous le nom commercial \n\u00ab POMPES FUNEBRES ET MARBRERIE GERARD JOURDAN - PFG\u00a0\u00bb \nsis \u00e0 Les Pennes-Mirabeau (13170), dans le domaine fun\u00e9raire\n53\nPREFETDES BOUCHES-DU-RHONELibert\u00e9Egalit\u00e9Fraternit\u00e9\nDIRECTION DE LA CITOYENNETE\nDE LA LEGALITE ET DE L'ENVIRONNEMENT\nBureau des \u00e9lections et de la r\u00e9glementation\nDCLE/BER/FUN/BC/2026/RAA N\u00b0                            \nARR\u00caT\u00c9 du 02 FEVRIER 2026\nportant modification de l'habilitation N\u00b0 25-13-0118 de l'\u00e9tablissement secondaire de la SAS \nd\u00e9nomm\u00e9e  \u00ab OGF - SERVICES FUNERAIRES \u00bb, exploit\u00e9 sous le nom commercial \n\u00ab POMPES FUNEBRES ET MARBRERIE GERARD JOURDAN \u2013 PFG \u00bb \nsis \u00e0 Les Pennes-Mirabeau (13170), dans le domaine fun\u00e9raire\n \n        Le pr\u00e9fet de la r\u00e9gion Provence-Alpes-C\u00f4te d'Azur\n         pr\u00e9fet de la zone de d\u00e9fense et de s\u00e9curit\u00e9 Sud\n                       pr\u00e9fet des Bouches-du-Rh\u00f4ne\nVu le code g\u00e9n\u00e9ral des collectivit\u00e9s territoriales (CGCT), notamment les articles L2223-19 et  L2223-\n23 ;\nVu la loi n\u00b02008-1350 du 19 d\u00e9cembre 2008 relative \u00e0 la l\u00e9gislation fun\u00e9raire ;\nVu l'ordonnance n\u00b0 2005-855 du 28 juillet 2005 relative aux op\u00e9rations fun\u00e9raires, notamment l'article \n1 - \u00a7 IV ;\nVu le d\u00e9cret n\u00b0 2004-374 du 29 avril 2004 relatif aux pouvoirs des pr\u00e9fets, \u00e0 l'organisation et \u00e0 l'action  \ndes services de l'Etat dans les r\u00e9gions et d\u00e9partements ;\nVu le d\u00e9cret du 19 novembre 2025 portant nomination de monsieur Jacques WITKOWSKI en qualit\u00e9  \nde pr\u00e9fet de la r\u00e9gion Provence-Alpes-C\u00f4te d'Azur, pr\u00e9fet de la zone de d\u00e9fense et de s\u00e9curit\u00e9 Sud,  \npr\u00e9fet des Bouches-du-Rh\u00f4ne ;\nVu le d\u00e9cret du 31 janvier 2025 portant nomination de monsieur Fr\u00e9d\u00e9ric POISOT en qualit\u00e9 de  \nsecr\u00e9taire g\u00e9n\u00e9ral de la pr\u00e9fecture des Bouches-du-Rh\u00f4ne, sous-pr\u00e9fet de Marseille ;\nVu le d\u00e9cret n\u00b02012-608 du 30 avril 2012 relatif aux dipl\u00f4mes dans le secteur fun\u00e9raire ;\nVu l'arr\u00eat\u00e9 du 30 avril 2012 portant application du d\u00e9cret susvis\u00e9 ;\nVu le d\u00e9cret n\u00b02020-917 du 28 juillet 2020 relatif \u00e0 la dur\u00e9e de l'habilitation dans le secteur fun\u00e9raire ;\nVu l'arr\u00eat\u00e9 du Pr\u00e9fet des Bouches-du-Rh\u00f4ne du 23 octobre 2025 portant habilitation dans le domaine  \nfun\u00e9raire sous le n\u00b0 25-13-0118  de l'\u00e9tablissement secondaire de la soci\u00e9t\u00e9 \u00ab  OGF \u00bb exploit\u00e9 sous le  \nnom commercial \u00ab  POMPES FUNEBRES ET MARBRERIE GERARD JOURDAN - PFG  \u00bb sis 129-131 avenue  \nFran\u00e7ois Miterrand \u00e0 Les Pennes-Mirabeau (13170) jusqu'au 23 OCTOBRE 2030 ;\nVu la demande re\u00e7ue le 02 f\u00e9vrier 2026 de M. Thierry BRETEAU, directeur de secteur op\u00e9rationnel  \nsollicitant la modification de l'habilitation susvis\u00e9e suite au changement de d\u00e9nomination sociale du  \nsi\u00e8ge social du groupe OGF ;\nConsid\u00e9rant l'extrait KBIS du Greffe du Tribunal de Commerce de Marseille du 10 novembre 2025  \nattestant  du  changement  de  raison  sociale  du  si\u00e8ge  d\u00e9sormais  d\u00e9nomm\u00e9  \u00ab  OGF  -  SERVICES  \nFUNERAIRES \u00bb ;\nPr\u00e9fecture des Bouches-du-Rhone - 13-2026-02-02-00021 - ARR\u00caT\u00c9 du 02 FEVRIER 2026\nportant modification de l'habilitation N\u00b0 25-13-0118 de l'\u00e9tablissement secondaire de la SAS d\u00e9nomm\u00e9e  \u00ab\u00a0OGF - SERVICES\nFUNERAIRES \u00bb, exploit\u00e9 sous le nom commercial \n\u00ab POMPES FUNEBRES ET MARBRERIE GERARD JOURDAN - PFG\u00a0\u00bb \nsis \u00e0 Les Pennes-Mirabeau (13170), dans le domaine fun\u00e9raire\n54\nConsid\u00e9rant que le dossier de demande de modification est complet ;\nSur proposition du secr\u00e9taire g\u00e9n\u00e9ral de la pr\u00e9fecture des Bouches-du-Rh\u00f4ne ;\nARR\u00caTE\nArticle  1  er     :  Les  dispositions  de  l'article  1  de  l'arr\u00eat\u00e9  pr\u00e9fectoral  n\u00b0  25-13-0118  sont  modifi\u00e9es  et \nremplac\u00e9es par les dispositions suivantes  : \n\u00ab L'\u00e9tablissement secondaire de la SAS d\u00e9nomm\u00e9e \u00ab  OGF \u2013 SERVICES FUNERAIRES \u00bb, exploit\u00e9 sous le \nnom commercial \u00ab POMPES FUNEBRES ET MARBRERIE GERARD JOURDAN - PFG  \u00bb sis 129-131 avenue  \nFran\u00e7ois Miterrand \u00e0 Les Pennes-Mirabeau (13170) , dirig\u00e9 par M. Thierry BRETEAU directeur de secteur  \nop\u00e9rationnel,est habilit\u00e9 sous le N\u00b0 25-13-0118 \u00e0 compter de la date du pr\u00e9sent arr\u00eat\u00e9, pour exercer  \nsur l'ensemble du territoire national les activit\u00e9s fun\u00e9raires suivantes :\n\u27a2 Jusqu'au 23 octobre 2030  :\n\uf0d8 transport des corps avant et apr\u00e8s mise en bi\u00e8re\n\uf0d8 organisation des obs\u00e8ques\n\uf0d8 soins de conservation (en sous-traitance)\n\uf0d8 fourniture  de  housses,  des  cercueils  et  de  leurs  accessoires  int\u00e9rieurs  et  \next\u00e9rieurs ainsi que des urnes cin\u00e9raires\n\uf0d8 fourniture des corbillards et des voitures de deuil\n\uf0d8 fourniture de personnel, des objets et prestations n\u00e9cessaires aux obs\u00e8ques,  \ninhumations, exhumations et cr\u00e9mations \u00bb\nArticle  2  :  Les  dispositions  de  l'article  2  de  l'arr\u00eat\u00e9  pr\u00e9fectoral  n\u00b0  25-13-0118  sont  modifi\u00e9es  et \nremplac\u00e9es par les dispositions suivantes  : \n\u00abL'habilitation est accord\u00e9e jusqu'au 23 octobre 2030. La demande de renouvellement devra \u00eatre  \neffectu\u00e9e deux mois avant son \u00e9ch\u00e9ance\u00bb.\nArticle 3  : Le reste de l'arr\u00eat\u00e9 n\u00b0 25-13-0118 est sans changement.\nArticle 4  :  La pr\u00e9sente d\u00e9cision peut faire l'objet, dans un d\u00e9lai de deux mois \u00e0 compter de sa  \nnotification,  d'un  recours  gracieux  aupr\u00e8s  de  mes  services,  d'un  recours  hi\u00e9rarchique  aupr\u00e8s  de \nmonsieur  le  ministre  de  l'int\u00e9rieur,  d'un  recours  contentieux  devant  le  tribunal  administratif  de \nMarseille (31 rue Jean-Fran\u00e7ois LECA, 13002 Marseille)  ; la juridiction administrative comp\u00e9tente peut  \naussi \u00eatre saisie par l'application T\u00e9l\u00e9recours accessible \u00e0 partir du site www.telerecours.fr.\nArticle  5 :  Le  secr\u00e9taire  g\u00e9n\u00e9ral  de  la  pr\u00e9fecture  des  Bouches-du-Rh\u00f4ne,  le  sous-pr\u00e9fet  d'Aix-en-\nProvence, le directeur d\u00e9partemental de la s\u00e9curit\u00e9 publique des Bouches-du-Rh\u00f4ne sont charg\u00e9s,  \nchacun en ce qui le concerne, de l'ex\u00e9cution du pr\u00e9sent arr\u00eat\u00e9 qui sera publi\u00e9 au recueil des actes  \nadministratifs.\nFait \u00e0 Marseille, le 02 FEVRIER 2026\n                           Pour le pr\u00e9fet,\nL'adjointe au chef de bureau\n                    SIGNE\nVirginie DUPOUY-RAVETLLAT\nPr\u00e9fecture des Bouches-du-Rhone - 13-2026-02-02-00021 - ARR\u00caT\u00c9 du 02 FEVRIER 2026\nportant modification de l'habilitation N\u00b0 25-13-0118 de l'\u00e9tablissement secondaire de la SAS d\u00e9nomm\u00e9e  \u00ab\u00a0OGF - SERVICES\nFUNERAIRES \u00bb, exploit\u00e9 sous le nom commercial \n\u00ab POMPES FUNEBRES ET MARBRERIE GERARD JOURDAN - PFG\u00a0\u00bb \nsis \u00e0 Les Pennes-Mirabeau (13170), dans le domaine fun\u00e9raire\n55\nPr\u00e9fecture des Bouches-du-Rhone\n13-2026-02-02-00020\nARR\u00caT\u00c9 du 02 FEVRIER 2026\nportant modification de l'habilitation N\u00b0\n25-13-0573 de l'\u00e9tablissement secondaire de la\nSAS d\u00e9nomm\u00e9e \u00ab\u00a0OGF - SERVICES FUNERAIRES\n\u00bb exploit\u00e9 sous le nom commercial \u00ab MAISON\nFUNERAIRE \u00bb sis \u00e0 Les Pennes-Mirabeau\n(13170),dans le domaine fun\u00e9raire \nPr\u00e9fecture des Bouches-du-Rhone - 13-2026-02-02-00020 - ARR\u00caT\u00c9 du 02 FEVRIER 2026\nportant modification de l'habilitation N\u00b0 25-13-0573 de l'\u00e9tablissement secondaire de la SAS d\u00e9nomm\u00e9e \u00ab\u00a0OGF - SERVICES\nFUNERAIRES \u00bb exploit\u00e9 sous le nom commercial \u00ab MAISON FUNERAIRE \u00bb sis \u00e0 Les Pennes-Mirabeau (13170),dans le domaine fun\u00e9raire \n56\nPREFETDES BOUCHES-DU-RHONELibert\u00e9Egalit\u00e9Fraternit\u00e9\nDIRECTION DE LA CITOYENNETE\nDE LA LEGALITE ET DE L'ENVIRONNEMENT\nBureau des \u00e9lections et de la r\u00e9glementation\nDCLE/BER/FUN/BC/2026/RAA N\u00b0                            \nARR\u00caT\u00c9 du 02 FEVRIER 2026\nportant modification de l'habilitation N\u00b0 25-13-0573 de l'\u00e9tablissement secondaire de la SAS \nd\u00e9nomm\u00e9e \u00ab OGF - SERVICES FUNERAIRES \u00bb exploit\u00e9 sous le nom commercial \u00ab MAISON \nFUNERAIRE \u00bb sis \u00e0 Les Pennes-Mirabeau (13170),dans le domaine fun\u00e9raire \n \n        Le pr\u00e9fet de la r\u00e9gion Provence-Alpes-C\u00f4te d'Azur\n         pr\u00e9fet de la zone de d\u00e9fense et de s\u00e9curit\u00e9 Sud\n                       pr\u00e9fet des Bouches-du-Rh\u00f4ne\n            \nVu le code g\u00e9n\u00e9ral des collectivit\u00e9s territoriales (CGCT), notamment les articles L2223-19 et  L2223-\n23 ;\nVu la loi n\u00b02008-1350 du 19 d\u00e9cembre 2008 relative \u00e0 la l\u00e9gislation fun\u00e9raire ;\nVu l'ordonnance n\u00b0 2005-855 du 28 juillet 2005 relative aux op\u00e9rations fun\u00e9raires, notamment l'article \n1 - \u00a7 IV ;\nVu le d\u00e9cret n\u00b0 2004-374 du 29 avril 2004 relatif aux pouvoirs des pr\u00e9fets, \u00e0 l'organisation et \u00e0 l'action  \ndes services de l'Etat dans les r\u00e9gions et d\u00e9partements ;\nVu le d\u00e9cret du 19 novembre 2025 portant nomination de monsieur Jacques WITKOWSKI en qualit\u00e9  \nde pr\u00e9fet de la r\u00e9gion Provence-Alpes-C\u00f4te d'Azur, pr\u00e9fet de la zone de d\u00e9fense et de s\u00e9curit\u00e9 Sud,  \npr\u00e9fet des Bouches-du-Rh\u00f4ne ;\nVu le d\u00e9cret du 31 janvier 2025 portant nomination de monsieur Fr\u00e9d\u00e9ric POISOT en qualit\u00e9 de  \nsecr\u00e9taire g\u00e9n\u00e9ral de la pr\u00e9fecture des Bouches-du-Rh\u00f4ne, sous-pr\u00e9fet de Marseille ;\nVu le d\u00e9cret n\u00b02012-608 du 30 avril 2012 relatif aux dipl\u00f4mes dans le secteur fun\u00e9raire ;\nVu l'arr\u00eat\u00e9 du 30 avril 2012 portant application du d\u00e9cret susvis\u00e9 ;\nVu le d\u00e9cret n\u00b02020-917 du 28 juillet 2020 relatif \u00e0 la dur\u00e9e de l'habilitation dans le secteur fun\u00e9raire ;\nVu l'arr\u00eat\u00e9 du Pr\u00e9fet des Bouches-du-Rh\u00f4ne du 27 octobre 2025 portant habilitation dans le domaine  \nfun\u00e9raire sous le n\u00b0 25-13-0573  de l'\u00e9tablissement secondaire de la soci\u00e9t\u00e9 \u00ab  OGF \u00bb exploit\u00e9 sous le  \nnom commercial \u00ab  MAISON FUNERAIRE  \u00bb sis 6 all\u00e9e de la Billonne \u00e0 Les Pennes-Mirabeau (13170)  \njusqu'au 27 OCTOBRE 2030 ;\nVu la demande re\u00e7ue le 02 f\u00e9vrier 2026 de M. Thierry BRETEAU, directeur de secteur op\u00e9rationnel  \nsollicitant la modification de l'habilitation susvis\u00e9e suite au changement de d\u00e9nomination sociale du  \nsi\u00e8ge social du groupe OGF ;\nConsid\u00e9rant l'extrait KBIS du Greffe du Tribunal de Commerce de Marseille du 10 novembre 2025  \nattestant  du  changement  de  raison  sociale  du  si\u00e8ge  d\u00e9sormais  d\u00e9nomm\u00e9  \u00ab  OGF  -  SERVICES  \nFUNERAIRES \u00bb ;\nPr\u00e9fecture des Bouches-du-Rhone - 13-2026-02-02-00020 - ARR\u00caT\u00c9 du 02 FEVRIER 2026\nportant modification de l'habilitation N\u00b0 25-13-0573 de l'\u00e9tablissement secondaire de la SAS d\u00e9nomm\u00e9e \u00ab\u00a0OGF - SERVICES\nFUNERAIRES \u00bb exploit\u00e9 sous le nom commercial \u00ab MAISON FUNERAIRE \u00bb sis \u00e0 Les Pennes-Mirabeau (13170),dans le domaine fun\u00e9raire \n57\nConsid\u00e9rant que le dossier de demande de modification est complet ;\nSur proposition du secr\u00e9taire g\u00e9n\u00e9ral de la pr\u00e9fecture des Bouches-du-Rh\u00f4ne ;\nARR\u00caTE\nArticle  1  er     :  Les  dispositions  de  l'article  1  de  l'arr\u00eat\u00e9  pr\u00e9fectoral  n\u00b0  25-13-0573  sont  modifi\u00e9es  et \nremplac\u00e9es par les dispositions suivantes  : \n\u00abL'\u00e9tablissement secondaire de la SAS d\u00e9nomm\u00e9e \u00ab  OGF \u2013 SERVICES FUNERAIRES  \u00bb, exploit\u00e9 sous le  \nnom commercial \u00ab   MAISON FUNERAIRE  \u00bb sis 6 all\u00e9e de la Billone \u00e0 Les Pennes-Mirabeau (13170),  \ndirig\u00e9  par  M.  Thierry  BRETEAU  directeur  de  secteur  op\u00e9rationnel,  est  habilit\u00e9  sous  le\nN\u00b0 25-13-0573  \u00e0 compter de la date du pr\u00e9sent arr\u00eat\u00e9, pour exercer sur l'ensemble du territoire  \nnational les activit\u00e9s fun\u00e9raires suivantes :\n\u27a2 Jusqu'au 27 octobre 2030  :\n\uf0d8 gestion et utilisation d'une chambre fun\u00e9raire\nArticle  2  :  Les  dispositions  de  l'article  2  de  l'arr\u00eat\u00e9  pr\u00e9fectoral  n\u00b0  25-13-0573  sont  modifi\u00e9es  et \nremplac\u00e9es par les dispositions suivantes  : \n\u00abL'habilitation est accord\u00e9e jusqu'au 27 octobre 2030. La demande de renouvellement devra \u00eatre  \neffectu\u00e9e deux mois avant son \u00e9ch\u00e9ance\u00bb.\nArticle 3  : Le reste de l'arr\u00eat\u00e9 n\u00b0 25-13-0573 est sans changement.\nArticle 4  :  La pr\u00e9sente d\u00e9cision peut faire l'objet, dans un d\u00e9lai de deux mois \u00e0 compter de sa  \nnotification,  d'un  recours  gracieux  aupr\u00e8s  de  mes  services,  d'un  recours  hi\u00e9rarchique  aupr\u00e8s  de \nmonsieur  le  ministre  de  l'int\u00e9rieur,  d'un  recours  contentieux  devant  le  tribunal  administratif  de \nMarseille (31 rue Jean-Fran\u00e7ois LECA, 13002 Marseille)  ; la juridiction administrative comp\u00e9tente peut  \naussi \u00eatre saisie par l'application T\u00e9l\u00e9recours accessible \u00e0 partir du site www.telerecours.fr.\nArticle  5 :  Le  secr\u00e9taire  g\u00e9n\u00e9ral  de  la  pr\u00e9fecture  des  Bouches-du-Rh\u00f4ne,  le  sous-pr\u00e9fet  d'Aix-en-\nProvence, le directeur d\u00e9partemental de la s\u00e9curit\u00e9 publique des Bouches-du-Rh\u00f4ne sont charg\u00e9s,  \nchacun en ce qui le concerne, de l'ex\u00e9cution du pr\u00e9sent arr\u00eat\u00e9 qui sera publi\u00e9 au recueil des actes  \nadministratifs.\nFait \u00e0 Marseille, le 02 FEVRIER 2026\n                           Pour le pr\u00e9fet,\nL'adjointe au chef de bureau\n                    SIGNE\nVirginie DUPOUY-RAVETLLAT\nPr\u00e9fecture des Bouches-du-Rhone - 13-2026-02-02-00020 - ARR\u00caT\u00c9 du 02 FEVRIER 2026\nportant modification de l'habilitation N\u00b0 25-13-0573 de l'\u00e9tablissement secondaire de la SAS d\u00e9nomm\u00e9e \u00ab\u00a0OGF - SERVICES\nFUNERAIRES \u00bb exploit\u00e9 sous le nom commercial \u00ab MAISON FUNERAIRE \u00bb sis \u00e0 Les Pennes-Mirabeau (13170),dans le domaine fun\u00e9raire \n58\nPr\u00e9fecture des Bouches-du-Rhone\n13-2026-02-02-00019\nRR\u00caT\u00c9 du 02 FEVRIER 2026\nportant habilitation sous le n\u00b0 26-13-0588 de la\nsoci\u00e9t\u00e9 d\u00e9nomm\u00e9e \n\u00ab\u00a0POMPES FUNEBRES NOUR EL ISLAM\u00a0\u00bb sise \u00e0\nMarseille (13003), dans le domaine fun\u00e9raire\nPr\u00e9fecture des Bouches-du-Rhone - 13-2026-02-02-00019 - RR\u00caT\u00c9 du 02 FEVRIER 2026\nportant habilitation sous le n\u00b0 26-13-0588 de la soci\u00e9t\u00e9 d\u00e9nomm\u00e9e \n\u00ab\u00a0POMPES FUNEBRES NOUR EL ISLAM\u00a0\u00bb sise \u00e0 Marseille (13003), dans le domaine fun\u00e9raire\n59\nPREFETDES BOUCHES-DU-RHONELibert\u00e9Egalit\u00e9Fraternit\u00e9\nDIRECTION DE LA CITOYENNETE\nDE LA LEGALITE ET DE L'ENVIRONNEMENT\nBureau des \u00e9lections et de la r\u00e9glementation\nDCLE/BER/FUN/BC/2026/RAA N\u00b0                            \nARR\u00caT\u00c9 du 02 FEVRIER 2026\nportant habilitation sous le n\u00b0 26-13-0588 de la soci\u00e9t\u00e9 d\u00e9nomm\u00e9e \n\u00ab POMPES FUNEBRES NOUR EL ISLAM \u00bb sise \u00e0 Marseille (13003), dans le domaine fun\u00e9raire\nLe pr\u00e9fet de la r\u00e9gion Provence-Alpes-C\u00f4te d'Azur\n         pr\u00e9fet de la zone de d\u00e9fense et de s\u00e9curit\u00e9 Sud\n                       pr\u00e9fet des Bouches-du-Rh\u00f4ne\n              \nVu le code g\u00e9n\u00e9ral des collectivit\u00e9s territoriales (CGCT), notamment les articles L2223-19 et  L2223-\n23 ;\nVu la loi n\u00b02008-1350 du 19 d\u00e9cembre 2008 relative \u00e0 la l\u00e9gislation fun\u00e9raire ;\nVu l'ordonnance n\u00b0 2005-855 du 28 juillet 2005 relative aux op\u00e9rations fun\u00e9raires, notamment l'article \n1 - \u00a7 IV ;\nVu le d\u00e9cret n\u00b0 2004-374 du 29 avril 2004 relatif aux pouvoirs des pr\u00e9fets, \u00e0 l'organisation et \u00e0 l'action  \ndes services de l'Etat dans les r\u00e9gions et d\u00e9partements ;\nVu le d\u00e9cret du 19 novembre 2025 portant nomination de monsieur Jacques WITKOWSKI en qualit\u00e9  \nde pr\u00e9fet de la r\u00e9gion Provence-Alpes-C\u00f4te d'Azur, pr\u00e9fet de la zone de d\u00e9fense et de s\u00e9curit\u00e9 Sud,  \npr\u00e9fet des Bouches-du-Rh\u00f4ne ;\nVu le d\u00e9cret du 31 janvier 2025 portant nomination de monsieur Fr\u00e9d\u00e9ric POISOT en qualit\u00e9 de  \nsecr\u00e9taire g\u00e9n\u00e9ral de la pr\u00e9fecture des Bouches-du-Rh\u00f4ne, sous-pr\u00e9fet de Marseille ;\nVu le d\u00e9cret n\u00b02012-608 du 30 avril 2012 relatif aux dipl\u00f4mes dans le secteur fun\u00e9raire ;\nVu l'arr\u00eat\u00e9 du 30 avril 2012 portant application du d\u00e9cret susvis\u00e9 ;\nVu le d\u00e9cret n\u00b02020-917 du 28 juillet 2020 relatif \u00e0 la dur\u00e9e de l'habilitation dans le secteur fun\u00e9raire ;\nVu la demande re\u00e7ue le 20 janvier 2026 de M. Fouad Adjouri g\u00e9rant, sollicitant l'habilitation dans le  \ndomaine fun\u00e9raire de l'EURL d\u00e9nomm\u00e9e \u00ab   POMPES FUNEBRES NOUR EL ISLAM  \u00bb sise 11 rue de Ruffi \u00e0  \nMarseille (13003) ;\nConsid\u00e9rant que le dossier de demande d'habilitation est conforme et complet le 02 f\u00e9vrier 2026 ;\nSur proposition du secr\u00e9taire g\u00e9n\u00e9ral de la pr\u00e9fecture des Bouches-du-Rh\u00f4ne ;\nPr\u00e9fecture des Bouches-du-Rhone - 13-2026-02-02-00019 - RR\u00caT\u00c9 du 02 FEVRIER 2026\nportant habilitation sous le n\u00b0 26-13-0588 de la soci\u00e9t\u00e9 d\u00e9nomm\u00e9e \n\u00ab\u00a0POMPES FUNEBRES NOUR EL ISLAM\u00a0\u00bb sise \u00e0 Marseille (13003), dans le domaine fun\u00e9raire\n60\nARR\u00caTE\nArticle 1  er     : La soci\u00e9t\u00e9 d\u00e9nomm\u00e9e \u00ab  POMPES FUNEBRES NOUR EL ISLAM  \u00bb sise 11 rue de Ruffi \u00e0  \nMarseille (13003), exploit\u00e9e par M. Fouad Adjouri est habilit\u00e9e sous le N\u00b0 26-13-0588 \u00e0 compter de la  \ndate du pr\u00e9sent arr\u00eat\u00e9, pour exercer sur l'ensemble du territoire national les activit\u00e9s fun\u00e9raires  \nsuivantes :\nJusqu'au 02 FEVRIER 2031   :  \n\u2022 transport des corps avant et apr\u00e8s mise en bi\u00e8re\n\u2022 organisation des obs\u00e8ques\n\u2022 fourniture des housses, de cercueils et de leurs accessoires int\u00e9rieurs et ext\u00e9rieurs ainsi que des  \nurnes cin\u00e9raires \n\u2022 fourniture des corbillards et de voitures de deuil \n\u2022 fourniture  de  personnel,  des  objets  et  prestations  n\u00e9cessaires  aux  obs\u00e8ques,  inhumations,  \nexhumations et cr\u00e9mations\nArticle 2 : L'habilitation est accord\u00e9e pour 5 ans \u00e0 compter de la date du pr\u00e9sent arr\u00eat\u00e9. La demande  \nde renouvellement devra \u00eatre adress\u00e9e deux mois avant son \u00e9ch\u00e9ance.\nArticle 3  : L'op\u00e9rateur fun\u00e9raire habilit\u00e9 peut confier \u00e0 un ou plusieurs sous-traitants la r\u00e9alisation de  \ntout ou partie des prestations relevant du service ext\u00e9rieur des pompes fun\u00e8bres. Ce dernier doit \u00eatre  \nhabilit\u00e9 pour la prestation qu'il sous-traite ; de m\u00eame que les sous-traitants doivent \u00eatre habilit\u00e9s pour \nchacune des prestations du service ext\u00e9rieur qu'ils fournissent de mani\u00e8re habituelle aux familles. A  \nd\u00e9faut du respect de ces prescriptions, leur responsabilit\u00e9 conjointe pourra \u00eatre mise en cause.\nArticle 4 :  La pr\u00e9sente habilitation peut \u00eatre suspendue pour une dur\u00e9e maximum d'un an ou retir\u00e9e  \npar le pr\u00e9fet du d\u00e9partement o\u00f9 les faits auront \u00e9t\u00e9 constat\u00e9s, conform\u00e9ment aux dispositions de  \nl'article L2223-25 du code g\u00e9n\u00e9ral des collectivit\u00e9s territoriales, pour les motifs suivants :\n1\u00b0 non-respect des dispositions du code g\u00e9n\u00e9ral des collectivit\u00e9s territoriales auxquelles sont soumises \nles r\u00e9gies, entreprises ou associations habilit\u00e9es conform\u00e9ment \u00e0 l'article L 2223-23,\n2\u00b0 non-exercice ou cessation d'exercice des activit\u00e9s au titre desquelles elle a \u00e9t\u00e9 d\u00e9livr\u00e9e,\n3\u00b0 atteinte \u00e0 l'ordre public ou danger pour la salubrit\u00e9 publique.\nDans le cas d'un d\u00e9l\u00e9gataire, le retrait de l'habilitation entra\u00eene la d\u00e9ch\u00e9ance des d\u00e9l\u00e9gations.\nArticle 5  :  La pr\u00e9sente d\u00e9cision peut faire l'objet, dans un d\u00e9lai de deux mois \u00e0 compter de sa  \nnotification,  d'un  recours  gracieux  aupr\u00e8s  de  mes  services,  d'un  recours  hi\u00e9rarchique  aupr\u00e8s  de \nmonsieur  le  ministre  de  l'int\u00e9rieur,  d'un  recours  contentieux  devant  le  tribunal  administratif  de \nMarseille (31 rue Jean-Fran\u00e7ois LECA, 13002 Marseille)  ; la juridiction administrative comp\u00e9tente peut  \naussi \u00eatre saisie par l'application T\u00e9l\u00e9recours accessible \u00e0 partir du site www.telerecours.fr.\nArticle 6 : Le secr\u00e9taire g\u00e9n\u00e9ral de la pr\u00e9fecture des Bouches-du-Rh\u00f4ne, le directeur d\u00e9partemental de \nla s\u00e9curit\u00e9 publique des Bo\u00fbches-du-Rh\u00f4ne sont charg\u00e9s, chacun en ce qui le concerne, de l'ex\u00e9cution  \ndu pr\u00e9sent arr\u00eat\u00e9 qui sera publi\u00e9 au recueil des actes administratifs.\nFait \u00e0 Marseille, 02 FEVRIER 2026\n               Pour le pr\u00e9fet,\nL'adjointe au chef de bureau\n                    SIGNE\nVirginie DUPOUY-RAVETLLAT\nPr\u00e9fecture des Bouches-du-Rhone - 13-2026-02-02-00019 - RR\u00caT\u00c9 du 02 FEVRIER 2026\nportant habilitation sous le n\u00b0 26-13-0588 de la soci\u00e9t\u00e9 d\u00e9nomm\u00e9e \n\u00ab\u00a0POMPES FUNEBRES NOUR EL ISLAM\u00a0\u00bb sise \u00e0 Marseille (13003), dans le domaine fun\u00e9raire\n61\nSecr\u00e9tariat G\u00e9n\u00e9ral Commun 13\n13-2026-02-03-00010\narrete prefectoral tarifs taxis 2026\nSecr\u00e9tariat G\u00e9n\u00e9ral Commun 13 - 13-2026-02-03-00010 - arrete prefectoral tarifs taxis 2026 62\nDirection d\u00e9partementalede la protection des populationsPREFETDES BOUCHES-DU-RHONELibert\u00e9Egalit\u00e9Fraternit\u00e9\nArr\u00e9t\u00e9 relatif aux tarifs des taxisdans le d\u00e9partement des Bouches-du-Rh\u00f4ne- ANN\u00c9E 2026 -Le Pr\u00e9fet de la R\u00e9gion Provence-Alpes-C\u00f4te d'Azur,Pr\u00e9fet de la zone de d\u00e9fense et de s\u00e9curit\u00e9 SudPr\u00e9fet des Bouches-du-Rh\u00f4ne\nVu le code de commerce, notamment son article L.410-2 ;Vu le code de la consommation, notamment ses articles L.112-1 et L.112-3 ;Vu le code des transports, notamment ses articles L.1112-9, L.3120-1 et suivants et R.3120-1 etsuivants;Vu le code mon\u00e9taire et financier, notamment ses articles L.314-1 et L.314-14;Vu le d\u00e9cret n\u00b0 2001-387 du 3 mai 2001 relatif au contr\u00f4le des instruments de mesure ;Vu le d\u00e9cret n\u00b0 2015-1252 du 7 octobre 2015 relatif aux tarifs des courses de taxis ;Vu l'arr\u00eat\u00e9 minist\u00e9riel n\u00b0 83-50/A du 3 octobre 1983 relatif \u00e0 la publicit\u00e9 des prix de tous lesservices;Vu l'arr\u00eat\u00e9 minist\u00e9riel du 3 d\u00e9cembre 1987, relatif \u00e0 l'information du consommateur sur les prix;Vu l'arr\u00eat\u00e9 minist\u00e9riel du 18 juillet 2001, relatif aux taxim\u00e8tres en service ;Vu l'arr\u00eat\u00e9 minist\u00e9riel du 13 f\u00e9vrier 2009 relatif aux dispositifs r\u00e9p\u00e9titeurs lumineux de tarifspour taxis;Vu l'arr\u00eat\u00e9 minist\u00e9riel du 30 juillet 2013 relatif \u00e0 la justification de la r\u00e9servation pr\u00e9alable destaxis pr\u00e9vue \u00e0 l'article L.3121-11 du code des transports;Vu l'arr\u00eat\u00e9 minist\u00e9riel du 22 janvier 2024 relatif aux tarifs des courses de taxiVu l'arr\u00eat\u00e9 minist\u00e9riel du 6 novembre 2015 relatif \u00e0 l'information du consommateur sur les tarifsdes courses de taxis ;Vu l'arr\u00eat\u00e9 minist\u00e9riel du 9 juin 2016 fixant les modalit\u00e9s d'application du titre Il du d\u00e9cret n\u00b02001-387 du 3 mai 2001 relatif au contr\u00f4le des instruments de mesure ;Vu l'arr\u00eat\u00e9 minist\u00e9riel du 28 juillet 2023 relatif aux v\u00e9hicules de remplacement temporaire detaxis compl\u00e9t\u00e9 par l'arr\u00eat\u00e9 pr\u00e9fectoral du 19 f\u00e9vrier 2024 ;Vu l'arr\u00eat\u00e9 minist\u00e9riel du 24 d\u00e9cembre 2025 relatif aux tarifs des courses de taxi pour 2026 ;Vu l'arr\u00eat\u00e9 pr\u00e9fectoral du 24 janvier 2018 fixant l'adresse pr\u00e9vue par le dispositif de r\u00e9clamationrelatif \u00e0 l'information du consommateur sur les tarifs des courses de taxi ;Vu l'arr\u00eat\u00e9 pr\u00e9fectoral du 19 f\u00e9vrier 2024 relatif aux v\u00e9hicules de remplacement temporaire detaxis ;\nSecr\u00e9tariat G\u00e9n\u00e9ral Commun 13 - 13-2026-02-03-00010 - arrete prefectoral tarifs taxis 2026 63\nVu l'avis du directeur d\u00e9partemental de la protection des populations des Bouches-du-Rh\u00f4ne;Sur proposition du secr\u00e9taire g\u00e9n\u00e9ral de la pr\u00e9fecture des Bouches-du-Rh\u00f4ne ;\nARR\u00caTEARTICLE 1\u00b0 : Champ d'applicationSont soumis aux dispositions du pr\u00e9sent arr\u00eat\u00e9 les taxis tels qu'ils sont d\u00e9finis par lesarticles L.3121-1 \u00e0 L.3121-12 du code des transports.Conform\u00e9ment \u00e0 l'article R.3121-1 du code des transports, les taxis sont obligatoirementpourvus des signes distinctifs suivants :Un compteur horokilom\u00e9trique homologu\u00e9, dit taxim\u00e8tre, conforme auxprescriptions du_ d\u00e9cret n\u00b0 2001-387 du 3 mai 2001, approuv\u00e9 par le service charg\u00e9de la m\u00e9trologie au minist\u00e8re de l'\u00e9conomie, de l'Industrie et du Num\u00e9rique etinstall\u00e9 dans le v\u00e9hicule de telle sorte que le prix \u00e0 payer et les positions defonctionnement du taxim\u00e8tre puissent \u00eatre lus facilement de sa place par l'usager,Un dispositif ext\u00e9rieur lumineux, portant la mention \u00ab taxi \u00bb, dont la conformit\u00e9 a\u00e9t\u00e9 reconnue par le service charg\u00e9 de la m\u00e9trologie au minist\u00e8re de l'\u00e9conomie,des Finances et de la Souverainet\u00e9 industrielle et num\u00e9rique. Le r\u00e9p\u00e9titeurlumineux du taxi doit indiquer le nom de la commune de rattachement,Deux autocollants positionn\u00e9s sur le v\u00e9hicule et visibles de l'ext\u00e9rieur indiquant lenum\u00e9ro de l'autorisation de stationnement ainsi que son ressort g\u00e9ographique,Une imprimante, connect\u00e9e au taxim\u00e8tre, permettant l'\u00e9dition automatis\u00e9e d'unenote informant le client du prix total \u00e0 payer, conform\u00e9ment aux textesd'application de l'article L.112-1 du code de la consommation,Un terminal de paiement \u00e9lectronique en \u00e9tat de fonctionnement et visible, tenu\u00e0 la disposition du client, afin de permettre au conducteur d'accomplirl'obligation pr\u00e9vue \u00e0 l'article L. 3121-11-2 et, le cas \u00e9ch\u00e9ant, au prestataire deservices de paiement d'accomplir l'obligation d'information pr\u00e9vue \u00e0 l'article L.314-14 du code mon\u00e9taire et financier.ARTICLE 2 : Les prix maximums, toutes taxes comprises, de location des taxis dans led\u00e9partement des Bouches-du-Rh\u00f4ne ne peuvent \u00eatre sup\u00e9rieurs a la somme des \u00e9l\u00e9mentssuivants:- totalisation apparaissant en fin de course au compteur horokilom\u00e9trique dont lesconditions d'utilisation sont pr\u00e9vues \u00e0 l'article 8, titre Il du pr\u00e9sent arr\u00eat\u00e9;- Suppl\u00e9ments \u00e9ventuels pr\u00e9vus \u00e0 l'article 5.Ces prix constituent des maximums de tarification pour l'ann\u00e9e en cours. Des prix inf\u00e9rieurs\u00e0 la somme des \u00e9l\u00e9ments cit\u00e9s ci-dessus peuvent \u00eatre r\u00e9guli\u00e8rement pratiqu\u00e9s.\n\uf0a7\n\uf0a7\n\uf0a7\n\uf0a7\n\uf0a7\n2\nSecr\u00e9tariat G\u00e9n\u00e9ral Commun 13 - 13-2026-02-03-00010 - arrete prefectoral tarifs taxis 2026 64\nTITRE |:TARIFS APPLICABLES\nARTICLE 3: D\u00e9finition des tarifsTARIF A: Course de jour avec retour en charge a la station, de 7h a 19h.TARIF B: Course de nuit avec retour en charge a la station, de 19h a 7h les jours de lasemaine, et toute la journ\u00e9e des dimanches et jours f\u00e9ri\u00e9s.TARIF C: Course dejour, avec retour \u00e0 vide a la station, de 7h a 19h.TARIF D: Course de nuit, avec retour a vide a la station, de 19h a 7h les jours de la semaine,et toute la journ\u00e9e des dimanches et jours f\u00e9ri\u00e9s.\nTABLEAU SYNOPTIQUE D'UTILISATION DES TARIFS\nCOURSE AVEC RETOUR EN CHARGEA LA STATIONde 7h\u00e019h (course de jour) Ade19h\u00e07h (course de nuit)\nEN TOUS LIEUX\nDimanches et jours f\u00e9ri\u00e9sCOURSE AVEC RETOUR A VIDEA LA STATIONde 7h\u00e019h (course dejour) Cde 19h \u00e0 7 h (course de nuit)\nEN TOUS LIEUX\nDDimanches et jours f\u00e9ri\u00e9sSeuls sont autoris\u00e9s les compteurs horokilom\u00e9triques \u00e0 quatre tarifs class\u00e9s dans l'ordrecroissant.ARTICLE 4 : Valeur des tarifsApplicables aux taxis des communes du d\u00e9partement des Bouches-du-Rh\u00f4ne.1\u00b0) Montant de la chute :Le montant de la chute est de 0,10 \u20ac2\u00b0) Prise en Charge :La prise en charge s'\u00e9l\u00e8ve a 2,40 \u20ac dans tous les cas.Elle inclut les premiers m\u00e9tres ou les premi\u00e9res secondes correspondant a 0,10 \u20ac de chuteau compteur, selon le tarif utilis\u00e9.Les conditions d'application de la prise en charge devront \u00eatre indiqu\u00e9es \u00e0 la client\u00e8le parvoie d'affichage dans le v\u00e9hicule selon la formule :\u00ab Quel que soit le montant inscrit au compteur, la somme minimale susceptible d'\u00eatreper\u00e7ue par le chauffeur ne peut d\u00e9passer 8 \u20ac suppl\u00e9ments inclus. \u00bb\n3\nSecr\u00e9tariat G\u00e9n\u00e9ral Commun 13 - 13-2026-02-03-00010 - arrete prefectoral tarifs taxis 2026 65\nTARIF A: 1,12 \u20acuro, le kilom\u00e8tre.TARIF B : 1,45 \u20acuro, le kilom\u00e8tre.TARIF C : 2,24 \u20acuro, le kilom\u00e8tre.TARIF D : 2,90 \u20acuro, le kilom\u00e8tre.TARIF HORAIRE : 35,60 \u20acuro, l'heure d'attente ou de marche lente, soit une chute de 0,10 \u20actoutes les 10,11 secondes.TABLEAU SYNOPTIQUE DES VALEURS DES TARIFSTARIF VALEUR CHUTES DE 0,10En \u20acuros \u20acUROS TOUS LES:AVEC RETOUR EN CHARGE \u00e0 la stationA 1,12 \u20ac 89,29 m\u00e8tresB 1,45 \u20ac 69,97 m\u00e8tresAVEC RETOUR A VIDE \u00e0 la stationC 2,24 \u20ac 44,64 m\u00e8tresD 2,90 \u20ac 34,48 m\u00e8tresTARIF HORAIRE 35,60 \u20ac 10,11 secondes\nARTICLE 5: Les suppl\u00e9ments.Les seuls suppl\u00e9ments susceptibles d'\u00eatre per\u00e7us, TVA comprise, sont limit\u00e9s aux \u00e9l\u00e9ments ci-apr\u00e8s :1\u00b0) Transport de bagages :- Bagages qui ne peuvent pas \u00eatre transport\u00e9s dans le coffre ou dans l'habitacle etn\u00e9cessitent l'utilisation d'un \u00e9quipement ext\u00e9rieur : 2,00 \u20ac par encombrant- Au-del\u00e0 de trois valises ou bagages de taille \u00e9quivalente, par passager: 2,00 \u20ac parbagageIl est rappel\u00e9, en particulier, que le transport des bagages \u00e0 main est gratuit.2\u00b0) Prise en charge de passagers suppl\u00e9mentaires:A partir de la cinqui\u00e8me personne : 4,00 \u20ac par passagerConform\u00e9ment \u00e0 l'article L.1112-9 du code des transports, les modalit\u00e9s d'acc\u00e8s auxtransports collectifs des chiens accompagnant les personnes handicap\u00e9es sont fix\u00e9es parl'article 88 de la loi n\u00b087-588 du 30 juillet 1987portant diverses mesures d'ordre social et parl'article L. 211-30 du code rural et de la p\u00eache maritime. Aux termes de ces dispositions, ilest interdit aux taxis de refuser la pr\u00e9sence des chiens guides d'aveugle ou d'assistancedispens\u00e9s du port de la museli\u00e9re dans les transports ou d'appliquer un tarif additionnel autitre de cette pr\u00e9sence.\n-\n4\nSecr\u00e9tariat G\u00e9n\u00e9ral Commun 13 - 13-2026-02-03-00010 - arrete prefectoral tarifs taxis 2026 66\nARTICLE 6: Montant des droits de p\u00e9ageSi l'emprunt d'un tron\u00e7on \u00e0 p\u00e9age est envisag\u00e9, le chauffeur de taxi sollicite l'accord expr\u00e8sdu client, apr\u00e8s l'avoir inform\u00e9 que les frais de p\u00e9ages seront \u00e0 sa charge.Les droits de p\u00e9age, qui ne sont pas des suppl\u00e9ments, sont factur\u00e9s sans majoration en susaux clients, pour le parcours en charge exclusivement, s'ils ne souhaitent pas les acquittereux-m\u00eames.Il est admis que les mots \u00ab p\u00e9age \u00bb et \u00ab remise \u00bb soient imprim\u00e9s sur la note. Le montant dutarif p\u00e9age et de la remise ne doivent pas appara\u00eetre comme une composante de la courseou du d\u00e9tail du prix et doivent figurer s\u00e9par\u00e9ment des autres mentions obligatoires(m\u00e9thode du \u00ab bas-de-facture \u00bb). Toute autre mention ou terme est interdit.TITRE IL:MESURES DE PUBLICITEARTICLE 7: Affichage dans le v\u00e9hicule\nxConform\u00e9ment a l'arr\u00eat\u00e9 minist\u00e9riel du 6 novembre 2015, les exploitants de taxisapposeront obligatoirement dans la partie arri\u00e8re du taxi, une affiche (21 x 29,7 cm) tellequ'elle figure en annexes, directement visible du client transport\u00e9 et en caract\u00e8res tr\u00e8slisibles, les mentions suivantes :1\u00b0 Les taux horaires et kilom\u00e9triques en vigueur et leurs conditions d'application ;2\u00b0 Les montants et les conditions d'application de la prise en charge et dessuppl\u00e9ments ;3\u00b0 L'information selon laquelle quel que soit le montant inscrit au compteur, la sommeminimale, susceptible d'\u00eatre per\u00e7ue, suppl\u00e9ment inclus ne peut d\u00e9passer 8 \u20ac;4\u00b0 Les conditions dans lesquelles la d\u00e9livrance d'une note est obligatoire oufacultative ;5\u00b0 L'information selon laquelle le consommateur peut demander que la notementionne son nom ainsi que le lieu de d\u00e9part et le lieu d'arriv\u00e9e de la course ;6\u00b0 L'information selon laquelle le consommateur peut r\u00e9gler la course dans le v\u00e9hiculepar carte bancaire ;\nx7\u00b0 L'adresse d\u00e9finie par arr\u00eat\u00e9 pr\u00e9fectoral, a laquelle peut \u00eatre adress\u00e9e uner\u00e9clamation.Cette affiche sera traduite en langue anglaise.ARTICLE 8:Sans pr\u00e9judice des mesures de police et des obligations fix\u00e9es par les autorit\u00e9scomp\u00e9tentes en contrepartie du droit de stationnement sur le domaine public ou par lar\u00e9glementation de la profession, les exploitants et conducteurs de taxis sont tenusd'appliquer les mesures accessoires ci-apr\u00e8s :1.1 Utilisation obligatoire du compteur horokilom\u00e9trique \u00e0 l'occasion de chaque course,mis en fonctionnement au d\u00e9marrage du v\u00e9hicule avec le client \u00e0 bord, mis en d\u00fb \u00e0 la finde la course, v\u00e9hicule \u00e0 l'arr\u00eat et en appliquant les tarifs r\u00e9glementaires. A tout moment,les indications obligatoires (prix \u00e0 payer, positions de fonctionnement) doivent pouvoir\u00eatre lues facilement de sa place par l'usager, de jour comme de nuit. A cet effet, lecompteur horokilom\u00e9trique doit \u00eatre positionn\u00e9 dans le v\u00e9hicule suivant les\n5\nSecr\u00e9tariat G\u00e9n\u00e9ral Commun 13 - 13-2026-02-03-00010 - arrete prefectoral tarifs taxis 2026 67\nprescriptions de l'installateur agr\u00e9\u00e9 reproduites sur le carnet m\u00e9trologique. En cas dechangement de tarif pendant la course, le conducteur doit indiquer \u00e0 son client l'instantou la p\u00e9riode dejour ou de nuit cesse.1.2 Obligation d'emprunter l'itin\u00e9raire le plus court ou le trajet express\u00e9ment demand\u00e9par la client\u00e8le.1.3 Conform\u00e9ment \u00e0 l'article L.112-3 du Code de la consommation, lorsque le prix nepeut \u00eatre raisonnablement calcul\u00e9 \u00e0 l'avance du fait de la nature du bien ou du service,le professionnel fournit le mode de calcul du prix et, s'il y a lieu, tous les fraissuppl\u00e9mentaires de transport, de livraison ou d'affranchissement et tous les autres frais\u00e9ventuels.Le consommateur doit \u00eatre en mesure de conna\u00eetre, sans difficult\u00e9 et avant la prestation,soit le prix total lui-m\u00eame, soit les principaux param\u00e8tres susceptibles de composer oude d\u00e9terminer le prix final (prise en charge, tarifs applicables, suppl\u00e9ments \u00e9ventuels...).2. Installation et mise en fonctionnement d'un dispositif r\u00e9p\u00e9titeur lumineux ext\u00e9rieur detarifs qui s'illumine en vert lorsque le taxi est libre uniquement dans sa commune derattachement et en rouge lorsque celui-ci est en charge ou r\u00e9serv\u00e9. En dehors des caspr\u00e9cit\u00e9s, la position de fonctionnement du taxim\u00e8tre sera en indication \u00ab\u00e0 payer \u00bb(r\u00e9p\u00e9titeur lumineux \u00e9teint), position dans laquelle le prix du trajet r\u00e9alis\u00e9 est indiqu\u00e9 etou au moins le calcul du prix \u00e0 la dur\u00e9e est d\u00e9sactiv\u00e9.Le r\u00e9p\u00e9titeur lumineux ext\u00e9rieur est fix\u00e9 en partie avant du toit du taxi,perpendiculairement \u00e0 l'axe de la marche du v\u00e9hicule. Il doit porter sur sa face avant lamention \u00ab TAXI \u00bb en partie haute du dispositif lumineux et l'indication de la communede rattachement en lettres capitales et peut porter sur sa face arri\u00e8re un num\u00e9ro det\u00e9l\u00e9phone. L'indication des lettres indiquant les diff\u00e9rents tarifs doit \u00eatre \u00e9clair\u00e9e demani\u00e8re automatique et non ambigu\u00e9. Cette indication doit \u00eatre nettement visible dejour comme de nuit, quelles que soient les conditions d'ambiance lumineuse.L'installation du r\u00e9p\u00e9titeur doit permettre une lecture ais\u00e9e des indications qui nedoivent pas \u00eatre cach\u00e9es \u00e0 la vue d'un observateur ext\u00e9rieur, que ce soit par le syst\u00e8mede support du r\u00e9p\u00e9titeur ou par tout autre accessoire.Lorsque le taxi n'est pas en activit\u00e9, une housse opaque masque le r\u00e9p\u00e9titeur lumineux etla carte professionnelle est retir\u00e9e du pare-brise.3. Utilisation d'une imprimante, connect\u00e9e au taxim\u00e8tre, permettant l'\u00e9ditionautomatis\u00e9e d'une note informant le client du prix total \u00e0 payer. Cette note est remiseau client avant tout paiement.4. Indication, sous forme d'un autocollant autodestructible, non repositionnable,rectangulaire de 140 millim\u00e8tres de longueur sur 85 millim\u00e8tres de largeur, de couleurnoire, du mot TAXI, de la commune ou de l'ensemble des communes de rattachementainsi que du num\u00e9ro de l'autorisation de stationnement, appos\u00e9 au v\u00e9hicule, visible del'ext\u00e9rieur, dont les caract\u00e9ristiques sont pr\u00e9cis\u00e9es ci-dessous :- Les mentions inscrites horizontalement sur cette plaque doivent \u00eatre r\u00e9alis\u00e9es end\u00e9coupe n\u00e9gative et en police de caract\u00e8res \u00ab ARIAL GRAS \u00bb inalt\u00e9rables.- La hauteur des lettres, de couleur blanche pour le nom de la commune doit \u00eatre de15 millim\u00e8tres, la largeur du trait minimum \u00e9tant de 3 millim\u00e8tres. Pour les communesen nom compos\u00e9, l'utilisation de deux lignes est autoris\u00e9e.- La hauteur des lettres, de couleur jaune pour le mot \u00ab TAXI\u00bb doit \u00eatre de 15millim\u00e8tres, la largeur du trait minimum \u00e9tant de 3 millim\u00e8tres.\n6\nSecr\u00e9tariat G\u00e9n\u00e9ral Commun 13 - 13-2026-02-03-00010 - arrete prefectoral tarifs taxis 2026 68\n- La hauteur des chiffres composant le num\u00e9ro de l'autorisation de stationnement doit\u00eatre de 25 millim\u00e8tres. Les num\u00e9ros comportant un seul chiffre devront \u00eatre pr\u00e9c\u00e9d\u00e9sdu chiffre 0.Cette signal\u00e9tique devra \u00eatre appos\u00e9e \u00e0 l'arri\u00e8re gauche et droit, \u00e0 l'ext\u00e9rieur duv\u00e9hicule, de telle sorte qu'elle soit positionn\u00e9e au point de rencontre d'une ligneverticale partant de l'axe des roues arri\u00e8re et d'une ligne horizontale \u00e9tablie au-dessus dela partie inf\u00e9rieure des vitres arri\u00e8re. Aucun autocollant ne doit \u00eatre appos\u00e9 \u00e0 proximit\u00e9de cette signal\u00e9tique de telle sorte \u00e0 cr\u00e9er une confusion.Toute signal\u00e9tique endommag\u00e9e devra faire l'objet d'un remplacement sans d\u00e9lai.5. Utilisation d'un terminal de paiement \u00e9lectronique (TPE) en \u00e9tat de fonctionnement etvisible, \u00e0 bord du v\u00e9hicule et tenu \u00e0 la disposition du client.6. Toute prestation de course de taxi doit faire l'objet d\u00e8s qu'elle a \u00e9t\u00e9 rendue et en tout\u00e9tat de cause avant paiement du prix, de la d\u00e9livrance d'une note imprim\u00e9e pour toutecourse d'un montant \u00e9gal ou sup\u00e9rieur \u00e0 25,00 \u20acuros (TVA comprise).Pour les prestations de service dont le prix est inf\u00e9rieur \u00e0 25 \u20ac (TVA comprise), lad\u00e9livrance d'une note est facultative, mais celle-ci doit \u00eatre remise au client s'il lademande.7. La note imprim\u00e9e est \u00e9tablie en double exemplaire. Un exemplaire est remis au clientlorsqu'elle est obligatoire (prestation d'un montant sup\u00e9rieur ou \u00e9gal \u00e0 25 \u20ac TTC) ou si leclient en fait la demande pour les courses d'un montant inf\u00e9rieur. Le double est conserv\u00e9par le prestataire pendant une dur\u00e9e de deux ans et class\u00e9 par ordre de date der\u00e9daction.7.1 La note est \u00e9tablie dans les conditions suivantes :1\u00b0- Doivent \u00eatre imprim\u00e9s sur la note :a) La date de r\u00e9daction de la note;b) Les heures de d\u00e9but et fin de la course ;c) Le nom ou la d\u00e9nomination sociale du prestataire ou de sa soci\u00e9t\u00e9 ;d) Le num\u00e9ro d'immatriculation du v\u00e9hicule du taxi ;e) L'adresse \u00e0 laquelle peut \u00eatre adress\u00e9e une r\u00e9clamation \u00e0 savoir :Pour les taxis de la ville de Marseille :Ville de MarseilleDirection du Contr\u00f4le des voitures Publiques45, avenue Aviateur Lebrix13233 Marseille Cedex 20.dcvp-contact@marseille.fr\nPour les taxis du d\u00e9partement hors ville de Marseille :Pr\u00e9fecture des Bouches-du-Rh\u00f4neDirection D\u00e9partementale de la Protection des Populations (DDPP)22, rue Borde13285 Marseille Cedex 08.ddpp@bouches-du-rhone.gouv.fr\n7\nSecr\u00e9tariat G\u00e9n\u00e9ral Commun 13 - 13-2026-02-03-00010 - arrete prefectoral tarifs taxis 2026 69\nf) Le montant de la course minimale;g) Le prix de la course toutes taxes comprises hors suppl\u00e9ments ;2\u00b0- Sont soit imprim\u00e9s, soit port\u00e9s de mani\u00e9re manuscrite :a) La somme totale a payer toutes taxes comprises incluant les suppl\u00e9ments ;b) Le d\u00e9tail de chacun des suppl\u00e9ments pr\u00e9vus \u00e0 l'article 2 du d\u00e9cret du 7octobre 2015 susvis\u00e9. Ce d\u00e9tail est pr\u00e9c\u00e9d\u00e9 de la mention \u00ab suppl\u00e9ment(s) \u00bb ;3\u00b0- A la demande du client, sont soit imprim\u00e9s, soit port\u00e9s de mani\u00e8re manuscrite :a) Le nom du client;b) Le lieu de d\u00e9part et le lieu d'arriv\u00e9e de la course.\nARTICLE 9 : Paiement par carte bancaireLa loi n\u00b0 2016-1920 du 29 d\u00e9cembre 2016 relative \u00e0 la r\u00e9gulation, \u00e0 la responsabilisation et\u00e0 la simplification dans le secteur du transport public particulier de personne a introduitl'article L.3121-11-2 du code des transports qui dispose:\u00ab Pour toutes les courses r\u00e9alis\u00e9es par un taxi, quel que soit le montant du prix, lepassager peut payer dans le v\u00e9hicule par carte bancaire.\u00bbLes chauffeurs de taxis ne peuvent donc pas fixer un prix en dessous duquel ils refusent lepaiement par carte bancaire.\nARTICLE 10 : Justification de la r\u00e9servation pr\u00e9alableEn dehors du ressort de l'autorisation de stationnement, les conducteurs de taxis sontsoumis \u00e0 l'article L. 3120-2 du code des transports, notamment s'agissant de la prise encharge de la client\u00e8le sur la voie ouverte \u00e0 la circulation publique sous r\u00e9serve dejustification d'une r\u00e9servation pr\u00e9alable apport\u00e9e par la production d'un support papierou \u00e9lectronique comportant obligatoirement les informations mentionn\u00e9es ci-apr\u00e8s :nom ou d\u00e9nomination sociale et coordonn\u00e9es de la soci\u00e9t\u00e9 exer\u00e7antl'activit\u00e9 d'exploitant de taxis ;num\u00e9ro d'inscription au registre du commerce et des soci\u00e9t\u00e9s ou aur\u00e9pertoire des m\u00e9tiers ;nom et coordonn\u00e9es t\u00e9l\u00e9phoniques du client sollicitant une prestation detransport;date et heure de la r\u00e9servation pr\u00e9alable effectu\u00e9e par le client ;date et heure de la prise en charge souhait\u00e9es par le client;lieu de prise en charge indiqu\u00e9 par le client.Le conducteur est tenu de pr\u00e9senter ce justificatif \u00e0 toute demande des agents charg\u00e9sdes contr\u00f4les. La dur\u00e9e maximale de stationnement pr\u00e9vue au 3\u00b0 du II de l'article L.3120-2du code des transports est fix\u00e9e \u00e0 une heure pr\u00e9c\u00e9dant l'horaire de prise en chargesouhait\u00e9 par le client.\n-\n-\n-\n-\n-\n-\n8\nSecr\u00e9tariat G\u00e9n\u00e9ral Commun 13 - 13-2026-02-03-00010 - arrete prefectoral tarifs taxis 2026 70\nARTICLE 11: Remplacement temporaire de taxisUn \u00ab taxi relais \u00bb est un v\u00e9hicule utilis\u00e9 temporairement en cas d'immobilisation d'originem\u00e9canique, a la suite d'une panne ou d'un accident, ou de vol d'un v\u00e9hicule taxi ou de ses\u00e9quipements sp\u00e9ciaux. Lors de l'utilisation d'un taxi relais, la note imprim\u00e9e comporte lenom ou la d\u00e9nomination sociale du prestataire ou de sa soci\u00e9t\u00e9 correspondant \u00e0l'autorisation de stationnement utilis\u00e9e pour exercer avec le taxi relais. Cette autorisationde stationnement est celle du taxi immobilis\u00e9 dont il prend le relais. Le r\u00e9p\u00e9titeurlumineux comporte le nom de la commune li\u00e9 \u00e0 cette autorisation de stationnement. \u00bbL'utilisation d'un taxi relais est soumise \u00e0 une d\u00e9claration pr\u00e9alable sur le portail.https://demarche.numerique.gouv.fr/commencer/declaration-d-utilisation-d-Un-taxi-relais-departeCette d\u00e9claration t\u00e9l\u00e9chargeable doit accompagner les documents rendus obligatoires etconserv\u00e9s \u00e0 bord du taxi relais pour pr\u00e9sentation aux agents charg\u00e9s des contr\u00f4les.\nARTICLE 12 : Modification des taxim\u00e8tresLa lettre majuscule \u00ab L \u00bb de couleur VERTE devra \u00eatre appos\u00e9e sur le cadran du taxim\u00e8tre.ARTICLE 13 :Les dispositions de l'arr\u00eat\u00e9 Pr\u00e9fectoral n\u00b0 13-2024-02-16-00006 du 16 f\u00e9vrier 2024 sont abrog\u00e9es.D\u00e8s publication du pr\u00e9sent arr\u00eat\u00e9 au recueil des actes administratifs, les tarifs fix\u00e9s par lepr\u00e9sent arr\u00eat\u00e9 entrent en vigueur.ARTICLE 14 :- Le secr\u00e9taire g\u00e9n\u00e9ral de la pr\u00e9fecture des Bouches-du-Rh\u00f4ne,- Les sous-pr\u00e9fets des arrondissements d'Aix-en-Provence, Arles et Istres,- Le directeur r\u00e9gional de l'\u00e9conomie, de l'emploi, du travail et des solidarit\u00e9s,- Le directeur d\u00e9partemental de la protection des populations,- Le directeur interd\u00e9partemental de la s\u00e9curit\u00e9 publique,- Le g\u00e9n\u00e9ral, commandant le groupement de gendarmerie des Bouches-du-Rh\u00f4ne,- La directrice d\u00e9partementale des finances publiques des Bouches-du-Rh\u00f4ne,- Les maires du d\u00e9partement,sont charg\u00e9s, chacun en ce qui le concerne, de l'ex\u00e9cution du pr\u00e9sent arr\u00eat\u00e9 qui serapubli\u00e9 au Recueil des Actes Administratifs de la Pr\u00e9fecture.\nFait \u00e0 Marseille, le 29 janvier 2026\nLe Pr\u00e9fet,sign\u00e9Jacques WITKOWSKI\n9\nSecr\u00e9tariat G\u00e9n\u00e9ral Commun 13 - 13-2026-02-03-00010 - arrete prefectoral tarifs taxis 2026 71","date":"2026-02-03","first_seen_on":"2026-02-03T15:09:26+00:00","id":"660de139d1dd39d565c5e583c2b08958dd1e86aa178de8f9b98c56c6c25a508b","name":"recueil-13-2026-034-recueil-des-actes-administratifs-special du 03 f\u00e9vrier 2026","pdf_creation_date":"2026-02-03T14:41:00+00:00","pdf_modification_date":null,"timezone":"Europe/Paris","url":"https://www.bouches-du-rhone.gouv.fr/contenu/telechargement/62882/441739/file/recueil-13-2026-034-recueil-des-actes-administratifs-special%20du%2003%20f%C3%A9vrier%202026.pdf"}
