{"administration":"ppparis","administration_name":"Pr\u00e9fecture de police de Paris","content":"PREFECTUREDE POLICELibert\u00e9Egalit\u00e9Fraternit\u00e9\nG\nCABINET DU PREFET\n1\nArr\u00eat\u00e9 n\u00b02026-00438\nportant mesures de police applicables le 22 avril 2026 \u00e0 l'occasion d'une rencontre des \nministres charg\u00e9s de l'environnement du G7 \u00e0 Paris au Mus\u00e9e de l'Homme\nLe pr\u00e9fet de police,\nVu le r\u00e8glement (CE) n\u00b0 1272/2008 du Parlement europ\u00e9en et du Conseil du 16 d\u00e9cembre  \n2008 modifi\u00e9 relatif \u00e0 la classification, \u00e0 l'\u00e9tiquetage et \u00e0 l'emballage des substances et des \nm\u00e9langes\u00a0;\nVu le code de l'environnement, notamment le chapitre VII du titre V du livre V\u00a0;\nVu le code p\u00e9nal, notamment ses articles 132-75, 431-9, 431-9-1, R.610-5 et R.644-5\u00a0;\nVu le code de proc\u00e9dure p\u00e9nale, notamment ses articles 78-2-4, 78-2-5 et R.48-1\u00a0;\nVu le code de la s\u00e9curit\u00e9 int\u00e9rieure, notamment ses articles L. 122-1 et L. 211-1 \u00e0 L. 211-3\u00a0;\nVu le d\u00e9cret n\u00b0 2004-374 du 29 avril 2004 modifi\u00e9 relatif aux pouvoirs des pr\u00e9fets, \u00e0  \nl'organisation  et  \u00e0  l'action  des  services  de  l'\u00c9tat  dans  les  r\u00e9gions  et  d\u00e9partements,  \nnotamment son article 72\u00a0;\nVu le d\u00e9cret du 22 octobre 2025 par lequel M. Patrice FAURE, administrateur de l'\u00c9tat du  \ntroisi\u00e8me grade, directeur de cabinet du Pr\u00e9sident de la R\u00e9publique, est nomm\u00e9 pr\u00e9fet de  \npolice (groupe I), \u00e0 compter du 23 octobre 2025\u00a0;\nConsid\u00e9rant que, en application des articles L. 122-1 du code de la s\u00e9curit\u00e9 int\u00e9rieure et 72 \ndu d\u00e9cret du 29 avril 2004 susvis\u00e9, le pr\u00e9fet de police a la charge de l'ordre public,  \nnotamment la pr\u00e9vention des atteintes \u00e0 la s\u00e9curit\u00e9 des personnes et des biens, \u00e0 Paris\u00a0;\nConsid\u00e9rant que, en application de l'article 431-9 du code p\u00e9nal, est puni de six mois  \nd'emprisonnement et de 7 500 euros d'amende le fait d'avoir organis\u00e9 une manifestation  \nsur la voie publique n'ayant pas fait l'objet d'une d\u00e9claration pr\u00e9alable dans les conditions  \nfix\u00e9es par la loi ;\nConsid\u00e9rant que, en application de l'article 431-9-1 du code p\u00e9nal, le fait pour une personne \nde dissimuler volontairement tout ou partie de son visage sans motif l\u00e9gitime au sein, ou  \naux abords imm\u00e9diats, d'une manifestation sur la voie publique au cours, ou \u00e0 l'issue, de  \nlaquelle des troubles \u00e0 l'ordre public sont commis ou risquent d'\u00eatre commis est puni d'un  \nan d'emprisonnement et de 15 000 \u20ac d'amende\u00a0;\n2\n2026-00438\nConsid\u00e9rant que sont punis de l'amende pr\u00e9vue pour les contraventions de la 4e classe la  \nviolation des interdictions et le manquement aux obligations \u00e9dict\u00e9es par arr\u00eat\u00e9s pris sur le \nfondement des pouvoirs de police, en application de l'article R. 644-5 du code p\u00e9nal relatif \n\u00e0 l'usage des artifices de divertissement sur la voie publique et le transport de r\u00e9cipients  \ncontenant du carburant \u00e0 l'occasion d'\u00e9v\u00e9nements comportant des risques d'atteinte \u00e0 la  \ns\u00e9curit\u00e9 publique ; que l'article R. 48-1 du code de proc\u00e9dure p\u00e9nale rend applicable la  \nproc\u00e9dure de l'amende forfaitaire pour les contraventions pr\u00e9cit\u00e9es\u00a0;\nConsid\u00e9rant que, en application des r\u00e9quisitions \u00e9crites du procureur de la R\u00e9publique, les \nofficiers de police judiciaire et, sur l'ordre et sous la responsabilit\u00e9 de ceux-ci, les agents de \npolice judiciaire, sont autoris\u00e9s \u00e0 proc\u00e9der sur les lieux d'une manifestation et \u00e0 ses abords \nimm\u00e9diats \u00e0 l'inspection visuelle et \u00e0 la fouille des bagages, ainsi qu'\u00e0 la visite de v\u00e9hicules  \ncirculant, arr\u00eat\u00e9s ou stationnant sur la voie publique, conform\u00e9ment \u00e0 l'article 78-2-5 du  \ncode de proc\u00e9dure p\u00e9nale\u00a0;\nConsid\u00e9rant qu'en pr\u00e9lude au Sommet du G7 de l'environnement pr\u00e9vu les 23 et 24 avril  \n2026, une rencontre informelle des ministres de l'environnement du G7 se d\u00e9roulera le 22  \navril 2026 \u00e0 Paris au Mus\u00e9e de l'Homme ; que ce lieu doit accueillir les ministres charg\u00e9s des \nquestions environnementales des sept puissances composant le G7 ainsi que d'autres  \nmembres de gouvernements \u00e9trangers, des membres d'organisations internationales, des  \nacteurs de la soci\u00e9t\u00e9 civile et des journalistes \u00a0; que cet \u00e9v\u00e8nement intervient dans un  \ncontexte international de guerre en cours au Moyen-Orient et  que, traitant  des d\u00e9fis  \n\u00e9nerg\u00e9tiques et climatiques, il est susceptible de mobiliser des groupes militants oppos\u00e9s  \nau nucl\u00e9aire ou pr\u00f4nant un discours hostile au format du G7 environnement, trouvant avec \ncet \u00e9v\u00e8nement un cadre idoine pour porter leurs revendications en faveur des \u00e9nergies  \nrenouvelables\u00a0; qu'il existe par cons\u00e9quent un risque que des rassemblements non d\u00e9clar\u00e9s \naient lieu \u00e0 cette occasion\u00a0; que de tels rassemblements pourraient \u00eatre de nature \u00e0 troubler \nl'ordre public\u00a0;\nConsid\u00e9rant, en outre, le  contexte de menace terroriste aig\u00fce qui sollicite \u00e0 un niveau  \nparticuli\u00e8rement \u00e9lev\u00e9 les forces de s\u00e9curit\u00e9 int\u00e9rieure pour garantir la protection des  \npersonnes et des biens contre les risques d'attentat, dans le cadre du plan VIGIPIRATE  \n\u00ab\u00a0urgence attentat\u00a0\u00bb en vigueur depuis le 24 mars 2024 \u00a0; que, dans la m\u00eame journ\u00e9e du 22  \navril  2026,  les  forces  de  l'ordre  seront  particuli\u00e8rement  mobilis\u00e9es  pour  encadrer  le  \nd\u00e9placement des supporters du Football Club de Nantes et s\u00e9curiser le match avec le Paris \nSaint-Germain au Parc des Princes ;\nConsid\u00e9rant, enfin, qu'il appartient \u00e0 l'autorit\u00e9 de police comp\u00e9tente de concilier l'exercice \ndu droit de manifester avec les imp\u00e9ratifs de l'ordre public\u00a0; que, dans ce cadre, elle se doit \nde prendre les mesures de nature \u00e0 pr\u00e9venir, outre les infractions \u00e0 la loi p\u00e9nale, les troubles \n\u00e0 l'ordre public \u00e0 partir de l'appr\u00e9ciation qu'elle fait du risque qu'ils surviennent \u00a0; que  \nr\u00e9pond \u00e0 ces objectifs une mesure qui d\u00e9finit un p\u00e9rim\u00e8tre dans lequel des restrictions sont \nmises  en  \u0153uvre,  notamment  \u00e0  l'\u00e9gard  de  rassemblements  pr\u00e9sentant  des  risques  de  \ntroubles graves \u00e0 l'ordre public, afin de garantir la s\u00e9curit\u00e9 des personnes et des biens\u00a0;\n3\n2026-00438\nARRETE :\nTITRE PREMIER\nMESURES INTERDISANT TOUT RASSEMBLEMENT NON DECLAR\u00c9\nArticle 1er \u2013 La pr\u00e9sence et la circulation des personnes participant \u00e0 des cort\u00e8ges, d\u00e9fil\u00e9s  \net rassemblements qui n'ont pas \u00e9t\u00e9 d\u00e9clar\u00e9s, dans les conditions fix\u00e9es par la loi, sont  \ninterdites le mercredi 22 avril 2026 de 17h00 \u00e0 23h59, dans le p\u00e9rim\u00e8tre d\u00e9limit\u00e9 selon la  \ncartographie figurant en annexe.\nTITRE II\nMESURES DE POLICE APPLICABLES AUX ABORDS ET AU SEIN DES CORT\u00c8GES, D\u00c9FIL\u00c9S ET RASSEMBLEMENTS \nAU SEIN DU P\u00c9RIM\u00c8TRE\nArticle 2 - Dans le p\u00e9rim\u00e8tre vis\u00e9 par l'article 1 er et durant la p\u00e9riode mentionn\u00e9e par ce  \nm\u00eame article sont interdits aux abords et au sein des cort\u00e8ges, d\u00e9fil\u00e9s et rassemblements  \nle port et le transport par des particuliers, sans motif l\u00e9gitime\u00a0:\n- d'armes par nature et de tous objets susceptibles de constituer une arme au sens de  \nl'article 132-75 du code p\u00e9nal\u00a0;\n- d'artifices de divertissement et d'articles pyrotechniques\u00a0;\n- dans  des  conteneurs  individuels,  de  substances  ou  de  m\u00e9langes  dangereux,  \ninflammables ou corrosifs, au sens du r\u00e8glement (CE) n\u00b0 1272/2008 du Parlement  \neurop\u00e9en et du Conseil du 16 d\u00e9cembre 2008 susvis\u00e9, tels que l'essence, le p\u00e9trole, le \ngaz, l'alcool \u00e0 br\u00fbler, le m\u00e9thanol, la t\u00e9r\u00e9benthine, les solvants\u00a0;\n- d'\u00e9quipements de protection destin\u00e9 \u00e0 mettre en \u00e9chec tout ou partie des moyens  \nutilis\u00e9s par les repr\u00e9sentants de la force publique pour le maintien de l'ordre public.\nTITRE III\nDISPOSITIONS FINALES\nArticle 3 \u2013 Le pr\u00e9fet, directeur du cabinet du pr\u00e9fet de police, le directeur de l'ordre public \net  de  la  circulation  et  le  directeur  de  la  s\u00e9curit\u00e9  de  proximit\u00e9  de  l'agglom\u00e9ration  \nparisienne sont charg\u00e9s, chacun en ce qui le concerne, de l'ex\u00e9cution du pr\u00e9sent arr\u00eat\u00e9 qui \nentrera en vigueur d\u00e8s son affichage aux portes de la pr\u00e9fecture de police, sera publi\u00e9 aux  \nrecueils des actes administratifs du d\u00e9partement de Paris, consultable sur le site internet de \nla pr\u00e9fecture de police ( https://www.prefecturedepolice.interieur.gouv.fr) et transmis au  \nprocureur de la R\u00e9publique pr\u00e8s le tribunal judiciaire de Paris.\nFait \u00e0 Paris, le 20 avril 2026\nSIGN\u00c9\nPour le pr\u00e9fet de police\nLe sous-pr\u00e9fet, directeur adjoint du cabinet\nCharles BARBIER\n4\n2026-00438\nAnnexe de l'arr\u00eat\u00e9 n\u00b02026-00438 du 20 avril 2026\nVOIES ET D\u00c9LAIS DE RECOURS\n_______________________\nSi vous estimez devoir contester le pr\u00e9sent arr\u00eat\u00e9, il vous est possible, dans un d\u00e9lai de deux \nmois \u00e0 compter de la date de son affichage ou de sa publication :\n- soit de saisir d'un RECOURS GRACIEUX\nle Pr\u00e9fet de Police\n7/9, boulevard du Palais - 75195 PARIS RP\n- ou de former un RECOURS HIERARCHIQUE\n  aupr\u00e8s du Ministre de l'int\u00e9rieur\n  Direction des libert\u00e9s publiques et des affaires juridiques\n  place Beauvau - 75008 PARIS\n- soit de saisir d'un RECOURS CONTENTIEUX\nle Tribunal administratif comp\u00e9tent\nAucune de ces voies et recours ne suspend l'application de la pr\u00e9sente d\u00e9cision.\nLes recours GRACIEUX et HI\u00c9RARCHIQUE doivent \u00eatre \u00e9crits, exposer les arguments ou faits \nnouveaux et comprendre la copie de l'arr\u00eat\u00e9 contest\u00e9.\nLe recours CONTENTIEUX, qui vise \u00e0 contester la L\u00c9GALIT\u00c9 de la pr\u00e9sente d\u00e9cision, doit  \n\u00e9galement \u00eatre \u00e9crit et exposer votre argumentation juridique.\nSi vous n'aviez pas de r\u00e9ponse \u00e0 votre recours GRACIEUX ou HI\u00c9RARCHIQUE dans un d\u00e9lai \nde  deux  mois  \u00e0  compter  de  la  r\u00e9ception  de  votre  recours  par  l'administration,  votre \ndemande devra \u00eatre consid\u00e9r\u00e9e comme rejet\u00e9e (d\u00e9cision implicite de rejet).\nEn cas de rejet des recours GRACIEUX ou HI\u00c9RARCHIQUE, le Tribunal administratif peut  \n\u00eatre saisi d'un recours contentieux dans le d\u00e9lai de deux mois \u00e0 compter de la date de la  \nd\u00e9cision de rejet.\n5\n2026-00438","date":"2026-04-20","first_seen_on":"2026-04-20T16:03:38+00:00","id":"66df7154bad55e54563f8caddd91dad342c8f282a6c985a77b90fa22efd7bbd2","name":"Arr\u00eat\u00e9 n\u00b02026-00438 portant mesures de police applicables le 22 avril 2026 \u00e0 l\u2019occasion d\u2019une rencontre des ministres charg\u00e9s de l\u2019environnement du G7 \u00e0 Paris au Mus\u00e9e de l\u2019Homme","pdf_creation_date":"2026-04-20T15:35:14+00:00","pdf_modification_date":null,"timezone":"Europe/Paris","url":"https://www.prefecturedepolice.interieur.gouv.fr/sites/default/files/Documents/2026_00438_20042026.pdf"}
