{"administration":"pref01","administration_name":"Pr\u00e9fecture de l\u2019Ain","content":"AIN\nRECUEIL DES ACTES\nADMINISTRATIFS SP\u00c9CIAL\nN\u00b001-2025-281\nPUBLI\u00c9 LE  6 SEPTEMBRE 2025\nSommaire\n01_Pref_Pr\u00e9fecture de l'Ain /\n01-2025-09-05-00003 - Arr\u00eat\u00e9 portant cr\u00e9ation d'une zone\nd'interdiction temporaire de survol au-dessus\nde la commune de\nVillars-les-Dombes\nle dimanche 07 septembre 2025 de 17h30 \u00e0 00h00 (3\npages) Page 3\n2\n01_Pref_Pr\u00e9fecture de l'Ain\n01-2025-09-05-00003\nArr\u00eat\u00e9 portant cr\u00e9ation d'une zone\nd'interdiction temporaire de survol au-dessus\nde la commune de Villars-les-Dombes\nle dimanche 07 septembre 2025 de 17h30 \u00e0\n00h00\n01_Pref_Pr\u00e9fecture de l'Ain - 01-2025-09-05-00003 - Arr\u00eat\u00e9 portant cr\u00e9ation d'une zone d'interdiction temporaire de survol au-dessus\nde la commune de Villars-les-Dombes\nle dimanche 07 septembre 2025 de 17h30 \u00e0 00h00\n3\nE 3PREFETEDE L'AINLibert\u00e9Egalit\u00e9Fraternit\u00e9\nSOUS-PR\u00c9FECTURE DE NANTUA\nn\u00b0 417/25\nArr\u00eat\u00e9 portant cr\u00e9ation d'une zone d'interdiction temporaire de survol au-dessus\nde la commune de Villars-les-Dombes\nle dimanche 07 septembre 2025 de 17h30 \u00e0 00h00\nLA PR\u00c9F\u00c8TE \nChevalier de la L\u00e9gion d'honneur\nChevalier de l'ordre national du m\u00e9rite\nVu le code des transports, notamment les articles L. 6211-4, R.6211-7 et R. 6211-8\u00a0;\nVu le d\u00e9cret du Pr\u00e9sident de la R\u00e9publique en date du 22 mars 2023 portant nomination de  \nMadame Chantal MAUCHET en qualit\u00e9 de pr\u00e9f\u00e8te de la l'Ain\u00a0;\nVu la  demande  par  laquelle  le  Colonel,  commandant  le  Groupement  de  Gendarmerie  \nD\u00e9partementale de l'Ain sollicite la cr\u00e9ation d'une zone d'interdiction temporaire de survol ;\nVu la carte d\u00e9limitant la zone d'interdiction temporaire de survol (annexe 1)\u00a0;\nConsid\u00e9rant qu'il convient pour des motifs li\u00e9s \u00e0 la s\u00e9curit\u00e9 publique de r\u00e9glementer l'espace a\u00e9rien \nsur la commune de Villars-les-Dombes \u00e0 l'occasion du concert de l'artiste Amir.\nARR\u00caTE\nARTICLE 1\u00a0: \nDans le cadre du dispositif de s\u00fbret\u00e9 a\u00e9rienne de lutte anti-drone, il est cr\u00e9\u00e9 une zone interdite  \ntemporaire dans la r\u00e9gion de Villars-les-Dombes (Ain) identifi\u00e9e ZIT Villars-les-Dombes.\nARTICLE 2\u00a0: \nA  l'occasion  du  concert  de  l'artiste  Amir,  cette  zone  d'interdiction  temporaire  interdit  toute \np\u00e9n\u00e9tration et circulation \u00e0 tout a\u00e9ronef sans \u00e9quipage \u00e0 bord, \u00e0 l'exception des a\u00e9ronefs autoris\u00e9s \n36 rue du Coll\u00e8ge \u2013 CS 30034 - 01130 Nantua \u2013 T\u00e9l. 04.74.75.20.66 \u2013 sp-nantua@ain.gouv.fr\n01_Pref_Pr\u00e9fecture de l'Ain - 01-2025-09-05-00003 - Arr\u00eat\u00e9 portant cr\u00e9ation d'une zone d'interdiction temporaire de survol au-dessus\nde la commune de Villars-les-Dombes\nle dimanche 07 septembre 2025 de 17h30 \u00e0 00h00\n4\npar la pr\u00e9fecture et ceux assurant une mission au service de l'\u00c9tat (d\u00e9fense, gendarmerie, services  \nde police, douanes, sant\u00e9, s\u00e9curit\u00e9 civile, secours et surveillance EDF)  apr\u00e8s coordination aupr\u00e8s du \n06 80 41 65 27 (SOLC GGD01 \u2013 adjudant-chef MELO) et selon les caract\u00e9ristiques suivantes\u00a0:\nLocalit\u00e9 Dates et cr\u00e9neaux horaires Limites lat\u00e9rales Limites verticales\nVILLARS-LES-DOMBES Le dimanche 07 septembre de \n17h30 \u00e0 00h00\nCercle de 1,2 Km de rayon \ncentr\u00e9 sur le point de \ncoordonn\u00e9es g\u00e9ographiques\u00a0:\nLatitude : 45\u00b059'26''N \nLongitude : 5\u00b021'2.62''E\nDe la surface \u00e0 500 pieds (150 \nm) au-dessus du sol\nLa carte d\u00e9limitant la zone figure en annexe 1.\nARTICLE 3 :\nLes commandants de bord et  t\u00e9l\u00e9-pilotes des a\u00e9ronefs en infraction sont susceptibles de se voir  \nappliquer les dispositions pr\u00e9vues aux articles L. 6211-4, L. 6211-5, L. 6232-2, L. 6232-12 et L. 6232-13 \ndu code des transports.\nARTICLE 4:\nLa directrice de la s\u00e9curit\u00e9 de l'aviation civile centre-est est charg\u00e9e de porter \u00e0 la connaissance des \nusagers de l'espace a\u00e9rien par voie de NOTAM, la cr\u00e9ation de la zone interdite temporaire d\u00e9finie \u00e0  \nl'article 2.\nARTICLE 6:\nLa directrice de cabinet de la pr\u00e9fecture de l'Ain, le commandant du groupement de gendarmerie  \nde l'Ain et la directrice de la s\u00e9curit\u00e9 de l'aviation civile Centre-Est sont charg\u00e9s, chacun en ce qui le \nconcerne, de l'application du pr\u00e9sent arr\u00eat\u00e9 qui sera publi\u00e9 au recueil des actes administratifs de la  \npr\u00e9fecture de l'Ain et dont copie sera adress\u00e9e pour information \u00e0\u00a0:\n- M. Le commandant de la Compagnie de Gendarmerie des Transports A\u00e9riens de Lyon - B.P . 112 - \n69125 Lyon Saint Exup\u00e9ry A\u00e9roport\n- M. le Commandant de la Circonscription militaire de D\u00e9fense Est.\nBourg en Bresse, le 5 septembre 2025\nSign\u00e9\u00a0: Pour la pr\u00e9f\u00e8te, Lamine SADOUDI, \ndirecteur de cabinet adjoint, directeur des s\u00e9curit\u00e9s\n36 rue du Coll\u00e8ge \u2013 CS 30034 - 01130 Nantua \u2013 T\u00e9l. 04.74.75.20.66 \u2013 sp-nantua@ain.gouv.fr\n01_Pref_Pr\u00e9fecture de l'Ain - 01-2025-09-05-00003 - Arr\u00eat\u00e9 portant cr\u00e9ation d'une zone d'interdiction temporaire de survol au-dessus\nde la commune de Villars-les-Dombes\nle dimanche 07 septembre 2025 de 17h30 \u00e0 00h00\n5\nAnnexe 19 0 ml\n36 rue du Coll\u00e8ge \u2013 CS 30034 - 01130 Nantua \u2013 T\u00e9l. 04.74.75.20.66 \u2013 sp-nantua@ain.gouv.fr\n01_Pref_Pr\u00e9fecture de l'Ain - 01-2025-09-05-00003 - Arr\u00eat\u00e9 portant cr\u00e9ation d'une zone d'interdiction temporaire de survol au-dessus\nde la commune de Villars-les-Dombes\nle dimanche 07 septembre 2025 de 17h30 \u00e0 00h00\n6","date":"2025-09-06","first_seen_on":"2025-09-06T16:05:52+00:00","id":"67084ce4ecb0a032023e118cbbd7ee9745bcca00a4585aa14e95d077e4dd9798","name":"recueil-01-2025-281-recueil-des-actes-administratifs-special","pdf_creation_date":"2025-09-06T15:01:29+00:00","pdf_modification_date":"2025-09-06T16:01:59+00:00","timezone":"Europe/Paris","url":"https://www.ain.gouv.fr/contenu/telechargement/33090/231418/file/recueil-01-2025-281-recueil-des-actes-administratifs-special%20ZIT%20Amir.pdf"}
