{"administration":"pref21","administration_name":"Pr\u00e9fecture de C\u00f4te-d\u2019Or","content":"PR\u00c9FET\nDE LA C\u00d4TE-D'OR\nRECUEIL DES ACTES\nADMINISTRATIFS SP\u00c9CIAL\n(NOMINATIFS)\nN\u00b021-2025-039\nPUBLI\u00c9 LE 17 MARS 2025\nSommaire\nARS Bourgogne-Franche-Comt\u00e9 /\n21-2025-03-17-00007 - Arr\u00eat\u00e9 ARSBFC DSP 2025-03 (3 pages) Page 3\n21-2025-03-17-00008 - D\u00e9cision ARS BFC DSP 2025 02 (3 pages) Page 7\nPr\u00e9fecture de la C\u00f4te-d'Or / Direction de la coordination, des politiques\npubliques et de l'appui territorial\n21-2025-03-17-00006 - Arr\u00eat\u00e9 pr\u00e9fectoral n\u00b0 447 / SG du 17 mars\n2025\ndonnant d\u00e9l\u00e9gation de signature \u00e0 l'occasion des\npermanences de week-ends, de jours f\u00e9ri\u00e9s ou de jours ch\u00f4m\u00e9s (7\npages) Page 11\nPr\u00e9fecture de la C\u00f4te-d'Or / P\u00f4le juridique inter-services\n21-2025-03-17-00002 - Arr\u00eat\u00e9 pr\u00e9fectoral n\u00b0 443 / SG du 17 mars\n2025\ndonnant d\u00e9l\u00e9gation de signature \u00e0 Madame Aur\u00e9lie\nCONTRECIVILE, sous-pr\u00e9f\u00e8te,\ndirectrice de cabinet du pr\u00e9fet de la\nr\u00e9gion Bourgogne-Franche-Comt\u00e9,\npr\u00e9fet de la C\u00f4te-d'Or (3\npages) Page 19\n21-2025-03-17-00003 - Arr\u00eat\u00e9 pr\u00e9fectoral n\u00b0 444 / SG du 17 mars\n2025\ndonnant d\u00e9l\u00e9gation de signature \u00e0 Monsieur Denis\nBRUEL,\nsecr\u00e9taire g\u00e9n\u00e9ral  de la pr\u00e9fecture de la C\u00f4te-d'Or (3\npages) Page 23\n21-2025-03-17-00004 - Arr\u00eat\u00e9 pr\u00e9fectoral n\u00b0 445 / SG du 17 mars\n2025 \ndonnant d\u00e9l\u00e9gation de signature \u00e0 Monsieur Beno\u00eet\nBYRSKI,\nsous-pr\u00e9fet de Beaune (7 pages) Page 27\n21-2025-03-17-00005 - Arr\u00eat\u00e9 pr\u00e9fectoral n\u00b0 446 / SG du 17 mars\n2025\ndonnant d\u00e9l\u00e9gation de signature \u00e0 Monsieur S\u00e9bastien\nLANOYE,\nsous-pr\u00e9fet de Montbard (7 pages) Page 35\n2\nARS Bourgogne-Franche-Comt\u00e9\n21-2025-03-17-00007\nArr\u00eat\u00e9 ARSBFC DSP 2025-03\nARS Bourgogne-Franche-Comt\u00e9 - 21-2025-03-17-00007 - Arr\u00eat\u00e9 ARSBFC DSP 2025-03 3\nREPUBLIQUE 2 r |FRAN\u00c7AISELibert\u00e9 @ D Agence R\u00e9gionale de Sant\u00e9 )\u00c9galit\u00e9 Bourgogne- NFf\"f'\"nit\u00e9 Franche-Comt\u00e9 '\u00c2\"\u00ab'\u00ef&w/\nD\u00e9cision n\u00b0 ARSBFC/DSP/2025-02portant d\u00e9signation des r\u00e9f\u00e9rents de la cellule d'urgence m\u00e9dico-psychologique (CUMP)r\u00e9gionaleLe directeur g\u00e9n\u00e9ralde l'Agence R\u00e9gionale de Sant\u00e9 de Bourgogne Franche-Comt\u00e9\nVU le code de la d\u00e9fense ;VU le code de la s\u00e9curit\u00e9 int\u00e9rieure ;VU le code de la sant\u00e9 publique, notamment ses articles L.6311-1 et R.6311-25 \u00e0 R.6311-32 ;VU la loi n\u00b086-33 du 9 janvier 1986 portant disposition statutaire relative \u00e0 la fonction publique hospitali\u00e8reVU la loi n\u00b02004-811 du 13 ao\u00fbt 2004 modifi\u00e9e de modernisation de la s\u00e9curit\u00e9 civileVU le d\u00e9cret n\u00b092-566 du 25 juin 1992 modifi\u00e9 fixant les conditions et les modalit\u00e9s de r\u00e8glement des fraisoccasionn\u00e9s par les d\u00e9placements de fonctionnaires et agents relevant de la fonction publique hospitali\u00e8re surle territoire m\u00e9tropolitain de la France ;VU le d\u00e9cret n\u00b0 2016-1327 du 6 octobre 2016 relatif \u00e0 l'organisation de la r\u00e9ponse du syst\u00e8me de sant\u00e9(dispositif \u00ab ORSAN \u00bb) et au r\u00e9seau national des cellules d'urgence m\u00e9dico-psychologique pour la gestiondes situations sanitaires exceptionnelles ;VU le d\u00e9cret n\u00b0 2013-15 du 7 janvier 2013 relatif \u00e0 la pr\u00e9paration et aux r\u00e9ponses aux situations sanitairesexceptionnelles ;VU l'arr\u00eat\u00e9 minist\u00e9riel du 24 f\u00e9vrier 2014 relatif aux modalit\u00e9s d'intervention des cellules d'urgencem\u00e9dico-psychologique et aux conditions de participation des personnels et professionnels \u00e0 une celluled'urgence m\u00e9dico-psychologique ;VU l'arr\u00eat\u00e9 du 27 d\u00e9cembre 2016 fixant les modalit\u00e9s de l'organisation de l'urgence m\u00e9dico-psychologique ;VU l'instruction N\u00b0DGS/VSS2/2017/7 du 6 janvier 2017 relative \u00e0 l'organisation de la prise en charge del'urgence m\u00e9dico-psychologique ;VU la circulaire DH E04-DGS SQ2 n\u00b0 97.383 du 28 mai 1997 relative \u00e0 la cr\u00e9ation d'un r\u00e9seau national deprise en charge de l'urgence m\u00e9dico-psychologique en cas de catastrophe ;VU la d\u00e9cision ARSBFC/DSP/DVSS/2022-01 en date du 21 f\u00e9vrier 2022 portant d\u00e9signation des r\u00e9f\u00e9rentsde la cellule d'urgence m\u00e9dico-psychologique (CUMP) de la C\u00f4te d'Or,Consid\u00e9rant que la liste des volontaires 2025 pour le d\u00e9partement de la C\u00f4te d'Or a \u00e9t\u00e9 transmise \u00e0l'Agence R\u00e9gionale de Sant\u00e9 ;\nARS Bourgogne-Franche-Comt\u00e9 - 21-2025-03-17-00007 - Arr\u00eat\u00e9 ARSBFC DSP 2025-03 4\nDECIDEArticle 1\" : la d\u00e9cision ARSBFC/DSP/DVSS/2022-01en date du 21 f\u00e9vrier 2022 portant d\u00e9signation desr\u00e9f\u00e9rents de la cellule d'urgence m\u00e9dico-psychologique (CUMP) de la C\u00f4te d'Or est abrog\u00e9e.Article 2 : Une \u00e9quipe permanente de personnels et de professionnels de l'urgence m\u00e9dico-psychologiqueest constitu\u00e9e au CHU Dijon Bourgogne. Elle est compos\u00e9e d'un Psychiatre r\u00e9f\u00e9rent : Madame le ProfesseurIr\u00e8ne FRANCOIS-PURSSELL praticien hospitalier, de psychologues: Madame Marie-Claude FRENISY,Monsieur Jean Baptiste GUIMIER, et Madame Xalitra Jessica CABA, d'une infirmi\u00e8re : Mme KLINGLERNathalie et d'un temps de secr\u00e9tariat m\u00e9dico-psychologique.Article 3 : Cette \u00e9quipe est charg\u00e9e d'animer et de coordonner l'action des CUMP de la r\u00e9gion Bourgogne-Franche Comt\u00e9. Elle s'appuie sur une CUMP renforc\u00e9e situ\u00e9e au CHU de Besan\u00e7on qui assure cetteanimation et cette coordination sur le territoire des d\u00e9partements du Doubs, du Jura, de la Haute Sa\u00f4ne et duterritoire de Belfort.Les missions de la CUMP r\u00e9gionale sont les suivantes :1. Etablir la liste r\u00e9gionale des professionnels des CUMP \u00e0 partir des listes transmises par les r\u00e9f\u00e9rentset la transmettre \u00e0 l'ARS ;2. Participer \u00e0 la formation des professionnels sp\u00e9cialistes ou comp\u00e9tents en sant\u00e9 mentale et desintervenants des CUMP \u00e0 la gestion de catastrophes ou d'accidents impliquant un grand nombre devictimes ou susceptibles d'entra\u00eener d'importantes r\u00e9percussions psychologiques en raison de leurnature, en lien avec les r\u00e9f\u00e9rents des CUMP de la r\u00e9gion ;3. Veiller, en lien avec les r\u00e9f\u00e9rents de la CUMP renforc\u00e9e et des CUMP d\u00e9partementales, au respectdes r\u00e9f\u00e9rentiels nationaux de prise en charge ;4. Organiser la continuit\u00e9 des soins m\u00e9dico-psychologiques avec l'ensemble des r\u00e9f\u00e9rents des CUMPde la r\u00e9gion ;S. Elaborer \u00e0 partir des rapports transmis par les r\u00e9f\u00e9rents, le rapport d'activit\u00e9 des CUMP de la r\u00e9gionet le transmettre \u00e0 l'ARS.La CUMP r\u00e9gionale devra \u00e9galement apporter son concours pour l'\u00e9laboration du volet m\u00e9dico-psychologique dans le cadre du dispositif ORSAN. En cas de situation sanitaire exceptionnelle, elle assureral'interface avec l'ARS pour la mise en \u0153uvre du dispositif d'urgence m\u00e9dico-psychologique, ainsi que latra\u00e7abilit\u00e9 des patients victimes d'attentats dans l'application informatique d'identification des victimes(Sivic).Article 4 : Madame Ir\u00e8ne FRANCOIS-PURSSELL est d\u00e9sign\u00e9e psychiatre r\u00e9f\u00e9rente de la CUMP dud\u00e9partement de C\u00f4te-d'Or.Article 5 : Madame Marie-Claude FRENISY, Monsieur Jean Baptiste GUIMIER et Madame Xalitra JessicaCABA sont nomm\u00e9s psychologues r\u00e9f\u00e9rents de la CUMP du d\u00e9partement de C\u00f4te d'Or.Article 6 : Madame Nathalie KLINGLER est nomm\u00e9e infirmi\u00e8re r\u00e9f\u00e9rente de la CUMP du d\u00e9partement deC\u00f4te d'Or.Article 7 : \u00c0 ce titre, les missions des r\u00e9f\u00e9rents sont de :- proposer la liste d\u00e9partementale des m\u00e9decins psychiatres, des psychologues et des infirmiers volontairespour intervenir au sein de la CUMP en vue de son \u00e9tablissement par l'ARS,- contribuer \u00e0 l'\u00e9laboration du sch\u00e9ma type d'intervention mentionn\u00e9s \u00e0 l'article R.6311-27 du Code de laSant\u00e9 Publique,- organiser les formations des intervenants \u00e0 la gestion de catastrophes ou d'accidents impliquant un grandnombre de victimes ou susceptibles d'entra\u00eener d'importantes r\u00e9percussions psychologiques en raison deleur nature.\nARS Bourgogne-Franche-Comt\u00e9 - 21-2025-03-17-00007 - Arr\u00eat\u00e9 ARSBFC DSP 2025-03 5\nEn outre, les r\u00e9f\u00e9rents:participent a la formation initiale et continue des personnels et professionnels de sant\u00e9 de la CUMP;d\u00e9veloppent des partenariats, formalis\u00e9s sous la forme de conventions notamment dans le cadre dur\u00e9seau des urgences mentionn\u00e9 \u00e0 l'article R. 6123-26 du code de la sant\u00e9 publique, avec les acteursd\u00e9partementaux de l'aide aux victimes (services d\u00e9di\u00e9s de l'\u00e9ducation nationale, services d\u00e9di\u00e9s descollectivit\u00e9s territoriales, associations d'aide aux victimes, associations agr\u00e9\u00e9es de s\u00e9curit\u00e9 civile, ... ) ;\u00e9tablissent le bilan d'activit\u00e9 annuel des CUMP d\u00e9partementales.Article 8 : Le Directeur g\u00e9n\u00e9ral de l'Agence R\u00e9gionale de Sant\u00e9 de Bourgogne Franche-Comt\u00e9, le DirecteurG\u00e9n\u00e9ral du CHU Dijon Bourgogne sont charg\u00e9s, chacun en ce qui le concerne, de l'ex\u00e9cution de la pr\u00e9sented\u00e9cision qui sera notifi\u00e9e aux int\u00e9ress\u00e9s et publi\u00e9e au recueil des actes administratifs de la Pr\u00e9fecture de laC\u00f4te d'Or.Article 9 : La pr\u00e9sente d\u00e9cision pourra faire l'objet, dans un d\u00e9lai de deux mois \u00e0 compter de sa publication :- soit d'un recours gracieux aupr\u00e8s du directeur g\u00e9n\u00e9ral de l'Agence R\u00e9gionale de Sant\u00e9 de BourgogneFranche-Comt\u00e9,- soit d'un recours hi\u00e9rarchique aupr\u00e8s du ministre de la sant\u00e9,- soit d'un recours contentieux devant le tribunal administratif de Dijon;- soit d'une saisie d'un recours aupr\u00e8s du tribunal administratif d\u00e9pos\u00e9 via l'application T\u00e9l\u00e9recourscitoyens accessible par le site internet www.telerecours.fr.\nFait \u00e0 Dijon, le 17 mars 2025Pour le directeur g\u00e9n\u00e9ral,Le directeur de la sant\u00e9 publique,\nAlain MORIN\nARS Bourgogne-Franche-Comt\u00e9 - 21-2025-03-17-00007 - Arr\u00eat\u00e9 ARSBFC DSP 2025-03 6\nARS Bourgogne-Franche-Comt\u00e9\n21-2025-03-17-00008\nD\u00e9cision ARS BFC DSP 2025 02\nARS Bourgogne-Franche-Comt\u00e9 - 21-2025-03-17-00008 - D\u00e9cision ARS BFC DSP 2025 02 7\nREPUBLIQUE 2 r |FRAN\u00c7AISELibert\u00e9 @ D Agence R\u00e9gionale de Sant\u00e9 )\u00c9galit\u00e9 Bourgogne- NFf\"f'\"nit\u00e9 Franche-Comt\u00e9 '\u00c2\"\u00ab'\u00ef&w/\nD\u00e9cision n\u00b0 ARSBFC/DSP/2025-02portant d\u00e9signation des r\u00e9f\u00e9rents de la cellule d'urgence m\u00e9dico-psychologique (CUMP)r\u00e9gionaleLe directeur g\u00e9n\u00e9ralde l'Agence R\u00e9gionale de Sant\u00e9 de Bourgogne Franche-Comt\u00e9\nVU le code de la d\u00e9fense ;VU le code de la s\u00e9curit\u00e9 int\u00e9rieure ;VU le code de la sant\u00e9 publique, notamment ses articles L.6311-1 et R.6311-25 \u00e0 R.6311-32 ;VU la loi n\u00b086-33 du 9 janvier 1986 portant disposition statutaire relative \u00e0 la fonction publique hospitali\u00e8reVU la loi n\u00b02004-811 du 13 ao\u00fbt 2004 modifi\u00e9e de modernisation de la s\u00e9curit\u00e9 civileVU le d\u00e9cret n\u00b092-566 du 25 juin 1992 modifi\u00e9 fixant les conditions et les modalit\u00e9s de r\u00e8glement des fraisoccasionn\u00e9s par les d\u00e9placements de fonctionnaires et agents relevant de la fonction publique hospitali\u00e8re surle territoire m\u00e9tropolitain de la France ;VU le d\u00e9cret n\u00b0 2016-1327 du 6 octobre 2016 relatif \u00e0 l'organisation de la r\u00e9ponse du syst\u00e8me de sant\u00e9(dispositif \u00ab ORSAN \u00bb) et au r\u00e9seau national des cellules d'urgence m\u00e9dico-psychologique pour la gestiondes situations sanitaires exceptionnelles ;VU le d\u00e9cret n\u00b0 2013-15 du 7 janvier 2013 relatif \u00e0 la pr\u00e9paration et aux r\u00e9ponses aux situations sanitairesexceptionnelles ;VU l'arr\u00eat\u00e9 minist\u00e9riel du 24 f\u00e9vrier 2014 relatif aux modalit\u00e9s d'intervention des cellules d'urgencem\u00e9dico-psychologique et aux conditions de participation des personnels et professionnels \u00e0 une celluled'urgence m\u00e9dico-psychologique ;VU l'arr\u00eat\u00e9 du 27 d\u00e9cembre 2016 fixant les modalit\u00e9s de l'organisation de l'urgence m\u00e9dico-psychologique ;VU l'instruction N\u00b0DGS/VSS2/2017/7 du 6 janvier 2017 relative \u00e0 l'organisation de la prise en charge del'urgence m\u00e9dico-psychologique ;VU la circulaire DH E04-DGS SQ2 n\u00b0 97.383 du 28 mai 1997 relative \u00e0 la cr\u00e9ation d'un r\u00e9seau national deprise en charge de l'urgence m\u00e9dico-psychologique en cas de catastrophe ;VU la d\u00e9cision ARSBFC/DSP/DVSS/2022-01 en date du 21 f\u00e9vrier 2022 portant d\u00e9signation des r\u00e9f\u00e9rentsde la cellule d'urgence m\u00e9dico-psychologique (CUMP) de la C\u00f4te d'Or,Consid\u00e9rant que la liste des volontaires 2025 pour le d\u00e9partement de la C\u00f4te d'Or a \u00e9t\u00e9 transmise \u00e0l'Agence R\u00e9gionale de Sant\u00e9 ;\nARS Bourgogne-Franche-Comt\u00e9 - 21-2025-03-17-00008 - D\u00e9cision ARS BFC DSP 2025 02 8\nDECIDEArticle 1\" : la d\u00e9cision ARSBFC/DSP/DVSS/2022-01en date du 21 f\u00e9vrier 2022 portant d\u00e9signation desr\u00e9f\u00e9rents de la cellule d'urgence m\u00e9dico-psychologique (CUMP) de la C\u00f4te d'Or est abrog\u00e9e.Article 2 : Une \u00e9quipe permanente de personnels et de professionnels de l'urgence m\u00e9dico-psychologiqueest constitu\u00e9e au CHU Dijon Bourgogne. Elle est compos\u00e9e d'un Psychiatre r\u00e9f\u00e9rent : Madame le ProfesseurIr\u00e8ne FRANCOIS-PURSSELL praticien hospitalier, de psychologues: Madame Marie-Claude FRENISY,Monsieur Jean Baptiste GUIMIER, et Madame Xalitra Jessica CABA, d'une infirmi\u00e8re : Mme KLINGLERNathalie et d'un temps de secr\u00e9tariat m\u00e9dico-psychologique.Article 3 : Cette \u00e9quipe est charg\u00e9e d'animer et de coordonner l'action des CUMP de la r\u00e9gion Bourgogne-Franche Comt\u00e9. Elle s'appuie sur une CUMP renforc\u00e9e situ\u00e9e au CHU de Besan\u00e7on qui assure cetteanimation et cette coordination sur le territoire des d\u00e9partements du Doubs, du Jura, de la Haute Sa\u00f4ne et duterritoire de Belfort.Les missions de la CUMP r\u00e9gionale sont les suivantes :1. Etablir la liste r\u00e9gionale des professionnels des CUMP \u00e0 partir des listes transmises par les r\u00e9f\u00e9rentset la transmettre \u00e0 l'ARS ;2. Participer \u00e0 la formation des professionnels sp\u00e9cialistes ou comp\u00e9tents en sant\u00e9 mentale et desintervenants des CUMP \u00e0 la gestion de catastrophes ou d'accidents impliquant un grand nombre devictimes ou susceptibles d'entra\u00eener d'importantes r\u00e9percussions psychologiques en raison de leurnature, en lien avec les r\u00e9f\u00e9rents des CUMP de la r\u00e9gion ;3. Veiller, en lien avec les r\u00e9f\u00e9rents de la CUMP renforc\u00e9e et des CUMP d\u00e9partementales, au respectdes r\u00e9f\u00e9rentiels nationaux de prise en charge ;4. Organiser la continuit\u00e9 des soins m\u00e9dico-psychologiques avec l'ensemble des r\u00e9f\u00e9rents des CUMPde la r\u00e9gion ;S. Elaborer \u00e0 partir des rapports transmis par les r\u00e9f\u00e9rents, le rapport d'activit\u00e9 des CUMP de la r\u00e9gionet le transmettre \u00e0 l'ARS.La CUMP r\u00e9gionale devra \u00e9galement apporter son concours pour l'\u00e9laboration du volet m\u00e9dico-psychologique dans le cadre du dispositif ORSAN. En cas de situation sanitaire exceptionnelle, elle assureral'interface avec l'ARS pour la mise en \u0153uvre du dispositif d'urgence m\u00e9dico-psychologique, ainsi que latra\u00e7abilit\u00e9 des patients victimes d'attentats dans l'application informatique d'identification des victimes(Sivic).Article 4 : Madame Ir\u00e8ne FRANCOIS-PURSSELL est d\u00e9sign\u00e9e psychiatre r\u00e9f\u00e9rente de la CUMP dud\u00e9partement de C\u00f4te-d'Or.Article 5 : Madame Marie-Claude FRENISY, Monsieur Jean Baptiste GUIMIER et Madame Xalitra JessicaCABA sont nomm\u00e9s psychologues r\u00e9f\u00e9rents de la CUMP du d\u00e9partement de C\u00f4te d'Or.Article 6 : Madame Nathalie KLINGLER est nomm\u00e9e infirmi\u00e8re r\u00e9f\u00e9rente de la CUMP du d\u00e9partement deC\u00f4te d'Or.Article 7 : \u00c0 ce titre, les missions des r\u00e9f\u00e9rents sont de :- proposer la liste d\u00e9partementale des m\u00e9decins psychiatres, des psychologues et des infirmiers volontairespour intervenir au sein de la CUMP en vue de son \u00e9tablissement par l'ARS,- contribuer \u00e0 l'\u00e9laboration du sch\u00e9ma type d'intervention mentionn\u00e9s \u00e0 l'article R.6311-27 du Code de laSant\u00e9 Publique,- organiser les formations des intervenants \u00e0 la gestion de catastrophes ou d'accidents impliquant un grandnombre de victimes ou susceptibles d'entra\u00eener d'importantes r\u00e9percussions psychologiques en raison deleur nature.\nARS Bourgogne-Franche-Comt\u00e9 - 21-2025-03-17-00008 - D\u00e9cision ARS BFC DSP 2025 02 9\nEn outre, les r\u00e9f\u00e9rents:participent a la formation initiale et continue des personnels et professionnels de sant\u00e9 de la CUMP;d\u00e9veloppent des partenariats, formalis\u00e9s sous la forme de conventions notamment dans le cadre dur\u00e9seau des urgences mentionn\u00e9 \u00e0 l'article R. 6123-26 du code de la sant\u00e9 publique, avec les acteursd\u00e9partementaux de l'aide aux victimes (services d\u00e9di\u00e9s de l'\u00e9ducation nationale, services d\u00e9di\u00e9s descollectivit\u00e9s territoriales, associations d'aide aux victimes, associations agr\u00e9\u00e9es de s\u00e9curit\u00e9 civile, ... ) ;\u00e9tablissent le bilan d'activit\u00e9 annuel des CUMP d\u00e9partementales.Article 8 : Le Directeur g\u00e9n\u00e9ral de l'Agence R\u00e9gionale de Sant\u00e9 de Bourgogne Franche-Comt\u00e9, le DirecteurG\u00e9n\u00e9ral du CHU Dijon Bourgogne sont charg\u00e9s, chacun en ce qui le concerne, de l'ex\u00e9cution de la pr\u00e9sented\u00e9cision qui sera notifi\u00e9e aux int\u00e9ress\u00e9s et publi\u00e9e au recueil des actes administratifs de la Pr\u00e9fecture de laC\u00f4te d'Or.Article 9 : La pr\u00e9sente d\u00e9cision pourra faire l'objet, dans un d\u00e9lai de deux mois \u00e0 compter de sa publication :- soit d'un recours gracieux aupr\u00e8s du directeur g\u00e9n\u00e9ral de l'Agence R\u00e9gionale de Sant\u00e9 de BourgogneFranche-Comt\u00e9,- soit d'un recours hi\u00e9rarchique aupr\u00e8s du ministre de la sant\u00e9,- soit d'un recours contentieux devant le tribunal administratif de Dijon;- soit d'une saisie d'un recours aupr\u00e8s du tribunal administratif d\u00e9pos\u00e9 via l'application T\u00e9l\u00e9recourscitoyens accessible par le site internet www.telerecours.fr.\nFait \u00e0 Dijon, le 17 mars 2025Pour le directeur g\u00e9n\u00e9ral,Le directeur de la sant\u00e9 publique,\nAlain MORIN\nARS Bourgogne-Franche-Comt\u00e9 - 21-2025-03-17-00008 - D\u00e9cision ARS BFC DSP 2025 02 10\nPr\u00e9fecture de la C\u00f4te-d'Or\nDirection de la coordination, des politiques\npubliques et de l'appui territorial\n21-2025-03-17-00006\nArr\u00eat\u00e9 pr\u00e9fectoral n\u00b0 447 / SG du 17 mars 2025\ndonnant d\u00e9l\u00e9gation de signature \u00e0 l'occasion des\npermanences de week-ends, de jours f\u00e9ri\u00e9s ou de\njours ch\u00f4m\u00e9s\nPr\u00e9fecture de la C\u00f4te-d'Or - 21-2025-03-17-00006 - Arr\u00eat\u00e9 pr\u00e9fectoral n\u00b0 447 / SG du 17 mars 2025\ndonnant d\u00e9l\u00e9gation de signature \u00e0 l'occasion des permanences de week-ends, de jours f\u00e9ri\u00e9s ou de jours ch\u00f4m\u00e9s 11\nExPREFETDE LACOTE-D'ORLibert\u00e9Egalit\u00e9Fraternit\u00e9\nArr\u00eat\u00e9 pr\u00e9fectoral n\u00b0 446 / SG du 17 mars 2025\ndonnant d\u00e9l\u00e9gation de signature \u00e0 Monsieur S\u00e9bastien LANOYE,\nsous-pr\u00e9fet de Montbard\nLe pr\u00e9fet de la C\u00f4te-d'Or\nVu la  loi  n\u00b0  82.213  du  2  mars  1982  modifi\u00e9e  relative  aux  droits  et  libert\u00e9s  des \ncommunes, des d\u00e9partements et des r\u00e9gions ;\nVu le  d\u00e9cret  n\u00b0  2004-374  du  29  avril  2004  relatif  aux  pouvoirs  des  pr\u00e9fets,  \u00e0 \nl'organisation et \u00e0 l'action des services de l'\u00c9tat dans les r\u00e9gions et d\u00e9partements,  \nmodifi\u00e9 par le d\u00e9cret n\u00b0 2010-146 du 16 f\u00e9vrier 2010 et par le d\u00e9cret n\u00b0 2010-687 du 24  \njuin 2010 ;\nVu le d\u00e9cret n\u00b0 2008-158 du 22 f\u00e9vrier 2008 relatif \u00e0 la suppl\u00e9ance des pr\u00e9fets de r\u00e9gion \net \u00e0 la d\u00e9l\u00e9gation de signature des pr\u00e9fets et hauts commissaires de la R\u00e9publique en  \nPolyn\u00e9sie fran\u00e7aise et en Nouvelle-Cal\u00e9donie ;\nVu le d\u00e9cret n\u00b0 2009-176 du 16 f\u00e9vrier 2009 modifiant le d\u00e9cret n\u00b0 64-805 du 29  juillet \n1964 fixant les dispositions r\u00e9glementaires applicables aux pr\u00e9fets et le d\u00e9cret n\u00b0 2004-\n374 du 29 avril 2004 relatif aux pouvoirs des pr\u00e9fets, \u00e0 l'organisation et \u00e0 l'action des  \nservices de l'\u00c9tat dans les r\u00e9gions et d\u00e9partements ;\nVu le d\u00e9cret du 10 octobre 2024 nommant Monsieur Paul MOURIER, pr\u00e9fet de la r\u00e9gion\nBourgogne-Franche-Comt\u00e9, pr\u00e9fet de la C\u00f4te d'Or;\nVu le d\u00e9cret du 6 juillet 2023, portant nomination de Monsieur Beno\u00eet BYRSKI, en  \nqualit\u00e9 de sous-pr\u00e9fet de Beaune ;\nVu le d\u00e9cret du 17 novembre 2023 portant nomination de Monsieur S\u00e9bastien LANOYE,  \nsous- pr\u00e9fet de Montbard ;\nVu le d\u00e9cret du 14 novembre 2024 portant nomination de Monsieur Denis BRUEL en  \nqualit\u00e9 de secr\u00e9taire g\u00e9n\u00e9ral de la pr\u00e9fecture de la C\u00f4te-d'Or, sous-pr\u00e9fet de Dijon  \n(groupe II) ;\nVu le d\u00e9cret du 6 mars 2025 portant nomination de Madame Aur\u00e9lie CONTRECIVILE,  \nen qualit\u00e9 de sous-pr\u00e9f\u00e8te, directrice de cabinet du pr\u00e9fet de la r\u00e9gion Bourgogne-\nFranche-Comt\u00e9, pr\u00e9fet de la C\u00f4te-d'Or ;\nVu l'arr\u00eat\u00e9  pr\u00e9fectoral  n\u00b0  1827/SG  du  29  novembre  2024 donnant  d\u00e9l\u00e9gation  de \nsignature \u00e0 Monsieur S\u00e9bastien LANOYE , sous-pr\u00e9fet de Montbard ;\nSur proposition de Monsieur le secr\u00e9taire g\u00e9n\u00e9ral de la pr\u00e9fecture de la C\u00f4te-d'Or ;\nPr\u00e9fecture de la C\u00f4te-d'Or - 21-2025-03-17-00006 - Arr\u00eat\u00e9 pr\u00e9fectoral n\u00b0 447 / SG du 17 mars 2025\ndonnant d\u00e9l\u00e9gation de signature \u00e0 l'occasion des permanences de week-ends, de jours f\u00e9ri\u00e9s ou de jours ch\u00f4m\u00e9s 12\nARR\u00caTE\nArticle 1  er   : L'arr\u00eat\u00e9 pr\u00e9fectoral n\u00b0 1827/SG du 29 novembre 2024  donnant d\u00e9l\u00e9gation  \nde signature \u00e0 donnant d\u00e9l\u00e9gation de signature \u00e0 Monsieur S\u00e9bastien LANOYE  , sous-\npr\u00e9fet  de  Montbard, sous-pr\u00e9fet  de  Montbard , et  toutes  dispositions  ant\u00e9rieures  \ncontraires au pr\u00e9sent arr\u00eat\u00e9 sont abrog\u00e9s.\nArticle 2 : D\u00e9l\u00e9gation de signature est donn\u00e9e \u00e0 Monsieur S\u00e9bastien LANOYE,  sous-\npr\u00e9fet  de  Montbard,  \u00e0  l'effet  de  signer  les  d\u00e9cisions  suivantes  dans  le  ressort  de \nl'arrondissement de Montbard :\nPOLICE G\u00c9N\u00c9RALE :\n1. Octroi du concours de la force publique pour l'ex\u00e9cution des jugements d'expulsion \ndes locataires ;\n2. indemnisation en responsabilit\u00e9 de l'\u00c9tat en cas de refus d'octroi du concours de la \nforce publique pour l'ex\u00e9cution des jugements d'expulsion ;\n3. r\u00e9quisitions de logements ;\n4. toute  autorisation  relative  \u00e0  la  police  des  caf\u00e9s,  d\u00e9bits  de  boissons,  bals, \nspectacles  et  autres  lieux  publics  exc\u00e9dant  la  comp\u00e9tence  des  autorit\u00e9s \nmunicipales ;\n5. fermeture administrative des d\u00e9bits de boissons pour une dur\u00e9e n'exc\u00e9dant pas trois  \nmois ;\n6. d\u00e9cisions relatives au transfert de licences de d\u00e9bit de boissons ;\n7. arr\u00eat\u00e9s portant autorisation de loteries et tombolas dont le capital d'\u00e9mission est  \ninf\u00e9rieur ou \u00e9gal \u00e0 7 622 euros ;\n8. d\u00e9livrance des r\u00e9c\u00e9piss\u00e9s de liquidations (article L. 310-1 du code du commerce et  \nd\u00e9cret  n \u00b0 2005-39  du  18  janvier  2005  modifiant  le  d\u00e9cret  n\u00b0  96-1097  du  16 \nd\u00e9cembre 1996) ;\n9. r\u00e9c\u00e9piss\u00e9s de brocanteurs, colporteurs, revendeurs d'objets mobiliers ;\n10. r\u00e9c\u00e9piss\u00e9s de loteries instantan\u00e9es de la Fran\u00e7aise des Jeux ;\n11. autorisations de haut-parleurs mobiles sur la voie publique ;\n12. autorisations des courses p\u00e9destres, cyclistes et hippiques (en cas de courses se  \nd\u00e9roulant sur plusieurs arrondissements, l'arrondissement de d\u00e9part g\u00e8re la totalit\u00e9 \nde  la  course)  et  manifestations  de  v\u00e9hicules  moteurs  sur  voie  ouverte  \u00e0  la \ncirculation ou sur circuits homologu\u00e9s ou non  ; l'homologation des circuits pour les  \nmanifestations de v\u00e9hicule \u00e0 moteur et les manifestations nautiques ;\n13. autorisations d'utilisation temporaire des locaux scolaires ;\n14. reconnaissance de l'aptitude technique des gardes particuliers ;\n15. agr\u00e9ment et retrait d'agr\u00e9ment des gardes particuliers, gardes-chasse et gardes-\np\u00eache, et d\u00e9livrance des cartes d'agr\u00e9ment ;\n16. installation et prestation de serment des fonctionnaires de l'\u00c9tat ;\n2/7\nPr\u00e9fecture de la C\u00f4te-d'Or - 21-2025-03-17-00006 - Arr\u00eat\u00e9 pr\u00e9fectoral n\u00b0 447 / SG du 17 mars 2025\ndonnant d\u00e9l\u00e9gation de signature \u00e0 l'occasion des permanences de week-ends, de jours f\u00e9ri\u00e9s ou de jours ch\u00f4m\u00e9s 13\n17. nomination des commissaires-enqu\u00eateurs et ouverture des enqu\u00eates de commodo  \net incommodo : tous actes de proc\u00e9dure ;\n18. autorisations  de  versement  d'indemnit\u00e9s  aux  fonctionnaires  de  l'\u00c9tat  pour  les \nservices  rendus  aux  communes  et  \u00e9tablissements  publics  communaux  ou \nintercommunaux, dans la limite r\u00e9glementaire ;\n19. autorisations de poursuite par voie de vente ;\n20. arr\u00eat\u00e9s  modifiant  les  heures  de  scrutin  pour  les  \u00e9lections  aux  Chambres \nConsulaires et \u00e0 la Mutualit\u00e9 Sociale Agricole ;\n21. arr\u00eat\u00e9s d'occupation temporaire et de p\u00e9n\u00e9tration sur les propri\u00e9t\u00e9s priv\u00e9es en vue  \nde la r\u00e9alisation de travaux publics ;\n22. en mati\u00e8re de l\u00e9gislation fun\u00e9raire :\n\u2022 arr\u00eat\u00e9s d'inhumation et de cr\u00e9mation hors des d\u00e9lais l\u00e9gaux\n\u2022 arr\u00eat\u00e9s d'inhumation en terrain priv\u00e9,\n\u2022 arr\u00eat\u00e9s de transport de corps hors du territoire national,\n\u2022 arr\u00eat\u00e9s de transport d'urne cin\u00e9raire hors du territoire national,\n\u2022 habilitation des entreprises de pompes fun\u00e8bres ;\n23. d\u00e9cisions de la commission de s\u00e9curit\u00e9 et d'accessibilit\u00e9 de l'arrondissement, y  \ncompris les d\u00e9cisions de la sous-commission de s\u00e9curit\u00e9 et d'accessibilit\u00e9 ;\n24. arr\u00eat\u00e9s  pr\u00e9fectoraux  de  d\u00e9rogation  aux  r\u00e8gles  de  s\u00e9curit\u00e9  et  d'accessibilit\u00e9 \nconcernant les \u00e9tablissements recevant du public ;\n25. arr\u00eat\u00e9s portant rattachement d'une personne sans r\u00e9sidence ni domicile fixe \u00e0 une  \ncommune de l'arrondissement ;\n26. arr\u00eat\u00e9s autorisant l'installation ou l'extension de syst\u00e8mes de vid\u00e9o-protection.\nADMINISTRATION LOCALE (Dans le ressort de l'arrondissement de Montbard) :\n1. Acceptation des d\u00e9missions d'adjoint ;\n2. lettres d'observation aux collectivit\u00e9s locales et aux EPCI dans le cadre du contr\u00f4le \ndes actes et du contr\u00f4le budg\u00e9taire ;\n3. cr\u00e9ation,  modification  et  dissolution  des  associations  syndicales  libres  et  des \nassociations fonci\u00e8res urbaines libres ;\n4. cr\u00e9ation,  contr\u00f4le,  modification,  dissolution,  union  et  fusion  des  associations \nsyndicales autoris\u00e9es ;\n5. cr\u00e9ation, contr\u00f4le, modification, dissolution des associations fonci\u00e8res urbaines  \nautoris\u00e9es  et  transformation  des  associations  fonci\u00e8res  de  remembrement  en \nassociations syndicales autoris\u00e9es ;\n6. cr\u00e9ation,  modification  et  dissolution  des  syndicats  intercommunaux,  des  \ncommunaut\u00e9s  de  communes  et  des  syndicats  mixtes  de  1\u00e8re ou  2e cat\u00e9gorie  \nlorsque tous les membres et le si\u00e8ge sont dans l'arrondissement ;\n7. demande au maire de r\u00e9unir le conseil municipal avec possibilit\u00e9 d'abr\u00e9ger le d\u00e9lai  \nen cas d'urgence (article L.2121.9 du code g\u00e9n\u00e9ral des collectivit\u00e9s territoriales) ;\n8. demande d'avis du conseil municipal pr\u00e9vu par l'article L.2121.29 du code g\u00e9n\u00e9ral  \ndes collectivit\u00e9s territoriales ;\n3/7\nPr\u00e9fecture de la C\u00f4te-d'Or - 21-2025-03-17-00006 - Arr\u00eat\u00e9 pr\u00e9fectoral n\u00b0 447 / SG du 17 mars 2025\ndonnant d\u00e9l\u00e9gation de signature \u00e0 l'occasion des permanences de week-ends, de jours f\u00e9ri\u00e9s ou de jours ch\u00f4m\u00e9s 14\n9. convocation  des  \u00e9lecteurs  pour  toute  \u00e9lection  municipale  compl\u00e9mentaire  (et \nnotamment en application de l'article L.258 du code \u00e9lectoral) ;\n10. r\u00e9ception des candidatures et d\u00e9livrance des re\u00e7us de d\u00e9p\u00f4t et des r\u00e9c\u00e9piss\u00e9s  \nd\u00e9finitifs  de  d\u00e9clarations  de  candidatures  pour  les  \u00e9lections  municipales  \ncompl\u00e9mentaires dans les communes de l'arrondissement de Montbard ;\n11.  d\u00e9signation des membres des commissions de contr\u00f4le des listes \u00e9lectorales  \ninstitu\u00e9es dans les communes de l'arrondissement de Montbard ;\n12. substitution au maire dans les cas pr\u00e9vus par les articles L.2122.34, L.2213.17, et  \nL.2215.1 du code g\u00e9n\u00e9ral des collectivit\u00e9s territoriales ;\n13. convocation  des  \u00e9lecteurs  pour  la  d\u00e9signation  des  commissions  syndicales, \nfixation  de  la  dur\u00e9e  de  la  commission,  consultation  de  la  commission  et \nconsultation du conseil municipal ;\n14. approbation des d\u00e9lib\u00e9rations des conseils municipaux pr\u00e9vue \u00e0 l'article L.2544.4  \ndu code g\u00e9n\u00e9ral des collectivit\u00e9s territoriales (section de commune poss\u00e9dant un  \npatrimoine s\u00e9par\u00e9) ;\n15. en mati\u00e8re de biens indivis :\n\u2022 constitution des commissions syndicales en l'absence de d\u00e9cision des conseils \nmunicipaux  concern\u00e9s  et  arr\u00eat\u00e9  constitutif  en  cas  d'accord  des  conseils \nmunicipaux (articles L.5222.1 du code g\u00e9n\u00e9ral des collectivit\u00e9s territoriales) ;\n\u2022 r\u00e9partition des exc\u00e9dents en cas de d\u00e9saccord ou si les conseils municipaux  \nn'ont pas d\u00e9lib\u00e9r\u00e9 dans les d\u00e9lais prescrits (article L.5222.2 du code g\u00e9n\u00e9ral  \ndes collectivit\u00e9s territoriales) ;\n16. approbation des d\u00e9lib\u00e9rations, budgets et march\u00e9s des associations fonci\u00e8res de  \nremembrement,  des  associations  syndicales  autoris\u00e9es  et  des  associations \nfonci\u00e8res urbaines autoris\u00e9es ;\n17. r\u00f4les dress\u00e9s pour le recouvrement des taxes ou cotisations par les associations  \nfonci\u00e8res de remembrement ;\n18. \u00e9tats  annuels  de  notification  des  taux  d'imposition  des  quatre  taxes  directes \nlocales (\u00e9tats nos 1253 et 1259 MI) ;\n19. autorisations d'emprunt de l'article L.2121.34 du code g\u00e9n\u00e9ral des collectivit\u00e9s  \nterritoriales (emprunts des centres communaux d'action sociale) ;\n20. cr\u00e9ation d'office des cimeti\u00e8res dans les cas pr\u00e9vus par la loi ;\n21. prescription des enqu\u00eates pr\u00e9alables \u00e0 la modification des limites territoriales des  \ncommunes  pr\u00e9vues  \u00e0  l'article  L.2112.2  du  code  g\u00e9n\u00e9ral  des  collectivit\u00e9s \nterritoriales ;\n22. arr\u00eat\u00e9s portant modification des limites territoriales des communes situ\u00e9es dans  \nl'arrondissement, dans le cas o\u00f9 les limites cantonales ou d\u00e9partementales ne  \nsont pas modifi\u00e9es ;\n23. institution de la commission syndicale pr\u00e9vue \u00e0 l'article L.2112.3 du code g\u00e9n\u00e9ral  \ndes collectivit\u00e9s territoriales, dans les conditions d\u00e9finies \u00e0 l'article R.151.6 du code  \ndes communes ;\n4/7\nPr\u00e9fecture de la C\u00f4te-d'Or - 21-2025-03-17-00006 - Arr\u00eat\u00e9 pr\u00e9fectoral n\u00b0 447 / SG du 17 mars 2025\ndonnant d\u00e9l\u00e9gation de signature \u00e0 l'occasion des permanences de week-ends, de jours f\u00e9ri\u00e9s ou de jours ch\u00f4m\u00e9s 15\n24. d\u00e9signation du d\u00e9l\u00e9gu\u00e9 de l'administration au sein des commissions communales  \ncharg\u00e9es de r\u00e9viser la liste \u00e9lectorale composant le coll\u00e8ge d\u00e9partemental des  \npropri\u00e9taires forestiers ;\n25. d\u00e9cisions d'agr\u00e9ment des agents de police municipale (article 7 de la loi n\u00b0 99-291  \ndu 15 avril 1999) et cartes professionnelles correspondantes ;\n26. contr\u00f4le de l\u00e9galit\u00e9 des actes des soci\u00e9t\u00e9s d'\u00e9conomie mixte dont le si\u00e8ge est  \nsitu\u00e9 dans l'arrondissement ;\n27. arr\u00eat\u00e9s  de  paiement  FCTVA et  leur  notification  et  validation  \u00e9lectronique  des \narr\u00eat\u00e9s d'attribution du Fonds de compensation pour la TVA ;\n28. convention entre le repr\u00e9sentant de l'\u00c9tat et les b\u00e9n\u00e9ficiaires du fonds, s'agissant  \nde l'application du dispositif du plan de relance de l'\u00e9conomie relatif au FCTVA ;\n29. arr\u00eat\u00e9s  constatant  que  les  collectivit\u00e9s  b\u00e9n\u00e9ficiaires  du  fonds,  s'agissant  de \nl'application du dispositif du plan de relance de l'\u00e9conomie relatif au FCTVA, ont ou \nn'ont pas respect\u00e9 leurs engagements ;\n30. courriers, accus\u00e9s de r\u00e9ception li\u00e9s aux dossiers de subvention ;\n31. arbitrage en mati\u00e8re de participation financi\u00e8re entre les collectivit\u00e9s de r\u00e9sidence  \net de scolarisation ;\n32. conventions relatives au compte financier unique.\nArticle 3  : D\u00e9l\u00e9gation est donn\u00e9e \u00e0  Madame Marguerite MOINDROT , attach\u00e9e hors  \nclasse,  secr\u00e9taire  g\u00e9n\u00e9rale  de  la  sous-pr\u00e9fecture,  \u00e0  l'effet  dans  le  ressort  de \nl'arrondissement de Montbard les documents et d\u00e9cisions suivantes :\n1. d\u00e9cisions de la Commission de s\u00e9curit\u00e9 et d'accessibilit\u00e9 de l'arrondissement, y  \ncompris les d\u00e9cisions de la sous-commission de s\u00e9curit\u00e9 et d'accessibilit\u00e9 ;\n2. arr\u00eat\u00e9s  pr\u00e9fectoraux  de  d\u00e9rogation  aux  r\u00e8gles  de  s\u00e9curit\u00e9  et  d'accessibilit\u00e9 \nconcernant les \u00e9tablissements recevant du public ;\n3. r\u00e9c\u00e9piss\u00e9s de brocanteurs, de colporteurs, revendeurs d'objets mobiliers ;\n4. arr\u00eat\u00e9s portant rattachement d'une personne sans r\u00e9sidence ni domicile fixe \u00e0 une  \ncommune de l'arrondissement ;\n5. en mati\u00e8re de l\u00e9gislation fun\u00e9raire ;\n\u2022 arr\u00eat\u00e9s d'inhumation et de cr\u00e9mation hors des d\u00e9lais l\u00e9gaux,\n\u2022 arr\u00eat\u00e9s d'inhumation en terrain priv\u00e9,\n\u2022 arr\u00eat\u00e9s de transport de corps hors du territoire national,\n\u2022 arr\u00eat\u00e9 de transport d'urne cin\u00e9raire hors du territoire national,\n\u2022 habilitation  des  entreprises  de  pompes  fun\u00e8bres  (y  compris  les  chambres \nfun\u00e9raires  et\nles cr\u00e9matoriums) ;\n6. r\u00e9c\u00e9piss\u00e9s des loteries instantan\u00e9es de la Fran\u00e7aise des Jeux ;\n7. arr\u00eat\u00e9s portant autorisation de loteries et tombolas dont le capital d'\u00e9mission est \ninf\u00e9rieur ou \u00e9gal \u00e0 7 622 euros ;\n8. autorisations des haut-parleurs mobiles sur la voie publique ;\n5/7\nPr\u00e9fecture de la C\u00f4te-d'Or - 21-2025-03-17-00006 - Arr\u00eat\u00e9 pr\u00e9fectoral n\u00b0 447 / SG du 17 mars 2025\ndonnant d\u00e9l\u00e9gation de signature \u00e0 l'occasion des permanences de week-ends, de jours f\u00e9ri\u00e9s ou de jours ch\u00f4m\u00e9s 16\n9. autorisations des courses p\u00e9destres, cyclistes et hippiques (en cas de courses se  \nd\u00e9roulant  sur  plusieurs  arrondissements,  l'arrondissement  de  d\u00e9part  g\u00e8re  la \ntotalit\u00e9 de la course) et manifestations de v\u00e9hicules moteurs sur voie ouverte \u00e0 la  \ncirculation ou sur circuits homologu\u00e9s ou non  ; l'homologation des circuits pour les \nmanifestations de v\u00e9hicule \u00e0 moteur et les manifestations nautiques.\n10. reconnaissance de l'aptitude technique des gardes particuliers ;\n11. agr\u00e9ment et retrait d'agr\u00e9ment des gardes particuliers, gardes-chasse et gardes-\np\u00eache, et d\u00e9livrance des cartes d'agr\u00e9ment ;\n12. installation et prestation de serment des fonctionnaires de l'\u00c9tat ;\n13. d\u00e9cisions d'agr\u00e9ment des agents de police municipale et cartes professionnelles  \ncorrespondantes ;\n14. d\u00e9signation des d\u00e9l\u00e9gu\u00e9s de l'administration au sein des commissions de contr\u00f4le  \ndes  listes  \u00e9lectorales  institu\u00e9es  dans  les  communes  de  l'arrondissement  de \nMontbard ;\n15. convocation  des  \u00e9lecteurs  pour  toute  \u00e9lection  municipale  compl\u00e9mentaire  (et \nnotamment en application de l'article L.258 du Code \u00c9lectoral) ;\n16. r\u00e9ception des candidatures et d\u00e9livrance des re\u00e7us de d\u00e9p\u00f4t et des r\u00e9c\u00e9piss\u00e9s  \nd\u00e9finitifs  de  d\u00e9clarations  de  candidatures  pour  les  \u00e9lections  municipales  \ncompl\u00e9mentaires dans les communes de l'arrondissement de Montbard ;\n17. visa des r\u00f4les dress\u00e9s pour le recouvrement des taxes ou cotisations par les  \nassociations  fonci\u00e8res  de  remembrement  ou  par  les  associations  syndicales \nautoris\u00e9es ;\u00e9tats annuels de notification des taux d'imposition des quatre taxes  \ndirectes locales (\u00e9tats no1253 et n\u00b01259 MI) ;\n18. arr\u00eat\u00e9s  de  paiement  FCTVA et  leur  notification  et  validation  \u00e9lectronique  des \narr\u00eat\u00e9s d'attribution du Fonds de compensation pour la TVA ;\n19. convention entre le repr\u00e9sentant de l'\u00c9tat et les b\u00e9n\u00e9ficiaires du fonds, s'agissant  \nde l'application du dispositif du plan de relance de l'\u00e9conomie relatif au FCTVA ;\n20. arr\u00eat\u00e9s  constatant  que  les  collectivit\u00e9s  b\u00e9n\u00e9ficiaires  du  fonds,  s'agissant  de \nl'application du dispositif du plan de relance de l'\u00e9conomie relatif au FCTVA, ont ou \nn'ont pas respect\u00e9 leurs engagements ;\n21. tout document et correspondance administratifs non opposables aux tiers ;\n22. attestation pr\u00e9fectorale de d\u00e9livrance initiale d'un permis de chasser ;\nArticle 4  : En cas d'absence ou d'emp\u00eachement de Mme Marguerite MOINDROT, la  \nd\u00e9l\u00e9gation qui lui est consentie par l'article 3 sera exerc\u00e9e par Madame Am\u00e9lie MILLOT  \nVIDET,  secr\u00e9taire  administrative  de  classe  sup\u00e9rieure,  cheffe  du  p\u00f4le  \u00ab collectivit\u00e9s \nlocales  et  d\u00e9veloppement  territorial \u00bb  ou  par  Madame  Isabelle  BAIJOT,  secr\u00e9taire \nadministrative de classe normale adjointe \u00e0 la cheffe du p\u00f4le \u00ab  collectivit\u00e9s locales et  \nd\u00e9veloppement territorial \u00bb ;\n6/7\nPr\u00e9fecture de la C\u00f4te-d'Or - 21-2025-03-17-00006 - Arr\u00eat\u00e9 pr\u00e9fectoral n\u00b0 447 / SG du 17 mars 2025\ndonnant d\u00e9l\u00e9gation de signature \u00e0 l'occasion des permanences de week-ends, de jours f\u00e9ri\u00e9s ou de jours ch\u00f4m\u00e9s 17\nArticle  5 : D\u00e9l\u00e9gation  de  signature  est  donn\u00e9e  \u00e0  Madame  Am\u00e9lie  MILLOT VIDET, \nsecr\u00e9taire  administratif,  \u00e0  l'effet  de  signer  la  validation  \u00e9lectronique  des  arr\u00eat\u00e9s \nd'attribution  du  Fonds  de  compensation  pour  la  TVA  dans  les  communes  de \nl'arrondissement de Montbard ;\nArticle 6 : En cas d'absence ou d'emp\u00eachement de Monsieur S\u00e9bastien LANOYE, sous-\npr\u00e9fet de Montbard, et notamment pendant ses cong\u00e9s, la d\u00e9l\u00e9gation de signature qui lui \nest consentie pourra \u00eatre exerc\u00e9e par Monsieur Denis BRUEL, secr\u00e9taire g\u00e9n\u00e9ral de la  \npr\u00e9fecture de la C\u00f4te-d'Or ou par Monsieur Beno\u00eet BYRSKI, sous-pr\u00e9fet de Beaune ;\nArticle 7 : Le pr\u00e9sent arr\u00eat\u00e9 prendra effet le lundi 17 mars 2025.\nArticle 8  : Le secr\u00e9taire g\u00e9n\u00e9ral de la pr\u00e9fecture de la C\u00f4te-d'Or, le sous-pr\u00e9fet de  \nMontbard,  le sous-pr\u00e9fet de Beaune, le secr\u00e9taire g\u00e9n\u00e9ral de la sous-pr\u00e9fecture de  \nBeaune,  la  secr\u00e9taire  g\u00e9n\u00e9rale  de  la  sous-pr\u00e9fecture  de  Montbard  et  les  agents \nb\u00e9n\u00e9ficiaires de la pr\u00e9sente d\u00e9l\u00e9gation \u00e0 la sous-pr\u00e9fecture de Montbard, sont charg\u00e9s,  \nchacun pour ce qui le concerne, de l'ex\u00e9cution du pr\u00e9sent arr\u00eat\u00e9 qui sera publi\u00e9 au  \nrecueil des actes administratifs de la pr\u00e9fecture de la C\u00f4te-d'Or.\nFait \u00e0 Dijon, le 17 mars 2025\nLe pr\u00e9fet,\nSign\u00e9 : \nPaul MOURIER\n7/7\nPr\u00e9fecture de la C\u00f4te-d'Or - 21-2025-03-17-00006 - Arr\u00eat\u00e9 pr\u00e9fectoral n\u00b0 447 / SG du 17 mars 2025\ndonnant d\u00e9l\u00e9gation de signature \u00e0 l'occasion des permanences de week-ends, de jours f\u00e9ri\u00e9s ou de jours ch\u00f4m\u00e9s 18\nPr\u00e9fecture de la C\u00f4te-d'Or\nP\u00f4le juridique inter-services\n21-2025-03-17-00002\nArr\u00eat\u00e9 pr\u00e9fectoral n\u00b0 443 / SG du 17 mars 2025\ndonnant d\u00e9l\u00e9gation de signature \u00e0 Madame\nAur\u00e9lie CONTRECIVILE, sous-pr\u00e9f\u00e8te,\ndirectrice de cabinet du pr\u00e9fet de la r\u00e9gion\nBourgogne-Franche-Comt\u00e9,\npr\u00e9fet de la C\u00f4te-d'Or\nPr\u00e9fecture de la C\u00f4te-d'Or - 21-2025-03-17-00002 - Arr\u00eat\u00e9 pr\u00e9fectoral n\u00b0 443 / SG du 17 mars 2025\ndonnant d\u00e9l\u00e9gation de signature \u00e0 Madame Aur\u00e9lie CONTRECIVILE, sous-pr\u00e9f\u00e8te,\ndirectrice de cabinet du pr\u00e9fet de la r\u00e9gion Bourgogne-Franche-Comt\u00e9,\npr\u00e9fet de la C\u00f4te-d'Or\n19\nExPREFETDE LACOTE-D'ORLibert\u00e9Egalit\u00e9Fraternit\u00e9\nArr\u00eat\u00e9 pr\u00e9fectoral n\u00b0 443 / SG du 17 mars 2025\ndonnant d\u00e9l\u00e9gation de signature \u00e0 Madame Aur\u00e9lie CONTRECIVILE, sous-pr\u00e9f\u00e8te,\ndirectrice de cabinet du pr\u00e9fet de la r\u00e9gion Bourgogne-Franche-Comt\u00e9,\npr\u00e9fet de la C\u00f4te-d'Or\nLe pr\u00e9fet de la C\u00f4te-d'Or\nVu la loi n\u00b0 82.213 du 2 mars 1982 modifi\u00e9e relative aux droits et libert\u00e9s des communes, des  \nd\u00e9partements et des r\u00e9gions ;\nVu le d\u00e9cret n\u00b0 2004-374 du 29 avril 2004 relatif aux pouvoirs des pr\u00e9fets, \u00e0 l'organisation et \u00e0  \nl'action des services de l'\u00c9tat dans les r\u00e9gions et d\u00e9partements, modifi\u00e9 par le d\u00e9cret n\u00b0 2010-\n146 du 16 f\u00e9vrier 2010 et par le d\u00e9cret n\u00b0 2010-687 du 24 juin 2010 ;\nVu le d\u00e9cret n\u00b0 2008-158 du 22 f\u00e9vrier 2008 relatif \u00e0 la suppl\u00e9ance des pr\u00e9fets de r\u00e9gion et \u00e0 la  \nd\u00e9l\u00e9gation de signature des pr\u00e9fets et hauts commissaires de la R\u00e9publique en Polyn\u00e9sie  \nfran\u00e7aise et en Nouvelle-Cal\u00e9donie ;\nVu le d\u00e9cret n\u00b0 2009-176 du 16 f\u00e9vrier 2009 modifiant le d\u00e9cret n\u00b0 64-805 du 29  juillet 1964  \nfixant les dispositions r\u00e9glementaires applicables aux pr\u00e9fets et le d\u00e9cret n\u00b0 2004-374 du 29 avril \n2004 relatif aux pouvoirs des pr\u00e9fets, \u00e0 l'organisation et \u00e0 l'action des services de l'\u00c9tat dans les  \nr\u00e9gions et d\u00e9partements ;\nVu le d\u00e9cret  du  10 octobre 2024 nommant Monsieur Paul  MOURIER, pr\u00e9fet  de  la r\u00e9gion\nBourgogne-Franche-Comt\u00e9, pr\u00e9fet de la C\u00f4te d'Or;\nVu le  d\u00e9cret  du  14  novembre  2024  portant  nomination  de  Monsieur  Denis  BRUEL,  \nadministrateur de l'\u00c9tat du deuxi\u00e8me grade, en qualit\u00e9 de secr\u00e9taire g\u00e9n\u00e9ral de la pr\u00e9fecture de  \nla C\u00f4te-d'Or, sous-pr\u00e9fet de Dijon (groupe II) ;\nVu le d\u00e9cret du 6 mars 2025 portant nomination de Madame Aur\u00e9lie CONTRECIVILE, en qualit\u00e9  \nde sous-pr\u00e9f\u00e8te, directrice de cabinet du pr\u00e9fet de la r\u00e9gion Bourgogne-Franche-Comt\u00e9, pr\u00e9fet  \nde la C\u00f4te-d'Or ;\nVu l'arr\u00eat\u00e9 pr\u00e9fectoral n\u00b0 1825/SG du 29 novembre donnant d\u00e9l\u00e9gation de signature \u00e0 Monsieur  \nOlivier GERSTL\u00c9, sous-pr\u00e9fet, directeur de cabinet du pr\u00e9fet de la r\u00e9gion Bourgogne-Franche-\nComt\u00e9, pr\u00e9fet de la C\u00f4te-d'Or ;\nSur proposition de Monsieur le secr\u00e9taire g\u00e9n\u00e9ral de la pr\u00e9fecture de la C\u00f4te-d'Or ;\nPr\u00e9fecture de la C\u00f4te-d'Or - 21-2025-03-17-00002 - Arr\u00eat\u00e9 pr\u00e9fectoral n\u00b0 443 / SG du 17 mars 2025\ndonnant d\u00e9l\u00e9gation de signature \u00e0 Madame Aur\u00e9lie CONTRECIVILE, sous-pr\u00e9f\u00e8te,\ndirectrice de cabinet du pr\u00e9fet de la r\u00e9gion Bourgogne-Franche-Comt\u00e9,\npr\u00e9fet de la C\u00f4te-d'Or\n20\nARR\u00caTE\nArticle 1er  : L' arr\u00eat\u00e9 pr\u00e9fectoral n\u00b0 1825/SG du 29 novembre 2024 donnant d\u00e9l\u00e9gation de  \nsignature \u00e0 Monsieur Olivier GERSTL \u00c9, sous-pr\u00e9fet, directeur de cabinet du pr\u00e9fet de la r\u00e9gion  \nBourgogne-Franche-Comt\u00e9, pr\u00e9fet de la C\u00f4te-d'Or , et toutes dispositions ant\u00e9rieures contraires  \nau pr\u00e9sent arr\u00eat\u00e9 sont abrog\u00e9s \u00e0 compter du 17 mars 2025.\nArticle  2 :  D\u00e9l\u00e9gation  de  signature  est  donn\u00e9e  \u00e0  Madame  Aur\u00e9lie  CONTRECIVILE,  sous-\npr\u00e9f\u00e8te, directrice de cabinet du pr\u00e9fet de la r\u00e9gion Bourgogne-Franche-Comt\u00e9, pr\u00e9fet de la  \nC\u00f4te-d'Or, \u00e0 l'effet de signer, au nom du pr\u00e9fet, tous actes, arr\u00eat\u00e9s, autorisations de d\u00e9roger aux  \nnormes  d'application  obligatoire,  d\u00e9cisions  et  pi\u00e8ces  comptables,  dans  tous  les  domaines \nrelevant des attributions du cabinet du pr\u00e9fet et des services rattach\u00e9s, \u00e0 l'exclusion toutefois  \ndes d\u00e9clinatoires de comp\u00e9tence et des arr\u00eat\u00e9s de conflit.\nEn compl\u00e9ment des attributions sus-vis\u00e9es, d\u00e9l\u00e9gation de signature est \u00e9galement accord\u00e9e \u00e0  \nMadame Aur\u00e9lie CONTRECIVILE, \u00e0 l'effet de signer :\n\u2022 les  arr\u00eat\u00e9s  et  tous  actes  et  d\u00e9cisions  concernant  les  soins  psychiatriques  sans \nconsentement ;\n\u2022 les arr\u00eat\u00e9s et tous actes et d\u00e9cisions concernant les mesures d'\u00e9loignement du territoire  \nfran\u00e7ais ainsi que le choix du pays de destination ; \n\u2022 les arr\u00eat\u00e9s portant immobilisation et/ou mise en fourri\u00e8re \u00e0 titre provisoire d'un v\u00e9hicule  \nainsi que les autorisations d\u00e9finitives de sortie de mise en fourri\u00e8re, sur l'ensemble du  \nd\u00e9partement except\u00e9 sur la zone police (communes de DIJON, CHENOVE, LONGVIC,  \nFONTAINE LES DIJON, TALANT, BEAUNE et sur la M 274 (rocade de DIJON)) ;\n\u2022 les lettres d'acceptation des d\u00e9missions des maires et des adjoints au maire ainsi que  \ncelles  des  pr\u00e9sidents  et  vice-pr\u00e9sidents  d'\u00e9tablissements  publics  de  coop\u00e9ration \nintercommunale.\nArticle  3 : En  cas  d'absence  ou  d'emp\u00eachement  de  Madame  Aur\u00e9lie  CONTRECIVILE,  la \npr\u00e9sente d\u00e9l\u00e9gation est donn\u00e9e \u00e0 Madame Nathalie AUBERTIN, directrice adjointe du cabinet,  \ndirectrice  des  s\u00e9curit\u00e9s,  \u00e0  l'effet  de  signer  les  arr\u00eat\u00e9s,  d\u00e9cisions,  circulaires,  rapports, \ncorrespondances et documents administratifs et r\u00e9glementaires vis\u00e9s \u00e0 l'article 2 \u00e0 l'exception :\n\u2022 des d\u00e9f\u00e9r\u00e9s pr\u00e9fectoraux ainsi que des m\u00e9moires en d\u00e9fense ou en r\u00e9ponse ;\n\u2022 des actes, d\u00e9cisions et arr\u00eat\u00e9s en mati\u00e8re de demande de concours de moyens publics  \nou priv\u00e9s ;\n\u2022 des  arr\u00eat\u00e9s  portant  cr\u00e9ation  des  p\u00e9rim\u00e8tres  de  protection  mentionn\u00e9s  au  code  de \ns\u00e9curit\u00e9 int\u00e9rieure ;\n\u2022 des d\u00e9cisions d'octroi du concours de la force publique ;\n\u2022 des mises en demeure de quitter les lieux en application de la loi n\u00b02000-614 du 5 juillet  \n2000 modifi\u00e9e relative \u00e0 l'accueil et \u00e0 l'habitat des gens du voyage ;\n\u2022 des arr\u00eat\u00e9s portant r\u00e9quisition de m\u00e9decins lib\u00e9raux dans le cadre de la mission de  \nservice public de permanence des soins mentionn\u00e9e au code de la sant\u00e9 publique ;\n\u2022 des  d\u00e9cisions  autorisant  les  employ\u00e9s  exer\u00e7ant  une  activit\u00e9  de  surveillance  ou  de \ngardiennage \u00e0 effectuer des palpations de s\u00e9curit\u00e9 pr\u00e9vues au code de la s\u00e9curit\u00e9  \nint\u00e9rieure\n\u2022 des arr\u00eat\u00e9s autorisant \u00e0 titre exceptionnel des agents de s\u00e9curit\u00e9 priv\u00e9e \u00e0 exercer sur la  \nvoie publique au titre du code de la s\u00e9curit\u00e9 int\u00e9rieure ;\n\u2022 des arr\u00eat\u00e9s de mise en demeure de quitter les lieux en cas d'occupation illicite du  \ndomicile d'autrui par un tiers au titre de la loi n\u00b02007-290 du 5 mars 2007 instituant le  \ndroit au logement opposable et portant diverses mesures en faveur de la coh\u00e9sion  \nsociale dite loi \u00ab DALO \u00bb\n2/3\nPr\u00e9fecture de la C\u00f4te-d'Or - 21-2025-03-17-00002 - Arr\u00eat\u00e9 pr\u00e9fectoral n\u00b0 443 / SG du 17 mars 2025\ndonnant d\u00e9l\u00e9gation de signature \u00e0 Madame Aur\u00e9lie CONTRECIVILE, sous-pr\u00e9f\u00e8te,\ndirectrice de cabinet du pr\u00e9fet de la r\u00e9gion Bourgogne-Franche-Comt\u00e9,\npr\u00e9fet de la C\u00f4te-d'Or\n21\n\u2022 des arr\u00eat\u00e9s portant interdiction temporaire de rassemblements festifs \u00e0 caract\u00e8re musical \nnon autoris\u00e9s et interdiction de circulation des v\u00e9hicules transportant du mat\u00e9riel de son  \n\u00e0 destination d'un rassemblement festif musical non autoris\u00e9 ;\n\u2022 des arr\u00eat\u00e9s portant interdiction de stade  ;des attributions de subventions et conventions  \nengageant financi\u00e8rement l'\u00c9tat ;\n\u2022 des conventions avec l'\u00c9tat ;\n\u2022 des  arr\u00eat\u00e9s  et  tous  actes  et  d\u00e9cisions  concernant  les  soins  psychiatriques  sans \nconsentement ;\n\u2022 des arr\u00eat\u00e9s et tous actes et d\u00e9cisions concernant les mesures d'\u00e9loignement du territoire  \nfran\u00e7ais ainsi que le choix du pays de destination ; \n\u2022 des arr\u00eat\u00e9s portant immobilisation et/ou mise en fourri\u00e8re \u00e0 titre provisoire d'un v\u00e9hicule  \nainsi que les autorisations d\u00e9finitives de sortie de mise en fourri\u00e8re, sur l'ensemble du  \nd\u00e9partement ;\n\u2022 des lettres d'acceptation des d\u00e9missions des maires et des adjoints au maire ainsi que  \ncelles  des  pr\u00e9sidents  et  vice-pr\u00e9sidents  d'\u00e9tablissements  publics  de  coop\u00e9ration \nintercommunale.\nArticle 4: En cas d'absence ou d'emp\u00eachement de Madame CONTRECIVILE , la d\u00e9l\u00e9gation de  \nsignature qui lui est consentie pourra \u00e9galement \u00eatre exerc\u00e9e par Monsieur Denis BRUEL , \nsecr\u00e9taire g\u00e9n\u00e9ral de la pr\u00e9fecture de la C\u00f4te d'Or.\nArticle 5 : Le pr\u00e9sent arr\u00eat\u00e9 prendra effet le 17 mars 2025.\nArticle 6 : Le secr\u00e9taire g\u00e9n\u00e9ral de la pr\u00e9fecture de la c\u00f4te d'or et la directrice de cabinet sont  \ncharg\u00e9s, chacun pour ce qui le concerne, de l'ex\u00e9cution du pr\u00e9sent arr\u00eat\u00e9 qui sera publi\u00e9 au  \nrecueil des actes administratifs de la pr\u00e9fecture de la C\u00f4te-d'Or. \nFait \u00e0 Dijon, le 17 mars 2025\nLe pr\u00e9fet,\nSign\u00e9 :\nPaul MOURIER\n3/3\nPr\u00e9fecture de la C\u00f4te-d'Or - 21-2025-03-17-00002 - Arr\u00eat\u00e9 pr\u00e9fectoral n\u00b0 443 / SG du 17 mars 2025\ndonnant d\u00e9l\u00e9gation de signature \u00e0 Madame Aur\u00e9lie CONTRECIVILE, sous-pr\u00e9f\u00e8te,\ndirectrice de cabinet du pr\u00e9fet de la r\u00e9gion Bourgogne-Franche-Comt\u00e9,\npr\u00e9fet de la C\u00f4te-d'Or\n22\nPr\u00e9fecture de la C\u00f4te-d'Or\nP\u00f4le juridique inter-services\n21-2025-03-17-00003\nArr\u00eat\u00e9 pr\u00e9fectoral n\u00b0 444 / SG du 17 mars 2025\ndonnant d\u00e9l\u00e9gation de signature \u00e0 Monsieur\nDenis BRUEL,\nsecr\u00e9taire g\u00e9n\u00e9ral  de la pr\u00e9fecture de la\nC\u00f4te-d'Or\nPr\u00e9fecture de la C\u00f4te-d'Or - 21-2025-03-17-00003 - Arr\u00eat\u00e9 pr\u00e9fectoral n\u00b0 444 / SG du 17 mars 2025\ndonnant d\u00e9l\u00e9gation de signature \u00e0 Monsieur Denis BRUEL,\nsecr\u00e9taire g\u00e9n\u00e9ral  de la pr\u00e9fecture de la C\u00f4te-d'Or\n23\nExPREFETDE LACOTE-D'ORLibert\u00e9Egalit\u00e9Fraternit\u00e9\nArr\u00eat\u00e9 pr\u00e9fectoral n\u00b0 444 / SG du 17 mars 2025\ndonnant d\u00e9l\u00e9gation de signature \u00e0 Monsieur Denis BRUEL,\nsecr\u00e9taire g\u00e9n\u00e9ral  de la pr\u00e9fecture de la C\u00f4te-d'Or\nLe pr\u00e9fet de la C\u00f4te-d'Or\nVu la  loi  n\u00b0  82.213  du  2  mars  1982  modifi\u00e9e  relative  aux  droits  et  libert\u00e9s  des \ncommunes, des d\u00e9partements et des r\u00e9gions ;\nVu le  d\u00e9cret  n\u00b0  2004-374  du  29  avril  2004  relatif  aux  pouvoirs  des  pr\u00e9fets,  \u00e0 \nl'organisation et \u00e0 l'action des services de l'\u00c9tat dans les r\u00e9gions et d\u00e9partements,  \nmodifi\u00e9 par le d\u00e9cret n\u00b0 2010-146 du 16 f\u00e9vrier 2010 et par le d\u00e9cret n\u00b0 2010-687 du 24  \njuin 2010 ;\nVu le d\u00e9cret n\u00b0 2008-158 du 22 f\u00e9vrier 2008 relatif \u00e0 la suppl\u00e9ance des pr\u00e9fets de r\u00e9gion \net \u00e0 la d\u00e9l\u00e9gation de signature des pr\u00e9fets et hauts commissaires de la R\u00e9publique en  \nPolyn\u00e9sie fran\u00e7aise et en Nouvelle-Cal\u00e9donie ;\nVu le d\u00e9cret n\u00b0 2009-176 du 16 f\u00e9vrier 2009 modifiant le d\u00e9cret n\u00b0 64-805 du 29  juillet \n1964 fixant les dispositions r\u00e9glementaires applicables aux pr\u00e9fets et le d\u00e9cret n\u00b0 2004-\n374 du 29 avril 2004 relatif aux pouvoirs des pr\u00e9fets, \u00e0 l'organisation et \u00e0 l'action des  \nservices de l'\u00c9tat dans les r\u00e9gions et d\u00e9partements ;\nVu le d\u00e9cret du 10 octobre 2024 nommant Monsieur Paul MOURIER, pr\u00e9fet de la r\u00e9gion  \nBourgogne-Franche-Comt\u00e9, pr\u00e9fet de la C\u00f4te d'Or ;\nVu le d\u00e9cret du 6 juillet 2023, portant nomination de Monsieur Beno\u00eet BYRSKI, en  \nqualit\u00e9 de sous-pr\u00e9fet de Beaune ;\nVu le d\u00e9cret du 17 novembre 2023 portant nomination de Monsieur S\u00e9bastien LANOYE,  \nsous- pr\u00e9fet de Montbard ;\nVu le d\u00e9cret du 14 novembre 2024 portant nomination de Monsieur Denis BRUEL,  \nadministrateur  de  l'\u00c9tat  du  deuxi\u00e8me  grade,  en  qualit\u00e9  de  secr\u00e9taire  g\u00e9n\u00e9ral  de  la \npr\u00e9fecture de la C\u00f4te-d'Or, sous-pr\u00e9fet de Dijon (groupe II) ;\nVu le d\u00e9cret du 6 mars 2025 portant nomination de Madame Aur\u00e9lie CONTREVILE,  \nsous-pr\u00e9f\u00e8te, en qualit\u00e9 de sous-pr\u00e9f\u00e8te, directrice de cabinet du pr\u00e9fet de la r\u00e9gion  \nBourgogne-Franche-Comt\u00e9, pr\u00e9fet de la C\u00f4te-d'Or ;\n  \nPr\u00e9fecture de la C\u00f4te-d'Or - 21-2025-03-17-00003 - Arr\u00eat\u00e9 pr\u00e9fectoral n\u00b0 444 / SG du 17 mars 2025\ndonnant d\u00e9l\u00e9gation de signature \u00e0 Monsieur Denis BRUEL,\nsecr\u00e9taire g\u00e9n\u00e9ral  de la pr\u00e9fecture de la C\u00f4te-d'Or\n24\nVu l'arr\u00eat\u00e9  pr\u00e9fectoral  n\u00b0  1824/SG  du  28  novembre  2024,  donnant  d\u00e9l\u00e9gation  de \nsignature \u00e0 Monsieur Denis BRUEL, secr\u00e9taire g\u00e9n\u00e9ral de la pr\u00e9fecture de la C\u00f4te-d'Or ;\nSur proposition de Monsieur le secr\u00e9taire g\u00e9n\u00e9ral de la pr\u00e9fecture de la C\u00f4te-d'Or ;\nARR\u00caTE\nArticle 1er : L'arr\u00eat\u00e9 pr\u00e9fectoral n\u00b0 1824/SG du 29 novembre 2024,  donnant d\u00e9l\u00e9gation \nde signature \u00e0 Monsieur Denis BRUEL, secr\u00e9taire g\u00e9n\u00e9ral de la pr\u00e9fecture de la C\u00f4te-\nd'Or, et toutes dispositions ant\u00e9rieures contraires au pr\u00e9sent arr\u00eat\u00e9 sont abrog\u00e9s \u00e0  \ncompter du 17 mars 2025.\nArticle 2  : D\u00e9l\u00e9gation de signature est donn\u00e9e \u00e0 Monsieur Denis BRUEL, secr\u00e9taire  \ng\u00e9n\u00e9ral de la pr\u00e9fecture de la C\u00f4te-d'Or, \u00e0 l'effet de signer tous arr\u00eat\u00e9s, d\u00e9cisions,  \ncirculaires, rapports, correspondances et documents relevant des attributions de l'\u00c9tat  \ndans le d\u00e9partement de la C\u00f4te-d'Or, ainsi que tous recours juridictionnels, m\u00e9moires et  \ndocuments se rapportant \u00e0 la saisine des juridictions judiciaires en mati\u00e8re de r\u00e9tention  \nadministrative, \u00e0 l'exception :\ndes d\u00e9clinatoires de comp\u00e9tences et arr\u00eat\u00e9s de conflit.\nArticle  3 : En  cas  d'absence  ou  d'emp\u00eachement  de  Monsieur  Denis  BRUEL,  les \npouvoirs et fonctions de secr\u00e9taire g\u00e9n\u00e9ral de la pr\u00e9fecture de la C\u00f4te-d'Or seront  \nexerc\u00e9s par Madame Aur\u00e9lie CONTRECIVILE, sous-pr\u00e9f\u00e8te, en qualit\u00e9 de sous-pr\u00e9fet,  \ndirectrice de cabinet du pr\u00e9fet de la r\u00e9gion Bourgogne-Franche-Comt\u00e9, pr\u00e9fet de la  \nC\u00f4te-d'Or ;\nPendant  ladite  p\u00e9riode  d'absence  ou  d'emp\u00eachement  de  Monsieur  Denis  BRUEL, \nMadame Aur\u00e9lie CONTRECIVILE, exercera, outre les attributions conf\u00e9r\u00e9es par les lois  \net  r\u00e8glements  aux  secr\u00e9taires  g\u00e9n\u00e9raux  de  pr\u00e9fecture,  la  d\u00e9l\u00e9gation  de  signature \nd\u00e9finie \u00e0 l'article 2 du pr\u00e9sent arr\u00eat\u00e9 au profit de Monsieur Denis BRUEL.\nArticle 4  : En cas d'absence ou d'emp\u00eachement de Monsieur Denis BRUEL et de  \nMadame Aur\u00e9lie CONTRECIVILE, les pouvoirs et fonctions de secr\u00e9taire g\u00e9n\u00e9ral de la  \npr\u00e9fecture de la C\u00f4te-d'Or seront exerc\u00e9s par Monsieur Beno\u00eet BYRSKI, sous-pr\u00e9fet de \nBeaune ou, en son absence ou emp\u00eachement, par Monsieur S\u00e9bastien LANOYE, sous-\npr\u00e9fet de Montbard.\nPendant ladite p\u00e9riode d'absence ou d'emp\u00eachement de Monsieur Denis BRUEL et de  \nMadame Aur\u00e9lie CONTRECIVILE,  Monsieur Beno\u00eet BYRSKI , sous-pr\u00e9fet de Beaune,  \nou, en son absence ou emp\u00eachement, Monsieur S\u00e9bastien LANOYE, sous-pr\u00e9fet de  \nMontbard exerceront, outre les attributions conf\u00e9r\u00e9es par les lois et r\u00e8glements aux  \nsecr\u00e9taires g\u00e9n\u00e9raux de pr\u00e9fecture, la d\u00e9l\u00e9gation de signature d\u00e9finie \u00e0 l'article  2  du \npr\u00e9sent arr\u00eat\u00e9 au profit de Monsieur Denis BRUEL. \n2/3\nPr\u00e9fecture de la C\u00f4te-d'Or - 21-2025-03-17-00003 - Arr\u00eat\u00e9 pr\u00e9fectoral n\u00b0 444 / SG du 17 mars 2025\ndonnant d\u00e9l\u00e9gation de signature \u00e0 Monsieur Denis BRUEL,\nsecr\u00e9taire g\u00e9n\u00e9ral  de la pr\u00e9fecture de la C\u00f4te-d'Or\n25\nArticle 5 : Le pr\u00e9sent arr\u00eat\u00e9 prendra effet le 17 mars 2025.\nArticle 7 : Le secr\u00e9taire g\u00e9n\u00e9ral de la pr\u00e9fecture de la C\u00f4te-d'Or, la directrice de cabinet \ndu pr\u00e9fet de la r\u00e9gion Bourgogne-Franche-Comt\u00e9, pr\u00e9fet de la C\u00f4te-d'Or, le sous-pr\u00e9fet  \nde Beaune et le sous-pr\u00e9fet de Montbard  sont charg\u00e9s, de l'ex\u00e9cution du pr\u00e9sent arr\u00eat\u00e9  \nqui sera publi\u00e9 au recueil des actes administratifs de la pr\u00e9fecture de la C\u00f4te-d'Or.\nFait \u00e0 Dijon, le 17 mars 2025\nLe pr\u00e9fet,\nSign\u00e9 :\nPaul MOURIER\n3/3\nPr\u00e9fecture de la C\u00f4te-d'Or - 21-2025-03-17-00003 - Arr\u00eat\u00e9 pr\u00e9fectoral n\u00b0 444 / SG du 17 mars 2025\ndonnant d\u00e9l\u00e9gation de signature \u00e0 Monsieur Denis BRUEL,\nsecr\u00e9taire g\u00e9n\u00e9ral  de la pr\u00e9fecture de la C\u00f4te-d'Or\n26\nPr\u00e9fecture de la C\u00f4te-d'Or\nP\u00f4le juridique inter-services\n21-2025-03-17-00004\nArr\u00eat\u00e9 pr\u00e9fectoral n\u00b0 445 / SG du 17 mars 2025 \ndonnant d\u00e9l\u00e9gation de signature \u00e0 Monsieur\nBeno\u00eet BYRSKI,\nsous-pr\u00e9fet de Beaune\nPr\u00e9fecture de la C\u00f4te-d'Or - 21-2025-03-17-00004 - Arr\u00eat\u00e9 pr\u00e9fectoral n\u00b0 445 / SG du 17 mars 2025 \ndonnant d\u00e9l\u00e9gation de signature \u00e0 Monsieur Beno\u00eet BYRSKI,\nsous-pr\u00e9fet de Beaune\n27\nExPREFETDE LACOTE-D'ORLibert\u00e9Egalit\u00e9Fraternit\u00e9\nArr\u00eat\u00e9 pr\u00e9fectoral n\u00b0 445 / SG du 17 mars 2025 \ndonnant d\u00e9l\u00e9gation de signature \u00e0 Monsieur Beno\u00eet BYRSKI,\nsous-pr\u00e9fet de Beaune\nLe pr\u00e9fet de la C\u00f4te-d'Or\nVu la  loi  n\u00b0  82.213  du  2  mars  1982  modifi\u00e9e  relative  aux  droits  et  libert\u00e9s  des \ncommunes, des d\u00e9partements et des r\u00e9gions ;\nVu le  d\u00e9cret  n\u00b0  2004-374  du  29  avril  2004  relatif  aux  pouvoirs  des  pr\u00e9fets,  \u00e0 \nl'organisation et \u00e0 l'action des services de l'\u00c9tat dans les r\u00e9gions et d\u00e9partements,  \nmodifi\u00e9 par le d\u00e9cret n\u00b0 2010-146 du 16 f\u00e9vrier 2010 et par le d\u00e9cret n\u00b0 2010-687 du 24  \njuin 2010 ;\nVu le d\u00e9cret n\u00b0 2008-158 du 22 f\u00e9vrier 2008 relatif \u00e0 la suppl\u00e9ance des pr\u00e9fets de r\u00e9gion \net \u00e0 la d\u00e9l\u00e9gation de signature des pr\u00e9fets et hauts commissaires de la R\u00e9publique en  \nPolyn\u00e9sie fran\u00e7aise et en Nouvelle-Cal\u00e9donie ;\nVu le d\u00e9cret n\u00b0 2009-176 du 16 f\u00e9vrier 2009 modifiant le d\u00e9cret n\u00b0 64-805 du 29  juillet \n1964 fixant les dispositions r\u00e9glementaires applicables aux pr\u00e9fets et le d\u00e9cret n\u00b0 2004-\n374 du 29 avril 2004 relatif aux pouvoirs des pr\u00e9fets, \u00e0 l'organisation et \u00e0 l'action des  \nservices de l'\u00c9tat dans les r\u00e9gions et d\u00e9partements ;\nVu le d\u00e9cret du 10 octobre 2024 nommant Monsieur Paul MOURIER, pr\u00e9fet de la r\u00e9gion  \nBourgogne-Franche-Comt\u00e9, pr\u00e9fet de la C\u00f4te d'Or ;\nVu le d\u00e9cret du 6 juillet 2023, portant nomination de Monsieur Beno\u00eet BYRSKI, en  \nqualit\u00e9 de sous-pr\u00e9fet de Beaune ;\nVu le d\u00e9cret du 17 novembre 2023 portant nomination de Monsieur S\u00e9bastien LANOYE,  \nsous- pr\u00e9fet de Montbard ;\nVu le d\u00e9cret du 14 novembre 2024 portant nomination de Monsieur Denis BRUEL, en  \nqualit\u00e9 de secr\u00e9taire g\u00e9n\u00e9ral de la pr\u00e9fecture de la C\u00f4te-d'Or, sous-pr\u00e9fet de Dijon ;\nVu le d\u00e9cret du 6 mars 2025 portant nomination de Madame Aur\u00e9lie CONTRECIVILE,  \nen qualit\u00e9 de sous-pr\u00e9f\u00e8te, directrice de cabinet du pr\u00e9fet de la r\u00e9gion Bourgogne-\nFranche-Comt\u00e9, pr\u00e9fet de la C\u00f4te-d'Or ;\nPr\u00e9fecture de la C\u00f4te-d'Or - 21-2025-03-17-00004 - Arr\u00eat\u00e9 pr\u00e9fectoral n\u00b0 445 / SG du 17 mars 2025 \ndonnant d\u00e9l\u00e9gation de signature \u00e0 Monsieur Beno\u00eet BYRSKI,\nsous-pr\u00e9fet de Beaune\n28\nVu l'arr\u00eat\u00e9  pr\u00e9fectoral  n\u00b0  1826/SG  du  29  novembre  2024  donnant  d\u00e9l\u00e9gation  de \nsignature \u00e0 Monsieur Beno\u00eet BYRSKI, sous-pr\u00e9fet de Beaune ;\nSur proposition de Monsieur le secr\u00e9taire g\u00e9n\u00e9ral de la pr\u00e9fecture de la C\u00f4te-d'Or ;\nARR\u00caTE\nArticle 1  er   : L'arr\u00eat\u00e9 pr\u00e9fectoral n\u00b0 1826/SG du 29 novembre 2024 donnant d\u00e9l\u00e9gation  \nde  signature  \u00e0  Monsieur  Beno\u00eet  BYRSKI,  sous-pr\u00e9fet  de  Beaune,  ainsi  que  toutes \ndispositions ant\u00e9rieures contraires aux pr\u00e9sents arr\u00eat\u00e9s sont abrog\u00e9s.\nArticle 2 : D\u00e9l\u00e9gation de signature est donn\u00e9e \u00e0 Monsieur Beno\u00eet BYRSKI, sous-pr\u00e9fet \nde  Beaune,  \u00e0  l'effet  de  signer  les  d\u00e9cisions  suivantes  dans  le  ressort  de  \nl'arrondissement de Beaune :\nPOLICE G\u00c9N\u00c9RALE :\n1. octroi du concours de la force publique pour l'ex\u00e9cution des jugements d'expulsion des  \nlocataires ;\n2. indemnisation en responsabilit\u00e9 de l'\u00c9tat en cas de refus d'octroi du concours de la  \nforce publique pour l'ex\u00e9cution des jugements d'expulsion ;\n3. r\u00e9quisitions de logements ;\n4. toute autorisation relative \u00e0 la police des caf\u00e9s, d\u00e9bits de boissons, bals, spectacles et  \nautres lieux publics exc\u00e9dant la comp\u00e9tence des autorit\u00e9s municipales ;\n5. fermeture administrative des d\u00e9bits de boissons pour une dur\u00e9e n'exc\u00e9dant pas trois  \nmois ;\n6. d\u00e9cisions relatives au transfert de licences de d\u00e9bit de boissons ;\n7. r\u00e9c\u00e9piss\u00e9s de brocanteurs, colporteurs, revendeurs d'objets mobiliers ;\n8. r\u00e9c\u00e9piss\u00e9s de d\u00e9claration et autorisations des courses p\u00e9destres, cyclistes, hippiques  \net  manifestations  nautiques  se  d\u00e9roulant  exclusivement  sur  le  territoire  de  \nl'arrondissement,  et  manifestations  de  v\u00e9hicules  \u00e0  moteurs  sur  voie  ouverte  \u00e0  la \ncirculation  ou  sur  circuits  homologu\u00e9s  ou  non,  et  homologation  des  circuits  pour \nv\u00e9hicules \u00e0 moteur ;\n9. autorisations d'utilisation temporaire des locaux scolaires ;\n10.reconnaissance de l'aptitude technique des gardes particuliers ;\n11.agr\u00e9ment  et  retrait  d'agr\u00e9ment  des  gardes  particuliers,  gardes-chasse  et  gardes-\np\u00eache, et d\u00e9livrance des cartes d'agr\u00e9ment ;\n12.installation et prestation de serment des fonctionnaires de l'\u00c9tat ;\n13.nomination des commissaires-enqu\u00eateurs et ouverture des enqu\u00eates de commodo et  \nincommodo : tous actes de proc\u00e9dure ;\n14.autorisations de versement d'indemnit\u00e9s aux fonctionnaires de l'\u00c9tat pour les services  \nrendus aux communes et \u00e9tablissements publics communaux ou intercommunaux,  \ndans la limite r\u00e9glementaire ;\n2/7\nPr\u00e9fecture de la C\u00f4te-d'Or - 21-2025-03-17-00004 - Arr\u00eat\u00e9 pr\u00e9fectoral n\u00b0 445 / SG du 17 mars 2025 \ndonnant d\u00e9l\u00e9gation de signature \u00e0 Monsieur Beno\u00eet BYRSKI,\nsous-pr\u00e9fet de Beaune\n29\n15.autorisations de poursuite par voie de vente ;\n16.arr\u00eat\u00e9s modifiant les heures de scrutin pour les \u00e9lections aux Chambres Consulaires et \n\u00e0 la Mutualit\u00e9 Sociale Agricole ;\n17.arr\u00eat\u00e9s d'occupation temporaire et de p\u00e9n\u00e9tration sur les propri\u00e9t\u00e9s priv\u00e9es en vue de  \nla r\u00e9alisation de travaux publics ;\n18.en mati\u00e8re de l\u00e9gislation fun\u00e9raire :\n\u2022 arr\u00eat\u00e9s d'inhumation et de cr\u00e9mation hors des d\u00e9lais l\u00e9gaux,\n\u2022 arr\u00eat\u00e9s d'inhumation en terrain priv\u00e9,\n\u2022 arr\u00eat\u00e9s de transport de corps hors du territoire national,\n\u2022 arr\u00eat\u00e9s de transport d'urne cin\u00e9raire hors du territoire national,\n\u2022 habilitation des entreprises de pompes fun\u00e8bres ;\n19.d\u00e9cisions  de  la  commission  de  s\u00e9curit\u00e9  et  d'accessibilit\u00e9  de  l'arrondissement,  y \ncompris les d\u00e9cisions de la sous-commission de s\u00e9curit\u00e9 et d'accessibilit\u00e9 ;\n20.arr\u00eat\u00e9s pr\u00e9fectoraux de d\u00e9rogation aux r\u00e8gles de s\u00e9curit\u00e9 et d'accessibilit\u00e9 concernant  \nles \u00e9tablissements recevant du public ;\n21.arr\u00eat\u00e9s portant rattachement d'une personne sans r\u00e9sidence ni domicile fixe \u00e0 une  \ncommune de l'arrondissement ;\n22.r\u00e9c\u00e9piss\u00e9s de d\u00e9claration de manifestations sur la voie publique ;\nADMINISTRATION LOCALE :\n1. acceptation des d\u00e9missions d'adjoint au maire ;\n2. lettres d'observation aux collectivit\u00e9s dans le cadre du contr\u00f4le des actes et du  \ncontr\u00f4le budg\u00e9taire ;\n3. cr\u00e9ation,  modification  et  dissolution  des  associations  syndicales  libres  et  des \nassociations fonci\u00e8res urbaines libres ;\n4. cr\u00e9ation,  contr\u00f4le,  modification,  dissolution,  union  et  fusion  des  associations \nsyndicales autoris\u00e9es ;\n5. cr\u00e9ation, contr\u00f4le, modification, dissolution des associations fonci\u00e8res urbaines  \nautoris\u00e9es  et  transformation  des  associations  fonci\u00e8res  de  remembrement  en \nassociations syndicales autoris\u00e9es ;\n6. cr\u00e9ation,  modification  et  dissolution  des  syndicats  intercommunaux,  des  \ncommunaut\u00e9s de communes et des syndicats mixtes de 1 \u00e8re ou 2 \u00e8me cat\u00e9gorie  \nlorsque tous les membres et le si\u00e8ge sont dans l'arrondissement ;\n7. demande au maire de r\u00e9unir le conseil municipal avec possibilit\u00e9 d'abr\u00e9ger le d\u00e9lai  \nen cas d'urgence (article L.2121.9 du code g\u00e9n\u00e9ral des collectivit\u00e9s territoriales) ;\n8. demande d'avis du conseil municipal pr\u00e9vu par l'article L.2121.29 du code g\u00e9n\u00e9ral  \ndes collectivit\u00e9s territoriales ;\n9. convocation  des  \u00e9lecteurs  pour  toute  \u00e9lection  municipale  compl\u00e9mentaire  (et \nnotamment en application de l'article L.258 du code \u00e9lectoral) ;\n3/7\nPr\u00e9fecture de la C\u00f4te-d'Or - 21-2025-03-17-00004 - Arr\u00eat\u00e9 pr\u00e9fectoral n\u00b0 445 / SG du 17 mars 2025 \ndonnant d\u00e9l\u00e9gation de signature \u00e0 Monsieur Beno\u00eet BYRSKI,\nsous-pr\u00e9fet de Beaune\n30\n10. r\u00e9ception des candidatures et d\u00e9livrance des re\u00e7us de d\u00e9p\u00f4t et des r\u00e9c\u00e9piss\u00e9s  \nd\u00e9finitifs  de  d\u00e9clarations  de  candidatures  pour  les  \u00e9lections  municipales  \ncompl\u00e9mentaires dans les communes de l'arrondissement de Beaune ;\n11. d\u00e9signation  des  membres  des  commissions  de  contr\u00f4le  des  listes  \u00e9lectorales \ninstitu\u00e9es dans les communes de l'arrondissement de Beaune ;\n12. substitution au maire dans les cas pr\u00e9vus par les articles L.2122.34, L.2213.17, et  \nL.2215.1 du code g\u00e9n\u00e9ral des collectivit\u00e9s territoriales  ;convocation des \u00e9lecteurs  \npour  la  d\u00e9signation  des  commissions  syndicales,  fixation  de  la  dur\u00e9e  de  la \ncommission, consultation de la commission et consultation du conseil municipal ;\n13. approbation des d\u00e9lib\u00e9rations des conseils municipaux pr\u00e9vue \u00e0 l'article L.2544.4  \ndu code g\u00e9n\u00e9ral des collectivit\u00e9s territoriales (section de commune poss\u00e9dant un  \npatrimoine s\u00e9par\u00e9) ;\n14. en mati\u00e8re de sections de commune :\n\u2022 arr\u00eat\u00e9s  pronon\u00e7ant  le  transfert  des  biens  d'une  section  de  commune  \u00e0  la \ncommune (article L.2411.11 du code g\u00e9n\u00e9ral des collectivit\u00e9s territoriales) ;\n\u2022 convocation  des  \u00e9lecteurs  dans  le  cas  pr\u00e9vu  \u00e0  l'article  L.2411.9  du  code \ng\u00e9n\u00e9ral des collectivit\u00e9s territoriales ;\n15. en mati\u00e8re de biens indivis :\n\u2022 constitution des commissions syndicales en l'absence de d\u00e9cision des conseils \nmunicipaux  concern\u00e9s  et  arr\u00eat\u00e9  constitutif  en  cas  d'accord  des  conseils \nmunicipaux (articles L.5222.1 du code g\u00e9n\u00e9ral des collectivit\u00e9s territoriales) ;\n\u2022 r\u00e9partition des exc\u00e9dents en cas de d\u00e9saccord ou si les conseils municipaux  \nn'ont pas d\u00e9lib\u00e9r\u00e9 dans les d\u00e9lais prescrits (article L.5222.2 du code g\u00e9n\u00e9ral  \ndes collectivit\u00e9s territoriales) ;\n16. approbation des d\u00e9lib\u00e9rations, budgets et march\u00e9s des associations fonci\u00e8res de  \nremembrement,  des  associations  syndicales  autoris\u00e9es  et  des  associations \nfonci\u00e8res urbaines autoris\u00e9es ;\n17. r\u00f4les dress\u00e9s pour le recouvrement des taxes ou cotisations par les associations  \nfonci\u00e8res de remembrement ;\n18. \u00e9tats  annuels  de  notification  des  taux  d'imposition  des  quatre  taxes  directes \nlocales (\u00e9tats nos 1253 et 1259 MI) ;\n19. cr\u00e9ation d'office des cimeti\u00e8res dans les cas pr\u00e9vus par la loi ;\n20. prescription des enqu\u00eates pr\u00e9alables \u00e0 la modification des limites territoriales des  \ncommunes  pr\u00e9vues  \u00e0  l'article  L.2112.2  du  code  g\u00e9n\u00e9ral  des  collectivit\u00e9s \nterritoriales ;\n21. arr\u00eat\u00e9s portant modification des limites territoriales des communes situ\u00e9es dans  \nl'arrondissement, dans le cas o\u00f9 les limites cantonales ou d\u00e9partementales ne sont \npas modifi\u00e9es ;\n22. institution de la commission syndicale pr\u00e9vue \u00e0 l'article L.2112.3 du code g\u00e9n\u00e9ral  \ndes collectivit\u00e9s territoriales, dans les conditions d\u00e9finies \u00e0 l'article R.151.6 du code \ndes communes ;\n4/7\nPr\u00e9fecture de la C\u00f4te-d'Or - 21-2025-03-17-00004 - Arr\u00eat\u00e9 pr\u00e9fectoral n\u00b0 445 / SG du 17 mars 2025 \ndonnant d\u00e9l\u00e9gation de signature \u00e0 Monsieur Beno\u00eet BYRSKI,\nsous-pr\u00e9fet de Beaune\n31\n23. d\u00e9signation du d\u00e9l\u00e9gu\u00e9 de l'administration au sein des commissions communales  \ncharg\u00e9es de r\u00e9viser la liste \u00e9lectorale composant le coll\u00e8ge d\u00e9partemental des  \npropri\u00e9taires forestiers ;\n24. contr\u00f4le de l\u00e9galit\u00e9 des actes des soci\u00e9t\u00e9s d'\u00e9conomie mixte dont le si\u00e8ge est  \nsitu\u00e9 dans l'arrondissement ;\n25. d\u00e9cisions d'agr\u00e9ment des agents de police municipale (article 7 de la loi n\u00b0 99-291  \ndu 15 avril 1999) et cartes professionnelles correspondantes ;\n26. arr\u00eat\u00e9s  de  paiement  FCTVA et  leur  notification  et  validation  \u00e9lectronique  des \narr\u00eat\u00e9s d'attribution du Fonds de compensation pour la TVA ;\n27. convention entre le repr\u00e9sentant de l'\u00c9tat et les b\u00e9n\u00e9ficiaires du fonds, s'agissant  \nde l'application du dispositif du plan de relance de l'\u00e9conomie relatif au FCTVA ;\n28. arr\u00eat\u00e9s  constatant  que  les  collectivit\u00e9s  b\u00e9n\u00e9ficiaires  du  fonds,  s'agissant  de \nl'application du dispositif du plan de relance de l'\u00e9conomie relatif au FCTVA, ont ou \nn'ont pas respect\u00e9 leurs engagements ;\n29. d\u00e9rogations scolaires  : arbitrage en mati\u00e8re de participation financi\u00e8re entre les  \ncollectivit\u00e9s de r\u00e9sidence et de scolarisation\n30. Signature  des  conventions  relatives  \u00e0  l'exp\u00e9rimentation  du  Compte  Financier \nUnique.\nArticle  3 : D\u00e9l\u00e9gation  est  donn\u00e9e  \u00e0  Monsieur  Laurent  BOILL\u00c9E,  attach\u00e9  \nd'administration  de  l'\u00c9tat  hors  classe,  secr\u00e9taire  g\u00e9n\u00e9ral  de  la  sous-pr\u00e9fecture  de \nBeaune,  \u00e0  l'effet  de  signer  dans  le  ressort  de  l'arrondissement  de  Beaune  les \ndocuments suivants :\n1. d\u00e9cisions de la commission de s\u00e9curit\u00e9 et d'accessibilit\u00e9 de l'arrondissement, y  \ncompris les d\u00e9cisions de la sous-commission de s\u00e9curit\u00e9 et d'accessibilit\u00e9 ;\n2. arr\u00eat\u00e9s  pr\u00e9fectoraux  de  d\u00e9rogation  aux  r\u00e8gles  de  s\u00e9curit\u00e9  et  d'accessibilit\u00e9 \nconcernant les \u00e9tablissements recevant du public ;\n3. r\u00f4les dress\u00e9s pour le recouvrement des taxes ou cotisations par les associations  \nfonci\u00e8res de remembrement ou par les associations syndicales autoris\u00e9es ;\n4. \u00e9tats annuels de notification des taux d'imposition des quatre taxes directes locales  \n(\u00e9tats nos 1253 et 1259 MI) ;\n5. r\u00e9c\u00e9piss\u00e9s de brocanteurs, de colporteurs, revendeurs d'objets mobiliers ;\n6. en mati\u00e8re de l\u00e9gislation fun\u00e9raire :\n\u2022 arr\u00eat\u00e9s d'inhumation et de cr\u00e9mation hors des d\u00e9lais l\u00e9gaux,\n\u2022 arr\u00eat\u00e9s d'inhumation en terrain priv\u00e9,\n5/7\nPr\u00e9fecture de la C\u00f4te-d'Or - 21-2025-03-17-00004 - Arr\u00eat\u00e9 pr\u00e9fectoral n\u00b0 445 / SG du 17 mars 2025 \ndonnant d\u00e9l\u00e9gation de signature \u00e0 Monsieur Beno\u00eet BYRSKI,\nsous-pr\u00e9fet de Beaune\n32\n\u2022 arr\u00eat\u00e9s de transport de corps hors du territoire national,\n\u2022 arr\u00eat\u00e9s de transport d'urne cin\u00e9raire hors du territoire national,\n\u2022 habilitation des entreprises de pompes fun\u00e8bres ;\n7. r\u00e9c\u00e9piss\u00e9s  de  d\u00e9claration  et  autorisations  des  courses  p\u00e9destres,  cyclistes  et \nhippiques et manifestations nautiques se d\u00e9roulant exclusivement sur le territoire de  \nl'arrondissement  et  manifestations  de  v\u00e9hicules  moteurs  sur  voie  ouverte  \u00e0  la \ncirculation  ou  sur  circuit  homologu\u00e9  ou  non,  et  homologation  des  circuits  pour \nv\u00e9hicules \u00e0 moteur ;\n8. reconnaissance de l'aptitude technique des gardes particuliers ;\n9. agr\u00e9ment et retrait d'agr\u00e9ment des gardes particuliers, gardes-chasse et gardes-\np\u00eache, et d\u00e9livrance des cartes d'agr\u00e9ment ;\n10. d\u00e9cisions d'agr\u00e9ment des agents de police municipale et cartes professionnelles  \ncorrespondantes ;\n11. installation et prestation de serment des fonctionnaires de l'\u00c9tat ;\n12. arr\u00eat\u00e9s portant rattachement d'une personne sans r\u00e9sidence ni domicile fixe \u00e0 une  \ncommune de l'arrondissement ;\n13. tout document et correspondance administratifs non opposables aux tiers, visa des  \nr\u00f4les dress\u00e9s pour le recouvrement des taxes ou cotisations par les associations  \nfonci\u00e8res de remembrement ou par les associations syndicales autoris\u00e9es ;\n14. arr\u00eat\u00e9s de paiement FCTVA et leur notification   et  validation \u00e9lectronique des  \narr\u00eat\u00e9s d'attribution du Fonds de compensation pour la TVA ;\n15. convention entre le repr\u00e9sentant de l'\u00c9tat et les b\u00e9n\u00e9ficiaires du fonds, s'agissant  \nde l'application du dispositif du plan de relance de l'\u00e9conomie relatif au FCTVA ;\n16. arr\u00eat\u00e9s  constatant  que  les  collectivit\u00e9s  b\u00e9n\u00e9ficiaires  du  fonds,  s'agissant  de \nl'application du dispositif du plan de relance de l'\u00e9conomie relatif au FCTVA, ont ou  \nn'ont pas respect\u00e9 leurs engagements ;\n17. convocation  des  \u00e9lecteurs  pour  toute  \u00e9lection  municipale  compl\u00e9mentaire  (et \nnotamment en application de l'article L.258 du code \u00e9lectoral) ;\n18. r\u00e9ception des candidatures et d\u00e9livrance des re\u00e7us de d\u00e9p\u00f4t et des r\u00e9c\u00e9piss\u00e9s  \nd\u00e9finitifs  de  d\u00e9clarations  de  candidatures  pour  les  \u00e9lections  municipales  \ncompl\u00e9mentaires dans les communes de l'arrondissement de Beaune ;\n19. attestation pr\u00e9fectorale de d\u00e9livrance initiale d'un permis de chasser\n6/7\nPr\u00e9fecture de la C\u00f4te-d'Or - 21-2025-03-17-00004 - Arr\u00eat\u00e9 pr\u00e9fectoral n\u00b0 445 / SG du 17 mars 2025 \ndonnant d\u00e9l\u00e9gation de signature \u00e0 Monsieur Beno\u00eet BYRSKI,\nsous-pr\u00e9fet de Beaune\n33\nArticle 4 : En cas d'absence ou d'emp\u00eachement de M. Laurent BOILL\u00c9E, la d\u00e9l\u00e9gation \nqui lui est consentie par l'article 3, sera exerc\u00e9e par Madame La\u00efla BENJDIR, attach\u00e9e,  \nadjointe au secr\u00e9taire g\u00e9n\u00e9ral.\nArticle 5 : En cas d'absence ou d'emp\u00eachement de Monsieur  Laurent BOILL\u00c9E et de  \nMadame  La\u00efla  BENJDIR,  la  d\u00e9l\u00e9gation  consentie  par  l'article  3  sera  exerc\u00e9e  par \nMadame C\u00e9cile RAVRY, secr\u00e9taire administrative de classe exceptionnelle, cheffe du  \np\u00f4le \u00ab s\u00e9curit\u00e9 et r\u00e9glementation \u00bb.\nArticle 6 : En cas d'absence ou d'emp\u00eachement de  Monsieur BYRSKI , sous-pr\u00e9fet de  \nl'arrondissement  de  Beaune,  et  notamment  pendant  ses  cong\u00e9s,  la  d\u00e9l\u00e9gation  de \nsignature qui lui est consentie par l'article 2 du pr\u00e9sent arr\u00eat\u00e9 pourra \u00eatre exerc\u00e9e par  \nMonsieur Denis BRUEL, secr\u00e9taire g\u00e9n\u00e9ral de la pr\u00e9fecture de la C\u00f4te- d'Or  et, en cas  \nd'emp\u00eachement  de  ce  dernier,  par  Monsieur  S\u00e9bastien  LANOYE,  sous-pr\u00e9fet  de \nl'arrondissement de Montbard.\nArticle 7 : Le pr\u00e9sent arr\u00eat\u00e9 prendra effet le lundi 17 mars 2025.\nArticle 8  : Le secr\u00e9taire g\u00e9n\u00e9ral de la pr\u00e9fecture de la C\u00f4te-d'Or, le sous-pr\u00e9fet de  \nBeaune, le sous-pr\u00e9fet de Montbard, le secr\u00e9taire g\u00e9n\u00e9ral de la sous-pr\u00e9fecture de  \nBeaune et les agents b\u00e9n\u00e9ficiaires de la d\u00e9l\u00e9gation de signature sont charg\u00e9s, chacun  \nen ce qui le concerne de l'ex\u00e9cution du pr\u00e9sent arr\u00eat\u00e9 qui sera publi\u00e9 au recueil des  \nactes administratifs de la pr\u00e9fecture de la C\u00f4te-d'Or.\nFait \u00e0 Dijon, le 17 mars 2025\nLe pr\u00e9fet,\nSign\u00e9 : \n   Paul MOURIER\n7/7\nPr\u00e9fecture de la C\u00f4te-d'Or - 21-2025-03-17-00004 - Arr\u00eat\u00e9 pr\u00e9fectoral n\u00b0 445 / SG du 17 mars 2025 \ndonnant d\u00e9l\u00e9gation de signature \u00e0 Monsieur Beno\u00eet BYRSKI,\nsous-pr\u00e9fet de Beaune\n34\nPr\u00e9fecture de la C\u00f4te-d'Or\nP\u00f4le juridique inter-services\n21-2025-03-17-00005\nArr\u00eat\u00e9 pr\u00e9fectoral n\u00b0 446 / SG du 17 mars 2025\ndonnant d\u00e9l\u00e9gation de signature \u00e0 Monsieur\nS\u00e9bastien LANOYE,\nsous-pr\u00e9fet de Montbard\nPr\u00e9fecture de la C\u00f4te-d'Or - 21-2025-03-17-00005 - Arr\u00eat\u00e9 pr\u00e9fectoral n\u00b0 446 / SG du 17 mars 2025\ndonnant d\u00e9l\u00e9gation de signature \u00e0 Monsieur S\u00e9bastien LANOYE,\nsous-pr\u00e9fet de Montbard\n35\nExPREFETDE LACOTE-D'ORLibert\u00e9Egalit\u00e9Fraternit\u00e9\nArr\u00eat\u00e9 pr\u00e9fectoral n\u00b0 446 / SG du 17 mars 2025\ndonnant d\u00e9l\u00e9gation de signature \u00e0 Monsieur S\u00e9bastien LANOYE,\nsous-pr\u00e9fet de Montbard\nLe pr\u00e9fet de la C\u00f4te-d'Or\nVu la  loi  n\u00b0  82.213  du  2  mars  1982  modifi\u00e9e  relative  aux  droits  et  libert\u00e9s  des \ncommunes, des d\u00e9partements et des r\u00e9gions ;\nVu le  d\u00e9cret  n\u00b0  2004-374  du  29  avril  2004  relatif  aux  pouvoirs  des  pr\u00e9fets,  \u00e0 \nl'organisation et \u00e0 l'action des services de l'\u00c9tat dans les r\u00e9gions et d\u00e9partements,  \nmodifi\u00e9 par le d\u00e9cret n\u00b0 2010-146 du 16 f\u00e9vrier 2010 et par le d\u00e9cret n\u00b0 2010-687 du 24  \njuin 2010 ;\nVu le d\u00e9cret n\u00b0 2008-158 du 22 f\u00e9vrier 2008 relatif \u00e0 la suppl\u00e9ance des pr\u00e9fets de r\u00e9gion \net \u00e0 la d\u00e9l\u00e9gation de signature des pr\u00e9fets et hauts commissaires de la R\u00e9publique en  \nPolyn\u00e9sie fran\u00e7aise et en Nouvelle-Cal\u00e9donie ;\nVu le d\u00e9cret n\u00b0 2009-176 du 16 f\u00e9vrier 2009 modifiant le d\u00e9cret n\u00b0 64-805 du 29  juillet \n1964 fixant les dispositions r\u00e9glementaires applicables aux pr\u00e9fets et le d\u00e9cret n\u00b0 2004-\n374 du 29 avril 2004 relatif aux pouvoirs des pr\u00e9fets, \u00e0 l'organisation et \u00e0 l'action des  \nservices de l'\u00c9tat dans les r\u00e9gions et d\u00e9partements ;\nVu le d\u00e9cret du 10 octobre 2024 nommant Monsieur Paul MOURIER, pr\u00e9fet de la r\u00e9gion\nBourgogne-Franche-Comt\u00e9, pr\u00e9fet de la C\u00f4te d'Or;\nVu le d\u00e9cret du 6 juillet 2023, portant nomination de Monsieur Beno\u00eet BYRSKI, en  \nqualit\u00e9 de sous-pr\u00e9fet de Beaune ;\nVu le d\u00e9cret du 17 novembre 2023 portant nomination de Monsieur S\u00e9bastien LANOYE,  \nsous- pr\u00e9fet de Montbard ;\nVu le d\u00e9cret du 14 novembre 2024 portant nomination de Monsieur Denis BRUEL en  \nqualit\u00e9 de secr\u00e9taire g\u00e9n\u00e9ral de la pr\u00e9fecture de la C\u00f4te-d'Or, sous-pr\u00e9fet de Dijon  \n(groupe II) ;\nVu le d\u00e9cret du 6 mars 2025 portant nomination de Madame Aur\u00e9lie CONTRECIVILE,  \nen qualit\u00e9 de sous-pr\u00e9f\u00e8te, directrice de cabinet du pr\u00e9fet de la r\u00e9gion Bourgogne-\nFranche-Comt\u00e9, pr\u00e9fet de la C\u00f4te-d'Or ;\nVu l'arr\u00eat\u00e9  pr\u00e9fectoral  n\u00b0  1827/SG  du  29  novembre  2024 donnant  d\u00e9l\u00e9gation  de \nsignature \u00e0 Monsieur S\u00e9bastien LANOYE , sous-pr\u00e9fet de Montbard ;\nSur proposition de Monsieur le secr\u00e9taire g\u00e9n\u00e9ral de la pr\u00e9fecture de la C\u00f4te-d'Or ;\nPr\u00e9fecture de la C\u00f4te-d'Or - 21-2025-03-17-00005 - Arr\u00eat\u00e9 pr\u00e9fectoral n\u00b0 446 / SG du 17 mars 2025\ndonnant d\u00e9l\u00e9gation de signature \u00e0 Monsieur S\u00e9bastien LANOYE,\nsous-pr\u00e9fet de Montbard\n36\nARR\u00caTE\nArticle 1  er   : L'arr\u00eat\u00e9 pr\u00e9fectoral n\u00b0 1827/SG du 29 novembre 2024  donnant d\u00e9l\u00e9gation  \nde signature \u00e0 donnant d\u00e9l\u00e9gation de signature \u00e0 Monsieur S\u00e9bastien LANOYE  , sous-\npr\u00e9fet  de  Montbard, sous-pr\u00e9fet  de  Montbard , et  toutes  dispositions  ant\u00e9rieures  \ncontraires au pr\u00e9sent arr\u00eat\u00e9 sont abrog\u00e9s.\nArticle 2 : D\u00e9l\u00e9gation de signature est donn\u00e9e \u00e0 Monsieur S\u00e9bastien LANOYE,  sous-\npr\u00e9fet  de  Montbard,  \u00e0  l'effet  de  signer  les  d\u00e9cisions  suivantes  dans  le  ressort  de \nl'arrondissement de Montbard :\nPOLICE G\u00c9N\u00c9RALE :\n1. Octroi du concours de la force publique pour l'ex\u00e9cution des jugements d'expulsion \ndes locataires ;\n2. indemnisation en responsabilit\u00e9 de l'\u00c9tat en cas de refus d'octroi du concours de la \nforce publique pour l'ex\u00e9cution des jugements d'expulsion ;\n3. r\u00e9quisitions de logements ;\n4. toute  autorisation  relative  \u00e0  la  police  des  caf\u00e9s,  d\u00e9bits  de  boissons,  bals, \nspectacles  et  autres  lieux  publics  exc\u00e9dant  la  comp\u00e9tence  des  autorit\u00e9s \nmunicipales ;\n5. fermeture administrative des d\u00e9bits de boissons pour une dur\u00e9e n'exc\u00e9dant pas trois  \nmois ;\n6. d\u00e9cisions relatives au transfert de licences de d\u00e9bit de boissons ;\n7. arr\u00eat\u00e9s portant autorisation de loteries et tombolas dont le capital d'\u00e9mission est  \ninf\u00e9rieur ou \u00e9gal \u00e0 7 622 euros ;\n8. d\u00e9livrance des r\u00e9c\u00e9piss\u00e9s de liquidations (article L. 310-1 du code du commerce et  \nd\u00e9cret  n \u00b0 2005-39  du  18  janvier  2005  modifiant  le  d\u00e9cret  n\u00b0  96-1097  du  16 \nd\u00e9cembre 1996) ;\n9. r\u00e9c\u00e9piss\u00e9s de brocanteurs, colporteurs, revendeurs d'objets mobiliers ;\n10. r\u00e9c\u00e9piss\u00e9s de loteries instantan\u00e9es de la Fran\u00e7aise des Jeux ;\n11. autorisations de haut-parleurs mobiles sur la voie publique ;\n12. autorisations des courses p\u00e9destres, cyclistes et hippiques (en cas de courses se  \nd\u00e9roulant sur plusieurs arrondissements, l'arrondissement de d\u00e9part g\u00e8re la totalit\u00e9 \nde  la  course)  et  manifestations  de  v\u00e9hicules  moteurs  sur  voie  ouverte  \u00e0  la \ncirculation ou sur circuits homologu\u00e9s ou non  ; l'homologation des circuits pour les  \nmanifestations de v\u00e9hicule \u00e0 moteur et les manifestations nautiques ;\n13. autorisations d'utilisation temporaire des locaux scolaires ;\n14. reconnaissance de l'aptitude technique des gardes particuliers ;\n15. agr\u00e9ment et retrait d'agr\u00e9ment des gardes particuliers, gardes-chasse et gardes-\np\u00eache, et d\u00e9livrance des cartes d'agr\u00e9ment ;\n16. installation et prestation de serment des fonctionnaires de l'\u00c9tat ;\n2/7\nPr\u00e9fecture de la C\u00f4te-d'Or - 21-2025-03-17-00005 - Arr\u00eat\u00e9 pr\u00e9fectoral n\u00b0 446 / SG du 17 mars 2025\ndonnant d\u00e9l\u00e9gation de signature \u00e0 Monsieur S\u00e9bastien LANOYE,\nsous-pr\u00e9fet de Montbard\n37\n17. nomination des commissaires-enqu\u00eateurs et ouverture des enqu\u00eates de commodo  \net incommodo : tous actes de proc\u00e9dure ;\n18. autorisations  de  versement  d'indemnit\u00e9s  aux  fonctionnaires  de  l'\u00c9tat  pour  les \nservices  rendus  aux  communes  et  \u00e9tablissements  publics  communaux  ou \nintercommunaux, dans la limite r\u00e9glementaire ;\n19. autorisations de poursuite par voie de vente ;\n20. arr\u00eat\u00e9s  modifiant  les  heures  de  scrutin  pour  les  \u00e9lections  aux  Chambres \nConsulaires et \u00e0 la Mutualit\u00e9 Sociale Agricole ;\n21. arr\u00eat\u00e9s d'occupation temporaire et de p\u00e9n\u00e9tration sur les propri\u00e9t\u00e9s priv\u00e9es en vue  \nde la r\u00e9alisation de travaux publics ;\n22. en mati\u00e8re de l\u00e9gislation fun\u00e9raire :\n\u2022 arr\u00eat\u00e9s d'inhumation et de cr\u00e9mation hors des d\u00e9lais l\u00e9gaux\n\u2022 arr\u00eat\u00e9s d'inhumation en terrain priv\u00e9,\n\u2022 arr\u00eat\u00e9s de transport de corps hors du territoire national,\n\u2022 arr\u00eat\u00e9s de transport d'urne cin\u00e9raire hors du territoire national,\n\u2022 habilitation des entreprises de pompes fun\u00e8bres ;\n23. d\u00e9cisions de la commission de s\u00e9curit\u00e9 et d'accessibilit\u00e9 de l'arrondissement, y  \ncompris les d\u00e9cisions de la sous-commission de s\u00e9curit\u00e9 et d'accessibilit\u00e9 ;\n24. arr\u00eat\u00e9s  pr\u00e9fectoraux  de  d\u00e9rogation  aux  r\u00e8gles  de  s\u00e9curit\u00e9  et  d'accessibilit\u00e9 \nconcernant les \u00e9tablissements recevant du public ;\n25. arr\u00eat\u00e9s portant rattachement d'une personne sans r\u00e9sidence ni domicile fixe \u00e0 une  \ncommune de l'arrondissement ;\n26. arr\u00eat\u00e9s autorisant l'installation ou l'extension de syst\u00e8mes de vid\u00e9o-protection.\nADMINISTRATION LOCALE (Dans le ressort de l'arrondissement de Montbard) :\n1. Acceptation des d\u00e9missions d'adjoint ;\n2. lettres d'observation aux collectivit\u00e9s locales et aux EPCI dans le cadre du contr\u00f4le \ndes actes et du contr\u00f4le budg\u00e9taire ;\n3. cr\u00e9ation,  modification  et  dissolution  des  associations  syndicales  libres  et  des \nassociations fonci\u00e8res urbaines libres ;\n4. cr\u00e9ation,  contr\u00f4le,  modification,  dissolution,  union  et  fusion  des  associations \nsyndicales autoris\u00e9es ;\n5. cr\u00e9ation, contr\u00f4le, modification, dissolution des associations fonci\u00e8res urbaines  \nautoris\u00e9es  et  transformation  des  associations  fonci\u00e8res  de  remembrement  en \nassociations syndicales autoris\u00e9es ;\n6. cr\u00e9ation,  modification  et  dissolution  des  syndicats  intercommunaux,  des  \ncommunaut\u00e9s  de  communes  et  des  syndicats  mixtes  de  1\u00e8re ou  2e cat\u00e9gorie  \nlorsque tous les membres et le si\u00e8ge sont dans l'arrondissement ;\n7. demande au maire de r\u00e9unir le conseil municipal avec possibilit\u00e9 d'abr\u00e9ger le d\u00e9lai  \nen cas d'urgence (article L.2121.9 du code g\u00e9n\u00e9ral des collectivit\u00e9s territoriales) ;\n8. demande d'avis du conseil municipal pr\u00e9vu par l'article L.2121.29 du code g\u00e9n\u00e9ral  \ndes collectivit\u00e9s territoriales ;\n3/7\nPr\u00e9fecture de la C\u00f4te-d'Or - 21-2025-03-17-00005 - Arr\u00eat\u00e9 pr\u00e9fectoral n\u00b0 446 / SG du 17 mars 2025\ndonnant d\u00e9l\u00e9gation de signature \u00e0 Monsieur S\u00e9bastien LANOYE,\nsous-pr\u00e9fet de Montbard\n38\n9. convocation  des  \u00e9lecteurs  pour  toute  \u00e9lection  municipale  compl\u00e9mentaire  (et \nnotamment en application de l'article L.258 du code \u00e9lectoral) ;\n10. r\u00e9ception des candidatures et d\u00e9livrance des re\u00e7us de d\u00e9p\u00f4t et des r\u00e9c\u00e9piss\u00e9s  \nd\u00e9finitifs  de  d\u00e9clarations  de  candidatures  pour  les  \u00e9lections  municipales  \ncompl\u00e9mentaires dans les communes de l'arrondissement de Montbard ;\n11.  d\u00e9signation des membres des commissions de contr\u00f4le des listes \u00e9lectorales  \ninstitu\u00e9es dans les communes de l'arrondissement de Montbard ;\n12. substitution au maire dans les cas pr\u00e9vus par les articles L.2122.34, L.2213.17, et  \nL.2215.1 du code g\u00e9n\u00e9ral des collectivit\u00e9s territoriales ;\n13. convocation  des  \u00e9lecteurs  pour  la  d\u00e9signation  des  commissions  syndicales, \nfixation  de  la  dur\u00e9e  de  la  commission,  consultation  de  la  commission  et \nconsultation du conseil municipal ;\n14. approbation des d\u00e9lib\u00e9rations des conseils municipaux pr\u00e9vue \u00e0 l'article L.2544.4  \ndu code g\u00e9n\u00e9ral des collectivit\u00e9s territoriales (section de commune poss\u00e9dant un  \npatrimoine s\u00e9par\u00e9) ;\n15. en mati\u00e8re de biens indivis :\n\u2022 constitution des commissions syndicales en l'absence de d\u00e9cision des conseils \nmunicipaux  concern\u00e9s  et  arr\u00eat\u00e9  constitutif  en  cas  d'accord  des  conseils \nmunicipaux (articles L.5222.1 du code g\u00e9n\u00e9ral des collectivit\u00e9s territoriales) ;\n\u2022 r\u00e9partition des exc\u00e9dents en cas de d\u00e9saccord ou si les conseils municipaux  \nn'ont pas d\u00e9lib\u00e9r\u00e9 dans les d\u00e9lais prescrits (article L.5222.2 du code g\u00e9n\u00e9ral  \ndes collectivit\u00e9s territoriales) ;\n16. approbation des d\u00e9lib\u00e9rations, budgets et march\u00e9s des associations fonci\u00e8res de  \nremembrement,  des  associations  syndicales  autoris\u00e9es  et  des  associations \nfonci\u00e8res urbaines autoris\u00e9es ;\n17. r\u00f4les dress\u00e9s pour le recouvrement des taxes ou cotisations par les associations  \nfonci\u00e8res de remembrement ;\n18. \u00e9tats  annuels  de  notification  des  taux  d'imposition  des  quatre  taxes  directes \nlocales (\u00e9tats nos 1253 et 1259 MI) ;\n19. autorisations d'emprunt de l'article L.2121.34 du code g\u00e9n\u00e9ral des collectivit\u00e9s  \nterritoriales (emprunts des centres communaux d'action sociale) ;\n20. cr\u00e9ation d'office des cimeti\u00e8res dans les cas pr\u00e9vus par la loi ;\n21. prescription des enqu\u00eates pr\u00e9alables \u00e0 la modification des limites territoriales des  \ncommunes  pr\u00e9vues  \u00e0  l'article  L.2112.2  du  code  g\u00e9n\u00e9ral  des  collectivit\u00e9s \nterritoriales ;\n22. arr\u00eat\u00e9s portant modification des limites territoriales des communes situ\u00e9es dans  \nl'arrondissement, dans le cas o\u00f9 les limites cantonales ou d\u00e9partementales ne  \nsont pas modifi\u00e9es ;\n23. institution de la commission syndicale pr\u00e9vue \u00e0 l'article L.2112.3 du code g\u00e9n\u00e9ral  \ndes collectivit\u00e9s territoriales, dans les conditions d\u00e9finies \u00e0 l'article R.151.6 du code  \ndes communes ;\n4/7\nPr\u00e9fecture de la C\u00f4te-d'Or - 21-2025-03-17-00005 - Arr\u00eat\u00e9 pr\u00e9fectoral n\u00b0 446 / SG du 17 mars 2025\ndonnant d\u00e9l\u00e9gation de signature \u00e0 Monsieur S\u00e9bastien LANOYE,\nsous-pr\u00e9fet de Montbard\n39\n24. d\u00e9signation du d\u00e9l\u00e9gu\u00e9 de l'administration au sein des commissions communales  \ncharg\u00e9es de r\u00e9viser la liste \u00e9lectorale composant le coll\u00e8ge d\u00e9partemental des  \npropri\u00e9taires forestiers ;\n25. d\u00e9cisions d'agr\u00e9ment des agents de police municipale (article 7 de la loi n\u00b0 99-291  \ndu 15 avril 1999) et cartes professionnelles correspondantes ;\n26. contr\u00f4le de l\u00e9galit\u00e9 des actes des soci\u00e9t\u00e9s d'\u00e9conomie mixte dont le si\u00e8ge est  \nsitu\u00e9 dans l'arrondissement ;\n27. arr\u00eat\u00e9s  de  paiement  FCTVA et  leur  notification  et  validation  \u00e9lectronique  des \narr\u00eat\u00e9s d'attribution du Fonds de compensation pour la TVA ;\n28. convention entre le repr\u00e9sentant de l'\u00c9tat et les b\u00e9n\u00e9ficiaires du fonds, s'agissant  \nde l'application du dispositif du plan de relance de l'\u00e9conomie relatif au FCTVA ;\n29. arr\u00eat\u00e9s  constatant  que  les  collectivit\u00e9s  b\u00e9n\u00e9ficiaires  du  fonds,  s'agissant  de \nl'application du dispositif du plan de relance de l'\u00e9conomie relatif au FCTVA, ont ou \nn'ont pas respect\u00e9 leurs engagements ;\n30. courriers, accus\u00e9s de r\u00e9ception li\u00e9s aux dossiers de subvention ;\n31. arbitrage en mati\u00e8re de participation financi\u00e8re entre les collectivit\u00e9s de r\u00e9sidence  \net de scolarisation ;\n32. conventions relatives au compte financier unique.\nArticle 3  : D\u00e9l\u00e9gation est donn\u00e9e \u00e0  Madame Marguerite MOINDROT , attach\u00e9e hors  \nclasse,  secr\u00e9taire  g\u00e9n\u00e9rale  de  la  sous-pr\u00e9fecture,  \u00e0  l'effet  dans  le  ressort  de \nl'arrondissement de Montbard les documents et d\u00e9cisions suivantes :\n1. d\u00e9cisions de la Commission de s\u00e9curit\u00e9 et d'accessibilit\u00e9 de l'arrondissement, y  \ncompris les d\u00e9cisions de la sous-commission de s\u00e9curit\u00e9 et d'accessibilit\u00e9 ;\n2. arr\u00eat\u00e9s  pr\u00e9fectoraux  de  d\u00e9rogation  aux  r\u00e8gles  de  s\u00e9curit\u00e9  et  d'accessibilit\u00e9 \nconcernant les \u00e9tablissements recevant du public ;\n3. r\u00e9c\u00e9piss\u00e9s de brocanteurs, de colporteurs, revendeurs d'objets mobiliers ;\n4. arr\u00eat\u00e9s portant rattachement d'une personne sans r\u00e9sidence ni domicile fixe \u00e0 une  \ncommune de l'arrondissement ;\n5. en mati\u00e8re de l\u00e9gislation fun\u00e9raire ;\n\u2022 arr\u00eat\u00e9s d'inhumation et de cr\u00e9mation hors des d\u00e9lais l\u00e9gaux,\n\u2022 arr\u00eat\u00e9s d'inhumation en terrain priv\u00e9,\n\u2022 arr\u00eat\u00e9s de transport de corps hors du territoire national,\n\u2022 arr\u00eat\u00e9 de transport d'urne cin\u00e9raire hors du territoire national,\n\u2022 habilitation  des  entreprises  de  pompes  fun\u00e8bres  (y  compris  les  chambres \nfun\u00e9raires  et\nles cr\u00e9matoriums) ;\n6. r\u00e9c\u00e9piss\u00e9s des loteries instantan\u00e9es de la Fran\u00e7aise des Jeux ;\n7. arr\u00eat\u00e9s portant autorisation de loteries et tombolas dont le capital d'\u00e9mission est \ninf\u00e9rieur ou \u00e9gal \u00e0 7 622 euros ;\n8. autorisations des haut-parleurs mobiles sur la voie publique ;\n5/7\nPr\u00e9fecture de la C\u00f4te-d'Or - 21-2025-03-17-00005 - Arr\u00eat\u00e9 pr\u00e9fectoral n\u00b0 446 / SG du 17 mars 2025\ndonnant d\u00e9l\u00e9gation de signature \u00e0 Monsieur S\u00e9bastien LANOYE,\nsous-pr\u00e9fet de Montbard\n40\n9. autorisations des courses p\u00e9destres, cyclistes et hippiques (en cas de courses se  \nd\u00e9roulant  sur  plusieurs  arrondissements,  l'arrondissement  de  d\u00e9part  g\u00e8re  la \ntotalit\u00e9 de la course) et manifestations de v\u00e9hicules moteurs sur voie ouverte \u00e0 la  \ncirculation ou sur circuits homologu\u00e9s ou non  ; l'homologation des circuits pour les \nmanifestations de v\u00e9hicule \u00e0 moteur et les manifestations nautiques.\n10. reconnaissance de l'aptitude technique des gardes particuliers ;\n11. agr\u00e9ment et retrait d'agr\u00e9ment des gardes particuliers, gardes-chasse et gardes-\np\u00eache, et d\u00e9livrance des cartes d'agr\u00e9ment ;\n12. installation et prestation de serment des fonctionnaires de l'\u00c9tat ;\n13. d\u00e9cisions d'agr\u00e9ment des agents de police municipale et cartes professionnelles  \ncorrespondantes ;\n14. d\u00e9signation des d\u00e9l\u00e9gu\u00e9s de l'administration au sein des commissions de contr\u00f4le  \ndes  listes  \u00e9lectorales  institu\u00e9es  dans  les  communes  de  l'arrondissement  de \nMontbard ;\n15. convocation  des  \u00e9lecteurs  pour  toute  \u00e9lection  municipale  compl\u00e9mentaire  (et \nnotamment en application de l'article L.258 du Code \u00c9lectoral) ;\n16. r\u00e9ception des candidatures et d\u00e9livrance des re\u00e7us de d\u00e9p\u00f4t et des r\u00e9c\u00e9piss\u00e9s  \nd\u00e9finitifs  de  d\u00e9clarations  de  candidatures  pour  les  \u00e9lections  municipales  \ncompl\u00e9mentaires dans les communes de l'arrondissement de Montbard ;\n17. visa des r\u00f4les dress\u00e9s pour le recouvrement des taxes ou cotisations par les  \nassociations  fonci\u00e8res  de  remembrement  ou  par  les  associations  syndicales \nautoris\u00e9es ;\u00e9tats annuels de notification des taux d'imposition des quatre taxes  \ndirectes locales (\u00e9tats no1253 et n\u00b01259 MI) ;\n18. arr\u00eat\u00e9s  de  paiement  FCTVA et  leur  notification  et  validation  \u00e9lectronique  des \narr\u00eat\u00e9s d'attribution du Fonds de compensation pour la TVA ;\n19. convention entre le repr\u00e9sentant de l'\u00c9tat et les b\u00e9n\u00e9ficiaires du fonds, s'agissant  \nde l'application du dispositif du plan de relance de l'\u00e9conomie relatif au FCTVA ;\n20. arr\u00eat\u00e9s  constatant  que  les  collectivit\u00e9s  b\u00e9n\u00e9ficiaires  du  fonds,  s'agissant  de \nl'application du dispositif du plan de relance de l'\u00e9conomie relatif au FCTVA, ont ou \nn'ont pas respect\u00e9 leurs engagements ;\n21. tout document et correspondance administratifs non opposables aux tiers ;\n22. attestation pr\u00e9fectorale de d\u00e9livrance initiale d'un permis de chasser ;\nArticle 4  : En cas d'absence ou d'emp\u00eachement de Mme Marguerite MOINDROT, la  \nd\u00e9l\u00e9gation qui lui est consentie par l'article 3 sera exerc\u00e9e par Madame Am\u00e9lie MILLOT  \nVIDET,  secr\u00e9taire  administrative  de  classe  sup\u00e9rieure,  cheffe  du  p\u00f4le  \u00ab collectivit\u00e9s \nlocales  et  d\u00e9veloppement  territorial \u00bb  ou  par  Madame  Isabelle  BAIJOT,  secr\u00e9taire \nadministrative de classe normale adjointe \u00e0 la cheffe du p\u00f4le \u00ab  collectivit\u00e9s locales et  \nd\u00e9veloppement territorial \u00bb ;\n6/7\nPr\u00e9fecture de la C\u00f4te-d'Or - 21-2025-03-17-00005 - Arr\u00eat\u00e9 pr\u00e9fectoral n\u00b0 446 / SG du 17 mars 2025\ndonnant d\u00e9l\u00e9gation de signature \u00e0 Monsieur S\u00e9bastien LANOYE,\nsous-pr\u00e9fet de Montbard\n41\nArticle  5 : D\u00e9l\u00e9gation  de  signature  est  donn\u00e9e  \u00e0  Madame  Am\u00e9lie  MILLOT VIDET, \nsecr\u00e9taire  administratif,  \u00e0  l'effet  de  signer  la  validation  \u00e9lectronique  des  arr\u00eat\u00e9s \nd'attribution  du  Fonds  de  compensation  pour  la  TVA  dans  les  communes  de \nl'arrondissement de Montbard ;\nArticle 6 : En cas d'absence ou d'emp\u00eachement de Monsieur S\u00e9bastien LANOYE, sous-\npr\u00e9fet de Montbard, et notamment pendant ses cong\u00e9s, la d\u00e9l\u00e9gation de signature qui lui \nest consentie pourra \u00eatre exerc\u00e9e par Monsieur Denis BRUEL, secr\u00e9taire g\u00e9n\u00e9ral de la  \npr\u00e9fecture de la C\u00f4te-d'Or ou par Monsieur Beno\u00eet BYRSKI, sous-pr\u00e9fet de Beaune ;\nArticle 7 : Le pr\u00e9sent arr\u00eat\u00e9 prendra effet le lundi 17 mars 2025.\nArticle 8  : Le secr\u00e9taire g\u00e9n\u00e9ral de la pr\u00e9fecture de la C\u00f4te-d'Or, le sous-pr\u00e9fet de  \nMontbard,  le sous-pr\u00e9fet de Beaune, le secr\u00e9taire g\u00e9n\u00e9ral de la sous-pr\u00e9fecture de  \nBeaune,  la  secr\u00e9taire  g\u00e9n\u00e9rale  de  la  sous-pr\u00e9fecture  de  Montbard  et  les  agents \nb\u00e9n\u00e9ficiaires de la pr\u00e9sente d\u00e9l\u00e9gation \u00e0 la sous-pr\u00e9fecture de Montbard, sont charg\u00e9s,  \nchacun pour ce qui le concerne, de l'ex\u00e9cution du pr\u00e9sent arr\u00eat\u00e9 qui sera publi\u00e9 au  \nrecueil des actes administratifs de la pr\u00e9fecture de la C\u00f4te-d'Or.\nFait \u00e0 Dijon, le 17 mars 2025\nLe pr\u00e9fet,\nSign\u00e9 : \nPaul MOURIER\n7/7\nPr\u00e9fecture de la C\u00f4te-d'Or - 21-2025-03-17-00005 - Arr\u00eat\u00e9 pr\u00e9fectoral n\u00b0 446 / SG du 17 mars 2025\ndonnant d\u00e9l\u00e9gation de signature \u00e0 Monsieur S\u00e9bastien LANOYE,\nsous-pr\u00e9fet de Montbard\n42","date":"2025-03-17","first_seen_on":"2025-09-14T01:54:16+00:00","id":"677ba5fd573b14420dbcffd9c550ff55d4d3dbe0e597ca04eed8f08879682ed0","name":"RAA n\u00b0 039 du 17 mars 2025","pdf_creation_date":"2025-03-17T10:38:41+00:00","pdf_modification_date":null,"timezone":"Europe/Paris","url":"https://www.cote-dor.gouv.fr/contenu/telechargement/22965/175315/file/recueil-21-2025-039-recueil-des-actes-administratifs-nominatifs.pdf"}
