{"administration":"pref92","administration_name":"Pr\u00e9fecture des Hauts-de-Seine","content":"Ex\nPREFET\nDES  HAUTS-DE-SEINE\nLibert\u00e9\nEgalit\u00e9\nFraternit\u00e91 \n  \n \n \n \n \nRECUEIL  \n  \nDES  \n \nACTES ADMINISTRATIFS  \n \n \n \nDIRECTION DE LA CITOYENNET E  \nET DE LA L EGALIT E \n \n \n \n \n \n \n \n \n \nN\u00b0 Sp\u00e9cial  24 janvier 2025  \n\n2 \n  \nPREFET DES HAUTS -DE-SEINE  \n \nRECUEIL DES ACTES ADMINISTRATIFS  \n \nN\u00b0 Sp \u00e9cial  DCL  du 24 janvier 2025  \n \nSOMMAIRE  \n \nArr\u00eat\u00e9  Date  DIRECTION DE LA CITOYENNET E \nET DE LA L EGALIT E Page  \nDCL/BEICEP  \nn\u00b02024-436 25.10.2024  Arr\u00eat\u00e9 portant cessibilit\u00e9 des parcelles de terrains \nn\u00e9cessaires \u00e0 la r\u00e9alisation du projet \nd'am\u00e9nagement du centre ville \u00e0 Villeneuve -la-\nGarenne, au b\u00e9n\u00e9fice de l'\u00e9tablissement public \nterritorial Boucle Nord de Seine  3 \n \n \nPREFET  Direction  de la citoyennet\u00e9\nDES HAUTS-DE-SEINE  et de la l\u00e9galit\u00e9\nLibert\u00e9\n\u00c9galit\u00e9\nFraternit\u00e9\nArr\u00eat\u00e9  DCL/BEICEP  n\u00b02024-436  portant  cessibilit\u00e9  des  parcelles  de terrains\nn\u00e9cessaires  \u00e0 la r\u00e9alisation  du projet  d'am\u00e9nagement  du centre  ville  \u00e0 Villeneuve-la-\nGarenne,  au b\u00e9n\u00e9fice  de l'\u00e9tablissement  public  territorial  Boucle  Nord  de Seine.\nLe pr\u00e9fet  des  Hauts-de-Seine\nChevalier  de la L\u00e9gion  d'honneur\nChevalier  de l'ordre  national  du m\u00e9rite\nVu le code  de l'environnement  ;\nVu le code  de l'expropriation  pour  cause  d'utilit\u00e9  publique  ;\nVu le code  de l'urbanisme  ;\nVu le d\u00e9cret  n\u00b0 2004-374  du 29 avril  2004  modifi\u00e9  relatif  aux  pouvoirs  des  pr\u00e9fets,  \u00e0 l'organisation  et\n\u00e0 l'action  des services  de l'\u00c9tat  dans  les r\u00e9gions  et d\u00e9partements  ;\nVu le d\u00e9cret  du 29 juillet  2020,  portant  nomination  de Monsieur  Laurent  Hottiaux  en qualit\u00e9  de pr\u00e9fet\ndes  Hauts-de-Seine  (hors  classe)  ;\nVu le d\u00e9cret  du 15 avril  2022  portant  nomination  de Monsieur  Pascal  Gauci,  sous-pr\u00e9fet,  en qualit\u00e9\nde secr\u00e9taire  g\u00e9n\u00e9ral  de la pr\u00e9fecture  des  Hauts-de-Seine  ;\nVu l'arr\u00eat\u00e9  minist\u00e9riel  du 9 septembre  2021  fixant  les caract\u00e9ristiques  et dimensions  de l'affichage  de\nl'avis  d'enqu\u00eate  publique  mentionn\u00e9  \u00e0 l'article  R.123-11  du code  de l'environnement  ;\nVu l'arr\u00eat\u00e9  SGAD  n\u00b02024-34  du 8 ao\u00fbt  2024  portant  d\u00e9l\u00e9gation  de signature  \u00e0 Monsieur  Pascal\nGauci,  sous-pr\u00e9fet,  secr\u00e9taire  g\u00e9n\u00e9ral  de la pr\u00e9fecture  des  Hauts-de-Seine  ;\nVu l'arr\u00eat\u00e9  pr\u00e9fectoral  DCPPAT/BEICEP  n\u00b02022-59  du 31 mai  2022  prescrivant  la tenue  d'une\nenqu\u00eate  publique  environnementale  unique,  pr\u00e9alable  \u00e0 la d\u00e9claration  d'utilit\u00e9  publique  et parcellaire,\nau b\u00e9n\u00e9fice  de l'Etablissement  Public  Territorial  (EPT)  Boucle  Nord  de Seine,  relative  au projet\nd'am\u00e9nagement  du centre  ville  \u00e0 Villeneuve-la-Garenne  ;\nVu l'arr\u00eat\u00e9  pr\u00e9fectoral  DCPPAT/BEICEP  n\u00b02023-22  du 24 mars  2023  portant  d\u00e9claration  d'utilit\u00e9\npublique  du projet  d'am\u00e9nagement  du centre  ville  \u00e0 Villeneuve-la-Garenne,  au b\u00e9n\u00e9fice  de l'EPT\nBoucle  Nord  de Seine  ;\nVu l'arr\u00eat\u00e9  pr\u00e9fectoral  DCPPAT/BEICEP  n\u00b02023-47  du 17 mai 2023  portant  abrogation  de l'arr\u00eat\u00e9\nDCPPAT/BEICEP  n\u00b02023-22  du 24 mars  2023  portant  d\u00e9claration  d'utilit\u00e9  publique  du projet  pr\u00e9cit\u00e9  ;\nVu l'arr\u00eat\u00e9  pr\u00e9fectoral  DCPPAT/BEICEP  n\u00b02023-48  du 17 mai 2023  portant  d\u00e9claration  d'utilit\u00e9\npublique  du projet  d'am\u00e9nagement  du centre  ville  \u00e0 Villeneuve-la-Garenne,  au b\u00e9n\u00e9fice  de l'EPT\nBoucle  Nord  de Seine  ;\nVu le dossier  d'enqu\u00eate  soumis  \u00e0 enqu\u00eate  parcellaire  compos\u00e9  des  documents  mentionn\u00e9s  \u00e0 l'article\nR131-3  du code  de l'expropriation  pour  cause  d'utilit\u00e9  publique  ;\n\nVu l'enqu\u00eate  publique  susmentionn\u00e9e  qui s'est  d\u00e9roul\u00e9e  du 20 juin  2022  au 20 juillet  2022  inclus  ;\nVu les insertions  dans  la presse  Le Parisien  - \u00e9dition  Hauts-de-Seine  et Les \u00c9chos  d'Ile-de-France,\neffectu\u00e9es  respectivement  les 4 et 7 juin  2022  pour  la premi\u00e8re  parution,  et les 21 et 22 juin  2022  pour\nle rappel  ; :\nVu l'affichage  de l'arr\u00eat\u00e9  pr\u00e9fectoral  n\u00b02022-59  du 31 mai  2022  r\u00e9alis\u00e9  sur les panneaux\nadministratifs  de la commune  de Villeneuve-la-Garenne,  au moins  quinze  jours  avant  le d\u00e9but  de\nl'enqu\u00eate  publique  unique  et pendant  toute  la dur\u00e9e  de celle-ci,  certifi\u00e9  par le maire  de Villeneuve-la-\nGarenne  le 23 janvier  2023  ;\nVu les notifications  individuelles  parvenues  \u00e0 leurs  destinataires  avant  le 14 f\u00e9vrier  2022,  date\nd'ouverture  de l'enqu\u00eate  parcellaire,  conform\u00e9ment  \u00e0 l'article  R. 131-6  du code  de l'expropriation  pour\ncause  d'utilit\u00e9  publique  ;\nVu le certificat  du maire  de Villeneuve-la-Garenne  du 20 juillet  2022  attestant  de l'affichage  en mairie\ndes  notifications  aux  propri\u00e9taires  non  parvenues  \u00e0 leur  destinataire  ;\nVu les proc\u00e8s-verbaux  de constat  d'huissier  des  4 et 20 juillet  2022  certifiant  de l'affichage  de l'avis\nd'enqu\u00eate  publique  au centre  administratif  de la ville  de Villeneuve-la-Garenne  ;\nVu le rapport  rendu  le 16 ao\u00fbt  2022  par le commissaire  enqu\u00eateur  ;\nVu l'avis  favorable  sans  r\u00e9serve  rendu  le 16 ao\u00fbt  2022  par le commissaire  enqu\u00eateur  concernant\nl'emprise  fonci\u00e8re  des ouvrages  projet\u00e9s  ; |\nVu la d\u00e9lib\u00e9ration  n\u00b02022/S07/038  du 8 d\u00e9cembre  2022  du conseil  de l'EPT  Boucle  Nord  de Seine\nautorisant  son  pr\u00e9sident  \u00e0 solliciter  du pr\u00e9fet,  la prise  d'un  arr\u00eat\u00e9  portant  cessibilit\u00e9  du projet\nd'am\u00e9nagement  du centre  ville  \u00e0 Villeneuve-la-Garenne  ;\nVu l'affichage  des  arr\u00eat\u00e9s  pr\u00e9fectoraux  DCPPAT/BEICEP  n\u00b02023-48  et n\u00b02023-48  du 17 mai  2023\npr\u00e9cit\u00e9s,  \u00e0 la mairie  de Villeneuve-la-Garenne,  certifi\u00e9  par le maire  le 10 ao\u00fbt  2023  ;,\nVu le courrier  du 12 janvier  2024 du premier  vice-pr\u00e9sident  de l'EPT Boucle  Nord de Seine sollicitant\nla prise  d'un  arr\u00e9t\u00e9  portant  cessibilit\u00e9  des  parcelles  de terrains  n\u00e9cessaires  a la r\u00e9alisation  du projet\npr\u00e9cit\u00e9,  au profit  de l'EPT  Boucle  Nord  de Seine  ;\nVu les dispositions  de l'article  L.122-6  du code  de l'expropriation  pour  cause  d'utilit\u00e9  publique  relatif\naux  op\u00e9rations  concernant  des  immeubles  soumis  au r\u00e9gime  de la copropri\u00e9t\u00e9  ;\nConsid\u00e9rant  qu'il  est n\u00e9cessaire  pour  l'EPT  Boucle  Nord  de Seine  de ma\u00eetriser  les emprises  fonci\u00e8res\nn\u00e9cessaires  \u00e0 la r\u00e9alisation  du projet  d'am\u00e9nagement  pr\u00e9cit\u00e9  ;\nConsid\u00e9rant  qu'il  s'agit  d'une  op\u00e9ration  pr\u00e9sentant  un caract\u00e8re  d'utilit\u00e9  publique,\nSur  proposition  du secr\u00e9taire  g\u00e9n\u00e9ral  de la pr\u00e9fecture,\nARR\u00caTE\nTICLE  1\nSont  d\u00e9clar\u00e9es  imm\u00e9diatement  cessibles  pour  cause  d'utilit\u00e9  publique,  au b\u00e9n\u00e9fice  de l'EPT  Boucle\nNord  de Seine,  les parcelles  de terrains  n\u00e9cessaires  \u00e0 la r\u00e9alisation  du projet  d'am\u00e9nagement  du\ncentre  ville  \u00e0 Villeneuve-la-Garenne,  et d\u00e9sign\u00e9es  sur l'\u00e9tat  parcellaire  (annexe  1) et le plan  parcellaire\n(annexe  2) joints  au pr\u00e9sent  arr\u00eat\u00e9.\n\nSont  \u00e9galement  annex\u00e9s  au pr\u00e9sent  arr\u00e9t\u00e9  les plans  de situation  des lots (annexes  3, 8 et 9), le plan\ndu p\u00e9rim\u00e8tre  de la copropri\u00e9t\u00e9  et de la ligne  divisoire  (annexes  4 et 10), les documents  d'arpentage\n(annexes  5 et 11), les extraits  cadastraux  mod\u00e8le  1 (annexes  6 et 12) et les extraits  du plan  cadastral\n(annexes  7 et 13) en application  de l'article  L.132-2  du code  de l'expropriation  pour  cause  d'utilit\u00e9\npublique  et relatifs  au retrait  des emprises  expropri\u00e9es  de la propri\u00e9t\u00e9  initiale.\nARTICLE  2\nLe pr\u00e9sent  arr\u00eat\u00e9  peut  faire  l'objet  d'un  recours  administratif,  soit gracieux,  aupr\u00e8s  de monsieur  le\npr\u00e9fet  des Hauts-de-Seine  (pr\u00e9fecture  des Hauts-de-Seine  \u2014 167-177  avenu  Joliot  Curie  \u2014 92013\nNanterre  cedex),  soit hi\u00e9rarchique  aupr\u00e8s  du minist\u00e8re  de l'Int\u00e9rieur  et des  outre-mer,  dans  les deux\nmois  suivant  sa publication.\nL'absence  de r\u00e9ponse  \u00e0 un recours  gracieux  ou hi\u00e9rarchique  au terme  d'un  d\u00e9lai  de deux  mois  vaut\nrejet.\nEn application  des dispositions  des articles  R.421-1  et R.421-5  du code  de justice  administrative,  le\npr\u00e9sent  arr\u00eat\u00e9  peut  faire  l'objet  d'un  recours  contentieux  devant  le tribunal  administratif  de Cergy-\nPontoise  \u2014 2/4, bd de l'Hautil  - BP 30322  - 95027  Cergy-Pontoise  Cedex  dans  un d\u00e9lai  de deux  mois\n\u00e0 compter  de sa publication  ou dans  le d\u00e9lai  de deux  mois  suivant  le rejet  d'un  recours  gracieux  ou\nhi\u00e9rarchique.\nARTICLE  3\nLe secr\u00e9taire  g\u00e9n\u00e9ral  de la pr\u00e9fecture  des Hauts-de-Seine,  le pr\u00e9sident  de l'EPT  Boucle  Nord  de\nSeine  et le maire  de la commune  de Villeneuve-la-Garenne  sont  charg\u00e9s,  chacun  en ce qui le\nconcerne,  de l'ex\u00e9cution  des dispositions  du pr\u00e9sent  arr\u00eat\u00e9  qui sera  publi\u00e9  au recueil  des actes\nadministratifs  dans  le d\u00e9partement  des  Hauts-de-Seine  et affich\u00e9  pendant  deux  mois  en mairie.\nNanterre,  le\n2 5 OCT. 2024\nLe pr\u00e9fet,\nPour  le pr\u00e9fet  ot par d\u00e9l\u00e9gation\nfalas en\nPi\u00e8ces  annex\u00e9es  au pr\u00e9sent  arr\u00eat\u00e9  :\n- annexe  1 : un \u00e9tat  parcellaire\n- annexe  2 : Un plan  parcellaire\n- annexe  3 : croquis  de situation  des  lots de la parcelle  | n\u00b0283\n- annexe  4 : p\u00e9rim\u00e8tre  de la copropri\u00e9t\u00e9  et de la ligne  divisoire  concernant  la parcelle  | n\u00b0286\n- annexe  5 : document  d'arpentage  concernant  la parcelle  | n\u00b0286\n- annexe  6 : extrait  cadastral  mod\u00e8le  1 concernant  la parcelle  | n\u00b0286\n- annexe  7 : extrait  plan  cadastral  concernant  la parcelle  | n\u00b0286\n- annexe  8 : croquis  de situation  des lots au niveau  rez-de-rue  concernant  la parcelle  | n\u00b0314\n- annexe  9 : croquis  de situation  des lots au niveau  rez-de-dalle  concernant  la parcelle  | n\u00b0314\n- annexe  10 : p\u00e9rim\u00e8tre  de la copropri\u00e9t\u00e9  et de la ligne  divisoire  concernant  la parcelle  | n\u00b0314\n- annexe  11 : document  d'arpentage  concernant  la parcelle  | n\u00b0314\n- annexe  12 : extrait  cadastral  mod\u00e8le  1 concernant  la parcelle  | n\u00b0314\n- annexe  13 : extrait  plan  cadastral  concernant  la parcelle  | n\u00b0314\n\n6 \n  \n \n \n \nRECUEIL DES ACTES ADMINISTRATIFS  \n \nDU \n \nPREFET DES HAUTS -DE-SEINE  \n \n \nISSN 0985 - 5955  \n \n \n \n \n \nPour toute correspondance, s'adresser \u00e0 :  \n \nPREFET DES HAUTS -DE-SEINE  \n \nSecr\u00e9tariat g\u00e9n\u00e9ral  \nSecr\u00e9tariat g\u00e9n\u00e9ral aux affaires d\u00e9partementales  \n \n167/177, Avenue Joliot Curie  \n92013 NANTERRE CEDEX  \n \n \n \n \nLe recueil des actes administratifs est consultable en ligne sur le site de la pr\u00e9fecture  \nAdresse Internet  : http://www.hauts -de-seine.gouv.fr/  \n \nDirecteur de la publication  : \n \nLaurent HOTTIAUX  \n \nPREFET DES HAUTS -DE-SEINE  \n \n  \n7 \n  \n \n \n \n \n \n \n \n \n \n \n \n \n \n \n \n \n \n \n \n \n \n \n \n \n \n \n \n \n \n \n \n \n \n \n \n \n \n \n \n \nPREFECTURE DES HAUTS -DE-SEINE  \n167-177,  avenue Joliot Curie 92013 NANTERRE Cedex  \nCourriel  : courrier@hauts -de-seine.gouv.fr  \nStandard  : 01.40.97.20.00 T\u00e9l\u00e9copie 01.40.97.25.21  \nAdresse Internet  : http://www.hauts -de-seine.gouv.fr/","date":"2025-01-24","first_seen_on":"2025-01-24T15:36:51+00:00","id":"67813f89daa6f07ecce996493c6a04262b459f3fcc10801701e4432ebbcc724d","name":"RAA sp\u00e9cial DCL du 24 janvier 2025","pdf_creation_date":null,"pdf_modification_date":null,"timezone":"CET","url":"https://www.hauts-de-seine.gouv.fr/contenu/telechargement/26199/183429/file/2025-01-24%20RAA%20sp%C3%A9cial%20DCL%20du%2024%20janvier%202025.pdf"}
