{"administration":"pref83","administration_name":"Pr\u00e9fecture du Var","content":"VAR\nRECUEIL DES ACTES\nADMINISTRATIFS SP\u00c9CIAL\n(NOMINATIFS)\nN\u00b083-2026-055\nPUBLI\u00c9 LE 10 F\u00c9VRIER 2026\nSommaire\nDirection d\u00e9partementale de la protection des populations  du Var / P\u00f4le\nanimaux et environnement DDPP\n83-2026-02-10-00001 - ARR\u00caT\u00c9 PR\u00c9FECTORAL n\u00b0 26/017 du\n10/02/2026 \nattribuant l'habilitation sanitaire \u00e0 Monsieur R\u00e9gis\nTALON (n\u00b0 Ordre 14907) (3 pages) Page 3\nPr\u00e9fecture du VAR /\n83-2026-02-06-00009 - Arr mbres non perm (6 pages) Page 7\n83-2026-02-06-00008 - Arr mbres perm (8 pages) Page 14\n83-2026-01-23-00009 - Arrete modif CDG 23 01 2026 (24 pages) Page 23\nPr\u00e9fecture du VAR / Direction de la coordination des politiques publiques\net de l'appui territorial\n83-2026-02-06-00010 - Arr\u00eat\u00e9 pr\u00e9fectoral du 6 f\u00e9vrier 2026 pour la\nr\u00e9alisation d'un diagnostic arch\u00e9ologique. (25 pages) Page 48\n2\nDirection d\u00e9partementale de la protection des\npopulations  du Var\n83-2026-02-10-00001\nARR\u00caT\u00c9 PR\u00c9FECTORAL n\u00b0 26/017 du 10/02/2026 \nattribuant l'habilitation sanitaire \u00e0 Monsieur\nR\u00e9gis TALON (n\u00b0 Ordre 14907)\nDirection d\u00e9partementale de la protection des populations  du Var - 83-2026-02-10-00001 - ARR\u00caT\u00c9 PR\u00c9FECTORAL n\u00b0 26/017 du\n10/02/2026 \nattribuant l'habilitation sanitaire \u00e0 Monsieur R\u00e9gis TALON (n\u00b0 Ordre 14907)\n3\n=nPREFETDU VARLibert\u00e9Egalit\u00e9Fraternit\u00e9\n Direction d\u00e9partementale de la \nprotection des populations \nP\u00f4le Sant\u00e9 Animaux et Environnement \nARR\u00caT\u00c9 PR\u00c9FECTORAL n\u00b0 26/017 du 10/02/2026 \nattribuant l'habilitation sanitaire \u00e0 Monsieur R\u00e9gis TALON (n\u00b0 Ordre 14907) \nLe Pr\u00e9fet du Var, \nChevalier de la L\u00e9gion d'honneur, \nChevalier de l'ordre national du m\u00e9rite, \nVU  le code rural et de la p\u00eache maritime et notamment ses articles L. 203-1 \u00e0 L. 203- \n7 , L. 223-6, R. 203-1 \u00e0 R. 203-15 et R. 242-33 ;\nVU  le d\u00e9cret n\u00b0 80-516 du 4 juillet 1980, modifi\u00e9 par le d\u00e9cret n\u00b0 90-1033 du 19 \nnovembre 1990 et par le d\u00e9cret 2003-768 du 1 \ner  ao\u00fbt 2003, relatif \u00e0 l'ex\u00e9cution des \nmesures de prophylaxie collective des maladies des animaux ; \nVU  le d\u00e9cret n\u00b0 2004.374 du 29 avril 2004 modifi\u00e9, relatif aux pouvoirs des pr\u00e9fets, \u00e0 \nl'organisation et \u00e0 l'action des services de l'Etat dans les r\u00e9gions et d\u00e9partements et \nnotamment son article 43 ; \nVU  le d\u00e9cret n\u00b02012-843 du 30 juin 2012 relatif \u00e0 la modernisation des missions des \nv\u00e9t\u00e9rinaires titulaires d'un mandat sanitaires ; \nVU  le d\u00e9cret du Pr\u00e9sident de la R\u00e9publique du 15 mai 2025 portant nomination de \nMonsieur Simon BABRE, pr\u00e9fet du Var ;\nVU  l'arr\u00eat\u00e9 minist\u00e9riel du 13 mars 2024 portant nomination de Madame Nathalie \nGUERSON directrice d\u00e9partementale de la protection des populations du Var ;\nVU l'arr\u00eat\u00e9 du premier ministre du 15 juin 2024 portant nomination de Monsieur \nJean-Fran\u00e7ois  CARRI\u00c9  directeur  d\u00e9partemental  adjoint  de  la  protection  des \npopulations ; \nVU  l'arr\u00eat\u00e9 2025/24/MCI du 2 juin 2025 du Pr\u00e9fet du Var portant d\u00e9l\u00e9gation de \nsignature \u00e0 Madame Nathalie GUERSON, directrice d\u00e9partementale de la protection \ndes populations du Var  ;\nVU l'arr\u00eat\u00e9 DDPP n\u00b0 25-141 du 1 er  juillet 2025, portant subd\u00e9l\u00e9gation de signature de \nMadame Nathalie GUERSON, directrice d\u00e9partementale de la protection des popu -\nlations au sein de la direction d\u00e9partementale de la protection des populations du \nVar  ;\n\nDirection d\u00e9partementale de la protection des populations  du Var - 83-2026-02-10-00001 - ARR\u00caT\u00c9 PR\u00c9FECTORAL n\u00b0 26/017 du\n10/02/2026 \nattribuant l'habilitation sanitaire \u00e0 Monsieur R\u00e9gis TALON (n\u00b0 Ordre 14907)\n4\nVU  la demande d'habilitation sanitaire pr\u00e9sent\u00e9e par Monsieur R\u00e9gis TALON pour le \nd\u00e9partement du  VAR (83), domicili\u00e9 professionnellement  au  41 place dou Maiet, \n83600 FR\u00c9JUS ;\nConsid\u00e9rant  que  Monsieur  R\u00e9gis  TALON  docteur  v\u00e9t\u00e9rinaire  (n\u00b0Ordre  14907) , \nremplit les conditions permettant l'attribution de l'habilitation sanitaire ;\nSur proposition de la directrice d\u00e9partementale de la protection des populations du \nVar ;\nARR\u00caTE \nArtic   \nle 1er      :L'habilitation sanitaire, pr\u00e9vue \u00e0 l'article L. 203-1 du code rural et de la \np\u00eache maritime susvis\u00e9, est attribu\u00e9e pour une dur\u00e9e de cinq ans  \u00e0 Monsieur R\u00e9gis \nTALON  domicili\u00e9 administrativement 41 place dou Maiet, 83600 FR\u00c9JUS  ; pour les \nactivit\u00e9s suivantes : Carnivores domestiques, lagomorphes. \nArticle  2      : Dans  la  mesure  o\u00f9  les  conditions  requises  ont  \u00e9t\u00e9  respect\u00e9es,  cette \nhabilitation  sanitaire  est  renouvelable  par  p\u00e9riode  de  cinq  ann\u00e9es  tacitement \nreconduites sous r\u00e9serve pour le v\u00e9t\u00e9rinaire sanitaire de justifier \u00e0 l'issue de chaque \np\u00e9riode de cinq ans, aupr\u00e8s du pr\u00e9fet du Var, du respect de ses obligations de \nformation  continue  pr\u00e9vues  \u00e0  l'article  R.  203-12  du  code  rural  et  de  la  p\u00eache \nmaritime.\nArticle 3   \n   :   Monsieur R\u00e9gis TALON , s'engage \u00e0 respecter les prescriptions techniques, \nadministratives et le cas \u00e9ch\u00e9ant financi\u00e8res de mise en \u0153uvre des mesures de \npr\u00e9vention, de surveillance ou de lutte prescrites par l'autorit\u00e9 administrative et des \nop\u00e9rations de police sanitaire ex\u00e9cut\u00e9es en application de l'article L.203-7 du code \nrural et de la p\u00eache maritime. \nArticle  4   \n   : Monsieur  R\u00e9gis  TALON,  pourra  \u00eatre  appel\u00e9  par  le  pr\u00e9fet  de  ses \nd\u00e9partements d'exercice pour la r\u00e9alisation d'op\u00e9rations de police sanitaire au sein \ndes  lieux  de  d\u00e9tention  ou  des  \u00e9tablissements  pour  lesquels  il  a  \u00e9t\u00e9  d\u00e9sign\u00e9 \nv\u00e9t\u00e9rinaire sanitaire. Il sera tenu de concourir \u00e0 ces op\u00e9rations en application des \ndispositions de l'article L. 203-7 du code rural et de la p\u00eache maritime. \nArticle  5   \n   : Tout  manquement  ou  faute  commis  dans  l'exercice  de  la  pr\u00e9sente \nhabilitation sanitaire entra\u00eenera l'application des dispositions pr\u00e9vues aux articles R. \n203-15, R. 228-6 et suivants du code rural et de la p\u00eache maritime. \nArticle  6 \n : Tout  changement  de  situation  ou  d'adresse  professionnelle  doit  \u00eatre \nsignal\u00e9 \u00e0 la direction d\u00e9partementale de la protection des populations du Var. Le \nv\u00e9t\u00e9rinaire peut renoncer \u00e0 son habilitation, sous r\u00e9serve d'en informer la direction \nd\u00e9partementale de la protection des populations du Var, au moins trois mois \u00e0 \nl'avance. \nArticle  7 \n : Une  copie  du  pr\u00e9sent  arr\u00eat\u00e9  sera  notifi\u00e9e  \u00e0  l'int\u00e9ress\u00e9  par  courrier \nrecommand\u00e9 avec avis de r\u00e9ception. \n\nDirection d\u00e9partementale de la protection des populations  du Var - 83-2026-02-10-00001 - ARR\u00caT\u00c9 PR\u00c9FECTORAL n\u00b0 26/017 du\n10/02/2026 \nattribuant l'habilitation sanitaire \u00e0 Monsieur R\u00e9gis TALON (n\u00b0 Ordre 14907)\n5\nArticle 8      :  La pr\u00e9sente d\u00e9cision peut faire l'objet d'un recours devant le tribunal \nadministratif comp\u00e9tent, dans un d\u00e9lai de deux mois \u00e0 compter de sa notification. \nLe tribunal administratif peut \u00eatre saisi par l'application informatique \"T\u00e9l\u00e9recours \ncitoyens\" accessible par le site internet www.t\u00e9l\u00e9recours.fr. \nArticle  9   \n   :    Le  secr\u00e9taire  g\u00e9n\u00e9ral  de  la  pr\u00e9fecture  du  Var  et  la  directrice \nd\u00e9partementale de la protection des populations du Var sont charg\u00e9s, chacun en ce \nqui le concerne, de l'ex\u00e9cution du pr\u00e9sent arr\u00eat\u00e9 qui sera publi\u00e9 au recueil des actes \nadministratifs de la Pr\u00e9fecture du Var. \nFait \u00e0 Toulon, le 10/02/2026 \nPour le Pr\u00e9fet et par d\u00e9l\u00e9gation, \nLa Directrice d\u00e9partementale de la \n       protection des populations, \nSign\u00e9\nMadame Nathalie GUERSON \n\nDirection d\u00e9partementale de la protection des populations  du Var - 83-2026-02-10-00001 - ARR\u00caT\u00c9 PR\u00c9FECTORAL n\u00b0 26/017 du\n10/02/2026 \nattribuant l'habilitation sanitaire \u00e0 Monsieur R\u00e9gis TALON (n\u00b0 Ordre 14907)\n6\nPr\u00e9fecture du VAR\n83-2026-02-06-00009\nArr mbres non perm\nPr\u00e9fecture du VAR - 83-2026-02-06-00009 - Arr mbres non perm 7\n=mPREFETDU VARLibert\u00e9Egalit\u00e9Fraternit\u00e9\nDirection d\u00e9partementale\n de l'emploi, du travail et des solidarit\u00e9s\nService acc\u00e8s au logement\nD\u00e9partement accompagnement vers le logement\nArr\u00eat\u00e9 pr\u00e9fectoral n\u00b0 DDETS-SAL-2026-05 du 06 f\u00e9vrier 2026 portant d\u00e9signation des \nmembres non permanents de la commission d'information et de s\u00e9lection d'appel \u00e0 projets \npour la cr\u00e9ation de places en foyers de jeunes travailleurs (FJT)\nLe Pr\u00e9fet du Var,\nVu le Code de l'action sociale et des familles, et notamment les articles L.312-1 d\u00e9finissant les \n\u00e9tablissements  et  services  sociaux  et  m\u00e9dico-sociaux,  L.313-1-1  relatif  \u00e0  la  proc\u00e9dure \nd'appel  \u00e0  projet,  L.313-3  relatif  aux  autorit\u00e9s  comp\u00e9tentes  pour  la  d\u00e9livrance  des \nautorisations\u00a0;\nVu la loi n\u00b02009-879 du 21 juillet 2009 modifi\u00e9e portant r\u00e9forme de l'h\u00f4pital et relative aux  \npatients, \u00e0 la sant\u00e9 et aux territoires\u00a0;\nVu les articles R.313-1 \u00e0 R.313-10-2 du code de l'action sociale et des familles\u00a0;\nVu l'article 31 de la loi n\u00b02014-366 du 24 mars 2014 pour l'acc\u00e8s au logement et un urbanisme  \nr\u00e9nov\u00e9 r\u00e9tablissant la comp\u00e9tence des pr\u00e9fets de d\u00e9partement en mati\u00e8re d'autorisation  \ndes foyers de jeunes travailleurs relevant du 10\u00b0 du I de l'article L.312-1 du code de l'action \nsociale et des familles\u00a0; \n1/6\nPr\u00e9fecture du VAR - 83-2026-02-06-00009 - Arr mbres non perm 8\nVu  le  d\u00e9cret  n\u00b02010-870  du  26  juillet  2010  relatif  \u00e0  la  proc\u00e9dure  d'appel  \u00e0  projets  et \nd'autorisation mentionn\u00e9e \u00e0 l'article L.313-1-1 du code de l'action sociale et des familles\u00a0;\nVu  le  d\u00e9cret  n\u00b02014-565  du  30  mai  2014  modifiant  la  proc\u00e9dure  d'appel  \u00e0  projets  et \nd'autorisation mentionn\u00e9e \u00e0 l'article L 313-1-1 du code de l'action sociale et des familles ;\nVu  le d\u00e9cret n\u00b02015-951 du 31 juillet 2015 relatif aux foyers de jeunes travailleurs\u00a0;\nVu le d\u00e9cret du Pr\u00e9sident de la R\u00e9publique du 15 mai 2025 portant nomination de monsieur  \nSimon Babre, pr\u00e9fet du Var ;\nVu l'arr\u00eat\u00e9 du premier ministre et du ministre de l'int\u00e9rieur du 17 janvier 2025 portant nomi -\nnation  (directions  d\u00e9partementales  interminist\u00e9rielles)  de  Mme  Sandrine  \nPolychronopoulos, directrice d\u00e9partementale de l'emploi, du travail et des solidarit\u00e9s du  \nVar\u00a0; \nVu l'arr\u00eat\u00e9 du premier ministre et du ministre de l'int\u00e9rieur du 2 d\u00e9cembre 2025 portant  \nnomination (directions d\u00e9partementales interminist\u00e9rielles) de Mme Fr\u00e9d\u00e9rique Chadel,  \ndirectrice d\u00e9partementale adjointe de l'emploi, du travail et des solidarit\u00e9s du Var\u00a0; \nVu l'arr\u00eat\u00e9 pr\u00e9fectoral n\u00b0 2025/13/MCI du 2 juin 2025 portant d\u00e9l\u00e9gation de signature \u00e0 M.  \nJean-Baptiste Morinaud, Secr\u00e9taire g\u00e9n\u00e9ral adjoint de la pr\u00e9fecture du Var, Sous-pr\u00e9fet  \ncharg\u00e9 de mission aupr\u00e8s du pr\u00e9fet du Var ;\nVu l'arr\u00eat\u00e9  pr\u00e9fectoral  n\u00b02016/10/DDCS/SHAL  du  10  novembre  2016  fixant  la  liste  des \nmembres ayant un mandat permanent pour si\u00e9ger au sein de la commission de s\u00e9lection  \nd'appel \u00e0 projet social pour les projets autoris\u00e9s par le pr\u00e9fet du Var ;\nVu l'arr\u00eat\u00e9 pr\u00e9fectoral n\u00b02017/01/DDCS/SPPF du 28 d\u00e9cembre 2017 modifiant l'arr\u00eat\u00e9 pr\u00e9fec-\ntoral du 10 novembre 2016 n\u00b02016/10/DDCS/SHAL qui fixe la liste des membres ayant un  \n2/6\nPr\u00e9fecture du VAR - 83-2026-02-06-00009 - Arr mbres non perm 9\nmandat permanent pour si\u00e9ger au sein de la commission de s\u00e9lection d'appel \u00e0 projet so -\ncial pour les projets autoris\u00e9s par le pr\u00e9fet du Var ;\nVu l'arr\u00eat\u00e9 pr\u00e9fectoral n\u00b0 83-2025-06-24-00008 portant avis d'appel \u00e0 projet 2025 relatif \u00e0 la  \ncr\u00e9ation de 234 places en foyer de jeunes travailleurs (FJT) relevant de la comp\u00e9tence de  \nla pr\u00e9fecture du d\u00e9partement du Var\u00a0;\nVu la  circulaire n\u00b0DGCS/SD5B/2014/287  du 20  octobre 2014  relative  \u00e0 la  proc\u00e9dure \nd'appel \u00e0 projet et d'autorisation des \u00e9tablissements sociaux et m\u00e9dico-sociaux ;\nVu la circulaire n\u00b0DGCS/SDIA/2015/284  du 9  septembre 2015 relative au  statut \njuridique des foyers de jeunes travailleurs ;\n3/6\nPr\u00e9fecture du VAR - 83-2026-02-06-00009 - Arr mbres non perm 10\nArr\u00eate :\nArticle 1  er\n   :  \nPour  chaque  appel  \u00e0  projet,  sont  d\u00e9sign\u00e9s  pour  si\u00e9ger  en  qualit\u00e9  de  membres  non \npermanents avec voix consultatives\u00a0:\n\uf0a7 les personnes qualifi\u00e9es choisies en raison de leurs comp\u00e9tences dans le domaine de  \nl'appel \u00e0 projet correspondant\u00a0;\n\uf0a7 les repr\u00e9sentants sp\u00e9cialement concern\u00e9s par l'appel \u00e0 projet correspondant\u00a0;\n\uf0a7 les personnels des services techniques, comptables ou financiers de l'autorit\u00e9 comp\u00e9tente \npour d\u00e9livrer l'autorisation.\n\uf0d8 Au titre des personnes qualifi\u00e9es\u00a0:\n\uf0a7 Monsieur Yassine Amoch, conseiller th\u00e9matique logement, Caisse d'Allocations Familiales  \n(C.A.F) du Var, titulaire\u00a0;\n\uf0a7 Madame  C\u00e9line  Ferrand,  responsable  du  p\u00f4le  logement,  Caisse  d'Allocations \nFamiliales (C.A.F) du Var du Var, suppl\u00e9ante\u00a0;\n\uf0a7 Madame Anne-Laure Bertacchini, directrice  S.I.A.O 115 Var, association Itinova, titulaire\u00a0;\n\uf0a7 Madame  Laurence  Loisy,  cheffe  de  service  S.I.A.O  115  Var,  association  Itinova, \nsuppl\u00e9ante\u00a0;\n\uf0d8 Au titre des repr\u00e9sentants d'usagers sp\u00e9cialement concern\u00e9s par l'appel \u00e0 projets  \ncorrespondant\u00a0:\n\uf0a7 Madame Carole Rives, \u00a0directrice - Comit\u00e9 Local pour le Logement Autonome des Jeunes  \n(CLLAJ) \u2013 ALINEA ou son repr\u00e9sentant\u00a0;\n\uf0a7 Madame Laurence Lanata, directrice de la direction de l'enfance et de la famille (nomm\u00e9e  \n\u00e0 partir du 1er f\u00e9vrier 2026), titulaire\u00a0;\n\uf0a7 Madame H\u00e9l\u00e8ne Cottavoz, directrice adjointe de la direction de l'enfance et de la  \nfamille, suppl\u00e9ante\u00a0;\n4/6\nPr\u00e9fecture du VAR - 83-2026-02-06-00009 - Arr mbres non perm 11\n\uf0d8 Au  titre  des  personnels  techniques,  comptables  ou  financiers  de  l'autorit\u00e9  \ncomp\u00e9tente pour d\u00e9livrer l'autorisation\u00a0:\n\uf0a7 Monsieur Yann Faverie, charg\u00e9 de gestion h\u00e9bergement, D.D.E.T.S 83;\n\uf0a7 Madame Solenn Cappelli, charg\u00e9e d'\u00e9tude du logement adapt\u00e9, D.D.E.T.S 83\u00a0;\n\uf0a7 Madame  Carine  Bonnerave,  charg\u00e9e  de  mission  insertion  des  jeunes  et  r\u00e9f\u00e9rente \napprentissage priv\u00e9, service acc\u00e8s \u00e0 l'emploi, d\u00e9partement \u00c9galit\u00e9 des chances, D.D.E.T.S  \n83\u00a0;\nArticle 2 :\nLe mandat des membres non permanents ayant une voix consultative vaut uniquement pour  \nl'appel \u00e0 projets pour la cr\u00e9ation de places en foyers jeunes travailleurs contenu dans l'arr\u00eat\u00e9  \nn\u00b0 83-2025-06-24-00008 susvis\u00e9 et publi\u00e9 au recueil des actes administratifs de la pr\u00e9fecture  \ndu Var le 30 juin 2025 au n\u00b0220.\nArticle 3 :\nLa commission d\u00e9partementale de s\u00e9lection d'appel \u00e0 projets social mentionn\u00e9e \u00e0 l'article 1 er \ndu pr\u00e9sent arr\u00eat\u00e9 est r\u00e9unie \u00e0 l'initiative de son pr\u00e9sident, le Pr\u00e9fet du Var. Le pr\u00e9sident est  \nl'autorit\u00e9 comp\u00e9tente pour d\u00e9livrer l'autorisation.\nArticle 4 :\nLa commission de s\u00e9lection des appels \u00e0 projets dispose d'un r\u00f4le consultatif. Elle proc\u00e8de \u00e0  \nl'examen et au classement des projets. La d\u00e9cision d'autorisation appartient \u00e0 monsieur le  \nPr\u00e9fet du Var.\nArticle 5 :\nLes  modalit\u00e9s  de  fonctionnement  de  la  commission  de  s\u00e9lection  des  appels  \u00e0  projets \nautoris\u00e9s par le Pr\u00e9fet du Var ont lieu conform\u00e9ment \u00e0 la r\u00e9glementation en vigueur.\nArticle 6 : \nLe pr\u00e9sent arr\u00eat\u00e9 peut faire l'objet d'un recours devant le tribunal administratif de Toulon  \ndans un d\u00e9lai de deux mois \u00e0 compter de sa publication au recueil des actes administratifs de  \nla pr\u00e9fecture du Var.\n5/6\nPr\u00e9fecture du VAR - 83-2026-02-06-00009 - Arr mbres non perm 12\nArticle 7 :\nL'arr\u00eat\u00e9 pr\u00e9fectoral n\u00b02017/01/DDCS/SPPF du 28 d\u00e9cembre 2017 modifiant l'arr\u00eat\u00e9 pr\u00e9fectoral \ndu 10 novembre 2016 n\u00b02016/10/DDCS/SHAL qui fixe la liste des membres ayant un mandat \npermanent pour si\u00e9ger au sein de la commission de s\u00e9lection d'appel \u00e0 projet social pour les \nprojets autoris\u00e9s par le pr\u00e9fet du Var est abrog\u00e9.\nArticle 8 :\nLe secr\u00e9taire g\u00e9n\u00e9ral de la pr\u00e9fecture du Var et la directrice d\u00e9partementale de l'emploi, du \ntravail et des solidarit\u00e9s du Var sont charg\u00e9s, chacun en ce qui le concerne, de l'ex\u00e9cution du \npr\u00e9sent arr\u00eat\u00e9 qui sera publi\u00e9 au recueil des actes administratifs de la pr\u00e9fecture du Var.\nToulon, le 06 f\u00e9vrier 2026\nPour le pr\u00e9fet, et par d\u00e9l\u00e9gation, le \nSecr\u00e9taire g\u00e9n\u00e9ral adjoint \nde la pr\u00e9fecture du Var\nSign\u00e9\nJean-Baptiste Morinaud\n6/6\nPr\u00e9fecture du VAR - 83-2026-02-06-00009 - Arr mbres non perm 13\nPr\u00e9fecture du VAR\n83-2026-02-06-00008\nArr mbres perm\nPr\u00e9fecture du VAR - 83-2026-02-06-00008 - Arr mbres perm 14\n=mPREFETDU VARLibert\u00e9Egalit\u00e9Fraternit\u00e9\nDirection d\u00e9partementale\n de l'emploi, du travail et des solidarit\u00e9s\nService acc\u00e8s au logement\nD\u00e9partement accompagnement vers le logement\nArr\u00eat\u00e9 pr\u00e9fectoral n\u00b0 DDETS-SAL-2026-04 du 06 f\u00e9vrier 2026 portant d\u00e9signation des \nmembres permanents de la commission d'information et de s\u00e9lection d'appel \u00e0 projets pour \nla cr\u00e9ation de places en foyers de jeunes travailleurs (FJT)\nLe Pr\u00e9fet du Var,\nVu le Code de l'action sociale et des familles, et notamment les articles L.312-1 d\u00e9finissant les \n\u00e9tablissements  et  services  sociaux  et  m\u00e9dico-sociaux,  L.313-1-1  relatif  \u00e0  la  proc\u00e9dure \nd'appel  \u00e0  projet,  L.313-3  relatif  aux  autorit\u00e9s  comp\u00e9tentes  pour  la  d\u00e9livrance  des \nautorisations\u00a0;\nVu la loi n\u00b02009-879 du 21 juillet 2009 modifi\u00e9e portant r\u00e9forme de l'h\u00f4pital et relative aux  \npatients, \u00e0 la sant\u00e9 et aux territoires\u00a0;\nVu les articles R.313-1 \u00e0 R.313-10-2 du code de l'action sociale et des familles\u00a0;\nVu l'article 31 de la loi n\u00b02014-366 du 24 mars 2014 pour l'acc\u00e8s au logement et un urbanisme  \nr\u00e9nov\u00e9 r\u00e9tablissant la comp\u00e9tence des pr\u00e9fets de d\u00e9partement en mati\u00e8re d'autorisation  \ndes foyers de jeunes travailleurs relevant du 10\u00b0 du I de l'article L.312-1 du code de l'action \nsociale et des familles\u00a0; \n1/8\nPr\u00e9fecture du VAR - 83-2026-02-06-00008 - Arr mbres perm 15\nVu  le  d\u00e9cret  n\u00b02010-870  du  26  juillet  2010  relatif  \u00e0  la  proc\u00e9dure  d'appel  \u00e0  projets  et \nd'autorisation mentionn\u00e9e \u00e0 l'article L.313-1-1 du code de l'action sociale et des familles\u00a0;\nVu  le  d\u00e9cret  n\u00b02014-565  du  30  mai  2014  modifiant  la  proc\u00e9dure  d'appel  \u00e0  projets  et \nd'autorisation mentionn\u00e9e \u00e0 l'article L.313-1-1 du code de l'action sociale et des familles ;\nVu  le d\u00e9cret n\u00b02015-951 du 31 juillet 2015 relatif aux foyers de jeunes travailleurs\u00a0;\nVu le  d\u00e9cret  du  Pr\u00e9sident  de  la  R\u00e9publique  du  15  mai  2025  portant  nomination  de \nmonsieur Simon Babre, pr\u00e9fet du Var ;\nVu l'arr\u00eat\u00e9  du premier ministre et du ministre de l'int\u00e9rieur du 17 janvier 2025 portant  \nnomination  (directions  d\u00e9partementales  interminist\u00e9rielles)  de  Mme  Sandrine  \nPolychronopoulos, directrice d\u00e9partementale de l'emploi, du travail et des solidarit\u00e9s  \ndu Var\u00a0; \nVu l'arr\u00eat\u00e9 du premier ministre et du ministre de l'int\u00e9rieur du 2 d\u00e9cembre 2025 portant  \nnomination (directions d\u00e9partementales interminist\u00e9rielles) de Mme Fr\u00e9d\u00e9rique Cha -\ndel, directrice d\u00e9partementale adjointe de l'emploi, du travail et des solidarit\u00e9s du  \nVar\u00a0; \nVu l'arr\u00eat\u00e9 pr\u00e9fectoral n\u00b0 2025/13/MCI du 2 juin 2025 portant d\u00e9l\u00e9gation de signature \u00e0 M.  \nJean-Baptiste Morinaud, Secr\u00e9taire g\u00e9n\u00e9ral adjoint de la pr\u00e9fecture du Var, Sous-pr\u00e9fet  \ncharg\u00e9 de mission aupr\u00e8s du pr\u00e9fet du Var ;\nVu l'arr\u00eat\u00e9  pr\u00e9fectoral  n\u00b02016/10/DDCS/SHAL  du  10  novembre  2016  fixant  la  liste  des \nmembres ayant un mandat permanent pour si\u00e9ger au sein de la commission de s\u00e9lection  \nd'appel \u00e0 projet social pour les projets autoris\u00e9s par le pr\u00e9fet du Var ;\n2/8\nPr\u00e9fecture du VAR - 83-2026-02-06-00008 - Arr mbres perm 16\nVu l'arr\u00eat\u00e9 pr\u00e9fectoral n\u00b02017/01/DDCS/SPPF du 28 d\u00e9cembre 2017 modifiant l'arr\u00eat\u00e9 pr\u00e9fec-\ntoral du 10 novembre 2016 n\u00b02016/10/DDCS/SHAL qui fixe la liste des membres ayant un  \nmandat permanent pour si\u00e9ger au sein de la commission de s\u00e9lection d'appel \u00e0 projet so -\ncial pour les projets autoris\u00e9s par le pr\u00e9fet du Var ;\nVu l'arr\u00eat\u00e9 pr\u00e9fectoral n\u00b0 83-2025-06-24-00008 portant avis d'appel \u00e0 projet 2025 relatif \u00e0 la  \ncr\u00e9ation de 234 places en foyer de jeunes travailleurs (FJT) relevant de la comp\u00e9tence de  \nla pr\u00e9fecture du d\u00e9partement du Var\u00a0;\nVu la  circulaire n\u00b0DGCS/SD5B/2014/287  du 20  octobre 2014  relative  \u00e0 la  proc\u00e9dure \nd'appel \u00e0 projet et d'autorisation des \u00e9tablissements sociaux et m\u00e9dico-sociaux ;\nVu la circulaire n\u00b0DGCS/SDIA/2015/284  du 9  septembre 2015 relative au  statut \njuridique des foyers de jeunes travailleurs ;\n3/8\nPr\u00e9fecture du VAR - 83-2026-02-06-00008 - Arr mbres perm 17\nArr\u00eate :\nArticle 1  er\n   :  \nSont d\u00e9sign\u00e9s membres permanents de la commission d'information et de s\u00e9lection d'appel \u00e0 \nprojet social ou m\u00e9dico-social, institu\u00e9e aupr\u00e8s du Pr\u00e9fet\u00a0:\n1.Membres permanents avec voix d\u00e9lib\u00e9ratives  \u00a0  :  \na. Le Pr\u00e9fet, repr\u00e9sent\u00e9 par  \u00a0  :  \n\uf0a7 Madame Sandrine Polychronopoulos, directrice d\u00e9partementale de l'emploi,  \ndu travail et des solidarit\u00e9s (D.D.E.T.S) du Var, pr\u00e9sidente titulaire\u00a0;\n\uf0a7 Madame  Fr\u00e9d\u00e9rique  Chadel,  directrice  d\u00e9partementale  adjointe  de \nl'emploi, du travail et des solidarit\u00e9s (D.D.E.T.S) du Var, suppl\u00e9ante ;\nb. Au titre des personnels des services de l'Etat :  \n\uf0a7 Madame  Justine  Massip,  cheffe  du  d\u00e9partement  accompagnement  vers  le \nlogement au sein du service acc\u00e8s au logement, direction d\u00e9partementale de  \nl'emploi, du travail et des solidarit\u00e9s (D.D.E.T.S) du Var, titulaire\u00a0;\n\uf0a7 Madame Ang\u00e9lique Fritz, cheffe adjointe du service acc\u00e8s au logement,  \ndirection  d\u00e9partementale  de  l'emploi,  du  travail  et  des  solidarit\u00e9s \n(D.D.E.T.S) du Var, suppl\u00e9ante\u00a0;\n\uf0a7 Monsieur  Fr\u00e9d\u00e9ric  Loubeyre,  chef  de   service  habitat  r\u00e9novation  urbaine, \ndirection  d\u00e9partementale  des  territoires  et  de  la  mer  (D.D.T.M)  du  Var, \ntitulaire\u00a0;\n4/8\nPr\u00e9fecture du VAR - 83-2026-02-06-00008 - Arr mbres perm 18\n\uf0a7 Madame Estelle Borghini, responsable du bureau renouvellement urbain  \nlogement social, direction d\u00e9partementale des territoires et de la mer  \n(D.D.T.M) du Var, suppl\u00e9ante\u00a0;\n\uf0a7 Madame  Nathalie  Oliveri,  directrice  territoriale  adjointe  de  la  protection \njudiciaire de la jeunesse (D.T.P .J.J) du Var, titulaire\u00a0;\n\uf0a7 Madame Calog\u00e9ra Carlisi, responsable des politiques institutionnelles de  \nla direction territoriale de la protection judiciaire de la jeunesse (D.T.P .J.J) \ndu Var, suppl\u00e9ante\u00a0;\nc. Au titre des repr\u00e9sentants d'usagers :  \n\uf0d8 En qualit\u00e9 de repr\u00e9sentant d'associations participant au Plan local d'action pour   \nl'h\u00e9bergement et le logement des personnes d\u00e9favoris\u00e9es (PDALHPD):\n\uf0a7 Madame  Sandra  Ducarme,  ADOMA,  directrice  territoriale  du  Var  ou  son \nrepr\u00e9sentant\u00a0;\n\uf0d8 En qualit\u00e9 de repr\u00e9sentant d'associations de la protection judiciaire des majeurs ou   \nde l'aide judicaire \u00e0 la gestion du budget familial :\n\uf0a7 Madame Charlotte Lapiate, directrice adjointe de l'Union D\u00e9partementale  \ndes Associations Familiales (UDAF) du Var, titulaire\u00a0;\n\uf0a7 Madame  Val\u00e9rie  Pimentel,  responsable  de  secteur  \u00e0  l'Union  \nD\u00e9partementale des Associations Familiales (UDAF) du Var, suppl\u00e9ante\u00a0;\n\uf0d8 En qualit\u00e9 de repr\u00e9sentants ou de personnalit\u00e9s \u0153uvrant dans le secteur de la   \nprotection judicaire de l'enfance :\n5/8\nPr\u00e9fecture du VAR - 83-2026-02-06-00008 - Arr mbres perm 19\n\uf0a7 Madame Aline Padoly, directrice g\u00e9n\u00e9rale de l'Association D\u00e9partementale de \nSauvegarde de l'Enfance, de l'Adolescence et des Adultes en difficult\u00e9 du Var \n(ADSEAAV), titulaire\u00a0;\n\uf0a7 Monsieur  Franck  Liban,  directeur  g\u00e9n\u00e9ral  adjoint  de  l'Association  \nD\u00e9partementale  de  Sauvegarde  de  l'Enfance,  de  l'Adolescence  et  des \nAdultes en difficult\u00e9 du Var (ADSEAAV), suppl\u00e9ant\u00a0;\n\uf0a7 Madame  Nathalie  Albisser,  directrice  de  l'association  Zone  Bleue,  M.E.C.S \nD\u00e9ferlante ou son repr\u00e9sentant\u00a0;\n2. Membres permanents avec voix consultative :  \n\uf0d8 Au titre des repr\u00e9sentants des unions, f\u00e9d\u00e9rations ou groupements repr\u00e9sentatifs   \ndes  personnes  morales  gestionnaires  des  \u00e9tablissements  et  services  sociaux  et \nm\u00e9dico-sociaux :\n\uf0a7 Monsieur  Julien  Coclet,  repr\u00e9sentant  de  la  F\u00e9d\u00e9ration  des  Acteurs  de  la \nSolidarit\u00e9 (F.A.S) de la r\u00e9gion PACA Corse, titulaire\u00a0;\n\uf0a7 Monsieur  Thierry  Mila,  Pr\u00e9sident  de  la  F\u00e9d\u00e9ration  des  Acteurs  de  la \nSolidarit\u00e9 (F.A.S) de la r\u00e9gion PACA Corse, suppl\u00e9ant\u00a0;\n\uf0a7 Monsieur  Sylvain  Rastoin,  repr\u00e9sentant  de  l'Union  professionnelle  du  \nlogement accompagn\u00e9 PACA Corse (U.N.A.F.O), titulaire\u00a0;\n\uf0a7 Madame  Corinne  Perez,  Directrice  G\u00e9n\u00e9rale  D\u00e9l\u00e9gu\u00e9e  APi  Provence, \nmembre de l'U.N.A.F.O, suppl\u00e9ante\u00a0;\nArticle 2 :\nLe mandat des membres permanents est de trois ans. Il est renouvelable. Les membres sup -\npl\u00e9ants sont d\u00e9sign\u00e9s dans les m\u00eames conditions, sous r\u00e9serve des dispositions des articles 3  \n6/8\nPr\u00e9fecture du VAR - 83-2026-02-06-00008 - Arr mbres perm 20\net 4 du d\u00e9cret n\u00b02006-672 du 8 juin 2006 relatif \u00e0 la cr\u00e9ation, \u00e0 la composition et au fonction-\nnement  de  commissions  administratives  \u00e0  caract\u00e8re  consultatif  qui  sont  applicables  aux \nmembres de la commission.\nArticle 3 :\nLa commission d\u00e9partementale de s\u00e9lection d'appel \u00e0 projets social mentionn\u00e9e \u00e0 l'article 1 er \ndu pr\u00e9sent arr\u00eat\u00e9 est r\u00e9unie \u00e0 l'initiative de son pr\u00e9sident, le Pr\u00e9fet du Var. Le pr\u00e9sident est  \nl'autorit\u00e9 comp\u00e9tente pour d\u00e9livrer l'autorisation.\nArticle 4 :\nLa commission de s\u00e9lection des appels \u00e0 projets dispose d'un r\u00f4le consultatif. Elle proc\u00e8de \u00e0  \nl'examen et au classement des projets. La d\u00e9cision d'autorisation appartient \u00e0 monsieur le  \nPr\u00e9fet du Var.\nArticle 5 :\nLes  modalit\u00e9s  de  fonctionnement  de  la  commission  de  s\u00e9lection  des  appels  \u00e0  projets \nautoris\u00e9s par le Pr\u00e9fet du Var ont lieu conform\u00e9ment \u00e0 la r\u00e9glementation en vigueur.\nArticle 6 :\nLe pr\u00e9sent arr\u00eat\u00e9 peut faire l'objet d'un recours devant le tribunal administratif de Toulon  \ndans un d\u00e9lai de deux mois \u00e0 compter de sa publication au recueil des actes administratifs de  \nla pr\u00e9fecture du Var.\nArticle 7 :\nL'arr\u00eat\u00e9 pr\u00e9fectoral n\u00b02017/01/DDCS/SPPF du 28 d\u00e9cembre 2017 modifiant l'arr\u00eat\u00e9 pr\u00e9fectoral \ndu 10 novembre 2016 n\u00b02016/10/DDCS/SHAL qui fixe la liste des membres ayant un mandat \n7/8\nPr\u00e9fecture du VAR - 83-2026-02-06-00008 - Arr mbres perm 21\npermanent pour si\u00e9ger au sein de la commission de s\u00e9lection d'appel \u00e0 projet social pour les \nprojets autoris\u00e9s par le pr\u00e9fet du Var est abrog\u00e9.\nArticle 8 :\nLe secr\u00e9taire g\u00e9n\u00e9ral de la pr\u00e9fecture du Var et la directrice d\u00e9partementale de l'emploi, du \ntravail et des solidarit\u00e9s du Var sont charg\u00e9s, chacun en ce qui le concerne, de l'ex\u00e9cution du \npr\u00e9sent arr\u00eat\u00e9 qui sera publi\u00e9 au recueil des actes administratifs de la pr\u00e9fecture du Var.\nToulon, le 06 f\u00e9vrier 2026\nPour le pr\u00e9fet, et par d\u00e9l\u00e9gation, le \nSecr\u00e9taire g\u00e9n\u00e9ral adjoint \nde la pr\u00e9fecture du Var\nSign\u00e9\nJean-Baptiste Morinaud\n8/8\nPr\u00e9fecture du VAR - 83-2026-02-06-00008 - Arr mbres perm 22\nPr\u00e9fecture du VAR\n83-2026-01-23-00009\nArrete modif CDG 23 01 2026\nPr\u00e9fecture du VAR - 83-2026-01-23-00009 - Arrete modif CDG 23 01 2026 23\nEsPREFETDU VARLibert\u00e9Egalit\u00e9Fraternit\u00e9\nMAPP - CMD\nARR\u00caT\u00c9 PR\u00c9FECTORAL modificatif en date du 23 janvier 2026\nmodifiant l'arr\u00eat\u00e9 du 30 juin 2006  portant transfert du secr\u00e9tariat du Conseil M\u00e9dical \nD\u00e9partemental en formation pl\u00e9ni\u00e8re des agents de la fonction publique territoriale au \ncentre de gestion de la fonction publique territoriale du d\u00e9partement du Var \nLe Pr\u00e9fet du Var,\nVU le code g\u00e9n\u00e9ral de la fonction publique\u00a0;\nVU le d\u00e9cret n\u00b087-602 du 30 juillet 1987 pris pour l'application de la loi n\u00b0 84-53 du 26 janvier  \n1984 portant dispositions statutaires relatives \u00e0 la fonction publique territoriale et relatif \u00e0  \nl'organisation des conseils m\u00e9dicaux, aux conditions d'aptitude physique et au r\u00e9gime des  \ncong\u00e9s de maladie des fonctionnaires territoriaux\u00a0;\nVU le d\u00e9cret n\u00b0 2022-350 du 11 mars 2022 relatif aux conseils m\u00e9dicaux dans la fonction  \npublique territoriale\u00a0;\nVU l'arr\u00eat\u00e9 du 4 ao\u00fbt 2004 relatif aux commissions de r\u00e9forme des agents de la fonction  \npublique territoriale et de la fonction publique hospitali\u00e8re ;\nVU la lettre en date du 29 mars 2006 par lequel le pr\u00e9sident du centre de gestion de la  \nfonction publique territoriale du Var a sollicit\u00e9 le transfert de la commission de r\u00e9forme des  \nagents de la fonction publique territoriale ;\nVU  l'arr\u00eat\u00e9  pr\u00e9fectoral  en  date  du  30  juin  2006  portant  transfert  du  secr\u00e9tariat  de  la \ncommission de r\u00e9forme d\u00e9partementale des agents de la fonction publique territoriale au  \ncentre de gestion de la fonction publique territoriale du d\u00e9partement du Var modifi\u00e9\u00a0;\nVU l'arr\u00eat\u00e9 pr\u00e9fectoral  en date du 04 ao\u00fbt 2022 modifiant l'arr\u00eat\u00e9 du 30 juin 2006 portant  \ntransfert du secr\u00e9tariat du conseil m\u00e9dical d\u00e9partemental en formation pl\u00e9ni\u00e8re des agents  \nde la fonction publique territoriale au centre de gestion de la fonction publique territoriale du \nd\u00e9partement du Var modifi\u00e9 ; \nVU l'arr\u00eat\u00e9 pr\u00e9fectoral modificatif en date du 05 ao\u00fbt 2025 modifiant l'arr\u00eat\u00e9 du 30 juin 2006  \nportant transfert du secr\u00e9tariat du conseil m\u00e9dical d\u00e9partemental en formation pl\u00e9ni\u00e8re des  \nagents  de  la  fonction  publique  territoriale  au  centre  de  gestion  de  la  fonction  publique \nterritoriale du d\u00e9partement du Var modifi\u00e9 ; \n7777                                                                                                                     \nDirection D\u00e9partementale \nde l'emploi, du Travail et \ndes Solidarit\u00e9s\nPr\u00e9fecture du VAR - 83-2026-01-23-00009 - Arrete modif CDG 23 01 2026 24\nVU l'arr\u00eat\u00e9 pr\u00e9fectoral en date du 27 juin 2025  fixant la liste des m\u00e9decins g\u00e9n\u00e9ralistes et  \nsp\u00e9cialistes agr\u00e9\u00e9s pour le d\u00e9partement du Var ;\nVU l'arr\u00eat\u00e9 pr\u00e9fectoral en date du 28 juin 2025 fixant la composition du conseil m\u00e9dical  \nd\u00e9partemental du Var ;\nVU le courrier en date du 24 d\u00e9cembre 2025 du pr\u00e9sident du centre de gestion de la fonction \npublique territoriale du Var relatif au renouvellement des membres du conseil m\u00e9dical en  \nformation pl\u00e9ni\u00e8re reprenant l'ensemble de sa composition;\nSUR proposition de la directrice d\u00e9partementale de l'emploi, du travail et des solidarit\u00e9s du  \nVar ;\nARR\u00caTE :\nARTICLE 1er\n : Est nomm\u00e9 Pr\u00e9sident du Conseil M\u00e9dical D\u00e9partemental du Var, Monsieur le \ndocteur Richard BOVET.\nEn cas d'absence du m\u00e9decin-pr\u00e9sident en s\u00e9ance, la pr\u00e9sidence est assur\u00e9e par le m\u00e9decin \nqu'il aura d\u00e9sign\u00e9 ou, \u00e0 d\u00e9faut, par le plus \u00e2g\u00e9 des m\u00e9decins pr\u00e9sents.\nARTICLE 2 :  Sont nomm\u00e9s membres du Conseil M\u00e9dical D\u00e9partemental du Var\u00a0:\nTitulaires Suppl\u00e9ants\nM. le Dr Richard BOVET M.le Dr Philippe BERNARD\nM. le Dr Jean-Baptiste CHURET  M. le Dr Pierre CRISTOFARI\nMme le Dr H\u00e9l\u00e8ne BERLIOUX SANS M. le Dr Marc DECUGIS\nM. le Dr Herv\u00e9 DE PERETTI\nM. le Dr Yves GARRY\nMme le Dr Genevi\u00e8ve GENET\n M. le Dr Andr\u00e9 GROUSSET\n M. le Dr Bernard JOUSSAUME\n  M. le Dr R\u00e9gis LAURE\n\u00a0M. le Dr Richard MAGE\nM. le Dr Julien POLICAND\nM. le Dr Jean-Paul REBOUAH\nM. le Dr G\u00e9rard ROZENBAUM\nM. le Dr Jean-Erasme SANTI\nPr\u00e9fecture du VAR - 83-2026-01-23-00009 - Arrete modif CDG 23 01 2026 25\nARTICLE 3 : Les repr\u00e9sentants de l'administration des collectivit\u00e9s affili\u00e9es au centre de \ngestion du Var  sont pour les agents suivants :\nCat\u00e9gories A-B-C\nTITULAIRES SUPPLEANTS\nMme Blandine MONIER, Maire d'EVENOS\nM. Bernard CHILINI, Maire de FIGANIERES\nM. Christian SIMON, Maire de LA CRAU\nM. Robert BENEVENTI, Maire d'OLLIOULES\nM. Ren\u00e9 UGO, Maire de SEILLANS\nM.  Paul  BOUDOUBE,  Maire  de  PUGET-SUR- \nARGENS\nARTICLE 4   :   Les repr\u00e9sentants de l'administration des communes, CCAS et \u00e9tablissements non \naffili\u00e9s au centre de gestion du Var sont pour les agents suivants  :\nDRACENIE PROVENCE VERDON AGGLOMERATION\nCat\u00e9gorie A\nTITULAIRES SUPPLEANTS\nM. Richard STRAMBIO \nM. Daniel MARIA\nM. Claude ALEMAGNA\nM. Raymond GRAS\nM. G\u00e9rald PIERRUGUES\nM. Hugues MARTIN\nCat\u00e9gorie B\nTITULAIRES SUPPLEANTS\nM. Richard STRAMBIO \nM. Daniel MARIA\nM. Claude ALEMAGNA\nMme Val\u00e9rie MARCY\nM. Raymond GRAS\nM. G\u00e9rald PIERRUGUES\nM. Hugues MARTIN\nMme Karine ALSTERS\nCat\u00e9gorie C\n7777                                                                                                                     \nPr\u00e9fecture du VAR - 83-2026-01-23-00009 - Arrete modif CDG 23 01 2026 26\nTITULAIRES SUPPLEANTS\nM. Richard STRAMBIO \nM. Daniel MARIA\nM. Claude ALEMAGNA\nMme Val\u00e9rie MARCY\nM. Serge BALDECCHI\nM. Raymond GRAS\nM. G\u00e9rald PIERRUGUES\nM. Hugues MARTIN\nMme Karine ALSTERS\nM. Christophe CARRIERE\nMAIRIE DE DRAGUIGNAN + CCAS DE DRAGUIGNAN\nCat\u00e9gorie A  \nTITULAIRES SUPPLEANTS\nM. Richard STRAMBIO\nMme Brigitte DUBOUIS\nMme Christine NICOLETTI\n\u00a0\nMme Christine PREMOSELLI\nM. Alain VIGIER\nMme Sylviane NERVI-SITA\nCat\u00e9gorie B\nTITULAIRES SUPPLEANTS\nM. Richard STRAMBIO\nMme Brigitte DUBOUIS\nMme Christine NICOLETTI\n\u00a0Mme Martine ZERBONE\nMme Christine PREMOSELLI\nM. Alain VIGIER\nMme Sylviane NERVI-SITA\nMme Fran\u00e7oise MAURICE\nCat\u00e9gorie C\nTITULAIRES SUPPLEANTS\nM. Richard STRAMBIO\nMme Brigitte DUBOUIS\nMme Christine NICOLETTI\nMme Martine ZERBONE\nM. Jean-Pierre SOUZA\nMme Christine PREMOSELLI\nM. Alain VIGIER\nMme Sylviane NERVI-SITA\nMme Fran\u00e7oise MAURICE\nM. Richard DEVILETTE\nENTENTE INTERDEPARTEMENTALE POUR LA DEMOUSTICATION DU LITTORAL \nMEDITERRANEEN\nPr\u00e9fecture du VAR - 83-2026-01-23-00009 - Arrete modif CDG 23 01 2026 27\nCat\u00e9gories A-B-C\nTITULAIRES SUPPLEANTS\nM. Martial ALVAREZ\n\u00a0\nMme Martine AMSELLEM\nM. Robert CRAUSTE\nM. Christophe MORGO\nMme B\u00e9reng\u00e8re NOGUIER\nM. Cyril MEUNIER\nMAIRIE DE LA VALETTE + CCAS DE LA VALETTE\nCat\u00e9gories A-B-C\nTITULAIRES SUPPLEANTS\nM. Yves JOLY\nMme Claude ARNAUD-GALLI\nM. Jean-Marc LUCIANI\nMme Roselyne MOULARD\nM. Henri-Jean ANTOINE\nM. Michel FAURE\n          MAIRIE DE LA GARDE\nCat\u00e9gories A-B-C\nTITULAIRES SUPPLEANTS\nM. Jean Claude MARASTONI\n\u00a0\nMme Flora MARTINO\nMme H\u00e9l\u00e8ne ARNAUD-BILL\nM. Jean-Eric LODEVIC\nMme Brigitte MORILLION\nM. Andr\u00e9 BAULON\nCCAS DE LA GARDE\nCat\u00e9gories A-B-C\nTITULAIRES SUPPLEANTS\nMme Marie-H\u00e9l\u00e8ne CHARLES\n\u00a0\nMme Flora MARTINO\nM. Florian JONET\nMme C\u00e9line MURENA\nMAIRIE DE HYERES LES PALMIERS\nCat\u00e9gorie A\n7777                                                                                                                     \nPr\u00e9fecture du VAR - 83-2026-01-23-00009 - Arrete modif CDG 23 01 2026 28\nTITULAIRES SUPPLEANTS\nMme Sophie MANA\n\u00a0\nM. Francis ROUX\nMme Val\u00e9rie BATTESTI\nMme Corinne SCANTAMBURLO\nCat\u00e9gorie B\nTITULAIRES SUPPLEANTS\nMme Sophie MANA\nMme Corinne SCANTAMBURLO\nM. Francis ROUX\nM. R\u00e9my THIEBAUD\nCat\u00e9gorie C\nTITULAIRES SUPPLEANTS\nMme Sophie MANA\nMme Corinne SCANTAMBURLO\nM. S\u00e9bastien FRATELLA GUIOL\nM. Francis ROUX\nCCAS DE HYERES LES PALMIERS\nCat\u00e9gories A-B-C\nTITULAIRES SUPPLEANTS\nMme Claude DECUGIS\n\u00a0\nMme Jeaninne COLLOMBAT\nM. Thomas PHILIP\nMme Monique BRILLAUX- PLASSARD\nMAIRIE DE   LA SEYNE SUR MER  \nCat\u00e9gories A-B-C\nTITULAIRES SUPPLEANTS\nMme Christine CUNIBERTI\nMme V\u00e9ronique LEPORTOIS\nMme Virginie SANCHEZ\nMme Sandra TORRES\nM. Dominique LEXA\nMme Val\u00e9rie GUITTIENNE\nPr\u00e9fecture du VAR - 83-2026-01-23-00009 - Arrete modif CDG 23 01 2026 29\nCAISSE DES \u00c9COLES DE LA SEYNE SUR MER\nCat\u00e9gories A-B-C\nTITULAIRES SUPPLEANTS\nMme Kristelle VINCENT\n\u00a0\n\u00a0\nMme Lydie ONTENIENTE-DEROIN\nMme Catherine PENARD\nMme Cheikh MANSOUR\n\u00a0\nMme Val\u00e9rie KADOURI\nMme Annie BONNET\nCCAS DE LA SEYNE SUR MER\nCat\u00e9gories A-B-C\nTITULAIRES SUPPLEANTS\nMme V\u00e9ronique LEPORTOIS\n\u00a0\n\u00a0\nMme Marie-Claude PAGANELLI-ARGIOLAS\nMme Val\u00e9rie GUITTIENNE\nMme Kristelle VINCENT\n\u00a0\nM. Damien GUTTIEREZ\nMme Sophie MONTBARBON\nMAIRIE DE SIX FOURS LES PLAGES+ CCAS DE SIX FOURS LES PLAGES\n+ CAISSE DES ECOLES DE SIX FOURS   LES PLAGES  \nCat\u00e9gories A-B-C\nTITULAIRES SUPPLEANTS\nM. Jean-S\u00e9bastien VIALATTE\nMme Delphine QUIN\nMme Agn\u00e8s ROSTAGNO\nM. Andr\u00e9 MERCHEYER\nM. Joseph MULE\nM. Patrick PEREZ \nMme St\u00e9phanie GUILLAUME\nMme Sandra KUNTZ\nMAIRIE DE SAINT RAPHAEL + CCAS DE SAINT RAPHAEL\nCat\u00e9gorie A\nTITULAIRES SUPPLEANTS\nMme Josiane CHIODI\nM. Maxime GRILLET\nM. Max BOYER\nMme Hafida RAMI\nM. Guillaume DECARD\nMme Fran\u00e7oise DUMONT\n7777                                                                                                                     \nPr\u00e9fecture du VAR - 83-2026-01-23-00009 - Arrete modif CDG 23 01 2026 30\nCat\u00e9gorie B\nTITULAIRES SUPPLEANTS\nMme Josiane CHIODI\nMme Dani\u00e8le LOMBARD\nM. Max BOYER\nMme Hafida RAMI\nM. Guillaume DECARD\nMme Fran\u00e7oise DUMONT\n         Cat\u00e9gorie C\nTITULAIRES SUPPLEANTS\nMme Josiane CHIODI\nM. Bernard SABY\nMme Patricia HAUTEUR\nMme Ginette CIFRE\nM. Max BOYER\nM. Fr\u00e9d\u00e9ric HEUDIARD\nMAIRIE DE SAINTE MAXIME + CCAS DE SAINTE MAXIME\nCat\u00e9gories A-B-C\nTITULAIRES SUPPLEANTS\nMme Julienne GAUTIER \nM. Patrick VASSAL \nM. Thierry GOBINO \n Mme Danielle PROVOST\nMAIRIE DE FREJUS + CCAS DE FREJUS\nCat\u00e9gories A-B-C\nTITULAIRES SUPPLEANTS\nMme Carine LEROY\n\u00a0\nMme Nassima BARKALLAH\nM. Michel BOURDIN\nM. Patrick PERONA \nMAIRIE DE TOULON\nCat\u00e9gories A-B-C\nPr\u00e9fecture du VAR - 83-2026-01-23-00009 - Arrete modif CDG 23 01 2026 31\nTITULAIRES SUPPLEANTS\nMme Jos\u00e9e MASSI\n\u00a0\nM. Albert TANGUY\nM. Thierry CAMPUS\nM. Jean-Charles BROCHOT\nCCAS DE TOULON\nCat\u00e9gories A-B-C\nTITULAIRES SUPPLEANTS\nMme Dominique ANDREOTTI\nM.Benjamin BIGUER\nM. Clair AZIMBAR\nMme Val\u00e9rie MONDONE\nMme Jeanine BONNET MAGOT\nMme Eva CAILLAT-METGE\nCONSEIL DEPARTEMENTAL DU VAR\nCat\u00e9gories A-B-C\nTITULAIRES SUPPLEANTS\nMme Chantal LASSOUTANIE\nMme Val\u00e9rie RIALLAND\nM. Joseph MULE\nMme Jos\u00e9e MASSI\nCONSEIL REGIONAL SUD PROVENCE ALPES COTE D'AZUR\nCat\u00e9gories A-B-C\nTITULAIRES SUPPLEANTS\nM. Jean-Pierre COLIN\nM. Herv\u00e9 STASSINOS\nMme Josy CHAMBON\nM. Mohammed MAHALI\nM. Philippe DELAUNAY\nMme Edwige MARINO\n7777                                                                                                                     \nPr\u00e9fecture du VAR - 83-2026-01-23-00009 - Arrete modif CDG 23 01 2026 32\nDIRECTION DEPARTEMENTALE DES SERVICES D'INCENDIE ET DE SECOURS DU VAR\nPAT et SPP Cat\u00e9gories A -B-C\nTITULAIRES SUPPLEANTS\nM. Ludovic PONTONE\n\u00a0\nM. Andr\u00e9 GARRON\nM. Thomas DOMBRY\nM. Emilien LEONI\nM. Jean-Michel DRAGONE\nMme Chantal LASSOUTANIE\nCat\u00e9gorie SPV\nTITULAIRES SUPPLEANTS\nM. Andr\u00e9 GARRON\nM. Ludovic PONTONE \nM. Thomas DOMBRY\nM. Emilien LEONI\nM. Christophe CHIOCCA\nMme Christine ARENAS\n\u00a0\nARTICLE 5     :   Les repr\u00e9sentants du personnel des collectivit\u00e9s affili\u00e9es au Centre de Gestion du \nVar (CDG) sont pour les agents suivants :\nCat\u00e9gorie A\nTITULAIRES SUPPLEANTS\nM. Laurent BRAZILLIER - Mairie de LA LONDE \nLES MAURES\nMme  Alexandra  GRECH  \u2013  Mairie  de  LE \nREVEST LES EAUX\nM. Eric TREMEREL - Mairie de LES ADRETS DE \nL'ESTEREL\nM. Yves HEDON - Mairie de LA LONDE LES  \nMAURES\nM.  R\u00e9mi  MOREAU  \u2013 Mairie  de  LE  LUC  EN \nPROVENCE\nCat\u00e9gorie B\nTITULAIRES SUPPLEANTS\nM.  Gr\u00e9gory  PETYT  -  M\u00e9tropole  TOULON \nPROVENCE MEDITERRANNEE\nM. Alex MAZIERS - Mairie de MONTAUROUX\nM. Christophe CHANTELARD - Mairie de LE  \nPr\u00e9fecture du VAR - 83-2026-01-23-00009 - Arrete modif CDG 23 01 2026 33\nM. Christophe NIVIERE \u2013 Mairie de LE LUC  \nEN PROVENCE\nBEAUSSET\nMme Sophie MIRRA \u2013 Mairie d'OLLIERES\nM.  Martial  MARTINEZ  \u2013  Mairie  de  PUGET \nSUR ARGENS\nCat\u00e9gorie C\nTITULAIRES SUPPLEANTS\nMme  Patricia  RODRIGUEZ  -  Mairie  de  LA \nLONDE LES MAURES\nM. Miguel SANCHEZ \u2013 Mairie de CUERS\nMme  Sophie  CAMPANA  -  M\u00e9tropole  \nTOULON PROVENCE MEDITERRANNEE\nMme  St\u00e9phanie  GAUTIER  -  Mairie  de  \nCOGOLIN\nMme Jocelyne PARISOT \u2013 CIAS VALLEE DU  \nGAPEAU \nM.  Eddy  NAIRI  -  M\u00e9tropole  TOULON  \nPROVENCE MEDITERRANNEE\nARTICLE 6 :  Les repr\u00e9sentants du personnel des communes, CCAS et \u00e9tablissements non  \naffili\u00e9s au centre de gestion du Var sont pour les agents suivants :\nDRACENIE PROVENCE VERDON AGGLOMERATION\nCat\u00e9gorie A\nTITULAIRES SUPPLEANTS\nMme Isabelle BOULOT\nM. Nicolas DEMULE\nMme Rapha\u00eblle PALMIERI\nM. Cyril LAFONT\nCat\u00e9gorie B\nTITULAIRES SUPPLEANTS\nMme St\u00e9phanie MENAGER\nM. Christophe MONGE\nMme Sophie GRASSO\nM. Julien ICARD\nMme Magali RASSI\nMme Nathalie MARTINAGE\n7777                                                                                                                     \nPr\u00e9fecture du VAR - 83-2026-01-23-00009 - Arrete modif CDG 23 01 2026 34\nCat\u00e9gorie C\nTITULAIRES SUPPLEANTS\nMme C\u00e9cile PEAUDECERF\nM. Christophe PINI\nM. R\u00e9mi CALZIA\nMme Claudia BARBIERI\nMme Chrystel ROUX\nMAIRIE DE DRAGUIGNAN + CCAS DE DRAGUIGNAN\nCat\u00e9gorie A\nTITULAIRES SUPPLEANTS\nM. Patrice DUHAN\nMme St\u00e9phanie RUSSOLILLO\n-\nCat\u00e9gorie B\nTITULAIRES SUPPLEANTS\nM. Yannick MAHAUD\nM. David GAILLET\nMme Sandrine GARROPE\nMme Natacha GRANDMOUGIN\nMme Alexandra SAUBESTRE\nCat\u00e9gorie C\nTITULAIRES SUPPLEANTS\nM. Eric DAPRA\nM. Thierry MORETTI\nM. David GALLESIO\nM. J\u00e9r\u00f4me VERDIS\nM. Ludovic AGNELLO\nENTENTE INTERDEPARTEMENTALE POUR LA DEMOUSTICATION DU LITTORAL \nMEDITERRANEEN\nCat\u00e9gorie A\nTITULAIRES SUPPLEANTS\nM. Jean-Michel PENUELAS M. Nicolas NOUVIAIRE\nPr\u00e9fecture du VAR - 83-2026-01-23-00009 - Arrete modif CDG 23 01 2026 35\n\u00a0\nMme Dominique GINDRE\nM. Hugues HORTEFEUX\nMme Magalie CHATEAU\nM. Gr\u00e9gory L'AMBERT\nCat\u00e9gorie B\nTITULAIRES SUPPLEANTS\nMme Adeline LARGHI\n\u00a0\nM. Laurent WOOCK\nM. J\u00e9r\u00f4me VIDAL\nMme Nathalie GOUGIS\nM. Jean-Baptiste FERRE \nMme Virginie CHAUSI \nCat\u00e9gorie C\nTITULAIRES SUPPLEANTS\nM. Jos\u00e9 TRINDADE\n\u00a0\nMme C\u00e9cile EMIN\nM. Beno\u00eet PIZZOLATO\nM. Yannick FIRMIN\nMme Virginie GIRARD\nM. Serge SARIVIERE\nMAIRIE DE FREJUS + CCAS DE FREJUS\nCat\u00e9gorie A\nTITULAIRES SUPPLEANTS\nM. Fr\u00e9d\u00e9ric BALDOUREAUX \nM. Laurent LE TOUZO\n \n-\nCat\u00e9gorie B\nTITULAIRES SUPPLEANTS\nMme Florence SOLIVERES \nM. Benoit DUVEAU\nM. Alban CARANTA\nMme Nathalie TAILLEUR\n7777                                                                                                                     \nPr\u00e9fecture du VAR - 83-2026-01-23-00009 - Arrete modif CDG 23 01 2026 36\nCat\u00e9gorie C\nTITULAIRES SUPPLEANTS\nMme Alba GAUTHIER\nMr Azeddine EL BEHRAOUI\nMme Sophie BERDA\nM. Patrick ROSIAK\nMAIRIE DE HYERES LES PALMIERS\nCat\u00e9gorie A\nTITULAIRES SUPPLEANTS\nM. Pierre AVRIAL\nMme Karine RAMANAMIHANTATSOARANA\nM. Nicolas ISTACE\nMme Floriane MONTENAY\nMme Christine PECOT\nM. Fr\u00e9d\u00e9ric MARI\nCat\u00e9gorie B\nTITULAIRES SUPPLEANTS\nMme Nathalie TAMISIER CROISARD\nM. Richard CABIOCH\nM. Dominique BOURGERY\nMme Latifa MBAYA\nMme Sandra GODFROY\nCat\u00e9gorie C\nTITULAIRES SUPPLEANTS\nM. Alain LATORRE\nM. Quentin SCANNAPIECO\nM. Pierre DEVALOIS\nMme Delphine GALVAGNO\nM. Alban SAILLY\nCCAS DE HYERES LES PALMIERS\nCat\u00e9gorie A\nPr\u00e9fecture du VAR - 83-2026-01-23-00009 - Arrete modif CDG 23 01 2026 37\nTITULAIRES SUPPLEANTS\nMme Carole MEDINA\nMme Magali BEAUFILS\nMme Sophie MATEO\nCat\u00e9gorie B\nTITULAIRES SUPPLEANTS\nMme Marie-Laure FRADIER\nMme Christine TRITZ\n  Mme Flora SAIR\nCat\u00e9gorie C\nTITULAIRES SUPPLEANTS\nM. Anthony PILON\nMme Christine KISS\nMme Elodie VACCHINO VERAN\nMme Sophie ARRIGHI\nMme C\u00e9line FERLONI\nMme Isabelle GUITTON\nMAIRIE DE LA GARDE + CCAS DE LA GARDE\nCat\u00e9gorie A\nTITULAIRES SUPPLEANTS\nMme Laur\u00e8ne GONCALVES DE ARAUJO\nMme Myriam ROUX\nM. Fr\u00e9d\u00e9ric FERRER\nMme Brigitte TONELLI\nCat\u00e9gorie B\nTITULAIRES SUPPLEANTS\nMme Le\u00efla GODARD \nMme La\u00ebtitia PITTAVINO\nMme Carole FOOS\nM. Erik MONTANARO\nMme Sabine VALANTIN\nCat\u00e9gorie C\nTITULAIRES SUPPLEANTS\nM. St\u00e9phane GUIBERGIA Mme Pascale NOUVEL DE LA FLECHE\nMme Cathy SUEUR\n7777                                                                                                                     \nPr\u00e9fecture du VAR - 83-2026-01-23-00009 - Arrete modif CDG 23 01 2026 38\nM. Bruno CHAMPION M. G\u00e9rald PINGUET\nMme Val\u00e9rie SIREROL\nMAIRIE DE   LA SEYNE SUR MER + CCAS DE LA SEYNE SUR MER  \n+ CAISSE DES ECOLES DE LA SEYNE SUR MER\nCat\u00e9gorie A\nTITULAIRES SUPPLEANTS\nM. Marc ODER\nMme Patricia MAFFIOLO\nMme S\u00e9verine PIERRE\nM. Fabrice FIOL\nMme H\u00e9l\u00e8ne GOIRAN / JOUSSE\nM. Gilles GAUTIER\nCat\u00e9gorie B\nTITULAIRES SUPPLEANTS\nMme C\u00e9line CAMPELLO\nM. Emmanuel MEROLA\nMme Isabelle FRONSACQ\nMme Akila DEROUSSI\nMme Lydie ROELS\nM. David HARANT\nCat\u00e9gorie C\nTITULAIRES SUPPLEANTS\nMme Magali BONIFACCINO\nMme Christine LA\u00cf\nM. Laurent LOISEAU\nM. Romuald CAFFI\nMme Nathalie LE PAREUX\nM. Sofiane TAGOURTI\nMAIRIE DE LA VALETTE DU VAR + CCAS DE LA VALETTE DU VAR\nCat\u00e9gorie A\nTITULAIRES SUPPLEANTS\nM. Michel MITROVIC Mme Fathia ABBOU\nMme Laetitia PIERRE\nPr\u00e9fecture du VAR - 83-2026-01-23-00009 - Arrete modif CDG 23 01 2026 39\nMme Nathalie GIRERD Mme Fanny BOCQUET\nMme Sophie CECCALDI\nCat\u00e9gorie B\nTITULAIRES SUPPLEANTS\nMme Fabienne HERBANE \nMme Nathalie POUILLOT\nMme Mariana HUNZINGER\nMme Sylvie CISSE\nMme Marie-H\u00e9l\u00e8ne ROUGIERS\nMme Julia ASSANY\nCat\u00e9gorie C\nTITULAIRES SUPPLEANTS\nMme Natacha HERRERA\nMme St\u00e9phanie RALLO\nMme Sophia CHGAR\nM. St\u00e9phane DI MEO\nM. Jean-Baptiste ASCENSIO\nM. Gilles DUBOS\nMAIRIE DE   SAINTE-MAXIME + CCAS DE SAINTE-MAXIME  \nCat\u00e9gorie A\nTITULAIRES SUPPLEANTS\nMme Sandrine DESPREAUX\nM. R\u00e9gis CHARBONNEAU\nMme B\u00e9atrice MULLER-BOYER\nMme Nad\u00e8ge MIGLIERINA\nCat\u00e9gorie B\nTITULAIRES SUPPLEANTS\nM. Thierry MAURO\nMme Rachel JESTIN\nM. Michel MAGAGLIO\nCat\u00e9gorie C\nTITULAIRES SUPPLEANTS\nM. Gr\u00e9gory FLESIA\nMme V\u00e9ronique SEGUIN RAMOUL\nM. Michel DACHEZ\nM. Sylvain BIDAULT\n7777                                                                                                                     \nPr\u00e9fecture du VAR - 83-2026-01-23-00009 - Arrete modif CDG 23 01 2026 40\nMAIRIE DE SAINT RAPHAEL + CCAS DE SAINT RAPHAEL\nCat\u00e9gorie A\nTITULAIRES SUPPLEANTS\nM. Nicolas PERSET\nM. Alexandre GUILLE\nMme Elodie BERTORA\nCat\u00e9gorie B\nTITULAIRES SUPPLEANTS\nMme Sandrine GAIERO\nM. Roger MERLINO\nM. Julien DA CRUZ\nMme Charlotte PEDRABISSI\nMme Lisa PAPPADA\nMme Sylvie BOYER\nCat\u00e9gorie C\nTITULAIRES SUPPLEANTS\nM. David MUNIER\nM. Paul GOUYON\nM. Damien ROUDILLAUD\nMme Nicole LE NORMAND\nM. Nicolas ALFANO\nMme Dominique ARHAB\nMAIRIE DE SIX FOURS LES PLAGES+ CCAS DE SIX FOURS LES PLAGES\n+ CAISSE DES ECOLES DE SIX FOURS   LES PLAGES  \nCat\u00e9gorie A\nTITULAIRES SUPPLEANTS\nMme Anne AUSSENAC\nMme Vanina ROMAN\nM. Christophe GHIGONETTO\nCat\u00e9gorie B\nTITULAIRES SUPPLEANTS\nMme Magali PALAZZOLO\nM. Jean-Patrick PALAZZOLO\nM. Yves SAHUC\nMme Marie-Christine COUTEREAU\nMme Agn\u00e8s BASSO\nPr\u00e9fecture du VAR - 83-2026-01-23-00009 - Arrete modif CDG 23 01 2026 41\nCat\u00e9gorie C\nTITULAIRES SUPPLEANTS\nM. Pierre-Jean POITEVIN\nM. St\u00e9phane PIZOT-GALLON\nM. Fabrice ROSANO\nMme Linda MACALUSO\nMme Gis\u00e8le BOETTI\nMme St\u00e9phanie MARTINEZ\nMAIRIE DE TOULON + CCAS DE TOULON\nCat\u00e9gorie A\nTITULAIRES SUPPLEANTS\nM. Alain DAUGROIS\nMme H\u00e9l\u00e8ne HEIDET\nM. Georges SPRIET\nMme Olivia COMBALASSE\nMme Marine MAZIERE\nCat\u00e9gorie B\nTITULAIRES SUPPLEANTS\nM. Jean-Luc NICOLAI\nMme Cassandre RIGAUD\nMme Marie-Isabelle MUTIN\nMme Isabelle GONZALEZ\nM. Adrien FAUGERAS\nCat\u00e9gorie C\nTITULAIRES SUPPLEANTS\nM. S\u00e9bastien LAURENT\nM. Emmanuel LOURDIN\nMme Sophie CARRERE\nMme Myl\u00e8ne MARION\nMme H\u00e9l\u00e8ne FALCONE\nMme F\u00e9rouze CHAFAI\nCONSEIL DEPARTEMENTAL DU VAR\n7777                                                                                                                     \nPr\u00e9fecture du VAR - 83-2026-01-23-00009 - Arrete modif CDG 23 01 2026 42\nCat\u00e9gorie A\nTITULAIRES SUPPLEANTS\nMme Marie CUVELIER\nM. Freddy KOLIKO\nM. Alban PEREIRA \nMme Sophie WIERZBICKI \nMme Fatiha BENHAYA \nM. Franck BOREA\nCat\u00e9gorie B\nTITULAIRES SUPPLEANTS\nMme Colette SOGGIN GENTILE \nM. Jean-Fran\u00e7ois CHAMPAGNE\nMme Pascale GUAGENTI \nMme Christine RE \nMme Jocelyne GOMEZ\nM. Florent GUIRADO\nCat\u00e9gorie C\nTITULAIRES SUPPLEANTS\nM. Philippe SINOPOLI\nM. Didier RAUSCH\nM. Moussa MEKHAREF \nMme LEROY Carole\nMme Alexandra CLIMENT\nM. Lilian FOURRIQUES\nCONSEIL REGIONAL SUD PROVENCE ALPES COTE D'AZUR\nCat\u00e9gorie A\nTITULAIRES SUPPLEANTS\nM. Jean-Christophe MASSE\nMme Sandrine HENCKEL\nMme Patricia RUIZ\nM. C\u00e9drick REYNAUD\nMme Delphine TRIPIER\nM. Thierry AUFFRAY\nCat\u00e9gorie B\nTITULAIRES SUPPLEANTS\nM. Jean VIPERAI M. St\u00e9phane CAGNET\nPr\u00e9fecture du VAR - 83-2026-01-23-00009 - Arrete modif CDG 23 01 2026 43\nM. Christian DIGNANI\nMme Jacqueline ALFONSI\nM. Ga\u00ebtan HADOU\nM. Emilien AYGLON\nCat\u00e9gorie C\nTITULAIRES SUPPLEANTS\nM. Nonce BIONDI\nM. Eric MORETTI\nMme Virginie CLOMAN\nM. Hocine LEZRAK\nMme Florence CAPELLO\nMme Karen ABAD\nDIRECTION DEPARTEMENTALE DES SERVICES D'INCENDIE ET DE SECOURS DU VAR\nCat\u00e9gorie PAT A\nTITULAIRES SUPPLEANTS\nMme Magali BRION\nMme C\u00e9line SITRUK\nM. Lo\u00efc CLERGET\nMme Emilie JONES\nM. St\u00e9phane PLOUARD\nM. R\u00e9gis MALLARINO\nCat\u00e9gorie PAT B\nTITULAIRES SUPPLEANTS\nMme Sophie HEDREVILLE\nM. Bruno HYVERNAT\nM. Laurent MELO\nM. Olivier SALESSE\nM. Luc QUESSADA\nM. Cyril LORENZI\nCat\u00e9gorie PAT C\nTITULAIRES SUPPLEANTS\nMme Sylvie GAYTTE\nMme Carinne BERKANI\nM. Olivier CARLOTTI\nM. Alain PIQUENOT\nM. Jean-Paul LIMASSET\n7777                                                                                                                     \nPr\u00e9fecture du VAR - 83-2026-01-23-00009 - Arrete modif CDG 23 01 2026 44\nMme Karine VALIN\nCat\u00e9gorie SPP A\nTITULAIRES SUPPLEANTS\nM. fr\u00e9d\u00e9ric IORI \nM. Pascal FOMBELLE\nM. Julien Pierre GOURGUES\nM. Anthony SEONNET\nM. Samuel JACQUET\nM. Fabrice BERNARD\nCat\u00e9gorie SPP B\nTITULAIRES SUPPLEANTS\nM. St\u00e9phane MENAGER\nM. Pascal ROBERT\nM. Michel BIGORGNE\nM. Fr\u00e9d\u00e9ric LEHR\nM. Patrick BARCAROLO\nM. L\u00e9onard BELLANGER\nCat\u00e9gorie SPP C\nTITULAIRES SUPPLEANTS\nM. Christophe JEUDI\nM. Philippe TICHOUX\nM. Micka\u00ebl QUERLIOZ\nM. Romain BLANQUET\nM. Romain POLARD\nM. Micha\u00ebl HERVAS\nCat\u00e9gorie SPV\nTITULAIRES SUPPLEANTS\nM. Herv\u00e9 PENAUD (capitaine)\nM. Jean-Pierre MELI (lieutenant)\nM. Jean BELLANTONI (lieutenant)\nM. Emilien PONS (adjudant-chef)\nM\u00e9decin-chef de la sous-direction sant\u00e9 du service d'incendie et de secours\nPRESIDENT DU CONSEIL MEDICAL POUR LES SUPPLEANT PRESIDENT DU CONSEIL \nPr\u00e9fecture du VAR - 83-2026-01-23-00009 - Arrete modif CDG 23 01 2026 45\nSAPEURS POMPIERS VOLONTAIRES MEDICAL POUR LES SAPEURS POMPIERS \nVOLONTAIRES\nDr Laure DROIN Dr Pierre CERDA\nDr Pierre AGNEL\nDr Anna BETOULE\nARTICLE 7 :  L'arr\u00eat\u00e9 pr\u00e9fectoral modificatif en date du 05 ao\u00fbt 2025 est modifi\u00e9 dans son  \nensemble\nARTICLE 8 : Madame la directrice d\u00e9partementale de l'emploi, du travail et des solidarit\u00e9s du  \nVar, Monsieur le pr\u00e9sident du centre de gestion de la fonction publique territoriale du Var  \nsont charg\u00e9s, chacun en ce qui le concerne, de l'ex\u00e9cution du pr\u00e9sent arr\u00eat\u00e9 qui sera ins\u00e9r\u00e9 au \nrecueil des actes administratifs de la pr\u00e9fecture du Var et dont une copie sera adress\u00e9e \u00e0 :\n- Monsieur le pr\u00e9sident du conseil m\u00e9dical d\u00e9partemental du Var.\nFait \u00e0 Toulon, le 23 janvier 2026\nLe Pr\u00e9fet\n7777                                                                                                                     \nPr\u00e9fecture du VAR - 83-2026-01-23-00009 - Arrete modif CDG 23 01 2026 46\n                                                  Sign\u00e9\n        Simon BABRE\nPr\u00e9fecture du VAR - 83-2026-01-23-00009 - Arrete modif CDG 23 01 2026 47\nPr\u00e9fecture du VAR\n83-2026-02-06-00010\nArr\u00eat\u00e9 pr\u00e9fectoral du 6 f\u00e9vrier 2026 pour la\nr\u00e9alisation d'un diagnostic arch\u00e9ologique.\nPr\u00e9fecture du VAR - 83-2026-02-06-00010 - Arr\u00eat\u00e9 pr\u00e9fectoral du 6 f\u00e9vrier 2026 pour la r\u00e9alisation d'un diagnostic arch\u00e9ologique. 48\n=mPREFETDU VARLibert\u00e9Egalit\u00e9Fraternit\u00e9\nDirection de la coordination\ndes politiques publiques et\nde l'appui territorial\nBureau de l'environnement et du d\u00e9veloppement durable\nARR\u00caT\u00c9 PR\u00c9FECTORAL\nportant autorisation de p\u00e9n\u00e9trer et d'occuper temporairement des propri\u00e9t\u00e9s priv\u00e9es,\nsitu\u00e9es sur le territoire de la commune de La Londe-les-Maures, \npour la r\u00e9alisation d'un diagnostic arch\u00e9ologique pr\u00e9alable aux travaux d'am\u00e9nagement \nhydraulique du Pansard et du Maravenne, \nau b\u00e9n\u00e9fice de la communaut\u00e9 de communes M\u00e9diterran\u00e9e Porte des Maures (CCMPM).\nLe pr\u00e9fet du Var,\nVu le code g\u00e9n\u00e9ral des collectivit\u00e9s territoriales ;\nVu le code de justice administrative ;\nVu le code p\u00e9nal, notamment ses articles 322-3 et 433-11 ;\nVu la loi du 29 d\u00e9cembre 1892, modifi\u00e9e, sur les dommages caus\u00e9s \u00e0 la propri\u00e9t\u00e9 priv\u00e9e par  \nl'ex\u00e9cution de travaux publics ;\nVu  la  loi  n\u00b0  43-374  du  6  juillet  1943  relative  \u00e0  l'ex\u00e9cution  des  travaux  g\u00e9od\u00e9siques  et  \ncadastraux et \u00e0 la conservation des signaux, bornes et rep\u00e8res\nVu  le  d\u00e9cret  du  Pr\u00e9sident  de  la  R\u00e9publique  du  15  mai  2025  portant  nomination  de  \nM.  Simon BABRE pr\u00e9fet du Var ;\nVu  le  d\u00e9cret  du  Pr\u00e9sident  de  la  R\u00e9publique  du  15  avril  2022  portant  nomination  de  \nM.  Lucien  GIUDICELLI,  secr\u00e9taire  g\u00e9n\u00e9ral  de  la  pr\u00e9fecture  du  Var,  sous-pr\u00e9fet  de  \nl'arrondissement de Toulon ;\nVu l'arr\u00eat\u00e9 pr\u00e9fectoral n\u00b02025/12/MCI du 2 juin 2025 portant d\u00e9l\u00e9gation de signature \u00e0 M.  \nLucien  GIUDICELLI,  secr\u00e9taire  g\u00e9n\u00e9ral  de  la  pr\u00e9fecture  du  Var,  sous-pr\u00e9fet  de  \nl'arrondissement de Toulon ;\nVu le programme d'actions et de pr\u00e9vention des inondations complet des fleuves c\u00f4tiers des \nMaures ;\n1/5\nPr\u00e9fecture du VAR - 83-2026-02-06-00010 - Arr\u00eat\u00e9 pr\u00e9fectoral du 6 f\u00e9vrier 2026 pour la r\u00e9alisation d'un diagnostic arch\u00e9ologique. 49\nVu la d\u00e9lib\u00e9ration du conseil communautaire de la CCMPM du 21 juillet 2020 au torisant le \npr\u00e9sident \u00e0 mettre en \u0153uvre le programme d'am\u00e9nagement hydraulique du Pansard et du  \nMaravenne ;\nVu l'arr\u00eat\u00e9 pr\u00e9fectoral du 27 juin 2022 portant autorisation environnementale et d\u00e9claration \nd'int\u00e9r\u00eat g\u00e9n\u00e9ral au titre de l'article L181-13 du code de l'environnement pour les travaux  \nrelatifs  au  programme  d'am\u00e9nagement  hydraulique  de  lutte  contre  les  inondations  du  \nPansard et du Maravenne sur la commune de La Londe-les-Maures ;\nVu l'arr\u00eat\u00e9 pr\u00e9fectoral du 4 mars 2024 portant prescription de diagnostic arch\u00e9ologique sur  \nles parcelles BD 7 , BD 8 et BC 147  dans le cadre de l'arch\u00e9ologie pr\u00e9ventive ;\nVu la lettre du pr\u00e9sident de la CCMPM du 23 janvier 2026 sollicitant l'autorisation de p\u00e9n\u00e9 -\ntrer et d'occuper temporairement des propri\u00e9t\u00e9s priv\u00e9es afin de r\u00e9aliser un diagnostic ar -\nch\u00e9ologique pr\u00e9alable \u00e0 la r\u00e9alisation de l'op\u00e9ration n\u00b09 du programme d'am\u00e9nagement hy -\ndraulique du Pansard et du Maravenne ;\nVu le dossier pr\u00e9sent\u00e9 par la CCMPM le 27  janvier 2026, comprenant la notice explicative, le \nplan et l'\u00e9tat parcellaires du projet ;\nConsid\u00e9rant que le diagnostic prescrit par arr\u00eat\u00e9 pr\u00e9fectoral du 4 mars 2024 se situe dans  \nune  zone  arch\u00e9ologique  sensible  dens\u00e9ment  occup\u00e9e  pendant  l'Antiquit\u00e9  et  plus  \npr\u00e9cis\u00e9ment sur les parcelles BD 7 , BD 8 et BC 147 ;\nConsid\u00e9rant que l'am\u00e9nagement n\u00b09 du programme d'am\u00e9nagement hydraulique de lutte  \ncontre les crues et les inondations du Pansard et du Maravenne se situe \u00e9galement sur les  \nparcelles  BD 7 , BD 8 et BC 147 ;\nConsid\u00e9rant  que  le  dossier  pr\u00e9sent\u00e9  est  r\u00e9gulier  et  qu'il  convient  d'aider  \u00e0  r\u00e9aliser  le  \ndiagnostic  arch\u00e9ologique  avant  la  r\u00e9alisation  de  l'op\u00e9ration  n\u00b09  du  programme  \nd'am\u00e9nagement hydraulique du Pansard et du Maravenne ;\nConsid\u00e9rant  que  l'occupation  des  terrains  d\u00e9sign\u00e9s,  pr\u00e9sent\u00e9e  au  dossier  cit\u00e9,  est  \nindispensable pour permettre l'acc\u00e8s \u00e0 la zone de travaux et \u00e0 la r\u00e9alisation du diagnostic  \narch\u00e9ologique ;\nSur proposition du secr\u00e9taire g\u00e9n\u00e9ral de la pr\u00e9fecture,\nARR\u00caTE :\nArticle 1  er     :  \nL' autorisation de p\u00e9n\u00e9trer et d'occuper temporairement les propri\u00e9t\u00e9s priv\u00e9es, situ\u00e9es sur le \nterritoire de la commune de La Londe-les-Maures, est accord\u00e9e pour une dur\u00e9e de trois ans, \n\u00e0 compter de sa notification, en vue d'aider \u00e0 la r\u00e9alisation d'un diagnostic arch\u00e9ologique. \nCe diagnostic sera r\u00e9alis\u00e9 sur les parcelles BD 7 , BD 8 et BC 147 o\u00f9 est pr\u00e9vue l'op\u00e9ration n\u00b0 9 \ndu programme d'am\u00e9nagement hydraulique de lutte contre les crues et les inondations du  \nPansard et du Maravenne. \nLe diagnostic arch\u00e9ologique comprend une phase d'exploitation du terrain et une phase  \nd'\u00e9tude donnant lieu \u00e0 un rapport sur les r\u00e9sultats obtenus. Les investigations sont d\u00e9taill\u00e9es \n\u00e0 la notice explicative (annexe 1).\n2/5\nPr\u00e9fecture du VAR - 83-2026-02-06-00010 - Arr\u00eat\u00e9 pr\u00e9fectoral du 6 f\u00e9vrier 2026 pour la r\u00e9alisation d'un diagnostic arch\u00e9ologique. 50\nLes agents du service arch\u00e9ologique du d\u00e9partement du Var, les agents de la CCMPM, les  \npersonnels des entreprises ou prestataires d\u00e9l\u00e9gu\u00e9s et accr\u00e9dit\u00e9s par la CCMPM et par le  \nservice  arch\u00e9ologique  du  d\u00e9partement  du  Var,  charg\u00e9s  de  mettre  en  \u0153uvre  et  ou  de  \ncontribuer \u00e0 la r\u00e9alisation des investigations et sondages arch\u00e9ologiques, sont autoris\u00e9s, et  \nsous r\u00e9serve des droits des tiers, \u00e0 p\u00e9n\u00e9trer et occuper temporairement, sur le territoire de  \nla commune de La Londe-les-Maures, les parcelles identifi\u00e9es au plan parcellaire (annexe 2).  \nLes parcelles sont reconnues comme appartenant aux propri\u00e9taires identifi\u00e9s \u00e0 l'\u00e9tat parcel -\nlaire (annexe 3). L'acc\u00e8s \u00e0 ces parcelles se fera conform\u00e9ment \u00e0 la notice et \u00e0 l'\u00e9tat parcellaire \n(annexe 1 et annexe 3).\nLes  personnels  pr\u00e9cit\u00e9s  pourront  proc\u00e9der  aux  op\u00e9rations  strictement  limit\u00e9es  et  \nn\u00e9cessaires \u00e0 la r\u00e9alisation des investigations et des sondages arch\u00e9ologiques,  en raison des-\nquels l'occupation est ordonn\u00e9e. Ils prendront toutes les pr\u00e9cautions utiles et s'attacheront \u00e0 \navoir un impact le plus faible possible sur le milieu naturel.\nAu terme du chantier, le ma\u00eetre d'ouvrage est responsable de la remise en \u00e9tat des terrains,  \nnotamment les terrains concern\u00e9s par les zones de travaux et les voies d'acc\u00e8s.\nArticle 2     :  \nAutorisation de p\u00e9n\u00e9trer dans les propri\u00e9t\u00e9s priv\u00e9es.\nLes agents pr\u00e9cit\u00e9s ne sont pas autoris\u00e9s \u00e0 s'introduire \u00e0 l'int\u00e9rieur des maisons d'habitation.\nIls ne pourront p\u00e9n\u00e9trer dans les autres propri\u00e9t\u00e9s closes que cinq jours apr\u00e8s notification de \nl'arr\u00eat\u00e9 au propri\u00e9taire ou en son absence au gardien de la propri\u00e9t\u00e9. A d\u00e9faut de gardien  \nconnu  demeurant  dans  la  commune,  le  d\u00e9lai  ne  court  qu'\u00e0  partir  de  la  notification  de \nl'arr\u00eat\u00e9 au propri\u00e9taire, faite en la mairie, par voie d'affichage. Ce d\u00e9lai expir\u00e9, si personne ne \nse pr\u00e9sente pour permettre l'acc\u00e8s, les b\u00e9n\u00e9ficiaires du pr\u00e9sent arr\u00eat\u00e9 pourront entrer avec \nl'assistance du juge du tribunal judiciaire.\nArticle 3     :  \nAutorisation d'occuper temporairement des propri\u00e9t\u00e9s priv\u00e9es.\nLes agents pr\u00e9cit\u00e9s ne sont pas autoris\u00e9s \u00e0 s'introduire \u00e0 l'int\u00e9rieur des maisons d'habitation.\nL'occupation  temporaire  n'est  pas  autoris\u00e9e  \u00e0  l'int\u00e9rieur  des  propri\u00e9t\u00e9s  attenantes  aux  \nhabitations et closes par des murs ou par des cl\u00f4tures \u00e9quivalentes, suivant les usages du  \npays.\nArticle 4     :  \nLes indemnit\u00e9s, qui pourraient \u00eatre dues pour les dommages caus\u00e9s aux propri\u00e9t\u00e9s au cours  \ndes  autorisations  d\u00e9livr\u00e9es,  seront  \u00e0  la  charge  du  ma\u00eetre  d'ouvrage.  \u00c0  d\u00e9faut  d'accord  \namiable, elles seront r\u00e9gl\u00e9es par le tribunal administratif de Toulon, dans les formes pr\u00e9vues  \npar le code de justice administrative.\nArticle 5     :  \nLe maire de la commune de  La Londe-les-Maures , la gendarmerie, le s propri\u00e9taires et les  \nhabitants de la commune concern\u00e9e seront invit\u00e9s \u00e0 pr\u00eater aide et a ssistance aux personnes \ncharg\u00e9es de r\u00e9aliser les investigations et les sondages arch\u00e9ologiques.\n3/5\nPr\u00e9fecture du VAR - 83-2026-02-06-00010 - Arr\u00eat\u00e9 pr\u00e9fectoral du 6 f\u00e9vrier 2026 pour la r\u00e9alisation d'un diagnostic arch\u00e9ologique. 51\nArticle 6     :  \nLe pr\u00e9sent arr\u00eat\u00e9 sera publi\u00e9 au recueil des actes administratifs de la pr\u00e9fecture du Var.\nIl sera \u00e9galement affich\u00e9, d\u00e8s r\u00e9ception, en mairie de La Londe-les-Maures, \u00e0 la diligence du \nmaire, aux lieux habituellement r\u00e9serv\u00e9s, au moins 10 jours avant toute p\u00e9n\u00e9tration dans les \npropri\u00e9t\u00e9s. \nLe  maire  justifiera  de  l'accomplissement  de  cette  formalit\u00e9  par  retour  du  certificat  \nd'affichage au bureau de l'environnement et du d\u00e9veloppement durable de la pr\u00e9fecture du  \nVar.\nLes annexes au pr\u00e9sent arr\u00eat\u00e9 sont consultables en mairie de  La Londe-les-Maures  et au  \nbureau de l'environnement et du d\u00e9veloppement durable de la pr\u00e9fecture du Var.\nArticle 7     :  \nLe maire de La Londe-les-Maures notifiera une copie du pr\u00e9sent arr\u00eat\u00e9 avec ses annexes aux  \npropri\u00e9taires  des  parcelles  conc ern\u00e9es  ou,  si  ceux-ci  ne  sont  pas  domicili\u00e9s  dans  la  \ncommune, aux fermiers, locataires, gardiens ou r\u00e9gisseurs des propri\u00e9t\u00e9s. \nS'il n'y a, dans la commune, personne ayant qualit\u00e9 pour recevoir la notification, celle-ci sera \nvalablement faite par lettre recommand\u00e9e avec avis de r\u00e9ception au dernier domicile connu  \ndu propri\u00e9taire. Le pr\u00e9sent arr\u00eat\u00e9 et ses annexes resteront d\u00e9pos\u00e9s \u00e0 la mair ie pour \u00eatre  \ncommuniqu\u00e9s sans d\u00e9placement aux int\u00e9ress\u00e9s, sur leur demande.\nLe maire de  La Londe-les-Maures  devra justifier de l'accomplissement de cette formalit\u00e9  \naupr\u00e8s de la CCMPM.\nArticle 8     :  \nEtat des lieux contradictoire avant occupation temporaire.\nApr\u00e8s  l'accomplissement  des  formalit\u00e9s pr\u00e9vues  \u00e0  l'article  7  e t  \u00e0  d\u00e9faut  de  convention \namiable,  le  pr\u00e9sident  de  la  CCMPM  ou  son  d\u00e9l\u00e9gataire  fait  au  propri\u00e9taire  du  terrain,  \npr\u00e9alablement \u00e0 toute occupation de chaque parcelle d\u00e9sign\u00e9e, une notification par lettre  \nrecommand\u00e9e avec avis de r\u00e9ception, indiquant le jour et l'heure o\u00f9 il compte se rendre sur  \nles lieux ou s'y faire repr\u00e9senter.\nIl  invite  le  propri\u00e9taire  \u00e0  s'y  trouver  ou  \u00e0  s'y  faire  repr\u00e9senter  lui-m\u00eame  pour  proc\u00e9der \ncontradictoirement \u00e0 la constatation de l'\u00e9tat des lieux.\nEn m\u00eame temps, il informe par \u00e9crit le maire de la commune de  La Londe-les-Maures  de  \ncette notification faite au propri\u00e9taire.\nSi  le  propri\u00e9taire  n'est  pas  domicili\u00e9  dans  la  commu ne,  la  notification  est  faite  \nconform\u00e9ment aux stipulations de l'article 7 .\nEntre cette notification et la visite des lieux, il doit y avoir un intervalle d'au moins dix jours.\nArticle 9     :  \nProc\u00e8s-verbal avant occupation temporaire des lieux.\n\u00c0 d\u00e9faut par le propri\u00e9taire de se faire repr\u00e9senter sur les lieux, le maire de la commune de  \nLa Londe-les-Maures  lui d\u00e9signe d'office un repr\u00e9sentant pour op\u00e9rer contradictoirement  \navec le repr\u00e9sentant de la CCMPM.\n4/5\nPr\u00e9fecture du VAR - 83-2026-02-06-00010 - Arr\u00eat\u00e9 pr\u00e9fectoral du 6 f\u00e9vrier 2026 pour la r\u00e9alisation d'un diagnostic arch\u00e9ologique. 52\nLe proc\u00e8s-verbal de l'op\u00e9ration, qui doit fournir les \u00e9l\u00e9ments n\u00e9cessaires pour \u00e9valuer le  \ndommage, est dress\u00e9 en trois exp\u00e9ditions destin\u00e9es, l'une \u00e0 \u00eatre d\u00e9pos\u00e9e \u00e0 la mairie de  \nLa Londe-les-Maures, et les deux autres \u00e0 \u00eatre remises aux parties int\u00e9ress\u00e9es.\nSi les parties ou les repr\u00e9sentants sont d'accord, les travaux autoris\u00e9s par le pr\u00e9sent arr\u00eat\u00e9  \npeuvent \u00eatre commenc\u00e9s aussit\u00f4t.\nD\u00e8s le d\u00e9but ou en cours de proc\u00e9dure, \u00e0 la demande de  la CCMPM  ou de la personne  \nd\u00e9l\u00e9gu\u00e9e, la pr\u00e9sidente du tribunal administratif de Toulon d\u00e9signe un expert qui, en cas de  \nrefus par le propri\u00e9taire ou par son repr\u00e9sentant de signer le proc\u00e8s-verbal, ou en cas de  \nd\u00e9saccord sur l'\u00e9tat des lieux, dresse d'urgence le proc\u00e8s-verbal pr\u00e9vu ci-dessus.\nLes  travaux  peuvent  commencer  aussit\u00f4t  apr\u00e8s  le  d\u00e9p\u00f4t  du  proc\u00e8s-verbal,  en  cas  de  \nd\u00e9saccord sur l'\u00e9tat des lieux, la partie la plus diligente conserve, n\u00e9anmoins, le droit de  \nsaisir le tribunal administratif de Toulon sans que cette saisine puisse faire obstacle \u00e0 la  \ncontinuation des travaux.\nArticle 10     :  \nLe pr\u00e9sident de la CCMPM ou son d\u00e9l\u00e9gataire  remettra une copie de cet arr\u00eat\u00e9 avec ses  \nannexes \u00e0 chaque entreprise ou prestataire accr\u00e9dit\u00e9 pour r\u00e9aliser les travaux.\nChaque agent accr\u00e9dit\u00e9 ou personne habilit\u00e9e, en charge des travaux, sera muni d'une copie \ndu pr\u00e9sent arr\u00eat\u00e9 avec ses annexes qu'il sera tenu de pr\u00e9senter \u00e0 toute r\u00e9quisition. \nArticle 11     :  \nLe pr\u00e9sent arr\u00eat\u00e9 sera p\u00e9rim\u00e9 de plein droit s'il n'est pas suivi d'un commencement d'ex\u00e9cu -\ntion dans les six mois de sa date.\nArticle 12     :  \nL'opposition \u00e0 l'ex\u00e9cution de travaux publics donne lieu \u00e0 l'application de l'article 433-11 du \ncode p\u00e9nal.\nArticle 13     :  \nLe pr\u00e9sent arr\u00eat\u00e9 pourra faire l'objet d'un recours devant le tribunal administratif de Toulon,  \ndans le d\u00e9lai de deux mois \u00e0 compter de l'accomplissement des formalit\u00e9s de publicit\u00e9  \npr\u00e9vues \u00e0 l'article 6 ou le cas \u00e9ch\u00e9ant de la notification pr\u00e9vue \u00e0 l'article 7 .\nLe tribunal administratif peut \u00eatre saisi par l'application informatique \u00ab T\u00e9l\u00e9recours citoyens \u00bb \naccessible par le site Internet www.telerecours.fr .\nArticle 14     :  \nLe secr\u00e9taire g\u00e9n\u00e9ral de la pr\u00e9fecture du Var,  le maire de la commune de  La Londe-les-\nMaures, le pr\u00e9sident de la CCMPM et le commandant du groupement de gendarmerie du Var \nsont charg\u00e9s, chacun en ce qui le concerne, de l'ex\u00e9cution du pr\u00e9sent arr\u00eat\u00e9 dont une copie  \nsera adress\u00e9e, pour information au directeur d\u00e9partemental des territoires et de la mer.\nFait \u00e0 Toulon, le 6 f\u00e9vrier 2026\nPi\u00e8ces annex\u00e9es\nAnnexe 1 : Notice explicative                                          Pour le Pr\u00e9fet et par d\u00e9l\u00e9gation \nAnnexe 2 :  plan parcellaire                                                        Le Secr\u00e9taire g\u00e9n\u00e9ral\nAnnexe 3 :  \u00e9tat parcellaire                                                                      Sign\u00e9            \nAnnexe 4 : arr\u00eat\u00e9 pr\u00e9fectoral du 4 mars 2024                             Lucien GIUDICELLI\n5/5\nPr\u00e9fecture du VAR - 83-2026-02-06-00010 - Arr\u00eat\u00e9 pr\u00e9fectoral du 6 f\u00e9vrier 2026 pour la r\u00e9alisation d'un diagnostic arch\u00e9ologique. 53\nCCMPM -\u2014 PAPI C\u00f4tiers des Maures Programme d'am\u00e9nagement du Maravenne PansardNotice explicative dossier art.3 loi 1892\" |06 FEV. 2026 L Annexe 1 Pour le Pr\u00e9fetetpar d\u00e9l\u00e9gation,srannacenes JeSecr\u00e9tai t an\u00e9ral,0.6 FEV. 2026 )PAPI C\u00f4tiers des Maures: Lucien GIUDICELLITRAVAUX D'AMENAGEMENTS DE PROTECTION CONTRE LESINONDATIONS DU BATAILLER SUR LA COMMUNE DE LALONDE LES MAURES : diagnostic arch\u00e9ologiqueNOTICE EXPLICATIVE1 Pr\u00e9sentationdu contexte\nAu cours de l'ann\u00e9e 2014 ; la commune de La Londe les Maures a \u00e9t\u00e9 gravement touch\u00e9e parles inondations, par deux fois : janvier et novembre 2014. Ces deux \u00e9v\u00e8nements, qui ontconcern\u00e9 l'ensemble du territoire en provoquant des pertes humaines et occasionnantd'importants dommages financiers, ont \u00e9t\u00e9 particuli\u00e8rement importants puisqu'elles ontd\u00e9pass\u00e9 les niveaux d\u00e9finis dans le PPRi de la commune.Ainsi, la Communaut\u00e9 de Communes s'est engag\u00e9e \u00e0 r\u00e9aliser un Programme d'Actions dePr\u00e9vention des Inondations (PAPI) complet, dontle programme a \u00e9t\u00e9 labellis\u00e9 en d\u00e9cembre2017 et la convention financi\u00e8re co-sign\u00e9e d\u00e9but octobre 2018. Ce PAPI vise \u00e0 mettre en \u0153uvreune strat\u00e9gie de gestion int\u00e9gr\u00e9e du risque inondation sur les bassins versants des fleuvesc\u00f4tiers des Maures dont l'exutoire est situ\u00e9 dans la Communaut\u00e9 de Communes M\u00e9diterran\u00e9ePorte des Maures. Les principaux bassins concern\u00e9s sont ceux du Maravenne, du Pansard, dela Vieille et du Batailler, ainsi que des petits c\u00f4tiers des communes de Bormes-les-Mimosas etdu Lavandou.La pr\u00e9sente op\u00e9ration s'inscrit ainsi dans les axes 5, 6 et 7 du PAPI :e Axe 5 : Action de r\u00e9duction de la vuln\u00e9rabilit\u00e9 des personnes et des biens ;e Axe 6 : Ralentissement des \u00e9coulements ;e Axe 7 : Gestion des ouvrages de protection hydraulique.Le programme de travaux sur le Maravenne et le Pansard dans le dossier PAPI s'appuie sur les\u00e9tudes men\u00e9es par SUEZ Consulting entre 2015 et 2022.Dans le cadre de la r\u00e9alisation de ce programme d'am\u00e9nagement, et en raison des travauxenvisag\u00e9s, de leur nature et de leur localisation susceptibles d'affecter des \u00e9l\u00e9ments dupatrimoine arch\u00e9ologique, la Communaut\u00e9 de Communes M\u00e9diterrann\u00e9e Porte des Mauresdoit r\u00e9aliser un diagnostic arch\u00e9ologique, pour les terrains sis \u00e0 la Londe les Maures, cadastr\u00e9section BD parcelles 7 & 8 et section BC parcelle 147.Les interventions seront r\u00e9alis\u00e9es sur la commune de La-Londe-les-Maures dans le Var (83).Ces travaux ont \u00e9t\u00e9 autoris\u00e9s par arr\u00eat\u00e9 pr\u00e9fectoral DDTM/SEBIO/222-34 du 27 juin 2022.\nsy JANVIER 2026 1/9\nPr\u00e9fecture du VAR - 83-2026-02-06-00010 - Arr\u00eat\u00e9 pr\u00e9fectoral du 6 f\u00e9vrier 2026 pour la r\u00e9alisation d'un diagnostic arch\u00e9ologique. 54\nCCMPM \u2014 PAPI C\u00f4tiers des Maures Programme d'am\u00e9nagement du Maravenne PansardNotice explicative dossier art.3 loi 1892\nL'am\u00e9nagement concern\u00e9 est l'am\u00e9nagement 9, il s'agit du d\u00e9versoir de la place du Bastidon.Les travaux comprennent \u00e0 la fois les travaux de lib\u00e9ration de l'emprise mais \u00e9galement lestravaux n\u00e9cessaires pour le diagnostic arch\u00e9ologique ( tranch\u00e9es principalement).Dans ce cadre, une proc\u00e9dure de demande d'arr\u00eat\u00e9 pr\u00e9fectoral au titre de l'article 3 de la loide 1892 est men\u00e9e, objet du pr\u00e9sent dossier.\n2 Description de l'am\u00e9nagement 9\nL'am\u00e9nagement A9 a pour objet la cr\u00e9ation d'un d\u00e9versoir vers la plaine du Bastidon. Lescaract\u00e9ristiques de l'ouvrage projet\u00e9 sont les suivantes :- Longueur : 360 ml;- Berge et fond en enrochement ;- Hauteur: variable de 0 \u00e0 1.5m;- Largeur: variable de 100m au nord \u00e0 25m au sud ;- Pente de talus : 2/1;\nsoy JANVIER 2026 2/9\nQ\nPr\u00e9fecture du VAR - 83-2026-02-06-00010 - Arr\u00eat\u00e9 pr\u00e9fectoral du 6 f\u00e9vrier 2026 pour la r\u00e9alisation d'un diagnostic arch\u00e9ologique. 55\nCCMPM -\u2014 PAPI C\u00f4tiers des Maures Programme d'am\u00e9nagement du Maravenne PansardNotice explicative dossier art.3 loi 1892\nEmprise de d\u00e9versoir de la plaine du Bastidon (source : AVP Programme MaravennePansard, Suez 2023)\n3 Description du diagnosticLe diagnostic arch\u00e9ologique est pr\u00e9vu dans l'emprise de ce futur am\u00e9nagement. Il comprend,outre une phase d'exploration du terrain, une phase d'\u00e9tude qui s'ach\u00e8ve par la remise durapport sur les r\u00e9sultats obtenus.Les parcelles concern\u00e9es sont :- Parcelle BD 7- Parcelle BD 8- Parcelle BC 147\nsy JANVIER 2026 3/9\nPr\u00e9fecture du VAR - 83-2026-02-06-00010 - Arr\u00eat\u00e9 pr\u00e9fectoral du 6 f\u00e9vrier 2026 pour la r\u00e9alisation d'un diagnostic arch\u00e9ologique. 56\nCCMPM \u2014 PAPI C\u00f4tiers des Maures Programme d'am\u00e9nagement du Maravenne PansardNotice explicative dossier art.3 loi 1892\nLe futur am\u00e9nagement se trouve dans une zone arch\u00e9ologique sensible, dens\u00e9ment occup\u00e9edans l'Antiquit\u00e9. Le diagnostic aura pour but de d\u00e9terminer la pr\u00e9sence \u00e9ventuelle de vestigesarch\u00e9ologiques dans l'emprise.Il sera r\u00e9alis\u00e9 sous la maitrise d'ouvrage du service arch\u00e9ologique du d\u00e9partement du Var surla base des prescriptions suivantes :- L'emprise totale du chantier sera de 15 000 m*- Des sondages seront r\u00e9alis\u00e9s \u00e0 la pelle m\u00e9canique, sur une surface repr\u00e9sentant 10 %de la superficie totale du terrain, soit environ 1500 m\u00b0.- La nature, la datation des vestiges arch\u00e9ologiques, les plans, les coupes et lespuissances des st\u00e9riles seront produits.3.1 Localisation et empriseL'emprise de l'intervention est jointe en Annexe 1. La consistance des travaux est d\u00e9crite ci-apr\u00e8s : |- D\u00e9broussaillage et/ou arrachage des pieds de vignes- R\u00e9alisation des tranch\u00e9es- Stockage des d\u00e9blais \u00e0 proximit\u00e9- Comblement des tranch\u00e9es apr\u00e8s intervention\nsy | JANVIER 2026 4/9\nPr\u00e9fecture du VAR - 83-2026-02-06-00010 - Arr\u00eat\u00e9 pr\u00e9fectoral du 6 f\u00e9vrier 2026 pour la r\u00e9alisation d'un diagnostic arch\u00e9ologique. 57\n. CCMPM - PAPI C\u00f4tiers des Maures Programme d'am\u00e9nagement du Maravenne PansardNotice explicative dossier art.3 loi 1892\n|: [TT Emprise du projet[| Tranch\u00e9e de diagnosticArrachage# D\u00e9blais\u2014\u2014 Eau (r\u00e9seau)\noc?\na i fiMarge de s\u00e9curit\u00e9 feyautour destranch\u00e9es de 4 m -\nZoom de l'intervention pr\u00e9vue sur la parcelle BD7\nLa parcelle BD8 est tr\u00e8s peu concern\u00e9, moins de 4m? sont concern\u00e9s par le stockage desd\u00e9blais.La parcelle BC147 n'est pas occup\u00e9 par des vignes, elle sera d\u00e9broussaill\u00e9e avant intervention.\n3.2 Les acc\u00e8s envisag\u00e9sLes acc\u00e8s seront r\u00e9alis\u00e9s dans la mesure du possible sur les chemins d'acc\u00e8s existants entre lesplantations. Les chemins d'acc\u00e8s devront garantir une largeur utile de passage de l'ordre 3.00met \u00eatre libre de toutes \u00e9quipements pouvant g\u00eaner la circulation des engins et la r\u00e9alisation dudiagnostic (r\u00e9seaux d'irrigation, a\u00e9rien et/ou enterr\u00e9s, etc...).Les images satellites ci-dessous montrent les cheminements envisag\u00e9s :\nsc JANVIER 2026 5/9\nQ\nPr\u00e9fecture du VAR - 83-2026-02-06-00010 - Arr\u00eat\u00e9 pr\u00e9fectoral du 6 f\u00e9vrier 2026 pour la r\u00e9alisation d'un diagnostic arch\u00e9ologique. 58\nCCMPM - PAPI C\u00f4tiers des Maures Programme d'am\u00e9nagement du Maravenne PansardNotice explicative dossier art.3 loi 1892\nAcc\u00e8s envisag\u00e9s pour le diagnostic sur les parcelles BD7 et BD8, emprise du projet PAPIet des investigations arch\u00e9ologiques\nsoy JANVIER 2026 | |\" 6/9\nX\nPr\u00e9fecture du VAR - 83-2026-02-06-00010 - Arr\u00eat\u00e9 pr\u00e9fectoral du 6 f\u00e9vrier 2026 pour la r\u00e9alisation d'un diagnostic arch\u00e9ologique. 59\nCCMPM - PAPI C\u00f4tiers des Maures Programme d'am\u00e9nagement du Maravenne PansardNotice explicative dossier art.3 loi 1892\nAcc\u00e8s envisag\u00e9s pour le diagnostic pour la parcelle BC 147\n3.3 Caract\u00e9ristiques et mat\u00e9riel des investigationsLes sondages seront r\u00e9alis\u00e9s \u00e0 la pelle m\u00e9canique de 14 T sur roues de 3 m de largeur. 2 autresv\u00e9hicules l\u00e9gers du d\u00e9partement circuleront sur les acc\u00e8s. Un v\u00e9hicule type pick up viendraapprovisionner la pelle en carburant.\nsoy JANVIER 2026 7/9\nQ\nPr\u00e9fecture du VAR - 83-2026-02-06-00010 - Arr\u00eat\u00e9 pr\u00e9fectoral du 6 f\u00e9vrier 2026 pour la r\u00e9alisation d'un diagnostic arch\u00e9ologique. 60\nCCMPM - PAPI C\u00f4tiers des Maures Programme d'am\u00e9nagement du Maravenne PansardNotice explicative dossier art.3 loi 1892\nPelle m\u00e9canique sur roues : v\u00e9hicule-type pour la r\u00e9alisation des tranch\u00e9es\n3.4 Sch\u00e9ma d'intervention\nLes interventions pr\u00e9vues sont :- Le balisage des enjeux environnementaux au droit des chemins d'acc\u00e8s- L'arrachage des vignes impact\u00e9es- La r\u00e9alisation de tranch\u00e9es sur 1500 m\u00b0- La d\u00e9pose des d\u00e9blais sur le c\u00f4t\u00e9- La r\u00e9alisation des sondages- Le rebouchage des tranch\u00e9es3.5 Dur\u00e9e des travauxLes travaux des travaux pr\u00e9paratoires pour la lib\u00e9ration de l'emprise sont de 2 semaines.La dur\u00e9e des travaux arch\u00e9ologiques pr\u00e9vue est de 1 an, hors al\u00e9a naturel. Le d\u00e9but destravaux est envisag\u00e9 \u00e0 partir de f\u00e9vrier 2026.\n4 Impact environnemental sur les parcelles\nLes enjeux majeurs dans la zone sont les enjeux flore situ\u00e9s en bordure de la parcelle BD8.Ces enjeux seront balis\u00e9s avant l'intervention du diagnostic.\nsy | JANVIER 2026 | 8/9\nPr\u00e9fecture du VAR - 83-2026-02-06-00010 - Arr\u00eat\u00e9 pr\u00e9fectoral du 6 f\u00e9vrier 2026 pour la r\u00e9alisation d'un diagnostic arch\u00e9ologique. 61\nCCMPM \u2014 PAPI C\u00f4tiers des Maures Programme d'am\u00e9nagement du Maravenne PansardNotice explicative dossier art.3 loi 1892\nLocalisation des enjeux sur la parcelle BD8\n5 Annexes5.1 Annexe 1: Plan et emprise des investigations arch\u00e9ologiques5.2 Annexe 2 : Etat parcellaire5.3 Annexe 3 : Arr\u00eat\u00e9 pr\u00e9fectoral portant prescription de diagnostic arch\u00e9ologique\nsy JANVIER 2026 9/9\nPr\u00e9fecture du VAR - 83-2026-02-06-00010 - Arr\u00eat\u00e9 pr\u00e9fectoral du 6 f\u00e9vrier 2026 pour la r\u00e9alisation d'un diagnostic arch\u00e9ologique. 62\nPr\u00e9fecture du VAR - 83-2026-02-06-00010 - Arr\u00eat\u00e9 pr\u00e9fectoral du 6 f\u00e9vrier 2026 pour la r\u00e9alisation d'un diagnostic arch\u00e9ologique. 63\n% 5 '\\\\ C1 Emprise des investigationsa\nVu pour \u00eatre annex\u00e9 \u00e0notre arr\u00eat\u00e9 en datedu ff FEV. 2026. neaccecess\nLucien GIUDICELLI\nmt Rx n\u00e9] |\u00c0 '> \u00a5\nPr\u00e9fecture du VAR - 83-2026-02-06-00010 - Arr\u00eat\u00e9 pr\u00e9fectoral du 6 f\u00e9vrier 2026 pour la r\u00e9alisation d'un diagnostic arch\u00e9ologique. 64\ndu QB FEV, 2008...\noe 4 EM Tranch\u00e9e de diagnosticso Pr\u00e9paration chantier+ mi \u00a9 777 Arrachagede So \u20ac ne TE Deblaise2 PAGE Pe\net\nAnnexe\nPr\u00e9fecture du VAR - 83-2026-02-06-00010 - Arr\u00eat\u00e9 pr\u00e9fectoral du 6 f\u00e9vrier 2026 pour la r\u00e9alisation d'un diagnostic arch\u00e9ologique. 65\nanbisojoayoieONSOUSEID9pUO!JesiesE]JNOd}Osnpsulesodwise}uonedn990911899181817SaInelh]S9]2PU07E]9PSUNUIUIONSOINE\u00cfNSop9UOdSAUELIS]IPANSOUNLULWOD9psJNeUNWILUODITMADIGNIDuaron\"7034-90np'uoneBsjep1edjeJ2J9148]INO\u20acoxouuy\nPr\u00e9fecture du VAR - 83-2026-02-06-00010 - Arr\u00eat\u00e9 pr\u00e9fectoral du 6 f\u00e9vrier 2026 pour la r\u00e9alisation d'un diagnostic arch\u00e9ologique. 66\nPropri\u00e9t\u00e90001Originedepropri\u00e9t\u00e9-PartiedanslasuccessiondeMonsieurBONNETMariusJulesVincentd\u00e9c\u00e9d\u00e9\u00e0TOULONle9octobre1977,ab-intestat.AlasurvivancedeMadamePIGAGLIORoseMarieson\u00e9pouse,rest\u00e9esaveuve,usufruiti\u00e8rel\u00e9galemaisdepuisd\u00e9c\u00e9d\u00e9ele12octobre1990,commeanalys\u00e9ci-apr\u00e8s.Enlaissantpourseulh\u00e9ritierleditMonsieurBONNETAndr\u00e9sonfilsuniqueissudesonmariage.L'attestationimmobili\u00e8reapr\u00e8sced\u00e9c\u00e8sa\u00e9t\u00e9\u00e9tablieparMa\u00eetrePALENC,Notaire\u00e0HYERESLESPALMIERS,le3mai1982,publi\u00e9eau2\u00e8meBureaudesHypoth\u00e8quesdeTOULONle14juin1982-Volume4902n\u00b09--PartiedanslasuccessiondeMadamePIGAGLIORoseMaried\u00e9c\u00e9d\u00e9e\u00e0HYERESLESPALMIERSle12octobre1990,ab-intestat.|\"VeuveenuniquesnocesdeMonsieurBONNETMarius.Enlaissantpourseulh\u00e9ritierleditMonsieurBONNETAndr\u00e9sonfilssusnomm\u00e9.L'attestationimmobili\u00e8reapr\u00e8sced\u00e9c\u00e8sa\u00e9t\u00e9\u00e9tablieparMa\u00eetrePALENC,Notairesusnommi\u00e9,le9avril1991,publi\u00e9eau2\u00e8meBureaudesHypoth\u00e8quesle7mai1991-|\nVolume91Pn\u00b04300\u2014\"Propri\u00e9taireInscrits\u00e0lamatricecadastrale:-MonsieurBONNETAndr\u00e9Propri\u00e9tairesr\u00e9els:-MonsieurBONNETAndr\u00e9Louis,n\u00e9le25octobre1946\u00e0HYERESLESPALMIERS,Retrait\u00e9,c\u00e9libatairemajeur,demeurant2187CheminduPansard\u00e0LALONDELESMAURES(83250)R\u00e9f\u00e9rencecadastraleSurface\u00e0|ObservationPlanche|SectionN\u00b0Nature|Lieu-dit|Surface|occuper\"Acc\u00e8s(alleretretour)\n1BC147|Terrain|Chemin|512252030Acc\u00e8sdepuislecheminduPansardagricole|du|Concern\u00e9parled\u00e9broussaillage,lestranch\u00e9esetlestockageded\u00e9blais\nPansard\nPr\u00e9fecture du VAR - 83-2026-02-06-00010 - Arr\u00eat\u00e9 pr\u00e9fectoral du 6 f\u00e9vrier 2026 pour la r\u00e9alisation d'un diagnostic arch\u00e9ologique. 67\nSI21q9psepesey90)s9]JedaUJ29U0991N})NI1910\nen291ede]epsieaennesind'pseusagSIn07pieAe)nog9]siIndapS999y07|einpnonA|8agLSI2199Pap982Y901S2]9Seayouel}Sa]'seuglAOpspaldape8eu9elle,]'aseylessnojgap9)JedPESOS.\u2014\u201421N)N91910on291ede]apSi8AeJ}nesind'pieU19gsino7pieAe)nog9]sindap$299Y97|91NMNONIA|ZagL\n(,Wue)(inojas18Jae)s299V.e|S2EUNS|]1Ip-n817SINIEN|oN|UONDSS|SYOUL)duoljeA19SQO|soeunsa)elseped29U919/9H18190$9$8eISsnesilolwWOp}U2198UOS'Ule}WJSOY1N9ISUONJed9ajusseidal'NOINOLBP$9}9!190SS9PJaBDJBWIWODNp81s1891nesg}NIWEWIU!\"EEGZLSLOVNAUISoN\u2014UOPHSEG91JaIWeND\u2014(OSZE8)SAUNVWS371SJGNO1V1@38812190898aIS9]JUOp'3EL*ZEE809LepjeudednesiainoivedajIAld9191908\u00abNOGLLSV4781098y1919U0-4JUBWSdNOI4d\u00bb99WILIOU9P919190$27-:S991SouleyeldoldNOGIISVYA31V19-:eyesJSepeo9911JEUE]ES]J9SUI]91123914101\n-VSEVoUdS6SWUIN|OA\u2014SEGLIEW7Z8]NOINOL8pSenbeujodAHsepneeingewezneanqnd'G66LSICWLE91'LNOdSSITIOS\u00a92190Ssea1eJONS10}'NYg21UEMNJedndeJ9192Un,pSed}XNEYOVdH14YS2)epuoNisinboyapeuI8110Z00091911d014\nPr\u00e9fecture du VAR - 83-2026-02-06-00010 - Arr\u00eat\u00e9 pr\u00e9fectoral du 6 f\u00e9vrier 2026 pour la r\u00e9alisation d'un diagnostic arch\u00e9ologique. 68\nPr\u00e9fecture du VAR - 83-2026-02-06-00010 - Arr\u00eat\u00e9 pr\u00e9fectoral du 6 f\u00e9vrier 2026 pour la r\u00e9alisation d'un diagnostic arch\u00e9ologique. 69\nEPREFET _DE LA REGIONPROVENCE- ALPES-COTE D'AZURLibert\u00e9Egalit\u00e9Fraternit\u00e9\nService r\u00e9gional de l'arch\u00e9ologieB\u00e2timent Austerlitz \u201421 All\u00e9e Claude ForbinCS 8078313625 Aix-en-Provence Cedex 1T\u00e9l\u00e9phone : 04.42.99.10.13\nAnnexe 4 \u00b0\u00b0 16 FEV VE Direction r\u00e9gionaleou 7 des affaires culturellesPour le Pr\u00e9fet et-par d\u00e9l\u00e9gation,le secr\u00e9taire g\u00e9h\u00e9ral\nrait\n| PATRIARCHELucien GIUDICELLI Dossier 15479N\u00b0 2024 - 124\nARR\u00caT\u00c9Portant prescription de diagnostic arch\u00e9ologiqueLe pr\u00e9fet de la r\u00e9gion Provence-Alpes-C\u00f4te d'AzurPr\u00e9fet de la zone de d\u00e9fense et de s\u00e9curit\u00e9 SudPr\u00e9fet des Bouches-du-Rh\u00f4neVU le code du patrimoine, et notamment son livre V ;VU l'arr\u00eat\u00e9 du 07/02/2022 portant d\u00e9finition des donn\u00e9es scientifiques de l'arch\u00e9ologie etde leurs conditions de bonne conservation ;VU l'arr\u00eat\u00e9 du 27 septembre 2004 portant d\u00e9finition des normes de contenu et de pr\u00e9sentationdes rapports d'op\u00e9rations arch\u00e9ologiques;VU l'arr\u00eat\u00e9 pr\u00e9fectoral en date du 22/06/2021 portant d\u00e9l\u00e9gation de signaturea MadameB\u00e9n\u00e9dicte LEFEUVRE, Directrice r\u00e9gionale des affaires culturelles de Provence-Alpes-C\u00e9ted'Azur;VU l'arr\u00e9t\u00e9 pr\u00e9fectoral en date du 9/10/2023 portant subd\u00e9l\u00e9gation de signature de la Directricer\u00e9gionale de DRAC PACA, \u00e0 Monsieur Xavier DELESTRE, Conservateur r\u00e9gional de l'arch\u00e9ologie ;VU le dossier de demande volontaire de r\u00e9alisation de diagnostic, d\u00e9pos\u00e9 au Service R\u00e9gional del'Arch\u00e9ologie (DRAC PACA) sous le n\u00b0 1024 par la Communaut\u00e9 de Communes M\u00e9diterran\u00e9ePorte des Maures, pour le terrain sis \u00e0 La Londe des Maures, cadastr\u00e9 section BD parcelles 7 et 8et section BC parcelle 147 ; re\u00e7u le 21 f\u00e9vrier 2024, Fiche 44064;CONSIDERANT que, en raison de leur nature et leur localisation les travaux envisag\u00e9s sontsusceptibles d'affecter des \u00e9l\u00e9ments du patrimoine arch\u00e9ologique: le projet se situe \u00e0proximit\u00e9 imm\u00e9diate d'une villa gallo-romaine ;CONSIDERANT qu'il est n\u00e9cessaire de mettre en \u00e9vidence et de caract\u00e9riser la nature, l'\u00e9tendueet le degr\u00e9 de conservation des vestiges arch\u00e9ologiques \u00e9ventuellement pr\u00e9sents afin ded\u00e9terminer le type de mesures dont ils doivent faire l'objet;\nPr\u00e9fecture du VAR - 83-2026-02-06-00010 - Arr\u00eat\u00e9 pr\u00e9fectoral du 6 f\u00e9vrier 2026 pour la r\u00e9alisation d'un diagnostic arch\u00e9ologique. 70\nARRETE\nArticle 1\u00b0: Un diagnostic arch\u00e9ologique sera r\u00e9alis\u00e9 sur le terrain faisant l'objet desam\u00e9nagements, ouvrage ou travaux susvis\u00e9s, sis en:r\u00e9gion : Provence-Alpes-C\u00f4te d'Azurd\u00e9partement : VARcommune: La Londe-les-Maureslieu-dit : d\u00e9versoir de la plaine du Bastidon Am\u00e9nagement 9cadastre : section BD, parcelles 7 et 8 et section BC parcelle 147Le diagnostic arch\u00e9ologique comprend, outre une phase d'exploration du terrain, une phased'\u00e9tude qui s'ach\u00e8ve par la remise du rapport sur les r\u00e9sultats obtenus.Article 2: Le diagnostic sera r\u00e9alis\u00e9 sous la ma\u00eetrise F'ouvrage de I'Inrap ou du servicearch\u00e9ologique du d\u00e9partement du Var.Il sera ex\u00e9cut\u00e9 conform\u00e9ment au projet d'op\u00e9ration \u00e9labor\u00e9 par l'Inrap ou le servicearch\u00e9ologique du d\u00e9partement du Var sur la base des prescriptions suivantes :mprise : 15 000 m?principes m\u00e9thodologiques: sondages \u00e0 la pelle m\u00e9canique (repr\u00e9sentant 7 % au moins de lasuperficie totale du terrain), nature et datation des vestiges arch\u00e9ologiques, plans, coupes,puissances des st\u00e9riles. Le terrain naturel sera atteint dans les sondages, au moinsponctuellementobjectifs: le projet est situ\u00e9 dans une zone arch\u00e9ologique sensible, dens\u00e9ment occup\u00e9edans l'Antiquit\u00e9. Le diagnostic aura pour but de d\u00e9terminer la pr\u00e9sence \u00e9ventuelle devestiges arch\u00e9ologiques dans l'emprise du projet.Article 3: Le mobilier arch\u00e9ologique provenant des op\u00e9rations d'arch\u00e9ologie pr\u00e9ventive estconfi\u00e9, sous le contr\u00f4le des services de l'Etat, \u00e0 l'op\u00e9rateur d'arch\u00e9ologie pr\u00e9ventive le tempsn\u00e9cessaire \u00e0 la r\u00e9daction du rapport d'op\u00e9ration. Ce d\u00e9lai ne peut exc\u00e9der deux ans. Il est ensuitefait application des dispositions des articles L 541 \u2014 4 et L 541-5.L'inventaire de ce mobilier, transmis avec le rapport de diagnostic, sera communiqu\u00e9 par leservice r\u00e9gional de l'arch\u00e9ologie, au propri\u00e9taire du terrain afin que, le cas \u00e9ch\u00e9ant, celui-ci puissefaire valoir ses droits. L'exercice de ces droits appartient \u00e0 la personne physique ou moralepropri\u00e9taire \u00e0 la date de d\u00e9but de l'intervention arch\u00e9ologique du terrain vis\u00e9 \u00e0 l'article 1\u00b0\".Article 4 : La directrice r\u00e9gionale des affaires culturelles est charg\u00e9e de l'ex\u00e9cution du pr\u00e9sentarr\u00eat\u00e9, qui sera notifi\u00e9 \u00e0 l'Inrap, au service arch\u00e9ologique du d\u00e9partement du Var, \u00e0 laCommunaut\u00e9 de Communes M\u00e9diterran\u00e9e Porte des Maures.Fait \u00e0 Aix-en-Provence, le\nPr\u00e9fecture du VAR - 83-2026-02-06-00010 - Arr\u00eat\u00e9 pr\u00e9fectoral du 6 f\u00e9vrier 2026 pour la r\u00e9alisation d'un diagnostic arch\u00e9ologique. 71\n+ suez |hu \u00e0se  a\nie ime Leee. i\nisbememnmernqencen\nH i; 3 . \u00ef \u00e0\n! ' sep eA 'Le ? 2: : LA \u00e0\ni : | ' \\: \u00e8 q , :. at M\nh ; :\u00e0 i. 4 ' ne:\n' 4 cp\naie \u2014\u2014\u2014 \u00e0 soj r\u00e8te = es '\n'\n'\ni\nrs\nPr\u00e9fecture du VAR - 83-2026-02-06-00010 - Arr\u00eat\u00e9 pr\u00e9fectoral du 6 f\u00e9vrier 2026 pour la r\u00e9alisation d'un diagnostic arch\u00e9ologique. 72\nPr\u00e9fecture du VAR - 83-2026-02-06-00010 - Arr\u00eat\u00e9 pr\u00e9fectoral du 6 f\u00e9vrier 2026 pour la r\u00e9alisation d'un diagnostic arch\u00e9ologique. 73","date":"2026-02-10","first_seen_on":"2026-02-10T15:44:26+00:00","id":"67fad07901794bcb48c6ea356796ba77d66b6b4cb641bae3ae9daef8eaa00e2e","name":"RAA N\u00b055 du 10 f\u00e9vrier 2026","pdf_creation_date":"2026-02-10T15:12:09+00:00","pdf_modification_date":null,"timezone":"Europe/Paris","url":"https://www.var.gouv.fr/contenu/telechargement/44897/292982/file/RAA%20N%C2%B055%20du%2010%20f%C3%A9vrier%202026%20NOMINATIF.pdf"}
