{"administration":"pref83","administration_name":"Pr\u00e9fecture du Var","content":"VAR\nRECUEIL DES ACTES\nADMINISTRATIFS SP\u00c9CIAL\n(NOMINATIFS)\nN\u00b083-2026-048\nPUBLI\u00c9 LE  6 F\u00c9VRIER 2026\nSommaire\nSecr\u00e9tariat g\u00e9n\u00e9ral commun d\u00e9partemental / Direction du SGCD\n83-2026-02-03-00010 - Arr\u00eat\u00e9 n\u00b02026/08 fixant la nouvelle composition\ndu comit\u00e9 social d'administration de la Pr\u00e9fecture et du SGCD du Var\n(2 pages) Page 3\n83-2026-02-03-00011 - Arr\u00eat\u00e9 n\u00b02026/09 fixant la nouvelle\nd\u00e9signation des membres de la formation sp\u00e9cialis\u00e9e du comit\u00e9\nsocial d'administration de la Pr\u00e9fecture et du SGCD du Var  (2 pages) Page 6\n2\nSecr\u00e9tariat g\u00e9n\u00e9ral commun d\u00e9partemental\n83-2026-02-03-00010\nArr\u00eat\u00e9 n\u00b02026/08 fixant la nouvelle composition\ndu comit\u00e9 social d'administration de la\nPr\u00e9fecture et du SGCD du Var\nSecr\u00e9tariat g\u00e9n\u00e9ral commun d\u00e9partemental - 83-2026-02-03-00010 - Arr\u00eat\u00e9 n\u00b02026/08 fixant la nouvelle composition du comit\u00e9 social\nd'administration de la Pr\u00e9fecture et du SGCD du Var 3\nPREFETDU VARLibert\u00e9Egalit\u00e9Fraternit\u00e9\nSecr\u00e9tariat g\u00e9n\u00e9ral commun d\u00e9partemental\n \nARR\u00caTE N\u00b0 2026/08\nFixant la nouvelle composition du comit\u00e9 social d'administration (CSA) de la Pr\u00e9fecture et  \ndu SGCD du Var (83)\nLe pr\u00e9fet du Var,\nVu le code g\u00e9n\u00e9ral de la fonction publique ;\nVu le  d\u00e9cret  n\u00b02020-1427  du  20  novembre  2020  relatif  aux  comit\u00e9s  sociaux  \nd'administration dans les administrations et les \u00e9tablissements publics de l'\u00c9tat ;\nVu l'arr\u00eat\u00e9 du 3 juin 2022 instituant des comit\u00e9s sociaux d'administration au sein du  \nminist\u00e8re de l'int\u00e9rieur et des outre-mer ;\nVu l'arr\u00eat\u00e9 du 6 octobre 2022 relatif aux modalit\u00e9s d'organisation du vote \u00e9lectronique  \npar internet pour l'\u00e9lection des repr\u00e9sentants du personnel au sein des instances de  \nrepr\u00e9sentation du minist\u00e8re de l'int\u00e9rieur et des outre-mer ;\nVu l'arr\u00eat\u00e9 NOR TFPX2234445A du 30 novembre 2022 modifiant l'arr\u00eat\u00e9 du 9 mars 2022  \nportant  d\u00e9rogation  \u00e0  l'utilisation  du  vote  \u00e9lectronique  en  vue  du  prochain  \nrenouvellement g\u00e9n\u00e9ral des instances de dialogue social dans la fonction publique de  \nl'\u00c9tat ;\nVu le proc\u00e8s-verbal de d\u00e9pouillement et de proclamation des r\u00e9sultats du 8 d\u00e9cembre  \n2022;\nVu l'arr\u00eat\u00e9  n\u00b02025/55  fixant  la  composition  du  comit\u00e9  social  d'administration  de \nproximit\u00e9 de pr\u00e9fecture et SGCD du Var (83) ;\nConsid\u00e9rant la perte de la qualit\u00e9 de repr\u00e9sentant suppl\u00e9ant au titre du Syndicat UATS-\nUNSA PACA au CSA de Monsieur Pascal GUILBERT au motif qu'il ne remplit plus les  \nconditions d'\u00e9ligibilit\u00e9 fix\u00e9es \u00e0 l'article R.211-19 du code de la fonction publique, suite \u00e0  \nson d\u00e9part \u00e0 la retraite en date du 1er\n janvier 2026 ;\nConsid\u00e9rant les modalit\u00e9s de remplacement fix\u00e9es \u00e0 l'article R252-26 du code g\u00e9n\u00e9ral de  \nla fonction publique\u00a0;\nSecr\u00e9tariat g\u00e9n\u00e9ral commun d\u00e9partemental - 83-2026-02-03-00010 - Arr\u00eat\u00e9 n\u00b02026/08 fixant la nouvelle composition du comit\u00e9 social\nd'administration de la Pr\u00e9fecture et du SGCD du Var 4\nConsid\u00e9rant  la d\u00e9signation du syndicat UATS-UNSA PACA de ses repr\u00e9sentants au CSA , \npar mail du 22 janvier 2026;\nSur proposition du secr\u00e9taire g\u00e9n\u00e9ral de la pr\u00e9fecture du Var ;\nARR\u00caTE\nArticle  1er\n:  L'arr\u00eat\u00e9  pr\u00e9fectoral  n\u00b02025/55  fixant  la  composition  du  comit\u00e9  social \nd'administration (CSA) de la Pr\u00e9fecture et du SGCD du Var (83) est abrog\u00e9 ;\nArticle 2: La nouvelle composition du CSA est \u00e9tablie comme suit : \nMembres titulaires Membres suppl\u00e9ants\nAu titre de FO Pr\u00e9fectures et des services du minist\u00e8re de l'int\u00e9rieur\nHOSPITAL Jean-Fran\u00e7ois RAMIREZ St\u00e9phanie\nCAIRE Laurence PELLISSIER La\u00ebtitia\nBEY Christophe PORRE Carole\nAu titre de UATS-UNSA/SAPACMI/SANEER\nVIEL-SORGUS Nicole VALLE Anne-Marie\nPASSERON Alain FLICK Christiane\nAu titre de la CFDT\nFRASCHINI Odile LAMASA Marie-Laure\nArticle 3 : Le pr\u00e9sent arr\u00eat\u00e9 sera notifi\u00e9 aux membres du CSA de la pr\u00e9fecture et du  \nSGCD du Var.\nArticle 4 : Le secr\u00e9taire g\u00e9n\u00e9ral de la pr\u00e9fecture du Var est charg\u00e9 de l'ex\u00e9cution du  \npr\u00e9sent arr\u00eat\u00e9.\nArticle 5 : En vertu des articles R 421-1 \u00e0 R 421-5 du code de justice administrative, le  \npr\u00e9sent acte peut faire l'objet d'un recours pour exc\u00e8s de pouvoir devant le tribunal  \nadministratif de Toulon \u2014 5 rue Racine - CS 40510 - 83041 Toulon Cedex 9 - dans un d\u00e9lai  \nde deux mois \u00e0 compter de sa notification. Le tribunal administratif peut \u00eatre saisi par  \nl'application  informatique  \"T\u00e9l\u00e9recours  citoyens\"  accessible  par  le  site  internet  \nwww.telerecours.fr.\n Fait \u00e0 Toulon, le 3 f\u00e9vrier 2026\n  \n                   Pour le Pr\u00e9fet et par d\u00e9l\u00e9gation\n                       Le secr\u00e9taire g\u00e9n\u00e9ral\n                  Sign\u00e9\n                        Lucien GIUDICELLI\nSecr\u00e9tariat g\u00e9n\u00e9ral commun d\u00e9partemental - 83-2026-02-03-00010 - Arr\u00eat\u00e9 n\u00b02026/08 fixant la nouvelle composition du comit\u00e9 social\nd'administration de la Pr\u00e9fecture et du SGCD du Var 5\nSecr\u00e9tariat g\u00e9n\u00e9ral commun d\u00e9partemental\n83-2026-02-03-00011\nArr\u00eat\u00e9 n\u00b02026/09 fixant la nouvelle d\u00e9signation\ndes membres de la formation sp\u00e9cialis\u00e9e du\ncomit\u00e9 social d'administration de la Pr\u00e9fecture\net du SGCD du Var \nSecr\u00e9tariat g\u00e9n\u00e9ral commun d\u00e9partemental - 83-2026-02-03-00011 - Arr\u00eat\u00e9 n\u00b02026/09 fixant la nouvelle d\u00e9signation des membres de\nla formation sp\u00e9cialis\u00e9e du comit\u00e9 social d'administration de la Pr\u00e9fecture et du SGCD du Var 6\n| |PREFETDU VARLibert\u00e9Egalit\u00e9Fraternit\u00e9\nSecr\u00e9tariat g\u00e9n\u00e9ral commun d\u00e9partemental\nARR\u00caTE N\u00b0 2026/09\nFixant la nouvelle d\u00e9signation des membres de la formation sp\u00e9cialis\u00e9e (FS) du comit\u00e9 social \nd'administration de la Pr\u00e9fecture et du SGCD du Var (83)\nLe pr\u00e9fet du Var,\nVu le code g\u00e9n\u00e9ral de la fonction publique ;\nVu le d\u00e9cret n\u00b02020-1427 du 20 novembre 2020 relatif aux comit\u00e9s sociaux d'administration dans \nles administrations et les \u00e9tablissements publics de l'\u00c9tat\u00a0;\nVu l'arr\u00eat\u00e9 du 3 juin 2022 instituant des comit\u00e9s sociaux d'administration au sein du minist\u00e8re de \nl'int\u00e9rieur et des outre-mer ;\nVu l'arr\u00eat\u00e9 du 6 octobre 2022 relatif aux modalit\u00e9s d'organisation du vote \u00e9lectronique par  \ninternet pour l'\u00e9lection des repr\u00e9sentants du personnel au sein des instances de repr\u00e9sentation  \ndu minist\u00e8re de l'int\u00e9rieur et des outre-mer ;\nVu l'arr\u00eat\u00e9 NOR TFPX2234445A du 30 novembre 2022 modifiant l'arr\u00eat\u00e9 du 9 mars 2022 portant \nd\u00e9rogation \u00e0 l'utilisation du vote \u00e9lectronique en vue du prochain renouvellement g\u00e9n\u00e9ral des  \ninstances de dialogue social dans la fonction publique de l'\u00c9tat ;\nVu le proc\u00e8s-verbal de d\u00e9pouillement et de proclamation des r\u00e9sultats du 8 d\u00e9cembre 2022;\nVu l'arr\u00eat\u00e9 pr\u00e9fectoral n\u00b02025/58 portant d\u00e9signation des membres de la formation sp\u00e9cialis\u00e9e  \ndu comit\u00e9 social d'administration pr\u00e9fecture et SGCD du Var\u00a0;\nConsid\u00e9rant la perte de la qualit\u00e9 de repr\u00e9sentant suppl\u00e9ant au titre du Syndicat UATS-UNSA  \nPACA  au  CSA  de  Monsieur  Pascal  GUILBERT  au  motif  qu'il  ne  remplit  plus  les  conditions \nd'\u00e9ligibilit\u00e9 fix\u00e9es \u00e0 l'article R.211-19 du code de la fonction publique, suite \u00e0 son d\u00e9part \u00e0 la  \nretraite en date du 1er\n janvier 2026 ;\nConsid\u00e9rant les modalit\u00e9s de remplacement fix\u00e9es \u00e0 l'article R252-26 du code g\u00e9n\u00e9ral de la  \nfonction publique\u00a0;\nSecr\u00e9tariat g\u00e9n\u00e9ral commun d\u00e9partemental - 83-2026-02-03-00011 - Arr\u00eat\u00e9 n\u00b02026/09 fixant la nouvelle d\u00e9signation des membres de\nla formation sp\u00e9cialis\u00e9e du comit\u00e9 social d'administration de la Pr\u00e9fecture et du SGCD du Var 7\nConsid\u00e9rant la d\u00e9signation du syndicat UATS-UNSA PACA de ses repr\u00e9sentants au CSA, par mail \ndu 22 janvier 2026;\nSur proposition du secr\u00e9taire g\u00e9n\u00e9ral de la pr\u00e9fecture du Var\u00a0;\nARR\u00caTE\nArticle 1er\n:  L'arr\u00eat\u00e9 pr\u00e9fectoral n\u00b02025/58 portant d\u00e9signation des membres de la formation  \nsp\u00e9cialis\u00e9e du comit\u00e9 social d'administration pr\u00e9fecture et SGCD du Var\u00a0est abrog\u00e9.\nArticle 2: La nouvelle composition de la formation sp\u00e9cialis\u00e9e est \u00e9tablie comme suit\u00a0: \nMembres titulaires Membres suppl\u00e9ants\nAu titre de FO Pr\u00e9fectures et des services du minist\u00e8re de l'int\u00e9rieur\nPELLISSIER La\u00ebtitia BEY Christophe\nCAIRE Laurence PORRE Carole\nRAMIREZ St\u00e9phanie BEZIE C\u00e9line\nAu titre de UATS-UNSA/SAPACMI/SANEER\nVIEL-SORGUS Nicole VALLE Anne-Marie\nGIORDANO Pascal FLICK Christiane\nAu titre de la CFDT\nFRASCHINI Odile MAERTEN Sabrina\nArticle 3 : Le pr\u00e9sent arr\u00eat\u00e9 sera notifi\u00e9 aux membres de la formation sp\u00e9cialis\u00e9e de la pr\u00e9fecture \net du SGCD du Var.\nArticle 4 : Le secr\u00e9taire g\u00e9n\u00e9ral de la pr\u00e9fecture du Var est charg\u00e9 de l'ex\u00e9cution du pr\u00e9sent  \narr\u00eat\u00e9.\nArticle 5 : En vertu des articles R 421-1 \u00e0 R 421-5 du code de justice administrative, le pr\u00e9sent acte \npeut faire l'objet d'un recours pour exc\u00e8s de pouvoir devant le tribunal administratif de Toulon  \n\u2014 5 rue Racine - CS 40510 - 83041 Toulon Cedex 9 - dans un d\u00e9lai de deux mois \u00e0 compter de sa \nnotification. Le tribunal administratif peut \u00eatre saisi par l'application informatique \"T\u00e9l\u00e9recours \ncitoyens\" accessible par le site internet www.telerecours.fr.\n Fait \u00e0 Toulon, le 3 f\u00e9vrier 2026\n                  Pour le Pr\u00e9fet et par d\u00e9l\u00e9gation\n                       Le secr\u00e9taire g\u00e9n\u00e9ral\n                  Sign\u00e9\n                        Lucien GIUDICELLI\nSecr\u00e9tariat g\u00e9n\u00e9ral commun d\u00e9partemental - 83-2026-02-03-00011 - Arr\u00eat\u00e9 n\u00b02026/09 fixant la nouvelle d\u00e9signation des membres de\nla formation sp\u00e9cialis\u00e9e du comit\u00e9 social d'administration de la Pr\u00e9fecture et du SGCD du Var 8","date":"2026-02-06","first_seen_on":"2026-02-06T16:17:01+00:00","id":"6847c08161e3ae046a464371ef669cd37cd31369357f8730a871662bc9a1e925","name":"RAA N\u00b048 du 6 f\u00e9vrier 2026","pdf_creation_date":"2026-02-06T15:20:45+00:00","pdf_modification_date":null,"timezone":"Europe/Paris","url":"https://www.var.gouv.fr/contenu/telechargement/44849/292726/file/RAA%20N%C2%B048%20du%206%20f%C3%A9vrier%202026%20NOMINATIF.pdf"}
