{"administration":"pref83","administration_name":"Pr\u00e9fecture du Var","content":"VAR\nRECUEIL DES ACTES\nADMINISTRATIFS\nN\u00b083-2025-052\nPUBLI\u00c9 LE 19 F\u00c9VRIER 2025\nSommaire\nPr\u00e9fecture du VAR / Direction de la coordination des politiques publiques\net de l'appui territorial\n83-2025-02-17-00008 - ARR\u00caT\u00c9 PR\u00c9FECTORAL n\u00b02025/05/MCI du 17\nf\u00e9vrier 2025 portant subd\u00e9l\u00e9gation de signature au sein de la\nDirection D\u00e9partementale de l'emploi, du travail et des solidarit\u00e9s (4\npages) Page 3\nPr\u00e9fecture du VAR / Direction des s\u00e9curit\u00e9s\n83-2025-02-12-00004 - APC Agr\u00e9ment sign\u00e9 (2 pages) Page 8\n83-2025-02-19-00001 - Arr\u00eat\u00e9 pr\u00e9fectoral 2025-BSP-OP-15\nportant\ninterdiction de rassemblements festifs \u00e0 caract\u00e8re musical et\ninterdiction de circulation de tout v\u00e9hicule transportant du mat\u00e9riel de\nsons \u00e0 destination d'un rassemblement festif \u00e0 caract\u00e8re musical\nnon autoris\u00e9 dans le d\u00e9partement du Var (3 pages) Page 11\n2\nPr\u00e9fecture du VAR\n83-2025-02-17-00008\nARR\u00caT\u00c9 PR\u00c9FECTORAL n\u00b02025/05/MCI du 17\nf\u00e9vrier 2025 portant subd\u00e9l\u00e9gation de signature\nau sein de la Direction D\u00e9partementale de\nl'emploi, du travail et des solidarit\u00e9s\nPr\u00e9fecture du VAR - 83-2025-02-17-00008 - ARR\u00caT\u00c9 PR\u00c9FECTORAL n\u00b02025/05/MCI du 17 f\u00e9vrier 2025 portant subd\u00e9l\u00e9gation de\nsignature au sein de la Direction D\u00e9partementale de l'emploi, du travail et des solidarit\u00e9s 3\n=mPREFETDU VARLibert\u00e9Egalit\u00e9Fraternit\u00e9\nDirection d\u00e9partementale de l'emploi, \ndu travail et des solidarit\u00e9s\nDirection\nARR\u00caT\u00c9 PR\u00c9FECTORAL n\u00b02025/05/MCI du 17 f\u00e9vrier 2025\nportant subd\u00e9l\u00e9gation de signature au sein de la Direction D\u00e9partementale \nde l'emploi, du travail et des solidarit\u00e9s\nLe Pr\u00e9fet du Var,\nOfficier de la L\u00e9gion d'Honneur,\nVu la loi n\u00b0 82-213 du 2 mars modifi\u00e9e, relative aux droits et libert\u00e9s des communes, des d\u00e9partements  \net des r\u00e9gions, \nVu la loi n\u00b0 83-8 du 7 janvier 1983 compl\u00e9t\u00e9e par la loi n\u00b0 3-663 du 22 juillet 1983 modifi\u00e9e par la loi n\u00b0  \n86-17  du  6  janvier  1986  relative  \u00e0  la  r\u00e9partition  des  comp\u00e9tences  entre  les  communes,  les  \nd\u00e9partements, les r\u00e9gions et l'\u00c9tat,\nVu la loi n\u00b0 83-634 du 13 juillet 1983 modifi\u00e9e portant droits et obligations des fonctionnaires, ensemble \nla  loi  n\u00b0  84-16  du  11  janvier  1984  modifi\u00e9e  portant  dispositions  statutaires  relatives  \u00e0  la  fonction \npublique de l'\u00c9tat,\nVu la loi d'orientation n\u00b0 92-125 du 6 f\u00e9vrier 1992 relative \u00e0 l'administration territoriale de la R\u00e9publique,\nVu la loi \u00b095-115 du 4 f\u00e9vrier 1995 modifi\u00e9e d'orientation pour l'am\u00e9nagement et le d\u00e9veloppement du  \nterritoire, notamment son article 25,\nVu le d\u00e9cret n\u00b0 92-604 du 1 er juillet 1992 portant charte de la d\u00e9concentration, modifi\u00e9 par le d\u00e9cret  \nn\u00b097-463 du 09 mai 1997 ,\nVu le d\u00e9cret n\u00b0 2004-374 du 29 avril 2004 modifi\u00e9 relatif aux pouvoirs des pr\u00e9fets, \u00e0 l'organisation et \u00e0  \nl'action des services de l'\u00c9tat dans les r\u00e9gions et les d\u00e9partements,\nVu le  d\u00e9cret  n\u00b0  2009-360  du  31  mars  2009  relatif  aux  emplois  de  direction  de  l'administration \nterritoriale de l'\u00c9tat,\nVu le  d\u00e9cret  n\u00b0  2009-360  du  3  d\u00e9cembre  2009  modifi\u00e9  relatif  aux  directions  d\u00e9partementales \nminist\u00e9rielles,\nVu le d\u00e9cret n\u00b0 2020-1545 du 9 d\u00e9cembre 2020 relatif \u00e0 l'organisation et aux missions des Directions  \nR\u00e9gionales de l'\u00c9conomie, de l'Emploi, du Travail et des Solidarit\u00e9s, des Directions D\u00e9partementales de  \nl'Emploi, du Travail et des Solidarit\u00e9s, \nVu le d\u00e9cret du Pr\u00e9sident de la R\u00e9publique du 13 juillet 2023 portant nomination de Monsieur Philippe  \nMAHE, Pr\u00e9fet du Var,\n1/4\nPr\u00e9fecture du VAR - 83-2025-02-17-00008 - ARR\u00caT\u00c9 PR\u00c9FECTORAL n\u00b02025/05/MCI du 17 f\u00e9vrier 2025 portant subd\u00e9l\u00e9gation de\nsignature au sein de la Direction D\u00e9partementale de l'emploi, du travail et des solidarit\u00e9s 4\nVu l'arr\u00eat\u00e9 pr\u00e9fectoral en date du 25 mars 2021 portant organisation de la direction d\u00e9partementale de \nl'emploi, du travail et des solidarit\u00e9s du Var,\nVu l'arr\u00eat\u00e9 pr\u00e9fectoral n\u00b02025/02/MCI du 3 f\u00e9vrier 2025 portant d\u00e9l\u00e9gation de signature \u00e0 Madame  \nSandrine POLYCHRONOPOULOS, directrice d\u00e9partementale de l'emploi, du travail et des solidarit\u00e9s du \nVar, \nVu les d\u00e9cisions nommant les chefs des services de la direction d\u00e9partementale de l'emploi, du travail  \net des solidarit\u00e9s, \nARR\u00caTE :\nArticle 1  er   :   \nEn  cas  d'absence  ou  d'emp\u00eachement  de  Madame  Sandrine  POLYCHRONOPOULOS,  directrice \nd\u00e9partementale de l'emploi, du travail et des solidarit\u00e9s, et de Mesdames Nelcie FERRERE et  Pascale \nROBERDEAU-BEAUGE, directrices d\u00e9partementales adjointes de l'emploi, du travail et des solidarit\u00e9s du \nVar, d\u00e9l\u00e9gation  de  signature  est  donn\u00e9e  \u00e0  Madame  Corinne  CESARI ,  attach\u00e9e  principale  \nd'administration, adjointe \u00e0 la cheffe du service \u00abAcc\u00e8s \u00e0 l'emploi\u00bb de la direction de l'emploi du travail \net des solidarit\u00e9s \u00e0 l'effet de signer les actes relevant des attributions de son service.\nD\u00e9l\u00e9gation est \u00e9galement donn\u00e9e, en cas d'absence ou d'emp\u00eachement de Madame Corinne CESARI,  \nattach\u00e9e principale d'administration, adjointe \u00e0 la cheffe du service \u00abAcc\u00e8s \u00e0 l'emploi\u00bb \u00e0 :\n\u2022 Madame Fatiha PERROT, attach\u00e9e d'administration, responsable du d\u00e9partement \u00abmesures en \nfaveur des publics \u00e9loign\u00e9s de l'emploi\u00bb  pour tous les actes relevant des attributions de son  \nd\u00e9partement.\n\u2022 Madame  Sylvie GERMI ,  attach\u00e9e d'administration, responsable du d\u00e9partement \u00ab\u00c9galit\u00e9  des \nchances\u00bb pour tous les actes relevant des attributions de son d\u00e9partement\nArticle 2 : \nEn  cas  d'absence  ou  d'emp\u00eachement  de  Madame  Sandrine  POLYCHRONOPOULOS,  directrice  \nd\u00e9partementale de l'emploi, du travail et des solidarit\u00e9s, et de Mesdames Nelcie FERRERE et Pascale  \nROBERDEAU-BEAUGE, directrices d\u00e9partementales adjointes de l'emploi, du travail et des solidarit\u00e9s du \nVar, d\u00e9l\u00e9gation de signature est donn\u00e9e \u00e0 Madame Amandine MARTIN, inspectrice hors classe de  \nl'action sanitaire et sociale, cheffe du service \u00abAcc\u00e8s au logement\u00bb de la direction d\u00e9partementale de  \nl'emploi du travail et des solidarit\u00e9s \u00e0 l'effet de signer les actes relevant des attributions de son service.\nEn cas d'absence ou d'emp\u00eachement de Madame Amandine MARTIN, cheffe du service \u00ab  Acc\u00e8s au \nlogement\u00bb, la d\u00e9l\u00e9gation qui lui est consentie est exerc\u00e9e par Madame Ang\u00e9lique FRITZ, attach\u00e9e  \nprincipale d'administration, adjointe \u00e0 la cheffe du service \u00abAcc\u00e8s au logement\u00bb.\nD\u00e9l\u00e9gation est \u00e9galement donn\u00e9e, en cas d'absence ou d'emp\u00eachement de Madame Ang\u00e9lique FRITZ,  \nattach\u00e9e d'administration, adjointe \u00e0 la cheffe du service \u00abAcc\u00e8s au  logement\u00bb \u00e0 :\n\u2022 Madame  Florence  REYGROBELLET,  attach\u00e9e  principale  d'administration,  responsable  du  \nd\u00e9partement \u00abpr\u00e9vention des expulsions locatives et contentieux\u00bb  pour tous les actes relevant  \ndes attributions de son d\u00e9partement.\n\u2022 Madame  Ariane  ROUQUETTE,  attach\u00e9e  d'administration,  responsable  du  d\u00e9partement  \n\u00ab Insertion par le logement \u00bb pour tous les actes relevant des attributions de son d\u00e9partement.\n2/4\nPr\u00e9fecture du VAR - 83-2025-02-17-00008 - ARR\u00caT\u00c9 PR\u00c9FECTORAL n\u00b02025/05/MCI du 17 f\u00e9vrier 2025 portant subd\u00e9l\u00e9gation de\nsignature au sein de la Direction D\u00e9partementale de l'emploi, du travail et des solidarit\u00e9s 5\n\u2022 Madame  Justine  MASSIP ,  attach\u00e9e  d'administration,  responsable  du  d\u00e9partement  \n\u00ab Accompagnement vers le logement  \u00bb pour tous les actes relevant des attributions de son  \nd\u00e9partement. \nArticle 3 : \nEn  cas  d'absence  ou  d'emp\u00eachement  de  Madame  Sandrine  POLYCHRONOPOULOS,  directrice  \nd\u00e9partementale de l'emploi, du travail et des solidarit\u00e9s, et de Mesdames Nelcie FERRERE et Pascale  \nROBERDEAU-BEAUGE, directrices d\u00e9partementales adjointes de l'emploi, du travail et des solidarit\u00e9s du \nVar, d\u00e9l\u00e9gation  de  signature  est  donn\u00e9e  \u00e0  Madame  Emma  IACIANCIO,  inspectrice  hors  classe  de \nl'action sanitaire et sociale, cheffe du service \u00abAcc\u00e8s \u00e0 l'autonomie des populations vuln\u00e9rables\u00bb de la  \ndirection d\u00e9partementale de l'emploi, du travail et de la coh\u00e9sion sociale, \u00e0 l'effet de signer les actes  \nrelevant des attributions de son service dont celle de tuteur des pupilles de l'Etat.\nEn  cas  d'absence  ou d'emp\u00eachement  de  Madame  Emma  IACIANCIO,  cheffe  du  service  \u00ab Acc\u00e8s  \u00e0 \nl'autonomie des populations vuln\u00e9rables\u00bb, la d\u00e9l\u00e9gation qui lui est consentie est exerc\u00e9e par Madame  \nVal\u00e9rie LETOURNIANT, attach\u00e9e principale d'administration, adjointe \u00e0 la cheffe du service \u00abAcc\u00e8s \u00e0  \nl'autonomie des populations vuln\u00e9rables\u00bb.\nEn  cas  d'absence  ou d'emp\u00eachement  de  Madame  Emma  IACIANCIO,  cheffe  du  service  \u00ab Acc\u00e8s  \u00e0 \nl'autonomie des populations vuln\u00e9rables\u00bb, la d\u00e9l\u00e9gation qui lui est consentie est exerc\u00e9e par Madame  \nMarie-Laure ALVAREZ, charg\u00e9e de mission int\u00e9gration.\nEn  cas  d'absence  ou d'emp\u00eachement  de  Madame  Emma  IACIANCIO,  cheffe  du  service  \u00ab Acc\u00e8s  \u00e0 \nl'autonomie des populations vuln\u00e9rables\u00bb, la d\u00e9l\u00e9gation qui lui est consentie est exerc\u00e9e par madame  \nLine PEYSSELIER, Secr\u00e9taire administrative de classe sup\u00e9rieure sur les actes relatifs \u00e0 la tutelle des  \npupilles de l'\u00c9tat.\nArticle 4 : \nEn  cas  d'absence  ou  d'emp\u00eachement  de  Madame  Sandrine  POLYCHRONOPOULOS,  directrice  \nd\u00e9partementale de l'emploi, du travail et des solidarit\u00e9s, et de Mesdames Nelcie FERRERE et Pascale  \nROBERDEAU-BEAUGE, directrices d\u00e9partementales adjointes de l'emploi, du travail et des solidarit\u00e9s du \nVar, d\u00e9l\u00e9gation de signature est donn\u00e9e \u00e0 Monsieur Emmanuel JOLY directeur du travail, chef du service \n\u00abAppui et relations du travail\u00bb de la direction d\u00e9partementale de l'emploi, du travail et des solidarit\u00e9s \u00e0 \nl'effet de signer les actes relevant des attributions de son service.\nArticle 5 : \nEn  cas  d'absence  ou  d'emp\u00eachement  de  Madame  Sandrine  POLYCHRONOPOULOS,  directrice  \nd\u00e9partementale de l'emploi, du travail et des solidarit\u00e9s, et de Mesdames Nelcie FERRERE et Pascale  \nROBERDEAU-BEAUGE, directrices d\u00e9partementales adjointes de l'emploi, du travail et des solidarit\u00e9s du \nVar, d\u00e9l\u00e9gation  de  signature  est  donn\u00e9e  \u00e0  Madame  S\u00e9verine  LARDERET,  attach\u00e9e  principale \nd'administration  cheffe du  service  \u00abAccompagnement  des  entreprises  et  d\u00e9veloppement  des  \nterritoires\u00bb de la direction d\u00e9partementale de l'emploi, du travail et des solidarit\u00e9s \u00e0 l'effet de signer les \nactes relevant des attributions de son service.\nEn  cas  d'absence  ou  d'emp\u00eachement  de  Madame  S\u00e9verine  LARDERET,  attach\u00e9e  principale  \nd'administration,  cheffe  du  service  \u00ab Accompagnement  des  entreprises  et  d\u00e9veloppement  des \nterritoires\u00bb, la d\u00e9l\u00e9gation qui lui est consentie est exerc\u00e9e par Madame Coralie PHILIP-MONGE attach\u00e9e \nd'administration, adjointe \u00e0 la cheffe du service \u00ab Accompagnement des entreprises et d\u00e9veloppement \ndes territoires\u00bb.\n3/4\nPr\u00e9fecture du VAR - 83-2025-02-17-00008 - ARR\u00caT\u00c9 PR\u00c9FECTORAL n\u00b02025/05/MCI du 17 f\u00e9vrier 2025 portant subd\u00e9l\u00e9gation de\nsignature au sein de la Direction D\u00e9partementale de l'emploi, du travail et des solidarit\u00e9s 6\nD\u00e9l\u00e9gation est \u00e9galement donn\u00e9e, en cas d'absence ou d'emp\u00eachement de Madame Coralie PHILIP-\nMONGE attach\u00e9e d'administration, adjointe \u00e0 la cheffe du service \u00abAccompagnement des entreprises  \net d\u00e9veloppement des territoires\u00bb \u00e0 :\n\u2022 Madame  Catherine  ROUSSAT, inspectrice  du travail,  charg\u00e9e  de  mission,  pour  tous  les  actes \nrelatifs \u00e0 l'activit\u00e9 partielle.\nArticle 6 : \nEn  cas  d'absence  ou  d'emp\u00eachement  de  Madame  Sandrine  POLYCHRONOPOULOS,  directrice  \nd\u00e9partementale de l'emploi, du travail et des solidarit\u00e9s, et de Mesdames Nelcie FERRERE et Pascale  \nROBERDEAU-BEAUGE, directrices d\u00e9partementales adjointes de l'emploi, du travail et des solidarit\u00e9s du \nVar, d\u00e9l\u00e9gation  de  signature  est  donn\u00e9e  \u00e0  Madame  St\u00e9phanie  DESEEZ,  inspectrice  hors  classe  de \nl'action  sanitaire  et  sociale,  cheffe  de  la  mission  \u00abappui  aux  politiques  publiques\u00bb  de  la  direction \nd\u00e9partementale  de  l'emploi,  du  travail  et  des  solidarit\u00e9s  \u00e0  l'effet  de  signer  les  actes  relevant  des \nattributions de cette mission.\nArticle 7 : \nEn  cas  d'absence  ou  d'emp\u00eachement  de  Madame  Sandrine  POLYCHRONOPOULOS,  directrice  \nd\u00e9partementale de l'emploi, du travail et des solidarit\u00e9s, et de Mesdames Nelcie FERRERE et Pascale  \nROBERDEAU-BEAUGE, directrices d\u00e9partementales adjointes de l'emploi, du travail et des solidarit\u00e9s du \nVar, d\u00e9l\u00e9gation  de  signature  est  donn\u00e9e  \u00e0  Madame  Dominique  RIBERO,  attach\u00e9e  hors  classe \nd'administration, responsable du conseil m\u00e9dical d\u00e9partemental , \u00e0 l'effet de signer les actes relevant  \ndes attributions de son service.\nArticle 8 : \nL'arr\u00eat\u00e9 pr\u00e9fectoral n\u00b02024/49/MCI du 21 octobre 2024 portant subd\u00e9l\u00e9gation de signature au sein de la \ndirection d\u00e9partementale de l'emploi, du travail et des solidarit\u00e9s du Var est abrog\u00e9 \u00e0 compter du 17  \nf\u00e9vrier 2025.\nArticle 9 : \nLa directrice d\u00e9partementale de l'emploi, du travail et des solidarit\u00e9s est charg\u00e9e de l'ex\u00e9cution du  \npr\u00e9sent arr\u00eat\u00e9 qui sera publi\u00e9 au recueil des actes administratifs de la pr\u00e9fecture.\n \nFait \u00e0 Toulon, le 17 f\u00e9vrier 2025\nLe Pr\u00e9fet du Var,\n Sign\u00e9\nPhilippe MAH\u00c9\n4/4\nPr\u00e9fecture du VAR - 83-2025-02-17-00008 - ARR\u00caT\u00c9 PR\u00c9FECTORAL n\u00b02025/05/MCI du 17 f\u00e9vrier 2025 portant subd\u00e9l\u00e9gation de\nsignature au sein de la Direction D\u00e9partementale de l'emploi, du travail et des solidarit\u00e9s 7\nPr\u00e9fecture du VAR\n83-2025-02-12-00004\nAPC Agr\u00e9ment sign\u00e9\nPr\u00e9fecture du VAR - 83-2025-02-12-00004 - APC Agr\u00e9ment sign\u00e9 8\n=mPREFETDU VARLibert\u00e9Egalit\u00e9Fraternit\u00e9\nDirection des s\u00e9curit\u00e9s\nService de l'\u00e9ducation et\n de la s\u00e9curit\u00e9 routi\u00e8res\nP\u00f4le \u00e9ducation routi\u00e8re\nARR\u00caT\u00c9 PR\u00c9FECTORAL n\u00b0 2025- 1 -4\nportant cr\u00e9ation d'agr\u00e9ment d'un \u00e9tablissement d'enseignement de la conduite\ndes v\u00e9hicules \u00e0 moteur et de la s\u00e9curit\u00e9 routi\u00e8re\nLe pr\u00e9fet du Var,\nOfficier de la L\u00e9gion d'honneur\nVu le Code de la Route et notamment ses articles L 213-1 \u00e0 L 213-8 et R 213-1 \u00e0 R 213-6 ;\nVu l'arr\u00eat\u00e9 du 8 janvier 2001 relatif \u00e0 l'exploitation des \u00e9tablissements d'enseignement, \u00e0  \ntitre on\u00e9reux, de la conduite des v\u00e9hicules \u00e0 moteur et de la s\u00e9curit\u00e9 routi\u00e8re ;\nVu l'arr\u00eat\u00e9 du 8 janvier 2001 cr\u00e9ant un registre national de l'enseignement de la conduite  \ndes v\u00e9hicules \u00e0 moteur et de la s\u00e9curit\u00e9 routi\u00e8re ;\nVu l'arr\u00eat\u00e9 pr\u00e9fectoral n\u00b0 2024/41/MCI du 29 octobre 2024 portant d\u00e9l\u00e9gation de signature \n\u00e0 Madame Jos\u00e9phine GUIGLIANO-BOUTONNET, directrice de cabinet du pr\u00e9fet du Var ;\nConsid\u00e9rant la demande r\u00e9ceptionn\u00e9e le 10 janvier 2025 de Monsieur Ziad BELHASSINE  \npar laquelle il sollicite la d\u00e9livrance d'un agr\u00e9ment en vue d'exploiter, \u00e0 titre on\u00e9reux, un  \n\u00e9tablissement d'enseignement, de la conduite des v\u00e9hicules \u00e0 moteur et de la s\u00e9curit\u00e9  \nrouti\u00e8re  d\u00e9nomm\u00e9  \u00ab MOTOS  SPORT  83  ECOLE  DE  CONDUITE  LE  REVEST  \u00bb  situ\u00e9  674 \nAvenue des Meuniers 83200 LE REVEST ;\nConsid\u00e9rant que le dossier remplit toutes les conditions r\u00e9glementaires ;\nSur proposition de Madame la directrice de cabinet du pr\u00e9fet du Var ;\nARR  \u00ca  TE  \nARTICLE 1er     :\nMonsieur  Ziad  BELHASSINE  est  autoris\u00e9  \u00e0  exploiter,  \u00e0  titre  on\u00e9reux,  l'\u00e9tablissement  \nd'enseignement de la conduite des v\u00e9hicules \u00e0 moteur et de la s\u00e9curit\u00e9 routi\u00e8re, d\u00e9nomm\u00e9 \n\u00ab MOTOS SPORT 83 ECOLE DE CONDUITE LE REVEST  \u00bb situ\u00e9 674 Avenue des Meuniers  \n83200 LE REVEST sous le num\u00e9ro d'agr\u00e9ment E 25 083 0002 0.\n\u2026/...\n1/2\nPr\u00e9fecture du VAR - 83-2025-02-12-00004 - APC Agr\u00e9ment sign\u00e9 9\n.../\u2026\nARTICLE 2 :\nCet agr\u00e9ment est d\u00e9livr\u00e9 pour une dur\u00e9e de cinq ans \u00e0 compter de la date du pr\u00e9sent arr\u00eat\u00e9.  \nSur demande de l'exploitant pr\u00e9sent\u00e9e au moins deux mois avant la date d'expiration de la  \nvalidit\u00e9  de  son  agr\u00e9ment,  celui-ci  sera  renouvel\u00e9  si  l'\u00e9tablissement  remplit  les  conditions  \nrequises.\nARTICLE 3 :\nL'\u00e9tablissement est habilit\u00e9, au vu des moyens p\u00e9dagogiques justifi\u00e9s \u00e0 dispenser les formations \npour les cat\u00e9gories de permis de conduire suivantes  :\n- B/B1/AAC.\n- AM Quadri-l\u00e9ger ; AM Cyclo.\n- A1/A2/A\nARTICLE 4 :\nLe pr\u00e9sent agr\u00e9ment n'est valable que pour l'exploitation d'un \u00e9tablissement, \u00e0 titre personnel  \npar son titulaire, sous r\u00e9serve de l'application des dispositions de l'arr\u00eat\u00e9 du 8 janvier 2001  \nsusvis\u00e9.\nARTICLE 5 :\nPour tout changement d'adresse du local d'activit\u00e9 ou toute reprise de ce local par un autre  \nexploitant, une nouvelle demande d'agr\u00e9ment d'exploitation devra \u00eatre pr\u00e9sent\u00e9e au moins  \ndeux mois avant la date du changement ou de la reprise.\nARTICLE 6 :\nPour  toute  transformation  du  local  d'activit\u00e9,  tout  abandon  ou  toute  extension  d'une  \nformation, l'exploitant(e) est tenu d'adresser une demande de modification du pr\u00e9sent arr\u00eat\u00e9.\nARTICLE 7     :\nL'agr\u00e9ment peut \u00eatre \u00e0 tout moment suspendu ou retir\u00e9 selon les conditions fix\u00e9es par les  \narticles 12 \u00e0 14 de l'arr\u00eat\u00e9 du 8 janvier 2001 susvis\u00e9.\nARTICLE 8 :\nMadame la directrice de cabinet du pr\u00e9fet du Var est charg\u00e9e de l'ex\u00e9cution du pr\u00e9sent arr\u00eat\u00e9  \nqui sera publi\u00e9 au recueil des actes administratifs de la Pr\u00e9fecture du Var.\nFait \u00e0 Toulon, le 12 f\u00e9vrier 2025\nPour le pr\u00e9fet et par d\u00e9l\u00e9gation,\nPour le d\u00e9l\u00e9gu\u00e9 \u00e0 l'\u00e9ducation routi\u00e8re\net par d\u00e9l\u00e9gation,\nl'adjoint au d\u00e9l\u00e9gu\u00e9\nsign\u00e9\nRoland ESQUIVA\nConform\u00e9ment aux dispositions de l'article R. 421-1 et suivants du code de justice administrative, le pr\u00e9sent arr\u00eat\u00e9 peut faire l'objet dans un d\u00e9lai de deux mois \u00e0  \ncompter de sa parution :\n\u2013  d'un recours administratif (recours gracieux aupr\u00e8s du pr\u00e9fet du Var ou recours hi\u00e9rarchique aupr\u00e8s du ministre de l'int\u00e9rieur)\n\u2013 d'un recours contentieux devant le tribunal administratif de Toulon. Le tribunal administratif peut \u00eatre saisi par l'application informatique \u00ab  T\u00e9l\u00e9recours citoyens \u00bb \naccessible par le site Internet www.telerecours.fr\n2/2\nPr\u00e9fecture du VAR - 83-2025-02-12-00004 - APC Agr\u00e9ment sign\u00e9 10\nPr\u00e9fecture du VAR\n83-2025-02-19-00001\nArr\u00eat\u00e9 pr\u00e9fectoral 2025-BSP-OP-15\nportant interdiction de rassemblements festifs \u00e0\ncaract\u00e8re musical et interdiction de circulation\nde tout v\u00e9hicule transportant du mat\u00e9riel de\nsons \u00e0 destination d'un rassemblement festif \u00e0\ncaract\u00e8re musical non autoris\u00e9 dans le\nd\u00e9partement du Var\nPr\u00e9fecture du VAR - 83-2025-02-19-00001 - Arr\u00eat\u00e9 pr\u00e9fectoral 2025-BSP-OP-15\nportant interdiction de rassemblements festifs \u00e0 caract\u00e8re musical et interdiction de circulation de tout v\u00e9hicule transportant du\nmat\u00e9riel de sons \u00e0 destination d'un rassemblement festif \u00e0 caract\u00e8re musical non autoris\u00e9 dans le d\u00e9partement du Var\n11\n1/3\nPr\u00e9fecture du VAR - 83-2025-02-19-00001 - Arr\u00eat\u00e9 pr\u00e9fectoral 2025-BSP-OP-15\nportant interdiction de rassemblements festifs \u00e0 caract\u00e8re musical et interdiction de circulation de tout v\u00e9hicule transportant du\nmat\u00e9riel de sons \u00e0 destination d'un rassemblement festif \u00e0 caract\u00e8re musical non autoris\u00e9 dans le d\u00e9partement du Var\n12\nConsid\u00e9rant qu'en application des dispositions de l'article L. 211-5 du Code de la s\u00e9curit\u00e9int\u00e9rieure, Un rassemblement festif \u00e0 caract\u00e8re musical est soumis a l'obligation ded\u00e9claration pr\u00e9alable aupr\u00e8s du pr\u00e9fet du d\u00e9partement ;Consid\u00e9rant qu'aucune d\u00e9claration pr\u00e9alable n'a \u00e9t\u00e9 d\u00e9pos\u00e9e aupr\u00e8s du pr\u00e9fet du Varpour toute la dur\u00e9e du mois de d\u00e9cembre, pr\u00e9cisant notamment les mesures envisag\u00e9espar l'organisateur de l'\u00e9v\u00e8nement \u00e9voqu\u00e9 au premier consid\u00e9rant pour garantir la s\u00e9curit\u00e9,la salubrit\u00e9, l'hygi\u00e8ne et la tranquillit\u00e9 publiques, alors m\u00eame que ce dernier en al'obligation au plus tard un mois avant la date pr\u00e9vue de la manifestation ;Consid\u00e9rant que le m\u00eame type de rassemblement musical ill\u00e9gal a eu lieu durant la nuit dela Saint-Sylvestre 2023 dans les massifs forestiers de la commune du Thoronet et qu'uneconsommation excessive d'alcool et de produits stup\u00e9fiants a conduit au coma \u00e9thyliqued'une participante et \u00e0 des situations de d\u00e9tresse pour d'autres individus participant \u00e0l'\u00e9v\u00e8nement; que les services de gendarmerie ainsi que les secours ont rencontr\u00e9beaucoup de difficult\u00e9s pour acc\u00e9der au lieu de ce rassemblement musical ill\u00e9gal les 30 et31 d\u00e9cembre 2023 afin de porter assistance aux participants ; que l'organisateur de cerassemblement ill\u00e9gal est \u00e0 l'origine de 13 \u00ab Rave party \u00bb ill\u00e9gales, non d\u00e9clar\u00e9es dans le Varau cours de l'ann\u00e9e 2023; qu'il est d\u00e9sormais indispensable de faire cesser les troublesgraves \u00e0 l'ordre public li\u00e9s \u00e0 l'organisation de tels \u00e9v\u00e8nements ;Consid\u00e9rant qu'une trentaine de rassemblements musicaux ill\u00e9gaux ont \u00e9t\u00e9 organis\u00e9s dansle Var en 2023 , et plus d'une vingtaine durant l'ann\u00e9e 2024 dont cinq durant les deuxderniers mois de l'ann\u00e9e ; que chacun de ces rassemblements entra\u00eene la verbalisation denombreux participants ;Consid\u00e9rant que persistent des tensions au plan international en particulier dans le cadredu conflit isra\u00e9lo-palestinien ; que le niveau tr\u00e8s \u00e9lev\u00e9 de la menace terroriste continue depeser sur la France ; que le plan Vigipirate est maintenu depuis le 15 janvier 2025 au niveau\u00ab s\u00e9curit\u00e9 renforc\u00e9e \u2014 urgence attentat \u00bb ; que par cons\u00e9quent, les forces de s\u00e9curit\u00e9 sontfortement mobilis\u00e9es ;Consid\u00e9rant que le Var est un d\u00e9partement tr\u00e8s touristique qui attire de nombreuxparticipants; que cette situation entra\u00eene une mobilisation exceptionnelle des forces des\u00e9curit\u00e9 int\u00e9rieure pr\u00e9sentes pour assurer la s\u00e9curit\u00e9 des personnes et des biens dansl'ensemble du d\u00e9partement ;Consid\u00e9rant que de mani\u00e8re g\u00e9n\u00e9rale, le risque incendie est d\u00e9multipli\u00e9 dans les massifso\u00f9 sont organis\u00e9es des \u00abRave party\u00bb qui rassemblent syst\u00e9matiquement plusieurscentaines de personnes ; que cette situation oblige \u00e0 interdire ce type de rassemblementsdans l'ensemble du d\u00e9partement du Var qui comptabilise plusieurs milliers d'hectares demassifs forestiers ;Consid\u00e9rant que ces rassemblements sont \u00e9galement \u00e0 l'origine d'atteintes \u00e0 la tranquillit\u00e9et \u00e0 la salubrit\u00e9 publiques d\u00e8s lors que le voisinage est victime de la diffusion de musiqueamplifi\u00e9e \u00e0 haut volume et qu'une quantit\u00e9 importante de d\u00e9chets sontsyst\u00e9matiquement laiss\u00e9s au sol \u00e0 l'issue ;Consid\u00e9rant que l'ensemble de ces troubles sont de nature \u00e0 perturber gravement las\u00e9curit\u00e9, la tranquillit\u00e9 et la sant\u00e9 publiques ;\n2/3\nPr\u00e9fecture du VAR - 83-2025-02-19-00001 - Arr\u00eat\u00e9 pr\u00e9fectoral 2025-BSP-OP-15\nportant interdiction de rassemblements festifs \u00e0 caract\u00e8re musical et interdiction de circulation de tout v\u00e9hicule transportant du\nmat\u00e9riel de sons \u00e0 destination d'un rassemblement festif \u00e0 caract\u00e8re musical non autoris\u00e9 dans le d\u00e9partement du Var\n13\nConsid\u00e9rant l'urgence \u00e0 pr\u00e9venir les risques d'atteinte grave \u00e0 l'ordre public et les pouvoirsde police administrative g\u00e9n\u00e9rale que le pr\u00e9fet tient des dispositions de l'article L.2215-1du Code g\u00e9n\u00e9ral des collectivit\u00e9s territoriales ;Sur proposition de la sous-pr\u00e9f\u00e8te, directrice de cabinet du pr\u00e9fet du Var;ARR\u00caTE :Article 1 : La tenue des rassemblements festifs \u00e0 caract\u00e8re musical r\u00e9pondant \u00e0 l'ensembledes caract\u00e9ristiques \u00e9nonc\u00e9es \u00e0 l'article R. 211-2 du Code de la s\u00e9curit\u00e9 int\u00e9rieure estinterdite sur l'ensemble du territoire du d\u00e9partement du Var du jeudi 20 f\u00e9vrier 2025 \u00e019h00 jusqu'au lundi 24 f\u00e9vrier 2025 \u00e0 09h00.Article 2 : Le transport du mat\u00e9riel de sonorisation ou d'amplification de type \u00ab soundsystem \u00bb susceptible d'\u00eatre utilis\u00e9 pour les rassemblements mentionn\u00e9s \u00e0 l'article 1\u00b0 dupr\u00e9sent arr\u00eat\u00e9 est interdit sur l'ensemble des r\u00e9seaux routiers (r\u00e9seaux national etsecondaire) varois ainsi que dans les massifs forestiers du d\u00e9partement du Var du jeudi 20f\u00e9vrier 2025 \u00e0 19h00 jusqu'au lundi 24 f\u00e9vrier 2025 \u00e0 09h00.Article 3 : Toute infraction au pr\u00e9sent arr\u00eat\u00e9 est passible des sanctions pr\u00e9vues par l'articleR.211-27 du Code de la s\u00e9curit\u00e9 int\u00e9rieure et peut donner lieur \u00e0 la saisie du mat\u00e9riel envue de sa confiscation par le tribunal.Article 4: Le pr\u00e9sent arr\u00eat\u00e9 sera publi\u00e9 au recueil des actes administratifs de la pr\u00e9fecturedu Var. Il peut faire l'objet, dans un d\u00e9lai de deux mois \u00e0 compter de sa publication :\u2014 d'un recours administratif (recours gracieux aupr\u00e8s du Pr\u00e9fet du Var ou d'un recourshi\u00e9rarchique aupr\u00e8s du Minist\u00e8re de l'Int\u00e9rieur)\u2014 d'un recours contentieux devant le Tribunal Administratif de Toulon 5 rue Racine - CS40510 - 83 041 TOULON cedex 9Le Tribunal Administratif peut \u00eatre saisi par l'application informatique \u00ab T\u00e9l\u00e9secourscitoyens \u00bb accessible par le site internet www.telerecours.frArticle 5: La sous-pr\u00e9f\u00e8te, directrice de cabinet, le colonel, commandant le groupementde gendarmerie d\u00e9partementale du Var, le directeur interd\u00e9partemental de la policenational, et les maires des communes du d\u00e9partement, sont charg\u00e9s, chacun en ce qui leconcerne, de l'ex\u00e9cution du pr\u00e9sent arr\u00eat\u00e9 qui sera transmis pour information auxprocureurs de la R\u00e9publique pr\u00e8s les tribunaux de judiciaires de Toulon et de Draguignan.\nFait \u00e0 Toulon, le 19 f\u00e9vrier 2025\nPour le Pr\u00e9fetet par d\u00e9l\u00e9gationla cheffe de cabinetSign\u00e9Audrey BORGO\n3/3\nPr\u00e9fecture du VAR - 83-2025-02-19-00001 - Arr\u00eat\u00e9 pr\u00e9fectoral 2025-BSP-OP-15\nportant interdiction de rassemblements festifs \u00e0 caract\u00e8re musical et interdiction de circulation de tout v\u00e9hicule transportant du\nmat\u00e9riel de sons \u00e0 destination d'un rassemblement festif \u00e0 caract\u00e8re musical non autoris\u00e9 dans le d\u00e9partement du Var\n14","date":"2025-02-19","first_seen_on":"2025-02-19T16:24:41+00:00","id":"6886492d416af786423e2c7f2328d3196fe19954214edfef6e009e763929edb9","name":"RAA N\u00b052 du 19 f\u00e9vrier 2025","pdf_creation_date":"2025-02-19T16:00:06+00:00","pdf_modification_date":null,"timezone":"CET","url":"https://www.var.gouv.fr/contenu/telechargement/39268/258118/file/RAA%20N%C2%B052%20du%2019%20f%C3%A9vrier%202025%20Non%20nominatif.pdf"}
