{"administration":"prefidf","administration_name":"Pr\u00e9fecture de la r\u00e9gion \u00cele-de-France","content":"PREFECTURE\nREGION ILE DE\nFRANCE\nRECUEIL DES ACTES\nADMINISTRATIFS SP\u00c9CIAL\nN\u00b0IDF-008-2025-07\nPUBLI\u00c9 LE  3 JUILLET 2025\nSommaire\nDirection r\u00e9gionale et interd\u00e9partementale de l'h\u00e9bergement et du\nlogement / SG\nIDF-2025-07-01-00008 - D\u00e9cision n\u00b02025-18 portant subd\u00e9l\u00e9gation\nde signature en mati\u00e8re d'ordonnancement secondaire (6 pages) Page 4\nIDF-2025-07-01-00007 - D\u00e9cision n\u00b02025-19 portant subd\u00e9l\u00e9gation\nde signature en mati\u00e8re administrative (4 pages) Page 11\nDirection r\u00e9gionale et interd\u00e9partementale de l'environnement, de\nl'am\u00e9nagement et des transports d'\u00cele-de-France / D\u00e9partement\ndes affaires juridiques, des archives et de la documentation\nIDF-2025-07-03-00011 - D\u00e9cision du 3 juillet 2025 portant d\u00e9l\u00e9gation\nde signature en mati\u00e8re de fiscalit\u00e9 de l'urbanisme (6 pages) Page 16\nIDF-2025-07-03-00009 - D\u00e9cision du 3 juillet 2025 portant\nsubd\u00e9l\u00e9gation de signature en mati\u00e8re administrative pour le compte\ndu pr\u00e9fet de la r\u00e9gion d'\u00cele-de-France (15 pages) Page 23\nIDF-2025-07-03-00010 - D\u00e9cision du 3 juillet 2025 portant\nsubd\u00e9l\u00e9gation de signature en mati\u00e8re d'ordonnancement\nsecondaire et de commande publique pour le compte du pr\u00e9fet de la\nr\u00e9gion d'\u00cele-de-France (43 pages) Page 39\nMinist\u00e8re de la Justice / Cabinet de direction\nIDF-2025-07-03-00005 - Arr\u00eat\u00e9 portant subd\u00e9l\u00e9gation de la signature\ndu Directeur interr\u00e9gional de la protection judiciaire de la jeunesse\nIle-de-France et Outre-Mer (11 pages) Page 83\nPr\u00e9fecture de la R\u00e9gion d'Ile de France, Pr\u00e9fecture de Paris  / Direction\ndes affaires juridiques\nIDF-2025-07-03-00006 - Arr\u00eat\u00e9 portant d\u00e9l\u00e9gation de signature aux\nagents de la pr\u00e9fecture de la r\u00e9gion d'Ile-de-France, pr\u00e9fecture de\nParis (21 pages) Page 95\nRectorat de l'acad\u00e9mie de Cr\u00e9teil / Affaires juridiques\nIDF-2025-07-03-00004 - Arr\u00eat\u00e9 du 3 juillet 2025 portant d\u00e9l\u00e9gation\nde signature \u00e0 madame Christ\u00e8le GUYONNET, \ndirectrice\nacad\u00e9mique des services de l'\u00e9ducation nationale par int\u00e9rim\ndans\n le d\u00e9partement de la Seine-et-Marne\n responsable du service\nacad\u00e9mique des retraites pour le personnel enseignant du premier\ndegr\u00e9\n (1 page) Page 117\nIDF-2025-07-03-00002 - Arr\u00eat\u00e9 du 3 juillet 2025 portant d\u00e9l\u00e9gation\nde signature \u00e0 madame Christ\u00e8le GUYONNET, \ndirectrice\nacad\u00e9mique des services de l'\u00e9ducation nationale par int\u00e9rim\ndans le d\u00e9partement de Seine-et-Marne \nresponsable du service\ninterd\u00e9partemental des bourses  (2 pages) Page 119\n2\nIDF-2025-07-03-00003 - Arr\u00eat\u00e9 du 3 juillet 2025 portant d\u00e9l\u00e9gation\nde signature \u00e0 madame Sandrine LANDES, cheffe de la division des\naffaires financi\u00e8res (DAF) du rectorat de Cr\u00e9teil (5 pages) Page 122\nService Interacad\u00e9mique des Examens et Concours (SIEC) - maison des\nexamens / Direction\nIDF-2025-07-03-00007 - Arr\u00eat\u00e9 n\u00b0 DIR 2025-003 ORD portant\nsubd\u00e9l\u00e9gation de la signature de la Directrice du Service\nInteracad\u00e9mique des Examens et Concours des acad\u00e9mies de Paris,\nCr\u00e9teil et Versailles (SIEC) en mati\u00e8re d'ordonnancement (3 pages) Page 128\n3\nDirection r\u00e9gionale et interd\u00e9partementale de\nl'h\u00e9bergement et du logement\nIDF-2025-07-01-00008\nD\u00e9cision n\u00b02025-18 portant subd\u00e9l\u00e9gation de\nsignature en mati\u00e8re d'ordonnancement\nsecondaire\nDirection r\u00e9gionale et interd\u00e9partementale de l'h\u00e9bergement et du logement - IDF-2025-07-01-00008 - D\u00e9cision n\u00b02025-18 portant\nsubd\u00e9l\u00e9gation de signature en mati\u00e8re d'ordonnancement secondaire 4\nPREFET |DE LA REGIOND'\u00ceLE-DE-FRANCELibert\u00e9Egalit\u00e9Fraternit\u00e9\nDirection r\u00e9gionale et interd\u00e9partementale\nde l'H\u00e9bergement et du Logement\nD\u00e9cision n\u00b0 2025 - 18\nportant subd\u00e9l\u00e9gation de signature en mati\u00e8re d'ordonnancement secondaire\nLE DIRECTEUR REGIONAL ET INTERDEPARTEMENTAL DE L'HEBERGEMENT ET DU LOGEMENT\nDE LA REGION ILE-DE-FRANCE,\nVU la loi organique n\u00b02001-692 du 1er ao\u00fbt 2001 modifi\u00e9e relative aux lois de finances,\nVU le code de la commande publique,\nVU le code de la construction et de l'habitat,\nVU le code l'action sociale et des familles,\nVU le d\u00e9cret n\u00b02004-374 du 29 avril 2004 modifi\u00e9 relatif aux pouvoirs des pr\u00e9fets, \u00e0 l'organisation et \u00e0\nl'action des services de l'\u00c9tat dans les r\u00e9gions et d\u00e9partements,\nVU l'arr\u00eat\u00e9 du 13 mars 2008 portant modification des r\u00e8gles relatives \u00e0 la comptabilit\u00e9 de l'\u00c9tat,\nVU le d\u00e9cret n\u00b02010-687 du 24 juin 2010 modifi\u00e9 relatif \u00e0 l'organisation et aux missions des services de\nl'\u00c9tat dans la r\u00e9gion et les d\u00e9partements d'\u00cele-de-France,\nVU le d\u00e9cret n\u00b0 2012-1246 du 7 novembre 2012 relatif \u00e0 la gestion budg\u00e9taire et comptable publique,\nVU l'arr\u00eat\u00e9 de la ministre des affaires sociales et de la sant\u00e9 du 19 f\u00e9vrier 2014 portant d\u00e9signation des\npr\u00e9fets de r\u00e9gion comme responsables des budgets op\u00e9rationnels des programmes r\u00e9gionaux dont la\ndirection g\u00e9n\u00e9rale de la coh\u00e9sion sociale est responsable,\nVU le  d\u00e9cret  n\u00b02015-1689  du  17  d\u00e9cembre  2015  portant  diverses  mesures  d'organisation  et  de\nfonctionnement dans les r\u00e9gions de l'administration territoriale de l'Etat,\nVU le d\u00e9cret n\u00b02020-189 du 20 f\u00e9vrier 2020 modifiant certaines dispositions relatives \u00e0 la pr\u00e9fecture de la\nr\u00e9gion d'\u00cele-de-France, pr\u00e9fecture de Paris,\nVU le d\u00e9cret du 22 juillet 2020 portant nomination de Monsieur Marc GUILLAUME, pr\u00e9fet de la r\u00e9gion\nd'\u00cele-de-France, pr\u00e9fet de Paris,\nDirection r\u00e9gionale et interd\u00e9partementale de l'h\u00e9bergement et du logement - IDF-2025-07-01-00008 - D\u00e9cision n\u00b02025-18 portant\nsubd\u00e9l\u00e9gation de signature en mati\u00e8re d'ordonnancement secondaire 5\nVU l'arr\u00eat\u00e9  interminist\u00e9riel  du  20  septembre  2023  portant  nomination  de  M.  Laurent  BRESSON,\nadministrateur de l'Etat, en qualit\u00e9 de directeur r\u00e9gional et interd\u00e9partemental de l'h\u00e9bergement et du\nlogement (groupe I) de la r\u00e9gion \u00cele-de-France, \u00e0 compter du 1er octobre 2023, pour une dur\u00e9e de\nquatre ans,\nVU l'arr\u00eat\u00e9 pr\u00e9fectoral n\u00b0 IDF-2025- 03-24-00005  du 24 mars 2025 portant d\u00e9l\u00e9gation de signature \u00e0\nMonsieur  Laurent  BRESSON,  directeur  r\u00e9gional  et  interd\u00e9partemental  de  l'h\u00e9bergement  et  du\nlogement d'\u00cele-de-France, en mati\u00e8re d'ordonnancement secondaire,\nDECIDE\nArticle 1  er  \nDans le cadre et les limites de la d\u00e9l\u00e9gation de signature institu\u00e9e par l'arr\u00eat\u00e9 n\u00b0  IDF-2025-03-24-00005\nsusvis\u00e9 du 24 mars 2025, subd\u00e9l\u00e9gation de signature est donn\u00e9e \u00e0 :\n1. Pour les attributions de l'article 1  de  l'arr\u00eat\u00e9  susvis\u00e9, en mati\u00e8re de r\u00e9ception, de r\u00e9partition et de\nr\u00e9allocation de cr\u00e9dits, \u00e0 :\nMonsieur Jacques Bertrand DE REBOUL, directeur adjoint,\nMonsieur Guillaume MANGIN, directeur adjoint,\nMadame Audrey LEMESLE, secr\u00e9taire g\u00e9n\u00e9rale\nMadame R\u00e9gine GIRET, secr\u00e9taire g\u00e9n\u00e9rale adjointe.\n2. Pour les attributions des articles 2 et 3 de l'arr\u00eat\u00e9 susvis\u00e9, relatives \u00e0 l'ordonnancement secondaire des\nd\u00e9penses de l'\u00c9tat de l'unit\u00e9 op\u00e9rationnelle DRIHL \u00e0  :\nMonsieur Jacques Bertrand DE REBOUL, directeur adjoint,\nMonsieur Guillaume MANGIN, directeur adjoint,\nMadame Audrey LEMESLE, secr\u00e9taire g\u00e9n\u00e9rale,\nMadame R\u00e9gine GIRET, secr\u00e9taire g\u00e9n\u00e9rale adjointe.\n      Dans la limite du montant unitaire de subventions inf\u00e9rieur ou \u00e9gal \u00e0 :\n     \u2013 400 000 \u20ac pour les subventions d'investissement ;\n     \u2013 400 000 \u20ac pour les subventions de fonctionnement et tous les autres actes hors march\u00e9 public.\nDirection r\u00e9gionale et interd\u00e9partementale de l'h\u00e9bergement et du logement - IDF-2025-07-01-00008 - D\u00e9cision n\u00b02025-18 portant\nsubd\u00e9l\u00e9gation de signature en mati\u00e8re d'ordonnancement secondaire 6\nEt, pour les budgets relevant des attributions de leur service ou de leur(s) mission(s) \u00e0 :\nMadame Claire DU MERLE, cheffe du service de l'accueil, de l'h\u00e9bergement et de l'insertion,\nMadame C\u00e9line LEMMA, adjointe \u00e0 la cheffe du service de l'accueil, de l'h\u00e9bergement et de l'insertion,\nMadame Sarah ZOUHEIR, cheffe du service de l'acc\u00e8s au logement et de la pr\u00e9vention des expulsions,\nMadame Annick SLIMANI, adjointe au chef du service de l'acc\u00e8s au logement et de la pr\u00e9vention des\nexpulsions,\nMonsieur Nabil BOUSSOUIRA, adjoint au chef du service de l'acc\u00e8s au logement et de la pr\u00e9vention\ndes expulsions,\nMadame Julie BENOIT, cheffe du service du d\u00e9veloppement et de l'am\u00e9lioration de l'offre de logement\net d'h\u00e9bergement,\nMadame Rand FAHMI, adjointe \u00e0 la cheffe du service du d\u00e9veloppement et de l'am\u00e9lioration de l'offre\nde logement et d'h\u00e9bergement,\nMadame Th\u00e9r\u00e8se BLANCHET, adjointe \u00e0 la cheffe du service du d\u00e9veloppement et de l'am\u00e9lioration de\nl'offre de logement et d'h\u00e9bergement,\nMonsieur Romain PARENT, chef du service des observatoires, des \u00e9tudes et de l'\u00e9valuation,\nMadame Florence LESAGE, adjointe au chef du service des observatoires, des \u00e9tudes et de l'\u00e9valuation.\n    Dans la limite du montant unitaire de subventions inf\u00e9rieur ou \u00e9gal \u00e0 :\n     \u2013 400 000 \u20ac pour les subventions d'investissement ;\n     \u2013 400 000 \u20ac pour les subventions de fonctionnement et tous les autres actes hors march\u00e9 public.\nEt, pour les budgets relevant des attributions de leur service ou de leur(s) mission(s) \u00e0 :\nMadame Sylvie LE MEUT, cheffe du bureau des ressources humaines,\nMadame V\u00e9ronique MEZA GONZALEZ, adjointe \u00e0 la cheffe du bureau des ressources humaines,\nMadame G\u00e9raldine GALOIS, cheffe du bureau du budget, du contr\u00f4le interne, des affaires g\u00e9n\u00e9rales et\nde l'informatique,\nDans la limite de 25 000 \u20ac hors taxe.\nEt, pour la responsable de programme de la carte achat\nMadame Audrey LEMESLE, secr\u00e9taire g\u00e9n\u00e9rale\nEt, pour le porteur de carte achat\nMadame R\u00e9gine GIRET, secr\u00e9taire g\u00e9n\u00e9rale adjointe\n3. Pour les attributions de l'article 4 de l'arr\u00eat\u00e9 susvis\u00e9, en mati\u00e8re d'accords-cadres et de march\u00e9s publics,\n\u00e0 :\nMonsieur Jacques Bertrand DE REBOUL, directeur adjoint,\nMonsieur Guillaume MANGIN, directeur adjoint,\nMadame Audrey LEMESLE, secr\u00e9taire g\u00e9n\u00e9rale,\nMadame R\u00e9gine GIRET, secr\u00e9taire g\u00e9n\u00e9rale adjointe.\nDirection r\u00e9gionale et interd\u00e9partementale de l'h\u00e9bergement et du logement - IDF-2025-07-01-00008 - D\u00e9cision n\u00b02025-18 portant\nsubd\u00e9l\u00e9gation de signature en mati\u00e8re d'ordonnancement secondaire 7\nEt, pour les march\u00e9s publics \u00e0 proc\u00e9dure adapt\u00e9e (MAPA) et leurs pi\u00e8ces d'ordonnancement secondaire,\nrelevant des attributions de leur service ou de leur(s) mission(s), d'un montant inf\u00e9rieur \u00e0 90 000\u20ac hors\ntaxe, \u00e0 :\nMadame Claire DU MERLE, cheffe du service de l'accueil, de l'h\u00e9bergement et de l'insertion,\nMadame C\u00e9line LEMMA, adjointe \u00e0 la cheffe du service de l'accueil, de l'h\u00e9bergement et de l'insertion,\nMadame Sarah ZOUHEIR, cheffe du service de l'acc\u00e8s au logement et de la pr\u00e9vention des expulsions,\nMadame Annick SLIMANI, adjointe au chef du service de l'acc\u00e8s au logement et de la pr\u00e9vention des\nexpulsions,\nMonsieur Nabil BOUSSOUIRA, adjoint au chef du service de l'acc\u00e8s au logement et de la pr\u00e9vention\ndes expulsions,\nMadame Julie BENOIT, cheffe du service du d\u00e9veloppement et de l'am\u00e9lioration de l'offre de logement\net d'h\u00e9bergement,\nMadame Rand FAHMI, adjointe \u00e0 la cheffe du service du d\u00e9veloppement et de l'am\u00e9lioration de l'offre\nde logement et d'h\u00e9bergement,\nMadame Th\u00e9r\u00e8se BLANCHET, adjointe \u00e0 la cheffe du service du d\u00e9veloppement et de l'am\u00e9lioration de\nl'offre de logement et d'h\u00e9bergement,\nMonsieur Romain PARENT, chef du service des observatoires, des \u00e9tudes et de l'\u00e9valuation,\nMadame Florence LESAGE, adjointe au chef du service des observatoires, des \u00e9tudes et de l'\u00e9valuation.\nEt, pour les march\u00e9s publics \u00e0 proc\u00e9dure adapt\u00e9e (MAPA) et leurs pi\u00e8ces d'ordonnancement secondaire,\nrelevant des attributions de leur service ou de leur(s) mission(s), d'un montant inf\u00e9rieur \u00e0 25.000 \u20ac hors\ntaxe, \u00e0 :\nMadame Sylvie LE MEUT, cheffe du bureau des ressources humaines,\nMadame V\u00e9ronique MEZA GONZALEZ, adjointe \u00e0 la cheffe du bureau des ressources humaines,\nMadame G\u00e9raldine GALOIS, cheffe du bureau du budget, du contr\u00f4le interne, des affaires g\u00e9n\u00e9rales et\nde l'informatique,\n4. Pour les attributions de l'article 5 de l'arr\u00eat\u00e9 susvis\u00e9, en mati\u00e8re de fixation des dotations budg\u00e9taires\ndes \u00e9tablissements sociaux, \u00e0 :\nMonsieur Jacques Bertrand DE REBOUL, directeur adjoint,\nMonsieur Guillaume MANGIN, directeur adjoint,\nMadame Audrey LEMESLE, secr\u00e9taire g\u00e9n\u00e9rale,\n\u00e0 l'effet de signer, au nom du pr\u00e9fet de la r\u00e9gion d'\u00cele-de-France, dans la limite de leurs attributions,\ntous arr\u00eat\u00e9s,  d\u00e9cisions, pi\u00e8ces ou conventions  relatifs \u00e0 l'exercice  de la  comp\u00e9tence  d'ordonnateur\nsecondaire des d\u00e9penses et recettes de l'\u00c9tat, selon l'ensemble des dispositions pr\u00e9vues dans l'arr\u00eat\u00e9\npr\u00e9fectoral n\u00b0 IDF-2025-03-24-00005 susvis\u00e9.\nDirection r\u00e9gionale et interd\u00e9partementale de l'h\u00e9bergement et du logement - IDF-2025-07-01-00008 - D\u00e9cision n\u00b02025-18 portant\nsubd\u00e9l\u00e9gation de signature en mati\u00e8re d'ordonnancement secondaire 8\n5. Subd\u00e9l\u00e9gation de signature est donn\u00e9e, pour le si\u00e8ge de la DRIHL, au titre de la validation dans Chorus\nFormulaires \u00e0 :\nMadame Claire DU MERLE, cheffe du service de l'accueil, de l'h\u00e9bergement et de l'insertion,\nMadame C\u00e9line LEMMA, adjointe \u00e0 la cheffe du service de l'accueil, de l'h\u00e9bergement et de l'insertion,\n      Madame Caroline NIGON, responsable du p\u00f4le Accompagnement social et Populations sp\u00e9cifiques,\n      Madame Lionelle DRILLIEN, responsable du p\u00f4le h\u00e9bergement asile et r\u00e9fugi\u00e9s,\nMadame G\u00e9raldine GALOIS, cheffe du bureau du budget, du contr\u00f4le interne, des affaires g\u00e9n\u00e9rales et\nde l'informatique,\nMadame Maguy OLANOR, charg\u00e9e des affaires g\u00e9n\u00e9rales et budg\u00e9taires,\nMonsieur Salah REGUIEG, charg\u00e9 des fonctions budg\u00e9taires et comptables,\nMonsieur \u00c9ric LEPRINCE, charg\u00e9 des fonctions budg\u00e9taires et comptables,\nMadame R\u00e9gine GIRET, secr\u00e9taire g\u00e9n\u00e9rale adjointe,\nMadame Sarah ZOUHEIR, cheffe du service de l'acc\u00e8s au logement et de la pr\u00e9vention des expulsions,\nMadame Annick SLIMANI, adjointe au chef du service de l'acc\u00e8s au logement et de la pr\u00e9vention des\nexpulsions,\nMonsieur Nabil BOUSSOUIRA, adjoint au chef du service de l'acc\u00e8s au logement et de la pr\u00e9vention\ndes expulsions,\nMadame Sylvia VISIER, charg\u00e9e du soutien et de l'appui au projet,\nMonsieur David AURIBAULT, charg\u00e9 de mission interm\u00e9diation locative\nMadame Flora BROUTIN, adjointe au charg\u00e9 de mission interm\u00e9diation locative\nMadame Marie-Christine CHBARY , charg\u00e9e de mission interm\u00e9diation locative\nMadame Julie BENOIT, cheffe du service du d\u00e9veloppement et de l'am\u00e9lioration de l'offre de logement\net d'h\u00e9bergement,\nMadame Rand FAHMI, adjointe \u00e0 la cheffe du service du d\u00e9veloppement et de l'am\u00e9lioration de l'offre\nde logement et d'h\u00e9bergement,\nMadame Th\u00e9r\u00e8se BLANCHET, adjointe \u00e0 la cheffe du service du d\u00e9veloppement et de l'am\u00e9lioration de\nl'offre de logement et d'h\u00e9bergement, \u00e0 compter du 01 d\u00e9cembre 2024,\nMadame Isabelle MONMOUSSEAU, cheffe du bureau de la programmation des financements du parc\npublic et de l'h\u00e9bergement,\nMonsieur Romain PARENT, chef du service des observatoires, des \u00e9tudes et de l'\u00e9valuation.\nMadame Florence LESAGE, adjointe au chef du service des observatoires, des \u00e9tudes et de l'\u00e9valuation.\n6. Subd\u00e9l\u00e9gation de signature est donn\u00e9e, pour le si\u00e8ge de la DRIHL, au titre de la validation dans\nChorus DT \u00e0 :\nMadame R\u00e9gine GIRET\nMadame G\u00e9raldine GALOIS\nMadame Maguy OLANOR\nMonsieur Eric LEPRINCE\nMonsieur Salah REGUIEG\nDirection r\u00e9gionale et interd\u00e9partementale de l'h\u00e9bergement et du logement - IDF-2025-07-01-00008 - D\u00e9cision n\u00b02025-18 portant\nsubd\u00e9l\u00e9gation de signature en mati\u00e8re d'ordonnancement secondaire 9\nArticle 2\nDemeurent r\u00e9serv\u00e9s \u00e0 la signature du pr\u00e9fet de la r\u00e9gion d'\u00cele-de-France :\n- les ordres de r\u00e9quisition du comptable public ;\n- les d\u00e9cisions de passer outre \u00e0 l'avis d\u00e9favorable du contr\u00f4leur budg\u00e9taire r\u00e9gional ;\n- les conventions avec les collectivit\u00e9s territoriales et leurs \u00e9tablissements publics ;\n- les contrats de bail.\nArticle 3\nUn compte-rendu d'utilisation r\u00e9gulier des cr\u00e9dits pour l'exercice budg\u00e9taire et un tableau de suivi mensuel\ndes subventions de fonctionnement seront adress\u00e9s au pr\u00e9fet de la r\u00e9gion d'\u00cele-de-France.\nArticle 4\nLes personnes mentionn\u00e9es \u00e0 l'article 1 er sont charg\u00e9es, chacune en ce qui la concerne, de l'ex\u00e9cution de la\npr\u00e9sente d\u00e9cision qui sera publi\u00e9e au recueil des actes administratifs de la pr\u00e9fecture de r\u00e9gion d'\u00cele-de-\nFrance, pr\u00e9fecture de Paris.\nFait \u00e0 Paris, le 01/07/2025\nLe directeur r\u00e9gional et interd\u00e9partemental\nde l'h\u00e9bergement et du logement\n             SIGNE\n    Laurent BRESSON\nDirection r\u00e9gionale et interd\u00e9partementale de l'h\u00e9bergement et du logement - IDF-2025-07-01-00008 - D\u00e9cision n\u00b02025-18 portant\nsubd\u00e9l\u00e9gation de signature en mati\u00e8re d'ordonnancement secondaire 10\nDirection r\u00e9gionale et interd\u00e9partementale de\nl'h\u00e9bergement et du logement\nIDF-2025-07-01-00007\nD\u00e9cision n\u00b02025-19 portant subd\u00e9l\u00e9gation de\nsignature en mati\u00e8re administrative\nDirection r\u00e9gionale et interd\u00e9partementale de l'h\u00e9bergement et du logement - IDF-2025-07-01-00007 - D\u00e9cision n\u00b02025-19 portant\nsubd\u00e9l\u00e9gation de signature en mati\u00e8re administrative 11\nPREFET |DE LA REGIOND'\u00ceLE-DE-FRANCELibert\u00e9Egalit\u00e9Fraternit\u00e9\nDirection r\u00e9gionale et interd\u00e9partementale\nde l'H\u00e9bergement et du Logement\nD\u00e9cision n\u00b0 2025 - 19\nportant subd\u00e9l\u00e9gation de signature en mati\u00e8re administrative\nLE DIRECTEUR R\u00c9GIONAL ET INTERD\u00c9PARTEMENTAL\nDE L'H\u00c9BERGEMENT ET DU LOGEMENT DE LA R\u00c9GION ILE-DE-FRANCE,\nVU le code de justice administrative,\nVU le code de l'urbanisme,\nVU le code de la construction et de l'habitation,\nVU le code des march\u00e9s publics,\nVU le code de la s\u00e9curit\u00e9 sociale,\nVU le code de l'action sociale et des familles,\nVU le code g\u00e9n\u00e9ral des collectivit\u00e9s territoriales,\nVU le code de la sant\u00e9 publique,\nVU la loi n\u00b0 82-213 du 2 mars 1982, modifi\u00e9e, relative aux droits et libert\u00e9s des communes, des\nd\u00e9partements et des r\u00e9gions,\nVU la loi n\u00b0 83-8 du 7 janvier 1983, modifi\u00e9e, relative \u00e0 la r\u00e9partition des comp\u00e9tences entre les \ncommunes, les d\u00e9partements, les r\u00e9gions et l'\u00c9tat,\nVU la loi n\u00b0 2009-323 du 25 mars 2009 de mobilisation pour le logement et a lutte contre\nl'exclusion, en particulier son article 117,\nVU le d\u00e9cret n\u00b097-34 du 15 janvier 1997 modifi\u00e9 relatif \u00e0 la d\u00e9concentration des d\u00e9cisions\nadministratives individuelles ;\nVU le  d\u00e9cret  n\u00b0  2004-374  du  29  avril  2004  modifi\u00e9  relatif  aux  pouvoirs  des  pr\u00e9fets,  \u00e0\nl'organisation et \u00e0 l'action des services de l'\u00c9tat dans les r\u00e9gions et d\u00e9partements,\nVU le d\u00e9cret n\u00b0 2009-360 du 31 mars 2009 relatif aux emplois de direction de l'administration\nterritoriale de l'\u00c9tat,\nDirection r\u00e9gionale et interd\u00e9partementale de l'h\u00e9bergement et du logement - IDF-2025-07-01-00007 - D\u00e9cision n\u00b02025-19 portant\nsubd\u00e9l\u00e9gation de signature en mati\u00e8re administrative 12\nVU le d\u00e9cret n\u00b0 2010-431 du 29 avril 2010 relatif \u00e0 la proc\u00e9dure d'enregistrement des demandes\nde logement locatif social,\nVU le d\u00e9cret n\u00b0 2010-687 du 24 juin 2010 relatif \u00e0 l'organisation et aux missions des services de\nl'\u00c9tat dans la r\u00e9gion et les d\u00e9partements d'\u00cele-de-France,\nVU le d\u00e9cret n\u00b02013-571 du 1 er juillet 2013 autorisant les ministres charg\u00e9s des affaires sociales,\nde la sant\u00e9, du travail et de l'emploi, des sports et de la jeunesse, de l'\u00e9ducation populaire et\nde la vie associative, \u00e0 d\u00e9l\u00e9guer certains de leurs pouvoirs de recrutement et de gestion\nd'agents plac\u00e9s sous leur autorit\u00e9,\nVU le d\u00e9cret n\u00b02013-1041 du 20 novembre 2013 autorisant le ministre charg\u00e9 du d\u00e9veloppement\ndurable \u00e0 d\u00e9l\u00e9guer certains de ses pouvoirs de recrutement et de gestion d'agents plac\u00e9s sous\nson autorit\u00e9,\nVU le d\u00e9cret du 22 juillet 2020 portant nomination de Monsieur Marc GUILLAUME, pr\u00e9fet de\nla r\u00e9gion d'Ile-de-France, pr\u00e9fet de Paris,\nVU le d\u00e9cret du 29 juillet 2020 portant nomination de Monsieur Pierre-Antoine MOLINA,\npr\u00e9fet, secr\u00e9taire g\u00e9n\u00e9ral aux politiques publiques de la pr\u00e9fecture de la r\u00e9gion d'\u00cele-de-\nFrance, \u00e0 compter du 24 ao\u00fbt 2020,\nVU le d\u00e9cret n\u00b0 2015-1689 du 17 d\u00e9cembre 2015 portant diverses mesures d'organisation et de\nfonctionnement dans les r\u00e9gions de l'administration territoriale de l'\u00c9tat,\nVU l'arr\u00eat\u00e9  minist\u00e9riel  du  20  novembre  2013  modifi\u00e9,  portant  d\u00e9l\u00e9gation  de  pouvoirs  du\nministre charg\u00e9 du d\u00e9veloppement durable en mati\u00e8re de gestion des agents plac\u00e9s sous son\nautorit\u00e9,\nVU l'arr\u00eat\u00e9 minist\u00e9riel du 20 novembre 2013 modifi\u00e9, portant d\u00e9l\u00e9gation de pouvoirs en mati\u00e8re\nde gestion des membres du corps des adjoints administratifs des administrations de l'\u00c9tat et\n           des membres du corps des dessinateurs de l'\u00e9quipement du minist\u00e8re charg\u00e9 du\n           d\u00e9veloppement durable,\nVU l'arr\u00eat\u00e9 interminist\u00e9riel du 20 septembre 2023 portant nomination de M. Laurent BRESSON,\nattach\u00e9 d'administration hors classe, en qualit\u00e9 de directeur r\u00e9gional et interd\u00e9partemental de\nl'h\u00e9bergement et du logement (groupe I) de la r\u00e9gion \u00cele-de-France \u00e0 compter du 1er octobre\n2023 pour une dur\u00e9e de quatre ans,\nVU l'arr\u00eat\u00e9 interminist\u00e9riel du 29 d\u00e9cembre 2016 portant d\u00e9concentration des actes relatifs \u00e0 la \nsituation  individuelle  des  agents  publics  exer\u00e7ant  leurs  fonctions  dans  les  services  \nd\u00e9concentr\u00e9s des administrations civiles de l'\u00c9tat au sens de l'article 15 du d\u00e9cret n\u00b0 2004-\n374 du 29 avril 2004 modifi\u00e9,\nVU l'arr\u00eat\u00e9 n\u00b0 IDF-2023-10-02-00010 en date du 2 octobre 2023 du pr\u00e9fet de la r\u00e9gion d'\u00cele-de-\nFrance, pr\u00e9fet de Paris, portant d\u00e9l\u00e9gation de signature \u00e0 M. Laurent BRESSON, directeur\nr\u00e9gional et interd\u00e9partemental de l'h\u00e9bergement et du logement de la r\u00e9gion \u00cele-de-France,\nen mati\u00e8re administrative,\nDirection r\u00e9gionale et interd\u00e9partementale de l'h\u00e9bergement et du logement - IDF-2025-07-01-00007 - D\u00e9cision n\u00b02025-19 portant\nsubd\u00e9l\u00e9gation de signature en mati\u00e8re administrative 13\nD\u00c9CIDE\nArticle 1er\nDans le cadre et les limites de la d\u00e9l\u00e9gation de signature institu\u00e9e par l'arr\u00eat\u00e9 n\u00b0 IDF-2023-10-02-\n00010 susvis\u00e9, subd\u00e9l\u00e9gation de signature est donn\u00e9e \u00e0 :\nMonsieur Jacques Bertrand DE REBOUL, directeur adjoint,\nMonsieur Guillaume MANGIN, directeur adjoint,\nMadame Audrey LEMESLE, secr\u00e9taire g\u00e9n\u00e9rale,\nMadame R\u00e9gine GIRET, secr\u00e9taire g\u00e9n\u00e9rale adjointe,\n\u00e0 l'effet de signer, au nom du pr\u00e9fet de la r\u00e9gion d'\u00cele-de-France, tous arr\u00eat\u00e9s, d\u00e9cisions, pi\u00e8ces ou\nconventions  relevant  des  attributions  de  la  direction  r\u00e9gionale  et  interd\u00e9partementale  de\nl'h\u00e9bergement et du logement.\nArticle 2\nSubd\u00e9l\u00e9gation de signature est \u00e9galement donn\u00e9e, dans la limite de leurs comp\u00e9tences respectives\n\u00e0 :\nMadame Sylvie LE MEUT, cheffe du bureau des ressources humaines,\nMadame  V\u00e9ronique  MEZA GONZALEZ, adjointe  \u00e0 la  cheffe du bureau  des ressources\nhumaines :\nA l'exception :\n-  des correspondances aux administrations centrales, aux pr\u00e9fectures et aux organisations\nsyndicales,\n-  des d\u00e9cisions d'imputabilit\u00e9 ou de non imputabilit\u00e9 des accidents de services,\n-  des d\u00e9cisions d'autorisations de t\u00e9l\u00e9travail,\n- des d\u00e9cisions de placement ou de prolongation, relatives au cong\u00e9 de longue maladie, au\ncong\u00e9 de longue dur\u00e9e et au cong\u00e9 de grave maladie,\n- des notifications individuelles de r\u00e9gime indemnitaire,\n- des validations de demandes de mutations entrantes et sortantes,\n- des rapports de proposition de promotion ou d'avancement.\n- des arr\u00eat\u00e9s d'autorisation de cumul d'activit\u00e9s\nMadame G\u00e9raldine GALOIS, cheffe du bureau du budget, du contr\u00f4le interne, des affaires\ng\u00e9n\u00e9rales et de l'informatique, \u00e0 l'exception :\n-  des correspondances aux administrations centrales, aux pr\u00e9fectures et aux organisations \nsyndicales.\nDirection r\u00e9gionale et interd\u00e9partementale de l'h\u00e9bergement et du logement - IDF-2025-07-01-00007 - D\u00e9cision n\u00b02025-19 portant\nsubd\u00e9l\u00e9gation de signature en mati\u00e8re administrative 14\nArticle 3\nDemeurent r\u00e9serv\u00e9s \u00e0 la signature du pr\u00e9fet de r\u00e9gion les actes mentionn\u00e9s \u00e0 l'article 6 de la\nd\u00e9l\u00e9gation de signature n\u00b0IDF-2023-10-02-00010 susvis\u00e9e.\nArticle 4\nLa pr\u00e9c\u00e9dente d\u00e9cision portant subd\u00e9l\u00e9gation de signature en mati\u00e8re administrative est abrog\u00e9e.\nArticle 5\nLes  personnes  mentionn\u00e9es  \u00e0  l'article  1er  sont  charg\u00e9es,  chacune  en  ce  qui  la  concerne,  de\nl'ex\u00e9cution  de  la  pr\u00e9sente  d\u00e9cision  qui  sera  publi\u00e9e  au  recueil  des  actes  administratifs  de  la\npr\u00e9fecture de r\u00e9gion d'\u00cele-de-France, pr\u00e9fecture de Paris.\nFait \u00e0 Paris, le 01/07/2025\nLe directeur r\u00e9gional et interd\u00e9partemental\nde l'h\u00e9bergement et du logement\n       SIGNE\n     Laurent BRESSON\nDirection r\u00e9gionale et interd\u00e9partementale de l'h\u00e9bergement et du logement - IDF-2025-07-01-00007 - D\u00e9cision n\u00b02025-19 portant\nsubd\u00e9l\u00e9gation de signature en mati\u00e8re administrative 15\nDirection r\u00e9gionale et interd\u00e9partementale de\nl'environnement, de l'am\u00e9nagement et des\ntransports d'\u00cele-de-France\nIDF-2025-07-03-00011\nD\u00e9cision du 3 juillet 2025 portant d\u00e9l\u00e9gation de\nsignature en mati\u00e8re de fiscalit\u00e9 de l'urbanisme\nDirection r\u00e9gionale et interd\u00e9partementale de l'environnement, de l'am\u00e9nagement et des transports d'\u00cele-de-France -\nIDF-2025-07-03-00011 - D\u00e9cision du 3 juillet 2025 portant d\u00e9l\u00e9gation de signature en mati\u00e8re de fiscalit\u00e9 de l'urbanisme 16\nE aPREFET |DE LA REGIOND'\u00ceLE-DE-FRANCELibert\u00e9Egalit\u00e9Fraternit\u00e9\n \nDRIEAT \n21-23 rue Miollis \u2013 75 732 Paris CEDEX 15 \nT\u00e9l : +33 (0)1 40 61 80 80 \nwww.drieat.ile-de-france.developpement-durable.gouv.fr  1 \n \nDirection r\u00e9gionale et interd\u00e9partementale \nde l'environnement, de l'am\u00e9nagement \net des transports d'\u00cele-de-France \n \n \n \nD\u00e9cision portant d\u00e9l\u00e9gation de signature en mati\u00e8re de fiscalit\u00e9 de l'urbanisme \n \nLa directrice r\u00e9gionale et interd\u00e9partementale de l'environnement, de l'am\u00e9nagement et des \ntransports d'\u00cele-de-France, \n \nVu le code g\u00e9n\u00e9ral des imp\u00f4ts, notamment ses articles 317 A \u00e0 317 C de l'annexe II ; \n \nVu le livre des proc\u00e9dures fiscales, notamment son article L. 255-A ; \n \nVu le code du patrimoine, notamment ses articles L.  524-1 et suivants relatifs \u00e0 la d\u00e9termination de \nl'assiette et la liquidation de la redevance d'arch\u00e9ologie pr\u00e9ventive ; \n \nVu le code de l'urbanisme, notamment ses articles L. 331-20 \u00e0 L. 331-23, L. 520-10, L. 520-14, R. 331-9 \u00e0 \nR. 331-14 et R. 620-1 ; \n \nVu l'ordonnance n\u00b0 2022-883 du 14 juin 2022 relative au transfert \u00e0 la direction g\u00e9n\u00e9rale des finances \npubliques de la gestion de la taxe d'am \u00e9nagement et de la part logement de la redevance \nd'arch\u00e9ologie pr\u00e9ventive, notamment ses articles 14 et 15 ; \n \nVu le d\u00e9cret n\u00b0 2004-1085 du 14 octobre 2004 relatif \u00e0 la d\u00e9l\u00e9gation de gestion dans les services de \nl'\u00c9tat ; \n \nVu le d\u00e9cret n\u00b0 2022-1102 du 1er ao\u00fbt 2022 fixant les modalit\u00e9s et la date du transfert de la gestion de \nla taxe d'am\u00e9nagement et de la part logement de la redevance d'arch\u00e9ologie pr\u00e9ventive aux services \nde la direction g\u00e9n\u00e9rale des finances publiques ; \n \nVu l'arr\u00eat\u00e9 interminist\u00e9riel du 8  juillet 2022 portant nomination d 'une directrice r \u00e9gionale et \ninterd\u00e9partementale de l 'environnement, de l 'am\u00e9nagement et des transports de la r\u00e9gion Ile -de-\nFrance ; \n \nVu l'arr\u00eat\u00e9 du pr\u00e9fet de la r\u00e9gion d'\u00cele-de-France, pr\u00e9fet de Paris, n\u00b0 IDF-02-07-00001 du 7 f\u00e9vrier 2025 \nportant organisation de la direction r\u00e9gionale et interd\u00e9partementale de l 'environnement, de \nl'am\u00e9nagement et des transports d'\u00cele-de-France ; \n \nDirection r\u00e9gionale et interd\u00e9partementale de l'environnement, de l'am\u00e9nagement et des transports d'\u00cele-de-France -\nIDF-2025-07-03-00011 - D\u00e9cision du 3 juillet 2025 portant d\u00e9l\u00e9gation de signature en mati\u00e8re de fiscalit\u00e9 de l'urbanisme 17\n \nDRIEAT \n21-23 rue Miollis \u2013 75 732 Paris CEDEX 15 \nT\u00e9l : +33 (0)1 40 61 80 80 \nwww.drieat.ile-de-france.developpement-durable.gouv.fr  2 \nVu la d\u00e9cision DRIEAT -IDF n\u00b0 2025-0051 du 25  f\u00e9vrier 2025 portant organisation des services de la \ndirection r\u00e9gionale et interd\u00e9partementale de l'environnement, de l'am\u00e9nagement et des transports \nd'\u00cele-de-France ; \n \nVu la convention de d\u00e9l\u00e9gation de gestion du 25 octobre 2023 entre la direction d\u00e9partementale des \nterritoires des Yvelines et la direction r\u00e9gionale et interd\u00e9partementale de l'environne ment, de \nl'am\u00e9nagement et des transports d'\u00cele -de-France pour le calcul et la liquidation de la taxe sur la \ncr\u00e9ation de locaux \u00e0 usage de bureaux, de locaux commerciaux et de locaux de stockage (TCBCS) en \nr\u00e9gion d'\u00cele-de-France, dans le ressort territorial du d\u00e9partement des Yvelines ; \n \nVu la convention de d\u00e9l\u00e9gation de gestion du 9  septembre 2024 entre la direction d\u00e9partementale \ndes territoires du Val-d'Oise et la direction r\u00e9gionale et interd\u00e9partementale de l'environnement, de \nl'am\u00e9nagement et des trans ports d'\u00cele -de-France pour le calcul et la liquidation de la taxe sur la \ncr\u00e9ation de locaux \u00e0 usage de bureaux, de locaux commerciaux et de locaux de stockage (TCBCS) en \nr\u00e9gion d'\u00cele-de-France,  ainsi que l'avenant du 9 d\u00e9cembre 2024 pour le calcul et la l iquidation des \ntaxes d'urbanisme, dans le ressort territorial du d\u00e9partement du Val-d'Oise ; \n \nVu la convention de d\u00e9l\u00e9gation de gestion du 11  f\u00e9vrier 2025 entre la direction d\u00e9partementale des \nterritoires et de la mer de l'H\u00e9rault et la direction r\u00e9gionale  et interd\u00e9partementale de \nl'environnement, de l'am\u00e9nagement et des transports d'\u00cele-de-France pour le calcul et la liquidation \ndes taxes d'urbanisme, dans le ressort territorial du d\u00e9partement de l'H\u00e9rault ; \n \nVu la convention de d\u00e9l\u00e9gation de gestion du 2 9 avril 2025 entre la direction d\u00e9partementale des \nterritoires et de la mer des Pyr\u00e9n\u00e9es-Atlantiques et la direction r\u00e9gionale et interd\u00e9partementale de \nl'environnement, de l'am\u00e9nagement et des transports d'\u00cele-de-France pour le calcul et la liquidation \ndes taxes d'urbanisme, dans le ressort territorial du d\u00e9partement des Pyr\u00e9n\u00e9es-Atlantiques ; \n \nVu la convention de d\u00e9l\u00e9gation de gestion du 19  juin 2025 entre la direction d\u00e9partementale des \nterritoires et de la mer du Gard et la direction r\u00e9gionale et interd\u00e9partementale de l'environnement, \nde l'am\u00e9nagement et des transports d'\u00cele -de-France pour le calcul et la liquidation des taxes \nd'urbanisme, dans le ressort territorial du d\u00e9partement du Gard ; \n \nVu la convention de d\u00e9l\u00e9gation de gestion du 19  juin 2025 ent re la direction d\u00e9partementale des \nterritoires de la Marne et la direction r\u00e9gionale et interd\u00e9partementale de l'environnement, de \nl'am\u00e9nagement et des transports d'\u00cele-de-France pour le calcul et la liquidation des taxes d'urbanisme, \ndans le ressort territorial du d\u00e9partement de la Marne ; \n \nVu la convention de d\u00e9l\u00e9gation de gestion du 19  juin 2025 entre la direction d\u00e9partementale des \nterritoires de Haute-Savoie et la direction r\u00e9gionale et interd\u00e9partementale de l'environnement, de \nl'am\u00e9nagement et des transports d'\u00cele-de-France pour le calcul et la liquidation des taxes d'urbanisme, \ndans le ressort territorial du d\u00e9partement de Haute-Savoie ; \n \nDirection r\u00e9gionale et interd\u00e9partementale de l'environnement, de l'am\u00e9nagement et des transports d'\u00cele-de-France -\nIDF-2025-07-03-00011 - D\u00e9cision du 3 juillet 2025 portant d\u00e9l\u00e9gation de signature en mati\u00e8re de fiscalit\u00e9 de l'urbanisme 18\n \nDRIEAT \n21-23 rue Miollis \u2013 75 732 Paris CEDEX 15 \nT\u00e9l : +33 (0)1 40 61 80 80 \nwww.drieat.ile-de-france.developpement-durable.gouv.fr  3 \nVu la convention de d\u00e9l\u00e9gation de gestion du 19  juin 2025 entre la direction d\u00e9partementale des \nterritoires du Ba s-Rhin et la direction r\u00e9gionale et interd\u00e9partementale de l'environnement, de \nl'am\u00e9nagement et des transports d'\u00cele-de-France pour le calcul et la liquidation des taxes d'urbanisme, \ndans le ressort territorial du d\u00e9partement du Bas-Rhin ; \n \nVu la conventio n de d\u00e9l\u00e9gation de gestion du 19  juin 2025 entre la direction d\u00e9partementale des \nterritoires du Puy-de-D\u00f4me et la direction r\u00e9gionale et interd\u00e9partementale de l'environnement, de \nl'am\u00e9nagement et des transports d'\u00cele-de-France pour le calcul et la liquidation des taxes d'urbanisme, \ndans le ressort territorial du d\u00e9partement du Puy-de-D\u00f4me ; \n \nConsid\u00e9rant qu'aux termes de l'article 15 de l'arr\u00eat\u00e9 n\u00b0  IDF-2025-02-07-00001 du 7  f\u00e9vrier 2025 \nportant organisation de la direction r\u00e9gionale et interd\u00e9partementale d e l'environnement, de \nl'am\u00e9nagement et des transports d'\u00cele -de-France susvis\u00e9  : \u00ab  chaque unit \u00e9 d\u00e9partementale peut \nintervenir, \u00e0 la demande du directeur r \u00e9gional et interd \u00e9partemental, en raison de comp \u00e9tences \nparticuli\u00e8res sp\u00e9cialis\u00e9es, dans d'autres d\u00e9partements de la r\u00e9gion \u00bb ; \n \nConsid\u00e9rant la mise en place d'un p\u00f4le d'appui national temporaire en vue du traitement des dossiers \nde taxes d'urbanisme demeurant \u00e0 la charge directions d\u00e9partementales des territoires ainsi que les \ndirections d\u00e9partementales d es territoires et de la mer au sein de la direction r\u00e9gionale et \ninterd\u00e9partementale de l'environnement, de l'am\u00e9nagement et des transports d'\u00cele-de-France ; \n \nConsid\u00e9rant qu'aux termes des conventions de d\u00e9l\u00e9gation de gestion pr\u00e9cit\u00e9es, la direction r\u00e9gionale \net interd\u00e9partementale de l'environnement, de l'am\u00e9nagement et des transports d'\u00cele-de-France s'est \nvu confier le calcul et la liquidation de la taxe pour cr\u00e9ation de locaux \u00e0 usage de bureaux, commerce \net stockage dans les d\u00e9partements du Val-d'Oise et des Yvelines ; \n \nConsid\u00e9rant qu'aux termes des conventions de d\u00e9l\u00e9gation de gestion pr\u00e9cit\u00e9es, la direction r\u00e9gionale \net interd\u00e9partementale de l'environnement, de l'am\u00e9nagement et des transports d'\u00cele-de-France s'est \nvu confier le calcul et la liquidation de la taxe d'am\u00e9nagement dans plusieurs d\u00e9partements ; \n \nSur proposition de l'adjoint de la directrice, charg\u00e9 du pilotage ; \n \n D\u00e9cide : \n \nArticle 1er \n \nI. - D\u00e9l\u00e9gation est donn\u00e9e \u00e0 : \n \n\u2022 M. Jean -Pascal BIARD, directeur r\u00e9gional et interd\u00e9partemental adjoint, directeur de l'unit\u00e9 \nd\u00e9partementale de Paris ; \n\u2022 Mme Laurence CACHEUX, cheffe du service patrimoine, paysage et droits des sols de l'unit\u00e9 \nd\u00e9partementale de Paris ; \nDirection r\u00e9gionale et interd\u00e9partementale de l'environnement, de l'am\u00e9nagement et des transports d'\u00cele-de-France -\nIDF-2025-07-03-00011 - D\u00e9cision du 3 juillet 2025 portant d\u00e9l\u00e9gation de signature en mati\u00e8re de fiscalit\u00e9 de l'urbanisme 19\n \nDRIEAT \n21-23 rue Miollis \u2013 75 732 Paris CEDEX 15 \nT\u00e9l : +33 (0)1 40 61 80 80 \nwww.drieat.ile-de-france.developpement-durable.gouv.fr  4 \n\u2022 M. \u00c9ric CHEMOUNY, chef du p\u00f4le droit des sols de l'unit\u00e9 d\u00e9partementale de Paris ; \n\u2022 M. Alain TUFFERY, directeur r\u00e9gional et interd\u00e9partemental adjoint, directeur de l'unit\u00e9 \nd\u00e9partementale des Hauts-de-Seine ; \n\u2022 M. Fabrice MORONVAL, directeur adjoint de l'unit\u00e9 d\u00e9partementale des Hauts-de-Seine ; \n\u2022 Mme Sybille MULLER, directrice adjointe de l'unit\u00e9 d\u00e9partementale des Hauts-de-Seine ; \n\u2022 M. Rodolphe VAN VLAENDEREN, chef du service urbanisme et construction durables de l'unit\u00e9 \nd\u00e9partementale des Hauts-de-Seine et son adjointe, Mme Sophie TCHENG ; \n\u2022 Mme Val\u00e9rie CHAT, cheffe du p\u00f4le fiscalit\u00e9 de l'urbanisme de l'unit\u00e9 d\u00e9partementale des Hauts -\nde-Seine ; \n\u2022 Mme Florence GITZINGER, adjointe \u00e0 la cheffe du p\u00f4le fiscalit\u00e9 de l'urbanisme de l'unit\u00e9 \nd\u00e9partementale des Hauts-de-Seine ; \n\u2022 Mme Fanny CONNOIS, gestionnaire fiscalit\u00e9 de l'urbanisme de l'unit\u00e9 d\u00e9partementale des Hauts-\nde-Seine ; \n\u2022 M. Christophe LANGOT, instructeur fiscalit\u00e9 de l'urbanisme de l'unit\u00e9 d\u00e9partementale des Hauts-\nde-Seine ; \n\u2022 M. Laurent CONDOMINES, directeur r\u00e9gional et interd\u00e9partemental adjoint, directeur de l'unit\u00e9 \nd\u00e9partementale de la Seine-Saint-Denis ; \n\u2022 M. Andr\u00e9 COUBLE, directeur adjoint de l'unit\u00e9 d\u00e9partementale de la Seine-Saint-Denis ; \n\u2022 Mme Sylvie CHATY, directrice adjointe de l'unit\u00e9 d\u00e9partementale de Seine-Saint-Denis ; \n\u2022 Mme Florence MONFORT, cheffe du service urbanisme et construction durables de l'unit\u00e9 \nd\u00e9partementale de la Seine-Saint-Denis ; \n\u2022 Mme C\u00e9line BARON, adjointe \u00e0 la cheffe du service urbanisme et construction durables de l'unit\u00e9 \nd\u00e9partementale de la Seine-Saint-Denis ; \n\u2022 Mme Julie TISSOT, directrice r\u00e9gionale et interd\u00e9partementale adjointe, directrice de l'unit\u00e9 \nd\u00e9partementale du Val-de-Marne ; \n\u2022 Mme Sarah BERNHARD, directrice adjointe de l'unit\u00e9 d\u00e9partementale du Val-de-Marne ; \n\u2022 Mme Fiona TCHANAKIAN, directrice adjointe de l'unit\u00e9 d\u00e9partementale du Val-de-Marne ; \n\u2022 M. Didier CATTENOZ, chef du service urbanisme et construction durable de l'unit\u00e9 \nd\u00e9partementale du Val-de-Marne ; \n\u2022 Mme Marie PRESANI, adjointe au chef du service urbanisme et construction durable de l'unit\u00e9 \nd\u00e9partementale du Val-de-Marne ; \n\u2022 M. Brice GENEVIEVE, chef du p\u00f4le fiscalit\u00e9 de l'urbanisme de l'unit\u00e9 d\u00e9partementale du Val -de-\nMarne ; \n\u2022 M. Denis SIB\u00c9RIL, adjoint au chef du p\u00f4le fiscalit\u00e9 de l'urbanisme de l'unit\u00e9 d\u00e9partementale du \nVal-de-Marne ; \n \n\u00e0 effet de signer, au nom de la directrice r\u00e9gionale et interd\u00e9partementale de l'environnement, de \nl'am\u00e9nagement et des transports d'\u00cele-de-France, les actes, d\u00e9cisions et documents de toute nature \nen mati\u00e8re de d\u00e9termination de l'assiette et de liquidation des contributions exigibles, ainsi que les \nr\u00e9ponses aux recours gracieux, hi\u00e9rarchiques et contentieux formul\u00e9s \u00e0 l'encontre de ces m\u00eames \nactes, concernant : \n \nDirection r\u00e9gionale et interd\u00e9partementale de l'environnement, de l'am\u00e9nagement et des transports d'\u00cele-de-France -\nIDF-2025-07-03-00011 - D\u00e9cision du 3 juillet 2025 portant d\u00e9l\u00e9gation de signature en mati\u00e8re de fiscalit\u00e9 de l'urbanisme 20\n \nDRIEAT \n21-23 rue Miollis \u2013 75 732 Paris CEDEX 15 \nT\u00e9l : +33 (0)1 40 61 80 80 \nwww.drieat.ile-de-france.developpement-durable.gouv.fr  5 \n\u2022 la taxe d'am \u00e9nagement aff\u00e9rente aux autorisations d'urbanisme se rattachant \u00e0 une demande \nd'autorisation initiale d\u00e9pos\u00e9e avant le 1 er septembre 2022, ainsi qu 'aux proc\u00e8s-verbaux \u00e9tablis \navant le 2  septembre 2022 constatant l'ach\u00e8vement de constructions ou d'am\u00e9nageme nts en \ninfraction aux obligations r\u00e9sultant d'une autorisation d'urbanisme initiale dont la demande a \u00e9t\u00e9 \nd\u00e9pos\u00e9e avant cette m\u00eame date ou d'une autorisation d'urbanisme s'y rattachant ; \n\u2022 la redevance d'arch\u00e9ologie pr\u00e9ventive aff\u00e9rente aux autorisations d'urbanisme se rattachant \u00e0 une \ndemande d'autorisation initiale d\u00e9pos\u00e9e avant le 1er septembre 2022, ainsi qu'aux proc\u00e8s-verbaux \n\u00e9tablis avant le 2 septembre 2022 constatant l'ach\u00e8vement de constructions ou d'am\u00e9nagements \nen infraction aux obligations r\u00e9sultant d'une autorisation d'urbanisme initiale dont la demande a \n\u00e9t\u00e9 d\u00e9pos\u00e9e avant cette m\u00eame date ou d'une autorisation d'urbanisme s'y rattachant ; \n\u2022 la taxe locale d'\u00e9quipement et les taxes assimil\u00e9es ; \n\u2022 le versement pour sous densit\u00e9 mentionn\u00e9e \u00e0 l'article L.  331-42 du code de l'urbanisme, dans sa \nversion ant\u00e9rieure au 1er janvier 2021 ; \n\u2022 la taxe pour construction, la reconstruction ou agrandissement de locaux \u00e0 usage de bureaux, de \nlocaux commerciaux et de locaux de stockage en r\u00e9gion \u00cele-de-France en application de l'article \nL. 520-1 du code de l'urbanisme ; \n\u2022 la redevance pour cr\u00e9ation de locaux \u00e0 usage de bureau, de locaux commerciaux et de locaux de \nstockage en r\u00e9gion \u00cele-de-France, selon les articles L. 520-1 et suivants du code de l'urbanisme dans \nleur version ant\u00e9rieure au 1er janvier 2016 ; \n\u2022 le versement r\u00e9sultant du d\u00e9passement du plafond l\u00e9gal de densit\u00e9, conform\u00e9ment aux articles \nR*. 333-1 \u00e0 R. 333-33 du code l'urbanisme dans leur version ant\u00e9rieure au 7 janvier 2016. \n \nII. - D\u00e9l\u00e9gation est donn\u00e9e \u00e0 Mme Moumna BOUKAFFAL, Mme Houria MABROUK et Mme Ludivine \nPRINCIPE, instructrices fiscalit\u00e9 de l'urbanisme de l'unit\u00e9 d\u00e9partementale du Val -de-Marne, \u00e0 effet \nde signer les demandes de renseignements adress\u00e9es aux redevables, les mises en  demeure de \nd\u00e9poser le formulaire de d\u00e9claration pr\u00e9vu \u00e0 l'article L.  520-11 du code de l'urbanisme, ainsi que les \ndemandes de justificatifs de toute nature, en application de l'article L.  10 du livre des proc\u00e9dures \nfiscales. \n \nArticle 2 \n \nLa d\u00e9cision IDF-2025-01-27-00005 du 27 janvier 2025 portant d\u00e9l\u00e9gation de signature en mati\u00e8re de \nfiscalit\u00e9 de l'urbanisme est abrog\u00e9e. \n \n \n  \nDirection r\u00e9gionale et interd\u00e9partementale de l'environnement, de l'am\u00e9nagement et des transports d'\u00cele-de-France -\nIDF-2025-07-03-00011 - D\u00e9cision du 3 juillet 2025 portant d\u00e9l\u00e9gation de signature en mati\u00e8re de fiscalit\u00e9 de l'urbanisme 21\n \nDRIEAT \n21-23 rue Miollis \u2013 75 732 Paris CEDEX 15 \nT\u00e9l : +33 (0)1 40 61 80 80 \nwww.drieat.ile-de-france.developpement-durable.gouv.fr  6 \nArticle 3 \n \nLes directeurs des unit\u00e9s d\u00e9partementales de Paris, du Val -de-Marne, des Hauts -de-Seine et de la \nSeine-Saint-Denis sont charg\u00e9s de l'application de la pr\u00e9sente d\u00e9cision qui sera publi\u00e9e au recueil des \nactes administratifs de la pr\u00e9fecture de la r\u00e9gion d'\u00cele-de-France. \n \n\u00c0 Paris, le 3 juillet 2025 \nLa directrice r\u00e9gionale et interd\u00e9partementale \n de l'environnement, de l'am\u00e9nagement  \net des transports d'\u00cele-de-France \n \n \nSign\u00e9 \n \n \nEmmanuelle GAY \nDirection r\u00e9gionale et interd\u00e9partementale de l'environnement, de l'am\u00e9nagement et des transports d'\u00cele-de-France -\nIDF-2025-07-03-00011 - D\u00e9cision du 3 juillet 2025 portant d\u00e9l\u00e9gation de signature en mati\u00e8re de fiscalit\u00e9 de l'urbanisme 22\nDirection r\u00e9gionale et interd\u00e9partementale de\nl'environnement, de l'am\u00e9nagement et des\ntransports d'\u00cele-de-France\nIDF-2025-07-03-00009\nD\u00e9cision du 3 juillet 2025 portant subd\u00e9l\u00e9gation\nde signature en mati\u00e8re administrative pour le\ncompte du pr\u00e9fet de la r\u00e9gion d'\u00cele-de-France\nDirection r\u00e9gionale et interd\u00e9partementale de l'environnement, de l'am\u00e9nagement et des transports d'\u00cele-de-France -\nIDF-2025-07-03-00009 - D\u00e9cision du 3 juillet 2025 portant subd\u00e9l\u00e9gation de signature en mati\u00e8re administrative pour le compte du\npr\u00e9fet de la r\u00e9gion d'\u00cele-de-France\n23\nPREFET _DE LA REGIOND'\u00ceLE-DE-FRANCELibert\u00e9Egalit\u00e9Fraternit\u00e9\n \nDRIEAT \n21-23 rue Miollis \u2013 75 732 Paris CEDEX 15 \nT\u00e9l : +33 (0)1 40 61 80 80 \nwww.drieat.ile-de-france.developpement-durable.gouv.fr  1 \n \nDirection r\u00e9gionale et interd\u00e9partementale \nde l'environnement, de l'am\u00e9nagement \net des transports d'\u00cele-de-France \n \n \n \n \nD\u00e9cision portant subd\u00e9l\u00e9gation de signature en mati\u00e8re administrative  \npour le compte du pr\u00e9fet de la r\u00e9gion d'\u00cele-de-France \n \n \nLa directrice r\u00e9gionale et interd\u00e9partementale de l'environnement, de l'am\u00e9nagement et des transports \nd'\u00cele-de-France, \n \nVu la loi n\u00b0 82-213 du 2 mars 1982 relative aux droits et libert\u00e9s des communes, des d\u00e9partements et des \nr\u00e9gions ; \n \nVu la loi d'orientation n\u00b0 92-125 du 6 f\u00e9vrier 1992 relative \u00e0 l'administration territoriale de la R\u00e9publique ; \n \nVu le d\u00e9cret n\u00b0  2004-374 du 29 avril 2004 relatif aux pouvoirs des pr\u00e9fets, \u00e0 l'organisation et \u00e0 l'action \ndes services de l'\u00c9tat dans les r\u00e9gions et d\u00e9partements ; \n \nVu le d\u00e9cret n\u00b0 2005-636 du 30 mai 2005 relatif \u00e0 l'organisation de l'administration dans le domaine de \nl'eau et aux missions du pr\u00e9fet coordonnateur de bassin ; \n \nVu le d\u00e9cret n\u00b0  2006-304 du 16  mars 2006 portant cr\u00e9ation et organisatio n des directions \ninterd\u00e9partementales des routes ; \n \nVu le d\u00e9cret n\u00b0  2010-687 du 24 juin 2010 modifi\u00e9 relatif \u00e0 l'organisation et aux missions des services de \nl'\u00c9tat dans la r\u00e9gion et les d\u00e9partements d'\u00cele-de-France ; \n \nVu le d\u00e9cret n\u00b0 2013-1041 du 20 novembre 2013 modifi\u00e9 autorisant le ministre charg\u00e9 du d\u00e9veloppement \ndurable \u00e0 d\u00e9l\u00e9guer certains de ses pouvoirs de recrutement et de gestion d'agents plac\u00e9s sous son \nautorit\u00e9 ; \n \nVu le d\u00e9cret n\u00b0 2015-510 du 7 mai 2015 portant charte de la d\u00e9concentration ; \n \nVu le d\u00e9cret du 22 juillet 2020 portant nomination du pr\u00e9fet de la r\u00e9gion d'\u00cele-de-France, pr\u00e9fet de Paris \n(hors classe) - M. GUILLAUME (Marc) ; \n \nVu l'arr\u00eat\u00e9 interminist\u00e9riel du 26 mai 2006 portant constitution des directions interd\u00e9partementales des \nroutes ; \n \nVu l'arr\u00eat\u00e9 du 29  d\u00e9cembre 2016 portant d\u00e9concentration des actes relatifs \u00e0 la situation individuelle \ndes agents publics exer\u00e7ant leurs fonctions dans les services d\u00e9concentr\u00e9s des administrations civiles de \nl'\u00c9tat au sens de l'article 15 du d\u00e9cret n\u00b0 2004-374 du 29 avril 2004 modifi\u00e9 ; \n \nDirection r\u00e9gionale et interd\u00e9partementale de l'environnement, de l'am\u00e9nagement et des transports d'\u00cele-de-France -\nIDF-2025-07-03-00009 - D\u00e9cision du 3 juillet 2025 portant subd\u00e9l\u00e9gation de signature en mati\u00e8re administrative pour le compte du\npr\u00e9fet de la r\u00e9gion d'\u00cele-de-France\n24\n \nDRIEAT \n21-23 rue Miollis \u2013 75 732 Paris CEDEX 15 \nT\u00e9l : +33 (0)1 40 61 80 80 \nwww.drieat.ile-de-france.developpement-durable.gouv.fr  2 \nVu l'arr\u00eat\u00e9 du 26 d\u00e9cembre 2019 portant d\u00e9l\u00e9gation de pouvoirs du ministre charg\u00e9 du d\u00e9veloppement \ndurable en mati\u00e8re de gestion des membres du corps des adjoints administratifs des administrations de \nl'\u00c9tat ; \n \nVu l'arr\u00eat\u00e9 du pr\u00e9fet de la r\u00e9gion d'\u00cele -de-France, pr\u00e9fet de Paris n\u00b0  IDF-02-07-00001 du 7  f\u00e9vrier 2025 \nportant organisation de la direction r\u00e9gionale et interd\u00e9partementale de l'environnement, de \nl'am\u00e9nagement et des transports d'\u00cele-de-France ; \n \nVu la d\u00e9cision DRIEAT-IDF n\u00b0 2025-0051 du 25 f\u00e9vrier 2025 portant organisation de la direction r\u00e9gionale \net interd\u00e9partementale de l'environnement, de l'am\u00e9nagement et des transports d'\u00cele -de-France ; \n \nVu l'arr\u00eat\u00e9 interminist\u00e9riel du 8  juillet 2022 portant nomination d'une directrice r\u00e9gionale et \ninterd\u00e9partementale de l'environnement, de l'am\u00e9nagement et des transports de la r\u00e9gion \u00cele -de-\nFrance ; \n \nVu l'arr\u00eat\u00e9 n\u00b0 IDF-2022-07-19-00005 du 19 juillet 2022 du pr\u00e9fet de la r\u00e9gion \u00cele-de-France, pr\u00e9fet de Paris, \nportant d\u00e9l\u00e9gation de signature \u00e0 Mme  Emmanuelle GAY, directrice r\u00e9gionale et interd\u00e9partementale \nde l'environnement, de l'am\u00e9nagement et des transports d'\u00cele-de-France, en mati\u00e8re administrative ; \n \nSur proposition de l'adjoint \u00e0 la directrice  r\u00e9gionale et interd\u00e9partementale de l'environnement, de \nl'am\u00e9nagement et des transports d'\u00cele-de-France, charg\u00e9 du pilotage, \n \nD\u00e9cide : \nArticle 1er  \n \nI. - Subd\u00e9l\u00e9gation de signature est accord\u00e9e \u00e0 M. Laurent PAILLARD, directeur r\u00e9gional et \ninterd\u00e9partemental adjoint, charg\u00e9 des ressources humaines et de la gestion des moyens, Mme Val\u00e9rie \nBELROSE, directrice r\u00e9gionale et interd\u00e9partementale adjointe charg\u00e9e de l'eau et du d\u00e9veloppement \ndurable, M. Jacques SALHI, directeur r\u00e9gional et interd\u00e9partemental adjoint directeur des routes d'\u00cele -\nde-France, M. Jean-Marc PICARD, directeur r\u00e9gional et interd\u00e9partemental adjoint, charg\u00e9 de l'\u00e9nergie, \ndes risques et de la nature, M. Paul WEICK, directeur r\u00e9gional e t interd\u00e9partemental adjoint charg\u00e9 de \nla s\u00e9curit\u00e9 des transports et des missions de d\u00e9fense et de s\u00e9curit\u00e9, M. Herv\u00e9 SCHMITT, directeur \nr\u00e9gional et interd\u00e9partemental adjoint charg\u00e9 de l'am\u00e9nagement durable et des transports et M. Pascal \nH\u00c9RITIER, adjoint de la directrice, charg\u00e9 du pilotage, pour les mati\u00e8res relevant des articles 4 \u00e0 22.  \n \nII. - En cas d'emp\u00eachement ou d'absence de Mme Emmanuelle GAY, subd\u00e9l\u00e9gation de signature est \naccord\u00e9e \u00e0 M. Laurent PAILLARD, directeur r\u00e9gional et interd\u00e9partemental adjoint, charg\u00e9 des \nressources humaines et de la gestion des moyens, Mme Val\u00e9rie BELROSE, direc trice r\u00e9gionale et \ninterd\u00e9partementale adjointe charg\u00e9e de l'eau et du d\u00e9veloppement durable, M. Jacques SALHI, \ndirecteur r\u00e9gional et interd\u00e9partemental adjoint directeur des routes d'\u00cele -de-France, M. Jean -Marc \nPICARD, directeur r\u00e9gional et interd\u00e9partemental adjoint charg\u00e9 de l'\u00e9nergie, des risques et de la nature, \nM. Paul WEICK, directeur r\u00e9gional et interd\u00e9partemental adjoint charg\u00e9 de la s\u00e9curit\u00e9 des transports et \ndes missions de d\u00e9fense et de s\u00e9curit\u00e9 et M. Herv\u00e9 SCHMITT, directeur r\u00e9gional et interd\u00e9 partemental \nadjoint charg\u00e9 de l'am\u00e9nagement durable et des transports, pour signer  les arr\u00eat\u00e9s, d\u00e9cisions et pi\u00e8ces \nrelevant des attributions de la direction.  \n \n  \nDirection r\u00e9gionale et interd\u00e9partementale de l'environnement, de l'am\u00e9nagement et des transports d'\u00cele-de-France -\nIDF-2025-07-03-00009 - D\u00e9cision du 3 juillet 2025 portant subd\u00e9l\u00e9gation de signature en mati\u00e8re administrative pour le compte du\npr\u00e9fet de la r\u00e9gion d'\u00cele-de-France\n25\n \nDRIEAT \n21-23 rue Miollis \u2013 75 732 Paris CEDEX 15 \nT\u00e9l : +33 (0)1 40 61 80 80 \nwww.drieat.ile-de-france.developpement-durable.gouv.fr  3 \nArticle 2 \n \nI. - Pour le cabinet de la direction, subd\u00e9l\u00e9gation de signature est accord\u00e9e, dan s la limite de ses \nattributions, \u00e0 Mme Agathe BALTZER, directrice de cabinet, pour le fonctionnement du cabinet.  \n \nII. - Pour la mission s\u00e9curit\u00e9 -d\u00e9fense, subd\u00e9l\u00e9gation de signature est accord\u00e9e, dans la limite de leurs \nattributions respectives, \u00e0 M. Paul WEICK, directeur r\u00e9gional et interd\u00e9partemental adjoint charg\u00e9 de la \ns\u00e9curit\u00e9 des transports et des missions de d\u00e9fense et de s\u00e9curit\u00e9 et M. Silv\u00e8re RAYNAUD, chef de la \nmission s\u00e9curit\u00e9-d\u00e9fense. \n \nIII. - Pour le service communication, subd\u00e9l\u00e9gation de signat ure est accord\u00e9e, dans la limite de leurs \nattributions, \u00e0 : \n \n\u2022 Mme St\u00e9phanie CARVALHEIRO, directrice de la communication ;  \n\u2022 Madame Magali MAUGER, directrice adjointe de la communication ; \n\u2022 Mme H\u00e9l\u00e8ne LAMBERT, directrice de la communication d\u00e9l\u00e9gu\u00e9e, cheffe de  la mission \ncommunication. \n \nArticle 3 \n \nI. - Pour la direction des routes d'\u00cele -de-France (DiRIF), subd\u00e9l\u00e9gation de signature est accord\u00e9e \u00e0 M. \nJacques SALHI, directeur r\u00e9gional et interd\u00e9partemental adjoint, directeur des routes d'\u00cele-de-France, et, \ndans la limite de leurs attributions respectives, \u00e0 : \n \n\u2022 M. J\u00e9r\u00f4me ROQUES, directeur adjoint des routes d'\u00cele-de-France ; \n\u2022 Mme Sophie DUPAS, directrice adjointe exploitation et entretien ; \n\u2022 M. Jean-Baptiste MOTTE, secr\u00e9taire g\u00e9n\u00e9ral d\u00e9l\u00e9gu\u00e9 aupr\u00e8s de la DiRIF ; \n\u2022 M. R\u00e9my MENSIRE, chef du service de la modernisation du r\u00e9seau de la direction des routes d'\u00cele -de-\nFrance ; \n\u2022 Mme Emmanuelle PAGES, adjointe au chef du service de la modernisation du r\u00e9seau de la direction \ndes routes d'\u00cele-de-France ; \n\u2022 M. David JUIN, chef du service de la gestion patrimoniale du r\u00e9seau de la direction des routes d'\u00cele -\nde-France ; \n\u2022 M. Claude STREITH, adjoint au chef du service de la gestion patrimoniale du r\u00e9seau de la direction \ndes routes d'\u00cele-de-France ; \n\u2022 M. Pierre-Baptiste DELPUECH, chef du service du trafic et des tunnels ; \n\u2022 M. Jonathan COL\u00c9, adjoint au chef du service du trafic et des tunnels ; \n\u2022 Monsieur Jean-Fran\u00e7ois TARISTAS, chef de la mission de la politique et des moyens de l'exploitation \nde la direction des routes d'\u00cele-de-France. \n \nII. - Pour le service de la modernisation du r\u00e9seau, subd\u00e9l\u00e9gation de signature est \u00e9galement accord\u00e9e, \ndans la limite de leurs attributions respectives, \u00e0 : \n \n\u2022 M. Guillaume BENNET, chef du d\u00e9partement de la modernisation du r\u00e9seau Sud-Ouest et son adjoint \nM. R\u00e9gis BOST ; \n\u2022 M. \u00c9ric VILBE, chef du d\u00e9partement de la modernisation du r\u00e9seau Est, et son adjointe, Mme Florence \nDERUMIGNY ;  \n\u2022 M. Antoine CHEVALIER, chef du d\u00e9partement de la modernisation du r\u00e9seau Nord, et son adjoint, M. \nLudovic MARIA ; \nDirection r\u00e9gionale et interd\u00e9partementale de l'environnement, de l'am\u00e9nagement et des transports d'\u00cele-de-France -\nIDF-2025-07-03-00009 - D\u00e9cision du 3 juillet 2025 portant subd\u00e9l\u00e9gation de signature en mati\u00e8re administrative pour le compte du\npr\u00e9fet de la r\u00e9gion d'\u00cele-de-France\n26\n \nDRIEAT \n21-23 rue Miollis \u2013 75 732 Paris CEDEX 15 \nT\u00e9l : +33 (0)1 40 61 80 80 \nwww.drieat.ile-de-france.developpement-durable.gouv.fr  4 \n\u2022 M. Christophe DESNOUAILLES, chef du d\u00e9partement des \u00e9tudes g\u00e9n\u00e9rales et des voies r\u00e9serv\u00e9es ;  \n\u2022 Mme Micheline LEHOUX, cheffe du bureau des affaires fonci\u00e8res , et son adjoint, M. Salman \nBENKHEIRA ; \n\u2022 Mme Marie BUISSON, cheffe du bureau programmation, gestion et ordonnancement ; \n \n \nIII. - Pour le service de la gestion patrimoniale du r\u00e9seau, subd\u00e9l\u00e9gation de signature est accord\u00e9e, dans \nla limite de leurs attributions respectives, \u00e0 : \n \n\u2022 M. Guillaume DAMIEN, chef du d\u00e9partement ouvrag es d'art et ses adjoints M. Fernando DIAS, chef \nde l'unit\u00e9 technique ouvrages d'art et M. Victor MARTINET, chef de l'unit\u00e9 gestion centralis\u00e9e \nouvrages d'art ; \n\u2022 M. St\u00e9phane BIANCOTTO (\u00e0 compter du 1 er juin 2025), adjoint au chef de l'unit\u00e9 gestion \ncentralis\u00e9e ouvrages d'art  \n\u2022 M. Lionel BARASCUD, chef du P\u00f4le Sud-Ouest de l'unit\u00e9 gestion centralis\u00e9e ouvrages d'art et son \nadjoint, M. Olivier SIGAULT ; \n\u2022 Mme Marie BUSSAC, cheffe du P\u00f4le Nord-Est de l'unit\u00e9 gestion centralis\u00e9e ouvrages d'art ; \n\u2022 M. Sylvain G\u00c9RARD, ch ef du d\u00e9partement des techniques de la route et de son adjointe, Mme \nDalila AIT ALI (\u00e0 compter du 1er juin 2025) ; \n\u2022 M. Dominique LE DUFF, chef de l'unit\u00e9 \u00e9quipement du d\u00e9partement des techniques de la route ; \n\u2022 M. Patrick VINCENT, adjoint au chef de l'unit\u00e9 Eau Environnement ; \n\u2022 M. Jean-No\u00ebl IVRY, adjoint au chef de l'unit\u00e9 Chauss\u00e9e Terrassement ; \n\u2022 M. Laurent PROVOST, adjoint au chef de l'unit\u00e9 Am\u00e9nagements routiers  ; \n\u2022 Mme \u00c9lise CAMPAIGNOLLE, cheffe de la mission D\u00e9veloppement Durable et D\u00e9pendances \nVertes ;  \n\u2022 Mme Mich\u00e8le MARLIERE, cheffe du d\u00e9partement politique et programmation routi\u00e8res et son \nadjointe Mme Laura SAPATEIRO ; \n\u2022 M. Valentin PRATESI, chef de l'unit\u00e9 g\u00e9omatique du patrimoine routier  ; \n\u2022 Mme Vanessa FERREZ, cheffe de l'unit\u00e9 gestion budg\u00e9taire et administrative, et son adjointe \nMme Gwena\u00eblle COSMAO ; \n\u2022 M. Xavier POTIER, chef de l'unit\u00e9 programmation, Politiques techniques et Qualit\u00e9 et son \nadjointe, Sophie MOZER ; \n\u2022 M. Abdellah BENADJEMIA, chef de l'unit\u00e9 Connaissance du patrimoine routier  ; \n\u2022 M. Patrice LEVEQUE, adjoint \u00e0 la cheffe de l'unit\u00e9 S\u00e9curit\u00e9 de l'infrastructure.  \n \nIV. - Pour le service du trafic et des tunnels, subd\u00e9l\u00e9gation de signature est accord\u00e9e, dans la limite de \nleurs attributions respectives, \u00e0 : \n \n\u2022 M. Jonathan COL\u00c9, adjoint au chef du service du trafic et des tunnels ; \n\u2022 M. Cl\u00e9ment MORIN, chef du d\u00e9partement de l'ing\u00e9nierie et de la modernisation des \u00e9quipements et \ndes tunnels ; \n\u2022 M. Wahbi YAKOUBI, adjoint au chef du d\u00e9partement de l'ing\u00e9nierie et de la modernisation des \n\u00e9quipements et des tunnels ; \n\u2022 Mme S\u00e9verine CARPENTIER, cheffe du d\u00e9partement de l'exploitation du trafic et des tunnels (DETT) ; \n\u2022 M. Olivier NALIN, adjoint au chef du d\u00e9partement de l'exploitation du trafic et des tunnels ;  \n\u2022 M. Quentin LABRUE, adjoint au chef du d\u00e9partement de l'exploitation du trafic et des tunnels ; \n\u2022 M. Alexandre ROSSI, chef de l'unit\u00e9 observatoire et ing\u00e9nierie du trafic, et son adjoint M. Marc \nRIVIERE ; \nDirection r\u00e9gionale et interd\u00e9partementale de l'environnement, de l'am\u00e9nagement et des transports d'\u00cele-de-France -\nIDF-2025-07-03-00009 - D\u00e9cision du 3 juillet 2025 portant subd\u00e9l\u00e9gation de signature en mati\u00e8re administrative pour le compte du\npr\u00e9fet de la r\u00e9gion d'\u00cele-de-France\n27\n \nDRIEAT \n21-23 rue Miollis \u2013 75 732 Paris CEDEX 15 \nT\u00e9l : +33 (0)1 40 61 80 80 \nwww.drieat.ile-de-france.developpement-durable.gouv.fr  5 \n\u2022 M. Nicolas BERNARD, chef de l'unit\u00e9 coordination du trafic et information routi\u00e8re, et ses adjoints, \nM. Marc KOENIG, chef du centre coordination trafic, et M. David THOMACHOT, chef du p\u00f4le gestion \nde crises routi\u00e8res et chantiers ; \n\u2022 M. Arnaud IFFLY, chef de l'unit\u00e9 politique de maintenance et modernisation et son adjointe, Mme \nJeanne BATA ; M. Antoine PERRAIS, chef de l'unit\u00e9 informatique et r\u00e9seaux centraux , et son adjoint, \nM. David QUINTANS  ; M. Hassan BELKACEM, responsable du poste de contr\u00f4le trafic et tunnels \n(PCTT) Nord, et son adjoint M. Philippe THULLIER, en charge de l'exploitation ; \n\u2022 Mme Aude COVIN, cheffe du poste de contr\u00f4le trafic et tunnels (PCTT) Ouest, et ses adjoints, M. \nJean-Bernard GAUQUELIN, en charge de l'exploitation, et M. C\u00e9dric LALLEMANT, en charge de la \nmaintenance, ainsi que ses chefs de p\u00f4le, M. Fr\u00e9d\u00e9ric MILICEVIC, charg\u00e9 de p\u00f4le de maintenance de \nNanterre et Mme Samantha MIOTTI, charg\u00e9 de p\u00f4le de maintenance de Boulogne  \n\u2022 Mme Morgane ALATORRE, cheffe du poste de contr\u00f4le trafic et tunnels Sud, et ses adjoints M. Robert \nTOUATI, en charge de l'exploitation, et M. Julien PROUST, en charge de la maintenance ; \n\u2022 M. J\u00e9r\u00f4me RODRIGUEZ, chef du poste de contr\u00f4le trafic et tunnels Est, et ses adjoints, M. Laurent \nMOUSSEUX, en charge de l'exploitation, et M. Jean-Pierre SULLY, en charge de la maintenance ; \n \nV. - Pour l'arrondissement de gestion et d'exploitation Ouest, subd\u00e9l\u00e9gation de signature est accord\u00e9e, \ndans la limite de leurs attributions respectives, \u00e0 : \n \n\u2022 M. Michel PERREL, responsable de l'arrondissement de gestion et d'exploitation de la route Ouest, et \nson adjointe Mme Julie COHEN-SOLAL ; \n\u2022 Mme Audrey MERCHEZ ; cheffe du bureau de gestion administrative et de la route (BGAR) ; \n\u2022 Mme Pauline MATHEVET, responsable de l'unit\u00e9 d'exploitation de la route de Jouy -en-Josas ; \n\u2022 M. Jonathan PROD'HOMME, adjoint au chef de l'unit\u00e9 d'exploitation de la route de Jouy-en-Josas ; \n\u2022 Mme M\u00e9lanie LIMIER, responsable de l'UER de Nanterre -Boulogne et son adjointe, Mme Catherine \nCHAUVET ; \n \nVI. - Pour l'arrondissement de gestion et d'exploitation Est, subd\u00e9l\u00e9gation de signature est accord\u00e9e, \ndans la limite de leurs attributions respectives, \u00e0 : \n \n\u2022 M. Fr\u00e9d\u00e9ric ESNAULT, chef de l'arrondissement de gestion et d'exploitation de la route Est et son \nadjoint M. Anthony MITRANO ; \n\u2022 M. Claude GRUMELART, chef du bureau de gestion administrative et de la route (BGAR)  ; \n\u2022 Mme Val\u00e9rie DITTE, cheffe de l'unit\u00e9 d'exploitation de la route de Brie-Comte-Robert et son adjoint, \nM. Patrice DEGLA ; \n\u2022 M. Ludovic CADET, chef de l'unit\u00e9 d'exploitation de la route de Champigny et son adjoint, M. Florent \nGRANDJEAN ; \n\u2022  \nVII. - Pour l'arrondissement de gestion et d'exploitation Sud, subd\u00e9l\u00e9gation est accord\u00e9e, dans la limite \nde leurs attributions respectives, \u00e0 : \n \n\u2022 M. Bastien SALESSE, chef de l'arrondissement de gestion et d'exploitation de la route Sud  et son \nadjoint M. Moustapha SAVANE ; \n\u2022 M. Christian LABILLE, chef du bureau de gestion administrative et de la route  ; \n\u2022 Mme Lucienne LIBER, adjointe au chef de l'unit\u00e9 d'exploitation de la route de Chevilly -Larue ; \n\u2022 M. Fr\u00e9d\u00e9ric BERTRAND, chef de l'unit\u00e9 d'exploitation de la route d'Orsay-Villab\u00e9 et son adjoint, M. \nDenis PRUDHOMME ; \n \nDirection r\u00e9gionale et interd\u00e9partementale de l'environnement, de l'am\u00e9nagement et des transports d'\u00cele-de-France -\nIDF-2025-07-03-00009 - D\u00e9cision du 3 juillet 2025 portant subd\u00e9l\u00e9gation de signature en mati\u00e8re administrative pour le compte du\npr\u00e9fet de la r\u00e9gion d'\u00cele-de-France\n28\n \nDRIEAT \n21-23 rue Miollis \u2013 75 732 Paris CEDEX 15 \nT\u00e9l : +33 (0)1 40 61 80 80 \nwww.drieat.ile-de-france.developpement-durable.gouv.fr  6 \nVIII. - Pour l'arrondissement de gestion et d'exploitation Nord, subd\u00e9l\u00e9gation est accord\u00e9e, dans la limite \nde leurs attributions respectives, \u00e0 : \n \n\u2022 M. Olivier ROUQUETTE, chef de l'arrondissement de gest ion et d'exploitation de la route Nord \u00e0 \ncompter du 1er mai 2025 et son adjointe, Mme Elsa ALEXANDRE ; \n\u2022 M. Juan-Manuel MARTIN, chef du bureau de gestion administrative et de la route (BGAR)  ; \n\u2022 Mme Nadine AZOULAY, cheffe contentieux et administratif ; \n\u2022 M. Jean-Willem LALLEMAND, chef de l'unit\u00e9 d'exploitation de la route de Saint -Denis, et son adjoint \nM. Maurice LABYLLE ; \n\u2022 Mme Nathalie POTAILLON, adjointe au chef de l'unit\u00e9 d'exploitation de la route d'Eragny -sur-Oise. \n \nArticle 4 \n \nI. - Pour le service s\u00e9curit \u00e9 des transports et des v\u00e9hicules (SSTV), subd\u00e9l\u00e9gation de signature est \naccord\u00e9e, dans la limite de leurs attributions respectives, \u00e0 M. Paul WEICK, directeur r\u00e9gional et \ninterd\u00e9partemental adjoint charg\u00e9 de la s\u00e9curit\u00e9 des transports et des missions de d\u00e9fense et de s\u00e9curit\u00e9, \nchef du service s\u00e9curit\u00e9 des transports et des v\u00e9hicules et son adjointe Mme Odile S\u00c9GUIN.  \n \nII. - La subd\u00e9l\u00e9gation de signature mentionn\u00e9e au I. est \u00e9galement accord\u00e9e, dans la limite de leurs \nattributions respectives, \u00e0 : \n \n\u2022 Mme Marion ESCARGUEIL-RAYNAUD, cheffe du d\u00e9partement s\u00e9curit\u00e9 des transports fluviaux  ;  \n\u2022 Mme Justine GODARD, adjointe \u00e0 la cheffe du d\u00e9partement s\u00e9curit\u00e9 des transports fluviaux  ; \n\u2022 Mme Sabrina LANDUREAU, cheffe de l'unit\u00e9 s\u00e9curit\u00e9 des bateaux  ; \n\u2022 M. Adrien BLASQUEZ, chef de l'unit\u00e9 documents de bord et police de la navigation et son adjointe, \nMme Evangelia DELCHANIDIS ; \n\u2022 M. Ren\u00e9 ALBERTI, chef du d\u00e9partement s\u00e9curit\u00e9, \u00e9ducation et circulation routi\u00e8res  ; \n\u2022 M. Jean-Fran\u00e7ois FRATINI, chef de l'unit\u00e9 s\u00e9curit\u00e9 et \u00e9ducation routi\u00e8res ; \n\u2022 M. Guillaume THUAULT, chef de l'unit\u00e9 circulation routi\u00e8re et son adjointe, Mme F\u00e9lie LESUR  ; \n\u2022 M. Moussa BELOUASSAA, chef du d\u00e9partement r\u00e9gulation des transports routiers  ;  \n\u2022 M. Ronan MEAR, adjoint au chef du d\u00e9partement r\u00e9gulation des transports routiers ; \n\u2022 Mme Sadia KHELIFI, cheffe de la division gestion ; \n\u2022 Mme C\u00e9cile OLIVO, adjointe \u00e0 la cheffe de la division gestion ; \n\u2022 Mme Laurence MURZEAU, cheffe de l'unit\u00e9 gestion des titres ;  \n\u2022 Mme Gina DUVALLON, charg\u00e9e de mission appui \u00e0 la gestion ; \n\u2022 M. Christophe DEPRUGNEY, chef de l'unit\u00e9 du registre des voitures de transport avec chauffeur, \nadjoint \u00e0 la cheffe de l'unit\u00e9 gestion des titres ; \n\u2022 M. Hugues NOLLET, chef de la division contr\u00f4le ; \n\u2022 M. Yves SCHOEFFNER, chef du d\u00e9partement homologation et surveillance des v\u00e9hicules.  \n \nArticle 5 \n \nI. - Pour le service am\u00e9nagement durable (SAD), subd\u00e9l\u00e9gation de signature est accord\u00e9e, dans la limite \nde leurs attributions respectives, \u00e0 Mme Muriel BENSAID, c heffe du service am\u00e9nagement durable et \nson adjointe, Mme Ghislaine BORDES. \n \nII. - Subd\u00e9l\u00e9gation de signature est \u00e9galement accord\u00e9e, pour ce qui concerne les non -soumissions et \ndispenses d'agr\u00e9ment des locaux d'activit\u00e9s, \u00e0 :  \n\u2022 M. Vincent BRUGER, chef de la mission immobilier d'entreprise ;  \nDirection r\u00e9gionale et interd\u00e9partementale de l'environnement, de l'am\u00e9nagement et des transports d'\u00cele-de-France -\nIDF-2025-07-03-00009 - D\u00e9cision du 3 juillet 2025 portant subd\u00e9l\u00e9gation de signature en mati\u00e8re administrative pour le compte du\npr\u00e9fet de la r\u00e9gion d'\u00cele-de-France\n29\n \nDRIEAT \n21-23 rue Miollis \u2013 75 732 Paris CEDEX 15 \nT\u00e9l : +33 (0)1 40 61 80 80 \nwww.drieat.ile-de-france.developpement-durable.gouv.fr  7 \n\u2022 Mme \u00c9milie TOUCHARD, adjointe au chef de la mission immobilier d'entreprise.  \n \nArticle 6 \n \nPour le service politique des transports (SPOT), subd\u00e9l\u00e9gation de signature est accord\u00e9e, dans la limite \nde leurs attributions respectives, \u00e0 M. Christophe DENIAU, chef du service politique des transports et \nses adjoints, M. Denis LAISNEY, chef du d\u00e9partement transports urbains et M. Eliott VARON, chef du \nd\u00e9partement des mobilit\u00e9s et de la logistique. \n \nArticle 7 \n \nI. - Pour le service politiques et police de l'eau (SPPE), subd\u00e9l\u00e9gation de signature est accord\u00e9e, dans la \nlimite de leurs attributions respectives, \u00e0 M. Thomas BOUYER, chef du service politiques et police de \nl'eau et ses adjointes, Mme Caroline LAVALLART et Mme \u00c9milie BONNET -DERIVIERE, pour signer et \naccomplir les actes suivants, en qualit\u00e9 de d\u00e9l\u00e9gu\u00e9 du bassin Seine-Normandie : \n \n\u27a2 Saisir et convoquer au nom du pr\u00e9fet de la r\u00e9gion d'\u00cele -de-France, pr\u00e9fet coordonnateur du bassin \nSeine-Normandie, le comit\u00e9 de gestion des poissons migrateurs du bassin Seine-Normandie ; \n\u27a2 Signer, au nom du pr\u00e9fet de la r\u00e9gion d'\u00cele -de-France, pr\u00e9fet coordonnateur du bassin Seine -\nNormandie, tous les arr\u00eat\u00e9s et d\u00e9cisions concernant le plan de gestion des poissons migrateurs du \nbassin Seine-Normandie et la fixation des limitations de p\u00eache selon les modalit\u00e9s fix\u00e9es par ledit \nplan de gestion ; \n\u27a2 Saisir le comit\u00e9 de bassin Seine -Normandie pour avis sur les projets de p\u00e9rim\u00e8tres de sch\u00e9mas \nd'am\u00e9nagement et de gestion des eaux, les projets de sch\u00e9mas d'am\u00e9nagement et de gestion des \neaux et les projets de d\u00e9limitation de zones vuln\u00e9rables \u00e0 la pollution par les nitrates  ; \n\u27a2 Repr\u00e9senter, en application de l'article R.  212-30 du code de l 'environnement, le pr \u00e9fet \ncoordonnateur du bassin Seine Normandie dans les Commissions locales de l'eau des SAGE du bassin ; \n\u27a2 Saisir, en application de l'article R. 566-11 du code de l'environnement, le comit\u00e9 de bassin pour avis \nsur les documents relatifs \u00e0 la mise en \u0153uvre de la Directive Inondation ; \n\u27a2 Signer au nom du pr\u00e9fet de la r\u00e9gion \u00cele -de-France, pr\u00e9fet coordinateur du bassin Seine -Normandie, \ntoutes les d\u00e9cisions d'habilitation des organismes pour la r\u00e9alisation des diagnostics sur site de \ndispositifs m\u00e9trologiques utilis\u00e9s pour le calcul des redevances pou r pr\u00e9l\u00e8vement sur la ressource en \neau et pour pollution non domestique de l'eau per\u00e7ues par les agences de l'eau.  \n \nII. - Subd\u00e9l\u00e9gation de signature est accord\u00e9e, dans la limite de leurs attributions respectives, \u00e0  : \n \n\u2022 M. Thomas BOUYER, chef du service politiques et police de l'eau  ; \n\u2022 Mme Caroline LAVALLART, adjointe au chef du service politiques et police de l'eau, cheffe de la \nmission strat\u00e9gie eau et planification ; \n\u2022 Mme \u00c9milie BONNET-DERIVIERE, adjointe au chef du service politiques et police de l'eau  ; \n\u2022 Mme Evelyne GODEHEU, cheffe du d\u00e9partement instruction loi sur l'eau, et son adjointe, Mme \nGabri\u00e8le BENDAYAN ; \n\u2022 M. Maxime HAVIER, chef de l'unit\u00e9 Oise Seine Aval ; \n\u2022 M. T\u00e9o MORNAS, chef de l'unit\u00e9 Marne Seine Amont. \n \nPour signer, au titre de la Mission Interd\u00e9partementale Inter -services de l'eau et de la nature, tous les \nactes ou d\u00e9cisions li\u00e9s au fonctionnement et \u00e0 la mise en \u0153 uvre des actions de la Mission \nInterd\u00e9partementale Inter-services de l'eau et de la nature de Paris et de la proche couronne. \n \nDirection r\u00e9gionale et interd\u00e9partementale de l'environnement, de l'am\u00e9nagement et des transports d'\u00cele-de-France -\nIDF-2025-07-03-00009 - D\u00e9cision du 3 juillet 2025 portant subd\u00e9l\u00e9gation de signature en mati\u00e8re administrative pour le compte du\npr\u00e9fet de la r\u00e9gion d'\u00cele-de-France\n30\n \nDRIEAT \n21-23 rue Miollis \u2013 75 732 Paris CEDEX 15 \nT\u00e9l : +33 (0)1 40 61 80 80 \nwww.drieat.ile-de-france.developpement-durable.gouv.fr  8 \nArticle 8 \n \nPour le service connaissance et d\u00e9veloppement durable (SCDD), subd\u00e9l\u00e9gation de signature est \naccord\u00e9e, dans la limite de leurs attributions respectives, \u00e0 Mme Dominique BERTHON, cheffe du service \nconnaissance et d\u00e9veloppement durable, et ses adjoints, M. J\u00e9r\u00f4me AYACHE, M. Guillaume CRIEF, et M. \nLuc CHARANSONNEY ; \n \nArticle 9 \n \nI. - Subd\u00e9l\u00e9gation de signature est accord\u00e9e, dans la limite de leurs attributions respectives, \u00e0 Mme \nDominique BERTHON, cheffe du service connaissance et d\u00e9veloppement durable, et ses adjoints, M. \nJ\u00e9r\u00f4me AYACHE, M. Guillaume CRIEF, et M. Luc CHARANSONNEY, \u00e0 l 'effet de signer, au titre de \nl'autorit\u00e9 charg\u00e9e de l'examen au cas par cas mentionn\u00e9e au premier alin\u00e9a du IV de l'article L.122 -1 du \ncode de l'environnement pour les projets (articles L.122 -1, L.122-2, L.512-7-2 et R.122-2, R.122-3, R.122-3-\n1 du code l'environnement) : \n \n\u27a2 Les r\u00e9c\u00e9piss\u00e9s de d\u00e9p\u00f4t, les courriers de demande de compl\u00e9ments, d'accus\u00e9 de r\u00e9ception, de \ndemande de contribution aux services experts, \n\u27a2 Les d\u00e9cisions portant obligation ou non, de r\u00e9aliser une \u00e9valuation environnementale,  \n\u27a2 Les r\u00e9ponses au x recours administratifs pr\u00e9alables rendus dans le cadre de la proc\u00e9dure d'examen \n\u00ab au cas par cas \u00bb conform\u00e9ment aux dispositions de l'article R. 122-3 du code de l'environnement. \n \nII. - La subd\u00e9l\u00e9gation mentionn\u00e9e au I. est \u00e9galement accord\u00e9e, dans la limite de leurs attributions \nrespectives, \u00e0 : \n \n\u2022 Mme Anne-Laure VERNEIL, cheffe du d\u00e9partement \u00e9valuation environnementale ; \n\u2022 M. Tristan AVRY, adjoint \u00e0 la cheffe du d\u00e9partement \u00e9valuation environnementale ; \n\u2022 M. Benjamin HOBBS, adjoint \u00e0 la cheffe du d\u00e9partement \u00e9valuation environnementale  ; \n\u2022 Mme Agn\u00e8s COURET, cheffe de l'unit\u00e9 d\u00e9partementale de Seine et Marne  ;  \n\u2022 Mme Cl\u00e9mence JAHANGIR, adjointe \u00e0 la cheffe de l'unit\u00e9 d\u00e9partementale de Seine -et-Marne ;  \n\u2022 M. David LEROUGE, adjoint \u00e0 la cheffe de l'unit\u00e9 d\u00e9partementale de Seine -et-Marne ; \n\u2022 Mme Delphine DUBOIS, cheffe de l'unit\u00e9 d\u00e9partementale des Yvelines  ;  \n\u2022 Mme Marielle MUGUERRA, adjointe \u00e0 la cheffe de l'unit\u00e9 d\u00e9partementale des Yvelines  ; \n\u2022 M. Patrick POIRET, chef de l'unit\u00e9 d\u00e9partementale de l'Essonne ;  \n\u2022 Mme Sophie PIERRET, adjointe au chef de l'unit\u00e9 d\u00e9partementale de l'Essonne ; \n\u2022 M. Mathieu FERNANDEZ, r\u00e9f\u00e9rent d\u00e9partemental risques accidentels  ; \n\u2022 M. Alain TUFFERY, directeur r\u00e9gional et interd\u00e9partemental adjoint de l'environnement, de \nl'am\u00e9nagement et des transports de la r\u00e9gion \u00cele -de-France, directeur de l'unit\u00e9 d\u00e9partementale des \nHauts-de-Seine ; \n\u2022 M. Fabrice MORONVAL, directeur adjoint de l'unit\u00e9 d\u00e9partementale des Hauts -de-Seine ; \n\u2022 Mme Sybille MULLER, directrice adjointe de l'unit\u00e9 d\u00e9partementale des Hauts -de-Seine ; \n\u2022 M. Laurent CONDOMINES, directeur r\u00e9gional et interd\u00e9partemental adjoint  de l'environnement, de \nl'am\u00e9nagement et des transports de la r\u00e9gion \u00cele -de-France, directeur de l'un it\u00e9 d\u00e9partementale de \nla Seine-Saint-Denis ; \n\u2022 M. Andr\u00e9 COUBLE, directeur adjoint de l'unit\u00e9 d\u00e9partement de la Seine -Saint-Denis ; \n\u2022 Mme Sylvie CHATY, directrice adjointe de l'unit\u00e9 d\u00e9partementale de la Seine -Saint-Denis ; \n\u2022 Mme Julie TISSOT, directrice r\u00e9gional e et interd\u00e9partementale adjointe de l'environnement, de \nl'am\u00e9nagement et des transports d'\u00cele -de-France, directrice de l'unit\u00e9 d\u00e9partementale du Val -de-\nMarne ;  \nDirection r\u00e9gionale et interd\u00e9partementale de l'environnement, de l'am\u00e9nagement et des transports d'\u00cele-de-France -\nIDF-2025-07-03-00009 - D\u00e9cision du 3 juillet 2025 portant subd\u00e9l\u00e9gation de signature en mati\u00e8re administrative pour le compte du\npr\u00e9fet de la r\u00e9gion d'\u00cele-de-France\n31\n \nDRIEAT \n21-23 rue Miollis \u2013 75 732 Paris CEDEX 15 \nT\u00e9l : +33 (0)1 40 61 80 80 \nwww.drieat.ile-de-france.developpement-durable.gouv.fr  9 \n\u2022 Mme Sarah BERNHARD, directrice adjointe de l'unit\u00e9 d\u00e9partementale du Val -de-Marne ; \n\u2022 Mme Fiona TCHANAKIAN ; directrice adjointe de l'unit\u00e9 d\u00e9partementale du Val-de-Marne ; \n\u2022 M. Alexis RAFA, chef de l'unit\u00e9 d\u00e9partementale du Val d'Oise ;  \n\u2022 M. Thomas BLATON, adjoint au chef de l'unit\u00e9 d\u00e9partementale du Val-d'Oise. \n \nArticle 10 \n \nI. - Pour le service \u00e9nergie et b\u00e2timent (SEB), subd\u00e9l\u00e9gation de signature est accord\u00e9e, dans la limite de \nses attributions, \u00e0  Mme Aurore FARGETTE, cheffe du service \u00e9nergie et b\u00e2timent et son adjointe, \nMme Alice METAYER-MATHIEU. \n \nII. - Subd\u00e9l\u00e9gation de signature est \u00e9galement accord\u00e9e, dans la limite de leurs attributions respectives \n\u00e0 :  \n \n\u2022 M. Thibaut BADOUAL, chef du d\u00e9partement climat, air, \u00e9nergie ; \n\u2022 Mme Julie LODEWYCKX, adjointe au chef du d\u00e9partement climat, air, \u00e9nergie ; \n\u2022 Mme Nathalie BOUSQUET, cheffe du d\u00e9partement b\u00e2timent ; \n\u2022 Mme H\u00e9l\u00e8ne BONNET, cheffe du d\u00e9partement patrimoine immobilier ; \n\u2022 M. Louis ORTA, adjoint \u00e0 la cheffe du d\u00e9partement patrimoine immobilier  ; \n\u2022 M. Jean-Michel DUBOIS, chef de l'unit\u00e9 politique immobili\u00e8re. \n \nArticle 11 \n \nI. - Pour le service nature et paysage (SNP),  subd\u00e9l\u00e9gation de signature est accord\u00e9e, dans la limite de \nleurs attributions, \u00e0 Mme Lucile RAMBAUD, cheffe du service nature et paysage et son adjoint, \nM. St\u00e9phane LUCET, \u00e0 l'effet de signer les accords pr \u00e9alables \u00e0 la d\u00e9livrance d'une autorisation \nd'installation d'une enseigne sur un monument naturel, dans un site class\u00e9, un c\u0153ur de parc national, \nune r\u00e9serve naturelle ou sur un arbre. \n \nII. - La subd\u00e9l\u00e9gation mentionn\u00e9e au I. est \u00e9galement accord\u00e9e, dans l a limite de leurs attributions \nrespectives, \u00e0 :  \n \n\u2022 Mme Florence MOTTES, cheffe du d\u00e9partement sites et paysage et son adjointe, Mme Paola VITA  ; \n\u2022 M. Antoine LOMBARD, chef du d\u00e9partement espaces et patrimoine naturels.  \n \nArticle 12 \n \nPour le service pr\u00e9vention des risques (SPR), subd\u00e9l\u00e9gation de signature est accord\u00e9e, dans la limite de \nleurs attributions respectives, \u00e0 :  \n\u2022 M. Olivier LEVILLAIN, chef du service pr\u00e9vention des risques ; \n\u2022 Mme Guillemette de KERDREL, adjointe au chef du service pr\u00e9vention des risques, cheffe du \nd\u00e9partement risques chroniques ; \n\u2022 Mme Ir\u00e8ne ALFONSI, adjointe \u00e0 la cheffe du d\u00e9partement risques chroniques  ; \n\u2022 Mme \u00c9lisabeth BLATON, cheffe du d\u00e9partement risques accidentels \n\u2022 M. Vincent PIERRON, adjoint \u00e0 la cheffe du d\u00e9partement risques accidentels ; \n\u2022 M. Baptiste LORENZI, chef du d\u00e9partement risques naturels ; \n\u2022 Mme Laurence BALMES, adjointe au chef du d\u00e9partement risques naturels ; \n\u2022 Mme Sophie SAUVAGNAT, adjointe au chef du d\u00e9partement risques naturels  ; \n\u2022 Mme Manon VIGNES, cheffe du d\u00e9partement hydrologie et pr\u00e9vision des crues ; \nDirection r\u00e9gionale et interd\u00e9partementale de l'environnement, de l'am\u00e9nagement et des transports d'\u00cele-de-France -\nIDF-2025-07-03-00009 - D\u00e9cision du 3 juillet 2025 portant subd\u00e9l\u00e9gation de signature en mati\u00e8re administrative pour le compte du\npr\u00e9fet de la r\u00e9gion d'\u00cele-de-France\n32\n \nDRIEAT \n21-23 rue Miollis \u2013 75 732 Paris CEDEX 15 \nT\u00e9l : +33 (0)1 40 61 80 80 \nwww.drieat.ile-de-france.developpement-durable.gouv.fr  10 \n\u2022 Mme Carine CHALEON, adjointe \u00e0 la cheffe du d\u00e9partement hydrologie et pr\u00e9vision des crues.  \n \nArticle 13 \n \nI. - Pour le service accompagnement et pilotage (SAP), subd\u00e9l\u00e9gation de signature est accord\u00e9e, dans la \nlimite de leurs attributions respectives, \u00e0 M. Jean-Yves D\u00c9MARETZ, chef du service accompagnement et \npilotage et son adjoint, M. Philippe LOUVET. \n \nII. - Subd\u00e9l\u00e9gation de signature est \u00e9galement accord\u00e9e, dans la limite de leurs attributions respectives, \n\u00e0 : \n\u2022 Mme Sandie CHAMBARET, cheffe du d\u00e9partement qualit\u00e9 et innovation  ; \n\u2022 Mme Julie MANINI, cheffe du d\u00e9partement pilotage du budget et des effectifs  ; \n\u2022 Mme Patricia AKPWA-MEDOU, charg\u00e9e d'\u00e9tudes budg\u00e9taires et financi\u00e8res ; \n\u2022 M. Jean -Baptiste PUIGGALI, chef du d\u00e9partement des affaires juridiques, de l'archivage et de la \ndocumentation, dans la limite de ses attributions, pour signer notamment tout acte ou pi\u00e8ces \nn\u00e9cessaires \u00e0 la d\u00e9fense des activit\u00e9s des services devant les juridictions administratives et judiciaires \net pour pr\u00e9senter des observations orales devant les juridictions ; \n\u2022 M. Jonas COSTAGLIOLA, chef de l'unit\u00e9 des affaires juridiques, dans la limite de ses attributions, pour \nsigner notamment tout acte ou pi\u00e8ces n\u00e9cessaires \u00e0 la d\u00e9fense des activit\u00e9s des  services devant les \njuridictions administratives et judiciaires et pour pr\u00e9senter des observations orales devant les \njuridictions. \n \nArticle 14 \n \nI. - Pour le secr\u00e9tariat g\u00e9n\u00e9ral (SG), subd\u00e9l\u00e9gation de signature est accord\u00e9e, dans la limite de leurs \nattributions respectives, \u00e0 M.  Ivan ROCHARD, secr\u00e9taire g\u00e9n\u00e9ral et son adjointe, Mme Justine SONG, \u00e0 \nM. Jean-Baptiste MOTTE, secr \u00e9taire g \u00e9n\u00e9ral d \u00e9l\u00e9gu\u00e9 aupr\u00e8s de la DiRIF et son adjoint, M. Pascal \nERRECART, ainsi que pour pr\u00e9senter des observations devant les com it\u00e9s m\u00e9dicaux et les commissions \nde r\u00e9forme, pour signer les actes relatifs \u00e0 la gestion des ressources humaines, aux achats et \u00e0 la \ncommande publique ainsi qu'\u00e0 la logistique et aux moyens g\u00e9n\u00e9raux relevant de son service.  \n \nII. - La subd\u00e9l\u00e9gation mentionn \u00e9e au I. est \u00e9galement accord\u00e9e, dans la limite de leurs attributions \nrespectives, \u00e0 : \n\u2022 Mme Marie-Laure AYUSTE-PELAGE, cheffe du bureau des ressources humaines du secr\u00e9tariat g\u00e9n\u00e9ral \nd\u00e9l\u00e9gu\u00e9 aupr\u00e8s de la DiRIF ; \n\u2022 Mme Sandrine FLORENTINY, adjointe \u00e0 la cheffe du bureau des ressources humaines ; \n\u2022 Mme Warda BOURICHE, cheffe du bureau formation, concours et recrutements  ; \n\u2022 Mme Annie LACROIX, cheffe du d\u00e9partement des ressources humaines et des comp\u00e9tences, \u00e0 l'effet \nde signer tous les actes et pi\u00e8ces relevant des attributions du d\u00e9partement, ainsi que pour pr\u00e9senter \ndes observations devant les comit\u00e9s m\u00e9dicaux et les commissions de r\u00e9forme  ; \n\u2022 M. Jean -Antoine DELMAS, adjoint \u00e0 la cheffe du d\u00e9partement des ressources humaines et des \ncomp\u00e9tences ; \n\u2022 Mme Nathalie RICHARD, cheffe de l'unit\u00e9 formation, handicap accompagnement et comp\u00e9tences  ; \n\u2022 M. Tarik MAHJOUBI, chef de l'unit\u00e9 temps, effectifs, recrutement et mobilit\u00e9, \u00e0 l'effet de signer tous \nles actes et pi\u00e8ces relevant du d\u00e9partement en cas d'emp\u00eachement de la cheffe et de  son adjoint ; \n\u2022 M. Gr\u00e9goire DROUINEAU, chef du d\u00e9partement des affaires financi\u00e8res ; \n\u2022 M. Valentin RAULT, adjoint au chef du d\u00e9partement des affaires financi\u00e8res  ; \n\u2022 M. Jean AUTERNAUD, chef du d\u00e9partement de la logistique et de la gestion immobili\u00e8re ;  \n\u2022 M. Yanis KHERBOUCHE, adjoint au chef du d\u00e9partement de la logistique et de la gestion immobili\u00e8re ; \nDirection r\u00e9gionale et interd\u00e9partementale de l'environnement, de l'am\u00e9nagement et des transports d'\u00cele-de-France -\nIDF-2025-07-03-00009 - D\u00e9cision du 3 juillet 2025 portant subd\u00e9l\u00e9gation de signature en mati\u00e8re administrative pour le compte du\npr\u00e9fet de la r\u00e9gion d'\u00cele-de-France\n33\n \nDRIEAT \n21-23 rue Miollis \u2013 75 732 Paris CEDEX 15 \nT\u00e9l : +33 (0)1 40 61 80 80 \nwww.drieat.ile-de-france.developpement-durable.gouv.fr  11 \n\u2022 Mme Catherine KHELAF, adjointe au chef du d\u00e9partement de la logistique et de la gestion \nimmobili\u00e8re ; \n\u2022 M. Vincent ROUVEYROL, chef du d\u00e9partement de la commande publique et de la politique d'achat ; \n\u2022 M. David LECOMTE, chef du bureau des affaires juridiques du secr\u00e9tariat g\u00e9n\u00e9ral d\u00e9l\u00e9gu\u00e9 \u00e0 la DiRIF ; \n\u2022 Mme Catherine PERNOIS, adjointe au chef du bureau des affaires juridiques du secr\u00e9tariat g\u00e9n\u00e9ral \nd\u00e9l\u00e9gu\u00e9 \u00e0 la DiRIF ; \n\u2022 M. Nicolas MURY, charg\u00e9 d'\u00e9tudes juridiques du secr\u00e9tariat g\u00e9n\u00e9ral d\u00e9l\u00e9gu\u00e9 \u00e0 la DiRIF, pour pr\u00e9senter \ndes observations orales devant les juridictions ; \n \nArticle 15 \n \nI. - Pour le service du num\u00e9rique, subd\u00e9l\u00e9gation de signature est accord\u00e9e, dans la limite de ses \nattributions, \u00e0 Mme Nathalie TINGRY, cheffe du service du num\u00e9rique et son adjoint M. Ga\u00ebl BINTEIN, \npour signer les actes relatifs \u00e0 la logistique et aux moyens g\u00e9n\u00e9raux relevant de son service. \n \nII. La subd\u00e9l\u00e9gation mentionn\u00e9e au I. est \u00e9galement accord\u00e9e, dans la limite de leurs attributions \nrespectives, \u00e0 : \n\u2022 Mme Emmanuelle AIRAUD, cheffe du d\u00e9partement environnement num\u00e9rique de travail  ; \n\u2022 M. Jean-Marc VADO, chef du d\u00e9partement infrastructures, syst\u00e8mes d'information et de s\u00e9curit\u00e9.  \n \nArticle 16 \n \nI. - Pour l'unit\u00e9 d\u00e9partementale de Paris (UD 75), subd\u00e9l\u00e9gation de signature est accord\u00e9e \u00e0 M. Jean -\nPascal BIARD, directeur r\u00e9gional et interd\u00e9partemental adjoint, directeur de l'unit\u00e9 d\u00e9partementale de \nParis, pour signer les d\u00e9cisions de gestion des personnels vis\u00e9s dans les annexes des arr\u00eat\u00e9s du 29 \nd\u00e9cembre 2016 et du 26 d\u00e9cembre 2019 susvis\u00e9s. \n \nII. - La subd\u00e9l\u00e9gation mentionn\u00e9e au I. e st \u00e9galement accord\u00e9e, dans la limite de leurs attributions \nrespectives, \u00e0 : \n\u2022 M. Fran\u00e7ois BELBEZET, chef du service am\u00e9nagement durable et connaissance des territoires  ; \n\u2022 Mme Laurence CACHEUX, cheffe du service patrimoine, paysage et droit des sols  ; \n\u2022 Mme Natacha CARRIER-SCHRUMPF, cheffe du service utilit\u00e9 publique et \u00e9quilibres territoriaux  ; \n\u2022 Mme Chantal GERVAIS, cheffe de la mission d'appui au pilotage local  ; \n \nArticle 17 \n \nI. - Pour l'unit\u00e9 d\u00e9partementale des Hauts -de-Seine (UD 92), subd\u00e9l\u00e9gation de signatur e est accord\u00e9e \u00e0 \nM. Alain TUFFERY, directeur r \u00e9gional et interd \u00e9partemental adjoint de l'environnement, de \nl'am\u00e9nagement et des transports de la r \u00e9gion \u00cele -de-France, directeur de l'unit\u00e9 d\u00e9partementale des \nHauts-de-Seine et ses adjoints, Mme Sybille MULLE R et M. Fabrice MORONVAL, directeurs -adjoints de \nl'unit\u00e9 d\u00e9partementale des Hauts -de-Seine \u00e0 l'effet de signer les d\u00e9cisions de gestion des personnels \nvis\u00e9s dans les annexes des arr\u00eat\u00e9s du 29 d\u00e9cembre 2016 et du 26 d\u00e9cembre 2019 susvis\u00e9s.  \n \nII. - La subd\u00e9l\u00e9 gation mentionn\u00e9e au I. est \u00e9galement accord\u00e9e, dans la limite de leurs attributions \nrespectives, \u00e0 : \n\u2022 Mme Claire ROSEV\u00c8GUE, cheffe du service risques et installations class\u00e9es  ; \n\u2022 M. Olivier PAS, adjoint \u00e0 la cheffe du service risques et installations class\u00e9 es ; \n\u2022 M. Rodolphe VAN VLAENDEREN, chef du service urbanisme et construction durable  ; \n\u2022 Mme Sophie TCHENG, adjointe au chef du service urbanisme et construction durable  ; \nDirection r\u00e9gionale et interd\u00e9partementale de l'environnement, de l'am\u00e9nagement et des transports d'\u00cele-de-France -\nIDF-2025-07-03-00009 - D\u00e9cision du 3 juillet 2025 portant subd\u00e9l\u00e9gation de signature en mati\u00e8re administrative pour le compte du\npr\u00e9fet de la r\u00e9gion d'\u00cele-de-France\n34\n \nDRIEAT \n21-23 rue Miollis \u2013 75 732 Paris CEDEX 15 \nT\u00e9l : +33 (0)1 40 61 80 80 \nwww.drieat.ile-de-france.developpement-durable.gouv.fr  12 \n\u2022 Mme Louise DEVRIES, cheffe du service planification et am\u00e9nagement des territoires, et son adjointe, \nLola MAGAZ ;  \n\u2022 Mme Smiljana SEKULIC-GELEBART, cheffe du service \u00e9ducation et s\u00e9curit\u00e9 routi\u00e8re ; \n\u2022 M. Fr\u00e9d\u00e9ric SEIGLE, chef du p\u00f4le v\u00e9hicules infra-r\u00e9gional Ouest ; \n\u2022 M. \u00c9tienne MERLIN, adjoint au chef du p\u00f4le v\u00e9hicules infra-r\u00e9gional Ouest ; \n\u2022 Mme Muriel LECAT, cheffe du p\u00f4le d'appui au pilotage local. \n \nArticle 18 \n \nI. - Pour l'unit\u00e9 d\u00e9partementale de la Seine-Saint-Denis (UD 93), subd\u00e9l\u00e9gation de signature est accord\u00e9e \n\u00e0 M. Laurent CONDOMINES, directeur r\u00e9gional et interd\u00e9partemental  adjoint de l'environnement, de \nl'am\u00e9nagement et des transports d'\u00cele-de-France, directeur de l'unit\u00e9 d\u00e9partementale de la Seine-Saint-\nDenis et ses adjoints, M. Andr\u00e9 COUBLE et Mme Sylvie CHATY, pour signer les d\u00e9cisions de gestion des \npersonnels vis\u00e9s dans les annexes des arr\u00eat\u00e9s du 29 d\u00e9cembre 2016 et du 26 d\u00e9cembre 2019 susvis\u00e9s.  \n \nII. - La subd\u00e9l\u00e9gation mentionn\u00e9e au I.  est \u00e9galement accord\u00e9e, dans la limite de leurs attributions \nrespectives, \u00e0 : \n\u2022 M. Alaoudine MAYOUFI, chef du service risques et installations class\u00e9es ;  \n\u2022 M. Mohamed SEGHROUCHNI, adjoint au chef du service risques et installations class\u00e9es  ; \n\u2022 Mme Isabelle SCAUSSE, cheffe du p\u00f4le v\u00e9hicules infra-r\u00e9gional Nord \n\u2022 M. Naoufal NOUKRI adjoint \u00e0 la cheffe du p\u00f4le v\u00e9hicules infra-r\u00e9gional Nord ; \n\u2022 M. Didier BEAURAIN, chef du service \u00e9ducation et s\u00e9curit\u00e9 routi\u00e8re ; \n\u2022 M. St\u00e9phane MUNCH, adjoint au chef de service \u00e9ducation et s\u00e9curit\u00e9 routi\u00e8re  ; \n\u2022 Mme Florence MONFORT, cheffe du service urbanisme et construction durable ;  \n\u2022 Mme C\u00e9line BARON, adjointe \u00e0 la cheffe du service urbanisme et construction durable  ; \n\u2022 Mme Mathilde HONORAT, cheffe du service planification et am\u00e9nagement des territoires  ;  \n\u2022 Mme Marie JUILLE, adjointe \u00e0 la cheffe du service planification et am\u00e9nagement des territoires. \n \nArticle 19 \n \nI. - Pour l'unit\u00e9 d\u00e9partementale du Val -de-Marne (UD 94), subd\u00e9l\u00e9gation est accord\u00e9e, dans la limite de \nleurs attributions respectives \u00e0  Mme Julie TISSOT, directrice r\u00e9gionale et interd\u00e9partementale adjointe \nde l'environnement, de l'am\u00e9nagement et des transports d'\u00cele -de-France, directrice de l'unit\u00e9 \nd\u00e9partementale du Val-de-Marne et ses adjoints, Mme Sarah BERNHARD et Mme Fiona TCHANAKIAN, \n\u00e0 l'effet de signer les d\u00e9cisions de gestion des personnels vis\u00e9s dans les annexes des arr\u00eat\u00e9s du 29 \nd\u00e9cembre 2016 et du 26 d\u00e9cembre 2019 susvis\u00e9s. \n \nII. - La subd\u00e9l\u00e9gation mentionn\u00e9e au I. est \u00e9galement accord\u00e9e, dans la limite de leurs attributions \nrespectives, \u00e0 : \n \n\u2022 M. Didier CATTENOZ, chef du service urbanisme et construction durables et son adjointe, Mme Marie \nPRESANI ; \n\u2022 Mme G\u00e9raldine SANAUR, cheffe du service planification et am\u00e9nagement des territoires  et ses \nadjoints, M. Olivier COMPAGNET et Mme Flora DELHOMME ; \n\u2022 M. Fran\u00e7ois BOLLENGIER, chef du service \u00e9ducation et s\u00e9curit\u00e9 routi\u00e8res et son adjointe, Mme Sa\u00efba \nKUMAR ; \n\u2022 Mme Sonia GUILLOT, cheffe du service risques et installations class\u00e9es et son adjointe, Mme Anne \nJOHANNY ; \n\u2022 M. S\u00e9bastien CUCURULO, chef du p\u00f4le v\u00e9hicules infra-r\u00e9gional Sud ; \nDirection r\u00e9gionale et interd\u00e9partementale de l'environnement, de l'am\u00e9nagement et des transports d'\u00cele-de-France -\nIDF-2025-07-03-00009 - D\u00e9cision du 3 juillet 2025 portant subd\u00e9l\u00e9gation de signature en mati\u00e8re administrative pour le compte du\npr\u00e9fet de la r\u00e9gion d'\u00cele-de-France\n35\n \nDRIEAT \n21-23 rue Miollis \u2013 75 732 Paris CEDEX 15 \nT\u00e9l : +33 (0)1 40 61 80 80 \nwww.drieat.ile-de-france.developpement-durable.gouv.fr  13 \n\u2022 Mme Nadjette BENAOUDA-GARCIA, cheffe du p\u00f4le appui au pilotage local et son adjoint, M. Fran\u00e7ois \nMALARE. \n \nArticle 20 \n \nPour l'unit\u00e9 d\u00e9partementale de Seine-et-Marne (UD 77), subd\u00e9l\u00e9gation est donn\u00e9e, dans la limite de leurs \nattributions respectives, \u00e0 Mme Agn\u00e8s COURET, cheffe de l'unit\u00e9 d\u00e9partementale de Seine et Marne, et \nses adjoints, Mme Cl\u00e9mence JAHANGIR et M. David LEROUGE, \u00e0 l'effet de signer les d\u00e9cisions de gestion \ndes personnels vis\u00e9s dans les annexes des arr\u00eat\u00e9s du 29 d\u00e9cembre 2016 et du 26 d\u00e9cembre 2019. \n \nArticle 21 \n \nPour l'unit\u00e9 d\u00e9partementale des Yvelines (UD 78), subd\u00e9l\u00e9gation de signature est donn\u00e9e, dans la limite \nde leurs attributions respectives, \u00e0  Mme Delphine DUBOIS, cheffe de l 'unit\u00e9 d\u00e9partementale des \nYvelines, et \u00e0 son adjointe, Mme Marielle MUGUERRA, \u00e0 l'effet de signer les d\u00e9cisions de gestion des \npersonnels vis\u00e9s dans les annexes des arr\u00eat\u00e9s du 29 d\u00e9cembre 2016 et du 26 d\u00e9cembre 2019.  \n \nArticle 22 \n \nI. - Pour l'unit\u00e9 d\u00e9partementale de l'E ssonne (UD 91), subd\u00e9l\u00e9gation de signature est donn\u00e9e, dans la \nlimite de leurs attributions respectives, \u00e0 M. Patrick POIRET, chef de l'unit\u00e9 d\u00e9partementale de l'Essonne, \net \u00e0 son adjointe, Mme Sophie PIERRET, \u00e0 l'effet de signer les d\u00e9cisions de gestion d es personnels vis\u00e9s \ndans les annexes des arr\u00eat\u00e9s du 29 d\u00e9cembre 2016 et du 26 d\u00e9cembre 2019.  \n \nII. - La subd\u00e9l\u00e9gation mentionn\u00e9e au I. est \u00e9galement accord\u00e9e, dans la limite de ses attributions, \u00e0  : \n\u2022 M. Mathieu FERNANDEZ, r\u00e9f\u00e9rent d\u00e9partemental risques technologiques. \n \nArticle 23 \n \nPour l'unit\u00e9 d\u00e9partementale du Val-d'Oise (UD 95), subd\u00e9l\u00e9gation de signature est donn\u00e9e, dans la limite \nde leurs attributions respectives, \u00e0  M. Alexis RAFA, chef de l 'unit\u00e9 d\u00e9partementale du Val -d'Oise, et \u00e0 \nson adjoint, M. Thomas BLATON, \u00e0 l'effet de signer les d\u00e9cisions de gestion des personnels vis\u00e9s dans les \nannexes des arr\u00eat\u00e9s du 29 d\u00e9cembre 2016 et du 26 d\u00e9cembre 2019.  \n \nArticle 24 \n \nI. - Sont exclus des subd\u00e9l\u00e9gations vis\u00e9es dans les articles 2 \u00e0 15 : \n \n\u27a2 Les conventions pass\u00e9es avec des collectivit\u00e9s locales, les \u00e9tablissements publics, les op\u00e9rateurs \npublics et les agences d'urbanisme ; \n\u27a2 Les correspondances ou avis formul\u00e9s \u00e0 l'attention des directeurs d'administration centrale  ; \n\u27a2 Les avis, propositions ou d \u00e9cisions relatifs aux cadres sup\u00e9rieurs de la direction r\u00e9gionale et \ninterd\u00e9partementale de l'environnement, de l'am\u00e9nagement et des transports d'\u00cele -de-France ; \n\u27a2 Les mesures de suspension des fonctions et les d\u00e9cisions d'engagement de la proc\u00e9dure disciplinaire \n\u00e0 l'\u00e9gard des agents ; \n\u27a2 L'instruction et les actes relevant de la sanction disciplinaire, ainsi que de l'abandon de poste  ; \n\u27a2 Les avis, propositions ou d\u00e9cisions relatifs aux cadres sup\u00e9rieurs de la direction r\u00e9gionale et \ninterd\u00e9partementale de l'environnement, de l'am\u00e9nagement et des transports d'\u00cele-de-France. \n \nDirection r\u00e9gionale et interd\u00e9partementale de l'environnement, de l'am\u00e9nagement et des transports d'\u00cele-de-France -\nIDF-2025-07-03-00009 - D\u00e9cision du 3 juillet 2025 portant subd\u00e9l\u00e9gation de signature en mati\u00e8re administrative pour le compte du\npr\u00e9fet de la r\u00e9gion d'\u00cele-de-France\n36\n \nDRIEAT \n21-23 rue Miollis \u2013 75 732 Paris CEDEX 15 \nT\u00e9l : +33 (0)1 40 61 80 80 \nwww.drieat.ile-de-france.developpement-durable.gouv.fr  14 \nII. - Sont exclues des subd\u00e9l\u00e9gations vis\u00e9es dans les articles 2 \u00e0 14, sauf pour les directeurs -adjoints y \ncompris les directeurs des unit\u00e9s d\u00e9partementales : \n \n\u27a2 Les correspondances avec les maire s des communes chefs -lieux de d\u00e9partement et les pr\u00e9sidents \nd'\u00e9tablissements publics territoriaux (EPT), de communaut\u00e9 d'agglom\u00e9ration ou de communaut\u00e9 de \ncommunes ; \n\u27a2 Les conventions relatives aux prestations mutualis\u00e9es, assur\u00e9es par une entit\u00e9 de la DRIEA T pour le \ncompte d'autres directions de l'\u00c9tat en \u00cele-de-France, y compris en mati\u00e8re immobili\u00e8re. \n \nIII. - Sont exclues des subd\u00e9l\u00e9gations vis\u00e9es dans les articles 7 \u00e0 14 : \n \n\u27a2 Les correspondances avec les parlementaires, les anciens ministres, les conseillers r\u00e9gionaux et \nd\u00e9partementaux, les pr\u00e9sidents des associations de maires, la maire de Paris et les maires des \ncommunes chefs-lieux de d\u00e9partement ; \n\u27a2 Les correspondances entrant dans le cadre de la n\u00e9gociation du contrat de plan \u00c9tat -r\u00e9gion ; \n \nIV. - Sont exclus des subd\u00e9l\u00e9gations vis\u00e9es aux articles ci -dessus, les m\u00e9moires en d\u00e9fense pr\u00e9sent\u00e9s au \nnom de l'\u00c9tat \u00e0 l'occasion des recours form\u00e9s devant les juridictions administratives et n\u00e9s de l'activit\u00e9 \nde la direction r\u00e9gionale et interd\u00e9partementale de l'environnement, de l'am\u00e9nagement et des \ntransports d'\u00cele-de-France, ou relevant de la d\u00e9l\u00e9gation de pouvoir consentie au pr\u00e9fet de la r\u00e9gion d'\u00cele-\nde-France en mati\u00e8re de gestion de certains personnels du minist\u00e8re de l'\u00e9cologie, du  d\u00e9veloppement \ndurable, des transports et du logement par le d\u00e9cret n\u00b0 2013 -1041 du 20 novembre 2013 modifi\u00e9 et les \narr\u00eat\u00e9s du 26 d\u00e9cembre 2019 modifi\u00e9s susvis\u00e9s. Ne sont pas concern\u00e9es par cette exclusion, et ce pour \nles activit\u00e9s relevant des articles 3 \u00e0 6 ainsi que des articles 11, 13 \u00e0 22, les proc\u00e9dures d'urgence pr\u00e9vues \nau livre V du code de justice administrative. \n \nUne copie de toutes correspondances avec les autres \u00e9lus, maires, conseillers municipaux ainsi que de \ncelles concernant le contr\u00f4le de l \u00e9galit\u00e9 et les m\u00e9moires produits dans le cadre des proc\u00e9dures \nd'urgence susmentionn\u00e9es, sera simultan\u00e9ment adress\u00e9e au pr\u00e9fet de la r\u00e9gion d'\u00cele -de-France. \n \nArticle 25 \n \nLes subd\u00e9l\u00e9gations accord\u00e9es au titre de la pr\u00e9sente d\u00e9cision sont valables en cas d'in t\u00e9rim exerc\u00e9 par \nun subd\u00e9l\u00e9gataire d\u00e9sign\u00e9 formellement par la directrice r\u00e9gionale et interd\u00e9partementale de \nl'environnement, de l'am\u00e9nagement et des transports d'\u00cele-de-France. \n \nArticle 26 \n \nLa d\u00e9cision n\u00b0 IDF-2025-05-02-00011 du 2  mai 2025 portant subd\u00e9l \u00e9gation de signature en mati\u00e8re \nadministrative pour le compte du pr\u00e9fet de la r\u00e9gion d'\u00cele-de-France est abrog\u00e9e. \n \n \n  \nDirection r\u00e9gionale et interd\u00e9partementale de l'environnement, de l'am\u00e9nagement et des transports d'\u00cele-de-France -\nIDF-2025-07-03-00009 - D\u00e9cision du 3 juillet 2025 portant subd\u00e9l\u00e9gation de signature en mati\u00e8re administrative pour le compte du\npr\u00e9fet de la r\u00e9gion d'\u00cele-de-France\n37\n \nDRIEAT \n21-23 rue Miollis \u2013 75 732 Paris CEDEX 15 \nT\u00e9l : +33 (0)1 40 61 80 80 \nwww.drieat.ile-de-france.developpement-durable.gouv.fr  15 \nArticle 27 \n \nL'adjoint \u00e0 la directrice r\u00e9gionale et interd\u00e9partementale de l'environnement, de l'am\u00e9nagement et des \ntransports d'\u00cele-de-France, charg\u00e9 du pilotage, est charg\u00e9 de l'ex\u00e9cution de la pr\u00e9sente d\u00e9cision qui sera \npubli\u00e9e au recueil des actes administratifs de la pr\u00e9fecture de la r\u00e9gion d'\u00cele -de-France. \n \n \u00c0 Paris, le 3 juillet 2025 \nLa directrice r\u00e9gionale et interd\u00e9partementale  \nde l'environnement, de l'am\u00e9nagement  \net des transports d'\u00cele-de-France \n \n \nSign\u00e9 \n \n \nEmmanuelle GAY \nDirection r\u00e9gionale et interd\u00e9partementale de l'environnement, de l'am\u00e9nagement et des transports d'\u00cele-de-France -\nIDF-2025-07-03-00009 - D\u00e9cision du 3 juillet 2025 portant subd\u00e9l\u00e9gation de signature en mati\u00e8re administrative pour le compte du\npr\u00e9fet de la r\u00e9gion d'\u00cele-de-France\n38\nDirection r\u00e9gionale et interd\u00e9partementale de\nl'environnement, de l'am\u00e9nagement et des\ntransports d'\u00cele-de-France\nIDF-2025-07-03-00010\nD\u00e9cision du 3 juillet 2025 portant subd\u00e9l\u00e9gation\nde signature en mati\u00e8re d'ordonnancement\nsecondaire et de commande publique pour le\ncompte du pr\u00e9fet de la r\u00e9gion d'\u00cele-de-France\nDirection r\u00e9gionale et interd\u00e9partementale de l'environnement, de l'am\u00e9nagement et des transports d'\u00cele-de-France -\nIDF-2025-07-03-00010 - D\u00e9cision du 3 juillet 2025 portant subd\u00e9l\u00e9gation de signature en mati\u00e8re d'ordonnancement secondaire et de\ncommande publique pour le compte du pr\u00e9fet de la r\u00e9gion d'\u00cele-de-France\n39\nPREFET |DE LA REGIOND'\u00ceLE-DE-FRANCELibert\u00e9Egalit\u00e9Fraternit\u00e9\n \nDRIEAT \n21-23 rue Miollis \u2013 75 732 Paris CEDEX 15 \nT\u00e9l : +33 (0)1 40 61 80 80 \nwww.drieat.ile-de-france.developpement-durable.gouv.fr  1 \n \nDirection r\u00e9gionale et interd\u00e9partementale \nde l'environnement, de l'am\u00e9nagement \net des transports d'\u00cele-de-France \n \n \n \n \nD\u00e9cision portant subd\u00e9l\u00e9gation de signature en mati\u00e8re d'ordonnancement secondaire  \net de commande publique pour le compte du pr\u00e9fet de la r\u00e9gion d'\u00cele-de-France \n \n \nLa directrice r\u00e9gionale et interd\u00e9partementale de l'environnement, de l'am\u00e9nagement et des transports \nd'\u00cele-de-France, \n \nVu la loi organique n\u00b0 2001-692 du 1er ao\u00fbt 2001 relative aux lois de finances ; \n \nVu le code de la commande publique ; \n \nVu la loi n\u00b0 82-213 du 2 mars 1982 relative aux droits et libert\u00e9s des communes, des d\u00e9partements et des \nr\u00e9gions \n \nVu la loi d'orientation n\u00b0 92-125 du 6 f\u00e9vrier 1992 relative \u00e0 l'administration territoriale de la R\u00e9publique ; \n \nVu le d\u00e9cret n\u00b0 2004-374 du 29 avril 2004 relatif aux pouvoirs des pr\u00e9fets, \u00e0 l'organisation et \u00e0 l'action des \nservices de l'\u00c9tat dans les r\u00e9gions et d\u00e9partements ; \n \nVu le d\u00e9cret n\u00b0 2004-1085 du 14 octobre 2004 relatif \u00e0 la d\u00e9l\u00e9gation de gestion dans les services de l'\u00c9tat ; \n \nVu le d\u00e9cret n\u00b0 2005-636 du 30 mai 2005 relatif \u00e0 l'organisation de l'administration dans le domaine de \nl'eau et aux missions du pr\u00e9fet coordonnateur de bassin ; \n \nVu le d\u00e9cret n\u00b0  2006-304 du 16  mars 2006 portant cr\u00e9ation et organisation des directions \ninterd\u00e9partementales des routes ; \n \nVu le d\u00e9cret n\u00b0 2010-687 du 24 juin 2010 modifi\u00e9 relatif \u00e0 l'organisation  et aux missions des services de \nl'\u00c9tat dans la r\u00e9gion et les d\u00e9partements d'\u00cele-de-France ; \n \nVu le d\u00e9cret n\u00b0 2012-1246 du 7 novembre 2012 relatif \u00e0 la gestion budg\u00e9taire et comptable publique ; \n \nVu le d\u00e9cret n\u00b0 2015-510 du 7 mai 2015 portant charte de la d\u00e9concentration ; \n \nVu le d\u00e9cret du 22 juillet 2020 portant nomination du pr\u00e9fet de la r\u00e9gion d'\u00cele-de-France, pr\u00e9fet de Paris \n(hors classe) - M. GUILLAUME (Marc) ; \n \nVu l'arr\u00eat\u00e9 interminist\u00e9riel du 26 mai 2006 portant constitution des directions interd\u00e9partementales des \nroutes ; \n \nDirection r\u00e9gionale et interd\u00e9partementale de l'environnement, de l'am\u00e9nagement et des transports d'\u00cele-de-France -\nIDF-2025-07-03-00010 - D\u00e9cision du 3 juillet 2025 portant subd\u00e9l\u00e9gation de signature en mati\u00e8re d'ordonnancement secondaire et de\ncommande publique pour le compte du pr\u00e9fet de la r\u00e9gion d'\u00cele-de-France\n40\n \nDRIEAT \n21-23 rue Miollis \u2013 75 732 Paris CEDEX 15 \nT\u00e9l : +33 (0)1 40 61 80 80 \nwww.drieat.ile-de-france.developpement-durable.gouv.fr  2 \nVu l'arr\u00eat\u00e9 du 3  septembre 2010 portant r\u00e8glement de comptabilit\u00e9 du minist\u00e8re de l'\u00e9cologie, de \nl'\u00e9nergie, du d\u00e9veloppement durable et de la mer, en charge des technologies vertes et des n\u00e9gociations \nsur le climat, pour la d\u00e9signation d'un ordonnateur secondaire d\u00e9l\u00e9gu\u00e9 ; \n \nVu l'arr\u00eat\u00e9 du pr\u00e9fet de la r\u00e9gion d'\u00cele -de-France, pr\u00e9fet de Paris n\u00b0  IDF-2023-02-07-00001 du \n7 f\u00e9vrier 2025 portant organisation de la direction r\u00e9gionale et interd\u00e9partementale de l'environnement, \nde l'am\u00e9nagement et des transports d'\u00cele-de-France ; \n \nVu la d\u00e9cision DRIEAT-IF n\u00b0 2025-0051 du 25 f\u00e9vrier 2025 portant organisation des services de la direction \nr\u00e9gionale et interd\u00e9partementale l'environnement, de l'am\u00e9nagement et des transports d'\u00cele-de-France ; \n \nVu l'arr\u00eat\u00e9 interminist\u00e9riel du 8  juillet 2022 portant nomination d'une directrice r\u00e9gionale et \ninterd\u00e9partementale de l'environnement, de l'am\u00e9nagement et des transports de la r\u00e9gion \u00cele-de-France ; \n \nVu l'arr\u00eat\u00e9 du Pr\u00e9fet de la r\u00e9gion \u00cele-de-France, pr\u00e9fet de Paris n\u00b0IDF-2023-04-19-00003 du 19 avril 2023, \nportant d\u00e9l\u00e9gation de signature \u00e0 Mme Emmanuelle GAY, directrice r\u00e9gionale et interd\u00e9partementale de \nl'environnement, de l'am\u00e9nagement et des transports d'\u00cele -de-France, en mati \u00e8re d'ordonnancement \nsecondaire et de commande publique, notamment son article 7 ; \n \nSur proposition de l'adjoint \u00e0 la directrice r\u00e9gionale et interd\u00e9partementale de l'environnement, de \nl'am\u00e9nagement et des transports d'\u00cele-de-France, charg\u00e9 du pilotage, \n \n D\u00e9cide : \n \nARTICLE 1 \u2013 DIRECTION \n \n1. Subd\u00e9l\u00e9gation de signature est donn\u00e9e \u00e0 : \n \n\u2022 M. Laurent PAILLARD, directeur r\u00e9gional et interd\u00e9partemental adjoint, charg\u00e9 des ressources \nhumaines et de la gestion des moyens, et dans les limites de leurs attributions  : \n\u2022 Mme Val\u00e9rie BELROSE, directrice r\u00e9gionale et interd\u00e9partementale adjointe charg\u00e9e de l'eau et du \nd\u00e9veloppement durable ; \n\u2022 M. Paul WEICK, directeur r\u00e9gional et interd\u00e9partemental adjoint, charg\u00e9 de la s\u00e9curit\u00e9 des transports \net des missions de d\u00e9fense et de s\u00e9curit\u00e9 ; \n\u2022 M. Herv\u00e9 SCHMITT, directeur r\u00e9gional et interd\u00e9partemental adjoint charg\u00e9 de l'am\u00e9nagement \ndurable et des transports ; \n\u2022 M. Jean -Marc PICARD, directeur r\u00e9gional et interd\u00e9partemental adjoint charg\u00e9  de l'\u00e9nergie, des \nrisques et de la nature ; \n\u2022 M. Jacques SALHI, directeur r\u00e9gional et interd\u00e9partemental adjoint, directeur des routes d'\u00cele -de-\nFrance ; \n\u2022 M. Pascal H\u00c9RITIER, adjoint de la directrice, charg\u00e9 du pilotage ; \n \npour : \n \na. \u2013 Recevoir les cr\u00e9dits des programmes suivants : \n \n\u27a2 \u00ab Paysage, eau et biodiversit\u00e9 \u00bb (n\u00b0 113) ; \n\u27a2 \u00ab Urbanisme, territoires et am\u00e9lioration de l'habitat \u00bb (n\u00b0 135) ; \n\u27a2 \u00ab Pr\u00e9vention des risques \u00bb (n\u00b0 181) ; \nDirection r\u00e9gionale et interd\u00e9partementale de l'environnement, de l'am\u00e9nagement et des transports d'\u00cele-de-France -\nIDF-2025-07-03-00010 - D\u00e9cision du 3 juillet 2025 portant subd\u00e9l\u00e9gation de signature en mati\u00e8re d'ordonnancement secondaire et de\ncommande publique pour le compte du pr\u00e9fet de la r\u00e9gion d'\u00cele-de-France\n41\n \nDRIEAT \n21-23 rue Miollis \u2013 75 732 Paris CEDEX 15 \nT\u00e9l : +33 (0)1 40 61 80 80 \nwww.drieat.ile-de-france.developpement-durable.gouv.fr  3 \n\u27a2 \u00ab Infrastructures et services de transport \u00bb (n\u00b0 203) ; \n\u27a2 \u00ab S\u00e9curit\u00e9 et \u00e9ducation routi\u00e8res \u00bb (n\u00b0 207) ; \n\u27a2 \u00ab Fonds d'acc\u00e9l\u00e9ration de la transition \u00e9cologique dans les territoires \u00bb (n\u00b0 380). \nb. \u2013 R\u00e9partir ces cr\u00e9dits entre les services responsables d'unit\u00e9s op\u00e9rationnelles, charg\u00e9s de leur \nex\u00e9cution. \n \nc. \u2013 Proc\u00e9der \u00e0 des r\u00e9-allocations en cours d'exercice budg\u00e9taire entre les services responsables d'unit\u00e9s \nop\u00e9rationnelles. Les r\u00e9-allocations d'un montant sup\u00e9rieur \u00e0 20 % de leur budget seront soumises au visa \npr\u00e9alable du pr\u00e9fet de r\u00e9gion d'\u00cele-de-France. \n \n2. Subd\u00e9l\u00e9gation de signature est donn\u00e9e, en mati\u00e8re d'ordonnancement secondaire, \u00e0 : \n \n\u2022 M. Laurent PAILLARD, directeur adjoint, charg\u00e9 des ressources humaines et de la gestion des moyens ; \n\u2022 Mme Val\u00e9rie BELROSE, directrice adjointe, charg\u00e9e de l'eau et du d\u00e9veloppement durable ; \n\u2022 M. Paul WEICK, directeur adjoint charg\u00e9 de la s\u00e9curit\u00e9 des transports et des missions de d\u00e9fense et \nde s\u00e9curit\u00e9, chef du service s\u00e9curit\u00e9 des transports et des v\u00e9hicules ; \n\u2022 M. Herv\u00e9 SCHMITT, directeur adjoint charg\u00e9 de l'am\u00e9nagement durable et des transports ; \n\u2022 M. Jean-Marc PICARD directeur adjoint, charg\u00e9 de l'\u00e9nergie, des risques et de la nature ; \n\u2022 M. Jacques SALHI, directeur adjoint, directeur des routes d'\u00cele-de-France ; \n\u2022 M. Pascal H\u00c9RITIER, adjoint de la directrice, charg\u00e9 du pilotage, \n \n\u00e0 l'effet de signer, dans les conditions fix\u00e9es dans les arr\u00eat\u00e9s susvis\u00e9s, toute pi\u00e8ce relative \u00e0 l'exercice de \nla comp\u00e9tence d'ordonnateur secondaire d\u00e9l\u00e9gu\u00e9, tant pour les d\u00e9penses que pour les recettes, pour les \nprogrammes sus-vis\u00e9s du minist\u00e8re de la transition  \u00e9cologique et de la coh\u00e9sion des territoires et du \nminist\u00e8re de la transition \u00e9nerg\u00e9tique, et pour les programmes suivants : \n \n\u27a2 \u00ab Paysages, eau et biodiversit\u00e9 \u00bb (n\u00b0 113) ; \n\u27a2 \u00ab Urbanisme, territoire et am\u00e9lioration de l'habitat \u00bb (n\u00b0 135) ; \n\u27a2 \u00ab Fonction publique \u00bb (n\u00b0 148) ; \n\u27a2 \u00ab Expertise, information g\u00e9ographique et m\u00e9t\u00e9orologie \u00bb (n\u00b0 159) ; \n\u27a2 \u00ab Energie, climat et apr\u00e8s-mines \u00bb (n\u00b0 174) ; \n\u27a2 \u00ab Pr\u00e9vention des risques \u00bb (n\u00b0 181) ; \n\u27a2 \u00ab Infrastructures et services de transport \u00bb (n\u00b0 203) ; \n\u27a2 \u00ab S\u00e9curit\u00e9 et \u00e9ducation routi\u00e8res \u00bb (n\u00b0 207) ; \n\u27a2 \u00ab Conduite et pilotage des politiques de l'int\u00e9rieur  \u00bb (n\u00b0 216) (UO \u00ab  convergence de l'action sociale \nr\u00e9gionale \u00bb) ; \n\u27a2 \u00ab Conduite et pilotage des politiques de l'\u00e9cologie, du d\u00e9veloppement et de la mobilit\u00e9 durables  \u00bb \n(n\u00b0 217) ; \n\u27a2 \u00ab Sports \u00bb (n\u00b0 219) ; \n\u27a2 \u00ab Performance et r\u00e9silience des b\u00e2timents de l'\u00c9tat et de ses op\u00e9rateurs \u00bb (n\u00b0 348) \n\u27a2 \u00ab Administration territoriale de l'\u00c9tat \u00bb (n\u00b0 354) ; \n\u27a2 \u00ab \u00c9cologie \u00bb (n\u00b0 362)  ; \n\u27a2 \u00ab Comp\u00e9titivit\u00e9 \u00bb (n\u00b0 363) \n\u27a2 \u00ab Coh\u00e9sion \u00bb (n\u00b0 364) ; \n\u27a2 \u00ab Fonds d'acc\u00e9l\u00e9ration de la transition \u00e9cologique dans les territoires (n\u00b0 380) ; \n\u27a2 \u00ab Op\u00e9rations immobili\u00e8res et entretien des b\u00e2timents de l'\u00c9tat \u00bb (n\u00b0 723). \n \nPour les programmes n\u00b0  354, n\u00b0  362 (volet immobilier public) n\u00b0  363, n\u00b0  723, n\u00b0 348 et n\u00b0  216, toute \nd\u00e9pense sup\u00e9rieure \u00e0 400  000 \u20ac HT devra faire l'objet d'un visa pr\u00e9alable du pr\u00e9fet de la r\u00e9gion \u00cele -de-\nDirection r\u00e9gionale et interd\u00e9partementale de l'environnement, de l'am\u00e9nagement et des transports d'\u00cele-de-France -\nIDF-2025-07-03-00010 - D\u00e9cision du 3 juillet 2025 portant subd\u00e9l\u00e9gation de signature en mati\u00e8re d'ordonnancement secondaire et de\ncommande publique pour le compte du pr\u00e9fet de la r\u00e9gion d'\u00cele-de-France\n42\n \nDRIEAT \n21-23 rue Miollis \u2013 75 732 Paris CEDEX 15 \nT\u00e9l : +33 (0)1 40 61 80 80 \nwww.drieat.ile-de-france.developpement-durable.gouv.fr  4 \nFrance, en application de l'article 3 de l'arr\u00eat\u00e9 de d\u00e9l\u00e9gation de signature en mati\u00e8re d'ordonnancement \nsecondaire susvis\u00e9. \n \n3. Subd\u00e9l\u00e9gation de signature est \u00e9galement donn\u00e9e \u00e0 M. Laurent PAILLARD, Mme Val\u00e9rie BELROSE, M. \nPaul WEICK, M. Herv\u00e9 SCHMITT, M. Jean-Marc PICARD et M. Jacques SALHI, directeurs adjoints, ainsi qu'\u00e0 \nM. Pascal H\u00c9RITIER adjoint \u00e0 la directrice, pour signer toute pi\u00e8ce relative \u00e0 la passation et \u00e0 l'ex\u00e9cution \ndes march\u00e9s publics et des accords -cadres, en mati\u00e8re de travaux, fournitures, \u00e9tudes et services, y \ncompris les arr\u00eat\u00e9s relatifs \u00e0 la composition et au mode de fonctionnement des jurys de concours. \n \n4. Pour les subventions d'un montant de 23 000 euros et plus, la subd\u00e9l\u00e9gation de signature consentie au \nparagraphe 1 du pr\u00e9sent article porte sur les cr\u00e9dits du titre VI des programmes n\u00b0  113, n\u00b0 159, n\u00b0 174, \nn\u00b0 181, n\u00b0 217 , n\u00b0 135, n\u00b0 354 et n\u00b0 380 sous r\u00e9serve d'informer au pr\u00e9alable le pr\u00e9fet de la r\u00e9gion d'\u00cele-de-\nFrance des pr\u00e9visions d'attribution desdites subventions. \n \n\u00c0 cet effet, un tableau pr\u00e9visionnel d'attribution des subventions, pr\u00e9cisant les organismes b\u00e9n\u00e9ficiaires \net les montants propos\u00e9s pour chacun d'entre eux , sera transmis par la direction r\u00e9gionale et \ninterd\u00e9partementale de l'environnement, de l'am\u00e9nagement et des transports, autant de fois que \nn\u00e9cessaire et avant la signature des conventions par les b\u00e9n\u00e9ficiaires. \n \nARTICLE 2 \u2013 SIGNATURE \u00c9LECTRONIQUE \n \nLes personnes disposant de la subd\u00e9l\u00e9gation de signature, en vertu de la pr\u00e9sente d\u00e9cision, sont aussi \nhabilit\u00e9es \u00e0 recourir \u00e0 la signature \u00e9lectronique. Pour les agents figurant dans le tableau du paragraphe 2 \nde chaque sous-article concernant la DiRIF ou de chaque article pour les autres services, le recours \u00e0 la \nsignature \u00e9lectronique est accord\u00e9 sans limitation de montant pour valider la demande d'avis sur projet \nde march\u00e9 destin\u00e9e au Responsable minist\u00e9riel des achats (RMA). \n \nARTICLE 3 \u2013 CABINET ET COMMUNICATION \n \n1. La subd\u00e9l\u00e9gation de signature du pr\u00e9sent article porte sur les programmes : \n\u27a2 \u00ab Infrastructures et services de transport \u00bb (n\u00b0 203) (cr\u00e9dits communication) ; \n\u27a2 \u00ab Administration territoriale de l'\u00c9tat \u00bb (n\u00b0 354). \n \n2. Subd\u00e9l\u00e9gation est donn\u00e9e \u00e0 l'effet de signer, dans les conditions fix\u00e9es dans les arr\u00eat\u00e9s susvis\u00e9s et dans \nles limites de leurs attributions et comp\u00e9tences, toute pi\u00e8ce relative \u00e0 l'exercice de la comp\u00e9tence \nd'ordonnateur secondaire d\u00e9l\u00e9gu\u00e9 pour les d\u00e9penses, \u00e0 :  \n \n\u2022 Mme Agathe BALTZER, directrice de cabinet ; \n\u2022 Mme St\u00e9phanie CARVALHEIRO, directrice de la communication ; \n\u2022 Mme Magali MAUGER, directrice adjointe de la communication ;  \n\u2022 Mme H\u00e9l\u00e8ne LAMBERT, directrice de la communication d\u00e9l\u00e9gu\u00e9e, cheffe de la mission \ncommunication. \n \n3. Subd\u00e9l\u00e9gation est donn\u00e9e aux personnes d\u00e9sign\u00e9es dans le pr\u00e9sent article, \u00e0 l'effet de signer les \ncommandes, quel que soit leur montant, prises dans le cadre de march\u00e9s \u00e0 bons de commandes relevant \nde leurs attributions. \n \n  \nDirection r\u00e9gionale et interd\u00e9partementale de l'environnement, de l'am\u00e9nagement et des transports d'\u00cele-de-France -\nIDF-2025-07-03-00010 - D\u00e9cision du 3 juillet 2025 portant subd\u00e9l\u00e9gation de signature en mati\u00e8re d'ordonnancement secondaire et de\ncommande publique pour le compte du pr\u00e9fet de la r\u00e9gion d'\u00cele-de-France\n43\n \nDRIEAT \n21-23 rue Miollis \u2013 75 732 Paris CEDEX 15 \nT\u00e9l : +33 (0)1 40 61 80 80 \nwww.drieat.ile-de-france.developpement-durable.gouv.fr  5 \nARTICLE 4 \u2013 DIRECTION DES ROUTES D'\u00ceLE-DE-FRANCE \n \n1. La subd\u00e9l\u00e9gation de signature du pr\u00e9sent article porte sur : \n \na. \u2013 Les programmes du minist\u00e8re de la transition \u00e9cologique et de la coh\u00e9sion des territoires et du \nminist\u00e8re de la transition \u00e9nerg\u00e9tique : \n\u27a2 \u00ab Infrastructures et services de transport \u00bb (n\u00b0 203) ; \n\u27a2 \u00ab Conduite et pilotage des politiques de l '\u00e9cologie, du d \u00e9veloppement et de la mobilit \u00e9 durables \u00bb \n(n\u00b0 217) ; \n\u27a2 \u00ab \u00c9cologie \u00bb (n\u00b0 362) ; \n\u27a2 \u00ab Coh\u00e9sion \u00bb (n\u00b0 364) ; \n \nb. \u2013 Le programme du minist\u00e8re de l'int\u00e9rieur : \u00ab S\u00e9curit\u00e9 et \u00e9ducation routi\u00e8res \u00bb (n\u00b0 207). \n \nc. \u2013 Le programme du minist\u00e8re de l'\u00e9conomie, des finances et de la souverainet\u00e9 industrielle et \nnum\u00e9rique : \u00ab Performance et r\u00e9silience des b\u00e2timents de l'\u00c9tat et de ses op\u00e9rateurs \u00bb (n\u00b0 348). \n \n2. Subd\u00e9l\u00e9gation est donn\u00e9e \u00e0  M. Jacques SALHI, directeur r\u00e9gional et interd\u00e9partemental adjoint, \ndirecteur des routes d'\u00cele -de-France, \u00e0 M. J\u00e9r\u00f4me ROQUES, directeur adjoint des routes d'\u00cele -de-France \net \u00e0 Mme Sophie DUPAS, directrice adjointe exploitation et entretien \u00e0 l'effet de signer : \n\u27a2 dans les conditions fix\u00e9es dans les arr\u00eat\u00e9s susvis\u00e9s, toute pi\u00e8ce relative \u00e0 l'exercice de la comp\u00e9tence \nd'ordonnateur secondaire d\u00e9l\u00e9gu\u00e9, tant pour les d\u00e9penses que pour les recettes, dans le cadre de ses \nattributions et comp\u00e9tences ; \n\u27a2 toutes les pi\u00e8ces relatives \u00e0 la passation et \u00e0 l'ex\u00e9cution des march\u00e9s publics et accords-cadres. \n \nARTICLE 4-1 \u2013 MISSION DE LA POLITIQUE ET DES MOYENS DE L'EXPLOITATION \n \nParagraphe 1 \u2013 Ordonnancement secondaire \n \n1. La subd\u00e9l\u00e9 gation de signature du pr\u00e9sent paragraphe porte sur le programme du minist\u00e8re de la \ntransition \u00e9cologique et de la coh\u00e9sion des territoires et du minist\u00e8re de la transition \u00e9nerg\u00e9tique  : \n\u00ab Infrastructures et services de transport \u00bb (n\u00b0 203) ; \n \n2. Subd\u00e9l\u00e9gation est donn\u00e9e \u00e0 M. Jean -Fran\u00e7ois TARISTAS, chef de la mission de la politique et des \nmoyens de l'exploitation, \u00e0 l'effet de signer, dans le cadre de ses attributions et comp\u00e9tences et dans les \nconditions fix\u00e9es dans les arr\u00eat\u00e9s susvis\u00e9s, toute p i\u00e8ce relative \u00e0 l'exercice de la comp\u00e9tence \nd'ordonnateur secondaire, tant pour les d\u00e9penses que pour les recettes. \n \n3. Subd\u00e9l\u00e9gation est donn\u00e9e \u00e0 Mme Sarah CASIMIR, responsable m\u00e9thode, qualit\u00e9 et politique \nd'exploitation, \u00e0 l'effet de signer, dans le cad re de ses attributions et comp\u00e9tences, les propositions \nd'engagement, les pi\u00e8ces relatives \u00e0 la constatation de la d\u00e9pense et les ordres de payer relatifs aux \nd\u00e9penses. \n \n4. Subd\u00e9l\u00e9gation est donn\u00e9e \u00e0 M. Jean -Fran\u00e7ois BERNAUER-BUSSIER, adjoint au chef de la  mission de la \npolitique et des moyens d'exploitation, \u00e0 l'effet de signer, dans le cadre de ses attributions et \ncomp\u00e9tences, les propositions d'engagement, les pi\u00e8ces relatives \u00e0 la constatation de la d\u00e9pense et les \nordres de payer relatifs aux d\u00e9penses. \n \n \nDirection r\u00e9gionale et interd\u00e9partementale de l'environnement, de l'am\u00e9nagement et des transports d'\u00cele-de-France -\nIDF-2025-07-03-00010 - D\u00e9cision du 3 juillet 2025 portant subd\u00e9l\u00e9gation de signature en mati\u00e8re d'ordonnancement secondaire et de\ncommande publique pour le compte du pr\u00e9fet de la r\u00e9gion d'\u00cele-de-France\n44\n \nDRIEAT \n21-23 rue Miollis \u2013 75 732 Paris CEDEX 15 \nT\u00e9l : +33 (0)1 40 61 80 80 \nwww.drieat.ile-de-france.developpement-durable.gouv.fr  6 \nParagraphe 2 \u2013 Passation et ex\u00e9cution des march\u00e9s publics et accords-cadres \n \n1. Subd\u00e9l\u00e9gation de signature est consentie \u00e0 la personne d\u00e9sign\u00e9e ci -apr\u00e8s, dans la limite de ses \nattributions et des montants indiqu\u00e9s ci-dessous, pour signer toutes les pi\u00e8ces relatives \u00e0 la passation et \nl'ex\u00e9cution des march\u00e9s publics et des accords-cadres : \n \n \nNOM ET FONCTION \nSuppl\u00e9ant en cas \nd'absence ou \nd'emp\u00eachement \nPassation et ex\u00e9cution \ndes march\u00e9s et accords-cadres \nen montant HT maximum \nJean-Fran\u00e7ois TARISTAS, \nchef de la mission de la \npolitique et des moyens de \nl'exploitation \nJean-Fran\u00e7ois \nBERNAUER-BUSSIER, \nadjoint au chef de la \nmission \nTravaux 1 000 000 \u20ac \nFournitures, \u00e9tudes et \nservices \n250 000 \u20ac \n \n2. Subd\u00e9l\u00e9gation de signature est donn\u00e9e \u00e0 M. Jean-Fran\u00e7ois TARISTAS et \u00e0 son adjoint, M. Jean-Fran\u00e7ois \nBERNAUER-BUSSIER, \u00e0 l'effet de signer dans la limite de ses attributions, pour les march\u00e9s publics et \naccords-cadres dont le montant d\u00e9passe les seuils me ntionn\u00e9s au point 1 du pr\u00e9sent paragraphe, toute \npi\u00e8ce relative \u00e0 leur ex\u00e9cution, \u00e0 l'exclusion des pi\u00e8ces mentionn\u00e9es ci-apr\u00e8s : \n\u27a2 rapport de pr\u00e9sentation ; \n\u27a2 d\u00e9cision d'attribution d'un march\u00e9 et lettre de rejet d'une offre ; \n\u27a2 acte d'engagement ; \n\u27a2 avenant ou acte modificatif ; \n\u27a2 d\u00e9cision d'affermissement de tranche conditionnelle ou optionnelle ; \n\u27a2 d\u00e9cision de reconduction ou non reconduction ; \n\u27a2 d\u00e9cision de r\u00e9siliation ; \n\u27a2 d\u00e9cision d'ajournement. \n \nDans l'hypoth\u00e8se o\u00f9 le montant initial du march\u00e9 est augmen t\u00e9 (avenant \u00e0 incidences financi\u00e8res), le \nseuil est appr\u00e9ci\u00e9 sur le montant total du march\u00e9 public ou accord-cadre, apr\u00e8s augmentation. \n \n3. Subd\u00e9l\u00e9gation est donn\u00e9e \u00e0 Mme Sarah CASIMIR, \u00e0 l'effet de signer, dans le cadre de ses attributions \net comp\u00e9tences, pour les op\u00e9rations routi\u00e8res, toute pi\u00e8ce relative \u00e0 la passation et l'ex\u00e9cution des \nmarch\u00e9s de montant inf\u00e9rieur ou \u00e9gal \u00e0 25  000 \u20ac HT (seuil \u00e0 appr\u00e9cier sur le montant total du march\u00e9, \nen int\u00e9grant le montant des avenants \u00e0 incidence financi\u00e8re quand ils existent) et les bons de commande \nd'un montant inf\u00e9rieur ou \u00e9gal \u00e0 25 000 \u20ac HT pour chaque commande dans le cadre des march\u00e9s \u00e0 bons \nde commande. \n \nARTICLE 4-2 \u2013 LE SERVICE DE MODERNISATION DU R\u00c9SEAU \n \nParagraphe 1 \u2013 Ordonnancement secondaire \n \n1. La subd\u00e9l\u00e9gation de signature du pr\u00e9sent paragraphe porte sur les programmes du minist\u00e8re de la \ntransition \u00e9cologique et de la coh\u00e9sion des territoires et du minist\u00e8re de la transition \u00e9nerg\u00e9tique  : \n\u00ab Infrastructures et services de transport \u00bb (n\u00b0 203). \n \n2. Subd\u00e9l\u00e9gation est donn\u00e9e \u00e0 M. R\u00e9my MENSIRE, chef du service de modernisation du r\u00e9seau et \u00e0 son \nadjointe, Mme Emmanuelle PAGES, \u00e0 l'effet de signer, dans le cadre de leurs attributions et comp\u00e9tences \nDirection r\u00e9gionale et interd\u00e9partementale de l'environnement, de l'am\u00e9nagement et des transports d'\u00cele-de-France -\nIDF-2025-07-03-00010 - D\u00e9cision du 3 juillet 2025 portant subd\u00e9l\u00e9gation de signature en mati\u00e8re d'ordonnancement secondaire et de\ncommande publique pour le compte du pr\u00e9fet de la r\u00e9gion d'\u00cele-de-France\n45\n \nDRIEAT \n21-23 rue Miollis \u2013 75 732 Paris CEDEX 15 \nT\u00e9l : +33 (0)1 40 61 80 80 \nwww.drieat.ile-de-france.developpement-durable.gouv.fr  7 \net dans les conditions fix\u00e9es dans les arr\u00eat\u00e9s susvis\u00e9s, toute pi\u00e8ce relative \u00e0 l'exercice de la comp\u00e9tence \nd'ordonnateur secondaire, tant pour les d\u00e9penses que pour les recettes. \n \n3. Subd\u00e9l\u00e9gation est donn\u00e9e, aux personnes d\u00e9sign\u00e9es ci -apr\u00e8s, \u00e0 l'effet de signer dans  les conditions \nfix\u00e9es dans les arr\u00eat\u00e9s susvis\u00e9s, dans le cadre de leurs attributions et comp\u00e9tences, les propositions \nd'engagement, les pi\u00e8ces relatives \u00e0 la constatation de la d\u00e9pense et les ordres de payer relatifs aux \nd\u00e9penses : \n \n\u2022 M. Guillaume BENNET, chef du d\u00e9partement de modernisation du r\u00e9seau Sud-Ouest ;  \n\u2022 M. R\u00e9gis BOST, adjoint au chef du d\u00e9partement de modernisation du r\u00e9seau Sud -Ouest ; \n\u2022 M. \u00c9ric VILBE, chef du d\u00e9partement de modernisation du r\u00e9seau Est ;  \n\u2022 Mme Florence DERUMIGNY, adjointe au chef du d\u00e9partement de modernisation du r\u00e9seau Est ; \n\u2022 M. Antoine CHEVALIER, chef du d\u00e9partement de la modernisation du r\u00e9seau Nord  ; \n\u2022 M. Ludovic MARIA, adjoint au chef du d\u00e9partement de la modernisation du r\u00e9seau Nord  ; \n\u2022 M. Christophe DESNOUAILLES, chef du d\u00e9partement des \u00e9tudes g\u00e9n\u00e9rales et des voies r\u00e9serv\u00e9es.  \n \nL'ordonnancement des d\u00e9penses n\u00e9cessaires aux acquisitions fonci\u00e8res est exclu de la subd\u00e9l\u00e9gation de \nsignature accord\u00e9e aux agents cit\u00e9s dans le pr\u00e9sent point 3 du paragraphe 1. \n \n4. Subd\u00e9l\u00e9gation de signature est donn\u00e9e, aux personnes d\u00e9sign\u00e9es ci -apr\u00e8s, \u00e0 l'effet de signer dans les \nconditions fix\u00e9es dans les arr\u00eat\u00e9s susvis\u00e9s, dans le cadre de leurs attributions et comp\u00e9tences, les \npropositions d'engagement, les pi\u00e8ces relatives \u00e0 la constatation de la d\u00e9pe nse et les ordres de payer \nrelatifs aux d\u00e9penses : \n \n\u2022 Mme Marie BUISSON, cheffe du bureau programmation, gestion et ordonnancement  ; \n\u2022 Mme La\u00ebtitia PINCHAULT, cheffe du p\u00f4le paiement ; \n\u2022  \nParagraphe 2 \u2013 Passation et ex\u00e9cution des march\u00e9s publics et accords-cadres \n \n1. Subd\u00e9l\u00e9gation est donn\u00e9e aux personnes d\u00e9sign\u00e9es ci-apr\u00e8s, dans la limite de leurs attributions et des \nmontants indiqu\u00e9s ci-dessous, \u00e0 l'effet de signer toutes les pi\u00e8ces relatives \u00e0 la passation et l'ex\u00e9cution \ndes march\u00e9s publics et des accords-cadres : \n \n \nNOM ET FONCTION \nSuppl\u00e9ant en cas \nd'absence ou \nd'emp\u00eachement \nPassation et ex\u00e9cution \ndes march\u00e9s et accords-cadres \nen montant HT maximum \nR\u00e9my MENSIRE, chef du SMR Emmanuelle PAGES, \nadjointe au chef du SMR \nTravaux 3 000 000 \u20ac \nFournitures, \u00e9tudes et services 750 000 \u20ac \nGuillaume BENNET, chef du \nDMRSO \nR\u00e9gis BOST, adjoint au \nchef du DMRSO \nTravaux 250 000 \u20ac \nFournitures, \u00e9tudes et services 143 000 \u20ac \n\u00c9ric VILBE, chef du DMRE Florence DERUMIGNY, \nadjointe au chef du \nDMRE \nTravaux 250 000 \u20ac \nFournitures, \u00e9tudes et services 143 000 \u20ac \nAntoine CHEVALIER, chef du \nDMRNo \nLudovic MARIA, adjoint \nau chef du DMRNo \nTravaux 250 000 \u20ac \nFournitures, \u00e9tudes et services 143 000 \u20ac \nDirection r\u00e9gionale et interd\u00e9partementale de l'environnement, de l'am\u00e9nagement et des transports d'\u00cele-de-France -\nIDF-2025-07-03-00010 - D\u00e9cision du 3 juillet 2025 portant subd\u00e9l\u00e9gation de signature en mati\u00e8re d'ordonnancement secondaire et de\ncommande publique pour le compte du pr\u00e9fet de la r\u00e9gion d'\u00cele-de-France\n46\n \nDRIEAT \n21-23 rue Miollis \u2013 75 732 Paris CEDEX 15 \nT\u00e9l : +33 (0)1 40 61 80 80 \nwww.drieat.ile-de-france.developpement-durable.gouv.fr  8 \n \nNOM ET FONCTION \nSuppl\u00e9ant en cas \nd'absence ou \nd'emp\u00eachement \nPassation et ex\u00e9cution \ndes march\u00e9s et accords-cadres \nen montant HT maximum \nChristophe DESNOUAILLES, \nchef du DEGVR \n Travaux 250 000 \u20ac \nFournitures, \u00e9tudes et services 143 000 \u20ac \n \nDans l'hypoth\u00e8se o\u00f9 le montant initial du march\u00e9 est augment\u00e9 (avenant \u00e0 incidences financi\u00e8res), le \nseuil est appr\u00e9ci\u00e9 sur le montant total du march\u00e9 public ou accord-cadre, apr\u00e8s augmentation. \n \nLes seuils susmentionn\u00e9s concernent \u00e9galement la passation et l'ex\u00e9cution des march\u00e9s subs\u00e9quents \n(march\u00e9s initiaux et avenants) aux accords-cadres correspondants. \n \n2. Subd\u00e9l\u00e9gation est donn\u00e9e \u00e0 M. R\u00e9my MENSIRE et \u00e0 Mme Emmanuelle PAGES, \u00e0 l 'effet de signer dans \nla limite de leurs attributions, pour les march\u00e9s publics et accords -cadres dont le montant d\u00e9passe les \nseuils mentionn\u00e9s au point 1 du pr\u00e9sent paragraphe, toute pi\u00e8ce relative \u00e0 leur ex\u00e9cution, \u00e0 l'exclusion \ndes pi\u00e8ces mentionn\u00e9es ci-apr\u00e8s : \n\u2013 rapport de pr\u00e9sentation ; \n\u2013 d\u00e9cision d'attribution d'un march\u00e9 et lettre de rejet d'une offre ; \n\u2013 acte d'engagement ; \n\u2013 avenant ou acte modificatif ; \n\u2013 d\u00e9cision d'affermissement de tranche conditionnelle ou optionnelle ; \n\u2013 d\u00e9cision de reconduction ou non reconduction ; \n\u2013 d\u00e9cision de r\u00e9siliation ; \n\u2013 d\u00e9cision d'ajournement. \n \nDans l'hypoth\u00e8se o\u00f9 le montant initial du march\u00e9 est augment\u00e9 (avenant \u00e0 incidences financi\u00e8res), le \nseuil est appr\u00e9ci\u00e9 sur le montant total du march\u00e9 public ou accord-cadre, apr\u00e8s augmentation. \n \n3. Subd\u00e9l\u00e9gation de signature est donn\u00e9e aux agents cit\u00e9s au point 1 du pr\u00e9sent paragraphe \u00e0 l'effet de \nsigner, dans le cadre de leurs attributions et comp\u00e9tences, les d\u00e9cisions d'agr\u00e9ments de sous -traitants, \nles d\u00e9cisions de r\u00e9ception avec ou sans r\u00e9serves,  les d\u00e9comptes g\u00e9n\u00e9raux ainsi que les pi\u00e8ces li\u00e9es, des \nmarch\u00e9s publics de montants sup\u00e9rieurs aux seuils mentionn\u00e9s au point 1 du pr\u00e9sent paragraphe. \n \n4. Subd\u00e9l\u00e9gation de signature est donn\u00e9e aux agents cit\u00e9s au point 1 du pr\u00e9sent paragraphe \u00e0 l'effet de \nsigner, dans le cadre de leurs attributions et comp\u00e9tences, les bons de commande d'un montant inf\u00e9rieur \nou \u00e9gal \u00e0 500 000 \u20ac HT pour chaque commande prise pour une op\u00e9ration d'investissement routier dans \nle cadre de march\u00e9s \u00e0 bons de commandes. Dans le cas o\u00f9 il est sup\u00e9rieur \u00e0 500  000 \u20ac HT, c'est le \nmontant sp\u00e9cifi\u00e9 dans le tableau du point 1 du pr\u00e9sent paragraphe qui s'applique \u00e0 la subd\u00e9l\u00e9gation du \npr\u00e9sent point 3. \n \n5. Subd\u00e9l\u00e9gation de signature est donn\u00e9e aux personnes figurant ci-apr\u00e8s \u00e0 l'effet de signer, dans le cadre \nde leurs attributions et comp\u00e9tences, pour les op\u00e9rations routi\u00e8res, toute pi\u00e8ce relative \u00e0 la passation et \nl'ex\u00e9cution des march\u00e9s de m ontant inf\u00e9rieur ou \u00e9gal \u00e0 25  000 \u20ac HT (seuil \u00e0 appr\u00e9cier sur le montant \ntotal du march\u00e9, en int\u00e9grant le montant des avenants \u00e0 incidence financi\u00e8re quand ils existent) et les \nbons de commande d'un montant inf\u00e9rieur ou \u00e9gal \u00e0 25 000 \u20ac HT pour chaque commande dans le cadre \ndes march\u00e9s \u00e0 bons de commande : \n \n \nDirection r\u00e9gionale et interd\u00e9partementale de l'environnement, de l'am\u00e9nagement et des transports d'\u00cele-de-France -\nIDF-2025-07-03-00010 - D\u00e9cision du 3 juillet 2025 portant subd\u00e9l\u00e9gation de signature en mati\u00e8re d'ordonnancement secondaire et de\ncommande publique pour le compte du pr\u00e9fet de la r\u00e9gion d'\u00cele-de-France\n47\n \nDRIEAT \n21-23 rue Miollis \u2013 75 732 Paris CEDEX 15 \nT\u00e9l : +33 (0)1 40 61 80 80 \nwww.drieat.ile-de-france.developpement-durable.gouv.fr  9 \n\u25aa pour le d\u00e9partement de la modernisation du r\u00e9seau (DMR) Sud-Ouest : \n \n\u2022 M. Jean-Marc CITADELLE, responsable d'op\u00e9rations ; \n\u2022 Mme Ad\u00e8le PINCHARD, responsable d'op\u00e9rations ; \n\u2022 M. Jean-Fran\u00e7ois GUILLAUMIN, responsable d'op\u00e9rations ; \n\u2022 M. Yannis CHAPUY, responsable d'op\u00e9rations ; \n\u2022 Mme Nolwenn SOURIMANT, responsable d'op\u00e9rations. \n \n\u25aa pour le d\u00e9partement de modernisation du r\u00e9seau (DMR) Est : \n \n\u2022 Mme H\u00e9lo\u00efse HAYET, responsable d'op\u00e9rations ; \n\u2022 Mme Carole VIALA, responsable d'op\u00e9rations ; \n\u2022 M. Simon BASSET, responsable d'op\u00e9rations ; \n\u2022 Mme Pauline DJAN, responsable d'op\u00e9rations ; \n\u2022 M. Alain CARRER, responsable d'op\u00e9rations ; \n \n\u25aa pour le d\u00e9partement de la modernisation du r\u00e9seau (DMR) Nord : \n \n\u2022 M. Rolin MARQUES, responsable d'op\u00e9rations ; \n\u2022 Mme Tessa HEITZMANN, responsable d'op\u00e9rations ; \n\u2022 M. Alexandre POULTIER, responsable d'op\u00e9rations ; \n\u2022 M. Ga\u00ebl RADIGOIS, responsable d'op\u00e9rations ; \n\u2022 Mme Cordy BEMBELLY, responsable d'op\u00e9rations. \n \n\u25aa pour le d\u00e9partement des \u00e9tudes g\u00e9n\u00e9rales et des voies r\u00e9serv\u00e9es : \n \n\u2022 M. Yahya NAIT SRIR, responsable d'op\u00e9rations ; \n\u2022 M. Hugo FOURNEL, responsables d'op\u00e9rations ; \n\u2022 M. Loris AGUENI, responsable d'op\u00e9rations. \n \n\u25aa pour le bureau des affaires fonci\u00e8res : \n \n\u2022 Mme Micheline LEHOUX, cheffe du bureau des affaires fonci\u00e8res ; \n\u2022 M. Salman BENKHEIRA, adjoint \u00e0 la cheffe du bureau des affaires fonci\u00e8res  \n \nARTICLE 4-3 \u2013 LE SERVICE DU TRAFIC ET DES TUNNELS \n \nParagraphe 1 \u2013 Ordonnancement secondaire \n \n1. La subd\u00e9l\u00e9gation de signature du pr\u00e9sent paragraphe porte sur le programme du minist\u00e8re de la \ntransition \u00e9cologique et de la coh\u00e9sion des territoires et du minist\u00e8re de la transition \u00e9nerg\u00e9tique  : \n\u00ab Infrastructures et services de transport \u00bb (n\u00b0 203). \n \n2. Subd\u00e9l\u00e9gation de signature est donn\u00e9e, aux personnes d\u00e9sign\u00e9es ci -apr\u00e8s, \u00e0 l'effet de signer, dans le \ncadre de leurs attributions et comp\u00e9tences et dans les conditions fix\u00e9es dans les arr\u00eat\u00e9s susvis\u00e9 s, les \npropositions d'engagement, les pi\u00e8ces relatives \u00e0 la constatation de la d\u00e9pense et les ordres de payer \nrelatifs aux d\u00e9penses : \n \n\u2022 M. Pierre-Baptiste DELPUECH, chef du service du trafic et des tunnels ; \nDirection r\u00e9gionale et interd\u00e9partementale de l'environnement, de l'am\u00e9nagement et des transports d'\u00cele-de-France -\nIDF-2025-07-03-00010 - D\u00e9cision du 3 juillet 2025 portant subd\u00e9l\u00e9gation de signature en mati\u00e8re d'ordonnancement secondaire et de\ncommande publique pour le compte du pr\u00e9fet de la r\u00e9gion d'\u00cele-de-France\n48\n \nDRIEAT \n21-23 rue Miollis \u2013 75 732 Paris CEDEX 15 \nT\u00e9l : +33 (0)1 40 61 80 80 \nwww.drieat.ile-de-france.developpement-durable.gouv.fr  10 \n\u2022 M. Jonathan COL\u00c9, adjoint au chef du service du trafic et des tunnels ; \n\u2022 M. Cl\u00e9ment MORIN, chef du d\u00e9partement de l'ing\u00e9nierie et de la modernisation des \u00e9quipements et \ndes tunnels (DIMET) ; \n\u2022 M. Wahbi YAKOUBI, adjoint au chef du d\u00e9partement de l'ing\u00e9nierie et de la modernisation des \n\u00e9quipements et des tunnels ; \n\u2022 Mme S\u00e9verine CARPENTIER, cheffe du d\u00e9partement de l'exploitation du trafic et des tunnels (DETT), \n\u00e0 partir du 1er f\u00e9vrier 2025 ; \n\u2022 M. Olivier NALIN, adjoint au chef du d\u00e9partement de l'exploitation du trafic et des tunnels (DETT)  ; \n\u2022 M. Quentin LABRUE, adjoint au chef du d\u00e9partement de l'exploitation du trafic et des tunnels (DETT). \n \n3. Subd\u00e9l\u00e9gation de signature est donn\u00e9e, aux personnes d\u00e9sign\u00e9es ci -apr\u00e8s, \u00e0 l'effet de signer, dans le \ncadre de leurs attributions et comp\u00e9tences, les propositi ons d'engagement, les pi\u00e8ces relatives \u00e0 la \nconstatation de la d\u00e9pense et les ordres de payer relatifs aux d\u00e9penses : \n \n\u25fc pour le d\u00e9partement de l'ing\u00e9nierie et de la modernisation des \u00e9quipements et des tunnels  : \n \n\u2022 M. Alain BARNABAS, chef de projet ; \n\u2022 M. Marc-Michel MERRIN, chef de projet ; \n\u2022 M. Serge ANGELERGUES, chef de projet, \n\u2022 M. Ghislain Tshiamuanda KANIKI, responsable d'op\u00e9rations, \n\u2022 M. Matthieu KURZENNE, responsable d'op\u00e9rations, \n\u2022 M. Martin HAMME, responsable d'op\u00e9rations ; \n\u2022 M. Alexandre BARAGNON, responsable d'op\u00e9rations ;  \n\u2022 M. Iyed TRABELSI, responsable d'op\u00e9rations ; \n\u2022 M. Enzo GOZOLLI, responsable d'op\u00e9rations. \n \n\u25fc pour le d\u00e9partement de l'exploitation du trafic et des tunnels : \n \n\u2022 M. Alexandre ROSSI, responsable de l'unit\u00e9 observatoire et ing\u00e9nierie du trafic, et son adjoint M. Marc \nRIVIERE ; \n\u2022 M. Nicolas BERNARD, chef du l'unit\u00e9 coordination du trafic et information routi\u00e8re, et ses adjoints, \nM. Marc KOENIG, et M. David THOMACHOT ; \n\u2022 M. Arnaud IFFLY, chef de l'unit\u00e9 politique de maintenance et de modernisation et son adjointe, Mme \nJeanne BATA ; \n\u2022 M. Antoine PERRAIS, chef de l'unit\u00e9 informatique et r\u00e9seaux centraux.  \n\u2022 M. David QUINTANS, adjoint au chef de l'unit\u00e9 informatique et r\u00e9seaux centraux  ; \n\u2022 M. Hassan BELKACEM, chef du poste de contr\u00f4le trafic et tunnels (PCTT) Nord et son adjoint M. \nPhilippe THULLIER, en charge de l'exploitation ; \n\u2022 Mme Aude COVIN, cheffe du poste de contr\u00f4le trafic et tunnels (PCTT) Ouest  ;  \n\u2022 M. Jean-Bernard GAUQUELIN, adjoint \u00e0 la cheffe du poste de contr\u00f4le trafic et tunnels, en c harge de \nl'exploitation ; \n\u2022 M. C\u00e9dric LALLEMANT, adjoint \u00e0 la cheffe du poste de contr\u00f4le trafic et tunnels, en charge de la \nmaintenance ; \n\u2022 M. Fr\u00e9d\u00e9ric MILICEVIC, charg\u00e9 de p\u00f4le de maintenance de Nanterre ; \n\u2022 Mme Samantha MIOTTI, charg\u00e9 de p\u00f4le de maintenance de Boulogne ; \n\u2022 Mme Morgane ALATORRE, cheffe du poste de contr\u00f4le de trafic et tunnels (PCTT) Sud, et ses adjoints, \nM. Robert TOUATI, en charge de l'exploitation, et M. Julien PROUST, en charge de la maintenance  ; \nDirection r\u00e9gionale et interd\u00e9partementale de l'environnement, de l'am\u00e9nagement et des transports d'\u00cele-de-France -\nIDF-2025-07-03-00010 - D\u00e9cision du 3 juillet 2025 portant subd\u00e9l\u00e9gation de signature en mati\u00e8re d'ordonnancement secondaire et de\ncommande publique pour le compte du pr\u00e9fet de la r\u00e9gion d'\u00cele-de-France\n49\n \nDRIEAT \n21-23 rue Miollis \u2013 75 732 Paris CEDEX 15 \nT\u00e9l : +33 (0)1 40 61 80 80 \nwww.drieat.ile-de-france.developpement-durable.gouv.fr  11 \n\u2022 M. J\u00e9r\u00f4me RODRIGUEZ, responsable du poste de contr\u00f4le trafic et tunnels (PCTT) Est, et ses adjoints, \nM. Laurent MOUSSEUX, en charge de l 'exploitation, et M.  Jean-Pierre SULLY, en charge de la \nmaintenance. \n \nParagraphe 2 \u2013 Passation et ex\u00e9cution des march\u00e9s publics et accords-cadres \n \n1. Subd\u00e9l\u00e9gation de signature est consentie aux personnes d\u00e9sign\u00e9es ci -apr\u00e8s, dans la limite de leurs \nattributions et des montants indiqu\u00e9s ci- dessous, pour signer toutes les pi\u00e8ces relatives \u00e0 la passation et \nl'ex\u00e9cution des march\u00e9s publics et des accords-cadres : \n \n \nNOM ET FONCTION \nSuppl\u00e9ant en cas \nd'absence ou \nd'emp\u00eachement \nPassation et ex\u00e9cution des march\u00e9s et accords-\ncadres en montant HT maximum \nPierre-Baptiste \nDELPUECH, chef du \nSTT \nJonathan COL\u00c9, adjoint \nau chef du STT \nTravaux 3 000 000 \u20ac \nFournitures, \u00e9tudes et \nservices \n250 000 \u20ac \nCl\u00e9ment MORIN, chef \ndu DIMET \nWahbi YAKOUBI, \nadjoint au chef du \nDIMET \nTravaux 250 000 \u20ac \nFournitures, \u00e9tudes et \nservices \n143 000 \u20ac \n \nS\u00e9verine CARPENTIER, \ncheffe du DETT \nOlivier NALIN, adjoint \nau chef du DETT \nQuentin LABRUE, \nadjoint au chef du \nDETT \nTravaux 250 000 \u20ac \nFournitures, \u00e9tudes et \nservices \n143 000 \u20ac \n \n \nDans l'hypoth\u00e8se o\u00f9 le montant initial du march\u00e9 est augment\u00e9 (avenant \u00e0 incidences financi\u00e8res), le \nseuil est appr\u00e9ci\u00e9 sur le montant total du march\u00e9 public ou accord-cadre, apr\u00e8s augmentation. \n \n2. Subd\u00e9l\u00e9gation de signature est donn\u00e9e \u00e0 M. Pierre-Baptiste DELPUECH et M. Jonathan COLE, \u00e0 l'effet \nde signer, dans la limite de ses attributions, pour les march\u00e9s publics et accords-cadres dont le montant \nd\u00e9passe les seuils mentionn\u00e9s au point 1 du pr\u00e9sent paragraphe, toute pi\u00e8ce relative \u00e0 leur ex\u00e9cution, \u00e0 \nl'exclusion des pi\u00e8ces mentionn\u00e9es ci-apr\u00e8s : \n\u2013 rapport de pr\u00e9sentation ; \n\u2013 d\u00e9cision d'attribution d'un march\u00e9 et lettre de rejet d'une offre ; \n\u2013 acte d'engagement ; \n\u2013 avenant ou acte modificatif ; \n\u2013 d\u00e9cision d'affermissement de tranche conditionnelle ou optionnelle ; \n\u2013 d\u00e9cision de reconduction ou non reconduction ; \n\u2013 d\u00e9cision de r\u00e9siliation ; \n\u2013 d\u00e9cision d'ajournement. \n \nDans l'hypoth\u00e8se o\u00f9 le montan t initial du march\u00e9 est augment\u00e9 (avenant \u00e0 incidences financi\u00e8res), le \nseuil est appr\u00e9ci\u00e9 sur le montant total du march\u00e9 public ou accord-cadre, apr\u00e8s augmentation. \n \n3. Subd\u00e9l\u00e9gation de signature est donn\u00e9e aux agents cit\u00e9s au point 1 du pr\u00e9sent paragraph e \u00e0 l'effet de \nsigner, dans le cadre de leurs attributions et comp\u00e9tences, les ordres de services sans incidence \nfinanci\u00e8re, les d\u00e9cisions d'agr\u00e9ments de sous-traitants, les d\u00e9cisions de r\u00e9ception avec ou sans r\u00e9serves, \nles d\u00e9comptes g\u00e9n\u00e9raux ainsi que les  pi\u00e8ces li\u00e9es, des march\u00e9s publics et accords -cadres de montants \nsup\u00e9rieurs aux seuils mentionn\u00e9s ci-dessus. \nDirection r\u00e9gionale et interd\u00e9partementale de l'environnement, de l'am\u00e9nagement et des transports d'\u00cele-de-France -\nIDF-2025-07-03-00010 - D\u00e9cision du 3 juillet 2025 portant subd\u00e9l\u00e9gation de signature en mati\u00e8re d'ordonnancement secondaire et de\ncommande publique pour le compte du pr\u00e9fet de la r\u00e9gion d'\u00cele-de-France\n50\n \nDRIEAT \n21-23 rue Miollis \u2013 75 732 Paris CEDEX 15 \nT\u00e9l : +33 (0)1 40 61 80 80 \nwww.drieat.ile-de-france.developpement-durable.gouv.fr  12 \n \n4. Subd\u00e9l\u00e9gation de signature est donn\u00e9e aux agents cit\u00e9s au point 1 du pr\u00e9sent paragraphe \u00e0 l'effet de \nsigner, dans le cadre de leurs attributions et comp\u00e9tences, les commandes, dans la limite d'un montant \npour chaque commande de : \n\u27a2 1 000 000 \u20ac HT pour une commande prise dans le cadre de march \u00e9s \u00e0 bon de commande pour des \ntravaux ; \n\u27a2 250 000 \u20ac HT pour une commande prise dans le cadre de march \u00e9s \u00e0 bon de commande pour des \nfournitures, des \u00e9tudes ou des services. \n \n5. Subd\u00e9l\u00e9gation de signature est donn\u00e9e aux personnes figurant ci-apr\u00e8s \u00e0 l'effet de signer, dans le cadre \nde leurs attributions et comp\u00e9tences, pour les op\u00e9rations routi\u00e8res, toute pi\u00e8ce relative \u00e0 la passation et \nl'ex\u00e9cution des march\u00e9s de montant inf\u00e9rieur ou \u00e9gal \u00e0 25  000 \u20ac HT (seuil \u00e0 appr\u00e9cier sur le montant \ntotal du march\u00e9, en int\u00e9grant le montant des avenants \u00e0 incidence financi\u00e8re quand ils existent) et les \nbons de commande d'un montant inf\u00e9rieur ou \u00e9gal \u00e0 25 000 \u20ac HT pour chaque commande dans le cadre \ndes march\u00e9s \u00e0 bons de commande : \n \n\u25aa pour le d\u00e9partement de l'ing\u00e9nierie de la modernisation des \u00e9quipements et des tunnels  : \n \n\u2022 M. Ghislain Tshiamuanda KANIKI, responsable d'op\u00e9rations ; \n\u2022 M. Matthieu KURZENNE, responsable d'op\u00e9rations ; \n\u2022 M. Serge ANGELERGUES, chef de projet ; \n\u2022 M. Alain BARNABAS, chef de projet ; \n\u2022 M. Marc-Michel MERRIN, chef de projet ; \n\u2022 M. Martin HAMME, responsable d'op\u00e9rations ; \n\u2022 M. Alexandre BARAGNON, responsable d'op\u00e9rations ;  \n\u2022 M. Iyed TRABELSI, responsable d'op\u00e9rations ; \n\u2022 M. ENZO GOZZOLI, responsable d'op\u00e9rations. \n \n6. Subd\u00e9l\u00e9gation de signature est donn\u00e9e aux agents d\u00e9sign\u00e9s ci -apr\u00e8s \u00e0 l'effet de signer, dans le cadre \nde leurs attributions et comp\u00e9tences, toute pi\u00e8ce relative \u00e0 la passation et \u00e0 l'ex\u00e9cution des march\u00e9s \nd'un montant inf\u00e9rieur ou \u00e9gal \u00e0 25  000 \u20ac HT (seui l \u00e0 appr\u00e9cier sur le montant total du march\u00e9, en \nint\u00e9grant le montant des avenants \u00e0 incidence financi\u00e8re quand ils existent), les bons de commande d'un \nmontant inf\u00e9rieur ou \u00e9gal \u00e0 50  000 \u20ac HT pour chaque commande dans le cadre des march \u00e9s de \nfournitures, d'\u00e9tudes ou de services \u00e0 bons de commandes, et les bons de commande d'un montant \ninf\u00e9rieur ou \u00e9gal \u00e0 100  000 \u20ac HT pour chaque commande dans le cadre des march \u00e9s de travaux \u00e0 bons \nde commandes : \n \n\u25aa pour le d\u00e9partement de l'exploitation du trafic et des tunnels : \n \n\u2022 M. Alexandre ROSSI, responsable de l'unit\u00e9 observatoire et ing\u00e9nierie du trafic, et son adjoint M. Marc \nRIVIERE ; \n\u2022 M. Nicolas BERNARD, chef de l'unit\u00e9 coordination du trafic et information routi\u00e8re, et ses adjoints, \nM. Marc KOENIG, et M. David THOMACHOT ; \n\u2022 M. Arnaud IFFLY, chef de l'unit\u00e9 politique de maintenance et modernisation et son adjointe Mme \nJeanne BATA ; \n\u2022 M. Antoine PERRAIS, chef de l'unit\u00e9 information et r\u00e9seaux centraux ; \n\u2022 M. David QUINTANS, adjoint \u00e0 la cheffe de l'unit\u00e9 informatique et r\u00e9seaux centraux ; \n\u2022 M. Hassan BELKACEM, chef du poste de contr\u00f4le trafic et tunnels (PCTT) Nord  ;  \nDirection r\u00e9gionale et interd\u00e9partementale de l'environnement, de l'am\u00e9nagement et des transports d'\u00cele-de-France -\nIDF-2025-07-03-00010 - D\u00e9cision du 3 juillet 2025 portant subd\u00e9l\u00e9gation de signature en mati\u00e8re d'ordonnancement secondaire et de\ncommande publique pour le compte du pr\u00e9fet de la r\u00e9gion d'\u00cele-de-France\n51\n \nDRIEAT \n21-23 rue Miollis \u2013 75 732 Paris CEDEX 15 \nT\u00e9l : +33 (0)1 40 61 80 80 \nwww.drieat.ile-de-france.developpement-durable.gouv.fr  13 \n\u2022 M. Philippe THULLIER, adjoint au chef du poste de contr\u00f4le trafic et tunnels, en charge de \nl'exploitation ; \n\u2022 Mme Aude COVIN, cheffe du poste de contr\u00f4le trafic et tunnels (PCTT) Ouest ; \n\u2022 M. Jean-Bernard GAUQUELIN, adjoint \u00e0 la cheffe du poste de contr\u00f4le trafic et tunnels, en charge de \nl'exploitation ;  \n\u2022 M. C\u00e9dric LALLEMANT, adjoint \u00e0 la cheffe du poste de contr\u00f4le trafic et tunnels, en charge de l a \nmaintenance ; \n\u2022 Mme Morgane ALATORRE, chef du poste de contr\u00f4le de trafic et tunnels (PCTT) Sud, et ses adjoints, \nM. Robert TOUATI, en charge de l'exploitation, et M. Julien PROUST, en charge de la maintenance  ; \n\u2022 M. J\u00e9r\u00f4me RODRIGUEZ, chef du poste de contr\u00f4 le trafic et tunnels (PCTT) Est, et ses adjoints, \nM. Laurent MOUSSEUX, en charge de l'exploitation, et M.  Jean-Pierre SULLY, en charge de la \nmaintenance. \n \nARTICLE 4-4 \u2013 LE SERVICE DE LA GESTION PATRIMONIALE DU R\u00c9SEAU \n \nParagraphe 1 \u2013 Ordonnancement secondaire \n \n1. La subd\u00e9l\u00e9gation de signature du pr\u00e9sent paragraphe porte sur les programmes du minist\u00e8re de la \ntransition \u00e9cologique et de la coh\u00e9sion des territoires et du minist\u00e8re de la transition \u00e9nerg\u00e9tique  : \n\u00ab Infrastructures et services de transport \u00bb (n\u00b0 203). \n \n2. Subd\u00e9l\u00e9gation de signature est donn\u00e9e \u00e0 l'effet de signer, dans le cadre de leurs attributions et \ncomp\u00e9tences et dans les conditions fix\u00e9es dans les arr\u00eat\u00e9s susvis\u00e9s, toute pi\u00e8ce relative \u00e0 l'exercice de la \ncomp\u00e9tence d'ordonnateur secondaire, tant pour les d\u00e9penses que pour les recettes \u00e0 :  \n \n\u2022 M. David JUIN, chef du service de la gestion patrimoniale du r\u00e9seau ;  \n\u2022 M. Claude STREITH, adjoint au chef du service de la gestion patrimoniale du r\u00e9seau.  \n \n3. Subd\u00e9l\u00e9gation de signature est donn\u00e9e, aux personnes d\u00e9sign\u00e9es ci -apr\u00e8s, \u00e0 l'effet de signer dans les \nconditions fix\u00e9es dans les arr\u00eat\u00e9s susvis\u00e9s, dans le cadre de leurs attributions et comp\u00e9tences, les \npropositions d'engagement, les pi\u00e8ces relatives \u00e0 la constatation de la d\u00e9pense et le s ordres de payer \nrelatifs aux d\u00e9penses : \n\u2022 M. Sylvain G\u00c9RARD, chef du d\u00e9partement des techniques de la route  ;  \n\u2022 Mme Dalia AIT ALI, adjointe au chef du d\u00e9partement des techniques de la route \u00e0 compter du 1er juin \n2025 ; \n\u2022 Mme Mich\u00e8le MARLIERE, cheffe du d\u00e9partement politique et programmation routi\u00e8res, et son \nadjointe Mme Laura SAPATEIRO ; \n\u2022 M. Guillaume DAMIEN, responsable du d\u00e9partement ouvrages d'art, et ses adjoints, M. Victor \nMARTINET et M. Fernando DIAS. \n \n4. Subd\u00e9l\u00e9gation de signature est donn\u00e9e aux p ersonnes d\u00e9sign\u00e9es ci-apr\u00e8s, \u00e0 l'effet de signer dans les \nconditions fix\u00e9es dans les arr\u00eat\u00e9s susvis\u00e9s, dans le cadre de leurs attributions et comp\u00e9tences, les \npropositions d'engagement, les pi\u00e8ces relatives \u00e0 la constatation de la d\u00e9pense et les ordres de payer \nrelatifs aux d\u00e9penses : \n \n\u25aa pour le d\u00e9partement des techniques de la route : \n \n\u2022 M. Dominique LE DUFF, responsable de l'unit\u00e9 \u00e9quipements ; \n\u2022 M. Patrick VINCENT, adjoint au chef de l'unit\u00e9 Eau Environnement ; \nDirection r\u00e9gionale et interd\u00e9partementale de l'environnement, de l'am\u00e9nagement et des transports d'\u00cele-de-France -\nIDF-2025-07-03-00010 - D\u00e9cision du 3 juillet 2025 portant subd\u00e9l\u00e9gation de signature en mati\u00e8re d'ordonnancement secondaire et de\ncommande publique pour le compte du pr\u00e9fet de la r\u00e9gion d'\u00cele-de-France\n52\n \nDRIEAT \n21-23 rue Miollis \u2013 75 732 Paris CEDEX 15 \nT\u00e9l : +33 (0)1 40 61 80 80 \nwww.drieat.ile-de-france.developpement-durable.gouv.fr  14 \n\u2022 M. Jean-No\u00ebl IVRY, adjoint au chef de l'unit\u00e9 Chauss\u00e9e Terrassement ; \n\u2022 M. Laurent PROVOST, adjoint au chef de l'unit\u00e9 Am\u00e9nagements routiers ; \n\u2022 Mme \u00c9lise CHAMPAIGNOLLE, cheffe de la mission D\u00e9veloppement Durable et D\u00e9pendances Vertes ; \n \n\u25aa pour le d\u00e9partement de la politique et programmation routi\u00e8res : \n \n\u2022 M. Valentin PRATESI, cheffe de l'unit\u00e9 g\u00e9omatique du patrimoine routier ; \n\u2022 Mme Vanessa FERREZ, cheffe de l'unit\u00e9 gestion budg\u00e9taire et administrative, et son ajointe Mme \nGwena\u00eblle COSMAO ; \n\u2022 M. Xavier POTIER, chef de l'unit\u00e9 programmation, politiques technique et qualit\u00e9 ; \n\u2022 Mme Sophie MOZIER, adjointe au chef de l'unit\u00e9 programmation, politiques technique et qualit\u00e9  ; \n\u2022 M. Abdellah BENADJEMIA, chef de l'unit\u00e9 S\u00e9curit\u00e9 de l'infrastructure et son adjoint, M. Patrice \nLEVEQUE. \n \n\u25aa pour le d\u00e9partement ouvrages d'art : \n \n\u2022 M. Fernando DIAS, chef de l'unit\u00e9 technique des ouvrages d'art ;  \n\u2022 M. Victor MARTINET, chef de l'unit\u00e9 gestion centralis\u00e9e ouvrages d'art  ;  \n\u2022 M. St\u00e9phane BIANCOTTO, adjoint au chef de l'unit\u00e9 gestion centralis\u00e9e d'ouvrages d'art \u00e0 compter \ndu 1er juin 2025  ; \n\u2022 M. Lionel BARASCUD, chef du p\u00f4le Sud-Ouest de l'unit\u00e9 gestion centralis\u00e9e ouvrages d'art ; \n\u2022 M. Olivier SIGAULT, adjoint au chef du p\u00f4le Sud-Ouest de l'unit\u00e9 gestion centralis\u00e9e ouvrages d'art ; \n\u2022 Mme Marie BUSSAC, cheffe du p\u00f4le Nord-Est de l'unit\u00e9 de gestion centralis\u00e9e ouvrages d'art. \n \nParagraphe 2 \u2013 Passation et ex\u00e9cution des march\u00e9s publics et accords-cadres \n \nSubd\u00e9l\u00e9gation de signature est consentie aux personnes d\u00e9sign\u00e9es ci -apr\u00e8s, dans la limite de leurs \nattributions et des montants indiqu\u00e9s ci-dessous, pour signer toutes les pi\u00e8ces relatives \u00e0 la passation et \n\u00e0 l'ex\u00e9cution des march\u00e9s publics et accords-cadres : \nNOM ET FONCTION Suppl\u00e9ant en cas d'absence \nou d'emp\u00eachement \nPassation et ex\u00e9cution des march\u00e9s et \naccords-cadres en montant HT maximum \nM. David JUIN, chef du \nSGPR  \nClaude STREITH adjoint au \nchef \nTravaux 3 000 000 \u20ac \nFournitures, \u00e9tudes et services 250 000 \u20ac \nSylvain G\u00c9RARD, chef \ndu DTR \nDalia AIT ALI, adjointe au \nchef \u00e0 compter du 1er juin \nTravaux 250 000 \u20ac \nFournitures, \u00e9tudes et services 143 000 \u20ac \nMich\u00e8le MARLIERE, \ncheffe du DPPR \nLaura SAPATEIRO, adjoint \u00e0 \nla cheffe du DPPR \nTravaux 250 000 \u20ac \nFournitures, \u00e9tudes et services 143 000 \u20ac \nGuillaume DAMIEN, \nresponsable du DOA \nVictor MARTINET et \nFernando DIAS, adjoints au \nresponsable \nTravaux 250 000 \u20ac \nFournitures, \u00e9tudes et services 143 000 \u20ac \n \nDirection r\u00e9gionale et interd\u00e9partementale de l'environnement, de l'am\u00e9nagement et des transports d'\u00cele-de-France -\nIDF-2025-07-03-00010 - D\u00e9cision du 3 juillet 2025 portant subd\u00e9l\u00e9gation de signature en mati\u00e8re d'ordonnancement secondaire et de\ncommande publique pour le compte du pr\u00e9fet de la r\u00e9gion d'\u00cele-de-France\n53\n \nDRIEAT \n21-23 rue Miollis \u2013 75 732 Paris CEDEX 15 \nT\u00e9l : +33 (0)1 40 61 80 80 \nwww.drieat.ile-de-france.developpement-durable.gouv.fr  15 \nDans l'hypoth\u00e8se o\u00f9 le montant initial du march\u00e9 est augment\u00e9 (avenant \u00e0 incidences financi\u00e8res), le \nseuil est appr\u00e9ci\u00e9 sur le montant total du march\u00e9 public ou accord-cadre, apr\u00e8s augmentation. \n \n2. Subd\u00e9l\u00e9gation de signature est donn\u00e9e \u00e0 M. David JUIN et \u00e0 M. Claude STREITH \u00e0 l'effet de signer, \ndans la limite de leurs attributions, pour les march\u00e9s publics et accords-cadres dont le montant d\u00e9passe \nles seuils mentionn\u00e9s au point 1 du pr\u00e9sent paragraphe, toute pi\u00e8ce relative \u00e0 leur ex\u00e9cution, \u00e0 l'exclusion \ndes pi\u00e8ces mentionn\u00e9es ci-apr\u00e8s : \n\u27a2 rapport de pr\u00e9sentation ; \n\u27a2 d\u00e9cision d'attribution d'un march\u00e9 et lettre de rejet d'une offre ; \n\u27a2 acte d'engagement ; \n\u27a2 avenant ou acte modificatif ; \n\u27a2 d\u00e9cision d'affermissement de tranche conditionnelle ou optionnelle ; \n\u27a2 d\u00e9cision de reconduction ou non reconduction ; \n\u27a2 d\u00e9cision de r\u00e9siliation ; \n\u27a2 d\u00e9cision d'ajournement. \n \nDans l'hypoth\u00e8se o\u00f9 le montant initial du march\u00e9 est augment\u00e9 (avenant ou acte modificatif \u00e0 incidences \nfinanci\u00e8res), le seuil est appr\u00e9ci\u00e9 sur le montant total du march\u00e9 public ou accord -cadre, apr\u00e8s \naugmentation. \n \n3. Subd\u00e9l\u00e9gation de signature est donn\u00e9e aux agents cit\u00e9s au point 1 du pr\u00e9sent paragraphe \u00e0 l'effet de \nsigner, dans le cadre de leurs attributions et comp\u00e9tences, les d\u00e9cisions d'agr\u00e9ments de sous -traitants, \nles d\u00e9cisions de r\u00e9ception avec ou sans r\u00e9serves, les d\u00e9comptes g\u00e9n\u00e9raux ainsi que les pi\u00e8ces li\u00e9es, des \nmarch\u00e9s publics de montants sup\u00e9rieurs aux seuils mentionn\u00e9s au point 1 du pr\u00e9sent paragraphe. \n \n4. Subd\u00e9l\u00e9gation de signature est donn\u00e9e aux agents cit\u00e9s au point 1 du pr\u00e9sent paragraphe, \u00e0 l'effet de \nsigner, dans le cadre de leurs attributions et comp\u00e9tences, les commandes, dans la limite d'un montant \npour chaque commande de : \n\u27a2 1 000 000 \u20ac HT pour une commande prise dans le cadre de march\u00e9s \u00e0 bons de commandes pour des \ntravaux ; \n\u27a2 250 000 \u20ac HT, pour une commande prise dans le cadre de march \u00e9s \u00e0 bons de commandes pour des \nfournitures, des \u00e9tudes ou des services. \n \n5. Subd\u00e9l\u00e9gation de signature est donn\u00e9e aux agents d\u00e9sign\u00e9s ci -apr\u00e8s \u00e0 l'effet de signer, dans le cadre \nde leurs attributions et comp\u00e9tences, toute pi\u00e8ce relative \u00e0 la passation et \u00e0 l' ex\u00e9cution des march\u00e9s \nd'un montant inf\u00e9rieur ou \u00e9gal \u00e0 25  000 \u20ac HT (seuil \u00e0 appr\u00e9cier sur le montant total du march\u00e9, en \nint\u00e9grant le montant des avenants \u00e0 incidence financi\u00e8re quand ils existent), les bons de commande d'un \nmontant inf\u00e9rieur ou \u00e9gal \u00e0 50 000 \u20ac HT pour chaque commande dans le cadre des march\u00e9s de \nfournitures, d'\u00e9tudes ou de services \u00e0 bons de commandes, et les bons de commande d'un montant \ninf\u00e9rieur ou \u00e9gal \u00e0 100  000 \u20ac HT pour chaque commande dans le cadre des march\u00e9s de travaux \u00e0 bons \nde commandes : \n \n  \nDirection r\u00e9gionale et interd\u00e9partementale de l'environnement, de l'am\u00e9nagement et des transports d'\u00cele-de-France -\nIDF-2025-07-03-00010 - D\u00e9cision du 3 juillet 2025 portant subd\u00e9l\u00e9gation de signature en mati\u00e8re d'ordonnancement secondaire et de\ncommande publique pour le compte du pr\u00e9fet de la r\u00e9gion d'\u00cele-de-France\n54\n \nDRIEAT \n21-23 rue Miollis \u2013 75 732 Paris CEDEX 15 \nT\u00e9l : +33 (0)1 40 61 80 80 \nwww.drieat.ile-de-france.developpement-durable.gouv.fr  16 \n\u25aa pour le d\u00e9partement des techniques de la route : \n \n\u2022 M. Dominique LE DUFF, chef de l'unit\u00e9 \u00e9quipements ; \n\u2022 M. Patrick VINCENT, adjoint au chef de l'unit\u00e9 Eau Environnement ; \n\u2022 M. Jean-No\u00ebl IVRY, adjoint au chef de l'unit\u00e9 Chauss\u00e9e Terrassement ; \n\u2022 M. Laurent PROVOST, adjoint au chef de l'unit\u00e9 Am\u00e9nagements routiers ;  \n\u2022 Mme \u00c9lise CHAMPAIGNOLLE, cheffe de la mission D\u00e9veloppement Durable et D\u00e9pendances Vertes. \n \n\u25aa pour le d\u00e9partement politique et programmation routi\u00e8res : \n \n\u2022 M. Valentin PRATESI, cheffe de l'unit\u00e9 g\u00e9omatique du patrimoine routier ; \n\u2022 Mme Vanessa FERREZ, cheffe de l'unit\u00e9 gestion budg\u00e9taire et administrative, et son adjointe Mme \nGwena\u00eblle COSMAO ; \n\u2022 M. Xavier POTIER, chef de l'unit\u00e9 programmation, politiques technique et qualit\u00e9  ; \n\u2022 Mme Sophie MOZER, adjointe au chef de l'unit\u00e9 programmation, politiques technique et qualit\u00e9  ; \n\u2022 M. Abdellah BENDJEMIA, chef de l'unit\u00e9 Connaissance du patrimoine routier  ; \n\u2022 Mme Laura SAPATEIRO, cheffe de l'unit\u00e9 S\u00e9curit\u00e9 de  l'infrastructure et son adjoint, M. Patrice \nLEVEQUE. \n \n\u25aa pour le d\u00e9partement ouvrages d'art : \n \n\u2022 M. Fernando DIAS, chef de l'unit\u00e9 technique des ouvrages d'art ; \n\u2022 M. Victor MARTINET, chef de l'unit\u00e9 gestion centralis\u00e9e ouvrages d'art  ; \n\u2022 M. St\u00e9phane BIANCOTTO, adjoint au chef de l'unit\u00e9 gestion centralis\u00e9e ouvrages d'art \u00e0 compter du \n1er juin ; \n\u2022 M. Lionel BARASCUD, chef du p\u00f4le Sud-Ouest de l'unit\u00e9 gestion centralis\u00e9e ouvrages d'art ; \n\u2022 M. Olivier SIGAULT, adjoint au chef du p\u00f4le Sud-Ouest de l'unit\u00e9 gestion centralis\u00e9e ouvrages d'art ; \n\u2022 Mme Marie BUSSAC, cheffe du P\u00f4le Nord-Est de l'unit\u00e9 gestion centralis\u00e9e ouvrages d'art. \n \nARTICLE 4-5 \u2013 LES ARRONDISSEMENTS DE GESTION ET D'EXPLOITATION DE LA ROUTE \n \nParagraphe 1 \u2013 Ordonnancement secondaire \n \n1. La subd\u00e9l\u00e9gation de signature du pr\u00e9sent paragraphe porte sur : \n \na. Le programme du minist\u00e8re de la transition \u00e9cologique et de la coh\u00e9sion des territoires et du minist\u00e8re \nde la transition \u00e9nerg\u00e9tique : \u00ab Infrastructures et services de transport \u00bb (n\u00b0 203) ; \n \nb. Le programme du minist\u00e8re de l'int\u00e9rieur \u00ab S\u00e9curit\u00e9 et \u00e9ducation routi\u00e8res \u00bb (n\u00b0 207). \n \n2. Subd\u00e9l\u00e9gation de signature est donn\u00e9e aux personnes d\u00e9sign\u00e9es ci -apr\u00e8s, \u00e0 l'effet de signer dans les \nconditions fix\u00e9es dans les arr\u00eat\u00e9s susvis\u00e9s, dans le cadre de leurs attributions et comp\u00e9tences, toute \npi\u00e8ce relative \u00e0 l'exercice de la comp\u00e9tence d'ordonnateur secondaire, tant pour les d\u00e9penses que pour \nles recettes : \n \n\u2022 M. Fr\u00e9d\u00e9ric ESNAULT, chef de l'arrondissement de gestion et d'exploitation de la route (AGER) Est et \nson adjoint M. Anthony MITRANO ; \n\u2022 M. Bastien SALESSE, chef de l'arrondissement de gestion et d'exploitation de la route (AGER) Sud  ; \nDirection r\u00e9gionale et interd\u00e9partementale de l'environnement, de l'am\u00e9nagement et des transports d'\u00cele-de-France -\nIDF-2025-07-03-00010 - D\u00e9cision du 3 juillet 2025 portant subd\u00e9l\u00e9gation de signature en mati\u00e8re d'ordonnancement secondaire et de\ncommande publique pour le compte du pr\u00e9fet de la r\u00e9gion d'\u00cele-de-France\n55\n \nDRIEAT \n21-23 rue Miollis \u2013 75 732 Paris CEDEX 15 \nT\u00e9l : +33 (0)1 40 61 80 80 \nwww.drieat.ile-de-france.developpement-durable.gouv.fr  17 \n\u2022 M. Moustapha SAVANE, adjoint au chef de l'arrondissement de gestion et d'exploitation de la route \n(AGER) Sud ; \n\u2022 M. Michel PERREL, responsable de l'arrondissement de gestion et d'exploita tion de la route (AGER) \nOuest, et son adjointe Mme Julie COHEN-SOLAL ; \n\u2022 M. Olivier ROUQUETTE, chef de l'arrondissement de gestion et d'exploitation de la route (AGER) \nNord ;  \n\u2022 Mme Elsa ALEXANDRE, adjointe au chef de l'arrondissement de gestion et d'exploitat ion de la route \n(AGER) Nord ; \n \n3. Subd\u00e9l\u00e9gation de signature est donn\u00e9e aux personnes d\u00e9sign\u00e9es ci -apr\u00e8s, \u00e0 l'effet de signer dans les \nconditions fix\u00e9es dans les arr\u00eat\u00e9s susvis\u00e9s, dans le cadre de leurs attributions et comp\u00e9tences, les \npropositions d'engagement, les pi\u00e8ces relatives \u00e0 la constatation de la d\u00e9pense et les ordres de payer \nrelatifs aux d\u00e9penses : \n \n\u25aa pour l'arrondissement de gestion et d'exploitation de la route Est : \n \n\u2022 M. Claude GRUMELART, responsable du bureau de gestion administrative et de la route (BGAR) ; \n\u2022 M. \u00c9ric SIMON, responsable de la gestion budg\u00e9taire et de la comptabilit\u00e9  ; \n\u2022 Mme Val\u00e9rie DITTE, responsable de l'unit\u00e9 d'exploitation de la route de Brie -Comte-Robert, et son \nadjoint, M. Patrice DEGLA ; \n\u2022 M. Ludovic CADET, chef de l'unit\u00e9 d'exploitation de la route de Champigny ; \n\u2022 M. Florent GRANDJEAN, adjoint au chef de l'unit\u00e9 d'exploitation de la route de Champigny  ; \n\u2022 M. Pascal BEAUFILS, responsable de la cellule gestion des mat\u00e9riels et engins  ; \n \n\u25aa pour l'arrondissement de gestion et d'exploitation de la route Sud : \n \n\u2022 M. Christian LABILLE, responsable du BGAR ; \n\u2022 Mme Patricia MENAGER, responsable du p\u00f4le finances-programmation-gestion-moyens g\u00e9n\u00e9raux ; \n\u2022 M. Fr\u00e9d\u00e9ric BERTRAND, responsable de l'UER d'Orsay-Villab\u00e9 et son adjoint, M. Denis PRUDHOMME ; \n\u2022 Mme Lucienne LIBER, adjointe au chef de l'UER de Chevilly-Larue ; \n\u2022 M. Martial GIRARD, chef de l'unit\u00e9 gestion de flotte ; \n \n\u25aa pour l'arrondissement de gestion et d'exploitation de la route Ouest : \n \n\u2022 Mme Audrey MERCHEZ, chef du bureau de gestion administrative et de la route (BGAR)  ; \n\u2022 M. Kouessan FOLLY-GBOGBOE, responsable du p\u00f4le comptabilit\u00e9 et march\u00e9s BGAR Ouest  ; \n\u2022 Mme M\u00e9lanie LIMIER, cheffe de l'UER de Nanterre-Boulogne ;  \n\u2022 Mme Catherine CHAUVET, adjointe \u00e0 la cheffe de l'UER de Nanterre-Boulogne ; \n\u2022 Mme Pauline MATHEVET, responsable de l'UER de Jouy -en-Josas, et son adjoint M. Jonathan \nPROD'HOMME ; \n\u2022 M. Philippe VERRIER, chef du bureau de gestion de la flotte (BGF) Ouest ; \n \n\u25aa pour l'arrondissement de gestion et d'exploitation de la route Nord : \n \n\u2022 M. Juan-Manuel MARTIN, responsable du bureau de gestion administrative et de la route (BGAR)  ; \n\u2022 Mme Nadine AZOULAY, responsable contentieux et administratif ; \n\u2022 Mme Akila MEBAREK, cheffe de la gestion budg\u00e9taire et de la comptabilit\u00e9  ; \n\u2022 Mme Nathalie POTAILLON, adjointe \u00e0 la cheffe de l'UER d'Eragny-sur-Oise ; \n\u2022 M. Jean-Willem LALLEMAND, responsable de l'UER de Saint-Denis, et son adjoint M. Maurice LABYLLE ; \nDirection r\u00e9gionale et interd\u00e9partementale de l'environnement, de l'am\u00e9nagement et des transports d'\u00cele-de-France -\nIDF-2025-07-03-00010 - D\u00e9cision du 3 juillet 2025 portant subd\u00e9l\u00e9gation de signature en mati\u00e8re d'ordonnancement secondaire et de\ncommande publique pour le compte du pr\u00e9fet de la r\u00e9gion d'\u00cele-de-France\n56\n \nDRIEAT \n21-23 rue Miollis \u2013 75 732 Paris CEDEX 15 \nT\u00e9l : +33 (0)1 40 61 80 80 \nwww.drieat.ile-de-france.developpement-durable.gouv.fr  18 \n\u2022 Mme Ordiana AKO YEBE, cheffe de la cellule de gestion des mat\u00e9riels et engins (CGME) Nord.  \n \nParagraphe 2 \u2013 Passation et ex\u00e9cution des march\u00e9s publics et accords-cadres \n \n1. Subd\u00e9l\u00e9gation de signature est consentie aux personnes d\u00e9sign\u00e9es ci -apr\u00e8s, dans la limite de leurs \nattributions et des montants indiqu\u00e9s ci-dessous, pour signer toutes les pi\u00e8ces relatives \u00e0 la passation et \n\u00e0 l'ex\u00e9cution des march\u00e9s publics et accords-cadres : \n \nNOM ET FONCTION Suppl\u00e9ant en cas d'absence \nou d'emp\u00eachement \nPassation et ex\u00e9cution des march\u00e9s et \naccords-cadres en montant HT maximum \nFr\u00e9d\u00e9ric ESNAULT, chef de \nl'AGER Est \nAnthony MITRANO, adjoint \nau chef de l'AGER Est \nTravaux 250 000 \u20ac \nFournitures, \u00e9tudes et services 143 000 \u20ac \nBastien SALESSE, chef de \nl'AGER Sud \nMoustapha SAVANE, adjoint \nau chef de l'AGER Sud \nTravaux 250 000 \u20ac \nFournitures, \u00e9tudes et services 143 000 \u20ac \nMichel PERREL, chef de \nAGER Ouest \nJulie COHEN-SOLAL, adjointe \nau chef de l'AGER Ouest \nTravaux 250 000 \u20ac \nFournitures, \u00e9tudes et services 143 000 \u20ac \nOlivier ROUQUETTE, chef \nde l'AGER Nord \nElsa ALEXANDRE, adjointe au \nchef de l'AGER Nord \nTravaux 250 000 \u20ac \nFournitures, \u00e9tudes et services 143 000 \u20ac \n \nDans l'hypoth\u00e8se o\u00f9 le montant initial du march\u00e9 est augment\u00e9 (avenant \u00e0 incidences financi\u00e8res), le \nseuil est appr\u00e9ci\u00e9 sur le montant total du march\u00e9 public ou accord-cadre, apr\u00e8s augmentation. \n \n2. Subd\u00e9l\u00e9gation de signature est donn\u00e9e aux agents cit\u00e9s au point 1 du pr\u00e9sent paragraphe, \u00e0 l'effet de \nsigner, dans la limite de leurs attributions, pour les march\u00e9s publics et accords -cadres dont le montant \nd\u00e9passe les seuils mentionn\u00e9s au point 1 du pr\u00e9sent paragraphe, toute pi\u00e8ce relative \u00e0 leur ex\u00e9cution, \u00e0 \nl'exclusion des pi\u00e8ces mentionn\u00e9es ci-apr\u00e8s : \n\u27a2 rapport de pr\u00e9sentation ; \n\u27a2 d\u00e9cision d'attribution d'un march\u00e9 et lettre de rejet d'une offre ; \n\u27a2 acte d'engagement ; \n\u27a2 avenant ou acte modificatif ; \n\u27a2 d\u00e9cision d'affermissement de tranche conditionnelle ou optionnelle ; \n\u27a2 d\u00e9cision de reconduction ou non reconduction ; \n\u27a2 d\u00e9cision de r\u00e9siliation ; \n\u27a2 d\u00e9cision d'ajournement. \n \nDans l'hypoth\u00e8se o\u00f9 le montant initial du march\u00e9 est augment\u00e9 (avenant ou acte modificatif \u00e0 incidences \nfinanci\u00e8res), le seuil est appr\u00e9ci\u00e9 sur le montant total du march\u00e9 public ou accord -cadre, apr\u00e8s \naugmentation. \n \n3. Subd\u00e9l\u00e9gation de signature est donn\u00e9e aux agents cit\u00e9s au point 1 du pr\u00e9sent paragraphe \u00e0 l'effet de \nsigner, dans le cadre de leurs attributions et comp\u00e9tences, les d\u00e9cisions d'agr\u00e9 ments de sous-traitants, \nles d\u00e9cisions de r\u00e9ception avec ou sans r\u00e9serves, les d\u00e9comptes g\u00e9n\u00e9raux ainsi que les pi\u00e8ces li\u00e9es, des \nmarch\u00e9s publics de montants sup\u00e9rieurs aux seuils mentionn\u00e9s au point 1 du pr\u00e9sent paragraphe. \n \nDirection r\u00e9gionale et interd\u00e9partementale de l'environnement, de l'am\u00e9nagement et des transports d'\u00cele-de-France -\nIDF-2025-07-03-00010 - D\u00e9cision du 3 juillet 2025 portant subd\u00e9l\u00e9gation de signature en mati\u00e8re d'ordonnancement secondaire et de\ncommande publique pour le compte du pr\u00e9fet de la r\u00e9gion d'\u00cele-de-France\n57\n \nDRIEAT \n21-23 rue Miollis \u2013 75 732 Paris CEDEX 15 \nT\u00e9l : +33 (0)1 40 61 80 80 \nwww.drieat.ile-de-france.developpement-durable.gouv.fr  19 \n4. Subd\u00e9l\u00e9gation de signature est donn\u00e9e aux agents cit\u00e9s au point 1 du pr\u00e9sent paragraphe, \u00e0 l'effet de \nsigner, dans le cadre de leurs attributions et comp\u00e9tences, les commandes, dans la limite d'un montant \npour chaque commande de : \n\u2022 1 000 000 \u20ac HT pour une commande prise dans le cadre de march\u00e9s \u00e0 bons de commandes pour des \ntravaux ; \n\u2022 250 000 \u20ac HT, pour une commande prise dans le cadre de march \u00e9s \u00e0 bons de commandes pour des \nfournitures, des \u00e9tudes ou des services. \n \n5. Subd\u00e9l\u00e9gation de signature est donn\u00e9 e aux agents d\u00e9sign\u00e9s ci -apr\u00e8s \u00e0 l'effet de signer, dans le cadre \nde leurs attributions et comp\u00e9tences, toute pi\u00e8ce relative \u00e0 la passation et \u00e0 l'ex\u00e9cution des march\u00e9s \nd'un montant inf\u00e9rieur ou \u00e9gal \u00e0 25  000 \u20ac HT (seuil \u00e0 appr\u00e9cier sur le montant total du  march\u00e9, en \nint\u00e9grant le montant des avenants \u00e0 incidence financi\u00e8re quand ils existent), les bons de commande d'un \nmontant inf\u00e9rieur ou \u00e9gal \u00e0 50  000 \u20ac HT pour chaque commande dans le cadre des march\u00e9s de \nfournitures, d'\u00e9tudes ou de services \u00e0 bons de com mandes, et les bons de commande d'un montant \ninf\u00e9rieur ou \u00e9gal \u00e0 100  000 \u20ac HT pour chaque commande dans le cadre des march\u00e9s de travaux \u00e0 bons \nde commandes : \n \n\u25aa pour l'arrondissement de gestion et d'exploitation de la route Est : \n \n\u2022 M. Claude GRUMELART, responsable du bureau de gestion administrative et de la route (BGAR) ; \n\u2022 M. \u00c9ric SIMON, responsable de la gestion budg\u00e9taire et de la comptabilit\u00e9  ; \n\u2022 Mme Val\u00e9rie DITTE, responsable de l'unit\u00e9 d'exploitation de la route de Brie -Comte-Robert et son \nadjoint, M. Patrice DEGLA, adjoint au responsable de l'unit\u00e9 exploitation de la route (UER) de Brie -\nComte-Robert ; \n\u2022 M. Ludovic CADET, chef de l'unit\u00e9 d'exploitation de la route de Champigny  ; \n\u2022 M. Florent GRANDJEAN, adjoint au chef de l'unit\u00e9 d'exploitation de la route d e Champigny ; \n\u2022 M. Pascal BEAUFILS, responsable de la cellule gestion des mat\u00e9riels et engins  ; \n \n\u25aa pour l'arrondissement de gestion et d'exploitation de la route Sud : \n \n\u2022 M. Christian LABILLE, responsable du BGAR Sud ; \n\u2022 Mme Patricia MENAGER, responsable du p\u00f4le finances-programmation-gestion-moyens g\u00e9n\u00e9raux ; \n\u2022 M. Fr\u00e9d\u00e9ric BERTRAND, responsable de l'UER d'Orsay-Villab\u00e9 et son adjoint, M. Denis PRUDHOMME ; \n\u2022 Mme Lucienne LIBER, adjointe au chef de l'UER de Chevilly-Larue ; \n\u2022 M. Martial GIRARD, responsable de l'unit\u00e9 de gestion de flotte ; \n \n\u25aa pour l'arrondissement de gestion et d'exploitation de la route Ouest : \n \n\u2022 Mme Audrey MERCHEZ, responsable du BGAR Ouest ; \n\u2022 M. Kouessan FOLLY-GBOGBOE, responsable du p\u00f4le comptabilit\u00e9 du BGAR Ouest ; \n\u2022 Mme M\u00e9lanie LIMIER, cheffe de l'UER de Nanterre-Boulogne ;  \n\u2022 Mme Catherine CHAUVET, adjointe \u00e0 la cheffe de l'UER de Nanterre-Boulogne ; \n\u2022 Mme Pauline MATHEVET, responsable de l'UER de Jouy -en-Josas, et son adjoint M. Jonathan \nPROD'HOMME ; \n\u2022 M. Philippe VERRIER, chef du bureau de gestion de la flotte (BGF) Ouest ; \n \n\u25aa pour l'arrondissement de gestion et d'exploitation de la route Nord : \n \n\u2022 M. Juan-Manuel MARTIN, responsable du bureau de gestion administrative et de la route (BGAR)  ; \nDirection r\u00e9gionale et interd\u00e9partementale de l'environnement, de l'am\u00e9nagement et des transports d'\u00cele-de-France -\nIDF-2025-07-03-00010 - D\u00e9cision du 3 juillet 2025 portant subd\u00e9l\u00e9gation de signature en mati\u00e8re d'ordonnancement secondaire et de\ncommande publique pour le compte du pr\u00e9fet de la r\u00e9gion d'\u00cele-de-France\n58\n \nDRIEAT \n21-23 rue Miollis \u2013 75 732 Paris CEDEX 15 \nT\u00e9l : +33 (0)1 40 61 80 80 \nwww.drieat.ile-de-france.developpement-durable.gouv.fr  20 \n\u2022 Mme Nadine AZOULAY, responsable contentieux et administratif ; \n\u2022 Mme Nathalie POTAILLON, adjointe au chef de l'UER d'\u00c9ragny ; \n\u2022 M. Jean-Willem LALLEMAND, responsable de l'UER de Saint-Denis, et son adjoint M. Maurice LABYLLE ; \n\u2022 Mme YEBE AKO, chef de la cellule de gestion de flotte Nord. \n \nARTICLE 5 \u2013 SERVICE CONNAISSANCE ET D\u00c9VELOPPEMENT DURABLE \n \nParagraphe 1 \u2013 Ordonnancement secondaire \n \n1. La subd\u00e9l\u00e9gation de signature du pr\u00e9sent paragraphe porte sur les programmes du minist\u00e8re de la \ntransition \u00e9cologique et de la coh\u00e9sion des territoires et du minist\u00e8re de la transition \u00e9nerg\u00e9tique : \n \n\u27a2 \u00ab Urbanisme, territoires et am\u00e9lioration de l'habitat \u00bb (n\u00b0 135) ; \n\u27a2 \u00ab Expertise, information g\u00e9ographique et m\u00e9t\u00e9orologie \u00bb (n\u00b0 159) ; \n\u27a2 \u00ab Infrastructures et services de transport \u00bb (n\u00b0 203) ; \n \n2. Subd\u00e9l\u00e9gation de signature est donn\u00e9e \u00e0 l'effet de signer dans les conditions fix\u00e9es dans les arr\u00eat\u00e9s \nsusvis\u00e9s, dans le cadre de leurs attributions et comp\u00e9tences, toute pi\u00e8ce relative \u00e0 l'exercice de la \ncomp\u00e9tence d'ordonnateur secondaire d\u00e9l\u00e9gu\u00e9, tant pour les d\u00e9penses que pour les recettes, aux agents \nci-apr\u00e8s d\u00e9sign\u00e9s : \n \n\u2022 Mme Dominique BERTHON, cheffe du service connaissance et d\u00e9veloppement durable, et ses \nadjoints M. J\u00e9r\u00f4me AYACHE, M. Guillaume CRIEF et M. Luc CHARANSONNEY. \n \nParagraphe 2 \u2013 Passation et ex\u00e9cution des march\u00e9s publics et accords-cadres \n \n1. Subd\u00e9l\u00e9gation de signature est consentie, dans la limite de leurs attributions et des montants indiqu\u00e9s \nci-dessous, aux personnes suivantes pour signer toutes pi \u00e8ces relatives \u00e0 la passation et l'ex\u00e9cution des \nmarch\u00e9s publics et des accords-cadres : \n \nNOM ET FONCTION Suppl\u00e9ant en cas d'absence \nou d'emp\u00eachement \nPassation et ex\u00e9cution de march\u00e9s et \naccords-cadres en montant HT maximum \nDominique BERTHON, \ncheffe du service \nJ\u00e9r\u00f4me AYACHE et Guillaume \nCRIEF, Luc CHARANSONNEY, \nadjoints \n\u00c9tudes et services \n \n143 000 \u20ac \n \n2. Subd\u00e9l\u00e9gation de signature est donn\u00e9e \u00e0 Mme Dominique BERTHON, \u00e0 M. J\u00e9r\u00f4me AYACHE, \u00e0 M. \nGuillaume CRIEF et \u00e0 M. Luc CHARANSONNEY, dans la limite de leurs attributions, pour signer toute \npi\u00e8ce relative \u00e0 l'ex\u00e9cution des march\u00e9s publics et des accords -cadres sup\u00e9rieurs aux seuils ci -dessus, \u00e0 \nl'exclusion des pi\u00e8ces mentionn\u00e9es ci-apr\u00e8s : \n\u2013 rapport de pr\u00e9sentation ; \n\u2013 d\u00e9cision d'attribution d'un march\u00e9 et lettre de rejet d'une offre ; \n\u2013 acte d'engagement ; \n\u2013 avenant ou acte modificatif ; \n\u2013 d\u00e9cision d'affermissement de tranche conditionnelle ou optionnelle ; \n\u2013 d\u00e9cision de reconduction ou non reconduction ; \n\u2013 d\u00e9cision de r\u00e9siliation ; \n\u2013 d\u00e9cision d'ajournement. \nDirection r\u00e9gionale et interd\u00e9partementale de l'environnement, de l'am\u00e9nagement et des transports d'\u00cele-de-France -\nIDF-2025-07-03-00010 - D\u00e9cision du 3 juillet 2025 portant subd\u00e9l\u00e9gation de signature en mati\u00e8re d'ordonnancement secondaire et de\ncommande publique pour le compte du pr\u00e9fet de la r\u00e9gion d'\u00cele-de-France\n59\n \nDRIEAT \n21-23 rue Miollis \u2013 75 732 Paris CEDEX 15 \nT\u00e9l : +33 (0)1 40 61 80 80 \nwww.drieat.ile-de-france.developpement-durable.gouv.fr  21 \n \nDans l'hypoth\u00e8se o\u00f9 le montant initial du march\u00e9 est augment\u00e9 (avenant \u00e0 incidences financi\u00e8re s), le \nseuil est appr\u00e9ci\u00e9 sur le montant total du march\u00e9 public ou accord-cadre, apr\u00e8s augmentation. \n \nARTICLE 6 \u2013 SERVICE AM\u00c9NAGEMENT DURABLE \n \nParagraphe 1 \u2013 Ordonnancement secondaire \n \n1. La subd\u00e9l\u00e9gation de signature du pr\u00e9sent paragraphe porte sur : \n \na. Les programmes du minist\u00e8re de la transition \u00e9cologique et de la coh\u00e9sion des territoires et du \nminist\u00e8re de la transition \u00e9nerg\u00e9tique : \n \n\u27a2 \u00ab Paysages, eau et biodiversit\u00e9 \u00bb (n\u00b0 113) ; \n\u27a2 \u00ab Urbanisme, territoires et am\u00e9lioration de l'habitat \u00bb (n\u00b0 135) ; \n\u27a2 \u00ab Pr\u00e9vention des risques \u00bb (n\u00b0 181) ; \n\u27a2 \u00ab Fonds d'acc\u00e9l\u00e9ration pour la transition \u00e9cologique dans les territoires \u00bb (n\u00b0 380). \n \nb. Les programmes du minist\u00e8re charg\u00e9 de l'\u00e9conomie et des finances : \n \n\u27a2 \u00ab \u00c9cologie \u00bb (n\u00b0 362) ; \n\u27a2 \u00ab Op\u00e9rations immobili\u00e8res et entretien des b\u00e2timents de l'\u00c9tat \u00bb (n\u00b0 723). \n \nPour les programmes n\u00b0 362 (volet immobilier public) et n\u00b0 723, toute d\u00e9pense sup\u00e9rieure \u00e0 400 000 \u20ac HT \ndevra faire l'objet d'un visa pr\u00e9alable du pr\u00e9fet de la r\u00e9gion d'\u00cele-de-France, en application de l'article 3 \nde l'arr\u00eat\u00e9 de d\u00e9l\u00e9gation de signature en mati\u00e8re d'ordonnancement secondaire susvis\u00e9. \n \n2. Subd\u00e9l\u00e9gation de signature est donn\u00e9e \u00e0 l'effet de signer dans les conditions fix\u00e9es dans les arr\u00eat\u00e9s \nsusvis\u00e9s, dans le cadre de ses attributions et comp\u00e9tences, toute pi\u00e8ce relative \u00e0 l'exercice de la \ncomp\u00e9tence d'ordonnateur secondaire d\u00e9l\u00e9gu\u00e9, tant pour les d\u00e9penses que pour les recettes \u00e0 : \n\u2022 Mme Muriel BENSAID responsable du service am\u00e9nagement durable, et son adjointe Ghislaine \nBORDES ; \n\u2022 Mme Nina A\u00cfSSANI, cheffe de l'unit\u00e9 budg\u00e9taire et financi\u00e8re. \n \nParagraphe 2 \u2013 Passation et ex\u00e9cution des march\u00e9s publics et accords-cadres \n \n1. Subd\u00e9l\u00e9gation de signature est consentie, dans la limite de ses attributions et des montants indiqu\u00e9s \nci-dessous, pour signer toutes pi\u00e8ces relatives \u00e0 la passation et l'ex\u00e9cution des march\u00e9s publics et des \naccords-cadres, \u00e0 : \n \n \nNOM ET FONCTION \nSuppl\u00e9ant en cas d'absence \nou d'emp\u00eachement \nPassation et ex\u00e9cution de march\u00e9s et accords-\ncadres en euros montant HT maximum \nMuriel BENSAID, \nresponsable \nGhislaine BORDES, \nadjointe \n \nMme Nina A\u00cfSSANI, cheffe \nde l'unit\u00e9 budg\u00e9taire et \nfinanci\u00e8re \n\u00c9tudes et services 143 000 \u20ac \nDirection r\u00e9gionale et interd\u00e9partementale de l'environnement, de l'am\u00e9nagement et des transports d'\u00cele-de-France -\nIDF-2025-07-03-00010 - D\u00e9cision du 3 juillet 2025 portant subd\u00e9l\u00e9gation de signature en mati\u00e8re d'ordonnancement secondaire et de\ncommande publique pour le compte du pr\u00e9fet de la r\u00e9gion d'\u00cele-de-France\n60\n \nDRIEAT \n21-23 rue Miollis \u2013 75 732 Paris CEDEX 15 \nT\u00e9l : +33 (0)1 40 61 80 80 \nwww.drieat.ile-de-france.developpement-durable.gouv.fr  22 \n \n2. Subd\u00e9l\u00e9gation de signature est donn\u00e9e \u00e0 Mme Muriel BENSAID et Mme Ghislaine BORDES, dans la \nlimite de leurs attributions, pour signer toute pi\u00e8ce relative \u00e0 l'ex\u00e9cution des march\u00e9s publics et des \naccords-cadres sup\u00e9rieurs aux seuils mentionn\u00e9s ci-dessus, \u00e0 l'exclusion des pi\u00e8ces mentionn\u00e9es ci-apr\u00e8s : \n\u2013 rapport de pr\u00e9sentation ; \n\u2013 d\u00e9cision d'attribution d'un march\u00e9 et lettre de rejet d'une offre ; \n\u2013 acte d'engagement ; \n\u2013 avenant ou acte modificatif ; \n\u2013 d\u00e9cision d'affermissement de tranche conditionnelle ou optionnelle ; \n\u2013 d\u00e9cision de reconduction ou non reconduction ; \n\u2013 d\u00e9cision de r\u00e9siliation ; \n\u2013 d\u00e9cision d'ajournement. \n \nDans l'hypoth\u00e8se o\u00f9 le montant initial du march\u00e9 est augment\u00e9 (avenant \u00e0 incidences financi\u00e8res), le \nseuil est appr\u00e9ci\u00e9 sur le montant total du march\u00e9 public ou accord-cadre, apr\u00e8s augmentation. \n \nARTICLE 7 \u2013 SERVICE DE LA POLITIQUE DES TRANSPORTS  \n \nParagraphe 1 \u2013 Ordonnancement secondaire \n \n1. La subd\u00e9l\u00e9gation de signature du pr\u00e9sent paragraphe porte sur les programmes du minist\u00e8re de la \ntransition \u00e9cologique et de la coh\u00e9sion des territoires et du minist\u00e8re de la transition \u00e9nerg\u00e9tique : \n \n\u27a2 \u00ab Infrastructures et services de transport \u00bb (n\u00b0 203) ; \n\u27a2 \u00ab Fonds d'acc\u00e9l\u00e9ration de la transition \u00e9cologique dans les territoires \u00bb (n\u00b0 380). \n \n2. Subd\u00e9l\u00e9gation de signature est donn\u00e9e \u00e0 l'effet de signer dans les conditions fix\u00e9es dans les arr\u00eat\u00e9s \nsusvis\u00e9s, dans le cadre de leurs attributions et comp\u00e9tence s, toute pi\u00e8ce relative \u00e0 l'exercice de la \ncomp\u00e9tence d'ordonnateur secondaire d\u00e9l\u00e9gu\u00e9 pour les d\u00e9penses aux agents ci-apr\u00e8s d\u00e9sign\u00e9s : \n\u2022 M. Christophe DENIAU, chef du service politique des transports ; \n\u2022 M. Denis LAISNEY, responsable du d\u00e9partement des transports urbains. \n\u2022 M. Eliott VARON, chef du d\u00e9partement des mobilit\u00e9s et de la logistique ; \n\u2022 M. Mathurin KRANQUI, chef de l'unit\u00e9 budget et synth\u00e8se financi\u00e8re ; \n\u2022 M. \u00c9ric LAVOINE, secr\u00e9taire d'administration et de contr\u00f4le de classe normale du d\u00e9veloppement \ndurable, contr\u00f4leur de gestion transports, responsable de la cellule budget et synth\u00e8se financi\u00e8re.  \n \nParagraphe 2 \u2013 Passation et ex\u00e9cution des march\u00e9s publics et accords-cadres \n \n1. Subd\u00e9l\u00e9gation de signature est consentie, dans la limite de leurs attributions et des montants indiqu\u00e9s \nci-dessous, aux personnes suivantes pour signer toutes pi\u00e8ces relatives \u00e0 la passation et l'ex\u00e9cution des \nmarch\u00e9s publics et des accords-cadres : \n  \nDirection r\u00e9gionale et interd\u00e9partementale de l'environnement, de l'am\u00e9nagement et des transports d'\u00cele-de-France -\nIDF-2025-07-03-00010 - D\u00e9cision du 3 juillet 2025 portant subd\u00e9l\u00e9gation de signature en mati\u00e8re d'ordonnancement secondaire et de\ncommande publique pour le compte du pr\u00e9fet de la r\u00e9gion d'\u00cele-de-France\n61\n \nDRIEAT \n21-23 rue Miollis \u2013 75 732 Paris CEDEX 15 \nT\u00e9l : +33 (0)1 40 61 80 80 \nwww.drieat.ile-de-france.developpement-durable.gouv.fr  23 \n \nNOM ET FONCTION Suppl\u00e9ant en cas d'absence \nou d'emp\u00eachement \nPassation et ex\u00e9cution de \nmarch\u00e9s et accords-cadres en \nmontant HT maximum \nChristophe DENIAU, chef du service \npolitique des transports ; \n \nDenis LAISNEY, chef du \nd\u00e9partement des transports urbains \n \nEliott VARON, chef du d\u00e9partement \ndes mobilit\u00e9s et de la logistique \nM. Mathurin KRANQUI, chef \nde l'unit\u00e9 budget et synth\u00e8se \nfinanci\u00e8re \n \nM. \u00c9ric LAVOINE, responsable \nde la cellule budget et \nsynth\u00e8se financi\u00e8re \n\u00c9tudes et \nservices \n143 000 \u20ac \n \n2. Subd\u00e9l\u00e9gation de signature est donn\u00e9e \u00e0 M. Christophe DENIAU, M. Denis LAISNEY et M. Eliott VARON, \npour signer, dans la limite de leurs attributions, toutes pi\u00e8ces relatives \u00e0 l'ex\u00e9cution des march\u00e9s publics \net des accords-cadres sup\u00e9rieurs aux seuils men tionn\u00e9s ci-dessus, \u00e0 l'exclusion des pi\u00e8ces mentionn\u00e9es \nci-apr\u00e8s : \n\u2013 rapport de pr\u00e9sentation ; \n\u2013 d\u00e9cision d'attribution d'un march\u00e9 et lettre de rejet d'une offre ; \n\u2013 acte d'engagement ; \n\u2013 avenant ou acte modificatif ; \n\u2013 d\u00e9cision d'affermissement de tranche conditionnelle ou optionnelle ; \n\u2013 d\u00e9cision de reconduction ou non reconduction ; \n\u2013 d\u00e9cision de r\u00e9siliation ; \n\u2013 d\u00e9cision d'ajournement. \n \nDans l'hypoth\u00e8se o\u00f9 le montant initial du march\u00e9 est augment\u00e9 (avenant \u00e0 incidences financi\u00e8re s), le \nseuil est appr\u00e9ci\u00e9 sur le montant total du march\u00e9 public ou accord-cadre, apr\u00e8s augmentation. \n \nARTICLE 8 \u2013 SERVICE \u00c9NERGIE ET B\u00c2TIMENT \n \nParagraphe 1 \u2013 Ordonnancement secondaire \n \n1. La subd\u00e9l\u00e9gation de signature du pr\u00e9sent paragraphe porte sur : \n \na. Les programmes du minist\u00e8re de la transition \u00e9cologique et de la coh\u00e9sion des territoires et du \nminist\u00e8re de la transition \u00e9nerg\u00e9tique : \n \n\u27a2 \u00ab Urbanisme, territoires et am\u00e9lioration de l'habitat \u00bb (n\u00b0 135) ; \n\u27a2 \u00ab Expertise, information g\u00e9ographique et m\u00e9t\u00e9orologie \u00bb (n\u00b0 159) ; \n\u27a2 \u00ab \u00c9nergie, climat et apr\u00e8s-mines \u00bb (n\u00b0 174) ; \n\u27a2 \u00ab \u00c9cologie \u00bb (n\u00b0 362) ; \n\u27a2 \u00ab Infrastructures et services de transport \u00bb (n\u00b0 203) ; \n\u27a2 \u00ab Fonds d'acc\u00e9l\u00e9ration de la transition \u00e9cologique dans les territoires \u00bb (n\u00b0 380). \n \nb. Les programmes du minist\u00e8re de l'int\u00e9rieur  : \u00ab S\u00e9curit\u00e9 et \u00e9ducation routi \u00e8res \u00bb (n\u00b0 207) et \n\u00ab Administration territoriale de l'\u00c9tat \u00bb (n\u00b0 354) ;  \n \nDirection r\u00e9gionale et interd\u00e9partementale de l'environnement, de l'am\u00e9nagement et des transports d'\u00cele-de-France -\nIDF-2025-07-03-00010 - D\u00e9cision du 3 juillet 2025 portant subd\u00e9l\u00e9gation de signature en mati\u00e8re d'ordonnancement secondaire et de\ncommande publique pour le compte du pr\u00e9fet de la r\u00e9gion d'\u00cele-de-France\n62\n \nDRIEAT \n21-23 rue Miollis \u2013 75 732 Paris CEDEX 15 \nT\u00e9l : +33 (0)1 40 61 80 80 \nwww.drieat.ile-de-france.developpement-durable.gouv.fr  24 \nc. Le programme du minist\u00e8re charg\u00e9 des sports : \u00ab Sports \u00bb (n\u00b0 219) ; \n \nd. Les programmes du minist\u00e8re de l'\u00c9conomie et des Finances : \n \n\u27a2 \u00ab Fonction Publique \u00bb (n\u00b0 148) ; \n\u27a2 \u00ab Op\u00e9rations immobili\u00e8res et entretiens des b\u00e2timents de l'\u00c9tat \u00bb (n\u00b0 723) \n\u27a2 \u00ab Performance et r\u00e9silience des b\u00e2timents de l'\u00c9tat et de ses op\u00e9rateurs \u00bb (n\u00b0 348). \n \nPour les programmes n\u00b0 348, n\u00b0 354, n\u00b0 362 (volet immobilier public) et n\u00b0 723, toute d\u00e9pense sup\u00e9rieure \n\u00e0 400 000 \u20ac HT devra faire l'objet d'un visa pr\u00e9alable du pr\u00e9fet de la r\u00e9gion \u00cele-de-France, en application \nde l'article 3 de l'arr\u00eat\u00e9 de d\u00e9l\u00e9gation de signature en mati\u00e8re d'ordonnancement secondaire susvis\u00e9. \n \n2. Subd\u00e9l\u00e9gation de signature du pr\u00e9sent paragraphe est donn\u00e9e aux personnes d\u00e9sign\u00e9es ci -apr\u00e8s, \u00e0 \nl'effet de signer dans les conditions fix\u00e9es aux arr\u00eat\u00e9s susvis\u00e9s et dans la limite de leurs attributions et \ncomp\u00e9tences, les propositions d'engagement et toute pi\u00e8ce relative \u00e0 l'exercice de la comp\u00e9tence \nd'ordonnateur secondaire d\u00e9l\u00e9gu\u00e9, tant pour les d\u00e9penses que pour les recettes : \n \n\u2022 Mme Aurore FARGETTE, cheffe du service \u00e9nergie et b\u00e2timent ; \n\u2022 Mme Alice METAYER-MATHIEU, adjointe \u00e0 la cheffe du service \u00e9nergie et b\u00e2timent ; \n\u2022 Mme Nathalie BOUSQUET, cheffe du d\u00e9partement b\u00e2timent (DB) ; \n\u2022 M. Thibaut BADOUAL, chef du d\u00e9partement climat, air, \u00e9nergie ; \n\u2022 Mme Julie LODEWYCKX, adjointe au chef du d\u00e9partement climat, air, \u00e9nergie ; \n\u2022 Mme H\u00e9l\u00e8ne BONNET, cheffe du d\u00e9partement patrimoine immobilier ; \n\u2022 Jean-Michel DUBOIS, adjoint \u00e0 la cheffe du d\u00e9partement patrimoine immobilier ; \n\u2022 M. Louis ORTA, adjoint \u00e0 la cheffe du d\u00e9partement patrimoine immobilier ; \n\u2022 M. Radouane LAHMER, chef de l'unit\u00e9 suivi financier et march\u00e9s ; \n\u2022 Mme Evelyne GUERTON, adjointe au chef de l'unit\u00e9 suivi financier et march\u00e9s ; \n\u2022 M. Mounir BOUALAOUI, chef de l'unit\u00e9 \u00e9tudes et projets b\u00e2timent 1 ; \n\u2022 M. Dorian STEINMETZ, chef de l'unit\u00e9 \u00e9tudes et projets b\u00e2timent 2 ; \n \nParagraphe 2 \u2013 Passation et ex\u00e9cution des march\u00e9s publics et accords-cadres \n \n1. Subd\u00e9l\u00e9gation de signature est consentie, dans la limite de leurs attributions et des montants indiqu\u00e9s \nci-dessous, aux personnes suivantes pour signer toutes pi\u00e8ces relatives \u00e0 la passation et \u00e0 l'ex\u00e9cution des \nmarch\u00e9s publics et des accords-cadres : \n \n \nNOM ET FONCTION \nSuppl\u00e9ant en cas d'absence ou \nd'emp\u00eachement \nPassation et ex\u00e9cution de \nmarch\u00e9s et accords-cadres en \nmontant HT maximum \nAurore FARGETTE, \ncheffe du service \nAlice METAYER-MATHIEU, adjointe \u00e0 la \ncheffe du service \nTravaux 1 000 000 \u20ac \n\u00c9tudes et services 250 000 \u20ac \nH\u00e9l\u00e8ne BONNET, cheffe du d\u00e9partement \npatrimoine immobilier \n \nJean-Michel DUBOIS, adjoint \u00e0 la cheffe du \nd\u00e9partement patrimoine immobilier, \n \nTravaux \n \n\u00c9tudes et services \n250 000 \u20ac \n \n143 000 \u20ac \nDirection r\u00e9gionale et interd\u00e9partementale de l'environnement, de l'am\u00e9nagement et des transports d'\u00cele-de-France -\nIDF-2025-07-03-00010 - D\u00e9cision du 3 juillet 2025 portant subd\u00e9l\u00e9gation de signature en mati\u00e8re d'ordonnancement secondaire et de\ncommande publique pour le compte du pr\u00e9fet de la r\u00e9gion d'\u00cele-de-France\n63\n \nDRIEAT \n21-23 rue Miollis \u2013 75 732 Paris CEDEX 15 \nT\u00e9l : +33 (0)1 40 61 80 80 \nwww.drieat.ile-de-france.developpement-durable.gouv.fr  25 \nLouis ORTA, adjoint \u00e0 la cheffe du \nd\u00e9partement patrimoine immobilier \n \nRadouane LAHMER, chef de l'unit\u00e9 suivi \nfinancier et march\u00e9s \n \nEvelyne GUERTON, adjointe au chef de \nl'unit\u00e9 suivi financier et march\u00e9s \n \nNathalie BOUSQUET, cheffe du \nd\u00e9partement b\u00e2timent \n \nThibaut BADOUAL, chef du d\u00e9partement \nclimat, air, \u00e9nergie \n \nJulie LODEWYCKX, adjointe au chef du \nd\u00e9partement climat, air, \u00e9nergie \n \n2. Subd\u00e9l\u00e9gation de signature est donn\u00e9e \u00e0 Mme Aurore FARGETTE- et \u00e0 Mme Alice METAYER-MATHIEU \npour signer, dans la limite de leurs attributions, toutes pi\u00e8ces relatives \u00e0 l'ex\u00e9cution des march\u00e9s publics \net des accords-cadres sup\u00e9rieurs aux seuils mentionn\u00e9s au paragraphe 2.1, \u00e0 l'exclusion \u00e0 l'exclusion des \npi\u00e8ces mentionn\u00e9es ci-apr\u00e8s : \n \n\u2013 rapport de pr\u00e9sentation ; \n\u2013 d\u00e9cision d'attribution d'un march\u00e9 et lettre de rejet d'une offre ; \n\u2013 acte d'engagement ; \n\u2013 avenant ou acte modificatif ; \n\u2013 d\u00e9cision d'affermissement de tranche conditionnelle ou optionnelle ; \n\u2013 d\u00e9cision de reconduction ou non reconduction ; \n\u2013 d\u00e9cision de r\u00e9siliation ; \n\u2013 d\u00e9cision d'ajournement. \n \nDans l'hypoth\u00e8se o\u00f9 le montant initial du march\u00e9 est augment\u00e9 (avenant \u00e0 incidences financi\u00e8re s), le \nseuil est appr\u00e9ci\u00e9 sur le montant total du march\u00e9 public ou accord-cadre, apr\u00e8s augmentation. \n \n3. Subd\u00e9l\u00e9gation de signature est donn\u00e9e aux autres agents mentionn\u00e9s au paragraphe 2.1 pour signer, \ndans la limite de leurs attributions, et pour les mar ch\u00e9s dont le montant, en tenant compte des \n\u00e9ventuelles augmentations, ne d\u00e9passe pas les seuils autoris\u00e9s pour le responsable du SEB au paragraphe \n2.1 : \n\u2013 toutes pi\u00e8ces relatives \u00e0 l'ex\u00e9cution des march\u00e9s publics et des accords-cadres ; \n\u2013 les commandes prises dans le cadre de march\u00e9s \u00e0 bons de commandes. \n \n4. Subd\u00e9l\u00e9gation de signature est \u00e9galement donn\u00e9e \u00e0 M. Mounir BOUALAOUI et \u00e0 M. Dorian STEINMETZ, \nrespectivement chefs des unit\u00e9s \u00e9tudes et projets 1 et 2, pour signer, dans la limite de leurs attributions, \net pour les march\u00e9s dont le montant, en tenant compte des \u00e9ventuelles augmentations, ne d\u00e9passe pas \nles seuils autoris\u00e9s pour le d\u00e9partement au paragraphe 2.1 : \n\u2013 les actes relatifs \u00e0 l'ex\u00e9cution des march\u00e9s relevant du repr\u00e9sentant du pouvoir adjudicateur (RPA) sans \nincidence financi\u00e8re  (sont exclus  : les actes d 'engagement, avenants ou actes modificatifs, d \u00e9cisions \nDirection r\u00e9gionale et interd\u00e9partementale de l'environnement, de l'am\u00e9nagement et des transports d'\u00cele-de-France -\nIDF-2025-07-03-00010 - D\u00e9cision du 3 juillet 2025 portant subd\u00e9l\u00e9gation de signature en mati\u00e8re d'ordonnancement secondaire et de\ncommande publique pour le compte du pr\u00e9fet de la r\u00e9gion d'\u00cele-de-France\n64\n \nDRIEAT \n21-23 rue Miollis \u2013 75 732 Paris CEDEX 15 \nT\u00e9l : +33 (0)1 40 61 80 80 \nwww.drieat.ile-de-france.developpement-durable.gouv.fr  26 \nd'affermissement de tranches conditionnelles ou optionnelles, d\u00e9cisions de r\u00e9siliation, ordres de service \navec incidence financi\u00e8re). \n \nARTICLE 9 \u2013 SERVICE DE LA PR\u00c9VENTION DES RISQUES \n \nParagraphe 1 \u2013 Ordonnancement secondaire \n \n1. La subd\u00e9l\u00e9gation de signature du pr\u00e9sent paragraphe porte sur le programme du minist\u00e8re de la \ntransition \u00e9cologique et de la coh\u00e9sion des territoires et du minist\u00e8re de la transition \n\u00e9nerg\u00e9tique \u00ab Pr\u00e9vention des risques \u00bb (n\u00b0 181) ; \n \n2. La subd\u00e9l\u00e9gation de signature du pr\u00e9sent paragraphe est donn\u00e9e aux personnes d\u00e9sign\u00e9es ci -apr\u00e8s, \u00e0 \nl'effet de signer dans les conditions fix\u00e9es aux arr\u00eat\u00e9s s usvis\u00e9s et dans la limite de leurs attributions et \ncomp\u00e9tences, les propositions d'engagement et toute pi\u00e8ce relative \u00e0 l'exercice de la comp\u00e9tence \nd'ordonnateur secondaire d\u00e9l\u00e9gu\u00e9, tant pour les d\u00e9penses que pour les recettes : \n \n\u2022 M. Olivier LEVILLAIN, chef du service pr\u00e9vention des risques ; \n\u2022 Mme Guillemette DE KERDREL, adjointe au chef du service pr\u00e9vention des risques, cheffe du \nd\u00e9partement des risques chroniques ; \n\u2022 Mme Ir\u00e8ne ALFONSI, adjointe \u00e0 la cheffe du d\u00e9partement des risques chroniques  ; \n\u2022 Mme \u00c9lisabeth BLATON, cheffe du d\u00e9partement risques accidentels ;  \n\u2022 M. Vincent PIERRON, adjoint \u00e0 la cheffe du d\u00e9partement risques accidentels  ; \n\u2022 M. Baptiste LORENZI, chef du d\u00e9partement risques naturels ;  \n\u2022 Mme Laurence BALMES, adjointe au chef du d\u00e9partement risques naturels ;  \n\u2022 Mme Sophie SAUVAGNAT, adjointe au chef du d\u00e9partement risques naturels  ; \n\u2022 Mme Manon VIGNES, cheffe du d\u00e9partement hydrologie et pr\u00e9vision des crues  ; \n\u2022 Mme Carine CHALEON, adjointe \u00e0 la cheffe du d\u00e9partement hydrologie et pr\u00e9vi sion des crues. \n\u2022 Mme Audrey BILDSTEIN, cheffe de l'unit\u00e9 hydrom\u00e9trie et r\u00e9seaux de mesure  ; \n\u2022 M. Christophe DYCKE, adjoint \u00e0 la cheffe de l'unit\u00e9 hydrom\u00e9trie et r\u00e9seaux de mesure.  \n\u2022 Mme Sylvie LE DANTEC, assistante. \n \nParagraphe 2 - Passation et ex\u00e9cution des march\u00e9s publics \n \n1. Subd\u00e9l\u00e9gation de signature est consentie, dans la limite de leurs attributions et des montants indiqu\u00e9s \nci-dessous, aux personnes suivantes pour signer toutes pi\u00e8ces relatives \u00e0 la passation et \u00e0 l'ex\u00e9cution des \nmarch\u00e9s publics et des accords-cadres : \n \n \nNOM ET FONCTION \nSuppl\u00e9ant en cas d'absence ou \nd'emp\u00eachement \nPassation et ex\u00e9cution de march\u00e9s \net accords-cadres en montant HT \nmaximum \nOlivier LEVILLAIN, chef \ndu service pr\u00e9vention \ndes risques \nGuillemette DE KERDREL, adjointe \nau chef du service pr\u00e9vention des \nrisques, cheffe du d\u00e9partement \ndes risques chroniques \nTravaux 1 000 000 \u20ac \n\u00c9tudes et services 250 000 \u20ac \n \n2. Subd\u00e9l\u00e9gation de signature est donn\u00e9e \u00e0 M. LEVILLAIN et Mme DE KERDREL pour signer, dans la limite \nde leurs attributions, toutes pi\u00e8ces relatives \u00e0 l'ex\u00e9cution des march\u00e9s publics et des accords -cadres \nsup\u00e9rieurs aux seuils mentionn\u00e9s ci-dessus, \u00e0 l'exclusion des pi\u00e8ces mentionn\u00e9es ci-apr\u00e8s : \nDirection r\u00e9gionale et interd\u00e9partementale de l'environnement, de l'am\u00e9nagement et des transports d'\u00cele-de-France -\nIDF-2025-07-03-00010 - D\u00e9cision du 3 juillet 2025 portant subd\u00e9l\u00e9gation de signature en mati\u00e8re d'ordonnancement secondaire et de\ncommande publique pour le compte du pr\u00e9fet de la r\u00e9gion d'\u00cele-de-France\n65\n \nDRIEAT \n21-23 rue Miollis \u2013 75 732 Paris CEDEX 15 \nT\u00e9l : +33 (0)1 40 61 80 80 \nwww.drieat.ile-de-france.developpement-durable.gouv.fr  27 \n\u2013 rapport de pr\u00e9sentation ; \n\u2013 d\u00e9cision d'attribution d'un march\u00e9 et lettre de rejet d'une offre ; \n\u2013 acte d'engagement ; \n\u2013 avenant ou acte modificatif ; \n\u2013 d\u00e9cision d'affermissement de tranche conditionnelle ou optionnelle ; \n\u2013 d\u00e9cision de reconduction ou non reconduction ; \n\u2013 d\u00e9cision de r\u00e9siliation ; \n\u2013 d\u00e9cision d'ajournement. \nDans l'hypoth\u00e8se o\u00f9 le montant initial du march\u00e9 est augment\u00e9 (avenant \u00e0 incidences financi\u00e8res), le \nseuil est appr\u00e9ci\u00e9 sur le montant total du march\u00e9 public ou accord-cadre, apr\u00e8s augmentation. \n \nARTICLE 10 \u2013 SERVICE S\u00c9CURIT\u00c9 DES TRANSPORTS ET DES VEHICULES \n \nParagraphe 1 \u2013 Ordonnancement secondaire \n \n1. La subd\u00e9l\u00e9gation de signature du pr\u00e9sent paragraphe porte sur : \n \na. Le programme du minist\u00e8re de la transition \u00e9cologique et de la coh\u00e9sion des territoires et du minist\u00e8re \nde la transition \u00e9nerg\u00e9tique : \n\u27a2 \u00ab Infrastructures et services de transport \u00bb (n\u00b0 203) ; \n\u27a2 \u00ab Energie, climat et apr\u00e8s-mines \u00bb (n\u00b0 174) ; \n \nb. Le programme du minist\u00e8re de l'int\u00e9rieur : \u00ab S\u00e9curit\u00e9 et \u00e9ducation routi\u00e8res \u00bb (n\u00b0 207). \n \n2. Subd\u00e9l\u00e9gation de signature est donn\u00e9e \u00e0 l'effet de signer dans les conditions fix\u00e9es dans les arr\u00eat\u00e9s \nsusvis\u00e9s, dans le cadre de leurs attributions et comp\u00e9tences, toute pi\u00e8ce relative \u00e0 l'exercice de la \ncomp\u00e9tence d'ordonnateur secondaire d\u00e9l\u00e9gu\u00e9, tant pour les d\u00e9penses que pour les recettes, aux agents \nci-apr\u00e8s d\u00e9sign\u00e9s : \n \n\u2022 M Paul WEICK, directeur adjoint charg\u00e9 de la s\u00e9curit\u00e9 des transports et des missions de d\u00e9fense et \nde s\u00e9curit\u00e9, chef du service s\u00e9curit\u00e9 des transports et des v\u00e9hicules, et son adjoint e Mme Odile \nS\u00c9GUIN ; \n\u2022 M. Moussa BELOUASSAA, responsable du d\u00e9partement r\u00e9gulation des transports routiers et son \nadjoint, M. Ronan MEAR ; \n\u2022 M. Ren\u00e9 ALBERTI, chef du d\u00e9partement s\u00e9curit\u00e9, \u00e9ducation et circulation routi\u00e8res  ; \n\u2022 Mme Marion ESCARGUEIL-RAYNAUD, cheffe du d\u00e9partement s\u00e9curit\u00e9 des transports fluviaux et son \nadjointe, Mme Justine GODARD ; \n\u2022 M. Yves SCHOEFFNER, responsable du d\u00e9partement homologation et surveillance des v\u00e9hicules.  \n \nParagraphe 2 \u2013 Passation et ex\u00e9cution des march\u00e9s publics et accords-cadres \n \n1. Subd\u00e9l\u00e9gation de signature est consentie, dans la limite de leurs attributions et des montants indiqu\u00e9s \nci-dessous, aux personnes suivantes  pour signer toutes pi \u00e8ces relatives \u00e0 la passation et l 'ex\u00e9cution des \nmarch\u00e9s publics et des accords-cadres : \n \n \nNOM ET FONCTION \nSuppl\u00e9ant en cas d'absence \nou d'emp\u00eachement \nPassation et ex\u00e9cution de march\u00e9s et \naccords-cadres, en montant HT maximum \nPaul WEICK, Odile S\u00c9GUIN, Travaux, fournitures, 250 000 \u20ac \nDirection r\u00e9gionale et interd\u00e9partementale de l'environnement, de l'am\u00e9nagement et des transports d'\u00cele-de-France -\nIDF-2025-07-03-00010 - D\u00e9cision du 3 juillet 2025 portant subd\u00e9l\u00e9gation de signature en mati\u00e8re d'ordonnancement secondaire et de\ncommande publique pour le compte du pr\u00e9fet de la r\u00e9gion d'\u00cele-de-France\n66\n \nDRIEAT \n21-23 rue Miollis \u2013 75 732 Paris CEDEX 15 \nT\u00e9l : +33 (0)1 40 61 80 80 \nwww.drieat.ile-de-france.developpement-durable.gouv.fr  28 \nchef du service  adjointe au chef de service \u00e9tudes et services 143 000 \u20ac \nMarion ESCARGUEIL-\nRAYNAUD, cheffe du \nd\u00e9partement s\u00e9curit\u00e9 \ndes transports fluviaux \n \nMoussa BELOUASSAA, \nchef du d\u00e9partement \nr\u00e9gulation des transports \nroutiers \n \nRen\u00e9 ALBERTI, chef du \nd\u00e9partement s\u00e9curit\u00e9 et \n\u00e9ducation routi\u00e8res \n \nYves SCHOEFFNER, chef \ndu d\u00e9partement \nhomologation et \nsurveillance des v\u00e9hicules \n Fournitures, \u00e9tudes et \nservices \n40 000 \u20ac  \n \n \n2. Subd\u00e9l\u00e9gation de signature est donn\u00e9e, dans la limite de ses attributions, \u00e0 Mme Odile S\u00c9GUIN, \nadjointe au responsable du service s\u00e9curit\u00e9 des transports et des v\u00e9hicules, pour signer toute pi\u00e8ce \nrelative \u00e0 l'ex\u00e9cution des march\u00e9s publics et des accords -cadres sup\u00e9rieurs aux seuils mentionn\u00e9s ci -\ndessus, \u00e0 l'exclusion des pi\u00e8ces mentionn\u00e9es ci-apr\u00e8s : \n\u2013 rapport de pr\u00e9sentation ; \n\u2013 d\u00e9cision d'attribution d'un march\u00e9 et lettre de rejet d'une offre ; \n\u2013 acte d'engagement ; \n\u2013 avenant ou acte modificatif ; \n\u2013 d\u00e9cision d'affermissement de tranche conditionnelle ou optionnelle ; \n\u2013 d\u00e9cision de reconduction ou non reconduction ; \n\u2013 d\u00e9cision de r\u00e9siliation ; \n\u2013 d\u00e9cision d'ajournement. \nDans l'hypoth\u00e8se o\u00f9 le montant initial du march\u00e9 est augment\u00e9 (avena nt \u00e0 incidences financi\u00e8res), le \nseuil est appr\u00e9ci\u00e9 sur le montant total du march\u00e9 public ou accord-cadre, apr\u00e8s augmentation. \n \n3. Subd\u00e9l\u00e9gation de signature est donn\u00e9e \u00e0 l'effet de signer les commandes, quel que soit leur montant, \nprises dans le cadre de march\u00e9s sur devis ou \u00e0 bons de commandes relevant de leurs attributions et \ncomp\u00e9tences, aux personnes suivantes : \n \n\u2022 M. Moussa BELOU ASSAA, responsable du d\u00e9partement r\u00e9gulation des transports routiers et son \nadjoint, M. Ronan MEAR ; \n\u2022 M. Ren\u00e9 ALBERTI, chef du d\u00e9partement s\u00e9curit\u00e9, \u00e9ducation et circulation routi\u00e8res  ; \n\u2022 Mme Marion ESCARGUEIL-RAYNAUD, cheffe du d\u00e9partement s\u00e9curit\u00e9 des transports fluviaux et son \nadjointe, Mme Justine GODARD ; \n\u2022 M. Yves SCHOEFFNER, responsable du d\u00e9partement homologation et surveillance des v\u00e9hicules.  \n\u2022 Mme Sadia KHELIFI, cheffe de la division gestion du d\u00e9partement r\u00e9gulation des transports routiers ; \n\u2022 M. Hugues NOLLET, responsable de la division contr\u00f4le du d\u00e9partement r\u00e9gulation des transports \nroutiers ; \nDirection r\u00e9gionale et interd\u00e9partementale de l'environnement, de l'am\u00e9nagement et des transports d'\u00cele-de-France -\nIDF-2025-07-03-00010 - D\u00e9cision du 3 juillet 2025 portant subd\u00e9l\u00e9gation de signature en mati\u00e8re d'ordonnancement secondaire et de\ncommande publique pour le compte du pr\u00e9fet de la r\u00e9gion d'\u00cele-de-France\n67\n \nDRIEAT \n21-23 rue Miollis \u2013 75 732 Paris CEDEX 15 \nT\u00e9l : +33 (0)1 40 61 80 80 \nwww.drieat.ile-de-france.developpement-durable.gouv.fr  29 \n\u2022 M. Jean-Fran\u00e7ois FRATINI, responsable du bureau s\u00e9curit\u00e9 et \u00e9ducation routi\u00e8res  ; \n\u2022 Mme Sabrina LANDUREAU, cheffe de l'unit\u00e9 s\u00e9curit\u00e9 des bateaux. \n \n4. Subd\u00e9l\u00e9gation de signature est \u00e9galement donn\u00e9e \u00e0 l'effet de signer, dans le cadre de leurs attributions \net comp\u00e9tences respectives, toute pi\u00e8ce relative \u00e0 la passation et \u00e0 l'ex\u00e9cution des march\u00e9s inf\u00e9rieurs \u00e0 \n20 000 \u20ac HT \u00e0 M. Jean-Fran\u00e7ois FRATINI, chef de l'unit\u00e9 s\u00e9curit\u00e9 et \u00e9ducation routi\u00e8res et \u00e0 Mme Sabrina \nLANDUREAU, cheffe de l'unit\u00e9 s\u00e9curit\u00e9 des bateaux. \n \nARTICLE 11 \u2013 SERVICE POLITIQUES ET POLICE DE L'EAU \n \nParagraphe 1 \u2013 Ordonnancement secondaire \n \n1. La subd\u00e9l\u00e9gation de signature du pr\u00e9sent paragraphe porte sur les programmes du minist\u00e8re de la \ntransition \u00e9cologique et de la coh\u00e9sion des territoires et du minist\u00e8re de la transition \u00e9nerg\u00e9tique : \n \n\u27a2 \u00ab Paysages, eau et biodiversit\u00e9 \u00bb (n\u00b0 113) ; \n\u27a2 \u00ab Pr\u00e9vention des risques \u00bb (n\u00b0 181) ; \n \n2. Subd\u00e9l\u00e9gation de signature est donn\u00e9e \u00e0 l'effet de signer dans les conditions fix\u00e9es dans les arr\u00eat\u00e9s \nsusvis\u00e9s, dans la limite de leurs attributions et comp\u00e9tences, toute pi\u00e8ce relative \u00e0 l'exercice de la \ncomp\u00e9tence d'ordonnateur secondaire d\u00e9l\u00e9gu\u00e9, tant pour les d\u00e9penses que pour les recettes \u00e0 : \n\u2022 M. Thomas BOUYER, chef du service politiques et police de l'eau ; \n\u2022 Mme Caroline LAVALLART, adjointe du chef du service politiques et police de l'eau, responsable de \nla mission strat\u00e9gie eau et planification ; \n\u2022 Mme \u00c9milie BONNET-DERIVIERE, adjointe au chef du service politiques et police de l'eau  ; \n \nParagraphe 2 \u2013 Passation et ex\u00e9cution des march\u00e9s publics et accords-cadres \n \n1. Subd\u00e9l\u00e9gation de signature est consentie, dans la limite de ses attributions et des montants indiqu\u00e9s \nci-dessous, pour signer toutes pi\u00e8ces relatives \u00e0 la passation et l'ex\u00e9cution des march\u00e9s publics et des \naccords-cadres, \u00e0 : \n \nNOM ET FONCTION Suppl\u00e9ant en cas d'absence ou \nd'emp\u00eachement \nPassation et ex\u00e9cution de \nmarch\u00e9s et accords-cadres en \nmontant HT maximum \nThomas BOUYER, chef \nde service \nCaroline LAVALLART, \nadjointe au chef de service  \n\u00c9milie BONNET-DERIVIERE, adjointe au chef \ndu service \n\u00c9tudes et \nservices \n143 000 \u20ac \n \n2. Subd\u00e9l\u00e9gation de signature est donn\u00e9e \u00e0 M. Thomas BOUYER, \u00e0 Mme Caroline LAVALLART et \u00e0 Mme \n\u00c9milie BONNET -DERIVIERE, dans la limite de leurs attributions, pour signer toute pi\u00e8ce relative \u00e0 \nl'ex\u00e9cution des march\u00e9s publics et des accords -cadres sup\u00e9rieurs aux seuils mentionn\u00e9s ci -dessus, \u00e0 \nl'exclusion des pi\u00e8ces mentionn\u00e9es ci-apr\u00e8s : \n\u2013 rapport de pr\u00e9sentation ; \n\u2013 d\u00e9cision d'attribution d'un march\u00e9 et lettre de rejet d'une offre ; \n\u2013 acte d'engagement ; \n\u2013 avenant ou acte modificatif ; \nDirection r\u00e9gionale et interd\u00e9partementale de l'environnement, de l'am\u00e9nagement et des transports d'\u00cele-de-France -\nIDF-2025-07-03-00010 - D\u00e9cision du 3 juillet 2025 portant subd\u00e9l\u00e9gation de signature en mati\u00e8re d'ordonnancement secondaire et de\ncommande publique pour le compte du pr\u00e9fet de la r\u00e9gion d'\u00cele-de-France\n68\n \nDRIEAT \n21-23 rue Miollis \u2013 75 732 Paris CEDEX 15 \nT\u00e9l : +33 (0)1 40 61 80 80 \nwww.drieat.ile-de-france.developpement-durable.gouv.fr  30 \n\u2013 d\u00e9cision d'affermissement de tranche conditionnelle ou optionnelle ; \n\u2013 d\u00e9cision de reconduction ou non reconduction ; \n\u2013 d\u00e9cision de r\u00e9siliation ; \n\u2013 d\u00e9cision d'ajournement. \n \nDans l'hypoth\u00e8se o\u00f9 le montant initial du march\u00e9 est augment\u00e9 (avenant \u00e0 incidences financi\u00e8re s), le \nseuil est appr\u00e9ci\u00e9 sur le montant total du march\u00e9 public ou accord-cadre, apr\u00e8s augmentation. \n \nARTICLE 12 \u2013 SERVICE NATURE ET PAYSAGE \n \nParagraphe 1 \u2013 Ordonnancement secondaire \n \n1. La subd\u00e9l\u00e9gation de signature du pr\u00e9sent paragraphe porte sur les programmes du minist\u00e8re de la \ntransition \u00e9cologique et de la coh\u00e9sion des territoires et du minist\u00e8re de la transition \n\u00e9nerg\u00e9tique \u00ab Paysages, eau et biodiversit\u00e9 \u00bb (n\u00b0 113) et \u00ab \u00c9cologie \u00bb (n\u00b0 362) ; \n \n2. Subd\u00e9l\u00e9gation de signature est donn\u00e9e \u00e0 l'effet de signer dans les conditions fix\u00e9es dans les arr\u00eat\u00e9s \nsusvis\u00e9s, dans la limite de leurs attributions et comp\u00e9tences, toute pi\u00e8ce relative \u00e0 l'exercice de la \ncomp\u00e9tence d'ordonnateur secondaire d\u00e9l\u00e9gu\u00e9, tant pour les d\u00e9penses que pour les recettes \u00e0 : \n \n\u2022 Mme Lucile RAMBAUD, cheffe du service nature et paysage ; \n\u2022 M. St\u00e9phane LUCET, adjoint \u00e0 la cheffe du service nature et paysage ; \n\u2022 Mme Florence MOTTES, cheffe du d\u00e9partement sites et paysage ; \n\u2022 Mme Paola VITA, adjointe \u00e0 la cheffe du d\u00e9partement sites et paysage ; \n\u2022 M. Antoine LOMBARD, chef du d\u00e9partement espaces et patrimoine naturels  ; \n\u2022 M. Bastien MOREIRA-PELLET, chef du d\u00e9partement faune et flore sauvages, \n\u2022 M. Jean-Fran\u00e7ois VOISIN, adjoint au chef du d\u00e9partement faune et flore sauvages. \n \nParagraphe 2 \u2013 Passation et ex\u00e9cution des march\u00e9s publics et accords-cadres \n \n1. Subd\u00e9l\u00e9gation de signature est consentie, dans la limite de ses attributions et des montants indiqu\u00e9s \nci-dessous, pour signer toutes pi\u00e8ce s relatives \u00e0 la passation et l'ex\u00e9cution des march\u00e9s publics et des \naccords-cadres, \u00e0 : \n \nNOM ET FONCTION Suppl\u00e9ant en cas d'absence \nou d'emp\u00eachement \nPassation et ex\u00e9cution de march\u00e9s et \naccords-cadres en montant HT maximum \nLucile RAMBAUD, cheffe \ndu service \nSt\u00e9phane LUCET, adjoint \u00e0 \nla cheffe du service \n\u00c9tudes et services 143 000 \u20ac \n \n2. Subd\u00e9l\u00e9gation de signature est donn\u00e9e \u00e0 Mme Lucile RAMBAUD et \u00e0 M. St\u00e9phane LUCET dans la limite \nde leurs attributions, pour signer toute pi\u00e8ce relative \u00e0 l'ex\u00e9cution des march\u00e9s publics et des accords -\ncadres sup\u00e9rieurs aux seuils mentionn\u00e9s ci-dessus, \u00e0 l'exclusion des pi\u00e8ces mentionn\u00e9es ci-apr\u00e8s : \n\u2013 rapport de pr\u00e9sentation ; \n\u2013 d\u00e9cision d'attribution d'un march\u00e9 et lettre de rejet d'une offre ; \n\u2013 acte d'engagement ; \n\u2013 avenant ou acte modificatif ; \n\u2013 d\u00e9cision d'affermissement de tranche conditionnelle ou optionnelle ; \n\u2013 d\u00e9cision de reconduction ou non reconduction ; \nDirection r\u00e9gionale et interd\u00e9partementale de l'environnement, de l'am\u00e9nagement et des transports d'\u00cele-de-France -\nIDF-2025-07-03-00010 - D\u00e9cision du 3 juillet 2025 portant subd\u00e9l\u00e9gation de signature en mati\u00e8re d'ordonnancement secondaire et de\ncommande publique pour le compte du pr\u00e9fet de la r\u00e9gion d'\u00cele-de-France\n69\n \nDRIEAT \n21-23 rue Miollis \u2013 75 732 Paris CEDEX 15 \nT\u00e9l : +33 (0)1 40 61 80 80 \nwww.drieat.ile-de-france.developpement-durable.gouv.fr  31 \n\u2013 d\u00e9cision de r\u00e9siliation ; \n\u2013 d\u00e9cision d'ajournement. \n \nDans l'hypoth\u00e8se o\u00f9 le montant initial du march\u00e9 est augment\u00e9 (avenant \u00e0 incidences financi\u00e8res), le \nseuil est appr\u00e9ci\u00e9 sur le montant total du march\u00e9 public ou accord-cadre, apr\u00e8s augmentation. \n \nARTICLE 13 \u2013 SERVICE ACCOMPAGNEMENT ET PILOTAGE \n \nParagraphe 1 \u2013 Ordonnancement secondaire \n \n1. La subd\u00e9l\u00e9gation de signature du pr\u00e9sent paragraphe porte sur les programmes suivants du minist\u00e8re \nde la transition \u00e9cologique et de la coh\u00e9sion des territoires et du minist\u00e8re de la transition \u00e9nerg\u00e9tique, \nd'une part, et du minist\u00e8re de l'int\u00e9rieur d'autre part : \n\u27a2  \u00ab Conduite et pilotage des politiques de l '\u00e9cologie, du d \u00e9veloppement et de la mobilit \u00e9 \ndurables \u00bb (n\u00b0 217) ; \n\u27a2 \u00ab Administration territoriale de l'\u00c9tat \u00bb (n\u00b0 354)  \n \n2. Subd\u00e9l\u00e9gation de signature est donn\u00e9e \u00e0 l'effet de signer dans les conditions fix\u00e9es dans les arr\u00eat\u00e9s \nsusvis\u00e9s, dans le cadre de leurs attributions et comp\u00e9tences, toute pi\u00e8ce relative \u00e0 l'exercice de la \ncomp\u00e9tence d'ordonnateur secondaire d\u00e9l\u00e9gu\u00e9, tant pour les d\u00e9penses que pour les recettes \u00e0 : \n\u2022 M. Jean-Yves D\u00c9MARETZ, chef du service accompagnement et pilotage et son adjoint, M. Philippe \nLOUVET ; \n\u2022 Mme Sandie CHAMBARET, responsable du d\u00e9partement qualit\u00e9 et innovation  ; \n\u2022 Mme Julie MANINI, responsable du d\u00e9partement pilotage du budget et des effectifs ; \n\u2022 Mme Patricia AKPWA-MEDOU, charg\u00e9 d'\u00e9tudes budg\u00e9taires et financi\u00e8res ; \n\u2022 M. Jean-Baptiste PUIGGALI, responsable du d\u00e9partement des affaires juridiques, de l'archivage \net de la documentation ; \n\u2022 Mme \u00c9milie AUFAUVRE, responsable de l'unit\u00e9 documentation et archivage ; \n\u2022 M. Jonas COSTAGLIOLA, responsable de l'unit\u00e9 des affaires juridiques.  \n \nParagraphe 2 \u2013 Passation et ex\u00e9cution des march\u00e9s publics et accords-cadres \n \n1. Subd\u00e9l\u00e9gation de signature est consentie, dans la limite de ses attributions et des montants indiqu\u00e9s \nci-dessous, pour signer toutes pi\u00e8ces relatives \u00e0 la passation et l'ex\u00e9cution des march\u00e9s publics et des \naccords-cadres, \u00e0 : \n \n2. Subd\u00e9l\u00e9gation de signature est donn\u00e9e \u00e0 M. Jean-Yves D\u00c9MARETZ et M. Philippe LOUVET, dans la limite \nde leurs attributions, pour signer toute pi\u00e8ce relative \u00e0 l'ex\u00e9cution des march\u00e9s publics et des accords -\ncadres sup\u00e9rieurs aux seuils mentionn\u00e9s ci-dessus, \u00e0 l'exclusion des pi\u00e8ces mentionn\u00e9es ci-apr\u00e8s : \n\u2013 rapport de pr\u00e9sentation ; \n\u2013 d\u00e9cision d'attribution d'un march\u00e9 et lettre de rejet d'une offre ; \nNOM ET FONCTION \nSuppl\u00e9ant en cas \nd'absence ou \nd'emp\u00eachement \nPassation et ex\u00e9cution de march\u00e9s et \naccords-cadres en montant HT \nmaximum \nJean-Yves D\u00c9MARETZ, chef du \nservice accompagnement et \npilotage \nPhilippe LOUVET, adjoint \u00c9tudes et services 143 000 \u20ac \nDirection r\u00e9gionale et interd\u00e9partementale de l'environnement, de l'am\u00e9nagement et des transports d'\u00cele-de-France -\nIDF-2025-07-03-00010 - D\u00e9cision du 3 juillet 2025 portant subd\u00e9l\u00e9gation de signature en mati\u00e8re d'ordonnancement secondaire et de\ncommande publique pour le compte du pr\u00e9fet de la r\u00e9gion d'\u00cele-de-France\n70\n \nDRIEAT \n21-23 rue Miollis \u2013 75 732 Paris CEDEX 15 \nT\u00e9l : +33 (0)1 40 61 80 80 \nwww.drieat.ile-de-france.developpement-durable.gouv.fr  32 \n\u2013 acte d'engagement ; \n\u2013 avenant ou acte modificatif ; \n\u2013 d\u00e9cision d'affermissement de tranche conditionnelle ou optionnelle ; \n\u2013 d\u00e9cision de reconduction ou non reconduction ; \n\u2013 d\u00e9cision de r\u00e9siliation ; \n\u2013 d\u00e9cision d'ajournement. \nDans l'hypoth\u00e8se o\u00f9 le montant initial du march\u00e9 est augment\u00e9 (avenant \u00e0 incidences financi\u00e8res), le \nseuil est appr\u00e9ci\u00e9 sur le montant total du march\u00e9 public ou accord-cadre, apr\u00e8s augmentation. \n \nARTICLE 14 \u2013 SECR\u00c9TARIAT G\u00c9N\u00c9RAL \n \nParagraphe 1 \u2013 Ordonnancement secondaire \n \n1. La subd\u00e9l\u00e9gation de signature du pr\u00e9sent paragraphe porte sur : \n \na. Les programmes du minist\u00e8re de la transition \u00e9cologique et de la coh\u00e9sion des territoires et du \nminist\u00e8re de la transition \u00e9nerg\u00e9tique : \n\u27a2 \u00ab Paysages, eau et biodiversit\u00e9 \u00bb (n\u00b0 113) ; \n\u27a2 \u00ab Urbanisme, territoire et am\u00e9lioration de l'habitat \u00bb (n\u00b0 135) ; \n\u27a2 \u00ab Expertise, information g\u00e9ographique et m\u00e9t\u00e9orologie \u00bb (n\u00b0 159) ; \n\u27a2 \u00ab Energie, climat et apr\u00e8s-mines \u00bb (n\u00b0 174) ; \n\u27a2 \u00ab Pr\u00e9vention des risques \u00bb (n\u00b0 181) ; \n\u27a2 \u00ab Infrastructures et services de transport \u00bb (n\u00b0 203) ; \n\u27a2 \u00ab Conduite et pilotage des politiques de l '\u00e9cologie, du d \u00e9veloppement et de la mobilit \u00e9 durables \u00bb \n(n\u00b0 217) ; \n\u27a2 \u00ab \u00c9cologie \u00bb (n\u00b0 362)  ; \n\u27a2 \u00ab Comp\u00e9titivit\u00e9 \u00bb (n\u00b0363) ; \n\u27a2 \u00ab Coh\u00e9sion \u00bb (n\u00b0 364) ; \n\u27a2 \u00ab Fonds d'acc\u00e9l\u00e9ration de la transition \u00e9cologique dans les territoires \u00bb (n\u00b0 380). \n \nb. Les programmes du minist\u00e8re de l'int\u00e9rieur  : \u00ab S\u00e9curit\u00e9 et \u00e9ducation routi \u00e8res \u00bb (n\u00b0 207), \n\u00ab Administration territoriale de l'\u00c9tat  \u00bb (n\u00b0 354) et \u00ab Conduite et pilotage des politiques de l'int\u00e9rieur  \u00bb \n(UO \u00ab convergence de l'action sociale r\u00e9gionale \u00bb) (n\u00b0 216). \n \nc. Les programmes du minist\u00e8re de l'\u00e9conomie, des finances et de la souverainet\u00e9 industrielle et \nnum\u00e9rique : \u00ab Fonctions publiques \u00bb (n\u00b0 148), \u00ab Op\u00e9rations immobili\u00e8res et entretiens des b \u00e2timents de \nl'\u00c9tat \u00bb (n\u00b0 723) et \u00ab Performance et r\u00e9silience des b\u00e2timents de l'\u00c9tat et de ses op\u00e9rateurs \u00bb (n\u00b0 348). \n \nPour les programmes n\u00b0  354, n\u00b0  362 (volet immobilier public), n\u00b0  363, n\u00b0 723, n\u00b0 348 et n \u00b0 216, toute \nd\u00e9pense sup\u00e9rieure \u00e0 400 000 \u20ac HT devra faire l'objet d'un visa pr\u00e9alable du pr\u00e9fet de la r\u00e9gion \u00cele -de-\nFrance, en application de l'article 3 de l'arr\u00eat\u00e9 de d\u00e9l\u00e9gation de signature en mati\u00e8re d'ordonnancement \nsecondaire susvis\u00e9. \n \n2. Subd\u00e9l\u00e9gation de signature est donn\u00e9e \u00e0 l'effet de si gner dans les conditions fix\u00e9es dans les arr\u00eat\u00e9s \nsusvis\u00e9s, dans le cadre de leurs attributions et comp\u00e9tences, toute pi\u00e8ce relative \u00e0 l'exercice de la \ncomp\u00e9tence d'ordonnateur secondaire d\u00e9l\u00e9gu\u00e9, tant pour les d\u00e9penses que pour les recettes, \u00e0 : \n\u2022 M. Ivan ROCHARD, secr\u00e9taire g\u00e9n\u00e9ral et son adjointe, Mme Justine SONG ; \n\u2022 M. Jean-Baptiste MOTTE, secr\u00e9taire g\u00e9n\u00e9ral d\u00e9l\u00e9gu\u00e9 \u00e0 la DiRIF et son adjoint, M. Pascal ERRECART.  \n \nDirection r\u00e9gionale et interd\u00e9partementale de l'environnement, de l'am\u00e9nagement et des transports d'\u00cele-de-France -\nIDF-2025-07-03-00010 - D\u00e9cision du 3 juillet 2025 portant subd\u00e9l\u00e9gation de signature en mati\u00e8re d'ordonnancement secondaire et de\ncommande publique pour le compte du pr\u00e9fet de la r\u00e9gion d'\u00cele-de-France\n71\n \nDRIEAT \n21-23 rue Miollis \u2013 75 732 Paris CEDEX 15 \nT\u00e9l : +33 (0)1 40 61 80 80 \nwww.drieat.ile-de-france.developpement-durable.gouv.fr  33 \n3. Subd\u00e9l\u00e9gation de signature est donn\u00e9e \u00e0 l'effet de signer, dans les conditions fix\u00e9es dans l es arr\u00eat\u00e9s \nsusvis\u00e9s et dans le cadre de leurs attributions et comp\u00e9tences, toute pi\u00e8ce relative \u00e0 l'exercice de la \ncomp\u00e9tence d'ordonnateur secondaire d\u00e9l\u00e9gu\u00e9, tant pour les d\u00e9penses que pour les recettes, aux agents \nci-apr\u00e8s d\u00e9sign\u00e9s : \n\u2022 M. Gr\u00e9goire DROUINEAU, chef du d\u00e9partement des affaires financi\u00e8res ; \n\u2022 M. Valentin RAULT, adjoint au chef du d\u00e9partement des affaires financi\u00e8res  ; \n\u2022 Mme Assma YOUCHAA, cheffe de l'unit\u00e9 programmation et op\u00e9rations transverses  ; \n\u2022 M. Sten FANGUINOVENY, responsable du bureau des f inances au secr\u00e9tariat g\u00e9n\u00e9ral d\u00e9l\u00e9gu\u00e9 \u00e0 la \nDiRIF, et son adjoint M. Reynald JOVELIN ; \n\u2022 Mme Linda MANETTE, responsable du p\u00f4le fonctionnement courant ; \n\u2022 Mme Annie LACROIX, cheffe du d\u00e9partement des ressources humaines et des comp\u00e9tences, \u00e0 l'effet \nde signer tous les actes et pi\u00e8ces relevant des attributions du d\u00e9partement, ainsi que pour pr\u00e9senter \ndes observations devant les comit\u00e9s m\u00e9dicaux et les commissions de r\u00e9forme ; \n\u2022 M. Jean -Antoine DELMAS, adjoint \u00e0 la cheffe du d\u00e9partement des ressources humaines et des \ncomp\u00e9tences, chef de l'unit\u00e9 carri\u00e8res et r\u00e9mun\u00e9ration ; \n\u2022 Mme Nathalie RICHARD, responsable de l'unit\u00e9 formation, handicap, accompagnement et \ncomp\u00e9tences, et M. Tarik MAHJOUBI, responsable de l'unit\u00e9 temps, effectifs, recrutement et mobilit\u00e9, \n\u00e0 l'effet de signer tous les actes et pi\u00e8ces relevant du d\u00e9partement des ressources humaines et des \ncomp\u00e9tences en cas d'emp\u00eachement de leur responsable et de son adjointe  ; \n\u2022 M. Vincent ROUVEYROL, chef du d\u00e9partement de la commande publique et de la politique d'achat ; \n\u2022 Mme Marie-Laure AYUSTE-PELAGE, cheffe du bureau des ressources humaines du secr\u00e9tariat g\u00e9n\u00e9ral \nd\u00e9l\u00e9gu\u00e9 aupr\u00e8s de la DiRIF ; \n\u2022 Mme Sandrine FLORENTINY, adjoint \u00e0 la cheffe du bureau des ressources humaines  ; \n\u2022 M. Jean AUTERNAUD, chef du d\u00e9partement de la logistique et de la gestion immobili\u00e8re ; \n\u2022 M. Yanis KHERBOUCHE, adjoint au chef du d\u00e9partement de la logistique et de la gestion immobili\u00e8re ; \n\u2022 M. Patrick VALERE, chef du bureau de la logistique, de l'informatique et de l'immobilier  ; \n\u2022 M. Christophe LOUISET, adjoint au chef du bureau de la logistique, de l'information et de l'immobilier. \n \n4. Subd\u00e9l\u00e9gation de signature est donn\u00e9e \u00e0 l'effet de signer dans les conditions fix\u00e9es dans les arr\u00eat\u00e9s \nsusvis\u00e9s, dans le cadre de leurs attributions et comp\u00e9tences, et pour les programmes n\u00b0 113, n\u00b0 135, n\u00b0 148, \nn\u00b0 159, n\u00b0  174, n\u00b0  181, n\u00b0  217 , n\u00b0 354 e t n\u00b0  723, toute pi\u00e8ce relative \u00e0 l'exercice de la comp\u00e9tence \nd'ordonnateur secondaire d\u00e9l\u00e9gu\u00e9, tant pour les d\u00e9penses que pour les recettes, \u00e0 : \n \n\u2022 Mme Alessia LO SARDO, cheffe de l'unit\u00e9 budg\u00e9taire et comptable de Vincennes du d\u00e9partement \ndes affaires financi\u00e8res. \n \n5. Subd\u00e9l\u00e9gation de signature est donn\u00e9e \u00e0 l'effet de signer, en application du d\u00e9cret n\u00b0  2012-1246 du 7 \nnovembre 2012 relatif \u00e0 la gestion budg\u00e9taire et comptable publique, les titres de perception et les titres \nex\u00e9cutoires constatant une cr\u00e9ance liquide et exigible \u00e0 : \n\u2022 M. Gr\u00e9goire DROUINEAU, chef du d\u00e9partement des affaires financi\u00e8res ; \n\u2022 Mme Valentin RAULT, adjoint au chef du d\u00e9partement des affaires financi\u00e8res  ; \n\u2022 M. Sten FANGUINOVENY, responsable du bureau des finances au secr\u00e9tariat g\u00e9n\u00e9 ral d\u00e9l\u00e9gu\u00e9 \u00e0 la \nDiRIF, et son adjoint M. Reynald JOVELIN. \n \n6. Subd\u00e9l\u00e9gation de signature est donn\u00e9e \u00e0 l'effet de signer, dans les conditions fix\u00e9es dans les arr\u00eat\u00e9s \nsusvis\u00e9s et dans le cadre de leurs attributions et comp\u00e9tences, les pi\u00e8ces relatives \u00e0 la constatation de la \nd\u00e9pense et aux ordres de payer relatifs aux d\u00e9penses, aux agents ci-apr\u00e8s d\u00e9sign\u00e9s : \n \n\u25aa pour le secr\u00e9tariat g\u00e9n\u00e9ral de la DRIEAT ; \nDirection r\u00e9gionale et interd\u00e9partementale de l'environnement, de l'am\u00e9nagement et des transports d'\u00cele-de-France -\nIDF-2025-07-03-00010 - D\u00e9cision du 3 juillet 2025 portant subd\u00e9l\u00e9gation de signature en mati\u00e8re d'ordonnancement secondaire et de\ncommande publique pour le compte du pr\u00e9fet de la r\u00e9gion d'\u00cele-de-France\n72\n \nDRIEAT \n21-23 rue Miollis \u2013 75 732 Paris CEDEX 15 \nT\u00e9l : +33 (0)1 40 61 80 80 \nwww.drieat.ile-de-france.developpement-durable.gouv.fr  34 \n\u2022 Mme Catherine KHELAF, adjointe au chef du d\u00e9partement de la logistique et de la gestion \nimmobili\u00e8re ; \n\u2022 M. Yanis KHERBOUCHE, adjoint au chef du d\u00e9partement de la logistique et de la gestion immobili\u00e8re ; \n\u2022 Mme Armande LIMERY, responsable des services aux usagers ; \n\u2022 Mme Florence FROMAGER, gestionnaire logistique immobilier ; \n\u2022 M. Rachid SAHALI, et M. L\u00e9onard MAMIE, gestionnaires service logistique ; \n\u2022 M. Jacques-Paul POUPART, gestionnaire du parc automobile ; \n\u2022 M. Pascal DOBEL, gestionnaire restauration collective, nettoyage, accueil et espaces verts.  \n \n\u25aa pour le secr\u00e9tariat g\u00e9n\u00e9ral d\u00e9l\u00e9gu\u00e9 \u00e0 la DiRIF : \n\u2022 Mme Marie-Laure AYUSTE-PELAGE, cheffe du bureau des ressources humaines (BRH) ; \n\u2022 Mme Sandrine FLORENTINY, adjointe \u00e0 la cheffe du bureau des ressources humaines  ; \n\u2022 Mme Anita DUBERVILLE, responsable du p\u00f4le strat\u00e9gie RH ; \n\u2022 Mme Warda BOURICHE, responsable du bureau formation, concours et recrutements. \n \nParagraphe 2 \u2013 Passation et ex\u00e9cution des march\u00e9s publics et accords-cadres \n \n1. Subd\u00e9l\u00e9gation de signature est consentie, dans la limite de leurs attributions et des montants indiqu\u00e9s \nci-dessous, aux personnes suivante s pour signer toutes pi \u00e8ces relatives \u00e0 la passation et l 'ex\u00e9cution des \nmarch\u00e9s publics et des accords-cadres : \n \nNOM ET FONCTION Suppl\u00e9ant en cas d'absence \nou d'emp\u00eachement \nPassation et ex\u00e9cution de march\u00e9s et \naccords-cadres en montant HT maximum \nIvan ROCHARD, SG Justine SONG, SG adjointe Travaux 300 000 \u20ac \nFournitures, \u00e9tudes et services 143 000 \u20ac \nJean-Baptiste MOTTE, \nSG d\u00e9l\u00e9gu\u00e9 \nPascal ERRECART, SGD \nadjoint \nTravaux 300 000 \u20ac \nFournitures, \u00e9tudes et services 143 000 \u20ac \n \n2. Subd\u00e9l\u00e9gation de signature est donn\u00e9e \u00e0 M. Ivan ROCHARD, secr\u00e9taire g\u00e9n\u00e9ral, \u00e0 Mme Justine SONG, \n\u00e0 M. Jean-Baptiste MOTTE et \u00e0 M. Pascal ERRECART, dans la limite de leurs attributions respectives, pour \nsigner toute pi\u00e8ce relative \u00e0 l'ex\u00e9cution des march\u00e9s publics et des accords-cadres sup\u00e9rieurs aux seuils \nmentionn\u00e9s ci-dessus, \u00e0 l'exclusion des pi\u00e8ces mentionn\u00e9es ci-apr\u00e8s : \n\u2013 rapport de pr\u00e9sentation ; \n\u2013 d\u00e9cision d'attribution d'un march\u00e9 et lettre de rejet d'une offre ; \n\u2013 acte d'engagement ; \n\u2013 avenant ou acte modificatif ; \n\u2013 d\u00e9cision d'affermissement de tranche conditionnelle ou optionnelle ; \n\u2013 d\u00e9cision de reconduction ou non reconduction ; \n\u2013 d\u00e9cision de r\u00e9siliation ; \n\u2013 d\u00e9cision d'ajournement. \n \nDans l'hypoth\u00e8se o\u00f9 le montant initial du march\u00e9 es t augment\u00e9 (avenant \u00e0 incidences financi\u00e8res), le \nseuil est appr\u00e9ci\u00e9 sur le montant total du march\u00e9 public ou accord-cadre, apr\u00e8s augmentation. \n \n3. Subd\u00e9l\u00e9gation de signature est donn\u00e9e \u00e0 l'effet de signer, dans le cadre de leurs attributions et \ncomp\u00e9tences, toute pi\u00e8ce relative \u00e0 la passation et \u00e0 l'ex\u00e9cution des march\u00e9s inf\u00e9rieurs \u00e0 25  000 \u20ac HT, \nDirection r\u00e9gionale et interd\u00e9partementale de l'environnement, de l'am\u00e9nagement et des transports d'\u00cele-de-France -\nIDF-2025-07-03-00010 - D\u00e9cision du 3 juillet 2025 portant subd\u00e9l\u00e9gation de signature en mati\u00e8re d'ordonnancement secondaire et de\ncommande publique pour le compte du pr\u00e9fet de la r\u00e9gion d'\u00cele-de-France\n73\n \nDRIEAT \n21-23 rue Miollis \u2013 75 732 Paris CEDEX 15 \nT\u00e9l : +33 (0)1 40 61 80 80 \nwww.drieat.ile-de-france.developpement-durable.gouv.fr  35 \nainsi que les commandes jusqu'\u00e0 25  000 \u20ac HT prises da ns le cadre de march \u00e9s \u00e0 bons de commandes \nrelevant de leurs attributions \u00e0  M. Patrick VALERE, chef du bureau de la logistique, de l'informatique et \nde l'immobilier et son adjoint M. Christophe LOUISET. \n \n4. Subd\u00e9l\u00e9gation de signature est donn\u00e9e aux personn es d\u00e9sign\u00e9es ci -apr\u00e8s \u00e0 l'effet de signer, dans le \ncadre de leurs attributions et comp\u00e9tences, toute pi\u00e8ce relative \u00e0 la passation et \u00e0 l'ex\u00e9cution des \nmarch\u00e9s inf\u00e9rieurs \u00e0 25  000 \u20ac HT, ainsi que les commandes jusqu'\u00e0 4  000 \u20ac HT prises dans le cadre de \nmarch\u00e9s \u00e0 bons de commandes relevant de leurs attributions :  \n \n\u2022 pour le secr\u00e9tariat g\u00e9n\u00e9ral de la DRIEAT : \n \n\u2022 M. Jean AUTERNAUD, chef du d\u00e9partement de la logistique et de la gestion immobili\u00e8re ;  \n\u2022 Mme Catherine KHELAF, adjoint au chef du d\u00e9partement de la logistique et de la gestion immobili\u00e8re ; \n\u2022 M. Yanis KHERBOUCHE, adjoint au chef du d\u00e9partement de la logistique et de la gestion immobili\u00e8re ; \n\u2022 Mme Armande LIMERY, responsable des services aux usagers ; \n\u2022 M. Florence FROMAGER, gestionnaire logistique ; \n\u2022 M. Rachid SAHALI, et M. L\u00e9onard MAMIE, gestionnaires service logistique ;  \n\u2022 M. Pascal DOBEL, gestionnaire restauration collective, nettoyage, accueil et espaces verts. \n \n\u2022 pour le secr\u00e9tariat g\u00e9n\u00e9ral de la DRIEAT \u2013 d\u00e9l\u00e9gu\u00e9 \u00e0 la DiRIF : \n \n\u2022 Mme Marie-Laure AYUSTE-PELAGE, responsable du bureau des ressources humaines (BRH) ; \n\u2022 Mme Sandrine FLORENTINY, adjointe \u00e0 la cheffe du bureau des ressources humaines ; \n\u2022 Mme Warda BOURICHE, responsable du bureau formation, concours et recrutement ;  \n\u2022 M. David LECOMTE, chef du bureau des affaires juridiques ; \n\u2022 Mme Catherine PERNOIS, adjointe au chef du bureau des affaires juridiques.  \n \n5. Subd\u00e9l\u00e9gation de signature est donn\u00e9e aux personnes d\u00e9sign\u00e9es ci -apr\u00e8s \u00e0 l'effet de signer, dans le \ncadre de leurs attributions et comp\u00e9tences, tous les courriers relatifs aux notifications des pi\u00e8ces li\u00e9es \u00e0 \nla passation et \u00e0 l'ex\u00e9cution des march\u00e9s publics et accords-cadres : \n \n\u2022 M. Vincent ROUVEYROL, chef du d\u00e9partement de la commande publique et de la politique d'achat  ; \n\u2022 Mme Magguy DESPLAN, responsable de l'unit\u00e9 proc\u00e9dures et instruction des march\u00e9s publics de \nCr\u00e9teil au d\u00e9partement de la commande publique et de la politique d'achat ;   \n\u2022 M. Sten FANGUINOVENY, responsable du bureau des finances au secr\u00e9tariat g\u00e9n\u00e9ral d\u00e9l\u00e9gu\u00e9 \u00e0 la \nDiRIF, et son adjoint M. Reynald JOVELIN. \n \nARTICLE 15 \u2013 UNIT\u00c9S D\u00c9PARTEMENTALES \n \nARTICLE 15-1 \u2013 UNIT\u00c9 D\u00c9PARTEMENTALE DE PARIS \n \nParagraphe 1 \u2013 Ordonnancement secondaire \n \n1. La subd\u00e9l\u00e9gation de signature du pr\u00e9sent paragraphe porte sur : \na. Les programmes du minist\u00e8re de la transition \u00e9cologique et de la coh\u00e9sion des territoires et du \nminist\u00e8re de la transition \u00e9nerg\u00e9tique : \n\u27a2 \u00ab Urbanisme, territoires et am\u00e9lioration de l'habitat \u00bb (n\u00b0 135) ; \n\u27a2 \u00ab Conduite et pilotage des politiques de l '\u00e9cologie, du d \u00e9veloppement et de la mobilit \u00e9 durables \u00bb \n(n\u00b0 217).  \nDirection r\u00e9gionale et interd\u00e9partementale de l'environnement, de l'am\u00e9nagement et des transports d'\u00cele-de-France -\nIDF-2025-07-03-00010 - D\u00e9cision du 3 juillet 2025 portant subd\u00e9l\u00e9gation de signature en mati\u00e8re d'ordonnancement secondaire et de\ncommande publique pour le compte du pr\u00e9fet de la r\u00e9gion d'\u00cele-de-France\n74\n \nDRIEAT \n21-23 rue Miollis \u2013 75 732 Paris CEDEX 15 \nT\u00e9l : +33 (0)1 40 61 80 80 \nwww.drieat.ile-de-france.developpement-durable.gouv.fr  36 \nb. Le programme du minist\u00e8re de l'int\u00e9rieur : \u00ab Administration territoriale de l'\u00c9tat \u00bb (n\u00b0 354). \n \nc. Le programme du minist\u00e8re de l'\u00e9conomie, des finances et de la souverainet\u00e9 industrielle et \nnum\u00e9rique : \u00ab Op\u00e9rations immobili\u00e8res et entretiens des b\u00e2timents de l'\u00c9tat \u00bb (n\u00b0 723). \n \nPour les programmes n\u00b0 354 et n\u00b0 723, toute d\u00e9pense sup\u00e9rieure \u00e0 400 000 \u20ac HT devra faire l'objet d'un \nvisa pr\u00e9alable du pr\u00e9fet de la r\u00e9gion \u00cele-de-France, en application de l'article 3 de l'arr\u00eat\u00e9 de d\u00e9l\u00e9gation \nde signature en mati\u00e8re d'ordonnancement secondaire susvis\u00e9. \n \n2. Subd\u00e9l\u00e9gation de signature est donn\u00e9e \u00e0 l'effet de signer, dans les conditions fix\u00e9es dans les arr\u00eat\u00e9s \nsusvis\u00e9s et dans le cadre de leurs attributions et comp\u00e9tences, toute pi\u00e8ce relative \u00e0 l'exercice de la \ncomp\u00e9tence d'ordonnateur secondaire d\u00e9l\u00e9gu\u00e9, tant pour les d\u00e9penses que pour les recettes, aux agents \nci-apr\u00e8s d\u00e9sign\u00e9s : \n\u2022 M. Jean -Pascal BIARD, directeur r\u00e9gional et interd\u00e9partemental adjoint de l'environnement, de \nl'am\u00e9nagement et des transports d'\u00cele-de-France, directeur de l'unit\u00e9 d\u00e9partementale de Paris ; \n\u2022 M. Fran\u00e7ois BELBEZET, responsable du service am\u00e9nagement durable et connaissance des territoires ; \n\u2022 Mme Laurence CACHEUX, responsable du service patrimoine, paysage et droit des sols  ; \n\u2022 Mme Natacha CARRIER-SCHRUMPF, responsable du service utilit\u00e9 publique et \u00e9quilibres territoriaux. \n \n3. Subd\u00e9l\u00e9gation de signature est donn\u00e9e \u00e0 l'effet de signer, dans les conditions fix\u00e9es dans les arr\u00eat\u00e9s \nsusvis\u00e9s et dans le cadre de ses attributions, toute pi\u00e8ce relative \u00e0 l'exercice de la comp\u00e9tence \nd'ordonnateur secondaire d\u00e9l\u00e9g u\u00e9, tant pour les d\u00e9penses que pour les recettes, \u00e0  Mme Chantal \nGERVAIS, responsable de la mission d'appui au pilotage local. \n \nParagraphe 2 \u2013 Passation et ex\u00e9cution des march\u00e9s publics et accords-cadres \n \nSubd\u00e9l\u00e9gation de signature est consentie, dans la li mite de leurs attributions et des montants indiqu\u00e9s \nci-dessous, aux personnes suivantes  pour signer toute pi \u00e8ce relative \u00e0 la passation et l 'ex\u00e9cution des \nmarch\u00e9s publics et des accords-cadres : \n \n \nNOM ET FONCTION \nSuppl\u00e9ant en cas \nd'absence ou \nd'emp\u00eachement \nPassation et ex\u00e9cution de march\u00e9s et \naccords-cadres en montant HT \nmaximum \nJean-Pascal BIARD, directeur \nde l'unit\u00e9 d\u00e9partementale \nde Paris \nChantal GERVAIS, \nresponsable de la mission \nd'appui au pilotage local \nTravaux, fournitures, \n\u00e9tudes et services \n \n143 000 \u20ac \n \nARTICLE 15-2 \u2013 UNIT\u00c9 D\u00c9PARTEMENTALE DES HAUTS-DE-SEINE \n \nParagraphe 1 \u2013 Ordonnancement secondaire \n \n1. La subd\u00e9l\u00e9gation de signature du pr\u00e9sent paragraphe porte sur : \na. Les programmes du minist\u00e8re de la transition \u00e9cologique et de la coh\u00e9sion des territoires et du \nminist\u00e8re de la transition \u00e9nerg\u00e9tique : \n\u27a2 \u00ab Urbanisme, territoires et am\u00e9lioration de l'habitat \u00bb (n\u00b0 135) ; \n\u27a2 \u00ab Conduite et pilotage des politiques de l '\u00e9cologie, du d \u00e9veloppement et de la mobilit \u00e9 durables \u00bb \n(n\u00b0 217) ; \n\u27a2 \u00ab \u00c9cologie \u00bb (n\u00b0 362).  \nDirection r\u00e9gionale et interd\u00e9partementale de l'environnement, de l'am\u00e9nagement et des transports d'\u00cele-de-France -\nIDF-2025-07-03-00010 - D\u00e9cision du 3 juillet 2025 portant subd\u00e9l\u00e9gation de signature en mati\u00e8re d'ordonnancement secondaire et de\ncommande publique pour le compte du pr\u00e9fet de la r\u00e9gion d'\u00cele-de-France\n75\n \nDRIEAT \n21-23 rue Miollis \u2013 75 732 Paris CEDEX 15 \nT\u00e9l : +33 (0)1 40 61 80 80 \nwww.drieat.ile-de-france.developpement-durable.gouv.fr  37 \n \nb. Les programmes du minist\u00e8re de l'int\u00e9rieur \u00ab S\u00e9curit\u00e9 et \u00e9ducation routi \u00e8res \u00bb (n\u00b0 207) et \n\u00ab Administration territoriale de l'\u00c9tat \u00bb (n\u00b0 354) ; \n \nc. Le programme du minist\u00e8re de l'\u00e9conomie, des finances et de la souverainet\u00e9 industrielle et \nnum\u00e9rique : \u00ab Op\u00e9rations immobili\u00e8res et entretiens des b\u00e2timents de l'\u00c9tat \u00bb (n\u00b0 723). \n \nPour les programmes n\u00b0  354, n\u00b0 362 (volet immobilier public) et n\u00b0  723, toute d\u00e9pense sup\u00e9rieure \u00e0 \n400 000 \u20ac HT devra faire l'objet d'un visa pr\u00e9alable du pr\u00e9fet de la r\u00e9gion \u00cele -de-France, en application \nde l'article 3 de l'arr\u00eat\u00e9 de d\u00e9l\u00e9gation de signature en mati\u00e8re d'ordonnancement secondaire susvis\u00e9. \n \n2. Subd\u00e9l\u00e9gation de signature est donn\u00e9e \u00e0 l'effet de si gner, dans les conditions fix\u00e9es dans les arr\u00eat\u00e9s \nsusvis\u00e9s et dans le cadre de leurs attributions et comp\u00e9tences, toute pi\u00e8ce relative \u00e0 l'exercice de la \ncomp\u00e9tence d'ordonnateur secondaire d\u00e9l\u00e9gu\u00e9, tant pour les d\u00e9penses que pour les recettes, aux agents \nci-apr\u00e8s d\u00e9sign\u00e9s : \n \n\u2022 M. Alain TUFFERY, directeur r\u00e9gional et interd\u00e9partemental adjoint de l'environnement, de \nl'am\u00e9nagement et des transports de la r\u00e9gion \u00cele -de-France, directeur de l'unit\u00e9 d\u00e9partementale des \nHauts-de-Seine ; \n\u2022 M. Fabrice MORONVAL, directeur-adjoint de l'unit\u00e9 d\u00e9partementale des Hauts-de-Seine ; \n\u2022 Mme Sybille MULLER, directrice-adjointe de l'unit\u00e9 d\u00e9partementale des Hauts-de-Seine ; \n\u2022 Mme Muriel LECAT, responsable du p\u00f4le d'appui au pilotage local ; \n\u2022 M. Rodolphe VAN VLAENDEREN, chef du service urbanisme et construction durables et son adjointe, \nMme Sophie TCHENG ; \n\u2022 Mme Louise DEVRIES, cheffe du service planification et am\u00e9nagement des territoires  ; \n\u2022 Mme Lola MAGAZ, adjointe \u00e0 la cheffe du service planification et am\u00e9nagement des territoires.  \n\u2022 Mme Claire ROSEV\u00c8GUE, cheffe du service risques et installations class\u00e9es et son adjoint, M. Olivier \nPAS ; \n\u2022 Mme Smiljana SEKULIC-GELEBART, cheffe du service \u00e9ducation et s\u00e9curit\u00e9 routi\u00e8re. \n \nParagraphe 2 \u2013 Passation et ex\u00e9cution des march\u00e9s publics et accords-cadres \n \nSubd\u00e9l\u00e9gation de signature est consentie, dans la limite de leurs attributions et des montants indiqu\u00e9s \nci-dessous, aux personnes suivantes pour signer toute pi\u00e8ce relative \u00e0 la passation et l'ex\u00e9cution des \nmarch\u00e9s publics et des accords-cadres : \n \nNOM ET FONCTION Suppl\u00e9ant en cas \nd'absence ou \nd'emp\u00eachement \nPassation et ex\u00e9cution de \nmarch\u00e9s et accords-cadres en \nmontant HT maximum \nAlain TUFFERY, directeur de l'unit\u00e9 \nd\u00e9partementale des Hauts-de-Seine \n \nFabrice MORONVAL, directeur-adjoint de \nl'unit\u00e9 d\u00e9partementale des Hauts-de-\nSeine ; \n \nSybille MULLER, directrice-adjointe de \nl'unit\u00e9 d\u00e9partementale des Hauts-de-Seine \nMuriel LECAT, \nresponsable du p\u00f4le \nd'appui au pilotage \nlocal \nTravaux \nfournitures, \n\u00e9tudes et services \n \n143 000 \u20ac \nDirection r\u00e9gionale et interd\u00e9partementale de l'environnement, de l'am\u00e9nagement et des transports d'\u00cele-de-France -\nIDF-2025-07-03-00010 - D\u00e9cision du 3 juillet 2025 portant subd\u00e9l\u00e9gation de signature en mati\u00e8re d'ordonnancement secondaire et de\ncommande publique pour le compte du pr\u00e9fet de la r\u00e9gion d'\u00cele-de-France\n76\n \nDRIEAT \n21-23 rue Miollis \u2013 75 732 Paris CEDEX 15 \nT\u00e9l : +33 (0)1 40 61 80 80 \nwww.drieat.ile-de-france.developpement-durable.gouv.fr  38 \n \nARTICLE 15-3 \u2013 UNIT\u00c9 D\u00c9PARTEMENTALE DE LA SEINE-SAINT-DENIS \n \nParagraphe 1 \u2013 Ordonnancement secondaire \n \n1. La subd\u00e9l\u00e9gation de signature du pr\u00e9sent paragraphe porte sur : \na. \u2013 Les programmes du minist\u00e8re de la transition \u00e9cologique et de la coh\u00e9sion des territoires et du \nminist\u00e8re de la transition \u00e9nerg\u00e9tique : \n\u27a2 \u00ab Urbanisme, territoires et am\u00e9lioration de l'habitat \u00bb (n\u00b0 135) ; \n\u27a2 \u00ab Conduite et pilotage des politiques de l'\u00e9cologie, du d\u00e9veloppement et de la mobilit\u00e9 durables  \u00bb \n(n\u00b0 217) ; \n\u27a2 \u00ab \u00c9cologie \u00bb (n\u00b0 362). \n  \nb. \u2013 Les programmes du minist\u00e8re de l'int\u00e9rieur  : \u00ab S\u00e9curit\u00e9 et \u00e9ducation routi \u00e8res \u00bb (n\u00b0 207) et \n\u00ab Administration territoriale de l'\u00c9tat \u00bb (n\u00b0 354) ; \n \nc. \u2013 Le programme du minist\u00e8re de l'\u00e9conomie, des finances et de la souverainet\u00e9 industrielle et \nnum\u00e9rique : \u00ab Op\u00e9rations immobili\u00e8res et entretiens des b\u00e2timents de l'\u00c9tat \u00bb (n\u00b0 723). \n \nPour les programmes n\u00b0  354, n\u00b0 362 (volet immobilier public) et n\u00b0  723, toute d\u00e9pense sup\u00e9rieure \u00e0 \n400 000 \u20ac HT devra faire l'objet d'un visa pr\u00e9alable du pr\u00e9fet de la r\u00e9gion \u00cele -de-France, en application \nde l'article 3 de l'arr\u00eat\u00e9 de d\u00e9l\u00e9gation de signature en mati\u00e8re d'ordonnancement secondaire susvis\u00e9. \n \n2. Subd\u00e9l\u00e9gation de signature est donn\u00e9e \u00e0 l'effet de si gner dans les conditions fix\u00e9es dans les arr\u00eat\u00e9s \nsusvis\u00e9s, dans le cadre de leurs attributions et comp\u00e9tences, toute pi\u00e8ce relative \u00e0 l'exercice de la \ncomp\u00e9tence d'ordonnateur secondaire d\u00e9l\u00e9gu\u00e9, tant pour les d\u00e9penses que pour les recettes, aux agents \nci-apr\u00e8s d\u00e9sign\u00e9s : \n \n\u2022 M. Laurent CONDOMINES, directeur r\u00e9gional et interd\u00e9partemental adjoint de l'environnement, de \nl'am\u00e9nagement et des transports d'\u00cele -de-France, directeur de l'unit\u00e9 d\u00e9partementale de la Seine -\nSaint-Denis ; \n\u2022 M. Andr\u00e9 COUBLE, directeur adjoint de l'unit\u00e9 d\u00e9partementale de la Seine-Saint-Denis ; \n\u2022 Mme Sylvie CHATY, directrice adjointe de l'unit\u00e9 d\u00e9partementale de la Seine -Saint-Denis ; \n\u2022 Mme Florence MONFORT, responsable du service urbanisme r\u00e9glementaire et b\u00e2timent, et son \nadjointe Mme C\u00e9line BARON ; \n\u2022 Mme Mathilde HONORAT, responsable du service planification et am\u00e9nagement des territoires, et \nson adjointe Mme Marie JUILLE, ; \n\u2022 M. Didier BEAURAIN, chef du service \u00e9ducation et s\u00e9curit\u00e9 routi\u00e8res ; \n\u2022 M. St\u00e9phane MUNCH, adjoint au chef du service \u00e9ducation et s\u00e9curit\u00e9 routi\u00e8res ; \n\u2022 M. Joseph WALHA, responsable de la cellule logistique du p\u00f4le d'appui au pilotage local.  \n \nParagraphe 2 \u2013 Passation et ex\u00e9cution des march\u00e9s publics et accords-cadres \n \nSubd\u00e9l\u00e9gation de signature est consentie, dans la limit e de leurs attributions et des montants indiqu\u00e9s \nci-dessous, aux personnes suivantes  pour signer toute pi \u00e8ce relative \u00e0 la passation et l'ex \u00e9cution des \nmarch\u00e9s publics et des accords-cadres : \n  \nDirection r\u00e9gionale et interd\u00e9partementale de l'environnement, de l'am\u00e9nagement et des transports d'\u00cele-de-France -\nIDF-2025-07-03-00010 - D\u00e9cision du 3 juillet 2025 portant subd\u00e9l\u00e9gation de signature en mati\u00e8re d'ordonnancement secondaire et de\ncommande publique pour le compte du pr\u00e9fet de la r\u00e9gion d'\u00cele-de-France\n77\n \nDRIEAT \n21-23 rue Miollis \u2013 75 732 Paris CEDEX 15 \nT\u00e9l : +33 (0)1 40 61 80 80 \nwww.drieat.ile-de-france.developpement-durable.gouv.fr  39 \n \n NOM ET FONCTION Suppl\u00e9ant en cas d'absence ou \nd'emp\u00eachement \nPassation et ex\u00e9cution de march\u00e9s et \naccords-cadres, en montant HT maximum \nLaurent \nCONDOMINES, \ndirecteur de l'unit\u00e9 \nd\u00e9partementale 93 \nAndr\u00e9 COUBLE, directeur \nadjoint ; \nSylvie CHATY, directrice \nadjointe ; \n \nDidier BEAURAIN, chef du \nservice \u00e9ductation et s\u00e9curit\u00e9 \nrouti\u00e8res  \nTravaux, fournitures, \u00e9tudes et \nservices \n143 000 \u20ac \nJoseph WALHA, responsable \nde la cellule logistique du p\u00f4le \nd'appui au pilotage local \nTravaux, fournitures, \u00e9tudes et \nservices \n25 000 \u20ac \n \nARTICLE 15-4 \u2013 UNIT\u00c9 D\u00c9PARTEMENTALE DU VAL-DE-MARNE \n \nParagraphe 1 \u2013 Ordonnancement secondaire \n \n1. La subd\u00e9l\u00e9gation de signature du pr\u00e9sent paragraphe porte sur : \n \na. Les programmes du minist\u00e8re de la transition \u00e9cologique et de la coh\u00e9sion des territoire s et du \nminist\u00e8re de la transition \u00e9nerg\u00e9tique : \n\u27a2 \u00ab Paysages, eau et biodiversit\u00e9 \u00bb (n\u00b0 113) ; \n\u27a2 \u00ab Urbanisme, territoires et am\u00e9lioration de l'habitat \u00bb (n\u00b0 135) ; \n\u27a2 \u00ab Conduite et pilotage des politiques de l '\u00e9cologie, du d \u00e9veloppement et de la mobilit \u00e9 durables \u00bb \n(n\u00b0 217) ; \n\u27a2 \u00ab \u00c9cologie \u00bb (n\u00b0 362). \n \nb. Les programmes du minist\u00e8re de l'int\u00e9rieur  : \u00ab S\u00e9curit\u00e9 et \u00e9ducation routi \u00e8res \u00bb (n\u00b0 207) et \n\u00ab Administration territoriale de l'\u00c9tat \u00bb (n\u00b0 354) ; \n \nc. Le programme du minist\u00e8re de l'\u00e9conomie, des finances et de la souverainet\u00e9 industrielle et \nnum\u00e9rique : \u00ab Op\u00e9rations immobili\u00e8res et entretiens des b\u00e2timents de l'\u00c9tat \u00bb (n\u00b0 723). \n \nPour les programmes n\u00b0  354, n\u00b0 362 (volet immobilier public) et n\u00b0  723, toute d\u00e9pense sup\u00e9rieure \u00e0 \n400 000 \u20ac HT devra faire l'objet d'un visa pr\u00e9alable du pr\u00e9fet de la r\u00e9gion \u00cele-de-France, en application \nde l'article 3 de l'arr\u00eat\u00e9 de d\u00e9l\u00e9gation de signature en mati\u00e8re d'ordonnancement secondaire susvis\u00e9. \n \n2. Subd\u00e9l\u00e9gation de signature est donn\u00e9e \u00e0 l'effet de si gner, dans les conditions fix\u00e9es dans les arr\u00eat\u00e9s \nsusvis\u00e9s et dans le cadre de leurs attributions et comp\u00e9tences, toute pi\u00e8ce relative \u00e0 l'exercice de la \ncomp\u00e9tence d'ordonnateur secondaire d\u00e9l\u00e9gu\u00e9, tant pour les d\u00e9penses que pour les recettes, aux agents \nci-apr\u00e8s d\u00e9sign\u00e9s : \n \n\u2022 Mme Julie TISSOT, directrice r\u00e9gionale et interd\u00e9partementale adjointe de l'environnement, de \nl'am\u00e9nagement et des transports d'\u00cele -de-France, directrice de l'unit\u00e9 d\u00e9partementale du Val -de-\nMarne ; \n\u2022 Mme Sarah BERNHARD, directrice-adjointe de l'unit\u00e9 d\u00e9partementale du Val-de-Marne ; \nDirection r\u00e9gionale et interd\u00e9partementale de l'environnement, de l'am\u00e9nagement et des transports d'\u00cele-de-France -\nIDF-2025-07-03-00010 - D\u00e9cision du 3 juillet 2025 portant subd\u00e9l\u00e9gation de signature en mati\u00e8re d'ordonnancement secondaire et de\ncommande publique pour le compte du pr\u00e9fet de la r\u00e9gion d'\u00cele-de-France\n78\n \nDRIEAT \n21-23 rue Miollis \u2013 75 732 Paris CEDEX 15 \nT\u00e9l : +33 (0)1 40 61 80 80 \nwww.drieat.ile-de-france.developpement-durable.gouv.fr  40 \n\u2022 Mme Fiona TCHANAKIAN, directrice-adjointe de l'unit\u00e9 d\u00e9partementale du Val-de-Marne ; \n\u2022 Mme G\u00e9raldine SANAUR, cheffe du service planification et am\u00e9nagement des territoires  ; \n\u2022 M. Olivier COMPAGNET, adjoint \u00e0 la cheffe du service planification et am\u00e9nagement des territoires ; \n\u2022 Mme Flora DELHOMME, adjointe \u00e0 la cheffe du service planification et am\u00e9nagement du territoire  ; \n\u2022 M. Didier CATTENOZ, chef du service urbanisme et construction durables ;  \n\u2022 Mme Marie PRESANI, adjointe au chef du service urbanisme et construction durable ;  \n\u2022 M. Fran\u00e7ois BOLLENGIER, chef du service \u00e9ducation et s\u00e9curit\u00e9 routi\u00e8re ; \n\u2022 Mme Sa\u00efba KUMAR, adjointe au chef du service \u00e9ducation et s\u00e9curit\u00e9 routi\u00e8re  ; \n\u2022 Mme Nadette BENAOUDA-GARCIA, cheffe du p\u00f4le d'appui au pilotage local ; \n\u2022 M. Fran\u00e7ois MALARE, adjoint \u00e0 la cheffe du p\u00f4le appui au pilotage local.  \n \nParagraphe 2 \u2013 Passation et ex\u00e9cution des march\u00e9s publics et accords-cadres \n \nSubd\u00e9l\u00e9gation de signature est consentie, dans la limite de leurs att ributions et des montants indiqu\u00e9s \nci-dessous, aux personnes suivantes  pour signer toute pi \u00e8ce relative \u00e0 la passation et l 'ex\u00e9cution des \nmarch\u00e9s publics et des accords-cadres : \n \nNOM ET FONCTION Suppl\u00e9ant en cas d'absence ou \nd'emp\u00eachement \nPassation et ex\u00e9cution de march\u00e9s et \naccords-cadres en montant HT maximum \nJulie TISSOT, \ndirectrice de l'unit\u00e9 \nd\u00e9partementale du \nVal-de-Marne \nSarah BERNHARD, directrice-\nadjointe de l'unit\u00e9 \nd\u00e9partementale du Val-de-\nMarne \n \nFiona TCHANAKIAN, \ndirectrice-adjointe de l'unit\u00e9 \nd\u00e9partementale du Val-de-\nMarne \n \nTravaux, fournitures, \n\u00e9tudes et services \n \n143 000 \u20ac \nFran\u00e7ois BOLLENGIER, \nresponsable du \nservice \u00e9ducation et \ns\u00e9curit\u00e9 routi\u00e8res \n Travaux, fournitures, \n\u00e9tudes et services \n143 000 \u20ac \nNadjette GARCIA \nBENAOUDA, cheffe \ndu p\u00f4le appui au \npilotage local \nFran\u00e7ois MALARE, adjoint \u00e0 la \ncheffe du p\u00f4le d'appui au \npilotage local \nTravaux, fournitures et \nservices \n25 000 \u20ac \n \nARTICLE 15-5 \u2013 UNIT\u00c9S D\u00c9PARTEMENTALES DE SEINE-ET-MARNE,  \nDES YVELINES, DE L'ESSONNE ET DU VAL-D'OISE \n \nParagraphe \u2013 Ordonnancement secondaire \n \n1. La subd\u00e9l\u00e9gation de signature du pr\u00e9sent paragraphe porte sur  le programme du minist\u00e8re de \nl'int\u00e9rieur \u00ab Administration territoriale de l'\u00c9tat \u00bb (n\u00b0 354) ; \n \nDirection r\u00e9gionale et interd\u00e9partementale de l'environnement, de l'am\u00e9nagement et des transports d'\u00cele-de-France -\nIDF-2025-07-03-00010 - D\u00e9cision du 3 juillet 2025 portant subd\u00e9l\u00e9gation de signature en mati\u00e8re d'ordonnancement secondaire et de\ncommande publique pour le compte du pr\u00e9fet de la r\u00e9gion d'\u00cele-de-France\n79\n \nDRIEAT \n21-23 rue Miollis \u2013 75 732 Paris CEDEX 15 \nT\u00e9l : +33 (0)1 40 61 80 80 \nwww.drieat.ile-de-france.developpement-durable.gouv.fr  41 \nPour ce programme n\u00b0  354, toute d\u00e9pense sup\u00e9rieure \u00e0 400  000 \u20ac HT devra faire l'objet d'un visa \npr\u00e9alable du pr\u00e9fet de la r\u00e9gion \u00cele -de-France, en application de l'article 3 de l'arr\u00eat\u00e9 de d\u00e9l\u00e9gation de \nsignature en mati\u00e8re d'ordonnancement secondaire susvis\u00e9. \n \n2. Subd\u00e9l\u00e9gation de signature est donn\u00e9e \u00e0 l'effet de signer, dans les conditions fix\u00e9es dans les arr\u00eat\u00e9s \nsusvis\u00e9s et dans le cadre de leurs attributions et comp\u00e9tences, toute pi\u00e8ce relative \u00e0 l'exercice de la \ncomp\u00e9tence d'ordonnateur secondaire d\u00e9l\u00e9gu\u00e9, tant pour les d\u00e9penses que pour les recettes, aux agents \nci-apr\u00e8s d\u00e9sign\u00e9s : \n \n\u2022 Mme Agn\u00e8s COURET, cheffe de l'unit\u00e9 d\u00e9partementale de Seine et Marne, et ses adjoints, Mme \nCl\u00e9mence JAHANGIR et M. David LEROUGE ; \n\u2022 Mme Delphine DUBOIS, cheffe de l'unit\u00e9 d\u00e9partementale des Yvelines, et son adjointe Mme Marielle \nMUGUERRA ; \n\u2022 M. Patrick POIRET, chef de l'unit\u00e9 d\u00e9partementale de l'Essonne, et son adjointe Mme Sophie PIERRET ; \n\u2022 M. Mathieu FERNANDEZ, r\u00e9f\u00e9rent d\u00e9partemental risques technologiques  ; \n\u2022 M. Alexis RAFA, chef de l'unit\u00e9 d\u00e9partementale du Val-d'Oise, et son adjoint M. Thomas BLATON. \n \nARTICLE 16 \u2013 SERVICE DU NUM\u00c9RIQUE \n \nParagraphe 1 \u2013 Ordonnancement secondaire \n \n1. La subd\u00e9l\u00e9gation de signature du pr\u00e9sent paragraphe porte sur : \na. Le programme du minist\u00e8re de la transition \u00e9cologique et de la coh\u00e9sion des territoires et du minist\u00e8re \nde la transition \u00e9nerg\u00e9tique  : \u00ab Conduite et pilotage des politiques de l '\u00e9cologie, du d\u00e9veloppement et \nde la mobilit\u00e9 durables \u00bb (n\u00b0 217). \n \nb. Le programme du minist\u00e8re de l'int\u00e9rieur : \u00ab Administration territoriale de l'\u00c9tat \u00bb (n\u00b0 354). \n \n2. Subd\u00e9l\u00e9gation de signature est donn\u00e9e, dans le cadre de leurs attributions et comp\u00e9tences \u00e0 l'effet \nde signer dans les conditions fix\u00e9es dans les arr\u00eat\u00e9s susvis\u00e9s, toute pi\u00e8ce relative \u00e0 l'exercice de la \ncomp\u00e9tence d'ordonnateur secondaire d\u00e9l\u00e9gu\u00e9, tant pour les d\u00e9penses que pour les recettes \u00e0 : \n\u2022 Mme Nathalie TINGRY, cheffe du service du num\u00e9rique ; \n\u2022 M. Ga\u00ebl BINTEIN, adjoint \u00e0 la cheffe du service du num\u00e9rique ; \n\u2022 Mme Emmanuelle AIRAUD, cheffe du d\u00e9partement environnement num\u00e9rique de travail ; \n\u2022 M. Jean-Marc VADO, chef du d\u00e9partement infrastructures, syst\u00e8mes d'information et s\u00e9curit\u00e9.  \n \nParagraphe 2 \u2013 Passation et ex\u00e9cution des march\u00e9s publics et accords-cadres \n \nSubd\u00e9l\u00e9gation de signature est consentie, dans la limite de leurs attributions et des montants indiqu\u00e9s \nci-dessous, aux personnes suivantes pour signer toutes pi\u00e8ces relatives \u00e0 la passation et l'ex\u00e9cution des \nmarch\u00e9s publics et des accords-cadres : \n \nNOM ET FONCTION Suppl\u00e9ant en cas d'absence ou \nd'emp\u00eachement \nPassation et ex\u00e9cution de march\u00e9s et \naccords-cadres en montant HT \nNathalie TINGRY, cheffe \ndu service du num\u00e9rique  \n \nGa\u00ebl BINTEIN, adjoint \u00e0 \nEmmanuelle AIRAUD, cheffe du \nd\u00e9partement environnement \nnum\u00e9rique de travail ; \nJean-Marc VADO, chef du \n \nFournitures, \u00e9tudes \net services \n \n90 000 \u20ac \nDirection r\u00e9gionale et interd\u00e9partementale de l'environnement, de l'am\u00e9nagement et des transports d'\u00cele-de-France -\nIDF-2025-07-03-00010 - D\u00e9cision du 3 juillet 2025 portant subd\u00e9l\u00e9gation de signature en mati\u00e8re d'ordonnancement secondaire et de\ncommande publique pour le compte du pr\u00e9fet de la r\u00e9gion d'\u00cele-de-France\n80\n \nDRIEAT \n21-23 rue Miollis \u2013 75 732 Paris CEDEX 15 \nT\u00e9l : +33 (0)1 40 61 80 80 \nwww.drieat.ile-de-france.developpement-durable.gouv.fr  42 \nNOM ET FONCTION Suppl\u00e9ant en cas d'absence ou \nd'emp\u00eachement \nPassation et ex\u00e9cution de march\u00e9s et \naccords-cadres en montant HT \nla cheffe de service \n \nd\u00e9partement infrastructures, \nsyst\u00e8mes d'information et s\u00e9curit\u00e9 ; \nFr\u00e9d\u00e9ric LLABRES, chef de l'unit\u00e9 \nsyst\u00e8mes et r\u00e9seau. \n \nARTICLE 17 - MISSION D'INSPECTION G\u00c9N\u00c9RALE TERRITORIALE DE PARIS \n \n1. Subd\u00e9l\u00e9gation de signature est donn\u00e9e, dans le cadre de leurs attributions et comp\u00e9tences, pour les \nactes et pi\u00e8ces relatifs \u00e0 la passation et l'ex\u00e9cution des march\u00e9s et accords -cadres de fournitures et de \nservices dont les montants sont inf\u00e9rieurs \u00e0 90 000 \u20ac HT, aux agents ci-apr\u00e8s d\u00e9sign\u00e9s : \n\u2022 Mme Corinne ETAIX, coordonnatrice de la MIGT de Paris ; \n\u2022 Mme Farida BABA-MABROUKI, secr\u00e9taire g\u00e9n\u00e9rale. \n \n2. Subd\u00e9l\u00e9gation de signature est en outre donn\u00e9e, dans le cadre de leurs attributions et comp\u00e9tences, \npour constater le service fait et les ordres de payer relatifs aux d\u00e9penses \u00e0  Mme Marie-Chantal JEAN-\nLOUIS. \n \n3. Pour l'utilisation de l'application de gestion de frais de d\u00e9placements, concernant les personnels de la \nMIGT, subd\u00e9l\u00e9gation est donn\u00e9e aux agents ci-apr\u00e8s : \n\u2022 Mme Farida BABA -MABROUKI, pour valider les ordres de mission, les engagements de cr\u00e9dits et les \npi\u00e8ces de mandatement correspondantes ; \n\u2022 Mme Sophie NICOLAS-NELSON, assistante de la coordonnatrice, pour valider les ordres de mission. \n \nARTICLE 18 \u2013 DISPOSITIONS DIVERSES ET FINALES \n \n1. Les subd\u00e9l\u00e9gataires en mati\u00e8re d'ordonnancement secondaire peuvent autoriser, par d\u00e9cision \nformalis\u00e9e, leurs collaborateurs \u00e0 attester le service fait conforme \u00e0 la commande. \n \n2. Demeurent soumis \u00e0 la signature du pr\u00e9fet de la r\u00e9gion d'\u00cele-de-France : \n\u2013 les ordres de r\u00e9quisition du comptable public ; \n\u2013 les d\u00e9cisions de passer outre \u00e0 l'avis d\u00e9favorable du contr\u00f4leur budg\u00e9taire r\u00e9gional ; \n\u2013 les conventions financi\u00e8res avec les collectivit\u00e9s territoriales et leurs \u00e9tablissements publics ; \n\u2013 les conventions attribuant des subventions de 300.000 euros et plus ; \n\u2013 les contrats de bail. \n \n3. La d\u00e9cision n\u00b0 IDF-2025-05-02-00004 du 2 mai 2025 est abrog\u00e9e, ensemble la d\u00e9cision du 21 mai 2025 \nportant modification d'une subd\u00e9l\u00e9gation de signature en mati\u00e8re d'ordonnancement secondaire et de \ncommande publique pour le compte du pr\u00e9fet de la r\u00e9gion d'\u00cele-de-France. \n \n  \nDirection r\u00e9gionale et interd\u00e9partementale de l'environnement, de l'am\u00e9nagement et des transports d'\u00cele-de-France -\nIDF-2025-07-03-00010 - D\u00e9cision du 3 juillet 2025 portant subd\u00e9l\u00e9gation de signature en mati\u00e8re d'ordonnancement secondaire et de\ncommande publique pour le compte du pr\u00e9fet de la r\u00e9gion d'\u00cele-de-France\n81\n \nDRIEAT \n21-23 rue Miollis \u2013 75 732 Paris CEDEX 15 \nT\u00e9l : +33 (0)1 40 61 80 80 \nwww.drieat.ile-de-france.developpement-durable.gouv.fr  43 \n4. L'adjoint \u00e0 la directrice r\u00e9gionale et interd\u00e9partementale de l'environnement, de l'am\u00e9nagement et \ndes transports d'\u00cele-de-France, charg\u00e9 du pilotage, est charg\u00e9 de l'ex\u00e9cution de la pr\u00e9sente d\u00e9cision qui \nsera publi\u00e9e au recueil des actes administratifs de la pr\u00e9fecture. \n \n\u00c0 Paris, le 3 juillet 2025 \n \nLa directrice r\u00e9gionale et interd\u00e9partementale  \nde l'environnement, de l'am\u00e9nagement  \net des transports d'\u00cele-de-France \n \n \nSign\u00e9 \n \n \nEmmanuelle GAY \nDirection r\u00e9gionale et interd\u00e9partementale de l'environnement, de l'am\u00e9nagement et des transports d'\u00cele-de-France -\nIDF-2025-07-03-00010 - D\u00e9cision du 3 juillet 2025 portant subd\u00e9l\u00e9gation de signature en mati\u00e8re d'ordonnancement secondaire et de\ncommande publique pour le compte du pr\u00e9fet de la r\u00e9gion d'\u00cele-de-France\n82\nMinist\u00e8re de la Justice\nIDF-2025-07-03-00005\nArr\u00eat\u00e9 portant subd\u00e9l\u00e9gation de la signature du\nDirecteur interr\u00e9gional de la protection judiciaire\nde la jeunesse Ile-de-France et Outre-Mer\nMinist\u00e8re de la Justice - IDF-2025-07-03-00005 - Arr\u00eat\u00e9 portant subd\u00e9l\u00e9gation de la signature du Directeur interr\u00e9gional de la\nprotection judiciaire de la jeunesse Ile-de-France et Outre-Mer 83\nEx =\u2014 \u00c0Libert\u00e9 + Egalit\u00e9 + Fraternit\u00e9R\u00c9PUBLIQUE FRAN\u00c7AISE\nMINIST\u00c8RE DELA JUSTICE\n \n1 \n \n \n \n \nDIRECTION \n \nDE LA PROTECTION JUDICIAIRE DE LA JEUNESSE  \nDIRECTION INTERREGIONALE  \n\u00ceLE DE FRANCE - OUTRE-MER  \nA RRETE   \nPortant Subd\u00e9l\u00e9gation De La Signature Du Directeur Interr\u00e9gional  \nDe La Protection Judiciaire De La Jeunesse  \n\u00cele-De-France Et Outre-Mer  \nVU le d\u00e9cret n\u00b066-614 du 10 ao\u00fbt 1966 modifi\u00e9 relatif \u00e0 l'organisation des services de l'Etat dans \nla r\u00e9gion parisienne ;  \nVU le d\u00e9cret n\u00b02004-374 du 29 avril 2004 modifi\u00e9 relatif aux pouvoirs des pr\u00e9fets, \u00e0 \nl'organisation et \u00e0 l'action des services de l'Etat dans les r\u00e9gions et d\u00e9partements ; \nVU l'arr\u00eat\u00e9 du 5 novembre 2020 du garde des sceaux, ministre de la justice, portant nomination \nde monsieur Herv\u00e9 DUPLENNE en qualit\u00e9 de directeur interr\u00e9gional de la protection judiciaire \nde la jeunesse \u00cele-de-France et Outre-Mer, \u00e0 compter du 1 \ner  janvier 2021 ; \nVU l'arr\u00eat\u00e9 3 d\u00e9cembre 2024 du garde des sceaux, mi nistre de la justice, portant sur le \nrenouvellement de Monsieur Herv\u00e9 DUPLENNE dans l'em ploi de directeur interr\u00e9gional de la \nprotection judiciaire de la jeunesse Ile-de-France/Outre-mer, \u00e0 compter du 1 er  janvier 2025 \nVU l'arr\u00eat\u00e9 IDF-2020-11-27-003 portant d\u00e9l\u00e9gation d e signature \u00e0 monsieur Herv\u00e9 DUPLENNE \nen qualit\u00e9 de directeur interr\u00e9gional de la protect ion judiciaire de la jeunesse \u00cele-de-France \u2013 \nOutre-mer, en mati\u00e8re d'ordonnancement secondaire ;  \nArr\u00eate \nArticle 1er \nDans le cadre de la d\u00e9l\u00e9gation de signature institu\u00e9e par l'arr\u00eat\u00e9 IDF-2020-11-27-003 susvis\u00e9, et \nen cas d'absence ou d'emp\u00eachement de Monsieur Herv\u00e9  DUPLENNE, subd\u00e9l\u00e9gation de \nsignature est donn\u00e9e \u00e0 : \n  \nMinist\u00e8re de la Justice - IDF-2025-07-03-00005 - Arr\u00eat\u00e9 portant subd\u00e9l\u00e9gation de la signature du Directeur interr\u00e9gional de la\nprotection judiciaire de la jeunesse Ile-de-France et Outre-Mer 84\n \n2 \n \n \nDEPARTEMENT FONCTION NOM \n75 Directrice interr\u00e9gionale adjointe M me  S\u00e9verine DEVAUX \n75 Secr\u00e9taire g\u00e9n\u00e9ral M. Michael PEREIRA \n75 Directeur des Ressources Humaines M me  Bathilde GROH \n75 Directrice des Ressources Humaines adjointe  Mme  Aur\u00e9lie BLANCHE \n75 \nDirectrice de l'Evaluation et de la \nProgrammation des Affaire Financi\u00e8res et \nImmobili\u00e8res \nM\nme  Laure PAVY \n75 \nDirectrice de l'Evaluation et de la \nProgrammation des Affaire Financi\u00e8res et \nImmobili\u00e8res Adjointe \nM\nme  D\u00e9borah ADAM \n75 \nResponsable Unit\u00e9 Ex\u00e9cution Budg\u00e9taire de \nla Direction de l'Evaluation et de la \nProgrammation des Affaire Financi\u00e8res et \nImmobili\u00e8res \nM\nme  Pascale LEPROVOST \nA l'effet de signer, \u00e0 compter du 1er  Juillet 2025, au nom du Pr\u00e9fet de la r\u00e9gion d'\u00cele-de-France, \nPr\u00e9fet de Paris toutes d\u00e9cisions mentionn\u00e9es \u00e0 l'article 1 de l'arr\u00eat\u00e9 IDF-2020-11-27-003 susvis\u00e9 . \nArticle 2 \nDans le cadre de la d\u00e9l\u00e9gation de signature institu\u00e9e par l'arr\u00eat\u00e9 IDF-2020-11-27-003, et en cas \nd'absence ou d'emp\u00eachement de Monsieur Herv\u00e9 DUPLENNE, subd\u00e9l\u00e9gation de signature est \ndonn\u00e9e \u00e0 : \nDEPARTEMENT FONCTION NOM \n75 Directrice interr\u00e9gionale adjointe M me  S\u00e9verine DEVAUX \n75 Secr\u00e9taire g\u00e9n\u00e9ral M. Michael PEREIRA \n75 Directeur des ressources humaines M me  Bathilde GROH \n75 Directrice des ressources humaines \nadjointe Mme  Aur\u00e9lie BLANCHE \n75 \nDirectrice de l'\u00e9valuation et de la \nprogrammation des affaire financi\u00e8res et \nimmobili\u00e8res \nM\nme  Laure PAVY \nMinist\u00e8re de la Justice - IDF-2025-07-03-00005 - Arr\u00eat\u00e9 portant subd\u00e9l\u00e9gation de la signature du Directeur interr\u00e9gional de la\nprotection judiciaire de la jeunesse Ile-de-France et Outre-Mer 85\n \n3 \n \n75 \nDirectrice de l'Evaluation et de la \nProgrammation des Affaire Financi\u00e8res et \nImmobili\u00e8res Adjointe \nM\nme  D\u00e9borah ADAM \nAinsi qu'aux personnes indiqu\u00e9es dans la liste nominative en annexe 1. \nA l'effet de signer, \u00e0 compter du 1er  Juillet 2025, au nom du pr\u00e9fet de la r\u00e9gion d'\u00cele-de-France, \nPr\u00e9fet de Paris toutes d\u00e9cisions mentionn\u00e9es \u00e0 l'article 2 de l'arr\u00eat\u00e9 IDF-2020-11-27-003 susvis\u00e9 .  \n \nArticle 2 Bis  \nIl est donn\u00e9 d\u00e9l\u00e9gation de signature :  \nAux assistants responsables de l'appui au pilotage territorial, adjoints administratifs et \nsecr\u00e9taires administratifs, dont la liste figure en annexe 2, pour constater le service fait dans le \nprogiciel Chorus Formulaires. \nArticle 3 \nDans le cadre de la d\u00e9l\u00e9gation de signature institu\u00e9e par l'arr\u00eat\u00e9 IDF-2020-11-27-003, et en cas \nd'absence ou d'emp\u00eachement de Monsieur Herv\u00e9 DUPLENNE, subd\u00e9l\u00e9gation de signature est \ndonn\u00e9e \u00e0 : \nD\u00e9partement Fonction Nom \n75 Directrice interr\u00e9gionale adjointe M me  S\u00e9verine DEVAUX \n75 Secr\u00e9taire g\u00e9n\u00e9ral M. Michael PEREIRA  \n75 \nDirectrice de l'\u00e9valuation et de la \nprogrammation des affaire financi\u00e8res et \nimmobili\u00e8res \nM\nme  Laure PAVY \n75 \nDirectrice de l'Evaluation et de la \nProgrammation des Affaire Financi\u00e8res et \nImmobili\u00e8res Adjointe \nM\nme  D\u00e9borah ADAM \n75 \nResponsable de l'unit\u00e9 immobilier de la \ndirection de l'\u00e9valuation et de la \nprogrammation des affaire financi\u00e8res et \nimmobili\u00e8res \nM. Robert KOREZ \nA l'effet de signer, \u00e0 compter 1 er  Juillet 2025, au nom du pr\u00e9fet de la r\u00e9gion d'\u00cele- de-France, \nPr\u00e9fet de Paris toutes d\u00e9cisions mentionn\u00e9es \u00e0 l'article 3 de l'arr\u00eat\u00e9 IDF-2020-11-27-003 susvis\u00e9.  \n \nMinist\u00e8re de la Justice - IDF-2025-07-03-00005 - Arr\u00eat\u00e9 portant subd\u00e9l\u00e9gation de la signature du Directeur interr\u00e9gional de la\nprotection judiciaire de la jeunesse Ile-de-France et Outre-Mer 86\n \n4 \n \nArticle 4 \nDans le cadre de la d\u00e9l\u00e9gation de signature institu\u00e9e par l'arr\u00eat\u00e9 IDF-2020-11-27-003, et en cas \nd'absence ou d'emp\u00eachement de Monsieur Herv\u00e9 DUPLENNE, subd\u00e9l\u00e9gation de signature est \ndonn\u00e9e \u00e0 : \nD\u00e9partement Fonction Nom \n75 Directrice interr\u00e9gionale adjointe M me  S\u00e9verine DEVAUX \n75 Secr\u00e9taire g\u00e9n\u00e9ral M. Michael PEREIRA \nE75 Directrice de l'\u00e9valuation et de la programmation \ndes affaire financi\u00e8res et immobili\u00e8res Mme  Laure PAVY \n75 Directrice de l'Evaluation et de la Programmation \ndes Affaire Financi\u00e8res et Immobili\u00e8res Adjointe Mme  D\u00e9borah ADAM \n75 Directeur des Ressources Humaines M me  Bathilde GROH \n75 Directrice des Ressources Humaines adjointe  M me  Aur\u00e9lie BLANCHE \n75 \nResponsable de l'unit\u00e9 commande publique de la \ndirection de l'\u00e9valuation et de la programmation \ndes affaire financi\u00e8res et immobili\u00e8res \nPOSTE VACANT \nA l'effet de signer, \u00e0 compter du 1er  Juillet 2025, au nom du pr\u00e9fet de la r\u00e9gion d'\u00cele-de-France, \nPr\u00e9fet de Paris toutes d\u00e9cisions mentionn\u00e9es \u00e0 l'article 4 de l'arr\u00eat\u00e9 IDF-2020-11-27-003 susvis\u00e9.  \nArticle 5 \nDans le cadre de la d\u00e9l\u00e9gation de signature institu\u00e9e par l'arr\u00eat\u00e9 IDF-2020-11-27-003, et en cas \nd'absence ou d'emp\u00eachement de Monsieur Herv\u00e9 DUPLENNE, subd\u00e9l\u00e9gation de signature est \ndonn\u00e9e \u00e0 : \nD\u00e9partement Fonction Nom \n75 Directrice Interr\u00e9gionale Adjointe M me  S\u00e9verine DEVAUX \n75 Secr\u00e9taire G\u00e9n\u00e9ral M. Michael PEREIRA \nA l'effet de signer, \u00e0 compter du 1er  Juillet 2025, au nom du pr\u00e9fet de la r\u00e9gion d'\u00cele-de-France, \nPr\u00e9fet de Paris toutes d\u00e9cisions mentionn\u00e9es \u00e0 l'article 5 de l'arr\u00eat\u00e9 IDF-2020-11-27-003 susvis\u00e9.  \n \n \nMinist\u00e8re de la Justice - IDF-2025-07-03-00005 - Arr\u00eat\u00e9 portant subd\u00e9l\u00e9gation de la signature du Directeur interr\u00e9gional de la\nprotection judiciaire de la jeunesse Ile-de-France et Outre-Mer 87\n \n5 \n \nArticle 6 \nUne ampliation de cet arr\u00eat\u00e9 est adress\u00e9e au Pr\u00e9fet de la R\u00e9gion d'\u00cele-de-France, Pr\u00e9fet de Paris \n\u2013 direction des services administratifs du secr\u00e9tariat g\u00e9n\u00e9ral pour les affaires r\u00e9gionales. \nArticle 7 \nEst abrog\u00e9, \u00e0 compter du 1er  Juillet 2025, l'arr\u00eat\u00e9 IDF-2025-06-02-00008 du 02 juin 2025 portant \nd\u00e9l\u00e9gation de signature du directeur interr\u00e9gional de la protection judiciaire de la jeunesse \u00cele-\nde-France et Outre-mer.  \nArticle 8 \nLe directeur interr\u00e9gional de la protection judiciaire de la jeunesse \u00cele-de-France et Outre-mer \net les personnes mentionn\u00e9es aux articles de ce pr\u00e9 sent arr\u00eat\u00e9 sont charg\u00e9s, \u00e0 compter du                        \n1er  Juillet 2025, chacun en ce qui le concerne, de l'e x\u00e9cution du pr\u00e9sent arr\u00eat\u00e9 qui sera publi\u00e9 \nau recueil des actes administratifs de la pr\u00e9fecture de la r\u00e9gion d'\u00cele-de-France. \nFait \u00e0 Paris, le 03 Juillet 2025  \nPour le Pr\u00e9fet de la r\u00e9gion d'\u00cele-de-France, pr\u00e9fet de Paris, et par d\u00e9l\u00e9gation, \nLe directeur interr\u00e9gional de la protection judiciaire de la jeunesse \u00cele-de-France et Outre-mer. \n \nSign\u00e9 \nHerv\u00e9 DUPLENNE \n \n \n \n \nMinist\u00e8re de la Justice - IDF-2025-07-03-00005 - Arr\u00eat\u00e9 portant subd\u00e9l\u00e9gation de la signature du Directeur interr\u00e9gional de la\nprotection judiciaire de la jeunesse Ile-de-France et Outre-Mer 88\n \n6 \n \nANNEXE 1 : Liste nominative relative \u00e0 l'article 2 du pr\u00e9sent arr\u00eat\u00e9 \n \n \n \nDirection Structure d'affectation Unit\u00e9 \u00e9ducative Fonction Noms Nom marital Pr\u00e9noms \nDTPJJ 75 DTPJJ 75 DTPJJ 75 Directeur territorial KIEFFER MEIGNAN Anne \nDTPJJ 75 DTPJJ 75 DTPJJ 75 Directeur territorial adjoint GIL Nathalie \nDTPJJ 75 DTPJJ 75 DTPJJ 75 Responsable de l'appui au pilotage territor ial BAROT Thomas \nDTPJJ 75 DTPJJ 75 DTPJJ 75 Responsable des politiques institutionnelle s RUELLAND Richard \nDTPJJ 75 DTPJJ 75 DTPJJ 75 Responsable des politiques institutionnelle s COUEDOR Anne \nDTPJJ 75 EPE Paris EPE Paris Directeur de service TAIL Djamila \nDTPJJ 75 EPE Paris EPE Paris RUE VILLETTE C\u00e9cilia \nDTPJJ 75 STEMO EST PARISIEN UEMO GOUBET Directeur de service MORDELET Oriane \nDTPJJ 75 STEMO EST PARISIEN UEMO GOUBET Responsable d' unit\u00e9 \u00e9ducative GODECHOT Elodie \nDTPJJ 75 STEMO EST PARISIEN UEMO CHEMIN VERT Responsa ble d'unit\u00e9 \u00e9ducative PISANIAS Mireille \nDTPJJ 75 STEMO PARIS MNA STEMO PARIS MNA Directeur de service BERENGER Emma \nDTPJJ 75 STEMO PARIS MNA UEMO PARIS MNA Responsable d' unit\u00e9 \u00e9ducative SAOULI Tifany \nDTPJJ 75 STEMO PARIS MNA UEMO PARIS MNA Responsable d' unit\u00e9 \u00e9ducative DESSEN Laetitia \nDTPJJ 75 STEMO PARIS CENTRE STEMO PARIS CENTRE Directeur de service REYNAL Lila-Lou \nDTPJJ 75 STEMO PARIS CENTRE UEAT PARIS Responsable d'unit\u00e9 \u00e9ducative DELOBEL Timoth\u00e9e \nDTPJJ 75 STEMO PARIS CENTRE UEMO LAFAYETTE - APPROCH E SYSTEMIQUE Responsable d'unit\u00e9 \u00e9ducative BAUJARD Marie-H\u00e9l\u00e9ne \nDTPJJ 75 STEMO SUD PARISIEN STEMO SUD PARISIEN Directeur de service VALEMBOIS Aude \nDTPJJ 75 STEMO SUD PARISIEN UEMO FRIANT Responsable d' unit\u00e9 \u00e9ducative PINON Claire \nDTPJJ 75 STEMO SUD PARISIEN UEMO BASTILLE Responsable  d'unit\u00e9 \u00e9ducative GUAMIS Th\u00e9r\u00e8se \nDTPJJ 75 STEI DE PARIS STEI DE PARIS Directeur de service ARCHICH Mohamed \nDTPJJ 75 STEI DE PARIS UEAJ FONTAINE AU ROI Responsabl e d'unit\u00e9 \u00e9ducative JEAN V\u00e9ronique \nDTPJJ 75 STEI DE PARIS UEAJ ROMAINVILLE Responsable d' unit\u00e9 \u00e9ducative SER Patrick \nDTPJJ 75 STEMO NORD PARISIEN STEMO NORD PARISIEN Directeur de service PREVOST Typhaine \nDTPJJ 75 STEMO NORD PARISIEN UEMO PORTE DES LILAS Resp onsable d'unit\u00e9 \u00e9ducative STEPHAN C\u00e9cile \nDTPJJ 75 STEMO NORD PARISIEN UEMO PORTE DES LILAS Resp onsable d'unit\u00e9 \u00e9ducative BOUANANI Amina \nDirection Structure d'affectation Unit\u00e9 \u00e9ducative Fonc tion Noms Nom marital Pr\u00e9noms \nDTPJJ 77 DTPJJ 77 DTPJJ77 Directeur territorial RAULET Christelle \nDTPJJ 77 DTPJJ 77 DTPJJ77 Directeur territorial adjoint LEHRY Michel\nDTPJJ 77 DTPJJ 77 DTPJJ77 Responsable des politiques institutionnelles COPPRY Nadia \nDTPJJ 77 DTPJJ 77 DTPJJ 77 Responsable de l'appui au pilotage territor ial LAUTRU Corinne \nDTPJJ 77 DTPJJ 77 DTPJJ77 Responsable des politiques institutionnelles FOUIDEN Hamid \nDTPJJ 77 STEMOI SUD 77 STEMOI SUD 77 Directeur de serv ice AMRI AYARI In\u00e8s \nDTPJJ 77 STEMOI SUD 77 UEMO MELUN Responsable d'unit\u00e9 \u00e9ducative BEN ALLAL ESTIVAL Lynda \nDTPJJ 77 STEMOI SUD 77 UEMO MONTEREAU Responsable d'un it\u00e9 \u00e9ducative GAGNE GUIGNAT Nathalie \nDTPJJ 77 STEMOI SUD 77 UEAT MELUN Responsable d'unit\u00e9 \u00e9ducative ROSE - Anne \nDTPJJ 77 STEMOI SUD 77 UEAJ MELUN Responsable d'unit\u00e9 \u00e9ducative AMAR BOUSSARD Aur\u00e9lie \nDTPJJ 77 EPEI MEAUX EPEI MEAUX Directeur de service BUF FIERE Laurine \nDTPJJ 77 EPEI MEAUX UEHC MEAUX Responsable d'unit\u00e9 \u00e9du cative D'ENTRAYGUES Sandrine \nDTPJJ 77 EPEI MEAUX UEAJ CHELLES Responsable d'unit\u00e9 \u00e9 ducative Poste vacant \nDTPJJ 77 STEMO NORD 77 STEMO NORD 77 Directeur de serv ice OLIVIER Muriel\nDTPJJ 77 STEMO NORD 77 UEMO MEAUX ARISTIDE BRIAND Responsable d'unit\u00e9 \u00e9ducative CECCALDI-REGNIER REGNIE R Aline \nDTPJJ 77 STEMO NORD 77 UEMO - PEAT MEAUX Responsable d 'unit\u00e9 \u00e9ducative LUNION France-Lise \nDTPJJ 77 STEMO NORD 77 UEMO LAGNY SUR MARNE Responsabl e d'unit\u00e9 \u00e9ducative PICART Aur\u00e9lia \nDTPJJ 77 STEMOI CENTRE 77 STEMOI CENTRE 77 Directeur d e service PEREZ Matthieu \nDTPJJ 77 STEMOI CENTRE 77 UEMO LIEUSAINT Responsable d 'unit\u00e9 \u00e9ducative COSKUN KARTAL Servet \nDTPJJ 77 STEMOI CENTRE 77 UEMO TORCY Responsable d'uni t\u00e9 \u00e9ducative GLOUBI Jaoiad \nDTPJJ 77 STEMOI CENTRE 77 UEAJ COMBS LA VILLE Responsa ble d'unit\u00e9 \u00e9ducative BEN ESSAVY Abdel\nDirection Structure d'affectation Unit\u00e9 \u00e9ducative Fonc tion Noms Nom marital Pr\u00e9noms \nDTPJJ 78 DTPJJ 78 DTPJJ 78 Directeur territorial LEBOUC Denis \nDTPJJ 78 DTPJJ 78 DTPJJ 78 Directeur territorial adjoi nt CERVERA Catherine \nDTPJJ 78 DTPJJ 78 DTPJJ 78 Responsable des politiques institutionnelles DEHAUDT Elise \nDTPJJ 78 DTPJJ 78 DTPJJ 78 Responsable de l'appui de p ilotage MUTOMBO Bilonda \nDTPJJ 78 STEMO SUD YVELINES STEMO SUD YVELINES Directe ur de service FERNANDES Daniel\nDTPJJ 78 STEMO SUD YVELINES UEMO DE VOISINS Responsable  d'unit\u00e9 \u00e9ducative ROCHETTE Dominique \nDTPJJ 78 STEMO SUD YVELINES UEMO DE VERSAILLES Respons able d'unit\u00e9 \u00e9ducative ROSSELLI Estelle \nDTPJJ 78 STEMO SUD YVELINES UEAT VERSAILLES Responsabl e d'unit\u00e9 \u00e9ducative GOFRON Mathilde \nDTPJJ 78 EPEI SUD YVELINES EPEI SUD YVELINES Directeur  de service DE BOURAYNE Maylis \nDTPJJ 78 EPEI SUD YVELINES UEHDR VOISIN LE Responsabl e d'unit\u00e9 \u00e9ducative LELOUEY Nathalie \nDTPJJ 78 EPEI SUD YVELINES UEAJ PS VILLEPREUX Responsa ble d'unit\u00e9 \u00e9ducative MAGOTTEAUX Aurore \nDTPJJ 78 EPEI SUD YVELINES UEAJ DE VERSAILLES Responsa ble d'unit\u00e9 \u00e9ducative GUERIN Magali\nDTPJJ 78 STEMO VAL DE SEINE STEMO VAL DE SEINE Directe ur de service SAR Fabienne \nDTPJJ 78 STEMO VAL DE SEINE UEMO POISSY Responsable d' unit\u00e9 \u00e9ducative SAINT-MARTIN Ghislaine \nDTPJJ 78 STEMO VAL DE SEINE UEMO MANTES Responsable d' unit\u00e9 \u00e9ducative AUBRY St\u00e9phanie \nDTPJJ 78 EPEI NORD YVELINES EPEI NORD YVELINES Directe ur de service BLACHON Jean-Baptiste \nDTPJJ 78 EPEI NORD YVELINES UEHC AUBERGENVILLE Responsab le d'unit\u00e9 \u00e9ducative FALL Mansour \nDTPJJ 78 EPEI NORD YVELINES UEAJ POISSY Responsable d' unit\u00e9 \u00e9ducative BINET Yann \nDTPJJ 78 SEEPM 78 SEEPM PORCHEVILLE Directeur de Servi ce CADIN Julie \nDTPJJ 78 SEEPM 78 SEEPM PORCHEVILLE Responsable d'unit \u00e9 \u00e9ducative VIGOUROUX Fran\u00e7oise \nDTPJJ 78 SEEPM 78 SEEPM PORCHEVILLE Responsable d'unit \u00e9 \u00e9ducative AYAT Abdelkader \nDTPJJ 78 SEEPM 78 SEEPM PORCHEVILLE Responsable d'unit \u00e9 \u00e9ducative GOMIS Bienvenu \nMinist\u00e8re de la Justice - IDF-2025-07-03-00005 - Arr\u00eat\u00e9 portant subd\u00e9l\u00e9gation de la signature du Directeur interr\u00e9gional de la\nprotection judiciaire de la jeunesse Ile-de-France et Outre-Mer 89\n \n7 \n \n \n \n \nDirection Structure d'affectation Unit\u00e9 \u00e9ducative Fonction Noms Nom marital Pr\u00e9noms \nDTPJJ 91 DTPJJ 91 DTPJJ91 Directeur territorial TILOUCH Hakim \nDTPJJ 91 DTPJJ 91 DTPJJ91 Directeur territorial adjoint MORINEAU Eglantine \nDTPJJ 91 DTPJJ 91 DTPJJ91 Responsable de l'appui au pilotage territori al MEIGNAN Philippe \nDTPJJ 91 DTPJJ 91 DTPJJ91 Responsable de l'appui au pilotage territori al - RH BURGLEN TREVILY Magali\nDTPJJ 91 DTPJJ 91 DTPJJ91 Responsable des politiques institutionnelles LECHAIN K\u00e9vin \nDTPJJ 91 CEF BURES SUR YVETTE CEF BURES SUR YVETTE Dir ecteur de service MARTINAT Laurence \nDTPJJ 91 CEF BURES SUR YVETTE CEF BURES SUR YVETTE Res ponsable d'unit\u00e9 \u00e9ducative POSTE VACANT \nDTPJJ 91 CEF BURES SUR YVETTE CEF BURES SUR YVETTE Res ponsable d'unit\u00e9 \u00e9ducative POSTE VACANT \nDTPJJ 91 CEF BURES SUR YVETTE CEF BURES SUR YVETTE Res ponsable d'unit\u00e9 \u00e9ducative LIEVENS PEMPIE \u00c9milie \nDTPJJ 91 CEF SAVIGNY SUR ORGE CEF SAVIGNY SUR ORGE Dir ecteur de service GALLOIS Clarisse \nDTPJJ 91 CEF SAVIGNY SUR ORGE CEF SAVIGNY SUR ORGE Res ponsable d'unit\u00e9 \u00e9ducative DJOMBE Thomas \nDTPJJ 91 CEF SAVIGNY SUR ORGE CEF SAVIGNY SUR ORGE Res ponsable d'unit\u00e9 \u00e9ducative POSTE VACANT \nDTPJJ 91 EPE 91 EPE 91 Directeur de service AYVI-HOUEDO Aur\u00e8le \nDTPJJ 91 EPE 91 UEHC DRAVEIL Responsable d'unit\u00e9 \u00e9ducative BLEUZEN Caroline \nDTPJJ 91 EPE 91 UEHC EPINAY SUR ORGE Responsable d'uni t\u00e9 \u00e9ducative CORTESE MANKASSA-NKOUNKOU \u00c9milie \nDTPJJ 91 STEI ESSONNE STEI ESSONNE Directeur de servic e DIABIRA Gniaki\nDTPJJ 91 STEI ESSONNE UEAJ SAVIGNY SUR ORGE Responsabl e d'unit\u00e9 \u00e9ducative GOUAL M'Hamed \nDTPJJ 91 STEI ESSONNE UEAJ BURES SUR YVETTE Responsabl e d'unit\u00e9 \u00e9ducative COHIN Marie \nDTPJJ 91 STEI ESSONNE UEAJ LES ULIS Responsable d'unit \u00e9 \u00e9ducative FREREJACQUE DELECOURT Muriel\nDTPJJ 91 SECJD SAINTE GENEVIEVE DES BOIS SECJD Directeur de service PAINDORGE Fran\u00e7ois \nDTPJJ 91 SECJD SAINTE GENEVIEVE DES BOIS SECJD Respons able d'unit\u00e9 \u00e9ducative GERY Isabelle \nDTPJJ 91 STEMO BRETIGNY SUR ORGE STEMO BRETIGNY SUR O RGE Directeur de service PRIEST Carole \nDTPJJ 91 STEMO BRETIGNY SUR ORGE UEMO BRETIGNY SUR OR GE Responsable d'unit\u00e9 \u00e9ducative RIGHELE MUNOZ No\u00e9mie \nDTPJJ 91 STEMO BRETIGNY SUR ORGE UEMO PALAISEAU Respon sable d'unit\u00e9 \u00e9ducative BOUGAULT BLANCHARD Anne \nDTPJJ 91 STEMO BRETIGNY SUR ORGE UEMO JUVISY SUR ORGE Responsable d'unit\u00e9 \u00e9ducative TIKHERBATINE MEHABLI Zel ahika \nDTPJJ 91 STEMO COURCOURONNES STEMO COURCOURONNES Direc teur de service MAUNOURY H\u00e9l\u00e8ne \nDTPJJ 91 STEMO COURCOURONNES UEMO COURCOURONNES Respon sable d'unit\u00e9 \u00e9ducative COURBE DAUDRE Chryst\u00e8le \nDTPJJ 91 STEMO COURCOURONNES UEMO CORBEIL ESSONNE Resp onsable d'unit\u00e9 \u00e9ducative OULION Sophie \nDTPJJ 91 STEMO COURCOURONNES UEAT EVRY Responsable d'u nit\u00e9 \u00e9ducative TOURE Mamadou \nDirection Structure d'affectation Unit\u00e9 \u00e9ducative Fonc tion Noms Nom marital Pr\u00e9noms \nDTPJJ 92 DTPJJ 92 DTPJJ 92 Directeur territorial BOUBKER Abdelaziz \nDTPJJ 92 DTPJJ 92 DTPJJ 92 Directrice territoriale Adjointe COLLIN Sandr ine \nDTPJJ 92 DTPJJ 92 DTPJJ 92 Responsable de l'appui au pilotage territor ial WAGNEUR CHALICARNE Annabelle \nDTPJJ 92 DTPJJ 92 DTPJJ 92 Responsable des politiques institutionnelle s POSTE VACANT \nDTPJJ 92 DTPJJ 92 STEMO NORD 92 Directeur de service ORLANDI Jean-Yves \nDTPJJ 92 STEMO NORD 92 UEMO LA GARENNE COLOMBES Responsable d' unit\u00e9 \u00e9ducative SAGON Audrey \nDTPJJ 92 STEMO NORD 92 UEMO VILLENEUVE LA GARENNE Responsable d'unit\u00e9 \u00e9ducative CHADLI Kheira \nDTPJJ 92 STEMO Centre 92 STEMO CENTRE 92 Directeur de service B OMANE-SA\u00cfB G\u00e9rard \nDTPJJ 92 STEMO Centre 92 UEMO NANTERRE Responsable d'unit\u00e9 \u00e9du cative FALCONNET Corinne \nDTPJJ 92 STEMO Centre 92 UEMO SURESNES Responsable d'unit\u00e9 \u00e9du cative THEETEN Peggy \nDTPJJ 92 STEMO Centre 92 UEAT NANTERRE Responsable d'unit\u00e9 \u00e9du cative FLOUME Caroline \nDTPJJ 92 STEMO SUD 92 STEMO SUD 92 Directeur de service BOUNAB Sara \nDTPJJ 92 STEMO SUD 92 UEMO BOURG LA REINE Responsable d'unit\u00e9 \u00e9ducative PHILIPPEAU V\u00e9ronique \nDTPJJ 92 STEMO SUD 92 UEMO MALAKOFF Responsable d'unit\u00e9 \u00e9ducat ive POSTE VACANT \nDTPJJ 92 EPEI ASNIERES EPEI ASNIERES Directeur de service MONNEREAU Justine \nDTPJJ 92 EPEI ASNIERES UEHC ASNIERES Responsable d'unit\u00e9 \u00e9ducative CHEVRIER O livier \nDTPJJ 92 EPEI ASNIERES UEAJ LEVALLOIS-PERRET  Responsable d'un it\u00e9 \u00e9ducative KERBERENES DAMOUR Annick \nDTPJJ 93 EPEI ASNIERES UEAJ LEVALLOIS-PERRET Educateur-Int\u00e9rim  Responsable d'unit\u00e9 \u00e9ducative COUCHY Christophe \nDTPJJ 92 EPEI BAGNEUX EPEI BAGNEUX Directeur de service LEAL Sarah \nDTPJJ 92 EPEI BAGNEUX UEHC BAGNEUX Responsable d'unit\u00e9 \u00e9ducati ve COMPAN Chryst\u00e8le \nDTPJJ 92 EPEI BAGNEUX UEAJ MALAKOFF Responsable d'unit\u00e9 \u00e9ducat ive MAILLOT Khadija \nDTPJJ 92 DTPJJ HAUTS DE SEINE si\u00e8ge \u00e0 LA GARENNE COLOMBES R\u00e9f\u00e9rent La\u00efcit\u00e9 Citoyennet\u00e9 EL GAROUANI Sa\u00efd \nDTPJJ 92 DTPJJ HAUTS DE SEINE si\u00e8ge \u00e0 LA GARENNE COLOMBES Conseill\u00e8re technique sant\u00e9 LASNIER Ma\u00ebva \nDirection Structure d'affectation Unit\u00e9 \u00e9ducative Fonc tion Noms Nom marital Pr\u00e9noms \nDTPJJ 93 DTPJJ 93 DTPJJ 93 Directeur territorial MECHE HAR Hannifa \nDTPJJ 93 DTPJJ 93 DTPJJ 93 Directeur territorial adjoi nt NTIFI Sophia \nDTPJJ 93 DTPJJ 93 DTPJJ 93 Responsable de l'appui au p ilotage territorial DESSIS Pauline \nDTPJJ 93 DTPJJ 93 DTPJJ 93 Responsable de l'appui au p ilotage territorial RABIAT Chlo\u00e9 \nDTPJJ 93 DTPJJ 93 DTPJJ 93 Responsable des politiques institutionnelles PAVAN Michael\nDTPJJ 93 DTPJJ 93 DTPJJ 93 Responsable des politiques institutionnelles GARCIA Lydie \nDTPJJ 93 STEMO PANTIN STEMO/UEMO PANTIN Directeur de s ervice MOUSTACHE Yves \nDTPJJ 93 STEMO PANTIN UEMO PANTIN Responsable d'unit\u00e9 \u00e9ducative CROAJOU Anaelle \nDTPJJ 93 STEMO PANTIN UEMO AUBERVILLIERS Responsable d 'unit\u00e9 \u00e9ducative LECORCHER Pierre \nDTPJJ 93 STEMO LE RAINCY STEMO/UEMO LE RAINCY Directeu r de service GHARBI Maxime \nDTPJJ 93 STEMO LE RAINCY UEMO NOISY LE GRAND Responsab le d'unit\u00e9 \u00e9ducative DALACHE Elodie \nDTPJJ 93 STEMO LE RAINCY UEMO LE RAINCY Responsable d' unit\u00e9 \u00e9ducative BELMER Christelle \nDTPJJ 93 STEMO LE RAINCY UEMO MONTREUIL Responsable d' unit\u00e9 \u00e9ducative POSADZKI Aur\u00e9lie \nDTPJJ 93 STEMO PIERREFITTE STEMO PIERREFITTE Directeur  de service NAKIB Omar \nDTPJJ 93 STEMO PIERREFITTE UEMO PIERREFITTE Responsabl e d'unit\u00e9 \u00e9ducative BEY Anne Pauline \nDTPJJ 93 STEMO PIERREFITTE UEMO SAINT-OUEN Responsable  d'unit\u00e9 \u00e9ducative FRERET Corinne \nDTPJJ 93 STEMO PIERREFITTE UEMO SAINT-DENIS Responsabl e d'unit\u00e9 \u00e9ducative PROVOT Maxime \nDTPJJ 93 STEMO DRANCY STEMO DRANCY Directeur de servic e ROTROU C\u00e9cile \nDTPJJ 93 STEMO DRANCY UEMO DRANCY Responsable d'unit\u00e9 \u00e9ducative LAURET Andr\u00e9a \nDTPJJ 93 STEMO DRANCY UEMO AULNAY Responsable d'unit\u00e9 \u00e9ducative CHERIFA MENIRI Soraya \nDTPJJ 93 STEMO DRANCY QUARTIERS MINEURS Villepinte Responsable d'unit\u00e9 \u00e9ducative LINEY LUBELO Patricia \nDTPJJ 93 CEF EPINAY CEF EPINAY Directeur de service LOU ISOR Dominique \nDTPJJ 93 CEF EPINAY CEF EPINAY Responsable d'unit\u00e9 \u00e9du cative FOFANA Youssouph \nDTPJJ 93 CEF EPINAY CEF EPINAY Responsable d'unit\u00e9 \u00e9du cative ZEROUALI Djamal\nDTPJJ 93 EPE PANTIN EPE/UEHC PANTIN Directeur de servi ce NOURINE ELAID Rachida \nDTPJJ 93 EPE PANTIN UEHC PANTIN Responsable d'unit\u00e9 \u00e9d ucative SLIFI Fatima \nDTPJJ 93 EPE PANTIN UEHD PANTIN Responsable d'unit\u00e9 \u00e9d ucative DZIAN Dimitri\nDTPJJ 93 EPE ROSNY- SOUS -BOIS EPE ROSNY- SOUS -BOIS D irecteur de service CHAPIN Angelina \nDTPJJ 93 EPE ROSNY- SOUS -BOIS UEHDM d'aubervilliers Responsable d'unit\u00e9 \u00e9ducative ARRAMI Sonia \nDTPJJ 93 SEAT BOBIGNY SEAT BOBIGNY FF Directeur de ser vice CHAPIN Ang\u00e9lina \nDTPJJ 93 STEI DE VILLEMOMBLE STEI DE VILLEMOMBLE Dire cteur de service ANGWE-NZE Julien \nDTPJJ 93 STEI DE VILLEMOMBLE UEAJ VILLEMOMBLE Responsa ble d'unit\u00e9 \u00e9ducative BELKEDIEM Afif \nDTPJJ 93 STEI DE VILLEMOMBLE UEAJ DE SAINT-DENIS Respo nsable d'unit\u00e9 \u00e9ducative TOULORGE MAGALI \nDTPJJ 93 STEI DE VILLEMOMBLE UEAJ DE PANTIN Responsabl e d'unit\u00e9 \u00e9ducative FERGUENIS Abd-Mallek \nMinist\u00e8re de la Justice - IDF-2025-07-03-00005 - Arr\u00eat\u00e9 portant subd\u00e9l\u00e9gation de la signature du Directeur interr\u00e9gional de la\nprotection judiciaire de la jeunesse Ile-de-France et Outre-Mer 90\n \n8 \n \n \n \n \n \n \n \nDirection Structure d'affectation Unit\u00e9 \u00e9ducative Fonction Noms Nom marital Pr\u00e9noms \nDTPJJ 94 DTPJJ 94 DTPJJ 94 Directeur territorial LAPENE Caroline \nDTPJJ 94 DTPJJ 94 DTPJJ 94 Directeur territorial adjoint BARTHE VIEILLEVIGNE Flor ence \nDTPJJ 94 DTPJJ 94 DTPJJ 94 Responsable de l'appui au pilotage territor ial MIALON Virginie \nDTPJJ 94 DTPJJ 94 DTPJJ 94 Responsable des politiques institutionnelle s OLIVE-MARINO Sonia \nDTPJJ 94 EPE ARCUEIL EPE ARCUEIL Directeur de service DURUAL Jenna \nDTPJJ 94 EPE ARCUEIL UEHC Arcueil Responsable d'unit\u00e9 \u00e9ducative LE FOULGOC Tristan \nDTPJJ 94 EPE ARCUEIL UEHD CRETEIL Responsable d'unit\u00e9 \u00e9ducative HOUBRON Benoit \nDTPJJ 94 EPE VAL-DE-MARNE EPE VAL-DE-MARNE Directeur de service SAMSON Nicolas \nDTPJJ 94 EPE VAL-DE-MARNE UEHC NOGENT-SUR-MARNE Respon sable d'unit\u00e9 \u00e9ducative GAABOUR Adil\nDTPJJ 94 EPE VAL-DE-MARNE UEHC VILLIERS-SUR-MARNE Resp onsable d'unit\u00e9 \u00e9ducative PETIT C\u00e9cile \nDTPJJ 94 STEI CRETEIL STEI CRETEIL Directeur de service MATHONNIERE Catherine \nDTPJJ 94 STEI CRETEIL UEAJ CRETEIL Responsable d'unit\u00e9 \u00e9ducative DA SILVA Nathalie \nDTPJJ 94 STEI CRETEIL UEAJ LE-PERREUX-SUR-MARNE Respon sable d'unit\u00e9 \u00e9ducative POSTE VACANT \nDTPJJ 94 STEI CRETEIL UEAJ CRETEIL RA \"du soleil plie n l'assiette\" Responsable d'unit\u00e9 \u00e9ducative GUIGUET Je an-S\u00e9bastien \nDTPJJ 94 STEMO CENTRE 94 STEMO CENTRE 94 Directeur de service JAZANI Carla \nDTPJJ 94 STEMO CENTRE 94 UEMO CRETEIL Responsable d'unit\u00e9 \u00e9ducative TURRIERE C\u00e9line \nDTPJJ 94 STEMO CENTRE 94 UEMO VILLENEUVE-ST-GEORGES Re sponsable d'unit\u00e9 \u00e9ducative RAMBLADO Adeline \nDTPJJ 94 STEMO EST 94 STEMO EST 94 Directeur de service COTE Thomas \nDTPJJ 94 STEMO EST 94 UEMO NOGENT-SUR-MARNE Responsabl e d'unit\u00e9 \u00e9ducative LACOUX C\u00e9line \nDTPJJ 94 STEMO EST 94 UEAT CRETEIL Responsable d'unit\u00e9 \u00e9ducative MOREY Caroline \nDTPJJ 94 STEMO OUEST 94 STEMO OUEST 94 Directeur de service BERTHIER Diane \nDTPJJ 94 STEMO OUEST 94 UEMO VITRY-SUR-SEINE Responsab le d'unit\u00e9 \u00e9ducative DIAWARA Makumba \nDTPJJ 94 STEMO OUEST 94 UEMO ARCUEIL Responsable d'unit\u00e9 \u00e9ducative DEMBELE Fat oumata \nDirection Structure d'affectation Unit\u00e9 \u00e9ducative Fonc tion Noms Nom marital Pr\u00e9noms \nDTPJJ 95 DTPJJ 95 DTPJJ 95 Directeur territorial POSTE VACANT \nDTPJJ 95 DTPJJ 95 DTPJJ 95 Directeur territorial adjoi nt MARREC Gr\u00e9gory \nDTPJJ 95 \nDTPJJ 95 DTPJJ 95 \nResponsable de l'appui au pilotage \nterritorial\nALEXANDRE Talencia \nDTPJJ 95 DTPJJ 95 DTPJJ 95 Responsable des politiques institutionnelles ORTEGA-PELLETIER Cl\u00e9ment \nDTPJJ 95 EPEI DE VILLIERS-LE-BEL EPEI VILLIERS-LE-BEL  Directeur de service XAVIER XAVIER-GRELET St\u00e9phane \nDTPJJ 95 EPEI DE VILLIERS-LE-BEL UEHC VILLIERS LE BEL Responsable d'unit\u00e9 \u00e9ducative MAHDID Sonia \nDTPJJ 95 EPEI DE VILLIERS-LE-BEL UEAJ VILLIERS LE BEL Responsable d'unit\u00e9 \u00e9ducative BEN AMRAMNE Majda \nDTPJJ 95 EPEI DE PONTOISE EPEI PONTOISE Directeur de service NESTORET Marie-Nella \nDTPJJ 95 EPEI DE PONTOISE UEHC PONTOISE Responsable d' unit\u00e9 \u00e9ducative BOUCHTA Jennifer \nDTPJJ 95 EPEI DE PONTOISE UEAJ COURDIMANCHE Responsabl e d'unit\u00e9 \u00e9ducative EUGENE Audrey \nDTPJJ 95 CEF SAINT-BRICE CEF SAINT-BRICE Directeur de service MESSAOUDI Ra\u00efssi\nDTPJJ 95 CEF SAINT-BRICE CEF SAINT BRICE Responsable d 'unit\u00e9 \u00e9ducative KOFFI-EBANDA Raoul \nDTPJJ 95 CEF SAINT-BRICE CEF SAINT BRICE Responsable d 'unit\u00e9 \u00e9ducative ROUSSEAU Camille \nDTPJJ 95 STEMO EST STEMO EST Directeur de service GREC O Clelia \nDTPJJ 95 STEMO EST UEMO SARCELLES Responsable d'unit\u00e9 \u00e9ducative REMBAUD Maggy \nDTPJJ 95 STEMO EST UEMO ARNOUVILLE Responsable d'unit\u00e9  \u00e9ducative OURO DJOBO Abdel Malik \nDTPJJ 95 STEMO OUEST STEMO OUEST Directeur de service FADIGA Mamadou \nDTPJJ 95 STEMO OUEST UEMO COURDIMANCHE Responsable d'u nit\u00e9 \u00e9ducative BEY VAZELLE Angeline \nDTPJJ 95 STEMO OUEST UEMO ARGENTEUIL Responsable d'uni t\u00e9 \u00e9ducative LE NOZERH Joanna \nDTPJJ 95 STEMO OUEST UEAT PONTOISE Responsable d'unit\u00e9  \u00e9ducative DUBARD Corinne \nDirection Structure d'affectation Fonction Noms Nom marital Pr\u00e9noms \nDIRPJJ DIRECTION Directeur interr\u00e9gional adjoint DEVAUX S\u00e9verine \nDIRPJJ DIRECTION Secr\u00e9taire g\u00e9n\u00e9ral PEREIRA Michael\nDIRPJJ CABINET Chef de cabinet PAJOU DEHRI-PAJOU R\u00e9jane \nDIRPJJ CABINET Chef de cabinet adjoint TEMBELY Aminata \nDIRPJJ DRH Directeur des ressources humaines GROH DEGENEVE Bathilde \nDIRPJJ DRH Directeur adjoint des ressources humaines POSTE VACANT \nDIRPJJ DRH Responsable gestion administrative et financi\u00e8re LUCE Marie-Claire \nDIRPJJ DRH Chef de p\u00f4le de la gestion administrative et Financi\u00e8re DEMAY Marie-Ange \nDIRPJJ DRH Chef de p\u00f4le de la gestion administrative et Financi\u00e8re DRIGUET Vincent \nDIRPJJ DRH Chef de p\u00f4le de la gestion administrative et Financi\u00e8re CORNU Traicy \nDIRPJJ DRH Responsable contr\u00f4le interne paie TECHER Sonia \nDIRPJJ DRH Responsable de la gestion pr\u00e9visionnelle d es emploi, des effectifs et des comp\u00e9tences GARCIA Emilie \nDIRPJJ DRH Responsable juridique contentieux OULMOKTAR In\u00e8s \nDIRPJJ DRH Charg\u00e9e de recrutement MADRU Virginie \nDIRPJJ DRH Responsable Gestion Parcours Comp\u00e9tences HUMATH Nista \nDIRPJJ DIRECTION Responsable ma\u00eetrise des risques MILLET \u00a0 B\u00e9atrice \nDIRPJJ DIRECTION Charg\u00e9 de mission Outre-mer TETU-DUMAS Steevens \nDIRPJJ DEPAFI Directeur de l'\u00e9valuation et de la prog rammation des affaires financi\u00e8res et immobili\u00e8res P AVY Laure \nDIRPJJ DEPAFI Directeur adjoint de l'\u00e9valuation et de la programmation des affaires financi\u00e8res et immobili\u00e8res SAUGNER ADAM D\u00e9borah \nDIRPJJ DEPAFI Responsable contr\u00f4le interne financier JENDOUBI Najete \nDIRPJJ DEPAFI Responsable unit\u00e9 tarification SAH SINQUIN LARVENT Audrey \nDIRPJJ DEPAFI Gestionnaire unit\u00e9 tarification SAH POSTE VACANT \nDIRPJJ DEPAFI GESTIONNAIRE BUD ET FINANCIER GENOUD Emilie \nDIRPJJ DEPAFI Gestionnaire unit\u00e9 tarification SAH NOUTSA Nicolas \nDIRPJJ DEPAFI AA unit\u00e9 tarification SAH MBOUNGOU MVEMBE Emma-Louise \nDIRPJJ DEPAFI Responsable unit\u00e9 facturation SAH FEBVRE Caroline \nDIRPJJ DEPAFI Responsable unit\u00e9 immobilier KOREZ Robert \nDIRPJJ DEPAFI Responsable unit\u00e9 ex\u00e9cution Budg\u00e9taire LEPROVOST Pascale \nDIRPJJ DEPAFI Responsable unit\u00e9 Commande Publique POSTE VACANT \nDIRPJJ DEPAFI Gestionnaire valideur unit\u00e9 commande publique SAFFAR Karine \nDIRPJJ DEPAFI Gestionnaire valideur unit\u00e9 ex\u00e9cution budg\u00e9taire EGUREN Amada \nDIRPJJ DEPAFI Gestionnaire valideur unit\u00e9 ex\u00e9cution budg\u00e9taire BAPT Val\u00e9rie \nDIRPJJ DEPAFI Gestionnaire valideur unit\u00e9 ex\u00e9cution budg\u00e9taire DIATTA Binta \nDIRPJJ DEPAFI Gestionnaire valideur immobilier CHAFA Thania \nDIRPJJ DEPAFI Directeur au Syst\u00e8me d'information POSTE VACANT \nDIRPJJ RLC R\u00e9f\u00e9rente La\u00efcit\u00e9 Citoyennet\u00e9 POSTE VACANT \nDIRPJJ RLC R\u00e9f\u00e9rente La\u00efcit\u00e9 Citoyennet\u00e9 WEILL Adina \nDIRPJJ RLC R\u00e9f\u00e9rente La\u00efcit\u00e9 Citoyennet\u00e9 OCCHIPINTI Laurence \nDIRPJJ DME Directeur des missions \u00e9ducatives BASSINOT Jean-Yves \nDIRPJJ DME Directeur adjoint des missions \u00e9ducatives GAONAC'H St\u00e9phanie \nDIRPJJ DRH GESTIONNAIRE RH QUERREC Isabelle \nDIRPJJ DRH GESTIONNAIRE RH GONDAO Rosa \nDIRPJJ DRH GESTIONNAIRE RH JAY Sylvain \nDIRPJJ DRH GESTIONNAIRE RH PONCEAU Astrid \nMinist\u00e8re de la Justice - IDF-2025-07-03-00005 - Arr\u00eat\u00e9 portant subd\u00e9l\u00e9gation de la signature du Directeur interr\u00e9gional de la\nprotection judiciaire de la jeunesse Ile-de-France et Outre-Mer 91\n \n9 \n \nANNEXE 2 : Liste nominative relative \u00e0 l'article 2 bis du pr\u00e9sent arr\u00eat\u00e9 \n \n \n \n \n \nDTPJJ 75 DTPJJ PARIS si\u00e8ge \u00e0 PARIS ASSISTANT RAPT (Constat service fait) DESJU Lydie \nDTPJJ 75 DTPJJ PARIS si\u00e8ge \u00e0 PARIS ASSISTANT RAPT (Constat service fait) AHMED RABI Nema \nDTPJJ 75 DTPJJ PARIS si\u00e8ge \u00e0 PARIS ADJ. ADM. EN DT (Constat service fait) GOMIS Kakabindouthe \nDTPJJ 75 EPE PARIS UEHC SALOMON DE CAUS SECRETAIRE (Co nstat service fait) BARRY Marie Laure \nDTPJJ 75 EPE PARIS UEHC SALOMON DE CAUS SECRETAIRE (Co nstat service fait) SOSA Cathucia \nDTPJJ 75 STEI PARIS UEAJ FONTAINE AU ROI ADJ. ADM. (Co nstat service fait) GHALLAB Adam \nDTPJJ 75 STEI PARIS UEAJ RUE DE ROMAINVILLE SECRETAIRE  (Constat service fait) TISSIER Guylaine \nDTPJJ 75 STEMO NORD PARISIEN UEMO CH\u00c2TEAU D'EAU ADJ. A DM. (Constat service fait) ATTELY Jeanne \nDTPJJ 75 STEMO NORD PARISIEN UEMO PORTE DES LILAS SECR ETAIRE (Constat service fait) IFOUDINE Rabha \nDTPJJ 75 STEMO PARIS CENTRE UEAT PARIS SECRETAIRE (Con stat service fait) MOKRANE IDANI Nadia \nDTPJJ 75 STEMO PARIS CENTRE UEAT PARIS SECRETAIRE (Con stat service fait) VADIMON Myrella \nDTPJJ 75 STEMO PARIS CENTRE UEMO PARIS LA FAYETTE SECR ETAIRE (Constat service fait) SOSA Cathucia \nDTPJJ 75 STEMO PARIS CENTRE UEMO PARIS LA FAYETTE ADJ.  ADM. (Constat service fait) CHAMBAZ Peggy \nDTPJJ 75 STEMO PARIS EST UEMO PARIS CHEMIN VERT SECRETAIRE (Co nstat service fait) SOUICI Lotfi\nDTPJJ 75 STEMO PARIS EST UEMO PARIS GOUBET SECRETAIRE (Constat service fait) BOUAROUA Hayet \nDTPJJ 75 STEMO DEROGATOIRE PARIS MNA UEMO PARIS MNA SE CRETAIRE (Constat service fait) RAMKUMAR Saranya \nDTPJJ 75 STEMO PARIS SUD UEMO PARIS BASTILLE SECRETAIR E (Constat service fait) LEROY Gaelle \nDTPJJ 75 STEMO PARIS SUD UEMO PARIS FRIANT SECRETAIRE (Constat service fait) BRUNE Dilan \nDTPJJ 77 DTPJJ SEINE ET MARNE si\u00e8ge \u00e0 MELUN DTPJJ77 AD J. ADM. EN DT (constat service fait) BLIRANDO Laura \nDTPJJ 77 DTPJJ SEINE ET MARNE si\u00e8ge \u00e0 MELUN DTPJJ77 AD J. ADM. EN DT (constat service fait) THEBAUD Yves \nDTPJJ 77 DTPJJ SEINE ET MARNE si\u00e8ge \u00e0 MELUN DTPJJ77 AS SISTANT RAPT (constat service fait) MARREAU Isabelle \nDTPJJ 77 DTPJJ SEINE ET MARNE si\u00e8ge \u00e0 MELUN DTPJJ77 AS SISTANT RAPT (constat service fait) JACQUELIN RONDEAU Marie-Jose \nDTPJJ 77 EPEI MEAUX UEAJ CHELLES SECRETAIRE (constat s ervice fait) SELLALI Betty \nDTPJJ 77 EPEI MEAUX UEHC MEAUX SECRETAIRE (constat ser vice fait) BRELLE Mathieu \nDTPJJ 77 STEMO NORD SEINE ET MARNE si\u00e8ge \u00e0 MEAUX UEMO  LAGNY SUR MARNE SECRETAIRE (constat service fait) ME SSIBA NIAKATE Theresa \nDTPJJ 77 STEMO NORD SEINE ET MARNE si\u00e8ge \u00e0 MEAUX UEMO MEAUX ARISTIDE BRIAND SECRETAIRE (constat service fait) COQUIL Karine \nDTPJJ 77 STEMO NORD SEINE ET MARNE si\u00e8ge \u00e0 MEAUX UEMO  MEAUX GAMBETTA SECRETAIRE (constat service fait) DOU KALI ABDICHE Nawel\nDTPJJ 77 STEMOI CENTRE SEINE ET MARNE LIEUSAINT UEAJ COMBS LA VILLE SECRETAIRE (constat service fait) SAPI ENZA Jocelyne \nDTPJJ 77 STEMOI CENTRE SEINE ET MARNE LIEUSAINT UEMO LIEUSAINT SECRETAIRE (constat service fait) PECHINE LE LOUP Bernadette \nDTPJJ 77 STEMOI CENTRE SEINE ET MARNE LIEUSAINT UEMO TORCY SECRETAIRE (constat service fait) NIAKATE Sale \nDTPJJ 77 STEMOI MELUN SUD SEINE ET MARNE VAUX LE PENIL UEAJ MELUN DUGUESCLIN SECRETAIRE (constat service fa it) RIVOIRE Stephanie \nDTPJJ 77 STEMOI MELUN SUD SEINE ET MARNE VAUX LE PENIL UEAT MELUN SECRETAIRE (constat service fait) BOMBELEN GUA Marie-Jose \nDTPJJ 77 STEMOI MELUN SUD SEINE ET MARNE VAUX LE PENIL UEMO MELUN SECRETAIRE (constat service fait) BYTYQI Marina \nDTPJJ 77 STEMOI MELUN SUD SEINE ET MARNE VAUX LE PENIL UEMO MONTEREAU SECRETAIRE (constat service fait) TELC IDE Laeticia \nDTPJJ 78 DTPJJ YVELINES si\u00e8ge \u00e0 VERSAILLES ADJ. ADM. EN DT (Constat service fait) SY Jennifer \nDTPJJ 78 ADJ. ADM. EN DT (Constat service fait) GOVEDAROVIC Ma rina \nDTPJJ 78 DTPJJ YVELINES si\u00e8ge \u00e0 VERSAILLES Assistant RAPT (Constat service fait) LEUDIERE Virgin ie \nDTPJJ 78 EPEI NORD YVELINES si\u00e8ge \u00e0 AUBERGENVILLE UEHC AUBERGENVILLE SECRETAIRE (Constat service fait) HA MEL Estelle \nDTPJJ 78 EPEI VILLEPREUX SUD YVELINES UEAJ VERSAILLES SUD YVELINES SECRETAIRE (Constat service fait) MASSE LEBBAKHAR Merye m \nDTPJJ 78 EPEI VILLEPREUX SUD YVELINES UEAJ VILLEPREUX SECRETAIRE (Constat service fait) BELARBI BOUBCHIR War da \nDTPJJ 78 EPEI VILLEPREUX SUD YVELINES UEAJ VERSAILLES SUD YVELINES SECRETAIRE (Constat service fait) TOURNIER Sandrine \nDTPJJ 78 SE-EPM PORCHEVILLE UESEEPM PORCHEVILLE SECRETA IRE (Constat service fait) BERTIN B\u00e9reng\u00e8re \nDTPJJ 78 SE-EPM PORCHEVILLE UESEEPM PORCHEVILLE SECRETA IRE (Constat service fait) KARI Razera \nDTPJJ 78 STEMO SUD YVELINES si\u00e8ge VERSAILLES UEAT VER SAILLES SECRETAIRE (Constat service fait) RIET Sandrin e \nDTPJJ 78 STEMO SUD YVELINES si\u00e8ge VERSAILLES UEMO VER SAILLES SECRETAIRE (Constat service fait) NIAKATE Fatou mata \nDTPJJ 78 STEMO SUD YVELINES si\u00e8ge VERSAILLES UEMO VOISINS LE BRETONNEUX SECRETAIRE (Constat service fait) TANDIA DELACOUX Diar i\u00e9tou \nDTPJJ 78 STEMO VAL DE SEINE POISSY UEMO MANTES LA JOL IE SECRETAIRE (Constat service fait) GOLD DALG Thomas \nDTPJJ 78 STEMO VAL DE SEINE POISSY UEMO POISSY SECRETA IRE (Constat service fait) FRIHA Benjamin \nDTPJJ 91 CEF BURES SUR YVETTE UECEF BURES SUR YVETTE S ECRETAIRE (Constat service fait) KAZUMBA-ILUNGA WASSO Mamina \nDTPJJ 91 CEF SAVIGNY SUR ORGE UECEF SAVIGNY SUR ORGE S ECRETAIRE (Constat service fait) MILARD PEOLAT Michele\nDTPJJ 91 DTPJJ ESSONNE si\u00e8ge \u00e0 EPINAY SUR ORGE ADJ. ADM. EN DT (Constat service fait) COMMERGNAT Laure \nDTPJJ 91 DTPJJ ESSONNE si\u00e8ge \u00e0 EPINAY SUR ORGE ASSISTANT RAPT (Constat service fait) VINCENT DUPONT S tella \nDTPJJ 91 DTPJJ ESSONNE si\u00e8ge \u00e0 EPINAY SUR ORGE ASSISTANT RAPT (Constat service fait) ZAMMIT M\u00e9lisa \nDTPJJ 91 DTPJJ ESSONNE si\u00e8ge \u00e0 EPINAY SUR ORGE ASSISTANT RAPT (Constat service fait) NTSIKABAKA MAS SAMBA NAKAVOUA Estelle \nDTPJJ 91 EPE ESSONNE DRAVEIL UEHC DRAVEIL SECRETAIRE ( Constat service fait) BELAIR Malika \nDTPJJ 91 EPE ESSONNE DRAVEIL UEHC EPINAY SUR ORGE SECR ETAIRE (Constat service fait) KENGUEMBAT Genevie \nDTPJJ 91 SE-CJD SAINTE GENEVIEVE DES BOIS UESECJD SAI NTE GENEVIEVE DES BOIS SECRETAIRE (Constat service f ait) YANSOUNOU LINYON Joelle \nDTPJJ 91 SE-CJD SAINTE GENEVIEVE DES BOIS UESECJD SAI NTE GENEVIEVE DES BOIS SECRETAIRE (Constat service f ait) SAVELLI Priscilla \nDTPJJ 91 STEI ESSONNE SAVIGNY SUR ORGE UEAJ LES ULIS S ECRETAIRE (Constat service fait) VINCENT St\u00e9phanie \nDTPJJ 91 STEI ESSONNE SAVIGNY SUR ORGE UEAJ SAVIGNY S UR ORGE SECRETAIRE (Constat service fait) SMAIL CIAVAR ELLA Sabrina \nDTPJJ91 STEI ESSONNE SAVIGNY SUR ORGE UEAJ BURES SUR YVETTE SECRETAIRE (Constat service fait) LAFORET Priscilla \nDTPJJ 91 STEMO BRETIGNY SUR ORGE UEMO BRETIGNY SUR OR GE SECRETAIRE (Constat service fait) GUETTROT Estelle \nDTPJJ 91 STEMO BRETIGNY SUR ORGE UEMO JUVISY SUR ORGE SECRETAIRE (Constat service fait) LI FUT WAH Richard \nDTPJJ 91 STEMO BRETIGNY SUR ORGE UEMO PALAISEAU SECRET AIRE (Constat service fait) VADEE Cassandra \nDTPJJ 91 STEMO COURCOURONNES UEAT EVRY SECRETAIRE (Con stat service fait) MOHAMED DIAKANA-NGAI Tamhine \nDTPJJ 91 STEMO COURCOURONNES UEMO CORBEIL ESSONNE SECR ETAIRE (Constat service fait) BOUDON DESSAGNE Sylvie \nDTPJJ 91 STEMO COURCOURONNES UEMO COURCOURONNES SECRET AIRE (Constat service fait) ADDA REZIG Linda \nDTPJJ 92 DTPJJ HAUTS DE SEINE si\u00e8ge \u00e0 LA GARENNE COLOMBES ADJ. ADM. EN DT (constat service fait) LOUISON Esther\nDTPJJ 92 DTPJJ HAUTS DE SEINE si\u00e8ge \u00e0 LA GARENNE COLOMBES ASSISTANT RAPT (constat service fait) RIOS VERA Manue l\nDTPJJ 92 DTPJJ HAUTS DE SEINE si\u00e8ge \u00e0 LA GARENNE COLOMBES ASSISTANT RAPT (constat service fait) CALMON Corinne \nDTPJJ 92 EPEI ASNIERES SUR SEINE UEAJ LEVALLOIS PERRET SECRETA IRE (constat service fait) BORIES SCOTT Eric \nDTPJJ 92 EPEI ASNIERES SUR SEINE UEHC ASNIERES SUR SEINE SECRE TAIRE (constat service fait) KHORCHID Soraya \nDTPJJ 92 EPEI BAGNEUX UEAJ MALAKOFF SECRETAIRE (constat servic e fait) MICHEL DUCALCON Cathy \nDTPJJ 92 EPEI BAGNEUX UEHC BAGNEUX SECRETAIRE (constat service  fait) NEBAHAT Celik \nDTPJJ 92 STEMO BOURG LA REINE SUD HAUTS DE SEINE UEMO BOURG L A REINE SECRETAIRE (constat service fait) BOUDARENE NE GROUCHE Rosa \nDTPJJ 92 STEMO BOURG LA REINE SUD HAUTS DE SEINE UEMO MALAKOF F SECRETAIRE (constat service fait) POSTE VACANT \nDTPJJ 92 STEMO LA GARENNE COLOMBES NORD HAUTS DE SEINE UEMO L A GARENNE COLOMBES SECRETAIRE (constat service fait) KOUTTI Fatima \nDTPJJ 92 STEMO LA GARENNE COLOMBES NORD HAUTS DE SEINE UEMO VILLENEUVE LA GARENNE SECRETAIRE (constat service fai t) NASRI Sonia \nDTPJJ 92 STEMO NANTERRE CENTRE HAUTS DE SEINE UEAT NANTERRE SE CRETAIRE (constat service fait) MERAOUNA Nadia \nDTPJJ 92 STEMO NANTERRE CENTRE HAUTS DE SEINE UEMO NANTERRE SE CRETAIRE (constat service fait) DA COSTA BORDA Michel le \nDTPJJ 92 STEMO NANTERRE CENTRE HAUTS DE SEINE UEMO SURESNES SE CRETAIRE (constat service fait) SILVAIN Nathalie \nMinist\u00e8re de la Justice - IDF-2025-07-03-00005 - Arr\u00eat\u00e9 portant subd\u00e9l\u00e9gation de la signature du Directeur interr\u00e9gional de la\nprotection judiciaire de la jeunesse Ile-de-France et Outre-Mer 92\n \n10 \n \n \n \n \n \n \n \n \n \n \nDTPJJ 93 DTPJJ93 DTPJJ 93 SECRETAIRE (constat service fait) CHOLLET B\u00e9reng\u00e8re \nDTPJJ 93 CEF EPINAY SUR SEINE UECEF EPINAY SUR SEINE S ECRETAIRE (constat service fait) ZOUARH Samia \nDTPJJ 93 DTPJJ SEINE ST DENIS si\u00e8ge \u00e0 PANTIN ASSISTANT RAPT (constat service fait) CHERRAD Sonia \nDTPJJ 93 DTPJJ SEINE ST DENIS si\u00e8ge \u00e0 PANTIN ADJ. ADM. EN DT (constat service fait) DROUET Pascale \nDTPJJ 93 DTPJJ SEINE ST DENIS si\u00e8ge \u00e0 PANTIN SECRETAIRE (constat service fait) NAMILOS Manuella \nDTPJJ 93 DTPJJ SEINE ST DENIS si\u00e8ge \u00e0 PANTIN ADJ. ADM. EN DT (constat service fait) JEAN LOUIS Cecilia \nDTPJJ 93 DTPJJ SEINE ST DENIS si\u00e8ge \u00e0 PANTIN ADJ. ADM. EN DT (constat service fait) BEN FREDJ Zied \nDTPJJ 93 EPE PANTIN UEHC PANTIN SECRETAIRE (constat se rvice fait) GOVINDIN Patricia \nDTPJJ 93 EPE PANTIN UEHD PANTIN SECRETAIRE (constat se rvice fait) CHAJID TRINQUIER Djamila \nDTPJJ 93 EPE SEINE SAINT DENIS UEHC ROSNY SOUS BOIS SE CRETAIRE (constat service fait) Poste vacant \nDTPJJ 93 EPE SEINE SAINT DENIS UEHD AUBERVILLIERS SECR ETAIRE (constat service fait) MASSOL HERON Prisca \nDTPJJ 93 SEAT BOBIGNY UESEAT BOBIGNY SECRETAIRE (const at service fait) TEROSIET Jean Pierre \nDTPJJ 93 SEAT BOBIGNY UESEAT BOBIGNY SECRETAIRE (const at service fait) REGHDAL Sania \nDTPJJ 93 SEAT BOBIGNY UESEAT BOBIGNY SECRETAIRE (const at service fait) COQUET Serena \nDTPJJ 93 STEI VILLEMOMBLE UEAJ VILLEMOMBLE SECRETAIRE (constat service fait) CARRAUD DART Marie Christine \nDTPJJ 93 STEI VILLEMOMBLE STEI DE VILLEMOMBLE SECRETA IRE (constat service fait) CHAVATTE Bruno \nDTPJJ 93 STEI VILLEMOMBLE UEAJ PANTIN SECRETAIRE (con stat service fait) HENRY Marine \nDTPJJ 93 STEI VILLEMOMBLE UEAJ SAINT-DENIS SECRETAIRE (constat service fait) RICHOL Sira \nDTPJJ 93 STEMO DRANCY UEMO AULNAY SOUS BOIS SECRETAIRE  (constat service fait) CHAHID SELLOU Fouzia \nDTPJJ 93 STEMO DRANCY UEMO DRANCY SECRETAIRE (constat service fait) BERNA SULTAN Coralie \nDTPJJ 93 STEMO DRANCY UEQM VILLEPINTE SECRETAIRE (cons tat service fait) UGAR Gadem \nDTPJJ 93 STEMO DRANCY UEQM VILLEPINTE SECRETAIRE (cons tat service fait) SEBIANE Hakima \nDTPJJ 93 STEMO LE RAINCY UEMO LE RAINCY SECRETAIRE (co nstat service fait) LEMOINE In\u00e8s \nDTPJJ 93 STEMO LE RAINCY UEMO LE RAINCY SECRETAIRE (co nstat service fait) ANDRE-FLORENTIN Lorraine \nDTPJJ 93 STEMO LE RAINCY UEMO MONTREUIL SECRETAIRE (co nstat service fait) DURANTEAU Christine \nDTPJJ 93 STEMO LE RAINCY UEMO NOISY LE GRAND SECRETAIR E (constat service fait) SILVA Caroline \nDTPJJ 93 STEMO PANTIN UEMO AUBERVILLIERS SECRETAIRE (c onstat service fait) VIGILANT Aline \nDTPJJ 93 STEMO PANTIN UEMO PANTIN SECRETAIRE (constat service fait) CALO Marina \nDTPJJ 93 STEMO PIERREFITTE SUR SEINE UEMO PIERREFITTE SECRETAIRE (constat service fait) BEN AMOR Amma \nDTPJJ 93 STEMO PIERREFITTE SUR SEINE UEMO ST DENIS SEC RETAIRE (constat service fait) BRUMANT Nathalie \nDTPJJ 93 STEMO PIERREFITTE SUR SEINE UEMO SAINT OUEN S ECRETAIRE (constat service fait) LEBRETON Samantha \nDTPJJ 94 DTPJJ VAL DE MARNE si\u00e8ge \u00e0 CRETEIL ADJ. ADM. EN DT  (constat service fait) ZMIEFF Alexia \nDTPJJ 94 DTPJJ VAL DE MARNE si\u00e8ge \u00e0 CRETEIL ADJ. ADM. EN DT (constat service fait) VILMEN LAVENET TE Jocelyne \nDTPJJ 94 DTPJJ VAL DE MARNE si\u00e8ge \u00e0 CRETEIL ASSISTANT RAPT (constat service fait) POULOLO Clarisse \nDTPJJ 94 DTPJJ VAL DE MARNE si\u00e8ge \u00e0 CRETEIL ASSISTANT RAPT (constat service fait) HAUDIQUET Valerie \nDTPJJ 94 EPE ARCUEIL UEHC ARCUEIL SECRETAIRE (constat service fait) VIGLA Paul\nDTPJJ 94 EPE ARCUEIL UEHD CRETEIL SECRETAIRE (constat service fait) SAINT ANDRE Angeline \nDTPJJ 94 EPE VAL DE MARNE si\u00e8ge \u00e0 Nogent sur Marne UE HC NOGENT SUR MARNE SECRETAIRE (constat service fait ) FRIGERE Liliane \nDTPJJ 94 EPE VAL DE MARNE si\u00e8ge \u00e0 Nogent sur Marne UE HC VILLIERS SUR MARNE SECRETAIRE (constat service fa it) HARTOUN Fatiha \nDTPJJ 94 STEI CRETEIL UEAJ RESTAURANT D'APPLICATION C RETEIL SECRETAIRE (constat service fait) RICHARD Carolyne \nDTPJJ 94 UEAJ RESTAURANT D'APPLICATION CRETEIL SECRETAIRE (co nstat service fait) MARGUERITE Lea \nDTPJJ 94 STEI CRETEIL UEAJ LE PERREUX SUR MARNE SECRET AIRE (constat service fait) JAMES Nathalie \nDTPJJ 94 STEI CRETEIL SECRETAIRE (constat service fait) BEUST HOUCHOT Carine\nDTPJJ 94 STEMO CENTRE VAL DE MARNE si\u00e8ge \u00e0 CRETEIL UE MO CRETEIL SECRETAIRE (constat service fait) KHANJY Liela \nDTPJJ 94 STEMO CENTRE VAL DE MARNE si\u00e8ge \u00e0 CRETEIL UE MO VILLENEUVE ST GEORGES SECRETAIRE (constat service  fait) PALAZOT Lucie \nDTPJJ 94 STEMO EST VAL DE MARNE si\u00e8ge \u00e0 NOGENT SUR MARNE UEAT CRETEIL SECRETAIRE (constat service fait) BOULER HCHA RENAUDEAU Nassera \nDTPJJ 94 STEMO EST VAL DE MARNE si\u00e8ge \u00e0 NOGENT SUR MARNE UEMO NOGENT SUR MARNE SECRETAIRE (constat service fa it) YATERA Fatoumata \nDTPJJ 94 STEMO OUEST VAL DE MARNE si\u00e8ge \u00e0 VITRY SUR SEINE UEMO ARCUEIL SECRETAIRE (constat service fait) K ANOR Frederique \nDTPJJ 94 STEMO OUEST VAL DE MARNE si\u00e8ge \u00e0 VITRY SUR SEINE UEMO VITRY SUR SEINE SECRETAIRE (constat servic e fait) POULIN Steffy \nDTPJJ 95 DTPJJ VAL D'OISE si\u00e8ge \u00e0 CERGY PONTOISE DTPJ J 95 ADJ. ADM. EN DT (constat service fait) GUERIN Fr\u00e9d\u00e9ric \nDTPJJ 95 DTPJJ VAL D'OISE si\u00e8ge \u00e0 CERGY PONTOISE DTPJ J 95 ASSISTANT RAPT (constat service fait) POSTE VACA NT \nDTPJJ 95 DTPJJ VAL D'OISE si\u00e8ge \u00e0 CERGY PONTOISE DTPJ J 95 ASSISTANT RAPT (constat service fait) IL YAM Issouf \nDTPJJ 95 CEF ST BRICE SOUS FORET UECEF ST BRICE SOUS FORET SA (constat service fait) LAPORAL Marie France \nDTPJJ 95 EPEI PONTOISE UEAJ COURDIMANCHE ADJ-A (consta t service fait) TINOT Myriane \nDTPJJ 95 EPEI PONTOISE UEHC PONTOISE SECRETAIRE (const at service fait) BOURAS GLET Souad \nDTPJJ 95 EPEI VILLIERS LE BEL UEAJ VILLIERS LE BEL SEC RETAIRE (constat service fait) SEYMOUR ZELINE Sophie \nDTPJJ 95 EPEI VILLIERS LE BEL UEHC VILLIERS LE BEL SEC RETAIRE (constat service fait) OUAISS Soufia \nDTPJJ 95 STEMO COURDIMANCHE OUEST VAL D'OISE UEAT PON TOISE SECRETAIRE (constat service fait) SELLIER DURAND Liliane \nDTPJJ 95 STEMO COURDIMANCHE OUEST VAL D'OISE UEMO ARG ENTEUIL SECRETAIRE (constat service fait) HAMOUR Sihem \nDTPJJ 95 STEMO COURDIMANCHE OUEST VAL D'OISE UEMO COU RDIMANCHE SECRETAIRE (constat service fait) PAUMIER Belinda \nDTPJJ 95 STEMO SARCELLES EST VAL D'OISE UEMO ARNOUVIL LE SECRETAIRE (constat service fait) \nDTPJJ 95 STEMO SARCELLES EST VAL D'OISE UEMO SARCELLE S SECRETAIRE (constat service fait) RODRIGUES CARVALH O CARRICO Maria Amelia \nDIRPJJ DEPAFI GESTIONNAIRE BUD ET FINANCIER (constat service fait) GONZALEZ CARAGLIANO ESPERANCE \nDIRPJJ DEPAFI AA BUD ET FINANCIER (constat service fait) NTCHORERE SABRINA \nDIRPJJ DEPAFI AA BUD ET FINANCIER SAH (constat service fait) GENOUD FABIEN \nDIRPJJ DEPAFI AA BUD ET FINANCIER SAH (constat service fait) MARIE -SAINTE Sylvie \nDIRPJJ DEPAFI AA BUD ET FINANCIER SAH (constat service fait) MBOUN GOU MVEMBE Emma-Louise \nDIRPJJ DEPAFI AA BUD ET FINANCIER (constat service fait) MILLET Timoth\u00e9e \nDIRPJJ DEPAFI AA BUD ET FINANCIER (constat service fait) PLACIDE Marie Paule \nDIRPJJ DEPAFI APPRENTI ARSLAN Christian \nDIRPJJ DEPAFI CIR VAUTIER Christophe \nDIRPJJ DEPAFI CIR LALCON Marc \nDIRPJJ DEPAFI GESTIONNAIRE TRAVAUX (constat service fait) POSTE VA CANT \nDIRPJJ DEPAFI CHARGE D'OI/ENERGY MANAGER (constat ser vice fait) NOBLET Fabrice \nDIRPJJ DEPAFI GESTIONNAIRE REFERENTIEL IMMOBILIER (co nstat service fait) EL HAMAMMI Abla \nDIRPJJ DRH SECRETAIRE (constat service fait) LAMBERT CORINNE \nDIRPJJ DME ADJ. ADM. EN DIR (constat service fait) BARONTINI LUDIVINE \nDIRPJJ DIRECTION ADJ. ADM. EN DIR (constat service fait) AHAMED Youmna \nDIRPJJ DIRECTION ADJ. ADM. EN DIR (constat service fait) ABED C\u00e9lia \nMinist\u00e8re de la Justice - IDF-2025-07-03-00005 - Arr\u00eat\u00e9 portant subd\u00e9l\u00e9gation de la signature du Directeur interr\u00e9gional de la\nprotection judiciaire de la jeunesse Ile-de-France et Outre-Mer 93\n \n11 \n \n \n \n \n \n \n \n \n \n \n \n \n \n \nMinist\u00e8re de la Justice - IDF-2025-07-03-00005 - Arr\u00eat\u00e9 portant subd\u00e9l\u00e9gation de la signature du Directeur interr\u00e9gional de la\nprotection judiciaire de la jeunesse Ile-de-France et Outre-Mer 94\nPr\u00e9fecture de la R\u00e9gion d'Ile de France,\nPr\u00e9fecture de Paris \nIDF-2025-07-03-00006\nArr\u00eat\u00e9 portant d\u00e9l\u00e9gation de signature aux\nagents de la pr\u00e9fecture de la r\u00e9gion\nd'Ile-de-France, pr\u00e9fecture de Paris\nPr\u00e9fecture de la R\u00e9gion d'Ile de France, Pr\u00e9fecture de Paris  - IDF-2025-07-03-00006 - Arr\u00eat\u00e9 portant d\u00e9l\u00e9gation de signature aux\nagents de la pr\u00e9fecture de la r\u00e9gion d'Ile-de-France, pr\u00e9fecture de Paris 95\nE =PR\u00c9FETDE LA R\u00c9GIOND'\u00ceLE-DE-FRANCELibert\u00e9Egalit\u00e9Frateruit\u00e9\n1 \n  \n \nSecr\u00e9tariat g\u00e9n\u00e9ral aux politiques publiques \nDirection des affaires juridiques \n \n \nArr\u00eat\u00e9 \n \nportant d\u00e9l\u00e9gation de signature aux agents de la pr\u00e9fecture de la r\u00e9gion d'Ile-de-France, pr\u00e9fecture de Paris \n \nLe pr\u00e9fet de la r\u00e9gion d'Ile-de-France, \nPr\u00e9fet de Paris, \nCommandeur de la L\u00e9gion d'honneur, \nOfficier de l'ordre national du M\u00e9rite \n \n \n \n \nVu la Constitution, notamment son article 72 ; \nVu le code g\u00e9n\u00e9ral des collectivit\u00e9s territoriales ; \nVu le code de l'environnement, notamment ses articles L. 131-3 et R. 131-16 ; \nVu le code des juridictions financi\u00e8res ; \nVu le code de justice administrative ; \nVu le code de la d\u00e9fense, notamment ses articles R.1311-1 et R.1311-30 \u00e0 R.1311-32 ; \nVu le code des relations entre le public et l'administration, notamment ses articles L330-1 et R330-2 et suivants ; \nVu la loi organique n\u00b02001-692 du 1er ao\u00fbt 2001 modifi\u00e9e relative aux lois de finances ; \nVu la loi organique n\u00b02011-333 du 29 mars 2011 modifi\u00e9e relative au D\u00e9fenseur des droits, notamment son article 37 ; \nVu la loi n\u00b0 72-619 du 5 juillet 1972 modifi\u00e9e portant cr\u00e9ation et organisation des r\u00e9gions ; \nVu la loi n\u00b078-17 du 6 janvier 1978 modifi\u00e9e relati ve \u00e0 l'informatique, aux fichiers et aux libert\u00e9s, notamment son \narticle 57 ; \nVu la loi n\u00b082-213 du 2 mars 1982 modifi\u00e9e relative aux droits et libert\u00e9s des communes, des d\u00e9parteme nts et des \nr\u00e9gions ; \nVu le d\u00e9cret n\u00b02004-374 du 29 avril 2004 modifi\u00e9 relatif aux pouvoirs des pr\u00e9fets, \u00e0 l'organisation et  \u00e0 l'action des \nservices de l'Etat dans les r\u00e9gions et d\u00e9partements ; \nVu le d\u00e9cret n\u00b02006-1780 du 23 d\u00e9cembre 2006 modifi \u00e9 portant d\u00e9l\u00e9gation de pouvoir en mati\u00e8re de recru tement et \nde gestion de certains personnels relevant du minist\u00e8re de l'int\u00e9rieur ; \nVu le d\u00e9cret n\u00b02009-587 du 25 mai 2009 modifi\u00e9 rela tif aux missions des secr\u00e9taires g\u00e9n\u00e9raux pour les affaires \nr\u00e9gionales ; \nVu le d\u00e9cret n\u00b0 2010-429 du 29 avril 2010 relatif \u00e0 l'organisation et aux missions des directions r\u00e9gi onales de \nl'alimentation, de l'agriculture et de la for\u00eat ; \nVu le d\u00e9cret n\u00b0 2010-633 du 8 juin 2010 relatif \u00e0 l'organisation et aux missions des directions r\u00e9gion ales des affaires \nculturelles ; \nVu le d\u00e9cret n\u00b02010-687 du 24 juin 2010 modifi\u00e9 relatif \u00e0 l'organisation et aux missions des services de l'Etat dans la \nr\u00e9gion et les d\u00e9partements d'Ile-de-France ; \nVu le d\u00e9cret n\u00b0 2012-509 du 18 avril 2012 modifi\u00e9 pris en application de l'article 59-1 du d\u00e9cret n\u00b0 2 004-374 du 29 \navril 2004 modifi\u00e9 relatif aux pouvoirs des pr\u00e9fets , \u00e0 l'organisation et \u00e0 l'action de l'Etat dans les  r\u00e9gions et \nd\u00e9partements ; \nVu le d\u00e9cret n\u00b02020-139 du 20 f\u00e9vrier 2020 modifiant certaines dispositions relatives \u00e0 la pr\u00e9fecture de la r\u00e9gion d'Ile-\nde-France, pr\u00e9fecture de Paris ; \nVu le d\u00e9cret n\u00b02020-1545 du 9 d\u00e9cembre 2020 relatif \u00e0 l'organisation et aux missions des directions r\u00e9 gionales de \nl'\u00e9conomie, de l'emploi, du travail et des solidari t\u00e9s, des directions d\u00e9partementales de l'emploi, du  travail et des \nsolidarit\u00e9s et des directions d\u00e9partementales de l' emploi, du travail, des solidarit\u00e9s et de la protec tion des \npopulations ; \nVu le d\u00e9cret n\u00b02020-1555 du 9 d\u00e9cembre 2020 relatif aux d\u00e9l\u00e9gations r\u00e9gionales acad\u00e9miques \u00e0 la recher che et \u00e0 \nl'innovation ; \nPr\u00e9fecture de la R\u00e9gion d'Ile de France, Pr\u00e9fecture de Paris  - IDF-2025-07-03-00006 - Arr\u00eat\u00e9 portant d\u00e9l\u00e9gation de signature aux\nagents de la pr\u00e9fecture de la r\u00e9gion d'Ile-de-France, pr\u00e9fecture de Paris 96\n2 \nVu l'arr\u00eat\u00e9 pr\u00e9fectoral n\u00b0IDF-2021-03-30-00003 du 3 0 mars 2021 portant organisation de la direction r\u00e9 gionale et \ninterd\u00e9partementale de l'\u00e9conomie, de l'emploi, du travail et des solidarit\u00e9s d'Ile-de-France ; \nVu l'arr\u00eat\u00e9 pr\u00e9fectoral n\u00b0 IDF-2025-04-16-00001 -  75-2025-04-16-00001 du 16 avril 2025 portant organi sation de la \npr\u00e9fecture de la r\u00e9gion d'Ile-de-France, pr\u00e9fecture de Paris ; \nVu le d\u00e9cret du 22 juillet 2020 portant nomination de Monsieur Marc GUILLAUME en qualit\u00e9 de pr\u00e9fet de la r\u00e9gion \nd'Ile-de-France, pr\u00e9fet de Paris ; \nVu le d\u00e9cret du 29 d\u00e9cembre 2023 portant nomination de Madame Marie-Ga\u00eblle BONFILS en qualit\u00e9 de direc trice des \naffaires juridiques \u00e0 la pr\u00e9fecture de la r\u00e9gion d'Ile-de-France, pr\u00e9fecture de Paris \u00e0 compter du 1er janvier 2024 ; \nVu le d\u00e9cret du 30 janvier 2024 portant nomination de Monsieur Marc ZARROUATI en qualit\u00e9 de directeur adjoint de \ncabinet du pr\u00e9fet de la r\u00e9gion Ile-de-France, pr\u00e9fet de Paris ;  \nVu le d\u00e9cret du 6 novembre 2024 portant nomination de la pr\u00e9f\u00e8te, secr\u00e9taire g\u00e9n\u00e9rale aux politiques p ubliques \u00e0 la \npr\u00e9fecture de la r\u00e9gion d'Ile-de-France - Mme GAUTIER-MELLERAY Marie ; \nVu le d\u00e9cret du 6 novembre 2024 portant nomination du pr\u00e9fet, secr\u00e9taire g\u00e9n\u00e9ral aux moyens mutualis\u00e9s  de la \npr\u00e9fecture de la r\u00e9gion d'Ile-de-France, pr\u00e9fecture de Paris - M. BRUNOT St\u00e9phane ; \nVu le d\u00e9cret du 8 janvier 2025 portant nomination d e Monsieur Baptiste ROLLAND, pr\u00e9fet, directeur de c abinet du \npr\u00e9fet de la r\u00e9gion Ile-de-France, pr\u00e9fet de Paris ; \nVu le d\u00e9cret du 6 f\u00e9vrier 2025 portant nomination d e la cheffe de cabinet du pr\u00e9fet de la r\u00e9gion d'Ile -de-France, pr\u00e9fet \nde Paris - Mme de WITASSE THEZY (Camille) ; \nVu l'arr\u00eat\u00e9 minist\u00e9riel du 20 ao\u00fbt 2019 portant nomination de Mme Corine PERCHERON, attach\u00e9e d'adminis tration \nhors classe, sur l'emploi fonctionnel de conseill\u00e8r e d'administration de l'int\u00e9rieur et de l'outre-mer  de cheffe du service \ndes collectivit\u00e9s locales et du contentieux \u00e0 la mi ssion des affaires juridiques de la pr\u00e9fecture de l a r\u00e9gion d'Ile-de-\nFrance, pr\u00e9fecture de Paris ; \nVu l'arr\u00eat\u00e9 minist\u00e9riel du 29 ao\u00fbt 2022 portant nomination de M. Christophe JEAN, administrateur de l' Etat hors \nclasse, en qualit\u00e9 d'adjoint \u00e0 la pr\u00e9f\u00e8te, secr\u00e9tai re g\u00e9n\u00e9rale aux moyens mutualis\u00e9s de la pr\u00e9fecture de la r\u00e9gion d'Ile-\nde-France, pr\u00e9fecture de Paris ; \nVu l'arr\u00eat\u00e9 minist\u00e9riel du 14 septembre 2023 portant nomination de Mme In\u00e8s R\u00c9VOLAT, directrice r\u00e9gion ale \nd\u00e9l\u00e9gu\u00e9e aux droits des femmes et \u00e0 l'\u00e9galit\u00e9 d'Ile-de-France, \u00e0 compter du 1er octobre 2023 ; \nVu l'arr\u00eat\u00e9 minist\u00e9riel du 30 janvier 2024 portant nomination de Mme H\u00e9l\u00e8ne CROZE, adjointe au pr\u00e9fet,  secr\u00e9taire \ng\u00e9n\u00e9ral aux politiques publiques de la pr\u00e9fecture d e la r\u00e9gion d'Ile-de-France, aupr\u00e8s du pr\u00e9fet de la  r\u00e9gion d'Ile-de-\nFrance, pr\u00e9fet de Paris, \u00e0 compter du 12 f\u00e9vrier 2024 ; \nVu l'arr\u00eat\u00e9 du 9 avril 2025 portant nomination d'une directrice r\u00e9gionale aux droits des femmes et \u00e0 l'\u00e9galit\u00e9 ; \nSur proposition de la pr\u00e9f\u00e8te, secr\u00e9taire g\u00e9n\u00e9rale aux politiques publiques, du pr\u00e9fet, secr\u00e9taire g\u00e9n \u00e9ral aux moyens \nmutualis\u00e9s, et du pr\u00e9fet, directeur de cabinet du pr\u00e9fet de la r\u00e9gion d'Ile-de-France, pr\u00e9fet de Paris ; \n \n \nARRETE \n \n \nTitre 1 \ner  D\u00e9l\u00e9gation de signature aux agents de la pr\u00e9fectur e de la r\u00e9gion d'Ile-de-France, pr\u00e9fecture de Paris , \nexer\u00e7ant les attributions relevant du pr\u00e9fet, direc teur de cabinet de la pr\u00e9fecture de la r\u00e9gion d'Ile -de-France, \npr\u00e9fecture de Paris \n \n \nArticle 1 \n : I- Sous r\u00e9serve des dispositions de l'article 7, au ti tre des attributions du pr\u00e9fet de Paris et du cabin et de la \npr\u00e9fecture de la r\u00e9gion d'Ile-de-France, pr\u00e9fecture  de Paris, et des services qui y sont rattach\u00e9s, d\u00e9 l\u00e9gation de \nsignature est donn\u00e9e \u00e0 M. Baptiste ROLLAND, pr\u00e9fet,  directeur de cabinet du pr\u00e9fet de la r\u00e9gion d'Ile- de-France, \npr\u00e9fet de Paris, \u00e0 l'effet de signer tous les actes , pi\u00e8ces, documents, rapports, conventions, certifi cats, \ncorrespondances et notes y aff\u00e9rents, y compris ceu x dont la signature est r\u00e9serv\u00e9e au pr\u00e9fet de Paris , aux termes \ndes arr\u00eat\u00e9s portant d\u00e9l\u00e9gation de signature au nom du pr\u00e9fet de Paris aux chefs des services d\u00e9concent r\u00e9s de l'\u00c9tat \net \u00e0 l'exclusion :  \n1\u00b0 de la pr\u00e9sentation au conseil de Paris, du rapport annuel des chefs des services de l'Etat dans le d\u00e9partement ; \n2\u00b0 des ordres de r\u00e9quisition du comptable public en mati\u00e8re de d\u00e9penses ; \n3\u00b0des d\u00e9cisions de passer outre \u00e0 l'avis d\u00e9favorabl e du contr\u00f4leur financier d\u00e9concentr\u00e9 en mati\u00e8re d' engagement de \nd\u00e9pense ; \n4\u00b0 des correspondances nominatives \u00e0 la maire de Paris et aux parlementaires. \n \nII- D\u00e9l\u00e9gation de signature est \u00e9galement donn\u00e9e \u00e0 M. B aptiste ROLLAND, pr\u00e9fet, directeur de cabinet du pr \u00e9fet de la \nr\u00e9gion d'Ile-de-France, pr\u00e9fet de Paris, en qualit\u00e9  de chef de projet d\u00e9partemental \"Mission intermini st\u00e9rielle de lutte \nPr\u00e9fecture de la R\u00e9gion d'Ile de France, Pr\u00e9fecture de Paris  - IDF-2025-07-03-00006 - Arr\u00eat\u00e9 portant d\u00e9l\u00e9gation de signature aux\nagents de la pr\u00e9fecture de la r\u00e9gion d'Ile-de-France, pr\u00e9fecture de Paris 97\n3 \ncontre les drogues et les conduites addictives\" (MI LDECA), de coordonnateur r\u00e9gional des chefs de proj ets \nd\u00e9partementaux MILDECA et de coordonnateur pour la politique de la ville \u00e0 Paris, ainsi qu'au titre du  fonds \ninterminist\u00e9riel de pr\u00e9vention de la d\u00e9linquance (F IPD) et au titre des cr\u00e9dits de politique de lutte contre le racisme, \nl'antis\u00e9mitisme et la haine anti-LGBT+ pour le d\u00e9pa rtement de Paris, \u00e0 l'effet de signer les correspon dances, notes et \narr\u00eat\u00e9s ainsi que : \n1\u00b0 les actes relatifs aux cr\u00e9dits d'intervention de la politique de la ville (programme 147), notammen t les actes \nattributifs de subvention (conventions pluriannuell es d'objectifs, conventions, arr\u00eat\u00e9s), ainsi que le s courriers de \nnotification de rejet et d'octroi de subvention ; \n2\u00b0 les actes relatifs aux actions de la mission interminist\u00e9rielle de lutte contre les drogues et les conduites addictives \n(programme 129), notamment les actes attributifs  d e subvention (conventions pluriannuelles d'objectif s, conventions, \narr\u00eat\u00e9s), ainsi que les courriers de notification de rejet et d'octroi de subvention ; \n3\u00b0 les actes relatifs aux cr\u00e9dits du Fonds intermin ist\u00e9riel de pr\u00e9vention de la d\u00e9linquance (FIPD \u2013 pr ogramme 216), \nnotamment les actes attributifs de subvention (conv entions pluriannuelles d'objectifs, conventions, ar r\u00eat\u00e9s), ainsi que \nles courriers de notification de rejet et d'octroi de subvention. \n4\u00b0 les actes relatifs aux missions de lutte contre le racisme, l'antis\u00e9mitisme et la haine anti-LGBT+ (programme \n\"Coordination du travail gouvernemental\" n\u00b0129), no tamment les actes attributifs de subvention et leur s avenants \n(conventions pluriannuelles d'objectifs, convention s, arr\u00eat\u00e9s), ainsi que les courriers de notificatio n d'irrecevabilit\u00e9 et \nde rejet de demande de subvention. \n \n \nArticle 2 : I- En cas d'absence ou d'emp\u00eachement de M. Baptiste RO LLAND, pr\u00e9fet, directeur de cabinet du pr\u00e9fet de \nla r\u00e9gion d'Ile-de-France, pr\u00e9fet de Paris, la d\u00e9l\u00e9 gation de signature pr\u00e9vue au I de l'article 1er es t donn\u00e9e \u00e0 M. Marc \nZARROUATI, sous-pr\u00e9fet, directeur adjoint de cabinet du pr\u00e9fet de la r\u00e9gion Ile-de-France, pr\u00e9fet de Paris.  \n \nII - En cas d'absence ou d'emp\u00eachement de  M. Baptiste ROLLAND, pr\u00e9fet, directeur de cabinet d u pr\u00e9fet de la r\u00e9gion \nd'Ile-de-France, pr\u00e9fet de Paris, et au titre des m issions mentionn\u00e9es au II de l'article 1er, d\u00e9l\u00e9gat ion de signature est \ndonn\u00e9e \u00e0 M. Marc ZARROUATI, sous-pr\u00e9fet, directeur adjoint de cabinet du pr\u00e9fet de la r\u00e9gion Ile-de-Fr ance, pr\u00e9fet \nde Paris, \u00e0 l'effet de signer les correspondances, notes et arr\u00eat\u00e9s ainsi que : \n \n1\u00b0 les actes de suivi de la programmation d'op\u00e9rati ons financi\u00e8res relatives aux cr\u00e9dits de la politiq ue de la ville : \n(programme 147) ; \n2\u00b0 au titre des cr\u00e9dits de la politique de la ville pour le d\u00e9partement de Paris, les actes attributif s de subvention d'un \nmontant inf\u00e9rieur \u00e0 300 000\u20ac hors taxe (HT) par acte et leurs avenants ; \n3\u00b0 au titre des cr\u00e9dits de la politique de la ville  pour le d\u00e9partement de Paris, les courriers d'irre cevabilit\u00e9 ou de rejet \nde demande de subvention ; \n4\u00b0 les actes de suivi de la programmation d'op\u00e9rations financi\u00e8res relatives aux actions de la mission  interminist\u00e9rielle \nde lutte contre les drogues et les conduites addict ives, Programme 129 : coordination du travail gouve rnemental \u2013 \nAction 15 \"mission interminist\u00e9rielle de lutte contre les drogues et les conduites addictives\" ; \n5\u00b0 au titre des actions de la mission interminist\u00e9r ielle de lutte contre les drogues et les conduites addictives, les actes \nattributifs de subvention d'un montant inf\u00e9rieur \u00e0 300 000\u20ac HT par acte, et leurs avenants ; \n6\u00b0 au titre des actions de la mission interminist\u00e9r ielle de lutte contre les drogues et les conduites addictives, les \ncourriers d'irrecevabilit\u00e9 ou de rejet de demande d e subvention d'un montant inf\u00e9rieur \u00e0 300 000\u20ac HT p ar acte, et \nleurs avenants ; \n7\u00b0 au titre du FIPD, les actes attributifs de subvention d'un montant inf\u00e9rieur \u00e0 300 000\u20ac HT par acte , et leurs \navenants ; \n8\u00b0 au titre du FIPD, les courriers d'irrecevabilit\u00e9 ou de rejet de demande de subvention d'un montant inf\u00e9rieur \u00e0  \n300 000\u20ac HT par acte, et leurs avenants ; \n9\u00b0 les actes de suivi de la programmation d'op\u00e9rations financi\u00e8res relatives aux cr\u00e9dits du programme \"Coordination \ndu travail gouvernemental\" (n\u00b0129) correspondant au x missions de lutte contre le racisme, l'antis\u00e9miti sme et la haine \nanti-LGBT+ ; \n10\u00b0 les actes relatifs aux cr\u00e9dits d'intervention de la politique de lutte contre le racisme, l'antis\u00e9 mitisme et la haine \nanti-LGBT+ (programme \"Coordination du travail gouv ernemental\" n\u00b0129), notamment les actes attributifs  de \nsubvention (conventions pluriannuelles d'objectifs,  conventions, arr\u00eat\u00e9s) et leurs avenants ainsi que les courriers de \nnotification d'irrecevabilit\u00e9 et de rejet de demande de subvention. \n \nIII- En cas d'absence ou d'emp\u00eachement de M. Baptiste R OLLAND et de M. Marc ZARROUATI, la d\u00e9l\u00e9gation de \nsignature pr\u00e9vue aux I et II du pr\u00e9sent article est  accord\u00e9e \u00e0 Mme Camille de WITASSE THEZY, sous-pr\u00e9f \u00e8te, cheffe \nde cabinet du pr\u00e9fet de la r\u00e9gion d'Ile-de-France, pr\u00e9fet de Paris. \n \n \nPr\u00e9fecture de la R\u00e9gion d'Ile de France, Pr\u00e9fecture de Paris  - IDF-2025-07-03-00006 - Arr\u00eat\u00e9 portant d\u00e9l\u00e9gation de signature aux\nagents de la pr\u00e9fecture de la r\u00e9gion d'Ile-de-France, pr\u00e9fecture de Paris 98\n4 \nArticle 3  :  I- En cas d'absence ou d'emp\u00eachement de M. Baptiste RO LLAND, de M. Marc ZARROUATI et de  \nMme Camille de WITASSE THEZY, d\u00e9l\u00e9gation de signatu re est donn\u00e9e \u00e0 Mme Tiphaine LECLERE, attach\u00e9e \nprincipale d'administration, cheffe du service de l a pr\u00e9vention et des urgences sociales, \u00e0 l'effet de  signer dans le \ncadre des attributions de ce service, sous r\u00e9serve des exclusions mentionn\u00e9es au I de l'article 1 er  : \n \n1\u00b0 les notes, courriers, d\u00e9cisions, correspondances  administratives courantes ainsi que les actes de g estion \ncourante ; \n2\u00b0 les bons de commande dont le montant n'exc\u00e8de pas 1 000 \u20ac HT au titre du programme \"Administration territoriale \nde l'Etat\" (n\u00b0 354) ; \n3\u00b0 les bons de commande dont le montant n'exc\u00e8de pas 15 000 \u20ac HT au titre du programme \"Immigration et  asile\"  \n(n\u00b0 303) ; \n4\u00b0 les certifications \"certifi\u00e9 exact et service fait\" au titre des 2\u00b0 et 3\u00b0, \n5\u00b0 les \u00e9tats pour servir au paiement au titre des 2\u00b0 et 3\u00b0 ; \n6\u00b0 les actes de suivi de la programmation d'op\u00e9rati ons financi\u00e8res relatives aux cr\u00e9dits du programme \"Coordination \ndu travail gouvernemental\" (n\u00b0129) correspondant au x missions de lutte contre le racisme, l'antis\u00e9miti sme et la haine \nanti-LGBT+ ;  \n7\u00b0 les actes attributifs de subvention d'un montant inf\u00e9rieur \u00e0 50 000\u20ac HT par acte et leurs avenants,  au titre des \ncr\u00e9dits de politique de lutte contre le racisme, l' antis\u00e9mitisme et la haine anti-LGBT+ pour le d\u00e9part ement de Paris \n(programme \"Coordination du travail gouvernemental\" n\u00b0129). \n \nII -En cas d'absence ou d'emp\u00eachement de M. Baptiste ROLLAND, de M. Marc ZARROUATI, de Mme Camille de \nWITASSE THEZY et de Mme Tiphaine LECLERE, la d\u00e9l\u00e9ga tion de signature  pr\u00e9vue au I est accord\u00e9e \u00e0 M. Jean-\nFran\u00e7ois ROUDE, attach\u00e9 principal d'administration, son adjoint. \n \nIII - En cas d'absence ou d'emp\u00eachement de M. Baptiste R OLLAND, de M. Marc ZARROUATI, de Mme Camille de \nWITASSE THEZY, de Mme Tiphaine LECLERE et de M. Jea n-Fran\u00e7ois ROUDE, d\u00e9l\u00e9gation de signature est donn\u00e9 e \n\u00e0 Mme Anne-Lise SCHMITT-MACCECHINI, attach\u00e9e d'admi nistration, cheffe du bureau des urgences sociales,  et \u00e0 \nM. Cl\u00e9ment CHEVALIER, adjoint \u00e0 la cheffe du bureau  des urgences sociales, \u00e0 l'effet de signer, dans l e cadre de \nleurs attributions respectives, et sous r\u00e9serve des exclusions mentionn\u00e9es au I du pr\u00e9sent article :  \n \n1\u00b0 les notes, courriers, d\u00e9cisions et correspondanc es administratives courantes ainsi que les actes de  gestion \ncourante ; \n2\u00b0 les bons de commande dont le montant n'exc\u00e8de pas 1 000 \u20ac au titre du programme \"Administration ter ritoriale de \nl'Etat\" (n\u00b0 354) ; \n3\u00b0 les bons de commande dont le montant n'exc\u00e8de pas 15 000 \u20ac HT au titre du programme \"Immigration et  asile\"  \n(n\u00b0 303) ; \n4\u00b0 les certifications \"certifi\u00e9 exact et service fait\" au titre des 2\u00b0 et 3\u00b0 ; \n5\u00b0 les \u00e9tats pour servir au paiement au titre des 2\u00b0 et 3\u00b0, relevant des attributions de ce bureau. \n \nIV - En cas d'absence ou d'emp\u00eachement de M. Baptiste R OLLAND, de M. Marc ZARROUATI, de Mme Camille de \nWITASSE THEZY, de Mme Tiphaine LECLERE et de M. Jea n-Fran\u00e7ois ROUDE, d\u00e9l\u00e9gation de signature est donn\u00e9 e \n\u00e0 Mme Marion BRIERE, attach\u00e9e d'administration, che ffe du bureau des affaires r\u00e9serv\u00e9es et \u00e0 M. Livier  MARC-\nMANSUY, attach\u00e9 d'administration, adjoint \u00e0 la chef fe du bureau des affaires r\u00e9serv\u00e9es, \u00e0 l'effet de s igner dans le \ncadre des attributions de ce bureau, sous r\u00e9serve des exclusions mentionn\u00e9es au I du pr\u00e9sent article  : \n \n1\u00b0 les notes, courriers, d\u00e9cisions et correspondanc es administratives courantes ainsi que les actes de  gestion \ncourante ; \n2\u00b0 les bons de commande dont le montant n'exc\u00e8de pas 1 000 \u20ac HT au titre du programme \"Administration territoriale \nde l'Etat\" (n\u00b0 354) ; \n3\u00b0 les certifications \"certifi\u00e9 exact et service fait\" ; \n4\u00b0 les \u00e9tats pour servir au paiement ; \n5\u00b0 les actes de suivi de la programmation d'op\u00e9rations financi\u00e8res relatives aux cr\u00e9dits du programme \"Coordination \ndu travail gouvernemental\" (n\u00b0129) correspondant au x missions de lutte contre le racisme, l'antis\u00e9miti sme et la haine \nanti-LGBT+ de ce service ;  \n6\u00b0 les actes attributifs de subvention d'un montant inf\u00e9rieur \u00e0 50 000\u20ac HT par acte et leurs avenants,  au titre des \ncr\u00e9dits de politique de lutte contre le racisme, l' antis\u00e9mitisme et la haine anti-LGBT+ pour le d\u00e9part ement de Paris \n(Programme 129). \n \nV- En cas d'absence ou d'emp\u00eachement de M. Baptiste R OLLAND, de M. Marc ZARROUATI, de Mme Camille de \nWITASSE THEZY, de Mme Tiphaine LECLERE, de M. Jean- Fran\u00e7ois ROUDE, de Mme Marion BRIERE et de  \nM. Livier MARC-MANSUY, la d\u00e9l\u00e9gation de signature p r\u00e9vue au IV est donn\u00e9e \u00e0 Mme Manon DEMANGE, attach\u00e9 e \nd'administration, cheffe de la section \"planification des risques\". \nPr\u00e9fecture de la R\u00e9gion d'Ile de France, Pr\u00e9fecture de Paris  - IDF-2025-07-03-00006 - Arr\u00eat\u00e9 portant d\u00e9l\u00e9gation de signature aux\nagents de la pr\u00e9fecture de la r\u00e9gion d'Ile-de-France, pr\u00e9fecture de Paris 99\n5 \n \n \nArticle 4 : I-  En cas d'absence ou d'emp\u00eachement de M. Baptiste R OLLAND, de M. Marc ZARROUATI et de  \nMme Camille de WITASSE THEZY, d\u00e9l\u00e9gation de signatu re est donn\u00e9e \u00e0 Mme Katia BOUDRAA, conseill\u00e8re \nd'administration du minist\u00e8re de l'int\u00e9rieur et de l'outre-mer, cheffe du service de la coordination d es affaires \nparisiennes, cheffe des services du cabinet, \u00e0 l'ef fet de signer les actes, correspondances et pi\u00e8ces relevant de ses \nattributions, y compris au titre de la coordination  pour la politique de la ville \u00e0 Paris, des convent ions adultes-relais \npour la ville de Paris et du fonds interminist\u00e9riel de pr\u00e9vention de la d\u00e9linquance (FIPD), \u00e0 l'exclusion : \n \n1\u00b0 des actes, pi\u00e8ces, documents, correspondances ad ministratives, notes, requ\u00eates, m\u00e9moires, circulair es et \ninstructions exclus par l'effet de l'article 1er ; \n2\u00b0 des courriers nominatifs adress\u00e9s aux minist\u00e8res et aux titulaires de mandats \u00e9lectifs ;  \n3\u00b0 de tous actes relatifs aux proc\u00e9dures contentieuses ; \n4\u00b0 des d\u00e9cisions n\u00e9gatives concernant les contrats liant l'Etat aux \u00e9tablissements d'enseignement priv\u00e9 ; \n5\u00b0 des arr\u00eat\u00e9s d'autorisation et des d\u00e9cisions de r efus d'autorisation d'ali\u00e9ner, d'acqu\u00e9rir et d'empr unter pour les \n\u00e9tablissements reconnus d'utilit\u00e9 publique, d'une valeur sup\u00e9rieure \u00e0 200 000 \u20ac HT ; \n6\u00b0 des arr\u00eat\u00e9s d'autorisation et des d\u00e9cisions de r efus d'autorisation d'ali\u00e9ner et d'acqu\u00e9rir pour le s congr\u00e9gations, \nd'une valeur sup\u00e9rieure \u00e0 200 000 \u20ac HT ; \n7\u00b0 au titre des cr\u00e9dits de la politique de la ville pour le d\u00e9partement de Paris (Programme 147), les actes attributifs de \nsubvention d'un montant \u00e9gal ou sup\u00e9rieur 50 000\u20ac HT par acte et leurs avenants ;    \n8\u00b0 au titre du FIPD, des actes attributifs de subve ntion d'un montant \u00e9gal ou sup\u00e9rieur \u00e0 50 000\u20ac HT p ar acte et leurs \navenants. \n \nII- En cas d'absence ou d'emp\u00eachement de M. Baptiste R OLLAND, de M. Marc ZARROUATI, de Mme Camille de \nWITASSE THEZY et de Mme Katia BOUDRAA, d\u00e9l\u00e9gation d e signature est donn\u00e9e \u00e0 M. Mohamed SOLTANI, \nattach\u00e9 d'administration hors classe, chef du bureau des \u00e9lections, du m\u00e9c\u00e9nat et de la r\u00e9glementation \u00e9conomique, \u00e0 \nl'effet de signer les actes, correspondances et pi\u00e8 ces relevant des attributions de son bureau, ainsi que toute \nop\u00e9ration budg\u00e9taire relevant de l'application info rmatique financi\u00e8re de l'Etat-CHORUS pour le progra mme 232 \"vie \npolitique\", \u00e0 l'exclusion : \n \n1\u00b0 des actes, pi\u00e8ces, documents, correspondances administratives, notes, requ\u00eates, m\u00e9moires, circulair es et \ninstructions exclus par l'effet des articles 1\ner , 2 et du I ci-dessus ; \n2\u00b0 des courriers nominatifs adress\u00e9s aux minist\u00e8res et aux titulaires de mandats \u00e9lectifs ;  \n3\u00b0 de tous actes relatifs aux proc\u00e9dures contentieuses ; \n4\u00b0 des d\u00e9cisions n\u00e9gatives concernant les contrats liant l'Etat aux \u00e9tablissements d'enseignement priv\u00e9 ; \n5\u00b0 des arr\u00eat\u00e9s d'autorisation et des d\u00e9cisions de r efus d'autorisation d'ali\u00e9ner, d'acqu\u00e9rir et d'empr unter pour les \n\u00e9tablissements reconnus d'utilit\u00e9 publique, d'une valeur sup\u00e9rieure \u00e0 200 000 \u20ac HT ; \n6\u00b0 des arr\u00eat\u00e9s d'autorisation et des d\u00e9cisions de r efus d'autorisation d'ali\u00e9ner et d'acqu\u00e9rir pour le s congr\u00e9gations, \nd'une valeur sup\u00e9rieure \u00e0 200 000 \u20ac HT ; \n7\u00b0 toute op\u00e9ration budg\u00e9taire relevant de l'application informatique financi\u00e8re de l'Etat-CHORUS pour le programme \n232 \"vie politique\". \n \nIII- En cas d'absence ou d'emp\u00eachement de M. Baptiste R OLLAND, de M. Marc ZARROUATI, de Mme Camille de \nWITASSE THEZY, de Mme Katia BOUDRAA et de M. Mohame d SOLTANI, d\u00e9l\u00e9gation de signature est donn\u00e9e \u00e0  \nM. Tarek BOULANOUAR,attach\u00e9 d'administration, et \u00e0 M. David BOISAUBERT, attach\u00e9 principal d'administra tion, \nadjoints au chef du bureau des \u00e9lections, du m\u00e9c\u00e9na t et de la r\u00e9glementation \u00e9conomique, \u00e0 l'effet de signer les \nactes, correspondances et pi\u00e8ces relevant des attri butions de ce bureau, sous r\u00e9serve des exclusions p r\u00e9vues au II \ndu pr\u00e9sent article. \n \nIV- En cas d'absence ou d'emp\u00eachement de M. Baptiste RO LLAND, de M. Marc ZARROUATI, de Mme Camille de \nWITASSE THEZY, de Mme Katia BOUDRAA, de M. Mohamed SOLTANI et de M. Tarek BOULANOUAR, d\u00e9l\u00e9gation \nde signature est donn\u00e9e \u00e0 Mme Christine BLE, secr\u00e9t aire administratif de classe exceptionnelle, respon sable du \nsecteur \u00e9lections et affaires g\u00e9n\u00e9rales \u00e0 la sectio n \"\u00e9lections, r\u00e9glementation \u00e9conomique et affaires  g\u00e9n\u00e9rales\" du \nbureau des \u00e9lections, du m\u00e9c\u00e9nat et de la r\u00e9glement ation \u00e9conomique, \u00e0 l'effet de signer, dans le cadr e de ses \nattributions, les correspondances et pi\u00e8ces relevan t des attributions du secteur \u00e9lections et affaires  g\u00e9n\u00e9rales ci-apr\u00e8s \n\u00e9num\u00e9r\u00e9es et, sous r\u00e9serve des exclusions pr\u00e9vues au I du pr\u00e9sent article : \n \n1\u00b0 Les d\u00e9clarations d'option dans le cadre du droit  d'option des bi-nationaux (franco-alg\u00e9riens, franc o-isra\u00e9liens et \nfranco-suisses) pour remplir leurs obligations militaires en France, \n2\u00b0 Les courriers de d\u00e9rogation \u00e0 la condition de na tionalit\u00e9 fran\u00e7aise autorisant une personne qui ne remplit pas la \ncondition de nationalit\u00e9 pr\u00e9vue au 2\u00b0 du I de l'art icle L. 914-3 \u00e0 ouvrir ou diriger un \u00e9tablissement d'enseignement \nscolaire priv\u00e9 ou \u00e0 y \u00eatre charg\u00e9e d'une fonction d'enseignement. \nPr\u00e9fecture de la R\u00e9gion d'Ile de France, Pr\u00e9fecture de Paris  - IDF-2025-07-03-00006 - Arr\u00eat\u00e9 portant d\u00e9l\u00e9gation de signature aux\nagents de la pr\u00e9fecture de la r\u00e9gion d'Ile-de-France, pr\u00e9fecture de Paris 100\n6 \n \nV- En cas d'absence ou d'emp\u00eachement de M. Baptiste R OLLAND, de M. Marc ZARROUATI, de Mme Camille de \nWITASSE THEZY, de Mme Katia BOUDRAA, de M. Mohamed SOLTANI et de M. Tarek BOULANOUAR, d\u00e9l\u00e9gation \nde signature est donn\u00e9e \u00e0 Mme Marie-Clotilde MARIOT , secr\u00e9taire administrative de classe sup\u00e9rieure, r esponsable \ndu secteur r\u00e9glementation \u00e9conomique, et \u00e0 Mme Chri stine GUINOT, secr\u00e9taire administrative de classe s up\u00e9rieure, \ncharg\u00e9e de l'application de la r\u00e9glementation \u00e9cono mique, \u00e0 la section \"\u00e9lections, r\u00e9glementation \u00e9con omique et \naffaires g\u00e9n\u00e9rales\", \u00e0 l'effet de signer les corres pondances et pi\u00e8ces relevant de leurs attributions ci-apr\u00e8s \u00e9num\u00e9r\u00e9es \net, sous r\u00e9serve des exclusions pr\u00e9vues au II du pr\u00e9sent article : \n \n1\u00b0 Les courriers de saisine des organisations syndicales et patronales dans le cadre des demandes de d \u00e9rogation au \nrepos dominical, \n2\u00b0 Les courriers accompagnant le transfert de dossiers de demande de cartes de guides-conf\u00e9renciers ou  de ma\u00eetres \nrestaurateurs vers la pr\u00e9fecture territorialement comp\u00e9tente pour leur instruction, \n3\u00b0 Les r\u00e9c\u00e9piss\u00e9s de d\u00e9claration de la tenue d'un salon ou d'une foire \u00e0 Paris. \n \nVI- En cas d'absence ou d'emp\u00eachement de M. Baptiste R OLLAND, de M. Marc ZARROUATI, Mme Camille de \nWITASSE THEZY, de Mme Katia BOUDRAA, de M. Mohamed SOLTANI et de M. David BOISAUBERT, d\u00e9l\u00e9gation \nde signature est donn\u00e9e aux agents de la section du  m\u00e9c\u00e9nat et des affaires d'int\u00e9r\u00eat g\u00e9n\u00e9ral du burea u des \n\u00e9lections, du m\u00e9c\u00e9nat et de la r\u00e9glementation \u00e9conomique figurant ci-apr\u00e8s : \na- Mme Josiane MESSANT, adjointe administrative pri ncipale de 1\u00e8re classe, charg\u00e9e de la r\u00e9glementatio n des fonds \nde dotation, \nb- Mme Anne Marie DORDE, secr\u00e9taire administrative de classe normale, charg\u00e9e de la r\u00e9glementation des  \nfondations d'entreprise, \nc-Mme \nLor\u00e8ne DURY, agente contractuelle, charg\u00e9e de la r\u00e9glement ation des fonds de dotation et fondations \nd'entreprise, \nd- M. Florian SELLAHANNADI, agent contractuel, charg\u00e9 de la r\u00e9glementation des fonds de dotation et fo ndations \nd'entreprise, \ne-Mme C\u00e9cile d'ESTEVE, agente contractuelle, charg\u00e9e de la r\u00e8glementation des fonds de dotation et fon dations \nd'entreprise, \n\u00e0 l'effet de signer les correspondances et pi\u00e8ces relevant de leurs attributions ci-dessous \u00e9num\u00e9r\u00e9es,  sous r\u00e9serve \ndes exclusions pr\u00e9vues au II du pr\u00e9sent article : \n \n1\u00b0 les courriers d'accus\u00e9 r\u00e9ception de dissolution volontaire des fonds de dotation ; \n2\u00b0 les courriers sollicitant la communication des c omptes, leur publication et l'ensemble des \u00e9l\u00e9ments  du rapport \nd'activit\u00e9 pour les fondations d'entreprise et les fonds de dotation ; \n3\u00b0 les courriers accusant r\u00e9ception du d\u00e9p\u00f4t complet des comptes et des rapports d'activit\u00e9 pour ces fondations et ces \nfonds ;  \n4\u00b0 les courriers accusant r\u00e9ception de la d\u00e9claration de changement dans le conseil d'administration o u le r\u00e9c\u00e9piss\u00e9 \nde changement dans le conseil d'administration de ces fondations et de se ces fonds ; \n5\u00b0 les bordereaux et les lettres accompagnant la no tification des transferts de ces fondations et de c es fonds \u00e0 une \nautre pr\u00e9fecture. \n \nVII- En cas d'absence ou d'emp\u00eachement de M. Baptiste RO LLAND, de M. Marc ZARROUATI, de Mme Camille de \nWITASSE THEZY, de Mme Katia BOUDRAA, de M. Mohamed SOLTANI et de M. David BOISAUBERT, d\u00e9l\u00e9gation \nde signature est donn\u00e9e \u00e0 M. Ennour HERBI, secr\u00e9tai re administratif de classe normale, \u00e0 Mme Patricia NOURY, \u00e0 \nMme Ginette GAUBERT et \u00e0 Mme Rebecca KWALU AMOKYE, adjointes administratives principales de 1\u00e8re class e, \ncharg\u00e9s de la r\u00e9glementation des associations et fo ndations reconnues d'utilit\u00e9 publique, \u00e0 l'effet de  signer les \ncorrespondances et pi\u00e8ces relevant de leurs attribu tions ci-apr\u00e8s \u00e9num\u00e9r\u00e9es et sous r\u00e9serve des exclus ions pr\u00e9vues \nau II du pr\u00e9sent article : \n1\u00b0 les courriers sollicitant la communication des comptes, leur publication et l'ensemble des \u00e9l\u00e9ments  du rapport \nd'activit\u00e9 pour les fondations reconnues d'utilit\u00e9 publique et les associations reconnues d'utilit\u00e9 publique ; \n2\u00b0 les courriers accusant r\u00e9ception du d\u00e9p\u00f4t comple t des comptes et des rapports d'activit\u00e9 pour ces f ondations et \nassociations ; \n3\u00b0 les courriers accusant r\u00e9ception de la d\u00e9claration de changement dans le conseil d'administration o u le r\u00e9c\u00e9piss\u00e9 \nde changement dans le conseil d'administration de ces fondations et associations ; \n4\u00b0 les bordereaux et les lettres accompagnant la no tification des transferts de ces fondations et asso ciations \u00e0 une \nautre pr\u00e9fecture ; \n5\u00b0 les courriers accompagnant la notification des arr\u00eat\u00e9s minist\u00e9riels de reconnaissance d'utilit\u00e9 pub lique pour ces \nfondations et associations. \nPr\u00e9fecture de la R\u00e9gion d'Ile de France, Pr\u00e9fecture de Paris  - IDF-2025-07-03-00006 - Arr\u00eat\u00e9 portant d\u00e9l\u00e9gation de signature aux\nagents de la pr\u00e9fecture de la r\u00e9gion d'Ile-de-France, pr\u00e9fecture de Paris 101\n7 \n \nVIII - En cas d'absence ou d'emp\u00eachement de M. Baptiste ROLLAND, de M. Marc ZARROUATI, de Mme Camille de \nWITASSE THEZY, de Mme Katia BOUDRAA, de M. Mohamed SOLTANI et de M. David BOISAUBERT, d\u00e9l\u00e9gation \nde signature est donn\u00e9e \u00e0 M. Ufuk DALKAYA, secr\u00e9tai re administratif de classe normale, charg\u00e9 de la r\u00e8 glementation \ndes organismes cultuels \u00e0 l'effet de signer, dans l e cadre de ses attributions, les correspondances et  pi\u00e8ces ci-apr\u00e8s \n\u00e9num\u00e9r\u00e9es et, sous r\u00e9serve des exclusions pr\u00e9vues au I du pr\u00e9sent article : : \n1\u00b0 les courriers accusant r\u00e9ception des d\u00e9clarations de lib\u00e9ralit\u00e9s pr\u00e9vues aux articles 1 \u00e0 5 du d\u00e9cret  n\u00b0 2007-807 du \n11 mai 2007 relatif aux associations, fondations, c ongr\u00e9gations et \u00e9tablissements publics du culte et portant \napplication de l'article 910 du code civil ; \n2\u00b0 Les courriers d'accus\u00e9 r\u00e9ception de compl\u00e9tude ou d'incompl\u00e9tude des demandes de vente de la part d es \ncongr\u00e9gations religieuses et des demandes de d\u00e9claration de la qualit\u00e9 cultuelle des associations, \n3\u00b0 Les courriers de saisine de la Direction de l'Im mobilier de l'\u00c9tat afin d'obtenir une \u00e9valuation du  prix d'un bien \nimmobilier acquis ou vendu par une congr\u00e9gation, \n4\u00b0 Les d\u00e9cisions de non opposition \u00e0 l'acceptation d'un legs ou d'une donation (DNO) ; \n5\u00b0 Les courriers d'accus\u00e9 r\u00e9ception d'appels public \u00e0 la g\u00e9n\u00e9rosit\u00e9 (AGP). \n \nIX- En cas d'absence ou d'emp\u00eachement de M. Baptiste R OLLAND, de M. Marc ZARROUATI, de Mme Camille de \nWITASSE THEZY et de Mme Katia BOUDRAA, d\u00e9l\u00e9gation d e signature est donn\u00e9e \u00e0 Mme Lucie CHARBONNEAU, \nattach\u00e9e principale d'administration, cheffe du bureau de la politique de la ville, \u00e0 l'effet de signer :  \n \n1\u00b0 tous actes, documents, d\u00e9cisions, correspondance s administratives et notes de service relevant  des  attributions \nde ce bureau, y compris au titre de la politique de  la ville, ainsi qu'au titre du fonds interminist\u00e9r iel de pr\u00e9vention de la \nd\u00e9linquance (FIPD) ;  \n2\u00b0 les actes de suivi de la programmation d'op\u00e9rations financi\u00e8res relatives aux cr\u00e9dits de la politiq ue de la ville \n(programme 147) ;   \n3\u00b0 au titre des cr\u00e9dits de la politique de la ville  pour le d\u00e9partement de Paris (Programme 147), les  actes attributifs de \nsubvention d'un montant inf\u00e9rieur \u00e0 50 000\u20ac HT par acte et leurs avenants ;  \n4\u00b0 les conventions adultes-relais au titre de la ville de Paris ; \n5\u00b0 les actes de suivi de la programmation d'op\u00e9rations financi\u00e8res relatives au fonds d'intervention de la pr\u00e9vention de \nla d\u00e9linquance (FIPD) ;   \n6\u00b0 au titre du FIPD, les actes attributifs de subvention d'un montant inf\u00e9rieur \u00e0 50 000\u20ac HT par acte, et leurs avenants.  \nLes actes figurant aux 1\u00b0 \u00e0 6\u00b0 du pr\u00e9sent IX s'entendent \u00e0 l'exclusion :  \na) des actes, pi\u00e8ces, documents, correspondances ad ministratives, notes, requ\u00eates, m\u00e9moires, circulair es et \ninstructions exclus par l'effet du I du pr\u00e9sent article  ; \nb) au titre des cr\u00e9dits de la politique de la ville  pour le d\u00e9partement de Paris (Programme 147), des courriers \nd'irrecevabilit\u00e9 ou de rejet de demande de subvention ; \nc) au titre du FIPD, des courriers d'irrecevabilit\u00e9 ou de rejet de demande de subvention. \n \nX- En cas d'absence ou d'emp\u00eachement de M. Baptiste R OLLAND, de M. Marc ZARROUATI, de Mme Camille de \nWITASSE THEZY, de Mme Katia BOUDRAA et de Mme Lucie  CHARBONNEAU, la d\u00e9l\u00e9gation de signature pr\u00e9vue \nau IX ci-dessus est accord\u00e9e \u00e0 Mme Le\u00efla LE BOUCHER  BOUACHE, agente contractuelle, adjointe \u00e0 la cheff e du \nbureau de la politique de la ville. \n \nXI-  En cas d'absence ou d'emp\u00eachement de M. Baptiste ROLLAND, de M. Marc ZARROUATI, de Mme Camille de \nWITASSE THEZY, de Mme Katia BOUDRAA, de Mme Lucie C HARBONNEAU et de Mme Le\u00efla LE BOUCHER \nBOUACHE, d\u00e9l\u00e9gation de signature est donn\u00e9e, dans l e cadre de leurs attributions respectives, \u00e0 Mme La ura \nGESLIN, attach\u00e9e d'administration, responsable de l a cellule finances, \u00e0 M. Val\u00e9ry OBLICOQ, secr\u00e9taire  administratif \nde classe exceptionnelle, adjoint \u00e0 la responsable de la cellule finances,  \u00e0 Mme Nathalie MOINE, adjo inte \nadministrative principale de 2\u00e8me classe, et \u00e0 M El vis ZOULA NKORO, agent contractuel, charg\u00e9s de la g estion \nfinanci\u00e8re des cr\u00e9dits politique de la ville, \u00e0 l'e ffet de signer les actes et documents n\u00e9cessaires p our toutes fonctions \net op\u00e9rations budg\u00e9taires relevant de l'application  informatique financi\u00e8re de l'Etat-CHORUS dans les limites fix\u00e9es \nau IX.  \n \nXII-  En cas d'absence ou d'emp\u00eachement de M. Baptiste ROLLAND, de M. Marc ZARROUATI, de Mme Camille de \nWITASSE THEZY et de Mme Katia BOUDRAA, d\u00e9l\u00e9gation d e signature est donn\u00e9e \u00e0 M. Romain SIAUD, attach\u00e9 \nd'administration, chef du bureau de la coordination  d\u00e9partementale interminist\u00e9rielle du service de la  coordination et \ndes affaires parisiennes, \u00e0 l'effet de signer tous actes, documents, d\u00e9cisions, correspondances admini stratives et \nnotes de service relevant de la comp\u00e9tence et des a ttributions de ce bureau, sous r\u00e9serve des exclusio ns \nmentionn\u00e9es au I du pr\u00e9sent article. \n \nPr\u00e9fecture de la R\u00e9gion d'Ile de France, Pr\u00e9fecture de Paris  - IDF-2025-07-03-00006 - Arr\u00eat\u00e9 portant d\u00e9l\u00e9gation de signature aux\nagents de la pr\u00e9fecture de la r\u00e9gion d'Ile-de-France, pr\u00e9fecture de Paris 102\n8 \nXIII - En cas d'absence ou d'emp\u00eachement de M. Baptiste ROLLAND, de M. Marc ZARROUATI, de Mme Camille de \nWITASSE THEZY, de Mme Katia BOUDRAA et de M. Romain  SIAUD, la d\u00e9l\u00e9gation de signature pr\u00e9vue au XII es t \naccord\u00e9e \u00e0 M. Pierre NEBOUT, attach\u00e9 d'administrati on, adjoint au chef du bureau de la coordination d\u00e9 partementale \ninterminist\u00e9rielle du service de la coordination et des affaires parisiennes. \n \nXIV-\n En cas d'absence ou d'emp\u00eachement de M. Baptiste RO LLAND, de M. Marc ZARROUATI, de Mme Camille de \nWITASSE THEZY, de Mme Katia BOUDRAA, de M. Romain S IAUD et de M. Pierre NEBOUT, la d\u00e9l\u00e9gation de \nsignature pr\u00e9vue au XIII est accord\u00e9e, au titre de ses attributions, \u00e0 Mme Aurore POPPI, attach\u00e9e d'ad ministration, \ncharg\u00e9e des dossiers du cabinet au sein du bureau d e la coordination d\u00e9partementale interminist\u00e9rielle  du service de \nla coordination et des affaires parisiennes. \n \nXV- En cas d'absence ou d'emp\u00eachement de M. Baptiste R OLLAND, de M. Marc ZARROUATI, de Mme Camille de \nWITASSE THEZY et de Mme Katia BOUDRAA, d\u00e9l\u00e9gation d e signature est donn\u00e9e, dans le cadre de ses attrib utions, \n\u00e0 Mme Lise VIGNOLLES, agente contractuelle, responsable de la mission de pr\u00e9vention et de lutte contre les drogues \net conduites addictives, \u00e0 l'effet de signer, dans l'application informatique financi\u00e8re de l'Etat-CHO RUS, les actes, \npi\u00e8ces et documents de gestion financi\u00e8re et budg\u00e9t aire et de suivi de la programmation d'op\u00e9rations f inanci\u00e8res se \nrapportant aux actions de la mission interminist\u00e9ri elle de lutte contre les drogues et les conduites a ddictives : \nProgramme 129 : \"coordination du travail gouvernemental\" \u2013 Action 15 \"MILDECA\". \n \n \nArticle 5  : I- En cas d'absence ou d'emp\u00eachement de M. Baptiste RO LLAND, pr\u00e9fet, directeur de cabinet du pr\u00e9fet de \nla r\u00e9gion d'Ile-de-France, pr\u00e9fet de Paris, de M. M arc ZARROUATI, sous-pr\u00e9fet, directeur adjoint de ca binet du pr\u00e9fet \nde la r\u00e9gion Ile-de-France, pr\u00e9fet de Paris, et de Mme Camille de WITASSE THEZY, sous-pr\u00e9f\u00e8te, cheffe de cabinet \n \ndu pr\u00e9fet de la r\u00e9gion d'Ile-de-France, pr\u00e9fet de P aris, d\u00e9l\u00e9gation de signature est donn\u00e9e \u00e0 M. Alexa ndre DIE, chef \ndu service de la repr\u00e9sentation de l'Etat et \u00e0 Mme Alicia SALAUN, attach\u00e9e d'administration, son adjoi nte, \u00e0 l'effet de \nsigner, sous r\u00e9serve des exclusions mentionn\u00e9es au I de l'article 1er : \n \n1\u00b0 les notes, courriers, d\u00e9cisions et correspondanc es administratives courantes ainsi que les actes de  gestion \ncourante ; \n2\u00b0 les bons de commande dont le montant n'exc\u00e8de pas 4 000 \u20ac HT ; \n3\u00b0 les certifications \"certifi\u00e9 exact et service fait\" ; \n4\u00b0 les \u00e9tats pour servir au paiement relevant des attributions de ce service. \n \nII- En cas d'absence de M. Baptiste ROLLAND, de M. Mar c ZARROUATI, de Mme Camille de WITASSE THEZY, de \nM. Alexandre DIE et de Mme Alicia SALAUN, d\u00e9l\u00e9gatio n de signature est donn\u00e9e, \u00e0 M. Hugo MARIN, attach\u00e9  \nd'administration, chef du bureau du protocole et de s d\u00e9placements, \u00e0 l'effet de signer, sous r\u00e9serve d es exclusions \nmentionn\u00e9es au I de l'article 1 \ner  : \n \n1\u00b0 les notes, courriers, d\u00e9cisions et correspondances administratives courantes, \n2\u00b0 les bons de commande dont le montant n'exc\u00e8de pas 1 000 \u20ac HT, \n3\u00b0 les certifications \"certifi\u00e9 exact et service fait\", \n4\u00b0les \u00e9tats pour servir au paiement, ainsi que les ampliations des arr\u00eat\u00e9s du pr\u00e9fet de la r\u00e9gion d'Il e-de-France, pr\u00e9fet \nde Paris, relevant des attributions de ce bureau. \n \nIII- En cas d'absence de M. Baptiste ROLLAND, de M. Mar c ZARROUATI, de Mme Camille de WITASSE THEZY, de \nM. Alexandre DIE, de Mme Alicia SALAUN et de M. Hug o MARIN, d\u00e9l\u00e9gation de signature est donn\u00e9e \u00e0 M. He nri \nBOURGEOIS, adjoint technique principal de 2 \n\u00e8me  classe, chef de la section garage, charg\u00e9 du souti en op\u00e9rationnel et \nbudg\u00e9taire, \u00e0 l'effet de signer : \n \n1\u00b0 les bons de commande dont le montant n'exc\u00e8de pas 1 000 \u20ac HT, \n2\u00b0 les certifications \"certifi\u00e9 exact et service fait\", \n3\u00b0 les \u00e9tats pour servir au paiement, ainsi que les ampliations des arr\u00eat\u00e9s du pr\u00e9fet de la r\u00e9gion d'Ile-de-France, pr\u00e9fet \nde Paris, relevant des attributions de cette sectio n, et sous r\u00e9serve des exclusions mentionn\u00e9es au I de l'article 1er du \npr\u00e9sent arr\u00eat\u00e9. \n \nIV- En cas d'absence de M. Baptiste ROLLAND, de M. Mar c ZARROUATI, de Mme Camille de WITASSE THEZY, de \nM. Alexandre DIE et de Mme Alicia SALAUN, d\u00e9l\u00e9gatio n de signature est donn\u00e9e \u00e0 Mme Fran\u00e7oise TIGOULET,  \nattach\u00e9e d'administration, cheffe du bureau des d\u00e9corations et de l'intendance, \u00e0 l'effet de signer : \n \n1\u00b0 les notes, courriers, d\u00e9cisions et correspondances administratives courantes ; \n2\u00b0 les bons de commande dont le montant n'exc\u00e8de pas 1 000 \u20ac HT ; \n3\u00b0 les certifications \"certifi\u00e9 exact et service fait\" ; \n \nPr\u00e9fecture de la R\u00e9gion d'Ile de France, Pr\u00e9fecture de Paris  - IDF-2025-07-03-00006 - Arr\u00eat\u00e9 portant d\u00e9l\u00e9gation de signature aux\nagents de la pr\u00e9fecture de la r\u00e9gion d'Ile-de-France, pr\u00e9fecture de Paris 103\n9 \n4\u00b0 les \u00e9tats pour servir au paiement, ainsi que les ampliations des arr\u00eat\u00e9s du pr\u00e9fet de la r\u00e9gion d'Ile-de-France, pr\u00e9fet \nde Paris, relevant des attributions de ce bureau, e t sous r\u00e9serve des exclusions mentionn\u00e9es au I de l 'article 1er du \npr\u00e9sent arr\u00eat\u00e9. \n \n \nArticle 6  : En cas d'absence ou d'emp\u00eachement de M. Baptiste  ROLLAND, de M. Marc ZARROUATI et de  \nMme Camille de WITASSE THEZY, d\u00e9l\u00e9gation de signatu re est donn\u00e9e \u00e0 M. Charles XARDEL, attach\u00e9 \nd'administration, adjoint au chef du service r\u00e9gion al de communication interminist\u00e9rielle, chef du p\u00f4l e presse, \u00e0 l'effet \nde signer, sous r\u00e9serve des exclusions mentionn\u00e9es au I de l'article 1er : \n1\u00b0 les notes, courriers, d\u00e9cisions et correspondanc es administratives courantes ainsi que les actes de  gestion \ncourante relevant de la comp\u00e9tence et des attributions de ce service ; \n2\u00b0 les bons de commande dont le montant n'exc\u00e8de pas 5 000 \u20ac HT ; \n3\u00b0 les certifications \"certifi\u00e9 exact et service fait\" ; \n4\u00b0 les \u00e9tats pour servir au paiement, relevant des missions de ce service. \n \n \nArticle 7 : I- Au titre des attributions du pr\u00e9fet de Paris et du pr\u00e9fet, directeur de cabinet de la pr\u00e9fecture de la  r\u00e9gion \nd'Ile-de-France, pr\u00e9fecture de Paris, mises en \u0153uvr e par la direction des affaires juridiques, dans le  cadre de ses \nattributions, et sous r\u00e9serve des comp\u00e9tences confi \u00e9es au pr\u00e9fet, secr\u00e9taire g\u00e9n\u00e9ral aux politiques pu bliques, \nd\u00e9l\u00e9gation de signature est donn\u00e9e \u00e0 M. Baptiste RO LLAND, pr\u00e9fet, directeur de cabinet du pr\u00e9fet de la  r\u00e9gion d'Ile-\nde-France, pr\u00e9fet de Paris, \u00e0 l'effet de signer tou s actes, pi\u00e8ces, documents, correspondances adminis tratives et \nnotes y aff\u00e9rents, y compris les recours gracieux et les d\u00e9f\u00e9r\u00e9s dans le cadre du contr\u00f4le de l\u00e9galit\u00e9, et \u00e0 l'exclusion :  \n1\u00b0 des instructions ou des circulaires adress\u00e9es aux collectivit\u00e9s territoriales ; \n2\u00b0 des autres requ\u00eates aupr\u00e8s des diff\u00e9rentes juridictions ; \n3\u00b0 des d\u00e9clinatoires de comp\u00e9tence et des arr\u00eat\u00e9s de conflits ; \n4\u00b0 des actes d\u00e9favorables faisant grief aux tiers. \n \nII- En cas d'absence ou d'emp\u00eachement de M. Baptiste R OLLAND, la d\u00e9l\u00e9gation de signature pr\u00e9vue au I ci-d essus \nest donn\u00e9e \u00e0 M. Marc ZARROUATI, sous-pr\u00e9fet, direct eur adjoint de cabinet du pr\u00e9fet de la r\u00e9gion Ile-d e-France, \npr\u00e9fet de Paris, \u00e0 l'exclusion des recours gracieux et des d\u00e9f\u00e9r\u00e9s dans le cadre du contr\u00f4le de l\u00e9galit\u00e9.  \n \n \nArticle  8 : I- En cas d'absence ou d'emp\u00eachement de M. Baptiste R OLLAND et de M. Marc ZARROUATI, d\u00e9l\u00e9gation \nde signature est donn\u00e9e \u00e0 Mme Marie-Ga\u00eblle BONFILS,  premi\u00e8re conseill\u00e8re du corps des magistrats des t ribunaux \nadministratifs et des cours administratives d'appel , directrice des affaires juridiques, \u00e0 l'effet de signer ou de viser tous \nactes, correspondances administratives ou pi\u00e8ces re levant de la comp\u00e9tence et des attributions de la d irection des \naffaires juridiques, \u00e0 l'exception de ceux exclus de la d\u00e9l\u00e9gation par l'effet du II de l'article 7 du pr\u00e9sent arr\u00eat\u00e9. \n \nII- En cas d'absence ou d'emp\u00eachement de M. Baptiste RO LLAND, de M. Marc ZARROUATI et de Mme Marie-Ga\u00eblle \nBONFILS, d\u00e9l\u00e9gation de signature est donn\u00e9e \u00e0 Mme C orine PERCHERON, conseill\u00e8re d'administration de l' int\u00e9rieur \net de l'outre-mer, adjointe au directeur des affair es juridiques, \u00e0 l'effet de signer ou de viser tous  actes, \ncorrespondances administratives ou pi\u00e8ces relevant,  d'une part, de la comp\u00e9tence et des attributions d e la direction \ndes affaires juridiques et, d'autre part, des fonct ions mentionn\u00e9es aux premier et troisi\u00e8me alin\u00e9as d e l'article 20 de \nl'arr\u00eat\u00e9 portant organisation de la pr\u00e9fecture de l a r\u00e9gion d'Ile-de-France, pr\u00e9fecture de Paris, \u00e0 l' exception de ceux ci-\napr\u00e8s \u00e9num\u00e9r\u00e9s : \n1\u00b0 les actes et pi\u00e8ces exclus de la d\u00e9l\u00e9gation par l'effet du II de l'article 7 du pr\u00e9sent arr\u00eat\u00e9 ; \n2\u00b0 les correspondances adress\u00e9es \u00e0 la chambre r\u00e9gionale des comptes d'Ile-de-France ; \n3\u00b0 les arr\u00eat\u00e9s de mandatement d'office ; \n4\u00b0 les correspondances nominatives adress\u00e9es aux titulaires de mandats \u00e9lectifs. \n \n \nArticle 9 : I- En cas d'absence ou d'emp\u00eachement de M. Baptiste RO LLAND, de M. Marc ZARROUATI, de Mme \nMarie-Ga\u00eblle BONFILS et de Mme Corine PERCHERON, d\u00e9 l\u00e9gation de signature est donn\u00e9e \u00e0 l'effet de signe r ou de \nviser les actes, les correspondances administratives ou les pi\u00e8ces relevant de leurs attributions, aux agents suivants : \n \n1\u00b0 M. Gurvan SALAUN, attach\u00e9 principal d'administration, chef du bureau du contr\u00f4le de l\u00e9galit\u00e9 ; \n2\u00b0 M. Philippe ATANGANA, attach\u00e9 d'administration, chef du p\u00f4le \"commande publique et domanialit\u00e9 publ ique\" du \nbureau du contr\u00f4le de l\u00e9galit\u00e9 ; \n3\u00b0 M. Florian DRUON, attach\u00e9 principal d'administration, chef du p\u00f4le \"droit du sol et des op\u00e9rations d'am\u00e9nagement\" \ndu bureau du contr\u00f4le de l\u00e9galit\u00e9 ;  \n4\u00b0 M. Hugo CACHARD, agent contractuel, chef du bureau des affaires institutionnelles et financi\u00e8res d'Ile-de-France ; \nPr\u00e9fecture de la R\u00e9gion d'Ile de France, Pr\u00e9fecture de Paris  - IDF-2025-07-03-00006 - Arr\u00eat\u00e9 portant d\u00e9l\u00e9gation de signature aux\nagents de la pr\u00e9fecture de la r\u00e9gion d'Ile-de-France, pr\u00e9fecture de Paris 104\n10 \n5\u00b0 M. Thibaud GAILLARD, attach\u00e9 d'administration, a djoint au chef du bureau des affaires institutionne lles et \nfinanci\u00e8res d'Ile-de-France ; \n6\u00b0 M. Xavier DUMAS, attach\u00e9 principal d'administration, chef du bureau du contentieux et du conseil juridique, \n\u00e0 l'exception des actes, correspondances et pi\u00e8ces suivants :  \na) ceux exclus de la d\u00e9l\u00e9gation par l'effet du II de l'article 8 du pr\u00e9sent arr\u00eat\u00e9 ; \nb) les m\u00e9moires aupr\u00e8s des diff\u00e9rentes juridictions. \n \nII- En cas d'absence ou d'emp\u00eachement de M. Baptiste RO LLAND, de M. Marc ZARROUATI, de Mme Marie-Ga\u00eblle \nBONFILS et de Mme Corine PERCHERON, d\u00e9l\u00e9gation de s ignature est donn\u00e9e \u00e0 Mme Jo\u00eblle MATHIEU, attach\u00e9e \nd'administration hors classe, cheffe de la mission \"l\u00e9gistique et animation juridique r\u00e9gionale\", \u00e0 l' effet de signer les \nactes et correspondances administratives relevant d es attributions de cette mission, sous r\u00e9serve des actes et \ncorrespondances exclus par l'effet du I ci-dessus. \n \nIII - En cas d'absence ou d'emp\u00eachement de M. Baptiste ROLLAND, de M. Marc ZARROUATI, de Mme Marie-Ga\u00eblle \nBONFILS, de Mme Corine PERCHERON et de Mme Jo\u00eblle M ATHIEU, d\u00e9l\u00e9gation de signature est donn\u00e9e \u00e0  M. \nMathys SCHETRIT, agent contractuel de cat\u00e9gorie A, et \u00e0 Mme Marjorie DEGROTT, secr\u00e9taire administrativ e de \nclasse normale, consultants juridiques,\u00e0 la mission  l\u00e9gistique et animation juridique r\u00e9gionale, \u00e0 l'e ffet de signer les \ncourriels d'accus\u00e9 r\u00e9ception, les courriels de r\u00e9at tribution et les courriels de communication de docu ments \nadministratifs en r\u00e9ponse aux saisines par courriel s de la personne responsable de l'acc\u00e8s aux documen ts \nadministratifs du pr\u00e9fet de la r\u00e9gion Ile-de-France , pr\u00e9fet de Paris, sous r\u00e9serve de ceux exclus par l'effet du I ci-\ndessus. \n \n \nTitre 2 : D\u00e9l\u00e9gation de signature aux agents de la pr\u00e9fecture de la r\u00e9gion d'Ile-de-France, pr\u00e9fecture  de Paris \nexer\u00e7ant les attributions relevant de la pr\u00e9f\u00e8te, s ecr\u00e9taire g\u00e9n\u00e9rale aux politiques publiques de la p r\u00e9fecture \nde la r\u00e9gion d'Ile-de-France, pr\u00e9fecture de Paris \n \n \nArticle 10 : I- Sous r\u00e9serve des dispositions de l'article 11, au t itre des attributions du pr\u00e9fet de la r\u00e9gion d'Ile- de-\nFrance, pr\u00e9fet de Paris, et du secr\u00e9tariat g\u00e9n\u00e9ral aux politiques publiques, d\u00e9l\u00e9gation de signature e st donn\u00e9e \u00e0  \nMme Marie GAUTIER-MELLERAY, pr\u00e9f\u00e8te, secr\u00e9taire g\u00e9n \u00e9rale aux politiques publiques de la pr\u00e9fecture de la r\u00e9gion \nd'Ile-de-France, pr\u00e9fecture de Paris, \u00e0 l'effet de signer tous les actes, pi\u00e8ces, documents, rapports,  conventions, \ncertificats, correspondances et notes, y compris ce ux r\u00e9serv\u00e9s \u00e0 la signature du pr\u00e9fet de la r\u00e9gion d 'Ile-de-France, \npr\u00e9fet de Paris, aux termes des arr\u00eat\u00e9s portant d\u00e9l \u00e9gation de signature au nom du pr\u00e9fet de la r\u00e9gion d'Ile-de-France, \npr\u00e9fet de Paris, aux chefs des services d\u00e9concentr\u00e9s de l'Etat, \u00e0 l'exclusion : \n \na) des arr\u00eat\u00e9s portant nomination de membres de commissions et de comit\u00e9s r\u00e9gionaux ; \nb) des arr\u00eat\u00e9s d'ouverture d'enqu\u00eate publique et de tous arr\u00eat\u00e9s subs\u00e9quents ; \nc) des conventions de tous ordres avec des collecti vit\u00e9s territoriales ou des \u00e9tablissements publics e ngageant \nfinanci\u00e8rement l'\u00c9tat, sauf en ce qui concerne les conventions conclues par l'Agence de l'environnemen t et de la \nma\u00eetrise de l'\u00e9nergie avec les collectivit\u00e9s territoriales et leurs groupements ; \nd) des instructions ou circulaires adress\u00e9es aux collectivit\u00e9s territoriales ; \ne) des actes d\u00e9favorables faisant grief aux tiers, notamment les sanctions administratives, suspension s, annulations, \nretraits d'agr\u00e9ments ou d'autorisation ainsi que les d\u00e9cisions de refus, lorsqu'ils sont soumis \u00e0 appr\u00e9ciation.  \n \nPar d\u00e9rogation au e) ci-dessus, d\u00e9l\u00e9gation de signa ture est donn\u00e9e \u00e0 Mme Marie GAUTIER-MELLERAY, pr\u00e9f\u00e8 te, \nsecr\u00e9taire g\u00e9n\u00e9rale aux politiques publiques de la pr\u00e9fecture de la r\u00e9gion d'Ile-de-France, pr\u00e9fecture  de Paris, \u00e0 l'effet \nde signer les d\u00e9cisions prises en application de l' article L. 6362-7-1 du code du travail et du titre VI du livre III de la \nsixi\u00e8me partie du code du travail. \n \nPar ailleurs, d\u00e9l\u00e9gation de signature est donn\u00e9e \u00e0 Mme Marie GAUTIER-MELLERAY, pr\u00e9f\u00e8te, secr\u00e9taire g\u00e9n \u00e9rale \naux politiques publiques de la pr\u00e9fecture de la r\u00e9g ion d'Ile-de-France, pr\u00e9fecture de Paris, \u00e0 l'effet  de signer les actes \nde gestion interne du secr\u00e9tariat g\u00e9n\u00e9ral aux polit iques publiques, sous r\u00e9serve des exclusions mentio nn\u00e9es ci-\ndessus. \n \nII- En cas d'absence ou d'emp\u00eachement de Mme Marie GAUT IER-MELLERAY, la d\u00e9l\u00e9gation de signature pr\u00e9vue au I \nest accord\u00e9e \u00e0 Mme H\u00e9l\u00e8ne CROZE, administratrice de  l'Etat de deuxi\u00e8me grade, adjointe \u00e0 la pr\u00e9f\u00e8te, s ecr\u00e9taire \ng\u00e9n\u00e9rale aux politiques publiques de la pr\u00e9fecture de la r\u00e9gion d'Ile-de-France, pr\u00e9fecture de Paris. En ce qui \nconcerne les conventions conclues par l'Agence de l 'environnement et de la ma\u00eetrise de l'\u00e9nergie avec les collectivit\u00e9s \nterritoriales et leurs groupements, d\u00e9l\u00e9gation de s ignature est donn\u00e9e \u00e0 Mme H\u00e9l\u00e8ne CROZE, pour celles  dont le \nmontant d'aide est inf\u00e9rieur \u00e0 cent mille euros. \n \n \nArticle 11 :  I- Au titre des attributions du pr\u00e9fet de la r\u00e9gion d' Ile-de-France, pr\u00e9fet de Paris, et du secr\u00e9tariat g \u00e9n\u00e9ral \naux politiques publiques, mises en \u0153uvre par la dir ection des affaires juridiques dans le cadre de ses  attributions, et \nPr\u00e9fecture de la R\u00e9gion d'Ile de France, Pr\u00e9fecture de Paris  - IDF-2025-07-03-00006 - Arr\u00eat\u00e9 portant d\u00e9l\u00e9gation de signature aux\nagents de la pr\u00e9fecture de la r\u00e9gion d'Ile-de-France, pr\u00e9fecture de Paris 105\n11 \nsous r\u00e9serve des comp\u00e9tences confi\u00e9es au pr\u00e9fet, di recteur de cabinet du pr\u00e9fet de la r\u00e9gion d'Ile-de- France, pr\u00e9fet \nde Paris, d\u00e9l\u00e9gation de signature est donn\u00e9e \u00e0 Mme Marie GAUTIER-MELLERAY, pr\u00e9f\u00e8te secr\u00e9taire g\u00e9n\u00e9rale  aux \npolitiques publiques de la pr\u00e9fecture de la r\u00e9gion d'Ile-de-France, pr\u00e9fecture de Paris, \u00e0 l'effet de signer tous actes, \npi\u00e8ces, documents, correspondances administratives et notes y aff\u00e9rents, y compris les recours gracieu x et les \nd\u00e9f\u00e9r\u00e9s dans le cadre du contr\u00f4le de l\u00e9galit\u00e9, et \u00e0 l'exclusion :  \n \n1\u00b0 des instructions ou des circulaires adress\u00e9es aux collectivit\u00e9s territoriales ; \n2\u00b0 des autres requ\u00eates aupr\u00e8s des diff\u00e9rentes juridictions ;  \n3\u00b0 des actes d\u00e9favorables faisant grief aux tiers. \n \nII- En cas d'absence ou d'emp\u00eachement de Mme Marie GAUT IER-MELLERAY, la d\u00e9l\u00e9gation de signature pr\u00e9vue au I \nest accord\u00e9e \u00e0 Mme H\u00e9l\u00e8ne CROZE, administratrice de  l'Etat de deuxi\u00e8me grade, adjointe \u00e0 la pr\u00e9f\u00e8te, s ecr\u00e9taire \ng\u00e9n\u00e9rale aux politiques publiques de la pr\u00e9fecture de la r\u00e9gion d'Ile-de-France, pr\u00e9fecture de Paris, \u00e0 l'exclusion des \nrecours gracieux et des d\u00e9f\u00e9r\u00e9s dans le cadre du contr\u00f4le de l\u00e9galit\u00e9. \n \n \nArticle  12  : I- En cas d'absence ou d'emp\u00eachement de Mme Marie GAUT IER-MELLERAY et de Mme H\u00e9l\u00e8ne \nCROZE, d\u00e9l\u00e9gation de signature est donn\u00e9e \u00e0 Mme Mar ie-Ga\u00eblle BONFILS, premi\u00e8re conseill\u00e8re du corps de s \nmagistrats des tribunaux administratifs et des cour s administratives d'appel, directrice des affaires juridiques, \u00e0 l'effet \nde signer ou de viser tous actes, correspondances a dministratives ou pi\u00e8ces relevant de la comp\u00e9tence et des \nattributions de la direction des affaires juridique s, \u00e0 l'exception de ceux exclus de la d\u00e9l\u00e9gation pa r l'effet du II de \nl'article 11 du pr\u00e9sent arr\u00eat\u00e9. \n \nII- En cas d'absence ou d'emp\u00eachement de Mme Marie GAUT IER-MELLERAY, de Mme H\u00e9l\u00e8ne CROZE et de  \nMme Marie-Ga\u00eblle BONFILS, d\u00e9l\u00e9gation de signature e st donn\u00e9e \u00e0 \n Mme Corine PERCHERON, conseill\u00e8re \nd'administration de l'int\u00e9rieur et de l'outre-mer, adjointe au directeur des affaires juridiques, \u00e0 l' effet de signer ou de \nviser : \n \n1\u00b0 tous actes, correspondances ou pi\u00e8ces relevant, d'une part, de la comp\u00e9tence et des attributions de  la direction \ndes affaires juridiques et, d'autre part, des fonct ions mentionn\u00e9es aux premier et troisi\u00e8me alin\u00e9as d e l'article 20 de \nl'arr\u00eat\u00e9 portant organisation de la pr\u00e9fecture de l a r\u00e9gion d'Ile-de-France, pr\u00e9fecture de Paris, \u00e0 l' exception de ceux ci-\napr\u00e8s \u00e9num\u00e9r\u00e9s :  \na) les actes et les pi\u00e8ces exclus de la pr\u00e9sente d\u00e9l\u00e9gation par l'effet du II de l'article 11 du pr\u00e9sent arr\u00eat\u00e9 ; \nb) les correspondances adress\u00e9es \u00e0 la chambre r\u00e9gionale des comptes d'Ile-de-France ; \nc) les correspondances nominatives adress\u00e9es aux titulaires de mandats \u00e9lectifs. \n \n2\u00b0 les actes de gestion courante relatifs \u00e0 la direction des affaires juridiques ci-apr\u00e8s \u00e9num\u00e9r\u00e9s : \na) les bons de commande dont le montant n'exc\u00e8de pas 11 000 euros HT ; \nb) les certifications \"Certifie exact et service fait\" ; \nc) les \u00e9tats pour servir au paiement. \n \n \nArticle 13  : I- En cas d'absence ou d'emp\u00eachement de Mme Mari e GAUTIER-MELLERAY, de Mme H\u00e9l\u00e8ne CROZE, \nde Mme Marie-Ga\u00eblle BONFILS et de Mme Corine PERCHE RON, d\u00e9l\u00e9gation de signature est donn\u00e9e \u00e0 l'effet d e \nsigner ou de viser les actes, les correspondances ou les pi\u00e8ces relevant de leurs attributions, aux agents suivants : \n \n1\u00b0 M. Gurvan SALAUN, attach\u00e9 principal d'administration, chef du bureau du contr\u00f4le de l\u00e9galit\u00e9 ; \n2\u00b0 M. Philippe ATANGANA, attach\u00e9 d'administration, chef du p\u00f4le \"commande publique et domanialit\u00e9 publ ique\" du \nbureau du contr\u00f4le de l\u00e9galit\u00e9 ; \n3\u00b0 M. Florian DRUON, attach\u00e9 principal d'administration, chef du p\u00f4le \"droit du sol et des op\u00e9rations d'am\u00e9nagement\" \ndu bureau du contr\u00f4le de l\u00e9galit\u00e9 ;  \n4\u00b0 M. Hugo CACHARD, agent contractuel, chef du bureau des affaires institutionnelles et financi\u00e8res d'Ile-de-France ; \n5\u00b0 M. Thibaud GAILLARD, attach\u00e9 d'administration, a djoint au chef du bureau des affaires institutionne lles et \nfinanci\u00e8res d'Ile-de-France ; \n6\u00b0 M. Xavier DUMAS, attach\u00e9 principal d'administration, chef du bureau du contentieux et du conseil juridique ; \n \n\u00e0 l'exception des actes, des correspondances et des pi\u00e8ces ci-apr\u00e8s \u00e9num\u00e9r\u00e9s :  \n \na) ceux exclus de la pr\u00e9sente d\u00e9l\u00e9gation par l'effet du 1\u00b0) du II de l'article 12 du pr\u00e9sent arr\u00eat\u00e9 ; \nb) les arr\u00eat\u00e9s de mandatement d'office ; \nc) les m\u00e9moires aupr\u00e8s des diff\u00e9rentes juridictions. \n \nPr\u00e9fecture de la R\u00e9gion d'Ile de France, Pr\u00e9fecture de Paris  - IDF-2025-07-03-00006 - Arr\u00eat\u00e9 portant d\u00e9l\u00e9gation de signature aux\nagents de la pr\u00e9fecture de la r\u00e9gion d'Ile-de-France, pr\u00e9fecture de Paris 106\n12 \nII- En cas d'absence ou d'emp\u00eachement de Mme Marie GAU TIER-MELLERAY, de Mme H\u00e9l\u00e8ne CROZE, de  \nMme Marie-Ga\u00eblle BONFILS et de Mme Corine PERCHERON , d\u00e9l\u00e9gation de signature est donn\u00e9e \u00e0 Mme Jo\u00eblle \nMATHIEU, attach\u00e9e d'administration hors classe, che ffe de la \"mission l\u00e9gistique et animation juridiqu e r\u00e9gionale\", \u00e0 \nl'effet de signer les actes et correspondances admi nistratives relevant des attributions de la mission  l\u00e9gistique et \nanimation juridique r\u00e9gionale et mentionn\u00e9s au 1\u00b0 e t au 2\u00b0 du II de l'article 12 du pr\u00e9sent arr\u00eat\u00e9, so us r\u00e9serve des \nexclusions pr\u00e9vues par l'effet des quatre derniers alin\u00e9as du I du pr\u00e9sent article. \n \nIII - En cas d'absence ou d'emp\u00eachement de Mme Marie GA UTIER-MELLERAY, de Mme H\u00e9l\u00e8ne CROZE, de  \nMme Marie-Ga\u00eblle BONFILS, de Mme Corine PERCHERON e t de Mme Jo\u00eblle MATHIEU, d\u00e9l\u00e9gation de signature es t \ndonn\u00e9e \u00e0\n M. Mathys SCHETRIT, agent contractuel de cat\u00e9gorie A, et \u00e0 Mme Marjorie DEGROTT, secr\u00e9taire \nadministrative de classe normale, consultants jurid iques, \u00e0 la mission l\u00e9gistique et animation juridiq ue r\u00e9gionale, \u00e0 \nl'effet de signer les courriels d'accus\u00e9 r\u00e9ception,  les courriels de r\u00e9attribution et les courriels de  communication de \ndocuments administratifs en r\u00e9ponse aux saisines par courriels de la personne responsable de l'acc\u00e8s aux documents \nadministratifs du pr\u00e9fet de la r\u00e9gion Ile-de-France , pr\u00e9fet de Paris, sous r\u00e9serve de ceux exclus par l'effet des quatre \nderniers alin\u00e9as du I ci-dessus. \n \n \nArticle  14  : En cas d'absence ou d'emp\u00eachement de Mme Marie G AUTIER-MELLERAY, d\u00e9l\u00e9gation de signature est \ndonn\u00e9e \u00e0 Mme Caroline BRAY, directrice r\u00e9gionale au x droits des femmes et \u00e0 l'\u00e9galit\u00e9 d'Ile-de-France,  \u00e0 l'effet de \nsigner, dans la limite de ses attributions et sous r\u00e9serve des exclusions pr\u00e9vues \u00e0 l'article 10 : \n1\u00b0 toutes notes et correspondances administratives courantes ; \n2\u00b0 les pi\u00e8ces relatives \u00e0 l'engagement juridique et  \u00e0 la certification des d\u00e9penses de fonctionnement et d'intervention \nde l'Etat imput\u00e9es sur les cr\u00e9dits de l'unit\u00e9 op\u00e9ra tionnelle r\u00e9gionale du programme \"Egalit\u00e9 entre les  femmes et les \nhommes\" (n\u00b0 137) ; \n3\u00b0 les attestations et certifications portant sur la participation financi\u00e8re de la direction r\u00e9gional e aux droits des \nfemmes et \u00e0 l'\u00e9galit\u00e9 aux actions cofinanc\u00e9es par le Fonds social europ\u00e9en ; \n4\u00b0 ainsi que pour r\u00e9aliser les proc\u00e9dures et d\u00e9pose r les actes cons\u00e9cutifs dans l'application informat ique financi\u00e8re de \nl'Etat Chorus Formulaires. \n \nII- En cas d'absence ou d'emp\u00eachement de Mme Marie GAU TIER-MELLERAY et de Mme Caroline BRAY, la \nd\u00e9l\u00e9gation de signature mentionn\u00e9e au I ci-dessus e st donn\u00e9e \u00e0 Mme In\u00e8s R\u00c9VOLAT, directrice r\u00e9gionale d\u00e9l\u00e9gu\u00e9e \naux droits des femmes et \u00e0 l'\u00e9galit\u00e9 d'Ile-de-France. \n \n \nArticle  15  :  I- En cas d'absence ou d'emp\u00eachement de Mme Marie GAUT IER-MELLERAY et de Mme H\u00e9l\u00e8ne \nCROZE, d\u00e9l\u00e9gation de signature est donn\u00e9e \u00e0 Mme Emm anuelle OUDEA, cheffe de la mission ville, charg\u00e9e de \nmission politique de la ville, et \u00e0 Mme Marion DETOC, son adjointe, dans le cadre de leurs attributions, \u00e0 l'effet : \n \n1\u00b0 de r\u00e9partir les cr\u00e9dits du programme \"Politique de la ville\" (n\u00b0 147) ; \n2\u00b0 de signer tous actes budg\u00e9taires et comptables relatifs \u00e0 la gestion de ce programme ; \n3\u00b0 de signer toutes notes et correspondances admini stratives courantes relatifs \u00e0 la gestion de ce pro gramme, sous \nr\u00e9serve des exclusions mentionn\u00e9es \u00e0 l'article 10. \n \nII- En cas d'absence ou d'emp\u00eachement de Mme Marie GAUT IER-MELLERAY et de Mme H\u00e9l\u00e8ne CROZE, d\u00e9l\u00e9gation \nde signature est donn\u00e9e \u00e0 Mme Lisa GRALL, agente co ntractuelle, adjointe au charg\u00e9 de mission Insertio n, \u00e0 l'effet \nde signer les notes et correspondances administrati ves, dans le cadre de ses attributions, sous r\u00e9serv e des \nexclusions mentionn\u00e9es \u00e0 l'article 10. \n \n \nArticle  16  :  I- En cas d'absence ou d'emp\u00eachement de Mme Marie GAUT IER-MELLERAY et de Mme H\u00e9l\u00e8ne \nCROZE, d\u00e9l\u00e9gation de signature est donn\u00e9e \u00e0 M. Davi d MOREL, chef du bureau de la coordination et de \nl'investissement territorial, \u00e0 l'effet : \n1\u00b0 de signer ou de viser les notes et correspondances administratives courantes relevant des attributi ons de ce \nbureau ; \n2\u00b0 de signer toutes notes et correspondances administratives courantes ainsi que tous actes budg\u00e9taire s et \ncomptables relatifs \u00e0 la gestion des programmes \"Im pulsion et coordination de la politique d'am\u00e9nageme nt du \nterritoire\" (n\u00b0 112), \"Concours financiers aux coll ectivit\u00e9s territoriales et \u00e0 leurs groupements\" (n\u00b0  119), \"Solidarit\u00e9 \u00e0 \nl'\u00e9gard des pays en d\u00e9veloppement\" (n\u00b0 209), \"Fonds  pour la transformation de l'action publique\" (n\u00b0 3 49),  \n\"Ecologie\" (n\u00b0 362), \"comp\u00e9titivit\u00e9\" (n\u00b0363), \"coh\u00e9 sion\" (n\u00b0364), et \"Fonds d'acc\u00e9l\u00e9ration de la trans ition \u00e9cologique \ndans les territoires\" dit \"fonds vert\" (n\u00b0 380) et de r\u00e9partir les cr\u00e9dits de ces cinq programmes, sou s r\u00e9serve des \nexclusions pr\u00e9vues \u00e0 l'article 10. \nPr\u00e9fecture de la R\u00e9gion d'Ile de France, Pr\u00e9fecture de Paris  - IDF-2025-07-03-00006 - Arr\u00eat\u00e9 portant d\u00e9l\u00e9gation de signature aux\nagents de la pr\u00e9fecture de la r\u00e9gion d'Ile-de-France, pr\u00e9fecture de Paris 107\n13 \nII- En cas d'absence ou d'emp\u00eachement de Mme Marie GAUT IER-MELLERAY, de Mme H\u00e9l\u00e8ne CROZE et de  \nM. David MOREL, la d\u00e9l\u00e9gation de signature pr\u00e9vue a u I ci-dessus est accord\u00e9e \u00e0 Mme Laurence WURTZ, at tach\u00e9e \nd'administration, adjointe au chef du bureau de la coordination et de l'investissement territorial. \n \n \nTitre 3 : D\u00e9l\u00e9gation de signature aux agents de la pr\u00e9fecture de la r\u00e9gion d'Ile-de-France, pr\u00e9fecture  de Paris \nexer\u00e7ant les attributions relevant  du pr\u00e9fet, secr \u00e9taire g\u00e9n\u00e9ral aux moyens mutualis\u00e9s de la pr\u00e9fectu re de la \nr\u00e9gion d'Ile-de-France, pr\u00e9fecture de Paris \n \n \nArticle 17 : I - Sous r\u00e9serve des dispositions de l'article 25,  au titre des attributions du pr\u00e9fet de la r\u00e9gion d' Ile-de-\nFrance, pr\u00e9fet de Paris, et du secr\u00e9tariat g\u00e9n\u00e9ral aux moyens mutualis\u00e9s de la pr\u00e9fecture de la r\u00e9gion  d'Ile-de-France, \npr\u00e9fecture de Paris, d\u00e9l\u00e9gation de signature est do nn\u00e9e, \u00e0 M. St\u00e9phane BRUNOT, pr\u00e9fet, secr\u00e9taire g\u00e9n\u00e9 ral aux \nmoyens mutualis\u00e9s de la pr\u00e9fecture de la r\u00e9gion d'I le-de-France, pr\u00e9fecture de Paris, \u00e0 l'effet de sig ner tous les actes, \npi\u00e8ces, documents, rapports, conventions, certifica ts, correspondances administratives et notes aff\u00e9re nts \u00e0 ses \nmissions, y compris ceux r\u00e9serv\u00e9s \u00e0 la signature du  pr\u00e9fet de la r\u00e9gion d'Ile-de-France, pr\u00e9fet de Par is, aux termes \ndes arr\u00eat\u00e9s portant d\u00e9l\u00e9gation de signature au nom du pr\u00e9fet de la r\u00e9gion d'Ile-de-France, pr\u00e9fet de P aris, aux chefs \ndes services d\u00e9concentr\u00e9s de l'Etat, \u00e0 l'exclusion :  \n \n1\u00b0 des ordres de r\u00e9quisition du comptable public en mati\u00e8re de d\u00e9penses, \n2\u00b0 des d\u00e9cisions de passer outre \u00e0 l'avis d\u00e9favorab le du contr\u00f4leur financier d\u00e9concentr\u00e9 en mati\u00e8re d'engagement de \nd\u00e9pense. \n \nLa pr\u00e9sente d\u00e9l\u00e9gation concerne notamment l'ordonnancement secondaire relatif aux programmes suivants : \n \n1. \"Acc\u00e8s et retour \u00e0 l'emploi\" (n\u00b0 102), \n2. \"Accompagnement des mutations \u00e9conomiques et d\u00e9veloppement de l'emploi\" (n\u00b0 103), \n3. \"Int\u00e9gration et acc\u00e8s \u00e0 la nationalit\u00e9 fran\u00e7aise\" (n\u00b0 104), \n4. \"Am\u00e9lioration de la qualit\u00e9 de l'emploi et des relations du travail\" (n\u00b0 111), \n5. \"Conduite et soutien des politiques sanitaires et sociales\" (n\u00b0124), \n6. \"Coordination du travail gouvernemental\" (n\u00b0129), \n7. \"D\u00e9veloppement des entreprises et r\u00e9gulations\" (n\u00b0134), \n8. \"\u00c9galit\u00e9 entre les femmes et les hommes\" (n\u00b0 137), \n9. \"Fonction Publique\" (148), \n10. \"Comp\u00e9titivit\u00e9 et durabilit\u00e9 de l'agriculture, de l'agroalimentaire, de la for\u00eat, de la p\u00eache et d e l'aquaculture\" \n(n\u00b0149), \n11. \"Conception, gestion et \u00e9valuation des politiques de l'emploi et du travail\" (n\u00b0 155), \n12. \"Handicap et d\u00e9pendance\" (n\u00b0157), \n13. \"\u00c9nergie, climat et apr\u00e8s-mines\" (n\u00b0174), \n14. \"H\u00e9bergement, parcours vers le logement et insertion des personnes vuln\u00e9rables\" (n\u00b0177), \n15. \"Protection maladie\" (n\u00b0183), \n16. \"S\u00e9curit\u00e9 et qualit\u00e9 sanitaires de l'alimentation\" (n\u00b0 206), \n17. \"Conduite et pilotage des politiques de l'agriculture\" (n\u00b0 215), \n18. \"Conduite et pilotage des politiques de l'int\u00e9rieur\" (n\u00b0 216), \n19. \"Conduite et pilotage des politiques \u00e9conomiques et financi\u00e8res\" (218), \n20. \"Vie politique\" (232), \n21. \"Immigration et asile\" (n\u00b0 303), \n22. \"Inclusion sociale et protection des personnes\" (n\u00b0304), \n23. \"Strat\u00e9gies \u00e9conomiques\" (n\u00b0305), \n24. \"Performance et r\u00e9silience des b\u00e2timents de l'Etat et de ses op\u00e9rateurs\"  (n\u00b0 348), \n25. \"Fonds pour la transformation de l'action publique\" (n\u00b0 349), \n26. \"Administration territoriale de l'Etat\" (n\u00b0 354), \n27. \"Ecologie\" (n\u00b0 362), \n28. \"Comp\u00e9titivit\u00e9\" (n\u00b0363), \n29. \"Coh\u00e9sion\" (n\u00b0364), \nPr\u00e9fecture de la R\u00e9gion d'Ile de France, Pr\u00e9fecture de Paris  - IDF-2025-07-03-00006 - Arr\u00eat\u00e9 portant d\u00e9l\u00e9gation de signature aux\nagents de la pr\u00e9fecture de la r\u00e9gion d'Ile-de-France, pr\u00e9fecture de Paris 108\n14 \n30. \"Fonds d'acc\u00e9l\u00e9ration de la transition \u00e9cologique dans les territoires\" dit \"fonds vert\" (n\u00b0380), \n31. \"Op\u00e9rations immobili\u00e8res et entretien des b\u00e2timents de l'\u00c9tat\" (n\u00b0 723). \n \nII- Sous r\u00e9serve des exclusions mentionn\u00e9es au I, d\u00e9l\u00e9 gation de signature est aussi donn\u00e9e \u00e0 M. St\u00e9phane BRUNOT, \npr\u00e9fet, secr\u00e9taire g\u00e9n\u00e9ral aux moyens mutualis\u00e9s de  la pr\u00e9fecture de la r\u00e9gion Ile-de-France, pr\u00e9fectu re de Paris, \u00e0 \nl'effet de signer au nom du pr\u00e9fet de la r\u00e9gion d'I le-de-France, pr\u00e9fet de Paris, toute convention de d\u00e9l\u00e9gation de \ngestion et tout avenant \u00e0 de telles conventions con clus au nom du pr\u00e9fet de la r\u00e9gion d'Ile-de-France,  pr\u00e9fet de Paris, \nou soumis \u00e0 son visa, quel que soit le programme bu dg\u00e9taire concern\u00e9 par la convention de d\u00e9l\u00e9gation d e gestion ou \nson avenant. \n \nIII- En cas d'absence ou d'emp\u00eachement de M. St\u00e9phane B RUNOT, la d\u00e9l\u00e9gation de signature mentionn\u00e9e au I e st \ndonn\u00e9e \u00e0 M. Christophe JEAN, administrateur de l'Et at du deuxi\u00e8me grade, adjoint au  pr\u00e9fet, secr\u00e9tair e g\u00e9n\u00e9ral aux \nmoyens mutualis\u00e9s de la pr\u00e9fecture de la r\u00e9gion d'I le-de-France, pr\u00e9fecture de Paris, dans le cadre de  ses \nattributions. \n \nIV- En cas d'absence ou d'emp\u00eachement de M. St\u00e9phane B RUNOT et de M. Christophe JEAN, d\u00e9l\u00e9gation de \nsignature est donn\u00e9e, dans le cadre de ses attribut ions, \u00e0 Mme Carole GONNET, cheffe de cabinet du pr\u00e9 fet, \nsecr\u00e9taire g\u00e9n\u00e9ral aux moyens mutualis\u00e9s de la pr\u00e9f ecture de la r\u00e9gion d'Ile-de-France, pr\u00e9fecture de Paris, \u00e0 l'effet \nde signer tous actes, pi\u00e8ces, documents, correspond ances administratives et notes relevant du secr\u00e9tar iat g\u00e9n\u00e9ral \naux moyens mutualis\u00e9s, sous r\u00e9serve des exclusions mentionn\u00e9es au I et \u00e0 l'exception des attributions relevant de \nl'article 25. \n \n \nArticle 18 : I-En cas d'absence ou d'emp\u00eachement de M. St\u00e9phane BR UNOT et de M. Christophe JEAN, d\u00e9l\u00e9gation \nde signature est donn\u00e9e \u00e0 Mme Magali MASSA, attach\u00e9 e principale d'administration, cheffe du service g\u00e9 n\u00e9ral du \nsoutien op\u00e9rationnel, \u00e0 l'effet de signer, sous r\u00e9serve des exclusions mentionn\u00e9es au I de l'article 17 : \n \n1\u00b0 les notes, courriers, d\u00e9cisions et correspondanc es administratives courantes ainsi que les actes de  gestion \ncourante relevant de la comp\u00e9tence et des attributions de son service ; \n2\u00b0 les bons de commande dont le montant n'exc\u00e8de pas 10 000 \u20ac HT ; \n3\u00b0 les certifications \"certifi\u00e9 exact et service fait\" ; \n4\u00b0 les \u00e9tats pour servir au paiement, \n dans le cadre des attributions du service g\u00e9n\u00e9ral du soutien op\u00e9rationnel. \n \nII-\n En cas d'absence ou d'emp\u00eachement de M. St\u00e9phane BR UNOT, de M. Christophe JEAN et de Mme Magali \nMASSA, la d\u00e9l\u00e9gation de signature pr\u00e9vue au I ci-de ssus est donn\u00e9e \u00e0 M. Gilles CHOUAN, agent contractu el, adjoint \n\u00e0 la cheffe du service g\u00e9n\u00e9ral du soutien op\u00e9rationnel. \n \n \nArticle 19 : I- En cas d'absence ou d'emp\u00eachement de M. St\u00e9phane B RUNOT, de M. Christophe JEAN de Mme \nMagali MASSA et de M. Gilles CHOUAN, d\u00e9l\u00e9gation de signature est donn\u00e9e \u00e0 M. Mohamed AIT AISSA, ing\u00e9ni eur \ndes services techniques, chef du bureau des moyens et de la logistique, \u00e0 l'effet de signer les engagements juridiques \ndes d\u00e9penses de fonctionnement et d'investissement de son bureau dans la limite de 5 000 euros HT et d ans le cadre \ndes attributions de son bureau. \n \nII- En cas d'absence ou d'emp\u00eachement de M. St\u00e9phane B RUNOT, de M. Christophe JEAN, de Mme Magali MASSA, \nde M. Gilles CHOUAN et de M. Mohamed AIT AISSA, d\u00e9l \u00e9gation de signature est donn\u00e9e \u00e0 M. Adel ZIDI,  ag ent \ncontractuel, adjoint au chef du bureau des moyens e t de la logistique, \u00e0 l'effet de signer, les engage ments juridiques \ndes d\u00e9penses de fonctionnement et d'investissement de son bureau dans la limite de 5 000 euros HT et d ans le cadre \ndes attributions de ce bureau. \n \nIII- En cas d'absence ou d'emp\u00eachement de M. St\u00e9phane BR UNOT, de M. Christophe JEAN, de Mme Magali \nMASSA, de M. Gilles CHOUAN, de M. Mohamed AIT AISSA , et de M. Adel ZIDI, d\u00e9l\u00e9gation de signature est d onn\u00e9e, \n\u00e0 l'effet de signer les constats de service fait aux agents suivants : \n1\u00b0-Mme Marielle GOBIN GANSOU, agent contractuel, charg\u00e9e d'op\u00e9rations immobili\u00e8res, \n2\u00b0-M. Smail BERKOUNE, agent contractuel, chef de la section s\u00e9curit\u00e9, \n3\u00b0-Mme Rapha\u00eblle ROSSETTI-NEAU, secr\u00e9taire administrative, cheffe de la section reprographie, \n4\u00b0-M. Jo\u00ebl ROUSSEAU, contr\u00f4leur des services techniques, chef de la section logistique, \n5\u00b0-M. Thierry LAIGLE, agent contractuel, intendant de la section intendance \n de la r\u00e9sidence pr\u00e9fectorale, \n6\u00b0-M. Sylvain GARNIER, agent contractuel, chef de la section maintenance et logistique DRIEETS unit\u00e9 r\u00e9gionale, \n7\u00b0-M. Tejpal SINGH, chef de la section maintenance et logistique DRIEETS unit\u00e9 d\u00e9partementale 75, \n8\u00b0-Mme Claudine MEHENNAOUI, secr\u00e9taire administrati ve de classe sup\u00e9rieure, cheffe de la section maint enance et \nlogistique DRIEETS unit\u00e9 d\u00e9partementale 92, \nPr\u00e9fecture de la R\u00e9gion d'Ile de France, Pr\u00e9fecture de Paris  - IDF-2025-07-03-00006 - Arr\u00eat\u00e9 portant d\u00e9l\u00e9gation de signature aux\nagents de la pr\u00e9fecture de la r\u00e9gion d'Ile-de-France, pr\u00e9fecture de Paris 109\n15 \n9\u00b0-M. Nadir MOUTFI, agent contractuel, chef de la s ection maintenance et logistique DRIEETS unit\u00e9 d\u00e9pa rtementale \n93, \n10\u00b0-M. Rafik SASSI, secr\u00e9taire administratif de classe normale, chef de la section maintenance et logistique DRIEETS \nunit\u00e9 d\u00e9partementale 94, \n11\u00b0-M. Irfhaan OUMERHATTAB, agent contractuel, gestionnaire de la flotte automobile, \ndans le cadre de leurs attributions respectives au sein du bureau des moyens et de la logistique. \n \nIV- En cas d'absence ou d'emp\u00eachement de M. St\u00e9phane B RUNOT, de M. Christophe JEAN et de Mme Magali \nMASSA et de M. Gilles CHOUAN, d\u00e9l\u00e9gation de signatu re est donn\u00e9e \u00e0 Mme C\u00e9cile KOWALSKA, attach\u00e9e \nd'administration, cheffe du bureau des relations av ec les usagers, et en cas d'absence ou d'emp\u00eachemen t de celle-ci, \n\u00e0 Mme Asmaou MOHAMED, attach\u00e9e d'administration, so n adjointe, \u00e0 l'effet de signer les engagements jur idiques \ndes d\u00e9penses de fonctionnement et d'investissement du service g\u00e9n\u00e9ral du soutien op\u00e9rationnel dans la limite de \n5000 euros HT et dans le cadre de leurs attributions respectives. \n \nV-En cas d'absence ou d'emp\u00eachement de M. St\u00e9phane B RUNOT, de M. Christophe JEAN, de Mme Magali MASSA, \nde M. Gilles CHOUAN, de Mme C\u00e9cile KOWALSKA et de M me Asmaou MOHAMED, d\u00e9l\u00e9gation de signature est \ndonn\u00e9e, \u00e0 l'effet de signer les constats de service  fait \u00e0 M. Fabien NOTTE, adjoint administratif, che f de la section \ncourrier et accueil et \u00e0 Mme L\u00e9onie MOINARD, agent contractuelle, cheffe de la section inventaires et archives, dans \nle cadre de leurs attributions respectives au sein du bureau des moyens et de la logistique. \n \nVI- En cas d'absence ou d'emp\u00eachement de M. St\u00e9phane B RUNOT, de M. Christophe JEAN, de Mme Magali MASSA \net de M. Gilles CHOUAN, d\u00e9l\u00e9gation de signature est  donn\u00e9e \u00e0 Mme Audrey MUKADI, agente contractuelle, adjointe \n \nau chef du service interminist\u00e9riel d\u00e9partemental des syst\u00e8mes d'information et de communication, \u00e0 l'effet de signer : \n \n1\u00b0 les notes, courriers, d\u00e9cisions et correspondanc es administratives courantes ainsi que les actes de  gestion \ncourante relevant de la comp\u00e9tence et des attributions de ce service, \n2\u00b0 les bons de commande dont le montant n'exc\u00e8de pas 5 000 \u20ac,  \n3\u00b0 les certifications \"certifi\u00e9 exact et service fait\", \n4\u00b0 les \u00e9tats pour servir au paiement, \n dans le cadre des attributions de ce service. \n \nVII- En cas d'absence ou d'emp\u00eachement de M. St\u00e9phane B RUNOT, de M. Christophe JEAN, de Mme Magali \nMASSA, de M. Gilles CHOUAN et de Mme Audrey MUKADI,  d\u00e9l\u00e9gation de signature est donn\u00e9e, \u00e0 l'effet de s igner \nles constats de service fait \u00e0 M. Benoit WEBER, age nt contractuel, responsable du p\u00f4le audiovisuel, da ns le cadre de \nses attributions au sein du service interminist\u00e9riel d\u00e9partemental des syst\u00e8mes d'information et de communication. \n \nVIII- En cas d'absence ou d'emp\u00eachement de M. St\u00e9phane B RUNOT, de M. Christophe JEAN, de Mme Magali \nMASSA et de M. Gilles CHOUAN, d\u00e9l\u00e9gation de signatu re est donn\u00e9e \u00e0 Mme Laurence GALMICHE, attach\u00e9e \nd'administration, cheffe du bureau du soutien de la  direction r\u00e9gionale des affaires culturelles d'Ile -de-France (DRAC), \n\u00e0 l'effet de signer les engagements juridiques des d\u00e9penses de fonctionnement et d'investissement de s on bureau \ndans la limite de 5 000 euros HT et dans le cadre des attributions de son bureau. \n \nIX-En cas d'absence ou d'emp\u00eachement de M. St\u00e9phane B RUNOT, de M. Christophe JEAN, de Mme Magali MASSA \net de M. Gilles CHOUAN, d\u00e9l\u00e9gation de signature est  donn\u00e9e \u00e0 Mme Christelle RIQUART, attach\u00e9e d'admini stration, \ncheffe du bureau administratif et financier, \u00e0 l'effet de signer, dans le cadre des attributions de ce bureau : \n1\u00b0 les notes, courriers, d\u00e9cisions et correspondanc es administratives courantes ainsi que les actes de  gestion \ncourante relevant de la comp\u00e9tence et des attributions de ce bureau, \n2\u00b0 les bons de commande dont le montant n'exc\u00e8de pas 5 000 \u20ac HT,  \n3\u00b0 les certifications \u00ab certifi\u00e9 exact et service fait \u00bb, \n4\u00b0 les \u00e9tats pour servir au paiement, \n5\u00b0 les engagements juridiques des d\u00e9penses de fonctionnement et d'investissement de son bureau dans la  limite de  \n5 000 euros HT. \n \n \nArticle 20 : I- En cas d'absence ou d'emp\u00eachement de M. St\u00e9phane B RUNOT et de M. Christophe JEAN, d\u00e9l\u00e9gation \nde signature est donn\u00e9e \u00e0 Mme Magalie GRETTEAU, con seill\u00e8re d'administration de l'int\u00e9rieur et de l'ou tre-mer, \ncheffe du service des ressources humaines, \u00e0 l'effe t de signer les actes, documents, d\u00e9cisions, corres pondances \nadministratives et notes de service relevant des attributions de son service, sous r\u00e9serve des exclusions r\u00e9sultant du  \nIV de l'article 17. \n \n1\u00b0 les notes, courriers, d\u00e9cisions et correspondances administratives courantes ainsi que les actes de  gestion \ncourante relevant de la comp\u00e9tence et des attributions de son service, \n2\u00b0 les bons de commande dont le montant n'exc\u00e8de pas 10 000 \u20ac HT,  \nPr\u00e9fecture de la R\u00e9gion d'Ile de France, Pr\u00e9fecture de Paris  - IDF-2025-07-03-00006 - Arr\u00eat\u00e9 portant d\u00e9l\u00e9gation de signature aux\nagents de la pr\u00e9fecture de la r\u00e9gion d'Ile-de-France, pr\u00e9fecture de Paris 110\n16 \n3\u00b0 les certifications \"certifi\u00e9 exact et service fait\", \n4\u00b0 les \u00e9tats pour servir au paiement, dans le cadre des attributions du service des ressources humaines. \n \nII - En cas d'absence ou d'emp\u00eachement de M. St\u00e9phane BRUNOT, de M. Christophe JEAN et de Mme Magalie \nGRETTEAU, d\u00e9l\u00e9gation de signature est donn\u00e9e \u00e0 M. Y ann-Ga\u00ebl JAFFRE, directeur du travail, adjoint \u00e0 la  cheffe du \nservice des ressources humaines, directeur de la pl ateforme r\u00e9gionale interminist\u00e9rielle \u00e0 la gestion des ressources \nhumaines, et \u00e0 Mme Christine POULAIN, attach\u00e9e d'ad ministration, adjointe \u00e0 la cheffe du service des r essources \nhumaines, au titre des missions du service des ressources humaines  \n \nIII- En cas d'absence ou d'emp\u00eachement de M. St\u00e9phane BR UNOT, de M. Christophe JEAN, de Mme Magalie \nGRETTEAU, de M. Yann-Ga\u00ebl JAFFRE et de Mme Christin e POULAIN, d\u00e9l\u00e9gation de signature est donn\u00e9e \u00e0  \nMme Val\u00e9rie IMBERT, charg\u00e9e de mission contractuell e \"projets transversaux et dialogue social\" pour la  direction \nr\u00e9gionale et interd\u00e9partementale de l'agriculture, de l'alimentation et de la for\u00eat d'Ile-de-France (D RIAAF), \u00e0 l'effet de \nsigner les actes, documents, d\u00e9cisions, corresponda nces administratives et notes relevant des attribut ions du service \ndes ressources humaines et concernant les agents du p\u00e9rim\u00e8tre \"agriculture\". \n \n \nArticle 21 : I-  En cas d'absence ou d'emp\u00eachement de M. St\u00e9phane B RUNOT, de M. Christophe JEAN, de  \nMme Magalie GRETTEAU, de M. Yann-Ga\u00ebl JAFFRE et de Mme Christine POULAIN, d\u00e9l\u00e9gation de signature est \ndonn\u00e9e \u00e0 Mme Anne DESBROSSE, attach\u00e9e hors classe d 'administration, cheffe du bureau du recrutement, d e \nl'attractivit\u00e9 et des parcours de carri\u00e8re du servi ce des ressources humaines, et en cas d'absence et d'emp\u00eachement \nde celle-ci, \u00e0 M. Thibault JOURDAIN de MUIZON, atta ch\u00e9 principal d'administration, son adjoint, \u00e0 l'ef fet de signer, \ndans le cadre de leurs attributions respectives, le s actes, documents, d\u00e9cisions, correspondances admi nistratives et \nnotes de service relevant des attributions de ce bu reau, y compris les bons de commande dont le montan t n'exc\u00e8de \npas 5 000\u20ac HT et les certifications \"certifi\u00e9 exact et service fait\". \n \nII- En cas d'absence ou d'emp\u00eachement de M. St\u00e9phane B RUNOT, de M. Christophe JEAN, de Mme Magalie \nGRETTEAU, de M. Yann-Ga\u00ebl JAFFRE et de Mme Christin e POULAIN, d\u00e9l\u00e9gation de signature est donn\u00e9e \u00e0  \nMme Nadine DESPLEBIN, attach\u00e9e d'administration hor s classe, cheffe du bureau r\u00e9gional interminist\u00e9rie l de la \nformation et des concours et \u00e0 Mme Emilie BLEVIS, a ttach\u00e9e principale d'administration, son adjointe, \u00e0 l'effet de \nsigner, dans le cadre de leurs attributions respect ives, les actes, documents, d\u00e9cisions, correspondan ces \nadministratives et notes de service relevant des at tributions de ce bureau, y compris les bons de comm ande dont le \nmontant n'exc\u00e8de pas 5 000\u20ac HT et les certifications \"certifi\u00e9 exact et service fait\" \n \nIII- En cas d'absence ou d'emp\u00eachement de M. St\u00e9phane B RUNOT, de M. Christophe JEAN, de Mme Magalie \nGRETTEAU, de M. Yann-Ga\u00ebl JAFFRE et de Mme Christin e POULAIN, d\u00e9l\u00e9gation de signature est donn\u00e9e \u00e0  \nMme Aur\u00e9lie CARDINI, attach\u00e9e d'administration, adj ointe au chef du bureau de gestion des ressources h umaines \u00e0 \nl'effet de signer les actes, documents, d\u00e9cisions, correspondances administratives et notes de service  relevant de ce \nbureau, y compris les bons de commande dont le mont ant n'exc\u00e8de pas 5 000\u20ac HT et les certifications \"c ertifi\u00e9 exact \net service fait\". \n \nIV- En cas d'absence ou d'emp\u00eachement de M. St\u00e9phane BR UNOT, de M. Christophe JEAN, de Mme Magalie \nGRETTEAU, de M. Yann-Ga\u00ebl JAFFRE et de Mme Christine POULAIN, d\u00e9l\u00e9gation de signature est donn\u00e9e \u00e0 : \n1\u00b0 M. Antoine HEDOUIN, attach\u00e9 d'administration, ch ef de la section \"\ngestion administrative pr\u00e9fecture et gestion du \ntemps de travail-tous p\u00e9rim\u00e8tres\" et \u00e0 Mme Sandrine  DELESTRE, secr\u00e9taire administrative de classe exce ptionnelle, \nson adjointe ; \n2\u00b0 Mme Christine EUGENE, attach\u00e9e principale d'administration, cheffe de la section \"gestion m\u00e9dicale et handicap\" \net \u00e0 Mme Sophie DIVARET, secr\u00e9taire administrative de classe normale, son adjointe ; \n3\u00b0 Mme Jennifer POTIER, attach\u00e9e d'administration, cheffe de la section \"r\u00e9mun\u00e9ration, pilotage de la masse \nsalariale et des effectifs de la pr\u00e9fecture et gest ion administrative et indemnitaire-DRIEETS-DRIAAF\" du bureau de \ngestion des ressources humaines ; \n \n\u00e0 l'effet de signer les actes, documents, d\u00e9cisions, correspondances administratives et notes de servi ce relevant de \nleur section au sein de ce bureau, y compris les bo ns de commande dont le montant n'exc\u00e8de pas 5 000\u20ac HT et les \ncertifications \"certifi\u00e9 exact et service fait\". \n \nV- En cas d'absence ou d'emp\u00eachement de M. St\u00e9phane B RUNOT, de M. Christophe JEAN, de Mme Magalie \nGRETTEAU, de M. Yann-Ga\u00ebl JAFFRE et de Mme Christin e POULAIN, d\u00e9l\u00e9gation de signature est donn\u00e9e \u00e0  \nMme Claire-Marie GHESTIN, attach\u00e9e d'administration , cheffe du bureau de l'action sociale et du dialog ue social, \u00e0 \nl'effet de signer, dans le cadre de ses attributions : \n1\u00b0 les notes, courriers, d\u00e9cisions et correspondanc es administratives courantes ainsi que les actes de  gestion \ncourante relevant de la comp\u00e9tence et des attributions du bureau ; \n2\u00b0 les bons de commande dont le montant n'exc\u00e8de pas 5 000 \u20ac HT ; \nPr\u00e9fecture de la R\u00e9gion d'Ile de France, Pr\u00e9fecture de Paris  - IDF-2025-07-03-00006 - Arr\u00eat\u00e9 portant d\u00e9l\u00e9gation de signature aux\nagents de la pr\u00e9fecture de la r\u00e9gion d'Ile-de-France, pr\u00e9fecture de Paris 111\n17 \n3\u00b0 les certifications \"certifi\u00e9 exact et service fait\" ; \n4\u00b0 les \u00e9tats pour servir au paiement. \n \nVI - En cas d'absence ou d'emp\u00eachement de M. St\u00e9phane BRUNOT, de M. Christophe JEAN, de Mme Magalie \nGRETTEAU, de M. Yann-Ga\u00ebl JAFFRE, de Mme Christine POULAIN et de Mme Claire-Marie GHESTIN, la \nd\u00e9l\u00e9gation de signature pr\u00e9vue au V ci-dessus est d onn\u00e9e \u00e0 M. Christophe RENGNET-FONTAINE, attach\u00e9 \nd'administration, adjoint \u00e0 la cheffe du bureau de l'action sociale et du dialogue social. \n \nArticle 22  : I- En cas d'absence ou d'emp\u00eachement de M. St\u00e9phane BR UNOT et de M. Christophe JEAN, d\u00e9l\u00e9gation \nde signature est donn\u00e9e \u00e0 Mme Alma ROUDE, adjointe au chef du service de la modernisation de l'\u00c9tat, \u00e0 l'effet : \n  \n1\u00b0 de signer les documents, d\u00e9cisions et correspondances administratives courantes, ainsi que les acte s de gestion \ncourante relevant de la comp\u00e9tence et des attributions de ce service ; \n2\u00b0 de signer les bons de commande dont le montant n'exc\u00e8de pas 4 000 \u20ac HT ; \n3\u00b0 de signer les certifications \"certifi\u00e9 exact et service fait\" ; \n4\u00b0 de signer les \u00e9tats pour servir au paiement ; \n5\u00b0 de signer les notes, relatives  au contr\u00f4le interne financier. \n \nII- En cas d'absence ou d'emp\u00eachement de M. St\u00e9phane B RUNOT, de M. Christophe JEAN et de Mme Alma \nROUDE, la d\u00e9l\u00e9gation de signature pr\u00e9vue au I est d onn\u00e9e \u00e0 Mme Adeline SERET, attach\u00e9e d'administratio n, cheffe \nde la mission performance, dans le cadre de ses attributions au sein de cette mission. \n \n \nArticle 23  : I- En cas d'absence ou d'emp\u00eachement de M. St\u00e9phane B RUNOT et de M. Christophe JEAN, d\u00e9l\u00e9gation \nde signature est donn\u00e9e \u00e0 M. Olivier GUY, attach\u00e9 d 'administration hors classe, chef du service des ac hats et des \nfinances, \u00e0 l'effet : \n \n1\u00b0 de signer toutes notes et correspondances administratives courantes ; \n2\u00b0 de r\u00e9partir les cr\u00e9dits des programmes mentionn\u00e9s \u00e0 l'article 17 ; \nsous r\u00e9serve des exclusions mentionn\u00e9es \u00e0 l'article 17. \n \nII- En cas d'absence ou d'emp\u00eachement de M. St\u00e9phane B RUNOT, de M. Christophe JEAN et de M. Olivier GUY, la \nd\u00e9l\u00e9gation de signature pr\u00e9vue au I est donn\u00e9e \u00e0 M.  Arnaud PLANEILLE, attach\u00e9 d'administration hors cl asse, adjoint \nau chef du service des achats et des finances, directeur de la plateforme r\u00e9gionale des achats d'Ile-de-France. \n \nIII- En cas d'absence ou d'emp\u00eachement de M. St\u00e9phane B RUNOT, de M. Christophe JEAN, et de M. Olivier GUY,  \nd\u00e9l\u00e9gation de signature est donn\u00e9e pour r\u00e9partir le s cr\u00e9dits des programmes \"Performance et r\u00e9silience  des \nb\u00e2timents de l'Etat et de ses op\u00e9rateurs\" (n\u00b0 348) et \"Op\u00e9rations immobili\u00e8res et entretien des b\u00e2time nts de l'\u00c9tat\" (n\u00b0 \n723), ainsi que ceux de la mission Plan de relance : programmes \"\u00c9cologie\" (n\u00b0362) et \"Comp\u00e9titivit\u00e9\" (n\u00b0363), \u00e0  \nM. Arnaud PLANEILLE, attach\u00e9 d'administration hors classe, adjoint au chef du service des achats et de s finances, \ndirecteur de la plateforme r\u00e9gionale des achats d'I le-de-France, ainsi qu'aux agents suivants du burea u du pilotage \nbudg\u00e9taire et de la section du pilotage r\u00e9gional de ce bureau  : \n \n1\u00b0 \u00e0 Mme H\u00e9l\u00e8ne FAIVRE, attach\u00e9e principale d'administration, cheffe de bureau du pilotage budg\u00e9taire ; \n2\u00b0 \u00e0 Mme Amel SAIDI, attach\u00e9e d'administration, charg\u00e9e de mission \"cr\u00e9dits immobiliers\" ; \n3\u00b0  \u00e0 Mme Sandra AGOSTINHO, secr\u00e9taire administrative, gestionnaire budg\u00e9taire ; \n4\u00b0 \u00e0 M. Mael ANDRIES-COSTES, secr\u00e9taire administrat if de classe normale, gestionnaire budg\u00e9taire sp\u00e9ci alis\u00e9 \nimmobilier ; \n5\u00b0 \u00e0 M. Thierry DEBEVE, adjoint administratif, gestionnaire budg\u00e9taire, pour r\u00e9partir les cr\u00e9dits hors  titre 2 du \nprogramme \"Administration territoriale de l'Etat\" (n\u00b0 354) ; \n6\u00b0 M. S\u00e9bastien BELTRAN, attach\u00e9 d'administration, chef de la section. \n \nIV- En cas d'absence ou d'emp\u00eachement de M. St\u00e9phane B RUNOT, de M. Christophe JEAN, de M. Olivier GUY et de \nM. Arnaud PLANEILLE, d\u00e9l\u00e9gation de signature est do nn\u00e9e pour r\u00e9partir les cr\u00e9dits titre 2 du programme  \n\"Administration territoriale de l'Etat\" (n\u00b0 354) et  des autres programmes mentionn\u00e9s \u00e0 l'article 17, \u00e0  Mme H\u00e9l\u00e8ne \nFAIVRE, attach\u00e9e principale d'administration, cheff e du bureau du pilotage budg\u00e9taire, et \u00e0 Mme Danka MIJAILOVIC, \nsecr\u00e9taire administrative, gestionnaire budg\u00e9taire \u00e0 la section \"pilotage r\u00e9gional des effectifs et de la masse salariale\". \n \n \nArticle 24  : I- En cas d'absence ou d'emp\u00eachement de M. St\u00e9phane B RUNOT et de M. Christophe JEAN, d\u00e9l\u00e9gation \nde signature est donn\u00e9e \u00e0 M. Olivier GUY, attach\u00e9 d 'administration hors classe, chef du service des ac hats et des \nfinances, \u00e0 l'effet : \nPr\u00e9fecture de la R\u00e9gion d'Ile de France, Pr\u00e9fecture de Paris  - IDF-2025-07-03-00006 - Arr\u00eat\u00e9 portant d\u00e9l\u00e9gation de signature aux\nagents de la pr\u00e9fecture de la r\u00e9gion d'Ile-de-France, pr\u00e9fecture de Paris 112\n18 \n \n1\u00b0 de signer les actes, documents, d\u00e9cisions, correspondances administratives, notes, relatives : \n \na) \u00e0 l'ex\u00e9cution budg\u00e9taire et comptable de la pr\u00e9fecture, \nb) l'instruction de dossiers soumis \u00e0 l'ordonnancem ent secondaire du pr\u00e9fet de la r\u00e9gion d'Ile-de-Fran ce, pr\u00e9fet de \nParis,  \n \n2\u00b0 en mati\u00e8re d'ordonnancement des d\u00e9penses et de l'ex\u00e9cution budg\u00e9taire pour transcrire dans le syst\u00e8 me \nd'information financi\u00e8re de l'\u00c9tat les d\u00e9cisions pr ises en mati\u00e8re budg\u00e9taire sur les unit\u00e9s op\u00e9ration nelles de \nprogramme pour lesquelles le pr\u00e9fet de la r\u00e9gion d' \u00cele-de-France, pr\u00e9fet de Paris, est ordonnateur sec ondaire de droit \nou en vertu d'une d\u00e9l\u00e9gation de gestion, sauf dans les cas o\u00f9 une autre personne a \u00e9t\u00e9 sp\u00e9cialement d\u00e9 sign\u00e9e \u00e0 cet \neffet. \n \n\u00c0 ce titre, il est autoris\u00e9 \u00e0 passer tous les actes  relevant du r\u00f4le de responsable d'unit\u00e9 op\u00e9rationn elle et \nparticuli\u00e8rement : \n \na) la saisie de la programmation budg\u00e9taire ; \nb) la saisie des r\u00e9tablissements de cr\u00e9dits ; \nc) la saisie et validation de blocages de fonds ; \nd) toutes op\u00e9rations de pilotage des cr\u00e9dits de paiement. \n \n3\u00b0 En mati\u00e8re d'ordonnancement des d\u00e9penses et d'ex \u00e9cution budg\u00e9taire, pour valider et transmettre au comptable \nassignataire, par le syst\u00e8me d'information financi\u00e8 re de l'\u00c9tat, les ordres de payer des d\u00e9penses pour  lesquelles \nl'engagement pr\u00e9alable n'est pas exig\u00e9, et la const atation du service fait concomitante de l'ordre de payer, ainsi que \ntoutes pi\u00e8ces justificatives des d\u00e9penses. \n \nII- En cas d'absence ou d'emp\u00eachement de M. St\u00e9phane BR UNOT, de M. Christophe JEAN et de M. Olivier GUY, l a \nd\u00e9l\u00e9gation pr\u00e9vue au I est accord\u00e9e \u00e0 M. Arnaud PLA NEILLE, attach\u00e9 d'administration hors classe, adjoi nt au chef du \nservice des achats et des finances, directeur de la plateforme r\u00e9gionale des achats d'Ile-de-France. \n \nIII- En cas d'absence ou d'emp\u00eachement de M. St\u00e9phane B RUNOT, de M. Christophe JEAN, de M. Olivier GUY et de \nM. Arnaud PLANEILLE, d\u00e9l\u00e9gation de signature est do nn\u00e9e \u00e0 Mme \u00e0 Mme H\u00e9l\u00e8ne FAIVRE, attach\u00e9e principale  \nd'administration, cheffe du bureau du pilotage budg \u00e9taire du service des achats et des finances, \u00e0 l'e ffet de \ntransmettre au comptable public comp\u00e9tent les ordre s de recouvrer et r\u00e9tablissements de cr\u00e9dits en mat i\u00e8re de \nrecettes non fiscale et \u00e0 l'effet de signer les cor respondances administratives relatives au pilotage budg\u00e9taire des \nd\u00e9penses de fonctionnement de la pr\u00e9fecture, de la qualit\u00e9 d'ex\u00e9cution des d\u00e9penses des services presc ripteurs, et \ndes affaires immobili\u00e8res. \n \nIV- En cas d'absence ou d'emp\u00eachement de M. St\u00e9phane B RUNOT, de M. Christophe JEAN, de M. Olivier GUY,de \nM. Arnaud PLANEILLE et de Mme H\u00e9l\u00e8ne FAIVRE, et san s pr\u00e9judice des r\u00e8gles relatives \u00e0 l'acc\u00e8s aux syst \u00e8mes \nd'information, la d\u00e9l\u00e9gation pr\u00e9vue aux 2\u00b0 et 3\u00b0 du I ci-dessus est accord\u00e9e aux agents suivants du bureau du pilotage \nbudg\u00e9taire : \n \n1\u00b0 aux gestionnaires budg\u00e9taires au sein de la section des \"pilotage des cr\u00e9dits de fonctionnement et immobiliers \nr\u00e9gionaux\" ci-apr\u00e8s : \na) M. Thierry DEBEVE, adjoint administratif, \u00e0 Mme Sandra AGOSTINHO, secr\u00e9taire administrative,  \nb) \u00e0 Mme Nadia TALCONE, secr\u00e9taire administrative de classe exceptionnelle,  \nc) M. Yann LE MEN, secr\u00e9taire administratif de classe normale,   \n2\u00b0 \u00e0 M. Jean-Pierre BOURKAIB, attach\u00e9 d'administrat ion, chef de la section \"pilotage des cr\u00e9dits de la  pr\u00e9fecture de \nParis et gestion des frais de d\u00e9placement\" ; \n3\u00b0 aux gestionnaires budg\u00e9taires au sein de la section \"pilotage des cr\u00e9dits de la pr\u00e9fecture de Paris  et gestion des \nfrais de d\u00e9placement\" suivants :  \na) Mme Marie-Pia DE GORGUETTE D'ARGOEUVES, attach\u00e9e d'administration,  \nb) Mme Sabrina MESSAOUDI, secr\u00e9taire administrative,  \nc) Mme Bernadette TATSIDJODOUNG, secr\u00e9taire administrative de classe normale,  \nd) M. Alain MERCIER, adjoint administratif,  \ne) M. Thomas PROD'HOMME, secr\u00e9taire administratif de classe normale,  \nf) Mme T\u00e9n\u00e9 WAGU\u00c9, secr\u00e9taire administrative de classe normale, \nPr\u00e9fecture de la R\u00e9gion d'Ile de France, Pr\u00e9fecture de Paris  - IDF-2025-07-03-00006 - Arr\u00eat\u00e9 portant d\u00e9l\u00e9gation de signature aux\nagents de la pr\u00e9fecture de la r\u00e9gion d'Ile-de-France, pr\u00e9fecture de Paris 113\n19 \ng) Mme Kishley DELAGE, agente contractuelle. \n \nV- En cas d'absence ou d'emp\u00eachement de M. St\u00e9phane B RUNOT, de M. Christophe JEAN, de M. Olivier GUY, de  \nM. Arnaud PLANEILLE et de Mme H\u00e9l\u00e8ne FAIVRE, la d\u00e9l \u00e9gation pr\u00e9vue au 2\u00b0 du I du pr\u00e9sent article est ac cord\u00e9e \u00e0 \nM. Jean-Pierre BOURKAIB, attach\u00e9 d'administration, chef de la section \"pilotage des cr\u00e9dits de la pr\u00e9f ecture de Paris \net gestion des frais de d\u00e9placement\" du bureau du p ilotage budg\u00e9taire, s'agissant de la signature des pi\u00e8ces \ncomptables concernant les d\u00e9placements temporaires,  hors celles prises en compte par la r\u00e9gie, et de l a validation \ndans l'application Chorus DT en qualit\u00e9 de service gestionnaire ou de gestionnaire valideur, des ordre s de mission, \ndes \u00e9tats de frais et des commandes sur les diff\u00e9re nts march\u00e9s voyagistes dans le p\u00e9rim\u00e8tre de la pr\u00e9f ecture de la \nr\u00e9gion d'\u00cele-de-France, pr\u00e9fecture de Paris, de la direction r\u00e9gionale des affaires culturelles (DRAC)  d'Ile-de-France, \nde la direction r\u00e9gionale interd\u00e9partementale de l' alimentation, de l'agriculture et de la for\u00eat (DRIA AF), et de la \ndirection r\u00e9gionale et interd\u00e9partementale de l'\u00e9conomie, de l'emploi, du travail et des solidarit\u00e9s (DRIEETS). \n \nVI- En cas d'absence ou d'emp\u00eachement de M. St\u00e9phane B RUNOT, de M. Christophe JEAN, de M. Olivier GUY, de  \nM. Arnaud PLANEILLE, de Mme H\u00e9l\u00e8ne FAIVRE et de M. Jean-Pierre BOURKAIB, la d\u00e9l\u00e9gation pr\u00e9vue au 2\u00b0 du  I du \npr\u00e9sent article est accord\u00e9e, \u00e0 Mr Alain MERCIER, \u00e0  Mme Kishley DELAGE, \u00e0 M. Thomas PROD'HOMME \n et \u00e0  \nMme T\u00e9n\u00e9 WAGU\u00c9, gestionnaires budg\u00e9taires, au sein de la section \"pilotage des cr\u00e9dits de la pr\u00e9fectur e de Paris et \ngestion des frais de d\u00e9placement\" du bureau du pilotage budg\u00e9taire, s'agissant de la signature des pi\u00e8 ces comptables \nconcernant les d\u00e9placements temporaires, hors celle s prises en compte par la r\u00e9gie, et de la validatio n dans \nl'application Chorus DT en qualit\u00e9 de service gesti onnaire ou de gestionnaire valideur, des ordres de mission, des \n\u00e9tats de frais et des commandes sur les diff\u00e9rents march\u00e9s voyagistes dans le p\u00e9rim\u00e8tre de la pr\u00e9fectu re de la r\u00e9gion \nd'\u00cele-de-France, pr\u00e9fecture de Paris, de la DRAC d'Ile-de-France, de la DRIAAF, et de la DRIEETS. \n \nVII- En cas d'absence ou d'emp\u00eachement de M. St\u00e9phane B RUNOT, de M. Christophe JEAN, de M. Olivier GUY et \nde M. Arnaud PLANEILLE, d\u00e9l\u00e9gation de signature est  donn\u00e9e \u00e0 Mme Virginie MIQUET, conseill\u00e8re d'admini stration \nde l'int\u00e9rieur et des outre-mer,  cheffe du bureau r\u00e9gional des achats \u00e0 l'effet de s igner, dans la cadre de ses \nattributions, les actes n\u00e9cessaires \u00e0 la mise en \u0153u vre des proc\u00e9dure de march\u00e9s publics pour la pr\u00e9fec ture de r\u00e9gion \nd'Ile-de-France, pr\u00e9fecture de Paris, ainsi que pou r les march\u00e9s publics interminist\u00e9riels r\u00e9gionaux p our lesquels le \npr\u00e9fet de la r\u00e9gion d'\u00cele-de-France, pr\u00e9fet de Pari s, a re\u00e7u un mandat d'un groupement de commande pou r les \nconclure, ainsi que les actes aff\u00e9rents \u00e0 leur passation. \n \nVIII-\n En cas d'absence ou d'emp\u00eachement de M. St\u00e9phane BR UNOT, de M. Christophe JEAN, de M. Olivier GUY, de \nM. Arnaud PLANEILLE et de Mme Virginie MIQUET, la d \u00e9l\u00e9gation de signature mentionn\u00e9e au VII du pr\u00e9sent  article \nest donn\u00e9e \u00e0 M. Stanislas VEITL, agent contractuel, adjoint \u00e0 la cheffe du bureau r\u00e9gional des achats. \n \nIX - En cas d'absence ou d'emp\u00eachement de M. St\u00e9phane  BRUNOT, de M. Christophe JEAN, de M. Olivier GUY e t \nde M. Arnaud PLANEILLE, d\u00e9l\u00e9gation de signature est  donn\u00e9e \u00e0 l'effet de transmettre au comptable publi c comp\u00e9tent \nles ordres de recouvrer et r\u00e9tablissements de cr\u00e9di ts en mati\u00e8re de recettes non fiscales, et de valid er les demandes \nd'engagements juridiques des d\u00e9penses de fonctionne ment et d'investissement dans Chorus Formulaires, p our \nvalider et transmettre au comptable assignataire, p ar le syst\u00e8me d'information financi\u00e8re de l'\u00c9tat, l es ordres de payer \ndes d\u00e9penses pour lesquelles l'engagement pr\u00e9alable  n'est pas exig\u00e9, et la constatation du service fai t concomitante \nde l'ordre de payer, ainsi que toutes pi\u00e8ces justif icatives des d\u00e9penses \u00e0 Mme Catherine RABEAU, attac h\u00e9e \nd'administration, cheffe du bureau mutualis\u00e9 de l'ex\u00e9cution de la d\u00e9pense, ainsi qu'aux agents suivants de ce bureau : \n \n1\u00b0 M. Christophe GARCIA, attach\u00e9 d'administration, adjoint \u00e0 la cheffe de bureau ; \n2\u00b0 Mme Dahbia BOUKHELIFA, secr\u00e9taire administrative  de classe normale affect\u00e9e \u00e0 la section \"engagemen t \ninterne\" ; \n3\u00b0 Mme Fr\u00e9d\u00e9rique RENAULT, secr\u00e9taire administrative de classe normale, affect\u00e9e \u00e0 la section \"engagem ent \ninterne\" ; \n4\u00b0 Mme Muriel JAMET, secr\u00e9taire administrative de classe normale, cheffe de la section \"DRIAAF\", \n5\u00b0 Mme Samantha GEYORO, agent contractuelle, affect\u00e9e \u00e0 la section \"DRIAAF\" ; \n6\u00b0 M. Patrick BERNARD, secr\u00e9taire administratif de classe exceptionnelle, chef de la section \"coordina tion DRIEETS \net DRAC \" ; \n7\u00b0 Mme V\u00e9ronique FREMONT, agent contractuelle, affect\u00e9e \u00e0 la section \"coordination DRIEETS et DRAC \", \n8\u00b0 M. Julien ANCIAUX, secr\u00e9taire administratif de c lasse normale, affect\u00e9e \u00e0 la section \"coordination DRIEETS et \nDRAC \" ; \n9\u00b0 Mme Carima AOUCHETA, secr\u00e9taire administrative de classe normale, affect\u00e9e \u00e0 la section \"coordinati on \nDRIEETS et DRAC\" ; \n10\u00b0 M. Pascal SALON, secr\u00e9taire administratif de classe normale, affect\u00e9e \u00e0 la section \"coordination D RIEETS et \nDRAC\". \n \nPr\u00e9fecture de la R\u00e9gion d'Ile de France, Pr\u00e9fecture de Paris  - IDF-2025-07-03-00006 - Arr\u00eat\u00e9 portant d\u00e9l\u00e9gation de signature aux\nagents de la pr\u00e9fecture de la r\u00e9gion d'Ile-de-France, pr\u00e9fecture de Paris 114\n20 \nX- En cas d'absence ou d'emp\u00eachement de M. St\u00e9phane B RUNOT, de M. Christophe JEAN, de M. Olivier GUY et de \nM. Arnaud PLANEILLE, la d\u00e9l\u00e9gation de signature mentionn\u00e9e au VIII ci-dessus est \u00e9galement donn\u00e9e \u00e0 Mm e Val\u00e9rie \nIMBERT, charg\u00e9e de mission contractuelle \"projets t ransversaux et dialogue social\" du secr\u00e9tariat g\u00e9n\u00e9 ral aux \nmoyens mutualis\u00e9s pour la DRIAAF. \n \nXI- En cas d'absence ou d'emp\u00eachement de M. St\u00e9phane BRUNOT, de M. Christophe JEAN, de M. Olivier GUY et  de \nM. Arnaud PLANEILLE, d\u00e9l\u00e9gation de signature est do nn\u00e9e \u00e0 Mme Sandrine IRAGABA, attach\u00e9e principale \nd'administration, responsable du centre des service s partag\u00e9s r\u00e9gional, \u00e0 l'effet de signer les actes,  documents, \nd\u00e9cisions, correspondances administratives, notes, circulaires relevant de la comp\u00e9tence et des attrib utions du centre \nde services partag\u00e9s r\u00e9gional d'Ile-de-France, dont  la r\u00e9gie d'avances et de recettes et le dispositif  de carte achat \npr\u00e9vues. \n \nXII- En cas d'absence ou d'emp\u00eachement de M. St\u00e9phane B RUNOT, de M. Christophe JEAN, de M. Olivier GUY, de  \nM. Arnaud PLANEILLE et de Mme Sandrine IRAGABA, d\u00e9l \u00e9gation de signature est donn\u00e9e \u00e0 Mme Anne \nLAVERGNE, contractuelle, adjointe \u00e0 la cheffe du ce ntre de services partag\u00e9s r\u00e9gional, \u00e0 Mme Dalila MA NSOURI, \nagente de cat\u00e9gorie B, cheffe de la section \"gestio n des actes complexes\" du centre de services partag \u00e9s r\u00e9gional, et \n\u00e0 M. Fabrice SILENE, chef de la section \"gestion de s d\u00e9penses hors march\u00e9s\" au centre de services part ag\u00e9s \nr\u00e9gional, \u00e0 l'effet de signer les documents et corr espondances relevant des attributions des sections du centre de \nservices partag\u00e9s r\u00e9gional. \n \n \nArticle 25  : I- Au titre des attributions du pr\u00e9fet de la r\u00e9gion d' Ile-de-France, pr\u00e9fet de Paris, et du secr\u00e9tariat g \u00e9n\u00e9ral \naux moyens mutualis\u00e9s, mises en \u0153uvre par la direct ion des affaires juridiques en mati\u00e8re contentieuse  et en mati\u00e8re \nde droit d'acc\u00e8s aux documents administratifs, se r apportant aux attributions du secr\u00e9tariat g\u00e9n\u00e9ral a ux moyens \nmutualis\u00e9s, et sous r\u00e9serve des comp\u00e9tences confi\u00e9e s au pr\u00e9fet, secr\u00e9taire g\u00e9n\u00e9ral aux politiques publ iques de la \npr\u00e9fecture de la r\u00e9gion d'Ile-de-France, pr\u00e9fecture  de Paris et au pr\u00e9fet, directeur de cabinet du pr\u00e9 fet de la r\u00e9gion \nd'Ile-de-France, pr\u00e9fet de Paris, d\u00e9l\u00e9gation de sig nature est donn\u00e9e \u00e0 M. St\u00e9phane BRUNOT, pr\u00e9fet, sec r\u00e9taire \ng\u00e9n\u00e9ral aux moyens mutualis\u00e9s de la pr\u00e9fecture de l a r\u00e9gion Ile-de-France, pr\u00e9fecture de Paris, \u00e0 l'ef fet de signer les \nactes, pi\u00e8ces, documents, correspondances administr atives et notes y aff\u00e9rents, \u00e0 l'exclusion des requ \u00eates aupr\u00e8s \ndes diff\u00e9rentes juridictions. \n \nII- En cas d'absence ou d'emp\u00eachement de M. St\u00e9phane BR UNOT, la d\u00e9l\u00e9gation de signature pr\u00e9vue au I est do nn\u00e9e \n\u00e0 M. Christophe JEAN, administrateur de l'Etat hors  classe, adjoint au pr\u00e9fet, secr\u00e9taire g\u00e9n\u00e9ral aux moyens \nmutualis\u00e9s de la pr\u00e9fecture de la r\u00e9gion d'Ile-de-France, pr\u00e9fecture de Paris. \n \nIII- En cas d'absence ou d'emp\u00eachement de M. St\u00e9phane BR UNOT et de M. Christophe JEAN, la d\u00e9l\u00e9gation de \nsignature pr\u00e9vue au I est donn\u00e9e \u00e0 Mme Marie-Ga\u00eblle  BONFILS, premi\u00e8re conseill\u00e8re du corps des magistr ats des \ntribunaux administratifs et des cours administratives d'appel, directrice des affaires juridiques. \n \nIV- En cas d'absence ou d'emp\u00eachement de M. St\u00e9phane BRUNOT, de M. Christophe JEAN et de Mme Marie-Ga\u00eb lle \nBONFILS, d\u00e9l\u00e9gation de signature est donn\u00e9e \u00e0 Mme C orine PERCHERON, conseill\u00e8re d'administration de l' int\u00e9rieur \net de l'outre-mer, adjointe au directeur des affair es juridiques, \u00e0 l'effet de signer les actes, pi\u00e8ce s, documents, \ncorrespondances administratives ou notes relevant, d'une part, du I ci-dessus, et d'autre part, des fo nctions \nmentionn\u00e9es aux premier et troisi\u00e8me alin\u00e9as de l'a rticle 20 de l'arr\u00eat\u00e9 portant organisation de la pr \u00e9fecture de la \nr\u00e9gion d'Ile-de-France, pr\u00e9fecture de Paris. \n \nV- En cas d'absence ou d'emp\u00eachement de M. St\u00e9phane B RUNOT, de M. Christophe JEAN, de Mme Marie-Ga\u00eblle \nBONFILS et de Mme Corine PERCHERON, la d\u00e9l\u00e9gation d e signature mentionn\u00e9e au IV est donn\u00e9e \u00e0 Mme Jo\u00ebll e \nMATHIEU, attach\u00e9e d'administration hors classe, che ffe de la \"mission l\u00e9gistique et animation juridiqu e r\u00e9gionale\", \ndans le cadre des attributions de cette mission. \n \nVI- En cas d'absence ou d'emp\u00eachement de M. St\u00e9phane B RUNOT, de M. Christophe JEAN, de Mme Marie-Ga\u00eblle \nBONFILS, de Mme Corine PERCHERON et de Mme Jo\u00eblle M ATHIEU, d\u00e9l\u00e9gation de signature est donn\u00e9e \u00e0 M. \nMathys SCHETRIT, agent contractuel de cat\u00e9gorie A e t Mme Marjorie DEGROTT, secr\u00e9taire administrative d e classe \nnormale, consultants juridiques, \u00e0 la mission l\u00e9gis tique et animation juridique r\u00e9gionale, \u00e0 l'effet d e signer les courriels \nd'accus\u00e9 r\u00e9ception, les courriels de r\u00e9attribution et les courriels de communication de documents admi nistratifs en \nr\u00e9ponse aux saisines par courriels de la personne r esponsable de l'acc\u00e8s aux documents administratifs du pr\u00e9fet de \nla r\u00e9gion Ile-de-France, pr\u00e9fet de Paris. \n \n \nArticle 26 : L'arr\u00eat\u00e9 n\u00b0 IDF-2025-06-02-00002-75-2025-06-02-00 002 du 2 juin 2025 portant d\u00e9l\u00e9gation de signature \naux agents de la pr\u00e9fecture de la r\u00e9gion d'Ile-de-France, pr\u00e9fecture de Paris, est abrog\u00e9. \n \n \nPr\u00e9fecture de la R\u00e9gion d'Ile de France, Pr\u00e9fecture de Paris  - IDF-2025-07-03-00006 - Arr\u00eat\u00e9 portant d\u00e9l\u00e9gation de signature aux\nagents de la pr\u00e9fecture de la r\u00e9gion d'Ile-de-France, pr\u00e9fecture de Paris 115\n21 \nArticle  27 :  La pr\u00e9f\u00e8te, secr\u00e9taire g\u00e9n\u00e9rale aux politiques pub liques, le pr\u00e9fet, secr\u00e9taire g\u00e9n\u00e9ral aux moyens \nmutualis\u00e9s, et le pr\u00e9fet, directeur de cabinet du p r\u00e9fet de la r\u00e9gion d'Ile-de-France, pr\u00e9fet de Paris , sont charg\u00e9s, \nchacun en ce qui le concerne, de l'ex\u00e9cution du pr\u00e9 sent arr\u00eat\u00e9 qui sera publi\u00e9 aux recueils des actes administratifs de \nla pr\u00e9fecture de la r\u00e9gion d'Ile-de-France, pr\u00e9fect ure de Paris (\u00e9chelons de Paris et de la r\u00e9gion d'I le-de-France), \naccessibles sur le site internet de la pr\u00e9fecture, \u00e0 l'adresse : www.prefectures-regions.gouv.fr/ile-d e-france, et qui \nentrera en vigueur le lendemain de sa publication. \n \nFait \u00e0 Paris, le 3 juillet 2025 \nLe pr\u00e9fet de la r\u00e9gion d'Ile-de-France, \nPr\u00e9fet de Paris, \n \nSign\u00e9 \n \nMarc GUILLAUME \nPr\u00e9fecture de la R\u00e9gion d'Ile de France, Pr\u00e9fecture de Paris  - IDF-2025-07-03-00006 - Arr\u00eat\u00e9 portant d\u00e9l\u00e9gation de signature aux\nagents de la pr\u00e9fecture de la r\u00e9gion d'Ile-de-France, pr\u00e9fecture de Paris 116\nRectorat de l'acad\u00e9mie de Cr\u00e9teil\nIDF-2025-07-03-00004\nArr\u00eat\u00e9 du 3 juillet 2025 portant d\u00e9l\u00e9gation de\nsignature \u00e0 madame Christ\u00e8le GUYONNET, \ndirectrice acad\u00e9mique des services de\nl'\u00e9ducation nationale par int\u00e9rim dans\n le d\u00e9partement de la Seine-et-Marne\n responsable du service acad\u00e9mique des retraites\npour le personnel enseignant du premier degr\u00e9\nRectorat de l'acad\u00e9mie de Cr\u00e9teil - IDF-2025-07-03-00004 - Arr\u00eat\u00e9 du 3 juillet 2025 portant d\u00e9l\u00e9gation de signature \u00e0 madame\nChrist\u00e8le GUYONNET, \ndirectrice acad\u00e9mique des services de l'\u00e9ducation nationale par int\u00e9rim dans\n le d\u00e9partement de la Seine-et-Marne\n responsable du service acad\u00e9mique des retraites pour le personnel enseignant du premier degr\u00e9\n117\nACADEMIEDE CRETEILLibert\u00e9Egalit\u00e9Fraternit\u00e9\n 1\n \n \n \n \n \n \n \n \nArr\u00eat\u00e9 du 3 juillet 2025 portant d\u00e9l\u00e9gation de signature \u00e0 madame Christ\u00e8le GUYONNET,  \ndirectrice acad\u00e9mique des services de l'\u00e9ducation nationale par int\u00e9rim dans \n le d\u00e9partement de la Seine-et-Marne \n responsable du service acad\u00e9mique des retraites pour le personnel enseignant du premier degr\u00e9 \n \nLE RECTEUR DE L'ACADEMIE DE CRETEIL \n \nVU     le code de l'\u00e9ducation et, notamment, ses articles R. 222-19 et R. 222-36-3 ; \nVU le d\u00e9cret du 12 mars 2025 nommant monsieur Jean-Fran\u00e7ois CHANET recteur de l'acad\u00e9mie de Cr\u00e9teil ; \n \nVU    l'arr\u00eat\u00e9 minist\u00e9riel du 28 mai 2025 portant nomination de madame Christ\u00e8le GUYONNET, attach\u00e9e principale \nd'administration de l'\u00c9tat, dans l'emploi de secr\u00e9taire g\u00e9n\u00e9rale de la direction des services d\u00e9partementaux de \nl'\u00e9ducation nationale de Seine-et-Marne \u00e0 compter du 2 juin 2025 ; \nVU    l'arr\u00eat\u00e9 du recteur de l'acad\u00e9mie de Cr\u00e9teil en date du 12 juin 2025 confiant \u00e0 madame Christ\u00e8le GUYONNET \nl'int\u00e9rim des fonctions de directeur acad\u00e9mique des services de l'\u00e9ducation nationale de la Seine-et-Marne ;  \nVU   la convention du 31 mars 2017 portant cr\u00e9ation d'un service interd\u00e9partemental charg\u00e9 de la gestion des         \ndossiers de retraite pour le personnel enseignant du premier degr\u00e9 ; \n \nVU les arr\u00eat\u00e9s du pr\u00e9fet de la r\u00e9gion d'Ile-de-France n\u00b0 IDF-2025-03-26-00009 du 26 mars 2025 portant d\u00e9l\u00e9gation \nde signature \u00e0 monsieur Jean-Fran\u00e7ois CHANET, recteur de l'acad\u00e9mie de Cr\u00e9teil, en mati\u00e8re de contr\u00f4le de \nl\u00e9galit\u00e9 des \u00e9tablissements publics locaux d'enseignement rattach\u00e9s \u00e0 la r\u00e9gion d'Ile-de-France dans le ressort \nde l'acad\u00e9mie de Cr\u00e9teil et n\u00b0 IDF-2025-03-26-00008 du 26 mars 2025 portant d\u00e9l\u00e9gation de signature \u00e0 \nmonsieur Jean-Fran\u00e7ois CHANET, recteur de l'acad\u00e9mie de Cr\u00e9teil, en mati\u00e8re d'ordonnancement secondaire; \n \n \nARRETE \n \nARTICLE 1 \n \nD\u00e9l\u00e9gation est donn\u00e9e \u00e0 madame Christ\u00e8le GUYONNET, directrice acad\u00e9mique des services de l'\u00e9ducation \nnationale par int\u00e9rim du d\u00e9partement de la Seine-et-Marne, \u00e0 l'effet de signer, pour l'ensemble des d\u00e9partements \ncomposant l'acad\u00e9mie de Cr\u00e9teil, l'ensemble des d\u00e9cisions concernant la gestion des dossiers de retraite pour le \npersonnel enseignant du premier degr\u00e9. \n \n \nARTICLE 2  \n \nLe pr\u00e9sent arr\u00eat\u00e9 abroge l'arr\u00eat\u00e9 du 27 mars 2025. \n \n \nARTICLE 3  \n \nLe secr\u00e9taire g\u00e9n\u00e9ral de l'acad\u00e9mie de Cr\u00e9teil et les directeurs acad\u00e9miques des services de l'\u00e9ducation nationale \nde Seine-et-Marne, Seine-Saint-Denis et Val-de-Marne sont, chacun en ce qui le concerne, charg\u00e9s de l'ex\u00e9cution \ndu pr\u00e9sent arr\u00eat\u00e9 qui sera publi\u00e9 au recueil des actes administratifs de la pr\u00e9fecture de r\u00e9gion d'Ile-de-France et \naux recueils des actes administratifs des pr\u00e9fectures des d\u00e9partements de Seine-et-Marne, Seine-Saint-Denis et \nVal-de-Marne.  \n \n Fait \u00e0 Cr\u00e9teil, le 3 juillet 2025 \n \n \n Le recteur de l'acad\u00e9mie de Cr\u00e9teil \n                                                                                                       \nSign\u00e9 \n                                                                                                  Jean-Fran\u00e7ois CHANET \nRectorat de l'acad\u00e9mie de Cr\u00e9teil - IDF-2025-07-03-00004 - Arr\u00eat\u00e9 du 3 juillet 2025 portant d\u00e9l\u00e9gation de signature \u00e0 madame\nChrist\u00e8le GUYONNET, \ndirectrice acad\u00e9mique des services de l'\u00e9ducation nationale par int\u00e9rim dans\n le d\u00e9partement de la Seine-et-Marne\n responsable du service acad\u00e9mique des retraites pour le personnel enseignant du premier degr\u00e9\n118\nRectorat de l'acad\u00e9mie de Cr\u00e9teil\nIDF-2025-07-03-00002\nArr\u00eat\u00e9 du 3 juillet 2025 portant d\u00e9l\u00e9gation de\nsignature \u00e0 madame Christ\u00e8le GUYONNET, \ndirectrice acad\u00e9mique des services de\nl'\u00e9ducation nationale par int\u00e9rim dans le\nd\u00e9partement de Seine-et-Marne \nresponsable du service interd\u00e9partemental des\nbourses \nRectorat de l'acad\u00e9mie de Cr\u00e9teil - IDF-2025-07-03-00002 - Arr\u00eat\u00e9 du 3 juillet 2025 portant d\u00e9l\u00e9gation de signature \u00e0 madame\nChrist\u00e8le GUYONNET, \ndirectrice acad\u00e9mique des services de l'\u00e9ducation nationale par int\u00e9rim dans le d\u00e9partement de Seine-et-Marne \nresponsable du service interd\u00e9partemental des bourses \n119\nExACADEMIEDE CRETEILLibert\u00e9Egalit\u00e9Fraternit\u00e9\n 1\n  Arr\u00eat\u00e9 du 3 juillet 2025 portant d\u00e9l\u00e9gation de signature \u00e0 madame Christ\u00e8le GUYONNET,  \ndirectrice acad\u00e9mique des services de l'\u00e9ducation nationale par int\u00e9rim dans le d\u00e9partement de Seine-et-\nMarne  \nresponsable du service interd\u00e9partemental des bourses  \n \n \nLE RECTEUR DE L'ACADEMIE DE CRETEIL \n \nVU     le code de l'\u00e9ducation et, notamment, ses articles R. 222-19 et R. 222-36-3 ; \nVU     le d\u00e9cret du 12 mars 2025 nommant monsieur Jean-Fran\u00e7ois CHANET recteur de l'acad\u00e9mie de Cr\u00e9teil ;  \nVU    l'arr\u00eat\u00e9 rectoral du 22 octobre 2018 portant cr\u00e9ation d'un service interd\u00e9partemental commun aux d\u00e9partements \nde la Seine et Marne, de la Seine-Saint-Denis et du Val de Marne \nVU    l'arr\u00eat\u00e9 minist\u00e9riel du 28 mai 2025 portant nomination de madame Christ\u00e8le GUYONNET, attach\u00e9e principale \nd'administration de l'\u00c9tat, dans l'emploi de secr\u00e9taire g\u00e9n\u00e9rale de la direction des services d\u00e9partementaux de \nl'\u00e9ducation nationale de Seine-et-Marne \u00e0 compter du 2 juin 2025 ; \nVU    l'arr\u00eat\u00e9 rectoral du 12 juin 2025 confiant \u00e0 madame Christ\u00e8le GUYONNET l'int\u00e9rim des fonctions de directeur \nacad\u00e9mique des services de l'\u00e9ducation nationale de la Seine-et-Marne ; \nVU les arr\u00eat\u00e9s du pr\u00e9fet de la r\u00e9gion d'Ile-de-France n\u00b0 IDF-2025-03-26-00009 du 26 mars 2025 portant d\u00e9l\u00e9gation \nde signature \u00e0 monsieur Jean-Fran\u00e7ois CHANET, recteur de l'acad\u00e9mie de Cr\u00e9teil, en mati\u00e8re de contr\u00f4le de \nl\u00e9galit\u00e9 des \u00e9tablissements publics locaux d'enseignement rattach\u00e9s \u00e0 la r\u00e9gion d'Ile-de-France dans le ressort \nde l'acad\u00e9mie de Cr\u00e9teil et n\u00b0 IDF-2025-03-26-00008 du 26 mars 2025 portant d\u00e9l\u00e9gation de signature \u00e0 \nmonsieur Jean-Fran\u00e7ois CHANET, recteur de l'acad\u00e9mie de Cr\u00e9teil, en mati\u00e8re d'ordonnancement \nsecondaire ; \n \n \n \n \nARRETE \n \n \n \nARTICLE 1 \n \nMadame Christ\u00e8le GUYONNET, directrice acad\u00e9mique des services de l'\u00e9ducation nationale par int\u00e9rim du d\u00e9partement \nde la Seine-et-Marne est nomm\u00e9e responsable du service interd\u00e9partemental de l'\u00e9ducation nationale charg\u00e9 de la \ngestion et la notification des bourses nationales d'\u00e9tudes du 2nd degr\u00e9, des bourses d'adaptation et des bourses au \nm\u00e9rite aux \u00e9tablissements publics locaux d'enseignement dans le cadre de l'unit\u00e9 op\u00e9rationnelle vie de l'\u00e9l\u00e8ve. \n \n \nARTICLE 2 \n \nD\u00e9l\u00e9gation est donn\u00e9e \u00e0 madame Christ\u00e8le GUYONNET, directrice acad\u00e9mique des services de l'\u00e9ducation nationale \npar int\u00e9rim du d\u00e9partement de la Seine-et-Marne, \u00e0 l'effet de signer, pour l'ensemble des d\u00e9partements composant \nl'acad\u00e9mie de Cr\u00e9teil, l'ensemble des d\u00e9cisions concernant la gestion des bourses nationales d'\u00e9tudes du second \ndegr\u00e9, des bourses d'adaptation et des bourses au m\u00e9rite aux \u00e9tablissements publics locaux d'enseignement dans le \nRectorat de l'acad\u00e9mie de Cr\u00e9teil - IDF-2025-07-03-00002 - Arr\u00eat\u00e9 du 3 juillet 2025 portant d\u00e9l\u00e9gation de signature \u00e0 madame\nChrist\u00e8le GUYONNET, \ndirectrice acad\u00e9mique des services de l'\u00e9ducation nationale par int\u00e9rim dans le d\u00e9partement de Seine-et-Marne \nresponsable du service interd\u00e9partemental des bourses \n120\n 2\ncadre de l'unit\u00e9 op\u00e9rationnelle \u00ab vie de l'\u00e9l\u00e8ve \u00bb (n\u00b0 230) et de l'unit\u00e9 op\u00e9rationnelle \u00ab enseignement priv\u00e9 du premier \net du second degr\u00e9s \u00bb (n\u00b0 139). \n \n \nARTICLE 2  \n \nLe pr\u00e9sent arr\u00eat\u00e9 abroge l'arr\u00eat\u00e9 du 27 mars 2025. \n \n \nARTICLE 3 \n \n  Le secr\u00e9taire g\u00e9n\u00e9ral de l'acad\u00e9mie de Cr\u00e9teil et les directeurs acad\u00e9miques des services de l'\u00e9ducation nationale \ndes d\u00e9partements de Seine-et-Marne, Seine-Saint-Denis et Val-de-Marne sont, chacun en ce qui le concerne, \ncharg\u00e9s de l'ex\u00e9cution du pr\u00e9sent arr\u00eat\u00e9 qui sera publi\u00e9 au recueil des actes administratifs de la pr\u00e9fecture de r\u00e9gion \nd'Ile-de-France et aux recueils des actes administratifs des pr\u00e9fectures des d\u00e9partements de Seine-et-Marne, Seine-\nSaint-Denis et Val de Marne.  \n \n         Fait \u00e0 Cr\u00e9teil, le 3 juillet 2025 \n \n            Le recteur de l'acad\u00e9mie de Cr\u00e9teil \n           \n                                                                                                                          Sign\u00e9 \n \n          Jean-Fran\u00e7ois CHANET \nRectorat de l'acad\u00e9mie de Cr\u00e9teil - IDF-2025-07-03-00002 - Arr\u00eat\u00e9 du 3 juillet 2025 portant d\u00e9l\u00e9gation de signature \u00e0 madame\nChrist\u00e8le GUYONNET, \ndirectrice acad\u00e9mique des services de l'\u00e9ducation nationale par int\u00e9rim dans le d\u00e9partement de Seine-et-Marne \nresponsable du service interd\u00e9partemental des bourses \n121\nRectorat de l'acad\u00e9mie de Cr\u00e9teil\nIDF-2025-07-03-00003\nArr\u00eat\u00e9 du 3 juillet 2025 portant d\u00e9l\u00e9gation de\nsignature \u00e0 madame Sandrine LANDES, cheffe\nde la division des affaires financi\u00e8res (DAF) du\nrectorat de Cr\u00e9teil\nRectorat de l'acad\u00e9mie de Cr\u00e9teil - IDF-2025-07-03-00003 - Arr\u00eat\u00e9 du 3 juillet 2025 portant d\u00e9l\u00e9gation de signature \u00e0 madame\nSandrine LANDES, cheffe de la division des affaires financi\u00e8res (DAF) du rectorat de Cr\u00e9teil 122\nExACADEMIEDE CRETEILLibert\u00e9Egalit\u00e9Fraternit\u00e9\n1 \n Arr\u00eat\u00e9 du 3 juillet 2025 portant d\u00e9l\u00e9gation de signature \u00e0 madame Sandrine LANDES, cheffe de la \ndivision des affaires financi\u00e8res (DAF) du rectorat de Cr\u00e9teil \n \n \n \n \n LE RECTEUR DE L'ACADEMIE DE CRETEIL \n \n \n \n \nVU le code de l'\u00e9ducation et notamment son article D. 222-20 ; \nVU  le code de la commande publique ;  \nVU le d\u00e9cret n\u00b0 90-437 du 28 mai 1990 modifi\u00e9 fixant les conditions et les modalit\u00e9s de r\u00e8glement des frais \noccasionn\u00e9s par les changements de r\u00e9sidence des personnels civils sur le territoire m\u00e9tropolitain de la France, \nlorsqu'ils sont \u00e0 la charge des budgets de l'\u00c9tat, des \u00e9tablissements publics nationaux \u00e0 caract\u00e8re administratif \net de certains organismes subventionn\u00e9s ;  \nVU le d\u00e9cret n\u00b0 2004-374 du 29 avril 2004 modifi\u00e9 relatif aux pouvoirs des pr\u00e9fets, \u00e0 l'organisation et \u00e0 l'action des \nservices de l'Etat dans les r\u00e9gions et d\u00e9partements ; \nVU le d\u00e9cret n\u00b0 2004-1085 du 14 octobre 2004 relatif \u00e0 la d\u00e9l\u00e9gation de gestion dans les services de l'Etat ; \nVU le d\u00e9cret n\u00b0 2006-781 du 3 juillet 2006 modifi\u00e9 fixant les conditions et les modalit\u00e9s de r\u00e8glement des frais \noccasionn\u00e9s par les d\u00e9placements temporaires des personnels civils de l'\u00c9tat ; \nVU le d\u00e9cret n\u00b0 2012-1246 du 7 novembre 2012 modifi\u00e9 relatif \u00e0 la gestion budg\u00e9taire et comptable publique ;  \nVU le d\u00e9cret du 12 mars 2025 nommant monsieur Jean-Fran\u00e7ois CHANET recteur de l'acad\u00e9mie de Cr\u00e9teil ;   \nVU l'arr\u00eat\u00e9 du 3 juillet 2009 portant r\u00e8glement de comptabilit\u00e9 pour la d\u00e9signation des ordonnateurs secondaires et \nde leurs d\u00e9l\u00e9gu\u00e9s en ce qui concerne le minist\u00e8re de l'\u00e9ducation nationale ; \nVU l'arr\u00eat\u00e9 du 22 d\u00e9cembre 2022 relatif aux r\u00e8gles de la comptabilit\u00e9 budg\u00e9taire de l'Etat pris en application de \nl'article 54 du d\u00e9cret n\u00b0 2012-1246 du 7 novembre 2012 modifi\u00e9 relatif \u00e0 la gestion budg\u00e9taire et comptable \npublique ; \nVU  l'arr\u00eat\u00e9 minist\u00e9riel du 12 juin 2018 affectant monsieur Emmanuel MONTFLORE, ing\u00e9nieur d'\u00e9tudes, au rectorat \nde l'acad\u00e9mie de Cr\u00e9teil ; \nVU les arr\u00eat\u00e9s du pr\u00e9fet de la r\u00e9gion d'Ile-de-France n\u00b0 IDF-2025-03-26-00009 du 26 mars 2025 portant d\u00e9l\u00e9gation \nde signature \u00e0 monsieur Jean-Fran\u00e7ois CHANET, recteur de l'acad\u00e9mie de Cr\u00e9teil, en mati\u00e8re de contr\u00f4le de \nl\u00e9galit\u00e9 des \u00e9tablissements publics locaux d'enseignement rattach\u00e9s \u00e0 la r\u00e9gion d'Ile-de-France dans le ressort \nde l'acad\u00e9mie de Cr\u00e9teil et n\u00b0 IDF-2025-03-26-00008 du 26 mars 2025 portant d\u00e9l\u00e9gation de signature \u00e0 \nmonsieur Jean-Fran\u00e7ois CHANET, recteur de l'acad\u00e9mie de Cr\u00e9teil, en mati\u00e8re d'ordonnancement secondaire ; \nVU l'arr\u00eat\u00e9 du pr\u00e9fet de la r\u00e9gion d'Ile-de-France n\u00b0 IDF-2025-03-26-00007 du 26 mars 2025 portant d\u00e9l\u00e9gation de \nsignature \u00e0 monsieur Jean-Fran\u00e7ois CHANET, recteur de l'acad\u00e9mie de Cr\u00e9teil, en mati\u00e8re d'ordonnancement \nsecondaire sur le programme 354 \u00ab administration territoriale de l'Etat \u00bb au titre des d\u00e9penses d'occupation de \nla cit\u00e9 administrative de Melun ; \nVU l'arr\u00eat\u00e9 de la rectrice de la r\u00e9gion acad\u00e9mique d'Ile-de-France, rectrice de l'acad\u00e9mie de Paris, chanceli\u00e8re des \nuniversit\u00e9s de Paris et d'Ile-de-France n\u00b0 2025-027-RRA du 27 mars 2025 portant d\u00e9l\u00e9gation de signature en \nRectorat de l'acad\u00e9mie de Cr\u00e9teil - IDF-2025-07-03-00003 - Arr\u00eat\u00e9 du 3 juillet 2025 portant d\u00e9l\u00e9gation de signature \u00e0 madame\nSandrine LANDES, cheffe de la division des affaires financi\u00e8res (DAF) du rectorat de Cr\u00e9teil 123\n2 \nmati\u00e8re administrative au secr\u00e9taire g\u00e9n\u00e9ral de la r\u00e9gion acad\u00e9mique d'Ile-de-France et aux recteurs \nd'acad\u00e9mies ainsi que subd\u00e9l\u00e9gation de signature en mati\u00e8re d'ordonnancement secondaire au secr\u00e9taire \ng\u00e9n\u00e9ral de la r\u00e9gion acad\u00e9mique d'Ile-de-France et aux recteurs d'acad\u00e9mies ; \nVU l'arr\u00eat\u00e9 rectoral du 9 juillet 2003 nommant madame Guenolla DUFRENOY, adjointe administrative de \nl'\u00e9ducation nationale et de l'enseignement sup\u00e9rieur, au rectorat de l'acad\u00e9mie de Cr\u00e9teil ; \nVU l'arr\u00eat\u00e9 rectoral du 19 juin 2009 affectant madame Fran\u00e7oise ANNE, secr\u00e9taire administrative de l'\u00e9ducation \nnationale et de l'enseignement sup\u00e9rieur, au rectorat de l'acad\u00e9mie de Cr\u00e9teil ;  \nVU l'arr\u00eat\u00e9 rectoral du 26 ao\u00fbt 2010 nommant madame Francine BIKOUMOU, adjointe administrative de l'\u00e9ducation \nnationale et de l'enseignement sup\u00e9rieur, au rectorat de l'acad\u00e9mie de Cr\u00e9teil ;  \nVU l'arr\u00eat\u00e9 rectoral du 26 juillet 2011 nommant madame Ang\u00e9lique BERENGER, adjointe administrative de \nl'\u00e9ducation nationale et de l'enseignement sup\u00e9rieur, au rectorat de l'acad\u00e9mie de Cr\u00e9teil ;  \nVU l'arr\u00eat\u00e9 rectoral du 27 juin 2012 nommant monsieur Bernard HOUSSIN, secr\u00e9taire administratif de l'\u00e9ducation \nnationale et de l'enseignement sup\u00e9rieur, au rectorat de l'acad\u00e9mie de Cr\u00e9teil ; \nVU l'arr\u00eat\u00e9 rectoral du 10 juillet 2015 nommant madame Edwige CHAUMONT, adjointe administrative de \nl'\u00e9ducation nationale et de l'enseignement sup\u00e9rieur, au rectorat de l'acad\u00e9mie de Cr\u00e9teil ; \nVU l'arr\u00eat\u00e9 rectoral du 21 avril 2016 affectant madame Nicole ZALI, secr\u00e9taire administrative de l'\u00e9ducation \nnationale et de l'enseignement sup\u00e9rieur, au rectorat de l'acad\u00e9mie de Cr\u00e9teil ; \nVU l'arr\u00eat\u00e9 rectoral du 7 juillet 2016 affectant madame Rolanette COSAQUE, adjointe administrative de l'\u00e9ducation \nnationale et de l'enseignement sup\u00e9rieur, au rectorat de l'acad\u00e9mie de Cr\u00e9teil ; \nVU l'arr\u00eat\u00e9 rectoral du 21 juillet 2021 nommant madame Amel BELAROUCI, secr\u00e9taire administrative de l'\u00e9ducation \nnationale et de l'enseignement sup\u00e9rieur, au rectorat de l'acad\u00e9mie de Cr\u00e9teil ; \nVU l'arr\u00eat\u00e9 rectoral du 30 ao\u00fbt 2021 nommant madame Dani\u00e8le MBOMBO MOKONDA, secr\u00e9taire administrative de \nl'\u00e9ducation nationale et de l'enseignement sup\u00e9rieur, au rectorat de l'acad\u00e9mie de Cr\u00e9teil ; \nVU l'arr\u00eat\u00e9 rectoral du 5 mai 2022 nommant madame Sandrine LANDES, attach\u00e9e principale d'administration, \ncheffe de la division des affaires financi\u00e8res au rectorat de l'acad\u00e9mie de Cr\u00e9teil \u00e0 compter du 1er avril 2022 ; \nVU l'arr\u00eat\u00e9 rectoral du 25 juillet 2022 nommant madame Laurence DEMERY, secr\u00e9taire administrative de \nl'\u00e9ducation nationale et de l'enseignement sup\u00e9rieur, au rectorat de l'acad\u00e9mie de Cr\u00e9teil \u00e0 compter du 1er \nseptembre 2022 ;  \nVU l'arr\u00eat\u00e9 rectoral du 25 juillet 2022 nommant madame Sandrine MARGARY, secr\u00e9taire administrative de \nl'\u00e9ducation nationale et de l'enseignement sup\u00e9rieur, au rectorat de l'acad\u00e9mie de Cr\u00e9teil \u00e0 compter du 1er \nseptembre 2022 ;  \nVU l'arr\u00eat\u00e9 rectoral du 18 juillet 2023 affectant madame Danielle CHAPUT, attach\u00e9e d'administration hors classe, \nau rectorat de l'acad\u00e9mie de Cr\u00e9teil \u00e0 compter du 28 ao\u00fbt 2023 ;  \nVU l'arr\u00eat\u00e9 rectoral du 4 septembre 2023 nommant monsieur J\u00e9r\u00e9my CREAC'H, secr\u00e9taire administratif de \nl'\u00e9ducation nationale et de l'enseignement sup\u00e9rieur, au rectorat de l'acad\u00e9mie de Cr\u00e9teil \u00e0 compter du 1er \nseptembre 2023 ;  \nVU l'arr\u00eat\u00e9 rectoral du 30 ao\u00fbt 2024 nommant madame Magali SAULDUBOIS, secr\u00e9taire administrative de \nl'\u00e9ducation nationale et de l'enseignement sup\u00e9rieur, au rectorat de l'acad\u00e9mie de Cr\u00e9teil ; \nVU l'arr\u00eat\u00e9 rectoral du 13 septembre 2024 nommant madame Michelle MAVOUNZA, secr\u00e9taire administrative de \nl'\u00e9ducation nationale et de l'enseignement sup\u00e9rieur, au rectorat de l'acad\u00e9mie de Cr\u00e9teil ; \nVU l'arr\u00eat\u00e9 rectoral du 13 d\u00e9cembre 2024 affectant madame Marion DYMEL, attach\u00e9e principale d'administration, \nau rectorat de l'acad\u00e9mie de Cr\u00e9teil \u00e0 compter du 1er janvier 2025 ; \nVU l'arr\u00eat\u00e9 rectoral du 2 janvier 2025 affectant madame Nathalie VOYDIE, secr\u00e9taire administrative de classe \nsup\u00e9rieure de l'\u00e9ducation nationale et de l'enseignement sup\u00e9rieur, au rectorat de l'acad\u00e9mie de Cr\u00e9teil ; \nRectorat de l'acad\u00e9mie de Cr\u00e9teil - IDF-2025-07-03-00003 - Arr\u00eat\u00e9 du 3 juillet 2025 portant d\u00e9l\u00e9gation de signature \u00e0 madame\nSandrine LANDES, cheffe de la division des affaires financi\u00e8res (DAF) du rectorat de Cr\u00e9teil 124\n3 \nVU     le contrat \u00e0 dur\u00e9e d\u00e9termin\u00e9e en date du 19 mai 2025 affectant madame Meriem ABAOUI, agent contractuel de \ncat\u00e9gorie C, au rectorat de l'acad\u00e9mie de Cr\u00e9teil \nVU     le contrat \u00e0 dur\u00e9e d\u00e9termin\u00e9e en date du 26 mai 2025 affectant madame Carmen ZANFIR, agent contractuel de \ncat\u00e9gorie C au rectorat de l'acad\u00e9mie de Cr\u00e9teil     \nVU l'attestation rectorale du 18 janvier 2023 nommant monsieur Emmanuel MONTFLORE, ing\u00e9nieur d'\u00e9tudes, \nadjoint \u00e0 la cheffe de la division des affaires financi\u00e8res \u00e0 compter du 1er octobre 2022 ;  \nVU la d\u00e9cision du 11 d\u00e9cembre 2020 portant d\u00e9signation des responsables de budget op\u00e9rationnel de programme \n(BOP) et d'unit\u00e9s op\u00e9rationnelles (UO) pour le programme 214 \u00ab soutien de la politique de l'\u00e9ducation \nnationale \u00bb ; \nVU la d\u00e9cision du 21 d\u00e9cembre 2020 portant d\u00e9signation des responsables de budget op\u00e9rationnel de programme \n(BOP) et d'unit\u00e9s op\u00e9rationnelles (UO) pour le programme 150 \u00ab formations sup\u00e9rieures et recherche \nuniversitaire \u00bb ; \nVU la convention du 3 novembre 2023 de d\u00e9l\u00e9gation de gestion relative \u00e0 l'ex\u00e9cution financi\u00e8re des appels \u00e0 \nprojets pour un socle num\u00e9rique dans les \u00e9coles \u00e9l\u00e9mentaires (AAP SNEE) dans le cadre du \u00ab Plan de \nrelance \u00bb au titre de l'activit\u00e9 \u00ab continuit\u00e9 p\u00e9dagogique \u00bb conclue entre la r\u00e9gion acad\u00e9mique d'Ile-de-France et \nl'acad\u00e9mie de Cr\u00e9teil ; \n \n \nARRETE \n \n \nARTICLE 1 :  \nD\u00e9l\u00e9gation de signature est donn\u00e9e \u00e0 madame Sandrine LANDES, cheffe de la division des affaires financi\u00e8res, \u00e0 \nl'effet de signer, dans la limite de ses attributions et comp\u00e9tences, les actes suivants : \n\uf02d Ex\u00e9cution des d\u00e9cisions \u00e0 caract\u00e8re financier relevant des attributions d'ordonnateur \nsecondaire du budget du minist\u00e8re de l'\u00e9ducation nationale, d\u00e9l\u00e9gu\u00e9es au recteur de l'acad\u00e9mie de Cr\u00e9teil, \npar les arr\u00eat\u00e9s du pr\u00e9fet de la r\u00e9gion d'Ile-de-France n\u00b0 IDF-2025-03-26-00008 du 26 mars 2025 et n\u00b0 IDF-\n2025-03-26-00007 du 26 mars 2025 susvis\u00e9s ; \n\uf02d Toutes pi\u00e8ces pour proc\u00e9der \u00e0 l'ordonnancement secondaire des d\u00e9penses relatives au \nprogramme 362 \u00ab Ecologie \u00bb du Plan France Relance dans la limite de l'enveloppe accord\u00e9e \u00e0 l'acad\u00e9mie de \nCr\u00e9teil et sur le territoire de l'acad\u00e9mie dans les conditions pr\u00e9vues du d\u00e9cret n\u00b0 2004-374 du 29 avril 2004 \nmodifi\u00e9 ; \n\uf02d Toutes pi\u00e8ces pour proc\u00e9der \u00e0 l'ordonnancement secondaire des d\u00e9penses relatives \u00e0 \nl'activit\u00e9 \u00ab Continuit\u00e9 p\u00e9dagogique \u00bb de l'unit\u00e9 op\u00e9rationnelle 0363-MENJ-NUPA du programme plan de \nrelance n\u00b0 363 \u00ab Comp\u00e9titivit\u00e9 \u00bb, dans la limite des appels \u00e0 projets retenus pour un socle num\u00e9rique dans les \n\u00e9coles \u00e9l\u00e9mentaires, ayant fait l'objet d'une notification et sur le territoire de l'acad\u00e9mie dans les conditions \npr\u00e9vues du d\u00e9cret n\u00b0 2004-374 du 29 avril 2004 modifi\u00e9 ; \n\uf02d Ex\u00e9cution des d\u00e9cisions relatives au contr\u00f4le interne financier. \n \n                            Validation de tous les actes : \n- validation d'engagements juridiques, \n- validation des demandes de paiement,  \n- certification du service fait, \n- demandes de paiement, \n- recettes non fiscales, \n- r\u00e9tablissement de cr\u00e9dits. \n \n                           Signature des actes suivants : \n- pi\u00e8ces justificatives des recettes et des d\u00e9penses, \n- \u00e9tats r\u00e9capitulatifs des cr\u00e9ances, \n- bons de commande, \n- \u00e9tats de fin de gestion, \n- \u00e9tats des frais de d\u00e9placement, \nRectorat de l'acad\u00e9mie de Cr\u00e9teil - IDF-2025-07-03-00003 - Arr\u00eat\u00e9 du 3 juillet 2025 portant d\u00e9l\u00e9gation de signature \u00e0 madame\nSandrine LANDES, cheffe de la division des affaires financi\u00e8res (DAF) du rectorat de Cr\u00e9teil 125\n4 \n- \u00e9tats de r\u00e9gies d'avances et de recettes, \n- indemnit\u00e9s sp\u00e9ciales d'\u00e9loignement, \n- retraite additionnelle, \n- cong\u00e9s bonifi\u00e9s (dont les arr\u00eat\u00e9s d'ouverture de droit), \n- frais de changement de r\u00e9sidence (dont les arr\u00eat\u00e9s d'ouverture de droit), \n- actes relatifs \u00e0 la gestion financi\u00e8re des personnels. \n \n \n \nARTICLE 2 :   \n \nEn cas d'absence ou d'emp\u00eachement de madame Sandrine LANDES, d\u00e9l\u00e9gation de signature est donn\u00e9e \u00e0 :  \n \n\u2026\u2026\u2026\u2026\u2026 \u2026\u2026. .- Monsieur Emmanuel MONTFLORE, adjoint \u00e0 la cheffe de la division, \n \n                  - Mesdames Danielle CHAPUT et Marion DYMEL, cheffes de service, \u00e0 l'effet  \n                    de signer, dans la limite de leurs attributions et comp\u00e9tences, l'ensemble des actes de l'article 1. \n \n \n \nARTICLE 3 :   \n \nEn cas d'absence ou d'emp\u00eachement de mesdames Sandrine LANDES, Danielle CHAPUT et Marion DYMEL et de \nmonsieur Emmanuel MONTFLORE, d\u00e9l\u00e9gation de signature est donn\u00e9e \u00e0 mesdames Fran\u00e7oise ANNE, Amel \nBELAROUCI, Laurence DEMERY, Sandrine MARGARY-PHILIPPE, Michelle MAVOUNZA, Dani\u00e8le MBOMBO \nMOKONDA, Nicole ZALI et monsieur J\u00e9r\u00e9my CREAC'H gestionnaires, \u00e0 l'effet de signer, dans la limite de leurs \nattributions et comp\u00e9tences, les actes suivants :  \n \n- validation d'engagements juridiques, \n- certification du service fait, \n- validation des demandes de paiement, \n- validation des recettes non fiscales.  \n \n \n \nARTICLE 4 :   \n \nEn cas d'absence ou d'emp\u00eachement de mesdames Sandrine LANDES, Danielle CHAPUT et Marion DYMEL et de \nmonsieur Emmanuel MONTFLORE, d\u00e9l\u00e9gation de signature est donn\u00e9e pour la certification du service fait et de la \nZCERTIF aux gestionnaires suivants :  \n \n- madame Meriem ABAOUI \n- madame Fran\u00e7oise ANNE,  \n- madame Ang\u00e9lique BERENGER, \n- madame Francine BIKOUMOU, \n- madame Edwige CHAUMONT, \n- madame Rolanette COSAQUE, \n- monsieur J\u00e9r\u00e9my CREAC'H, \n- madame Laurence DEMERY, \n- madame Guenolla DUFRENOY, \n- monsieur Bernard HOUSSIN, \n- madame Sandrine MARGARY-PHILIPPE, \n- madame Michelle MAVOUNZA \n- madame Dani\u00e8le MBOMBO MOKONDA, \n- madame Magali SAULDUBOIS, \n- madame Nathalie VOYDIE. \n- madame Carmen ZANFIR \n \n \nRectorat de l'acad\u00e9mie de Cr\u00e9teil - IDF-2025-07-03-00003 - Arr\u00eat\u00e9 du 3 juillet 2025 portant d\u00e9l\u00e9gation de signature \u00e0 madame\nSandrine LANDES, cheffe de la division des affaires financi\u00e8res (DAF) du rectorat de Cr\u00e9teil 126\n5 \n \n \n \nARTICLE 5 :   \n \nLe pr\u00e9sent arr\u00eat\u00e9 abroge l'arr\u00eat\u00e9 du 4 avril 2025. \n \n \n \nARTICLE 6 :   \n \nLe pr\u00e9sent arr\u00eat\u00e9 sera publi\u00e9 au recueil des actes administratifs de la pr\u00e9fecture de r\u00e9gion d'Ile-de-France. \n \n \n \n \n         \nFait \u00e0 Cr\u00e9teil, le 3 juillet 2025 \n \n                                                                                                             \n \n Le recteur de l'acad\u00e9mie de Cr\u00e9teil \n \n              Sign\u00e9  \n                                                                                                         \n  Jean-Fran\u00e7ois CHANET \nRectorat de l'acad\u00e9mie de Cr\u00e9teil - IDF-2025-07-03-00003 - Arr\u00eat\u00e9 du 3 juillet 2025 portant d\u00e9l\u00e9gation de signature \u00e0 madame\nSandrine LANDES, cheffe de la division des affaires financi\u00e8res (DAF) du rectorat de Cr\u00e9teil 127\nService Interacad\u00e9mique des Examens et\nConcours (SIEC) - maison des examens\nIDF-2025-07-03-00007\nArr\u00eat\u00e9 n\u00b0 DIR 2025-003 ORD portant\nsubd\u00e9l\u00e9gation de la signature de la Directrice du\nService Interacad\u00e9mique des Examens et\nConcours des acad\u00e9mies de Paris, Cr\u00e9teil et\nVersailles (SIEC) en mati\u00e8re d'ordonnancement\nService Interacad\u00e9mique des Examens et Concours (SIEC) - maison des examens - IDF-2025-07-03-00007 - Arr\u00eat\u00e9 n\u00b0 DIR 2025-003 ORD\nportant subd\u00e9l\u00e9gation de la signature de la Directrice du Service Interacad\u00e9mique des Examens et Concours des acad\u00e9mies de Paris,\nCr\u00e9teil et Versailles (SIEC) en mati\u00e8re d'ordonnancement\n128\nE 3..- PUBLIQUEFRANCAISELibert\u00e9\u00c9galit\u00e9Fraternit\u00e9\nACADEMIES DE CR\u00c9TEILPARIS - VERSAILLES\nMAISONDES EXAMENSService Interacad\u00e9miquedes Examens & Concours\n \nSUB \n \n \n \n \n \n \nARRETE DIR. 2025-003 ORD \nportant subd\u00e9l\u00e9gation de la signature de la Directrice \ndu Service Interacad\u00e9mique des Examens et Concours \ndes acad\u00e9mies de Paris, Cr\u00e9teil et Versailles (SIEC) \nen mati\u00e8re d'ordonnancement \n \n \nLa Directrice du Service Interacad\u00e9mique des Examens et Concours, \n \nVU le Code de l'Education, ses articles D.222 -4 \u00e0 D.222-10-1 et notamment ses articles  D.222-5,  \nD.222-9 et D.222-10 ; \n \nVU l'ordonnance n\u00b02015-899 du 23 juillet 2015 relative aux march\u00e9s publics ; \n \nVU le d\u00e9cret n\u00b02004-374 du 29 avril 2004 relatif aux pouvoirs des pr\u00e9fets, \u00e0 l'organisation et \u00e0 l'action \ndes services de l'Etat dans les r\u00e9gions et d\u00e9partements ; \n \nVU le d\u00e9cret n\u00b02012-1246 du 7 novembre 2012 relatif \u00e0 la gestion budg\u00e9taire et comptable ; \n \nVU le d\u00e9cret n\u00b02016-360 du 25 mars 2016 relatif aux march\u00e9s publics ; \n \nVU le d\u00e9cret du 17 ao\u00fbt 2020 portant nomination de Monsieur Marc GUILLAUME, pr\u00e9fet de la r\u00e9gion \nd'Ile-de-France, pr\u00e9fet de Paris (hors classe) ; \n \nVU l'arr\u00eat\u00e9 du 3 juillet 2009 portant r\u00e8glement de comptabilit\u00e9 pour la d\u00e9signation des ordonnateurs \nsecondaires et de leurs d\u00e9l\u00e9gu\u00e9s en ce qui concerne le minist\u00e8re de l'\u00e9ducation nationale ; \n \nVU l'arr\u00eat\u00e9 n\u00b02010-918 du 7 septembre 2010 portant nomination de r\u00e9gisseurs de recettes aupr\u00e8s du \nservice interacad\u00e9mique des examens et concours des acad\u00e9mies de Cr\u00e9teil, Paris et Versailles ; \n \nVU l'arr\u00eat\u00e9 minist\u00e9riel du 10 septembre 2018, nommant Madame Laurence TOUBIANA, secr\u00e9taire  \ng\u00e9n\u00e9rale du Service interacad\u00e9mique des examens et concours des acad\u00e9mies de Paris, Cr\u00e9teil et de  \nVersailles ; \n \nVU l'arr\u00eat\u00e9 minist\u00e9riel du 17 mai 2023, renouvelant Madame Laurence TOUBIANA, inspectrice de \nl'\u00e9ducation nationale hors classe, nomm\u00e9e dans l'emploi d'AENESR, secr\u00e9taire g\u00e9n\u00e9rale du service \ninteracad\u00e9mique des examens et concours (SIEC) - acad\u00e9mie de Paris,  \n \nVU l'arr\u00eat\u00e9 minist\u00e9riel du 20 mars 2025 portant nomination de Madame Aurore COLLET, directrice du \nservice interacad\u00e9mique des examens et concours des acad\u00e9mies de Paris, Cr\u00e9teil et Versailles ; \n \nVU l'arr\u00eat\u00e9 du pr\u00e9fet de la r\u00e9gion  d'Ile-de-France n\u00b0IDF-2025-04-18-00006 du 18 avril 2025 portant \nd\u00e9l\u00e9gation de signature \u00e0 Madame Aurore COLLET, directrice du service interacad\u00e9mique des examens \net concours des acad\u00e9mies de Cr\u00e9teil, Paris et Versailles en mati\u00e8re d'ordonnancement secondaire ; \n \nVU le rectificatif n\u00b0IDF-2025-04-22-00006 du 22 avril 2025 du recueil des actes administratifs sp\u00e9cial \nn\u00b0 DS IDF -047-2025-04 du 18 avril 2025, publi\u00e9  au recueil des actes administratifs sp\u00e9cial  \nn\u00b0IDF-050-2025-04 du 22 avril 2025. \n \nService Interacad\u00e9mique des Examens et Concours (SIEC) - maison des examens - IDF-2025-07-03-00007 - Arr\u00eat\u00e9 n\u00b0 DIR 2025-003 ORD\nportant subd\u00e9l\u00e9gation de la signature de la Directrice du Service Interacad\u00e9mique des Examens et Concours des acad\u00e9mies de Paris,\nCr\u00e9teil et Versailles (SIEC) en mati\u00e8re d'ordonnancement\n129\nExREPUBLIQUEFRAN\u00c7AISELibert\u00e9\u00c9galit\u00e9Fraternit\u00e9\nACADEMIES DE CR\u00c9TEILPARIS - VERSAILLES\nMAISONDES EXAMENSService Interacad\u00e9miquedes Examens & Concours\n \n \n \n \n \n \n \n \n \nARRETE : \n \n \nArticle 1 : \n \nSubd\u00e9l\u00e9gation est donn\u00e9e \u00e0 Madame Laurence TOUBIANA, secr\u00e9taire g\u00e9n\u00e9rale du service \ninteracad\u00e9mique des examens et concours des acad\u00e9mies de Paris, Cr\u00e9teil et Versailles (SIEC), \u00e0 l'effet de \nsigner tous actes au nom d e la  directrice du SIEC, en sa qualit\u00e9 de responsable  d\u00e9l\u00e9gu\u00e9e du budget \nop\u00e9rationnel de programme (BOP), responsable de l'unit\u00e9 op\u00e9rationnelle (UO), responsable des \nengagements juridiques et des demandes de paiement, responsable des recettes relatifs aux \nprogrammes  \u00ab formations sup\u00e9rieures et recherche universitaire \u00bb(n\u00b0150) et \u00ab soutien de la politique \nde l'Education Nationale  \u00bb (n\u00b0214). \n \nArticle 2 : \n \nLa secr\u00e9taire g\u00e9n\u00e9rale du Service lnteracad\u00e9mique des Examens et Concours des acad\u00e9mies de Paris,  \nCr\u00e9teil et Versailles est charg\u00e9e de l'ex\u00e9cution du pr\u00e9sent arr\u00eat\u00e9, qui sera publi\u00e9 au recueil des actes  \nadministratifs de la pr\u00e9fecture de la r\u00e9gion Ile-de-France, et qui entrera en vigueur le lendemain de cette \npublication.  \n \n \nFait \u00e0 Arcueil, le 03 juillet 2025 \n \nPour le pr\u00e9fet de la r\u00e9gion Ile-de-France, \net par d\u00e9l\u00e9gation, \n \n \n \n \nLa Directrice du SIEC \n \n \nSign\u00e9 \n \nAurore COLLET \n \nService Interacad\u00e9mique des Examens et Concours (SIEC) - maison des examens - IDF-2025-07-03-00007 - Arr\u00eat\u00e9 n\u00b0 DIR 2025-003 ORD\nportant subd\u00e9l\u00e9gation de la signature de la Directrice du Service Interacad\u00e9mique des Examens et Concours des acad\u00e9mies de Paris,\nCr\u00e9teil et Versailles (SIEC) en mati\u00e8re d'ordonnancement\n130\nExREPUBLIQUEFRA N\u00c7AISELibert\u00e9\u00c9galit\u00e9Fraterr \u20ac\nACADEMIES DE CR\u00c9TEILPARIS - VERSAILLES\nMAISONDES EXAMENSService Interacad\u00e9miquedes Examens & Concours\n \n \n \n \n \n \n \n \n \n \n \nListe des signatures des personnes ayant re\u00e7u d\u00e9l\u00e9gation \n \n \nMadame Laurence TOUBIANA, secr\u00e9taire g\u00e9n\u00e9rale du Service interacad\u00e9mique des examens \net concours des acad\u00e9mies de Paris, Cr\u00e9teil et de Versailles \n \n \n     Sign\u00e9 \nService Interacad\u00e9mique des Examens et Concours (SIEC) - maison des examens - IDF-2025-07-03-00007 - Arr\u00eat\u00e9 n\u00b0 DIR 2025-003 ORD\nportant subd\u00e9l\u00e9gation de la signature de la Directrice du Service Interacad\u00e9mique des Examens et Concours des acad\u00e9mies de Paris,\nCr\u00e9teil et Versailles (SIEC) en mati\u00e8re d'ordonnancement\n131","date":"2025-07-03","first_seen_on":"2025-07-04T04:41:59+00:00","id":"688cb3c7283317a906757b0bb928caa0aa22a84c4c3dc844dd40b784924150d9","name":"recueilDS-idf-008-2025-07-recueil-des-actes-administratifs-special du 03.07.2025","pdf_creation_date":"2025-07-03T14:28:27+00:00","pdf_modification_date":null,"timezone":"Europe/Paris","url":"https://www.prefectures-regions.gouv.fr/ile-de-france/irecontenu/telechargement/129180/951576/file/recueilDS-idf-008-2025-07-recueil-des-actes-administratifs-special%20du%2003.07.2025.pdf"}
