{"administration":"pref83","administration_name":"Pr\u00e9fecture du Var","content":"VAR\nRECUEIL DES ACTES\nADMINISTRATIFS\nN\u00b083-2026-140\nPUBLI\u00c9 LE 24 AVRIL 2026\nSommaire\nDirection d\u00e9partementale de l'emploi, du travail et des solidarit\u00e9s du Var\n/ Service acc\u00e8s au logement de la DDETS\n83-2026-04-24-00002 - Arr\u00eate n\u00b0 DDETS-SAL-2026-10 du 24 avril\n2026\nPortant autorisation d'extension de capacit\u00e9 pour le foyer de\njeunes travailleurs\nD\u00e9nomm\u00e9 \u00ab\u00a0Saint Christophe - R\u00e9sidence\nProvence Verte \u00bb\nSis 108 Avenue Adjudant-Chef Marie Louis Broquier-\n83170 Brignoles (4 pages) Page 4\n83-2026-04-24-00001 - Arr\u00eat\u00e9 pr\u00e9fectoral n\u00b0 DDETS-SAL-2026-11 du\n24 avril 2026 \nPortant avis de classement de la commission\nd\u00e9partementale de s\u00e9lection dans le cadre de l'appel \u00e0 projets de\ncr\u00e9ation de 234 places en foyers de jeunes travailleurs (FJT), r\u00e9unie le 5\nmars 2026 (3 pages) Page 9\nDirection d\u00e9partementale de l'emploi, du travail et des solidarit\u00e9s du Var\n/ Service accompagnement des entreprises et d\u00e9veloppement\n83-2026-04-20-00005 - R\u00e9c\u00e9piss\u00e9 de d\u00e9m\u00e9nagement de\nd\u00e9claration\nd'un organisme de services \u00e0 la personne\nenregistr\u00e9\nsous le N\u00b0 SAP828335430  (1 page) Page 13\nDirection d\u00e9partementale des territoires et de la mer du Var / Service\nagriculture et for\u00eat de la DDTM\n83-2026-03-26-00012 - ARR\u00caT\u00c9 PR\u00c9FECTORAL n\u00b0\nDDTM/SAF/BFDFCI/2026-04 du 26 mars 2026 portant \u00e9tablissement\nd'une servitude de passage et d'am\u00e9nagement sur la piste H97 \u00ab\nL'Auveyrette \u00bb Commune de Tanneron (3 pages) Page 15\n83-2026-04-09-00014 - ARR\u00caT\u00c9 PR\u00c9FECTORAL n\u00b0\nDDTM/SAF/BFDFCI/2026-05 du 09 avril 2026 portant \u00e9tablissement\nd'une servitude de passage et d'am\u00e9nagement sur la piste G800 \u00ab\nLes Bellugues \u00bb Commune de La Motte (3 pages) Page 19\n83-2026-04-09-00012 - ARR\u00caT\u00c9 PR\u00c9FECTORAL n\u00b0\nDDTM/SAF/BFDFCI/2026-14 du 09 avril 2026 portant \u00e9tablissement\nd'une servitude de passage et d'am\u00e9nagement sur la piste H860 \u00ab\nFusti\u00e8re \u00bb\ncommune des Adrets de l'Est\u00e9rel (3 pages) Page 23\n83-2026-04-09-00013 - ARR\u00caT\u00c9 PR\u00c9FECTORAL n\u00b0\nDDTM/SAF/BFDFCI/2026-15 du 09 avril 2026 portant \u00e9tablissement\nd'une servitude de passage et d'am\u00e9nagement sur la piste H83 \u00ab\nFont Freye \u00bb\ncommunes de Fr\u00e9jus et les Adrets-de-l'Est\u00e9rel (4\npages) Page 27\n83-2026-04-16-00010 - ARR\u00caT\u00c9 PR\u00c9FECTORAL n\u00b0\nDDTM/SAF/BFDFCI/2026-21 du 16 avril 2026 portant \u00e9tablissement\nd'une servitude de passage et d'am\u00e9nagement sur la piste B17 \u00ab\nGorbi\u00e8re \u00bb\ncommune de La M\u00f4le (4 pages) Page 32\n2\nPr\u00e9fecture du VAR / Direction des s\u00e9curit\u00e9s\n83-2026-04-24-00003 - ARR\u00caTE n\u00b02026/01/DS/SESR/PDAC du 24 avril\n2026 portant agr\u00e9ment du Docteur Amandine PINTAT \u00e9pouse FARON\npour le contr\u00f4le m\u00e9dical de l'aptitude \u00e0 la conduite  (2 pages) Page 37\n3\nDirection d\u00e9partementale de l'emploi, du travail\net des solidarit\u00e9s du Var\n83-2026-04-24-00002\nArr\u00eate n\u00b0 DDETS-SAL-2026-10 du 24 avril 2026\nPortant autorisation d'extension de capacit\u00e9\npour le foyer de jeunes travailleurs\nD\u00e9nomm\u00e9 \u00ab\u00a0Saint Christophe - R\u00e9sidence\nProvence Verte \u00bb\nSis 108 Avenue Adjudant-Chef Marie Louis\nBroquier- 83170 Brignoles\nDirection d\u00e9partementale de l'emploi, du travail et des solidarit\u00e9s du Var - 83-2026-04-24-00002 - Arr\u00eate n\u00b0 DDETS-SAL-2026-10 du 24\navril 2026\nPortant autorisation d'extension de capacit\u00e9 pour le foyer de jeunes travailleurs\nD\u00e9nomm\u00e9 \u00ab\u00a0Saint Christophe - R\u00e9sidence Provence Verte \u00bb\nSis 108 Avenue Adjudant-Chef Marie Louis Broquier- 83170 Brignoles\n4\nPREFETDU VARLibert\u00e9Egalit\u00e9Fraternit\u00e9\nDirection d\u00e9partementale\n de l'emploi, du travail \net des solidarit\u00e9s \nService acc\u00e8s au logement\nArr\u00eate n\u00b0 DDETS-SAL-2026-10 du 24 avril 2026\nPortant autorisation d'extension de capacit\u00e9 pour le foyer de jeunes travailleurs\nD\u00e9nomm\u00e9 \u00ab\u00a0Saint Christophe \u2013 R\u00e9sidence Provence Verte \u00bb\nSis 108 Avenue Adjudant-Chef Marie Louis Broquier\u2013 83170 Brignoles\nLe Pr\u00e9fet du Var,\nVu le Code de l'action sociale et des familles (CASF) et notamment ses articles  \nL.312-1 et suivants\u00a0;\nVu la loi n\u00b0 2002-2 du 2 janvier 2002 modifi\u00e9e r\u00e9novant l'action sociale et m\u00e9dico-\nsociale\u00a0;\nVu l'article 31 de la loi n\u00b0 2014-366 du 24 mars 2014 pour l'acc\u00e8s au logement et  \nun urbanisme r\u00e9nov\u00e9 r\u00e9tablissant la comp\u00e9tence des pr\u00e9fets de d\u00e9partement  \nen mati\u00e8re d'autorisation des foyers de jeunes travailleurs relevant du 10\u00b0 du I  \nde l'article L.312-1 du CASF\u00a0;\nVu le d\u00e9cret n\u00b0 2014-565 du 30 mai 2014 modifiant la proc\u00e9dure d'appel \u00e0 projet  \net d'autorisation mentionn\u00e9 \u00e0 l'article L.313-1-1 du CASF\u00a0;\nVu le d\u00e9cret n\u00b0 2014-1368 du 14 novembre 2014 relatif au renouvellement des  \nautorisations des \u00e9tablissements et services sociaux et m\u00e9dico-sociaux\u00a0;\nVu le  d\u00e9cret  n\u00b0  2015-951  du  31  juillet  2015  relatif  aux  foyers  de  jeunes  \ntravailleurs\u00a0;\nVu la circulaire n\u00b0 DGCS/SD5C/2011/398 du 21 octobre 2011 relative \u00e0 l'\u00e9valuation  \ndes activit\u00e9s et de la qualit\u00e9 des prestations d\u00e9livr\u00e9es dans les \u00e9tablissements  \net services sociaux et m\u00e9dico-sociaux\u00a0;\nVu la  circulaire  n\u00b0  DGCS/SD5B/2014/287  du  20  octobre  2014  relative  \u00e0  la  \nproc\u00e9dure d'appel \u00e0 projets et d'autorisation des \u00e9tablissements et services  \nsociaux et m\u00e9dico-sociaux\u00a0;\nVu le d\u00e9cret du pr\u00e9sident de la r\u00e9publique du 15 mai 2025 portant nomination de  \nM. Simon Babre, pr\u00e9fet du Var\u00a0;\nDirection d\u00e9partementale de l'emploi, du travail et des solidarit\u00e9s du Var - 83-2026-04-24-00002 - Arr\u00eate n\u00b0 DDETS-SAL-2026-10 du 24\navril 2026\nPortant autorisation d'extension de capacit\u00e9 pour le foyer de jeunes travailleurs\nD\u00e9nomm\u00e9 \u00ab\u00a0Saint Christophe - R\u00e9sidence Provence Verte \u00bb\nSis 108 Avenue Adjudant-Chef Marie Louis Broquier- 83170 Brignoles\n5\nVu l'arr\u00eat\u00e9 n\u00b0 n\u00b02025/23/MCI du 2 juin 2025 portant d\u00e9l\u00e9gation de signature \u00e0  \nMme Sandrine Polychronopoulos, directrice d\u00e9partementale de l'emploi, du  \ntravail et des solidarit\u00e9s du Var\u00a0;\nVu l'avis d'appel \u00e0 projets relevant de la comp\u00e9tence de l'Etat relatif \u00e0 la cr\u00e9ation  \nde 234 places en foyer de jeunes travailleurs (FJT) publi\u00e9 le 30 juin 2025\u00a0;\nVu le  dossier  de  r\u00e9ponse  \u00e0  l'appel  \u00e0  projets  susvis\u00e9  d\u00e9pos\u00e9  par  la  Fondation \nApprentis d'Auteuil le 29 octobre 2025\u00a0;\nVu l'avis  favorable  formul\u00e9  par  la  commission  de  s\u00e9lection  d'appel  \u00e0  projets  \nr\u00e9unie le 5 mars 2026 \u00e0 l'extension de capacit\u00e9 du FJT de Brignoles.\nConsid\u00e9rant les  besoins  identifi\u00e9s  sur  le  territoire  de  Brignoles  en  mati\u00e8re  \nd'h\u00e9bergement  et  d'accompagnement  socio-\u00e9ducatif  pour  les  jeunes  \ntravailleurs ;\nConsid\u00e9rant  l'avis favorable sous r\u00e9serve de la commission de s\u00e9lection r\u00e9unit le 5  \nmars 2026 ;\nConsid\u00e9rant la production par le porteur de projet des \u00e9l\u00e9ments compl\u00e9mentaires et  \nrectificatifs demand\u00e9s par la DDETS le 12 mars 2026\u00a0; \nSur  proposition de  la  directrice  d\u00e9partementale  de  l'emploi,  du  travail  et  des  \nsolidarit\u00e9s du Var\u00a0;\nArr\u00eate\nArticle 1  er  \u00a0: \nL'autorisation pr\u00e9vue \u00e0 l'article L.313-1 du CASF est accord\u00e9e \u00e0 la Fondation \u00ab Apprentis \nd'Auteuil \u00bb, dont le si\u00e8ge social est situ\u00e9 40 rue Jean de la Fontaine - 75016 Paris, pour  \nl'extension d'un foyer de jeunes travailleurs, situ\u00e9 au 108 Avenue Adjudant - Chef Marie \nLouis Broquier \u2013 83170 Brignoles.\nArticle 2 : \nLa  capacit\u00e9  globale  du  foyer  de  jeunes  travailleurs,  initialement  compos\u00e9e  de  18 \nlogements (24 places), sera augment\u00e9e de 21 logements (21 places) dans le cadre de  \nson extension, soit un total de 39 logements et 45 places. Ce dispositif est destin\u00e9 \u00e0 un \npublic mixte \u00e2g\u00e9 de 16 \u00e0 30 ans, salari\u00e9s ou engag\u00e9s dans une proc\u00e9dure de formation, \nen  situation  de  pr\u00e9carit\u00e9  vis-\u00e0-vis  du  logement  et  disposant  de  peu  ou  pas  de  \nressources.\n2\nDirection d\u00e9partementale de l'emploi, du travail et des solidarit\u00e9s du Var - 83-2026-04-24-00002 - Arr\u00eate n\u00b0 DDETS-SAL-2026-10 du 24\navril 2026\nPortant autorisation d'extension de capacit\u00e9 pour le foyer de jeunes travailleurs\nD\u00e9nomm\u00e9 \u00ab\u00a0Saint Christophe - R\u00e9sidence Provence Verte \u00bb\nSis 108 Avenue Adjudant-Chef Marie Louis Broquier- 83170 Brignoles\n6\nCette structure est r\u00e9pertori\u00e9e dans le fichier national des \u00e9tablissements sanitaires et \nsociaux (FINESS) de la mani\u00e8re suivante\u00a0:\n- num\u00e9ro finess\u00a0: 750720526\n- code cat\u00e9gorie\u00a0: 257 Foyer de jeunes travailleurs\n- code discipline\u00a0: 947 R\u00e9sidence sociale FJT\n- code mode de fonctionnement\u00a0: 11 H\u00e9bergement complet internat\n- code client\u00e8le\u00a0: 826 jeunes travailleurs\nArticle 3 : \nCette autorisation est accord\u00e9e pour une dur\u00e9e de quinze ans \u00e0 compter de\u00a0sa date de \nnotification.\nConform\u00e9ment aux dispositions des articles L.312-8 et D.312-204 du code de l'action  \nsociale et des familles, l'\u00e9tablissement est tenu de transmettre, tous les cinq ans, les  \nr\u00e9sultats de l'\u00e9valuation de la qualit\u00e9 des prestations d\u00e9livr\u00e9es, selon la programmation \npluriannuelle arr\u00eat\u00e9e par l'autorit\u00e9 ayant d\u00e9livr\u00e9 l'autorisation.\nCette \u00e9valuation est conduite sur la base du r\u00e9f\u00e9rentiel national \u00e9labor\u00e9 par la Haute  \nAutorit\u00e9 de Sant\u00e9. Elle est r\u00e9alis\u00e9e par un organisme \u00e9valuateur accr\u00e9dit\u00e9. Les r\u00e9sultats \nsont transmis \u00e0 l'autorit\u00e9 comp\u00e9tente ainsi qu'\u00e0 la Haute Autorit\u00e9 de Sant\u00e9, selon les  \nmodalit\u00e9s fix\u00e9es par voie r\u00e9glementaire.\nEn  dehors  des  p\u00e9riodes  d'\u00e9valuation,  l'\u00e9tablissement  s'inscrit  dans  une  d\u00e9marche \ncontinue d'am\u00e9lioration de la qualit\u00e9 des prestations, dont les actions engag\u00e9es font  \nl'objet d'une tra\u00e7abilit\u00e9 annuelle dans le rapport d'activit\u00e9.\nLes r\u00e9sultats des \u00e9valuations transmises depuis la date de d\u00e9livrance de l'autorisation, \net au plus tard deux ans avant l'\u00e9ch\u00e9ance de celle-ci, sont pris en compte lors de  \nl'instruction du renouvellement de l'autorisation, en application de l'article D.312-204 \ndu code de l'action sociale et des familles.\nL'autorisation est r\u00e9put\u00e9e renouvel\u00e9e par tacite reconduction sauf si, au moins un an  \navant  la  date  du  renouvellement,  l'autorit\u00e9  comp\u00e9tente,  au  vu  des  r\u00e9sultats  des \n\u00e9valuations de la qualit\u00e9 pr\u00e9vues \u00e0 l'article L.312-8 du code de l'action sociale et des  \nfamilles, enjoint \u00e0 l'\u00e9tablissement de pr\u00e9senter, dans un d\u00e9lai de six mois, une demande \nde renouvellement. \nL'absence de notification d'une r\u00e9ponse par l'autorit\u00e9 comp\u00e9tente dans les six mois  \nsuivant  la  r\u00e9ception  de  ladite  demande  vaut  renouvellement  de  l'autorisation,  \nconform\u00e9ment \u00e0 l'article L.313-5 du m\u00eame code.\nArticle 4\u00a0: \n3\nDirection d\u00e9partementale de l'emploi, du travail et des solidarit\u00e9s du Var - 83-2026-04-24-00002 - Arr\u00eate n\u00b0 DDETS-SAL-2026-10 du 24\navril 2026\nPortant autorisation d'extension de capacit\u00e9 pour le foyer de jeunes travailleurs\nD\u00e9nomm\u00e9 \u00ab\u00a0Saint Christophe - R\u00e9sidence Provence Verte \u00bb\nSis 108 Avenue Adjudant-Chef Marie Louis Broquier- 83170 Brignoles\n7\nCette autorisation est subordonn\u00e9e aux conditions particuli\u00e8res suivantes \u00a0: ce projet  \ndoit faire l'objet d'un d\u00e9but de r\u00e9alisation dans un d\u00e9lai de trois ans \u00e0 compter de la \ndate de notification du pr\u00e9sent arr\u00eat\u00e9 et d'une visite de conformit\u00e9. A d\u00e9faut, cette  \nderni\u00e8re est caduque.\nArticle 5\u00a0: \nTout changement important dans l'activit\u00e9, l'installation, l'organisation, la direction ou \nle  fonctionnement  de  l'\u00e9tablissement  par  rapport  aux  caract\u00e9ristiques  prises  en  \nconsid\u00e9ration pour son autorisation devra \u00eatre port\u00e9 \u00e0 la connaissance de l'autorit\u00e9  \ncomp\u00e9tente  selon  l'article  L.313-1  du  code  de  l'action  sociale  et  des  familles.  \nL'autorisation ne peut \u00eatre c\u00e9d\u00e9e sans l'accord de l'autorit\u00e9 comp\u00e9tente concern\u00e9e.\nArticle 6  \u00a0  : \nDans les deux mois suivant sa notification pour les personnes auxquelles il est notifi\u00e9, et \nsa publication pour les autres personnes, la pr\u00e9sente d\u00e9cision peut faire l'objet, soit  \nd'un recours gracieux devant le pr\u00e9fet du Var, soit d'un recours contentieux aupr\u00e8s du \ntribunal administratif de Toulon.\nArticle 7  \u00a0  :\nLa  directrice  d\u00e9partementale  de  l'emploi,  du  travail  et  des  solidarit\u00e9s  du  Var  est \ncharg\u00e9e  de  l'ex\u00e9cution  du  pr\u00e9sent  arr\u00eat\u00e9  qui  sera  notifi\u00e9  au  responsable  de  \nl'\u00e9tablissement et publi\u00e9 au recueil des actes administratifs de l'Etat dans le Var.\n        Toulon, le  24 avril 2026\nPour le pr\u00e9fet et par d\u00e9l\u00e9gation\nLa directrice d\u00e9partementale de \nl'emploi, du travail et des solidarit\u00e9s\nSign\u00e9\u00a0: Sandrine POLYCHRONOPOULOS\n4\nDirection d\u00e9partementale de l'emploi, du travail et des solidarit\u00e9s du Var - 83-2026-04-24-00002 - Arr\u00eate n\u00b0 DDETS-SAL-2026-10 du 24\navril 2026\nPortant autorisation d'extension de capacit\u00e9 pour le foyer de jeunes travailleurs\nD\u00e9nomm\u00e9 \u00ab\u00a0Saint Christophe - R\u00e9sidence Provence Verte \u00bb\nSis 108 Avenue Adjudant-Chef Marie Louis Broquier- 83170 Brignoles\n8\nDirection d\u00e9partementale de l'emploi, du travail\net des solidarit\u00e9s du Var\n83-2026-04-24-00001\nArr\u00eat\u00e9 pr\u00e9fectoral n\u00b0 DDETS-SAL-2026-11 du 24\navril 2026 \nPortant avis de classement de la commission\nd\u00e9partementale de s\u00e9lection dans le cadre de\nl'appel \u00e0 projets de cr\u00e9ation de 234 places en\nfoyers de jeunes travailleurs (FJT), r\u00e9unie le 5\nmars 2026\nDirection d\u00e9partementale de l'emploi, du travail et des solidarit\u00e9s du Var - 83-2026-04-24-00001 - Arr\u00eat\u00e9 pr\u00e9fectoral n\u00b0\nDDETS-SAL-2026-11 du 24 avril 2026 \nPortant avis de classement de la commission d\u00e9partementale de s\u00e9lection dans le cadre de l'appel \u00e0 projets de cr\u00e9ation de 234 places\nen foyers de jeunes travailleurs (FJT), r\u00e9unie le 5 mars 2026\n9\n=mPREFETDU VARLibert\u00e9Egalit\u00e9Fraternit\u00e9\nDirection d\u00e9partementale\n de l'emploi, du travail \net des solidarit\u00e9s \nService acc\u00e8s au logement\nArr\u00eat\u00e9 pr\u00e9fectoral n\u00b0 DDETS-SAL-2026-11 du 24 avril 2026 \nPortant avis de classement de la commission d\u00e9partementale de s\u00e9lection dans le  \ncadre de l'appel \u00e0 projets de  cr\u00e9ation de 234 places en foyers de jeunes travailleurs  \n(FJT), r\u00e9unie le 5 mars 2026\nVu le code de l'action sociale et des familles (CASF) et notamment ses articles R 313-1 \n\u00e0 R 313-7\u00a0;\nVu la loi n\u00b02009-879 du 21 juillet 2009 modifi\u00e9e portant reforme de l'h\u00f4pital \net relative aux patients, \u00e0 la sante et aux territoires;\nVu le d\u00e9cret n\u00b0 2006-672 du 8 juin 2006 relatif \u00e0 la cr\u00e9ation, \u00e0 la composition et au  \nfonctionnement des commissions administratives \u00e0 caract\u00e8re consultatif ;\nVu le d\u00e9cret n\u00b02010-870 du 26 juillet 2010 relatif \u00e0  la proc\u00e9dure d'appel \u00e0  \nprojet et d'autorisation mentionn\u00e9e \u00e0 l'article L 313-1-1 du code de l'action  \nsociale et des familles;\nVu le d\u00e9cret du pr\u00e9sident de la r\u00e9publique du 15 mai 2025 portant nomination  \nde monsieur Simon Babre, pr\u00e9fet du Var ;\nVu l'arr\u00eat\u00e9 pr\u00e9fectoral n\u00b02025/23/MCI du 2 juin 2025 portant d\u00e9l\u00e9gation de  \nsignature \u00e0 Mme Sandrine Polychronopoulos, directrice d\u00e9partementale de  \nl'emploi, du travail et des solidarit\u00e9s du Var\u00a0; \nVu l'arr\u00eat\u00e9  pr\u00e9fectoral  n\u00b0  DDETS-SAL-2026-04  du  06  f\u00e9vrier  2026  d\u00e9signant  les \nmembres permanents de la commission d'information et de s\u00e9lection d'appel \u00e0  \nprojets pour la cr\u00e9ation de places en foyers de jeunes travailleurs (FJT)\u00a0;\nVu l'arr\u00eat\u00e9  pr\u00e9fectoral  n\u00b0  DDETS-SAL-2026-05  du  06  f\u00e9vrier  2026  d\u00e9signant  les \nmembres  non  permanents  de  la  commission  d'information  et  de  s\u00e9lection  \nd'appel \u00e0 projets pour la cr\u00e9ation de places en foyers de jeunes travailleurs  \n(FJT)\u00a0;\nVu l'arr\u00eat\u00e9 pr\u00e9fectoral n\u00b0 83-2025-06-24-00008 portant avis d'appel \u00e0 projet 2025  \nrelatif \u00e0 la cr\u00e9ation de 234 places en foyer de jeunes travailleurs (FJT) relevant  \nde la comp\u00e9tence de la pr\u00e9fecture du d\u00e9partement du Var\u00a0;\n1\nDirection d\u00e9partementale de l'emploi, du travail et des solidarit\u00e9s du Var - 83-2026-04-24-00001 - Arr\u00eat\u00e9 pr\u00e9fectoral n\u00b0\nDDETS-SAL-2026-11 du 24 avril 2026 \nPortant avis de classement de la commission d\u00e9partementale de s\u00e9lection dans le cadre de l'appel \u00e0 projets de cr\u00e9ation de 234 places\nen foyers de jeunes travailleurs (FJT), r\u00e9unie le 5 mars 2026\n10\nVu la  circulaire n\u00b0DGCS/SD5B/2014/287  du 20  octobre 2014  relative  \u00e0  la \nproc\u00e9dure d'appel \u00e0 projet et d'autorisation des  \u00e9tablissements sociaux et \nm\u00e9dico-sociaux;\nSur  proposition de  la  directrice  d\u00e9partementale  de  l'emploi,  du  travail  et  des  \nsolidarit\u00e9s du Var\u00a0;\nArr\u00eate :\n Article 1er :  \nL'avis de la commission d'information et de s\u00e9lection dans le cadre de l'appel \u00e0  \nprojets 2025 de cr\u00e9ation de 234 places de foyers de jeunes travailleurs (FJT) est  \nannex\u00e9 au pr\u00e9sent arr\u00eat\u00e9 sous la forme d'un classement. Cet avis est consultatif. Les  \nd\u00e9cisions d'autorisation des places rel\u00e8vent de l'autorit\u00e9 du Pr\u00e9fet du Var.\n Article 2 :   \nLa directrice d\u00e9partementale de l'emploi, du travail et des solidarit\u00e9s du Var est  \ncharg\u00e9e  de  l'ex\u00e9cution  du  pr\u00e9sent  arr\u00eat\u00e9  qui  sera  notifi\u00e9  au  responsable  de  \nl'\u00e9tablissement et publi\u00e9 au recueil des actes administratifs de l'Etat dans le Var\nToulon le 24 avril 2026\nPour le pr\u00e9fet et par d\u00e9l\u00e9gation\nLa directrice d\u00e9partementale de \nl'emploi, du travail et des solidarit\u00e9s\nSign\u00e9\u00a0: Sandrine POLYCHRONOPOULOS\n2\nDirection d\u00e9partementale de l'emploi, du travail et des solidarit\u00e9s du Var - 83-2026-04-24-00001 - Arr\u00eat\u00e9 pr\u00e9fectoral n\u00b0\nDDETS-SAL-2026-11 du 24 avril 2026 \nPortant avis de classement de la commission d\u00e9partementale de s\u00e9lection dans le cadre de l'appel \u00e0 projets de cr\u00e9ation de 234 places\nen foyers de jeunes travailleurs (FJT), r\u00e9unie le 5 mars 2026\n11\n=mPREFETDU VARLibert\u00e9Egalit\u00e9Fraternit\u00e9\nDirection d\u00e9partementale\n de l'emploi, du travail \net des solidarit\u00e9s \nService acc\u00e8s au logement\nAnnexe \u00e0 l'arr\u00eat\u00e9 pr\u00e9fectoral n\u00b0 DDETS-SAL-2026-11 du 24 avril 2026\nportant avis de classement de la commission d'information et de\nde s\u00e9lection dans le cadre de l'appel \u00e0 projet relatif \u00e0 la cr\u00e9ation de 234 places en  \nfoyers de jeunes travailleurs (FJT)\nDossiers pr\u00e9sent\u00e9s en r\u00e9ponse \u00e0 l'appel \u00e0 projets 2025 FJT\nObjet : Cr\u00e9ation de 234 places de FJT sur le d\u00e9partement du Var\nDeux dossiers d\u00e9mat\u00e9rialis\u00e9s ont \u00e9t\u00e9 r\u00e9ceptionn\u00e9 par la DDETS du Var.\nLe  classement  des  dossiers  a  \u00e9t\u00e9  \u00e9tabli  par  la  commission  d'information  et  de  \ns\u00e9lection, conform\u00e9ment \u00e0 l'avis d'appel \u00e0 projets, lors de sa s\u00e9ance du 5 mars 2026.\nApr\u00e8s examen des dossiers, le classement \u00e0 l'unanimit\u00e9 des membres est le suivant :\nn\u00b01\u00a0: L'association Fondation Apprentis d'Auteuil pour le projet d'extension de places  \nsur le foyer de jeunes travailleurs \u00ab\u00a0Saint Christophe \u2013 R\u00e9sidence Provence Verte \u00bb sis \n108  Avenue  Adjudant-Chef  Marie  Louis  Broquier\u2013  83170  Brignoles,  re\u00e7oit  un  avis \nfavorable avec 76 points sur 87, sous r\u00e9serve\u00a0:\n\u2022 d'un  pilotage  renforc\u00e9  de  la  fonction  socio-\u00e9ducative  afin  d'anticiper  et  \norganiser  la  charge  d'accompagnement  compl\u00e9mentaire  induite  par  \nl'extension de capacit\u00e9. Le ratio d'encadrement en \u00e9quivalents temps plein  \ndemeurant conforme aux exigences r\u00e9glementaires, une attention particuli\u00e8re \ndevra  \u00eatre  port\u00e9e  \u00e0  son  effectivit\u00e9  op\u00e9rationnelle,  notamment  pour  les  \npublics SIAO et ASE\u00a0;\n\u2022 d'une vigilance soutenue sur l'\u00e9quilibre financier du projet, dont le budget,  \nbien que soutenable, pr\u00e9sente une forte tension.\nn\u00b02\u00a0:  L'association Fondation Apprentis d'Auteuil pour le projet de cr\u00e9ation d'une  \nr\u00e9sidence  sociale  \u2013  foyer  de  jeunes  travailleurs  \u00ab\u00a0P\u00e9piole\u00a0\u00bb  de  143  places  sis  114 \nchemin de la Farl\u00e8de \u2013 83500 La Seyne-sur-Mer, re\u00e7oit un avis d\u00e9favorable suite au  \nd\u00e9sistement du bailleur social 3F R\u00e9sidences. Ce retrait fait suite \u00e0 l'impossibilit\u00e9 de  \nparvenir \u00e0 un accord sur les conditions financi\u00e8res communiqu\u00e9es par le promoteur,  \nrendant l'\u00e9conomie g\u00e9n\u00e9rale du projet insoutenable.\nToulon, le 24 avril 2026\n3\nDirection d\u00e9partementale de l'emploi, du travail et des solidarit\u00e9s du Var - 83-2026-04-24-00001 - Arr\u00eat\u00e9 pr\u00e9fectoral n\u00b0\nDDETS-SAL-2026-11 du 24 avril 2026 \nPortant avis de classement de la commission d\u00e9partementale de s\u00e9lection dans le cadre de l'appel \u00e0 projets de cr\u00e9ation de 234 places\nen foyers de jeunes travailleurs (FJT), r\u00e9unie le 5 mars 2026\n12\nDirection d\u00e9partementale de l'emploi, du travail\net des solidarit\u00e9s du Var\n83-2026-04-20-00005\nR\u00e9c\u00e9piss\u00e9 de d\u00e9m\u00e9nagement de d\u00e9claration\nd'un organisme de services \u00e0 la personne\nenregistr\u00e9 sous le N\u00b0 SAP828335430 \nDirection d\u00e9partementale de l'emploi, du travail et des solidarit\u00e9s du Var - 83-2026-04-20-00005 - R\u00e9c\u00e9piss\u00e9 de d\u00e9m\u00e9nagement de\nd\u00e9claration\nd'un organisme de services \u00e0 la personne\nenregistr\u00e9 sous le N\u00b0 SAP828335430 \n13\nEX= \u00c0Libert\u00e9 + \u00c9galit\u00e9 + Fraternit\u00e9R\u00c9PUBLIQUE FRAN\u00c7AISE\nR\u00e9c\u00e9piss\u00e9 de d\u00e9m\u00e9nagement de d\u00e9claration\nd'un organisme de services \u00e0 la personne\nenregistr\u00e9 sous le N\u00b0 SAP828335430\nVu le code du travail et notamment les articles L.7231-1 \u00e0 L.7233-2, R.7232-16 \u00e0 R.7232-22, D.7231-1 et \nD.7233-1 \u00e0 D.7233-5 ; \nVu la demande de d\u00e9m\u00e9nagement de d\u00e9claration d\u00e9pos\u00e9e par l'organisme Math'Info, 562 route  \ndes mines 83310 COGOLIN, le 20/04/26 ;\nLe pr\u00e9fet du Var\nConstate : \nQu'une d\u00e9claration d'activit\u00e9s de services \u00e0 la personne a \u00e9t\u00e9 d\u00e9pos\u00e9e aupr\u00e8s du service instructeur  \ndu Var , le 20/04/26 par M. CHAMPAGNE Jean Fran\u00e7ois en qualit\u00e9 de dirigeant(e), pour l'organisme  \nMath'Info dont l'\u00e9tablissement principal est situ\u00e9 d\u00e9sormais 562 route des mines 83310 COGOLIN et  \nenregistr\u00e9 sous le N\u00b0 SAP828335430 pour les activit\u00e9s suivantes :\n  \u2022   Soutien scolaire ou cours \u00e0 domicile (mode d'intervention Prestataire)\n  \u2022   Assistance informatique \u00e0 domicile (mode d'intervention Prestataire)\nToute  modification  concernant  les  activit\u00e9s  exerc\u00e9es  devra  faire  l'objet  d'une  d\u00e9claration  \nmodificative pr\u00e9alable.\nSous r\u00e9serve d'\u00eatre exerc\u00e9es \u00e0 titre exclusif (ou sous r\u00e9serve d'une comptabilit\u00e9 s\u00e9par\u00e9e pour les  \npersonnes  morales  dispens\u00e9es  de  cette  condition),  ces  activit\u00e9s  ouvrent  droit  au  b\u00e9n\u00e9fice  des  \ndispositions des articles L. 7233-2 du code du travail et L.241-10 du code de la s\u00e9curit\u00e9 sociale dans  \nles conditions pr\u00e9vues par ces articles.\nLes effets de la d\u00e9claration courent \u00e0 compter du jour du d\u00e9p\u00f4t de la d\u00e9claration sous r\u00e9serve des  \ndispositions de l'article R.7232-18 du code du travail. Le pr\u00e9sent r\u00e9c\u00e9piss\u00e9 n'est pas limit\u00e9 dans le  \ntemps. La d\u00e9claration a une port\u00e9e nationale.\nL'enregistrement de la d\u00e9claration peut \u00eatre retir\u00e9 dans les conditions fix\u00e9es aux articles R.7232-\n20 \u00e0 R.7232-22 du code du travail.\nLe pr\u00e9sent r\u00e9c\u00e9piss\u00e9 sera publi\u00e9 au recueil des actes administratifs de la pr\u00e9fecture.\nLe pr\u00e9sent r\u00e9c\u00e9piss\u00e9 peut, \u00e0 compter de sa notification, faire l'objet d'un recours gracieux aupr\u00e8s  \nservice instructeur du Var ou d'un recours hi\u00e9rarchique adress\u00e9 au ministre charg\u00e9 de l'\u00e9conomie -  \nDirection g\u00e9n\u00e9rale des entreprises \u2013 sous-direction des services marchands, 61 Boulevard Vincent  \nAuriol, 75703 PARIS CEDEX 13.\nIl peut \u00e9galement faire l'objet d'un recours contentieux dans un d\u00e9lai de deux mois \u00e0 compter de sa  \nnotification aupr\u00e8s du tribunal administratif de Toulon.\nLe tribunal administratif peut aussi \u00eatre saisi par l'application informatique \u00ab T\u00e9l\u00e9recours citoyen \u00bb  \naccessible sur le site internet  http://www.telerecours.fr/\nEn cas de rejet du recours gracieux ou hi\u00e9rarchique ou en l'absence de r\u00e9ponse \u00e0 ce recours (rejet  \nimplicite), un recours contentieux devant le tribunal administratif de Toulon peut \u00e9galement \u00eatre  \nform\u00e9 contre la d\u00e9cision initiale dans un d\u00e9lai de deux mois \u00e0 compter de ce rejet. \nPour le Pr\u00e9fet et par d\u00e9l\u00e9gation\nPour la Directrice d\u00e9partementale de l'emploi, \ndu travail et des solidarit\u00e9s du Var \nLa cheffe du service accompagnement \ndes entreprises et d\u00e9veloppement des territoires\nSign\u00e9 : S\u00e9verine LARDERET \nFait \u00e0 CS 31209 - 83070 TOULON Cedex, le 20/04/26 \nDDETS du Var\nDirection d\u00e9partementale de l'emploi, du travail et des solidarit\u00e9s du Var - 83-2026-04-20-00005 - R\u00e9c\u00e9piss\u00e9 de d\u00e9m\u00e9nagement de\nd\u00e9claration\nd'un organisme de services \u00e0 la personne\nenregistr\u00e9 sous le N\u00b0 SAP828335430 \n14\nDirection d\u00e9partementale des territoires et de la\nmer du Var\n83-2026-03-26-00012\nARR\u00caT\u00c9 PR\u00c9FECTORAL n\u00b0\nDDTM/SAF/BFDFCI/2026-04 du 26 mars 2026\nportant \u00e9tablissement d'une servitude de\npassage et d'am\u00e9nagement sur la piste H97 \u00ab\nL'Auveyrette \u00bb Commune de Tanneron\nDirection d\u00e9partementale des territoires et de la mer du Var - 83-2026-03-26-00012 - ARR\u00caT\u00c9 PR\u00c9FECTORAL n\u00b0\nDDTM/SAF/BFDFCI/2026-04 du 26 mars 2026 portant \u00e9tablissement d'une servitude de passage et d'am\u00e9nagement sur la piste H97 \u00ab\nL'Auveyrette \u00bb Commune de Tanneron\n15\nEsPREFETDU VARLibert\u00e9Egalit\u00e9Fraternit\u00e9\nP\nARR\u00caT\u00c9 PR\u00c9FECTORAL n\u00b0 DDTM/SAF/BFDFCI/2026-04 du 26 mars 2026\nportant \u00e9tablissement d'une servitude de passage et d'am\u00e9nagement\nsur la piste H97 \u00ab L'Auveyrette \u00bb\nCommune de Tanneron\nLe pr\u00e9fet du Var,\nVu le code forestier notamment les articles L.  134-1, L. 134-2, L. 134-3 et l'ordonnance n\u00b02012-\n92 du 26 janvier 2012 ;\nVu le  d\u00e9cret  n\u00b02004-374  du  29  avril  2004  modifi\u00e9  relatif  aux  pouvoirs  des  pr\u00e9fets,  \u00e0  \nl'organisation et \u00e0 l'action des services de l'\u00c9tat dans les r\u00e9gions et les d\u00e9partements ; \nVu  le d\u00e9cret n\u00b0 2012-836 du 29 juin 2012 relatif \u00e0 la partie r\u00e9glementaire du code forestier,  \nnotamment les articles R. 134-1, R. 134-2, R. 134-3 ;\nVu le d\u00e9cret du Pr\u00e9sident de la R\u00e9publique du 15 avril 2022 portant nomination de Monsieur  \nLucien GIUDICELLI, secr\u00e9taire g\u00e9n\u00e9ral de la pr\u00e9fecture du Var ;\nVu le d\u00e9cret du Pr\u00e9sident de la R\u00e9publique du 15 mai 2025 portant nomination de Monsieur  \nSimon BABRE, pr\u00e9fet du Var ; \nVu l'arr\u00eat\u00e9 pr\u00e9fectoral du 29 d\u00e9cembre 2008 approuvant le plan d\u00e9partemental de protection \ndes for\u00eats contre l'incendie (PDPFCI) ; \nVu  l'arr\u00eat\u00e9  pr\u00e9fectoral  du  19  juin  2018  r\u00e9glementant  dans  le  d\u00e9partement  du  Var  la  \np\u00e9n\u00e9tration dans les massifs forestiers, la circulation et le stationnement sur certaines voies  \nles desservant et l'usage de certains appareils et mat\u00e9riels \u00e0 l'int\u00e9rieur de ces massifs ;\nVu  l'arr\u00eat\u00e9  pr\u00e9fectoral  \u00b0  2025/12/MCI  du  2  juin  2025  portant  d\u00e9l\u00e9gation  de  signature  \u00e0  \nMonsieur  Lucien  GIUDICELLI,  secr\u00e9taire  g\u00e9n\u00e9ral  de  la  pr\u00e9fecture  du  Var,  sous-pr\u00e9fet  de  \nl'arrondissement de Toulon ;\nVu le  plan  intercommunal  de  d\u00e9broussaillement  et  am\u00e9nagement  forestier  (PIDAF)  de  la \ncommunaut\u00e9 de communes du Pays de Fayence approuv\u00e9 par arr\u00eat\u00e9 pr\u00e9fectoral actuellement \nen cours d'actualisation ;\nVu la d\u00e9lib\u00e9ration n\u00b0241211/31 de la communaut\u00e9 de communes du Pays de Fayence  en date  \ndu 16 d\u00e9cembre 2024 ; \nVu la d\u00e9lib\u00e9ration DL2024-68 de la commune de Tanneron, en date du 12 novembre 2024 ;\nVu le certificat d'affichage de la commune de Tanneron en date du 29 janvier 2026 ;\nVu l'avis favorable \u00e9mis par la sous-commission d\u00e9partementale pour la s\u00e9curit\u00e9 contre les  \nrisques d'incendies de for\u00eat, lande, maquis et garrigue en date du 28 octobre 2025 ;\nVu les pi\u00e8ces du dossier port\u00e9es \u00e0 la connaissance des propri\u00e9taires notamment le rapport de  \npr\u00e9sentation et le plan parcellaire ;\n1/3\nDirection d\u00e9partementale\ndes territoires et de la mer du Var\nDirection d\u00e9partementale des territoires et de la mer du Var - 83-2026-03-26-00012 - ARR\u00caT\u00c9 PR\u00c9FECTORAL n\u00b0\nDDTM/SAF/BFDFCI/2026-04 du 26 mars 2026 portant \u00e9tablissement d'une servitude de passage et d'am\u00e9nagement sur la piste H97 \u00ab\nL'Auveyrette \u00bb Commune de Tanneron\n16\nP\nConsid\u00e9rant que cette voie, par sa localisation et sa situation topographique, constitue un  \nouvrage tr\u00e8s favorable pour l'appui \u00e0 la lutte contre les incendies de for\u00eats ;\nConsid\u00e9rant la n\u00e9cessit\u00e9 d'assurer la p\u00e9rennit\u00e9 de cette voie et sa mise aux normes par des  \ntravaux adapt\u00e9s (largeur de la bande de roulement, aires de croisement et de retournement) ;\nConsid\u00e9rant que cet ouvrage de d\u00e9fense des for\u00eats contre l'incendie (DFCI), par sa situation  \ntopographique, est destin\u00e9 \u00e0 prot\u00e9ger le territoire de la communaut\u00e9 de communes du Pays  \nde Fayence et qu'il est donc r\u00e9alis\u00e9 \u00e0 son profit exclusif ;\nSur proposition du directeur d\u00e9partemental des territoires et de la mer du Var,\nARR\u00caTE :\nArticle 1  er     :  Une servitude de passage et d'am\u00e9nagement est cr\u00e9\u00e9e pour assurer la mise aux  \nnormes et la p\u00e9rennit\u00e9 de la piste H97 \u00ab  L'Auveyrette \u00bb sur le territoire de la commune  de \nTanneron.\nLa piste H97 d'une longueur de 1700ml, poss\u00e8de une vocation de zone d'appui \u00e9l\u00e9mentaire  \n(ZAE) \u00e0 la lutte.\nElle d\u00e9bute au nord-ouest dans la continuit\u00e9 de la piste H95. Elle continue vers le sud via la  \nciterne PNTNR5. Elle se termine \u00e0 l'intersection avec la piste H94 \u00e0 la citerne PNTRN6.\nCette servitude est \u00e9tablie au profit de  la communaut\u00e9 de communes du Pays de Fayence , \nd\u00e9sign\u00e9e ensuite sous le terme de \u00ab b\u00e9n\u00e9ficiaire \u00bb.\nArticle 2     :   L'emprise de la servitude porte sur une largeur de bande de roulement minimale de \n4 m et n'exc\u00e9dant pas 6  m. Cette emprise de la servitude porte \u00e9galement sur les aires de  \ncroisement et de retournement connexes (\u00e9quipements ayant une surface au sol inf\u00e9rieure \u00e0  \n500 m\u00b2).\nL'\u00e9tablissement de la servitude n'est pas soumis \u00e0 enqu\u00eate publique.\nArticle 3     :   Les parcelles publiques concern\u00e9es par cette servitude sont les suivantes : \nCommunes Section Parcelle Contenance (are) Surface emprise \nservitude (m\u00b2)\nTanneron L 117 1ha09a00ca 358\nTanneron L 131 0ha20a10ca 345\nTanneron L 132 0ha09a70ca 60\nTanneron L 133 0ha18a90ca 9\nTanneron L 137 1ha93a30ca 235\nTanneron L 116 1ha93a30ca 177\n2/3\nDirection d\u00e9partementale des territoires et de la mer du Var - 83-2026-03-26-00012 - ARR\u00caT\u00c9 PR\u00c9FECTORAL n\u00b0\nDDTM/SAF/BFDFCI/2026-04 du 26 mars 2026 portant \u00e9tablissement d'une servitude de passage et d'am\u00e9nagement sur la piste H97 \u00ab\nL'Auveyrette \u00bb Commune de Tanneron\n17\nP\nArticle  4     :   Conform\u00e9ment  \u00e0  l'article  L.  134-2  du  code  forestier,  le  b\u00e9n\u00e9ficiaire  de  cette  \nservitude peut proc\u00e9der, \u00e0 ses frais, \u00e0 un d\u00e9broussaillement des abords de la voie sur deux  \nbandes lat\u00e9rales, sans que le total des largeurs de ces bandes n'exc\u00e8de 100 m\u00e8tres. \nL'entretien de la voie, ainsi que le maintien en \u00e9tat d\u00e9broussaill\u00e9 des abords de la voie, est \u00e0 la \ncharge du b\u00e9n\u00e9ficiaire de la servitude. \nArticle 5     :   La servitude comporte un droit d'am\u00e9nagement afin d'assurer la continuit\u00e9 des  \nvoies de d\u00e9fense des for\u00eats contre l'incendie. Elle comporte aussi un droit de passage \u00e0 usage  \nDFCI, sur la piste qui sera am\u00e9nag\u00e9e \u00e0 cet effet.\nL'acc\u00e8s \u00e0 la piste pour en assurer son entretien et son maintien en condition op\u00e9rationnelle,  \nn'est autoris\u00e9 que pour les services de l'\u00c9tat ou l'entreprise mandat\u00e9e par le b\u00e9n\u00e9ficiaire de la  \nservitude.\nLes propri\u00e9taires de terrains touch\u00e9s par cette servitude et leurs ayants droit pourront utiliser  \nla piste pour l'exploitation des fonds asservis.\nArticle 6     :   La pose de la signalisation aux deux extr\u00e9mit\u00e9s de la piste  sera \u00e0 la charge du  \nb\u00e9n\u00e9ficiaire. Cette signalisation comportera des panneaux indiquant le num\u00e9ro de la piste,  \nson nom et un panneau d'interdiction de circuler cod\u00e9 B0. Elle sera plac\u00e9e \u00e0 chaque entr\u00e9e de \nla piste, c\u00f4t\u00e9 droit, et quelques m\u00e8tres en retrait.\nArticle 7     :   Le plan de situation de la piste est joint au pr\u00e9sent arr\u00eat\u00e9.\nArticle 8     :   Le pr\u00e9sent arr\u00eat\u00e9 est affich\u00e9 en mairie de la commune de Tanneron pendant 2 mois \net publi\u00e9 au recueil des actes administratifs.\nDe plus, il sera, par les soins du b\u00e9n\u00e9ficiaire, notifi\u00e9 \u00e0 chacun des propri\u00e9taires concern\u00e9s par  \ncourrier recommand\u00e9 avec accus\u00e9 de r\u00e9ception.\nArticle 9     :   L'existence de cette servitude est ajout\u00e9e \u00e0 la liste  des servitudes d'utilit\u00e9 publique  \nqui figure en annexe du document d'urbanisme en vigueur de la commune de Tanneron. \nArticle 10     :   Les propri\u00e9taires de chacun des fonds concern\u00e9s seront avis\u00e9s par la communaut\u00e9 \nde communes du Pays de Fayence , dix jours au moins avant le commencement des travaux  \nd'am\u00e9nagement, par courrier recommand\u00e9 avec accus\u00e9 de r\u00e9ception. Ce courrier indiquera la \ndate du d\u00e9but des travaux ainsi que leur dur\u00e9e pr\u00e9visionnelle.\nArticle 11     :   Si la comp\u00e9tence DFCI n'est plus assur\u00e9e par le b\u00e9n\u00e9ficiaire de la servitude, la  \nstructure territoriale qui sera charg\u00e9e de la mise en \u0153uvre de la comp\u00e9tence DFCI, deviendra  \nalors le nouveau b\u00e9n\u00e9ficiaire. \u00c0 d\u00e9faut, la servitude reviendra \u00e0 la commune de Tanneron.\nArticle 12     :   Le secr\u00e9taire g\u00e9n\u00e9ral de la pr\u00e9fecture du Var, le directeur d\u00e9partemental des  \nterritoires et de la mer du Var, le pr\u00e9sident de l a communaut\u00e9 de communes du Pays de  \nFayence, le maire de la commune de Tanneron sont charg\u00e9s, chacun en ce qui le concerne, de \nl'application du pr\u00e9sent arr\u00eat\u00e9.\nFait \u00e0 Toulon, le 26 mars 2026\nPour le pr\u00e9fet et par d\u00e9l\u00e9gation\nle secr\u00e9taire g\u00e9n\u00e9ral\nSign\u00e9\nLucien GIUDICELLI\n3/3\nDirection d\u00e9partementale des territoires et de la mer du Var - 83-2026-03-26-00012 - ARR\u00caT\u00c9 PR\u00c9FECTORAL n\u00b0\nDDTM/SAF/BFDFCI/2026-04 du 26 mars 2026 portant \u00e9tablissement d'une servitude de passage et d'am\u00e9nagement sur la piste H97 \u00ab\nL'Auveyrette \u00bb Commune de Tanneron\n18\nDirection d\u00e9partementale des territoires et de la\nmer du Var\n83-2026-04-09-00014\nARR\u00caT\u00c9 PR\u00c9FECTORAL n\u00b0\nDDTM/SAF/BFDFCI/2026-05 du 09 avril 2026\nportant \u00e9tablissement d'une servitude de\npassage et d'am\u00e9nagement sur la piste G800 \u00ab\nLes Bellugues \u00bb Commune de La Motte\nDirection d\u00e9partementale des territoires et de la mer du Var - 83-2026-04-09-00014 - ARR\u00caT\u00c9 PR\u00c9FECTORAL n\u00b0\nDDTM/SAF/BFDFCI/2026-05 du 09 avril 2026 portant \u00e9tablissement d'une servitude de passage et d'am\u00e9nagement sur la piste G800 \u00ab\nLes Bellugues \u00bb Commune de La Motte\n19\nEsPREFETDU VARLibert\u00e9Egalit\u00e9Fraternit\u00e9\nP\nARR\u00caT\u00c9 PR\u00c9FECTORAL n\u00b0 DDTM/SAF/BFDFCI/2026-05 du 09 avril 2026\nportant \u00e9tablissement d'une servitude de passage et d'am\u00e9nagement\nsur la piste G800 \u00ab Les Bellugues \u00bb\nCommune de La Motte\nLe pr\u00e9fet du Var,\nVu le code forestier notamment les articles L.  134-1, L. 134-2, L. 134-3 et l'ordonnance n\u00b02012-\n92 du 26 janvier 2012 ;\nVu le  d\u00e9cret  n\u00b02004-374  du  29  avril  2004  modifi\u00e9  relatif  aux  pouvoirs  des  pr\u00e9fets,  \u00e0  \nl'organisation et \u00e0 l'action des services de l'\u00c9tat dans les r\u00e9gions et les d\u00e9partements ; \nVu  le d\u00e9cret n\u00b0 2012-836 du 29 juin 2012 relatif \u00e0 la partie r\u00e9glementaire du code forestier,  \nnotamment les articles R. 134-1, R. 134-2, R. 134-3 ;\nVu le d\u00e9cret du Pr\u00e9sident de la R\u00e9publique du 15 avril 2022 portant nomination de Monsieur  \nLucien GIUDICELLI, secr\u00e9taire g\u00e9n\u00e9ral de la pr\u00e9fecture du Var ;\nVu le d\u00e9cret du Pr\u00e9sident de la R\u00e9publique du 15 mai 2025 portant nomination de Monsieur  \nSimon BABRE, pr\u00e9fet du Var ; \nVu l'arr\u00eat\u00e9 pr\u00e9fectoral du 29 d\u00e9cembre 2008 approuvant le plan d\u00e9partemental de protection \ndes for\u00eats contre l'incendie (PDPFCI) ; \nVu  l'arr\u00eat\u00e9  pr\u00e9fectoral  du  19  juin  2018  r\u00e9glementant  dans  le  d\u00e9partement  du  Var  la  \np\u00e9n\u00e9tration dans les massifs forestiers, la circulation et le stationnement sur certaines voies  \nles desservant et l'usage de certains appareils et mat\u00e9riels \u00e0 l'int\u00e9rieur de ces massifs ;\nVu  l'arr\u00eat\u00e9  pr\u00e9fectoral  N\u00b02025/12/MCI  du  2  juin  2025  portant  d\u00e9l\u00e9gation  de  signature  \u00e0  \nMonsieur  Lucien  GIUDICELLI,  secr\u00e9taire  g\u00e9n\u00e9ral  de  la  pr\u00e9fecture  du  Var,  sous-pr\u00e9fet  de  \nl'arrondissement de Toulon ;\nVu  le  plan  intercommunal  de  d\u00e9broussaillement  et  d'am\u00e9nagement  forestier(PIDAF)  de  \nDrac\u00e9nie Provence Verdon agglom\u00e9ration approuv\u00e9 par la d\u00e9lib\u00e9ration n\u00b0C_2018_023 en date \ndu 15 f\u00e9vrier 2018 ;\nVu la d\u00e9lib\u00e9ration n\u00b0C_2025_032 de Drac\u00e9nie Provence Verdon agglom\u00e9ration en date du 20  \nf\u00e9vrier 2025 ;\nVu la d\u00e9lib\u00e9ration n\u00b027/2024 de la commune de La Motte en date du 10 juillet 2024 ; \nVu le certificat d'affichage de la commune de La Motte en date du 19 f\u00e9vrier 2026 ;\nVu l'avis favorable \u00e9mis par la sous-commission d\u00e9partementale pour la s\u00e9curit\u00e9 contre les  \nrisques d'incendies de for\u00eat, lande, maquis et garrigue en date du 28 octobre 2025 ;\nVu les pi\u00e8ces du dossier port\u00e9es \u00e0 la connaissance des propri\u00e9taires notamment le rapport de  \npr\u00e9sentation et le plan parcellaire ;\nConsid\u00e9rant que cette voie, par sa localisation et sa situation topographique, constitue un  \nouvrage tr\u00e8s favorable pour l'appui \u00e0 la lutte contre les incendies de for\u00eats ;\n1/3\nDirection d\u00e9partementale\ndes territoires et de la mer du Var\nDirection d\u00e9partementale des territoires et de la mer du Var - 83-2026-04-09-00014 - ARR\u00caT\u00c9 PR\u00c9FECTORAL n\u00b0\nDDTM/SAF/BFDFCI/2026-05 du 09 avril 2026 portant \u00e9tablissement d'une servitude de passage et d'am\u00e9nagement sur la piste G800 \u00ab\nLes Bellugues \u00bb Commune de La Motte\n20\nP\nConsid\u00e9rant la n\u00e9cessit\u00e9 d'assurer la p\u00e9rennit\u00e9 de cette voie et sa mise aux normes par des  \ntravaux adapt\u00e9s (largeur de la bande de roulement, aires de croisement et de retournement) ;\nConsid\u00e9rant que cet ouvrage de d\u00e9fense des for\u00eats contre l'incendie (DFCI), par sa situation  \ntopographique,  est  destin\u00e9  \u00e0  prot\u00e9ger  le  territoire  de  Drac\u00e9nie  Provence  Verdon  \nagglom\u00e9ration et qu'il est donc r\u00e9alis\u00e9 \u00e0 son profit exclusif ;\nSur proposition du directeur d\u00e9partemental des territoires et de la mer du Var,\nARR\u00caTE :\nArticle 1  er     :  Une servitude de passage et d'am\u00e9nagement est cr\u00e9\u00e9e pour assurer la mise aux  \nnormes et la p\u00e9rennit\u00e9 de la piste G800 \u00ab Les Bellugues \u00bb sur le territoire de la commune de La \nMotte.\nLa piste G800 poss\u00e8de une vocation de liaison. Le lin\u00e9aire repr\u00e9sente 650 ml.\nLa piste dans son ensemble d\u00e9bute au nord \u00e0 la route RD47 . Elle continue vers le sud et l'est  \npour rejoindre la piste G8 au niveau de la rivi\u00e8re L'Endre.\nLa partie concern\u00e9e par la servitude se situe entre le d\u00e9part au niveau de la route RD47  \njusqu'\u00e0 la limite de la for\u00eat domaniale en limite de commune avec Le Muy.\nCette servitude est \u00e9tablie au profit de  Drac\u00e9nie Provence Verdon agglom\u00e9ration , d\u00e9sign\u00e9e \nensuite sous le terme de \u00ab b\u00e9n\u00e9ficiaire \u00bb.\nArticle 2     :   L'emprise de la servitude porte sur une largeur de bande de roulement minimale de \n4 m et n'exc\u00e9dant pas 6  m. Cette emprise de la servitude porte \u00e9galement sur les aires de  \ncroisement et de retournement connexes (\u00e9quipements ayant une surface au sol inf\u00e9rieure \u00e0  \n500 m\u00b2).\nL'\u00e9tablissement de la servitude n'est pas soumis \u00e0 enqu\u00eate publique.\nArticle 3 : Les parcelles priv\u00e9es concern\u00e9es par cette servitude sont les suivantes : \nCommunes Section Parcelle Contenance (are) Surface emprise \nservitude (m\u00b2)\nLa Motte C 0756 19ha92a73ca 137\nLa Motte C 0876 0ha31a65ca 81\nLa Motte C 0520 0ha18a83ca 1973\nLa Motte C 0518 2ha39a79ca 120\nArticle  4     :   Conform\u00e9ment  \u00e0  l'article  L.  134-2  du  code  forestier,  le  b\u00e9n\u00e9ficiaire  de  cette  \nservitude peut proc\u00e9der, \u00e0 ses frais, \u00e0 un d\u00e9broussaillement des abords de la voie sur deux  \nbandes lat\u00e9rales, sans que le total des largeurs de ces bandes n'exc\u00e8de 100 m\u00e8tres. \n2/3\nDirection d\u00e9partementale des territoires et de la mer du Var - 83-2026-04-09-00014 - ARR\u00caT\u00c9 PR\u00c9FECTORAL n\u00b0\nDDTM/SAF/BFDFCI/2026-05 du 09 avril 2026 portant \u00e9tablissement d'une servitude de passage et d'am\u00e9nagement sur la piste G800 \u00ab\nLes Bellugues \u00bb Commune de La Motte\n21\nP\nL'entretien de la voie, ainsi que le maintien en \u00e9tat d\u00e9broussaill\u00e9 des abords de la voie, est \u00e0 la \ncharge du b\u00e9n\u00e9ficiaire de la servitude. \nArticle 5     :   La servitude comporte un droit d'am\u00e9nagement afin d'assurer la continuit\u00e9 des  \nvoies de d\u00e9fense des for\u00eats contre l'incendie. Elle comporte aussi un droit de passage \u00e0 usage  \nDFCI, sur la piste qui sera am\u00e9nag\u00e9e \u00e0 cet effet.\nL'acc\u00e8s \u00e0 la piste pour en assurer son entretien et son maintien en condition op\u00e9rationnelle,  \nn'est autoris\u00e9 que pour les services de l'\u00c9tat ou l'entreprise mandat\u00e9e par le b\u00e9n\u00e9ficiaire de la  \nservitude.\nLes propri\u00e9taires de terrains touch\u00e9s par cette servitude et leurs ayants droit pourront utiliser  \nla piste pour l'exploitation des fonds asservis.\nArticle 6     :   La pose de la signalisation aux deux extr\u00e9mit\u00e9s de la piste sera \u00e0 la charge du  \nb\u00e9n\u00e9ficiaire. Cette signalisation comportera des panneaux indiquant le num\u00e9ro de la piste,  \nson nom et un panneau d'interdiction de circuler cod\u00e9 B0. Elle sera plac\u00e9e \u00e0 chaque entr\u00e9e de \nla piste, c\u00f4t\u00e9 droit, et quelques m\u00e8tres en retrait.\nArticle 7     :   Le plan de situation de la piste est joint au pr\u00e9sent arr\u00eat\u00e9.\nArticle 8     :   Le pr\u00e9sent arr\u00eat\u00e9 est affich\u00e9 en mairie de la commune de La Motte pendant 2 mois \net publi\u00e9 au recueil des actes administratifs.\nDe plus, il sera, par les soins du b\u00e9n\u00e9ficiaire, notifi\u00e9 \u00e0 chacun des propri\u00e9taires concern\u00e9s par  \ncourrier recommand\u00e9 avec accus\u00e9 de r\u00e9ception.\nArticle 9     :   L'existence de cette servitude est ajout\u00e9e \u00e0 la liste  des servitudes d'utilit\u00e9 publique  \nqui figure en annexe du document d'urbanisme en vigueur de la commune de La Motte. \nArticle  10     :   Les  propri\u00e9taires  de  chacun  des  fonds  concern\u00e9s  seront  avis\u00e9s  par  Drac\u00e9nie \nProvence Verdon agglom\u00e9ration , dix jours au moins avant le commencement des travaux  \nd'am\u00e9nagement, par courrier recommand\u00e9 avec accus\u00e9 de r\u00e9ception. Ce courrier indiquera la \ndate du d\u00e9but des travaux ainsi que leur dur\u00e9e pr\u00e9visionnelle.\nArticle 11     :   Si la comp\u00e9tence DFCI n'est plus assur\u00e9e par le b\u00e9n\u00e9ficiaire de la servitude, la  \nstructure territoriale qui sera charg\u00e9e de la mise en \u0153uvre de la comp\u00e9tence DFCI, deviendra  \nalors le nouveau b\u00e9n\u00e9ficiaire. \u00c0 d\u00e9faut, la servitude reviendra \u00e0 la commune de La Motte.\nArticle 12     :   Le secr\u00e9taire g\u00e9n\u00e9ral de la pr\u00e9fecture du Var, le directeur d\u00e9partemental des  \nterritoires et de la mer du Var, le pr\u00e9sident de Drac\u00e9nie Provence Verdon agglom\u00e9ration,  le \nmaire  de  la  commune  de  La  Motte  sont  charg\u00e9s,  chacun  en  ce  qui  le  concerne,  de  \nl'application du pr\u00e9sent arr\u00eat\u00e9.\nFait \u00e0 Toulon, le 09 avril 2026\nPour le pr\u00e9fet et par d\u00e9l\u00e9gation\nle secr\u00e9taire g\u00e9n\u00e9ral\nSign\u00e9\nLucien GIUDICELLI\n3/3\nDirection d\u00e9partementale des territoires et de la mer du Var - 83-2026-04-09-00014 - ARR\u00caT\u00c9 PR\u00c9FECTORAL n\u00b0\nDDTM/SAF/BFDFCI/2026-05 du 09 avril 2026 portant \u00e9tablissement d'une servitude de passage et d'am\u00e9nagement sur la piste G800 \u00ab\nLes Bellugues \u00bb Commune de La Motte\n22\nDirection d\u00e9partementale des territoires et de la\nmer du Var\n83-2026-04-09-00012\nARR\u00caT\u00c9 PR\u00c9FECTORAL n\u00b0\nDDTM/SAF/BFDFCI/2026-14 du 09 avril 2026\nportant \u00e9tablissement d'une servitude de\npassage et d'am\u00e9nagement sur la piste H860 \u00ab\nFusti\u00e8re \u00bb\ncommune des Adrets de l'Est\u00e9rel\nDirection d\u00e9partementale des territoires et de la mer du Var - 83-2026-04-09-00012 - ARR\u00caT\u00c9 PR\u00c9FECTORAL n\u00b0\nDDTM/SAF/BFDFCI/2026-14 du 09 avril 2026 portant \u00e9tablissement d'une servitude de passage et d'am\u00e9nagement sur la piste H860 \u00ab\nFusti\u00e8re \u00bb\ncommune des Adrets de l'Est\u00e9rel\n23\nExPREFETDU VARLibert\u00e9Egalit\u00e9Fraternit\u00e9\nP\nARR\u00caT\u00c9 PR\u00c9FECTORAL n\u00b0 DDTM/SAF/BFDFCI/2026-14 du 09 avril 2026\nportant \u00e9tablissement d'une servitude de passage et d'am\u00e9nagement\nsur la piste H860 \u00ab Fusti\u00e8re \u00bb\ncommune des Adrets de l'Est\u00e9rel\nLe pr\u00e9fet du Var,\nVu le code forestier notamment les articles L.  134-1, L. 134-2, L. 134-3 et l'ordonnance n\u00b02012-\n92 du 26 janvier 2012 ;\nVu le  d\u00e9cret  n\u00b02004-374  du  29  avril  2004  modifi\u00e9  relatif  aux  pouvoirs  des  pr\u00e9fets,  \u00e0  \nl'organisation et \u00e0 l'action des services de l'\u00c9tat dans les r\u00e9gions et les d\u00e9partements ; \nVu  le d\u00e9cret n\u00b0 2012-836 du 29 juin 2012 relatif \u00e0 la partie r\u00e9glementaire du code forestier,  \nnotamment les articles R. 134-1, R. 134-2, R. 134-3 ;\nVu le d\u00e9cret du Pr\u00e9sident de la R\u00e9publique du 15 avril 2022 portant nomination de Monsieur  \nLucien GIUDICELLI, secr\u00e9taire g\u00e9n\u00e9ral de la pr\u00e9fecture du Var ;\nVu le d\u00e9cret du Pr\u00e9sident de la R\u00e9publique du 15 mai 2025 portant nomination de Monsieur  \nSimon BABRE, pr\u00e9fet du Var ; \nVu l'arr\u00eat\u00e9 pr\u00e9fectoral du 29 d\u00e9cembre 2008 approuvant le plan d\u00e9partemental de protection \ndes for\u00eats contre l'incendie (PDPFCI) ; \nVu  l'arr\u00eat\u00e9  pr\u00e9fectoral  du  19  juin  2018  r\u00e9glementant  dans  le  d\u00e9partement  du  Var  la  \np\u00e9n\u00e9tration dans les massifs forestiers, la circulation et le stationnement sur certaines voies  \nles desservant et l'usage de certains appareils et mat\u00e9riels \u00e0 l'int\u00e9rieur de ces massifs ;\nVu  l'arr\u00eat\u00e9  pr\u00e9fectoral  N\u00b02025/12/MCI  du  2  juin  2025  portant  d\u00e9l\u00e9gation  de  signature  \u00e0  \nMonsieur  Lucien  GIUDICELLI,  secr\u00e9taire  g\u00e9n\u00e9ral  de  la  pr\u00e9fecture  du  Var,  sous-pr\u00e9fet  de  \nl'arrondissement de Toulon ;\nVu le  plan  intercommunal  de  d\u00e9broussaillement  et  am\u00e9nagement  forestier  (PIDAF)  du  \nSyndicat mixte du grand site de l'Est\u00e9rel approuv\u00e9 par arr\u00eat\u00e9 pr\u00e9fectoral en date du 30 juillet  \n2018 ;\nVu la d\u00e9lib\u00e9ration n\u00b02022-039 du Syndicat mixte du grand site de l'Est\u00e9rel en date du 06  \nd\u00e9cembre 2022 ; \nVu la d\u00e9lib\u00e9ration n\u00b041 de la commune des Adrets de l'Est\u00e9rel, en date du 25 juillet 2024  ; \nVu le certificat d'affichage de la commune des Adrets-de-l'Est\u00e9rel en date du 26 mars 2026 ;\nVu l'avis favorable \u00e9mis par la sous-commission d\u00e9partementale pour la s\u00e9curit\u00e9 contre les  \nrisques d'incendies de for\u00eat, lande, maquis et garrigue en date du 28 octobre 2025 ;\nVu les pi\u00e8ces du dossier port\u00e9es \u00e0 la connaissance des propri\u00e9taires notamment le rapport de  \npr\u00e9sentation et le plan parcellaire ;\nConsid\u00e9rant que cette voie, par sa localisation et sa situation topographique, constitue un  \nouvrage tr\u00e8s favorable pour l'appui \u00e0 la lutte contre les incendies de for\u00eats ;\n1/3\nDirection d\u00e9partementale\ndes territoires et de la mer du Var\nDirection d\u00e9partementale des territoires et de la mer du Var - 83-2026-04-09-00012 - ARR\u00caT\u00c9 PR\u00c9FECTORAL n\u00b0\nDDTM/SAF/BFDFCI/2026-14 du 09 avril 2026 portant \u00e9tablissement d'une servitude de passage et d'am\u00e9nagement sur la piste H860 \u00ab\nFusti\u00e8re \u00bb\ncommune des Adrets de l'Est\u00e9rel\n24\nP\nConsid\u00e9rant la n\u00e9cessit\u00e9 d'assurer la p\u00e9rennit\u00e9 de cette voie et sa mise aux normes par des  \ntravaux adapt\u00e9s (largeur de la bande de roulement, aires de croisement et de retournement) ;\nConsid\u00e9rant que cet ouvrage de d\u00e9fense des for\u00eats contre l'incendie (DFCI), par sa situation  \ntopographique, est destin\u00e9 \u00e0 prot\u00e9ger le territoire du Syndicat mixte du grand site de l'Est\u00e9rel \net qu'il est donc r\u00e9alis\u00e9 \u00e0 son profit exclusif ;\nSur proposition du directeur d\u00e9partemental des territoires et de la mer du Var,\nARR\u00caTE :\nArticle 1  er     :  Une servitude de passage et d'am\u00e9nagement est cr\u00e9\u00e9e pour assurer la mise aux  \nnormes et la p\u00e9rennit\u00e9 de la piste H860 \u00ab Fusti\u00e8re \u00bb sur le territoire de la commune des Adrets \nde l'Est\u00e9rel.\nLa piste H860, d'une longueur de 585  ml, poss\u00e8de une vocation de zone d'appui \u00e9l\u00e9mentaire  \n(ZAE) \u00e0 la lutte. \nElle d\u00e9bute au sud \u00e0 la route d\u00e9partementale RD37 . Elle se poursuit vers le sud en passant  \nsous l'autoroute A8. Elle se termine \u00e0 l'intersection avec la piste H86, au-niveau du vallon de  \nMaraval.\nCette servitude est \u00e9tablie au profit du Syndicat mixte du grand site de l'Est\u00e9rel, d\u00e9sign\u00e9e  \nensuite sous le terme de \u00ab b\u00e9n\u00e9ficiaire \u00bb.\nArticle 2     :   L'emprise de la servitude porte sur une largeur de bande de roulement minimale de \n4 m et n'exc\u00e9dant pas 6  m. Cette emprise de la servitude porte \u00e9galement sur les aires de  \ncroisement et de retournement connexes (\u00e9quipements ayant une surface au sol inf\u00e9rieure \u00e0  \n500 m\u00b2).\nL'\u00e9tablissement de la servitude n'est pas soumis \u00e0 enqu\u00eate publique.\nArticle 3 : Les parcelles priv\u00e9es concern\u00e9es par cette servitude sont les suivantes : \nCommunes Section Parcelle Contenance (m\u00b2) Surface emprise \nservitude (m\u00b2)\nLes Adrets de l'Est\u00e9rel E 0331 680464 344\nLes Adrets de l'Est\u00e9rel E 0380 527950 189\nLes Adrets de l'Est\u00e9rel E 0432 1676 124\nLes Adrets de l'Est\u00e9rel E 0433 47254 958\nArticle  4     :   Conform\u00e9ment  \u00e0  l'article  L.  134-2  du  code  forestier,  le  b\u00e9n\u00e9ficiaire  de  cette  \nservitude peut proc\u00e9der, \u00e0 ses frais, \u00e0 un d\u00e9broussaillement des abords de la voie sur deux  \nbandes lat\u00e9rales, sans que le total des largeurs de ces bandes n'exc\u00e8de 100 m\u00e8tres. \n2/3\nDirection d\u00e9partementale des territoires et de la mer du Var - 83-2026-04-09-00012 - ARR\u00caT\u00c9 PR\u00c9FECTORAL n\u00b0\nDDTM/SAF/BFDFCI/2026-14 du 09 avril 2026 portant \u00e9tablissement d'une servitude de passage et d'am\u00e9nagement sur la piste H860 \u00ab\nFusti\u00e8re \u00bb\ncommune des Adrets de l'Est\u00e9rel\n25\nP\nL'entretien de la voie, ainsi que le maintien en \u00e9tat d\u00e9broussaill\u00e9 des abords de la voie, est \u00e0 la \ncharge du b\u00e9n\u00e9ficiaire de la servitude. \nArticle 5     :   La servitude comporte un droit d'am\u00e9nagement afin d'assurer la continuit\u00e9 des  \nvoies de d\u00e9fense des for\u00eats contre l'incendie. Elle comporte aussi un droit de passage \u00e0 usage  \nDFCI, sur la piste qui sera am\u00e9nag\u00e9e \u00e0 cet effet.\nL'acc\u00e8s \u00e0 la piste pour en assurer son entretien et son maintien en condition op\u00e9rationnelle,  \nn'est autoris\u00e9 que pour les services de l'\u00c9tat ou l'entreprise mandat\u00e9e par le b\u00e9n\u00e9ficiaire de la  \nservitude.\nLes propri\u00e9taires de terrains touch\u00e9s par cette servitude et leurs ayants droit pourront utiliser  \nla piste pour l'exploitation des fonds asservis.\nArticle 6     :   La pose de la signalisation aux deux extr\u00e9mit\u00e9s de la piste sera \u00e0 la charge du  \nb\u00e9n\u00e9ficiaire. Cette signalisation comportera des panneaux indiquant le num\u00e9ro de la piste , \nson nom et un panneau d'interdiction de circuler cod\u00e9 B0. Elle sera plac\u00e9e \u00e0 chaque entr\u00e9e de \nla piste, c\u00f4t\u00e9 droit, et quelques m\u00e8tres en retrait.\nArticle 7     :   Le plan de situation de la piste est joint au pr\u00e9sent arr\u00eat\u00e9.\nArticle 8     :   Le pr\u00e9sent arr\u00eat\u00e9 est  affich\u00e9 en mairie d e la commune  des Adrets-de-l'Est\u00e9rel  \npendant 2 mois et publi\u00e9 au recueil des actes administratifs.\nDe plus, il sera, par les soins du b\u00e9n\u00e9ficiaire, notifi\u00e9 \u00e0 chacun des propri\u00e9taires concern\u00e9s par  \ncourrier recommand\u00e9 avec accus\u00e9 de r\u00e9ception.\nArticle 9     :   L'existence de cette servitude est ajout\u00e9e \u00e0 la liste  des servitudes d'utilit\u00e9 publique  \nqui figure en annexe du document d'urbanisme en vigueur  de la commune  des Adrets-de-\nl'Est\u00e9rel. \nArticle 10     :   Les propri\u00e9taires de chacun des fonds concern\u00e9s seront avis\u00e9s par  le  Syndicat \nmixte du grand site de l'Est\u00e9rel , dix jours au moins avant le commencement des travaux  \nd'am\u00e9nagement, par courrier recommand\u00e9 avec accus\u00e9 de r\u00e9ception. Ce courrier indiquera la \ndate du d\u00e9but des travaux ainsi que leur dur\u00e9e pr\u00e9visionnelle.\nArticle 11     :   Si la comp\u00e9tence DFCI n'est plus assur\u00e9e par le b\u00e9n\u00e9ficiaire de la servitude, la  \nstructure territoriale qui sera charg\u00e9e de la mise en \u0153uvre de la comp\u00e9tence DFCI, deviendra  \nalors le nouveau b\u00e9n\u00e9ficiaire. \u00c0 d\u00e9faut, la servitude reviendra \u00e0  la commune des Adrets-de-\nl'Est\u00e9rel.\nArticle 12     :   Le secr\u00e9taire g\u00e9n\u00e9ral de la pr\u00e9fecture du Var, le directeur d\u00e9partemental des  \nterritoires et de la mer du Var, le pr\u00e9sident du  Syndicat mixte du grand site de l'Est\u00e9rel,  le \nmaire de la commune des Adrets-de-l'Est\u00e9rel sont charg\u00e9s, chacun en ce qui le concerne, de  \nl'application du pr\u00e9sent arr\u00eat\u00e9.\nFait \u00e0 Toulon, le 09 avril 2026\nPour le pr\u00e9fet et par d\u00e9l\u00e9gation\nle secr\u00e9taire g\u00e9n\u00e9ral\nSign\u00e9\nLucien GIUDICELLI\n3/3\nDirection d\u00e9partementale des territoires et de la mer du Var - 83-2026-04-09-00012 - ARR\u00caT\u00c9 PR\u00c9FECTORAL n\u00b0\nDDTM/SAF/BFDFCI/2026-14 du 09 avril 2026 portant \u00e9tablissement d'une servitude de passage et d'am\u00e9nagement sur la piste H860 \u00ab\nFusti\u00e8re \u00bb\ncommune des Adrets de l'Est\u00e9rel\n26\nDirection d\u00e9partementale des territoires et de la\nmer du Var\n83-2026-04-09-00013\nARR\u00caT\u00c9 PR\u00c9FECTORAL n\u00b0\nDDTM/SAF/BFDFCI/2026-15 du 09 avril 2026\nportant \u00e9tablissement d'une servitude de\npassage et d'am\u00e9nagement sur la piste H83 \u00ab\nFont Freye \u00bb\ncommunes de Fr\u00e9jus et les Adrets-de-l'Est\u00e9rel\nDirection d\u00e9partementale des territoires et de la mer du Var - 83-2026-04-09-00013 - ARR\u00caT\u00c9 PR\u00c9FECTORAL n\u00b0\nDDTM/SAF/BFDFCI/2026-15 du 09 avril 2026 portant \u00e9tablissement d'une servitude de passage et d'am\u00e9nagement sur la piste H83 \u00ab\nFont Freye \u00bb\ncommunes de Fr\u00e9jus et les Adrets-de-l'Est\u00e9rel\n27\nExPREFETDU VARLibert\u00e9Egalit\u00e9Fraternit\u00e9\nP\nARR\u00caT\u00c9 PR\u00c9FECTORAL n\u00b0 DDTM/SAF/BFDFCI/2026-15 du 09 avril 2026\nportant \u00e9tablissement d'une servitude de passage et d'am\u00e9nagement\nsur la piste H83 \u00ab Font Freye \u00bb\ncommunes de Fr\u00e9jus et les Adrets-de-l'Est\u00e9rel\nLe pr\u00e9fet du Var,\nVu le code forestier notamment les articles L.  134-1, L. 134-2, L. 134-3 et l'ordonnance n\u00b02012-\n92 du 26 janvier 2012 ;\nVu le  d\u00e9cret  n\u00b02004-374  du  29  avril  2004  modifi\u00e9  relatif  aux  pouvoirs  des  pr\u00e9fets,  \u00e0  \nl'organisation et \u00e0 l'action des services de l'\u00c9tat dans les r\u00e9gions et les d\u00e9partements ; \nVu  le d\u00e9cret n\u00b0 2012-836 du 29 juin 2012 relatif \u00e0 la partie r\u00e9glementaire du code forestier,  \nnotamment les articles R. 134-1, R. 134-2, R. 134-3 ;\nVu le d\u00e9cret du Pr\u00e9sident de la R\u00e9publique du 15 avril 2022 portant nomination de Monsieur  \nLucien GIUDICELLI, secr\u00e9taire g\u00e9n\u00e9ral de la pr\u00e9fecture du Var ;\nVu le d\u00e9cret du Pr\u00e9sident de la R\u00e9publique du 15 mai 2025 portant nomination de Monsieur  \nSimon BABRE, pr\u00e9fet du Var ; \nVu l'arr\u00eat\u00e9 pr\u00e9fectoral du 29 d\u00e9cembre 2008 approuvant le plan d\u00e9partemental de protection \ndes for\u00eats contre l'incendie (PDPFCI) ; \nVu  l'arr\u00eat\u00e9  pr\u00e9fectoral  du  19  juin  2018  r\u00e9glementant  dans  le  d\u00e9partement  du  Var  la  \np\u00e9n\u00e9tration dans les massifs forestiers, la circulation et le stationnement sur certaines voies  \nles desservant et l'usage de certains appareils et mat\u00e9riels \u00e0 l'int\u00e9rieur de ces massifs ;\nVu  l'arr\u00eat\u00e9  pr\u00e9fectoral  N\u00b02025/12/MCI  du  2  juin  2025  portant  d\u00e9l\u00e9gation  de  signature  \u00e0  \nMonsieur  Lucien  GIUDICELLI,  secr\u00e9taire  g\u00e9n\u00e9ral  de  la  pr\u00e9fecture  du  Var,  sous-pr\u00e9fet  de  \nl'arrondissement de Toulon ;\nVu le  plan  intercommunal  de  d\u00e9broussaillement  et  am\u00e9nagement  forestier  (PIDAF)  du  \nSyndicat mixte du grand site de l'Est\u00e9rel approuv\u00e9 par arr\u00eat\u00e9 pr\u00e9fectoral en date du 30 juillet  \n2018 ;\nVu la d\u00e9lib\u00e9ration n\u00b02022-039 du Syndicat mixte du grand site de l'Est\u00e9rel en date du 06  \nd\u00e9cembre 2022 ;\nVu la d\u00e9lib\u00e9ration n\u00b01163 de la commune de Fr\u00e9jus, en date du 19 septembre 2024 ; \nVu la d\u00e9lib\u00e9ration n\u00b040 de la commune des Adrets-de-l'Est\u00e9rel, en date du 25 juillet 2024 ;\nVu le certificat d'affichage de la commune de Fr\u00e9jus en date du 21 janvier 2026 ;\nVu le certificat d'affichage de la commune des Adrets-de-l'Est\u00e9rel en date du 26 mars 2026 ;\nVu l'avis favorable \u00e9mis par la sous-commission d\u00e9partementale pour la s\u00e9curit\u00e9 contre les  \nrisques d'incendies de for\u00eat, lande, maquis et garrigue en date du 28 octobre 2025 ;\nVu les pi\u00e8ces du dossier port\u00e9es \u00e0 la connaissance des propri\u00e9taires notamment le rapport de  \npr\u00e9sentation et le plan parcellaire ;\n1/4\nDirection d\u00e9partementale\ndes territoires et de la mer du Var\nDirection d\u00e9partementale des territoires et de la mer du Var - 83-2026-04-09-00013 - ARR\u00caT\u00c9 PR\u00c9FECTORAL n\u00b0\nDDTM/SAF/BFDFCI/2026-15 du 09 avril 2026 portant \u00e9tablissement d'une servitude de passage et d'am\u00e9nagement sur la piste H83 \u00ab\nFont Freye \u00bb\ncommunes de Fr\u00e9jus et les Adrets-de-l'Est\u00e9rel\n28\nP\nConsid\u00e9rant que cette voie, par sa localisation et sa situation topographique, constitue un  \nouvrage tr\u00e8s favorable pour l'appui \u00e0 la lutte contre les incendies de for\u00eats ;\nConsid\u00e9rant la n\u00e9cessit\u00e9 d'assurer la p\u00e9rennit\u00e9 de cette voie et sa mise aux normes par des  \ntravaux adapt\u00e9s (largeur de la bande de roulement, aires de croisement et de retournement) ;\nConsid\u00e9rant que cet ouvrage de d\u00e9fense des for\u00eats contre l'incendie (DFCI), par sa situation  \ntopographique, est destin\u00e9 \u00e0 prot\u00e9ger le territoire du Syndicat mixte du grand site de l'Est\u00e9rel \net qu'il est donc r\u00e9alis\u00e9 \u00e0 son profit exclusif ;\nSur proposition du directeur d\u00e9partemental des territoires et de la mer du Var,\nARR\u00caTE :\nArticle 1  er     :  Une servitude de passage et d'am\u00e9nagement est cr\u00e9\u00e9e pour assurer la mise aux  \nnormes et la p\u00e9rennit\u00e9 de la piste H83 \u00ab  Font Freye \u00bb sur le territoire des communes de Fr\u00e9jus \net des Adrets-de-l'Est\u00e9rel.\nLa piste H83, d'une longueur de 3  521 ml, poss\u00e8de une vocation de zone d'appui principal  \n(ZAP) \u00e0 la lutte. \nElle d\u00e9bute au nord-ouest \u00e0 l'intersection avec la piste H86 la citerne AEL2. Elle se poursuit  \nvers l'est et le sud-est via l'intersection avec la piste H105 \u00e0 la citerne AEL4, puis l'intersection  \navec la piste H65.\nElle se termine \u00e0 la route d\u00e9partementale DN7 . \nCette servitude est \u00e9tablie au profit du Syndicat mixte du grand site de l'Est\u00e9rel, d\u00e9sign\u00e9e  \nensuite sous le terme de \u00ab b\u00e9n\u00e9ficiaire \u00bb.\nArticle 2     :   L'emprise de la servitude porte sur une largeur de bande de roulement minimale de \n4 m et n'exc\u00e9dant pas 6  m. Cette emprise de la servitude porte \u00e9galement sur les aires de  \ncroisement et de retournement connexes (\u00e9quipements ayant une surface au sol inf\u00e9rieure \u00e0  \n500 m\u00b2).\nL'\u00e9tablissement de la servitude n'est pas soumis \u00e0 enqu\u00eate publique.\nArticle 3 : Les parcelles priv\u00e9es concern\u00e9es par cette servitude sont les suivantes : \nCommunes Section Parcelle Contenance (m\u00b2) Surface emprise \nservitude (m\u00b2)\nLes Adrets-de-l'Est\u00e9rel D 0105 25127 312\nLes Adrets-de-l'Est\u00e9rel D 0106 25047 459\nLes Adrets-de-l'Est\u00e9rel D 0108 87380 1597\nLes Adrets-de-l'Est\u00e9rel D 0109 55360 620\nLes Adrets-de-l'Est\u00e9rel D 0110 102480 2111\n2/4\nDirection d\u00e9partementale des territoires et de la mer du Var - 83-2026-04-09-00013 - ARR\u00caT\u00c9 PR\u00c9FECTORAL n\u00b0\nDDTM/SAF/BFDFCI/2026-15 du 09 avril 2026 portant \u00e9tablissement d'une servitude de passage et d'am\u00e9nagement sur la piste H83 \u00ab\nFont Freye \u00bb\ncommunes de Fr\u00e9jus et les Adrets-de-l'Est\u00e9rel\n29\nP\nLes Adrets-de-l'Est\u00e9rel D 0360 52762 22\nLes Adrets-de-l'Est\u00e9rel D 0107 20326 551\nFr\u00e9jus C 0107 14589 608\nFr\u00e9jus C 0075 16875 1378\nArticle  4     :   Conform\u00e9ment  \u00e0  l'article  L.  134-2  du  code  forestier,  le  b\u00e9n\u00e9ficiaire  de  cette  \nservitude peut proc\u00e9der, \u00e0 ses frais, \u00e0 un d\u00e9broussaillement des abords de la voie sur deux  \nbandes lat\u00e9rales, sans que le total des largeurs de ces bandes n'exc\u00e8de 100 m\u00e8tres. \nL'entretien de la voie, ainsi que le maintien en \u00e9tat d\u00e9broussaill\u00e9 des abords de la voie, est \u00e0 la \ncharge du b\u00e9n\u00e9ficiaire de la servitude. \nArticle 5     :   La servitude comporte un droit d'am\u00e9nagement afin d'assurer la continuit\u00e9 des  \nvoies de d\u00e9fense des for\u00eats contre l'incendie. Elle comporte aussi un droit de passage \u00e0 usage  \nDFCI, sur la piste qui sera am\u00e9nag\u00e9e \u00e0 cet effet.\nL'acc\u00e8s \u00e0 la piste pour en assurer son entretien et son maintien en condition op\u00e9rationnelle,  \nn'est autoris\u00e9 que pour les services de l'\u00c9tat ou l'entreprise mandat\u00e9e par le b\u00e9n\u00e9ficiaire de la  \nservitude.\nLes propri\u00e9taires de terrains touch\u00e9s par cette servitude et leurs ayants droit pourront utiliser  \nla piste pour l'exploitation des fonds asservis.\nArticle 6     :   La pose de la signalisation aux deux extr\u00e9mit\u00e9s de la piste sera \u00e0 la charge du  \nb\u00e9n\u00e9ficiaire. Cette signalisation comportera des panneaux indiquant le num\u00e9ro de la piste,  \nson nom et un panneau d'interdiction de circuler cod\u00e9 B0. Elle sera plac\u00e9e \u00e0 chaque entr\u00e9e de \nla piste, c\u00f4t\u00e9 droit, et quelques m\u00e8tres en retrait.\nArticle 7     :   Le plan de situation de la piste est joint au pr\u00e9sent arr\u00eat\u00e9.\nArticle 8     :   Le pr\u00e9sent arr\u00eat\u00e9 est  affich\u00e9 en mairie d es communes de Fr\u00e9jus et des Adrets-de-\nl'Est\u00e9rel pendant 2 mois et publi\u00e9 au recueil des actes administratifs.\nDe plus, il sera, par les soins du b\u00e9n\u00e9ficiaire, notifi\u00e9 \u00e0 chacun des propri\u00e9taires concern\u00e9s par  \ncourrier recommand\u00e9 avec accus\u00e9 de r\u00e9ception.\nArticle 9     :   L'existence de cette servitude est ajout\u00e9e \u00e0 la liste  des servitudes d'utilit\u00e9 publique  \nqui figure en annexe du document d'urbanisme en vigueur  des communes  de Fr\u00e9jus et des  \nAdrets-de-l'Est\u00e9rel . \nArticle 10     :   Les propri\u00e9taires de chacun des fonds concern\u00e9s seront avis\u00e9s par  le  Syndicat \nmixte du grand site de l'Est\u00e9rel , dix jours au moins avant le commencement des travaux  \nd'am\u00e9nagement, par courrier recommand\u00e9 avec accus\u00e9 de r\u00e9ception. Ce courrier indiquera la \ndate du d\u00e9but des travaux ainsi que leur dur\u00e9e pr\u00e9visionnelle.\n3/4\nDirection d\u00e9partementale des territoires et de la mer du Var - 83-2026-04-09-00013 - ARR\u00caT\u00c9 PR\u00c9FECTORAL n\u00b0\nDDTM/SAF/BFDFCI/2026-15 du 09 avril 2026 portant \u00e9tablissement d'une servitude de passage et d'am\u00e9nagement sur la piste H83 \u00ab\nFont Freye \u00bb\ncommunes de Fr\u00e9jus et les Adrets-de-l'Est\u00e9rel\n30\nP\nArticle 11     :   Si la comp\u00e9tence DFCI n'est plus assur\u00e9e par le b\u00e9n\u00e9ficiaire de la servitude, la  \nstructure territoriale qui sera charg\u00e9e de la mise en \u0153uvre de la comp\u00e9tence DFCI, deviendra  \nalors le nouveau b\u00e9n\u00e9ficiaire. \u00c0 d\u00e9faut, la servitude reviendra aux communes de Fr\u00e9jus et des \nAdrets-de-l'Est\u00e9rel.\nArticle 12     :   Le secr\u00e9taire g\u00e9n\u00e9ral de la pr\u00e9fecture du Var, le directeur d\u00e9partemental des  \nterritoires et de la mer du Var, le pr\u00e9sident du  Syndicat mixte du grand site de l'Est\u00e9rel,  le \nmaire de la commune de Fr\u00e9jus, le maire de la commune des Adrets-de-l'Est\u00e9rel sont charg\u00e9s, \nchacun en ce qui le concerne, de l'application du pr\u00e9sent arr\u00eat\u00e9.\nFait \u00e0 Toulon, le 09 avril 2026\nPour le pr\u00e9fet et par d\u00e9l\u00e9gation\nle secr\u00e9taire g\u00e9n\u00e9ral\nSign\u00e9\nLucien GIUDICELLI\n4/4\nDirection d\u00e9partementale des territoires et de la mer du Var - 83-2026-04-09-00013 - ARR\u00caT\u00c9 PR\u00c9FECTORAL n\u00b0\nDDTM/SAF/BFDFCI/2026-15 du 09 avril 2026 portant \u00e9tablissement d'une servitude de passage et d'am\u00e9nagement sur la piste H83 \u00ab\nFont Freye \u00bb\ncommunes de Fr\u00e9jus et les Adrets-de-l'Est\u00e9rel\n31\nDirection d\u00e9partementale des territoires et de la\nmer du Var\n83-2026-04-16-00010\nARR\u00caT\u00c9 PR\u00c9FECTORAL n\u00b0\nDDTM/SAF/BFDFCI/2026-21 du 16 avril 2026\nportant \u00e9tablissement d'une servitude de\npassage et d'am\u00e9nagement sur la piste B17 \u00ab\nGorbi\u00e8re \u00bb\ncommune de La M\u00f4le\nDirection d\u00e9partementale des territoires et de la mer du Var - 83-2026-04-16-00010 - ARR\u00caT\u00c9 PR\u00c9FECTORAL n\u00b0\nDDTM/SAF/BFDFCI/2026-21 du 16 avril 2026 portant \u00e9tablissement d'une servitude de passage et d'am\u00e9nagement sur la piste B17 \u00ab\nGorbi\u00e8re \u00bb\ncommune de La M\u00f4le\n32\nExPREFETDU VARLibert\u00e9Egalit\u00e9Fraternit\u00e9\nP\nARR\u00caT\u00c9 PR\u00c9FECTORAL n\u00b0 DDTM/SAF/BFDFCI/2026-21 du 16 avril 2026\nportant \u00e9tablissement d'une servitude de passage et d'am\u00e9nagement\nsur la piste B17 \u00ab Gorbi\u00e8re \u00bb\ncommune de La M\u00f4le\nLe pr\u00e9fet du Var,\nVu le code forestier notamment les articles L.  134-1, L. 134-2, L. 134-3 et l'ordonnance n\u00b02012-\n92 du 26 janvier 2012 ;\nVu le  d\u00e9cret  n\u00b02004-374  du  29  avril  2004  modifi\u00e9  relatif  aux  pouvoirs  des  pr\u00e9fets,  \u00e0  \nl'organisation et \u00e0 l'action des services de l'\u00c9tat dans les r\u00e9gions et les d\u00e9partements ; \nVu  le d\u00e9cret n\u00b0 2012-836 du 29 juin 2012 relatif \u00e0 la partie r\u00e9glementaire du code forestier,  \nnotamment les articles R. 134-1, R. 134-2, R. 134-3 ;\nVu le d\u00e9cret du Pr\u00e9sident de la R\u00e9publique du 15 avril 2022 portant nomination de Monsieur  \nLucien GIUDICELLI, secr\u00e9taire g\u00e9n\u00e9ral de la pr\u00e9fecture du Var ;\nVu le d\u00e9cret du Pr\u00e9sident de la R\u00e9publique du 15 mai 2025 portant nomination de Monsieur  \nSimon BABRE, pr\u00e9fet du Var ; \nVu l'arr\u00eat\u00e9 pr\u00e9fectoral du 29 d\u00e9cembre 2008 approuvant le plan d\u00e9partemental de protection \ndes for\u00eats contre l'incendie (PDPFCI) ; \nVu  l'arr\u00eat\u00e9  pr\u00e9fectoral  du  19  juin  2018  r\u00e9glementant  dans  le  d\u00e9partement  du  Var  la  \np\u00e9n\u00e9tration dans les massifs forestiers, la circulation et le stationnement sur certaines voies  \nles desservant et l'usage de certains appareils et mat\u00e9riels \u00e0 l'int\u00e9rieur de ces massifs ;\nVu  l'arr\u00eat\u00e9  pr\u00e9fectoral  N\u00b02025/12/MCI  du  2  juin  2025  portant  d\u00e9l\u00e9gation  de  signature  \u00e0  \nMonsieur  Lucien  GIUDICELLI,  secr\u00e9taire  g\u00e9n\u00e9ral  de  la  pr\u00e9fecture  du  Var,  sous-pr\u00e9fet  de  \nl'arrondissement de Toulon ;\nVu le  plan  intercommunal  de  d\u00e9broussaillement  et  am\u00e9nagement  forestier  (PIDAF)  de  la \ncommunaut\u00e9 de communes du Golfe de Saint-Tropez approuv\u00e9 par arr\u00eat\u00e9 pr\u00e9fectoral en date \ndu 05 f\u00e9vrier 2020 ;\nVu la d\u00e9lib\u00e9ration n\u00b02025/04/09-33 de la communaut\u00e9 de communes du Golfe de Saint-Tropez \nen date du 09 avril 2025 ;\nVu la d\u00e9lib\u00e9ration n\u00b02025/02/26-10 de la commune de La M\u00f4le, en date du 26 f\u00e9vrier 2025 ; \nVu le certificat d'affichage de la commune de La M\u00f4le en date du 07 avril 2026 ;\nVu l'avis favorable \u00e9mis par la sous-commission d\u00e9partementale pour la s\u00e9curit\u00e9 contre les  \nrisques d'incendies de for\u00eat, lande, maquis et garrigue en date du 05 janvier 2026  ;\nVu les pi\u00e8ces du dossier port\u00e9es \u00e0 la connaissance des propri\u00e9taires notamment le rapport de  \npr\u00e9sentation et le plan parcellaire ;\n1/4\nDirection d\u00e9partementale\ndes territoires et de la mer du Var\nDirection d\u00e9partementale des territoires et de la mer du Var - 83-2026-04-16-00010 - ARR\u00caT\u00c9 PR\u00c9FECTORAL n\u00b0\nDDTM/SAF/BFDFCI/2026-21 du 16 avril 2026 portant \u00e9tablissement d'une servitude de passage et d'am\u00e9nagement sur la piste B17 \u00ab\nGorbi\u00e8re \u00bb\ncommune de La M\u00f4le\n33\nP\nConsid\u00e9rant que cette voie, par sa localisation et sa situation topographique, constitue un  \nouvrage tr\u00e8s favorable pour l'appui \u00e0 la lutte contre les incendies de for\u00eats ;\nConsid\u00e9rant la n\u00e9cessit\u00e9 d'assurer la p\u00e9rennit\u00e9 de cette voie et sa mise aux normes par des  \ntravaux adapt\u00e9s (largeur de la bande de roulement, aires de croisement et de retournement) ;\nConsid\u00e9rant que cet ouvrage de d\u00e9fense des for\u00eats contre l'incendie (DFCI), par sa situation  \ntopographique, est destin\u00e9 \u00e0 prot\u00e9ger le territoire de la communaut\u00e9 de communes du Golfe \nde Saint-Tropez et qu'il est donc r\u00e9alis\u00e9 \u00e0 son profit exclusif ;\nSur proposition du directeur d\u00e9partemental des territoires et de la mer du Var,\nARR\u00caTE :\nArticle 1  er     :  Une servitude de passage et d'am\u00e9nagement est cr\u00e9\u00e9e pour assurer la mise aux  \nnormes et la p\u00e9rennit\u00e9 de la piste B17 \u00ab Gorbi\u00e8re \u00bb sur le territoire de la commune de La M\u00f4le. \nCette piste, d'une longueur de 920ml, poss\u00e8de une vocation de zone d'appui principale (ZAP) \n\u00e0 la lutte.\nLa piste d\u00e9bute \u00e0 l'est \u00e0 l'entr\u00e9e du domaine de Gorbi\u00e8re. Elle longe le nord du 1er carr\u00e9 de  \nvignes puis emprunte la piste qui s\u00e9pare ce 1er carr\u00e9 du 2\u00e8me situ\u00e9 \u00e0 l'ouest. Elle reprend  \nensuite partiellement l'emprise d'un ancien chemin balis\u00e9 pour un itin\u00e9raire p\u00e9destre.\nElle se termine au barrage de La Verne.\nCette servitude est \u00e9tablie au profit de la communaut\u00e9 de communes du Golfe de Saint-\nTropez, d\u00e9sign\u00e9e ensuite sous le terme de \u00ab b\u00e9n\u00e9ficiaire \u00bb.\nArticle 2     :   L'emprise de la servitude porte sur une largeur de bande de roulement minimale de \n4 m et n'exc\u00e9dant pas 6  m. Cette emprise de la servitude porte \u00e9galement sur les aires de  \ncroisement et de retournement connexes (\u00e9quipements ayant une surface au sol inf\u00e9rieure \u00e0  \n500 m\u00b2).\nL'\u00e9tablissement de la servitude n'est pas soumis \u00e0 enqu\u00eate publique.\nArticle 3 : Les parcelles priv\u00e9es concern\u00e9es par cette servitude sont les suivantes : \nCommunes Section Parcelle Contenance (are) Surface emprise \nservitude (m\u00b2)\nLa M\u00f4le A 462 0ha81a50ca 24\nLa M\u00f4le A 463 0ha17a43ca 12\nLa M\u00f4le A 465 0ha28a40ca 128\nLa M\u00f4le A 466 0ha66a12ca 677\nLa M\u00f4le A 470 0ha18a00ca 97\nLa M\u00f4le A 471 0ha15a45ca 33\nLa M\u00f4le A 2433 0ha78a78ca 346\n2/4\nDirection d\u00e9partementale des territoires et de la mer du Var - 83-2026-04-16-00010 - ARR\u00caT\u00c9 PR\u00c9FECTORAL n\u00b0\nDDTM/SAF/BFDFCI/2026-21 du 16 avril 2026 portant \u00e9tablissement d'une servitude de passage et d'am\u00e9nagement sur la piste B17 \u00ab\nGorbi\u00e8re \u00bb\ncommune de La M\u00f4le\n34\nP\nLa M\u00f4le A 2437 5ha97a30ca 30\nLa M\u00f4le A 2842 0ha13a24ca 144\nLa M\u00f4le A 2843 0ha74a01ca 187\nArticle  4     :   Conform\u00e9ment  \u00e0  l'article  L.  134-2  du  code  forestier,  le  b\u00e9n\u00e9ficiaire  de  cette  \nservitude peut proc\u00e9der, \u00e0 ses frais, \u00e0 un d\u00e9broussaillement des abords de la voie sur deux  \nbandes lat\u00e9rales, sans que le total des largeurs de ces bandes n'exc\u00e8de 100 m\u00e8tres. \nL'entretien de la voie, ainsi que le maintien en \u00e9tat d\u00e9broussaill\u00e9 des abords de la voie, est \u00e0 la \ncharge du b\u00e9n\u00e9ficiaire de la servitude. \nArticle 5     :   La servitude comporte un droit d'am\u00e9nagement afin d'assurer la continuit\u00e9 des  \nvoies de d\u00e9fense des for\u00eats contre l'incendie. Elle comporte aussi un droit de passage \u00e0 usage  \nDFCI, sur la piste qui sera am\u00e9nag\u00e9e \u00e0 cet effet.\nL'acc\u00e8s \u00e0 la piste pour en assurer son entretien et son maintien en condition op\u00e9rationnelle,  \nn'est autoris\u00e9 que pour les services de l'\u00c9tat ou l'entreprise mandat\u00e9e par le b\u00e9n\u00e9ficiaire de la  \nservitude.\nLes propri\u00e9taires de terrains touch\u00e9s par cette servitude et leurs ayants droit pourront utiliser  \nla piste pour l'exploitation des fonds asservis.\nArticle 6     :   La pose de la signalisation aux deux extr\u00e9mit\u00e9s de la piste sera \u00e0 la charge du  \nb\u00e9n\u00e9ficiaire. Cette signalisation comportera des panneaux indiquant le num\u00e9ro de la piste , \nson nom et un panneau d'interdiction de circuler cod\u00e9 B0. Elle sera plac\u00e9e \u00e0 chaque entr\u00e9e de \nla piste, c\u00f4t\u00e9 droit, et quelques m\u00e8tres en retrait.\nArticle 7     :   Le plan de situation de la piste est joint au pr\u00e9sent arr\u00eat\u00e9.\nArticle 8     :   Le pr\u00e9sent arr\u00eat\u00e9 est affich\u00e9 en mairie d e la commune de La M\u00f4le pendant 2 mois \net publi\u00e9 au recueil des actes administratifs.\nDe plus, il sera, par les soins du b\u00e9n\u00e9ficiaire, notifi\u00e9 \u00e0 chacun des propri\u00e9taires concern\u00e9s par  \ncourrier recommand\u00e9 avec accus\u00e9 de r\u00e9ception.\nArticle 9     :   L'existence de cette servitude est ajout\u00e9e \u00e0 la liste  des servitudes d'utilit\u00e9 publique  \nqui figure en annexe du document d'urbanisme en vigueur de la commune de La M\u00f4le . \nArticle 10     :   Les propri\u00e9taires de chacun des fonds concern\u00e9s seront avis\u00e9s par la communaut\u00e9 \nde communes du Golfe de Saint-Tropez , dix jours au moins avant le commencement des  \ntravaux d'am\u00e9nagement, par courrier recommand\u00e9 avec accus\u00e9 de r\u00e9ception. Ce courrier  \nindiquera la date du d\u00e9but des travaux ainsi que leur dur\u00e9e pr\u00e9visionnelle.\nArticle 11     :   Si la comp\u00e9tence DFCI n'est plus assur\u00e9e par le b\u00e9n\u00e9ficiaire de la servitude, la  \nstructure territoriale qui sera charg\u00e9e de la mise en \u0153uvre de la comp\u00e9tence DFCI, deviendra  \nalors le nouveau b\u00e9n\u00e9ficiaire. \u00c0 d\u00e9faut, la servitude reviendra \u00e0 la commune de La M\u00f4le.\n3/4\nDirection d\u00e9partementale des territoires et de la mer du Var - 83-2026-04-16-00010 - ARR\u00caT\u00c9 PR\u00c9FECTORAL n\u00b0\nDDTM/SAF/BFDFCI/2026-21 du 16 avril 2026 portant \u00e9tablissement d'une servitude de passage et d'am\u00e9nagement sur la piste B17 \u00ab\nGorbi\u00e8re \u00bb\ncommune de La M\u00f4le\n35\nP\nArticle 12     :   Le secr\u00e9taire g\u00e9n\u00e9ral de la pr\u00e9fecture du Var, le directeur d\u00e9partemental des  \nterritoires et de la mer du Var, le pr\u00e9sident de  la communaut\u00e9 de communes du Golfe de  \nSaint-Tropez, le maire de la commune de La M\u00f4le sont charg\u00e9s, chacun en ce qui le concerne,  \nde l'application du pr\u00e9sent arr\u00eat\u00e9.\nFait \u00e0 Toulon, le 16 avril 2026\nPour le pr\u00e9fet et par d\u00e9l\u00e9gation\nle secr\u00e9taire g\u00e9n\u00e9ral\nSign\u00e9\nLucien GIUDICELLI \n4/4\nDirection d\u00e9partementale des territoires et de la mer du Var - 83-2026-04-16-00010 - ARR\u00caT\u00c9 PR\u00c9FECTORAL n\u00b0\nDDTM/SAF/BFDFCI/2026-21 du 16 avril 2026 portant \u00e9tablissement d'une servitude de passage et d'am\u00e9nagement sur la piste B17 \u00ab\nGorbi\u00e8re \u00bb\ncommune de La M\u00f4le\n36\nPr\u00e9fecture du VAR\n83-2026-04-24-00003\nARR\u00caTE n\u00b02026/01/DS/SESR/PDAC du 24 avril\n2026 portant agr\u00e9ment du Docteur Amandine\nPINTAT \u00e9pouse FARON pour le contr\u00f4le m\u00e9dical\nde l'aptitude \u00e0 la conduite \nPr\u00e9fecture du VAR - 83-2026-04-24-00003 - ARR\u00caTE n\u00b02026/01/DS/SESR/PDAC du 24 avril 2026 portant agr\u00e9ment du Docteur\nAmandine PINTAT \u00e9pouse FARON pour le contr\u00f4le m\u00e9dical de l'aptitude \u00e0 la conduite 37\n=mPREFETDU VARLibert\u00e9Egalit\u00e9Fraternit\u00e9\nCabinet - Direction des s\u00e9curit\u00e9s\nService de l'\u00e9ducation et\n de la s\u00e9curit\u00e9 routi\u00e8res\nP\u00f4le Droits \u00e0 conduire\n ARR\u00caT\u00c9 n\u00b0 2026/01/DS/SESR/PDAC du 24 avril 2026\n                      portant agr\u00e9ment du Docteur Amandine PINTAT \u00e9pouse FARON       \npour le contr\u00f4le m\u00e9dical de l'aptitude \u00e0 la conduite\nLe Pr\u00e9fet du Var\nChevalier de la L\u00e9gion d'Honneur,\nChevalier de l'Ordre National du M\u00e9rite\nVu le code de la route, notamment les articles R.226-1 \u00e0 R-226-4 ;\nVu le d\u00e9cret n\u00b02012-886 en date du 17 juillet 2012 relatif au contr\u00f4le m\u00e9dical de l'aptitude \u00e0 la \nconduite ;\nVu  le  d\u00e9cret  du  Pr\u00e9sident  de  la  R\u00e9publique  du  15  mai  2025  portant  nomination  \nde M. Simon BABRE, Pr\u00e9fet du Var  ;\nVu l'arr\u00eat\u00e9 du 20 avril 2012 modifi\u00e9, fixant les conditions d'\u00e9tablissement, de d\u00e9livrance et de  \nvalidit\u00e9 du permis de conduire ;\nVu  l'arr\u00eat\u00e9  du  28  mars  2022,  fixant  la  liste  des  affections  m\u00e9dicales  incompatibles  ou  \ncompatibles avec ou sans am\u00e9nagements ou restrictions pour l'obtention, le renouvellement  \nou le maintien du permis de conduire ou pouvant donner lieu \u00e0 la d\u00e9livrance de permis de  \nconduire de dur\u00e9e de validit\u00e9 limit\u00e9e ;\nVu l'article 6 de l'arr\u00eat\u00e9 du 31 juillet 2012 modifi\u00e9, relatif \u00e0 l'organisation du contr\u00f4le m\u00e9dical  \nde l'aptitude \u00e0 la conduite ;\nVu l'arr\u00eat\u00e9 pr\u00e9fectoral n\u00b0 2026/07/MCI du 18 f\u00e9vrier 2026  portant d\u00e9l\u00e9gation de signature \u00e0  \nMme Jos\u00e9phine GUIGLIANO-BOUTONNET, directrice de Cabinet du pr\u00e9fet du Var ;\nVu la demande du Docteur Amandine PINTAT \u00e9pouse FARON en date du 30 janvier 2026 ;\nSur proposition de la directrice de cabinet du pr\u00e9fet du Var, \nARR\u00caTE :\nArticle 1  er   :   Le Docteur Amandine PINTAT \u00e9pouse FARON, exer\u00e7ant \u00e0 l'espace sant\u00e9 \u2013 RD 559  \nRond-point du G\u00e9n\u00e9ral Diego Brosset 83580  GASSIN, est agr\u00e9\u00e9, dans le d\u00e9partement du Var,  \nen tant que :\n- m\u00e9decin consultant hors commission m\u00e9dicale\nBoulevard du 112\u00e8me R\u00e9giment d'Infanterie\nCS 31209 \u2013 83070 TOULON CEDEX\nT\u00e9l : 04 94 18 83 83\n1/2\nPr\u00e9fecture du VAR - 83-2026-04-24-00003 - ARR\u00caTE n\u00b02026/01/DS/SESR/PDAC du 24 avril 2026 portant agr\u00e9ment du Docteur\nAmandine PINTAT \u00e9pouse FARON pour le contr\u00f4le m\u00e9dical de l'aptitude \u00e0 la conduite 38\nArticle  2  :  L'agr\u00e9ment  est  accord\u00e9  pour  une  dur\u00e9e  de  cinq  ans,  soit  du  29  avril  2026  \nau 28 avril 2031.\nArticle 3 : Cet arr\u00eat\u00e9 prend effet \u00e0 compter du 29 avril 2026.\nArticle 4 :  La directrice de cabinet du pr\u00e9fet du Var est charg\u00e9e de l'ex\u00e9cution du pr\u00e9sent  \narr\u00eat\u00e9 qui sera publi\u00e9 au recueil des actes administratifs de la pr\u00e9fecture du Var.\n Fait \u00e0 Toulon, le 24 avril 2026\nPour le Pr\u00e9fet et par d\u00e9l\u00e9gation, \nLa Directrice de Cabinet\nSign\u00e9\nJos\u00e9phine GUIGLIANO-BOUTONNET\n2/2\nPr\u00e9fecture du VAR - 83-2026-04-24-00003 - ARR\u00caTE n\u00b02026/01/DS/SESR/PDAC du 24 avril 2026 portant agr\u00e9ment du Docteur\nAmandine PINTAT \u00e9pouse FARON pour le contr\u00f4le m\u00e9dical de l'aptitude \u00e0 la conduite 39","date":"2026-04-24","first_seen_on":"2026-04-24T15:09:31+00:00","id":"689878316bdb298176afa1a041a3f6fb88ef5904f264e76c135608838338b6fb","name":"RAA N\u00b0140 du 24 avril 2026","pdf_creation_date":"2026-04-24T14:22:19+00:00","pdf_modification_date":null,"timezone":"Europe/Paris","url":"https://www.var.gouv.fr/contenu/telechargement/46129/300485/file/RAA%20N%C2%B0140%20du%2024%20avril%202026.pdf"}
