{"administration":"pref13","administration_name":"Pr\u00e9fecture des Bouches-du-Rh\u00f4ne","content":"BOUCHES-DU-\nRH\u00d4NE\nRECUEIL DES ACTES\nADMINISTRATIFS SP\u00c9CIAL\nN\u00b013-2026-045\nPUBLI\u00c9 LE 12 F\u00c9VRIER 2026\nSommaire\nDDETS 13 /\n13-2026-02-12-00001 - ARR\u00caT\u00c9 HABILITATION DOMICILIATION 2026 -\nADDICTION MEDITERRANEE (3 pages) Page 4\n13-2026-02-11-00010 - R\u00e9c\u00e9piss\u00e9 de d\u00e9claration au titre des Services\n\u00e0 la Personne au b\u00e9n\u00e9fice de   Madame  BENDJEDI Nesrine en\nqualit\u00e9 d'entrepreneur individuel, situ\u00e9 26 rue Pierre Euzeby - 13200\nARLES (2 pages) Page 8\n13-2026-02-11-00009 - R\u00e9c\u00e9piss\u00e9 de d\u00e9claration au titre des\nServices \u00e0 la Personne au b\u00e9n\u00e9fice de   Madame  POGOSYAN Teimine\nen qualit\u00e9 d'entrepreneur individuel,  situ\u00e9 Route du Loir - 13250\nSAINT CHAMAS (2 pages) Page 11\n13-2026-02-11-00013 - R\u00e9c\u00e9piss\u00e9 de d\u00e9claration au titre des Services\n\u00e0 la Personne au b\u00e9n\u00e9fice de   Madame BOUDRIA Kim en qualit\u00e9\nd'entrepreneur individuel,  situ\u00e9 5 rue Adolphe Cremieux - 13200\nARLES (2 pages) Page 14\n13-2026-02-11-00014 - R\u00e9c\u00e9piss\u00e9 de d\u00e9claration au titre des Services\n\u00e0 la Personne au b\u00e9n\u00e9fice de   Monsieur VIGNEAUD Patrice en\nqualit\u00e9 d'entrepreneur individuel, situ\u00e9 avenue Theodore Aubanel -\n13210 SAINT-REMY-DE-PROVENCE (2 pages) Page 17\n13-2026-02-11-00008 - R\u00e9c\u00e9piss\u00e9 de d\u00e9claration au titre des\nServices \u00e0 la Personne au b\u00e9n\u00e9fice de  Monsieur STEVE J\u00e9r\u00f4me en\nqualit\u00e9 d'entrepreneur individuel,  situ\u00e9 143 Impasse des Bouires -\n13390 AURIOL (2 pages) Page 20\nDirection Departementale des Territoires et de la Mer 13 /\n13-2026-02-09-00009 - Arr\u00eat\u00e9 portant d\u00e9l\u00e9gation de signature aux\nagents de la direction d\u00e9partementale des territoires et de la mer des\nBouches-du-Rh\u00f4ne (11 pages) Page 23\nDRFIP PACA et des Bouches-du-Rh\u00f4ne  /\n13-2026-02-12-00003 - D\u00e9l\u00e9gation de signature du SGC de\nBERRE-L'\u00c9tang (3 pages) Page 35\nPr\u00e9fecture de la R\u00e9gion PACA /\n13-2026-02-06-00014 - Arr\u00eat\u00e9 pr\u00e9fectoral portant autorisation au titre\nde l'article L.333-3 du Code rural et de la p\u00eache maritime de prise de\ncontr\u00f4le de la SCEA REVERTER ET FILLE (GRANS) (2 pages) Page 39\nPr\u00e9fecture de police des Bouches-du-Rh\u00f4ne /\n13-2026-02-11-00011 - Arr\u00eat\u00e9 autorisant la captation et la\ntransmission\nd'images au moyen de cam\u00e9ras install\u00e9es sur des\na\u00e9ronefs le vendredi 13 f\u00e9vrier 2026  (4 pages) Page 42\n2\n13-2026-02-11-00012 - Arr\u00eat\u00e9 autorisant la captation et la\ntransmission\nd'images au moyen de cam\u00e9ras install\u00e9es sur des\na\u00e9ronefs le vendredi 13 f\u00e9vrier 2026  (4 pages) Page 47\nPr\u00e9fecture des Bouches-du-Rhone / Direction de la Citoyennet\u00e9, de la\nL\u00e9galit\u00e9 et de l'Environnement\n13-2026-02-11-00015 - ARR\u00caT\u00c9 du 11 FEVRIER 2026\nportant\nmodification de l'habilitation N\u00b0 24-13-0534 de l'\u00e9tablissement\nsecondaire de la SAS d\u00e9nomm\u00e9e  \u00ab\u00a0OGF - SERVICES FUNERAIRES\n\u00bb, exploit\u00e9 sous le nom commercial\n\u00ab POMPES FUNEBRES DE\nCASSIS\u00a0\u00bb sis \u00e0 CASSIS (13260) dans le domaine fun\u00e9raire (2 pages) Page 52\n13-2026-02-11-00016 - ARR\u00caT\u00c9 du 11 FEVRIER 2026\nportant\nmodification de l'habilitation N\u00b0 24-13-0537 de l'\u00e9tablissement\nsecondaire de la SAS d\u00e9nomm\u00e9e  \u00ab\u00a0OGF - SERVICES FUNERAIRES\n\u00bb, exploit\u00e9 sous le nom commercial\n\u00ab POMPES FUNEBRES DE\nCARNOUX\u00a0\u00bb sis \u00e0 Carnoux (13470) dans le domaine fun\u00e9raire (2\npages) Page 55\nPr\u00e9fecture des Bouches-du-Rhone / Direction de la S\u00e9curit\u00e9 : Polices\nAdministratives et R\u00e9glementation\n13-2026-01-26-00016 - Arr\u00eat\u00e9 portant abrogation de l'arr\u00eat\u00e9\nagr\u00e9ant la soci\u00e9t\u00e9 \u00e0 responsabilit\u00e9 limit\u00e9e d\u00e9nomm\u00e9e\n\u00abDOMADES\u00bb  en qualit\u00e9 d'entreprise fournissant une domiciliation\njuridique \u00e0 des personnes physiques ou morales immatricul\u00e9es au\nregistre du commerce et des soci\u00e9t\u00e9s ou au r\u00e9pertoire des m\u00e9tiers\n(2 pages) Page 58\n3\nDDETS 13\n13-2026-02-12-00001\nARR\u00caT\u00c9 HABILITATION DOMICILIATION 2026 -\nADDICTION MEDITERRANEE\nDDETS 13 - 13-2026-02-12-00001 - ARR\u00caT\u00c9 HABILITATION DOMICILIATION 2026 - ADDICTION MEDITERRANEE 4\nEnPREFETDES BOUCHES-DU-RHONELibert\u00e9Egalit\u00e9Fraternit\u00e9\nDirection d\u00e9partementale de l'emploi,\ndu travail et des solidarit\u00e9s \ndes Bouches-du-Rh\u00f4ne\nArr\u00eat\u00e9 pr\u00e9fectoral portant agr\u00e9ment d'organismes habilit\u00e9s \u00e0 domicilier\nles personnes sans domicile stable\nArr\u00eat\u00e9 n\u00b0 \nLe Pr\u00e9fet\nde la r\u00e9gion Provence-Alpes-C\u00f4te d'Azur\nPr\u00e9fet de la zone de d\u00e9fense et de s\u00e9curit\u00e9 sud\nPr\u00e9fet des Bouches-du-Rh\u00f4ne\nVU la loi n\u00b0 2007-290 du 5 mars 2007 instituant le droit au logement opposable et portant diverses  \nmesures en faveur de la coh\u00e9sion sociale, notamment son article 51 ;\nVU la loi n\u00b02014-366 du 24 mars 2014 pour l'acc\u00e8s au logement et un urbanisme r\u00e9nov\u00e9, notamment en  \nson article 46 ,\nVU les articles L. 251-1 \u00e0 L. 251-2 du Code de l'Action Sociale et des Familles ;\nVU les articles L. 264-1 \u00e0 L. 264-10 du Code de l'Action Sociale et des Familles ;\nVU les articles R. 264-4 et D 264-1 \u00e0 D. 264-15 du Code de l'Action Sociale et des Familles ;\nVU l'article L. 102 du Code civil ;\nVU le  D\u00e9cret  n\u00b0  54-883  du  2  septembre  1954  modifi\u00e9  pris  pour  l'application  de  l'ensemble  des  \ndispositions du d\u00e9cret du 29 novembre 1953 relatif \u00e0 la r\u00e9forme des lois d'assistance ;\nVU le D\u00e9cret n\u00b0 2016-632 du 19 mai 2016 relatif au lien avec la commune pour la domiciliation ;\nVU le D\u00e9cret n\u00b0 2016-633 du 19 mai 2016 relatif aux demandes d'\u00e9lection de domicile pour l'aide  \nm\u00e9dicale de l'Etat (AME) ;\nVU le D\u00e9cret n\u00b0 2016-641 du 19 mai 2016 relatif \u00e0 la domiciliation des personnes sans domicile stable ;\nVU l'Arr\u00eat\u00e9 du 11 juillet 2016 publi\u00e9 au Journal Officiel du 16 juillet 2016 fixant les mod\u00e8les de  \nformulaire de demande d'\u00e9lection de domicile et d'attestation de domicile des personnes sans domicile  \nstable ;\nVU l'Instruction n\u00b0 DGCS/SD1B/2016/188 du 10 juin 2016 relative \u00e0 la domiciliation des personnes  \nsans domicile stable ; \nVU l'arr\u00eat\u00e9 du 02 avril 2021 portant d\u00e9l\u00e9gation de signature \u00e0 Mme Nathalie DAUSSY, Directrice  \nd\u00e9partementale de l'emploi, du travail et des solidarit\u00e9s des Bouches-du-Rh\u00f4ne\nVU  le  Sch\u00e9ma d\u00e9partemental de la domiciliation des personnes sans domicile stable des Bouches-du-\nRh\u00f4ne figurant en annexe 11 du Plan d\u00e9partemental d'action pour le logement et l'h\u00e9bergement des  \npersonnes d\u00e9favoris\u00e9es ;\nVU l'arr\u00eat\u00e9 pr\u00e9fectoral N\u00b0 R93-2017-04-24-002 du 24 avril 2017 fixant le cahier des charges de la  \ndomiciliation des personnes sans r\u00e9sidence stable dans le d\u00e9partement des Bouches- du- Rh\u00f4ne ;\nDirection d\u00e9partementale de l'emploi, du travail et des solidarit\u00e9s des Bouches-du-Rh\u00f4ne\n66 A rue Saint S\u00e9bastien - CS 50240 13292 MARSEILLE CEDEX 06\nT\u00e9l\u00e9phone : 04 91 00 57 00 - T\u00e9l\u00e9copie : 04 91 00 57 10\nDDETS 13 - 13-2026-02-12-00001 - ARR\u00caT\u00c9 HABILITATION DOMICILIATION 2026 - ADDICTION MEDITERRANEE 5\nConsid\u00e9rant la demande d'agr\u00e9ment pr\u00e9sent\u00e9e par l'association \u00e0 but non lucratif mentionn\u00e9e ci-apr\u00e8s ;\nSur proposition de Madame la Directrice D\u00e9partementale de l'Emploi, du Travail et des Solidarit\u00e9s des  \nBouches-du-Rh\u00f4ne\nA R R E T E\nArticle 1 : \nL'association \u00e0 but non lucratif :\nAddiction M\u00e9diterran\u00e9e dont le si\u00e8ge est situ\u00e9 \n7 square Stalingrad \u2013 13001 Marseille\nest agr\u00e9\u00e9e aux fins de recevoir les d\u00e9clarations d'\u00e9lection de domicile et d\u00e9livrer l'attestation de domicile  \n\u00e0 des personnes sans domicile stable  situ\u00e9s dans le ressort g\u00e9ographique pour lequel l'agr\u00e9ment est  \ndemand\u00e9 pour le site suivant :\n\uf0b7 CSAPA \u00ab l'Entre-Temps \u00bb situ\u00e9 22 boulevard Marcel Cachin \u2013 13500 Martigues, ouvert les  \nlundi et mercredi de 08h30 \u00e0 13h00, puis de 14h00 \u00e0 18h00  ; les mardis de 08h30 \u00e0 13h00  \npuis de 13h30 \u00e0 18h00  ; les jeudis de 08h30 \u00e0 17h00  ; les vendredi de 08h30 \u00e0 9h30 puis de  \n14h00 \u00e0 18h00 sans rendez-vous aux personnes sans domiciles stables sur le territoire de l'ouest  \nde l'\u00c9tang de Berre. L'activit\u00e9 de domiciliation de l'association se concentre sur un public de  \npersonnes avec des probl\u00e9matiques d'addictions avec ou sans enfants.  Le site est agr\u00e9e pour  \nmaximum de 20 \u00e9lections de domicile.  Toute modification de cette capacit\u00e9 doit faire l'objet  \nd'une autorisation par la pr\u00e9fecture apr\u00e8s r\u00e9\u00e9valuation des activit\u00e9s de l'association ;\n\uf0b7 CSAPA  \u00ab Tremplin \u00bb  situ\u00e9  560  avenue  du  Club  Hippique  \u2013  axe  sud  \u2013  13090  Aix-en-\nProvence,  ouvert  les  lundis  et  mardis  de  09h00  \u00e0  12h30  puis  de  14h00  \u00e0  18h30  ;  les \nmercredis de 08h30 \u00e0 12h30 puis de 14h00 \u00e0 18h30  ; les jeudis de 09h00 \u00e0 12h30 puis de 14h  \n\u00e0 17h30  ; les vendredis de 13h30 \u00e0 18h00 sans rendez-vous  aux personnes sans domiciles  \nstables  sur  le  territoire  d'Aix-en-Provence  et  des  communes  alentoures.  L'activit\u00e9  de  \ndomiciliation de l'association se concentre sur un public de personnes avec des probl\u00e9matiques  \nd'addictions avec ou sans enfants. Le site est agr\u00e9e pour maximum de 20 \u00e9lections de domicile. \nToute modification de cette capacit\u00e9 doit faire l'objet d'une autorisation par la pr\u00e9fecture apr\u00e8s  \nr\u00e9\u00e9valuation des activit\u00e9s de l'association ; ;\nArticle 2 :\nLes associations et organismes agr\u00e9\u00e9s pour l'instruction des demandes de domiciliation aident l'int\u00e9ress\u00e9  \n\u00e0 accomplir toutes d\u00e9marches administratives afin de permettre l'ouverture de ses droits et sont habilit\u00e9s,  \navec l'accord du demandeur, \u00e0 transmettre la demande et les documents correspondants aux organismes  \ncomp\u00e9tents.\nCette mission est exerc\u00e9e \u00e0 titre gratuit et les organismes habilit\u00e9s doivent se conformer aux dispositions  \ndu cahier des charges du 24 avril 2017 publi\u00e9 au Recueil des Actes Administratifs de la pr\u00e9fecture du  \nd\u00e9partement des Bouches-du-Rh\u00f4ne.\nArticle 3 : \nLe pr\u00e9sent agr\u00e9ment est accord\u00e9 pour une dur\u00e9e de cinq ans \u00e0 compter de la date de signature de l'arr\u00eat\u00e9.\nLa demande de renouvellement doit \u00eatre pr\u00e9sent\u00e9e par l'organisme agr\u00e9\u00e9 au plus tard trois mois avant  \nl'expiration de l'agr\u00e9ment en cours.\nPour ce faire, l'organisme doit pr\u00e9senter un bilan de son activit\u00e9 pour la p\u00e9riode consid\u00e9r\u00e9e ainsi que les  \nperspectives envisag\u00e9es pour l'exercice de la m\u00eame activit\u00e9.\nDirection d\u00e9partementale de l'emploi, du travail et des solidarit\u00e9s des Bouches-du-Rh\u00f4ne\n66 A rue Saint S\u00e9bastien - CS 50240 13292 MARSEILLE CEDEX 06\nT\u00e9l\u00e9phone : 04 91 00 57 00 - T\u00e9l\u00e9copie : 04 91 00 57 10\nDDETS 13 - 13-2026-02-12-00001 - ARR\u00caT\u00c9 HABILITATION DOMICILIATION 2026 - ADDICTION MEDITERRANEE 6\nArticle 4 : \nSi \u00e0 l'occasion de la demande de renouvellement le pr\u00e9fet constate un \u00e9cart inexpliqu\u00e9 entre l'activit\u00e9  \nexerc\u00e9e durant la p\u00e9riode de validit\u00e9 du pr\u00e9sent agr\u00e9ment et le cahier des charges ainsi que les services  \npropos\u00e9s, le renouvellement d'agr\u00e9ment peut \u00eatre refus\u00e9.\nEn outre, le pr\u00e9fet peut mettre fin \u00e0 l'agr\u00e9ment avant le terme pr\u00e9vu s'il constate un manquement grave  \naux engagements d\u00e9finis par le cahier des charges et l'agr\u00e9ment, ou encore, \u00e0 la demande de l'organisme.\nChaque  retrait  ne  peut  \u00eatre  effectu\u00e9  qu'apr\u00e8s  que  l'organisme  ait  \u00e9t\u00e9  \u00e0  m\u00eame  de  pr\u00e9senter  ses  \nobservations.\nArticle 5 :\nLes d\u00e9cisions de refus ou de retrait d'agr\u00e9ment doivent \u00eatre motiv\u00e9es.\nLe pr\u00e9sent arr\u00eat\u00e9 est susceptible de faire l'objet d'un recours contentieux, qui sera port\u00e9 devant le  \nTribunal Administratif de Marseille dans un d\u00e9lai de deux mois \u00e0 compter de sa notification \u00e0 l'int\u00e9ress\u00e9  \net \u00e0 compter de sa publication pour les tiers.\nLe pr\u00e9fet de d\u00e9partement ayant proc\u00e9d\u00e9 au retrait d'un agr\u00e9ment en raison du non-respect du cahier des  \ncharges doit en informer les pr\u00e9fets des autres d\u00e9partements de la r\u00e9gion.\nEn cas de retrait d'un agr\u00e9ment, le pr\u00e9fet, garant du dispositif de domiciliation, doit informer tous les  \nautres  organismes  domiciliataires  du  territoire  afin  qu'ils  puissent  pr\u00e9voir  la  mont\u00e9e  en  charge  du  \ndispositif.\nArticle 6 :\nLa  Secr\u00e9taire  G\u00e9n\u00e9rale  de  la  pr\u00e9fecture  des  Bouches-du-Rh\u00f4ne,  la  Directrice  D\u00e9partementale  de  \nl'Emploi, du Travail et des solidarit\u00e9s des Bouches-du-Rh\u00f4ne, le Pr\u00e9sident de l'association cit\u00e9e dans le  \npr\u00e9sent arr\u00eat\u00e9 sont charg\u00e9s, chacun en ce qui le concerne, de l'ex\u00e9cution du pr\u00e9sent arr\u00eat\u00e9 qui sera publi\u00e9  \nau Recueil des Actes Administratifs de l'Etat dans les Bouches-du-Rh\u00f4ne.\nFait \u00e0 Marseille, 12 f\u00e9vrier 2026\nPour le Pr\u00e9fet et par d\u00e9l\u00e9gation\n                                                                                     Le directeur d\u00e9partemental adjoint de \n                                                                                     la direction d\u00e9partementale de l'emploi, du travail\n                                                                                     et des solidarit\u00e9s des Bouches du Rh\u00f4ne\n                             \n                                                                                     SIGNE\n  \n                                             M. L\u00e9opold CARBONNEL\nDirection d\u00e9partementale de l'emploi, du travail et des solidarit\u00e9s des Bouches-du-Rh\u00f4ne\n66 A rue Saint S\u00e9bastien - CS 50240 13292 MARSEILLE CEDEX 06\nT\u00e9l\u00e9phone : 04 91 00 57 00 - T\u00e9l\u00e9copie : 04 91 00 57 10\nDDETS 13 - 13-2026-02-12-00001 - ARR\u00caT\u00c9 HABILITATION DOMICILIATION 2026 - ADDICTION MEDITERRANEE 7\nDDETS 13\n13-2026-02-11-00010\nR\u00e9c\u00e9piss\u00e9 de d\u00e9claration au titre des Services \u00e0\nla Personne au b\u00e9n\u00e9fice de   Madame  BENDJEDI\nNesrine en qualit\u00e9 d'entrepreneur individuel,\nsitu\u00e9 26 rue Pierre Euzeby - 13200 ARLES\nDDETS 13 - 13-2026-02-11-00010 - R\u00e9c\u00e9piss\u00e9 de d\u00e9claration au titre des Services \u00e0 la Personne au b\u00e9n\u00e9fice de   Madame  BENDJEDI\nNesrine en qualit\u00e9 d'entrepreneur individuel, situ\u00e9 26 rue Pierre Euzeby - 13200 ARLES 8\nEnPREFETDES BOUCHES-DU-RHONELibert\u00e9Egalit\u00e9Fraternit\u00e9\n \nDirection D\u00e9partementale\nde l'Emploi, du Travail\n et des Solidarit\u00e9s\ndes Bouches du Rh\u00f4ne\nP\u00f4le \u00c9conomie Emploi Entreprises\nD\u00e9partement Insertion Professionnelle\n      R\u00e9c\u00e9piss\u00e9 de d\u00e9claration n\u00b0 \n                   d'un organisme de services \u00e0 la personne\n                      enregistr\u00e9 sous le N\u00b0 SAP890891146\nVu  le  code  du  travail  et  notamment les articles  L.7231-1  \u00e0  L.7233-2,  R.7232-16  \u00e0 \nR.7232-22, D.7231-1 et D.7233-1 \u00e0 D.7233-5,\nLe pr\u00e9fet de la R\u00e9gion Provence-Alpes-C\u00f4te d'Azur  Pr\u00e9fet de la Zone de D\u00e9fense et \nde S\u00e9curit\u00e9 Sud,  Pr\u00e9fet des Bouches-du-Rh\u00f4ne,\nCONSTATE\nQu'une d\u00e9claration d'activit\u00e9s de Services \u00e0 la Personne a \u00e9t\u00e9 d\u00e9pos\u00e9e aupr\u00e8s de la  \nDirection D\u00e9partementale de l'Emploi, du Travail et des Solidarit\u00e9s des Bouches-du-\nRh\u00f4ne le, 9  f\u00e9vrier 2026 par Madame  BENDJEDI Nesrine  en qualit\u00e9 d'entrepreneur  \nindividuel,  situ\u00e9  26  rue  Pierre  Euzeby  -  13200  ARLES  et  enregistr\u00e9  sous  le  N\u00b0  \nSAP890891146 pour les activit\u00e9s suivantes en mode prestataire :\n  \u2022   Entretien de la maison et travaux m\u00e9nagers\nToute  modification  concernant  les  activit\u00e9s  exerc\u00e9es  devra  faire  l'objet  d'une  \nd\u00e9claration modificative pr\u00e9alable.\nSous r\u00e9serve d'\u00eatre exerc\u00e9es \u00e0 titre exclusif au profit de particuliers, \u00e0 leur domicile  \n(ou sous r\u00e9serve d'une comptabilit\u00e9 s\u00e9par\u00e9e pour les personnes morales dispens\u00e9es  \nde cette condition), ces activit\u00e9s ouvrent droit au b\u00e9n\u00e9fice des dispositions des  \narticles L.7233-2 du code du travail et L.241-10 du code de la s\u00e9curit\u00e9 sociale dans les  \nconditions pr\u00e9vues par ces articles.\nLes effets de la d\u00e9claration courent \u00e0 compter du jour du d\u00e9p\u00f4t de la d\u00e9claration  \nsous r\u00e9serve des dispositions de  l'article R.7232-18 du code du travail.\nEn application  des articles L.7232-1 et R.7232-1 \u00e0 R.7232-15, les activit\u00e9s n\u00e9cessitant  \nun  agr\u00e9ment  (I  de  l'article  D.7231-1  du  code  du  travail)  n'ouvrent  droit  \u00e0  ces  \ndispositions  que  si  la  structure  a  pr\u00e9alablement  obtenu  l'agr\u00e9ment  ou  le  \nDDETS 13 - 13-2026-02-11-00010 - R\u00e9c\u00e9piss\u00e9 de d\u00e9claration au titre des Services \u00e0 la Personne au b\u00e9n\u00e9fice de   Madame  BENDJEDI\nNesrine en qualit\u00e9 d'entrepreneur individuel, situ\u00e9 26 rue Pierre Euzeby - 13200 ARLES 9\nrenouvellement  de  cet  agr\u00e9ment  dans  le  ou  les  d\u00e9partements  d'exercice  de  ses \nactivit\u00e9s.\nDe m\u00eame, en application de l'article D.312-6-2 du code de l'action sociale et des  \nfamilles, les activit\u00e9s n\u00e9cessitant une autorisation n'ouvrent droit \u00e0 ces dispositions  \nque si l'organisme a pr\u00e9alablement obtenu l'autorisation ou le renouvellement de  \ncette autorisation.\nLe pr\u00e9sent r\u00e9c\u00e9piss\u00e9 n'est pas limit\u00e9 dans le temps.  La d\u00e9claration a une port\u00e9e  \nnationale.\nL'enregistrement de la d\u00e9claration peut \u00eatre retir\u00e9 dans les conditions fix\u00e9es aux  \narticles R.7232-20 \u00e0 R.7232-22 du code du travail.\nLe pr\u00e9sent r\u00e9c\u00e9piss\u00e9 sera publi\u00e9 au Recueil des Actes Administratifs de la Pr\u00e9fecture  \ndes Bouches-du-Rh\u00f4ne.\n    Fait \u00e0 Marseille, le 11 f\u00e9vrier 2026\n                                                                            Pour le Pr\u00e9fet et par d\u00e9l\u00e9gation,\nPar emp\u00eachement de la Directrice D\u00e9par-\ntementale de l'Emploi, du Travail et des \nSolidarit\u00e9s des Bouches-du-Rh\u00f4ne   \nLa Cheffe du D\u00e9partement gestion des \ndispositifs de l'emploi,\nSign\u00e9\nMENGA V\u00e9ronique \n55 boulevard P\u00e9rier \u2013 13415 cedex 20 MARSEILLE Cedex 20 - T\u00e9l\u00e9phone : 04.91.57.96.00 \nMel : ddets-sap@bouches-du-rhone.gouv.fr\n2\nDDETS 13 - 13-2026-02-11-00010 - R\u00e9c\u00e9piss\u00e9 de d\u00e9claration au titre des Services \u00e0 la Personne au b\u00e9n\u00e9fice de   Madame  BENDJEDI\nNesrine en qualit\u00e9 d'entrepreneur individuel, situ\u00e9 26 rue Pierre Euzeby - 13200 ARLES 10\nDDETS 13\n13-2026-02-11-00009\nR\u00e9c\u00e9piss\u00e9 de d\u00e9claration au titre des Services \u00e0\nla Personne au b\u00e9n\u00e9fice de   Madame \nPOGOSYAN Teimine en qualit\u00e9 d'entrepreneur\nindividuel,  situ\u00e9 Route du Loir - 13250 SAINT\nCHAMAS\nDDETS 13 - 13-2026-02-11-00009 - R\u00e9c\u00e9piss\u00e9 de d\u00e9claration au titre des Services \u00e0 la Personne au b\u00e9n\u00e9fice de   Madame  POGOSYAN\nTeimine en qualit\u00e9 d'entrepreneur individuel,  situ\u00e9 Route du Loir - 13250 SAINT CHAMAS 11\nEnPREFETDES BOUCHES-DU-RHONELibert\u00e9Egalit\u00e9Fraternit\u00e9\n \nDirection D\u00e9partementale\nde l'Emploi, du Travail\n et des Solidarit\u00e9s\ndes Bouches du Rh\u00f4ne\nP\u00f4le \u00c9conomie Emploi Entreprises\nD\u00e9partement Insertion Professionnelle\n      R\u00e9c\u00e9piss\u00e9 de d\u00e9claration n\u00b0 \n                   d'un organisme de services \u00e0 la personne\n                      enregistr\u00e9 sous le N\u00b0 SAP100497494\nVu  le  code  du  travail  et  notamment les articles  L.7231-1  \u00e0  L.7233-2,  R.7232-16  \u00e0 \nR.7232-22, D.7231-1 et D.7233-1 \u00e0 D.7233-5,\nLe pr\u00e9fet de la R\u00e9gion Provence-Alpes-C\u00f4te d'Azur  Pr\u00e9fet de la Zone de D\u00e9fense et \nde S\u00e9curit\u00e9 Sud,  Pr\u00e9fet des Bouches-du-Rh\u00f4ne,\nCONSTATE\nQu'une d\u00e9claration d'activit\u00e9s de Services \u00e0 la Personne a \u00e9t\u00e9 d\u00e9pos\u00e9e aupr\u00e8s de la  \nDirection D\u00e9partementale de l'Emploi, du Travail et des Solidarit\u00e9s des Bouches-du-\nRh\u00f4ne le, 9 f\u00e9vrier 2026 par Madame  POGOSYAN Teimine en qualit\u00e9 d'entrepreneur \nindividuel,  situ\u00e9 Route du Loir - 13250 SAINT CHAMAS et enregistr\u00e9 sous le N\u00b0  \nSAP100497494 pour les activit\u00e9s suivantes en mode prestataire :\n  \u2022   Entretien de la maison et travaux m\u00e9nagers \n  \u2022   Livraison de courses \u00e0 domicile \nToute  modification  concernant  les  activit\u00e9s  exerc\u00e9es  devra  faire  l'objet  d'une  \nd\u00e9claration modificative pr\u00e9alable.\nSous r\u00e9serve d'\u00eatre exerc\u00e9es \u00e0 titre exclusif au profit de particuliers, \u00e0 leur domicile  \n(ou sous r\u00e9serve d'une comptabilit\u00e9 s\u00e9par\u00e9e pour les personnes morales dispens\u00e9es  \nde cette condition), ces activit\u00e9s ouvrent droit au b\u00e9n\u00e9fice des dispositions des  \narticles L.7233-2 du code du travail et L.241-10 du code de la s\u00e9curit\u00e9 sociale dans les  \nconditions pr\u00e9vues par ces articles.\nLes effets de la d\u00e9claration courent \u00e0 compter du jour du d\u00e9p\u00f4t de la d\u00e9claration  \nsous r\u00e9serve des dispositions de  l'article R.7232-18 du code du travail.\nEn application  des articles L.7232-1 et R.7232-1 \u00e0 R.7232-15, les activit\u00e9s n\u00e9cessitant  \nun  agr\u00e9ment  (I  de  l'article  D.7231-1  du  code  du  travail)  n'ouvrent  droit  \u00e0  ces  \ndispositions  que  si  la  structure  a  pr\u00e9alablement  obtenu  l'agr\u00e9ment  ou  le  \nDDETS 13 - 13-2026-02-11-00009 - R\u00e9c\u00e9piss\u00e9 de d\u00e9claration au titre des Services \u00e0 la Personne au b\u00e9n\u00e9fice de   Madame  POGOSYAN\nTeimine en qualit\u00e9 d'entrepreneur individuel,  situ\u00e9 Route du Loir - 13250 SAINT CHAMAS 12\nrenouvellement  de  cet  agr\u00e9ment  dans  le  ou  les  d\u00e9partements  d'exercice  de  ses \nactivit\u00e9s.\nDe m\u00eame, en application de l'article D.312-6-2 du code de l'action sociale et des  \nfamilles, les activit\u00e9s n\u00e9cessitant une autorisation n'ouvrent droit \u00e0 ces dispositions  \nque si l'organisme a pr\u00e9alablement obtenu l'autorisation ou le renouvellement de  \ncette autorisation.\nLe pr\u00e9sent r\u00e9c\u00e9piss\u00e9 n'est pas limit\u00e9 dans le temps.  La d\u00e9claration a une port\u00e9e  \nnationale.\nL'enregistrement de la d\u00e9claration peut \u00eatre retir\u00e9 dans les conditions fix\u00e9es aux  \narticles R.7232-20 \u00e0 R.7232-22 du code du travail.\nLe pr\u00e9sent r\u00e9c\u00e9piss\u00e9 sera publi\u00e9 au Recueil des Actes Administratifs de la Pr\u00e9fecture  \ndes Bouches-du-Rh\u00f4ne.\n    Fait \u00e0 Marseille, le 11 f\u00e9vrier 2026\n                                                                            Pour le Pr\u00e9fet et par d\u00e9l\u00e9gation,\nPar emp\u00eachement de la Directrice D\u00e9par-\ntementale de l'Emploi, du Travail et des \nSolidarit\u00e9s des Bouches-du-Rh\u00f4ne   \nLa Cheffe du D\u00e9partement gestion des \ndispositifs de l'emploi,\nSign\u00e9\nMENGA V\u00e9ronique \n55 boulevard P\u00e9rier \u2013 13415 cedex 20 MARSEILLE Cedex 20 - T\u00e9l\u00e9phone : 04.91.57.96.00 \nMel : ddets-sap@bouches-du-rhone.gouv.fr\n2\nDDETS 13 - 13-2026-02-11-00009 - R\u00e9c\u00e9piss\u00e9 de d\u00e9claration au titre des Services \u00e0 la Personne au b\u00e9n\u00e9fice de   Madame  POGOSYAN\nTeimine en qualit\u00e9 d'entrepreneur individuel,  situ\u00e9 Route du Loir - 13250 SAINT CHAMAS 13\nDDETS 13\n13-2026-02-11-00013\nR\u00e9c\u00e9piss\u00e9 de d\u00e9claration au titre des Services \u00e0\nla Personne au b\u00e9n\u00e9fice de   Madame BOUDRIA\nKim en qualit\u00e9 d'entrepreneur individuel,  situ\u00e9 5\nrue Adolphe Cremieux - 13200 ARLES\nDDETS 13 - 13-2026-02-11-00013 - R\u00e9c\u00e9piss\u00e9 de d\u00e9claration au titre des Services \u00e0 la Personne au b\u00e9n\u00e9fice de   Madame BOUDRIA Kim\nen qualit\u00e9 d'entrepreneur individuel,  situ\u00e9 5 rue Adolphe Cremieux - 13200 ARLES 14\nEnPREFETDES BOUCHES-DU-RHONELibert\u00e9Egalit\u00e9Fraternit\u00e9\n \nDirection D\u00e9partementale\nde l'Emploi, du Travail\n et des Solidarit\u00e9s\ndes Bouches du Rh\u00f4ne\nP\u00f4le \u00c9conomie Emploi Entreprises\nD\u00e9partement Insertion Professionnelle\n      R\u00e9c\u00e9piss\u00e9 de d\u00e9claration n\u00b0\n                   d'un organisme de services \u00e0 la personne\n                      enregistr\u00e9 sous le N\u00b0 SAP994555480\nVu  le  code  du  travail  et  notamment les articles  L.7231-1  \u00e0  L.7233-2,  R.7232-16  \u00e0 \nR.7232-22, D.7231-1 et D.7233-1 \u00e0 D.7233-5,\nLe pr\u00e9fet de la R\u00e9gion Provence-Alpes-C\u00f4te d'Azur  Pr\u00e9fet de la Zone de D\u00e9fense et \nde S\u00e9curit\u00e9 Sud,  Pr\u00e9fet des Bouches-du-Rh\u00f4ne,\nCONSTATE\nQu'une d\u00e9claration d'activit\u00e9s de Services \u00e0 la Personne a \u00e9t\u00e9 d\u00e9pos\u00e9e aupr\u00e8s de la  \nDirection D\u00e9partementale de l'Emploi, du Travail et des Solidarit\u00e9s des Bouches-du-\nRh\u00f4ne  le,  10 f\u00e9vrier  2026  par  Madame  BOUDRIA  Kim en  qualit\u00e9  d'entrepreneur  \nindividuel,  situ\u00e9 5 rue Adolphe Cremieux - 13200 ARLES et enregistr\u00e9 sous le N\u00b0  \nSAP994555480 pour les activit\u00e9s suivantes en mode prestataire :\n  \u2022   Pr\u00e9paration de repas \u00e0 domicile \nToute  modification  concernant  les  activit\u00e9s  exerc\u00e9es  devra  faire  l'objet  d'une  \nd\u00e9claration modificative pr\u00e9alable.\nSous r\u00e9serve d'\u00eatre exerc\u00e9es \u00e0 titre exclusif au profit de particuliers, \u00e0 leur domicile  \n(ou sous r\u00e9serve d'une comptabilit\u00e9 s\u00e9par\u00e9e pour les personnes morales dispens\u00e9es  \nde cette condition), ces activit\u00e9s ouvrent droit au b\u00e9n\u00e9fice des dispositions des  \narticles L.7233-2 du code du travail et L.241-10 du code de la s\u00e9curit\u00e9 sociale dans les  \nconditions pr\u00e9vues par ces articles.\nLes effets de la d\u00e9claration courent \u00e0 compter du jour du d\u00e9p\u00f4t de la d\u00e9claration  \nsous r\u00e9serve des dispositions de  l'article R.7232-18 du code du travail.\nEn application  des articles L.7232-1 et R.7232-1 \u00e0 R.7232-15, les activit\u00e9s n\u00e9cessitant  \nun  agr\u00e9ment  (I  de  l'article  D.7231-1  du  code  du  travail)  n'ouvrent  droit  \u00e0  ces  \ndispositions  que  si  la  structure  a  pr\u00e9alablement  obtenu  l'agr\u00e9ment  ou  le  \nDDETS 13 - 13-2026-02-11-00013 - R\u00e9c\u00e9piss\u00e9 de d\u00e9claration au titre des Services \u00e0 la Personne au b\u00e9n\u00e9fice de   Madame BOUDRIA Kim\nen qualit\u00e9 d'entrepreneur individuel,  situ\u00e9 5 rue Adolphe Cremieux - 13200 ARLES 15\nrenouvellement  de  cet  agr\u00e9ment  dans  le  ou  les  d\u00e9partements  d'exercice  de  ses \nactivit\u00e9s.\nDe m\u00eame, en application de l'article D.312-6-2 du code de l'action sociale et des  \nfamilles, les activit\u00e9s n\u00e9cessitant une autorisation n'ouvrent droit \u00e0 ces dispositions  \nque si l'organisme a pr\u00e9alablement obtenu l'autorisation ou le renouvellement de  \ncette autorisation.\nLe pr\u00e9sent r\u00e9c\u00e9piss\u00e9 n'est pas limit\u00e9 dans le temps.  La d\u00e9claration a une port\u00e9e  \nnationale.\nL'enregistrement de la d\u00e9claration peut \u00eatre retir\u00e9 dans les conditions fix\u00e9es aux  \narticles R.7232-20 \u00e0 R.7232-22 du code du travail.\nLe pr\u00e9sent r\u00e9c\u00e9piss\u00e9 sera publi\u00e9 au Recueil des Actes Administratifs de la Pr\u00e9fecture  \ndes Bouches-du-Rh\u00f4ne.\n    Fait \u00e0 Marseille, le 11 f\u00e9vrier 2026\n                                                                            Pour le Pr\u00e9fet et par d\u00e9l\u00e9gation,\nPar emp\u00eachement de la Directrice D\u00e9par-\ntementale de l'Emploi, du Travail et des \nSolidarit\u00e9s des Bouches-du-Rh\u00f4ne   \nLa Cheffe du D\u00e9partement gestion des \ndispositifs de l'emploi,\nSign\u00e9\nMENGA V\u00e9ronique \n55 boulevard P\u00e9rier \u2013 13415 cedex 20 MARSEILLE Cedex 20 - T\u00e9l\u00e9phone : 04.91.57.96.00 \nMel : ddets-sap@bouches-du-rhone.gouv.fr\n2\nDDETS 13 - 13-2026-02-11-00013 - R\u00e9c\u00e9piss\u00e9 de d\u00e9claration au titre des Services \u00e0 la Personne au b\u00e9n\u00e9fice de   Madame BOUDRIA Kim\nen qualit\u00e9 d'entrepreneur individuel,  situ\u00e9 5 rue Adolphe Cremieux - 13200 ARLES 16\nDDETS 13\n13-2026-02-11-00014\nR\u00e9c\u00e9piss\u00e9 de d\u00e9claration au titre des Services \u00e0\nla Personne au b\u00e9n\u00e9fice de   Monsieur\nVIGNEAUD Patrice en qualit\u00e9 d'entrepreneur\nindividuel, situ\u00e9 avenue Theodore Aubanel -\n13210 SAINT-REMY-DE-PROVENCE\nDDETS 13 - 13-2026-02-11-00014 - R\u00e9c\u00e9piss\u00e9 de d\u00e9claration au titre des Services \u00e0 la Personne au b\u00e9n\u00e9fice de   Monsieur VIGNEAUD\nPatrice en qualit\u00e9 d'entrepreneur individuel, situ\u00e9 avenue Theodore Aubanel - 13210 SAINT-REMY-DE-PROVENCE 17\nEnPREFETDES BOUCHES-DU-RHONELibert\u00e9Egalit\u00e9Fraternit\u00e9\n \nDirection D\u00e9partementale\nde l'Emploi, du Travail\n et des Solidarit\u00e9s\ndes Bouches du Rh\u00f4ne\nP\u00f4le \u00c9conomie Emploi Entreprises\nD\u00e9partement Insertion Professionnelle\n      R\u00e9c\u00e9piss\u00e9 de d\u00e9claration n\u00b0 \n                   d'un organisme de services \u00e0 la personne\n                      enregistr\u00e9 sous le N\u00b0 SAP998973770\nVu  le  code  du  travail  et  notamment les articles  L.7231-1  \u00e0  L.7233-2,  R.7232-16  \u00e0 \nR.7232-22, D.7231-1 et D.7233-1 \u00e0 D.7233-5,\nLe pr\u00e9fet de la R\u00e9gion Provence-Alpes-C\u00f4te d'Azur  Pr\u00e9fet de la Zone de D\u00e9fense et \nde S\u00e9curit\u00e9 Sud,  Pr\u00e9fet des Bouches-du-Rh\u00f4ne,\nCONSTATE\nQu'une d\u00e9claration d'activit\u00e9s de Services \u00e0 la Personne a \u00e9t\u00e9 d\u00e9pos\u00e9e aupr\u00e8s de la  \nDirection D\u00e9partementale de l'Emploi, du Travail et des Solidarit\u00e9s des Bouches-du-\nRh\u00f4ne le, 5  f\u00e9vrier 2026 par Monsieur VIGNEAUD Patrice  en qualit\u00e9 d'entrepreneur  \nindividuel, situ\u00e9 avenue Theodore Aubanel - 13210 SAINT-REMY-DE-PROVENCE et  \nenregistr\u00e9  sous  le  N\u00b0  SAP998973770  pour  les  activit\u00e9s  suivantes  en  mode  \nprestataire :\n  \u2022   Petits travaux de jardinage \n  \u2022   Travaux de petit bricolage \nToute  modification  concernant  les  activit\u00e9s  exerc\u00e9es  devra  faire  l'objet  d'une  \nd\u00e9claration modificative pr\u00e9alable.\nSous r\u00e9serve d'\u00eatre exerc\u00e9es \u00e0 titre exclusif au profit de particuliers, \u00e0 leur domicile  \n(ou sous r\u00e9serve d'une comptabilit\u00e9 s\u00e9par\u00e9e pour les personnes morales dispens\u00e9es  \nde cette condition), ces activit\u00e9s ouvrent droit au b\u00e9n\u00e9fice des dispositions des  \narticles L.7233-2 du code du travail et L.241-10 du code de la s\u00e9curit\u00e9 sociale dans les  \nconditions pr\u00e9vues par ces articles.\nLes effets de la d\u00e9claration courent \u00e0 compter du jour du d\u00e9p\u00f4t de la d\u00e9claration  \nsous r\u00e9serve des dispositions de  l'article R.7232-18 du code du travail.\nEn application  des articles L.7232-1 et R.7232-1 \u00e0 R.7232-15, les activit\u00e9s n\u00e9cessitant  \nun  agr\u00e9ment  (I  de  l'article  D.7231-1  du  code  du  travail)  n'ouvrent  droit  \u00e0  ces  \nDDETS 13 - 13-2026-02-11-00014 - R\u00e9c\u00e9piss\u00e9 de d\u00e9claration au titre des Services \u00e0 la Personne au b\u00e9n\u00e9fice de   Monsieur VIGNEAUD\nPatrice en qualit\u00e9 d'entrepreneur individuel, situ\u00e9 avenue Theodore Aubanel - 13210 SAINT-REMY-DE-PROVENCE 18\ndispositions  que  si  la  structure  a  pr\u00e9alablement  obtenu  l'agr\u00e9ment  ou  le  \nrenouvellement  de  cet  agr\u00e9ment  dans  le  ou  les  d\u00e9partements  d'exercice  de  ses \nactivit\u00e9s.\nDe m\u00eame, en application de l'article D.312-6-2 du code de l'action sociale et des  \nfamilles, les activit\u00e9s n\u00e9cessitant une autorisation n'ouvrent droit \u00e0 ces dispositions  \nque si l'organisme a pr\u00e9alablement obtenu l'autorisation ou le renouvellement de  \ncette autorisation.\nLe pr\u00e9sent r\u00e9c\u00e9piss\u00e9 n'est pas limit\u00e9 dans le temps.  La d\u00e9claration a une port\u00e9e  \nnationale.\nL'enregistrement de la d\u00e9claration peut \u00eatre retir\u00e9 dans les conditions fix\u00e9es aux  \narticles R.7232-20 \u00e0 R.7232-22 du code du travail.\nLe pr\u00e9sent r\u00e9c\u00e9piss\u00e9 sera publi\u00e9 au Recueil des Actes Administratifs de la Pr\u00e9fecture  \ndes Bouches-du-Rh\u00f4ne.\nFait \u00e0 Marseille, le 11 f\u00e9vrier 2026\n                                                                            Pour le Pr\u00e9fet et par d\u00e9l\u00e9gation,\nPar emp\u00eachement de la Directrice D\u00e9par-\ntementale de l'Emploi, du Travail et des \nSolidarit\u00e9s des Bouches-du-Rh\u00f4ne   \nLa Cheffe du D\u00e9partement gestion des \ndispositifs de l'emploi,\nSign\u00e9\nMENGA V\u00e9ronique \n55 boulevard P\u00e9rier \u2013 13415 cedex 20 MARSEILLE Cedex 20 - T\u00e9l\u00e9phone : 04.91.57.96.00 \nMel : ddets-sap@bouches-du-rhone.gouv.fr\n2\nDDETS 13 - 13-2026-02-11-00014 - R\u00e9c\u00e9piss\u00e9 de d\u00e9claration au titre des Services \u00e0 la Personne au b\u00e9n\u00e9fice de   Monsieur VIGNEAUD\nPatrice en qualit\u00e9 d'entrepreneur individuel, situ\u00e9 avenue Theodore Aubanel - 13210 SAINT-REMY-DE-PROVENCE 19\nDDETS 13\n13-2026-02-11-00008\nR\u00e9c\u00e9piss\u00e9 de d\u00e9claration au titre des Services \u00e0\nla Personne au b\u00e9n\u00e9fice de  Monsieur STEVE\nJ\u00e9r\u00f4me en qualit\u00e9 d'entrepreneur individuel, \nsitu\u00e9 143 Impasse des Bouires - 13390 AURIOL\nDDETS 13 - 13-2026-02-11-00008 - R\u00e9c\u00e9piss\u00e9 de d\u00e9claration au titre des Services \u00e0 la Personne au b\u00e9n\u00e9fice de  Monsieur STEVE J\u00e9r\u00f4me\nen qualit\u00e9 d'entrepreneur individuel,  situ\u00e9 143 Impasse des Bouires - 13390 AURIOL 20\nEnPREFETDES BOUCHES-DU-RHONELibert\u00e9Egalit\u00e9Fraternit\u00e9\n \nDirection D\u00e9partementale\nde l'Emploi, du Travail\n et des Solidarit\u00e9s\ndes Bouches du Rh\u00f4ne\nP\u00f4le \u00c9conomie Emploi Entreprises\nD\u00e9partement Insertion Professionnelle\n      R\u00e9c\u00e9piss\u00e9 de d\u00e9claration n\u00b0 \n                   d'un organisme de services \u00e0 la personne\n                      enregistr\u00e9 sous le N\u00b0 SAP993717883\nVu  le  code  du  travail  et  notamment les articles  L.7231-1  \u00e0  L.7233-2,  R.7232-16  \u00e0 \nR.7232-22, D.7231-1 et D.7233-1 \u00e0 D.7233-5,\nLe pr\u00e9fet de la R\u00e9gion Provence-Alpes-C\u00f4te d'Azur  Pr\u00e9fet de la Zone de D\u00e9fense et \nde S\u00e9curit\u00e9 Sud,  Pr\u00e9fet des Bouches-du-Rh\u00f4ne,\nCONSTATE\nQu'une d\u00e9claration d'activit\u00e9s de Services \u00e0 la Personne a \u00e9t\u00e9 d\u00e9pos\u00e9e aupr\u00e8s de la  \nDirection D\u00e9partementale de l'Emploi, du Travail et des Solidarit\u00e9s des Bouches-du-\nRh\u00f4ne  le,  9 f\u00e9vrier  2026  par  Monsieur STEVE  J\u00e9r\u00f4me  en  qualit\u00e9  d'entrepreneur \nindividuel,  situ\u00e9 143 Impasse des Bouires - 13390 AURIOL et enregistr\u00e9 sous le N\u00b0  \nSAP993717883 pour les activit\u00e9s suivantes en mode prestataire :\n  \u2022   Entretien de la maison et travaux m\u00e9nagers \n  \u2022   Petits travaux de jardinage \n  \u2022   Travaux de petit bricolage \nToute  modification  concernant  les  activit\u00e9s  exerc\u00e9es  devra  faire  l'objet  d'une  \nd\u00e9claration modificative pr\u00e9alable.\nSous r\u00e9serve d'\u00eatre exerc\u00e9es \u00e0 titre exclusif au profit de particuliers, \u00e0 leur domicile  \n(ou sous r\u00e9serve d'une comptabilit\u00e9 s\u00e9par\u00e9e pour les personnes morales dispens\u00e9es  \nde cette condition), ces activit\u00e9s ouvrent droit au b\u00e9n\u00e9fice des dispositions des  \narticles L.7233-2 du code du travail et L.241-10 du code de la s\u00e9curit\u00e9 sociale dans les  \nconditions pr\u00e9vues par ces articles.\nLes effets de la d\u00e9claration courent \u00e0 compter du jour du d\u00e9p\u00f4t de la d\u00e9claration  \nsous r\u00e9serve des dispositions de  l'article R.7232-18 du code du travail.\nEn application  des articles L.7232-1 et R.7232-1 \u00e0 R.7232-15, les activit\u00e9s n\u00e9cessitant  \nun  agr\u00e9ment  (I  de  l'article  D.7231-1  du  code  du  travail)  n'ouvrent  droit  \u00e0  ces  \nDDETS 13 - 13-2026-02-11-00008 - R\u00e9c\u00e9piss\u00e9 de d\u00e9claration au titre des Services \u00e0 la Personne au b\u00e9n\u00e9fice de  Monsieur STEVE J\u00e9r\u00f4me\nen qualit\u00e9 d'entrepreneur individuel,  situ\u00e9 143 Impasse des Bouires - 13390 AURIOL 21\ndispositions  que  si  la  structure  a  pr\u00e9alablement  obtenu  l'agr\u00e9ment  ou  le  \nrenouvellement  de  cet  agr\u00e9ment  dans  le  ou  les  d\u00e9partements  d'exercice  de  ses \nactivit\u00e9s.\nDe m\u00eame, en application de l'article D.312-6-2 du code de l'action sociale et des  \nfamilles, les activit\u00e9s n\u00e9cessitant une autorisation n'ouvrent droit \u00e0 ces dispositions  \nque si l'organisme a pr\u00e9alablement obtenu l'autorisation ou le renouvellement de  \ncette autorisation.\nLe pr\u00e9sent r\u00e9c\u00e9piss\u00e9 n'est pas limit\u00e9 dans le temps.  La d\u00e9claration a une port\u00e9e  \nnationale.\nL'enregistrement de la d\u00e9claration peut \u00eatre retir\u00e9 dans les conditions fix\u00e9es aux  \narticles R.7232-20 \u00e0 R.7232-22 du code du travail.\nLe pr\u00e9sent r\u00e9c\u00e9piss\u00e9 sera publi\u00e9 au Recueil des Actes Administratifs de la Pr\u00e9fecture  \ndes Bouches-du-Rh\u00f4ne.\nFait \u00e0 Marseille, le 11 f\u00e9vrier 2026\n                                                                            Pour le Pr\u00e9fet et par d\u00e9l\u00e9gation,\nPar emp\u00eachement de la Directrice D\u00e9par-\ntementale de l'Emploi, du Travail et des \nSolidarit\u00e9s des Bouches-du-Rh\u00f4ne   \nLa Cheffe du D\u00e9partement gestion des \ndispositifs de l'emploi,\nSign\u00e9\nMENGA V\u00e9ronique \n55 boulevard P\u00e9rier \u2013 13415 cedex 20 MARSEILLE Cedex 20 - T\u00e9l\u00e9phone : 04.91.57.96.00 \nMel : ddets-sap@bouches-du-rhone.gouv.fr\n2\nDDETS 13 - 13-2026-02-11-00008 - R\u00e9c\u00e9piss\u00e9 de d\u00e9claration au titre des Services \u00e0 la Personne au b\u00e9n\u00e9fice de  Monsieur STEVE J\u00e9r\u00f4me\nen qualit\u00e9 d'entrepreneur individuel,  situ\u00e9 143 Impasse des Bouires - 13390 AURIOL 22\nDirection Departementale des Territoires et de\nla Mer 13\n13-2026-02-09-00009\nArr\u00eat\u00e9 portant d\u00e9l\u00e9gation de signature aux\nagents de la direction d\u00e9partementale des\nterritoires et de la mer des Bouches-du-Rh\u00f4ne\nDirection Departementale des Territoires et de la Mer 13 - 13-2026-02-09-00009 - Arr\u00eat\u00e9 portant d\u00e9l\u00e9gation de signature aux agents de\nla direction d\u00e9partementale des territoires et de la mer des Bouches-du-Rh\u00f4ne 23\nEsPR\u00c9FETDES BOUCHES-DU-RH\u00d4NELibert\u00e9\u00c9galit\u00e9Fraternit\u00e9\nDirection d\u00e9partementale\ndes territoires et de la mer\ndes Bouches-du-Rh\u00f4ne\nArr\u00eat\u00e9 portant d\u00e9l\u00e9gation de signature aux agents de la\ndirection d\u00e9partementale des territoires et de la mer des Bouches-du-Rh\u00f4ne\nLe directeur d\u00e9partemental des territoires et de la mer\ndes Bouches-du-Rh\u00f4ne,\nVu le d\u00e9cret n\u00b0 2004-374 du 29 avril 2004 modifi\u00e9 relatif aux pouvoirs des pr\u00e9fets, \u00e0  \nl'organisation et \u00e0 l'action des services de l'\u00c9tat dans les r\u00e9gions et les d\u00e9partements ;\nVu  le  d\u00e9cret  n\u00b0  2009-1484  du  3  d\u00e9cembre  2009  modifi\u00e9  relatif  aux  directions  \nd\u00e9partementales interminist\u00e9rielles;\nVu  l'arr\u00eat\u00e9  pr\u00e9fectoral  du  19  novembre  2024  portant  organisation  de  la  direction  \nd\u00e9partementale interminist\u00e9rielle des territoires et de la mer des Bouches-du-Rh\u00f4ne ; \nVu le d\u00e9cret du Pr\u00e9sident de la R\u00e9publique en date du 19 novembre 2025 portant  \nnomination de monsieur Jacques WITKOWSKI en qualit\u00e9 de pr\u00e9fet de la r\u00e9gion Provence-\nAlpes-C\u00f4te d'Azur, pr\u00e9fet de la zone de d\u00e9fense et de s\u00e9curit\u00e9 Sud, pr\u00e9fet des Bouches-du-\nRh\u00f4ne ;\nVu le d\u00e9cret du Pr\u00e9sident de la R\u00e9publique du 15 mai 2025 portant nomination de  \nmonsieur Simon BABRE, en qualit\u00e9 de pr\u00e9fet du Var ;\nVu le d\u00e9cret du Pr\u00e9sident de la R\u00e9publique du 28 avril 2025 portant nomination de  \nmonsieur Laurent HOTTIAUX, en qualit\u00e9 de pr\u00e9fet des Alpes-Maritimes ;\nVu l'arr\u00eat\u00e9 de la Premi\u00e8re ministre et du ministre de l'int\u00e9rieur et des outre-mer du 16  \njuin  2023  portant  nomination  de  monsieur  Patrick  VAUTERIN  en  qualit\u00e9  de  directeur  \nd\u00e9partemental des territoires et de la mer des Bouches-du-Rh\u00f4ne \u00e0 compter du 1er juillet  \n2023,\nVu l'arr\u00eat\u00e9 n\u00b0 13-2026-02-07-00001 du 7 f\u00e9vrier 2026 du pr\u00e9fet des Bouches-du-Rh\u00f4ne,  \nportant  d\u00e9l\u00e9gation  de  signature  \u00e0  monsieur  Patrick  VAUTERIN,  directeur  d\u00e9partemental \ninterminist\u00e9riel des territoires et de la mer des Bouches-du-Rh\u00f4ne,\nVu  l'arr\u00eat\u00e9  n\u00b0  2025-078/DDTM-PSDC/DDTM13  du  19  mai  2025  du  pr\u00e9fet  des  Alpes-\nMaritimes  donnant  d\u00e9l\u00e9gation  de  signature  \u00e0  monsieur  Patrick  VAUTERIN,  directeur  \nd\u00e9partemental des territoires et de la mer des Bouches-du-Rh\u00f4ne, pour signer les actes  \nportant  sur  l'instruction  des  demandes  d'autorisation  individuelles  de  transports  \nexceptionnels des Alpes-Maritimes,\nVu l'arr\u00eat\u00e9 n\u00b0 2025/36/MCI du 12 juin 2025 du pr\u00e9fet du Var, donnant d\u00e9l\u00e9gation de  \nsignature \u00e0 monsieur Patrick VAUTERIN, directeur d\u00e9partemental des territoires et de la mer \ndes  Bouches-du-Rh\u00f4ne,  pour  la  mission  d'instruction  des  demandes  d'autorisation  de  \ntransports exceptionnels ;\nDirection Departementale des Territoires et de la Mer 13 - 13-2026-02-09-00009 - Arr\u00eat\u00e9 portant d\u00e9l\u00e9gation de signature aux agents de\nla direction d\u00e9partementale des territoires et de la mer des Bouches-du-Rh\u00f4ne 24\nARR\u00caTE\nArticle 1er\nDans le cadre des dispositions :\n- de l'arr\u00eat\u00e9 n\u00b0 13-2026-02-07-00001 du 7 f\u00e9vrier 2026 du pr\u00e9fet des Bouches-du-Rh\u00f4ne,  \nportant  d\u00e9l\u00e9gation  de  signature  \u00e0  monsieur  Patrick  VAUTERIN,  directeur  d\u00e9partemental \ninterminist\u00e9riel des territoires et de la mer des Bouches-du-Rh\u00f4ne,\n- de l'arr\u00eat\u00e9 n\u00b0 2025-078/DDTM-PSDC/DDTM13 du 19 mai 2025 du pr\u00e9fet des Alpes-\nMaritimes  donnant  d\u00e9l\u00e9gation  de  signature  \u00e0  monsieur  Patrick  VAUTERIN,  directeur  \nd\u00e9partemental des territoires et de la mer des Bouches-du-Rh\u00f4ne, pour signer les actes  \nportant  sur  l'instruction  des  demandes  d'autorisation  individuelles  de  transports  \nexceptionnels des Alpes-Maritimes,\n- de l'arr\u00eat\u00e9 n\u00b0 2025/36/MCI du 12 juin 2025 du pr\u00e9fet du Var, donnant d\u00e9l\u00e9gation de  \nsignature \u00e0 monsieur Patrick VAUTERIN, directeur d\u00e9partemental des territoires et de la mer \ndes  Bouches-du-Rh\u00f4ne,  pour  la  mission  d'instruction  des  demandes  d'autorisation  de  \ntransports exceptionnels ;\nd\u00e9l\u00e9gation de signature est accord\u00e9e pour l'ensemble des d\u00e9cisions vis\u00e9es \u00e0 :\nmonsieur Charles VERGOBBI, directeur adjoint,\nmonsieur Mathieu EYRARD, directeur adjoint, d\u00e9l\u00e9gu\u00e9 \u00e0 la mer et au littoral.\nArticle 2\nDans le cadre des dispositions : \n-  de  l'article  2  de  l'arr\u00eat\u00e9  n\u00b0  13-2026-02-07-00001  du  7  f\u00e9vrier  2026  du  pr\u00e9fet  des  \nBouches-du-Rh\u00f4ne portant d\u00e9l\u00e9gation de signature \u00e0 monsieur Patrick VAUTERIN, directeur  \nd\u00e9partemental interminist\u00e9riel des territoires et de la mer des Bouches-du-Rh\u00f4ne,\n- de l'article 2 de l'arr\u00eat\u00e9 n\u00b0 2025-078/DDTM-PSDC/DDTM13 du 19 mai 2025 du pr\u00e9fet  \ndes  Alpes-Maritimes  donnant  d\u00e9l\u00e9gation  de  signature  \u00e0  monsieur  Patrick  VAUTERIN,  \ndirecteur d\u00e9partemental des territoires et de la mer des Bouches-du-Rh\u00f4ne, pour signer les  \nactes  portant  sur  l'instruction  des  demandes  d'autorisation  individuelles  de  transports  \nexceptionnels des Alpes-Maritimes,\n- de l'article 2 de l'arr\u00eat\u00e9 n\u00b0 2025/36/MCI du 12 juin 2025 du pr\u00e9fet du Var, donnant  \nd\u00e9l\u00e9gation  de  signature  \u00e0  monsieur  Patrick  VAUTERIN,  directeur  d\u00e9partemental  des  \nterritoires et de la mer des Bouches-du-Rh\u00f4ne, pour la mission d'instruction des demandes  \nd'autorisation de transports exceptionnels ;\nd\u00e9l\u00e9gation de signature est donn\u00e9e dans la limite de leurs attributions fonctionnelles ou  \nterritoriales, aux personnes et dans les conditions figurant dans le tableau ci-dessous.\nEn cas d'absence ou d'emp\u00eachement des d\u00e9l\u00e9gataires, les attributions de ces derniers  \nseront exerc\u00e9es par les agents d\u00e9sign\u00e9s par voie de d\u00e9cisions pour assurer leur int\u00e9rim. \nLes r\u00e9f\u00e9rences indiqu\u00e9es dans la colonne \u00ab  \u00c9tendue de la subd\u00e9l\u00e9gation  \u00bb du tableau ci-\napr\u00e8s sont issues de l'arr\u00eat\u00e9 n\u00b0 13-2026-02-07-00001 du 7 f\u00e9vrier 2026 du pr\u00e9fet des Bouches-\ndu-Rh\u00f4ne,  portant  d\u00e9l\u00e9gation  de  signature  \u00e0  monsieur  Patrick  VAUTERIN,  directeur  \nd\u00e9partemental interminist\u00e9riel des territoires et de la mer des Bouches-du-Rh\u00f4ne.\nDirection Departementale des Territoires et de la Mer 13 - 13-2026-02-09-00009 - Arr\u00eat\u00e9 portant d\u00e9l\u00e9gation de signature aux agents de\nla direction d\u00e9partementale des territoires et de la mer des Bouches-du-Rh\u00f4ne 25\nSERVICE NOM PRENOM GRADE ET \nFONCTION\n\u00c9TENDUE DE LA SUBD\u00c9L\u00c9GATION\nCabinet LELEU St\u00e9phanie Directrice de \ncabinet\n-  cong\u00e9s  annuels,  RTT,  autorisations  \nsp\u00e9ciales d'absence sauf droit syndical.\nService d'appui \njuridique et \ncontr\u00f4le (SAJC)\nSHEARER \nEmmanuel\nChef de service -  cong\u00e9s  annuels,  RTT,  autorisations  \nsp\u00e9ciales d'absence sauf droit syndical,\n- AG2,\n- ME18 C).\nBERTSCH \nChristophe\nAdjoint au chef \nde service et \nchef du p\u00f4le \nconseil et \ncontentieux\n-  cong\u00e9s  annuels,  RTT,  autorisations  \nsp\u00e9ciales d'absence sauf droit syndical,\n- AG2,\n- ME18 C).\nDE BODIN DE \nGALEMBERT \nGonzague\nChef du p\u00f4le \ndroit p\u00e9nal et \ncontr\u00f4le\n-  cong\u00e9s  annuels,  RTT,  autorisations  \nsp\u00e9ciales d'absence sauf droit syndical,\n- AG2 point D).\nDION Rolland Instructeur \ncontentieux \np\u00e9nal\n- AG2 point D).\nCARRIE Muriel Instructrice \ncontentieux \np\u00e9nal\n- AG2 point D).\nTUR Val\u00e9rie Instructrice \ncontentieux \np\u00e9nal\n- AG2 point D).\nPOUZACHE Julie Cheffe du p\u00f4le \ncontr\u00f4le de \nl\u00e9galit\u00e9\n-  cong\u00e9s  annuels,  RTT,  autorisations  \nsp\u00e9ciales d'absence sauf droit syndical,\n- AG2 point D).\nBROCHARD \nValentin\nExpert juridique - AG2 point D).\nService \nurbanisme et \nrisques (SUR)\nLANGUMIER Julien Chef de service -  cong\u00e9s  annuels,  RTT,  autorisations  \nsp\u00e9ciales d'absence sauf droit syndical ; \nordres  de  mission  m\u00e9tropole  ; \nautorisations de conduire,\n- UA1 \u00e0 UA9,\n- SP6,\n- PA1\nAYACHE Lucile Adjointe au chef \nde service et \ncheffe du p\u00f4le \nam\u00e9nagement\n-  cong\u00e9s  annuels,  RTT,  autorisations  \nsp\u00e9ciales d'absence sauf droit syndical ; \nordres  de  mission  m\u00e9tropole  ; \nautorisations de conduire,\n- UA1 \u00e0 UA9,\n- SP6,\n- PA1\nGASTAUD Cl\u00e9ment Adjoint au chef \nde service et \nchef du p\u00f4le \n-  cong\u00e9s  annuels,  RTT,  autorisations  \nsp\u00e9ciales d'absence sauf droit syndical ; \nordres  de  mission  m\u00e9tropole  ; \nDirection Departementale des Territoires et de la Mer 13 - 13-2026-02-09-00009 - Arr\u00eat\u00e9 portant d\u00e9l\u00e9gation de signature aux agents de\nla direction d\u00e9partementale des territoires et de la mer des Bouches-du-Rh\u00f4ne 26\nSERVICE NOM PRENOM GRADE ET \nFONCTION\n\u00c9TENDUE DE LA SUBD\u00c9L\u00c9GATION\nrisques autorisations de conduire,\n- UA1 \u00e0 UA9,\n- SP6,\n- PA1.\nJOZWIAK Laure Adjointe au chef \nde p\u00f4le \nam\u00e9nagement, et \ncheffe de l'unit\u00e9 \nplanification \nArles/Marseille \n-  cong\u00e9s  annuels,  RTT,  autorisations  \nsp\u00e9ciales d'absence sauf droit syndical ; \nordres  de  mission  m\u00e9tropole  ; \nautorisations de conduire,\n- PA1.\nAURENCHE Vincent Chef de l'unit\u00e9 \nplanification Aix-\nSalon de \nProvence\n-  cong\u00e9s  annuels,  RTT,  autorisations  \nsp\u00e9ciales d'absence sauf droit syndical ; \nordres  de  mission  m\u00e9tropole  ; \nautorisations de conduire,\n- UA1 \u00e0 UA9.\nMAUREL Nicolas Chef du p\u00f4le \nADS et fiscalit\u00e9\n-  cong\u00e9s  annuels,  RTT,  autorisations  \nsp\u00e9ciales d'absence sauf droit syndical,\n- UA1 \u00e0 UA9.\nAUBERT Aude Adjointe au chef \nde p\u00f4le ADS et \nfiscalit\u00e9 et cheffe \nde l'unit\u00e9 ADS\n-  cong\u00e9s  annuels,  RTT,  autorisations  \nsp\u00e9ciales d'absence sauf droit syndical,\n- UA1 \u00e0 UA9.\nTERRAMORSI Serge Adjoint au chef \ndu p\u00f4le risques \net chef de l'unit\u00e9 \nmouvements de \nterrain/s\u00e9isme\n-  cong\u00e9s  annuels,  RTT,  autorisations \nsp\u00e9ciales d'absence sauf droit syndical.\nDUCHENE Ga\u00eblle Cheffe de l'unit\u00e9 \nrisques feux de \nfor\u00eat\n-  cong\u00e9s  annuels,  RTT,  autorisations \nsp\u00e9ciales d'absence sauf droit syndical.\nGOUDEDRANCHE \nLuce\nCheffe de l'unit\u00e9 \nstrat\u00e9gie \nprogrammation\n-  cong\u00e9s  annuels,  RTT,  autorisations \nsp\u00e9ciales d'absence sauf droit syndical.\nService \nConstruction \nTransport et \nCrise\n(SCTC)\nDE MONTGOLFIER \nYves\nChef de service - AG1, \u00e0 l'exception des actes relatifs \u00e0  \nla NBI (points AB et AD),\n- CT1,\n- CT2, points A), D) et F),\n- CT3,\n- CT4,\n- CT5,\n- CT6.\nD\u00e9partements  du  Var  et  des  Alpes  \nMaritimes :\nArr\u00eat\u00e9s,  avis,  d\u00e9cisions,  \ncorrespondances  relatives  aux  \ninstructions  d'autorisations  de  \nDirection Departementale des Territoires et de la Mer 13 - 13-2026-02-09-00009 - Arr\u00eat\u00e9 portant d\u00e9l\u00e9gation de signature aux agents de\nla direction d\u00e9partementale des territoires et de la mer des Bouches-du-Rh\u00f4ne 27\nSERVICE NOM PRENOM GRADE ET \nFONCTION\n\u00c9TENDUE DE LA SUBD\u00c9L\u00c9GATION\ntransports exceptionnels.\nCHRETIEN Soizic Adjointe au chef \nde service\n- AG1, \u00e0 l'exception des actes relatifs \u00e0  \nla NBI (points AB et AD),\n- CT1,\n- CT2, points A), D) et F),\n- CT3,\n- CT4,\n- CT5,\n- CT6.\nD\u00e9partements  du  Var  et  des  Alpes  \nMaritimes :\nArr\u00eat\u00e9s,  avis,  d\u00e9cisions,  \ncorrespondances  relatives  aux  \ninstructions  d'autorisations  de  \ntransports exceptionnels.\nDELVECCHIO \nGuillaume\nChef du p\u00f4le \npatrimoine \nb\u00e2timent durable\n- cong\u00e9s  annuels  et  RTT,  autorisations \nsp\u00e9ciales d'absence sauf droit syndical ;\n- CT6.\nDUVAL Magali Cheffe de l'unit\u00e9 \ncontr\u00f4le des \nr\u00e8gles de \nconstruction\n- cong\u00e9s  annuels  et  RTT,  autorisations \nsp\u00e9ciales d'absence sauf droit syndical.\nBANCEL Nicolas Chef du p\u00f4le \naccessibilit\u00e9 \ns\u00e9curit\u00e9 et chef \nde l'unit\u00e9 \naccessibilit\u00e9\n- cong\u00e9s  annuels  et  RTT,  autorisations \nsp\u00e9ciales d'absence sauf droit syndical,\n- CT4.\nFERRETTI Jean-\nChristian\nChef de l'unit\u00e9 \ncommission de \ns\u00e9curit\u00e9\n- cong\u00e9s  annuels  et  RTT,  autorisations \nsp\u00e9ciales d'absence sauf droit syndical.\nREIST Sylvie Cheffe de l'unit\u00e9 \ntransports\n- cong\u00e9s  annuels  et  RTT,  autorisations \nsp\u00e9ciales d'absence sauf droit syndical,\n- CT1 point B n\u00b0 2.\nD\u00e9partements  du  Var  et  des  Alpes  \nMaritimes     :  \narr\u00eat\u00e9s,  avis,  d\u00e9cisions,  \ncorrespondances  relatives  aux  \ninstructions  d'autorisations  de  \ntransports exceptionnels.\nSERAY Julie Cheffe de l'unit\u00e9 \ngestion de crise\n-  cong\u00e9s  annuels,  RTT,  autorisations \nsp\u00e9ciales d'absence sauf droit syndical,\n- CT1 point B, n\u00b0 2.\nService Habitat\n(SH)\nBERGE Dominique  Chef de service -  cong\u00e9s  annuels,  RTT  ,  autorisations  \nsp\u00e9ciales d'absence sauf droit syndical;  \nordres  de  mission  m\u00e9tropole  ; \nautorisations de conduire,\nDirection Departementale des Territoires et de la Mer 13 - 13-2026-02-09-00009 - Arr\u00eat\u00e9 portant d\u00e9l\u00e9gation de signature aux agents de\nla direction d\u00e9partementale des territoires et de la mer des Bouches-du-Rh\u00f4ne 28\nSERVICE NOM PRENOM GRADE ET \nFONCTION\n\u00c9TENDUE DE LA SUBD\u00c9L\u00c9GATION\n- HA1 \u00e0 HA6.\nWERMELINGER \nAnne\nAdjointe au chef \nde service\n-  cong\u00e9s  annuels,  RTT  ,  autorisations  \nsp\u00e9ciales d'absence sauf droit syndical ; \nordres  de  mission  m\u00e9tropole  ; \nautorisations de conduire,\n- HA1 \u00e0 HA6.\nLASNE C\u00e9line Adjointe au chef \nde service et \ncheffe du p\u00f4le \nhabitat priv\u00e9 et \ncopropri\u00e9t\u00e9s\n-  cong\u00e9s  annuels,  RTT  ,  autorisations  \nsp\u00e9ciales d'absence sauf droit syndical ; \nordres  de  mission  m\u00e9tropole  ; \nautorisations de conduire,\n- HA1 \u00e0 HA6.\nCHARRAT Chrystel Adjointe au chef \nde service et \ncheffe du p\u00f4le \nrenouvellement \nurbain\n-  cong\u00e9s  annuels,  RTT  ,  autorisations  \nsp\u00e9ciales d'absence sauf droit syndical ; \nordres  de  mission  m\u00e9tropole  ; \nautorisations de conduire,\n- HA1 \u00e0 HA6.\nANDREANI \nSt\u00e9phane\nChef de l'unit\u00e9 \ninstruction \nfinancement du \nrenouvellement \nurbain\n-  cong\u00e9s  annuels,  RTT,  autorisations  \nsp\u00e9ciales d'absence sauf droit syndical.\nCASSAN Antoine Chef du p\u00f4le \npolitique locale \nde l'habitat et \nhabitat social \n-  cong\u00e9s  annuels,  RTT,  autorisations  \nsp\u00e9ciales d'absence sauf droit syndical.\nHATCHANE Farid Chef du p\u00f4le \nlutte contre \nl'habitat indigne\n-  cong\u00e9s  annuels,  RTT,  autorisations  \nsp\u00e9ciales d'absence sauf droit syndical.\nService \nAgriculture et \nFor\u00eat (SAF)\nBARDEY Faustine Cheffe de service -  cong\u00e9s  annuels,  RTT,  autorisations  \nsp\u00e9ciales d'absence sauf droit syndical ; \nordres  de  mission  m\u00e9tropole  ; \nautorisations de conduire,\n- AF1 (sauf AF1 N1), AF2 et AF3.\nDUPONT Vincent Adjoint au chef \nde service et \nchef du p\u00f4le \npolitique agricole \ncommune\n-  cong\u00e9s  annuels,  RTT,  autorisations  \nsp\u00e9ciales d'absence sauf droit syndical ; \nordres  de  mission  m\u00e9tropole  ; \nautorisations de conduire,\n- AF1 (sauf AF1 N1), AF2 et AF3.\nAUJAS Philippe Chef du p\u00f4le \nexploitations et \nespaces agricoles\n-  cong\u00e9s  annuels,  RTT,  autorisations  \nsp\u00e9ciales d'absence sauf droit syndical ; \nordres  de  mission  m\u00e9tropole  ; \nautorisations de conduire,\nDirection Departementale des Territoires et de la Mer 13 - 13-2026-02-09-00009 - Arr\u00eat\u00e9 portant d\u00e9l\u00e9gation de signature aux agents de\nla direction d\u00e9partementale des territoires et de la mer des Bouches-du-Rh\u00f4ne 29\nSERVICE NOM PRENOM GRADE ET \nFONCTION\n\u00c9TENDUE DE LA SUBD\u00c9L\u00c9GATION\n- AF2 point A) sauf le n\u00b01,\n- AF2 point B),\n- AF2 point C),\n- AF2 point D) sauf n\u00b0 1 \u00e0 6, 12 \u00e0 14,\n- AF2 point F) sauf n\u00b04, 5 et 6,\n- AF2 point G),\n- AF2 point H),\n- AF2 point I).\nLAHAYE Patricia Cheffe du p\u00f4le \nfor\u00eat\n-  cong\u00e9s  annuels,  RTT,  autorisations  \nsp\u00e9ciales d'absence sauf droit syndical ; \nordres  de  mission  m\u00e9tropole  ; \nautorisations de conduire,\n- AF1 point A),\n- AF1 point B) sauf refus de \nd\u00e9frichement,\n- AF1 point C),\n- AF1 point D),\n- AF1 point G),\n- AF1 point H),\n- AF1 point I),\n- AF1 point K)\n- AF1 point M)\n-AF1 point N2)\n- AF1 point O).\nLAGARDE Marie-\nLaure \nAdjointe \u00e0 la \ncheffe de p\u00f4le \nFor\u00eat\n-  cong\u00e9s  annuels,  RTT,  autorisations  \nsp\u00e9ciales d'absence sauf droit syndical ; \nordres  de  mission  m\u00e9tropole  ; \nautorisations de conduire,\n- AF1 point A),\n- AF1 point B) sauf refus de \nd\u00e9frichement,\n- AF1 point C),\n- AF1 point D),\n- AF1 point G),\n- AF1 point H),\n- AF1 point I),\n- AF1 point K)\n- AF1 point M)\n-AF1 point N2)\n- AF1 point O).\nMAROVELLI Patrick Chef de l'unit\u00e9 \nd\u00e9frichement\n- AF1  B)  sauf  autorisation  et  refus  de  \nd\u00e9frichement.\n-  cong\u00e9s  annuels,  RTT,  autorisations  \nsp\u00e9ciales d'absence sauf droit syndical ;\nDirection Departementale des Territoires et de la Mer 13 - 13-2026-02-09-00009 - Arr\u00eat\u00e9 portant d\u00e9l\u00e9gation de signature aux agents de\nla direction d\u00e9partementale des territoires et de la mer des Bouches-du-Rh\u00f4ne 30\nSERVICE NOM PRENOM GRADE ET \nFONCTION\n\u00c9TENDUE DE LA SUBD\u00c9L\u00c9GATION\nService Mer, Eau \net \nEnvironnement\n(SMEE)\nREILHES C\u00e9cile Cheffe de service -  cong\u00e9s  annuels,  RTT,  autorisations  \nsp\u00e9ciales d'absence sauf droit syndical ; \nordres  de  mission  m\u00e9tropole,  \nautorisations de conduire,\n- ME1 \u00e0 22.\nARCHELAS Fr\u00e9d\u00e9ric Adjoint au chef \nde service et \nchef du p\u00f4le \nnature et \nterritoires\n- cong\u00e9s  annuels  et  RTT,  autorisations \nsp\u00e9ciales d'absence sauf droit syndical,  \nordres  de  mission  m\u00e9tropole,  \nautorisations de conduire,\n- ME1 \u00e0 22.\nRUSCH Romain Adjoint au chef \nde service (\u00e0 \ncompter du \n2 mars 2026)\n- cong\u00e9s  annuels  et  RTT,  autorisations \nsp\u00e9ciales d'absence sauf droit syndical,  \nordres  de  mission  m\u00e9tropole,  \nautorisations de conduire,\n- ME1 \u00e0 22.\nZOULALIAN Franck Adjoint au chef \nde service et \nchef du p\u00f4le \nmaritime\n- cong\u00e9s  annuels  et  RTT,  autorisations \nsp\u00e9ciales d'absence sauf droit syndical,  \nordres  de  mission  m\u00e9tropole,  \nautorisations de conduire,\n- ME1 \u00e0 22.\nBONHOMME-\nMAZEL Isabelle\nCheffe de l'unit\u00e9 \nNatura 2000\n-  cong\u00e9s  annuels,  RTT  ,  autorisations  \nsp\u00e9ciales d'absence sauf droit syndical,\n- ME21 et ME22.\nVEDOVATI Bertrand Chef de l'unit\u00e9 \nchasse, espaces \net esp\u00e8ces \nprot\u00e9g\u00e9s\n- cong\u00e9s  annuels  et  RTT,  autorisations \nsp\u00e9ciales d'absence sauf droit syndical,\n- ME19 point A) 1\u00b0 \u00e0 7\u00b0  ; point B) 4\u00b0, 5\u00b0,  \n7\u00b0, 10\u00b0, 11\u00b0, 12\u00b0, 14\u00b0, 15\u00b0, 16\u00b0, 21\u00b0, 24\u00b0 \u00e0  \n29\u00b0\nDIRIBARNE Julien Chef du p\u00f4le \nmilieux \naquatiques\n-  cong\u00e9s  annuels,  RTT,  autorisations  \nsp\u00e9ciales d'absence sauf droit syndical,\n- ME18 points C) et D),\n- ME20.\nBRENIER St\u00e9phanie Adjointe au chef \ndu p\u00f4le milieux \naquatiques et \ncheffe de l'unit\u00e9 \nmilieux et \nressources en eau\n-  cong\u00e9s  annuels,  RTT,  autorisations  \nsp\u00e9ciales d'absence sauf droit syndical,\n- ME18 points C) et D),\n- ME20.\nSTEINE Christophe Chef de l'unit\u00e9 \nassainissement et \npluvial\n-  cong\u00e9s  annuels,  RTT,  autorisations  \nsp\u00e9ciales d'absence sauf droit syndical.\nROULET Ludovic Chef du p\u00f4le \nstrat\u00e9gie et \n-  cong\u00e9s  annuels,  RTT,  autorisations  \nsp\u00e9ciales d'absence sauf droit syndical,\nDirection Departementale des Territoires et de la Mer 13 - 13-2026-02-09-00009 - Arr\u00eat\u00e9 portant d\u00e9l\u00e9gation de signature aux agents de\nla direction d\u00e9partementale des territoires et de la mer des Bouches-du-Rh\u00f4ne 31\nSERVICE NOM PRENOM GRADE ET \nFONCTION\n\u00c9TENDUE DE LA SUBD\u00c9L\u00c9GATION\ngestion du \ndomaine public \nmaritime\n- ME17 pour les points B), C), D), F), G),  \nH) et I).\nMATHY Chlo\u00eb Adjointe au chef \ndu p\u00f4le maritime \net cheffe de \nl'unit\u00e9 activit\u00e9s \nmaritimes\n-  cong\u00e9s  annuels,  RTT,  autorisations  \nsp\u00e9ciales d'absence sauf droit syndical,\n- ME3, ME6, ME7 , ME8, ME11, ME12, ME14, \nME15 et ME16,\n- ME 18 point B).\nALESSANDRA \nBernard\nChef de l'unit\u00e9 \nlittorale\n des affaires \nmaritimes\n- ME14 A).\nLEFEBVRE Sabrina Instructrice \nplaisance / \nnavigation \nprofessionnelle\n- ME14 A), pour la d\u00e9livrance des titres  \nde conduite de navires et bateaux de  \nplaisance \u00e0 moteur.\nPIERRE Pascal Instructeur \nplaisance / \nnavigation \nprofessionnelle\n- ME14 A), pour la d\u00e9livrance des titres  \nde conduite de navires et bateaux de  \nplaisance \u00e0 moteur.\nMission \nConnaissance et \nConseil aux \nTerritoires\n(MCCT)\nPODLEJSKI Corinne Coordinatrice de \nla mission\n-  cong\u00e9s  annuels,  RTT  ,  autorisations \nsp\u00e9ciales d'absence sauf droit syndical; \nordres  de  mission  m\u00e9tropole  ; \nautorisations de conduire,\n- HA5 et HA7 .\nPERON Julien Adjoint \u00e0 la \ncoordinatrice de \nla mission\n-  cong\u00e9s  annuels,  RTT  ,  autorisations \nsp\u00e9ciales d'absence sauf droit syndical; \nordres  de  mission  m\u00e9tropole  ; \nautorisations de conduire,\n-HA5 et HA7 .\nCHARAUD Sylvain Chef du p\u00f4le SIG \net analyse territo-\nriale\n-  cong\u00e9s  annuels,  RTT,  autorisations \nsp\u00e9ciales d'absence sauf droit syndical.\nSOMMERMEYER Luc Adjoint au chef \ndu p\u00f4le SIG et \nanalyse territo-\nriale\n-  cong\u00e9s  annuels,  RTT,  autorisations \nsp\u00e9ciales d'absence sauf droit syndical.\nBARINCOU \nElisabeth\nD\u00e9l\u00e9gu\u00e9e \nterritoriale \nRh\u00f4ne-Alpilles-\n-  cong\u00e9s  annuels,  RTT,  autorisations  \nsp\u00e9ciales d'absence sauf droit syndical ; \nordres  de  mission  m\u00e9tropole  ; \nDirection Departementale des Territoires et de la Mer 13 - 13-2026-02-09-00009 - Arr\u00eat\u00e9 portant d\u00e9l\u00e9gation de signature aux agents de\nla direction d\u00e9partementale des territoires et de la mer des Bouches-du-Rh\u00f4ne 32\nSERVICE NOM PRENOM GRADE ET \nFONCTION\n\u00c9TENDUE DE LA SUBD\u00c9L\u00c9GATION\nDurance autorisations de conduire,\n- HA5.\nDEHAIS Anne-\nClotilde\nR\u00e9f\u00e9rente \nterritoriale\nRh\u00f4ne-Alpilles- \nDurance\n-  cong\u00e9s  annuels,  RTT  ,  autorisations  \nsp\u00e9ciales d'absence sauf droit syndical;  \nordres  de  mission  m\u00e9tropole  ; \nautorisations de conduire,\n- HA5.\nFLORES Gilles D\u00e9l\u00e9gu\u00e9 \nterritorial Salon-\nEtang de Berre\n-  cong\u00e9s  annuels,  RTT,  autorisations  \nsp\u00e9ciales d'absence sauf droit syndical ; \nordres  de  mission  m\u00e9tropole  ;  \nautorisations de conduire,\n- HA5.\nNOGUERA Nathalie R\u00e9f\u00e9rente \nterritoriale Salon-\nEtang de Berre\n-  cong\u00e9s  annuels,  RTT,  autorisations  \nsp\u00e9ciales d'absence sauf droit syndical ; \nordres  de  mission  m\u00e9tropole  ; \nautorisations de conduire,\n- HA5.\nBALAGUER Isabelle D\u00e9l\u00e9gu\u00e9e \nterritoriale Aix-\nVal de Durance\n-  cong\u00e9s  annuels,  RTT,  autorisations  \nsp\u00e9ciales d'absence sauf droit syndical ; \nordres  de  mission  m\u00e9tropole  ; \nautorisations de conduire,\n- HA5.\nBELLONE Laurent R\u00e9f\u00e9rent \nterritorial\nAix-Val de \nDurance\n-  cong\u00e9s  annuels,  RTT,  autorisations  \nsp\u00e9ciales d'absence sauf droit syndical ; \nordres  de  mission  m\u00e9tropole  ; \nautorisations de conduire,\n- HA5.\nDELEERSNYDER \nLaurent\nD\u00e9l\u00e9gu\u00e9 \nterritorial \nMarseille-\nHuveaune\n-  cong\u00e9s  annuels,  RTT,  autorisations  \nsp\u00e9ciales d'absence sauf droit syndical ; \nordres  de  mission  m\u00e9tropole  ; \nautorisations de conduire,\n- HA5.\nCHABRIER Val\u00e9rie R\u00e9f\u00e9rente \nterritoriale\nMarseille-\nHuveaune\n-  cong\u00e9s  annuels,  RTT,  autorisations  \nsp\u00e9ciales d'absence sauf droit syndical ; \nordres  de  mission  m\u00e9tropole  ; \nautorisations de conduire,\n- HA5.\nDirection Departementale des Territoires et de la Mer 13 - 13-2026-02-09-00009 - Arr\u00eat\u00e9 portant d\u00e9l\u00e9gation de signature aux agents de\nla direction d\u00e9partementale des territoires et de la mer des Bouches-du-Rh\u00f4ne 33\nArticle 3\nD\u00e9l\u00e9gation  est  \u00e9galement  accord\u00e9e  aux  cadres  d\u00e9sign\u00e9s  pour  assurer  l'astreinte  de  \ns\u00e9curit\u00e9  g\u00e9n\u00e9rale  afin  de  signer  en  cas  d'urgence  les  autorisations  exceptionnelles  de \ncirculation  vis\u00e9es  dans l'arr\u00eat\u00e9  n\u00b0  13-2026-02-07-00001  du  7  f\u00e9vrier  2026  du  pr\u00e9fet  des  \nBouches-du-Rh\u00f4ne portant d\u00e9l\u00e9gation de signature \u00e0 monsieur Patrick VAUTERIN, directeur  \nd\u00e9partemental interminist\u00e9riel des territoires et de la mer des Bouches-du-Rh\u00f4ne \u00ab code CT1 - \nroutes et circulation routi\u00e8res, point B) n\u00b0 2 b)  : \u00ab Autorisations exceptionnelles de circulation \ndes  v\u00e9hicules  poids  lourds  de  transport  de  marchandises  et  v\u00e9hicules  de  transport  de  \nmati\u00e8res dangereuses \u00bb. \nArticle   4  \nToutes les dispositions ant\u00e9rieures et contraires au pr\u00e9sent arr\u00eat\u00e9 sont abrog\u00e9es. \nArticle 5 \nLe directeur d\u00e9partemental des territoires et de la mer des Bouches-du-Rh\u00f4ne est charg\u00e9  \nde l'ex\u00e9cution du pr\u00e9sent arr\u00eat\u00e9 qui sera publi\u00e9 au recueil des actes administratifs de la  \npr\u00e9fecture des Bouches-du-Rh\u00f4ne.\nFait \u00e0 Marseille, le 9 f\u00e9vrier 2026\nLe directeur d\u00e9partemental des territoires et de la mer,\nSign\u00e9\nPatrick VAUTERIN\nDirection Departementale des Territoires et de la Mer 13 - 13-2026-02-09-00009 - Arr\u00eat\u00e9 portant d\u00e9l\u00e9gation de signature aux agents de\nla direction d\u00e9partementale des territoires et de la mer des Bouches-du-Rh\u00f4ne 34\nDRFIP PACA et des Bouches-du-Rh\u00f4ne \n13-2026-02-12-00003\nD\u00e9l\u00e9gation de signature du SGC de\nBERRE-L'\u00c9tang\nDRFIP PACA et des Bouches-du-Rh\u00f4ne  - 13-2026-02-12-00003 - D\u00e9l\u00e9gation de signature du SGC de BERRE-L'\u00c9tang 35\nExREPUBLIQUEFRAN\u00c7AISELibert\u00e9Egalit\u00e9Fraternit\u00e9\nTtFINANCES PUBLIQUES\nDIRECTION G\u00c9N\u00c9RALE DES FINANCES PUBLIQUES\nDIRECTION R\u00c9GIONALE DES FINANCES PUBLIQUES \nDE PROVENCE-ALPES-COTE D'AZUR \nET DU D\u00c9PARTEMENT DES BOUCHES-DU-RH\u00d4NE\nSERVICE DE GESTION COMPTABLE DE BERRE-L'\u00c9TANG \nD\u00e9l\u00e9gation de signature\nJe soussign\u00e9, le comptable, Dominique TROJANI, Inspecteur Divisionnaire hors classe des Finances publiques,\nresponsable du SGC de BERRE-L'\u00c9TANG,\nVu le d\u00e9cret n\u00b0 2008-310 du 3 avril 2008 relatif \u00e0 la direction g\u00e9n\u00e9rale des Finances publiques ;\nVu le d\u00e9cret n\u00b0 2009-707 du 16 juin 2009 relatif aux services d\u00e9concentr\u00e9s de la direction g\u00e9n\u00e9rale des finances\npubliques ;\nVu le d\u00e9cret n\u00b0 2012-1246 du 7 novembre 2012 relatif \u00e0 la gestion budg\u00e9taire et comptable publique, et notam-\nment son article 16 ;\nVu l'arr\u00eat\u00e9 minist\u00e9riel du 22 d\u00e9cembre 2020 portant ajustement de p\u00e9rim\u00e8tre des services d\u00e9concentr\u00e9s de la\ndirection g\u00e9n\u00e9rale des finances publiques publi\u00e9 au Journal officiel n\u00b0313 du 27 d\u00e9cembre 2020 ;\nVu l'arr\u00eat\u00e9  minist\u00e9riel  du 20 juin 2022 portant ajustement de  p\u00e9rim\u00e8tre des services d\u00e9concentr\u00e9s de  la\ndirection g\u00e9n\u00e9rale des finances publiques publi\u00e9 au Journal officiel n\u00b0147 du 26 juin 2022.\n1/3\nDRFIP PACA et des Bouches-du-Rh\u00f4ne  - 13-2026-02-12-00003 - D\u00e9l\u00e9gation de signature du SGC de BERRE-L'\u00c9tang 36\nD\u00e9cide de donner d\u00e9l\u00e9gation g\u00e9n\u00e9rale de signature \u00e0 :\nMadame Christine FABRE, Inspectrice des Finances publiques, adjointe au comptable,\nD\u00e9cide de lui donner pouvoir :\n- de g\u00e9rer et administrer, pour moi et en mon nom, le SGC de BERRE-L'\u00c9TANG ;\n- d'op\u00e9rer les recettes et d\u00e9penses relatives \u00e0 tous les services, sans exception, de recevoir et de\npayer toutes sommes qui sont ou pourraient \u00eatre l\u00e9gitimement dues, \u00e0 quelque titre que ce soit,\npar tous contribuables, d\u00e9biteurs ou cr\u00e9anciers, des divers services dont la gestion lui est confi\u00e9e,\nd'exercer toutes poursuites, d'acquitter tous mandats et d'exiger la remise des titres, quittances\net pi\u00e8ces justificatives prescrites par les r\u00e8glements, quittances et d\u00e9charges, de fournir tous \u00e9tats\nde situation et toutes autres pi\u00e8ces demand\u00e9es par l'administration ;\n- d'effectuer les d\u00e9clarations de cr\u00e9ances, de signer les bordereaux de d\u00e9claration de cr\u00e9ances et\nd'agir en justice.\nElle re\u00e7oit mandat de me suppl\u00e9er dans l'exercice de mes fonctions et de signer, seul ou concurremment avec\nmoi, tous les actes relatifs \u00e0 ma gestion et aux affaires qui s'y rattachent.\nD\u00e9cide de donner d\u00e9l\u00e9gation sp\u00e9ciale de signature aux personnes d\u00e9sign\u00e9es ci-apr\u00e8s :\n- Monsieur OTON FABIEN , Contr\u00f4leur principal des Finances publiques, re\u00e7oit mandat pour\nsigner et effectuer en mon nom les documents et actes suivants  : tout octroi de d\u00e9lais de\npaiement sur le secteur de moins de 7 mois, y compris avec remise de frais, jusqu'\u00e0 5 000 \u20ac en\nprincipal et 500 \u20ac en frais, ou remise initialement pr\u00e9vue en cas de d\u00e9lais respect\u00e9s, signature\ndes ordres de paiement et des \u00e9tats de versement des subventions  ; en l'absence de Mme\nFabre, visa de toutes les pi\u00e8ces comptables du SGC de BERRE-L'\u00c9TANG ; \n- Monsieur AMIGON BENOIT , Contr\u00f4leur des Finances publiques de premi\u00e8re classe, re\u00e7oit\nmandat pour signer et effectuer en mon nom les documents et actes suivants : tout octroi de\nd\u00e9lais de paiement sur le secteur de moins de 7 mois, y compris avec remise de frais, jusqu'\u00e0\n5 000  \u20ac  en  principal  et  500  \u20ac  en  frais,  ou  remise  initialement  pr\u00e9vue  en  cas  de  d\u00e9lais\nrespect\u00e9s, signature des ordres de paiement et des \u00e9tats de versement des subventions  ; en\nl'absence de Mme Fabre, visa de toutes les pi\u00e8ces comptables du SGC de BERRE-L'\u00c9TANG ; \n- Madame Virginie BUSSAC, Contr\u00f4leur principal des Finances publiques, re\u00e7oit mandat pour\nsigner et effectuer en mon nom les documents et actes suivants  : tout octroi de d\u00e9lais de\npaiement sur le secteur de moins de 7 mois, y compris avec remise de frais, jusqu'\u00e0 5 000 \u20ac en\nprincipal et 500 \u20ac en frais, ou remise initialement pr\u00e9vue en cas de d\u00e9lais respect\u00e9s, signature\ndes ordres de paiement et des \u00e9tats de versement des subventions  ;  en l'absence de Mme\nFabre, visa de toutes les pi\u00e8ces comptables du SGC de BERRE-L'\u00c9TANG ;  \n- Monsieur  ELOY  G\u00e9rald,  Contr\u00f4leur  principal  des  Finances  publiques,  re\u00e7oit  mandat  pour\nsigner et effectuer en mon nom les documents et actes suivants  : tout octroi de d\u00e9lais de\npaiement sur le secteur de moins de 7 mois, y compris avec remise de frais, jusqu'\u00e0 5 000 \u20ac en\n2/3\nDRFIP PACA et des Bouches-du-Rh\u00f4ne  - 13-2026-02-12-00003 - D\u00e9l\u00e9gation de signature du SGC de BERRE-L'\u00c9tang 37\nTtFINANCES PUBLIQUES\nprincipal et 500 \u20ac en frais, ou remise initialement pr\u00e9vue en cas de d\u00e9lais\nrespect\u00e9s, signature des ordres de paiement et des \u00e9tats de versement des subventions  ; en\nl'absence de Mme Fabre, visa de toutes les pi\u00e8ces comptables du SGC de BERRE-L'\u00c9TANG ; \nLe pr\u00e9sent arr\u00eat\u00e9 sera publi\u00e9 au Recueil des Actes Administratifs.\nA BERRE L'ETANG, le 12 f\u00e9vrier 2026\nLe comptable du SGC de  BERRE-L'\u00c9TANG\nSIGNE\nDominique TROJANI\n3/3\nDRFIP PACA et des Bouches-du-Rh\u00f4ne  - 13-2026-02-12-00003 - D\u00e9l\u00e9gation de signature du SGC de BERRE-L'\u00c9tang 38\nPr\u00e9fecture de la R\u00e9gion PACA\n13-2026-02-06-00014\nArr\u00eat\u00e9 pr\u00e9fectoral portant autorisation au titre\nde l'article L.333-3 du Code rural et de la p\u00eache\nmaritime de prise de contr\u00f4le de la SCEA\nREVERTER ET FILLE (GRANS)\nPr\u00e9fecture de la R\u00e9gion PACA - 13-2026-02-06-00014 - Arr\u00eat\u00e9 pr\u00e9fectoral portant autorisation au titre de l'article L.333-3 du Code rural\net de la p\u00eache maritime de prise de contr\u00f4le de la SCEA REVERTER ET FILLE (GRANS) 39\nPREFETDES BOUCHES-DU-RHONELibert\u00e9Egalit\u00e9Fraternit\u00e9\nArr\u00eat\u00e9 pr\u00e9fectoral\nportant autorisation au titre de l'article L. 333-3 du Code rural et de la p\u00eache \nmaritime de prise de contr\u00f4le de la SCEA REVERTER ET FILLE (Grans)\nLe pr\u00e9fet de d\u00e9partement des Bouches-du-Rh\u00f4ne\nVu le Code rural et de la p\u00eache maritime, notamment ses articles L. 333-1 et suivants  \net R. 333-1 et suivants ;\nVu le d\u00e9cret le d\u00e9cret du Pr\u00e9sident de la R\u00e9publique du 19 novembre 2025 nommant  \nM.  Jacques  WITKOWSKI,  en  qualit\u00e9  de  pr\u00e9fet  de  la  r\u00e9gion  Provence-Alpes-C\u00f4te  \nd'Azur, pr\u00e9fet de la zone de d\u00e9fense et de s\u00e9curit\u00e9 Sud, pr\u00e9fet des Bouches-du-\nRh\u00f4ne ;\nVu l'arr\u00eat\u00e9  n\u00b0  13-2026-02-07-00001  du  6  f\u00e9vrier  2026  du  pr\u00e9fet  des  Bouches-du-\nRh\u00f4ne,  portant  d\u00e9l\u00e9gation  de  signature  \u00e0  M.  Patrick  VAUTERIN,  directeur  \nd\u00e9partemental interminist\u00e9riel des territoires et de la mer des Bouches-du-Rh\u00f4ne ;\nVu l'arr\u00eat\u00e9 pr\u00e9fectoral du 13 f\u00e9vrier 2023 fixant le seuil d'agrandissement significatif ;\nVu  la demande d'autorisation au titre de l'article L. 333-3 du Code rural et de la  \np\u00eache maritime pr\u00e9sent\u00e9e par Mme Na\u00efs REVERTER du 13 octobre 2025 ;\nVu l'avis favorable de la soci\u00e9t\u00e9 d'am\u00e9nagement foncier et d'\u00e9tablissement rural de  \nla r\u00e9gion Provence-Alpes-C\u00f4te d'Azur du 12 d\u00e9cembre 2025\u00a0;\nConsid\u00e9rant que la demande d'autorisation concerne une op\u00e9ration qui consiste en  \nla r\u00e9duction du capital social entra\u00eenant un transfert de contr\u00f4le ;\nConsid\u00e9rant que cette op\u00e9ration a pour cons\u00e9quence une prise de contr\u00f4le, au sens  \ndu IV de l'article L. 333-2, de la SCEA REVERTER ET FILLE par Mme Na\u00efs REVERTER, et  \npar la SAS REVERTER dont elle devient l'unique associ\u00e9e ;\nConsid\u00e9rant  que  la  surface  agricole  utile  pond\u00e9r\u00e9e  exploit\u00e9e  ou  d\u00e9tenue  \ndirectement ou indirectement par Mme Na\u00efs REVERTER suite \u00e0 l'op\u00e9ration, sera de  \n508,39 hectares et d\u00e9passera le seuil d'agrandissement significatif r\u00e9gional fix\u00e9 \u00e0  \n127,5 hectares, soit l'\u00e9quivalent de 3,99 seuils d'agrandissement significatif ;\nConsid\u00e9rant  que  la  contribution  apport\u00e9e  par  l'op\u00e9ration  envisag\u00e9e  au  \nd\u00e9veloppement  du  territoire  ou  \u00e0  la  diversit\u00e9  de  ses  syst\u00e8mes  de  production  \nl'emporte sur les atteintes aux objectifs d\u00e9finis \u00e0 l'article L. 333-1, pour les motifs  \nsuivants :\nPr\u00e9fecture de la R\u00e9gion PACA - 13-2026-02-06-00014 - Arr\u00eat\u00e9 pr\u00e9fectoral portant autorisation au titre de l'article L.333-3 du Code rural\net de la p\u00eache maritime de prise de contr\u00f4le de la SCEA REVERTER ET FILLE (GRANS) 40\n- l'op\u00e9ration ne porte pas atteinte aux objectifs de l'acc\u00e8s au foncier pour des  \nprojets d'installation et de consolidation des exploitations, \u00e9tant donn\u00e9 que  \nsur ce secteur, seuls des op\u00e9rateurs mettant en valeur des exploitations de  \ngrande dimension pourraient \u00eatre candidats \u00e0 l'acquisition de vergers ;\n- l'op\u00e9ration  consiste  en  une  transmission  familiale  d'exploitation,  sans  \nagrandissement, ni introduction d'un tiers.\nARR\u00caTE\nArticle premier : L'autorisation n\u00b0 OS 13 25 0061 01 au titre de l'article L. 333-3 du  \nCode rural et de la p\u00eache maritime est accord\u00e9e \u00e0 Mme Na\u00efs REVERTER \u00e0 compter  \nde la date de signature du pr\u00e9sent arr\u00eat\u00e9.\nArticle 2  : Le pr\u00e9sent arr\u00eat\u00e9 sera publi\u00e9 au recueil des actes administratifs de la  \npr\u00e9fecture.\nArticle 3 : Le Secr\u00e9taire g\u00e9n\u00e9ral de la pr\u00e9fecture et le directeur d\u00e9partemental des  \nterritoires et de la mer , chacun en ce qui les concerne, sont charg\u00e9s de l'ex\u00e9cution  \ndu pr\u00e9sent arr\u00eat\u00e9.\nMarseille, le 06/02/26\nPour le Pr\u00e9fet des Bouches-du-Rh\u00f4ne\npar d\u00e9l\u00e9gation,\nLe Directeur adjoint des territoires et \nde la Mer 13,\nsign\u00e9\nCharles VERGOBBI\nPr\u00e9fecture de la R\u00e9gion PACA - 13-2026-02-06-00014 - Arr\u00eat\u00e9 pr\u00e9fectoral portant autorisation au titre de l'article L.333-3 du Code rural\net de la p\u00eache maritime de prise de contr\u00f4le de la SCEA REVERTER ET FILLE (GRANS) 41\nPr\u00e9fecture de police des Bouches-du-Rh\u00f4ne\n13-2026-02-11-00011\nArr\u00eat\u00e9 autorisant la captation et la transmission\nd'images au moyen de cam\u00e9ras install\u00e9es sur des\na\u00e9ronefs le vendredi 13 f\u00e9vrier 2026 \nPr\u00e9fecture de police des Bouches-du-Rh\u00f4ne - 13-2026-02-11-00011 - Arr\u00eat\u00e9 autorisant la captation et la transmission\nd'images au moyen de cam\u00e9ras install\u00e9es sur des a\u00e9ronefs le vendredi 13 f\u00e9vrier 2026 42\nPREFETDES BOUCHES-DU-RHONELibert\u00e9Egalit\u00e9Fraternit\u00e9\nPr\u00e9f\u00e8te de police d\u00e9l\u00e9gu\u00e9e\nArr\u00eat\u00e9 autorisant la captation et la transmission\nd'images au moyen de cam\u00e9ras install\u00e9es sur des a\u00e9ronefs le vendredi 13 f\u00e9vrier 2026 \nLa pr\u00e9f\u00e8te de police d\u00e9l\u00e9gu\u00e9e,\nVu le Code de la s\u00e9curit\u00e9 int\u00e9rieure et notamment ses articles L. 242-1 \u00e0 L. 242-8 et R. 242-\n8 \u00e0 R. 242-14 ;\nVu l'article L. 122-1 du Code de la s\u00e9curit\u00e9 int\u00e9rieure ;\nVu le  d\u00e9cret  n\u00b0  2025-723  du  30  juillet  2025  relatif  aux  pouvoirs  des  pr\u00e9fets,  \u00e0\nl'organisation et \u00e0 l'action des services de l'\u00c9tat dans les r\u00e9gions et d\u00e9partements ;\nVu le d\u00e9cret du Pr\u00e9sident de la R\u00e9publique en date du 19 novembre 2025 portant\nnomination de Monsieur Jacques WITKOWSKI en qualit\u00e9 de pr\u00e9fet de la r\u00e9gion Provence-\nAlpes-C\u00f4te d'Azur, pr\u00e9fet de la zone de d\u00e9fense et de s\u00e9curit\u00e9 Sud, pr\u00e9fet des Bouches-\ndu-Rh\u00f4ne ;\nVu le d\u00e9cret du pr\u00e9sident de la R\u00e9publique du 17 juillet 2025 portant nomination de Mme\nCorinne SIMON en qualit\u00e9 de pr\u00e9f\u00e8te de police d\u00e9l\u00e9gu\u00e9e aupr\u00e8s du pr\u00e9fet des Bouches-\ndu-Rh\u00f4ne ;\nVu le d\u00e9cret du pr\u00e9sident de la R\u00e9publique du 31 juillet 2025 portant nomination de Mme\nLola MENAHEM en qualit\u00e9 de sous-pr\u00e9f\u00e8te, directrice de cabinet de la pr\u00e9f\u00e8te de police\nd\u00e9l\u00e9gu\u00e9e aupr\u00e8s du pr\u00e9fet des Bouches-du-Rh\u00f4ne ;\nVu le d\u00e9cret du pr\u00e9sident de la R\u00e9publique du 23 septembre 2025 portant nomination de\nM. Pierre GILARDEAU en qualit\u00e9 de sous-pr\u00e9fet, directeur de cabinet adjoint de la pr\u00e9f\u00e8te\nde police d\u00e9l\u00e9gu\u00e9e aupr\u00e8s du pr\u00e9fet des Bouches-du-Rh\u00f4ne ;\nVu l'arr\u00eat\u00e9 pr\u00e9fectoral du 1 er d\u00e9cembre 2025 donnant d\u00e9l\u00e9gation de signature \u00e0 Mme\nCorinne SIMON, pr\u00e9f\u00e8te de police d\u00e9l\u00e9gu\u00e9e aupr\u00e8s du pr\u00e9fet des Bouches-du-Rh\u00f4ne ainsi\nqu'\u00e0 Mme Lola MENAHEM, sous-pr\u00e9f\u00e8te, directrice de cabinet de la pr\u00e9f\u00e8te de police\nd\u00e9l\u00e9gu\u00e9e et  de  M.  Pierre  GILARDEAU  en  qualit\u00e9  de  sous-pr\u00e9fet,  directeur  de  cabinet\nadjoint de la pr\u00e9f\u00e8te de police d\u00e9l\u00e9gu\u00e9e ;\nVu l'arr\u00eat\u00e9 du ministre de l'Int\u00e9rieur et des outre-mer, en date du 19 avril 2023 relatif au\nnombre maximal de cam\u00e9ras install\u00e9es sur des a\u00e9ronefs pouvant \u00eatre simultan\u00e9ment\nutilis\u00e9es dans chaque d\u00e9partement et collectivit\u00e9 d'outre-mer ;\nVu la demande en date du 10 f\u00e9vrier 2026, form\u00e9e par la Direction Interd\u00e9partementale\nde la Police Nationale des Bouches-du-Rh\u00f4ne , visant \u00e0 obtenir l'autorisation de capter et\nde transmettre des images au moyen de deux cam\u00e9ras install\u00e9es sur un a\u00e9ronef sans\n\u00e9quipage \u00e0 bord aux fins d'assurer la pr\u00e9vention des atteintes \u00e0 la s\u00e9curit\u00e9 des personnes\net des biens, la s\u00e9curit\u00e9 des rassemblements et la r\u00e9gulation des flux de transport dans le\ncadre du d\u00e9placement pr\u00e9vu le 13 f\u00e9vrier 2026 \u00e0 Marseille de Monsieur le Ministre de\nl'Int\u00e9rieur et des Outre-mer ;\nPr\u00e9fecture de police des Bouches-du-Rh\u00f4ne - 13-2026-02-11-00011 - Arr\u00eat\u00e9 autorisant la captation et la transmission\nd'images au moyen de cam\u00e9ras install\u00e9es sur des a\u00e9ronefs le vendredi 13 f\u00e9vrier 2026 43\nConsid\u00e9rant que les dispositions susvis\u00e9es permettent aux forces de s\u00e9curit\u00e9 int\u00e9rieure,\ndans  l'exercice  de  leurs  missions  de  pr\u00e9vention  des  atteintes  \u00e0  l'ordre  public  et  de\nprotection de la s\u00e9curit\u00e9 des personnes et des biens, de proc\u00e9der \u00e0 la captation et \u00e0 la\ntransmission d'images au moyen de cam\u00e9ras install\u00e9es sur des a\u00e9ronefs aux fins d'assurer\nla s\u00e9curit\u00e9 des personnes et des biens  ; que notamment, le 1\u00b0 de l'article L.  242-5 susvis\u00e9\npr\u00e9voit que ces dispositifs peuvent \u00eatre mis en \u0153uvre aux fins de pr\u00e9venir les atteintes \u00e0\nla s\u00e9curit\u00e9 des personnes et des biens dans des lieux particuli\u00e8rement expos\u00e9s, en raison\nde leurs caract\u00e9ristiques ou des faits qui s'y sont d\u00e9j\u00e0 d\u00e9roul\u00e9s, \u00e0 des risques d'agression,\nde vols ou de trafics d'armes, d'\u00eatres humains ou de stup\u00e9fiants ainsi que la protection\ndes b\u00e2timents et installations publiques et priv\u00e9s et de leurs abords imm\u00e9diats, lorsqu'ils\nsont particuli\u00e8rement expos\u00e9s \u00e0 des risques d'intrusion ou de d\u00e9gradation ;\nConsid\u00e9rant que le 2\u00b0 de l'article L.242-5 pr\u00e9voit que ces dispositifs peuvent \u00eatre mis en\n\u0153uvre afin de s\u00e9curiser les rassemblements de personnes sur la voie publique ou dans des\nlieux ouverts au public ainsi que l'appui des personnels au sol, en vue de leur permettre\nde maintenir ou de r\u00e9tablir l'ordre public, lorsque ces rassemblements sont susceptibles\nd'entra\u00eener des troubles graves \u00e0 l'ordre public; que le 4\u00b0 de l'article susmentionn\u00e9 pr\u00e9voit\nque ces dispositifs peuvent \u00eatre mis en \u0153uvre pour la r\u00e9gulation des flux de transport,\naux seules fins du maintien de l'ordre et de la s\u00e9curit\u00e9 publique ;\nConsid\u00e9rant que le 13 f\u00e9vrier 2026, Monsieur le Ministre de l'Int\u00e9rieur et des Outre-mer se\nd\u00e9placera  \u00e0  Marseille  ;  que  cet  \u00e9v\u00e9nement  m\u00e9diatique  et  sensible  est  susceptible\nd'occasionner  un  trouble  important  de  l'ordre  public  en  opposition  \u00e0  la  politique\ngouvernementale ; que les diff\u00e9rents sites concern\u00e9s n\u00e9cessitent un dispositif cons\u00e9quent\ndes  forces  de  s\u00e9curit\u00e9  int\u00e9rieure  afin  de  garantir  l'int\u00e9grit\u00e9  physique  des  personnes\npr\u00e9sentes ;\nConsid\u00e9rant  que  l'utilisation de dispositifs de captations d'image est rendue n\u00e9cessaire\npour la pr\u00e9servation de la s\u00e9curit\u00e9 des biens, des personnes ainsi que des rassemblements\npr\u00e9visibles ;\nConsid\u00e9rant que l'a\u00e9ronef n'effectue aucune mission en dessous de 60 m\u00e8tres de hauteur\npour des raisons d'efficacit\u00e9, de discr\u00e9tion, de s\u00e9curit\u00e9 et de non perturbation du signal\nradio ; que par cons\u00e9quent le survol s'effectue syst\u00e9matiquement largement au-dessus\ndes toits des immeubles se situant aux abords, ne permettant pas ainsi une captation\nd'images \u00e0 l'int\u00e9rieur des habitations ;\nConsid\u00e9rant l'int\u00e9r\u00eat pour les forces de l'ordre de disposer d'une vision en grand angle au\nregard de la configuration des lieux et notamment des points hauts d'o\u00f9 peuvent \u00eatre\nenvoy\u00e9s des projectiles, le recours aux dispositifs de captation install\u00e9s sur des a\u00e9ronefs\nest n\u00e9cessaire et adapt\u00e9  ; qu'il n'existe pas de dispositif moins intrusif permettant de\nparvenir aux m\u00eame fins ;\nConsid\u00e9rant que la demande porte sur l'engagement de deux cam\u00e9ras a\u00e9roport\u00e9es sur\nune p\u00e9riode d'un jour et sur une amplitude horaire comprise le 13 f\u00e9vrier 2026 de 11h00 \u00e0\n15h00  ;  que  les  lieux  surveill\u00e9s  sont  strictement  limit\u00e9s  au  p\u00e9rim\u00e8tre  concern\u00e9  par  les\nd\u00e9placements des personnalit\u00e9s officielles aux fins de pr\u00e9servation de l'ordre public ;\nConsid\u00e9rant qu'il peut \u00eatre d\u00e9rog\u00e9 \u00e0 l'obligation d'information du public concernant\nl'emploi des cam\u00e9ras install\u00e9es sur des a\u00e9ronefs dans les cas o\u00f9 cette information entre\nen contradiction avec les objectifs poursuivis parmi la finalit\u00e9 relative \u00e0 la pr\u00e9vention des\natteintes \u00e0 la s\u00e9curit\u00e9 des personnes et des biens, mentionn\u00e9e au 1\u00b0 de l'article R. 242-8  ;\nqu'en l'esp\u00e8ce, une information du public pourrait mettre en danger les fonctionnaires de\npolice patrouillant ou intervenant \u00e0 proximit\u00e9 et rendrait inefficace l'emploi du moyen\nPr\u00e9fecture de police des Bouches-du-Rh\u00f4ne - 13-2026-02-11-00011 - Arr\u00eat\u00e9 autorisant la captation et la transmission\nd'images au moyen de cam\u00e9ras install\u00e9es sur des a\u00e9ronefs le vendredi 13 f\u00e9vrier 2026 44\nenvisag\u00e9  de  captation  d'images ;  que  dans  ces  conditions,  seule  une  publication  du\npr\u00e9sent arr\u00eat\u00e9 au recueil des actes administratifs sera effectu\u00e9e ;\nConsid\u00e9rant  que la persistance de la menace terroriste a un niveau \u00e9lev\u00e9 sollicite tr\u00e8s\nfortement  les  forces  de  s\u00e9curit\u00e9  int\u00e9rieure  dans  le  cadre  de  la  posture  \u00ab  Urgence\nAttentat \u00bb du plan VIGIPIRATE, en vigueur sur l'ensemble du territoire national depuis le\n24 mars 2024 ;\nConsid\u00e9rant l'int\u00e9r\u00eat pour les forces de l'ordre de disposer d'une vision en grand angle\nafin d'avoir une vue d'ensemble des axes de circulation afin de g\u00e9rer au mieux les flux de\ntransports qui seront importants et ainsi pouvoir assurer une s\u00e9curisation globale de ces\nrassemblements, tout en limitant l'engagement des forces au sol, le recours aux dispositifs\nde captation install\u00e9s sur des a\u00e9ronefs est n\u00e9cessaire et adapt\u00e9  ; qu'il n'existe pas de\ndispositif moins intrusif permettant de parvenir aux m\u00eames fins ;\nARR\u00caTE\nArticle 1 \u2013 La captation et la transmission d'images, par la Direction Interd\u00e9partementale\nde la Police Nationale des Bouches-du-Rh\u00f4ne, sont autoris\u00e9es le 13 f\u00e9vrier 2026 de 11h00 \u00e0\n15h00.\nArticle  2  \u2013  Le  nombre  maximal  de  cam\u00e9ras  pouvant  proc\u00e9der  simultan\u00e9ment  aux\ntraitements mentionn\u00e9s \u00e0 l'article 1 er est fix\u00e9 \u00e0 deux, install\u00e9e sur un drone \u00ab  DJI mod\u00e8le\nMAVIC 3T et/ou MATRICE 4T et/ou MAVIC 2 ENTERPRISE ADVANCED \u00bb.\nArticle         3   \u2013 La pr\u00e9sente autorisation est limit\u00e9e au sein d'un p\u00e9rim\u00e8tre compris entre  :\n1. Boulevard des Dames  ;\n2. Place Jules Guesdes  ;\n3. Boulevard Charles N\u00e9delec  ;\n4. Boulevard Maurice Bourdet  ;\n5. Place des Marseillais  ;\n6. Boulevard d'Ath\u00e8nes  ;\n7. La Canebi\u00e8re  ;\n8. Rue de la R\u00e9publique;\n9. Avenue du G\u00e9n\u00e9ral Leclerc  ;\n10. Rue Fauchier  ;\nArticle 4 \u2013 La mission se fera \u00e0 partir d'une altitude sup\u00e9rieure \u00e0 60 m\u00e8tres afin d'assurer le\ndroit au respect de la vie priv\u00e9e des habitations se trouvant dans le p\u00e9rim\u00e8tre de survol\npr\u00e9vu par le pr\u00e9sent arr\u00eat\u00e9.\nArticle 5 \u2013 Le registre mentionn\u00e9 \u00e0 l'article L 242-4 du Code de la s\u00e9curit\u00e9 int\u00e9rieure sera\ntransmis au pr\u00e9fet de police, \u00e0 l'issue de la p\u00e9riode d'autorisation.\nArticle   6       \u2013  Le  pr\u00e9sent  arr\u00eat\u00e9  peut  faire  l'objet  d'un  recours  contentieux  aupr\u00e8s  du\ntribunal administratif de Marseille, sis 31 Rue Jean Fran\u00e7ois Leca, 13002 MARSEILLE, dans\nun  d\u00e9lai  de  deux  mois  \u00e0  compter  de  sa  publication  ou  au  moyen  de  l'application\n\u00ab T\u00e9l\u00e9recours citoyen  \u00bb (https://www.telerecours.fr).\nPr\u00e9fecture de police des Bouches-du-Rh\u00f4ne - 13-2026-02-11-00011 - Arr\u00eat\u00e9 autorisant la captation et la transmission\nd'images au moyen de cam\u00e9ras install\u00e9es sur des a\u00e9ronefs le vendredi 13 f\u00e9vrier 2026 45\nArticle 7 \u2013 Le Directeur Interd\u00e9partemental de la Police Nationale des Bouches-du-Rh\u00f4ne ,\nest  charg\u00e9  de  l'ex\u00e9cution  du  pr\u00e9sent  arr\u00eat\u00e9  qui  sera  publi\u00e9  au  recueil  des  actes\nadministratifs des services de l'\u00c9tat dans les Bouches-du-Rh\u00f4ne.\nMarseille, le 11 f\u00e9vrier 2026               \n            \n                                                                 Pour la pr\u00e9f\u00e8te de police d\u00e9l\u00e9gu\u00e9e,\nla directrice de cabinet et par d\u00e9l\u00e9gation\nSign\u00e9\n                                                                           Lola MENAHEM\nPr\u00e9fecture de police des Bouches-du-Rh\u00f4ne - 13-2026-02-11-00011 - Arr\u00eat\u00e9 autorisant la captation et la transmission\nd'images au moyen de cam\u00e9ras install\u00e9es sur des a\u00e9ronefs le vendredi 13 f\u00e9vrier 2026 46\nPr\u00e9fecture de police des Bouches-du-Rh\u00f4ne\n13-2026-02-11-00012\nArr\u00eat\u00e9 autorisant la captation et la transmission\nd'images au moyen de cam\u00e9ras install\u00e9es sur des\na\u00e9ronefs le vendredi 13 f\u00e9vrier 2026 \nPr\u00e9fecture de police des Bouches-du-Rh\u00f4ne - 13-2026-02-11-00012 - Arr\u00eat\u00e9 autorisant la captation et la transmission\nd'images au moyen de cam\u00e9ras install\u00e9es sur des a\u00e9ronefs le vendredi 13 f\u00e9vrier 2026 47\nPREFETDES BOUCHES-DU-RHONELibert\u00e9Egalit\u00e9Fraternit\u00e9\nPr\u00e9f\u00e8te de police d\u00e9l\u00e9gu\u00e9e\nArr\u00eat\u00e9 autorisant la captation et la transmission\nd'images au moyen de cam\u00e9ras install\u00e9es sur des a\u00e9ronefs le vendredi 13 f\u00e9vrier 2026 \nLa pr\u00e9f\u00e8te de police d\u00e9l\u00e9gu\u00e9e,\nVu le Code de la s\u00e9curit\u00e9 int\u00e9rieure et notamment ses articles L. 242-1 \u00e0 L. 242-8 et R. 242-\n8 \u00e0 R. 242-14 ;\nVu l'article L. 122-1 du Code de la s\u00e9curit\u00e9 int\u00e9rieure ;\nVu le  d\u00e9cret  n\u00b0  2025-723  du  30  juillet  2025  relatif  aux  pouvoirs  des  pr\u00e9fets,  \u00e0\nl'organisation et \u00e0 l'action des services de l'\u00c9tat dans les r\u00e9gions et d\u00e9partements ;\nVu le d\u00e9cret du Pr\u00e9sident de la R\u00e9publique en date du 19 novembre 2025 portant\nnomination de Monsieur Jacques WITKOWSKI en qualit\u00e9 de pr\u00e9fet de la r\u00e9gion Provence-\nAlpes-C\u00f4te d'Azur, pr\u00e9fet de la zone de d\u00e9fense et de s\u00e9curit\u00e9 Sud, pr\u00e9fet des Bouches-\ndu-Rh\u00f4ne ;\nVu le d\u00e9cret du pr\u00e9sident de la R\u00e9publique du 17 juillet 2025 portant nomination de Mme\nCorinne SIMON en qualit\u00e9 de pr\u00e9f\u00e8te de police d\u00e9l\u00e9gu\u00e9e aupr\u00e8s du pr\u00e9fet des Bouches-\ndu-Rh\u00f4ne ;\nVu le d\u00e9cret du pr\u00e9sident de la R\u00e9publique du 31 juillet 2025 portant nomination de Mme\nLola MENAHEM en qualit\u00e9 de sous-pr\u00e9f\u00e8te, directrice de cabinet de la pr\u00e9f\u00e8te de police\nd\u00e9l\u00e9gu\u00e9e aupr\u00e8s du pr\u00e9fet des Bouches-du-Rh\u00f4ne ;\nVu le d\u00e9cret du pr\u00e9sident de la R\u00e9publique du 23 septembre 2025 portant nomination de\nM. Pierre GILARDEAU en qualit\u00e9 de sous-pr\u00e9fet, directeur de cabinet adjoint de la pr\u00e9f\u00e8te\nde police d\u00e9l\u00e9gu\u00e9e aupr\u00e8s du pr\u00e9fet des Bouches-du-Rh\u00f4ne ;\nVu l'arr\u00eat\u00e9 pr\u00e9fectoral du 1 er d\u00e9cembre 2025 donnant d\u00e9l\u00e9gation de signature \u00e0 Mme\nCorinne SIMON, pr\u00e9f\u00e8te de police d\u00e9l\u00e9gu\u00e9e aupr\u00e8s du pr\u00e9fet des Bouches-du-Rh\u00f4ne ainsi\nqu'\u00e0 Mme Lola MENAHEM, sous-pr\u00e9f\u00e8te, directrice de cabinet de la pr\u00e9f\u00e8te de police\nd\u00e9l\u00e9gu\u00e9e et  de  M.  Pierre  GILARDEAU  en  qualit\u00e9  de  sous-pr\u00e9fet,  directeur  de  cabinet\nadjoint de la pr\u00e9f\u00e8te de police d\u00e9l\u00e9gu\u00e9e ;\nVu l'arr\u00eat\u00e9 du ministre de l'Int\u00e9rieur et des outre-mer, en date du 19 avril 2023 relatif au\nnombre maximal de cam\u00e9ras install\u00e9es sur des a\u00e9ronefs pouvant \u00eatre simultan\u00e9ment\nutilis\u00e9es dans chaque d\u00e9partement et collectivit\u00e9 d'outre-mer ;\nVu la demande en date du 10 f\u00e9vrier 2026, form\u00e9e par la Direction Interd\u00e9partementale\nde la Police Nationale des Bouches-du-Rh\u00f4ne , visant \u00e0 obtenir l'autorisation de capter et\nde transmettre des images au moyen de deux cam\u00e9ras install\u00e9es sur un a\u00e9ronef sans\n\u00e9quipage \u00e0 bord aux fins d'assurer la pr\u00e9vention des atteintes \u00e0 la s\u00e9curit\u00e9 des personnes\net des biens, la s\u00e9curit\u00e9 des rassemblements et la r\u00e9gulation des flux de transport dans le\ncadre du d\u00e9placement pr\u00e9vu le 13 f\u00e9vrier 2026 \u00e0 Marseille de Monsieur le Ministre de\nl'Int\u00e9rieur et des Outre-mer ;\nPr\u00e9fecture de police des Bouches-du-Rh\u00f4ne - 13-2026-02-11-00012 - Arr\u00eat\u00e9 autorisant la captation et la transmission\nd'images au moyen de cam\u00e9ras install\u00e9es sur des a\u00e9ronefs le vendredi 13 f\u00e9vrier 2026 48\nConsid\u00e9rant que les dispositions susvis\u00e9es permettent aux forces de s\u00e9curit\u00e9 int\u00e9rieure,\ndans  l'exercice  de  leurs  missions  de  pr\u00e9vention  des  atteintes  \u00e0  l'ordre  public  et  de\nprotection de la s\u00e9curit\u00e9 des personnes et des biens, de proc\u00e9der \u00e0 la captation et \u00e0 la\ntransmission d'images au moyen de cam\u00e9ras install\u00e9es sur des a\u00e9ronefs aux fins d'assurer\nla s\u00e9curit\u00e9 des personnes et des biens  ; que notamment, le 1\u00b0 de l'article L.  242-5 susvis\u00e9\npr\u00e9voit que ces dispositifs peuvent \u00eatre mis en \u0153uvre aux fins de pr\u00e9venir les atteintes \u00e0\nla s\u00e9curit\u00e9 des personnes et des biens dans des lieux particuli\u00e8rement expos\u00e9s, en raison\nde leurs caract\u00e9ristiques ou des faits qui s'y sont d\u00e9j\u00e0 d\u00e9roul\u00e9s, \u00e0 des risques d'agression,\nde vols ou de trafics d'armes, d'\u00eatres humains ou de stup\u00e9fiants ainsi que la protection\ndes b\u00e2timents et installations publiques et priv\u00e9s et de leurs abords imm\u00e9diats, lorsqu'ils\nsont particuli\u00e8rement expos\u00e9s \u00e0 des risques d'intrusion ou de d\u00e9gradation ;\nConsid\u00e9rant que le 2\u00b0 de l'article L.242-5 pr\u00e9voit que ces dispositifs peuvent \u00eatre mis en\n\u0153uvre afin de s\u00e9curiser les rassemblements de personnes sur la voie publique ou dans des\nlieux ouverts au public ainsi que l'appui des personnels au sol, en vue de leur permettre\nde maintenir ou de r\u00e9tablir l'ordre public, lorsque ces rassemblements sont susceptibles\nd'entra\u00eener des troubles graves \u00e0 l'ordre public; que le 4\u00b0 de l'article susmentionn\u00e9 pr\u00e9voit\nque ces dispositifs peuvent \u00eatre mis en \u0153uvre pour la r\u00e9gulation des flux de transport,\naux seules fins du maintien de l'ordre et de la s\u00e9curit\u00e9 publique ;\nConsid\u00e9rant que le 13 f\u00e9vrier 2026, Monsieur le Ministre de l'Int\u00e9rieur et des Outre-mer se\nd\u00e9placera  \u00e0  Marseille  ;  que  cet  \u00e9v\u00e9nement  m\u00e9diatique  et  sensible  est  susceptible\nd'occasionner  un  trouble  important  de  l'ordre  public  en  opposition  \u00e0  la  politique\ngouvernementale ; que les diff\u00e9rents sites concern\u00e9s n\u00e9cessitent un dispositif cons\u00e9quent\ndes  forces  de  s\u00e9curit\u00e9  int\u00e9rieure  afin  de  garantir  l'int\u00e9grit\u00e9  physique  des  personnes\npr\u00e9sentes ;\nConsid\u00e9rant  que  l'utilisation de dispositifs de captations d'image est rendue n\u00e9cessaire\npour la pr\u00e9servation de la s\u00e9curit\u00e9 des biens, des personnes ainsi que des rassemblements\npr\u00e9visibles ;\nConsid\u00e9rant que l'a\u00e9ronef n'effectue aucune mission en dessous de 60 m\u00e8tres de hauteur\npour des raisons d'efficacit\u00e9, de discr\u00e9tion, de s\u00e9curit\u00e9 et de non perturbation du signal\nradio ; que par cons\u00e9quent le survol s'effectue syst\u00e9matiquement largement au-dessus\ndes toits des immeubles se situant aux abords, ne permettant pas ainsi une captation\nd'images \u00e0 l'int\u00e9rieur des habitations ;\nConsid\u00e9rant l'int\u00e9r\u00eat pour les forces de l'ordre de disposer d'une vision en grand angle au\nregard de la configuration des lieux et notamment des points hauts d'o\u00f9 peuvent \u00eatre\nenvoy\u00e9s des projectiles, le recours aux dispositifs de captation install\u00e9s sur des a\u00e9ronefs\nest n\u00e9cessaire et adapt\u00e9  ; qu'il n'existe pas de dispositif moins intrusif permettant de\nparvenir aux m\u00eame fins ;\nConsid\u00e9rant que la demande porte sur l'engagement de deux cam\u00e9ras a\u00e9roport\u00e9es sur\nune p\u00e9riode d'un jour et sur une amplitude horaire comprise le 13 f\u00e9vrier 2026 de 11h00 \u00e0\n15h00  ;  que  les  lieux  surveill\u00e9s  sont  strictement  limit\u00e9s  au  p\u00e9rim\u00e8tre  concern\u00e9  par  les\nd\u00e9placements des personnalit\u00e9s officielles aux fins de pr\u00e9servation de l'ordre public ;\nConsid\u00e9rant qu'il peut \u00eatre d\u00e9rog\u00e9 \u00e0 l'obligation d'information du public concernant\nl'emploi des cam\u00e9ras install\u00e9es sur des a\u00e9ronefs dans les cas o\u00f9 cette information entre\nen contradiction avec les objectifs poursuivis parmi la finalit\u00e9 relative \u00e0 la pr\u00e9vention des\natteintes \u00e0 la s\u00e9curit\u00e9 des personnes et des biens, mentionn\u00e9e au 1\u00b0 de l'article R. 242-8  ;\nqu'en l'esp\u00e8ce, une information du public pourrait mettre en danger les fonctionnaires de\npolice patrouillant ou intervenant \u00e0 proximit\u00e9 et rendrait inefficace l'emploi du moyen\nPr\u00e9fecture de police des Bouches-du-Rh\u00f4ne - 13-2026-02-11-00012 - Arr\u00eat\u00e9 autorisant la captation et la transmission\nd'images au moyen de cam\u00e9ras install\u00e9es sur des a\u00e9ronefs le vendredi 13 f\u00e9vrier 2026 49\nenvisag\u00e9  de  captation  d'images ;  que  dans  ces  conditions,  seule  une  publication  du\npr\u00e9sent arr\u00eat\u00e9 au recueil des actes administratifs sera effectu\u00e9e ;\nConsid\u00e9rant  que la persistance de la menace terroriste a un niveau \u00e9lev\u00e9 sollicite tr\u00e8s\nfortement  les  forces  de  s\u00e9curit\u00e9  int\u00e9rieure  dans  le  cadre  de  la  posture  \u00ab  Urgence\nAttentat \u00bb du plan VIGIPIRATE, en vigueur sur l'ensemble du territoire national depuis le\n24 mars 2024 ;\nConsid\u00e9rant l'int\u00e9r\u00eat pour les forces de l'ordre de disposer d'une vision en grand angle\nafin d'avoir une vue d'ensemble des axes de circulation afin de g\u00e9rer au mieux les flux de\ntransports qui seront importants et ainsi pouvoir assurer une s\u00e9curisation globale de ces\nrassemblements, tout en limitant l'engagement des forces au sol, le recours aux dispositifs\nde captation install\u00e9s sur des a\u00e9ronefs est n\u00e9cessaire et adapt\u00e9  ; qu'il n'existe pas de\ndispositif moins intrusif permettant de parvenir aux m\u00eames fins ;\nARR\u00caTE\nArticle 1 \u2013 La captation et la transmission d'images, par la Direction Interd\u00e9partementale\nde la Police Nationale des Bouches-du-Rh\u00f4ne, sont autoris\u00e9es le 13 f\u00e9vrier 2026 de 09h00 \u00e0\n12h00.\nArticle  2  \u2013  Le  nombre  maximal  de  cam\u00e9ras  pouvant  proc\u00e9der  simultan\u00e9ment  aux\ntraitements mentionn\u00e9s \u00e0 l'article 1 er est fix\u00e9 \u00e0 deux, install\u00e9e sur un drone \u00ab  DJI mod\u00e8le\nMAVIC 3T, MATRICE 4T et/ou MAVIC 2 ENTERPRISE ADVANCED \u00bb.\nArticle         3   \u2013 La pr\u00e9sente autorisation est limit\u00e9e au sein d'un p\u00e9rim\u00e8tre compris entre  :\n1. Avenue Proper M\u00e9rim\u00e9e  ;\n2. Avenue Alexandre Ansaldi  ;\n3. Boulevard Anatole de la Forge  ;\n4. rue des Gardians  ;\n5. rue Fran\u00e7oise Ega  ;\n6. Boulevard Charles Mattei  ;\n7. Avenue Salvador Allende  ;\n8. Avenue Raimu \u00e0 Marseille 14 e arrondissement.\nArticle 4 \u2013 La mission se fera \u00e0 partir d'une altitude sup\u00e9rieure \u00e0 60 m\u00e8tres afin d'assurer le\ndroit au respect de la vie priv\u00e9e des habitations se trouvant dans le p\u00e9rim\u00e8tre de survol\npr\u00e9vu par le pr\u00e9sent arr\u00eat\u00e9.\nArticle 5 \u2013 Le registre mentionn\u00e9 \u00e0 l'article L 242-4 du Code de la s\u00e9curit\u00e9 int\u00e9rieure sera\ntransmis au pr\u00e9fet de police, \u00e0 l'issue de la p\u00e9riode d'autorisation.\nArticle   6       \u2013  Le  pr\u00e9sent  arr\u00eat\u00e9  peut  faire  l'objet  d'un  recours  contentieux  aupr\u00e8s  du\ntribunal administratif de Marseille, sis 31 Rue Jean Fran\u00e7ois Leca, 13002 MARSEILLE, dans\nun  d\u00e9lai  de  deux  mois  \u00e0  compter  de  sa  publication  ou  au  moyen  de  l'application\n\u00ab T\u00e9l\u00e9recours citoyen  \u00bb (https://www.telerecours.fr).\nPr\u00e9fecture de police des Bouches-du-Rh\u00f4ne - 13-2026-02-11-00012 - Arr\u00eat\u00e9 autorisant la captation et la transmission\nd'images au moyen de cam\u00e9ras install\u00e9es sur des a\u00e9ronefs le vendredi 13 f\u00e9vrier 2026 50\nArticle 7 \u2013 Le Directeur Interd\u00e9partemental de la Police Nationale des Bouches-du-Rh\u00f4ne ,\nest  charg\u00e9  de  l'ex\u00e9cution  du  pr\u00e9sent  arr\u00eat\u00e9  qui  sera  publi\u00e9  au  recueil  des  actes\nadministratifs des services de l'\u00c9tat dans les Bouches-du-Rh\u00f4ne.\nMarseille, le 11 f\u00e9vrier 2026               \n            \n                                                                 Pour la pr\u00e9f\u00e8te de police d\u00e9l\u00e9gu\u00e9e,\nla directrice de cabinet et par d\u00e9l\u00e9gation\nSign\u00e9\n                                                                           Lola MENAHEM\nPr\u00e9fecture de police des Bouches-du-Rh\u00f4ne - 13-2026-02-11-00012 - Arr\u00eat\u00e9 autorisant la captation et la transmission\nd'images au moyen de cam\u00e9ras install\u00e9es sur des a\u00e9ronefs le vendredi 13 f\u00e9vrier 2026 51\nPr\u00e9fecture des Bouches-du-Rhone\n13-2026-02-11-00015\nARR\u00caT\u00c9 du 11 FEVRIER 2026\nportant modification de l'habilitation N\u00b0\n24-13-0534 de l'\u00e9tablissement secondaire de la\nSAS d\u00e9nomm\u00e9e  \u00ab\u00a0OGF - SERVICES FUNERAIRES\n\u00bb, exploit\u00e9 sous le nom commercial\n\u00ab POMPES FUNEBRES DE CASSIS\u00a0\u00bb sis \u00e0 CASSIS\n(13260) dans le domaine fun\u00e9raire\nPr\u00e9fecture des Bouches-du-Rhone - 13-2026-02-11-00015 - ARR\u00caT\u00c9 du 11 FEVRIER 2026\nportant modification de l'habilitation N\u00b0 24-13-0534 de l'\u00e9tablissement secondaire de la SAS d\u00e9nomm\u00e9e  \u00ab\u00a0OGF - SERVICES\nFUNERAIRES \u00bb, exploit\u00e9 sous le nom commercial\n\u00ab POMPES FUNEBRES DE CASSIS\u00a0\u00bb sis \u00e0 CASSIS (13260) dans le domaine fun\u00e9raire\n52\nPREFETDES BOUCHES-DU-RHONELibert\u00e9Egalit\u00e9Fraternit\u00e9\nDIRECTION DE LA CITOYENNETE\nDE LA LEGALITE ET DE L'ENVIRONNEMENT\nBureau des \u00e9lections et de la r\u00e9glementation\nDCLE/BER/FUN/BC/2026/RAA N\u00b0                            \nARR\u00caT\u00c9 du 11 FEVRIER 2026\nportant modification de l'habilitation N\u00b0 24-13-0534 de l'\u00e9tablissement secondaire de la SAS \nd\u00e9nomm\u00e9e  \u00ab OGF - SERVICES FUNERAIRES \u00bb, exploit\u00e9 sous le nom commercial\n\u00ab POMPES FUNEBRES DE CASSIS \u00bb sis \u00e0 CASSIS (13260)\ndans le domaine fun\u00e9raire\n \n        Le pr\u00e9fet de la r\u00e9gion Provence-Alpes-C\u00f4te d'Azur\n         pr\u00e9fet de la zone de d\u00e9fense et de s\u00e9curit\u00e9 Sud\n                       pr\u00e9fet des Bouches-du-Rh\u00f4ne\nVu le code g\u00e9n\u00e9ral des collectivit\u00e9s territoriales (CGCT), notamment les articles L2223-19 et  L2223-\n23 ;\nVu la loi n\u00b02008-1350 du 19 d\u00e9cembre 2008 relative \u00e0 la l\u00e9gislation fun\u00e9raire ;\nVu l'ordonnance n\u00b0 2005-855 du 28 juillet 2005 relative aux op\u00e9rations fun\u00e9raires, notamment l'article \n1 - \u00a7 IV ;\nVu le d\u00e9cret n\u00b0 2004-374 du 29 avril 2004 relatif aux pouvoirs des pr\u00e9fets, \u00e0 l'organisation et \u00e0 l'action  \ndes services de l'Etat dans les r\u00e9gions et d\u00e9partements ;\nVu le d\u00e9cret du 19 novembre 2025 portant nomination de monsieur Jacques WITKOWSKI en qualit\u00e9  \nde pr\u00e9fet de la r\u00e9gion Provence-Alpes-C\u00f4te d'Azur, pr\u00e9fet de la zone de d\u00e9fense et de s\u00e9curit\u00e9 Sud,  \npr\u00e9fet des Bouches-du-Rh\u00f4ne ;\nVu le d\u00e9cret du 31 janvier 2025 portant nomination de monsieur Fr\u00e9d\u00e9ric POISOT en qualit\u00e9 de  \nsecr\u00e9taire g\u00e9n\u00e9ral de la pr\u00e9fecture des Bouches-du-Rh\u00f4ne, sous-pr\u00e9fet de Marseille ;\nVu le d\u00e9cret n\u00b02012-608 du 30 avril 2012 relatif aux dipl\u00f4mes dans le secteur fun\u00e9raire ;\nVu l'arr\u00eat\u00e9 du 30 avril 2012 portant application du d\u00e9cret susvis\u00e9 ;\nVu le d\u00e9cret n\u00b02020-917 du 28 juillet 2020 relatif \u00e0 la dur\u00e9e de l'habilitation dans le secteur fun\u00e9raire ;\nVu  l'arr\u00eat\u00e9  du  Pr\u00e9fet  des  Bouches-du-Rh\u00f4ne  du  02  d\u00e9cembre  2024  portant  habilitation  dans  le  \ndomaine fun\u00e9raire sous le n\u00b0 24-13-0534 de l'\u00e9tablissement secondaire de la soci\u00e9t\u00e9 \u00ab  OGF \u00bb exploit\u00e9 \nsous le nom commercial \u00ab  POMPES FUNEBRES DE CASSIS  \u00bb sis 2 avenue Alphonse Daudet \u00e0 CASSIS  \n(13260) jusqu'au 02 d\u00e9cembre 2029 ;\nVu la demande re\u00e7ue le 02 f\u00e9vrier 2026 de M. Thierry BRETEAU, directeur de secteur sollicitant la  \nmodification de l'habilitation susvis\u00e9e suite au changement de d\u00e9nomination sociale du si\u00e8ge social  \ndu groupe OGF ;\nVu l'extrait KBIS du Greffe du Tribunal de Commerce de Marseille du 10 novembre 2025 attestant du  \nchangement de raison sociale du si\u00e8ge d\u00e9sormais d\u00e9nomm\u00e9 \u00ab OGF - SERVICES FUNERAIRES \u00bb ;\nPr\u00e9fecture des Bouches-du-Rhone - 13-2026-02-11-00015 - ARR\u00caT\u00c9 du 11 FEVRIER 2026\nportant modification de l'habilitation N\u00b0 24-13-0534 de l'\u00e9tablissement secondaire de la SAS d\u00e9nomm\u00e9e  \u00ab\u00a0OGF - SERVICES\nFUNERAIRES \u00bb, exploit\u00e9 sous le nom commercial\n\u00ab POMPES FUNEBRES DE CASSIS\u00a0\u00bb sis \u00e0 CASSIS (13260) dans le domaine fun\u00e9raire\n53\nConsid\u00e9rant que le dossier de demande de modification est complet le 11 f\u00e9vrier 2026 ;\nSur proposition du secr\u00e9taire g\u00e9n\u00e9ral de la pr\u00e9fecture des Bouches-du-Rh\u00f4ne ;\nARR\u00caTE\nArticle  1  er     :  Les  dispositions  de  l'article  1  de  l'arr\u00eat\u00e9  pr\u00e9fectoral  n\u00b0  24-13-0534  sont  modifi\u00e9es  et \nremplac\u00e9es par les dispositions suivantes  : \n\u00ab L'\u00e9tablissement secondaire de la SAS d\u00e9nomm\u00e9e \u00ab  OGF \u2013 SERVICES FUNERAIRES \u00bb, exploit\u00e9 sous le \nnom  commercial  \u00ab POMPES  FUNEBRES  DE  CASSIS \u00bb  sis  2  avenue  Alphonse  Daudet  \u2013  Galerie  la  \nRoseraie \u00e0 CASSIS (13260) , dirig\u00e9 par M. Thierry BRETEAU directeur de secteur, est habilit\u00e9 sous le  \nN\u00b0 24-13-0534  \u00e0 compter de la date du pr\u00e9sent arr\u00eat\u00e9, pour exercer sur l'ensemble du territoire  \nnational les activit\u00e9s fun\u00e9raires suivantes  :\n\u27a2 Jusqu'au 02 DECEMBRE 2029  :\n\uf0d8 transport des corps avant et apr\u00e8s mise en bi\u00e8re\n\uf0d8 organisation des obs\u00e8ques\n\uf0d8 soins de conservation (en sous-traitance)\n\uf0d8 fourniture  de  housses,  des  cercueils  et  de  leurs  accessoires  int\u00e9rieurs  et  \next\u00e9rieurs ainsi que des urnes cin\u00e9raires\n\uf0d8 fourniture des corbillards et des voitures de deuil\n\uf0d8 fourniture de personnel, des objets et prestations n\u00e9cessaires aux obs\u00e8ques,  \ninhumations, exhumations et cr\u00e9mations \u00bb\nArticle  2  :  Les  dispositions  de  l'article  2  de  l'arr\u00eat\u00e9  pr\u00e9fectoral  n\u00b0  24-13-0534  sont  modifi\u00e9es  et \nremplac\u00e9es par les dispositions suivantes  : \n\u00ab L'habilitation est accord\u00e9e jusqu'au 02 d\u00e9cembre 2029. La demande de renouvellement devra \u00eatre  \neffectu\u00e9e deux mois avant son \u00e9ch\u00e9ance\u00bb.\nArticle 3  : Le reste de l'arr\u00eat\u00e9 n\u00b0 24-13-0534 est sans changement.\nArticle 4  :  La pr\u00e9sente d\u00e9cision peut faire l'objet, dans un d\u00e9lai de deux mois \u00e0 compter de sa  \nnotification,  d'un  recours  gracieux  aupr\u00e8s  de  mes  services,  d'un  recours  hi\u00e9rarchique  aupr\u00e8s  de  \nmonsieur  le  ministre  de  l'int\u00e9rieur,  d'un  recours  contentieux  devant  le  tribunal  administratif  de  \nMarseille (31 rue Jean-Fran\u00e7ois LECA, 13002 Marseille)  ; la juridiction administrative comp\u00e9tente peut  \naussi \u00eatre saisie par l'application T\u00e9l\u00e9recours accessible \u00e0 partir du site www.telerecours.fr.\nArticle 5 : Le secr\u00e9taire g\u00e9n\u00e9ral de la pr\u00e9fecture des Bouches-du-Rh\u00f4ne, le colonel commandant le  \ngroupement de gendarmerie des Bouches-du-Rh\u00f4ne sont charg\u00e9s, chacun en ce qui le concerne, de  \nl'ex\u00e9cution du pr\u00e9sent arr\u00eat\u00e9 qui sera publi\u00e9 au recueil des actes administratifs.\nFait \u00e0 Marseille, le 11 FEVRIER 2026\n              Pour le pr\u00e9fet,\nL'adjointe au chef de bureau\n                    SIGNE\nVirginie DUPOUY-RAVETLLAT\nPr\u00e9fecture des Bouches-du-Rhone - 13-2026-02-11-00015 - ARR\u00caT\u00c9 du 11 FEVRIER 2026\nportant modification de l'habilitation N\u00b0 24-13-0534 de l'\u00e9tablissement secondaire de la SAS d\u00e9nomm\u00e9e  \u00ab\u00a0OGF - SERVICES\nFUNERAIRES \u00bb, exploit\u00e9 sous le nom commercial\n\u00ab POMPES FUNEBRES DE CASSIS\u00a0\u00bb sis \u00e0 CASSIS (13260) dans le domaine fun\u00e9raire\n54\nPr\u00e9fecture des Bouches-du-Rhone\n13-2026-02-11-00016\nARR\u00caT\u00c9 du 11 FEVRIER 2026\nportant modification de l'habilitation N\u00b0\n24-13-0537 de l'\u00e9tablissement secondaire de la\nSAS d\u00e9nomm\u00e9e  \u00ab\u00a0OGF - SERVICES FUNERAIRES\n\u00bb, exploit\u00e9 sous le nom commercial\n\u00ab POMPES FUNEBRES DE CARNOUX\u00a0\u00bb sis \u00e0\nCarnoux (13470) dans le domaine fun\u00e9raire\nPr\u00e9fecture des Bouches-du-Rhone - 13-2026-02-11-00016 - ARR\u00caT\u00c9 du 11 FEVRIER 2026\nportant modification de l'habilitation N\u00b0 24-13-0537 de l'\u00e9tablissement secondaire de la SAS d\u00e9nomm\u00e9e  \u00ab\u00a0OGF - SERVICES\nFUNERAIRES \u00bb, exploit\u00e9 sous le nom commercial\n\u00ab POMPES FUNEBRES DE CARNOUX\u00a0\u00bb sis \u00e0 Carnoux (13470) dans le domaine fun\u00e9raire\n55\nPREFETDES BOUCHES-DU-RHONELibert\u00e9Egalit\u00e9Fraternit\u00e9\nDIRECTION DE LA CITOYENNETE\nDE LA LEGALITE ET DE L'ENVIRONNEMENT\nBureau des \u00e9lections et de la r\u00e9glementation\nDCLE/BER/FUN/BC/2026/RAA N\u00b0                            \nARR\u00caT\u00c9 du 11 FEVRIER 2026\nportant modification de l'habilitation N\u00b0 24-13-0537 de l'\u00e9tablissement secondaire de la SAS \nd\u00e9nomm\u00e9e  \u00ab OGF - SERVICES FUNERAIRES \u00bb, exploit\u00e9 sous le nom commercial\n\u00ab POMPES FUNEBRES DE CARNOUX \u00bb sis \u00e0 Carnoux (13470)\ndans le domaine fun\u00e9raire\n \n        Le pr\u00e9fet de la r\u00e9gion Provence-Alpes-C\u00f4te d'Azur\n         pr\u00e9fet de la zone de d\u00e9fense et de s\u00e9curit\u00e9 Sud\n                       pr\u00e9fet des Bouches-du-Rh\u00f4ne\nVu le code g\u00e9n\u00e9ral des collectivit\u00e9s territoriales (CGCT), notamment les articles L2223-19 et  L2223-\n23 ;\nVu la loi n\u00b02008-1350 du 19 d\u00e9cembre 2008 relative \u00e0 la l\u00e9gislation fun\u00e9raire ;\nVu l'ordonnance n\u00b0 2005-855 du 28 juillet 2005 relative aux op\u00e9rations fun\u00e9raires, notamment l'article \n1 - \u00a7 IV ;\nVu le d\u00e9cret n\u00b0 2004-374 du 29 avril 2004 relatif aux pouvoirs des pr\u00e9fets, \u00e0 l'organisation et \u00e0 l'action  \ndes services de l'Etat dans les r\u00e9gions et d\u00e9partements ;\nVu le d\u00e9cret du 19 novembre 2025 portant nomination de monsieur Jacques WITKOWSKI en qualit\u00e9  \nde pr\u00e9fet de la r\u00e9gion Provence-Alpes-C\u00f4te d'Azur, pr\u00e9fet de la zone de d\u00e9fense et de s\u00e9curit\u00e9 Sud,  \npr\u00e9fet des Bouches-du-Rh\u00f4ne ;\nVu le d\u00e9cret du 31 janvier 2025 portant nomination de monsieur Fr\u00e9d\u00e9ric POISOT en qualit\u00e9 de  \nsecr\u00e9taire g\u00e9n\u00e9ral de la pr\u00e9fecture des Bouches-du-Rh\u00f4ne, sous-pr\u00e9fet de Marseille ;\nVu le d\u00e9cret n\u00b02012-608 du 30 avril 2012 relatif aux dipl\u00f4mes dans le secteur fun\u00e9raire ;\nVu l'arr\u00eat\u00e9 du 30 avril 2012 portant application du d\u00e9cret susvis\u00e9 ;\nVu le d\u00e9cret n\u00b02020-917 du 28 juillet 2020 relatif \u00e0 la dur\u00e9e de l'habilitation dans le secteur fun\u00e9raire ;\nVu  l'arr\u00eat\u00e9  du  Pr\u00e9fet  des  Bouches-du-Rh\u00f4ne  du  10  d\u00e9cembre  2024  portant  habilitation  dans  le  \ndomaine fun\u00e9raire sous le n\u00b0 24-13-0537 de l'\u00e9tablissement secondaire de la soci\u00e9t\u00e9 \u00ab  OGF \u00bb exploit\u00e9 \nsous le nom commercial \u00ab POMPES FUNEBRES DE CARNOUX \u00bb sis 2 avenue Charcot \u00e0 Carnoux (13470) \njusqu'au 10 d\u00e9cembre 2029 ;\nVu la demande re\u00e7ue le 02 f\u00e9vrier 2026 de M. Thierry BRETEAU, directeur de secteur sollicitant la  \nmodification de l'habilitation susvis\u00e9e suite au changement de d\u00e9nomination sociale du si\u00e8ge social  \ndu groupe OGF ;\nVu l'extrait KBIS du Greffe du Tribunal de Commerce de Marseille du 10 novembre 2025 attestant du  \nchangement de raison sociale du si\u00e8ge d\u00e9sormais d\u00e9nomm\u00e9 \u00ab OGF - SERVICES FUNERAIRES \u00bb ;\nPr\u00e9fecture des Bouches-du-Rhone - 13-2026-02-11-00016 - ARR\u00caT\u00c9 du 11 FEVRIER 2026\nportant modification de l'habilitation N\u00b0 24-13-0537 de l'\u00e9tablissement secondaire de la SAS d\u00e9nomm\u00e9e  \u00ab\u00a0OGF - SERVICES\nFUNERAIRES \u00bb, exploit\u00e9 sous le nom commercial\n\u00ab POMPES FUNEBRES DE CARNOUX\u00a0\u00bb sis \u00e0 Carnoux (13470) dans le domaine fun\u00e9raire\n56\nConsid\u00e9rant que le dossier de demande de modification est complet le 11 f\u00e9vrier 2026 ;\nSur proposition du secr\u00e9taire g\u00e9n\u00e9ral de la pr\u00e9fecture des Bouches-du-Rh\u00f4ne ;\nARR\u00caTE\nArticle  1  er     :  Les  dispositions  de  l'article  1  de  l'arr\u00eat\u00e9  pr\u00e9fectoral  n\u00b0  24-13-0537  sont  modifi\u00e9es  et \nremplac\u00e9es par les dispositions suivantes  : \n\u00ab L'\u00e9tablissement secondaire de la SAS d\u00e9nomm\u00e9e \u00ab  OGF \u2013 SERVICES FUNERAIRES \u00bb, exploit\u00e9 sous le \nnom commercial \u00ab  POMPES FUNEBRES DE CARNOUX  \u00bb sis 2 avenue Charcot \u2013 Galerie la Roseraie \u00e0  \nCarnoux  (13470) , dirig\u00e9  par  M.  Thierry  BRETEAU  directeur  de  secteur,  est  habilit\u00e9  sous  le  \nN\u00b0 24-13-0537  \u00e0 compter de la date du pr\u00e9sent arr\u00eat\u00e9, pour exercer sur l'ensemble du territoire  \nnational les activit\u00e9s fun\u00e9raires suivantes  :\n\u27a2 Jusqu'au 10 DECEMBRE 2029  :\n\uf0d8 transport des corps avant et apr\u00e8s mise en bi\u00e8re\n\uf0d8 organisation des obs\u00e8ques\n\uf0d8 soins de conservation (en sous-traitance)\n\uf0d8 fourniture  de  housses,  des  cercueils  et  de  leurs  accessoires  int\u00e9rieurs  et  \next\u00e9rieurs ainsi que des urnes cin\u00e9raires\n\uf0d8 fourniture des corbillards et des voitures de deuil\n\uf0d8 fourniture de personnel, des objets et prestations n\u00e9cessaires aux obs\u00e8ques,  \ninhumations, exhumations et cr\u00e9mations \u00bb\nArticle  2  :  Les  dispositions  de  l'article  2  de  l'arr\u00eat\u00e9  pr\u00e9fectoral  n\u00b0  24-13-0537  sont  modifi\u00e9es  et \nremplac\u00e9es par les dispositions suivantes  : \n\u00ab L'habilitation est accord\u00e9e jusqu'au 10 d\u00e9cembre 2029. La demande de renouvellement devra \u00eatre  \neffectu\u00e9e deux mois avant son \u00e9ch\u00e9ance\u00bb.\nArticle 3  : Le reste de l'arr\u00eat\u00e9 n\u00b0 24-13-0537 est sans changement.\nArticle 4  :  La pr\u00e9sente d\u00e9cision peut faire l'objet, dans un d\u00e9lai de deux mois \u00e0 compter de sa  \nnotification,  d'un  recours  gracieux  aupr\u00e8s  de  mes  services,  d'un  recours  hi\u00e9rarchique  aupr\u00e8s  de  \nmonsieur  le  ministre  de  l'int\u00e9rieur,  d'un  recours  contentieux  devant  le  tribunal  administratif  de  \nMarseille (31 rue Jean-Fran\u00e7ois LECA, 13002 Marseille)  ; la juridiction administrative comp\u00e9tente peut  \naussi \u00eatre saisie par l'application T\u00e9l\u00e9recours accessible \u00e0 partir du site www.telerecours.fr.\nArticle 5 : Le secr\u00e9taire g\u00e9n\u00e9ral de la pr\u00e9fecture des Bouches-du-Rh\u00f4ne, le colonel commandant le  \ngroupement de gendarmerie des Bouches-du-Rh\u00f4ne sont charg\u00e9s, chacun en ce qui le concerne, de  \nl'ex\u00e9cution du pr\u00e9sent arr\u00eat\u00e9 qui sera publi\u00e9 au recueil des actes administratifs.\nFait \u00e0 Marseille, le 11 FEVRIER 2026\n              Pour le pr\u00e9fet,\nL'adjointe au chef de bureau\n                    SIGNE\nVirginie DUPOUY-RAVETLLAT\nPr\u00e9fecture des Bouches-du-Rhone - 13-2026-02-11-00016 - ARR\u00caT\u00c9 du 11 FEVRIER 2026\nportant modification de l'habilitation N\u00b0 24-13-0537 de l'\u00e9tablissement secondaire de la SAS d\u00e9nomm\u00e9e  \u00ab\u00a0OGF - SERVICES\nFUNERAIRES \u00bb, exploit\u00e9 sous le nom commercial\n\u00ab POMPES FUNEBRES DE CARNOUX\u00a0\u00bb sis \u00e0 Carnoux (13470) dans le domaine fun\u00e9raire\n57\nPr\u00e9fecture des Bouches-du-Rhone\n13-2026-01-26-00016\nArr\u00eat\u00e9 portant abrogation de l'arr\u00eat\u00e9 agr\u00e9ant la\nsoci\u00e9t\u00e9 \u00e0 responsabilit\u00e9 limit\u00e9e d\u00e9nomm\u00e9e\n\u00abDOMADES\u00bb  en qualit\u00e9 d'entreprise fournissant\nune domiciliation juridique \u00e0 des personnes\nphysiques ou morales immatricul\u00e9es au registre\ndu commerce et des soci\u00e9t\u00e9s ou au r\u00e9pertoire\ndes m\u00e9tiers\nPr\u00e9fecture des Bouches-du-Rhone - 13-2026-01-26-00016 - Arr\u00eat\u00e9 portant abrogation de l'arr\u00eat\u00e9 agr\u00e9ant la soci\u00e9t\u00e9 \u00e0 responsabilit\u00e9\nlimit\u00e9e d\u00e9nomm\u00e9e \u00abDOMADES\u00bb  en qualit\u00e9 d'entreprise fournissant une domiciliation juridique \u00e0 des personnes physiques ou morales\nimmatricul\u00e9es au registre du commerce et des soci\u00e9t\u00e9s ou au r\u00e9pertoire des m\u00e9tiers\n58\nPREFETDES BOUCHES-DU-RHONELibert\u00e9\u00c9galit\u00e9Fraternit\u00e9\nDirection de la s\u00e9curit\u00e9 :\n police administrative et r\u00e9glementation\nBureau des polices administratives \nen mati\u00e8re de s\u00e9curit\u00e9\nArr\u00eat\u00e9 portant abrogation de l'arr\u00eat\u00e9 agr\u00e9ant la soci\u00e9t\u00e9 \u00e0 responsabilit\u00e9 limit\u00e9e d\u00e9nomm\u00e9e \n\u00abDOMADES\u00bb  en qualit\u00e9 d'entreprise fournissant une domiciliation juridique \u00e0 des personnes \nphysiques ou morales immatricul\u00e9es au registre du commerce et des soci\u00e9t\u00e9s ou au r\u00e9pertoire \ndes m\u00e9tiers\nLe pr\u00e9fet de la r\u00e9gion Provence-Alpes-C\u00f4te d'Azur\nPr\u00e9fet de la zone de d\u00e9fense de s\u00e9curit\u00e9 Sud\nPr\u00e9fet des Bouches-du-Rh\u00f4ne\nVu  la  directive  2005/60CE  du  parlement  et  du  conseil  du  26  octobre  2005  relative  \u00e0  la \npr\u00e9vention de l'utilisation du syst\u00e8me financier aux fins de blanchiment de capitaux et de  \nfinancement du terrorisme ;\nVu le code de commerce, notamment ses articles L.123-11-3 \u00e0 L.123-11-7 , R.123-166-1 et suivants \net R.123-167 \u00e0 R123-171 ;\nVu le code mon\u00e9taire et financier, notamment ses articles L561-2, L561-37 \u00e0 L 561-43 et R 561-\n39 \u00e0 R561-50 ;\nVu l'ordonnance n\u00b0 2009-104 du 30 janvier 2009 relative \u00e0 la pr\u00e9vention de l'utilisation du  \nsyst\u00e8me financier aux fins de blanchiment de capitaux et de financement du terrorisme,  \nnotamment les articles 9 et 10 ;\nVu le d\u00e9cret du  19 novembre 2025  portant  nomination  du   pr\u00e9fet   de   la   r\u00e9gion  \nProvence-Alpes-C\u00f4te  d'Azur,  pr\u00e9fet  de  la  zone  de  d\u00e9fense  et  de  s\u00e9curit\u00e9  Sud,  pr\u00e9fet  des \nBouches-du-Rh\u00f4ne -  M. WITKOWSKI (Jacques) ;\nVu l'arr\u00eat\u00e9 n\u00b013-2025-12-01-00039 du 01 d\u00e9cembre 2025  portant d\u00e9l\u00e9gation de signature \u00e0  \nmadame  C\u00e9cile  MOVIZZO,  conseill\u00e8re  d'administration  de  l'int\u00e9rieur  et  de  l'outre-mer,  \ndirectrice de la s\u00e9curit\u00e9 : police administrative et r\u00e9glementation ; \nVu l'arr\u00eat\u00e9 pr\u00e9fectoral  du 10 novembre 2020 portant agr\u00e9ment n\u00b02020/AEDFJ/13/24 de la  \nsoci\u00e9t\u00e9 \u00abDOMADES\u00bb  en qualit\u00e9 d'entreprise fournissant une domiciliation juridique \u00e0 des  \npersonnes physiques ou morales immatricul\u00e9es au registre du commerce et des soci\u00e9t\u00e9s ou au \nr\u00e9pertoire des m\u00e9tiers, pour son \u00e9tablissement et si\u00e8ge social situ\u00e9 171 chemin de la Madrague \nVille \u2013 13002 Marseille ; \n1/2\nPlace F\u00e9lix Baret - CS 80001  \u2013 13282 Marseille Cedex 06 -\nT\u00e9l\u00e9phone : 04.84.35.40 00 \npref-dag-entreprise-domiciliaire@bouches-du-rhone.gouv.fr\nPr\u00e9fecture des Bouches-du-Rhone - 13-2026-01-26-00016 - Arr\u00eat\u00e9 portant abrogation de l'arr\u00eat\u00e9 agr\u00e9ant la soci\u00e9t\u00e9 \u00e0 responsabilit\u00e9\nlimit\u00e9e d\u00e9nomm\u00e9e \u00abDOMADES\u00bb  en qualit\u00e9 d'entreprise fournissant une domiciliation juridique \u00e0 des personnes physiques ou morales\nimmatricul\u00e9es au registre du commerce et des soci\u00e9t\u00e9s ou au r\u00e9pertoire des m\u00e9tiers\n59\nVu le courrier re\u00e7u le 16 d\u00e9cembre 2025 de monsieur St\u00e9phane CARDO, g\u00e9rant de la soci\u00e9t\u00e9  \nMADRAGUE  ESPACE,  indiquant  la  dissolution  le  24/11/25  de  la  soci\u00e9t\u00e9  DOMADES  suite  \u00e0 \nr\u00e9union de toutes les parts sociales ou actions entre une seule main en vertu de l'article 1844-5 \ndu code civil ; \nConsid\u00e9rant que la soci\u00e9t\u00e9 \u00e0 responsabilit\u00e9 limit\u00e9e \u00abDOMADES  \u00bb  n'exerce plus d'activit\u00e9 de  \ndomiciliations d'entreprise \u00e0  l'\u00e9tablissement situ\u00e9 171 chemin de la Madrague Ville \u2013 13002  \nMarseille ; \nConsid\u00e9rant qu'il y a lieu de proc\u00e9der \u00e0 l'abrogation de l'arr\u00eat\u00e9 du 10 novembre 2020 agr\u00e9ant \nla soci\u00e9t\u00e9 \u00e0 responsabilit\u00e9 limit\u00e9e d\u00e9nomm\u00e9e \u00abDOMADES\u00bb  en qualit\u00e9 d'entreprise fournissant \nune domiciliation juridique pour cet \u00e9tablissement ;\nSur proposition du secr\u00e9taire g\u00e9n\u00e9ral de la pr\u00e9fecture des Bouches-du-Rh\u00f4ne ;\nA R R E T E\nArticle 1er  : L'arr\u00eat\u00e9 susvis\u00e9 du 10 novembre 2020 agr\u00e9ant la soci\u00e9t\u00e9 \u00e0 responsabilit\u00e9 limit\u00e9e  \n\u00abDOMADES\u00bb sous le n\u00b0 2020/AEDFJ/13/24 en qualit\u00e9 d'entreprise fournissant une domiciliation \njuridique \u00e0 des personnes physiques ou morales immatricul\u00e9es au registre du commerce et des \nsoci\u00e9t\u00e9s ou au r\u00e9pertoire des m\u00e9tiers, pour les locaux situ\u00e9s 171 chemin de la Madrague Ville -  \n13002 Marseille est abrog\u00e9.\nArticle  2  :   Cette  d\u00e9cision  est  susceptible  de  recours  dans  les  deux  mois  suivants  sa  \nnotification :\n- soit par voie de recours gracieux aupr\u00e8s de monsieur le pr\u00e9fet des Bouches-du-Rh\u00f4ne ;\n- soit par voie de recours hi\u00e9rarchique form\u00e9 aupr\u00e8s de monsieur le ministre de l'int\u00e9rieur ;\n- soit par recours contentieux  devant le tribunal administratif de Marseille, 31 rue Jean  \nFran\u00e7ois Leca 13002 \u00e0 Marseille \u2013 ou sur www.telerecours.fr.\nArticle  3  :  Le  secr\u00e9taire  g\u00e9n\u00e9ral  de  la  pr\u00e9fecture  des  Bouches-du-Rh\u00f4ne  est  charg\u00e9  de  \nl'ex\u00e9cution  du  pr\u00e9sent  arr\u00eat\u00e9  qui  sera  publi\u00e9  au  recueil  des  actes  administratifs  de  la  \nPr\u00e9fecture des Bouches-du-Rh\u00f4ne.\nMarseille, le 20 janvier 2026\nPour le pr\u00e9fet et par d\u00e9l\u00e9gation\nLa directrice adjointe de la s\u00e9curit\u00e9 :\npolice administrative et r\u00e9glementation\nsign\u00e9\nKarine OLIVER\n2/2\nPlace F\u00e9lix Baret - CS 80001  \u2013 13282 Marseille Cedex 06 -\nT\u00e9l\u00e9phone : 04.84.35.40 00 \npref-dag-entreprise-domiciliaire@bouches-du-rhone.gouv.fr\nPr\u00e9fecture des Bouches-du-Rhone - 13-2026-01-26-00016 - Arr\u00eat\u00e9 portant abrogation de l'arr\u00eat\u00e9 agr\u00e9ant la soci\u00e9t\u00e9 \u00e0 responsabilit\u00e9\nlimit\u00e9e d\u00e9nomm\u00e9e \u00abDOMADES\u00bb  en qualit\u00e9 d'entreprise fournissant une domiciliation juridique \u00e0 des personnes physiques ou morales\nimmatricul\u00e9es au registre du commerce et des soci\u00e9t\u00e9s ou au r\u00e9pertoire des m\u00e9tiers\n60","date":"2026-02-12","first_seen_on":"2026-02-12T15:11:08+00:00","id":"68a1d5d341b155a3ee6ecce8702eb27046880d347d9aa84abb34906ca9bb08f0","name":"recueil-13-2026-045-recueil-des-actes-administratifs-special du 12 f\u00e9vrier 2026","pdf_creation_date":"2026-02-12T14:39:49+00:00","pdf_modification_date":null,"timezone":"Europe/Paris","url":"https://www.bouches-du-rhone.gouv.fr/contenu/telechargement/62994/442366/file/recueil-13-2026-045-recueil-des-actes-administratifs-special%20du%2012%20f%C3%A9vrier%202026.pdf"}
