{"administration":"pref80","administration_name":"Pr\u00e9fecture de la Somme","content":"PR\u00c9FET\nDE LA SOMME\nRECUEIL DES ACTES\nADMINISTRATIFS SP\u00c9CIAL\n(NOMINATIFS)\nN\u00b02025-039\nPUBLI\u00c9 LE 21 F\u00c9VRIER 2025\nSommaire\nPr\u00e9fecture de la Somme - Direction de la Citoyennet\u00e9 et de la\nL\u00e9galit\u00e9 / Direction de la Citoyennet\u00e9 et de la L\u00e9galit\u00e9\n80-2025-02-20-00004 - Arr\u00eat\u00e9 portant modification de l'habilitation\nfun\u00e9raire (changement de g\u00e9rant et de v\u00e9hicules) de l'agence\n\u00ab\u00a0POMPES FUN\u00c8BRES ET MARBRERIE WARLUZELLE\u00a0\u00bb sise 94-96, rue\nde la 3\u00e8me Division d'Infanterie \u00e0 AMIENS\n\u00e9tablissement dans le\nressort de la SAS OGF (2 pages) Page 3\n2\nPr\u00e9fecture de la Somme - Direction de la\nCitoyennet\u00e9 et de la L\u00e9galit\u00e9\n80-2025-02-20-00004\nArr\u00eat\u00e9 portant modification de l'habilitation\nfun\u00e9raire (changement de g\u00e9rant et de v\u00e9hicules)\nde l'agence \u00ab\u00a0POMPES FUN\u00c8BRES ET MARBRERIE\nWARLUZELLE\u00a0\u00bb sise 94-96, rue de la 3\u00e8me\nDivision d'Infanterie \u00e0 AMIENS\n\u00e9tablissement dans le ressort de la SAS OGF\nPr\u00e9fecture de la Somme - Direction de la Citoyennet\u00e9 et de la L\u00e9galit\u00e9 - 80-2025-02-20-00004 - Arr\u00eat\u00e9 portant modification de\nl'habilitation fun\u00e9raire (changement de g\u00e9rant et de v\u00e9hicules) de l'agence \u00ab\u00a0POMPES FUN\u00c8BRES ET MARBRERIE WARLUZELLE\u00a0\u00bb sise\n94-96, rue de la 3\u00e8me Division d'Infanterie \u00e0 AMIENS\n\u00e9tablissement dans le ressort de la SAS OGF\n3\nE Secr\u00e9tariat g\u00e9n\u00e9ralPREFET Direction de la Citoyennet\u00e9 et de la L\u00e9galit\u00e9a Bureau des \u00e9lections et de la r\u00e9glementation g\u00e9n\u00e9raleARRETEPortant modification de l'habilitation fun\u00e9raire (changement de g\u00e9rant et de v\u00e9hicules)de l'agence \u00ab POMPES FUN\u00c8BRES ET MARBRERIE WARLUZELLE \u00bb sise 94-96, rue de la 3\u00b0\"\u00b0Division d'Infanterie \u00e0 AMIENS\u00e9tablissement dans le ressort de la SAS OGFLE PR\u00c9FET DE LA SOMMECHEVALIER DE LA L\u00c9GION D'HONNEUR.VU le Code g\u00e9n\u00e9ral des collectivit\u00e9s territoriales, notamment les articles L.2223-19, L.2223-25-1,D.2223-55-8, D.2223-114 et D.2223-120;VU le d\u00e9cret n\u00b0 2004-374 du 29 avril 2004 relatif aux pouvoirs des pr\u00e9fets, \u00e0 l'organisation et al'action des services de l'\u00c9tat vane les r\u00e9gions et d\u00e9partements ;VU le d\u00e9cret n\u00b0 2020-917 du 28 juillet 2020 relatif a la dur\u00e9e de l'habilitation dans le secteurfun\u00e9raire et de la housse mortuaire ;VU le d\u00e9cret du 13 juillet 2023 portant nomination du pr\u00e9fet de la Somme, Monsieur RollonMOUCHEL-BLAISOT \u00e0 compter du 24 juillet 2023 ;VU le d\u00e9cret du 21 juillet 2023 portant nomination de Monsieur Emmanuel MOULARD,sous-pr\u00e9fet hors classe, secr\u00e9taire g\u00e9n\u00e9ral de la pr\u00e9fecture de la Somme ;VU l'arr\u00eat\u00e9 pr\u00e9fectoral du 29 juillet 2020 modifi\u00e9 renouvelant pour une dur\u00e9e de six ansl'habilitation de l'agence \u00ab POMPES FUN\u00c8BRES ET MARBRERIE WARLUZELLE \u00bb sise 94-96, rue de la3\u00e8me D.I. \u00e0 AMIENSVU l'arr\u00eat\u00e9 pr\u00e9fectoral du 15 janvier 2024 portant d\u00e9l\u00e9gation de signature principale \u00e0 MonsieurEmmanuel MOULARD, secr\u00e9taire g\u00e9n\u00e9ral de la pr\u00e9fecture de la Somme ;VU la demande de modification du 3 mai 2024, compl\u00e9t\u00e9e les 4 d\u00e9cembre 2024, 8 janvier et 30janvier 2025, par laquelle M. Maximilien BIGHINATTI, agissant en quale de repr\u00e9sentant l\u00e9gal,sollicite le changement de g\u00e9rant et des v\u00e9hicules ;CONSID\u00c9RANT l'extrait Kbis du 25 novembre 2024 ;CONSID\u00c9RANT. le contrat de travail \u00e0 dur\u00e9e ind\u00e9termin\u00e9e du 15 mars 2024, nommant M.Maximilien BIGHINATTI en tant que directeur de secteur op\u00e9rationnel de Terres de Picardie \u00e0compter du 1% avril 2024 ;CONSID\u00c9RANT la justification des conditions minimales de capacit\u00e9 professionnelle de M.Maximilien BIGHINATTI ;CONSID\u00c9RANT les rapports de contr\u00f4le du v\u00e9hicule FP-095-WP du 24/05/2022 et du v\u00e9hicule ED-565-FT du 22/09/2022, \u00e9tablis par la soci\u00e9t\u00e9 Bureau Veritas, accr\u00e9dit\u00e9e par le Comit\u00e9 fran\u00e7aisd'accr\u00e9ditation (COFRAC) sous le n\u00b03-1335, conformes ;CONSID\u00c9RANT le certificat d'immatriculation mentionnant que la soci\u00e9t\u00e9 OGF est propri\u00e9taire duv\u00e9hicule fun\u00e9raire ED-565-FT ;\nPr\u00e9fecture de la Somme - Direction de la Citoyennet\u00e9 et de la L\u00e9galit\u00e9 - 80-2025-02-20-00004 - Arr\u00eat\u00e9 portant modification de\nl'habilitation fun\u00e9raire (changement de g\u00e9rant et de v\u00e9hicules) de l'agence \u00ab\u00a0POMPES FUN\u00c8BRES ET MARBRERIE WARLUZELLE\u00a0\u00bb sise\n94-96, rue de la 3\u00e8me Division d'Infanterie \u00e0 AMIENS\n\u00e9tablissement dans le ressort de la SAS OGF\n4\nCONSID\u00c9RANT l'avenant 1 du contrat de location conclu entre les soci\u00e9t\u00e9s Athlon et OGF, du29/09/2022, ainsi que le certificat d'immatriculation attestant que la soci\u00e9t\u00e9 OGF loue le v\u00e9hiculefun\u00e9raire FP-O95-WP ;SUR proposition du secr\u00e9taire g\u00e9n\u00e9ral de la Pr\u00e9fecture ;\nARRETEArticle 1\": L'agence \u00abPOMPES FUNEBRES ET MARBRERIE WARLUZELLE \u00bb \u00e9tablissement dans leressort de la SAS OGF dont le si\u00e8ge social est situ\u00e9 6 rue du G\u00e9n\u00e9ral Audran a Courbevoie \u2014 sise 94-96, rue de la 3\u00e8me D.I. \u00e0 AMIENS et exploit\u00e9e par Monsieur Maximilien BIGHINATTI, directeur, esthabilit\u00e9e pour exercer sur l'ensemble du territoire national les activit\u00e9s fun\u00e9raires suivantes :transport de corps avant mise en bi\u00e8re (v\u00e9hicule immatricul\u00e9 FP-095-WP),transport de corps apr\u00e8s mise en bi\u00e8re (v\u00e9hicule immatricul\u00e9 ED-565-FT),: organisation des obs\u00e8ques,'| fourniture des housses, des cercueils et de leurs accessoires int\u00e9rieurs et ext\u00e9rieurs ainsi quedes urnes cin\u00e9raires,fourniture de personnel et des objets et prestations n\u00e9cessaires aux obs\u00e8ques, inhumations,exhumations et cr\u00e9mation,| fourniture des corbillards et voitures de deuil,: soins de conservation : prestations r\u00e9alis\u00e9es en sous-traitance par la soci\u00e9t\u00e9 HYGECO POSTMORTEM ASSISTANCE ri SESS PMA) sise 12-16 rue Sarah Bernhardt \u00e0 ASNI\u00c8RES-SUR-SEINE(92600),(| gestion et utilisation d'une chambre fun\u00e9raire : 94-96, avenue de la 3\u00e8me D.I. \u00e0 AMIENS.Article 2 :Le num\u00e9ro de l'habilitation est 20-80-0132.Article 3 : Le reste est sans changement.Article 4 :Le secr\u00e9taire g\u00e9n\u00e9ral de la pr\u00e9fecture de la Somme est charg\u00e9 de l'ex\u00e9cution du pr\u00e9sentarr\u00eat\u00e9 qui sera publi\u00e9 au recueil des actes administratifs de la Pr\u00e9fecture de la Somme et notifi\u00e9 \u00e0Monsieur Maximilien BIGHINATTI.Fait \u00e0 Amiens, le ? Q FEV. 2025\nPour le pr\u00e9fet et par d\u00e9l\u00e9gation,Le secr\u00e9taire g\u00e9n\u00e9ral,\naaEmmanuel MOULARD\nPr\u00e9fecture de la Somme - Direction de la Citoyennet\u00e9 et de la L\u00e9galit\u00e9 - 80-2025-02-20-00004 - Arr\u00eat\u00e9 portant modification de\nl'habilitation fun\u00e9raire (changement de g\u00e9rant et de v\u00e9hicules) de l'agence \u00ab\u00a0POMPES FUN\u00c8BRES ET MARBRERIE WARLUZELLE\u00a0\u00bb sise\n94-96, rue de la 3\u00e8me Division d'Infanterie \u00e0 AMIENS\n\u00e9tablissement dans le ressort de la SAS OGF\n5","date":"2025-02-21","first_seen_on":"2025-02-21T18:17:34+00:00","id":"68eb3a4c6479605055d30095db0b105d77fdf81f95232ca281a9fad2f4502a64","name":"RAA n\u00b039 sp\u00e9cial (nominatifs) du 21 f\u00e9vrier 2025","pdf_creation_date":"2025-02-21T17:49:42+00:00","pdf_modification_date":null,"timezone":"CET","url":"https://www.somme.gouv.fr/contenu/telechargement/51219/339729/file/recueil-2025-039-recueil-des-actes-administratifs-nominatifs-1.pdf"}
