{"administration":"pref80","administration_name":"Pr\u00e9fecture de la Somme","content":"PR\u00c9FET\nDE LA SOMME\nRECUEIL DES ACTES\nADMINISTRATIFS SP\u00c9CIAL\n(NOMINATIFS)\nN\u00b02024-073\nPUBLI\u00c9 LE  5 AVRIL 2024\nSommaire\nDirection d\u00e9partementale de l\u25a1emploi, du travail et des solidarit\u00e9s de la\nSomme (DDETS Somme) /\n80-2024-03-29-00014 - D\u00e9cision d'agr\u00e9ment ESUS pour F\u00e9d\u00e9ration ADMR de\nla Somme (1 page) Page 3\nDirection d\u00e9partementale des finances publiques de la Somme / Secr\u00e9tariat\nde direction\n80-2024-04-04-00008 - Nomination du conciliateur fiscal d\u00e9partemental et\ndu conciliateur fiscal d\u00e9partemental adjoint (1 page) Page 5\nDirection D\u00e9partementale des Territoires et de la Mer /\n80-2024-04-02-00002 - Arr\u00eat\u00e9 portant agr\u00e9ment d'un \u00e9tablissement\nd'enseignement de la conduite des v\u00e9hicules \u00e0 moteur et de la s\u00e9curit\u00e9\nrouti\u00e8re d\u00e9nomm\u00e9 AUTO ECOLE DE OISEMONT (2 pages) Page 7\nDirection D\u00e9partementale des Territoires et de la Mer / service\nenvironnement et littoral\n80-2024-03-29-00016 - D\u00e9cision 05-2024-March\u00e9 sur l'eau d'Antan 2024\nle\ndimanche 16 juin 2024 (4 pages) Page 10\nPr\u00e9fecture de la Somme - Cabinet /\n80-2024-04-04-00001 - AP Somme Paris Roubaix 2024 (5 pages) Page 15\nPr\u00e9fecture de la Somme - Direction de la Citoyennet\u00e9 et de la L\u00e9galit\u00e9 /\nDirection de la Citoyennet\u00e9 et de la L\u00e9galit\u00e9\n80-2024-04-04-00010 - Arr\u00eat\u00e9 pr\u00e9fectoral du 4 avril 2024 instituant la\ncommission d\u00e9partementale de propagande \u00e0 l'occasion de l'\u00e9lection des\nrepr\u00e9sentants au Parlement europ\u00e9en du 9 juin 2024 et arr\u00eatant la date et\nle lieu de d\u00e9p\u00f4t de la propagande (2 pages) Page 21\n2\nDirection d\u00e9partementale de l\u25a1emploi, du travail\net des solidarit\u00e9s de la Somme (DDETS Somme)\n80-2024-03-29-00014\nD\u00e9cision d'agr\u00e9ment ESUS pour F\u00e9d\u00e9ration\nADMR de la Somme\nDirection d\u00e9partementale de l\u25a1emploi, du travail et des solidarit\u00e9s de la Somme (DDETS Somme) - 80-2024-03-29-00014 - D\u00e9cision\nd'agr\u00e9ment ESUS pour F\u00e9d\u00e9ration ADMR de la Somme 3\nEx\nMINIST\u00c8RE\nDU TRAVAIL,  Direction  r\u00e9gionale  de l'\u00c9conomie,\nDE L'EIV!PLOI  de l'Emploi,  du Travail\nET DE L'INSERTION  et des Solidarit\u00e9s  Hauts-de-France\nLibert\u00e9\n\u00c9galit\u00e9\nFraternit\u00e9\nD\u00c9CISION\nAgr\u00e9ment  \u00abEntrepris\u00e8  Solidaire  d'Utilit\u00e9  Sociale  \u00bb (ESUS)\nN\u00b0 UD80  ESUS  2024  002  N 780  612  776\nVu la loi n\u00b02014-856  du 31/07/2014  relative  \u00e0 l'\u00e9conomie  sociale  et solidaire,  notamment  ses  articles  1er, 2 et 11 ;\nVu le d\u00e9cret  n\u00b02015-719  du 23/06/2015  relatif  \u00e0 'agr\u00e9ment  \u00ab Entreprise  Solidaire  d'Utilit\u00e9  Sociale  \u00bb, r\u00e9gi  par\nl'article  L. 3332-17-1  du Code  du Travail  ;\nVu le d\u00e9cret  n\u00b02015-832  du 07/07/2015  pris  pour  I'application  de la loi du 31/07/2014  sur l'\u00e9conomie  sociale  et\nsolidaire  et relatif  aux  associations  ;\nVu l'arr\u00eat\u00e9  du 05/08/2015  fixant  la composition  du dossier  de demande  d'agr\u00e9ment  \u00ab Entreprise  Solidaire  d'Utilit\u00e9\nSociale  \u00bb ;\nVu l'instruction  du 20/09/2016  du Minist\u00e8re  de l'\u00c9conomie  et des finances  et du Minist\u00e8re  du Travail,  de I'emploi,  de\nla formation  professionnelle  et du dialogue  social  ;\nVu les articles  L.3332-17-1,  R. 3332-21-1  \u00e0 R. 3332-21-5  du Code du Travail  ;\nVu l'article  L. 265-1  du Code  l'Action  Sociale  ;\nVu la demande  d'agr\u00e9ment  du 21/03//2024,  pr\u00e9sent\u00e9e  par Madame  Fran\u00e7oise  THIRARD,  en qualit\u00e9  de Pr\u00e9sidente\nde la F\u00e9d\u00e9ration  ADMR  de la Somme,  dont  le si\u00e8ge  social  est situ\u00e9  : 21 rue de Sully  AMIENS  (80000)  ;\nConsid\u00e9rant  que  le dossier,  objet  de la demande,  r\u00e9pond  aux  dispositions  de l'article  L. 3332-17-1  du Code  du\nTravail  et du D\u00e9cret  n\u00b02015-719  du 23/06/2015  et de l'arr\u00eat\u00e9  du 05/08/2015  pr\u00e9cit\u00e9s  ;\nD\u00c9CIDE\nArticle  1 : la F\u00e9d\u00e9ration  ADMR  de la Somme,  dont  le si\u00e8ge  social  est situ\u00e9  : 21 rue de Sully  AMIENS  (80000)  \u2014\nIdentifiant  SIREN  : 780  612  776  \u2014 Code  APE  : 94.99Z  est agr\u00e9\u00e9e  en qualit\u00e9  d'Entreprise  Solidaire  d'Utilit\u00e9  Sociale\nen application  de l'article  L. 3332-17-1  du Code  du Travail.\nArticle  2 : Cet agr\u00e9ment  est accord\u00e9  pour  une dur\u00e9e  de 5 ans \u00e0 compter  du 29/03/2024.\nArticle  3 : La Directrice  de l'Unit\u00e9  D\u00e9partementale  de la Somme  de la DREETS  Hauts-de-France  est charg\u00e9e  de\nI'ex\u00e9cution  de la pr\u00e9sente  d\u00e9cision  qui sera  publi\u00e9e  au Recueil  des Actes  Administratifs  de la Pr\u00e9fecture  de la\nSomme.\nAmiens,  le 29 mars  2024\nPour  le DREETS,\n\\ Et par d\u00e9l\u00e9gation,\nLa Directrice  'pa\u00e4t\\nentale  de la DDETS\nJ\n\u2014==  L\nL\u00e6titia  CRETON  -\nDREETS  Hauts-de  France  \u2014 70 rue Saint Sauveur  \u2014 59000  LILLE  |\nDirection d\u00e9partementale de l\u25a1emploi, du travail et des solidarit\u00e9s de la Somme (DDETS Somme) - 80-2024-03-29-00014 - D\u00e9cision\nd'agr\u00e9ment ESUS pour F\u00e9d\u00e9ration ADMR de la Somme 4\nDirection d\u00e9partementale des finances\npubliques de la Somme\n80-2024-04-04-00008\nNomination du conciliateur fiscal d\u00e9partemental\net du conciliateur fiscal d\u00e9partemental adjoint\nDirection d\u00e9partementale des finances publiques de la Somme - 80-2024-04-04-00008 - Nomination du conciliateur fiscal\nd\u00e9partemental et du conciliateur fiscal d\u00e9partemental adjoint 5\nREPUBLIQUE\nFRANCAISE\nijerte'\nEgalit\u00e9\nFraternit\u00e9q\nFINANCES  PUBLIQUES\nNOMINATION DU CONCILIATEUR FISCAL D\u00c9PARTEMENTAL\nET DU CONCILIATEUR FISCAL D\u00c9PARTEMENTAL ADJOINT\nM.\u00a0Pascal \u00a0FLAMME, \u00a0administrateur \u00a0de\u00a0l'\u00c9tat, \u00a0directeur \u00a0d\u00e9partemental \u00a0des\u00a0finances \u00a0publiques\nde\u00a0la\u00a0Somme \u00a0par\u00a0int\u00e9rim, \u00a0d\u00e9signe\u00a0:\n\uf0e0aux \u00a0fonctions \u00a0de\u00a0conciliateur \u00a0fiscal \u00a0d\u00e9partemental, \u00a0Mme \u00a0Isabelle \u00a0JOUINOT,\nadministratrice \u00a0de\u00a0l'\u00c9tat, \u00a0responsable \u00a0du\u00a0p\u00f4le \u00a0m\u00e9tiers \u00a0et\u00a0expertise\u00a0;\n\uf0e0aux\u00a0fonctions \u00a0de\u00a0conciliateur \u00a0fiscal \u00a0d\u00e9partemental \u00a0adjoint, \u00a0Mme \u00a0Flore \u00a0GASNOT,\u00a0cheffe \u00a0de\nservice \u00a0administratif \u00a0des\u00a0finances \u00a0publiques, \u00a0et\u00a0Mme \u00a0St\u00e9phanie \u00a0BRISSET,\u00a0inspectrice\nprincipale \u00a0des\u00a0finances \u00a0publiques.\nD\u00e9l\u00e9gation \u00a0permanente \u00a0est\u00a0donn\u00e9e, \u00a0par\u00a0le\u00a0soussign\u00e9, \u00a0\u00e0\u00a0Mme \u00a0Isabelle \u00a0JOUINOT,\u00a0en\u00a0vue\u00a0de\nsigner \u00a0les\u00a0correspondances \u00a0et\u00a0actes \u00a0relevant \u00a0de\u00a0sa\u00a0mission \u00a0de\u00a0conciliateur \u00a0fiscal\nd\u00e9partemental.\nEn\u00a0cas\u00a0d'absence \u00a0ou\u00a0d'emp\u00eachement \u00a0de\u00a0Mme \u00a0Isabelle \u00a0JOUINOT,\u00a0d\u00e9l\u00e9gation \u00a0de\u00a0signature \u00a0est\ndonn\u00e9e \u00a0aux\u00a0m\u00eames \u00a0fins\u00a0\u00e0\u00a0Mmes \u00a0Flore \u00a0GASNOT\u00a0et\u00a0St\u00e9phanie \u00a0BRISSET.\nLa\u00a0pr\u00e9sente \u00a0d\u00e9cision \u00a0prendra \u00a0effet \u00a0le\u00a08\u00a0avril\u00a02024.\nElle\u00a0sera\u00a0publi\u00e9e \u00a0au\u00a0recueil \u00a0des\u00a0actes \u00a0administratifs \u00a0de\u00a0la\u00a0Pr\u00e9fecture \u00a0de\u00a0la\u00a0Somme.\nL'administrateur de l'\u00c9tat,\ndirecteur d\u00e9partemental des finances publiques\npar int\u00e9rim\nPascal FLAMMEDirection d\u00e9partementale\ndes Finances publiques de la Somme\n22 rue de l'Amiral Courbet  - CS 12613\n80026 AMIENS CEDEX 1Amiens, le 4 avril 2024Direction d\u00e9partementale des finances publiques de la Somme - 80-2024-04-04-00008 - Nomination du conciliateur fiscal\nd\u00e9partemental et du conciliateur fiscal d\u00e9partemental adjoint 6\nDirection D\u00e9partementale des Territoires et de\nla Mer\n80-2024-04-02-00002\nArr\u00eat\u00e9 portant agr\u00e9ment d'un \u00e9tablissement\nd'enseignement de la conduite des v\u00e9hicules \u00e0\nmoteur et de la s\u00e9curit\u00e9 routi\u00e8re d\u00e9nomm\u00e9\nAUTO ECOLE DE OISEMONT\nDirection D\u00e9partementale des Territoires et de la Mer - 80-2024-04-02-00002 - Arr\u00eat\u00e9 portant agr\u00e9ment d'un \u00e9tablissement\nd'enseignement de la conduite des v\u00e9hicules \u00e0 moteur et de la s\u00e9curit\u00e9 routi\u00e8re d\u00e9nomm\u00e9 AUTO ECOLE DE OISEMONT 7\n\u0153  FRANCE\nPR\u00c9FET  Direction  d\u00e9partementale  |1}\u00c2T|  N\nDE LA SOMME  _ des territoires  et de la mer L \u00cbRT iLrberie  Agir \u00bb Mobiliser  \u00bb Acc\u00e9l\u00e9rer\nEgalit\u00e9  de la Somme\nFrsrererts\nARR\u00caT\u00c9\nPortant  agr\u00e9ment  d'un  \u00e9tablissement  d'enseignement  de la conduite  des\nv\u00e9hicules  \u00e0 moteur  et de la s\u00e9curit\u00e9  routi\u00e8re  d\u00e9nomm\u00e9\nAUTO  ECOLE  DE OISEMONT\nLE PR\u00c9FET  DE LA SOMME\nCHEVALIER  DE LA L\u00c9GION  D'HONNEUR\nVU le Code  de la route  et notamment  ses articles  R.213-1  et R.213-2  H\nVu le d\u00e9cret  du 13 juillet  2023  nommant  Monsieur  Rollon  MOUCHEL-BLAISOT,  pr\u00e9fet  de la\nSomme,  \u00e0 compter  du 24 juillet  2023  ;\nVU l'arr\u00eat\u00e9  du Premier  Ministre  et du Ministre  de l'Int\u00e9rieur  du 6 septembre  2019  nommant\nMadame  Emmanuelle  CLOMES,  ing\u00e9nieure  en chef  des  ponts  des  eaux  et des  for\u00eats,  directrice\nd\u00e9partementale  des  territoires  et de la mer  de la Somme;\nVu l'arr\u00eat\u00e9  du 22 f\u00e9vrier  2023  portant  nomination  de Monsieur  Guillaume  VANDEVOORDE,\ning\u00e9nieur  divisionnaire  de l'industrie  et des  mines,  directeur  d\u00e9partemental  adjoint  des\nterritoires  et de la mer  de la Somme  ;\nVU l'arr\u00eat\u00e9  minist\u00e9riel  du 8 janvier  2001  relatif  \u00e0 l'exploitation  des  \u00e9tablissements\nd'enseignement,  \u00e0 titre  on\u00e9reux,  de la conduite  des v\u00e9hicules  \u00e0 moteur  et de la s\u00e9curit\u00e9\nrouti\u00e8re  ;\nVU l'arr\u00e9t\u00e9  minist\u00e9riel  du 8 janvier  2001  cr\u00e9ant  un registre  national  de l'enseignement  de la\nconduite  des  v\u00e9hicules  \u00e0 moteur  et de la s\u00e9curit\u00e9  routi\u00e8re  ;\nVU larr\u00e9t\u00e9  pr\u00e9fectoral  du 24 juillet  2023  accordant  d\u00e9l\u00e9gation  de signature  \u00e0 Madame\nEmmanuelle  CLOMES,  ing\u00e9nieure  en chef  des  ponts  des  eaux  et des  for\u00eats,  Directrice\nd\u00e9partementale  des  territoires  et de la mer  de la Somme  ;\nVU l'arr\u00eat\u00e9  pr\u00e9fectoral  du 24 juillet  2023  accordant  d\u00e9l\u00e9gation  de signature  \u00e0 monsieur\nGuillaume  VANDEVOORDE,  ing\u00e9nieur  divisionnaire  de l'industrie  et des  mines,  directeur\nd\u00e9partemental  adjoint  des  territoires  et de la mer  de la Somme  ;\nConsid\u00e9rant  la demande  pr\u00e9sent\u00e9e  par monsieur  MARENDON  Didier  en date  du 14 mars\n2024,  r\u00e9ception  complet  du dossier,  en vue  d'\u00e9tre  autoris\u00e9e  \u00e0 exploiter  un \u00e9tablissement\nd'enseignement,  \u00e0 titre  on\u00e9reux,  de la conduite  des v\u00e9hicules  \u00e0 moteur  et de la s\u00e9curit\u00e9\nrouti\u00e8re  ;\nConsid\u00e9rant  que  la demande  remplit  les conditions  r\u00e9glementaires  ;\nDirection D\u00e9partementale des Territoires et de la Mer - 80-2024-04-02-00002 - Arr\u00eat\u00e9 portant agr\u00e9ment d'un \u00e9tablissement\nd'enseignement de la conduite des v\u00e9hicules \u00e0 moteur et de la s\u00e9curit\u00e9 routi\u00e8re d\u00e9nomm\u00e9 AUTO ECOLE DE OISEMONT 8\nARRETE\nArticle  1ler.  - Monsieur  MARENDON  Didier  est autoris\u00e9  \u00e0 exploiter,  sous  le num\u00e9ro\nE0908003010,  un \u00e9tablissement  d'enseignement,  \u00e0 titre  on\u00e9reux,  de la conduite  des  v\u00e9hicules\n\u00e0 moteur  et de la s\u00e9curit\u00e9  routi\u00e8re,  d\u00e9nomm\u00e9  AUTO  ECOLE  DE OISEMONT,  situ\u00e9  4 RUE  JULES\nFERRY,  80140  OISEMONT.\nArticle  2. - Cet  agr\u00e9ment  est d\u00e9livr\u00e9  pour  une  dur\u00e9e  de cinq  ans \u00e0 compter  de la date  du\npr\u00e9sent  arr\u00eat\u00e9.\nSur demande  de l'exploitant  pr\u00e9sent\u00e9e  deux  mois  avant  la date  d'expiration  de la validit\u00e9  de\nson  agr\u00e9ment,  celui-ci  sera  renouvel\u00e9  si les conditions  requises  sont  remplies.\nArticle  3 - L'\u00e9tablissement  est habilit\u00e9,  au vu des  autorisations  d'enseigner  fournies,  \u00e0\ndispenser  les formations  pour  les cat\u00e9gories  de permis  suivantes  :\nB/B1/AAC/AM  Quadri  l\u00e9ger.\nArticle  4 - Le pr\u00e9sent  agr\u00e9ment  n'est  valable  que  pour  l'exploitation  d'un  \u00e9tablissement,  \u00e0\ntitre  personnel  par son  titulaire,  sous  r\u00e9serve  de l'application  des  prescriptions  de l'arr\u00eat\u00e9  du\n8 janvier  2001  relatif  \u00e0 l'exploitation  des  \u00e9tablissements  d'enseignement,  \u00e0 titre  on\u00e9reux,  de la\nconduite  des v\u00e9hicules  \u00e0 moteur  et de la s\u00e9curit\u00e9  routi\u00e8re.\nArticle  5 - En cas de changement  d'adresse  ou de reprise  du local  par  un autre  exploitant,  une\nnouvelle  demande  d'agr\u00e9ment  devra  \u00eatre  pr\u00e9sent\u00e9e  deux  mois  avant  la date  du changement\nou de la reprise,  \u00e0 la pr\u00e9fecture.\nArticle  6 - Pour  toute  transformation  du local  d'activit\u00e9,  tout  abandon  ou toute  extension\nd'une  formation,  l'exploitante  est tenue  d'adresser  une  demande  de modification  du pr\u00e9sent\narr\u00eat\u00e9  \u00e0 Monsieur  le Pr\u00e9fet.  |\nArticle  7 - Le nombre  maximum  de personnes  susceptibles  d'\u00eatre  admises  simultan\u00e9ment\ndans  l'\u00e9tablissement,  y compris  l'enseignant,  est fix\u00e9  \u00e0 24. \u2014 '\nArticle  8 - L'agr\u00e9ment  peut  \u00eatre  \u00e0 tout  moment  suspendu  ou retir\u00e9  selon  les conditions  fix\u00e9es\npar les articles  12 \u00e0 14 de l'arr\u00eat\u00e9  du 8 janvier  2001  relatif  \u00e0 l'exploitation  des  \u00e9tablissements\nd'enseignement,  \u00e0 titre  on\u00e9reux,  de la conduite  des v\u00e9hicules  \u00e0 moteur  et de la s\u00e9curit\u00e9\nrouti\u00e8re.\nArticle  9 - Le pr\u00e9sent  agr\u00e9ment  et toute  d\u00e9cision  affectant  sa validit\u00e9  seront  enregistr\u00e9s  dans\nle registre  national  de l'enseignement  de la conduite  des  v\u00e9hicules  \u00e0 moteur  et de la s\u00e9curit\u00e9\nrouti\u00e8re  cr\u00e9\u00e9  par |'arr\u00e9t\u00e9  du 8 janvier  2001  susvis\u00e9.\nArticle  10 - Conform\u00e9ment  \u00e0 la loi n\u00b0 78-17  du 6 janvier  1978  relative  \u00e0 l'informatique,  aux\nfichiers  et aux libert\u00e9s,  toute  personne  peut  obtenir  communication  et, le cas \u00e9ch\u00e9ant,\nrectification  ou suppression  des informations  la concernant,  en s'adressant  \u00e0 la Direction\nD\u00e9partementale  des Territoires  et de la Mer  de la Somme  - Centre  d'examen  du permis  de\nconduire  bureau  \u00e9ducation  routi\u00e8re  - 35 rue de la vall\u00e9e  80 000  Amiens.\nArticle  11 - La directrice  D\u00e9partementale  des  Territoires  et de la Mer  est charg\u00e9e  de\nl'ex\u00e9cution  du pr\u00e9sent  arr\u00eat\u00e9  qui sera  publi\u00e9  au recueil  des  actes  administratifs  de la\npr\u00e9fecture  de la Somme.\nAmiens,  le\nDirection D\u00e9partementale des Territoires et de la Mer - 80-2024-04-02-00002 - Arr\u00eat\u00e9 portant agr\u00e9ment d'un \u00e9tablissement\nd'enseignement de la conduite des v\u00e9hicules \u00e0 moteur et de la s\u00e9curit\u00e9 routi\u00e8re d\u00e9nomm\u00e9 AUTO ECOLE DE OISEMONT 9\nDirection D\u00e9partementale des Territoires et de\nla Mer\n80-2024-03-29-00016\nD\u00e9cision 05-2024-March\u00e9 sur l'eau d'Antan 2024\nle dimanche 16 juin 2024\nDirection D\u00e9partementale des Territoires et de la Mer - 80-2024-03-29-00016 - D\u00e9cision 05-2024-March\u00e9 sur l'eau d'Antan 2024\nle dimanche 16 juin 2024 10\nEZPR\u00c9FET  Direction  d\u00e9partementale  \u00cb\u0391\u2014\u00caI'%\"OC\u00c6\np\nE\u00ce\u0152L_A  SOMME  _ des territoires  et de la mer VERTE\n\u00c9galit\u00e9  de la Somme  Agir - Mobiliser  - Acc\u00e9l\u00e9rer\nFrsgermet\u00e9\nD\u00c9CISION  05/2024\nMarch\u00e9  sur l'eau  d'Antan  2024\nle dimanche  16 juin  2024\nLE PR\u00c9FET  DE LA SOMME\nCHEVALIER  DE LA L\u00c9GION  D'HONNEUR\nVU le code  des  transports  ;\nVU les articles  L.2132-7  et L.2132-8  du code  g\u00e9n\u00e9ral  de la propri\u00e9t\u00e9  des personnes  publiques  ; -\nVU le d\u00e9cret  n\u00b0 2012-1556  du 28 d\u00e9cembre  2012  d\u00e9terminant  la liste des mesures  temporaires\nd'interruption  ou de modification  des conditions  de la navigation  pouvant  \u00eatre prises  par le\ngestionnaire  de la voie  d'eau  ;\nVU le d\u00e9cret  du 13 juillet  2023  nommant  Monsieur  Rollon  MOUCHEL-BLAISOT,  pr\u00e9fet  de la Somme  ;\nVU l'arr\u00eat\u00e9  du 15 janvier  2024  portant  d\u00e9l\u00e9'gation  de signature  \u00e0 Monsieur  Emmanuel  MOULARD,\nsecr\u00e9taire  g\u00e9n\u00e9ral  de la pr\u00e9fecture  de la Somme  ;\nVU l'arr\u00eat\u00e9  du Premier  Ministre  et du Ministre  de l'int\u00e9rieur  du 6 septembre  2019  nommant  Madame\nEmmanuelle  CLOMES,  ing\u00e9nieure  en chef  des ponts  des eaux  et des for\u00eats,  directrice  d\u00e9partementale\ndes  territoires  et de la mer  de la Somme  ;\nVU l'arr\u00eat\u00e9  pr\u00e9fectoral  du 24 juillet  2023  portant  d\u00e9l\u00e9gation  de signature  \u00e0 Madame  Emmanvuelle\nCLOMES,  directrice  d\u00e9partementale  des territoires  et de la mer  de la Somme  ;\nVU l'arr\u00eat\u00e9  pr\u00e9fectoral  du 29 mars 2024 portant  subd\u00e9l\u00e9gation  de signature  \u00e0 Madame  Aur\u00e9lie  SAISOU,\nresponsable  du bureau  de la police  de l'eau  de la direction  d\u00e9partementale  des territoires  et de la mer\nde la Somme  ; :\nVU la demande  et les pi\u00e8ces  aff\u00e9rentes  pr\u00e9sent\u00e9es  le 22 mars  2024  par Monsieur  Jean-Marie\nDUCHEMIN,  pr\u00e9sident  de l'association  pour  la protection  et la sauvegarde  du site et de l'environnement\ndes hortillonnages,  en vue d'\u00eatre  autoris\u00e9  \u00e0 l'organisation  de la reconstitution  du march\u00e9  sur l'eau\nd'Antan,  le dimanche  16 juin  2024  de 10h00  \u00e0 13h00  \u00e0 Amiens  ;\nVU l'avis  du gestionnaire  du domaine  public  fluvial  du 25 mars  2024  ;\nSur proposition  de Madame  Aur\u00e9lie  SAISOU,  responsable  du bureau  de la police  de l'eau  de la direction\nd\u00e9partementale  des  territoires  et de la mer  de la Somme  ;\nD\u00c9CIDE\nDirection D\u00e9partementale des Territoires et de la Mer - 80-2024-03-29-00016 - D\u00e9cision 05-2024-March\u00e9 sur l'eau d'Antan 2024\nle dimanche 16 juin 2024 11\nArticle  1ler: Monsieur  Jean-Marie  DUCHEMIN,  pr\u00e9sident  de l'association  pour  la protection  et la\nsauvegarde  du site et de l'environnement  des hortillonnages,  est autoris\u00e9  \u00e0 l'organisation  de la\nreconstitution  du march\u00e9  sur l'eau  d'Antan,  le dimanche  16 juin 2024  de 10h00  \u00e0 13h00  \u00e0 Amiens.\nLa navigation  n'est  pas interrompue.\nDes informations  sont  transmises  par le Poste  Central  d'Exploitation  aux plaisanciers  naviguant  sur le\nbief  d'Amiens  au moment  de la manifestation.\nLes barques  empruntent  le canal  de la Somme  \u00e0 Amiens  du restaurant  \"O jardin\"  (57 chemin  de halage)\njusque  la place  Parmentier  (bras  de la Queue  de Vache).\nL'organisateur  doit prendre  toutes  les mesures  de pr\u00e9caution  que commande  le devoir  g\u00e9n\u00e9ral  de\nvigilance  en vue d'\u00e9viter  de causer  des dommages  aux autres  usagers  de la voie d'eau  et du domaine\npublic  fluvial,  de cr\u00e9er  des entraves  \u00e0 la navigation  et de mettre  en danger  la vie des personnes.\nL'organisateur  veille  \u00e9galement  \u00e0 respecter  les prescriptions  suivantes  :\n* Les embarcations  doivent  poss\u00e9der  un titre  de navigation  conforme  \u00e0 la r\u00e9glementation  en vigueur,\n* Les conducteurs  doivent  \u00eatre  titulaires  d'un  permis  conforme  \u00e0 la r\u00e9glementation  en vigueur,\n* Limitation  \u00e0 six du nombre  de personnes  admises  \u00e0 bord  de chaque  barque,\n* Les personnes  sont imp\u00e9rativement  assises  et bien r\u00e9parties  sur l'embarcation  (interdiction  de se\nd\u00e9placer  et de se placer  sur le m\u00e9me  bord),\n* Un gilet de flottaison  doit \u00eatre \u00e0 disp\u00f4s\u00eet\u00eeon  de chaque  personne  \u00e0 bord,\n* La pr\u00e9sence  d'un  dispositif  d'accompagnement  sur l'eau  (bateau  \u00e0 moteur).\nL'organisateur  doit mettre  en place  un point  d'information  en vue d'informer  et de sensibiliser  les\nparticipants  aux enjeux  biodiversit\u00e9  sur lesquels  se d\u00e9roule  la manifestation  notamment  pour  une\nprotection  de la faune  et de la flore  pr\u00e9sentes.\nToutes  les pr\u00e9cautions  doivent  \u00eatre prises  pour  une preservatlon  des berges  de la Somme  pendant  la\ndur\u00e9e  de Ia manifestation.\nL'organisateur  doit proc\u00e9der  au ramassage  des d\u00e9chets  apr\u00e8s  la manifestation.\nArticle  2 : Les usagers  de la voie  d'eau  se conforment  strictement  aux ordres  des agents  du service\ngestionnaire  de la voie  d'eau.\nArticle  3 : Les droits  des tiers  sont  et demeurent  express\u00e9ment  r\u00e9serv\u00e9s.\nArticle  4:La  pr\u00e9sente  autorisation  ne pr\u00e9juge  pas des autres  d\u00e9cisions  et/ou  autorisations\n\u00e9ventuellement  n\u00e9cessaires.  Les droits  des tiers  sont  et demeurent  express\u00e9ment  r\u00e9serv\u00e9s.\nArticle  5 : Voies  et d\u00e9lais  de recours\nLa pr\u00e9sente  d\u00e9cision  peut  faire  l'objet  d'un  recours  contentieux  devant  le tribunal  administratif\nd'Amiens  - 14, rue Lemerchier  - CS 81114  \u2014 80011  Amiens  Ced\u00e9x  01, conform\u00e9ment  \u00e0 l'article  R.514-3-1\ndu code  de l'environnement,  par les tiers  dans  un d\u00e9lai  de quatre  mois  \u00e0 compter  du premier  jour de sa\npublication  ou de son affichage  en mairie,  et par le d\u00e9clarant  dans  un d\u00e9lai  de deux  mois  \u00e0 compter  de\nsa notification.  Cette  d\u00e9cision  peut  \u00e9galement  faire  l'objet  d'un  recours  gracieux  ou hi\u00e9rarchique  dans\nun d\u00e9lai  de deux  mois.  Ce recours  administratif  prolonge  de deux  mois  les d\u00e9lais  mentionn\u00e9s  ci-dessus.\nLe tribunal  administratif  peut  \u00eatre saisi par l'application  T\u00e9l\u00e9recours  citoyen  accessible  sur le site\nwww.telerecours.fr.\nDirection D\u00e9partementale des Territoires et de la Mer - 80-2024-03-29-00016 - D\u00e9cision 05-2024-March\u00e9 sur l'eau d'Antan 2024\nle dimanche 16 juin 2024 12\nArticle  6:Le  secr\u00e9taire  g\u00e9n\u00e9ral  de la pr\u00e9fecture  de la Somme,  la directrice  d\u00e9partementale  des\nterritoires  et de la mer, le pr\u00e9sident  de l'association  pour  la protection  et la sauvegarde  du site et de\nI'environnement  des hortillonnages  sont charg\u00e9s,  chacun  en ce qui l\u00e9 concerne,  de I'ex\u00e9cution  de la\npr\u00e9sente  d\u00e9cision  qui fera l'objet  d'une  publication  au recueil  des actes  administratifs.  '\nAmiens,  le 29 mars  2024\nPour  le pr\u00e9fet  et par d\u00e9l\u00e9gation,\nLa responsable  du bureau  de la police\nde l'eau,\nAur\u00e9lie  SAISOU\nDirection D\u00e9partementale des Territoires et de la Mer - 80-2024-03-29-00016 - D\u00e9cision 05-2024-March\u00e9 sur l'eau d'Antan 2024\nle dimanche 16 juin 2024 13\nDirection D\u00e9partementale des Territoires et de la Mer - 80-2024-03-29-00016 - D\u00e9cision 05-2024-March\u00e9 sur l'eau d'Antan 2024\nle dimanche 16 juin 2024 14\nPr\u00e9fecture de la Somme - Cabinet\n80-2024-04-04-00001\nAP Somme Paris Roubaix 2024\nPr\u00e9fecture de la Somme - Cabinet - 80-2024-04-04-00001 - AP Somme Paris Roubaix 2024 15\nE .I |\nPR\u00c9FET  ; | | ;\nDE LA SOMME  . Cabln_et  |\nBureau  des  droits  \u00e0 conduireLibert\u00e9\nEgalit\u00e9\nFraternit\u00e9\nArr\u00eat\u00e9  portant  autorisation  d'une  \u00e9preuve  cycliste  d\u00e9nomm\u00e9e\n\u00ab 121  \u00e8me  \u00e9dition  Paris  Roubaix  Elite  2024  \u00bb\nle Dimanche  7 avril  2024\nLE PR\u00c9FET  DE LA SOMME\nCHEVALIER  DE LA LEGION  D'HONNEUR\nVu le code  des  collectivit\u00e9s  territoriales  ;\nVu le code  p\u00e9nal  ;\nVu le code  de la route  ;\nVu le code  de la s\u00e9curit\u00e9  int\u00e9rieure  ;\nVu le code  du sport,  notamment  les articles  L.331-5  \u00e0 L331-7,  L331-9,  D 331-5,  R331-6  \u00e0 R331-17-2,  A331-2\n\u00e0 A.331-5  ;\nVu le code  de l'environnement,  notamment  ses articles  L.414-4  et R.414-19  ;\nVu la loi n\u00b082-213  du 2 mars  1'982  modifi\u00e9e  relative  aux  droits  et libert\u00e9s  des  communes,  des\nd\u00e9partements  et des  r\u00e9gions,  notamment  son  article  34 ;\nVu le d\u00e9cret  n\u00b0 97-199  du 5 mars  1997  modifi\u00e9  relatif  au remboursement  de certaines  d\u00e9penses\nsupport\u00e9es  par  les forces  de police  ou de gendarmerie  ;\nVu le d\u00e9cret  2004-374  du 29 avril  2004  modifi\u00e9,  relatif  aux  pouvoirs  des pr\u00e9fets,  \u00e0 l'organisation  et \u00e0\nl'action  des services  de l'\u00c9tat  dans  les r\u00e9gions  et d\u00e9partements  ; '\nVu le d\u00e9cret  n\u00b02007-1133  du 24 juillet  2007  relatif  aux  dispositions  r\u00e9glementaires  du code  du sport  ;\nVu le d\u00e9cret  n\u00b02010-365  du 9 avril 2010 relatif  \u00e0 l'\u00e9valuation  des incidences  Natura  2000 ;\nVu le d\u00e9cret  n\u00b02017-1279  du 9 ao\u00fbt  2017,  portant  simplification  de la police  des manifestations\nsportives  ;\n51, rue de la R\u00e9publique  \u2014 CS 42001  - 80020  Amiens  Cedex  9\nT\u00e9l : 03.22.97.80.80  - Fax  : 03.22.97.80.98\nPortail  de l'\u00c9tat  dans  la Somme  : http://www.somme.gouv.fr\n1/5\nPr\u00e9fecture de la Somme - Cabinet - 80-2024-04-04-00001 - AP Somme Paris Roubaix 2024 16\nVu le d\u00e9cret  du 13 juillet  2023  portant  nomination  du pr\u00e9fet  de la Somme,  Monsieur  Rollon  MOUCHEL-\nBLAISOT  \u00e0 compter  du 24 juillet  2023  ;\nVu le d\u00e9cret  du 3 janvier  2024  portant  nomination  de Monsieur  Victor  JOZON,  sous-pr\u00e9fet,  directeur  de\ncabinet  du pr\u00e9fet  de la Somme  ; | '\nVu l'arr\u00eat\u00e9  interminist\u00e9riel  du 28 octobre  2010  fixant  le montant  des  remboursements  de certaines\nd\u00e9penses  support\u00e9es  par  les forces  de police  et de gendarmerie  ;\nVu l'arr\u00eat\u00e9  minist\u00e9riel  du 24 novembre  2017  relatif  aux  manifestations  comportant  des v\u00e9hicules\nterrestres  \u00e0 moteur  ;\nVu l'arr\u00eat\u00e9  minist\u00e9riel  du 14 f\u00e9vrier  2024  portant  interdiction  des  concentrations  ou manifestations\nsportives  sur les routes  \u00e0 grande  circulation  jusqu'au  31 mai  2024  inclus  :\nVu l'arr\u00eat\u00e9  pr\u00e9fectoral  du 15 janvier  2024  portant  d\u00e9l\u00e9gation  de signature  principale  \u00e0 Monsieur  Victor\nJOZON,  directeur  de cabinet  du pr\u00e9fet  de la Somme  ;\nConsid\u00e9rant  la demande  du 19 d\u00e9cembre  2023  par laquelle  Monsieur  Thierry  GOUVENOU,  directeur  de\nl'\u00e9preuve  pour  l'association  \u00ab Tour  de France  Sport  \u00bb, sis 40-42  quai  du point  du jour  \u00e0 Boulogne-\nBillancourt  (92100),  sollicitant  l'autorisation  d'organiser  une  \u00e9preuve  cycliste  professionnelle\nd\u00e9nomm\u00e9e  \u00ab 121\u00e8me  \u00e9dition  du Paris-Roubaix  \u00bb, le dimanche  7 avril  2024  ;\nConsid\u00e9rant  les avis  des  autorit\u00e9s  administratives  et les avis  des services  consult\u00e9s  ;\nSur proposition  de Monsieur  le directeur  de cabinet  ;\nARRETE\nArticle  1* :\nMonsieur  Thierry  GOUVENOU,  directeur  de l'\u00e9preuve  pour  l'association  \u00ab Tour  de France  Sport  \u00bb, sis 40-\n42 quai  du point  du jour  \u00e0 Boulogne-Billancourt  (92100),  est autoris\u00e9  \u00e0 organiser,  le dimanche\n7 avril  2024  une  \u00e9preuve  cycliste  professionnelle  d\u00e9nomm\u00e9e  \u00ab121\u00b0  \u00e9dition  du Paris-Roubaix  \u00bb,\nempruntant  l'itin\u00e9raire  soumis  par  l'organisateur.\nArticle  2 :\nL'organisateur  prend  toutes  les dispositions  n\u00e9cessaires  pour  le bon  fonctionnement  de l'\u00e9preuve\nsportive  et assure  la s\u00e9curit\u00e9  des  participants  et des  spectateurs.\nL'organisateur  informe  avant  le d\u00e9part  de l'\u00e9preuve  l'ensemble  des  participants  sur les r\u00e8gles  de\ns\u00e9curit\u00e9  et de circulation  \u00e0 respecter.  '\nArticle  3 :\nCette  comp\u00e9tition  circule  sous  le r\u00e9gime  de l'usage  privatif  de la chauss\u00e9e.  Le r\u00e9gime  de circulation  est\nport\u00e9  \u00e0 la connaissance  des usagers  de la route  par les moyens  de publicit\u00e9  des actes  administratifs.  Il\nest maintenu  par l'organisateur  et par les militaires  de la gendarmerie  nationale.\nConform\u00e9ment  \u00e0 l'arr\u00eat\u00e9  temporaire  n\u00b024-AT-0194  du conseil  d\u00e9partemental  de la Somme,  lors  du\npassage  de la manifestation  la circulation  est interrompue  sur la section  de la RD 930  du PR48+0800  au\n2/5\nPr\u00e9fecture de la Somme - Cabinet - 80-2024-04-04-00001 - AP Somme Paris Roubaix 2024 17\nPR45+0377  (Ham  et Eppeville)  situ\u00e9s  hors  agglom\u00e9ration  et RD 932  au PR 0+0122  (Muille-Villette)  situ\u00e9\nhors  agglom\u00e9ration.\nPendant  cette  p\u00e9riode,  la circulation  est interdite  aux  usagers  de la route.\nL'organisateur  veille  \u00e0 l'adaptation  du dispositif  de s\u00e9curit\u00e9  (v\u00e9hicules  d'accompagnement,\nsignal\u00e9tique).\nLa caravane  publicitaire  circule  sous  le r\u00e9gime  du strict  respect  du code  de la route.\nArticle  4 :\nLe service  d'ordre  est mis  en place  conform\u00e9ment  aux  conventions  pass\u00e9es  avec  les services  de\ngendarmerie  et l'escadron  motocycliste  de la garde  r\u00e9publicaine.\nLes motocyclistes  de la garde  r\u00e9publicaine  sont  en charge  de s\u00e9curiser  I'\u00e9preuve  sur la totalit\u00e9  du\nparcours  (bulle).  Des  motocyclistes  de l'escadron  d\u00e9partemental  de s\u00e9curit\u00e9  routi\u00e8re  de la Somme\ns\u00e9curiseront  les \u00e9ventuelles  \u00e9vacuations  sanitaires  et le pilotage  des  ambulances.\nLa pr\u00e9sente  autorisation  est accord\u00e9e,  sous  r\u00e9serve  que  l'organisateur  prenne  \u00e0 sa charge  les frais  de\nservice  d'ordre  ainsi  que  tous  les frais  rendus  n\u00e9cessaires  par  la mise  en place  des  dispositifs  destin\u00e9s  au\nmaintien  de l'ordre  et \u00e0 la s\u00e9curit\u00e9  de l'\u00e9preuve.\nArticle  5 :\nL'organisateur  met  en place  une  signalisation  de parcours,  efficace  et lisible  pour  tous  les participants\nde l'\u00e9preuve  et les usagers  de la route.  Elle  doit  d\u00e9signer  la direction  \u00e0 prendre  et indiquer  tr\u00e8s\nclairement  les dangers  inh\u00e9rents  aux  passages  des  coureurs.\nLes arr\u00e9t\u00e9s  municipaux  interdisant  le passage  doivent  \u00eatre  appos\u00e9s  par  l'organisateur  sur chaque\nbarri\u00e8re  bloquant  une  voie  de communication.\nLa fourniture  du dispositif  est \u00e0 la charge  de l'organisateur.\nIl est interdit  d'utiliser  les \u00e9quipements  directionnels  et de Police  du d\u00e9partement  ainsi  que  les arbres\npour  fl\u00e9cher  le parcours.\nArticle  6:\nLe dispositif  pr\u00e9visionnel  de secours  et la structure  m\u00e9dicale  doivent  \u00eatre  conformes  \u00e0 la d\u00e9claration\ntransmise  au dossier  via le concours  de la soci\u00e9t\u00e9  Mutuaide  Sport.\nArticle  7 :\nPendant  la pr\u00e9sence  du public,  l'organisateur  veille  \u00e0 faire  respecter  la circulation  ainsi  que  le\nstationnement  des  v\u00e9hicules  de spectateurs  afin  de faciliter  les cheminements  des  services  de secours\nen toutes  circonstances,  en particulier  au niveau  des  d\u00e9parts  et des  arriv\u00e9es.\nPour  les communes  dans  lesquelles  un centre  d'incendie  et de secours  est implant\u00e9,  l'organisateur  veille\n\u00e0 ce que  la manifestation  et ses abords  (stationnement..)  permettent  en permanence  aux  sapeurs-\npompiers  de regagner  sans  difficult\u00e9  leur  centre  et de partir  sans  d\u00e9lai  en intervention.\n3/5\nPr\u00e9fecture de la Somme - Cabinet - 80-2024-04-04-00001 - AP Somme Paris Roubaix 2024 18\nLe stationnement  des  v\u00e9hicules  sera  interdit  \u00e0 proximit\u00e9  des  points  d'eau  incendie.  Il est \u00e9galement\ninterdit  et mat\u00e9rialis\u00e9  comme  tel dans  toutes  les zones  dangereuses,  en particulier  dans  les wrages  et\naux  intersections  d'axes  ou de tout  autre  point  du parcours  le n\u00e9cessitant.\nTous  les dispositifs  concourant  \u00e0 la d\u00e9fense  ext\u00e9rieure  contre  I'incendie  (poteau  d'incendie,  bouche\nd'incendie,  citerne  artificielle)  pr\u00e9sents  sur le parcours,  ou  \u00e0 proximit\u00e9,  doivent  rester  accessibles  afin\nde permettre  leur  utilisation  dans  les meilleurs  d\u00e9lais  par  les sapeurs-pompiers.\nArticle  8 :\nMonsieur  Vivien  TROMPEAU  (06 76 56 22 54) est d\u00e9sign\u00e9  coordonnateur  de s\u00e9curit\u00e9.\nIl a pour  mission  :\n- de veiller  au respect  des  dispositions  de s\u00e9curit\u00e9  et d'\u00eatre  l'interlocuteur  unique  des  services  de\nsecours  ;\n-de  se tenir  inform\u00e9  de tout  \u00e9v\u00e9nement  accidentel  afin  d'interrompre  \u00e9ventuellement  la\nmanifestation  ;\n- de veiller  \u00e0 la transmission  de l'alerte  \u00e0 ses moyens  de secours  et aux secours  publics  en cas d'accident\nou de sinistre  ;\n- de commander  les actions  de secours  jusqu'\u00e0  l'arriv\u00e9e  des  secours  publics  ;\n- d'accueillir,  guider  et rendre  compte  de la situation  et des  actions  men\u00e9es  aux  responsables  des\nsecours  publics.  :\nArticle  9:\nL'organisateur  doit  prendre  toutes  dispositions  pour  assurer  la s\u00e9curit\u00e9  li\u00e9e  \u00e0 la travers\u00e9e  des  passages  \u00e0\nniveau  afin  :\n- de neutraliser  l'\u00e9preuve  si un train  est annonc\u00e9  (d\u00e8s  clignotement  des  feux  rouges)  et ce jusqu'au\nrelevage  complet  des  , barri\u00e8res.\n- de s'assurer  d'aucune  entrave  \u00e0 la bonne  perception  des  feux  rouges  clignotants  par les usagers\nroutiers  en \u00e9vitant  tous  masquages  provisoires  (du fait  de v\u00e9hicules  en stationnement,  stands,\nbanderoles,  foule,  etc.).\n- d'interdire  les stationnements  de foules  et (ou)  v\u00e9hicules  dans  les emprises  ferroviaires.\nArticle  10 :\nUne  liaison  radio-t\u00e9l\u00e9phonique  est mise  en place  sur l'ensemble  du parcours  de fa\u00e7on  \u00e0 pr\u00e9venir  dans\nles meilleurs  d\u00e9lais  le directeur  de course  de tout  incident  ou accident.\n4/5\nPr\u00e9fecture de la Somme - Cabinet - 80-2024-04-04-00001 - AP Somme Paris Roubaix 2024 19\nArticle  11 :\nL'administration  d\u00e9gage  toute  responsabilit\u00e9  et aucun  recours  ne pourra  \u00eatre  engag\u00e9  contre  elle  en ce\nqui concerne  les risques  \u00e9ventuels  et notamment  les dommages  qui pourraient  \u00eatre  caus\u00e9s  aux\npersonnes  ou aux  biens  par  le fait  soit  de I'\u00e9preuve  ou de ses essais,  soit  d'un  accident  survenu  au cours\nou \u00e0 l'occasion  de l'\u00e9preuve.\nTout  accident  survenu  lors  du d\u00e9roulement  de cette  manifestation  sportive  sera  port\u00e9  \u00e0 la\nconnaissance  de la pr\u00e9fecture  (03.22.97.80.80).\nArticle  12 :\nL'organisateur  a l'obligation  d'effectuer  le ramassage  des  d\u00e9chets  g\u00e9n\u00e9r\u00e9s  par  la manifestation  sur les\nvoies  ouvertes  \u00e0 la circulation  et leurs  d\u00e9pendances  dont  il a obtenu  l''usage  exclusif  temporaire.\nLe jet de tracts,  journaux,  prospectus,  objets  ou produits  quelconques  sur la voie  publique  est interdit.\nL'organisateur  est responsable  des  dommages,  d\u00e9gradations,  modifications  de toutes  sortes  de la voie\npublique  ou de ses d\u00e9pendances,  imputables  aux  concurrents,  aux  organisateurs  ou \u00e0 leurs  pr\u00e9pos\u00e9s.  |l\nen assure  la remise  en \u00e9tat.  En aucun  cas la responsabilit\u00e9  de l'administration  ne pourra  \u00eatre  engag\u00e9e  et\naucun  recours  ne pourra  \u00eatre  engag\u00e9  contre  elle.\nArticle  13 :\nSi les clauses  du pr\u00e9sent  arr\u00eat\u00e9  et des  textes  r\u00e9glementaires  en mati\u00e8re  d'\u00e9preuves  sportives  ne sont\npas  strictement  observ\u00e9es,  la pr\u00e9sente  autorisation  peut  \u00e0 tout  moment  \u00eatre  retir\u00e9e.\nArticle  14 :\nToutes  infractions  aux  prescriptions  du pr\u00e9sent  arr\u00eat\u00e9  seront  constat\u00e9es  et poursuivies  conform\u00e9ment\naux  dispositions  de l'article  R.610-5  du code  p\u00e9nal,  sans  pr\u00e9judice  des  p\u00e9nalit\u00e9s  plus  graves  pr\u00e9vues  le\ncas \u00e9ch\u00e9ant  par  les lois  et r\u00e8glements  en vigueur.\nArticle  15 :\nMadame  la sous-pr\u00e9f\u00e8te  de P\u00e9ronne,  Monsieur  le directeur  de cabinet,  Monsieur  le pr\u00e9sident  du Conseil\nd\u00e9partemental  de la Somme,  Messieurs  les maires  des  communes  de Muille  Villette,  Eppeville  et Ham,\nMonsieur  le Colonel,  commandant  le groupement  de gendarmerie  de la Somme,  Monsieur  le Colonel,\ndirecteur  d\u00e9partemental  des  services  d'incendie  et de secours  de la Somme,  Monsieur  le directeur  des\nservices  d\u00e9partementaux  de l'\u00e9ducation  nationale  de la Somme,  sont  charg\u00e9s,  chacun  en ce qui le\nconcerne,  de l'ex\u00e9cution  du pr\u00e9sent  arr\u00e9t\u00e9  qui sera  notifi\u00e9  au p\u00e9titionnaire  et dont  une  copie  leur  sera\nremise.  \n0 4 AVR. 2024\n5/5\nPr\u00e9fecture de la Somme - Cabinet - 80-2024-04-04-00001 - AP Somme Paris Roubaix 2024 20\nPr\u00e9fecture de la Somme - Direction de la\nCitoyennet\u00e9 et de la L\u00e9galit\u00e9\n80-2024-04-04-00010\nArr\u00eat\u00e9 pr\u00e9fectoral du 4 avril 2024 instituant la\ncommission d\u00e9partementale de propagande \u00e0\nl'occasion de l'\u00e9lection des repr\u00e9sentants au\nParlement europ\u00e9en du 9 juin 2024 et arr\u00eatant la\ndate et le lieu de d\u00e9p\u00f4t de la propagande\nPr\u00e9fecture de la Somme - Direction de la Citoyennet\u00e9 et de la L\u00e9galit\u00e9 - 80-2024-04-04-00010 - Arr\u00eat\u00e9 pr\u00e9fectoral du 4 avril 2024\ninstituant la commission d\u00e9partementale de propagande \u00e0 l'occasion de l'\u00e9lection des repr\u00e9sentants au Parlement europ\u00e9en du 9 juin\n2024 et arr\u00eatant la date et le lieu de d\u00e9p\u00f4t de la propagande21\nPREFET  Secr\u00e9tariat  g\u00e9n\u00e9ral\nDE LA SOMME  Direction  de la citoyennet\u00e9  et de la l\u00e9galit\u00e9\np  Bureau  des  \u00e9lections  et de la r\u00e9glementation  g\u00e9n\u00e9rale\nFraternit\u00e9\nARR\u00caT\u00c9\ninstituant  la commission  d\u00e9partementale  de propagande  \u00e0 l'occasion  de l'\u00e9lection\ndes  repr\u00e9sentants  au Parlement  europ\u00e9en  du 9 juin  2024  et arr\u00eatant  la date  et le lieu\nde d\u00e9p\u00f4t  de la propagande\nLE PR\u00c9FET  DE LA SOMME\nCHEVALIER  DE LA L\u00c9GION  D'HONNEUR\nVu le code  \u00e9lectoral,  et notamment  les articles  R.32  et R,34  ;\nVu la loi n\u00b077-729  du 7 juillet  1977  modifi\u00e9e  relative  \u00e0 l'\u00e9lection  des  repr\u00e9sentants  au Parlement\neurop\u00e9en,  notamment  son  article  17 ;\nVu le d\u00e9cret  n\u00b079-160  du 28 f\u00e9vrier  1979  modifi\u00e9  portant  application  de la loi n\u00b077-729  du 7 juillet  1977\nsusvis\u00e9e  et notamment  son  article  6 ;\nVu le d\u00e9cret  du 13 juillet  2023  portant  nomination  du pr\u00e9fet  de la Somme,  M. Rollon  MOUCHEL-\nBLAISOT  \u00e0 compter  du 24 juillet  2023  ;\nVu le d\u00e9cret  du 21 juillet  2023  portant  nomination  de M. Emmanuel  MOULARD,  sous-pr\u00e9fet  hors  classe,\nsecr\u00e9taire  g\u00e9n\u00e9ral  de la pr\u00e9fecture  de la Somme  ;\nVu le d\u00e9cret  n\u00b02024-226  du 12 mars  2024  portant  convocation  des  \u00e9lecteurs  pour  l'\u00e9lection  des\nrepr\u00e9sentants  au Parlement  europ\u00e9en  ;\nVu l'arr\u00eat\u00e9  pr\u00e9fectoral  du 15 janvier  2024  portant  d\u00e9l\u00e9gation  de signature  principale  \u00e0 M. Emmanuel\nMOULARD,  secr\u00e9taire  g\u00e9n\u00e9ral  de la pr\u00e9fecture  de la Somme  ;\nVu l'ordonnance  du 25 mars  2024  de la Premi\u00e8re  Pr\u00e9sidente  de la Cour  d'Appel  d'Amiens,  d\u00e9signant  le\nmagistrat  appel\u00e9  \u00e0 pr\u00e9sider  la commission  d\u00e9partementale  de propagande  dans  le d\u00e9partement  de la\nSomme  ;\nVu la d\u00e9signation  du 11 mars  2024  op\u00e9r\u00e9e  par  la directrice  de la performance  logistique  de La Poste  DEX\nHauts-de-France,  op\u00e9rateur  charg\u00e9  de l'envoi  de la propagande  ;\nSur  proposition  du secr\u00e9taire  g\u00e9n\u00e9ral  de la pr\u00e9fecture  de la Somme  :\nARR\u00caTE\nArticle  1er. - \u00c0 l'occasion  de I'\u00e9lection  des repr\u00e9sentants  au Parlement  europ\u00e9en  qui se d\u00e9roulera  le 9\njuin  2024,  il est institu\u00e9  une  commission  d\u00e9partementale  de propagande  charg\u00e9e  d'assurer  l'envoi  et la\ndistribution  des  documents  \u00e9lectoraux  \u00e0 tous  les \u00e9lecteurs  ainsi  que  dans  chaque  mairie  du\nd\u00e9partement  de la Somme.\nElle  est compos\u00e9e  de la fa\u00e7on  suivante  :\nPr\u00e9fecture de la Somme - Direction de la Citoyennet\u00e9 et de la L\u00e9galit\u00e9 - 80-2024-04-04-00010 - Arr\u00eat\u00e9 pr\u00e9fectoral du 4 avril 2024\ninstituant la commission d\u00e9partementale de propagande \u00e0 l'occasion de l'\u00e9lection des repr\u00e9sentants au Parlement europ\u00e9en du 9 juin\n2024 et arr\u00eatant la date et le lieu de d\u00e9p\u00f4t de la propagande22\nPr\u00e9sidence  :\nMme  Isabelle  RAMEAU,  vice-pr\u00e9sidente  charg\u00e9e  des  fonctions  de juge  des  contentieux  de la protection\nau tribunal  judiciaire  d'Amiens  (titulaire)  ;\nM. Franck  ESPINASSE,  vice-pr\u00e9sident  charg\u00e9  des  fonctions  de juge  des  contentieux  de la protection  au\ntribunal  judiciaire  d'Amiens  (suppl\u00e9ant).\nMembres  :\nM. Nicolas  GRENIER,  directeur  de la citoyennet\u00e9  et de la l\u00e9galit\u00e9  \u00e0 la pr\u00e9fecture  de la Somme  (titulaire)  ;\nMme  C\u00e9lia  CADET,  cheffe  du bureau  des  \u00e9lections  et de la r\u00e9glementation  g\u00e9n\u00e9rale  de la pr\u00e9fecture  de\nla Somme  (suppl\u00e9ante)  ;\nM. Michel  ACCOU,  repr\u00e9sentant  de La Poste  (titulaire)  ;\nMme  Christine  GRILHERES,  responsable  excellence  logistique  (suppl\u00e9ante).\nSecr\u00e9taire  :\nMme  Julienne  CHEVALLIER,  adjointe  \u00e0 la cheffe  du bureau  des  \u00e9lections  et de la r\u00e9glementation\ng\u00e9n\u00e9rale  de la pr\u00e9fecture  de la Somme.\nArticle  2. - Le si\u00e8ge  de la commission  d\u00e9partementale  de propagande  est fix\u00e9  \u00e0 la Pr\u00e9fecture  de la\nSomme,  51 rue  de la R\u00e9publique,  80000  Amiens.\nArticle  3. - Les candidats  t\u00eates  de liste  ou leurs  repr\u00e9sentants  peuvent  participer,  avec  voix  consultative,\naux  travaux  de la commission.\nArticle  4. - La commission  se r\u00e9unira  le lundi  27 mai  2024  \u00e0 18 heures  dans  les locaux  de la pr\u00e9fecture  de\nla Somme  - salle  Jean  Moulin  au 14 rue  Jules  Lardi\u00e8re  \u00e0 Amiens  afin  de v\u00e9rifier  la quantit\u00e9  et la\nconformit\u00e9  du mat\u00e9riel  \u00e9lectoral  d\u00e9pos\u00e9s  par  les candidats  avec  les exemplaires  valid\u00e9s  par  la\ncommission  nationale  de propagande.\nArticle  5. - La commission  d\u00e9partementale  de propagande  n'est  pas  tenue  d'assurer  |'envoi  des\ndocuments  remis  d'une  part  apr\u00e8s  le lundi  27 mai  2024  \u00e0 18 heures  et, d'autre  part,  non  conformes  avec\nceux  valid\u00e9s  par  la commission  nationale  de propagande.\nArticle  6. \u2014- Le mat\u00e9riel  \u00e9lectoral  devra  \u00eatre  d\u00e9pos\u00e9  dans  les locaux  de Paragon  Supply  Services.\nL'adresse  de livraison  sera  communiqu\u00e9e,  sur demande,  aux  candidats  t\u00e9tes  de liste,  leurs  repr\u00e9sentants\nou leurs  imprimeurs  par  le bureau  des  \u00e9lections  et de la r\u00e9glementation  g\u00e9n\u00e9rale  (pref-\nelections@somme.gouv.fr).\nArticle  7. - Le secr\u00e9taire  g\u00e9n\u00e9ral  de la pr\u00e9fecture  de la Somme  ainsi  que  la pr\u00e9sidente  de la commission\nsont  charg\u00e9s,  chacun  en ce qui le concerne,  de I'ex\u00e9cution  du pr\u00e9sent  arr\u00eat\u00e9  qui sera  publi\u00e9  au recueil\ndes  actes  administratifs  de la pr\u00e9fecture  de la Somme.\nAmiens,  le \u2014 4 AVR  2024\nPour  le pr\u00e9fet  et par d\u00e9l\u00e9gation,\nLe secr\u00e9taire  g\u00e9n\u00e9ral,\nC , t4\nEmmanuel  MOULARD\nPr\u00e9fecture de la Somme - Direction de la Citoyennet\u00e9 et de la L\u00e9galit\u00e9 - 80-2024-04-04-00010 - Arr\u00eat\u00e9 pr\u00e9fectoral du 4 avril 2024\ninstituant la commission d\u00e9partementale de propagande \u00e0 l'occasion de l'\u00e9lection des repr\u00e9sentants au Parlement europ\u00e9en du 9 juin\n2024 et arr\u00eatant la date et le lieu de d\u00e9p\u00f4t de la propagande23","date":"2024-04-05","first_seen_on":"2024-05-12T18:16:25+00:00","id":"68fcbbde6b8a7db8815c89ba89efc891761dc4ae478e6434d36fe9c17329fe40","name":"RAA n\u00b073 sp\u00e9cial (nominatif) du 5 avril 2024","pdf_creation_date":"2024-04-05T14:20:55+00:00","pdf_modification_date":null,"timezone":"Europe/Paris","url":"https://www.somme.gouv.fr/contenu/telechargement/47360/317353/file/recueil-2024-073-recueil-des-actes-administratifs-nominatifs.pdf"}
