{"administration":"ppparis","administration_name":"Pr\u00e9fecture de police de Paris","content":"PREFECTUREDE POLICELibert\u00e9Egalit\u00e9Fraternit\u00e9\na\nCABINET DU PREFET\nArr\u00eat\u00e9 n\u00b02026-00407\nautorisant la captation, l'enregistrement et la transmission d'images au moyen de cam\u00e9ras \ninstall\u00e9es sur des a\u00e9ronefs \u00e0 l'occasion d'un rassemblement \u00e0 Saint-Denis (93) le 11 avril 2026\nLe pr\u00e9fet de police,\nVu le code de la s\u00e9curit\u00e9 int\u00e9rieure, notamment ses articles L. 242-1 \u00e0 L. \u00a0242-8 et R.\u00a0242-8 \u00e0 \nR. 242-15 ;\nVu le d\u00e9cret n\u00b0  2004-374 du 29 avril  2004 modifi\u00e9 relatif  aux pouvoirs des pr\u00e9fets,  \u00e0  \nl'organisation et \u00e0 l'action des services de l'\u00c9tat dans les r\u00e9gions et d\u00e9partements\u00a0;\nVu l'arr\u00eat\u00e9  du 19 avril 2023  relatif au nombre  maximal de  cam\u00e9ras  install\u00e9es  sur  des  \na\u00e9ronefs pouvant \u00eatre simultan\u00e9ment utilis\u00e9es dans chaque d\u00e9partement et collectivit\u00e9  \nd'outre-mer, notamment son annexe\u00a0;\nVu l'instruction minist\u00e9rielle NOR IOMD2311883J du 30 avril 2023 relative \u00e0 la proc\u00e9dure  \nd'autorisation  des  cam\u00e9ras  install\u00e9es  sur  des  a\u00e9ronefs  pour  des  missions  de  police  \nadministrative\u00a0;\nVu le d\u00e9cret du 22 octobre 2025 par lequel M. Patrice FAURE, administrateur de l'\u00c9tat du  \ntroisi\u00e8me grade, directeur de cabinet du Pr\u00e9sident de la R\u00e9publique, est nomm\u00e9 pr\u00e9fet de  \npolice (groupe I), \u00e0 compter du 23 octobre 2025\u00a0;\nVu la demande en date du 9 avril 2026 form\u00e9e par la direction de l'ordre public et de la  \ncirculation visant \u00e0 obtenir l'autorisation de capter, d'enregistrer et de transmettre des  \nimages au moyen de deux cam\u00e9ras install\u00e9es sur des a\u00e9ronefs t\u00e9l\u00e9-pilot\u00e9s afin d'assurer la  \npr\u00e9vention  des  atteintes  \u00e0  la  s\u00e9curit\u00e9  des  personnes  et  des  biens,  la  s\u00e9curit\u00e9  des  \nrassemblements, la pr\u00e9vention d'actes de terrorisme et la r\u00e9gulation des flux de transport  \n\u00e0 Saint-Denis le 11 avril 2026\u00a0;\nConsid\u00e9rant que les dispositions du I de l'article L. 242-5 du code de la s\u00e9curit\u00e9 int\u00e9rieure  \npermettent  aux  forces  de  s\u00e9curit\u00e9  int\u00e9rieure,  dans  l'exercice  de  leurs  missions  de  \npr\u00e9vention des atteintes \u00e0 l'ordre public et de protection de la s\u00e9curit\u00e9 des personnes et  \ndes biens, de proc\u00e9der \u00e0 la captation, \u00e0 l'enregistrement et \u00e0 la transmission d'images au  \nmoyen  de  cam\u00e9ras  install\u00e9es  sur  des  a\u00e9ronefs  aux  fins  d'assurer  la  pr\u00e9vention  des  \natteintes \u00e0 la s\u00e9curit\u00e9 des personnes et des biens, la s\u00e9curit\u00e9 des rassemblements de  \npersonnes sur la voie publique ainsi que l'appui des personnels au sol, en vue de leur  \npermettre de maintenir ou de r\u00e9tablir l'ordre public lorsque ces rassemblements sont  \n2026-00407\nsusceptibles d'entra\u00eener des troubles graves \u00e0 l'ordre public ainsi que la pr\u00e9vention d'actes \nde terrorisme et la r\u00e9gulation des flux de transport\u00a0;\nConsid\u00e9rant que des appels \u00e0 manifester sur le parvis de la Basilique Saint-Denis le samedi  \n11  avril  2026  ont  \u00e9t\u00e9  lanc\u00e9s  sur  les  r\u00e9seaux  sociaux  par  le  Parti  de  la  France  (PDF),  \nmouvement politique class\u00e9 \u00e0 l'extr\u00eame droite \u00a0; que ce rassemblement a \u00e9t\u00e9 interdit par  \nle pr\u00e9fet de Seine-Saint-Denis en raison d'importants risques de trouble \u00e0 l'ordre public \u00a0; \nque plusieurs collectifs ont lanc\u00e9 des appels \u00e0 se rassembler pour protester contre ce  \nrassemblement\u00a0; que le pr\u00e9fet de Seine-Saint-Denis a en outre pris un arr\u00eat\u00e9 d'interdiction  \ndes rassemblements non d\u00e9clar\u00e9s dans un p\u00e9rim\u00e8tre autour de la Mairie et de la Basilique  \nde Saint-Denis en raison de risques d'affrontements violents entre militants aux opinions  \nantagonistes et afin de pr\u00e9venir les troubles \u00e0 l'ordre public \u00a0; qu'il existe un risque que des \nrassemblements de nature \u00e0 troubler l'ordre public aient lieu malgr\u00e9 les interdictions \u00a0; \nqu'une manifestation d\u00e9clar\u00e9e d\u00e9butera en outre sa d\u00e9ambulation depuis le parvis de la  \nBasilique Saint-Denis et qu'une c\u00e9r\u00e9monie d'ordination de 18 diacres et pr\u00eatres se tiendra  \ndans la Basilique ce m\u00eame jour \u00a0; qu'il convient d'assurer la s\u00e9curit\u00e9 des personnes, des  \nbiens et des rassemblements ainsi que la r\u00e9gulation des flux de transport dans les secteurs  \ndyonisiens concern\u00e9s le 11 avril 2026\u00a0;\nConsid\u00e9rant \u00e9galement que plusieurs attentats ou tentatives d'attentats r\u00e9cents traduisent le \nniveau \u00e9lev\u00e9 de la menace terroriste actuelle en France, dans le cadre du plan VIGIPIRATE  \n\u00ab\u00a0urgence attentat\u00a0\u00bb en vigueur sur l'ensemble du territoire national\u00a0;\nConsid\u00e9rant que le recours \u00e0 des cam\u00e9ras a\u00e9roport\u00e9es permet de disposer d'une vision en  \ngrand angle tout en limitant l'engagement des forces au sol afin d'\u00e9viter notamment des  \nmenaces pour leur int\u00e9grit\u00e9 physique, et le cas \u00e9ch\u00e9ant, d'organiser de mani\u00e8re r\u00e9active et \nefficace leur d\u00e9ploiement op\u00e9rationnel,  notamment en cas  de mouvement de foule ou  \nd'actions  violentes  de  groupes  d'individus\u00a0;  qu'il  n'existe  pas  de  dispositif  moins  intrusif \npermettant de parvenir aux m\u00eames fins\u00a0;\nConsid\u00e9rant que la demande de la direction de l'ordre public et de la circulation porte sur  \nl'engagement de deux cam\u00e9ras a\u00e9roport\u00e9es qui pourront \u00eatre en vol simultan\u00e9ment en vue \nde  capter,  d'enregistrer  et  de  transmettre  des  images \u00a0;  que  les  aires  survol\u00e9es  sont  \nstrictement  limit\u00e9es  aux zones  o\u00f9  des  troubles  \u00e0 l'ordre  public  sont  susceptibles  de  se \nproduire\u00a0; que la dur\u00e9e de l'autorisation demand\u00e9e n'appara\u00eet pas disproportionn\u00e9e au regard \ndes finalit\u00e9s poursuivies\u00a0;\nSur proposition de la direction de l'ordre public et de la circulation,\nARRETE  \u00a0  :      \nArticle 1er \u2013 La captation, l'enregistrement et la transmission d'images par la direction de  \nl'ordre public et de la circulation sont autoris\u00e9s \u00e0 Saint-Denis le 11 avril 2026 \u00e0 l'occasion des \nrassemblements susvis\u00e9s aux titres de\u00a0:\n2\n2026-00407\n- la pr\u00e9vention des atteintes \u00e0 la s\u00e9curit\u00e9 des personnes et des biens\u00a0;\n- la s\u00e9curit\u00e9 des rassemblements\u00a0;\n- la pr\u00e9vention d'actes de terrorisme\u00a0;\n- la r\u00e9gulation des flux de transport.\nArticle  2 \u2013 Le  nombre  maximal  de  cam\u00e9ras  pouvant  proc\u00e9der  simultan\u00e9ment  \u00e0  des  \nenregistrements est fix\u00e9 \u00e0 2 cam\u00e9ras embarqu\u00e9es sur des a\u00e9ronefs t\u00e9l\u00e9-pilot\u00e9s.\nArticle 3 \u2013 La pr\u00e9sente autorisation s'applique au p\u00e9rim\u00e8tre g\u00e9ographique figurant sur le plan \nen annexe au pr\u00e9sent arr\u00eat\u00e9.\nArticle 4 \u2013 La pr\u00e9sente autorisation est d\u00e9livr\u00e9e pour le samedi 11 avril 2026 de 10h00 \u00e0 20h00 \npour l'ensemble des finalit\u00e9s pr\u00e9cit\u00e9es.\nArticle 5 \u2013 L'information du public est assur\u00e9e par la publication de l'arr\u00eat\u00e9 aux recueils des \nactes administratifs du d\u00e9partement de Paris et de la pr\u00e9fecture de Seine-Saint-Denis, sa mise \nen ligne sur le site internet de la pr\u00e9fecture de police ainsi que par une information sur les  \nr\u00e9seaux sociaux.\nArticle 6 \u2013 Le registre mentionn\u00e9 \u00e0 l'article L. 242-4 du code de la s\u00e9curit\u00e9 int\u00e9rieure est  \ntransmis au pr\u00e9fet de police, \u00e0 l'issue de la p\u00e9riode d'autorisation.\nArticle 7 \u2013 Le pr\u00e9fet de la Seine-Saint-Denis, le pr\u00e9fet, directeur du cabinet du pr\u00e9fet de  \npolice et le directeur de l'ordre public et de la circulation sont charg\u00e9s, chacun en ce qui le \nconcerne, de l'ex\u00e9cution du pr\u00e9sent arr\u00eat\u00e9 qui entrera en vigueur d\u00e8s son affichage aux  \nportes  de  la  pr\u00e9fecture  de  police,  sera  publi\u00e9  aux  recueils  des  actes  administratifs  du \nd\u00e9partement de Paris et de la pr\u00e9fecture de la Seine-Saint-Denis et consultable sur le site  \ninternet de la pr\u00e9fecture de police (https://www.prefecturedepolice.interieur.gouv.fr).\nFait \u00e0 Paris, le 10 avril 2026\nSIGN\u00c9\nPour le pr\u00e9fet de police,\nle sous-pr\u00e9fet, directeur adjoint du cabinet,\nCharles BARBIER\n3\n2026-00407\nAnnexe de l'arr\u00eat\u00e9 n\u00b0 2026-00407 du 10 avril 2026\nVOIES ET DELAIS DE RECOURS\n_______________________\nSi vous estimez devoir contester la pr\u00e9sente autorisation, il vous est possible, dans un  \nd\u00e9lai de deux mois \u00e0 compter de la date de son affichage ou de sa publication\u00a0:\n                 - soit de saisir d'un RECOURS GRACIEUX\nle Pr\u00e9fet de Police\n7/9, boulevard du Palais - 75195 PARIS RP\n- ou de former un RECOURS HIERARCHIQUE\n  aupr\u00e8s du Ministre de l'int\u00e9rieur \n  Direction des libert\u00e9s publiques et des affaires juridiques\n  place Beauvau - 75008 PARIS\n- soit de saisir d'un RECOURS CONTENTIEUX\nle Tribunal administratif comp\u00e9tent\nAucune de ces voies et recours ne suspend l'application de la pr\u00e9sente d\u00e9cision.\nLes recours GRACIEUX et HIERARCHIQUE doivent \u00eatre \u00e9crits, exposer les arguments ou  \nfaits nouveaux et comprendre la copie de la d\u00e9cision contest\u00e9e.\nLe recours contentieux, qui vise \u00e0 contester la LEGALITE de la pr\u00e9sente d\u00e9cision, doit  \n\u00e9galement \u00eatre \u00e9crit et exposer votre argumentation juridique.\nSi vous n'aviez pas de r\u00e9ponse \u00e0 votre recours GRACIEUX ou HIERARCHIQUE dans un  \nd\u00e9lai de deux mois \u00e0 compter de la r\u00e9ception de votre recours par l'administration, votre  \ndemande devra \u00eatre consid\u00e9r\u00e9e comme rejet\u00e9e (d\u00e9cision implicite de rejet).\nEn cas de rejet des RECOURS GRACIEUX ou HIERARCHIQUE, le Tribunal administratif peut \n\u00eatre saisi d'un recours contentieux dans le d\u00e9lai de deux mois \u00e0 compter de la date de la  \nd\u00e9cision de rejet.\n4\n2026-00407\n5\n2026-00407","date":"2026-04-10","first_seen_on":"2026-04-10T14:04:45+00:00","id":"691cf42566436d3de63eada5d3841f07214db17c19933dc605cee910695c04da","name":"Arr\u00eat\u00e9 2026-00407 du 10 avril 2026 autorisant la captation, l\u2019enregistrement et la transmission d\u2019images au moyen de cam\u00e9ras install\u00e9es sur des a\u00e9ronefs \u00e0 l\u2019occasion d\u2019un rassemblement \u00e0 Saint-Denis (93) le 11 avril 2026 ","pdf_creation_date":"2026-04-10T13:31:51+00:00","pdf_modification_date":null,"timezone":"Europe/Paris","url":"https://www.prefecturedepolice.interieur.gouv.fr/sites/default/files/Documents/2026_00407_10042026.pdf"}
