{"administration":"pref50","administration_name":"Pr\u00e9fecture de la Manche","content":"1\nRECUEIL DES ACTES\nADMINISTRATIFS\n\uf0bf \uf0bf \uf0bf\nDELEGATIONS DE SIGNATURE\ndonn\u00e9es par\nM. Fr\u00e9d\u00e9ric P\u00c9RISSAT\nPr\u00e9fet de la Manche\nChevalier de la L\u00e9gion d'honneur\nChevalier de l'Ordre National du M\u00e9rite\n\uf0bf \uf0bf \uf0bf\nArr\u00eat\u00e9s du 2 mai 2023\nsign\u00e9s par le Pr\u00e9fet de la Manche :\nM. Fr\u00e9d\u00e9ric P\u00c9RISSAT\nNUM\u00c9RO SP\u00c9CIAL N\u00b0 23\n\uf0bf \uf0bf \uf0bf\nLE CONTENU INT\u00c9GRAL DES TEXTES ET/OU LES DOCUMENTS ET PLANS ANNEX\u00c9S\npeut \u00eatre consult\u00e9 aupr\u00e8s du service sous le timbre duquel la publication est r\u00e9alis\u00e9e et sur le site Internet de la pr\u00e9fecture :\nhttp ://www.manche.gouv.fr\nRUBRIQUE : PUBLICATION - ANNONCES ET AVIS - RECUEIL DES ACTES ADMINISTRATIFS\n\n2\nS O M M A I R E\nI \u2013 DELEGATIONS DE SIGNATURE................................................................................................................................................................................2\nPR\u00c9FECTURE - SOUS-PR\u00c9FECTURE......................................................................................................................................................................................2\nArr\u00eat\u00e9 n\u00b02023-13 \u2013 VN du 2 mai 2023 confiant la suppl\u00e9ance du poste de M. le Pr\u00e9fet de la Manche le 5 mai 2023................................................2\nArr\u00eat\u00e9 n\u00b0 2023 - 12 \u2013VN du 2 mai 2023 donnant d\u00e9l\u00e9gation de signature aux sous-pr\u00e9fets dans le cadre des permanences...................................2\nArr\u00eat\u00e9 n\u00b0 2023 - 10 \u2013VN du 2 mai 2023 portant d\u00e9l\u00e9gation de signature \u00e0 Mme Perrine SERRE - Secr\u00e9taire g\u00e9n\u00e9rale de la pr\u00e9fecture..................3\n\uf0bf\nI \u2013 DELEGATIONS DE SIGNATURE\nPr\u00e9fecture - Sous-pr\u00e9fecture\nArr\u00eat\u00e9 n\u00b02023-13 \u2013 VN du 2 mai 2023 confiant la suppl\u00e9ance du poste de M. le Pr\u00e9fet de la Manche le 5 mai 2023 \nVu la loi n\u00b0 82-213 du 3 mars 1982 modifi\u00e9e relative aux droits et libert\u00e9s des communes, des d\u00e9partements et des r\u00e9gions ;\nVu la loi d'orientation n\u00b0 92-125 du 6 f\u00e9vrier 1992 modifi\u00e9e relative \u00e0 l'administration territoriale de la R\u00e9publique ;\nVu le d\u00e9cret n\u00b0 2004-374 du 29 avril 2004 modifi\u00e9 relatif aux pouvoirs des pr\u00e9fets, \u00e0 l'organisation et \u00e0 l'action des services de l'\u00c9tat dans les\nr\u00e9gions et d\u00e9partements ;\nVu le d\u00e9cret du 3 novembre 2021 portant nomination de M. Fr\u00e9d\u00e9ric P\u00c9RISSAT, pr\u00e9fet de la Manche ;\nVu le d\u00e9cret du 15 mars 2018 portant nomination de Mme Elisabeth CASTELLOTTI, sous-pr\u00e9f\u00e8te hors classe en position de service d\u00e9tach\u00e9, en\ntant que sous-pr\u00e9f\u00e8te de Cherbourg ;\nArt. 1 :Mme Elisabeth CASTELLOTTI, en qualit\u00e9 de sous-pr\u00e9f\u00e8te de Cherbourg, est charg\u00e9e d'assurer la suppl\u00e9ance du poste de pr\u00e9fet le 5 mai\n2023.\nArt. 2 :D\u00e9l\u00e9gation de signature est donn\u00e9e, \u00e0 ce titre, \u00e0 Mme Elisabeth CASTELLOTTI en toutes mati\u00e8res relevant des attributions du repr\u00e9sentant\nde l'\u00c9tat dans le d\u00e9partement \u00e0 l'effet d'exercer pleinement cette responsabilit\u00e9.\nSign\u00e9 : Le Pr\u00e9fet : Fr\u00e9d\u00e9ric PERISSAT\n\uf0bf\nArr\u00eat\u00e9 n\u00b0 2023 - 12 \u2013VN du 2 mai 2023 donnant d\u00e9l\u00e9gation de signature aux sous-pr\u00e9fets dans le cadre des permanences\nVu le code de la route et notamment ses articles L.224-1 \u00e0 L.224-4,  L.224-6 et L.325-1-2 ;\nVu le code de l'entr\u00e9e et du s\u00e9jour des \u00e9trangers et du droit d'asile ;\nVu le code g\u00e9n\u00e9ral des collectivit\u00e9s territoriales ;\nVu le code de la sant\u00e9 publique ;\nVu la loi n\u00b0 82-213 du 2 mars 1982 modifi\u00e9e relative aux droits et libert\u00e9s des communes, des d\u00e9partements et des r\u00e9gions ;\nVu la loi n\u00b0 92-125 du 6 f\u00e9vrier 1992 modifi\u00e9e relative \u00e0 l'administration territoriale de la R\u00e9publique ;\nVu le d\u00e9cret n\u00b0 2004-374 du 29 avril 2004 modifi\u00e9 relatif aux pouvoirs des pr\u00e9fets, \u00e0 l'organisation et \u00e0 l'action des services de l'\u00c9tat dans les\nr\u00e9gions et d\u00e9partements et notamment son article 43-10\u00b0 ;\nVu le d\u00e9cret n\u00b0 2015-510 du 7 mai 2015 portant charte de la d\u00e9concentration ;\nVu le d\u00e9cret du 3 novembre 2021 portant nomination de M. Fr\u00e9d\u00e9ric P\u00c9RISSAT, pr\u00e9fet de la Manche ;\nVu le d\u00e9cret du 19 avril 2023 portant nomination de Mme Perrine SERRE, secr\u00e9taire g\u00e9n\u00e9ral ede la pr\u00e9fecture de la Manche, sous-pr\u00e9f\u00e8te de Saint-\nL\u00f4 ;\nVu les d\u00e9crets nommant :\n- Mme \u00c9lisabeth CASTELLOTTI, sous-pr\u00e9f\u00e8te de Cherbourg (d\u00e9cret du 15 mars 2018),\n- M. Fran\u00e7ois FLAHAUT, sous-pr\u00e9fet, directeur de cabinet du pr\u00e9fet de la Manche (d\u00e9cret du 11 mars 2021),\n- M. Julien MINICONI, sous-pr\u00e9fet de Coutances (d\u00e9cret du 23 mars 2023),\n- M. Pierre CHAULEUR, sous-pr\u00e9fet d'Avranches (d\u00e9cret du 31 mars 2023).\nVu les arr\u00eat\u00e9s pr\u00e9fectoraux donnant d\u00e9l\u00e9gation de signature \u00e0  Mme Elisabeth CASTELLOTTI et \u00e0 MM. Fran\u00e7ois FLAHAUT, Julien MINICONI et\nPierre CHAULEUR ;\nConsid\u00e9rant ce qui suit  : que dans le cadre des permanences qu'ils sont amen\u00e9s \u00e0 assurer, les sous-pr\u00e9fets peuvent \u00eatre conduits \u00e0 signer des\nactes administratifs d\u00e9bordant de leurs attributions ou des comp\u00e9tences qui leur sont conf\u00e9r\u00e9es ;\nArt. 1 :Lorsqu'ils assurent les permanences, les sous-pr\u00e9fets ci-apr\u00e8s d\u00e9sign\u00e9s :\nMme \u00c9lisabeth CASTELLOTTI, sous-pr\u00e9f\u00e8te de Cherbourg,\nM. Julien MINICONI, sous-pr\u00e9fet de Coutances,\nM. Fran\u00e7ois FLAHAUT, sous-pr\u00e9fet, directeur de cabinet,\nM. Pierre CHAULEUR, sous-pr\u00e9fet d'Avranches,\nont d\u00e9l\u00e9gation de signature dans les domaines suivants, sur l'ensemble du territoire d\u00e9partemental :\n- Transports exceptionnels :\n. autorisations\n- Transports de corps :\n. autorisations de transport de corps et de cendres en dehors du territoire m\u00e9tropolitain\n- Hospitalisation sous-contrainte :\n. arr\u00eat\u00e9s des soins psychiatriques sur d\u00e9cision du repr\u00e9sentant de l'\u00c9tat\n- Suspension du permis de conduire :\n. arr\u00eat\u00e9s de suspension provisoire imm\u00e9diate du permis de conduire\n- Proc\u00e9dure de reconduite d'un \u00e9tranger \u00e0 la fronti\u00e8re :\n- refus de s\u00e9jour\n- obligations de quitter le territoire fran\u00e7ais\n- arr\u00eat\u00e9s fixant le pays de destination\n- interdictions de retour sur le territoire fran\u00e7ais\n- arr\u00eat\u00e9s de transferts de demandeurs d'asile (r\u00e8glement Dublin)\n- arr\u00eat\u00e9s de r\u00e9admission Schengen\n- arr\u00eat\u00e9s de placement et maintien en r\u00e9tention\n- arr\u00eat\u00e9s d'assignation \u00e0 r\u00e9sidence\n- saisines du juge des libert\u00e9s et de la d\u00e9tention (JLD), requ\u00eates et m\u00e9moires\n- m\u00e9moires devant le juge administratif\n- retraits d'attestation de demande d'asile\n- Octroi du concours de la force publique\n- Mise en demeure de quitter les lieux pr\u00e9alable \u00e0 l'\u00e9vacuation forc\u00e9e des r\u00e9sidences mobiles en stationnement illicite\n- Proc\u00e9dure d'immobilisation et de mise en fourri\u00e8re d'un v\u00e9hicule, pendant une dur\u00e9e maximale de 7 jours, en cas de d\u00e9lit constat\u00e9 pour lequel la\npeine de confiscation obligatoire est encourue, \u00e0 savoir :\n- conduite sans le permis correspondant \u00e0 la cat\u00e9gorie du v\u00e9hicule,\n- conduite malgr\u00e9 suspension, annulation ou interdiction judiciaires d'obtenir le permis de conduire,\n3\n- r\u00e9cidive de d\u00e9lit de conduite sous l'emprise d'un \u00e9tat alcoolique ou de refus de se soumettre aux v\u00e9rifications de l'\u00e9tat alcoolique,\n- r\u00e9cidive de conduite apr\u00e8s usage de stup\u00e9fiants ou de refus de se soumettre aux v\u00e9rifications d'usage de stup\u00e9fiants,\n- r\u00e9cidive de grand exc\u00e8s de vitesse (d\u00e9passement de 50 km/h ou plus de la vitesse maximale autoris\u00e9e),\n- homicide ou blessures involontaires \u00e0 l'occasion d'accident de la circulation commis avec une circonstance aggravante,\n- r\u00e9cidive de d\u00e9lit de conduite malgr\u00e9 une condamnation judiciaire d'interdiction de conduire un v\u00e9hicule qui n'est pas \u00e9quip\u00e9 d'un anti-d\u00e9marrage\npar \u00e9thylotest \u00e9lectronique.\nArt. 2 :Les dispositions du pr\u00e9sent arr\u00eat\u00e9 entrent en vigueur \u00e0 compter du 9 mai 2023.\nSign\u00e9 : Le Pr\u00e9fet : Fr\u00e9d\u00e9ric PERISSAT\n\uf0bf\nArr\u00eat\u00e9 n\u00b0 2023 - 10 \u2013VN du 2 mai 2023 portant d\u00e9l\u00e9gation de signature \u00e0 Mme Perrine SERRE - Secr\u00e9taire g\u00e9n\u00e9rale de la pr\u00e9fecture\nVu la loi n\u00b0 82-213 du 2 mars 1982 modifi\u00e9e relative aux droits et libert\u00e9s des communes, des d\u00e9partements et des r\u00e9gions ;\nVu la loi d'orientation n\u00b0 92-125 du 6 f\u00e9vrier 1992 modifi\u00e9e relative \u00e0 l'administration territoriale de la R\u00e9publique ;\nVu le d\u00e9cret n\u00b0 2004-374 du 29 avril 2004 modifi\u00e9 relatif aux pouvoirs des pr\u00e9fets, \u00e0 l'organisation et \u00e0 l'action des services de l'\u00c9tat dans les\nr\u00e9gions et d\u00e9partements ;\nVu le d\u00e9cret du 3 novembre 2021 portant nomination de M. Fr\u00e9d\u00e9ric PERISSAT, pr\u00e9fet de la Manche ;\nVu le d\u00e9cret du 19 avril 2023 portant nomination de Mme Perrine SERRE en qualit\u00e9 de secr\u00e9taire g\u00e9n\u00e9rale de la pr\u00e9fecture de la Manche, sous-\npr\u00e9f\u00e8te de Saint-L\u00f4 ;\nVu le d\u00e9cret du 15 mars 2018 portant nomination de Mme Elisabeth CASTELLOTTI, sous-pr\u00e9f\u00e8te hors classe en position de service d\u00e9tach\u00e9, en\ntant que sous-pr\u00e9f\u00e8te de Cherbourg ;\nVu le d\u00e9cret du 11 mars 2021 nommant M. Fran\u00e7ois FLAHAUT, sous-pr\u00e9fet, directeur de cabinet du pr\u00e9fet de la Manche ; \nArt. 1     :   D\u00e9l\u00e9gation est donn\u00e9e \u00e0 Mme Perrine SERRE, secr\u00e9taire g\u00e9n\u00e9rale de la pr\u00e9fecture, \u00e0 l'effet de signer tous actes, arr\u00eat\u00e9s, d\u00e9cisions,\ncirculaires, rapports, correspondances, requ\u00eates juridictionnelles et documents relevant des attributions de l'\u00c9tat dans le d\u00e9partement de la Manche\n\u00e0 l'exception :\n- des r\u00e9quisitions de la force arm\u00e9e ;\n- des saisines de la chambre r\u00e9gionale des comptes ;\n- des arr\u00eat\u00e9s portant \u00e9l\u00e9vation de conflit ;\n- des saisies de presse (tracts ou journaux) ;\n- des d\u00e9cisions de r\u00e9quisition du comptable public.\nArt. 2     :   En cas d'absence ou d'emp\u00eachement de Mme Perrine SERRE, secr\u00e9taire g\u00e9n\u00e9rale de la pr\u00e9fecture, la d\u00e9l\u00e9gation de signature qui lui est\nconsentie \u00e0 l'article 1er est exerc\u00e9e par M. Fran\u00e7ois FLAHAUT, directeur de cabinet, dans la limite de ses attributions.\nArt. 3     :    En cas d'absence ou d'emp\u00eachement de Mme Perrine SERRE, secr\u00e9taire g\u00e9n\u00e9rale de la pr\u00e9fecture et de M. Fran\u00e7ois FLAHAUT, sous-\npr\u00e9fet, directeur  de cabinet, la d\u00e9l\u00e9gation de signature qui leur est consentie aux articles 1 et 2 est exerc\u00e9e par Mme Elisabeth CASTELLOTTI,\nsous-pr\u00e9f\u00e8te de Cherbourg.\nArt. 4 : Les dispositions du pr\u00e9sent arr\u00eat\u00e9 entrent en vigueur \u00e0 compter du 8 mai 2023.\nSign\u00e9 : Le Pr\u00e9fet : Fr\u00e9d\u00e9ric PERISSAT\n\uf0bf\nD\u00e9partement de la Manche - Imprimerie administrative\nDirecteur de la publication : M. le secr\u00e9taire g\u00e9n\u00e9ral de la pr\u00e9fecture","date":"2023-05-03","first_seen_on":"2025-07-18T12:38:28+00:00","id":"69397029b3411d30766ffd8bee35f3e890b5970419ff98a92cca1c0e87c8a812","name":"RAA sp\u00e9cial d\u00e9l\u00e9gations de signature n\u00b0 23","pdf_creation_date":"2023-05-03T10:48:05+00:00","pdf_modification_date":null,"timezone":"Europe/Paris","url":"https://www.manche.gouv.fr/contenu/telechargement/55878/435344/file/RAA%20sp%C3%A9cial%20d%C3%A9l%C3%A9gation%20de%20signature%20n%C2%B0%2023.pdf"}
