{"administration":"ppparis","administration_name":"Pr\u00e9fecture de police de Paris","content":"PREFECTUREDE POLICELibert\u00e9Egalit\u00e9Fraternit\u00e9\nfen\nCABINET DU PREFET\nParis, le 13 f\u00e9vrier 2026       \nARRETE N\u00b0 2026 - 00185\nmodifiant provisoirement le stationnement et la circulation dans plusieurs voies \nde Paris 16\u00e8me et de Boulogne-Billancourt les 25 et 26 f\u00e9vrier 2026 \u00e0 l'occasion de la rencontre \nde football entre le Paris Saint-Germain Football Club et l'Association Sportive de \nMonaco Football Club\nLE PREFET DE POLICE\nVu le code g\u00e9n\u00e9ral des collectivit\u00e9s territoriales, notamment ses articles L.2512-13 et  \nL.2512-14 II ;\nVu  le  code  de  la  route,  notamment  ses  articles  L.325-1  \u00e0  L.325-3,  R.411-8  et\nR.411-25\u00a0;\nVu le code de l'action sociale et des familles, notamment son article L.241-3\u00a0;\nVu l'avis de la Ville de Paris en date du 9 f\u00e9vrier 2026 ;\nVu l'avis de la ville de Boulogne-Billancourt en date du 9 f\u00e9vrier 2026 ;\nConsid\u00e9rant l'organisation du match de barrages de l'UEFA Ligue des Champions,  \nau Parc des Princes \u00e0 Paris 16\u00e8me entre le Paris Saint-Germain Football Club et l'Association \nSportive de Monaco Football Club qui se d\u00e9roulera le 25 f\u00e9vrier 2026 ;\nConsid\u00e9rant  que pour  assurer  le  bon  d\u00e9roulement  de cet  \u00e9v\u00e8nement  ainsi  que  la  \ns\u00e9curit\u00e9 du public, il convient de prendre des mesures de restriction du stationnement et de  \nla circulation les 25 et 26 f\u00e9vrier 2026, dans plusieurs voies de Paris 16 \u00e8me et de Boulogne-\nBillancourt\u00a0;\nSur proposition du directeur de l'ordre public et de la circulation\u00a0:\nA R R E T E\u00a0:\nArticle 1  er  \nLe stationnement de tout type de v\u00e9hicule est interdit du 25 f\u00e9vrier 2026 \u00e0 08h00 au  \n26 f\u00e9vrier 2026 \u00e0 01h00, dans les voies et portions de voies suivantes de Paris 16 \u00e8me et de Bou-\nlogne-Billancourt\u00a0:\n- rue Nungesser et Coli ;\n- all\u00e9e Charles Brennus\u00a0;\n2026 - 00185\n- avenue du G\u00e9n\u00e9ral Sarrail, entre la rue Raffa\u00eblli et la rue Lecomte du No\u00fcy\u00a0;\n- rue Lecomte du No\u00fcy\u00a0;\n- avenue du Parc des Princes\u00a0;\n- place du Docteur Paul Michaux ;\n- rue de l'Arioste\u00a0;\n- rue du Sergent Maginot\u00a0;\n- rue du G\u00e9n\u00e9ral Roques\u00a0;\n- rue du Commandant Guilbaud\u00a0;\n- place de l'Europe ;\n- rue Claude Farr\u00e8re ;\n- avenue de la Porte Molitor, c\u00f4t\u00e9 impair, entre la rue Nungesser et Coli et le boule -\nvard d'Auteuil ;\n- rue Joseph Bernard, entre la rue de la Tourelle et la rue Nungesser et Coli\u00a0;\n- place de l'Europe, entre la rue de la Tourelle et le rond-point de la place de l'Eu -\nrope ;\n- rue du Parc ;\n- rue de la Tourelle, entre la rue du Parc et la rue du Belv\u00e9d\u00e8re ;\n- rue de la Tourelle, c\u00f4t\u00e9 impair, entre la rue du Belv\u00e9d\u00e8re et la place de l'Europe.\nCes voies et portions de voies figurent en annexe 2 au pr\u00e9sent arr\u00eat\u00e9.\nArticle 2\nLa circulation de tout type de v\u00e9hicule est interdite du 25 f\u00e9vrier 2026 \u00e0 17h00 au  \n26 f\u00e9vrier 2026 \u00e0 01h00, dans les voies et portions de voies suivantes de Paris 16 \u00e8me et de Bou-\nlogne-Billancourt\u00a0:\n- rue Nungesser et Coli ;\n- all\u00e9e Charles Brennus\u00a0;\n- avenue du G\u00e9n\u00e9ral Sarrail, entre la rue Raffa\u00eblli et la rue Lecomte du No\u00fcy\u00a0;\n- rue Lecomte du No\u00fcy\u00a0;\n- avenue du Parc des Princes\u00a0;\n- place du Docteur Paul Michaux ;\n- rue de l'Arioste\u00a0;\n- rue du Sergent Maginot\u00a0;\n- rue du G\u00e9n\u00e9ral Roques\u00a0;\n- rue du Commandant Guilbaud\u00a0;\n- place de l'Europe ;\n- rue Claude Farr\u00e8re\u00a0;\n- rue Joseph Bernard, entre la rue de la Tourelle et la rue Nungesser et Coli\u00a0;\n2026 - 00185\n- place de l'Europe, entre la rue de la Tourelle et le rond-point de la place de l'Eu -\nrope ;\n- rue du Parc ;\n- rue de la Tourelle, entre la rue de Paris et la place de l'Europe.\nCes voies et portions de voies figurent en annexe 2 au pr\u00e9sent arr\u00eat\u00e9.\nArticle 3 \nSeuls les v\u00e9hicules des personnes titulaires de la carte \u00ab\u00a0mobilit\u00e9 inclusion\u00a0\u00bb portant la \nmention \u00ab\u00a0stationnement pour personnes handicap\u00e9es\u00a0\u00bb, telle que mentionn\u00e9e dans l'article \nL.241-3 du code de l'action sociale et des familles, sont autoris\u00e9s \u00e0 stationner et \u00e0 circuler rue  \ndu Sergent Maginot, \u00e0 Paris 16\u00e8me, lors des plages horaires pr\u00e9cit\u00e9es.\nArticle 4\nSans pr\u00e9judice des sanctions p\u00e9nales auxquelles s'exposent les personnes en infraction \navec les dispositions du pr\u00e9sent arr\u00eat\u00e9, les v\u00e9hicules ayant servi \u00e0 commettre ces infractions  \npeuvent \u00eatre immobilis\u00e9s et mis en fourri\u00e8re dans les conditions pr\u00e9vues aux articles L.325-1 \u00e0  \nL.325-3 du code de la route.\nArticle 5\nLes  dispositions  du  pr\u00e9sent  arr\u00eat\u00e9  ne  sont  pas  applicables  aux  v\u00e9hicules  d'int\u00e9r\u00eat \ng\u00e9n\u00e9ral prioritaires au sens des dispositions de l'article R.311-1 6.5 du code de la route.\nArticle 6\nLe directeur de l'ordre public et de la circulation, le directeur de la s\u00e9curit\u00e9 de  \nproximit\u00e9 de l'agglom\u00e9ration parisienne de la Pr\u00e9fecture de Police, le directeur de la  \nvoirie et des d\u00e9placements et le directeur de la police municipale et de la pr\u00e9vention de  \nla Ville de Paris sont charg\u00e9s, chacun en ce qui le concerne, de l'ex\u00e9cution du pr\u00e9sent  \narr\u00eat\u00e9  qui  entrera  en  vigueur  \u00e0  compter  de  sa  publication  au  recueil  des  actes  \nadministratifs de la pr\u00e9fecture de la r\u00e9gion d'\u00cele-de-France, pr\u00e9fecture de Paris et de la  \npr\u00e9fecture  de  police  et  sur  le  site  internet  de  la  pr\u00e9fecture  de  police  de  Paris  :  \nwww.prefecturedepolice.interieur.gouv.fr.\nPour le pr\u00e9fet de police,\nSous-Pr\u00e9fet Directeur Adjoint du \nCabinet\nSIGN\u00c9\nCharles BARBIER\n2026 - 00185\nANNEXE 1 A L'ARRETE N\u00b0 2026 - 00185                    du 13 f\u00e9vrier 2026\nVOIES ET DELAIS DE RECOURS\n_______________________\nSi vous estimez devoir contester la pr\u00e9sente d\u00e9cision, il vous est possible, dans un d\u00e9lai de  \ndeux mois \u00e0 compter de la date de sa publication\u00a0:\n- soit de saisir d'un RECOURS GRACIEUX\nle Pr\u00e9fet de Police\n7/9, boulevard du Palais - 75195 PARIS RP\n- ou de former un RECOURS HIERARCHIQUE\n  aupr\u00e8s du Ministre de l'int\u00e9rieur et des outre-mer\n  Direction des libert\u00e9s publiques et des affaires juridiques\n  place Beauvau - 75008 PARIS\n- soit de saisir d'un RECOURS CONTENTIEUX\nle Tribunal administratif comp\u00e9tent\nAucune de ces voies et recours ne suspend l'application de la pr\u00e9sente d\u00e9cision.\nLes recours GRACIEUX et HIERARCHIQUE doivent \u00eatre \u00e9crits, exposer les arguments ou faits  \nnouveaux et comprendre la copie de la d\u00e9cision contest\u00e9e.\nLe  recours  contentieux,  qui  vise  \u00e0  contester  la  LEGALITE  de  la  pr\u00e9sente  d\u00e9cision,  doit  \n\u00e9galement \u00eatre \u00e9crit et exposer votre argumentation juridique.\nSi vous n'aviez pas de r\u00e9ponse \u00e0 votre recours GRACIEUX ou HIERARCHIQUE dans un d\u00e9lai  \nde  deux  mois  \u00e0  compter  de  la  r\u00e9ception  de  votre  recours  par  l'administration,  votre  \ndemande devra \u00eatre consid\u00e9r\u00e9e comme rejet\u00e9e (d\u00e9cision implicite de rejet).\nEn cas de rejet des RECOURS GRACIEUX ou HIERARCHIQUE, le Tribunal administratif peut  \n\u00eatre saisi d'un recours contentieux dans le d\u00e9lai de deux mois \u00e0 compter de la date de la  \nd\u00e9cision de rejet.\nDIRECTIONDE L'ORDRE PUBLICET DE LA CIRCULATIONPARC DES PRINCES|Ee Mercredi 25 F\u00e9vrier 2026\nINTERDICTION - STATIONNEMENT - CIRCULATION | ptadesoland\nARR\u00caT\u00c9 D'INTERDICTION DE STATIONNEMENTET DE CIRCULATION\nDu Mercredi 25 F\u00e9vrier 2026 08h00au Jeudi 26 F\u00e9vrier 2026 \u00e0 01h00\nEa DECREERDu Mercredi 25 F\u00e9vrier 2026 17h00au Jeudi 26 F\u00e9vrier 2026 \u00e0 01h00\n47sae |id 3 /7 4 /a  \u00c0Le le /Ps /a  * Ser /Wie /> fP| (2 tone\u00ff xLars \u00e0\n*OurTe 08 ca ge\nLA\ni\n\"\u00e8SU\nLAhyweons \u00bb\n= 2 Mg\n@ \u00b0:LETILELEE\nF \u00b0\noo. &\u2014Nl \u00e0wemtoe\nCodFe *PL7.\naon oc eetLA PORTE de = .sawrctcu\nWaWin ae ses ARS\njus\n>:a\n. \u00abL -. LLA a -1 2a Li \u00a5\nray 8\n> thee %*,A \"aot ne La= eeleve 7sg +,\nae\n2: Dons\"or ae; } hs:\n= H '\n-_\u2014\n- fmPlace eal-,\n2026 - 00185\nANNEXE 2 A L'ARRETE N\u00b0 2026 - 00185                                            du 13 f\u00e9vrier 2026","date":"2026-02-13","first_seen_on":"2026-02-13T13:05:14+00:00","id":"6a0da7d17ba623fd8e5a7cbe6e93a5ca8cc4ac670eaa550cee158d25746cea68","name":"Arr\u00eat\u00e9 pr\u00e9fectoral n\u00b02026-00185 du 13 f\u00e9vrier 2026 - Paris 16e - du 25 au 26 f\u00e9vrier 2026","pdf_creation_date":"2026-02-13T13:01:49+00:00","pdf_modification_date":null,"timezone":"Europe/Paris","url":"https://www.prefecturedepolice.interieur.gouv.fr/sites/default/files/Documents/arrete_2026_00185_13022026.pdf"}
