{"administration":"pref83","administration_name":"Pr\u00e9fecture du Var","content":"VAR\nRECUEIL DES ACTES\nADMINISTRATIFS\nN\u00b083-2025-189\nPUBLI\u00c9 LE  5 JUIN 2025\nSommaire\nDirection d\u00e9partementale de la protection des populations  du Var /\nDirection de la DDPP\n83-2025-06-05-00001 - subd\u00e9l\u00e9gation signature ordonnancement\nsecondaire DDPP (3 pages) Page 3\nDirection d\u00e9partementale des territoires et de la mer du Var / Service\nagriculture et for\u00eat de la DDTM\n83-2025-06-02-00048 - Arr\u00eat\u00e9 pr\u00e9fectoral autorisant des battues\nadministratives sur la commune de Hy\u00e8res (1 page) Page 7\n83-2025-06-02-00049 - Arr\u00eat\u00e9 pr\u00e9fectoral autorisant un lieutenant de\nlouveterie \u00e0 diverses missions sur son secteur. (2 pages) Page 9\n83-2025-06-05-00003 - D\u00e9cision pr\u00e9fectorale relative au retrait de\nl'agr\u00e9ment du \nGroupement Agricole d'Exploitation en Commun\n(GAEC) concernant le\nGAEC JOURDAN n\u00b0 83-1979-047 (2 pages) Page 12\nPr\u00e9fecture du VAR / Direction de la coordination des politiques publiques\net de l'appui territorial\n83-2025-06-04-00005 - arr\u00eat\u00e9 portant d\u00e9rogation \u00e0 la\nr\u00e9glementation relative aux esp\u00e8ces prot\u00e9g\u00e9es pour\nl'universit\u00e9 de Pise (3 pages) Page 15\n83-2025-06-02-00051 - ARR\u00caT\u00c9 PR\u00c9FECTORAL n\u00b0 2025/31/MCI du 2\njuin 2025 modifi\u00e9\nportant d\u00e9l\u00e9gation de signature pour\nl'ordonnancement secondaire\ndes recettes et des d\u00e9penses\nimput\u00e9es sur les programmes du budget de l'\u00c9tat\nau sein de la\ndirection d\u00e9partementale de l'emploi, du travail et des solidarit\u00e9s\ndu Var (4 pages) Page 19\n83-2025-06-02-00053 - ARR\u00caT\u00c9 PR\u00c9FECTORAL n\u00b02025/23/MCI du 2\njuin 2025 modifi\u00e9\nportant d\u00e9l\u00e9gation de signature \u00e0 Mme\nSandrine POLYCHRONOPOULOS,\ndirectrice d\u00e9partementale de\nl'emploi, du travail et des solidarit\u00e9s du Var (3 pages) Page 24\n83-2025-06-02-00052 - ARRET\u00c9 PR\u00c9FECTORAL n\u00b02025/26/MCI du 02\njuin 2025\nportant d\u00e9l\u00e9gation de signature \u00e0 M. Yann\nBUBIEN,\ndirecteur g\u00e9n\u00e9ral de l'agence r\u00e9gionale de sant\u00e9 de\nProvence-Alpes-C\u00f4te d'Azur (7 pages) Page 28\nPr\u00e9fecture du VAR / Direction des s\u00e9curit\u00e9s\n83-2025-06-05-00002 - Arr\u00eat\u00e9 pr\u00e9fectoral n\u00b02025-06-001 PC du 05\njuin 2025 portant r\u00e9glementation de la police de circulation sur les\nautoroutes A8 - A50 - A57 (19 pages) Page 36\n2\nDirection d\u00e9partementale de la protection des\npopulations  du Var\n83-2025-06-05-00001\nsubd\u00e9l\u00e9gation signature ordonnancement\nsecondaire DDPP\nDirection d\u00e9partementale de la protection des populations  du Var - 83-2025-06-05-00001 - subd\u00e9l\u00e9gation signature ordonnancement\nsecondaire DDPP 3\n=mPREFETDU VARLibert\u00e9Egalit\u00e9Fraternit\u00e9\nMme Laure FLORENT \nDirection d\u00e9partementale de la\nprotection des populations\nARR\u00caT\u00c9 DDPP n\u00b0 25/124 du 05 juin 2025\nportant subd\u00e9l\u00e9gation de signature de Mme Nathalie GUERSON\ndirectrice d\u00e9partementale de la protection des populations\npour l'ordonnancement secondaire par d\u00e9l\u00e9gation des recettes et des d\u00e9penses de l'Etat\nLe Pr\u00e9fet du Var,\nChevalier de la L\u00e9gion d'Honneur,\nChevalier de l'Ordre national du M\u00e9rite,\nVu le code des march\u00e9s publics ;\nVu la loi n\u00b0 82-213 du 2 mars 1982 modifi\u00e9e, relative aux droits et libert\u00e9s des communes, des  \nd\u00e9partements et des r\u00e9gions ;\nVu la  loi  d'orientation  n\u00b0  92-125  du  6  f\u00e9vrier  1992  modifi\u00e9e  relative  \u00e0  l'administration  \nterritoriale de la R\u00e9publique ;\nVu la loi organique n\u00b0 2001-692 du 1er ao\u00fbt 2001 relative aux lois de finances ;\nVu la loi n\u00b0 2004-809 du 13 ao\u00fbt 2004 modifi\u00e9e relative aux libert\u00e9s et responsabilit\u00e9s locales ;\nVu le  d\u00e9cret  n\u00b0  2004-374  du  29  avril  2004  modifi\u00e9  relatif  aux  pouvoirs  des  pr\u00e9fets,  \u00e0  \nl'organisation et \u00e0 l'action des services de l'\u00c9tat dans les r\u00e9gions et d\u00e9partements ;\nVu le d\u00e9cret n\u00b0 2009-1484 du 3 d\u00e9cembre 2009 modifi\u00e9 relatif aux directions d\u00e9partementales \ninterminist\u00e9rielles ;\nVu le d \u00e9cret n\u00b0 2012-1246 du 7 novembre 2012 modifi\u00e9 relatif \u00e0 la gestion budg\u00e9taire et  \ncomptable publique ;\nVu le d\u00e9cret n\u00b0 2012-1247 du 7 novembre 2012 modifi\u00e9 portant adaptation de divers textes  \naux nouvelles r\u00e8gles de la gestion budg\u00e9taire et comptable publique ;\nVu le d\u00e9cret n\u00b0 2015-510 du 7 mai 2015 portant charte de la d\u00e9concentration ;\nVu le d\u00e9cret du Pr\u00e9sident de la R\u00e9publique du 15 avril 2022 portant nomination de M.  \nLucien GIUDICELLI, secr\u00e9taire g\u00e9n\u00e9ral de la pr\u00e9fecture du Var ;\nVu le d\u00e9cret du Pr\u00e9sident de la R\u00e9publique du 15 mai 2025 portant nomination de M.  \nSimon BABRE, pr\u00e9fet du Var  ;\n1/3\nDirection d\u00e9partementale de la protection des populations  du Var - 83-2025-06-05-00001 - subd\u00e9l\u00e9gation signature ordonnancement\nsecondaire DDPP 4\nMme Laure FLORENT \nVu l'arr\u00eat\u00e9 du ministre de l'\u00e9conomie et des finances du 21 d\u00e9cembre 1982 modifi\u00e9 portant  \nr\u00e8glement de comptabilit\u00e9 publique pour la d\u00e9signation des ordonnateurs secondaires et de  \nleurs d\u00e9l\u00e9gu\u00e9s ;\nVu l'arr\u00eat\u00e9  du  30  d\u00e9cembre  2008  portant  r\u00e8glement  de  comptabilit\u00e9  du  minist\u00e8re  de  \nl'agriculture et de la p\u00eache pour la d\u00e9signation des ordonnateurs secondaires et de leurs  \nd\u00e9l\u00e9gu\u00e9s ;\nVu l'arr\u00eat\u00e9  du  Premier  ministre  du  13  mars  2024  portant  nomination  de  Mme  Nathalie  \nGUERSON directrice d\u00e9partementale de la protection des populations du Var ;\nVu l'arr\u00eat\u00e9  du  premier  ministre  du  15  juin  2024  portant  nomination  de  M.  Jean-Fran\u00e7ois \nCARRI\u00c9 directeur d\u00e9partemental adjoint de la protection des populations ;\nVu l'arr\u00eat\u00e9  pr\u00e9fectoral  2025/22/MCI  du  02  juin  2025  portant  d\u00e9l\u00e9gation  de  signature  et \nd'ordonnancement  secondaire  \u00e0  Monsieur  S\u00e9bastien  ODDONE,  directeur  du  secr\u00e9tariat  \ng\u00e9n\u00e9ral commun d\u00e9partemental du Var ;\nVu l'arr\u00eat\u00e9 pr\u00e9fectoral n\u00b0 2021-011 en date du 27 janvier 2021 portant organisation de la  \ndirection d\u00e9partementale de la protection des populations du Var ;\nVu l'arr\u00eat\u00e9 pr\u00e9fectoral n\u00b0 2025/32/MCI du 02 juin 2025 portant d\u00e9l\u00e9gation de signature \u00e0 Mme \nNathalie GUERSON, directrice d\u00e9partementale de la protection des populations du Var, pour  \nl'ordonnancement secondaire des recettes et des d\u00e9penses imput\u00e9es sur le budget de l'\u00c9tat  \net pour les march\u00e9s publics et les accords-cadres pass\u00e9s par sa direction.\nSur proposition de la directrice d\u00e9partementale de la protection des populations ;\nARRETE :\nArticle 1  er     : En cas d'absence ou d'emp\u00eachement de Mme Nathalie GUERSON la d\u00e9l\u00e9gation de \nsignature  accord\u00e9e  par  l'arr\u00eat\u00e9  pr\u00e9fectoral  n\u00b0 2024/09/MCI  du  15  mars  2024 susvis\u00e9  sera \nexerc\u00e9e  par M.  Jean-Fran\u00e7ois  CARRI\u00c9,  directeur  d\u00e9partemental  adjoint  de  la  direction  \nd\u00e9partementale de la protection des populations  conform\u00e9ment  aux  dispositions  et  aux  \nconditions prescrites par l'arr\u00eat\u00e9 pr\u00e9fectoral n\u00b0 2024/08/MCI du 15 mars 2024 .\nArticle 2     :   Subd\u00e9l\u00e9gation de signature est donn\u00e9e pour les actes de gestion budg\u00e9taire et  \nfinanci\u00e8re  de  la  direction  dans  les  applications  CHORUS  c\u0153ur,  CHORUS-FORMULAIRES, \nCHORUS-FACTURE,  CHORUS-DT,  CHORUS-NOUVELLE-COMMUNICATION  et  autres  \napplications m\u00e9tier (ESCALE CHORAL ..) \u00e0 M. Jean-Fran\u00e7ois CARRI\u00c9, directeur d\u00e9partemental  \nadjoint de la DDPP du Var et \u00e0 Mme Sylvie JEANPIERRE, secr\u00e9taire administratif de classe  \nsup\u00e9rieure, gestionnaire comptable de la DDPP du Var.\n2/3\nDirection d\u00e9partementale de la protection des populations  du Var - 83-2025-06-05-00001 - subd\u00e9l\u00e9gation signature ordonnancement\nsecondaire DDPP 5\nMme Laure FLORENT \nArticle 3     :   L'arr\u00eat\u00e9 DDPP 24/424 du 02 janvier 2025 portant subd\u00e9l\u00e9gation de signature au sein \nde la direction d\u00e9partementale de la protection des populations du Var est abrog\u00e9.\nArticle 4     :   La directrice d\u00e9partementale de la protection des populations du Var est charg\u00e9e  \nde l'ex\u00e9cution du pr\u00e9sent arr\u00eat\u00e9 qui sera publi\u00e9 au recueil des actes administratifs de la  \npr\u00e9fecture du Var et dont copie sera adress\u00e9e aux directeurs des finances publiques du Var et \ndes Bouches du Rh\u00f4ne ainsi qu'au directeur r\u00e9gional des finances publiques de Provence-\nAlpes-C\u00f4te d'Azur.\nFait \u00e0 Toulon, le 05 juin 2025\nLa directrice d\u00e9partementale,\n                  Sign\u00e9\n   Nathalie GUERSON\n3/3\nDirection d\u00e9partementale de la protection des populations  du Var - 83-2025-06-05-00001 - subd\u00e9l\u00e9gation signature ordonnancement\nsecondaire DDPP 6\nDirection d\u00e9partementale des territoires et de la\nmer du Var\n83-2025-06-02-00048\nArr\u00eat\u00e9 pr\u00e9fectoral autorisant des battues\nadministratives sur la commune de Hy\u00e8res\nDirection d\u00e9partementale des territoires et de la mer du Var - 83-2025-06-02-00048 - Arr\u00eat\u00e9 pr\u00e9fectoral autorisant des battues\nadministratives sur la commune de Hy\u00e8res 7\nDirection d\u00e9partementale\ndes territoires et de la mer du Var\nARRETE PR\u00c9FECTORAL DDTM/SAF/BCFSP/N\u00b0 2025 \u2013 058 DU 02/06/2025\nAUTORISANT DES BATTUES ADMINISTRATIVES AUX SANGLIERS\nLe pr\u00e9fet du Var,\nVU le Code de l'Environnement, et notamment ses articles L. 427-1 \u00e0-7 , R. 427-1 \u00e0-3 ;\nVU l'arr\u00eat\u00e9 minist\u00e9riel du 27 mars 1973, fixant les modalit\u00e9s d'application de la loi du 9\njuillet 1971 ;\nVU l'arr\u00eat\u00e9 pr\u00e9fectoral du 22 novembre 2024 relatif \u00e0 la nomination des Lieutenants de\nLouveterie pour la p\u00e9riode 2025-2029 ;\nVU l'arr\u00eat\u00e9 pr\u00e9fectoral n\u00b02023/63/MCI du 21 ao\u00fbt 2023 portant d\u00e9l\u00e9gation de signature \u00e0\nM. Laurent Boulet, directeur d\u00e9partemental des territoires et de la mer ;\nVU  l'arr\u00eat\u00e9  pr\u00e9fectoral  n\u00b0DDTM/MPCA/  2023-03  du  26  septembre  2023  donnant\nsubd\u00e9l\u00e9gation de signature ;\nCONSID\u00c9RANT l'importance des d\u00e9g\u00e2ts de gibiers commis sur la commune de Hy\u00e8res ;\nSUR proposition du directeur d\u00e9partemental des territoires et de la mer ;\nARRETE\nARTICLE 1er\n : des battues administratives aux sangliers seront effectu\u00e9es sur la commune\nde Hy\u00e8res, dans la limite de deux par semaine. Cette mission est valable pour une dur\u00e9e\nde deux mois \u00e0 compter de la signature du pr\u00e9sent arr\u00eat\u00e9.\nARTICLE 2 : M. Osvaldo Goletto, lieutenant de louveterie, est charg\u00e9 d'organiser et de\ndiriger les battues. Cependant, pour l'exercice de celles-ci, il pourra s'adjoindre ou se faire\nremplacer par tout autre lieutenant de louveterie d\u00e9sign\u00e9 par l'arr\u00eat\u00e9 pr\u00e9fectoral du 22\nnovembre 2024 susvis\u00e9.\nARTICLE 3\n : les battues pourront \u00eatre effectu\u00e9es avec traqueurs ou \u00e0 l'aide des chiens ou\nles deux simultan\u00e9ment et s'exerceront en tous lieux \u00e0 l'exception des terrains clos et\nattenants \u00e0 une habitation.\nDans  le  cadre  de  ses  missions,  M.  Osvaldo  Goletto pourra  \u00e9quiper  son  v\u00e9hicule\nd'intervention d'un gyrophare.\nARTICLE 4\n : les sangliers abattus seront partag\u00e9s entre tous les participants \u00e0 la battue.\nARTICLE 5     :    le lieutenant de louveterie pr\u00e9viendra au moins 24 heures \u00e0 l'avance de la date,\nde  l'heure  et  du  lieu  du  rendez-vous  de  la  battue,  le  directeur  d\u00e9partemental  des\nterritoires et de la mer, le pr\u00e9sident de la f\u00e9d\u00e9ration d\u00e9partementale des chasseurs, le chef\ndu service d\u00e9partemental de l'office fran\u00e7ais de la biodiversit\u00e9, le chef de la brigade de\ngendarmerie et lorsque la battue int\u00e9resse une for\u00eat soumise au r\u00e9gime forestier, le chef\ndu service d\u00e9partemental de l'office national des for\u00eats.\nARTICLE 6 : Le pr\u00e9sent arr\u00eat\u00e9 peut faire l'objet d'un recours gracieux aupr\u00e8s de son auteur\nou d'un recours contentieux devant le tribunal administratif de Toulon dans un d\u00e9lai de\ndeux mois suivant sa publication. L'absence de r\u00e9ponse au recours gracieux dans un d\u00e9lai\nde  deux  mois  vaut  rejet  implicite.  Le  rejet  du  recours  gracieux  peut  \u00e9galement  \u00eatre\ncontest\u00e9 devant le tribunal administratif de Toulon dans un d\u00e9lai de deux mois.\nARTICLE 7     :    le secr\u00e9taire g\u00e9n\u00e9ral de la pr\u00e9fecture du Var, le directeur d\u00e9partemental des\nterritoires et de la mer, Osvaldo Goletto sont charg\u00e9s, chacun en ce qui les concerne, de\nl'ex\u00e9cution  du  pr\u00e9sent  arr\u00eat\u00e9  dont  une  ampliation  sera  transmise  au  pr\u00e9sident  de  la\nf\u00e9d\u00e9ration  d\u00e9partementale des  chasseurs  du Var,  au  commandant  du  groupement  de\ngendarmerie  du  Var,  au  commandant  de  la  brigade  de  gendarmerie  territorialement\ncomp\u00e9tente, au chef du service d\u00e9partemental de l'office fran\u00e7ais de la biodiversit\u00e9, au\npr\u00e9sident de l'association d\u00e9partementale des lieutenants de louveterie et au maire de la\ncommune de Hy\u00e8res, pour affichage,  et tous les agents ayant des fonctions de police\njudiciaire sont charg\u00e9s, chacun en ce qui le concerne, de l'ex\u00e9cution du pr\u00e9sent arr\u00eat\u00e9, qui\nsera publi\u00e9 au recueil des actes administratifs de la pr\u00e9fecture.\nFait \u00e0 Toulon, le 02/06/2025\nPour le Pr\u00e9fet et par d\u00e9l\u00e9gation,\nLa cheffe du service agriculture et for\u00eat\nSign\u00e9\nAnne Rabault\nDestinataires :\n- le Lieutenant de Louveterie \n- le Pr\u00e9sident de l'Association D\u00e9partementale des\nLieutenants de Louveterie du Var ,\n- le Commandant du Groupement de \nGendarmerie,\n- le Commandant de la Brigade de Gendarmerie\n- l'O.F.B.\n- le pr\u00e9sident de la F.D.C.V.\n- le maire de la commune de Hy\u00e8res\nDirection d\u00e9partementale des territoires et de la mer du Var - 83-2025-06-02-00048 - Arr\u00eat\u00e9 pr\u00e9fectoral autorisant des battues\nadministratives sur la commune de Hy\u00e8res 8\nDirection d\u00e9partementale des territoires et de la\nmer du Var\n83-2025-06-02-00049\nArr\u00eat\u00e9 pr\u00e9fectoral autorisant un lieutenant de\nlouveterie \u00e0 diverses missions sur son secteur.\nDirection d\u00e9partementale des territoires et de la mer du Var - 83-2025-06-02-00049 - Arr\u00eat\u00e9 pr\u00e9fectoral autorisant un lieutenant de\nlouveterie \u00e0 diverses missions sur son secteur. 9\nDirection d\u00e9partementale\ndes territoires et de la mer du Var\nARR\u00caT\u00c9 PR\u00c9FECTORAL DDTM/SAF/BCFSP 2025 \u2013 059 DU 02/06/2025\nCONFIANT UNE MISSION A UN LIEUTENANT DE LOUVETERIE\nLe pr\u00e9fet,\nVU le code de l'environnement et notamment ses articles L. 427-1 \u00e0 -7, R. 427-1 \u00e0 -3 ;\nVU l'arr\u00eat\u00e9 minist\u00e9riel du 27 mars 1973, fixant les modalit\u00e9s d'application de la loi du 9 juillet 1971 ;\nVU l'arr\u00eat\u00e9 pr\u00e9fectoral du 22 novembre 2024 relatif \u00e0 la nomination des Lieutenants de Louveterie\npour la p\u00e9riode 2025-2029 ;\nVU l'arr\u00eat\u00e9 pr\u00e9fectoral n\u00b02023/63/MCI du 21 ao\u00fbt 2023 portant d\u00e9l\u00e9gation de signature \u00e0 Monsieur\nLaurent Boulet, directeur d\u00e9partemental des territoires et de la mer ;\nVU l'arr\u00eat\u00e9 pr\u00e9fectoral n\u00b0DDTM/MPCA/ 2023-03 du 26 septembre 2023 donnant subd\u00e9l\u00e9gation de\nsignature ;\nCONSID\u00c9RANT les d\u00e9g\u00e2ts aux semis de ma\u00efs, tournesols, sojas et autres cultures que peuvent\ncommettre les corneilles noires, les pigeons ramiers, les pigeons biset, les tourterelles turques et\nles ragondins sur les communes de Vinon-sur-Verdon, Ginasservis, Saint-Julien, La Verdi\u00e8re, Rians\net Artigues ;\nCONSID\u00c9RANT les demandes de plaignants qu'a re\u00e7ues M. Cheilan, lieutenant de louveterie du\nsecteur ;\nSUR proposition du directeur d\u00e9partemental des territoires et de la mer ;\nARRETE\nARTICLE 1er\n : \nMission est donn\u00e9e au lieutenant de louveterie Claude Cheilan d'intervenir sur les communes de\nGinasservis, Saint-Julien-le \u2013 Montagnier, Rians, Artigues, La Verdi\u00e8re et Vinon-sur-Verdon, et de\nd\u00e9truire \u00e0 tir les corneilles noires, les pigeons ramiers, les pigeons biset, les tourterelles turques et\nles ragondins qui commettent des d\u00e9g\u00e2ts, \u00e0 proximit\u00e9 des parcelles agricoles.\nARTICLE 2 : \nCette mission est confi\u00e9e \u00e0 titre personnel. Cependant, pour l'exercice de celle-ci, Claude Cheilan\npourra  s'adjoindre  ou  se  faire remplacer  par  tout  autre lieutenant  de louveterie d\u00e9sign\u00e9  par\nl'arr\u00eat\u00e9 pr\u00e9fectoral du 22 novembre 2024 susvis\u00e9.\nPourront \u00e9galement l'assister dans sa mission : une personne maniant la source lumineuse, une\nautre, ou deux en cas de besoin, veillant tout particuli\u00e8rement aux conditions de s\u00e9curit\u00e9 durant\nces op\u00e9rations, ces personnes n'\u00e9tant en aucun cas autoris\u00e9es \u00e0 porter et/ou utiliser une arme.\nArticle 3\n :\nCette  mission,  d'une  dur\u00e9e  de  un mois \u00e0  compter  de  la  signature  du  pr\u00e9sent  arr\u00eat\u00e9,  peut\ns'exercer :\nuniquement  \u00e0  proximit\u00e9  des  exploitations  des  parcelles  agricoles  cultiv\u00e9es  pr\u00e9sentant  des\nd\u00e9g\u00e2ts ;\n \u00e0 l'aide de tout proc\u00e9d\u00e9 r\u00e9glementaire ;\n et  \u00e0  l'aide  des  moyens  suivants :  v\u00e9hicules,  sources  lumineuses,  cages,  arme  munie  d'un\nsilencieux.\nDans le cadre de ses missions, M. Claude Cheilan pourra \u00e9quiper son v\u00e9hicule d'un gyrophare.\nARTICLE 4\n :\nL'ensemble des esp\u00e8ces abattues seront conduites \u00e0 l'\u00e9quarrissage ou enfouies.\nARTICLE 5 :\nLe lieutenant de louveterie adressera sans d\u00e9lai un compte-rendu de ses interventions au directeur\nd\u00e9partemental des territoires et de la mer et rendra compte notamment des difficult\u00e9s qu'il aura\nrencontr\u00e9es et des incidents qui seront \u00e9ventuellement survenus dans l'exercice de sa mission.\nIl pr\u00e9viendra du jour, de l'heure et du lieu de la mission, le service d\u00e9partemental de l'office\nfran\u00e7ais de la biodiversit\u00e9 et le chef de la brigade de gendarmerie.\nDirection d\u00e9partementale des territoires et de la mer du Var - 83-2025-06-02-00049 - Arr\u00eat\u00e9 pr\u00e9fectoral autorisant un lieutenant de\nlouveterie \u00e0 diverses missions sur son secteur. 10\nARTICLE 6 :\nLe pr\u00e9sent arr\u00eat\u00e9 peut faire l'objet d'un recours gracieux aupr\u00e8s de son auteur ou d'un recours\ncontentieux devant le tribunal administratif de Toulon dans un d\u00e9lai de deux mois suivant sa\npublication. L'absence de r\u00e9ponse au recours gracieux dans un d\u00e9lai de deux mois vaut rejet\nimplicite.  Le  rejet  du  recours  gracieux  peut  \u00e9galement  \u00eatre  contest\u00e9  devant  le  tribunal\nadministratif de Toulon dans un d\u00e9lai de deux mois.\nARTICLE 7  \n   :   \nLe secr\u00e9taire g\u00e9n\u00e9ral de la pr\u00e9fecture du Var, le directeur d\u00e9partemental des territoires et de la\nmer,  Claude Cheilan,  sont charg\u00e9s, chacun en ce qui les concerne, de l'ex\u00e9cution du pr\u00e9sent\narr\u00eat\u00e9 dont une ampliation sera transmise au pr\u00e9sident de la f\u00e9d\u00e9ration  d\u00e9partementale des\nchasseurs du Var, au commandant du groupement de gendarmerie du Var, au commandant de la\nbrigade  de  gendarmerie  territorialement  comp\u00e9tente, au  chef  du  service  d\u00e9partemental  de\nl'office fran\u00e7ais de la biodiversit\u00e9, au pr\u00e9sident de l'association d\u00e9partementale des lieutenants de\nlouveterie  et  aux  maires  des  communes  de  Ginasservis,  Vinon-sur-Verdon,  Saint-Julien-Le\nMontagnier, La Verdi\u00e8re, Rians et Artigues, pour affichage, et tous les agents ayant des fonctions\nde police judiciaire sont charg\u00e9s, chacun en ce qui le concerne, de l'ex\u00e9cution du pr\u00e9sent arr\u00eat\u00e9,\nqui sera publi\u00e9 au recueil des actes administratifs de la pr\u00e9fecture.\nFait \u00e0 Toulon, le 02/06/2025\nPour le Pr\u00e9fet et par d\u00e9l\u00e9gation,\nLa cheffe du service agriculture et for\u00eat\nSign\u00e9\nAnne RABAULT\nDestinataires :\n- Claude Cheilan, Louvetier,\n- le pr\u00e9sident de l'association d\u00e9partementale de \nla louveterie du Var,\n- le commandant de la brigade de gendarmerie,\n- l'O.F.B,\n- la F.D.C.V.\n- Les maires des communes concern\u00e9es\nDirection d\u00e9partementale des territoires et de la mer du Var - 83-2025-06-02-00049 - Arr\u00eat\u00e9 pr\u00e9fectoral autorisant un lieutenant de\nlouveterie \u00e0 diverses missions sur son secteur. 11\nDirection d\u00e9partementale des territoires et de la\nmer du Var\n83-2025-06-05-00003\nD\u00e9cision pr\u00e9fectorale relative au retrait de\nl'agr\u00e9ment du \nGroupement Agricole d'Exploitation en\nCommun (GAEC) concernant le\nGAEC JOURDAN n\u00b0 83-1979-047\nDirection d\u00e9partementale des territoires et de la mer du Var - 83-2025-06-05-00003 - D\u00e9cision pr\u00e9fectorale relative au retrait de\nl'agr\u00e9ment du \nGroupement Agricole d'Exploitation en Commun (GAEC) concernant le\nGAEC JOURDAN n\u00b0 83-1979-047\n12\nE =PREFETDU VARLibert\u00e9Egalit\u00e9Fraternit\u00e9\nD\u00e9cision pr\u00e9fectorale relative au retrait de l'agr\u00e9ment du \nGroupement Agricole d'Exploitation en Commun (GAEC) concernant le\nGAEC JOURDAN   n\u00b0   83-1979-047  \nLe Pr\u00e9fet du Var,\nVU le Code rural et de la p\u00eache maritime, et notamment ses articles L 323-1 \u00e0 L 323-16, R 323-8 \u00e0 323-\n23 et R 323-52 \u00e0 R 323-54,\nVU le d\u00e9cret n\u00b02014-1515 du 15 d\u00e9cembre 2014 relatif aux conditions d'acc\u00e8s des GAEC totaux aux  \naides de la politique agricole commune,\nVU le d\u00e9cret 2025-215 du 25 f\u00e9vrier 2015 relatif aux conditions et modalit\u00e9s d'agr\u00e9ment des GAEC et  \nportant diverses dispositions d'adaptation r\u00e9glementaire,\nVU le d\u00e9cret 2015-216 du 25 f\u00e9vrier 2015 relatif \u00e0 l'agr\u00e9ment en tant que GAEC,\nVU l'arr\u00eat\u00e9 minist\u00e9riel du 24 mars 2015 relatif aux statuts types des GAEC et au dossier de demande  \nd'agr\u00e9ment,\nVU l'arr\u00eat\u00e9 pr\u00e9fectoral du 20 juin 2019 fixant la composition de la formation sp\u00e9cialis\u00e9e de la CDOA  \nconsacr\u00e9e \u00e0 l'examen des dossiers des GAEC,\nVU l'arr\u00eat\u00e9 pr\u00e9fectoral n\u00b02023/63/MCI en date du 21 ao\u00fbt 2023, portant d\u00e9l\u00e9gation de signature \u00e0 M.  \nLaurent BOULET, Directeur d\u00e9partemental des territoires et de la mer du Var,\nVU  l'arr\u00eat\u00e9  pr\u00e9fectoral  n\u00b0DDTM/MPCA/2023-03  du  26  septembre  2023  donnant  subd\u00e9l\u00e9gation  de \nsignature \u00e0 des agents de la Direction d\u00e9partementale des territoires et de la Mer du Var,\nVU la d\u00e9cision pr\u00e9fectorale relative \u00e0 l'agr\u00e9ment du Groupement Agricole d'Exploitation en Commun  \n(GAEC) concernant le GAEC JOURDAN, si\u00e8ge social 227 rue des Micocouliers, Domaine des Baguiers,  \nPlan du Castellet 83330 LE CASTELLET du 19 janvier 1979 sous le num\u00e9ro 83-1979-047 ,\nVU le proc\u00e8s verbal de l'assembl\u00e9e g\u00e9n\u00e9rale extraordinaire en date du 31 d\u00e9cembre 2023 d\u00e9cidant la  \ndissolution anticip\u00e9e et mise en liquidation amiable du GAEC JOURDAN,\nVU l'extrait Kbis, extrait d'immatriculation principale au registre du commerce et des soci\u00e9t\u00e9s, datant  \ndu 26 janvier 2024 prenant acte de la dissolution du GAEC JOURDAN \u00e0 compter du 31 d\u00e9cembre 2023,\nCONSID\u00c9RANT que le dit groupement ne peut plus \u00eatre regard\u00e9 comme un groupement agricole  \nd'exploitation en commun agr\u00e9\u00e9, au sens du chapitre III du titre II du livre III du code rural et de la  \np\u00eache maritime,\nSur proposition du Directeur d\u00e9partemental des territoires et de la mer du Var ;\nD\u00c9CIDE : \nArticle 1  er     :  \nL'agr\u00e9ment  en  qualit\u00e9  de  Groupement  Agricole  d'Exploitation  en  Commun  total  accord\u00e9  sous  le \nnum\u00e9ro 83-1979-047 au : \nGAEC JOURDAN\ndont le si\u00e8ge social \u00e9tait localis\u00e9 227 rue des Micocouliers, Domaine des Baguiers, Plan du Castellet \n83330 LE CASTELLET, est retir\u00e9.\nDirection d\u00e9partementale\ndes territoires et de la mer du Var\nDirection d\u00e9partementale des territoires et de la mer du Var - 83-2025-06-05-00003 - D\u00e9cision pr\u00e9fectorale relative au retrait de\nl'agr\u00e9ment du \nGroupement Agricole d'Exploitation en Commun (GAEC) concernant le\nGAEC JOURDAN n\u00b0 83-1979-047\n13\nArticle 2:\nLe b\u00e9n\u00e9fice des dispositions des articles R.323-52 et R.323-53 du Code rural et de la p\u00eache maritime  \nest retir\u00e9 au GAEC JOURDAN pour l'acc\u00e8s aux aides de la politique agricole commune.\nArticle 3:\nLe Directeur d\u00e9partemental des territoires et de la mer du Var est charg\u00e9 de la notification de la  \npr\u00e9sente d\u00e9cision au GAEC JOURDAN et de sa publication au recueil des actes administratifs des  \nservices de l'\u00c9tat dans le Var.\nFait \u00e0 Toulon, le 05/06/2025\nLe pr\u00e9fet du Var\nSign\u00e9\nSimon BABRE\nCette d\u00e9cision peut \u00eatre contest\u00e9e dans les deux mois qui suivent sa notification si vous estimez qu'il a \u00e9t\u00e9 fait une application  \nincorrecte de la r\u00e9glementation en vigueur, en pr\u00e9cisant le point sur lequel porte votre contestation, par un recours contentieux  \ndevant  le  tribunal  administratif,  pr\u00e9c\u00e9d\u00e9,  \u00e0  peine  d'irrecevabilit\u00e9,  d'un  recours  administratif  pr\u00e9alable  obligatoire  aupr\u00e8s  du \nMinistre charg\u00e9 de l'Agriculture.\nDirection d\u00e9partementale des territoires et de la mer du Var - 83-2025-06-05-00003 - D\u00e9cision pr\u00e9fectorale relative au retrait de\nl'agr\u00e9ment du \nGroupement Agricole d'Exploitation en Commun (GAEC) concernant le\nGAEC JOURDAN n\u00b0 83-1979-047\n14\nPr\u00e9fecture du VAR\n83-2025-06-04-00005\narr\u00eat\u00e9 portant d\u00e9rogation \u00e0 la r\u00e9glementation\nrelative aux esp\u00e8ces prot\u00e9g\u00e9es pour l'universit\u00e9\nde Pise\nPr\u00e9fecture du VAR - 83-2025-06-04-00005 - arr\u00eat\u00e9 portant d\u00e9rogation \u00e0 la r\u00e9glementation relative aux esp\u00e8ces prot\u00e9g\u00e9es pour\nl'universit\u00e9 de Pise 15\n=mPREFETDU VARLibert\u00e9Egalit\u00e9Fraternit\u00e9\nDirection r\u00e9gionale de l'environnement,\nde l'am\u00e9nagement et du logement de \nla r\u00e9gion Provence-Alpes-C\u00f4te-d'Azur\nARR\u00caT\u00c9 PR\u00c9FECTORAL \nportant d\u00e9rogation \u00e0 la r\u00e9glementation relative aux esp\u00e8ces prot\u00e9g\u00e9es pour l'universit\u00e9 de \nPise\nLe pr\u00e9fet du Var\nVU le code de l'environnement, notamment ses articles L.411-1, L.411-2 4\u00b0, L.415-3 et R.411-1 \n\u00e0 R.411-14 ;\nVU le d\u00e9cret du pr\u00e9sident de la R\u00e9publique du 15 mai 2025 nommant Monsieur Simon  \nBABRE pr\u00e9fet du Var;\nVU le  d\u00e9cret  du  Pr\u00e9sident  de  la  R\u00e9publique  du  15  avril  2022  nommant  M.  Lucien \nGIUDICELLI, secr\u00e9taire g\u00e9n\u00e9ral de la pr\u00e9fecture du Var, sous-pr\u00e9fet de l'arrondissement de  \nToulon ;\nVU l'arr\u00eat\u00e9 pr\u00e9fectoral n\u00b0 2025/12/MCI du 2 juin 2025 portant d\u00e9l\u00e9gation de signature \u00e0 M.  \nLucien GIUDICELLI, secr\u00e9taire g\u00e9n\u00e9ral de la pr\u00e9fecture du Var;\nVU l'arr\u00eat\u00e9 interminist\u00e9riel du 19 f\u00e9vrier 2007 modifi\u00e9, fixant les conditions de demande et  \nd'instruction des d\u00e9rogations d\u00e9finies au 4\u00b0 de l'article L.411-2 du code de l'environnement  \nportant sur des esp\u00e8ces de faune et de flore prot\u00e9g\u00e9es ;\nVU l'arr\u00eat\u00e9 du 19 juillet 1988 relatif \u00e0 la liste des esp\u00e8ces v\u00e9g\u00e9tales marines prot\u00e9g\u00e9es ;\nVU la  demande  de  d\u00e9rogation  d\u00e9pos\u00e9e  le  10  f\u00e9vrier  2025  par  l'Universit\u00e9  de  Pise, \ncompos\u00e9e du formulaire CERFA n\u00b013617*01, dat\u00e9 du 10 f\u00e9vrier 2025 et de ses pi\u00e8ces annexes ;\nVU l'avis de la directrice du parc national de Port-Cros en date du 22 avril 2025 ;\nVU l'avis du 7 mars 2025 formul\u00e9 par le conseil scientifique r\u00e9gional du patrimoine naturel\n(CSRPN) de Provence-Alpes-C\u00f4te d'Azur (PACA) ;\n1\nPr\u00e9fecture du VAR - 83-2025-06-04-00005 - arr\u00eat\u00e9 portant d\u00e9rogation \u00e0 la r\u00e9glementation relative aux esp\u00e8ces prot\u00e9g\u00e9es pour\nl'universit\u00e9 de Pise 16\nVU la  consultation  du  public  r\u00e9alis\u00e9e  sur  le  site  internet  de  la  direction  r\u00e9gionale  de \nl'environnement,  de  l'am\u00e9nagement  et  du  logement  Provence-Alpes-C\u00f4te  d'Azur  (DREAL \nPACA) du 14 mars 2025 au 29 mars 2025 ;\nCONSID\u00c9RANT l'int\u00e9r\u00eat scientifique de l'\u00e9tude et l'absence d'effet notable des pr\u00e9l\u00e8vements,\nCONSID\u00c9RANT les modifications apport\u00e9es aux choix des sites de pr\u00e9l\u00e8vement, en excluant  \nla zone coeur du parc national de Port-Cros, au b\u00e9n\u00e9fice de l'aire maritime adjacente du parc,\nSur Proposition du directeur r\u00e9gional de l'environnement, de l'am\u00e9nagement et du logement, \nARR\u00caTE\nArticle 1 : Identit\u00e9 du b\u00e9n\u00e9ficiaire de la d\u00e9rogation\nLe b\u00e9n\u00e9ficiaire est l'Universit\u00e9 de Pise, 1 rue Derna 56 126 Pisa \u2013 Italie. Ses manda taires sont \nGiulia Proserpio, coordinatrice et Sara Ometto.\nArticle 2 : Nature de la d\u00e9rogation\nLe b\u00e9n\u00e9ficiaire est autoris\u00e9 \u00e0 pr\u00e9lever, au total sur la dur\u00e9e de la d\u00e9rogation, sur le littoral du  \nd\u00e9partement et en dehors de la zone coeur du parc national de Port-Cros, 100 faisceaux de  \nl'esp\u00e8ce posidonia oceanica, \u00e0 raison de 20 faisceaux par site sur 5 sites.\nLa  pr\u00e9sente  d\u00e9rogation  vaut  autorisation  de  transport  des  \u00e9chantillons  entre  le  lieu  de \npr\u00e9l\u00e8vement et les locaux de l'universit\u00e9 de Pise.\nLa pr\u00e9sente autorisation ne dispense pas d'autres accords ou autorisations qui pourraient \u00eatre \npar  ailleurs  n\u00e9cessaires  pour  la  r\u00e9alisation  de  l'op\u00e9ration,  notamment  l'autorisation  des \npropri\u00e9taires et gestionnaires des sites concern\u00e9s.\nArticle 3 : Dur\u00e9e de validit\u00e9 de l'autorisation\nLa pr\u00e9sente d\u00e9rogation est accord\u00e9e pour les ann\u00e9es 2025 et 2026.\nArticle 4 : Suivi\nSous r\u00e9serve des dispositions sp\u00e9cifiques pr\u00e9vues \u00e0 l'article 2, le demandeur rendra compte \u00e0  \nla direction r\u00e9gionale de l'environnement, de l'am\u00e9nagement et du logement PACA sous la  \nforme d'un rapport de synth\u00e8se, des conditions d'ex\u00e9cution de la pr\u00e9sente d\u00e9rogation.\nLes  donn\u00e9es  d'inventaire  d'esp\u00e8ces  animales  ou  v\u00e9g\u00e9tales  seront  vers\u00e9es  au  syst\u00e8me \nd'information sur la nature et les paysages (base r\u00e9gionale SILENE) par le b\u00e9n\u00e9ficiaire.\nArticle 5 : Mesures de contr\u00f4le\nLa mise en \u0153uvre du pr\u00e9sent arr\u00eat\u00e9 peut faire l'objet de contr\u00f4le par les agents charg\u00e9s de  \nconstater les infractions mentionn\u00e9es \u00e0 l'article L.415-3 du code de l'environnement.\nArticle 6 : Sanctions\nLe non-respect du pr\u00e9sent arr\u00eat\u00e9 est puni des sanctions d\u00e9finies \u00e0 l'article L.415-3 du code de  \nl'environnement.\n2\nPr\u00e9fecture du VAR - 83-2025-06-04-00005 - arr\u00eat\u00e9 portant d\u00e9rogation \u00e0 la r\u00e9glementation relative aux esp\u00e8ces prot\u00e9g\u00e9es pour\nl'universit\u00e9 de Pise 17\nArticle 7 : D\u00e9lais et voies de recours\nLe pr\u00e9sent arr\u00eat\u00e9 est susceptible de recours devant le tribunal administratif de Toulon, dans \nun d\u00e9lai de deux mois dans les conditions de l'article R.421-1 du code de justice administrative \n\u00e0 compter de sa notification. La juridiction administrative comp\u00e9tente peut aussi \u00eatre saisie  \npar l'application T\u00e9l\u00e9recours citoyens accessible \u00e0 partir du site www.telerecours.fr.\nArticle 8 : Ex\u00e9cution\nLe secr\u00e9taire g\u00e9n\u00e9ral de la pr\u00e9fecture  du Var, le directeur r\u00e9gional de l'environnement, de  \nl'am\u00e9nagement  et  du  logement  PACA  et  le  directeur  r\u00e9gional  de  l'office  fran\u00e7ais  de  la \nbiodiversit\u00e9 sont charg\u00e9s, chacun pour ce qui le concerne, de l'ex\u00e9cution du pr\u00e9sent arr\u00eat\u00e9  \nqui sera publi\u00e9 au recueil des actes administratifs de la pr\u00e9fecture du Var.\nFait \u00e0 Toulon, le 4 juin 2025\nPour le Pr\u00e9fet et par d\u00e9l\u00e9gation\nle secr\u00e9taire g\u00e9n\u00e9ral,\n    Lucien GIUDICELLI\n3\nPr\u00e9fecture du VAR - 83-2025-06-04-00005 - arr\u00eat\u00e9 portant d\u00e9rogation \u00e0 la r\u00e9glementation relative aux esp\u00e8ces prot\u00e9g\u00e9es pour\nl'universit\u00e9 de Pise 18\nPr\u00e9fecture du VAR\n83-2025-06-02-00051\nARR\u00caT\u00c9 PR\u00c9FECTORAL n\u00b0 2025/31/MCI du 2 juin\n2025 modifi\u00e9\nportant d\u00e9l\u00e9gation de signature pour\nl'ordonnancement secondaire\ndes recettes et des d\u00e9penses imput\u00e9es sur les\nprogrammes du budget de l'\u00c9tat\nau sein de la direction d\u00e9partementale de\nl'emploi, du travail et des solidarit\u00e9s du Var\nPr\u00e9fecture du VAR - 83-2025-06-02-00051 - ARR\u00caT\u00c9 PR\u00c9FECTORAL n\u00b0 2025/31/MCI du 2 juin 2025 modifi\u00e9\nportant d\u00e9l\u00e9gation de signature pour l'ordonnancement secondaire\ndes recettes et des d\u00e9penses imput\u00e9es sur les programmes du budget de l'\u00c9tat\nau sein de la direction d\u00e9partementale de l'emploi, du travail et des solidarit\u00e9s du Var\n19\nPREFETDU VARLibert\u00e9Egalit\u00e9Fraternit\u00e9\n\u2022\nDirection de la coordination des politiques publiques\net de l'appui territorial\nMission de coordination interminist\u00e9rielle\nARR\u00caT\u00c9 PR\u00c9FECTORAL n\u00b0 2025/31/MCI du 2 juin 2025 modifi\u00e9\nportant d\u00e9l\u00e9gation de signature pour l'ordonnancement secondaire \ndes recettes et des d\u00e9penses imput\u00e9es sur les programmes du budget de l'\u00c9tat \nau sein de la direction d\u00e9partementale de l'emploi, du travail et des solidarit\u00e9s du Var\nLe Pr\u00e9fet du Var,\nChevalier de la L\u00e9gion d'Honneur,\nChevalier de l'Ordre National du M\u00e9rite,\nVu la loi organique n\u00b0 2001-692 du 1er ao\u00fbt 2001 relative aux lois de finances ;\nVu la loi n\u00b0 82-213 du 2 mars 1982 modifi\u00e9e, relative aux droits et libert\u00e9s des communes, des  \nd\u00e9partements et des r\u00e9gions ;\nVu la loi n\u00b0 83-8 du 7 janvier 1983 modifi\u00e9e, relative \u00e0 la r\u00e9partition des comp\u00e9tences entre les \ncommunes, les d\u00e9partements, les r\u00e9gions et l'\u00c9tat ;\nVu la  loi  d'orientation  n\u00b0  92-125  du  6  f\u00e9vrier  1992  modifi\u00e9e  relative  \u00e0  l'administration \nterritoriale de la R\u00e9publique ;\nVu la loi n\u00b0 2004-809 du 13 ao\u00fbt 2004 modifi\u00e9e relative aux libert\u00e9s et responsabilit\u00e9s locales ;\nVu le  d\u00e9cret  n\u00b0  2004-374  du  29  avril  2004  modifi\u00e9  relatif  aux  pouvoirs  des  pr\u00e9fets,  \u00e0 \nl'organisation et \u00e0 l'action des services de l'\u00c9tat dans les r\u00e9gions et d\u00e9partements ;\nVu le d\u00e9cret n\u00b0 2009-1484 du 3 d\u00e9cembre 2009 modifi\u00e9 relatif aux directions d\u00e9partementales \ninterminist\u00e9rielles ;\nVu le d \u00e9cret n\u00b0 2012-1246 du 7 novembre 2012 modifi\u00e9 relatif \u00e0 la gestion budg\u00e9taire et  \ncomptable publique ;\nVu le d\u00e9cret n\u00b0 2012-1247 du 7 novembre 2012 modifi\u00e9 portant adaptation de divers textes  \naux nouvelles r\u00e8gles de la gestion budg\u00e9taire et comptable publique ;\nVu le d\u00e9cret n\u00b0 2015-510 du 7 mai 2015 portant charte de la d\u00e9concentration ;\nVu le d\u00e9cret du Pr\u00e9sident de la R\u00e9publique du 15 avril 2022, portant nomination de M. Lucien  \nGIUDICELLI, secr\u00e9taire g\u00e9n\u00e9ral de la pr\u00e9fecture du Var, sous-pr\u00e9fet de l'arrondissement de  \nToulon ;\nVu le d\u00e9cret du Pr\u00e9sident de la R\u00e9publique du 15 mai 2025 portant nomination de M. Simon  \nBABRE, pr\u00e9fet du Var ;\nVu  l'arr\u00eat\u00e9  du  Premier  ministre  et  du  ministre  de  l'Int\u00e9rieur  du  17  janvier  2025  portant \nnomination  de  Mme  Sandrine  POLYCHRONOPOULOS  en  qualit\u00e9  de  directrice  \nd\u00e9partementale de l'emploi, du travail et des solidarit\u00e9s du Var \u00e0 compter du 15 f\u00e9vrier 2025  \npour une dur\u00e9e de quatre ans ;\nVu  l'arr\u00eat\u00e9  pr\u00e9fectoral  n\u00b02020/96/MCI  du  29  d\u00e9cembre  2020  portant  organisation  du \nsecr\u00e9tariat g\u00e9n\u00e9ral commun d\u00e9partemental du Var (SGCD), modifi\u00e9 par l'arr\u00eat\u00e9 pr\u00e9fectoral   \nn\u00b0 2022/45/ MCI du 7 novembre 2022 ;\nVu l'arr\u00eat\u00e9 pr\u00e9fectoral du 25 mars 2021 portant organisation de la direction d\u00e9partementale  \n1/4\nPr\u00e9fecture du VAR - 83-2025-06-02-00051 - ARR\u00caT\u00c9 PR\u00c9FECTORAL n\u00b0 2025/31/MCI du 2 juin 2025 modifi\u00e9\nportant d\u00e9l\u00e9gation de signature pour l'ordonnancement secondaire\ndes recettes et des d\u00e9penses imput\u00e9es sur les programmes du budget de l'\u00c9tat\nau sein de la direction d\u00e9partementale de l'emploi, du travail et des solidarit\u00e9s du Var\n20\n\u2022\nde l'emploi, du travail et des solidarit\u00e9s du Var ;\nSur proposition du secr\u00e9taire g\u00e9n\u00e9ral de la pr\u00e9fecture,\nARR\u00caTE :\nArticle 1\nD\u00e9l\u00e9gation e st  donn\u00e9e  \u00e0  Madame  Sandrine  POLYCHRONOPOULOS ,  directrice  \nd\u00e9partementale  de  l'emploi,  du  travail  et  des  solidarit\u00e9s  du  Var,  pour  proc\u00e9der  \u00e0 \nl'ordonnancement secondaire des recettes et des d\u00e9penses de l'\u00c9tat relevant des attributions \nde sa direction, imput\u00e9es sur les programmes  des budgets de l'\u00c9tat suivants :\nMission Administration g\u00e9n\u00e9rale et territoriale de l'\u00c9tat\nProgramme  216  :  Conduite  et  pilotage  des  politiques  de  l'Int\u00e9rieur  (indemnisation  aux \npropri\u00e9taires- bailleurs), hors d\u00e9penses d'action sociale.\nMission \u00c9galit\u00e9 des territoires et logement\nProgramme  177 :  H\u00e9bergement,  parcours  vers  le  logement  et  insertion  des  personnes \nvuln\u00e9rables.\nProgramme 135 : Urbanisme, territoires et am\u00e9lioration de l'habitat.\nMission Immigration, asile et int\u00e9gration\nProgramme 303 : Immigration et asile.\nProgramme 104 : Int\u00e9gration et acc\u00e8s \u00e0 la nationalit\u00e9 fran\u00e7aise.\nMission Politique des territoires\nProgramme 147 : Politique de la ville.  \nMission Sant\u00e9\nProgramme 183 : Protection maladie.\nMission  Solidarit\u00e9, insertion et \u00e9galit\u00e9 des chances\nProgramme 304 : Inclusion sociale et protection des personnes.\nProgramme 157 : Handicap et d\u00e9pendance.\nProgramme  124  :  Conduite  et  soutien  des  politiques  sanitaires,  sociales,  du  sport,  de  la \njeunesse et de la vie associative, hors d\u00e9penses d'action sociale.\nMission Lutte contre les discriminations (DILCRAH)\nProgramme 129 : Lutte contre le racisme, l'antis\u00e9mitisme et la haine anti-LGBT. \nMission Travail et Emploi\nProgramme 102 : Acc\u00e8s et retour \u00e0 l'emploi.\nProgramme  103 :  Accompagnement  des  mutations  \u00e9conomiques  et  d\u00e9veloppement  de \nl'emploi.\nProgramme 111 : Am\u00e9lioration de la qualit\u00e9 de l'emploi et des relations du travail.\nProgramme 155 :  Conception, gestion et \u00e9valuation des politiques de l'emploi et du travail.\nCette d\u00e9l\u00e9gation porte sur l'engagement, la liquidation et le mandatement des d\u00e9penses,  \nainsi que sur l'\u00e9mission et la signature des titres de recettes.\nArticle 2\nPour les programmes sus-vis\u00e9s, demeurent r\u00e9serv\u00e9s \u00e0 la signature du pr\u00e9fet :\n2/4\nPr\u00e9fecture du VAR - 83-2025-06-02-00051 - ARR\u00caT\u00c9 PR\u00c9FECTORAL n\u00b0 2025/31/MCI du 2 juin 2025 modifi\u00e9\nportant d\u00e9l\u00e9gation de signature pour l'ordonnancement secondaire\ndes recettes et des d\u00e9penses imput\u00e9es sur les programmes du budget de l'\u00c9tat\nau sein de la direction d\u00e9partementale de l'emploi, du travail et des solidarit\u00e9s du Var\n21\n\u2022\n\u2022 les  d\u00e9cisions  attributives  de  subventions  de  fonctionnement  et  les  march\u00e9s  d'un \nmontant sup\u00e9rieur \u00e0 50 000 \u20ac ;\n\u2022 les  actes  attributifs  de  subvention  d'investissement  de  l'\u00c9tat  quel  qu'en  soit  le \nmontant ;\n\u2022 les ordres de r\u00e9quisition du comptable publics pris sur le fondement de l'article 38 du  \nd\u00e9cret n\u00b0 2012-1246 du 7 novembre 2012 susvis\u00e9 ;\n\u2022 en  cas  d'avis  pr\u00e9alable  d\u00e9favorable  de  l'autorit\u00e9  charg\u00e9e  du  contr\u00f4le  financier,  le \ncourrier informant cette autorit\u00e9 des motifs de la d\u00e9cision de ne pas se conformer \u00e0  \nl'avis donn\u00e9 ;\n\u2022 les d\u00e9cisions de passer outre.\nArticle 3\nD\u00e9l\u00e9gation  de signature est \u00e9galement donn\u00e9e \u00e0 Madame  Sandrine POLYCHRONOPOULOS, \ndirectrice d\u00e9partementale de l'emploi, du travail et des solidarit\u00e9s du Var, pour proc\u00e9der \u00e0  \nl'ordonnancement  secondaire  des  d\u00e9penses  r\u00e9alis\u00e9es  pour  la  gestion  du  fonds  national \nd'accompagnement vers et dans le logement (FNAVDL).\nArticle 4\nUn compte-rendu d'utilisation des cr\u00e9dits sera adress\u00e9 trimestriellement  au pr\u00e9fet du Var . \nToute r\u00e9-allocation de moyens effectu\u00e9e en cours d'exercice, exc\u00e9dant 10 % de la r\u00e9partition  \ninitialement op\u00e9r\u00e9e, sera soumise \u00e0 son avis pr\u00e9alable.\nArticle 5\nLes conditions d'information et d'ex\u00e9cution dans lesquelles s'exercera la d\u00e9l\u00e9gation sont les  \nsuivantes :\nLes services sont charg\u00e9s d'\u00e9laborer, sous l'autorit\u00e9  du pr\u00e9fet , une proposition de budget  \nindiquant les activit\u00e9s qu'ils se proposent de mener et l'enveloppe budg\u00e9taire associ\u00e9e pour  \nla mise en \u0153uvre du BOP .\nAfin d'assurer un suivi de la gestion d\u00e9l\u00e9gu\u00e9e, seront transmis au pr\u00e9fet et au secr\u00e9taire  \ng\u00e9n\u00e9ral de la pr\u00e9fecture charg\u00e9e de l'administration de l'\u00c9tat dans le d\u00e9partement du Var :\n\uf0a7 la copie des lettres de cadrage adress\u00e9es par le responsable de BOP , dans le cas o\u00f9  \nelles ne seraient pas adress\u00e9es sous son couvert ;\n\uf0a7 la proposition du budget concernant chaque unit\u00e9 op\u00e9rationnelle sera transmise au  \nresponsable de BOP , sous couvert du pr\u00e9fet ;\n\uf0a7 le tableau pr\u00e9visionnel des op\u00e9rations qui seront propos\u00e9es \u00e0 la programmation au  \ncours de l'exercice dans le cadre de l'unit\u00e9 op\u00e9rationnelle concern\u00e9e.\nArticle 6\nDans le cadre de la d\u00e9mat\u00e9rialisation de la proc\u00e9dure de validation des annexes financi\u00e8res  \ndes structures d'insertion par l'activit\u00e9 \u00e9conomique (SIAE), les agents suivants de la DDETS  \nsont d\u00e9sign\u00e9s \u00ab  valideurs d\u00e9l\u00e9gu\u00e9s \u00bb et pourront proc\u00e9der \u00e0 la validation d\u00e9mat\u00e9rialis\u00e9e des  \nannexes financi\u00e8res dans l'extranet d\u00e9di\u00e9 quel que soit leur montant :\n\u2022 Mme Corinne C\u00e9sari, \n\u2022 Mme Marie Annick Choisi.\n3/4\nPr\u00e9fecture du VAR - 83-2025-06-02-00051 - ARR\u00caT\u00c9 PR\u00c9FECTORAL n\u00b0 2025/31/MCI du 2 juin 2025 modifi\u00e9\nportant d\u00e9l\u00e9gation de signature pour l'ordonnancement secondaire\ndes recettes et des d\u00e9penses imput\u00e9es sur les programmes du budget de l'\u00c9tat\nau sein de la direction d\u00e9partementale de l'emploi, du travail et des solidarit\u00e9s du Var\n22\n\u2022\nArticle 7\nEn application de l'article 44 du d\u00e9cret n\u00b0 2004-374 du 29 avril 2004 modifi\u00e9 susvis\u00e9, Madame  \nSandrine  POLYCHRONOPOULOS,  directrice  d\u00e9partementale  de  l'emploi,  du  travail  et  des \nsolidarit\u00e9s  du  Var,   peut,  sous  sa  responsabilit\u00e9,  donner  d\u00e9l\u00e9gation  pour  signer les  actes \nrelatifs  aux  affaires  pour  lesquelles  elle  a  elle-m\u00eame  re\u00e7u  d\u00e9l\u00e9gation  en  mati\u00e8re  \nd'ordonnancement, aux agents plac\u00e9s sous son autorit\u00e9 pour les mati\u00e8res relevant de leurs  \ncomp\u00e9tences. La signature des agents ainsi habilit\u00e9s devra \u00eatre tenue \u00e0 jour et accr\u00e9dit\u00e9e  \naupr\u00e8s du comptable assignataire.\nArticle 8\nLe secr\u00e9taire g\u00e9n\u00e9ral de la pr\u00e9fecture du Var et la directrice d\u00e9partementale de l'emploi, du  \ntravail et des solidarit\u00e9s du Var sont charg\u00e9s, chacun en ce qui le concerne, de l'ex\u00e9cution du \npr\u00e9sent arr\u00eat\u00e9 qui sera publi\u00e9 au recueil des actes administratifs de la pr\u00e9fecture du Var, et  \ndont copie sera adress\u00e9e aux directeurs des finances publiques du Var et des Bouches-du-\nRh\u00f4ne ainsi qu'au directeur r\u00e9gional des finances publiques de Provence-Alpes-C\u00f4te d'Azur. \nFait \u00e0 Toulon, le 02 juin 2025\n Le Pr\u00e9fet du Var\nSign\u00e9\nSimon BABRE\n4/4\nPr\u00e9fecture du VAR - 83-2025-06-02-00051 - ARR\u00caT\u00c9 PR\u00c9FECTORAL n\u00b0 2025/31/MCI du 2 juin 2025 modifi\u00e9\nportant d\u00e9l\u00e9gation de signature pour l'ordonnancement secondaire\ndes recettes et des d\u00e9penses imput\u00e9es sur les programmes du budget de l'\u00c9tat\nau sein de la direction d\u00e9partementale de l'emploi, du travail et des solidarit\u00e9s du Var\n23\nPr\u00e9fecture du VAR\n83-2025-06-02-00053\nARR\u00caT\u00c9 PR\u00c9FECTORAL n\u00b02025/23/MCI du 2 juin\n2025 modifi\u00e9\nportant d\u00e9l\u00e9gation de signature \u00e0 Mme Sandrine\nPOLYCHRONOPOULOS,\ndirectrice d\u00e9partementale de l'emploi, du travail\net des solidarit\u00e9s du Var\nPr\u00e9fecture du VAR - 83-2025-06-02-00053 - ARR\u00caT\u00c9 PR\u00c9FECTORAL n\u00b02025/23/MCI du 2 juin 2025 modifi\u00e9\nportant d\u00e9l\u00e9gation de signature \u00e0 Mme Sandrine POLYCHRONOPOULOS,\ndirectrice d\u00e9partementale de l'emploi, du travail et des solidarit\u00e9s du Var\n24\n|PREFETDU VARLibert\u00e9Egalit\u00e9Fraternit\u00e9\nDirection de la coordination des politiques publiques\net de l'appui territorial\nMission de coordination interminist\u00e9rielle\nARR\u00caT\u00c9 PR\u00c9FECTORAL n\u00b02025/23/MCI du 2 juin 2025 modifi\u00e9\nportant d\u00e9l\u00e9gation de signature \u00e0 Mme Sandrine POLYCHRONOPOULOS,\ndirectrice d\u00e9partementale de l'emploi, du travail et des solidarit\u00e9s du Var\nLe Pr\u00e9fet du Var,\nChevalier de la L\u00e9gion d'Honneur,\nChevalier de l'Ordre National du M\u00e9rite,\nVu le code g\u00e9n\u00e9ral de la fonction publique ;\nVu la loi n\u00b0 82-213 du 2 mars modifi\u00e9e, relative aux droits et libert\u00e9s des communes, des  \nd\u00e9partements et des r\u00e9gions ;\nVu la loi n\u00b0 83-8 du 7 janvier 1983 modifi\u00e9e relative \u00e0 la r\u00e9partition des comp\u00e9tences entre les \ncommunes, les d\u00e9partements, les r\u00e9gions et l'\u00c9tat ;\nVu  la  loi  d'orientation  n\u00b0  92-125  du  6  f\u00e9vrier  1992  modifi\u00e9e  relative  \u00e0  !'administration \nterritoriale de la R\u00e9publique ;\nVu la  loi  n\u00b0  2004-809  du  13  ao\u00fbt  2004  modifi\u00e9e  relative  aux  libert\u00e9s  et  responsabilit\u00e9s \nlocales ;\nVu  le  d\u00e9cret  n\u00b0  2004-374  du  29  avril  2004  modifi\u00e9  relatif  aux  pouvoirs  des  pr\u00e9fets,  \u00e0 \nl'organisation et a l'action des services de l'\u00c9tat dans les r\u00e9gions et les d\u00e9partements ;\nVu le d\u00e9cret n\u00b0 2009-1484 du 3 d\u00e9cembre 2009 modifi\u00e9 relatif aux directions d\u00e9partementales \ninterminist\u00e9rielles ;\nVu le d\u00e9cret n\u00b02015-510 du 7 mai 2015 portant charte de la d\u00e9concentration ;\nVu le d\u00e9cret n\u00b0 2020-1545 du 9 d\u00e9cembre 2020 modifi\u00e9 relatif \u00e0 l'organisation et aux missions \ndes directions r\u00e9gionales de l'\u00e9conomie, de l'emploi, du travail et des solidarit\u00e9s et des  \ndirections d\u00e9partementales de l'emploi, du travail et des solidarit\u00e9s ;\nVu le d\u00e9cret du Pr\u00e9sident de la R\u00e9publique du 15 avril 2022 portant nomination de M. Lucien \nGIUDICELLI, Secr\u00e9taire g\u00e9n\u00e9ral de la Pr\u00e9fecture du Var, sous-pr\u00e9fet de l'arrondissement de  \nToulon ;\nVu le d\u00e9cret du Pr\u00e9sident de la R\u00e9publique du 15 mai 2025 portant nomination de M. Simon  \nBABRE, pr\u00e9fet du Var ;\nVu l'arr\u00eat\u00e9 du Premier ministre et du ministre de l'Int\u00e9rieur du 17 janvier 2025 portant  \nnomination  de  Mme  Sandrine  POLYCHRONOPOULOS  en  qualit\u00e9  de  directrice  \nd\u00e9partementale de l'emploi, du travail et des solidarit\u00e9s du Var \u00e0 compter du 15 f\u00e9vrier 2025 \npour une dur\u00e9e de quatre ans ;\n1\nPr\u00e9fecture du VAR - 83-2025-06-02-00053 - ARR\u00caT\u00c9 PR\u00c9FECTORAL n\u00b02025/23/MCI du 2 juin 2025 modifi\u00e9\nportant d\u00e9l\u00e9gation de signature \u00e0 Mme Sandrine POLYCHRONOPOULOS,\ndirectrice d\u00e9partementale de l'emploi, du travail et des solidarit\u00e9s du Var\n25\nVu l'arr\u00eat\u00e9 interminist\u00e9riel du 31 mars 2011 modifi\u00e9 portant d\u00e9concentration des d\u00e9cisions  \nrelatives \u00e0 la situation individuelle des fonctionnaires et agents non titulaires exer\u00e7ant leurs  \nfonctions dans les directions d\u00e9partementales interminist\u00e9rielles ;\nVu l'arr\u00eat\u00e9 pr\u00e9fectoral du 25 mars 2021 portant organisation de la direction d\u00e9partementale  \nde l'emploi, du travail et des solidarit\u00e9s du Var \u00e0 compter du 1er avril 2021 ;\nSur proposition du secr\u00e9taire g\u00e9n\u00e9ral de la pr\u00e9fecture,\nARR\u00caTE :\nArticle 1\nD\u00e9l\u00e9gation est donn\u00e9e \u00e0 Mme Sandrine POLYCHRONOPOULOS, directrice d\u00e9partementale  \nde l'emploi, du travail et des solidarit\u00e9s du Var, \u00e0 effet de signer tous actes de gestion interne a \nsa  direction  et  tous  actes,  d\u00e9cisions,  documents  administratifs,  rapports,  conventions, \ncertificats, correspondances dans les limites des attributions de cette direction, sous r\u00e9serve \ndes dispositions de l'article 2 du pr\u00e9sent arr\u00eat\u00e9.\nArticle 2\nSont exclus de la d\u00e9l\u00e9gation : \n\u2022 les actes \u00e0 port\u00e9e r\u00e9glementaire,\n\u2022 les  arr\u00eat\u00e9s  portant  nomination  des  membres  de  commissions  et  de  comit\u00e9s \nd\u00e9partementaux,\n\u2022 les d\u00e9cisions attributives de subventions de fonctionnement et march\u00e9s d'un montant \nsup\u00e9rieur \u00e0 50 000 \u20ac et les subventions d'investissement quel qu'en soit le montant,\n\u2022 les circulaires aux maires et aux collectivit\u00e9s territoriales,\n\u2022 toutes correspondances adress\u00e9es aux cabinets minist\u00e9riels ainsi que celles adress\u00e9es  \naux administrations centrales,\n\u2022 toutes correspondances adress\u00e9es au pr\u00e9fet de r\u00e9gion,\n\u2022 toutes  correspondances  adress\u00e9es  aux  pr\u00e9sidents  des  assembl\u00e9es  r\u00e9gionales  et \nd\u00e9partementales ainsi que les r\u00e9ponses aux interventions des parlementaires et des  \nconseillers  d\u00e9partementaux  lorsqu'elles  portent  sur  des  comp\u00e9tences  relevant  de \nl'\u00c9tat,\n\u2022 les actes portant constitution et composition des comit\u00e9s et commissions institu\u00e9es  \npar des textes l\u00e9gislatifs ou r\u00e9glementaires,\n\u2022 la saisine du tribunal administratif au titre des recours contentieux,\n\u2022 la saisine de la chambre r\u00e9gionale des comptes et du tribunal administratif au titre du  \ncontr\u00f4le de l\u00e9galit\u00e9 des d\u00e9lib\u00e9rations des \u00e9tablissements sociaux,\n\u2022 la saisine du tribunal administratif au titre du contr\u00f4le de l\u00e9galit\u00e9 des actes du conseil  \nd\u00e9partemental en mati\u00e8re sociale, ainsi que pour les recours gracieux pr\u00e9alables.\nArticle 3\nDans le cadre de ses attributions et comp\u00e9tences, d\u00e9l\u00e9gation est donn\u00e9e \u00e0 Mme Sandrine  \nPOLYCHRONOPOULOS, directrice d\u00e9partementale de l'emploi, du travail et des solidarit\u00e9s du \n2\nPr\u00e9fecture du VAR - 83-2025-06-02-00053 - ARR\u00caT\u00c9 PR\u00c9FECTORAL n\u00b02025/23/MCI du 2 juin 2025 modifi\u00e9\nportant d\u00e9l\u00e9gation de signature \u00e0 Mme Sandrine POLYCHRONOPOULOS,\ndirectrice d\u00e9partementale de l'emploi, du travail et des solidarit\u00e9s du Var\n26\nVar, \u00e0 l'effet de d\u00e9signer les agents plac\u00e9s sous son autorit\u00e9 habilit\u00e9s \u00e0 signer \u00e0 sa place  \ncertains  documents  relevant  de  leurs  attributions,  dans  les  limites  des  attributions \nmentionn\u00e9es aux articles 2 et 3  ci-dessus.\nArticle 4\nLe secr\u00e9taire g\u00e9n\u00e9ral de la pr\u00e9fecture du Var et la directrice d\u00e9partementale de l'emploi, du  \ntravail et des solidarit\u00e9s du Var, sont charg\u00e9s, chacun en ce qui les concerne, de l'ex\u00e9cution du \npr\u00e9sent arr\u00eat\u00e9 qui sera publi\u00e9 au recueil des actes administratifs de la pr\u00e9fecture du Var.\nFait \u00e0 Toulon, le 02 06 2025\nLe Pr\u00e9fet du Var\nSign\u00e9\nSimon BABRE\n3\nPr\u00e9fecture du VAR - 83-2025-06-02-00053 - ARR\u00caT\u00c9 PR\u00c9FECTORAL n\u00b02025/23/MCI du 2 juin 2025 modifi\u00e9\nportant d\u00e9l\u00e9gation de signature \u00e0 Mme Sandrine POLYCHRONOPOULOS,\ndirectrice d\u00e9partementale de l'emploi, du travail et des solidarit\u00e9s du Var\n27\nPr\u00e9fecture du VAR\n83-2025-06-02-00052\nARRET\u00c9 PR\u00c9FECTORAL n\u00b02025/26/MCI du 02 juin\n2025\nportant d\u00e9l\u00e9gation de signature \u00e0 M. Yann\nBUBIEN,\ndirecteur g\u00e9n\u00e9ral de l'agence r\u00e9gionale de sant\u00e9\nde Provence-Alpes-C\u00f4te d'Azur\nPr\u00e9fecture du VAR - 83-2025-06-02-00052 - ARRET\u00c9 PR\u00c9FECTORAL n\u00b02025/26/MCI du 02 juin 2025\nportant d\u00e9l\u00e9gation de signature \u00e0 M. Yann BUBIEN,\ndirecteur g\u00e9n\u00e9ral de l'agence r\u00e9gionale de sant\u00e9 de Provence-Alpes-C\u00f4te d'Azur\n28\n=mPREFETDU VARLibert\u00e9Egalit\u00e9Fraternit\u00e9\nDirection de la coordination des politiques publiques \net de l'appui territorial\nMission de coordination interminist\u00e9rielle\nARRET\u00c9 PR\u00c9FECTORAL n\u00b02025/26/MCI du 02 juin 2025\nportant d\u00e9l\u00e9gation de signature \u00e0 M. Yann BUBIEN,\ndirecteur g\u00e9n\u00e9ral de l'agence r\u00e9gionale de sant\u00e9 de Provence-Alpes-C\u00f4te d'Azur \nLe Pr\u00e9fet du Var,\nChevalier de la L\u00e9gion d'Honneur,\nChevalier de l'Ordre National du M\u00e9rite,\nVu le code de l'action sociale et des familles ;\nVu le code de la sant\u00e9 publique ;\nVu le code de la s\u00e9curit\u00e9 sociale ;\nVu le code de la d\u00e9fense ;\nVu le code de l'environnement ;\nVu le code g\u00e9n\u00e9ral des collectivit\u00e9s territoriales ;\nVu  la  loi  n\u00b0  82-213  du  2  mars  1982  relative  aux  droits  et  libert\u00e9s  des  communes,  des \nd\u00e9partements et des r\u00e9gions, et notamment l'article 34 ;\nVu la loi n\u00b0 2009-879 du 21 juillet 2009 portant r\u00e9forme de l'h\u00f4pital et relative aux patients \u00e0  \nla sant\u00e9 et aux territoires ;\nVu  la  loi  n\u00b0  2015-991  du  7  ao\u00fbt  2015  portant  nouvelle  organisation  territoriale  de  la \nR\u00e9publique ;\nVu  le  d\u00e9cret  n\u00b0  2004-374  du  29  avril  2004  modifi\u00e9  relatif  aux  pouvoirs  des  pr\u00e9fets,  \u00e0 \nl'organisation et \u00e0 l'action des services de l'\u00c9tat dans les r\u00e9gions et d\u00e9partements ;\nVu le d\u00e9cret n\u00b0 2010-336 du 31 mars 2010 portant cr\u00e9ation des Agences R\u00e9gionales de Sant\u00e9 ;\nVu le d\u00e9cret n\u00b0 2015-1650 du 11 d\u00e9cembre 2015 adaptant les agences r\u00e9gionales de sant\u00e9 \u00e0 la  \nnouvelle d\u00e9limitation des r\u00e9gions ; \nVu le d\u00e9cret du Pr\u00e9sident de la R\u00e9publique du 15 avril 2022 portant nomination de M. Lucien  \nGIUDICELLI, secr\u00e9taire g\u00e9n\u00e9ral de la pr\u00e9fecture, sous-pr\u00e9fet de l'arrondissement de Toulon ;\nVu le d\u00e9cret du Pr\u00e9sident de la R\u00e9publique du 16 juillet 2024 portant nomination de M. Yann  \nBUBIEN en qualit\u00e9 de directeur g\u00e9n\u00e9ral de l'agence r\u00e9gionale de sant\u00e9  Provence-Alpes-C\u00f4te \nd'Azur \u00e0 compter du 18 juillet 2024 ;\nVu le d\u00e9cret du Pr\u00e9sident de la R\u00e9publique du 15 mai 2025 portant nomination de M. Simon  \nBABRE, pr\u00e9fet du Var ;\nVu la nomination de M. Olivier BRAHIC  en qualit\u00e9 de directeur g\u00e9n\u00e9ral adjoint de l'agence  \nr\u00e9gionale de sant\u00e9 Provence-Alpes-C\u00f4te d'Azur \u00e0 compter du 2 septembre 2024 ; \n1/7\nPr\u00e9fecture du VAR - 83-2025-06-02-00052 - ARRET\u00c9 PR\u00c9FECTORAL n\u00b02025/26/MCI du 02 juin 2025\nportant d\u00e9l\u00e9gation de signature \u00e0 M. Yann BUBIEN,\ndirecteur g\u00e9n\u00e9ral de l'agence r\u00e9gionale de sant\u00e9 de Provence-Alpes-C\u00f4te d'Azur\n29\nVu le protocole d\u00e9partemental organisant les modalit\u00e9s de coop\u00e9ration entre le repr\u00e9sentant \nde l'\u00c9tat dans le d\u00e9partement du Var et l'agence r\u00e9gionale de sant\u00e9 de Provence-Alpes-C\u00f4te  \nd'Azur ;\nSur proposition du secr\u00e9taire g\u00e9n\u00e9ral de la pr\u00e9fecture du Var,\nARR\u00caTE  :\nARTICLE 1 \nD\u00e9l\u00e9gation est donn\u00e9e \u00e0 M. Yann BUBIEN, directeur g\u00e9n\u00e9ral de l'agence r\u00e9gionale de  \nsant\u00e9 Provence-Alpes-C\u00f4te d'Azur, \u00e0 l'effet de signer dans le cadre de ses attributions et  \ncomp\u00e9tences,  pour  le  d\u00e9partement  du  Var,  tous  actes  et  d\u00e9cisions  relevant  des \ndomaines d'activit\u00e9 suivants :\nTITRE I \u2013 Soins sans consentement\n\u2022 transmission  \u00e0  l'int\u00e9ress\u00e9(e)  des  arr\u00eat\u00e9s  pr\u00e9fectoraux  le  (la)  concernant  en  cas \nd'admission  en  soins  sur  d\u00e9cision  du  repr\u00e9sentant  de  l'\u00e9tat,  de  maintien,  de  r\u00e9-\nhospitalisation \u00e0 temps complet, de transfert ou de lev\u00e9e (article L. 3211-3 du code  \nde la sant\u00e9 publique) ;\n\u2022 courriers adress\u00e9s :\n\u25e6 au procureur de la R\u00e9publique pr\u00e8s le tribunal de grande instance dans le ressort  \nduquel est situ\u00e9 l'\u00e9tablissement d'accueil de la personne malade et au procureur de \nla R\u00e9publique pr\u00e8s le tribunal de grande instance dans le ressort duquel celle-ci a sa \nr\u00e9sidence habituelle ou son lieu de s\u00e9jour,\n\u25e6 au  maire  de  la  commune  o\u00f9  est  implant\u00e9  l'\u00e9tablissement  et  au  maire  de  la \ncommune o\u00f9 la personne malade a sa r\u00e9sidence habituelle ou son lieu de s\u00e9jour,\n\u25e6 \u00e0 la famille de la personne qui fait l'objet de soins,\n\u25e6 le cas \u00e9ch\u00e9ant, la personne charg\u00e9e de la protection juridique de l'int\u00e9ress\u00e9 (article  \nL. 3213-9 du code de la sant\u00e9 publique).\nTITRE II - La sant\u00e9 environnementale\nProtection contre les risques sanitaires li\u00e9s \u00e0 l'environnement et contr\u00f4le des r\u00e8gles d'hygi\u00e8ne :\n\u2022 Contr\u00f4le administratif et technique des r\u00e8gles d'hygi\u00e8ne au sens des articles L. 1311-1 et L.  \n1311-2 du code de la sant\u00e9 publique, en vue de pr\u00e9server la sant\u00e9 de l'homme notamment  \nen mati\u00e8re :\n\u25aa de pr\u00e9vention des maladies transmissibles ;\n\u25aa de salubrit\u00e9 des habitations, des agglom\u00e9rations et de tous les milieux de vie de \nl'homme ;\n\u25aa d'alimentation en eau destin\u00e9e \u00e0 la consommation humaine ;\n\u25aa d'exercice d'activit\u00e9s non soumises \u00e0 la l\u00e9gislation sur les installations class\u00e9es pour la \nprotection de l'environnement ;\n\u25aa d'\u00e9vacuation,  de  traitement,  d'\u00e9limination  et  d'utilisation  des  eaux  us\u00e9es  et  des \nd\u00e9chets ;\n\u25aa de  lutte  contre  les  bruits  des  lieux  diffusant  \u00e0  titre  habituel  de  la  musique \namplifi\u00e9e ;\n2/7\nPr\u00e9fecture du VAR - 83-2025-06-02-00052 - ARRET\u00c9 PR\u00c9FECTORAL n\u00b02025/26/MCI du 02 juin 2025\nportant d\u00e9l\u00e9gation de signature \u00e0 M. Yann BUBIEN,\ndirecteur g\u00e9n\u00e9ral de l'agence r\u00e9gionale de sant\u00e9 de Provence-Alpes-C\u00f4te d'Azur\n30\n\u25aa Mesures de gestion en cas d'urgence sanitaire notamment en cas de danger ponctuel  \nimminent pour la sant\u00e9 publique (article L. 1311-4) ;\nEaux destin\u00e9es \u00e0 la consommation humaine et protection de la ressource en eau    :\n\uf0d8 Injonction au propri\u00e9taire ou \u00e0 l'occupant de prendre toute mesure pour faire cesser le  \nrisque  constat\u00e9  du  fait  d'une  installation  d'eau  int\u00e9rieure  non  conforme  aux  r\u00e8gles \nd'hygi\u00e8ne (article L. 1321-4 II) ;\n\uf0d8 R\u00e9alisation d'analyses dans le cadre du contr\u00f4le sanitaire des eaux (article L. 1321-5) ;\n\uf0d8 D\u00e9signation d'un hydrog\u00e9ologue agr\u00e9\u00e9 pour l'examen d'un dossier (article R. 1321-6  \n5\u00b0) ;\n\uf0d8 Communication r\u00e9guli\u00e8re aux maires des donn\u00e9es relatives \u00e0 la qualit\u00e9 de l'eau distribu\u00e9e \n(article L. 1321-9) ;\n\uf0d8 D\u00e9termination des points de pr\u00e9l\u00e8vements (article R. 1321-15) ;\n\uf0d8 Modification du programme d'analyses du contr\u00f4le sanitaire (article R. 1321-16) ;\n\uf0d8 Demande d'analyses compl\u00e9mentaires en cas de non conformit\u00e9s des eaux (article R.  \n1321-18) ;\n\uf0d8 Mise \u00e0 disposition des maires, des pr\u00e9sidents d'\u00e9tablissements publics de coop\u00e9ration  \nintercommunale et des syndicats mixtes des r\u00e9sultats des analyses r\u00e9alis\u00e9es dans le cadre \ndu contr\u00f4le sanitaire effectu\u00e9 par l'ARS (article R. 1321-22) ;\n\uf0d8 D\u00e9finition, apr\u00e8s avis du CODERST, des conditions de prise en compte de la surveillance  \nassur\u00e9e par la personne responsable de la production ou de la distribution de l'eau  \n(article R. 1321-24) ;\n\uf0d8 Demande \u00e0 la personne responsable de prendre les mesures correctives n\u00e9cessaires pour \n\u00e9tablir la qualit\u00e9 de l'eau lorsque la distribution de l'eau pr\u00e9sente un risque pour la sant\u00e9  \ndes personnes (article R. 1321-28) ;\n\uf0d8 Suivi des mesures prises pour limiter les risques de non-conformit\u00e9 des eaux (article R.  \n1321-47) ;\n\uf0d8 Lutte contre la l\u00e9gionellose, notamment dans les r\u00e9seaux d'eau (articles L. 1321-1, R.1321-\n23 et R. 1321-46) et contr\u00f4le des syst\u00e8mes d'a\u00e9ro-r\u00e9frig\u00e9ration susceptibles de g\u00e9n\u00e9rer  \ndes a\u00e9rosols (non ICPE) ;\nEaux conditionn\u00e9es :\n\uf0d8 Contr\u00f4le sanitaire des eaux conditionn\u00e9es (article R.1321-69 \u00e0 93) ;\n\uf0d8 Autorisation d'importation d'eaux conditionn\u00e9es (article R. 1321-96) ;\nEaux min\u00e9rales naturelles :\n\uf0d8 Autorisation de sondages ou de travaux souterrains dans le p\u00e9rim\u00e8tre de protection  \nd'une source d'eau min\u00e9rale naturelle (article L. 1322-4) ;\n\uf0d8 Interdiction  de  travaux  si  le  r\u00e9sultat  est  d'alt\u00e9rer  ou  de  diminuer  une  source  d'eau \nmin\u00e9rale naturelle (article L. 1322-5) ;\n\uf0d8 Suspension provisoire de travaux ou d'activit\u00e9s de nature \u00e0 alt\u00e9rer une source d'eau  \nmin\u00e9rale naturelle (article L. 1322-6) ;\n\uf0d8 Autorisation d'occupation d'un terrain compris dans un p\u00e9rim\u00e8tre de protection pour  \nl'ex\u00e9cution de travaux (article L. 1322-10) ;\n\uf0d8 Modification  ou  r\u00e9vision  d'une  autorisation  suite  \u00e0  la  d\u00e9claration  d'un  projet  de \nmodification ou \u00e0 la demande du pr\u00e9fet (articles R. 1322-12 et R. 1322-14) ;\n\uf0d8 Autorisation provisoire (article R. 1322-13) ;\n\uf0d8 Consultation du CODERST (article R. 1322-24) ;\n\uf0d8 Autorisation d'importation d'eaux min\u00e9rales naturelles (articles R. 1322-44-18 et 21) ;\nPiscines et baignades :\n\u25aa Notification des r\u00e9sultats du classement \u00e0 la personne responsable de l'eau et au maire \n(article L. 1332-5) ;\n\u25aa Autorisation d'utiliser pour une piscine, une eau autre que celle du r\u00e9seau de \ndistribution publique (article D. 1332-4) ;\n3/7\nPr\u00e9fecture du VAR - 83-2025-06-02-00052 - ARRET\u00c9 PR\u00c9FECTORAL n\u00b02025/26/MCI du 02 juin 2025\nportant d\u00e9l\u00e9gation de signature \u00e0 M. Yann BUBIEN,\ndirecteur g\u00e9n\u00e9ral de l'agence r\u00e9gionale de sant\u00e9 de Provence-Alpes-C\u00f4te d'Azur\n31\n\u25aa D\u00e9finition de la nature et la fr\u00e9quence des analyses de surveillance (article D. 1332-12) ;\n\u25aa Diffusion des r\u00e9sultats sur la qualit\u00e9 des eaux ;\n\u25aa Reconduction de la liste des eaux de baignades de la saison pr\u00e9c\u00e9dente en l'absence\n\u25aa de transmission actualis\u00e9e par la commune (article D. 1332-18) ;\n\u25aa Demande de communication de toutes informations n\u00e9cessaires aux profils en cas de \nrisque de pollution (article D. 1332-21) ;\n\u25aa Diffusion des informations sur la qualit\u00e9 des eaux de baignade (article D. 1332-33) ;\nSalubrit\u00e9 des zones de p\u00eache de loisirs et de p\u00eache \u00e0 pied    :\n\u25aa Arr\u00eat\u00e9 d'interdiction de consommation et de commercialisation de la p\u00eache de loisirs et \nde la p\u00eache de coquillages issus des zones non class\u00e9es par application des articles L.  \n1311-1 et suivants du code de la sant\u00e9 publique, sans pr\u00e9judice des pouvoirs de police  \nsp\u00e9ciale d\u00e9volus aux maires.\nHabitat insalubre :\n\u25aa V\u00e9rification de la salubrit\u00e9 des immeubles, locaux ou installations ;\n\u25aa Mise en demeure en cas de danger imminent pour la sant\u00e9 ou la s\u00e9curit\u00e9 physique des  \npersonnes, des immeubles, locaux ou installations (articles L. 511-19 \u00e0 L. 511-22, L. 521-1 \u00e0  \nL.  521-4,  L.  541-1  et  suivants,  R.  511-1  \u00e0  R.  511-13  du  code  de  la  construction  et  de \nl'habitation) ;\n\u25aa D\u00e9cision de traitement de l'insalubrit\u00e9 des immeubles, locaux ou installations (articles L.  \n511-1 \u00e0 L. 511-18, L. 511-22, L. 521-1 \u00e0 L. 521-4, L. 541-1 et suivants et R. 511-1 et suivants du  \ncode de la construction et de l'habitation).\nSaturnisme :\n\u25aa Lutte contre la pr\u00e9sence de plomb dans les immeubles, locaux ou installations ;\n\u25aa R\u00e9alisation d'une enqu\u00eate environnementale et gestion des constats des risques\n\u25aa d'exposition au plomb ;\n\u25aa D\u00e9cision  relative  au  danger  imminent  pour  la  sant\u00e9  ou  la  s\u00e9curit\u00e9  physique  des \npersonnes concernant la pr\u00e9sence de sources de plomb accessibles dans les immeubles, \nlocaux ou installations (articles L. 511-19 \u00e0 L. 511-22, L. 521-1 \u00e0 L. 521-4 et R. 511-1 \u00e0 R. 511-\n13 du code de la construction et de l'habitation \u2013 L. 1331-22 et L. 1334-2 et suivantes du  \ncode de la sant\u00e9 publique) ;\nAmiante   :\n\u25aa Contr\u00f4le de l'application de la gestion du risque amiante dans les \u00e9tablissements\nsanitaires et m\u00e9dico-sociaux (articles L. 1334-12-1 \u00e0 L. 1334-17 et R. 1334-14 \u00e0 R.  \n1334- 29) ;\n\uf0b7 Arr\u00eat\u00e9 portant prorogation de travaux de confinement ou retrait des flocages,  \ncalorifugeage et faux-plafonds contenant de l'amiante, en application (article R.  \n1334- 29-2).\nPollution atmosph\u00e9rique :\n\u25aa Contr\u00f4le  des  pollutions  atmosph\u00e9riques,  \u00e0  l'int\u00e9rieur  et  \u00e0  l'ext\u00e9rieur  de  l'habitat,\n(otamment lutte contre l'ambroisie) (Titre II du Livre II du code de l'environnement) ;\nRayonnements ionisants :\n\u25aa Prescription de mesures de champs \u00e9lectromagn\u00e9tiques (article L. 1333-21) ;\n\u25aa Lutte contre le radon \u00e0 l'int\u00e9rieur de l'habitat (article R. 1333-15) ;\n4/7\nPr\u00e9fecture du VAR - 83-2025-06-02-00052 - ARRET\u00c9 PR\u00c9FECTORAL n\u00b02025/26/MCI du 02 juin 2025\nportant d\u00e9l\u00e9gation de signature \u00e0 M. Yann BUBIEN,\ndirecteur g\u00e9n\u00e9ral de l'agence r\u00e9gionale de sant\u00e9 de Provence-Alpes-C\u00f4te d'Azur\n32\nContr\u00f4le des d\u00e9chets :\n\u25aa Contr\u00f4le  des  d\u00e9chets  dont  les  d\u00e9chets  d'activit\u00e9s  de  soins  \u00e0  risques  infectieux \netassimil\u00e9s, (articles R. 1335-1 \u00e0 R. 1335-8) ;\nLutte contre les moustiques :\n\u25aa Arr\u00eat\u00e9 d\u00e9finissant les zones de lutte contre les moustiques pris en application de  \nl'alin\u00e9a 2\u00b0 de l'article 1er de la loi n\u00b0 64-1246 du 16 d\u00e9cembre 1964 modifi\u00e9e.\nTITRE III - La Veille, la s\u00e9curit\u00e9 et la gestion des crises sanitaires\nVaccinations :\n\u25aa Obligation de vaccination antivariolique en cas de guerre, de calamit\u00e9 publique, \nd'\u00e9pid\u00e9mie ou de menace d'\u00e9pid\u00e9mie (article L. 3111-8) ;\n\u25aa Ajournement des vaccinations en cas d'\u00e9pid\u00e9mie (article R. 3111-11) ;\n\u25aa Mise en \u0153uvre de mesures sanitaires lorsqu'un cas de variole est confirm\u00e9 (article D.3111-\n20).\nAutres mesures de lutte :\n\u25aa Lutte anti-vectorielle - Prescription de mesures de prospection, traitement, travaux et \ncontr\u00f4les (article R. 3114-9) ;\n\u25aa D\u00e9ratisation et d\u00e9sinsectisation des navires - Autorisation d'utiliser les produits - \nContr\u00f4le dans le cadre du contr\u00f4le sanitaire aux fronti\u00e8res (articles R. 3114-15 \u00e0 27).\nLutte contre la propagation internationale des maladies :\n\u25aa Habilitation de diff\u00e9rents agents du minist\u00e8re si n\u00e9cessaire pour effectuer le contr\u00f4le  \nsanitaire aux fronti\u00e8res, possibilit\u00e9 de confier le contr\u00f4le technique et la d\u00e9livrance des  \ncertificats \u00e0 des personnes ou des organismes agr\u00e9\u00e9s (article L. 3115-1) ;\n\u25aa En cas de voyage international les exploitants informent les clients des risques pour la  \nsant\u00e9 publique constat\u00e9s par les autorit\u00e9s sanitaires dans les lieux de destination (article \nL. 3115-2).\nMenaces sanitaires graves- Dispositions applicables aux r\u00e9servistes sanitaires :\n\u25aa Information  du  SAMU  du  d\u00e9partement  et  des  collectivit\u00e9s  territoriales  du  \nd\u00e9clenchement d'un ou plusieurs plans blancs (article L. 3131-7) ;\n\u25aa Possibilit\u00e9 de proc\u00e9der \u00e0 des r\u00e9quisitions n\u00e9cessaires (article L. 3131-8).\nR\u00e8gles d'emploi de la r\u00e9serve   :\n\u25aa Affectation des r\u00e9servistes par le repr\u00e9sentant de l'Etat (articles L. 3134-1 et L. 3134-2).\nS'agissant du contr\u00f4le sanitaire aux fronti\u00e8res,  il est pr\u00e9cis\u00e9 que ces missions, r\u00e9alis\u00e9es  \nsous l'autorit\u00e9 du Pr\u00e9fet, sont coordonn\u00e9es par l'Agence R\u00e9gionale de Sant\u00e9 qui met en  \n\u0153uvre les activit\u00e9s de veille, de r\u00e9ponse aux urgences, d'inspection et de contr\u00f4le, dans  \nle cadre du R\u00e8glement Sanitaire International.\nTITRE IV \u2013 Plaintes, inspections et contr\u00f4les\n\u25aa Signature des lettres de mission pour diligenter des inspections et des contr\u00f4les au\n\u25aa titre des articles L. 313-13 et suivants du code de l'action sociale et des familles, et au \ntitre des articles L. 331-1 et suivants du m\u00eame code ;\n\u25aa Services de l'ARS charg\u00e9s des missions d'inspection (article L. 1435-7du code de la sant\u00e9 \npublique).\n5/7\nPr\u00e9fecture du VAR - 83-2025-06-02-00052 - ARRET\u00c9 PR\u00c9FECTORAL n\u00b02025/26/MCI du 02 juin 2025\nportant d\u00e9l\u00e9gation de signature \u00e0 M. Yann BUBIEN,\ndirecteur g\u00e9n\u00e9ral de l'agence r\u00e9gionale de sant\u00e9 de Provence-Alpes-C\u00f4te d'Azur\n33\nTITRE V \u2013 Professionnels de sant\u00e9\n\u25aa Comit\u00e9 m\u00e9dical d\u00e9partemental d\u00e9fini par l'article R.6152-36 ;\n\u25aa Missions temporaires des personnels enseignants et hospitaliers des centres hospitaliers  \net universitaires d\u00e9finies au terme de l'article 34 du d\u00e9cret n\u00b0 84-135 du 24 f\u00e9vrier 1984  \nmodifi\u00e9  par  le  d\u00e9cret  n\u00b0  2006-593  du  23/05/2006  portant  statut  des  personnels \nenseignants et hospitaliers des CHU.\nARTICLE 2\nD\u00e9l\u00e9gation est donn\u00e9e \u00e0  Yann BUBIEN,  directeur g\u00e9n\u00e9ral de l'agence r\u00e9gionale de sant\u00e9 de  \nProvence-Alpes-C\u00f4te d'Azur , \u00e0 l'effet de s ubd\u00e9l\u00e9guer, par arr\u00eat\u00e9 pris et publi\u00e9 au recueil des  \nactes administratifs de la pr\u00e9fecture, la liste des agents plac\u00e9s sous son autorit\u00e9 qu'il aura  \nd\u00e9sign\u00e9 pour signer les actes entrant dans leur champ de comp\u00e9tence et pour lesquels il a lui-\nm\u00eame re\u00e7u d\u00e9l\u00e9gation au titre du pr\u00e9sent arr\u00eat\u00e9 ainsi que  les conditions d\u00e9finies de cette  \nsubd\u00e9l\u00e9gation de signature. \nARTICLE 3\nLe secr\u00e9taire g\u00e9n\u00e9ral de la pr\u00e9fecture du Var et le directeur g\u00e9n\u00e9ral de l'agence r\u00e9gionale de  \nsant\u00e9  de  Provence-Alpes-C\u00f4te  d'Azur,  sont  charg\u00e9s  chacun  en  ce  qui  le  concerne,  de \nl'ex\u00e9cution  du  pr\u00e9sent  arr\u00eat\u00e9,  qui  sera  publi\u00e9  au  recueil  des  actes  administratifs  de  la \npr\u00e9fecture du Var.\nFait \u00e0 Toulon, le 2 juin 2025\nLe pr\u00e9fet du Var\nSign\u00e9\nSimon BABRE\n6/7\nPr\u00e9fecture du VAR - 83-2025-06-02-00052 - ARRET\u00c9 PR\u00c9FECTORAL n\u00b02025/26/MCI du 02 juin 2025\nportant d\u00e9l\u00e9gation de signature \u00e0 M. Yann BUBIEN,\ndirecteur g\u00e9n\u00e9ral de l'agence r\u00e9gionale de sant\u00e9 de Provence-Alpes-C\u00f4te d'Azur\n34\nRel\u00e8vent d'un AP du directeur de l'ARS\nPour l'ensemble des actes et d\u00e9cisions mentionn\u00e9s dans la d\u00e9l\u00e9gation de signature   \nMonsieur S\u00e9bastien MONIE, directeur d\u00e9partemental du Var ;\nMonsieur Nicolas LAMPIRE, directeur d\u00e9partemental adjoint du Var ;\nMadame Diane PULVENIS, m\u00e9decin inspecteur g\u00e9n\u00e9ral de sant\u00e9 publique ;\nMadame Christelle DE DONATO BONNANS, ing\u00e9nieur du g\u00e9nie sanitaire ;\nMadame St\u00e9phanie HIRTZIG, inspectrice principale des affaires sanitaires et sociales ;\nMadame Soraya HENRIQUES, attach\u00e9e d'administration des affaires sociales ;\nMadame Nad\u00e8ge VERLAQUE, inspectrice principale des affaires sanitaires et sociales ;\nMadame Soizic BATTAS, attach\u00e9e principale d'administration ;\nDans la limite de leurs comp\u00e9tences et attributions respectives  \nMadame Anne DECOPPET, m\u00e9decin inspecteur g\u00e9n\u00e9ral de sant\u00e9 publique ;\nMonsieur  Thierry  TAGLIAFERRO,  adjoint  au  responsable  du  service  Offre  de  Soins \nHospitali\u00e8re;\nMadame Alexandra MURIEL, ing\u00e9nieur d'\u00e9tudes sanitaires - Responsable de l'unit\u00e9 \u00ab  \nmilieux ext\u00e9rieurs \u00bb ;\nMonsieur Laurent SAINTILLAN, ing\u00e9nieur d'\u00e9tudes sanitaires \u2013 Responsable de l'unit\u00e9 \n\u00ab milieux clos \u00bb ;\nMadame Laure BOYE, ing\u00e9nieur d'\u00e9tudes sanitaires \u2013 unit\u00e9 contr\u00f4le sanitaire des eaux\nMonsieur Yahya DEBBAGH, ing\u00e9nieur d'\u00e9tude sanitaires unit\u00e9 contr\u00f4le sanitaire des eaux ;\nMadame Anne VEBER, attach\u00e9e principale d'administration centrale, charg\u00e9e du secteur \nPersonnes Handicap\u00e9es, service m\u00e9dico-social ;\nMadame Anne PERNOD, m\u00e9decin conseil pr\u00e8s la direction ;\nMadame Christelle SALIOT, attach\u00e9e principale d'administration, charg\u00e9e du secteur \nPersonnes Ag\u00e9es, service m\u00e9dico-social.\nDans le domaine des soins psychiatriques sans consentement\nMonsieur Martin CHASLUS, chef du service des soins psychiatriques sans consente -\nment ;\nMadame Laurence CLEMENT, adjointe au chef de service des soins psychiatriques sans  \nconsentement ;\nMonsieur  Younes  DJEMAI,  cadre-expert  au  service  des  soins  psychiatriques  sans \nconsentement.\n7/7\nPr\u00e9fecture du VAR - 83-2025-06-02-00052 - ARRET\u00c9 PR\u00c9FECTORAL n\u00b02025/26/MCI du 02 juin 2025\nportant d\u00e9l\u00e9gation de signature \u00e0 M. Yann BUBIEN,\ndirecteur g\u00e9n\u00e9ral de l'agence r\u00e9gionale de sant\u00e9 de Provence-Alpes-C\u00f4te d'Azur\n35\nPr\u00e9fecture du VAR\n83-2025-06-05-00002\nArr\u00eat\u00e9 pr\u00e9fectoral n\u00b02025-06-001 PC du 05 juin\n2025 portant r\u00e9glementation de la police de\ncirculation sur les autoroutes A8 - A50 - A57\nPr\u00e9fecture du VAR - 83-2025-06-05-00002 - Arr\u00eat\u00e9 pr\u00e9fectoral n\u00b02025-06-001 PC du 05 juin 2025 portant r\u00e9glementation de la police\nde circulation sur les autoroutes A8 - A50 - A57 36\nPREFETDU VARLibert\u00e9Egalit\u00e9Fraternit\u00e9\nDirection des s\u00e9curit\u00e9s\nService de l'\u00e9ducation et\nde la s\u00e9curit\u00e9 routi\u00e8res\nP\u00f4le \u00e9tudes et ing\u00e9nierie\n   ARR\u00caT\u00c9 PR\u00c9FECTORAL n\u00b0 2025-06-001 PC du 05 juin 2025\nportant r\u00e9glementation de la police de la circulation sur les autoroutes A8 - A50 - A57 \nLe Pr\u00e9fet du Var,\nVu le Code de la route ;\nVu le Code de la voirie routi\u00e8re ;\nVu le Code des transports ;\nVu le d\u00e9cret du 29 novembre 1982 approuvant la convention de concession pass\u00e9e entre l'\u00c9tat  \net la soc i\u00e9t\u00e9 Est\u00e9rel, C\u00f4te d'Azur, Provence Alpes (ESCOTA) en vue de la construction, de  \nl'entretien et de l'exploitation des autoroutes conc\u00e9d\u00e9es et ses avenants ult\u00e9rieurs ;\nVu l'arr\u00eat\u00e9 interminist\u00e9riel du 24 novembre 1967  modifi\u00e9 relatif \u00e0 la signalisation des routes et  \nautoroutes et des textes subs\u00e9quents ; \nVu l'instruction  interminist\u00e9rielle  sur  la  signalisation  routi\u00e8re  (IISR)  du  22  octobre  1963 \nmodifi\u00e9e ; \nVu la  d\u00e9cision  minist\u00e9rielle  autorisant  la  mise  en  service  de  l'\u00e9largissement  \u00e0  3  voies  de \nl'autoroute A57 entre Beno\u00eet Malon et Pierre Ronde en date du 26 mai 2025 ; \nVu l'arr\u00eat\u00e9 pr\u00e9fectoral n\u00b0 2020-12-001 BR du 16 d\u00e9cembre 2020, portant modification de l'arr\u00eat\u00e9 \npr\u00e9fectoral n\u00b0 2523 du 20 mars 2018, portant r\u00e9glementation de la circulation des v\u00e9hicules de  \ntransport de bois ronds dans le d\u00e9partement du Var ;\nVu  l'arr\u00eat\u00e9  pr\u00e9fectoral  n\u00b0  2023-06-004  en  date  du  26  juin  2023,  autorisant  l'ouverture  de \nchantiers  d'entretien  courant  ou  de  r\u00e9paration  sur  les  autoroutes  A8,  A50  et  A57  dans  la \ntravers\u00e9e du d\u00e9partement du Var ;\nVu l'arr\u00eat\u00e9 pr\u00e9fectoral n\u00b0 2025/14/MCI du 02 juin 2025  portant d\u00e9l\u00e9gation de signature \u00e0 Mme  \nJos\u00e9phine GUIGLIANO-BOUTONNET, directrice de cabinet du pr\u00e9fet du Var ; \nVu la note technique du 14 avril 2016 du Minist\u00e8re de l'Environnement, de l'\u00c9nergie et de la Mer  \n(DGITM/DIT) relative \u00e0 la coordination des chantiers sur le r\u00e9seau routier national (RRN) ;\nVu le r\u00e8glement d'exploitation de la soci\u00e9t\u00e9 des autoroutes ESCOTA en date du 27 juin 2023 ;\nVu l'avis favorable de la CRS Autorouti\u00e8re Provence - d\u00e9tachement de Toulon en date du 02 juin \n2025 ; \nVu l'avis favorable du groupement de gendarmerie d\u00e9partementale du Var en date du 03 juin  \n2025;\nVu l'avis favorable de la direction g\u00e9n\u00e9rale des infrastructures, des transports et des mobilit\u00e9s  \n(DGITM) en date du 04 juin 2025 ; \nVu  l'avis favorable du groupement de gendarmerie d\u00e9partementale des Alpes-Maritimes en  \ndate du 04 juin 2025 ;\nArr\u00eat\u00e9 pr\u00e9fectoral n\u00b0 2025 \u2013 06 \u2013 001 PC                                                                                                                                                     1/19\nPr\u00e9fecture du VAR - 83-2025-06-05-00002 - Arr\u00eat\u00e9 pr\u00e9fectoral n\u00b02025-06-001 PC du 05 juin 2025 portant r\u00e9glementation de la police\nde circulation sur les autoroutes A8 - A50 - A57 37\nConsid\u00e9rant  qu'il est n\u00e9cessaire d'actualiser les mesures de police de la circulation suite \u00e0 la  \nmise en service de la section autorouti\u00e8re \u00e0 deux fois trois voies de l'autoroute A57 ;\nConsid\u00e9rant qu'il est n\u00e9cessaire de regrouper l'ensemble des mesures de police de circulation  \ndes 3 autoroutes varoises A8, A50 et A57 , dans un m\u00eame arr\u00eat\u00e9 pr\u00e9fectoral ; \nConsid\u00e9rant que pour r\u00e9pondre aux objectifs d'am\u00e9lioration des conditions de circulation et de \nr\u00e9duction de l'impact environnemental des d\u00e9placements dans l'agglom\u00e9ration toulonnaise,  \nune voie r\u00e9serv\u00e9e aux transports en commun (VRTC) ainsi que des arr\u00eats de transports en  \ncommun sont am\u00e9nag\u00e9s sur l'autoroute A57 dans sa section urbaine, dans les deux sens de  \ncirculation;\nConsid\u00e9rant la n\u00e9cessit\u00e9 d'assurer la s\u00e9curit\u00e9 de la circulation publique sur les autoroutes A8,  \nA50, A57 et dans le tunnel de Toulon ; \nSur proposition de la directrice de cabinet du pr\u00e9fet du Var,\nARR\u00caTE :\nArticle 1  er     :   Champ d'application  \nLe  pr\u00e9sent  arr\u00eat\u00e9  r\u00e9glemente  la  police  de  la  circulation  sur  l'ensemble  des  autoroutes \nconc\u00e9d\u00e9es  A8,  A50  et  A57  dans  le  d\u00e9partement  du  Var,  pour  en  faciliter  la  lisibilit\u00e9,  un \nsommaire est joint en annexe.\nLa circulation dans le Var sur les sections d'autoroutes A8, A50 et A57 , mentionn\u00e9es ci-dessous, \nest soumise aux dispositions du code de la route et aux prescriptions du pr\u00e9sent arr\u00eat\u00e9 :\nAutoroute A8     :   du PR 43.225 (extr\u00e9mit\u00e9 ouest) au PR 151.955 (extr\u00e9mit\u00e9 est).\nAutoroute A50     :   du  PR 42.922 (extr\u00e9mit\u00e9 ouest) au PR 72.810 (raccordement avec l'autoroute  \nA57).\nAutoroute  A57     :   du  PR  0.000  (raccordement  avec  l'autoroute  A50)  au  PR  52.721  (n\u0153ud \nautoroutier A57/A8).\nCes dispositions et ces prescriptions s'appliquent \u00e9galement aux diffuse urs avec raccordement \nci-dessous :\nNum\u00e9ro du diffuseur / bifurcation / noeud PR Route concern\u00e9e\nAUTOROUTE  A8 \nN\u00b033 \u00ab Trets \u00bb 46.750 RDN7\nN\u00b034 \u00ab Saint-Maximin \u00bb 57 .680 RD560A\nN\u00b035 \u00ab Brignoles \u00bb 73.763 RDN7\nBifurcation A8 / A57 98.800 A8\nN\u00b036 \u00ab Le Muy \u00bb 117 .608 RD1555\nN\u00b037 \u00ab Puget-sur-Argens \u00bb 129.234 RDN7\nN\u00b038 \u00ab Fr\u00e9jus Ouest \u00bb 133.175 RD4A\nN\u00b038 \u00ab Fr\u00e9jus Est \u00bb 133.963 RD37\nN\u00b039 \u00ab Les Adrets-de-l'Est\u00e9rel \u00bb 145.539\nN\u00b010 \u00ab Saint-Cyr-sur-Mer \u00bb 44.032 RD559\nN\u00b011 \u00ab La Cadi\u00e8re d'Azur \u00bb 50.680 RD66\nN\u00b0 12 \u00ab  Bandol \u00bb 59.087 RD559\nN\u00b012.1 \u00abOllioules \u00bb 61.263 RD11\nN\u00b013 \u00ab La Seyne-sur-Mer \u00bb 63.763 RD26\nArr\u00eat\u00e9 pr\u00e9fectoral n\u00b0 2025 \u2013 06 \u2013 001 PC                                                                                                                                                     2/19\nPr\u00e9fecture du VAR - 83-2025-06-05-00002 - Arr\u00eat\u00e9 pr\u00e9fectoral n\u00b02025-06-001 PC du 05 juin 2025 portant r\u00e9glementation de la police\nde circulation sur les autoroutes A8 - A50 - A57 38\nAUTOROUTE  A50       N\u00b014 \u00ab Chateauvallon \u00bb 66.067 Chemin de Lagoubran\nN\u00b0 15 \u00ab Toulon Ouest \u00bb 67 .600 RD559N\u00b015b \u00ab Br\u00e9gaillon \u00bb\nN\u00b015a \u00ab Toulon Ouest \u00bb 68.100 Avenue Aristide Briand \u2013 Avenue \ndes fusiliers marins\nN\u00b016 \u00ab Toulon Le Port \u00bb 68.880 Avenue Estienne d'Orves\nN\u00b017 \u00ab Toulon Centre \u00bb 72.480 Bd Leon Bourgeois / \nCarrefour des Oliviers\nNum\u00e9ro du diffuseur / bifurcation / noeud PR Route concern\u00e9e\nAUTOROUTE    A57\nN\u00b01 \u00ab Saint-Jean-du-Var \u00bb (ex Beno\u00eet \nMalon)\n0.000 Avenue Beno\u00eet Malon\nN\u00b02 \u00ab Toulon Est \u00bb (ex La Palasse) 1.100 RD559\nN\u00b03 \u00ab La Valette Centre \u00bb (ex Tombadou) 2.500 Avenue Mirasoul\u00e9ou\nN\u00b04 \u00ab La Valette Sud \u00bb (ex Les Fourches) 3.700 Avenue Dr. Eug\u00e8ne Blanc\nN\u00b05a \u00ab  La Valette Nord \u00bb (ex La Bigue) 4.400 RD98\nN\u00b05b \u00ab Valgora - Universit\u00e9 \u00bb 4.400 RD98\nBifurcation A57 / A570 (Pierre Ronde) 6.800 A570\nN\u00b06 \u00ab La Farl\u00e8de \u00bb 8.737 RD554 et Avenue du 9\u00e8me DIC\nN\u00b07 \u00ab Sollies-Toucas \u00bb 13.530 RD554\nN\u00b08 \u00ab Zone artisanale \u00bb 14.815 RD97\nN\u00b09 \u00ab Cuers \u00bb 17 .503 Route de Saint Jean et Les \nCouestes\nN\u00b010 \u00ab Puget-Ville \u00bb 21.506 RD97 \u2013 RD14 - RD43\nN\u00b011 \u00ab Carnoules \u00bb 32.006 RD97\nN\u00b013 \u00ab Le Cannet-des-Maures \u00bb 51.415 RDN7\nSont \u00e9galement soumises aux dispositions et prescriptions du pr\u00e9sent arr\u00eat\u00e9, les aires de repos  \net de service suivantes : \n                 Aires de repos PR              Aires de service PR\nAUTOROUTES                  \nA8\nAire de Saint-Hilaire 51.700\nAUTOROUTES         \nA8 \nAire des Terrasses de Provence 67 .500\nAire de Barcelone 53.300 Aire de Cambarette 67 .700\nAire de Candumy 85.000 Aire de Vidauban Sud 106.700\nAire de Rouda\u00ef 85.000 Aire de Provence Verdon 106.800\nAire de Jas Pelicot 128.000 Aire de Canaver 127 .600\nAire du Reyran 137 .500 Aire de l'Est\u00e9rel 143.000\nA50\nAire de Sanary Nord 57 .600\nA57\nAire de la Bigue 4.900\nAire de Sanary Sud 58.000 Aire de la Garde 7 .400\nA57\nAire du Suv\u00e9 du Vent 29.300\nAire des Lauvets 30.700\nAire de Gonfaron 44.700\nAire des Sigues 44.800\nSont  \u00e9galement  soumises  aux  dispositions  et  prescriptions  du  pr\u00e9sent  arr\u00eat\u00e9,  les  aires  de \ntransport en commun suivants :\nAires des voies de desserte de transport en commun PR\nA57 Arr\u00eat de transport en commun de Sainte-Musse Sud (en direction de Nice) 1.450\nArr\u00eat de transport en commun de Sainte-Musse Nord (en direction de Toulon) 1.400\nArr\u00eat\u00e9 pr\u00e9fectoral n\u00b0 2025 \u2013 06 \u2013 001 PC                                                                                                                                                     3/19\nPr\u00e9fecture du VAR - 83-2025-06-05-00002 - Arr\u00eat\u00e9 pr\u00e9fectoral n\u00b02025-06-001 PC du 05 juin 2025 portant r\u00e9glementation de la police\nde circulation sur les autoroutes A8 - A50 - A57 39\nArticle 2     : Acc\u00e8s  \nLes acc\u00e8s et les sorties des sections des autoroutes vis\u00e9es \u00e0 l'article 1 er, ne peuvent se faire que  \npar les chauss\u00e9es aux extr\u00e9mit\u00e9s du domaine autoroutier ou aux points d'\u00e9changes pr\u00e9vus \u00e0 cet \neffet.\nSauf circonstances exceptionnelles, tous les autres acc\u00e8s ou issues sont interdits. Ces derniers  \nsont, soit clos par des portes, soit signal\u00e9s par des panneaux (acc\u00e8s ou sens interdits) avec  \npanonceau \u00ab sauf service \u00bb. \nSont  toutefois  autoris\u00e9s  \u00e0  emprunter  ces  acc\u00e8s  ou  issues,  les  agents  et  les  v\u00e9hicules  du \ngestionnaire de la voirie, des forces de police, de gendarmerie, de la protection civile, de lutte  \ncontre  l'incendie,  de  secours  aux  bless\u00e9s,  des  entreprises  appel\u00e9es  \u00e0  intervenir  sur  les \nautoroutes, des d\u00e9panneurs agr\u00e9\u00e9s r\u00e9pondant aux conditions fix\u00e9es par le cahier des charges  \nde d\u00e9pannage du gestionnaire de la voirie  et les agents de l'administration du minist\u00e8re charg\u00e9  \ndes transports charg\u00e9s du contr\u00f4le de la concession autorouti\u00e8re. \nIl est interdit \u00e0 tous les v\u00e9hicules de stationner au droit des acc\u00e8s ou issues de service, \u00e0  \nl'int\u00e9rieur ou \u00e0 l'ext\u00e9rieur du domaine autoroutier. Cette disposition ne s'applique pas aux  \nv\u00e9hicules du gestionnaire de la voirie ni \u00e0 ceux des forces de police ou de gendarmerie.\nEn outre, il est interdit de prendre \u00e0 contresens de circulation, soit pour quitter les autoroutes,  \nsoit pour y acc\u00e9der, les chauss\u00e9es des autoroutes ainsi que les bretelles de raccordement des  \ndiffuseurs, les bretelles des aires autorouti\u00e8res, les voies de desserte des arr\u00eats de transport en  \ncommun et des parkings associ\u00e9s aux gares de p\u00e9age. Ces interdictions sont mat\u00e9rialis\u00e9es par  \ndes panneaux B1 (sens interdit), B2a et B2b (interdiction de tourner \u00e0 gauche et \u00e0 droite).\nArticle 3     : P\u00e9age  \nLa perception du p\u00e9age est effectu\u00e9e dans les installations des gares des diffuseurs, des gares \nd'extr\u00e9mit\u00e9 ou des gares en barri\u00e8re.\nSi, pour un motif exceptionnel (manifestation, accident ou catastrophe naturelle notamment),  \nune  gare  de  p\u00e9age  ne  peut  \u00eatre  utilis\u00e9e,  la  perception  des  p\u00e9ages  peut  \u00eatre  organis\u00e9e \nexceptionnellement en tout autre point choisi par la soci\u00e9t\u00e9 concessionnaire.\n\u00c0 l'approche des gares de p\u00e9age, les usagers doivent :\n\u2022 Ralentir progressivement conform\u00e9ment \u00e0 la signalisation en place ;\n\u2022 \u00c9teindre leurs feux de route ;\n\u2022 Respecter les hauteurs limites indiqu\u00e9es par les gabarits situ\u00e9s sur les couloirs de p\u00e9age  \nautomatiques et de t\u00e9l\u00e9p\u00e9age (panneaux B12) ;\n\u2022 S'engager entre les \u00eelots dans un des couloirs en fonction de l'affectation de ce dernier ;\n\u2022 Marquer  l'arr\u00eat  au  droit  des  installations  de  p\u00e9age,  sauf  si  la  voie  est  r\u00e9serv\u00e9e  au \nt\u00e9l\u00e9p\u00e9age \u00ab 30 \u00bb sans arr\u00eat, une vitesse de 30 km/h \u00e9tant alors autoris\u00e9e ;\n\u2022 Proc\u00e9der aux op\u00e9rations \u00ab  p\u00e9age \u00bb, qui peuvent \u00eatre manuelles, automatiques ou sans  \narr\u00eat,  en  se  conformant  aux  indications  donn\u00e9es  par  le  personnel  de  la  soci\u00e9t\u00e9 \nconcessionnaire ou par la signalisation en place.\nLes  voies  d'\u00e9vitement  des  postes  de  p\u00e9age  sont  strictement  r\u00e9serv\u00e9es  \u00e0  des  usages \nexceptionnels autoris\u00e9s par la soci\u00e9t\u00e9 concessionnaire.\nLa soci\u00e9t\u00e9 concessionnaire peut proc\u00e9der, aupr\u00e8s des usagers, \u00e0 toute v\u00e9rification destin\u00e9e \u00e0  \nd\u00e9terminer le tarif de p\u00e9age \u00e0 appliquer.\nArticle 4     : Limitations de vitesse  \nLa vitesse sur les autoroutes A8, A50 et A57 est r\u00e9glement\u00e9e par l'article R413-1 du Code de la  \nroute et les textes pris pour son application.\nArticle 4.1 Sections courantes\nSur les  sections  courantes pr\u00e9ci s\u00e9es  dans  le  tableau  ci-dessous,  des  limitations  de  vitesse \nparticuli\u00e8res sont prescrites :\nArr\u00eat\u00e9 pr\u00e9fectoral n\u00b0 2025 \u2013 06 \u2013 001 PC                                                                                                                                                     4/19\nPr\u00e9fecture du VAR - 83-2025-06-05-00002 - Arr\u00eat\u00e9 pr\u00e9fectoral n\u00b02025-06-001 PC du 05 juin 2025 portant r\u00e9glementation de la police\nde circulation sur les autoroutes A8 - A50 - A57 40\nSens de circulation PR Vitesse limit\u00e9e\nAUTOROUTE   A8\nAix-en-Provence \nvers Nice\nDu PR 92.700 au PR 95.600 110\nDu PR 94.400 au PR 95.600 70 \npour les v\u00e9hicules de plus de 3,5 tonnes\nDu PR 133.500 au PR 151.955 110\nNice vers \nAix-en-Provence\nDu PR 151.955 au PR 133.210 110\nAUTOROUTE    A50\nMarseille vers \nToulon\nDu PR 48.250 au PR 51.650\n70\npour les v\u00e9hicules transportant des \nproduits de nature \u00e0 polluer les eaux\nDu PR 62.550 au PR 64.690 110 \nDu 64.690 au PR 68.000 90 \nDu PR 68.000 au PR 72.810 \n70 \n(cette valeur peut \u00eatre ramen\u00e9e \u00e0 50 km/h dans \nle tunnel, en application du Plan d'Intervention \net de S\u00e9curit\u00e9 du tunnel de Toulon)\nToulon vers \nMarseille\nDu PR 72.810 au 69.010\n70\n(cette valeur peut \u00eatre ramen\u00e9e \u00e0 50 km/h dans \nle tunnel, en application du Plan d'Intervention \net de S\u00e9curit\u00e9 du tunnel de Toulon)\nDu PR 69.010 au PR 67 .910 90\nDu PR 67 .910 au PR 63.200 110\nDu PR 51.650 au PR 48.250\n70 \n pour les v\u00e9hicules transportant des \nproduits de nature \u00e0 polluer les eaux\nAUTOROUTE   A57\nLe Cannet-des-\nMaures \nvers Toulon\nDu PR 51.940 au PR 50.930 110\nDu PR 21.250 au PR 13.500 110\nDu PR 13.500 au PR 6.690 90\nDu PR 6.690 au PR 0.000 90\nToulon vers \nLe Cannet-des-\nMaures\nDu PR 0.000 au PR1.380\n70 \n(cette valeur peut-\u00eatre ramen\u00e9e \u00e0 50 km/h en \ncas de r\u00e9gulation de vitesse dans le tunnel \u00e0 \n50km/h, en application du PIS du tunnel de \nToulon)\nDu PR 1.380 au PR 6.750 90 \nDu PR 6.750 au PR 12.220 110\nDu PR 12.220 au PR 13.650 90\nDu PR 13.650 au PR 21.000 110\nDu PR 50.940 \u00e0 la \nbifurcation A8 / A57 110\nSur la bifurcation \nA8 / A57\nVitesse limit\u00e9e \u00e0 90 km/h sur la liaison Toulon vers Nice\nVitesse limit\u00e9e \u00e0 90 km/h, 70km/h, puis 50km/h sur la liaison Toulon vers \nAix-en-Provence\nVitesse limit\u00e9e \u00e0 110 km/h, 90km/h, 70 km/h puis 50km/h sur la liaison \nNice vers Toulon et la liaison Aix-en-Provence vers Toulon\nArr\u00eat\u00e9 pr\u00e9fectoral n\u00b0 2025 \u2013 06 \u2013 001 PC                                                                                                                                                     5/19\nPr\u00e9fecture du VAR - 83-2025-06-05-00002 - Arr\u00eat\u00e9 pr\u00e9fectoral n\u00b02025-06-001 PC du 05 juin 2025 portant r\u00e9glementation de la police\nde circulation sur les autoroutes A8 - A50 - A57 41\nArticle 4.2      Aires de repos et de service  \nSur les bretelles d'acc\u00e8s aux aires de repos et de service, la vitesse est limit\u00e9e \u00e0 \n\u2022 90 km/h, 70 km/h puis 50 km/h ;\n\u2022 70 km/h puis 50 km/h pour l'acc\u00e8s \u00e0 l'aire de La Bigue sur l'A57 .\nSur les aires de repos et de service, la vitesse est limit\u00e9e \u00e0 50 km/h.\nLes aires de desserte de transport en commun ne sont pas incluses dans cet article et font  \nl'objet d'un article sp\u00e9cifique (cf. article 10.5). \nArticle 4.3      Bretelles des diffuseurs  \nSur les bretelles de sortie des diffuseurs, la vitesse est limit\u00e9e \u00e0 :\n\u2022 90 km/h, 70 km/h puis 50 km/h ;\n\u2022 70 km/h puis 50 km/h pour les sorties sur l'A57 :\n- Sens Nice vers Toulon : 1 et 3 ;\n- Sens Toulon vers Nice : 3 et 5b.\n\u2022 70 km/h, 50 km/h puis 30 km/h :\n- sens Nice vers Toulon : 5.\n\u2022 50 km/h puis 30km/h :\n- sens Toulon vers Nice : 2 et 5a. \nSur les bretelles d'entr\u00e9e des  diffuseurs suivants, des limitations de vitesse sont appliqu\u00e9es  \ncomme indiqu\u00e9 ci-apr\u00e8s :\nNum\u00e9ro et noms des bretelles d'entr\u00e9e Sens de circulation Vitesse limit\u00e9e\nAUTOROUTES\nA8\nN\u00b033 \u00ab Trets \u00bb Aix vers Nice 50\nN\u00b034 \u00ab Saint-Maximin \u00bb Dans les deux sens 70 puis 50\nN\u00b035 \u00ab Brignoles \u00bb Dans les deux sens 70 puis 50\nN\u00b036 \u00ab Le Muy \u00bb Dans les deux sens 70 puis 50\nN\u00b037 \u00ab Puget-sur-Argens \u00bb Dans les deux sens 70\nN\u00b038 \u00ab Fr\u00e9jus Ouest \u00bb PR 132.900 Nice vers Aix-en-Provence 50 \nN\u00b038 \u00ab Fr\u00e9jus Est \u00bb PR 134.000 Aix-en-Provence vers Nice 50\nN\u00b039 \u00ab Les Adrets-de-l'Est\u00e9rel \u00bb Dans les deux sens 70 puis 50\nLes limitations de vitesse sur la bifurcation A8 / A57 sont prescrites dans l'article 4.1 \ndu pr\u00e9sent arr\u00eat\u00e9\nA50\nN\u00b010 \u00ab Saint-Cyr-sur-Mer \u00bb Toulon vers Marseille 70 puis 50\nN\u00b010 \u00ab Saint-Cyr-sur-Mer \u00bb Marseille vers Toulon 70\nN\u00b012.1 \u00ab Ollioules \u00bb 50\nA57\nN\u00b01 \u00ab Saint-Jean-du-Var \u00bb\nToulon vers le Cannet-des-Maures\n50\nN\u00b02 \u00ab Toulon Est \u00bb 50\nN\u00b03 \u00ab La Valette Centre \u00bb 50\nN\u00b04 \u00ab La Valette Sud \u00bb 50\nN\u00b05 \u00ab La Valette Nord \u00bb 50 puis 30\nN\u00b05 \u00ab La Valette Nord \u00bb\nLe Cannet-des-Maures vers Toulon\n50 puis 30\nN\u00b04 \u00ab La Valette Sud \u00bb 50\nN\u00b03 \u00ab La Valette Centre \u00bb 50\nN\u00b02 \u00ab Toulon Est \u00bb Le Cannet-des-Maures vers Toulon 50\nN\u00b06 \u00ab La Farl\u00e8de \u00bb Toulon vers Le Cannet-des-Maures 50\nN\u00b07 \u00ab Sollies-Toucas \u00bb Le Cannet-des-Maures vers Toulon 50\nN\u00b013 \u00ab Le Cannet-des-Maures \u00bb Le Cannet-des-Maures vers l'A8 50\nArr\u00eat\u00e9 pr\u00e9fectoral n\u00b0 2025 \u2013 06 \u2013 001 PC                                                                                                                                                     6/19\nPr\u00e9fecture du VAR - 83-2025-06-05-00002 - Arr\u00eat\u00e9 pr\u00e9fectoral n\u00b02025-06-001 PC du 05 juin 2025 portant r\u00e9glementation de la police\nde circulation sur les autoroutes A8 - A50 - A57 42\nArticle   5     : R\u00e9gulation dynami  que   du trafic  \nUn dispositif de r\u00e9gulation dynamique du trafic sp\u00e9cifique est mis en place sur chacune des  \nautoroutes A8, A50 et A57 . Ce syst\u00e8me vise, par abaissement de la vitesse maximale autoris\u00e9e, \u00e0 \nam\u00e9liorer les conditions de circulation et de s\u00e9curit\u00e9 et \u00e0 inciter \u00e0 une conduite apais\u00e9e,  \nnotamment en p\u00e9riode de fort trafic ou de pollution. \nLes vitesses maximales autoris\u00e9es pr\u00e9vues par l'article R413.2 du Code de la route et le pr\u00e9sent  \narr\u00eat\u00e9 peuvent ainsi \u00eatre r\u00e9duites temporairement, en fonction des conditions de circulation  \nou de pollution \u00e0 :\n\u2022 110 km/h, 90 km/h ou 70 km/h pour les zones \u00e0 130 km/h ;\n\u2022 90 km/h ou 70 km/h pour les zones \u00e0 110 km/h ;\n\u2022 50 km/h pour les zones \u00e0 70 km/h et le tunnel de Toulon.\nLa vitesse est modifi\u00e9e par palier de 20  km/h. Elle conserve une valeur donn\u00e9e au moins vingt  \nminutes avant de varier \u00e9ventuellement \u00e0 nouveau.\nLes prescriptions li\u00e9es \u00e0 la r\u00e9gulatio n dynamique de  la vitesse sont port\u00e9es \u00e0 la connaissance  \ndes usagers au moyen de panneaux \u00e0 message variable (PMV) conformes \u00e0 la 9 \u00e8me partie de  \nl'article  178  de  l'Instruction  Interminist\u00e9rielle  sur  la  Signalisation  Routi\u00e8re  (IISR)  qui  sont \nimplant\u00e9s r\u00e9guli\u00e8rement sur la section concern\u00e9e et en aval de chaque entr\u00e9e d'autoroute.\nEn conditions normales de circulation ou de pollution, le dispositif n'est pas activ\u00e9. \nAucun message de restriction de vitesse n'est affich\u00e9 sur les PMV pour les zones limit\u00e9es \u00e0  \n130 km/h. \nSur les sections limit\u00e9es \u00e0 110 km/h, la restriction de la vitesse peut \u00eatre affich\u00e9e sur les PMV.\nL'information relative \u00e0 la r\u00e9gulatio n dynamique de vitesse et \u00e0 la vitesse maximale autoris\u00e9e  \nfait l'objet de diffusions r\u00e9guli\u00e8res de messages sur Radio VINCI Autoroutes (FM 107 .7)\nPour l'autoroute A8, ce dispositif de r\u00e9gulation dynamique est en place, dans le sens Nice vers  \nAix-en-Provence, du PR 57 .700 au PR 43.225 (limite du d\u00e9partement du Var).\nCe dispositif est \u00e9galement en place sur l'autoroute A50 dans le tunnel de Toulon et fait l'objet  \nd'un article d\u00e9di\u00e9 n\u00b08.2. Il a pour but d'\u00e9viter la remont\u00e9e d'un bouchon \u00e0 l'int\u00e9rieur du tube  \nsud du tunnel de Toulon qui entra\u00eenerait sa fermeture. Il est compl\u00e9t\u00e9 par un dispositif de  \npincement d\u00e9taill\u00e9 dans le m\u00eame article.\nPour l'autoroute A57 , un dispositif de r\u00e9gulation dynamique de vitesse est implant\u00e9 dans le sens \nToulon vers Le Cannet-des-Maures entre la sortie du tunnel (tube Sud) et le PR 1.380 et vient  \ncompl\u00e9ter le dispositif de r\u00e9gulation de vitesse du tunnel.\nArticle 6     :   Conditions d'activation du dispositif de r\u00e9gulation  \nModalit\u00e9s d'activation \nL'activation du dispositif de r\u00e9gulation fait obligatoirement l'objet d'une information par la  \nsoci\u00e9t\u00e9 concessionnaire, des forces de l'ordre (police, gendarmerie) et des services pr\u00e9fectoraux \ndu Var. Un courriel est envoy\u00e9 lors de l'activation et la d\u00e9sactiviation du dispositif de r\u00e9gulation. \nAutoroute A8\nLe dispositif de r\u00e9gulation est activ\u00e9 :\n\u2022 en situation de mont\u00e9e en charge du trafic ;\n\u2022 en cas de pollution.\nAutoroute A50\nLe dispositif de r\u00e9gulation est activ\u00e9 :\n\u2022 en situation de mont\u00e9e en charge du trafic (heures de pointe du matin et du soir) ;\n\u2022 en cas d'\u00e9v\u00e9nement particulier ;\n\u2022 en cas de pollution.\nArr\u00eat\u00e9 pr\u00e9fectoral n\u00b0 2025 \u2013 06 \u2013 001 PC                                                                                                                                                     7/19\nPr\u00e9fecture du VAR - 83-2025-06-05-00002 - Arr\u00eat\u00e9 pr\u00e9fectoral n\u00b02025-06-001 PC du 05 juin 2025 portant r\u00e9glementation de la police\nde circulation sur les autoroutes A8 - A50 - A57 43\nLe  poste  de  commandement  autoroutier  d'ESCOTA  peut  d\u00e9clencher  une  ou  plusieurs  des \nactions suivantes :\n\u2022 pilotage des feux de r\u00e9gulation des bretelles d'entr\u00e9e cit\u00e9es  dans l'article 8.2, a vec un \ncycle de feu vert adapt\u00e9 en fonction de la contrainte de trafic (faible, moyen, fort) ;\n\u2022 pincement \u00e0 une voie \u00e0 l'entr\u00e9e du tube sud et r\u00e9tablissement sur deux voies dans le  \ntube sud ;\n\u2022 baisse de la limitation de vitesse \u00e0 50 km/h dans le tube sud ;\n\u2022 fermeture du tube sud si un ralentissement dans les 300 derniers m\u00e8tres \u00e0 l'int\u00e9rieur du  \ntube est constat\u00e9 par le dispositif de suivi de la vitesse (alarme temps de parcours).\nAutoroute A57\nLe dispositif de r\u00e9gulation est activ\u00e9 :\n\u2022 En situation de mont\u00e9e en charge du trafic.\n\u00c0  la  sortie  est  du  tunnel  de  Toulon,  des  feux  permettant  de  r\u00e9guler  les  acc\u00e8s  \u00e0 \nl'autoroute sont install\u00e9s et leurs cycles sont recalcul\u00e9s toutes les quarante secondes  \npour retarder la formation de bouchon sur l'A57 . Lorsque les bretelles sont satur\u00e9es, le  \nsyst\u00e8me met les feux en \u00ab vidage \u00bb pour ne pas bloquer le trafic urbain.\nApr\u00e8s le retour \u00e0 des conditions normales de circulation, les feux restent au clignotant  \npendant une heure.\n\u2022 en cas de pollution.\nLa vitesse prescrite est alors affich\u00e9e sur les PMV et les usagers doivent s'y conformer.\nArticle 7     : Restrictions de circulation g\u00e9n\u00e9rales  \nArticle 7 .1     Concernant les travaux  \nLes  sections  des  autoroutes,  telles  qu'elles  sont  d\u00e9finies  \u00e0  l'article  1er,  \u00e9tant  conc\u00e9d\u00e9es  \u00e0 \nESCOTA, la soci\u00e9t\u00e9 concessionnaire pourra effectuer des travaux d'entretien ou de grosses  \nr\u00e9parations dans les conditions fix\u00e9es par arr\u00eat\u00e9 pr\u00e9fectoral et selon les dispositions de la note  \ntechnique  du  14  avril  2016  du  Minist\u00e8re  de  l'Environnement,  de  l'\u00c9nergie  et  de  la  Mer \n(DGITM/DIT) relative \u00e0 la coordination des chantiers sur le r\u00e9seau routier national.\nArticle 7 .2     Viabilit\u00e9 hivernale  \nLe d\u00e9passement d'un engin de d\u00e9neigement en cours de travail, sans avoir obtenu l'autorisation \nde le faire, est interdit.\nPour permettre d'effectuer dans des conditions convenables le d\u00e9neigement, la circulation des  \npoids lourds pourra \u00eatre interdite pendant cette op\u00e9ration  ; \u00e0 ce titre, le Plan de Gestion du  \nTrafic Zonal r\u00e9glemente la circulation et le stockage des poids lourds en cas d'intemp\u00e9ries sur  \nles sections routi\u00e8res et autorouti\u00e8res, par la prise d'un arr\u00eat\u00e9 du pr\u00e9fet de la zone de d\u00e9fense  \net de s\u00e9curit\u00e9 sud.\nDans le cas de cr\u00e9ation de convois de poids-lourds, ceux-ci seront organis\u00e9s en collaboration  \navec les forces de l'ordre et comporteront n\u00e9cessairement un nombre limit\u00e9 de v\u00e9hicules.  \nCette mesure pourra, en tant que de besoin, \u00eatre \u00e9tendue aux v\u00e9hicules l\u00e9gers.\nArticle 7 .3 R\u00e9gulation d'acc\u00e8s aux autoroutes\nEn cas d'urgence (accident, incident, ou tout autre \u00e9v\u00e8nement \u00e0 caract\u00e8re exceptionnel), la  \nsoci\u00e9t\u00e9 concessionnaire est autoris\u00e9e \u00e0 mettre en \u0153uvre des mesures destin\u00e9es \u00e0 restreindre ou \n\u00e0 interdire la circulation aux entr\u00e9es des autoroutes, dans les deux sens de circulation. \nCes mesures sont mises en \u0153uvre \u00e0 titre conservatoire par la soci\u00e9t\u00e9 ESCOTA qui doit en avertir \nimm\u00e9diatement les forces de police ou de gendarmerie comp\u00e9tentes.\nArticle 7 .4     Circulation des v\u00e9hicules de transport de marchandises  \nLes  v\u00e9hicules  de  transport  de  marchandises  dont  le  PTAC  est  sup\u00e9rieur  \u00e0  3,5  tonnes  ont \nl'interdiction de d\u00e9passer : \nDans le sens Marseille vers Toulon : Du PR 68.900 \u00e0 hauteur du diffuseur N\u00b0 16 \u00ab Toulon Le Port \u00bb \n(A50) au PR 72.715 \u00e0 hauteur du diffuseur N\u00b017 \u00ab Toulon Centre \u00bb  (A50) \nArr\u00eat\u00e9 pr\u00e9fectoral n\u00b0 2025 \u2013 06 \u2013 001 PC                                                                                                                                                     8/19\nPr\u00e9fecture du VAR - 83-2025-06-05-00002 - Arr\u00eat\u00e9 pr\u00e9fectoral n\u00b02025-06-001 PC du 05 juin 2025 portant r\u00e9glementation de la police\nde circulation sur les autoroutes A8 - A50 - A57 44\nDans le sens Toulon vers Marseille : Du PR 72.480 \u00e0 hauteur du diffuseur N\u00b0 17 \u00ab  Toulon Centre\u00bb \n(A50) au PR 68.700 \u00e0 hauteur du diffuseur N\u00b016 \u00ab Toulon Le Port \u00bb  (A50)\nArticle 8     : Conditions particuli\u00e8res de circulation dans le tunnel de Toulon  \nArticle 8.1      Restrictions de circulation sp\u00e9cifiques pour le tunnel de Toulon  \nEn compl\u00e9ment de l'article R421-2 du Code de la route, l'acc\u00e8s au tunnel est strictement  \ninterdit : \n\u2022 \u00e0 tous les v\u00e9hicules utilisant du gaz naturel pour v\u00e9hicules (GNV) comme carburant ;\n\u2022 \u00e0 tous les v\u00e9hicules transportant des mati\u00e8res dangereuses (classe E) ;\n\u2022 \u00e0 tous les v\u00e9hicules transportant des bois ronds ;\n\u2022 \u00e0 tous les v\u00e9hicules d'une hauteur sup\u00e9rieure \u00e0 4,30 m\u00e8tres.\nDans le sens Toulon vers Marseille (A57)\nLes v\u00e9hicules ne pouvant emprunter le tunnel de Toulon (tube nord) devront imp\u00e9rativement  \nquitter l'autoroute au diffuseur N\u00b01 \u00ab Saint-Jean-du-Var \u00bb au PR 0.000.\nDans le sens Marseille vers Toulon (A50)\nLes v\u00e9hicules ne pouvant emprunter le tunnel de Toulon (tube sud) devront imp\u00e9rativement  \nquitter l'autoroute au diffuseur N\u00b016 \u00ab Toulon Le Port \u00bb au PR 68.900.\nArticle 8.1.1     R\u00e9gulation d'acc\u00e8s au tunnel de Toulon  \nLa fermeture imm\u00e9diate du tunnel de Toulon peut \u00eatre d\u00e9clench\u00e9e cas d'incidents, d'accidents \nou pour tout autre \u00e9v\u00e8nement \u00e0 caract\u00e8re exceptionnel, susceptibles de mettre en danger la  \ns\u00e9curit\u00e9 des usagers et des personnels, tels qu'ils sont vis\u00e9s dans le Plan d'Intervention et de  \nS\u00e9curit\u00e9 (PIS) du tunnel en vigueur. \nArticle 8.1.2     Espacement de s\u00e9curit\u00e9 dans le tunnel de Toulon  \nDans le tunnel, l'interdistance minimale entre deux v\u00e9hicules en circulation est de 40 m\u00e8tres. \nArticle 8.1.3     \u00c9clairage, signalisation optique et sonore dans le tunnel de Toulon  \nDans le tunnel, les conducteurs, qu'ils soient en marche normale ou \u00e0 l'arr\u00eat accidentel, doivent \nallumer leurs feux de croisement, leurs feux arri\u00e8res, les dispositifs d'\u00e9clairage de la plaque  \nd'immatriculation arri\u00e8re, et pour les v\u00e9hicules qui doivent en \u00eatre munis, les feux de gabarit ou \nles feux sp\u00e9ciaux. \nL'emploi des feux de route est formellement interdit, il n'est autoris\u00e9 qu'en cas d'arr\u00eat total de  \nl'\u00e9clairage du tunnel ou limit\u00e9 \u00e0 l'avertissement en cas de d\u00e9passement  ; dans ce dernier cas,  \nson usage doit \u00eatre bref. \nL'usage des avertisseurs sonores est interdit en dehors des cas de danger imm\u00e9diat. \nLorsque le v\u00e9hicule est en panne, ses feux doivent rester allum\u00e9s. De plus, les feux de d\u00e9tresse  \ndoivent, dans ce cas pr\u00e9cis, \u00eatre activ\u00e9s. \nArticle 8.1.4     Ralentissement ou interruption de la circulation  \nPour des raisons de s\u00e9curit\u00e9 ou pour des exigences d'exploitation, la vitesse dans le tunnel de  \nToulon  peut  \u00eatre  ralentie  temporairement  ou  la  circulation  interrompue,  sans  pr\u00e9avis  des \nusagers. En outre, l'acc\u00e8s aux \u00e9changeurs pourra \u00eatre interdit. \nCes dispositions pr\u00e9sentes aux acc\u00e8s \u00e0 l'autoroute et aux entr\u00e9es du tunnel sont indiqu\u00e9es aux  \nusagers  par  la  signalisation  dynamique  command\u00e9e  depuis  le  poste  de  commandement \nautoroutier d'ESCOTA.\nArticle 8.1.5     Circulation des v\u00e9hicules transportant des mati\u00e8res dangereuses  \nLa circulation de tous les v\u00e9hicules transportant des mati\u00e8res dangereuses est interdite dans le  \ntunnel  de  Toulon.  Le  tunnel  de  la  section  concern\u00e9e  par  le  pr\u00e9sent  arr\u00eat\u00e9,  est  class\u00e9  en \ncat\u00e9gorie E.\nArticle 8.2 Dispositif de r\u00e9gulation de trafic sortie Est de Toulon \nEn situation de mont\u00e9e en charge du trafic et afin de retarder la formation de bouchon, le PC  \nautoroutier  d'ESCOTA  peut  d\u00e9clencher  une  ou  plusieurs  des  actions  suivantes  sur  les \nautoroutes A50 et A57 :\nArr\u00eat\u00e9 pr\u00e9fectoral n\u00b0 2025 \u2013 06 \u2013 001 PC                                                                                                                                                     9/19\nPr\u00e9fecture du VAR - 83-2025-06-05-00002 - Arr\u00eat\u00e9 pr\u00e9fectoral n\u00b02025-06-001 PC du 05 juin 2025 portant r\u00e9glementation de la police\nde circulation sur les autoroutes A8 - A50 - A57 45\nAutoroutes A50 et A57\nDes feux tricolores sont implant\u00e9s sur les bretelles d'entr\u00e9e des \u00e9changeurs N\u00b017 \u00ab  Toulon \nCentre \u00bb (A50 Tr\u00e9mie L\u00e9on Bourgeois), N\u00b01 \u00ab  Saint-Jean-du-Var \u00bb (A57 Beno\u00eet Malon) et N\u00b03 \u00ab La \nValette Centre \u00bb (A57 Tombadou) dans le sens Marseille vers Nice. Ces feux permettent une  \nr\u00e9gulation d'acc\u00e8s \u00e0 l'autoroute pour retarder la cr\u00e9ation d'un bouchon en sortie du tunnel. \nL'entr\u00e9e du tube sud du tunnel de Toulon (A50) est \u00e9quip\u00e9e de biseaux de rabattement (BRA),  \npilot\u00e9s depuis le poste de commandement autoroutier d'ESCOTA. Le d\u00e9ploiement des biseaux  \npermet de r\u00e9duire, de deux \u00e0 une voie, l'entr\u00e9e dans le tube, diminuant ainsi, \u00e0 la sortie le flux  \nde  v\u00e9hicules  qui  rejoint  l'autoroute  A57 .  Ce  dispositif  est  compl\u00e9t\u00e9  par  des  panneaux  \u00e0 \nmessages variables et des signaux d'affectation de voie.\nLa signalisation de police dynamique dans le tunnel permet un abaissement de la limitation de  \nvitesse \u00e0 50 km/h. \nDes balises Bluetooth permettent de mesurer un temps de parcours et, par extrapolation, une  \nvitesse moyenne concat\u00e9n\u00e9e, par pas de six minutes, dans la zone des 300 derniers m\u00e8tres du  \ntube sud. \nUne alarme \u00ab  d\u00e9passement seuil temps de parcours  \u00bb remonte \u00e0 l'op\u00e9rateur d\u00e8s que la vitesse  \nde 10 km/h n'est plus assur\u00e9e sur le pas de temps consid\u00e9r\u00e9. \nArticle 8.3     Sp\u00e9cificit\u00e9s li\u00e9es au tunnel de Toulon \u2013 autoroute A50  \nL'article R421-7 du Code de la route est compl\u00e9t\u00e9 par les dispositions sp\u00e9ciales suivantes :\nArticle 8.3.1 V\u00e9hicule tombant en panne dans le tunnel\nEn cas de force majeure, tout conducteur se trouvant dans la n\u00e9cessit\u00e9 absolue de s'arr\u00eater doit \nranger son v\u00e9hicule \u00e0 l'extr\u00e9mit\u00e9 droite de la chauss\u00e9e ou dans les refuges, activer les feux de  \nd\u00e9tresse quitter son v\u00e9hicule sans d\u00e9lais et alerter imm\u00e9diatement le poste de commandement \nautoroutier d'ESCOTA \u00e0 l'aide des postes d'appel d'urgence. \nIl est formellement interdit, aux usagers, de proc\u00e9der, sur place, \u00e0 des travaux de r\u00e9paration de  \nv\u00e9hicules, quels qu'ils soient, ou de verser du carburant dans le r\u00e9servoir. \nArticle 8.3.2 Accident mat\u00e9riel sans immobilisation du v\u00e9hicule\nEn cas d'accident n'occasionnant que des d\u00e9g\u00e2ts mat\u00e9riels et ne s'opposant pas \u00e0 la remise en  \nmarche des v\u00e9hicules, les conducteurs doivent \u00e9vacuer leur v\u00e9hicule sans autre d\u00e9lai que celui  \nn\u00e9cessit\u00e9  par  les  premi\u00e8res  mesures  appropri\u00e9es  \u00e0  la  sauvegarde  de  leurs  droits,  (prise  de \nt\u00e9moins, constatation de la position des v\u00e9hicules). \nLes renseignements compl\u00e9mentaires n\u00e9cessaires \u00e0 la d\u00e9claration d'accident seront recueillis \u00e0  \nl'ext\u00e9rieur  du  tunnel  en  un  lieu  \u00e9ventuellement  pr\u00e9cis\u00e9  par  les  services  de  police,  o\u00f9  les \nv\u00e9hicules pourront stationner sans danger ni g\u00eane pour la circulation. \nArticle 8.3.3 Accident mat\u00e9riel avec immobilisation du v\u00e9hicule\nLorsque l'accident n'occasionne que des d\u00e9g\u00e2ts mat\u00e9riels mais que les v\u00e9hicules ne peuvent  \npas \u00eatre remis en marche, leurs conducteurs alertent, sans d\u00e9lai, le PC autoroutier d'ESCOTA,  \nen utilisant le r\u00e9seau d'appel d'urgence, pour faire \u00e9vacuer le(s) v\u00e9hicule(s). Ils ne disposent,  \navant cet enl\u00e8vement, que du d\u00e9lai strictement n\u00e9cessaire aux premi\u00e8res mesures destin\u00e9es \u00e0  \nla sauvegarde de leurs droits. \nArticle 8.3.4 Accident corporel\nEn cas d'accident corporel, les usagers sont pris en charge par les services de secours et les  \nv\u00e9hicules sont \u00e9vacu\u00e9s d\u00e8s que les constatations n\u00e9cessaires ont \u00e9t\u00e9 faites par les services de  \npolice.\nArr\u00eat\u00e9 pr\u00e9fectoral n\u00b0 2025 \u2013 06 \u2013 001 PC                                                                                                                                                     10/19\nPr\u00e9fecture du VAR - 83-2025-06-05-00002 - Arr\u00eat\u00e9 pr\u00e9fectoral n\u00b02025-06-001 PC du 05 juin 2025 portant r\u00e9glementation de la police\nde circulation sur les autoroutes A8 - A50 - A57 46\nArticle 9     : R\u00e9gimes de priorit\u00e9  \nLes r\u00e9gimes de priorit\u00e9 aux sorties de l'autoroute sont les suivants :\nNum\u00e9ro du diffuseur Sens de circulation Route concern\u00e9e\nNature de la priorit\u00e9\nC\u00e9dez \nle \npassage\nPriorit\u00e9 \n\u00e0 droite\nFeux \ntricolores Stop\nPas de \nperte de \npriorit\u00e9\nBretelle \nprioritaire\nAUTOROUTE  A8\nN\u00b033 \u00ab Trets \u00bb Nice vers Aix-en-Provence Vers Aix-en-Provence RDN7 X \nVers Marseille X \nN\u00b0 34 \u00ab Saint-Maximin \u00bb Dans les deux sens de circulation RD560A X \nN\u00b035 \u00ab Brignoles \u00bb Dans les deux sens de circulation RDN7 X \nN\u00b036 \u00ab Le Muy \u00bb Dans les deux sens de circulation RD1555 X \nN\u00b037 \u00ab Puget-sur-Argens \u00bb Dans les deux sens de circulation RDN7 X \nN\u00b038 \u00ab Fr\u00e9jus Ouest \u00bb Aix-en-Provence vers Nice RD4A X \nN\u00b038 \u00ab Fr\u00e9jus Est \u00bb Nice vers Aix-en-Provence RD37 X \nN\u00b039 \u00ab Les Adrets-de-l'Est\u00e9rel \u00bb Nice vers Aix-en-Provence RD837 X \nAUTOROUTE  A50                    \nN\u00b010 \u00ab Saint-Cyr-sur-Mer \u00bb Dans les deux sens de circulation RD559 X \nN\u00b011 \u00ab La Cadi\u00e8re d'Azur \u00bb Dans les deux sens de circulation RD66 X \nN\u00b0 12 \u00ab  Bandol \u00bb Dans les deux sens de circulation RD559 X \nN\u00b012.1 \u00ab Ollioules \u00bb Dans les deux sens de circulation RD11 X \nN\u00b013 \u00ab La Seyne-sur-Mer \u00bb Dans les deux sens de circulation RD26 X \nN\u00b014 \u00ab Ch\u00e2teauvallon \u00bb Dans les deux sens de circulation Chemin de \nLagoubran X \nN\u00b015 \u00ab Toulon Ouest \u00bb Marseille vers Toulon RD559 X \nN\u00b015a \u00ab Toulon Ouest \u00bb Toulon vers Marseille\nAvenue Aristide \nBriand \u2013 Avenue \ndes fusiliers marins\nX X \nN\u00b0 15b \u00ab Br\u00e9gaillon \u00bb Toulon vers Marseille RD559B X \nN\u00b016 \u00ab Toulon Le Port \u00bb Raccordement direct sur l'Avenue Estienne d'Orves\nN\u00b017 \u00ab Toulon Centre \u00bb Toulon vers Marseille Boulevard L\u00e9on Bourgeois / Carrefour des Oliviers\nArr\u00eat\u00e9 pr\u00e9fectoral n\u00b0 2025 \u2013 06 \u2013 001 PC                                                                                                                                                                                                                                                              11/19\nPr\u00e9fecture du VAR - 83-2025-06-05-00002 - Arr\u00eat\u00e9 pr\u00e9fectoral n\u00b02025-06-001 PC du 05 juin 2025 portant r\u00e9glementation de la police\nde circulation sur les autoroutes A8 - A50 - A57 47\nNum\u00e9ro du diffuseur Sens de circulation Route \nconcern\u00e9e\nNature de la priorit\u00e9\nC\u00e9dez le \npassage\nPriorit\u00e9 \n\u00e0 droite\nFeux \ntricolores Stop\nPas de \nperte de \npriorit\u00e9\nBretelle \nprioritaire\nAUTOROUTE  A57 \nN\u00b01 \u00ab Saint-Jean-du-Var \u00bb  (ex Beno\u00eet Malon) Le Cannet-des-Maures vers Toulon Avenue Beno\u00eet \nMalon X\nN\u00b02 \u00ab Toulon Est \u00bb  (ex La Palasse) Toulon vers Le Cannet-des-Maures RD559 X\nN\u00b03 \u00ab La Valette Centre \u00bb (ex Tombadou) Le Cannet-des-Maures vers Toulon Avenue \nMirasoul\u00e9ou X\nN\u00b03 \u00ab La Valette Centre \u00bb (ex Tombadou)\nToulon vers \nLe Cannet-des-Maures Boulevard des \nArmaris X\nN\u00b04 \u00ab La Valette Sud \u00bb (ex Les Fourches) Toulon vers Le Cannet-des-Maures - \nVers La Valette-du-Var\nAvenue du \nDocteur Eug\u00e8ne \nBlanc\nX\nN\u00b04 \u00ab La Valette Sud \u00bb (ex Les Fourches) Toulon vers Le Cannet-des-Maures -\nVers La Garde\nAvenue du \nDocteur Eug\u00e8ne \nBlanc\nPas de perte de priorit\u00e9\nN\u00b05a \u00ab  La Valette Nord \u00bb (ex La Bigue) Toulon vers Le Cannet-des-Maures -\nVers La Garde RD98 X\nN\u00b05b \u00ab Valgora \u00bb Toulon vers Le Cannet-des-Maures \n(direction centres commerciaux) RD98 X\nN\u00b06 \u00ab La Farl\u00e8de \u00bb\n\u00c0 droite RD554 X\n\u00c0 gauche RD554 X\nN\u00b07 \u00ab Sollies-Toucas \u00bb\nRD554 X\nSauf sortie Toulon/Sollies centre \u00e0 \ngauche RD554 X\nN\u00b08 \u00ab Zone artisanale \u00bb \nRD97 X\nSauf sortie Toulon/Sollies \u00e0 gauche RD97 X\nN\u00b09 \u00ab Cuers \u00bb\n\u00c0 droite Route de Saint \nJean X\n\u00c0 gauche Les Couestes X\nN\u00b010 \u00ab Puget-Ville \u00bb RD14 - RD43 X\nN\u00b011 \u00ab Carnoules \u00bb Bretelle A57 prioritaire par rapport \u00e0 la voie de desserte des riverains\nN\u00b013 \u00ab Le Cannet-des-Maures \u00bb RDN7 X\nArr\u00eat\u00e9 pr\u00e9fectoral n\u00b0 2025 \u2013 06 \u2013 001 PC                                                                                                                                                                                                                                                              12/19\nPr\u00e9fecture du VAR - 83-2025-06-05-00002 - Arr\u00eat\u00e9 pr\u00e9fectoral n\u00b02025-06-001 PC du 05 juin 2025 portant r\u00e9glementation de la police\nde circulation sur les autoroutes A8 - A50 - A57 48\nArticle 10 : Dispositions applicables \u00e0 la voie r\u00e9serv\u00e9e aux transports   en commun (  VRTC)   \nsur l'autoroute A57\nUne voie r\u00e9serv\u00e9e aux transports en commun (VRTC) est am\u00e9nag\u00e9e sur l'autoroute A57 ,  \ndans sa section urbaine, dans les deux sens de circulation. \nCette voie est r\u00e9serv\u00e9e aux seuls v\u00e9hicules de transport en commun de lignes r\u00e9guli\u00e8res  \nd\u00fbment autoris\u00e9es par l'autorit\u00e9 d\u00e9tentrice du pouvoir de police de circulation (cf. article  \n10.2).\nArticle 10.1     Localisation des sections de VRTC  \nDes panneaux de type B27a et B45 signalent le d\u00e9but et la fin des sections de l'A57  \ncomportant une VRTC (interrompue au droit de chaque bretelle d'entr\u00e9e ou sortie). \nLes sections comportant une VRTC sont : \nSens PR d\u00e9but VRTC PR fin VRTC\nToulon / Le Cannet-des-Maures 1.300 1.700\nToulon / Le Cannet-des-Maures 2.170 2.700\nToulon / Le Cannet-des-Maures 3.060 3.580\nLe Cannet-des-Maures / Toulon 6.050 5.140\nLe Cannet-des-Maures / Toulon 4.550 4.350\nLe Cannet-des-Maures / Toulon 3.990 3.490\nLe Cannet-des-Maures / Toulon 2.700 2.400\nLe Cannet-des-Maures / Toulon 2.050 1.000\nLe Cannet-des-Maures / Toulon 0.220 0.000\nArticle 10.2 Acc\u00e8s limit\u00e9 \u00e0 la circulation sur la VRTC     :   \nLa  circulation  sur  la  VRTC  de  l'autoroute  A57  est  r\u00e9serv\u00e9e  aux  v\u00e9hicules  assurant  les \nservices de transport de lignes r\u00e9guli\u00e8res du r\u00e9seau Mistral et du r\u00e9seau Zou, dont la liste  \nest sp\u00e9cifi\u00e9e ci-dessous :\n\u2022 lignes du r\u00e9seau Mistral de la m\u00e9tropole Toulon Provence M\u00e9diterran\u00e9e n\u00b0 U \u2013 102 \u2013 \n103 \u2013 191 ;\n\u2022 lignes r\u00e9gionales du r\u00e9seau Zou n\u00b0 828 \u2013 848 \u2013 849 \u2013 881 \u2013 878 \u2013 879.\nCe  sont  les  dessertes  r\u00e9guli\u00e8res,  urbaines  ou  extra-urbaines  assur\u00e9es  par  des  autobus \nstandards ou articul\u00e9s (avec passagers debout) ou des autocars au sens du Code de la  \nroute, article R.311-1. \nLes v\u00e9hicules d'int\u00e9r\u00eat g\u00e9n\u00e9ral prioritaires mentionn\u00e9s au paragraphe 6.5 de l'article R311-1 \ndu code de la route (service d'incendie et de secours, forces de s\u00e9curit\u00e9 int\u00e9rieure, service  \nd'aide m\u00e9dicale d'urgence) sont autoris\u00e9s \u00e0 circuler sur la VRTC lorsqu'ils font usage de  \nleurs avertisseurs sp\u00e9ciaux dans les cas n\u00e9cessit\u00e9s par l'urgence de leur mission (articles  \nR432-1 et R432-2 du code de la route). \nLes v\u00e9hicules d'intervention de l'exploitant autoroutier, les v\u00e9hicules de d\u00e9pannage agr\u00e9\u00e9s  \namen\u00e9s \u00e0 intervenir sur les secteurs de l'A57 peuvent emprunter la VRTC dans le cadre de  \nleur mission.\nLes  taxis,  les  voitures  de  transport  avec  chauffeur,  les  ambulances  (hors  intervention \nSAMU) ne sont pas autoris\u00e9s \u00e0 circuler sur cette voie r\u00e9serv\u00e9e. \nArticle 10.3     Signalisation de la VRTC  \nLa VRTC est implant\u00e9e \u00e0 droite de la section courante avec une signalisation particuli\u00e8re  \nselon l'Instruction Interminist\u00e9rielle sur la Signalisation Routi\u00e8re. \nArr\u00eat\u00e9 pr\u00e9fectoral n\u00b0 2025 \u2013 06 - 001 PC                                                                                                        13/19  \nPr\u00e9fecture du VAR - 83-2025-06-05-00002 - Arr\u00eat\u00e9 pr\u00e9fectoral n\u00b02025-06-001 PC du 05 juin 2025 portant r\u00e9glementation de la police\nde circulation sur les autoroutes A8 - A50 - A57 49\nLes  panneaux  sp\u00e9cifiques  sur  une  voie  r\u00e9serv\u00e9e  aux  transports  en  commun  peuvent  \u00eatre \nsignal\u00e9s selon la configuration par un marquage \u00ab  bus \u00bb au sol et les panneaux B27a et B45.  \nCette signalisation est mise en place et entretenue par ESCOTA. \nArticle 10.4     Conditions d'utilisation de la VRTC  \nDans le cas d'un accident, de la pr\u00e9sence d'un v\u00e9hicule arr\u00eat\u00e9 ou de l'intervention des forces de \ns\u00e9curit\u00e9 int\u00e9rieure, des services de secours ou du gestionnaire routier sur la voie r\u00e9serv\u00e9e, celle-\nci reprend de fait la fonction de bande d'arr\u00eat d'urgence en amont de l'\u00e9v\u00e8nement consid\u00e9r\u00e9 et \nsur 100m apr\u00e8s ce dernier. Au-del\u00e0, la voie conserve son statut de voie r\u00e9serv\u00e9e aux transports  \nen commun. \nLa  VRTC  remplissant  aussi  la  fonction  de  bande  d'arr\u00eat  d'urgence,  les  conducteurs  des \nv\u00e9hicules autoris\u00e9s \u00e0 circuler sur la VRTC sont appel\u00e9s \u00e0 la plus grande vigilance, des v\u00e9hicules  \nen d\u00e9tresse pouvant s'y arr\u00eater \u00e0 tout moment.\nEn  cas  d'incident  sur  une  voie  r\u00e9serv\u00e9e, les  chauffeurs  des  v\u00e9hicules  b\u00e9n\u00e9ficiaires  d'une \nautorisation d'usage de la VRTC doivent pr\u00e9venir imm\u00e9diatement leur poste de contr\u00f4le (PC)  \nexploitation, \u00e0 charge pour celui-ci d'en informer imm\u00e9diatement le poste de commandement  \nautoroutier d'ESCOTA et la m\u00e9tropole TPM exploitant les arr\u00eats de bus. \u00c0 d\u00e9faut de PC du  \ntransporteur, l'alerte est donn\u00e9e par les chauffeurs par tout moyen disponible.\nArticle 10.5     Les limitations de vitesse sur la VRTC  \nConform\u00e9ment au projet de d\u00e9finition de signalisation,  pour assurer la s\u00e9curit\u00e9 et le confort  \ndes passagers des v\u00e9hicules de transports en commun, notamment ceux voyageant debout, la  \nvitesse maximale autoris\u00e9e est limit\u00e9e \u00e0 70km/h sur l'ensemble des sections de la VRTC  sauf \nsur :\n- les sections autorouti\u00e8res limit\u00e9es \u00e0 50 km/h pour la circulation g\u00e9n\u00e9rale ;\n- les bretelles d'acc\u00e8s et les voies de des serte \u00e0 l'approche des deux arr\u00eats de bus o\u00f9 la vitesse  \nest limit\u00e9e \u00e0 50 km/h.\nArticle 10.6     : Obligation d'information des conducteurs circulant sur la VRTC  \nLes soci\u00e9t\u00e9s de transport exploitant les lignes autoris\u00e9es \u00e0 circuler sur la VRTC doivent porter  \nles dispositions du pr\u00e9sent arr\u00eat\u00e9 \u00e0 la connaissance des chauffeurs des autobus et autocars  \nb\u00e9n\u00e9ficiaires de l'autorisation d'usage de la VRTC par tout moyen tra\u00e7able d'information ou de \nformation qu'elles jugent appropri\u00e9. \nArticle 11     : Arr\u00eats de transports en commun sur l'autoroute A57  \nArticle 11.1 Dispositions sp\u00e9cifiques aux arr\u00eats de transport en commun\nSur  l'autoroute  A57 ,  des  stations  d'arr\u00eats  de  transports  en  commun  sont  am\u00e9nag\u00e9es  dans \nchaque sens de circulation. Elles constituent un p\u00f4le d'\u00e9changes multimodal coupl\u00e9 avec la  \nhalte ferroviaire SNCF de Sainte Musse et les r\u00e9seaux de transports publics de la m\u00e9tropole  \nToulon Provence M\u00e9diterran\u00e9e (MTPM) \u00ab  Mistral \u00bb et de la r\u00e9gion Provence Alpes C\u00f4te d'Azur  \n\u00ab Zou \u00bb.\nArticle 11.2     Localisation des arr\u00eats de transports en commun  \nLes stations d'arr\u00eats sont situ\u00e9es aux emplacements suivants :\n\u2022 dans le sens de circulation de Toulon vers Nice, au PR 1.450 (arr\u00eat sud) ;\n\u2022 dans le sens de circulation de Nice vers Toulon, au PR 1.400 (arr\u00eat nord).\nArticle 11.3 Signalisation des arr\u00eats de transport en commun\nLes arr\u00eats de bus de transport en commun n\u00e9cessitent une signalisation particuli\u00e8re selon  \nl'Instruction Interminist\u00e9rielle sur la Signalisation Routi\u00e8re. Les panneaux sp\u00e9cifiques sur un  \narr\u00eat de transport en commun peuvent \u00eatre signal\u00e9s selon la configuration par un marquage  \ncontinu zigzag et les panneaux B0, B9a, C6, C24. Cette signalisation est mise en place, sous le  \ncontr\u00f4le et entretenue par la soci\u00e9t\u00e9 ESCOTA. \nArticle 11.4     Conditions d'utilisation et de fonctionnement des arr\u00eats de transport en commun  \nLes  modalit\u00e9s  d'exploitation  des  arr\u00eats  de  transport  en  commun  sont  d\u00e9termin\u00e9es  par  la \nconvention  d'organisation  de  l'exploitation  pass\u00e9e  entre  la  M\u00e9tropole  Toulon  Provence \nM\u00e9diterran\u00e9e (MTPM) et la soci\u00e9t\u00e9 ESCOTA concessionnaire de l'autoroute A57 .\nArr\u00eat\u00e9 pr\u00e9fectoral n\u00b0 2025 \u2013 06 \u2013 001 PC                                                                                                                                                     14/19\nPr\u00e9fecture du VAR - 83-2025-06-05-00002 - Arr\u00eat\u00e9 pr\u00e9fectoral n\u00b02025-06-001 PC du 05 juin 2025 portant r\u00e9glementation de la police\nde circulation sur les autoroutes A8 - A50 - A57 50\nLes modalit\u00e9s d'acc\u00e8s et d'utilisation des stations d'arr\u00eat et de leurs voies de desserte sont  \nd\u00e9finies dans le r\u00e8glement d'exploitation des arr\u00eats de transport en commun de l'A57 \u00ab  Sainte \nMusse \u00bb \u00e9tabli par la M\u00e9tropole Toulon Provence M\u00e9diterran\u00e9e (MTPM).\nLes r\u00e8gles d'utilisation des installations par les utilisateurs pi\u00e9tons (voyageurs ou autres) figurent \ndans le r\u00e8glement int\u00e9rieur des arr\u00eats \u00e9tabli par la M\u00e9tropole Toulon Provence M\u00e9diterran\u00e9e  \n(MTPM).\nArticle 11.5     V\u00e9hicules autoris\u00e9s \u00e0 circuler et/ou \u00e0 stationner aux arr\u00eats de transport en commun  \nL'arr\u00eat aux voies de desserte est r\u00e9serv\u00e9 aux v\u00e9hicules de transport en commun r\u00e9unissant les  \ndeux conditions suivantes :\n\u2022 v\u00e9hicules autoris\u00e9s \u00e0 emprunter les voies d'acc\u00e8s \u00e0 la station par l'autoroute A57 et \u00e0  \ndesservir les arr\u00eats ;\n\u2022 v\u00e9hicules  des  services  de  transport  en  commun  r\u00e9gulier  de  personnes  assurant  un \nservice pr\u00e9alablement autoris\u00e9 par l'exploitant de la station dont les lignes sont  celles \nayant  \u00e9t\u00e9  formellement  autoris\u00e9es  par  l'exploitant  de  la  station  (m\u00e9tropole  Toulon \nProvence M\u00e9diterran\u00e9e). Il s'agit :\n\u25e6 des lignes du r\u00e9seau Mistral de la m\u00e9tropole Toulon Provence M\u00e9diterran\u00e9e n\u00b0 U \u2013 102 \n\u2013 103 \u2013 191\n\u25e6 des lignes r\u00e9gionales du r\u00e9seau Zou n\u00b0 828 \u2013 848 \u2013 849 \u2013 881 \u2013 878 \u2013 879\nL'arr\u00eat aux voies de desserte est \u00e9galement autoris\u00e9 aux v\u00e9hicules suivants,  dans le cadre de  \nleurs missions : \n\u2022 v\u00e9hicules assurant un service, une prestation, des travaux ou une intervention li\u00e9e \u00e0  \nl'exploitation des offres de transport en commun autoris\u00e9es ;\n\u2022 v\u00e9hicules de service utilis\u00e9s pour des missions d'exploitation et d'entretien de la station ;\n\u2022 v\u00e9hicules de service utilis\u00e9s pour des missions d'exploitation et d'entretien des voies  \nd'acc\u00e8s et de l'autoroute ;\n\u2022 v\u00e9hicules d'intervention des services de police et de secours ;\n\u2022 v\u00e9hicules d'intervention des autorit\u00e9s organisatrices de la mobilit\u00e9 et de l'exploitant de  \nla station.\nIl est interdit pour tout transport non autoris\u00e9 express\u00e9ment par l'exploitant de s'arr\u00eater aux  \nstations.\nArticle 11.6     Obligations relatives aux conducteurs desservant les arr\u00eats et autres intervenants  \nLes r\u00e8gles du Code de la Route sont applicables sur l'ensemble des voiries d'acc\u00e8s aux bretelles  \net voies de desserte des deux arr\u00eats de transport en commun.\nLa circulation des autobus et autocars b\u00e9n\u00e9ficiant d'une autorisation d'usage doit en outre  \nrespecter le r\u00e8glement d'exploitation des arr\u00eats de transport en commun de l'A57 \u00ab  Sainte \nMusse \u00bb \u00e9tabli par la M\u00e9tropole Toulon Provence M\u00e9diterran\u00e9e (MTPM).\nLes autorit\u00e9s organisatrices de la mobilit\u00e9 (AOM) et les entreprises autoris\u00e9es doivent porter les \nconsignes particuli\u00e8res d'exploitation \u00e0 la connaissance des chauffeurs des autocars et autobus  \npar tout moyen tra\u00e7able d'information ou de formation qu'elles jugent appropri\u00e9. L'exploitant  \nde la station doit porter \u00e0 la connaissance de la pr\u00e9fecture du Var chaque \u00e9volution, \u00e0 la hausse \nou \u00e0 la baisse, de l'offre de service notamment en cas d'ajout d'un nouveau transporteur,  \nmodification des lignes de bus desservant les arr\u00eats, fr\u00e9quence des arr\u00eats, modification du type \nde mat\u00e9riel roulant, etc.\nArticle 11.7     Pouvoir de police sur l'autoroute et aux abords des arr\u00eats de transport en commun  \nSur autoroute, le pouvoir de police est exclusivement d\u00e9tenu par la Compagnie R\u00e9publicaine  \nde S\u00e9curit\u00e9 Autorouti\u00e8re Provence (CRSAP), d\u00e9tachement de La Garde, y compris dans la zone  \nd'arr\u00eat et sur les quais des stations.\n\u2022 Lorsque la police municipale constate un \u00e9v\u00e9nement sur les cam\u00e9ras des quais et rampes \nd'acc\u00e8s aux arr\u00eats, elle sollicite l'intervention de la CRSAP par l'interm\u00e9diaire du Poste de \nCommandement (PC) de la CRSAP ;\nArr\u00eat\u00e9 pr\u00e9fectoral n\u00b0 2025 \u2013 06 \u2013 001 PC                                                                                                                                                     15/19\nPr\u00e9fecture du VAR - 83-2025-06-05-00002 - Arr\u00eat\u00e9 pr\u00e9fectoral n\u00b02025-06-001 PC du 05 juin 2025 portant r\u00e9glementation de la police\nde circulation sur les autoroutes A8 - A50 - A57 51\n\u2022 Tous v\u00e9hicules non autoris\u00e9s accostant ou acc\u00e9dant \u00e0 la desserte peuvent \u00eatre vid\u00e9o-  \nverbalis\u00e9s par la police municipale de Toulon. \n\u2022 Lorsqu'un chauffeur souhaite solliciter l'intervention des forces de s\u00e9curit\u00e9, il signale  \nl'\u00e9v\u00e9nement \u00e0 son PC exploitation qui demande l'intervention au PC CRSAP ;\n\u2022 Tout usager des arr\u00eats de bus peut, en cas de besoin, appeler le 17 , le 112 ou la police  \nmunicipale charg\u00e9e de relayer la demande d'intervention au PC CRSAP ;\n\u2022 Pour des raisons de s\u00e9curit\u00e9 et afin d'assurer la fluidit\u00e9 de la desserte, les contr\u00f4leurs des \ntransporteurs  interviendront  \u00e0  bord  du  v\u00e9hicule  pour  ne  pas  occasionner  \nd'immobilisation du v\u00e9hicule \u00e0 l'arr\u00eat ;\n\u2022 En cas d'\u00e9v\u00e9nement constat\u00e9 par le PC autoroutier d'ESCOTA, n\u00e9cessitant l'intervention \ndes forces de l'ordre, la soci\u00e9t\u00e9 d'autoroute doit avertir le PC CRSAP .\nArticle 12     : Arr\u00eat et stationnement sur les aires de repos, de service et les plates-formes de   \np\u00e9age\nL'arr\u00eat et le stationnement des v\u00e9hicules sont interdits en dehors des emplacements am\u00e9nag\u00e9s  \n\u00e0  cet  effet,  et  notamment  sur  les  voies  de  circulation,  d'acc\u00e9l\u00e9ration,  de  d\u00e9c\u00e9l\u00e9ration, \nd'\u00e9vitement et sur les accotements.\nLe camping est interdit sur l'ensemble des sections vis\u00e9es \u00e0 l'article 1er du pr\u00e9sent arr\u00eat\u00e9. \nLes lavages, nettoyages et vidanges des v\u00e9hicules sont interdits sur le domaine conc\u00e9d\u00e9, en  \ndehors des installations pr\u00e9vues \u00e0 cet effet dans les stations-service.\nLa dur\u00e9e maximale de stationnement sur les aires annexes ou parkings de p\u00e9age est fix\u00e9e \u00e0 :\n\u2022 24 heures sur les aires de repos ou de service ;\n\u2022 12 heures sur les parkings associ\u00e9s aux gares de p\u00e9age.\nArticle 13     : Dommages caus\u00e9s aux installations  \nToute d\u00e9t\u00e9rioration du domaine public autoroutier, notamment des ouvrages d'art, chauss\u00e9es,  \ninstallations annexes, plantations, portails et acc\u00e8s de service, \u00e9quipements des aires, ainsi que  \ntout d\u00e9p\u00f4t ou abandon d'ordures, de d\u00e9chets, de mat\u00e9riaux et de tout autre objet, donneront  \nlieu \u00e0 des poursuites et \u00e0 des sanctions telles que pr\u00e9vues par les lois et r\u00e8glements en vigueur  \nconcernant la conservation du domaine public, conform\u00e9ment aux dispositions de l'article  \nR116.2 du Code de la voirie routi\u00e8re.\nLe gestionnaire de la voirie est habilit\u00e9 \u00e0 demander r\u00e9paration \u00e0 tout usager responsable d'une  \nd\u00e9t\u00e9rioration du domaine public.\nArticle 14     : Postes t\u00e9l\u00e9phoniques d'appel d'urgence   \nLes postes t\u00e9l\u00e9phoniques d'appel d'urgence doivent \u00eatre utilis\u00e9s prioritairement \u00e0 tout autre  \nmoyen de communication pour demander les secours n\u00e9cessaires en cas d'accident ou de  \npanne et pour signaler tout incident susceptible de mettre en cause la s\u00e9curit\u00e9 des autres  \nusagers, car ils permettent de localiser imm\u00e9diatement l'appel.\nLes usagers ayant besoin de secours peuvent, apr\u00e8s avoir rev\u00eatu un gilet de haute visibilit\u00e9,  \nutiliser les accotements pour se rendre \u00e0 pied \u00e0 ces postes en s'effor\u00e7ant, chaque fois qu'il est  \npossible, de cheminer derri\u00e8re les glissi\u00e8res de s\u00e9curit\u00e9.\nArticle 15     : Arr\u00eats en cas de panne ou d'accident   \nEn cas de panne ou d'accident, tout usager doit se ranger momentan\u00e9ment sur la bande d'arr\u00eat \nd'urgence au plus pr\u00e8s de la glissi\u00e8re de s\u00e9curit\u00e9, ou de pr\u00e9f\u00e9rence sur une aire de repos ou de  \nservice  ou  dans  un  refuge,  jusqu'\u00e0  ce  qu'il  soit  en  mesure  de  reprendre  une  progression \nnormale.  Les  voies  r\u00e9serv\u00e9es  aux  transports  en  commun  remplissent  \u00e9galement  le  r\u00f4le  de \nbande d'arr\u00eat d'urgence, tout usager est donc invit\u00e9 \u00e0 les utiliser en cas de n\u00e9cessit\u00e9. \nAu cas o\u00f9 l'usager ne peut, dans de bonnes conditions de s\u00e9curit\u00e9, faire repartir rapidement  \npar ses propres moyens, son v\u00e9hicule, il doit demander les secours appropri\u00e9s en utilisant de  \npr\u00e9f\u00e9rence le r\u00e9seau d'appel d'urgence  (cf. article 14),  apr\u00e8s avoir rev\u00eatu un gilet de haute  \nvisibilit\u00e9. \nArr\u00eat\u00e9 pr\u00e9fectoral n\u00b0 2025 \u2013 06 \u2013 001 PC                                                                                                                                                     16/19\nPr\u00e9fecture du VAR - 83-2025-06-05-00002 - Arr\u00eat\u00e9 pr\u00e9fectoral n\u00b02025-06-001 PC du 05 juin 2025 portant r\u00e9glementation de la police\nde circulation sur les autoroutes A8 - A50 - A57 52\nEn cas de d\u00e9rangement du r\u00e9seau d'appel d'urgence, l'usager peut contacter les secours par  \nt\u00e9l\u00e9phone  et  ceux-ci  transmettront  l'information  au  poste  de  commandement  autoroutier \nd'ESCOTA. \nL'usager doit ensuite retourner aupr\u00e8s de son v\u00e9hicule et se tenir, lui et les autres occupants du  \nv\u00e9hicule, le plus loin possible de la chauss\u00e9e en attendant l'arriv\u00e9e des secours, derri\u00e8re les  \nglissi\u00e8res de s\u00e9curit\u00e9.\nLes interventions de r\u00e9paration et de d\u00e9pannage exc\u00e9dant trente minutes pour les v\u00e9hicules  \nl\u00e9gers sont interdites sur les bandes d'arr\u00eat d'urgence  ; le v\u00e9hicule devra alors \u00eatre \u00e9vacu\u00e9 par  \nun d\u00e9panneur agr\u00e9e hors de l'autoroute, ou en cas de n\u00e9cessit\u00e9, sur une aire de repos ou de  \nservice.\nLorsque le v\u00e9hicule en panne est immobilis\u00e9, m\u00eame partiellement sur les voies de circulation,  \nles r\u00e9parations sont interdites  ; le v\u00e9hicule devra alors \u00eatre \u00e9vacu\u00e9 hors de l'autoroute, ou en  \ncas de n\u00e9cessit\u00e9, sur une aire de repos ou de service.\nArticle 16     : D\u00e9pannage  \nUn  service  permanent  de  d\u00e9pannage  et  de  remorquage  de  v\u00e9hicules  est  organis\u00e9  sous  la \nresponsabilit\u00e9 de la Soci\u00e9t\u00e9 Concessionnaire.\nArticle 17     : Divers  \nSur le domaine autoroutier, il est interdit \u00e0 toute personne :\n\u2022 D'abandonner ou de jeter, en dehors des installations pr\u00e9vues \u00e0 cet effet, tous papiers,  \njournaux, emballages, d\u00e9tritus et, d'une mani\u00e8re g\u00e9n\u00e9rale, tout objet pouvant nuire \u00e0  \nl'hygi\u00e8ne ou \u00e0 la propret\u00e9 des installations ou susceptibles de provoquer des troubles ou  \ndes accidents ;\n\u2022 De proc\u00e9der \u00e0 toute action de propagande, de se livrer \u00e0 la mendicit\u00e9 ;\n\u2022 De  qu\u00eater,  de  se  livrer  \u00e0  une  quelconque  activit\u00e9  commerciale  ou  publicitaire  sans \nautorisation ;\n\u2022 De  prendre  des  vues  photographiques  ou  cin\u00e9matographiques  dans  des  buts  \ncommerciaux ou publicitaires, sans autorisation ;\n\u2022 De pratiquer l'auto-stop.\nLes animaux introduits sur le r\u00e9seau par les usagers doivent obligatoirement \u00eatre tenus de fa\u00e7on \n\u00e0 ne pas divaguer. Les animaux abandonn\u00e9s seront plac\u00e9s en fourri\u00e8re \u00e0 la charge de leurs  \npropri\u00e9taires.\nArticle 18     : Prescriptions d'organisation de la s\u00e9curit\u00e9 et de la surveillance du trafic   \nLes forces de s\u00e9curit\u00e9 int\u00e9rieure pourront prendre toute mesure justifi\u00e9e par les besoins de la  \ns\u00e9curit\u00e9  ou  par  les  n\u00e9cessit\u00e9s  de  l'\u00e9coulement  du  trafic  en  coordination  avec  la  soci\u00e9t\u00e9 \nconcessionnaire.\nArticle 19     : Circulation du mat\u00e9riel de service non immatricul\u00e9 et des personnels de service et   \nde s\u00e9curit\u00e9\nEn  application  de  l'article  R432-7  du  code  de  la  route,  sont  autoris\u00e9s  \u00e0  circuler  \u00e0  pied,  \u00e0 \nbicyclette  ou  \u00e0  cyclomoteur,  sur  le  r\u00e9seau  autoroutier,  les  personnels  de  la  soci\u00e9t\u00e9 \nconcessionnaire,  ceux  des  permissionnaires  autoris\u00e9s  \u00e0  occuper  le  domaine  public  de \nl'autoroute, les personnels des entreprises appel\u00e9s \u00e0 y travailler et les agents de l'autorit\u00e9  \ncharg\u00e9e du contr\u00f4le d\u00e9sign\u00e9e par l'autorit\u00e9 conc\u00e9dante de la concession ESCOTA. \nEst autoris\u00e9e \u00e9galement la circulation des mat\u00e9riels non immatricul\u00e9s, ou non motoris\u00e9s de la  \nsoci\u00e9t\u00e9 concessionnaire ainsi que celle des mat\u00e9riels et tiers missionn\u00e9s par celle-ci.\nArticle 20     : Abrogations  \nAutoroute A8\nL'arr\u00eat\u00e9 pr\u00e9fectoral n\u00b02024-07-001 PC en date du 12 juillet 2024, portant r\u00e9glementation de la  \ncirculation sur l'autoroute A8 dans le d\u00e9partement du Var est abrog\u00e9.\nArr\u00eat\u00e9 pr\u00e9fectoral n\u00b0 2025 \u2013 06 \u2013 001 PC                                                                                                                                                     17/19\nPr\u00e9fecture du VAR - 83-2025-06-05-00002 - Arr\u00eat\u00e9 pr\u00e9fectoral n\u00b02025-06-001 PC du 05 juin 2025 portant r\u00e9glementation de la police\nde circulation sur les autoroutes A8 - A50 - A57 53\nAutoroute A50\nL'arr\u00eat\u00e9 pr\u00e9fectoral n\u00b02020-12-001 PC en date du 17 d\u00e9cembre 2020, portant r\u00e9glementation de \nla circulation sur l'autoroute A50 dans le d\u00e9partement du Var est abrog\u00e9.\nAutoroute A57\nL'arr\u00eat\u00e9 pr\u00e9fectoral n\u00b02483 en date du 23 f\u00e9vrier 2016, portant r\u00e9glementation de la circulation \nsur l'autoroute A57 dans le d\u00e9partement du Var est abrog\u00e9 ;\nL'arr\u00eat\u00e9 pr\u00e9fectoral n\u00b02021-03-001 PC en date du 23 mars 2021 modifiant l'arr\u00eat\u00e9 pr\u00e9fectoral  \nn\u00b02483 du 23 f\u00e9vrier 2016 portant r\u00e9glementation de la circulation sur l'autoroute A57 dans le  \nd\u00e9partement du Var est abrog\u00e9.\nL'arr\u00eat\u00e9 pr\u00e9fectoral n\u00b02024-12-005 ELA en date du 27 d\u00e9cembre 2024 portant r\u00e9glementation  \ntemporaire de la circulation sur les autoroutes A50 et A57 sur le territoire des communes de  \nToulon, La Valette-du-Var et La Garde ; \nL'arr\u00eat\u00e9 pr\u00e9fectoral n\u00b02025-03-003 ELA  du 27 mars 2025 portant r\u00e9glementation temporaire de \nla circulation sur l'autoroute A57 sur le territoire des communes de Toulon, La Valette-du-Var et \nLa Garde est abrog\u00e9. \nArticle 21     : Publication  \nLe pr\u00e9sent arr\u00eat\u00e9 prend effet \u00e0 compter du  06 juin 2025 . Il sera publi\u00e9 au Recueil des Actes  \nAdministratifs  de  la  Pr\u00e9fecture  du  Var  et  affich\u00e9  dans  les  \u00e9tablissements  de  la  soci\u00e9t\u00e9 \nconcessionnaire, les installations annexes et les communes travers\u00e9es. \nArticle 22     : Ex\u00e9cution  \nLa directrice de cabinet du pr\u00e9fet du Var, le pr\u00e9sident du conseil d\u00e9partemental du Var, le  \ncommandant  du  groupement  de  gendarmerie  d\u00e9partementale  du  Var,  le  commandant  du \ngroupement  de  gendarmerie  d\u00e9partementale  des  Alpes-Maritimes,  le  directeur  \ninterd\u00e9partemental de la police nationale du Var, le chef du d\u00e9tachement de Toulon de la CRS  \nautorouti\u00e8res Provence, le directeur d\u00e9partemental des services d'incendie et de secours du  \nVar, les maires des communes de Saint-Cyr-sur-Mer, La Cadi\u00e8re-d'Azur, le Castellet, Bandol,  \nSanary-sur-Mer, Ollioules, Six-Fours-les-Plages, La Seyne-sur-Mer, Toulon, La Valette-du-Var, La  \nGarde, La Farl\u00e8de, Sollies-Ville, Sollies-Pont, Cuers, Puget-Ville, Carnoules, Pignans, Gonfaron  \nPourri\u00e8res,  Pourcieux,  Olli\u00e8res,  Saint-Maximin-la-Sainte-Baume,  Tourves,  Brignoles,  Cabasse, \nFlassans-sur-Issole, Le Luc-en-Provence, Le Cannet-des-Maures, Vidauban, Les Arcs-sur-Argens,  \nLe Muy, Roquebrune-sur-Argens, Puget-sur-Argens, Fr\u00e9jus, Les Adrets-de-l'Est\u00e9rel et Tanneron, le \ndirecteur  de  la  soci\u00e9t\u00e9  des  autoroutes  Est\u00e9rel,  C\u00f4te  d'Azur,  Provence  Alpes,  sont  charg\u00e9s, \nchacun en ce qui le concerne, de l'ex\u00e9cution du pr\u00e9sent arr\u00eat\u00e9.\n                                                                     Fait \u00e0 Toulon, le 05 juin 2025\n    Le pr\u00e9fet \n                   sign\u00e9\nSimon BABRE\nConform\u00e9ment aux dispositions de l'article R. 421-1 et suivants du code de justice administrative, le pr\u00e9sent arr\u00eat\u00e9 peut faire l'objet  \ndans un d\u00e9lai de deux mois \u00e0 compter de sa parution :\n\u2013  d'un recours administratif (recours gracieux aupr\u00e8s du pr\u00e9fet du Var ou recours hi\u00e9rarchique aupr\u00e8s du ministre de l'int\u00e9rieur)\n\u2013 d'un  recours  contentieux  devant  le  tribunal  administratif  de  Toulon.  Le  tribunal  administratif  peut  \u00eatre  saisi  par  l'application \ninformatique \u00ab T\u00e9l\u00e9recours citoyens \u00bb accessible par le site Internet www.telerecours.fr\nArr\u00eat\u00e9 pr\u00e9fectoral n\u00b0 2025 \u2013 06 \u2013 001 PC                                                                                                                                                     18/19\nPr\u00e9fecture du VAR - 83-2025-06-05-00002 - Arr\u00eat\u00e9 pr\u00e9fectoral n\u00b02025-06-001 PC du 05 juin 2025 portant r\u00e9glementation de la police\nde circulation sur les autoroutes A8 - A50 - A57 54\nANNEXE A L'ARR\u00caTE PR\u00c9FECTORAL n\u00b0 2025-06-001 PC  du\nportant r\u00e9glementation de la police de la circulation sur les autoroutes A8 - A50 - A57 \nSOMMAIRE\nArticle 1 : Champ d'application\nArticle 2 : Acc\u00e8s\nArticle 3 : P\u00e9age\nArticle 4 : Limitations de vitesse\nArticle 4.1 : Sections courantes\nArticle 4.2 : Aires de repos et de service\nArticle 4.3 : Bretelles des diffuseurs\nArticle 5 : R\u00e9gulation dynamique du trafic \nArticle 6 : Conditions d'activation du dispositif de r\u00e9gulation\nArticle 7 : Restrictions de circulation g\u00e9n\u00e9rales\nArticle 7 .1  : Concernant les travaux\nArticle 7 .2 : Viabilit\u00e9 hivernale\nArticle 7 .3 : R\u00e9gulation d'acc\u00e8s aux autoroutes\nArticle 7 .4 : Circulation des v\u00e9hicules de transport de marchandises\nArticle 8 : Conditions particuli\u00e8res de circulation dans le tunnel de Toulon \nArticle 8.1 : Restrictions de circulation sp\u00e9cifiques pour le tunnel de Toulon\nArticle 8.1.1 : R\u00e9gulation d'acc\u00e8s au tunnel de Toulon\nArticle 8.1.2 : Espacement de s\u00e9curit\u00e9 dans le tunnel de Toulon\nArticle 8.1.3 : \u00c9clairage, signalisation optique et sonore dans le tunnel de Toulon\nArticle 8.1.4 : Ralentissement et interruption de la circulation\nArticle 8.1.5 : Circulation des v\u00e9hicules transportant des mati\u00e8res dangereuses\nArticle 8.2 \u2013 Dispositif de r\u00e9gulation de trafic sortie Est de Toulon\nArticle 8.3 \u2013 Arr\u00eat et stationnement dans le tunnel de Toulon\nArticle 9 \u2013 R\u00e9gimes de priorit\u00e9\nArticle 10 \u2013 Dispositions applicables \u00e0 la voie r\u00e9serv\u00e9e aux transports en commun (VRTC) sur l'A57\nArticle 10.1 \u2013 localisation des sections de VRTC\nArticle 10.2 \u2013 v\u00e9hicules autoris\u00e9s \u00e0 circuler sur la VRTC\nArticle 10.3 \u2013 signalisation de la VRTC\nArticle 10.4 \u2013 conditions d'utilisation de la VRTC\nArticle 10.5 \u2013 les limitations de vitesse sur la VRTC\nArticle 10.6 \u2013 obligation d'information des conducteurs circulant sur la VRTC\nArticle 11 \u2013 Arr\u00eats de transport en commun sur l'autoroute A57\nArticle 11.1 \u2013 dispositions sp\u00e9cifiques aux arr\u00eats de transport en commun\nArticle 11.2 \u2013 localisation des arr\u00eats de transports en commun\nArticle 11.3 \u2013 signalisation des arr\u00eats de transport en commun\nArticle 11.4 \u2013 conditions d'utilisation et de fonctionnement des arr\u00eats de transport en commun\nArticle 11.5 \u2013 v\u00e9hicules autoris\u00e9s \u00e0 circuler et/ou \u00e0 stationner aux arr\u00eats de transport en commun\nArticle 11.6 \u2013 obligations relatives aux conducteurs desservant les arr\u00eats et autres intervenants\nArticle 11.7 \u2013 pouvoir de police sur l'autoroute et aux arr\u00eats de transport en commun\nArticle 12 \u2013 Arr\u00eat et stationnement sur les aires de repos, de service et les plates-formes de p\u00e9age\nArticle 13 \u2013 Dommages caus\u00e9s aux installations\nArticle 14 \u2013 Postes t\u00e9l\u00e9phoniques d'appel d'urgence \nArticle 15 \u2013 Arr\u00eats en cas de panne ou d'accident\nArticle 16 \u2013 D\u00e9pannage\nArticle 17 \u2013 Divers \nArticle 18 \u2013 Prescriptions d'organisation de la s\u00e9curit\u00e9 et de la surveillance du trafic\nArticle 19 \u2013 Circulation du mat\u00e9riel de service non immatricul\u00e9 et des personnels de service et de s\u00e9curit\u00e9\nArticle 20 \u2013 Abrogations\nArticle 21 \u2013 Publication\nArticle 22 \u2013 Ex\u00e9cution\nArr\u00eat\u00e9 pr\u00e9fectoral n\u00b0 2025 \u2013 06 \u2013 001 PC                                                                                                                                                     19/19\nPr\u00e9fecture du VAR - 83-2025-06-05-00002 - Arr\u00eat\u00e9 pr\u00e9fectoral n\u00b02025-06-001 PC du 05 juin 2025 portant r\u00e9glementation de la police\nde circulation sur les autoroutes A8 - A50 - A57 55","date":"2025-06-05","first_seen_on":"2025-06-05T14:33:36+00:00","id":"6a8fc1e383416cba8a9be29bc73b2da2a02604e5de04b59bd6437a295575b3d9","name":"RAA N\u00b0189 du 05 juin 2025","pdf_creation_date":"2025-06-05T12:44:50+00:00","pdf_modification_date":null,"timezone":"Europe/Paris","url":"https://www.var.gouv.fr/contenu/telechargement/41253/269950/file/RAA%20N%C2%B0189%20du%2005%20juin%202025.pdf"}
