{"administration":"pref83","administration_name":"Pr\u00e9fecture du Var","content":"VAR\nRECUEIL DES ACTES\nADMINISTRATIFS SP\u00c9CIAL\n(NOMINATIFS)\nN\u00b083-2024-121\nPUBLI\u00c9 LE 28 MAI 2024\nSommaire\nAgence r\u00e9gionale de sant\u00e9 du Var / Direction de l'ARS du var\n83-2024-04-22-00014 - Arr\u00eat\u00e9 du 22 avril 2024 modifiant l'arr\u00eat\u00e9 du 1er aout\n2022 fixant la composition nominative du Conseil Territorial de Sant\u00e9 du\nVar (8 pages) Page 3\nSecr\u00e9tariat g\u00e9n\u00e9ral commun d\u00e9partemental / Direction du SGCD\n83-2024-05-28-00004 - Arr\u00eat\u00e9 n\u00b02024/034 modifiant la composition\nnominative des repr\u00e9sentants du personnel au sein de la commission locale\nd'action sociale du Minist\u00e8re de l'Int\u00e9rieur pour le Var. (2 pages) Page 12\n83-2024-05-15-00007 - D\u00e9cision de d\u00e9classement du domaine public\nR\u00e9f.\nSPA : GS0093-01 (2 pages) Page 15\nSous-pr\u00e9fecture de Brignoles / Bureau de l\u25a1ing\u00e9nierie territoriale SP Brignoles\n83-2024-05-24-00001 - AP  portant renouvellement de la CSS de l'ISDND Le\nBalan\u00e7an au Cannet des Maures (4 pages) Page 18\n2\nAgence r\u00e9gionale de sant\u00e9 du Var\n83-2024-04-22-00014\nArr\u00eat\u00e9 du 22 avril 2024 modifiant l'arr\u00eat\u00e9 du 1er\naout 2022 fixant la composition nominative du\nConseil Territorial de Sant\u00e9 du Var\nAgence r\u00e9gionale de sant\u00e9 du Var - 83-2024-04-22-00014 - Arr\u00eat\u00e9 du 22 avril 2024 modifiant l'arr\u00eat\u00e9 du 1er aout 2022 fixant la\ncomposition nominative du Conseil Territorial de Sant\u00e9 du Var 3\nREPUBLIQUE\nFRANCAISE\nLibert\u00e9\nEgalit\u00e9\nFraternit\u00e9Ar\n@ D Agence  R\u00e9gionale  de Sant\u00e9\nProvence-Alpes\nC\u00f4te  d'Azur\n  \n \n \n \n \n \n \n \n \n \nAgence r\u00e9gionale de sant\u00e9 Provence-Alpes-C\u00f4te d'Azur-Si\u00e8ge - 132, boulevard de Paris - CS 50039 - 13331 Marseille Cedex 03 \nT\u00e9l 04.13.55.80.10  \nhttps://www.paca.ars.sante.fr/           Page /\n \nR\u00e9f : DD83-0424-4215-D  \n \nARRETE du 22 Avril 2024 \nModifiant l'arr\u00eat\u00e9 du 1er Aout 2022 fixant la composition nominative  \ndu Conseil Territorial de Sant\u00e9 du Var \n \n \nLE DIRECTEUR GENERAL DE L'AGENCE REGIONALE DE SANTE \nDE PROVENCE-ALPES-COTE D'AZUR \n \n \nVu le code de la sant\u00e9 publique, notamment ses articles L1434-10 CSP, R. 1434-33 \u00e0 1434-40 ; \n \nVu la loi n\u00b0 2016-41 du 26 janvier 2016 de modernisation de notre syst\u00e8me de sant\u00e9 ; \n \nVu la loi n\u00b0 2022-217 du 21 f\u00e9vrier 2022 relative \u00e0 la diff\u00e9renciation, la d\u00e9centralisation, la d\u00e9concentration et \nportant diverses mesures de simplification de l'action publique locale modifiant l'article L 1434-10 du CSP \n \nVu le d\u00e9cret n\u00b0 2010-336 du 31 mars 2010 portant cr\u00e9ation des Agences R\u00e9gionales de Sant\u00e9 ; \n \nVu le d\u00e9cret n\u00b0 2016-1024 du 26 juillet 2016 relatif aux territoires de d\u00e9mocratie sanitaire aux zones des \nsch\u00e9mas r\u00e9gionaux de sant\u00e9 et aux Conseils Territoriaux de Sant\u00e9 ; \n \nVU le d\u00e9cret du 14 septembre 2022 portant nomination de Monsieur Denis ROBIN, en qualit\u00e9 de Directeur g\u00e9n\u00e9ral, \nde l'Agence r\u00e9gionale de sant\u00e9 Provence-Alpes-C\u00f4te d'Azur, \u00e0 compter du 3 octobre 2022 ; \n \nVu le d\u00e9cret n\u00b0 2021-1258 du 29 septembre 2021 portant prorogation du mandat des membres de certains \nconseils territoriaux de sant\u00e9 \n \nVu l'arr\u00eat\u00e9 minist\u00e9riel du 3 ao\u00fbt 2016 relatif \u00e0 la composition du Conseil Territorial de Sant\u00e9 ; \n \nVu l'arr\u00eat\u00e9 n\u00b0 2016037-0024 du 24 octobre 2016 du Directeur G\u00e9n\u00e9ral de l'Agence R\u00e9gionale de Sant\u00e9 \nd\u00e9finissant les territoires de d\u00e9mocratie sanitaire de la r\u00e9gion Provence-Alpes-C\u00f4te d'Azur ; \n \nVu l'arr\u00eat\u00e9 n\u00b0 DD83-0217-1128-D du 2 mars 2017  fixant la composition nominative du Conseil Territorial de \nSant\u00e9 du Var ; \n \nVU l'arr\u00eat\u00e9 du 1er aout 2022 fixant la composition nominative du Conseil Territorial de Sant\u00e9 du Var ;  \n \nSur proposition des autorit\u00e9s et instances charg\u00e9es de d\u00e9signer des repr\u00e9sentants mentionn\u00e9s dans l'arr\u00eat\u00e9 \nminist\u00e9riel du 3 ao\u00fbt 2016 relatif \u00e0 la composition du conseil territorial de sant\u00e9 ; \n \nConsid\u00e9rant  que le mandat des membres des CTS a \u00e9t\u00e9 prorog\u00e9 jusqu'\u00e0 la d\u00e9signation des nouveaux \nmembres et au plus tard, jusqu'au 31 juillet 2022 conform\u00e9ment au d\u00e9cret du 29 septembre 2021 susvis\u00e9, \net qu'il convient donc de d\u00e9signer une nouvelle mandature ; \n \n \n Agence r\u00e9gionale de sant\u00e9 du Var - 83-2024-04-22-00014 - Arr\u00eat\u00e9 du 22 avril 2024 modifiant l'arr\u00eat\u00e9 du 1er aout 2022 fixant la\ncomposition nominative du Conseil Territorial de Sant\u00e9 du Var 4\nAgence r\u00e9gionale de sant\u00e9 Provence-Alpes-C\u00f4te d'Azur-Si\u00e8ge - 132, boulevard de Paris - CS 50039 - 13331 Marseille Cedex 03 \nT\u00e9l 04.13.55.80.10  \nhttps://www.paca.ars.sante.fr/           Page 2/8 \n ARRETE \n \n \nARTICLE 1ER :  \n \nL'arr\u00eat\u00e9 n\u00b0 DD83-0722-8746-D  du 2 mars 2017  fixant la composition nominative du Conseil Territorial de \nSant\u00e9 du Var, publi\u00e9 au recueil des actes administratifs de la Pr\u00e9fecture de la r\u00e9gion PACA le 7 mars 2017 \nest abrog\u00e9.  \n \nARTICLE 2 :  \n \nLe Conseil Territorial de Sant\u00e9 est compos\u00e9 de trente-quatre membres au moins et de cinquante membres \nau plus, r\u00e9partis en 5 coll\u00e8ges.  \n \nARTICLE 3 : \n \n La liste des membres titulaires et suppl\u00e9ants du Conseil Territorial du Var est fix\u00e9e comme suit :  \n \n \n1\u00b0 Un coll\u00e8ge des professionnels et offreurs des services de sant\u00e9, compos\u00e9 d'au moins \nvingt et d'au plus, vingt-huit repr\u00e9sentants : \n \n \na) au plus, six repr\u00e9sentants des \u00e9tablissements de sant\u00e9, d\u00e9sign\u00e9s sur proposition des \nf\u00e9d\u00e9rations qui les repr\u00e9sentent, dont au plus trois repr\u00e9sentants des personnes morales \ngestionnaires de ces \u00e9tablissements et au plus trois pr\u00e9sidents de commission m\u00e9dicale ou de \nconf\u00e9rence m\u00e9dicale d'\u00e9tablissement :  \n \n- Monsieur Yann LE BRAS, FHF, Directeur CHI Toulon-La Seyne sur mer  \nsuppl\u00e9\u00e9 par : \n- Monsieur Damien FLOUREZ, FHF, Directeur CH Brignoles-Le Luc  \n \n- Docteur Yannick KNEFATI, FHF, Pr\u00e9sident de CME, CHI Toulon-La Seyne sur mer \nsuppl\u00e9\u00e9 par : \n- Docteur Jean-Marc MINGUET, FHF, Pr\u00e9sident de CME, CH de la Drac\u00e9nie \n \n- Madame Val\u00e9rie MASSENET, FEHAP, Directrice Clinique Malartic, Ollioules  \nsuppl\u00e9\u00e9 par : \n- Monsieur Jean-Bernard PERDIGAL, FEHAP, Directeur G\u00e9n\u00e9ral de Sant\u00e9 Solidarit\u00e9 du Var  \n \n- Docteur Val\u00e9rie CHAUVINEAU-MORTELETTE, FEHAP, Pr\u00e9sidente de CME, H\u00f4pital L\u00e9on \nB\u00e9rard, Hy\u00e8res  \nsuppl\u00e9\u00e9 par : \n- En cours de d\u00e9signation  \n \n- Monsieur Franck BLANC, FHP, Directeur G\u00e9n\u00e9ral Clinique Saint-Martin, Ollioules  \nsuppl\u00e9\u00e9 par : \n- Madame CONSTANTIN Sarah, FHP, Directrice de la Polyclinique Les Fleurs, Ollioules  \n \n- Docteur Sophie BUFFET-DELMAS, FHP, Pr\u00e9sident de la CME IMM Mar Vivo, La Seyne sur \nMer \nsuppl\u00e9\u00e9 par : \n- Docteur Emmanuel MULIN, FHP, Pr\u00e9sident de la CME de la Clinique Korian,  La Crau  \n \n \n \n \n \n Agence r\u00e9gionale de sant\u00e9 du Var - 83-2024-04-22-00014 - Arr\u00eat\u00e9 du 22 avril 2024 modifiant l'arr\u00eat\u00e9 du 1er aout 2022 fixant la\ncomposition nominative du Conseil Territorial de Sant\u00e9 du Var 5\nAgence r\u00e9gionale de sant\u00e9 Provence-Alpes-C\u00f4te d'Azur-Si\u00e8ge - 132, boulevard de Paris - CS 50039 - 13331 Marseille Cedex 03 \nT\u00e9l 04.13.55.80.10  \nhttps://www.paca.ars.sante.fr/           Page 3/8 \n b) au plus, cinq repr\u00e9sentants des personnes morales gestionnaires des services et \n\u00e9tablissements sociaux et m\u00e9dico-sociaux mentionn\u00e9s au I de l'article L. 312-1 et \u00e0 l'article     L. \n344-1 du code de l'action sociale et des familles r\u00e9partis entre ceux qui \u0153uvrent en faveur des \npersonnes \u00e2g\u00e9es et ceux qui \u0153uvrent en faveur des personnes handicap\u00e9es, d\u00e9sign\u00e9s sur \nproposition des groupements et f\u00e9d\u00e9rations repr\u00e9sentatifs des institutions sociales et m\u00e9dico-\nsociales :  \n \n- Monsieur Henri BADELL, Administrateur et d\u00e9l\u00e9gu\u00e9 du Var GEPSO  \nsuppl\u00e9\u00e9 par : \n- Madame Vanessa BOUBEE, GEPSO  \n \n- Monsieur Alexandre MULLER, NEXEM, Directeur G\u00e9n\u00e9ral du groupe UMANE  \nsuppl\u00e9\u00e9 par : \n- En cours de d\u00e9signation  \n \n- Madame LARDERET Sabine, D\u00e9l\u00e9gu\u00e9e SYNERPA du Var, Directrice EHPAD Notre Dame \nde Paracol, Le Val  \nsuppl\u00e9\u00e9 par : \n- Madame LEVEL Sandrine, D\u00e9l\u00e9gu\u00e9e D\u00e9partementale SYNERPA du Var  \n \n- Monsieur Giancarlo BAILLET, URIOPSS, Directeur COS Beaus\u00e9jour, Hy\u00e8res  \nsuppl\u00e9\u00e9 par : \n- Monsieur Samuel TAILHADES, FEHAP/URIOPSS, Directeur EHPAD Jean Lachenaud, \nFr\u00e9jus \n \n- Madame Sophie ABOUDARAM, FEHAP/URIOPSS, Directrice ADAPT Var  \nsuppl\u00e9\u00e9 par : \n- Monsieur Fabien VIZIALE, FEHAP/URIOPSS, Directeur de l'IME BELL'ESTELLO, Le Pradet \n \n \n \nc) au plus, trois repr\u00e9sentants des organismes \u0153uvrant dans les domaines de la promotion de la \nsant\u00e9 et de la pr\u00e9vention ou en faveur de l'environnement et de la lutte contre la pr\u00e9carit\u00e9, \nd\u00e9sign\u00e9s \u00e0 l'issue d'un appel \u00e0 candidatures organis\u00e9 dans des conditions fix\u00e9es par le \nDirecteur G\u00e9n\u00e9ral de l'Agence R\u00e9gionale de Sant\u00e9 : \n \n- Docteur Laurence PALLIER, Directrice CODES 83 \nsuppl\u00e9\u00e9 par : \n- Madame Aur\u00e8lie GAZAGNE, Coordinatrice, Association IDEA \n \n- Monsieur Gilles REBECHE, Secr\u00e9taire de l'Union Diaconale du Var, Toulon \nsuppl\u00e9\u00e9 par : \n- Monsieur Gilles COSSON, Responsable sant\u00e9 pr\u00e9carit\u00e9, UDV 83  \n \n- Monsieur St\u00e9phane GRASS, UNEO, D\u00e9l\u00e9gu\u00e9 Mutualit\u00e9 Fran\u00e7aise VAR  \nsuppl\u00e9\u00e9 par : \n- Monsieur Cyril AMIC, Responsable pr\u00e9vention et promotion sant\u00e9, Mutualit\u00e9 Fran\u00e7aise PACA.  \n \n \n \n \n \n \n \n \n \n \n Agence r\u00e9gionale de sant\u00e9 du Var - 83-2024-04-22-00014 - Arr\u00eat\u00e9 du 22 avril 2024 modifiant l'arr\u00eat\u00e9 du 1er aout 2022 fixant la\ncomposition nominative du Conseil Territorial de Sant\u00e9 du Var 6\nAgence r\u00e9gionale de sant\u00e9 Provence-Alpes-C\u00f4te d'Azur-Si\u00e8ge - 132, boulevard de Paris - CS 50039 - 13331 Marseille Cedex 03 \nT\u00e9l 04.13.55.80.10  \nhttps://www.paca.ars.sante.fr/           Page 4/8 \n d) au plus, six repr\u00e9sentants des professionnels de sant\u00e9 lib\u00e9raux, dont au plus trois m\u00e9decins et \nau plus trois repr\u00e9sentants des autres professionnels de sant\u00e9, d\u00e9sign\u00e9s par le Directeur \nG\u00e9n\u00e9ral de l'Agence R\u00e9gionale de Sant\u00e9, sur proposition conjointe des unions r\u00e9gionales des \nprofessionnels de sant\u00e9: \n-  \n- Docteur Alexis ANTOINE, URPS M\u00e9decins Lib\u00e9raux  \nsuppl\u00e9\u00e9 par : \nDocteur Marie-Claire TUFFERY, URPS M\u00e9decins Lib\u00e9raux \n \n- Docteur David GUEDJ, URPS M\u00e9decins Lib\u00e9raux \nsuppl\u00e9\u00e9 par : \n- Madame Fran\u00e7oise PASQUALI, URPS Pharmaciens  \n \n- Docteur Wilfrid GUARDIGLI, URPS M\u00e9decins Lib\u00e9raux,  \nsuppl\u00e9\u00e9 par : \n- Docteur Isabelle LECLAIR, URPS M\u00e9decins Lib\u00e9raux  \n \n- Docteur Renaud MACCOTA, URPS Chirurgiens-Dentistes \nsuppl\u00e9\u00e9 par : \n- Madame Laurence POYER-GRANDO, URPS Orthophonistes \n-  \n- Monsieur Christophe CHABOT, Vice-pr\u00e9sident URPS Infirmiers,  \nsuppl\u00e9\u00e9 par : \n- Monsieur Patrick MAGNETTO, URPS Pharmaciens  \n \n- En cours de d\u00e9signation  \nsuppl\u00e9\u00e9 par : \n- Monsieur Philippe LOUCHEUX, URPS Masseurs-Kin\u00e9sith\u00e9rapeutes  \n \n \n \ne) un repr\u00e9sentant des internes en m\u00e9decine de la ou des subdivisions situ\u00e9es sur le territoire du \nconseil, d\u00e9sign\u00e9 par une organisation qui les repr\u00e9sente : \n \n- En cours de d\u00e9signation  \nSuppl\u00e9\u00e9 par;  \n- En cours de d\u00e9signation \n \n \n \nf) au plus, cinq repr\u00e9sentants des diff\u00e9rents modes d'exercice coordonn\u00e9 et des organisations de \ncoop\u00e9ration territoriale : \n \n- Monsieur Patrick ROUVERAND, G\u00e9rant, MSP du Pays de Fayence  \nsuppl\u00e9\u00e9 par : \n- Madame BENDETSON Doroth\u00e9e, Coordinatrice, MSP du Pays de Fayence  \n \n- Docteur Andr\u00e9-Fran\u00e7ois CHAIX, Pr\u00e9sident, CPTS Drac\u00e9nie Provence Verdon  \nsuppl\u00e9\u00e9 par : \n- Madame Cindy PUGLIESE, Coordinatrice, CPTS Drac\u00e9nie Provence Verdon  \n \n- Mme Virginie D'ARCO, Coordinatrice, CPTS Pays des Maures-Littoral  \nsuppl\u00e9\u00e9 par : \n- Monsieur Patrick BEGUIN, MSP Thorsantis, Le Thoronet  \n \n \n \n Agence r\u00e9gionale de sant\u00e9 du Var - 83-2024-04-22-00014 - Arr\u00eat\u00e9 du 22 avril 2024 modifiant l'arr\u00eat\u00e9 du 1er aout 2022 fixant la\ncomposition nominative du Conseil Territorial de Sant\u00e9 du Var 7\nAgence r\u00e9gionale de sant\u00e9 Provence-Alpes-C\u00f4te d'Azur-Si\u00e8ge - 132, boulevard de Paris - CS 50039 - 13331 Marseille Cedex 03 \nT\u00e9l 04.13.55.80.10  \nhttps://www.paca.ars.sante.fr/           Page 5/8 \n - Madame Marie-Christine BATTESTI, Infirmi\u00e8re, CPTS des Iles d'Or, Hy\u00e8res  \nsuppl\u00e9\u00e9 par : \n- Madame Alvina GUILLE, Coordinatrice, CPTS des Iles d'Or, Hy\u00e8res  \n \n- Monsieur Michel SIFFRE, membre du conseil d'administration, CPTS Var Ouest  \nsuppl\u00e9\u00e9 par : \n- Madame Carole MITTELETTE, membre du conseil d'administration, CPTS Var Ouest  \n \n \n \ng) au plus, un repr\u00e9sentant des \u00e9tablissements assurant des activit\u00e9s d'hospitalisation \u00e0 domicile \nd\u00e9sign\u00e9 par le Directeur G\u00e9n\u00e9ral de l'Agence R\u00e9gionale de Sant\u00e9, sur proposition de \nl'organisation regroupant le nombre le plus important de ces \u00e9tablissements sur le territoire \nconcern\u00e9 : \n \n- Monsieur Olivier MAGAJA, FNEHAD, Directeur Cap Domicile HAD, La Seyne sur mer  \nsuppl\u00e9\u00e9 par : \n- En cours de d\u00e9signation  \n \n \n \nh) au plus, un repr\u00e9sentant de l'ordre des m\u00e9decins d\u00e9sign\u00e9 par le pr\u00e9sident du Conseil r\u00e9gional \nde l'ordre : \n \n- Docteur Catherine VEYSSIERE-BERTRAND, Secr\u00e9taire G\u00e9n\u00e9rale du Conseil D\u00e9partemental \nde l'Ordre des M\u00e9decins du Var  \nsuppl\u00e9\u00e9 par : \n- Docteur Christian MOUTTE, membre du Conseil D\u00e9partemental de l'Ordre des M\u00e9decins du \nVar \n \n \n \n2\u00b0 Un coll\u00e8ge des usagers et associations d'usagers \u0153uvrant dans les domaines de \ncomp\u00e9tence de l'Agence R\u00e9gionale de Sant\u00e9, compos\u00e9 d'au moins six et d'au plus, dix \nmembres :  \n  \n \na) au plus, six repr\u00e9sentants des usagers des associations agr\u00e9\u00e9es au niveau r\u00e9gional ou, \u00e0 \nd\u00e9faut, au niveau national, conform\u00e9ment \u00e0 l'article L. 1114-1, d\u00e9sign\u00e9s \u00e0 l'issue d'un appel \u00e0 \ncandidatures organis\u00e9 dans des conditions fix\u00e9es par le Directeur G\u00e9n\u00e9ral de l'Agence \nR\u00e9gionale de Sant\u00e9 : \n \n- Monsieur Fran\u00e7ois DEBATS, Administrateur, UDAF du Var  \nsuppl\u00e9\u00e9 par : \n- Monsieur R\u00e9gis LEFEBVRE, Pr\u00e9sident, UDAF du Var  \n \n- Monsieur Louis PORTE, b\u00e9n\u00e9vole UNAFAM, Var  \nsuppl\u00e9\u00e9 par : \n- En cours de d\u00e9signation  \n \n- Madame Ghislaine LEMASSON/MAZZOLA, F\u00e9d\u00e9ration Fran\u00e7aise pour le Don du Sang \nB\u00e9n\u00e9vole  \nsuppl\u00e9\u00e9 par : \n- En cours de d\u00e9signation  \n \n- En cours de d\u00e9signation  \nsuppl\u00e9\u00e9 par : \n- En cours de d\u00e9signation  Agence r\u00e9gionale de sant\u00e9 du Var - 83-2024-04-22-00014 - Arr\u00eat\u00e9 du 22 avril 2024 modifiant l'arr\u00eat\u00e9 du 1er aout 2022 fixant la\ncomposition nominative du Conseil Territorial de Sant\u00e9 du Var 8\nAgence r\u00e9gionale de sant\u00e9 Provence-Alpes-C\u00f4te d'Azur-Si\u00e8ge - 132, boulevard de Paris - CS 50039 - 13331 Marseille Cedex 03 \nT\u00e9l 04.13.55.80.10  \nhttps://www.paca.ars.sante.fr/           Page 6/8 \n - En cours de d\u00e9signation  \nsuppl\u00e9\u00e9 par : \n- En cours de d\u00e9signation  \n \n- En cours de d\u00e9signation  \nsuppl\u00e9\u00e9 par : \n- En cours de d\u00e9signation  \n \n \nb) au plus, quatre repr\u00e9sentants des usagers des associations des personnes handicap\u00e9es ou \ndes associations de retrait\u00e9s et personnes \u00e2g\u00e9es, sur proposition du ou des conseils \nd\u00e9partementaux de la citoyennet\u00e9 et de l'autonomie du ressort du Conseil Territorial de Sant\u00e9: \n \n- Monsieur Henri ROIG, CREAI  \nsuppl\u00e9\u00e9 par : \n- Madame Th\u00e9r\u00e8se FORLI, UMANE \n \n- Madame Maryse MOSCATI, Union Territoriale des Retrait\u00e9s, CFDT 83 \nsuppl\u00e9\u00e9 par : \n- Monsieur Jean-Marc PEDRONA, APAJH \n \n- Madame Brigitte PERRAUD, Alzheimer aidants, Var \nsuppl\u00e9\u00e9 par : \n- En cours de d\u00e9signation \n \n- Madame Sarah HADDIOUI, Association Paralys\u00e9s de France Handicap \nsuppl\u00e9\u00e9 par : \n- En cours de d\u00e9signation \n \n \n3\u00b0 Un coll\u00e8ge des collectivit\u00e9s territoriales ou de leurs groupements, du territoire de \nd\u00e9mocratie sanitaire concern\u00e9, compos\u00e9 d'au moins quatre et d'au plus, sept membres : \n \n \na) au plus, un Conseiller R\u00e9gional d\u00e9sign\u00e9 par le Pr\u00e9sident du Conseil R\u00e9gional : \n \n- Madame Josy CHAMBON, Conseill\u00e8re R\u00e9gionale PACA \nsuppl\u00e9\u00e9 par : \n- Monsieur Andr\u00e9 GARRON, Maire de la ville de Solli\u00e8s-Pont  \n \nb) au plus, un repr\u00e9sentant du Conseil D\u00e9partemental situ\u00e9 dans le ressort du conseil, d\u00e9sign\u00e9 \npar l'Assembl\u00e9e des d\u00e9partements de France : \n \n- Madame Fran\u00e7oise DUMONT, S\u00e9natrice du Var  \nsuppl\u00e9\u00e9 par : \n- Madame Nathalie JANET, Conseill\u00e8re D\u00e9partementale du Var, Adjointe au Maire du \nLavandou \n \n \nc) un repr\u00e9sentant des services d\u00e9partementaux de protection maternelle et infantile du ressort \ndu conseil territorial de sant\u00e9, d\u00e9sign\u00e9 par le Pr\u00e9sident du Conseil D\u00e9partemental : \n \n- Docteur Thierry OLIVIER, Responsable du p\u00f4le PMI, Conseil D\u00e9partemental du Var  \nsuppl\u00e9\u00e9 par : \n- Docteur Kareen THIBAULT, M\u00e9decin r\u00e9f\u00e9rent PMI, Conseil D\u00e9partemental du Var  \n \n Agence r\u00e9gionale de sant\u00e9 du Var - 83-2024-04-22-00014 - Arr\u00eat\u00e9 du 22 avril 2024 modifiant l'arr\u00eat\u00e9 du 1er aout 2022 fixant la\ncomposition nominative du Conseil Territorial de Sant\u00e9 du Var 9\nAgence r\u00e9gionale de sant\u00e9 Provence-Alpes-C\u00f4te d'Azur-Si\u00e8ge - 132, boulevard de Paris - CS 50039 - 13331 Marseille Cedex 03 \nT\u00e9l 04.13.55.80.10  \nhttps://www.paca.ars.sante.fr/           Page 7/8 \n d) au plus, deux repr\u00e9sentants des communaut\u00e9s mentionn\u00e9es aux articles L. 5214-1, L. 5215-1,     \nL. 5216-1, L. 5217-1 ou L. 5219-1 du code g\u00e9n\u00e9ral des collectivit\u00e9s territoriales regroupant des \ncommunes situ\u00e9es en tout ou partie dans le territoire de sant\u00e9 auquel est rattach\u00e9 le conseil, \nd\u00e9sign\u00e9s par l'Assembl\u00e9e des communaut\u00e9s de France : \n \n- En cours de d\u00e9signation ; \nsuppl\u00e9\u00e9 par : \n- En cours de d\u00e9signation. \n \n \n- En cours de d\u00e9signation ; \nsuppl\u00e9\u00e9 par : \n- En cours de d\u00e9signation. \n \n \ne) au plus, deux repr\u00e9sentants des communes d\u00e9sign\u00e9s par l'Association des maires de France : \n \n- Monsieur Richard STRAMBIO, Maire de Draguignan  \nsuppl\u00e9\u00e9 par : \n- Monsieur Jean-Paul JOSEPH, Maire de Bandol  \n \n- Monsieur Jean-Luc LONGOUR, Maire du Cannet des Maures  \nsuppl\u00e9\u00e9 par : \n- Monsieur Didier BREMOND, Maire de Brignoles  \n \n \n4\u00b0 Un coll\u00e8ge des repr\u00e9sentants de l'Etat et des organismes de S\u00e9curit\u00e9 Sociale, compos\u00e9 \nd'au moins deux et d'au plus trois membres: \n  \na) au plus, un repr\u00e9sentant de l'Etat dans le d\u00e9partement du ressort du Conseil Territorial de \nSant\u00e9, d\u00e9sign\u00e9 par le Pr\u00e9fet de d\u00e9partement concern\u00e9 :  \n \n- Monsieur Charbel ABOUD, Sous-Pr\u00e9fet de Brignoles  \nsuppl\u00e9\u00e9 par : \n- Monsieur Arnaud POULY, Directeur D\u00e9partemental de l'Emploi, du Travail et de la Solidarit\u00e9, \nToulon  \n \n \nb) au plus, deux repr\u00e9sentants des organismes de S\u00e9curit\u00e9 Sociale situ\u00e9s dans le ressort du \nConseil Territorial de Sant\u00e9, d\u00e9sign\u00e9s par le Directeur G\u00e9n\u00e9ral de l'Agence R\u00e9gionale de Sant\u00e9, \nsur proposition conjointe des organismes locaux ou r\u00e9gionaux de S\u00e9curit\u00e9 Sociale du ressort \ndu conseil :  \n \n- Madame Isabelle BOUIS, MSA Provence AZUR  \nsuppl\u00e9\u00e9 par : \n- Monsieur Thierry GONFALONE, Directeur Adjoint, CNMSS, Toulon  \n \n- Monsieur Gilles MANCHON, Pr\u00e9sident du Conseil, CPAM, Toulon  \nsuppl\u00e9\u00e9 par : \n- En cours de d\u00e9signation \n \n \n5\u00b0 Deux personnalit\u00e9s qualifi\u00e9es d\u00e9sign\u00e9es par le Directeur G\u00e9n\u00e9ral de l'Agence R\u00e9gionale \nde Sant\u00e9 selon les dispositions pr\u00e9vues \u00e0 l'article R. 1434-33 du code de la sant\u00e9 publique : \n \n- Docteur Daniel RAUCOULES, 2\u00e8me vice-Pr\u00e9sident de la CME, Responsable de l'Unit\u00e9 \nIntersectorielle d'Hospitalisation Sans Consentement, CHI Toulon-La Seyne sur mer  \n \n- Docteur Marie-Dominique COLAS, M\u00e9decin Chef, HIA Sainte-Anne, TOULON  \n \n \n Agence r\u00e9gionale de sant\u00e9 du Var - 83-2024-04-22-00014 - Arr\u00eat\u00e9 du 22 avril 2024 modifiant l'arr\u00eat\u00e9 du 1er aout 2022 fixant la\ncomposition nominative du Conseil Territorial de Sant\u00e9 du Var 10\nAgence r\u00e9gionale de sant\u00e9 Provence-Alpes-C\u00f4te d'Azur-Si\u00e8ge - 132, boulevard de Paris - CS 50039 - 13331 Marseille Cedex 03 \nT\u00e9l 04.13.55.80.10  \nhttps://www.paca.ars.sante.fr/           Page 8/8 \n Membres invit\u00e9s en application de l'article 19 de la loi n\u00b0 2019-774 du 24 juillet 2019 susvis\u00e9e \nportant modification de l'article L1434-10 du code de la sant\u00e9 publique : \n    \n- Laure LAVALETTE, d\u00e9put\u00e9e, 2\u00e8me circonscription \n- Julie LECHANTEUX, d\u00e9put\u00e9e, 5\u00e8me circonscription \n- Yannick CHENEVARD, d\u00e9put\u00e9, 1\u00e8re circonscription \n- St\u00e9phane RAMBAUD, d\u00e9put\u00e9, 3\u00e8me circonscription \n- Philippe LOTTIAUX, d\u00e9put\u00e9, 4\u00e8me circonscription \n- Franck GILETTI, d\u00e9put\u00e9, 6\u00e8me circonscription \n- Fr\u00e9d\u00e9ric BOCCALETTI, d\u00e9put\u00e9, 7\u00e8me circonscription \n- Philippe SCHRECK, d\u00e9put\u00e9, 8\u00e8me circonscription \n- Fran\u00e7oise DUMONT, s\u00e9natrice \n- Jean BACCI, s\u00e9nateur \n- Michel BONNUS, s\u00e9nateur \n- Andr\u00e9 GUIOL, s\u00e9nateur \n \n \n \nArticle 4  \n \nLa dur\u00e9e du mandat des membres du Conseil Territorial de Sant\u00e9 est de cinq ans, \u00e0 compter du 1er Aout \n2022. \nTout membre perdant la qualit\u00e9 pour laquelle il a \u00e9t\u00e9 d\u00e9sign\u00e9 cesse de faire partie du Conseil Territorial de \nSant\u00e9. \nLorsqu'un membre cesse, pour une raison quelconque, de faire partie du Conseil Territorial o\u00f9 il si\u00e9geait, \nun nouveau membre est d\u00e9sign\u00e9, dans les m\u00eames conditions, pour la dur\u00e9e restant \u00e0 courir du mandat. \n  \nARTICLE 5 :  \n \nLe pr\u00e9sent arr\u00eat\u00e9 peut \u00eatre contest\u00e9 par voie de recours contentieux devant la juridiction administrative \nterritorialement comp\u00e9tente dans le d\u00e9lai de 2 mois \u00e0 compter de sa publication au recueil des actes \nadministratifs de la pr\u00e9fecture de la r\u00e9gion PACA pour les tiers, ou de sa notification pour les int\u00e9ress\u00e9s. \n \nARTICLE 6 : \n \nLe directeur de la d\u00e9l\u00e9gation d\u00e9partementale du Var est charg\u00e9e de l'ex\u00e9cution du pr\u00e9sent arr\u00eat\u00e9 qui sera \npubli\u00e9 au recueil des actes administratifs de la Pr\u00e9fecture de la r\u00e9gion Provence-Alpes-C\u00f4te d'Azur. \n \n \n \nFait \u00e0 Marseille, le 22 Avril 2024 \n \n \n     Le Directeur G\u00e9n\u00e9ral par Int\u00e9rim de l'Agence R\u00e9gionale de Sant\u00e9 \n     Provence Alpes C\u00f4te d'Azur \n \n     Sign\u00e9 : S\u00e9bastien Debeaumont \n \n  \n  Agence r\u00e9gionale de sant\u00e9 du Var - 83-2024-04-22-00014 - Arr\u00eat\u00e9 du 22 avril 2024 modifiant l'arr\u00eat\u00e9 du 1er aout 2022 fixant la\ncomposition nominative du Conseil Territorial de Sant\u00e9 du Var 11\nSecr\u00e9tariat g\u00e9n\u00e9ral commun d\u00e9partemental\n83-2024-05-28-00004\nArr\u00eat\u00e9 n\u00b02024/034 modifiant la composition\nnominative des repr\u00e9sentants du personnel au\nsein de la commission locale d'action sociale du\nMinist\u00e8re de l'Int\u00e9rieur pour le Var.\nSecr\u00e9tariat g\u00e9n\u00e9ral commun d\u00e9partemental - 83-2024-05-28-00004 - Arr\u00eat\u00e9 n\u00b02024/034 modifiant la composition nominative des\nrepr\u00e9sentants du personnel au sein de la commission locale d'action sociale du Minist\u00e8re de l'Int\u00e9rieur pour le Var. 12\nEx\nPREFET\nDU  VAR\nLibert\u00e9\nEgalit\u00e9\nFraternit\u00e9\nSecr\u00e9tariat g\u00e9n\u00e9ral commun d\u00e9partemental\nARR\u00caT\u00c9 N\u00b0 2024/034\nModifiant la composition nominative des repr\u00e9sentants du personnel au sein de la\nCommission locale d'Action Sociale du minist\u00e8re de l'Int\u00e9rieur pour le Var\nLe pr\u00e9fet du Var,\nVU la  loi  n\u00b0  83-634  du  13  juillet  1983  modifi\u00e9e  portant  droits  et  obligations  des\nfonctionnaires,  notamment  son  article  9,  ensemble  la  loi  n\u00b0  84-16  du  11  janvier  1984\nmodifi\u00e9e portant statut g\u00e9n\u00e9ral de la fonction publique de l'\u00c9tat ;\nVU la  loi  n\u00b0  2010-751  du  5  juillet  2010  relative  \u00e0  la  r\u00e9novation  du  dialogue  social  et\ncomportant diverses dispositions relatives \u00e0 la fonction publique  ;\nVU le d\u00e9cret n\u00b0 2004-374 du 29 avril 2004 modifi\u00e9 relatif aux pouvoirs des pr\u00e9fets, \u00e0\nl'organisation et \u00e0 l'action des services de l'\u00c9tat dans les r\u00e9gions et les d\u00e9partements ;\nVU le  d\u00e9cret  n\u00b02006-21  du  6  janvier  2006,  relatif  \u00e0  l'action  sociale  au  b\u00e9n\u00e9fice  des\npersonnels de l'\u00c9tat ;\nVU le  d\u00e9cret  n\u00b02020-99  du  7  f\u00e9vrier  2020  relatif  \u00e0  l'organisation  et  aux  missions  des\nsecr\u00e9tariats g\u00e9n\u00e9raux communs d\u00e9partementaux  ;\nVU  le d\u00e9cret du Pr\u00e9sident de la R\u00e9publique du 13 juillet 2023 portant nomination de\nMonsieur Philippe MAHE ;\nVU l'arr\u00eat\u00e9  minist\u00e9riel  IOMA2227640A  du  17  octobre  2022,  relatif  \u00e0  la  commission\nnationale  d'action  sociale  du  minist\u00e8re  de  l'int\u00e9rieur,  de  l'outre-mer,  des  collectivit\u00e9s\nterritoriales et de l'immigration  ;\nVU l'arr\u00eat\u00e9 INTA 1927077A du 26 septembre 2019 relatif aux Commissions Locales d'Action\nSociale (CLAS) et au r\u00e9seau local d'action sociale du Minist\u00e8re de l'Int\u00e9rieur  ;\nVU la circulaire IOCA0927123C du 13 novembre 2009 du Ministre de l'Int\u00e9rieur, de l'outre-\nmer et des collectivit\u00e9s territoriales, relative au budget d\u00e9concentr\u00e9 d'initiative locale ;\nVU la circulaire du 22 mars 2023  relative \u00e0 la recomposition des commissions locales\nd'action sociale \u00e0 la suite des \u00e9lections professionnelles de d\u00e9cembre 2018 ;\n1/2\nSecr\u00e9tariat g\u00e9n\u00e9ral commun d\u00e9partemental - 83-2024-05-28-00004 - Arr\u00eat\u00e9 n\u00b02024/034 modifiant la composition nominative des\nrepr\u00e9sentants du personnel au sein de la commission locale d'action sociale du Minist\u00e8re de l'Int\u00e9rieur pour le Var. 13\nVU l'arr\u00eat\u00e9 du 30 mai 2023 fixant la r\u00e9partition et l'attribution des si\u00e8ges des repr\u00e9sentants\ndu personnel au sein de la Commission locale d'Action Sociale du minist\u00e8re de l'Int\u00e9rieur\npour le Var ;\nVU l'arr\u00eat\u00e9 du 20 septembre 2023 fixant la composition nominative des repr\u00e9sentants du\npersonnel au sein de la Commission locale d'Action Sociale du minist\u00e8re de l'int\u00e9rieur pour\nle Var ; \nVU l'arr\u00eat\u00e9 pr\u00e9fectoral n\u00b0 2024/14/MCI du 12 avril 2024 portant d\u00e9l\u00e9gation de signature \u00e0\nMonsieur Lucien GIUDICELLI, secr\u00e9taire g\u00e9n\u00e9ral de la pr\u00e9fecture du Var, sous-pr\u00e9fet de\nl'arrondissement de Toulon  ;\nVU la d\u00e9mission de Mesdames Hourida MOHAMEDI  et Evelyne NARDINI  ;\nVU la d\u00e9signation par l'UATS UNSA des rempla\u00e7ants en date du 2 avril 2024\nARRETE\nArticle 1  e  r :\nLa liste des membres repr\u00e9sentant l'UNSA-FASMI, \u00e9tablie \u00e0 l'article 1er de l'arr\u00eat\u00e9   du\n20 septembre 2023 portant  composition  nominative  de  la  commission  locale  d'action\nsociale du Var, est modifi\u00e9e de la mani\u00e8re suivante  :\nAu lieu de :\nmembre titulaire membre suppl\u00e9ant\nMme Hourida MOHAMEDI Mme Evelyne NARDINI \nLire : \nmembre titulaire membre suppl\u00e9ant\nMme Sophie MARQUER M. Mickael BALDINI\nArticle 2 :\nLe pr\u00e9sent arr\u00eat\u00e9 sera notifi\u00e9 aux membres de la CLAS du Var.\nArticle 3 :\nLe secr\u00e9taire g\u00e9n\u00e9ral est charg\u00e9 de l'ex\u00e9cution du pr\u00e9sent arr\u00eat\u00e9, qui sera publi\u00e9 au recueil\ndes actes administratifs de la pr\u00e9fecture du Var.\nFait \u00e0 Toulon, le 28 mai 2024\nPour le Pr\u00e9fet \net par d\u00e9l\u00e9gation\nLe secr\u00e9taire g\u00e9n\u00e9ral\nsign\u00e9\nLucien GIUDICELLI\nDans un d\u00e9lai de deux mois \u00e0 compter de la date de notification de la pr\u00e9sente d\u00e9cision, les recours suivants peuvent \u00eatre introduits conform\u00e9ment aux dispositions des articles R. 421-1 et suivants du code de justice administrative :- un recours gracieux, adress\u00e9 \u00e0 : M. le Pr\u00e9fet du Var \u2013 Bd du 112\u00e8me r\u00e9giment d'infanterie- CS 31209 - 83070 TOULON CEDEXDans ce cas, le silence de l'administration vaut rejet implicite au terme d'un d\u00e9lai de deux mois.Apr\u00e8s un recours gracieux, le d\u00e9lai du recours contentieux ne court qu'\u00e0 compter du rejet explicite ou implicite de ce recours.- un recours contentieux, en saisissant le Tribunal Administratif de Toulon  : 5 rue Racine -BP 40510 - 83 041 TOULON CEDEX 9Le tribunal administratif peut \u00eatre saisi par l'application informatique \u00ab  T\u00e9l\u00e9recours citoyens \u00bb accessible par le site internet \u00ab  www.telerecours.fr \u00bb.\n2/2Secr\u00e9tariat g\u00e9n\u00e9ral commun d\u00e9partemental - 83-2024-05-28-00004 - Arr\u00eat\u00e9 n\u00b02024/034 modifiant la composition nominative des\nrepr\u00e9sentants du personnel au sein de la commission locale d'action sociale du Minist\u00e8re de l'Int\u00e9rieur pour le Var. 14\nSecr\u00e9tariat g\u00e9n\u00e9ral commun d\u00e9partemental\n83-2024-05-15-00007\nD\u00e9cision de d\u00e9classement du domaine public\nR\u00e9f. SPA : GS0093-01\nSecr\u00e9tariat g\u00e9n\u00e9ral commun d\u00e9partemental - 83-2024-05-15-00007 - D\u00e9cision de d\u00e9classement du domaine public\nR\u00e9f. SPA : GS0093-01 15\n1 oe  \\\n\u00ab7  1 1 1 0 1 LA 7 4 4 4 7 a\nsr  1 1 4 4 11  1 oro  or 7a 11.  1  roa\n\u00ab+ 1 toe  R ARAN  mar  1 Aa  + nanan  ral .\nPAT  Mm\nLE:  1 17\nte  11\n1 1\n\u00ab7  1 17\n=n  1 19\nLE:  1 171\nAn:  .\nmaT  7 1\nLE:  1 171\nLE:  15 . 1\nLE:  at .\noo 17A  7  . \\ 1 > . . nnnA\nD OnnAaAR  amas  1 nn  17  1 nnan  1 fr  \\ 1\nx 1 oF  F MAT  ST  LA  x Pal  1 . F =\n74  a\na NN  ae  AnN  1 ma  17  1 MAR  1\n. 1 LA a a on\"  1 1 1\n1  7 . 1 1  19  1 ee . 1 nar  mm  OA  an\nnAann  . . 1 ar  | ar  1x mA  r rr\n1 Par  nm  A  aA  .\n7 . 1 . 1 1 +  . m7  7 1 1 naar\n_  m7  11  mama  1 1 nriniinnnn\n. 1 1  1 1 na  TARIAAAA\n1 1.  , 1 re  7 . .2 .\n1 . 1\n1 as . 1 La LS A A A\n1 1 As  4 .\n. 1\nde 14 1 =  *\nn oo .\nD\u00c9CISION DE D\u00c9CLASSEMENT DU DOMAINE PUBLIC\n(\u00c9tablie en deux exemplaires originaux)\nR\u00e9f. SPA : GS0093-01\nSNCF Gares & Connexions\nVu le code des transports, notamment son article L. 2111-21; \nVu le code g\u00e9n\u00e9ral de la propri\u00e9t\u00e9 des personnes publiques et notamment son article \u00a0L.\u00a02141-1,\nVu la loi n\u00b0 2018-515 du 27 juin 2018 pour un nouveau pacte ferroviaire portant cr\u00e9ation de\nSNCF Gares & Connexions \u00e0 compter du 1er janvier 2020,\nVu  le  d\u00e9cret  n\u00b0  2019-1516  du  30  d\u00e9cembre  2019  relatif  aux  r\u00e8gles  de  gestion  domaniale\napplicables \u00e0 la soci\u00e9t\u00e9 SNCF R\u00e9seau et \u00e0 sa filiale mentionn\u00e9e au 5\u00b0 de l'article L 2111-9 du\ncode des transports, notamment son article 3,\nVu le d\u00e9cret n\u00b0 2019-1588 du 31 d\u00e9cembre 2019 approuvant les statuts de la filiale mentionn\u00e9e\nau 5\u00b0 de l'article L 2111-9 du code des transports,\nVu la d\u00e9lib\u00e9ration du conseil d'administration de SNCF Gares & Connexions en date du\n29\u00a0janvier 2020 portant nomination de Madame Marl\u00e8ne DOLVECK en qualit\u00e9 de Directrice\nG\u00e9n\u00e9rale de SNCF Gares & Connexions,\nVu la d\u00e9l\u00e9gation de pouvoirs de la Directrice G\u00e9n\u00e9rale de SNCF Gares & Connexions au\nDirecteur ex\u00e9cutif des SERM et des Grands projets en date du 1er janvier 2024,\nVu l'avis du Conseil R\u00e9gional de PACA en date du 05/04/2023,\nVu l'autorisation de l'\u00c9tat en date du 01/09/2023,\nConsid\u00e9rant que le bien n'est plus affect\u00e9 aux missions de SNCF Gares & ConnexionsSecr\u00e9tariat g\u00e9n\u00e9ral commun d\u00e9partemental - 83-2024-05-15-00007 - D\u00e9cision de d\u00e9classement du domaine public\nR\u00e9f. SPA : GS0093-01 16\n. 1 rates  mm  mr  mr  LR  TA  AN  1 sed\n7 17\n1\u00b0. Pal .\naoa  Taree\nnm wWhwrrawnr\nnRaAaANn\n. 1 1 . 14 to  1\n. 1\n1 11e  7 \u00b01  1\nD\u00c9CIDE\u00a0:\nARTICLE 1\nTerrain :\nLe terrain de plain pieds sis \u00e0 SAINT-RAPHAEL (83700) tels qu'il appara\u00eet dans le tableau ci-\ndessous et sur le plan joint \u00e0 la pr\u00e9sente d\u00e9cision sous teinte jaune, est d\u00e9class\u00e9 du domaine \npublic ferroviaire.\nCode INSEE\nCommuneLieu-ditR\u00e9f\u00e9rences cadastralesSurface (m\u00b2)SectionNum\u00e9ro\nSAINT\nRAPHAEL \u2013\n83700Route nationale\nn\u00b098BD 766 47 m\u00b2\nTOTAL 47 m\u00b2\nARTICLE 2\nCopie de la pr\u00e9sente d\u00e9cision sera communiqu\u00e9e au Pr\u00e9fet de D\u00e9partement du Var et au\nMinistre charg\u00e9 des Transports.\nLa pr\u00e9sente d\u00e9cision de d\u00e9classement sera publi\u00e9e au recueil des actes administratifs de la\nPr\u00e9fecture du d\u00e9partement du Var.  \nFait \u00e0 Paris\nLe 15 mai 2024\nSign\u00e9\nSt\u00e9phane LERENDU\nDirecteur Ex\u00e9cutif des SERM et des Grands ProjetsSecr\u00e9tariat g\u00e9n\u00e9ral commun d\u00e9partemental - 83-2024-05-15-00007 - D\u00e9cision de d\u00e9classement du domaine public\nR\u00e9f. SPA : GS0093-01 17\nSous-pr\u00e9fecture de Brignoles\n83-2024-05-24-00001\nAP  portant renouvellement de la CSS de\nl'ISDND Le Balan\u00e7an au Cannet des Maures\nSous-pr\u00e9fecture de Brignoles - 83-2024-05-24-00001 - AP  portant renouvellement de la CSS de l'ISDND Le Balan\u00e7an au Cannet des\nMaures 18\n=m\nPREFET\nDU  VAR\nLibert\u00e9\nEgalit\u00e9\nFraternit\u00e9\nSOUS-PR\u00c9FECTURE DE BRIGNOLES\nBureau de l'ing\u00e9nierie territoriale\nARR\u00caT\u00c9 PREFECTORAL  du 24 mai 2024\n portant renouvellement de la composition de la commission de suivi de site de\nl'installation de stockage de d\u00e9chets non dangereux au lieu-dit  \u00ab le Balan\u00e7an \u00bb, sur la\ncommune du Cannet-des-Maures.  \nLe Pr\u00e9fet du Var,\nVu  le code de l'environnement et notamment ses articles L.125-1, L,125-2-1, R.125-5, R.125-8, R.125-8-1 \u00e0\nR.125-8-5 et son livre V, titres 1er et V relatifs aux installations class\u00e9es pour la protection de l'environnement et\naux d\u00e9chets,\nVu le code des relations entre le public et l'administration,\nVu le code du travail notamment l'article L.2411-1  ;\nVu la loi n\u00b078-753 du 17 juillet 1978 modifi\u00e9e, portant diverses mesures d'am\u00e9lioration des relations entre\nl'administration et le public, et notamment son article 6,\nVu  le d\u00e9cret n\u00b0 2012-189 du 7 f\u00e9vrier 2012 relatif aux commissions de suivi de site,\nVu la  circulaire  n\u00b0  DEVP1237375C  du  15  novembre  2012  relative  \u00e0  la  mise  en  application  du  d\u00e9cret\nn\u00b0 2012-189 du 7 f\u00e9vrier 2012 relatif aux commissions de suivi de site, \nVu la loi n\u00b02010-788 du 12 juillet 2010 portant engagement national pour l'environnement, et notamment son\narticle R247-1 et suivants ;\nVu  le d\u00e9cret n\u00b02006-672 du 8 juin 2006 relatif \u00e0 la cr\u00e9ation, \u00e0 la composition et au fonctionnement des\ncommissions administratives \u00e0 caract\u00e8re consultatif ;\nVu  le  d\u00e9cret  du  Pr\u00e9sident  de  la  R\u00e9publique  du  13  juillet  2023  portant  nomination  de\nM. Philippe MAHE en qualit\u00e9 de pr\u00e9fet du Var, \nVu le d\u00e9cret du pr\u00e9sident de la R\u00e9publique du 15 avril 2022 nommant M. Lucien Giudicelli, secr\u00e9taire g\u00e9n\u00e9ral de\nla pr\u00e9fecture du Var, sous-pr\u00e9fet de l'arrondissement de Toulon\nVu l'arr\u00eat\u00e9 pr\u00e9fectoral 2024/14/MCI du 12 avril 2024 portant d\u00e9l\u00e9gation de signature \u00e0 M.Lucien GIUDICELLI,\nsecr\u00e9taire g\u00e9n\u00e9ral de la pr\u00e9fecture du Var, \nVu l'arr\u00eat\u00e9 pr\u00e9fectoral du 15 mars 2013 modifi\u00e9 portant cr\u00e9ation et composition de la commission de suivi de site\nde  l'installation  de  stockage  de  d\u00e9chets  non  dangereux  au  lieu-dit  \u00ab  Le  Balan\u00e7an \u00bb  -  commune  du\nCannet-des-Maures, \nVu  l'arr\u00eat\u00e9  pr\u00e9fectoral  du  6  juin  2018  modifi\u00e9  portant  composition  de  la  commission  de  suivi  de  site  de\nl'installation de stockage de d\u00e9chets non dangereux au lieu-dit \u00ab  Le Balan\u00e7an \u00bb - commune du Cannet-des-\nMaures, \nVu les consultations effectu\u00e9es le 11 janvier 2024 en vue du renouvellement de la composition de la commission\nde suivi de site ;\n1/4\nSous-pr\u00e9fecture de Brignoles - 83-2024-05-24-00001 - AP  portant renouvellement de la CSS de l'ISDND Le Balan\u00e7an au Cannet des\nMaures 19\nConsid\u00e9rant que le mandat des membres de la commission de suivi de site  de l'installation de stockage de\nd\u00e9chets non dangereux au lieu-dit \u00ab  le Balan\u00e7an \u00bb, est arriv\u00e9 \u00e0 \u00e9ch\u00e9ance le 6 juin 2023 et qu'il convient de\nproc\u00e9der \u00e0 la recomposition des diff\u00e9rents coll\u00e8ges si\u00e9geant au sein de ladite commission ;\nSur proposition du secr\u00e9taire g\u00e9n\u00e9ral de la pr\u00e9fecture du Var\nARR\u00caTE :\nArticle 1  er   :   \n1 - La commission est pr\u00e9sid\u00e9e par le Pr\u00e9fet du Var ou son repr\u00e9sentant, le Sous-Pr\u00e9fet de Brignoles.\n2 - Le secr\u00e9tariat est assur\u00e9 par le Cypr\u00e8s.\n3 - La commission de suivi de site de l'installation de stockage de d\u00e9chets non dangereux au lieu-dit \u00ab  le\nBalan\u00e7an \u00bb, est compos\u00e9e comme suit : \n                                                                   \n- Coll\u00e8ge \u00ab     Administrations de l'Etat \u00bb   \n- Le Pr\u00e9fet ou son repr\u00e9sentant, le Sous-Pr\u00e9fet de Brignoles, \n- Le Directeur r\u00e9gional de l'environnement, de l'am\u00e9nagement et du logement PACA ou son repr\u00e9sentant, \n- Le D\u00e9l\u00e9gu\u00e9 d\u00e9partemental de l'agence r\u00e9gionale de sant\u00e9 (ARS) ou son repr\u00e9sentant,\n- Le Directeur d\u00e9partemental des territoires et de la mer du Var (DDTM) ou son repr\u00e9sentant,\n- C  oll\u00e8ge \u00ab     collectivit\u00e9s territoriales     \u00bb     \n             - Commune du CANNET DES MAURES:\n                           - M. Jean-Luc LONGOUR, maire, titulaire   \n                           - M. Pierre MARTOS, adjoint au maire, suppl\u00e9ant \n                      - Commune du LUC EN PROVENCE:\n                           - M. Dominique LAIN, maire, titulaire \n                           - M. Thierry HERMIER, suppl\u00e9ant\n      \n                      - Commune des MAYONS:\n\u2013\n                           - M. Denis GYNOUVES, titulaire                               \n                         - M. Serge WICQUART, suppl\u00e9ant\n                  \n                    - Commune de GONFARON  :\n                         - Mme Sophie BETTENCOURT-AMARANTE, titulaire\n                         - Mme B\u00e9atrice RAMOUL, suppl\u00e9ante                                                                                                                 \n                    - Conseil D\u00e9partemental du Var               \n- - Mme Christine AMRANE, titulaire\n- - M. Dominique LAIN, suppl\u00e9ant\n                                                                                                        \n      \n2/4Sous-pr\u00e9fecture de Brignoles - 83-2024-05-24-00001 - AP  portant renouvellement de la CSS de l'ISDND Le Balan\u00e7an au Cannet des\nMaures 20\n- Coll\u00e8ge \u00ab     Exploitant     \u00bb  \n      -  M. Herv\u00e9 ANTONSANTI, titulaire\n      -  Mme Christine YUSTE, titulaire\n      -  M Laurent THIERY, suppl\u00e9ant\n      -  Mme Carole CELICA , suppl\u00e9ante\n                             \n- Coll\u00e8ge \u00ab     salari\u00e9s     \u00bb   \n      - M. Guy DANESI, titulaire\n      - Mme Nathalie STEBIG, titulaire\n      - M. Nordine HANOU, suppl\u00e9ant\n      - M. David FAUCHET, suppl\u00e9ant\n                                             \n              - Coll\u00e8ge \"riverains ou associations de protection de l'environnement\"\n.  Association FNE 83 : \n                       . M. Jean MATEO, titulaire\n                       . M. Michel PIERRE, suppl\u00e9ant\n. Riverain de l'ISDND\n                        . M. Daniel OGET, titulaire\n4 - La dur\u00e9e du mandat des membres de la commission est fix\u00e9e \u00e0 cinq ans \u00e0 compter de la date du pr\u00e9sent\narr\u00eat\u00e9.\nLe membre qui, au cours de son mandat, d\u00e9c\u00e8de, d\u00e9missionne ou perd la qualit\u00e9 au titre de laquelle il a \u00e9t\u00e9\nd\u00e9sign\u00e9, est remplac\u00e9 pour le mandat restant \u00e0 courir par une personne d\u00e9sign\u00e9e dans les m\u00eames conditions.\nChaque membre non suppl\u00e9\u00e9 peut donner un mandat \u00e0 un autre membre. Nul ne peut d\u00e9tenir plus d'un mandat. \nConform\u00e9ment \u00e0 l'article 12 du r\u00e8glement int\u00e9rieur adopt\u00e9 le 25 juin 2013, modifi\u00e9 le 15 janvier 2015, pr\u00e9cisant\nles conditions de fonctionnement de la CSS, chacun de ces coll\u00e8ges b\u00e9n\u00e9ficie du m\u00eame poids dans la prise de\nd\u00e9cision soit vingt voix, ainsi r\u00e9parties :    \n \nColl\u00e8ge Nombre de\nmembres par\ncoll\u00e8geNombre de voix par\nmembreNombre de voix du\ncoll\u00e8ge\nAdministration de l'Etat 4 5 20\nCollectivit\u00e9s Territoriales 5 4 20\nExploitants 2 10 20\nSalari\u00e9s 2 10 20\nRiverains et associations 2 10 20\n3/4Sous-pr\u00e9fecture de Brignoles - 83-2024-05-24-00001 - AP  portant renouvellement de la CSS de l'ISDND Le Balan\u00e7an au Cannet des\nMaures 21\nArticle 2 : Voies et d\u00e9lais de recours\nLe pr\u00e9sent arr\u00eat\u00e9 peut faire l'objet d'un recours aupr\u00e8s du tribunal administratif de Toulon dans un d\u00e9lai de deux\nmois \u00e0 compter de sa publication. Cette saisine peut \u00eatre effectu\u00e9e par l'application informatique \"T\u00e9l\u00e9recours\ncitoyens\" accessible par le site internet www.telerecours.fr  \n      \nArticle 3 :  Ex\u00e9cution\nLe  secr\u00e9taire  g\u00e9n\u00e9ral  de  la  pr\u00e9fecture  du  Var,  le  Sous-Pr\u00e9fet  de  Brignoles  et  le  directeur  r\u00e9gional  de\nl'environnement, de l'am\u00e9nagement et du logement Provence-Alpes-C\u00f4te d'Azur (UD-DREAL) sont charg\u00e9s,\nchacun en ce qui le concerne, de l'ex\u00e9cution du pr\u00e9sent arr\u00eat\u00e9 qui sera publi\u00e9 au recueil des actes administratifs\nde la pr\u00e9fecture du Var et dont une copie sera adress\u00e9e aux membres de la commission de suivi de site. \nToulon, le 24 mai 2024\nLe pr\u00e9fet du Var\nsign\u00e9\nPhilippe MAH\u00c9\n                         \n4/4Sous-pr\u00e9fecture de Brignoles - 83-2024-05-24-00001 - AP  portant renouvellement de la CSS de l'ISDND Le Balan\u00e7an au Cannet des\nMaures 22","date":"2024-05-28","first_seen_on":"2024-05-28T14:11:12+00:00","id":"6aef74a341df0f44b655bca182ca3cde9314df77af738199e3463c7c65b9eed7","name":"RAA N\u00b0121 du 28 mai 2024","pdf_creation_date":"2024-05-28T13:44:28+00:00","pdf_modification_date":null,"timezone":"Europe/Paris","url":"https://www.var.gouv.fr/contenu/telechargement/34771/231154/file/RAA%20N%C2%B0121%20du%2028%20mai%202024%20Nominatif.pdf"}
