{"administration":"pref30","administration_name":"Pr\u00e9fecture du Gard","content":"PR\u00c9FET\nDU GARD\nRECUEIL DES ACTES\nADMINISTRATIFS\nN\u00b030-2026-046\nPUBLI\u00c9 LE  6 MARS 2026\nSommaire\nDirection D\u00e9partementale des Tetrritoires et de la Mer du Gard /\n30-2026-03-05-00001 -  Arr\u00eat\u00e9 portant application du r\u00e9gime forestier\nde la for\u00eat communale de Puechredon  (2 pages) Page 4\n30-2026-03-03-00002 - Arr\u00eat\u00e9 portant distraction et application du\nr\u00e9gime forestier de la for\u00eat communale de montaren-et-saint-m\u00e9diers\n(4 pages) Page 7\n30-2026-02-17-00009 - D\u00e9cision  d\u00e9signant les repr\u00e9sentants\ndu\ndirecteur d\u00e9partemental des territoires et de la mer du Gard \u00e0 la\ncommission consultative d\u00e9partementale de s\u00e9curit\u00e9 et\nd'accessibilit\u00e9 (5 pages) Page 12\nDirection D\u00e9partementale des Tetrritoires et de la Mer du Gard / SERVICE\nAMENAGEMENT TERRITORIAL CEVENNES\n30-2026-03-03-00001 - Arr\u00eat\u00e9 approuvant le r\u00e8glement de s\u00e9curit\u00e9\net d'exploitation du train \u00e0 vapeur des C\u00e9vennes entre Saint Jean du\nGard et Anduze (2 pages) Page 18\nDirection interd\u00e9partementale des routes M\u00e9diterran\u00e9e /\n30-2026-03-05-00008 - 30 Arr\u00eat\u00e9 portant subd\u00e9l\u00e9gation de signature\naux agents de la direction interd\u00e9partementale des routes\nm\u00e9diterran\u00e9e en mati\u00e8re de police de circulation, conservation du\ndomaine public et priv\u00e9 attach\u00e9 au r\u00e9seau national structurant (rns)\n(4 pages) Page 21\nPrefecture du Gard /\n30-2026-03-04-00007 - AP modifiant l'AP du 26 f\u00e9vrier 2026 portant\nconstitution de la commission de propagande du Vigan (2 pages) Page 26\n30-2026-03-06-00006 - Arr\u00eat\u00e9 modificatif listes candidats enregistr\u00e9es\nmunicipales 2026 Tour 1 (2 pages) Page 29\n30-2026-03-02-00009 - arr\u00eat\u00e9 pr\u00e9fectoral du 2 mars 2026 d\u00e9cernant\nla m\u00e9daille de bronze pour acte de courage et d\u00e9vouement \u00e0\nMadame Aur\u00e9lia GOMBAULT, Gardien de la Paix, \u00e0 la Direction\nInterd\u00e9partementale de la Police Nationale du Gard (1 page) Page 32\n30-2026-03-02-00008 - arr\u00eat\u00e9 pr\u00e9fectoral du 2 mars 2026 d\u00e9cernant\nla m\u00e9daille de bronze pour acte de courage et d\u00e9vouement \u00e0\nMadame Marine BRINIG, Gardien de la Paix, \u00e0 la Direction\nInterd\u00e9parteemntale de la Police Nationale du Gard (1 page) Page 34\n30-2026-03-06-00005 - arr\u00eat\u00e9 pr\u00e9fectoral du 6 mars 2026 portant\nattribution du titre de maire adjoint de la commune de\nSaint-Privat-des-Vieux (1 page) Page 36\n2\nPrefecture du Gard / DAMI\n30-2026-03-02-00004 - arr\u00eate PORTANT HABILITATION D'UN MEDIATEUR\nDE L'ASSOCIATION FORUM REFUGIES AU CRA DE NIMES (1 page) Page 38\nSous Pr\u00e9fecture d'Al\u00e8s /\n30-2026-03-27-00001 -\nA-CREATION-HAB-25-02-53-DU-27-02-26-PF-CAMARGUAISES-LAENNEC (2\npages) Page 40\n30-2026-03-05-00006 -\nA-CREATION-HAB-26-03-05-DU-05-03-26-roblot-kennedy (2 pages) Page 43\n30-2026-02-27-00012 -\nA-CREATION-HABILITATION-26-02-59-DU-27-02-26-CHAMBRE-FUNERAIRE-CARMAGUAISES\n(2 pages) Page 46\n30-2026-03-03-00005 -\nA-CREATION-HABILITATION-26-03-01-DU-03-3-26-VISSOUSE-CEDRIC (2\npages) Page 49\n30-2026-03-05-00004 -\nA-CREATION-HABILITATION-26-03-03-DU-05-03-26-ROBLOT-GREFFES (2\npages) Page 52\n30-2026-03-05-00003 -\nA-RENOUVELLEMENT-26-03-07-du05-03-26-PF-TILLIER (2 pages) Page 55\n30-2026-02-27-00011 - A-RETRAIT-26-02-60-DU27-02-60-PF\nCAMARGUAISE-GENERAC (2 pages) Page 58\n30-2026-03-05-00005 - A-RETRAIT-26-03-04-DU-05-03-26-PF-ROBLOT (2\npages) Page 61\n30-2026-03-05-00007 -\nA-RETRAIT-HAB-26-03-06-DU-05-03-26-roblot-kennedy (2 pages) Page 64\n30-2026-02-26-00013 - Arr\u00eat\u00e9 26-02-37 portant renouvellement\nd'habilitation dans le domaine fun\u00e9raire pour une dur\u00e9e de 5 ans -\nPompes fun\u00e8bres FUMEL (La Grand'Combe 30)  (2 pages) Page 67\n30-2026-02-27-00009 -\nARRETE-CREA-HABIILITATION-26-02-56-DU-27-02-26-PF-CAMARGUAISES-ST-GILLES\n(2 pages) Page 70\n30-2026-02-27-00007 -\nARRETE-CREA-HABIILITATION-26-02-65-DU-27-02-26-CF-CAMARGUAISES-ST-GILLES\n(2 pages) Page 73\n30-2026-02-27-00010 -\nARRETE-RETRAIT-26-02-62-DU-27-02-26-PFCARMARGUAISE-ST-GILLES  (2\npages) Page 76\n30-2026-02-27-00008 -\nARRETE-RETRAIT-26-02-66-DU-27-02-26-CF-CARMARGUAISE-ST-GILLES  (2\npages) Page 79\n3\nDirection D\u00e9partementale des Tetrritoires et de\nla Mer du Gard\n30-2026-03-05-00001\n Arr\u00eat\u00e9 portant application du r\u00e9gime forestier\nde la for\u00eat communale de Puechredon \nDirection D\u00e9partementale des Tetrritoires et de la Mer du Gard - 30-2026-03-05-00001 -  Arr\u00eat\u00e9 portant application du r\u00e9gime\nforestier de la for\u00eat communale de Puechredon 4\nPREFETDU GARDLibert\u00e9Egalit\u00e9Fraternit\u00e9\nDirection d\u00e9partementale\ndes territoires et de la mer\nService Risques Crise et For\u00eat\nUnit\u00e9 Gestion Durable de la For\u00eat\nAffaire suivie par : Carole TROY\nT\u00e9l. : 04 66 62 63 08\nddtm-foret@gard.gouv.fr\nARR\u00caT\u00c9 N\u00b0 \nportant application du r\u00e9gime forestier de\nla for\u00eat communale de Puechredon\nLe pr\u00e9fet du Gard\nChevalier de la L\u00e9gion d'honneur\nOfficier de l'ordre national du M\u00e9rite\nVU le code forestier, notamment les articles L 211-1 , L 214-3 et  R 214-1 et suivants.\nVU le d\u00e9cret du 13 juillet 2023 portant nomination de monsieur BONET J\u00e9r\u00f4me en tant que pr\u00e9fet du  \nGard \u00e0 compter du 21 ao\u00fbt 2023. \nVU la d\u00e9lib\u00e9ration du conseil municipal de la commune de Puechredon en date du 19 d\u00e9cembre 2025  \nsollicitant l'entr\u00e9e en application du r\u00e9gime forestier pour 97  ha 92 a 60 ca de la for\u00eat communale de  \nPuechredon.\nVU l'avis \u00e9mis le 26 janvier 2026 par l'Agence interd\u00e9partementale Gard/H\u00e9rault de l'Office National des  \nFor\u00eats.\nVU le dossier de demande de cr\u00e9ation de cette nouvelle for\u00eat communale.\nCONSID\u00c9RANT qu'au  sens  de  l'article  L211-1  du  code  forestier  les  bois  et  les  for\u00eats  susceptibles  \nd'am\u00e9nagement,  d'exploitation  r\u00e9guli\u00e8re  ou  de  reconstitution  qui  appartiennent  aux  collectivit\u00e9s  \nrel\u00e8vent du r\u00e9gime forestier.\nCONSID\u00c9RANT  que les surfaces \u00e0 entrer en application du r\u00e9gime forestier correspondent \u00e0 97 ha 92 a \n60 ca.\nCONSID\u00c9RANT qu'au sens de l'article L214-3 du code forestier, dans les bois et for\u00eat sus-mentionn\u00e9s, la  \ndistraction, la restructuration fonci\u00e8re, et l'application du r\u00e9gime forestier sont prononc\u00e9es par l'autorit\u00e9 \nadministrative comp\u00e9tente de l'Etat apr\u00e8s avis de la collectivit\u00e9.\nDirection D\u00e9partementale des Tetrritoires et de la Mer du Gard - 30-2026-03-05-00001 -  Arr\u00eat\u00e9 portant application du r\u00e9gime\nforestier de la for\u00eat communale de Puechredon 5\nSur proposition de Monsieur Le Directeur de la Direction D\u00e9partementale des Territoires et de la Mer du  \nGard,\nARR\u00caTE\nArticle 1er :\nEn application des dispositions du pr\u00e9sent arr\u00eat\u00e9, la surface totale de la for\u00eat communale de Puechredon \nentrant en application du r\u00e9gime forestier est port\u00e9e \u00e0 97 ha 92 a 60 ca. Le d\u00e9tail parcellaire est fourni en \nannexe.\nArticle 2 :\nEn application des dispositions du pr\u00e9sent arr\u00eat\u00e9, cette surface constitue la nouvelle surface totale de la  \nfor\u00eat communale de Puechredon relevant du r\u00e9gime forestier, s'agissant d'une demande de cr\u00e9ation.\nArticle 3 :\nA la suite de cette op\u00e9ration, le bornage des nouvelles limites de la for\u00eat communale sera effectu\u00e9 par les \nsoins et aux frais de la commune de Puechredon sous le contr\u00f4le de l'office national des for\u00eats.\nArticle 4 :\nLe Maire de Puechredon proc\u00e8dera \u00e0 l'affichage du pr\u00e9sent arr\u00eat\u00e9 dans sa commune et transmettra \u00e0 la  \npr\u00e9fecture un certificat attestant l'accomplissement de cette formalit\u00e9.\nArticle 5 :\nLe  secr\u00e9taire  g\u00e9n\u00e9ral  de  la  pr\u00e9fecture  du  Gard,  le  directeur  de  l'agence  interd\u00e9partementale  \nGard/H\u00e9rault de l'office national des for\u00eats, le directeur d\u00e9partemental des territoires et de la mer du  \ngard, le maire de  Puechredon sont charg\u00e9s, chacun en ce qui le concerne, de l'ex\u00e9cution du pr\u00e9sent  \narr\u00eat\u00e9 qui sera publi\u00e9 au recueil des actes administratifs de la pr\u00e9fecture du Gard.\nN\u00eemes, le 05 mars 2026\n          \nLe pr\u00e9fet,\n          SIGN\u00c9 \nJ\u00e9r\u00f4me BONET\nLe demandeur peut contester la l\u00e9galit\u00e9 de la pr\u00e9sente d\u00e9cision dans les deux mois qui suivent la date de sa notification. A cet  \neffet, il peut saisir le tribunal administratif territorialement comp\u00e9tent d'un recours contentieux. \u00ab  Le tribunal administratif peut  \n\u00e9galement \u00eatre saisi par l'application informatique \u00ab T\u00e9l\u00e9recours citoyens \u00bb accessible sur le site internet www.telerecours.fr. Cette \nvoie de saisie est obligatoire pour les avocats et les communes de plus de 3500 habitants  \u00bb. Il peut \u00e9galement saisir d'un recours  \ngracieux l'auteur de la d\u00e9cision ou d'un recours hi\u00e9rarchique le Ministre comp\u00e9tent. Cette d\u00e9marche prolonge le d\u00e9lai de recours  \ncontentieux qui doit alors \u00eatre introduit dans les deux mois suivant la r\u00e9ponse. L'absence de r\u00e9ponse au terme de deux mois vaut  \nrejet implicite. La d\u00e9cision peut \u00eatre contest\u00e9e par des tiers dans les deux mois \u00e0 compter de sa publication (affichage sur le terrain \net en mairie).\nDirection D\u00e9partementale des Tetrritoires et de la Mer du Gard - 30-2026-03-05-00001 -  Arr\u00eat\u00e9 portant application du r\u00e9gime\nforestier de la for\u00eat communale de Puechredon 6\nDirection D\u00e9partementale des Tetrritoires et de\nla Mer du Gard\n30-2026-03-03-00002\nArr\u00eat\u00e9 portant distraction et application du\nr\u00e9gime forestier de la for\u00eat communale de\nmontaren-et-saint-m\u00e9diers\nDirection D\u00e9partementale des Tetrritoires et de la Mer du Gard - 30-2026-03-03-00002 - Arr\u00eat\u00e9 portant distraction et application du\nr\u00e9gime forestier de la for\u00eat communale de montaren-et-saint-m\u00e9diers 7\nPREFETDU GARDLibert\u00e9Egalit\u00e9Fraternit\u00e9\nDirection d\u00e9partementale\ndes territoires et de la mer\nService Risques Crise et For\u00eat\nUnit\u00e9 Gestion Durable de la For\u00eat\nAffaire suivie par : Carole TROY\nT\u00e9l. : 04 66 62 63 08\nddtm-foret@gard.gouv.fr\nARR\u00caT\u00c9 N\u00b0 \nportant distraction, restructuration fonci\u00e8re, et application du r\u00e9gime forestier de\nla for\u00eat communale de Montaren-et-Saint-M\u00e9diers\nLe pr\u00e9fet du Gard\nChevalier de la L\u00e9gion d'honneur\nOfficier de l'ordre national du M\u00e9rite\nVU le code forestier, notamment les articles L 211-1 , L 214-3 et  R 214-1 et suivants.\nVU le d\u00e9cret du 13 juillet 2023 portant nomination de monsieur BONET J\u00e9r\u00f4me en tant que pr\u00e9fet du  \nGard \u00e0 compter du 21 ao\u00fbt 2023.\nVU l'arr\u00eat\u00e9 pr\u00e9fectoral n\u00b0 30-2023-08-21-00016 du 22 ao\u00fbt 2023  portant d\u00e9l\u00e9gation de signature en  \nmati\u00e8re d'administration g\u00e9n\u00e9rale \u00e0 M. S\u00e9bastien FERRA, directeur d\u00e9partemental des territoires et de la  \nmer et la d\u00e9cision n\u00b0 2023-SF-AG03 du 23 ao\u00fbt 2023 portant subd\u00e9l\u00e9gation de signature en mati\u00e8re  \nd'administration g\u00e9n\u00e9rale, pour les actes d'application et de distraction du r\u00e9gime forestier portant sur  \ndes superficies inf\u00e9rieures \u00e0 25 ha. \nVU  la  d\u00e9lib\u00e9ration  du  conseil  municipal  de  la  commune  de  Montaren-et-Saint-M\u00e9diers  en  date  du \nsollicitant la distraction du r\u00e9gime forestier pour - 00 ha 13 a 14 ca de la for\u00eat communale de Montaren-\net-Saint-M\u00e9diers.\nVU la d\u00e9lib\u00e9ration du conseil municipal de la commune de Montaren-et-Saint-M\u00e9diers en date du 14 mai  \n2025 sollicitant l'entr\u00e9e en application du r\u00e9gime forestier pour 14  ha 33 a 65 ca de la for\u00eat communale  \nde  Montaren-et-Saint-M\u00e9diers.\nVU l'avis \u00e9mis le 03 f\u00e9vrier 2026 par l'Agence interd\u00e9partementale Gard/H\u00e9rault de l'Office National des  \nFor\u00eats.\nVU le dossier du projet et le plan des lieux.\n89, rue Weber \u2013 30907 NIMES CEDEX 2\nT\u00e9l : 04 66 62 62 00 - Fax : 04 66 23 28 79 - www.gard.gouv.fr\nDirection D\u00e9partementale des Tetrritoires et de la Mer du Gard - 30-2026-03-03-00002 - Arr\u00eat\u00e9 portant distraction et application du\nr\u00e9gime forestier de la for\u00eat communale de montaren-et-saint-m\u00e9diers 8\nCONSID\u00c9RANT qu'au  sens  de  l'article  L211-1  du  code  forestier  les  bois  et  les  for\u00eats  susceptibles  \nd'am\u00e9nagement,  d'exploitation  r\u00e9guli\u00e8re  ou  de  reconstitution  qui  appartiennent  aux  collectivit\u00e9s  \nrel\u00e8vent du r\u00e9gime forestier.\nCONSID\u00c9RANTque les surfaces \u00e0 distraire du r\u00e9gime forestier correspondent \u00e0  - 00 ha 13 a 14 ca.\nCONSID\u00c9RANT que les surfaces \u00e0 entrer en application du r\u00e9gime forestier correspondent \u00e0 14 ha 33 a  \n65 ca.\nCONSID\u00c9RANT que les surfaces distraites et entrant en application du r\u00e9gime forestier correspondent \u00e0  \n14 ha 46 a 79 ca, soit \u00e0 moins de 25 ha.\nCONSID\u00c9RANT qu'au sens de l'article L214-3 du code forestier, dans les bois et for\u00eat sus-mentionn\u00e9s, la  \ndistraction, la restructuration fonci\u00e8re, et l'application du r\u00e9gime forestier sont prononc\u00e9es par l'autorit\u00e9 \nadministrative comp\u00e9tente de l'Etat apr\u00e8s avis de la collectivit\u00e9.\nARR\u00caTE\nArticle 1er :\nEn application des dispositions du pr\u00e9sent arr\u00eat\u00e9, la surface totale de la for\u00eat communale de Montaren-\net-Saint-M\u00e9diers distraite du r\u00e9gime forestier est de - 00 ha 13 a 14 ca. Le d\u00e9tail parcellaire est fourni en  \nannexe.\nArticle 2 :\nEn application des dispositions du pr\u00e9sent arr\u00eat\u00e9, la surface totale de la for\u00eat communale de Montaren-\net-Saint-M\u00e9diers entrant en application du r\u00e9gime forestier est port\u00e9e \u00e0 14 ha 33 a 65 ca. Le d\u00e9tail  \nparcellaire est fourni en annexe.\nArticle 3 :\nEn application des dispositions du pr\u00e9sent arr\u00eat\u00e9, la surface totale de la for\u00eat communale de Montaren-\net-Saint-M\u00e9diers relevant du r\u00e9gime forestier est port\u00e9e \u00e0 418 ha 14 a 65 ca au lieu de 403 ha 93 a 75 ca.  \nLe d\u00e9tail parcellaire est fourni en annexe.\nArticle 4 :\nA la suite de cette op\u00e9ration, le bornage des nouvelles limites de la for\u00eat communale sera effectu\u00e9 par les \nsoins et aux frais de la commune de Montaren-et-Saint-M\u00e9diers sous le contr\u00f4le de l'office national des  \nfor\u00eats.\nArticle 5 :\nSont  abrog\u00e9s  tous  actes  ant\u00e9rieurs  \u00e0  la  date  du  pr\u00e9sent  arr\u00eat\u00e9  ayant  prononc\u00e9  la  distraction,  la  \nrestructuration,  et  l'application  du  r\u00e9gime  forestier  sur  des  terrains  appartenant  \u00e0  la  commune  de \nMontaren-et-Saint-M\u00e9diers.\nArticle 6 :\nLe Maire de Montaren-et-Saint-M\u00e9diers proc\u00e8dera \u00e0 l'affichage du pr\u00e9sent arr\u00eat\u00e9 dans sa commune et  \ntransmettra \u00e0 la pr\u00e9fecture un certificat attestant l'accomplissement de cette formalit\u00e9.\n89, rue Weber \u2013 30907 NIMES CEDEX 2\nT\u00e9l : 04 66 62 62 00 - Fax : 04 66 23 28 79 - www.gard.gouv.fr\nDirection D\u00e9partementale des Tetrritoires et de la Mer du Gard - 30-2026-03-03-00002 - Arr\u00eat\u00e9 portant distraction et application du\nr\u00e9gime forestier de la for\u00eat communale de montaren-et-saint-m\u00e9diers 9\nArticle 7 :\nLe  secr\u00e9taire  g\u00e9n\u00e9ral  de  la  pr\u00e9fecture  du  Gard,  le  directeur  de  l'agence  interd\u00e9partementale  \nGard/H\u00e9rault de l'office national des for\u00eats, le directeur d\u00e9partemental des territoires et de la mer du  \ngard, le maire de Montaren-et-Saint-M\u00e9dierssont charg\u00e9s, chacun en ce qui le concerne, de l'ex\u00e9cution du \npr\u00e9sent arr\u00eat\u00e9 qui sera publi\u00e9 au recueil des actes administratifs de la pr\u00e9fecture du Gard.\nLe pr\u00e9fet,\n          pour le pr\u00e9fet et par d\u00e9l\u00e9gation,\n         Pour le pr\u00e9fet et par d\u00e9l\u00e9gation\n          p/le directeur d\u00e9partemental des territoires\n          et de la mer du Gard et par d\u00e9l\u00e9gation\n          L'adjointe au Chef du Service risques crise for\u00eat\n     SIGN\u00c9\n     Carole TROY\n         \n         \n         \n89, rue Weber \u2013 30907 NIMES CEDEX 2\nT\u00e9l : 04 66 62 62 00 - Fax : 04 66 23 28 79 - www.gard.gouv.fr\nDirection D\u00e9partementale des Tetrritoires et de la Mer du Gard - 30-2026-03-03-00002 - Arr\u00eat\u00e9 portant distraction et application du\nr\u00e9gime forestier de la for\u00eat communale de montaren-et-saint-m\u00e9diers 10\nLe demandeur peut contester la l\u00e9galit\u00e9 de la pr\u00e9sente d\u00e9cision dans les deux mois qui suivent la date de sa notification. A cet  \neffet, il peut saisir le tribunal administratif territorialement comp\u00e9tent d'un recours contentieux. \u00ab  Le tribunal administratif peut  \n\u00e9galement \u00eatre saisi par l'application informatique \u00ab T\u00e9l\u00e9recours citoyens \u00bb accessible sur le site internet www.telerecours.fr. Cette \nvoie de saisie est obligatoire pour les avocats et les communes de plus de 3500 habitants  \u00bb. Il peut \u00e9galement saisir d'un recours  \ngracieux l'auteur de la d\u00e9cision ou d'un recours hi\u00e9rarchique le Ministre comp\u00e9tent. Cette d\u00e9marche prolonge le d\u00e9lai de recours  \ncontentieux qui doit alors \u00eatre introduit dans les deux mois suivant la r\u00e9ponse. L'absence de r\u00e9ponse au terme de deux mois vaut  \nrejet implicite. La d\u00e9cision peut \u00eatre contest\u00e9e par des tiers dans les deux mois \u00e0 compter de sa publication (affichage sur le terrain \net en mairie).\n89, rue Weber \u2013 30907 NIMES CEDEX 2\nT\u00e9l : 04 66 62 62 00 - Fax : 04 66 23 28 79 - www.gard.gouv.fr\nDirection D\u00e9partementale des Tetrritoires et de la Mer du Gard - 30-2026-03-03-00002 - Arr\u00eat\u00e9 portant distraction et application du\nr\u00e9gime forestier de la for\u00eat communale de montaren-et-saint-m\u00e9diers 11\nDirection D\u00e9partementale des Tetrritoires et de\nla Mer du Gard\n30-2026-02-17-00009\nD\u00e9cision  d\u00e9signant les repr\u00e9sentants\ndu directeur d\u00e9partemental des territoires et de\nla mer du Gard \u00e0 la commission consultative\nd\u00e9partementale de s\u00e9curit\u00e9 et d'accessibilit\u00e9\nDirection D\u00e9partementale des Tetrritoires et de la Mer du Gard - 30-2026-02-17-00009 - D\u00e9cision  d\u00e9signant les repr\u00e9sentants\ndu directeur d\u00e9partemental des territoires et de la mer du Gard \u00e0 la commission consultative d\u00e9partementale de s\u00e9curit\u00e9 et\nd'accessibilit\u00e9\n12\nPREFETDU GARDLibert\u00e9Egalit\u00e9Fraternit\u00e9\nDirection d\u00e9partementale\ndes territoires et de la mer\nService Habitat Construction\nAffaire suivie par : Walid Jouiad\nT\u00e9l. : 04 66 62 62 16\nwalid.jouiad@gard.gouv.fr\nN\u00eemes, le mardi 17 f\u00e9vrier 2026\nObjet :  Repr\u00e9sentation du service en CCDSA\nR\u00e9f :\nP.J. :\n                                   D\u00c9CISION N\u00b02026-SF-CCDSA publi\u00e9e au RAA n\u00b0\nd\u00e9signant les repr\u00e9sentants\ndu directeur d\u00e9partemental des territoires et de la mer du Gard \u00e0 :\n- La commission consultative d\u00e9partementale de s\u00e9curit\u00e9 et d'accessibilit\u00e9.\n- La sous-commission d\u00e9partementale pour la s\u00e9curit \u00e9 contre les risques d'incendie et de panique dans\nles \u00e9tablissements recevant du public et les immeubles de grande hauteur, et \u00e0 son groupe de visite.\n- La sous-commission d\u00e9partementale pour l'accessib ilit\u00e9 des personnes handicap\u00e9es et \u00e0 son groupe\nde visite.\n- La sous-commission d\u00e9partementale pour l'homologation des enceintes sportives.\n- La sous-commission d\u00e9partementale pour la s\u00e9curit \u00e9 des terrains de camping et de stationnement des\ncaravanes.\n- La sous-commission d\u00e9partementale pour la s\u00e9curit \u00e9 contre les risques d'incendie de for\u00eat, lande,\nmaquis et garrigue.\n- La sous-commission d\u00e9partementale pour la s\u00e9curit\u00e9 des infrastructures et des syst\u00e8mes de transport,\n- La sous-commission d\u00e9partementale pour la s\u00e9curit\u00e9 publique,\n- La commission de s\u00e9curit\u00e9 de l'arrondissement d'Al\u00e8s, et \u00e0 son groupe de visite,\n- La commission de s\u00e9curit\u00e9 de l'arrondissement du Vigan, et \u00e0 son groupe de visite,\nLe directeur d\u00e9partemental des territoires et de la mer du Gard,\nVU le code de la construction et de l'habitation \n89, rue Weber \u2013 30907 NIMES CEDEX 2\nT\u00e9l : 04 66 62 62 00 - Fax : 04 66 23 28 79 - www.gard.gouv.fr\nDirection D\u00e9partementale des Tetrritoires et de la Mer du Gard - 30-2026-02-17-00009 - D\u00e9cision  d\u00e9signant les repr\u00e9sentants\ndu directeur d\u00e9partemental des territoires et de la mer du Gard \u00e0 la commission consultative d\u00e9partementale de s\u00e9curit\u00e9 et\nd'accessibilit\u00e9\n13\nVU le d\u00e9cret n\u00b095-260 du 8 mars 1995 modifi\u00e9 relatif \u00e0 la commission consultative d\u00e9partementale de\ns\u00e9curit\u00e9 et d'accessibilit\u00e9,\nVU l'arr\u00eat\u00e9 pr\u00e9fectoral n\u00b02024-05-29 en date du 29 ma i 2024 portant constitution et fonctionnement\nde la commission consultative d\u00e9partementale de s\u00e9curit\u00e9 et d'accessibilit\u00e9, \nVU l'arr\u00eat\u00e9  pr\u00e9fectoral  n\u00b02018-04-0071 en  date  du  28  avril  2018  portant  constitution  et\nfonctionnement de la sous-commission d\u00e9partementale  pour la s\u00e9curit\u00e9 contre les risques d'incendie\net de panique dans les \u00e9tablissements recevant du public et les immeubles de grande hauteur,\nVU l'arr\u00eat\u00e9  pr\u00e9fectoral  n\u00b02024-11-12-01  en  date  du  12  novembre  2024  portant  constitution  et\nfonctionnement  de  la  sous-commission  d\u00e9partementale  pour  l'accessibilit\u00e9  des  personnes\nhandicap\u00e9es, \nVU   l'arr\u00eat\u00e9   pr\u00e9fectoral   n\u00b02015-09-0178 en date  du  23 septembre  2015 portant  constitution et\nfonctionnement de la sous-commission d\u00e9partementale pour l'homologation des enceintes sportives,\nVU l'arr\u00eat\u00e9 pr\u00e9fectoral n\u00b0 2017-05-0037 en date du 29 mai 2017 portant constitution et fonctionnement\nde la sous-commission d\u00e9partementale pour la s\u00e9curi t\u00e9 des terrains de camping et de stationnement\ndes caravanes,\nVU l'arr\u00eat\u00e9  pr\u00e9fectoral  n\u00b02015-07-0177  en  date  du  31  juillet  2015  portant  composition  et\nfonctionnement de la sous-commission d\u00e9partementale  pour la s\u00e9curit\u00e9 contre les risques d'incendie\nde for\u00eat, lande, maquis et garrigue,\nVU l'arr\u00eat\u00e9 pr\u00e9fectoral n\u00b02012116-0007 en date du 25 avril 2012 portant modification de la constitution\nde la sous-commission d\u00e9partementale pour la s\u00e9curit\u00e9 des Infrastructures et syst\u00e8mes de transport,\nVU l'arr\u00eat\u00e9 pr\u00e9fectoral n\u00b02016-03-0020 en date du 16 mars 2016 portant modification de la constitution\nde la sous-commission d\u00e9partementale pour la s\u00e9curit\u00e9 Publique,\nVU l'arr\u00eat\u00e9  Pr\u00e9fectoral  n\u00b02017-05-0012  en  date  du  29  mai  2017  portant  constitution  et  relatif  au\nfonctionnement  de la commission de s\u00e9curit\u00e9 de l'arrondissement d'Al\u00e8s,\nVU l'arr\u00eat\u00e9  Pr\u00e9fectoral  n\u00b02017-05-0008  en  date  du  29  mai  2017  portant  constitution  et  relatif  au\nfonctionnement de la commission de s\u00e9curit\u00e9 de l'arrondissement du Vigan,\nVu l'arr\u00eat\u00e9 du premier ministre et du ministre de l'I nt\u00e9rieur en date du 10 juin 2022 d\u00e9signant S\u00e9bastie n\nFERRA directeur d\u00e9partemental des territoires et de la mer du Gard,\nConsid\u00e9rant qu'il convient d'assurer en permanence la repr\u00e9sen tation de la direction d\u00e9partementale\ndes territoires et de la mer aux diverses commissions cit\u00e9es ci-dessus :\nDECIDE\nArticle 1 : Les agents dont les noms suivent sont habilit\u00e9s \u00e0 m e repr\u00e9senter \u00e0 la co   \nmmission consultative  \nd\u00e9partementale de s\u00e9curit\u00e9 et d'accessibilit\u00e9 (C.C.D.S.A.), (2 repr\u00e9sentants) :\n- Messieurs Bruno  GOURMAUD,  St\u00e9phane  MARTY,  respectivement  chef  du\nservice  Habitat  Construction et  adjoint  au  chef  de  service, ou  en  cas\nd'absence  ou  d'indisponibilit\u00e9 :  Monsieur  Walid  JOUIAD ,  chef  de  l'unit\u00e9\nb\u00e2timent durable.\n89, rue Weber \u2013 30907 NIMES CEDEX 2\nT\u00e9l : 04 66 62 62 00 - Fax : 04 66 23 28 79 - www.gard.gouv.fr\nDirection D\u00e9partementale des Tetrritoires et de la Mer du Gard - 30-2026-02-17-00009 - D\u00e9cision  d\u00e9signant les repr\u00e9sentants\ndu directeur d\u00e9partemental des territoires et de la mer du Gard \u00e0 la commission consultative d\u00e9partementale de s\u00e9curit\u00e9 et\nd'accessibilit\u00e9\n14\n- Madame Delphine PICOT, cheffe du service Risques, Crise et For\u00eat, ou en c as\nd'absence ou d'indisponibilit\u00e9 : Madame Carole Troy, adjointe \u00e0 la cheffe de\nservice.\nArticle 2  : Les agents dont les  noms suivent sont habilit\u00e9s  \u00e0  me  repr\u00e9senter  \u00e0 la  so   us-commission  \nd\u00e9partementale pour la  s\u00e9curit\u00e9 contre les risques d'incendie  et de panique dans les \u00e9tablissements\nrecevant du public et les immeubles de grande hauteur     et \u00e0 son groupe de visite     (1 repr\u00e9sentant):  \nPour les \u00e9tudes de dossiers et pour les visites de r\u00e9ception :\n\u2013 Messieurs Bruno GOURMAUD, St\u00e9phane MARTY respectivement chef du service\nHabitat Construction et adjoint au chef de service.\n\u2013 Madame Fr\u00e9d\u00e9rique  MANNESSIEZ  et  Messieurs  Walid  JOUIAD , Laurent\nDONCESCO, unit\u00e9 b\u00e2timent durable.\nArticle 3 : Les agents dont les noms suivent sont habilit\u00e9s \u00e0  me repr\u00e9senter \u00e0 la c   ommission de s\u00e9curit\u00e9  \nde l'arrondissement d'Al\u00e8s  ainsi qu'\u00e0 son  groupe de visite  (dans ce dernier cas, uniquement quand la\nDDTM est convoqu\u00e9e pour une visite de r\u00e9ception d'u n ERP class\u00e9 en cat\u00e9gorie 2 \u00e0 3 comprise, 1\nrepr\u00e9sentant.) \n\u2013 Madame Lolita ARRIGHI, cheffe du service d'Am\u00e9nagement des C\u00e9vennes,\n\u2013 Ou en cas d'absence ou d'indisponibilit\u00e9 :  Mesdames , Messieurs  les agents du\nservice d'Am\u00e9nagement des C\u00e9vennes dont les noms figurent en annexe I.\n\u2013 En cas d'absence ou d'indisponibilit\u00e9 des agents ci t\u00e9s aux 2 alin\u00e9as ci-dessus :\nMadame Fr\u00e9d\u00e9rique  MANNESSIEZ  et  Messieurs  Walid  JOUIAD , Laurent\nDONCESCO, unit\u00e9 b\u00e2timent durable.\nArticle 4 : Les agents dont les noms suivent sont habilit\u00e9s \u00e0  me repr\u00e9senter \u00e0 la c   ommission de s\u00e9curit\u00e9  \nde l'arrondissement du Vigan  ainsi qu'\u00e0 son groupe de visite  (dans ce dernier cas, uniquement quand la\nDDTM est convoqu\u00e9e pour une visite de r\u00e9ception d'u n ERP class\u00e9 en cat\u00e9gorie 2 \u00e0 3 comprise, 1\nrepr\u00e9sentant.) :\n\u2013 Madame Lolita ARRIGHI, cheffe du service d'Am\u00e9nagement des C\u00e9vennes,\n\u2013 Ou en cas d'absence ou d'indisponibilit\u00e9 : Mesdames , Messieurs  les agents du\nService d'Am\u00e9nagement des C\u00e9vennes dont les noms figurent en  annexe I.\n\u2013 En cas d'absence ou d'indisponibilit\u00e9 des agents ci t\u00e9s aux 2 alin\u00e9as ci-dessus :\nMadame Fr\u00e9d\u00e9rique  MANNESSIEZ  et  Messieurs  Walid  JOUIAD , Laurent\nDONCESCO, unit\u00e9 b\u00e2timent durable.\nArticle  5 : Les  agents  dont  les  noms  suivent  sont  habilit\u00e9s  \u00e0  me  repr\u00e9senter  \u00e0  la  sous-commission\nd\u00e9partementale pour l'accessibilit\u00e9 des personnes handicap\u00e9es et \u00e0 son groupe de visite (1 repr\u00e9sentant) :\n\u2013 Messieurs Bruno  GOURMAUD  et  St\u00e9phane  MARTY,  respectivement  chef  du\nservice habitat construction et adjoint au chef de service.\n\u2013 Monsieur Walid JOUIAD, chef de l'unit\u00e9 b\u00e2timent durable\n\u2013 Madame Fr\u00e9d\u00e9rique  MANNESSIEZ  et  Monsieur  Laurent  DONCESCO,  unit\u00e9\nb\u00e2timent durable.\n89, rue Weber \u2013 30907 NIMES CEDEX 2\nT\u00e9l : 04 66 62 62 00 - Fax : 04 66 23 28 79 - www.gard.gouv.fr\nDirection D\u00e9partementale des Tetrritoires et de la Mer du Gard - 30-2026-02-17-00009 - D\u00e9cision  d\u00e9signant les repr\u00e9sentants\ndu directeur d\u00e9partemental des territoires et de la mer du Gard \u00e0 la commission consultative d\u00e9partementale de s\u00e9curit\u00e9 et\nd'accessibilit\u00e9\n15\nArticle  6  : Les  agents dont les  noms  suivent  sont  habilit\u00e9s  \u00e0  me  repr\u00e9senter  \u00e0 la  sous-commission\nd\u00e9partementale  pour  la  s\u00e9curit\u00e9  des  terrains  de  cam ping  et  de  stationnement  des  caravanes  (2\nrepr\u00e9sentants):\n\u2013 Madame  Delphine PICOT ,  cheffe du service Risques, Crise et For\u00eat ou en c as\nd'absence ou d'indisponibilit\u00e9 :\n\u2013 Madame Carole TROY, adjointe \u00e0 la cheffe de service ou\n\u2013 Madame  St\u00e9phanie CARCENAC , cheffe de l'unit\u00e9 D\u00e9fense des For\u00eats Contre\nl'Incendie\nArticle  7  : Les agents dont les noms  suivent  sont habilit\u00e9s  \u00e0  me  repr\u00e9senter  \u00e0 la  sous-commission\nd\u00e9partementale pour  la  s\u00e9curit\u00e9  contre les  risques d'incendie  de for\u00eat, lande, maquis et  garrigue ( 1\nrepr\u00e9sentant) :\n\u2013 Madame  Delphine PICOT,  cheffe du service Risques, Crise et For\u00eat ou en cas\nd'indisponibilit\u00e9 : \n\u2013 Madame Carole TROY, adjointe \u00e0 la cheffe de service ou\n\u2013 Madame  St\u00e9phanie CARCENAC , cheffe  de l'unit\u00e9 D\u00e9fense des For\u00eats Contre\nl'Incendie,\n\u2013 Madame  Lolita  ARRIGHI,  cheffe  du  service  d'am\u00e9nagement  territorial  des\nC\u00e9vennes  ou  monsieur  Vincent  BRAQUET,  chef  du  service  d'am\u00e9nagement\nterritorial Rh\u00f4ne, Garrigues et Mer.\nArticle  8  :  Les  agents dont les  noms  suivent  sont  habilit\u00e9s  \u00e0  m e  repr\u00e9senter  \u00e0 la  sous-commission\nd\u00e9partementale pour la s\u00e9curit\u00e9 des infrastructures et syst\u00e8me de transport (1 repr\u00e9sentant)     :   \n\u2013 Madame  Lolita  ARRIGHI,  cheffe  du  service  d'am\u00e9nagement  territorial  des\nC\u00e9vennes  ou  monsieur  Vincent  BRAQUET,  chef  du  service  d'am\u00e9nagement\nterritorial Rh\u00f4ne, Garrigues et Mer,\n\u2013 Madame  H\u00e9l\u00e8ne  JACQUET-FONTAINE ,  adjointe  \u00e0  la  cheffe  de  service\nAm\u00e9nagement Territorial C\u00e9vennes.\nArticle 9 :   Les agents dont les noms suivent sont habilit\u00e9s \u00e0 me repr\u00e9senter \u00e0 la  sous-commission\nd\u00e9partementale pour la s\u00e9curit\u00e9 publique (1 repr\u00e9sentant)     :   \n\u2013 Madame Delphine PICOT, cheffe du service Risques, Crise et For\u00eat.\n\u2013 Monsieur Julien GIRE, chef de la mission gestion de crise.\n\u2013 Madame  Lolita  ARRIGHI,  cheffe  du  service  d'am\u00e9nagement  territorial  des\nC\u00e9vennes  ou  monsieur  Vincent  BRAQUET,  chef  du  service  d'am\u00e9nagement\nterritorial Rh\u00f4ne, Garrigues et Mer.\nArticle 10   : Les personnes suivantes peuvent \u00e0 tout moment en  fonction des circonstances et des\ndossiers \u00e9voqu\u00e9s me repr\u00e9senter  dans les commissio ns, sous-commissions et groupes de visite vis\u00e9s aux\narticles ci-dessus :\n\u2013 Madame  Lolita  ARRIGHI,  cheffe  du  service  d'am\u00e9nagement  territorial  des\nC\u00e9vennes  ou  monsieur  Vincent  BRAQUET,  chef  du  service  d'am\u00e9nagement\nterritorial Rh\u00f4ne, Garrigues et Mer,\nArticle 11 : Les personnes d\u00e9sign\u00e9es dans le pr\u00e9sent arr\u00eat\u00e9, sont charg\u00e9es, chacune en ce qui la concerne\nde l'ex\u00e9cution des pr\u00e9sentes mesures.\nLe directeur,\n                                                                                                                                    Sign\u00e9\n                                                                                                                             S\u00e9bastien FERRA\n89, rue Weber \u2013 30907 NIMES CEDEX 2\nT\u00e9l : 04 66 62 62 00 - Fax : 04 66 23 28 79 - www.gard.gouv.fr\nDirection D\u00e9partementale des Tetrritoires et de la Mer du Gard - 30-2026-02-17-00009 - D\u00e9cision  d\u00e9signant les repr\u00e9sentants\ndu directeur d\u00e9partemental des territoires et de la mer du Gard \u00e0 la commission consultative d\u00e9partementale de s\u00e9curit\u00e9 et\nd'accessibilit\u00e9\n16\nANNEXE I\n\u00e0 la d\u00e9cision du                               portant d\u00e9signation des repr\u00e9sentants  \ndu directeur d\u00e9partemental des territoires et de la mer\n\u00e0 la CCDSA et \u00e0 ses sous-commissions\nAgents des services d'am\u00e9nagements territoriaux habilit\u00e9s \u00e0 repr\u00e9senter le directeur :\nSERVICE\nD'AM\u00c9NAGEMENT Pr\u00e9noms et Noms \nService d'am\u00e9nagement\nterritorial des C\u00e9vennes\n(SATC)\nDominique BREDIF\nJessy BURAGLIO\nSabrina CHAPTAL\nSandrine DALVERNY\nPhilippe DEMOULIN\nG\u00e9raldine FRANCE\nGr\u00e9gory GACHON\nChlo\u00e9 GATHELIER\nH\u00e9l\u00e8ne JACQUET-FONTAINE\nNathalie MARINOSA\nBruno POUGET\nVal\u00e9rie RAUX\nMarion ROSSIGNOL\nService d'am\u00e9nagement \nterritorial Rh\u00f4ne Garrigue \nMer \n(SATRGM)\nSt\u00e9phanie JALABERT\nAgn\u00e8s BERNABEU\nR\u00e9mi CAPPANNELLI\nV\u00e9ronique GALHAC\nAdrien SERIS\n89, rue Weber \u2013 30907 NIMES CEDEX 2\nT\u00e9l : 04 66 62 62 00 - Fax : 04 66 23 28 79 - www.gard.gouv.fr\nDirection D\u00e9partementale des Tetrritoires et de la Mer du Gard - 30-2026-02-17-00009 - D\u00e9cision  d\u00e9signant les repr\u00e9sentants\ndu directeur d\u00e9partemental des territoires et de la mer du Gard \u00e0 la commission consultative d\u00e9partementale de s\u00e9curit\u00e9 et\nd'accessibilit\u00e9\n17\nDirection D\u00e9partementale des Tetrritoires et de\nla Mer du Gard\n30-2026-03-03-00001\nArr\u00eat\u00e9 approuvant le r\u00e8glement de s\u00e9curit\u00e9 et\nd'exploitation du train \u00e0 vapeur des C\u00e9vennes\nentre Saint Jean du Gard et Anduze\nDirection D\u00e9partementale des Tetrritoires et de la Mer du Gard - 30-2026-03-03-00001 - Arr\u00eat\u00e9 approuvant le r\u00e8glement de s\u00e9curit\u00e9 et\nd'exploitation du train \u00e0 vapeur des C\u00e9vennes entre Saint Jean du Gard et Anduze 18\nPREFETDU GARDLibert\u00e9Egalit\u00e9Fraternit\u00e9\nDirection d\u00e9partementale\ndes territoires et de la mer\nService am\u00e9nagement territorial C\u00e9vennes\nAffaire suivie par : H\u00e9l\u00e8ne JACQUET-FONTAINE\nT\u00e9l. : 04 66 56 23 36\nhelene.jacquet-fontaine@gard.gouv.fr\nARR\u00caT\u00c9 N\u00b0\napprouvant le R\u00e8glement de S\u00e9curit\u00e9 et d'Exploitation du Train \u00e0 Vapeur des C\u00e9vennes\nentre Saint-Jean-du-Gard et Anduze\nLe pr\u00e9fet du Gard\nChevalier de la L\u00e9gion d'honneur,\nOfficier de l'Ordre national du M\u00e9rite\nVu l'arr\u00eat\u00e9 pr\u00e9fectoral n\u00b02017-12-0134 du 29 d\u00e9cembre 2017 autorisant l'exploitation de la ligne du Train \u00e0 \nVapeur des C\u00e9vennes entre Anduze et Saint-Jean-du-Gard ;\nVu l'arr\u00eat\u00e9 pr\u00e9fectoral n\u00b0 2020-02-0024 du 28 f\u00e9vrier 2020 approuvant le nouveau R\u00e8glement de S\u00e9curit\u00e9 \net d'Exploitation du Train \u00e0 Vapeur des C\u00e9vennes entre Saint-Jean-du-Gard et Anduze ;\nVu le R\u00e8glement de S\u00e9curit\u00e9 de l'Exploitation dans sa version 9 de d\u00e9cembre 2025 remis par la CITEV le  \n11/12/2025\nVu  l'avis technique favorable du STRMTG du 4 f\u00e9vrier 2026 relatif \u00e0 la modification du r\u00e8glement de  \ns\u00e9curit\u00e9 et d'exploitation (RSE) de la ligne Anduze / St Jean du Gard ;\nSur proposition du directeur de cabinet du pr\u00e9fet du Gard.\nARRETE\nARTICLE 1 : \nLa version 9 du r\u00e8glement de s\u00e9curit\u00e9 et d'exploitation (RSE) de d\u00e9cembre 2025 est approuv\u00e9.\nARTICLE 2 :\nLe pr\u00e9sent arr\u00eat\u00e9 abroge et remplace le RSE approuv\u00e9 par l'arr\u00eat\u00e9 pr\u00e9fectoral n\u00b030-2024-05-29-0005-du  \n29 mai 2024.\nARTICLE 3 :\nLe pr\u00e9sent arr\u00eat\u00e9  peut faire l'objet d'un recours gracieux aupr\u00e8s du Pr\u00e9fet du Gard et/ou d'un recours  \ncontentieux aupr\u00e8s du tribunal administratif de N\u00eemes dans les deux mois suivant sa publication.  Le \ntribunal  administratif  peut  aussi  \u00eatre  saisi  par  l'application  informatique  \u00ab  T\u00e9l\u00e9recours  Citoyens \u00bb \naccessible par le site internet www.telerecours.fr.\n89, rue Weber \u2013 30907 NIMES CEDEX 2\nT\u00e9l : 04 66 62 62 00 - Fax : 04 66 23 28 79 - www.gard.gouv.fr\nDirection D\u00e9partementale des Tetrritoires et de la Mer du Gard - 30-2026-03-03-00001 - Arr\u00eat\u00e9 approuvant le r\u00e8glement de s\u00e9curit\u00e9 et\nd'exploitation du train \u00e0 vapeur des C\u00e9vennes entre Saint Jean du Gard et Anduze 19\nARTICLE 4 :\nLe sous-pr\u00e9fet de l'arrondissement d'Al\u00e8s, le directeur du service d\u00e9partemental d'incendie et de secours, \nle directeur d\u00e9partemental des territoires et de la mer, le commandant du groupement de gendarmerie  \nd\u00e9partementale et les Maires concern\u00e9s sont charg\u00e9s, chacun en ce qui le concerne, de l'ex\u00e9cution du  \npr\u00e9sent arr\u00eat\u00e9 qui sera publi\u00e9 au recueil des actes administratifs de la pr\u00e9fecture du Gard.\nN\u00eemes, le 3 mars 2026\nLe pr\u00e9fet\nPour le pr\u00e9fet,\nLe secr\u00e9taire g\u00e9n\u00e9ral\nSign\u00e9\nYann GERARD\n89, rue Weber \u2013 30907 NIMES CEDEX 2\nT\u00e9l : 04 66 62 62 00 - Fax : 04 66 23 28 79 - www.gard.gouv.fr\nDirection D\u00e9partementale des Tetrritoires et de la Mer du Gard - 30-2026-03-03-00001 - Arr\u00eat\u00e9 approuvant le r\u00e8glement de s\u00e9curit\u00e9 et\nd'exploitation du train \u00e0 vapeur des C\u00e9vennes entre Saint Jean du Gard et Anduze 20\nDirection interd\u00e9partementale des routes\nM\u00e9diterran\u00e9e\n30-2026-03-05-00008\n30 Arr\u00eat\u00e9 portant subd\u00e9l\u00e9gation de signature\naux agents de la direction interd\u00e9partementale\ndes routes m\u00e9diterran\u00e9e en mati\u00e8re de police de\ncirculation, conservation du domaine public et\npriv\u00e9 attach\u00e9 au r\u00e9seau national structurant (rns)\nDirection interd\u00e9partementale des routes M\u00e9diterran\u00e9e - 30-2026-03-05-00008 - 30 Arr\u00eat\u00e9 portant subd\u00e9l\u00e9gation de signature aux\nagents de la direction interd\u00e9partementale des routes m\u00e9diterran\u00e9e en mati\u00e8re de police de circulation, conservation du domaine\npublic et priv\u00e9 attach\u00e9 au r\u00e9seau national structurant (rns)\n21\nPREFETDU GARDLibert\u00e9Egalit\u00e9Fraternit\u00e9\nARR\u00caT\u00c9\nportant subd\u00e9l\u00e9gation de signature aux agents de la direction interd\u00e9partementale\ndes routes M\u00e9diterran\u00e9e en mati\u00e8re de police de circulation, conservation du\ndomaine public et priv\u00e9 attach\u00e9 au R\u00e9seau National Structurant (RNS)\nLe directeur interd\u00e9partemental des routes M\u00e9diterran\u00e9e\nVu le code g\u00e9n\u00e9ral des collectivit\u00e9s territoriales\u00a0;\nVu le code g\u00e9n\u00e9ral de la propri\u00e9t\u00e9 des personnes publiques\u00a0;\nVu le code de la route\u00a0;\nVu le code de la voirie routi\u00e8re\u00a0;\nVu le code de la d\u00e9fense R 1311-1 et suivants\u00a0;\nVu le code de l'Environnement\u00a0;\nVu  la  loi  n\u00b0  82-213  du  2  mars  1982  modifi\u00e9e  relative  aux  droits  et  libert\u00e9s  des\ncommunes, des d\u00e9partements et des r\u00e9gions\u00a0;\nVu la loi n\u00b0 2004-809 du 13 ao\u00fbt 2004 relative aux libert\u00e9s et responsabilit\u00e9s locales\u00a0;\nVu le d\u00e9cret n\u00b0 2004-374 du 29 avril 2004 modifi\u00e9, relatif aux pouvoirs des pr\u00e9fets, \u00e0\nl'organisation et \u00e0 l'action des services et organismes publics de l'\u00e9tat dans les r\u00e9gions\net d\u00e9partements\u00a0;\nVu le d\u00e9cret n\u00b0 2006-304 du 16 mars 2006 portant cr\u00e9ation des directions\ninterd\u00e9partementales des routes\u00a0;\nVu le d\u00e9cret du 13 juillet 2023 nommant M. J\u00e9r\u00f4me BONET, Pr\u00e9fet du Gard\u00a0;\nVu l'arr\u00eat\u00e9  interminist\u00e9riel  du  29  mai  2006  portant  constitution  des  directions\ninterd\u00e9partementales des routes, notamment son article 7 fixant le ressort territorial\net le si\u00e8ge de la direction interd\u00e9partementale des routes M\u00e9diterran\u00e9e\u00a0;\nDirection interd\u00e9partementale\ndes routes M\u00e9diterran\u00e9e\nDirection interd\u00e9partementale des routes M\u00e9diterran\u00e9e - 30-2026-03-05-00008 - 30 Arr\u00eat\u00e9 portant subd\u00e9l\u00e9gation de signature aux\nagents de la direction interd\u00e9partementale des routes m\u00e9diterran\u00e9e en mati\u00e8re de police de circulation, conservation du domaine\npublic et priv\u00e9 attach\u00e9 au r\u00e9seau national structurant (rns)\n22\nVu l'arr\u00eat\u00e9 inter-pr\u00e9fectoral du 9 f\u00e9vrier 2007 transf\u00e9rant la responsabilit\u00e9 du r\u00e9seau\nroutier national structurant (RNS) situ\u00e9 dans le d\u00e9partement du Gard \u00e0 la Direction\nInterd\u00e9partementale des Routes M\u00e9diterran\u00e9e\u00a0;\nVu  l'arr\u00eat\u00e9  du  21  juillet  2017  portant  organisation  de  la  direction\ninterd\u00e9partementale des routes M\u00e9diterran\u00e9e\u00a0;\nVu l'arr\u00eat\u00e9 minist\u00e9riel du 8 d\u00e9cembre 2020 publi\u00e9 au journal officiel du 22 d\u00e9cembre\n2020 portant nomination de Monsieur Denis BORDE  directeur interd\u00e9partemental\ndes routes M\u00e9diterran\u00e9e\u00a0;\nVu l'arr\u00eat\u00e9 pr\u00e9fectoral  n\u00b0  30-2023-08-21-00033 du 21 ao\u00fbt 2023  portant d\u00e9l\u00e9gation\nde  signature  \u00e0  Monsieur  Denis  BORDE  directeur  interd\u00e9partemental  des  routes\nM\u00e9diterran\u00e9e en mati\u00e8re de police de circulation, conservation du domaine public et\npriv\u00e9 attach\u00e9 au R\u00e9seau National Structurant (RNS)\u00a0;\nVu l'arr\u00eat\u00e9 pr\u00e9fectoral n\u00b0 30-2025-08-08-00002 du 8 ao\u00fbt 2025 portant subd\u00e9l\u00e9gation\nde signature aux agents de la direction interd\u00e9partementale des routes M\u00e9diterran\u00e9e\nen mati\u00e8re de police de circulation, conservation du domaine public et priv\u00e9 attach\u00e9\nau R\u00e9seau National Structurant (RNS).\nARR\u00caTE\nARTICLE 1\nDans le cadre des dispositions de l'article 1er de l'arr\u00eat\u00e9 n\u00b0 30-2023-08-21-00033 du\n21 ao\u00fbt 2023  portant d\u00e9l\u00e9gation de signature \u00e0 Monsieur Denis BORDE , en mati\u00e8re\nde police de circulation, conservation du domaine public et priv\u00e9 attach\u00e9 au R\u00e9seau\nNational Structurant (RNS), en cas d'absence ou d'emp\u00eachement de ce dernier, les\nd\u00e9l\u00e9gations de signature qui lui sont conf\u00e9r\u00e9es seront exerc\u00e9es par Monsieur Arnold\nBALLIERE,  directeur  adjoint  en  charge  de  l'ing\u00e9nierie  et  par  Monsieur  Cyrille\nCORDIER, directeur adjoint en charge de l'exploitation.\nARTICLE 2\nD\u00e9l\u00e9gation  de  signature  est  donn\u00e9e,  \u00e0  l'effet  de  signer  dans  le  cadre  de  leurs\nattributions respectives, les d\u00e9cisions vis\u00e9es \u00e0 l'article 1er de l'arr\u00eat\u00e9  n\u00b0 30-2023-08-\n21-00033 du 21 ao\u00fbt 2023  portant d\u00e9l\u00e9gation de signature \u00e0 Monsieur Denis BORDE ,\nen mati\u00e8re de police de circulation, conservation du domaine public et priv\u00e9 attach\u00e9\nau  R\u00e9seau  National  Structurant  (RNS)  aux  agents  de  la  DIRMED  d\u00e9sign\u00e9s  dans\nl'annexe 1 selon les conditions de cette m\u00eame annexe.\nARTICLE 3\nLa  signature  et  la  qualit\u00e9  du  chef  de  service  d\u00e9l\u00e9gataire  et  des  fonctionnaires\nd\u00e9l\u00e9gataires devront \u00eatre pr\u00e9c\u00e9d\u00e9es de la mention suivante \u00a0: \u00ab \u00a0Pour le pr\u00e9fet du\nGard et par d\u00e9l\u00e9gation\u00a0\u00bb.\nDirection interd\u00e9partementale des routes M\u00e9diterran\u00e9e - 30-2026-03-05-00008 - 30 Arr\u00eat\u00e9 portant subd\u00e9l\u00e9gation de signature aux\nagents de la direction interd\u00e9partementale des routes m\u00e9diterran\u00e9e en mati\u00e8re de police de circulation, conservation du domaine\npublic et priv\u00e9 attach\u00e9 au r\u00e9seau national structurant (rns)\n23\nARTICLE 4\nL'arr\u00eat\u00e9 pr\u00e9fectoral  n\u00b0  30-2025-08-08-00002 du 8 ao\u00fbt 2025  portant subd\u00e9l\u00e9gation\nde signature aux agents de la direction interd\u00e9partementale des routes M\u00e9diterran\u00e9e\nen mati\u00e8re de police de circulation, conservation du domaine public et priv\u00e9 attach\u00e9\nau R\u00e9seau National Structurant est abrog\u00e9.\nARTICLE 5\nLe directeur interd\u00e9partemental des routes M\u00e9diterran\u00e9e est charg\u00e9 de l'ex\u00e9cution\ndu  pr\u00e9sent  arr\u00eat\u00e9  qui  sera  notifi\u00e9  aux  int\u00e9ress\u00e9s  et  publi\u00e9  au  recueil  des  actes\nadministratifs de la pr\u00e9fecture du Gard.\nFait \u00e0 Marseille, le 05 mars 2026\nPour le Pr\u00e9fet du Gard et par d\u00e9l\u00e9gation,\nLe directeur interd\u00e9partemental des routes \nM\u00e9diterran\u00e9e\nSign\u00e9\nDenis BORDE\nDirection interd\u00e9partementale des routes M\u00e9diterran\u00e9e - 30-2026-03-05-00008 - 30 Arr\u00eat\u00e9 portant subd\u00e9l\u00e9gation de signature aux\nagents de la direction interd\u00e9partementale des routes m\u00e9diterran\u00e9e en mati\u00e8re de police de circulation, conservation du domaine\npublic et priv\u00e9 attach\u00e9 au r\u00e9seau national structurant (rns)\n24\nR\u00e9f\u00e9rence : arr\u00eat\u00e9 pr\u00e9fectoral n\u00b0 30-2023-08-21-00033 du 21 ao\u00fbt 2023 portant d\u00e9l\u00e9gation de signature \u00e0 Monsieur Denis BORDE\n directeur interd\u00e9partemental des routes M\u00e9diterran\u00e9e en mati\u00e8re de police de circulation, conservation du domaine public et priv\u00e9\n attach\u00e9 au R\u00e9seau National Structurant (RNS) \nD\u00e9partement du Gard\nSERVICE NOM PRENOM FONCTION A1 A2 A3 A4 A5 B1 C1 C2 C3 C4 D1 E1\nSPEP Alix DREZET \u25aa \u25aa \u25aa \u25aa \u25aa \u25aa \u25aa \u25aa \u25aa \u25aa \u25aa \u25aa\nSPEP Adjointe au chef du SPEP \u25aa \u25aa \u25aa \u25aa \u25aa \u25aa \u25aa \u25aa \u25aa \u25aa \u25aa \u25aa\nSPEP Adjoint au chef du SPEP \u25aa \u25aa \u25aa \u25aa \u25aa \u25aa \u25aa \u25aa \u25aa \u25aa \u25aa \u25aa\nSPEP Fr\u00e9d\u00e9ric PASCAL \u25aa \u25aa \u25aa \u25aa\nDRC R\u00e9gis VALDEYRON Chef du district DRC \u25aa \u25aa \u25aa \u25aa \u25aa \u25aa \u25aa \u25aa \u25aa \u25aa \u25aa\nDRC Adjoint du chef du DRC \u25aa \u25aa \u25aa \u25aa \u25aa \u25aa \u25aa \u25aa \u25aa \u25aa \u25aa\nLe Directeur Interd\u00e9partemental des Routes M\u00e9diterran\u00e9e\nSign\u00e9\n              Denis BORDE\nAnnexe 1 \u00e0 l'arr\u00eat\u00e9 de subd\u00e9l\u00e9gation de signature DIRMed relatif au pouvoir de police et \u00e0 la conservation du domaine public et priv\u00e9 attach\u00e9 au RNS du\n05 mars 2026.                 \nChef du SPEP (service politiques de \nl'exploitant et programmation routi\u00e8re)\nCatherine BARRAT1\nDavid MANSUELLE1\nChef du p\u00f4le conservation \npatrimoine du SPEP\nYannick MAZAURIN2\n1: en cas d'absence ou d'emp\u00eachement justifi\u00e9 du chef du SPEP\n2: en cas d'absence ou d'emp\u00eachement justifi\u00e9 du chef de district\nDirection interd\u00e9partementale des routes M\u00e9diterran\u00e9e - 30-2026-03-05-00008 - 30 Arr\u00eat\u00e9 portant subd\u00e9l\u00e9gation de signature aux\nagents de la direction interd\u00e9partementale des routes m\u00e9diterran\u00e9e en mati\u00e8re de police de circulation, conservation du domaine\npublic et priv\u00e9 attach\u00e9 au r\u00e9seau national structurant (rns)\n25\nPrefecture du Gard\n30-2026-03-04-00007\nAP modifiant l'AP du 26 f\u00e9vrier 2026 portant\nconstitution de la commission de propagande du\nVigan\nPrefecture du Gard - 30-2026-03-04-00007 - AP modifiant l'AP du 26 f\u00e9vrier 2026 portant constitution de la commission de\npropagande du Vigan 26\nE 3 Pr\u00e9fecture - Direction de la coordination,PREFET de la l\u00e9galit\u00e9 et des collectivit\u00e9s localesDU GARD Service des \u00e9lections, des r\u00e9glementationsLibert\u00e9 et de l'utilit\u00e9 publiqueEgalit\u00e9..., Bureau des \u00e9lections et des r\u00e9glementationsFraternit\u00e9\nArr\u00eat\u00e9 n\u00b0 30-2026-03-04-0000modifiant l'arr\u00eat\u00e9 n\u00b0 30-2026-02-26-00002 du 26 f\u00e9vrier 2026modifi\u00e9 portant constitution des commissions de propagandepour les \u00e9lections municipales des 15 et 22 mars 2026dans les communes du Gard de 2500 habitants et plusLe pr\u00e9fet du Gard,chevalier de la L\u00e9gion d'honneur,officier de l'ordre national du M\u00e9rite,Vu le code \u00e9lectoral, notamment ses articles L. 241, L. 242, R. 31 et suivants;Vu le d\u00e9cret n\u00b0 2025-848 du 27 ao\u00fbt 2025 fixant la date du renouvellement desconseillers municipaux et communautaires, des conseillers m\u00e9tropolitains de Lyon, desconseillers de Paris et des conseillers d'arrondissement de Paris, Lyon et Marseille etportant convocation des \u00e9lecteurs ;Vu l'arr\u00eat\u00e9 n\u00b0 30-2026-02-26-00002 du 26 f\u00e9vrier 2026 modifi\u00e9 portant constitution descommissions de propagande pour les \u00e9lections municipales des 15 et 22 mars 2026 dans lescommunes du Gard de 2500 habitants et plus ;CONSIDERANT la modification signal\u00e9e par le directeur r\u00e9gional de la Poste en date du 4 mars2026;SUR PROPOSITION du secr\u00e9taire g\u00e9n\u00e9ral de la pr\u00e9fecture;ARRETE :Article ter : la composition de la commission de propagande de la commune du VIGAN estmodifi\u00e9e comme indiqu\u00e9 ci-dessous, et se substitue a celle figurant sur la liste annex\u00e9e \u00e0 l'arr\u00eat\u00e9n\u00b0 30-2026-02-26-00002 du 26 f\u00e9vrier 2026 portant constitution des commissions depropagande pour les \u00e9lections municipales des 15 et 22 mars 2026 dans les communes du Gardde 2500 habitants.LE VIGANSi\u00e8ge : MairiePr\u00e9sident M. Simon LANESFonctionnaire d\u00e9sign\u00e9 par le Pr\u00e9fet M. Jo\u00ebl BOUIS, DGSRepr\u00e9sentant de La Poste M. Aziz ABBERADSecr\u00e9taire M. Ewald LACROIX, charg\u00e9 des \u00e9lections\nPr\u00e9fecture du Gard10 avenue Feuch\u00e9res - 30 045 NIMES CEDEX 9T\u00e9l. 04 66 36 43 90www.gard.gouv.fr\nPrefecture du Gard - 30-2026-03-04-00007 - AP modifiant l'AP du 26 f\u00e9vrier 2026 portant constitution de la commission de\npropagande du Vigan 27\nLe reste sans changement.Article 2 : - le secr\u00e9taire g\u00e9n\u00e9ral de la pr\u00e9fecture du Gard,- la sous-pr\u00e9f\u00e9te du Vigan,- le pr\u00e9sident et les membres de la commission de propagande du VIGAN,- la maire de la commune du VIGAN,sont charg\u00e9s, chacun en ce qui le concerne, de l'ex\u00e9cution du pr\u00e9sent arr\u00eat\u00e9 qui serapubli\u00e9 au recueil des actes administratifs de la pr\u00e9fecture, ins\u00e9r\u00e9 sur le site internet del'\u00c9tat dans le Gard (www.gard.gouv.fr) et communiqu\u00e9 \u00e0 Monsieur le Premier pr\u00e9sident dela Cour d'appel de Nimes, a Monsieur le directeur r\u00e9gional de la Poste et a Madame lamaire du VIGAN. A Nimes, le 4 mars 2026Le pr\u00e9fet,pour le pr\u00e9fet et par d\u00e9l\u00e9gation,le secr\u00e9taire g\u00e9n\u00e9ral,TT Pirle pr\u00e9fet,le secr\u00e9taireg\u00e9n\u00e9ral\na_ Yann GERARD\nPr\u00e9fecture du Gard10 avenue Feuch\u00e9res \u2014 30 045 NIMES CEDEX 9T\u00e9l. 04 66 36 43 90www.gard.gouv.fr\nPrefecture du Gard - 30-2026-03-04-00007 - AP modifiant l'AP du 26 f\u00e9vrier 2026 portant constitution de la commission de\npropagande du Vigan 28\nPrefecture du Gard\n30-2026-03-06-00006\nArr\u00eat\u00e9 modificatif listes candidats enregistr\u00e9es\nmunicipales 2026 Tour 1\nPrefecture du Gard - 30-2026-03-06-00006 - Arr\u00eat\u00e9 modificatif listes candidats enregistr\u00e9es municipales 2026 Tour 1 29\n| Pr\u00e9fecture - Direction de la coordination,PREFET de la l\u00e9galit\u00e9 et des collectivit\u00e9s localesDU GARD Service des \u00e9lections, des r\u00e9glementationsLibert\u00e9 et de l'utilit\u00e9 publiqueEgalit\u00e9Fraternit\u00e9\nArr\u00eat\u00e9 n\u00b0 30-2026- en date du - B MARS 2026:modifiant l'arr\u00e9t\u00e9 n\u00b030-2026-02-27-00006 du 27 f\u00e9vrier 2026portant \u00e9tat d\u00e9finitif des listes des candidats enregistr\u00e9es \u00e0 la pr\u00e9fecture du Gard,\u00e0 la sous-pr\u00e9fecture d'Al\u00e8s et \u00e0 la sous-pr\u00e9fecture du Viganpour le premier tour des \u00e9lections municipales et communautairesdu 15 mars 2026 dans les communes du GardLe pr\u00e9fet du Gard,chevalier de la L\u00e9gion d'honneur,officier de l'ordre national du M\u00e9rite,Vu le code \u00e9lectoral, notamment ses articles L. 267, L. 273-1 et suivants, R. 28 et R 1272 et suivants ;Vu le d\u00e9cret n\u00b0 2025-848 du 27 ao\u00fbt 2025 fixant la date du renouvellement desconseillers municipaux et communautaires, des conseillers m\u00e9tropolitains de Lyon,des conseillers de Paris et des conseillers d'arrondissement de Paris, Lyon et Marseilleet portant convocation des \u00e9lecteurs ;Vu l'arr\u00eat\u00e9 n\u00b030-2026-02-27-00006 du 27 f\u00e9vrier 2026 portant \u00e9tat d\u00e9finitif des listesdes candidats enregistr\u00e9es \u00e0 la pr\u00e9fecture du Gard, \u00e0 la sous-pr\u00e9fecture d'Al\u00e8s et \u00e0 lasous-pr\u00e9fecture du Vigan pour le premier tour des \u00e9lections municipales etcommunautaires du 15 mars 2026 dans les communes du Gard ; |Consid\u00e9rant que l'\u00e9tat d\u00e9finitif des listes annex\u00e9 \u00e0 l'arr\u00eat\u00e9 n\u00b030-2026-02-27-00006 du27 f\u00e9vrier 2026 comporte quelques erreurs mat\u00e9rielles; qu'il convient de prendre unarr\u00eat\u00e9 modificatif, afin de corriger les listes de candidats concern\u00e9es.SUR PROPOSITION du Secr\u00e9taire G\u00e9n\u00e9ral de la Pr\u00e9fecture;Arr\u00eate :\nArticle 1 : L'\u00e9tat d\u00e9finitif des listes de candidats enregistr\u00e9es en pr\u00e9fecture du Gard, \u00e0la sous-pr\u00e9fecture d'Al\u00e8s et \u00e0 la sous-pr\u00e9fecture du Vigan pour le premier tour des\u00e9lections municipales et communautaires du 15 mars 2026 dans les communes duGard figurant en annexe de l'arr\u00eat\u00e9 n\u00b030-2026-02-27-00006 du 27 f\u00e9vrier 2026 faitl'objet pour certaines listes des modifications figurant dans l'annexe du pr\u00e9sentarr\u00eat\u00e9.\nPr\u00e9fecture du Gard10 avenue Feuch\u00e8res - 30 045 NIMES CEDEX 9T\u00e9l. 04 66 36 43 90www.gard.gouv.fr\nPrefecture du Gard - 30-2026-03-06-00006 - Arr\u00eat\u00e9 modificatif listes candidats enregistr\u00e9es municipales 2026 Tour 1 30\nArticle 2: Le reste est sans changement.\nArticle 3: - le secr\u00e9taire g\u00e9n\u00e9ral de la pr\u00e9fecture du Gard,- les sous-pr\u00e9fets d'Al\u00e9s et du Vigan,sont charg\u00e9s, chacun en ce qui le concerne, de l'ex\u00e9cution du pr\u00e9sent arr\u00eat\u00e9 qui serapubli\u00e9 au recueil des actes administratifs de la pr\u00e9fecture, ins\u00e9r\u00e9 sur le site internet del'\u00c9tat dans le Gard (www.gard.gouv.fr) et communiqu\u00e9 \u00e0 Mesdames et Messieurs lesmaires des communes du Gard.\nA N\u00eemes, le - 6 MARS 2026Le pr\u00e9fet,pour le pr\u00e9fet et par d\u00e9l\u00e9gation,le secr\u00e9taire g\u00e9n\u00e9ral,Pour le pr\u00e9fet,le secr\u00e9taire g\u00e9n\u00e9ralYann GERARD\nPr\u00e9fecture du Gard10 avenue Feuch\u00e9res \u2014 30 045 NIMES CEDEX 9T\u00e9l. 04 66 36 43 90www.gard.gouv.fr\nPrefecture du Gard - 30-2026-03-06-00006 - Arr\u00eat\u00e9 modificatif listes candidats enregistr\u00e9es municipales 2026 Tour 1 31\nPrefecture du Gard\n30-2026-03-02-00009\narr\u00eat\u00e9 pr\u00e9fectoral du 2 mars 2026 d\u00e9cernant la\nm\u00e9daille de bronze pour acte de courage et\nd\u00e9vouement \u00e0 Madame Aur\u00e9lia GOMBAULT,\nGardien de la Paix, \u00e0 la Direction\nInterd\u00e9partementale de la Police Nationale du\nGard\nPrefecture du Gard - 30-2026-03-02-00009 - arr\u00eat\u00e9 pr\u00e9fectoral du 2 mars 2026 d\u00e9cernant la m\u00e9daille de bronze pour acte de courage\net d\u00e9vouement \u00e0 Madame Aur\u00e9lia GOMBAULT, Gardien de la Paix, \u00e0 la Direction Interd\u00e9partementale de la Police Nationale du Gard 32\nPREFET | .DU GARD Cabinet du pr\u00e9fetrasta Bureau de la repr\u00e9sentation de l'\u00c9tatSgalit\u00e9Fraternit\u00e9\nArr\u00eat\u00e9 N\u00b030-2026-02-02-00portant attribution d'une m\u00e9daillepour acte de courage et de d\u00e9vouementLe pr\u00e9fetChevalier de la L\u00e9gion d'honneur,Officier dans l'Ordre national du M\u00e9rite,\nVu le d\u00e9cret du 16 novembre 1901 modifi\u00e9 par le d\u00e9cret du 9 d\u00e9cembre 1924 ;Vu le d\u00e9cret n\u00b070 221 du 17 mars 1970 portant d\u00e9concentration en mati\u00e8re d'attribution de lam\u00e9daille pour acte de courage et de d\u00e9vouement;Vu les faits survenus le 30 octobre 2025, selon lesquels la Brigadi\u00e8re-cheffe Aur\u00e9lia GOMBAULT aparticip\u00e9 \u00e0 une op\u00e9ration dans le quartier de Pissevin, permettant l'\u00e9vacuation et le sauvetage de10 habitants, dont 5 enfants d'un immeuble de 7 \u00e9tages en proie \u00e0 un incendie.Consid\u00e9rant le courage et l'exemplarit\u00e9 dont Madame Aur\u00e9lia GOMBAULTa fait preuve ;Sur proposition de Madame la sous-pr\u00e9f\u00e8te, directrice de cabinet du pr\u00e9fet du Gard ;ARR\u00caTEArticle 1 : Une m\u00e9daille de bronze pour acte de courage et de d\u00e9vouement est d\u00e9cern\u00e9e a:- MME. Aur\u00e9lia GOMBAULTArticle 2: Madame la sous-pr\u00e9f\u00e8te, directrice de cabinet, est charg\u00e9e de l'ex\u00e9cution du pr\u00e9sentarr\u00eat\u00e9 qui sera publi\u00e9 au recueil des actes administratifs de la pr\u00e9fecture du Gard.N\u00eemes, lg WARS 7026\npr\u00e9fet,\nJ\u00e9r\u00f4me BONET\n=\nPrefecture du Gard - 30-2026-03-02-00009 - arr\u00eat\u00e9 pr\u00e9fectoral du 2 mars 2026 d\u00e9cernant la m\u00e9daille de bronze pour acte de courage\net d\u00e9vouement \u00e0 Madame Aur\u00e9lia GOMBAULT, Gardien de la Paix, \u00e0 la Direction Interd\u00e9partementale de la Police Nationale du Gard 33\nPrefecture du Gard\n30-2026-03-02-00008\narr\u00eat\u00e9 pr\u00e9fectoral du 2 mars 2026 d\u00e9cernant la\nm\u00e9daille de bronze pour acte de courage et\nd\u00e9vouement \u00e0 Madame Marine BRINIG, Gardien\nde la Paix, \u00e0 la Direction Interd\u00e9parteemntale de\nla Police Nationale du Gard\nPrefecture du Gard - 30-2026-03-02-00008 - arr\u00eat\u00e9 pr\u00e9fectoral du 2 mars 2026 d\u00e9cernant la m\u00e9daille de bronze pour acte de courage\net d\u00e9vouement \u00e0 Madame Marine BRINIG, Gardien de la Paix, \u00e0 la Direction Interd\u00e9parteemntale de la Police Nationale du Gard 34\n|PREFET | |DU GARD Cabinet du pr\u00e9fetLiber Bureau de la repr\u00e9sentation de l'\u00c9tat\u00c9galit\u00e9Fraternit\u00e9\nArr\u00eat\u00e9 N\u00b030-2026-03-02-00portant attribution d'une m\u00e9daillepour acte de courage et de d\u00e9vouementLe pr\u00e9fetChevalier de la L\u00e9gion d'honneur,Officier dans l'Ordre national du M\u00e9rite,\nVu le d\u00e9cret du 16 novembre 1901 modifi\u00e9 par le d\u00e9cret du 9 d\u00e9cembre 1924 ;Vu le d\u00e9cret n\u00b070 221 du 17 mars 1970 portant d\u00e9concentration en mati\u00e8re d'attribution de lam\u00e9daille pour acte de courage et de d\u00e9vouement;Vu les faits survenus le 30 octobre 2025, selon lesquels la Gardienne de la Paix Marine BRINIG aparticip\u00e9 \u00e0 une op\u00e9ration dans le quartier de Pissevin, permettant l'\u00e9vacuation et le sauvetage de10 habitants, dont 5 enfants d'un immeuble de 7 \u00e9tages en proie \u00e0 un incendie.Consid\u00e9rant le courage et |'exemplarit\u00e9 dont Madame Marine BRINIG a fait preuve ;Sur proposition de Madame la sous-pr\u00e9f\u00e8te, directrice de cabinet du pr\u00e9fet du Gard;ARR\u00caTEArticle 1: Une m\u00e9daille de bronze pour acte de courage et de d\u00e9vouement est d\u00e9cern\u00e9e a:- MME. Marine BRINIGArticle 2: Madame la sous-pr\u00e9f\u00e8te, directrice de cabinet, est charg\u00e9e de l'ex\u00e9cution du pr\u00e9sentarr\u00eat\u00e9 qui sera publi\u00e9 au recueil des actes administratifs de la pr\u00e9fecture du Gard.N\u00eemes, le 19 MARS 2026\nLe pr\u00e9fet, Ps\nsr\u00f4me BONET\nPie\nPrefecture du Gard - 30-2026-03-02-00008 - arr\u00eat\u00e9 pr\u00e9fectoral du 2 mars 2026 d\u00e9cernant la m\u00e9daille de bronze pour acte de courage\net d\u00e9vouement \u00e0 Madame Marine BRINIG, Gardien de la Paix, \u00e0 la Direction Interd\u00e9parteemntale de la Police Nationale du Gard 35\nPrefecture du Gard\n30-2026-03-06-00005\narr\u00eat\u00e9 pr\u00e9fectoral du 6 mars 2026 portant\nattribution du titre de maire adjoint de la\ncommune de Saint-Privat-des-Vieux\nPrefecture du Gard - 30-2026-03-06-00005 - arr\u00eat\u00e9 pr\u00e9fectoral du 6 mars 2026 portant attribution du titre de maire adjoint de la\ncommune de Saint-Privat-des-Vieux 36\nPREFET , ZDU GARD Cabinet du pr\u00e9fetpete Bureau de la repr\u00e9sentation de l'\u00c9tatEgalit\u00e9Fraternit\u00e9\nN\u00eemes, le 0:5 MARS 2026ARRETE N\u00b030-2026-03-0\u00a3- 00LE PREFET DU GARDChevalier de la L\u00e9gion d'honneur,Officier de l'Ordre national du M\u00e9riteVu l'article L.2122-35 du code g\u00e9n\u00e9ral des collectivit\u00e9s territoriales fixant les conditionsd'octroi de l'honorariat aux anciens maires et maires-adjoints,Vu le d\u00e9cret du 13 juillet 2023 nommant M. J\u00e9r\u00f4me BONET pr\u00e9fet du Gard,Vu l'arr\u00eat\u00e9 pr\u00e9fectoral du 18 octobre 2024 n\u00b030-2024-10-18-00005 donnant d\u00e9l\u00e9gation designature \u00e0 M. Yann GERARD, secr\u00e9taire g\u00e9n\u00e9ral de la pr\u00e9fecture du Gard, sous-pr\u00e9fet deN\u00eemes, )\nVu l'arr\u00eat\u00e9 pr\u00e9fectoral n\u00b030-2024-10-18-00009 du 18 octobre 2024 donnant d\u00e9l\u00e9gation designature \u00e0 Madame Charlotte EUVRARD, sous-pr\u00e9f\u00e8te, directrice de cabinet du pr\u00e9fet duGard,Vu la demande pr\u00e9sent\u00e9e par Monsieur Jean-Luc EVESQUE, en date du 12 f\u00e9vrier 2026 et envertu des fonctions qu'il a exerc\u00e9es comme adjoint au maire aux finances au sein de lacommune de Saint-Privat-des-Vieux entre mars 1989 et mars 2026.Sur proposition de la directrice de cabinet du pr\u00e9fet du Gard, sous-pr\u00e9f\u00e8te.ARRETEArticle fer : L'honorariat des fonctions de maire adjoint est conf\u00e9r\u00e9 \u00e0 Monsieur Jean-LucEVESQUE.Article 2 : Le secr\u00e9taire g\u00e9n\u00e9ral de la pr\u00e9fecture du Gard et la directrice de cabinet du pr\u00e9fet,sont charg\u00e9s, chacun en ce qui le concerne, de l'ex\u00e9cution du pr\u00e9sent arr\u00eat\u00e9 qui sera publi\u00e9au recueil des actes administratifs de la pr\u00e9fecture et notifi\u00e9 \u00e0 l'int\u00e9ress\u00e9.Le pr\u00e9fet,Le Pr\u00e9fat diG\nH\u00f4tel de la Pr\u00e9fecture \u2014 10 avenue Feuch\u00e8r 0045 NIMES CEDEX 9T\u00e9l : 04-66-36-43-90 - Fax : 04-66-36-0087 - www.gard.gouv.fr\nPrefecture du Gard - 30-2026-03-06-00005 - arr\u00eat\u00e9 pr\u00e9fectoral du 6 mars 2026 portant attribution du titre de maire adjoint de la\ncommune de Saint-Privat-des-Vieux 37\nPrefecture du Gard\n30-2026-03-02-00004\narr\u00eate PORTANT HABILITATION D'UN\nMEDIATEUR DE L'ASSOCIATION FORUM\nREFUGIES AU CRA DE NIMES\nPrefecture du Gard - 30-2026-03-02-00004 - arr\u00eate PORTANT HABILITATION D'UN MEDIATEUR DE L'ASSOCIATION FORUM REFUGIES\nAU CRA DE NIMES 38\nPREFET ;DU GARD Direction des Etrangers et de la Citoyennet\u00e9Hale Bureau des Etrangers en Situation Irr\u00e9guli\u00e9reFraternit\u00e9\nArr\u00e9t\u00e9 n\u00b0 30-2026portant habilitation d'un m\u00e9diateurde l'association pour l'accueil des r\u00e9fugi\u00e9s FORUM REFUGIESau centre de r\u00e9tention administrative de N\u00eemes (GARD)Le Pr\u00e9fet du GardChevalier de la L\u00e9gion d'Honneur,Officier de l'Ordre National du M\u00e9rite,VU le code de l'entr\u00e9e et du s\u00e9jour des \u00e9trangers et du droit d'asile, et notamment l'articleR 744-20 et R 744-21 ;VU le r\u00e8glement int\u00e9rieur du centre de r\u00e9tention administrative de Nimes;VU la demande d'habilitation formul\u00e9e le 26 f\u00e9vrier 2026 par le directeur adjoint del'association pour l'accueil des r\u00e9fugi\u00e9s FORUM REFUGIES;SUR proposition du Secr\u00e9taire G\u00e9n\u00e9ral de la Pr\u00e9fecture du Gard ;\nARRETEARTICLE 1: est habilit\u00e9 \u00e0 intervenir au centre de r\u00e9tention administrative de N\u00eemes enqualit\u00e9 de m\u00e9diateur de l'association pour l'accueil des r\u00e9fugi\u00e9s FORUM REFUGIES :Monsieur SALOMON Rayan, n\u00e9 le 31/12/2001 \u00e0 CayenneARTICLE 2 : la personne est tenue de se conformer au r\u00e8glement int\u00e9rieur du centre der\u00e9tention administrative de N\u00eemes.ARTICLE 3 : la pr\u00e9sente habilitation est valable du 09 mars 2026 au 31 d\u00e9cembre 2026. Lesservices de la pr\u00e9fecture seront avertis dans les meilleurs d\u00e9lais en cas de radiation d'unm\u00e9diateur habilit\u00e9 des effectifs de l'association. Tout renouvellement sera sollicit\u00e9 un moisavant l'\u00e9ch\u00e9ance de I'habilitation en cours.ARTICLE 4: le Secr\u00e9taire G\u00e9n\u00e9ral de la pr\u00e9fecture du Gard, le DirecteurInterd\u00e9partemental Adjoint, Chef des services de Police aux Fronti\u00e8res du Gard, ledirecteur de l'association FORUM REFUGIES, sont charg\u00e9s, chacun en ce qui le concerne,de l'ex\u00e9cution du pr\u00e9sent arr\u00eat\u00e9.\nN\u00eemes, le 02/03/2026Le Pr\u00e9fetPour le pr\u00e9fet,le sous-pr\u00e9fet,Secr\u00e9taire g\u00e9n\u00e9ral adjointC\\\nfathias NIBPSHotel de la Pr\u00e9fecture10 avenue Feuch\u00e9res \u2014 30045 NIMES CEDEX 9T\u00e9l : 04 66 36 40 40 Fax : 04 66 36 00 87 - www.gard.gouv.fr\nPrefecture du Gard - 30-2026-03-02-00004 - arr\u00eate PORTANT HABILITATION D'UN MEDIATEUR DE L'ASSOCIATION FORUM REFUGIES\nAU CRA DE NIMES 39\nSous Pr\u00e9fecture d'Al\u00e8s\n30-2026-03-27-00001\nA-CREATION-HAB-25-02-53-DU-27-02-26-PF-CAM\nARGUAISES-LAENNEC\nSous Pr\u00e9fecture d'Al\u00e8s - 30-2026-03-27-00001 - A-CREATION-HAB-25-02-53-DU-27-02-26-PF-CAMARGUAISES-LAENNEC 40\nPREFET Sous-pr\u00e9fecture d'AlesDU GARD Bureau de la R\u00e9glementation Fun\u00e9raire et des AssociationsLibert\u00e9 Service d\u00e9partemental du fun\u00e9raireEgalit\u00e9Fraternit\u00e9\nArr\u00eat\u00e9 n\u00b0 26-02-53portant cr\u00e9ation d'habilitation dans le domaine fun\u00e9raireLe pr\u00e9fet du Gard,Chevalier de la l\u00e9gion d'honneur,Officier de l'ordre national du M\u00e9rite,Vu le code g\u00e9n\u00e9ral des collectivit\u00e9s territoriales, notamment les articles L. 2223-19 et suivants;Vu l'arr\u00eat\u00e9 pr\u00e9fectoral n\u00b0 30-2026-02-11-00002 du 11 f\u00e9vrier 2026 donnant d\u00e9l\u00e9gation designature \u00e0 Monsieur Emile SOUMBO, sous-pr\u00e9fet de l'arrondissement d'Al\u00e8s ;Vu la demande de cr\u00e9ation d'habilitation d\u00e9pos\u00e9e le 21 janvier 2026 par M. Xavier Ximenesdirecteur de secteur op\u00e9rationel de la SAS OGF-SERVICES FUNERAIRES dont le si\u00e8ge social sesitue Immeuble CANOPY - 6 rue du Mar\u00e9chal Audran \u00e0 Courbevoie (94200) pour son\u00e9tablissement secondaire \u00e0 l'enseigne \u00ab POMPES FUNEBRES ET MARBRERIE CAMARGUAISES \u00bbsitu\u00e9 179 rue La\u00e9nnec a Nimes (30900) SIRET n\u00b0828 160 06903629 ;Vu l'extrait Kbis de la soci\u00e9t\u00e9, \u00e0 jour en date du 10 novembre 2025 ;Consid\u00e9rant que, tout changement de SIRET emporte la fermeture d'un \u00e9tablissement et lacr\u00e9ation d'un nouvel \u00e9tablissement avec une nouvelle habilitation ;Consid\u00e9rant que les conditions requises par la r\u00e9glementation pour obtenir une premi\u00e8rehabilitation de 5 ans sont remplies ;Consid\u00e9rant que la demande d'habilitation et le dossier sont constitu\u00e9s conform\u00e9ment a lar\u00e9glementation en vigueur ;sur proposition du sous-pr\u00e9fet d'Al\u00e8s ; ARR\u00caTEArticle ler: L'\u00e9tablissement secondaire \u00e0 l'enseigne \u00ab POMPES FUNEBRES ET MARBRERIECAMARGUAISES \u00bb situ\u00e9 179 rue La\u00ebnnec \u00e0 Nimes (30900) SIRETn\u00b0828 160 06903629 dirig\u00e9 par M.Xavier Ximenes directeur de secteurop\u00e9rationel , est habilit\u00e9 pour exercer sur l'ensemble du territoire national, lesactivit\u00e9s fun\u00e9raires suivantes :- transport de corps avant et apr\u00e8s mise en bi\u00e8re,- organisation des obs\u00e8ques,- soins de conservation (activit\u00e9 sous-trait\u00e9e),- fourniture des housses, des cercueils et de leurs accessoires int\u00e9rieurs etext\u00e9rieurs ainsi que des urnes cin\u00e9raires,- gestion et utilisation d'une chambre fun\u00e9raire,- fourniture de corbillards et de voitures de deuils,- fourniture de personnel, objets et prestations n\u00e9cessaires aux obs\u00e8ques,inhumations, exhumations et cr\u00e9mations.\nSOUS PREFECTURE D'AL\u00c8S - 3, boulevard Louis Blanc - 30100 ALES - TELEPHONE : 04.66.56.39.39 - www.gard.gouv.fr\nSous Pr\u00e9fecture d'Al\u00e8s - 30-2026-03-27-00001 - A-CREATION-HAB-25-02-53-DU-27-02-26-PF-CAMARGUAISES-LAENNEC 41\nArticle 2:\nArticle 3:\nArticle 4:Article 5:Article 6:\nArticle 7:\nL'op\u00e9rateur fun\u00e9raire d\u00e9clare, dans le cadre d'un contrat de sous-traitance,confier les prestations fun\u00e9raires suivantes :- soins de conservation\u00e0 l'entreprise habilit\u00e9e \u00ab HYGECO POST MORTEM ASSISTANCE\u00bb dont le si\u00e8geest situ\u00e9 \u00e0 GARGES-LES-GONESSE (95140).Les prestations de transport de corps apr\u00e8s mise en bi\u00e8re se font au moyendes v\u00e9hicules immatricul\u00e9s :FB-584-ZM ; FB-616-ZQ; FT-736-FXLes prestations de transport de corps avant et apr\u00e8s mise en bi\u00e8re se font aumoyen des v\u00e9hicules immatricul\u00e9s :HD-051-SJ ; HF-412-XC ; GV-644-RFLe num\u00e9ro d'habilitation est : 26-30-0289.La date de validit\u00e9 de la pr\u00e9sente habilitation est fix\u00e9e au : 10/03/2031.La pr\u00e9sente habilitation peut \u00eatre retir\u00e9e ou suspendue pour une ou plusieursactivit\u00e9s pour l'un des motifs pr\u00e9vus par l'article L.2223-25 du code g\u00e9n\u00e9ral descollectivit\u00e9s territoriales.Le sous-pr\u00e9fet d'Al\u00e9s est charg\u00e9 de l'ex\u00e9cution du pr\u00e9sent arr\u00eat\u00e9 dont unexemplaire est notifi\u00e9 \u00e0 l'int\u00e9ress\u00e9 et ins\u00e9r\u00e9 au recueil des actes administratifs(RAA) de la pr\u00e9fecture du Gard.\nAl\u00e8s le 27 f\u00e9vrier 2026\nLe SOUS-\n\u00c9mile SOUMBO\nN\u00b0 d'insertion au RAA :Voies et d\u00e9lais de recours :La pr\u00e9sente d\u00e9cision peut faire l'objet d'un recours administratif aupr\u00e8s de l'autorit\u00e9 qui l'a d\u00e9livr\u00e9e ou aupr\u00e8s dutribunal administratif de Nimes, dans un d\u00e9lai de deux mois \u00e0 compter de sa notification pour l'int\u00e9ress\u00e9 et de sapublication pour les tiers.\nSOUS PREFECTURE DALES - 3, boulevard Louis Blanc - 30100 ALES - TELEPHONE : 04.66.56.39.39 - www.gard. gouv.fr |\nSous Pr\u00e9fecture d'Al\u00e8s - 30-2026-03-27-00001 - A-CREATION-HAB-25-02-53-DU-27-02-26-PF-CAMARGUAISES-LAENNEC 42\nSous Pr\u00e9fecture d'Al\u00e8s\n30-2026-03-05-00006\nA-CREATION-HAB-26-03-05-DU-05-03-26-roblot-\nkennedy\nSous Pr\u00e9fecture d'Al\u00e8s - 30-2026-03-05-00006 - A-CREATION-HAB-26-03-05-DU-05-03-26-roblot-kennedy 43\nPREFET Sous-pr\u00e9fecture d'Al\u00e8sDU GARD Bureau de la R\u00e9glementation Fun\u00e9raire et des AssociationsLibert\u00e9 Service d\u00e9partemental du fun\u00e9raireFan Arr\u00eat\u00e9 n\u00b0 26-03-05portant cr\u00e9ation d'habilitation dans le domaine fun\u00e9raireLe pr\u00e9fet du Gard,Chevalier de la l\u00e9gion d'honneur,Officier de l'ordre national du M\u00e9rite,Vu le code g\u00e9n\u00e9ral des collectivit\u00e9s territoriales, notamment les articles L. 2223-19 et suivants;Vu l'arr\u00eat\u00e9 pr\u00e9fectoral n\u00b0 30-2026-02-11-00002 du 11 f\u00e9vrier 2026 donnant d\u00e9l\u00e9gation designature a Monsieur Emile SOUMBO, sous-pr\u00e9fet de l'arrondissement d'Al\u00e8s ;Vu la demande de cr\u00e9ation d'habilitation d\u00e9pos\u00e9e le 27 janvier 2026 par M. Xavier Ximenesdirecteur de secteur op\u00e9rationnel de la SAS OGF SERVICES FUNERAIRES dont le si\u00e8ge social sesitue Immeuble CANOPY - 6 rue du Mar\u00e9chal Audran \u00e0 Courbevoie (94200) pour son\u00e9tablissement secondaire \u00e0 l'enseigne \u00ab ROBLOT \u00bb situ\u00e9 2904 avenue Kennedy \u00e0 Nimes (30900)SIRET n\u00b0828 160 069 03561;Vu l'extrait Kbis de la soci\u00e9t\u00e9, \u00e0 jour en date du 10 novembre 2025 ;Consid\u00e9rant que, tout changement de SIRET emporte la fermeture d'un \u00e9tablissement et lacr\u00e9ation d'un nouvel \u00e9tablissement avec une nouvelle habilitation ;Consid\u00e9rant que les conditions requises par la r\u00e9glementation pour obtenir une premi\u00e8rehabilitation de 5 ans sont remplies ;Consid\u00e9rant que la demande d'habilitation et le dossier sont constitu\u00e9s conform\u00e9ment \u00e0 lar\u00e9glementation en vigueur ;sur proposition du sous-pr\u00e9fet d'Al\u00e8s; ARR\u00caTEArticle ler: L'\u00e9tablissement secondaire \u00e0 l'enseigne \u00ab ROBLOT \u00bb situ\u00e9 2904 avenueKennedy \u00e0 N\u00eemes (30900) SIRET n\u00b0828 160 069 03561 dirig\u00e9 par M. XavierXimenes directeur de secteur op\u00e9rationnel , est habilit\u00e9e pour exercer surl'ensemble du territoire national, les activit\u00e9s fun\u00e9raires suivantes :- transport de corps avant et apr\u00e8s mise en bi\u00e8re,- organisation des obs\u00e8ques,- soins de conservation (activit\u00e9 sous-trait\u00e9e),- fourniture des housses, des cercueils et de leurs accessoires int\u00e9rieurs etext\u00e9rieurs ainsi que des urnes cin\u00e9raires,- gestion et l'utilisation des chambres fun\u00e9raires,- fourniture de corbillards et de voitures de deuils,- fourniture de personnel, objets et prestations n\u00e9cessaires aux obs\u00e8ques,inhumations, exhumations et cr\u00e9mations.\nSOUS PREFECTURE DALES - 3, boulevard Louis Blanc - 30100 ALES - TELEPHONE : 04.66.56.39.39 - www.gard.gouvfr\nSous Pr\u00e9fecture d'Al\u00e8s - 30-2026-03-05-00006 - A-CREATION-HAB-26-03-05-DU-05-03-26-roblot-kennedy 44\nArticle2: L'op\u00e9rateur fun\u00e9raire d\u00e9clare, dans le cadre d'un contrat de sous-traitance,confier les prestations fun\u00e9raires suivantes :- soins de conservation\u00e0 l'entreprise habilit\u00e9e \u00ab HYGECO POST MORTEM ASSISTANCE\u00bb dont le si\u00e8geest situ\u00e9 \u00e0 GARGES-LES-GONESSE (95140).Article 3: Les prestations de transport de corps apr\u00e8s mise en bi\u00e8re se font au moyendes v\u00e9hicules immatricul\u00e9s :FB-584-ZM ; FB-616-ZQ; FT-736-FXLes prestations de transport de corps avant et apr\u00e8s mise en bi\u00e8re se font aumoyen des v\u00e9hicules immatricul\u00e9s :HD-051-S] ; HF-412-XC ; GV-644-RFArticle 4: Le num\u00e9ro d'habilitation est : 26-30-0298.Article5: La date de validit\u00e9 de la pr\u00e9sente habilitation est fix\u00e9e au : 09/03/2031.Article6: La pr\u00e9sente habilitation peut \u00eatre retir\u00e9e ou suspendue pour une ou plusieursactivit\u00e9s pour l'un des motifs pr\u00e9vus par l'article L.2223-25 du code g\u00e9n\u00e9ral descollectivit\u00e9s territoriales.Article7: Le sous-pr\u00e9fet d'Al\u00e9s est charg\u00e9 de l'ex\u00e9cution du pr\u00e9sent arr\u00eat\u00e9 dont unexemplaire est notifi\u00e9 \u00e0 l'int\u00e9ress\u00e9 et ins\u00e9r\u00e9 au recueil des actes administratifs(RAA) de la pr\u00e9fecture du Gard.\nAl\u00e8s le 05 mars 2026\nEmile SOUMBO\nN\u00b0 d'insertion au RAA :Voies et d\u00e9lais de recours :La pr\u00e9sente d\u00e9cision peut faire l'objet d'un recours administratif aupr\u00e8s de l'autorit\u00e9 qui l'a d\u00e9livr\u00e9e ou aupr\u00e8s dutribunal administratif de Nimes, dans un d\u00e9lai de deux mois \u00e0 compter de sa notification pour l'int\u00e9ress\u00e9 et de sapublication pour les tiers.\nSOUS PREFECTURE D'ALES - 3, boulevard Louis Blanc - 30100 ALES - TELEPHONE : 04.66.56.39.39 - www.gard.gouv.fr\nSous Pr\u00e9fecture d'Al\u00e8s - 30-2026-03-05-00006 - A-CREATION-HAB-26-03-05-DU-05-03-26-roblot-kennedy 45\nSous Pr\u00e9fecture d'Al\u00e8s\n30-2026-02-27-00012\nA-CREATION-HABILITATION-26-02-59-DU-27-02-\n26-CHAMBRE-FUNERAIRE-CARMAGUAISES\nSous Pr\u00e9fecture d'Al\u00e8s - 30-2026-02-27-00012 -\nA-CREATION-HABILITATION-26-02-59-DU-27-02-26-CHAMBRE-FUNERAIRE-CARMAGUAISES 46\nPREFET Sous-pr\u00e9fecture d'Al\u00e8sDU GARD Bureau de la R\u00e9glementation Fun\u00e9raire et des AssociationsLibert\u00e9 Service d\u00e9partemental du fun\u00e9raireEgalit\u00e9Fraternit\u00e9\nArr\u00eat\u00e9 n\u00b0 26-02-59portant cr\u00e9ation d'habilitation dans le domaine fun\u00e9raireLe pr\u00e9fet du Gard,Chevalier de la l\u00e9gion d'honneur,Officier de l'ordre national du M\u00e9rite,\nVu le code g\u00e9n\u00e9ral des collectivit\u00e9s territoriales, notamment les articles L. 2223-19 et suivants;Vu l'arr\u00eat\u00e9 pr\u00e9fectoral n\u00b0 30-2026-02-11-00002 du 11 f\u00e9vrier 2026 donnant d\u00e9l\u00e9gation designature \u00e0 Monsieur Emile SOUMBO, sous-pr\u00e9fet de l'arrondissement d'Al\u00e8s .Vu la demande de cr\u00e9ation d'habilitation d\u00e9pos\u00e9e le 21 janvier 2026 par M. Xavier Ximenesdirecteur de secteur op\u00e9rationel de la Soci\u00e9t\u00e9 OGF SERVICES FUNERAIRES dont le si\u00e9ge socialse situe Immeuble CANOPY - 6 rue du Mar\u00e9chal Audran \u00e0 Courbevoie (94200) pour son\u00e9tablissement secondaire \u00e0 l'enseigne \u00ab POMPES FUNEBRES CAMARGUAISES \u00bb situ\u00e9 12 rue de laMairie a G\u00e9n\u00e9rac (30510) SIRET n\u00b0828 160 069 03553 ;Vu l'extrait Kbis de la soci\u00e9t\u00e9, \u00e0 jour en date du 10 novembre 2025 ;Consid\u00e9rant que, tout changement de SIRET emporte la fermeture d'un \u00e9tablissement et lacr\u00e9ation d'un nouvel \u00e9tablissement avec une nouvelle habilitation ;Consid\u00e9rant que les conditions requises par la r\u00e9glementation pour obtenir une premi\u00e8rehabilitation de 5 ans sont remplies ;Consid\u00e9rant que la demande d'habilitation et le dossier sont constitu\u00e9s conform\u00e9ment \u00e0 lar\u00e9glementation en vigueur ;sur proposition du sous-pr\u00e9fet d'Al\u00e8s;\nARR\u00caTE\nArticle ler: L'\u00e9tablissement secondaire \u00e0 l'enseigne \u00ab POMPES FUNEBRESCAMARGUAISES \u00bb situ\u00e9 12 rue de la Mairie \u00e0 G\u00e9n\u00e9rac (30510) SIRETn\u00b0828 160 069 03553 dirig\u00e9e par M.Xavier Ximenes directeur de secteurop\u00e9rationel , est habilit\u00e9e pour exercer sur l'ensemble du territoire national, lesactivit\u00e9s fun\u00e9raires suivantes :- gestion et utilisation d'une chambre fun\u00e9raire,\nSOUS PREFECTURE D'ALES - 3, boulevard Louis Blanc - 30100 ALES - TELEPHONE : 04.66.56.39.39 - www.gard. gouv.fr\nSous Pr\u00e9fecture d'Al\u00e8s - 30-2026-02-27-00012 -\nA-CREATION-HABILITATION-26-02-59-DU-27-02-26-CHAMBRE-FUNERAIRE-CARMAGUAISES 47\nArticle4: Le num\u00e9ro d'habilitation est : 26-30-0292.Article5: La date de validit\u00e9 de la pr\u00e9sente habilitation est fix\u00e9e au : 11/03/2031.Article6: La pr\u00e9sente habilitation peut \u00eatre retir\u00e9e ou suspendue pour une ou plusieursactivit\u00e9s pour l'un des motifs pr\u00e9vus par l'article L.2223-25 du code g\u00e9n\u00e9ral descollectivit\u00e9s territoriales.Article7: Le sous-pr\u00e9fet d'Al\u00e8s est charg\u00e9 de l'ex\u00e9cution du pr\u00e9sent arr\u00eat\u00e9 dont unexemplaire est notifi\u00e9 \u00e0 l'int\u00e9ress\u00e9 et ins\u00e9r\u00e9 au recueil des actes administratifs(RAA) de la pr\u00e9fecture du Gard.\nAl\u00e8s le 27 f\u00e9vrier 2026\n\u00c9mile SSUMBO\nN\u00b0 d'insertion au RAA :Voies et d\u00e9lai ours :La pr\u00e9sente d\u00e9cision peut faire l'objet d'un recours administratif aupr\u00e8s de l'autorit\u00e9 qui l'a d\u00e9livr\u00e9e ou aupr\u00e8s dutribunal administratif de N\u00eemes, dans un d\u00e9lai de deux mois \u00e0 compter de sa notification pour l'int\u00e9ress\u00e9 et de sapublication pour les tiers.\nSOUS PREFECTURE D'ALES - 3, boulevard Louis Blanc - 30100 ALES - TELEPHONE : 04.66.56.39.39 - www.gard.gouv.fr\nSous Pr\u00e9fecture d'Al\u00e8s - 30-2026-02-27-00012 -\nA-CREATION-HABILITATION-26-02-59-DU-27-02-26-CHAMBRE-FUNERAIRE-CARMAGUAISES 48\nSous Pr\u00e9fecture d'Al\u00e8s\n30-2026-03-03-00005\nA-CREATION-HABILITATION-26-03-01-DU-03-3-2\n6-VISSOUSE-CEDRIC\nSous Pr\u00e9fecture d'Al\u00e8s - 30-2026-03-03-00005 - A-CREATION-HABILITATION-26-03-01-DU-03-3-26-VISSOUSE-CEDRIC 49\nSous-pr\u00e9fecture d'Ale\u00e9sL 21 ES Bureau de la R\u00e9glementation Fun\u00e9raire et des AssociationsPREFET Service d\u00e9partemental du fun\u00e9raireDU GARDLibert\u00e9\u00c9galit\u00e9Fraternit\u00e9\nArr\u00eat\u00e9 n\u00b0 26-03-01portant cr\u00e9ation d'habilitation dans le domaine fun\u00e9raire pour une dur\u00e9e de 5 ansLe pr\u00e9fet du Gard,Chevalier de la L\u00e9gion d'honneur,Officier de l'ordre national du M\u00e9rite,\nVu le code g\u00e9n\u00e9ral des collectivit\u00e9s territoriales, notamment les articles L.2223-19 etsuivants ;Vu l'arr\u00eat\u00e9 pr\u00e9fectoral n\u00b0 30-2026-02-11-00002 du 11 f\u00e9vrier 2026 donnant d\u00e9l\u00e9gationde signature \u00e0 Monsieur \u00c9mile SOUMBO, sous-pr\u00e9fet de l'arrondissement d'Al\u00e8s ;Vu la demande d'habilitation dans le domaine fun\u00e9raire formul\u00e9e par M. C\u00e9dricVISSOUZE g\u00e9rant de l'entreprise individuelle VISSOUZE CEDRIC situ\u00e9e 365 Cheminde Camplanier \u00e0 N\u00eemes (30900) - SIRET n\u00b0 834 866 642 00038.Vu l'extrait Kbis du registre du commerce et des soci\u00e9t\u00e9s \u00e0 jour \u00e0 la date du 14/01/2026 ;Consid\u00e9rant que les conditions requises par la r\u00e9glementation pour obtenir unepremi\u00e8re habilitation de 5 ans sont remplies ;Consid\u00e9rant que la demande d'habilitation est constitu\u00e9e conform\u00e9ment \u00e0 lar\u00e9glementation en vigueur ;sur proposition du sous-pr\u00e9fet d'Al\u00e8s ;\nArr\u00eate\nArticle 1\u00b0': L'entreprise individuelle VISSOUZE CEDRIC situ\u00e9e 365 Chemin deCamplanier \u00e0 N\u00eemes (30900) - SIRET n\u00b0 834 866 642 00038, dirig\u00e9e parM. C\u00e9dric VISSOUZE, est habilit\u00e9e, pour exercer sur l'ensemble duterritoire national, l'activit\u00e9 fun\u00e9raire suivante :- fourniture de personnel, objets et prestations n\u00e9cessaires aux obs\u00e8ques,inhumations, exhumations et cr\u00e9mations.\nSOUS-PREFECTURE d'ALES - 3 boulevard Louis Blanc \u2014 - 30100 ALES - T\u00e9l.: 04.66.56.39.39 \u2014 www.gard.gouv.fr\nSous Pr\u00e9fecture d'Al\u00e8s - 30-2026-03-03-00005 - A-CREATION-HABILITATION-26-03-01-DU-03-3-26-VISSOUSE-CEDRIC 50\nArticle 2: Le num\u00e9ro de l'habilitation est : 26-30-0296Article 3: La date de validit\u00e9 de la pr\u00e9sente habilitation est fix\u00e9e pour une dur\u00e9ede 5 ans soit jusqu'au 03/03/2031.\nArticle4: La pr\u00e9sente habilitation peut \u00eatre retir\u00e9e ou suspendue pour une ouplusieurs activit\u00e9s pour l'un des motifs pr\u00e9vus par l'article L.2223-25 ducode g\u00e9n\u00e9ral des collectivit\u00e9s territoriales.Article 5: Le sous-pr\u00e9fet d'Al\u00e9s, est charg\u00e9 de l'ex\u00e9cution du pr\u00e9sent arr\u00eat\u00e9 dontun exemplaire est notifi\u00e9 \u00e0 l'int\u00e9ress\u00e9 et ins\u00e9r\u00e9 au recueil des actesadministratifs de la pr\u00e9fecture du Gard (RAA).\nAl\u00e8s le 03 mars 2026\nLe sous-pr\u00e9fet\nEmileSOUMBO\nN\u00b0 d'insertion au RAA\nVoies et d\u00e9lais de recours :La pr\u00e9sente d\u00e9cision peut faire l'objet d'un recours administratif aupr\u00e8s de l'autorit\u00e9 qui l'a d\u00e9livr\u00e9e ou aupr\u00e8s dutribunal administratif de N\u00eemes, dans un d\u00e9lai de deux mois \u00e0 compter de sa notification pour l'int\u00e9ress\u00e9 et de sapublication pour les tiers.\nSOUS-PREFECTURE d'ALES - 3, boulevard Louis Blanc - 30100 ALES - T\u00e9l: 04.66.56 39 39 \u2014 www.gard gouvfr\nSous Pr\u00e9fecture d'Al\u00e8s - 30-2026-03-03-00005 - A-CREATION-HABILITATION-26-03-01-DU-03-3-26-VISSOUSE-CEDRIC 51\nSous Pr\u00e9fecture d'Al\u00e8s\n30-2026-03-05-00004\nA-CREATION-HABILITATION-26-03-03-DU-05-03-\n26-ROBLOT-GREFFES\nSous Pr\u00e9fecture d'Al\u00e8s - 30-2026-03-05-00004 - A-CREATION-HABILITATION-26-03-03-DU-05-03-26-ROBLOT-GREFFES 52\nPREFET Sous-pr\u00e9fecture d'Al\u00e8sDU GARD Bureau de la R\u00e9glementation Fun\u00e9raire et des AssociationsLibert\u00e9 Service d\u00e9partemental du fun\u00e9raireEgalit\u00e9Fraternit\u00e9\nArr\u00e9t\u00e9 n\u00b0 26-03-03portant cr\u00e9ation d'habilitation dans le domaine fun\u00e9raireLe pr\u00e9fet du Gard,Chevalier de la l\u00e9gion d'honneur,Officier de l'ordre national du M\u00e9rite,Vu le code g\u00e9n\u00e9ral des collectivit\u00e9s territoriales, notamment les articles L. 2223-19 et suivants;Vu l'arr\u00eat\u00e9 pr\u00e9fectoral n\u00b0 30-2026-02-11-00002 du 11 f\u00e9vrier 2026 donnant d\u00e9l\u00e9gation designature \u00e0 Monsieur Emile SOUMBO, sous-pr\u00e9fet de l'arrondissement d'Al\u00e8s ;Vu la demande de cr\u00e9ation d'habilitation d\u00e9pos\u00e9e le 27 janvier 2026 par M. Xavier Ximenesdirecteur de secteur op\u00e9rationnel de la SAS OGF SERVICES FUNERAIRES dont le si\u00e8ge social sesitue Immeuble CANOPY - 6 rue du Mar\u00e9chal Audran \u00e0 Courbevoie (94200) pour son\u00e9tablissement secondaire \u00e0 l'enseigne \u00ab ROBLOT \u00bb situ\u00e9 2 rue des Greffes a N\u00eemes (30000) SIRETn\u00b0828 160 06903579 ;Vu l'extrait Kbis de la soci\u00e9t\u00e9, \u00e0 jour en date du 10 novembre 2025;Consid\u00e9rant que, tout changement de SIRET emporte la fermeture d'un \u00e9tablissement et lacr\u00e9ation d'un nouvel \u00e9tablissement avec une nouvelle habilitation ;Consid\u00e9rant que les conditions requises par la r\u00e9glementation pour obtenir une premi\u00e8rehabilitation de 5 ans sont remplies ;Consid\u00e9rant que la demande d'habilitation et le dossier sont constitu\u00e9s conform\u00e9ment \u00e0 lar\u00e9glementation en vigueur ;sur proposition du sous-pr\u00e9fet d'Ale\u00e9s ; ARR\u00caTEArticle ler: L'\u00e9tablissement secondaire \u00e0 l'enseigne \u00ab ROBLOT \u00bb situ\u00e9 2 rue des Greffes \u00e0N\u00eemes (30000) SIRET n\u00b0828 160 06903579 dirig\u00e9 par M.Xavier Ximenesdirecteur de secteur op\u00e9rationnel , est habilit\u00e9e pour exercer sur l'ensemble duterritoire national, les activit\u00e9s fun\u00e9raires suivantes :- transport de corps avant et apr\u00e8s mise en bi\u00e8re,- organisation des obs\u00e8ques,- soins de conservation (activit\u00e9 sous-trait\u00e9e),- fourniture des housses, des cercueils et de leurs accessoires int\u00e9rieurs etext\u00e9rieurs ainsi que des urnes cin\u00e9raires,- fourniture de corbillards et de voitures de deuils,- fourniture de personnel, objets et prestations n\u00e9cessaires aux obs\u00e8ques,inhumations, exhumations et cr\u00e9mations.\nSOUS PREFECTURE D'AL\u00c8S - 3, boulevard Louis Blanc - 30100 ALES - TELEPHONE : 04.66.56.39.39 - www.gard.gouv.fr\nSous Pr\u00e9fecture d'Al\u00e8s - 30-2026-03-05-00004 - A-CREATION-HABILITATION-26-03-03-DU-05-03-26-ROBLOT-GREFFES 53\nArticle2: L'op\u00e9rateur fun\u00e9raire d\u00e9clare, dans le cadre d'un contrat de sous-traitance,confier les prestations fun\u00e9raires suivantes :- soins de conservation\u00e0 l'entreprise habilit\u00e9e \u00ab HYGECO POST MORTEM ASSISTANCE\u00bb dont le si\u00e8geest situ\u00e9 \u00e0 GARGES-LES-GONESSE (95140).Article 3: Les prestations de transport de corps apr\u00e8s mise en bi\u00e8re se font au moyendes v\u00e9hicules immatricul\u00e9s :FB-584-ZM ; FB-616-ZQ; FT-736-FXLes prestations de transport de corps avant et apr\u00e9s mise en bi\u00e9re se font aumoyen des v\u00e9hicules immatricul\u00e9s :HD-051-SJ ; HF-412-XC ; GV-644-RFArticle 4: Le num\u00e9ro d'habilitation est : 26-30-0297.Article 5: La date de validit\u00e9 de la pr\u00e9sente habilitation est fix\u00e9e au : 09/03/2031.Article 6: La pr\u00e9sente habilitation peut \u00eatre retir\u00e9e ou suspendue pour une ou plusieursactivit\u00e9s pour l'un des motifs pr\u00e9vus par l'article L.2223-25 du code g\u00e9n\u00e9ral descollectivit\u00e9s territoriales.Article7: Le sous-pr\u00e9fet d'Al\u00e8s est charg\u00e9 de l'ex\u00e9cution du pr\u00e9sent arr\u00eat\u00e9 dont unexemplaire est notifi\u00e9 \u00e0 l'int\u00e9ress\u00e9 et ins\u00e9r\u00e9 au recueil des actes administratifs(RAA) de la pr\u00e9fecture du Gard.\nAl\u00e8s le 05 mars 2026\nLe souk-pr\u00e9fet\u2014\nEmile SOUMBO\nN\u00b0 d'insertion au RAA :Voies et d\u00e9lais der re:La pr\u00e9sente d\u00e9cision peut faire l'objet d'un recours administratif aupr\u00e8s de l'autorit\u00e9 qui l'a d\u00e9livr\u00e9e ou aupr\u00e8s dutribunal administratif de Nimes, dans un d\u00e9lai de deux mois \u00e0 compter de sa notification pour l'int\u00e9ress\u00e9 et de sapublication pour les tiers.\nSOUS PREFECTURE D'AL\u00c9S - 3, boulevard Louis Blanc - 30100 ALES - TELEPHONE : 04.66.56.39.39 - www.gard.gouv.fr\nSous Pr\u00e9fecture d'Al\u00e8s - 30-2026-03-05-00004 - A-CREATION-HABILITATION-26-03-03-DU-05-03-26-ROBLOT-GREFFES 54\nSous Pr\u00e9fecture d'Al\u00e8s\n30-2026-03-05-00003\nA-RENOUVELLEMENT-26-03-07-du05-03-26-PF-TIL\nLIER\nSous Pr\u00e9fecture d'Al\u00e8s - 30-2026-03-05-00003 - A-RENOUVELLEMENT-26-03-07-du05-03-26-PF-TILLIER 55\nE Sous-pr\u00e9fecture d'AlesPREFET Bureau de la R\u00e9glementation Fun\u00e9raire et des AssociationsDU GARD Service d\u00e9partemental du fun\u00e9raireLibert\u00e9Egalit\u00e9Fraternit\u00e9\nArr\u00eat\u00e9 n\u00b0 26-03-07portant renouvellement d'habilitation dans le domaine fun\u00e9raire pour une dur\u00e9e de 5 ansLe pr\u00e9fet du Gard,Chevalier de la l\u00e9gion d'honneur,Officier de l'ordre national du M\u00e9rite,Vu le code g\u00e9n\u00e9ral des collectivit\u00e9s territoriales, notamment les articles L. 2223-19 et suivants;Vu l'arr\u00eat\u00e9 pr\u00e9fectoral n\u00b0 30-2026-02-11-00002 du 11 f\u00e9vrier 2026 donnant d\u00e9l\u00e9gation designature \u00e0 Monsieur Emile SOUMBO, sous-pr\u00e9fet de l'arrondissement d'Al\u00e8s ;Vu l'arr\u00eat\u00e9 pr\u00e9fectoral n\u00b020-04-02 du O3 avril 2020 portant sur le renouvellementd'habilitation dans le domaine fun\u00e9raire soit jusqu'au 03/04/2026 sous le n\u00b0 20-30-0066 pourune dur\u00e9e de 6 ans, \u00e0 la Sasu FUNECAP SUD-EST pour son \u00e9tablissement secondaire PompesFun\u00e8bres Tillier et Fils \u00e0 l'enseigne \u00ab Tillier Fun\u00e9raires/Fun\u00e9rarium du Grand Avignon \u00bb situ\u00e9 7,rue de Massepezoul \u00e0 Les Angles (30133) - Siret n\u00b0302 077 169 01082 ;Vu la demande de renouvellement d'habilitation dans le domaine fun\u00e9raire formul\u00e9e parM. Christophe SCAFI directeur ex\u00e9cutif adjoint du p\u00eale Occitanie ;Vu l'extrait Kbis de la soci\u00e9t\u00e9, \u00e0 jour en date du 28 d\u00e9cembre 2025 ;Consid\u00e9rant que l'habilitation n\u00b0 20-30-0066 arrive \u00e0 \u00e9ch\u00e9ance \u00e0 la date du 03/04/2026 ;Consid\u00e9rant que la demande de renouvellement d'habilitation est constitu\u00e9e conform\u00e9ment ala r\u00e9glementation en vigueur ;Sur proposition du sous-pr\u00e9fet d'Al\u00e8s ;ARR\u00caTEArticle 1%: La Sasu FUNECAP SUD-EST pour son \u00e9tablissement secondaire Pompes Fun\u00e8bresTillier et Fils \u00e0 l'enseigne \u00ab Tillier Fun\u00e9raires/Fun\u00e9rarium du Grand Avignon \u00bb situ\u00e97, rue de Massepezoul \u00e0 Les Angles (30133) - Siret n\u00b0302 077 169 01082; dirig\u00e9epar M. Christophe SCAFI directeur ex\u00e9cutif adjoint du pdle Occitanie, esthabilit\u00e9e pour exercer sur l'ensemble du territoire national, les activit\u00e9sfun\u00e9raires suivantes :transport de corps avant et apr\u00e8s mise en bi\u00e8re,- organisation des obs\u00e8ques,- soins de conservation (activit\u00e9 sous-trait\u00e9e),- fourniture des housses, des cercueils et de leurs accessoires int\u00e9rieurs etext\u00e9rieurs ainsi que des urnes cin\u00e9raires,- Ja gestion et l'utilisation d'une chambre fun\u00e9raire,- fourniture de corbillards et de voitures de deuils,- fourniture de personnel, objets et prestations n\u00e9cessaires aux obs\u00e8ques,inhumations, exhumations et cr\u00e9mations.\nSOUS-PREFECTURE d'AL\u00c8S \u2014 3 boulevard Louis Blanc \u2014 - 30100 ALES \u2014 T\u00e9l.: 04.66.56.39.39 \u2014 www.gardgouv fr\nSous Pr\u00e9fecture d'Al\u00e8s - 30-2026-03-05-00003 - A-RENOUVELLEMENT-26-03-07-du05-03-26-PF-TILLIER 56\nArticle 2:\nArticle 3:\nArticle 4:Article 5:\nArticle 6:\nArticle 7:\nL'op\u00e9rateur fun\u00e9raire d\u00e9clare, dans le cadre d'un contrat de sous-traitance,confier les prestations fun\u00e9raires suivantes :- soins de conservation\u00e0 l'entreprise \u00abLa Dame de Noves\u00bb dont le si\u00e8ge est situ\u00e9 \u00e0 Saint-Etienne-du-Gr\u00e8s(13103) d\u00fbment habilit\u00e9e.Les prestations de transport de corps apr\u00e8s mise en bi\u00e8re se font au moyen duv\u00e9hicule immatricul\u00e9 : FP-535-NSLes prestations de transport de corps avant et apr\u00e8s mise en bi\u00e8re se font aumoyen des v\u00e9hicules immatricul\u00e9s :DH-197-LD - FC-497-PK - HG-252-GLLe num\u00e9ro d'habilitation est : 26-30-0066.La dur\u00e9e de la pr\u00e9sente habilitation est fix\u00e9e pour une dur\u00e9e de 5 ans, soitjusqu'au: 04/04/2031.La pr\u00e9sente habilitation peut \u00eatre retir\u00e9e ou suspendue pour une ou plusieursactivit\u00e9s pour l'un des motifs pr\u00e9vus par l'article L.2223-25 du code g\u00e9n\u00e9raldes collectivit\u00e9s territoriales.Le sous-pr\u00e9fet d'Al\u00e9s est charg\u00e9 de l'ex\u00e9cution du pr\u00e9sent arr\u00eat\u00e9 dont unexemplaire est notifi\u00e9 \u00e0 l'int\u00e9ress\u00e9 et ins\u00e9r\u00e9 au recueil des actesadministratifs (RAA) de la pr\u00e9fecture du Gard.\nAl\u00e8s le 5 mars 2026\nN\u00b0 d'insertion au RAA :\nVoi laisde r rs:La pr\u00e9sente d\u00e9cision peut faire l'objet d'un recours administratif aupr\u00e8s de l'autorit\u00e9 qui l'a d\u00e9livr\u00e9e ou aupr\u00e8s dutribunal administratif de N\u00eemes, dans un d\u00e9lai de deux mois \u00e0 compter de sa notification pour l'int\u00e9ress\u00e9 et de sapublication pour les tiers.\nSOUS-PREFECTURE d'ALES \u2014 3 boulevard Louis Blanc \u2014 - 30100 ALES - T\u00e9l.: 04.66.56.39.39 \u2014 www.gard.qouv.fr\nSous Pr\u00e9fecture d'Al\u00e8s - 30-2026-03-05-00003 - A-RENOUVELLEMENT-26-03-07-du05-03-26-PF-TILLIER 57\nSous Pr\u00e9fecture d'Al\u00e8s\n30-2026-02-27-00011\nA-RETRAIT-26-02-60-DU27-02-60-PF\nCAMARGUAISE-GENERAC\nSous Pr\u00e9fecture d'Al\u00e8s - 30-2026-02-27-00011 - A-RETRAIT-26-02-60-DU27-02-60-PF CAMARGUAISE-GENERAC 58\nSous-pr\u00e9fecture d'Al\u00e9s| Bureau de la r\u00e9glementation fun\u00e9raire et des associationsPREFET Service d\u00e9partemental du fun\u00e9raireDU GARDLibert\u00e9\u00c9galit\u00e9Fraternit\u00e9\nArr\u00eat\u00e9 n\u00b0 26-02-60Portant retrait d'habilitation \u00e0 une entreprise fun\u00e9raireLe pr\u00e9fet du Gard,Chevalier de la L\u00e9gion d'Honneur,Officier de l'Ordre National du M\u00e9rite,\nVu le code g\u00e9n\u00e9ral des collectivit\u00e9s territoriales (CGCT), notamment les articles :- L.2223-19 relatif \u00e0 la mission de service public des pompes fun\u00e8bres ;- L.2223-23 relatif aux conditions d'habilitation pour exercer cette mission ;- L.2323-25 relatif \u00e0 la suspension ou au retrait de l'habilitation fun\u00e9raire ;- L.2223-35 relatif aux sanctions p\u00e9nales ;Vu l'arr\u00eat\u00e9 pr\u00e9fectoral n\u00b0 30-2026-02-11-00002 du 11 f\u00e9vrier 2026 donnant d\u00e9l\u00e9gation designature \u00e0 Monsieur \u00c9mile SOUMBO, sous-pr\u00e9fet de l'arrondissement d'Al\u00e8s ;Vu l'arr\u00eat\u00e9 pr\u00e9fectoral n\u00b0 23-01-37 du 25 janvier 2023, portant habilitation dans le domainefun\u00e9raire pour une dur\u00e9e de 5 ans le n\u00b0 23-30-0218, pour son l'\u00e9tablissement secondaire dela Soci\u00e9t\u00e9 OGF \u00abSERVICES FUNERAIRES \u00bb \u00e0 l'enseigne \u00ab POMPES FUNEBRESCAMARGUAISES \u00bb situ\u00e9 10 rue de la Mairie \u00e0 G\u00e9n\u00e9rac (30510) siret n\u00b054207679922373;Consid\u00e9rant que, tout changement de SIRET emporte la fermeture d'un \u00e9tablissement,l'habilitation fun\u00e9raire actuellement en cours doit \u00eatre retir\u00e9e ;\nARR\u00caTE :\nArticle 1\u00b0':L'habilitation fun\u00e9raire d\u00e9livr\u00e9e le 25 janvier 2023 sous le n\u00b0 23-30-0218, pour une dur\u00e9e de5 ans, soit jusqu'au 25/01/2028, \u00e0 la SAS OGF \u00ab SERVICES FUNERAIRES \u00bb \u00e0 l'enseigne\u00ab POMPES FUNEBRES CAMARGUAISES \u00bbsitu\u00e9 10 rue de la Mairie \u00e0 G\u00e9n\u00e9rac (30510) siretn\u00b054207679922373, dirig\u00e9 par M. Xavier Ximenes, est retir\u00e9e et abrog\u00e9e.\nSOUS PREFECTURE D'ALES - 3, boulevard Louis Blanc - 30100 ALES - TELEPHONE : 04.66.56.39.39 - www.gard gouv.fr\nSous Pr\u00e9fecture d'Al\u00e8s - 30-2026-02-27-00011 - A-RETRAIT-26-02-60-DU27-02-60-PF CAMARGUAISE-GENERAC 59\nArticle 2:Cet \u00e9tablissement n'est plus autoris\u00e9 \u00e0 exercer les activit\u00e9s fun\u00e9raires suivantes :- transport de corps avant et apr\u00e8s mise en bi\u00e8re,- organisation des obs\u00e8ques,- soins de conservation (activit\u00e9 sous-trait\u00e9e),- fourniture des housses, des cercueils et de leurs accessoires int\u00e9rieurs et ext\u00e9rieurs ainsique des urnes cin\u00e9raires,- fourniture de corbillards et de voitures de deuils,fourniture de personnel, objets et prestations n\u00e9cessaires aux obs\u00e8ques, inhumations,exhumations et cr\u00e9mations.\u00e0 compter de la date de notification de l'arr\u00eat\u00e9 au dirigeant de la soci\u00e9t\u00e9, et ce, surl'ensemble du territoire national.Article 3 :Le fait de diriger en droit ou en fait un \u00e9tablissement fun\u00e9raire sans habilitation est punid'une amende de 75 000 \u20ac. Les personnes physiques, coupables de cette infraction,encourent \u00e9galement les peines compl\u00e9mentaires pr\u00e9vues par le code p\u00e9nal (interdictiondes droits civiques, civils et de famille, interdiction d'exercer l'activit\u00e9 fun\u00e9raire pour unedur\u00e9e de cinq ans au plus, affichage ou diffusion de la d\u00e9cision prononc\u00e9e).Article 4 :Le sous-pr\u00e9fet d'Al\u00e8s est charg\u00e9 de l'ex\u00e9cution du pr\u00e9sent arr\u00eat\u00e9 qui sera notifi\u00e9 \u00e0l'int\u00e9ress\u00e9 et ins\u00e9r\u00e9 au recueil des actes administratifs de la pr\u00e9fecture du Gard (RAA).\nAl\u00e8s, le 27 f\u00e9vrier 2026Le sousipr\u00e9fet,\n\u00c9mile SQUMBO\nn\u00b0 d'insertion au RAA :\nVoie lais de r rs:La pr\u00e9sente d\u00e9cision peut faire l'objet d'un recours administratif aupr\u00e8s de l'autorit\u00e9 qui l'a d\u00e9livr\u00e9e ou aupr\u00e8s dutribunal administratif de N\u00eemes dans un d\u00e9lai de deux mois \u00e0 compter de sa notification pour l'int\u00e9ress\u00e9 et de sapublication pour les tiers.\nSOUS PREFECTURE D'AL\u00c9S - 3, boulevard Louis Blanc - 30100 ALES - TELEPHONE : 04.66.56.39.39 - www.gard.gouv.fr\nSous Pr\u00e9fecture d'Al\u00e8s - 30-2026-02-27-00011 - A-RETRAIT-26-02-60-DU27-02-60-PF CAMARGUAISE-GENERAC 60\nSous Pr\u00e9fecture d'Al\u00e8s\n30-2026-03-05-00005\nA-RETRAIT-26-03-04-DU-05-03-26-PF-ROBLOT\nSous Pr\u00e9fecture d'Al\u00e8s - 30-2026-03-05-00005 - A-RETRAIT-26-03-04-DU-05-03-26-PF-ROBLOT 61\nSous-pr\u00e9fecture d'Al\u00e8s| Bureau de la r\u00e9glementation fun\u00e9raire et des associationsPREFET Service d\u00e9partemental du fun\u00e9raireDU GARDLibert\u00e9Egalit\u00e9Fraternit\u00e9\nArr\u00eat\u00e9 n\u00b0 26-03-04Portant retrait d'habilitation \u00e0 une entreprise fun\u00e9raireLe pr\u00e9fet du Gard,Chevalier de la L\u00e9gion d'Honneur,Officier de l'Ordre National du M\u00e9rite,\nVu le code g\u00e9n\u00e9ral des collectivit\u00e9s territoriales (CGCT), notamment les articles :- L.2223-19 relatif \u00e0 la mission de service public des pompes fun\u00e8bres ;- L.2223-23 relatif aux conditions d'habilitation pour exercer cette mission ;- L.2323-25 relatif \u00e0 la suspension ou au retrait de l'habilitation fun\u00e9raire ;- L.2223-35 relatif aux sanctions p\u00e9nales ;Vu l'arr\u00eat\u00e9 pr\u00e9fectoral n\u00b0 30-2026-02-11-00002 du 11 f\u00e9vrier 2026 donnant d\u00e9l\u00e9gation designature \u00e0 Monsieur Emile SOUMBO, sous-pr\u00e9fet de l'arrondissement d'Al\u00e8s ;Vu l'arr\u00eat\u00e9 pr\u00e9fectoral n\u00b0 20-04-07 du 03 avril 2020, portant habilitation dans le domainefun\u00e9raire pour une dur\u00e9e de 6 ans le n\u00b0 20-30-0089, pour son l'\u00e9tablissement secondaire dela Soci\u00e9t\u00e9 OGF \u00ab SERVICES FUNERAIRES \u00bb \u00e0 l'enseigne \u00ab POMPES FUNEBRES ROBLOT \u00bbsitu\u00e9 2 rue des Greffes (30000) siret n\u00b0542 076 799 06061 ;Consid\u00e9rant que, tout changement de SIRET emporte la fermeture d'un \u00e9tablissement,l'habilitation fun\u00e9raire actuellement en cours doit \u00eatre retir\u00e9e ;\nARR\u00caTE :\nArticle 1\u00b0 :Uhabilitation fun\u00e9raire d\u00e9livr\u00e9e le 03 avril 2020 sous le n\u00b0 20-30-0089, pour une dur\u00e9e de6 ans, soit jusqu'au 03/04/2026, \u00e0 la SAS OGF \u00ab SERVICES FUNERAIRES \u00bb a l'enseigne\u00ab POMPES FUNEBRES ROBLOT \u00bb situ\u00e9 2 rue des Greffes (30000) siret n\u00b0542 076 799 06061,dirig\u00e9 par M. Xavier Ximenes, est retir\u00e9e et abrog\u00e9e.\nSOUS PREFECTURE D'ALES - 3, boulevard Louis Blanc - 30100 ALES - TELEPHONE : 04.66.56.39.39 - www.gard.gouv.fr\nSous Pr\u00e9fecture d'Al\u00e8s - 30-2026-03-05-00005 - A-RETRAIT-26-03-04-DU-05-03-26-PF-ROBLOT 62\nArticle 2:Cet \u00e9tablissement n'est plus autoris\u00e9 a exercer les activit\u00e9s fun\u00e9raires suivantes :- transport de corps avant et apr\u00e8s mise en bi\u00e8re,- organisation des obs\u00e8ques,- soins de conservation (activit\u00e9 sous-trait\u00e9e),- fourniture des housses, des cercueils et de leurs accessoires int\u00e9rieurs et ext\u00e9rieurs ainsique des urnes cin\u00e9raires,- fourniture de corbillards et de voitures de deuils,fourniture de personnel, objets et prestations n\u00e9cessaires aux obs\u00e8ques, inhumations,exhumations et cr\u00e9mations.\na compter de la date de notification de l'arr\u00eat\u00e9 au dirigeant de la soci\u00e9t\u00e9, et ce, surl'ensemble du territoire national.Article 3:Le fait de diriger en droit ou en fait un \u00e9tablissement fun\u00e9raire sans habilitation est punid'une amende de 75 000 \u20ac. Les personnes physiques, coupables de cette infraction,encourent \u00e9galement les peines compl\u00e9mentaires pr\u00e9vues par le code p\u00e9nal (interdictiondes droits civiques, civils et de famille, interdiction d'exercer l'activit\u00e9 fun\u00e9raire pour unedur\u00e9e de cinq ans au plus, affichage ou diffusion de la d\u00e9cision prononc\u00e9e).Article 4 :Le sous-pr\u00e9fet d'Al\u00e8s est charg\u00e9 de l'ex\u00e9cution du pr\u00e9sent arr\u00eat\u00e9 qui sera notifi\u00e9 \u00e0l'int\u00e9ress\u00e9 et ins\u00e9r\u00e9 au recueil des actes administratifs de la pr\u00e9fecture du Gard (RAA).\nAl\u00e8s, le 05 mars 2026\nn\u00b0 d'insertion au RAA :\nVoi lai r rs:La pr\u00e9sente d\u00e9cision peut faire l'objet d'un recours administratif aupr\u00e8s de l'autorit\u00e9 qui l'a d\u00e9livr\u00e9e ou aupr\u00e8s dutribunal administratif de Nimes dans un d\u00e9lai de deux mois \u00e0 compter de sa notification pour l'int\u00e9ress\u00e9 et de sapublication pour les tiers.\nSOUS PREFECTURE D'ALES - 3, boulevard Louis Blanc - 30100 ALES - TELEPHONE : 04.66.56.39.39 - www.gard gouv.fr\nSous Pr\u00e9fecture d'Al\u00e8s - 30-2026-03-05-00005 - A-RETRAIT-26-03-04-DU-05-03-26-PF-ROBLOT 63\nSous Pr\u00e9fecture d'Al\u00e8s\n30-2026-03-05-00007\nA-RETRAIT-HAB-26-03-06-DU-05-03-26-roblot-ke\nnnedy\nSous Pr\u00e9fecture d'Al\u00e8s - 30-2026-03-05-00007 - A-RETRAIT-HAB-26-03-06-DU-05-03-26-roblot-kennedy 64\nSous-pr\u00e9fecture d'Al\u00e8s| Bureau de la R\u00e9glementation Fun\u00e9raire et des AssociationsPREFET Service d\u00e9partemental du fun\u00e9raireDU GARDLibert\u00e9Egalit\u00e9Fraternit\u00e9\nArr\u00e9t\u00e9 n\u00b0 26-03-06Portant retrait d'habilitation a une entreprise fun\u00e9raireLe pr\u00e9fet du Gard,Chevalier de la L\u00e9gion d'Honneur,Officier de l'Ordre National du M\u00e9rite,\nVu le code g\u00e9n\u00e9ral des collectivit\u00e9s territoriales (CGCT), notamment les articles :- L.2223-19 relatif \u00e0 la mission de service public des pompes fun\u00e8bres ;- L.2223-23 relatif aux conditions d'habilitation pour exercer cette mission ;- L.2323-25 relatif \u00e0 la suspension ou au retrait de l'habilitation fun\u00e9raire ;- L.2223-35 relatif aux sanctions p\u00e9nales ;Vu l'arr\u00eat\u00e9 pr\u00e9fectoral n\u00b0 30-2026-02-11-00002 du 11 f\u00e9vrier 2026 donnant d\u00e9l\u00e9gation designature \u00e0 Monsieur Emile SOUMBO, sous-pr\u00e9fet de l'arrondissement d'Ales ;Vu l'arr\u00eat\u00e9 pr\u00e9fectoral n\u00b0 20-04-07 du 03 avril 2020, portant habilitation dans le domainefun\u00e9raire pour une dur\u00e9e de 6 ans le n\u00b0 20-30-0089, pour son l'\u00e9tablissement secondaire dela Soci\u00e9t\u00e9 OGF \u00ab SERVICES FUNERAIRES \u00bb \u00e0 l'enseigne \u00ab POMPES FUNEBRES ROBLOT \u00bbsitu\u00e9 2904 avenue Kennedy (30900) siret n\u00b0542 076 799 21136 ;Consid\u00e9rant que, tout changement de SIRET emporte la fermeture d'un \u00e9tablissement,l'habilitation fun\u00e9raire actuellement en cours doit \u00eatre retir\u00e9e ;\nARR\u00caTE:\nArticle 1\u00b0 :L'habilitation fun\u00e9raire d\u00e9livr\u00e9e le 03 avril 2020 sous le n\u00b0 20-30-0088, pour une dur\u00e9e de6 ans, soit jusqu'au 03/04/2026, \u00e0 la SAS OGF \u00ab SERVICES FUNERAIRES \u00bb \u00e0 l'enseigne\u00ab POMPES FUNEBRES ROBLOT\u00bb situ\u00e9 2904 avenue Kennedy (30900) siretn\u00b0542 076 799 21136, dirig\u00e9 par M. Xavier Ximenes, est retir\u00e9e et abrog\u00e9e.\nSOUS PREFECTURE D'AL\u00c8S- 3, boulevard Louis Blanc - 30100 ALES - TELEPHONE : 04.66.56.39,39 - www.gard.gouvfr\nSous Pr\u00e9fecture d'Al\u00e8s - 30-2026-03-05-00007 - A-RETRAIT-HAB-26-03-06-DU-05-03-26-roblot-kennedy 65\nArticle 2:Cet \u00e9tablissement n'est plus autoris\u00e9 \u00e0 exercer les activit\u00e9s fun\u00e9raires suivantes :- transport de corps avant et apr\u00e8s mise en bi\u00e8re,- organisation des obs\u00e8ques,- soins de conservation (activit\u00e9 sous-trait\u00e9e),- fourniture des housses, des cercueils et de leurs accessoires int\u00e9rieurs et ext\u00e9rieurs ainsique des urnes cin\u00e9raires,- gestion et utilisation des chambres fun\u00e9raires,- fourniture de corbillards et de voitures de deuils,- fourniture de personnel, objets et prestations n\u00e9cessaires aux obs\u00e8ques, inhumations,exhumations et cr\u00e9mations.\n\u00e0 compter de la date de notification de l'arr\u00eat\u00e9 au dirigeant de la soci\u00e9t\u00e9, et ce, surl'ensemble du territoire national.Article 3 :Le fait de diriger en droit ou en fait un \u00e9tablissement fun\u00e9raire sans habilitation est punid'une amende de 75 000 \u20ac. Les personnes physiques, coupables de cette infraction,encourent \u00e9galement les peines compl\u00e9mentaires pr\u00e9vues par le code p\u00e9nal (interdictiondes droits civiques, civils et de famille, interdiction d'exercer l'activit\u00e9 fun\u00e9raire pour unedur\u00e9e de cinq ans au plus, affichage ou diffusion de la d\u00e9cision prononc\u00e9e).Article 4 :Le sous-pr\u00e9fet d'Al\u00e9s est charg\u00e9 de l'ex\u00e9cution du pr\u00e9sent arr\u00eat\u00e9 qui sera notifi\u00e9 al'int\u00e9ress\u00e9 et ins\u00e9r\u00e9 au recueil des actes administratifs de la pr\u00e9fecture du Gard (RAA).\nAl\u00e8s, le 05 mars 2026\n\u00c9mile SOUMBO\nn\u00b0 d'insertion au RAA :\nVoies et d\u00e9lais de recours :La pr\u00e9sente d\u00e9cision peut faire l'objet d'un recours administratif aupr\u00e8s de l'autorit\u00e9 qui l'a d\u00e9livr\u00e9e ou aupr\u00e8s dutribunal administratif de Nimes dans un d\u00e9lai de deux mois \u00e0 compter de sa notification pour l'int\u00e9ress\u00e9 et de sapublication pour les tiers.\nSOUS PREFECTURE D'ALES- 3, boulevard Louis Blanc - 30100 ALES - TELEPHONE : 04.66.56.39.39 - www.gard.gouv.fr\nSous Pr\u00e9fecture d'Al\u00e8s - 30-2026-03-05-00007 - A-RETRAIT-HAB-26-03-06-DU-05-03-26-roblot-kennedy 66\nSous Pr\u00e9fecture d'Al\u00e8s\n30-2026-02-26-00013\nArr\u00eat\u00e9 26-02-37 portant renouvellement\nd'habilitation dans le domaine fun\u00e9raire pour\nune dur\u00e9e de 5 ans - Pompes fun\u00e8bres FUMEL (La\nGrand'Combe 30) \nSous Pr\u00e9fecture d'Al\u00e8s - 30-2026-02-26-00013 - Arr\u00eat\u00e9 26-02-37 portant renouvellement d'habilitation dans le domaine fun\u00e9raire pour\nune dur\u00e9e de 5 ans - Pompes fun\u00e8bres FUMEL (La Grand'Combe 30) 67\nSous-pr\u00e9fecture d'Al\u00e8sUBD Bureau de la R\u00e9glementation Fun\u00e9raire et des AssociationsES Service d\u00e9partemental du fun\u00e9rairetiEgalit\u00e9Fraternit\u00e9\nArr\u00eat\u00e9 n\u00b0 26-02-37portant renouvellement d'habilitation dans le domaine fun\u00e9raire pour une dur\u00e9e de 5 ansLe pr\u00e9fet du Gard,Chevalier de la l\u00e9gion d'honneur,Officier de l'ordre national du M\u00e9rite,Vu le code g\u00e9n\u00e9ral des collectivit\u00e9s territoriales, notamment les articles L. 2223-19 et suivants ;Vu l'arr\u00eat\u00e9 pr\u00e9fectoral n\u00b0 30-2026-02-11-00002 du 11 f\u00e9vrier 2026 donnant d\u00e9l\u00e9gation designature \u00e0 Monsieur Emile SOUMBO, sous-pr\u00e9fet de l'arrondissement d'Al\u00e8s ;Vu l'arr\u00eat\u00e9 pr\u00e9fectoral n\u00b020-02-15 en date du 10 f\u00e9vrier 2020 portant renouvellementd'habilitation dans le domaine fun\u00e9raire pour une dur\u00e9e de 6 ans sous le n\u00b0 20-30-0036, \u00e0 laSAS MAISON FUMEL, pour son \u00e9tablissement situ\u00e9 4 rue de la Frug\u00e9re a La Grand'Combe(30110), SIRET n\u00b0 391 704 756 00025 ;Vu la demande de renouvellement d'habilitation dans le domaine fun\u00e9raire formul\u00e9e parMonsieur Jean-Francois FUMEL, Pr\u00e9sident de la soci\u00e9t\u00e9 sus-mentionn\u00e9e ;Vu l'extrait Kbis de la soci\u00e9t\u00e9, \u00e0 jour en date du 31 d\u00e9cembre 2025;Consid\u00e9rant que I'habilitation n\u00b0 20-30-0036 arrive a \u00e9ch\u00e9ance \u00e0 la date du 10/02/2026 ;Consid\u00e9rant que la demande de renouvellement d'habilitation est constitu\u00e9e conform\u00e9ment ala r\u00e9glementation en vigueur ;Sur proposition du sous-pr\u00e9fet d'Al\u00e8s ;ARR\u00caTE\nArticle 1%: La SAS MAISON FUMEL, pour son \u00e9tablissement situ\u00e9 4 rue de la Frugere \u00e0 LaGrand'Combe (30110), SIRET n\u00b0391 704756000285 dirig\u00e9e par MonsieurJean-Fran\u00e7ois FUMEL, est habilit\u00e9e pour exercer sur l'ensemble du territoirenational, les activit\u00e9s fun\u00e9raires suivantes :- transport de corps avant et apr\u00e8s mise en bi\u00e8re (activit\u00e9 sous-trait\u00e9e),- organisation des obs\u00e8ques,- soins de conservation (activit\u00e9 sous-trait\u00e9e),- fourniture des housses, des cercueils et de leurs accessoires int\u00e9rieurs et ext\u00e9rieursainsi que des urnes cin\u00e9raires,- gestion et utilisation d'une chambre fun\u00e9raire,- fourniture de corbillards et de voitures de deuils,- fourniture de personnel, objets et prestations n\u00e9cessaires aux obs\u00e8ques,inhumations, exhumations et cr\u00e9mations.\nSOUS-PREFECTURE d'ALES \u2014 3 boulevard Louis Blanc \u2014 - 30100 ALES \u2014 T\u00e9l.: 04.66.56.39.39 \u2014 www.gard.gouv.fr\nSous Pr\u00e9fecture d'Al\u00e8s - 30-2026-02-26-00013 - Arr\u00eat\u00e9 26-02-37 portant renouvellement d'habilitation dans le domaine fun\u00e9raire pour\nune dur\u00e9e de 5 ans - Pompes fun\u00e8bres FUMEL (La Grand'Combe 30) 68\nArticle2: L'op\u00e9rateur fun\u00e9raire d\u00e9clare, dans le cadre d'un contrat de sous-traitance,confier les prestations fun\u00e9raires suivantes :- transport de corps avant mise en bi\u00e8re :\u00e0 l'entreprise d\u00fbment habilit\u00e9e \u00abServices Fun\u00e9raires GALTIER\u00bb sise \u00e0Saint-Hilaire-de-Brethmas (30560) ;- soins de conservation :\u00e0 l'entreprise d\u00fbment habilit\u00e9e \u00abJEAN-MARC TOULOUSE\u00bb sise aLod\u00e8ve (34700).Article 3 Les prestations de transport de corps avant et apr\u00e8s mise en bi\u00e8re se fontau moyen des v\u00e9hicules immatricul\u00e9s :5361 ZF 30 - 5362 ZF 30.Article 4: Le num\u00e9ro d'habilitation est: 26-30-0036.Article5: La dur\u00e9e de la pr\u00e9sente habilitation est fix\u00e9e pour une dur\u00e9e de 5 ans, soitjusqu'au: 11/02/2031.Article 6: La pr\u00e9sente habilitation peut \u00eatre retir\u00e9e ou suspendue pour une ou plusieursactivit\u00e9s pour l'un des motifs pr\u00e9vus par l'article L.2223-25 du code g\u00e9n\u00e9raldes collectivit\u00e9s territoriales.Article 7: Le sous-pr\u00e9fet d'Al\u00e9s est charg\u00e9 de l'ex\u00e9cution du pr\u00e9sent arr\u00eat\u00e9 dont unexemplaire est notifi\u00e9 \u00e0 l'int\u00e9ress\u00e9 et ins\u00e9r\u00e9 au recueil des actesadministratifs (RAA) de la pr\u00e9fecture du Gard.\nAl\u00e8s le 26 f\u00e9vrier 2026\nLe sous-pr\u00e9fet\nN\u00b0 d'insertion au RAA :\nLa pr\u00e9sente d\u00e9cision peut faire l'objet d'un recours administratif aupr\u00e8s de l'autorit\u00e9 qui l'a d\u00e9livr\u00e9e ou aupr\u00e8s dutribunal administratif de N\u00eemes, dans un d\u00e9lai de deux mois \u00e0 compter de sa notification pour l'int\u00e9ress\u00e9 et de sapublication pour les tiers.\nSOUS-PREFECTURE d'AL\u00c8S - 3 boulevard Louis Blanc \u2014 - 30100 ALES \u2014 T\u00e9l.: 04.66.56.39.39 \u2014 www.gard. gouv.fr\nSous Pr\u00e9fecture d'Al\u00e8s - 30-2026-02-26-00013 - Arr\u00eat\u00e9 26-02-37 portant renouvellement d'habilitation dans le domaine fun\u00e9raire pour\nune dur\u00e9e de 5 ans - Pompes fun\u00e8bres FUMEL (La Grand'Combe 30) 69\nSous Pr\u00e9fecture d'Al\u00e8s\n30-2026-02-27-00009\nARRETE-CREA-HABIILITATION-26-02-56-DU-27-0\n2-26-PF-CAMARGUAISES-ST-GILLES\nSous Pr\u00e9fecture d'Al\u00e8s - 30-2026-02-27-00009 - ARRETE-CREA-HABIILITATION-26-02-56-DU-27-02-26-PF-CAMARGUAISES-ST-GILLES 70\nPREFET Sous-pr\u00e9fecture d'Al\u00e9sDU GARD Bureau de la R\u00e9glementation Fun\u00e9raire et des AssociationsLibert\u00e9 Service d\u00e9partemental du fun\u00e9raireEgalit\u00e9Fraternit\u00e9\nArr\u00e9t\u00e9 n\u00b0 26-02-56portant cr\u00e9ation d'habilitation dans le domaine fun\u00e9raireLe pr\u00e9fet du Gard,Chevalier de la l\u00e9gion d'honneur,Officier de l'ordre national du M\u00e9rite,Vu le code g\u00e9n\u00e9ral des collectivit\u00e9s territoriales, notamment les articles L. 2223-19 et suivants;Vu l'arr\u00eat\u00e9 pr\u00e9fectoral n\u00b0 30-2026-02-11-00002 du 11 f\u00e9vrier 2026 donnant d\u00e9l\u00e9gation designature \u00e0 Monsieur Emile SOUMBO, sous-pr\u00e9fet de l'arrondissement d'Al\u00e8s:Vu la demande de cr\u00e9ation d'habilitation d\u00e9pos\u00e9e le 21 janvier 2026 par M. Xavier Ximenesdirecteur de secteur op\u00e9rationel de la SAS OGF-SERVICES FUNERAIRES dont le si\u00e8ge social sesitue Immeuble CANOPY - 6 rue du Mar\u00e9chal Audran \u00e0 Courbevoie (94200) pour son\u00e9tablissement secondaire \u00e0 l'enseigne \u00ab POMPES FUNEBRES ET MARBRERIE CAMARGUAISES \u00bbsitu\u00e9 16 rue Gambetta \u00e0 Saint-Gilles (30800) SIRET n\u00b0828 160 06903603;Vu l'extrait Kbis de la soci\u00e9t\u00e9, \u00e0 jour en date du 10 novembre 2025 ;Consid\u00e9rant que, tout changement de SIRET emporte la fermeture d'un \u00e9tablissement et lacr\u00e9ation d'un nouvel \u00e9tablissement avec une nouvelle habilitation :Consid\u00e9rant que les conditions requises par la r\u00e9glementation pour obtenir une premi\u00e8rehabilitation de 5 ans sont remplies ;Consid\u00e9rant que la demande d'habilitation et le dossier sont constitu\u00e9s conform\u00e9ment \u00e0 lar\u00e9glementation en vigueur ;sur proposition du sous-pr\u00e9fet d'Al\u00e8s; ARR\u00caTEArticle ler: L'\u00e9tablissement secondaire \u00e0 l'enseigne \u00ab POMPES FUNEBRES ET MARBRERIECAMARGUAISES \u00bb situ\u00e9 16 rue Gambetta \u00e0 Saint-Gilles (30800) SIRETn\u00b0828 160 06903603, dirig\u00e9 par M. Xavier Ximenes directeur de secteurop\u00e9rationel , est habilit\u00e9 pour exercer sur l'ensemble du territoire national, lesactivit\u00e9s fun\u00e9raires suivantes :- transport de corps avant et apr\u00e8s mise en bi\u00e8re,- Organisation des obs\u00e8ques,- soins de conservation (activit\u00e9 sous-trait\u00e9e),- fourniture des housses, des cercueils et de leurs accessoires int\u00e9rieurs etext\u00e9rieurs ainsi que des urnes cin\u00e9raires,- fourniture de corbillards et de voitures de deuils,- fourniture de personnel, objets et prestations n\u00e9cessaires aux obs\u00e8ques,inhumations, exhumations et cr\u00e9mations.\nSOUS PREFECTURE D'ALES - 3, boulevard Louis Blanc - 30100 ALES - TELEPHONE : 04.66.56.39.39 - www.gard.gouv.fr\nSous Pr\u00e9fecture d'Al\u00e8s - 30-2026-02-27-00009 - ARRETE-CREA-HABIILITATION-26-02-56-DU-27-02-26-PF-CAMARGUAISES-ST-GILLES 71\nArticle 2:\nArticle 3:\nArticle 4:Article 5:Article 6:\nArticle 7:\nL'op\u00e9rateur fun\u00e9raire d\u00e9clare, dans le cadre d'un contrat de sous-traitance,confier les prestations fun\u00e9raires suivantes :- soins de conservation\u00e0 l'entreprise habilit\u00e9e \u00ab HYGECO POST MORTEM ASSISTANCE\u00bb dont le si\u00e8geest situ\u00e9 \u00e0 GARGES-LES-GONESSE (95140).Les prestations de transport de corps apr\u00e8s mise en bi\u00e8re se font au moyendes v\u00e9hicules immatricul\u00e9s :FB-584-ZM ; FB-616-ZQ ; FT-736-FXLes prestations de transport de corps avant et apr\u00e8s mise en bi\u00e8re se font aumoyen des v\u00e9hicules immatricul\u00e9s :HD-051-S] ; HF-412-XC ; GV-644-RFLe num\u00e9ro d'habilitation est : 26-30-0293.La date de validit\u00e9 de la pr\u00e9sente habilitation est fix\u00e9e au : 27/02/2031.La pr\u00e9sente habilitation peut \u00e9tre retir\u00e9e ou suspendue pour une ou plusieursactivit\u00e9s pour l'un des motifs pr\u00e9vus par l'article L.2223-25 du code g\u00e9n\u00e9ral descollectivit\u00e9s territoriales.Le sous-pr\u00e9fet d'Al\u00e9s est charg\u00e9 de l'ex\u00e9cution du pr\u00e9sent arr\u00eat\u00e9 dont unexemplaire est notifi\u00e9 \u00e0 l'int\u00e9ress\u00e9 et ins\u00e9r\u00e9 au recueil des actes administratifs(RAA) de la pr\u00e9fecture du Gard.\nAl\u00e8s le 27 f\u00e9vrier 2026\n\u00c9mile SOUMBO\nN\u00b0 d'insertion au RAA :Voie slais de recours:La pr\u00e9sente d\u00e9cision peut faire l'objet d'un recours administratif aupr\u00e8s de l'autorit\u00e9 qui l'a d\u00e9livr\u00e9e ou aupr\u00e8s dutribunal administratif de Nimes, dans un d\u00e9lai de deux mois \u00e0 compter de sa notification pour l'int\u00e9ress\u00e9 et de sapublication pour les tiers.\nSOUS PREFECTURE D'ALES - 3, boulevard Louis Blanc - 30100 ALES - TELEPHONE : 04.66.56.39.39 - www.gard gouv.fr\nSous Pr\u00e9fecture d'Al\u00e8s - 30-2026-02-27-00009 - ARRETE-CREA-HABIILITATION-26-02-56-DU-27-02-26-PF-CAMARGUAISES-ST-GILLES 72\nSous Pr\u00e9fecture d'Al\u00e8s\n30-2026-02-27-00007\nARRETE-CREA-HABIILITATION-26-02-65-DU-27-0\n2-26-CF-CAMARGUAISES-ST-GILLES\nSous Pr\u00e9fecture d'Al\u00e8s - 30-2026-02-27-00007 - ARRETE-CREA-HABIILITATION-26-02-65-DU-27-02-26-CF-CAMARGUAISES-ST-GILLES 73\n| = Sous-pr\u00e9fecture d'Al\u00e9sPREFET Bureau de la R\u00e9glementation Fun\u00e9raire et des AssociationsDU GARD Service d\u00e9partemental du fun\u00e9raireLibert\u00e9\u00c9galit\u00e9Fraternit\u00e9\nArr\u00eat\u00e9 n\u00b0 26-02-65portant cr\u00e9ation d'habilitation dans le domaine fun\u00e9raire pour une dur\u00e9e de 5 ans\nLe pr\u00e9fet du Gard,Chevalier de la l\u00e9gion d'honneur,Officier de l'ordre national du M\u00e9rite,\nVu le code g\u00e9n\u00e9ral des collectivit\u00e9s territoriales, notamment les articles L. 2223-19 et suivants;Vu l'arr\u00eat\u00e9 pr\u00e9fectoral n\u00b0 30-2026-02-11-00002 du 11 f\u00e9vrier 2026 donnant d\u00e9l\u00e9gation designature \u00e0 Monsieur \u00c9mile SOUMBO, sous-pr\u00e9fet de l'arrondissement d'Al\u00e8s :Vu la demande de cr\u00e9ation d'habilitation d\u00e9pos\u00e9e le 21 janvier 2026 par M. Xavier Ximenesdirecteur de secteur op\u00e9rationel de la Soci\u00e9t\u00e9 OGF SERVICES FUNERAIRES dont le si\u00e8ge socialse situe Immeuble CANOPY - 6 rue du Mar\u00e9chal Audran \u00e0 Courbevoie (94200) pour son\u00e9tablissement secondaire \u00e0 l'enseigne \u00ab Maison Fun\u00e9raire de Saint-Gilles \u00bb situ\u00e9 10 rue desCigales \u00e0 Saint-Gilles (30800) SIRET n\u00b0828 160 069 15334 :Vu l'extrait Kbis de la soci\u00e9t\u00e9, \u00e0 jour en date du 10 novembre 2025 :Consid\u00e9rant que, tout changement de SIRET emporte la fermeture d'un \u00e9tablissement et lacr\u00e9ation d'un nouvel \u00e9tablissement avec une nouvelle habilitation :Consid\u00e9rant que les conditions requises par la r\u00e9glementation pour obtenir une premi\u00e8rehabilitation de 5 ans sont remplies ;Consid\u00e9rant que la demande d'habilitation et le dossier sont constitu\u00e9s conform\u00e9ment \u00e0 lar\u00e9glementation en vigueur ;sur proposition du sous-pr\u00e9fet d'Al\u00e9s;\nARR\u00caTE\nArticle ler: L'\u00e9tablissement secondaire \u00e0 l'enseigne \u00ab Maison Fun\u00e9raire de Saint-Gilles \u00bbsitu\u00e9 10 rue des Cigales \u00e0 Saint-Gilles (30800) SIRET n\u00b0828 160 069 15334 , esthabilit\u00e9 pour exercer sur l'ensemble du territoire national, les activit\u00e9sfun\u00e9raires suivantes :- gestion et utilisation d'une chambre fun\u00e9raire,\nSOUS PREFECTURE D'ALES - 3, boulevard Louis Blanc - 30100 ALES - TELEPHONE : 04.66.56.39.39 - www.gard gouv.fr\nSous Pr\u00e9fecture d'Al\u00e8s - 30-2026-02-27-00007 - ARRETE-CREA-HABIILITATION-26-02-65-DU-27-02-26-CF-CAMARGUAISES-ST-GILLES 74\nArticle 4: Le num\u00e9ro d'habilitation est : 26-30-0295.Article5: La date de validit\u00e9 de la pr\u00e9sente habilitation est fix\u00e9e au : 27/02/2031.Article6: La pr\u00e9sente habilitation peut \u00eatre retir\u00e9e ou suspendue pour une ou plusieursactivit\u00e9s pour l'un des motifs pr\u00e9vus par l'article L.2223-25 du code g\u00e9n\u00e9ral descollectivit\u00e9s territoriales.Article7: Le sous-pr\u00e9fet d'Al\u00e9s est charg\u00e9 de l'ex\u00e9cution du pr\u00e9sent arr\u00eat\u00e9 dont unexemplaire est notifi\u00e9 \u00e0 l'int\u00e9ress\u00e9 et ins\u00e9r\u00e9 au recueil des actes administratifs(RAA) de la pr\u00e9fecture du Gard.Al\u00e8s le 27 f\u00e9vrier 2026\nN\u00b0 d'insertion au RAA :Voies et d\u00e9lais de recours :La pr\u00e9sente d\u00e9cision peut faire l'objet d'un recours administratif aupr\u00e8s de l'autorit\u00e9 qui l'a d\u00e9livr\u00e9e ou aupr\u00e8s dutribunal administratif de N\u00eemes, dans un d\u00e9lai de deux mois \u00e0 compter de sa notification pour l'int\u00e9ress\u00e9 et de sapublication pour les tiers.\nSOUS PREFECTURE DALES - 3, boulevard Louis Blanc - 30100 ALES - TELEPHONE : 04.66.56.39.39 - www.gard.gouv.fr\nSous Pr\u00e9fecture d'Al\u00e8s - 30-2026-02-27-00007 - ARRETE-CREA-HABIILITATION-26-02-65-DU-27-02-26-CF-CAMARGUAISES-ST-GILLES 75\nSous Pr\u00e9fecture d'Al\u00e8s\n30-2026-02-27-00010\nARRETE-RETRAIT-26-02-62-DU-27-02-26-PFCARM\nARGUAISE-ST-GILLES \nSous Pr\u00e9fecture d'Al\u00e8s - 30-2026-02-27-00010 - ARRETE-RETRAIT-26-02-62-DU-27-02-26-PFCARMARGUAISE-ST-GILLES 76\nSous-pr\u00e9fecture d'Al\u00e8s| Bureau de la r\u00e9glementation fun\u00e9raire et des associationsPREFET Service d\u00e9partemental du fun\u00e9raireDU GARDLibert\u00e9\u00c9galit\u00e9Fraternit\u00e9\nArr\u00eat\u00e9 n\u00b0 26-02-62Portant retrait d'habilitation \u00e0 une entreprise fun\u00e9raireLe pr\u00e9fet du Gard,Chevalier de la L\u00e9gion d'Honneur,Officier de l'Ordre National du M\u00e9rite,\nVu le code g\u00e9n\u00e9ral des collectivit\u00e9s territoriales (CGCT), notamment les articles :- L.2223-19 relatif \u00e0 la mission de service public des pompes fun\u00e8bres ;- L.2223-23 relatif aux conditions d'habilitation pour exercer cette mission ;- L.2323-25 relatif \u00e0 la suspension ou au retrait de l'habilitation fun\u00e9raire ;- L.2223-35 relatif aux sanctions p\u00e9nales ;Vu l'arr\u00eat\u00e9 pr\u00e9fectoral n\u00b0 30-2026-02-11-00002 du 11 f\u00e9vrier 2026 donnant d\u00e9l\u00e9gation designature \u00e0 Monsieur Emile SOUMBO, sous-pr\u00e9fet de l'arrondissement d'Al\u00e8s ;Vu l'arr\u00eat\u00e9 pr\u00e9fectoral n\u00b0 23-01-35 du 24 janvier 2023, portant habilitation dans le domainefun\u00e9raire pour une dur\u00e9e de 5 ans le n\u00b0 23-30-0218, pour son l'\u00e9tablissement secondaire dela Soci\u00e9t\u00e9 OGF \u00e0 l'enseigne \u00ab POMPES FUNEBRES CAMARGUAISES \u00bb situ\u00e9 16 rue Gambettaa Saint-Gilles (30800) siret n\u00b054207679928669 ;Consid\u00e9rant que, tout changement de SIRET emporte la fermeture d'un \u00e9tablissement,l'habilitation fun\u00e9raire actuellement en cours doit \u00eatre retir\u00e9e ;\nARR\u00caTE :\nArticle 1\u00b0 :L'habilitation fun\u00e9raire d\u00e9livr\u00e9e le 24 janvier 2023 sous le n\u00b0 23-30-0216, pour une dur\u00e9e de5 ans, soit jusqu'au 24/01/2028, \u00e0 la SAS OGF \u00e0 l'enseigne \u00ab POMPES FUNEBRESCAMARGUAISES \u00bb situ\u00e9 16 rue Gambetta \u00e0 Saint-Gilles (30800) siret n\u00b054207679928669,dirig\u00e9e par M. Xavier Ximenes, est retir\u00e9e et abrog\u00e9e.\nSOUS PREFECTURE D'ALES - 3, boulevard Louis Blanc - 30100 ALES - TELEPHONE : 04.66.56.39.39 - www.gard.gouv.fr\nSous Pr\u00e9fecture d'Al\u00e8s - 30-2026-02-27-00010 - ARRETE-RETRAIT-26-02-62-DU-27-02-26-PFCARMARGUAISE-ST-GILLES 77\nArticle 2:Cet \u00e9tablissement n'est plus autoris\u00e9 \u00e0 exercer les activit\u00e9s fun\u00e9raires suivantes :- transport de corps avant et apr\u00e8s mise en bi\u00e8re,- organisation des obs\u00e8ques,- soins de conservation (activit\u00e9 sous-trait\u00e9e),- fourniture des housses, des cercueils et de leurs accessoires int\u00e9rieurs et ext\u00e9rieurs ainsique des urnes cin\u00e9raires,- fourniture de corbillards et de voitures de deuils,fourniture de personnel, objets et prestations n\u00e9cessaires aux obs\u00e8ques, inhumations,exhumations et cr\u00e9mations.\n\u00e0 compter de la date de notification de l'arr\u00eat\u00e9 au dirigeant de la soci\u00e9t\u00e9, et ce, surl'ensemble du territoire national.Article 3 :Le fait de diriger en droit ou en fait un \u00e9tablissement fun\u00e9raire sans habilitation est punid'une amende de 75 000 \u20ac. Les personnes physiques, coupables de cette infraction,encourent \u00e9galement les peines compl\u00e9mentaires pr\u00e9vues par le code p\u00e9nal (interdictiondes droits civiques, civils et de famille, interdiction d'exercer l'activit\u00e9 fun\u00e9raire pour unedur\u00e9e de cinq ans au plus, affichage ou diffusion de la d\u00e9cision prononc\u00e9e).Article 4 :Le sous-pr\u00e9fet d'Al\u00e8s est charg\u00e9 de l'ex\u00e9cution du pr\u00e9sent arr\u00eat\u00e9 qui sera notifi\u00e9 \u00e0l'int\u00e9ress\u00e9 et ins\u00e9r\u00e9 au recueil des actes administratifs de la pr\u00e9fecture du Gard (RAA).\nAl\u00e8s, le 27 f\u00e9vrier 2026Le so\u00ffs-pr\u00e9fet,\n\u00c9mile SOUMBO\nn\u00b0 d'insertion au RAA :\nVoies et d\u00e9lais de recours :La pr\u00e9sente d\u00e9cision peut faire l'objet d'un recours administratif aupr\u00e8s de l'autorit\u00e9 qui l'a d\u00e9livr\u00e9e ou aupr\u00e8s dutribunal administratif de Nimes dans un d\u00e9lai de deux mois \u00e0 compter de sa notification pour l'int\u00e9ress\u00e9 et de sapublication pour les tiers.\nSOUS PREFECTURE D'ALES - 3, boulevard Louis Blanc - 30100 ALES - TELEPHONE : 04.66.56.39.39 - www.gard gouv.fr\nSous Pr\u00e9fecture d'Al\u00e8s - 30-2026-02-27-00010 - ARRETE-RETRAIT-26-02-62-DU-27-02-26-PFCARMARGUAISE-ST-GILLES 78\nSous Pr\u00e9fecture d'Al\u00e8s\n30-2026-02-27-00008\nARRETE-RETRAIT-26-02-66-DU-27-02-26-CF-CAR\nMARGUAISE-ST-GILLES \nSous Pr\u00e9fecture d'Al\u00e8s - 30-2026-02-27-00008 - ARRETE-RETRAIT-26-02-66-DU-27-02-26-CF-CARMARGUAISE-ST-GILLES 79\nSous-pr\u00e9fecture d'Al\u00e9s| = Bureau de la r\u00e9glementation fun\u00e9raire et des associationsPREFET Service d\u00e9partemental du fun\u00e9raireDU GARDLibert\u00e9Egalit\u00e9Fraternit\u00e9\nArr\u00eat\u00e9 n\u00b0 26-02-66Portant retrait d'habilitation \u00e0 une entreprise fun\u00e9raireLe pr\u00e9fet du Gard,Chevalier de la L\u00e9gion d'Honneur,Officier de l'Ordre National du M\u00e9rite,\nVu le code g\u00e9n\u00e9ral des collectivit\u00e9s territoriales (CGCT), notamment les articles :- L.2223-19 relatif \u00e0 la mission de service public des pompes fun\u00e8bres ;- L.2223-23 relatif aux conditions d'habilitation pour exercer cette mission ;- L.2323-25 relatif \u00e0 la suspension ou au retrait de l'habilitation fun\u00e9raire ;- L.2223-35 relatif aux sanctions p\u00e9nales ;Vu l'arr\u00eat\u00e9 pr\u00e9fectoral n\u00b0 30-2026-02-11-00002 du 11 f\u00e9vrier 2026 donnant d\u00e9l\u00e9gation designature a Monsieur Emile SOUMBO, sous-pr\u00e9fet de l'arrondissement d'Al\u00e8s ;Vu l'arr\u00eat\u00e9 pr\u00e9fectoral n\u00b0 25-10-04 du 07 octobre 2025, portant habilitation dans ledomaine fun\u00e9raire pour une dur\u00e9e de 5 ans le n\u00b0 25-30-0280, pour son l'\u00e9tablissementsecondaire de la Soci\u00e9t\u00e9 OGF \u00e0 l'enseigne l'enseigne commerciale \u00ab Maison Fun\u00e9raire deSaint-Gilles \u00bb situ\u00e9 rue des Cigales \u00e0 Saint-Gilles (30800) siret n\u00b0 542 076 799 30657 ;Consid\u00e9rant que, tout changement de SIRET emporte la fermeture d'un \u00e9tablissement,l'habilitation fun\u00e9raire actuellement en cours doit \u00eatre retir\u00e9e ;\nARRETE:\nArticle 1\u00b0 :L'habilitation fun\u00e9raire d\u00e9livr\u00e9e le 07 octobre 2025 sous le n\u00b0 25-30-0280, pour une dur\u00e9ede 5 ans, soit jusqu'au 07/101/2030, \u00e0 la Soci\u00e9t\u00e9 OGF \u00e0 l'enseigne l'enseigne commerciale\u00ab Maison Fun\u00e9raire de Saint-Gilles \u00bb situ\u00e9 rue des Cigales \u00e0 Saint-Gilles (30800) - siretn\u00b0 542 076 799 30657, dirig\u00e9e par M. Xavier Ximenes, est retir\u00e9e et abrog\u00e9e.\nSOUS PREFECTURE D'ALES - 3, boulevard Louis Blanc - 30100 ALES - TELEPHONE : 04.66.56.39.39 - www.gard.gouv.fr\nSous Pr\u00e9fecture d'Al\u00e8s - 30-2026-02-27-00008 - ARRETE-RETRAIT-26-02-66-DU-27-02-26-CF-CARMARGUAISE-ST-GILLES 80\nArticle 2:Cet \u00e9tablissement n'est plus autoris\u00e9 \u00e0 exercer les activit\u00e9s fun\u00e9raires suivantes :- gestion et utilisation de chambres fun\u00e9raires.\u00e0 compter de la date de notification de l'arr\u00eat\u00e9 au dirigeant de la soci\u00e9t\u00e9, et ce, surl'ensemble du territoire national.Article 3 :Le fait de diriger en droit ou en fait un \u00e9tablissement fun\u00e9raire sans habilitation est punid'une amende de 75 000 \u20ac. Les personnes physiques, coupables de cette infraction,encourent \u00e9galement les peines compl\u00e9mentaires pr\u00e9vues par le code p\u00e9nal (interdictiondes droits civiques, civils et de famille, interdiction d'exercer l'activit\u00e9 fun\u00e9raire pour unedur\u00e9e de cinq ans au plus, affichage ou diffusion de la d\u00e9cision prononc\u00e9e).Article 4 :\nxLe sous-pr\u00e9fet d'Al\u00e8s est charg\u00e9 de l'ex\u00e9cution du pr\u00e9sent arr\u00eat\u00e9 qui sera notifi\u00e9 al'int\u00e9ress\u00e9 et ins\u00e9r\u00e9 au recueil des actes administratifs de la pr\u00e9fecture du Gard (RAA).\nAl\u00e8s, le 27 f\u00e9vrier 2026Le so\nEmile SOUMBO\nn\u00b0 d'insertion au RAA :\nVoies et d\u00e9lai r 'eLa pr\u00e9sente d\u00e9cision peut faire l'objet d'un recours administratif aupr\u00e8s de l'autorit\u00e9 qui l'a d\u00e9livr\u00e9e ou aupr\u00e8s dutribunal administratif de N\u00eemes dans un d\u00e9lai de deux mois \u00e0 compter de sa notification pour l'int\u00e9ress\u00e9 et de sapublication pour les tiers.\nSOUS PREFECTURE D'AL\u00c8S - 3, boulevard Louis Blanc - 30100 ALES - TELEPHONE : 04.66.56.39.39 - www.gard.gouv.fr\nSous Pr\u00e9fecture d'Al\u00e8s - 30-2026-02-27-00008 - ARRETE-RETRAIT-26-02-66-DU-27-02-26-CF-CARMARGUAISE-ST-GILLES 81","date":"2026-03-06","first_seen_on":"2026-03-06T17:23:08+00:00","id":"6af14736dc8ec36a29ff1b942aca0f6f40b1f66a77ed242f007b9d3a24c44f5c","name":"recueil-30-2026-046-normal du 06 03 2026","pdf_creation_date":"2026-03-06T15:17:04+00:00","pdf_modification_date":null,"timezone":"Europe/Paris","url":"https://www.gard.gouv.fr/contenu/telechargement/67221/494070/file/recueil-30-2026-046-normal%20du%2006%2003%202026.pdf"}
