{"administration":"pref21","administration_name":"Pr\u00e9fecture de C\u00f4te-d\u2019Or","content":"PR\u00c9FET\nDE LA C\u00d4TE-D'OR\nRECUEIL DES ACTES\nADMINISTRATIFS SP\u00c9CIAL\nN\u00b021-2025-113\nPUBLI\u00c9 LE 27 AO\u00dbT 2025\nSommaire\nARS Bourgogne-Franche-Comt\u00e9 / Direction de l'organisation des soins\n21-2025-08-21-00005 - Arr\u00eat\u00e9 n\u00b0 ARS-BFC-DOSA-2025-1682 rejetant la\ndemande de regroupement de l'officine de pharmacie exploit\u00e9e par la\nsoci\u00e9t\u00e9 d'exercice lib\u00e9ral \u00e0 responsabilit\u00e9 limit\u00e9e (S.E.L.A.R.L)\n\u00ab Pharmacie du vieux Beaune \u00bb, sise 32 rue Carnot \u00e0 BEAUNE (21 200),\net de l'officine de pharmacie exploit\u00e9e par la soci\u00e9t\u00e9\nd'exercice lib\u00e9ral \u00e0 responsabilit\u00e9 limit\u00e9e (S.E.L.A.R.L) \u00ab\nPharmacie des vignes \u00bb, sise 2 route de Verdun \u00e0 BEAUNE (21 200), au 14\nB impasse Jean-Baptiste Gambut \u00e0 BEAUNE (4 pages) Page 5\nDirection d\u00e9partementale de l'emploi, du travail et des solidarit\u00e9s de\nC\u00f4te-d'Or /\n21-2025-08-26-00001 - 2025 D\u00e9cision relative \u00e0 la composition de\nl'observatoire d\u00e9partemental du dialogue social (2 pages) Page 10\nDirection d\u00e9partementale des territoires de la C\u00f4te-d'Or / Service de l'eau\net des risques\n21-2025-08-27-00002 - Arr\u00eat\u00e9 pr\u00e9fectoral n\u00b01330 du 27 ao\u00fbt 2025\n\nportant constat de franchissement de seuils entra\u00eenant la limitation ou\nla suspension\nprovisoire de certains usages de l'eau\nsur le territoire\ndu d\u00e9partement de la C\u00f4te-d'Or (4 pages) Page 13\nDirection d\u00e9partementale des territoires de la C\u00f4te-d'Or / Service\nS\u00e9curit\u00e9 et Education Routi\u00e8re\n21-2025-08-21-00004 - AP 1309 20250821 RAA Circulation\nRallyeDesHautesC\u00f4tes2025 (4 pages) Page 18\n21-2025-08-20-00002 - AP 1314 20250820 RAA M274 DiversEntretiens (11\npages) Page 23\n21-2025-08-22-00001 - Arr\u00eat\u00e9 N\u00b0 1319 \nportant autorisation d'une\nd\u00e9monstration automobile intitul\u00e9e\n \u00ab4\u00e8me ronde classique du\npays de Saint-Seine\u00bb \nles samedi 30 et dimanche 31 ao\u00fbt 2025. (3\npages) Page 35\n21-2025-08-27-00001 - Arr\u00eat\u00e9 Pr\u00e9fectoral N\u00b01326 portant\nd\u00e9rogation \u00e0 titre temporaire \u00e0 l'interdiction de circulation des\nv\u00e9hicules de transport de marchandises \u00e0 certaines p\u00e9riodes pour les\nv\u00e9hicules de plus de 7,5 tonnes de PTAC exploit\u00e9s par la SAS\nALABEURTHE domicili\u00e9e \u00e0 BEAUNE (21) (4 pages) Page 39\nDREAL Bourgogne-Franche-Comt\u00e9 / Service Biodiversit\u00e9 Eau Patrimoine\n21-2025-08-19-00007 - AP d\u00e9rogation capture  Grenouille verte SCI SRPG\n(4 pages) Page 44\n2\nHospices Civils de Beaune / Direction g\u00e9n\u00e9rale\n21-2025-08-20-00003 - Arr\u00eat\u00e9 n\u00b0 33/2025 Cession de la parcelle ZN 39\n\u00ab EN PLUME \u00bb - LABERGEMENT LES SEURRE (2 pages) Page 49\nPr\u00e9fecture de la C\u00f4te-d'Or / Cabinet\n21-2025-08-25-00002 - AP1324 portant interdiction de survol, de captation,\nd'enregistrement et de transmission d'images au moyen\nd'a\u00e9ronefs sans \u00e9quipage \u00e0 bord (2 pages) Page 52\n21-2025-08-25-00001 - autorisant la mise en oeuvre d'un dispositif de\nbrouillage antidrone pendant le festival \u00ab\u00a0GOLDEN COAST\u00bb (2 pages) Page 55\nPr\u00e9fecture de la C\u00f4te-d'Or / Direction de la coordination, des politiques\npubliques et de l'appui territorial\n21-2025-08-18-00004 - ARR\u00caT\u00c9 PR\u00c9FECTORAL n\u00b0\u00a01312 du 18 ao\u00fbt\n2025 portant autorisation de p\u00e9n\u00e9trer dans les propri\u00e9t\u00e9s\npriv\u00e9es au b\u00e9n\u00e9fice de la soci\u00e9t\u00e9 \u00ab\u00a0R\u00e9seau de Transport\nd'\u00c9lectricit\u00e9\u00a0\u00bb (RTE) et ENEDIS dans le cadre d'\u00e9tudes\npr\u00e9alables \u00e0 la cr\u00e9ation d'un poste source ENEDIS\n225\u00a0000/20\u00a0000 volts et de son raccordement via une liaison\nsouterraine issue du poste \u00e9lectrique 225\u00a0000 volts existant de\nCHAMPS-REGNAUD (4 pages) Page 58\n21-2025-08-21-00003 - Ordre du jour de la commission d\u00e9partementale\nd'am\u00e9nagement commercial de C\u00f4te-d'Or (CDAC 21) du 02 septembre\n2025 (1 page) Page 63\nPr\u00e9fecture de la C\u00f4te-d'Or / Direction des Collectivit\u00e9s locales et des\nElections\n21-2025-07-24-00013 - Arr\u00eat\u00e9 portant modification des statuts du\nsyndicat intercommunal des eaux de la r\u00e9gion de Dole (6 pages) Page 65\nPr\u00e9fecture de la C\u00f4te-d'Or / Direction des s\u00e9curit\u00e9s\n21-2025-08-26-00002 - Arr\u00eat\u00e9 N\u00b0 1301 portant renouvellement de\nl'autorisation de mise en service du tunnel de Talant (RN 274 dite\nLINO-Rocade - M274 ) (3 pages) Page 72\nPr\u00e9fecture de la C\u00f4te-d'Or / SGCD de C\u00f4te-d'Or\n21-2025-07-01-00018 - Arr\u00eat\u00e9 n\u00b0925 portant d\u00e9signation des\nrepr\u00e9sentants de l'administration et du personnel au sein de la\ncommission administrative paritaire des secr\u00e9taires administratifs de la\nr\u00e9gion Bourgogne-Franche-Comt\u00e9. (2 pages) Page 76\n21-2025-07-01-00019 - Arr\u00eat\u00e9 n\u00b0926 portant d\u00e9signation des\nrepr\u00e9sentants de l'administration et du personnel au sein de la\ncommission administrative paritaire des attach\u00e9s d'administration de la\nr\u00e9gion Bourgogne-Franche-Comt\u00e9. (2 pages) Page 79\n21-2025-07-01-00017 - Arr\u00eat\u00e9 pr\u00e9fectoral n\u00b0924 portant\nd\u00e9signation des repr\u00e9sentants de l'administration et du personnel au\nsein de la commission administrative paritaire des adjoints administratifs de\nla r\u00e9gion Bourgogne-Franche-Comt\u00e9. (2 pages) Page 82\n3\nSDIS de C\u00f4te-d'Or /\n21-2025-08-01-00002 - 2025_Liste d'aptitude unit\u00e9 sp\u00e9cialis\u00e9e risque\nchimique_modificatif 3 (4 pages) Page 85\n4\nARS Bourgogne-Franche-Comt\u00e9\nDirection de l'organisation des soins\n21-2025-08-21-00005\nArr\u00eat\u00e9 n\u00b0 ARS-BFC-DOSA-2025-1682 rejetant la\ndemande de regroupement de l'officine de\npharmacie exploit\u00e9e par la soci\u00e9t\u00e9 d'exercice\nlib\u00e9ral \u00e0 responsabilit\u00e9 limit\u00e9e (S.E.L.A.R.L) \u00ab\nPharmacie du vieux Beaune \u00bb, sise 32 rue Carnot\n\u00e0 BEAUNE (21 200), et de l'officine de pharmacie\nexploit\u00e9e par la soci\u00e9t\u00e9 d'exercice lib\u00e9ral \u00e0\nresponsabilit\u00e9 limit\u00e9e (S.E.L.A.R.L) \u00ab Pharmacie\ndes vignes \u00bb, sise 2 route de Verdun \u00e0 BEAUNE (21\n200), au 14 B impasse Jean-Baptiste Gambut \u00e0\nBEAUNE\nARS Bourgogne-Franche-Comt\u00e9 - 21-2025-08-21-00005 - Arr\u00eat\u00e9 n\u00b0 ARS-BFC-DOSA-2025-1682 rejetant la demande de regroupement de\nl'officine de pharmacie exploit\u00e9e par la soci\u00e9t\u00e9 d'exercice lib\u00e9ral \u00e0 responsabilit\u00e9 limit\u00e9e (S.E.L.A.R.L) \u00ab Pharmacie du vieux Beaune \u00bb,\nsise 32 rue Carnot \u00e0 BEAUNE (21 200), et de l'officine de pharmacie exploit\u00e9e par la soci\u00e9t\u00e9 d'exercice lib\u00e9ral \u00e0 responsabilit\u00e9 limit\u00e9e\n(S.E.L.A.R.L) \u00ab Pharmacie des vignes \u00bb, sise 2 route de Verdun \u00e0 BEAUNE (21 200), au 14 B impasse Jean-Baptiste Gambut \u00e0 BEAUNE\n5\nREPUBLIQUEFRANCAISEL'iberte'Egalit\u00e9Fraternit\u00e9\nAl@ ) Agence R\u00e9gionale de Sant\u00e9Bourgogne-Franche-Comt\u00e9\n  \n \n \n \nARS Bourgogne-Franche-Comt\u00e9 \nLe Diapason, 2 Place des Savoirs, CS 73535, 21035 Dijon cedex \nT\u00e9l. : 0808 807 107 - Site : www.ars.bourgogne-franche-comte.sante.fr \n \nArr\u00eat\u00e9 n\u00b0 ARS-BFC-DOSA-2025-1682 \nrejetant la demande de regroupement de l'officine de pharmacie exploit\u00e9e par la soci\u00e9t\u00e9 d'exercice lib\u00e9ral \u00e0 \nresponsabilit\u00e9 limit\u00e9e (S.E.L.A.R.L) \u00ab Pharmacie du vieux Beaune \u00bb, sise 32 rue Carnot \u00e0 BEAUNE (21 200), et de \nl'officine de pharmacie exploit\u00e9e par la soci\u00e9t\u00e9 d'exercice lib\u00e9ral \u00e0 responsabilit\u00e9 limit\u00e9e (S.E.L.A.R.L) \u00ab  Pharmacie \ndes vignes \u00bb, sise 2 route de Verdun \u00e0 BEAUNE (21 200), au 14 B impasse Jean-Baptiste Gambut \u00e0 BEAUNE \n \nLa directrice g\u00e9n\u00e9rale \n de l'Agence R\u00e9gionale de Sant\u00e9 de Bourgogne-Franche-Comt\u00e9 \n \n \nVU le code de la sant\u00e9 publique, notamment le chapitre V du titre II du livre 1 er de sa cinqui\u00e8me partie (parties \nl\u00e9gislative et r\u00e9glementaire) ; \n \nVU le d\u00e9cret du 30 juillet 2025 portant nomination de la directrice g\u00e9n\u00e9rale de l'agence r\u00e9gionale de sant\u00e9 de \nBourgogne-Franche-Comt\u00e9 - Mme MARMIER (Mathilde) ; \n \nVU l'arr\u00eat\u00e9 du 30 juillet 2018 fixant la liste des pi\u00e8ces justificatives accompagnant toute demande de cr\u00e9ation, de  \ntransfert ou de regroupement d'officines de pharmacie ; \n \nVU la d\u00e9cision ARS-BFC-SG-2025-045 portant d\u00e9l\u00e9gation de signature de la directrice g\u00e9n\u00e9rale de l'agence r\u00e9gionale \nde sant\u00e9 de Bourgogne-Franche-Comt\u00e9 en date du 31 juillet 2025 ; \n \nVU la demande pr\u00e9sent\u00e9e le 12 mars 2025 par Ma\u00eetre Nad\u00e8ge HARIOT, avocate au sein de la S.E.L.A.R.L. \u00ab  DCG \n\u2013 FLG Avocats \u00bb, sise 583 avenue du Prado \u00e0 MARSEILLE (13 008), au nom et pour le compte de : \n\u2022 la soci\u00e9t\u00e9 d'exercice lib\u00e9ral \u00e0 responsabilit\u00e9 limit\u00e9e (S.E.L.A.R.L.) \u00ab Pharmacie du vieux Beaune \u00bb, \nrepr\u00e9sent\u00e9e par Monsieur Alban LARROQUE, pharmacien, exploitant une officine de pharmacie sise 32 rue \nCarnot \u00e0 BEAUNE (21 200), \n\u2022 la soci\u00e9t\u00e9 d'exercice lib\u00e9ral \u00e0 responsabilit\u00e9 limit\u00e9e (S.E.L.A.R.L.) \u00ab Pharmacie des vignes \u00bb, repr\u00e9sent\u00e9e par \nMadame Sanjica VIDACEK , pharmacienne, exploitant une officine de pharmacie sise 2 route de Verdun \u00e0 \nBEAUNE (21 200), \nen vue d'\u00eatre autoris\u00e9es \u00e0 regrouper ces officines de pharmacie au 14 B impasse Jean-Baptiste Gambut \u00e0 BEAUNE \n(21 200) ; \nVU le courrier du directeur g\u00e9n\u00e9ral de l'agence r\u00e9gionale de sant\u00e9 de Bourgogne-Franche-Comt\u00e9, en date du 24 mars \n2025, informant Ma\u00eetre Nad\u00e8ge HARIOT que le dossier accompagnant la demande susvis\u00e9e, r\u00e9ceptionn\u00e9e le 14 mars \n2025, d'autorisation de regroupement des officines exploit\u00e9es 32 rue Carnot et 2 route de Verdun \u00e0 BEAUNE (21 \n200) n'est pas recevable, la condition suspensive appos\u00e9e au bail commercial du local de l'officine issue du \nregroupement : \u00ab autorisation de transfert purg\u00e9e de tout recours \u00bb faisant obstacle aux droits du demandeur sur ledit \nlocal \u00e0 l'issue du d\u00e9lai d'instruction de 4 mois ; \n \nVU l'avenant n\u00b0 2 au bail commercial communiqu\u00e9 au sein du dossier accompagnant la demande initi\u00e9e le 12 mars \n2025, transmis par courrier \u00e9lectronique du 02 mai 2025 par Ma\u00eetre Nad\u00e8ge HARIOT au directeur g\u00e9n\u00e9ral de l'agence \nr\u00e9gionale de sant\u00e9 de Bourgogne -Franche-Comt\u00e9, rectifiant les conditions suspensives d'entr\u00e9e en jouissance du \nlocal de l'officine issue du regroupement ; \n \nVU les courriers du directeur g\u00e9n\u00e9ral de l'agence r\u00e9gionale de sant\u00e9 de Bourgogne -Franche-Comt\u00e9 du 09 mai 2025 \ninformant Monsieur Alban LARROQUE, pharmacien titulaire, g\u00e9rant de la SELARL \u00ab Pharmacie du vieux Beaune \u00bb , \net Madame Sanjica VIDACEK, pharmacienne titulaire, g\u00e9rante de la SELARL \u00ab Pharmacie des vignes \u00bb,  que la \ndemande d'autorisation de regroupement de leurs officines exploit\u00e9e exploit\u00e9es 32 rue Carnot et 2 route de Verdun \n\u00e0 BEAUNE (21 200) a \u00e9t\u00e9 enregistr\u00e9e le 02 mai 2025 , date de r\u00e9ception des \u00e9l\u00e9ments destin\u00e9 s \u00e0 compl\u00e9ter la \ndemande d'autorisation de transfert initi\u00e9e le 12 mars 2025 ; \nARS Bourgogne-Franche-Comt\u00e9 - 21-2025-08-21-00005 - Arr\u00eat\u00e9 n\u00b0 ARS-BFC-DOSA-2025-1682 rejetant la demande de regroupement de\nl'officine de pharmacie exploit\u00e9e par la soci\u00e9t\u00e9 d'exercice lib\u00e9ral \u00e0 responsabilit\u00e9 limit\u00e9e (S.E.L.A.R.L) \u00ab Pharmacie du vieux Beaune \u00bb,\nsise 32 rue Carnot \u00e0 BEAUNE (21 200), et de l'officine de pharmacie exploit\u00e9e par la soci\u00e9t\u00e9 d'exercice lib\u00e9ral \u00e0 responsabilit\u00e9 limit\u00e9e\n(S.E.L.A.R.L) \u00ab Pharmacie des vignes \u00bb, sise 2 route de Verdun \u00e0 BEAUNE (21 200), au 14 B impasse Jean-Baptiste Gambut \u00e0 BEAUNE\n6\n \nARS Bourgogne-Franche-Comt\u00e9 \nLe Diapason, 2 Place des Savoirs, CS 73535, 21035 Dijon cedex \nT\u00e9l. : 0808 807 107 - Site : www.ars.bourgogne-franche-comte.sante.fr \n \n \nVU l'avis \u00e9mis par la f\u00e9d\u00e9ration des syndicats pharmaceutiques de France le 21 mai 2025  ; \n \nVU l'avis \u00e9mis par l'union des syndicats de pharmaciens d'officine de Bourgogne -Franche-Comt\u00e9 le 25 juin 2025 ; \n \nVU l'avis \u00e9mis par le conseil r\u00e9gional de l'Ordre des pharmaciens de Bourgogne -Franche-Comt\u00e9 le 26 juin 2025.  \n \nConsid\u00e9rant qu'au regard des dispositions de l'article L. 5125-3 du code de la sant\u00e9 publique \u00ab Lorsqu'ils permettent \nune desserte en m\u00e9dicaments optimale au regard des besoins de la population r\u00e9sidente et du lieu d'implantation \nchoisi par le pharmacien demandeur au  sein d'un quartier d\u00e9fini \u00e0 l'article L. 5125 -3-1, d'une commune ou des \ncommunes mentionn\u00e9es \u00e0 l'article L. 5125-6-1, sont autoris\u00e9s par le directeur g\u00e9n\u00e9ral de l'agence r\u00e9gionale de sant\u00e9, \nrespectivement dans les conditions suivantes :  \n \n1\u00b0 Les transferts et regroupements d'officines, sous r\u00e9serve de ne pas compromettre l'approvisionnement n\u00e9cessaire \nen m\u00e9dicaments de la population r\u00e9sidente du quartier, de la commune ou des communes d'origine.  \nL'approvisionnement en m\u00e9dicaments est compromis lorsqu'il n'existe pas d'officine au sein du quartier, de la \ncommune ou de la commune limitrophe accessible au public par voie pi\u00e9tonni\u00e8re ou par un mode de transport \nmotoris\u00e9 r\u00e9pondant aux conditions pr\u00e9vues par d\u00e9cret, et disposant d'emplacements de stationnement \u00bb [\u2026] ;  \n \nConsid\u00e9rant qu'au regard des dispositions du premier alin\u00e9a de l'article L. 5125 -3-1 du code de la sant\u00e9 publique \n\u00ab Le directeur g\u00e9n\u00e9ral de l'agence r\u00e9gionale de sant\u00e9 d\u00e9finit le quartier d'une commune en fonction de son unit\u00e9 \ng\u00e9ographique et de la pr\u00e9sence d'une pop ulation r\u00e9sidente. L'unit\u00e9 g\u00e9ographique est d\u00e9termin\u00e9e par des limites \nnaturelles ou communales ou par des infrastructures de transport. \u00bb ; \n \nConsid\u00e9rant qu'au regard des dispositions de l'article L. 5125 -3-2 du code de la sant\u00e9 publique \u00ab  Le caract\u00e8re \noptimal de la desserte en m\u00e9dicaments au regard des besoins pr\u00e9vu \u00e0 l'article L. 5125-3 est satisfait d\u00e8s lors que les \nconditions cumulatives suivantes sont respect\u00e9es :  \n1\u00b0 L'acc\u00e8s \u00e0 la nouvelle officine est ais\u00e9 ou facilit\u00e9 par sa visibilit\u00e9, par des am\u00e9nagements pi\u00e9tonniers, des \nstationnements et, le cas \u00e9ch\u00e9ant, des dessertes par les transports en commun ;  \n2\u00b0 Les locaux de la nouvelle officine remplissent les conditions d'accessibilit\u00e9 mentionn\u00e9es \u00e0 l' article L. 111-7-3 du \ncode de la construction et de l'habitation , ainsi que les conditions minimales d'installation pr\u00e9vues par d\u00e9cret. Ils \npermettent la r\u00e9alisation des missions pr\u00e9vues \u00e0 l'article L. 5125-1-1 A du pr\u00e9sent code et ils garantissent un acc\u00e8s \npermanent du public en vue d'assurer un service de garde et d'urgence ;  \n3\u00b0 La nouvelle officine approvisionne la m\u00eame population r\u00e9sidente ou une population r\u00e9sidente jusqu'ici non \ndesservie ou une population r\u00e9sidente dont l'\u00e9volution d\u00e9mographique est av\u00e9r\u00e9e ou pr\u00e9visible au regard des permis \nde construire d\u00e9livr\u00e9s pour des logements individuels ou collectifs. \u00bb ; \n \nConsid\u00e9rant que l'article L. 5125 -3-3 du code de la sant\u00e9 publique \u00e9nonce que  : \u00ab Par d\u00e9rogation aux dispositions \nde l'article L. 5125 -3-2, le caract\u00e8re optimal de la r\u00e9ponse aux besoins de la population r\u00e9sidente est appr\u00e9ci\u00e9 au \nregard des seules conditions pr\u00e9vues aux 1\u00b0 et 2\u00b0 du m\u00eame article dans les cas suivants : \n2\u00b0 Le regroupement d'officines d'un m\u00eame quartier au sein de ce dernier [...] \u00bb ;  \n \nConsid\u00e9rant qu'au regard des dispositions de l'article L. 5125-4 du code de la sant\u00e9 publique \n\u00ab I.-L'ouverture par voie de transfert ou de regroupement d'une officine dans une commune, ou dans une commune \nnouvelle d\u00e9finie \u00e0 l'article L. 2113-1 du code g\u00e9n\u00e9ral des collectivit\u00e9s territoriales ou dans les communes mentionn\u00e9es \n\u00e0 l'article L. 5125-6-1 du pr\u00e9sent code peut \u00eatre autoris\u00e9e lorsque le nombre d'habitants recens\u00e9s est au moins \u00e9gal \n\u00e0 2 500. \nL'ouverture d'une officine suppl\u00e9mentaire peut \u00eatre autoris\u00e9e par voie de transfert ou de regroupement \u00e0 raison d'une \nautorisation par tranche enti\u00e8re suppl\u00e9mentaire de 4 500 habitants recens\u00e9s dans la commune, dans la commune \nnouvelle ou dans les communes  mentionn\u00e9es \u00e0 l'article L. 5125 -6-1.[\u2026] III.-Le nombre d'habitants dont il est tenu \ncompte pour l'application du pr\u00e9sent article est la population municipale telle qu'elle est issue du dernier recensement \nde la population publi\u00e9 au Journal officiel de la R\u00e9publique fran\u00e7aise. \u00bb ; \n \nConsid\u00e9rant qu'au regard des dispositions du premier alin\u00e9a de l'article L. 5125 -5 du code de la sant\u00e9 publique \n\u00ab Deux ou plus de deux officines sont autoris\u00e9es \u00e0 se regrouper si leur emplacement d'origine est situ\u00e9 dans une \ncommune pr\u00e9sentant un nombre d'officines sup\u00e9rieur aux seuils pr\u00e9vus \u00e0 l'article L. 5125-4. Le lieu de regroupement \nde ces officines est l'emplacement de l'une d'elles ou tout autre emplacement situ\u00e9 sur le territoire national.  \u00bb ; \n \nARS Bourgogne-Franche-Comt\u00e9 - 21-2025-08-21-00005 - Arr\u00eat\u00e9 n\u00b0 ARS-BFC-DOSA-2025-1682 rejetant la demande de regroupement de\nl'officine de pharmacie exploit\u00e9e par la soci\u00e9t\u00e9 d'exercice lib\u00e9ral \u00e0 responsabilit\u00e9 limit\u00e9e (S.E.L.A.R.L) \u00ab Pharmacie du vieux Beaune \u00bb,\nsise 32 rue Carnot \u00e0 BEAUNE (21 200), et de l'officine de pharmacie exploit\u00e9e par la soci\u00e9t\u00e9 d'exercice lib\u00e9ral \u00e0 responsabilit\u00e9 limit\u00e9e\n(S.E.L.A.R.L) \u00ab Pharmacie des vignes \u00bb, sise 2 route de Verdun \u00e0 BEAUNE (21 200), au 14 B impasse Jean-Baptiste Gambut \u00e0 BEAUNE\n7\n \nARS Bourgogne-Franche-Comt\u00e9 \nLe Diapason, 2 Place des Savoirs, CS 73535, 21035 Dijon cedex \nT\u00e9l. : 0808 807 107 - Site : www.ars.bourgogne-franche-comte.sante.fr \n \nConsid\u00e9rant que la population municipale de BE AUNE s'\u00e9levait \u00e0 20 233 habitants en 2022 (chiffres de la population \nl\u00e9gale mill\u00e9sim\u00e9s 202 2 entr\u00e9s en vigueur le 1 er janvier 2025 - source Insee), pour 10 officines de pharmacie, soit 1 \npharmacie pour 2 023 habitants ; \n \nConsid\u00e9rant que la commune de BE AUNE comporte six officines de pharmacie en surnombre par rapport aux seuils \npr\u00e9vus \u00e0 l'article L. 5125-4 du code de la sant\u00e9 publique, et que, de ce fait, un regroupement est possible ; \n \nConsid\u00e9rant que l'officine de pharmacie exploit\u00e9e par l a S.E.L.A.R.L. \u00ab Pharmacie du vieux Beaune \u00bb est implant\u00e9e \ndans le quartier \u00ab centre-ville \u00bb, d\u00e9limit\u00e9 au Nord par la route d\u00e9partementale 974 et le boulevard Mar\u00e9chal Joffre, \u00e0 \nl'Ouest par la route d\u00e9partementale 974, \u00e0 l'Est par le boulevard Jules Ferry et la route d\u00e9partementale 470 et au Sud \npar les routes d\u00e9partementales 974 et 470.  \n \nConsid\u00e9rant que le quartier \u00ab  centre-ville \u00bb est actuellement approvisionn\u00e9 par deux officines exploit\u00e9es, \nrespectivement, par la  S.E.L.A.R.L. \u00ab Pharmacie du vieux Beaune \u00bb , sise 32 rue Carnot  \u00e0 BEAUNE (21  200), et la \nS.E.L.A.S. \u00ab Pharmacie de Bourgogne  \u00bb, sise 2 place Monge \u00e0 BEAUNE  (21 200), distante de 1 90 m\u00e8tres l'une de \nl'autre.  \n \nConsid\u00e9rant que l'approvisionnement en m\u00e9dicaments du centre -ville de Beaune ne sera pas compromis \u00e0 l'issue du \nregroupement, puisqu'assur\u00e9 par la pharmacie de Bourgogne ; \n \nConsid\u00e9rant que le regroupement est envisag\u00e9 au sein d 'un quartier qui a fait l'objet d'une d\u00e9limitation par arr\u00eat\u00e9 du \ndirecteur g\u00e9n\u00e9ral de l'agence r\u00e9gionale de sant\u00e9 de Bourgogne -Franche-Comt\u00e9 n\u00b0 DOS/ASPU/004/2021 du 20 janvier \n2021, \u00e0 savoir au Nord par l'autoroute A6, au Sud par la route d\u00e9partementale 1074, \u00e0 l'Ouest par la ligne SNCF Paris-\nLyon \u00e0 Marseille-Saint-Charles et \u00e0 l'Est par l'autoroute A6 et la route europ\u00e9enne 21 ;  \n \nConsid\u00e9rant que ce quartier est desservi par  deux of ficines de pharmacie exploit\u00e9es, respectivement, par la \nS.E.L.A.R.L. \u00ab Pharmacie des vignes \u00bb, sise 2 route de Verdun \u00e0 BEAUNE (21 200), et Madame Elodie DURRIEU, sise \n20 avenue du Lac \u00e0 BEAUNE (21 200), distante d'environ 1 200 m\u00e8tres l'une de l'autre, et dont l'implantation respective \nau sein du quartier pr\u00e9cit\u00e9 permet un \u00e9quilibre de l'offre au sein dudit quartier  ;   \n \nConsid\u00e9rant toutefois que le regroupement aurait lieu dans la partie beaunoise de la zone d'am\u00e9nagement concert\u00e9 \n(ZAC) \u00ab Beaune-Vignolles \u00bb, principalement commerciale, occup\u00e9e par des magasins, des garages et concessions \nautomobiles, stations-services et soci\u00e9t\u00e9 de transport, et en cela d\u00e9nu\u00e9e de population r\u00e9sidente \u00e0 proximit\u00e9 imm\u00e9diate \ndu lieu de regroupement ;   \n \nConsid\u00e9rant que l'offre pharmaceutique  de ce quartier , jusqu'alors \u00e9quilibr\u00e9e et harmonieuse, se verrait remise en \ncause par le regroupement, la distance qui s\u00e9parerait la pharmacie DURRIEU de celle issue du regroupement n'\u00e9tant \nque de 500 m\u00e8tres ;  \n \nConsid\u00e9rant que l'acc\u00e8s \u00e0 la nouvelle officine sera ais\u00e9 en raison de la pr\u00e9sence d'am\u00e9nagements pi\u00e9tonniers et \u00e0 \nproximit\u00e9 imm\u00e9diate d'un parking, au sein duquel  deux places ont \u00e9t\u00e9 am\u00e9nag\u00e9es pour les personnes handicap\u00e9es, \nainsi qu'une desserte par les transports en commun (ligne de bus n\u00b0 1 du r\u00e9seau KEOLIS \u00ab Maladi\u00e8res-Chevrolet \u00bb) ; \n \nConsid\u00e9rant que si les conditions \u00e9nonc\u00e9es au 1 \u00b0 et 2\u00b0 de l'article L. 5125 -3-2 du code de la sant\u00e9 publique sont \nrespect\u00e9es, il est \u00e0 noter que le regroupement des pharmacies du vieux Beaune et des vignes au 14 B impasse Jean-\nBaptiste Gambut \u00e0 BEAUNE (21 200)  aurait des cons\u00e9quences sur la  desserte pharmaceutique actuelle  dont \nl'homog\u00e9n\u00e9it\u00e9 serait remise en cause ;                                                        \n \nConsid\u00e9rant que les locaux de l'officine issue du regroupement permettront d'une part, de remplir les crit\u00e8res \nd'accessibilit\u00e9 pour les personnes \u00e0 mobilit\u00e9 r\u00e9duite, de r\u00e9pondre aux conditions minimales d'installation des \npharmacies, de garantir un acc\u00e8s permanent au public pour assurer le service de garde et d'urgence et, d'autre part, de \nr\u00e9aliser les missions des pharmaciens pr\u00e9vues \u00e0 l'article L. 5125-1-1 A du code de la sant\u00e9 publique ;  \n \nConsid\u00e9rant ainsi que l'ensemble des conditions \u00e9nonc\u00e9es aux articles L. 5125 -3 \u00e0 L. 5125-3-3 et L. 5125-5 du code \nde la sant\u00e9 publique pour autoriser le regroupement d'officines de pharmacie n'est pas rempli. \n \n \n                     \u2026/\u2026 \nARS Bourgogne-Franche-Comt\u00e9 - 21-2025-08-21-00005 - Arr\u00eat\u00e9 n\u00b0 ARS-BFC-DOSA-2025-1682 rejetant la demande de regroupement de\nl'officine de pharmacie exploit\u00e9e par la soci\u00e9t\u00e9 d'exercice lib\u00e9ral \u00e0 responsabilit\u00e9 limit\u00e9e (S.E.L.A.R.L) \u00ab Pharmacie du vieux Beaune \u00bb,\nsise 32 rue Carnot \u00e0 BEAUNE (21 200), et de l'officine de pharmacie exploit\u00e9e par la soci\u00e9t\u00e9 d'exercice lib\u00e9ral \u00e0 responsabilit\u00e9 limit\u00e9e\n(S.E.L.A.R.L) \u00ab Pharmacie des vignes \u00bb, sise 2 route de Verdun \u00e0 BEAUNE (21 200), au 14 B impasse Jean-Baptiste Gambut \u00e0 BEAUNE\n8\nS\\\n \nARS Bourgogne-Franche-Comt\u00e9 \nLe Diapason, 2 Place des Savoirs, CS 73535, 21035 Dijon cedex \nT\u00e9l. : 0808 807 107 - Site : www.ars.bourgogne-franche-comte.sante.fr \n \n      ARRETE  \n \nArticle 1er : La demande de  regroupement de l'officine de pharmacie exploit\u00e9e par la soci\u00e9t\u00e9 d'exercice lib\u00e9ral \u00e0 \nresponsabilit\u00e9 limit\u00e9e (S.E.L.A.R.L) \u00ab Pharmacie du vieux Beaune \u00bb, sise 32 rue Carnot \u00e0 BEAUNE (21 200), et de \nl'officine de pharmacie exploit\u00e9e par la soci\u00e9t\u00e9 d'exercice lib\u00e9ral \u00e0 responsabilit\u00e9 limit\u00e9e (S.E.L.A.R.L) \u00ab Pharmacie \ndes vignes \u00bb, sise 2 route de Verdun \u00e0 BEAUNE (21 200), au 14 B impasse Jean-Baptiste Gambut \u00e0 BEAUNE, est \nrejet\u00e9e. \n \nArticle 2 : Le pr\u00e9sent arr\u00eat\u00e9 peut faire l'objet d'un recours gracieux aupr\u00e8s du directeur g\u00e9n\u00e9ral de l'agence r\u00e9gionale \nde sant\u00e9 de Bourgogne -Franche-Comt\u00e9, d'un recours hi\u00e9rarchique aupr\u00e8s de la ministre en charge de la Sant\u00e9 ou \nd'un recours contentieux aupr\u00e8s du tribunal administratif de Dijon, sis 22 rue d'Assas \u2013 B.P. 61616 \u00e0 DIJON (21 016), \ndans un d\u00e9lai de deux mois \u00e0 compter de sa notification aux demandeurs.  \nA l'\u00e9gard des tiers, ce d\u00e9lai court \u00e0 compter de la publication au recueil des actes administratifs de la pr\u00e9fecture de \nla r\u00e9gion Bourgogne-Franche-Comt\u00e9 et au recueil des actes administratifs de la pr\u00e9fecture du d\u00e9partement de la C\u00f4te \nd'Or.  \nLe tribunal administratif peut \u00eatre saisi via l'application T\u00e9l\u00e9recours citoyens accessible par le site \n\u00ab www.telerecours.fr \u00bb. \n \nArticle 3 : La directrice de l'organisation des soins et de l'autonomie de l'agence r\u00e9gionale de sant\u00e9 de \nBourgogne-Franche-Comt\u00e9 est charg\u00e9e de l'ex\u00e9cution du pr\u00e9sent arr\u00eat\u00e9 qui sera publi\u00e9 au recueil des actes \nadministratifs de la pr\u00e9fecture de la r\u00e9gion Bourgogne -Franche-Comt\u00e9 et au recueil des actes administratifs de la \npr\u00e9fecture du d\u00e9partement de la C\u00f4te d'Or.  \n \nIl sera notifi\u00e9 \u00e0 : \n \n- Monsieur Alban LARROQUE, pharmacien titulaire, g\u00e9rant de la SELARL \u00ab Pharmacie du vieux Beaune \u00bb ; \n- Madame Sanjica VIDACEK, pharmacienne titulaire, g\u00e9rante de la SELARL \u00ab Pharmacie des vignes \u00bb, \n \net une copie sera adress\u00e9e : \n \n- aux caisses d'assurance-maladie du r\u00e9gime g\u00e9n\u00e9ral et de la mutualit\u00e9 sociale agricole ; \n- au conseil r\u00e9gional de l'Ordre des pharmaciens de Bourgogne-Franche-Comt\u00e9 ; \n- aux repr\u00e9sentants des syndicats repr\u00e9sentatifs des pharmaciens titulaires d'officines en Bourgogne -\nFranche-Comt\u00e9. \n \n \nFait \u00e0 Dijon, le 21 ao\u00fbt 2025 \n \nLa directrice g\u00e9n\u00e9rale, \n \n \n \n \n \n \n \nMathilde MARMIER \nARS Bourgogne-Franche-Comt\u00e9 - 21-2025-08-21-00005 - Arr\u00eat\u00e9 n\u00b0 ARS-BFC-DOSA-2025-1682 rejetant la demande de regroupement de\nl'officine de pharmacie exploit\u00e9e par la soci\u00e9t\u00e9 d'exercice lib\u00e9ral \u00e0 responsabilit\u00e9 limit\u00e9e (S.E.L.A.R.L) \u00ab Pharmacie du vieux Beaune \u00bb,\nsise 32 rue Carnot \u00e0 BEAUNE (21 200), et de l'officine de pharmacie exploit\u00e9e par la soci\u00e9t\u00e9 d'exercice lib\u00e9ral \u00e0 responsabilit\u00e9 limit\u00e9e\n(S.E.L.A.R.L) \u00ab Pharmacie des vignes \u00bb, sise 2 route de Verdun \u00e0 BEAUNE (21 200), au 14 B impasse Jean-Baptiste Gambut \u00e0 BEAUNE\n9\nDirection d\u00e9partementale de l'emploi, du travail\net des solidarit\u00e9s de C\u00f4te-d'Or\n21-2025-08-26-00001\n2025 D\u00e9cision relative \u00e0 la composition de\nl'observatoire d\u00e9partemental du dialogue social\nDirection d\u00e9partementale de l'emploi, du travail et des solidarit\u00e9s de C\u00f4te-d'Or - 21-2025-08-26-00001 - 2025 D\u00e9cision relative \u00e0 la\ncomposition de l'observatoire d\u00e9partemental du dialogue social 10\nMINISTEREDU TRAVAIL,DE L'EMPLOIET DE L'INSERTIONLibert\u00e9\u00c9galit\u00e9Fraternit\u00e9\nD\u00e9cision relative \u00e0 la composition de l'observatoire d\u00e9partemental d'analyse et d'appui audialogue social du d\u00e9partement de C\u00f4te d'OrLe directeur d\u00e9partemental de l'Emploi, du Travail et des Solidarit\u00e9s de C\u00f4te d'Or, pard\u00e9l\u00e9gation du directeur r\u00e9gional de l'Economie, de I'Emploi, du Travail et des Solidarit\u00e9s de lar\u00e9gion Bourgogne Franche Comt\u00e9, soussign\u00e9,Vu les articles L.2234-4 \u00e0 7 et R.2234-1 \u00e0 4 du code du travail instituant les observatoiresd\u00e9partementaux d'analyse et d'appui au dialogue social,Vu l'arr\u00eat\u00e9 du 12 juillet 2023 portant nomination de Monsieur Simon-Pierre EURY au poste dedirecteur r\u00e9gional de l'Economie, de I'Emploi, du Travail et des Solidarit\u00e9s de la r\u00e9gionBourgogne Franche Comt\u00e9,Vu l'arr\u00e9t\u00e9 du 7 octobre 2024 portant Madame Armelle LEON dans l'emploi de directriced\u00e9partementale de l'emploi, du travail et des solidarit\u00e9s de C\u00f4te d'Or,Vu l'arr\u00e9t\u00e9 n\u00b007/2024-13 du 28 octobre 2024 portant d\u00e9l\u00e9gation de signature, dans le cadredes comp\u00e9tences propres du directeur r\u00e9gional de l'\u00e9conomie, de l'emploi, du travail et dessolidarit\u00e9s de Bourgogne-Franche-Comt\u00e9 \u00e0 la directrice d\u00e9partementale du Travail, de l'Emploiet des Solidarit\u00e9s de C\u00f4te d'Or,Vu la d\u00e9cision du directeur r\u00e9gional de l''Economie, de l'Emploi, du Travail et des Solidarit\u00e9s dela r\u00e9gion Bourgogne Franche Comt\u00e9 en date du 14 mars 2023 fixant la liste des organisationssyndicales pouvant d\u00e9signer un membre au sein des observatoires d\u00e9partementaux d'analyseet d'appui au dialogue social de la r\u00e9gion,Vu la d\u00e9cision du directeur r\u00e9gional de l'Economie, de l'Emploi, du Travail et des Solidarit\u00e9s dela r\u00e9gion Bourgogne Franche Comt\u00e9 en date du 9 avril 2025 relative \u00e0 la d\u00e9signation dessuppl\u00e9ants des directeurs d\u00e9partementaux de l'Emploi, du Travail et des Solidarit\u00e9s au sein desobservatoires d\u00e9partementaux d'analyse et d'appui au dialogue social de la r\u00e9gion BourgogneFranche Comt\u00e9,Vu le courrier de la directrice d\u00e9partementale adjointe de l'Emploi, du Travail et des Solidarit\u00e9sde C\u00f4te d'Or en date du 10 juillet 2023 invitant les organisations professionnelles et syndicalesde salari\u00e9s \u00e0 d\u00e9signer un membre au sein de l'observatoire d\u00e9partemental d'analyse et d'appuiau dialogue social du d\u00e9partement de C\u00f4te d'Or,Vu les d\u00e9signations des repr\u00e9sentants des organisations professionnelles et syndicales desalari\u00e9s pouvant participer \u00e0 I'observatoire d\u00e9partemental d'analyse et d'appui au dialoguesocial de C\u00f4te d'Or, DECIDEArticle1L'observatoire d\u00e9partemental d'analyse et d'appui au dialogue social du d\u00e9partement de C\u00f4ted'Or est compos\u00e9\nDirection d\u00e9partementale \nDe l'Emploi, du Travail \net des Solidarit\u00e9s de C\u00f4te d'Or \n \n \n \n \nDirection d\u00e9partementale de l'emploi, du travail et des solidarit\u00e9s de C\u00f4te-d'Or - 21-2025-08-26-00001 - 2025 D\u00e9cision relative \u00e0 la\ncomposition de l'observatoire d\u00e9partemental du dialogue social 11\nPour l'administrationMme Barbara RUBAGOTTI, directrice d\u00e9partementale adjointe de I'Emploi, du Travail et desSolidarit\u00e9s de C\u00f4te d'OrPour les organisations professionnellesMme Nathalie BARBIEUX pour le MEDEFM. Yves BARD pour |'U2PM. Olivier GALLIEN pour la FDSEA (suppl\u00e9ante Mme Christine DAUTIN)M. St\u00e9phane LOUVET pour I'UDESM. Claude BERTHOUD pour la CPMEPour les organisations syndicales de salari\u00e9sMme Juliette DEHARO pour la CFDTM. J\u00e9r\u00f4me AVENET pour l'UNSAM. Thierry LORANG pour la CFE-CGCM. Eric MICHON pour la CGT (suppl\u00e9ant M. Fr\u00e9d\u00e9ric PISSOT)M. Patrice PERDRISET pour la CFTC (suppl\u00e9ante Mme Christine BARBIER)Article 2Le secr\u00e9tariat de l'observatoire d\u00e9partemental d'analyse et d'appui au dialogue social estassur\u00e9 par la DDETS de C\u00f4te d'Or.Article 3La d\u00e9cision relative \u00e0 la composition de l'observatoire d\u00e9partemental d'analyse et d'appui audialogue social du d\u00e9partement de C\u00f4te d'Or en date du 18 avril 2024 est abrog\u00e9.Article 4La directrice d\u00e9partementale de l'emploi, du travail et des solidarit\u00e9s de C\u00f4te d'Or est charg\u00e9ede I'ex\u00e9cution de la pr\u00e9sente d\u00e9cision qui sera publi\u00e9e au recueil des actes administratifs dud\u00e9partement. Fait \u00e0 Dijon, le 26 ao\u00fbt 2025Le Directeur R\u00e9gional par d\u00e9l\u00e9gation,Pour La Directrice d\u00e9partementale de l'emploi, du travail et des solidarit\u00e9s,La Directrice d\u00e9partementale adjointe de I'emploi, du travail et des solidarit\u00e9s,SIGNEBarbara RUBAGOTTI\nVoies de recours: la pr\u00e9sente d\u00e9cision peut faire l'objet d'un recours contentieux dans le d\u00e9lai de 2 mois \u00e0 compterde sa publication aupr\u00e8s du Tribunal administratif de Dijon, 22 rue d'Assas- 22 rue d'Assas \u2014 BP 61616 - 21016 DijonCedex. Le Tribunal administratif peut \u00eatre saisi d'un recours d\u00e9pos\u00e9 via l'application T\u00e9l\u00e9recours accessible par le siteinternet www.telerecours.fr. La d\u00e9cision contest\u00e9e doit \u00eatre jointe au recours.\n \n \n- \n- \n- \n \nDirection d\u00e9partementale de l'emploi, du travail et des solidarit\u00e9s de C\u00f4te-d'Or - 21-2025-08-26-00001 - 2025 D\u00e9cision relative \u00e0 la\ncomposition de l'observatoire d\u00e9partemental du dialogue social 12\nDirection d\u00e9partementale des territoires de la\nC\u00f4te-d'Or\nService de l'eau et des risques\n21-2025-08-27-00002\nArr\u00eat\u00e9 pr\u00e9fectoral n\u00b01330 du 27 ao\u00fbt 2025 \nportant constat de franchissement de seuils\nentra\u00eenant la limitation ou la suspension\nprovisoire de certains usages de l'eau\nsur le territoire du d\u00e9partement de la C\u00f4te-d'Or\nDirection d\u00e9partementale des territoires de la C\u00f4te-d'Or - 21-2025-08-27-00002 - Arr\u00eat\u00e9 pr\u00e9fectoral n\u00b01330 du 27 ao\u00fbt 2025 \nportant constat de franchissement de seuils entra\u00eenant la limitation ou la suspension\nprovisoire de certains usages de l'eau\nsur le territoire du d\u00e9partement de la C\u00f4te-d'Or\n13\nPREFETDE LACOTE-D'ORL'iberte'Egalit\u00e9Fraternit\u00e9 misemMission Inter Servicesde l'Eau et de la Naturede la C\u00f4te-d'Or\nDirection d\u00e9partementale des territoires\nde la C\u00f4te-d'Or\nService de l'eau et des risques\nBureau police de l'eau\nT\u00e9l\u00a0:\u00a003.80.29.43.57\nm\u00e9l\u00a0:\u00a0ddt-ser-pe@cote-dor.gouv.fr\nArr\u00eat\u00e9 pr\u00e9fectoral n\u00b01330 du 27 ao\u00fbt 2025 \nportant\u00a0constat\u00a0de\u00a0franchissement\u00a0de\u00a0seuils\u00a0entra\u00eenant\u00a0la\u00a0limitation\u00a0ou\u00a0la\u00a0suspension\nprovisoire\u00a0de\u00a0certains\u00a0usages\u00a0de\u00a0l'eau\nsur\u00a0le\u00a0territoire\u00a0du\u00a0d\u00e9partement\u00a0de\u00a0la\u00a0C\u00f4te-d'Or\nPr\u00e9fet\u00a0de\u00a0la\u00a0C\u00f4te-d'Or\nVU\u00a0le\u00a0code\u00a0de\u00a0l'environnement\u00a0et\u00a0notamment\u00a0l'article\u00a0L.211-3\u00a0;\nVU\u00a0le\u00a0code\u00a0de\u00a0la\u00a0sant\u00e9\u00a0publique\u00a0et\u00a0notamment\u00a0son\u00a0titre\u00a0II\u00a0;\nVU\u00a0le\u00a0code\u00a0g\u00e9n\u00e9ral\u00a0des\u00a0collectivit\u00e9s\u00a0territoriales\u00a0et\u00a0en\u00a0particulier\u00a0l'article\u00a0L.2212-2-5\u00a0;\nVU l'arr\u00eat\u00e9\u00a0pr\u00e9fectoral\u00a0cadre\u00a0n\u00b0\u00a01180\u00a0du\u00a015\u00a0juillet\u00a02024\u00a0relatif\u00a0\u00e0\u00a0la\u00a0gestion\u00a0de\u00a0la\u00a0ressource\u00a0en\neau\u00a0en\u00a0p\u00e9riode\u00a0d'\u00e9tiage\u00a0sur\u00a0le\u00a0d\u00e9partement\u00a0de\u00a0la\u00a0C\u00f4te-d'Or\u00a0;\u00a0\nVU  l'arr\u00eat\u00e9\u00a0cadre\u00a0interd\u00e9partemental\u00a0n\u00b01179\u00a0du\u00a015\u00a0juillet\u00a02024\u00a0relatif\u00a0\u00e0\u00a0la\u00a0gestion\u00a0de\u00a0la\nressource\u00a0en\u00a0eau\u00a0en\u00a0p\u00e9riode\u00a0d'\u00e9tiage\u00a0sur\u00a0l'axe\u00a0Sa\u00f4ne\u00a0;\u00a0\nVU  l'arr\u00eat\u00e9\u00a0pr\u00e9fectoral\u00a0n\u00b0\u00a01126\u00a0du\u00a024\u00a0juillet\u00a02025\u00a0portant\u00a0constat\u00a0de\u00a0franchissement\u00a0de\nseuils\u00a0entra\u00eenant\u00a0la\u00a0limitation\u00a0ou\u00a0la\u00a0suspension\u00a0provisoire\u00a0de\u00a0certains\u00a0usages\u00a0de\u00a0l'eau\u00a0sur\nune\u00a0partie\u00a0du\u00a0territoire\u00a0du\u00a0d\u00e9partement\u00a0de\u00a0la\u00a0C\u00f4te-d'Or\u00a0;\nVU\u00a0les\u00a0bulletins\u00a0hydrologiques\u00a0r\u00e9alis\u00e9s\u00a0par\u00a0la\u00a0DREAL\u00a0Bourgogne-Franche-Comt\u00e9\u00a0les\u00a018\u00a0et\u00a025\nao\u00fbt\u00a02025\u00a0;\nVU\u00a0la\u00a0consultation\u00a0du\u00a0comit\u00e9\u00a0d\u00e9partemental\u00a0ressources\u00a0en\u00a0eau\u00a0le\u00a020\u00a0ao\u00fbt\u00a02025\u00a0;\nCONSID\u00c9RANT le\u00a0principe\u00a0d'une\u00a0gestion\u00a0\u00e9quilibr\u00e9e\u00a0et\u00a0durable\u00a0de\u00a0la\u00a0ressource\u00a0en\u00a0eau\u00a0;\nCONSID\u00c9RANT  que\u00a0la\u00a0gestion\u00a0\u00e9quilibr\u00e9e\u00a0de\u00a0la\u00a0ressource\u00a0doit\u00a0permettre\u00a0en\u00a0priorit\u00e9\u00a0de\nsatisfaire\u00a0les\u00a0exigences\u00a0de\u00a0la\u00a0sant\u00e9,\u00a0de\u00a0la\u00a0salubrit\u00e9\u00a0publique,\u00a0de\u00a0la\u00a0s\u00e9curit\u00e9\u00a0civile\u00a0et\u00a0de\nl'alimentation\u00a0en\u00a0eau\u00a0potable\u00a0de\u00a0la\u00a0population\u00a0;\u00a0elle\u00a0doit\u00a0\u00e9galement\u00a0permettre\u00a0de\nsatisfaire\u00a0ou\u00a0concilier,\u00a0lors\u00a0des\u00a0diff\u00e9rents\u00a0usages,\u00a0activit\u00e9s\u00a0ou\u00a0travaux,\u00a0notamment\u00a0les\nexigences\u00a0de\u00a0l'agriculture,\u00a0de\u00a0la\u00a0p\u00eache\u00a0en\u00a0eau\u00a0douce,\u00a0de\u00a0l'industrie,\u00a0de\u00a0la\u00a0production\nd'\u00e9nergie,\u00a0en\u00a0particulier\u00a0pour\u00a0assurer\u00a0la\u00a0s\u00e9curit\u00e9\u00a0du\u00a0syst\u00e8me\u00a0\u00e9lectrique,\u00a0des\u00a0transports,\u00a0du\ntourisme,\u00a0de\u00a0la\u00a0protection\u00a0des\u00a0sites,\u00a0des\u00a0loisirs\u00a0et\u00a0des\u00a0sports\u00a0nautiques\u00a0ainsi\u00a0que\u00a0de\u00a0toutes\nautres\u00a0activit\u00e9s\u00a0humaines\u00a0l\u00e9galement\u00a0exerc\u00e9es\u00a0;\n1\nDirection\u00a0d\u00e9partementale\u00a0des\u00a0territoires\u00a0de\u00a0la\u00a0C\u00f4te-d'Or\n57,\u00a0rue\u00a0de\u00a0Mulhouse\u00a0-\u00a0BP\u00a053317\u00a0-\u00a021033\u00a0Dijon\u00a0CEDEX\nT\u00e9l.\u00a0:\u00a003\u00a080\u00a029\u00a044\u00a044\nCourriel\u00a0:\u00a0ddt@cote-dor.gouv.fr\u00a0-\u00a0Site\u00a0internet\u00a0:\u00a0\nhttp://www.cote-dor.gouv.fr\nDirection d\u00e9partementale des territoires de la C\u00f4te-d'Or - 21-2025-08-27-00002 - Arr\u00eat\u00e9 pr\u00e9fectoral n\u00b01330 du 27 ao\u00fbt 2025 \nportant constat de franchissement de seuils entra\u00eenant la limitation ou la suspension\nprovisoire de certains usages de l'eau\nsur le territoire du d\u00e9partement de la C\u00f4te-d'Or\n14\nCONSID\u00c9RANT  que\u00a0le\u00a0pr\u00e9fet\u00a0peut\u00a0prendre\u00a0des\u00a0mesures\u00a0de\u00a0limitation\u00a0ou\u00a0de\u00a0suspension\nprovisoire\u00a0des\u00a0usages\u00a0de\u00a0l'eau,\u00a0pour\u00a0faire\u00a0face\u00a0\u00e0\u00a0une\u00a0menace\u00a0ou\u00a0aux\u00a0cons\u00e9quences\nd'accidents,\u00a0de\u00a0s\u00e9cheresse,\u00a0d'inondations\u00a0ou\u00a0\u00e0\u00a0un\u00a0risque\u00a0de\u00a0p\u00e9nurie\u00a0;\u00a0\nCONSID\u00c9RANT\u00a0la\u00a0situation\u00a0hydrologique\u00a0actuelle,\u00a0et\u00a0notamment\u00a0la\u00a0faiblesse\u00a0des\u00a0d\u00e9bits\nde\u00a0certains\u00a0cours\u00a0d'eau\u00a0constat\u00e9e\u00a0par\u00a0les\u00a0relev\u00e9s\u00a0\u00e9tablis\u00a0par\u00a0la\u00a0direction\u00a0r\u00e9gionale\u00a0de\nl'environnement,\u00a0de\u00a0l'am\u00e9nagement\u00a0et\u00a0du\u00a0logement\u00a0Bourgogne\u00a0Franche-Comt\u00e9\u00a0;\nCONSID\u00c9RANT que\u00a0la\u00a0fragilit\u00e9\u00a0de\u00a0la\u00a0ressource\u00a0en\u00a0eau\u00a0n\u00e9cessite\u00a0de\u00a0mettre\u00a0en\u00a0place\u00a0des\nmesures\u00a0g\u00e9n\u00e9rales\u00a0de\u00a0sensibilisation\u00a0et\u00a0de\u00a0communication\u00a0en\u00a0faveur\u00a0des\u00a0\u00e9conomies\nd'eau\u00a0;\nCONSID\u00c9RANT\u00a0qu'il\u00a0convient\u00a0de\u00a0prendre\u00a0des\u00a0mesures\u00a0de\u00a0suspension\u00a0ou\u00a0de\u00a0limitation\nprovisoire\u00a0des\u00a0usages\u00a0de\u00a0l'eau\u00a0sur\u00a0une\u00a0partie\u00a0du\u00a0d\u00e9partement\u00a0;\nSUR\u00a0proposition\u00a0du\u00a0secr\u00e9taire\u00a0g\u00e9n\u00e9ral\u00a0de\u00a0la\u00a0pr\u00e9fecture\u00a0de\u00a0la\u00a0C\u00f4te-d'Or\u00a0;\nA R R \u00ca T E\nARTICLE 1  er  \u00a0:\u00a0Constat de franchissement des seuils\nLe\u00a0tableau\u00a0ci-dessous\u00a0fixe\u00a0pour\u00a0chaque\u00a0zone\u00a0d'alerte\u00a0le\u00a0niveau\u00a0de\u00a0gravit\u00e9\u00a0constat\u00e9\u00a0(seuils\nde\u00a0vigilance,\u00a0d'alerte,\u00a0d'alerte\u00a0renforc\u00e9e,\u00a0de\u00a0crise)\u00a0:\nN\u00b0 de la zone\nd'alerte Bassin versant Rh\u00f4ne-M\u00e9diterran\u00e9e Constat de franchissement \nde seuils\nRM\u00a01 Sa\u00f4ne\u00a0moyenne Alerte\u00a0renforc\u00e9e\nRM\u00a02 Tille\u00a0amont\u00a0\u2013\u00a0Ignon\u00a0\u2013\u00a0Venelle Alerte\u00a0renforc\u00e9e\nRM\u00a03 Vingeanne\u00a0 Alerte\u00a0renforc\u00e9e\nRM\u00a04 B\u00e8ze\u00a0\u2013\u00a0Albane Alerte\u00a0renforc\u00e9e\nRM\u00a05 Tille\u00a0aval\u00a0\u2013\u00a0Norges Alerte\u00a0renforc\u00e9e\nRM\u00a06 Vouge\u00a0\u2013\u00a0Bi\u00e8tre\u00a0\u2013\u00a0Cent\u00a0Fonts Alerte\u00a0renforc\u00e9e\nRM\u00a07 Bouzaise\u00a0\u2013\u00a0Lauve\u00a0\u2013\u00a0Rhoin\u00a0\u2013\u00a0Meuzin Alerte\u00a0renforc\u00e9e\nRM\u00a08 Dheune\u00a0\u2013\u00a0Avant\u00a0Dheune Alerte\nRM\u00a09 Ouche\u00a0amont\u00a0\u2013\u00a0Suzon\u00a0\u2013\u00a0Vandenesse Alerte\nRM\u00a010 Ouche\u00a0aval Alerte\u00a0renforc\u00e9e\nBassin versant Seine-Normandie\nSN\u00a011 Serein\u00a0amont\u00a0\u2013\u00a0Roman\u00e9e Alerte\u00a0renforc\u00e9e\nSN\u00a012 Arman\u00e7on\u00a0amont\u00a0\u2013\u00a0Brenne Alerte\u00a0renforc\u00e9e\nSN\u00a013 Ch\u00e2tillonnais* Alerte\u00a0renforc\u00e9e\nBassin versant Loire-Bretagne\nLB\u00a014 Arroux\u00a0\u2013\u00a0Lacanche Alerte\u00a0renforc\u00e9e\n2\nDirection d\u00e9partementale des territoires de la C\u00f4te-d'Or - 21-2025-08-27-00002 - Arr\u00eat\u00e9 pr\u00e9fectoral n\u00b01330 du 27 ao\u00fbt 2025 \nportant constat de franchissement de seuils entra\u00eenant la limitation ou la suspension\nprovisoire de certains usages de l'eau\nsur le territoire du d\u00e9partement de la C\u00f4te-d'Or\n15\n* La zone d'alerte du Ch\u00e2tillonnais regroupe la Seine, l'Ource, l'Aube, la Laignes et la Petite\nLaignes\nLa\u00a0carte\u00a0d\u00e9partementale\u00a0constatant\u00a0cette\u00a0situation\u00a0et\u00a0la\u00a0liste\u00a0des\u00a0communes\u00a0concern\u00e9es\npar\u00a0un\u00a0franchissement\u00a0de\u00a0seuils\u00a0figurent\u00a0en\u00a0annexes\u00a01\u00a0et\u00a02\u00a0du\u00a0pr\u00e9sent\u00a0arr\u00eat\u00e9.\nARTICLE 2     :   Mesures de limitation ou de suspension provisoire sur les usages de l'eau\nDans\u00a0les\u00a0zones\u00a0d'alerte\u00a0concern\u00e9es\u00a0par\u00a0un\u00a0franchissement\u00a0de\u00a0seuils\u00a0comme\u00a0indiqu\u00e9\u00a0\u00e0\nl'article\u00a01,\u00a0les\u00a0mesures\u00a0de\u00a0sensibilisation\u00a0et\u00a0de\u00a0communication\u00a0en\u00a0faveur\u00a0des\u00a0\u00e9conomies\nd'eau\u00a0et\u00a0les\u00a0mesures\u00a0de\u00a0restriction\u00a0des\u00a0usages\u00a0de\u00a0l'eau\u00a0s'appliquent\u00a0selon\u00a0les\u00a0dispositions\npr\u00e9vues\u00a0par\u00a0:\u00a0\n\u2022 Pour\u00a0la\u00a0zone\u00a0d'alerte\u00a0\u00a0 \u00a0\u00a0\u00ab\u00a0\u00a0\u00a0\u00a0\u00a0RM1\u00a0Sa\u00f4ne\u00a0moyenne\u00a0 \u00a0\u00a0\u00a0\u00a0\u00bb\u00a0\u00a0\u00a0\u00a0\u00a0:\u00a0\u00a0\nl'arr\u00eat\u00e9\u00a0cadre\u00a0interd\u00e9partemental\u00a0n\u00b0\u00a01179\u00a0du\u00a015\u00a0juillet\u00a02024\u00a0relatif\u00a0\u00e0\u00a0la\u00a0gestion\u00a0de\u00a0la\nressource\u00a0en\u00a0eau\u00a0en\u00a0p\u00e9riode\u00a0d'\u00e9tiage\u00a0sur\u00a0l'axe\u00a0Sa\u00f4ne.\n\u2022 Pour\u00a0les\u00a0autres\u00a0zones\u00a0d'alerte\u00a0du\u00a0d\u00e9partement\u00a0 \u00a0\u00a0\u00a0\u00a0:\u00a0\u00a0\nl'arr\u00eat\u00e9\u00a0pr\u00e9fectoral\u00a0cadre\u00a0n\u00b0\u00a01180\u00a0du\u00a015\u00a0juillet\u00a02024\u00a0relatif\u00a0\u00e0\u00a0la\u00a0gestion\u00a0de\u00a0la\u00a0ressource\u00a0en\neau\u00a0en\u00a0p\u00e9riode\u00a0d'\u00e9tiage\u00a0sur\u00a0le\u00a0d\u00e9partement\u00a0de\u00a0la\u00a0C\u00f4te-d'Or.\u00a0\nARTICLE   3     : Publication\nLe\u00a0pr\u00e9sent\u00a0arr\u00eat\u00e9\u00a0sera\u00a0publi\u00e9\u00a0au\u00a0recueil\u00a0des\u00a0actes\u00a0administratifs\u00a0de\u00a0la\u00a0pr\u00e9fecture\u00a0de\u00a0la\nC\u00f4te-d'Or \u00a0ainsi\u00a0que\u00a0sur \u00a0le\u00a0site\u00a0internet\u00a0des\u00a0services\u00a0de \u00a0l'\u00c9tat\u00a0 en\u00a0C\u00f4te-d'Or \u00a0-\nhttp://www.cote-dor.gouv.fr\nIl\u00a0sera\u00a0disponible\u00a0sur\u00a0le\u00a0site\u00a0internet\u00a0national\u00a0VigiEau\u00a0-\u00a0https://vigieau.gouv.fr\nIl\u00a0sera\u00a0transmis\u00a0aux\u00a0maires\u00a0du\u00a0d\u00e9partement\u00a0aux\u00a0fins\u00a0d'affichage.\nARTICLE   4     : Dur\u00e9e de validit\u00e9 de l'arr\u00eat\u00e9\nCes\u00a0mesures\u00a0s'appliquent\u00a0\u00e0\u00a0compter\u00a0du\u00a028\u00a0ao\u00fbt\u00a02025\u00a0jusqu'au\u00a015\u00a0novembre\u00a02025.\u00a0Elles\npourront\u00a0\u00eatre\u00a0revues\u00a0et\u00a0compl\u00e9t\u00e9es\u00a0en\u00a0tant\u00a0que\u00a0de\u00a0besoin,\u00a0en\u00a0cas\u00a0de\u00a0modifications\u00a0des\nconditions\u00a0m\u00e9t\u00e9orologiques\u00a0ou\u00a0hydrologiques,\u00a0tel\u00a0qu'il\u00a0est\u00a0pr\u00e9vu\u00a0par\u00a0l'arr\u00eat\u00e9\u00a0cadre\u00a0n\u00b0\u00a01180\ndu\u00a015\u00a0juillet\u00a02024\u00a0relatif\u00a0\u00e0\u00a0la\u00a0gestion\u00a0de\u00a0la\u00a0ressource\u00a0en\u00a0eau\u00a0en\u00a0p\u00e9riode\u00a0d'\u00e9tiage\u00a0sur\u00a0le\nd\u00e9partement\u00a0de\u00a0la\u00a0C\u00f4te-d'Or\u00a0et\u00a0par\u00a0l'arr\u00eat\u00e9\u00a0cadre\u00a0interd\u00e9partemental\u00a0n\u00b0\u00a01179\u00a0du\u00a015\u00a0juillet\n2024\u00a0relatif\u00a0\u00e0\u00a0la\u00a0gestion\u00a0de\u00a0la\u00a0ressource\u00a0en\u00a0eau\u00a0en\u00a0p\u00e9riode\u00a0d'\u00e9tiage\u00a0sur\u00a0l'axe\u00a0Sa\u00f4ne.\nARTICLE   5   : Abrogation\nL'arr\u00eat\u00e9\u00a0pr\u00e9fectoral\u00a0n\u00b0\u00a01126\u00a0du\u00a024\u00a0juillet\u00a02025\u00a0portant\u00a0constat\u00a0de\u00a0franchissement\u00a0de\u00a0seuils\nentra\u00eenant\u00a0la\u00a0limitation\u00a0ou\u00a0la\u00a0suspension\u00a0provisoire\u00a0de\u00a0certains\u00a0usages\u00a0de\u00a0l'eau\u00a0sur\u00a0une\npartie\u00a0du\u00a0territoire\u00a0du\u00a0d\u00e9partement\u00a0de\u00a0la\u00a0C\u00f4te-d'Or\u00a0est\u00a0abrog\u00e9.\n3\nDirection d\u00e9partementale des territoires de la C\u00f4te-d'Or - 21-2025-08-27-00002 - Arr\u00eat\u00e9 pr\u00e9fectoral n\u00b01330 du 27 ao\u00fbt 2025 \nportant constat de franchissement de seuils entra\u00eenant la limitation ou la suspension\nprovisoire de certains usages de l'eau\nsur le territoire du d\u00e9partement de la C\u00f4te-d'Or\n16\nARTICLE   6     : Ex\u00e9cution\nLe\u00a0secr\u00e9taire\u00a0g\u00e9n\u00e9ral\u00a0de\u00a0la\u00a0pr\u00e9fecture\u00a0de\u00a0la\u00a0C\u00f4te-d'Or,\u00a0le\u00a0sous-pr\u00e9fet\u00a0de\u00a0Beaune,\u00a0le\u00a0sous-\npr\u00e9fet\u00a0de\u00a0Montbard,\u00a0 la\u00a0directrice\u00a0d\u00e9partementale\u00a0des\u00a0territoires\u00a0de\u00a0la\u00a0C\u00f4te-d'Or,\u00a0le\ndirecteur\u00a0r\u00e9gional\u00a0de\u00a0l'environnement,\u00a0de\u00a0l'am\u00e9nagement\u00a0et\u00a0du\u00a0logement\u00a0Bourgogne\nFranche-Comt\u00e9,\u00a0le\u00a0directeur\u00a0g\u00e9n\u00e9ral\u00a0de\u00a0l'agence\u00a0r\u00e9gionale\u00a0de\u00a0sant\u00e9\u00a0de\u00a0Bourgogne\u00a0Franche-\nComt\u00e9, \u00a0le\u00a0 directeur\u00a0 r\u00e9gional\u00a0de\u00a0l'environnement,\u00a0de\u00a0l'am\u00e9nagement\u00a0et\u00a0du\u00a0logement\nAuvergne \u00a0Rh\u00f4ne-Alpes,\u00a0le\u00a0chef\u00a0du\u00a0service\u00a0d\u00e9partemental\u00a0de\u00a0l'office\u00a0fran\u00e7ais\u00a0de\u00a0la\nbiodiversit\u00e9,\u00a0le\u00a0commandant\u00a0du\u00a0groupement\u00a0de\u00a0gendarmerie,\u00a0le\u00a0directeur\u00a0d\u00e9partemental\nde\u00a0la\u00a0s\u00e9curit\u00e9\u00a0publique,\u00a0les\u00a0maires,\u00a0les\u00a0pr\u00e9sidents\u00a0des\u00a0\u00e9tablissements\u00a0publics\u00a0de\ncoop\u00e9ration\u00a0intercommunale\u00a0ayant\u00a0comp\u00e9tence\u00a0en\u00a0mati\u00e8re\u00a0d'alimentation\u00a0en\u00a0eau\npotable,\u00a0sont\u00a0charg\u00e9s,\u00a0chacun\u00a0en\u00a0ce\u00a0qui\u00a0le\u00a0concerne,\u00a0d'assurer\u00a0l'ex\u00e9cution\u00a0du\u00a0pr\u00e9sent\narr\u00eat\u00e9.\nFait\u00a0\u00e0\u00a0Dijon,\u00a0le\u00a027\u00a0ao\u00fbt\u00a02025\nLe\u00a0Pr\u00e9fet,\nPour\u00a0le\u00a0Pr\u00e9fet,\nLa\u00a0secr\u00e9taire\u00a0g\u00e9n\u00e9rale\u00a0adjointe\nsign\u00e9\nMagalie\u00a0MALERBA\n4\nDirection d\u00e9partementale des territoires de la C\u00f4te-d'Or - 21-2025-08-27-00002 - Arr\u00eat\u00e9 pr\u00e9fectoral n\u00b01330 du 27 ao\u00fbt 2025 \nportant constat de franchissement de seuils entra\u00eenant la limitation ou la suspension\nprovisoire de certains usages de l'eau\nsur le territoire du d\u00e9partement de la C\u00f4te-d'Or\n17\nDirection d\u00e9partementale des territoires de la\nC\u00f4te-d'Or\nService S\u00e9curit\u00e9 et Education Routi\u00e8re\n21-2025-08-21-00004\nAP 1309 20250821 RAA Circulation\nRallyeDesHautesC\u00f4tes2025\nDirection d\u00e9partementale des territoires de la C\u00f4te-d'Or - 21-2025-08-21-00004 - AP 1309 20250821 RAA Circulation\nRallyeDesHautesC\u00f4tes2025 18\nExPREFETDE LACOTE-D'ORL,z'berte'Egalit\u00e9Fraternit\u00e9\nDirection d\u00e9partementale des territoires\nde la C\u00f4te-d'Or\nService de la S\u00e9curit\u00e9 et de l'\u00c9ducation Routi\u00e8re\nBureau de la S\u00e9curit\u00e9 Routi\u00e8re\nT\u00e9l. : 03 80 29 44 75\nM\u00e9l : vanessa.  petetin  @cote-dor.gouv.fr   \nDijon, le 21 ao\u00fbt 2025\nArr\u00eat\u00e9 N\u00b0 1309\nr\u00e9glementant la circulation et le stationnement \u00e0 l'occasion du \u00ab 45\u00e8me Rallye R\u00e9gional \ndes Hautes-C\u00f4tes\u00bb, les samedi 6 et dimanche 7 septembre 2025. \nLe pr\u00e9fet de la C\u00f4te-d'Or\nVU le code de la route ;\nVU l'arr\u00eat\u00e9  interminist\u00e9riel  du  24  novembre  1967  modifi\u00e9  relatif  \u00e0  la  signalisation  des \nroutes et autoroutes ;\nVU l'instruction  interminist\u00e9rielle  relative  \u00e0  la  signalisation  routi\u00e8re-huiti\u00e8me  partie,  \nsignalisation  temporaire  approuv\u00e9e  par  l'arr\u00eat\u00e9  interminist\u00e9riel  du  6  novembre  1992 \nmodifi\u00e9 ;\nVU le  d\u00e9cret  n\u00b02009-615  du  3  juin  2009  modifi\u00e9  fixant  la  liste  des  routes  \u00e0  grande \ncirculation ;\nVU le  d\u00e9cret  du  10  octobre  2024  nommant  M.  Paul  MOURIER,  pr\u00e9fet  de  la  r\u00e9gion \nBourgogne-Franche-Comt\u00e9, pr\u00e9fet de la C\u00f4te-d'Or ;\nVU l'arr\u00eat\u00e9 interminist\u00e9riel du 20 d\u00e9cembre 2010 relatif \u00e0 l'interdiction de certaines routes  \naux concentrations et manifestations sportives ;\nVU l'arr\u00eat\u00e9 minist\u00e9riel du 24 d\u00e9cembre 2024 relatif \u00e0 l'interdiction des concentrations ou  \nmanifestations sportives sur les routes \u00e0 grande circulation \u00e0 certaines p\u00e9riodes de l'ann\u00e9e  \n2025 ;\nVU l'arr\u00eat\u00e9 pr\u00e9fectoral n\u00b0 1010 /SG du 02 juillet 2025 donnant d\u00e9l\u00e9gation de signature \u00e0  \nMadame Aur\u00e9lie CONTRECIVILE, directrice de cabinet du pr\u00e9fet de la C\u00f4te-d'Or ;\nDirection d\u00e9partementale des territoires de la C\u00f4te-d'Or\n57 rue de Mulhouse- BP 53317 - 21033 DIJON cedex\nt\u00e9l : 03 80 29 44 44 \u2013 Courriel : ddt@cote-dor.gouv.fr\nDirection d\u00e9partementale des territoires de la C\u00f4te-d'Or - 21-2025-08-21-00004 - AP 1309 20250821 RAA Circulation\nRallyeDesHautesC\u00f4tes2025 19\n2\nVU le dossier d\u00e9pos\u00e9 sur la plateforme SIMS le 20 mai 2025 par l'association ASA Prenois \nBourgogne et enregistr\u00e9 sous le num\u00e9ro 84311;\nVU la  visite  de  reconnaissance  du  parcours  effectu\u00e9e  le  mardi  15  juillet  2025  par  la \nCommission D\u00e9partementale de la S\u00e9curit\u00e9 Routi\u00e8re de C\u00f4te-d'Or et  l'avis favorable de la \nCommission D\u00e9partementale de la S\u00e9curit\u00e9 Routi\u00e8re de C\u00f4te-d'Or - section \u00ab  \u00e9preuves et \ncomp\u00e9titions sportives \u00bb r\u00e9unie le mardi 29 juillet 2025 ;\nVU l'avis favorable de M. le pr\u00e9sident du Conseil D\u00e9partemental de la C\u00f4te-d'Or en date  \ndu 17 juillet 2025 ;\nVU l'avis favorable des communes de COMMARIN et de SOMBERNON en date du 23 juillet \n2025, de GRENANT-LES-SOMBERNON en date du  24 juillet 2025, de MESMONT en date du \n30 juillet 2025, et d'ECHANNAY en date du 01 ao\u00fbt 2025 ;\nVU l'avis r\u00e9put\u00e9 favorable de la commune de REMILLY-EN-MONTAGNE,\nVU l'avis favorable du Commandant de groupement de gendarmerie d\u00e9partemental de la  \nC\u00f4te-d'Or en date du 24 juillet 2025 ;\nCONSID\u00c9RANT qu'il y a lieu, pour des raisons de s\u00e9curit\u00e9 routi\u00e8re, de r\u00e9glementer la  \ncirculation et le stationnement lors du  \u00ab45\u00e8me Rallye R\u00e9gional des Hautes-C\u00f4tes\u00bb, les  \nsamedi 6 et dimanche 7 septembre 2025 ;\nSUR proposition de Madame la directrice d\u00e9partementale des territoires de la C\u00f4te-d'Or ;\nARR\u00caTE\nArticle 1  er   : Mesures de circulation et de stationnement\n-Shakedown (essais) :\nLe samedi 6 septembre 2025 de 8h au plus t\u00f4t \u00e0 14h au plus tard la circulation g\u00e9n\u00e9rale y  \ncompris celle des pi\u00e9tons ainsi que le stationnement, tant sur la chauss\u00e9e que sur les  \naccotements, seront interdits sur les sections de routes suivantes (parcours Shakedown) :\n- Chemin communal \u00ab Les Vesvres \u00bb (commune de REMILLY-EN-MONTAGNE) depuis l'acc\u00e8s \nau garage Sombernon Services  jusqu'\u00e0 la RD108L (commune de MESMONT)\n-  RD108L  depuis  le  chemin  communal  \u00ab  Les  Vesvres \u00bb  (commune  de  REMILLY-EN-\nMONTAGNE) jusqu'\u00e0 la RD905 (commune de MESMONT) \n- Voie communale de la rue de la Lib\u00e9ration (commune de SOMBERNON) jusqu'\u00e0 la RD108L \n(commune de SOMBERNON)\nDirection d\u00e9partementale des territoires de la C\u00f4te-d'Or\n57 rue de Mulhouse- BP 53317 - 21033 DIJON cedex\nt\u00e9l : 03 80 29 44 44 \u2013 Courriel : ddt@cote-dor.gouv.fr\nDirection d\u00e9partementale des territoires de la C\u00f4te-d'Or - 21-2025-08-21-00004 - AP 1309 20250821 RAA Circulation\nRallyeDesHautesC\u00f4tes2025 20\n3\n-\u00c9preuves sp\u00e9ciales :\nLe samedi 6 septembre 2025 de  14h30 au plus t\u00f4t \u00e0 20h au plus tard  et le dimanche 7  \nseptembre  2025  de  08h00  au  plus  t\u00f4t  \u00e0  18h00  au  plus  tard, la  circulation  g\u00e9n\u00e9rale  y \ncompris celle des pi\u00e9tons ainsi que le stationnement, tant sur la chauss\u00e9e que sur les  \naccotements, seront interdits sur les sections de routes suivantes ( parcours de l'\u00e9preuve  \nsp\u00e9ciale): \n- RD  33B  du  carrefour  avec  la  voie  communale  Impasse  Pr\u00e8s  Vacherot  (commune  de \nCOMMARIN) jusqu'au carrefour avec la voie communale reliant la RD33B \u00e0 la RD114 et  \ndesservant le ch\u00e2teau de Loizerolle\n- Voie communale (desservant le ch\u00e2teau de Loizerolle) entre le carrefour avec la RD33B  \n(commune de COMMARIN) et le carrefour avec la RD114 ( commune de GRENANT-LES-\nSOMBERNON)\n- RD114 du carrefour avec la voie communale reliant la RD114 et la RD33 (commune de  \nGRENANT-LES-SOMBERNON)  au  carrefour  avec  la  RD108  (hameau  de  TREMBLOY  -\ncommune de REMILLY-EN-MONTAGNE)\n- RD108 du carrefour avec la RD114 (hameau de TREMBLOY - commune de REMILLY- EN-\nMONTAGNE) au carrefour avec la RD977Bis (commune d'ECHANNAY)\nArticle 2   :   D\u00e9viations\nLa d\u00e9viation propos\u00e9e emprunte l'itin\u00e9raire suivant : RD 977bis - RD 905 - RD 108L - RD 108 \n- RD 9G - RD 33 - RD 33G - RD 18 - RD 977bis.\nArticle 3 : Signalisation\nLa signalisation de fermeture des routes d\u00e9partementales et de d\u00e9viation sera mise en  \nplace par les Services D\u00e9partementaux.\nUne convention sera pass\u00e9e entre les organisateurs et le Conseil D\u00e9partemental.\nArticle 4 : Acc\u00e8s des secours\nLes services de secours pourront en cas de n\u00e9cessit\u00e9 emprunter les sections des voies  \ninterdites figurant \u00e0 l'article 1er dans le sens de circulation de la course.\nLes organisateurs devront alors prendre toute disposition, notamment l'arr\u00eat de la course,  \npour faciliter la progression en toute s\u00e9curit\u00e9 des v\u00e9hicules en question.\nArtic  le 5   : Nettoyage des voies\nEn cas de besoin et pr\u00e9alablement \u00e0 la r\u00e9ouverture des voies \u00e0 la circulation publique, un  \nnettoyage de la chauss\u00e9e devra \u00eatre r\u00e9alis\u00e9 par l'organisateur.\nUne attention particuli\u00e8re sera port\u00e9e aux endroits o\u00f9 des chicanes en bottes de paille  \nauront \u00e9t\u00e9 install\u00e9es, afin que tous les r\u00e9sidus de paille soient retir\u00e9s.\nDirection d\u00e9partementale des territoires de la C\u00f4te-d'Or\n57 rue de Mulhouse- BP 53317 - 21033 DIJON cedex\nt\u00e9l : 03 80 29 44 44 \u2013 Courriel : ddt@cote-dor.gouv.fr\nDirection d\u00e9partementale des territoires de la C\u00f4te-d'Or - 21-2025-08-21-00004 - AP 1309 20250821 RAA Circulation\nRallyeDesHautesC\u00f4tes2025 21\n4\nArticle   6   : \u00c9volution des mesures\nLes services de gendarmerie pourront, en fonction des circonstances, all\u00e9ger ou renforcer  \nles  mesures  pr\u00e9vues  et  prendre  toutes  initiatives  pour  faciliter  l'\u00e9coulement  de  la  \ncirculation.\nArticle 7     : Recours\nLe  pr\u00e9sent  arr\u00eat\u00e9  peut  faire  l'objet  d'un  recours  contentieux  devant  le  tribunal  \nadministratif de Dijon dans un d\u00e9lai de deux mois \u00e0 compter de sa publication. Un recours  \npeut  \u00eatre  d\u00e9pos\u00e9  via  l'application  t\u00e9l\u00e9recours  citoyens  accessible  par  le  site  internet \nhttp://ww.telerecours.fr./ \nArticle   8   : Ex\u00e9cution\n- La Directrice de Cabinet du pr\u00e9fet de la C\u00f4te-d'Or,\n- Le  Commandant  de  la  R\u00e9gion  de  Gendarmerie  de  Bourgogne-Franche-Comt\u00e9  et  du \nGroupement de gendarmerie d\u00e9partemental de la C\u00f4te-d'Or,\n- Le pr\u00e9sident du Conseil d\u00e9partemental de la C\u00f4te-d'Or,\n- Les maires des communes  de COMMARIN, GRENANT-LES-SOMBERNON, SOMBERNON,  \nMESMONT,  ECHANNAY  et  REMILLY-EN-MONTAGNE  sont  charg\u00e9s,  chacun  en  ce  qui  le \nconcerne, de l'ex\u00e9cution du pr\u00e9sent arr\u00eat\u00e9.\nLe pr\u00e9sent arr\u00eat\u00e9 sera publi\u00e9 au recueil des actes administratifs de la Pr\u00e9fecture de C\u00f4te-\nd'Or.\nUne copie du pr\u00e9sent arr\u00eat\u00e9 sera adress\u00e9e pour information :\n- au Pr\u00e9sident de l'Association Sportive Automobile Prenois Bourgogne.\nFait \u00e0 Dijon, le 21 ao\u00fbt 2025\nLe pr\u00e9fet,\nPour le pr\u00e9fet et par d\u00e9l\u00e9gation,\nLa directrice de cabinet,\nSIGN\u00c9\nAur\u00e9lie CONTRECIVILE\nDirection d\u00e9partementale des territoires de la C\u00f4te-d'Or\n57 rue de Mulhouse- BP 53317 - 21033 DIJON cedex\nt\u00e9l : 03 80 29 44 44 \u2013 Courriel : ddt@cote-dor.gouv.fr\nDirection d\u00e9partementale des territoires de la C\u00f4te-d'Or - 21-2025-08-21-00004 - AP 1309 20250821 RAA Circulation\nRallyeDesHautesC\u00f4tes2025 22\nDirection d\u00e9partementale des territoires de la\nC\u00f4te-d'Or\nService S\u00e9curit\u00e9 et Education Routi\u00e8re\n21-2025-08-20-00002\nAP 1314 20250820 RAA M274 DiversEntretiens\nDirection d\u00e9partementale des territoires de la C\u00f4te-d'Or - 21-2025-08-20-00002 - AP 1314 20250820 RAA M274 DiversEntretiens 23\nExPREFETDE LACOTE-D'ORL,z'berte'Egalit\u00e9Fraternit\u00e9\nDirection d\u00e9partementale des territoires\nde la C\u00f4te-d'Or\nService de la S\u00e9curit\u00e9 et de l'\u00c9ducation Routi\u00e8re\nBureau de la S\u00e9curit\u00e9 Routi\u00e8re\n Dijon, le 20 ao\u00fbt 2025\nArr\u00eat\u00e9 N\u00b0 1314\nportant r\u00e9glementation temporaire de la circulation pour la r\u00e9alisation de travaux \nd'entretien des r\u00e9seaux d'assainissement, OA, balayages sur la M274, entra\u00eenant des \nfermetures d'axes, par tron\u00e7on, dans les 2 sens de circulation du PR0+000 au PR 18+300, \nsur les communes de Longvic, Dijon, Ruffey-les-Echirey, Ahuy, Fontaine-les-Dijon, Daix, \nTalant, Plombi\u00e8res-les-Dijon et Saint-Apollinaire.\nLe pr\u00e9fet de la C\u00f4te-d'Or\nVU le Code de la Route ;\nVU le Code de la Voirie Routi\u00e8re ;\nVU la loi n\u00b02022-217 du 21 f\u00e9vrier 2022 relative \u00e0 la diff\u00e9renciation, la d\u00e9centralisation, la  \nd\u00e9concentration et portant diverses mesures de simplification de l'action publique locale ;\nVU le d\u00e9cret en Conseil d'\u00c9tat du 6 f\u00e9vrier 1980 d\u00e9clarant d'utilit\u00e9 publique la construction \nde la rocade Est de Dijon et lui conf\u00e9rant le statut de route express ;\nVU le d\u00e9cret 2009- 615 du 3 juin 2009 modifi\u00e9, fixant la liste des routes class\u00e9es \u00e0 grande  \ncirculation ;\nVU le d\u00e9cret n\u00b02022-459 du 30 mars 2022 fixant la liste des voies non conc\u00e9d\u00e9es du  \ndomaine  public  routier  national  qui  peuvent  \u00eatre  transf\u00e9r\u00e9es  aux  d\u00e9partements  et \nm\u00e9tropoles ou mises \u00e0 disposition des r\u00e9gions dans les conditions pr\u00e9vues aux articles 38  \net 40 de la loi n\u00b02022-217 du 21 f\u00e9vrier 2022 ;\nVU le d\u00e9cret du 10 octobre 2024 nommant Paul MOURIER, pr\u00e9fet de la r\u00e9gion Bourgogne-\nFranche-Comt\u00e9, pr\u00e9fet de la C\u00f4te-d'Or ;\nVU  l'arr\u00eat\u00e9 interminist\u00e9riel du 24 novembre 1967 modifi\u00e9, relatif \u00e0 la signalisation des  \nroutes et autoroutes ;\nVU  l'arr\u00eat\u00e9 interminist\u00e9riel du 6 novembre 1992 modifi\u00e9, approuvant les dispositions de  \nl'instruction interminist\u00e9rielle sur la signalisation routi\u00e8re ;\nDirection d\u00e9partementale des territoires de la C\u00f4te-d'Or\n57 rue de Mulhouse- BP 53317 - 21033 DIJON cedex\nt\u00e9l : 03 80 29 44 44 \u2013 Courriel : ddt@cote-dor.gouv.fr\nDirection d\u00e9partementale des territoires de la C\u00f4te-d'Or - 21-2025-08-20-00002 - AP 1314 20250820 RAA M274 DiversEntretiens 24\n2/11\nVU l'arr\u00eat\u00e9  pr\u00e9fectoral  n\u00b021-2023-05-02-00001  du  2  mai  2023  relatif  au  transfert  au \nd\u00e9partement de C\u00f4te-d'Or de sections de routes et autoroutes class\u00e9es dans le domaine  \npublic routier national ;\nVU  l'arr\u00eat\u00e9  pr\u00e9fectoral  n\u00b021-2023-05-02-00002  du  2  mai  2023  relatif  au  transfert  \u00e0  la \nM\u00e9tropole de Dijon de sections de routes et autoroutes class\u00e9es dans le domaine public  \nroutier national ;\nVU  l'arr\u00eat\u00e9 pr\u00e9fectoral n\u00b0 1010 /SG du 02 juillet 2025 donnant d\u00e9l\u00e9gation de signature \u00e0  \nMadame Aur\u00e9lie CONTRECIVILE, directrice de cabinet du pr\u00e9fet de la C\u00f4te-d'Or ;\nVU la note du 23 janvier 2025 du Minist\u00e8re de l'Am\u00e9nagement du Territoire et de la  \nD\u00e9centralisation,  Minist\u00e8re  charg\u00e9  des  Transports,  fixant  le  calendrier  des  jours  hors \nchantiers pour l'ann\u00e9e 2025 ;\nVU la demande pr\u00e9sent\u00e9e par la M\u00e9tropole de Dijon - CEI de Dijon le 21 juillet 2025 ;\nCONSID\u00c9RANT que pendant les travaux  d'entretien des r\u00e9seaux d'assainissement, des  \nouvrages d'art, de balayage , r\u00e9alis\u00e9s  sur le r\u00e9seau de la M274 il y a lieu de pr\u00e9ciser les  \nconditions de circulation afin de pr\u00e9venir tout risque d'accident, de faciliter la bonne  \nex\u00e9cution des travaux et d'assurer un \u00e9coulement satisfaisant du trafic ;\nCONSID\u00c9RANT que la section concern\u00e9e par les travaux est situ\u00e9e hors agglom\u00e9ration ;\nSUR proposition de Madame la Directrice D\u00e9partementale des Territoires de la C\u00f4te-d'Or ;\nARR\u00caTE\nArticle 1 :\nLes travaux  d'entretien concernent la M274 dans  les 2 sens  de circulation (Paris-Lyon et  \nLyon-Paris), du PR0+000 au PR18+300.\nLes dispositions du pr\u00e9sent arr\u00eat\u00e9 s'appliqueront les nuits de 21h \u00e0 6h  du mercredi 3  \nseptembre au vendredi 19 septembre 2025.\nArticle 2 :\nPendant l'ex\u00e9cution des travaux ci-dessus d\u00e9sign\u00e9s sur la M274, la circulation s'effectuera  \ndans les conditions suivantes :\n- Phase 1 : 2 nuits du mercredi 3 au vendredi 5 septembre 2025 :\nCoupure d'axe et fermeture de bretelles\nLa M274 sera ferm\u00e9e \u00e0 la circulation dans le sens Lyon->Paris du PR0+000 (sortie par  \nbretelle  n\u00b01  de  l'\u00e9changeur  n\u00b047  Beauregard)  au  PR4+200  (retour  par  la  bretelle  2  de \nl'\u00e9changeur n\u00b045 Franche-Comt\u00e9) :\n- fermeture des bretelles n\u00b02, 3 et 6 de l'\u00e9changeur n\u00b047 de Beauregard (PR0+010).\n- fermeture de section courante par APRR du PR32D de l'A311 au PR 0+000 de la M274.\nDirection d\u00e9partementale des territoires de la C\u00f4te-d'Or\n57 rue de Mulhouse- BP 53317 - 21033 DIJON cedex\nt\u00e9l : 03 80 29 44 44 \u2013 Courriel : ddt@cote-dor.gouv.fr\nDirection d\u00e9partementale des territoires de la C\u00f4te-d'Or - 21-2025-08-20-00002 - AP 1314 20250820 RAA M274 DiversEntretiens 25\n3/11\nDes d\u00e9viations seront mises en place \u00e0 l'attention des usagers depuis l'\u00e9changeur n\u00b047 de  \nBeauregard (PR0+010) :\n\u25aa M122A Bd de Beauregard,\n\u25aa M124 Bd Eiffel,\n\u25aa M124 Bd des Industries,\n\u25aa M996 Route de Dijon,\n\u25aa Av de l'Europe,\n\u25aa Bd de Chicago,\n\u25aa M905,\n\u25aa retour sur la M274 via la bretelle 2 de l'\u00e9changeur n\u00b045 de Franche-Comt\u00e9  \n(PR4+250).\n- Phase 2 : 2 nuits du lundi 8 au mercredi 10 septembre 2025 :\nCoupure d'axe et fermetures de bretelles\nLa M274 sera ferm\u00e9e \u00e0 la circulation dans le sens Paris->Lyon du PR 4+500 (sortie par  \nbretelle n\u00b05 de l'\u00e9changeur n\u00b045 Franche-Comt\u00e9) au PR0+000 (retour par la bretelle n\u00b06 de  \nl'\u00e9changeur n\u00b047 Beauregard) :\n- fermeture des bretelles n\u00b0 6 et 8 de l'\u00e9changeur n\u00b045 de Franche-Comt\u00e9 (PR4+250) et de  \nla bretelle n\u00b05 de l'\u00e9changeur n\u00b047 de Beauregard (PR0+010).\nDes d\u00e9viations seront mises en place \u00e0 l'attention des usagers :\n\u25e6 depuis l'\u00e9changeur n\u00b045 Franche-Comt\u00e9 (PR4+250) sortie par B5 et B6 ferm\u00e9e :\n\u25aa M905,\n\u25aa Bd de Chicago,\n\u25aa Av de l'Europe,\n\u25aa M996 Route de Dijon,\n\u25aa M124 Bd des Industries,\n\u25aa M124 Bd Eiffel,\n\u25aa M122A Bd de Beauregard,\n\u25aa M122R,\n\u25aa RP de Palissy,\n\u25aa M122R,\n\u25aa retour par la bretelle B6 de l'\u00e9changeur n\u00b047 de Beauregard (PR0+010).\n\u25e6 depuis l'\u00e9changeur n\u00b045 de Franche-Comt\u00e9 (PR4+250), B8 ferm\u00e9e :\n\u25aa M905,\n\u25aa A39 sortie n\u00b02 (Sennecey-les-Dijon),\n\u25aa M905B (av du Mont Blanc),\n\u25aa M905,\n\u25aa Bd de Chicago,\n\u25aa Av de l'Europe,\n\u25aa M996 Route de Dijon,\n\u25aa M124 Bd des Industries,\n\u25aa M124 Bd Eiffel,\n\u25aa M122A Bd de Beauregard,\n\u25aa M122R,\n\u25aa RP de Palissy,\nDirection d\u00e9partementale des territoires de la C\u00f4te-d'Or\n57 rue de Mulhouse- BP 53317 - 21033 DIJON cedex\nt\u00e9l : 03 80 29 44 44 \u2013 Courriel : ddt@cote-dor.gouv.fr\nDirection d\u00e9partementale des territoires de la C\u00f4te-d'Or - 21-2025-08-20-00002 - AP 1314 20250820 RAA M274 DiversEntretiens 26\n4/11\n\u25aa M122R,\n\u25aa retour par la bretelle B6 de l'\u00e9changeur n\u00b047 de Beauregard (PR0+010).\n\u25e6 depuis l'\u00e9changeur n\u00b047 de Beauregard (PR0+010), B5 ferm\u00e9e :\n\u25aa M122R,\n\u25aa RP de Palissy,\n\u25aa M122R,\n\u25aa retour par le bretelle B6 de l'\u00e9changeur n\u00b047 de Beauregard (PR0+010).\nRestriction de circulation\nNeutralisation  des  voies  rapides  et  lentes  par  balisage  FLR  (fl\u00e8che  de  rabattement \nlumineuse) 500m en amont de la bretelle de sortie obligatoire n\u00b05 de l'\u00e9changeur n\u00b045  \nFranche-Comt\u00e9 (PR4+250) de la M274.\n- Phase 3 : 1 nuit du mercredi 10 au jeudi 11 septembre 2025 :\nCoupure d'axe et fermetures de bretelles\nLa M274 sera ferm\u00e9e \u00e0 la circulation dans le sens Lyon \u2192 Paris du PR3+950 (sortie par  \nbretelle n\u00b01 de l'\u00e9changeur n\u00b045 Franche-Comt\u00e9) au PR9+975 (retour par la bretelle n\u00b02 de  \nl'\u00e9changeur n\u00b040 Malines) :\n- fermeture de la bretelle d'entr\u00e9e n\u00b04 de l'\u00e9changeur n\u00b045 de Franche-Comt\u00e9 (PR4+250)  \npar APRR,\n- fermeture des bretelles d'entr\u00e9es n\u00b02 des \u00e9changeurs n\u00b045 Franche-Comt\u00e9 (PR4+250),  \nn\u00b044 de Mirande (PR5+340), n\u00b043 de Quetigny (PR5+625) et n\u00b042 de l'Arc (PR6+830).\nDes d\u00e9viations seront mises en place \u00e0 l'attention des usagers :\n\u25e6 depuis l'\u00e9changeur n\u00b045 Franche-Comt\u00e9 (PR4+250), B2 ferm\u00e9e :\n\u2022 A39 sortie n\u00b02,\n\u2022 M905B (Av du Mont Blanc),\n\u2022 M122A (Route de Chevigny),\n\u2022 M107 (Route de Dijon, Bd J. Jaur\u00e8s),\n\u2022 M125 (Bd de l'Europe),\n\u2022 M125D,\n\u2022 M700,\n\u2022 Rue Jean Moulin,\n\u2022 Rond-point du 8 mai 1945,\n\u2022 Av Champollion,\n\u2022 Av de Dallas,\n\u2022 Rue de Cracovie,\n\u2022 Rue de l'Yser,\n\u2022 Rue de Malines,\n\u2022 retour M274 via \u00e9changeur n\u00b040 Malines (PR9+625).\n\u25e6 depuis l'\u00e9changeur n\u00b045 Franche-Comt\u00e9 (PR4+250), B4 ferm\u00e9e :\n\u2022 M905,\n\u2022 Rue de Neuilly l\u00e8s Dijon\n\u2022 M905,\n\u2022 A39 sortie n\u00b02,\nDirection d\u00e9partementale des territoires de la C\u00f4te-d'Or\n57 rue de Mulhouse- BP 53317 - 21033 DIJON cedex\nt\u00e9l : 03 80 29 44 44 \u2013 Courriel : ddt@cote-dor.gouv.fr\nDirection d\u00e9partementale des territoires de la C\u00f4te-d'Or - 21-2025-08-20-00002 - AP 1314 20250820 RAA M274 DiversEntretiens 27\n5/11\n\u2022 M905B (Av du Mont Blanc),\n\u2022 M122A (Route de Chevigny),\n\u2022 M107 (Route de Dijon, Bd J. Jaur\u00e8s),\n\u2022 M125 (Bd de l'Europe),\n\u2022 M125D,\n\u2022 M700,\n\u2022 Rue Jean Moulin,\n\u2022 Rond-point du 8 mai 1945,\n\u2022 Av Champollion,\n\u2022 Av de Dallas,\n\u2022 Rue de Cracovie,\n\u2022 Rue de l'Yser,\n\u2022 Rue de Malines,\n\u2022 retour M274 via \u00e9changeur n\u00b040 Malines (PR9+625).\n\u25e6 depuis l'\u00e9changeur n\u00b044 Mirande (PR5+340), B2 ferm\u00e9e :\n\u2022 M126 (Rue Pierre de Coubertin),\n\u2022 Rue Alain Bombard,\n\u2022 Rue Champeau,\n\u2022 M125 (Bd de l'Europe),\n\u2022 M125D,\n\u2022 M700,\n\u2022 Rue Jean Moulin,\n\u2022 Rond-point du 8 mai 1945,\n\u2022 Av Champollion,\n\u2022 Av de Dallas,\n\u2022 Rue de Cracovie,\n\u2022 Rue de l'Yser,\n\u2022 Rue de Malines,\n\u2022 retour M274 via \u00e9changeur n\u00b040 Malines (PR9+625).\n\u25e6 depuis l'\u00e9changeur n\u00b043 Qu\u00e9tigny (PR5+625), B2 ferm\u00e9e :\n\u2022 Rue Alain Bombard,\n\u2022 Rue Champeau,\n\u2022 M125 (Bd de l'Europe),\n\u2022 M125D,\n\u2022 M700,\n\u2022 Rue Jean Moulin,\n\u2022 Rond-point du 8 mai 1945,\n\u2022 Av Champollion,\n\u2022 Av de Dallas,\n\u2022 Rue de Cracovie,\n\u2022 Rue de l'Yser,\n\u2022 Rue de Malines,\n\u2022 retour M274 via \u00e9changeur n\u00b040 Malines (PR9+625).\n\u25e6 depuis l'\u00e9changeur n\u00b042 de l'Arc (PR6+830) :\n\u2022 Rue Jean Moulin,\nDirection d\u00e9partementale des territoires de la C\u00f4te-d'Or\n57 rue de Mulhouse- BP 53317 - 21033 DIJON cedex\nt\u00e9l : 03 80 29 44 44 \u2013 Courriel : ddt@cote-dor.gouv.fr\nDirection d\u00e9partementale des territoires de la C\u00f4te-d'Or - 21-2025-08-20-00002 - AP 1314 20250820 RAA M274 DiversEntretiens 28\n6/11\n\u2022 Rond-point du 8 mai 1945,\n\u2022 Av Champollion,\n\u2022 Av de Dallas,\n\u2022 Rue de Cracovie,\n\u2022 Rue de l'Yser,\n\u2022 Rue de Malines,\n\u2022 retour M274 via \u00e9changeur n\u00b040 Malines (PR9+625).\nRestriction de circulation\nNeutralisation  des  voies  rapides  et  lentes  par  balisage  FLR  (fl\u00e8che  de  rabattement \nlumineuse) 500m en amont de la bretelle de sortie obligatoire n\u00b01 de l'\u00e9changeur n\u00b045  \nFranche-Comt\u00e9 (4+250) de la M274.\n- Phase 4 : 2 nuits du jeudi 11 au vendredi 12 septembre 2025 et du lundi 15 au mardi 16  \nseptembre 2025 :\nCoupure d'axe et fermeture de bretelles.\nLa M274 sera ferm\u00e9e \u00e0 la circulation dans le sens Lyon->Paris du PR8+080 (sortie par  \nbretelle 1 de l'\u00e9changeur n\u00b041 Cracovie) au PR13+200 (retour par l'\u00e9changeur n\u00b037 Ahuy) :\n- fermeture des bretelles d'entr\u00e9es n\u00b02 des \u00e9changeurs n\u00b040 Malines (PR9+625), n\u00b039 Valmy \n(PR11+350) et n\u00b038 Pompidou (PR12+070),\n- fermeture de la section courante sens Lyon->Paris au PR8+080.\nDes d\u00e9viations seront mises en place \u00e0 l'attention des usagers :\n\u25e6 depuis l'\u00e9changeur n\u00b041 Cracovie (PR6+830) :\n\u2022 Rue de Bastogne,\n\u2022 Rue de Cracovie,\n\u2022 Av de Dallas,\n\u2022 Bd des Martyrs de la R\u00e9sistance,\n\u2022 Place Saint Exup\u00e9ry,\n\u2022 Bd Pascal,\n\u2022 Bd Gallieni,\n\u2022 M107A (route d'Ahuy),\n\u2022 retour M274 via \u00e9changeur n\u00b037 Ahuy (PR13+050).\n\u25e6 depuis l'\u00e9changeur n\u00b040 de Malines (PR9+625) :\n\u2022 Rue de Malines,\n\u2022 Rue du Dr Quignard,\n\u2022 Av de Mayence,\n\u2022 Av de Dallas,\n\u2022 Bd des Martyrs de la R\u00e9sistance,\n\u2022 Place Saint Exup\u00e9ry,\n\u2022 Bd Pascal,\n\u2022 Bd Gallieni,\n\u2022 M107A (route d'Ahuy),\n\u2022 retour M274 via \u00e9changeur n\u00b037 Ahuy (PR13+050).\n\u25e6 depuis l'\u00e9changeur n\u00b039 Valmy (PR11+350) :\nDirection d\u00e9partementale des territoires de la C\u00f4te-d'Or\n57 rue de Mulhouse- BP 53317 - 21033 DIJON cedex\nt\u00e9l : 03 80 29 44 44 \u2013 Courriel : ddt@cote-dor.gouv.fr\nDirection d\u00e9partementale des territoires de la C\u00f4te-d'Or - 21-2025-08-20-00002 - AP 1314 20250820 RAA M274 DiversEntretiens 29\n7/11\n\u2022 Parc Commercial de la Toison d'Or,\n\u2022 Rue de Colchide,\n\u2022 Bd W. Churchill,\n\u2022 Rue de Malines,\n\u2022 Rue Dr Quignard,\n\u2022 Rue de Mayence,\n\u2022 Av de Dallas,\n\u2022 Bd des Martyrs de la R\u00e9sistance,\n\u2022 Bd Pascal,\n\u2022 Bd Gallieni,\n\u2022 M107A (route d'Ahuy),\n\u2022 retour M274 via \u00e9changeur n\u00b037 Ahuy (PR13+050).\n\u25e6 depuis l'\u00e9changeur n\u00b038 Pompidou (PR12+070) :\n\u2022 Av de Langres,\n\u2022 Av du Drapeau,\n\u2022 Bd Gallieni,\n\u2022 M107A (route d'Ahuy),\n\u2022 retour M274 via \u00e9changeur n\u00b037 Ahuy (PR13+050).\nRestriction de circulation\nNeutralisation  des  voies  rapides  et  lentes  par  balisage  FLR  (fl\u00e8che  de  rabattement \nlumineuse) 500m en amont de la bretelle de sortie obligatoire n\u00b01 de l'\u00e9changeur n\u00b041 de  \nCracovie (PR6+830) de la M274.\n- Phase 5 : 2 nuits du mardi 16 au jeudi 18 septembre 2025 :\nCoupure d'axe et fermetures de bretelles\nLa M274 sera ferm\u00e9e \u00e0 la circulation dans le sens Paris->Lyon du PR 13+150 (sortie par  \nbretelle 3 de l'\u00e9changeur n\u00b037 Ahuy) au PR 8+200 (retour par la bretelle 3 de l'\u00e9changeur  \nn\u00b041 Cracovie) :\n- fermeture des bretelles n\u00b04 des \u00e9changeurs n\u00b037 Ahuy, n\u00b038 Pompidou (+shunt), n\u00b039  \nValmy et n\u00b040 Malines,\n- fermeture de la section courante sens Paris->Lyon au PR13+150.\nDes d\u00e9viations seront mises en place \u00e0 l'attention des usagers :\n\u25e6 depuis l'\u00e9changeur n\u00b040 de Malines (PR9+625) :\n\u2022 Rue Dr Quignard,\n\u2022 Rue de Mayence,\n\u2022 Rue de Cracovie,\n\u2022 retour M274 via \u00e9changeur n\u00b041 Cracovie (PR6+830).\n\u25e6 depuis l'\u00e9changeur n\u00b039 Valmy (PR11+350) :\n\u2022 Parc Commercial de la Toison d'Or,\n\u2022 Rue de Colchide,\n\u2022 Bd W. Churchill,\n\u2022 Rue de Malines,\n\u2022 Rue Dr Quignard,\nDirection d\u00e9partementale des territoires de la C\u00f4te-d'Or\n57 rue de Mulhouse- BP 53317 - 21033 DIJON cedex\nt\u00e9l : 03 80 29 44 44 \u2013 Courriel : ddt@cote-dor.gouv.fr\nDirection d\u00e9partementale des territoires de la C\u00f4te-d'Or - 21-2025-08-20-00002 - AP 1314 20250820 RAA M274 DiversEntretiens 30\n8/11\n\u2022 Rue de Mayence,\n\u2022 Rue de Cracovie,\n\u2022 retour M274 via \u00e9changeur n\u00b041 Cracovie (PR6+830).\n\u25e6 depuis l'\u00e9changeur n\u00b038 Pompidou (PR12+070) :\n\u2022 Av de Langres,\n\u2022 Av du Drapeau,\n\u2022 Bd Pascal,\n\u2022 Place Saint Exup\u00e9ry,\n\u2022 Bd des martyrs de la r\u00e9sistance,\n\u2022 Av de Dallas,\n\u2022 Rue de Cracovie,\n\u2022 retour M274 via \u00e9changeur n\u00b041 Cracovie (PR6+830).\n\u25e6 depuis l'\u00e9changeur n\u00b037 d'Ahuy (13+050) :\n\u2022 M107A (route d'Ahuy),\n\u2022 Bd Gallieni,\n\u2022 Bd Pascal,\n\u2022 Place Saint Exup\u00e9ry,\n\u2022 Bd des martyrs de la r\u00e9sistance,\n\u2022 Av de Dallas,\n\u2022 Rue de Cracovie,\n\u2022 retour M274 via \u00e9changeur n\u00b041 Cracovie (PR6+830).\n- Phase 6 : 1 nuit du jeudi 18 au vendredi 19 septembre 2025 :\nCoupure d'axe et fermetures de bretelles\nLa M274 sera ferm\u00e9e \u00e0 la circulation dans le sens Paris->Lyon, du PR10+225 (sortie par  \nbretelle  n\u00b04  de  l'\u00e9changeur  n\u00b040  Malines)  au  PR4+000  (retour  par  la  bretelle  n\u00b08  de \nl'\u00e9changeur n\u00b045 Franche-Comt\u00e9) :\n- fermeture des bretelles d'entr\u00e9e n\u00b04 des \u00e9changeurs n\u00b040 de Malines (PR9+625), n\u00b042 de  \nl'Arc (PR6+830), n\u00b043 de Qu\u00e9tigny (PR5+625) et n\u00b044 de Mirande (PR5+340),\n- fermeture de la bretelle d'entr\u00e9e n\u00b06 de l'\u00e9changeur n\u00b045 de Franche-Comt\u00e9 (PR4+250),\n- fermeture de la bretelle d'entr\u00e9e n\u00b03 de l'\u00e9changeur n\u00b041 de Cracovie (PR8+530).\nDes d\u00e9viations seront mises en place \u00e0 l'attention des usagers :\n\u25e6 depuis l'\u00e9changeur n\u00b040 de Malines (PR9+625) :\n\u2022 Rue du Dr Quignard,\n\u2022 Rue de Mayence,\n\u2022 Av de Dallas,\n\u2022 Av de Champollion,\n\u2022 Rond-point du 8 mai 1945,\n\u2022 Rue Jean Moulin,\n\u2022 M700,\n\u2022 M125D,\n\u2022 M125 (Bd de l'Europe),\n\u2022 M107 (Bd J. Jaur\u00e8s, route de Dijon),\n\u2022 M122A (route de Chevigny),\nDirection d\u00e9partementale des territoires de la C\u00f4te-d'Or\n57 rue de Mulhouse- BP 53317 - 21033 DIJON cedex\nt\u00e9l : 03 80 29 44 44 \u2013 Courriel : ddt@cote-dor.gouv.fr\nDirection d\u00e9partementale des territoires de la C\u00f4te-d'Or - 21-2025-08-20-00002 - AP 1314 20250820 RAA M274 DiversEntretiens 31\n9/11\n\u2022 M905B (Av de Mont Blanc),\n\u2022 M905,\n\u2022 retour  M274  via  bretelle  n\u00b08  de  l'\u00e9changeur  de  Franche-Comt\u00e9  n\u00b045 \n(PR4+250).\n\u25e6 depuis l'\u00e9changeur n\u00b041 Cracovie (PR8+530) :\n\u2022 Rue de Cracovie,\n\u2022 Av de Dallas,\n\u2022 Av de Champollion,\n\u2022 Rond-point du 8 mai 1945,\n\u2022 Rue Jean Moulin,\n\u2022 M700,\n\u2022 M125D,\n\u2022 M125 (Bd de l'Europe),\n\u2022 M107 (Bd J. Jaur\u00e8s, route de Dijon),\n\u2022 M122A (route de Chevigny),\n\u2022 M905B (Av de Mont Blanc),\n\u2022 M905,\n\u2022 retour  M274  via  bretelle  n\u00b08  de  l'\u00e9changeur  de  Franche-Comt\u00e9  n\u00b045 \nPR4+250).\n\u25e6 depuis l'\u00e9changeur n\u00b042 de l'Arc (PR6+830) :\n\u2022 Rue Jean Moulin,\n\u2022 M700,\n\u2022 M125D,\n\u2022 M125 (Bd de l'Europe),\n\u2022 M107 (Bd J. Jaur\u00e8s, route de Dijon),\n\u2022 M122A (Route de Chevigny),\n\u2022 M905B (Av de Mont Blanc),\n\u2022 M905,\n\u2022 retour  M274  via  bretelle  n\u00b08  de  l'\u00e9changeur  de  Franche-Comt\u00e9  n\u00b045 \n(PR4+250).\n\u25e6 depuis l'\u00e9changeur n\u00b043 Qu\u00e9tigny (PR5+625) :\n\u2022 M107 (Rue de Sully, Av de l'Universit\u00e9, Bd Jean Jaur\u00e8s, Route de Dijon),\n\u2022 M122A (Route de Chevigny),\n\u2022 M905B (Av de Mont Blanc),\n\u2022 M905,\n\u2022 retour  M274  via  bretelle  n\u00b08  de  l'\u00e9changeur  de  Franche-Comt\u00e9  n\u00b045 \n(PR4+250).\n\u25e6 depuis l'\u00e9changeur n\u00b044 Mirande (PR5+340) :\n\u2022 Rue du recteur Marcel Bouchard,\n\u2022 M107 (rue de Sully, Av de l'Universit\u00e9, Bd Jean Jaur\u00e8s, route de Dijon),\n\u2022 M122A (Route de Chevigny),\n\u2022 M905B (Av de Mont Blanc),\n\u2022 M905,\nDirection d\u00e9partementale des territoires de la C\u00f4te-d'Or\n57 rue de Mulhouse- BP 53317 - 21033 DIJON cedex\nt\u00e9l : 03 80 29 44 44 \u2013 Courriel : ddt@cote-dor.gouv.fr\nDirection d\u00e9partementale des territoires de la C\u00f4te-d'Or - 21-2025-08-20-00002 - AP 1314 20250820 RAA M274 DiversEntretiens 32\n10/11\n\u2022 retour  M274  via  bretelle  n\u00b08  de  l'\u00e9changeur  de  Franche-Comt\u00e9  n\u00b045 \n(PR4+250).\n\u25e6 depuis l'\u00e9changeur n\u00b045 Franche-Comt\u00e9 (PR4+250) :\n\u2022 M905,\n\u2022 Rue de Neuilly,\n\u2022 M905,\n\u2022 retour  M274  via  bretelle  n\u00b08  de  l'\u00e9changeur  de  Franche-Comt\u00e9  n\u00b045 \n(PR4+250).\nRestriction de circulation\nNeutralisation  des  voies  rapides  et  lentes  par  balisage  FLR  (fl\u00e8che  de  rabattement \nlumineuse) 500m en amont de la bretelle de sortie obligatoire n\u00b04 de l'\u00e9changeur n\u00b040  \nMalines (PR9+625) de la M274.\nArticle 3 :\nCertaines  phases  pr\u00e9paratoires  ou  de  mise  en  place  de  la  signalisation  du  chantier \npourront  n\u00e9cessiter  des  r\u00e9ductions  momentan\u00e9es  de  chauss\u00e9e  ou  des  interruptions \ncourtes de circulation.\nArticle 4 :\nSur le parcours des sections soumises \u00e0 ces restrictions provisoires, les conducteurs des  \nv\u00e9hicules devront le cas \u00e9ch\u00e9ant, se conformer aux indications des services de police, des \nservices de secours ou des agents du CEI de Dijon M\u00e9tropole , tant en ce qui concerne le  \ntrajet \u00e0 suivre que l'arr\u00eat s'il leur est prescrit.\nArticle 5 :\nLe passage des convois exceptionnels sera interdit sur l'itin\u00e9raire de d\u00e9viation.\nArticle 6 :\nLa signalisation r\u00e9glementaire, conforme \u00e0 l'instruction interminist\u00e9rielle (Livre I \u2013 8e partie) \napprouv\u00e9e par arr\u00eat\u00e9 interminist\u00e9riel le 6 novembre 1992 et aux manuels du chef de  \nchantier, sera fournie, mise en place et maintenue par le CEI de Dijon.\nArticle 7 :\nLes infractions au pr\u00e9sent arr\u00eat\u00e9 seront constat\u00e9es par proc\u00e8s-verbaux dress\u00e9s par les  \nforces de l'ordre.\nArticle 8 :\nLors de l'ach\u00e8vement des travaux et avant le r\u00e9tablissement normal de la circulation, la  \nchauss\u00e9e devra \u00eatre propre et satisfaire aux conditions normales de s\u00e9curit\u00e9.\nArticle 9 :\nLe pr\u00e9sent arr\u00eat\u00e9 sera affich\u00e9 aux abords imm\u00e9diats du chantier.\nDirection d\u00e9partementale des territoires de la C\u00f4te-d'Or\n57 rue de Mulhouse- BP 53317 - 21033 DIJON cedex\nt\u00e9l : 03 80 29 44 44 \u2013 Courriel : ddt@cote-dor.gouv.fr\nDirection d\u00e9partementale des territoires de la C\u00f4te-d'Or - 21-2025-08-20-00002 - AP 1314 20250820 RAA M274 DiversEntretiens 33\n11/11\nArticle 10 :\nLe pr\u00e9sent arr\u00eat\u00e9 peut faire l'objet d'un recours gracieux aupr\u00e8s du pr\u00e9fet et/ou d'un  \nrecours contentieux devant le tribunal administratif dans un d\u00e9lai de 2 mois \u00e0 compter de  \nsa notification.\nLe tribunal administratif peut \u00eatre saisi par un recours d\u00e9pos\u00e9 via l'application T\u00e9l\u00e9recours  \ncitoyens accessible par le site internet www.telerecours.fr \u00bb.\nArticle 11 :\n- La Directrice de Cabinet du pr\u00e9fet de la C\u00f4te-d'Or,\n- Le Pr\u00e9sident de Dijon M\u00e9tropole,\n- Le Directeur Interd\u00e9partemental de la Police Nationale,\nsont charg\u00e9s, chacun en ce qui le concerne, de l'ex\u00e9cution du pr\u00e9sent arr\u00eat\u00e9.\nLe pr\u00e9sent arr\u00eat\u00e9 sera publi\u00e9 au recueil des actes administratifs de la Pr\u00e9fecture de la C\u00f4te-\nd'Or.\nUne copie du pr\u00e9sent arr\u00eat\u00e9 sera adress\u00e9e pour information :\n- au  Commandant  de  la  R\u00e9gion  de  Gendarmerie  de  Bourgogne-Franche-Comt\u00e9, \ncommandant du groupement de la C\u00f4te-d'Or,\n- au Service D\u00e9partemental d'Incendie et de Secours de la C\u00f4te-d'Or,\n - \u00e0 la direction du SAMU de Dijon,\n- au CEI de Dijon M\u00e9tropole,\n- \u00e0 la direction de l'exploitation de Dijon M\u00e9tropole,\n- \u00e0 la direction d\u00e9partementale des territoires de la Sa\u00f4ne-et-Loire, service des transports  \nexceptionnels,\n- aux  communes  de  Longvic,  Dijon,  Ruffey-les-Echirey,  Ahuy,  Fontaine-les-Dijon,  Daix, \nTalant, Plombi\u00e8res-les-Dijon et Saint-Apollinaire.\nFait \u00e0 Dijon, le 20 ao\u00fbt 2025\nLe pr\u00e9fet,\nPour le pr\u00e9fet et par d\u00e9l\u00e9gation ,\nLa directrice de cabinet,\nSIGN\u00c9\nAur\u00e9lie CONTRECIVILE\nDirection d\u00e9partementale des territoires de la C\u00f4te-d'Or\n57 rue de Mulhouse- BP 53317 - 21033 DIJON cedex\nt\u00e9l : 03 80 29 44 44 \u2013 Courriel : ddt@cote-dor.gouv.fr\nDirection d\u00e9partementale des territoires de la C\u00f4te-d'Or - 21-2025-08-20-00002 - AP 1314 20250820 RAA M274 DiversEntretiens 34\nDirection d\u00e9partementale des territoires de la\nC\u00f4te-d'Or\nService S\u00e9curit\u00e9 et Education Routi\u00e8re\n21-2025-08-22-00001\nArr\u00eat\u00e9 N\u00b0 1319 \nportant autorisation d'une d\u00e9monstration\nautomobile intitul\u00e9e\n \u00ab4\u00e8me ronde classique du pays de Saint-Seine\u00bb \nles samedi 30 et dimanche 31 ao\u00fbt 2025.\nDirection d\u00e9partementale des territoires de la C\u00f4te-d'Or - 21-2025-08-22-00001 - Arr\u00eat\u00e9 N\u00b0 1319 \nportant autorisation d'une d\u00e9monstration automobile intitul\u00e9e\n \u00ab4\u00e8me ronde classique du pays de Saint-Seine\u00bb \nles samedi 30 et dimanche 31 ao\u00fbt 2025.\n35\nExPREFETDE LACOTE-D'ORL,z'bert\u00e9Egalit\u00e9Fraternit\u00e9\nDirection d\u00e9partementale des territoires\nde la C\u00f4te-d'Or\nService de la s\u00e9curit\u00e9 et de l'\u00e9ducation routi\u00e8re\nBureau de la s\u00e9curit\u00e9 routi\u00e8re \nDijon, le 22 ao\u00fbt 2025\nArr\u00eat\u00e9 N\u00b0 1319 \nportant autorisation d'une d\u00e9monstration automobile intitul\u00e9e\n \u00ab4\u00e8me ronde classique du pays de Saint-Seine\u00bb \nles samedi 30 et dimanche 31 ao\u00fbt 2025.\nLe pr\u00e9fet de la C\u00f4te-d'Or\nVU le  code  g\u00e9n\u00e9ral  des  collectivit\u00e9s  territoriales,  notamment  ses  articles  L.  2212-1  et\nsuivants, L. 2215-1, L. 3221-4 et L. 3221-5 ;\nVU le code de la route, et notamment ses articles L. 411-7 , R. 411-5, R. 411-10, R. 411-18, R.\n411-29, R. 411-30, R. 411-31 R. 411-32 ;\nVU le code du sport, notamment ses articles L. 231-2, L. 232-2-1, L. 331-5 \u00e0 L. 331-10, D. 331-\n5, R. 331-18 \u00e0 R. 331-34, R. 331-45, A. 331-18 et A.331-32 ;\nVU le d\u00e9cret n\u00b02010-365 du 09 avril 2010 relatif \u00e0 l'\u00e9valuation des incidences Natura 2000 ;\nVU le d\u00e9cret du 10 octobre 2024 portant nomination du pr\u00e9fet de la r\u00e9gion Bourgogne-\nFranche-Comt\u00e9, pr\u00e9fet de la C\u00f4te-d'Or - M. MOURIER Paul ;\nVU  l'arr\u00eat\u00e9  pr\u00e9fectoral  n\u00b0  1010/SG  du  02/07/2025  donnant  d\u00e9l\u00e9gation  de  signature  \u00e0\nMadame Aur\u00e9lie CONTRECIVILE, sous-pr\u00e9f\u00e8te, directrice de cabinet du pr\u00e9fet ;\nVU l'arr\u00eat\u00e9 conjoint temporaire n\u00b0 25-T-00308 du pr\u00e9sident du Conseil d\u00e9partemental en\ndate du 15 juillet 2025 et du maire de la commune de Francheville en date du 23 juillet\n2025  et du  maire  de  la  commune  de  Vaux-Saules  en  date  du  24  juillet  2025  portant\nr\u00e9glementation  de  la  circulation  sur  les  RD  16I,  RD  103  et  RD  10  \u00e0  l'occasion  de  la\nmanifestation sportive d\u00e9nomm\u00e9e \u00ab4\u00e8me ronde classique de loisirs du pays de Saint-\nSeine\u00bb \nVU  le dossier  n\u00b072933 d \u00e9pos\u00e9  sur  la  plateforme  SIMS  le  29  mars  2025  par  l'\u00c9curie\nAutomobile  des  Climats  de  Bourgogne  aux  fins  d'obtenir  l'autorisation  d'organiser  les\nDirection d\u00e9partementale des territoires de la C\u00f4te-d'Or\n57 , rue de Mulhouse - BP 53317 - 21033 Dijon CEDEX\nT\u00e9l. : 03 80 29 44 44\nCourriel : ddt@cote-dor.gouv.fr - Site internet : \nhttp://www.cote-dor.gouv.fr\nDirection d\u00e9partementale des territoires de la C\u00f4te-d'Or - 21-2025-08-22-00001 - Arr\u00eat\u00e9 N\u00b0 1319 \nportant autorisation d'une d\u00e9monstration automobile intitul\u00e9e\n \u00ab4\u00e8me ronde classique du pays de Saint-Seine\u00bb \nles samedi 30 et dimanche 31 ao\u00fbt 2025.\n36\nsamedi 30 et dimanche 31 ao\u00fbt 2025 une d\u00e9monstration automobile d\u00e9nomm\u00e9e \u00ab4\u00e8me\nronde classique de loisirs du pays de Saint-Seine\u00bb ;\nVU l'attestation de police d'assurance  d \u00e9livr\u00e9e le  15 avril 2025 par la soci\u00e9t\u00e9 Assurances\nAXA ;\nVU la visite terrain effectu\u00e9e le mardi 17 juin 2025 par les membres de la commission\nd\u00e9partementale de la s\u00e9curit\u00e9 routi\u00e8re ;\nVU les avis des Services D\u00e9partementaux de l'\u00c9ducation Nationale de C\u00f4te-d'Or (Service\nD\u00e9partemental Jeunesse \u2013 Engagement - Sports) en date du 8 avril 2025,  de la F\u00e9d\u00e9ration\nFran\u00e7aise de sport automobile en date du 8 avril 2025,  de l'Escadron D\u00e9partemental de\nS\u00e9curit\u00e9 Routi\u00e8re (EDSR) en date du 10 avril 2025, d'UFOLEP en date du 14 avril 2025,  du\nService Pr\u00e9servation et Am\u00e9nagement de l'Espace de la Direction D\u00e9partementale des\nTerritoires de la C\u00f4te-d'Or en date du 18 avril 2025 ;\nCONSID\u00c9RANT que  la  commission  d\u00e9partementale  de  s\u00e9curit\u00e9  routi\u00e8re  \u00ab  section\nsp\u00e9cialis\u00e9e pour les \u00e9preuves sportives \u00bb a \u00e9mis lors de sa r\u00e9union du mardi 24 juin 2025 un\navis favorable au d\u00e9roulement de cette manifestation impliquant des v\u00e9hicules terrestres \u00e0\nmoteur ;\nSUR proposition de Madame la directrice d\u00e9partementale des territoires de la C\u00f4te-d'Or;\nARR\u00caTE\nArticle 1 :\nLa d\u00e9monstration sportive d\u00e9nomm\u00e9e \u00ab 4\u00e8me ronde classique de loisirs du pays de Saint-\nSeine\u00bb organis\u00e9e par l'\u00c9curie Automobile des Climats de Bourgogne est autoris\u00e9e \u00e0 se\nd\u00e9rouler les samedi 30 dimanche 31 ao\u00fbt 2025, sur le territoire des communes de SAINT-\nSEINE-L'ABBAYE, SAINT-MARTIN-DU-MONT, TROUHAUT, BLIGNY-LE-SEC, FRANCHEVILLE,\nTURCEY  et  VAUX-SAULES  conform\u00e9ment  aux  modalit\u00e9s  expos\u00e9es  dans  la  demande\nsusvis\u00e9e.\nArticle 2 :\nConform\u00e9ment  aux  parcours,  les  conditions  de  passage  de  cette  d\u00e9monstration  sont\nfix\u00e9es  par  arr\u00eat\u00e9  conjoint  du  pr\u00e9sident  du  Conseil  d\u00e9partemental  et  des  maires  de\nFrancheville et Vaux-Saules.\nLe pr\u00e9sent arr\u00eat\u00e9 pr\u00e9vu au premier alin\u00e9a traite, \u00e0 raison des particularit\u00e9s locales, des\ngaranties  sp\u00e9cifiques  exig\u00e9es  des  organisateurs  pour  la  s\u00e9curit\u00e9  du  public  et  des\nconcurrents, notamment pour le parcours routier ferm\u00e9 \u00e0 la circulation publique.\nLes participants et les organisateurs sont tenus de respecter les dispositions du code de la\nroute sur les voies ouvertes \u00e0 la circulation publique.\nArticle 3 :\nLes zones autoris\u00e9es pour le public seront d\u00e9limit\u00e9es par de la rubalise verte et les zones\ninterdites au public seront mat\u00e9rialis\u00e9es par de la rubalise rouge ou rouge/blanc.\nDirection d\u00e9partementale des territoires de la C\u00f4te-d'Or\n57 , rue de Mulhouse - BP 53317 - 21033 Dijon CEDEX\nT\u00e9l. : 03 80 29 44 44\nCourriel : ddt@cote-dor.gouv.fr - Site internet : \nhttp://www.cote-dor.gouv.fr\nDirection d\u00e9partementale des territoires de la C\u00f4te-d'Or - 21-2025-08-22-00001 - Arr\u00eat\u00e9 N\u00b0 1319 \nportant autorisation d'une d\u00e9monstration automobile intitul\u00e9e\n \u00ab4\u00e8me ronde classique du pays de Saint-Seine\u00bb \nles samedi 30 et dimanche 31 ao\u00fbt 2025.\n37\nLes itin\u00e9raires doivent \u00eatre balis\u00e9s afin de canaliser les participants et le public spectateur\net d'en emp\u00eacher la divagation en dehors des secteurs qui leur sont d\u00e9di\u00e9s\nSeul  un  balisage  temporaire  (rubans,  rubalises,  marquages  biod\u00e9gradables,  balises\ntemporaires  d'orientation\u2026)  peut  \u00eatre  r\u00e9alis\u00e9.  Il  devra  \u00eatre  retir\u00e9  d\u00e8s  la  fin  de  la\nmanifestation\nLes stockages de produits dommageables pour l'environnement seront s\u00e9curis\u00e9s.\nLes v\u00e9hicules doivent \u00eatre stationn\u00e9s sur des surfaces imperm\u00e9abilis\u00e9es de fa\u00e7on \u00e0 \u00e9viter\nles fuites d'hydrocarbures dans l'environnement.\nLe d\u00e9p\u00f4t d'ordures  en dehors  des  zones  pr\u00e9vues  \u00e0 cet effet est interdit.  Les  d\u00e9chets\ndevront \u00eatre ramass\u00e9s, ramen\u00e9s et tri\u00e9s ; les feux, le bivouac, le camping sont interdits.\nArticle 4:\nLa pr\u00e9sente autorisation est accord\u00e9e, sous r\u00e9serve que l'organisateur prenne \u00e0 sa charge\nles frais du service d'ordre, mis en place \u00e0 l'occasion du d\u00e9roulement de l'\u00e9preuve et assure\nla  r\u00e9paration  des  dommages,  d\u00e9gradations,  modifications  de  toutes  sortes  de  la  voie\npublique ou de ses d\u00e9pendances, imputables aux concurrents, aux organisateurs ou \u00e0 leurs\npr\u00e9pos\u00e9s.\nArticle   5   :\nAvant la manifestation, l'organisateur doit interroger M\u00e9t\u00e9o France (soit par le r\u00e9pondeur\nt\u00e9l\u00e9phonique au 08.99.71.02.21, soit par internet  : http://france.meteofrance.com/) afin de\nconna\u00eetre la couleur de la carte de vigilance m\u00e9t\u00e9o et prendre toute mesure adapt\u00e9e. Dans\nl'hypoth\u00e8se d'une carte orange ou rouge, il lui appartient de prendre les dispositions qui\ns'imposent, voire d'annuler la manifestation.\nArticle   6   :\nLe  pr\u00e9sent  arr\u00eat\u00e9  peut  faire  l'objet  d'un  recours  contentieux  devant  le  tribunal\nadministratif de Dijon dans un d\u00e9lai de deux mois \u00e0 compter de sa publication. Un recours\npeut  \u00eatre  d\u00e9pos\u00e9  via  l'application  T\u00e9l\u00e9recours  citoyens  accessible  par  le  site  internet\nwww.telerecours.fr\nA  rticle   7     :\nLa  directrice  de  cabinet,  la  directrice  d\u00e9partementale  des  territoires  de  C\u00f4te-d'Or, le\ndirecteur des Services D\u00e9partementaux de l'\u00c9ducation Nationale de C\u00f4te-d'Or (Service\nD\u00e9partemental Jeunesse - Engagement \u2013 Sports) , le pr\u00e9sident de l'\u00c9curie Automobile des\nClimats  de  Bourgogne  sont  charg\u00e9s,  chacun  en ce  qui le concerne,  de  l'ex\u00e9cution  du\npr\u00e9sent arr\u00eat\u00e9 qui sera notifi\u00e9  aux maires des communes concern\u00e9es et publi\u00e9 au recueil\ndes actes administratifs de la pr\u00e9fecture de C\u00f4te-d'Or.\nDIJON, le 22 ao\u00fbt 2025\nLe pr\u00e9fet,\nPour le Pr\u00e9fet et par d\u00e9l\u00e9gation,\nLa directrice de cabinet,\nORIGINAL SIGN\u00c9\nAur\u00e9lie CONTRECIVILE \nDirection d\u00e9partementale des territoires de la C\u00f4te-d'Or - 21-2025-08-22-00001 - Arr\u00eat\u00e9 N\u00b0 1319 \nportant autorisation d'une d\u00e9monstration automobile intitul\u00e9e\n \u00ab4\u00e8me ronde classique du pays de Saint-Seine\u00bb \nles samedi 30 et dimanche 31 ao\u00fbt 2025.\n38\nDirection d\u00e9partementale des territoires de la\nC\u00f4te-d'Or\nService S\u00e9curit\u00e9 et Education Routi\u00e8re\n21-2025-08-27-00001\nArr\u00eat\u00e9 Pr\u00e9fectoral N\u00b01326 portant d\u00e9rogation \u00e0\ntitre temporaire \u00e0 l'interdiction de circulation\ndes v\u00e9hicules de transport de marchandises \u00e0\ncertaines p\u00e9riodes pour les v\u00e9hicules de plus de\n7,5 tonnes de PTAC exploit\u00e9s par la SAS\nALABEURTHE domicili\u00e9e \u00e0 BEAUNE (21)\nDirection d\u00e9partementale des territoires de la C\u00f4te-d'Or - 21-2025-08-27-00001 - Arr\u00eat\u00e9 Pr\u00e9fectoral N\u00b01326 portant d\u00e9rogation \u00e0 titre\ntemporaire \u00e0 l'interdiction de circulation des v\u00e9hicules de transport de marchandises \u00e0 certaines p\u00e9riodes pour les v\u00e9hicules de plus\nde 7,5 tonnes de PTAC exploit\u00e9s par la SAS ALABEURTHE domicili\u00e9e \u00e0 BEAUNE (21)\n39\nExPREFETDE LACOTE-D'ORLibert\u00e9Egalit\u00e9Fraternit\u00e9\nDirection d\u00e9partementale des territoires\nde la C\u00f4te-d'Or\nAffaire suivie par Manon BEAULIEU     \nService de la s\u00e9curit\u00e9 et de l'\u00e9ducation routi\u00e8re\nBureau de la s\u00e9curit\u00e9 routi\u00e8re\nT\u00e9l : 03 80 29 44 23\nm\u00e9l : ddt-transports@cote-dor.gouv.fr\nArr\u00eat\u00e9 Pr\u00e9fectoral N\u00b01326\nportant d\u00e9rogation \u00e0 titre temporaire \u00e0 l'interdiction de circulation des v\u00e9hicules de \ntransport de marchandises \u00e0 certaines p\u00e9riodes pour les v\u00e9hicules de plus de 7,5 tonnes de \nPTAC exploit\u00e9s par la SAS ALABEURTHE domicili\u00e9e \u00e0 BEAUNE (21)\nLe pr\u00e9fet de la r\u00e9gion Bourgogne-Franche-Comt\u00e9\nPr\u00e9fet de la C\u00f4te-d'Or\nVU le Code g\u00e9n\u00e9ral des collectivit\u00e9s territoriales, notamment son article L. 2215-1 ;\nVU le Code de la route, notamment son article R. 411-18 ; \nVU la loi n\u00b0 82-213 du 2 mars 1982 modifi\u00e9e relative aux droits et libert\u00e9s des communes, des  \nd\u00e9partements et des r\u00e9gions, notamment son article 34 ;\nVU le d\u00e9cret n\u00b02004-374 du 29 avril 2004 relatif aux pouvoirs des pr\u00e9fets, \u00e0 l'organisation et \u00e0  \nl'action des services de l'\u00c9tat dans les r\u00e9gions et les d\u00e9partements ;\nVU le d\u00e9cret n\u00b0 97-34 du 15 janvier 1997 modifi\u00e9 relatif \u00e0 la d\u00e9concentration des d\u00e9cisions  \nadministratives individuelles ;\nVU l'arr\u00eat\u00e9 interminist\u00e9riel du 16 avril 2021 relatif \u00e0 l'interdiction de circulation des v\u00e9hicules  \nde transport de marchandises \u00e0 certaines p\u00e9riodes et notamment son article 5 ;\nVU l'arr\u00eat\u00e9 du 20 d\u00e9cembre 2024 relatif aux interdictions compl\u00e9mentaires de circulation des \nv\u00e9hicules de marchandises pour l'ann\u00e9e 2025 ;\nVU l'arr\u00eat\u00e9 pr\u00e9fectoral n\u00b0 507 / SG du 28 mars 2025 donnant d\u00e9l\u00e9gation de signature \u00e0 Mme  \nManuelle Dupuy, directrice d\u00e9partementale des territoires de la C\u00f4te-d'Or ;\nDirection d\u00e9partementale des territoires de la C\u00f4te-d'Or\n57, rue de Mulhouse - BP 53317 - 21033 Dijon CEDEX\nT\u00e9l. : 03 80 29 44 44\nCourriel : ddt@cote-dor.gouv.fr\nDirection d\u00e9partementale des territoires de la C\u00f4te-d'Or - 21-2025-08-27-00001 - Arr\u00eat\u00e9 Pr\u00e9fectoral N\u00b01326 portant d\u00e9rogation \u00e0 titre\ntemporaire \u00e0 l'interdiction de circulation des v\u00e9hicules de transport de marchandises \u00e0 certaines p\u00e9riodes pour les v\u00e9hicules de plus\nde 7,5 tonnes de PTAC exploit\u00e9s par la SAS ALABEURTHE domicili\u00e9e \u00e0 BEAUNE (21)\n40\nVU l'arr\u00eat\u00e9 pr\u00e9fectoral n\u00b0 512 du 7 avril 2025 portant subd\u00e9l\u00e9gation de signature aux agents  \nde la direction d\u00e9partementale des territoires de C\u00f4te-d'Or ;\nVU la demande pr\u00e9sent\u00e9e le  20 ao\u00fbt 2025  par la SAS ALABEURTHE domicili\u00e9e au 15 rue  \nJacques Germain \u00e0 BEAUNE (21) ;\nConsid\u00e9rant que la circulation des v\u00e9hicules exploit\u00e9s par l'entreprise susvis\u00e9e permet le  \ntransport de marchandises n\u00e9cessaires au fonctionnement en service continu de certains  \nservices ou unit\u00e9s de production, conform\u00e9ment \u00e0 l'article 5-II-  3 de l'arr\u00eat\u00e9 interminist\u00e9riel  \ndu 16 avril 2021 ;\nSUR proposition de Madame la directrice d\u00e9partementale des territoires de la C\u00f4te-d'Or ;\nARRETE\nArticle 1er : \nLe v\u00e9hicule dont le num\u00e9ro d'immatriculation figure dans l'annexe jointe au pr\u00e9sent arr\u00eat\u00e9,  \nexploit\u00e9 par l'entreprise SAS ALABEURTHE, sise 15, rue Jacques Germain \u00e0 BEAUNE (21), sont  \nautoris\u00e9s \u00e0 circuler en d\u00e9rogation aux articles 1 et 2 de l'arr\u00eat\u00e9 interminist\u00e9riel du 16 avril 2021 \nrelatif \u00e0 l'interdiction de circulation des v\u00e9hicules de transport de marchandises \u00e0 certaines  \np\u00e9riodes.\nArticle 2 : \nCette d\u00e9rogation est accord\u00e9e afin d'assurer l'approvisionnement de mat\u00e9riel de vendanges  \nainsi que des d\u00e9pannages de viticulteurs :\n\u2022 point  de  d\u00e9part  et  de  retour  :  SAS  ALABEURTHE,  sise  15,  rue  Jacques  Germain  \u00e0 \nBEAUNE (21)\n\u2022 point de chargement et de d\u00e9chargement :\nSAS ALABEURTHE 15 rue Jacques Germain - 21200 BEAUNE\nSAS ALABEURTHE D\u00e9p. 974 - 21220 MOREY-SAINT-DENIS\nSAS ALABEURTHE Lot. Pr\u00e9 Fleury - 21190 CHASSAGNE\nSAS ALABEURTHE route d'Auxerre - 89800 CHABLIS\nSAS ALABEURTHE SURY EN VAUX \u2013 18300 SANCERRE\n         Clients en panne sur les d\u00e9partements du 21 et du 71\nCette d\u00e9rogation est valable les dimanches et jours f\u00e9ri\u00e9s du 25 ao\u00fbt 2025  au 4 octobre 2025 \nde 8h \u00e0 17h.\nDirection d\u00e9partementale des territoires de la C\u00f4te-d'Or\n57, rue de Mulhouse - BP 53317 - 21033 Dijon CEDEX\nT\u00e9l. : 03 80 29 44 44\nCourriel : ddt@cote-dor.gouv.fr\nDirection d\u00e9partementale des territoires de la C\u00f4te-d'Or - 21-2025-08-27-00001 - Arr\u00eat\u00e9 Pr\u00e9fectoral N\u00b01326 portant d\u00e9rogation \u00e0 titre\ntemporaire \u00e0 l'interdiction de circulation des v\u00e9hicules de transport de marchandises \u00e0 certaines p\u00e9riodes pour les v\u00e9hicules de plus\nde 7,5 tonnes de PTAC exploit\u00e9s par la SAS ALABEURTHE domicili\u00e9e \u00e0 BEAUNE (21)\n41\nArticle 3 :\nLe responsable du v\u00e9hicule doit pouvoir justifier, en cas de contr\u00f4le, aupr\u00e8s des agents de  \nl'autorit\u00e9 comp\u00e9tente de la conformit\u00e9 du transport effectu\u00e9 au regard des dispositions de la \npr\u00e9sente d\u00e9rogation.\nUne  copie  du  pr\u00e9sent  arr\u00eat\u00e9  et  de  son  annexe  doivent  se  trouver  \u00e0  bord  du  v\u00e9hicule.  \nL'original de l'arr\u00eat\u00e9 est archiv\u00e9 par la direction d\u00e9partementale des territoires de la C\u00f4te-\nd'Or.\nArticle 4 :\nLe pr\u00e9sent arr\u00eat\u00e9 peut faire l'objet d'un recours contentieux devant le tribunal administratif  \nde Dijon dans un d\u00e9lai de deux mois \u00e0 compter de sa publication. Un recours peut \u00eatre  \nd\u00e9pos\u00e9  via  l'application  T\u00e9l\u00e9recours  citoyens  accessible  par  le  site  internet  \nwww.telerecours.fr\nArticle 5 :\nLa directrice d\u00e9partementale des territoires de la C\u00f4te-d'Or est charg\u00e9e de l'ex\u00e9cution du  \npr\u00e9sent arr\u00eat\u00e9 qui sera publi\u00e9 au recueil des actes administratifs de la pr\u00e9fecture de la C\u00f4te-\nd'Or et notifi\u00e9 au responsable l\u00e9gal de la SAS ALABEURTHE, sise 15, rue Jacques Germain \u00e0  \nBEAUNE (21).\nFait \u00e0 Dijon, le 27 ao\u00fbt 2025\nPour le Pr\u00e9fet et par d\u00e9l\u00e9gation,\nLe chef de bureau de la s\u00e9curit\u00e9 routi\u00e8re\nSIGNE\nPhilippe MUNIER\nDirection d\u00e9partementale des territoires de la C\u00f4te-d'Or\n57, rue de Mulhouse - BP 53317 - 21033 Dijon CEDEX\nT\u00e9l. : 03 80 29 44 44\nCourriel : ddt@cote-dor.gouv.fr\nDirection d\u00e9partementale des territoires de la C\u00f4te-d'Or - 21-2025-08-27-00001 - Arr\u00eat\u00e9 Pr\u00e9fectoral N\u00b01326 portant d\u00e9rogation \u00e0 titre\ntemporaire \u00e0 l'interdiction de circulation des v\u00e9hicules de transport de marchandises \u00e0 certaines p\u00e9riodes pour les v\u00e9hicules de plus\nde 7,5 tonnes de PTAC exploit\u00e9s par la SAS ALABEURTHE domicili\u00e9e \u00e0 BEAUNE (21)\n42\nANNEXE\n\u00e0 l'arr\u00eat\u00e9 pr\u00e9fectoral n\u00b01326 du 27 ao\u00fbt 2025\nArticle R. 411-18 du Code de la route \u2013 Article 5-II de l'arr\u00eat\u00e9 interminist\u00e9riel du 16 avril 2021.\nD\u00e9rogation temporaire aux interdictions de circulations g\u00e9n\u00e9rales et compl\u00e9mentaires \npr\u00e9vues par les articles 1 et 2 de l'arr\u00eat\u00e9 interminist\u00e9riel du 16 avril 2021.\nConform\u00e9ment \u00e0 l'article 8 de l'arr\u00eat\u00e9 interminist\u00e9riel du 16 avril 2021, la d\u00e9rogation \nindividuelle \u00e0 titre temporaire doit \u00eatre obligatoirement compl\u00e9t\u00e9e par son titulaire avant le \nd\u00e9part du v\u00e9hicule en indiquant la date du d\u00e9placement et le num\u00e9ro d'immatriculation du \nv\u00e9hicule.\nDate du d\u00e9placement : les dimanches et jours f\u00e9ri\u00e9s du 25 ao\u00fbt 2025 au 4 octobre 2025 de 8h \n\u00e0 17h\nV\u00e9hicules concern\u00e9s (le cas \u00e9ch\u00e9ant)\nType N\u00b0 immatriculation\nPORTEUR RENAULT WIDE 430 26T FY-274-EG \nUne copie de l'arr\u00eat\u00e9 pr\u00e9fectoral et son annexe doivent se trouver \u00e0 bord du v\u00e9hicule\net pouvoir \u00eatre pr\u00e9sent\u00e9s aux agents charg\u00e9s du contr\u00f4le.\nL'original de l'arr\u00eat\u00e9 est archiv\u00e9 par la direction d\u00e9partementale des territoires de la C\u00f4te-\nd'Or.\nDirection d\u00e9partementale des territoires de la C\u00f4te-d'Or\n57, rue de Mulhouse - BP 53317 - 21033 Dijon CEDEX\nT\u00e9l. : 03 80 29 44 44\nCourriel : ddt@cote-dor.gouv.fr\nDirection d\u00e9partementale des territoires de la C\u00f4te-d'Or - 21-2025-08-27-00001 - Arr\u00eat\u00e9 Pr\u00e9fectoral N\u00b01326 portant d\u00e9rogation \u00e0 titre\ntemporaire \u00e0 l'interdiction de circulation des v\u00e9hicules de transport de marchandises \u00e0 certaines p\u00e9riodes pour les v\u00e9hicules de plus\nde 7,5 tonnes de PTAC exploit\u00e9s par la SAS ALABEURTHE domicili\u00e9e \u00e0 BEAUNE (21)\n43\nDREAL Bourgogne-Franche-Comt\u00e9\nService Biodiversit\u00e9 Eau Patrimoine \n21-2025-08-19-00007\nAP d\u00e9rogation capture  Grenouille verte SCI\nSRPG\nDREAL Bourgogne-Franche-Comt\u00e9 - 21-2025-08-19-00007 - AP d\u00e9rogation capture  Grenouille verte SCI SRPG 44\nPR\u00c9FET |DE LA C\u00d4TE-D'ORLibert\u00e9Egalit\u00e9Fraternit\u00e9\nDirection r\u00e9gionale de l'environnement,\nde l'am\u00e9nagement et du logement\nBourgogne Franche-Comt\u00e9\nDijon, le\nARR\u00caT\u00c9 N\u00b0 \nportant  d\u00e9rogation  \u00e0  l'interdiction  de  capturer  et  enlever  des  sp\u00e9cimens  d'esp\u00e8ces  animales\nprot\u00e9g\u00e9es\nLE PR\u00c9FET DU D\u00c9PARTEMENT DE LA C\u00d4TE D'OR\nVu le code de l'environnement, notamment ses articles L.411-1, L.411-2 et L.171-7 et les articles R.411-1 \u00e0\nR.411-14\u00a0;\nVu le d\u00e9cret n\u00b0 \u00a097-34 du 15 janvier 1997 modifi\u00e9 et le d\u00e9cret n\u00b0 \u00a097-1204 du 19 d\u00e9cembre 1997 modifi\u00e9\nrelatif \u00e0 la d\u00e9concentration des d\u00e9cisions administratives individuelles, notamment en mati\u00e8re de cap -\nture d'esp\u00e8ces animales prot\u00e9g\u00e9es\u00a0;\nVu le d\u00e9cret n\u00b0\u00a02004-374 du 29 avril 2004 modifi\u00e9 relatif aux pouvoirs des pr\u00e9fets, \u00e0 l'organisation et \u00e0\nl'action des services de l'\u00c9tat dans les r\u00e9gions et d\u00e9partements\u00a0;\nVu le  d\u00e9cret du 10 octobre 2024 nommant Monsieur Paul MOURIER, pr\u00e9fet de la r\u00e9gion Bourgogne-\nFranche-Comt\u00e9, pr\u00e9fet de la C\u00f4te-d'Or\u00a0;\nVu l'arr\u00eat\u00e9 interminist\u00e9riel du 19 f\u00e9vrier 2007 modifi\u00e9 fixant les conditions de demande et d'instruction\ndes d\u00e9rogations d\u00e9finies au 4\u00b0 de l'article L.411-2 du code de l'environneme nt portant sur des esp\u00e8ces\nde faune et de flore sauvages prot\u00e9g\u00e9es\u00a0;\nVu l'arr\u00eat\u00e9 minist\u00e9riel du 8 janvier 2021 fixant la liste des amphibiens et des reptiles repr\u00e9sent\u00e9s sur le\nterritoire  m\u00e9tropolitain  prot\u00e9g\u00e9s  sur  l'ensemble  du  territoire  national  et  les  modalit\u00e9s  de  leur\nprotection\u00a0;\nVu l'arr\u00eat\u00e9 pr\u00e9fectoral n\u00b021-202410-28-00040 du 28/10/24 portant d\u00e9l\u00e9gation de signature \u00e0 M. Olivier\nDAVID,  directeur  r\u00e9gional  de  l'environnement,  de  l'am\u00e9nagement  et  du  logement  de  la  r\u00e9gion\nBourgogne-Franche-Comt\u00e9, concernant la comp\u00e9tence d\u00e9partementale de C\u00f4te d'Or\u00a0;\nVu la d\u00e9cision n\u00b021-2025-01-24-00002 du 24/01/2025 portant subd\u00e9l\u00e9gation de signature aux agents de\nla DREAL pour les missions sous autorit\u00e9 du pr\u00e9fet de la C\u00f4te d'Or\u00a0;\nVu la demande de d\u00e9rogation au r\u00e9gime de protection des esp\u00e8ces en date du 11 avril 2025 d\u00e9pos\u00e9\npar la SCI SRPG ;\nVu la consultation du public r\u00e9alis\u00e9e du 18 juillet au 4 ao\u00fbt 2025 ;\nAdresse postale :  DREAL Bourgogne Franche-Comt\u00e9, 5 voie Gis\u00e8le HALIMI, BP 31269, 25005 BESANCON CEDEX\nStandard : 03 39 59 62 00\nwww.Bourgogne-franche-comte.developpement-durable.gouv.fr 1/4\nDREAL Bourgogne-Franche-Comt\u00e9 - 21-2025-08-19-00007 - AP d\u00e9rogation capture  Grenouille verte SCI SRPG 45\nVu l'avis fav orable du Conseil Scientifique R\u00e9gional du Patrimoine Naturel  de Bourgogne-Franche-\nComt\u00e9 en date 16 ao\u00fbt 2025 ;\nCONSID\u00c9RANT  que  la  demande  de  d\u00e9rogation  concerne  le projet  de construction d'un b\u00e2timent\nindustriel au sein d'une parcelle incluse dans une zone \u00e0 vocation industrielle ;\nCONSID\u00c9RANT que les inventaires ont mis en \u00e9vidence la pr\u00e9sence de sp\u00e9cimens d'esp\u00e8ces animales\nprot\u00e9g\u00e9es\u00a0;\nCONSID\u00c9RANT que le projet de construction, inscrit dans un document d'urbanisme, repr\u00e9sente une\nop\u00e9ration d'am\u00e9nagement \u00a0; le projet s'inscrit dans une dynamique de d\u00e9veloppement \u00e9conomique\nlocale  r\u00e9pondant  \u00e0  un  besoin  identifi\u00e9  en  mati\u00e8re  d'activit\u00e9s  \u00e9conomiques\u00a0;  sa  mise  en  \u0153uvre\ncontribue \u00e0 l'am\u00e9nagement du territoire, \u00e0 l'attractivit\u00e9 du secteur et au d\u00e9veloppement de l'emploi\nou des services \u00a0; ce qui constitue une raison imp\u00e9rative d'int\u00e9r\u00eat public majeur \u00e0 la d\u00e9livrance de la\npr\u00e9sente d\u00e9rogation\u00a0;\nCONSID\u00c9RANT qu'aucun  sc\u00e9nario  alternatif  permettant  d'\u00e9viter  l'emprise  sur  la  zone  occup\u00e9e\nponctuellement par les amphibiens n'est envisageable sans compromettre la faisabilit\u00e9 du projet \u00a0;\nl'option de relocalisation du projet a \u00e9t\u00e9 \u00e9cart\u00e9e par le p\u00e9titionnaire pour des raisons techniques,\nfonci\u00e8res et \u00e9conomiques \u00a0;  la solution retenue appara\u00eet comme la moins impactante pour le milieu\nnaturel\u00a0;\nCONSID\u00c9RANT toutefois que ces travaux peuvent perturber les esp\u00e8ces prot\u00e9g\u00e9es pr\u00e9sentes\u00a0;\nCONSID\u00c9RANT que  la s\u00e9quence  \u00ab\u00a0Eviter-R\u00e9duire-Compenser\u00a0\u00bb  a \u00e9t\u00e9 pr\u00e9sent\u00e9e  dans le dossier  de\ndemande permettant d'assurer une conception comprenant les mesures de r\u00e9duction des impacts\ndont notamment la pose de barri\u00e8re \u00e0 amphibien autour de la mare pour interdire l'acc\u00e8s \u00e0 tout\nnouvel individu et permettre la capture des individus d'amphibiens pr\u00e9sents sur le site\u00a0;\nCONSID\u00c9RANT que  l'\u00e9valuation des risques d'impact  sur  les esp\u00e8ces prot\u00e9g\u00e9es pr\u00e9sent\u00e9e dans le\ndossier, permet de conclure que le projet ne  nuit pas au maintien, dans un \u00e9tat de conservation\nfavorable, des populations d'esp\u00e8ces prot\u00e9g\u00e9es concern\u00e9es dans leur aire de r\u00e9partition naturelle \u00a0\ncompte tenu des prescriptions mises en \u0153uvre, telles que d\u00e9taill\u00e9es \u00e0 l'article 2 ci-apr\u00e8s ;\nCONSID\u00c9RANT  que les conditions d'octroi d'une d\u00e9rogation \u00e0 l'interdiction de capturer ou enlever\ndes sp\u00e9cimens d'esp\u00e8ces animales prot\u00e9g\u00e9es sont r\u00e9unies\u00a0;\nSur proposition de monsieur le directeur de l'environnement, de l'am\u00e9nagement et du logement de la\nr\u00e9gion Bourgogne-Franche-Comt\u00e9\u00a0;\nARRETE\nArticle 1er\u00a0: Identit\u00e9 du b\u00e9n\u00e9ficiaire\nLe b\u00e9n\u00e9ficiaire de la d\u00e9rogation est la SCI SRPG, dont le si\u00e8ge est situ\u00e9 Impasse des Forgerons \u00e0\nChevigny-Saint-Sauveur (21800).\nLe Pr\u00e9sident de la SCI SRPG est responsable du respect des dispositions pr\u00e9vues dans le pr\u00e9sent arr\u00eat\u00e9.\nArticle 2\u00a0: Nature de la d\u00e9rogation\nLe b\u00e9n\u00e9ficiaire d\u00e9fini \u00e0 l'article \u00a01 est autoris\u00e9, sous r\u00e9serve du respect des modalit\u00e9s d\u00e9finies dans l'ar -\nticle 4 du pr\u00e9sent arr\u00eat\u00e9, \u00e0 d\u00e9roger aux interdictions de capturer ou enlever des sp\u00e9cimens d'esp\u00e8ces\nanimales prot\u00e9g\u00e9es de Grenouille verte ( Pelophylax sp) vis\u00e9s dans l'imprim\u00e9 CERFA joint \u00e0 la demande\nde d\u00e9rogation.\n2/4\nDREAL Bourgogne-Franche-Comt\u00e9 - 21-2025-08-19-00007 - AP d\u00e9rogation capture  Grenouille verte SCI SRPG 46\nArticle 3\u00a0: Localisation\nLa  d\u00e9rogation  aux  interdictions  list\u00e9es  \u00e0  l'article  2  est  accord\u00e9e  dans  le  cadre  des  travaux  de\nconstruction de b\u00e2timent industriel rue de la Fonderie \u00e0 Chevigny-Saint-Sauveur (21800).\nArticle 4\u00a0: Conditions de la d\u00e9rogation\nLa pr\u00e9sente d\u00e9rogation est d\u00e9livr\u00e9e sous r\u00e9serve du respect des mesures et conditions \u00e9nonc\u00e9es  \u00e0 l'ar-\nticle 5 ci-apr\u00e8s.\nDans le cas o\u00f9 les mesures telles que pr\u00e9vues au pr\u00e9sent arr\u00eat\u00e9 ne pourraient \u00eatre mises en \u0153uvre du\nfait de difficult\u00e9s techniques ou fonci\u00e8res, le b\u00e9n\u00e9ficiaire devra en informer sans d\u00e9lai le service Biodi-\nversit\u00e9 Eau Patrimoine de la DREAL Bourgogne-Franche-Comt\u00e9, pour validation pr\u00e9alable des modifica -\ntions, conform\u00e9ment aux dispositions de l'article R.411-10-2 du code de l'environnement.\nLe b\u00e9n\u00e9ficiaire de la d\u00e9rogation met en \u0153uvre les mesures suivantes conform\u00e9ment aux modalit\u00e9s\ntechniques d\u00e9crites dans la demande de d\u00e9rogation compl\u00e9t\u00e9es par les prescriptions de la DREAL.\nArticle\u00a05\u00a0: Mesures techniques de capture\nLes individus prot\u00e9g\u00e9s de Grenouille verte ( Pelophylax sp) pr\u00e9sents sont d\u00e9plac\u00e9s avant le d\u00e9but des\ntravaux.\nUne barri\u00e8re \u00e0 amphibiens est install\u00e9e autour de la mare initiale pour interdire l'acc\u00e8s \u00e0 tout nouvel\nindividu dans la mare.\nUn \u00e9cologue est pr\u00e9sent au d\u00e9but des travaux de terrassement et de nivellement pour d\u00e9tecter la pr\u00e9 -\nsence \u00e9ventuelle d'esp\u00e8ces prot\u00e9g\u00e9es qui arriveraient sur le site avant le d\u00e9but des travaux.\nTout le mat\u00e9riel utilis\u00e9 fait l'objet d'une d\u00e9sinfection syst\u00e9matique conform\u00e9ment au protocole de\nbios\u00e9curit\u00e9 en vigueur diffus\u00e9 par la LPO BFC.\nLes individus seront maintenus temporairement dans des contenants adapt\u00e9s et rel\u00e2ch\u00e9s le jour m\u00eame\ndans une mare localis\u00e9e \u00e0 moins de 200 m du site initial. \nLa zone d'accueil doit faire l'objet, avant le d\u00e9placement des individus, d'un am\u00e9nagement adapt\u00e9 \u00e0\nl'esp\u00e8ce concern\u00e9e permettant la r\u00e9alisation de son cycle de vie terrestre et aquatique.\nDes dispositifs d'acc\u00e8s en bois seront install\u00e9s en compl\u00e9ment de la rampe existante afin de faciliter\nl'acc\u00e8s \u00e0 la petite faune entre le plan d'eau et les zones terrestres adjacentes.\nDes mesures de protection seront prises pour \u00e9viter toute d\u00e9gradation, pollution ou destruction de la\nzone d'accueil qui sera entretenue sur le long terme pour permettre le maintien des sp\u00e9cimens.\nArticle\u00a06\u00a0: Mesures de suivi\nUn  bilan  des  op\u00e9rations  de  capture/enl\u00e8vement  est  adress\u00e9  \u00e0  la  DREAL  ( especesprotegees-\ndrealbfc@developpement-durable.gouv.fr  )  avec  le nombre d'esp\u00e8ces  et  d'individus concern\u00e9s,  un\nrapport photographique du dispositif et des individus pr\u00e9lev\u00e9s avant le 31/12 de l'ann\u00e9e de r\u00e9alisation\nde la capture. \nUn suivi de la pr\u00e9sence de ce taxon sur le site d'accueil est r\u00e9alis\u00e9, en ann\u00e9e N+1, 3 et 5 et adress\u00e9 au\nservice BEP de la DREAL BFC (especesprotegees-drealbfc@developpement-durable.gouv.fr ).\nLes donn\u00e9es de biodiversit\u00e9 acquises \u00e0 l'occasion des \u00e9tudes d'\u00e9valuation pr\u00e9alable et dans les suivis\nseront vers\u00e9es dans l'Inventaire National du Patrimoine Naturel : \nhttps://depot-legal-biodiversite.naturefrance.fr/\n3/4\nDREAL Bourgogne-Franche-Comt\u00e9 - 21-2025-08-19-00007 - AP d\u00e9rogation capture  Grenouille verte SCI SRPG 47\nArticle 7\u00a0: Dur\u00e9e de validit\u00e9 de l'autorisation\nCette autorisation est valable jusqu'au 31 d\u00e9cembre 2026.\nArticle 8\u00a0: Mesures de contr\u00f4le\nLa mise en \u0153uvre des dispositions d\u00e9finies aux articles 1 \u00e0 4 peut faire l'objet des contr\u00f4les pr\u00e9vus \u00e0\nl'article L.170-1 du code de l'environnement par les agents charg\u00e9s de constater les manquements aux\nprescriptions pr\u00e9vues au pr\u00e9sent arr\u00eat\u00e9 ou les infractions mentionn\u00e9es \u00e0 l'article L.415-3 du code de\nl'environnement.\nArticle 9  : Sanctions\nLe non-respect du pr\u00e9sent arr\u00eat\u00e9 est passible des mesures et sanctions d\u00e9finies aux articles L.171-8,\nL.415-3 et R.411-12 du code de l'environnement.\nArticle 10\u00a0: Publication - Notification\nLe pr\u00e9sent arr\u00eat\u00e9 est publi\u00e9 au recueil des actes administratifs de la pr\u00e9fecture de la C\u00f4te d'Or et\nnotifi\u00e9 au b\u00e9n\u00e9ficiaire.\nArticle 11 : D\u00e9lais et voies de recours\nLa pr\u00e9sente d\u00e9cision peut faire l'objet d'un recours dans les deux mois qui suivent sa  publication ou sa\nnotification\u00a0:\n\u2022 par la voie d'un recours administratif. L'absence de r\u00e9ponse dans le d\u00e9lai de deux mois fait na\u00eetre\nune d\u00e9cision implicite de rejet, qui peut elle-m\u00eame faire l'objet d'un recours devant  le tribunal\nadministratif comp\u00e9tent,\n\u2022 par la voie d'un recours contentieux devant le tribunal administratif comp\u00e9tent, qui peut \u00eatre saisi\nvia l'application informatique \u00ab\u00a0T\u00e9l\u00e9recours\u00a0\u00bb accessible via le site internet www.telerecours.fr .\nArticle 12\u00a0: Ex\u00e9cution\nLe Pr\u00e9fet de la C\u00f4te d'Or est charg\u00e9 de l'ex\u00e9cution du pr\u00e9sent arr\u00eat\u00e9 dont copie sera adress\u00e9e \u00e0\u00a0:\n\u2022 M. le directeur d\u00e9partemental des territoires de la C\u00f4te d'Or ;\n\u2022 M. le chef de service de l'OFB de la C\u00f4te d'Or.\nFait \u00e0 Dijon, le\n4/4\nDREAL Bourgogne-Franche-Comt\u00e9 - 21-2025-08-19-00007 - AP d\u00e9rogation capture  Grenouille verte SCI SRPG 48\nHospices Civils de Beaune\nDirection g\u00e9n\u00e9rale\n21-2025-08-20-00003\nArr\u00eat\u00e9 n\u00b0 33/2025 Cession de la parcelle ZN 39 \u00ab\nEN PLUME \u00bb - LABERGEMENT LES SEURRE\nHospices Civils de Beaune - 21-2025-08-20-00003 - Arr\u00eat\u00e9 n\u00b0 33/2025 Cession de la parcelle ZN 39 \u00ab EN PLUME \u00bb - LABERGEMENT LES\nSEURRE 49\nHospices Civils de Beaune\n \nP a g e  1 | 2 \n \n  \nD\u00c9CISION DU DIRECTEUR \nn\u00b033/2025 \n \nOBJET : CESSION DE LA PARCELLE ZN 39 \u00ab  EN PLUME \u00bb -\nLABERGEMENT LES SEURRE  \n \nLa Directrice par int\u00e9rim,  \n \nLe Directeur, \n \n\u2022 Vu  l'article L.2141-1 du Code g\u00e9n\u00e9ral de la propri\u00e9t\u00e9 des personnes publiques, \n\u2022 Vu les articles L6143-1, L6143-4, L6143-7 du code de la sant\u00e9 publique, \n\u2022 Vu l'article R6143-3 du code de, la sant\u00e9 publique, \n\u2022 Vu la proposition de la soci\u00e9t\u00e9 HEIDELBERG Materials en date du 21/05/2025 \nproposant l'acquisition de la parcelle ZN 39 \u00ab  En Plume \u00bb situ\u00e9e \u00e0 LABERGEMENT \nLES SEURRE, \n\u2022 Apr\u00e8s concertation avec le Directoire le 23 juin 2025, \n\u2022 Vu l'avis favorable du Conseil de Surveillance le 26 juin 2025, \n \nD\u00c9CIDE \n \nArticle 1 :  De donner une suite favorable \u00e0 la proposition d'achat faite par la soci\u00e9t\u00e9 \nHEIDELBERG M aterials de la parcelle cadastr\u00e9e AZ39 \u00ab  En Plume  \u00bb, d'une \ncontenance de 447, 60 ares, \u00e0 LABERGEMENT LES SEURRE au prix propos\u00e9 de \n25 000\u20ac. \n \nArticle 2  : La pr\u00e9sente d\u00e9cision est  ex\u00e9cutoire de plein droit d\u00e8s r\u00e9ception par le \ndirecteur g\u00e9n\u00e9ral de l'agence r\u00e9gionale de sant\u00e9,  \n \nArticle 3 : La pr\u00e9sente d\u00e9cision fait l'objet fait l'objet d'une insertion sur le site internet \nde l'\u00e9tablissement. \n \nArticle 4  : La pr\u00e9sente d\u00e9cision peut \u00eatre contest\u00e9e dans les 2 mois suivant sa \npublication en formulant un recours contentieux aupr\u00e8s du tribunal administratif de \nDijon, 22 rue d'Assas 21 200 Dijon.  \nLe tribunal administratif peut \u00eatre saisi d'un recours d\u00e9pos\u00e9 vi a l'application \n\u00ab T\u00e9l\u00e9recours citoyens \u00bb accessible par le site internet www.t\u00e9l\u00e9recours.fr \n \n \n \nHospices Civils de Beaune - 21-2025-08-20-00003 - Arr\u00eat\u00e9 n\u00b0 33/2025 Cession de la parcelle ZN 39 \u00ab EN PLUME \u00bb - LABERGEMENT LES\nSEURRE 50\nHospices Civils de Beaune\n \nP a g e  2 | 2 \n \n \n Fait \u00e0 Beaune, le 20 Ao\u00fbt 2025 \n La Directrice par int\u00e9rim, \n \n M.-C. MORAILLON \n Sign\u00e9 \n  \n \n \nHospices Civils de Beaune - 21-2025-08-20-00003 - Arr\u00eat\u00e9 n\u00b0 33/2025 Cession de la parcelle ZN 39 \u00ab EN PLUME \u00bb - LABERGEMENT LES\nSEURRE 51\nPr\u00e9fecture de la C\u00f4te-d'Or\nCabinet\n21-2025-08-25-00002\nAP1324 portant interdiction de survol, de\ncaptation, d'enregistrement et de transmission\nd'images au moyen d'a\u00e9ronefs sans \u00e9quipage \u00e0\nbord\nPr\u00e9fecture de la C\u00f4te-d'Or - 21-2025-08-25-00002 - AP1324 portant interdiction de survol, de captation, d'enregistrement et de\ntransmission d'images au moyen d'a\u00e9ronefs sans \u00e9quipage \u00e0 bord 52\nEzPREFETDE LACOTE-D'ORLibert\u00e9Egalit\u00e9Fraternit\u00e9\nDIRECTION DES S\u00c9CURIT\u00c9S\nBureau D\u00e9fense et S\u00e9curit\u00e9\nArr\u00eat\u00e9 pr\u00e9fectoral N\u00b0 1324\nportant interdiction de survol, de captation, d'enregistrement et de transmission d'images\nau moyen d'a\u00e9ronefs sans \u00e9quipage \u00e0 bord\nLe pr\u00e9fet de la C\u00f4te-d'Or\nVU le code de l'aviation civile ;\nVU le code g\u00e9n\u00e9ral des collectivit\u00e9s territoriales, notamment son article L.2215-1\nVU le code de la d\u00e9fense, notamment son article L.1322-2 ; \nVU le code de la s\u00e9curit\u00e9 int\u00e9rieure et notamment ses articles L. 242-1 \u00e0 L. 242-8 et R. 242-8 \u00e0 R. 242-14 ;\nVU le code des transports, notamment ses articles L.6232-12 et L.6232-13 ; \nVU  l'arr\u00eat\u00e9  pr\u00e9fectoral  n\u00b01010/SG  du  2  juillet  2025  donnant  d\u00e9l\u00e9gation  de  signature  \u00e0  Mme  Aur\u00e9lie\nCONTRECIVILE, sous-pr\u00e9f\u00e8te, directrice de cabinet du pr\u00e9fet de la r\u00e9gion Bourgogne-Franche-Comt\u00e9, pr\u00e9fet\nde la C\u00f4te-d'Or ; \nVU l'arr\u00eat\u00e9 minist\u00e9riel du 3 d\u00e9cembre 2020 relatif \u00e0 l'utilisation de l'espace a\u00e9rien par les a\u00e9ronefs sans\n\u00e9quipage \u00e0 bord ; \nVU la tenue du festival de musique GOLDEN COAST sur le d\u00e9partement de la C\u00f4te-d'Or du 5 au 8\nseptembre 2025 ; \nCONSID\u00c9RANT qu'il appartient \u00e0 l'autorit\u00e9 de police administrative de prendre les mesures adapt\u00e9es,\nn\u00e9cessaires et proportionn\u00e9es \u00e0 la pr\u00e9vention des troubles \u00e0 l'ordre public  ; qu'il appartient en outre \u00e0\nl'autorit\u00e9 administrative de prendre les mesures de nature \u00e0 \u00e9viter que des infractions p\u00e9nales soient\ncommises ; qu'en application de l'article L.2215-1 du code g\u00e9n\u00e9ral des collectivit\u00e9s territoriales, le pr\u00e9fet\nest comp\u00e9tent pour prendre les mesures applicables \u00e0 l'\u00e9chelle du d\u00e9partement de la C\u00f4te-d'Or ; \nCONSID\u00c9RANT que le festival GOLDEN COAST qui se d\u00e9roulera sur la commune de Corcelles-les-Monts\n(21160) du 5 au 8 septembre 2025 est susceptible de r\u00e9unir un nombre tr\u00e8s important de spectateurs et\nqu'il  est  n\u00e9cessaire  dans  ces  conditions  d'assurer  la  s\u00e9curit\u00e9  des  spectateurs et  des  personnes\nintervenantes sur le site ;\nCONSID\u00c9RANT que le p\u00e9rim\u00e8tre o\u00f9 se d\u00e9roulera l'\u00e9v\u00e8nement GOLDEN COAST comprenant la zone\nfestival, la zone camping ainsi que les diff\u00e9rents parkings, se situe dans une zone hors agglom\u00e9ration o\u00f9\nle survol par UAS et a\u00e9romod\u00e9lisme gamme tout public est autoris\u00e9 ;\nCONSID\u00c9RANT les besoins de s\u00e9curit\u00e9 publique dans le cadre de la mission de s\u00e9curisation du festival\nGOLDEN  COAST confi\u00e9e  au  groupement  de  gendarmerie  d\u00e9partementale  de  la  C\u00f4te-d'Or  et  le\nd\u00e9ploiement de dispositif de lutte anti-drone ;\nSur proposition de  Madame la sous-pr\u00e9f\u00e8te, directrice de cabinet du pr\u00e9fet de la r\u00e9gion Bourgogne-\nFranche-Comt\u00e9, pr\u00e9fet de la C\u00f4te-d'Or ;\nPr\u00e9fecture de la C\u00f4te-d'Or \u2013 53 rue de la pr\u00e9fecture \u2013 21041 Dijon Cedex\nT\u00e9l. 03.80.44.64.00 - Courriel : pref-direction-securites@cote-dor.gouv.fr\nPr\u00e9fecture de la C\u00f4te-d'Or - 21-2025-08-25-00002 - AP1324 portant interdiction de survol, de captation, d'enregistrement et de\ntransmission d'images au moyen d'a\u00e9ronefs sans \u00e9quipage \u00e0 bord 53\nARR\u00caTE\nArticle 1  er     :   Le survol des a\u00e9ronefs sans \u00e9quipage \u00e0 bord est interdit du 5 au 8 septembre 2025 inclus sur\nle site de  l'\u00e9v\u00e8nement GOLDEN COAST, comprenant la zone festival, la zone camping ainsi que les\ndiff\u00e9rents parkings (voir plan en annexe), situ\u00e9s sur la commune de Corcelles-les-Monts (21160).\nArticle 2     :   Toutefois, par d\u00e9rogation \u00e0 l'article 1er le survol des a\u00e9ronefs sans \u00e9quipage \u00e0 bord est autoris\u00e9\npour les appareils utilis\u00e9s par les forces de s\u00e9curit\u00e9 int\u00e9rieure et les pompiers.\nArticle    3     :   Est \u00e9galement autoris\u00e9 par d\u00e9rogation \u00e0 l'article 1 er le survol des a\u00e9ronefs sans \u00e9quipage \u00e0\nbord de la soci\u00e9t\u00e9 TEASE PRODUCTIONS dont les t\u00e9l\u00e9pilotes professionnels ont \u00e9t\u00e9 engag\u00e9s par la\nsoci\u00e9t\u00e9 PLEASE PLEASE, organisatrice du festival, et qui se sont d\u00e9clar\u00e9s aupr\u00e8s des FSI.\nArticle 4   :   La captation, l'enregistrement et la transmission d'images au moyen d'a\u00e9ronefs sans \u00e9quipage\n\u00e0 bord est interdite du 5 au 8 septembre 2025 inclus sur le m\u00eame p\u00e9rim\u00e8tre que cit\u00e9 \u00e0 l'article 1er.\nA  rticle    5     :   Toutefois,  par  d\u00e9rogation  \u00e0  l'article  4  la  captation,  l'enregistrement  et  la  transmission\nd'images au moyen d'a\u00e9ronefs sans \u00e9quipage \u00e0 bord est autoris\u00e9 pour les appareils utilis\u00e9s par les forces\nde s\u00e9curit\u00e9 int\u00e9rieure et les pompiers.\nArticle 6     :   Sont \u00e9galement autoris\u00e9s par d\u00e9rogation \u00e0 l'article 4 la captation, l'enregistrement et la\ntransmission d'images au moyen d'a\u00e9ronefs sans \u00e9quipage \u00e0 bord de la soci\u00e9t\u00e9 TEASE PRODUCTIONS\ndont les t\u00e9l\u00e9pilotes professionnels ont \u00e9t\u00e9 engag\u00e9s par la soci\u00e9t\u00e9 PLEASE PLEASE, organisatrice du\nfestival, et qui se sont d\u00e9clar\u00e9s aupr\u00e8s des FSI.\nArticle 7     :   Les contrevenants aux dispositions du pr\u00e9sent arr\u00eat\u00e9 s'exposent aux peines et sanctions\npr\u00e9vus par le code p\u00e9nal, le code de l'aviation civile et le code des transports.\nArticle   8     : La sous-pr\u00e9f\u00e8te, directrice de cabinet du pr\u00e9fet de la C\u00f4te-d'Or et le G\u00e9n\u00e9ral commandant la\nr\u00e9gion de gendarmerie de la Bourgogne-Franche-Comt\u00e9 commandant le groupement de gendarmerie\nd\u00e9partementale de la C\u00f4te-d'Or, sont charg\u00e9s chacun en ce qui le concerne de l'ex\u00e9cution du pr\u00e9sent\narr\u00eat\u00e9 qui sera publi\u00e9 au recueil des actes administratifs de la pr\u00e9fecture et dont un exemplaire sera\ntransmis pour information \u00e0 :\n\u2022 la direction zonale de la police aux fronti\u00e8res de la zone Est\n\u2022 la direction de la s\u00e9curit\u00e9 de l'aviation civile Nord-Est\n\u2022 la compagnie de gendarmerie des transports a\u00e9riens de Strasbourg\n\u2022 Procureur de la R\u00e9publique pr\u00e8s le Tribunal Judiciaire de Dijon\n\u2022 Maire de Corcelles-les-Monts.\nFait \u00e0 Dijon, le 25 ao\u00fbt 2025\nLE PR\u00c9FET\nPour le pr\u00e9fet et par d\u00e9l\u00e9gation,\nLa sous-pr\u00e9f\u00e8te, directrice de cabinet,\noriginal sign\u00e9\nAur\u00e9lie CONTRECIVILE\nD\u00c9LAIS ET VOIES DE RECOURS\nLa pr\u00e9sente d\u00e9cision peut \u00eatre contest\u00e9 selon les voies de recours et dans les d\u00e9lais mentionn\u00e9s ci-dessous.\nDans les deux mois \u00e0 compter de la notification de la pr\u00e9sente d\u00e9cision les recours suivants peuvent \u00eatre introduits :\n- un recours gracieux adress\u00e9 \u00e0 : Pr\u00e9fecture de la C\u00f4te-d'Or - Direction des S\u00e9curit\u00e9s - Bureau de la d\u00e9fense et de la s\u00e9curit\u00e9 - 53 rue de la Pr\u00e9fecture - \n21041 Dijon Cedex\n- un recours hi\u00e9rarchique adress\u00e9 \u00e0 M. le Ministre de l'Int\u00e9rieur - Secr\u00e9tariat G\u00e9n\u00e9ral - Place Beauvau -75800 Paris Cedex 08\n- un recours contentieux adress\u00e9 au Tribunal Administratif de Dijon - 22 rue d'Assas - BP 61616 - 21016 Dijon Cedex\nLe tribunal administratif peut \u00eatre saisi par un recours d\u00e9pos\u00e9 via l'application T\u00e9l\u00e9recours citoyens accessible par le site internet www.t\u00e9l\u00e9recours.fr.\nCe recours juridictionnel doit \u00eatre d\u00e9pos\u00e9 au plus tard avant l'expiration du 2e mois suivant la date de notification de la d\u00e9cision contest\u00e9e (ou bien \ndu 2e mois suivant la date du rejet du recours gracieux ou hi\u00e9rarchique).\nPr\u00e9fecture de la C\u00f4te-d'Or - 21-2025-08-25-00002 - AP1324 portant interdiction de survol, de captation, d'enregistrement et de\ntransmission d'images au moyen d'a\u00e9ronefs sans \u00e9quipage \u00e0 bord 54\nPr\u00e9fecture de la C\u00f4te-d'Or\nCabinet\n21-2025-08-25-00001\nautorisant la mise en oeuvre d'un dispositif de\nbrouillage antidrone pendant le festival\n\u00ab\u00a0GOLDEN COAST\u00bb\nPr\u00e9fecture de la C\u00f4te-d'Or - 21-2025-08-25-00001 - autorisant la mise en oeuvre d'un dispositif de brouillage antidrone pendant le\nfestival \u00ab\u00a0GOLDEN COAST\u00bb 55\nEnPREFETDE LACOTE-D'ORLibert\u00e9Egalit\u00e9Fraternit\u00e9\nDIRECTION DES S\u00c9CURIT\u00c9S\nBureau D\u00e9fense et S\u00e9curit\u00e9\nArr\u00eat\u00e9 pr\u00e9fectoral N\u00b0 1325\nautorisant la mise en \u0153uvre d'un dispositif de brouillage antidrone\npar le groupement de gendarmerie d\u00e9partementale de la C\u00f4te-d'Or\npendant le festival \u00ab GOLDEN COAST\u00bb\nLe pr\u00e9fet de la C\u00f4te-d'Or\nVU le code de la s\u00e9curit\u00e9 int\u00e9rieure, notamment les articles L.213-2 et  R213-2 \u00e0 R213-7;\nVU le d\u00e9cret n\u00b02004-374 du 29 avril 2004 modifi\u00e9, relatif aux pouvoirs des pr\u00e9fets, \u00e0 l'organisation et\n\u00e0 l'action des services de l'\u00c9tat dans la r\u00e9gion et les d\u00e9partements ;\nVU l'arr\u00eat\u00e9 du 14 juin 2024 d\u00e9signant les dispositifs de protection contre les menaces r\u00e9sultant\nd'a\u00e9ronefs circulant sans personne \u00e0 bord ;\nVU l'arr\u00eat\u00e9 du 14 juin 2024  relatif  \u00e0  la mise en \u0153uvre des  dispositifs de protection contre les\nmenaces r\u00e9sultant d'a\u00e9ronefs circulant sans personne \u00e0 bord ;\nVU  l'arr\u00eat\u00e9 pr\u00e9fectoral n\u00b01010/SG du  2 juillet 2025  donnant d\u00e9l\u00e9gation de signature \u00e0 M me\nAur\u00e9lie CONTRECIVILE, sous-pr\u00e9f\u00e8te, directrice de cabinet du pr\u00e9fet de la r\u00e9gion Bourgogne-\nFranche-Comt\u00e9, pr\u00e9fet de la C\u00f4te-d'Or ;\nVU la demande d'autorisation de mise en \u0153uvre d'un dispositif de brouillage pr\u00e9sent\u00e9e le 25\nao\u00fbt 2025 par le groupement de gendarmerie d\u00e9partementale de la C\u00f4te-d'Or ;\nVU l'\u00e9tude  d'impact  CCED_DNUM_05112024  transmise  par  le  groupement  de  gendarmerie\nd\u00e9partementale de la C\u00f4te d'Or le 25 ao\u00fbt 2025 ;\nVU la tenue du festival GOLDEN COAST qui se d\u00e9roulera du 5 au 8 septembre 2025 sur le\nd\u00e9partement de la C\u00f4te-d'Or ;\nCONSID\u00c9RANT qu'il appartient \u00e0 l'autorit\u00e9 de police administrative de prendre les mesures adapt\u00e9es,\nn\u00e9cessaires et proportionn\u00e9es \u00e0 la pr\u00e9vention des troubles \u00e0 l'ordre public ;\nCONSID\u00c9RANT que le  festival GOLDEN COAST qui se d\u00e9roulera sur la commune de Corcelles-les-\nMonts (21160) du 5 au 8 septembre 2025 est  susceptible de r\u00e9unir un nombre tr\u00e8s important de\nspectateurs ; que cette concentration du public est de nature \u00e0 favoriser les troubles \u00e0 l'ordre\npublic ;  qu'il  est  n\u00e9cessaire  dans  ces  conditions  d'assurer  la  s\u00e9curit\u00e9  des  spectateurs et  des\npersonnes intervenantes sur le site ;\nCONSID\u00c9RANT que, dans ces circonstances, la mise en \u0153uvre d'un dispositif de brouillage par le\ngroupement de gendarmerie d\u00e9partementale de la C\u00f4te-d'Or est de nature \u00e0 pr\u00e9venir les troubles\ngraves \u00e0 l'ordre public et la commission d'infractions p\u00e9nales  ; que cette mesure appara\u00eet ainsi\nadapt\u00e9e, n\u00e9cessaire et proportionn\u00e9e ;\nPr\u00e9fecture de la C\u00f4te-d'Or \u2013 53 rue de la pr\u00e9fecture \u2013 21041 Dijon Cedex\nMel : pref-direction-securites@cote-dor.gouv.fr\nPr\u00e9fecture de la C\u00f4te-d'Or - 21-2025-08-25-00001 - autorisant la mise en oeuvre d'un dispositif de brouillage antidrone pendant le\nfestival \u00ab\u00a0GOLDEN COAST\u00bb 56\nCONSID\u00c9RANT les besoins de s\u00e9curit\u00e9 publique dans le cadre de la mission de s\u00e9curisation du\nfestival GOLDEN COAST confi\u00e9e au groupement de gendarmerie d\u00e9partementale de la C\u00f4te-\nd'Or du 5 au 8 septembre 2025 ;\nSUR proposition de madame la directrice de cabinet du pr\u00e9fet de la r\u00e9gion Bourgogne-Franche-\nComt\u00e9, pr\u00e9fet de la C\u00f4te-d'Or,\nARR\u00caTE\nArticle  1er :  Aux  fins  de  lutte  contre  les  actions  malveillantes  de  pilotes  d'a\u00e9ronefs  sans\n\u00e9quipage \u00e0 bord, le groupement de gendarmerie d\u00e9partementale de la C\u00f4te-d'Or est autoris\u00e9\n\u00e0 mettre en \u0153uvre un dispositif de brouillage dans le respect de sa comp\u00e9tence territoriale et\nconform\u00e9ment  aux  modalit\u00e9s  contenues  dans  la  demande  susvis\u00e9e  sur  la  commune  de\nCorcelles-les-Monts (21160).\nArticle 2 : Le dispositif de brouillage autoris\u00e9 \u00e0 l'article 1er peut \u00eatre mis en \u0153uvre, sur le site du\nfestival GOLDEN COAST - lieu-dit Combe \u00e0 la serpent sur la commune de Corcelles-les-Monts\n(21160) du 5 septembre 2025 \u00e0 12h00 au 8 septembre 2025 \u00e0 00h00 .\nArticle 3 : Le mat\u00e9riel pouvant \u00eatre utilis\u00e9 dans le cadre de ce dispositif est d\u00e9termin\u00e9 comme\nsuit : \n\u2013 fusil anti-drone type WATSON\n\u2013 fusil anti-drone type BAD\n\u2013 pistolet anti-drone type WILSON\nArticle   4  : La sous-pr\u00e9f\u00e8te, directrice de cabinet  du pr\u00e9fet de la C\u00f4te-d'Or et le commandant\ndu groupement de gendarmerie d\u00e9partementale de la C\u00f4te-d'Or sont charg\u00e9s chacun en ce\nqui  le  concerne  de  l'ex\u00e9cution  du  pr\u00e9sent  arr\u00eat\u00e9  qui  sera  publi\u00e9  au  recueil  des  actes\nadministratifs de la pr\u00e9fecture .\n     Fait \u00e0 Dijon, le 25 ao\u00fbt 2025\nLe pr\u00e9fet,\nPour le pr\u00e9fet et par d\u00e9l\u00e9gation,\nLa directrice de cabinet,\n                         original sign\u00e9\nAur\u00e9lie CONTRECIVILE\nD\u00c9LAIS ET VOIES DE RECOURS\nLa pr\u00e9sente d\u00e9cision peut \u00eatre contest\u00e9 selon les voies de recours et dans les d\u00e9lais mentionn\u00e9s ci-dessous.\nDans les deux mois \u00e0 compter de la notification de la pr\u00e9sente d\u00e9cision les recours suivants peuvent \u00eatre introduits :\n- un recours gracieux adress\u00e9 \u00e0 : Pr\u00e9fecture de la C\u00f4te-d'Or - Direction des S\u00e9curit\u00e9s - Bureau de la d\u00e9fense et de la s\u00e9curit\u00e9 -\n53 rue de la Pr\u00e9fecture - 21041 Dijon Cedex\n- un recours hi\u00e9rarchique adress\u00e9 \u00e0 M. le Ministre de l'Int\u00e9rieur- Secr\u00e9tariat G\u00e9n\u00e9ral - Place Beauvau -75800 Paris Cedex 08\n- un recours contentieux adress\u00e9 au Tribunal Administratif de Dijon - 22 rue d'Assas - BP 61616 - 21016 Dijon Cedex\nLe tribunal administratif peut \u00eatre saisi par un recours d\u00e9pos\u00e9 via l'application T\u00e9l\u00e9recours citoyens accessible par le site\ninternet www.t\u00e9l\u00e9recours.fr. Ce recours juridictionnel doit \u00eatre d\u00e9pos\u00e9 au plus tard avant l'expiration du 2e mois suivant la\ndate  de  notification  de  la  d\u00e9cision  contest\u00e9e  (ou  bien  du  2e  mois  suivant  la  date  du  rejet  du  recours  gracieux  ou\nhi\u00e9rarchique).\nPr\u00e9fecture de la C\u00f4te-d'Or - 21-2025-08-25-00001 - autorisant la mise en oeuvre d'un dispositif de brouillage antidrone pendant le\nfestival \u00ab\u00a0GOLDEN COAST\u00bb 57\nPr\u00e9fecture de la C\u00f4te-d'Or\nDirection de la coordination, des politiques\npubliques et de l'appui territorial\n21-2025-08-18-00004\nARR\u00caT\u00c9 PR\u00c9FECTORAL n\u00b0\u00a01312 du 18 ao\u00fbt 2025\nportant autorisation de p\u00e9n\u00e9trer dans les\npropri\u00e9t\u00e9s priv\u00e9es au b\u00e9n\u00e9fice de la soci\u00e9t\u00e9\n\u00ab\u00a0R\u00e9seau de Transport d'\u00c9lectricit\u00e9\u00a0\u00bb (RTE) et\nENEDIS dans le cadre d'\u00e9tudes pr\u00e9alables \u00e0 la\ncr\u00e9ation d'un poste source ENEDIS\n225\u00a0000/20\u00a0000 volts et de son raccordement\nvia une liaison souterraine issue du poste\n\u00e9lectrique 225\u00a0000 volts existant de\nCHAMPS-REGNAUD\nPr\u00e9fecture de la C\u00f4te-d'Or - 21-2025-08-18-00004 - ARR\u00caT\u00c9 PR\u00c9FECTORAL n\u00b0\u00a01312 du 18 ao\u00fbt 2025 portant autorisation de p\u00e9n\u00e9trer\ndans les propri\u00e9t\u00e9s priv\u00e9es au b\u00e9n\u00e9fice de la soci\u00e9t\u00e9 \u00ab\u00a0R\u00e9seau de Transport d'\u00c9lectricit\u00e9\u00a0\u00bb (RTE) et ENEDIS dans le cadre d'\u00e9tudes\npr\u00e9alables \u00e0 la cr\u00e9ation d'un poste source ENEDIS 225\u00a0000/20\u00a0000 volts et de son raccordement via une liaison souterraine issue du\nposte \u00e9lectrique 225\u00a0000 volts existant de CHAMPS-REGNAUD\n58\n=PREFETDE LACOTE-D'ORLibert\u00e9Egalit\u00e9Fraternit\u00e9\nSECR\u00c9TARIAT G\u00c9N\u00c9RAL\nDirection de la coordination des politiques publiques  \net de l'appui territorial\nP\u00f4le environnement et urbanisme\nARR\u00caT\u00c9 PR\u00c9FECTORAL n\u00b0 1312 du 18 ao\u00fbt 2025\nportant autorisation de p\u00e9n\u00e9trer dans les propri\u00e9t\u00e9s priv\u00e9es au b\u00e9n\u00e9fice de la soci\u00e9t\u00e9   \n\u00ab R\u00e9seau de Transport d'\u00c9lectricit\u00e9 \u00bb (RTE) et ENEDIS dans le cadre d'\u00e9tudes pr\u00e9alables \u00e0 la \ncr\u00e9ation d'un poste source ENEDIS 225 000/20 000 volts et de son raccordement via une \nliaison souterraine issue du poste \u00e9lectrique 225 000 volts existant de CHAMPS-REGNAUD\nLe pr\u00e9fet de la C\u00f4te-d'Or\nVU le Code de justice administrative ;\nVU le Code p\u00e9nal, notamment les articles 322-1, 322-3, 322-4 et 433-11 ;\nVU le Code de l'\u00e9nergie ;\nVU le Code forestier ;\nVU la loi du 29 d\u00e9cembre 1892 modifi\u00e9e, sur les dommages caus\u00e9s \u00e0 la propri\u00e9t\u00e9 priv\u00e9e par  \nl'ex\u00e9cution des travaux publics ;\nVU la  loi  du  6  juillet  1943  modifi\u00e9e  relative  \u00e0  l'ex\u00e9cution  des  travaux  g\u00e9od\u00e9siques  et \ncadastraux et \u00e0 la conservation des signaux, bornes et rep\u00e8res, modifi\u00e9e et valid\u00e9e par la loi  \nn\u00b057-391 du 28 mars 1957 ; \nVU le  d\u00e9cret  n\u00b0 2004-374  du  29  avril  2004  modifi\u00e9  relatif  aux  pouvoirs  des  Pr\u00e9fets,  \u00e0 \nl'organisation et \u00e0 l'action des services de l'\u00c9tat dans les r\u00e9gions et les d\u00e9partements ;\nVU la  validation,  par  le  minist\u00e8re  de  la  transition  \u00e9nerg\u00e9tique  le 4  juillet  2024, de  la  \njustification  technico-\u00e9conomique  du  projet  pr\u00e9sent\u00e9  par  les  soci\u00e9t\u00e9s  RTE  et  ENEDIS  de \ncr\u00e9ation d'un poste s ource ENEDIS 225  000/20 000 volts et de son raccordement via une  \nliaison souterraine issue du poste \u00e9lectrique 225 000 volts existant de CHAMPS-REGNAUD ;\nVU les r\u00e9unions de concertation sur le projet susvis\u00e9 tenues \u00e0 la pr\u00e9fecture de la C\u00f4te-d'Or le  \n22  janvier  2025  et  le  19  juin  2025  au  cours  de  laquelle  ont  notamment  \u00e9t\u00e9  valid\u00e9s \nl'implantation du poste et son fuseau de raccordement de moindre impact ;\nVU la demande et le dossier joint adress\u00e9s \u00e0 la pr\u00e9fecture de la C\u00f4te-d'Or le 23 juin 2025 par  \nla soci\u00e9t\u00e9 RTE et ENEDIS, sollicitant l'autorisation de p\u00e9n\u00e9trer dans les propri\u00e9t\u00e9s priv\u00e9es  \nsitu\u00e9es sur les communes de DIJON, RUFFEY-L\u00c8S-ECHIREY, BELLEFOND, ASNI\u00c8RES-L\u00c8S-DIJON, \nNORGES-LA-VILLE,  MARSANNAY-LE-BOIS,  FLACEY,  PICHANGES,  GEMEAUX,  LUX,  TIL-\nCH\u00c2TEL, V\u00c9RONNES, ORVILLE ET SELONGEY et concernant la r\u00e9alisation des \u00e9tudes de trac\u00e9 \net du piquetage du projet susvis\u00e9 ;\nConsid\u00e9rant qu'il importe, en vue de l'ex\u00e9cution des op\u00e9rations vis\u00e9es dans sa demande du  \n23 juin 2025, lesquelles sont n\u00e9cessaires \u00e0 la mise en \u0153uvre du projet de travaux publics  \n- Page 1 / 4 -\nPr\u00e9fecture de la C\u00f4te-d'Or - 21-2025-08-18-00004 - ARR\u00caT\u00c9 PR\u00c9FECTORAL n\u00b0\u00a01312 du 18 ao\u00fbt 2025 portant autorisation de p\u00e9n\u00e9trer\ndans les propri\u00e9t\u00e9s priv\u00e9es au b\u00e9n\u00e9fice de la soci\u00e9t\u00e9 \u00ab\u00a0R\u00e9seau de Transport d'\u00c9lectricit\u00e9\u00a0\u00bb (RTE) et ENEDIS dans le cadre d'\u00e9tudes\npr\u00e9alables \u00e0 la cr\u00e9ation d'un poste source ENEDIS 225\u00a0000/20\u00a0000 volts et de son raccordement via une liaison souterraine issue du\nposte \u00e9lectrique 225\u00a0000 volts existant de CHAMPS-REGNAUD\n59\nsusvis\u00e9, d'autoriser les agents et les mandataires de la soci\u00e9t\u00e9 RTE et d'ENEDIS \u00e0 p\u00e9n\u00e9trer sur  \nles propri\u00e9t\u00e9s priv\u00e9es situ\u00e9es sur les communes de DIJON, RUFFEY-L\u00c8S-ECHIREY, BELLEFOND, \nASNI\u00c8RES-L\u00c8S-DIJON,  NORGES-LA-VILLE,  MARSANNAY-LE-BOIS,  FLACEY,  PICHANGES,  \nGEMEAUX, LUX, TIL-CH\u00c2TEL, V\u00c9RONNES, ORVILLE ET SELONGEY ;\nSUR proposition du secr\u00e9taire g\u00e9n\u00e9ral de la pr\u00e9fecture de la C\u00f4te d'Or,\nARR\u00caT\u00c9\nARTICLE 1  : Intervenants \nLes agents de la soci\u00e9t\u00e9 RTE, R\u00e9seau de Transport d'\u00c9lectricit\u00e9 et ENEDIS, ainsi que ceux des  \nentreprises travaillant pour leur compte, charg\u00e9s de l'ex\u00e9cution des travaux d'\u00e9tudes, sont  \nautoris\u00e9s, sous r\u00e9serve des droits des tiers, \u00e0 proc\u00e9der aux \u00e9tudes de trac\u00e9 et au piquetage du \nprojet de cr\u00e9ation d'un poste source ENEDIS 225  000/20 000 volts et de son raccordement  \nvia  une  liaison  souterraine  issue  du  poste  \u00e9lectrique  225 000  volts  existant  de  CHAMPS-\nREGNAUD.\n\u00c0 cet effet, ils pourront p\u00e9n\u00e9trer dans les propri\u00e9t\u00e9s priv\u00e9es, closes ou non closes (sauf \u00e0  \nl'int\u00e9rieur des maisons d'habitation) et dans les bois soumis au r\u00e9gime forestier, y planter des  \nbalises,  y  \u00e9tablir  des  jalons  et  piquets  ou  rep\u00e8res,  y  pratiquer  des  sondages,  fouilles  et \ncoupures, y faire les abattages, \u00e9lagages et \u00e9branchements n\u00e9cessaires et autoris\u00e9s par la loi,  \ny proc\u00e9der \u00e0 des relev\u00e9s topographiques ainsi qu'\u00e0 des travaux d'arpentage et de bornage, et  \nautres  travaux  ou  op\u00e9rations  que  les  \u00e9tudes  ou  la  r\u00e9alisation  des  projets  rendront \nindispensables.\nLes op\u00e9rations ci-dessus seront effectu\u00e9es sur le territoire des communes suivantes : \nDIJON \u2013 RUFFEY-L\u00c8S-ECHIREY -  BELLEFOND \u2013 ASNI\u00c8RES-L\u00c8S-DIJON \u2013 NORGES-LA-VILLE \u2013 \nMARSANNAY-LE-BOIS -FLACEY \u2013 PICHANGES \u2013 GEMEAUX \u2013 LUX \u2013 TIL-CH\u00c2TEL \u2013 \nV\u00c9RONNES \u2013 ORVILLE \u2013 SELONGEY\nARTICLE 2 : Obligation des intervenants \nL'introduction des agents et personnes mentionn\u00e9s \u00e0 l'article 1 er et leurs travaux d'\u00e9tudes ne  \npourront  avoir  lieu  qu'apr\u00e8s  accomplissement  des  formalit\u00e9s  prescrites  par  la  loi  du \n29 septembre 1892 susvis\u00e9e, notamment le respect du d\u00e9lai d'affichage du pr\u00e9sent arr\u00eat\u00e9 au  \nmoins  dix  jours  avant  le  d\u00e9but  des  op\u00e9rations  et  la  notification  du  pr\u00e9sent  arr\u00eat\u00e9  aux \npropri\u00e9taires concern\u00e9s, ainsi que, le cas \u00e9ch\u00e9ant, la r\u00e9alisation de l'accord amiable ou, \u00e0  \nd\u00e9faut, du constat d'\u00e9tat des lieux contradictoire pr\u00e9vus \u00e0 l'article 1er de ladite loi.\nLes personnels en cause seront munis d'une copie du pr\u00e9sent arr\u00eat\u00e9 qu'ils seront tenus de  \npr\u00e9senter \u00e0 toute r\u00e9quisition.\nARTICLE 3 : Indemnit\u00e9s \nLes indemnit\u00e9s qui pourraient \u00eatre dues pour les dommages caus\u00e9s aux propri\u00e9taires et aux  \nexploitants ou locataires, \u00e0 l'occasion de ces travaux d'\u00e9tude, seront \u00e0 la charge du Centre \nD\u00e9veloppement &  Ing\u00e9nierie Nancy de la soci\u00e9t\u00e9 RTE.  \u00c0 d\u00e9faut d'entente amiable, elles  \nseront r\u00e9gl\u00e9es par le tribunal administratif de Dijon.\nARTICLE 4 : Assistance \n- Page 2 / 4 -\nPr\u00e9fecture de la C\u00f4te-d'Or - 21-2025-08-18-00004 - ARR\u00caT\u00c9 PR\u00c9FECTORAL n\u00b0\u00a01312 du 18 ao\u00fbt 2025 portant autorisation de p\u00e9n\u00e9trer\ndans les propri\u00e9t\u00e9s priv\u00e9es au b\u00e9n\u00e9fice de la soci\u00e9t\u00e9 \u00ab\u00a0R\u00e9seau de Transport d'\u00c9lectricit\u00e9\u00a0\u00bb (RTE) et ENEDIS dans le cadre d'\u00e9tudes\npr\u00e9alables \u00e0 la cr\u00e9ation d'un poste source ENEDIS 225\u00a0000/20\u00a0000 volts et de son raccordement via une liaison souterraine issue du\nposte \u00e9lectrique 225\u00a0000 volts existant de CHAMPS-REGNAUD\n60\nLes maires des communes concern\u00e9es sont invit\u00e9s \u00e0 pr\u00eater au besoin leur concours et l'appui  \nde  leur  autorit\u00e9  aux  personnels  d\u00e9sign\u00e9s  \u00e0  l'article  1er.  Ils  prendront  les  dispositions \nn\u00e9cessaires pour que les personnels susmentionn\u00e9s charg\u00e9s des travaux puissent, sans perte  \nde temps, consulter les documents cadastraux et acc\u00e9der \u00e0 la salle o\u00f9 ils sont d\u00e9pos\u00e9s. \nLes  commissaires  de  police,  les  gendarmes,  les  gardes  champ\u00eatres  ou  forestiers,  les \npropri\u00e9taires et les habitants des communes dans lesquelles les \u00e9tudes seront faites, sont  \n\u00e9galement invit\u00e9s \u00e0 pr\u00eater aide et assistance au personnel effectuant les \u00e9tudes ou travaux.\nTous  prendront  les  mesures  n\u00e9cessaires  \u00e0  la  conservation  des  balises,  jalons,  piquets  ou \nrep\u00e8res \u00e9tablis sur le terrain.\nARTICLE 5 : Sanctions p\u00e9nales \nIl  est  interdit  d'apporter  aux  travaux  des  agents  vis\u00e9s  \u00e0  l'article  1er  un  trouble  ou  un \nemp\u00eachement quelconque. En cas de difficult\u00e9 ou de r\u00e9sistance \u00e9ventuelle, ce personnel  \npourra  faire  appel  aux  agents  de  la  force  publique.  En  vertu  de  l'article  6  de  la  loi  du \n6 juillet 1943  susvis\u00e9e,  la  destruction,  la  d\u00e9t\u00e9rioration  ou  le  d\u00e9placement  des  bornes  et \nrep\u00e8res signaux sont r\u00e9prim\u00e9s par le Code p\u00e9nal et donnent lieu au paiement des dommages-\nint\u00e9r\u00eats \u00e9ventuellement dus aux soci\u00e9t\u00e9s RTE et ENEDIS.\nCharg\u00e9s d'assurer la surveillance des bornes, piquets, rep\u00e8res, signaux et points g\u00e9od\u00e9siques,  \nles gendarmes de la circonscription dresseront proc\u00e8s-verbaux des infractions constat\u00e9es et  \nles  maires  des  communes  concern\u00e9es  signaleront  imm\u00e9diatement  les  d\u00e9t\u00e9riorations  \u00e0  la \nsoci\u00e9t\u00e9 RTE : Centre D\u00e9veloppement & Ing\u00e9nierie Nancy, 8 rue de Versigny 54600 VILLERS-\nLES-NANCY-CEDEX.\nARTICLE 6 : Dur\u00e9e de l'autorisation \nLa pr\u00e9sente autorisation sera p\u00e9rim\u00e9e de plein droit si elle n'est pas suivie d'ex\u00e9cution dans  \nles six mois de sa date.\nARTICLE 7 : Publicit\u00e9 et affichage \nLe pr\u00e9sent arr\u00eat\u00e9 sera publi\u00e9 et affich\u00e9 imm\u00e9diatement, pendant une dur\u00e9e minimale d'un  \nmois, dans chacune des communes d\u00e9sign\u00e9es \u00e0 l'article 1 er ci-dessus, \u00e0 la diligence des maires  \nqui adresseront \u00e0 la pr\u00e9fecture un certificat constatant l'accomplissement de cette formalit\u00e9.\nIl sera ins\u00e9r\u00e9 au recueil des actes administratifs de la pr\u00e9fecture de la C\u00f4te-d'Or.\nARTICLE 8 : Recours \nLe pr\u00e9sent arr\u00eat\u00e9 peut faire l'objet d'un recours contentieux devant le Tribunal Administratif  \nde DIJON, dans un d\u00e9lai de deux mois suivant sa notification ou sa publication.\n- Page 3 / 4 -\nPr\u00e9fecture de la C\u00f4te-d'Or - 21-2025-08-18-00004 - ARR\u00caT\u00c9 PR\u00c9FECTORAL n\u00b0\u00a01312 du 18 ao\u00fbt 2025 portant autorisation de p\u00e9n\u00e9trer\ndans les propri\u00e9t\u00e9s priv\u00e9es au b\u00e9n\u00e9fice de la soci\u00e9t\u00e9 \u00ab\u00a0R\u00e9seau de Transport d'\u00c9lectricit\u00e9\u00a0\u00bb (RTE) et ENEDIS dans le cadre d'\u00e9tudes\npr\u00e9alables \u00e0 la cr\u00e9ation d'un poste source ENEDIS 225\u00a0000/20\u00a0000 volts et de son raccordement via une liaison souterraine issue du\nposte \u00e9lectrique 225\u00a0000 volts existant de CHAMPS-REGNAUD\n61\nCe recours peut \u00eatre d\u00e9pos\u00e9 via l'application \u00ab  T\u00e9l\u00e9recours citoyens \u00bb accessible par le site  \ninternet www.telerecours.fr. \nARTICLE 9 : Ex\u00e9cution \nM. le secr\u00e9taire g\u00e9n\u00e9ral de la pr\u00e9fecture de la C\u00f4te-d'Or, les maires des communes de DIJON, \nRUFFEY-L\u00c8S-ECHIREY,  BELLEFOND,  ASNI\u00c8RES-L\u00c8S-DIJON,  NORGES-LA-VILLE,  MARSANNAY-\nLE-BOIS,  FLACEY,  PICHANGES,  GEMEAUX,  LUX,  TIL-CH\u00c2TEL,  V\u00c9RONNES,  ORVILLE  ET \nSELONGEY, M. le directeur du Centre de D\u00e9veloppement et d'Ing\u00e9nierie de RTE \u00e0 NANCY, M. \nle directeur r\u00e9gional de l'environnement, de l'am\u00e9nagement et du logement de bourgogne-\nfranche-Comt\u00e9 et M. le commandant du groupement de gendarmerie de la C\u00f4te-d'Or sont  \ncharg\u00e9s, chacun pour ce qui le concerne, de l'application du pr\u00e9sent arr\u00eat\u00e9.\nFait \u00e0 Dijon, le 18 ao\u00fbt 2025\n  \nLE PR\u00c9FET,\nPour le pr\u00e9fet et par d\u00e9l\u00e9gation,\nLe secr\u00e9taire g\u00e9n\u00e9ral\n \nOriginal sign\u00e9 par : Denis BRUEL\n- Page 4 / 4 -\nPr\u00e9fecture de la C\u00f4te-d'Or - 21-2025-08-18-00004 - ARR\u00caT\u00c9 PR\u00c9FECTORAL n\u00b0\u00a01312 du 18 ao\u00fbt 2025 portant autorisation de p\u00e9n\u00e9trer\ndans les propri\u00e9t\u00e9s priv\u00e9es au b\u00e9n\u00e9fice de la soci\u00e9t\u00e9 \u00ab\u00a0R\u00e9seau de Transport d'\u00c9lectricit\u00e9\u00a0\u00bb (RTE) et ENEDIS dans le cadre d'\u00e9tudes\npr\u00e9alables \u00e0 la cr\u00e9ation d'un poste source ENEDIS 225\u00a0000/20\u00a0000 volts et de son raccordement via une liaison souterraine issue du\nposte \u00e9lectrique 225\u00a0000 volts existant de CHAMPS-REGNAUD\n62\nPr\u00e9fecture de la C\u00f4te-d'Or\nDirection de la coordination, des politiques\npubliques et de l'appui territorial\n21-2025-08-21-00003\nOrdre du jour de la commission d\u00e9partementale\nd'am\u00e9nagement commercial de C\u00f4te-d'Or\n(CDAC 21) du 02 septembre 2025\nPr\u00e9fecture de la C\u00f4te-d'Or - 21-2025-08-21-00003 - Ordre du jour de la commission d\u00e9partementale d'am\u00e9nagement commercial de\nC\u00f4te-d'Or (CDAC 21) du 02 septembre 2025 63\nExPREFETDE LACOTE-D'ORL,z'bert\u00e9Egalit\u00e9Fraternit\u00e9\nSECR\u00c9TARIAT G\u00c9N\u00c9RAL\nDIRECTION DE LA COORDINATION DES POLITIQUES\nPUBLIQUES ET DE L'APPUI TERRITORIAL\nP\u00f4le Environnement et Urbanisme\nAffaire suivie par : Guillaume BROUILLARD (secr\u00e9tariat CDAC 21) Dijon, le 21/08/2025\nT\u00e9l : 03 80 44 65 21\nM\u00e9l : pref-cdac21@cote-dor.gouv.fr\n   \nCommission D\u00e9partementale d'Am\u00e9nagement\nCommercial de C\u00f4te-d'Or\nR\u00e9unions d  u mardi 02 septembre   2025  \nORDRE DU JOUR\n10h00 \u2013 Extension d'un magasin \u00ab     AUBADE     \u00bb au 7     rue Gay LUSSAC \u00e0 CHENOVE   :\n\u2022 dossier de demande de permis de construire (PC n\u00b0  021 166 25 00007) valant demande  \nd'autorisation d'exploitation commerciale (AEC)\n\u2022 AEC enregistr\u00e9e sous le n\u00b0 616 le 07 ao\u00fbt 2025\n\u2022 demandeur : SAS PAGOT ET SAVOIE, en qualit\u00e9 de propri\u00e9taire\n\u2022 surface de vente demand\u00e9e : + 237 m\u00b2 (portant la surface de vente totale \u00e0 3 317 m\u00b2)\n11h00 \u2013 Extension du   \"drive\"   du centre commercial LECLERC situ\u00e9 au 13 rue Gustave EIFFEL \u00e0   \nBEAUNE :\n\u2022 dossier de demande de permis de construire (PC n\u00b0  021 054 25 00050) valant demande  \nd'autorisation d'exploitation commerciale (AEC)\n\u2022 AEC enregistr\u00e9e sous le n\u00b0 615 le 15 juillet 2025\n\u2022 demandeur : SAS BEAUNE DISTRIBUTION, en qualit\u00e9 de propri\u00e9taire et exploitante\n\u2022 pistes de ravitaillement et surfaces demand\u00e9es (emprise au sol des surfaces, b\u00e2ties ou  \nnon,  affect\u00e9es  au  retrait  des  marchandises  du  drive) :  cr\u00e9ation  de  6  pistes \nsuppl\u00e9mentaires (soit 12 au total apr\u00e8s projet) et + 578 m\u00b2 de surfaces (portant les  \nsurfaces totales \u00e0 848 m\u00b2)\nPr\u00e9fecture de la C\u00f4te-d'Or - 53 rue de la Pr\u00e9fecture \u2013  21041 DIJON cedex\nt\u00e9l : 03 80 44 64 00 \u2013 Fax : 03 80 30 65 72 \nSite internet : http://www.cote-dor.gouv.fr\n1/1\nLe pr\u00e9fet,\nPour le pr\u00e9fet et par d\u00e9l\u00e9gation,\nLe secr\u00e9taire g\u00e9n\u00e9ral\nOriginal sign\u00e9 : Denis BRUEL\nPr\u00e9fecture de la C\u00f4te-d'Or - 21-2025-08-21-00003 - Ordre du jour de la commission d\u00e9partementale d'am\u00e9nagement commercial de\nC\u00f4te-d'Or (CDAC 21) du 02 septembre 2025 64\nPr\u00e9fecture de la C\u00f4te-d'Or\nDirection des Collectivit\u00e9s locales et des\nElections \n21-2025-07-24-00013\nArr\u00eat\u00e9 portant modification des statuts du\nsyndicat intercommunal des eaux de la r\u00e9gion de\nDole\nPr\u00e9fecture de la C\u00f4te-d'Or - 21-2025-07-24-00013 - Arr\u00eat\u00e9 portant modification des statuts du syndicat intercommunal des eaux de la\nr\u00e9gion de Dole 65\nExPREFETDU JURAL'ibert\u00e9Egalit\u00e9Fraternit\u00e9\nARR\u00caT\u00c9 PORTANT MODIFICATION DES STATUTS DU SYNDICAT INTERCOMMUNAL DES EAUX DE \nLA R\u00c9GION DE DOLE\nLE PREFET,\nVu le code g\u00e9n\u00e9ral des collectivit\u00e9s territoriales, notamment son article L5211-20 ;\nVu l'arr\u00eat\u00e9 du pr\u00e9fet du Jura du 20 d\u00e9cembre 1948 autorisant la constitution du syndicat intercommunal \nd'alimentation en eau potable de la r\u00e9gion de Dole ;\nVu la d\u00e9lib\u00e9ration du 25 mars 2025 du comit\u00e9 syndical, notifi\u00e9e aux communaut\u00e9s membres le 16 avril  \n2025, par laquelle le comit\u00e9 syndical du syndicat intercommunal des eaux de la r\u00e9gion de Dole d\u00e9cide  \nde se doter de statuts ;\nVu la d\u00e9lib\u00e9ration favorable du conseil communautaire de la communaut\u00e9 d'agglom\u00e9ration du Grand  \nDole du 26 juin 2025 et celle r\u00e9put\u00e9e favorable de la communaut\u00e9 de communes Auxonne Pontailler Val \nde Sa\u00f4ne ;\nConsid\u00e9rant que l'arr\u00eat\u00e9 du pr\u00e9fet du Jura du 20 d\u00e9cembre 1948 avait valeur de statuts ;\nConsid\u00e9rant que les conditions sont r\u00e9unies pour proc\u00e9der \u00e0 la modification des statuts du syndicat  \nintercommunal des eaux de la r\u00e9gion de Dole ;\nSur proposition des secr\u00e9taires g\u00e9n\u00e9raux de la pr\u00e9fecture du Jura et de la C\u00f4te d'Or :\nARR\u00caTE\nArticle  1     :   Les  statuts  du  syndicat  intercommunal  des  eaux  de  la  r\u00e9gion  de  Dole  sont  modifi\u00e9s \nconform\u00e9ment \u00e0 l'annexe jointe au pr\u00e9sent arr\u00eat\u00e9.\nArticle 2     : Les secr\u00e9taires g\u00e9n\u00e9raux des pr\u00e9fectures du Jura et de la C\u00f4te d'Or, le sous-pr\u00e9fet de Dole, le  \npr\u00e9sident du syndicat, les pr\u00e9sidents des communaut\u00e9s membres sont charg\u00e9s, chacun pour ce qui le  \nconcerne, de l'ex\u00e9cution du pr\u00e9sent arr\u00eat\u00e9 dont une copie sera adress\u00e9e aux directeurs d\u00e9partementaux \ndes finances publiques.\nArticle 3     :   Le pr\u00e9sent arr\u00eat\u00e9 peut faire l'objet  d'un recours gracieux aupr\u00e8s du pr\u00e9fet du Jura dans un  \nd\u00e9lai  de  deux  mois  \u00e0  compter  de  sa  publication  ou  d'un  recours  contentieux  devant  le  tribunal \nadministratif  de  Besan\u00e7on,  30  rue  Charles  Nodier,  25044  BESANCON  C\u00e9dex,  ainsi  que  par  voie \n\u00e9lectronique via le site www.telerecours.fr.\n8 rue de la pr\u00e9fecture \u2013 CS 60648                                                                 1/2\n 39030 Lons-le-Saunier CEDEX\n www.jura.gouv.fr\nSECR\u00c9TARIAT \nG\u00c9N\u00c9RAL\nDirection de la citoyennet\u00e9 et de la \nl\u00e9galit\u00e9\nBureau des relations avec les \ncollectivit\u00e9s locales  et de l'expertise \njuridique\nPr\u00e9fecture de la C\u00f4te-d'Or - 21-2025-07-24-00013 - Arr\u00eat\u00e9 portant modification des statuts du syndicat intercommunal des eaux de la\nr\u00e9gion de Dole 66\nLons-le-Saunier, le 18 juillet 2025 Dijon, le 24 juillet 2025\nLe pr\u00e9fet du Jura, Le pr\u00e9fet de la r\u00e9gion\nBourgogne Franche-Comt\u00e9,\npr\u00e9fet de la C\u00f4te-d'Or,\nOriginal sign\u00e9 Original sign\u00e9\nPierre-Edouard COLLIEX   Paul MOURIER\n2/2\nPr\u00e9fecture de la C\u00f4te-d'Or - 21-2025-07-24-00013 - Arr\u00eat\u00e9 portant modification des statuts du syndicat intercommunal des eaux de la\nr\u00e9gion de Dole 67\nSyndicat Intercommunal des eauxde la R\u00e9gion de DoleZone d'activit\u00e9 - Rue des M\u00e9tiers39700 ROCHEFORT-SUR-NENONAnnexe \u00e0 l'arr\u00eat\u00e9 portant |modification de statuts STATUTS\nArticle 1er : Constitution adh\u00e9sions1.1 Constitution :Le syndicat intercommunal des eaux de la r\u00e9gion de Dole est depuis le 1\u00a2 janvier 2020 un syndicat mixteferm\u00e9 compos\u00e9 :- de la communaut\u00e9 d'agglom\u00e9ration du Grand Dole, en repr\u00e9sentation-substitution pour les communesd'Archelange, Authume, Baverans, Biarne, Brevans, Champvans, Choisey, Crissey, Dole (pour lacommune d\u00e9l\u00e9gu\u00e9e de Goux), Foucherans, Gredisans, Jouhe, Menotey, Monni\u00e8res, Nevy-L\u00e8s-Dole,Parcey, Rainans, Sampans et Villette-L\u00e8s-Dole- de la communaut\u00e9 de communes Auxonne Pontailler Val de Sa\u00f4ne (21), en repr\u00e9sentation-substitutionpour la commune de BilleyLes d\u00e9l\u00e9gu\u00e9s sont d\u00e9sign\u00e9s par les entit\u00e9s membres dans les conditions fix\u00e9es par le code g\u00e9n\u00e9ral descollectivit\u00e9s territoriales.1. 2 Adh\u00e9sionsL'adh\u00e9sion d'un nouveau membre au syndicat s'effectue dans les conditions pr\u00e9vues \u00e0 l'article L.5211-18du CGCT\nArticle 2 : Objet et comp\u00e9tencesLe syndicat a l'exclusivit\u00e9 des comp\u00e9tences pour la production, le transport, le stockage et la distribution del'eau potable.Les extensions des r\u00e9seaux ou leurs renforcements n\u00e9cessit\u00e9s pour la cr\u00e9ation de nouvelles constructionssont r\u00e9alis\u00e9s sous ma\u00eetrise d'ouvrage du syndicat \u00e0 la charge de la collectivit\u00e9 int\u00e9ress\u00e9e.Les r\u00e8gles de r\u00e9partition sont fix\u00e9es dans I'annexe joint aux pr\u00e9sents statuts.\nArticle 3 : D\u00e9nomination, si\u00e8ge et dur\u00e9e3.1. D\u00e9nomination :Ce syndicat se d\u00e9nomme : SYNDICAT INTERCOMMUNAL DES EAUX DE LA REGION DE DOLE.3.2. Si\u00e8ge :Le si\u00e8ge du syndicat est fix\u00e9 Rue des M\u00e9tiers \u00e0 ROCHEFORT SUR NENON.3.3. Dur\u00e9e :Le syndicat est institu\u00e9 pour une dur\u00e9e illimit\u00e9e.\nPr\u00e9fecture de la C\u00f4te-d'Or - 21-2025-07-24-00013 - Arr\u00eat\u00e9 portant modification des statuts du syndicat intercommunal des eaux de la\nr\u00e9gion de Dole 68\nArticle 4 : Administration et gestion4.1. AdministrationLe syndicat est administr\u00e9 par un comit\u00e9 et un bureau syndical.Les d\u00e9cisions, \u00e0 I'exception de celles ayant un caract\u00e8re d'urgence, sont pr\u00e9par\u00e9es par le bureau ou\u00e9ventuellement une commission sp\u00e9cialement institu\u00e9e par le comit\u00e9 syndical.4.2. Le comit\u00e9 syndical - CompositionLe comit\u00e9 syndical est compos\u00e9 de membres titulaires \u00e0 raison de deux par commune desservie par leservice eau.Le comit\u00e9 syndical \u00e9lira un pr\u00e9sident et un ou plusieurs vice-pr\u00e9sidents. Le nombre de vice-pr\u00e9sidents serafix\u00e9 par le comit\u00e9 syndical.Les d\u00e9l\u00e9gu\u00e9s des collectivit\u00e9s membres suivent le sort de ces assembl\u00e9es quant \u00e0 la dur\u00e9e de leurmandat. AttributionsLe comit\u00e9 syndical vote les budgets, approuve les comptes administratifs et se prononce sur lesprogrammes de travaux pr\u00e9sent\u00e9s par le bureau.I doit intervenir chaque fois que le bureau n'a pas d\u00e9l\u00e9gation de comp\u00e9tences pour r\u00e9gler une affaire.FonctionnementIl se r\u00e9unit en assembl\u00e9e au moins deux fois par an sur convocation du pr\u00e9sident.Le comit\u00e9 syndical ne peut valablement d\u00e9lib\u00e9rer que lorsque la majorit\u00e9 absolue des d\u00e9l\u00e9gu\u00e9s en exerciceassiste \u00e0 la s\u00e9ance....Les d\u00e9lib\u00e9rations sont prises \u00e0 la majorit\u00e9 absolue des membres pr\u00e9sents.\n4.3. Le bureau syndical - Attributions et compositionLe bureau syndical est compos\u00e9 de 10 membres \u00e9lus parmi les d\u00e9l\u00e9gu\u00e9s, dont le Pr\u00e9sident et les vice-pr\u00e9sidents. 'AttributionsLe bureau syndical administre le syndicat dans le cadre des budgets et programmes de travaux vot\u00e9s parle comit\u00e9 syndical. Il doit intervenir chaque fois que le pr\u00e9sident n'a pas d\u00e9l\u00e9gation du comit\u00e9 pour r\u00e9glerune affaire ou engager une d\u00e9pense, dans le cadre des d\u00e9l\u00e9gations consenties par le comit\u00e9 syndical.Fonctionnement[l se r\u00e9unit sur convocation du president pour r\u00e9gler par ses d\u00e9cisions toute question qui lui est soumisepar le pr\u00e9sident et qui ne rel\u00e9ve pas, de fa\u00e7on exclusive, des comp\u00e9tences statutaires et l\u00e9gales du comit\u00e9syndical.4.4. Pouvoirs du pr\u00e9sident du syndicatLe pr\u00e9sident est l'organe ex\u00e9cutif du syndicat et dispose entre autres les pouvoirs suivants :- il convoque aux r\u00e9unions du comit\u00e9 et du bureau syndical et pr\u00e9side les s\u00e9ances, dirige les d\u00e9bats etcontr\u00f4le les votes,- il pr\u00e9pare et ex\u00e9cute les d\u00e9lib\u00e9rations du comit\u00e9 syndical et les d\u00e9cisions du bureau,- lors de chaque r\u00e9union du comit\u00e9, il rend compte des travaux du bureau,- il ordonne les d\u00e9penses et prescrit l'ex\u00e9cution des recettes du syndicat,- i nomme aux emplois cr\u00e9\u00e9s par le comit\u00e9 syndical,- il repr\u00e9sente le syndicat en justice,- il peut d\u00e9l\u00e9guer, par arr\u00eat\u00e9, sous sa surveillance et sa responsabilit\u00e9, l'exercice d'une partie de sesfonctions aux vice-pr\u00e9sidents.\nKI\nPr\u00e9fecture de la C\u00f4te-d'Or - 21-2025-07-24-00013 - Arr\u00eat\u00e9 portant modification des statuts du syndicat intercommunal des eaux de la\nr\u00e9gion de Dole 69\n4.5, GestionLes ressources du syndicat sont compos\u00e9es :1\u00b0 la contribution des communes associ\u00e9es2\u00b0 le revenu des biens, meubles ou immeubles, du syndicat3\u00b0 les sommes re\u00e7ues par des administrations publiques, des associations, des particuliers, en \u00e9changed'un service rendu4\u00b0 les subventions de l'Etat, de la r\u00e9gion, du d\u00e9partement et des communes5\u00b0 les produits des dons et legs ;6\u00b0 le produit des taxes, redevances et contributions correspondant aux services assur\u00e9s ou auxinvestissements r\u00e9alis\u00e9s7 le produit des emprunts.\nLe syndicat s'engage, selon les textes en vigueur, \u00e0 faire en sorte que les recettes provenant de l'exploitationdes r\u00e9seaux et ouvrages (Redevance de l'eau, les participations des collectivit\u00e9s et les subventions\u00e9quilibrent les d\u00e9penses de cr\u00e9ation, d'entretien, d'extension, de gestion et d'exploitation qui sont \u00e0 sacharge.Les fonctions de receveur du syndicat sont exerc\u00e9es par le responsable du service de gestion comptable dontd\u00e9pend le syndicat.Article 5 \u2014 R\u00e8glement int\u00e9rieurLes r\u00e8gles de fonctionnement du comit\u00e9 syndical sont pr\u00e9cis\u00e9es par un r\u00e8glement int\u00e9rieur approuv\u00e9 par lecomit\u00e9 syndicalArticle 6 - Service aux collectivit\u00e9s adh\u00e9rentes6.1 Demande d'alimentation en eau potableToute demande nouvelle d'alimentation en eau potable, \u00e9mise par un particulier, une soci\u00e9t\u00e9 ou unecollectivit\u00e9, devra \u00eatre adress\u00e9e par \u00e9crit au Syndicat des Eaux de la R\u00e9gion de Dole, lequel aura \u00e0 statuersur la fa\u00e7on dont il pourra lui donner satisfaction.Si la demande n\u00e9cessite des travaux d'extension ou de renforcement de r\u00e9seau, le repr\u00e9sentant de laCollectivit\u00e9 en sera inform\u00e9.\n6.2 R\u00e9gime des extensions, des renforcements, des renouvellements et des deglacements der\u00e9seau d'alimentation en eau potableLe syndicat sera ma\u00eetre d'ouvrage de tous les travaux \u00e0 r\u00e9aliser dans sa zone d'activit\u00e9 et devant \u00eatreint\u00e9gr\u00e9s dans les ouvrages publics qu'il exploite. [Les regles de r\u00e9partition des charges sont fix\u00e9es dans l'Annexe des pr\u00e9sents statuts.En tant que maitre d'ouvrage ou son d\u00e9l\u00e9gataire, il appartient au syndicat, apr\u00e8s s'\u00e9tre assur\u00e9 de lafaisabilit\u00e9 et de l'opportunit\u00e9 de l'op\u00e9ration envisag\u00e9e, d'en d\u00e9terminer la localisation, d'en d\u00e9finir leprogramme, d'en arr\u00eater l'enveloppe financi\u00e8re pr\u00e9visionnelle, d'en assurer le financement, de choisir leprocessus selon lequel l'ouvrage sera r\u00e9alis\u00e9 et de conclure, avec les ma\u00eetres d'\u0153uvre et entrepreneursqu'il choisit, les contrats ayant pour objet les \u00e9tudes et l'ex\u00e9cution des travaux.6.3 Op\u00e9rations de mandatDans le cadre de conventions de mandat en mati\u00e8re de comp\u00e9tence eau, le syndicat peut intervenir pour lecompte des collectivit\u00e9s adh\u00e9rentes qui restent maitres d'ouvrages des projets concern\u00e9s par cesd\u00e9l\u00e9gations de mandat.Article 7 : Modifications statutairesLes pr\u00e9sents statuts doivent \u00eatre accept\u00e9s par les collectivit\u00e9s adh\u00e9rentes et \u00eatre annex\u00e9s auxd\u00e9lib\u00e9rations desdites collectivit\u00e9s.\nPr\u00e9fecture de la C\u00f4te-d'Or - 21-2025-07-24-00013 - Arr\u00eat\u00e9 portant modification des statuts du syndicat intercommunal des eaux de la\nr\u00e9gion de Dole 70\nLes modifications des pr\u00e9sents statuts seront r\u00e9alis\u00e9es dans le respect des dispositions vis\u00e9es aux articlesL.5211-17 \u00e0 L.5211-20 du code g\u00e9n\u00e9ral des collectivit\u00e9s territoriales.\nArt_icle 8 : Arr\u00eat\u00e9 d'autorisationLes pr\u00e9sents statuts, auxquels demeureront annex\u00e9es les d\u00e9lib\u00e9rations des collectivit\u00e9s membres neseront ex\u00e9cutoires qu'apr\u00e8s avoir \u00e9t\u00e9 ent\u00e9rin\u00e9s par un arr\u00eat\u00e9 pr\u00e9fectoral. '\nPr\u00e9fecture de la C\u00f4te-d'Or - 21-2025-07-24-00013 - Arr\u00eat\u00e9 portant modification des statuts du syndicat intercommunal des eaux de la\nr\u00e9gion de Dole 71\nPr\u00e9fecture de la C\u00f4te-d'Or\nDirection des s\u00e9curit\u00e9s\n21-2025-08-26-00002\nArr\u00eat\u00e9 N\u00b0 1301 portant renouvellement de\nl'autorisation de mise en service du tunnel de\nTalant (RN 274 dite LINO-Rocade - M274 )\nPr\u00e9fecture de la C\u00f4te-d'Or - 21-2025-08-26-00002 - Arr\u00eat\u00e9 N\u00b0 1301 portant renouvellement de l'autorisation de mise en service du\ntunnel de Talant (RN 274 dite LINO-Rocade - M274 ) 72\nExPREFETDE LACOTE-D'ORLibert\u00e9Egalit\u00e9Fraternit\u00e9\nDirection des s\u00e9curit\u00e9s\n                  Dijon, le 26 ao\u00fbt 2025\nArr\u00eat\u00e9 N\u00b0 1301\nportant renouvellement de l'autorisation de mise en service du tunnel de Talant (RN 274 dite  \nLINO-Rocade \u2013 M274)\nLe pr\u00e9fet de la C\u00f4te-d'Or\nVU le code de la route ;\nVU le code de la voirie routi\u00e8re et notamment ses articles L.118-1 \u00e0 L.118-3 et R.118-1-1 \u00e0 R.118-\n3-7 ;\nVU la loi n\u00b02022-217 du 21 f\u00e9vrier 2022 relative \u00e0 la diff\u00e9renciation, la d\u00e9centralisation, la  \nd\u00e9concentration et portant diverses mesures de simplification de l'action publique locale  ;\nVU le d\u00e9cret en Conseil d'\u00c9tat du 6 f\u00e9vrier 1980 d\u00e9clarant d'utilit\u00e9 publique la construction  \nde la rocade Est de Dijon et lui conf\u00e9rant le statut de route express ;\nVU le d\u00e9cret 2005-701 du 24 juin 2005 relatif \u00e0 la s\u00e9curit\u00e9 des ouvrages du r\u00e9seau routier  ;\nVU le d\u00e9cret 2009-615 du 3 juin 2009 modifi\u00e9, fixant la liste des routes class\u00e9es \u00e0 grande  \ncirculation ;\nVU le d\u00e9cret n\u00b02022-459 du 30 mars 2022 fixant la liste des voies non conc\u00e9d\u00e9es du domaine  \npublic routier national qui peuvent \u00eatre transf\u00e9r\u00e9es aux d\u00e9partements et m\u00e9tropoles ou  \nmises \u00e0 disposition des r\u00e9gions dans les conditions pr\u00e9vues aux articles 38 et 40 de la loi  \nn\u00b02022-217 du 21 f\u00e9vrier 2022 ;\nVU le d\u00e9cret du 10 octobre 2024 portant nomination du pr\u00e9fet de la r\u00e9gion Bourgogne-\nFranche-Comt\u00e9, pr\u00e9fet de la C\u00f4te-d'Or \u2013 M. MOURIER (Paul) ;\nVU le  d\u00e9cret  2025-429  du  15  mai  2025  relatif  au  renouvellement  des  commissions  \nconsultatives d\u00e9partementales de s\u00e9curit\u00e9 et d'accessibilit\u00e9 ;\nVU l'arr\u00eat\u00e9 interminist\u00e9riel du 24 novembre 1967 modifi\u00e9, relatif \u00e0 la signalisation des routes  \net autoroutes ;\nPr\u00e9fecture de la C\u00f4te d'Or\n53 rue de la Pr\u00e9fecture 21041 DIJON CEDEX\n03.80.44.64.00 - pref-defense-protection-civile@cote-dor.gouv.fr \nPr\u00e9fecture de la C\u00f4te-d'Or - 21-2025-08-26-00002 - Arr\u00eat\u00e9 N\u00b0 1301 portant renouvellement de l'autorisation de mise en service du\ntunnel de Talant (RN 274 dite LINO-Rocade - M274 ) 73\nVU l'arr\u00eat\u00e9  interminist\u00e9riel  du  6  novembre  1992  modifi\u00e9,  approuvant  les  dispositions  de \nl'instruction interminist\u00e9rielle sur la signalisation routi\u00e8re ; \nVU l'arr\u00eat\u00e9  pr\u00e9fectoral  du  7  f\u00e9vrier  2014  portant  r\u00e9glementation  permanente  de  la  \ncirculation de la Liaison Nord (LiNO) \u2013 RN 274 \u2013 de l'agglom\u00e9ration Dijonnaise du PR 11+530  \nAU  PR  18+280  hors  agglom\u00e9ration,  communes  de  Ahuy,  Daix,  Dijon,  Fontaine-les-Dijon, \nPlombi\u00e8res-les-Dijon et Talant ;\nVU l'arr\u00eat\u00e9  pr\u00e9fectoral  n\u00b021-2023-05-02-00001  du  2  mai  2023  relatif  au  transfert  au  \nd\u00e9partement de C\u00f4te-d'Or de sections de routes et autoroutes class\u00e9es dans le domaine  \npublic routier national ;\nVU l'arr\u00eat\u00e9  pr\u00e9fectoral  n\u00b021-2023-05-02-00002  du  2  mai  2023  relatif  au  transfert  \u00e0  la \nM\u00e9tropole de Dijon de sections de routes et autoroutes class\u00e9es dans le domaine public  \nroutier national ; \nVU l'arr\u00eat\u00e9 pr\u00e9fectoral n\u00b0918 du 31 juillet 2023 portant-composition et organisation de la  \ncommission consultative d\u00e9partementale de s\u00e9curit\u00e9 et d'accessibilit\u00e9 ;\nVU la circulaire n\u00b02006-20 du 29 mars 2006 relative \u00e0 la s\u00e9curit\u00e9 des tunnels routiers d'une  \nlongueur sup\u00e9rieure \u00e0 300 m ;\nVU le dossier de s\u00e9curit\u00e9 du tunnel de Talant d\u00e9pos\u00e9 \u00e0 la pr\u00e9fecture de la C\u00f4te-d'Or le 3  \nf\u00e9vrier 2025 par le Chef du Service Infrastructure et ouvrage d'art de Dijon M\u00e9tropole  ;\nVU l'avis  favorable  de  la  Commission  Consultative  D\u00e9partementale  de  S\u00e9curit\u00e9  et  \nd'Accessibilit\u00e9, sous-commission de s\u00e9curit\u00e9 des infrastructures et syst\u00e8mes de transports du  \n26 f\u00e9vrier 2025 ;\nVU l'avis favorable de l'agent de s\u00e9curit\u00e9, M. Johan Boulhic en date du 26 f\u00e9vrier 2025  ;\nCONSID\u00c9RANT la  n\u00e9cessit\u00e9  de  renouveler  pour  une  dur\u00e9e  maximale  de  six  ann\u00e9es, \nl'autorisation de mise en service du tunnel de Talant, sur la base du dossier de s\u00e9curit\u00e9  \nactualis\u00e9 par le ma\u00eetre d'ouvrage ;\nCONSIDERANT que le dispositif de contr\u00f4le automatis\u00e9 implant\u00e9 dans le sens Marsannay-la-\nC\u00f4te \u2013 Plombi\u00e8res-les-Dijon sur la section comprise entre les PR 16+250 (\u00e9changeur n\u00b0 35) et  \nPR  18+280  (\u00e9changeur  n\u00b034)  int\u00e9grant  le  tunnel  permet  de  contribuer  \u00e0  la  s\u00e9curit\u00e9  des \nusagers sur cette section de la M274 ;\nSUR proposition de la directrice de cabinet de la pr\u00e9fecture de la C\u00f4te-d'Or ;\nARRETE\nArticle 1  : L'autorisation de mise en service du tunnel de Talant est renouvel\u00e9e pour une  \np\u00e9riode de six ans \u00e0 compter de la signature du pr\u00e9sent arr\u00eat\u00e9. Elle devra faire l'objet d'une  \ndemande de renouvellement par le ma\u00eetre d'ouvrage (Dijon M\u00e9tropole) au plus tard cinq  \nmois avant l'expiration de sa p\u00e9riode de validit\u00e9.\nPr\u00e9fecture de la C\u00f4te d'Or\n53 rue de la Pr\u00e9fecture 21041 DIJON CEDEX\n03.80.44.64.00 - pref-defense-protection-civile@cote-dor.gouv.fr \nPr\u00e9fecture de la C\u00f4te-d'Or - 21-2025-08-26-00002 - Arr\u00eat\u00e9 N\u00b0 1301 portant renouvellement de l'autorisation de mise en service du\ntunnel de Talant (RN 274 dite LINO-Rocade - M274 ) 74\nExPREFETDE LACOTE-D'ORLibert\u00e9Egalit\u00e9Fraternit\u00e9\nDirection des s\u00e9curit\u00e9s\nArticle 2 : Le ma\u00eetre d'ouvrage est charg\u00e9 d'assurer l'entretien, la surveillance et l'exploitation  \ndu tunnel de Talant. Conform\u00e9ment \u00e0 l'article R. 118-3-8 du code de la voirie routi\u00e8re, le  \nma\u00eetre d'ouvrage et les services d'intervention devront organiser une fois par an un exercice  \nde s\u00e9curit\u00e9 conjoint. Bas\u00e9 sur des sc\u00e9narios d'incidents d\u00e9finis au regard des risques encourus  \ndans le tunnel, il est destin\u00e9 \u00e0 tester les consignes d'exploitation, le Plan d'Intervention et de  \nS\u00e9curit\u00e9 et leur mise en \u0153uvre par le personnel. \nArticle  3 :  En  cas  de  modification  importante  des  conditions  d'exploitation,  d'\u00e9volution \nsignificative des risques ou apr\u00e8s un incident ou accident grave, le ma\u00eetre d'ouvrage est tenu  \nde d\u00e9poser une demande de renouvellement de l'autorisation de mise en service dans les  \nconditions pr\u00e9vues \u00e0 l'article R. 118-3-3 du code de la voirie routi\u00e8re.\nArticle 4 : Le ma\u00eetre d'ouvrage est tenu d'informer sans d\u00e9lai la Direction des S\u00e9curit\u00e9s (DS)  \nde la Pr\u00e9fecture de la C\u00f4te d'Or et la Direction D\u00e9partementale des Territoires (DDT) de tout  \nincident ou accident susceptible de mettre en cause la s\u00e9curit\u00e9 des usagers et des tiers.  \nToute information t\u00e9l\u00e9phonique sera confirm\u00e9e par \u00e9crit.\nArticle  5 :  Un  comit\u00e9  de  suivi  compos\u00e9  d'un  repr\u00e9sentant  du  ma\u00eetre  d'ouvrage,  de \nl'exploitant, du maire de la commune de Talant, du service D\u00e9partemental d'Incendie et de  \nSecours, des services de l'\u00c9tat en charge de la s\u00e9curit\u00e9, gendarmerie, police, de la DS, et de la  \nDDT, se r\u00e9unira au moins une fois par an pour \u00e9changer sur la programmation et l'analyse des  \nexercices de s\u00e9curit\u00e9, le retour d'exp\u00e9rience des incidents et accidents significatifs et plus  \nlargement pour proposer toute initiative de nature \u00e0 renforcer la s\u00e9curit\u00e9.\nArticle  6 :  La  directrice  de  cabinet  de  la  pr\u00e9fecture  de  la  C\u00f4te  d'Or,  le  directeur \ninterd\u00e9partemental de la police nationale, le  commandant du groupement de gendarmerie  \nd\u00e9partemental de la C\u00f4te-d'Or, le directeur d\u00e9partemental des services d'incendie et de  \nsecours, la directrice D\u00e9partementale des Territoires, le pr\u00e9siden t de Dijon-M\u00e9tropole et le  \nMaire de Talant, sont charg\u00e9s, chacun en ce qui le concerne de l'ex\u00e9cution du pr\u00e9sent arr\u00eat\u00e9  \nqui sera publi\u00e9 au recueil des actes administratifs de la pr\u00e9fecture de la C\u00f4te-d'Or.\nFait \u00e0 Dijon, le 26 ao\u00fbt 2025\nLe Pr\u00e9fet,\nORIGINAL SIGNE\nPaul MOURIER\nPr\u00e9fecture de la C\u00f4te d'Or\n53 rue de la Pr\u00e9fecture 21041 DIJON CEDEX\n03.80.44.64.00 - pref-defense-protection-civile@cote-dor.gouv.fr \nPr\u00e9fecture de la C\u00f4te-d'Or - 21-2025-08-26-00002 - Arr\u00eat\u00e9 N\u00b0 1301 portant renouvellement de l'autorisation de mise en service du\ntunnel de Talant (RN 274 dite LINO-Rocade - M274 ) 75\nPr\u00e9fecture de la C\u00f4te-d'Or\nSGCD de C\u00f4te-d'Or\n21-2025-07-01-00018\nArr\u00eat\u00e9 n\u00b0925 portant d\u00e9signation des\nrepr\u00e9sentants de l'administration et du\npersonnel au sein de la commission\nadministrative paritaire des secr\u00e9taires\nadministratifs de la r\u00e9gion\nBourgogne-Franche-Comt\u00e9.\nPr\u00e9fecture de la C\u00f4te-d'Or - 21-2025-07-01-00018 - Arr\u00eat\u00e9 n\u00b0925 portant d\u00e9signation des repr\u00e9sentants de l'administration et du\npersonnel au sein de la commission administrative paritaire des secr\u00e9taires administratifs de la r\u00e9gion Bourgogne-Franche-Comt\u00e9. 76\nExPREFETDE LACOTE-D'ORLibert\u00e9Egalit\u00e9Fraternit\u00e9\nSecr\u00e9tariat G\u00e9n\u00e9ral Commun\n                               D\u00e9partement de la C\u00f4te-d'Or\n    \nArr\u00eat\u00e9 pr\u00e9fectoral N\u00b0925 du 1er juillet 2025\nAbrogeant et rempla\u00e7ant l'arr\u00eat\u00e9 n\u00b0 285 du 8 f\u00e9vrier 2023 portant d\u00e9signation des \nrepr\u00e9sentants de l'administration et du personnel\nau sein de la commission administrative paritaire des secr\u00e9taires administratifs\nde la r\u00e9gion Bourgogne-Franche-Comt\u00e9\nLe pr\u00e9fet de la r\u00e9gion Bourgogne-Franche-Comt\u00e9\nVU le code g\u00e9n\u00e9ral de la fonction publique\u00a0;\nVU l'arr\u00eat\u00e9 minist\u00e9riel du 3 juin 2022 relatif aux commissions administratives paritaires \ncomp\u00e9tentes \u00e0 l'\u00e9gard de certains corps de fonctionnaires du minist\u00e8re de l'int\u00e9rieur;\nVU le proc\u00e8s-verbal de r\u00e9sultat des \u00e9lections professionnelles du 8 d\u00e9cembre 2022\u00a0;\nSUR la proposition du secr\u00e9taire g\u00e9n\u00e9ral de la pr\u00e9fecture de la C\u00f4te-d'Or, chef-lieu de r\u00e9gion;\nARRETE\nArticle 1er\u00a0: Sont d\u00e9sign\u00e9s en qualit\u00e9 de repr\u00e9sentants de l'administration au sein de la \ncommission administrative paritaire r\u00e9gionale comp\u00e9tente \u00e0 l'\u00e9gard du corps des secr\u00e9taires \nadministratifs :\nMembres titulaires:\nM. Paul MOURIER, pr\u00e9fet de la r\u00e9gion Bourgogne Franche-Comt\u00e9 (Pr\u00e9sident)\u00a0;\nM. Denis BRUEL, secr\u00e9taire g\u00e9n\u00e9ral de la pr\u00e9fecture de la C\u00f4te-d'Or\u00a0;\nPr\u00e9fecture de la C\u00f4te-d'Or - 21-2025-07-01-00018 - Arr\u00eat\u00e9 n\u00b0925 portant d\u00e9signation des repr\u00e9sentants de l'administration et du\npersonnel au sein de la commission administrative paritaire des secr\u00e9taires administratifs de la r\u00e9gion Bourgogne-Franche-Comt\u00e9. 77\nMembres suppl\u00e9ants  \u00a0  :  \nMme Magalie MALERBA, secr\u00e9taire g\u00e9n\u00e9rale adjointe de la pr\u00e9fecture de la C\u00f4te-d'Or\u00a0;\nMme Nathalie BERGET, directrice du secr\u00e9tariat g\u00e9n\u00e9ral commun d\u00e9partemental de la \nC\u00f4te-d'Or.\nArticle 2\u00a0: Sont d\u00e9sign\u00e9s en tant que repr\u00e9sentants du personnel au sein de la commission \nadministrative paritaire r\u00e9gionale comp\u00e9tente \u00e0 l'\u00e9gard des secr\u00e9taires administratifs\u00a0:\nTITULAIRES SUPPL\u00c9ANTS\nSecr\u00e9taire administratif\nMme Marie-Christine JORIS (FO) Mme Anne JACQUIN (FO)\nMme Sandrine SCHILS (CFDT) Mme Annie DI POL (CFDT)\nArticle 3 : M. le secr\u00e9taire g\u00e9n\u00e9ral de la pr\u00e9fecture de la C\u00f4te-d'Or, chef-lieu de la r\u00e9gion \nBourgogne-Franche-Comt\u00e9, est charg\u00e9 de l'ex\u00e9cution du pr\u00e9sent arr\u00eat\u00e9.\n   Fait \u00e0 Dijon, le 1er juillet 2025\nLe Pr\u00e9fet de la r\u00e9gion Bourgogne-Franche-Comt\u00e9,\n     Pr\u00e9fet de la C\u00f4te-d'Or,\nOriginal sign\u00e9 par Paul MOURIER\nPr\u00e9fecture de la C\u00f4te-d'Or - 21-2025-07-01-00018 - Arr\u00eat\u00e9 n\u00b0925 portant d\u00e9signation des repr\u00e9sentants de l'administration et du\npersonnel au sein de la commission administrative paritaire des secr\u00e9taires administratifs de la r\u00e9gion Bourgogne-Franche-Comt\u00e9. 78\nPr\u00e9fecture de la C\u00f4te-d'Or\nSGCD de C\u00f4te-d'Or\n21-2025-07-01-00019\nArr\u00eat\u00e9 n\u00b0926 portant d\u00e9signation des\nrepr\u00e9sentants de l'administration et du\npersonnel au sein de la commission\nadministrative paritaire des attach\u00e9s\nd'administration de la r\u00e9gion\nBourgogne-Franche-Comt\u00e9.\nPr\u00e9fecture de la C\u00f4te-d'Or - 21-2025-07-01-00019 - Arr\u00eat\u00e9 n\u00b0926 portant d\u00e9signation des repr\u00e9sentants de l'administration et du\npersonnel au sein de la commission administrative paritaire des attach\u00e9s d'administration de la r\u00e9gion Bourgogne-Franche-Comt\u00e9. 79\nExPREFETDE LACOTE-D'ORLibert\u00e9Egalit\u00e9Fraternit\u00e9\nSecr\u00e9tariat G\u00e9n\u00e9ral Commun\n                               D\u00e9partement de la C\u00f4te-d'Or\n    \nArr\u00eat\u00e9 pr\u00e9fectoral n\u00b0926 du 1er juillet 2025\nAbrogeant et rempla\u00e7ant l'arr\u00eat\u00e9 n\u00b0 286 du 8 f\u00e9vrier 2023 portant d\u00e9signation des \nrepr\u00e9sentants de l'administration et du personnel\nau sein de la commission administrative paritaire des attach\u00e9s d'administration\nde la r\u00e9gion Bourgogne-Franche-Comt\u00e9\nLe pr\u00e9fet de la r\u00e9gion Bourgogne-Franche-Comt\u00e9\nVU le code g\u00e9n\u00e9ral de la fonction publique\u00a0;\nVU l'arr\u00eat\u00e9 minist\u00e9riel du 3 juin 2022 relatif aux commissions administratives paritaires \ncomp\u00e9tentes \u00e0 l'\u00e9gard de certains corps de fonctionnaires du minist\u00e8re de l'int\u00e9rieur;\nVU le proc\u00e8s-verbal de r\u00e9sultat des \u00e9lections professionnelles du 8 d\u00e9cembre 2022\u00a0;\nSUR la proposition du secr\u00e9taire g\u00e9n\u00e9ral de la pr\u00e9fecture de la C\u00f4te-d'Or, chef-lieu de r\u00e9gion;\nARRETE\nArticle 1er\u00a0: Sont d\u00e9sign\u00e9s en qualit\u00e9 de repr\u00e9sentants de l'administration au sein de la \ncommission administrative paritaire r\u00e9gionale comp\u00e9tente \u00e0 l'\u00e9gard du corps des attach\u00e9s \nd'administration :\nMembres titulaires:\n M. Paul MOURIER, pr\u00e9fet de la r\u00e9gion Bourgogne Franche-Comt\u00e9 (Pr\u00e9sident)\u00a0;\nM. Denis BRUEL, secr\u00e9taire g\u00e9n\u00e9ral de la pr\u00e9fecture de la C\u00f4te-d'Or\u00a0;\nMembres suppl\u00e9ants  \u00a0  :  \nMme Magalie MALERBA, secr\u00e9taire g\u00e9n\u00e9rale adjointe de la pr\u00e9fecture de la C\u00f4te-d'Or\u00a0;\nMme Nathalie BERGET, directrice du secr\u00e9tariat g\u00e9n\u00e9ral commun d\u00e9partemental de la \nC\u00f4te-d'Or.\n1 sur 2\nPr\u00e9fecture de la C\u00f4te-d'Or - 21-2025-07-01-00019 - Arr\u00eat\u00e9 n\u00b0926 portant d\u00e9signation des repr\u00e9sentants de l'administration et du\npersonnel au sein de la commission administrative paritaire des attach\u00e9s d'administration de la r\u00e9gion Bourgogne-Franche-Comt\u00e9. 80\nArticle 2\u00a0: Sont d\u00e9sign\u00e9s en tant que repr\u00e9sentants du personnel au sein de la commission \nadministrative paritaire r\u00e9gionale comp\u00e9tente \u00e0 l'\u00e9gard des attach\u00e9s d'administration\u00a0:\nTITULAIRES SUPPL\u00c9ANTS\nAttach\u00e9 d'administration\n  M. Didier GAUJOUR (CFDT) Mme Fr\u00e9d\u00e9rique JOLY (CFDT)\n M. S\u00e9bastien GAUTHEY (FO) Mme V\u00e9ronique DENIS (FO)\nArticle 3 : M. le secr\u00e9taire g\u00e9n\u00e9ral de la pr\u00e9fecture de la C\u00f4te-d'Or, chef-lieu de la r\u00e9gion \nBourgogne-Franche-Comt\u00e9, est charg\u00e9 de l'ex\u00e9cution du pr\u00e9sent arr\u00eat\u00e9.\n   Fait \u00e0 Dijon, le 1er juillet 2025,\nLe Pr\u00e9fet de la r\u00e9gion Bourgogne-Franche-Comt\u00e9,\n     Pr\u00e9fet de la C\u00f4te-d'Or,\nOriginal sign\u00e9 par Paul MOURIER\nConform\u00e9ment aux dispositions de l'article R.421-1 et suivants du code de justice administrative, cet arr\u00eat\u00e9 peut faire \nl'objet d'un recours contentieux devant le tribunal administratif, dans le d\u00e9lai de deux mois courant \u00e0 compter de sa \nnotification. La juridiction administrative comp\u00e9tente peut \u00eatre saisie par l'application informatique \"T\u00e9l\u00e9recours citoyens\" \naccessible par le site internet www.telerecours.fr.\n2 sur 2\nPr\u00e9fecture de la C\u00f4te-d'Or - 21-2025-07-01-00019 - Arr\u00eat\u00e9 n\u00b0926 portant d\u00e9signation des repr\u00e9sentants de l'administration et du\npersonnel au sein de la commission administrative paritaire des attach\u00e9s d'administration de la r\u00e9gion Bourgogne-Franche-Comt\u00e9. 81\nPr\u00e9fecture de la C\u00f4te-d'Or\nSGCD de C\u00f4te-d'Or\n21-2025-07-01-00017\nArr\u00eat\u00e9 pr\u00e9fectoral n\u00b0924 portant d\u00e9signation des\nrepr\u00e9sentants de l'administration et du\npersonnel au sein de la commission\nadministrative paritaire des adjoints\nadministratifs de la r\u00e9gion\nBourgogne-Franche-Comt\u00e9.\nPr\u00e9fecture de la C\u00f4te-d'Or - 21-2025-07-01-00017 - Arr\u00eat\u00e9 pr\u00e9fectoral n\u00b0924 portant d\u00e9signation des repr\u00e9sentants de l'administration\net du personnel au sein de la commission administrative paritaire des adjoints administratifs de la r\u00e9gion Bourgogne-Franche-Comt\u00e9. 82\nExPREFETDE LACOTE-D'ORLibert\u00e9Egalit\u00e9Fraternit\u00e9\nSecr\u00e9tariat G\u00e9n\u00e9ral Commun\nD\u00e9partement de la C\u00f4te-d'Or\nArr\u00eat\u00e9 pr\u00e9fectoral N\u00b0924 du 1er juillet 2025\nAbrogeant et rempla\u00e7ant l'arr\u00eat\u00e9 n\u00b0 1190 du 19 juillet 2024 portant d\u00e9signation des \nrepr\u00e9sentants de l'administration et du personnel\nau sein de la commission administrative paritaire des adjoints administratifs\nde la r\u00e9gion Bourgogne-Franche-Comt\u00e9\nLe pr\u00e9fet de la r\u00e9gion Bourgogne-Franche-Comt\u00e9, pr\u00e9fet de la C\u00f4te-d'Or\nVU le code g\u00e9n\u00e9ral de la fonction publique\u00a0;\nVU l'arr\u00eat\u00e9 minist\u00e9riel du 3 juin 2022 relatif aux commissions administratives paritaires \ncomp\u00e9tentes \u00e0 l'\u00e9gard de certains corps de fonctionnaires du minist\u00e8re de l'int\u00e9rieur;\nVU le proc\u00e8s-verbal de r\u00e9sultat des \u00e9lections professionnelles du 8 d\u00e9cembre 2022\u00a0;\nSUR la proposition du secr\u00e9taire g\u00e9n\u00e9ral de la pr\u00e9fecture de la C\u00f4te-d'Or, chef-lieu de r\u00e9gion;\nARRETE\nArticle  1er\u00a0:  Sont  d\u00e9sign\u00e9s  en  qualit\u00e9  de  repr\u00e9sentants  de  l'administration au  sein  de  la \ncommission administrative paritaire r\u00e9gionale comp\u00e9tente \u00e0 l'\u00e9gard du corps des adjoints  \nadministratifs :\nMembres titulaires:\nM. Paul MOURIER, pr\u00e9fet de la r\u00e9gion Bourgogne Franche-Comt\u00e9, pr\u00e9fet de la C\u00f4te-d'Or \n(Pr\u00e9sident)\u00a0;\nM. Denis BRUEL, secr\u00e9taire g\u00e9n\u00e9ral de la pr\u00e9fecture de la C\u00f4te-d'Or\u00a0;\n1 sur 2\nPr\u00e9fecture de la C\u00f4te-d'Or - 21-2025-07-01-00017 - Arr\u00eat\u00e9 pr\u00e9fectoral n\u00b0924 portant d\u00e9signation des repr\u00e9sentants de l'administration\net du personnel au sein de la commission administrative paritaire des adjoints administratifs de la r\u00e9gion Bourgogne-Franche-Comt\u00e9. 83\nMembres suppl\u00e9ants  \u00a0  :  \nMme Magalie MALERBA, secr\u00e9taire g\u00e9n\u00e9rale adjointe de la pr\u00e9fecture de la C\u00f4te-d'Or\u00a0;\nMme Nathalie BERGET, directrice du secr\u00e9tariat g\u00e9n\u00e9ral commun d\u00e9partemental de la \nC\u00f4te-d'Or.\nArticle 2 \u00a0:  Sont d\u00e9sign\u00e9s en tant que  repr\u00e9sentants du personnel  au sein de la commission  \nadministrative paritaire r\u00e9gionale comp\u00e9tente \u00e0 l'\u00e9gard des adjoints administratifs\u00a0:\nTITULAIRES SUPPL\u00c9ANTS\nAdjoint administratif\nMme V\u00e9ronique PARISOT (FO) M. Olivier SOUPRAYEN (FO)\nMme Sandrine LOISY (SAPACMI) M. Daniel BOUCHON (SAPACMI)\nArticle 3:  M. le secr\u00e9taire g\u00e9n\u00e9ral de la pr\u00e9fecture de la C\u00f4te-d'Or, chef-lieu de la r\u00e9gion  \nBourgogne-Franche-Comt\u00e9 est charg\u00e9 de l'ex\u00e9cution du pr\u00e9sent arr\u00eat\u00e9.\n                                                                        Fait \u00e0 Dijon, le 1er juillet 2025\nLe Pr\u00e9fet de la r\u00e9gion Bourgogne-Franche-Comt\u00e9,\n     Pr\u00e9fet de la C\u00f4te-d'Or,\nOriginal sign\u00e9 par Paul MOURIER\n2 sur 2\nPr\u00e9fecture de la C\u00f4te-d'Or - 21-2025-07-01-00017 - Arr\u00eat\u00e9 pr\u00e9fectoral n\u00b0924 portant d\u00e9signation des repr\u00e9sentants de l'administration\net du personnel au sein de la commission administrative paritaire des adjoints administratifs de la r\u00e9gion Bourgogne-Franche-Comt\u00e9. 84\nSDIS de C\u00f4te-d'Or\n21-2025-08-01-00002\n2025_Liste d'aptitude unit\u00e9 sp\u00e9cialis\u00e9e risque\nchimique_modificatif 3\nSDIS de C\u00f4te-d'Or - 21-2025-08-01-00002 - 2025_Liste d'aptitude unit\u00e9 sp\u00e9cialis\u00e9e risque chimique_modificatif 3 85\nE.PREFETC\u00d4TE- SISCOTE-D'OR y |Libert\u00e9\u00c9galz'te' 22 D Boulevard Winston ChurchillFraternit\u00e9 CS 16209 - 21 062 DIJON Cedex\nAffaire suivie par : sous-direction optimisation du potentiel op\u00e9rationnelSDIS 21 / service \u00e9quipes sp\u00e9cialis\u00e9esT\u00e9l : 03 80 11 27 87M\u00e9l : formation@sdis21.orgArr\u00eat\u00e9Portant sur la liste d'aptitude op\u00e9rationnelleUnit\u00e9 de lutte face aux risques chimiquesAnn\u00e9e 2025 - modificatif n\u00b0 3Le pr\u00e9fet de la C\u00f4te-d'OrVu le code g\u00e9n\u00e9ral des collectivit\u00e9s territoriales et particuli\u00e8rement l'article R 1424-54 ;Vu l'arr\u00eat\u00e9 du 6 mai 2000 modifi\u00e9 fixant les conditions d'aptitudes m\u00e9dicales des sapeurs-pompiers professionnels etvolontaires ;Vu l'arr\u00eat\u00e9 du 22 ao\u00fbt 2019 relatif aux formations des sapeurs-pompiers professionnels et volontaires ;Vu l'arr\u00eat\u00e9 du 15 juillet 2022 relatif \u00e0 la d\u00e9signation et aux missions des r\u00e9f\u00e9rents de sp\u00e9cialit\u00e9s mentionn\u00e9s \u00e0 l'articleR. 722-1 du code de la s\u00e9curit\u00e9 int\u00e9rieure ;Vu l'arr\u00eat\u00e9 pr\u00e9fectoral du 18 septembre 2020 fixant la liste des unit\u00e9s op\u00e9rationnelles sp\u00e9cialis\u00e9es ;Vu le r\u00e8glement op\u00e9rationnel du service d\u00e9partemental d'incendie et de secours de la C\u00f4te-d'Or en date du 06 octobre2021 ;Vu le SDACR approuv\u00e9 par arr\u00eat\u00e9 pr\u00e9fectoral n\u00b0 1808 du 22 d\u00e9cembre 2023 ;Vu le guide national de r\u00e9f\u00e9rence relatif aux risques chimiques ;Vu la participation des agents d\u00e9sign\u00e9s aux activit\u00e9s de formation de maintien et de perfectionnement des acquis ;Vu le nombre de conseiller technique risques chimiques (3), de conseiller technique risques biologiques (1), de chefs deCMIC (14), de chefs d'\u00e9quipe/\u00e9quipiers intervention RCH (67), de chefs d'\u00e9quipe/\u00e9quipiers reconnaissance RCH (38) ;Sur proposition de monsieur le directeur d\u00e9partemental des services d'incendie et de secours ;ARR\u00caTEArticle 1 : La liste annuelle d\u00e9partementale d'aptitude op\u00e9rationnelle des sapeurs-pompiers de l'unit\u00e9 \u00ab lutteface aux risques chimiques\u00bb du d\u00e9partement de la C\u00f4te-d'Or s'\u00e9tablit comme suit :Nom Pr\u00e9nom Emploi op\u00e9rationnel Formation ||BOLTZ Bruno * Conseiller technique risques | RCH 4chimiquesCHATILLON-OUVRARD Larry sansalenEnuA As Ques RCH4 || chimiques |LEPOUTERE Bertrand Conseillerte_echnique risques | RCH 4chimiquesCHAUSSADE Thomas Conseiller_ technique risques /biologiques\\ BARGEOT Cyril ' Chef de CMIC RCH 3BIDAU Cyril Chef de CMIC RCH 3 ]DENYS H\u00e9l\u00e8ne , | Chef de CMIC RCH 3 )DESCHAMPS Olivier Chef de CMIC RCH 3DOMBEK Christophe Chef de CMIC RCH 3\nSDIS de C\u00f4te-d'Or - 21-2025-08-01-00002 - 2025_Liste d'aptitude unit\u00e9 sp\u00e9cialis\u00e9e risque chimique_modificatif 3 86\nNom Pr\u00e9nomEmploi op\u00e9rationnel \u2014 FormationDUVERNOIS ArnaudChef de CMIC RCH 3KRAWCZYK Nicolas Chef de CMIC RCH 3PREIONI Christian Chefde CMIC - \\ RCH3RENAUD Sandrine Chef de CMIC RCH 3ROUCHE St\u00e9phane Chef de CMIC RCH 3SAUSSERET Jean-Michel Chef de CMIC RCH 3SENOT Alexandre Chef de CMIC RCH 3THEUREL J\u00e9r\u00f4me Chef de CMIC RCH 3VERREY Cyril Chef de CMIC RCH 3ANGUENOT Lucas Chef d'\u00e9quipe intervention RCH RCH 2ASDRUBAL M\u00e9lanie Chef d'\u00e9quipe intervention RCH RCH 2BALLAIS Sylvain Chef d'\u00e9quipe intervention RCH RCH 2BELDJOUDI J\u00e9r\u00f4me Chef d'\u00e9quipe intervention RCH RCH 2BENIER C\u00e9dric Chef d'\u00e9quipe intervention RCH RCH 2BERNASCONI Reynald Chef d'\u00e9quipe intervention RCH RCH 2BOUCHE Luca Chef d'\u00e9quipe intervention RCH RCH 2BOUCHER Thomas Chef d'\u00e9quipe intervention RCH RCH 2BOURGEOIS Blandine Chef d'\u00e9quipe intervention RCH RCH 2BRIDON Fran\u00e7ois ' Chef d'\u00e9quipe intervention RCH RCH 2BRIYS Ludovic Chef d'\u00e9quipe intervention RCH RCH2; BRULEY Jean-No\u00ebl Chef d'\u00e9quipe intervention RCH RCH 2CALAFATO Alexandre Chef d'\u00e9quipe intervention RCH RCH 2CAMUS David Chef d'\u00e9quipe intervention RCH RCH 2CAVARELLI Nicolas Chef d'\u00e9quipe intervention RCH RCH 2CHABOT Benjamin Chef d'\u00e9quipe intervention RCH RCH 2CHAMPDAVEINE David Chef d'\u00e9quipe intervention RCH RCH 2CHANUT Lilian f Chef d'\u00e9quipe intervention RCH RCH 2| CHRETIEN Pierre Chef d'\u00e9quipe intervention RCH RCH 2CLET C\u00e9cile Chef d'\u00e9quipe intervention RCH RCH 2COMBES Cl\u00e9ment Chef d'\u00e9quipe intervention RCH - RCH 2DESSENDRE Romain Chef d'\u00e9quipe intervention RCH RCH 2DUMONT Quentin o Chef d'\u00e9quipe intervention RCH RCH 2DURAND Florian Chef d'\u00e9quipe interventon RCH | \u2014 \" RCH2DURAND Fr\u00e9d\u00e9ric Chef d'\u00e9quipe intervention RCH RCH 2| DURAND Maxime Chef d'\u00e9quipe intervention RCH RCH 2\" ETIENNE Christophe |  Chef d'\u00e9quipe intervention RCH RCH 2' FLECHARD Julien Chef d'\u00e9quipe intervention RCH RCH 2FOUTELET Jo\u00ebl Chef d'\u00e9quipe intervention RCH ;  RCH2GARMATUK Cyril\"_ Chef d'\u00e9quipe intervention RCH RCH2: GESTSylvain 120 Chef d'\u00e9quipe intervention RCH RCH2 _ q: GILLOT Adrien Chef d'\u00e9quipe intervention RCH RCH 2 :\" GRAND Micka\u00ebl Chef d'\u00e9quipe intervention RCH RCH2HEDIEUX Patrick Chef d'\u00e9quipe intervention RCH . RCH2 E\nSDIS de C\u00f4te-d'Or - 21-2025-08-01-00002 - 2025_Liste d'aptitude unit\u00e9 sp\u00e9cialis\u00e9e risque chimique_modificatif 3 87\nNom Pr\u00e9nomEmploi op\u00e9rationnelFormationJEANNIN S\u00e9bastien Chef d'\u00e9quipe intervention RCH RCH 2JOUVELOT Olivier Chef d'\u00e9quipe intervention RCH RCH2KARROUM Hakim Chef d'\u00e9quipe intervention RCH RCH2LAGNIER Laurent Chef d'\u00e9quipe intervention RCH RCH 2LEGROS Antoine Chef d'\u00e9quipe intervention RCH RCH 2LEGROS C\u00e9line Chef d'\u00e9quipe intervention RCH RCH 2MAGGIOTTO Laurent Chef d'\u00e9quipe intervention RCH RCH 2MARDAOUI Mouhssine Chef d'\u00e9quipe intervention RCH RCH 2MELOT Christophe Chef d'\u00e9quipe intervention RCH RCH 2MENAGE Christophe Chef d'\u00e9quipe intervention RCH RCH 2PAGEOT Anthony Chef d'\u00e9quipe intervention RCH RCH 2PICARD J\u00e9r\u00e9my Chef d'\u00e9quipe intervention RCH RCH 2PIGNET Olivier Chef d'\u00e9quipe intervention RCH RCH 2PLAISIER J\u00e9r\u00e9my Chef d'\u00e9quipe intervention RCH RCH 2POMMIER Jean-No\u00ebl Chef d'\u00e9quipe intervention RCH RCH 2PRADO Micha\u00ebl Chef d'\u00e9quipe intervention RCH RCH 2REMBERT Thomas Chef d'\u00e9quipe intervention RCH RCH 2REMOND Ga\u00e9tan Chef d'\u00e9quipe intervention RCH RCH 2RENAUD Thomas Chef d'\u00e9quipe intervention RCH RCH 2RICHARD Didier Chef d'\u00e9quipe intervention RCH RCH 2RICHARD Laurent Chef d'\u00e9quipe intervention RCH RCH 2SAAD Yassine Chef d'\u00e9quipe intervention RCH RCH 2SAGET Loic Chef d'\u00e9quipe intervention RCH RCH 2SAMORI Laurent Chef d'\u00e9quipe intervention RCH RCH 2SEURIOT Guillaume Chef d'\u00e9quipe intervention RCH RCH 2THOMAS Christophe Chef d'\u00e9quipe intervention RCH RCH 2THOMERE Alexandre Chef d'\u00e9quipe intervention RCH RCH 2TRAME Romain Chef d'\u00e9quipe intervention RCH RCH 2VADOT Thierry Chef d'\u00e9quipe intervention RCH RCH 2VANDENSKRICK Julien Chef d'\u00e9quipe intervention RCH RCH 2VAXILLAIRE Yann Chef d'\u00e9quipe intervention RCH RCH 2VOILLEQUIN Venceslas Chef d'\u00e9quipe intervention RCH RCH 2| BATAILLE Quentin Equipier intervention RCH RCH 2ANNEN Florian Chef d'\u00e9quipe reconnaissance RCH RCH 1BARDET Mathieu Chef d'\u00e9quipe reconnaissance RCH RCH 1- BERTHET-BONDET Anthony Chef d'\u00e9quipe reconnaissance RCH ... RCH 1BRUNET Morgan Chef d'\u00e9quipe reconnaissance RCH RCH 1CAO THANH Emmanuel | Chef d'\u00e9quipe reconnaissance RCH B RCH 1CHAKRI Tarik ' Chef d'\u00e9quipe reconnaissance RCH | RCH 1CHEVALIER Victor Chef d'\u00e9quipe reconnaissance RCH RCH 1| CONVERT Cyri Chef d'\u00e9quipe reconnaissance RCH ; RCH1. DAUD Jean-Baptiste Chef d'\u00e9quipe reconnaissance RCH RCH 1DENIEL Jordan . Chef d'\u00e9quipe reconnaissance RCH RCH 1\nSDIS de C\u00f4te-d'Or - 21-2025-08-01-00002 - 2025_Liste d'aptitude unit\u00e9 sp\u00e9cialis\u00e9e risque chimique_modificatif 3 88\nAP E ETE\nNom Pr\u00e9nom Emploi op\u00e9rationnel FormationDUBIEF Mathieu Chef d'\u00e9quipe reconnaissance RCH RCH 1| DUPLUS Aur\u00e9lien... | Chef d'\u00e9quipe reconnaissance RCH RCH 1FEUGERE Ma\u00ebl \u2014 | Chef d'\u00e9quipe reconnaissance RCH RCH 1FOUTELET Christian | Chef d'\u00e9quipe reconnaissance RCH | RCH 1| GEORGES Maxime Chef d'\u00e9quipe reconnaissance RCH | | RCH 1 RHANNETON Gabin 1 Chef d'\u00e9quipe reconnaissance RCH RCH 1JUPILLE Thomas e Chef d'\u00e9quipe reconnaissance RCH RCH 1LEFOL Geoffroy Chef d'\u00e9quipe reconnaissance RCH RCH 1PAINBLANC Steve | Chef d'\u00e9quipe reconnaissance RCH RCH 1PATOZ Camille | Chef d'\u00e9quipe reconnaissance RCH RCH 14-PIGNON S\u00e9bastien N fimffr;?&\u00e9'-c}uipe reconnaissance RCH RCH 1REBOUL Simon ) Chef d'\u00e9quipe reconnaissance RCH RCH 1RIGOLOT Ga\u00ebl Chef d'\u00e9quipe reconnaissance RCH | RCH1TAUBATY Vincent | Chef d'\u00e9quipe reconnaissance RCH | RCH 1 |TILLIER Arthur | Chef d'\u00e9quipe reconnaissance RCH | RCH 1 || VAILLE Olivier | Chef d'\u00e9quipe reconnaissance RCH RCH 1| BONNARD Valentin l Equipier reconnaissance RCH RCH 1BRUNOT Baptiste | Equipier reconnaissance RCH RCH 1CORDON Maxime Equipier reconnaissance RCH | RCH1CORTEVAT Carine . Equipier reconnaissance RCH RCH 1GARCIA Manuel | Equipier reconnaissance RCH ur E6Q1 1PACAUD PEREIRA Mathieu _ Equipier reconnaissance RCH _ RCH 1PLOTON\u00ceJ\u2014e\u2014s\u2014s\u00cec\u2014a_..._ Equipier reconnaissance\u2014l%a-ld i ...A\u00ceCE'I\u2014 ; 'SCHNOEBELEN Manon ' } Equipier reconnaissance RCH | RCH 1| SIESKIND Paul;l_-lugo Equipier reconnaissance RCH RCH 1THEVENET-POIFOL Benjamin Equipier reconnaissance RCH | RCH 1\\ VILLEGAS Bapt\u00c8te B Equipier reconnaissance RCH ' RCH 1WARNANT Lucien ' \u00cb Ezquu;er reconnaissance RCH | RCH 1* R\u00e9f\u00e9rent de sp\u00e9cialit\u00e9 \u00ab risques chimiques \u00bbpArticle 2 : La sous-pr\u00e9f\u00e8te, directrice de cabinet, et le directeur d\u00e9partemental des services d'incendie et desecours sont charg\u00e9s, chacun en ce qui le concerne, de I'ex\u00e9cution du pr\u00e9sent arr\u00eat\u00e9 qui sera publi\u00e9 aurecueil des actes administratifs de la pr\u00e9fecture de la C\u00f4te-d'Or.\nDijon, le O 1 AQUT 2025\nLe pr\u00e9fet,Pour le pr\u00e9fet et par d\u00e9l\u00e9gation,La sous-pr\u00e9f\u00e8te, directrice de cabinetSIGN\u00c9Aur\u00e9lie CONTRECIVILE\nSDIS de C\u00f4te-d'Or - 21-2025-08-01-00002 - 2025_Liste d'aptitude unit\u00e9 sp\u00e9cialis\u00e9e risque chimique_modificatif 3 89","date":"2025-08-27","first_seen_on":"2025-09-13T20:39:17+00:00","id":"6bcfdc1948130bdf6f21ceacec9deb9778148c203aa4aa2a9223447e71aa65a6","name":"RAA n\u00b0 113 du 27 ao\u00fbt 2025","pdf_creation_date":"2025-08-27T14:32:28+00:00","pdf_modification_date":null,"timezone":"Europe/Paris","url":"https://www.cote-dor.gouv.fr/contenu/telechargement/24084/183250/file/recueil-21-2025-113-recueil-des-actes-administratifs-special.pdf"}
