{"administration":"pref21","administration_name":"Pr\u00e9fecture de C\u00f4te-d\u2019Or","content":"PR\u00c9FET\nDE LA C\u00d4TE-D'OR\nRECUEIL DES ACTES\nADMINISTRATIFS SP\u00c9CIAL\nN\u00b021-2024-151\nPUBLI\u00c9 LE 29 OCTOBRE 2024\nSommaire\nARS Bourgogne-Franche-Comt\u00e9 / Direction de l'organisation des soins\n21-2024-10-28-00020 - D\u00e9cision n\u00b0\nARS-BFC-DOSA-2024-2013\nautorisant la soci\u00e9t\u00e9 anonyme (SA) \u00ab\nPHARMA DOM - ORKYN' \u00bb, dont le si\u00e8ge social est situ\u00e9\nImmeuble Symbiose - b\u00e2timent Nord - 10 avenue Aristide Briand \u00e0\nBAGNEUX (92 220), \u00e0 assurer la dispensation \u00e0 domicile d'oxyg\u00e8ne\n\u00e0 usage m\u00e9dical pour son site de rattachement sis 28 B rue du\nprofesseur Louis Neel \u00e0 LONGVIC (21 600)  \n (3 pages) Page 4\nPr\u00e9fecture de la C\u00f4te-d'Or / Direction de la coordination, des politiques\npubliques et de l'appui territorial\n21-2024-10-28-00022 - Arr\u00eat\u00e9 pr\u00e9fectoral n\u00b0 1667  du 28 octobre\n2024 donnant d\u00e9l\u00e9gation de signature \u00e0 Monsieur Jean-Jacques\nCOIPLET, Directeur G\u00e9n\u00e9ral de l'Agence R\u00e9gionale de Sant\u00e9 de\nBourgogne-Franche-Comt\u00e9, pour la C\u00f4te-d'Or (4 pages) Page 8\nPr\u00e9fecture de la C\u00f4te-d'Or / P\u00f4le juridique inter-services\n21-2024-10-28-00013 - \nArr\u00eat\u00e9 pr\u00e9fectoral N\u00b0  1650 / SG du 28\noctobre 2024\ndonnant d\u00e9l\u00e9gation de signature \u00e0 Mme Ghislaine\nLESEURRE, attach\u00e9e, charg\u00e9e de mission, r\u00e9f\u00e9rente fraude\nd\u00e9partementale (2 pages) Page 13\n21-2024-10-28-00010 - \nArr\u00eat\u00e9 pr\u00e9fectoral N\u00b0 1653 / SG du 28\noctobre 2024        \ndonnant d\u00e9l\u00e9gation de signature \u00e0 M. Philippe\nGOUTORBE, directeur de la coordination des politiques publiques et de\nl'appui territorial (4 pages) Page 16\n21-2024-10-28-00014 - AP N\u00b0 1651 du 28 octobre 2024  - bureau de la\nrepr\u00e9sentation de l'Etat-M (2 pages) Page 21\n21-2024-10-28-00018 - Arr\u00eat\u00e9 n\u00b0 1657 /SG du 28 octobre\n2024\n\nportant d\u00e9l\u00e9gation de signature \u00e0 Madame Armelle LEON,\ndirectrice  d\u00e9partementale de l'emploi, du travail et des solidarit\u00e9s\nde la C\u00f4te d'Or (5 pages) Page 24\n21-2024-10-28-00004 - Arr\u00eat\u00e9 pr\u00e9fectoral n\u00b0  1642 / SG du 28 octobre\n2024\ndonnant d\u00e9l\u00e9gation de signature \u00e0 Madame Amelle GHAYOU,\nsecr\u00e9taire g\u00e9n\u00e9rale par int\u00e9rim  de la pr\u00e9fecture de la\nC\u00f4te-d'Or (3 pages) Page 30\n21-2024-10-28-00006 - Arr\u00eat\u00e9 pr\u00e9fectoral n\u00b0  1643 / SG du 28 octobre\n2024 donnant d\u00e9l\u00e9gation de signature \u00e0 Monsieur Beno\u00eet BYRSKI,\nsous-pr\u00e9fet de Beaune (7 pages) Page 34\n21-2024-10-28-00007 - Arr\u00eat\u00e9 pr\u00e9fectoral n\u00b0  1644 / SG du 28 octobre\n2024 donnant d\u00e9l\u00e9gation de signature \u00e0 Monsieur S\u00e9bastien\nLANOYE,\nsous-pr\u00e9fet de Montbard (7 pages) Page 42\n2\n21-2024-10-28-00012 - Arr\u00eat\u00e9 pr\u00e9fectoral n\u00b0  1646 / SG du 28 octobre\n2024 \ndonnant d\u00e9l\u00e9gation de signature \u00e0 Madame Nathalie\nAUBERTIN, directrice des s\u00e9curit\u00e9s de la pr\u00e9fecture de la C\u00f4te-d'Or\n(6 pages) Page 50\n21-2024-10-28-00003 - Arr\u00eat\u00e9 pr\u00e9fectoral n\u00b0  1649 / SG du 28 octobre\n2024 donnant d\u00e9l\u00e9gation de signature \u00e0 l'occasion des\npermanences de week-ends, de jours f\u00e9ri\u00e9s ou de jours ch\u00f4m\u00e9s (2\npages) Page 57\n21-2024-10-28-00011 - Arr\u00eat\u00e9 pr\u00e9fectoral n\u00b0  1654 / SG du 28 octobre\n2024\ndonnant d\u00e9l\u00e9gation de signature \u00e0 Monsieur S\u00e9bastien\nGAUTHEY, attach\u00e9 hors classe,\n directeur de l'immigration et de la\nnationalit\u00e9 (DIN) (8 pages) Page 60\n21-2024-10-28-00015 - Arr\u00eat\u00e9 pr\u00e9fectoral n\u00b0  1656 / SG du 28 octobre\n2024               \ndonnant d\u00e9l\u00e9gation de signature pour l'utilisation\n\nd'une carte d'achat nominative (4 pages) Page 69\n21-2024-10-28-00019 - Arr\u00eat\u00e9 pr\u00e9fectoral n\u00b0  1659 / SG du 28 octobre\n2024  \ndonnant d\u00e9l\u00e9gation de signature \u00e0 Madame Florence\nLAUBIER,\ndirectrice d\u00e9partementale des territoires de la C\u00f4te-d'Or\n(21 pages) Page 74\n21-2024-10-28-00005 - Arr\u00eat\u00e9 pr\u00e9fectoral n\u00b0 1645 / SG du 28 octobre\n2024 donnant d\u00e9l\u00e9gation de signature \u00e0 Monsieur Olivier GERSTL\u00c9,\nsous-pr\u00e9fet,\ndirecteur de cabinet du pr\u00e9fet de la r\u00e9gion\nBourgogne-Franche-Comt\u00e9,\npr\u00e9fet de la C\u00f4te-d'Or\n (3 pages) Page 96\n21-2024-10-28-00008 - Arr\u00eat\u00e9 pr\u00e9fectoral N\u00b0 1648 / SG du  28\noctobre 2024   \ndonnant d\u00e9l\u00e9gation de signature \u00e0 Madame\nNathalie BERGET, directrice \ndu Secr\u00e9tariat G\u00e9n\u00e9ral Commun\nD\u00e9partemental de la C\u00f4te-d'Or (5 pages) Page 100\n21-2024-10-28-00009 - Arr\u00eat\u00e9 pr\u00e9fectoral n\u00b0 1652 /SG du 28 octobre\n2024    \ndonnant d\u00e9l\u00e9gation de signature \u00e0 Monsieur Jean-Luc\nMILANI, conseiller d'administration de l'int\u00e9rieur et de\nl'outre-mer, Directeur des collectivit\u00e9s locales et des \u00e9lections\n(DCLE) (7 pages) Page 106\n21-2024-10-28-00016 - Arr\u00eat\u00e9 pr\u00e9fectoral N\u00b0 1655 / SG du 28 octobre\n2024 donnant  d\u00e9l\u00e9gation de signature en mati\u00e8re de gestion des\nbudgets op\u00e9rationnels\n104-111-112-113-119-122-124-129-135-137-147-148-161-163-172-181-206-207-209-215-216-217-218-219-232-303-348-349-354-357-362-363-364-380-723-754-780-833\ndes fonds europ\u00e9ens et des recettes non fiscales (34 pages) Page 114\n21-2024-10-28-00017 - Arr\u00eat\u00e9 pr\u00e9fectoral n\u00b0 1658  / SG du 28 octobre\n2024 \n donnant d\u00e9l\u00e9gation de signature \u00e0  Monsieur Didier ROOSE,\ndirecteur d\u00e9partemental de la protection des populations de la\nC\u00f4te-d'Or (4 pages) Page 149\n3\nARS Bourgogne-Franche-Comt\u00e9\nDirection de l'organisation des soins\n21-2024-10-28-00020\nD\u00e9cision n\u00b0 ARS-BFC-DOSA-2024-2013\nautorisant la soci\u00e9t\u00e9 anonyme (SA) \u00ab PHARMA\nDOM - ORKYN' \u00bb, dont le si\u00e8ge social est situ\u00e9\nImmeuble Symbiose - b\u00e2timent Nord - 10 avenue\nAristide Briand \u00e0 BAGNEUX (92 220), \u00e0 assurer la\ndispensation \u00e0 domicile d'oxyg\u00e8ne \u00e0 usage\nm\u00e9dical pour son site de rattachement sis 28 B\nrue du professeur Louis Neel \u00e0 LONGVIC (21 600)\n \nARS Bourgogne-Franche-Comt\u00e9 - 21-2024-10-28-00020 - D\u00e9cision n\u00b0 ARS-BFC-DOSA-2024-2013\nautorisant la soci\u00e9t\u00e9 anonyme (SA) \u00ab PHARMA DOM - ORKYN' \u00bb, dont le si\u00e8ge social est situ\u00e9 Immeuble Symbiose - b\u00e2timent Nord - 10\navenue Aristide Briand \u00e0 BAGNEUX (92 220), \u00e0 assurer la dispensation \u00e0 domicile d'oxyg\u00e8ne \u00e0 usage m\u00e9dical pour son site de\nrattachement sis 28 B rue du professeur Louis Neel \u00e0 LONGVIC (21 600)  \n4\n=REPUBLIQUEFRANCAISELibert\u00e9Egalit\u00e9Fraternit\u00e9\nA@ D Agence R\u00e9gionale de Sant\u00e9Bourgogne-Franche-Comt\u00e9\n  \n \nARS Bourgogne-Franche-Comt\u00e9 \nLe Diapason, 2 Place des Savoirs, CS 73535, 21035 Dijon cedex \nT\u00e9l. : 0808 807 107 - Site : www.ars.bourgogne-franche-comte.sante.fr \n \n \nD\u00e9cision n\u00b0 ARS-BFC-DOSA-2024-2013 \nautorisant la soci\u00e9t\u00e9 anonyme (SA) \u00ab PHARMA  DOM \u2013 ORKYN' \u00bb , dont le si\u00e8ge social est situ\u00e9 Immeuble \nSymbiose \u2013 b\u00e2timent Nord \u2013 10 avenue Aristide Briand \u00e0 BAGNEUX (92  220), \u00e0 assurer la dispensation \u00e0 \ndomicile d'oxyg\u00e8ne \u00e0 usage m\u00e9dical pour son site de rattachement sis 28 B rue du professeur Louis Neel \u00e0 \nLONGVIC (21 600)   \nLe directeur g\u00e9n\u00e9ral de l'agence  \nr\u00e9gionale de sant\u00e9 de Bourgogne-Franche-Comt\u00e9 \n \nVU le code de la sant\u00e9 publique, notamment les articles L. 4211-5, L. 5232-3, D. 5232-2 \u00e0 D. 5232-12, R. 4211-15 ; \n  \nVU l'arr\u00eat\u00e9 minist\u00e9riel du 16 juillet 2015 relatifs aux bonnes pratiques de dispensation \u00e0 domicile de l'oxyg\u00e8ne \u00e0 usage \nm\u00e9dical ; \n \nVU la d\u00e9cision ARS BFC/SG/2024-063 portant d\u00e9l\u00e9gation de signature du directeur g\u00e9n\u00e9ral de l'agence r\u00e9gionale de \nsant\u00e9 de Bourgogne-Franche-Comt\u00e9 en date du 15 octobre 2024 ; \n \nVU  la demande pr\u00e9sent\u00e9e le 1er juillet 2024  par M adame Fabienne CHATEL , directrice g\u00e9n\u00e9rale de l a soci\u00e9t\u00e9 \nanonyme (SA) \u00ab PHARMA DOM ORKYN' \u00bb, dont le si\u00e8ge social est situ\u00e9 Immeuble Symbiose \u2013 b\u00e2timent Nord \u2013 10 \navenue Aristide Briand \u00e0 BAGNEUX (92 220), en vue d'obtenir l'autorisation d'ajouter trois sites de stockage annexes, \nsitu\u00e9s \u00e0 SAINT -MARCEL (71 380), BESANCON (25  000) et MONETEAU (89  470), \u00e0 son site de rattachement de \ndispensation \u00e0 domicile de l'oxyg\u00e8ne \u00e0 usage m\u00e9dical sis 28 B rue du professeur Louis Neel \u00e0 LONGVIC (21 600), et \nde supprimer du m\u00eame site de rattachement le site de stockage annexe sis 1660 all\u00e9e Henri Hugoniot \u00e0 BROGNARD \n(25 600), en raison du rattachement de celui-ci \u00e0 son site d'ILLKIRCH-GRAFFENSTADEN (67 400) ; \n \nVU le dossier accompagnant la demande pr\u00e9cit\u00e9e, d\u00e9clar\u00e9 complet \u00e0 la date du  04 juillet 2024 ; \n \nVU l'avis du conseil central de la Section D de l'Ordre national des pharmaciens, en date du 21 octobre 2024 ; \n \nConsid\u00e9rant que, conform\u00e9ment \u00e0 l'arr\u00eat\u00e9 minist\u00e9riel du 16 juillet 2015 susvis\u00e9, un site de rattachement peut disposer \nau maximum de trois sites de stockage annexes, lesquels doivent \u00eatre implant\u00e9s sur l'aire g\u00e9ographique desservie et \nne desservir que celle-ci ; \n \nConsid\u00e9rant que, pour le site de stockage annexe de BROGNARD (25  600) \u00e0 rattacher au site de rattachement  \nd'ILLKIRCH-GRAFFENSTADEN (67 400), dans la r\u00e9gion Grand Est, par un \u00e9change en date du 21 octobre 2024, la \npersonne gestionnaire administrative et juridique \u00e0 l'agence r\u00e9gionale de sant\u00e9 du Grand Est en charge de ce dossier \na confirm\u00e9 en avoir \u00e9t\u00e9 destinataire seulement le 02 octobre 2024 ;  \n \nConsid\u00e9rant ainsi que la date de d\u00e9part du d\u00e9lai d'instruction de quatre mois de cette demande emp\u00eache l'ARS Grand \nEst de statuer d'ici au 02 novembre 2024, date \u00e0 laquelle l' ARS de Bourgogne-Franche-Comt\u00e9 doit avoir rendue sa \nd\u00e9cision concernant le site de rattachement de la SA PHARMA DOM ORKYN' de LONGVIC  ; \n \nConsid\u00e9rant que, du fait de  l'absence de suppression du site de stockage annexe de BROGNARD  \u00e0 la date de \nsignature de la pr\u00e9sente d\u00e9cision, le site de rattachement de LONGVIC se verrait donc dot\u00e9 de quatre sites de stockage \nannexes, ce qui est contraire aux bonnes pratiques de dispensation \u00e0 domicile de l'oxyg\u00e8ne \u00e0 usage m\u00e9dical ; \n \nConsid\u00e9rant que par courrier \u00e9lectronique, en date du 21 octobre 2024, Madame Marie-Christine ANCEL, pharmacien \nresponsable du site de LONGVIC (21 600) pour le compte de la SA \u00ab PHARMA DOM ORKYN' \u00bb, a d\u00e9clar\u00e9 annuler la \ndemande de rattachement audit site, en tant que sites de stockage annexes, des sites de BESANCON et MONETEAU \nen raison du caract\u00e8re inachev\u00e9 de leurs travaux d'am\u00e9nagement , tout en maintenant le rattachement du site  de \nstockage annexe de SAINT-MARCEL ; \n \nConsid\u00e9rant qu'ainsi la demande initiale ne concerne plus que 2 sites  de stockage annexes, soit BROGNARD et \nSAINT-MARCEL, et qu'en cela une suite favorable peut lui \u00eatre donn\u00e9e ; \n  \nConsid\u00e9rant de plus que Madame Marie-Christine ANCEL a confirm\u00e9, au sein du dossier joint \u00e0 la demande du 1 er \njuillet 2024 susvis\u00e9,  que l'aire g\u00e9ographique du site  de LONGVIC n'est pas modifi\u00e9e par l'ajout du nou veau site de \nstockage annexe de SAINT-MARCEL, l'ensemble des d\u00e9partements desservis demeurant dans une limite de 3 heures \nde route, dans des conditions usuelles de circulation. \nARS Bourgogne-Franche-Comt\u00e9 - 21-2024-10-28-00020 - D\u00e9cision n\u00b0 ARS-BFC-DOSA-2024-2013\nautorisant la soci\u00e9t\u00e9 anonyme (SA) \u00ab PHARMA DOM - ORKYN' \u00bb, dont le si\u00e8ge social est situ\u00e9 Immeuble Symbiose - b\u00e2timent Nord - 10\navenue Aristide Briand \u00e0 BAGNEUX (92 220), \u00e0 assurer la dispensation \u00e0 domicile d'oxyg\u00e8ne \u00e0 usage m\u00e9dical pour son site de\nrattachement sis 28 B rue du professeur Louis Neel \u00e0 LONGVIC (21 600)  \n5\n \nARS Bourgogne-Franche-Comt\u00e9 \nLe Diapason, 2 Place des Savoirs, CS 73535, 21035 Dijon cedex \nT\u00e9l. : 0808 807 107 - Site : www.ars.bourgogne-franche-comte.sante.fr \n \nDECIDE  \n \nArticle 1 : La soci\u00e9t\u00e9 anonyme \u00ab  PHARMADOM \u2013 ORKYN' \u00bb, sise Immeuble Symbiose \u2013 b\u00e2timent Nord \u2013 10 \navenue Aristide Briand \u00e0 BAGNEUX (92 220) , n\u00b0 FINESS EJ 92  004 065 6, est autoris\u00e9e, pour son site de \nrattachement situ\u00e9 28 B rue du professeur Louis Neel \u00e0 LONGVIC (21  600), n\u00b0 FINESS ET 21  001 281 1,  \u00e0 \ndispenser \u00e0 domicile de l'oxyg\u00e8ne \u00e0 usage m\u00e9dical dans l'aire g\u00e9ographique selon les modalit\u00e9s d\u00e9clar\u00e9es dans \nsa demande, \u00e0 savoir : \n \n- C\u00f4te d'Or (21)   -    Doubs (25)  -    Jura (39)   -     Haute-Marne (52) \n- Ni\u00e8vre (58)  -    Haute-Sa\u00f4ne (70) -    Sa\u00f4ne-et-Loire (71)  -     Yonne (89)  \n- Territoire de Belfort (90) \n \nCe site de rattachement comporte deux sites de stockage annexe situ\u00e9s : \n- 1660 all\u00e9e Henri Hugoniot \u00e0 BROGNARD (25 600) ; \n- Rue Joseph Cugnot \u00e0 SAINT-MARCEL (71 380). \n \nArticle 2 : La d\u00e9cision du directeur g\u00e9n\u00e9ral de l'agence r\u00e9gionale de sant\u00e9 de Bourgogne-Franche-Comt\u00e9 n\u00b0 \nDOS/ASPU/150/2017, en date du 04 ao\u00fbt 2017, portant autorisation de la soci\u00e9t\u00e9 anonyme (SA) \u00ab PHARMADOM \n\u2013 ORKYN' \u00bb \u00e0 assurer la dispensation \u00e0 domicile d'oxyg\u00e8ne \u00e0 usage m\u00e9dical pour son site de rattachement sis \n28 B rue du professeur Louis Neel \u00e0 LONGVIC (21 600), est abrog\u00e9e. \n \nArticle 3  : La d\u00e9cision du directeur g\u00e9n\u00e9ral de l'agence r\u00e9gionale de sant\u00e9 de Bourgogne -Franche-Comt\u00e9 n\u00b0 \nDOS/ASPU/008/2018, en date du 17 janvier 2018, portant rectification de la d\u00e9cision du directeur g\u00e9n\u00e9ral de \nl'agence r\u00e9gionale de sant\u00e9 de Bourgogne \u2013 Franche-Comt\u00e9 n\u00b0 DOS/ASPU/150/2017, en date du 04 ao\u00fbt 2017, \nportant autorisation de la soci\u00e9t\u00e9 anonyme (SA) \u00ab PHARMA DOM \u2013 ORKYN' \u00bb \u00e0 assurer la dispensation \u00e0 domicile \nd'oxyg\u00e8ne \u00e0 usage m\u00e9dical pour son site de rattachement sis 28 B rue du professeur Lo uis Neel \u00e0 LONGVIC (21 \n600), est abrog\u00e9e. \n \nArticle 4  : La d\u00e9cision du directeur g\u00e9n\u00e9ral de l'agence r\u00e9gionale de sant\u00e9 de Bourgogne -Franche-Comt\u00e9 n\u00b0 \nDOS/ASPU/136/2021, en date du 11 ao\u00fbt 2021, portant modification de la d\u00e9cision du directeur g\u00e9n\u00e9ral de \nl'agence r\u00e9gionale de sant\u00e9 de Bourgogne \u2013 Franche-Comt\u00e9 n\u00b0 DOS/ASPU/150/2017, en date du 04 ao\u00fbt 2017, \nportant autorisation de la soci\u00e9t\u00e9 anonyme (SA) \u00ab PHARMADOM \u2013 ORKYN' \u00bb \u00e0 assurer la dispensation \u00e0 domicile \nd'oxyg\u00e8ne \u00e0 usage m\u00e9dical pour son site de rattachement sis 28 B rue du professeur Louis Neel \u00e0 LONGVIC (21 \n600), est abrog\u00e9e. \n \nArticle 5 : La d\u00e9cision du directeur g\u00e9n\u00e9ral de l'agence r\u00e9gionale de sant\u00e9 de Bourgogne-Franche-Comt\u00e9 n\u00b0 ARS-\nBFC-DOS-2023-0531, en date du 24 mai 2023, autorisant la soci\u00e9t\u00e9 anonyme \u00ab PHARMA DOM \u00bb, dont le si\u00e8ge \nsocial est situ\u00e9 10 avenue Aristide Briand \u00e0 BAGNEUX (92 220), \u00e0 dispenser \u00e0 domicile de l'oxyg\u00e8ne \u00e0 usage \nm\u00e9dical pour le site de rattachement sis parc d'activit\u00e9 des bords de Sa\u00f4ne \u2013 rue Joseph Cugnot \u00e0 SAINT -\nMARCEL (71 380), sous le nom d'enseigne \u00ab ORKYN' \u00bb, est abrog\u00e9e.     \n \nArticle 6 : Toute modification substantielle concernant l'agencement des locaux o\u00f9 se d\u00e9roule l'activit\u00e9 li\u00e9e \u00e0 la \ndispensation de l'oxyg\u00e8ne \u00e0 usage m\u00e9dical sur un site de rattachement, ou l'installation d'un site de stockage \nannexe, est soumise \u00e0 autorisation pr\u00e9alable. Toute autre modification doit faire l'objet d'une d\u00e9claration pr\u00e9alable \nau directeur g\u00e9n\u00e9ral de l'agence r\u00e9gionale de sant\u00e9 de Bourgogne-Franche-Comt\u00e9. \n \nArticle 7 : Les activit\u00e9s de ce site doivent \u00eatre r\u00e9alis\u00e9es en conformit\u00e9 avec les dispositions de l'arr\u00eat\u00e9 du 16 juillet \n2015 relatif aux bonnes pratiques de dispensation \u00e0 domicile de l'oxyg\u00e8ne \u00e0 usage m\u00e9dical.  \n \nArticle 8 : Toute infraction aux dispositions de l'arr\u00eat\u00e9 du 16 juillet 2015 pourra entra\u00eener la suspension ou la \nsuppression de la pr\u00e9sente autorisation. \n \nArticle 9 : La pr\u00e9sente d\u00e9cision peut faire l'objet d'un recours gracieux aupr\u00e8s du directeur g\u00e9n\u00e9ral de l'agence \nr\u00e9gionale de sant\u00e9 de Bourgogne-Franche-Comt\u00e9, d'un recours hi\u00e9rarchique aupr\u00e8s du ministre de la Sant\u00e9 et/ou \nd'un recours contentieux aupr\u00e8s du tribuna l administratif comp\u00e9tent dans un d\u00e9lai de deux mois \u00e0 compter de sa \nnotification au demandeur. A l'\u00e9gard des tiers, ce d\u00e9lai court \u00e0 compter de la publication aux recueils des actes \nadministratifs de la pr\u00e9f ecture de la r\u00e9gion Bourgogne -Franche-Comt\u00e9 et de la pr \u00e9fecture du d\u00e9partement de la \nC\u00f4te d'Or . Le tribunal administratif peut \u00eatre saisi par l'application T\u00e9l\u00e9recours citoyens accessible par le site \nwww.telerecours.fr.  \n \nARS Bourgogne-Franche-Comt\u00e9 - 21-2024-10-28-00020 - D\u00e9cision n\u00b0 ARS-BFC-DOSA-2024-2013\nautorisant la soci\u00e9t\u00e9 anonyme (SA) \u00ab PHARMA DOM - ORKYN' \u00bb, dont le si\u00e8ge social est situ\u00e9 Immeuble Symbiose - b\u00e2timent Nord - 10\navenue Aristide Briand \u00e0 BAGNEUX (92 220), \u00e0 assurer la dispensation \u00e0 domicile d'oxyg\u00e8ne \u00e0 usage m\u00e9dical pour son site de\nrattachement sis 28 B rue du professeur Louis Neel \u00e0 LONGVIC (21 600)  \n6\ns'\\g\"\u00eb\n \nARS Bourgogne-Franche-Comt\u00e9 \nLe Diapason, 2 Place des Savoirs, CS 73535, 21035 Dijon cedex \nT\u00e9l. : 0808 807 107 - Site : www.ars.bourgogne-franche-comte.sante.fr \n \nArticle 10 : La directrice de l'Organisation des soins  et de l'autonomie  de l'ARS de Bourgogne -Franche-Comt\u00e9 \nest charg\u00e9 e de l'ex\u00e9cution de la pr\u00e9sente d\u00e9cision qui  sera publi\u00e9e au recueil des actes administratifs de la \npr\u00e9fecture de la r\u00e9gion Bourgogne -Franche-Comt\u00e9 et au recueil des actes administratifs de la pr\u00e9fecture du \nd\u00e9partement d e la C\u00f4te d'Or . Elle sera notifi\u00e9e  \u00e0 Madame Fabienne CHATEL, directrice g\u00e9n\u00e9rale de la SA \n\u00ab PHARMA DOM ORKYN' \u00bb, et une copie sera adress\u00e9e : \n \n\u27a2 aux caisses d'assurance-maladie du r\u00e9gime g\u00e9n\u00e9ral et de la mutualit\u00e9 sociale agricole ; \n\u27a2 \u00e0 la directrice g\u00e9n\u00e9rale de l'agence r\u00e9gionale de sant\u00e9 du Grand Est ; \n\u27a2 au pr\u00e9sident du conseil central de la Section D de l'Ordre national des pharmaciens. \n \n   Fait \u00e0 DIJON, le 28 octobre 2024  \n \n  Pour le directeur g\u00e9n\u00e9ral, \nL'adjointe au p\u00f4le Autorisations, \n   \n \n \n \n    \n   \n   \n  Iris TOURNIER \nARS Bourgogne-Franche-Comt\u00e9 - 21-2024-10-28-00020 - D\u00e9cision n\u00b0 ARS-BFC-DOSA-2024-2013\nautorisant la soci\u00e9t\u00e9 anonyme (SA) \u00ab PHARMA DOM - ORKYN' \u00bb, dont le si\u00e8ge social est situ\u00e9 Immeuble Symbiose - b\u00e2timent Nord - 10\navenue Aristide Briand \u00e0 BAGNEUX (92 220), \u00e0 assurer la dispensation \u00e0 domicile d'oxyg\u00e8ne \u00e0 usage m\u00e9dical pour son site de\nrattachement sis 28 B rue du professeur Louis Neel \u00e0 LONGVIC (21 600)  \n7\nPr\u00e9fecture de la C\u00f4te-d'Or\nDirection de la coordination, des politiques\npubliques et de l'appui territorial\n21-2024-10-28-00022\nArr\u00eat\u00e9 pr\u00e9fectoral n\u00b0 1667  du 28 octobre 2024\ndonnant d\u00e9l\u00e9gation de signature \u00e0 Monsieur\nJean-Jacques COIPLET, Directeur G\u00e9n\u00e9ral de\nl'Agence R\u00e9gionale de Sant\u00e9 de\nBourgogne-Franche-Comt\u00e9, pour la C\u00f4te-d'Or\nPr\u00e9fecture de la C\u00f4te-d'Or - 21-2024-10-28-00022 - Arr\u00eat\u00e9 pr\u00e9fectoral n\u00b0 1667  du 28 octobre 2024 donnant d\u00e9l\u00e9gation de signature \u00e0\nMonsieur Jean-Jacques COIPLET, Directeur G\u00e9n\u00e9ral de l'Agence R\u00e9gionale de Sant\u00e9 de Bourgogne-Franche-Comt\u00e9, pour la C\u00f4te-d'Or 8\nArr\u00eat\u00e9 pr\u00e9fectoral n\u00b0 1667  du 28 octobre 2024\ndonnant d\u00e9l\u00e9gaton de signature \u00e0 Monsieur Jean-Jacques COIPLET,\nDirecteur G\u00e9n\u00e9ral de l'Agence R\u00e9gionale de Sant\u00e9 de Bourgogne-Franche-Comt\u00e9, pour la C\u00f4te-d'Or\nLe pr\u00e9fet de la C\u00f4te-d'Or\nVu le code de la sant\u00e9 publique; \nVu le code de la d\u00e9fense ;\nVu le code g\u00e9n\u00e9ral des collectiit\u00e9s territoriales  ;\nVu le code de l'eniironnement ;\nVu le code de la consommaton ; \nVu le code du traiail ;\nVu le code de l'acton sociale et des familles ;\nVu le code de l'entr\u00e9e et du s\u00e9jour des \u00e9trangers et du droit d'asile ;\nVu la loi n\u00b0 2009-879 du 21 juillet 2009 portant r\u00e9forme de l'h\u00f4pital et relatie aux patentss \u00e0 la\nsant\u00e9 et aux territoires ;\nVu la Ioi n\u00b0 2015-29 du 16 janiier 2015 relatie \u00e0 la d\u00e9limitaton des r\u00e9gionss aux \u00e9lectons r\u00e9gionales\net d\u00e9partementales et modifant le calendrier \u00e9lectoral ;\nVu l'ordonnance n\u00b0 2010-177 du 23 f\u00e9irier 2010 de coordinaton pour la Ioi n\u00b02009-879 du 21 juillet\n2009 portant r\u00e9forme de l'h\u00f4pital et relatie aux patentss \u00e0 la sant\u00e9 et aux territoires ;\nVu l'ordonnance n\u00b0 2015-1620 du 10 d\u00e9cembre 2015 adaptant les agences r\u00e9gionales de sant\u00e9 et les\nunions r\u00e9gionales de professionnels de sant\u00e9 \u00e0 la nouielle d\u00e9limitaton des r\u00e9gions ;\nVu le d\u00e9cret n\u00b0 2004-374 du 29 airil 2004 relatf aux pouioirs des pr\u00e9fetss \u00e0 l'organisaton et \u00e0\nl'acton des seriices de l'\u00c9tat dans les r\u00e9gions et d\u00e9partementss modif\u00e9 par le d\u00e9cret n\u00b0 2010-146 du\n16 f\u00e9irier 2010 et par le d\u00e9cret n\u00b0 2010-687 du 24 juin 2010s notamment l'assistance au pr\u00e9fet de\nd\u00e9partement pr\u00e9iue au dernier alin\u00e9a de l'artcle 13 ;\nVu le d\u00e9cret n\u00b0 2008-158 du 22 f\u00e9irier 2008 relatf \u00e0 la suppl\u00e9ance des pr\u00e9fets de r\u00e9gion et \u00e0 la\nd\u00e9l\u00e9gaton de signature des pr\u00e9fets et hauts commissaires de la R\u00e9publique en Polyn\u00e9sie fran\u00e7aise et\nen Nouielle-Cal\u00e9donie ;\nVu le d\u00e9cret n\u00b0 2009-176 du 16 f\u00e9irier 2009 modifant le d\u00e9cret n\u00b0 64-805 du 29 juillet 1964 fxant\nles dispositons r\u00e9glementaires applicables aux pr\u00e9fets ;\n1/4\nPr\u00e9fecture de la C\u00f4te-d'Or - 21-2024-10-28-00022 - Arr\u00eat\u00e9 pr\u00e9fectoral n\u00b0 1667  du 28 octobre 2024 donnant d\u00e9l\u00e9gation de signature \u00e0\nMonsieur Jean-Jacques COIPLET, Directeur G\u00e9n\u00e9ral de l'Agence R\u00e9gionale de Sant\u00e9 de Bourgogne-Franche-Comt\u00e9, pour la C\u00f4te-d'Or 9\nVu le d\u00e9cret n\u00b0 2010-336 du 31 mars 2010 portant cr\u00e9aton des agences r\u00e9gionales de sant\u00e9 ;\nVu le d\u00e9cret n\u00b0 2010-338 du 31 mars 2010 relatf aux relatons entre les repr\u00e9sentants de l'\u00c9tat dans\nle d\u00e9partements dans la zone de d\u00e9fense et dans la R\u00e9gion et l'agence r\u00e9gionale de sant\u00e9 pour\nl'applicaton des artcles L.435-1s L.435-2 et L.435-7 du code de la sant\u00e9 publique ;\nVu le d\u00e9cret n\u00b0 2010-344 du 31 mars 2010 trant les cons\u00e9quencess au niieau r\u00e9glementaires de\nl'interienton de la Ioi n\u00b02009-879 du 21 juillet 2009 portant r\u00e9forme de l'h\u00f4pital et relatie aux\npatentss \u00e0 la sant\u00e9 et aux territoires ;\nVu le d\u00e9cret n\u00b0 2015-1650 du 11 d\u00e9cembre 2015 adaptant les agences r\u00e9gionales de sant\u00e9 \u00e0 la\nnouielle d\u00e9limitaton des r\u00e9gions et prorogeant le mandat des unions r\u00e9gionales de professionnels\nde sant\u00e9 regroupant les infrmiers ;\nVu le d\u00e9cret du 02 noiembre 2022 nommant Monsieur Jean-Jacques COIPLETs directeur g\u00e9n\u00e9ral de\nl'agence r\u00e9gionale de sant\u00e9 de Bourgogne-Franche-Comt\u00e9 \u00e0 compter du 21 noiembre 2022 ;\nVu le d\u00e9cret du 10 octobre 2024 nommant Monsieur Paul MOURIERs pr\u00e9fet de la r\u00e9gion Bourgogne-\nFranche-Comt\u00e9s pr\u00e9fet de la C\u00f4te d'Or ;\nVu la d\u00e9cision d'organisaton n\u00b0 2024-018 du directeur g\u00e9n\u00e9ral de l'agence r\u00e9gionale de sante de\nBourgogne-Franche-Comt\u00e9 portant organisaton de l'ARS Bourgogne-Franche-Comt\u00e9 en date du 1er\nmars 2024 ;\nVu la d\u00e9cision n\u00b0 2024-041 portant nominaton de l'\u00e9quipe d'encadrement de l'agence r\u00e9gionale de\nsant\u00e9 de Bourgogne-Franche-Comt\u00e9 en date du 27 juin 2024 ;\nVu le protocole sign\u00e9 le 28 ao\u00fbt 2017 entre la Pr\u00e9f\u00e8te de la C\u00f4te-d'Or et le Directeur G\u00e9n\u00e9ral de\nl'ARS de Bourgogne-Franche-Comt\u00e9s annex\u00e9 au pr\u00e9sent arr\u00eat\u00e9 ;\nVu l'arr\u00eat\u00e9  n\u00b0 1358  du  8  ao\u00fbt  2024  donnant  d\u00e9l\u00e9gaton  de  signature  \u00e0  Monsieur  Jean-Jacques\nCOIPLETs Directeur G\u00e9n\u00e9ral de l'Agence R\u00e9gionale de Sant\u00e9 de Bourgogne-Franche-Comt\u00e9s pour la\nC\u00f4te-d'Or\nSur propositon du secr\u00e9taire g\u00e9n\u00e9ral de la Pr\u00e9fecture de la C\u00f4te-d'Or.\nARR\u00caTE\n Artcle 1er :   l'arr\u00eat\u00e9 n\u00b0 1358 du 8 ao\u00fbt 2024  donnant d\u00e9l\u00e9gaton de signature \u00e0 Monsieur Jean-\nJacques COIPLETs Directeur G\u00e9n\u00e9ral de l'Agence R\u00e9gionale de Sant\u00e9 de Bourgogne-Franche-Comt\u00e9s\npour la C\u00f4te-d'Or et toutes dispositons ant\u00e9rieures sont abrog\u00e9s\nArtcle  2 : \nD\u00e9l\u00e9gaton est donn\u00e9e \u00e0 monsieur Jean-Jacques COIPLETs directeur g\u00e9n\u00e9ral de l'agence r\u00e9gionale de\nsant\u00e9 de Bourgogne-Franche-Comt\u00e9s pour le d\u00e9partement de la C\u00f4te-d'Ors \u00e0 l'efet de signer dans le\ncadre de ses atributons et comp\u00e9tencess les actes d'instructons correspondances administraties\nreleiant des domaines d'actiit\u00e9s pr\u00e9iues par le protocole aux chapitres suiiants :\n2/4\nPr\u00e9fecture de la C\u00f4te-d'Or - 21-2024-10-28-00022 - Arr\u00eat\u00e9 pr\u00e9fectoral n\u00b0 1667  du 28 octobre 2024 donnant d\u00e9l\u00e9gation de signature \u00e0\nMonsieur Jean-Jacques COIPLET, Directeur G\u00e9n\u00e9ral de l'Agence R\u00e9gionale de Sant\u00e9 de Bourgogne-Franche-Comt\u00e9, pour la C\u00f4te-d'Or 10\na)  Chapitre  I  du  ttre  II  du  protocole  iis\u00e9s  ci-dessuss  concernant  les  soins  psychiatriques  sans\nconsentement : pour aiiser les autorit\u00e9s et les personnes mentonn\u00e9es \u00e0 l'artcle L 3213-9 du Code\nde la sant\u00e9 publique de toute d\u00e9cision prise pour les patents.\nb) Chapitre II du ttre ll du protocole iis\u00e9s ci-dessuss listant les proc\u00e9dures pour lesquelles les actes\nd'instructons  et  les  correspondances  administraties  sont  d\u00e9l\u00e9gu\u00e9es  au  directeur  g\u00e9n\u00e9ral  de\nl'agence r\u00e9gionale de la sant\u00e9 par le pr\u00e9fet de d\u00e9partements dans les domaines suiiants :\n- Eaux destn\u00e9es \u00e0 la consommaton humaines\n- Eaux min\u00e9rales naturelless\n- Eaux conditonn\u00e9ess\n- Eaux de loisirss\n- Salubrit\u00e9 des immeubles et risques sanitaires associ\u00e9s dans les b\u00e2tments accueillant du publics\n- Amiantes\n- Plomb et saturnisme infantles\n- Nuisances sonoress\n- D\u00e9chets d'actiit\u00e9 de soinss\n- Radionucl\u00e9ides naturelss\n- Rayonnements non ionisantss\nArtcle 3     :   \nEn cas d'absence ou d'emp\u00eachement de Monsieur Jean-Jacques COIPLETs directeur g\u00e9n\u00e9ral de l'ARS\nBourgogne Franche-Comt\u00e9s d\u00e9l\u00e9gaton de signature est donn\u00e9e :\nPour l'ensemble des actes iis\u00e9s \u00e0 l'artcle 1er :\n- Monsieur Mohamed SI ABDALLAHs directeur g\u00e9n\u00e9ral adjoint de l'ARS Bourgogne- Franche-Comt\u00e9s\nPour l'artcle 1er a) concernant les soins psychiatriques sans consentement  : \n- M. Lo\u00efc PLAN\u00c7ONs Secr\u00e9taire g\u00e9n\u00e9ral par int\u00e9rim de l'ARS Bourgogne-France-Comtes\n- Mme Marion PEARDs Chefe du d\u00e9partement des afaires juridiquess\n- Mme Nassima RABEIs adjointe \u00e0 la chefe du d\u00e9partement des afaires juridiquess\nPour l'artcle 1er b) concernant les mat\u00e8res suiiantes :\n- Eaux destn\u00e9es \u00e0 la consommaton humaines\n- Eaux min\u00e9rales naturelless\n- Eaux conditonn\u00e9ess\n- Eaux de loisirss\n- Salubrit\u00e9 des immeubles et risques sanitaires associ\u00e9s dans les b\u00e2tments accueillant du publics\n- Amiantes\n- Plomb et saturnisme infantles\n- Nuisances sonoress\n- D\u00e9chets d'actiit\u00e9 de soinss Radionucl\u00e9ides naturelss\n- Rayonnements non ionisants.\nLes agents suiiants de l'ARS re\u00e7oiient d\u00e9l\u00e9gaton de signature  \n- Monsieur Alain MORINs directeur de la sant\u00e9 Publique de l'ARS Bourgogne-Franche-Comt\u00e9. \n3/4\nPr\u00e9fecture de la C\u00f4te-d'Or - 21-2024-10-28-00022 - Arr\u00eat\u00e9 pr\u00e9fectoral n\u00b0 1667  du 28 octobre 2024 donnant d\u00e9l\u00e9gation de signature \u00e0\nMonsieur Jean-Jacques COIPLET, Directeur G\u00e9n\u00e9ral de l'Agence R\u00e9gionale de Sant\u00e9 de Bourgogne-Franche-Comt\u00e9, pour la C\u00f4te-d'Or 11\n- Monsieur  Eric  LALAURIEs  adjoint  au  directeur  de  la  sant\u00e9  publiques  chef  du  d\u00e9partement\nPr\u00e9ienton Sant\u00e9 Eniironnements\n- Madame  Geneii\u00e8ie  FRIBOURGs  adjointe  au  directeur  de  la  sant\u00e9  publiques  chefe  du\nd\u00e9partement Veille et S\u00e9curit\u00e9 Sanitaire\n- Monsieur  Bruno  MAESTRI  et  Mme  Estelle  BECHEROTs  adjoints  au  chef  du  d\u00e9partement\npr\u00e9ienton sant\u00e9 eniironnement de l'ARS Bourgogne-Franche-Comt\u00e9s\n- Madame  Graziella  MIDELETs  responsable  de  l'unit\u00e9  territoriale  sant\u00e9  eniironnement  du\nd\u00e9partement de la C\u00f4te-d'Or\n- Monsieur Bertrand DANIELs ing\u00e9nieur  d'\u00e9tude  sanitaire  de  l'unit\u00e9  territoriale  sant\u00e9\neniironnement du d\u00e9partement de la C\u00f4te d'Or\n- Madame C\u00e9lia FIABANEs ing\u00e9nieure d'\u00e9tude sanitaire de l'unit\u00e9 territoriale sant\u00e9 eniironnement\ndu d\u00e9partement de la C\u00f4te d'Or\nArtcle 4     :  \nCet  arr\u00eat\u00e9  prend  efet  \u00e0  compter  de  sa  publicaton  au  recueil  des  actes  administratfs  de  la\npr\u00e9fecture de la C\u00f4te-d'Or et abroge toute d\u00e9l\u00e9gaton de signature ant\u00e9rieure et toutes dispositons\nqui lui sont contraires.\nArtcle 5     :  \nLe  pr\u00e9sent  arr\u00eat\u00e9  peut  faire  l'objet  d'un  recours  contenteux  deiant  le  tribunal  administratf\ncomp\u00e9tent dans un d\u00e9lai de deux mois \u00e0 compter de sa publicaton. Ce recours peut \u00eatre d\u00e9pose iia\nl'applicaton \u00ab t\u00e9l\u00e9recours citoyens \u00bbs accessible par le site internet: www.telerecours.fr.\nArtcle 5\nLa  secr\u00e9taire  g\u00e9n\u00e9rale  par  int\u00e9rim  de  la  Pr\u00e9fecture  de  la  C\u00f4te  d'Or  et  le  Directeur  G\u00e9n\u00e9ral  de\nl'Agence  R\u00e9gionale  de  Sant\u00e9  de  Bourgogne-Franche-Comt\u00e9  sont  charg\u00e9ss  chacun  en  ce  qui  le\nconcernes de l'ex\u00e9cuton du pr\u00e9sent arr\u00eat\u00e9 qui sera publi\u00e9 au recueil des actes administratfs de la\nPr\u00e9fecture de la C\u00f4te d'Or\nFait \u00e0 Dijons le 28 octobre 2024\nLe pr\u00e9fets\nSign\u00e9 :\nPaul MOURIER\n4/4\nPr\u00e9fecture de la C\u00f4te-d'Or - 21-2024-10-28-00022 - Arr\u00eat\u00e9 pr\u00e9fectoral n\u00b0 1667  du 28 octobre 2024 donnant d\u00e9l\u00e9gation de signature \u00e0\nMonsieur Jean-Jacques COIPLET, Directeur G\u00e9n\u00e9ral de l'Agence R\u00e9gionale de Sant\u00e9 de Bourgogne-Franche-Comt\u00e9, pour la C\u00f4te-d'Or 12\nPr\u00e9fecture de la C\u00f4te-d'Or\nP\u00f4le juridique inter-services\n21-2024-10-28-00013\nArr\u00eat\u00e9 pr\u00e9fectoral N\u00b0  1650 / SG du 28 octobre\n2024\ndonnant d\u00e9l\u00e9gation de signature \u00e0 Mme\nGhislaine LESEURRE, attach\u00e9e, charg\u00e9e de\nmission, r\u00e9f\u00e9rente fraude d\u00e9partementale\nPr\u00e9fecture de la C\u00f4te-d'Or - 21-2024-10-28-00013 - \nArr\u00eat\u00e9 pr\u00e9fectoral N\u00b0  1650 / SG du 28 octobre 2024\ndonnant d\u00e9l\u00e9gation de signature \u00e0 Mme Ghislaine LESEURRE, attach\u00e9e, charg\u00e9e de mission, r\u00e9f\u00e9rente fraude d\u00e9partementale\n13\nArr\u00eat\u00e9 pr\u00e9fectoral N\u00b0  1650 / SG du 28 octobre 2024\ndonnant d\u00e9l\u00e9gation de signature \u00e0 Mme Ghislaine LESEURRE, attach\u00e9e, \ncharg\u00e9e de mission, r\u00e9f\u00e9rente fraude d\u00e9partementale.\nLe pr\u00e9fet de la C\u00f4te-d'Or\nVu la loi n\u00b0 82.213 du 2 mars 1982 modifi\u00e9e relative aux droits et libert\u00e9s des communes, des\nd\u00e9partements et des r\u00e9gions ;\nVu le d\u00e9cret n\u00b0 2004-374 du 29 avril 2004 relatif aux pouvoirs des pr\u00e9fets, \u00e0 l'organisation et \u00e0\nl'action des services de l'\u00c9tat dans les r\u00e9gions et d\u00e9partements, modifi\u00e9 par le d\u00e9cret n\u00b0 2010-\n146 du 16 f\u00e9vrier 2010 et par le d\u00e9cret n\u00b0 2010-687 du 24 juin 2010  ;\nVu le d\u00e9cret n\u00b0 2008-158 du 22 f\u00e9vrier 2008 relatif \u00e0 la suppl\u00e9ance des pr\u00e9fets de r\u00e9gion et \u00e0 la\nd\u00e9l\u00e9gation de signature des pr\u00e9fets et hauts commissaires de la R\u00e9publique en Polyn\u00e9sie\nfran\u00e7aise et en Nouvelle-Cal\u00e9donie ;\nVu le d\u00e9cret n\u00b0 2009-176 du 16 f\u00e9vrier 2009 modifiant le d\u00e9cret n\u00b0 64-805 du 29  juillet 1964\nfixant les dispositions r\u00e9glementaires applicables aux pr\u00e9fets et le d\u00e9cret n\u00b0 2004-374 du 29\navril 2004 relatif aux pouvoirs des pr\u00e9fets, \u00e0 l'organisation et \u00e0 l'action des services de l'\u00c9tat\ndans les r\u00e9gions et d\u00e9partements ;\nVu le d\u00e9cret du 10 octobre 2024  nommant Monsieur  Paul  MOURIER,  pr\u00e9fet  de  la  r\u00e9gion\nBourgogne-Franche-Comt\u00e9, pr\u00e9fet de la C\u00f4te-d'Or ;\nVu l' arr\u00eat\u00e9 pr\u00e9fectoral n\u00b0  1427/SG du  1er d\u00e9cembre 2022  donnant d\u00e9l\u00e9gation de signature \u00e0\nMadame  Ghislaine  LESEURRE ,  attach\u00e9e,  charg\u00e9e  de  mission,  r\u00e9f\u00e9rente  fraude\nd\u00e9partementale ;\nARR\u00caTE\nArticle 1er  : L'arr\u00eat\u00e9 pr\u00e9fectoral n\u00b0 1427/SG du 1 er d\u00e9cembre 2022 donnant d\u00e9l\u00e9gation de\nsignature \u00e0 Madame Ghislaine LESEURRE, attach\u00e9e,  charg\u00e9e de mission, r\u00e9f\u00e9rente fraude\nd\u00e9partementale, et toutes dispositions ant\u00e9rieures contraires au pr\u00e9sent arr\u00eat\u00e9 sont abrog\u00e9s.\nArticle 2  : D\u00e9l\u00e9gation permanente de signature est donn\u00e9e \u00e0 Mme Ghislaine LESEURRE,\nattach\u00e9e, charg\u00e9e de mission r\u00e9f\u00e9rente fraude d\u00e9partementale, \u00e0 l'effet de signer :\n\u2022 Les correspondances courantes inh\u00e9rentes \u00e0 sa mission et n'entra\u00eenant pas de d\u00e9cision,\n\u2022 les demandes d'enqu\u00eates, de renseignements et d'avis relatifs \u00e0 ses attributions.\nPr\u00e9fecture de la C\u00f4te-d'Or - 21-2024-10-28-00013 - \nArr\u00eat\u00e9 pr\u00e9fectoral N\u00b0  1650 / SG du 28 octobre 2024\ndonnant d\u00e9l\u00e9gation de signature \u00e0 Mme Ghislaine LESEURRE, attach\u00e9e, charg\u00e9e de mission, r\u00e9f\u00e9rente fraude d\u00e9partementale\n14\nArticle 3  : La secr\u00e9taire g\u00e9n\u00e9rale par int\u00e9rim de la pr\u00e9fecture de la C\u00f4te-d'Or, la charg\u00e9e de\nmission r\u00e9f\u00e9rente fraude d\u00e9partementale sont charg\u00e9s, chacun pour ce qui le concerne, de\nl'ex\u00e9cution du pr\u00e9sent arr\u00eat\u00e9 qui sera publi\u00e9 au recueil des actes administratifs de la pr\u00e9fecture\nde la C\u00f4te-d'Or.\nFait \u00e0 Dijon, le 28 octobre 2024\nLe pr\u00e9fet,\nSign\u00e9 :\nPaul MOURIER\n2/2\nPr\u00e9fecture de la C\u00f4te-d'Or - 21-2024-10-28-00013 - \nArr\u00eat\u00e9 pr\u00e9fectoral N\u00b0  1650 / SG du 28 octobre 2024\ndonnant d\u00e9l\u00e9gation de signature \u00e0 Mme Ghislaine LESEURRE, attach\u00e9e, charg\u00e9e de mission, r\u00e9f\u00e9rente fraude d\u00e9partementale\n15\nPr\u00e9fecture de la C\u00f4te-d'Or\nP\u00f4le juridique inter-services\n21-2024-10-28-00010\nArr\u00eat\u00e9 pr\u00e9fectoral N\u00b0 1653 / SG du 28 octobre\n2024        \ndonnant d\u00e9l\u00e9gation de signature \u00e0 M. Philippe\nGOUTORBE, directeur de la coordination des\npolitiques publiques et de l'appui territorial\nPr\u00e9fecture de la C\u00f4te-d'Or - 21-2024-10-28-00010 - \nArr\u00eat\u00e9 pr\u00e9fectoral N\u00b0 1653 / SG du 28 octobre 2024        \ndonnant d\u00e9l\u00e9gation de signature \u00e0 M. Philippe GOUTORBE, directeur de la coordination des politiques publiques et de l'appui\nterritorial\n16\nArr\u00eat\u00e9 pr\u00e9fectoral N\u00b0 1653 / SG du 28 octobre 2024        \ndonnant d\u00e9l\u00e9gation de signature \u00e0 M. Philippe GOUTORBE,\ndirecteur de la coordination des politiques publiques et de l'appui territorial\nLe pr\u00e9fet de la C\u00f4te-d'Or\nVu la loi n\u00b0 82.213 du 2 mars 1982 modifi\u00e9e relative aux droits et libert\u00e9s des communes,\ndes d\u00e9partements et des r\u00e9gions ;\nVu le d\u00e9cret n\u00b0 2004-374 du 29 avril 2004, modifi\u00e9, relatif aux pouvoirs des pr\u00e9fets, \u00e0\nl'organisation et \u00e0 l'action des services de l'\u00c9tat dans les r\u00e9gions et d\u00e9partements ;\nVu le d\u00e9cret n\u00b0 2008-158 du 22 f\u00e9vrier 2008 relatif \u00e0 la suppl\u00e9ance des pr\u00e9fets de r\u00e9gion et\n\u00e0  la  d\u00e9l\u00e9gation  de  signature  des  pr\u00e9fets  et  hauts  commissaires  de  la  R\u00e9publique  en\nPolyn\u00e9sie fran\u00e7aise et en Nouvelle-Cal\u00e9donie ;\nVu le d\u00e9cret du 10 octobre 2024 nommant Monsieur Paul MOURIER, pr\u00e9fet de la r\u00e9gion\nBourgogne-Franche-Comt\u00e9, pr\u00e9fet de la C\u00f4te-d'Or ;\nVu les arr\u00eat\u00e9s interminist\u00e9riels portant r\u00e8glement de comptabilit\u00e9 pour la d\u00e9signation des\nordonnateurs secondaires et de leurs d\u00e9l\u00e9gu\u00e9s ;\nVu l'arr\u00eat\u00e9 du ministre de l'Int\u00e9rieur du 12 janvier 2017 portant reclassement statutaire de\nMonsieur Philippe GOUTORBE dans le Grade \u00e0 Acc\u00e8s Fonctionnel d'Attach\u00e9 Hors classe\nd'Administration de l'\u00c9tat ;\nVu la d\u00e9cision du 13 septembre 2017 et vu les arr\u00eat\u00e9s minist\u00e9riels des 8 janvier 2018 et\n6 janvier 2023 nommant Monsieur Philippe GOUTORBE, Directeur de la coordination des\npolitiques publiques et de l'appui territorial ;\nVu  l'arr\u00eat\u00e9  pr\u00e9fectoral  du  18 d\u00e9cembre  2020  portant  organisation  des  services  de  la\npr\u00e9fecture  de  la  r\u00e9gion  Bourgogne-Franche-Comt\u00e9,  pr\u00e9fecture  du  d\u00e9partement  de  la\nC\u00f4te- d'Or ;\nVu l'arr\u00eat\u00e9 pr\u00e9fectoral n\u00b0 1344/SG du 5 septembre 2023 donnant d\u00e9l\u00e9gation de signature\n\u00e0 Monsieur  Philippe GOUTORBE, directeur de la coordination des politiques publiques et\nde l'appui territorial ;\nPr\u00e9fecture de la C\u00f4te-d'Or - 21-2024-10-28-00010 - \nArr\u00eat\u00e9 pr\u00e9fectoral N\u00b0 1653 / SG du 28 octobre 2024        \ndonnant d\u00e9l\u00e9gation de signature \u00e0 M. Philippe GOUTORBE, directeur de la coordination des politiques publiques et de l'appui\nterritorial\n17\nARR\u00caTE\nArticle 1  : L'arr\u00eat\u00e9 pr\u00e9fectoral  n\u00b0 1344/SG du 5 septembre 2023  donnant d\u00e9l\u00e9gation de\nsignature  \u00e0  Monsieur  Philippe  GOUTORBE, directeur  de  la  coordination  des  politiques\npubliques et de l'appui territorial  ainsi que  toutes dispositions ant\u00e9rieures contraires au\npr\u00e9sent arr\u00eat\u00e9 sont abrog\u00e9s \u00e0 compter du pr\u00e9sent arr\u00eat\u00e9.\nArticle 2  : D\u00e9l\u00e9gation de signature est donn\u00e9e \u00e0 Monsieur Philippe GOUTORBE, directeur\nde la coordination des politiques publiques et de l'appui territorial, en ce qui concerne :\n- Les correspondances et les documents  administratifs relevant des attributions\net comp\u00e9tences de sa direction, \u00e0 l'exception :\n\u2022 des arr\u00eat\u00e9s et actes r\u00e9glementaires ;\n\u2022 des  circulaires,  instructions  g\u00e9n\u00e9rales et  lettres  comportant  d\u00e9cision  de\nprincipe;\n\u2022 de la saisine du tribunal administratif ou de la chambre r\u00e9gionale des comptes \n- Les titres de perception et de recouvrement \u00e0 rendre ex\u00e9cutoires ;\n- Tous documents et pi\u00e8ces relatifs \u00e0 l'ordonnancement des d\u00e9penses imputables\nsur le budget de l'\u00c9tat ;\n- Tous documents relatifs aux concours financiers et subventions de l'\u00c9tat aux\ncollectivit\u00e9s locales ; \n- Tous actes administratifs relatifs aux installations class\u00e9es pour la protection de\nl'environnement  y  compris  ceux  li\u00e9s  aux  proc\u00e9dures  d'autorisation  unique  et\nd'autorisation environnementale \u00e0 l'exception des arr\u00eat\u00e9s pr\u00e9fectoraux ;\n- L'insertion d'annonces l\u00e9gales dans la presse et les avis d'enqu\u00eates publiques\nconcernant les attributions de sa direction ;\n- Les  extraits  de  d\u00e9cisions  de  la  commission  d\u00e9partementale  d'am\u00e9nagement\ncommercial (CDAC) ;\nArticle  3 : En cas  d'absence  ou  d'emp\u00eachement  de Monsieur  Philippe GOUTORBE,  la\nd\u00e9l\u00e9gation de signature qui lui est conf\u00e9r\u00e9e par l'article 1er ci-dessus sera exerc\u00e9e par\nMesdames Mich\u00e8le GUSCHEMANN, ou Christelle DA SILVA, ou \u00c9velyne MORI, attach\u00e9es\nprincipales  d'administration  de  l'\u00c9tat,  ou  Madame  Fabienne  MERGEY,  attach\u00e9e\nd'administration de l'\u00c9tat,charg\u00e9e de mission.\nArticl  e  4   : D\u00e9l\u00e9gation  de  signature  est  donn\u00e9e,  dans  le  cadre  de  leurs  attributions\nrespectives, \u00e0 :\n\u2013 Mission \u00e9conomie, emploi et coh\u00e9sion sociale :\n\u2013 Madame Christelle DA SILVA, attach\u00e9e principale d'administration de l'\u00c9tat, charg\u00e9e\nde mission,  pour les correspondances courantes et bordereaux d'envoi.\n2/4\nPr\u00e9fecture de la C\u00f4te-d'Or - 21-2024-10-28-00010 - \nArr\u00eat\u00e9 pr\u00e9fectoral N\u00b0 1653 / SG du 28 octobre 2024        \ndonnant d\u00e9l\u00e9gation de signature \u00e0 M. Philippe GOUTORBE, directeur de la coordination des politiques publiques et de l'appui\nterritorial\n18\n\u2013 Mission coordination g\u00e9n\u00e9rale :\n\u2013 Madame Fabienne MERGEY, attach\u00e9e de l'administration de l'\u00c9tat, charg\u00e9e de mission,\npour les correspondances courantes et bordereaux d'envoi.\n\u2013 P\u00f4le am\u00e9nagement du territoire :\n\u2013 Madame Mich\u00e8le GUSCHEMANN, attach\u00e9e principale d'administration de l'\u00c9tat, chef du\np\u00f4le am\u00e9nagement du territoire, ou Madame C\u00e9lia HAMOUD, secr\u00e9taire administratif de\nclasse normale, adjointe du chef du p\u00f4le am\u00e9nagement du territoire pour:\n- Tous  documents  et pi\u00e8ces  relatifs  \u00e0 l'ordonnancement des  d\u00e9penses\nimputables sur les budgets de l'\u00c9tat;\n- Les  ordres  de  recouvrement  imputables  sur  le  budget  de  l'\u00c9tat  \u00e0\nl'exclusion des titres ex\u00e9cutoires ;\n- Tous documents relatifs aux concours financiers et subventions de l'\u00c9tat\naux collectivit\u00e9s locales ;\n- Les correspondances courantes et bordereaux.\n\u2013 P\u00f4le environnement et urbanisme :\n\u2013 Madame \u00c9velyne MORI,  attach\u00e9e principale d'administration de l'\u00c9tat, chef du p\u00f4le\nenvironnement  et  urbanisme,  ou  Monsieur  Guillaume  BROUILLARD,  attach\u00e9\nd'administration de l'\u00c9tat, adjoint au chef du p\u00f4le environnement et urbanisme, pour :\n- Les correspondances courantes et les bordereaux d'envoi dans son domaine\nd'activit\u00e9 ;\n-  Conseil  d\u00e9partemental  de  l'environnement,  des  risques  sanitaires  et  \ntechnologiques (CODERST) : convocations, diffusion et notification des proc\u00e8s \nverbaux  ainsi  que  toutes  correspondances  courantes  relatives  au\nfonctionnement de ce conseil ;\n- Commission d\u00e9partementale de la nature, des paysages et des sites (CDNPS),\nformation carri\u00e8res, convocations, diffusion et notification des proc\u00e8s verbaux\nainsi que toutes correspondances courantes relatives au fonctionnement de\ncette commission ;\n- Toutes correspondances courantes concernant les installations class\u00e9es pour\nla  protection  de  l'environnement  y  compris  celles  li\u00e9es  aux  proc\u00e9dures\nd'autorisation unique et d'autorisation environnementale ;\n- L'insertion d'annonces l\u00e9gales dans la presse et les avis d'enqu\u00eates publiques\nconcernant les attributions de la direction ;\n- Les extraits de d\u00e9cisions de la commission d\u00e9partementale d'am\u00e9nagement\ncommercial (CDAC) ;\n3/4\nPr\u00e9fecture de la C\u00f4te-d'Or - 21-2024-10-28-00010 - \nArr\u00eat\u00e9 pr\u00e9fectoral N\u00b0 1653 / SG du 28 octobre 2024        \ndonnant d\u00e9l\u00e9gation de signature \u00e0 M. Philippe GOUTORBE, directeur de la coordination des politiques publiques et de l'appui\nterritorial\n19\n-  Les  bordereaux  d'envoi  et  toutes  correspondances  courantes  relatives  \u00e0\nl'am\u00e9nagement commercial, aux expropriations et \u00e0 l'urbanisme, ainsi que pour les\nphases de proc\u00e9dures d\u00e9mat\u00e9rialis\u00e9es d'instructions relevant de la l\u00e9gislation et de la\nr\u00e9glementation concernant les autorisations d'exploitations commerciales.\n\u2013 Madame Val\u00e9rie SANTACROCE,  secr\u00e9taire administrative de  classe sup\u00e9rieure,  et\nMadame Ghislaine CLERC, secr\u00e9taire administrative de classe sup\u00e9rieure, pour :\n- Les correspondances courantes n'emportant pas de d\u00e9cision, justificatifs\nde d\u00e9p\u00f4t de dossier, bordereaux d'envoi et courriers de transmission dans le\ndomaine  des  installations  class\u00e9es  y  compris  les  consultations  et  saisines\nr\u00e9alis\u00e9es dans le cadre de l'autorisation environnementale ;\n\u2013 Le secr\u00e9tariat du conseil d\u00e9partemental de l'environnement, des risques\nsanitaires et technologiques (CODERST) ;\n- Le secr\u00e9tariat de la commission d\u00e9partementale de la nature, des paysages\net des sites \u2013 formation carri\u00e8res (CDNPS).\n        -   L es bordereaux d'envoi et toutes correspondances  courantes relatives \u00e0\nl'am\u00e9nagement commercial, aux expropriations et \u00e0 l'urbanisme, ainsi que pour les\nphases de proc\u00e9dures d\u00e9mat\u00e9rialis\u00e9es d'instructions relevant de la l\u00e9gislation et de la\nr\u00e9glementation concernant les autorisations d'exploitations commerciales.\n\u2013 P\u00f4le juridique inter-services :\n\u2013 Monsieur  Fr\u00e9d\u00e9ric  PELISSIER,  attach\u00e9  d'administration  de  l'\u00c9tat,  chef  du  p\u00f4le\njuridique inter-services de l'\u00c9tat, pour les correspondances courantes et bordereaux\nd'envoi ;\n\u2013 Madame  Dominique  LEMAITRE,  attach\u00e9e  d'administration  de  l'\u00c9tat,  charg\u00e9e  de\nmission, pour les correspondances courantes et les bordereaux d'envoi.\nArticle 5  : La secr\u00e9taire g\u00e9n\u00e9rale par int\u00e9rim de la pr\u00e9fecture de la C\u00f4te-d'Or, les agents\nb\u00e9n\u00e9ficiaires  de  la  d\u00e9l\u00e9gation  de  signature,  sont  charg\u00e9s,  chacun  pour  ce  qui  les\nconcerne,  de  l'ex\u00e9cution  du  pr\u00e9sent  arr\u00eat\u00e9  qui  sera  publi\u00e9  au  recueil  des  actes\nadministratifs de la pr\u00e9fecture de la C\u00f4te-d'Or.\nFait \u00e0 Dijon, le  28 octobre 2024\nLe pr\u00e9fet\nSign\u00e9 :\nPaul MOURIER\n4/4\nPr\u00e9fecture de la C\u00f4te-d'Or - 21-2024-10-28-00010 - \nArr\u00eat\u00e9 pr\u00e9fectoral N\u00b0 1653 / SG du 28 octobre 2024        \ndonnant d\u00e9l\u00e9gation de signature \u00e0 M. Philippe GOUTORBE, directeur de la coordination des politiques publiques et de l'appui\nterritorial\n20\nPr\u00e9fecture de la C\u00f4te-d'Or\nP\u00f4le juridique inter-services\n21-2024-10-28-00014\nAP N\u00b0 1651 du 28 octobre 2024  - bureau de la\nrepr\u00e9sentation de l'Etat-M\nPr\u00e9fecture de la C\u00f4te-d'Or - 21-2024-10-28-00014 - AP N\u00b0 1651 du 28 octobre 2024  - bureau de la repr\u00e9sentation de l'Etat-M 21\nArr\u00eat\u00e9 pr\u00e9fectoral n\u00b0 1651 / SG du 28 octobre 2024        \ndonnant d\u00e9l\u00e9gation de signature \u00e0 Monsieur Louis-Joseph VANDERSTUYF,\nattach\u00e9 d'administration de l'\u00c9tat, chef du bureau de la repr\u00e9sentation de l'\u00c9tat\nLe pr\u00e9fet de la C\u00f4te-d'Or\nVu la loi n\u00b0 82.213 du 2 mars 1982 modifi\u00e9e relative aux droits et libert\u00e9s des communes,\ndes d\u00e9partements et des r\u00e9gions ;\nVu le d\u00e9cret n\u00b0 2004-374 du 29 avril 2004 relatif aux pouvoirs des pr\u00e9fets, \u00e0 l'organisation et \u00e0\nl'action des services de l'\u00c9tat dans les r\u00e9gions et d\u00e9partements, modifi\u00e9 par le d\u00e9cret n\u00b0 2010-\n146 du 16 f\u00e9vrier 2010 et par le d\u00e9cret n\u00b0 2010-687 du 24 juin 2010  ;\nVu le d\u00e9cret n\u00b0 2008-158 du 22 f\u00e9vrier 2008 relatif \u00e0 la suppl\u00e9ance des pr\u00e9fets de r\u00e9gion et \u00e0 la\nd\u00e9l\u00e9gation de signature des pr\u00e9fets et hauts commissaires de la R\u00e9publique en Polyn\u00e9sie\nfran\u00e7aise et en Nouvelle-Cal\u00e9donie ;\nVu le d\u00e9cret n\u00b0 2009-176 du 16 f\u00e9vrier 2009 modifiant le d\u00e9cret n\u00b0 64-805 du 29  juillet 1964\nfixant les dispositions r\u00e9glementaires applicables aux pr\u00e9fets et le d\u00e9cret n\u00b0  2004-374 du 29\navril 2004 relatif aux pouvoirs des pr\u00e9fets, \u00e0 l'organisation et \u00e0 l'action des services de l'\u00c9tat\ndans les r\u00e9gions et d\u00e9partements ;\nVu l'arr\u00eat\u00e9 pr\u00e9fectoral du 1er octobre 2019 portant organisation des services de la pr\u00e9fecture de\nla r\u00e9gion Bourgogne-Franche-Comt\u00e9, pr\u00e9fecture du d\u00e9partement de la C\u00f4te d'Or  ;\nVu le d\u00e9cret  du 10  octobre 2024 nommant Monsieur Paul  MOURIER, pr\u00e9fet  de la  r\u00e9gion\nBourgogne \u2013 Franche-Comt\u00e9, pr\u00e9fet de la C\u00f4te-d'Or;\nVu l'arr\u00eat\u00e9 pr\u00e9fectoral n\u00b0 690/SG du 17 avril 2024, donnant d\u00e9l\u00e9gation de signature \u00e0 Monsieur\nLouis-Joseph  VANDERSTUYF,  attach\u00e9  d'administration  de  l'\u00c9tat,  chef  du  bureau  de  la\nrepr\u00e9sentation de l'\u00c9tat ;\nPr\u00e9fecture de la C\u00f4te-d'Or - 21-2024-10-28-00014 - AP N\u00b0 1651 du 28 octobre 2024  - bureau de la repr\u00e9sentation de l'Etat-M 22\nARR\u00caTE\nArticle  1  er   :  L'arr\u00eat\u00e9  pr\u00e9fectoral  n\u00b0  690/SG  du  17  avril  2024,  donnant  d\u00e9l\u00e9gation  de  \nsignature \u00e0  Monsieur Louis-Joseph VANDERSTUYF,  et toutes dispositions ant\u00e9rieures  \ncontraires  au pr\u00e9sent arr\u00eat\u00e9, sont abrog\u00e9s.\nArticle 2 : D\u00e9l\u00e9gation de signature est donn\u00e9e \u00e0 Monsieur Louis-Joseph VANDERSTUYF, \nattach\u00e9 d'administration de l'\u00c9tat, chef du bureau de la repr\u00e9sentation de l'\u00c9tat, en ce qui \nconcerne :\nD\u00c9L\u00c9GATION G\u00c9N\u00c9RALE :\n\u27a2 les  correspondances  courantes  concernant  l'ensemble  des  attributions  du  bureau de  la\nrepr\u00e9sentation de l'\u00c9tat ;\n\u27a2 les demandes d'enqu\u00eates, de renseignements et d'avis relatifs aux affaires du bureau de la\nrepr\u00e9sentation de l'\u00c9tat;\n\u27a2 les exp\u00e9ditions, copies ou extraits conformes ;\n\u27a2 les documents de gestion des personnels plac\u00e9s sous son autorit\u00e9 ;\n\u27a2 les r\u00e9ponses aux interventions \u00e9manant de particuliers.\n    Article 3 : En cas d'absence ou d'emp\u00eachement  de Monsieur Louis-Joseph VANDERSTUYF, \nla d\u00e9l\u00e9gation de signature qui lui est consentie \u00e0 l'article 2 du pr\u00e9sent arr\u00eat\u00e9 sera exerc\u00e9e par\nMadame France HERRSCHER, attach\u00e9e d'administration de l'\u00c9tat.\nArticle 4 : La secr\u00e9taire g\u00e9n\u00e9rale par int\u00e9rim de la pr\u00e9fecture de la C\u00f4te-d'Or, le directeur\nde cabinet et les agents b\u00e9n\u00e9ficiaires de la d\u00e9l\u00e9gation sont charg\u00e9s chacun pour ce qui le\nconcerne, de l'ex\u00e9cution du pr\u00e9sent arr\u00eat\u00e9 qui sera publi\u00e9 au recueil des actes administratifs de\nla pr\u00e9fecture de la C\u00f4te-d'Or.\nFait \u00e0 Dijon, le 28 octobre 2024\nLe pr\u00e9fet,\nSign\u00e9 :\nPaul MOURIER\n2/2\nPr\u00e9fecture de la C\u00f4te-d'Or - 21-2024-10-28-00014 - AP N\u00b0 1651 du 28 octobre 2024  - bureau de la repr\u00e9sentation de l'Etat-M 23\nPr\u00e9fecture de la C\u00f4te-d'Or\nP\u00f4le juridique inter-services\n21-2024-10-28-00018\nArr\u00eat\u00e9 n\u00b0 1657 /SG du 28 octobre 2024\nportant d\u00e9l\u00e9gation de signature \u00e0 Madame\nArmelle LEON, directrice  d\u00e9partementale de\nl'emploi, du travail et des solidarit\u00e9s de la C\u00f4te\nd'Or\nPr\u00e9fecture de la C\u00f4te-d'Or - 21-2024-10-28-00018 - Arr\u00eat\u00e9 n\u00b0 1657 /SG du 28 octobre 2024\nportant d\u00e9l\u00e9gation de signature \u00e0 Madame Armelle LEON, directrice  d\u00e9partementale de l'emploi, du travail et des solidarit\u00e9s de la\nC\u00f4te d'Or\n24\nArr\u00eat\u00e9 n\u00b0 1657 /SG du 28 octobre 2024\nportant d\u00e9l\u00e9gation de signature \u00e0 Madame Armelle LEON, directrice\nd\u00e9partementale de l'emploi, du travail et des solidarit\u00e9s de la C\u00f4te d'Or\nLE PREFET DE LA COTE-D'OR\nVU. le code de l'action sociale et des familles, le code de la sant\u00e9 publique, le code\ndu travail, le code de la construction et de l'habitation, le code des juridictions\nfinanci\u00e8res, le code de la s\u00e9curit\u00e9 int\u00e9rieure, le code de l'entr\u00e9e et du s\u00e9jour\ndes \u00e9trangers et du droit d'asile ;\nVU la loi n\u00b0 83-634 du 13 juillet 1983 modifi\u00e9e portant droits et obligations des\nfonctionnaires ;\nVU la  loi  n\u00b0  84-16  du  11  janvier  1984  modifi\u00e9e  portant  dispositions  statutaires\nrelatives \u00e0 la fonction publique d'\u00c9tat ;\nVU la  loi  d'orientation  n\u00b0  92-125  du  6  f\u00e9vrier  1992  modifi\u00e9e  relative  \u00e0\nl'administration territoriale de la R\u00e9publique ;\nVU le d\u00e9cret n\u00b0 97-34 du 15 janvier 1997 modifi\u00e9 relatif \u00e0 la d\u00e9concentration des\nd\u00e9cisions administratives individuelles ;\nVU le d\u00e9cret n\u00b0 2004-374 du 29 avril 2004 modifi\u00e9 relatif aux pouvoirs des pr\u00e9fets,\n\u00e0  l'organisation  et  \u00e0  l'action  des  services  de  l'\u00c9tat  dans  les  r\u00e9gions  et\nd\u00e9partements ;\nVU le  d\u00e9cret  n\u00b0  2009/1484  du  3  d\u00e9cembre  2009 modifi\u00e9  relatif  aux  directions\nd\u00e9partementales interminist\u00e9rielles ;\nVU le d\u00e9cret n\u00b0 2013-571 du 1er juillet 2013 modifi\u00e9 autorisant les ministres charg\u00e9s\ndes affaires sociales, de la sant\u00e9, du travail et de l'emploi, des sports, de la\njeunesse, de l'\u00e9ducation populaire et de la vie associative \u00e0 d\u00e9l\u00e9guer certains\nde leurs pouvoirs pour le recrutement et la gestion d'agents plac\u00e9s sous leur\nautorit\u00e9\nVU le  d\u00e9cret  2015-510  du  7  mai  2015  modifi\u00e9  portant  charte  de  la\nd\u00e9concentration ;\nVU l'arr\u00eat\u00e9 du 29 d\u00e9cembre 2016 portant d\u00e9concentration des actes relatifs \u00e0 la\nsituation  individuelle  des  agents  publics  exer\u00e7ant  leurs  fonctions  dans  les\nservices d\u00e9concentr\u00e9s des administrations civiles de l'Etat au sens de l'article\n15 du d\u00e9cret n\u00b0 2004-374 du 29 avril 2004 modifi\u00e9 relatif aux pouvoirs des\npr\u00e9fets, \u00e0 l'organisation et \u00e0 l'action des services de l'Etat dans les r\u00e9gions et\nles d\u00e9partements ;\nT\nPr\u00e9fecture de la C\u00f4te-d'Or - 21-2024-10-28-00018 - Arr\u00eat\u00e9 n\u00b0 1657 /SG du 28 octobre 2024\nportant d\u00e9l\u00e9gation de signature \u00e0 Madame Armelle LEON, directrice  d\u00e9partementale de l'emploi, du travail et des solidarit\u00e9s de la\nC\u00f4te d'Or\n25\nVU le  d\u00e9cret  n\u00b0  2020-926  du  28  juillet  2020  relatif  au  dispositif  sp\u00e9cifique\nd'activit\u00e9 partielle en cas de r\u00e9duction d'activit\u00e9 durable  ;\nVU le d\u00e9cret du 10 octobre 2024 nommant Monsieur Paul MOURIER, pr\u00e9fet de la\nr\u00e9gion Bourgogne Franche Comt\u00e9, pr\u00e9fet de la C\u00f4te-d'Or ;\nVU l'arr\u00eat\u00e9 pr\u00e9fectoral n\u00b0 1184/SG du 3 d\u00e9cembre 2020 portant organisation du\nSecr\u00e9tariat G\u00e9n\u00e9ral Commun D\u00e9partemental de la C\u00f4te-d'Or \nVU le d\u00e9cret  n\u00b0  2020-1545  du  9 d\u00e9cembre  2020 relatif  \u00e0 l'organisation  et  aux\nmissions des directions r\u00e9gionales de l'\u00e9conomie, de l'emploi, du travail et des\nsolidarit\u00e9s,  des  directions  d\u00e9partementales  de  l'emploi,  du  travail  et  des\nsolidarit\u00e9s  et  des  directions  d\u00e9partementales  de  l'emploi,  du  travail,  des\nsolidarit\u00e9s et de la protection des populations ;\nVU l'arr\u00eat\u00e9  pr\u00e9fectoral  du  26  mars  2021  portant  organisation  de  la  direction\nd\u00e9partementale de l'emploi, du travail et des solidarit\u00e9s de la C\u00f4te d'Or  ;\n  VU  l'arr\u00eat\u00e9 pr\u00e9fectoral n\u00b0 1204/SG du  17 octobre 2022 donnant  d\u00e9l\u00e9gation  de\nsignature  \u00e0  M.Nicolas  NIBOUREL,  directeur  d\u00e9partemental  de  l'emploi,  du\ntravail et des solidarit\u00e9s de la C\u00f4te-d'Or ;\n VU l'arr\u00eat\u00e9 minist\u00e9riel du 7 octobre 2024 portant nomination de Madame Armelle\nLEON dans l'emploi de directrice d\u00e9partementale de l'emploi, du travail et des\nsolidarit\u00e9s de la C\u00f4te d'Or ;\n Sur proposition de la secr\u00e9taire g\u00e9n\u00e9rale par int\u00e9rim de la pr\u00e9fecture de la C\u00f4te-\nd'Or ;\nARR\u00caTE\nSection I: dispositions g\u00e9n\u00e9rales\nArticle 1er     :   \nL'arr\u00eat\u00e9 pr\u00e9fectoral n\u00b0 1204/SG du 17 octobre 2022 donnant d\u00e9l\u00e9gation de signature\n\u00e0 Monsieur Nicolas NIBOUREL, directeur d\u00e9partemental de l'emploi, du travail et des\nsolidarit\u00e9s de la C\u00f4te d'Or et  toutes dispositions contraires \u00e0 celui-ci sont abrog\u00e9es.\nSection II     : comp\u00e9tence administrative g\u00e9n\u00e9rale  \nArticle 2 :\nD\u00e9l\u00e9gation  de  signature  est  donn\u00e9e  \u00e0  Madame  Armelle  LEON , directrice\nd\u00e9partementale de l'emploi, du travail et des solidarit\u00e9s de la C\u00f4te d'Or, \u00e0 l'effet de\nsigner dans le cadre de ses attributions telles que d\u00e9finies \u00e0 l'article 4 du d\u00e9cret du 3\nd\u00e9cembre 2009 modifi\u00e9 par le d\u00e9cret du 9 d\u00e9cembre 2020 sus vis\u00e9s et dans la limite\ndes attributions et d\u00e9l\u00e9gations donn\u00e9es au Secr\u00e9tariat G\u00e9n\u00e9ral Commun de la C\u00f4te\nd'Or :\nT\nPr\u00e9fecture de la C\u00f4te-d'Or - 21-2024-10-28-00018 - Arr\u00eat\u00e9 n\u00b0 1657 /SG du 28 octobre 2024\nportant d\u00e9l\u00e9gation de signature \u00e0 Madame Armelle LEON, directrice  d\u00e9partementale de l'emploi, du travail et des solidarit\u00e9s de la\nC\u00f4te d'Or\n26\n\uf0b7 tous les actes administratifs entrant dans le champ de comp\u00e9tence des directions\nd\u00e9partementales de l'emploi, du travail et des solidarit\u00e9s, en particulier les arr\u00eat\u00e9s,\nd\u00e9cisions, circulaires rapports et correspondances (courriers et courriels)  ;\n\uf0b7 tous  les  actes,  y  compris  les  correspondances,  relatifs  \u00e0  l'organisation  et  au\nfonctionnement des services plac\u00e9s sous son autorit\u00e9, tant en ce qui concerne la\ngestion  des  moyens  en  personnels  que  ceux  ayant  traits  aux  moyens  mat\u00e9riels,\nmobiliers et immobiliers.\nArticle 3     :  \nDans le cadre de la d\u00e9l\u00e9gation vis\u00e9e \u00e0 l'article 1 er, demeurent soumis \u00e0 la signature\ndu pr\u00e9fet de d\u00e9partement :\n\uf0b7 les conventions et contrats liant l'\u00c9tat \u00e0 la r\u00e9gion, au d\u00e9partement de la\nC\u00f4te d'Or et \u00e0 leurs \u00e9tablissements publics ;\n\uf0b7 les correspondances et d\u00e9cisions adress\u00e9es au Pr\u00e9sident de la R\u00e9publique,\nau  Premier  ministre,  aux  ministres,  aux  parlementaires,  au  pr\u00e9sident  du\nConseil r\u00e9gional, au pr\u00e9sident du Conseil d\u00e9partemental, au Pr\u00e9sident de la\nm\u00e9tropole dijonnaise et aux autres \u00e9lus du d\u00e9partement  ;\n\uf0b7 les actes r\u00e9glementaires et autres arr\u00eat\u00e9s de port\u00e9e g\u00e9n\u00e9rale ;\n\uf0b7 les requ\u00eates, m\u00e9moires et autres correspondances entrant dans un cadre\ncontentieux engageant la responsabilit\u00e9 de l'\u00c9tat ;\n\uf0b7 les actes relatifs aux proc\u00e9dures d'expulsion, octroi ou refus du concours\nde  la  force  publique,  les  refus  r\u00e9serv\u00e9s  aux  demandes  d'indemnisation\nsup\u00e9rieures \u00e0 10 000 \u20ac ;\n\uf0b7 la  composition  et  la  d\u00e9signation  des  membres  des  commissions\nadministratives  relevant  du  champ  des  comp\u00e9tences  de  la  direction\nd\u00e9partementale de l'emploi, du travail et des solidarit\u00e9s.\nArticle 4     :   \nMadame Armelle LEON est habilit\u00e9e \u00e0 pr\u00e9senter les observations orales de l'\u00c9tat\ndevant  les  juridictions  administratives  et  judiciaires  \u00e0  l'appui  des  conclusions\nsign\u00e9es par le repr\u00e9sentant de l'\u00c9tat. \nSection III     : comp\u00e9tence d'ordonnancement secondaire  \nArticle 5     :   \nD\u00e9l\u00e9gation est \u00e9galement donn\u00e9e \u00e0 Madame Armelle LEON : \n5.1     :  En  tant  que  responsable  d'unit\u00e9  op\u00e9rationnelle,   \u00e0  l'effet  de  proc\u00e9der  \u00e0\nl'ordonnancement secondaire des recettes et d\u00e9penses de l'Etat concernant les\nBOP des programmes cit\u00e9s ci-dessous, relevant de son champ de comp\u00e9tences  : \n\uf0b7 BOP 104 \u2013 Int\u00e9gration et acc\u00e8s \u00e0 la nationalit\u00e9 fran\u00e7aise\n\uf0b7 BOP 111 - Am\u00e9lioration de la qualit\u00e9 de l'emploi et des  relations  du\ntravail\n\uf0b7 BOP 135 - Urbanisme, territoires et am\u00e9lioration de l'habitat\n\uf0b7 BOP 147 \u2013 politique de la ville\n\uf0b7 BOP 157 \u2013 handicap et d\u00e9pendance\n\uf0b7 BOP  177 \u2013  h\u00e9bergement,  parcours  vers  le logement  et insertion  des\npersonnes vuln\u00e9rables\n\uf0b7 BOP 183 \u2013 protection maladie\nT\nPr\u00e9fecture de la C\u00f4te-d'Or - 21-2024-10-28-00018 - Arr\u00eat\u00e9 n\u00b0 1657 /SG du 28 octobre 2024\nportant d\u00e9l\u00e9gation de signature \u00e0 Madame Armelle LEON, directrice  d\u00e9partementale de l'emploi, du travail et des solidarit\u00e9s de la\nC\u00f4te d'Or\n27\n\uf0b7 BOP 303 \u2013 immigration et asile\n\uf0b7 BOP 304 \u2013 inclusion sociale, protection des personnes\npour les actes suivants : \n-  r\u00e9ception  et  allocation  des  cr\u00e9dits  subd\u00e9l\u00e9gu\u00e9s  par  le  responsable  de  budget\nop\u00e9rationnel  de  programme  (RBOP)  et  le  suivi  du  budget  (autorisations\nd'engagement et cr\u00e9dits de paiement de l'UO),\n-  l'ex\u00e9cution  de  la d\u00e9pense  :  engagement  juridique,  constatation  du  service  fait,\nliquidation (demande de paiement), validation par le centre de service partag\u00e9\nCHORUS habilit\u00e9,\n- le traitement des immobilisation,\n- le traitement des recettes non fiscales,\n- les travaux de fin d'exercice. \n5.2 : En tant que  responsable de service prescripteur pour les centres de co\u00fbts\ndont il a la gestion et dans le cadre des instructions donn\u00e9es par le responsable\nd'unit\u00e9 op\u00e9rationnelle (RUO) pour les programmes suivants  : \n\u2022 BOP  148  -  fonction  publique  (action  02  \u2013  action  sociale\ninterminist\u00e9rielle)\n\uf0b7 BOP 354 \u2013 administration territoriale de l'\u00c9tat\n\uf0b7 BOP 364 \u2013 volet coh\u00e9sion - plan de relance\n\uf0b7 BOP 723 - op\u00e9rations immobili\u00e8res et entretien des b\u00e2timents de l'\u00c9tat\npour les actes suivants     :   \n- le  suivi du budget (autorisation d'engagement et cr\u00e9dits de paiement) au niveau\ndes centres de co\u00fbts et le rendu compte p\u00e9riodique de l'ex\u00e9cution des d\u00e9penses\nau RUO,\n- l'ex\u00e9cution de la d\u00e9penses  : engagement juridique,  constatation du service fait,\nliquidation (demande de paiement),\n- le traitement des immobilisation,\n- le traitement des recettes non fiscales,\n- les travaux de fin d'exercice. \nArticle 6     :   \nDemeurent r\u00e9serv\u00e9s \u00e0 la signature du pr\u00e9fet de d\u00e9partement dans le cadre de\nl'article 4 du pr\u00e9sent arr\u00eat\u00e9 : \n\u2022 La signature des ordres de r\u00e9quisition du comptable public  ;\n\u2022 La  signature  des  d\u00e9cisions  de  passer  outre  le  refus  du  visa  du  contr\u00f4leur\nbudg\u00e9taire r\u00e9gional et la saisine du ministre en vue de cette proc\u00e9dure  ; \n\u2022 Les  d\u00e9cisions  de  subventions  destin\u00e9es  aux  collectivit\u00e9s  locales  et  \u00e0  leurs\n\u00e9tablissements publics ; \n\u2022 Les d\u00e9cisions de subventions sup\u00e9rieures \u00e0 100 000 \u20ac et sup\u00e9rieures \u00e0 5 000 \u20ac\nconcernant le BOP 147 - politique de la ville  ;\n\u2022 L'ordonnancement secondaires des conventions et d\u00e9cisions de subvention\nmentionn\u00e9es \u00e0 l'article 2.\nT\nPr\u00e9fecture de la C\u00f4te-d'Or - 21-2024-10-28-00018 - Arr\u00eat\u00e9 n\u00b0 1657 /SG du 28 octobre 2024\nportant d\u00e9l\u00e9gation de signature \u00e0 Madame Armelle LEON, directrice  d\u00e9partementale de l'emploi, du travail et des solidarit\u00e9s de la\nC\u00f4te d'Or\n28\nSection IV     : march\u00e9s publics et pouvoir adjudicateur  \nArticle 7     :   \nDans  la  limite  des  attributions  et  d\u00e9l\u00e9gations  donn\u00e9es  au  Secr\u00e9tariat  G\u00e9n\u00e9ral\nCommun de la C\u00f4te d'Or, d \u00e9l\u00e9gation est donn\u00e9e \u00e0 Madame Armelle LEON \u00e0 l'effet\nde signer les march\u00e9s de l'Etat et tous les actes relatifs \u00e0 la passation et \u00e0 l'ex\u00e9cution\ndes march\u00e9s d\u00e9volus au pouvoir adjudicataire \u00e0 l'exception des ordres de r\u00e9quisition\ndu comptable public. \nCette  d\u00e9l\u00e9gation  s'applique  \u00e0  l'ensemble  des  march\u00e9s  quels  que  soient  leurs\nmontants.\nSection V : subd\u00e9l\u00e9gation de signature \nArticle 8 : \nPour l'ensemble des comp\u00e9tences vis\u00e9es aux sections I, II et III, Madame Armelle\nLEON peut, sous sa responsabilit\u00e9, subd\u00e9l\u00e9guer sa signature aux agents plac\u00e9s sous\nson autorit\u00e9. La signature des agents habilit\u00e9s, dont la liste devra \u00eatre transmise au\npr\u00e9fet de d\u00e9partement, sera accr\u00e9dit\u00e9e aupr\u00e8s du comptable payeur. \nArticle 9: \nLa secr\u00e9taire g\u00e9n\u00e9rale par int\u00e9rim de la pr\u00e9fecture de la C\u00f4te-d'Or et la directrice\nd\u00e9partementale  de  l'emploi,  du  travail  et  des  solidarit\u00e9s   de  la  C\u00f4te-d'Or  sont\ncharg\u00e9s, chacun en ce qui le concerne, de l'ex\u00e9cution du pr\u00e9sent arr\u00eat\u00e9 qui sera\npubli\u00e9 au recueil des actes administratifs de la pr\u00e9fecture de la C\u00f4te-d'Or. \nFait \u00e0 Dijon  le 28 octobre 2024\nLe pr\u00e9fet,\nSign\u00e9 :\n           Paul MOURIER\nT\nPr\u00e9fecture de la C\u00f4te-d'Or - 21-2024-10-28-00018 - Arr\u00eat\u00e9 n\u00b0 1657 /SG du 28 octobre 2024\nportant d\u00e9l\u00e9gation de signature \u00e0 Madame Armelle LEON, directrice  d\u00e9partementale de l'emploi, du travail et des solidarit\u00e9s de la\nC\u00f4te d'Or\n29\nPr\u00e9fecture de la C\u00f4te-d'Or\nP\u00f4le juridique inter-services\n21-2024-10-28-00004\nArr\u00eat\u00e9 pr\u00e9fectoral n\u00b0  1642 / SG du 28 octobre\n2024\ndonnant d\u00e9l\u00e9gation de signature \u00e0 Madame\nAmelle GHAYOU, secr\u00e9taire g\u00e9n\u00e9rale par int\u00e9rim\n de la pr\u00e9fecture de la C\u00f4te-d'Or\nPr\u00e9fecture de la C\u00f4te-d'Or - 21-2024-10-28-00004 - Arr\u00eat\u00e9 pr\u00e9fectoral n\u00b0  1642 / SG du 28 octobre 2024\ndonnant d\u00e9l\u00e9gation de signature \u00e0 Madame Amelle GHAYOU, secr\u00e9taire g\u00e9n\u00e9rale par int\u00e9rim  de la pr\u00e9fecture de la C\u00f4te-d'Or 30\nArr\u00eat\u00e9 pr\u00e9fectoral n\u00b0  1642 / SG du 28 octobre 2024\ndonnant d\u00e9l\u00e9gation de signature \u00e0 Madame Amelle GHAYOU,\nsecr\u00e9taire g\u00e9n\u00e9rale par int\u00e9rim  de la pr\u00e9fecture de la C\u00f4te-d'Or\nLe pr\u00e9fet de la C\u00f4te-d'Or\nVu la  loi  n\u00b0  82.213  du  2  mars  1982  modifi\u00e9e  relative  aux  droits  et  libert\u00e9s  des\ncommunes, des d\u00e9partements et des r\u00e9gions ;\nVu le  d\u00e9cret  n\u00b0  2004-374  du  29  avril  2004  relatif  aux  pouvoirs  des  pr\u00e9fets,  \u00e0\nl'organisation et \u00e0 l'action des services de l'\u00c9tat dans les r\u00e9gions et d\u00e9partements,\nmodifi\u00e9 par le d\u00e9cret n\u00b0 2010-146 du 16 f\u00e9vrier 2010 et par le d\u00e9cret n\u00b0 2010-687 du 24\njuin 2010 ;\nVu le d\u00e9cret n\u00b0 2008-158 du 22 f\u00e9vrier 2008 relatif \u00e0 la suppl\u00e9ance des pr\u00e9fets de\nr\u00e9gion  et  \u00e0  la  d\u00e9l\u00e9gation  de  signature  des  pr\u00e9fets  et  hauts  commissaires  de  la\nR\u00e9publique en Polyn\u00e9sie fran\u00e7aise et en Nouvelle-Cal\u00e9donie ;\nVu le d\u00e9cret n\u00b0 2009-176 du 16 f\u00e9vrier 2009 modifiant le d\u00e9cret n\u00b0 64-805 du 29  juillet\n1964 fixant les dispositions r\u00e9glementaires applicables aux pr\u00e9fets et le d\u00e9cret n\u00b0 2004-\n374 du 29 avril 2004 relatif aux pouvoirs des pr\u00e9fets, \u00e0 l'organisation et \u00e0 l'action des\nservices de l'\u00c9tat dans les r\u00e9gions et d\u00e9partements ;\nVu le d\u00e9cret du 10 octobre 2024 nommant Monsieur Paul MOURIER, pr\u00e9fet de la r\u00e9gion\nBourgogne-Franche-Comt\u00e9, pr\u00e9fet de la C\u00f4te d'Or ;\nVu le d\u00e9cret du 16 ao\u00fbt 2022 portant nomination de Monsieur Olivier GERSTL\u00c9, sous-\npr\u00e9fet, en qualit\u00e9 de sous-pr\u00e9fet, directeur de cabinet du pr\u00e9fet de la r\u00e9gion Bourgogne-\nFranche-Comt\u00e9, pr\u00e9fet de la C\u00f4te-d'Or ;\nVu le  d\u00e9cret  du  29  d\u00e9cembre  2022  portant  nomination  Mme  Amelle  GHAYOU,\nadministratrice territoriale, sous-pr\u00e9f\u00e8te charg\u00e9e de mission apr\u00e8s du pr\u00e9fet de r\u00e9gion\nBourgogne-Franche-Comt\u00e9, pr\u00e9fet de la C\u00f4te-d'Or ;\nVu le d\u00e9cret du 6 juillet 2023, portant nomination de Monsieur Beno\u00eet BYRSKI, en\nqualit\u00e9 de sous-pr\u00e9fet de Beaune ;\nVu le d\u00e9cret du 17 novembre 2023 portant nomination de Monsieur S\u00e9bastien LANOYE,\nsous- pr\u00e9fet de Montbard ;\nPr\u00e9fecture de la C\u00f4te-d'Or - 21-2024-10-28-00004 - Arr\u00eat\u00e9 pr\u00e9fectoral n\u00b0  1642 / SG du 28 octobre 2024\ndonnant d\u00e9l\u00e9gation de signature \u00e0 Madame Amelle GHAYOU, secr\u00e9taire g\u00e9n\u00e9rale par int\u00e9rim  de la pr\u00e9fecture de la C\u00f4te-d'Or 31\nVu l'arr\u00eat\u00e9  pr\u00e9fectoral  n\u00b0  147/SG  du  18  JANVIER  2024,  donnant  d\u00e9l\u00e9gation  de\nsignature \u00e0  Monsieur Johann MOUGENOT, secr\u00e9taire g\u00e9n\u00e9ral de la pr\u00e9fecture de la\nC\u00f4te-d'Or ;\nConsid\u00e9rant  que par arr\u00eat\u00e9 du 23 octobre 2024 M. Johann MOUGENOT, secr\u00e9taire\ng\u00e9n\u00e9ral de la pr\u00e9fecture de la C\u00f4te-d'Or, a \u00e9t\u00e9 nomm\u00e9 \u00e0 compter du 28 octobre 2024 ,\nconseiller  libert\u00e9s  publiques  et  administration  territoriale  au  cabinet  du  ministre  de\nl'Int\u00e9rieur ;\nConsid\u00e9rant qu'en  application  de  l'article  45  du  d\u00e9cret  2004-374  susvis\u00e9,  en  cas\nd'absence ou d'emp\u00eachement du secr\u00e9taire g\u00e9n\u00e9ral, le pr\u00e9fet d\u00e9signe pour assurer la\nsuppl\u00e9ance un autre sous-pr\u00e9fet dans le d\u00e9partement ;\nARR\u00caTE\nArticle 1er : L'arr\u00eat\u00e9 pr\u00e9fectoral n\u00b0 147/SG du 18 janvier 2024,  donnant d\u00e9l\u00e9gation de\nsignature \u00e0 Monsieur  Johann MOUGENOT,  secr\u00e9taire g\u00e9n\u00e9ral de la pr\u00e9fecture de la\nC\u00f4te-d'Or, et toutes dispositions ant\u00e9rieures contraires au pr\u00e9sent arr\u00eat\u00e9 sont abrog\u00e9s.\nArticle 2 : Mme Amelle GHAYOU,  sous-pr\u00e9f\u00e8te charg\u00e9e de mission apr\u00e8s du pr\u00e9fet de\nr\u00e9gion Bourgogne-Franche-Comt\u00e9, pr\u00e9fet de la C\u00f4te-d'Or, est d\u00e9sign\u00e9e pour assurer\nl'int\u00e9rim des fonctions de secr\u00e9taire g\u00e9n\u00e9ral de la pr\u00e9fecture de la C\u00f4te-d'Or\nArticle 3 : D\u00e9l\u00e9gation de signature est donn\u00e9e \u00e0 Madame Amelle GHAYOU, secr\u00e9taire\ng\u00e9n\u00e9rale par int\u00e9rim de la pr\u00e9fecture de la C\u00f4te-d'Or, \u00e0 l'effet de signer tous arr\u00eat\u00e9s,\nd\u00e9cisions, circulaires, rapports, correspondances et documents relevant des attributions\nde l'\u00c9tat dans le d\u00e9partement de la C\u00f4te-d'Or, ainsi que tous recours juridictionnels,\nm\u00e9moires et documents se rapportant \u00e0 la saisine des juridictions judiciaires en mati\u00e8re\nde r\u00e9tention administrative, \u00e0 l'exception :\ndes d\u00e9clinatoires de comp\u00e9tences et arr\u00eat\u00e9s de conflit.\nArticle 4  : En cas d'absence ou d'emp\u00eachement de Madame Amelle GHAYOU, les\npouvoirs et fonctions de secr\u00e9taire g\u00e9n\u00e9ral de la pr\u00e9fecture de la C\u00f4te-d'Or seront\nexerc\u00e9s par Monsieur  Olivier GERSTL\u00c9,  sous-pr\u00e9fet, directeur de cabinet du pr\u00e9fet de\nla r\u00e9gion Bourgogne-Franche-Comt\u00e9, pr\u00e9fet de la C\u00f4te-d'Or.\nPendant ladite p\u00e9riode d'absence ou d'emp\u00eachement de Madame Amelle GHAYOU,\nMonsieur Olivier GERSTL\u00c9,  exercera, outre les attributions conf\u00e9r\u00e9es par les lois et\nr\u00e8glements aux secr\u00e9taires g\u00e9n\u00e9raux de pr\u00e9fecture, la d\u00e9l\u00e9gation de signature d\u00e9finie \u00e0\nl'article 2 du pr\u00e9sent arr\u00eat\u00e9 au profit de Madame Amelle GHAYOU.\nArticle 5  : En cas d'absence ou d'emp\u00eachement de Madame Amelle GHAYOU et de\nMonsieur  Olivier  GERSTL\u00c9, les  pouvoirs  et  fonctions  de  secr\u00e9taire  g\u00e9n\u00e9ral  de  la\npr\u00e9fecture de la C\u00f4te-d'Or seront exerc\u00e9s par Monsieur Beno\u00eet BYRSKI , sous-pr\u00e9fet de\nBeaune ou, en son absence ou emp\u00eachement, par Monsieur S\u00e9bastien LANOYE, sous-\npr\u00e9fet de Montbard.\n2/3\nPr\u00e9fecture de la C\u00f4te-d'Or - 21-2024-10-28-00004 - Arr\u00eat\u00e9 pr\u00e9fectoral n\u00b0  1642 / SG du 28 octobre 2024\ndonnant d\u00e9l\u00e9gation de signature \u00e0 Madame Amelle GHAYOU, secr\u00e9taire g\u00e9n\u00e9rale par int\u00e9rim  de la pr\u00e9fecture de la C\u00f4te-d'Or 32\nPendant ladite p\u00e9riode d'absence ou d'emp\u00eachement de Madame Amelle GHAYOU et\nde Monsieur Olivier GERSTL\u00c9 , Monsieur Beno\u00eet BYRSKI , sous-pr\u00e9fet de Beaune, ou,\nen  son  absence  ou  emp\u00eachement,  Monsieur  S\u00e9bastien  LANOYE,  sous-pr\u00e9fet  de\nMontbard exerceront, outre les attributions conf\u00e9r\u00e9es par les lois et r\u00e8glements aux\nsecr\u00e9taires g\u00e9n\u00e9raux de pr\u00e9fecture, la d\u00e9l\u00e9gation de signature d\u00e9finie \u00e0 l'article  2  du\npr\u00e9sent arr\u00eat\u00e9 au profit de Madame Amelle GHAYOU. \nArticle 6 : Le pr\u00e9sent arr\u00eat\u00e9 prendra effet le 28 octobre 2024.\nArticle  7 : La  secr\u00e9taire  g\u00e9n\u00e9rale  par  int\u00e9rim  de  la  pr\u00e9fecture  de  la  C\u00f4te-d'Or,  le\ndirecteur de cabinet du pr\u00e9fet de la r\u00e9gion Bourgogne-Franche-Comt\u00e9, pr\u00e9fet de la\nC\u00f4te-d'Or,  le sous-pr\u00e9fet de  Beaune, le sous-pr\u00e9fet  de  Montbard sont charg\u00e9s, de\nl'ex\u00e9cution du pr\u00e9sent arr\u00eat\u00e9 qui sera publi\u00e9 au recueil des actes administratifs de la\npr\u00e9fecture de la C\u00f4te-d'Or.\nFait \u00e0 Dijon, le 28 octobre 2024\nLe pr\u00e9fet,\nSign\u00e9 :\nPaul MOURIER\n3/3\nPr\u00e9fecture de la C\u00f4te-d'Or - 21-2024-10-28-00004 - Arr\u00eat\u00e9 pr\u00e9fectoral n\u00b0  1642 / SG du 28 octobre 2024\ndonnant d\u00e9l\u00e9gation de signature \u00e0 Madame Amelle GHAYOU, secr\u00e9taire g\u00e9n\u00e9rale par int\u00e9rim  de la pr\u00e9fecture de la C\u00f4te-d'Or 33\nPr\u00e9fecture de la C\u00f4te-d'Or\nP\u00f4le juridique inter-services\n21-2024-10-28-00006\nArr\u00eat\u00e9 pr\u00e9fectoral n\u00b0  1643 / SG du 28 octobre\n2024 donnant d\u00e9l\u00e9gation de signature \u00e0\nMonsieur Beno\u00eet BYRSKI, sous-pr\u00e9fet de Beaune\nPr\u00e9fecture de la C\u00f4te-d'Or - 21-2024-10-28-00006 - Arr\u00eat\u00e9 pr\u00e9fectoral n\u00b0  1643 / SG du 28 octobre 2024 donnant d\u00e9l\u00e9gation de\nsignature \u00e0 Monsieur Beno\u00eet BYRSKI, sous-pr\u00e9fet de Beaune 34\nArr\u00eat\u00e9 pr\u00e9fectoral n\u00b0  1643 / SG du 28 octobre 2024\ndonnant d\u00e9l\u00e9gation de signature \u00e0 Monsieur Beno\u00eet BYRSKI,\nsous-pr\u00e9fet de Beaune\nLe pr\u00e9fet de la C\u00f4te-d'Or\nVu la  loi  n\u00b0  82.213  du  2  mars  1982  modifi\u00e9e  relative  aux  droits  et  libert\u00e9s  des\ncommunes, des d\u00e9partements et des r\u00e9gions ;\nVu le  d\u00e9cret  n\u00b0  2004-374  du  29  avril  2004  relatif  aux  pouvoirs  des  pr\u00e9fets,  \u00e0\nl'organisation et \u00e0 l'action des services de l'\u00c9tat dans les r\u00e9gions et d\u00e9partements,\nmodifi\u00e9 par le d\u00e9cret n\u00b0 2010-146 du 16 f\u00e9vrier 2010 et par le d\u00e9cret n\u00b0 2010-687 du 24\njuin 2010 ;\nVu le d\u00e9cret n\u00b0 2008-158 du 22 f\u00e9vrier 2008 relatif \u00e0 la suppl\u00e9ance des pr\u00e9fets de\nr\u00e9gion  et  \u00e0  la  d\u00e9l\u00e9gation  de  signature  des  pr\u00e9fets  et  hauts  commissaires  de  la\nR\u00e9publique en Polyn\u00e9sie fran\u00e7aise et en Nouvelle-Cal\u00e9donie ;\nVu le d\u00e9cret n\u00b0 2009-176 du 16 f\u00e9vrier 2009 modifiant le d\u00e9cret n\u00b0 64-805 du 29  juillet\n1964 fixant les dispositions r\u00e9glementaires applicables aux pr\u00e9fets et le d\u00e9cret n\u00b0 2004-\n374 du 29 avril 2004 relatif aux pouvoirs des pr\u00e9fets, \u00e0 l'organisation et \u00e0 l'action des\nservices de l'\u00c9tat dans les r\u00e9gions et d\u00e9partements ;\nVu le d\u00e9cret du 10 octobre 2024 nommant Monsieur Paul MOURIER, pr\u00e9fet de la r\u00e9gion\nBourgogne-Franche-Comt\u00e9, pr\u00e9fet de la C\u00f4te d'Or ;\nVu le  d\u00e9cret  du  16  ao\u00fbt  2022  portant  nomination  de  Monsieur  Olivier  GERSTL\u00c9,\nadministrateur civil, en qualit\u00e9 de sous-pr\u00e9fet, directeur de cabinet du pr\u00e9fet de la r\u00e9gion\nBourgogne-Franche-Comt\u00e9, pr\u00e9fet de la C\u00f4te-d'Or ;\nVu le  d\u00e9cret  du  29  d\u00e9cembre  2022  portant  nomination  Mme  Amelle  GHAYOU,\nadministratrice territoriale, sous-pr\u00e9f\u00e8te charg\u00e9e de mission apr\u00e8s du pr\u00e9fet de r\u00e9gion\nBourgogne-Franche-Comt\u00e9, pr\u00e9fet de la C\u00f4te-d'Or ;\nVu le d\u00e9cret du 6 juillet 2023, portant nomination de Monsieur Beno\u00eet BYRSKI, en\nqualit\u00e9 de sous-pr\u00e9fet de Beaune ;\nVu le d\u00e9cret du 17 novembre 2023 portant nomination de Monsieur S\u00e9bastien LANOYE,\nsous- pr\u00e9fet de Montbard ;\nPr\u00e9fecture de la C\u00f4te-d'Or - 21-2024-10-28-00006 - Arr\u00eat\u00e9 pr\u00e9fectoral n\u00b0  1643 / SG du 28 octobre 2024 donnant d\u00e9l\u00e9gation de\nsignature \u00e0 Monsieur Beno\u00eet BYRSKI, sous-pr\u00e9fet de Beaune 35\nVu l'arr\u00eat\u00e9 pr\u00e9fectoral n\u00b0 150/SG du 18 janvier 2024 donnant d\u00e9l\u00e9gation de signature \u00e0\nMonsieur Beno\u00eet BYRSKI, sous-pr\u00e9fet de Beaune ;\nSur proposition de Monsieur le secr\u00e9taire g\u00e9n\u00e9ral de la pr\u00e9fecture de la C\u00f4te-d'Or  ;\nARR\u00caTE\nArticle 1  er   : L'arr\u00eat\u00e9 pr\u00e9fectoral n\u00b0 150/SG du 18 janvier 2024 donnant d\u00e9l\u00e9gation de\nsignature  \u00e0  Monsieur  Beno\u00eet  BYRSKI,  sous-pr\u00e9fet  de  Beaune,  ainsi  que  toutes\ndispositions ant\u00e9rieures contraires aux pr\u00e9sents arr\u00eat\u00e9s sont abrog\u00e9s.\nArticle 2 : D\u00e9l\u00e9gation de signature est donn\u00e9e \u00e0 Monsieur Beno\u00eet BYRSKI , sous-pr\u00e9fet\nde  Beaune,  \u00e0  l'effet  de  signer  les  d\u00e9cisions  suivantes  dans  le  ressort  de\nl'arrondissement de Beaune :\nPOLICE G\u00c9N\u00c9RALE :\n1. octroi du concours de la force publique pour l'ex\u00e9cution des jugements d'expulsion des\nlocataires ;\n2. indemnisation en responsabilit\u00e9 de l'\u00c9tat en cas de refus d'octroi du concours de la\nforce publique pour l'ex\u00e9cution des jugements d'expulsion ;\n3. r\u00e9quisitions de logements ;\n4. toute autorisation relative \u00e0 la police des caf\u00e9s, d\u00e9bits de boissons, bals, spectacles et\nautres lieux publics exc\u00e9dant la comp\u00e9tence des autorit\u00e9s municipales ;\n5. fermeture administrative des d\u00e9bits de boissons pour une dur\u00e9e n'exc\u00e9dant pas trois\nmois ;\n6. d\u00e9cisions relatives au transfert de licences de d\u00e9bit de boissons ;\n7. r\u00e9c\u00e9piss\u00e9s de brocanteurs, colporteurs, revendeurs d'objets mobiliers ;\n8. r\u00e9c\u00e9piss\u00e9s de d\u00e9claration et autorisations des courses p\u00e9destres, cyclistes, hippiques\net  manifestations  nautiques  se  d\u00e9roulant  exclusivement  sur  le  territoire  de\nl'arrondissement,  et  manifestations  de  v\u00e9hicules  \u00e0  moteurs  sur  voie  ouverte  \u00e0  la\ncirculation  ou  sur  circuits  homologu\u00e9s  ou  non,  et  homologation  des  circuits  pour\nv\u00e9hicules \u00e0 moteur ;\n9. autorisations d'utilisation temporaire des locaux scolaires ;\n10.reconnaissance de l'aptitude technique des gardes particuliers ;\n11.agr\u00e9ment  et  retrait  d'agr\u00e9ment  des  gardes  particuliers,  gardes-chasse  et  gardes-\np\u00eache, et d\u00e9livrance des cartes d'agr\u00e9ment ;\n12.installation et prestation de serment des fonctionnaires de l'\u00c9tat  ;\n13.nomination des commissaires-enqu\u00eateurs et ouverture des enqu\u00eates de commodo et\nincommodo : tous actes de proc\u00e9dure ;\n14.autorisations de versement d'indemnit\u00e9s aux fonctionnaires de l'\u00c9tat pour les services\nrendus aux communes et \u00e9tablissements publics communaux ou intercommunaux,\ndans la limite r\u00e9glementaire ;\n2/7\nPr\u00e9fecture de la C\u00f4te-d'Or - 21-2024-10-28-00006 - Arr\u00eat\u00e9 pr\u00e9fectoral n\u00b0  1643 / SG du 28 octobre 2024 donnant d\u00e9l\u00e9gation de\nsignature \u00e0 Monsieur Beno\u00eet BYRSKI, sous-pr\u00e9fet de Beaune 36\n15.autorisations de poursuite par voie de vente ;\n16.arr\u00eat\u00e9s modifiant les heures de scrutin pour les \u00e9lections aux Chambres Consulaires\net \u00e0 la Mutualit\u00e9 Sociale Agricole ;\n17.arr\u00eat\u00e9s d'occupation temporaire et de p\u00e9n\u00e9tration sur les propri\u00e9t\u00e9s priv\u00e9es en vue de\nla r\u00e9alisation de travaux publics ;\n18.en mati\u00e8re de l\u00e9gislation fun\u00e9raire :\n\u2022 arr\u00eat\u00e9s d'inhumation et de cr\u00e9mation hors des d\u00e9lais l\u00e9gaux,\n\u2022 arr\u00eat\u00e9s d'inhumation en terrain priv\u00e9,\n\u2022 arr\u00eat\u00e9s de transport de corps hors du territoire national,\n\u2022 arr\u00eat\u00e9s de transport d'urne cin\u00e9raire hors du territoire national,\n\u2022 habilitation des entreprises de pompes fun\u00e8bres ;\n19.d\u00e9cisions  de  la  commission  de  s\u00e9curit\u00e9  et  d'accessibilit\u00e9  de  l'arrondissement,  y\ncompris les d\u00e9cisions de la sous-commission de s\u00e9curit\u00e9 et d'accessibilit\u00e9 ;\n20.arr\u00eat\u00e9s pr\u00e9fectoraux de d\u00e9rogation aux r\u00e8gles de s\u00e9curit\u00e9 et d'accessibilit\u00e9 concernant\nles \u00e9tablissements recevant du public ;\n21.arr\u00eat\u00e9s portant rattachement d'une personne sans r\u00e9sidence ni domicile fixe \u00e0 une\ncommune de l'arrondissement ;\n22.r\u00e9c\u00e9piss\u00e9s de d\u00e9claration de manifestations sur la voie publique ;\nADMINISTRATION LOCALE :\n1. acceptation des d\u00e9missions d'adjoint au maire ;\n2. lettres d'observation aux collectivit\u00e9s dans le cadre du contr\u00f4le des actes et du\ncontr\u00f4le budg\u00e9taire ;\n3. cr\u00e9ation,  modification  et  dissolution  des  associations  syndicales  libres  et  des\nassociations fonci\u00e8res urbaines libres ;\n4. cr\u00e9ation,  contr\u00f4le,  modification,  dissolution,  union  et  fusion  des  associations\nsyndicales autoris\u00e9es ;\n5. cr\u00e9ation, contr\u00f4le, modification, dissolution des associations fonci\u00e8res urbaines\nautoris\u00e9es  et  transformation  des  associations  fonci\u00e8res  de  remembrement  en\nassociations syndicales autoris\u00e9es ;\n6. cr\u00e9ation,  modification  et  dissolution  des  syndicats  intercommunaux,  des\ncommunaut\u00e9s de communes et des syndicats mixtes de 1 \u00e8re ou 2 \u00e8me cat\u00e9gorie\nlorsque tous les membres et le si\u00e8ge sont dans l'arrondissement ;\n7. demande au maire de r\u00e9unir le conseil municipal avec possibilit\u00e9 d'abr\u00e9ger le d\u00e9lai\nen cas d'urgence (article L.2121.9 du code g\u00e9n\u00e9ral des collectivit\u00e9s territoriales)  ;\n8. demande d'avis du conseil municipal pr\u00e9vu par l'article L.2121.29 du code g\u00e9n\u00e9ral\ndes collectivit\u00e9s territoriales ;\n9. convocation  des  \u00e9lecteurs  pour  toute  \u00e9lection  municipale  compl\u00e9mentaire  (et\nnotamment en application de l'article L.258 du code \u00e9lectoral) ;\n3/7\nPr\u00e9fecture de la C\u00f4te-d'Or - 21-2024-10-28-00006 - Arr\u00eat\u00e9 pr\u00e9fectoral n\u00b0  1643 / SG du 28 octobre 2024 donnant d\u00e9l\u00e9gation de\nsignature \u00e0 Monsieur Beno\u00eet BYRSKI, sous-pr\u00e9fet de Beaune 37\n10. r\u00e9ception des candidatures et d\u00e9livrance des re\u00e7us de d\u00e9p\u00f4t et des r\u00e9c\u00e9piss\u00e9s\nd\u00e9finitifs  de  d\u00e9clarations  de  candidatures  pour  les  \u00e9lections  municipales\ncompl\u00e9mentaires dans les communes de l'arrondissement de Beaune ;\n11. d\u00e9signation  des  membres  des  commissions  de  contr\u00f4le  des  listes  \u00e9lectorales\ninstitu\u00e9es dans les communes de l'arrondissement de Beaune ;\n12. substitution au maire dans les cas pr\u00e9vus par les articles L.2122.34, L.2213.17, et\nL.2215.1 du code g\u00e9n\u00e9ral des collectivit\u00e9s territoriales  ;convocation des \u00e9lecteurs\npour  la  d\u00e9signation  des  commissions  syndicales,  fixation  de  la  dur\u00e9e  de  la\ncommission, consultation de la commission et consultation du conseil municipal ;\n13. approbation des d\u00e9lib\u00e9rations des conseils municipaux pr\u00e9vue \u00e0 l'article L.2544.4\ndu code g\u00e9n\u00e9ral des collectivit\u00e9s territoriales (section de commune poss\u00e9dant un\npatrimoine s\u00e9par\u00e9) ;\n14. en mati\u00e8re de sections de commune :\n\u2022 arr\u00eat\u00e9s  pronon\u00e7ant le transfert des biens d'une section  de commune \u00e0  la\ncommune (article L.2411.11 du code g\u00e9n\u00e9ral des collectivit\u00e9s territoriales) ;\n\u2022 convocation  des  \u00e9lecteurs  dans  le  cas  pr\u00e9vu  \u00e0  l'article  L.2411.9  du  code\ng\u00e9n\u00e9ral des collectivit\u00e9s territoriales ;\n15. en mati\u00e8re de biens indivis :\n\u2022 constitution  des  commissions  syndicales  en  l'absence  de  d\u00e9cision  des\nconseils  municipaux  concern\u00e9s  et  arr\u00eat\u00e9  constitutif  en  cas  d'accord  des\nconseils  municipaux  (articles  L.5222.1  du  code  g\u00e9n\u00e9ral  des  collectivit\u00e9s\nterritoriales) ;\n\u2022 r\u00e9partition des exc\u00e9dents en cas de d\u00e9saccord ou si les conseils municipaux\nn'ont pas d\u00e9lib\u00e9r\u00e9 dans les d\u00e9lais prescrits (article L.5222.2 du code g\u00e9n\u00e9ral\ndes collectivit\u00e9s territoriales) ;\n16. approbation des d\u00e9lib\u00e9rations, budgets et march\u00e9s des associations fonci\u00e8res de\nremembrement,  des  associations  syndicales  autoris\u00e9es  et  des  associations\nfonci\u00e8res urbaines autoris\u00e9es ;\n17. r\u00f4les dress\u00e9s pour le recouvrement des taxes ou cotisations par les associations\nfonci\u00e8res de remembrement ;\n18. \u00e9tats  annuels  de  notification  des  taux  d'imposition  des  quatre  taxes  directes\nlocales (\u00e9tats nos 1253 et 1259 MI) ;\n19. cr\u00e9ation d'office des cimeti\u00e8res dans les cas pr\u00e9vus par la loi ;\n20. prescription des enqu\u00eates pr\u00e9alables \u00e0 la modification des limites territoriales des\ncommunes  pr\u00e9vues  \u00e0  l'article  L.2112.2  du  code  g\u00e9n\u00e9ral  des  collectivit\u00e9s\nterritoriales ;\n21. arr\u00eat\u00e9s portant modification des limites territoriales des communes situ\u00e9es dans\nl'arrondissement, dans le cas o\u00f9 les limites cantonales ou d\u00e9partementales ne\nsont pas modifi\u00e9es ;\n22. institution de la commission syndicale pr\u00e9vue \u00e0 l'article L.2112.3 du code g\u00e9n\u00e9ral\ndes collectivit\u00e9s territoriales, dans les conditions d\u00e9finies \u00e0 l'article R.151.6 du code\ndes communes ;\n4/7\nPr\u00e9fecture de la C\u00f4te-d'Or - 21-2024-10-28-00006 - Arr\u00eat\u00e9 pr\u00e9fectoral n\u00b0  1643 / SG du 28 octobre 2024 donnant d\u00e9l\u00e9gation de\nsignature \u00e0 Monsieur Beno\u00eet BYRSKI, sous-pr\u00e9fet de Beaune 38\n23. d\u00e9signation du d\u00e9l\u00e9gu\u00e9 de l'administration au sein des commissions communales\ncharg\u00e9es de r\u00e9viser la liste \u00e9lectorale composant le coll\u00e8ge d\u00e9partemental des\npropri\u00e9taires forestiers ;\n24. contr\u00f4le de l\u00e9galit\u00e9 des actes des soci\u00e9t\u00e9s d'\u00e9conomie mixte dont le si\u00e8ge est\nsitu\u00e9 dans l'arrondissement ;\n25. d\u00e9cisions d'agr\u00e9ment des agents de police municipale (article 7 de la loi n\u00b0 99-291\ndu 15 avril 1999) et cartes professionnelles correspondantes ;\n26. arr\u00eat\u00e9s  de  paiement FCTVA et leur  notification  et  validation  \u00e9lectronique  des\narr\u00eat\u00e9s d'attribution du Fonds de compensation pour la TVA ;\n27. convention entre le repr\u00e9sentant de l'\u00c9tat et les b\u00e9n\u00e9ficiaires du fonds, s'agissant\nde l'application du dispositif du plan de relance de l'\u00e9conomie relatif au FCTVA ;\n28. arr\u00eat\u00e9s  constatant  que  les  collectivit\u00e9s  b\u00e9n\u00e9ficiaires  du  fonds,  s'agissant  de\nl'application du dispositif du plan de relance de l'\u00e9conomie relatif au FCTVA, ont ou\nn'ont pas respect\u00e9 leurs engagements ;\n29. d\u00e9rogations scolaires  : arbitrage en mati\u00e8re de participation financi\u00e8re entre les\ncollectivit\u00e9s de r\u00e9sidence et de scolarisation\n30. Signature  des  conventions  relatives  \u00e0  l'exp\u00e9rimentation  du  Compte  Financier\nUnique.\nArticle  3  : D\u00e9l\u00e9gation  est  donn\u00e9e  \u00e0  Monsieur  Laurent  BOILL\u00c9E,  attach\u00e9\nd'administration  de  l'\u00c9tat  hors  classe,  secr\u00e9taire  g\u00e9n\u00e9ral  de  la  sous-pr\u00e9fecture  de\nBeaune,  \u00e0  l'effet  de  signer  dans  le  ressort  de  l'arrondissement  de  Beaune  les\ndocuments suivants :\n1. d\u00e9cisions de la commission de s\u00e9curit\u00e9 et d'accessibilit\u00e9 de l'arrondissement, y\ncompris les d\u00e9cisions de la sous-commission de s\u00e9curit\u00e9 et d'accessibilit\u00e9 ;\n2. arr\u00eat\u00e9s  pr\u00e9fectoraux  de  d\u00e9rogation  aux  r\u00e8gles  de  s\u00e9curit\u00e9  et  d'accessibilit\u00e9\nconcernant les \u00e9tablissements recevant du public ;\n3. r\u00f4les dress\u00e9s pour le recouvrement des taxes ou cotisations par les associations\nfonci\u00e8res de remembrement ou par les associations syndicales autoris\u00e9es ;\n4. \u00e9tats annuels de notification des taux d'imposition des quatre taxes directes locales\n(\u00e9tats nos 1253 et 1259 MI) ;\n5. r\u00e9c\u00e9piss\u00e9s de brocanteurs, de colporteurs, revendeurs d'objets mobiliers ;\n6. en mati\u00e8re de l\u00e9gislation fun\u00e9raire :\n\u2022 arr\u00eat\u00e9s d'inhumation et de cr\u00e9mation hors des d\u00e9lais l\u00e9gaux,\n\u2022 arr\u00eat\u00e9s d'inhumation en terrain priv\u00e9,\n5/7\nPr\u00e9fecture de la C\u00f4te-d'Or - 21-2024-10-28-00006 - Arr\u00eat\u00e9 pr\u00e9fectoral n\u00b0  1643 / SG du 28 octobre 2024 donnant d\u00e9l\u00e9gation de\nsignature \u00e0 Monsieur Beno\u00eet BYRSKI, sous-pr\u00e9fet de Beaune 39\n\u2022 arr\u00eat\u00e9s de transport de corps hors du territoire national,\n\u2022 arr\u00eat\u00e9s de transport d'urne cin\u00e9raire hors du territoire national,\n\u2022 habilitation des entreprises de pompes fun\u00e8bres ;\n7. r\u00e9c\u00e9piss\u00e9s  de  d\u00e9claration  et  autorisations  des  courses  p\u00e9destres,  cyclistes  et\nhippiques et manifestations nautiques se d\u00e9roulant exclusivement sur le territoire de\nl'arrondissement  et  manifestations  de  v\u00e9hicules  moteurs  sur  voie  ouverte  \u00e0  la\ncirculation  ou  sur  circuit  homologu\u00e9  ou  non,  et  homologation  des  circuits  pour\nv\u00e9hicules \u00e0 moteur ;\n8. reconnaissance de l'aptitude technique des gardes particuliers ;\n9. agr\u00e9ment et retrait d'agr\u00e9ment des gardes particuliers, gardes-chasse et gardes-\np\u00eache, et d\u00e9livrance des cartes d'agr\u00e9ment ;\n10. d\u00e9cisions d'agr\u00e9ment des agents de police municipale et cartes professionnelles\ncorrespondantes ;\n11. installation et prestation de serment des fonctionnaires de l'\u00c9tat  ;\n12. arr\u00eat\u00e9s portant rattachement d'une personne sans r\u00e9sidence ni domicile fixe \u00e0 une\ncommune de l'arrondissement ;\n13. tout document et correspondance administratifs non opposables aux tiers, visa\ndes r\u00f4les dress\u00e9s pour le recouvrement des taxes ou cotisations par les associations\nfonci\u00e8res de remembrement ou par les associations syndicales autoris\u00e9es ;\n14. arr\u00eat\u00e9s  de  paiement FCTVA et leur notification   et  validation \u00e9lectronique des\narr\u00eat\u00e9s d'attribution du Fonds de compensation pour la TVA ;\n15. convention entre le repr\u00e9sentant de l'\u00c9tat et les b\u00e9n\u00e9ficiaires du fonds, s'agissant\nde l'application du dispositif du plan de relance de l'\u00e9conomie relatif au FCTVA ;\n16. arr\u00eat\u00e9s  constatant  que  les  collectivit\u00e9s  b\u00e9n\u00e9ficiaires  du  fonds,  s'agissant  de\nl'application du dispositif du plan de relance de l'\u00e9conomie relatif au FCTVA, ont ou\nn'ont pas respect\u00e9 leurs engagements ;\n17. convocation  des  \u00e9lecteurs  pour  toute  \u00e9lection  municipale  compl\u00e9mentaire  (et\nnotamment en application de l'article L.258 du code \u00e9lectoral) ;\n18. r\u00e9ception des candidatures et d\u00e9livrance des re\u00e7us de d\u00e9p\u00f4t et des r\u00e9c\u00e9piss\u00e9s\nd\u00e9finitifs  de  d\u00e9clarations  de  candidatures  pour  les  \u00e9lections  municipales\ncompl\u00e9mentaires dans les communes de l'arrondissement de Beaune ;\n19. attestation pr\u00e9fectorale de d\u00e9livrance initiale d'un permis de chasser\n6/7\nPr\u00e9fecture de la C\u00f4te-d'Or - 21-2024-10-28-00006 - Arr\u00eat\u00e9 pr\u00e9fectoral n\u00b0  1643 / SG du 28 octobre 2024 donnant d\u00e9l\u00e9gation de\nsignature \u00e0 Monsieur Beno\u00eet BYRSKI, sous-pr\u00e9fet de Beaune 40\nArticle 4 : En cas d'absence ou d'emp\u00eachement de M. Laurent BOILL\u00c9E, la d\u00e9l\u00e9gation\nqui lui est consentie par l'article 3, sera exerc\u00e9e par Madame La\u00efla BENJDIR, attach\u00e9e,\nadjointe au secr\u00e9taire g\u00e9n\u00e9ral.\nArticle 5 : En cas d'absence ou d'emp\u00eachement de Monsieur  Laurent BOILL\u00c9E et de\nMadame  La\u00efla  BENJDIR,  la  d\u00e9l\u00e9gation  consentie  par  l'article  3  sera  exerc\u00e9e  par\nMadame C\u00e9cile RAVRY, secr\u00e9taire administrative de classe exceptionnelle, cheffe du\np\u00f4le \u00ab s\u00e9curit\u00e9 et r\u00e9glementation \u00bb.\nArticle 6 : En cas d'absence ou d'emp\u00eachement de  Monsieur BYRSKI , sous-pr\u00e9fet de\nl'arrondissement  de  Beaune,  et  notamment  pendant  ses  cong\u00e9s,  la  d\u00e9l\u00e9gation  de\nsignature qui lui est consentie par l'article 2 du pr\u00e9sent arr\u00eat\u00e9 pourra \u00eatre exerc\u00e9e par\nMadame Amelle GHAYOU, secr\u00e9taire g\u00e9n\u00e9rale par int\u00e9rim de la pr\u00e9fecture de la C\u00f4te-\nd'Or et, en cas d'emp\u00eachement de cette derni\u00e8re, par Monsieur S\u00e9bastien LANOYE,\nsous-pr\u00e9fet de l'arrondissement de Montbard.\nArticle 7 : Le pr\u00e9sent arr\u00eat\u00e9 prendra effet le lundi 28 octobre 2024.\nArticle 8 : La secr\u00e9taire g\u00e9n\u00e9rale par int\u00e9rim de la pr\u00e9fecture de la C\u00f4te-d'Or, le sous-\npr\u00e9fet  de  Beaune,  le  sous-pr\u00e9fet  de  Montbard,  le  secr\u00e9taire  g\u00e9n\u00e9ral  de  la  sous-\npr\u00e9fecture de Beaune et les agents b\u00e9n\u00e9ficiaires de la d\u00e9l\u00e9gation de signature sont\ncharg\u00e9s, chacun en ce qui le concerne de l'ex\u00e9cution du pr\u00e9sent arr\u00eat\u00e9 qui sera publi\u00e9\nau recueil des actes administratifs de la pr\u00e9fecture de la C\u00f4te-d'Or.\nFait \u00e0 Dijon, le 28 octobre 2024\nLe pr\u00e9fet,\nSign\u00e9 :\n   Paul MOURIER\n7/7\nPr\u00e9fecture de la C\u00f4te-d'Or - 21-2024-10-28-00006 - Arr\u00eat\u00e9 pr\u00e9fectoral n\u00b0  1643 / SG du 28 octobre 2024 donnant d\u00e9l\u00e9gation de\nsignature \u00e0 Monsieur Beno\u00eet BYRSKI, sous-pr\u00e9fet de Beaune 41\nPr\u00e9fecture de la C\u00f4te-d'Or\nP\u00f4le juridique inter-services\n21-2024-10-28-00007\nArr\u00eat\u00e9 pr\u00e9fectoral n\u00b0  1644 / SG du 28 octobre\n2024 donnant d\u00e9l\u00e9gation de signature \u00e0\nMonsieur S\u00e9bastien LANOYE,\nsous-pr\u00e9fet de Montbard\nPr\u00e9fecture de la C\u00f4te-d'Or - 21-2024-10-28-00007 - Arr\u00eat\u00e9 pr\u00e9fectoral n\u00b0  1644 / SG du 28 octobre 2024 donnant d\u00e9l\u00e9gation de\nsignature \u00e0 Monsieur S\u00e9bastien LANOYE,\nsous-pr\u00e9fet de Montbard\n42\nArr\u00eat\u00e9 pr\u00e9fectoral n\u00b0  1644 / SG du 28 octobre 2024 \ndonnant d\u00e9l\u00e9gation de signature \u00e0 Monsieur S\u00e9bastien LANOYE,\nsous-pr\u00e9fet de Montbard\nLe pr\u00e9fet de la C\u00f4te-d'Or\nVu la  loi  n\u00b0  82.213  du  2  mars  1982  modifi\u00e9e  relative  aux  droits  et  libert\u00e9s  des\ncommunes, des d\u00e9partements et des r\u00e9gions ;\nVu le  d\u00e9cret  n\u00b0  2004-374  du  29  avril  2004  relatif  aux  pouvoirs  des  pr\u00e9fets,  \u00e0\nl'organisation et \u00e0 l'action des services de l'\u00c9tat dans les r\u00e9gions et d\u00e9partements,\nmodifi\u00e9 par le d\u00e9cret n\u00b0 2010-146 du 16 f\u00e9vrier 2010 et par le d\u00e9cret n\u00b0 2010-687 du 24\njuin 2010 ;\nVu le d\u00e9cret n\u00b0 2008-158 du 22 f\u00e9vrier 2008 relatif \u00e0 la suppl\u00e9ance des pr\u00e9fets de\nr\u00e9gion  et  \u00e0  la  d\u00e9l\u00e9gation  de  signature  des  pr\u00e9fets  et  hauts  commissaires  de  la\nR\u00e9publique en Polyn\u00e9sie fran\u00e7aise et en Nouvelle-Cal\u00e9donie ;\nVu le d\u00e9cret n\u00b0 2009-176 du 16 f\u00e9vrier 2009 modifiant le d\u00e9cret n\u00b0 64-805 du 29  juillet\n1964 fixant les dispositions r\u00e9glementaires applicables aux pr\u00e9fets et le d\u00e9cret n\u00b0 2004-\n374 du 29 avril 2004 relatif aux pouvoirs des pr\u00e9fets, \u00e0 l'organisation et \u00e0 l'action des\nservices de l'\u00c9tat dans les r\u00e9gions et d\u00e9partements ;\nVu le d\u00e9cret du 10 octobre 2024 nommant Monsieur Paul MOURIER, pr\u00e9fet de la r\u00e9gion\nBourgogne-Franche-Comt\u00e9, pr\u00e9fet de la C\u00f4te d'Or;\nVu le  d\u00e9cret  du  16  ao\u00fbt  2022  portant  nomination  de  Monsieur  Olivier  GERSTL\u00c9,\nadministrateur civil, en qualit\u00e9 de sous-pr\u00e9fet, directeur de cabinet du pr\u00e9fet de la r\u00e9gion\nBourgogne-Franche-Comt\u00e9, pr\u00e9fet de la C\u00f4te-d'Or ;\nVu le d\u00e9cret du 6 juillet 2023, portant nomination de Monsieur Beno\u00eet BYRSKI, en\nqualit\u00e9 de sous-pr\u00e9fet de Beaune ;\nVu le d\u00e9cret du 17 novembre 2023 portant nomination de Monsieur S\u00e9bastien LANOYE,\nsous- pr\u00e9fet de Montbard ;\nVu l'arr\u00eat\u00e9 pr\u00e9fectoral n\u00b0 149/SG du 18 janvier 2024  donnant d\u00e9l\u00e9gation de signature \u00e0\nMonsieur S\u00e9bastien LANOYE , sous-pr\u00e9fet de Montbard ;\nPr\u00e9fecture de la C\u00f4te-d'Or - 21-2024-10-28-00007 - Arr\u00eat\u00e9 pr\u00e9fectoral n\u00b0  1644 / SG du 28 octobre 2024 donnant d\u00e9l\u00e9gation de\nsignature \u00e0 Monsieur S\u00e9bastien LANOYE,\nsous-pr\u00e9fet de Montbard\n43\nARR\u00caTE\nArticle 1  er   : L'arr\u00eat\u00e9  pr\u00e9fectoral n\u00b0 149/SG du 18 janvier 2024  donnant d\u00e9l\u00e9gation de\nsignature \u00e0  donnant d\u00e9l\u00e9gation de signature \u00e0 Monsieur S\u00e9bastien LANOYE  , sous-\npr\u00e9fet  de  Montbard, sous-pr\u00e9fet  de  Montbard , et  toutes  dispositions  ant\u00e9rieures\ncontraires au pr\u00e9sent arr\u00eat\u00e9 sont abrog\u00e9s.\nArticle 2 : D\u00e9l\u00e9gation de signature est donn\u00e9e \u00e0 Monsieur S\u00e9bastien LANOYE,  sous-\npr\u00e9fet  de  Montbard,  \u00e0  l'effet  de  signer  les  d\u00e9cisions  suivantes  dans  le  ressort  de\nl'arrondissement de Montbard :\nPOLICE G\u00c9N\u00c9RALE :\n1. Octroi du concours de la force publique pour l'ex\u00e9cution des jugements d'expulsion\ndes locataires ;\n2. indemnisation en responsabilit\u00e9 de l'\u00c9tat en cas de refus d'octroi du concours de\nla force publique pour l'ex\u00e9cution des jugements d'expulsion ;\n3. r\u00e9quisitions de logements ;\n4. toute  autorisation  relative  \u00e0  la  police  des  caf\u00e9s,  d\u00e9bits  de  boissons,  bals,\nspectacles  et  autres  lieux  publics  exc\u00e9dant  la  comp\u00e9tence  des  autorit\u00e9s\nmunicipales ;\n5. fermeture administrative des d\u00e9bits de boissons pour une dur\u00e9e n'exc\u00e9dant pas trois\nmois ;\n6. d\u00e9cisions relatives au transfert de licences de d\u00e9bit de boissons ;\n7. arr\u00eat\u00e9s portant autorisation de loteries et tombolas dont le capital d'\u00e9mission est\ninf\u00e9rieur ou \u00e9gal \u00e0 7 622 euros ;\n8. d\u00e9livrance des r\u00e9c\u00e9piss\u00e9s de liquidations (article L. 310-1 du code du commerce et\nd\u00e9cret  n \u00b0 2005-39  du  18  janvier  2005  modifiant  le  d\u00e9cret  n\u00b0  96-1097  du  16\nd\u00e9cembre 1996) ;\n9. r\u00e9c\u00e9piss\u00e9s de brocanteurs, colporteurs, revendeurs d'objets mobiliers ;\n10. r\u00e9c\u00e9piss\u00e9s de loteries instantan\u00e9es de la Fran\u00e7aise des Jeux ;\n11. autorisations de haut-parleurs mobiles sur la voie publique ;\n12. autorisations des courses p\u00e9destres, cyclistes et hippiques (en cas de courses se\nd\u00e9roulant  sur  plusieurs  arrondissements,  l'arrondissement  de  d\u00e9part  g\u00e8re  la\ntotalit\u00e9 de la course) et manifestations de v\u00e9hicules moteurs sur voie ouverte \u00e0 la\ncirculation ou sur circuits homologu\u00e9s ou non  ; l'homologation des circuits pour les\nmanifestations de v\u00e9hicule \u00e0 moteur et les manifestations nautiques  ;\n13. autorisations d'utilisation temporaire des locaux scolaires ;\n14. reconnaissance de l'aptitude technique des gardes particuliers ;\n15. agr\u00e9ment et retrait d'agr\u00e9ment des gardes particuliers, gardes-chasse et gardes-\np\u00eache, et d\u00e9livrance des cartes d'agr\u00e9ment ;\n16. installation et prestation de serment des fonctionnaires de l'\u00c9tat  ;\n2/7\nPr\u00e9fecture de la C\u00f4te-d'Or - 21-2024-10-28-00007 - Arr\u00eat\u00e9 pr\u00e9fectoral n\u00b0  1644 / SG du 28 octobre 2024 donnant d\u00e9l\u00e9gation de\nsignature \u00e0 Monsieur S\u00e9bastien LANOYE,\nsous-pr\u00e9fet de Montbard\n44\n17. nomination des commissaires-enqu\u00eateurs et ouverture des enqu\u00eates de commodo\net incommodo : tous actes de proc\u00e9dure ;\n18. autorisations  de  versement  d'indemnit\u00e9s  aux  fonctionnaires  de  l'\u00c9tat  pour  les\nservices  rendus  aux  communes  et  \u00e9tablissements  publics  communaux  ou\nintercommunaux, dans la limite r\u00e9glementaire ;\n19. autorisations de poursuite par voie de vente ;\n20. arr\u00eat\u00e9s  modifiant  les  heures  de  scrutin  pour  les  \u00e9lections  aux  Chambres\nConsulaires et \u00e0 la Mutualit\u00e9 Sociale Agricole ;\n21. arr\u00eat\u00e9s d'occupation temporaire et de p\u00e9n\u00e9tration sur les propri\u00e9t\u00e9s priv\u00e9es en vue\nde la r\u00e9alisation de travaux publics ;\n22. en mati\u00e8re de l\u00e9gislation fun\u00e9raire :\n\u2022 arr\u00eat\u00e9s d'inhumation et de cr\u00e9mation hors des d\u00e9lais l\u00e9gaux\n\u2022 arr\u00eat\u00e9s d'inhumation en terrain priv\u00e9,\n\u2022 arr\u00eat\u00e9s de transport de corps hors du territoire national,\n\u2022 arr\u00eat\u00e9s de transport d'urne cin\u00e9raire hors du territoire national,\n\u2022 habilitation des entreprises de pompes fun\u00e8bres ;\n23. d\u00e9cisions de la commission de s\u00e9curit\u00e9 et d'accessibilit\u00e9 de l'arrondissement, y\ncompris les d\u00e9cisions de la sous-commission de s\u00e9curit\u00e9 et d'accessibilit\u00e9 ;\n24. arr\u00eat\u00e9s  pr\u00e9fectoraux  de  d\u00e9rogation  aux  r\u00e8gles  de  s\u00e9curit\u00e9  et  d'accessibilit\u00e9\nconcernant les \u00e9tablissements recevant du public ;\n25. arr\u00eat\u00e9s portant rattachement d'une personne sans r\u00e9sidence ni domicile fixe \u00e0 une\ncommune de l'arrondissement ;\n26. arr\u00eat\u00e9s autorisant l'installation ou l'extension de syst\u00e8mes de vid\u00e9o-protection.\nADMINISTRATION LOCALE (Dans le ressort de l'arrondissement de Montbard) :\n1. Acceptation des d\u00e9missions d'adjoint ;\n2. lettres  d'observation  aux  collectivit\u00e9s  locales  et  aux  EPCI  dans  le  cadre  du\ncontr\u00f4le des actes et du contr\u00f4le budg\u00e9taire ;\n3. cr\u00e9ation,  modification  et  dissolution  des  associations  syndicales  libres  et  des\nassociations fonci\u00e8res urbaines libres ;\n4. cr\u00e9ation,  contr\u00f4le,  modification,  dissolution,  union  et  fusion  des  associations\nsyndicales autoris\u00e9es ;\n5. cr\u00e9ation, contr\u00f4le, modification, dissolution des associations fonci\u00e8res urbaines\nautoris\u00e9es  et  transformation  des  associations  fonci\u00e8res  de  remembrement  en\nassociations syndicales autoris\u00e9es ;\n6. cr\u00e9ation,  modification  et  dissolution  des  syndicats  intercommunaux,  des\ncommunaut\u00e9s  de  communes  et  des  syndicats  mixtes  de  1\u00e8re ou  2e cat\u00e9gorie\nlorsque tous les membres et le si\u00e8ge sont dans l'arrondissement ;\n7. demande au maire de r\u00e9unir le conseil municipal avec possibilit\u00e9 d'abr\u00e9ger le d\u00e9lai\nen cas d'urgence (article L.2121.9 du code g\u00e9n\u00e9ral des collectivit\u00e9s territoriales)  ;\n8. demande d'avis du conseil municipal pr\u00e9vu par l'article L.2121.29 du code g\u00e9n\u00e9ral\ndes collectivit\u00e9s territoriales ;\n3/7\nPr\u00e9fecture de la C\u00f4te-d'Or - 21-2024-10-28-00007 - Arr\u00eat\u00e9 pr\u00e9fectoral n\u00b0  1644 / SG du 28 octobre 2024 donnant d\u00e9l\u00e9gation de\nsignature \u00e0 Monsieur S\u00e9bastien LANOYE,\nsous-pr\u00e9fet de Montbard\n45\n9. convocation  des  \u00e9lecteurs  pour  toute  \u00e9lection  municipale  compl\u00e9mentaire  (et\nnotamment en application de l'article L.258 du code \u00e9lectoral) ;\n10. r\u00e9ception des candidatures et d\u00e9livrance des re\u00e7us de d\u00e9p\u00f4t et des r\u00e9c\u00e9piss\u00e9s\nd\u00e9finitifs  de  d\u00e9clarations  de  candidatures  pour  les  \u00e9lections  municipales\ncompl\u00e9mentaires dans les communes de l'arrondissement de Montbard ;\n11.  d\u00e9signation des membres des commissions de contr\u00f4le des listes \u00e9lectorales\ninstitu\u00e9es dans les communes de l'arrondissement de Montbard ;\n12. substitution au maire dans les cas pr\u00e9vus par les articles L.2122.34, L.2213.17, et\nL.2215.1 du code g\u00e9n\u00e9ral des collectivit\u00e9s territoriales ;\n13. convocation  des  \u00e9lecteurs  pour  la  d\u00e9signation  des  commissions  syndicales,\nfixation  de  la  dur\u00e9e  de  la  commission,  consultation  de  la  commission  et\nconsultation du conseil municipal ;\n14. approbation des d\u00e9lib\u00e9rations des conseils municipaux pr\u00e9vue \u00e0 l'article L.2544.4\ndu code g\u00e9n\u00e9ral des collectivit\u00e9s territoriales (section de commune poss\u00e9dant un\npatrimoine s\u00e9par\u00e9) ;\n15. en mati\u00e8re de biens indivis :\n\u2022 constitution  des  commissions  syndicales  en  l'absence  de  d\u00e9cision  des\nconseils  municipaux  concern\u00e9s  et  arr\u00eat\u00e9  constitutif  en  cas  d'accord  des\nconseils  municipaux  (articles  L.5222.1  du  code  g\u00e9n\u00e9ral  des  collectivit\u00e9s\nterritoriales) ;\n\u2022 r\u00e9partition des exc\u00e9dents en cas de d\u00e9saccord ou si les conseils municipaux\nn'ont pas d\u00e9lib\u00e9r\u00e9 dans les d\u00e9lais prescrits (article L.5222.2 du code g\u00e9n\u00e9ral\ndes collectivit\u00e9s territoriales) ;\n16. approbation des d\u00e9lib\u00e9rations, budgets et march\u00e9s des associations fonci\u00e8res de\nremembrement,  des  associations  syndicales  autoris\u00e9es  et  des  associations\nfonci\u00e8res urbaines autoris\u00e9es ;\n17. r\u00f4les dress\u00e9s pour le recouvrement des taxes ou cotisations par les associations\nfonci\u00e8res de remembrement ;\n18. \u00e9tats  annuels  de  notification  des  taux  d'imposition  des  quatre  taxes  directes\nlocales (\u00e9tats nos 1253 et 1259 MI) ;\n19. autorisations d'emprunt de l'article L.2121.34 du code g\u00e9n\u00e9ral des collectivit\u00e9s\nterritoriales (emprunts des centres communaux d'action sociale) ;\n20. cr\u00e9ation d'office des cimeti\u00e8res dans les cas pr\u00e9vus par la loi ;\n21. prescription des enqu\u00eates pr\u00e9alables \u00e0 la modification des limites territoriales des\ncommunes  pr\u00e9vues  \u00e0  l'article  L.2112.2  du  code  g\u00e9n\u00e9ral  des  collectivit\u00e9s\nterritoriales ;\n22. arr\u00eat\u00e9s portant modification des limites territoriales des communes situ\u00e9es dans\nl'arrondissement, dans le cas o\u00f9 les limites cantonales ou d\u00e9partementales ne\nsont pas modifi\u00e9es ;\n23. institution de la commission syndicale pr\u00e9vue \u00e0 l'article L.2112.3 du code g\u00e9n\u00e9ral\ndes collectivit\u00e9s territoriales, dans les conditions d\u00e9finies \u00e0 l'article R.151.6 du code\ndes communes ;\n4/7\nPr\u00e9fecture de la C\u00f4te-d'Or - 21-2024-10-28-00007 - Arr\u00eat\u00e9 pr\u00e9fectoral n\u00b0  1644 / SG du 28 octobre 2024 donnant d\u00e9l\u00e9gation de\nsignature \u00e0 Monsieur S\u00e9bastien LANOYE,\nsous-pr\u00e9fet de Montbard\n46\n24. d\u00e9signation du d\u00e9l\u00e9gu\u00e9 de l'administration au sein des commissions communales\ncharg\u00e9es de r\u00e9viser la liste \u00e9lectorale composant le coll\u00e8ge d\u00e9partemental des\npropri\u00e9taires forestiers ;\n25. d\u00e9cisions d'agr\u00e9ment des agents de police municipale (article 7 de la loi n\u00b0 99-291\ndu 15 avril 1999) et cartes professionnelles correspondantes ;\n26. contr\u00f4le de l\u00e9galit\u00e9 des actes des soci\u00e9t\u00e9s d'\u00e9conomie mixte dont le si\u00e8ge est\nsitu\u00e9 dans l'arrondissement ;\n27. arr\u00eat\u00e9s  de  paiement FCTVA et leur  notification  et  validation  \u00e9lectronique  des\narr\u00eat\u00e9s d'attribution du Fonds de compensation pour la TVA ;\n28. convention entre le repr\u00e9sentant de l'\u00c9tat et les b\u00e9n\u00e9ficiaires du fonds, s'agissant\nde l'application du dispositif du plan de relance de l'\u00e9conomie relatif au FCTVA ;\n29. arr\u00eat\u00e9s  constatant  que  les  collectivit\u00e9s  b\u00e9n\u00e9ficiaires  du  fonds,  s'agissant  de\nl'application du dispositif du plan de relance de l'\u00e9conomie relatif au FCTVA, ont ou\nn'ont pas respect\u00e9 leurs engagements ;\n30. courriers, accus\u00e9s de r\u00e9ception li\u00e9s aux dossiers de subvention ;\n31. arbitrage en mati\u00e8re de participation financi\u00e8re entre les collectivit\u00e9s de r\u00e9sidence\net de scolarisation ;\n32. conventions relatives au compte financier unique.\nArticle 3  : D\u00e9l\u00e9gation est donn\u00e9e \u00e0  Madame Marguerite MOINDROT , attach\u00e9e hors\nclasse,  secr\u00e9taire  g\u00e9n\u00e9rale  de  la  sous-pr\u00e9fecture,  \u00e0  l'effet  dans  le  ressort  de\nl'arrondissement de Montbard les documents et d\u00e9cisions suivantes :\n1. d\u00e9cisions de la Commission de s\u00e9curit\u00e9 et d'accessibilit\u00e9 de l'arrondissement, y\ncompris les d\u00e9cisions de la sous-commission de s\u00e9curit\u00e9 et d'accessibilit\u00e9 ;\n2. arr\u00eat\u00e9s  pr\u00e9fectoraux  de  d\u00e9rogation  aux  r\u00e8gles  de  s\u00e9curit\u00e9  et  d'accessibilit\u00e9\nconcernant les \u00e9tablissements recevant du public ;\n3. r\u00e9c\u00e9piss\u00e9s de brocanteurs, de colporteurs, revendeurs d'objets mobiliers ;\n4. arr\u00eat\u00e9s portant rattachement d'une personne sans r\u00e9sidence ni domicile fixe \u00e0 une\ncommune de l'arrondissement ;\n5. en mati\u00e8re de l\u00e9gislation fun\u00e9raire ;\n\u2022 arr\u00eat\u00e9s d'inhumation et de cr\u00e9mation hors des d\u00e9lais l\u00e9gaux,\n\u2022 arr\u00eat\u00e9s d'inhumation en terrain priv\u00e9,\n\u2022 arr\u00eat\u00e9s de transport de corps hors du territoire national,\n\u2022 arr\u00eat\u00e9 de transport d'urne cin\u00e9raire hors du territoire national,\n\u2022 habilitation  des  entreprises  de  pompes  fun\u00e8bres  (y  compris  les  chambres\nfun\u00e9raires  et\nles cr\u00e9matoriums) ;\n6. r\u00e9c\u00e9piss\u00e9s des loteries instantan\u00e9es de la Fran\u00e7aise des Jeux ;\n7. arr\u00eat\u00e9s portant autorisation de loteries et tombolas dont le capital d'\u00e9mission est \ninf\u00e9rieur ou \u00e9gal \u00e0 7 622 euros ;\n8. autorisations des haut-parleurs mobiles sur la voie publique ;\n5/7\nPr\u00e9fecture de la C\u00f4te-d'Or - 21-2024-10-28-00007 - Arr\u00eat\u00e9 pr\u00e9fectoral n\u00b0  1644 / SG du 28 octobre 2024 donnant d\u00e9l\u00e9gation de\nsignature \u00e0 Monsieur S\u00e9bastien LANOYE,\nsous-pr\u00e9fet de Montbard\n47\n9. autorisations des courses p\u00e9destres, cyclistes et hippiques (en cas de courses se\nd\u00e9roulant  sur  plusieurs  arrondissements,  l'arrondissement  de  d\u00e9part  g\u00e8re  la\ntotalit\u00e9 de la course) et manifestations de v\u00e9hicules moteurs sur voie ouverte \u00e0 la\ncirculation ou sur circuits homologu\u00e9s ou non  ; l'homologation des circuits pour les\nmanifestations de v\u00e9hicule \u00e0 moteur et les manifestations nautiques.\n10. reconnaissance de l'aptitude technique des gardes particuliers ;\n11. agr\u00e9ment et retrait d'agr\u00e9ment des gardes particuliers, gardes-chasse et gardes-\np\u00eache, et d\u00e9livrance des cartes d'agr\u00e9ment ;\n12. installation et prestation de serment des fonctionnaires de l'\u00c9tat  ;\n13. d\u00e9cisions d'agr\u00e9ment des agents de police municipale et cartes professionnelles\ncorrespondantes ;\n14. d\u00e9signation des d\u00e9l\u00e9gu\u00e9s de l'administration au sein des commissions de contr\u00f4le\ndes  listes  \u00e9lectorales  institu\u00e9es  dans  les  communes  de  l'arrondissement  de\nMontbard ;\n15. convocation  des  \u00e9lecteurs  pour  toute  \u00e9lection  municipale  compl\u00e9mentaire  (et\nnotamment en application de l'article L.258 du Code \u00c9lectoral) ;\n16. r\u00e9ception des candidatures et d\u00e9livrance des re\u00e7us de d\u00e9p\u00f4t et des r\u00e9c\u00e9piss\u00e9s\nd\u00e9finitifs  de  d\u00e9clarations  de  candidatures  pour  les  \u00e9lections  municipales\ncompl\u00e9mentaires dans les communes de l'arrondissement de Montbard ;\n17. visa des r\u00f4les dress\u00e9s pour le recouvrement des taxes ou cotisations par les\nassociations  fonci\u00e8res  de  remembrement  ou  par  les  associations  syndicales\nautoris\u00e9es ;\u00e9tats annuels de notification des taux d'imposition des quatre taxes\ndirectes locales (\u00e9tats no1253 et n\u00b01259 MI) ;\n18. arr\u00eat\u00e9s  de  paiement FCTVA et leur  notification  et  validation  \u00e9lectronique  des\narr\u00eat\u00e9s d'attribution du Fonds de compensation pour la TVA ;\n19. convention entre le repr\u00e9sentant de l'\u00c9tat et les b\u00e9n\u00e9ficiaires du fonds, s'agissant\nde l'application du dispositif du plan de relance de l'\u00e9conomie relatif au FCTVA ;\n20. arr\u00eat\u00e9s  constatant  que  les  collectivit\u00e9s  b\u00e9n\u00e9ficiaires  du  fonds,  s'agissant  de\nl'application du dispositif du plan de relance de l'\u00e9conomie relatif au FCTVA, ont\nou n'ont pas respect\u00e9 leurs engagements ;\n21. tout document et correspondance administratifs non opposables aux tiers  ;\n22. attestation pr\u00e9fectorale de d\u00e9livrance initiale d'un permis de chasser ;\nArticle 4  : En cas d'absence ou d'emp\u00eachement de Mme Marguerite MOINDROT, la\nd\u00e9l\u00e9gation qui lui est consentie par l'article 3 sera exerc\u00e9e par Madame Am\u00e9lie MILLOT\nVIDET, secr\u00e9taire  administrative  de  classe  sup\u00e9rieure, cheffe  du  p\u00f4le  \u00ab collectivit\u00e9s\nlocales  et  d\u00e9veloppement  territorial \u00bb  ou  par  Madame  Isabelle  BAIJOT,  secr\u00e9taire\nadministrative de classe normale adjointe \u00e0 la cheffe du p\u00f4le \u00ab  collectivit\u00e9s locales et\nd\u00e9veloppement territorial \u00bb ;\n6/7\nPr\u00e9fecture de la C\u00f4te-d'Or - 21-2024-10-28-00007 - Arr\u00eat\u00e9 pr\u00e9fectoral n\u00b0  1644 / SG du 28 octobre 2024 donnant d\u00e9l\u00e9gation de\nsignature \u00e0 Monsieur S\u00e9bastien LANOYE,\nsous-pr\u00e9fet de Montbard\n48\nArticle  5 : D\u00e9l\u00e9gation  de  signature  est  donn\u00e9e  \u00e0  Madame  Am\u00e9lie  MILLOT VIDET,\nsecr\u00e9taire  administratif,  \u00e0  l'effet  de  signer  la  validation  \u00e9lectronique  des  arr\u00eat\u00e9s\nd'attribution  du  Fonds  de  compensation  pour  la  TVA  dans  les  communes  de\nl'arrondissement de Montbard ;\nArticle  6 :  En  cas  d'absence  ou  d'emp\u00eachement de  Monsieur  S\u00e9bastien  LANOYE,\nsous-pr\u00e9fet de Montbard, et notamment pendant ses cong\u00e9s, la d\u00e9l\u00e9gation de signature\nqui lui est consentie pourra \u00eatre exerc\u00e9e par Madame Amelle GHAYOU, secr\u00e9taire\ng\u00e9n\u00e9rale par int\u00e9rim de la pr\u00e9fecture de la C\u00f4te-d'Or ou par Monsieur Beno\u00eet BYRSKI,\nsous-pr\u00e9fet de Beaune ;\nArticle 7 : Le pr\u00e9sent arr\u00eat\u00e9 prendra effet le lundi 28 octobre 2024.\nArticle 8 : La secr\u00e9taire g\u00e9n\u00e9rale par int\u00e9rim de la pr\u00e9fecture de la C\u00f4te-d'Or, le sous-\npr\u00e9fet  de  Montbard,  le  sous-pr\u00e9fet  de  Beaune,  le  secr\u00e9taire  g\u00e9n\u00e9ral  de  la  sous-\npr\u00e9fecture de Beaune, la secr\u00e9taire g\u00e9n\u00e9rale de la sous-pr\u00e9fecture de Montbard et les\nagents b\u00e9n\u00e9ficiaires de la pr\u00e9sente d\u00e9l\u00e9gation \u00e0 la sous-pr\u00e9fecture de Montbard, sont\ncharg\u00e9s, chacun pour ce qui le concerne, de l'ex\u00e9cution du pr\u00e9sent arr\u00eat\u00e9 qui sera\npubli\u00e9 au recueil des actes administratifs de la pr\u00e9fecture de la C\u00f4te-d'Or.\nFait \u00e0 Dijon, le 28 octobre 2024\nLe pr\u00e9fet,\nSign\u00e9 :\nPaul MOURIER\n7/7\nPr\u00e9fecture de la C\u00f4te-d'Or - 21-2024-10-28-00007 - Arr\u00eat\u00e9 pr\u00e9fectoral n\u00b0  1644 / SG du 28 octobre 2024 donnant d\u00e9l\u00e9gation de\nsignature \u00e0 Monsieur S\u00e9bastien LANOYE,\nsous-pr\u00e9fet de Montbard\n49\nPr\u00e9fecture de la C\u00f4te-d'Or\nP\u00f4le juridique inter-services\n21-2024-10-28-00012\nArr\u00eat\u00e9 pr\u00e9fectoral n\u00b0  1646 / SG du 28 octobre\n2024 \ndonnant d\u00e9l\u00e9gation de signature \u00e0 Madame\nNathalie AUBERTIN, directrice des s\u00e9curit\u00e9s de la\npr\u00e9fecture de la C\u00f4te-d'Or\nPr\u00e9fecture de la C\u00f4te-d'Or - 21-2024-10-28-00012 - Arr\u00eat\u00e9 pr\u00e9fectoral n\u00b0  1646 / SG du 28 octobre 2024 \ndonnant d\u00e9l\u00e9gation de signature \u00e0 Madame Nathalie AUBERTIN, directrice des s\u00e9curit\u00e9s de la pr\u00e9fecture de la C\u00f4te-d'Or 50\nArr\u00eat\u00e9 pr\u00e9fectoral n\u00b0  1646 / SG du 28 octobre 2024 \ndonnant d\u00e9l\u00e9gation de signature \u00e0 Madame Nathalie AUBERTIN,\ndirectrice des s\u00e9curit\u00e9s de la pr\u00e9fecture de la C\u00f4te-d'Or\nLe pr\u00e9fet de la C\u00f4te-d'Or\nVu le d\u00e9cret n\u00b0 83.321 du 20 avril 1983 modifi\u00e9 relatif aux pouvoirs des pr\u00e9fets en mati\u00e8re de\nd\u00e9fense de caract\u00e8re non militaire ;\nVu le d\u00e9cret n\u00b0 2004-374 du 29 avril 2004 relatif aux pouvoirs des pr\u00e9fets, \u00e0 l'organisation et \u00e0\nl'action des services de l'\u00c9tat dans les r\u00e9gions et d\u00e9partements, modifi\u00e9 par le d\u00e9cret n\u00b0 2010-146\ndu 16 f\u00e9vrier 2010 et par le d\u00e9cret n\u00b0 2010-687 du 24 juin 2010 ;\nVu le d\u00e9cret n\u00b0 2008-158 du 22 f\u00e9vrier 2008 relatif \u00e0 la suppl\u00e9ance des pr\u00e9fets de r\u00e9gion et \u00e0 la\nd\u00e9l\u00e9gation  de  signature  des  pr\u00e9fets  et  hauts  commissaires  de  la  R\u00e9publique  en  Polyn\u00e9sie\nfran\u00e7aise et en Nouvelle-Cal\u00e9donie ;\nVu le d\u00e9cret n\u00b0 2009-176 du 16 f\u00e9vrier 2009 modifiant le d\u00e9cret n\u00b0 64-805 du 29  juillet 1964 fixant\nles dispositions r\u00e9glementaires applicables aux pr\u00e9fets et le d\u00e9cret n\u00b0  2004-374 du 29 avril 2004\nrelatif aux pouvoirs des pr\u00e9fets, \u00e0 l'organisation et \u00e0 l'action des services de l'\u00c9tat dans les r\u00e9gions\net d\u00e9partements ;\nVu le  d\u00e9cret  du  10  octobre  2024  nommant  Monsieur  Paul  MOURIER,  pr\u00e9fet  de  la  r\u00e9gion\nBourgogne-Franche-Comt\u00e9, pr\u00e9fet de la C\u00f4te-d'Or ;\nVu l'arr\u00eat\u00e9 minist\u00e9riel du 30 septembre 2020 par lequel Madame Nathalie AUBERTIN est nomm\u00e9e\ndans l'emploi fonctionnel de conseiller d'administration de l'int\u00e9rieur et de l'outre-mer en qualit\u00e9 de\nDirectrice des s\u00e9curit\u00e9s de la pr\u00e9fecture de la C\u00f4te-d'Or \u00e0 compter du 1 er janvier 2021 ;\nVu l'arr\u00eat\u00e9 pr\u00e9fectoral n\u00b0 1385/SG du 29 ao\u00fbt 2024  donnant d\u00e9l\u00e9gation de signature \u00e0 Madame\nNathalie AUBERTIN, directrice adjointe du cabinet, directrice des s\u00e9curit\u00e9s de la pr\u00e9fecture de la\nC\u00f4te-d'Or,\nA R R E T E\nArticle 1er  : l'arr\u00eat\u00e9 pr\u00e9fectoral n\u00b0 1385/SG du 29 ao\u00fbt 2024 donnant d\u00e9l\u00e9gation de signature \u00e0\nMadame  Nathalie  AUBERTIN,  directrice  adjointe  du  cabinet,  directrice  des  s\u00e9curit\u00e9s  de  la\npr\u00e9fecture de la C\u00f4te-d'Or, et toutes dispositions ant\u00e9rieures contraires au pr\u00e9sent arr\u00eat\u00e9 sont\nabrog\u00e9s \u00e0 compter de l'entr\u00e9e en vigueur de ce dernier ;\nArticle  2 :  D\u00e9l\u00e9gation  de  signature  est  donn\u00e9e  \u00e0  Madame  Nathalie  AUBERTIN,  attach\u00e9e\nd'administration hors classe de l' \u00c9tat, directrice adjointe du cabinet, directrice des s\u00e9curit\u00e9s de la\npr\u00e9fecture de la C\u00f4te-d'Or, dans les mati\u00e8res et pour les actes ci-apr\u00e8s \u00e9num\u00e9r\u00e9s  :\n1/6\nPr\u00e9fecture de la C\u00f4te-d'Or - 21-2024-10-28-00012 - Arr\u00eat\u00e9 pr\u00e9fectoral n\u00b0  1646 / SG du 28 octobre 2024 \ndonnant d\u00e9l\u00e9gation de signature \u00e0 Madame Nathalie AUBERTIN, directrice des s\u00e9curit\u00e9s de la pr\u00e9fecture de la C\u00f4te-d'Or 51\n1 \u2013 D\u00c9L\u00c9GATION G\u00c9N\u00c9RALE\n\u2022 Documents relatifs aux commissions dont la direction assure la pr\u00e9sidence ou le secr\u00e9tariat\n(convocations, proc\u00e8s verbaux) ;\n\u2022 Correspondances courantes concernant l'ensemble des attributions de la direction ;\n\u2022 Demandes d'enqu\u00eates, de renseignements et d'avis ;\n\u2022 Documents de gestion des personnels de la direction.\n2 - BUREAU DE LA S\u00c9CURIT\u00c9 CIVILE     \n2-1. Documents  relatifs  \u00e0  l'organisation  de  l'enseignement  secouriste  en  g\u00e9n\u00e9ral  et  les\ndipl\u00f4mes correspondants :\n\u2022 organisation du brevet national de s\u00e9curit\u00e9 et de sauvetage aquatique (BNSSA)   et actes\ny aff\u00e9rant ;\n\u2022 instruction des demandes de surveillance de baignades et piscine collective \u00e0 acc\u00e8s\npayant en application de l'art D 322-13-4 et A 322-11 du code du sport et prise d'arr\u00eat\u00e9s\ncorrespondants ;\n2-2. Documents  pr\u00e9paratoires  \u00e0 l'\u00e9laboration  des plans  de pr\u00e9vention  des risques  naturels  et\ntechnologiques.\n2-3. Demandes de travaux de d\u00e9minage.\n2-4. Documents pr\u00e9paratoires \u00e0 l'\u00e9laboration et \u00e0 la mise en \u0153uvre des dispositions de l'ORSEC\ng\u00e9n\u00e9ral et des dispositifs sp\u00e9cifiques ORSEC.\n2-5. Documents int\u00e9ressant le service de gestion de crise : actualisation des outils aff\u00e9rents.\n2-6. BNSSA publication de la liste des laur\u00e9ats.\n2-7. Saisie de la DGSCGC dans le cadre de l'instruction d'une demande de reconnaissance de\ncatastrophe naturelle\n2-8. Les attestations de frais de repr\u00e9sentation pour les d\u00e9penses de la carte achat affect\u00e9e au\nbureau de la s\u00e9curit\u00e9 civile.\n2-9. les arr\u00eat\u00e9s portant agr\u00e9ment des centres de formation du personnel permanent des services\nde s\u00e9curit\u00e9 incendie des \u00e9tablissements recevant du public et des immeubles de grande hauteur.\n \n3 \u2013 BUREAU DE LA D\u00c9FENSE ET DE LA S\u00c9CURIT\u00c9     \n3-1 D\u00c9FENSE CIVILE\n3-1-1. documents pr\u00e9paratoires \u00e0 l'\u00e9laboration et \u00e0 la mise en \u0153uvre des plans de d\u00e9fense civile et\n\u00e9conomique.\n3-2 S\u00c9CURIT\u00c9 PUBLIQUE \n3-2-1.  documents  pr\u00e9paratoires  \u00e0  l'\u00e9laboration  du  plan  d\u00e9partemental  de  pr\u00e9vention  de  la\nd\u00e9linquance\n3-2-2. r\u00e9c\u00e9piss\u00e9s des d\u00e9clarations des manifestations revendicatives\n3-2-3. Police administrative :\n2/6\nPr\u00e9fecture de la C\u00f4te-d'Or - 21-2024-10-28-00012 - Arr\u00eat\u00e9 pr\u00e9fectoral n\u00b0  1646 / SG du 28 octobre 2024 \ndonnant d\u00e9l\u00e9gation de signature \u00e0 Madame Nathalie AUBERTIN, directrice des s\u00e9curit\u00e9s de la pr\u00e9fecture de la C\u00f4te-d'Or 52\nArmes :\n\u2022 autorisations  d'acquisition  et  de  d\u00e9tention  d'armes  et  de  munitions  ainsi  que  les\ncr\u00e9ations de d\u00e9bits de cartouches de chasse ;\n\u2022 r\u00e9c\u00e9piss\u00e9s de d\u00e9claration de d\u00e9tention d'armes ;\n\u2022 r\u00e9c\u00e9piss\u00e9s de d\u00e9claration d'exportation ou d'importation de mat\u00e9riels de guerre.\n\u25aa autorisation  pr\u00e9alable  \u00e0  l'acc\u00e8s  \u00e0  une  formation  des  m\u00e9tiers  de  l'armurerie  et  de\nl'armement\n\u25aa arr\u00eat\u00e9s d'autorisation de port d'armes \n\u2022 visas de cartes professionnelles induisant port d'armes ;\n\u2022 d\u00e9cisions de suppression ou refus de suppression d'une inscription au Fichier National\ndes personnes Interdites d'Acquisition et de D\u00e9tention d'Armes (FINIADA)  ;\n\u2022 r\u00e9ponses \u00e0 des recours gracieux relatifs aux armes ;\nVid\u00e9oprotection     :  \n\u2022 r\u00e9c\u00e9piss\u00e9s de demande d'installation des syst\u00e8mes de vid\u00e9o-protection ;\n\u2022 agr\u00e9ment des agents de la fonction publique territoriale pour le visionnage des images\nde vid\u00e9o-protection ;\n\u2022 arr\u00eat\u00e9s d'autorisation, de modification ou de renouvellement d'un syst\u00e8me de vid\u00e9o-\nprotection et d\u00e9cisions de refus d'installation d'un syst\u00e8me de vid\u00e9o-protection  ;\n Gardes particuliers\n\u2022 arr\u00eat\u00e9s d'agr\u00e9ment des gardes particuliers ;\n\u2022 cartes de garde particulier.\nPoliciers municipaux\n\u2022 arr\u00eat\u00e9s  d'agr\u00e9ment  des  policiers  municipaux  et  cartes  professionnelles\ncorrespondantes.\nChiens dangereux\n\u2022 arr\u00eat\u00e9s d'agr\u00e9ment des formateurs.\nTransport de fonds\n\u2022 arr\u00eat\u00e9s d'autorisation de transport de fonds\n     Activit\u00e9s a\u00e9riennes\n\u2022 autorisations de survol du d\u00e9partement pour travail a\u00e9rien ;\n\u2022 autorisation de d\u00e9classement de la zone r\u00e9serv\u00e9e de l'a\u00e9rodrome ou l'a\u00e9roport \n\u2022 cr\u00e9ation et utilisation d'h\u00e9listation, h\u00e9lisurface et plateforme a\u00e9ronautique\nProduits explosifs\n\u2022 arr\u00eat\u00e9s portant autorisation d'emploi de produits explosifs d\u00e8s r\u00e9ception\n\u2022 habilitations et/ou agr\u00e9ments \u00e0 la garde, la mise en \u0153uvre et l'emploi de produits\nexplosifs ;\n\u2022 certificats d'acquisition de produits explosifs ;\n\u2022 documents relatifs \u00e0 la proc\u00e9dure de d\u00e9livrance du certificat de qualification aux tirs\nd'artifice et de divertissement ;\n\u2022 d\u00e9cisions d'agr\u00e9ment et refus d'agr\u00e9ment des personnes intervenant dans les d\u00e9p\u00f4ts,\nd\u00e9bits et installations mobiles de produits explosifs ;\n3/6\nPr\u00e9fecture de la C\u00f4te-d'Or - 21-2024-10-28-00012 - Arr\u00eat\u00e9 pr\u00e9fectoral n\u00b0  1646 / SG du 28 octobre 2024 \ndonnant d\u00e9l\u00e9gation de signature \u00e0 Madame Nathalie AUBERTIN, directrice des s\u00e9curit\u00e9s de la pr\u00e9fecture de la C\u00f4te-d'Or 53\n\u2022 certificats de pr\u00e9pos\u00e9s de tir ;\n\u2022 r\u00e9c\u00e9piss\u00e9 de d\u00e9claration de feux d'artifice ;\n       Permis de conduire :\n\u2022 arr\u00eat\u00e9s cons\u00e9cutifs aux visites m\u00e9dicales ;\n\u2022 arr\u00eat\u00e9s portant suspension et annulation du permis de conduire et mesure \u00e9thylotest\nanti d\u00e9marrage (EAD) ;\n\u2022 r\u00e9c\u00e9piss\u00e9s de remise d'un permis de conduire invalid\u00e9 pour solde de points nul ;\n\u2022 attestations pour la conduite des taxis, v\u00e9hicules de petites remises, des ambulances,\ndes v\u00e9hicules affect\u00e9s au ramassage scolaire ou au transport public de personnes  ;\n\u2022 r\u00e9ponses \u00e0 des recours gracieux relatifs aux suspensions des permis de conduire  ;\n\u2022 agr\u00e9ment des m\u00e9decins pour le contr\u00f4le m\u00e9dical de l'aptitude \u00e0 la conduite ;\n     Enqu\u00eates administratives :\n\u2022 avis relatifs aux acc\u00e8s aux points d'importance vitale, aux \u00e9tablissements p\u00e9nitentiaires\net tous avis relatifs aux affaires du p\u00f4le des polices administratives ;\n     D\u00e9bits de boissons :\n\u2022 autorisations de transfert de licences de d\u00e9bits de boissons ;\n     Domiciliation d'entreprise :\n\u2022 autorisations de domiciliation d'entreprise ;\nArticle 3     : D\u00e9l\u00e9gation de signature est donn\u00e9e \u00e0 Monsieur Thierry BRUL\u00c9,chef du bureau de la\ns\u00e9curit\u00e9 civile et Madame Agathe PELISSIER, adjointe au chef de bureau de la s\u00e9curit\u00e9 civile\npour :\n-  toutes  les  correspondances  de  transmission  et  de  diffusion  des  documents  ne\ncomprenant ni avis, ni d\u00e9cisions, ni instructions g\u00e9n\u00e9rales relevant du bureau de la s\u00e9curit\u00e9\ncivile ;\n- les documents relatifs aux commissions dont le bureau assure la pr\u00e9sidence ou le\nsecr\u00e9tariat (convocations, proc\u00e8s verbaux) ;\n- les demandes d'enqu\u00eates, de renseignement et d'avis relatifs aux affaires relevant du\nbureau de la s\u00e9curit\u00e9 civile ;\n- les documents relatifs \u00e0 l'organisation de l'enseignement secouriste en g\u00e9n\u00e9ral et les\ndipl\u00f4mes.\n- les demandes de travaux de d\u00e9minage.\n Article 4     : D\u00e9l\u00e9gation de signature est donn\u00e9e \u00e0 Monsieur Timoth\u00e9e DANIEL , chef du bureau de\nla d\u00e9fense et de la s\u00e9curit\u00e9 et \u00e0 Madame S\u00e9verine LACROIX, adjointe au chef du bureau de la\nd\u00e9fense et s\u00e9curit\u00e9 pour :\n\u2022 les  documents  relatifs  aux  commissions  dont  le  bureau  assure  la  pr\u00e9sidence  ou  le\nsecr\u00e9tariat (convocations, proc\u00e8s verbaux) ;\n\u2022 les correspondances de transmission et de diffusion des documents ne comprenant ni\navis, ni d\u00e9cisions, ni instructions g\u00e9n\u00e9rales relevant du bureau de la d\u00e9fense et de la\ns\u00e9curit\u00e9 ;\n\u2022 les demandes d'enqu\u00eates, de renseignement et d'avis relatifs aux affaires relevant du\nbureau de la d\u00e9fense et de la s\u00e9curit\u00e9 ;\n4/6\nPr\u00e9fecture de la C\u00f4te-d'Or - 21-2024-10-28-00012 - Arr\u00eat\u00e9 pr\u00e9fectoral n\u00b0  1646 / SG du 28 octobre 2024 \ndonnant d\u00e9l\u00e9gation de signature \u00e0 Madame Nathalie AUBERTIN, directrice des s\u00e9curit\u00e9s de la pr\u00e9fecture de la C\u00f4te-d'Or 54\n\u2022 pour tous sujets en mati\u00e8re de d\u00e9fense civile et de s\u00e9curit\u00e9 publique ;\n\u2022 Les documents concernant les polices administratives list\u00e9s ci-dessous :\n      Armes :\n\u2022 autorisations d'acquisition et de d\u00e9tention d'armes et de munitions ainsi que les\ncr\u00e9ations de d\u00e9bits de cartouches de chasse ;\n\u2022 r\u00e9c\u00e9piss\u00e9s de d\u00e9claration de d\u00e9tention d'armes ;\n\u2022 r\u00e9c\u00e9piss\u00e9s de d\u00e9claration d'exportation ou d'importation de mat\u00e9riels de guerre.\n\u2022 certificats de pr\u00e9pos\u00e9s de tir ;\n\u2022 visas de cartes professionnelles induisant port d'armes ;\n      Vid\u00e9o-protection     :  \n\u2022 r\u00e9c\u00e9piss\u00e9s de demande d'installation des syst\u00e8mes de vid\u00e9o - protection ;\nGardes particuliers\n\u2022 arr\u00eat\u00e9s d'agr\u00e9ment des gardes particuliers ;\n\u2022 cartes de garde particulier.\n       Chiens dangereux \n\u2022 arr\u00eat\u00e9s d'agr\u00e9ment des formateurs.\n       Produits explosifs     \n\u2022 habilitations et/ ou agr\u00e9ments \u00e0 la garde, la mise en \u0153uvre et l'emploi de produits\nexplosifs ;\n\u2022 certificats d'acquisition de produits explosifs ;\n\u2022 documents relatifs \u00e0 la proc\u00e9dure de d\u00e9livrance du certificat de qualification aux\ntirs d'artifice et de divertissement.\n       Permis de conduire :\n\u2022 arr\u00eat\u00e9s cons\u00e9cutifs aux visites m\u00e9dicales ;\n\u2022 d\u00e9livrance  des  r\u00e9c\u00e9piss\u00e9s  de  d\u00e9claration  en  vue  de  r\u00e9aliser  l'examen\npsychotechnique pr\u00e9vu dans le cadre du contr\u00f4le m\u00e9dical d'aptitude \u00e0 la conduite ;\n\u2022 arr\u00eat\u00e9s  portant  suspension  et  annulation  du  permis  de  conduire  et  mesure\n\u00e9thylotest anti d\u00e9marrage (EAD)\n\u2022 r\u00e9c\u00e9piss\u00e9s de remise d'un permis de conduire invalid\u00e9 pour solde de points nul ;\n\u2022 attestations  pour  la  conduite  des  taxis,  v\u00e9hicules  de  petites  remises,  des\nambulances, des v\u00e9hicules affect\u00e9s au ramassage scolaire ou au transport public\nde personnes ;\n\u2022 r\u00e9ponses \u00e0 des recours gracieux relatifs aux suspensions des permis de conduire  ;\n      \n     Enqu\u00eates administratives :\n\u2022 avis  relatifs  aux  acc\u00e8s  aux  points  d'importance  vitale,  aux  \u00e9tablissements\np\u00e9nitentiaires et tous avis relatifs aux affaires du p\u00f4le des polices administratives  ;\n5/6\nPr\u00e9fecture de la C\u00f4te-d'Or - 21-2024-10-28-00012 - Arr\u00eat\u00e9 pr\u00e9fectoral n\u00b0  1646 / SG du 28 octobre 2024 \ndonnant d\u00e9l\u00e9gation de signature \u00e0 Madame Nathalie AUBERTIN, directrice des s\u00e9curit\u00e9s de la pr\u00e9fecture de la C\u00f4te-d'Or 55\nArticle  5     :  D\u00e9l\u00e9gation  de  signature  est  donn\u00e9e  \u00e0  Madame  Ana\u00efs  GASPALON  et  Madame\nCatherine CAUBIEN, agents du p\u00f4le de d\u00e9fense civile au sein du bureau de la d\u00e9fense et de la\ns\u00e9curit\u00e9 pour : \n\u2022 les correspondances de transmission et de diffusion des documents ne comprenant ni\navis, ni d\u00e9cisions, ni instructions g\u00e9n\u00e9rales relevant du p\u00f4le ;\n\u2022 les demandes d'enqu\u00eates, de renseignement et d'avis relatifs aux affaires trait\u00e9es au\nsein du p\u00f4le.\nArticle 6 : En cas d'absence ou d'emp\u00eachement de Mme Nathalie AUBERTIN, la d\u00e9l\u00e9gation qui lui\nest conf\u00e9r\u00e9e en application de l'article 2 ci-dessus sera exerc\u00e9e par  : Monsieur Thierry BRUL\u00c9 et\nMonsieur Timoth\u00e9e DANIEL chacun dans la limite de leurs attributions respectives.\nArticle 7  : La secr\u00e9taire g\u00e9n\u00e9rale par int\u00e9rim  de la pr\u00e9fecture de la C\u00f4te-d'Or, le directeur de\ncabinet et les agents b\u00e9n\u00e9ficiaires de la d\u00e9l\u00e9gation de signature sont charg\u00e9s, chacun pour ce qui\nle concerne, de l'ex\u00e9cution du pr\u00e9sent arr\u00eat\u00e9 qui sera publi\u00e9 au recueil des actes administratifs de\nla pr\u00e9fecture de la C\u00f4te-d'Or.\nFait \u00e0 Dijon, le 28 octobre 2024\nLe pr\u00e9fet\nSign\u00e9 :\n  Paul MOURIER\n6/6\nPr\u00e9fecture de la C\u00f4te-d'Or - 21-2024-10-28-00012 - Arr\u00eat\u00e9 pr\u00e9fectoral n\u00b0  1646 / SG du 28 octobre 2024 \ndonnant d\u00e9l\u00e9gation de signature \u00e0 Madame Nathalie AUBERTIN, directrice des s\u00e9curit\u00e9s de la pr\u00e9fecture de la C\u00f4te-d'Or 56\nPr\u00e9fecture de la C\u00f4te-d'Or\nP\u00f4le juridique inter-services\n21-2024-10-28-00003\nArr\u00eat\u00e9 pr\u00e9fectoral n\u00b0  1649 / SG du 28 octobre\n2024 donnant d\u00e9l\u00e9gation de signature \u00e0\nl'occasion des permanences de week-ends, de\njours f\u00e9ri\u00e9s ou de jours ch\u00f4m\u00e9s\nPr\u00e9fecture de la C\u00f4te-d'Or - 21-2024-10-28-00003 - Arr\u00eat\u00e9 pr\u00e9fectoral n\u00b0  1649 / SG du 28 octobre 2024 donnant d\u00e9l\u00e9gation de\nsignature \u00e0 l'occasion des permanences de week-ends, de jours f\u00e9ri\u00e9s ou de jours ch\u00f4m\u00e9s 57\nArr\u00eat\u00e9 pr\u00e9fectoral n\u00b0  1649 / SG du 28 octobre 2024\ndonnant d\u00e9l\u00e9gation de signature \u00e0 l'occasion des permanences de week-ends, de jours f\u00e9ri\u00e9s\nou de jours ch\u00f4m\u00e9s\nLe Pr\u00e9fet de la C\u00f4te-d'Or\nVu la loi n\u00b0 82.213 du 2 mars 1982 modifi\u00e9e relative aux droits et libert\u00e9s des communes, des\nd\u00e9partements et des r\u00e9gions ;\nVu le d\u00e9cret n\u00b0 2004-374 du 29 avril 2004 relatif aux pouvoirs des pr\u00e9fets, \u00e0 l'organisation et \u00e0\nl'action des services de l'\u00c9tat dans les r\u00e9gions et d\u00e9partements, modifi\u00e9 par le d\u00e9cret n\u00b0 2010-\n146 du 16 f\u00e9vrier 2010 et par le d\u00e9cret n\u00b0 2010-687 du 24 juin 2010  ;\nVu le d\u00e9cret n\u00b0 2008-158 du 22 f\u00e9vrier 2008 relatif \u00e0 la suppl\u00e9ance des pr\u00e9fets de r\u00e9gion et \u00e0 la\nd\u00e9l\u00e9gation  de  signature  des  pr\u00e9fets  et  hauts  commissaires  de  la  R\u00e9publique  en  Polyn\u00e9sie\nfran\u00e7aise et en Nouvelle-Cal\u00e9donie ;\nVu le d\u00e9cret n\u00b0 2009-176 du 16 f\u00e9vrier 2009 modifiant le d\u00e9cret n\u00b0 64-805 du 29  juillet 1964\nfixant les dispositions r\u00e9glementaires applicables aux pr\u00e9fets et le d\u00e9cret n\u00b0 2004-374 du 29 avril\n2004 relatif aux pouvoirs des pr\u00e9fets, \u00e0 l'organisation et \u00e0 l'action des services de l'\u00c9tat dans les\nr\u00e9gions et d\u00e9partements ;\nVu le  d\u00e9cret  du  10  octobre  2024  nommant  Monsieur  Paul  MOURIER,  pr\u00e9fet  de  la  r\u00e9gion\nBourgogne-Franche-Comt\u00e9, pr\u00e9fet de la C\u00f4te-d'Or;\nVu l'arr\u00eat\u00e9 du Premier ministre et du ministre de l'Int\u00e9rieur en date du 12 janvier 2022 nommant\nMme  Anne  COSTE  DE CHAMPERON,  administratrice  de l'\u00c9tat  hors  classe,  en qualit\u00e9  de\nsecr\u00e9taire g\u00e9n\u00e9rale pour les affaires r\u00e9gionales de la R\u00e9gion Bourgogne-Franche-Comt\u00e9, \u00e0\ncompter du 1er f\u00e9vrier 2022;\nVu le d\u00e9cret du 16 ao\u00fbt 2022 portant nomination de Monsieur Olivier GERSTL\u00c9, sous-pr\u00e9fet, en\nqualit\u00e9 de sous-pr\u00e9fet, directeur de cabin et du pr\u00e9fet de la R\u00e9gion Bourgogne-Franche-Comt\u00e9,\npr\u00e9fet de la C\u00f4te-d'Or ;\nVu le d\u00e9cret du 29 d\u00e9cembre 2022 portant nomination de Mme Amelle GHAYOU, administratrice\nterritoriale, sous-pr\u00e9f\u00e8te  charg\u00e9e de mission apr\u00e8s du pr\u00e9fet  de r\u00e9gion Bourgogne-Franche-\nComt\u00e9, pr\u00e9fet de la C\u00f4te-d'Or ;\nVu le d\u00e9cret du 6 juillet 2023 portant nomination de Monsieur Beno\u00eet BYRSKI en qualit\u00e9 de sous-\npr\u00e9fet de Beaune ;\nVu le d\u00e9cret du 17 novembre 2023 portant nomination de Monsieur S\u00e9bastien LANOYE en\nqualit\u00e9 de sous-pr\u00e9fet de Montbard ;\nVu l'arr\u00eat\u00e9  pr\u00e9fectoral  n\u00b0  151/SG  du  18  janvier  2024 donnant  d\u00e9l\u00e9gation  de  signature  \u00e0\nl'occasion des permanences de week-ends, de jours f\u00e9ri\u00e9s ou de jours ch\u00f4m\u00e9s ;\nPr\u00e9fecture de la C\u00f4te-d'Or - 21-2024-10-28-00003 - Arr\u00eat\u00e9 pr\u00e9fectoral n\u00b0  1649 / SG du 28 octobre 2024 donnant d\u00e9l\u00e9gation de\nsignature \u00e0 l'occasion des permanences de week-ends, de jours f\u00e9ri\u00e9s ou de jours ch\u00f4m\u00e9s 58\nConsid\u00e9rant que la mise en place de tours de permanence pendant les week-ends, jours f\u00e9ri\u00e9s\net ch\u00f4m\u00e9s constitue un moyen visant \u00e0 assurer la continuit\u00e9 du service public  ;\nSur proposition de Madame l a   secr\u00e9taire g\u00e9n\u00e9rale par int\u00e9rim de la pr\u00e9fecture de la C\u00f4te-\nd'Or ;\nARR\u00caTE\nArticle 1er     :   L'arr\u00eat\u00e9 pr\u00e9fectoral n\u00b0 151 /SG du 18 janvier 2024  donnant d\u00e9l\u00e9gation de signature\n\u00e0 l'occasion des permanences de week-ends, de jours f\u00e9ri\u00e9s ou de jours ch\u00f4m\u00e9s et toutes\ndispositions ant\u00e9rieures contraires au pr\u00e9sent arr\u00eat\u00e9 sont abrog\u00e9s.\nArticle  2 :  Pendant  les  permanences  des  week-ends,  de  jours  f\u00e9ri\u00e9s  et  de  jours  ch\u00f4m\u00e9s,\nd\u00e9l\u00e9gation de signature est donn\u00e9e en toutes mati\u00e8res, sous r\u00e9serve des exceptions \u00e9num\u00e9r\u00e9es\n\u00e0 l'article 3, pour l'ensemble du d\u00e9partement et en fonction du tour de permanence pr\u00e9\u00e9tabli soit\n\u00e0 :\n      - Madame Amelle GHAYOU, sous-pr\u00e9f\u00e8te charg\u00e9e de mission aupr\u00e8s du pr\u00e9fet de la r\u00e9gion\nBourgogne-Franche-Comt\u00e9, pr\u00e9fet de la C\u00f4te-d'Or ;\n- Monsieur  Olivier  GERSTL\u00c9,  sous-pr\u00e9fet,  directeur  de cabinet  du pr\u00e9fet  de la R\u00e9gion\nBourgogne-Franche-Comt\u00e9, pr\u00e9fet de la C\u00f4te-d'Or ;\n- Monsieur Beno\u00eet BYRSKI, sous-pr\u00e9fet de Beaune ;\n- Monsieur S\u00e9bastien LANOYE, sous-pr\u00e9fet de Montbard ;\n- Madame Anne COSTE DE CHAMPERON , secr\u00e9taire g\u00e9n\u00e9rale pour les affaires r\u00e9gionales\nde la r\u00e9gion Bourgogne-Franche-Comt\u00e9 ;\nArticle 3 : Sont exclus de la pr\u00e9sente d\u00e9l\u00e9gation de signature :\n\u2013 les d\u00e9clinatoires de comp\u00e9tences,\n\u2013 les arr\u00eat\u00e9s de conflit.\nArticle 4 : La secr\u00e9taire g\u00e9n\u00e9rale par int\u00e9rim de la pr\u00e9fecture de la C\u00f4te-d'Or  , le directeur de\ncabinet du pr\u00e9fet de la r\u00e9gion Bourgogne-Franche-Comt\u00e9, pr\u00e9fet de la C\u00f4te- d'Or , le sous-pr\u00e9fet\nde Beaune, le sous-pr\u00e9fet de Montbard et la secr\u00e9taire g\u00e9n\u00e9rale pour les affaires r\u00e9gionales de\nla r\u00e9gion Bourgogne-Franche-Comt\u00e9-d'Or sont charg\u00e9s de l'ex\u00e9cution du pr\u00e9sent arr\u00eat\u00e9 qui sera\npubli\u00e9 au recueil des actes administratifs de la pr\u00e9fecture de la C\u00f4te-d'Or.\n         Fait \u00e0 Dijon, le 28 octobre 2024\nLe pr\u00e9fet\nSign\u00e9:\n          Paul MOURIER\n2/2\nPr\u00e9fecture de la C\u00f4te-d'Or - 21-2024-10-28-00003 - Arr\u00eat\u00e9 pr\u00e9fectoral n\u00b0  1649 / SG du 28 octobre 2024 donnant d\u00e9l\u00e9gation de\nsignature \u00e0 l'occasion des permanences de week-ends, de jours f\u00e9ri\u00e9s ou de jours ch\u00f4m\u00e9s 59\nPr\u00e9fecture de la C\u00f4te-d'Or\nP\u00f4le juridique inter-services\n21-2024-10-28-00011\nArr\u00eat\u00e9 pr\u00e9fectoral n\u00b0  1654 / SG du 28 octobre\n2024\ndonnant d\u00e9l\u00e9gation de signature \u00e0 Monsieur\nS\u00e9bastien GAUTHEY, attach\u00e9 hors classe,\n directeur de l'immigration et de la nationalit\u00e9\n(DIN)\nPr\u00e9fecture de la C\u00f4te-d'Or - 21-2024-10-28-00011 - Arr\u00eat\u00e9 pr\u00e9fectoral n\u00b0  1654 / SG du 28 octobre 2024\ndonnant d\u00e9l\u00e9gation de signature \u00e0 Monsieur S\u00e9bastien GAUTHEY, attach\u00e9 hors classe,\n directeur de l'immigration et de la nationalit\u00e9 (DIN)\n60\nArr\u00eat\u00e9 pr\u00e9fectoral n\u00b0  1654 / SG du 28 octobre 2024\ndonnant d\u00e9l\u00e9gation de signature \u00e0 Monsieur S\u00e9bastien GAUTHEY, attach\u00e9 hors classe,\n directeur de l'immigration et de la nationalit\u00e9  (DIN)\nLe pr\u00e9fet de la C\u00f4te-d'Or\nVu la loi n\u00b0 82-213 du 2 mars 1982 modifi\u00e9e relative aux droits et libert\u00e9s des communes, des\nd\u00e9partements et des r\u00e9gions ;\nVu le d\u00e9cret n\u00b0 2004-374 du 29 avril 2004 relatif aux pouvoirs des pr\u00e9fets, \u00e0 l'organisation et \u00e0\nl'action des services de l'\u00c9tat dans les r\u00e9gions et d\u00e9partements, modifi\u00e9 par le d\u00e9cret n\u00b0 2010-146\ndu 16 f\u00e9vrier 2010 et par le d\u00e9cret n\u00b0 2010-687 du 24 juin 2010 ;\nVu le d\u00e9cret n\u00b0 2008-158 du 22 f\u00e9vrier 2008 relatif \u00e0 la suppl\u00e9ance des pr\u00e9fets de r\u00e9gion et \u00e0 la\nd\u00e9l\u00e9gation  de  signature  des  pr\u00e9fets  et  hauts-commissaires  de  la  R\u00e9publique  en  Polyn\u00e9sie\nfran\u00e7aise et en Nouvelle-Cal\u00e9donie ;\nVu le d\u00e9cret n\u00b0 2009-176 du 16 f\u00e9vrier 2009 modifiant le d\u00e9cret n\u00b0 64-805 du 29  juillet 1964 fixant\nles dispositions r\u00e9glementaires applicables aux pr\u00e9fets et le d\u00e9cret n\u00b0  2004-374 du 29 avril 2004\nrelatif aux pouvoirs des pr\u00e9fets, \u00e0 l'organisation et \u00e0 l'action des services de l'\u00c9tat dans les r\u00e9gions\net d\u00e9partements ;\nVu le  d\u00e9cret  du  10  octobre  2024  nommant  Monsieur  Paul  MOURIER,  pr\u00e9fet  de  la  r\u00e9gion\nBourgogne-Franche-Comt\u00e9, pr\u00e9fet de la C\u00f4te-d'Or; \nVu l'arr\u00eat\u00e9 minist\u00e9riel du 3 mars 2021 portant nomination de Monsieur S\u00e9bastien GAUTHEY,\nattach\u00e9 hors classe, directeur de l'immigration et de la nationalit\u00e9 \u00e0 compter du 1 er janvier 2021 ;\nVu l'arr\u00eat\u00e9 pr\u00e9fectoral du 1251/SG du 18 d\u00e9cembre 2020 portant organisation des services de la\npr\u00e9fecture de la r\u00e9gion Bourgogne-Franche-Comt\u00e9, pr\u00e9fecture du d\u00e9partement de la C\u00f4te-d'Or  ;\nVu l'arr\u00eat\u00e9 pr\u00e9fectoral  n\u00b0 1480/SG du 17 septembre donnant d\u00e9l\u00e9gation de signature \u00e0 Monsieur\nS\u00e9bastien GAUTHEY, attach\u00e9 hors classe, directeur de l'immigration et de la nationalit\u00e9 (DIN)  ;\nARR\u00caTE\nArticle  1  er     :  L'arr\u00eat\u00e9  pr\u00e9fectoral n\u00b0  1480 /SG  du  17  septembre  2024  donnant  d\u00e9l\u00e9gation  de\nsignature \u00e0 Monsieur S\u00e9bastien GAUTHEY, attach\u00e9 hors classe, directeur de l'immigration et de la\nnationalit\u00e9 (DIN) , ainsi que toutes dispositions ant\u00e9rieures et contraires au pr\u00e9sent arr\u00eat\u00e9 sont\nabrog\u00e9s \u00e0 compter de l'entr\u00e9e en vigueur du pr\u00e9sent arr\u00eat\u00e9.\n1/8\nPr\u00e9fecture de la C\u00f4te-d'Or - 21-2024-10-28-00011 - Arr\u00eat\u00e9 pr\u00e9fectoral n\u00b0  1654 / SG du 28 octobre 2024\ndonnant d\u00e9l\u00e9gation de signature \u00e0 Monsieur S\u00e9bastien GAUTHEY, attach\u00e9 hors classe,\n directeur de l'immigration et de la nationalit\u00e9 (DIN)\n61\nArticle 2  : D\u00e9l\u00e9gation de signature est donn\u00e9e \u00e0  Monsieur S\u00e9bastien GAUTHEY , attach\u00e9  hors\nclasse, directeur de l'immigration de la nationalit\u00e9 en ce qui concerne :\nSERVICE D'IMMIGRATION ET D'INT\u00c9GRATION :\n\u2022 toutes  d\u00e9cisions  relatives  aux  diverses  proc\u00e9dures  d'autorisation  de  s\u00e9jour  en  France,  y\ncompris les refus de s\u00e9jour, et les refus de s\u00e9jour assortis d'une obligation de quitter le\nterritoire fran\u00e7ais ;\n\u2022 la signature des demandes de laissez-passer consulaires ;\n\u2022 la signature des courriers de saisine adress\u00e9s \u00e0 l'OFPRA (office fran\u00e7ais de protection des\nr\u00e9fugi\u00e9s et apatrides) dans le cadre des demandes d'asile pr\u00e9sent\u00e9es par des \u00e9trangers\nplac\u00e9s en centre de r\u00e9tention administrative ;\n\u2022 les demandes d'escortes pour transf\u00e9rer les \u00e9trangers en situation irr\u00e9guli\u00e8re dans un centre\nde r\u00e9tention administrative ;\n\u2022 la d\u00e9livrance et le refus de d\u00e9livrance des documents suivants   :\n\u2013 cartes de s\u00e9jour  : cartes de s\u00e9jour temporaire, cartes de s\u00e9jour pluriannuelles, cartes de\nr\u00e9sident, cartes de s\u00e9jour de ressortissant d'un \u00c9tat membre de la communaut\u00e9 europ\u00e9enne\nou de l'espace \u00e9conomique europ\u00e9en, certificat de r\u00e9sidence pour les Alg\u00e9riens, carte de\ns\u00e9jour \u00ab retrait\u00e9 \u00bb ;\n\u2013 r\u00e9c\u00e9piss\u00e9s  de  demande  de  titre  de  s\u00e9jour  et  r\u00e9c\u00e9piss\u00e9s  d\u00e9livr\u00e9s  dans  le  cadre  des\ndemandes d'asile ;\n\u2013 attestations de demandes d'asile ;\n\u2013 autorisations provisoires de s\u00e9jour ;\n\u2013 titres d'identit\u00e9 et de voyage ;\n\u2013 sauf-conduits ;\n\u2013 documents de voyage collectif pour \u00e9trangers mineurs dans le cadre de voyages scolaires  ;\n\u2013 documents de circulation pour les mineurs \u00e9trangers \u00e9tablis en France ;\n\u2013 visas de toute nature sur les passeports \u00e9trangers ;\n\u2013 les lettres d'information dans le cadre d'une proc\u00e9dure de r\u00e9admission DUBLIN ainsi que les\nconvocations DUBLIN et les laissez-passer dans le cadre d'une proc\u00e9dure de r\u00e9admission\nDUBLIN.\n\u2022 les  saisines  du  juge  des  libert\u00e9s  pour  les  demandes  de  prolongation  en  r\u00e9tention\nadministrative ;\n\u2022 les saisines du juge des libert\u00e9s pour les demandes d'autorisation \u00e0 requ\u00e9rir les services de\npolice  ou  les  unit\u00e9s  de  gendarmerie  pour  qu'ils  visitent  le  domicile  de  l'\u00e9tranger  afin  de\ns'assurer de sa pr\u00e9sence et de le reconduire \u00e0 la fronti\u00e8re sur le fondement de l'article L561-2\nII du CESEDA ;\n\u2022 les saisines du juge des libert\u00e9s pour les demandes d'autorisation \u00e0 requ\u00e9rir les services de\npolice  ou  les  unit\u00e9s  de  gendarmerie  pour  qu'ils  visitent  le  domicile  de  l'\u00e9tranger  afin  de\ns'assurer de sa pr\u00e9sence et de le conduire aupr\u00e8s des autorit\u00e9s consulaires sur le fondement\nde l'article L 513-5 du CESEDA ;\n\u2022 les mandats sp\u00e9ciaux destin\u00e9s aux repr\u00e9sentants charg\u00e9s de d\u00e9fendre le pr\u00e9fet de C\u00f4te d'Or\nlors de l'examen, par le juge des libert\u00e9s et de la d\u00e9tention, des demandes de premi\u00e8re ,\ndeuxi\u00e8me, troisi\u00e8me et quatri\u00e8me prolongation de la r\u00e9tention administrative ;\n\u2022 les arr\u00eat\u00e9s de mandatement des condamnations p\u00e9cuniaires dues par l'\u00c9tat dans le cadre du\ncontentieux des \u00e9trangers ;\n\u2022 les observations \u00e9crites adress\u00e9es \u00e0 une juridiction administrative dans le cadre de recours\ncontentieux trait\u00e9s en proc\u00e9dure orale ;\n\u2022 les observations \u00e9crites adress\u00e9es \u00e0 une juridiction administrative dans le cadre de recours\ncontentieux trait\u00e9s en proc\u00e9dure \u00e9crite ;\n\u2022 les arr\u00eat\u00e9s pr\u00e9fectoraux d'assignation \u00e0 r\u00e9sidence ;\n\u2022 les arr\u00eat\u00e9s pr\u00e9fectoraux portant refus de s\u00e9jour et obligation de quitter le territoire fran\u00e7ais au\ntitre de l'asile assortie ou non d'un d\u00e9lai de d\u00e9part volontaire et d'une interdiction de retour.\n\u2022\n2/8\nPr\u00e9fecture de la C\u00f4te-d'Or - 21-2024-10-28-00011 - Arr\u00eat\u00e9 pr\u00e9fectoral n\u00b0  1654 / SG du 28 octobre 2024\ndonnant d\u00e9l\u00e9gation de signature \u00e0 Monsieur S\u00e9bastien GAUTHEY, attach\u00e9 hors classe,\n directeur de l'immigration et de la nationalit\u00e9 (DIN)\n62\nEn cas d'absence de tout membre du corps pr\u00e9fectoral :\n\u2013 les arr\u00eat\u00e9s de reconduite \u00e0 la fronti\u00e8re, les arr\u00eat\u00e9s de remise d'office,  les Obligations de\nQuitter  le  Territoire  Fran\u00e7ais  sans  d\u00e9lai  de  d\u00e9part  volontaire,  \u00e9ventuellement  assortis\nd'interdiction de retour, les arr\u00eat\u00e9s portant interdiction de retour seule ou les prolongations\nd'interdiction de retour, et les arr\u00eat\u00e9s portant maintien en r\u00e9tention administrative ;\n\u2013 les d\u00e9cisions et arr\u00eat\u00e9s fixant le choix du pays de destination des \u00e9trangers faisant l'objet\nd'une mesure d'\u00e9loignement du territoire fran\u00e7ais.\nPLATEFORME INTERDEPARTEMENTALE DE LA NATURALISATION :\nles d\u00e9cisions de classement sans suite en mati\u00e8re de naturalisation et les actes relevant de la\nplateforme interd\u00e9partementale de la naturalisation.\nArticle 3 : En cas d'absence ou d'emp\u00eachement de Monsieur S\u00e9bastien GAUTHEY, la d\u00e9l\u00e9gation qui\nlui  est  conf\u00e9r\u00e9e  par  l'article  2  ci-dessus  sera  exerc\u00e9e  par  Madame  C\u00e9line  MANELLI,  attach\u00e9e\nd'administration de l'\u00c9tat, cheffe du service de l'immigration et de l'int\u00e9gration.\nEn cas d'absence concomitante de Monsieur S\u00e9bastien GAUTHEY et de Madame C\u00e9line MANELLI,\nla d\u00e9l\u00e9gation est conf\u00e9r\u00e9e \u00e0 Madame Anne DELVALLE, attach\u00e9e d'administration de l'\u00c9tat,  chef-\nadjoint du service immigration et int\u00e9gration et chef du p\u00f4le contentieux des \u00e9trangers.\nEn cas d'absence concomitante de Monsieur S\u00e9bastien GAUTHEY, de Madame C\u00e9line MANELLI, et\nde Madame Anne DELVALLE, la d\u00e9l\u00e9gation est conf\u00e9r\u00e9e \u00e0 Monsieur Jean-Christophe THUILLIER,\nattach\u00e9 d'administration de l'\u00c9tat, chef de la plateforme interd\u00e9partementale de la naturalisation.\nEn cas d'absence concomitante de Monsieur S\u00e9bastien GAUTHEY, de Madame C\u00e9line MANELLI, de\nMadame Anne DELVALLE et de Monsieur Jean-Christophe THUILLIER, la d\u00e9l\u00e9gation est conf\u00e9r\u00e9e \u00e0\nMadame Marie-Suzel TABARD, contractuelle longue dur\u00e9e, cheffe de p\u00f4le asile-\u00e9loignement.\nEn cas d'absence concomitante de Monsieur S\u00e9bastien GAUTHEY, de Madame C\u00e9line MANELLI, de\nMadame Anne DELVALLE de Monsieur  Jean-Christophe  THUILLIER et de  Madame Marie-Suzel\nTABARD, la d\u00e9l\u00e9gation est conf\u00e9r\u00e9e \u00e0 Madame Lola PINSONNEAUX, contractuelle longue dur\u00e9e,\nchef-adjoint du p\u00f4le asile-\u00e9loignement.\nEn cas d'absence concomitante de Monsieur S\u00e9bastien GAUTHEY, de Madame C\u00e9line MANELLI, de\nMadame  Anne  DELVALLE  de  Monsieur  Jean-Christophe  THUILLIER,  de  Madame  Marie-Suzel\nTABARD, de Madame Lola PINSONNEAUX, la d\u00e9l\u00e9gation est conf\u00e9r\u00e9e \u00e0 Madame Cateline ZARIC,\nagent  contractuel  en  contrat  \u00e0  dur\u00e9e  ind\u00e9termin\u00e9e,  adjointe  au  chef  de  la  plateforme\ninterd\u00e9partementale de la naturalisation.\nArticle  4     :  D\u00e9l\u00e9gation  est  donn\u00e9e  \u00e0    Monsieur  Jean-Christophe  THUILLIER,    attach\u00e9  \nd'administration de l'\u00c9tat, chef de la plateforme interd\u00e9partementale de la naturalisation pour     :  \n- les d\u00e9cisions de classement sans suite en mati\u00e8re de naturalisation et les actes relevant de la\nplateforme interd\u00e9partementale de la naturalisation\nEn  cas  d'absence  ou  d'emp\u00eachement  de  Monsieur  Jean-Christophe  THUILLIER,  la  d\u00e9l\u00e9gation\nconf\u00e9r\u00e9e au pr\u00e9sent article sera exerc\u00e9e Madame Cateline ZARIC, agent contractuel en contrat \u00e0\ndur\u00e9e ind\u00e9termin\u00e9e, adjointe au chef de la plateforme interd\u00e9partementale de la naturalisation.\n3/8\nPr\u00e9fecture de la C\u00f4te-d'Or - 21-2024-10-28-00011 - Arr\u00eat\u00e9 pr\u00e9fectoral n\u00b0  1654 / SG du 28 octobre 2024\ndonnant d\u00e9l\u00e9gation de signature \u00e0 Monsieur S\u00e9bastien GAUTHEY, attach\u00e9 hors classe,\n directeur de l'immigration et de la nationalit\u00e9 (DIN)\n63\nEn  cas  d'absence  ou  d'emp\u00eachement  de  Monsieur  Jean-Christophe  THUILLIER  et  de  Madame\nCateline  ZARIC,  la d\u00e9l\u00e9gation  conf\u00e9r\u00e9e  au  pr\u00e9sent  article  sera  exerc\u00e9e  par  Madame  B\u00e9n\u00e9dicte\nBOEUF, secr\u00e9taire administratif de classe normale.\n* D\u00e9l\u00e9gation est donn\u00e9e \u00e0 :\n\u27a2 Madame  Tatiana  BOYON,  secr\u00e9taire  administratif  de  classe  sup\u00e9rieure,  Mesdames\nB\u00e9n\u00e9dicte BOEUF, Annie DIARD, S\u00e9verine GROSSEL, Sahar HASSANI et Monsieur\nBaptiste  BOUDAULT,  secr\u00e9taires  administratifs  de  classe  normale,  Madame  Lin\nSANDAFI, contractuelle de longue dur\u00e9e, Messieurs Antoine PORRO, Josua BARRET,\nagents contractuels, pour :\n\u2022 les convocations des postulants et des d\u00e9clarants, \n\u2022 les attestations de d\u00e9p\u00f4t et les accus\u00e9s de r\u00e9ception,\n\u2022 les demandes d'enqu\u00eate,\n\u2022 les saisines des TJ et TGI, \n\u2022 les r\u00e9c\u00e9piss\u00e9s, \n\u2022 la conduite d'entretien et les compte-rendus des entretiens d'assimilation de la nationalit\u00e9\nfran\u00e7aise, \n\u2022 les retours de dossiers incomplets,\n\u2022 les correspondances courantes n'emportant pas de d\u00e9cision.\nArticle 5 :   D\u00e9l\u00e9gation est donn\u00e9e \u00e0 Madame C\u00e9line MANELLI,   cheffe du service de l'immigration et\nde l'int\u00e9gration, attach\u00e9e d'administration de l'\u00c9t  at pour     :  \n\u2022 toutes d\u00e9cisions relatives aux diverses proc\u00e9dures d'autorisation de s\u00e9jour et de refus de\ns\u00e9jour en France ;\n\u2022 la d\u00e9livrance et le refus de d\u00e9livrance des documents suivants :\n\u2013 cartes de s\u00e9jour  : cartes de s\u00e9jour temporaire, cartes de s\u00e9jour pluriannuelles, cartes de\nr\u00e9sident, cartes de s\u00e9jour de ressortissant d'un \u00c9tat membre de la communaut\u00e9 europ\u00e9enne\nou de l'Espace \u00c9conomique Europ\u00e9en, certificat de r\u00e9sidence pour les Alg\u00e9riens, carte de\ns\u00e9jour \u00ab retrait\u00e9 \u00bb ;\n\u2013 r\u00e9c\u00e9piss\u00e9s  de  demande  de  titre  de  s\u00e9jour  et  r\u00e9c\u00e9piss\u00e9s  d\u00e9livr\u00e9s  dans  le  cadre  d'une\ndemande d'asile ;\n\u2013 attestations de demandes d'asile ;\n\u2013 autorisations provisoires de s\u00e9jour ;\n\u2013 titres d'identit\u00e9 et de voyage ;\n\u2013 sauf-conduits ;\n\u2013 documents de voyage collectif pour \u00e9trangers mineurs dans le cadre de voyages scolaires  ;\n\u2013 documents de circulation pour les mineurs \u00e9trangers \u00e9tablis en France ;\n\u2013 visas de toute nature sur les passeports \u00e9trangers ;\n\u2013 les lettres d'information dans le cadre d'une proc\u00e9dure de r\u00e9admission DUBLIN ainsi que les\nconvocations  DUBLIN,  les  lettres  d'information  des  demandeurs  d'asile  maintenus\nprovisoirement au s\u00e9jour ainsi que les laissez-passer dans le cadre d'une proc\u00e9dure de\nr\u00e9admission DUBLIN.\n\u2022 les refus de prolongation de visa ;\n\u2022 les convocations aux entretiens dans le cadre du contr\u00f4le des cartes de s\u00e9jour pluriannuelles\n\u2022 la signature des demandes de laissez-passer consulaires ;\n\u2022 la signature des courriers de saisine adress\u00e9s \u00e0 l'OFPRA (office fran\u00e7ais de protection des\nr\u00e9fugi\u00e9s et apatrides) dans le cadre des demandes d'asile pr\u00e9sent\u00e9es par des \u00e9trangers\nplac\u00e9s en centre de r\u00e9tention administrative ;\n4/8\nPr\u00e9fecture de la C\u00f4te-d'Or - 21-2024-10-28-00011 - Arr\u00eat\u00e9 pr\u00e9fectoral n\u00b0  1654 / SG du 28 octobre 2024\ndonnant d\u00e9l\u00e9gation de signature \u00e0 Monsieur S\u00e9bastien GAUTHEY, attach\u00e9 hors classe,\n directeur de l'immigration et de la nationalit\u00e9 (DIN)\n64\n\u2022 les demandes d'escortes pour transf\u00e9rer les \u00e9trangers en situation irr\u00e9guli\u00e8re dans un centre\nde r\u00e9tention administrative ;\n\u2022 les observations \u00e9crites adress\u00e9es \u00e0 une juridiction administrative dans le cadre de recours\ncontentieux trait\u00e9s en proc\u00e9dure orale ;\n\u2022 les observations \u00e9crites adress\u00e9es \u00e0 une juridiction administrative dans le cadre de recours\ncontentieux trait\u00e9s en proc\u00e9dure \u00e9crite ;\n\u2022 les saisines du juge des libert\u00e9s et de la d\u00e9tention pour les demandes  de prolongation en\nr\u00e9tention administrative ;\n\u2022 les saisines du juge des libert\u00e9s et de la d\u00e9tention pour les demandes d'autorisation \u00e0 requ\u00e9rir\nles services de police ou les unit\u00e9s de gendarmerie pour qu'ils visitent le domicile de l'\u00e9tranger\nafin de s'assurer de sa pr\u00e9sence et de le reconduire \u00e0 la fronti\u00e8re sur le fondement de l'article\nL 561-2 II du CESEDA ;\n\u2022 les saisines du juge des libert\u00e9s et de la d\u00e9tention pour les demandes d'autorisation \u00e0 requ\u00e9rir\nles services de police ou les unit\u00e9s de gendarmerie pour qu'ils visitent le domicile de l'\u00e9tranger\nafin de s'assurer de sa pr\u00e9sence et de le conduire aupr\u00e8s des autorit\u00e9s consulaires sur le\nfondement de l'article L 513-5 du CESEDA ;\n\u2022 les mandats sp\u00e9ciaux destin\u00e9s aux repr\u00e9sentants charg\u00e9s de d\u00e9fendre le pr\u00e9fet de C\u00f4te d'Or\nlors de l'examen, par le juge des libert\u00e9s et de la d\u00e9tention, des demandes  de premi\u00e8re,\ndeuxi\u00e8me, troisi\u00e8me et quatri\u00e8me prolongation de la r\u00e9tention administrative ;\n\u2022 les arr\u00eat\u00e9s de mandatement des condamnations p\u00e9cuniaires dues par l'\u00c9tat dans le cadre du\ncontentieux des \u00e9trangers ;\nEn cas d'absence ou d'emp\u00eachement de Madame C\u00e9line MANELLI, la d\u00e9l\u00e9gation est conf\u00e9r\u00e9e \u00e0\nMadame Anne DELVALLE, attach\u00e9e, chef-adjoint du service immigration et int\u00e9gration et chef du p\u00f4le\ncontentieux des \u00e9trangers.\nEn cas d'absence ou d'emp\u00eachement de Madame C\u00e9line MANELLI et de Madame Anne DELVALLE,\nla d\u00e9l\u00e9gation est conf\u00e9r\u00e9e \u00e0 Madame Marie-Suzel TABARD, contractuelle longue dur\u00e9e, chef du p\u00f4le\nasile-\u00e9loignement du service d'immigration et d'int\u00e9gration.\nEn cas d'absence ou d'emp\u00eachement de Madame C\u00e9line MANELLI, de Madame Anne DELVALLE et\nde  Madame  Marie-Suzel  TABARD,  la  d\u00e9l\u00e9gation  est  conf\u00e9r\u00e9e  \u00e0  Madame  Lola  PINSONNEAUX,\ncontractuelle longue dur\u00e9e, chef-adjoint du p\u00f4le asile-\u00e9loignement.\nEn cas d'absence ou d'emp\u00eachement de Madame C\u00e9line MANELLI, de Madame Anne DELVALLE, de\nMadame Marie-Suzel TABARD et de Madame Lola PINSONNEAUX, la d\u00e9l\u00e9gation est conf\u00e9r\u00e9e \u00e0\nMadame  Catherine  VALENTIN,  attach\u00e9e,  chef  du  p\u00f4le  s\u00e9jour  du  Service  d'immigration  et\nd'int\u00e9gration.\nEn cas d'absence ou d'emp\u00eachement de Madame C\u00e9line MANELLI, de Madame Anne DELVALLE, de\nMadame  Marie-Suzel  TABARD,  de  Madame  Lola  PINSONNEAUX  et  de  Madame  Catherine\nVALENTIN, la d\u00e9l\u00e9gation est conf\u00e9r\u00e9e \u00e0 Monsieur Jean-Claude WEBER, attach\u00e9e, chef-adjoint du\np\u00f4le s\u00e9jour du Service d'immigration et d'int\u00e9gration.\n* Pour le p\u00f4le contentieux des \u00e9trangers, d\u00e9l\u00e9gation est donn\u00e9e \u00e0  : Madame Anne DELVALLE,\nattach\u00e9e, chef-adjoint du service immigration et int\u00e9gration et chef du p\u00f4le contentieux des \u00e9trangers\nMonsieur Manuel DA ROCHA, attach\u00e9, et Mme Anne-Sophie LEVEQUE, contractuelle longue dur\u00e9e,\npour :\n\u2022 les observations \u00e9crites adress\u00e9es \u00e0 une juridiction administrative dans le cadre de recours\ncontentieux trait\u00e9s en proc\u00e9dure orale ;\n\u2022 les observations \u00e9crites adress\u00e9es \u00e0 une juridiction administrative dans le cadre de recours\ncontentieux trait\u00e9s en proc\u00e9dure \u00e9crite ;\n\u2022 les accus\u00e9s de r\u00e9ception des requ\u00eates devant les juridictions administratives\n\u2022 les correspondances courantes n'emportant pas de d\u00e9cision, les lettre-types, les bordereaux\nd'envoi et t\u00e9l\u00e9copies dans les domaines de l'\u00e9loignement, des r\u00e9admissions et du contentieux.\n* Pour le P\u00f4le S\u00e9jour, d\u00e9l\u00e9gation est donn\u00e9e \u00e0 :\n5/8\nPr\u00e9fecture de la C\u00f4te-d'Or - 21-2024-10-28-00011 - Arr\u00eat\u00e9 pr\u00e9fectoral n\u00b0  1654 / SG du 28 octobre 2024\ndonnant d\u00e9l\u00e9gation de signature \u00e0 Monsieur S\u00e9bastien GAUTHEY, attach\u00e9 hors classe,\n directeur de l'immigration et de la nationalit\u00e9 (DIN)\n65\n\u27a2 Madame  Catherine  VALENTIN,  attach\u00e9e,  Cheffe  du  P\u00f4le  S\u00e9jour,  Monsieur  Jean-\nClaude  WEBER,  attach\u00e9,  adjoint  \u00e0  la  Cheffe  du  p\u00f4le  s\u00e9jour,  et  Mme  Justine\nMICHELET, secr\u00e9taire administrative de classe normale, pour :\n\u2022 les bordereaux d'envoi et les t\u00e9l\u00e9copies ;\n\u2022 les correspondances courantes et les lettres-types n'emportant pas d\u00e9cision  ;\n\u2022 les titres de voyage et sauf-conduits pour les \u00e9trangers ;\n\u2022 les visas de toute nature sur les passeports \u00e9trangers ;\n\u2022 les r\u00e9c\u00e9piss\u00e9s de demandes de titre de s\u00e9jour, les autorisations provisoires de s\u00e9jour \n\u2022 la d\u00e9livrance des documents de circulation pour les \u00e9trangers mineurs\n\u2022 les demandes de casier judiciaire ;\n\u2022 la d\u00e9livrance de documents de voyage collectif pour \u00e9trangers mineurs dans le cadre de \nvoyages scolaires ;\n\u2022 les refus de prolongation de visa ;\n\u2022 les premi\u00e8res demandes et les renouvellements de titres de s\u00e9jour ;\n\u2022 les demandes de duplicatas, de changements d'adresse et de modifications de cartes de\ns\u00e9jour temporaires\n\u2022 les attestations sur l'honneur de communaut\u00e9 de vie (d\u00e9claration par mariage),\n\u2022 les demandes d'enqu\u00eates ;\n\u2022 les Proc\u00e8s-Verbaux d'Int\u00e9gration R\u00e9publicaine (PVIR)\n\u27a2 Marine BOUDET, secr\u00e9taire administrative et Chlo\u00e9 TALLANDIER, contractuelle longue\ndur\u00e9e, pour :\n\u2022 les bordereaux d'envoi et les t\u00e9l\u00e9copies ;\n\u2022 les correspondances courantes et les lettres-types n'emportant pas d\u00e9cision  ;\n\u2022 les r\u00e9c\u00e9piss\u00e9s de demande de titre de s\u00e9jour et le renouvellement des r\u00e9c\u00e9piss\u00e9s  ;\n\u2022 les demandes de casier judiciaire ;\n\u2022 les demandes d'enqu\u00eates ;\n\u2022 les Proc\u00e8s-Verbaux d'Int\u00e9gration R\u00e9publicaine (PVIR)\n\u27a2 Mesdames Marie-Christine DAUDET, adjoint administratif principal 1\u00e8re classe,  Emilie\nLORET-MASSON,  adjoint  administratif,  Mesdames  Fatna  KHARBOUCH,  Muriel\nCORDIER, Mil\u00e8ne MARONNAT et Marie GOICHOT, adjointes administratives principal\n2\u00e8me  classe,  Madame  Maeva  LYPS,  agent  contractuel,  et  Madame  C\u00e9lia  MOSA,\nagent contractuel :\n\u27a2 les bordereaux d'envoi et les t\u00e9l\u00e9copies ;\n\u27a2 les correspondances courantes et les lettres-types n'emportant pas d\u00e9cision  ;\n\u27a2 les attestations sur l'honneur de communaut\u00e9 de vie (d\u00e9claration par mariage),\n\u27a2 les r\u00e9c\u00e9piss\u00e9s de titre de s\u00e9jour ainsi que le renouvellement des r\u00e9c\u00e9piss\u00e9s ;\n\u27a2 les demandes de casier judiciaire ;\n\u27a2 les demandes de duplicatas, de changements d'adresse et de modifications de cartes de\ns\u00e9jour ;\n\u27a2 les  1\u00e8res  demandes  et  renouvellements  de  titres  de  s\u00e9jour  sauf  pour  les  cat\u00e9gories\nsuivantes : conjoint de fran\u00e7ais, parent d'enfant fran\u00e7ais et membre de famille de citoyen de\nl'UE.\n* Pour le P\u00f4le Asile-\u00e9loignement, d\u00e9l\u00e9gation est donn\u00e9e \u00e0 : \n\u27a2 Madame  Marie-Suzel  TABARD,  contractuelle  longue  dur\u00e9e,  cheffe  de  p\u00f4le  asile-\n\u00e9loignement et Madame Lola PINSONNEAUX, contractuelle longue dur\u00e9e, adjointe \u00e0\nla cheffe de p\u00f4le asile-\u00e9loignement pour :\n6/8\nPr\u00e9fecture de la C\u00f4te-d'Or - 21-2024-10-28-00011 - Arr\u00eat\u00e9 pr\u00e9fectoral n\u00b0  1654 / SG du 28 octobre 2024\ndonnant d\u00e9l\u00e9gation de signature \u00e0 Monsieur S\u00e9bastien GAUTHEY, attach\u00e9 hors classe,\n directeur de l'immigration et de la nationalit\u00e9 (DIN)\n66\n\u27a2 les convocations DUBLIN ;\n\u27a2 les laissez-passer dans le cadre d'une proc\u00e9dure de r\u00e9admission DUBLIN.\n\u27a2 les r\u00e9c\u00e9piss\u00e9s et attestations de demandes d'asile ;\n\u27a2 les bordereaux d'envoi, t\u00e9l\u00e9copies, correspondances courantes et demandes d'avis li\u00e9s \u00e0\nl'asile,  aux  proc\u00e9dures  de  r\u00e9admission et \u00e0 la reconduite  \u00e0  la  fronti\u00e8re  des demandeurs\nd'asile ;\n\u27a2 les autorisations provisoires de s\u00e9jour ;\n\u27a2 les demandes de r\u00e9admission d'un \u00e9tranger dans un autre \u00c9tat ;\n\u27a2 les fiches d'information transmises \u00e0 l'OFPRA ;\n\u27a2 les lettres d'information du demandeur d'asile  ;\n\u27a2 les accus\u00e9s de r\u00e9ception des requ\u00eates devant les juridictions administratives ;\n\u27a2 les correspondances courantes n'emportant pas de d\u00e9cision, les lettre-types, les bordereaux\nd'envoi  et  t\u00e9l\u00e9copies  dans  les  domaines  de  l'\u00e9loignement,  des  r\u00e9admissions  et  du\ncontentieux ;\n\u27a2 la signature des demandes de laissez-passer consulaires ;\n\u27a2 la signature des courriers de saisine adress\u00e9s \u00e0 l'OFPRA (office fran\u00e7ais de protection des\nr\u00e9fugi\u00e9s et apatrides) dans le cadre des demandes d'asile pr\u00e9sent\u00e9es par des \u00e9trangers\nplac\u00e9s en centre de r\u00e9tention administrative ;\n\u27a2 les lettres d'information dans le cadre d'une proc\u00e9dure de r\u00e9admission DUBLIN ainsi que les\nconvocations  DUBLIN,  les  lettres  d'information  des  demandeurs  d'asile  maintenus\nprovisoirement  au  s\u00e9jour  ainsi  que  les  laissez-passer  dans  le  cadre  d'une  proc\u00e9dure  de\nr\u00e9admission DUBLIN.\n\u27a2 les demandes d'escortes pour transf\u00e9rer les \u00e9trangers en situation irr\u00e9guli\u00e8re dans un centre\nde r\u00e9tention administrative ;\n\u27a2 les saisines du juge des libert\u00e9s et de la d\u00e9tention pour les demandes  de prolongation en\nr\u00e9tention administrative ;\n\u27a2 les saisines du juge des libert\u00e9s et de la d\u00e9tention pour les demandes d'autorisation \u00e0 requ\u00e9rir\nles services de police ou les unit\u00e9s de gendarmerie pour qu'ils visitent le domicile de l'\u00e9tranger\nafin de s'assurer de sa pr\u00e9sence et de le reconduire \u00e0 la fronti\u00e8re sur le fondement de l'article\nL 561-2 II du CESEDA ;\n\u27a2 les saisines du juge des libert\u00e9s et de la d\u00e9tention pour les demandes d'autorisation \u00e0 requ\u00e9rir\nles services de police ou les unit\u00e9s de gendarmerie pour qu'ils visitent le domicile de l'\u00e9tranger\nafin de s'assurer de sa pr\u00e9sence et de le conduire aupr\u00e8s des autorit\u00e9s consulaires sur le\nfondement de l'article L 513-5 du CESEDA ;\n\u27a2 les mandats sp\u00e9ciaux destin\u00e9s aux repr\u00e9sentants charg\u00e9s de d\u00e9fendre le pr\u00e9fet de C\u00f4te d'Or\nlors de l'examen, par le juge des libert\u00e9s et de la d\u00e9tention, des demandes de premi\u00e8re,\ndeuxi\u00e8me, troisi\u00e8me et quatri\u00e8me prolongation de la r\u00e9tention administrative  ;\n\u27a2 les titres internationaux de voyage, les titres de voyage pour r\u00e9fugi\u00e9s et sauf-conduits pour les\n\u00e9trangers ;\n\u27a2 les 1\u00e8res demandes de carte de r\u00e9sident mention r\u00e9fugi\u00e9 et les 1\u00e8res demandes de titres de\ns\u00e9jour au titre de b\u00e9n\u00e9ficiaires de la protection subsidiaire\n\u27a2 les r\u00e9c\u00e9piss\u00e9s de 1\u00e8res demande de carte de r\u00e9sident mention r\u00e9fugi\u00e9 et de 1\u00e8res demandes\nde titres de s\u00e9jour au titre de b\u00e9n\u00e9ficiaires de la protection subsidiaire\n\u27a2 Mesdames  Corinne  MERCUZOT-TURELLO ,  secr\u00e9taire  administrative,  Rachida\nBOUTCHACHA,  secr\u00e9taire  administrative,  et  Marie-Christine  BOUILLOT,  secr\u00e9taire\nadministrative pour :\n\u2022 les convocations DUBLIN ;\n\u2022 les r\u00e9c\u00e9piss\u00e9s et les attestations de demandes d'asile ;\n\u2022 les bordereaux d'envoi, t\u00e9l\u00e9copies, correspondances courantes et demandes d'avis li\u00e9s \u00e0\nl'asile,  aux  proc\u00e9dures  de  r\u00e9admission et \u00e0 la reconduite  \u00e0  la  fronti\u00e8re  des demandeurs\nd'asile ;\n\u2022 les demandes de r\u00e9admission d'un \u00e9tranger dans un autre \u00c9tat ;\n\u2022 les fiches d'information transmises \u00e0 l'OFPRA ;\n7/8\nPr\u00e9fecture de la C\u00f4te-d'Or - 21-2024-10-28-00011 - Arr\u00eat\u00e9 pr\u00e9fectoral n\u00b0  1654 / SG du 28 octobre 2024\ndonnant d\u00e9l\u00e9gation de signature \u00e0 Monsieur S\u00e9bastien GAUTHEY, attach\u00e9 hors classe,\n directeur de l'immigration et de la nationalit\u00e9 (DIN)\n67\n\u2022 les lettres d'information du demandeur d'asile ;\n\u2022 les  r\u00e9c\u00e9piss\u00e9s  de  1\u00e8res  demandes  de  carte  de  r\u00e9sident  mention  r\u00e9fugi\u00e9  et  de  1\u00e8res\ndemandes de titres de s\u00e9jour au titre de b\u00e9n\u00e9ficiaires de la protection subsidiaire\n\u27a2 Mesdames  Louison  AMBROSIONI,  contractuelle  longue  dur\u00e9e,  Marl\u00e8ne  ALDAYA,\nsecr\u00e9taire  administrative,  C\u00e9cile  BRETON,  secr\u00e9taire  administrative,  Justine\nKAROTSCH, contractuelle longue dur\u00e9e, C\u00e9line THOMAS,  secr\u00e9taire administrative,\nLyna  AIT  EL FASSY,  secr\u00e9taire  administrative,  et  Caroline  BERNARD,  secr\u00e9taire\nadministrative pour :\n\u2022 les correspondances courantes n'emportant pas de d\u00e9cision, les lettre-types, les bordereaux\nd'envoi et t\u00e9l\u00e9copies dans les domaines de l'\u00e9loignement et des r\u00e9admissions.\nArticle 6  : La secr\u00e9taire g\u00e9n\u00e9rale par int\u00e9rim  de la pr\u00e9fecture de la C\u00f4te-d'Or, et les agents\nb\u00e9n\u00e9ficiaires de la d\u00e9l\u00e9gation de signature, sont charg\u00e9s, chacun pour ce qui le concerne, de\nl'ex\u00e9cution du pr\u00e9sent arr\u00eat\u00e9 qui sera publi\u00e9 au recueil des actes administratifs de la pr\u00e9fecture de\nla C\u00f4te-d'Or.\nFait \u00e0 Dijon, le 28 octobre 2024\nLe pr\u00e9fet,\nSign\u00e9 :\nPaul MOURIER\n8/8\nPr\u00e9fecture de la C\u00f4te-d'Or - 21-2024-10-28-00011 - Arr\u00eat\u00e9 pr\u00e9fectoral n\u00b0  1654 / SG du 28 octobre 2024\ndonnant d\u00e9l\u00e9gation de signature \u00e0 Monsieur S\u00e9bastien GAUTHEY, attach\u00e9 hors classe,\n directeur de l'immigration et de la nationalit\u00e9 (DIN)\n68\nPr\u00e9fecture de la C\u00f4te-d'Or\nP\u00f4le juridique inter-services\n21-2024-10-28-00015\nArr\u00eat\u00e9 pr\u00e9fectoral n\u00b0  1656 / SG du 28 octobre\n2024               \ndonnant d\u00e9l\u00e9gation de signature pour\nl'utilisation \nd'une carte d'achat nominative\nPr\u00e9fecture de la C\u00f4te-d'Or - 21-2024-10-28-00015 - Arr\u00eat\u00e9 pr\u00e9fectoral n\u00b0  1656 / SG du 28 octobre 2024               \ndonnant d\u00e9l\u00e9gation de signature pour l'utilisation \nd'une carte d'achat nominative\n69\nPREFETDE LACOTE-D'ORLibert\u00e9\u00c9galit\u00e9Fraternit\u00e9Arr\u00eat\u00e9 pr\u00e9fectoral n\u00b0 1656 / SG du 28 octobre 2024donnant d\u00e9l\u00e9gation de signature pour l'utilisationd'une carte d'achat nominative\nLe pr\u00e9fet de la C\u00f4te d'Or\nVu le d\u00e9cret n\u00b0 2004-374 du 29 avril 2004 relatif-aux pouvoirs des pr\u00e9fets, \u00e0 l'organisation et \u00e0 l'actiondes services de l'Etat dans les r\u00e9gions et d\u00e9partements;Vu le d\u00e9cret n\u00b0 2012-1246 modifi\u00e9 relatif \u00e0 la gestion budg\u00e9taire et comptable publique :Vu le d\u00e9cret du 10 octobre 2024 nommant Monsieur Paul MOURIER, pr\u00e9fet de la r\u00e9gionBourgogne-Franche-Comt\u00e9, pr\u00e9fet de la C\u00f4te-d'Or:Vu le d\u00e9cret du 16 ao\u00fbt 2022 portant nomination de Monsieur Olivier GERSTL\u00c9 en qualit\u00e9 de sous-pr\u00e9fet, directeur de cabinet du pr\u00e9fet de la R\u00e9gion Bourgogne-Franche-Comt\u00e9, pr\u00e9fet de la C\u00f4te-d'Or ;Vu le d\u00e9cret du 29 d\u00e9cembre 2022 nommant Madame Amelle GHAYOU, administratrice territoriale,sous-pr\u00e9f\u00e8te charg\u00e9e de mission aupr\u00e8s du pr\u00e9fet de r\u00e9gion Bourgogne-Franche-Comt\u00e9, pr\u00e9fet dela C\u00f4te d'Or ;Vu l'arr\u00eat\u00e9 du Premier ministre et du ministre de l'Int\u00e9rieur en date du 12 janvier 2022 nommantMadame Anne COSTE DE CHAMPERON, administratice de I'Etat hors classe,en qualit\u00e9 desecr\u00e9taire g\u00e9n\u00e9rale pour les affaires r\u00e9gionales de la R\u00e9gion Bourgogne-Franche Comt\u00e9, \u00e0compter du 1\u00b0 f\u00e9vrier 2022;Vu l'arr\u00e9t\u00e9 du Premier Ministre et du Ministre de l'Int\u00e9rieur en date du 22 d\u00e9cembre 2022 nommantMadame Florence BERNARD, en qualit\u00e9 d'adjointe au secr\u00e9taire g\u00e9n\u00e9ral pour les affairesr\u00e9gionales de la R\u00e9gion Bourgogne \u2014 Franche-Comt\u00e9, en charge du p\u00f4le \u00ab politiques publiquesinterminist\u00e9rielles \u00bb,Vu l'arr\u00e9t\u00e9 du Premier Ministre et du Ministre de l'Int\u00e9rieur en date du 8 juin 2021 nommantMadame Milada PANTIC, en qualit\u00e9 d'adjointe au secr\u00e9taire g\u00e9n\u00e9ral pour les affaires r\u00e9gionales dela R\u00e9gion Bourgogne \u2014 Franche-Comt\u00e9, en charge du p\u00f4le \u00ab moyens, modernisation,mutualisations \u00bb,Vu le d\u00e9cret du 17 novembre 2023 nommant Monsieur S\u00e9bastien LANOYE, sous-pr\u00e9fet, sous-pr\u00e9fet de Montbard ;Vu le d\u00e9cret du 6 juillet 2023, nommant Monsieur Beno\u00eet BYRSKI, sous-pr\u00e9fet, sous-pr\u00e9fet deBeaune;Vu I arr\u00e9t\u00e9 pr\u00e9fectoral n\u00b0 1184/SG du 3 d\u00e9cembre 2020 portant organisation du Secr\u00e9tariat g\u00e9n\u00e9ralcommun d\u00e9partemental de la C\u00f4te d'Or ;\nPr\u00e9fecture de la C\u00f4te-d'Or - 21-2024-10-28-00015 - Arr\u00eat\u00e9 pr\u00e9fectoral n\u00b0  1656 / SG du 28 octobre 2024               \ndonnant d\u00e9l\u00e9gation de signature pour l'utilisation \nd'une carte d'achat nominative\n70\nVu l'arr\u00eat\u00e9 pr\u00e9fectoral n\u00b0 1251/SG du 18 d\u00e9cembre 2020 portant organisation des services de lapr\u00e9fecture de la r\u00e9gion Bourgogne Franche-Comt\u00e9, pr\u00e9fecture de la C\u00f4te d'Or ;Vu l'arr\u00eat\u00e9 du Premier Ministre et du Ministre de l'Int\u00e9rieur en date du 1* f\u00e9vrier 2024 nommantMme Nathalie BERGET, attach\u00e9e d'administration de l'\u00c9tat hors classe, directrice du secr\u00e9tariatg\u00e9n\u00e9ral commun d\u00e9partemental de la C\u00f4te d'Or \u00e0 compter de ce jour ;Vu l'arr\u00eat\u00e9 pr\u00e9fectoral N\u00b0 254 / SG du 1\" f\u00e9vrier 2024 donnant d\u00e9l\u00e9gation de signature pourl'utilisation d'une carte d'achat nominative;\nARR\u00caTEArticle 1 : L'arr\u00eat\u00e9 pr\u00e9fectoral n\u00b0 413/SG du 21 f\u00e9vrier 2024 donnant d\u00e9l\u00e9gation de signature pourl'utilisation d'une carte d'achat nominative et toutes dispositions ant\u00e9rieures sont abrog\u00e9s \u00e0 compterdu 1er mars 2024.Article 2 : D\u00e9l\u00e9gation de signature est accord\u00e9e aux personnes figurant dans le tableau en annexe 1du pr\u00e9sent arr\u00eat\u00e9, afin d'utiliser dans le cadre de leurs attributions, comp\u00e9tences et dans la limitefix\u00e9e, une carte d'achat nominative.Article3 : La secr\u00e9taire g\u00e9n\u00e9rale par int\u00e9rim de la pr\u00e9fecture de la C\u00f4te-d'Or est charg\u00e9e del'ex\u00e9cution du pr\u00e9sent arr\u00eat\u00e9 qui sera publi\u00e9 au recueil des actes administratifs de la pr\u00e9fecture de laC\u00f4te d'Or.\nFait \u00e0 Dijon, le 28 octobre 2024Le pr\u00e9fetSign\u00e9 :\nPaul MOURIER\n2/2\nPr\u00e9fecture de la C\u00f4te-d'Or - 21-2024-10-28-00015 - Arr\u00eat\u00e9 pr\u00e9fectoral n\u00b0  1656 / SG du 28 octobre 2024               \ndonnant d\u00e9l\u00e9gation de signature pour l'utilisation \nd'une carte d'achat nominative\n71\nFeuillel\nPorteur de carte d'achat Service Plafond annuelb _ + {\u00eeBERNARD Florence (carte Repr\u00e9sentation) SGAR ADJOINTE \u20141 2500{.BERNARD Florence (carte HFRR) _ SGAR ADJOINTE | 2000BEZERRA DOS ANJOS Dominice (carte Repr\u00e9sentation) _RESIDENCE PREFET \u2014 10009BEZERRA DOS ANJOS Dominice (carte HFRR) RESIDENCE PREFET \u2014 12000(BRULE Thierry {carte Repr\u00e9sentation} /DIRECTION SECURITE 6000BRULE Thlerry (carte HFRR} DIRECTION SECURITE 4006IBYRSKI BENOIT [carte Repr\u00e9sentation) SOUS PREFET BEAUNE - L 5700(BYRSKI BENOIT (carte HFRR} (SOUS PREFET BEAUNE _\u2014 | __ 5700(CASCHETTA Genevi\u00e8ve (carte Repr\u00e9sentation) |DIRECTRICE ADJOINTE DDPP = 6000CASCHETTA Genevi\u00e8ve (carte HFRR) _ |DIRECTRICE ADJOINTE DDPP | GOOO\"CLEMENT Serge (carte Repr\u00e9sentation) __|S6C-\u2014LISI | 25000COLIN J\u00e9r\u00f4me (carte Repr\u00e9sentation) . COMMUNICATION 15000(CONORT Bertrand (carte Repr\u00e9sertation (RESIDENCE PREFET 40000(CONORT Bertrand (carte HFRR) RESIDENCE PREFET 40000COSTE DE CHAMPERON Anne (carte HFRR) ISGAR + 15000COSTE DE CHAMPERON Anne (carte Repr\u00e9sentation) __ |SGAR \u2014\u2014=l 17000DELANGLE Chvistian (carte HFRR) DDT ! 2000iFETEIRA Marie (carte Repr\u00e9sentation) __ SP BEAUNE | .3000,[FETEIRA Marie (carte HFRR) SP BEAUNE 2009[BERGET Nathalie {carte Repr\u00e9sentation) ___|DIRECTRICE SGC p  40000BERGET Nathalie (carte HFRR) _ DIRECTRICE SGC - \u2014\u2014 _30000GERSTLE OLIVIER (caste HERR) = DIRECTEUR DECABINET - _4500)(GERSTLE OLIVIER [carte Repr\u00e9\u00e9ematiung_ DIRECTEUR DE CABINET \u2014 5500(GHAYOU AMELLE (carte HFRR} SG ADJOINTE = 6200GHAYOU AMELLE (carte Repr\u00e9sentation) SG ADJOINTE 6200LANOYE SEBASTIEN (carte Repr\u00e9sentation SOUS PREFET MONTBARD | 6000LANOYE SEBASTIEN (carte HFRR) Sous PREFET MONTBARD 6000LAUBIER Florence (carte Repr\u00e9sentation) DIRECTRICE DDT 10000LAUBIER Florence (carte HFRR) __ DIRECTRICE DDT \u2014\u2014 \u2014 _10000|MARLOT Julien (carte Repr\u00e9sentation) SGAR 20000/MATHEY BONY Jean-Denis (carte Repr\u00e9sentation) RESIDENCE PREFET i 11000,MATHEY BONY Jean-Denis(carte HFRR) (RESIDENCE PREFET _45000LEON Armelle (carte Repr\u00e9sentation) (DIRECTEUR DDETS \u00cb 5000LEON Armelle (carte HFRR] DIRECTEUR DDETS 5000NORDI Hugues (carte HFRR) CONSEILLER DIPLOMATIQUE __ 1000INOURDIN Isabelle (HORS FRR) _____DDPP 4 socoPANTIC Milada (carte HFRR) SGAR ADJOINTE 2000PANTIC Milada (carte Repr\u00e9sentation) _____|SGAR ADJOINTE 2500PRUDHOMME Jean _1SGC- BUDGET ACHAT | 115000RATEL Carole (carte Repr\u00e9sentation) __|ASSISTANTE PREFET 17000RATEL Carole [carte HFRR) ASSISTANTE PREFET 11000ROOSE Didier (carte Repr\u00e9sentation) (DIRECTEUR DDPP \u2014\u2014  5000_RO\u00d4SE Didier (carte HFRR) DIRECTEUR DDPP |  5000SORRET B\u00e9atrice (carte Repr\u00e9sentation) RESIDENCE SP BEAUNE 8000SORRET B\u00e9atrice (carte HFRR} RESIDENCE SP BEAUNE 47000_\nPage 1\nFait \u00e0 Dijon, le 28 102024Le pr\u00e9fetSign\u00e9 :.Paul MOURIER\nPr\u00e9fecture de la C\u00f4te-d'Or - 21-2024-10-28-00015 - Arr\u00eat\u00e9 pr\u00e9fectoral n\u00b0  1656 / SG du 28 octobre 2024               \ndonnant d\u00e9l\u00e9gation de signature pour l'utilisation \nd'une carte d'achat nominative\n72\nPr\u00e9fecture de la C\u00f4te-d'Or - 21-2024-10-28-00015 - Arr\u00eat\u00e9 pr\u00e9fectoral n\u00b0  1656 / SG du 28 octobre 2024               \ndonnant d\u00e9l\u00e9gation de signature pour l'utilisation \nd'une carte d'achat nominative\n73\nPr\u00e9fecture de la C\u00f4te-d'Or\nP\u00f4le juridique inter-services\n21-2024-10-28-00019\nArr\u00eat\u00e9 pr\u00e9fectoral n\u00b0  1659 / SG du 28 octobre\n2024  \ndonnant d\u00e9l\u00e9gation de signature \u00e0 Madame\nFlorence LAUBIER,\ndirectrice d\u00e9partementale des territoires de la\nC\u00f4te-d'Or\nPr\u00e9fecture de la C\u00f4te-d'Or - 21-2024-10-28-00019 - Arr\u00eat\u00e9 pr\u00e9fectoral n\u00b0  1659 / SG du 28 octobre 2024  \ndonnant d\u00e9l\u00e9gation de signature \u00e0 Madame Florence LAUBIER,\ndirectrice d\u00e9partementale des territoires de la C\u00f4te-d'Or\n74\nSECR\u00c9TARIAT G\u00c9N\u00c9RAL\nDirection de la coordination des politiques publiques\net de l'appui territorial\nArr\u00eat\u00e9 pr\u00e9fectoral n\u00b0  1659 / SG du 28 octobre 2024  \ndonnant d\u00e9l\u00e9gation de signature \u00e0 Madame Florence LAUBIER,\ndirectrice d\u00e9partementale des territoires de la C\u00f4te-d'Or.\nLe pr\u00e9fet de la C\u00f4te-d'Or\nVu la loi organique n\u00b0 2001-692 du 1er ao\u00fbt 2001 modifi\u00e9e relative aux lois de finances ;\nVu les d\u00e9crets n\u00b0 98-81 du 11 f\u00e9vrier 1998 et 99-89 du 8 f\u00e9vrier 1999 modifi\u00e9s relatifs aux\nd\u00e9cisions prises par l'\u00c9tat en mati\u00e8re de prescription quadriennale ;\nVu le  d\u00e9cret  n\u00b0  2004-374  du  29  avril  2004  modifi\u00e9  relatif  aux  pouvoirs  des  pr\u00e9fets,  \u00e0\nl'organisation et \u00e0 l'action des services de l'\u00c9tat dans les r\u00e9gions et d\u00e9partements ;\nVu le  d\u00e9cret  n\u00b0  2009-1484  du  3  d\u00e9cembre  2009  modifi\u00e9  relatif  aux  directions\nd\u00e9partementales interminist\u00e9rielles ;\nVu le d\u00e9cret du 10 octobre 2024 nommant Monsieur  Paul MOURIER, pr\u00e9fet de la r\u00e9gion\nBourgogne-Franche-Comt\u00e9, pr\u00e9fet de la C\u00f4te-d'Or ;\nVu l' arr\u00eat\u00e9 du 31 mars 2011 portant d\u00e9concentration des d\u00e9cisions relatives \u00e0 la situation\nindividuelle  des  fonctionnaires  et  agents  non  titulaires  exer\u00e7ant  leurs  fonctions  dans  les\ndirections d\u00e9partementales interminist\u00e9rielles ;\nVu l'arr\u00eat\u00e9  pr\u00e9fectoral  n\u00b0  1073  du  30  juin  2023  portant  organisation  de  la  direction\nd\u00e9partementale des territoires de la C\u00f4te-d'Or ;\nVu l'arr\u00eat\u00e9  n\u00b0  219-319  du  11  d\u00e9cembre  2019  du  pr\u00e9fet  de  r\u00e9gion  Auvergne-Rh\u00f4ne-Alpes\nportant  d\u00e9l\u00e9gation  de  signature  aux  pr\u00e9fets  de  d\u00e9partement  pour  l'ordonnancement\nsecondaire des recettes et d\u00e9penses dans le cadre de la mission de coordination pour le\nbassin Rh\u00f4ne-M\u00e9diterran\u00e9e ;\nVu la convention pass\u00e9e le 25 juillet 2023 avec l'ASP pour la d\u00e9l\u00e9gation de t\u00e2ches dans le\ncadre de la mise en \u0153uvre des interventions 70.26 (dispositif de protection des troupeaux\ncontre la pr\u00e9dation) et 73.16 (investissements li\u00e9s \u00e0 la protection des exploitations contre la\npr\u00e9dation) de la programmation PAC 2023-2027 ;\nPr\u00e9fecture de la C\u00f4te-d'Or - 21-2024-10-28-00019 - Arr\u00eat\u00e9 pr\u00e9fectoral n\u00b0  1659 / SG du 28 octobre 2024  \ndonnant d\u00e9l\u00e9gation de signature \u00e0 Madame Florence LAUBIER,\ndirectrice d\u00e9partementale des territoires de la C\u00f4te-d'Or\n75\nVu l'arr\u00eat\u00e9  minist\u00e9riel  du  27  septembre  2019  portant  nomination,  \u00e0  compter  du  30\nseptembre 2019, de Mme Florence LAUBIER, ing\u00e9nieure en chef des ponts, des eaux et des\nfor\u00eats, en tant que directrice d\u00e9partementale des territoires de la C\u00f4te-d'Or ;\nVu l'arr\u00eat\u00e9 pr\u00e9fectoral n\u00b0 1438/SG du 29 septembre 2023 donnant d\u00e9l\u00e9gation de signature \u00e0\nMme Florence LAUBIER, directrice d\u00e9partementale des territoires de la C\u00f4te-d'Or ;\nSur proposition de la secr\u00e9taire g\u00e9n\u00e9rale par int\u00e9rim de la pr\u00e9fecture de la C\u00f4te-d'Or ;\nA R R \u00ca T E :\nArticle 1  er      : L'arr\u00eat\u00e9 pr\u00e9fectoral n\u00b0 1438/SG du 29 septembre 2023 donnant d\u00e9l\u00e9gation\nde signature \u00e0 Mme Florence LAUBIER, directrice d\u00e9partementale des territoires de la C\u00f4te-\nd'Or, et toutes dispositions ant\u00e9rieures et contraires au pr\u00e9sent arr\u00eat\u00e9 sont abrog\u00e9s.\nSECTION I : COMP\u00c9TENCE ADMINISTRATIVE G\u00c9N\u00c9RALE\nArticle 2     : D\u00e9l\u00e9gation est donn\u00e9e, pour le d\u00e9partement de la C\u00f4te-d'Or, \u00e0 M. Florence\nLAUBIER, directrice d\u00e9partementale des territoires, \u00e0 l'effet de signer, dans le cadre de ses\nattributions  et  comp\u00e9tences,  toutes  les  d\u00e9cisions  et  tous  les  documents  relevant  de\nl'ensemble de ses attributions, dont, notamment, les domaines particuliers suivants  :\nA. \u2013 ADMINISTRATION G\u00c9N\u00c9RALE\nA1 \u2013 Gestion du personnel     :  \nA1/1 \u2013 Toutes  les  d\u00e9cisions  relatives  \u00e0  la  gestion  des  personnels  de  la  direction\nd\u00e9partementale  des  territoires,  y  compris  les  recrutements  de  personnels\nauxiliaires, temporaires, contractuels  ou vacataires,  les  cong\u00e9s et ordres  de\nmission  ainsi  que  l'ensemble  des d\u00e9cisions  individuelles  list\u00e9es  \u00e0  l'article\npremier de l'arr\u00eat\u00e9 interminist\u00e9riel susvis\u00e9 du 31 mars 2011.\nA2 \u2013 Contentieux administratif     :  \nA2/1 \u2013 Accus\u00e9s de r\u00e9ception des recours gracieux et hi\u00e9rarchiques (articles L410-1 et\nL411-1 \u00e0 7 du CRPA)\nA2/2 \u2013 Repr\u00e9sentation de l'\u00c9tat aux audiences du tribunal administratif (articles R431-\n9 et 10 du CJA)\nA2/3 \u2013 Pr\u00e9sentation  des  observations  en  d\u00e9fense  devant  le  tribunal  administratif\n(articles R431-9 et 10 du CJA)\nA2/4 \u2013 Demande de transmission de pi\u00e8ces compl\u00e9mentaires n\u00e9cessaires \u00e0 l'exercice\ndu  contr\u00f4le de l\u00e9galit\u00e9 des  actes  d'urbanisme (articles L424-7 du  code de\nl'urbanisme et L2131-1 et 2 du CGCT)\n2/21\nPr\u00e9fecture de la C\u00f4te-d'Or - 21-2024-10-28-00019 - Arr\u00eat\u00e9 pr\u00e9fectoral n\u00b0  1659 / SG du 28 octobre 2024  \ndonnant d\u00e9l\u00e9gation de signature \u00e0 Madame Florence LAUBIER,\ndirectrice d\u00e9partementale des territoires de la C\u00f4te-d'Or\n76\nB. \u2013 AGRICULTURE ET FOR\u00caT\nB1 \u2013 \u00c9conomie agricole      :  \nB1/1 \u2013 Convocation des  membres de la commission d\u00e9partementale d'orientation\nagricole (CDOA), des sections et des groupes de travail de cette commission\n(articles R313-2, 6 et 7-2 du CRPM)\nB1/2 \u2013 Toute d\u00e9cision relative \u00e0 l'agr\u00e9ment des GAEC (article R323-10 du CRPM)\nB1/3 \u2013 D\u00e9cision relative \u00e0 la mise en \u0153uvre de l'organisation, de l'agr\u00e9ment et de la\nvalidation des plans de professionnalisation personnalis\u00e9s et \u00e0 l'attribution des\naides correspondantes (article R343-22 du CRPM et arr\u00eat\u00e9 du 22 ao\u00fbt 2016\nrelatif au plan de professionnalisation personnalis\u00e9)\nB1/4 \u2013 D\u00e9cision d'octroi ou de refus de l'aide au cong\u00e9 de formation des exploitants\nagricoles (article D353-1 du CRPM)\nB1/5 \u2013 Toute  d\u00e9cision  en  application  des  aides  \u00e0  l'adaptation  des  exploitations\n(agriculteurs  en difficult\u00e9), et arr\u00eat\u00e9 de d\u00e9signation des  experts  habilit\u00e9s  \u00e0\nr\u00e9aliser une analyse et un suivi des exploitations en difficult\u00e9 (article D354-1 \u00e0\n15 du CRPM)\nB1/6 \u2013 Arr\u00eat\u00e9  pr\u00e9fectoral  d\u00e9signant  la  mission  d'enqu\u00eate  permanente  habilit\u00e9e  \u00e0\nconstater des d\u00e9g\u00e2ts agricoles (article D361-20 du CRPM)\nB1/7 \u2013 D\u00e9cision relative \u00e0 la fixation et au r\u00e8glement des indemnit\u00e9s individuelles et\ndes pr\u00eats sp\u00e9ciaux octroy\u00e9s par le fonds des calamit\u00e9s agricoles (articles D361-\n34 \u00e0 39 du CRPM)\nB1/8 \u2013 Arr\u00eat\u00e9 fixant la composition du comit\u00e9 technique d\u00e9partemental (article R411-\n20 du CRPM)\nB1/9 \u2013 D\u00e9cision  autorisant  la  r\u00e9siliation  du  bail  en  vue  d'un  changement  de  leur\ndestination agricole (article L411-32 du CRPM)\nB1/10 \u2013 Toutes  correspondances  et  d\u00e9cisions  relatives  \u00e0  la  mise  en  \u0153uvre  des\ndispositifs d'aides du premier pilier de la PAC (D615-3 du CRPM)\nB1/11 \u2013 D\u00e9cision d'octroi ou de refus d'aide \u00e0 caract\u00e8re exceptionnel et autres aides\nrelevant du r\u00e9gime \u00ab de minimis \u00bb (d\u00e9cret n\u00b0 2002-631 du 25 avril 2002 relatif \u00e0\nla qualification des exploitations agricoles au titre de l'agriculture raisonn\u00e9e et\narr\u00eat\u00e9  du  22  mars  2006  relatif  \u00e0  l'aide  incitative  \u00e0  l'agriculture  raisonn\u00e9e)\n=L640-3\nB1/12 \u2013 Signature  des  conventions  jach\u00e8res  faune  sauvage  et  jach\u00e8res  fleuries\n(circulaire DGFAR/SDEA/C2003-5001 DPEI/SPM/MGA/C2003-4010 du 24 mars\n2003)\nB1/13 \u2013 D\u00e9cision  relative  \u00e0  l'habilitation  d'agents  de  l'\u00c9tat  pour  constater  les\ninfractions aux r\u00e8gles relatives au coefficient multiplicateur entre prix d'achat\net prix de vente des fruits et l\u00e9gumes p\u00e9rissables (article R671-18 du CRPM)\n3/21\nPr\u00e9fecture de la C\u00f4te-d'Or - 21-2024-10-28-00019 - Arr\u00eat\u00e9 pr\u00e9fectoral n\u00b0  1659 / SG du 28 octobre 2024  \ndonnant d\u00e9l\u00e9gation de signature \u00e0 Madame Florence LAUBIER,\ndirectrice d\u00e9partementale des territoires de la C\u00f4te-d'Or\n77\nB1/14 \u2013 D\u00e9cision  sur  demande  d'autorisation  de  poursuite  temporaire  d'activit\u00e9\nagricole (article L732-40 du CRPM)\nB1/15 \u2013 Toutes d\u00e9cisions et correspondances relatives aux demandes d'autorisation de\nprise  de  contr\u00f4le  de  soci\u00e9t\u00e9s  poss\u00e9dant  ou  exploitant  du  foncier  agricole\n(article L333-2 du CRPM) hors domaine viticole\nB2 \u2013 For\u00eat     :  \nB2/1 \u2013 D\u00e9cision relative \u00e0 l'autorisation de coupe pr\u00e9vue \u00e0 l'article L124-5 du code\nforestier\nB2/2 \u2013 D\u00e9cision relative \u00e0 l'attribution des primes au boisement (d\u00e9cret n\u00b0 2001-359\ndu  19  avril  2001  relatif  \u00e0  l'attribution  d'une  prime  annuelle  destin\u00e9e  \u00e0\ncompenser  les  pertes  de  revenu  d\u00e9coulant  du  boisement  de  surfaces\nagricoles)\nB2/3 \u2013 D\u00e9cision relative \u00e0 l'application du r\u00e9gime forestier (articles L214-3 et R214-2\ndu code forestier)\nB2/4 \u2013 D\u00e9cision relative aux demandes de distraction du r\u00e9gime forestier dans les cas\no\u00f9 l'Office national des for\u00eats ne fait pas opposition \u00e0 la demande (articles\nL214-3 et R214-2 du code forestier)\nB2/5 \u2013 Toutes  d\u00e9cisions  relatives  \u00e0  l'instruction  des  demandes  d'autorisation  de\nd\u00e9frichement des bois et for\u00eats (articles L214-13 \u00e0 14 et L341-1 \u00e0 L342-1 du code\nforestier)\nB2/6 \u2013 D\u00e9cision relative aux demandes de coupes dans les bois et for\u00eats assujettis au\nr\u00e9gime sp\u00e9cial d'autorisation administrative (articles L312-9 et R312-20 du code\nforestier)\nB2/7 \u2013 D\u00e9cision relative \u00e0 l'approbation des statuts de groupements forestiers (article\nR331-5 du code forestier)\nB2/8 \u2013 Toutes correspondances et d\u00e9cisions dans le cadre des contr\u00f4les r\u00e9alis\u00e9s en\nex\u00e9cution  du  R\u00e8glement  (UE)  n\u00b0  995/2010  du  Parlement  europ\u00e9en  et  du\nConseil  du  20  octobre  2010  \u00e9tablissant  les  obligations  des  op\u00e9rateurs  qui\nmettent du  bois  et des produits d\u00e9riv\u00e9s  sur le march\u00e9 (r\u00e8glement bois  de\nl'Union europ\u00e9enne)\nB2/9 \u2013 Signature  des  actes  de  vente  relatifs  \u00e0  l'acquisition  amiable  de  parcelles\nforesti\u00e8res par l'\u00c9tat lorsque la d\u00e9cision rel\u00e8ve du pr\u00e9fet (article L331 -24 du\ncode forestier)\nB2/10 \u2013 D\u00e9cision  relative  au  transfert  \u00e0  la  commune  de  biens  d'une  section  de\ncommune relevant du r\u00e9gime forestier (article L2411-12-1 du CGCT)\nB3 \u2013 Am\u00e9nagement foncier     :  \nB3/1 \u2013 \u00c9laboration  et  transmission  du  porter  \u00e0  connaissance  de  l'\u00c9tat  dans  les\nnouvelles proc\u00e9dures d'am\u00e9nagement foncier (article L121-13 du CRPM)\n4/21\nPr\u00e9fecture de la C\u00f4te-d'Or - 21-2024-10-28-00019 - Arr\u00eat\u00e9 pr\u00e9fectoral n\u00b0  1659 / SG du 28 octobre 2024  \ndonnant d\u00e9l\u00e9gation de signature \u00e0 Madame Florence LAUBIER,\ndirectrice d\u00e9partementale des territoires de la C\u00f4te-d'Or\n78\nB3/2 \u2013 Arr\u00eat\u00e9  fixant  les  prescriptions  environnementales  relevant  de  dispositions\nl\u00e9gislatives ou r\u00e8glementaires applicables au plan parcellaire et aux travaux\nconnexes dans les nouvelles proc\u00e9dures d'am\u00e9nagement foncier (article R121-\n22 du CRPM)\nB3/3 \u2013 Arr\u00eat\u00e9  portant  protection  de  boisement  lin\u00e9aire,  haies  et  plantation\nd'alignement,  et  des  verges  de  hautes  tiges  (articles  L126-3  et  R126-12  du\nCRPM)\nB3/4 \u2013 Autorisation de destruction de ces \u00e9l\u00e9ments prot\u00e9g\u00e9s (articles L126-3 et R126-\n13 du CRPM)\nB3/5 \u2013 Abrogation de la protection (article R126-14 du CRPM)\nB3/6 \u2013 Arr\u00eat\u00e9 de constitution, de renouvellement ou de dissolution des associations\nfonci\u00e8res  de  remembrement  ou  de  r\u00e9organisation  fonci\u00e8re (ordonnance  n\u00b0\n2004-632  du  1 er juillet  2004  relative  aux  associations  syndicales  de\npropri\u00e9taires)\nB3/7 \u2013 Arr\u00eat\u00e9 cr\u00e9ant les unions ou les fusions d'associations fonci\u00e8res (ordonnance\nn\u00b0 2004-632  du  1er juillet  2004  relative  aux  associations  syndicales  de\npropri\u00e9taires)\nB3/8 \u2013 Arr\u00eat\u00e9 autorisant les personnes charg\u00e9es des op\u00e9rations \u00e0 p\u00e9n\u00e9trer dans les\npropri\u00e9t\u00e9s  publiques  ou  priv\u00e9es  situ\u00e9es  dans  le  p\u00e9rim\u00e8tre  des  op\u00e9rations\nd'am\u00e9nagement foncier agricole et forestier (Loi du 29 d\u00e9cembre 1892 relative\naux  dommages  caus\u00e9s  \u00e0  la  propri\u00e9t\u00e9  priv\u00e9e  par  l'ex\u00e9cution  des  travaux\npublics)\nC. \u2013 ENVIRONNEMENT\nC1 \u2013 Police de l'environnement     :  \nC1/1 \u2013 Mises  en  demeure,  mesures  conservatoires,  d\u00e9cisions  de  suspension  de\nfonctionnement des  installations  et ouvrages  ou de poursuite des  travaux,\nop\u00e9rations ou activit\u00e9s, et sanctions administratives lorsque des installations\nou  ouvrages  sont  exploit\u00e9s,  des  objets  ou  dispositifs  sont  utilis\u00e9s  ou  des\ntravaux, op\u00e9rations, activit\u00e9s ou am\u00e9nagements sont r\u00e9alis\u00e9s sans avoir fait\nl'objet de l'autorisation, de l'enregistrement, de l'agr\u00e9ment, de l'homologation,\nde la certification ou de la d\u00e9claration requis en application des dispositions\ndu code de l'environnement, ou sans avoir tenu compte d'une opposition \u00e0\nd\u00e9claration (article L171-7 du code de l'environnement)\nC1/2 \u2013 Mises en demeure, fixation, en cas d'urgence, des mesures n\u00e9cessaires pour\npr\u00e9venir les dangers graves et imminents pour la sant\u00e9, la s\u00e9curit\u00e9 publique ou\nl'environnement, et sanctions administratives, en cas d'inobservation, par la\npersonne  \u00e0  laquelle  incombe  l'obligation  d'y  satisfaire,  des  prescriptions\napplicables en vertu du code de l'environnement aux installations, ouvrages,\ntravaux,  am\u00e9nagements,  op\u00e9rations,  objets,  dispositifs  et  activit\u00e9s  (article\nL171-8 du code de l'environnement)\nC1/3 \u2013 Instruction, proposition, demande d'homologation au procureur, notification\ndes transactions p\u00e9nales (article L173-12 I du code de l'environnement)\n5/21\nPr\u00e9fecture de la C\u00f4te-d'Or - 21-2024-10-28-00019 - Arr\u00eat\u00e9 pr\u00e9fectoral n\u00b0  1659 / SG du 28 octobre 2024  \ndonnant d\u00e9l\u00e9gation de signature \u00e0 Madame Florence LAUBIER,\ndirectrice d\u00e9partementale des territoires de la C\u00f4te-d'Or\n79\nC2 \u2013 Eau et milieux aquatiques     :  \nC2/1 \u2013 Tous documents  et actes relatifs aux proc\u00e9dures  d'enqu\u00eates  publiques  \u2013 y\ncompris les arr\u00eat\u00e9s d'ouverture \u2013 au titre de la demande d'autorisation de\npr\u00e9l\u00e8vement  d'eau  destin\u00e9e  \u00e0  la  consommation  humaine  des  collectivit\u00e9s\npubliques (article R123-3 du code de l'environnement)\nC2/2 \u2013 Police  des  eaux  non  domaniales :  Arr\u00eat\u00e9  d'ouverture  d'enqu\u00eate  publique\n(article R123-3 du code de l'environnement)\nC2/3 \u2013 Arr\u00eat\u00e9 d\u00e9clarant d'int\u00e9r\u00eat g\u00e9n\u00e9ral, les travaux vis\u00e9s \u00e0 l'article L211-7 du code de\nl'environnement, l'entretien des cours d'eau non domaniaux et des ouvrages\nles traversant\nC2/4 \u2013 Police  et  conservation  des  cours  d'eau  (articles  L215-7  \u00e0  13  du  code  de\nl'environnement)\nC2/5 \u2013 D\u00e9cision  relative  \u00e0  l'installation  d'ouvrages  sur  les  cours  d'eau.  Prise  d'eau\n(article L214-1 \u00e0 6, et L215-7 du code de l'environnement)\nC2/6 \u2013 Tous  documents  et  actes  relatifs  \u00e0  la  proc\u00e9dure  de  d\u00e9claration  des\ninstallations,  ouvrages,  travaux et activit\u00e9s  (IOTA),  y compris  les  arr\u00eat\u00e9s  de\nprescriptions sp\u00e9cifiques et les d\u00e9cisions d'opposition \u00e0 d\u00e9claration (articles\nR214-1 et suivants du code de l'environnement)\nC2/7 \u2013 Tous documents et actes relatifs \u00e0 la proc\u00e9dure d'instruction des demandes\nd'autorisation  des  installations,  ouvrages,  travaux  et  activit\u00e9s  (IOTA),\nd'autorisation  unique  (ordonnance  n\u00b0  2014-619  du  12  juin  2014)  et\nd'autorisation environnementale (ordonnance n\u00b0 2017-80 du 26 janvier 2017),\ny compris les arr\u00eat\u00e9s pr\u00e9fectoraux d'autorisation temporaire (article R214-23\ndu  code de l'environnement),  mais  \u00e0 l'exception des  arr\u00eat\u00e9s  de refus,  des\narr\u00eat\u00e9s d'autorisation et des arr\u00eat\u00e9s modificatifs ou compl\u00e9mentaires\nC2/8 \u2013 Tous  documents  et  actes  relatifs  \u00e0  la  proc\u00e9dure  d'accord  sur  les  travaux\nconnexes \u00e0 un am\u00e9nagement foncier au titre de l'article L121-21 du CRPM et\ndes articles R214-1 et suivants du code de l'environnement\nC2/9 \u2013 D\u00e9rogation  \u00e0  l'application  de  l'arr\u00eat\u00e9  cadre  d\u00e9partemental  de  gestion  de\nl'\u00e9tiage  en  mati\u00e8re  de  pr\u00e9l\u00e8vements  agricoles  (article  R211-66  du  code  de\nl'environnement)\nC2/10 \u2013 Arr\u00eat\u00e9  portant  agr\u00e9ment  pour  la  r\u00e9alisation  des  vidanges  des  installations\nd'assainissement non collectif (articles R211-25 \u00e0 R211-45 et R214-5 du code de\nl'environnement,  et  arr\u00eat\u00e9  du  7  septembre  2009  d\u00e9finissant  les  modalit\u00e9s\nd'agr\u00e9ment  des  personnes  r\u00e9alisant  les  vidanges  et  prenant  en  charge  le\ntransport  et  l'\u00e9limination  des  mati\u00e8res  extraites  des  installations\nd'assainissement non collectif)\nC2/11 \u2013 Tous documents et actes relatifs aux zones o\u00f9 il est n\u00e9cessaire d'assurer la\nprotection quantitative et qualitative des aires d'alimentations des captages\nd'eau potable (articles L211-3 5\u00b0 et R211-110 du code de l'environnement, et\narticles R114-1 et suivants du CRPM)\n6/21\nPr\u00e9fecture de la C\u00f4te-d'Or - 21-2024-10-28-00019 - Arr\u00eat\u00e9 pr\u00e9fectoral n\u00b0  1659 / SG du 28 octobre 2024  \ndonnant d\u00e9l\u00e9gation de signature \u00e0 Madame Florence LAUBIER,\ndirectrice d\u00e9partementale des territoires de la C\u00f4te-d'Or\n80\nC3 \u2013 Protection du patrimoine naturel     :  \nC3/1 \u2013 Accord expr\u00e8s apr\u00e8s avis de l'architecte des b\u00e2timents de France pr\u00e9vu par les\narticles L341-7 et L341-10 du code de l'environnement pour les d\u00e9cisions prises\nsur la demande de permis ou sur la d\u00e9claration pr\u00e9alable en site class\u00e9 ou en\ninstance de classement (articles L341-7 et 10 du code de l'environnement)\nC3/2 \u2013 Autorisation sp\u00e9ciale de travaux en site class\u00e9 de la comp\u00e9tence du pr\u00e9fet\n(article R341-10 du code de l'environnement)\nC3/3 \u2013 D\u00e9cision relative \u00e0 l'importation, au colportage, \u00e0 la remise en vente ou l'achat\nde sp\u00e9cimens des esp\u00e8ces d'oiseaux dont la chasse est autoris\u00e9e (arr\u00eat\u00e9 du 20\nd\u00e9cembre 1983 relatif \u00e0 la commercialisation de certaines esp\u00e8ces d'oiseau)\nC3/4 \u2013 D\u00e9cision sur les demandes de d\u00e9rogation pour la naturalisation ou l'exposition\nde sp\u00e9cimens d'animaux morts prot\u00e9g\u00e9s (arr\u00eat\u00e9 du 19 f\u00e9vrier 2007 fixant les\nconditions  de demande et d'instruction des  d\u00e9rogations  d\u00e9finies  au  4\u00b0  de\nl'article L. 411-2 du code l'environnement portant sur des esp\u00e8ces de faune et\nde flore sauvages prot\u00e9g\u00e9es)\nC3/5 \u2013 D\u00e9cision  sur  les  demandes  d'autorisation  de  r\u00e9colte,  d'utilisation,  de\ntransport,  de  cession  de  sp\u00e9cimens  d'esp\u00e8ces  v\u00e9g\u00e9tales  prot\u00e9g\u00e9es  ou  de\nd\u00e9rogation pour la coupe, l'arrachage, la cueillette, l'enl\u00e8vement de sp\u00e9cimens\nd'esp\u00e8ces v\u00e9g\u00e9tales prot\u00e9g\u00e9es (arr\u00eat\u00e9 du 19 f\u00e9vrier 2007 fixant les conditions\nde demande et d'instruction des d\u00e9rogations d\u00e9finies au 4\u00b0 de l'article L. 411-2\ndu  code  l'environnement  portant  sur  des  esp\u00e8ces  de  faune  et  de  flore\nsauvages prot\u00e9g\u00e9es)\nC3/6 \u2013 D\u00e9cision sur les demandes de d\u00e9rogation pour le pr\u00e9l\u00e8vement de grenouilles\nrousses (arr\u00eat\u00e9 du 19 novembre 2007 fixant les listes des amphibiens et des\nreptiles  prot\u00e9g\u00e9s  sur  l'ensemble  du  territoire  et  les  modalit\u00e9s  de  leur\nprotection)\nC3/7 \u2013 D\u00e9cision sur les demandes de d\u00e9rogation \u00e0 l'interdiction de destruction des\ngrands cormorans (arr\u00eat\u00e9 du 26 novembre 2010 fixant les conditions et limites\ndans lesquelles des d\u00e9rogations aux interdictions de destruction peuvent \u00eatre\naccord\u00e9es par les pr\u00e9fets concernant les grands cormorans \u00ab  Phalacrocorax\ncarbo sinensis \u00bb) \nC3/8 \u2013 D\u00e9cision sur les demandes d 'autorisation ou de d\u00e9rogation pour les activit\u00e9s\nencadr\u00e9es ou interdites par un arr\u00eat\u00e9 de protection de biotope\nC3/9 \u2013 Toutes correspondances et d\u00e9cisions relatives au constat et \u00e0 l'indemnisation\ndes d\u00e9g\u00e2ts caus\u00e9s aux \u00e9levages par le loup, l'ours et le lynx (d\u00e9cret n\u00b0 2019-722\ndu 9 juillet 2019 et arr\u00eat\u00e9 du 9 juillet 2019)\nC3/10 \u2013 Toutes correspondances et d\u00e9cisions pour la mise en \u0153uvre des interventions\n70.26 (dispositif de protection des troupeaux contre la pr\u00e9dation) et 73.16\n(investissements li\u00e9s \u00e0 la protection des exploitations contre la pr\u00e9dation) de\nla programmation PAC 2023-2027 , y compris les d\u00e9cisions de d\u00e9ch\u00e9ance et les\nr\u00e9ponses aux recours administratifs (articles D114-11 \u00e0 13 du CRPM et arr\u00eat\u00e9 du\n30 d\u00e9cembre 2022 relatif \u00e0 l'aide \u00e0 la protection des exploitations et des\ntroupeaux contre la pr\u00e9dation du loup et de l'ours)\n7/21\nPr\u00e9fecture de la C\u00f4te-d'Or - 21-2024-10-28-00019 - Arr\u00eat\u00e9 pr\u00e9fectoral n\u00b0  1659 / SG du 28 octobre 2024  \ndonnant d\u00e9l\u00e9gation de signature \u00e0 Madame Florence LAUBIER,\ndirectrice d\u00e9partementale des territoires de la C\u00f4te-d'Or\n81\nC3/11 \u2013 Toute  d\u00e9cision  relative  \u00e0  la  capture,  au  pr\u00e9l\u00e8vement,  \u00e0  la  garde  ou  \u00e0  la\ndestruction de sp\u00e9cimens d'esp\u00e8ces exotiques envahissantes (articles L411-8\net R411-46 et 47 du code de l'environnement)\nC3/12 \u2013 D\u00e9cision relative \u00e0 la composition du comit\u00e9 de pilotage des sites Natura 2000\npour les sites dont le DOCOB est valid\u00e9, hormis le site FR2600992- Ruisseaux\npatrimoniaux  et  milieux  tourbeux  et  paratourbeux  de  la  haute  vall\u00e9e  du\nCousin (article R414-8 du code de l'environnement)\nC3/13 \u2013 Accus\u00e9 de r\u00e9ception des adh\u00e9sions aux chartes Natura 2000 (article R414-12\ndu code de l'environnement)\nC3/14 \u2013 Signature  des  contrats  Natura  2000  (article  R414-13  du  code  de\nl'environnement)\nC3/15 \u2013 Toutes  correspondances  et  d\u00e9cisions  relatives  l'application  du  r\u00e9gime\nd'autorisation  propre  \u00e0  Natura  2000  (article  R414-29  du  code  de\nl'environnement)\nC3/16 \u2013 Toutes correspondances se rapportant aux missions du p\u00f4le de comp\u00e9tence\npour le d\u00e9veloppement des \u00e9nergies renouvelables (PCDER), \u00e0 l'exclusion des\ncourriers relatifs \u00e0 l'instruction r\u00e8glementaire des proc\u00e9dures et \u00e0 la d\u00e9livrance\nou au refus des autorisations de construire (arr\u00eat\u00e9 pr\u00e9fectoral du 18 novembre\n2013)\nC4 \u2013 Chasse     :  \nC4/1 \u2013 D\u00e9cision relative \u00e0 l'entra\u00eenement, concours et \u00e9preuves de chiens de chasse\n(article L420-3 du code de l'environnement et arr\u00eat\u00e9 du 21 janvier 2005 fixant\ncertaines conditions de r\u00e9alisation des entra\u00eenements, concours et \u00e9preuves\nde chiens de chasse)\nC4/2 \u2013 D\u00e9cision relative \u00e0 l'approbation des statuts, r\u00e8glement int\u00e9rieur et r\u00e8glement\nde chasse d'une association communale de chasse agr\u00e9\u00e9e (article R422-2 du\ncode de l'environnement)\nC4/3 \u2013 D\u00e9cision fixant la liste des enclaves dans les terrains en opposition \u00e0 l'action\nd'une association communale de chasse agr\u00e9\u00e9e et d\u00e9cision r\u00e9visant cette liste\n(articles R422-27 et 32 du code de l'environnement)\nC4/4 \u2013 D\u00e9cision  sur  les  demandes  d'incorporation  des  terrains  \u00e0  l'association  de\ncommunale  de  chasse  agr\u00e9\u00e9e  (articles  R422-52  \u00e0  58  du  code  de\nl'environnement)\nC4/5 \u2013 D\u00e9cisions relatives \u00e0 l'institution et au fonctionnement des r\u00e9serves de chasse\net de faune sauvage (article R422-82 \u00e0 91 du code de l'environnement)\nC4/6 \u2013 D\u00e9cision relative \u00e0 l'ouverture et \u00e0 la cl\u00f4ture de la chasse (articles R424-1 \u00e0 9\ndu code de l'environnement)\nC4/7 \u2013 D\u00e9cision  relative  \u00e0  la  v\u00e8nerie  du  blaireau  (article  R424-5  du  code  de\nl'environnement)\n8/21\nPr\u00e9fecture de la C\u00f4te-d'Or - 21-2024-10-28-00019 - Arr\u00eat\u00e9 pr\u00e9fectoral n\u00b0  1659 / SG du 28 octobre 2024  \ndonnant d\u00e9l\u00e9gation de signature \u00e0 Madame Florence LAUBIER,\ndirectrice d\u00e9partementale des territoires de la C\u00f4te-d'Or\n82\nC4/8 \u2013 D\u00e9livrance  d'attestation  de  conformit\u00e9  de  meute  (arr\u00eat\u00e9  du  18  mars  1982\nrelatif \u00e0 l'exercice de la v\u00e8nerie)\nC4/9 \u2013 D\u00e9cision relative \u00e0 la chasse avant l'ouverture g\u00e9n\u00e9rale (article R424-8 du code\nde l'environnement)\nC4/10 \u2013 D\u00e9cision relative \u00e0 l'introduction de grand gibier et de lapins dans le milieu\nnaturel et au pr\u00e9l\u00e8vement dans le milieu naturel d'animaux vivants dont la\nchasse est autoris\u00e9e (article L424-11 du code de l'environnement et arr\u00eat\u00e9 du 7\njuillet 2006)\nC4/11 \u2013 Fixation  du  nombre  minimal  et  du  nombre  maximal  d'animaux  \u00e0  pr\u00e9lever\nannuellement pour l'ensemble du d\u00e9partement (article R425-2 du code de\nl'environnement)\nC4/12 \u2013 D\u00e9cision relative \u00e0 la fixation d'un pr\u00e9l\u00e8vement maximal autoris\u00e9 pour une\nesp\u00e8ce de gibier (articles R425-18 \u00e0 20 du code de l'environnement)\nC4/13 \u2013 D\u00e9cision relative \u00e0 l'application du plan de chasse (articles R425-1-1 \u00e0 R425-13\ndu code de l'environnement)\nC4/14 \u2013 D\u00e9cisions sur demandes de r\u00e9vision des plans de chasse individuels (article\nR425-9 du code de l'environnement)\nC4/15 \u2013 Autorisations de destruction des animaux sur les a\u00e9rodromes (article R427-5\ndu code de l'environnement)\nC4/16 \u2013 Fixation de la liste compl\u00e9mentaire des esp\u00e8ces d'animaux class\u00e9s nuisibles\ndans le d\u00e9partement (article R427-6 du code de l'environnement)\nC4/17 \u2013 D\u00e9cision  relative  \u00e0  l'agr\u00e9ment  des  pi\u00e9geurs  d'animaux  d'esp\u00e8ces  nuisibles\n(article R427-16 du code de l'environnement)\nC4/18 \u2013 Autorisation  de  recherche  et  de  poursuite  de  gibier  \u00e0  l'aide  de  sources\nlumineuses  pour  les  comptages  et  captures  \u00e0  des  fins  scientifiques  ou  de\nrepeuplement (article 11 bis de l'arr\u00eat\u00e9 minist\u00e9riel du 1er ao\u00fbt 1986 relatif \u00e0\ndivers proc\u00e9d\u00e9s de chasse, de destruction des animaux nuisibles et \u00e0 la reprise\ndu gibier vivant dans un but de repeuplement)\nC4/19 \u2013 Arr\u00eat\u00e9 de battues de d\u00e9cantonnement de gibier, de capture et de destruction\n(article L427-6 du code de l'environnement et arr\u00eat\u00e9 du 19 pluvi\u00f4se an V)\nC4/20 \u2013 D\u00e9cision individuelle relative \u00e0 la destruction des animaux nuisibles, par tir au\nfusil (arr\u00eat\u00e9s du 30 juin 2015 et du 2 septembre 2016).\nC4/21 \u2013 D\u00e9cision  relative  \u00e0  la  destruction  d'animaux  sauvages  pour  des  raisons  de\ns\u00e9curit\u00e9 publique (articles L2212-2 et L2215-1 du code g\u00e9n\u00e9ral des collectivit\u00e9s\nterritoriales)\nC5 \u2013 P\u00eache     :  \nC5/1 \u2013 Application aux plans d'eau en eaux closes de la l\u00e9gislation sur la p\u00eache en eau\ndouce (articles R431-1 \u00e0 6 du code de l'environnement)\n9/21\nPr\u00e9fecture de la C\u00f4te-d'Or - 21-2024-10-28-00019 - Arr\u00eat\u00e9 pr\u00e9fectoral n\u00b0  1659 / SG du 28 octobre 2024  \ndonnant d\u00e9l\u00e9gation de signature \u00e0 Madame Florence LAUBIER,\ndirectrice d\u00e9partementale des territoires de la C\u00f4te-d'Or\n83\nC5/2 \u2013 Accus\u00e9  de  r\u00e9ception  des  d\u00e9clarations  et  certificat  de  validit\u00e9  des  droits\nd'enclos piscicoles (article R431-37 du code de l'environnement)\nC5/3 \u2013 \u00c9tablissement de l'inventaire des fray\u00e8res et des zones d'alimentation et de\ncroissance  de  la  faune  piscicole  (articles  R432-1  \u00e0  1-5  du  code  de\nl'environnement)\nC5/4 \u2013 Autorisation  d'introduire  en  eaux  libres  des  poissons  d'esp\u00e8ces  non\nrepr\u00e9sent\u00e9es (articles L432-10 et R432-6 et 7 du code de l'environnement)\nC5/5 \u2013 Autorisation  de  capturer  et  transporter  des  poissons  \u00e0  des  fins  sanitaires,\nscientifiques  et  \u00e9cologiques  (articles  L436-9  et  R432-6  et  7  du  code  de\nl'environnement)\nC5/6 \u2013 D\u00e9cision relative \u00e0 l'agr\u00e9ment des associations pour la p\u00eache et la protection\ndu  milieu  aquatique  et  de  l'association  d\u00e9partementale  des  p\u00eacheurs\namateurs aux engins et aux filets sur le domaine public (article R434-26 du\ncode de l'environnement)\nC5/7 \u2013 D\u00e9cision relative \u00e0  l'agr\u00e9ment  des  pr\u00e9sidents  et tr\u00e9soriers  des  associations\npour la p\u00eache et la protection des milieux aquatiques (article R434-27 du code\nde l'environnement)\nC5/8 \u2013 D\u00e9cision  relative  \u00e0  l'op\u00e9ration  de  renouvellement  des  instances\nrepr\u00e9sentatives de la p\u00eache (\u00e9lections de la F\u00e9d\u00e9ration, liste candidats, suivi\ncontr\u00f4le, pr\u00e9sidence) (article R434-32-1 du code de l'environnement)\nC5/9 \u2013 D\u00e9cision relative \u00e0 l'agr\u00e9ment du pr\u00e9sident et du tr\u00e9sorier de la f\u00e9d\u00e9ration\nd\u00e9partementale pour la p\u00eache et la protection du milieu aquatique (article\nR434-33 du code de l'environnement)\nC5/10 \u2013 D\u00e9cision relative \u00e0 la d\u00e9livrance des licences aux p\u00eacheurs amateurs (article\nR435-7 du code de l'environnement)\nC5/11 \u2013 Signature des baux amiables de location du droit de p\u00eache sur le domaine\npublic (articles R435-9 et 13 du code de l'environnement)\nC5/12 \u2013 Arr\u00eat\u00e9  pr\u00e9fectoral  relatif  \u00e0  la  composition  de  la  commission  technique\nd\u00e9partementale de la p\u00eache (article R435-14 du code de l'environnement et\narr\u00eat\u00e9 du  28 ao\u00fbt  1987 fixant la  composition de la commission technique\nd\u00e9partementale de la p\u00eache)\nC5/13 \u2013 D\u00e9cision relative aux modalit\u00e9s de location des lots concernant le droit de\np\u00eache de l'\u00c9tat (articles R435-16 \u00e0 24 du code de l'environnement)\nC5/14 \u2013 D\u00e9cisions relatives aux droits de p\u00eache en application de l'article L435-5 du\ncode de l'environnement (articles R435-34 \u00e0 39 du code de l'environnement)\nC5/15 \u2013 Arr\u00eat\u00e9 relatif aux conditions d'exercice du droit de p\u00eache (article R436-6 \u00e0 38\ndu code de l'environnement)\nC5/16 \u2013 Classement  des  cours  d'eau,  canaux  et  plans  d'eau  en  deux  cat\u00e9gories\npiscicoles (article R436-43 du code de l'environnement)\n10/21\nPr\u00e9fecture de la C\u00f4te-d'Or - 21-2024-10-28-00019 - Arr\u00eat\u00e9 pr\u00e9fectoral n\u00b0  1659 / SG du 28 octobre 2024  \ndonnant d\u00e9l\u00e9gation de signature \u00e0 Madame Florence LAUBIER,\ndirectrice d\u00e9partementale des territoires de la C\u00f4te-d'Or\n84\nC5/17 \u2013 Institution de r\u00e9serves de p\u00eache temporaires ou permanentes (articles R436-8,\n69, 73 et 74 du code de l'environnement)\nC6 \u2013 D\u00e9chets     :  \nC6/1 \u2013 R\u00e9c\u00e9piss\u00e9s de d\u00e9claration de l'activit\u00e9 de collecte et de transport de d\u00e9chets\n(article R541-51 du code de l'environnement)\nC7 \u2013 Pr\u00e9vention des risques naturels     :  \nC7/1 \u2013 Toutes d\u00e9cisions et correspondances relatives aux proc\u00e9dures d'\u00e9laboration et\nd'\u00e9volution des plans de pr\u00e9vention des  risques naturels, \u00e0 l'exception des\narr\u00eat\u00e9s de prescription, d'approbation et de r\u00e9vision (articles L562-1 \u00e0 L562-9\ndu code de l'environnement)\nC7/2 \u2013 Toutes d\u00e9cisions et correspondances relatives \u00e0 l'organisation des enqu\u00eates\npubliques portant sur les plans de pr\u00e9vention des risques naturels (articles\nL123-1 et suivants du code de l'environnement)\nC7/3 \u2013 Actes  et  correspondances  relatifs  \u00e0  l'information  pr\u00e9ventive  et  \u00e0  la\ncommunication  sur  les  risques  majeurs  (article  L125-5  du  code  de\nl'environnement)\nC8 \u2013 Nuisances sonores     :  \nC8/1 \u2013 Recensement  et  classement  des  infrastructures  de  transports  terrestres\n(article R571-37 du code de l'environnement)\nC8/2 \u2013 D\u00e9termination  des  secteurs  affect\u00e9s  par  le  bruit  des  infrastructures  de\ntransports  terrestres,  des  niveaux  sonores  \u00e0  prendre  en  compte  pour  la\nconstruction  et  des  isolements  requis  (article  R571-38  du  code  de\nl'environnement)\nC8/3 \u2013 \u00c9tablissement  et  publication  des  cartes  de  bruit  des  infrastructures  de\ntransports terrestres (article R572-7 du code de l'environnement)\nC9 \u2013 Publicit\u00e9, enseignes et pr\u00e9enseignes     :  \nC9/1 \u2013 \u00c9laboration et transmission du porter-\u00e0-connaissance de l'\u00c9tat dans le cadre\nde l'\u00e9laboration d'un r\u00e8glement local de publicit\u00e9 (article L581-14-1 du code de\nl'environnement)\nC9/2 \u2013 R\u00e9c\u00e9piss\u00e9 de la demande d'autorisation d'un dispositif publicitaire ou d'une\npr\u00e9enseigne lorsque la demande est compl\u00e8te, ou demande de compl\u00e9ments\n(article R581-10 du code de l'environnement)\nC9/3 \u2013 Consultation  des  services  sur  de  la demande  d'autorisation  d'un  dispositif\npublicitaire  ou  d'une  pr\u00e9enseigne  (article  R581-11  et  12  du  code  de\nl'environnement)\nC9/4 \u2013 D\u00e9cision d'accord ou de refus de l'autorisation pr\u00e9alable d'un dispositif ou\nd'un mat\u00e9riel supportant de la publicit\u00e9, une enseigne ou une pr\u00e9enseigne\n(articles L581-21 et R581-13 du code de l'environnement)\n11/21\nPr\u00e9fecture de la C\u00f4te-d'Or - 21-2024-10-28-00019 - Arr\u00eat\u00e9 pr\u00e9fectoral n\u00b0  1659 / SG du 28 octobre 2024  \ndonnant d\u00e9l\u00e9gation de signature \u00e0 Madame Florence LAUBIER,\ndirectrice d\u00e9partementale des territoires de la C\u00f4te-d'Or\n85\nC9/5 \u2013 Autorisation sp\u00e9cifique d'installer une enseigne dans un site class\u00e9 ou sur un\nimmeuble class\u00e9 au titre des monuments historiques (articles L581-18 et R581-\n16 du code de l'environnement)\nC9/6 \u2013 Autorisation sp\u00e9cifique d'installer une enseigne \u00e0 faisceau de rayonnement\nlaser (articles L581-18 et R581-18 du code de l'environnement)\nC9/7 \u2013 Autorisation de d\u00e9passement de 50 % du plafond de publicit\u00e9 sur une b\u00e2che\nde chantier lorsque les travaux de r\u00e9novation projet\u00e9s doivent permettre \u00e0\nl'immeuble d'obtenir le label \u00ab  haute performance \u00e9nerg\u00e9tique r\u00e9novation  \u00bb\ndit \u00ab BBC r\u00e9novation \u00bb (article R581-54 du code de l'environnement)\nC9/8 \u2013 D\u00e9cision  pronon\u00e7ant  une  amende  administrative  apr\u00e8s  constatation  de\nl'implantation de dispositifs irr\u00e9guliers, et proc\u00e9dure contradictoire pr\u00e9alable\n(article L581-26 du code de l'environnement)\nC9/9 \u2013 Notification de l'arr\u00eat\u00e9 ordonnant la suppression, la mise en conformit\u00e9 ainsi\nque  la  remise  en  \u00e9tat  des  lieux  apr\u00e8s  constatation  de  l'implantation  de\ndispositifs irr\u00e9guliers (article L581-27 du code de l'environnement)\nC9/10 \u2013 Notification de l'arr\u00eat\u00e9 ordonnant la suppression ou la mise en conformit\u00e9 de\ndispositifs dans le cas o\u00f9 la d\u00e9claration pr\u00e9alable fait appara\u00eetre qu'ils sont\nirr\u00e9guliers (article L581-28 du code de l'environnement)\nC9/11 \u2013 Information pr\u00e9alable du propri\u00e9taire priv\u00e9 ou du gestionnaire du domaine\npublic en cas de suppression d'office d'un dispositif irr\u00e9gulier (article L581-29\ndu code de l'environnement)\nC9/12 \u2013 Proc\u00e9dure de suppression d'office d'une publicit\u00e9 irr\u00e9guli\u00e8re (article L581-29\ndu code de l'environnement)\nC9/13 \u2013 Astreinte  journali\u00e8re :  demande  au  maire  des  \u00e9l\u00e9ments  de  recouvrement,\nliquidation et recouvrement au profit de l'\u00c9tat, acceptation de remise ou de\nreversement partiel (article L581-30 du code de l'environnement)\nC9/14 \u2013 Notification \u00e0 la personne priv\u00e9e propri\u00e9taire ou occupant des lieux, de la\ndate de commencement des travaux en cas d'ex\u00e9cution d'office (article L581-\n31 du code de l'environnement)\nC9/15 \u2013 Notification de l'arr\u00eat\u00e9 ordonnant la suppression, la mise en conformit\u00e9 ainsi\nque la remise en \u00e9tat des lieux \u00e0 la demande d'associations mentionn\u00e9es \u00e0\nl'article L141-1 du code de l'environnement ou du propri\u00e9taire de l'immeuble\nconcern\u00e9 (article L581-32 du code de l'environnement)\nC9/16 \u2013 Copie au procureur de la mise en demeure pr\u00e9vue \u00e0 l'article L581-27 du code\nde l'environnement et information de ce dernier (article L581-33 du code de\nl'environnement)\n12/21\nPr\u00e9fecture de la C\u00f4te-d'Or - 21-2024-10-28-00019 - Arr\u00eat\u00e9 pr\u00e9fectoral n\u00b0  1659 / SG du 28 octobre 2024  \ndonnant d\u00e9l\u00e9gation de signature \u00e0 Madame Florence LAUBIER,\ndirectrice d\u00e9partementale des territoires de la C\u00f4te-d'Or\n86\nD. \u2013 URBANISME\nD1 \u2013 R\u00e8gles d'urbanisme     :  \nD1/1 \u2013 Correspondances destin\u00e9es \u00e0 porter \u00e0 la connaissance des communes ou de\nleurs groupements  comp\u00e9tents tous  les \u00e9l\u00e9ments  \u00e0 prendre en compte au\ncours de l'\u00e9laboration de la carte communale, du plan local d'urbanisme et du\nsch\u00e9ma de coh\u00e9rence territoriale (article L132-2 du code de l'urbanisme)\nD1/2 \u2013 Mise  en  compatibilit\u00e9  d'un  PLU  approuv\u00e9  dont  les  dispositions  sont\nincompatibles avec la d\u00e9claration d'utilit\u00e9 publique d'une op\u00e9ration : conduite\nde la proc\u00e9dure en vue de l'association des personnes morales de droit public\nautres que l'\u00c9tat (articles R153-13 et 14 du code de l'urbanisme)\nD2 \u2013 Application du droit des sols     :  \nD2/1 \u2013 D\u00e9cision sur demande de certificat d'urbanisme dans les cas vis\u00e9s aux articles\nL422-2  et  R422-2  du  code  de  l'urbanisme,  sauf  quand  la  demande  est\npr\u00e9sent\u00e9e pour le compte d'\u00c9tats \u00e9trangers ou d'organisations internationales\nou en cas de d\u00e9saccord entre le maire et la DDT (R410-11 et R422-1 et 2 du\ncode de l'urbanisme)\nD2/2 \u2013 D\u00e9cision  sur  d\u00e9claration  pr\u00e9alable  ou  demande  de  permis  de  construire,\nd'am\u00e9nager ou de d\u00e9molir dans les cas vis\u00e9s aux articles L422-2 et R422-2 du\ncode de l'urbanisme, sauf quand la demande est pr\u00e9sent\u00e9e pour le compte\nd'\u00c9tats \u00e9trangers ou d'organisations internationales ou en cas de d\u00e9saccord\nentre le maire et la DDT (R410-11 et R422-1 et 2 du code de l'urbanisme)\nD2/3 \u2013 Certificat  de  permis  tacite  ou  de  d\u00e9cision  tacite  de  non-opposition  \u00e0\nd\u00e9claration pr\u00e9alable (articles R424-13 et R422-1 et 2 du code de l'urbanisme)\nD2/4 \u2013 Lettre de majoration de d\u00e9lai d'instruction pour les cas vis\u00e9s aux articles L422-\n2 et R422-2 du code de l'urbanisme (articles R423-42 et R422-1 et 2 du code de\nl'urbanisme)\nD2/5 \u2013 Demande de pi\u00e8ces compl\u00e9mentaires pour les cas vis\u00e9s aux articles L422-2 et\nR422-2 du code de l'urbanisme (articles R423-38 et R422-1 et 2 du code de\nl'urbanisme)\nD2/6 \u2013 Avis  conforme  sur  une  demande  d'autorisation  d'urbanisme  dans  une\ncommune dont le document d'urbanisme est caduc ou a \u00e9t\u00e9 abrog\u00e9 ou annul\u00e9\n(articles L422-6 et L174-1 du code de l'urbanisme)\nD2/7 \u2013 Avis conforme pour un projet situ\u00e9 dans une partie du territoire communal\nnon couverte par  un document d'urbanisme , ou dans un p\u00e9rim\u00e8tre o\u00f9 des\nmesures de sauvegarde pr\u00e9vues par l'article L424-1 peuvent \u00eatre appliqu\u00e9es\n(article L422-5 du code de l'urbanisme)\nD2/8 \u2013 Toutes  correspondances  et  d\u00e9cisions  relatives  aux  enqu\u00eates  publiques,  y\ncompris les arr\u00eat\u00e9s d'ouverture, sur les demandes d'autorisation d'urbanisme\nrelevant  de  la  comp\u00e9tence  de  l'\u00c9tat (articles  R423-57 ,  L422-2  et R422-2 du\ncode de l'urbanisme)\n13/21\nPr\u00e9fecture de la C\u00f4te-d'Or - 21-2024-10-28-00019 - Arr\u00eat\u00e9 pr\u00e9fectoral n\u00b0  1659 / SG du 28 octobre 2024  \ndonnant d\u00e9l\u00e9gation de signature \u00e0 Madame Florence LAUBIER,\ndirectrice d\u00e9partementale des territoires de la C\u00f4te-d'Or\n87\nD2/9- Accord de l'autorit\u00e9 d'urbanisme sur les demandes d'autorisation de travaux\nsur un immeuble class\u00e9 (article R621-12 du code du patrimoine et  R425-23 du\ncode de l'urbanisme)\nD3 \u2013 CDPENAF     :  \nD3/1 \u2013 Notification des avis de la commission d\u00e9partementale de la pr\u00e9servation des\nespaces naturels, agricoles et forestiers (articles L111-4, L143-20, L151-11 \u00e0 13,\nL163-4 et 8 du code de l'urbanisme)\nD4 \u2013 Redevance d'arch\u00e9ologie pr\u00e9ventive.     :  \nD4/1 \u2013 Titres  de  recette  d\u00e9livr\u00e9s,  tous  actes,  d\u00e9cisions  et  documents  relatifs  \u00e0\nl'assiette, \u00e0 la liquidation et r\u00e9ponses aux r\u00e9clamations pr\u00e9alables en mati\u00e8re\nde redevance d'arch\u00e9ologie pr\u00e9ventive dont les autorisations et d\u00e9clarations\npr\u00e9alables du code de l'urbanisme constituent le fait g\u00e9n\u00e9rateur (articles L524-\n8 et 15 du code du patrimoine)\nD5 \u2013 Conformit\u00e9 des travaux     :  \nD5/1 \u2013 D\u00e9cision de contestation de la d\u00e9claration d'ach\u00e8vement des travaux  (article\nR462-6 du code de l'urbanisme)\nD5/2 \u2013 Mise en demeure de d\u00e9poser un dossier modificatif ou de mettre les travaux\nen conformit\u00e9 (articles R462-9 et R422-1 et 2 du code de l'urbanisme)\nD5/3 \u2013 Attestation  certifiant  que  la  conformit\u00e9  des  travaux  avec  le  permis  ou  la\nd\u00e9claration n'a pas \u00e9t\u00e9 contest\u00e9e (article R462-10 du code de l'urbanisme)\nD6 \u2013 Contentieux p\u00e9nal de l'urbanisme :\nD6/1 \u2013 Pr\u00e9sentation des observations \u00e9crites ou orales au tribunal de grande instance\nen mati\u00e8re d'infractions p\u00e9nales au code de l'urbanisme (article L480-5 et 6 du\ncode de l'urbanisme)\nD6/2 \u2013 Liquidation des astreintes p\u00e9nales (articles 108 et suivants du d\u00e9cret n\u00b0 2012-\n1246  du  7  novembre  2012  relatif  \u00e0  la  gestion  budg\u00e9taire  et  comptable\npublique)\nD6/3 \u2013 Liquidation  des  astreintes  administratives  qui  font  suite  \u00e0  une  mise  en\ndemeure de r\u00e9gulariser des travaux r\u00e9alis\u00e9s irr\u00e9guli\u00e8rement, y compris octroi\nd'exon\u00e9rations totales ou partielles (article L481-2 du code de l'urbanisme), et\nr\u00e9ponses aux recours administratifs contestant le bien-fond\u00e9 de la cr\u00e9ance\n(article 118 du d\u00e9cret n\u00b0 2012-1246 du 7 novembre 2012)\n14/21\nPr\u00e9fecture de la C\u00f4te-d'Or - 21-2024-10-28-00019 - Arr\u00eat\u00e9 pr\u00e9fectoral n\u00b0  1659 / SG du 28 octobre 2024  \ndonnant d\u00e9l\u00e9gation de signature \u00e0 Madame Florence LAUBIER,\ndirectrice d\u00e9partementale des territoires de la C\u00f4te-d'Or\n88\nE. \u2013 CONSTRUCTION ET LOGEMENT\nE1 \u2013 Accessibilit\u00e9     :  \nE1/1 \u2013 D\u00e9cisions prises sur les demandes de d\u00e9rogation aux r\u00e8gles d'accessibilit\u00e9 dans\nle  cas  de  travaux  affectant  des  b\u00e2timents  d'habitation  collectifs  ou  des\nb\u00e2timents  existants  o\u00f9  sont  cr\u00e9\u00e9s  des  logements  par  changement  de\ndestination (article R111-18-10 du CCH)\nE1/2 \u2013 D\u00e9cisions  prises  sur  les  demandes  de  d\u00e9rogation  aux  r\u00e8gles  d'accessibilit\u00e9\nconcernant les \u00e9tablissements recevant du public de 3e, 4e et 5e cat\u00e9gorie, \u00e0\nl'exception des immeubles relevant du patrimoine de l'\u00c9tat (articles R111-19-10\net R111-19-23 du CCH)\nE1/3 \u2013 Sauf  si  elles  sont  d\u00e9favorables,  d\u00e9cisions  prises  sur  les  demandes  de\nd\u00e9rogation aux r\u00e8gles d'accessibilit\u00e9 concernant les \u00e9tablissements recevant\ndu  public de 1re et 2e cat\u00e9gorie, \u00e0 l'exception des  immeubles relevant du\npatrimoine de l'\u00c9tat (articles R111-19-10 et R111-19-23 du CCH)\nE1/4 \u2013 D\u00e9cisions prises sur les demandes d'approbation des agendas d'accessibilit\u00e9\nprogramm\u00e9e (Ad'AP), d\u00e9cisions de prorogation du d\u00e9lai de d\u00e9p\u00f4t (articles L111-\n7-6 et R111-19-31 du CCH), de majoration de la dur\u00e9e d'ex\u00e9cution (articles L111-\n7-7 et R111-19-39 du CCH), de prorogation de la dur\u00e9e de mise en \u0153uvre en cas\nde force majeure ou de difficult\u00e9s techniques ou financi\u00e8res (article L111-7-8 du\nCCH), \u00e0 l'exception des immeubles relevant du patrimoine de l'\u00c9tat\nE1/5 \u2013 Autorisation  de  construire,  d'am\u00e9nager  ou  de  modifier  un  \u00e9tablissement\nrecevant du public lorsque le pr\u00e9fet est comp\u00e9tent pour d\u00e9livrer le permis de\nconstruire  ou  lorsque  le projet  porte  sur  un  immeuble de  grande  hauteur\n(article R111-19-13 du CCH)\nE2 \u2013 Aides \u00e0 la construction et au logement     :  \nE2/1 \u2013 D\u00e9cisions et d\u00e9rogations concernant les subventions pour l'am\u00e9lioration des\nlogements \u00e0 usage locatif et \u00e0 occupation sociale (articles R323-3 \u00e0 8 du CCH)\nE2/2 \u2013 D\u00e9rogation  aux  surfaces  habitables  minimales  et  normes  minimales\nd'habitabilit\u00e9 en fonction de la structure de l'immeuble (arr\u00eat\u00e9 du 17 octobre\n2011  (...)  relatif  (\u2026)  aux  caract\u00e9ristiques  techniques  des  op\u00e9rations  de\nconstruction,  d'am\u00e9lioration  ou  d'acquisition-am\u00e9lioration  d'immeubles  en\nvue d'y am\u00e9nager avec l'aide de l'\u00c9tat des logements ou des logements-foyers\n\u00e0 usage locatif)\nE2/3 \u2013 D\u00e9cisions  favorables  concernant  les  pr\u00eats  locatifs  aid\u00e9s,  y  compris  pour\nl'acquisition de terrains ou d'immeubles b\u00e2tis et pour fin d'op\u00e9ration (articles\nR331-1 \u00e0 31 du CCH)\nE2/4 \u2013 Prorogation  de  la  dur\u00e9e  autoris\u00e9e  de  location  pour  un  logement  ayant\nb\u00e9n\u00e9fici\u00e9 d'un pr\u00eat PAP (article R331-41 du CCH)\nE2/5 \u2013 Passation des conventions, avenants et d\u00e9rogations entre l'\u00c9tat et :\n\u2013 les organismes d'habitation \u00e0 loyer mod\u00e9r\u00e9 ou les soci\u00e9t\u00e9s d'\u00e9conomie mixte\net leurs filiales,\n15/21\nPr\u00e9fecture de la C\u00f4te-d'Or - 21-2024-10-28-00019 - Arr\u00eat\u00e9 pr\u00e9fectoral n\u00b0  1659 / SG du 28 octobre 2024  \ndonnant d\u00e9l\u00e9gation de signature \u00e0 Madame Florence LAUBIER,\ndirectrice d\u00e9partementale des territoires de la C\u00f4te-d'Or\n89\n\u2013 les bailleurs de logements faisant l'objet de travaux d'am\u00e9lioration,\n\u2013 les soci\u00e9t\u00e9s anonymes d'\u00e9conomie mixte de construction immobili\u00e8re,\n\u2013 des personnes morales ou physiques b\u00e9n\u00e9ficiaires des aides de l'\u00c9tat,\n\u2013 des propri\u00e9taires de logements b\u00e9n\u00e9ficiaires de pr\u00eats conventionn\u00e9s ou de\npr\u00eats locatifs sociaux,\n\u2013 les  organismes  propri\u00e9taires  et  gestionnaires  de  r\u00e9sidences  sociales  ou  de\nfoyers,\n\u2013 l'association fonci\u00e8re ou ses filiales (articles R353-1 \u00e0 165 du CCH)\nE2/6 \u2013 Contr\u00f4le des personnes ou organismes habilit\u00e9s \u00e0 g\u00e9rer des immeubles faisant\nl'objet  d'une  convention  (arr\u00eat\u00e9  du  9  mars  1978  relatif  \u00e0  l'agr\u00e9ment  des\npersonnes ou organismes habilit\u00e9s \u00e0 g\u00e9rer des immeubles faisant l'objet d'une\nconvention r\u00e9gie par le titre V de la loi du 3 janvier 1977)\nE2/7 \u2013 Attestation d'ex\u00e9cution conforme de travaux d'am\u00e9lioration des logements \u00e0\nusage collectif et \u00e0 occupation sociale (article R353-21 du CCH)\nE2/8 \u2013 Attribution  aux  b\u00e2timents  d'habitation  d'un  label  \u00ab confort  acoustique \u00bb\n(arr\u00eat\u00e9 du 10 f\u00e9vrier 1972 relatif \u00e0 l'attribution aux b\u00e2timents d'habitation d'un\n\"Label Confort acoustique\")\nE3 \u2013 HLM     :  \nE3/1 \u2013 Tous courriers et transmissions de documents li\u00e9s au contr\u00f4le des budgets de\nl'OPAC et de l'OPDHLM (article L421-21 du CCH)\nE3/2 \u2013 Attribution de bonifications d'int\u00e9r\u00eats aux organismes d'habitations \u00e0 loyer\nmod\u00e9r\u00e9 (article R431-51 du CCH)\nE3/3 \u2013 Demande d'une nouvelle d\u00e9lib\u00e9ration d'un organisme d'habitations \u00e0 loyer\nmod\u00e9r\u00e9 relative aux loyers (article L442-1-2 du CCH)\nE3/4 \u2013 Autorisation de vente de logements locatifs par un organisme d'habitations \u00e0\nloyer mod\u00e9r\u00e9 (article L443-8 du CCH)\nE4 \u2013 Logement social et droit au logement     :  \nE4/1 \u2013 D\u00e9l\u00e9gation \u00e0 un op\u00e9rateur mentionn\u00e9 au 2e alin\u00e9a de l'article L210-1 du code\nde  l'urbanisme  de  l'exercice  du  droit  de  pr\u00e9emption  urbain  pour  les\ncommunes faisant l'objet d'un arr\u00eat\u00e9 de carence sur le fondement de l'article\nL302-9-1 du code de la construction et de l'habitation.\nE4/2 \u2013 Renonciation \u00e0 l'exercice du droit de pr\u00e9emption urbain (article R213-8 a) du\ncode de l'urbanisme) dont l'exercice est transf\u00e9r\u00e9 au pr\u00e9fet par l'article L210-1\ndu code de l'urbanisme pour les communes faisant l'objet d'un arr\u00eat\u00e9  de\ncarence sur le fondement de l'article L302-9-1 du code de la construction et de\nl'habitation.\nE4/3 \u2013 Demande de communication de documents compl\u00e9mentaires et/ou de visite\npour  un  bien  soumis  au  droit  de  pr\u00e9emption  urbain  dont  l'exercice  est\ntransf\u00e9r\u00e9  au  pr\u00e9fet  par  l'article  L210-1  du  code  de  l'urbanisme  dans  une\ncommune faisant l'objet d'un arr\u00eat\u00e9 de carence sur le fondement de l'article\nL302-9-1 du code de la construction et de l'habitation. \n16/21\nPr\u00e9fecture de la C\u00f4te-d'Or - 21-2024-10-28-00019 - Arr\u00eat\u00e9 pr\u00e9fectoral n\u00b0  1659 / SG du 28 octobre 2024  \ndonnant d\u00e9l\u00e9gation de signature \u00e0 Madame Florence LAUBIER,\ndirectrice d\u00e9partementale des territoires de la C\u00f4te-d'Or\n90\nE4/4 \u2013 R\u00e8glement au nom de l'\u00c9tat de l'indemnit\u00e9 d'occupation en cas de d\u00e9faillance\ndu b\u00e9n\u00e9ficiaire (article L641-8 du CCH)\nF. \u2013 ROUTE ET TRANSPORTS\nF1 \u2013 \u00c9ducation routi\u00e8re     :  \nF1/1 \u2013 Toutes  d\u00e9cisions  et  correspondances  concernant  la  d\u00e9livrance,  le\nrenouvellement,  la  suspension  et  le  retrait  des  agr\u00e9ments  relatifs  aux\n\u00e9tablissements  d'enseignement  \u00e0  la  conduite  automobile  ainsi  que  les\ndocuments li\u00e9s au label qualit\u00e9 des formations au sein des \u00e9coles de conduite\n(arr\u00eat\u00e9 du 8 janvier 2001 modifi\u00e9 relatif \u00e0 l'exploitation des \u00e9tablissements\nd'enseignement, \u00e0 titre on\u00e9reux, de la conduite des v\u00e9hicules \u00e0 moteur et de\nla s\u00e9curit\u00e9 routi\u00e8re / arr\u00eat\u00e9 du 26 f\u00e9vrier 2018 modifi\u00e9 portant cr\u00e9ation du\nlabel \"qualit\u00e9 des formations au sein des \u00e9coles de conduite et reconnaissance\ndes \u00e9quivalences \u00e0 ce label\")\nF1/2 \u2013 Toutes  d\u00e9cisions  et  correspondances  concernant  la  d\u00e9livrance,  le\nrenouvellement,  la  suspension  et  le  retrait  des  agr\u00e9ments  des  centres  de\nsensibilisation \u00e0 la s\u00e9curit\u00e9 routi\u00e8re (arr\u00eat\u00e9 du 26 juin 2012 modifi\u00e9 fixant les\nconditions d'exploitation des \u00e9tablissements charg\u00e9s d'organiser les stages de\nsensibilisation \u00e0 la s\u00e9curit\u00e9 routi\u00e8re)\nF1/3 \u2013 Toutes  d\u00e9cisions  et  correspondances  concernant  la  d\u00e9livrance,  le\nrenouvellement,  la  suspension  et  le  retrait  des  agr\u00e9ments  des  centres  de\nformation de formateurs (arr\u00eat\u00e9 du 12 avril 2016 modifi\u00e9 relatif \u00e0 l'exploitation\ndes \u00e9tablissements assurant \u00e0 titre on\u00e9reux la formation des candidats aux\ntitres ou dipl\u00f4mes exig\u00e9s pour l'exercice de la profession d'enseignant de la\nconduite et de la s\u00e9curit\u00e9 routi\u00e8re)\nF1/4 \u2013 Toutes  d\u00e9cisions  et  correspondances  concernant  la  d\u00e9livrance,  le\nrenouvellement, la suspension et le retrait des agr\u00e9ments des professionnels\ncharg\u00e9s d'installer les dispositifs d'antid\u00e9marrage par \u00e9thylotest \u00e9lectronique\n(loi  2011-267  du  14  mars  2011  d'orientation  et  de  programmation  pour  la\nperformance  de  la  s\u00e9curit\u00e9  int\u00e9rieure  LOPPSI  /  d\u00e9cret  2011-1661  du  28\nnovembre 2011 / arr\u00eat\u00e9 du 13 juillet 2012  modifi\u00e9 fixant les r\u00e8gles applicables \u00e0\nl'homologation  nationale  des  dispositifs  d'antid\u00e9marrage  par  \u00e9thylotest\n\u00e9lectronique et \u00e0 leurs conditions d'installation dans les v\u00e9hicules \u00e0 moteur /\narticle L234-17 du code de la route)\nF1/5 \u2013 Toutes  d\u00e9cisions  et  correspondances  concernant  les  autorisations  et\nrenouvellement  des  autorisations  d'enseigner  la  conduite  des  v\u00e9hicules  \u00e0\nmoteur  (arr\u00eat\u00e9  du  8  janvier  2001  modifi\u00e9  relatif  \u00e0  l'exploitation  des\n\u00e9tablissements d'enseignement, \u00e0 titre on\u00e9reux, de la conduite des v\u00e9hicules \u00e0\nmoteur et de la s\u00e9curit\u00e9 routi\u00e8re)\nF1/6 \u2013 Toutes  d\u00e9cisions  et  correspondances  concernant  les  autorisations  et\nrenouvellement des  autorisations d'animer les stages de sensibilisation \u00e0 la\ns\u00e9curit\u00e9  routi\u00e8re  (arr\u00eat\u00e9  du  26  juin  2012  modifi\u00e9  fixant  les  conditions\nd'exploitation  des  \u00e9tablissements  charg\u00e9s  d'organiser  les  stages  de\nsensibilisation \u00e0 la s\u00e9curit\u00e9 routi\u00e8re)\n17/21\nPr\u00e9fecture de la C\u00f4te-d'Or - 21-2024-10-28-00019 - Arr\u00eat\u00e9 pr\u00e9fectoral n\u00b0  1659 / SG du 28 octobre 2024  \ndonnant d\u00e9l\u00e9gation de signature \u00e0 Madame Florence LAUBIER,\ndirectrice d\u00e9partementale des territoires de la C\u00f4te-d'Or\n91\nF1/7 \u2013 Toutes  d\u00e9cisions  et  correspondances  concernant  la  gestion  des  places\nd'examen au permis de conduire\nF1/8 \u2013 Toutes d\u00e9cisions et correspondances concernant la gestion des suspicions de\nfraude  \u00e0  l'examen  du  permis  de  conduire  th\u00e9orique  (fiche  r\u00e9flexe  du  21\nnovembre  2022  \u00e9mise  par  le  MIOM  /  SG  et  DSR  /  DMAT  /  2MLFDI-DSR  /\nSDERPC) et pratique\nF2 \u2013 S\u00e9curit\u00e9 routi\u00e8re     :  \nF2/1 \u2013 R\u00e8glementation permanente de la circulation sur les routes nationales, hors\nagglom\u00e9ration (articles R411-1 et suivants du code de la route)\nF2/2 \u2013 Avis pr\u00e9alable sur les arr\u00eat\u00e9s du pr\u00e9sident du conseil d\u00e9partemental ou des\nmaires relatifs \u00e0 la police de la circulation sur les routes \u00e0 grande circulation\n(article R411-8 du code de la route)\nF2/3 \u2013 Convocations,  diffusion  des  proc\u00e8s-verbaux,  notification  des  extraits  de\nproc\u00e8s-verbaux  de la commission d\u00e9partementale de la s\u00e9curit\u00e9 routi\u00e8re \u2013\nformation fourri\u00e8res\nF2/4 \u2013 D\u00e9rogations exceptionnelles \u00e0 l'interdiction de circulation des  v\u00e9hicules  de\ntransport de marchandises les samedis, dimanches et jours f\u00e9ri\u00e9s (arr\u00eat\u00e9 du 2\nmars 2015 relatif \u00e0 l'interdiction de circulation des v\u00e9hicules de transport de\nmarchandises \u00e0 certaines p\u00e9riodes)\nF2/5 \u2013 \u00c9tablissement de barri\u00e8res de d\u00e9gel sur les routes nationales et d\u00e9finition des\nconditions  de circulation sur  les  sections  de routes  soumises  aux barri\u00e8res\nde d\u00e9gel (article R411-20 du code de la route)\nF2/6 \u2013 Interdictions ou r\u00e8glementations de la circulation \u00e0 l'occasion des chantiers,\n\u00e9tudes et toutes actions li\u00e9es \u00e0 l'exploitation des routes nationales, autoroutes\net des r\u00e9seaux importants sur le domaine public de ces voies (article R411-21-1\ndu code de la route)\nF2/7 \u2013 R\u00e8glementation de la circulation sur les ponts du r\u00e9seau national (article R422-\n4 du code de la route)\nF2/8 \u2013 D\u00e9rogation  pour  la  circulation  des  v\u00e9hicules  \u00e9quip\u00e9s  de  pneumatiques  \u00e0\ncrampons (article R314-3 du code de la route et arr\u00eat\u00e9 du 18 juillet 1985 relatif\naux dispositifs antid\u00e9rapants \u00e9quipant les pneumatiques)\nF2/9 \u2013 Bons  d'enl\u00e8vement  pour  destruction  de  v\u00e9hicules  mis  en  fourri\u00e8re  (article\nR325-45 du code de la route)\nF3 \u2013 Sports et transports     :  \nF3/1 \u2013 R\u00e9c\u00e9piss\u00e9 de d\u00e9claration et autorisations de manifestations sportives sur les\nvoies publiques ou ouvertes \u00e0 la circulation publique ne comportant pas la\nparticipation de v\u00e9hicules \u00e0 moteur (articles R331-10 et R331-6 et suivants du\ncode du sport)\n18/21\nPr\u00e9fecture de la C\u00f4te-d'Or - 21-2024-10-28-00019 - Arr\u00eat\u00e9 pr\u00e9fectoral n\u00b0  1659 / SG du 28 octobre 2024  \ndonnant d\u00e9l\u00e9gation de signature \u00e0 Madame Florence LAUBIER,\ndirectrice d\u00e9partementale des territoires de la C\u00f4te-d'Or\n92\nF3/2 \u2013 R\u00e9c\u00e9piss\u00e9  de  d\u00e9claration  et  autorisations  de  manifestations  sportives\ncomportant la participation de v\u00e9hicules \u00e0 moteur, dans des lieux non ouverts\n\u00e0 la circulation publique, soumis ou non \u00e0 homologation (articles R331-10 et\nR331-18 et suivants du code du sport)\nF3/3 \u2013 Autorisations  relatives  aux  petits  trains  routiers  touristiques  (arr\u00eat\u00e9  du  22\njanvier 2015 d\u00e9finissant les caract\u00e9ristiques et les conditions d'utilisation des\nv\u00e9hicules  autres  que les autocars  et les  autobus,  destin\u00e9s  \u00e0 des  usages de\ntourisme et de loisirs)\nF3/4 \u2013 Actes pris  au titre de l'autorisation de mise en service et du contr\u00f4le des\ninfrastructures de transports publics guid\u00e9s (d\u00e9cret n\u00b0 2017-440 du 30 mars\n2017 relatif \u00e0 la s\u00e9curit\u00e9 des transports publics guid\u00e9s)\nF3/5 \u2013 Autorisations de manifestation nautique, en application du r\u00e8glement g\u00e9n\u00e9ral\nde police de la navigation int\u00e9rieure (article R4241-38 du code des transports)\nF3/6 \u2013 Autorisations  des  manifestations  a\u00e9riennes  (article  R131-3  du  code  de\nl'aviation civile)\nArticle  3 : Sont  exclus  de  la  pr\u00e9sente  d\u00e9l\u00e9gation,  les  courriers  adress\u00e9s  aux\nparlementaires,  au  pr\u00e9sident  du  conseil  r\u00e9gional,  au  pr\u00e9sident  du  conseil  g\u00e9n\u00e9ral  et  aux\npr\u00e9sidents d'\u00e9tablissement publics de coop\u00e9ration intercommunale (EPCI).\nLes  courriers  adress\u00e9s  aux  maires  seront  transmis  sous  couvert  des  sous-pr\u00e9fets\nterritorialement comp\u00e9tents, sauf en ce qui concerne des \u00e9changes portant sur des dossiers\ntechniques courants.\nSECTION II     : COMP\u00c9TENCE D'ORDONNATEUR SECONDAIRE  \nSous-section I     : En qualit\u00e9 de responsable d'unit\u00e9 op\u00e9rationnelle  \nArticle 4     :   D\u00e9l\u00e9gation est donn\u00e9e \u00e0 Mme Florence LAUBIER, directrice d\u00e9partementale\ndes  territoires,  en qualit\u00e9 de responsable des  unit\u00e9s  op\u00e9rationnelles  (UO) de la direction\nd\u00e9partementale des territoires de la C\u00f4te-d'Or, \u00e0 l'effet de proc\u00e9der \u00e0 l'ordonnancement\nsecondaire des recettes et d\u00e9penses de l'\u00c9tat (engagement, liquidation, ordonnancement et\npaiement),  et  \u00e0  la  signature  des  accus\u00e9s  de  r\u00e9ception  et  demandes  de  pi\u00e8ces\ncompl\u00e9mentaires  des  dossiers  de  subventions  d'investissement  de  l'\u00c9tat,  relevant  des\nprogrammes suivants :\n109 : aide \u00e0 l'acc\u00e8s au logement\n113 : paysages, eau et biodiversit\u00e9\n135 : urbanisme, territoires et am\u00e9lioration de l'habitat\n147 : politique de la ville\n148 : fonction publique\n149 : agriculture et for\u00eat\n181 : pr\u00e9vention des risques\n203 : infrastructures et services de transport\n207 : s\u00e9curit\u00e9 et circulation routi\u00e8res ,\n215 :  conduite et pilotage des politiques de l'agriculture\n19/21\nPr\u00e9fecture de la C\u00f4te-d'Or - 21-2024-10-28-00019 - Arr\u00eat\u00e9 pr\u00e9fectoral n\u00b0  1659 / SG du 28 octobre 2024  \ndonnant d\u00e9l\u00e9gation de signature \u00e0 Madame Florence LAUBIER,\ndirectrice d\u00e9partementale des territoires de la C\u00f4te-d'Or\n93\n217 : Conduite  et  pilotage des  politiques  de  l'\u00e9cologie,  du  d\u00e9veloppement et de  la\nmobilit\u00e9 durables\n362 : \u00e9cologie,  action  2 :  biodiversit\u00e9,  lutte  contre  l'artificialisation  (densification  et\nrenouvellement urbain)\n723 : op\u00e9rations immobili\u00e8res et entretien des b\u00e2timents de l'\u00c9tat \nArticle 5 : D\u00e9l\u00e9gation de signature est donn\u00e9e \u00e0 Mme Florence LAUBIER , pour la gestion\ndes  cr\u00e9dits  du  Fonds  de  pr\u00e9vention  des  risques  naturels  majeurs  (FPRNM  \u2013  Ex  \u00ab Fonds\nBarnier \u00bb).\nArticle 6 : D\u00e9l\u00e9gation de signature est donn\u00e9e \u00e0 Mme Florence LAUBIER pour la gestion\ndes DAP CEREMA.\nArticle  7     :  D\u00e9l\u00e9gation  de  signature  est  donn\u00e9e  \u00e0  Mme  Florence  LAUBIER, pour  les\nd\u00e9cisions relatives \u00e0 la prescription quadriennale des cr\u00e9ances sur l'\u00c9tat dans les conditions\nfix\u00e9es par les d\u00e9crets n\u00b0 98-81 du 11 f\u00e9vrier 1998 et 99-89 du 8 f\u00e9vrier 1999.\nArticle 8 : D\u00e9l\u00e9gation de signature est donn\u00e9e \u00e0 Mme Florence LAUBIER pour les frais de\nd\u00e9placements des agents de la Direction d\u00e9partementale des territoires.\nArticle 9     :  Demeurent r\u00e9serv\u00e9s \u00e0 ma signature les ordres de r\u00e9quisition du comptable\npublic et les d\u00e9cisions de passer outre aux avis d\u00e9favorables du contr\u00f4leur financier local en\nmati\u00e8re d'engagement de d\u00e9penses.\nSous-section II : En qualit\u00e9 de service prescripteur, responsable de centre de co\u00fbts\nArticle 10  : D\u00e9l\u00e9gation est donn\u00e9e \u00e0 Mme Florence LAUBIER, directrice d\u00e9partementale\ndes territoires de la C\u00f4te-d'Or, en tant que responsable de service prescripteur, centre de\nco\u00fbts, \u00e0 l'effet de signer l'expression des besoins du BOP 354 \u00ab  administration territoriale de\nl'\u00c9tat \u00bb \u00e0 hauteur des cr\u00e9dits allou\u00e9s sur son centre de co\u00fbts, et d'assurer les traitements des\nengagements juridiques et demandes de paiement, ainsi que leur validation par le centre de\nservice partag\u00e9 Chorus habilit\u00e9.\nSous-section III : En qualit\u00e9 de pouvoir adjudicateur\nArticle 11 : Pour les march\u00e9s et accords cadres relevant de la direction d\u00e9partementale\ndes territoires, la d\u00e9termination de la nature et de l'\u00e9tendue des besoins \u00e0 satisfaire telle que\npr\u00e9vue \u00e0 l'article 5 du code des march\u00e9s publics, d'une part, et le mode de computation des\nmarch\u00e9s au regard des seuils, d'autre part, s'effectuent au niveau de ce service.\nArticle 12 : D\u00e9l\u00e9gation est donn\u00e9e \u00e0 Mme Florence LAUBIER, directrice d\u00e9partementale\ndes  territoires  de  la  C\u00f4te-d'Or,  \u00e0  l'effet  de  signer  les  march\u00e9s  publics  de  travaux,  de\nfournitures, et services,  et les accords-cadres  quels que soient leurs montants, et tous les\nactes s'y rapportant.\n20/21\nPr\u00e9fecture de la C\u00f4te-d'Or - 21-2024-10-28-00019 - Arr\u00eat\u00e9 pr\u00e9fectoral n\u00b0  1659 / SG du 28 octobre 2024  \ndonnant d\u00e9l\u00e9gation de signature \u00e0 Madame Florence LAUBIER,\ndirectrice d\u00e9partementale des territoires de la C\u00f4te-d'Or\n94\nSECTION IV : DISPOSITIONS FINALES\nArticle 13  : Pour l'ensemble des comp\u00e9tences susvis\u00e9es Mme Florence LAUBIER , pourra\nsubd\u00e9l\u00e9guer tout ou partie de la d\u00e9l\u00e9gation de signature qui lui est conf\u00e9r\u00e9e aux agents\nplac\u00e9s sous son autorit\u00e9, en application de l'article 44 du d\u00e9cret susvis\u00e9 du 29 avril 2004.\nLes d\u00e9cisions de subd\u00e9l\u00e9gation, qui me seront adress\u00e9es ainsi qu'\u00e0 Madame la directrice\nr\u00e9gionale des finances publiques de Bourgogne et du d\u00e9partement de la C\u00f4te-d'Or, viseront\nnominativement les agents int\u00e9ress\u00e9s. Elles feront l'objet d'une publication au recueil des\nactes administratifs de la pr\u00e9fecture de la C\u00f4te-d'Or.\nArticle 14  : La secr\u00e9taire g\u00e9n\u00e9rale par int\u00e9rim de la pr\u00e9fecture de la C\u00f4te-d'Or et la\ndirectrice d\u00e9partementale des territoires de la C\u00f4te-d'Or, sont charg\u00e9s, chacun en ce qui le\nconcerne, de l'ex\u00e9cution du pr\u00e9sent arr\u00eat\u00e9 qui sera publi\u00e9 au recueil des actes administratifs\nde la pr\u00e9fecture de la C\u00f4te-d'Or.\nFait \u00e0 Dijon, le 28 octobre 2024\nLe Pr\u00e9fet\nSign\u00e9 :\nPaul MOURIER\n21/21\nPr\u00e9fecture de la C\u00f4te-d'Or - 21-2024-10-28-00019 - Arr\u00eat\u00e9 pr\u00e9fectoral n\u00b0  1659 / SG du 28 octobre 2024  \ndonnant d\u00e9l\u00e9gation de signature \u00e0 Madame Florence LAUBIER,\ndirectrice d\u00e9partementale des territoires de la C\u00f4te-d'Or\n95\nPr\u00e9fecture de la C\u00f4te-d'Or\nP\u00f4le juridique inter-services\n21-2024-10-28-00005\nArr\u00eat\u00e9 pr\u00e9fectoral n\u00b0 1645 / SG du 28 octobre\n2024 donnant d\u00e9l\u00e9gation de signature \u00e0\nMonsieur Olivier GERSTL\u00c9, sous-pr\u00e9fet,\ndirecteur de cabinet du pr\u00e9fet de la r\u00e9gion\nBourgogne-Franche-Comt\u00e9,\npr\u00e9fet de la C\u00f4te-d'Or\nPr\u00e9fecture de la C\u00f4te-d'Or - 21-2024-10-28-00005 - Arr\u00eat\u00e9 pr\u00e9fectoral n\u00b0 1645 / SG du 28 octobre 2024 donnant d\u00e9l\u00e9gation de\nsignature \u00e0 Monsieur Olivier GERSTL\u00c9, sous-pr\u00e9fet,\ndirecteur de cabinet du pr\u00e9fet de la r\u00e9gion Bourgogne-Franche-Comt\u00e9,\npr\u00e9fet de la C\u00f4te-d'Or\n96\nArr\u00eat\u00e9 pr\u00e9fectoral n\u00b0  1642 / SG du 28 octobre 2024\ndonnant d\u00e9l\u00e9gation de signature \u00e0 Madame Amelle GHAYOU,\nsecr\u00e9taire g\u00e9n\u00e9rale par int\u00e9rim  de la pr\u00e9fecture de la C\u00f4te-d'Or\nLe pr\u00e9fet de la C\u00f4te-d'Or\nVu la  loi  n\u00b0  82.213  du  2  mars  1982  modifi\u00e9e  relative  aux  droits  et  libert\u00e9s  des\ncommunes, des d\u00e9partements et des r\u00e9gions ;\nVu le  d\u00e9cret  n\u00b0  2004-374  du  29  avril  2004  relatif  aux  pouvoirs  des  pr\u00e9fets,  \u00e0\nl'organisation et \u00e0 l'action des services de l'\u00c9tat dans les r\u00e9gions et d\u00e9partements,\nmodifi\u00e9 par le d\u00e9cret n\u00b0 2010-146 du 16 f\u00e9vrier 2010 et par le d\u00e9cret n\u00b0 2010-687 du 24\njuin 2010 ;\nVu le d\u00e9cret n\u00b0 2008-158 du 22 f\u00e9vrier 2008 relatif \u00e0 la suppl\u00e9ance des pr\u00e9fets de\nr\u00e9gion  et  \u00e0  la  d\u00e9l\u00e9gation  de  signature  des  pr\u00e9fets  et  hauts  commissaires  de  la\nR\u00e9publique en Polyn\u00e9sie fran\u00e7aise et en Nouvelle-Cal\u00e9donie ;\nVu le d\u00e9cret n\u00b0 2009-176 du 16 f\u00e9vrier 2009 modifiant le d\u00e9cret n\u00b0 64-805 du 29  juillet\n1964 fixant les dispositions r\u00e9glementaires applicables aux pr\u00e9fets et le d\u00e9cret n\u00b0 2004-\n374 du 29 avril 2004 relatif aux pouvoirs des pr\u00e9fets, \u00e0 l'organisation et \u00e0 l'action des\nservices de l'\u00c9tat dans les r\u00e9gions et d\u00e9partements ;\nVu le d\u00e9cret du 10 octobre 2024 nommant Monsieur Paul MOURIER, pr\u00e9fet de la r\u00e9gion\nBourgogne-Franche-Comt\u00e9, pr\u00e9fet de la C\u00f4te d'Or ;\nVu le d\u00e9cret du 16 ao\u00fbt 2022 portant nomination de Monsieur Olivier GERSTL\u00c9, sous-\npr\u00e9fet, en qualit\u00e9 de sous-pr\u00e9fet, directeur de cabinet du pr\u00e9fet de la r\u00e9gion Bourgogne-\nFranche-Comt\u00e9, pr\u00e9fet de la C\u00f4te-d'Or ;\nVu le  d\u00e9cret  du  29  d\u00e9cembre  2022  portant  nomination  Mme  Amelle  GHAYOU,\nadministratrice territoriale, sous-pr\u00e9f\u00e8te charg\u00e9e de mission apr\u00e8s du pr\u00e9fet de r\u00e9gion\nBourgogne-Franche-Comt\u00e9, pr\u00e9fet de la C\u00f4te-d'Or ;\nVu le d\u00e9cret du 6 juillet 2023, portant nomination de Monsieur Beno\u00eet BYRSKI, en\nqualit\u00e9 de sous-pr\u00e9fet de Beaune ;\nVu le d\u00e9cret du 17 novembre 2023 portant nomination de Monsieur S\u00e9bastien LANOYE,\nsous- pr\u00e9fet de Montbard ;\nPr\u00e9fecture de la C\u00f4te-d'Or - 21-2024-10-28-00005 - Arr\u00eat\u00e9 pr\u00e9fectoral n\u00b0 1645 / SG du 28 octobre 2024 donnant d\u00e9l\u00e9gation de\nsignature \u00e0 Monsieur Olivier GERSTL\u00c9, sous-pr\u00e9fet,\ndirecteur de cabinet du pr\u00e9fet de la r\u00e9gion Bourgogne-Franche-Comt\u00e9,\npr\u00e9fet de la C\u00f4te-d'Or\n97\nVu l'arr\u00eat\u00e9  pr\u00e9fectoral  n\u00b0  147/SG  du  18  JANVIER  2024,  donnant  d\u00e9l\u00e9gation  de\nsignature \u00e0  Monsieur Johann MOUGENOT, secr\u00e9taire g\u00e9n\u00e9ral de la pr\u00e9fecture de la\nC\u00f4te-d'Or ;\nConsid\u00e9rant  que par arr\u00eat\u00e9 du 23 octobre 2024 M. Johann MOUGENOT, secr\u00e9taire\ng\u00e9n\u00e9ral de la pr\u00e9fecture de la C\u00f4te-d'Or, a \u00e9t\u00e9 nomm\u00e9 \u00e0 compter du 28 octobre 2024 ,\nconseiller  libert\u00e9s  publiques  et  administration  territoriale  au  cabinet  du  ministre  de\nl'Int\u00e9rieur ;\nConsid\u00e9rant qu'en  application  de  l'article  45  du  d\u00e9cret  2004-374  susvis\u00e9,  en  cas\nd'absence ou d'emp\u00eachement du secr\u00e9taire g\u00e9n\u00e9ral, le pr\u00e9fet d\u00e9signe pour assurer la\nsuppl\u00e9ance un autre sous-pr\u00e9fet dans le d\u00e9partement ;\nARR\u00caTE\nArticle 1er : L'arr\u00eat\u00e9 pr\u00e9fectoral n\u00b0 147/SG du 18 janvier 2024,  donnant d\u00e9l\u00e9gation de\nsignature \u00e0 Monsieur  Johann MOUGENOT,  secr\u00e9taire g\u00e9n\u00e9ral de la pr\u00e9fecture de la\nC\u00f4te-d'Or, et toutes dispositions ant\u00e9rieures contraires au pr\u00e9sent arr\u00eat\u00e9 sont abrog\u00e9s.\nArticle 2 : Mme Amelle GHAYOU,  sous-pr\u00e9f\u00e8te charg\u00e9e de mission apr\u00e8s du pr\u00e9fet de\nr\u00e9gion Bourgogne-Franche-Comt\u00e9, pr\u00e9fet de la C\u00f4te-d'Or, est d\u00e9sign\u00e9e pour assurer\nl'int\u00e9rim des fonctions de secr\u00e9taire g\u00e9n\u00e9ral de la pr\u00e9fecture de la C\u00f4te-d'Or\nArticle 3 : D\u00e9l\u00e9gation de signature est donn\u00e9e \u00e0 Madame Amelle GHAYOU, secr\u00e9taire\ng\u00e9n\u00e9rale par int\u00e9rim de la pr\u00e9fecture de la C\u00f4te-d'Or, \u00e0 l'effet de signer tous arr\u00eat\u00e9s,\nd\u00e9cisions, circulaires, rapports, correspondances et documents relevant des attributions\nde l'\u00c9tat dans le d\u00e9partement de la C\u00f4te-d'Or, ainsi que tous recours juridictionnels,\nm\u00e9moires et documents se rapportant \u00e0 la saisine des juridictions judiciaires en mati\u00e8re\nde r\u00e9tention administrative, \u00e0 l'exception :\ndes d\u00e9clinatoires de comp\u00e9tences et arr\u00eat\u00e9s de conflit.\nArticle 4  : En cas d'absence ou d'emp\u00eachement de Madame Amelle GHAYOU, les\npouvoirs et fonctions de secr\u00e9taire g\u00e9n\u00e9ral de la pr\u00e9fecture de la C\u00f4te-d'Or seront\nexerc\u00e9s par Monsieur  Olivier GERSTL\u00c9,  sous-pr\u00e9fet, directeur de cabinet du pr\u00e9fet de\nla r\u00e9gion Bourgogne-Franche-Comt\u00e9, pr\u00e9fet de la C\u00f4te-d'Or.\nPendant ladite p\u00e9riode d'absence ou d'emp\u00eachement de Madame Amelle GHAYOU,\nMonsieur Olivier GERSTL\u00c9,  exercera, outre les attributions conf\u00e9r\u00e9es par les lois et\nr\u00e8glements aux secr\u00e9taires g\u00e9n\u00e9raux de pr\u00e9fecture, la d\u00e9l\u00e9gation de signature d\u00e9finie \u00e0\nl'article 2 du pr\u00e9sent arr\u00eat\u00e9 au profit de Madame Amelle GHAYOU.\nArticle 5  : En cas d'absence ou d'emp\u00eachement de Madame Amelle GHAYOU et de\nMonsieur  Olivier  GERSTL\u00c9, les  pouvoirs  et  fonctions  de  secr\u00e9taire  g\u00e9n\u00e9ral  de  la\npr\u00e9fecture de la C\u00f4te-d'Or seront exerc\u00e9s par Monsieur Beno\u00eet BYRSKI , sous-pr\u00e9fet de\nBeaune ou, en son absence ou emp\u00eachement, par Monsieur S\u00e9bastien LANOYE, sous-\npr\u00e9fet de Montbard.\n2/3\nPr\u00e9fecture de la C\u00f4te-d'Or - 21-2024-10-28-00005 - Arr\u00eat\u00e9 pr\u00e9fectoral n\u00b0 1645 / SG du 28 octobre 2024 donnant d\u00e9l\u00e9gation de\nsignature \u00e0 Monsieur Olivier GERSTL\u00c9, sous-pr\u00e9fet,\ndirecteur de cabinet du pr\u00e9fet de la r\u00e9gion Bourgogne-Franche-Comt\u00e9,\npr\u00e9fet de la C\u00f4te-d'Or\n98\nPendant ladite p\u00e9riode d'absence ou d'emp\u00eachement de Madame Amelle GHAYOU et\nde Monsieur Olivier GERSTL\u00c9 , Monsieur Beno\u00eet BYRSKI , sous-pr\u00e9fet de Beaune, ou,\nen  son  absence  ou  emp\u00eachement,  Monsieur  S\u00e9bastien  LANOYE,  sous-pr\u00e9fet  de\nMontbard exerceront, outre les attributions conf\u00e9r\u00e9es par les lois et r\u00e8glements aux\nsecr\u00e9taires g\u00e9n\u00e9raux de pr\u00e9fecture, la d\u00e9l\u00e9gation de signature d\u00e9finie \u00e0 l'article  2  du\npr\u00e9sent arr\u00eat\u00e9 au profit de Madame Amelle GHAYOU. \nArticle 6 : Le pr\u00e9sent arr\u00eat\u00e9 prendra effet le 28 octobre 2024.\nArticle  7 : La  secr\u00e9taire  g\u00e9n\u00e9rale  par  int\u00e9rim  de  la  pr\u00e9fecture  de  la  C\u00f4te-d'Or,  le\ndirecteur de cabinet du pr\u00e9fet de la r\u00e9gion Bourgogne-Franche-Comt\u00e9, pr\u00e9fet de la\nC\u00f4te-d'Or,  le sous-pr\u00e9fet de  Beaune, le sous-pr\u00e9fet  de  Montbard sont charg\u00e9s, de\nl'ex\u00e9cution du pr\u00e9sent arr\u00eat\u00e9 qui sera publi\u00e9 au recueil des actes administratifs de la\npr\u00e9fecture de la C\u00f4te-d'Or.\nFait \u00e0 Dijon, le 28 octobre 2024\nLe pr\u00e9fet,\nSign\u00e9 :\nPaul MOURIER\n3/3\nPr\u00e9fecture de la C\u00f4te-d'Or - 21-2024-10-28-00005 - Arr\u00eat\u00e9 pr\u00e9fectoral n\u00b0 1645 / SG du 28 octobre 2024 donnant d\u00e9l\u00e9gation de\nsignature \u00e0 Monsieur Olivier GERSTL\u00c9, sous-pr\u00e9fet,\ndirecteur de cabinet du pr\u00e9fet de la r\u00e9gion Bourgogne-Franche-Comt\u00e9,\npr\u00e9fet de la C\u00f4te-d'Or\n99\nPr\u00e9fecture de la C\u00f4te-d'Or\nP\u00f4le juridique inter-services\n21-2024-10-28-00008\nArr\u00eat\u00e9 pr\u00e9fectoral N\u00b0 1648 / SG du  28 octobre\n2024   \ndonnant d\u00e9l\u00e9gation de signature \u00e0 Madame\nNathalie BERGET, directrice \ndu Secr\u00e9tariat G\u00e9n\u00e9ral Commun D\u00e9partemental\nde la C\u00f4te-d'Or\nPr\u00e9fecture de la C\u00f4te-d'Or - 21-2024-10-28-00008 - Arr\u00eat\u00e9 pr\u00e9fectoral N\u00b0 1648 / SG du  28 octobre 2024   \ndonnant d\u00e9l\u00e9gation de signature \u00e0 Madame Nathalie BERGET, directrice \ndu Secr\u00e9tariat G\u00e9n\u00e9ral Commun D\u00e9partemental de la C\u00f4te-d'Or\n100\nArr\u00eat\u00e9 pr\u00e9fectoral N\u00b0 1648 / SG du  28 octobre 2024   \ndonnant d\u00e9l\u00e9gation de signature \u00e0 Madame Nathalie BERGET, directrice \ndu Secr\u00e9tariat G\u00e9n\u00e9ral Commun D\u00e9partemental de la C\u00f4te-d'Or\nLe pr\u00e9fet de la C\u00f4te-d'Or\nVu la loi n\u00b0 82.213 du 2 mars 1982 modifi\u00e9e relative aux droits et libert\u00e9s des communes,\ndes d\u00e9partements et des r\u00e9gions ;\nVu le d\u00e9cret n\u00b0 2004-374 du 29 avril 2004, modifi\u00e9, relatif aux pouvoirs des pr\u00e9fets, \u00e0\nl'organisation et \u00e0 l'action des services de l'\u00c9tat dans les r\u00e9gions et d\u00e9partements  ;\nVu le d\u00e9cret n\u00b0 2008-158 du 22 f\u00e9vrier 2008 relatif \u00e0 la suppl\u00e9ance des pr\u00e9fets de r\u00e9gion\net \u00e0 la d\u00e9l\u00e9gation de signature des pr\u00e9fets et hauts commissaires de la R\u00e9publique en\nPolyn\u00e9sie fran\u00e7aise et en Nouvelle-Cal\u00e9donie ;\nVu le d\u00e9cret n\u00b0 2009-176 du 16 f\u00e9vrier 2009 modifiant le d\u00e9cret n\u00b0 64-805 du 29  juillet\n1964 fixant les dispositions r\u00e9glementaires applicables aux pr\u00e9fets et le d\u00e9cret n\u00b0  2004-\n374 du 29 avril 2004 relatif aux pouvoirs des pr\u00e9fets, \u00e0 l'organisation et \u00e0 l'action des\nservices de l'\u00c9tat dans les r\u00e9gions et d\u00e9partements ;\nVu le d\u00e9cret du 10 octobre 2024 nommant Monsieur Paul MOURIER, pr\u00e9fet de la r\u00e9gion\nBourgogne-Franche-Comt\u00e9, pr\u00e9fet de la C\u00f4te d'Or ;\nVu les arr\u00eat\u00e9s interminist\u00e9riels portant r\u00e8glement de comptabilit\u00e9 pour la d\u00e9signation des\nordonnateurs secondaires et de leurs d\u00e9l\u00e9gu\u00e9s ;\nVu  l'arr\u00eat\u00e9  pr\u00e9fectoral  n\u00b0  1251/SG  du  18  d\u00e9cembre  2020  portant  organisation  des\nservices  de  la  pr\u00e9fecture  de  la  r\u00e9gion  Bourgogne-Franche-Comt\u00e9,  pr\u00e9fecture  du\nd\u00e9partement de la C\u00f4te-d'Or;\nVu l'arr\u00eat\u00e9  pr\u00e9fectoral  n\u00b0  1184/SG  du  3  d\u00e9cembre  2020  portant  organisation  du\nSecr\u00e9tariat G\u00e9n\u00e9ral Commun D\u00e9partemental de la C\u00f4te-d'Or; \nVu l'arr\u00eat\u00e9 minist\u00e9riel du 1 er f\u00e9vrier 2024 nommant Madame Nathalie BERGET directrice\ndu Secr\u00e9tariat G\u00e9n\u00e9ral Commun D\u00e9partemental de la C\u00f4te-d'Or \u00e0 compter du 1 er mars\n2024;\nVu l'arr\u00eat\u00e9 pr\u00e9fectoral n\u00b0 415/SG du 21 f\u00e9vrier donnant d\u00e9l\u00e9gation de signature \u00e0 Madame\nNathalie BERGET, directrice du Secr\u00e9tariat G\u00e9n\u00e9ral Commun D\u00e9partemental de la C\u00f4te-\nd'Or;\n1/5\nPr\u00e9fecture de la C\u00f4te-d'Or - 21-2024-10-28-00008 - Arr\u00eat\u00e9 pr\u00e9fectoral N\u00b0 1648 / SG du  28 octobre 2024   \ndonnant d\u00e9l\u00e9gation de signature \u00e0 Madame Nathalie BERGET, directrice \ndu Secr\u00e9tariat G\u00e9n\u00e9ral Commun D\u00e9partemental de la C\u00f4te-d'Or\n101\nARR\u00caTE\nArticle  1  er   : L'arr\u00eat\u00e9  pr\u00e9fectoral  415/SG  du  21  f\u00e9vrier  2024 d onnant  d\u00e9l\u00e9gation  de\nsignature  \u00e0  Madame  Nathalie  BERGET,  directrice  du  Secr\u00e9tariat  G\u00e9n\u00e9ral  Commun\nD\u00e9partemental de la C\u00f4te-d'Or  et toutes dispositions ant\u00e9rieures contraires au pr\u00e9sent\narr\u00eat\u00e9 sont abrog\u00e9s. \nArticle 2 :  D\u00e9l\u00e9gation est donn\u00e9e \u00e0 Madame Nathalie BERGET, directrice du Secr\u00e9tariat\nG\u00e9n\u00e9ral Commun D\u00e9partemental de la C\u00f4te-d'Or, \u00e0 l'effet de signer, dans le cadre de ses\nattributions et comp\u00e9tences, les d\u00e9cisions et actes relatifs \u00e0 la gestion de fonctions et\nmoyens mutualis\u00e9s en mati\u00e8res budg\u00e9taires, d'achat public, d'affaires immobili\u00e8res et de\nlogistique, de syst\u00e8mes d'information et de communication, de ressources humaines, de\nrelation avec la m\u00e9decine de pr\u00e9vention, d'action sociale au b\u00e9n\u00e9fice des agents des\nservices  du  Minist\u00e8re  de  l'Int\u00e9rieur  en  C\u00f4te-d'Or  et  des  directions  d\u00e9partementales\ninterminist\u00e9rielles de C\u00f4te-d'Or.\nArticle 3 : Gestion administrative du Secr\u00e9tariat G\u00e9n\u00e9ral Commun D\u00e9partemental\nD\u00e9l\u00e9gation  est  donn\u00e9e  \u00e0  Mme  Nathalie  BERGET,  directrice  du  Secr\u00e9tariat  G\u00e9n\u00e9ral\nCommun  D\u00e9partemental  de  la  C\u00f4te-d'Or,  \u00e0  l'effet  de  signer,  dans  le  cadre  de  ses\nattributions et comp\u00e9tences toutes correspondances et actes administratifs se rapportant\nau fonctionnement du Secr\u00e9tariat G\u00e9n\u00e9ral Commun D\u00e9partemental de la C\u00f4te-d'Or, \u00e0\nl'exception des courriers adress\u00e9s \u00e0 l'administration centrale.\nArticle 4 : Gestion budg\u00e9taire\nD\u00e9l\u00e9gation est donn\u00e9e \u00e0 Madame  Nathalie BERGET, directrice du Secr\u00e9tariat  G\u00e9n\u00e9ral\nCommun D\u00e9partemental de la C\u00f4te-d'Or, en qualit\u00e9 de responsable d'unit\u00e9 op\u00e9rationnelle\n(RUO) d\u00e9l\u00e9gu\u00e9e et/ou de centre de co\u00fbts d\u00e9l\u00e9gu\u00e9e, de proc\u00e9der \u00e0 l'ordonnancement\nsecondaire  des  recettes  et  des  d\u00e9penses  de  l'\u00c9tat  imput\u00e9es  sur  les  programmes  ci-\ndessous :\n\u2022 Programmes trait\u00e9s uniquement dans leur composante sociale\n\u25e6 124 : Conduite et soutien des politiques sanitaires et sociales\n\u25e6 134 : D\u00e9veloppement des entreprises et r\u00e9gulations\n\u25e6 148 : Fonction publique\n\u25e6 155 : Conception, gestion et \u00e9valuation des politiques de l'emploi et du travail\n\u25e6 176 : Police nationale\n\u25e6 206 : S\u00e9curit\u00e9 et qualit\u00e9 sanitaires de l'alimentation\n\u25e6 215 : Conduite et pilotage des politiques de l'agriculture\n\u25e6 216 : Conduite et pilotage des politiques de l'int\u00e9rieur\n2/5\nPr\u00e9fecture de la C\u00f4te-d'Or - 21-2024-10-28-00008 - Arr\u00eat\u00e9 pr\u00e9fectoral N\u00b0 1648 / SG du  28 octobre 2024   \ndonnant d\u00e9l\u00e9gation de signature \u00e0 Madame Nathalie BERGET, directrice \ndu Secr\u00e9tariat G\u00e9n\u00e9ral Commun D\u00e9partemental de la C\u00f4te-d'Or\n102\n\u25e6 217 : Conduite et pilotage des politiques d'\u00e9quipement\n\u2022 Programmes trait\u00e9s uniquement dans leur composante Frais de d\u00e9placement\n\u25e6 216 : Conduite et pilotage des politiques de l'int\u00e9rieur\n\u2022 Programmes trait\u00e9s dans leur int\u00e9gralit\u00e9 :\n\u25e6 354 : Administration territoriale de l'\u00c9tat\n\u25e6 723 : Op\u00e9rations immobili\u00e8res et entretien des b\u00e2timents de l'\u00c9tat\n\u25e6 348 : R\u00e9novation des cit\u00e9s administratives et autres sites domaniaux multioccupants\n\u25e6 349 : Fonds pour la transformation de l'action publique\n\u25e6 362 : Plan de relance Ecologie\n\u25e6 363 : Plan de relance Comp\u00e9titivit\u00e9\n\u25e6 364 : Plan de relance Coh\u00e9sion\nArticle 5 : Gestion des achats publics\nD\u00e9l\u00e9gation est accord\u00e9e \u00e0 Madame Nathalie BERGET, directrice du Secr\u00e9tariat G\u00e9n\u00e9ral\nCommun  D\u00e9partemental  de  la  C\u00f4te-d'Or,  \u00e0  l'effet  de  signer  en  qualit\u00e9  de  pouvoir\nadjudicateur, tous les actes relatifs \u00e0 la passation et \u00e0 l'ex\u00e9cution des march\u00e9s publics\nde l'\u00c9tat relevant du p\u00e9rim\u00e8tre du Secr\u00e9tariat G\u00e9n\u00e9ral Commun D\u00e9partemental, dont le\nmontant est inf\u00e9rieur \u00e0 5 000 \u20ac.\nArticle 6 : Gestion des ressources humaines\nD\u00e9l\u00e9gation est donn\u00e9e \u00e0 Madame Nathalie BERGET, directrice du Secr\u00e9tariat G\u00e9n\u00e9ral\nCommun D\u00e9partemental de la C\u00f4te-d'Or, \u00e0 l'effet de signer, dans le cadre de  ses\nattributions et comp\u00e9tences, toutes d\u00e9cisions et tous documents relatifs \u00e0 la gestion du\npersonnel de la pr\u00e9fecture, \u00e0 l'exception des d\u00e9cisions d'affectation des agents, des\ndirections d\u00e9partementales interminist\u00e9rielles et du secr\u00e9tariat g\u00e9n\u00e9ral commun list\u00e9s \u00e0\nl'arr\u00eat\u00e9 du 31 mars 2011 portant d\u00e9concentration des d\u00e9cisions relatives \u00e0 la situation\nindividuelle des fonctionnaires et agents non titulaires exer\u00e7ant leur fonction dans les\ndirections d\u00e9partementales interminist\u00e9rielles et l'arr\u00eat\u00e9 du 28 d\u00e9cembre 2017 portant\nd\u00e9l\u00e9gation  de  pouvoir  en  mati\u00e8re  de  recrutement  et  de  gestion  des  personnels\nadministratifs du minist\u00e8re de l'int\u00e9rieur.\nLa signature des actes suivants est r\u00e9serv\u00e9e aux directeurs d\u00e9partementaux et au\nsecr\u00e9taire g\u00e9n\u00e9ral de la pr\u00e9fecture s'agissant de leurs agents :\n\u2022 Octroi de cong\u00e9s de maternit\u00e9, de paternit\u00e9, d'adoption et du cong\u00e9 bonifi\u00e9 ;\n\u2022 Utilisation des cong\u00e9s accumul\u00e9s sur un compte \u00e9pargne-temps ;\n\u2022 Octroi des autorisations d'absence, \u00e0 l'exception de celles relatives \u00e0 l'exercice du droit\nsyndical ;\n3/5\nPr\u00e9fecture de la C\u00f4te-d'Or - 21-2024-10-28-00008 - Arr\u00eat\u00e9 pr\u00e9fectoral N\u00b0 1648 / SG du  28 octobre 2024   \ndonnant d\u00e9l\u00e9gation de signature \u00e0 Madame Nathalie BERGET, directrice \ndu Secr\u00e9tariat G\u00e9n\u00e9ral Commun D\u00e9partemental de la C\u00f4te-d'Or\n103\n\u2022  Cong\u00e9s  pr\u00e9vus  par  le  d\u00e9cret  n\u00b0  94-874  du  7  octobre  1994  fixant  les  dispositions\ncommunes applicables aux stagiaires de l'\u00c9tat et de ses \u00e9tablissements publics ;\n\u2022 D\u00e9cision de mise en disponibilit\u00e9 et cong\u00e9 parental ;\n\u2022 D\u00e9cision de rupture conventionnelle.\nArticle 7 : Gestion de l'action sociale\nD\u00e9l\u00e9gation est donn\u00e9e \u00e0  Madame Nathalie BERGET, directrice  du Secr\u00e9tariat G\u00e9n\u00e9ral\nCommun  D\u00e9partemental  de  la  C\u00f4te-d'Or,  \u00e0  l'effet  de  signer,  dans  le  cadre  de  ses\nattributions  et  comp\u00e9tences,  toutes  d\u00e9cisions  individuelles  de  prestations  et  tous  les\narr\u00eat\u00e9s attributifs de subvention entrant dans le champ de comp\u00e9tence du bureau de\nl'action sociale.\nArticle 8 : Gestion des frais de d\u00e9placements\nD\u00e9l\u00e9gation  est  donn\u00e9e  Madame  Nathalie  BERGET,  directrice  du  Secr\u00e9tariat  G\u00e9n\u00e9ral\nCommun  D\u00e9partemental  de  la  C\u00f4te-d'Or,  \u00e0  l'effet  de  signer,  dans  le  cadre  de  ses\nattributions et comp\u00e9tences les autorisations et la gestion des d\u00e9placements temporaires\ndes  agents  du  Secr\u00e9tariat  G\u00e9n\u00e9ral  Commun  D\u00e9partemental,  ainsi  que  les  actes\ncomptables  li\u00e9s  au  d\u00e9placement  des  agents  de  la  pr\u00e9fecture  et  des  directions\nd\u00e9partementales interminist\u00e9rielles.\nArticle 9 : Absence et int\u00e9rim\nEn  cas  d'absence  ou  d'emp\u00eachement  de  Madame  Nathalie  BERGET,  directrice  du\nSecr\u00e9tariat G\u00e9n\u00e9ral Commun D\u00e9partemental de la C\u00f4te-d'Or, la d\u00e9l\u00e9gation de signature\nqui lui est consentie aux articles 2 \u00e0 8 est exerc\u00e9e par  chaque chef de service du\nSecr\u00e9tariat G\u00e9n\u00e9ral Commun D\u00e9partemental, chacun dans le cadre de leurs attributions\nd\u00e9finies par l'article 11.\nArticle 10 : Signature r\u00e9serv\u00e9e au Pr\u00e9fet\nSont r\u00e9serv\u00e9s \u00e0 la signature de Monsieur le Pr\u00e9fet de la C\u00f4te-d'Or les correspondances\nadministratives avec les ministres, les parlementaires, le pr\u00e9fet de r\u00e9gion, les \u00e9lus, les\ncourriers  et  d\u00e9cisions  concernant  les  \u00e9tablissements  publics  de  coop\u00e9ration\nintercommunale et le Conseil D\u00e9partemental de la C\u00f4te-d'Or ainsi que les march\u00e9s publics\ndont le montant est sup\u00e9rieur au seuil de 5000 \u20ac.\nArticle 11: Subd\u00e9l\u00e9gation de signature\nMadame Nathalie BERGET, directrice du Secr\u00e9tariat G\u00e9n\u00e9ral Commun D\u00e9partemental de\nla C\u00f4te-d'Or, d\u00e9finira la liste de ses subordonn\u00e9s habilit\u00e9s \u00e0 signer les actes \u00e0 sa place si\nelle est elle-m\u00eame absente ou emp\u00each\u00e9e.\nCette  subd\u00e9l\u00e9gation  prendra  la  forme  d'une  d\u00e9cision  sign\u00e9e  de  Madame  Nathalie\nBERGET, directrice  du Secr\u00e9tariat G\u00e9n\u00e9ral Commun D\u00e9partemental de la C\u00f4te-d'Or, qui\nfera l'objet d'une publication au recueil des actes administratifs de la pr\u00e9fecture de la C\u00f4te-\nd'Or et dont une copie sera transmise au Pr\u00e9fet, ainsi qu'aux directeurs des directions\nd\u00e9partementales interminist\u00e9rielles.\n4/5\nPr\u00e9fecture de la C\u00f4te-d'Or - 21-2024-10-28-00008 - Arr\u00eat\u00e9 pr\u00e9fectoral N\u00b0 1648 / SG du  28 octobre 2024   \ndonnant d\u00e9l\u00e9gation de signature \u00e0 Madame Nathalie BERGET, directrice \ndu Secr\u00e9tariat G\u00e9n\u00e9ral Commun D\u00e9partemental de la C\u00f4te-d'Or\n104\nArticle 12 : Le pr\u00e9sent arr\u00eat\u00e9 peut faire l'objet d'un recours contentieux aupr\u00e8s du tribunal\nadministratif de Dijon dans un d\u00e9lai de deux mois \u00e0 compter de sa notification ou de sa\npublication.  Le  tribunal  administratif  peut  \u00eatre  saisi  par  l'application  informatique  \u00ab\nt\u00e9l\u00e9recours citoyens \u00bb accessibles par le site Internet www.telerecours.fr.\nArticle 13     :     La secr\u00e9taire g\u00e9n\u00e9rale par int\u00e9rim de la pr\u00e9fecture de la C\u00f4te-d'Or, la directrice\ndu Secr\u00e9tariat G\u00e9n\u00e9ral Commun D\u00e9partemental de la C\u00f4te d'Or et les agents b\u00e9n\u00e9ficiaires\nde  la  d\u00e9l\u00e9gation  de  signature,  sont  charg\u00e9s,  chacun  pour  ce  qui  le  concerne,  de\nl'ex\u00e9cution du pr\u00e9sent arr\u00eat\u00e9 qui sera publi\u00e9 au recueil des actes administratifs de la\npr\u00e9fecture de la C\u00f4te-d'Or.\nFait \u00e0 Dijon, le 28 octobre 2024\nLe pr\u00e9fet\nSign\u00e9 :\nPaul MOURIER\n5/5\nPr\u00e9fecture de la C\u00f4te-d'Or - 21-2024-10-28-00008 - Arr\u00eat\u00e9 pr\u00e9fectoral N\u00b0 1648 / SG du  28 octobre 2024   \ndonnant d\u00e9l\u00e9gation de signature \u00e0 Madame Nathalie BERGET, directrice \ndu Secr\u00e9tariat G\u00e9n\u00e9ral Commun D\u00e9partemental de la C\u00f4te-d'Or\n105\nPr\u00e9fecture de la C\u00f4te-d'Or\nP\u00f4le juridique inter-services\n21-2024-10-28-00009\nArr\u00eat\u00e9 pr\u00e9fectoral n\u00b0 1652 /SG du 28 octobre\n2024    \ndonnant d\u00e9l\u00e9gation de signature \u00e0 Monsieur\nJean-Luc MILANI, conseiller d'administration de\nl'int\u00e9rieur et de l'outre-mer, Directeur des\ncollectivit\u00e9s locales et des \u00e9lections (DCLE)\nPr\u00e9fecture de la C\u00f4te-d'Or - 21-2024-10-28-00009 - Arr\u00eat\u00e9 pr\u00e9fectoral n\u00b0 1652 /SG du 28 octobre 2024    \ndonnant d\u00e9l\u00e9gation de signature \u00e0 Monsieur Jean-Luc MILANI, conseiller d'administration de l'int\u00e9rieur et de l'outre-mer, Directeur des\ncollectivit\u00e9s locales et des \u00e9lections (DCLE)\n106\nArr\u00eat\u00e9 pr\u00e9fectoral n\u00b0 1652 /SG du 28 octobre 2024    \ndonnant d\u00e9l\u00e9gation de signature \u00e0 Monsieur Jean-Luc MILANI, conseiller d'administration de\nl'int\u00e9rieur et de l'outre-mer, Directeur des collectivit\u00e9s locales et des \u00e9lections (DCLE)  .\nLe pr\u00e9fet de la C\u00f4te-d'Or\nVu la loi n\u00b0 82-213 du 2 mars 1982 modifi\u00e9e relative aux droits et libert\u00e9s des communes,\ndes d\u00e9partements et des r\u00e9gions ;\nVu le d\u00e9cret n\u00b0 2004-374 du 29 avril 2004 relatif aux pouvoirs des pr\u00e9fets, \u00e0 l'organisation\net \u00e0 l'action des services de l'\u00c9tat dans les r\u00e9gions et d\u00e9partements, modifi\u00e9 par le d\u00e9cret\nn\u00b0 2010-146 du 16 f\u00e9vrier 2010 et par le d\u00e9cret n\u00b0 2010-687 du 24 juin 2010  ;\nVu le d\u00e9cret n\u00b0 2008-158 du 22 f\u00e9vrier 2008 relatif \u00e0 la suppl\u00e9ance des pr\u00e9fets de r\u00e9gion\net \u00e0 la d\u00e9l\u00e9gation de signature des pr\u00e9fets et hauts-commissaires de la R\u00e9publique en\nPolyn\u00e9sie fran\u00e7aise et en Nouvelle-Cal\u00e9donie ;\nVu le d\u00e9cret n\u00b0 2009-176 du 16 f\u00e9vrier 2009 modifiant le d\u00e9cret n\u00b0 64-805 du 29  juillet\n1964 fixant les dispositions r\u00e9glementaires applicables aux pr\u00e9fets et le d\u00e9cret n\u00b0  2004-\n374 du 29 avril 2004 relatif aux pouvoirs des pr\u00e9fets, \u00e0 l'organisation et \u00e0 l'action des\nservices de l'\u00c9tat dans les r\u00e9gions et d\u00e9partements ;\nVu le d\u00e9cret du 10 octobre 2024 nommant Monsieur Paul MOURIER, pr\u00e9fet de la r\u00e9gion\nBourgogne-Franche-Comt\u00e9, pr\u00e9fet de la C\u00f4te-d'Or  ;\nVu l'arr\u00eat\u00e9 minist\u00e9riel du 3 mars 2021 par lequel M. Jean-Luc MILANI, affect\u00e9 au sein de la\npr\u00e9fecture de la C\u00f4te-d'Or/SG, est plac\u00e9 en position de d\u00e9tachement en tant que Directeur\ndes  collectivit\u00e9s  locales  et  des  \u00e9lections,  pour  une  dur\u00e9e  de  5  ans  \u00e0  compter  du\n01/01/2021 jusqu'au 31/12/2025 inclus ;\nVu l'arr\u00eat\u00e9 pr\u00e9fectoral 1251/SG du 18 d\u00e9cembre 2020 portant organisation des services\nde la pr\u00e9fecture de la r\u00e9gion Bourgogne-Franche-Comt\u00e9, pr\u00e9fecture du d\u00e9partement de la\nC\u00f4te-d'Or ;\nVu  l'arr\u00eat\u00e9 pr\u00e9fectoral  n\u00b0 737/SG du 26 avril 2024  donnant d\u00e9l\u00e9gation de signature \u00e0\nMonsieur  Jean-Luc  MILANI,  attach\u00e9  hors  classe  d'administration  de  l'\u00c9tat,  conseiller\nd'administration de l'int\u00e9rieur et de l'outre-mer , Directeur des collectivit\u00e9s locales et des\n\u00e9lections (DCLE)  ;\n1/7\nPr\u00e9fecture de la C\u00f4te-d'Or - 21-2024-10-28-00009 - Arr\u00eat\u00e9 pr\u00e9fectoral n\u00b0 1652 /SG du 28 octobre 2024    \ndonnant d\u00e9l\u00e9gation de signature \u00e0 Monsieur Jean-Luc MILANI, conseiller d'administration de l'int\u00e9rieur et de l'outre-mer, Directeur des\ncollectivit\u00e9s locales et des \u00e9lections (DCLE)\n107\nARR\u00caTE\nArticle 1     : L'arr\u00eat\u00e9 pr\u00e9fectoral n\u00b0 737/SG du 26 avril 2024 donnant d\u00e9l\u00e9gation de signature\n\u00e0  Monsieur Jean-Luc MILANI, attach\u00e9 hors classe d'administration de l'\u00c9tat, Conseiller\nd'administration de l'int\u00e9rieur et de l'outre-mer,  directeur des collectivit\u00e9s locales et des\n\u00e9lections (DCLE),  ainsi que  toutes dispositions ant\u00e9rieures contraires au pr\u00e9sent arr\u00eat\u00e9\nsont abrog\u00e9s \u00e0 compter de l'entr\u00e9e en vigueur du pr\u00e9sent arr\u00eat\u00e9.\nArticle 2  :  D\u00e9l\u00e9gation de signature est donn\u00e9e \u00e0  Monsieur Jean-Luc MILANI ,  conseiller\nd'administration de l'int\u00e9rieur et de l'outre-mer , Directeur des collectivit\u00e9s locales et des\n\u00e9lections (DCLE) en ce qui concerne :\nBUREAU DES COLLECTIVIT\u00c9S LOCALES\n\u2013 Les correspondances et les documents  administratifs relevant des attributions et  \ncomp\u00e9tences de sa direction, \u00e0 l'exception :\n\u2022 des arr\u00eat\u00e9s et actes r\u00e9glementaires ;\n\u2022 des circulaires et instructions g\u00e9n\u00e9rales ;\n\u2022 des lettres comportant d\u00e9cision de principe ou ayant une incidence politique  ;\n\u2022 tout document comportant saisine du tribunal administratif ou de la chambre\nr\u00e9gionale des comptes ;\n\u2022 des communiqu\u00e9s de presse.\n\u2013 Les titres de perception et de recouvrement \u00e0 rendre ex\u00e9cutoires ;\n\u2013 Tous documents relatifs aux concours financiers de l'\u00c9tat aux collectivit\u00e9s locales, \u00e0\nla notification des taux d'imposition des quatre taxes directes locales et de la taxe\nd'enl\u00e8vement des ordures m\u00e9nag\u00e8res (\u00e9tats n\u00b01253, n\u00b01259 et n\u00b01259 TEOM), ainsi\nque  les  r\u00f4les  dress\u00e9s  pour  le  recouvrement  des  taxes  ou  cotisations  par  les\nassociations  fonci\u00e8res  de  remembrement  ou  par  les  associations  syndicales\nautoris\u00e9es ;\n\u2013  La validation \u00e9lectronique des arr\u00eat\u00e9s d'attribution du Fonds de compensation pour \nla TVA ;\n\u2013 Les actes donnant un caract\u00e8re ex\u00e9cutoire aux r\u00e8glements conjoints de la d\u00e9cision\nbudg\u00e9taire modificative des lyc\u00e9es de la r\u00e9gion Bourgogne-Franche-Comt\u00e9 et coll\u00e8ges\nde C\u00f4te d'Or ;\n\u2013 Tous documents et pi\u00e8ces relatifs \u00e0 l'ordonnancement des d\u00e9penses imputables sur\nle budget de l'\u00c9tat ;\n\u2013  Tous documents relatifs aux concours financiers et subventions de l'\u00c9tat aux \ncollectivit\u00e9s locales ;\n\u2013 Les correspondances courantes et bordereaux.\n2/7\nPr\u00e9fecture de la C\u00f4te-d'Or - 21-2024-10-28-00009 - Arr\u00eat\u00e9 pr\u00e9fectoral n\u00b0 1652 /SG du 28 octobre 2024    \ndonnant d\u00e9l\u00e9gation de signature \u00e0 Monsieur Jean-Luc MILANI, conseiller d'administration de l'int\u00e9rieur et de l'outre-mer, Directeur des\ncollectivit\u00e9s locales et des \u00e9lections (DCLE)\n108\nBUREAU  DES ELECTIONS ET DE LA REGLEMENTATION \n\u2022 la d\u00e9livrance des r\u00e9c\u00e9piss\u00e9s provisoires et d\u00e9finitifs des d\u00e9clarations de candidature\naux \u00e9lections politiques et professionnelles ;\n\u2022 la d\u00e9livrance des attestations ou re\u00e7us de d\u00e9claration effectu\u00e9e par les binationaux\ndans le cadre du service national ;\n\u2022 la d\u00e9livrance des cartes d'adjoints aux maires\n\u2022 les autorisations de transport de corps hors du territoire national ;\n\u2022 les d\u00e9cisions relatives aux inhumations hors du d\u00e9lai l\u00e9gal ;\n\u2022 la d\u00e9livrance des r\u00e9c\u00e9piss\u00e9s de revendeurs d'objets mobiliers ;\n\u2022 les habilitations d'entreprises de pompes fun\u00e8bres ;\n\u2022 les arr\u00eat\u00e9s portant classement des offices de tourisme et communes touristiques ;\n\u2022 les cartes professionnelles de guide-conf\u00e9rencier ;\n\u2022 la d\u00e9livrance et le refus de d\u00e9livrance  des cartes de conducteur de taxi, de v\u00e9hicules\nmotoris\u00e9s  \u00e0  deux  ou  trois  roues  et  de  conducteur  de  voiture  de  transport  avec\nchauffeur ;\n\u2022 les  d\u00e9cisions  de  sanction  disciplinaire  \u00e0  l'encontre  des  conducteurs  de  taxi,  de\nv\u00e9hicules motoris\u00e9s \u00e0 deux ou trois roues et de voiture de transport avec chauffeur  ;\n\u2022 commission locale des transports publics particuliers de personnes, commission de\nconciliation  des  baux  commerciaux,  ainsi  que  toutes  correspondances  courantes\nrelatives au fonctionnement de ces commissions.\n\u2022 tous  actes  relatifs  \u00e0  la  d\u00e9livrance  et  \u00e0  l'instruction  des  demandes  de  passeports\ntemporaires, de missions et de services,\n\u2022 le retrait des titres d'identit\u00e9, de voyage et d'immatriculation d\u00e9livr\u00e9s ind\u00fbment,\n\u2022 les d\u00e9cisions relatives aux mesures d'opposition \u00e0 sortie de territoire,\n\u2022 les conventions d'habilitations et d'agr\u00e9ment et les d\u00e9cisions de suspension et de\nretrait des habilitations et agr\u00e9ments des professionnels de l'automobile,\n\u2022 les attestations relatives aux immatriculations,\n\u2022 la d\u00e9claration d'affectation ou de cessation d'affectation de v\u00e9hicules au transport\npublic de personnes,\n\u2022 la d\u00e9livrance du num\u00e9ro d'immatriculation des v\u00e9hicules d'exploitants agricoles,\n\u2022 les  r\u00e9c\u00e9piss\u00e9s  concernant  les  d\u00e9p\u00f4ts  par  les  huissiers  des  proc\u00e8s-verbaux\nd'indisponibilit\u00e9 de certificat d'immatriculation\n\u2022 les  actes  administratifs  du  greffe  des  associations :  bordereaux,  r\u00e9c\u00e9piss\u00e9s  et\ncorrespondances courantes non cr\u00e9atrices de droit.\nArticle  3 : En  cas  d'absence  ou  d'emp\u00eachement  de  Monsieur  Jean-Luc  MILANI,  la\nd\u00e9l\u00e9gation qui lui est conf\u00e9r\u00e9e par l'article 2 ci-dessus sera exerc\u00e9e par Madame Fadila EL\nHARTI, attach\u00e9e principale, cheffe du bureau des collectivit\u00e9s locales.\nEn cas d'absence concomitante de Monsieur Jean-Luc MILANI et de  Madame Fadila EL\nHARTI, la d\u00e9l\u00e9gation est conf\u00e9r\u00e9e \u00e0 Madame Claire BROUSSE, attach\u00e9e, cheffe du bureau\ndes \u00e9lections et de la r\u00e9glementation.\nArticle 4 : \n1 - D\u00e9l\u00e9gation est donn\u00e9e \u00e0 Madame Fadila El HARTI , attach\u00e9e principale, cheffe du bureau\ndes collectivit\u00e9s locales pour :\n3/7\nPr\u00e9fecture de la C\u00f4te-d'Or - 21-2024-10-28-00009 - Arr\u00eat\u00e9 pr\u00e9fectoral n\u00b0 1652 /SG du 28 octobre 2024    \ndonnant d\u00e9l\u00e9gation de signature \u00e0 Monsieur Jean-Luc MILANI, conseiller d'administration de l'int\u00e9rieur et de l'outre-mer, Directeur des\ncollectivit\u00e9s locales et des \u00e9lections (DCLE)\n109\n\u2022 Les correspondances et documents courants et bordereaux ;\n\u2022 Les lettres de demande de pi\u00e8ces compl\u00e9mentaires au titre du contr\u00f4le de l\u00e9galit\u00e9,\n\u00e0 l'exception de :\n\u2013 celles qui concernent les collectivit\u00e9s locales des arrondissements de Beaune\net Montbard ;\n\u2013 celles  qui  concernent  le  conseil  r\u00e9gional  de  Bourgogne-Franche-Comt\u00e9,  le\nconseil d\u00e9partemental de C\u00f4te d'Or, Dijon M\u00e9tropole, la ville de Dijon et toute\ncollectivit\u00e9 signal\u00e9e par le secr\u00e9taire g\u00e9n\u00e9ral.\n\u2022 Tous documents relatifs aux concours financiers de l'\u00c9tat aux collectivit\u00e9s locales, \u00e0\nla notification des taux d'imposition des quatre taxes directes locales et de la taxe\nd'enl\u00e8vement des ordures m\u00e9nag\u00e8res (\u00e9tats n\u00b01253, n\u00b01259 et n\u00b01259 TEOM),\nainsi que les r\u00f4les dress\u00e9s pour le recouvrement des taxes ou cotisations par les\nassociations  fonci\u00e8res  de  remembrement  ou  par  les  associations  syndicales\nautoris\u00e9es ;\n\u2022 Les actes donnant un caract\u00e8re ex\u00e9cutoire aux r\u00e8glements conjoints de la d\u00e9cision\nbudg\u00e9taire  modificative  des  lyc\u00e9es  de  la  r\u00e9gion  Bourgogne-Franche-Comt\u00e9  et\ncoll\u00e8ges de C\u00f4te d'Or.\n2 - D\u00e9l\u00e9gation est donn\u00e9e \u00e0  Madame Patricia LAUWERIER, attach\u00e9e, chef du p\u00f4le du\nconseil et du contr\u00f4le de l\u00e9galit\u00e9, pour :\n\u2022 Les lettres  de demande de  pi\u00e8ces  compl\u00e9mentaires  au titre  du contr\u00f4le  de\nl\u00e9galit\u00e9, \u00e0 l'exception de :\n\u2013 celles  qui  concernent  les  collectivit\u00e9s  locales  des  arrondissements  de\nBeaune et Montbard ;\n\u2013 celles qui concernent le conseil r\u00e9gional de Bourgogne-Franche-Comt\u00e9, le\nconseil d\u00e9partemental de C\u00f4te-d'Or, Dijon M\u00e9tropole, la ville de Dijon et toute\ncollectivit\u00e9 signal\u00e9e par le secr\u00e9taire g\u00e9n\u00e9ral.\n\u2022 les correspondances courantes et bordereaux.\n3 - D\u00e9l\u00e9gation est donn\u00e9e \u00e0  Madame Cl\u00e9mence PERNIN, attach\u00e9e, chef du p\u00f4le des\nfinances locales, pour :\n\u2022 Tous documents relatifs aux concours financiers de l'\u00c9tat aux collectivit\u00e9s locales, \u00e0\nla notification des taux d'imposition des quatre taxes directes locales et de la taxe\nd'enl\u00e8vement des ordures m\u00e9nag\u00e8res (\u00e9tats n\u00b01253, n\u00b01259 et n\u00b01259 TEOM),\nainsi que les r\u00f4les dress\u00e9s pour le recouvrement des taxes ou cotisations par les\nassociations  fonci\u00e8res  de  remembrement  ou  par  les  associations  syndicales\nautoris\u00e9es ;\n\u2022 Les actes donnant un caract\u00e8re ex\u00e9cutoire aux r\u00e8glements conjoints de la d\u00e9cision\nbudg\u00e9taire  modificative  des  lyc\u00e9es  de  la  r\u00e9gion  Bourgogne-Franche-Comt\u00e9  et\ncoll\u00e8ges de C\u00f4te d'Or ;\n\u2022 Les correspondances courantes et bordereaux.\n4 -  D\u00e9l\u00e9gation est donn\u00e9e \u00e0 Madame Isabelle AMSALLEM, secr\u00e9taire administrative de\nclasse exceptionnelle, charg\u00e9e de l'intercommunalit\u00e9 et du contr\u00f4le de l\u00e9galit\u00e9, pour  :\nLes bordereaux d'envoi et les correspondances courantes concernant ACTES\n4/7\nPr\u00e9fecture de la C\u00f4te-d'Or - 21-2024-10-28-00009 - Arr\u00eat\u00e9 pr\u00e9fectoral n\u00b0 1652 /SG du 28 octobre 2024    \ndonnant d\u00e9l\u00e9gation de signature \u00e0 Monsieur Jean-Luc MILANI, conseiller d'administration de l'int\u00e9rieur et de l'outre-mer, Directeur des\ncollectivit\u00e9s locales et des \u00e9lections (DCLE)\n110\nArticle 5 : \n1 - D\u00e9l\u00e9gation de signature est donn\u00e9e \u00e0 Madame Claire BROUSSE, attach\u00e9e, cheffe du\nbureau des \u00e9lections et de la r\u00e9glementation, pour :\n\u2022 la d\u00e9livrance des r\u00e9c\u00e9piss\u00e9s provisoires et d\u00e9finitifs des d\u00e9clarations de candidature\naux \u00e9lections politiques et professionnelles ;\n\u2022 la d\u00e9livrance des attestations ou re\u00e7us de d\u00e9claration effectu\u00e9e par les binationaux\ndans le cadre du service national ;\n\u2022 les autorisations de transport de corps hors du territoire national ;\n\u2022 les d\u00e9cisions relatives aux inhumations hors d\u00e9lai l\u00e9gal ;\n\u2022 la d\u00e9livrance des r\u00e9c\u00e9piss\u00e9s de revendeurs d'objets mobiliers ;\n\u2022 la d\u00e9livrance des r\u00e9c\u00e9piss\u00e9s de d\u00e9claration des foires et salons ;\n\u2022 la d\u00e9livrance des cartes professionnelles de guide-conf\u00e9rencier ;\n\u2022 la d\u00e9livrance et le refus de d\u00e9livrance des cartes de conducteur de taxi, de v\u00e9hicules\nmotoris\u00e9s  \u00e0  deux  ou  trois  roues  et  de  conducteur  de  voiture  de  transport  avec\nchauffeur ;\n\u2022 commission locale des transports publics particuliers de personnes, commission de\nconciliation  des  baux  commerciaux,  ainsi  que  toutes  correspondances  courantes\nrelatives au fonctionnement de ces commissions ;\n\u2022 toutes correspondances courantes concernant les domaines cit\u00e9s ci-dessus, y compris\nla l\u00e9gislation fun\u00e9raire et le domaine du tourisme,\n\u2022 tous  actes  relatifs  \u00e0  la  d\u00e9livrance  et  \u00e0  l'instruction  des  demandes  de  passeports\ntemporaires, de mission et de service,\n\u2022 le retrait des titres d'identit\u00e9, de voyage et d'immatriculation d\u00e9livr\u00e9s ind\u00fbment,\n\u2022 les d\u00e9cisions relatives aux mesures d'opposition \u00e0 sortie de territoire,\n\u2022 les conventions d'habilitation et d'agr\u00e9ment et les d\u00e9cisions de suspension et de retrait\ndes habilitations et agr\u00e9ments des professionnels de l'automobile,\n\u2022 les attestations relatives aux immatriculations,\n\u2022 la d\u00e9claration d'affectation ou de cessation d'affectation de v\u00e9hicules au transport\npublic de personnes,\n\u2022 les  r\u00e9c\u00e9piss\u00e9s  concernant  les  d\u00e9p\u00f4ts  par  les  huissiers  des  proc\u00e8s-verbaux\nd'indisponibilit\u00e9 de certificat d'immatriculation\n\u2022 les  actes  administratifs  du  greffe  des  associations :  bordereaux,  r\u00e9c\u00e9piss\u00e9s  et\ncorrespondances courantes non cr\u00e9atrices de droit.\nEn l'absence de Monsieur Jean-Luc MILANI :\n\u2022 les habilitations d'entreprises fun\u00e9raires ;\n\u2022 les arr\u00eat\u00e9s portant classement des offices de tourisme et communes touristiques ;\n\u2022 les  d\u00e9cisions  de  sanctions disciplinaires  \u00e0 l'encontre  des  conducteurs  de  taxi, de\nv\u00e9hicules motoris\u00e9s \u00e0 deux ou trois roues et de voiture de transport avec chauffeur  ;\n2  -  D\u00e9l\u00e9gation  de  signature  est  donn\u00e9e  \u00e0  Madame  Delphine  HORNY,  attach\u00e9e\nd'administration, adjointe \u00e0 la  cheffe du bureau des \u00e9lections et de la r\u00e9glementation  pour :\n\uf0d8 la  d\u00e9livrance  des  r\u00e9c\u00e9piss\u00e9s  provisoires  et  d\u00e9finitifs  des  d\u00e9clarations  de\ncandidature aux \u00e9lections politiques et professionnelles ;\n\uf0d8 la  d\u00e9livrance  des  attestations  ou  re\u00e7us  de  d\u00e9claration  effectu\u00e9e  par  les\nbinationaux dans le cadre du service national ;\n5/7\nPr\u00e9fecture de la C\u00f4te-d'Or - 21-2024-10-28-00009 - Arr\u00eat\u00e9 pr\u00e9fectoral n\u00b0 1652 /SG du 28 octobre 2024    \ndonnant d\u00e9l\u00e9gation de signature \u00e0 Monsieur Jean-Luc MILANI, conseiller d'administration de l'int\u00e9rieur et de l'outre-mer, Directeur des\ncollectivit\u00e9s locales et des \u00e9lections (DCLE)\n111\n\uf0d8 les autorisations de transport de corps hors du territoire national ;\n\uf0d8 les d\u00e9cisions relatives aux inhumations hors d\u00e9lai l\u00e9gal ;\n\uf0d8 la d\u00e9livrance des r\u00e9c\u00e9piss\u00e9s de revendeurs d'objets mobiliers ;\n\uf0d8 la d\u00e9livrance des r\u00e9c\u00e9piss\u00e9s de d\u00e9claration des foires et salons ;\n\uf0d8 la d\u00e9livrance des cartes professionnelles de guide-conf\u00e9rencier ;\n\uf0d8 la d\u00e9livrance et le refus de d\u00e9livrance des cartes de conducteur de taxi, de\nv\u00e9hicules motoris\u00e9s \u00e0 deux ou trois roues et de v\u00e9hicules de transport avec\nchauffeur ;\n\uf0d8 commission  locale  des  transports  publics  particuliers  de  personnes,\ncommission  de  conciliation  des  baux  commerciaux  ainsi  que  toutes\ncorrespondances courantes relatives au fonctionnement de ces commissions ;\n\uf0d8 toutes correspondances courantes concernant les domaines cit\u00e9s ci-dessus y\ncompris, la l\u00e9gislation fun\u00e9raire, et le domaine du tourisme.\n\uf0d8 tous actes relatifs \u00e0 la d\u00e9livrance et \u00e0 l'instruction des demandes de passeports\ntemporaires, de missions et de services,\n\uf0d8 le retrait des titres d'identit\u00e9, de voyage et d'immatriculation d\u00e9livr\u00e9s ind\u00fbment,\n\uf0d8 les d\u00e9cisions relatives aux mesures d'opposition \u00e0 sortie de territoire,\n\uf0d8 les conventions d'habilitation et d'agr\u00e9ment et les d\u00e9cisions de suspension et\nde retrait des habilitations et agr\u00e9ments des professionnels de l'automobile,\n\uf0d8 les attestations pour la conduite des taxis, des v\u00e9hicules de petite remise, des\nambulances, des v\u00e9hicules affect\u00e9s au ramassage scolaire ou au transport\npublic de personnes,\n\uf0d8 les attestations relatives aux immatriculations,\n\uf0d8 la  d\u00e9claration  d'affectation  ou  de  cessation  d'affectation  de  v\u00e9hicules  au\ntransport public de personnes,\n\uf0d8 les r\u00e9c\u00e9piss\u00e9s concernant les d\u00e9p\u00f4ts  par les huissiers des proc\u00e8s-verbaux\nd'indisponibilit\u00e9 de certificat d'immatriculation\n\uf0d8 les actes administratifs du greffe des associations  : bordereaux, r\u00e9c\u00e9piss\u00e9s et\ncorrespondances courantes non cr\u00e9atrices de droit.\nEn l'absence  concomitante de Monsieur Jean-Luc MILANI      et de Madame  \nClaire BROUSSE :\n\uf0d8 les habilitations d'entreprises fun\u00e9raires ;\n\uf0d8 les  arr\u00eat\u00e9s  portant  classement  des  offices  de  tourisme  et  communes\ntouristiques ;\n\uf0d8 les d\u00e9cisions de sanctions disciplinaires \u00e0 l'encontre des conducteurs de taxi,\nde v\u00e9hicules motoris\u00e9s \u00e0 deux ou trois roues et de voiture de transport avec\nchauffeur ;\n3 -  D\u00e9l\u00e9gation est donn\u00e9e \u00e0 Monsieur Eric FINOT, secr\u00e9taire administratif de\nclasse sup\u00e9rieure, pour :\n\uf0d8 les  correspondances  courantes  n'emportant  pas  de  d\u00e9cision,  lettre-types,\ncourriers de transmission, bordereaux d'envoi dans les domaines des \u00e9lections,\net de l'ex\u00e9cution du budget des \u00e9lections ;\n\uf0d8 la  d\u00e9livrance  des  r\u00e9c\u00e9piss\u00e9s  provisoires  et  d\u00e9finitifs  des  d\u00e9clarations  de\ncandidature aux \u00e9lections politiques et professionnelles.\n\uf0d8 la d\u00e9livrance des r\u00e9c\u00e9piss\u00e9s de d\u00e9claration de mandataires financiers.\n   4 - D\u00e9l\u00e9gation est donne \u00e0 Madame Agn\u00e8s FONTENILLE, adjoint administratif\nprincipal  de  premi\u00e8re  classe,  et  \u00e0  Mme  Delphine  CHERDON,  adjointe\nadministrative principale de deuxi\u00e8me classe pour :\n6/7\nPr\u00e9fecture de la C\u00f4te-d'Or - 21-2024-10-28-00009 - Arr\u00eat\u00e9 pr\u00e9fectoral n\u00b0 1652 /SG du 28 octobre 2024    \ndonnant d\u00e9l\u00e9gation de signature \u00e0 Monsieur Jean-Luc MILANI, conseiller d'administration de l'int\u00e9rieur et de l'outre-mer, Directeur des\ncollectivit\u00e9s locales et des \u00e9lections (DCLE)\n112\n\uf0d8 les  correspondances  courantes  n'emportant  pas  de  d\u00e9cision,  lettre-types,\ncourriers de transmission, bordereaux d'envoi dans les domaines du fun\u00e9raire,\ndes \u00e9lections, des taxis, v\u00e9hicules motoris\u00e9s \u00e0 deux ou trois roues, v\u00e9hicules\nde transport avec chauffeur ; \n\uf0d8 la  d\u00e9livrance  des  r\u00e9c\u00e9piss\u00e9s  provisoires  et  d\u00e9finitifs  des  d\u00e9clarations  de\ncandidature aux \u00e9lections politiques et professionnelles ;\n\uf0d8 la d\u00e9livrance des r\u00e9c\u00e9piss\u00e9s de d\u00e9claration de mandataires financiers ;\n\uf0d8 la d\u00e9livrance des cartes professionnelles de conducteur de taxi, de v\u00e9hicules\nmotoris\u00e9s \u00e0 deux ou trois roues et des v\u00e9hicules de transport avec chauffeur.\n5 - D\u00e9l\u00e9gation est donn\u00e9e \u00e0 Madame Emmanuelle SUJOBERT, adjoint administratif\nprincipal de 1\u00e8re classe, et \u00e0 Madame Christelle JUREDIEU, adjoint administratif\nprincipal de 2\u00e8me classe, pour \n\u2013 les  bordereaux  d'envoi  et  les  correspondances  courantes  concernant  la\nr\u00e9glementation des certificats d'immatriculation\n\u2013 les  r\u00e9c\u00e9piss\u00e9s  concernant  les  d\u00e9p\u00f4ts  par  les  huissiers  des  proc\u00e8s-verbaux\nd'indisponibilit\u00e9 du certificat d'immatriculation ;\n\u2013 les attestations relatives aux immatriculations ;\n\u2013 les demandes d'avis et d'enqu\u00eates ;\n\u2013 les  correspondances  li\u00e9es  aux  droits  de  communications  des  informations\nconcernant les certificats d'immatriculations ;\n\u2013 les  d\u00e9clarations  d'affectation  et  de  cessation  d'affectation  de  v\u00e9hicules  au\ntransport de public de personnes.\n\u2013 la  d\u00e9livrance  des  r\u00e9c\u00e9piss\u00e9s  provisoires  et  d\u00e9finitifs  des  d\u00e9clarations  de\ncandidature aux \u00e9lections politiques et professionnelles ;\nArticle 7     : La secr\u00e9taire g\u00e9n\u00e9rale par int\u00e9rim de la pr\u00e9fecture de la C\u00f4te d'Or, le directeur\ndes collectivit\u00e9s locales et des \u00e9lections ainsi que les agents b\u00e9n\u00e9ficiaires de la d\u00e9l\u00e9gation\nde signature, sont charg\u00e9s, chacun pour ce qui le concerne, de l'ex\u00e9cution du pr\u00e9sent\narr\u00eat\u00e9 qui sera publi\u00e9 au recueil des actes administratifs de la pr\u00e9fecture de la C\u00f4te-d'Or.  \nFait \u00e0 Dijon, le 28 octobre 2024\nLe pr\u00e9fet\nSign\u00e9 :\nPaul MOURIER\n7/7\nPr\u00e9fecture de la C\u00f4te-d'Or - 21-2024-10-28-00009 - Arr\u00eat\u00e9 pr\u00e9fectoral n\u00b0 1652 /SG du 28 octobre 2024    \ndonnant d\u00e9l\u00e9gation de signature \u00e0 Monsieur Jean-Luc MILANI, conseiller d'administration de l'int\u00e9rieur et de l'outre-mer, Directeur des\ncollectivit\u00e9s locales et des \u00e9lections (DCLE)\n113\nPr\u00e9fecture de la C\u00f4te-d'Or\nP\u00f4le juridique inter-services\n21-2024-10-28-00016\nArr\u00eat\u00e9 pr\u00e9fectoral N\u00b0 1655 / SG du 28 octobre\n2024 donnant  d\u00e9l\u00e9gation de signature en\nmati\u00e8re de gestion des budgets op\u00e9rationnels\n104-111-112-113-119-122-124-129-135-137-147-148-1\n61-163-172-181-206-207-209-215-216-217-218-219-\n232-303-348-349-354-357-362-363-364-380-723-7\n54-780-833  des fonds europ\u00e9ens et des recettes\nnon fiscales\nPr\u00e9fecture de la C\u00f4te-d'Or - 21-2024-10-28-00016 - Arr\u00eat\u00e9 pr\u00e9fectoral N\u00b0 1655 / SG du 28 octobre 2024 donnant  d\u00e9l\u00e9gation de\nsignature en mati\u00e8re de gestion des budgets op\u00e9rationnels\n104-111-112-113-119-122-124-129-135-137-147-148-161-163-172-181-206-207-209-215-216-217-218-219-232-303-348-349-354-357-362-363-3\n64-380-723-754-780-833  des fonds europ\u00e9ens et des recettes non fiscales\n114\nEA T \" srrr e\n8\u00cb\nArr\u00eat\u00e9 pr\u00e9fectoral N\u00b0 1655 / SG du 28 octobre 2024 donnant d\u00e9l\u00e9gation de signature enmati\u00e8re de gestion des budgets op\u00e9rationnels 104-111-112-113-119-122-124-129-135-137-147-148-161-163-172-181-206-207-209-215-216-217-218-219-232-303-348-349-354-357-362-363-364-380-723-754-780-833 des fonds europ\u00e9ens et des recettes nonfiscales Le pr\u00e9fet de la C\u00f4te-d'OrVu la loi n\u00b0 85.1098 du 11 octobre 1985 relative \u00e0 la prise en charge par I'Etat, lesd\u00e9partements et les r\u00e9gions des d\u00e9penses de personnel, de fonctionnement et d'\u00e9quipementdes services plac\u00e9s sous leur autorit\u00e9 ;Vu le d\u00e9cret n\u00b0 2004-374 du 29 avril 2004 relatif aux pouvoirs des pr\u00e9fets, \u00e0 l'organisation et \u00e0l'action des services de I'Etat dans les r\u00e9gions et d\u00e9partements, modifi\u00e9 par le d\u00e9cret n\u00b0 2010-146 du 16 f\u00e9vrier 2010 et par le d\u00e9cret n\u00b0 2010-687 du 24 juin 2010 ;Vu le d\u00e9cret n\u00b0 2009-176 du 16 f\u00e9vrier 2009 modifiant le d\u00e9cret n\u00b0 64-805 du 29 juillet 1964fixant les dispositions r\u00e9glementaires applicables aux pr\u00e9fets et le d\u00e9cret n\u00b0 2004-374 du 29avril 2004 relatif aux pouvoirs des pr\u00e9fets, \u00e0 l'organisation et \u00e0 l'action des services de l'\u00c9tatdans les r\u00e9gions et d\u00e9partements ;Vu le d\u00e9cret du 10 octobre 2024 nommant Monsieur Paul MOURIER, pr\u00e9fet de la r\u00e9gionBourgogne-Franche-Comt\u00e9, pr\u00e9fet de la C\u00f4te-d'Or;Vu le d\u00e9cret du 29 d\u00e9cembre 2022 nommant Madame Amelle GHAYOU, administratriceterritoriale, sous-pr\u00e9f\u00e8te charg\u00e9e de mission aupr\u00e8s du pr\u00e9fet de r\u00e9gion Bourgogne-Franche-Comt\u00e9, pr\u00e9fet de la C\u00f4te d'Or ;Vu Le d\u00e9cret du 16 ao\u00fbt 2022 portant nomination de Monsieur Olivier GERSTL\u00c9 en qualit\u00e9 desous-pr\u00e9fet, directeur de cabinet du pr\u00e9fet de la r\u00e9gion Bourgogne-Franche-Comt\u00e9, pr\u00e9fet de laC\u00f4te-d'Or;Vu le d\u00e9cret du 6 juillet 2023 portant nomination de Monsieur Benoit BYRSKI, sous-pr\u00e9fet deBeaune;Vu le d\u00e9cret du 17 novembre 2023 portant nomination de M. S\u00e9bastien LANOYE, sous-pr\u00e9fetde Montbard ;Vu l'arr\u00e9t\u00e9 du Premier Ministre et du Ministre de l'Int\u00e9rieur en date du 12/01/22 nommant MmeAnne COSTE DE CHAMPERON, administratrice de I'Etat hors classe, en qualit\u00e9 de secr\u00e9taireg\u00e9n\u00e9rale pour les affaires r\u00e9gionales de la R\u00e9gion Bourgogne-Franche Comt\u00e9, \u00e0 compter du1/02/22, pour une dur\u00e9e de 4 ans, avec une p\u00e9riode probatoire de 6 mois ;Vu l'arr\u00eat\u00e9 du Premier Ministre et du Ministre de l'Int\u00e9rieur en date du 2 juin 2021 nommantMme Milada PANTIC, en qualit\u00e9 d'adjointe au secr\u00e9taire g\u00e9n\u00e9ral pour les affaires r\u00e9gionales dela R\u00e9gion Bourgogne \u2014 Franche-Comt\u00e9, en charge du p\u00f4le \u00ab moyens, modernisation,mutualisations \u00bb, pour une dur\u00e9e de 4 ans \u00e0 compter du 1 juillet 2021 ;\nPr\u00e9fecture de la C\u00f4te-d'Or - 21-2024-10-28-00016 - Arr\u00eat\u00e9 pr\u00e9fectoral N\u00b0 1655 / SG du 28 octobre 2024 donnant  d\u00e9l\u00e9gation de\nsignature en mati\u00e8re de gestion des budgets op\u00e9rationnels\n104-111-112-113-119-122-124-129-135-137-147-148-161-163-172-181-206-207-209-215-216-217-218-219-232-303-348-349-354-357-362-363-3\n64-380-723-754-780-833  des fonds europ\u00e9ens et des recettes non fiscales\n115\nVu l'arr\u00eat\u00e9 du Premier Ministre et du Ministre de l'Int\u00e9rieur en date du 22 d\u00e9cembre 2022nommant Mme Florence BERNARD, en qualit\u00e9 d'adjointe au secr\u00e9taire g\u00e9n\u00e9ral pour les affairesr\u00e9gionales de la R\u00e9gion Bourgogne \u2014 Franche-Comt\u00e9, en charge du p\u00f4le \u00ab politiques publiquesinterminist\u00e9rielles \u00bb,Vu l'arr\u00eat\u00e9 1184/SG du 3 d\u00e9cembre 2020 portant organisation du Secr\u00e9tariat G\u00e9n\u00e9ral CommunD\u00e9partemental ;Vu l'arr\u00e9t\u00e9 pr\u00e9fectoral 1251/SG du 18 d\u00e9cembre 2020 portant organisation des services de lapr\u00e9fecture de la r\u00e9gion Bourgogne-Franche-Comt\u00e9, pr\u00e9fecture du d\u00e9partement de la C\u00f4te d'Or ;Vu l'accord local relatif \u00e0 l'application du protocole d'exp\u00e9rimentation de la carte voyagiste dansle cadre du d\u00e9ploiement de CHORUS DT (D\u00e9placements Temporaires) sign\u00e9 conjointement le17 avril 2018 par Mme Christiane BARRET, Pr\u00e9f\u00e8te de la r\u00e9gion Bourgogne-Franche-Comt\u00e9 etde la C\u00f4te d'Or et Mme Martine VIALLET, Directrice r\u00e9gionale des finances publiques de lar\u00e9gion Bourgogne-Franche-Comt\u00e9 et du d\u00e9partement de la C\u00f4te d'Or,Vu l'arr\u00eat\u00e9 pr\u00e9fectoral N\u00b0 1241/SG du 30 juillet 2024 donnant d\u00e9l\u00e9gation de signature enmati\u00e8re de gestion des budgets op\u00e9rationnels 104-111-112-119-122-129-137-147-148 -161-172-181-206-207-209-215-216-217-218-232-303-348-349-354-357-380-723-754-780-833, desfonds europ\u00e9ens et des recettes non fiscales ;Sur proposition de Madame la secr\u00e9taire g\u00e9n\u00e9rale par int\u00e9rim de la pr\u00e9fecture de la C\u00f4te-d'Or ;ARR\u00caTEArticle 1er: L'arr\u00eat\u00e9 pr\u00e9fectoral n\u00b0 1481/SG du 17 septembre 2024 donnant d\u00e9l\u00e9gation designature en mati\u00e8re de gestion des budgets op\u00e9rationnels 104-111-112-113-119-122-124-129-137-147-148-161-163-172-181-206-207-209-215-216-217-218-232-303-348-349-354-357-362-363-364-380-723-754-780-833,des fonds europ\u00e9ens et des recettes non fiscales et toutesdispositions ant\u00e9rieures et contraires au pr\u00e9sent arr\u00e9t\u00e9 sont abrog\u00e9s.Article 2 : D\u00e9l\u00e9gation de signature et de gestion est donn\u00e9e aux membres du corps pr\u00e9fectoralet aux agents mentionn\u00e9s dans le tableau en annexe 1 du pr\u00e9sent arr\u00e9t\u00e9 dans les conditions etlimites pr\u00e9vues, pour I'ex\u00e9cution des d\u00e9penses au titre des BOP 104-111-112-113-119-122-124-129-135-137-147-148-161-163-172-181-206-207-209-215-216-217-218-219-232-303-348-349-354-357-362-363-364-380-723-754-780-833, des fonds europ\u00e9ens et des recettes nonfiscales.Article 3 : La secr\u00e9taire g\u00e9n\u00e9rale par int\u00e9rim de la pr\u00e9fecture de la C\u00e9te-d'Or, la directricer\u00e9gionale des finances publiques, les membres du corps pr\u00e9fectoral ainsi que les agentsmentionn\u00e9s dans l'annexe vis\u00e9e \u00e0 l'article 2, sont charg\u00e9s, chacun en ce qui le concerne, deI'ex\u00e9cution du pr\u00e9sent arr\u00eat\u00e9 qui sera publi\u00e9 au recueil des actes administratifs de la pr\u00e9fecturede la C\u00f4te-d'Or. Fait \u00e0 Dijon, le 28 octobre 2024Le pr\u00e9fet,Sign\u00e9 :Paul MOURIER\n5j/7cIL\nPr\u00e9fecture de la C\u00f4te-d'Or - 21-2024-10-28-00016 - Arr\u00eat\u00e9 pr\u00e9fectoral N\u00b0 1655 / SG du 28 octobre 2024 donnant  d\u00e9l\u00e9gation de\nsignature en mati\u00e8re de gestion des budgets op\u00e9rationnels\n104-111-112-113-119-122-124-129-135-137-147-148-161-163-172-181-206-207-209-215-216-217-218-219-232-303-348-349-354-357-362-363-3\n64-380-723-754-780-833  des fonds europ\u00e9ens et des recettes non fiscales\n116\nEJ\n||||\nrecettesnonfiscales\netEJ1/31\nPr\u00e9fecture de la C\u00f4te-d'Or - 21-2024-10-28-00016 - Arr\u00eat\u00e9 pr\u00e9fectoral N\u00b0 1655 / SG du 28 octobre 2024 donnant  d\u00e9l\u00e9gation de\nsignature en mati\u00e8re de gestion des budgets op\u00e9rationnels\n104-111-112-113-119-122-124-129-135-137-147-148-161-163-172-181-206-207-209-215-216-217-218-219-232-303-348-349-354-357-362-363-3\n64-380-723-754-780-833  des fonds europ\u00e9ens et des recettes non fiscales\n117\nIlREFERENTDEPARTEMENTALOrdreapayerdansChorusformulaire.\nFIORE\nSERVICESPRESCRIPTEURS|-PR\u00c9FECTUREDELACOTED'ORSecr\u00e9tariatg\u00e9n\u00e9ralcommunBudget-AchatDEHARO\n2/31\nPr\u00e9fecture de la C\u00f4te-d'Or - 21-2024-10-28-00016 - Arr\u00eat\u00e9 pr\u00e9fectoral N\u00b0 1655 / SG du 28 octobre 2024 donnant  d\u00e9l\u00e9gation de\nsignature en mati\u00e8re de gestion des budgets op\u00e9rationnels\n104-111-112-113-119-122-124-129-135-137-147-148-161-163-172-181-206-207-209-215-216-217-218-219-232-303-348-349-354-357-362-363-3\n64-380-723-754-780-833  des fonds europ\u00e9ens et des recettes non fiscales\n118\nIl\u2014SECR\u00c9TARIATGENERAL'DanslecadredeCHORUSDT:Fraisded\u00e9placementpourlesassistantesvalideurhi\u00e9rarchiqueVH1socialesdelar\u00e9gionBourgogne-Franche-Comt\u00e9:ordredemissionet\u00e9tatdefraisentantque\n||||\n\\d\u00e9partemental\nformation)D\u00e9cisionsded\u00e9pensesetderecettesconcernantlestransportsetl'h\u00e9bergement(ycomprispourla'M.JeanPRUDHOMME,chefduService'BudgetAchat\n[||||\nBudget-AchatMmeDEHAROMaudcertificationdeservicefaitquelquesoitle\u00cbo\u00e2m\u00e2\nR\u00e9serv\u00e9es\u00e0lasignaturede\nPr\u00e9fecture de la C\u00f4te-d'Or - 21-2024-10-28-00016 - Arr\u00eat\u00e9 pr\u00e9fectoral N\u00b0 1655 / SG du 28 octobre 2024 donnant  d\u00e9l\u00e9gation de\nsignature en mati\u00e8re de gestion des budgets op\u00e9rationnels\n104-111-112-113-119-122-124-129-135-137-147-148-161-163-172-181-206-207-209-215-216-217-218-219-232-303-348-349-354-357-362-363-3\n64-380-723-754-780-833  des fonds europ\u00e9ens et des recettes non fiscales\n119\nDUSART\nIV\u2014R\u00c9SIDENCEDUSECR\u00c9TAIREG\u00c9N\u00c9RALD\u00e9cisionsded\u00e9pensesetrecettes\u2014certificationIVBIS\u2014R\u00c9SIDENCEDELASOUS-PREFETE,CHARGEDEMISSIONAUPRESDUPREFETduservicefait\nMmeAMELLEGHAYOU,secr\u00e9taireg\u00e9n\u00e9raleadjointeV\u2014R\u00c9SIDENCEDUDIRECTEURDECABINETD\u00e9cisionsded\u00e9pensesetrecettes-certificationduservicefait\nM.OlivierGERSTL\u00c9,directeurdecabinet\nPr\u00e9fecture de la C\u00f4te-d'Or - 21-2024-10-28-00016 - Arr\u00eat\u00e9 pr\u00e9fectoral N\u00b0 1655 / SG du 28 octobre 2024 donnant  d\u00e9l\u00e9gation de\nsignature en mati\u00e8re de gestion des budgets op\u00e9rationnels\n104-111-112-113-119-122-124-129-135-137-147-148-161-163-172-181-206-207-209-215-216-217-218-219-232-303-348-349-354-357-362-363-3\n64-380-723-754-780-833  des fonds europ\u00e9ens et des recettes non fiscales\n120\nComt\u00e9\nSaisie dans Chorus Formulaire des DA et\n'BEAUNE\\duservicefaitVIlRESIDENCESOUS-PREFECTUREBeaune\n||||\nPr\u00e9fecture de la C\u00f4te-d'Or - 21-2024-10-28-00016 - Arr\u00eat\u00e9 pr\u00e9fectoral N\u00b0 1655 / SG du 28 octobre 2024 donnant  d\u00e9l\u00e9gation de\nsignature en mati\u00e8re de gestion des budgets op\u00e9rationnels\n104-111-112-113-119-122-124-129-135-137-147-148-161-163-172-181-206-207-209-215-216-217-218-219-232-303-348-349-354-357-362-363-3\n64-380-723-754-780-833  des fonds europ\u00e9ens et des recettes non fiscales\n121\nIX\u2014SERVICESADMINISTRATIFSDELASOUS-PREFECTUREDEBEAUNED\u00e9cisionsded\u00e9pensesetrecettesrelativesauxfraisderepr\u00e9sentationdusecr\u00e9taireg\u00e9n\u00e9raletcertificationduservicefait|delasous-pr\u00e9fecturedeBeauneFraisded\u00e9placement(ycomprisformation),ordresdemissionet\u00e9tatsdefraisentantqueM.Beno\u00eetBYRSKI,sous-pr\u00e9fetdeBeauneBeauneM.LaurentBOILL\u00c9E,secr\u00e9taireg\u00e9n\u00e9raldelasous-pr\u00e9fecturedeBeauneadjointe\nD\u00e9cisionsded\u00e9pensesetrecettes-certificationM.Beno\u00eetBYRSKI,sous-pr\u00e9fetdeBeaune\nSaisiedansChorusFormulairedesDAetFlorineCAILLOTLaurenceGRANGER,MaudDEHAROX\u2014SERVICESADMINISTRATIFSDELASOUS-D\u00e9cisionsded\u00e9pensesetrecettesrelativesauxcertificationduservicefaitg\u00e9n\u00e9raledelasous-pr\u00e9fecturedeMontbard\nMmeMoniqueFIORE,MmeMartine\n6/31\nPr\u00e9fecture de la C\u00f4te-d'Or - 21-2024-10-28-00016 - Arr\u00eat\u00e9 pr\u00e9fectoral N\u00b0 1655 / SG du 28 octobre 2024 donnant  d\u00e9l\u00e9gation de\nsignature en mati\u00e8re de gestion des budgets op\u00e9rationnels\n104-111-112-113-119-122-124-129-135-137-147-148-161-163-172-181-206-207-209-215-216-217-218-219-232-303-348-349-354-357-362-363-3\n64-380-723-754-780-833  des fonds europ\u00e9ens et des recettes non fiscales\n122\n_||| territorial| Montbard'Xl-SERVICESDUCABINET| | Saisie dans Chorus Formulaire des DA et\nPr\u00e9fecture de la C\u00f4te-d'Or - 21-2024-10-28-00016 - Arr\u00eat\u00e9 pr\u00e9fectoral N\u00b0 1655 / SG du 28 octobre 2024 donnant  d\u00e9l\u00e9gation de\nsignature en mati\u00e8re de gestion des budgets op\u00e9rationnels\n104-111-112-113-119-122-124-129-135-137-147-148-161-163-172-181-206-207-209-215-216-217-218-219-232-303-348-349-354-357-362-363-3\n64-380-723-754-780-833  des fonds europ\u00e9ens et des recettes non fiscales\n123\nDanslecadredechorus-DT:Fraisded\u00e9placement(ycomprisformation)pourlesagentsducabinetetdeladirectiondess\u00e9curit\u00e9s:ordresdemissionet\u00e9tatsdefraisentantquevalideurhi\u00e9rarchiqueVH1M.OlivierGERSTL\u00c9,directeurdecabinetMmeAmelleGHAYOU,secr\u00e9taireg\u00e9n\u00e9raleadjointeMmeNathalieAUBERTIN,Directricedess\u00e9curit\u00e9sMmeC\u00e9cileHERMIER,chefduservicer\u00e9gionaletd\u00e9partementaldelacommunicationinterminist\u00e9rielleMesdamesCaroleRATELet\u00c9velyne\nFABRI\n\u00c9lections\u2014fraisdebouche:d\u00e9cisionsded\u00e9pensesetrecettes-certificationduservicefaitM.OlivierGERSTL\u00c9,directeurdecabinetM.Louis-JosephVANDERSTUYF,Chefdubureaudelarepr\u00e9sentationdeI'EtatFraisdebouche(exercicesded\u00e9fense):d\u00e9cisionsded\u00e9pensesetcertificationduservice\nfait\nM.OlivierGERSTLE,directeurdecabinetMmeNathalieAUBERTIN,Directricedess\u00e9curit\u00e9sM.ThierryBRULE,chefdelas\u00e9curit\u00e9civile|M.Timoth\u00e9eDANIEL,chefdubureaud\u00e9fenseets\u00e9curit\u00e9SaisiedansChorusFormulairedesDAetcertificationdesSF:MesdamesH\u00e9l\u00e8neTURLIER,LaurenceGRANGER,MoniqueFIORE,MartineTHUNOT,MaudDE-HAROMessieursR\u00e9miBARRIERetLouisDUSART\n8/31\nPr\u00e9fecture de la C\u00f4te-d'Or - 21-2024-10-28-00016 - Arr\u00eat\u00e9 pr\u00e9fectoral N\u00b0 1655 / SG du 28 octobre 2024 donnant  d\u00e9l\u00e9gation de\nsignature en mati\u00e8re de gestion des budgets op\u00e9rationnels\n104-111-112-113-119-122-124-129-135-137-147-148-161-163-172-181-206-207-209-215-216-217-218-219-232-303-348-349-354-357-362-363-3\n64-380-723-754-780-833  des fonds europ\u00e9ens et des recettes non fiscales\n124\n|||\ns\u00e9curit\u00e9s\n...|\n|\u00e6\n||||\nPr\u00e9fecture de la C\u00f4te-d'Or - 21-2024-10-28-00016 - Arr\u00eat\u00e9 pr\u00e9fectoral N\u00b0 1655 / SG du 28 octobre 2024 donnant  d\u00e9l\u00e9gation de\nsignature en mati\u00e8re de gestion des budgets op\u00e9rationnels\n104-111-112-113-119-122-124-129-135-137-147-148-161-163-172-181-206-207-209-215-216-217-218-219-232-303-348-349-354-357-362-363-3\n64-380-723-754-780-833  des fonds europ\u00e9ens et des recettes non fiscales\n125\nMesdamesH\u00e9l\u00e8neTURLIER,LaurenceGRANGER,MoniqueFIORE,MartineTHUNOT,MaudDE-HAROMessieursR\u00e9miBARRIERetLouisDUSARTCommunicationinterminist\u00e9rielle:certificationduservicefaitquelquesoitlemontantM.OlivierGERSTL\u00c9,directeurdecabinetMmeC\u00e9cileHERMIER,cheffeduservicer\u00e9gionaletd\u00e9partementaldelacommunicationinterminist\u00e9rielleM.J\u00e9r\u00f4meCOLIN,adjointauchefducommunicationinterminist\u00e9rielleSaisiedansChorusFormulairedesDAetcertificationdesSF:M.J\u00e9r\u00f4meCOLIN,MesdamesH\u00e9l\u00e8neTURLIER,LaurenceTHUNOT,MaudDE-HAROMessieursR\u00e9miBARRIERetLouisDUSARTC\u00e9r\u00e9moniespubliques(achatdem\u00e9dailles):d\u00e9cisionsded\u00e9pensesetderecettesetcertificationduservicefaitMmeC\u00e9cileHERMIER,cheffeduservicer\u00e9gionaletd\u00e9partementaldelaM.OlivierGERSTL\u00c9,directeurdecabinetcommunicationinterminist\u00e9rielleSaisiedansChorusFormulairedesDAetcertificationdesSF:M.J\u00e9r\u00f4meCOLIN,GRANGER,MoniqueFIORE,MartineTHUNOT,MaudDE-HAROMessieurs\n|\nM.OlivierGERSTL\u00c9,directeurdecabinet\n10/31\nPr\u00e9fecture de la C\u00f4te-d'Or - 21-2024-10-28-00016 - Arr\u00eat\u00e9 pr\u00e9fectoral N\u00b0 1655 / SG du 28 octobre 2024 donnant  d\u00e9l\u00e9gation de\nsignature en mati\u00e8re de gestion des budgets op\u00e9rationnels\n104-111-112-113-119-122-124-129-135-137-147-148-161-163-172-181-206-207-209-215-216-217-218-219-232-303-348-349-354-357-362-363-3\n64-380-723-754-780-833  des fonds europ\u00e9ens et des recettes non fiscales\n126\n|vid\u00e9o-surveillance\n|contredroguesetconduitesaddictives:d\u00e9cisions\nGCQVT,\n11/31\nPr\u00e9fecture de la C\u00f4te-d'Or - 21-2024-10-28-00016 - Arr\u00eat\u00e9 pr\u00e9fectoral N\u00b0 1655 / SG du 28 octobre 2024 donnant  d\u00e9l\u00e9gation de\nsignature en mati\u00e8re de gestion des budgets op\u00e9rationnels\n104-111-112-113-119-122-124-129-135-137-147-148-161-163-172-181-206-207-209-215-216-217-218-219-232-303-348-349-354-357-362-363-3\n64-380-723-754-780-833  des fonds europ\u00e9ens et des recettes non fiscales\n127\nM.JeanPRUDHOMME,chefduserviceBudget-AchatM.R\u00e9miBARRIERchefdep\u00f4leServiceBudget-AchatMmeMartineTHUNOT,AdjointeauchefduServiceBudget-Achat,MmeLaurenceGRANGERetMmeMaudDEHAROM.EddyGAFFIOT,Responsableducentredeservicespartag\u00e9sr\u00e9gionalCHORUS,MmeC\u00e9lineJOUVENCEAUXadjointauresponsableducentredeservicespartag\u00e9sr\u00e9gionalCHORUS,M.DidierPERALDI,chefduserviceLogistique/Immobilier/ServicesInternes,M.Jean-ChristopheBRIOT,chefduM.Jean-LucJOBARD,chefdep\u00f4leduSDISIC\nTitresdeperceptiondesBOPvis\u00e9sentitredelapr\u00e9senteannexe,destaxesfiscalesaffect\u00e9es,despensionsalimentairesetdesconsignationsenvironnement,desd\u00e9gr\u00e8vementsderedevancesarch\u00e9ologiques-\u00e9tatr\u00e9capitulatifdescr\u00e9ancespourmiseenrecouvrement-lesadmissionsennon-valeurMmeNathalieBERGET,DirectriceduSecr\u00e9tariatg\u00e9n\u00e9ralcommund\u00e9partementalM.EddyGAFFIOT,Responsableducentredeservicespartag\u00e9sr\u00e9gionalCHORUSMmeC\u00e9lineJOUVENCEAUXadjointauresponsableducentredeservicespartag\u00e9sr\u00e9gionalCHORUSServicedesressourceshumainesMmeNathalieBERGET,DirectriceduMmeVal\u00e9rieMALATY,cheffedes\n12/31\nPr\u00e9fecture de la C\u00f4te-d'Or - 21-2024-10-28-00016 - Arr\u00eat\u00e9 pr\u00e9fectoral N\u00b0 1655 / SG du 28 octobre 2024 donnant  d\u00e9l\u00e9gation de\nsignature en mati\u00e8re de gestion des budgets op\u00e9rationnels\n104-111-112-113-119-122-124-129-135-137-147-148-161-163-172-181-206-207-209-215-216-217-218-219-232-303-348-349-354-357-362-363-3\n64-380-723-754-780-833  des fonds europ\u00e9ens et des recettes non fiscales\n128\n%\nfseoosos\n|\n\\D\u00e9cisionsded\u00e9pensesetderecettespourl'organisationdesconcours(locationsalles,\\honorairesm\u00e9dicaux<500\u20ac\nRH\n||||fi\n||||||||L||\n|[\n|A5||\nPr\u00e9fecture de la C\u00f4te-d'Or - 21-2024-10-28-00016 - Arr\u00eat\u00e9 pr\u00e9fectoral N\u00b0 1655 / SG du 28 octobre 2024 donnant  d\u00e9l\u00e9gation de\nsignature en mati\u00e8re de gestion des budgets op\u00e9rationnels\n104-111-112-113-119-122-124-129-135-137-147-148-161-163-172-181-206-207-209-215-216-217-218-219-232-303-348-349-354-357-362-363-3\n64-380-723-754-780-833  des fonds europ\u00e9ens et des recettes non fiscales\n129\nMmeMartineTHUNOT,AdjointeduchefduServiceBudget-Achat.M.R\u00e9miBARRIER,chefdep\u00f4leServiceauseinduServiceBudget-AchatSaisiedansChorusFormulairedesDAetcertificationdesSF:CoralieHAUTIER,MauraneHOUSNI,H\u00e9l\u00e8neTURLIER,LaurenceGRANGERetMoniqueFIORE,LouisDUSART,MaudDE-HAROServicegestiondescomp\u00e9tencesD\u00e9cisionsded\u00e9pensesetderecettesrelatives\u00e0laformation\nMmeAmelleGHAYOU,secr\u00e9taireg\u00e9n\u00e9raleadjointe\u2014M.OlivierGERSTLE,directeurdecabinetSaisiedansChorusFormulairedesDAetcertificationdesSF:MesdamesEmmanuelleBONNARDOT,EricLATHUILLE,FabienneMERGEY,SylvieDESNOUVAUX,SophieLEFEBVRED\u00e9cisionsded\u00e9pensesetderecettesrelatives\u00e0laformation<\u00e05000\u20acMmeNathalieBERGET,DirectriceduSecr\u00e9tariatg\u00e9n\u00e9ralcommund\u00e9partemental\nMmeNathalieBERGET,DirectriceduSecr\u00e9tariatg\u00e9n\u00e9ralcommund\u00e9partemental\n14/31\nPr\u00e9fecture de la C\u00f4te-d'Or - 21-2024-10-28-00016 - Arr\u00eat\u00e9 pr\u00e9fectoral N\u00b0 1655 / SG du 28 octobre 2024 donnant  d\u00e9l\u00e9gation de\nsignature en mati\u00e8re de gestion des budgets op\u00e9rationnels\n104-111-112-113-119-122-124-129-135-137-147-148-161-163-172-181-206-207-209-215-216-217-218-219-232-303-348-349-354-357-362-363-3\n64-380-723-754-780-833  des fonds europ\u00e9ens et des recettes non fiscales\n130\n\\D\u00e9cisionsded\u00e9pensesetderecettesrelatives\u00e0\\laformation<\u00e01000\u20ac\n|||\n||fl|\n'adjointeauchefduserviceGCQVT,15/31\nPr\u00e9fecture de la C\u00f4te-d'Or - 21-2024-10-28-00016 - Arr\u00eat\u00e9 pr\u00e9fectoral N\u00b0 1655 / SG du 28 octobre 2024 donnant  d\u00e9l\u00e9gation de\nsignature en mati\u00e8re de gestion des budgets op\u00e9rationnels\n104-111-112-113-119-122-124-129-135-137-147-148-161-163-172-181-206-207-209-215-216-217-218-219-232-303-348-349-354-357-362-363-3\n64-380-723-754-780-833  des fonds europ\u00e9ens et des recettes non fiscales\n131\nDanslecadredeCHORUSDT:D\u00e9cisionsded\u00e9pensesetderecettesrelativesauxtransportset\u00e0l'h\u00e9bergementetauxfraisdebouchedesformateursentantquevalideurhi\u00e9rarchiqueVH1MmeDESNOUVAUXSylvie,adjointeauchefduserviceGCQVT,cheffeduservicer\u00e9gionaletd\u00e9partementaldeformationMmeNathalieBERGET,DirectriceduSecr\u00e9tariatg\u00e9n\u00e9ralcommunMesdamesEmmanuelleBONNARDOT,Formation:certificationdeservicefaitquelquesoitlemontant\nM.EricLATHUILLE,chefduserviceGCQVT\nMmeNathalieBERGET,DirectriceduSecr\u00e9tariatg\u00e9n\u00e9ralcommund\u00e9partementalMmeEmmanuelleBONNARDOT,MmeSophieLEFEBVRE\nServiced\u00e9partementald'actionsocialeD\u00e9cisionsded\u00e9pensesrelatives\u00e0I'actionsocialeet\u00e0lam\u00e9decinedepr\u00e9vention<1000\u20acM.EricLATHUILLE,chefduserviceMmeDESNOUVAUXSylvie,adjointeauchefduserviceGCQVT,cheffeduservicer\u00e9gionaletd\u00e9partementaldeformationMmeIsabelleGUERIN,cheffeduSDAS,M.JeanPRUDHOMME,chefduserviceB-Budget-Achat\n16/31\nPr\u00e9fecture de la C\u00f4te-d'Or - 21-2024-10-28-00016 - Arr\u00eat\u00e9 pr\u00e9fectoral N\u00b0 1655 / SG du 28 octobre 2024 donnant  d\u00e9l\u00e9gation de\nsignature en mati\u00e8re de gestion des budgets op\u00e9rationnels\n104-111-112-113-119-122-124-129-135-137-147-148-161-163-172-181-206-207-209-215-216-217-218-219-232-303-348-349-354-357-362-363-3\n64-380-723-754-780-833  des fonds europ\u00e9ens et des recettes non fiscales\n132\nDE-HAROd\u00e9partemental\n17/31\nPr\u00e9fecture de la C\u00f4te-d'Or - 21-2024-10-28-00016 - Arr\u00eat\u00e9 pr\u00e9fectoral N\u00b0 1655 / SG du 28 octobre 2024 donnant  d\u00e9l\u00e9gation de\nsignature en mati\u00e8re de gestion des budgets op\u00e9rationnels\n104-111-112-113-119-122-124-129-135-137-147-148-161-163-172-181-206-207-209-215-216-217-218-219-232-303-348-349-354-357-362-363-3\n64-380-723-754-780-833  des fonds europ\u00e9ens et des recettes non fiscales\n133\nBudget-AchatduSDASSaisiedansChorusFormulairedesDAetMesdamesFlorenceVUILLEMIN,C\u00e9lineTURLIER,MartineTHUNOT,LaurenceGRANGER,MoniqueFIOREetMaudDE-SGCServiceBudgetAchatetServiceLogistiqueImmobilierServicesInternesD\u00e9cisionsded\u00e9pensesetderecettesg\u00e9n\u00e9raleadjointeSaisiedansCHORUSFormulairedesDAetcertificationdesSF:MesdamesH\u00e9l\u00e8neTURLIER,LaurenceGRANGER,MoniqueFIORE,MartineTHUNOT,etMaudDE-HARO,MessieursR\u00e9miBARRIERetLouis\n18/31\nPr\u00e9fecture de la C\u00f4te-d'Or - 21-2024-10-28-00016 - Arr\u00eat\u00e9 pr\u00e9fectoral N\u00b0 1655 / SG du 28 octobre 2024 donnant  d\u00e9l\u00e9gation de\nsignature en mati\u00e8re de gestion des budgets op\u00e9rationnels\n104-111-112-113-119-122-124-129-135-137-147-148-161-163-172-181-206-207-209-215-216-217-218-219-232-303-348-349-354-357-362-363-3\n64-380-723-754-780-833  des fonds europ\u00e9ens et des recettes non fiscales\n134\n||\nPr\u00e9fecture de la C\u00f4te-d'Or - 21-2024-10-28-00016 - Arr\u00eat\u00e9 pr\u00e9fectoral N\u00b0 1655 / SG du 28 octobre 2024 donnant  d\u00e9l\u00e9gation de\nsignature en mati\u00e8re de gestion des budgets op\u00e9rationnels\n104-111-112-113-119-122-124-129-135-137-147-148-161-163-172-181-206-207-209-215-216-217-218-219-232-303-348-349-354-357-362-363-3\n64-380-723-754-780-833  des fonds europ\u00e9ens et des recettes non fiscales\n135\nConstatationdeservicefaitquelquesoitlemontant\nM.DidierPERALDI,chefduserviceLogistique,ImmobilieretServicesInternesM.JeanPRUDHOMME,chefduservicebudgetachatM.KarimBRAHIMI,chefdup\u00f4leimmobilierMmeGhislaineTOULON,adjointeauchefdep\u00f4leimmobilierDidierTHEVENET,agentduserviceLogistique,ImmobilieretServicesInternesMmeMartineTHUNOT,AdjointeduchefduServiceBudget-AchatM.R\u00e9miBARRIER,chefdep\u00f4leauseinduServiceBudget-AchatSaisiedansChorusFormulairedesDAetcertificationdesSF:MesdamesH\u00e9l\u00e8neTURLIER,LaurenceGRANGER,MoniqueFIORE,MartineTHUNOTetMaudDE-HARO,MessieursR\u00e9miBARRIERetLouisDUSART\nGarage:d\u00e9cisionsded\u00e9pensesetrecettes<\u00e0\n1500\u20ac\nMmeNathalieBERGET,DirectriceduSecr\u00e9tariatg\u00e9n\u00e9ralcommund\u00e9partementalM.DidierPERALDI,chefduserviceLogistique,ImmobilieretServicesInternesSaisiedansChorusFormulairedesDAetcertificationdesSF:MesdamesH\u00e9l\u00e8neTURLIER,LaurenceGRANGER,MoniqueFIORE,MartineTHUNOTetMaudDE-HARO,MessieursR\u00e9miBARRIERetLouisDUSART\nPr\u00e9fecture de la C\u00f4te-d'Or - 21-2024-10-28-00016 - Arr\u00eat\u00e9 pr\u00e9fectoral N\u00b0 1655 / SG du 28 octobre 2024 donnant  d\u00e9l\u00e9gation de\nsignature en mati\u00e8re de gestion des budgets op\u00e9rationnels\n104-111-112-113-119-122-124-129-135-137-147-148-161-163-172-181-206-207-209-215-216-217-218-219-232-303-348-349-354-357-362-363-3\n64-380-723-754-780-833  des fonds europ\u00e9ens et des recettes non fiscales\n136\n'Garage:certificationduservice,\u00abm...:'n.cm_quesoit\\lemontant\nInternes\ncertification des SF : Mesdames H\u00e9l\u00e8ne\nINTERMINIST\u00c9RIELDESSYST\u00c8MESSIDSIC>5000\u20ac\n|\n|||\n21/31\nPr\u00e9fecture de la C\u00f4te-d'Or - 21-2024-10-28-00016 - Arr\u00eat\u00e9 pr\u00e9fectoral N\u00b0 1655 / SG du 28 octobre 2024 donnant  d\u00e9l\u00e9gation de\nsignature en mati\u00e8re de gestion des budgets op\u00e9rationnels\n104-111-112-113-119-122-124-129-135-137-147-148-161-163-172-181-206-207-209-215-216-217-218-219-232-303-348-349-354-357-362-363-3\n64-380-723-754-780-833  des fonds europ\u00e9ens et des recettes non fiscales\n137\nMonsieurR\u00e9miBARRIER,Chefdep\u00f4leauseinduserviceBudget-Achat(jusqu'a\n1500\u20ac)SaisiedansChorusFormulairedesDAetcertificationdesSF:MesdamesH\u00e9l\u00e8neTURLIER,LaurenceGRANGER,MoniqueFIORE,MartineTHUNOTetMaudDE-HARO,MessieursR\u00e9miBARRIERetLouisDUSART\nD\u00e9cisionsded\u00e9pensesetderecettesrelativesauSIDSIC<\u00e0500\u20acM.Jean-ChristopheBRIOT,chefduSDISIC\nM.Jean-LucJOBARD,adjointauchefdu\nSIDSICSaisiedansChorusFormulairedesDAetcertificationdesSF:MesdamesH\u00e9l\u00e8neTURLIER,LaurenceGRANGER,MoniqueFIORE,MartineTHUNOTetMaudDE-HARO,MessieursR\u00e9miBARRIERetLouisDUSART\nConstatationdeservicefaitrelatifauSIDSIC,quelquesoitlemontantM.Jean-ChristopheBRIOT,chefduSDISIC\nM.Jean-LucJOBARD,adjointauchefdu\nSIDSICM.JeanPRUDHOMME,chefduserviceBudget-AchatMmeMartineTHUNOT,AdjointeduChefduServiceBudget-AchatM.R\u00e9miBARRIER,chefdep\u00f4leauseinduServiceBudget-Achat\n22/31\nPr\u00e9fecture de la C\u00f4te-d'Or - 21-2024-10-28-00016 - Arr\u00eat\u00e9 pr\u00e9fectoral N\u00b0 1655 / SG du 28 octobre 2024 donnant  d\u00e9l\u00e9gation de\nsignature en mati\u00e8re de gestion des budgets op\u00e9rationnels\n104-111-112-113-119-122-124-129-135-137-147-148-161-163-172-181-206-207-209-215-216-217-218-219-232-303-348-349-354-357-362-363-3\n64-380-723-754-780-833  des fonds europ\u00e9ens et des recettes non fiscales\n138\n||\nSDISIC\n\\SIDSIC\n|\n_Um:mlecadredeOIOE.Q.WD._.\n|\nPr\u00e9fecture de la C\u00f4te-d'Or - 21-2024-10-28-00016 - Arr\u00eat\u00e9 pr\u00e9fectoral N\u00b0 1655 / SG du 28 octobre 2024 donnant  d\u00e9l\u00e9gation de\nsignature en mati\u00e8re de gestion des budgets op\u00e9rationnels\n104-111-112-113-119-122-124-129-135-137-147-148-161-163-172-181-206-207-209-215-216-217-218-219-232-303-348-349-354-357-362-363-3\n64-380-723-754-780-833  des fonds europ\u00e9ens et des recettes non fiscales\n139\nServiced'immigrationetd'int\u00e9grationD\u00e9cisionsded\u00e9pensesetderecettesetcertificationdeservicefaitpourlesvacationsdetraducteurs-interpr\u00e8tesMonsieurS\u00e9bastienGAUTHEY,directeurdel'immigrationetdelanationalit\u00e9MmeC\u00e9line_<_>zm_._.._.attach\u00e9ed'administrationdel'Etat,cheffeduserviceimmigrationetint\u00e9grationMmeMartineTHUNOT,AdjointeduChefduServiceBudget-AchatD\u00e9cisionsderecoursauxprestationsd'avocatMonsieurS\u00e9bastienGAUTHEY,directeurdel'immigrationetdelanationalit\u00e9MmeC\u00e9line_<_>zm_._.___attach\u00e9ed'administrationdeI'Etat,cheffeduserviceimmigrationetint\u00e9grationXIV-DIRECTIONDESCOLLECTIVITESLOCALESETDESELECTIONSFraisderepr\u00e9sentationdudirecteur:d\u00e9cisionsded\u00e9pensesetderecettes-certificationduservice\nfait\nMonsieurJean-LucMILANI,attach\u00e9hors\nclasse\nDanslecadredeCHORUSDT:Fraisded\u00e9placementpourI'ensembledesagentsdeladirection:ordresdemissionet\u00e9tatsdefraisMonsieurJean-LucMILANI,directeurdescollectivit\u00e9slocalesetdes\u00e9lectionsMmeFadilaELHARTI,cheffedubureaudescollectivit\u00e9slocalesMmeClaireBROUSSE,chefdubureaudes\u00e9lectionsetdelar\u00e9glementation\n24/31\nPr\u00e9fecture de la C\u00f4te-d'Or - 21-2024-10-28-00016 - Arr\u00eat\u00e9 pr\u00e9fectoral N\u00b0 1655 / SG du 28 octobre 2024 donnant  d\u00e9l\u00e9gation de\nsignature en mati\u00e8re de gestion des budgets op\u00e9rationnels\n104-111-112-113-119-122-124-129-135-137-147-148-161-163-172-181-206-207-209-215-216-217-218-219-232-303-348-349-354-357-362-363-3\n64-380-723-754-780-833  des fonds europ\u00e9ens et des recettes non fiscales\n140\nfaitpourlesfrais(horslignest\u00e9l\u00e9phoniques)relatifs\u00e0I'organisationmat\u00e9rielledesdiff\u00e9rentes\u00e9lections(imprim\u00e9s,acheminementdedocuments\u00e9lectoraux,locationsdiverses,bulletinsdevotepourlespr\u00e9sidentielles,prestatairedeservice...)\n||||||||||\nHORNY\nfaitpourlesfraisrelatifs\u00e0l'installationdeslignes|.|des\u00e9lectionsetdelar\u00e9glementationSIDSICSIDSIC\n_|__\nPr\u00e9fecture de la C\u00f4te-d'Or - 21-2024-10-28-00016 - Arr\u00eat\u00e9 pr\u00e9fectoral N\u00b0 1655 / SG du 28 octobre 2024 donnant  d\u00e9l\u00e9gation de\nsignature en mati\u00e8re de gestion des budgets op\u00e9rationnels\n104-111-112-113-119-122-124-129-135-137-147-148-161-163-172-181-206-207-209-215-216-217-218-219-232-303-348-349-354-357-362-363-3\n64-380-723-754-780-833  des fonds europ\u00e9ens et des recettes non fiscales\n141\nD\u00e9cisionsderemboursementdesfraisdepropagandeauxcandidatsouauximprimeurs,etdesfraisd'affichagedelapropagandeetcertificationdeservicefaitMonsieurJean-LucMILANI,directeurdescollectivit\u00e9slocalesetdes\u00e9lectionsMmeClaireBROUSSE,cheffedubureaudes\u00e9lectionsetdelar\u00e9glementationMmeDelphineHORNY,adjointeauchefdubureaudes\u00e9lectionsetdelaMmeFadilaELHARTI,cheffedubureauSaisiedansChorusFormulairedesDAetMmesClaireBROUSSEetDelphineHORNY\nD\u00e9cisionsderemboursementdesfraisdecampagneauxcandidatsayantobtenu5%dessuffragessurd\u00e9cisiondelaCNCCFPetcertificationduservicefaitMonsieurJean-LucMILANI,directeurdescollectivit\u00e9slocalesetdes\u00e9lectionsMmeClaireBROUSSE,cheffedubureaudes\u00e9lectionsetdelar\u00e9glementationMmeDelphineHORNY,adjointeauchefdubureaudes\u00e9lectionsetdelar\u00e9glementationMmeFadilaELHARTI,cheffedubureaudescollectivit\u00e9slocalesSaisiedansChorusFormulairedesDAetMmesClaireBROUSSEetDelphineHORNY\n26/31\nPr\u00e9fecture de la C\u00f4te-d'Or - 21-2024-10-28-00016 - Arr\u00eat\u00e9 pr\u00e9fectoral N\u00b0 1655 / SG du 28 octobre 2024 donnant  d\u00e9l\u00e9gation de\nsignature en mati\u00e8re de gestion des budgets op\u00e9rationnels\n104-111-112-113-119-122-124-129-135-137-147-148-161-163-172-181-206-207-209-215-216-217-218-219-232-303-348-349-354-357-362-363-3\n64-380-723-754-780-833  des fonds europ\u00e9ens et des recettes non fiscales\n142\nfi| pcertificationdeservicefait'MmeFadilaELHARTI,cheffedubureau\n27/31\nPr\u00e9fecture de la C\u00f4te-d'Or - 21-2024-10-28-00016 - Arr\u00eat\u00e9 pr\u00e9fectoral N\u00b0 1655 / SG du 28 octobre 2024 donnant  d\u00e9l\u00e9gation de\nsignature en mati\u00e8re de gestion des budgets op\u00e9rationnels\n104-111-112-113-119-122-124-129-135-137-147-148-161-163-172-181-206-207-209-215-216-217-218-219-232-303-348-349-354-357-362-363-3\n64-380-723-754-780-833  des fonds europ\u00e9ens et des recettes non fiscales\n143\nConstatationdeservicefaitpourleremboursementdesfraisded\u00e9placementElectionss\u00e9natorialesMonsieurJean-LucMILANI,directeurdescollectivit\u00e9slocalesetdes\u00e9lectionsMmeClaireBROUSSE,cheffedubureaudes\u00e9lectionsetdelar\u00e9glementationMmeDelphineHORNY,adjointeauchefdubureaudes\u00e9lectionsetdelar\u00e9glementationMmeFadilaELHARTI,cheffedubureaudescollectivit\u00e9slocales\nXV\u2014DIRECTIONDELACOORDINATIONDESPOLITIQUESPUBLIQUESETDEL'APPUITERRITORIALD\u00e9cisionsded\u00e9pensesetderecettes-certificationduservicefaitpourlesfraisderepr\u00e9sentationdu\ndirecteur\nM.PhilippeGOUTORBE,directeurdelacoordinationdespolitiquespubliquesetdel'appuiterritorialDanslecadredeCHORUSDT:Fraisded\u00e9placementpour'ensembledesagentsdeladirection:ordresdemissionet\u00e9tatsdefraisM.PhilippeGOUTORBE,directeurdelacoordinationdespolitiquespubliquesetdel'appuiterritorialMme\u00c9velyneMORI,cheffedup\u00f4leenvironnementeturbanismeMmeMich\u00e8leGUSCHEMANN,cheffedup\u00f4leam\u00e9nagementduterritoirePublicationsd'annoncesl\u00e9galesrelativesauxenqu\u00eatespubliques:d\u00e9cisionsded\u00e9pensesetderecettes-certificationduservicefait.MmeEvelyneMORI,chefdup\u00f4leenvironnementeturbanismeMmeAmelleGHAYOU,secr\u00e9taireg\u00e9n\u00e9raleadjointeMPhilippeGOUTORBE,directeurdelacoordinationdespolitiquespubliquesetdeI'appuiterritorial,\n28/31\nPr\u00e9fecture de la C\u00f4te-d'Or - 21-2024-10-28-00016 - Arr\u00eat\u00e9 pr\u00e9fectoral N\u00b0 1655 / SG du 28 octobre 2024 donnant  d\u00e9l\u00e9gation de\nsignature en mati\u00e8re de gestion des budgets op\u00e9rationnels\n104-111-112-113-119-122-124-129-135-137-147-148-161-163-172-181-206-207-209-215-216-217-218-219-232-303-348-349-354-357-362-363-3\n64-380-723-754-780-833  des fonds europ\u00e9ens et des recettes non fiscales\n144\n|||\n|||\nPr\u00e9fecture de la C\u00f4te-d'Or - 21-2024-10-28-00016 - Arr\u00eat\u00e9 pr\u00e9fectoral N\u00b0 1655 / SG du 28 octobre 2024 donnant  d\u00e9l\u00e9gation de\nsignature en mati\u00e8re de gestion des budgets op\u00e9rationnels\n104-111-112-113-119-122-124-129-135-137-147-148-161-163-172-181-206-207-209-215-216-217-218-219-232-303-348-349-354-357-362-363-3\n64-380-723-754-780-833  des fonds europ\u00e9ens et des recettes non fiscales\n145\nToutesautresindemnisationsli\u00e9e\u00e0l'engagementdelaresponsabilit\u00e9deI'EtatM.Fr\u00e9d\u00e9ricPELISSIER,chefdup\u00f4lejuridiqueinter-servicesMmeDominiqueLEMAITRE,charg\u00e9edemissiondup\u00f4lejuridiqueinter-servicesXVI|\u2014-SECRETARIATGENERALPOURLESAFFAIRESREGIONALESFraisderepr\u00e9sentationdusecr\u00e9taireg\u00e9n\u00e9ralpourlesaffairesr\u00e9gionales:d\u00e9cisionsded\u00e9pensesetderecettes\u2014certificationduservicefaitMmeAnneCOSTEDECHAMPERON,secr\u00e9taireg\u00e9n\u00e9ralepourlesaffairesr\u00e9gionalesdeBourgogne\u2014Franche-\nComt\u00e9\nCertificationdesSF:MmeC\u00e9cilineLEVENARD\u2014M.JulienMARLOTFraisderepr\u00e9sentationdesadjointsausecr\u00e9tairkd.g\u00e9n\u00e9ralpourlesaffairesr\u00e9gionales:d\u00e9cisionsded\u00e9pensesetderecettes\u2014certificationduservice\nfait\nMmeBERNARD,adjointeausecr\u00e9taireg\u00e9n\u00e9ralpourlesaffairesr\u00e9gionalesdeBourgogne\u2014Franche-Comt\u00e9,charg\u00e9dup\u00f4le\u00abpolitiquespubliquesMMMmeMiladaPANTICadjointeausecr\u00e9taireg\u00e9n\u00e9ralpourlesaffairesr\u00e9gionalesdeBourgogne-Franche-Comt\u00e9,charg\u00e9dup\u00f4lemoyens,mutualisationetmodernisationCertificationdesSF:MmeetC\u00e9cilineLEVENARD\u2014M.JulienMARLOT\nPr\u00e9fecture de la C\u00f4te-d'Or - 21-2024-10-28-00016 - Arr\u00eat\u00e9 pr\u00e9fectoral N\u00b0 1655 / SG du 28 octobre 2024 donnant  d\u00e9l\u00e9gation de\nsignature en mati\u00e8re de gestion des budgets op\u00e9rationnels\n104-111-112-113-119-122-124-129-135-137-147-148-161-163-172-181-206-207-209-215-216-217-218-219-232-303-348-349-354-357-362-363-3\n64-380-723-754-780-833  des fonds europ\u00e9ens et des recettes non fiscales\n146\nDanslecadredeCHORUSDT:MmeMiladaPANTIC,SGAR-adjointeCertificationdesSF:MmeC\u00e9cilineFraisded\u00e9placementpourlesecr\u00e9taireM.JulienMARLOT,directeurdelaplate-|LEVENARD-M.JulienMARLOTg\u00e9n\u00e9ralpourlesaffairesr\u00e9gionales:ordredeformer\u00e9gionaleFinances,Budgets,missionet\u00e9tatdefraisImmobilier\n|\nDanslecadredeCHORUSDT:MmeMiladaPANTIC,SGAR-adjointeMmeC\u00e9cilineLEVENARDD\u00e9cisionsded\u00e9pensesetderecettesconcernant|M.JulienMARLOT,directeurdelaplate-lestransportsetl'h\u00e9bergement(ycomprispourla|former\u00e9gionaleFinances,Budgets,formation)Immobilier\nLePr\u00e9fetSign\u00e9:PaulMOURIER\n31/31\nPr\u00e9fecture de la C\u00f4te-d'Or - 21-2024-10-28-00016 - Arr\u00eat\u00e9 pr\u00e9fectoral N\u00b0 1655 / SG du 28 octobre 2024 donnant  d\u00e9l\u00e9gation de\nsignature en mati\u00e8re de gestion des budgets op\u00e9rationnels\n104-111-112-113-119-122-124-129-135-137-147-148-161-163-172-181-206-207-209-215-216-217-218-219-232-303-348-349-354-357-362-363-3\n64-380-723-754-780-833  des fonds europ\u00e9ens et des recettes non fiscales\n147\nPr\u00e9fecture de la C\u00f4te-d'Or - 21-2024-10-28-00016 - Arr\u00eat\u00e9 pr\u00e9fectoral N\u00b0 1655 / SG du 28 octobre 2024 donnant  d\u00e9l\u00e9gation de\nsignature en mati\u00e8re de gestion des budgets op\u00e9rationnels\n104-111-112-113-119-122-124-129-135-137-147-148-161-163-172-181-206-207-209-215-216-217-218-219-232-303-348-349-354-357-362-363-3\n64-380-723-754-780-833  des fonds europ\u00e9ens et des recettes non fiscales\n148\nPr\u00e9fecture de la C\u00f4te-d'Or\nP\u00f4le juridique inter-services\n21-2024-10-28-00017\nArr\u00eat\u00e9 pr\u00e9fectoral n\u00b0 1658  / SG du 28 octobre\n2024 \n donnant d\u00e9l\u00e9gation de signature \u00e0  Monsieur\nDidier ROOSE, directeur d\u00e9partemental de la\nprotection des populations de la C\u00f4te-d'Or\nPr\u00e9fecture de la C\u00f4te-d'Or - 21-2024-10-28-00017 - Arr\u00eat\u00e9 pr\u00e9fectoral n\u00b0 1658  / SG du 28 octobre 2024 \n donnant d\u00e9l\u00e9gation de signature \u00e0  Monsieur Didier ROOSE, directeur d\u00e9partemental de la protection des populations de la\nC\u00f4te-d'Or\n149\nArr\u00eat\u00e9 pr\u00e9fectoral n\u00b0 1658  / SG du 28 octobre 2024 \n donnant d\u00e9l\u00e9gation de signature \u00e0  Monsieur Didier ROOSE,\ndirecteur d\u00e9partemental de la protection des populations de la C\u00f4te-d'Or\nLe pr\u00e9fet de la C\u00f4te-d'Or\nVu la loi organique n\u00b0 2001-692 du 1er ao\u00fbt 2001 modifi\u00e9e relative aux lois de finances ;\nVu l'ordonnance n\u00b0 2015-899 du 23 juillet 2015 relative \u00e0 la commande publique  ;\nVu le d\u00e9cret n\u00b0 2004-374 du 29 avril 2004, modifi\u00e9,  relatif aux pouvoirs des pr\u00e9fets, \u00e0\nl'organisation et \u00e0 l'action des services de l'\u00c9tat dans les r\u00e9gions et d\u00e9partements ;\nVu le d\u00e9cret n\u00b0 2008-158 du 22 f\u00e9vrier 2008 relatif \u00e0 la suppl\u00e9ance des pr\u00e9fets de r\u00e9gion\net \u00e0 la d\u00e9l\u00e9gation de signature des pr\u00e9fets et hauts commissaires de la R\u00e9publique en\nPolyn\u00e9sie fran\u00e7aise et en Nouvelle-Cal\u00e9donie ;\nVu le d\u00e9cret n\u00b0 2009-176 du 16 f\u00e9vrier 2009 modifiant le d\u00e9cret n\u00b0 64-805 du 29  juillet\n1964 fixant les dispositions r\u00e9glementaires applicables aux pr\u00e9fets et le d\u00e9cret n\u00b0  2004-\n374 du 29 avril 2004 relatif aux pouvoirs des pr\u00e9fets, \u00e0 l'organisation et \u00e0 l'action des\nservices de l'\u00c9tat dans les r\u00e9gions et d\u00e9partements ;\nVu le  d\u00e9cret  n\u00b0  2009-1484  du  3  d\u00e9cembre  2009,  modifi\u00e9,  relatif  aux  directions\nd\u00e9partementales interminist\u00e9rielles ;\nVu le d\u00e9cret n\u00b02016-360 du 25 mars 2016 relatif \u00e0 la commande publique  ;\nVu le d\u00e9cret du 10 octobre 2024 nommant Monsieur Paul MOURIER, pr\u00e9fet de la r\u00e9gion\nBourgogne-Franche-Comt\u00e9, pr\u00e9fet de la C\u00f4te-d'Or;\nVu l'arr\u00eat\u00e9 du 31 mars 2011 modifi\u00e9 portant d\u00e9concentration des d\u00e9cisions relatives \u00e0 la\nsituation individuelle des fonctionnaires et agents non titulaires exer\u00e7ant leurs fonctions\ndans les directions d\u00e9partementales interminist\u00e9rielles ;\nVu  l'arr\u00eat\u00e9  du  14  septembre  2023  nommant  Monsieur  Didier  ROOSE,  directeur\nd\u00e9partemental  de  la  protection  des  populations  de  la  C\u00f4te  d'Or,  \u00e0  compter  du  18\nseptembre  2023 ;\nVu  l'arr\u00eat\u00e9  pr\u00e9fectoral  n\u00b0  1409  /  SG  du  18  septembre  2023 donnant  d\u00e9l\u00e9gation  de\nsignature  \u00e0   Monsieur  Didier  ROOSE,  directeur  d\u00e9partemental  de  la  protection  des\npopulations de la C\u00f4te-d'Or ;\n1/4\nPr\u00e9fecture de la C\u00f4te-d'Or - 21-2024-10-28-00017 - Arr\u00eat\u00e9 pr\u00e9fectoral n\u00b0 1658  / SG du 28 octobre 2024 \n donnant d\u00e9l\u00e9gation de signature \u00e0  Monsieur Didier ROOSE, directeur d\u00e9partemental de la protection des populations de la\nC\u00f4te-d'Or\n150\nSur proposition de la secr\u00e9taire g\u00e9n\u00e9rale par int\u00e9rim de la pr\u00e9fecture de la C\u00f4te-d'Or ;\nARR\u00caTE\nArticle     1  er     :   L'arr\u00eat\u00e9 pr\u00e9fectoral n\u00b0 1409/SG du 18 septembre 2023, donnant d\u00e9l\u00e9gation de\nsignature  \u00e0  Monsieur  Didier  ROOSE,  directeur  d\u00e9partemental  de  la  protection  des\npopulations de la C\u00f4te-d'Or  et toutes dispositions ant\u00e9rieures et contraires au pr\u00e9sent\narr\u00eat\u00e9 sont abrog\u00e9s.\nSECTION     I     :   COMP\u00c9TENCE ADMINISTRATIVE  \nArticle   2   : D\u00e9l\u00e9gation  de  signature  est  donn\u00e9e  \u00e0  Monsieur  Didier  ROOSE,  directeur\nd\u00e9partemental de la protection des populations de la C\u00f4te-d'Or, \u00e0 l'effet de signer, dans le\ncadre  de  ses  attributions  et  comp\u00e9tences  exerc\u00e9es  pour  le  compte  de  l'\u00c9tat,  toutes\nd\u00e9cisions et documents  concernant  l'organisation  et le  fonctionnement de  la direction\nd\u00e9partementale de la protection des populations de la C\u00f4te d'Or, \u00e0 l'exception :\n\uf02d  des courriers aux parlementaires, au pr\u00e9sident du conseil d\u00e9partemental,\nau pr\u00e9sident du conseil r\u00e9gional, aux pr\u00e9sidents des chambres consulaires ;\n\uf02d  des fermetures, suspensions d'activit\u00e9 d'\u00e9tablissements et suspensions\nou retraits d'agr\u00e9ment sanitaire ;\n\uf02d  des d\u00e9cisions et arr\u00eat\u00e9s pr\u00e9fectoraux concernant les installations class\u00e9es\npour la protection de l'environnement ;\n\uf02d  des dotations sup\u00e9rieures \u00e0 200 000 \u20ac :\n\uf02d indemnisations aux \u00e9leveurs,\n\uf02d conventions de prestations de services aux organismes publics agricoles.\nLes courriers adress\u00e9s aux maires et pr\u00e9sidents d'\u00e9tablissements  publics  de\ncoop\u00e9ration  intercommunale  (EPCI) seront transmis sous couvert des sous-pr\u00e9fets\nterritorialement comp\u00e9tents, sauf en ce qui concerne les \u00e9changes portant sur des\ndossiers techniques courants.\nSECTION     II     :   COMP\u00c9TENCE   D'ORDONNATEUR     SECONDAIRE  \nSous-section     I     :     en     qualit\u00e9     de     responsable   d'  unit\u00e9     op\u00e9rationnelle  \nArticle   3   : D\u00e9l\u00e9gation est donn\u00e9e \u00e0 Monsieur Didier ROOSE, directeur d\u00e9partemental de\nla  protection  des  populations  de  la  C\u00f4te-d'Or, en sa qualit\u00e9 de responsable d' unit\u00e9\nop\u00e9rationnelle :\n1. pour l' ordonnancement des cr\u00e9dits (engagement, liquidation, mandatement) des\nprogrammes suivants :\na. 134 : d\u00e9veloppement des entreprises et de l'emploi\nb. 206 : s\u00e9curit\u00e9 et qualit\u00e9 sanitaire de l'alimentation\nc. 724 : op\u00e9rations immobili\u00e8res d\u00e9concentr\u00e9es.\n2/4\nPr\u00e9fecture de la C\u00f4te-d'Or - 21-2024-10-28-00017 - Arr\u00eat\u00e9 pr\u00e9fectoral n\u00b0 1658  / SG du 28 octobre 2024 \n donnant d\u00e9l\u00e9gation de signature \u00e0  Monsieur Didier ROOSE, directeur d\u00e9partemental de la protection des populations de la\nC\u00f4te-d'Or\n151\n2.   pour les recettes relatives \u00e0 l'activit\u00e9 de son service :\nD\u00e9l\u00e9gation est donn\u00e9e \u00e0 Monsieur Didier ROOSE, directeur d\u00e9partemental de la protection\ndes populations de la C\u00f4te-d'Or , \u00e0 l'effet de proc\u00e9der \u00e0 l'ordonnancement secondaire des\nrecettes et d\u00e9penses de l'\u00c9tat (engagement, liquidation, mandatement), imput\u00e9s au titre\ndes programmes susvis\u00e9s.\nArticle   4     : Demeurent r\u00e9serv\u00e9s \u00e0 ma signature les ordres de r\u00e9quisition du comptable\npublic et les d\u00e9cisions de passer outre aux avis d\u00e9favorables du contr\u00f4leur financier local\nen mati\u00e8re d'engagement de d\u00e9penses.\nArticle   5     : Un compte rendu d' utilisation des cr\u00e9dits pour l'exercice budg\u00e9taire me sera\nadress\u00e9 trimestriellement ainsi qu' une copie des comptes rendus adress\u00e9s aux\nresponsables des budgets op\u00e9rationnels de programme dont rel\u00e8vent les unit\u00e9s\nop\u00e9rationnelles susvis\u00e9es.\nArticle   6     : D\u00e9l\u00e9gation de signature est donn\u00e9e \u00e0 Monsieur  Didier  ROOSE,  directeur\nd\u00e9partemental de la protection des populations de la C\u00f4te-d'Or pour les d\u00e9cisions relatives\n\u00e0 la prescription quadriennale des cr\u00e9ances sur l'\u00c9tat.\nSous-section II     :   \nEn qualit\u00e9 de responsable de service prescripteur, de centre de co\u00fbts\n   Article 7  : D\u00e9l\u00e9gation est donn\u00e9e D\u00e9l\u00e9gation est donn\u00e9e \u00e0  Monsieur Didier ROOSE,\ndirecteur  d\u00e9partemental  de  la  protection  des  populations  de  la  C\u00f4te-d'Or,  en  tant  que\nresponsable de service prescripteur, centre de co\u00fbts, \u00e0 l'effet de signer l'expression des\nbesoins du BOP 354 \u00ab  administration territoriale de l'\u00c9tat  \u00bb, \u00e0 hauteur des cr\u00e9dits allou\u00e9s sur\nson centre de co\u00fbts, et d'assurer les traitements des engagements juridiques et demandes\nde paiement, ainsi que leur validation par le centre de service partag\u00e9 Chorus habilit\u00e9.\nSous-section     III     :     \nEn     qualit\u00e9     de     pouvoir     adjudicateur  \nArticle   8     : D \u00e9l\u00e9gation de signature est donn\u00e9e \u00e0 Monsieur  Didier  ROOSE,  directeur\nd\u00e9partemental de la protection des populations de la C\u00f4te-d'Or , \u00e0 l' effet de signer les\nmarch\u00e9s de l'\u00c9tat et tous les actes relatifs \u00e0 la passation et \u00e0 l'ex\u00e9cution des march\u00e9s\nd\u00e9volus au pouvoir adjudicateur,  relevant de la direction d\u00e9partementale de la protection\ndes populations de la C\u00f4te-d'Or, \u00e0 l'exception des ordres de r\u00e9quisition du comptable\naupr\u00e8s de comptable payeur.\nCette d\u00e9l\u00e9gation s'applique \u00e0 l'ensemble des march\u00e9s, quels que soient leurs montants.\n3/4\nPr\u00e9fecture de la C\u00f4te-d'Or - 21-2024-10-28-00017 - Arr\u00eat\u00e9 pr\u00e9fectoral n\u00b0 1658  / SG du 28 octobre 2024 \n donnant d\u00e9l\u00e9gation de signature \u00e0  Monsieur Didier ROOSE, directeur d\u00e9partemental de la protection des populations de la\nC\u00f4te-d'Or\n152\n SECTION     III     :   SUBD\u00c9L\u00c9GATION ET MODALIT\u00c9S D'EX\u00c9CUTION  \nArticle   9   :  Monsieur  Didier  ROOSE,  directeur  d\u00e9partemental  de  la  protection  des\npopulations de la C\u00f4te-d'Or  peut, sous sa responsabilit\u00e9, subd\u00e9l\u00e9guer sa signature aux\nagents plac\u00e9s sous son autorit\u00e9. \nLa signature des agents habilit\u00e9s sera accr\u00e9dit\u00e9e aupr\u00e8s du comptable payeur, s'agissant\ndes comp\u00e9tences de la section II.\nLes d\u00e9cisions de subd\u00e9l\u00e9gation me seront adress\u00e9es, viseront nominativement les agents\nint\u00e9ress\u00e9s et leur seront notifi\u00e9es. Elles feront l'objet d'une publication au recueil des actes\nadministratifs de la pr\u00e9fecture de la C\u00f4te-d'Or.\nArticle 10  : La secr\u00e9taire g\u00e9n\u00e9rale par int\u00e9rim de la pr\u00e9fecture de la C\u00f4te-d'Or et le\ndirecteur d\u00e9partemental de la protection des populations de la C\u00f4te-d'Or, sont charg\u00e9s,\nchacun pour ce qui le concerne, de l'ex\u00e9cution du pr\u00e9sent arr\u00eat\u00e9 qui sera publi\u00e9 au recueil\ndes actes administratifs de la pr\u00e9fecture de la C\u00f4te-d'Or.\nFait \u00e0 Dijon, le 28 octobre 2024\nLe pr\u00e9fet,\nSign\u00e9 :\nPaul MOURIER\n4/4\nPr\u00e9fecture de la C\u00f4te-d'Or - 21-2024-10-28-00017 - Arr\u00eat\u00e9 pr\u00e9fectoral n\u00b0 1658  / SG du 28 octobre 2024 \n donnant d\u00e9l\u00e9gation de signature \u00e0  Monsieur Didier ROOSE, directeur d\u00e9partemental de la protection des populations de la\nC\u00f4te-d'Or\n153","date":"2024-10-29","first_seen_on":"2025-09-14T17:34:18+00:00","id":"6c6f909f88e2041b591a156e5994c5bf97a94059091fb8a387842448020009cc","name":"RAA n\u00b0 151 du 29 octobre 2024","pdf_creation_date":"2024-10-29T10:33:05+00:00","pdf_modification_date":null,"timezone":"Europe/Paris","url":"https://www.cote-dor.gouv.fr/contenu/telechargement/22255/170113/file/recueil-21-2024-151-recueil-des-actes-administratifs-special.pdf"}
