{"administration":"pref50","administration_name":"Pr\u00e9fecture de la Manche","content":"MANCHE\nRECUEIL DES ACTES\nADMINISTRATIFS\nN\u00b050-2025-051\nPUBLI\u00c9 LE  1 AO\u00dbT 2025\nSommaire\nAgence r\u00e9gionale de sant\u00e9 de Normandie /\n50-2025-07-04-00001 - Arr\u00eat\u00e9 fixant le tour de garde des entreprises de\ntransports sanitaires terrestres agr\u00e9\u00e9es de la Manche pour la p\u00e9riode\ndu 1er juillet au 30 septembre 2025 (41 pages) Page 7\nConseil d\u00e9partemental de la Manche /\n50-2025-07-24-00004 - Arr\u00eat\u00e9 de d\u00e9signation des membres\ncomposant le Conseil d\u00e9partemental de la citoyennet\u00e9 et de\nl'autonomie (CDCA) (13 pages) Page 49\nDirection d\u00e9partementale de l'emploi, du travail et des solidarit\u00e9s /\n50-2025-06-24-00003 - Appel \u00e0 projets 2025 Fonds National\nd'Accompagnement Vers et dans le Logement - cahier des charges (8\npages) Page 63\n50-2025-07-22-00002 - Arr\u00eat\u00e9 autorisant le renouvellement de\nl'Atelier d'Adaptation \u00e0 la Vie Active (AAVA) g\u00e9r\u00e9 par\nl'Association D\u00e9partementale de Sauvegarde de l'Enfant \u00e0\nl'Adulte de la Manche (ADSEAM) (2 pages) Page 72\n50-2025-07-23-00007 - Arr\u00eat\u00e9 d'autorisation modifiant l'arr\u00eat\u00e9\nd'autorisation d'extension du 23 d\u00e9cembre 2024 du Foyer des\nJeunes Travailleurs \"L'Espace Temps\" de Cherbourg-en-Cotentin pour\nune capacit\u00e9 suppl\u00e9mentaire de 12 places (2 pages) Page 75\n50-2025-07-25-00002 - Arr\u00eat\u00e9 modificatif de l'arr\u00eat\u00e9 du 4 novembre\n2022 portant nomination des membres du comit\u00e9 d\u00e9partemental des\nservices aux familles. (3 pages) Page 78\n50-2025-07-25-00001 - Arr\u00eat\u00e9 modificatif pr\u00e9fectoral N\u00b0\n2025-DDETS-PECEC-20 portant nomination du Comit\u00e9 Local Pour\nl'Emploi (CLPE) du Sud Manche (3 pages) Page 82\n50-2025-05-26-00006 - Arr\u00eat\u00e9 portant renouvellement de\nl'agr\u00e9ment de la Fondation Bon Sauveur de la Manche pour des\nactivit\u00e9s d'ing\u00e9nierie sociale, financi\u00e8re et technique et des\nactivit\u00e9s d'interm\u00e9diation locative et de gestion locative sociale (3\npages) Page 86\n50-2025-05-26-00005 - Arr\u00eat\u00e9 portant renouvellement de\nl'agr\u00e9ment de l'association \u00ab Habitat et Humanisme Manche \u00bb\npour des activit\u00e9s d'ing\u00e9nierie sociale, financi\u00e8re et technique et\ndes activit\u00e9s d'interm\u00e9diation locative et de gestion locative sociale\n(3 pages) Page 90\n50-2025-05-26-00007 - Arr\u00eat\u00e9 portant renouvellement de\nl'agr\u00e9ment du Comit\u00e9 Local pour le Logement Autonome des\nJeunes du Pays de Coutances pour des activit\u00e9s d'ing\u00e9nierie sociale,\nfinanci\u00e8re et technique et des activit\u00e9s d'interm\u00e9diation locative\net de gestion locative sociale (3 pages) Page 94\n2\n50-2025-07-24-00003 - Arr\u00eat\u00e9 pr\u00e9fectoral modificatif\nn\u00b02025-DDETS-PECEC-28 portant nomination au sein du Comit\u00e9\nD\u00e9partementale Pour l'Emploi (CDPE) (2 pages) Page 98\n50-2025-07-09-00011 - Arr\u00eat\u00e9 pr\u00e9fectoral n\u00b02025-DDETS-PECEC-26\nportant habilitation d\u00e9partementale de LADAPT au titre de prescripteur\nd'un parcours d'insertion par l'activit\u00e9 \u00e9conomique (1 page) Page 101\n50-2025-07-16-00001 - R\u00e9c\u00e9piss\u00e9 de d\u00e9claration d'un organisme de\nservices \u00e0 la personne enregistr\u00e9 sous le n\u00b0SAP944471754 - OSP\nBrillance et s\u00e9r\u00e9nit\u00e9 (1 page) Page 103\n50-2025-07-08-00005 - R\u00e9c\u00e9piss\u00e9 de d\u00e9claration d'un organisme de\nservices \u00e0 la personne enregistr\u00e9 sous le n\u00b0SAP944865633 - OSP\nJustin'Service (1 page) Page 105\n50-2025-07-09-00010 - R\u00e9c\u00e9piss\u00e9 d\u00e9claration d'un organisme de\nservices \u00e0 la personne enregistr\u00e9 sous le n\u00b0SAP943892315 - SAS\nCorni\u00e8re Paysages (1 page) Page 107\nDirection d\u00e9partementale des finances publiques /\n50-2025-08-01-00001 - Arr\u00eat\u00e9 portant d\u00e9l\u00e9gation de signature\nSGCMA Cherbourg (2 pages) Page 109\n50-2025-08-01-00002 - Arr\u00eat\u00e9 portant d\u00e9l\u00e9gations de signature\nAmendes SGCMA Cherbourg  (1 page) Page 112\n50-2025-08-01-00003 - Liste rectifi\u00e9e des responsables de service\ndisposant de la d\u00e9l\u00e9gation de signature en mati\u00e8re de contentieux et\nde gracieux fiscal pr\u00e9vue par le III de l'article 408 de l'annexe II au code\ng\u00e9n\u00e9ral des imp\u00f4ts au 1er ao\u00fbt 2025 (1 page) Page 114\nDirection d\u00e9partementale des territoires et de la mer /\n50-2025-05-06-00002 - Arr\u00eat\u00e9 compl\u00e9mentaire relatif \u00e0\nl'Arr\u00eat\u00e9 N\u00b02023-DDTM-SE-0101 portant d\u00e9claration\nd'int\u00e9r\u00eat g\u00e9n\u00e9ral au titre de l'article l.211-7 du code de\nl'environnement de travaux issus du programme de restauration des\ncours d'eau du bassin versant du Merderet (3 pages) Page 116\n50-2025-07-23-00009 - Arr\u00eat\u00e9 N\u00b0 2025-DDTM-SE-141 d\u00e9finissant les\ndates d'ouverture et de cl\u00f4ture de la chasse pour la campagne\n2025-2026 dans le d\u00e9partement de la Manche (11 pages) Page 120\n50-2025-05-22-00011 - Arr\u00eat\u00e9 N\u00b02025-DDTM-SE-077 portant\nd\u00e9claration d'int\u00e9r\u00eat g\u00e9n\u00e9ral au titre de l'article L.211-7 du\ncode de l'environnement de travaux issus du programme de restauration\ndes cours d'eau des bassins versants de la S\u00e8ves et de la Taute (3 pages) Page 132\nDirection r\u00e9gionale de l'environnement, de l'am\u00e9nagement et du\nlogement de Normandie /\n50-2025-07-23-00004 - Arr\u00eat\u00e9 n\u00b0 SELB/USAP/2020-00641-011-002\nprorogeant l'arr\u00eat\u00e9 n\u00b0 SRN/UAPP/2020-00641-011-001 autorisant la\ncapture temporaire avec rel\u00e2cher sur place de sp\u00e9cimens\nd'esp\u00e8ces animales prot\u00e9g\u00e9es : rapaces - Groupe\nOrnithologique Normand (GONm) (3 pages) Page 136\n3\n50-2025-07-23-00003 - Arr\u00eat\u00e9 n\u00b0 SELB/USAP/2021-00511-011-003\nprorogeant l'arr\u00eat\u00e9 n\u00b0 SRN/UAPP/2021-00511-011-002 autorisant la\nd\u00e9tention, la capture et la perturbation de sp\u00e9cimens d'esp\u00e8ces\nanimales prot\u00e9g\u00e9es : Office fran\u00e7ais de la biodiversit\u00e9 (3 pages) Page 140\nPr\u00e9fecture de la Manche /\n50-2025-07-16-00006 - Arr\u00eat\u00e9 accordant la d\u00e9nomination de\ncommune touristique \u00e0 la commune d'AGON-COUTAINVILLE (2 pages) Page 144\n50-2025-07-09-00009 - Arr\u00eat\u00e9 cr\u00e9ation AUTO ECOLE DU MAUPAS  (3\npages) Page 147\n50-2025-07-10-00003 - Arr\u00eat\u00e9 portant autorisation de p\u00e9n\u00e9trer dans\nles propri\u00e9t\u00e9s priv\u00e9es et publiques situ\u00e9es \nsur le territoire des\ncommunes de Saint-Aubin-des-Pr\u00e9aux, Saint-Pair-sur-Mer \net\nSaint-Pierre-Langers pour r\u00e9aliser des lev\u00e9s topographiques et des\n\u00e9tudes g\u00e9otechniques et environnementales dans le cadre de\nl'\u00e9tude \nde la s\u00e9curisation de la RD 673 (2 pages) Page 151\n50-2025-07-10-00002 - Arr\u00eat\u00e9 portant autorisation de p\u00e9n\u00e9trer dans\nles propri\u00e9t\u00e9s priv\u00e9es et publiques situ\u00e9es sur \nle territoire de la\ncommune de Longueville pour r\u00e9aliser des lev\u00e9s topographiques, des\ninventaires et des investigations de terrain dans le cadre de l'\u00e9tude de\nla s\u00e9curisation de la d\u00e9viation de Granville (2 pages) Page 154\n50-2025-07-07-00002 - Arr\u00eat\u00e9 pr\u00e9fectoral n\u00b0 2025-48-SIDPC portant\ncomposition du Comit\u00e9 Local de s\u00fbret\u00e9 portuaire des ports de\nBarneville-Carteret, Dielette et Granville (3 pages) Page 157\nSecr\u00e9tariat g\u00e9n\u00e9ral commun d\u00e9partemental /\n50-2025-07-23-00005 - Arr\u00eat\u00e9 modificatif n\u00b02025/107 \u00e0 l'arr\u00eat\u00e9\npr\u00e9fectoral du 22 d\u00e9cembre 2022 et aux arr\u00eat\u00e9s modificatifs pris en\n2024 portant d\u00e9signation des membres du comit\u00e9 social\nd'administration de la pr\u00e9fecture et du  secr\u00e9tariat g\u00e9n\u00e9ral\ncommun de la Manche (2 pages) Page 161\n50-2025-07-23-00006 - Arr\u00eat\u00e9 modificatif n\u00b02025/108 \u00e0 l'arr\u00eat\u00e9\npr\u00e9fectoral du 22 d\u00e9cembre 2022 et aux arr\u00eat\u00e9s modificatifs pris en\n2024 portant d\u00e9signation des membres de la formation sp\u00e9cialis\u00e9e\ndu comit\u00e9 social d'administration de la pr\u00e9fecture et du\nsecr\u00e9tariat g\u00e9n\u00e9ral commun de la Manche (2 pages) Page 164\n50-2025-07-31-00002 - Arr\u00eat\u00e9 n\u00b0 2025 - 118 /SRH portant\norganisation des services de la pr\u00e9fecture de la Manche (3 pages) Page 167\nSous-pr\u00e9fecture de Cherbourg /\n50-2025-07-30-00004 - Arr\u00eat\u00e9 SF/ N\u00b0 25-48 portant renouvellement\nd'habilitation fun\u00e9raire - SARL Maison Fun\u00e9raires des Cypr\u00e8s -\nAvranches (2 pages) Page 171\n4\n50-2025-07-03-00006 - Arr\u00eat\u00e9 SF/N)25-40 portant renouvellement\nd'habilitation dans le domaine fun\u00e9raire - AS Norgeot Fr\u00e8res (2\npages) Page 174\n50-2025-07-07-00004 - Arr\u00eat\u00e9 SF/N\u00b025-42 portant habilitation dans le\ndomaine fun\u00e9raire - Pompes Fun\u00e8bres de France - Cherbourg en\nCotentin (2 pages) Page 177\n50-2025-07-21-00002 - Arr\u00eat\u00e9 SF/N\u00b025-45 portant renouvellement d'\nhabilitation fun\u00e9raire - Pompes Fun\u00e8bres Launey - Brix (2 pages) Page 180\n50-2025-07-21-00001 - Arr\u00eat\u00e9 SF/N\u00b025-46 portant abrogation d'une\nhabilitation dans le domaine fun\u00e9raire - SARL Pompes Fun\u00e8bres Hardy -\nLa Haye Pesnel (2 pages) Page 183\n50-2025-07-30-00003 - Arr\u00eat\u00e9 SF/N\u00b025-49 portant renouvellement\nd'habilitation fun\u00e9raire - SARL Maison Fun\u00e9raires des Cypr\u00e8s - Sartilly\nBaie Bocage (3 pages) Page 186\nSous-pr\u00e9fecture d'Avranches /\n50-2025-07-02-00006 - Arr\u00eat\u00e9 portant autorisation d'un syst\u00e8me de\nvid\u00e9oprotection - Mondial Relay consigne 22175 - C\u00e9rences (3 pages) Page 190\n50-2025-07-02-00014 - Arr\u00eat\u00e9 portant autorisation d'un syst\u00e8me de\nvid\u00e9oprotection - Mondial Relay consigne 26047 - Saint-Jean-de-Daye (3\npages) Page 194\n50-2025-07-02-00013 - Arr\u00eat\u00e9 portant autorisation d'un syst\u00e8me de\nvid\u00e9oprotection - Mondial Relay consigne 27394 - Romagny-Fontenay (3\npages) Page 198\n50-2025-07-02-00010 - Arr\u00eat\u00e9 portant autorisation d'un syst\u00e8me de\nvid\u00e9oprotection - Mondial Relay consigne 28264 - Percy-en-Normandie (3\npages) Page 202\n50-2025-07-02-00004 - Arr\u00eat\u00e9 portant autorisation d'un syst\u00e8me de\nvid\u00e9oprotection - Mondial Relay consigne 30436 - Moyon-Villages (3\npages) Page 206\n50-2025-07-02-00008 - Arr\u00eat\u00e9 portant autorisation d'un syst\u00e8me de\nvid\u00e9oprotection - Mondial Relay consigne 30802 - Blosville (3 pages) Page 210\n50-2025-07-02-00019 - Arr\u00eat\u00e9 portant autorisation d'un syst\u00e8me de\nvid\u00e9oprotection - Sas 3 Bells - Avranches (3 pages) Page 214\n50-2025-07-11-00001 - Arr\u00eat\u00e9 portant modification d'un syst\u00e8me de\nvid\u00e9oprotection - Boulangerie Patisserie LOIT - Saint-L\u00f4 (2 pages) Page 218\n50-2025-07-11-00005 - Arr\u00eat\u00e9 portant modification d'un syst\u00e8me de\nvid\u00e9oprotection - Cr\u00e9dit Mutuel - Avranches (2 pages) Page 221\n50-2025-07-11-00006 - Arr\u00eat\u00e9 portant modification d'un syst\u00e8me de\nvid\u00e9oprotection - Cr\u00e9dit Mutuel - Gavray-sur-Sienne (2 pages) Page 224\n50-2025-07-11-00007 - Arr\u00eat\u00e9 portant modification d'un syst\u00e8me de\nvid\u00e9oprotection - Cr\u00e9dit Mutuel - Granville (2 pages) Page 227\n5\n50-2025-07-11-00008 - Arr\u00eat\u00e9 portant modification d'un syst\u00e8me de\nvid\u00e9oprotection - Cr\u00e9dit Mutuel - Pontorson (2 pages) Page 230\n50-2025-07-11-00009 - Arr\u00eat\u00e9 portant modification d'un syst\u00e8me de\nvid\u00e9oprotection - Cr\u00e9dit Mutuel - Saint-L\u00f4 (2 pages) Page 233\n50-2025-07-11-00002 - Arr\u00eat\u00e9 portant modification d'un syst\u00e8me de\nvid\u00e9oprotection - d\u00e9chetterie de Mallouet - Granville (2 pages) Page 236\n50-2025-07-11-00003 - Arr\u00eat\u00e9 portant modification d'un syst\u00e8me de\nvid\u00e9oprotection - Foyer des Jeunes Travailleurs - Granville (2 pages) Page 239\n50-2025-07-11-00004 - Arr\u00eat\u00e9 portant modification d'un syst\u00e8me de\nvid\u00e9oprotection - Parking Gambetta Fontaine - Cherbourg-en-Cotentin (2\npages) Page 242\n50-2025-07-09-00006 - Arr\u00eat\u00e9 portant renouvellement d'un syst\u00e8me de\nvid\u00e9oprotection - Action France - Cherbourg-en-Cotentin (2 pages) Page 245\n50-2025-07-09-00005 - Arr\u00eat\u00e9 portant renouvellement d'un syst\u00e8me de\nvid\u00e9oprotection - Action France - Saint-Martin-des-Champs - Avranches (2\npages) Page 248\n50-2025-07-09-00004 - Arr\u00eat\u00e9 portant renouvellement d'un syst\u00e8me de\nvid\u00e9oprotection - CIC -Saint-L\u00f4 (2 pages) Page 251\n50-2025-07-09-00003 - Arr\u00eat\u00e9 portant renouvellement d'un syst\u00e8me de\nvid\u00e9oprotection - Cr\u00e9dit Mutuel - Cr\u00e9ances (2 pages) Page 254\n50-2025-07-09-00001 - Arr\u00eat\u00e9 portant renouvellement d'un syst\u00e8me de\nvid\u00e9oprotection - Cr\u00e9dit Mutuel - P\u00e9riers (2 pages) Page 257\n50-2025-07-09-00002 - Arr\u00eat\u00e9 portant renouvellement d'un syst\u00e8me de\nvid\u00e9oprotection - Cr\u00e9dit Mutuel - Saint-L\u00f4 (2 pages) Page 260\n50-2025-07-09-00008 - Arr\u00eat\u00e9 portant renouvellement d'un syst\u00e8me de\nvid\u00e9oprotection - Cr\u00e9dit Mutuel - Torigny-les-Villes (2 pages) Page 263\n50-2025-07-09-00007 - Arr\u00eat\u00e9 portant renouvellement d'un syst\u00e8me de\nvid\u00e9oprotection - Sar Durey Chancey - Saint-Planchers (2 pages) Page 266\n50-2025-06-11-00037 - Arr\u00eat\u00e9 portant renouvellement d'un syst\u00e8me de\nvid\u00e9oprotection - Villedieu-les-Po\u00ebles-Rouffigny (2 pages) Page 269\n50-2025-07-04-00002 - Arr\u00eat\u00e9 pr\u00e9fectoral n\u00b0 2025-108 portant\nrenouvellement de la composition de la commission d\u00e9partementale des\nsyst\u00e8mes de vid\u00e9oprotection (3 pages) Page 272\n6\nAgence r\u00e9gionale de sant\u00e9 de Normandie\n50-2025-07-04-00001\nArr\u00eat\u00e9 fixant le tour de garde des entreprises de\ntransports sanitaires terrestres agr\u00e9\u00e9es de la\nManche pour la p\u00e9riode du 1er juillet au 30\nseptembre 2025\nAgence r\u00e9gionale de sant\u00e9 de Normandie - 50-2025-07-04-00001 - Arr\u00eat\u00e9 fixant le tour de garde des entreprises de transports\nsanitaires terrestres agr\u00e9\u00e9es de la Manche pour la p\u00e9riode du 1er juillet au 30 septembre 2025 7\nREPUBLIQUEFRANCAISELibert\u00e9Egalit\u00e9Fraternit\u00e9\nAl@ D Agence R\u00e9gionale de Sant\u00e9Normandie\n \n  \n \n \nARRETE FIXANT LE TOUR DE GARDE DES ENTREPRISES DE TRANSPORTS \nSANITAIRES TERRESTRES AGREEES DE LA MANCHE POUR LA PERIODE DU \n1er JUILLET AU 30 SEPTEMBRE 2025 \nVU le code de la sant\u00e9 publique, et notamment le livre III, titre 1er, chapitre II, transports sanitaires ; \nVU la loi n\u00b0 2009-879 du 21 juillet 2009 modifi\u00e9e portant r\u00e9forme de l'h\u00f4pital et relative aux patients, \n\u00e0 la sant\u00e9 et aux territoires ; \nVU le d\u00e9cret n\u00b0 2010-336 du 31 mars 2010 portant cr\u00e9ation des agences r\u00e9gionales de sant\u00e9 ; \nVU le d\u00e9cret n\u00b0 2010 -344 du 31 mars 2010 tirant les cons\u00e9quences, au niveau r\u00e9glementaire, de \nl'intervention de la loi n\u00b0 2009 -879 du 21 juillet 2009 portant r\u00e9forme de l'h\u00f4pital et relative aux \npatients, \u00e0 la sant\u00e9 et aux territoires ; \nVU le d\u00e9cret n\u00b0 2012 -1331 du 29 novembre 2012 modifiant certaines r\u00e9glementations prises en \napplication de la loi n\u00b02009 -879 du 21 juillet 2009 portant r\u00e9forme de l'h\u00f4pital et relative aux \npatients, \u00e0 la sant\u00e9 et aux territoires ; \nVU  le d\u00e9cret n\u00b0 2015-1650 du 11 d\u00e9cembre 2015 adaptant les agences r\u00e9gionales de sant\u00e9 \u00e0 la nouvelle \nd\u00e9limitation des r\u00e9gions ; \nVU  le d\u00e9cret du 26 juin 2024 portant nomination de Monsieur Fran\u00e7ois MENGIN-LECREULX en qualit\u00e9 \nde Directeur g\u00e9n\u00e9ral de l'agence r\u00e9gionale de sant\u00e9 (ARS) Normandie ; \nVU le d\u00e9cret n\u00b0 2022-631 du 22 avril 2022 portant r\u00e9forme des transports sanitaires urgents et de leur \nparticipation \u00e0 la garde ; \nVU l'arr\u00eat\u00e9 du 22 avril 2022 fixant le montant et les modalit\u00e9s de versement de l'indemnit\u00e9 de \nsubstitution pour la mobilisation d'un service d'incendie et de secours sur un secteur non couvert \npar une garde ambulanci\u00e8re ; \nVU l'arr\u00eat\u00e9 du 26 avril 2022 relatif aux plafonds d'heures de garde pour l'organisation de la garde \npr\u00e9vue \u00e0 l'article R.6312-19 du Code de la sant\u00e9 publique ;  \nVU l'arr\u00eat\u00e9 du 26 avril 2022 relatif aux crit\u00e8res, aux modalit\u00e9s de d\u00e9signation ainsi qu'aux obligations \net missions de l'association des transports sanitaires d'urgence la plus repr\u00e9sentative au plan \nd\u00e9partemental ; \nVU l'instruction interminist\u00e9rielle n\u00b0 DGOS/R2/DSS/DGSCGC/2022/144 du 13 mai 2022 relative \u00e0 la \nmise en \u0153uvre de la r\u00e9forme des transports sanitaire urgents et de la participation des entreprises \nde transports sanitaires au service de garde ; \nVU l'arr\u00eat\u00e9 du 1er juillet 2022 modifi\u00e9 par arr\u00eat\u00e9 du 24 janvier 2024, du directeur g\u00e9n\u00e9ral de l'agence \nr\u00e9gionale de sant\u00e9 de Normandie fixant le cahier des charges pour l'organisation de la garde et de \nla r\u00e9ponse \u00e0 la demande de transports sanitaires urgents dans le d\u00e9partement de la Manche  ; \nAgence r\u00e9gionale de sant\u00e9 de Normandie - 50-2025-07-04-00001 - Arr\u00eat\u00e9 fixant le tour de garde des entreprises de transports\nsanitaires terrestres agr\u00e9\u00e9es de la Manche pour la p\u00e9riode du 1er juillet au 30 septembre 2025 8\n \n  \nVU la d\u00e9cision en date du 27 janvier 2025 portant d\u00e9l\u00e9gation de signature du Directeur g\u00e9n\u00e9ral de \nl'ARS Normandie ; \nVU la proposition en date du 30 juin 2025 de l'association de transports sanitaires urgents (ATSU) de \nla Manche , conform\u00e9ment \u00e0 l'article R 6312 -21 du code de la sant\u00e9 publique , concernant les \ntableaux de gardes pour le troisi\u00e8me trimestre 2025 ;  \nVU l'avis du sous -comit\u00e9 des transports sanitaires du comit\u00e9 d\u00e9partemental de l'aide m\u00e9dicale  \nurgente, de la permanence des soins et des transports sanitaires de la Manche du  4 juillet 2025 \u00e0 \n12H, apr\u00e8s consultation et vote \u00e9lectronique ; \nARRETE \nArticle 1 :  \nLa garde d \u00e9partementale des entreprises de transports sanitaires terrestres du d \u00e9partement de la \nManche est organis\u00e9e pour la p\u00e9riode du 1er juillet au 30 septembre 2025, conform\u00e9ment aux tableaux \nde gardes des secteurs annex\u00e9s au pr\u00e9sent arr\u00eat\u00e9. \nArticle 2 :  \nLa garde s'effectuera en fonction des horaires d\u00e9termin\u00e9s pour chaque secteur . \nArticle 3 :  \nLe pr\u00e9sent arr\u00eat\u00e9 sera notifi\u00e9 \u00e0 l'A.T.S.U. 50, au service m\u00e9dical d'aide urgente (SAMU), \u00e0 la caisse primaire \nd'assurance maladie de la Manche charg\u00e9e du versement de la r\u00e9mun\u00e9ration aux entreprises de \ntransports sanitaires et au Service d\u00e9partemental d'incendie et de secours (SDIS) . \nArticle 4 :  \nConform\u00e9ment au cahier des charges suscit\u00e9, l'A.T.S.U. 50 communique le tableau de la garde \nd\u00e9partementale aux entreprises de transport sanitaire du d\u00e9partement. \nArticle 5 :  \nLe pr\u00e9sent arr\u00eat\u00e9 pourra faire l'objet dans un d\u00e9lai de deux mois \u00e0 compter de sa notification aux \nint\u00e9ress\u00e9s ou de l'ex\u00e9cution des formalit\u00e9s de publicit\u00e9 pour les tiers.  \n1) D'un recours gracieux aupr\u00e8s de Monsieur le Directeur g\u00e9n\u00e9ral de l'agence r\u00e9gionale de sant\u00e9 de \nNormandie, sise 2 Place Jean Nouzille 14050 CAEN Cedex 4 ; \n2) D'un recours  hi\u00e9rarchique aupr\u00e8s du  Minist\u00e8re du Travail, de la Sant\u00e9, des Solidarit\u00e9s et des \nFamilles, DGOS, bureau des affaires juridiques, 14 avenue Duquesne, 75350 Paris ; \n3) D'un recours contentieux devant le tribunal administratif sis 3 rue Arthur LEDUC 14050 CAEN.  \nLa saisine du tribunal administratif de CAEN peut se faire via T\u00e9l\u00e9recours citoyen \nwww.telerecours.fr \u00bb. \nEn cas de recours gracieux ou hi\u00e9rarchique, le recours contentieux peut \u00eatre pr\u00e9sent\u00e9 dans un d\u00e9lai franc \nde deux mois apr\u00e8s la notification d'une d\u00e9cision expresse ou implicite de rejet .  \n \nAgence r\u00e9gionale de sant\u00e9 de Normandie - 50-2025-07-04-00001 - Arr\u00eat\u00e9 fixant le tour de garde des entreprises de transports\nsanitaires terrestres agr\u00e9\u00e9es de la Manche pour la p\u00e9riode du 1er juillet au 30 septembre 2025 9\n \n  \nArticle 6 :  \nLe Directeur de l'offre de soins  de l'agence r\u00e9gionale de s ant\u00e9 de Normandie est charg\u00e9 de l'ex\u00e9cution \ndu pr\u00e9sent arr\u00eat\u00e9, qui sera publi\u00e9 au recueil des actes administratifs du d\u00e9partement de la Manche .  \n \nFait \u00e0 Caen, le 4 juillet 2025 \n  Le Directeur g\u00e9n\u00e9ral \n \n \n \nFran\u00e7ois MENGIN-LECREULX \n \nAgence r\u00e9gionale de sant\u00e9 de Normandie - 50-2025-07-04-00001 - Arr\u00eat\u00e9 fixant le tour de garde des entreprises de transports\nsanitaires terrestres agr\u00e9\u00e9es de la Manche pour la p\u00e9riode du 1er juillet au 30 septembre 2025 10\nJour Date Horaires N\u00b0 AM Nom soci\u00e9t\u00e9 Jour Date Horaires N\u00b0 AM Nom soci\u00e9t\u00e9 \nMardi 1/7/2025 07:00 - 19:00 502500739 DAVODET Mardi 1/7/2025 19:00 - 07:00 502500739 DAVODET \nMercredi 2/7/2025 07:00 - 19:00 502500739 DAVODET Mercredi 2/7/2025 19:00 - 07:00 502500739 DAVODET \nJeudi 3/7/2025 07:00 - 19:00 502501729 TOURLAVILLE Jeudi 3/7/2025 19:00 - 07:00 502501729 TOURLAVILLE \nVendredi 4/7/2025 07:00 - 19:00 502501729 TOURLAVILLE Vendredi 4/7/2025 19:00 - 07:00 502501729 TOURLAVILLE \nSamedi 5/7/2025 07:00 - 19:00 502501729 TOURLAVILLE Samedi 5/7/2025 19:00 - 07:00 502501729 TOURLAVILLE \nDimanche 6/7/2025 07:00 - 19:00 502501729 TOURLAVILLE Dimanche 6/7/2025 19:00 - 07:00 502501729 TOURLAVILLE \nLundi 7/7/2025 07:00 - 19:00 502500739 DAVODET Lundi 7/7/2025 19:00 - 07:00 502500739 DAVODET \nMardi 8/7/2025 07:00 - 19:00 502500739 DAVODET Mardi 8/7/2025 19:00 - 07:00 502500739 DAVODET \nMercredi 9/7/2025 07:00 - 19:00 502500739 DAVODET Mercredi 9/7/2025 19:00 - 07:00 502500739 DAVODET \nJeudi 10/7/2025 07:00 - 19:00 502500739 DAVODET Jeudi 10/7/2025 19:00 - 07:00 502500739 DAVODET \nVendredi 11/7/2025 07:00 - 19:00 502501729 TOURLAVILLE Vendredi 11/7/2025 19:00 - 07:00 502501729 TOURLAVILLE \nSamedi 12/7/2025 07:00 - 19:00 502501729 TOURLAVILLE Samedi 12/7/2025 19:00 - 07:00 502501729 TOURLAVILLE \nDimanche 13/7/2025 07:00 - 19:00 502501729 TOURLAVILLE Dimanche 13/7/2025 19:00 - 07:00 502501729 TOURLAVILLE \nLundi 14/7/2025 07:00 - 19:00 502501729 TOURLAVILLE Lundi 14/7/2025 19:00 - 07:00 502501729 TOURLAVILLE \nMardi 15/7/2025 07:00 - 19:00 502500739 DAVODET Mardi 15/7/2025 19:00 - 07:00 502500739 DAVODET \nMercredi 16/7/2025 07:00 - 19:00 502500739 DAVODET Mercredi 16/7/2025 19:00 - 07:00 502500739 DAVODET \nJeudi 17/7/2025 07:00 - 19:00 502500739 DAVODET Jeudi 17/7/2025 19:00 - 07:00 502500739 DAVODET \nVendredi 18/7/2025 07:00 - 19:00 502500739 DAVODET Vendredi 18/7/2025 19:00 - 07:00 502500739 DAVODET \nSamedi 19/7/2025 07:00 - 19:00 502501729 TOURLAVILLE Samedi 19/7/2025 19:00 - 07:00 502501729 TOURLAVILLE \nDimanche 20/7/2025 07:00 - 19:00 502501729 TOURLAVILLE Dimanche 20/7/2025 19:00 - 07:00 502501729 TOURLAVILLE \nLundi 21/7/2025 07:00 - 19:00 502501729 TOURLAVILLE Lundi 21/7/2025 19:00 - 07:00 502501729 TOURLAVILLE \nMardi 22/7/2025 07:00 - 19:00 502501729 TOURLAVILLE Mardi 22/7/2025 19:00 - 07:00 502501729 TOURLAVILLE \nMercredi 23/7/2025 07:00 - 19:00 502500739 DAVODET Mercredi 23/7/2025 19:00 - 07:00 502500739 DAVODET \nJeudi 24/7/2025 07:00 - 19:00 502500739 DAVODET Jeudi 24/7/2025 19:00 - 07:00 502500739 DAVODET \nVendredi 25/7/2025 07:00 - 19:00 502500739 DAVODET Vendredi 25/7/2025 19:00 - 07:00 502500739 DAVODET \nSamedi 26/7/2025 07:00 - 19:00 502500739 DAVODET Samedi 26/7/2025 19:00 - 07:00 502500739 DAVODET \nDimanche 27/7/2025 07:00 - 19:00 502501729 TOURLAVILLE Dimanche 27/7/2025 19:00 - 07:00 502501729 TOURLAVILLE \nLundi 28/7/2025 07:00 - 19:00 502501729 TOURLAVILLE Lundi 28/7/2025 19:00 - 07:00 502501729 TOURLAVILLE \nMardi 29/7/2025 07:00 - 19:00 502501729 TOURLAVILLE Mardi 29/7/2025 19:00 - 07:00 502501729 TOURLAVILLE \nMercredi 30/7/2025 07:00 - 19:00 502501729 TOURLAVILLE Mercredi 30/7/2025 19:00 - 07:00 502501729 TOURLAVILLE \nJeudi 31/7/2025 07:00 - 19:00 502500739 DAVODET Jeudi 31/7/2025 19:00 - 07:00 502500739 DAVODET \nVendredi 1/8/2025 07:00 - 19:00 502500739 DAVODET Vendredi 1/8/2025 19:00 - 07:00 502500739 DAVODET \nSamedi 2/8/2025 07:00 - 19:00 502500739 DAVODET Samedi 2/8/2025 19:00 - 07:00 502500739 DAVODET \nGARDE 50 SECTEUR 1 JOUR Ligne 1 GARDE 50 SECTEUR 1 NUIT Ligne 1 \nAgence r\u00e9gionale de sant\u00e9 de Normandie - 50-2025-07-04-00001 - Arr\u00eat\u00e9 fixant le tour de garde des entreprises de transports\nsanitaires terrestres agr\u00e9\u00e9es de la Manche pour la p\u00e9riode du 1er juillet au 30 septembre 2025 11\nDimanche 3/8/2025 07:00 - 19:00 502500739 DAVODET Dimanche 3/8/2025 19:00 - 07:00 502500739 DAVODET \nLundi 4/8/2025 07:00 - 19:00 502501729 TOURLAVILLE Lundi 4/8/2025 19:00 - 07:00 502501729 TOURLAVILLE \nMardi 5/8/2025 07:00 - 19:00 502501729 TOURLAVILLE Mardi 5/8/2025 19:00 - 07:00 502501729 TOURLAVILLE \nMercredi 6/8/2025 07:00 - 19:00 502501729 TOURLAVILLE Mercredi 6/8/2025 19:00 - 07:00 502501729 TOURLAVILLE \nJeudi 7/8/2025 07:00 - 19:00 502501729 TOURLAVILLE Jeudi 7/8/2025 19:00 - 07:00 502501729 TOURLAVILLE \nVendredi 8/8/2025 07:00 - 19:00 502500739 DAVODET Vendredi 8/8/2025 19:00 - 07:00 502500739 DAVODET \nSamedi 9/8/2025 07:00 - 19:00 502500739 DAVODET Samedi 9/8/2025 19:00 - 07:00 502500739 DAVODET \nDimanche 10/8/2025 07:00 - 19:00 502500739 DAVODET Dimanche 10/8/2025 19:00 - 07:00 502500739 DAVODET \nLundi 11/8/2025 07:00 - 19:00 502500739 DAVODET Lundi 11/8/2025 19:00 - 07:00 502500739 DAVODET \nMardi 12/8/2025 07:00 - 19:00 502501729 TOURLAVILLE Mardi 12/8/2025 19:00 - 07:00 502501729 TOURLAVILLE \nMercredi 13/8/2025 07:00 - 19:00 502501729 TOURLAVILLE Mercredi 13/8/2025 19:00 - 07:00 502501729 TOURLAVILLE \nJeudi 14/8/2025 07:00 - 19:00 502501729 TOURLAVILLE Jeudi 14/8/2025 19:00 - 07:00 502501729 TOURLAVILLE \nVendredi 15/8/2025 07:00 - 19:00 502501729 TOURLAVILLE Vendredi 15/8/2025 19:00 - 07:00 502501729 TOURLAVILLE \nSamedi 16/8/2025 07:00 - 19:00 502500739 DAVODET Samedi 16/8/2025 19:00 - 07:00 502500739 DAVODET \nDimanche 17/8/2025 07:00 - 19:00 502500739 DAVODET Dimanche 17/8/2025 19:00 - 07:00 502500739 DAVODET \nLundi 18/8/2025 07:00 - 19:00 502500739 DAVODET Lundi 18/8/2025 19:00 - 07:00 502500739 DAVODET \nMardi 19/8/2025 07:00 - 19:00 502500739 DAVODET Mardi 19/8/2025 19:00 - 07:00 502500739 DAVODET \nMercredi 20/8/2025 07:00 - 19:00 502501729 TOURLAVILLE Mercredi 20/8/2025 19:00 - 07:00 502501729 TOURLAVILLE \nJeudi 21/8/2025 07:00 - 19:00 502501729 TOURLAVILLE Jeudi 21/8/2025 19:00 - 07:00 502501729 TOURLAVILLE \nVendredi 22/8/2025 07:00 - 19:00 502501729 TOURLAVILLE Vendredi 22/8/2025 19:00 - 07:00 502501729 TOURLAVILLE \nSamedi 23/8/2025 07:00 - 19:00 502501729 TOURLAVILLE Samedi 23/8/2025 19:00 - 07:00 502501729 TOURLAVILLE \nDimanche 24/8/2025 07:00 - 19:00 502500739 DAVODET Dimanche 24/8/2025 19:00 - 07:00 502500739 DAVODET \nLundi 25/8/2025 07:00 - 19:00 502500739 DAVODET Lundi 25/8/2025 19:00 - 07:00 502500739 DAVODET \nMardi 26/8/2025 07:00 - 19:00 502500739 DAVODET Mardi 26/8/2025 19:00 - 07:00 502500739 DAVODET \nMercredi 27/8/2025 07:00 - 19:00 502500739 DAVODET Mercredi 27/8/2025 19:00 - 07:00 502500739 DAVODET \nJeudi 28/8/2025 07:00 - 19:00 502501729 TOURLAVILLE Jeudi 28/8/2025 19:00 - 07:00 502501729 TOURLAVILLE \nVendredi 29/8/2025 07:00 - 19:00 502501729 TOURLAVILLE Vendredi 29/8/2025 19:00 - 07:00 502501729 TOURLAVILLE \nSamedi 30/8/2025 07:00 - 19:00 502501729 TOURLAVILLE Samedi 30/8/2025 19:00 - 07:00 502501729 TOURLAVILLE \nDimanche 31/8/2025 07:00 - 19:00 502501729 TOURLAVILLE Dimanche 31/8/2025 19:00 - 07:00 502501729 TOURLAVILLE \nLundi 1/9/2025 07:00 - 19:00 502500739 DAVODET Lundi 1/9/2025 19:00 - 07:00 502500739 DAVODET \nMardi 2/9/2025 07:00 - 19:00 502500739 DAVODET Mardi 2/9/2025 19:00 - 07:00 502500739 DAVODET \nMercredi 3/9/2025 07:00 - 19:00 502500739 DAVODET Mercredi 3/9/2025 19:00 - 07:00 502500739 DAVODET \nJeudi 4/9/2025 07:00 - 19:00 502500739 DAVODET Jeudi 4/9/2025 19:00 - 07:00 502500739 DAVODET \nVendredi 5/9/2025 07:00 - 19:00 502501729 TOURLAVILLE Vendredi 5/9/2025 19:00 - 07:00 502501729 TOURLAVILLE \nSamedi 6/9/2025 07:00 - 19:00 502501729 TOURLAVILLE Samedi 6/9/2025 19:00 - 07:00 502501729 TOURLAVILLE \nAgence r\u00e9gionale de sant\u00e9 de Normandie - 50-2025-07-04-00001 - Arr\u00eat\u00e9 fixant le tour de garde des entreprises de transports\nsanitaires terrestres agr\u00e9\u00e9es de la Manche pour la p\u00e9riode du 1er juillet au 30 septembre 2025 12\nDimanche 7/9/2025 07:00 - 19:00 502501729 TOURLAVILLE Dimanche 7/9/2025 19:00 - 07:00 502501729 TOURLAVILLE \nLundi 8/9/2025 07:00 - 19:00 502501729 TOURLAVILLE Lundi 8/9/2025 19:00 - 07:00 502501729 TOURLAVILLE \nMardi 9/9/2025 07:00 - 19:00 502500739 DAVODET Mardi 9/9/2025 19:00 - 07:00 502500739 DAVODET \nMercredi 10/9/2025 07:00 - 19:00 502500739 DAVODET Mercredi 10/9/2025 19:00 - 07:00 502500739 DAVODET \nJeudi 11/9/2025 07:00 - 19:00 502500739 DAVODET Jeudi 11/9/2025 19:00 - 07:00 502500739 DAVODET \nVendredi 12/9/2025 07:00 - 19:00 502500739 DAVODET Vendredi 12/9/2025 19:00 - 07:00 502500739 DAVODET \nSamedi 13/9/2025 07:00 - 19:00 502501729 TOURLAVILLE Samedi 13/9/2025 19:00 - 07:00 502501729 TOURLAVILLE \nDimanche 14/9/2025 07:00 - 19:00 502501729 TOURLAVILLE Dimanche 14/9/2025 19:00 - 07:00 502501729 TOURLAVILLE \nLundi 15/9/2025 07:00 - 19:00 502501729 TOURLAVILLE Lundi 15/9/2025 19:00 - 07:00 502501729 TOURLAVILLE \nMardi 16/9/2025 07:00 - 19:00 502501729 TOURLAVILLE Mardi 16/9/2025 19:00 - 07:00 502501729 TOURLAVILLE \nMercredi 17/9/2025 07:00 - 19:00 502500739 DAVODET Mercredi 17/9/2025 19:00 - 07:00 502500739 DAVODET \nJeudi 18/9/2025 07:00 - 19:00 502500739 DAVODET Jeudi 18/9/2025 19:00 - 07:00 502500739 DAVODET \nVendredi 19/9/2025 07:00 - 19:00 502500739 DAVODET Vendredi 19/9/2025 19:00 - 07:00 502500739 DAVODET \nSamedi 20/9/2025 07:00 - 19:00 502500739 DAVODET Samedi 20/9/2025 19:00 - 07:00 502500739 DAVODET \nDimanche 21/9/2025 07:00 - 19:00 502501729 TOURLAVILLE Dimanche 21/9/2025 19:00 - 07:00 502501729 TOURLAVILLE \nLundi 22/9/2025 07:00 - 19:00 502501729 TOURLAVILLE Lundi 22/9/2025 19:00 - 07:00 502501729 TOURLAVILLE \nMardi 23/9/2025 07:00 - 19:00 502501729 TOURLAVILLE Mardi 23/9/2025 19:00 - 07:00 502501729 TOURLAVILLE \nMercredi 24/9/2025 07:00 - 19:00 502501729 TOURLAVILLE Mercredi 24/9/2025 19:00 - 07:00 502501729 TOURLAVILLE \nJeudi 25/9/2025 07:00 - 19:00 502500739 DAVODET Jeudi 25/9/2025 19:00 - 07:00 502500739 DAVODET \nVendredi 26/9/2025 07:00 - 19:00 502500739 DAVODET Vendredi 26/9/2025 19:00 - 07:00 502500739 DAVODET \nSamedi 27/9/2025 07:00 - 19:00 502500739 DAVODET Samedi 27/9/2025 19:00 - 07:00 502500739 DAVODET \nDimanche 28/9/2025 07:00 - 19:00 502500739 DAVODET Dimanche 28/9/2025 19:00 - 07:00 502500739 DAVODET \nLundi 29/9/2025 07:00 - 19:00 502501729 TOURLAVILLE Lundi 29/9/2025 19:00 - 07:00 502501729 TOURLAVILLE \nMardi 30/9/2025 07:00 - 19:00 502501729 TOURLAVILLE Mardi 30/9/2025 19:00 - 07:00 502501729 TOURLAVILLE \nAgence r\u00e9gionale de sant\u00e9 de Normandie - 50-2025-07-04-00001 - Arr\u00eat\u00e9 fixant le tour de garde des entreprises de transports\nsanitaires terrestres agr\u00e9\u00e9es de la Manche pour la p\u00e9riode du 1er juillet au 30 septembre 2025 13\nJour Date Horaires Nom soci\u00e9t\u00e9 Jour Date Horaires Nom soci\u00e9t\u00e9 \nMardi 1/7/2025 07:00 - 19:00 Langelier Mardi 1/7/2025 19:00 - 07:00 Davodet \nMercredi 2/7/2025 07:00 - 19:00 Tellier Mercredi 2/7/2025 19:00 - 07:00 Davodet \nJeudi 3/7/2025 07:00 - 19:00 Tellier Jeudi 3/7/2025 19:00 - 07:00 Davodet \nVendredi 4/7/2025 07:00 - 19:00 Tellier Vendredi 4/7/2025 19:00 - 07:00 Davodet \nSamedi 5/7/2025 07:00 - 19:00 Tellier Samedi 5/7/2025 19:00 - 07:00 Davodet \nDimanche 6/7/2025 07:00 - 19:00 Langelier Dimanche 6/7/2025 19:00 - 07:00 Davodet \nLundi 7/7/2025 07:00 - 19:00 Tellier Lundi 7/7/2025 19:00 - 07:00 Davodet \nMardi 8/7/2025 07:00 - 19:00 Tellier Mardi 8/7/2025 19:00 - 07:00 Davodet \nMercredi 9/7/2025 07:00 - 19:00 Tellier Mercredi 9/7/2025 19:00 - 07:00 Davodet \nJeudi 10/7/2025 07:00 - 19:00 Langelier Jeudi 10/7/2025 19:00 - 07:00 Davodet \nVendredi 11/7/2025 07:00 - 19:00 Davodet Vendredi 11/7/2025 19:00 - 07:00 Tellier \nSamedi 12/7/2025 07:00 - 19:00 Davodet Samedi 12/7/2025 19:00 - 07:00 Tellier \nDimanche 13/7/2025 07:00 - 19:00 Davodet Dimanche 13/7/2025 19:00 - 07:00 Tellier \nLundi 14/7/2025 07:00 - 19:00 Davodet Lundi 14/7/2025 19:00 - 07:00 Tellier \nMardi 15/7/2025 07:00 - 19:00 Langelier Mardi 15/7/2025 19:00 - 07:00 Tellier \nMercredi 16/7/2025 07:00 - 19:00 Tellier Mercredi 16/7/2025 19:00 - 07:00 Davodet \nJeudi 17/7/2025 07:00 - 19:00 Tellier Jeudi 17/7/2025 19:00 - 07:00 Davodet \nVendredi 18/7/2025 07:00 - 19:00 Tellier Vendredi 18/7/2025 19:00 - 07:00 Davodet \nSamedi 19/7/2025 07:00 - 19:00 Davodet Samedi 19/7/2025 19:00 - 07:00 Davodet \nDimanche 20/7/2025 07:00 - 19:00 Davodet Dimanche 20/7/2025 19:00 - 07:00 Davodet \nLundi 21/7/2025 07:00 - 19:00 Tellier Lundi 21/7/2025 19:00 - 07:00 Davodet \nMardi 22/7/2025 07:00 - 19:00 Tellier Mardi 22/7/2025 19:00 - 07:00 Davodet \nMercredi 23/7/2025 07:00 - 19:00 Tellier Mercredi 23/7/2025 19:00 - 07:00 Davodet \nJeudi 24/7/2025 07:00 - 19:00 Langelier Jeudi 24/7/2025 19:00 - 07:00 Davodet \nVendredi 25/7/2025 07:00 - 19:00 Davodet Vendredi 25/7/2025 19:00 - 07:00 Tellier \nSamedi 26/7/2025 07:00 - 19:00 Davodet Samedi 26/7/2025 19:00 - 07:00 Tellier \nDimanche 27/7/2025 07:00 - 19:00 Davodet Dimanche 27/7/2025 19:00 - 07:00 Tellier \nLundi 28/7/2025 07:00 - 19:00 Davodet Lundi 28/7/2025 19:00 - 07:00 Tellier \nMardi 29/7/2025 07:00 - 19:00 Langelier Mardi 29/7/2025 19:00 - 07:00 Tellier \nMercredi 30/7/2025 07:00 - 19:00 Tellier Mercredi 30/7/2025 19:00 - 07:00 Davodet \nJeudi 31/7/2025 07:00 - 19:00 Tellier Jeudi 31/7/2025 19:00 - 07:00 Davodet \nVendredi 1/8/2025 07:00 - 19:00 Tellier Vendredi 1/8/2025 19:00 - 07:00 Davodet \nSamedi 2/8/2025 07:00 - 19:00 Tellier Samedi 2/8/2025 19:00 - 07:00 Davodet \nGARDE 50 SECTEUR 2 JOUR Ligne 1 GARDE 50 SECTEUR 2 NUIT Ligne 1 \nAgence r\u00e9gionale de sant\u00e9 de Normandie - 50-2025-07-04-00001 - Arr\u00eat\u00e9 fixant le tour de garde des entreprises de transports\nsanitaires terrestres agr\u00e9\u00e9es de la Manche pour la p\u00e9riode du 1er juillet au 30 septembre 2025 14\nDimanche 3/8/2025 07:00 - 19:00 Langelier Dimanche 3/8/2025 19:00 - 07:00 Davodet \nLundi 4/8/2025 07:00 - 19:00 Tellier Lundi 4/8/2025 19:00 - 07:00 Davodet \nMardi 5/8/2025 07:00 - 19:00 Tellier Mardi 5/8/2025 19:00 - 07:00 Davodet \nMercredi 6/8/2025 07:00 - 19:00 Tellier Mercredi 6/8/2025 19:00 - 07:00 Davodet \nJeudi 7/8/2025 07:00 - 19:00 Langelier Jeudi 7/8/2025 19:00 - 07:00 Davodet \nVendredi 8/8/2025 07:00 - 19:00 Davodet Vendredi 8/8/2025 19:00 - 07:00 Tellier \nSamedi 9/8/2025 07:00 - 19:00 Davodet Samedi 9/8/2025 19:00 - 07:00 Tellier \nDimanche 10/8/2025 07:00 - 19:00 Davodet Dimanche 10/8/2025 19:00 - 07:00 Tellier \nLundi 11/8/2025 07:00 - 19:00 Davodet Lundi 11/8/2025 19:00 - 07:00 Tellier \nMardi 12/8/2025 07:00 - 19:00 Langelier Mardi 12/8/2025 19:00 - 07:00 Tellier \nMercredi 13/8/2025 07:00 - 19:00 Tellier Mercredi 13/8/2025 19:00 - 07:00 Davodet \nJeudi 14/8/2025 07:00 - 19:00 Tellier Jeudi 14/8/2025 19:00 - 07:00 Davodet \nVendredi 15/8/2025 07:00 - 19:00 Tellier Vendredi 15/8/2025 19:00 - 07:00 Davodet \nSamedi 16/8/2025 07:00 - 19:00 Davodet Samedi 16/8/2025 19:00 - 07:00 Davodet \nDimanche 17/8/2025 07:00 - 19:00 Davodet Dimanche 17/8/2025 19:00 - 07:00 Davodet \nLundi 18/8/2025 07:00 - 19:00 Tellier Lundi 18/8/2025 19:00 - 07:00 Davodet \nMardi 19/8/2025 07:00 - 19:00 Tellier Mardi 19/8/2025 19:00 - 07:00 Davodet \nMercredi 20/8/2025 07:00 - 19:00 Tellier Mercredi 20/8/2025 19:00 - 07:00 Davodet \nJeudi 21/8/2025 07:00 - 19:00 Langelier Jeudi 21/8/2025 19:00 - 07:00 Davodet \nVendredi 22/8/2025 07:00 - 19:00 Davodet Vendredi 22/8/2025 19:00 - 07:00 Tellier \nSamedi 23/8/2025 07:00 - 19:00 Davodet Samedi 23/8/2025 19:00 - 07:00 Tellier \nDimanche 24/8/2025 07:00 - 19:00 Davodet Dimanche 24/8/2025 19:00 - 07:00 Tellier \nLundi 25/8/2025 07:00 - 19:00 Davodet Lundi 25/8/2025 19:00 - 07:00 Tellier \nMardi 26/8/2025 07:00 - 19:00 Langelier Mardi 26/8/2025 19:00 - 07:00 Tellier \nMercredi 27/8/2025 07:00 - 19:00 Tellier Mercredi 27/8/2025 19:00 - 07:00 Davodet \nJeudi 28/8/2025 07:00 - 19:00 Tellier Jeudi 28/8/2025 19:00 - 07:00 Davodet \nVendredi 29/8/2025 07:00 - 19:00 Tellier Vendredi 29/8/2025 19:00 - 07:00 Davodet \nSamedi 30/8/2025 07:00 - 19:00 Tellier Samedi 30/8/2025 19:00 - 07:00 Davodet \nDimanche 31/8/2025 07:00 - 19:00 Langelier Dimanche 31/8/2025 19:00 - 07:00 Davodet \nLundi 1/9/2025 07:00 - 19:00 Tellier Lundi 1/9/2025 19:00 - 07:00 Davodet \nMardi 2/9/2025 07:00 - 19:00 Tellier Mardi 2/9/2025 19:00 - 07:00 Davodet \nMercredi 3/9/2025 07:00 - 19:00 Tellier Mercredi 3/9/2025 19:00 - 07:00 Davodet \nJeudi 4/9/2025 07:00 - 19:00 Langelier Jeudi 4/9/2025 19:00 - 07:00 Davodet \nVendredi 5/9/2025 07:00 - 19:00 Davodet Vendredi 5/9/2025 19:00 - 07:00 Tellier \nSamedi 6/9/2025 07:00 - 19:00 Davodet Samedi 6/9/2025 19:00 - 07:00 Tellier \nAgence r\u00e9gionale de sant\u00e9 de Normandie - 50-2025-07-04-00001 - Arr\u00eat\u00e9 fixant le tour de garde des entreprises de transports\nsanitaires terrestres agr\u00e9\u00e9es de la Manche pour la p\u00e9riode du 1er juillet au 30 septembre 2025 15\nDimanche 7/9/2025 07:00 - 19:00 Davodet Dimanche 7/9/2025 19:00 - 07:00 Tellier \nLundi 8/9/2025 07:00 - 19:00 Davodet Lundi 8/9/2025 19:00 - 07:00 Tellier \nMardi 9/9/2025 07:00 - 19:00 Langelier Mardi 9/9/2025 19:00 - 07:00 Tellier \nMercredi 10/9/2025 07:00 - 19:00 Tellier Mercredi 10/9/2025 19:00 - 07:00 Davodet \nJeudi 11/9/2025 07:00 - 19:00 Tellier Jeudi 11/9/2025 19:00 - 07:00 Davodet \nVendredi 12/9/2025 07:00 - 19:00 Tellier Vendredi 12/9/2025 19:00 - 07:00 Davodet \nSamedi 13/9/2025 07:00 - 19:00 Davodet Samedi 13/9/2025 19:00 - 07:00 Davodet \nDimanche 14/9/2025 07:00 - 19:00 Davodet Dimanche 14/9/2025 19:00 - 07:00 Davodet \nLundi 15/9/2025 07:00 - 19:00 Tellier Lundi 15/9/2025 19:00 - 07:00 Davodet \nMardi 16/9/2025 07:00 - 19:00 Tellier Mardi 16/9/2025 19:00 - 07:00 Davodet \nMercredi 17/9/2025 07:00 - 19:00 Tellier Mercredi 17/9/2025 19:00 - 07:00 Davodet \nJeudi 18/9/2025 07:00 - 19:00 Langelier Jeudi 18/9/2025 19:00 - 07:00 Davodet \nVendredi 19/9/2025 07:00 - 19:00 Davodet Vendredi 19/9/2025 19:00 - 07:00 Tellier \nSamedi 20/9/2025 07:00 - 19:00 Davodet Samedi 20/9/2025 19:00 - 07:00 Tellier \nDimanche 21/9/2025 07:00 - 19:00 Davodet Dimanche 21/9/2025 19:00 - 07:00 Tellier \nLundi 22/9/2025 07:00 - 19:00 Davodet Lundi 22/9/2025 19:00 - 07:00 Tellier \nMardi 23/9/2025 07:00 - 19:00 Langelier Mardi 23/9/2025 19:00 - 07:00 Tellier \nMercredi 24/9/2025 07:00 - 19:00 Tellier Mercredi 24/9/2025 19:00 - 07:00 Davodet \nJeudi 25/9/2025 07:00 - 19:00 Tellier Jeudi 25/9/2025 19:00 - 07:00 Davodet \nVendredi 26/9/2025 07:00 - 19:00 Tellier Vendredi 26/9/2025 19:00 - 07:00 Davodet \nSamedi 27/9/2025 07:00 - 19:00 Tellier Samedi 27/9/2025 19:00 - 07:00 Davodet \nDimanche 28/9/2025 07:00 - 19:00 Langelier Dimanche 28/9/2025 19:00 - 07:00 Davodet \nLundi 29/9/2025 07:00 - 19:00 Tellier Lundi 29/9/2025 19:00 - 07:00 Davodet \nMardi 30/9/2025 07:00 - 19:00 Tellier Mardi 30/9/2025 19:00 - 07:00 Davodet \nAgence r\u00e9gionale de sant\u00e9 de Normandie - 50-2025-07-04-00001 - Arr\u00eat\u00e9 fixant le tour de garde des entreprises de transports\nsanitaires terrestres agr\u00e9\u00e9es de la Manche pour la p\u00e9riode du 1er juillet au 30 septembre 2025 16\nJour Date Horaires Nom soci\u00e9t\u00e9 Jour Date Horaires Nom soci\u00e9t\u00e9 \nMardi 1/7/2025 07:00 - 19:00 DAVODET.BR Mardi 1/7/2025 19:00 - 07:00 LEMARINEL \nMercredi 2/7/2025 07:00 - 19:00 DAVODET.BR Mercredi 2/7/2025 19:00 - 07:00 LEMARINEL \nJeudi 3/7/2025 07:00 - 19:00 DAVODET.LP Jeudi 3/7/2025 19:00 - 07:00 DAVODET.LP \nVendredi 4/7/2025 07:00 - 19:00 DAVODET.LP Vendredi 4/7/2025 19:00 - 07:00 DAVODET.LP \nSamedi 5/7/2025 07:00 - 19:00 DAVODET.LP Samedi 5/7/2025 19:00 - 07:00 DAVODET.LP \nDimanche 6/7/2025 07:00 - 19:00 DAVODET.LP Dimanche 6/7/2025 19:00 - 07:00 DAVODET.LP \nLundi 7/7/2025 07:00 - 19:00 LEMARINEL Lundi 7/7/2025 19:00 - 07:00 DAVODET.BR \nMardi 8/7/2025 07:00 - 19:00 LEMARINEL Mardi 8/7/2025 19:00 - 07:00 DAVODET.BR \nMercredi 9/7/2025 07:00 - 19:00 LEMARINEL Mercredi 9/7/2025 19:00 - 07:00 DAVODET.BR \nJeudi 10/7/2025 07:00 - 19:00 DAVODET.BR Jeudi 10/7/2025 19:00 - 07:00 LEMARINEL \nVendredi 11/7/2025 07:00 - 19:00 DAVODET.LP Vendredi 11/7/2025 19:00 - 07:00 DAVODET.LP \nSamedi 12/7/2025 07:00 - 19:00 DAVODET.LP Samedi 12/7/2025 19:00 - 07:00 DAVODET.LP \nDimanche 13/7/2025 07:00 - 19:00 DAVODET.LP Dimanche 13/7/2025 19:00 - 07:00 DAVODET.LP \nLundi 14/7/2025 07:00 - 19:00 DAVODET.LP Lundi 14/7/2025 19:00 - 07:00 DAVODET.LP \nMardi 15/7/2025 07:00 - 19:00 DAVODET.BR Mardi 15/7/2025 19:00 - 07:00 LEMARINEL \nMercredi 16/7/2025 07:00 - 19:00 DAVODET.BR Mercredi 16/7/2025 19:00 - 07:00 LEMARINEL \nJeudi 17/7/2025 07:00 - 19:00 DAVODET.BR Jeudi 17/7/2025 19:00 - 07:00 LEMARINEL \nVendredi 18/7/2025 07:00 - 19:00 DAVODET.BR Vendredi 18/7/2025 19:00 - 07:00 LEMARINEL \nSamedi 19/7/2025 07:00 - 19:00 DAVODET.LP Samedi 19/7/2025 19:00 - 07:00 DAVODET.LP \nDimanche 20/7/2025 07:00 - 19:00 DAVODET.LP Dimanche 20/7/2025 19:00 - 07:00 DAVODET.LP \nLundi 21/7/2025 07:00 - 19:00 DAVODET.LP Lundi 21/7/2025 19:00 - 07:00 DAVODET.LP \nMardi 22/7/2025 07:00 - 19:00 DAVODET.LP Mardi 22/7/2025 19:00 - 07:00 DAVODET.LP \nMercredi 23/7/2025 07:00 - 19:00 LEMARINEL Mercredi 23/7/2025 19:00 - 07:00 DAVODET.BR \nJeudi 24/7/2025 07:00 - 19:00 LEMARINEL Jeudi 24/7/2025 19:00 - 07:00 DAVODET.BR \nVendredi 25/7/2025 07:00 - 19:00 LEMARINEL Vendredi 25/7/2025 19:00 - 07:00 DAVODET.BR \nSamedi 26/7/2025 07:00 - 19:00 DAVODET.BR Samedi 26/7/2025 19:00 - 07:00 LEMARINEL \nDimanche 27/7/2025 07:00 - 19:00 DAVODET.LP Dimanche 27/7/2025 19:00 - 07:00 DAVODET.LP \nLundi 28/7/2025 07:00 - 19:00 DAVODET.LP Lundi 28/7/2025 19:00 - 07:00 DAVODET.LP \nMardi 29/7/2025 07:00 - 19:00 DAVODET.LP Mardi 29/7/2025 19:00 - 07:00 DAVODET.LP \nMercredi 30/7/2025 07:00 - 19:00 DAVODET.LP Mercredi 30/7/2025 19:00 - 07:00 DAVODET.LP \nJeudi 31/7/2025 07:00 - 19:00 DAVODET.BR Jeudi 31/7/2025 19:00 - 07:00 LEMARINEL \nVendredi 1/8/2025 07:00 - 19:00 DAVODET.BR Vendredi 1/8/2025 19:00 - 07:00 LEMARINEL \nSamedi 2/8/2025 07:00 - 19:00 DAVODET.BR Samedi 2/8/2025 19:00 - 07:00 LEMARINEL \nGARDE 50 SECTEUR 3 JOUR Ligne 1 GARDE 50 SECTEUR 3 NUIT Ligne 1 \nAgence r\u00e9gionale de sant\u00e9 de Normandie - 50-2025-07-04-00001 - Arr\u00eat\u00e9 fixant le tour de garde des entreprises de transports\nsanitaires terrestres agr\u00e9\u00e9es de la Manche pour la p\u00e9riode du 1er juillet au 30 septembre 2025 17\nDimanche 3/8/2025 07:00 - 19:00 DAVODET.BR Dimanche 3/8/2025 19:00 - 07:00 LEMARINEL \nLundi 4/8/2025 07:00 - 19:00 DAVODET.LP Lundi 4/8/2025 19:00 - 07:00 DAVODET.LP \nMardi 5/8/2025 07:00 - 19:00 DAVODET.LP Mardi 5/8/2025 19:00 - 07:00 DAVODET.LP \nMercredi 6/8/2025 07:00 - 19:00 DAVODET.LP Mercredi 6/8/2025 19:00 - 07:00 DAVODET.LP \nJeudi 7/8/2025 07:00 - 19:00 DAVODET.LP Jeudi 7/8/2025 19:00 - 07:00 DAVODET.LP \nVendredi 8/8/2025 07:00 - 19:00 LEMARINEL Vendredi 8/8/2025 19:00 - 07:00 DAVODET.BR \nSamedi 9/8/2025 07:00 - 19:00 LEMARINEL Samedi 9/8/2025 19:00 - 07:00 DAVODET.BR \nDimanche 10/8/2025 07:00 - 19:00 LEMARINEL Dimanche 10/8/2025 19:00 - 07:00 DAVODET.BR \nLundi 11/8/2025 07:00 - 19:00 DAVODET.BR Lundi 11/8/2025 19:00 - 07:00 LEMARINEL \nMardi 12/8/2025 07:00 - 19:00 DAVODET.LP Mardi 12/8/2025 19:00 - 07:00 DAVODET.LP \nMercredi 13/8/2025 07:00 - 19:00 DAVODET.LP Mercredi 13/8/2025 19:00 - 07:00 DAVODET.LP \nJeudi 14/8/2025 07:00 - 19:00 DAVODET.LP Jeudi 14/8/2025 19:00 - 07:00 DAVODET.LP \nVendredi 15/8/2025 07:00 - 19:00 DAVODET.LP Vendredi 15/8/2025 19:00 - 07:00 DAVODET.LP \nSamedi 16/8/2025 07:00 - 19:00 DAVODET.BR Samedi 16/8/2025 19:00 - 07:00 LEMARINEL \nDimanche 17/8/2025 07:00 - 19:00 DAVODET.BR Dimanche 17/8/2025 19:00 - 07:00 LEMARINEL \nLundi 18/8/2025 07:00 - 19:00 DAVODET.BR Lundi 18/8/2025 19:00 - 07:00 LEMARINEL \nMardi 19/8/2025 07:00 - 19:00 DAVODET.BR Mardi 19/8/2025 19:00 - 07:00 LEMARINEL \nMercredi 20/8/2025 07:00 - 19:00 DAVODET.LP Mercredi 20/8/2025 19:00 - 07:00 DAVODET.LP \nJeudi 21/8/2025 07:00 - 19:00 DAVODET.LP Jeudi 21/8/2025 19:00 - 07:00 DAVODET.LP \nVendredi 22/8/2025 07:00 - 19:00 DAVODET.LP Vendredi 22/8/2025 19:00 - 07:00 DAVODET.LP \nSamedi 23/8/2025 07:00 - 19:00 DAVODET.LP Samedi 23/8/2025 19:00 - 07:00 DAVODET.LP \nDimanche 24/8/2025 07:00 - 19:00 LEMARINEL Dimanche 24/8/2025 19:00 - 07:00 DAVODET.BR \nLundi 25/8/2025 07:00 - 19:00 LEMARINEL Lundi 25/8/2025 19:00 - 07:00 DAVODET.BR \nMardi 26/8/2025 07:00 - 19:00 LEMARINEL Mardi 26/8/2025 19:00 - 07:00 DAVODET.BR \nMercredi 27/8/2025 07:00 - 19:00 DAVODET.BR Mercredi 27/8/2025 19:00 - 07:00 LEMARINEL \nJeudi 28/8/2025 07:00 - 19:00 DAVODET.LP Jeudi 28/8/2025 19:00 - 07:00 DAVODET.LP \nVendredi 29/8/2025 07:00 - 19:00 DAVODET.LP Vendredi 29/8/2025 19:00 - 07:00 DAVODET.LP \nSamedi 30/8/2025 07:00 - 19:00 DAVODET.LP Samedi 30/8/2025 19:00 - 07:00 DAVODET.LP \nDimanche 31/8/2025 07:00 - 19:00 DAVODET.LP Dimanche 31/8/2025 19:00 - 07:00 DAVODET.LP \nLundi 1/9/2025 07:00 - 19:00 DAVODET.BR Lundi 1/9/2025 19:00 - 07:00 LEMARINEL \nMardi 2/9/2025 07:00 - 19:00 DAVODET.BR Mardi 2/9/2025 19:00 - 07:00 LEMARINEL \nMercredi 3/9/2025 07:00 - 19:00 DAVODET.BR Mercredi 3/9/2025 19:00 - 07:00 LEMARINEL \nJeudi 4/9/2025 07:00 - 19:00 DAVODET.BR Jeudi 4/9/2025 19:00 - 07:00 LEMARINEL \nVendredi 5/9/2025 07:00 - 19:00 DAVODET.LP Vendredi 5/9/2025 19:00 - 07:00 DAVODET.LP \nSamedi 6/9/2025 07:00 - 19:00 DAVODET.LP Samedi 6/9/2025 19:00 - 07:00 DAVODET.LP \nAgence r\u00e9gionale de sant\u00e9 de Normandie - 50-2025-07-04-00001 - Arr\u00eat\u00e9 fixant le tour de garde des entreprises de transports\nsanitaires terrestres agr\u00e9\u00e9es de la Manche pour la p\u00e9riode du 1er juillet au 30 septembre 2025 18\nDimanche 7/9/2025 07:00 - 19:00 DAVODET.LP Dimanche 7/9/2025 19:00 - 07:00 DAVODET.LP \nLundi 8/9/2025 07:00 - 19:00 DAVODET.LP Lundi 8/9/2025 19:00 - 07:00 DAVODET.LP \nMardi 9/9/2025 07:00 - 19:00 LEMARINEL Mardi 9/9/2025 19:00 - 07:00 DAVODET.BR \nMercredi 10/9/2025 07:00 - 19:00 LEMARINEL Mercredi 10/9/2025 19:00 - 07:00 DAVODET.BR \nJeudi 11/9/2025 07:00 - 19:00 LEMARINEL Jeudi 11/9/2025 19:00 - 07:00 DAVODET.BR \nVendredi 12/9/2025 07:00 - 19:00 DAVODET.BR Vendredi 12/9/2025 19:00 - 07:00 LEMARINEL \nSamedi 13/9/2025 07:00 - 19:00 DAVODET.LP Samedi 13/9/2025 19:00 - 07:00 DAVODET.LP \nDimanche 14/9/2025 07:00 - 19:00 DAVODET.LP Dimanche 14/9/2025 19:00 - 07:00 DAVODET.LP \nLundi 15/9/2025 07:00 - 19:00 DAVODET.LP Lundi 15/9/2025 19:00 - 07:00 DAVODET.LP \nMardi 16/9/2025 07:00 - 19:00 DAVODET.LP Mardi 16/9/2025 19:00 - 07:00 DAVODET.LP \nMercredi 17/9/2025 07:00 - 19:00 DAVODET.BR Mercredi 17/9/2025 19:00 - 07:00 LEMARINEL \nJeudi 18/9/2025 07:00 - 19:00 DAVODET.BR Jeudi 18/9/2025 19:00 - 07:00 LEMARINEL \nVendredi 19/9/2025 07:00 - 19:00 DAVODET.BR Vendredi 19/9/2025 19:00 - 07:00 LEMARINEL \nSamedi 20/9/2025 07:00 - 19:00 DAVODET.BR Samedi 20/9/2025 19:00 - 07:00 LEMARINEL \nDimanche 21/9/2025 07:00 - 19:00 DAVODET.LP Dimanche 21/9/2025 19:00 - 07:00 DAVODET.LP \nLundi 22/9/2025 07:00 - 19:00 DAVODET.LP Lundi 22/9/2025 19:00 - 07:00 DAVODET.LP \nMardi 23/9/2025 07:00 - 19:00 DAVODET.LP Mardi 23/9/2025 19:00 - 07:00 DAVODET.LP \nMercredi 24/9/2025 07:00 - 19:00 DAVODET.LP Mercredi 24/9/2025 19:00 - 07:00 DAVODET.LP \nJeudi 25/9/2025 07:00 - 19:00 LEMARINEL Jeudi 25/9/2025 19:00 - 07:00 DAVODET.BR \nVendredi 26/9/2025 07:00 - 19:00 LEMARINEL Vendredi 26/9/2025 19:00 - 07:00 DAVODET.BR \nSamedi 27/9/2025 07:00 - 19:00 LEMARINEL Samedi 27/9/2025 19:00 - 07:00 DAVODET.BR \nDimanche 28/9/2025 07:00 - 19:00 DAVODET.BR Dimanche 28/9/2025 19:00 - 07:00 LEMARINEL \nLundi 29/9/2025 07:00 - 19:00 DAVODET.LP Lundi 29/9/2025 19:00 - 07:00 DAVODET.LP \nMardi 30/9/2025 07:00 - 19:00 DAVODET.LP Mardi 30/9/2025 19:00 - 07:00 DAVODET.LP \nAgence r\u00e9gionale de sant\u00e9 de Normandie - 50-2025-07-04-00001 - Arr\u00eat\u00e9 fixant le tour de garde des entreprises de transports\nsanitaires terrestres agr\u00e9\u00e9es de la Manche pour la p\u00e9riode du 1er juillet au 30 septembre 2025 19\nJour Date Horaires Nom soci\u00e9t\u00e9 Jour Date Horaires Nom soci\u00e9t\u00e9 \nMardi 1/7/2025 07:00 - 19:00 CARENTANAISE Mardi 1/7/2025 19:00 - 07:00 CARENTANAISE \nMercredi 2/7/2025 07:00 - 19:00 AMB PLAIN COTENTIN Mercredi 2/7/2025 19:00 - 07:00 AMB PLAIN COTENTIN \nJeudi 3/7/2025 07:00 - 19:00 AMB PLAIN COTENTIN Jeudi 3/7/2025 19:00 - 07:00 AMB PLAIN COTENTIN \nVendredi 4/7/2025 07:00 - 19:00 AMB PLAIN COTENTIN Vendredi 4/7/2025 19:00 - 07:00 AMB PLAIN COTENTIN \nSamedi 5/7/2025 07:00 - 19:00 CARENTANAISE Samedi 5/7/2025 19:00 - 07:00 CARENTANAISE \nDimanche 6/7/2025 07:00 - 19:00 CARENTANAISE Dimanche 6/7/2025 19:00 - 07:00 CARENTANAISE \nLundi 7/7/2025 07:00 - 19:00 CARENTAN AMB Lundi 7/7/2025 19:00 - 07:00 AMB PLAIN COTENTIN \nMardi 8/7/2025 07:00 - 19:00 CARENTAN AMB Mardi 8/7/2025 19:00 - 07:00 AMB PLAIN COTENTIN \nMercredi 9/7/2025 07:00 - 19:00 CARENTANAISE Mercredi 9/7/2025 19:00 - 07:00 CARENTANAISE \nJeudi 10/7/2025 07:00 - 19:00 CARENTANAISE Jeudi 10/7/2025 19:00 - 07:00 CARENTANAISE \nVendredi 11/7/2025 07:00 - 19:00 CARENTANAISE Vendredi 11/7/2025 19:00 - 07:00 CARENTANAISE \nSamedi 12/7/2025 07:00 - 19:00 CARENTAN AMB Samedi 12/7/2025 19:00 - 07:00 AMB PLAIN COTENTIN \nDimanche 13/7/2025 07:00 - 19:00 CARENTAN AMB Dimanche 13/7/2025 19:00 - 07:00 AMB PLAIN COTENTIN \nLundi 14/7/2025 07:00 - 19:00 CARENTANAISE Lundi 14/7/2025 19:00 - 07:00 CARENTANAISE \nMardi 15/7/2025 07:00 - 19:00 CARENTANAISE Mardi 15/7/2025 19:00 - 07:00 CARENTANAISE \nMercredi 16/7/2025 07:00 - 19:00 CARENTAN AMB Mercredi 16/7/2025 19:00 - 07:00 AMB PLAIN COTENTIN \nJeudi 17/7/2025 07:00 - 19:00 CARENTAN AMB Jeudi 17/7/2025 19:00 - 07:00 AMB PLAIN COTENTIN \nVendredi 18/7/2025 07:00 - 19:00 CARENTAN AMB Vendredi 18/7/2025 19:00 - 07:00 AMB PLAIN COTENTIN \nSamedi 19/7/2025 07:00 - 19:00 CARENTANAISE Samedi 19/7/2025 19:00 - 07:00 CARENTANAISE \nDimanche 20/7/2025 07:00 - 19:00 CARENTANAISE Dimanche 20/7/2025 19:00 - 07:00 CARENTANAISE \nLundi 21/7/2025 07:00 - 19:00 AMB PLAIN COTENTIN Lundi 21/7/2025 19:00 - 07:00 AMB PLAIN COTENTIN \nMardi 22/7/2025 07:00 - 19:00 AMB PLAIN COTENTIN Mardi 22/7/2025 19:00 - 07:00 AMB PLAIN COTENTIN \nMercredi 23/7/2025 07:00 - 19:00 CARENTANAISE Mercredi 23/7/2025 19:00 - 07:00 CARENTANAISE \nJeudi 24/7/2025 07:00 - 19:00 CARENTANAISE Jeudi 24/7/2025 19:00 - 07:00 CARENTANAISE \nVendredi 25/7/2025 07:00 - 19:00 CARENTANAISE Vendredi 25/7/2025 19:00 - 07:00 CARENTANAISE \nSamedi 26/7/2025 07:00 - 19:00 AMB PLAIN COTENTIN Samedi 26/7/2025 19:00 - 07:00 AMB PLAIN COTENTIN \nDimanche 27/7/2025 07:00 - 19:00 AMB PLAIN COTENTIN Dimanche 27/7/2025 19:00 - 07:00 AMB PLAIN COTENTIN \nLundi 28/7/2025 07:00 - 19:00 CARENTANAISE Lundi 28/7/2025 19:00 - 07:00 CARENTANAISE \nMardi 29/7/2025 07:00 - 19:00 CARENTANAISE Mardi 29/7/2025 19:00 - 07:00 CARENTANAISE \nMercredi 30/7/2025 07:00 - 19:00 AMB PLAIN COTENTIN Mercredi 30/7/2025 19:00 - 07:00 AMB PLAIN COTENTIN \nJeudi 31/7/2025 07:00 - 19:00 AMB PLAIN COTENTIN Jeudi 31/7/2025 19:00 - 07:00 AMB PLAIN COTENTIN \nVendredi 1/8/2025 07:00 - 19:00 AMB PLAIN COTENTIN Vendredi 1/8/2025 19:00 - 07:00 AMB PLAIN COTENTIN \nSamedi 2/8/2025 07:00 - 19:00 CARENTANAISE Samedi 2/8/2025 19:00 - 07:00 CARENTANAISE \nGARDE 50 SECTEUR 4 JOUR Ligne 1 GARDE 50 SECTEUR 4 NUIT Ligne 1 \nAgence r\u00e9gionale de sant\u00e9 de Normandie - 50-2025-07-04-00001 - Arr\u00eat\u00e9 fixant le tour de garde des entreprises de transports\nsanitaires terrestres agr\u00e9\u00e9es de la Manche pour la p\u00e9riode du 1er juillet au 30 septembre 2025 20\nDimanche 3/8/2025 07:00 - 19:00 CARENTANAISE Dimanche 3/8/2025 19:00 - 07:00 CARENTANAISE \nLundi 4/8/2025 07:00 - 19:00 CARENTAN AMB Lundi 4/8/2025 19:00 - 07:00 AMB PLAIN COTENTIN \nMardi 5/8/2025 07:00 - 19:00 CARENTAN AMB Mardi 5/8/2025 19:00 - 07:00 AMB PLAIN COTENTIN \nMercredi 6/8/2025 07:00 - 19:00 CARENTANAISE Mercredi 6/8/2025 19:00 - 07:00 CARENTANAISE \nJeudi 7/8/2025 07:00 - 19:00 CARENTANAISE Jeudi 7/8/2025 19:00 - 07:00 CARENTANAISE \nVendredi 8/8/2025 07:00 - 19:00 CARENTANAISE Vendredi 8/8/2025 19:00 - 07:00 CARENTANAISE \nSamedi 9/8/2025 07:00 - 19:00 CARENTAN AMB Samedi 9/8/2025 19:00 - 07:00 AMB PLAIN COTENTIN \nDimanche 10/8/2025 07:00 - 19:00 CARENTAN AMB Dimanche 10/8/2025 19:00 - 07:00 AMB PLAIN COTENTIN \nLundi 11/8/2025 07:00 - 19:00 CARENTANAISE Lundi 11/8/2025 19:00 - 07:00 CARENTANAISE \nMardi 12/8/2025 07:00 - 19:00 CARENTANAISE Mardi 12/8/2025 19:00 - 07:00 CARENTANAISE \nMercredi 13/8/2025 07:00 - 19:00 CARENTAN AMB Mercredi 13/8/2025 19:00 - 07:00 AMB PLAIN COTENTIN \nJeudi 14/8/2025 07:00 - 19:00 CARENTAN AMB Jeudi 14/8/2025 19:00 - 07:00 AMB PLAIN COTENTIN \nVendredi 15/8/2025 07:00 - 19:00 CARENTAN AMB Vendredi 15/8/2025 19:00 - 07:00 AMB PLAIN COTENTIN \nSamedi 16/8/2025 07:00 - 19:00 CARENTANAISE Samedi 16/8/2025 19:00 - 07:00 CARENTANAISE \nDimanche 17/8/2025 07:00 - 19:00 CARENTANAISE Dimanche 17/8/2025 19:00 - 07:00 CARENTANAISE \nLundi 18/8/2025 07:00 - 19:00 AMB PLAIN COTENTIN Lundi 18/8/2025 19:00 - 07:00 AMB PLAIN COTENTIN \nMardi 19/8/2025 07:00 - 19:00 AMB PLAIN COTENTIN Mardi 19/8/2025 19:00 - 07:00 AMB PLAIN COTENTIN \nMercredi 20/8/2025 07:00 - 19:00 CARENTANAISE Mercredi 20/8/2025 19:00 - 07:00 CARENTANAISE \nJeudi 21/8/2025 07:00 - 19:00 CARENTANAISE Jeudi 21/8/2025 19:00 - 07:00 CARENTANAISE \nVendredi 22/8/2025 07:00 - 19:00 CARENTANAISE Vendredi 22/8/2025 19:00 - 07:00 CARENTANAISE \nSamedi 23/8/2025 07:00 - 19:00 AMB PLAIN COTENTIN Samedi 23/8/2025 19:00 - 07:00 AMB PLAIN COTENTIN \nDimanche 24/8/2025 07:00 - 19:00 AMB PLAIN COTENTIN Dimanche 24/8/2025 19:00 - 07:00 AMB PLAIN COTENTIN \nLundi 25/8/2025 07:00 - 19:00 CARENTANAISE Lundi 25/8/2025 19:00 - 07:00 CARENTANAISE \nMardi 26/8/2025 07:00 - 19:00 CARENTANAISE Mardi 26/8/2025 19:00 - 07:00 CARENTANAISE \nMercredi 27/8/2025 07:00 - 19:00 AMB PLAIN COTENTIN Mercredi 27/8/2025 19:00 - 07:00 AMB PLAIN COTENTIN \nJeudi 28/8/2025 07:00 - 19:00 AMB PLAIN COTENTIN Jeudi 28/8/2025 19:00 - 07:00 AMB PLAIN COTENTIN \nVendredi 29/8/2025 07:00 - 19:00 AMB PLAIN COTENTIN Vendredi 29/8/2025 19:00 - 07:00 AMB PLAIN COTENTIN \nSamedi 30/8/2025 07:00 - 19:00 CARENTANAISE Samedi 30/8/2025 19:00 - 07:00 CARENTANAISE \nDimanche 31/8/2025 07:00 - 19:00 CARENTANAISE Dimanche 31/8/2025 19:00 - 07:00 CARENTANAISE \nLundi 1/9/2025 07:00 - 19:00 CARENTAN AMB Lundi 1/9/2025 19:00 - 07:00 AMB PLAIN COTENTIN \nMardi 2/9/2025 07:00 - 19:00 CARENTAN AMB Mardi 2/9/2025 19:00 - 07:00 AMB PLAIN COTENTIN \nMercredi 3/9/2025 07:00 - 19:00 CARENTANAISE Mercredi 3/9/2025 19:00 - 07:00 CARENTANAISE \nJeudi 4/9/2025 07:00 - 19:00 CARENTANAISE Jeudi 4/9/2025 19:00 - 07:00 CARENTANAISE \nVendredi 5/9/2025 07:00 - 19:00 CARENTANAISE Vendredi 5/9/2025 19:00 - 07:00 CARENTANAISE \nSamedi 6/9/2025 07:00 - 19:00 CARENTAN AMB Samedi 6/9/2025 19:00 - 07:00 AMB PLAIN COTENTIN \nAgence r\u00e9gionale de sant\u00e9 de Normandie - 50-2025-07-04-00001 - Arr\u00eat\u00e9 fixant le tour de garde des entreprises de transports\nsanitaires terrestres agr\u00e9\u00e9es de la Manche pour la p\u00e9riode du 1er juillet au 30 septembre 2025 21\nDimanche 7/9/2025 07:00 - 19:00 CARENTAN AMB Dimanche 7/9/2025 19:00 - 07:00 AMB PLAIN COTENTIN \nLundi 8/9/2025 07:00 - 19:00 CARENTANAISE Lundi 8/9/2025 19:00 - 07:00 CARENTANAISE \nMardi 9/9/2025 07:00 - 19:00 CARENTANAISE Mardi 9/9/2025 19:00 - 07:00 CARENTANAISE \nMercredi 10/9/2025 07:00 - 19:00 CARENTAN AMB Mercredi 10/9/2025 19:00 - 07:00 AMB PLAIN COTENTIN \nJeudi 11/9/2025 07:00 - 19:00 CARENTAN AMB Jeudi 11/9/2025 19:00 - 07:00 AMB PLAIN COTENTIN \nVendredi 12/9/2025 07:00 - 19:00 CARENTAN AMB Vendredi 12/9/2025 19:00 - 07:00 AMB PLAIN COTENTIN \nSamedi 13/9/2025 07:00 - 19:00 CARENTANAISE Samedi 13/9/2025 19:00 - 07:00 CARENTANAISE \nDimanche 14/9/2025 07:00 - 19:00 CARENTANAISE Dimanche 14/9/2025 19:00 - 07:00 CARENTANAISE \nLundi 15/9/2025 07:00 - 19:00 AMB PLAIN COTENTIN Lundi 15/9/2025 19:00 - 07:00 AMB PLAIN COTENTIN \nMardi 16/9/2025 07:00 - 19:00 AMB PLAIN COTENTIN Mardi 16/9/2025 19:00 - 07:00 AMB PLAIN COTENTIN \nMercredi 17/9/2025 07:00 - 19:00 CARENTANAISE Mercredi 17/9/2025 19:00 - 07:00 CARENTANAISE \nJeudi 18/9/2025 07:00 - 19:00 CARENTANAISE Jeudi 18/9/2025 19:00 - 07:00 CARENTANAISE \nVendredi 19/9/2025 07:00 - 19:00 CARENTANAISE Vendredi 19/9/2025 19:00 - 07:00 CARENTANAISE \nSamedi 20/9/2025 07:00 - 19:00 AMB PLAIN COTENTIN Samedi 20/9/2025 19:00 - 07:00 AMB PLAIN COTENTIN \nDimanche 21/9/2025 07:00 - 19:00 AMB PLAIN COTENTIN Dimanche 21/9/2025 19:00 - 07:00 AMB PLAIN COTENTIN \nLundi 22/9/2025 07:00 - 19:00 CARENTANAISE Lundi 22/9/2025 19:00 - 07:00 CARENTANAISE \nMardi 23/9/2025 07:00 - 19:00 CARENTANAISE Mardi 23/9/2025 19:00 - 07:00 CARENTANAISE \nMercredi 24/9/2025 07:00 - 19:00 AMB PLAIN COTENTIN Mercredi 24/9/2025 19:00 - 07:00 AMB PLAIN COTENTIN \nJeudi 25/9/2025 07:00 - 19:00 AMB PLAIN COTENTIN Jeudi 25/9/2025 19:00 - 07:00 AMB PLAIN COTENTIN \nVendredi 26/9/2025 07:00 - 19:00 AMB PLAIN COTENTIN Vendredi 26/9/2025 19:00 - 07:00 AMB PLAIN COTENTIN \nSamedi 27/9/2025 07:00 - 19:00 CARENTANAISE Samedi 27/9/2025 19:00 - 07:00 CARENTANAISE \nDimanche 28/9/2025 07:00 - 19:00 CARENTANAISE Dimanche 28/9/2025 19:00 - 07:00 CARENTANAISE \nLundi 29/9/2025 07:00 - 19:00 CARENTAN AMB Lundi 29/9/2025 19:00 - 07:00 AMB PLAIN COTENTIN \nMardi 30/9/2025 07:00 - 19:00 CARENTAN AMB Mardi 30/9/2025 19:00 - 07:00 AMB PLAIN COTENTIN \nAgence r\u00e9gionale de sant\u00e9 de Normandie - 50-2025-07-04-00001 - Arr\u00eat\u00e9 fixant le tour de garde des entreprises de transports\nsanitaires terrestres agr\u00e9\u00e9es de la Manche pour la p\u00e9riode du 1er juillet au 30 septembre 2025 22\nJour Date Horaires Nom soci\u00e9t\u00e9 Jour Date Horaires Nom soci\u00e9t\u00e9 \nMardi 1/7/2025 07:00 - 19:00 Montmartin Mardi 1/7/2025 19:00 - 07:00 Croix Bleue \nMercredi 2/7/2025 07:00 - 19:00 Gouville Mercredi 2/7/2025 19:00 - 07:00 Croix Bleue \nJeudi 3/7/2025 07:00 - 19:00 Gouville Jeudi 3/7/2025 19:00 - 07:00 Croix Bleue \nVendredi 4/7/2025 07:00 - 19:00 Croix Bleue Vendredi 4/7/2025 19:00 - 07:00 Croix Bleue \nSamedi 5/7/2025 07:00 - 19:00 Croix Bleue Samedi 5/7/2025 19:00 - 07:00 Croix Bleue \nDimanche 6/7/2025 07:00 - 19:00 Croix Bleue Dimanche 6/7/2025 19:00 - 07:00 Croix Bleue \nLundi 7/7/2025 07:00 - 19:00 Gouville Lundi 7/7/2025 19:00 - 07:00 Croix Bleue \nMardi 8/7/2025 07:00 - 19:00 Gouville Mardi 8/7/2025 19:00 - 07:00 Croix Bleue \nMercredi 9/7/2025 07:00 - 19:00 Montmartin Mercredi 9/7/2025 19:00 - 07:00 Croix Bleue \nJeudi 10/7/2025 07:00 - 19:00 Montmartin Jeudi 10/7/2025 19:00 - 07:00 Croix Bleue \nVendredi 11/7/2025 07:00 - 19:00 Gouville Vendredi 11/7/2025 19:00 - 07:00 Croix Bleue \nSamedi 12/7/2025 07:00 - 19:00 Croix Bleue Samedi 12/7/2025 19:00 - 07:00 Croix Bleue \nDimanche 13/7/2025 07:00 - 19:00 Croix Bleue Dimanche 13/7/2025 19:00 - 07:00 Croix Bleue \nLundi 14/7/2025 07:00 - 19:00 Croix Bleue Lundi 14/7/2025 19:00 - 07:00 Croix Bleue \nMardi 15/7/2025 07:00 - 19:00 Croix Bleue Mardi 15/7/2025 19:00 - 07:00 Croix Bleue \nMercredi 16/7/2025 07:00 - 19:00 Gouville Mercredi 16/7/2025 19:00 - 07:00 Croix Bleue \nJeudi 17/7/2025 07:00 - 19:00 Gouville Jeudi 17/7/2025 19:00 - 07:00 Croix Bleue \nVendredi 18/7/2025 07:00 - 19:00 Montmartin Vendredi 18/7/2025 19:00 - 07:00 Croix Bleue \nSamedi 19/7/2025 07:00 - 19:00 Montmartin Samedi 19/7/2025 19:00 - 07:00 Croix Bleue \nDimanche 20/7/2025 07:00 - 19:00 Montmartin Dimanche 20/7/2025 19:00 - 07:00 Croix Bleue \nLundi 21/7/2025 07:00 - 19:00 Gouville Lundi 21/7/2025 19:00 - 07:00 Croix Bleue \nMardi 22/7/2025 07:00 - 19:00 Gouville Mardi 22/7/2025 19:00 - 07:00 Croix Bleue \nMercredi 23/7/2025 07:00 - 19:00 Croix Bleue Mercredi 23/7/2025 19:00 - 07:00 Croix Bleue \nJeudi 24/7/2025 07:00 - 19:00 Croix Bleue Jeudi 24/7/2025 19:00 - 07:00 Croix Bleue \nVendredi 25/7/2025 07:00 - 19:00 Agon Coutainville Vendredi 25/7/2025 19:00 - 07:00 Croix Bleue \nSamedi 26/7/2025 07:00 - 19:00 Agon Coutainville Samedi 26/7/2025 19:00 - 07:00 Croix Bleue \nDimanche 27/7/2025 07:00 - 19:00 Agon Coutainville Dimanche 27/7/2025 19:00 - 07:00 Croix Bleue \nLundi 28/7/2025 07:00 - 19:00 Montmartin Lundi 28/7/2025 19:00 - 07:00 Croix Bleue \nMardi 29/7/2025 07:00 - 19:00 Montmartin Mardi 29/7/2025 19:00 - 07:00 Croix Bleue \nMercredi 30/7/2025 07:00 - 19:00 Gouville Mercredi 30/7/2025 19:00 - 07:00 Croix Bleue \nJeudi 31/7/2025 07:00 - 19:00 Gouville Jeudi 31/7/2025 19:00 - 07:00 Croix Bleue \nVendredi 1/8/2025 07:00 - 19:00 Croix Bleue Vendredi 1/8/2025 19:00 - 07:00 Croix Bleue \nSamedi 2/8/2025 07:00 - 19:00 Croix Bleue Samedi 2/8/2025 19:00 - 07:00 Croix Bleue \nGARDE 50 SECTEUR 5 JOUR Ligne 1 GARDE 50 SECTEUR 5 NUIT Ligne 1 \nAgence r\u00e9gionale de sant\u00e9 de Normandie - 50-2025-07-04-00001 - Arr\u00eat\u00e9 fixant le tour de garde des entreprises de transports\nsanitaires terrestres agr\u00e9\u00e9es de la Manche pour la p\u00e9riode du 1er juillet au 30 septembre 2025 23\nDimanche 3/8/2025 07:00 - 19:00 Croix Bleue Dimanche 3/8/2025 19:00 - 07:00 Croix Bleue \nLundi 4/8/2025 07:00 - 19:00 Gouville Lundi 4/8/2025 19:00 - 07:00 Croix Bleue \nMardi 5/8/2025 07:00 - 19:00 Gouville Mardi 5/8/2025 19:00 - 07:00 Croix Bleue \nMercredi 6/8/2025 07:00 - 19:00 Montmartin Mercredi 6/8/2025 19:00 - 07:00 Croix Bleue \nJeudi 7/8/2025 07:00 - 19:00 Montmartin Jeudi 7/8/2025 19:00 - 07:00 Croix Bleue \nVendredi 8/8/2025 07:00 - 19:00 Gouville Vendredi 8/8/2025 19:00 - 07:00 Croix Bleue \nSamedi 9/8/2025 07:00 - 19:00 Croix Bleue Samedi 9/8/2025 19:00 - 07:00 Croix Bleue \nDimanche 10/8/2025 07:00 - 19:00 Croix Bleue Dimanche 10/8/2025 19:00 - 07:00 Croix Bleue \nLundi 11/8/2025 07:00 - 19:00 Croix Bleue Lundi 11/8/2025 19:00 - 07:00 Croix Bleue \nMardi 12/8/2025 07:00 - 19:00 Croix Bleue Mardi 12/8/2025 19:00 - 07:00 Croix Bleue \nMercredi 13/8/2025 07:00 - 19:00 Gouville Mercredi 13/8/2025 19:00 - 07:00 Croix Bleue \nJeudi 14/8/2025 07:00 - 19:00 Gouville Jeudi 14/8/2025 19:00 - 07:00 Croix Bleue \nVendredi 15/8/2025 07:00 - 19:00 Montmartin Vendredi 15/8/2025 19:00 - 07:00 Croix Bleue \nSamedi 16/8/2025 07:00 - 19:00 Montmartin Samedi 16/8/2025 19:00 - 07:00 Croix Bleue \nDimanche 17/8/2025 07:00 - 19:00 Montmartin Dimanche 17/8/2025 19:00 - 07:00 Croix Bleue \nLundi 18/8/2025 07:00 - 19:00 Gouville Lundi 18/8/2025 19:00 - 07:00 Croix Bleue \nMardi 19/8/2025 07:00 - 19:00 Gouville Mardi 19/8/2025 19:00 - 07:00 Croix Bleue \nMercredi 20/8/2025 07:00 - 19:00 Croix Bleue Mercredi 20/8/2025 19:00 - 07:00 Croix Bleue \nJeudi 21/8/2025 07:00 - 19:00 Croix Bleue Jeudi 21/8/2025 19:00 - 07:00 Croix Bleue \nVendredi 22/8/2025 07:00 - 19:00 Agon Coutainville Vendredi 22/8/2025 19:00 - 07:00 Croix Bleue \nSamedi 23/8/2025 07:00 - 19:00 Agon Coutainville Samedi 23/8/2025 19:00 - 07:00 Croix Bleue \nDimanche 24/8/2025 07:00 - 19:00 Agon Coutainville Dimanche 24/8/2025 19:00 - 07:00 Croix Bleue \nLundi 25/8/2025 07:00 - 19:00 Montmartin Lundi 25/8/2025 19:00 - 07:00 Croix Bleue \nMardi 26/8/2025 07:00 - 19:00 Montmartin Mardi 26/8/2025 19:00 - 07:00 Croix Bleue \nMercredi 27/8/2025 07:00 - 19:00 Gouville Mercredi 27/8/2025 19:00 - 07:00 Croix Bleue \nJeudi 28/8/2025 07:00 - 19:00 Gouville Jeudi 28/8/2025 19:00 - 07:00 Croix Bleue \nVendredi 29/8/2025 07:00 - 19:00 Croix Bleue Vendredi 29/8/2025 19:00 - 07:00 Croix Bleue \nSamedi 30/8/2025 07:00 - 19:00 Croix Bleue Samedi 30/8/2025 19:00 - 07:00 Croix Bleue \nDimanche 31/8/2025 07:00 - 19:00 Croix Bleue Dimanche 31/8/2025 19:00 - 07:00 Croix Bleue \nLundi 1/9/2025 07:00 - 19:00 Gouville Lundi 1/9/2025 19:00 - 07:00 Croix Bleue \nMardi 2/9/2025 07:00 - 19:00 Gouville Mardi 2/9/2025 19:00 - 07:00 Croix Bleue \nMercredi 3/9/2025 07:00 - 19:00 Montmartin Mercredi 3/9/2025 19:00 - 07:00 Croix Bleue \nJeudi 4/9/2025 07:00 - 19:00 Montmartin Jeudi 4/9/2025 19:00 - 07:00 Croix Bleue \nVendredi 5/9/2025 07:00 - 19:00 Gouville Vendredi 5/9/2025 19:00 - 07:00 Croix Bleue \nSamedi 6/9/2025 07:00 - 19:00 Croix Bleue Samedi 6/9/2025 19:00 - 07:00 Croix Bleue \nAgence r\u00e9gionale de sant\u00e9 de Normandie - 50-2025-07-04-00001 - Arr\u00eat\u00e9 fixant le tour de garde des entreprises de transports\nsanitaires terrestres agr\u00e9\u00e9es de la Manche pour la p\u00e9riode du 1er juillet au 30 septembre 2025 24\nDimanche 7/9/2025 07:00 - 19:00 Croix Bleue Dimanche 7/9/2025 19:00 - 07:00 Croix Bleue \nLundi 8/9/2025 07:00 - 19:00 Croix Bleue Lundi 8/9/2025 19:00 - 07:00 Croix Bleue \nMardi 9/9/2025 07:00 - 19:00 Croix Bleue Mardi 9/9/2025 19:00 - 07:00 Croix Bleue \nMercredi 10/9/2025 07:00 - 19:00 Gouville Mercredi 10/9/2025 19:00 - 07:00 Croix Bleue \nJeudi 11/9/2025 07:00 - 19:00 Gouville Jeudi 11/9/2025 19:00 - 07:00 Croix Bleue \nVendredi 12/9/2025 07:00 - 19:00 Montmartin Vendredi 12/9/2025 19:00 - 07:00 Croix Bleue \nSamedi 13/9/2025 07:00 - 19:00 Montmartin Samedi 13/9/2025 19:00 - 07:00 Croix Bleue \nDimanche 14/9/2025 07:00 - 19:00 Montmartin Dimanche 14/9/2025 19:00 - 07:00 Croix Bleue \nLundi 15/9/2025 07:00 - 19:00 Gouville Lundi 15/9/2025 19:00 - 07:00 Croix Bleue \nMardi 16/9/2025 07:00 - 19:00 Gouville Mardi 16/9/2025 19:00 - 07:00 Croix Bleue \nMercredi 17/9/2025 07:00 - 19:00 Croix Bleue Mercredi 17/9/2025 19:00 - 07:00 Croix Bleue \nJeudi 18/9/2025 07:00 - 19:00 Croix Bleue Jeudi 18/9/2025 19:00 - 07:00 Croix Bleue \nVendredi 19/9/2025 07:00 - 19:00 Agon Coutainville Vendredi 19/9/2025 19:00 - 07:00 Croix Bleue \nSamedi 20/9/2025 07:00 - 19:00 Agon Coutainville Samedi 20/9/2025 19:00 - 07:00 Croix Bleue \nDimanche 21/9/2025 07:00 - 19:00 Agon Coutainville Dimanche 21/9/2025 19:00 - 07:00 Croix Bleue \nLundi 22/9/2025 07:00 - 19:00 Montmartin Lundi 22/9/2025 19:00 - 07:00 Croix Bleue \nMardi 23/9/2025 07:00 - 19:00 Montmartin Mardi 23/9/2025 19:00 - 07:00 Croix Bleue \nMercredi 24/9/2025 07:00 - 19:00 Gouville Mercredi 24/9/2025 19:00 - 07:00 Croix Bleue \nJeudi 25/9/2025 07:00 - 19:00 Gouville Jeudi 25/9/2025 19:00 - 07:00 Croix Bleue \nVendredi 26/9/2025 07:00 - 19:00 Croix Bleue Vendredi 26/9/2025 19:00 - 07:00 Croix Bleue \nSamedi 27/9/2025 07:00 - 19:00 Croix Bleue Samedi 27/9/2025 19:00 - 07:00 Croix Bleue \nDimanche 28/9/2025 07:00 - 19:00 Croix Bleue Dimanche 28/9/2025 19:00 - 07:00 Croix Bleue \nLundi 29/9/2025 07:00 - 19:00 Gouville Lundi 29/9/2025 19:00 - 07:00 Croix Bleue \nMardi 30/9/2025 07:00 - 19:00 Gouville Mardi 30/9/2025 19:00 - 07:00 Croix Bleue \nAgence r\u00e9gionale de sant\u00e9 de Normandie - 50-2025-07-04-00001 - Arr\u00eat\u00e9 fixant le tour de garde des entreprises de transports\nsanitaires terrestres agr\u00e9\u00e9es de la Manche pour la p\u00e9riode du 1er juillet au 30 septembre 2025 25\nJour Date Horaires Nom soci\u00e9t\u00e9 Date Horaires Nom soci\u00e9t\u00e9 Jour Date Horaires Nom soci\u00e9t\u00e9 \nMardi 1/7/2025 07:00 - 19:00 LEFEVRE 1/7/2025 10:00 - 18:00 V2V Mardi 1/7/2025 19:00 - 07:00 MARIE \nMercredi 2/7/2025 07:00 - 19:00 V2V 2/7/2025 10:00 - 18:00 LEFEVRE Mercredi 2/7/2025 19:00 - 07:00 MARIE \nJeudi 3/7/2025 07:00 - 19:00 V2V 3/7/2025 10:00 - 18:00 LEFEVRE Jeudi 3/7/2025 19:00 - 07:00 V2V \nVendredi 4/7/2025 07:00 - 19:00 LEFEVRE 4/7/2025 10:00 - 18:00 MARIE Vendredi 4/7/2025 19:00 - 07:00 LEFEVRE \nSamedi 5/7/2025 07:00 - 19:00 LEFEVRE 5/7/2025 10:00 - 18:00 MARIE Samedi 5/7/2025 19:00 - 07:00 LEFEVRE \nDimanche 6/7/2025 07:00 - 19:00 LEFEVRE 6/7/2025 10:00 - 18:00 MARIE Dimanche 6/7/2025 19:00 - 07:00 LEFEVRE \nLundi 7/7/2025 07:00 - 19:00 V2V 7/7/2025 10:00 - 18:00 LEFEVRE Lundi 7/7/2025 19:00 - 07:00 MARIE \nMardi 8/7/2025 07:00 - 19:00 V2V 8/7/2025 10:00 - 18:00 LEFEVRE Mardi 8/7/2025 19:00 - 07:00 MARIE \nMercredi 9/7/2025 07:00 - 19:00 MARIE 9/7/2025 10:00 - 18:00 V2V Mercredi 9/7/2025 19:00 - 07:00 LEFEVRE \nJeudi 10/7/2025 07:00 - 19:00 MARIE 10/7/2025 10:00 - 18:00 V2V Jeudi 10/7/2025 19:00 - 07:00 LEFEVRE \nVendredi 11/7/2025 07:00 - 19:00 MARIE 11/7/2025 10:00 - 18:00 LEFEVRE Vendredi 11/7/2025 19:00 - 07:00 La Croix Bleue \nSamedi 12/7/2025 07:00 - 19:00 MARIE 12/7/2025 10:00 - 18:00 LEFEVRE Samedi 12/7/2025 19:00 - 07:00 La Croix Bleue \nDimanche 13/7/2025 07:00 - 19:00 MARIE 13/7/2025 10:00 - 18:00 LEFEVRE Dimanche 13/7/2025 19:00 - 07:00 La Croix Bleue \nLundi 14/7/2025 07:00 - 19:00 LEFEVRE 14/7/2025 10:00 - 18:00 V2V Lundi 14/7/2025 19:00 - 07:00 LEFEVRE \nMardi 15/7/2025 07:00 - 19:00 LEFEVRE 15/7/2025 10:00 - 18:00 V2V Mardi 15/7/2025 19:00 - 07:00 LEFEVRE \nMercredi 16/7/2025 07:00 - 19:00 MARIE 16/7/2025 10:00 - 18:00 LEFEVRE Mercredi 16/7/2025 19:00 - 07:00 V2V \nJeudi 17/7/2025 07:00 - 19:00 MARIE 17/7/2025 10:00 - 18:00 LEFEVRE Jeudi 17/7/2025 19:00 - 07:00 V2V \nVendredi 18/7/2025 07:00 - 19:00 LEFEVRE 18/7/2025 10:00 - 18:00 MARIE Vendredi 18/7/2025 19:00 - 07:00 MARIE \nSamedi 19/7/2025 07:00 - 19:00 LEFEVRE 19/7/2025 10:00 - 18:00 MARIE Samedi 19/7/2025 19:00 - 07:00 MARIE \nDimanche 20/7/2025 07:00 - 19:00 LEFEVRE 20/7/2025 10:00 - 18:00 MARIE Dimanche 20/7/2025 19:00 - 07:00 MARIE \nLundi 21/7/2025 07:00 - 19:00 MARIE 21/7/2025 10:00 - 18:00 LEFEVRE Lundi 21/7/2025 19:00 - 07:00 LEFEVRE \nMardi 22/7/2025 07:00 - 19:00 MARIE 22/7/2025 10:00 - 18:00 LEFEVRE Mardi 22/7/2025 19:00 - 07:00 LEFEVRE \nMercredi 23/7/2025 07:00 - 19:00 V2V 23/7/2025 10:00 - 18:00 LEFEVRE Mercredi 23/7/2025 19:00 - 07:00 LEFEVRE \nJeudi 24/7/2025 07:00 - 19:00 V2V 24/7/2025 10:00 - 18:00 LEFEVRE Jeudi 24/7/2025 19:00 - 07:00 LEFEVRE \nVendredi 25/7/2025 07:00 - 19:00 LEFEVRE 25/7/2025 10:00 - 18:00 V2V Vendredi 25/7/2025 19:00 - 07:00 LEFEVRE \nSamedi 26/7/2025 07:00 - 19:00 LEFEVRE 26/7/2025 10:00 - 18:00 V2V Samedi 26/7/2025 19:00 - 07:00 V2V \nDimanche 27/7/2025 07:00 - 19:00 LEFEVRE 27/7/2025 10:00 - 18:00 V2V Dimanche 27/7/2025 19:00 - 07:00 V2V \nLundi 28/7/2025 07:00 - 19:00 LEFEVRE 28/7/2025 10:00 - 18:00 MARIE Lundi 28/7/2025 19:00 - 07:00 LEFEVRE \nMardi 29/7/2025 07:00 - 19:00 LEFEVRE 29/7/2025 10:00 - 18:00 MARIE Mardi 29/7/2025 19:00 - 07:00 LEFEVRE \nMercredi 30/7/2025 07:00 - 19:00 V2V 30/7/2025 10:00 - 18:00 MARIE Mercredi 30/7/2025 19:00 - 07:00 MARIE \nJeudi 31/7/2025 07:00 - 19:00 V2V 31/7/2025 10:00 - 18:00 LEFEVRE Jeudi 31/7/2025 19:00 - 07:00 MARIE \nVendredi 1/8/2025 07:00 - 19:00 MARIE 1/8/2025 10:00 - 18:00 LEFEVRE Vendredi 1/8/2025 19:00 - 07:00 V2V \nSamedi 2/8/2025 07:00 - 19:00 MARIE 2/8/2025 10:00 - 18:00 LEFEVRE Samedi 2/8/2025 19:00 - 07:00 V2V \nGARDE 50 SECTEUR 6 JOUR Ligne 1 GARDE 50 SECTEUR 6 JOUR Ligne 2 GARDE 50 SECTEUR 6 NUIT Ligne 1 \nAgence r\u00e9gionale de sant\u00e9 de Normandie - 50-2025-07-04-00001 - Arr\u00eat\u00e9 fixant le tour de garde des entreprises de transports\nsanitaires terrestres agr\u00e9\u00e9es de la Manche pour la p\u00e9riode du 1er juillet au 30 septembre 2025 26\nDimanche 3/8/2025 07:00 - 19:00 MARIE 3/8/2025 10:00 - 18:00 LEFEVRE Dimanche 3/8/2025 19:00 - 07:00 V2V \nLundi 4/8/2025 07:00 - 19:00 V2V 4/8/2025 10:00 - 18:00 MARIE Lundi 4/8/2025 19:00 - 07:00 LEFEVRE \nMardi 5/8/2025 07:00 - 19:00 V2V 5/8/2025 10:00 - 18:00 MARIE Mardi 5/8/2025 19:00 - 07:00 LEFEVRE \nMercredi 6/8/2025 07:00 - 19:00 LEFEVRE 6/8/2025 10:00 - 18:00 V2V Mercredi 6/8/2025 19:00 - 07:00 V2V \nJeudi 7/8/2025 07:00 - 19:00 LEFEVRE 7/8/2025 10:00 - 18:00 V2V Jeudi 7/8/2025 19:00 - 07:00 V2V \nVendredi 8/8/2025 07:00 - 19:00 La Croix Bleue 8/8/2025 10:00 - 18:00 LEFEVRE Vendredi 8/8/2025 19:00 - 07:00 LEFEVRE \nSamedi 9/8/2025 07:00 - 19:00 La Croix Bleue 9/8/2025 10:00 - 18:00 LEFEVRE Samedi 9/8/2025 19:00 - 07:00 LEFEVRE \nDimanche 10/8/2025 07:00 - 19:00 La Croix Bleue 10/8/2025 10:00 - 18:00 LEFEVRE Dimanche 10/8/2025 19:00 - 07:00 LEFEVRE \nLundi 11/8/2025 07:00 - 19:00 LEFEVRE 11/8/2025 10:00 - 18:00 V2V Lundi 11/8/2025 19:00 - 07:00 V2V \nMardi 12/8/2025 07:00 - 19:00 LEFEVRE 12/8/2025 10:00 - 18:00 V2V Mardi 12/8/2025 19:00 - 07:00 V2V \nMercredi 13/8/2025 07:00 - 19:00 MARIE 13/8/2025 10:00 - 18:00 LEFEVRE Mercredi 13/8/2025 19:00 - 07:00 LEFEVRE \nJeudi 14/8/2025 07:00 - 19:00 MARIE 14/8/2025 10:00 - 18:00 LEFEVRE Jeudi 14/8/2025 19:00 - 07:00 V2V \nVendredi 15/8/2025 07:00 - 19:00 V2V 15/8/2025 10:00 - 18:00 LEFEVRE Vendredi 15/8/2025 19:00 - 07:00 MARIE \nSamedi 16/8/2025 07:00 - 19:00 MARIE 16/8/2025 10:00 - 18:00 LEFEVRE Samedi 16/8/2025 19:00 - 07:00 MARIE \nDimanche 17/8/2025 07:00 - 19:00 MARIE 17/8/2025 10:00 - 18:00 LEFEVRE Dimanche 17/8/2025 19:00 - 07:00 MARIE \nLundi 18/8/2025 07:00 - 19:00 LEFEVRE 18/8/2025 10:00 - 18:00 V2V Lundi 18/8/2025 19:00 - 07:00 LEFEVRE \nMardi 19/8/2025 07:00 - 19:00 LEFEVRE 19/8/2025 10:00 - 18:00 V2V Mardi 19/8/2025 19:00 - 07:00 LEFEVRE \nMercredi 20/8/2025 07:00 - 19:00 LEFEVRE 20/8/2025 10:00 - 18:00 MARIE Mercredi 20/8/2025 19:00 - 07:00 LEFEVRE \nJeudi 21/8/2025 07:00 - 19:00 MARIE 21/8/2025 10:00 - 18:00 LEFEVRE Jeudi 21/8/2025 19:00 - 07:00 LEFEVRE \nVendredi 22/8/2025 07:00 - 19:00 V2V 22/8/2025 10:00 - 18:00 LEFEVRE Vendredi 22/8/2025 19:00 - 07:00 MARIE \nSamedi 23/8/2025 07:00 - 19:00 V2V 23/8/2025 10:00 - 18:00 LEFEVRE Samedi 23/8/2025 19:00 - 07:00 MARIE \nDimanche 24/8/2025 07:00 - 19:00 V2V 24/8/2025 10:00 - 18:00 LEFEVRE Dimanche 24/8/2025 19:00 - 07:00 MARIE \nLundi 25/8/2025 07:00 - 19:00 V2V 25/8/2025 10:00 - 18:00 MARIE Lundi 25/8/2025 19:00 - 07:00 LEFEVRE \nMardi 26/8/2025 07:00 - 19:00 V2V 26/8/2025 10:00 - 18:00 MARIE Mardi 26/8/2025 19:00 - 07:00 LEFEVRE \nMercredi 27/8/2025 07:00 - 19:00 MARIE 27/8/2025 10:00 - 18:00 V2V Mercredi 27/8/2025 19:00 - 07:00 LEFEVRE \nJeudi 28/8/2025 07:00 - 19:00 LEFEVRE 28/8/2025 10:00 - 18:00 V2V Jeudi 28/8/2025 19:00 - 07:00 MARIE \nVendredi 29/8/2025 07:00 - 19:00 LEFEVRE 29/8/2025 10:00 - 18:00 MARIE Vendredi 29/8/2025 19:00 - 07:00 LEFEVRE \nSamedi 30/8/2025 07:00 - 19:00 LEFEVRE 30/8/2025 10:00 - 18:00 MARIE Samedi 30/8/2025 19:00 - 07:00 LEFEVRE \nDimanche 31/8/2025 07:00 - 19:00 LEFEVRE 31/8/2025 10:00 - 18:00 MARIE Dimanche 31/8/2025 19:00 - 07:00 LEFEVRE \nLundi 1/9/2025 07:00 - 19:00 V2V 1/9/2025 10:00 - 18:00 LEFEVRE Lundi 1/9/2025 19:00 - 07:00 MARIE \nMardi 2/9/2025 07:00 - 19:00 V2V 2/9/2025 10:00 - 18:00 LEFEVRE Mardi 2/9/2025 19:00 - 07:00 MARIE \nMercredi 3/9/2025 07:00 - 19:00 V2V 3/9/2025 10:00 - 18:00 MARIE Mercredi 3/9/2025 19:00 - 07:00 MARIE \nJeudi 4/9/2025 07:00 - 19:00 LEFEVRE 4/9/2025 10:00 - 18:00 MARIE Jeudi 4/9/2025 19:00 - 07:00 LEFEVRE \nVendredi 5/9/2025 07:00 - 19:00 LEFEVRE 5/9/2025 10:00 - 18:00 La Croix Bleue Vendredi 5/9/2025 19:00 - 07:00 LEFEVRE \nSamedi 6/9/2025 07:00 - 19:00 LEFEVRE 6/9/2025 10:00 - 18:00 La Croix Bleue Samedi 6/9/2025 19:00 - 07:00 LEFEVRE \nAgence r\u00e9gionale de sant\u00e9 de Normandie - 50-2025-07-04-00001 - Arr\u00eat\u00e9 fixant le tour de garde des entreprises de transports\nsanitaires terrestres agr\u00e9\u00e9es de la Manche pour la p\u00e9riode du 1er juillet au 30 septembre 2025 27\nDimanche 7/9/2025 07:00 - 19:00 LEFEVRE 7/9/2025 10:00 - 18:00 La Croix Bleue Dimanche 7/9/2025 19:00 - 07:00 LEFEVRE \nLundi 8/9/2025 07:00 - 19:00 MARIE 8/9/2025 10:00 - 18:00 LEFEVRE Lundi 8/9/2025 19:00 - 07:00 V2V \nMardi 9/9/2025 07:00 - 19:00 MARIE 9/9/2025 10:00 - 18:00 LEFEVRE Mardi 9/9/2025 19:00 - 07:00 V2V \nMercredi 10/9/2025 07:00 - 19:00 LEFEVRE 10/9/2025 10:00 - 18:00 MARIE Mercredi 10/9/2025 19:00 - 07:00 LEFEVRE \nJeudi 11/9/2025 07:00 - 19:00 LEFEVRE 11/9/2025 10:00 - 18:00 MARIE Jeudi 11/9/2025 19:00 - 07:00 LEFEVRE \nVendredi 12/9/2025 07:00 - 19:00 MARIE 12/9/2025 10:00 - 18:00 V2V Vendredi 12/9/2025 19:00 - 07:00 MARIE \nSamedi 13/9/2025 07:00 - 19:00 MARIE 13/9/2025 10:00 - 18:00 V2V Samedi 13/9/2025 19:00 - 07:00 MARIE \nDimanche 14/9/2025 07:00 - 19:00 MARIE 14/9/2025 10:00 - 18:00 V2V Dimanche 14/9/2025 19:00 - 07:00 MARIE \nLundi 15/9/2025 07:00 - 19:00 MARIE 15/9/2025 10:00 - 18:00 LEFEVRE Lundi 15/9/2025 19:00 - 07:00 LEFEVRE \nMardi 16/9/2025 07:00 - 19:00 MARIE 16/9/2025 10:00 - 18:00 LEFEVRE Mardi 16/9/2025 19:00 - 07:00 LEFEVRE \nMercredi 17/9/2025 07:00 - 19:00 V2V 17/9/2025 10:00 - 18:00 LEFEVRE Mercredi 17/9/2025 19:00 - 07:00 V2V \nJeudi 18/9/2025 07:00 - 19:00 V2V 18/9/2025 10:00 - 18:00 LEFEVRE Jeudi 18/9/2025 19:00 - 07:00 V2V \nVendredi 19/9/2025 07:00 - 19:00 LEFEVRE 19/9/2025 10:00 - 18:00 MARIE Vendredi 19/9/2025 19:00 - 07:00 V2V \nSamedi 20/9/2025 07:00 - 19:00 LEFEVRE 20/9/2025 10:00 - 18:00 MARIE Samedi 20/9/2025 19:00 - 07:00 MARIE \nDimanche 21/9/2025 07:00 - 19:00 LEFEVRE 21/9/2025 10:00 - 18:00 MARIE Dimanche 21/9/2025 19:00 - 07:00 MARIE \nLundi 22/9/2025 07:00 - 19:00 V2V 22/9/2025 10:00 - 18:00 LEFEVRE Lundi 22/9/2025 19:00 - 07:00 LEFEVRE \nMardi 23/9/2025 07:00 - 19:00 V2V 23/9/2025 10:00 - 18:00 LEFEVRE Mardi 23/9/2025 19:00 - 07:00 LEFEVRE \nMercredi 24/9/2025 07:00 - 19:00 LEFEVRE 24/9/2025 10:00 - 18:00 V2V Mercredi 24/9/2025 19:00 - 07:00 LEFEVRE \nJeudi 25/9/2025 07:00 - 19:00 LEFEVRE 25/9/2025 10:00 - 18:00 V2V Jeudi 25/9/2025 19:00 - 07:00 LEFEVRE \nVendredi 26/9/2025 07:00 - 19:00 LEFEVRE 26/9/2025 10:00 - 18:00 MARIE Vendredi 26/9/2025 19:00 - 07:00 LEFEVRE \nSamedi 27/9/2025 07:00 - 19:00 LEFEVRE 27/9/2025 10:00 - 18:00 MARIE Samedi 27/9/2025 19:00 - 07:00 V2V \nDimanche 28/9/2025 07:00 - 19:00 LEFEVRE 28/9/2025 10:00 - 18:00 MARIE Dimanche 28/9/2025 19:00 - 07:00 V2V \nLundi 29/9/2025 07:00 - 19:00 MARIE 29/9/2025 10:00 - 18:00 V2V Lundi 29/9/2025 19:00 - 07:00 MARIE \nMardi 30/9/2025 07:00 - 19:00 MARIE 30/9/2025 10:00 - 18:00 V2V Mardi 30/9/2025 19:00 - 07:00 MARIE \nAgence r\u00e9gionale de sant\u00e9 de Normandie - 50-2025-07-04-00001 - Arr\u00eat\u00e9 fixant le tour de garde des entreprises de transports\nsanitaires terrestres agr\u00e9\u00e9es de la Manche pour la p\u00e9riode du 1er juillet au 30 septembre 2025 28\nJour Date Horaires Nom soci\u00e9t\u00e9 Jour Date Horaires Nom soci\u00e9t\u00e9 \nMardi 1/7/2025 07:00 - 19:00 Centre Manche Mardi 1/7/2025 19:00 - 07:00 Ste Croix \nMercredi 2/7/2025 07:00 - 19:00 Centre Manche Mercredi 2/7/2025 19:00 - 07:00 Ste Croix \nJeudi 3/7/2025 07:00 - 19:00 Centre Manche Jeudi 3/7/2025 19:00 - 07:00 Centre Manche \nVendredi 4/7/2025 07:00 - 19:00 Centre Manche Vendredi 4/7/2025 19:00 - 07:00 Centre Manche \nSamedi 5/7/2025 07:00 - 19:00 Ste Croix Samedi 5/7/2025 19:00 - 07:00 Centre Manche \nDimanche 6/7/2025 07:00 - 19:00 Ste Croix Dimanche 6/7/2025 19:00 - 07:00 Centre Manche \nLundi 7/7/2025 07:00 - 19:00 Ste Croix Lundi 7/7/2025 19:00 - 07:00 Centre Manche \nMardi 8/7/2025 07:00 - 19:00 Ste Croix Mardi 8/7/2025 19:00 - 07:00 Centre Manche \nMercredi 9/7/2025 07:00 - 19:00 Centre Manche Mercredi 9/7/2025 19:00 - 07:00 Centre Manche \nJeudi 10/7/2025 07:00 - 19:00 Centre Manche Jeudi 10/7/2025 19:00 - 07:00 Centre Manche \nVendredi 11/7/2025 07:00 - 19:00 Centre Manche Vendredi 11/7/2025 19:00 - 07:00 Ste Croix \nSamedi 12/7/2025 07:00 - 19:00 Centre Manche Samedi 12/7/2025 19:00 - 07:00 Ste Croix \nDimanche 13/7/2025 07:00 - 19:00 Centre Manche Dimanche 13/7/2025 19:00 - 07:00 Ste Croix \nLundi 14/7/2025 07:00 - 19:00 Centre Manche Lundi 14/7/2025 19:00 - 07:00 Centre Manche \nMardi 15/7/2025 07:00 - 19:00 Centre Manche Mardi 15/7/2025 19:00 - 07:00 Centre Manche \nMercredi 16/7/2025 07:00 - 19:00 Ste Croix Mercredi 16/7/2025 19:00 - 07:00 Centre Manche \nJeudi 17/7/2025 07:00 - 19:00 Ste Croix Jeudi 17/7/2025 19:00 - 07:00 Centre Manche \nVendredi 18/7/2025 07:00 - 19:00 Ste Croix Vendredi 18/7/2025 19:00 - 07:00 Centre Manche \nSamedi 19/7/2025 07:00 - 19:00 Ste Croix Samedi 19/7/2025 19:00 - 07:00 Centre Manche \nDimanche 20/7/2025 07:00 - 19:00 Centre Manche Dimanche 20/7/2025 19:00 - 07:00 Centre Manche \nLundi 21/7/2025 07:00 - 19:00 Centre Manche Lundi 21/7/2025 19:00 - 07:00 Centre Manche \nMardi 22/7/2025 07:00 - 19:00 Centre Manche Mardi 22/7/2025 19:00 - 07:00 Ste Croix \nMercredi 23/7/2025 07:00 - 19:00 Centre Manche Mercredi 23/7/2025 19:00 - 07:00 Ste Croix \nJeudi 24/7/2025 07:00 - 19:00 Centre Manche Jeudi 24/7/2025 19:00 - 07:00 Ste Croix \nVendredi 25/7/2025 07:00 - 19:00 Centre Manche Vendredi 25/7/2025 19:00 - 07:00 Centre Manche \nSamedi 26/7/2025 07:00 - 19:00 Centre Manche Samedi 26/7/2025 19:00 - 07:00 Centre Manche \nDimanche 27/7/2025 07:00 - 19:00 Ste Croix Dimanche 27/7/2025 19:00 - 07:00 Centre Manche \nLundi 28/7/2025 07:00 - 19:00 Ste Croix Lundi 28/7/2025 19:00 - 07:00 Centre Manche \nMardi 29/7/2025 07:00 - 19:00 Ste Croix Mardi 29/7/2025 19:00 - 07:00 Centre Manche \nMercredi 30/7/2025 07:00 - 19:00 Ste Croix Mercredi 30/7/2025 19:00 - 07:00 Centre Manche \nJeudi 31/7/2025 07:00 - 19:00 Centre Manche Jeudi 31/7/2025 19:00 - 07:00 Centre Manche \nVendredi 1/8/2025 07:00 - 19:00 Centre Manche Vendredi 1/8/2025 19:00 - 07:00 Centre Manche \nSamedi 2/8/2025 07:00 - 19:00 Centre Manche Samedi 2/8/2025 19:00 - 07:00 Ste Croix \nGARDE 50 SECTEUR 7 JOUR Ligne 1 GARDE 50 SECTEUR 7 NUIT Ligne 1 \nAgence r\u00e9gionale de sant\u00e9 de Normandie - 50-2025-07-04-00001 - Arr\u00eat\u00e9 fixant le tour de garde des entreprises de transports\nsanitaires terrestres agr\u00e9\u00e9es de la Manche pour la p\u00e9riode du 1er juillet au 30 septembre 2025 29\nDimanche 3/8/2025 07:00 - 19:00 Centre Manche Dimanche 3/8/2025 19:00 - 07:00 Ste Croix \nLundi 4/8/2025 07:00 - 19:00 Centre Manche Lundi 4/8/2025 19:00 - 07:00 Ste Croix \nMardi 5/8/2025 07:00 - 19:00 Centre Manche Mardi 5/8/2025 19:00 - 07:00 Centre Manche \nMercredi 6/8/2025 07:00 - 19:00 Centre Manche Mercredi 6/8/2025 19:00 - 07:00 Centre Manche \nJeudi 7/8/2025 07:00 - 19:00 Ste Croix Jeudi 7/8/2025 19:00 - 07:00 Centre Manche \nVendredi 8/8/2025 07:00 - 19:00 Ste Croix Vendredi 8/8/2025 19:00 - 07:00 Centre Manche \nSamedi 9/8/2025 07:00 - 19:00 Ste Croix Samedi 9/8/2025 19:00 - 07:00 Centre Manche \nDimanche 10/8/2025 07:00 - 19:00 Ste Croix Dimanche 10/8/2025 19:00 - 07:00 Centre Manche \nLundi 11/8/2025 07:00 - 19:00 Centre Manche Lundi 11/8/2025 19:00 - 07:00 Centre Manche \nMardi 12/8/2025 07:00 - 19:00 Centre Manche Mardi 12/8/2025 19:00 - 07:00 Centre Manche \nMercredi 13/8/2025 07:00 - 19:00 Centre Manche Mercredi 13/8/2025 19:00 - 07:00 Ste Croix \nJeudi 14/8/2025 07:00 - 19:00 Centre Manche Jeudi 14/8/2025 19:00 - 07:00 Ste Croix \nVendredi 15/8/2025 07:00 - 19:00 Centre Manche Vendredi 15/8/2025 19:00 - 07:00 Ste Croix \nSamedi 16/8/2025 07:00 - 19:00 Centre Manche Samedi 16/8/2025 19:00 - 07:00 Centre Manche \nDimanche 17/8/2025 07:00 - 19:00 Centre Manche Dimanche 17/8/2025 19:00 - 07:00 Centre Manche \nLundi 18/8/2025 07:00 - 19:00 Ste Croix Lundi 18/8/2025 19:00 - 07:00 Centre Manche \nMardi 19/8/2025 07:00 - 19:00 Ste Croix Mardi 19/8/2025 19:00 - 07:00 Centre Manche \nMercredi 20/8/2025 07:00 - 19:00 Ste Croix Mercredi 20/8/2025 19:00 - 07:00 Centre Manche \nJeudi 21/8/2025 07:00 - 19:00 Ste Croix Jeudi 21/8/2025 19:00 - 07:00 Centre Manche \nVendredi 22/8/2025 07:00 - 19:00 Centre Manche Vendredi 22/8/2025 19:00 - 07:00 Centre Manche \nSamedi 23/8/2025 07:00 - 19:00 Centre Manche Samedi 23/8/2025 19:00 - 07:00 Centre Manche \nDimanche 24/8/2025 07:00 - 19:00 Centre Manche Dimanche 24/8/2025 19:00 - 07:00 Ste Croix \nLundi 25/8/2025 07:00 - 19:00 Centre Manche Lundi 25/8/2025 19:00 - 07:00 Ste Croix \nMardi 26/8/2025 07:00 - 19:00 Centre Manche Mardi 26/8/2025 19:00 - 07:00 Ste Croix \nMercredi 27/8/2025 07:00 - 19:00 Centre Manche Mercredi 27/8/2025 19:00 - 07:00 Centre Manche \nJeudi 28/8/2025 07:00 - 19:00 Centre Manche Jeudi 28/8/2025 19:00 - 07:00 Centre Manche \nVendredi 29/8/2025 07:00 - 19:00 Ste Croix Vendredi 29/8/2025 19:00 - 07:00 Centre Manche \nSamedi 30/8/2025 07:00 - 19:00 Ste Croix Samedi 30/8/2025 19:00 - 07:00 Centre Manche \nDimanche 31/8/2025 07:00 - 19:00 Ste Croix Dimanche 31/8/2025 19:00 - 07:00 Centre Manche \nLundi 1/9/2025 07:00 - 19:00 Ste Croix Lundi 1/9/2025 19:00 - 07:00 Centre Manche \nMardi 2/9/2025 07:00 - 19:00 Centre Manche Mardi 2/9/2025 19:00 - 07:00 Centre Manche \nMercredi 3/9/2025 07:00 - 19:00 Centre Manche Mercredi 3/9/2025 19:00 - 07:00 Centre Manche \nJeudi 4/9/2025 07:00 - 19:00 Centre Manche Jeudi 4/9/2025 19:00 - 07:00 Ste Croix \nVendredi 5/9/2025 07:00 - 19:00 Centre Manche Vendredi 5/9/2025 19:00 - 07:00 Ste Croix \nSamedi 6/9/2025 07:00 - 19:00 Centre Manche Samedi 6/9/2025 19:00 - 07:00 Ste Croix \nAgence r\u00e9gionale de sant\u00e9 de Normandie - 50-2025-07-04-00001 - Arr\u00eat\u00e9 fixant le tour de garde des entreprises de transports\nsanitaires terrestres agr\u00e9\u00e9es de la Manche pour la p\u00e9riode du 1er juillet au 30 septembre 2025 30\nDimanche 7/9/2025 07:00 - 19:00 Centre Manche Dimanche 7/9/2025 19:00 - 07:00 Centre Manche \nLundi 8/9/2025 07:00 - 19:00 Centre Manche Lundi 8/9/2025 19:00 - 07:00 Centre Manche \nMardi 9/9/2025 07:00 - 19:00 Ste Croix Mardi 9/9/2025 19:00 - 07:00 Centre Manche \nMercredi 10/9/2025 07:00 - 19:00 Ste Croix Mercredi 10/9/2025 19:00 - 07:00 Centre Manche \nJeudi 11/9/2025 07:00 - 19:00 Ste Croix Jeudi 11/9/2025 19:00 - 07:00 Centre Manche \nVendredi 12/9/2025 07:00 - 19:00 Ste Croix Vendredi 12/9/2025 19:00 - 07:00 Centre Manche \nSamedi 13/9/2025 07:00 - 19:00 Centre Manche Samedi 13/9/2025 19:00 - 07:00 Centre Manche \nDimanche 14/9/2025 07:00 - 19:00 Centre Manche Dimanche 14/9/2025 19:00 - 07:00 Centre Manche \nLundi 15/9/2025 07:00 - 19:00 Centre Manche Lundi 15/9/2025 19:00 - 07:00 Ste Croix \nMardi 16/9/2025 07:00 - 19:00 Centre Manche Mardi 16/9/2025 19:00 - 07:00 Ste Croix \nMercredi 17/9/2025 07:00 - 19:00 Centre Manche Mercredi 17/9/2025 19:00 - 07:00 Ste Croix \nJeudi 18/9/2025 07:00 - 19:00 Centre Manche Jeudi 18/9/2025 19:00 - 07:00 Centre Manche \nVendredi 19/9/2025 07:00 - 19:00 Centre Manche Vendredi 19/9/2025 19:00 - 07:00 Centre Manche \nSamedi 20/9/2025 07:00 - 19:00 Ste Croix Samedi 20/9/2025 19:00 - 07:00 Centre Manche \nDimanche 21/9/2025 07:00 - 19:00 Ste Croix Dimanche 21/9/2025 19:00 - 07:00 Centre Manche \nLundi 22/9/2025 07:00 - 19:00 Ste Croix Lundi 22/9/2025 19:00 - 07:00 Centre Manche \nMardi 23/9/2025 07:00 - 19:00 Ste Croix Mardi 23/9/2025 19:00 - 07:00 Centre Manche \nMercredi 24/9/2025 07:00 - 19:00 Centre Manche Mercredi 24/9/2025 19:00 - 07:00 Centre Manche \nJeudi 25/9/2025 07:00 - 19:00 Centre Manche Jeudi 25/9/2025 19:00 - 07:00 Centre Manche \nVendredi 26/9/2025 07:00 - 19:00 Centre Manche Vendredi 26/9/2025 19:00 - 07:00 Ste Croix \nSamedi 27/9/2025 07:00 - 19:00 Centre Manche Samedi 27/9/2025 19:00 - 07:00 Ste Croix \nDimanche 28/9/2025 07:00 - 19:00 Centre Manche Dimanche 28/9/2025 19:00 - 07:00 Ste Croix \nLundi 29/9/2025 07:00 - 19:00 Centre Manche Lundi 29/9/2025 19:00 - 07:00 Centre Manche \nMardi 30/9/2025 07:00 - 19:00 Centre Manche Mardi 30/9/2025 19:00 - 07:00 Centre Manche \nAgence r\u00e9gionale de sant\u00e9 de Normandie - 50-2025-07-04-00001 - Arr\u00eat\u00e9 fixant le tour de garde des entreprises de transports\nsanitaires terrestres agr\u00e9\u00e9es de la Manche pour la p\u00e9riode du 1er juillet au 30 septembre 2025 31\nJour Date Horaires Nom soci\u00e9t\u00e9 Jour Date Horaires Nom soci\u00e9t\u00e9 \nMardi 1/7/2025 07:00 - 19:00 Norm Mardi 1/7/2025 19:00 - 07:00 Norm \nMercredi 2/7/2025 07:00 - 19:00 Norm Mercredi 2/7/2025 19:00 - 07:00 Norm \nJeudi 3/7/2025 07:00 - 19:00 Norm Jeudi 3/7/2025 19:00 - 07:00 Norm \nVendredi 4/7/2025 07:00 - 19:00 Norm Vendredi 4/7/2025 19:00 - 07:00 AMBULANCES CERENCES \nSamedi 5/7/2025 07:00 - 19:00 Norm Samedi 5/7/2025 19:00 - 07:00 AMBULANCES CERENCES \nDimanche 6/7/2025 07:00 - 19:00 Norm Dimanche 6/7/2025 19:00 - 07:00 AMBULANCES CERENCES \nLundi 7/7/2025 07:00 - 19:00 Leblatier Lundi 7/7/2025 19:00 - 07:00 Norm \nMardi 8/7/2025 07:00 - 19:00 Leblatier Mardi 8/7/2025 19:00 - 07:00 Norm \nMercredi 9/7/2025 07:00 - 19:00 Leblatier Mercredi 9/7/2025 19:00 - 07:00 Norm \nJeudi 10/7/2025 07:00 - 19:00 Leblatier Jeudi 10/7/2025 19:00 - 07:00 Norm \nVendredi 11/7/2025 07:00 - 19:00 Norm Vendredi 11/7/2025 19:00 - 07:00 Leblatier \nSamedi 12/7/2025 07:00 - 19:00 Norm Samedi 12/7/2025 19:00 - 07:00 Leblatier \nDimanche 13/7/2025 07:00 - 19:00 Norm Dimanche 13/7/2025 19:00 - 07:00 Leblatier \nLundi 14/7/2025 07:00 - 19:00 Norm Lundi 14/7/2025 19:00 - 07:00 Norm \nMardi 15/7/2025 07:00 - 19:00 Norm Mardi 15/7/2025 19:00 - 07:00 Norm \nMercredi 16/7/2025 07:00 - 19:00 Norm Mercredi 16/7/2025 19:00 - 07:00 Norm \nJeudi 17/7/2025 07:00 - 19:00 Norm Jeudi 17/7/2025 19:00 - 07:00 Norm \nVendredi 18/7/2025 07:00 - 19:00 Norm Vendredi 18/7/2025 19:00 - 07:00 AMBULANCES CERENCES \nSamedi 19/7/2025 07:00 - 19:00 Norm Samedi 19/7/2025 19:00 - 07:00 AMBULANCES CERENCES \nDimanche 20/7/2025 07:00 - 19:00 Norm Dimanche 20/7/2025 19:00 - 07:00 AMBULANCES CERENCES \nLundi 21/7/2025 07:00 - 19:00 Leblatier Lundi 21/7/2025 19:00 - 07:00 Norm \nMardi 22/7/2025 07:00 - 19:00 Leblatier Mardi 22/7/2025 19:00 - 07:00 Norm \nMercredi 23/7/2025 07:00 - 19:00 Leblatier Mercredi 23/7/2025 19:00 - 07:00 Norm \nJeudi 24/7/2025 07:00 - 19:00 Leblatier Jeudi 24/7/2025 19:00 - 07:00 Norm \nVendredi 25/7/2025 07:00 - 19:00 Norm Vendredi 25/7/2025 19:00 - 07:00 Leblatier \nSamedi 26/7/2025 07:00 - 19:00 Norm Samedi 26/7/2025 19:00 - 07:00 Leblatier \nDimanche 27/7/2025 07:00 - 19:00 Norm Dimanche 27/7/2025 19:00 - 07:00 Leblatier \nLundi 28/7/2025 07:00 - 19:00 Norm Lundi 28/7/2025 19:00 - 07:00 Norm \nMardi 29/7/2025 07:00 - 19:00 Norm Mardi 29/7/2025 19:00 - 07:00 Norm \nMercredi 30/7/2025 07:00 - 19:00 Norm Mercredi 30/7/2025 19:00 - 07:00 Norm \nJeudi 31/7/2025 07:00 - 19:00 Norm Jeudi 31/7/2025 19:00 - 07:00 Norm \nVendredi 1/8/2025 07:00 - 19:00 Norm Vendredi 1/8/2025 19:00 - 07:00 Norm \nSamedi 2/8/2025 07:00 - 19:00 Norm Samedi 2/8/2025 19:00 - 07:00 Norm \nGARDE 50 SECTEUR 8 JOUR Ligne 1 GARDE 50 SECTEUR 8 NUIT Ligne 1 \nAgence r\u00e9gionale de sant\u00e9 de Normandie - 50-2025-07-04-00001 - Arr\u00eat\u00e9 fixant le tour de garde des entreprises de transports\nsanitaires terrestres agr\u00e9\u00e9es de la Manche pour la p\u00e9riode du 1er juillet au 30 septembre 2025 32\nDimanche 3/8/2025 07:00 - 19:00 Norm Dimanche 3/8/2025 19:00 - 07:00 Norm \nLundi 4/8/2025 07:00 - 19:00 Leblatier Lundi 4/8/2025 19:00 - 07:00 Norm \nMardi 5/8/2025 07:00 - 19:00 Leblatier Mardi 5/8/2025 19:00 - 07:00 Norm \nMercredi 6/8/2025 07:00 - 19:00 Leblatier Mercredi 6/8/2025 19:00 - 07:00 Norm \nJeudi 7/8/2025 07:00 - 19:00 Leblatier Jeudi 7/8/2025 19:00 - 07:00 Norm \nVendredi 8/8/2025 07:00 - 19:00 Norm Vendredi 8/8/2025 19:00 - 07:00 Leblatier \nSamedi 9/8/2025 07:00 - 19:00 Norm Samedi 9/8/2025 19:00 - 07:00 Leblatier \nDimanche 10/8/2025 07:00 - 19:00 Norm Dimanche 10/8/2025 19:00 - 07:00 Leblatier \nLundi 11/8/2025 07:00 - 19:00 Norm Lundi 11/8/2025 19:00 - 07:00 Leblatier \nMardi 12/8/2025 07:00 - 19:00 Norm Mardi 12/8/2025 19:00 - 07:00 Leblatier \nMercredi 13/8/2025 07:00 - 19:00 Norm Mercredi 13/8/2025 19:00 - 07:00 Leblatier \nJeudi 14/8/2025 07:00 - 19:00 Norm Jeudi 14/8/2025 19:00 - 07:00 Norm \nVendredi 15/8/2025 07:00 - 19:00 Norm Vendredi 15/8/2025 19:00 - 07:00 Norm \nSamedi 16/8/2025 07:00 - 19:00 Norm Samedi 16/8/2025 19:00 - 07:00 Norm \nDimanche 17/8/2025 07:00 - 19:00 Norm Dimanche 17/8/2025 19:00 - 07:00 Norm \nLundi 18/8/2025 07:00 - 19:00 Leblatier Lundi 18/8/2025 19:00 - 07:00 Norm \nMardi 19/8/2025 07:00 - 19:00 Leblatier Mardi 19/8/2025 19:00 - 07:00 Norm \nMercredi 20/8/2025 07:00 - 19:00 Leblatier Mercredi 20/8/2025 19:00 - 07:00 Norm \nJeudi 21/8/2025 07:00 - 19:00 Leblatier Jeudi 21/8/2025 19:00 - 07:00 Norm \nVendredi 22/8/2025 07:00 - 19:00 Norm Vendredi 22/8/2025 19:00 - 07:00 Norm \nSamedi 23/8/2025 07:00 - 19:00 Norm Samedi 23/8/2025 19:00 - 07:00 Norm \nDimanche 24/8/2025 07:00 - 19:00 Norm Dimanche 24/8/2025 19:00 - 07:00 Norm \nLundi 25/8/2025 07:00 - 19:00 Norm Lundi 25/8/2025 19:00 - 07:00 Leblatier \nMardi 26/8/2025 07:00 - 19:00 Norm Mardi 26/8/2025 19:00 - 07:00 Leblatier \nMercredi 27/8/2025 07:00 - 19:00 Norm Mercredi 27/8/2025 19:00 - 07:00 Leblatier \nJeudi 28/8/2025 07:00 - 19:00 Norm Jeudi 28/8/2025 19:00 - 07:00 Norm \nVendredi 29/8/2025 07:00 - 19:00 Norm Vendredi 29/8/2025 19:00 - 07:00 Norm \nSamedi 30/8/2025 07:00 - 19:00 Norm Samedi 30/8/2025 19:00 - 07:00 Norm \nDimanche 31/8/2025 07:00 - 19:00 Norm Dimanche 31/8/2025 19:00 - 07:00 Norm \nLundi 1/9/2025 07:00 - 19:00 Leblatier Lundi 1/9/2025 19:00 - 07:00 Norm \nMardi 2/9/2025 07:00 - 19:00 Leblatier Mardi 2/9/2025 19:00 - 07:00 Norm \nMercredi 3/9/2025 07:00 - 19:00 Leblatier Mercredi 3/9/2025 19:00 - 07:00 Norm \nJeudi 4/9/2025 07:00 - 19:00 Leblatier Jeudi 4/9/2025 19:00 - 07:00 Norm \nVendredi 5/9/2025 07:00 - 19:00 Norm Vendredi 5/9/2025 19:00 - 07:00 Norm \nSamedi 6/9/2025 07:00 - 19:00 Norm Samedi 6/9/2025 19:00 - 07:00 Norm \nAgence r\u00e9gionale de sant\u00e9 de Normandie - 50-2025-07-04-00001 - Arr\u00eat\u00e9 fixant le tour de garde des entreprises de transports\nsanitaires terrestres agr\u00e9\u00e9es de la Manche pour la p\u00e9riode du 1er juillet au 30 septembre 2025 33\nDimanche 7/9/2025 07:00 - 19:00 Norm Dimanche 7/9/2025 19:00 - 07:00 Norm \nLundi 8/9/2025 07:00 - 19:00 Norm Lundi 8/9/2025 19:00 - 07:00 Leblatier \nMardi 9/9/2025 07:00 - 19:00 Norm Mardi 9/9/2025 19:00 - 07:00 Leblatier \nMercredi 10/9/2025 07:00 - 19:00 Norm Mercredi 10/9/2025 19:00 - 07:00 Leblatier \nJeudi 11/9/2025 07:00 - 19:00 Norm Jeudi 11/9/2025 19:00 - 07:00 Leblatier \nVendredi 12/9/2025 07:00 - 19:00 Norm Vendredi 12/9/2025 19:00 - 07:00 Leblatier \nSamedi 13/9/2025 07:00 - 19:00 Norm Samedi 13/9/2025 19:00 - 07:00 Leblatier \nDimanche 14/9/2025 07:00 - 19:00 Norm Dimanche 14/9/2025 19:00 - 07:00 Norm \nLundi 15/9/2025 07:00 - 19:00 Leblatier Lundi 15/9/2025 19:00 - 07:00 Norm \nMardi 16/9/2025 07:00 - 19:00 Leblatier Mardi 16/9/2025 19:00 - 07:00 Norm \nMercredi 17/9/2025 07:00 - 19:00 Leblatier Mercredi 17/9/2025 19:00 - 07:00 Norm \nJeudi 18/9/2025 07:00 - 19:00 Leblatier Jeudi 18/9/2025 19:00 - 07:00 Norm \nVendredi 19/9/2025 07:00 - 19:00 Norm Vendredi 19/9/2025 19:00 - 07:00 Norm \nSamedi 20/9/2025 07:00 - 19:00 Norm Samedi 20/9/2025 19:00 - 07:00 Norm \nDimanche 21/9/2025 07:00 - 19:00 Norm Dimanche 21/9/2025 19:00 - 07:00 Norm \nLundi 22/9/2025 07:00 - 19:00 Norm Lundi 22/9/2025 19:00 - 07:00 Norm \nMardi 23/9/2025 07:00 - 19:00 Norm Mardi 23/9/2025 19:00 - 07:00 Norm \nMercredi 24/9/2025 07:00 - 19:00 Norm Mercredi 24/9/2025 19:00 - 07:00 Norm \nJeudi 25/9/2025 07:00 - 19:00 Norm Jeudi 25/9/2025 19:00 - 07:00 Leblatier \nVendredi 26/9/2025 07:00 - 19:00 Norm Vendredi 26/9/2025 19:00 - 07:00 Leblatier \nSamedi 27/9/2025 07:00 - 19:00 Norm Samedi 27/9/2025 19:00 - 07:00 Leblatier \nDimanche 28/9/2025 07:00 - 19:00 Norm Dimanche 28/9/2025 19:00 - 07:00 Norm \nLundi 29/9/2025 07:00 - 19:00 Leblatier Lundi 29/9/2025 19:00 - 07:00 Norm \nMardi 30/9/2025 07:00 - 19:00 Leblatier Mardi 30/9/2025 19:00 - 07:00 Norm \nAgence r\u00e9gionale de sant\u00e9 de Normandie - 50-2025-07-04-00001 - Arr\u00eat\u00e9 fixant le tour de garde des entreprises de transports\nsanitaires terrestres agr\u00e9\u00e9es de la Manche pour la p\u00e9riode du 1er juillet au 30 septembre 2025 34\nJour Date Horaires N\u00b0 AM Jour Date Horaires N\u00b0 AM Nom soci\u00e9t\u00e9 \nMardi 1/7/2025 07:00 - 19:00 502501588 Leblatier Mardi 1/7/2025 07:00 - 19:00 502502438 Ambulances SAAM 50 \nMercredi 2/7/2025 07:00 - 19:00 502501588 Leblatier Mercredi 2/7/2025 07:00 - 19:00 502502438 Ambulances SAAM 50 \nJeudi 3/7/2025 07:00 - 19:00 502501588 Leblatier Jeudi 3/7/2025 07:00 - 19:00 502502438 Ambulances SAAM 50 \nVendredi 4/7/2025 07:00 - 19:00 502501588 Leblatier Vendredi 4/7/2025 07:00 - 19:00 502502453 Ambulances VIVIER \nSamedi 5/7/2025 07:00 - 19:00 502501588 Leblatier Samedi 5/7/2025 07:00 - 19:00 502502453 Ambulances VIVIER \nDimanche 6/7/2025 07:00 - 19:00 502501588 Leblatier Dimanche 6/7/2025 07:00 - 19:00 502502453 Ambulances VIVIER \nLundi 7/7/2025 07:00 - 19:00 502501588 Leblatier Lundi 7/7/2025 07:00 - 19:00 502502438 Ambulances SAAM 50 \nMardi 8/7/2025 07:00 - 19:00 502501588 Leblatier Mardi 8/7/2025 07:00 - 19:00 502502438 Ambulances SAAM 50 \nMercredi 9/7/2025 07:00 - 19:00 502501588 Leblatier Mercredi 9/7/2025 07:00 - 19:00 502502453 Ambulances VIVIER \nJeudi 10/7/2025 07:00 - 19:00 502501588 Leblatier Jeudi 10/7/2025 07:00 - 19:00 502502453 Ambulances VIVIER \nVendredi 11/7/2025 07:00 - 19:00 502501588 Leblatier Vendredi 11/7/2025 07:00 - 19:00 502502404 Ambulances NORM \nSamedi 12/7/2025 07:00 - 19:00 502501588 Leblatier Samedi 12/7/2025 07:00 - 19:00 502502438 Ambulances SAAM 50 \nDimanche 13/7/2025 07:00 - 19:00 502501588 Leblatier Dimanche 13/7/2025 07:00 - 19:00 502502404 Ambulances NORM \nLundi 14/7/2025 07:00 - 19:00 502501588 Leblatier Lundi 14/7/2025 07:00 - 19:00 502502453 Ambulances VIVIER \nMardi 15/7/2025 07:00 - 19:00 502501588 Leblatier Mardi 15/7/2025 07:00 - 19:00 502502438 Ambulances SAAM 50 \nMercredi 16/7/2025 07:00 - 19:00 502501588 Leblatier Mercredi 16/7/2025 07:00 - 19:00 502502438 Ambulances SAAM 50 \nJeudi 17/7/2025 07:00 - 19:00 502501588 Leblatier Jeudi 17/7/2025 07:00 - 19:00 502502438 Ambulances SAAM 50 \nVendredi 18/7/2025 07:00 - 19:00 502501588 Leblatier Vendredi 18/7/2025 07:00 - 19:00 502502404 Ambulances NORM \nSamedi 19/7/2025 07:00 - 19:00 502501588 Leblatier Samedi 19/7/2025 07:00 - 19:00 502502404 Ambulances NORM \nDimanche 20/7/2025 07:00 - 19:00 502501588 Leblatier Dimanche 20/7/2025 07:00 - 19:00 502502404 Ambulances NORM \nLundi 21/7/2025 07:00 - 19:00 502501588 Leblatier Lundi 21/7/2025 07:00 - 19:00 502502453 Ambulances VIVIER \nMardi 22/7/2025 07:00 - 19:00 502501588 Leblatier Mardi 22/7/2025 07:00 - 19:00 502502453 Ambulances VIVIER \nMercredi 23/7/2025 07:00 - 19:00 502501588 Leblatier Mercredi 23/7/2025 07:00 - 19:00 502502453 Ambulances VIVIER \nJeudi 24/7/2025 07:00 - 19:00 502501588 Leblatier Jeudi 24/7/2025 07:00 - 19:00 502502438 Ambulances SAAM 50 \nVendredi 25/7/2025 07:00 - 19:00 502501588 Leblatier Vendredi 25/7/2025 07:00 - 19:00 502502438 Ambulances SAAM 50 \nSamedi 26/7/2025 07:00 - 19:00 502501588 Leblatier Samedi 26/7/2025 07:00 - 19:00 502502438 Ambulances SAAM 50 \nDimanche 27/7/2025 07:00 - 19:00 502501588 Leblatier Dimanche 27/7/2025 07:00 - 19:00 502502438 Ambulances SAAM 50 \nLundi 28/7/2025 07:00 - 19:00 502501588 Leblatier Lundi 28/7/2025 07:00 - 19:00 502502453 Ambulances VIVIER \nMardi 29/7/2025 07:00 - 19:00 502501588 Leblatier Mardi 29/7/2025 07:00 - 19:00 502502453 Ambulances VIVIER \nMercredi 30/7/2025 07:00 - 19:00 502501588 Leblatier Mercredi 30/7/2025 07:00 - 19:00 502502453 Ambulances VIVIER \nJeudi 31/7/2025 07:00 - 19:00 502501588 Leblatier Jeudi 31/7/2025 07:00 - 19:00 502502453 Ambulances VIVIER \nVendredi 1/8/2025 07:00 - 19:00 502501588 Leblatier Vendredi 1/8/2025 07:00 - 19:00 502502453 Ambulances VIVIER \nSamedi 2/8/2025 07:00 - 19:00 502501588 Leblatier Samedi 2/8/2025 07:00 - 19:00 502502453 Ambulances VIVIER \nGARDE 50 SECTEUR 9 JOUR Ligne 1 GARDE 50 SECTEUR 9 JOUR Ligne 2 \nAgence r\u00e9gionale de sant\u00e9 de Normandie - 50-2025-07-04-00001 - Arr\u00eat\u00e9 fixant le tour de garde des entreprises de transports\nsanitaires terrestres agr\u00e9\u00e9es de la Manche pour la p\u00e9riode du 1er juillet au 30 septembre 2025 35\nDimanche 3/8/2025 07:00 - 19:00 502501588 Leblatier Dimanche 3/8/2025 07:00 - 19:00 502502453 Ambulances VIVIER \nLundi 4/8/2025 07:00 - 19:00 502501588 Leblatier Lundi 4/8/2025 07:00 - 19:00 502502438 Ambulances SAAM 50 \nMardi 5/8/2025 07:00 - 19:00 502501588 Leblatier Mardi 5/8/2025 07:00 - 19:00 502502438 Ambulances SAAM 50 \nMercredi 6/8/2025 07:00 - 19:00 502501588 Leblatier Mercredi 6/8/2025 07:00 - 19:00 502502453 Ambulances VIVIER \nJeudi 7/8/2025 07:00 - 19:00 502501588 Leblatier Jeudi 7/8/2025 07:00 - 19:00 502502453 Ambulances VIVIER \nVendredi 8/8/2025 07:00 - 19:00 502501588 Leblatier Vendredi 8/8/2025 07:00 - 19:00 502502404 Ambulances NORM \nSamedi 9/8/2025 07:00 - 19:00 502501588 Leblatier Samedi 9/8/2025 07:00 - 19:00 502502404 Ambulances NORM \nDimanche 10/8/2025 07:00 - 19:00 502501588 Leblatier Dimanche 10/8/2025 07:00 - 19:00 502502404 Ambulances NORM \nLundi 11/8/2025 07:00 - 19:00 502501588 Leblatier Lundi 11/8/2025 07:00 - 19:00 502502453 Ambulances VIVIER \nMardi 12/8/2025 07:00 - 19:00 502501588 Leblatier Mardi 12/8/2025 07:00 - 19:00 502502453 Ambulances VIVIER \nMercredi 13/8/2025 07:00 - 19:00 502501588 Leblatier Mercredi 13/8/2025 07:00 - 19:00 502502453 Ambulances VIVIER \nJeudi 14/8/2025 07:00 - 19:00 502501588 Leblatier Jeudi 14/8/2025 07:00 - 19:00 502502453 Ambulances VIVIER \nVendredi 15/8/2025 07:00 - 19:00 502501588 Leblatier Vendredi 15/8/2025 07:00 - 19:00 502502404 Ambulances NORM \nSamedi 16/8/2025 07:00 - 19:00 502501588 Leblatier Samedi 16/8/2025 07:00 - 19:00 502502404 Ambulances NORM \nDimanche 17/8/2025 07:00 - 19:00 502501588 Leblatier Dimanche 17/8/2025 07:00 - 19:00 502502404 Ambulances NORM \nLundi 18/8/2025 07:00 - 19:00 502501588 Leblatier Lundi 18/8/2025 07:00 - 19:00 502502438 Ambulances SAAM 50 \nMardi 19/8/2025 07:00 - 19:00 502501588 Leblatier Mardi 19/8/2025 07:00 - 19:00 502502438 Ambulances SAAM 50 \nMercredi 20/8/2025 07:00 - 19:00 502501588 Leblatier Mercredi 20/8/2025 07:00 - 19:00 502502453 Ambulances VIVIER \nJeudi 21/8/2025 07:00 - 19:00 502501588 Leblatier Jeudi 21/8/2025 07:00 - 19:00 502502453 Ambulances VIVIER \nVendredi 22/8/2025 07:00 - 19:00 502501588 Leblatier Vendredi 22/8/2025 07:00 - 19:00 502502438 Ambulances SAAM 50 \nSamedi 23/8/2025 07:00 - 19:00 502501588 Leblatier Samedi 23/8/2025 07:00 - 19:00 502502438 Ambulances SAAM 50 \nDimanche 24/8/2025 07:00 - 19:00 502501588 Leblatier Dimanche 24/8/2025 07:00 - 19:00 502502438 Ambulances SAAM 50 \nLundi 25/8/2025 07:00 - 19:00 502501588 Leblatier Lundi 25/8/2025 07:00 - 19:00 502502438 Ambulances SAAM 50 \nMardi 26/8/2025 07:00 - 19:00 502501588 Leblatier Mardi 26/8/2025 07:00 - 19:00 502502438 Ambulances SAAM 50 \nMercredi 27/8/2025 07:00 - 19:00 502501588 Leblatier Mercredi 27/8/2025 07:00 - 19:00 502502438 Ambulances SAAM 50 \nJeudi 28/8/2025 07:00 - 19:00 502501588 Leblatier Jeudi 28/8/2025 07:00 - 19:00 502502438 Ambulances SAAM 50 \nVendredi 29/8/2025 07:00 - 19:00 502501588 Leblatier Vendredi 29/8/2025 07:00 - 19:00 502502453 Ambulances VIVIER \nSamedi 30/8/2025 07:00 - 19:00 502501588 Leblatier Samedi 30/8/2025 07:00 - 19:00 502502453 Ambulances VIVIER \nDimanche 31/8/2025 07:00 - 19:00 502501588 Leblatier Dimanche 31/8/2025 07:00 - 19:00 502502453 Ambulances VIVIER \nLundi 1/9/2025 07:00 - 19:00 502501588 Leblatier Lundi 1/9/2025 07:00 - 19:00 502502438 Ambulances SAAM 50 \nMardi 2/9/2025 07:00 - 19:00 502501588 Leblatier Mardi 2/9/2025 07:00 - 19:00 502502438 Ambulances SAAM 50 \nMercredi 3/9/2025 07:00 - 19:00 502501588 Leblatier Mercredi 3/9/2025 07:00 - 19:00 502502453 Ambulances VIVIER \nJeudi 4/9/2025 07:00 - 19:00 502501588 Leblatier Jeudi 4/9/2025 07:00 - 19:00 502502453 Ambulances VIVIER \nVendredi 5/9/2025 07:00 - 19:00 502501588 Leblatier Vendredi 5/9/2025 07:00 - 19:00 502502404 Ambulances NORM \nSamedi 6/9/2025 07:00 - 19:00 502501588 Leblatier Samedi 6/9/2025 07:00 - 19:00 502502404 Ambulances NORM \nAgence r\u00e9gionale de sant\u00e9 de Normandie - 50-2025-07-04-00001 - Arr\u00eat\u00e9 fixant le tour de garde des entreprises de transports\nsanitaires terrestres agr\u00e9\u00e9es de la Manche pour la p\u00e9riode du 1er juillet au 30 septembre 2025 36\nDimanche 7/9/2025 07:00 - 19:00 502501588 Leblatier Dimanche 7/9/2025 07:00 - 19:00 502502404 Ambulances NORM \nLundi 8/9/2025 07:00 - 19:00 502501588 Leblatier Lundi 8/9/2025 07:00 - 19:00 502502453 Ambulances VIVIER \nMardi 9/9/2025 07:00 - 19:00 502501588 Leblatier Mardi 9/9/2025 07:00 - 19:00 502502438 Ambulances SAAM 50 \nMercredi 10/9/2025 07:00 - 19:00 502501588 Leblatier Mercredi 10/9/2025 07:00 - 19:00 502502438 Ambulances SAAM 50 \nJeudi 11/9/2025 07:00 - 19:00 502501588 Leblatier Jeudi 11/9/2025 07:00 - 19:00 502502438 Ambulances SAAM 50 \nVendredi 12/9/2025 07:00 - 19:00 502501588 Leblatier Vendredi 12/9/2025 07:00 - 19:00 502502404 Ambulances NORM \nSamedi 13/9/2025 07:00 - 19:00 502501588 Leblatier Samedi 13/9/2025 07:00 - 19:00 502502404 Ambulances NORM \nDimanche 14/9/2025 07:00 - 19:00 502501588 Leblatier Dimanche 14/9/2025 07:00 - 19:00 502502404 Ambulances NORM \nLundi 15/9/2025 07:00 - 19:00 502501588 Leblatier Lundi 15/9/2025 07:00 - 19:00 502502453 Ambulances VIVIER \nMardi 16/9/2025 07:00 - 19:00 502501588 Leblatier Mardi 16/9/2025 07:00 - 19:00 502502453 Ambulances VIVIER \nMercredi 17/9/2025 07:00 - 19:00 502501588 Leblatier Mercredi 17/9/2025 07:00 - 19:00 502502453 Ambulances VIVIER \nJeudi 18/9/2025 07:00 - 19:00 502501588 Leblatier Jeudi 18/9/2025 07:00 - 19:00 502502438 Ambulances SAAM 50 \nVendredi 19/9/2025 07:00 - 19:00 502501588 Leblatier Vendredi 19/9/2025 07:00 - 19:00 502502438 Ambulances SAAM 50 \nSamedi 20/9/2025 07:00 - 19:00 502501588 Leblatier Samedi 20/9/2025 07:00 - 19:00 502502438 Ambulances SAAM 50 \nDimanche 21/9/2025 07:00 - 19:00 502501588 Leblatier Dimanche 21/9/2025 07:00 - 19:00 502502438 Ambulances SAAM 50 \nLundi 22/9/2025 07:00 - 19:00 502501588 Leblatier Lundi 22/9/2025 07:00 - 19:00 502502453 Ambulances VIVIER \nMardi 23/9/2025 07:00 - 19:00 502501588 Leblatier Mardi 23/9/2025 07:00 - 19:00 502502453 Ambulances VIVIER \nMercredi 24/9/2025 07:00 - 19:00 502501588 Leblatier Mercredi 24/9/2025 07:00 - 19:00 502502453 Ambulances VIVIER \nJeudi 25/9/2025 07:00 - 19:00 502501588 Leblatier Jeudi 25/9/2025 07:00 - 19:00 502502453 Ambulances VIVIER \nVendredi 26/9/2025 07:00 - 19:00 502501588 Leblatier Vendredi 26/9/2025 07:00 - 19:00 502502453 Ambulances VIVIER \nSamedi 27/9/2025 07:00 - 19:00 502501588 Leblatier Samedi 27/9/2025 07:00 - 19:00 502502453 Ambulances VIVIER \nDimanche 28/9/2025 07:00 - 19:00 502501588 Leblatier Dimanche 28/9/2025 07:00 - 19:00 502502453 Ambulances VIVIER \nLundi 29/9/2025 07:00 - 19:00 502501588 Leblatier Lundi 29/9/2025 07:00 - 19:00 502502438 Ambulances SAAM 50 \nMardi 30/9/2025 07:00 - 19:00 502501588 Leblatier Mardi 30/9/2025 07:00 - 19:00 502502438 Ambulances SAAM 50 \nAgence r\u00e9gionale de sant\u00e9 de Normandie - 50-2025-07-04-00001 - Arr\u00eat\u00e9 fixant le tour de garde des entreprises de transports\nsanitaires terrestres agr\u00e9\u00e9es de la Manche pour la p\u00e9riode du 1er juillet au 30 septembre 2025 37\nJour Date Horaires N\u00b0 AM Nom soci\u00e9t\u00e9 \nMardi 1/7/2025 19:00 - 07:00 502502453 Ambulances VIVIER \nMercredi 2/7/2025 19:00 - 07:00 502502453 Ambulances VIVIER \nJeudi 3/7/2025 19:00 - 07:00 502512536 AMBULANCE LION (STE CECILE) \nVendredi 4/7/2025 19:00 - 07:00 502512536 AMBULANCE LION (STE CECILE) \nSamedi 5/7/2025 19:00 - 07:00 502512536 AMBULANCE LION (STE CECILE) \nDimanche 6/7/2025 19:00 - 07:00 502512536 AMBULANCE LION (STE CECILE) \nLundi 7/7/2025 19:00 - 07:00 502501588 Leblatier \nMardi 8/7/2025 19:00 - 07:00 502501588 Leblatier \nMercredi 9/7/2025 19:00 - 07:00 502501588 Leblatier \nJeudi 10/7/2025 19:00 - 07:00 502501588 Leblatier \nVendredi 11/7/2025 19:00 - 07:00 502502438 Ambulances SAAM 50 \nSamedi 12/7/2025 19:00 - 07:00 502502438 Ambulances SAAM 50 \nDimanche 13/7/2025 19:00 - 07:00 502502438 Ambulances SAAM 50 \nLundi 14/7/2025 19:00 - 07:00 502512536 AMBULANCE LION (STE CECILE) \nMardi 15/7/2025 19:00 - 07:00 502512536 AMBULANCE LION (STE CECILE) \nMercredi 16/7/2025 19:00 - 07:00 502512536 AMBULANCE LION (STE CECILE) \nJeudi 17/7/2025 19:00 - 07:00 502502453 Ambulances VIVIER \nVendredi 18/7/2025 19:00 - 07:00 502502453 Ambulances VIVIER \nSamedi 19/7/2025 19:00 - 07:00 502502453 Ambulances VIVIER \nDimanche 20/7/2025 19:00 - 07:00 502502453 Ambulances VIVIER \nLundi 21/7/2025 19:00 - 07:00 502502438 Ambulances SAAM 50 \nMardi 22/7/2025 19:00 - 07:00 502502438 Ambulances SAAM 50 \nMercredi 23/7/2025 19:00 - 07:00 502512536 AMBULANCE LION (STE CECILE) \nJeudi 24/7/2025 19:00 - 07:00 502512536 AMBULANCE LION (STE CECILE) \nVendredi 25/7/2025 19:00 - 07:00 502512536 AMBULANCE LION (STE CECILE) \nSamedi 26/7/2025 19:00 - 07:00 502502404 Ambulances NORM \nDimanche 27/7/2025 19:00 - 07:00 502502404 Ambulances NORM \nLundi 28/7/2025 19:00 - 07:00 502502438 Ambulances SAAM 50 \nMardi 29/7/2025 19:00 - 07:00 502502438 Ambulances SAAM 50 \nMercredi 30/7/2025 19:00 - 07:00 502502438 Ambulances SAAM 50 \nJeudi 31/7/2025 19:00 - 07:00 502502438 Ambulances SAAM 50 \nVendredi 1/8/2025 19:00 - 07:00 502512536 AMBULANCE LION (STE CECILE) \nSamedi 2/8/2025 19:00 - 07:00 502512536 AMBULANCE LION (STE CECILE) \nGARDE 50 SECTEUR 9 NUIT Ligne 1 \nAgence r\u00e9gionale de sant\u00e9 de Normandie - 50-2025-07-04-00001 - Arr\u00eat\u00e9 fixant le tour de garde des entreprises de transports\nsanitaires terrestres agr\u00e9\u00e9es de la Manche pour la p\u00e9riode du 1er juillet au 30 septembre 2025 38\nDimanche 3/8/2025 19:00 - 07:00 502512536 AMBULANCE LION (STE CECILE) \nLundi 4/8/2025 19:00 - 07:00 502512536 AMBULANCE LION (STE CECILE) \nMardi 5/8/2025 19:00 - 07:00 502512536 AMBULANCE LION (STE CECILE) \nMercredi 6/8/2025 19:00 - 07:00 502512536 AMBULANCE LION (STE CECILE) \nJeudi 7/8/2025 19:00 - 07:00 502512536 AMBULANCE LION (STE CECILE) \nVendredi 8/8/2025 19:00 - 07:00 502502438 Ambulances SAAM 50 \nSamedi 9/8/2025 19:00 - 07:00 502502438 Ambulances SAAM 50 \nDimanche 10/8/2025 19:00 - 07:00 502502438 Ambulances SAAM 50 \nLundi 11/8/2025 19:00 - 07:00 502512536 AMBULANCE LION (STE CECILE) \nMardi 12/8/2025 19:00 - 07:00 502512536 AMBULANCE LION (STE CECILE) \nMercredi 13/8/2025 19:00 - 07:00 502512536 AMBULANCE LION (STE CECILE) \nJeudi 14/8/2025 19:00 - 07:00 502512536 AMBULANCE LION (STE CECILE) \nVendredi 15/8/2025 19:00 - 07:00 502502453 Ambulances VIVIER \nSamedi 16/8/2025 19:00 - 07:00 502502453 Ambulances VIVIER \nDimanche 17/8/2025 19:00 - 07:00 502502453 Ambulances VIVIER \nLundi 18/8/2025 19:00 - 07:00 502512536 AMBULANCE LION (STE CECILE) \nMardi 19/8/2025 19:00 - 07:00 502512536 AMBULANCE LION (STE CECILE) \nMercredi 20/8/2025 19:00 - 07:00 502512536 AMBULANCE LION (STE CECILE) \nJeudi 21/8/2025 19:00 - 07:00 502512536 AMBULANCE LION (STE CECILE) \nVendredi 22/8/2025 19:00 - 07:00 502502404 Ambulances NORM \nSamedi 23/8/2025 19:00 - 07:00 502502404 Ambulances NORM \nDimanche 24/8/2025 19:00 - 07:00 502502404 Ambulances NORM \nLundi 25/8/2025 19:00 - 07:00 502502453 Ambulances VIVIER \nMardi 26/8/2025 19:00 - 07:00 502502453 Ambulances VIVIER \nMercredi 27/8/2025 19:00 - 07:00 502502453 Ambulances VIVIER \nJeudi 28/8/2025 19:00 - 07:00 502512536 AMBULANCE LION (STE CECILE) \nVendredi 29/8/2025 19:00 - 07:00 502512536 AMBULANCE LION (STE CECILE) \nSamedi 30/8/2025 19:00 - 07:00 502512536 AMBULANCE LION (STE CECILE) \nDimanche 31/8/2025 19:00 - 07:00 502512536 AMBULANCE LION (STE CECILE) \nLundi 1/9/2025 19:00 - 07:00 502512536 AMBULANCE LION (STE CECILE) \nMardi 2/9/2025 19:00 - 07:00 502512536 AMBULANCE LION (STE CECILE) \nMercredi 3/9/2025 19:00 - 07:00 502512536 AMBULANCE LION (STE CECILE) \nJeudi 4/9/2025 19:00 - 07:00 502512536 AMBULANCE LION (STE CECILE) \nVendredi 5/9/2025 19:00 - 07:00 502502438 Ambulances SAAM 50 \nSamedi 6/9/2025 19:00 - 07:00 502502438 Ambulances SAAM 50 \nAgence r\u00e9gionale de sant\u00e9 de Normandie - 50-2025-07-04-00001 - Arr\u00eat\u00e9 fixant le tour de garde des entreprises de transports\nsanitaires terrestres agr\u00e9\u00e9es de la Manche pour la p\u00e9riode du 1er juillet au 30 septembre 2025 39\nDimanche 7/9/2025 19:00 - 07:00 502502438 Ambulances SAAM 50 \nLundi 8/9/2025 19:00 - 07:00 502512536 AMBULANCE LION (STE CECILE) \nMardi 9/9/2025 19:00 - 07:00 502512536 AMBULANCE LION (STE CECILE) \nMercredi 10/9/2025 19:00 - 07:00 502512536 AMBULANCE LION (STE CECILE) \nJeudi 11/9/2025 19:00 - 07:00 502502453 Ambulances VIVIER \nVendredi 12/9/2025 19:00 - 07:00 502502453 Ambulances VIVIER \nSamedi 13/9/2025 19:00 - 07:00 502502453 Ambulances VIVIER \nDimanche 14/9/2025 19:00 - 07:00 502502453 Ambulances VIVIER \nLundi 15/9/2025 19:00 - 07:00 502502438 Ambulances SAAM 50 \nMardi 16/9/2025 19:00 - 07:00 502502438 Ambulances SAAM 50 \nMercredi 17/9/2025 19:00 - 07:00 502512536 AMBULANCE LION (STE CECILE) \nJeudi 18/9/2025 19:00 - 07:00 502512536 AMBULANCE LION (STE CECILE) \nVendredi 19/9/2025 19:00 - 07:00 502512536 AMBULANCE LION (STE CECILE) \nSamedi 20/9/2025 19:00 - 07:00 502502404 Ambulances NORM \nDimanche 21/9/2025 19:00 - 07:00 502502404 Ambulances NORM \nLundi 22/9/2025 19:00 - 07:00 502502438 Ambulances SAAM 50 \nMardi 23/9/2025 19:00 - 07:00 502502438 Ambulances SAAM 50 \nMercredi 24/9/2025 19:00 - 07:00 502502438 Ambulances SAAM 50 \nJeudi 25/9/2025 19:00 - 07:00 502502438 Ambulances SAAM 50 \nVendredi 26/9/2025 19:00 - 07:00 502512536 AMBULANCE LION (STE CECILE) \nSamedi 27/9/2025 19:00 - 07:00 502512536 AMBULANCE LION (STE CECILE) \nDimanche 28/9/2025 19:00 - 07:00 502512536 AMBULANCE LION (STE CECILE) \nLundi 29/9/2025 19:00 - 07:00 502512536 AMBULANCE LION (STE CECILE) \nMardi 30/9/2025 19:00 - 07:00 502512536 AMBULANCE LION (STE CECILE) \nAgence r\u00e9gionale de sant\u00e9 de Normandie - 50-2025-07-04-00001 - Arr\u00eat\u00e9 fixant le tour de garde des entreprises de transports\nsanitaires terrestres agr\u00e9\u00e9es de la Manche pour la p\u00e9riode du 1er juillet au 30 septembre 2025 40\nJour Date Horaires Nom Soci\u00e9t\u00e9 Jour Date Horaires Nom Soci\u00e9t\u00e9 \nMardi 1/7/2025 07:00 - 19:00 Selune Mardi 1/7/2025 19:00 - 07:00 La See \nMercredi 2/7/2025 07:00 - 19:00 Selune Mercredi 2/7/2025 19:00 - 07:00 La See \nJeudi 3/7/2025 07:00 - 19:00 St Michel Jeudi 3/7/2025 19:00 - 07:00 Selune \nVendredi 4/7/2025 07:00 - 19:00 St Michel Vendredi 4/7/2025 19:00 - 07:00 Selune \nSamedi 5/7/2025 07:00 - 19:00 La See Samedi 5/7/2025 19:00 - 07:00 \nDimanche 6/7/2025 07:00 - 19:00 La See Dimanche 6/7/2025 19:00 - 07:00 \nLundi 7/7/2025 07:00 - 19:00 La See Lundi 7/7/2025 19:00 - 07:00 Selune \nMardi 8/7/2025 07:00 - 19:00 Mortain Mardi 8/7/2025 19:00 - 07:00 Selune \nMercredi 9/7/2025 07:00 - 19:00 Mortain Mercredi 9/7/2025 19:00 - 07:00 Selune \nJeudi 10/7/2025 07:00 - 19:00 Teilleulaises Jeudi 10/7/2025 19:00 - 07:00 Mortain \nVendredi 11/7/2025 07:00 - 19:00 Teilleulaises Vendredi 11/7/2025 19:00 - 07:00 Mortain \nSamedi 12/7/2025 07:00 - 19:00 St Michel Samedi 12/7/2025 19:00 - 07:00 \nDimanche 13/7/2025 07:00 - 19:00 St Michel Dimanche 13/7/2025 19:00 - 07:00 \nLundi 14/7/2025 07:00 - 19:00 St Michel Lundi 14/7/2025 19:00 - 07:00 Teilleulaises \nMardi 15/7/2025 07:00 - 19:00 Mortain Mardi 15/7/2025 19:00 - 07:00 Teilleulaises \nMercredi 16/7/2025 07:00 - 19:00 Mortain Mercredi 16/7/2025 19:00 - 07:00 Teilleulaises \nJeudi 17/7/2025 07:00 - 19:00 St Michel Jeudi 17/7/2025 19:00 - 07:00 La See \nVendredi 18/7/2025 07:00 - 19:00 St Michel Vendredi 18/7/2025 19:00 - 07:00 La See \nSamedi 19/7/2025 07:00 - 19:00 Selune Samedi 19/7/2025 19:00 - 07:00 \nDimanche 20/7/2025 07:00 - 19:00 Selune Dimanche 20/7/2025 19:00 - 07:00 \nLundi 21/7/2025 07:00 - 19:00 Selune Lundi 21/7/2025 19:00 - 07:00 Mortain \nMardi 22/7/2025 07:00 - 19:00 La See Mardi 22/7/2025 19:00 - 07:00 Mortain \nMercredi 23/7/2025 07:00 - 19:00 La See Mercredi 23/7/2025 19:00 - 07:00 Mortain \nJeudi 24/7/2025 07:00 - 19:00 Selune Jeudi 24/7/2025 19:00 - 07:00 St Michel \nVendredi 25/7/2025 07:00 - 19:00 Selune Vendredi 25/7/2025 19:00 - 07:00 St Michel \nSamedi 26/7/2025 07:00 - 19:00 Mortain Samedi 26/7/2025 19:00 - 07:00 \nDimanche 27/7/2025 07:00 - 19:00 Mortain Dimanche 27/7/2025 19:00 - 07:00 \nLundi 28/7/2025 07:00 - 19:00 Mortain Lundi 28/7/2025 19:00 - 07:00 Selune \nMardi 29/7/2025 07:00 - 19:00 St Michel Mardi 29/7/2025 19:00 - 07:00 Selune \nMercredi 30/7/2025 07:00 - 19:00 St Michel Mercredi 30/7/2025 19:00 - 07:00 Selune \nJeudi 31/7/2025 07:00 - 19:00 Mortain Jeudi 31/7/2025 19:00 - 07:00 La See \nVendredi 1/8/2025 07:00 - 19:00 Mortain Vendredi 1/8/2025 19:00 - 07:00 La See \nSamedi 2/8/2025 07:00 - 19:00 Selune Samedi 2/8/2025 19:00 - 07:00 \nGARDE 50 SECTEUR 10 JOUR Ligne 1 GARDE 50 SECTEUR 10 NUIT Ligne 1 \nAgence r\u00e9gionale de sant\u00e9 de Normandie - 50-2025-07-04-00001 - Arr\u00eat\u00e9 fixant le tour de garde des entreprises de transports\nsanitaires terrestres agr\u00e9\u00e9es de la Manche pour la p\u00e9riode du 1er juillet au 30 septembre 2025 41\nDimanche 3/8/2025 07:00 - 19:00 Selune Dimanche 3/8/2025 19:00 - 07:00 \nLundi 4/8/2025 07:00 - 19:00 Selune Lundi 4/8/2025 19:00 - 07:00 Mortain \nMardi 5/8/2025 07:00 - 19:00 La See Mardi 5/8/2025 19:00 - 07:00 Mortain \nMercredi 6/8/2025 07:00 - 19:00 La See Mercredi 6/8/2025 19:00 - 07:00 Mortain \nJeudi 7/8/2025 07:00 - 19:00 Selune Jeudi 7/8/2025 19:00 - 07:00 Teilleulaises \nVendredi 8/8/2025 07:00 - 19:00 Selune Vendredi 8/8/2025 19:00 - 07:00 Teilleulaises \nSamedi 9/8/2025 07:00 - 19:00 La See Samedi 9/8/2025 19:00 - 07:00 \nDimanche 10/8/2025 07:00 - 19:00 La See Dimanche 10/8/2025 19:00 - 07:00 \nLundi 11/8/2025 07:00 - 19:00 La See Lundi 11/8/2025 19:00 - 07:00 St Michel \nMardi 12/8/2025 07:00 - 19:00 Teilleulaises Mardi 12/8/2025 19:00 - 07:00 St Michel \nMercredi 13/8/2025 07:00 - 19:00 Teilleulaises Mercredi 13/8/2025 19:00 - 07:00 St Michel \nJeudi 14/8/2025 07:00 - 19:00 Selune Jeudi 14/8/2025 19:00 - 07:00 Mortain \nVendredi 15/8/2025 07:00 - 19:00 Selune Vendredi 15/8/2025 19:00 - 07:00 Mortain \nSamedi 16/8/2025 07:00 - 19:00 St Michel Samedi 16/8/2025 19:00 - 07:00 \nDimanche 17/8/2025 07:00 - 19:00 St Michel Dimanche 17/8/2025 19:00 - 07:00 \nLundi 18/8/2025 07:00 - 19:00 St Michel Lundi 18/8/2025 19:00 - 07:00 Selune \nMardi 19/8/2025 07:00 - 19:00 Mortain Mardi 19/8/2025 19:00 - 07:00 Selune \nMercredi 20/8/2025 07:00 - 19:00 Mortain Mercredi 20/8/2025 19:00 - 07:00 Selune \nJeudi 21/8/2025 07:00 - 19:00 La See Jeudi 21/8/2025 19:00 - 07:00 St Michel \nVendredi 22/8/2025 07:00 - 19:00 La See Vendredi 22/8/2025 19:00 - 07:00 St Michel \nSamedi 23/8/2025 07:00 - 19:00 Mortain Samedi 23/8/2025 19:00 - 07:00 \nDimanche 24/8/2025 07:00 - 19:00 Mortain Dimanche 24/8/2025 19:00 - 07:00 \nLundi 25/8/2025 07:00 - 19:00 Mortain Lundi 25/8/2025 19:00 - 07:00 La See \nMardi 26/8/2025 07:00 - 19:00 Teilleulaises Mardi 26/8/2025 19:00 - 07:00 La See \nMercredi 27/8/2025 07:00 - 19:00 Teilleulaises Mercredi 27/8/2025 19:00 - 07:00 La See \nJeudi 28/8/2025 07:00 - 19:00 St Michel Jeudi 28/8/2025 19:00 - 07:00 Mortain \nVendredi 29/8/2025 07:00 - 19:00 St Michel Vendredi 29/8/2025 19:00 - 07:00 Mortain \nSamedi 30/8/2025 07:00 - 19:00 Selune Samedi 30/8/2025 19:00 - 07:00 \nDimanche 31/8/2025 07:00 - 19:00 Selune Dimanche 31/8/2025 19:00 - 07:00 \nLundi 1/9/2025 07:00 - 19:00 Selune Lundi 1/9/2025 19:00 - 07:00 St Michel \nMardi 2/9/2025 07:00 - 19:00 Mortain Mardi 2/9/2025 19:00 - 07:00 St Michel \nMercredi 3/9/2025 07:00 - 19:00 Mortain Mercredi 3/9/2025 19:00 - 07:00 St Michel \nJeudi 4/9/2025 07:00 - 19:00 La See Jeudi 4/9/2025 19:00 - 07:00 Selune \nVendredi 5/9/2025 07:00 - 19:00 La See Vendredi 5/9/2025 19:00 - 07:00 Selune \nSamedi 6/9/2025 07:00 - 19:00 Mortain Samedi 6/9/2025 19:00 - 07:00 \nAgence r\u00e9gionale de sant\u00e9 de Normandie - 50-2025-07-04-00001 - Arr\u00eat\u00e9 fixant le tour de garde des entreprises de transports\nsanitaires terrestres agr\u00e9\u00e9es de la Manche pour la p\u00e9riode du 1er juillet au 30 septembre 2025 42\nDimanche 7/9/2025 07:00 - 19:00 Mortain Dimanche 7/9/2025 19:00 - 07:00 \nLundi 8/9/2025 07:00 - 19:00 Mortain Lundi 8/9/2025 19:00 - 07:00 La See \nMardi 9/9/2025 07:00 - 19:00 Selune Mardi 9/9/2025 19:00 - 07:00 La See \nMercredi 10/9/2025 07:00 - 19:00 Selune Mercredi 10/9/2025 19:00 - 07:00 La See \nJeudi 11/9/2025 07:00 - 19:00 St Michel Jeudi 11/9/2025 19:00 - 07:00 Selune \nVendredi 12/9/2025 07:00 - 19:00 St Michel Vendredi 12/9/2025 19:00 - 07:00 Selune \nSamedi 13/9/2025 07:00 - 19:00 La See Samedi 13/9/2025 19:00 - 07:00 \nDimanche 14/9/2025 07:00 - 19:00 La See Dimanche 14/9/2025 19:00 - 07:00 \nLundi 15/9/2025 07:00 - 19:00 La See Lundi 15/9/2025 19:00 - 07:00 Teilleulaises \nMardi 16/9/2025 07:00 - 19:00 Mortain Mardi 16/9/2025 19:00 - 07:00 Teilleulaises \nMercredi 17/9/2025 07:00 - 19:00 Mortain Mercredi 17/9/2025 19:00 - 07:00 Teilleulaises \nJeudi 18/9/2025 07:00 - 19:00 Selune Jeudi 18/9/2025 19:00 - 07:00 Mortain \nVendredi 19/9/2025 07:00 - 19:00 Selune Vendredi 19/9/2025 19:00 - 07:00 Mortain \nSamedi 20/9/2025 07:00 - 19:00 St Michel Samedi 20/9/2025 19:00 - 07:00 \nDimanche 21/9/2025 07:00 - 19:00 St Michel Dimanche 21/9/2025 19:00 - 07:00 \nLundi 22/9/2025 07:00 - 19:00 St Michel Lundi 22/9/2025 19:00 - 07:00 Selune \nMardi 23/9/2025 07:00 - 19:00 Mortain Mardi 23/9/2025 19:00 - 07:00 Selune \nMercredi 24/9/2025 07:00 - 19:00 Mortain Mercredi 24/9/2025 19:00 - 07:00 Selune \nJeudi 25/9/2025 07:00 - 19:00 St Michel Jeudi 25/9/2025 19:00 - 07:00 La See \nVendredi 26/9/2025 07:00 - 19:00 St Michel Vendredi 26/9/2025 19:00 - 07:00 La See \nSamedi 27/9/2025 07:00 - 19:00 Teilleulaises Samedi 27/9/2025 19:00 - 07:00 \nDimanche 28/9/2025 07:00 - 19:00 Teilleulaises Dimanche 28/9/2025 19:00 - 07:00 \nLundi 29/9/2025 07:00 - 19:00 Teilleulaises Lundi 29/9/2025 19:00 - 07:00 Mortain \nMardi 30/9/2025 07:00 - 19:00 Selune Mardi 30/9/2025 19:00 - 07:00 Mortain \nAgence r\u00e9gionale de sant\u00e9 de Normandie - 50-2025-07-04-00001 - Arr\u00eat\u00e9 fixant le tour de garde des entreprises de transports\nsanitaires terrestres agr\u00e9\u00e9es de la Manche pour la p\u00e9riode du 1er juillet au 30 septembre 2025 43\nSecteur 1 \nCHERBOURG \nSecteur 2 \nVALOGNES \nSecteur 3 \nLES PIEUX \nSecteur 4 \nCARENTAN \nSecteur 5 \nLA HAYE \nAgence r\u00e9gionale de sant\u00e9 de Normandie - 50-2025-07-04-00001 - Arr\u00eat\u00e9 fixant le tour de garde des entreprises de transports\nsanitaires terrestres agr\u00e9\u00e9es de la Manche pour la p\u00e9riode du 1er juillet au 30 septembre 2025 44\nSoci\u00e9t\u00e9 Code \nAMBULANCE SEIZEUR (CHERBOURG) 50001 \nAMBULANCE DAVODET JC (CHERBOURG) 50002 \nAMBULANCE SEIZEUR (QUERQUEVILLE) 50003 \nAMBULANCE COTENTIN SECOURS (MARTINVAST) 50004 \nAMBULANCE TOURLAVILLE (TOURLAVILLE) 50005 \nSOS AMBULANCES (CHERBOURG) 50054 \nAMBULANCE DAVODET JC (BEAUMONT HAGUE) 50228 \nSoci\u00e9t\u00e9 Code \nAMBULANCE HOUET (VALOGNES) 50006 \nAMBULANCE LANGELIER (VALOGNES) 50007 \nAMBULANCE DAVODET ST PIERRE (ST PIERRE EGLISE) 50008 \nAMBULANCE TELLIER (MONTEBOURG) 50009 \nAMBULANCE VAL DE SAIRE (ST VAAST LA HOUGUE) 50010 \nAMBULANCE DAVODET ST PIERRE (ST VAAST ST PIERRE) 50011 \nAMBULANCE HOUET (ST SAUVEUR LE VICOMTE) 50055 \nAMBULANCE VAL DE SAIRE (QUETTEHOU) 50057 \nAMBULANCE VAL DE SAIRE (BARFLEUR) 50058 \nSoci\u00e9t\u00e9 Code \nAMBULANCE LEMARINEL (BRICQUEBEC) 50012 \nAMBULANCE DAVODET JM (BARNEVILLE CARTERET) 50013 \nAMBULANCE DAVODET LES PIEUX (LES PIEUX) 50014 \nAMBULANCE COTE DES ISLES (BARNEVILLE CARTERET) 50015 \nAMBULANCE DAVODET JM (BRICQUEBEC) 50052 \nSoci\u00e9t\u00e9 Code \nAMBULANCE DU PLAIN COTENTIN (STE MERE EGLISE) 50017 \nAMBULANCE CARENTANAISE (CARENTAN) 50018 \nAMBULANCE SAINTE MARIE (STE MARIE DU MONT) 50019 \nAMBULANCE CARENTAN (CARENTAN) 50020 \nSoci\u00e9t\u00e9 Code \nAMBULANCE CENTRE MANCHE (PERIERS) 50021 \nAMBULANCE SAINTE CROIX (CREANCES) 50022 \nAMBULANCE PILLET (PORTBAIL) 50016 \nAgence r\u00e9gionale de sant\u00e9 de Normandie - 50-2025-07-04-00001 - Arr\u00eat\u00e9 fixant le tour de garde des entreprises de transports\nsanitaires terrestres agr\u00e9\u00e9es de la Manche pour la p\u00e9riode du 1er juillet au 30 septembre 2025 45\nJUUUME|]CIRLUE\nN\u00b0 AM Secteur 6 \n502501877 ST LO \n502500739 \n502501729 \nN\u00b0 AM Secteur 7 \nCOUTANCES \n502502388 \n502502362 \n502501711 \nSecteur 8 \nGRANVILLE \nN\u00b0 AM \n502501935 \n502500242 \n502500366 Secteur 9 \nAVRANCHES \nN\u00b0 AM \n502502289 Secteur 10 \n502502529 ST HILAIRE \n502501703 \nN\u00b0 AM \n502502164 \n502502156 \n502500945 \nAgence r\u00e9gionale de sant\u00e9 de Normandie - 50-2025-07-04-00001 - Arr\u00eat\u00e9 fixant le tour de garde des entreprises de transports\nsanitaires terrestres agr\u00e9\u00e9es de la Manche pour la p\u00e9riode du 1er juillet au 30 septembre 2025 46\nSoci\u00e9t\u00e9 Code N\u00b0 AM \nAMBULANCE DE L'ELLE (ST CLAIR SUR L'ELLE) 50029 \nAMBULANCE ST LOISE (ST LO) 50030 \nAMBULANCE VAL 2 VIRE (TORIGNI SUR VIRE) 50031 502502231 \nAMBULANCE LEFEVRE (ST LO) 50032 502502172 \nAMBULANCE  LEFEVRE (ST JEAN DE DAYE) 50033 502500879 \nAMBULANCE ASSISTANCE AMBULANCES (ST LO) 50034 502501257 \nAMBULANCE VAL 2 VIRE (TESSY SUR VIRE) 50226 \nAMBULANCE LA CROIX BLEUE 502502115 \nSoci\u00e9t\u00e9 Code N\u00b0 AM \nAMBULANCE MONTMARTIN (MONMARTIN SUR MER) 50024 502501976 \nAMBULANCE LA CROIX BLEUE (COUTANCES) 50025 502502115 \nAMBULANCE AGON COUTAINVILLE (AGON COUTAINVILLE) 50026 502502511 \nAMBULANCE GOUVILLAISE (GOUVILLE SUR MER) 50027 502502553 \nSoci\u00e9t\u00e9 Code N\u00b0 AM \nAMBULANCE NORM (GRANVILLE) 50039 502502396 \nAMBULANCE LEBLATIER (GRANVILLE) 50040 502502222 \nAMBULANCES CERENCES 502502099 \nSoci\u00e9t\u00e9 Code N\u00b0 AM \nAMBULANCE LEPOURCELET (BRECEY) 50035 \nAMBULANCE LION (STE CECILE) 50036 502512536 \nAMBULANCE VIVIER (VILLEDIEU LES POELES) 50037 502502453 \nAMBULANCE LION (BRECEY) 50053 \nAMBULANCE NORM (AVRANCHES) 502502404 \nAMBULANCE SAAM 50 (ST JAMES) 502502438 \nSoci\u00e9t\u00e9 Code N\u00b0 AM \nAMBULANCE DE LA SEE (SOURDEVAL) 50045 502502271 \nAMBULANCE ASA ROLAND SOUL (BARENTON) 50046 \nAMBULANCES TEILLEULAISES (LE TEILLEUL) 50047 502501075 \nAMBULANCE DE LA SELUNE (PARIGNY) 50048 502501232 \nAMBULANCE LES SAINTS MICHEL (ST HILAIRE DU HARCOUET) 50065 502502446 \nAMBULANCE PERRIN (LOUVIGNE DU DESERT) 50227 \nAgence r\u00e9gionale de sant\u00e9 de Normandie - 50-2025-07-04-00001 - Arr\u00eat\u00e9 fixant le tour de garde des entreprises de transports\nsanitaires terrestres agr\u00e9\u00e9es de la Manche pour la p\u00e9riode du 1er juillet au 30 septembre 2025 47\n39 soci\u00e9t\u00e9s \n502501265 \n502502479 \nAgence r\u00e9gionale de sant\u00e9 de Normandie - 50-2025-07-04-00001 - Arr\u00eat\u00e9 fixant le tour de garde des entreprises de transports\nsanitaires terrestres agr\u00e9\u00e9es de la Manche pour la p\u00e9riode du 1er juillet au 30 septembre 2025 48\nConseil d\u00e9partemental de la Manche\n50-2025-07-24-00004\nArr\u00eat\u00e9 de d\u00e9signation des membres composant\nle Conseil d\u00e9partemental de la citoyennet\u00e9 et de\nl'autonomie (CDCA)\nConseil d\u00e9partemental de la Manche - 50-2025-07-24-00004 - Arr\u00eat\u00e9 de d\u00e9signation des membres composant le Conseil\nd\u00e9partemental de la citoyennet\u00e9 et de l'autonomie (CDCA) 49\nLA MANCHELE DEPARTEMENT\nD\u00e9l\u00e9gation \u00e0 la maison d\u00e9partementale de \nl'autonomie\nN\u00b0 ARR-2025-142\nArr\u00eat\u00e9 de d\u00e9signation des membres composant le Conseil d\u00e9partemental de la\ncitoyennet\u00e9 et de l'autonomie (CDCA)\nLe pr\u00e9sident du conseil d\u00e9partemental,\nVu le Code de l'action sociale et des familles, et notamment ses articles L.  149 -1 \u00e0\nL. 149-3 et D. 149-2 \u00e0 D. 149-5 ;\nVu le Code des relations entre le public et l'administration et notamment ses articles\nR. 133-1 et suivants ;\nVu le d\u00e9cret  n\u00b02024-1178 du 13 d\u00e9cembre 2024 portant adaptation de la composition\ndu conseil d\u00e9partemental de la citoyennet\u00e9 et de l'autonomie \u00e0 l'organisation territoriale de\nl'Etat ;\nVu l'arr\u00eat\u00e9  n\u00b015 en date du  9 d\u00e9cembre  2024 relatif \u00e0 la composition du conseil\nd\u00e9partemental de la citoyennet\u00e9 et de l'autonomie ;\nConsid\u00e9rant que le mandat des membres du conseil d\u00e9partemental de la citoyennet\u00e9\net de l'autonomie court pour trois ans pour la p\u00e9riode 2023-2026 ;\nConsid\u00e9rant qu'il convient de proc\u00e9der \u00e0 la d\u00e9signation de repr\u00e9sentant s dans les\ndiff\u00e9rents coll\u00e8ges ;\nArr\u00eate :\nArt. 1er. -  Le conseil d\u00e9partemental de la citoyennet\u00e9 et de l'autonomie de la Manche\nest compos\u00e9 ainsi qu'il suit : \n1. FORMATION SP\u00c9CIALIS\u00c9E POUR LES QUESTIONS RELATIVES AUX PERSONNES\n\u00c2G\u00c9ES\n1.1. PREMIER  COLL\u00c8GE     :  REPR\u00c9SENTANTS  DES  USAGERS  RETRAIT\u00c9S,\nPERSONNES \u00c2G\u00c9ES, DE LEURS FAMILLES ET DES PROCHES AIDANTS. \n1.1.1. Huit  repr\u00e9sentants  des  personnes  \u00e2g\u00e9es,  de  leurs  familles  et  des\nproches aidants d\u00e9sign\u00e9s sur propositions des associations figurant sur une liste\narr\u00eat\u00e9e par le pr\u00e9sident du conseil d\u00e9partemental ; \n\uf0a7 Si\u00e8ge n\u00b0 1   \nF\u00e9d\u00e9ration de la Manche des clubs de retrait\u00e9s \nTitulaire : Suppl\u00e9ant :\nEn attente de d\u00e9signation En attente de d\u00e9signation\nConseil d\u00e9partemental de la Manche - 50-2025-07-24-00004 - Arr\u00eat\u00e9 de d\u00e9signation des membres composant le Conseil\nd\u00e9partemental de la citoyennet\u00e9 et de l'autonomie (CDCA) 50\nL1\n\uf0a7 Si\u00e8ge n\u00b0 2   \nG\u00e9n\u00e9ration Mouvement \u2013 F\u00e9d\u00e9ration de la Manche les a\u00een\u00e9s ruraux \nTitulaire : Suppl\u00e9ant :\nMonique LETHOUAYE Michel RAULINE\n\uf0a7 Si\u00e8ge n\u00b0 3\nFrance Alzheimer Manche \nTitulaire : Suppl\u00e9ant :\nEvelyne RABEC En attente de d\u00e9signation\n\uf0a7 Si\u00e8ge n\u00b0 4\nAssociation des parkinsoniens de la Manche \nTitulaire : Suppl\u00e9ant :\nSerge DESLANDES Gilbert LEMEE\n\uf0a7 Si\u00e8ge n\u00b0 5\nConf\u00e9d\u00e9ration nationale des retrait\u00e9s militaires, des anciens militaires et de\nleurs conjoints \u2013 CNRM\nTitulaire : Suppl\u00e9ant : \nEn attente de d\u00e9signation En attente de d\u00e9signation\n\uf0a7 Si\u00e8ge n\u00b0 6\nF\u00e9d\u00e9ration g\u00e9n\u00e9rale des retrait\u00e9s de la fonction publique \u2013 FGR FP \nTitulaire : Suppl\u00e9ant :\nMichel LECHATREUX Erick PONTAIS \n\uf0a7 Si\u00e8ge n\u00b0 7\nF\u00e9d\u00e9ration nationale des associations de retrait\u00e9s \u2013 FNAR \nTitulaire : Suppl\u00e9ant :\nJean-Claude DUMONT Arlette BOUCHAIN\n  \n\uf0a7 Si\u00e8ge n\u00b0 8\nFamilles rurales \u2013 F\u00e9d\u00e9ration de la Manche \nTitulaire : Suppl\u00e9ant :\nC\u00e9cile LEFRANC En attente de d\u00e9signation\n1.1.2. Cinq repr\u00e9sentants des personnes retrait\u00e9es d\u00e9sign\u00e9s sur propositions\ndes organisations syndicales repr\u00e9sentatives au niveau national ; \n\uf0a7 Si\u00e8ge n\u00b0 1 \nUnion syndicale des retrait\u00e9s CGT de la Manche \u2013 USR CGT Manche\nTitulaire : Suppl\u00e9ant :\nGuy BERNARD Fr\u00e9d\u00e9ric LEBORGNE\n \n\uf0a7 Si\u00e8ge n\u00b0 2\nUnion territoriale des retrait\u00e9s CFDT de la Manche \u2013 UTR CFDT Manche\nTitulaire : Suppl\u00e9ant :\nRoland SOUBEYRAND Nathalie GIRARD\n \n\uf0a7 Si\u00e8ge n\u00b0 3 \nUnion d\u00e9partementale des retrait\u00e9s FO- UDR FO Manche\nTitulaire : Suppl\u00e9ant :\nDani\u00e8le GAUTSCHI Daniel LEBOURGEOIS\n \nConseil d\u00e9partemental de la Manche - 50-2025-07-24-00004 - Arr\u00eat\u00e9 de d\u00e9signation des membres composant le Conseil\nd\u00e9partemental de la citoyennet\u00e9 et de l'autonomie (CDCA) 51\n\uf0a7 Si\u00e8ge n\u00b0 4\nUnion  d\u00e9partementale  des  retrait\u00e9s  CFTC  de  la  Manche  \u2013  UD  CFTC\nManche \nTitulaire : Suppl\u00e9ant :\nReine TETREL Jacqueline HELLER\n\uf0a7 Si\u00e8ge n\u00b0 5\nUD CFE UNIR - Conf\u00e9d\u00e9ration fran\u00e7aise de l'encadrement \u2013 CGC \nTitulaire : Suppl\u00e9ant :\nEn attente de d\u00e9signation En attente de d\u00e9signation \n1.1.3. Trois repr\u00e9sentants des personnes retrait\u00e9es d\u00e9sign\u00e9s parmi les autres\norganisations syndicales si\u00e9geant au Haut Conseil de la famille, de l'enfance et\nde  l'\u00e2ge  dans  la  formation  sp\u00e9cialis\u00e9e  du  champ  de  l'\u00e2ge,  choisies  par  le\npr\u00e9sident  du  conseil  d\u00e9partemental  en  fonction  de  leur  activit\u00e9  dans  le\nd\u00e9partement, sur proposition de ces organisations syndicales ;\n\uf0a7 Si\u00e8ge n\u00b0 1 \nF\u00e9d\u00e9ration D\u00e9partementale Syndicats Exploitants Agricoles - FDSEA\nTitulaire : Suppl\u00e9ant :\nCatherine GUERAULT G\u00e9rard BEDOUIN \n \n\uf0a7 Si\u00e8ge n\u00b0 2 \nF\u00e9d\u00e9ration  Nationale  des  Associations  de  Retrait\u00e9s  de  l'Artisanat et  du\ncommerce - FENARAC\nTitulaire : Suppl\u00e9ant :\nJean-Pierre CARDIN Jean-Louis LEMONNIER \n\uf0a7 Si\u00e8ge n\u00b0 3 \nAssociation nationale de retrait\u00e9s - ANR\nTitulaire : Suppl\u00e9ant :\nEvelyne MASSICOT Jeannine DANGER\n1.2. Deuxi\u00e8me coll\u00e8ge   : repr\u00e9sentants des institutions.\n1.2.1. Deux repr\u00e9sentants du conseil d\u00e9partemental d\u00e9sign\u00e9s par le pr\u00e9sident\ndu conseil d\u00e9partemental ;\n\uf0a7 Si\u00e8ge n\u00b0 1 \nTitulaire : Suppl\u00e9ant :\nMaryse LE GOFF Franck ESNOUF\n\uf0a7 Si\u00e8ge n\u00b0 2\nTitulaire : Suppl\u00e9ant :\nPierre-Fran\u00e7ois LEJEUNE Hedwige COLLETTE\n1.2.2. Deux repr\u00e9sentants des autres collectivit\u00e9s et \u00e9tablissements publics de\ncoop\u00e9ration  intercommunale  d\u00e9sign\u00e9s  sur  proposition  de  l'association\nd\u00e9partementale des maires ; \n\uf0a7 Si\u00e8ge n\u00b0 1 \nTitulaire : Suppl\u00e9ant :\nChrist\u00e8le  CASTELEIN maire  de  St\nCyr\nOdile  MENAND maire  adjointe  de\nCerisy-La-Salle\nConseil d\u00e9partemental de la Manche - 50-2025-07-24-00004 - Arr\u00eat\u00e9 de d\u00e9signation des membres composant le Conseil\nd\u00e9partemental de la citoyennet\u00e9 et de l'autonomie (CDCA) 52\n\uf0a7 Si\u00e8ge n\u00b0 2\nTitulaire : Suppl\u00e9ant :\nDavid  GUERLAVAIS  Maire  de\nDragey-Ronthon\nAgn\u00e8s  VALERE  conseill\u00e8re\nmunicipale Lessay\n1.2.3. Le  directeur  d\u00e9partemental  de  l'emploi,  du  travail  et  des  solidarit\u00e9s\n(DDETS) ou son repr\u00e9sentant ;\n1.2.4. Le directeur ou l a directrice g\u00e9n\u00e9rale de l' Agence r\u00e9gionale de sant\u00e9 ou\nson repr\u00e9sentant (ARS) ;\n1.2.5. Un ou une  repr\u00e9sentant (e) de l' Agence nationale de l'habitat dans le\nd\u00e9partement d\u00e9sign\u00e9 sur proposition du pr\u00e9fet (ANAH) ;\nTitulaire : Suppl\u00e9ant :\nPierre-Arnaud MARTIN Isabelle DENIS  \n1.2.6. Quatre  repr\u00e9sentants  des  r\u00e9gimes  de  base  d'assurance  vieillesse  et\nd'assurance  maladie  d\u00e9sign\u00e9s  sur  propositions  de  la  caisse  primaire\nd'assurance  maladie, de la mutualit\u00e9 sociale agricole, du r\u00e9gime social  des\nind\u00e9pendants et de la caisse d'assurance retraite et de la sant\u00e9 au travail ;\n\uf0a7 Si\u00e8ge n\u00b0 1 \nCaisse primaire d'assurance maladie \u2013 CPAM de la Manche \nTitulaire : Suppl\u00e9ant :\nChristophe LECOEUR H\u00e9l\u00e8ne BOUAZZA\n\uf0a7 Si\u00e8ge n\u00b0 2\nMutualit\u00e9 sociale agricole \u2013 MSA\nTitulaire : Suppl\u00e9ant :\nElisabeth RUEL Suzanne PIEDAGNEL\n \n\uf0a7 Si\u00e8ge n\u00b0 3\nCaisse d'assurance retraite et de la sant\u00e9 au travail \u2013 CARSAT  \nTitulaire : Suppl\u00e9ant :\nBernard PIVAIN Guy BESNARD\n\uf0a7 Si\u00e8ge n\u00b04 \nRepr\u00e9sentant des r\u00e9gimes de base d'assurance vieillesse et maladie\nTitulaire : Suppl\u00e9ant :\nBernard PIVAIN Guy BESNARD  \n1.2.7. Un repr\u00e9sentant des institutions de retraite compl\u00e9mentaire d\u00e9sign\u00e9 sur\npropositions des f\u00e9d\u00e9rations des institutions de retraite compl\u00e9mentaire ;  \nComit\u00e9  r\u00e9gional  de  coordination  de  l'action  sociale  AGIRC  \u2013  ARCCO  de\nNormandie\nTitulaire : Suppl\u00e9ant :\nEmmanuelle GAIGNARD Emmanuel DE VAINS\n1.2.8. Un  repr\u00e9sentant  des  organismes  r\u00e9gis  par  le  code  de  la  mutualit\u00e9,\nd\u00e9sign\u00e9 sur proposition de la f\u00e9d\u00e9ration nationale de la mutualit\u00e9 fran\u00e7aise ;  \nTitulaire : Suppl\u00e9ant :\nLuc CHOUBRAC Fanny ROUSSEAU \nConseil d\u00e9partemental de la Manche - 50-2025-07-24-00004 - Arr\u00eat\u00e9 de d\u00e9signation des membres composant le Conseil\nd\u00e9partemental de la citoyennet\u00e9 et de l'autonomie (CDCA) 53\n1.3. Troisi\u00e8me  coll\u00e8ge repr\u00e9sentants  des  organismes  et  professionnels  \u0153uvrant  en\nfaveur des personnes \u00e2g\u00e9es.\n1.3.1. Cinq  repr\u00e9sentants  des  organisations  syndicales  repr\u00e9sentatives  de\nsalari\u00e9s, ainsi qu'un repr\u00e9sentant de l'union nationale des syndicats autonomes,\nd\u00e9sign\u00e9s sur propositions de chacune de ces organisations ; \n\uf0a7 Si\u00e8ge n\u00b0 1   \nConf\u00e9d\u00e9ration g\u00e9n\u00e9rale du travail \u2013 UD CGT Manche \nTitulaire : Suppl\u00e9ant :\nJohana HELAINE En attente de d\u00e9signation\n\uf0a7 Si\u00e8ge n\u00b0 2   \nUnion r\u00e9gionale de Basse-Normandie - CFDT\nTitulaire : Suppl\u00e9ant :\nPierre PATTE En attente de d\u00e9signation\n\uf0a7 Si\u00e8ge n\u00b0 3\nUnion d\u00e9partementale Force ouvri\u00e8re Manche \u2013 UD FO Manche \nTitulaire : Suppl\u00e9ant :\nPhilippe CLEMENT Pascal GAMBLIN\n\uf0a7 Si\u00e8ge n\u00b0 4\nUnion d\u00e9partementale conf\u00e9d\u00e9ration fran\u00e7aise des travailleurs chr\u00e9tiens \u2013\nUD CFTC Manche \nTitulaire : Suppl\u00e9ant :\nDidier BERKANE En attente de d\u00e9signation\n\uf0a7 Si\u00e8ge n\u00b0 5\nConf\u00e9d\u00e9ration g\u00e9n\u00e9rale de l'encadrement \u2013 CGC \nTitulaire : Suppl\u00e9ant :\nClaudine HELAINE En attente de d\u00e9signation\n\uf0a7 Si\u00e8ge n\u00b0 6\nUnion d\u00e9partementale de l'union nationale des syndicats autonomes \u2013 UD\nUNSA 50\nTitulaire : Suppl\u00e9ant :\nCoralie BENACCHIO En attente de d\u00e9signation \n \n1.3.2. Quatre repr\u00e9sentants des organisations repr\u00e9sentant les employeurs, les\nprofessionnels et les gestionnaires d'\u00e9tablissements et de services sociaux et\nm\u00e9dico-sociaux, d\u00e9sign\u00e9s sur proposition des organisations figurant sur une\nliste arr\u00eat\u00e9e conjointement par le directeur ou la directrice g\u00e9n\u00e9rale de l' Agence\nr\u00e9gionale de sant\u00e9 et le pr\u00e9sident du conseil d\u00e9partemental ; \n\uf0a7 Si\u00e8ge n\u00b0 1 \nTitulaire : ADMR (Aide \u00e0 domicile en\nmilieu rural)\nSuppl\u00e9ant :  FEDESAP  (F\u00e9d\u00e9ration\nfran\u00e7aise des services \u00e0 la personne\net de proximit\u00e9) \nBrigitte LE COUEDIC Miguel FERREIRA\nConseil d\u00e9partemental de la Manche - 50-2025-07-24-00004 - Arr\u00eat\u00e9 de d\u00e9signation des membres composant le Conseil\nd\u00e9partemental de la citoyennet\u00e9 et de l'autonomie (CDCA) 54\n\uf0a7 Si\u00e8ge n\u00b0 2   \nTitulaire : F\u00e9d\u00e9ration hospitali\u00e8re de\nFrance Normandie-FHF\nSuppl\u00e9ant : URIOPSS  (Union\nr\u00e9gionale  interf\u00e9d\u00e9rale  des\norganismes  priv\u00e9s  sanitaires  et\nsociaux)\nSandrine LAUXERROIS Arnaud LECOQ  \n \n\uf0a7 Si\u00e8ge n\u00b0 3\nTitulaire : UNCCAS (Union nationale\ndes  centres  communaux  d'action\nsociale)\nSuppl\u00e9ant : SYNERPA\nTouria MARIE En attente de d\u00e9signation\n\uf0a7 Si\u00e8ge n\u00b0 4\nTitulaire :  FEHAP  (F\u00e9d\u00e9ration  des\n\u00e9tablissements hospitaliers et d'aide\n\u00e0 la personne priv\u00e9s non lucratifs)\nSuppl\u00e9ant : ADEPAM \nSt\u00e9phane LEMAITRE Isabelle DELADUNE\n1.3.3. Un repr\u00e9sentant des intervenants b\u00e9n\u00e9voles qui contribuent au maintien\ndu lien social des personnes \u00e2g\u00e9es, d\u00e9sign\u00e9 sur propositions des associations\nfigurant sur une liste arr\u00eat\u00e9e par le pr\u00e9sident du conseil d\u00e9partemental ; \nLes petits fr\u00e8res des pauvres\nTitulaire : Suppl\u00e9ant :\nRaymond PENHARD Sandrine HERENCIA \n1.4. Quatri\u00e8me  coll\u00e8ge :  repr\u00e9sentants  des  personnes  physiques  ou  morales\nconcern\u00e9es par les politiques de l'autonomie et de la citoyennet\u00e9 des personnes\n\u00e2g\u00e9es ou intervenant dans le domaine de comp\u00e9tence du conseil. \n1.4.1. Un repr\u00e9sentant des autorit\u00e9s organisatrices de transports, d\u00e9sign\u00e9 sur\nproposition du pr\u00e9sident du conseil r\u00e9gional ; \nTitulaire : Suppl\u00e9ant \nVal\u00e9rie LAISNEY St\u00e9phanie MAUBE\n1.4.2. Un repr\u00e9sentant des bailleurs sociaux, d\u00e9sign\u00e9 sur proposition du pr\u00e9fet ;\nTitulaire : Suppl\u00e9ant :\nSoizic GUILLARD Thibault DURAND\n1.4.3. Un architecte urbaniste d\u00e9sign\u00e9 sur proposition du pr\u00e9fet ; \nTitulaire : Suppl\u00e9ant :\nLaure GROZNYKH Emmanuel FAUCHET \n1.4.4. Cinq personnes physiques ou morales concern\u00e9es par la politique de\nl'autonomie et de l'accessibilit\u00e9 universelle et intervenant dans les domaines de\nla  citoyennet\u00e9,  de  la  sant\u00e9,  de  l'activit\u00e9  physique,  des  loisirs,  de  la  vie\nassociative, de la culture et du tourisme propos\u00e9es conjointement par le pr\u00e9fet\net le pr\u00e9sident du conseil d\u00e9partemental ; \nConseil d\u00e9partemental de la Manche - 50-2025-07-24-00004 - Arr\u00eat\u00e9 de d\u00e9signation des membres composant le Conseil\nd\u00e9partemental de la citoyennet\u00e9 et de l'autonomie (CDCA) 55\nEn attente de d\u00e9signation Association  d\u00e9partementale  des\npupilles de l'enseignement public de\nla Manche (AD PEP Manche)\nEn attente de d\u00e9signation Association  d\u00e9partementale  des\npupilles de l'enseignement public de\nla  Manche  (AD  PEP  Manche)  \u2013\nservice  CAMSP et  CMPP  de  la\nManche \nBrigitte Boisgerault CLIC de la Manche\nEn attente de d\u00e9signation Universit\u00e9 Inter-Age Normandie\nEn attente de d\u00e9signation En attente de d\u00e9signation\n2. FORMATION SP\u00c9CIALIS\u00c9E POUR LES QUESTIONS RELATIVES AUX PERSONNES\nHANDICAP\u00c9ES\n2.1. Premier coll\u00e8ge   : repr\u00e9sentants des usagers. \n2.1.1. SEIZE  REPR\u00c9SENTANTS  DES  PERSONNES  HANDICAP\u00c9ES,  DE\nLEURS  FAMILLES  ET  DES  PROCHES  AIDANTS  D\u00c9SIGN\u00c9S  SUR\nPROPOSITION DES ASSOCIATIONS FIGURANT SUR UNE LISTE ARR\u00caT\u00c9E\nCONJOINTEMENT  PAR  LE  PR\u00c9FET  ET  LE  PR\u00c9SIDENT  DU  CONSEIL\nD\u00c9PARTEMENTAL ;\n\uf0a7 Si\u00e8ge n\u00b0 1   \nAssociation des aveugles et malvoyants de la Manche - A.A.M.M\nTitulaire : Suppl\u00e9ant :\nEn attente de d\u00e9signation En attente de d\u00e9signation\n\uf0a7 Si\u00e8ge n\u00b0 2      \nAssociation du Cotentin d'aide et d'int\u00e9gration sociale \u2013 ACAIS \nTitulaire : Suppl\u00e9ant :\nCharlotte GAUDRE Fran\u00e7ois PEPERS\n\uf0a7 Si\u00e8ge n\u00b0 3\nAssociation  pour  l'insertion  sociale  et  professionnelle  des  personnes\nhandicap\u00e9es - LADAPT \nTitulaire : Suppl\u00e9ant :\nRomuald LAMI Elise MOURE\n\uf0a7 Si\u00e8ge n\u00b0 4\nAssociation des devenus sourds et malentendants de la Manche \u2013 ADSM\nManche \nTitulaire : Suppl\u00e9ant :\nAnne-Marie DESMOTTES Brigitte FLEURY\n\uf0a7 Si\u00e8ge n\u00b0 5\nAssociation de familles de  traumatis\u00e9s cr\u00e2niens et c\u00e9r\u00e9bro l\u00e9s\u00e9s  \u2013 AFTC\nManche \nTitulaire : Suppl\u00e9ant :\nJean ANDRO En attente de d\u00e9signation\nConseil d\u00e9partemental de la Manche - 50-2025-07-24-00004 - Arr\u00eat\u00e9 de d\u00e9signation des membres composant le Conseil\nd\u00e9partemental de la citoyennet\u00e9 et de l'autonomie (CDCA) 56\n\uf0a7 Si\u00e8ge n\u00b0 6\nAssociation granvillaise des amis et parents d'enfants inadapt\u00e9s \u2013 AGAPEI \nTitulaire : Suppl\u00e9ant :\nYannick BESCHER Fabien GIRARD\n\uf0a7 Si\u00e8ge n\u00b0 7\nAssociation  des  parents  et  amis  d'enfants  et  adultes  inadapt\u00e9s  de\nl'Avranchin - APAEIA \nTitulaire : Suppl\u00e9ant :\nV\u00e9ronique LAGNIEL Michel JUHERE\n\uf0a7 Si\u00e8ge n\u00b0 8\nUnion D\u00e9partementale des Associations Familles - UDAF \nTitulaire : Suppl\u00e9ant :\nH\u00e9l\u00e8ne De QUIEVRECOURT Guillaume PARIS\n\uf0a7 Si\u00e8ge n\u00b0 9\nAssociation  parentale  pour  l'\u00e9ducation  et  l'insertion  des  personnes\nd\u00e9ficientes du Centre Manche - APEI Centre Manche  \nTitulaire : Suppl\u00e9ant :\nV\u00e9ronique LABBEY Patrick ESSELINE \n\uf0a7 Si\u00e8ge n\u00b0 10\nAPF France handicap - D\u00e9l\u00e9gation Manche  \nTitulaire : Suppl\u00e9ant :\nChristopher PADOX Genevi\u00e8ve LAJOYE\n\uf0a7 Si\u00e8ge n\u00b0 11\nLes  accident\u00e9s  de  la  vie  \u2013  Groupement  50  \u2013  F\u00e9d\u00e9ration  nationale  des\naccident\u00e9s du travail et des handicap\u00e9s - FNATH  \nTitulaire : Suppl\u00e9ant :\nLiliane GARNIER  Jean-Pierre LUCAS\n\uf0a7 Si\u00e8ge n\u00b0 12 \nAssociation nationale d'associations d'adultes et de parents d'enfants DYS  \nTitulaire : Suppl\u00e9ant :\nEn attente de d\u00e9signation Arnaud BOUIS\n\uf0a7 Si\u00e8ge n\u00b0 13\nAutisme Basse-Normandie  \nTitulaire : Suppl\u00e9ant :\nMich\u00e8le SIARD Lydie LEPOITTEVIN   \n\uf0a7 Si\u00e8ge n\u00b0 14\nGroupement  d'\u00e9tude  et  d'insertion  sociale  des  personnes  porteuses  de\ntrisomie 21 \u2013 GEIST 21  \nTitulaire : Suppl\u00e9ant :\nJo\u00ebl PRUD'HOMME En attente de d\u00e9signation \nConseil d\u00e9partemental de la Manche - 50-2025-07-24-00004 - Arr\u00eat\u00e9 de d\u00e9signation des membres composant le Conseil\nd\u00e9partemental de la citoyennet\u00e9 et de l'autonomie (CDCA) 57\n\uf0a7 Si\u00e8ge n\u00b0 15\nUnion  nationale  des  amis  et  familles  de  personnes  malades  et/ou\nhandicap\u00e9es psychiques - UNAFAM  50 Manche \nTitulaire : Suppl\u00e9ant :\nFran\u00e7oise AVICE Philippe NIVIERE\n\uf0a7 Si\u00e8ge n\u00b0 16 \nVaincre la mucoviscidose \u2013 D\u00e9l\u00e9gation Basse-Normandie \nTitulaire : Suppl\u00e9ant :  \nDidier RENE En attente de d\u00e9signation \n2.2. Deuxi\u00e8me coll\u00e8ge : repr\u00e9sentants des institutions \n2.2.1. Deux repr\u00e9sentants du conseil d\u00e9partemental d\u00e9sign\u00e9s par le pr\u00e9sident\ndu conseil d\u00e9partemental ;\n\uf0a7 Si\u00e8ge n\u00b0 1 \nTitulaire : Suppl\u00e9ant :\nSylvie G\u00c2T\u00c9 Herv\u00e9 DESSEROUER\n\uf0a7 Si\u00e8ge n\u00b0 2\nTitulaire : Suppl\u00e9ant :\nFr\u00e9d\u00e9rique BOURY Isabelle BOUYER-MAUPAS\n2.2.2. Le pr\u00e9sident du conseil r\u00e9gional ou son repr\u00e9sentant ; \n2.2.3. Deux repr\u00e9sentants des autres collectivit\u00e9s et \u00e9tablissements publics de\ncoop\u00e9ration  intercommunale  d\u00e9sign\u00e9s  sur  proposition  de  l'assembl\u00e9e\nd\u00e9partementale des maires ;\n\uf0a7 Si\u00e8ge n\u00b0 1 \nTitulaire : Suppl\u00e9ant : \nJean-Pierre  TOLLEMER  maire  de\nSottevast\nFran\u00e7oise  LOUIS  Maire  de  Saint-\nLouet-sur-Vire\n\uf0a7 Si\u00e8ge n\u00b0 2\nTitulaire : Suppl\u00e9ant :\nFrederik LEQUILBEC  conseiller\nmunicipal de Cherbourg et conseiller\ncommunautaire \u00e0 la CA du Cotentin\nMarie-Mathilde  LEZAN  conseill\u00e8re\nmunicipale Granville\n2.2.4. Deux repr\u00e9sentants de la Direction d\u00e9partementale de l'emploi, du travail\net des solidarit\u00e9s (DDETS) ;\n2.2.5. Le recteur d'acad\u00e9mie ou son repr\u00e9sentant (\u00c9ducation Nationale) ;\n2.2.6. Le directeur ou l a directrice g\u00e9n\u00e9rale de l' Agence r\u00e9gionale de sant\u00e9 ou\nson repr\u00e9sentant (ARS) ; \nConseil d\u00e9partemental de la Manche - 50-2025-07-24-00004 - Arr\u00eat\u00e9 de d\u00e9signation des membres composant le Conseil\nd\u00e9partemental de la citoyennet\u00e9 et de l'autonomie (CDCA) 58\n2.2.7. Un repr\u00e9sentant de l' Agence nationale de l'habitat dans le d\u00e9partement,\nd\u00e9sign\u00e9 sur proposition du pr\u00e9fet (ANAH) ;\nTitulaire : Suppl\u00e9ant :\nPierre-Arnaud MARTIN Isabelle DENIS\n2.2.8. Deux  repr\u00e9sentants  des  r\u00e9gimes  de  base  d'assurance  vieillesse  et\nd'assurance  maladie  d\u00e9sign\u00e9s  sur  propositions  de  la  caisse  primaire\nd'assurance  maladie  et de la caisse d'assurance retraite et de la sant\u00e9 au\ntravail ;\n\uf0a7 Si\u00e8ge n\u00b0 1 \nCaisse primaire d'assurance maladie \u2013 CPAM de la Manche \nTitulaire : Suppl\u00e9ant : \nH\u00e9l\u00e8ne BOUAZZA Christophe LECOEUR\n\uf0a7 Si\u00e8ge n\u00b0 2\nCaisse d'assurance retraite et de la sant\u00e9 au travail \u2013 CARSAT  \nTitulaire : Suppl\u00e9ant :\nGuy BESNARD Bernard PIVAIN\n2.2.9. Un  repr\u00e9sentant  des  organismes  r\u00e9gis  par  le  code  de  la  mutualit\u00e9,\nd\u00e9sign\u00e9 sur proposition de la f\u00e9d\u00e9ration nationale de la mutualit\u00e9 fran\u00e7aise\nTitulaire : Suppl\u00e9ant :\nNicole  PITRON  \u2013  UR  Harmonie\nMutuelle\nGis\u00e8le CATHERINE \u2013 MNH\n2.3. Troisi\u00e8me coll\u00e8ge  : repr\u00e9sentants des  organismes et professionnels \u0153uvrant en\nfaveur des personnes handicap\u00e9es.\n2.3.1. Cinq  repr\u00e9sentants  des  organisations  syndicales  repr\u00e9sentatives  de\nsalari\u00e9s, ainsi qu'un repr\u00e9sentant de l'union nationale des syndicats autonomes,\nd\u00e9sign\u00e9s sur propositions de chacune de ces organisations ; \n\uf0a7 Si\u00e8ge n\u00b0 1   \nConf\u00e9d\u00e9ration g\u00e9n\u00e9rale du travail \u2013 UD CGT 50 \nTitulaire : Suppl\u00e9ant :\nCorinne PIRET Pierre ATGER  \n\uf0a7 Si\u00e8ge n\u00b0 2   \nUnion r\u00e9gionale de Basse-Normandie -CFDT \nTitulaire : Suppl\u00e9ant :\nEn attente de d\u00e9signation En attente de d\u00e9signation\n\uf0a7 Si\u00e8ge n\u00b0 3\nUnion d\u00e9partementale Force ouvri\u00e8re Manche \u2013 UD FO Manche \nTitulaire : Suppl\u00e9ant :\nLionel MEDERNACH Nadia DJERFAF\nConseil d\u00e9partemental de la Manche - 50-2025-07-24-00004 - Arr\u00eat\u00e9 de d\u00e9signation des membres composant le Conseil\nd\u00e9partemental de la citoyennet\u00e9 et de l'autonomie (CDCA) 59\n\uf0a7 Si\u00e8ge n\u00b0 4\nUnion d\u00e9partementale conf\u00e9d\u00e9ration fran\u00e7aise des travailleurs chr\u00e9tiens \u2013\nUD CFTC Manche \nTitulaire : Suppl\u00e9ant :\nYann ANGE En attente de d\u00e9signation\n\uf0a7 Si\u00e8ge n\u00b0 5\nConf\u00e9d\u00e9ration g\u00e9n\u00e9rale de l'encadrement \u2013 CGC \nTitulaire : Suppl\u00e9ant :\nMartine NICOLLE En attente de d\u00e9signation\n\uf0a7 Si\u00e8ge n\u00b0 6\nUnion d\u00e9partementale de l'union nationale des syndicats autonomes \u2013 UD\nUNSA 50 \nTitulaire : Suppl\u00e9ant :\nEn attente de d\u00e9signation En attente de d\u00e9signation\n2.3.2. Quatre repr\u00e9sentants des organisations repr\u00e9sentant les employeurs, les\nprofessionnels,  et  les  gestionnaires  d'\u00e9tablissements  et  services  sociaux  et\nm\u00e9dico-sociaux, d\u00e9sign\u00e9s sur proposition des organisations figurant sur une\nliste arr\u00eat\u00e9e conjointement par la directrice g\u00e9n\u00e9rale de l'agence r\u00e9gionale de\nsant\u00e9 et le pr\u00e9sident du conseil d\u00e9partemental ;\n\uf0a7 Si\u00e8ge n\u00b0 1 \nTitulaire : URIOPSS  (Union\nr\u00e9gionale  interf\u00e9d\u00e9rale  des\norganismes  p riv\u00e9s  sanitaires  et\nsociaux)\nSuppl\u00e9ant : UNA (Union nationale de\nl'aide, des soins, et des services \u00e0\ndomicile) \nAlain CARTEL Alexandra GOUTTE\n Si\u00e8ge n\u00b0 2   \nTitulaire :  FEHAP  (F\u00e9d\u00e9ration  des\n\u00e9tablissements hospitaliers et d'aide\n\u00e0 la personne priv\u00e9s non lucratifs)\nSuppl\u00e9ant :  F\u00e9d\u00e9ration  hospitali\u00e8re\nde France Normandie\nMagalie DALE BLOUET Aur\u00e9lie LOUIS\n\uf0a7 Si\u00e8ge n\u00b0 3 \nNEXEM (FEGAPEI-SYNEAS)\nTitulaire : Suppl\u00e9ant :\nCatherine ROLLAND-GOXE St\u00e9phane MALHERBE\n  \n\uf0a7 Si\u00e8ge n\u00b0 4\nTitulaire :  ANDICAT  (Association\nnationale  des  directeurs  et  cadres\ndes ESAT )\nSuppl\u00e9ant :  GNDA  (Groupement\nnational  des  directeurs  g\u00e9n\u00e9raux\nd'associations  des  secteurs\n\u00e9ducatifs, social et m\u00e9dico-social)\nEn attente de d\u00e9signation En attente de d\u00e9signation\nConseil d\u00e9partemental de la Manche - 50-2025-07-24-00004 - Arr\u00eat\u00e9 de d\u00e9signation des membres composant le Conseil\nd\u00e9partemental de la citoyennet\u00e9 et de l'autonomie (CDCA) 60\n2.3.3. Un repr\u00e9sentant des intervenants b\u00e9n\u00e9voles qui contribuent au maintien\nde la participation des personnes handicap\u00e9es, d\u00e9sign\u00e9 sur propositions des\nassociations  figurant  sur  une  liste  arr\u00eat\u00e9e  par  le  pr\u00e9sident  du  conseil\nd\u00e9partemental. \nHandisport\nTitulaire : Suppl\u00e9ant :\nJean-Philippe CHAPIN Pascal BIVILLE\n2.4. Quatri\u00e8me  coll\u00e8ge :  repr\u00e9sentants  des  personnes  physiques  ou  morales\nconcern\u00e9es par les politiques de l'autonomie et de la citoyennet\u00e9 des personnes\nhandicap\u00e9es ou intervenant dans le domaine de comp\u00e9tence du conseil.\n2.4.1. Un repr\u00e9sentant des autorit\u00e9s organisatrices de transports, d\u00e9sign\u00e9 sur\nproposition du pr\u00e9sident du conseil r\u00e9gional ; \nTitulaire : Suppl\u00e9ant :\nVal\u00e9rie LAISNEY St\u00e9phanie MAUBE\n \n2.4.2. Un repr\u00e9sentant des bailleurs sociaux, d\u00e9sign\u00e9 sur proposition du pr\u00e9fet ;\nTitulaire : Suppl\u00e9ant :\nSoizic GUILLARD Thibault DURAND\n2.4.3. Un architecte urbaniste d\u00e9sign\u00e9 sur proposition du pr\u00e9fet ; \nTitulaire : Suppl\u00e9ant :\nLaure GROZNYKH Emmanuel FAUCHET\n2.4.4. Cinq personnes physiques ou morales concern\u00e9es par la politique de\nl'autonomie et de l'accessibilit\u00e9 universelle et intervenant dans les domaines de\nla  citoyennet\u00e9,  de  la  sant\u00e9,  de  l'activit\u00e9  physique,  des  loisirs,  de  la  vie\nassociative, de la culture et du tourisme propos\u00e9es conjointement par le pr\u00e9fet\net le pr\u00e9sident du conseil d\u00e9partemental ; \nEn attente de d\u00e9signation Association  d\u00e9partementale  des\npupilles de l'enseignement public de\nla Manche (AD PEP Manche)\nEn attente de d\u00e9signation Association  d\u00e9partementale  des\npupilles de l'enseignement public de\nla  Manche  (AD  PEP  Manche)  \u2013\nservice  CAMSP et  CMPP  de  la\nManche \nBrigitte Boisgerault CLIC de la Manche\nEn attente de d\u00e9signation Universit\u00e9 Inter-\u00e2ges Normandie\nEn attente de d\u00e9signation En attente de d\u00e9signation\nArt.  2  \u2013 Outre  le pr\u00e9sident  du  conseil  d\u00e9partemental  qui  pr\u00e9side  le  conseil\nd\u00e9partemental de la citoyennet\u00e9 et de l'autonomie, le conseil d\u00e9partemental de la citoyennet\u00e9\net de l'autonomie comprend des membres de droit, ainsi que d'autres membres mentionn\u00e9s\nau 1.4.4 et 2.4.4 de l'article 1 du pr\u00e9sent arr\u00eat\u00e9 de nomination sous r\u00e9serve de l'accord de la\nmajorit\u00e9 des membres de droit. \nArt. 3 \u2013  Le conseil d\u00e9partemental de la citoyennet\u00e9 et de l'autonomie comprend des\nmembres titulaires et des membres suppl\u00e9ants. Toutefois, les membres mentionn\u00e9s au 1.4.4\net 2.4.4 de l'article 1 du pr\u00e9sent arr\u00eat\u00e9 de nomination n'ont pas de suppl\u00e9ant.  \nConseil d\u00e9partemental de la Manche - 50-2025-07-24-00004 - Arr\u00eat\u00e9 de d\u00e9signation des membres composant le Conseil\nd\u00e9partemental de la citoyennet\u00e9 et de l'autonomie (CDCA) 61\nArt. 4 \u2013  Le mandat des membres du conseil d\u00e9partemental de la citoyennet\u00e9 et de\nl'autonomie est de trois ans. Il prend fin lorsque le mandataire perd la qualit\u00e9 au titre de\nlaquelle il a \u00e9t\u00e9 d\u00e9sign\u00e9. \nLe membre du conseil d\u00e9partemental de la citoyennet\u00e9 et de l'autonomie qui, au cours\nde son mandat, d\u00e9c\u00e8de, d\u00e9missionne ou perd la qualit\u00e9 au titre de laquelle il a \u00e9t\u00e9 d\u00e9sign\u00e9\nest remplac\u00e9 pour la dur\u00e9e du mandat restant \u00e0 courir par une personne d\u00e9sign\u00e9e dans les\nm\u00eames conditions.\nArt. 5 \u2013  Le repr\u00e9sentant de l'agence nationale de l'habitat dans le d\u00e9partement ainsi\nque les deux repr\u00e9sentants des  r\u00e9gimes  de base  d'assurance vieillesse  et d'assurance\nmaladie sont communs aux deuxi\u00e8mes coll\u00e8ges des deux formations. Les membres du\nquatri\u00e8me coll\u00e8ge sont communs aux deux formations.  \nArt.  6  \u2013  Le  pr\u00e9sent  arr\u00eat\u00e9  abroge  l'arr\u00eat\u00e9  pr\u00e9c\u00e9dent  n\u00b01 5  en  date  d u\n9 d\u00e9cembre 2024.\nArt. 7 \u2013 Le pr\u00e9sent arr\u00eat\u00e9 peut faire l'objet d'un recours administratif gracieux aupr\u00e8s\nde  Monsieur  le  pr\u00e9sident  du  conseil  d\u00e9partemental,  dans  les  deux  mois  suivant  sa\nnotification. \nUn recours contentieux peut \u00e9galement \u00eatre d\u00e9pos\u00e9 aupr\u00e8s du tribunal administratif de\nCaen,  3 rue Arthur Leduc, BP 25086, 14050 Caen Cedex 4,  \u00e9galement dans un d\u00e9lai de\ndeux mois \u00e0 compter de la notification, ou dans le d\u00e9lai de deux mois \u00e0 partir de la r\u00e9ponse\nde l'administration si un recours administratif a \u00e9t\u00e9 d\u00e9pos\u00e9. Le tribunal administratif peut\n\u00e9galement \u00eatre saisi par l'application informatique \u00ab T\u00e9l\u00e9recours citoyens \u00bb accessible par le\nsite Internet www.telere  c  ours.fr .\nArt. 8 \u2013 La directrice de la Maison d\u00e9partementale de l'autonomie de la Manche est\ncharg\u00e9e de l'ex\u00e9cution du pr\u00e9sent arr\u00eat\u00e9.\nFait \u00e0 Saint-L\u00f4, \nLe pr\u00e9sident du conseil d\u00e9partemental\n#signature1#\nJean Morin\nSign\u00e9 \u00e9lectroniquement par :\nJean Morin\nDate de signature : 24 juillet 2025\nQualit\u00e9 : pr\u00e9sident du conseil d\u00e9partemental\nID t\u00e9l\u00e9transmission : 050-225005024-20250724-lmc11078145-AR-1-1\nDate envoi pr\u00e9fecture : 24/07/2025 \nDate AR pr\u00e9fecture : 24/07/2025\nDate de publication : 24/07/2025\nConseil d\u00e9partemental de la Manche - 50-2025-07-24-00004 - Arr\u00eat\u00e9 de d\u00e9signation des membres composant le Conseil\nd\u00e9partemental de la citoyennet\u00e9 et de l'autonomie (CDCA) 62\nDirection d\u00e9partementale de l'emploi, du travail\net des solidarit\u00e9s\n50-2025-06-24-00003\nAppel \u00e0 projets 2025 Fonds National\nd'Accompagnement Vers et dans le Logement -\ncahier des charges\nDirection d\u00e9partementale de l'emploi, du travail et des solidarit\u00e9s - 50-2025-06-24-00003 - Appel \u00e0 projets 2025 Fonds National\nd'Accompagnement Vers et dans le Logement - cahier des charges 63\n\"xPREFETDE LA MANCHELiibert\u00e9Egalit\u00e9Fraternit\u00e9\nDirection D\u00e9partementale de l'emploi, du\ntravail et des solidarit\u00e9s\nP\u00f4le des Solidarit\u00e9s Actives\nACCOMPAGNEMENT VERS ET DANS LE LOGEMENT\nAPPEL A PROJETS 2025 : CAHIER DES CHARGES \n   D\u00e9partement de la Manche\nLe Fonds national d'accompagnement vers et dans le logement (FNAVDL) a \u00e9t\u00e9 institu\u00e9 en\n2011.  \u00c0  son  origine,  il  finan\u00e7ait  des  actions  d'accompagnement  personnalis\u00e9  des\npersonnes  reconnues  prioritaires  au  titre  du  droit  au  logement  opposable  (DALO),\nfavorisant leur acc\u00e8s et leur maintien dans le logement.\nEn 2013, le FNAVDL a vu son p\u00e9rim\u00e8tre \u00e9tendu au profit de m\u00e9nages non b\u00e9n\u00e9ficiaires du\nDALO et relevant des politiques d'h\u00e9bergement et d'acc\u00e8s au logement. \nEn 2014, le FNAVDL int\u00e8gre le programme \u00ab  10\u00a0000\u00a0logements\u00a0accompagn\u00e9s \u00bb initi\u00e9 par\nl'USH en lien avec l'\u00c9tat. \nEn  2020,  afin  de  donner  de  la  coh\u00e9rence  aux  diff\u00e9rents  dispositifs,  d'harmoniser  les\npratiques  et  de  travailler  pour  une  meilleure  coordination  des  actions,  cette  r\u00e9forme\nAVDL int\u00e8gre une fusion des volets DALO, non-DALO et les projets des bailleurs (ancien\n\u00ab 10\u00a0000\u00a0logements\u00a0accompagn\u00e9s \u00bb.\nLes actions sociales d'accompagnement vers et dans le logement visent \u00e0 favoriser l'acc\u00e8s\net  le  maintien  dans  le  logement  de  m\u00e9nages  en  grande  difficult\u00e9  gr\u00e2ce  \u00e0  un\naccompagnement social adapt\u00e9 et \u00e0 un renforcement de la gestion sociale.\nL'accompagnement vers et dans le logement des m\u00e9nages qui ne peuvent pas acc\u00e9der ou\nse  maintenir  sans  aide  \u00e0  un  logement  ordinaire,  est  un  outil  fondamental  du  plan\nquinquennal du logement d'abord.\n1. Le public cible     :  \nLe public vis\u00e9 par l'action est constitu\u00e9 de m\u00e9nages :\n\u2022 mentionn\u00e9s  par  l'article  L.441-1  du  Code  de  la  Construction  et  de  l'Habitation\n(CCH) ;\n\u2022 reconnus prioritaires au titre du DALO selon la loi n\u00b02007-290 du 5 mars 2007 ;\nDirection D\u00e9partementale de l'Emploi, du Travail et des Solidarit\u00e9s\n5 bis rue des Pr\u00e9s BP 20 524 \u2013 50 004 SAINT-L\u00d4 T\u00e9l : 02.50.71.50.00 \u2013 M\u00e9l : ddets@manche.gouv.fr\nAccueil du public du lundi au vendredi de 09 h 00 \u00e0 12 h 00 et de 14 h 00 \u00e0 16 h 00\nDirection d\u00e9partementale de l'emploi, du travail et des solidarit\u00e9s - 50-2025-06-24-00003 - Appel \u00e0 projets 2025 Fonds National\nd'Accompagnement Vers et dans le Logement - cahier des charges 64\n\u2022 mentionn\u00e9s au II de l'article L.301-1 du CCH ;\nUne attention particuli\u00e8re sera port\u00e9e aux personnes en situation \u00ab  de rue  \u00bb (campements,\nsquats\u2026) identifi\u00e9es par les acteurs de la veille sociale (maraudes, accueil de jour, SIAO) ou en\ncentres d'h\u00e9bergement, aux personnes victimes de violences conjugales ainsi qu'aux sortants\nd'institution (ASE/PJJ et sortants de d\u00e9tention). Seront \u00e9galement vis\u00e9s les locataires du parc\nsocial et priv\u00e9 menac\u00e9s d'expulsion.\nL'acc\u00e8s au logement pour favoriser l'emploi, l'accompagnement de jeunes actifs, de salari\u00e9s\nen mobilit\u00e9 ou en difficult\u00e9 sera \u00e9galement pris en compte.\n2. Les actions \u00e9ligibles     :  \nL'accompagnement vers et dans le logement est une prestation individuelle ou collective,\nfournie  sur  une  p\u00e9riode  d\u00e9termin\u00e9e,  \u00e0  une  personne  dont  le  probl\u00e8me  de  maintien  ou\nd'acc\u00e8s  dans  un  logement  provient  de  difficult\u00e9s  financi\u00e8res,  d'insertion  sociale ou  d'un\ncumul de difficult\u00e9s financi\u00e8res et d'insertion sociale. Il concerne essentiellement le rapport \u00e0\nconstruire ou \u00e0 maintenir entre la personne ou famille et son logement et le parcours de\ncette personne sans pour autant en pr\u00e9d\u00e9terminer les \u00e9tapes.\nIl s'agit d'offrir un accompagnement diversifi\u00e9 et adapt\u00e9 \u00e0 la situation des m\u00e9nages \u00e0 travers\nune prise en charge variable dans sa dur\u00e9e et dans son intensit\u00e9. Cet accompagnement vise \u00e0\nlui permettre d'acc\u00e9der \u00e0 un logement et/ou \u00e0 bien y vivre durablement en b\u00e9n\u00e9ficiant des\ndroits et en respectant les obligations aff\u00e9rentes \u00e0 son statut d'occupation. \nLes actions mises en \u0153uvre dans le cadre du FNAVDL n'ont pas vocation \u00e0 se substituer aux\nautres dispositifs d'accompagnement de droit commun.\na. Diagnostic social en direction des m\u00e9nages DALO     :  \nLe diagnostic constitue une \u00e9valuation de la situation sociale du m\u00e9nage au regard de son\nautonomie et de sa capacit\u00e9 \u00e0 assurer les responsabilit\u00e9s d'un locataire.\nIl  a  pour  objectif  d'\u00e9clairer  la  commission  de  m\u00e9diation  DALO  sur  la  n\u00e9cessit\u00e9  de  co-\nconstruire avec le m\u00e9nage un projet d'accompagnement et d'en mesurer l'intensit\u00e9 pour lui\nfaciliter l'acc\u00e8s au logement.\nCes diagnostics peuvent \u00eatre r\u00e9alis\u00e9s :\n\u2022 soit pendant la commission de m\u00e9diation DALO quand elle prescrit un diagnostic\ncomme  la  loi  le  permet (dans  le  cadre  d'un  ajournement  pour  compl\u00e9ment\nd'information, dans le cadre d'un relogement prioritaire);\n\u2022 soit concomitamment au relogement DALO si le dossier de la personne b\u00e9n\u00e9ficiant\ndu DALO le justifie en termes d'accompagnement.\nSi le diagnostic conclut \u00e0 la n\u00e9cessit\u00e9 de mettre en place un accompagnement dans le cadre\ndu  relogement  du  m\u00e9nage,  cette  pr\u00e9conisation  est  communiqu\u00e9e  \u00e0  celui-ci  et  \u00e0  la\ncommission de m\u00e9diation.\nDirection D\u00e9partementale de l'Emploi, du Travail et des Solidarit\u00e9s\n5 bis rue des Pr\u00e9s BP 20 524 \u2013 50 004 SAINT-L\u00d4 T\u00e9l : 02.50.71.50.00 - M\u00e9l : ddets@manche.gouv.fr 2\nAccueil du public du lundi au vendredi de 09 h 00 \u00e0 12 h 00 et de 14 h 00 \u00e0 16 h 00\nDirection d\u00e9partementale de l'emploi, du travail et des solidarit\u00e9s - 50-2025-06-24-00003 - Appel \u00e0 projets 2025 Fonds National\nd'Accompagnement Vers et dans le Logement - cahier des charges 65\nCe diagnostic n'a pas vocation \u00e0 \u00eatre activ\u00e9 d\u00e8s lors que le dossier du m\u00e9nage comporte d\u00e9j\u00e0\nune \u00e9valuation sociale ou que celui-ci est accompagn\u00e9 dans la constitution de sa demande\npar un travailleur social \u00e0 m\u00eame de fournir un diagnostic de la situation.\nb. Accompagnement vers et dans le logement des m\u00e9nages DALO et non DALO     :  \nSelon  les  conclusions  du  diagnostic  et  qu'il  s'agit  d'ADL  ou  d'AVL,  la  prestation\nd'accompagnement sera d'intensit\u00e9, de contenu et de dur\u00e9e variables selon les situations. La\nmesure d'accompagnement a pour objet l'aide \u00e0 la recherche de logement (individuelle ou\ncollective), l'aide aux premiers pas dans le logement, le suivi pr\u00e9ventif du m\u00e9nage log\u00e9, l'aide\nau maintien dans le logement et le traitement des difficult\u00e9s locatives, vise \u00e0 favoriser la vie\nsociale au dedans et au-dehors du logement.\nLa premi\u00e8re phase de cette mesure sera constitu\u00e9e par la r\u00e9alisation d'une \u00e9valuation (sauf\ndans  le  cas  o\u00f9  un  diagnostic  a  d\u00e9j\u00e0  \u00e9t\u00e9  effectu\u00e9)  permettant  de  fixer  les  modalit\u00e9s  de\nl'accompagnement et son intensit\u00e9. \nEn cas d'adh\u00e9sion du m\u00e9nage, il pourra s'agir :\n\u2022 d'un accompagnement vers le logement (AVL) :\nIl s'agit d'aider ces personnes ou familles fragiles dans la recherche d'un logement adapt\u00e9 \u00e0\nleur situation en d\u00e9finissant avec elles un projet r\u00e9aliste et de les accompagner pour r\u00e9aliser\nles d\u00e9marches pr\u00e9alables \u00e0 l'entr\u00e9e dans le logement.\nL'AVL peut \u00eatre suivi d'un accompagnement lors ou dans le logement (ADL) ;\n\uf0b7 d'un accompagnement dans le logement (ADL) :\nIl s'agit d'aider les m\u00e9nages \u00e0 apprendre \u00e0 \u00eatre responsables de leur logement  : paiement\nr\u00e9gulier du loyer et des charges, entretien du logement, acc\u00e8s aux droits, relation de bon\nvoisinage et insertion dans l'immeuble ou le quartier.\nL'accompagnement dans  le logement  peut  concerner  tous  les  m\u00e9nages  install\u00e9s  dans  un\nlogement de longue date ou de mani\u00e8re r\u00e9cente.\nSuite au relogement, l'ADL concerne en particulier des m\u00e9nages auxquels une proposition\npeut \u00eatre faite mais conditionn\u00e9e par la possibilit\u00e9 d'un accompagnement. \nEnsuite, l'ADL vise au maintien dans le logement et \u00e0 la pr\u00e9vention de l'expulsion locative. Il\ns'agit alors de pr\u00e9venir ou de r\u00e9soudre rapidement les situations \u00e0 risque,  notamment les\nimpay\u00e9s et les troubles de voisinage qui peuvent conduire \u00e0 l'expulsion.\nLes prescripteurs de la mesure sont :\n\u2022 la commission de m\u00e9diation DALO que ce soit pour une mesure AVDL assortie \u00e0 un\nrelogement prioritaire, ou une simple mesure AVDL si le relogement est d\u00e9j\u00e0 assur\u00e9\npar un bailleur en amont. Dans ce cas, celle-ci informe le Service Int\u00e9gr\u00e9 d'Accueil\net d'Orientation (SIAO) de la mise en place de la mesure. Les m\u00e9nages refusant la\nmise en \u0153uvre de cet accompagnement peuvent perdre le b\u00e9n\u00e9fice du DALO ;\nDirection D\u00e9partementale de l'Emploi, du Travail et des Solidarit\u00e9s\n5 bis rue des Pr\u00e9s BP 20 524 \u2013 50 004 SAINT-L\u00d4 T\u00e9l : 02.50.71.50.00 - M\u00e9l : ddets@manche.gouv.fr 3\nAccueil du public du lundi au vendredi de 09 h 00 \u00e0 12 h 00 et de 14 h 00 \u00e0 16 h 00\nDirection d\u00e9partementale de l'emploi, du travail et des solidarit\u00e9s - 50-2025-06-24-00003 - Appel \u00e0 projets 2025 Fonds National\nd'Accompagnement Vers et dans le Logement - cahier des charges 66\nA noter     :   La commission de m\u00e9diation est prescriptrice uniquement pour le public DALO et\nnon DALO.\n\u2022 la commission d'orientation SIAO pour les m\u00e9nages non DALO. L'orientation vers\nun op\u00e9rateur est effectu\u00e9e apr\u00e8s examen d'un dossier d\u00e9pos\u00e9 aupr\u00e8s du SIAO 50.\nLa commission a la possibilit\u00e9, le cas \u00e9ch\u00e9ant, de r\u00e9orienter la demande vers un\nautre dispositif.\n3. La dur\u00e9e de l'accompagnement     :  \nLa  dur\u00e9e  d'une  mesure  d'accompagnement  est  modulable  en  fonction  des  besoins\nsp\u00e9cifiques \u00e0 chaque m\u00e9nage.\nLa  mesure  pourra  couvrir  une  p\u00e9riode  de  6 mois,  renouvelable  2  fois,  pour  une  dur\u00e9e\nmaximale de 18 mois (sous r\u00e9serve de l'adh\u00e9sion du m\u00e9nage, du respect des conditions fix\u00e9es\ndans le cadre de la convention, et en lien avec la DDETS).\nSi le besoin est toujours pr\u00e9sent \u00e0 l'issue de cette p\u00e9riode de 18  mois, le relais vers le droit\ncommun devra \u00eatre organis\u00e9 et ses modalit\u00e9s devront figurer pr\u00e9cis\u00e9ment dans le cadre du\nbilan de l'action.\n4. Le suivi de l'action     :  \nLes projets devront pr\u00e9voir et d\u00e9crire un dispositif de suivi/\u00e9valuation des actions AVDL.\nA minima, un bilan trimestriel de l'action devra \u00eatre transmis \u00e0 la DDETS. \n5. Les porteurs de projet     :  \nLes actions susceptibles d'\u00eatre financ\u00e9es sont r\u00e9alis\u00e9es par des organismes agr\u00e9\u00e9s au titre soit\ndes activit\u00e9s d'ing\u00e9nierie sociale, financi\u00e8re et technique mentionn\u00e9es \u00e0 l'article L. 365-3 du\nCCH, soit des activit\u00e9s d'interm\u00e9diation locative et de gestion locative sociale mentionn\u00e9es \u00e0\nl'article L. 365-4 du CCH, par des organismes d'habitations \u00e0 loyer mod\u00e9r\u00e9, par des soci\u00e9t\u00e9s\nd'\u00e9conomie  mixte  g\u00e9rant  des  logements  sociaux,  par  des  associations  d\u00e9partementales\nd'information sur le logement ou par des centres communaux ou intercommunaux d'action\nsociale.\n6. Les d\u00e9penses subventionnables     :  \nLes actions qui seront s\u00e9lectionn\u00e9es pourront b\u00e9n\u00e9ficier d'un financement du FNAVDL pour :\n\u2022 les  d\u00e9penses  d'accompagnement  social  dont  diagnostic,  accompagnement  vers  et\ndans le logement (AVDL) ;\n\u2022 les d\u00e9penses d'accompagnement personnalis\u00e9 des publics ;\n\u2022 les  d\u00e9penses  li\u00e9es  aux  diff\u00e9rentes  phases  de  gestion  de  l'action :  construction  de\nl'action, animation et pilotage.\nCompte tenu des contraintes de gestion relatives aux engagements comptables des actions,\nles conventions seront s\u00e9quenc\u00e9es de mani\u00e8re \u00e0 pouvoir proc\u00e9der \u00e0 des engagements pour\nune dur\u00e9e initiale de 12 mois maximum \u00e0 la signature de la convention.\nDirection D\u00e9partementale de l'Emploi, du Travail et des Solidarit\u00e9s\n5 bis rue des Pr\u00e9s BP 20 524 \u2013 50 004 SAINT-L\u00d4 T\u00e9l : 02.50.71.50.00 - M\u00e9l : ddets@manche.gouv.fr 4\nAccueil du public du lundi au vendredi de 09 h 00 \u00e0 12 h 00 et de 14 h 00 \u00e0 16 h 00\nDirection d\u00e9partementale de l'emploi, du travail et des solidarit\u00e9s - 50-2025-06-24-00003 - Appel \u00e0 projets 2025 Fonds National\nd'Accompagnement Vers et dans le Logement - cahier des charges 67\nLes versements des contributions financi\u00e8res du FNAVDL seront subordonn\u00e9s \u00e0 la conclusion\nd'une convention  d'objectifs  dans  laquelle  l'organisme s'engagera  \u00e0  mettre  en \u0153uvre les\nactions pr\u00e9vues.\n7 .La pr\u00e9sentation des projets     :  \nLe\u00a0dossier\u00a0\u00ab\u00a0 \u00a0\u00a0\u00a0\u00a0projet\u00a0 \u00a0\u00a0\u00a0\u00a0\u00bb\u00a0\u00a0\u00a0devra\u00a0comporter\u00a0:\n\u2022 la fiche projet compl\u00e9t\u00e9e (jointe en annexe au pr\u00e9sent appel \u00e0 projets) ;\n\u2022 le public vis\u00e9 par l'action ;\n\u2022 la d\u00e9signation de l'action et ses caract\u00e9ristiques ;\n\u2022 le territoire concern\u00e9 par l'action ;\n\u2022 les modalit\u00e9s d'articulation avec les dispositifs existants sur le territoire concern\u00e9 ;\n\u2022 le calendrier pr\u00e9visionnel de l'op\u00e9ration ;\n\u2022 les modalit\u00e9s d'ex\u00e9cution ;\n\u2022 les indicateurs de suivi quantitatifs et qualitatifs ;\n\u2022 les  modalit\u00e9s  de  recrutement  du  personnel  en  charge  de  l'accompagnement\naccompagn\u00e9es d'une fiche de poste ;\n\u2022 une copie de l'agr\u00e9ment permettant la gestion de ce dispositif.\nLe\u00a0dossier\u00a0\u00ab\u00a0 \u00a0\u00a0\u00a0\u00a0financier\u00a0 \u00a0\u00a0\u00a0\u00a0\u00bb\u00a0\u00a0\u00a0devra\u00a0comporter\u00a0:\n\u2022 le plan de financement ;\n\u2022 la nature et le montant maximum pr\u00e9visionnel de la d\u00e9pense \u00e9ligible \u00e0 la subvention\ndu fonds ;\n\u2022 un relev\u00e9 d'identit\u00e9 bancaire ;\n\u2022 le formulaire Cerfa n\u00b012156*05 d\u00fbment compl\u00e9t\u00e9.\nLe  porteur  du  projet  doit  pouvoir  s'engager  sur  un  nombre  approximatif  de  m\u00e9nages  \u00e0\naccompagner sur la dur\u00e9e de l'action.\nAfin de permettre une bonne estimation des co\u00fbts \u00e9ligibles au financement, chacun des\npostes  de  d\u00e9penses  subventionnables  doit  \u00eatre  explicit\u00e9  (moyens  et  co\u00fbt  estimatif\ncorrespondant \u00e0 chaque type de mesure).\nLorsque  l'action  porte  sur  plusieurs  champs,  elle  doit  \u00eatre  pr\u00e9sent\u00e9e  sous  forme  de\nprogrammes d'actions de mani\u00e8re \u00e0 distinguer clairement les objectifs et co\u00fbts aff\u00e9rents \u00e0\nchaque type de poste.\n8. Les crit\u00e8res de s\u00e9lection     :  \n\u2022 la pertinence du projet au regard du public vis\u00e9 par l'appel \u00e0 projet ;\n\u2022 la cr\u00e9dibilit\u00e9 du plan de financement et justification des co\u00fbts ;\n\u2022 l'articulation des projets avec les autres dispositifs d'accompagnement ;\n\u2022 l'ancrage territorial et partenariat avec les acteurs du logement ;\n\u2022 la qualit\u00e9 de l'accompagnement propos\u00e9 et qualification des intervenants ;\n\u2022 les suivi et \u00e9valuation des actions.\nDirection D\u00e9partementale de l'Emploi, du Travail et des Solidarit\u00e9s\n5 bis rue des Pr\u00e9s BP 20 524 \u2013 50 004 SAINT-L\u00d4 T\u00e9l : 02.50.71.50.00 - M\u00e9l : ddets@manche.gouv.fr 5\nAccueil du public du lundi au vendredi de 09 h 00 \u00e0 12 h 00 et de 14 h 00 \u00e0 16 h 00\nDirection d\u00e9partementale de l'emploi, du travail et des solidarit\u00e9s - 50-2025-06-24-00003 - Appel \u00e0 projets 2025 Fonds National\nd'Accompagnement Vers et dans le Logement - cahier des charges 68\n9. Les modalit\u00e9s de transmission du dossier du candidat     :  \nChaque candidat devra adresser, en une seule fois, un dossier de candidature sous format\nd\u00e9mat\u00e9rialis\u00e9  au    plus  tard  pour  le   14  ao\u00fbt  2025  ,  en  indiquant  comme  objet  du  courriel\n\u00ab FNAVDL\u00a0Candidature\u00a0AAP\u00a02025 \u00bb \u00e0 la Direction D\u00e9partementale de l'Emploi, du Travail et\ndes Solidarit\u00e9s (DDETS) \u00e0 l'adresse suivante : ddets@manche.gouv.fr.\n10.  Le calendrier     :  \n30/06/25\nLancement  de l'appel \u00e0 projets  sur  le site internet de  la\nPr\u00e9fecture de la Manche ainsi qu'un mail \u00e0 l'ensemble des\npartenaires des dispositifs AHI.\nPublication  de l'appel \u00e0 projets  au niveau  du recueil des\nactes administratifs de la Pr\u00e9fecture de la Manche.\n14/08/25 Date limite de d\u00e9p\u00f4t des dossiers\nEntre le 15/08 et 15/09/2025 Instruction des dossiers\nApr\u00e8s le 15/09/2025 Informations  aux  porteurs  de  projets  et  envoi  des\nnotifications des porteurs de projets retenus\n \nPour tout renseignement, le candidat pourra se rapprocher de :\nArnaud VAN ROSSEN, chef de l'unit\u00e9 logement : arnaud.vanrossen@manche.gouv.fr ;\nDidier CHOPPE, chef de l'unit\u00e9 h\u00e9bergement : didier.choppe@manche.gouv.fr.\nFait \u00e0 Saint L\u00f4, le 24 juin 2025 Le directeur de la Direction \nD\u00e9partementale de l'emploi, du Travail et \ndes Solidarit\u00e9s\nSign\u00e9\nChristophe LECOMTE\nDirection D\u00e9partementale de l'Emploi, du Travail et des Solidarit\u00e9s\n5 bis rue des Pr\u00e9s BP 20 524 \u2013 50 004 SAINT-L\u00d4 T\u00e9l : 02.50.71.50.00 - M\u00e9l : ddets@manche.gouv.fr 6\nAccueil du public du lundi au vendredi de 09 h 00 \u00e0 12 h 00 et de 14 h 00 \u00e0 16 h 00\nDirection d\u00e9partementale de l'emploi, du travail et des solidarit\u00e9s - 50-2025-06-24-00003 - Appel \u00e0 projets 2025 Fonds National\nd'Accompagnement Vers et dans le Logement - cahier des charges 69\nAnnexe \u2013 Fiche projet \u00e0 renseigner et \u00e0 joindre au projet\nPORTEUR DE PROJET\nResponsable du projet :\nNom de l'organisme porteur du projet :\nT\u00e9l\u00e9phone : Adresse \u00e9lectronique :\nResponsable l\u00e9gal :\nVille : Code postal :\nNum\u00e9ro de SIRET :\nDESCRIPTION DU PROJET\nLocalisation du projet :\nNom du projet :\nDur\u00e9e du projet : D\u00e9but : Fin :\nCo\u00fbt total du projet : Montant des d\u00e9penses \u00e9ligibles :\nTaux de l'aide (par rapport aux d\u00e9penses \n\u00e9ligibles) :\nMontant de l'aide demand\u00e9e :\nAutres financements : Financement sur fonds propres :\nNom du prestataire ou de l'op\u00e9rateur de l'accompagnement :\nDescriptif sommaire du projet et objectifs poursuivis :\nDirection D\u00e9partementale de l'Emploi, du Travail et des Solidarit\u00e9s\n5 bis rue des Pr\u00e9s BP 20 524 \u2013 50 004 SAINT-L\u00d4 T\u00e9l : 02.50.71.50.00 - M\u00e9l : ddets@manche.gouv.fr 7\nAccueil du public du lundi au vendredi de 09 h 00 \u00e0 12 h 00 et de 14 h 00 \u00e0 16 h 00\nDirection d\u00e9partementale de l'emploi, du travail et des solidarit\u00e9s - 50-2025-06-24-00003 - Appel \u00e0 projets 2025 Fonds National\nd'Accompagnement Vers et dans le Logement - cahier des charges 70\nSP\u00c9CIFICIT\u00c9 DU PROJET PAR RAPPORT\nAUX DISPOSITIFS EXISTANTS SUR LE TERRITOIRE VIS\u00c9\nA compl\u00e9ter : articulation avec l'existant, partenariats\u2026.\nPUBLIC VIS\u00c9 PAR LE PROJET\nNombre de m\u00e9nages accompagn\u00e9s :\nCaract\u00e9ristiques des publics concern\u00e9s :\nACCOMPAGNEMENT\nM\u00e9thodologie li\u00e9e \u00e0 l'accompagnement (modalit\u00e9s d'intervention et objectifs vis\u00e9s, \nm\u00e9thodes, dur\u00e9e, adaptabilit\u00e9) :\nD\u00e9marche mise en place pour favoriser l'adh\u00e9sion du m\u00e9nage :\nModalit\u00e9s de mobilisation de l'offre d'accompagnement existante ou nouvelle :\nAd\u00e9quation du projet aux besoins sp\u00e9cifiques des publics vis\u00e9s par le projet :\nMONTAGE FINANCIER\nIns\u00e9rer (de pr\u00e9f\u00e9rence sous la forme d'un tableau) une pr\u00e9sentation simple des d\u00e9penses et\ndes recettes en distinguant les diff\u00e9rentes d\u00e9penses subventionnables (cf. supra \u00ab d\u00e9penses\nsubventionnables \u00bb) et les autres d\u00e9penses non subventionnables li\u00e9es \u00e0 la mise en \u0153uvre\ndu projet.\nPr\u00e9ciser comment ces d\u00e9penses sont couvertes : AVDL, autres subventions (FSL, CCAS, \u2026) \nfonds propres, etc.\nDirection D\u00e9partementale de l'Emploi, du Travail et des Solidarit\u00e9s\n5 bis rue des Pr\u00e9s BP 20 524 \u2013 50 004 SAINT-L\u00d4 T\u00e9l : 02.50.71.50.00 - M\u00e9l : ddets@manche.gouv.fr 8\nAccueil du public du lundi au vendredi de 09 h 00 \u00e0 12 h 00 et de 14 h 00 \u00e0 16 h 00\nDirection d\u00e9partementale de l'emploi, du travail et des solidarit\u00e9s - 50-2025-06-24-00003 - Appel \u00e0 projets 2025 Fonds National\nd'Accompagnement Vers et dans le Logement - cahier des charges 71\nDirection d\u00e9partementale de l'emploi, du travail\net des solidarit\u00e9s\n50-2025-07-22-00002\nArr\u00eat\u00e9 autorisant le renouvellement de l'Atelier\nd'Adaptation \u00e0 la Vie Active (AAVA) g\u00e9r\u00e9 par\nl'Association D\u00e9partementale de Sauvegarde de\nl'Enfant \u00e0 l'Adulte de la Manche (ADSEAM)\nDirection d\u00e9partementale de l'emploi, du travail et des solidarit\u00e9s - 50-2025-07-22-00002 - Arr\u00eat\u00e9 autorisant le renouvellement de\nl'Atelier d'Adaptation \u00e0 la Vie Active (AAVA) g\u00e9r\u00e9 par l'Association D\u00e9partementale de Sauvegarde de l'Enfant \u00e0 l'Adulte de la Manche\n(ADSEAM)\n72\nExPREFETDE LA MANCHELibert\u00e9Egalit\u00e9Fraternit\u00e9\nDirection D\u00e9partementale de l'Emploi, du Travail et des Solidarit\u00e9s\nP\u00f4le des Solidarit\u00e9s Actives\nARR\u00caT\u00c9 \nautorisant le renouvellement de l'Atelier d'Adaptation \u00e0 la Vie Active (AAVA) g\u00e9r\u00e9 par\nl'Association D\u00e9partementale de Sauvegarde de l'Enfant \u00e0 l'Adulte de la Manche\n(ADSEAM)\nLe Pr\u00e9fet de la Manche\nChevalier de la L\u00e9gion d'honneur\nChevalier de l'ordre national du M\u00e9rite\nVu le Code de l'action sociale et des familles (CASF), notamment les articles  L 313-1\nl'article et R.345 \u2013 3 et 4 ;\nVu la loi n\u00b083-663 du 22 juillet 1983 compl\u00e9tant celle du 7 janvier 1983 relative \u00e0 la\nr\u00e9partition des comp\u00e9tences entre les communes, les d\u00e9partements, les r\u00e9gions et\nl'\u00c9tat ;\nVu la loi n\u00b02002-2 du 2 janvier 2002 r\u00e9novant l'action sociale et m\u00e9dico-sociale ;\nVu la loi n\u00b02004-809 du 13 ao\u00fbt 2004 relative aux libert\u00e9s et responsabilit\u00e9s locales,\nnotamment son titre III portant sur la solidarit\u00e9 et la sant\u00e9 ;\nVu le d\u00e9cret n\u00b02004-374 du 29 avril 2004 relatif aux pouvoirs des pr\u00e9fets, \u00e0 l'organisation\net \u00e0 l'action des services de l'\u00c9tat dans les r\u00e9gions et d\u00e9partements ;\nVu l'arr\u00eat\u00e9 pr\u00e9fectoral en date du 15 septembre 2010 autorisant la cr\u00e9ation d'un Atelier\nd'Adaptation \u00e0 la Vie Active g\u00e9r\u00e9 par l'association Le Pr\u00e9pont ;\nVu l'arr\u00eat\u00e9 pr\u00e9fectoral en date du 4 avril 2022 portant sur le transfert de gestion de l'\nAtelier  d'Adaptation  \u00e0  la  Vie  Active  g\u00e9r\u00e9  par  l'association  \u00ab Le  Pr\u00e9pont \u00bb  vers\nl'Association D\u00e9partementale de Sauvegarde de l'Enfant \u00e0 l'Adulte de la Manche\n(ADSEAM) ;\nVu l'arr\u00eat\u00e9  d'autorisation  du  26  d\u00e9cembre  2024  modifiant  l'arr\u00eat\u00e9  d'autorisation\nd'extension du Centre d'H\u00e9bergement et de R\u00e9insertion Sociale (CHRS) \u00abLe Pr\u00e9pont\u00bb\ng\u00e9r\u00e9 par l'Association D\u00e9partementale pour la Sauvegarde de l'Enfant \u00e0 l'Adulte de la\nManche (ADSEAM) ;\nDirection D\u00e9partementale de l'Emploi, du Travail et des Solidarit\u00e9s de la Manche\n5, bis rue des Pr\u00e9s \u2013 BP 20524 \u2013 50004 SAINT-L\u00d4 CEDEX\nT\u00e9l : 02.50.71.50.00 - Courriel : dd  et  s@manche.gouv.fr  \nAccueil du public du lundi au vendredi de 09h00 \u00e0 12h00 et de 14h00 \u00e0 16h00\nDirection d\u00e9partementale de l'emploi, du travail et des solidarit\u00e9s - 50-2025-07-22-00002 - Arr\u00eat\u00e9 autorisant le renouvellement de\nl'Atelier d'Adaptation \u00e0 la Vie Active (AAVA) g\u00e9r\u00e9 par l'Association D\u00e9partementale de Sauvegarde de l'Enfant \u00e0 l'Adulte de la Manche\n(ADSEAM)\n73\nVu le d\u00e9cret du 13 juillet 2023 portant nomination de Monsieur  Xavier  BRUNETIERE,\nPr\u00e9fet de la Manche ;\nConsid\u00e9rant la demande de renouvellement de l'atelier d'adaptation \u00e0 la vie active (AAVA)\ntransmise  par  l'Association  d\u00e9partementale  de  sauvegarde  de  l'enfant  \u00e0\nl'adulte de la Manche (ADSEAM)  le 13 juin 2025 et accompagn\u00e9e d'un bilan\nd'activit\u00e9 ;\nSur proposition du directeur d\u00e9partemental de l'emploi, du travail et des solidarit\u00e9s,\nARR\u00caTE\nArticle 1er Le  renouvellement  de  l'autorisation  de  l'Atelier  d'Adaptation  \u00e0  la  Vie  Active\n(AAVA) pr\u00e9sent\u00e9e par l'Association d\u00e9partementale de sauvegarde de l'enfant \u00e0\nl'adulte de la Manche (ADSEAM) est autoris\u00e9e.\nArticle 2 L'autorisation de fonctionnement se rapporte \u00e0 l'activit\u00e9 de l'AAVA au profit des\npersonnes en difficult\u00e9 d'insertion sociale h\u00e9berg\u00e9es sur les places d'insertion ou\nd'urgence du Centre d'H\u00e9bergement et de R\u00e9insertion Sociale de l'ADSEAM.\nArticle 3 L'autorisation  est  accord\u00e9e  pour  une  p\u00e9riode  de  15  ans  \u00e0  compter  du  16  \nseptembre 2025.\nArticle 4 Tout  changement  essentiel  dans  l'activit\u00e9,  l'installation,  l'organisation,  la\ndirection et le fonctionnement de l'AAVA, devra \u00eatre port\u00e9 \u00e0 la connaissance de\nl'autorit\u00e9 ayant d\u00e9livr\u00e9 l'autorisation.\nArticle 5 Le pr\u00e9sent arr\u00eat\u00e9 peut faire l'objet d'un recours gracieux ou hi\u00e9rarchique, et/ou\nd'un recours contentieux devant le tribunal administratif de Caen situ\u00e9 3 rue\nArthur  Le  Duc  \u2013  14 000  CAEN,  dans  un  d\u00e9lai  de  2  mois  \u00e0  compter  de  sa\nnotification. En cas de recours gracieux ou hi\u00e9rarchique, le recours contentieux\npeut  \u00eatre  pr\u00e9sent\u00e9  dans  un  d\u00e9lai  de  deux  mois  apr\u00e8s  la  notification  d'une\nd\u00e9cision  expresse  de  rejet  ou  apr\u00e8s  d\u00e9cision  implicite  de  rejet.  Le  tribunal\nadministratif peut-\u00eatre saisi par l'application informatique \u00abt\u00e9l\u00e9recours citoyens\u00bb\naccessible par le site internet www.telerecours.fr.\nArticle 6 La secr\u00e9taire g\u00e9n\u00e9rale de la Pr\u00e9fecture de la Manche, le directeur d\u00e9partemental\nde l'emploi,  du travail et des  solidarit\u00e9s  sont charg\u00e9s, chacun pour  ce qui le\nconcerne, de l'ex\u00e9cution du pr\u00e9sent arr\u00eat\u00e9 qui sera publi\u00e9 au recueil des actes\nadministratifs de la Pr\u00e9fecture.\nFait \u00e0 Saint-L\u00f4, le 22 juillet 2025\nLe Pr\u00e9fet de la Manche\nSign\u00e9\nXavier BRUNETIERE\nDirection d\u00e9partementale de l'emploi, du travail et des solidarit\u00e9s - 50-2025-07-22-00002 - Arr\u00eat\u00e9 autorisant le renouvellement de\nl'Atelier d'Adaptation \u00e0 la Vie Active (AAVA) g\u00e9r\u00e9 par l'Association D\u00e9partementale de Sauvegarde de l'Enfant \u00e0 l'Adulte de la Manche\n(ADSEAM)\n74\nDirection d\u00e9partementale de l'emploi, du travail\net des solidarit\u00e9s\n50-2025-07-23-00007\nArr\u00eat\u00e9 d'autorisation modifiant l'arr\u00eat\u00e9\nd'autorisation d'extension du 23 d\u00e9cembre 2024\ndu Foyer des Jeunes Travailleurs \"L'Espace\nTemps\" de Cherbourg-en-Cotentin pour une\ncapacit\u00e9 suppl\u00e9mentaire de 12 places\nDirection d\u00e9partementale de l'emploi, du travail et des solidarit\u00e9s - 50-2025-07-23-00007 - Arr\u00eat\u00e9 d'autorisation modifiant l'arr\u00eat\u00e9\nd'autorisation d'extension du 23 d\u00e9cembre 2024 du Foyer des Jeunes Travailleurs \"L'Espace Temps\" de Cherbourg-en-Cotentin pour\nune capacit\u00e9 suppl\u00e9mentaire de 12 places\n75\nExPREFETDE LA MANCHEL'z'ben'e'Egalit\u00e9Fraternit\u00e9\nDirection D\u00e9partementale de l'Emploi,\ndu Travail et des Solidarit\u00e9s\nP\u00f4le Solidarit\u00e9s Actives\nArr\u00eat\u00e9 d'autorisation\nmodifiant l'arr\u00eat\u00e9 d'autorisation d'extension du 23 d\u00e9cembre 2024 du \nFoyer des Jeunes Travailleurs \"L'Espace Temps\" de Cherbourg-en-Cotentin\npour une capacit\u00e9 suppl\u00e9mentaire de 12 places \nLe Pr\u00e9fet de la Manche,\nChevalier de la L\u00e9gion d'honneur\nChevalier de l'ordre national du M\u00e9rite\nVu le  code  de  l'action  sociale  et  des  familles  et  notamment  ses articles  L.312-1  et\nsuivants  relatifs  aux  \u00e9tablissements  m\u00e9dico-sociaux,  L.313-1  \u00e0  L.313-9  relatifs  aux\nr\u00e9gimes d'autorisations, L.311-3 et suivants relatifs aux droits des usagers, R.313-1 \u00e0\nR.313-10  et  D.313-11  \u00e0  D.313-14  relatifs  aux  conditions  d'autorisation  de  cr\u00e9ation,\nd'extension ou de transformation des \u00e9tablissements et services sociaux et m\u00e9dico-\nsociaux,  \nVu le code de la construction et de l'habitation, et notamment, ses articles L.353-13,\nR.353-12 \u00e0 R.353-165 relatifs aux logements locatifs conventionn\u00e9s et R.351-55 relatif\naux logements-foyers,\nVu la loi n\u00b0 2002.02 du 2 janvier 2002 r\u00e9novant l'action sociale et m\u00e9dico-sociale,\nVu la loi n\u00b0 2014-366 du 24 mars 2014 pour l'Acc\u00e8s au Logement et pour un Urbanisme\nR\u00e9nov\u00e9, \nVu les d\u00e9crets n\u00b0 2010-870 du 26 juillet 2010 et n\u00b02014-565 du 30 mai 2014 relatifs \u00e0 la\nproc\u00e9dure d'appel \u00e0 projets et d'autorisation mentionn\u00e9e \u00e0 l'article L 313.1.1 du code\nde l'action sociale et des familles,\nVu le d\u00e9cret n\u00b02015-951 du 31 juillet 2015 relatif aux foyers de jeunes travailleurs,\nVu la  circulaire  n\u00b0  DGCS/5B/2010/434  du  28  d\u00e9cembre  2010  relative  \u00e0  la  proc\u00e9dure\nd'appel \u00e0 projets et d'autorisation des \u00e9tablissements sociaux et m\u00e9dico-sociaux,\nVu l'instruction  n\u00b0DGCS/SD1A/2015/284  du  9  septembre  2015  relative  au  statut\njuridique des foyers de jeunes travailleurs,\nDirection D\u00e9partementale de l'Emploi, du Travail et des Solidarit\u00e9s \n5 bis rue des Pr\u00e9s\nBP 20524 \u2013 50004 SAINT-L\u00d4 CEDEX\nT\u00e9l : 02.50.71.50.00 -Courriel : dd  ets  @manche.gouv.fr  \nAccueil du public du lundi au vendredi de 09 h 00 \u00e0 12 h 00 et de 13 h 30 \u00e0 16 h 00\nDirection d\u00e9partementale de l'emploi, du travail et des solidarit\u00e9s - 50-2025-07-23-00007 - Arr\u00eat\u00e9 d'autorisation modifiant l'arr\u00eat\u00e9\nd'autorisation d'extension du 23 d\u00e9cembre 2024 du Foyer des Jeunes Travailleurs \"L'Espace Temps\" de Cherbourg-en-Cotentin pour\nune capacit\u00e9 suppl\u00e9mentaire de 12 places\n76\nVu le d\u00e9cret du 13 juillet 2023 portant nomination de Monsieur Xavier BRUNETIERE, pr\u00e9fet\nde la Manche,\nVu l'arr\u00eat\u00e9 d'autorisation d'extension du 23 d\u00e9cembre 2024 du Foyer des Jeunes Travailleurs\n\"L'Espace Temps\" de Cherbourg-en-Cotentin pour une capacit\u00e9 suppl\u00e9mentaire de 12\nplaces. \nCONSID\u00c9RANT la rectification d'une erreur \u00e0 apporter sur le nombre de places mentionn\u00e9es\n\u00e0 l'article 2 de l'arr\u00eat\u00e9 du 23 d\u00e9cembre 2024.\nSur  proposition du directeur d\u00e9partemental de l'emploi, du travail et des solidarit\u00e9s de la\nManche.\nARR\u00caTE\nArticle 1 : L'article 2 de l'arr\u00eat\u00e9 du 23 d\u00e9cembre 2024 est modifi\u00e9 comme suit : \nLa  capacit\u00e9  d'accueil  du  Foyer  des  Jeunes  Travailleurs  \u00ab L'espace  temps \u00bb  de\nCherbourg-en-Cotentin est d\u00e9sormais de 189 places d\u00e9compos\u00e9es comme suit :\nCherbourg-en-Cotentin :\n\u2022 33 rue Mar\u00e9chal Leclerc : 70 places (63 chambres individuelles et 7 logts)\n\u2022 10 rue Alexandre Trauner : 95 places (95 chambres individuelles)\n\u2022 37 rue Bonhomme : 6 places (6 logements)\n\u2022 6 bis du Tr\u00e9gorois : 1 place (1 logement)\n\u2022 9 rue des Bocages : 1 place (1 logement)\n\u2022 N\u00b01 all\u00e9e des Mouettes - Cit\u00e9 Beaus\u00e9jour \u2013 La Glacerie : 2 places (1 logement)\nEqueurdreville     :  \n\u2022 56 rue Br\u00e9court : 1 place (1 logement)\n\u2022 57 rue Br\u00e9court : 1 place (1 logement)\nValognes : \n\u2022 4 rue Burnouf : 12 places (12 logements)\nArticle 2 : Les autres articles de l'arr\u00eat\u00e9 d'autorisation d'extension du 23 d\u00e9cembre 2024 du \nFoyer des Jeunes Travailleurs \"L'Espace Temps\" de Cherbourg-en-Cotentin pour  \nune capacit\u00e9 suppl\u00e9mentaire de 12 places restent inchang\u00e9s.\nArticle 3 : Cet arr\u00eat\u00e9 peut faire l'objet :\n\u25aa d'un recours gracieux aupr\u00e8s des services de la Pr\u00e9fecture de la Manche dans un\nd\u00e9lai de deux mois \u00e0 compter de sa notification ;\n\u25aa d'un recours contentieux devant le tribunal administratif de Caen 3 rue Arthur\nle Duc  - 14000  Caen  dans  un  d\u00e9lai  de  deux  mois  \u00e0 compter  de sa date de\nnotification.  Le  tribunal  administratif  peut-\u00eatre  saisi  par  l'application\ninformatique  \u00ab  t\u00e9l\u00e9recours  citoyens  \u00bb  accessible  par  le  site  internet\nwww.telerecours.fr.\nArticle 4 : La secr\u00e9taire g\u00e9n\u00e9rale de la pr\u00e9fecture est charg\u00e9e de l'ex\u00e9cution du pr\u00e9sent arr\u00eat\u00e9\nqui sera publi\u00e9 au recueil des actes administratifs.\nSaint-L\u00f4, le 23 juillet 2025\nLe Pr\u00e9fet de la Manche\nSign\u00e9\nXavier BRUNETIERE\n                                                        \n2\nDirection d\u00e9partementale de l'emploi, du travail et des solidarit\u00e9s - 50-2025-07-23-00007 - Arr\u00eat\u00e9 d'autorisation modifiant l'arr\u00eat\u00e9\nd'autorisation d'extension du 23 d\u00e9cembre 2024 du Foyer des Jeunes Travailleurs \"L'Espace Temps\" de Cherbourg-en-Cotentin pour\nune capacit\u00e9 suppl\u00e9mentaire de 12 places\n77\nDirection d\u00e9partementale de l'emploi, du travail\net des solidarit\u00e9s\n50-2025-07-25-00002\nArr\u00eat\u00e9 modificatif de l'arr\u00eat\u00e9 du 4 novembre\n2022 portant nomination des membres du\ncomit\u00e9 d\u00e9partemental des services aux familles.\nDirection d\u00e9partementale de l'emploi, du travail et des solidarit\u00e9s - 50-2025-07-25-00002 - Arr\u00eat\u00e9 modificatif de l'arr\u00eat\u00e9 du 4\nnovembre 2022 portant nomination des membres du comit\u00e9 d\u00e9partemental des services aux familles. 78\nExPREFETDE LA MANCHELibert\u00e9Egalit\u00e9Fraternit\u00e9\nDirection D\u00e9partementale de l'Emploi, du Travail et des Solidarit\u00e9s\nP\u00f4le Solidarit\u00e9s Actives\nArr\u00eat\u00e9 N\u00b0 2025-DDETS-PSA-07\nARR\u00caT\u00c9 MODIFICATIF \nde l'arr\u00eat\u00e9 du 4 novembre 2022 portant nomination des membres \ndu comit\u00e9 d\u00e9partemental des services aux familles\nLe Pr\u00e9fet de la Manche\nChevalier de la L\u00e9gion d'honneur\nChevalier de l'Ordre National du M\u00e9rite\nVU le code de l'action sociale et des familles, et notamment ses articles L214-5 et D214-1 \u00e0\nD214-6 ;\nVU le d\u00e9cret  n\u00b02021-1644 du  14 d\u00e9cembre 2021 relatif  \u00e0 la gouvernance des  services  aux\nfamilles et au m\u00e9tier d'assistant maternel ;\nVU le d\u00e9cret n\u00b0 2025-383 du 28 avril 2025 relatif au plan annuel d\u00e9partemental d'inspection\net de contr\u00f4le des modes d'accueil du jeune enfant pr\u00e9vu \u00e0 l'article L. 2324-2-2 du code\nde la sant\u00e9 publique\nVU le d\u00e9cret du 13 juillet 2023 portant nomination de M. Xavier BRUNETI \u00c8RE, pr\u00e9fet de la\nManche ;\nVU l'arr\u00eat\u00e9 du  4 novembre 2022 pr\u00e9fectoral portant nomination des  membres  du  comit\u00e9\nd\u00e9partemental des services aux familles ;\nVU la circulaire N\u00b0DGCS/SD2C/2022 du 21 juillet 2022 relative \u00e0 la mise en \u0153uvre des comit\u00e9s\net des sch\u00e9mas d\u00e9partementaux des services aux familles ;\nVU les nouvelles propositions de d\u00e9signation ; \nSur proposition du directeur d\u00e9partemental de l'Emploi, du Travail et des Solidarit\u00e9s\nARR\u00caTE\nArticle 1 : L'article  1  de  l'arr\u00eat\u00e9  pr\u00e9fectoral  du  4  novembre  2022  portant  nomination  des\nmembres du  comit\u00e9 d\u00e9partemental des services aux familles est modifi\u00e9 comme\nsuit : \n9\u00b0 au titre du 8 \u00b0 du II :\nQuatre repr\u00e9sentants des services de la caisse d'allocations familiales ou de la caisse de la\nmutualit\u00e9 sociale agricole, conjointement d\u00e9sign\u00e9s par leurs directeurs :\nTitulaire : Mme Claudie GUARDO-LEMIEUX, directrice de la CAF de la Manche\nSuppl\u00e9ant\u00a0:\u00a0Mme\u00a0Sandrine\u00a0BOUCLET,\u00a0directrice\u00a0adjointe\u00a0de\u00a0la\u00a0CAF\u00a0de\u00a0la\u00a0Manche\nDirection D\u00e9partementale de l'Emploi, du travail et des Solidarit\u00e9s \u2013 1 bis rue de la lib\u00e9ration \u2013 \nBP 20524 \u2013 50004 SAINT-LO CEDEX\nT\u00e9l : 02.50.71.50.00 - M\u00e9l : dd  ets  @manche.gouv.fr  \nAccueil du public du lundi au vendredi de 09 h 00 \u00e0 12 h 00 et de 14 h 00 \u00e0 16 h 00\nDirection d\u00e9partementale de l'emploi, du travail et des solidarit\u00e9s - 50-2025-07-25-00002 - Arr\u00eat\u00e9 modificatif de l'arr\u00eat\u00e9 du 4\nnovembre 2022 portant nomination des membres du comit\u00e9 d\u00e9partemental des services aux familles. 79\nTitulaire\u00a0:\u00a0Mme\u00a0Fabienne\u00a0TANEZIE,\u00a0responsable\u00a0du\u00a0service\u00a0gestion\u00a0et\u00a0d\u00e9veloppement\u00a0action\nsociale\u00a0de\u00a0la\u00a0CAF\nSuppl\u00e9ant : si\u00e8ge \u00e0 pourvoir\n10\u00b0 au titre du 9 \u00b0 du II :\nCinq  repr\u00e9sentants  d'associations  ou  d'organismes  gestionnaires  d'\u00e9tablissements  ou  de\nservices d'accueil du jeune enfant ou de soutien \u00e0 la parentalit\u00e9 ou de leurs regroupements,\ndont au moins un repr\u00e9sentant du secteur public, un repr\u00e9sentant du secteur priv\u00e9 non lucratif,\nun repr\u00e9sentant du secteur priv\u00e9 marchand et un repr\u00e9sentant d'associations professionnelles\nd'assistants maternels, d\u00e9sign\u00e9s par le pr\u00e9fet sur proposition des vice-pr\u00e9sidents : \nTitulaire\u00a0:\u00a0Mme\u00a0Delphine\u00a0DESGARCEAUX,\u00a0Pim\u00a0Pam\u00a0Pomme\nSuppl\u00e9ant : si\u00e8ge \u00e0 pourvoir\nTitulaire\u00a0:\u00a0Mme\u00a0Marine\u00a0LECUIROT,\u00a0Familles\u00a0Rurales,\u00a0Espace\u00a0des\u00a0parents\u00a0de\u00a0Saint\u00a0Jean\u00a0de\u00a0Daye\nSuppl\u00e9ant : si\u00e8ge \u00e0 pourvoir\n12\u00b0 au titre du 11 \u00b0 du II :\nUn repr\u00e9sentant des particuliers-employeurs d'assistants maternels ou de garde d'enfants \u00e0\ndomicile,  conjointement  d\u00e9sign\u00e9  par  les  organisations  repr\u00e9sentatives  des  particuliers\nemployeurs :\nTitulaire\u00a0:\u00a0Mme\u00a0Edwige\u00a0RIVIERE,\u00a0F\u00e9d\u00e9ration\u00a0des\u00a0Particuliers\u00a0Employeurs\u00a0de\u00a0France\u00a0Normandie\nSuppl\u00e9ante\u00a0:\u00a0Mme\u00a0Caroline\u00a0DE\u00a0FOVILLE,\u00a0Responsable\u00a0r\u00e9gionale\u00a0de\u00a0la\u00a0F\u00e9d\u00e9ration\u00a0des\u00a0Particuliers\nEmployeurs\u00a0de\u00a0France\u00a0Normandie\n15\u00b0 au titre du 14 \u00b0 du II :\nLe pr\u00e9sident de l'union d\u00e9partementale des associations familiales ou son repr\u00e9sentant.\nDeux  parents  ou  repr\u00e9sentants  l\u00e9gaux  d'enfants  d\u00e9sign\u00e9s  par  le  pr\u00e9fet  sur  proposition  du\npr\u00e9sident de l'union d\u00e9partementale des associations familiales :\nTitulaire\u00a0:\u00a0Mme\u00a0H\u00e9l\u00e8ne\u00a0de\u00a0QUIEVRECOURT,\u00a0membre\u00a0de\u00a0l'association\u00a0\u00ab\u00a0Association\u00a0Familiale\nCatholique\u00a0\u00bb\nSuppl\u00e9ante : si\u00e8ge \u00e0 pourvoir\nTitulaire : Mme Marie-Jeanne GIARD, pr\u00e9sidente de l'association \u00ab Familles Rurales Martinvast \u00bb\nSuppl\u00e9ant\u00a0:\u00a0Mme\u00a0Karine\u00a0HEROUARD,\u00a0membre\u00a0de\u00a0l'association\u00a0\u00abFamilles\u00a0rurales\u00a0\u00bb\n16\u00b0 au titre du 15 \u00b0 du II :\nDeux personnes qualifi\u00e9es dans le domaine de l'accueil des jeunes enfants, du soutien \u00e0 la\nparentalit\u00e9 et de la conciliation de la vie familiale et de la vie professionnelle, d\u00e9sign\u00e9es par le\npr\u00e9fet sur proposition des vice-pr\u00e9sidents.\nTitulaire\u00a0:\u00a0Mme\u00a0Mathilde\u00a0SURINACH,\u00a0conseill\u00e8re\u00a0technique\u00a0en\u00a0action\u00a0sociale\u00a0\u00ab\u00a0petite\u00a0enfance-\ninclusion\u00a0\u00bb\u00a0\u00e0\u00a0la\u00a0CAF\u00a0de\u00a0la\u00a0Manche\nSuppl\u00e9ant : si\u00e8ge \u00e0 pourvoir\nDirection d\u00e9partementale de l'emploi, du travail et des solidarit\u00e9s - 50-2025-07-25-00002 - Arr\u00eat\u00e9 modificatif de l'arr\u00eat\u00e9 du 4\nnovembre 2022 portant nomination des membres du comit\u00e9 d\u00e9partemental des services aux familles. 80\n17\u00b0 au titre du 16 \u00b0 du II :\nLe directeur territorial de l'op\u00e9rateur France Travail :\nTitulaire\u00a0:\u00a0Samir\u00a0GHALEM,\u00a0directeur\u00a0territorial\nSuppl\u00e9ant\u00a0:\u00a0Fr\u00e9d\u00e9ric\u00a0MARTIGNY\nArticle 2 : L'article 3 de l'arr\u00eat\u00e9 pr\u00e9fectoral du 4 novembre 2022 est modifi\u00e9 comme suit :\nMme\u00a0V\u00e9ronique\u00a0LILIENFELD,\u00a0sous-directrice\u00a0de\u00a0l'action\u00a0sociale\u00a0de\u00a0la\u00a0CAF\u00a0de\u00a0la\u00a0Manche,\u00a0est\nd\u00e9sign\u00e9e\u00a0secr\u00e9taire\u00a0g\u00e9n\u00e9rale\u00a0du\u00a0comit\u00e9\u00a0par\u00a0la\u00a0caisse\u00a0d'allocation\u00a0familiale\u00a0de\u00a0la\u00a0Manche,\u00a0apr\u00e8s\u00a0avis\nfavorable\u00a0du\u00a0responsable\u00a0d\u00e9partemental\u00a0de\u00a0l\u00a0'action\u00a0sanitaire\u00a0et\u00a0sociale\u00a0de\u00a0la\u00a0caisse\u00a0de\u00a0la\nmutualit\u00e9\u00a0sociale\u00a0agricole\u00a0C\u00f4tes\u00a0normandes.\nLe\u00a0reste\u00a0sans\u00a0changement.\nArticle 3 : Le pr\u00e9sent arr\u00eat\u00e9 peut faire l'objet d'un recours administratif, soit gracieux aupr\u00e8s\ndu pr\u00e9fet de la Manche, soit hi\u00e9rarchique aupr\u00e8s de la ministre du travail, de la\nsant\u00e9, des solidarit\u00e9s et des familles, dans les deux mois suivant sa publication. \nUn recours  contentieux  peut \u00eatre d\u00e9pos\u00e9 aupr\u00e8s  du  Tribunal Administratif  de\nCaen, \u00e9galement dans un d\u00e9lai de deux mois \u00e0 compter de la publication, ou dans\nle d\u00e9lai de deux mois  \u00e0 partir  de la r\u00e9ponse de l'administration si un recours\nadministratif a \u00e9t\u00e9 d\u00e9pos\u00e9. L'absence de r\u00e9ponse de l'administration au terme\nd'un d\u00e9lai de deux mois vaut rejet implicite.  Le tribunal administratif peut \u00eatre\nsaisi par l'application t\u00e9l\u00e9recours accessible sur le site www.telerecours.fr\nArticle 4 : La secr\u00e9taire g\u00e9n\u00e9rale de la pr\u00e9fecture, le directeur d\u00e9partemental de l'Emploi, du\nTravail  et  des  Solidarit\u00e9s,  sont  charg\u00e9s,  chacun  en  ce  qui  le  concerne,  de\nl'ex\u00e9cution du pr\u00e9sent arr\u00eat\u00e9 qui sera publi\u00e9 au recueil des actes administratifs.\n \nSaint-L\u00f4, le 25 juillet 2025\nLe Pr\u00e9fet de la Manche\nSign\u00e9\nXavier BRUNETIERE\nDirection d\u00e9partementale de l'emploi, du travail et des solidarit\u00e9s - 50-2025-07-25-00002 - Arr\u00eat\u00e9 modificatif de l'arr\u00eat\u00e9 du 4\nnovembre 2022 portant nomination des membres du comit\u00e9 d\u00e9partemental des services aux familles. 81\nDirection d\u00e9partementale de l'emploi, du travail\net des solidarit\u00e9s\n50-2025-07-25-00001\nArr\u00eat\u00e9 modificatif pr\u00e9fectoral N\u00b0\n2025-DDETS-PECEC-20 portant nomination du\nComit\u00e9 Local Pour l'Emploi (CLPE) du Sud\nManche\nDirection d\u00e9partementale de l'emploi, du travail et des solidarit\u00e9s - 50-2025-07-25-00001 - Arr\u00eat\u00e9 modificatif pr\u00e9fectoral N\u00b0\n2025-DDETS-PECEC-20 portant nomination du Comit\u00e9 Local Pour l'Emploi (CLPE) du Sud Manche 82\nPREFETDE LA MANCHELibert\u00e9Egalit\u00e9Fraternit\u00e9\nDirection d\u00e9partementale de l'emploi,\ndu travail et des solidarit\u00e9s\nArr\u00eat\u00e9 modificatif pr\u00e9fectoral n\u00b02025-DDETS-PECEC-20\n portant nomination au sein du Comit\u00e9 Local Pour l'Emploi (CLPE) \ndu Sud Manche\nLe pr\u00e9fet de la Manche,\nChevalier de la L\u00e9gion d'Honneur,\nChevalier de l'Ordre national du M\u00e9rite,\nVU le code des relations entre le public et l'administration, notamment son article\nL. 411-2\u00a0; \nVU le code du travail, notamment ses articles L5311-10, R5311-22 et suivants et R5311-33 et\nR.5311-36\u00a0;\nVU l'arr\u00eat\u00e9 pr\u00e9fectoral n\u00b02024-DDETS-PECEC-41 portant composition et r\u00e9partition des\nvoix au sein des comit\u00e9s locaux pour l'emploi de la Manche\u00a0;\nVU  l'arr\u00eat\u00e9 pr\u00e9fectoral n\u00b0 2025-DDETS-PECEC-04 portant nomination au sein du Comit\u00e9\nLocal Pour l'Emploi du Sud Manche (CLPE)\u00a0;\nVU le courrier du 27 f\u00e9vrier 2025 de M. le pr\u00e9sident de Villedieu Intercom\u00a0;\n \nA R R E T E\nLe comit\u00e9 local pour l'emploi du Sud Manche est pr\u00e9sid\u00e9 conjointement par le Sous -\nPr\u00e9fet  d'arrondissement  ou  son  repr\u00e9sentant  et  par  M.  David  MARGUERITTE,  vice  \u2013\npr\u00e9sident  du  conseil  r\u00e9gional  de  Normandie  en  charge  des  politiques  r\u00e9gionales  en\nmati\u00e8re d'emploi, de formation, d'orientation et d'apprentissage ou son repr\u00e9sentant.\nArticle 1  er   : Sont nomm\u00e9s membres du comit\u00e9 local pour l'emploi du Sud Manche \n1) En qualit\u00e9 de repr\u00e9sentants de l'Etat\u00a0:\n- M. le directeur d\u00e9partemental de l'emploi, du travail et des solidarit\u00e9s de la Manche ou\nson repr\u00e9sentant,\n- M. le directeur acad\u00e9mique des services de l'\u00e9ducation nationale de la Manche ou son\nrepr\u00e9sentant,\n2) En qualit\u00e9 de repr\u00e9sentants des collectivit\u00e9s territoriales\u00a0: \na) sur proposition du pr\u00e9sident du conseil r\u00e9gional de Normandie \nTitulaire Suppl\u00e9ant\nMme Julie BARENTON - GUILLAS -\nb) sur proposition du pr\u00e9sident du conseil d\u00e9partemental de la Manche \nTitulaire Suppl\u00e9ant\nMme Sylvie G\u00c2T\u00c9 M. Herv\u00e9 DESSEROUER\nDirection d\u00e9partementale de l'emploi, du travail et des solidarit\u00e9s - 50-2025-07-25-00001 - Arr\u00eat\u00e9 modificatif pr\u00e9fectoral N\u00b0\n2025-DDETS-PECEC-20 portant nomination du Comit\u00e9 Local Pour l'Emploi (CLPE) du Sud Manche 83\nc) sur proposition du pr\u00e9sident de l'association des maires de la Manche   \nTitulaires Suppl\u00e9ants\nMme Nelly BODIN M. Thierry PENNEC\nM. Jean \u2013 Ren\u00e9 LEDOYEN\u00a0   M. Philippe LEMAITRE   \nd) sur proposition de chacun des pr\u00e9sidents des \u00e9tablissements publics de coop\u00e9ration\nintercommunale dot\u00e9s d'une fiscalit\u00e9 propre mentionn\u00e9s aux 1\u00b0 et 2\u00b0 du I de l'article\nL.5211-28 du code g\u00e9n\u00e9ral des collectivit\u00e9s territoriales ou des \u00e9tablissements publics\nterritoriaux mentionn\u00e9s  \u00e0 l'article L.5219-2 du m\u00eame code situ\u00e9s dans le ressort du\ncomit\u00e9 local\u00a0:\n \n 1 - repr\u00e9sentants de la Communaut\u00e9 de Communes de Granville Terre & Mer    \nTitulaire Suppl\u00e9ant\nM. Daniel LECUREUIL M. St\u00e9phane SORRE \n2 - repr\u00e9sentants de la Communaut\u00e9 de Communes de Villedieu Intercom\nTitulaire Suppl\u00e9ant\nMme Marina MULLER Mme Martine LEMOINE\n3 - repr\u00e9sentants de la Communaut\u00e9 d'Agglom\u00e9ration Mont Saint Michel Normandie  \nTitulaire Suppl\u00e9ant\nM. Olivier DEVILLE Mme Ang\u00e9lique FERREIRA\n   \n3) En qualit\u00e9 de repr\u00e9sentant de France Travail\u00a0: \n- M. le directeur d\u00e9partemental de l'op\u00e9rateur France Travail ou son repr\u00e9sentant,\n \n4) En qualit\u00e9 de repr\u00e9sentants des Missions Locales du territoire\n- Mme la pr\u00e9sidente de la Mission Locale de Granville ou son repr\u00e9sentant, \n- Mme la pr\u00e9sidente de la Mission Locale d'Avranches ou son repr\u00e9sentant.\n5)  En  qualit\u00e9  de  repr\u00e9sentant  de  l'un  des  organismes  de  placement  sp\u00e9cialis\u00e9s  dans\nl'insertion professionnelle des personnes en situation de handicap du d\u00e9partement et sur\nproposition du r\u00e9seau r\u00e9gional\u00a0:\n- M. le pr\u00e9sident d'APTIMA'RH / CAP EMPLOI ou son repr\u00e9sentant. \nArticle 2\u00a0: \nChacun  des  membres  \u00e9voqu\u00e9s  supra  sont  nomm\u00e9s  pour  une  dur\u00e9e  de  trois  ans\nrenouvelables. \nToute vacance ou perte de la qualit\u00e9 au titre de laquelle les membres ont \u00e9t\u00e9 d\u00e9sign\u00e9s\ndonne lieu \u00e0 une nouvelle d\u00e9signation pour la dur\u00e9e du mandat restant \u00e0 courir.\nArticle 3 : \nLe  pr\u00e9sent  arr\u00eat\u00e9  peut  faire  l'objet  d'un  recours  contentieux  aupr\u00e8s  du  tribunal\nadministratif de Caen dans un d\u00e9lai de deux mois \u00e0 compter de sa publication.\nDirection d\u00e9partementale de l'emploi, du travail et des solidarit\u00e9s - 50-2025-07-25-00001 - Arr\u00eat\u00e9 modificatif pr\u00e9fectoral N\u00b0\n2025-DDETS-PECEC-20 portant nomination du Comit\u00e9 Local Pour l'Emploi (CLPE) du Sud Manche 84\nIl peut \u00e9galement, dans le m\u00eame d\u00e9lai, faire l'objet d'un recours gracieux aupr\u00e8s du pr\u00e9fet\nde la Manche et d'un recours hi\u00e9rarchique aupr\u00e8s de la ministre charg\u00e9e de l'emploi.\nLe recours gracieux et/ou hi\u00e9rarchique prolonge le d\u00e9lai de recours contentieux qui doit\nalors  \u00eatre  introduit  dans  les  deux  mois  suivants  la  d\u00e9cision  implicite  ou  explicite  de\nl'autorit\u00e9 comp\u00e9tente. Le silence de l'administration pendant un d\u00e9lai de deux mois valant\nd\u00e9cision implicite de rejet.  \nArticle 4\u00a0: \nL'arr\u00eat\u00e9 pr\u00e9fectoral n\u00b0 2025-DDETS-PECEC-04 du 19 f\u00e9vrier 2025 est abrog\u00e9.\nArticle 5\u00a0:\nMadame la secr\u00e9taire g\u00e9n\u00e9rale de la Pr\u00e9fecture et Monsieur le directeur d\u00e9partemental de\nl'emploi, du travail et des solidarit\u00e9s sont charg\u00e9s de l'ex\u00e9cution du pr\u00e9sent arr\u00eat\u00e9 qui sera\npubli\u00e9 au recueil des actes administratifs de l'Etat du d\u00e9partement de la Manche.\nFait \u00e0 Saint L\u00f4, le 25 juillet 2025\nLe Pr\u00e9fet de la Manche\nSign\u00e9\nXavier BRUNETIERE\nDirection d\u00e9partementale de l'emploi, du travail et des solidarit\u00e9s - 50-2025-07-25-00001 - Arr\u00eat\u00e9 modificatif pr\u00e9fectoral N\u00b0\n2025-DDETS-PECEC-20 portant nomination du Comit\u00e9 Local Pour l'Emploi (CLPE) du Sud Manche 85\nDirection d\u00e9partementale de l'emploi, du travail\net des solidarit\u00e9s\n50-2025-05-26-00006\nArr\u00eat\u00e9 portant renouvellement de l'agr\u00e9ment de\nla Fondation Bon Sauveur de la Manche pour des\nactivit\u00e9s d'ing\u00e9nierie sociale, financi\u00e8re et\ntechnique et des activit\u00e9s d'interm\u00e9diation\nlocative et de gestion locative sociale\nDirection d\u00e9partementale de l'emploi, du travail et des solidarit\u00e9s - 50-2025-05-26-00006 - Arr\u00eat\u00e9 portant renouvellement de\nl'agr\u00e9ment de la Fondation Bon Sauveur de la Manche pour des activit\u00e9s d'ing\u00e9nierie sociale, financi\u00e8re et technique et des activit\u00e9s\nd'interm\u00e9diation locative et de gestion locative sociale\n86\nEnPREFETDE LA MANCHELibert\u00e9Egalit\u00e9Fraternit\u00e9\nDirection D\u00e9partementale de l'Emploi, \ndu Travail et des Solidarit\u00e9s\nP\u00f4le Solidarit\u00e9s Actives\nAffaire suivie par \nAnne LE GUILLOIS\nanne.leguillois@manche.gouv.fr\nARR\u00caT\u00c9\nPortant renouvellement de l'agr\u00e9ment de la Fondation Bon Sauveur de la Manche pour\ndes activit\u00e9s d'ing\u00e9nierie sociale, financi\u00e8re et technique et des activit\u00e9s d'interm\u00e9diation\nlocative et de gestion locative sociale\nLe Pr\u00e9fet de la Manche,\nChevalier de la L\u00e9gion d'Honneur,\nChevalier de l'Ordre National du M\u00e9rite,\nVu la directive 2006/123/CE du Parlement europ\u00e9en et du Conseil du 12 d\u00e9cembre\n2006 relative aux services dans les march\u00e9s int\u00e9rieurs,\nVu le code de la construction et de l'habitation et notamment ses articles L.365-1 et\nsuivants et R.365-1 et suivants,\nVu le code de l'action sociale et des familles et notamment ses articles L.312-1 I 8\u00b0 et\nL.345-2, \nVu la loi n\u00b0 90-449 du 31 mai 1990 visant \u00e0 la mise en \u0153uvre du droit au logement,\nVu la  loi  n\u00b0  2000-321  du  12  avril  2000  relative  aux  droits  des  citoyens  dans  leurs\nrelations avec les administrations, notamment son article 21 modifi\u00e9 par la loi  n\u00b0\n2013-1005  du  12  novembre  2013  habilitant  le  Gouvernement  \u00e0  simplifier  les\nrelations entre l'administration et les citoyens, \nVu la loi n\u00b0 2009-323 du 25 mars 2009 de mobilisation pour le logement et de lutte\ncontre l'exclusion,\nConsid\u00e9rant la circulaire du 6 septembre 2010 relative aux agr\u00e9ments des organismes\nagissant  en  faveur  du  logement  et  de  l'h\u00e9bergement  des  personnes\nd\u00e9favoris\u00e9es,\nDirection D\u00e9partementale de l'Emploi, du Travail et des Solidarit\u00e9s de la Manche\n5 bis rue des pr\u00e9s\u2013BP 20524 - 50004 SAINT-L\u00d4 CEDEX \nT\u00e9l. : 02 50 71 50 00 - Courriel : dd  et  s@manche.gouv.fr   \nHoraires d'ouverture : de 9h00 \u00e0 12h00 et de 13h30 \u00e0 16h00\nDirection d\u00e9partementale de l'emploi, du travail et des solidarit\u00e9s - 50-2025-05-26-00006 - Arr\u00eat\u00e9 portant renouvellement de\nl'agr\u00e9ment de la Fondation Bon Sauveur de la Manche pour des activit\u00e9s d'ing\u00e9nierie sociale, financi\u00e8re et technique et des activit\u00e9s\nd'interm\u00e9diation locative et de gestion locative sociale\n87\nConsid\u00e9rant l'arr\u00eat\u00e9  du  16  juin  2020  accordant  \u00e0  la  Fondation  Bon  Sauveur  de  la\nManche un agr\u00e9ment  au titre des activit\u00e9s d'interm\u00e9diation locative et de\ngestion locative sociale mentionn\u00e9es \u00e0 l'article L.365-4  :  c) La gestion de\nr\u00e9sidences sociales mentionn\u00e9e \u00e0 l'article R.353-165-1,\nConsid\u00e9rant la demande d'agr\u00e9ment en date du 27 f\u00e9vrier 2025 au titre d'une part des\nactivit\u00e9s  d'ing\u00e9nierie  sociale,  financi\u00e8re  et  technique  mentionn\u00e9es  \u00e0\nl'article L.365-3 : b) L'accompagnement social effectu\u00e9 pour faciliter l'acc\u00e8s\nou le maintien dans le logement, r\u00e9alis\u00e9 principalement dans le cadre du\nplan  d\u00e9partemental  d'action  pour  le  logement  des  personnes\nd\u00e9favoris\u00e9es ; d) La recherche de logements en vue de leur location \u00e0 des\npersonnes  d\u00e9favoris\u00e9es  ;  et  d'autre  part  des  activit\u00e9s  d'interm\u00e9diation\nlocative et de gestion locative sociale mentionn\u00e9es \u00e0 l'article L.365-4 : a) La\nlocation : de logements aupr\u00e8s d'organismes agr\u00e9\u00e9s au titre de l'article\nL.365-2 ou d'organismes d'habitations \u00e0 loyer mod\u00e9r\u00e9 en vue de leur sous-\nlocation  \u00e0  des  personnes  d\u00e9favoris\u00e9es  dans  les  conditions  pr\u00e9vues  par\nl'article L.442-8-1 ; de logements \u00e0 des bailleurs autres que des organismes\nd'habitations \u00e0 loyer mod\u00e9r\u00e9 en vue de leur sous-location \u00e0 des personnes\nd\u00e9favoris\u00e9es dans les conditions pr\u00e9vues aux articles L.321-10, L.321-10-1 et\nL.353-20  ;  de  logements  en  vue  de  l'h\u00e9bergement  de  personnes\nd\u00e9favoris\u00e9es dans les conditions de l' article L.851-1 du code de la s\u00e9curit\u00e9\nsociale  ; aupr\u00e8s d'un organisme d'habitations \u00e0 loyer mod\u00e9r\u00e9 d'un h\u00f4tel\ndestin\u00e9 \u00e0 l'h\u00e9bergement, mentionn\u00e9e au 8\u00b0 de l'article L.421-1, au onzi\u00e8me\nalin\u00e9a  de  l'article  L.422-2  ou  au  6\u00b0  de  l'article  L.422-3  ;  de  structures\ndestin\u00e9es \u00e0 l'h\u00e9bergement aupr\u00e8s d'un organisme agr\u00e9\u00e9 au titre de l'article\nL.365-2 ; c) La gestion de r\u00e9sidences sociales mentionn\u00e9e \u00e0 l'article R.353-\n165-1,\nConsid\u00e9rant les pi\u00e8ces justificatives d\u00e9pos\u00e9es au dossier,\nConsid\u00e9rant le  domaine  d'intervention  dans  le  secteur  social  de  la  Fondation  Bon\nSauveur de la Manche,\nConsid\u00e9rant que la Fondation Bon Sauveur de la Manche a d\u00e9montr\u00e9 sa capacit\u00e9 \u00e0\nd\u00e9velopper des activit\u00e9s d'interm\u00e9diation locative et de gestion locative\nsociale et des activit\u00e9s d'ing\u00e9nierie sociale, financi\u00e8re et technique,\nSur proposition du directeur d\u00e9partemental de l'emploi, du travail et des solidarit\u00e9s de la\nManche\nARR\u00caTE\nArticle 1 : La Fondation Bon Sauveur de la Manche, dont le si\u00e8ge social se situe route\nde Saint Sauveur \u00e0 Picauville (50360), est agr\u00e9\u00e9e  pour d'une part des acti -\nvit\u00e9s d'ing\u00e9nierie sociale, financi\u00e8re et technique mentionn\u00e9es \u00e0 l'article\nL.365-3 :  b) L'accompagnement social effectu\u00e9 pour faciliter l'acc\u00e8s ou le\nmaintien dans le logement, r\u00e9alis\u00e9 principalement dans le cadre du plan\nd\u00e9partemental d'action pour le logement des personnes d\u00e9favoris\u00e9es  ; d)\nLa recherche de logements en vue de leur location \u00e0 des personnes d\u00e9fa -\nvoris\u00e9es ; et d'autre part des activit\u00e9s d'interm\u00e9diation locative et de ges -\ntion locative sociale mentionn\u00e9es \u00e0 l'article L.365-4 : a) La location : de lo -\ngements aupr\u00e8s d'organismes agr\u00e9\u00e9s au titre de l'article L.365-2 ou d'orga -\nnismes d'habitations \u00e0 loyer mod\u00e9r\u00e9 en vue de leur sous-location \u00e0 des\nDirection d\u00e9partementale de l'emploi, du travail et des solidarit\u00e9s - 50-2025-05-26-00006 - Arr\u00eat\u00e9 portant renouvellement de\nl'agr\u00e9ment de la Fondation Bon Sauveur de la Manche pour des activit\u00e9s d'ing\u00e9nierie sociale, financi\u00e8re et technique et des activit\u00e9s\nd'interm\u00e9diation locative et de gestion locative sociale\n88\npersonnes d\u00e9favoris\u00e9es dans les conditions pr\u00e9vues par l'article L.442-8-1 ;\nde logements \u00e0 des bailleurs autres que des organismes d'habitations \u00e0\nloyer mod\u00e9r\u00e9 en vue de leur sous-location \u00e0 des personnes d\u00e9favoris\u00e9es\ndans les conditions pr\u00e9vues aux articles L.321-10, L.321-10-1 et L.353-20 ; de\nlogements en vue de l'h\u00e9bergement de personnes d\u00e9favoris\u00e9es dans les\nconditions de l' article L.851-1 du code de la s\u00e9curit\u00e9 sociale ; aupr\u00e8s d'un\norganisme d'habitations \u00e0 loyer mod\u00e9r\u00e9 d'un h\u00f4tel destin\u00e9 \u00e0 l'h\u00e9berge -\nment, mentionn\u00e9e au 8\u00b0 de l'article L.421-1, au onzi\u00e8me alin\u00e9a de l'article\nL.422-2 ou au 6\u00b0 de l'article  L.422-3  ; de structures destin\u00e9es \u00e0 l'h\u00e9berge -\nment aupr\u00e8s d'un organisme agr\u00e9\u00e9 au titre de l'article L.365-2 ; c) La ges -\ntion de r\u00e9sidences sociales mentionn\u00e9e \u00e0 l'article R.353-165-1. \nArticle 2 : Cet  agr\u00e9ment  est  valable  pour  une  dur\u00e9e  de  cinq  ans  renouvelable  \u00e0\ncompter de la date de signature du pr\u00e9sent arr\u00eat\u00e9.\nArticle 3 : Un  compte rendu  de  l'activit\u00e9  concern\u00e9e et  les  comptes  financiers  de\nl'organisme  seront  adress\u00e9s  annuellement  \u00e0  l'autorit\u00e9  administrative\ncomp\u00e9tente qui a d\u00e9livr\u00e9 l'agr\u00e9ment. Cette derni\u00e8re peut \u00e0 tout moment\ncontr\u00f4ler  les  conditions  d'exercice  de  l'activit\u00e9  de  l'organisme.  Toute\nmodification statutaire est notifi\u00e9e sans d\u00e9lai \u00e0 l'autorit\u00e9 administrative.\nArticle 4 : Cet agr\u00e9ment peut \u00eatre retir\u00e9 \u00e0 tout moment par l'autorit\u00e9 administrative\ncomp\u00e9tente si l'organisme ne satisfait plus aux conditions de d\u00e9livrance de\ncelui-ci  ou  s'il  est  constat\u00e9  un  manquement  grave  ou  r\u00e9p\u00e9t\u00e9  \u00e0  ses\nobligations. Le retrait est prononc\u00e9 conform\u00e9ment \u00e0 l'article R.365-8 du\ncode de la construction et de l'habitation.\nArticle 5 : Cet arr\u00eat\u00e9 peut faire l'objet dans les deux mois suivant sa notification :\n- d'un recours gracieux aupr\u00e8s des services de la Pr\u00e9fecture de la Manche\n- d'un recours contentieux devant le tribunal administratif de Caen  : 3 rue\nArthur le Duc, 14000 Caen. La saisine peut se faire via T\u00e9l\u00e9recours citoyens,\naccessible par le site www.telerecours.fr\nArticle 6 : La  secr\u00e9taire  g\u00e9n\u00e9rale  de  la  pr\u00e9fecture,  le  directeur  d\u00e9partemental  de\nl'emploi,  du  travail et des solidarit\u00e9s de la Manche, la Pr\u00e9sidente de la\nFondation Bon Sauveur de la Manche, s ont charg\u00e9s, chacun en ce qui le\nconcerne, de l'ex\u00e9cution du pr\u00e9sent arr\u00eat\u00e9 qui sera ins\u00e9r\u00e9 au recueil des\nactes administratifs de la pr\u00e9fecture.\nFait \u00e0 Saint-L\u00f4, le 26 mai 2025\nLe Pr\u00e9fet\nSign\u00e9\nXavier BRUNETIERE\nDirection d\u00e9partementale de l'emploi, du travail et des solidarit\u00e9s - 50-2025-05-26-00006 - Arr\u00eat\u00e9 portant renouvellement de\nl'agr\u00e9ment de la Fondation Bon Sauveur de la Manche pour des activit\u00e9s d'ing\u00e9nierie sociale, financi\u00e8re et technique et des activit\u00e9s\nd'interm\u00e9diation locative et de gestion locative sociale\n89\nDirection d\u00e9partementale de l'emploi, du travail\net des solidarit\u00e9s\n50-2025-05-26-00005\nArr\u00eat\u00e9 portant renouvellement de l'agr\u00e9ment de\nl'association \u00ab Habitat et Humanisme Manche \u00bb\npour des activit\u00e9s d'ing\u00e9nierie sociale, financi\u00e8re\net technique et des activit\u00e9s d'interm\u00e9diation\nlocative et de gestion locative sociale\nDirection d\u00e9partementale de l'emploi, du travail et des solidarit\u00e9s - 50-2025-05-26-00005 - Arr\u00eat\u00e9 portant renouvellement de\nl'agr\u00e9ment de l'association \u00ab Habitat et Humanisme Manche \u00bb pour des activit\u00e9s d'ing\u00e9nierie sociale, financi\u00e8re et technique et des\nactivit\u00e9s d'interm\u00e9diation locative et de gestion locative sociale\n90\nEnPREFETDE LA MANCHELibert\u00e9Egalit\u00e9Fraternit\u00e9\nDirection D\u00e9partementale de l'Emploi, \ndu Travail et des Solidarit\u00e9s\nP\u00f4le Solidarit\u00e9s Actives\nAffaire suivie par \nAnne LE GUILLOIS\nanne.leguillois@manche.gouv.fr\nARR\u00caT\u00c9\nPortant renouvellement de l'agr\u00e9ment de l'association \u00ab Habitat et Humanisme Manche \u00bb\npour des activit\u00e9s d'ing\u00e9nierie sociale, financi\u00e8re et technique\net des activit\u00e9s d'interm\u00e9diation locative et de gestion locative sociale\nLe Pr\u00e9fet de la Manche,\nChevalier de la L\u00e9gion d'Honneur,\nChevalier de l'Ordre National du M\u00e9rite,\nVu la directive 2006/123/CE du Parlement europ\u00e9en et du Conseil du 12 d\u00e9cembre\n2006 relative aux services dans les march\u00e9s int\u00e9rieurs,\nVu le code de la construction et de l'habitation et notamment ses articles L.365-1 et\nsuivants et R.365-1 et suivants,\nVu le code de l'action sociale et des familles et notamment ses articles L.312-1 I 8\u00b0 et\nL.345-2, \nVu la loi n\u00b0 90-449 du 31 mai 1990 visant \u00e0 la mise en \u0153uvre du droit au logement,\nVu la  loi  n\u00b0  2000-321  du  12  avril  2000  relative  aux  droits  des  citoyens  dans  leurs\nrelations avec les administrations, notamment son article 21 modifi\u00e9 par la loi  n\u00b0\n2013-1005  du  12  novembre  2013  habilitant  le  Gouvernement  \u00e0  simplifier  les\nrelations entre l'administration et les citoyens,\nVu la loi n\u00b0 2009-323 du 25 mars 2009 de mobilisation pour le logement et de lutte\ncontre l'exclusion,\nVu la circulaire du 6 septembre 2010 relative aux agr\u00e9ments des organismes agissant en\nfaveur du logement et de l'h\u00e9bergement des personnes d\u00e9favoris\u00e9es,\nVu l'arr\u00eat\u00e9  du  17  Ao\u00fbt  2020  accordant  \u00e0  l'association  \u00ab Habitat  et  Humanisme\nManche \u00bb  un  agr\u00e9ment  au  titre  des  activit\u00e9s  d'ing\u00e9nierie  sociale,  financi\u00e8re  et\ntechnique mentionn\u00e9es \u00e0 l'article L.365-3 du code de l'action sociale et de la famille\nDirection D\u00e9partementale de l'Emploi, du Travail et des Solidarit\u00e9s de la Manche\n5 bis rue des pr\u00e9s\u2013BP 20524 - 50004 SAINT-L\u00d4 CEDEX \nT\u00e9l. : 02 50 71 50 00 - Courriel : dd  et  s@manche.gouv.fr   \nHoraires d'ouverture : de 9h00 \u00e0 12h00 et de 13h30 \u00e0 16h00\nDirection d\u00e9partementale de l'emploi, du travail et des solidarit\u00e9s - 50-2025-05-26-00005 - Arr\u00eat\u00e9 portant renouvellement de\nl'agr\u00e9ment de l'association \u00ab Habitat et Humanisme Manche \u00bb pour des activit\u00e9s d'ing\u00e9nierie sociale, financi\u00e8re et technique et des\nactivit\u00e9s d'interm\u00e9diation locative et de gestion locative sociale\n91\net  des  activit\u00e9s  d'interm\u00e9diation  locative  et  de  gestion  locative  sociale  \nmentionn\u00e9es \u00e0 l'article L.365-4,\nConsid\u00e9rant la demande en date du 7 avril 2025 , pr\u00e9sent\u00e9e par l'association \u00ab  Habitat et\nHumanisme Manche \u00bb\nConsid\u00e9rant les pi\u00e8ces justificatives d\u00e9pos\u00e9es au dossier,\nConsid\u00e9rant le domaine d'intervention dans le secteur social de l'association \u00ab Habitat et\nHumanisme Manche \u00bb,\nConsid\u00e9rant que  l'association  a  d\u00e9montr\u00e9  sa  capacit\u00e9  \u00e0  d\u00e9velopper  des  activit\u00e9s\nd'interm\u00e9diation  locative  et  de  gestion  locative  sociale  et  des  activit\u00e9s\nd'ing\u00e9nierie sociale, financi\u00e8re et technique, \nSur proposition du directeur d\u00e9partemental de l'emploi, du travail et des solidarit\u00e9s de la\nManche\nARR\u00caTE\nArticle 1 : L'agr\u00e9ment de l'association \u00ab Habitat et Humanisme Manche \u00bb, domicili\u00e9e au\nn\u00b054 rue de la Bucaille, 50100 Cherbourg-en-Cotentin, est renouvel\u00e9 pour :\n- d'une part  des activit\u00e9s d'ing\u00e9nierie sociale, financi\u00e8re et technique men -\ntionn\u00e9es \u00e0 l'article L.365-3 :\nb) L'accompagnement social effectu\u00e9 pour faciliter l'acc\u00e8s ou le maintien\ndans le logement, r\u00e9alis\u00e9 principalement dans le cadre du plan d\u00e9partemen -\ntal d'action pour le logement des personnes d\u00e9favoris\u00e9es,\nd) La recherche de logements en vue de leur location \u00e0 des personnes d\u00e9fa -\nvoris\u00e9es,\n- d'autre part des activit\u00e9s d'interm\u00e9diation locative et de gestion locative\nsociale mentionn\u00e9es \u00e0 l'article L.365-4 :\nc) La gestion de r\u00e9sidences sociales mentionn\u00e9e \u00e0 l'article R. 353-165-1,\nL'association \u00ab habitat et Humanisme Manche \u00bb est \u00e9galement agr\u00e9\u00e9e pour :\n- les activit\u00e9s d'ing\u00e9nierie sociale, financi\u00e8re et technique mentionn\u00e9es \u00e0 l'ar -\nticle L.365-3 :\na) L'accueil, le conseil, l'assistance administrative et financi\u00e8re, juridique et\ntechnique des personnes physiques, propri\u00e9taires ou locataires, dont les re -\nvenus sont inf\u00e9rieurs \u00e0 un montant fix\u00e9 par voie r\u00e9glementaire, en vue de\nl'am\u00e9lioration de leur logement ou de l'adaptation de celui-ci au handicap et\nau vieillissement,\n- les  activit\u00e9s d'interm\u00e9diation locative et de gestion locative sociale men -\ntionn\u00e9es \u00e0 l'article L.365-4 :\na) La location : de logements aupr\u00e8s d'organismes agr\u00e9\u00e9s au titre de l'article\nL.365-2 ou d'organismes d'habitations \u00e0 loyer mod\u00e9r\u00e9 en vue de leur sous-lo -\ncation \u00e0 des personnes d\u00e9favoris\u00e9es dans les conditions pr\u00e9vues par l'article\nL.442-8-1 ; de logements \u00e0 des bailleurs autres que des organismes d'habita -\ntions \u00e0 loyer mod\u00e9r\u00e9 en vue de leur sous-location \u00e0 des personnes d\u00e9favori -\ns\u00e9es dans les conditions pr\u00e9vues aux articles L.321-10, L.321-10-1 et L.353-20  ;\nDirection d\u00e9partementale de l'emploi, du travail et des solidarit\u00e9s - 50-2025-05-26-00005 - Arr\u00eat\u00e9 portant renouvellement de\nl'agr\u00e9ment de l'association \u00ab Habitat et Humanisme Manche \u00bb pour des activit\u00e9s d'ing\u00e9nierie sociale, financi\u00e8re et technique et des\nactivit\u00e9s d'interm\u00e9diation locative et de gestion locative sociale\n92\nde logements en vue de l'h\u00e9bergement de personnes d\u00e9favoris\u00e9es dans les\nconditions de l'article L.851-1 du code de la s\u00e9curit\u00e9 sociale  ; aupr\u00e8s d'un or -\nganisme d'habitations \u00e0 loyer mod\u00e9r\u00e9 d'un h\u00f4tel destin\u00e9 \u00e0 l'h\u00e9bergement,\nmentionn\u00e9e au 8\u00b0 de l'article L.421-1, au onzi\u00e8me alin\u00e9a de l'article L.422-2 ou\nau 6\u00b0 de l'article L.422-3  ; de structures destin\u00e9es \u00e0 l'h\u00e9bergement aupr\u00e8s\nd'un organisme agr\u00e9\u00e9 au titre de l'article L.365-2\nArticle 2 : Cet  agr\u00e9ment  est  valable  pour  une  dur\u00e9e  de  cinq  ans  renouvelable  \u00e0\ncompter de la date de signature du pr\u00e9sent arr\u00eat\u00e9.\nArticle 3 : Un  compte  rendu  de  l'activit\u00e9  concern\u00e9e  et  les  comptes  financiers  de\nl'organisme  seront  adress\u00e9s  annuellement  \u00e0  l'autorit\u00e9  administrative\ncomp\u00e9tente qui a d\u00e9livr\u00e9 l'agr\u00e9ment. Cette derni\u00e8re peut \u00e0 tout moment\ncontr\u00f4ler  les  conditions  d'exercice  de  l'activit\u00e9  de  l'organisme.  Toute\nmodification statutaire est notifi\u00e9e sans d\u00e9lai \u00e0 l'autorit\u00e9 administrative.\nArticle 4 : Cet agr\u00e9ment peut \u00eatre retir\u00e9 \u00e0 tout moment par l'autorit\u00e9 administrative\ncomp\u00e9tente si l'organisme ne satisfait plus aux conditions de d\u00e9livrance de\ncelui-ci ou s'il est constat\u00e9 un manquement grave ou r\u00e9p\u00e9t\u00e9 \u00e0 ses obligations.\nLe  retrait  est  prononc\u00e9  conform\u00e9ment  \u00e0  l'article  R.365-8  du  code  de  la\nconstruction et de l'habitation.\nArticle 5 : Cet arr\u00eat\u00e9 peut faire l'objet dans les deux mois suivant sa notification :\n- d'un recours gracieux aupr\u00e8s des services de la Pr\u00e9fecture de la Manche\n- d'un recours contentieux devant le tribunal administratif de Caen  : 3 rue\nArthur le Duc, 14000 Caen. La saisine peut se faire via T\u00e9l\u00e9recours citoyens,\naccessible par le site www.telerecours.fr\nArticle 6 : La secr\u00e9taire g\u00e9n\u00e9rale de la de la pr\u00e9fecture, le directeur d\u00e9partemental de\nl'emploi,  du  travail  et  des  solidarit\u00e9s  de  la  Manche,  le  pr\u00e9sident  de\nl'association \u00ab Habitat et Humanisme Manche  \u00bb, sont charg\u00e9s, chacun en ce\nqui le concerne, de l'ex\u00e9cution du pr\u00e9sent arr\u00eat\u00e9 qui sera ins\u00e9r\u00e9 au recueil\ndes actes administratifs de la pr\u00e9fecture.\nFait \u00e0 Saint-L\u00f4, le 26 mai 2025\nLe Pr\u00e9fet\nSign\u00e9\nXavier BRUNETIERE\nDirection d\u00e9partementale de l'emploi, du travail et des solidarit\u00e9s - 50-2025-05-26-00005 - Arr\u00eat\u00e9 portant renouvellement de\nl'agr\u00e9ment de l'association \u00ab Habitat et Humanisme Manche \u00bb pour des activit\u00e9s d'ing\u00e9nierie sociale, financi\u00e8re et technique et des\nactivit\u00e9s d'interm\u00e9diation locative et de gestion locative sociale\n93\nDirection d\u00e9partementale de l'emploi, du travail\net des solidarit\u00e9s\n50-2025-05-26-00007\nArr\u00eat\u00e9 portant renouvellement de l'agr\u00e9ment du\nComit\u00e9 Local pour le Logement Autonome des\nJeunes du Pays de Coutances pour des activit\u00e9s\nd'ing\u00e9nierie sociale, financi\u00e8re et technique et\ndes activit\u00e9s d'interm\u00e9diation locative et de\ngestion locative sociale\nDirection d\u00e9partementale de l'emploi, du travail et des solidarit\u00e9s - 50-2025-05-26-00007 - Arr\u00eat\u00e9 portant renouvellement de\nl'agr\u00e9ment du Comit\u00e9 Local pour le Logement Autonome des Jeunes du Pays de Coutances pour des activit\u00e9s d'ing\u00e9nierie sociale,\nfinanci\u00e8re et technique et des activit\u00e9s d'interm\u00e9diation locative et de gestion locative sociale\n94\nEnPREFETDE LA MANCHELibert\u00e9Egalit\u00e9Fraternit\u00e9\nDirection D\u00e9partementale de l'Emploi, \ndu Travail et des Solidarit\u00e9s\nP\u00f4le Solidarit\u00e9s Actives\nAffaire suivie par \nAnne LE GUILLOIS\nanne.leguillois@manche.gouv.fr\nARR\u00caT\u00c9\nPortant renouvellement de l'agr\u00e9ment du Comit\u00e9 Local pour le Logement Autonome des\nJeunes du Pays de Coutances pour des activit\u00e9s d'ing\u00e9nierie sociale, financi\u00e8re et\ntechnique et des activit\u00e9s d'interm\u00e9diation locative et de gestion locative sociale\nLe Pr\u00e9fet de la Manche,\nChevalier de la L\u00e9gion d'Honneur,\nChevalier de l'Ordre National du M\u00e9rite,\nVu la directive 2006/123/CE du Parlement europ\u00e9en et du Conseil du 12 d\u00e9cembre\n2006 relative aux services dans les march\u00e9s int\u00e9rieurs,\nVu le code de la construction et de l'habitation et notamment ses articles L.365-1 et\nsuivants et R.365-1 et suivants,\nVu le code de l'action sociale et des familles et notamment ses articles L.312-1 I 8\u00b0 et\nL.345-2, \nVu la loi n\u00b0 90-449 du 31 mai 1990 visant \u00e0 la mise en \u0153uvre du droit au logement,\nVu la  loi  n\u00b0  2000-321  du  12  avril  2000  relative  aux  droits  des  citoyens  dans  leurs\nrelations avec les administrations, notamment son article 21 modifi\u00e9 par la loi  n\u00b0\n2013-1005  du  12  novembre  2013  habilitant  le  Gouvernement  \u00e0  simplifier  les\nrelations entre l'administration et les citoyens,\nVu la loi n\u00b0 2009-323 du 25 mars 2009 de mobilisation pour le logement et de lutte\ncontre l'exclusion,\nVu la circulaire du 6 septembre 2010 relative aux agr\u00e9ments des organismes agissant en\nfaveur du logement et de l'h\u00e9bergement des personnes d\u00e9favoris\u00e9es,\nVu l'arr\u00eat\u00e9 du 2 juillet 2020 accordant au Comit\u00e9 Local pour le Logement Autonome\ndes Jeunes du Pays de Coutances un agr\u00e9ment au titre des activit\u00e9s d'ing\u00e9nierie\nsociale, financi\u00e8re et technique mentionn\u00e9es \u00e0 l'article L.365-3  du  code  de  \nDirection D\u00e9partementale de l'Emploi, du Travail et des Solidarit\u00e9s de la Manche\n5 bis rue des pr\u00e9s\u2013BP 20524 - 50004 SAINT-L\u00d4 CEDEX \nT\u00e9l. : 02 50 71 50 00 - Courriel : dd  et  s@manche.gouv.fr   \nHoraires d'ouverture : de 9h00 \u00e0 12h00 et de 13h30 \u00e0 16h00\nDirection d\u00e9partementale de l'emploi, du travail et des solidarit\u00e9s - 50-2025-05-26-00007 - Arr\u00eat\u00e9 portant renouvellement de\nl'agr\u00e9ment du Comit\u00e9 Local pour le Logement Autonome des Jeunes du Pays de Coutances pour des activit\u00e9s d'ing\u00e9nierie sociale,\nfinanci\u00e8re et technique et des activit\u00e9s d'interm\u00e9diation locative et de gestion locative sociale\n95\nl'action sociale et de la famille et des activit\u00e9s d'interm\u00e9diation  locative  et  \nde gestion locative sociale mentionn\u00e9es \u00e0 l'article L.365-4,\nConsid\u00e9rant la demande en date du 11 avril 2025 , pr\u00e9sent\u00e9e par le Comit\u00e9 Local pour le\nLogement Autonome des Jeunes du Pays de Coutances,\nConsid\u00e9rant les pi\u00e8ces justificatives d\u00e9pos\u00e9es au dossier,\nConsid\u00e9rant le domaine d'intervention dans le secteur social  du  Comit\u00e9 Local pour le\nLogement Autonome des Jeunes du Pays de Coutances,\nConsid\u00e9rant que  l'association  a  d\u00e9montr\u00e9  sa  capacit\u00e9  \u00e0  d\u00e9velopper  des  activit\u00e9s\nd'interm\u00e9diation  locative  et  de  gestion  locative  sociale  et  des  activit\u00e9s\nd'ing\u00e9nierie sociale, financi\u00e8re et technique, \nSur proposition du directeur d\u00e9partemental de l'emploi, du travail et des solidarit\u00e9s de la\nManche\nARR\u00caTE\nArticle 1 : L'agr\u00e9ment du Comit\u00e9 Local pour le Logement Autonome des Jeunes du Pays \nde Coutances, domicili\u00e9 Espace Hugues de Morville, 103 rue de Geoffroy-de-\nMontbray, 50200 Coutances est renouvel\u00e9 pour :\n- d'une part des activit\u00e9s d'ing\u00e9nierie sociale, financi\u00e8re et technique \nmentionn\u00e9es \u00e0 l'article L.365-3 :\na) L'accueil, le conseil, l'assistance administrative et financi\u00e8re, juridique et \ntechnique des personnes physiques, propri\u00e9taires ou locataires, dont les \nrevenus sont inf\u00e9rieurs \u00e0 un montant fix\u00e9 par voie r\u00e9glementaire, en vue de \nl'am\u00e9lioration de leur logement ou de l'adaptation de celui-ci au handicap et\nau vieillissement ;\nb) L'accompagnement social effectu\u00e9 pour faciliter l'acc\u00e8s ou le maintien  \ndans le logement, r\u00e9alis\u00e9 principalement dans le cadre du plan \nd\u00e9partemental  d'action  pour  le  logement  des  personnes\nd\u00e9favoris\u00e9es ; \nd) La recherche de logements en vue de leur location \u00e0 des personnes \nd\u00e9favoris\u00e9es ;\n- d'autre part des activit\u00e9s d'interm\u00e9diation locative et de gestion locative \nsociale mentionn\u00e9es \u00e0 l'article L.365-4 :\na) La location : de logements aupr\u00e8s d'organismes agr\u00e9\u00e9s au titre de l'article \nL.365-2 ou d'organismes d'habitations \u00e0 loyer mod\u00e9r\u00e9 en vue de leur sous-\nlocation \u00e0 des personnes d\u00e9favoris\u00e9es dans les conditions pr\u00e9vues par \nl'article L.442-8-1 ; de logements \u00e0 des bailleurs autres que des organismes  \nd'habitations \u00e0 loyer mod\u00e9r\u00e9 en vue de leur sous-location \u00e0 des personnes \nd\u00e9favoris\u00e9es dans les conditions pr\u00e9vues aux articles L.321-10, L.321-10-1 et  \nDirection d\u00e9partementale de l'emploi, du travail et des solidarit\u00e9s - 50-2025-05-26-00007 - Arr\u00eat\u00e9 portant renouvellement de\nl'agr\u00e9ment du Comit\u00e9 Local pour le Logement Autonome des Jeunes du Pays de Coutances pour des activit\u00e9s d'ing\u00e9nierie sociale,\nfinanci\u00e8re et technique et des activit\u00e9s d'interm\u00e9diation locative et de gestion locative sociale\n96\nL.353-20 ; de logements en vue de l'h\u00e9bergement de personnes d\u00e9favoris\u00e9es \ndans les conditions de l'article L.851-1 du code de la s\u00e9curit\u00e9 sociale  ; aupr\u00e8s \nd'un organisme d'habitations \u00e0 loyer mod\u00e9r\u00e9 d'un h\u00f4tel destin\u00e9 \u00e0 \nl'h\u00e9bergement, mentionn\u00e9e au 8\u00b0 de l'article L.421-1, au onzi\u00e8me alin\u00e9a de \nl'article L.422-2 ou au 6\u00b0 de l'article L.422-3 ; de structures destin\u00e9es \u00e0 \nl'h\u00e9bergement aupr\u00e8s d'un organisme agr\u00e9\u00e9 au titre de l'article L.365-2 ;\nArticle 2 : Cet  agr\u00e9ment  est  valable  pour  une  dur\u00e9e  de  cinq  ans  renouvelable  \u00e0\ncompter de la date de signature du pr\u00e9sent arr\u00eat\u00e9.\nArticle 3 : Un  compte  rendu  de  l'activit\u00e9  concern\u00e9e  et  les  comptes  financiers  de\nl'organisme  seront  adress\u00e9s  annuellement  \u00e0  l'autorit\u00e9  administrative\ncomp\u00e9tente qui a d\u00e9livr\u00e9 l'agr\u00e9ment. Cette derni\u00e8re peut \u00e0 tout moment\ncontr\u00f4ler  les  conditions  d'exercice  de  l'activit\u00e9  de  l'organisme.  Toute\nmodification statutaire est notifi\u00e9e sans d\u00e9lai \u00e0 l'autorit\u00e9 administrative.\nArticle 4 : Cet agr\u00e9ment peut \u00eatre retir\u00e9 \u00e0 tout moment par l'autorit\u00e9 administrative\ncomp\u00e9tente si l'organisme ne satisfait plus aux conditions de d\u00e9livrance de\ncelui-ci ou s'il est constat\u00e9 un manquement grave ou r\u00e9p\u00e9t\u00e9 \u00e0 ses obligations.\nLe  retrait  est  prononc\u00e9  conform\u00e9ment  \u00e0  l'article  R.365-8  du  code  de  la\nconstruction et de l'habitation.\nArticle 5 : Cet arr\u00eat\u00e9 peut faire l'objet dans les deux mois suivant sa notification :\n- d'un recours gracieux aupr\u00e8s des services de la Pr\u00e9fecture de la Manche\n- d'un recours contentieux devant le tribunal administratif de Caen  : 3 rue\nArthur le Duc, 14000 Caen. La saisine peut se faire via T\u00e9l\u00e9recours citoyens,\naccessible par le site www.telerecours.fr\nArticle 6 : La  secr\u00e9taire  g\u00e9n\u00e9rale  de  la  pr\u00e9fecture,  le  directeur  d\u00e9partemental  de\nl'emploi, du travail et des solidarit\u00e9s de la Manche, le pr\u00e9sident du  Comit\u00e9\nLocal pour le Logement Autonome des Jeunes du Pays de Coutances , sont\ncharg\u00e9s, chacun en ce qui le concerne, de l'ex\u00e9cution du pr\u00e9sent arr\u00eat\u00e9 qui\nsera ins\u00e9r\u00e9 au recueil des actes administratifs de la pr\u00e9fecture.\nFait \u00e0 Saint-L\u00f4, le 26 mai 2025\nLe Pr\u00e9fet,\nSign\u00e9\nXavier BRUNETIERE\nDirection d\u00e9partementale de l'emploi, du travail et des solidarit\u00e9s - 50-2025-05-26-00007 - Arr\u00eat\u00e9 portant renouvellement de\nl'agr\u00e9ment du Comit\u00e9 Local pour le Logement Autonome des Jeunes du Pays de Coutances pour des activit\u00e9s d'ing\u00e9nierie sociale,\nfinanci\u00e8re et technique et des activit\u00e9s d'interm\u00e9diation locative et de gestion locative sociale\n97\nDirection d\u00e9partementale de l'emploi, du travail\net des solidarit\u00e9s\n50-2025-07-24-00003\nArr\u00eat\u00e9 pr\u00e9fectoral modificatif\nn\u00b02025-DDETS-PECEC-28 portant nomination au\nsein du Comit\u00e9 D\u00e9partementale Pour l'Emploi\n(CDPE)\nDirection d\u00e9partementale de l'emploi, du travail et des solidarit\u00e9s - 50-2025-07-24-00003 - Arr\u00eat\u00e9 pr\u00e9fectoral modificatif\nn\u00b02025-DDETS-PECEC-28 portant nomination au sein du Comit\u00e9 D\u00e9partementale Pour l'Emploi (CDPE) 98\nPREFETDE LA MANCHEL_ibcrt\u00e9Egalit\u00e9Fraternit\u00e9\nArr\u00eat\u00e9 pr\u00e9fectoral modificatif n\u00b02025-DDETS-PECEC-28\n portant nomination au sein du Comit\u00e9 D\u00e9partemental Pour l'Emploi (CDPE) \nLe pr\u00e9fet de la Manche,\nChevalier de la L\u00e9gion d'honneur,\nChevalier de l'ordre national du M\u00e9rite,\nVU le code des relations entre le public et l'administration, notamment son article\nL. 411-2\u00a0; \nVU le code du travail, notamment ses articles L5311-10, R5311-22 et suivants et R5311-38 et\nsuivants,\nVU l'arr\u00eat\u00e9 pr\u00e9fectoral n\u00b02024-DDETS-PECEC-02 portant composition et r\u00e9partition des\nvoix au sein du comit\u00e9 d\u00e9partemental pour l'emploi,\nVU  l'arr\u00eat\u00e9 pr\u00e9fectoral n\u00b02024-DDETS-PECEC-03 portant nomination au sein du Comit\u00e9\nD\u00e9partemental Pour l'Emploi, \nVU  l'arr\u00eat\u00e9 pr\u00e9fectoral modificatif n\u00b02025-DDETS-PECEC-08 portant nomination au sein\ndu Comit\u00e9 D\u00e9partemental Pour l'Emploi, \nVU le  courriel  du  06  mai  2025  de  l'organisation  professionnelle  UDES  (Union  des\nemployeurs de l'\u00e9conomie sociale et solidaire),\nA R R E T E\nArticle  1  er   :  L'article  1er  de  l'arr\u00eat\u00e9  pr\u00e9fectoral  n\u00b02024-DDETS-PECEC-03  portant\nnomination au sein du Comit\u00e9 D\u00e9partemental Pour l'Emploi, est modifi\u00e9 comme suit\u00a0:  \nSont nomm\u00e9s membres du comit\u00e9 d\u00e9partemental pour l'emploi de la Manche\n5) En qualit\u00e9 de repr\u00e9sentants des organisations professionnelles d'employeurs au niveau\nnational et multi professionnel : \nc) sur proposition de l'Union des employeurs de l'\u00e9conomie sociale et solidaire (UDES) \nTitulaire Suppl\u00e9ant\nM. S\u00e9bastien DUBOST -\n\u2026 / \u2026\nDirection d\u00e9partementale de l'emploi, du travail et des solidarit\u00e9s - 50-2025-07-24-00003 - Arr\u00eat\u00e9 pr\u00e9fectoral modificatif\nn\u00b02025-DDETS-PECEC-28 portant nomination au sein du Comit\u00e9 D\u00e9partementale Pour l'Emploi (CDPE) 99\nArticle 2\u00a0: \nLes autres articles sont sans changement. \nArticle 3\u00a0: \nMadame la secr\u00e9taire g\u00e9n\u00e9rale de la Pr\u00e9fecture et Monsieur le directeur d\u00e9partemental de\nl'emploi, du travail et des solidarit\u00e9s sont charg\u00e9s de l'ex\u00e9cution du pr\u00e9sent arr\u00eat\u00e9 qui sera\npubli\u00e9 au recueil des actes administratifs de l'Etat du d\u00e9partement de la Manche.\nFait \u00e0 Saint L\u00f4, le 24/07/2025\nSIGNE\nXavier BRUNETIERE\nDirection d\u00e9partementale de l'emploi, du travail et des solidarit\u00e9s - 50-2025-07-24-00003 - Arr\u00eat\u00e9 pr\u00e9fectoral modificatif\nn\u00b02025-DDETS-PECEC-28 portant nomination au sein du Comit\u00e9 D\u00e9partementale Pour l'Emploi (CDPE) 100\nDirection d\u00e9partementale de l'emploi, du travail\net des solidarit\u00e9s\n50-2025-07-09-00011\nArr\u00eat\u00e9 pr\u00e9fectoral n\u00b02025-DDETS-PECEC-26\nportant habilitation d\u00e9partementale de LADAPT\nau titre de prescripteur d'un parcours d'insertion\npar l'activit\u00e9 \u00e9conomique\nDirection d\u00e9partementale de l'emploi, du travail et des solidarit\u00e9s - 50-2025-07-09-00011 - Arr\u00eat\u00e9 pr\u00e9fectoral n\u00b02025-DDETS-PECEC-26\nportant habilitation d\u00e9partementale de LADAPT au titre de prescripteur d'un parcours d'insertion par l'activit\u00e9 \u00e9conomique 101\nPREFETDE LA MANCHEL_ibcrtc'Egalit\u00e9Fraternit\u00e9Arr\u00eat\u00e9 pr\u00e9fectoral n\u00b02025-DDETS-PECEC-26portant habilitation d\u00e9partementale de LADAPTau titre de prescripteur d''un parcours d'insertion par l'activit\u00e9 \u00e9conomiqueLe pr\u00e9fet de la Manche,Chevalier de la L\u00e9gion d'honneur,Chevalier de l'ordre national du M\u00e9rite,VU le code du travail notamment ses articles L. 5132-3 et R. 5132-1-7,VU l'arr\u00e9t\u00e9 du 1er septembre 2021 fixant la liste des crit\u00e8res d'\u00e9ligibilit\u00e9 des personnes \u00e0un parcours d'insertion par l'activit\u00e9 \u00e9conomique et des prescripteurs mentionn\u00e9s \u00e0l'article L. 5132-3 du code du travail,VU le courrier du 28 juin 2024 de LADAPT Normandie,VU l'avis des membres de la commission inclusion et insertion par l'activit\u00e9 \u00e9conomiquedu 13 d\u00e9cembre 2024,ARRETEArticle 1\" :L'association loi 1901 LADAPT Normandie est habilit\u00e9e au niveau d\u00e9partemental \u00e0prescrire un parcours d'insertion par l'activit\u00e9 \u00e9conomique.Article 2 :Le pr\u00e9sent arr\u00eat\u00e9 est sign\u00e9 pour une dur\u00e9e de cing ans, renouvelable apr\u00e8s avis de lacommission inclusion et insertion par l'activit\u00e9 \u00e9conomique.Article 3 :Madame la secr\u00e9taire g\u00e9n\u00e9rale de la Pr\u00e9fecture et Monsieur le directeur d\u00e9partemental del'emploi, du travail et des solidarit\u00e9s sont charg\u00e9s de l'ex\u00e9cution du pr\u00e9sent arr\u00eat\u00e9 qui serapubli\u00e9 au recueil des actes administratifs de l'Etat du d\u00e9partement de la Manche.Fait \u00e0 Saint-L\u00d4, le 09/07/2025SIGNEXavier BRUNETIERE\n \n \n \n \n \nDirection d\u00e9partementale de l'emploi, du travail et des solidarit\u00e9s - 50-2025-07-09-00011 - Arr\u00eat\u00e9 pr\u00e9fectoral n\u00b02025-DDETS-PECEC-26\nportant habilitation d\u00e9partementale de LADAPT au titre de prescripteur d'un parcours d'insertion par l'activit\u00e9 \u00e9conomique 102\nDirection d\u00e9partementale de l'emploi, du travail\net des solidarit\u00e9s\n50-2025-07-16-00001\nR\u00e9c\u00e9piss\u00e9 de d\u00e9claration d'un organisme de\nservices \u00e0 la personne enregistr\u00e9 sous le\nn\u00b0SAP944471754 - OSP Brillance et s\u00e9r\u00e9nit\u00e9\nDirection d\u00e9partementale de l'emploi, du travail et des solidarit\u00e9s - 50-2025-07-16-00001 - R\u00e9c\u00e9piss\u00e9 de d\u00e9claration d'un organisme de\nservices \u00e0 la personne enregistr\u00e9 sous le n\u00b0SAP944471754 - OSP Brillance et s\u00e9r\u00e9nit\u00e9 103\nExPREFETDE LA MANCHELibert\u00e9Egalit\u00e9Fraternit\u00e9 R\u00e9c\u00e9piss\u00e9 de d\u00e9claration d'un organisme de services \u00e0 la personneenregistr\u00e9 sous le N\u00b0 SAP944471754Vu le code du travail et notamment les articles L.7231-1 \u00e0 L.7233-2, R.7232-16 \u00e0 R.7232-22,D.7231-1 et D.7233-1 \u00e0 D.7233-5;Le pr\u00e9fet de la MancheConstate :Qu'une d\u00e9claration d'activit\u00e9s de services \u00e0 la personne a \u00e9t\u00e9 d\u00e9pos\u00e9e aupr\u00e8s du serviceinstructeur de la Manche le 04/06/2025 par Madame Am\u00e9lie PARMENTIER en qualit\u00e9 dedirigeante de l'entreprise BRILLANCE ET SERENITE dont l'\u00e9tablissement principal est situ\u00e941 grande rue \u2014- 50220 DUCEY LES CHERIS et enregistr\u00e9 sous le N\u00b0 SAP944471754 pour lesactivit\u00e9s suivantes:Activit\u00e9(s) relevant uniquement de la d\u00e9claration (mode prestataire) :Entretien de la maison et travaux m\u00e9nagersCollecte et livraison \u00e0 domicile de linge repass\u00e9Livraison de courses \u00e0 domicilePr\u00e9paration de repas \u00e0 domicileToute modification concernant les activit\u00e9s exerc\u00e9es devra faire l'objet d'une d\u00e9clarationmodificative pr\u00e9alable.Sous r\u00e9serve d'\u00eatre exerc\u00e9es \u00e0 titre exclusif ces activit\u00e9s ouvrent droit au b\u00e9n\u00e9fice desdispositions des articles L.7233-2 du code du travail et L.241-10 du code de la s\u00e9curit\u00e9sociale dans les conditions pr\u00e9vues par ces articles.Les effets de la d\u00e9claration courent \u00e0 compter du jour du d\u00e9p\u00f4t de la d\u00e9claration sousr\u00e9serve des dispositions de l'article R.7232-18 du code du travail.Le pr\u00e9sent r\u00e9c\u00e9piss\u00e9 n'est pas limit\u00e9 dans le temps.L'enregistrement de la d\u00e9claration peut \u00eatre retir\u00e9 dans les conditions fix\u00e9es aux articlesR.7232-20 \u00e0 R.7232-22 du code du travail.Le pr\u00e9sent r\u00e9c\u00e9piss\u00e9 est publi\u00e9 au recueil des actes administratifs de la pr\u00e9fecture.Fait \u00e0 Cherbourg, le 16 juillet 2025La Cheffe de l'unit\u00e9 Anticipation,Accompagnement des Mutations\u00e9conomiquesSIGNEFran\u00e7oise FOUQUERAY\nDirection D\u00e9partementale de l'Emploi, du Travail et des Solidarit\u00e9s de la Manche \nBd F\u00e9lix Amiot - BP 240 \n50102 Cherbourg-en-Cotentin Cedex \n \n,\n \n\uf0b7 \n\uf0b7 \n\uf0b7 \n\uf0b7 \nDirection d\u00e9partementale de l'emploi, du travail et des solidarit\u00e9s - 50-2025-07-16-00001 - R\u00e9c\u00e9piss\u00e9 de d\u00e9claration d'un organisme de\nservices \u00e0 la personne enregistr\u00e9 sous le n\u00b0SAP944471754 - OSP Brillance et s\u00e9r\u00e9nit\u00e9 104\nDirection d\u00e9partementale de l'emploi, du travail\net des solidarit\u00e9s\n50-2025-07-08-00005\nR\u00e9c\u00e9piss\u00e9 de d\u00e9claration d'un organisme de\nservices \u00e0 la personne enregistr\u00e9 sous le\nn\u00b0SAP944865633 - OSP Justin'Service\nDirection d\u00e9partementale de l'emploi, du travail et des solidarit\u00e9s - 50-2025-07-08-00005 - R\u00e9c\u00e9piss\u00e9 de d\u00e9claration d'un organisme\nde services \u00e0 la personne enregistr\u00e9 sous le n\u00b0SAP944865633 - OSP Justin'Service 105\nEPREFETDE LA MANCHEL_ibcm'Egalit\u00e9Fraternit\u00e9\nR\u00e9c\u00e9piss\u00e9 de d\u00e9claration d'un organisme de services \u00e0 la personneenregistr\u00e9 sous le N\u00b0 SAP944865633Vu le code du travail et notamment les articles L.7231-1 \u00e0 L.7233-2, R.7232-16 \u00e0 R.7232-22, D.7231-1 et D.7233-1 \u00e0 D.7233-5;Le pr\u00e9fet de la MancheConstate :Qu'une d\u00e9claration d'activit\u00e9s de services \u00e0 la personne a \u00e9t\u00e9 d\u00e9pos\u00e9e aupr\u00e8s du serviceinstructeur de la Manche le 01/06/2025 par Madame Justine PICOT en qualit\u00e9 dedirigeante de I'entreprise JUSTIN'SERVICE dont l'\u00e9tablissement principal est situ\u00e9 1 routedu bourg BRANVILLE HAGUE - 50440 LAHAGUE et enregistr\u00e9 sous le N\u00b0 SAP944865633pour les activit\u00e9s suivantes :Activit\u00e9(s) relevant uniquement de la d\u00e9claration (mode prestataire) :Entretien de la maison et travaux m\u00e9nagersToute modification concernant les activit\u00e9s exerc\u00e9es devra faire l'objet d'uned\u00e9claration modificative pr\u00e9alable.Sous r\u00e9serve d'\u00eatre exerc\u00e9es \u00e0 titre exclusif ces activit\u00e9s ouvrent droit au b\u00e9n\u00e9fice desdispositions des articles L.7233-2 du code du travail et L.241-10 du code de la s\u00e9curit\u00e9sociale dans les conditions pr\u00e9vues par ces articles.Les effets de la d\u00e9claration courent \u00e0 compter du jour du d\u00e9p\u00f4t de la d\u00e9claration sousr\u00e9serve des dispositions de l'article R.7232-18 du code du travail.Le pr\u00e9sent r\u00e9c\u00e9piss\u00e9 n'est pas limit\u00e9 dans le temps.L'enregistrement de la d\u00e9claration peut \u00eatre retir\u00e9 dans les conditions fix\u00e9es aux articlesR.7232-20 \u00e0 R.7232-22 du code du travail.Le pr\u00e9sent r\u00e9c\u00e9piss\u00e9 est publi\u00e9 au recueil des actes administratifs de la pr\u00e9fecture.Fait \u00e0 Cherbourg, le 8 juillet 2025La Cheffe de l'unit\u00e9 Anticipation,Accompagnement des Mutations\u00e9conomiquesSIGNEFran\u00e7oise FOUQUERAY\nDirection D\u00e9partementale de l'Emploi, du Travail et des Solidarit\u00e9s de la Manche \nBd F\u00e9lix Amiot - BP 240 \n50102 Cherbourg-en-Cotentin Cedex \n \n \n \n,\n \n\uf0b7 \nDirection d\u00e9partementale de l'emploi, du travail et des solidarit\u00e9s - 50-2025-07-08-00005 - R\u00e9c\u00e9piss\u00e9 de d\u00e9claration d'un organisme\nde services \u00e0 la personne enregistr\u00e9 sous le n\u00b0SAP944865633 - OSP Justin'Service 106\nDirection d\u00e9partementale de l'emploi, du travail\net des solidarit\u00e9s\n50-2025-07-09-00010\nR\u00e9c\u00e9piss\u00e9 d\u00e9claration d'un organisme de services\n\u00e0 la personne enregistr\u00e9 sous le n\u00b0SAP943892315\n- SAS Corni\u00e8re Paysages\nDirection d\u00e9partementale de l'emploi, du travail et des solidarit\u00e9s - 50-2025-07-09-00010 - R\u00e9c\u00e9piss\u00e9 d\u00e9claration d'un organisme de\nservices \u00e0 la personne enregistr\u00e9 sous le n\u00b0SAP943892315 - SAS Corni\u00e8re Paysages 107\nEPREFETDE LA MANCHEL_ibcm'Egalit\u00e9Fraternit\u00e9\nR\u00e9c\u00e9piss\u00e9 de d\u00e9claration d'un organisme de services \u00e0 la personneenregistr\u00e9 sous le N\u00b0SAP943892315Vu le code du travail et notamment les articles L.7231-1 \u00e0 L.7233-2, R.7232-16 \u00e0 R.7232-22, D.7231-1 et D.7233-1 \u00e0 D.7233-5;Le pr\u00e9fet de la MancheConstate :Qu'une d\u00e9claration d'activit\u00e9s de services \u00e0 la personne a \u00e9t\u00e9 d\u00e9pos\u00e9e aupr\u00e8s du serviceinstructeur de la Manche le 26/05/2025 par Monsieur Geoffrey CORNIERE en qualit\u00e9 dedirigeant de l'entreprise CORNIERE PAYSAGES dont l'\u00e9tablissement principal est situ\u00e9 4rue du Cap Rex Combs et enregistr\u00e9 sous le N\u00b0943892315 pour les activit\u00e9s suivantes :Activit\u00e9(s) relevant uniquement de la d\u00e9claration (mode prestataire) :Petits travaux de jardinageTravaux de petit bricolageToute modification concernant les activit\u00e9s exerc\u00e9es devra faire l'objet d'uned\u00e9claration modificative pr\u00e9alable.Sous r\u00e9serve d'\u00eatre exerc\u00e9es \u00e0 titre exclusif ces activit\u00e9s ouvrent droit au b\u00e9n\u00e9fice desdispositions des articles L.7233-2 du code du travail et L.241-10 du code de la s\u00e9curit\u00e9sociale dans les conditions pr\u00e9vues par ces articles.Les effets de la d\u00e9claration courent \u00e0 compter du jour du d\u00e9p\u00f4t de la d\u00e9claration sousr\u00e9serve des dispositions de l'article R.7232-18 du code du travail.Le pr\u00e9sent r\u00e9c\u00e9piss\u00e9 n'est pas limit\u00e9 dans le temps.L'enregistrement de la d\u00e9claration peut \u00eatre retir\u00e9 dans les conditions fix\u00e9es aux articlesR.7232-20 \u00e0 R.7232-22 du code du travail.Le pr\u00e9sent r\u00e9c\u00e9piss\u00e9 est publi\u00e9 au recueil des actes administratifs de la pr\u00e9fecture.Fait \u00e0 Cherbourg, le 9 juillet 2025La Cheffe de l'unit\u00e9 Anticipation,Accompagnement des Mutations\u00e9conomiquesSIGNEFran\u00e7oise FOUQUERAY\nDirection D\u00e9partementale de l'Emploi, du Travail et des Solidarit\u00e9s de la Manche \nBd F\u00e9lix Amiot - BP 240 \n50102 Cherbourg-en-Cotentin Cedex \n \n \n \n,\n \n\uf0b7 \n\uf0b7 \nDirection d\u00e9partementale de l'emploi, du travail et des solidarit\u00e9s - 50-2025-07-09-00010 - R\u00e9c\u00e9piss\u00e9 d\u00e9claration d'un organisme de\nservices \u00e0 la personne enregistr\u00e9 sous le n\u00b0SAP943892315 - SAS Corni\u00e8re Paysages 108\nDirection d\u00e9partementale des finances\npubliques\n50-2025-08-01-00001\nArr\u00eat\u00e9 portant d\u00e9l\u00e9gation de signature SGCMA\nCherbourg\nDirection d\u00e9partementale des finances publiques - 50-2025-08-01-00001 - Arr\u00eat\u00e9 portant d\u00e9l\u00e9gation de signature SGCMA Cherbourg 109\nREPUBLIQUEFRANCAISELibert\u00e9Egalit\u00e9Fraternit\u00e9\nTFINANCES PUBLIQUES\nArr\u00eat\u00e9 n\u00b0 portant d\u00e9l\u00e9gation de signature\nLe comptable, responsable du service de gestion comptable (SGC) Municipal et Amendes de\nCHERBOURG EN COTENTIN\nVu le d\u00e9cret n\u00b0 2008-310 du 3 avril 2008 portant diverses dispositions relatives \u00e0 la direction\ng\u00e9n\u00e9rale des finances publiques ;\nVu le d\u00e9cret n\u00b0 2009-707 du 16 juin 2009 relatif aux services d\u00e9concentr\u00e9s de la direction g\u00e9n\u00e9rale\ndes finances publiques ;\nVu  le  d\u00e9cret  n\u00b0  2012-1246  du  7  novembre  2012  relatif  \u00e0  la  gestion  budg\u00e9taire  et  comptable\npublique, et notamment son article 16 ;\nArr\u00eate\nArticle 1er\nD\u00e9l\u00e9gation g\u00e9n\u00e9rale de signature est donn\u00e9e,  en leur qualit\u00e9 d'adjoints \u00e0 la comptable charg\u00e9e du\nservice de gestion comptable Municipal et Amendes de CHERBOURG EN COTENTIN, \u00e0 :\nMme Corinne VALLIER, inspectrice divisionnaire de classe normale\nMme B\u00e9r\u00e9nice CHEVILLOTTE, inspectrice\nM Christophe CORMIER, inspecteur\nMme Sophie ORLANDI, inspectrice\nleur est donn\u00e9, \u00e0 cet effet, pouvoir de g\u00e9rer et administrer au nom de la comptable,  en son\nabsence  ou  \u00e0  sa  demande  expresse, le  SGC  Municipal  et  Amendes  de  CHERBOURG  EN\nCOTENTIN.\nD'op\u00e9rer les recettes et les d\u00e9penses relatives \u00e0 tous les services, sans exception, de recevoir et payer\ntoutes sommes qui sont ou pourraient \u00eatre l\u00e9gitimement dues, \u00e0 quelque titre que ce soit, par tous\ncontribuables, d\u00e9biteurs ou cr\u00e9anciers, selon le cas, pour les services dont la gestion lui est confi\u00e9e,\nD'exercer toutes poursuites,  acquitter tous mandats et exiger la remise des titres,  quittances et\npi\u00e8ces justificatives prescrites par les lois et r\u00e8glements,\nDe remettre ou obtenir quittance valable pour les sommes re\u00e7ues ou pay\u00e9es, selon le cas,\nDe signer r\u00e9c\u00e9piss\u00e9s, quittances ou d\u00e9charges, de fournir tous \u00e9tats de situation et toutes autres\npi\u00e8ces demand\u00e9es par l'administration,\nDe  repr\u00e9senter  la  comptable  aupr\u00e8s  des  personnels  de  la  Poste  pour  toutes  les  op\u00e9rations\nconcern\u00e9es.\nEn cons\u00e9quence :\nDirection d\u00e9partementale des finances publiques - 50-2025-08-01-00001 - Arr\u00eat\u00e9 portant d\u00e9l\u00e9gation de signature SGCMA Cherbourg 110\n\u2022 leur est donn\u00e9 pouvoir de passer tout acte et d'effectuer d'une mani\u00e8re g\u00e9n\u00e9rale toutes les\nop\u00e9rations  qui  peuvent  se  rapporter  \u00e0  la  gestion  du  SGC  Municipal  et  Amendes  de\nCHERBOURG EN COTENTIN, leur transmettant les pouvoirs suffisants pour qu'ils puissent,\nsans le concours du comptable, mais sous sa responsabilit\u00e9, g\u00e9rer ou administrer tous les\nservices qui lui sont confi\u00e9s.\n\u2022 les autoriser \u00e0 effectuer les d\u00e9clarations de cr\u00e9ances et \u00e0 agir en justice.\n\u2022 leur donner pouvoir de prendre des d\u00e9cisions relatives aux demandes de d\u00e9lai de paiement\nconcernant les cr\u00e9ances des collectivit\u00e9s territoriales, le d\u00e9lai accord\u00e9 ne pouvant exc\u00e9der\n12 mois et porter sur une somme sup\u00e9rieure \u00e0 10 000 \u20ac ;\nArticle 2\nD\u00e9l\u00e9gation  sp\u00e9ciale  de  signature est  donn\u00e9e  aux  agents  affect\u00e9s  au  service  recouvrement\ncontentieux SPL\n\u00e0 l'effet de signer :\n1\u00b0) l'ensemble des actes relatifs au recouvrement et notamment les mises de demeure de payer et\nles actes de poursuites ;\n2\u00b0) les d\u00e9cisions relatives aux demandes de d\u00e9lai de paiement, dans les limites de dur\u00e9e et de\nmontant indiqu\u00e9es dans le tableau ci-apr\u00e8s ;\nNom de l'agent Pr\u00e9nom grade\ndur\u00e9e maximale\ndes d\u00e9lais de\npaiement\nsomme maximale pour laquelle\nun d\u00e9lai de paiement peut \u00eatre\naccord\u00e9\nPIN S\u00e9bastien agent 6 mois 2 500,00 \u20ac\nGALBADON Emilie agent 6 mois 2 500,00 \u20ac\nLEMERRE Carole Anne agent 6 mois 2 500,00 \u20ac\nASTORINO Thomas contr\u00f4leur 12 mois 5 000,00 \u20ac\nLEFAUDEUX Amaury contr\u00f4leur 12 mois 5 000,00 \u20ac\nJEANNENOT Marie-Claire contr\u00f4leur 12 mois 5 000,00 \u20ac\nPLANQUE Val\u00e9rie contr\u00f4leur 12 mois 5 000,00 \u20ac\nCORMIER Christophe inspecteur > 12 mois et/ou > \u00e0 5 000 \u20ac et < 10 000 \u20ac\nArticle 3\nLe pr\u00e9sent arr\u00eat\u00e9 sera publi\u00e9 au recueil des actes administratifs du d\u00e9partement de la Manche.\nFait \u00e0 CHERBOURG, le 1er ao\u00fbt 2025\nLe comptable du SGC de Municipal et Amendes\nde CHERBOURG EN COTENTIN\nSign\u00e9 \nGuillaume WERNERT\nAFIPA\nDirection d\u00e9partementale des finances publiques - 50-2025-08-01-00001 - Arr\u00eat\u00e9 portant d\u00e9l\u00e9gation de signature SGCMA Cherbourg 111\nDirection d\u00e9partementale des finances\npubliques\n50-2025-08-01-00002\nArr\u00eat\u00e9 portant d\u00e9l\u00e9gations de signature\nAmendes SGCMA Cherbourg \nDirection d\u00e9partementale des finances publiques - 50-2025-08-01-00002 - Arr\u00eat\u00e9 portant d\u00e9l\u00e9gations de signature Amendes SGCMA\nCherbourg 112\nREPUBLIQUEFRANCAISELibert\u00e9Egalit\u00e9Fraternit\u00e9\nTFINANCES PUBLIQUES\nArr\u00eat\u00e9 n\u00b0XXX portant d\u00e9l\u00e9gation de signature\nLe comptable, responsable du service de gestion comptable (SGC) Municipal et Amendes de\nCHERBOURG EN COTENTIN\nVu le code g\u00e9n\u00e9ral des imp\u00f4ts, et notamment l'article 408 de son annexe II et les articles 212 \u00e0 217 de \nson annexe IV ;\nVu le livre des proc\u00e9dures fiscales, et notamment les articles L. 247 et R* 247-4 et suivants ;\nVu le d\u00e9cret n\u00b0 2008-309 du 3 avril 2008 portant diverses dispositions relatives \u00e0 la direction g\u00e9n\u00e9rale \ndes finances publiques ;\nVu le d\u00e9cret n\u00b0 2009-707 du 16 juin 2009 relatif aux services d\u00e9concentr\u00e9s de la direction g\u00e9n\u00e9rale des \nfinances publiques ;\nVu le d\u00e9cret n\u00b0 2012-1246 du 7 novembre 2012 relatif \u00e0 la gestion budg\u00e9taire et comptable publique, et\nnotamment son article 16 ;\nArr\u00eate\nArticle 1er\nD\u00e9l\u00e9gation sp\u00e9ciale de signature est donn\u00e9e aux agents affect\u00e9s au service amendes\n\u00e0 l'effet de signer :\n1\u00b0) les accus\u00e9s de r\u00e9ception remis par la poste\n2\u00b0) l'ensemble des actes relatifs au recouvrement et notamment  : bordereaux de situation, actes de\npoursuites sur amendes, mises en demeure de payer. Tout acte de poursuites  \u00e0 l'exception des ventes\net d\u00e9clarations de cr\u00e9ances dans le cadre des proc\u00e9dures collectives qui seront sign\u00e9s par l'inspecteur\nen charge du service amendes ou par le chef de service.\n3\u00b0) les d\u00e9cisions relatives aux demandes de d\u00e9lai de paiement, dans les limites de dur\u00e9e et de montant\nindiqu\u00e9es dans le tableau ci-apr\u00e8s ;\nNom de l'agent Pr\u00e9nom grade\ndur\u00e9e maximale\ndes d\u00e9lais de\npaiement\nsomme maximale pour laquelle un\nd\u00e9lai de paiement peut \u00eatre\naccord\u00e9\nBLOT Amandine agent 12 mois 3 000 \u20ac\nDUQUENOY C\u00e9line agent 12  mois 3 000 \u20ac\nLECONTE Brigitte contr\u00f4leur 18 mois 5 000 \u20ac\nTIERCELET In\u00e8s contr\u00f4leur 18 mois 5 000 \u20ac\nCHEVILLOTTE B\u00e9r\u00e9nice inspecteur > 12 mois et/ou > \u00e0 5 000 \u20ac et < 20 000 \u20ac\nArticle 3\nLe pr\u00e9sent arr\u00eat\u00e9 sera applicable d\u00e8s sa publication au recueil des actes administratifs du d\u00e9partement\nde la Manche.\nFait \u00e0 CHERBOURG, le 1er ao\u00fbt 2025\nLa comptable du SGC de Municipal et Amendes de\nCHERBOURG EN COTENTIN\nSIGN\u00c9\nGuillaume WERNERT\nAFIPA\nDirection d\u00e9partementale des finances publiques - 50-2025-08-01-00002 - Arr\u00eat\u00e9 portant d\u00e9l\u00e9gations de signature Amendes SGCMA\nCherbourg 113\nDirection d\u00e9partementale des finances\npubliques\n50-2025-08-01-00003\nListe rectifi\u00e9e des responsables de service\ndisposant de la d\u00e9l\u00e9gation de signature en\nmati\u00e8re de contentieux et de gracieux fiscal\npr\u00e9vue par le III de l'article 408 de l'annexe II au\ncode g\u00e9n\u00e9ral des imp\u00f4ts au 1er ao\u00fbt 2025\nDirection d\u00e9partementale des finances publiques - 50-2025-08-01-00003 - Liste rectifi\u00e9e des responsables de service disposant de la\nd\u00e9l\u00e9gation de signature en mati\u00e8re de contentieux et de gracieux fiscal pr\u00e9vue par le III de l'article 408 de l'annexe II au code g\u00e9n\u00e9ral\ndes imp\u00f4ts au 1er ao\u00fbt 2025\n114\nListe rectifi\u00e9e des responsables de service disposant de la d\u00e9l\u00e9gation de signature en mati\u00e8re de contentieux et de gracieux fiscal\npr\u00e9vue par le III de l'article 408 de l'annexe II au code g\u00e9n\u00e9ral des imp\u00f4ts au 1er ao\u00fbt 2025\nNom \u2013 Pr\u00e9nom Responsables de service\nBOTTE Philippe\nMAIRE Patrick\nROUSSEL Florian\nService des Imp\u00f4ts des Particuliers\nAvranches, dont antenne du SIP implant\u00e9e \u00e0 Mortain\nCherbourg\nSaint-L\u00f4, dont antenne du SIP implant\u00e9e \u00e0 Coutances\nGUISNEL Yann\nHELIE C\u00e9line\nLECCIA Bertrand\nService des Imp\u00f4ts des Entreprises\nAvranches\nCherbourg\nSaint-L\u00f4, dont antenne du SIE implant\u00e9e \u00e0 Coutances\nRAYNAUD Sylvain Service de la Publicit\u00e9 Fonci\u00e8re et de l'Enregistrement de la Manche\nPICOT Vincent\nBrigade D\u00e9partementale de V\u00e9rification de la Manche :\nSi\u00e8ge de Saint-L\u00f4 et antennes d'Avranches et de Cherbourg\nROYER Benjamin Brigade de Contr\u00f4le et de Recherche\nWERNERT Guillaume Service de Gestion Comptable Municipal et Amendes de Cherbourg\nPARADIS Arnold\nP\u00f4le de Contr\u00f4le et d'Expertise de la Manche :\nSi\u00e8ge de Saint-L\u00f4 et antennes d'Avranches et de Cherbourg\nMOTTAIS Sandrine P\u00f4le de Recouvrement Sp\u00e9cialis\u00e9 de la Manche\nMESSAGER Maryline\nP\u00f4le de Contr\u00f4le des Revenus et du Patrimoine :\nSi\u00e8ge de Saint-L\u00f4 et antenne d'Avranches\nQUILLIOT Christophe\nService des Imp\u00f4ts Foncier de la Manche :\nSi\u00e8ge de Coutances et antennes d'Avranches et de Cherbourg\nDirection d\u00e9partementale des finances publiques - 50-2025-08-01-00003 - Liste rectifi\u00e9e des responsables de service disposant de la\nd\u00e9l\u00e9gation de signature en mati\u00e8re de contentieux et de gracieux fiscal pr\u00e9vue par le III de l'article 408 de l'annexe II au code g\u00e9n\u00e9ral\ndes imp\u00f4ts au 1er ao\u00fbt 2025\n115\nDirection d\u00e9partementale des territoires et de la\nmer\n50-2025-05-06-00002\nArr\u00eat\u00e9 compl\u00e9mentaire relatif \u00e0 l'Arr\u00eat\u00e9\nN\u00b02023-DDTM-SE-0101 portant d\u00e9claration\nd'int\u00e9r\u00eat g\u00e9n\u00e9ral au titre de l'article l.211-7 du\ncode de l'environnement de travaux issus du\nprogramme de restauration des cours d'eau du\nbassin versant du Merderet\nDirection d\u00e9partementale des territoires et de la mer - 50-2025-05-06-00002 - Arr\u00eat\u00e9 compl\u00e9mentaire relatif \u00e0 l'Arr\u00eat\u00e9\nN\u00b02023-DDTM-SE-0101 portant d\u00e9claration d'int\u00e9r\u00eat g\u00e9n\u00e9ral au titre de l'article l.211-7 du code de l'environnement de travaux issus du\nprogramme de restauration des cours d'eau du bassin versant du Merderet\n116\nPREFETDE LA MANCHELibert\u00e9\u00c9galit\u00e9Fraternit\u00e9\nDirection\nd\u00e9partementale\ndes territoires et de la mer\nService Environnement\nUnit\u00e9 Eaux et Milieux Aquatiques\nN\u00b02025-DDTM-SE-076\nArr\u00eat\u00e9 compl\u00e9mentaire\n Relatif \u00e0 l'Arr\u00eat\u00e9 N\u00b02023-DDTM-SE-0101\nportant d\u00e9claration d'int\u00e9r\u00eat g\u00e9n\u00e9ral\nau titre de l'article l.211-7 du code de l'environnement\nde travaux issus du programme de restauration des cours d'eau \ndu bassin versant du Merderet\nLe directeur d\u00e9partemental des territoires et de la mer,\nVu le Code Rural et de la p\u00eache maritime, en particulier les articles L. 151-36 et L. 151-\n37 ;\nVu le Code de l'Environnement, en particulier les articles L.110-1, L.120-1 et suivants,\nL.211-1, L.211-7 , L.211-7-1, L.435-5 ;\nVu la loi du 29 d\u00e9cembre 1892 sur les dommages caus\u00e9s \u00e0 la propri\u00e9t\u00e9 priv\u00e9e par\nl'ex\u00e9cution des travaux publics, en particulier l'article 3 ;\nVu l'article  35  de  la  loi  n\u00b02015-991  du 7  ao\u00fbt  2015  portant  nouvelle  organisation\nterritoriale de la R\u00e9publique ;\nVu l'arr\u00eat\u00e9  pr\u00e9fectoral  n\u00b013-22-CL  en  date  du 4  avril  2013  portant  cr\u00e9ation  de  la\ncommunaut\u00e9 de communes Baie du Cotentin, issue de la fusion des communaut\u00e9s de\ncommunes  de  Carentan  En  Cotentin  et  Sainte  M\u00e8re  Eglise  et  de  l'adh\u00e9sion  des\ncommunes de Houtteville, Montmartin En Graignes et Tribehou ;\nVu l'Arr\u00eat\u00e9 n\u00b02024-16-VN du 4 juillet 2024 donnant d\u00e9l\u00e9gation de signature \u00e0 Monsieur\nGuillaume BARRON ;\nVu l'Arr\u00eat\u00e9 n\u00b0 DDTM-DIR-2025-05 du 15 avril 2025 donnant subd\u00e9l\u00e9gation de signature\nde M. Guillaume BARRON \u00e0 certains de ses collaborateurs ;\nVu la d\u00e9lib\u00e9ration du conseil communautaire de la communaut\u00e9 de communes Baie\ndu  Cotentin  du  18  d\u00e9cembre  2024  approuvant  le  programme  pluriannuel  de\nrestauration des cours d'eau du bassin versant du Merderet ;\nVu l'arr\u00eat\u00e9 prefectoral n\u00b02023-DDTM-SE-0101 portant d\u00e9claration d'int\u00e9r\u00eat g\u00e9n\u00e9ral au titre\nde l'article l.211-7 du code de l'environnement de travaux issus du programme de restauration\ndes cours d'eau du bassin versant du merderet, sign\u00e9 le 13 juillet 2023 ;\n                                                                                                                                                                                               Page 1/3\n477 Boulevard de la Doll\u00e9e \u2013 BP 60355 \u2013 50015 Saint-L\u00f4 Cedex \u2013 T\u00e9l : 02 33 06 39 00 \u2013 Fax : 02 33 06 39 09\nSite internet : www.manche.gouv.fr \u2013 Horaires d'ouverture au public : 09h00-12h00 / 13h30-16h30\nDirection d\u00e9partementale des territoires et de la mer - 50-2025-05-06-00002 - Arr\u00eat\u00e9 compl\u00e9mentaire relatif \u00e0 l'Arr\u00eat\u00e9\nN\u00b02023-DDTM-SE-0101 portant d\u00e9claration d'int\u00e9r\u00eat g\u00e9n\u00e9ral au titre de l'article l.211-7 du code de l'environnement de travaux issus du\nprogramme de restauration des cours d'eau du bassin versant du Merderet\n117\nVu le dossier constitu\u00e9 conform\u00e9ment aux dispositions de l'article R. 151-40 du Code\nRural et de la p\u00eache maritime et enregistr\u00e9 sous le n\u00b0 0100285298 ;\nVu l'absence de remarque de la part du Pr\u00e9sident de la communaut\u00e9 de communes\nBaie du Cotentin lors de la phase contradictoire ;\nConsid\u00e9rant que  les  travaux  ayant  pour  objet  la  restauration  des  fonctionnalit\u00e9s\nnaturelles des milieux aquatiques permet de garantir l'\u00e9coulement naturel des eaux et\nde contribuer \u00e0 son bon \u00e9tat \u00e9cologique dans le respect de l'article L.211-1 du Code\nde l'Environnement ;\nConsid\u00e9rant que  tout  travaux  sur  cours d'eau relevant  d'une  d\u00e9claration  d'int\u00e9r\u00eat\ng\u00e9n\u00e9ral doit se conformer aux articles L 110-1, L 120-1 et suivants, L 211-1, L 211-7 , L 211-7-\n1 et L 435-5 ;\nA R R \u00ca T E\nArticle 1 : P\u00e9rim\u00e8tre des travaux\nLes travaux d\u00e9clar\u00e9s d'int\u00e9r\u00eat g\u00e9n\u00e9ral par l'arr\u00eat\u00e9 prefectoral n\u00b0 2023-DDTM-SE-0101\nse focalisent sur les cours d'eau :\n- Le Merderet,\n- Le Saint Cyr,\n- La F\u00e9ricotterie,\n- Les Heutes,\n- Les Vignets,\n- Le By,\n- Le Moulinet.\nArticle 2 : Dur\u00e9e des travaux\nLes travaux sont envisag\u00e9s sur la p\u00e9riode 2025-2027\nArticle 3 : Information \u00e0 la DDTM\nToute modification ou demande de prorogation de cette dur\u00e9e doit \u00eatre valid\u00e9e\npar la DDTM\nArticle 4 : Publication\nLe pr\u00e9sent arr\u00eat\u00e9 est publi\u00e9 aux recueils des actes administratifs de la pr\u00e9fecture. Il\nest \u00e9galement consultable pendant une dur\u00e9e d'un an sur le portail Internet des\nservices de l'\u00c9tat dans la Manche.\nUne copie dudit arr\u00eat\u00e9 est d\u00e9pos\u00e9e en mairies de  Sainte-M\u00e8re-l'\u00c9glise, Neuville-au-\nPlain, Picauville, S\u00e9beville, Turqueville, Carquebut et Beuzeville-la-Bastille pour mise \u00e0\ndisposition  de  toute  personne  int\u00e9ress\u00e9e ;  elle  est  affich\u00e9e  dans  ces  communes\npendant une dur\u00e9e minimale d'un mois.\n                                                                                                                                                                                               Page 2/3\nDirection d\u00e9partementale des territoires et de la mer - 50-2025-05-06-00002 - Arr\u00eat\u00e9 compl\u00e9mentaire relatif \u00e0 l'Arr\u00eat\u00e9\nN\u00b02023-DDTM-SE-0101 portant d\u00e9claration d'int\u00e9r\u00eat g\u00e9n\u00e9ral au titre de l'article l.211-7 du code de l'environnement de travaux issus du\nprogramme de restauration des cours d'eau du bassin versant du Merderet\n118\nUn avis est ins\u00e9r\u00e9 par les soins du pr\u00e9fet et aux frais des permissionnaires dans la\npresse locale. \nArticle 5 : voies et d\u00e9lai de recours\nLe pr\u00e9sent arr\u00eat\u00e9 peut faire l'objet d'un recours devant le tribunal administratif de\nCaen \u00e0 compter de sa publication au recueil des actes administratifs de la pr\u00e9fecture\nde la Manche, par les permissionnaires dans un d\u00e9lai de deux mois et par les tiers,\npersonnes  physiques  ou  morales  dans  un  d\u00e9lai  d'un  an  devant  la  juridiction\nadministrative. \nLe  tribunal  administratif  peut  aussi  \u00eatre  saisi  par  l'application  informatique\n\u00ab T\u00e9l\u00e9recours Citoyens \u00bb accessible par le site internet www.telerecours.fr\nToutefois, si le d\u00e9but des travaux n'est pas intervenu six mois apr\u00e8s la publication ou\nl'affichage de ces d\u00e9cisions, le d\u00e9lai de recours continue \u00e0 courir jusqu'\u00e0 l'expiration\nd'une p\u00e9riode de six mois apr\u00e8s ce d\u00e9but des travaux.\nArticle 6 : Ex\u00e9cution\nLa secr\u00e9taire g\u00e9n\u00e9rale de la pr\u00e9fecture de la Manche, le sous-pr\u00e9fet de Cherbourg, le\ndirecteur d\u00e9partemental des territoires et de la mer, le pr\u00e9sident de la communaut\u00e9\nde communes de la Baie du Cotentin, le d\u00e9l\u00e9gu\u00e9 d\u00e9partemental de l'office fran\u00e7ais de\nla biodiversit\u00e9 sont charg\u00e9s chacun en ce qui le concerne de l'ex\u00e9cution du pr\u00e9sent\narr\u00eat\u00e9, qui  sera  ins\u00e9r\u00e9  au  recueil  des  actes  administratifs  de  la  pr\u00e9fecture  de  la\nManche.  \n\u00c0 Saint-L\u00f4, le 6 mai 2025\nPour le Pr\u00e9fet et par d\u00e9l\u00e9gation,\nPour le directeur d\u00e9partemental des\nterritoires et de la mer de la Manche, \nLe chef du Service Environnement,\nSign\u00e9\nOlivier CATTIAUX\n                                                                                                                                                                                               Page 3/3\n477 Boulevard de la Doll\u00e9e \u2013 BP 60355 \u2013 50015 Saint-L\u00f4 Cedex \u2013 T\u00e9l : 02 33 06 39 00 \u2013 Fax : 02 33 06 39 09\nSite internet : www.manche.gouv.fr \u2013 Horaires d'ouverture au public : 09h00-12h00 / 13h30-16h30\nDirection d\u00e9partementale des territoires et de la mer - 50-2025-05-06-00002 - Arr\u00eat\u00e9 compl\u00e9mentaire relatif \u00e0 l'Arr\u00eat\u00e9\nN\u00b02023-DDTM-SE-0101 portant d\u00e9claration d'int\u00e9r\u00eat g\u00e9n\u00e9ral au titre de l'article l.211-7 du code de l'environnement de travaux issus du\nprogramme de restauration des cours d'eau du bassin versant du Merderet\n119\nDirection d\u00e9partementale des territoires et de la\nmer\n50-2025-07-23-00009\nArr\u00eat\u00e9 N\u00b0 2025-DDTM-SE-141 d\u00e9finissant les\ndates d'ouverture et de cl\u00f4ture de la chasse pour\nla campagne 2025-2026 dans le d\u00e9partement de\nla Manche\nDirection d\u00e9partementale des territoires et de la mer - 50-2025-07-23-00009 - Arr\u00eat\u00e9 N\u00b0 2025-DDTM-SE-141 d\u00e9finissant les dates\nd'ouverture et de cl\u00f4ture de la chasse pour la campagne 2025-2026 dans le d\u00e9partement de la Manche 120\nEnPREFETDE LA MANCHELibert\u00e9\u00c9galit\u00e9Fraternit\u00e9\nDirection\nd\u00e9partementale\ndes territoires et de la mer\nService Environnement\nUnit\u00e9 For\u00eat Nature Biodiversit\u00e9\nN\u00b0 2025-DDTM-SE-141\nArr\u00eat\u00e9 d\u00e9finissant les dates d'ouverture et de cl\u00f4ture de la chasse \npour la campagne 2025-2026 dans le d\u00e9partement de la Manche\nLE PR\u00c9FET DE LA MANCHE\nChevalier de la L\u00e9gion d'Honneur\nChevalier de l'Ordre National du M\u00e9rite\nVu le code de l'environnement  et  notamment les  articles L.424-2 et  suivants, et  R.424-1 \u00e0\nR.424-9, R425-1-1, R 425-18 \u00e0 R 425-20 ;\nVu l'arr\u00eat\u00e9 minist\u00e9riel du 1er ao\u00fbt 1986 relatif \u00e0 divers proc\u00e9d\u00e9s de chasse, modifi\u00e9 ;\nVu l'arr\u00eat\u00e9 minist\u00e9riel du 31 mai 2011 relatif au pr\u00e9l\u00e8vement maximal autoris\u00e9 de la b\u00e9casse\ndes bois ;\nVu l'arr\u00eat\u00e9 minist\u00e9riel du 5 octobre 2020 relatif \u00e0 la s\u00e9curit\u00e9 en mati\u00e8re cyn\u00e9g\u00e9tique ;\nVu le Sch\u00e9ma D\u00e9partemental de Gestion Cyn\u00e9g\u00e9tique, approuv\u00e9 par arr\u00eat\u00e9 pr\u00e9fectoral du\n20 septembre 2024 ;\nVu l'avis de la commission d\u00e9partementale de la chasse et de la faune sauvage en date du\n19 juin 2025 ;\nVu la consultation publique du 21 juin au 12 juillet 2025 ;\nVu l'avis de la f\u00e9d\u00e9ration d\u00e9partementale des chasseurs ;\nVu l'avis du directeur d\u00e9partemental des territoires et de la mer ;\nSur proposition de la secr\u00e9taire g\u00e9n\u00e9rale de la pr\u00e9fecture,\n ARRETE\nArticle 1 : La p\u00e9riode d'ouverture g\u00e9n\u00e9rale de la chasse \u00e0 tir et de la chasse au vol est fix\u00e9e pour\nle d\u00e9partement de la Manche du 28 septembre 2025 au 28 f\u00e9vrier 2026 inclus.\nArticle 2  : Par d\u00e9rogation \u00e0 l'article 1er ci-dessus, les esp\u00e8ces de gibier figurant au tableau ci-\napr\u00e8s ne peuvent \u00eatre chass\u00e9es que pendant les p\u00e9riodes comprises entre les dates et aux\nconditions sp\u00e9cifiques de chasse suivantes :\n \nDirection d\u00e9partementale des territoires et de la mer - 50-2025-07-23-00009 - Arr\u00eat\u00e9 N\u00b0 2025-DDTM-SE-141 d\u00e9finissant les dates\nd'ouverture et de cl\u00f4ture de la chasse pour la campagne 2025-2026 dans le d\u00e9partement de la Manche 121\nEsp\u00e8ces de gibier Ouverture Cl\u00f4ture Conditions sp\u00e9cifiques de chasse\nGibier s\u00e9dentaire\n. cerf \u00e9laphe \u2013 chevreuil\n- daim\n \n. cerf sika\n \n28/09/2025\n \n28/09/2025\n \n28/02/2026\n \n28/02/2026\nPour  les  b\u00e9n\u00e9ficiaires  d'une  autorisation\npr\u00e9fectorale de chasse anticip\u00e9e, et dans les\nconditions  fix\u00e9es  par  arr\u00eat\u00e9  pr\u00e9fectoral\nsp\u00e9cifique ouverture le  1er  juin  2025 pour\nchevreuils et daims et le 1er septembre 2025\npour les cerfs \u00e9laphe\nLi\u00e8vre 28/09/2025 19/10/2025 Sauf dans les conditions d\u00e9finies \u00e0 l'article 3\nPerdrix grise & perdrix \nrouge\n faisan\n28/09/2025\n \n28/09/2025\n04/01/2026\n04/01/2026\nSauf dans les conditions d\u00e9finies \u00e0 l'article 3\nLapin 28/09/2025 04/01/2026 Conditions pr\u00e9cis\u00e9es \u00e0 l'article 3.1\n28/02/2026 uniquement sur les secteurs o\u00f9 le lapin est\nclass\u00e9 susceptible d'occasionner des d\u00e9g\u00e2ts\nSanglier 28/09/2025 31/05/2026 Ouverture  anticip\u00e9e  dans  les  conditions\nfix\u00e9es par arr\u00eat\u00e9 pr\u00e9fectoral sp\u00e9cifique.  \nDu 1er avril au 31 mai, la chasse du sanglier\nne  peut  \u00eatre  pratiqu\u00e9e  que  pour  la\nprotection  des  semis,  \u00e0  l'aff\u00fbt  ou  \u00e0\nl'approche,  apr\u00e8s  autorisation  pr\u00e9fectorale\nd\u00e9livr\u00e9e au d\u00e9tenteur du droit de chasse. Le\nb\u00e9n\u00e9ficiaire  de  l'autorisation  adresse  au\npr\u00e9fet avant le 1er juillet de la m\u00eame ann\u00e9e\nle bilan des effectifs pr\u00e9lev\u00e9s. \nRagondins  \u2013  rats\nmusqu\u00e9s\n28/09/2025 28/02/2026 Tir des ragondins et rats musqu\u00e9s autoris\u00e9\ntous les jours, y compris le vendredi dans les\nzones humides\nCes dispositions ne s'appliquent pas \u00e0 la chasse \u00e0 courre, ni \u00e0 la chasse au vol.\nPour les autres esp\u00e8ces de gibier s\u00e9dentaire, hors gibier d'eau, les dates d\u00e9finies \u00e0 l'article 1\ns'appliquent.\n Article 3 :\n 3.1 \u2013 Dispositions g\u00e9n\u00e9rales\nMesures de s\u00e9curit\u00e9\nLe port d'un gilet ou d'une veste visible orange fluorescent est obligatoire pour toute action de\nchasse \u00e0 tir \u00e0 balles, sauf pour la chasse \u00e0 l'approche ou \u00e0 l'aff\u00fbt en p\u00e9riode d'ouverture\nanticip\u00e9e ou hors des limitations horaires d\u00e9finies ci-apr\u00e8s (\u00a7 heures de chasse). En outre, en\nvertu de l'article L.424-15 du Code de l'environnement et de l'arr\u00eat\u00e9 du 5 octobre 2020 relatif \u00e0\nla s\u00e9curit\u00e9 en mati\u00e8re cyn\u00e9g\u00e9tique , le port d'un gilet ou d'une veste orange fluorescent est\nobligatoire en action collective de chasse \u00e0 tir au grand gibier pour tous les participants, y\ncompris les personnes non arm\u00e9es.\nDirection d\u00e9partementale des territoires et de la mer - 50-2025-07-23-00009 - Arr\u00eat\u00e9 N\u00b0 2025-DDTM-SE-141 d\u00e9finissant les dates\nd'ouverture et de cl\u00f4ture de la chasse pour la campagne 2025-2026 dans le d\u00e9partement de la Manche 122\nProc\u00e9d\u00e9 de chasse\nLa chasse du lapin peut \u00eatre pratiqu\u00e9e \u00e0 l'aide du furet sur l'ensemble du d\u00e9partement.\nJours de chasse\nAfin de favoriser la protection et le repeuplement du gibier  : tout acte de chasse est interdit le\nvendredi de chaque semaine de l'ouverture g\u00e9n\u00e9rale au 31 mai de la pr\u00e9sente campagne,\nexcept\u00e9 les jours f\u00e9ri\u00e9s.  Cette interdiction ne s'applique pas \u00e0 la chasse au gibier d'eau, ni \u00e0 la\nchasse au vol, ni \u00e0 la v\u00e9nerie sous terre du blaireau. Elle ne s'applique pas non plus \u00e0 la chasse\nde l'\u00e9tourneau  sansonnet, \u00e0 moins  de 250 m\u00e8tres  autour  des installations de stockage de\nl'ensilage.\nEn ce qui concerne le li\u00e8vre (hors plan de chasse et plan de gestion, chasse \u00e0 courre ou au vol),\nla chasse est interdite tous les jours sauf le dimanche et le premier jeudi de la saison de chasse. \nHeures de chasse\nDes limitations des horaires de chasse s'appliquent aux p\u00e9riodes ci-apr\u00e8s :\n. du 28 septembre au 25 octobre 2025 inclus de 9 heures \u00e0 19 heures\n. du 26 octobre au 04 janvier 2026 inclus. de 9 heures \u00e0 17 heures 30 \n. du 05 janvier au 28 f\u00e9vrier 2026 de 9 heures \u00e0 18 heures 15\n \nCette mesure de limitation horaire ne s'applique pas \u00e0 la chasse \u00e0 l'approche et \u00e0 l'aff\u00fbt des\ngrands animaux, ni pour la chasse aux ragondins et aux rats musqu\u00e9s dans et \u00e0 moins de 50\nm\u00e8tres  des  fleuves,  rivi\u00e8res,  canaux,  lacs,  \u00e9tangs,  marais,  digues,  polders  et  ouvrages\nhydrauliques.  Les  limitations  des  horaires  ne  s'appliquent  pas  non  plus  \u00e0  la  chasse  de\nl'\u00e9tourneau  sansonnet,  \u00e0  moins  de  250  m\u00e8tres  autour  des  installations  de  stockage  de\nl'ensilage,  avec  l'accord  du  d\u00e9tenteur  du  droit  de  chasse,  et  durant  toutes  les  p\u00e9riodes\nd'ouverture de la chasse de l'esp\u00e8ce.\n 3.2. \u2013 Limitations particuli\u00e8res de la p\u00e9riode de chasse\nLi\u00e8vre\nHors plan de chasse et plan de gestion, dans les communes list\u00e9es dans  l'annexe  jointe au\npr\u00e9sent arr\u00eat\u00e9, le tir du li\u00e8vre n'est autoris\u00e9 que les jours marqu\u00e9s d'une croix.\nLes noms suivis d'une petite \u00e9toile * correspondent aux territoires des anciennes communes\n 3.3 - Limitation de capture\nLi\u00e8vre\nHors plan de chasse et plan de gestion, un pr\u00e9l\u00e8vement maximum autoris\u00e9 est institu\u00e9 pour le\nli\u00e8vre. Ce P .M.A. est de 1 li\u00e8vre par chasseur pour la saison.\nChaque pr\u00e9l\u00e8vement devra \u00eatre enregistr\u00e9 avant tout transport de la prise sur un carnet de\npr\u00e9l\u00e8vement attribu\u00e9 individuellement et mentionnant le nom du chasseur. Le bracelet de\nmarquage annex\u00e9 au carnet de pr\u00e9l\u00e8vement devra \u00eatre appos\u00e9 sur une patte de l'animal avant\ntout d\u00e9placement. La languette d\u00e9tachable du bracelet devra \u00eatre coll\u00e9e sur le carnet de\npr\u00e9l\u00e8vement dans la case correspondant au jour de pr\u00e9l\u00e8vement. Le carnet de pr\u00e9l\u00e8vement\ndevra \u00eatre retourn\u00e9 avant le  10 mars  2026 \u00e0 la f\u00e9d\u00e9ration des chasseurs de la Manche. Tout\nchasseur qui n'aura pas retourn\u00e9 son carnet ne pourra pas en obtenir un pour la campagne\ncyn\u00e9g\u00e9tique suivante.\nDirection d\u00e9partementale des territoires et de la mer - 50-2025-07-23-00009 - Arr\u00eat\u00e9 N\u00b0 2025-DDTM-SE-141 d\u00e9finissant les dates\nd'ouverture et de cl\u00f4ture de la chasse pour la campagne 2025-2026 dans le d\u00e9partement de la Manche 123\nLe carnet de pr\u00e9l\u00e8vement devra \u00eatre pr\u00e9sent\u00e9 \u00e0 toute r\u00e9quisition des agents habilit\u00e9s aux\ncontr\u00f4les.\nCes carnets et dispositifs de marquage seront d\u00e9livr\u00e9s par la f\u00e9d\u00e9ration des chasseurs de la\nManche.\nB\u00e9casse \nLe P .M.A. national fix\u00e9 \u00e0 30 b\u00e9casses par chasseur, par saison de chasse, s'appliquera \u00e0 raison de\n6 oiseaux pr\u00e9lev\u00e9s au maximum par semaine, et 2 oiseaux maximum par jour et par chasseur. Il\nest rappel\u00e9 que chaque chasseur doit retourner son carnet de pr\u00e9l\u00e8vement \u00e0 la f\u00e9d\u00e9ration\nd\u00e9partementale des chasseurs avant le 30 juin. M\u00eame en l'absence de pr\u00e9l\u00e8vement de b\u00e9casse,\nle retour du carnet est obligatoire. Tout chasseur qui n'aura pas retourn\u00e9 son carnet ne pourra\npas en obtenir un pour la campagne cyn\u00e9g\u00e9tique suivante.\n Gibier d'eau\nIl est institu\u00e9 un Pr\u00e9l\u00e8vement Quantitatif de Gestion (PQG), pour la chasse des anatid\u00e9s  dans\nles  installations  autoris\u00e9es  \u00e0  chasser  la  nuit.  Ce  PQG  fixe  \u00e0  25  canards  la  limite  des\npr\u00e9l\u00e8vements, par installation de chasse de nuit autoris\u00e9e et pour l'ensemble des utilisateurs\nde ladite installation, par p\u00e9riode de 24 heures, de midi \u00e0 midi, que les pr\u00e9l\u00e8vements soient\neffectu\u00e9s de l'int\u00e9rieur ou de l'ext\u00e9rieur de l'installation sur le territoire de chasse qui l'englobe.\nCette limite de pr\u00e9l\u00e8vement s'applique d\u00e8s le jour de l'ouverture de la chasse, entre l'heure\nd'ouverture et midi.\nLes oiseaux pr\u00e9lev\u00e9s doivent \u00eatre not\u00e9s, par esp\u00e8ce et par p\u00e9riode de 24 heures, sur un \u00ab carnet\nde pr\u00e9l\u00e8vement \u00bb d\u00e9livr\u00e9 par la F\u00e9d\u00e9ration des Chasseurs de la Manche. Ce carnet doit rester\ndans l'installation, pr\u00e9sent\u00e9 \u00e0 tout contr\u00f4le et retourn\u00e9, au plus tard le 31 mars 2026 , \u00e0 cette\nm\u00eame F\u00e9d\u00e9ration.\nA la fin de la p\u00e9riode de 24 heures, les oiseaux pr\u00e9lev\u00e9s doivent \u00eatre \u00e9vacu\u00e9s de l'installation.\n3.4 \u2013 Plan de chasse\nLi\u00e8vre\nLes  b\u00e9n\u00e9ficiaires  de  plan  de  chasse  seront  autoris\u00e9s  \u00e0  chasser  le  li\u00e8vre  sur  les  territoires\nconcern\u00e9s :\n- de l'ouverture g\u00e9n\u00e9rale au 26 octobre 2025 inclus pour les communes de  CEAUX,\nMARCEY-LES-GREVES,  SAINT-BRICE  DE  LANDELLES  et  SAINT-CLEMENT-RANCOUDRAY,\nDOVILLE et ANNOVILLE.\n- du 19 octobre au 16 novembre 2025 inclus pour les communes BEUVRIGNY, CARNET,\nCHAVOY, PLOMB*, POILLEY, SAINT-GERMAIN-SUR-AY.\nSur le territoire de ces communes la chasse du li\u00e8vre s'effectuera dans la limite d'attribution du\nplan de chasse : le bracelet r\u00e9glementaire pr\u00e9vu par le plan de chasse sera appos\u00e9 sur les li\u00e8vres\ntu\u00e9s avant la mise au carnier.\n 3.5 \u2013 Plan de gestion\nLi\u00e8vre\nLes d\u00e9tenteurs b\u00e9n\u00e9ficiant d'un plan de gestion auront le choix entre les 2 p\u00e9riodes de chasse :\nde l'ouverture g\u00e9n\u00e9rale au 26 octobre 2025 inclus, ou du 19 octobre au 16 novembre 2025\ninclus.  Ils  devront  avant  tout  d\u00e9placement  apposer  sur  une  patte  de  l'animal  le  bracelet\nr\u00e9glementaire remis par la F\u00e9d\u00e9ration D\u00e9partementale des Chasseurs de La Manche.\nDirection d\u00e9partementale des territoires et de la mer - 50-2025-07-23-00009 - Arr\u00eat\u00e9 N\u00b0 2025-DDTM-SE-141 d\u00e9finissant les dates\nd'ouverture et de cl\u00f4ture de la chasse pour la campagne 2025-2026 dans le d\u00e9partement de la Manche 124\nLes bracelets de marquage non utilis\u00e9s relatifs \u00e0 l'application des plans de chasse et des plans\nde  gestion,  ainsi  que  la  fiche  de  pr\u00e9l\u00e8vement  d\u00fbment  remplie, seront  imp\u00e9rativement\nretourn\u00e9s  pour  le  15  d\u00e9cembre  2025 dernier  d\u00e9lai,  \u00e0  la  f\u00e9d\u00e9ration  d\u00e9partementale  des\nchasseurs de la Manche \u2013 31 Rue des Aumones \u2013 SAINT ROMPHAIRE \u2013 50750 BOURGVALLEES.\nFaisan et perdrix\nLe tir  de la  poule faisane  est ferm\u00e9  sur  l'ensemble des communes du d\u00e9partement  de la\nManche.\nLa chasse des perdrix et faisans est interdite tous les jours sauf les jeudis, dimanches et jours\nf\u00e9ri\u00e9s. Cette restriction ne s'applique pas aux \u00e9preuves cynophiles sur gibier de l\u00e2cher d\u00fbment\nautoris\u00e9es par l'autorit\u00e9 administrative.\nArticle 4 : La chasse en temps de neige est interdite.\nElle est toutefois autoris\u00e9e pour :\n1) la chasse au gibier d'eau :\n- en zone de chasse maritime,\n- dans les marais non ass\u00e9ch\u00e9s,\n-  sur  les  fleuves,  rivi\u00e8res,  canaux,  r\u00e9servoirs,  lacs,  \u00e9tangs  et  nappes  d'eau  ;  la\nrecherche et le tir de ces gibiers ne sont autoris\u00e9s qu'\u00e0 distance maximale de trente m\u00e8tres\nde la nappe d'eau ;\n2) l'application du plan de chasse l\u00e9gal du grand gibier ;\n3) la chasse \u00e0 courre et la v\u00e9nerie sous terre ;\n4) la chasse du renard et du sanglier ;\n5) la chasse des ragondins et des rats musqu\u00e9s ;\nArticle 5 : Le pr\u00e9sent arr\u00eat\u00e9 peut \u00eatre contest\u00e9 dans les deux mois qui suivent sa publication :\n-  par recours gracieux aupr\u00e8s de l'auteur de l'acte, le silence gard\u00e9 par l'administration\npendant plus de deux mois sur la demande de recours gracieux emportant d\u00e9cision implicite\nde rejet,\n-  par recours contentieux aupr\u00e8s du tribunal administratif de Caen, le d\u00e9lai de recours\ngracieux \u00e9tant interruptif du d\u00e9lai de recours contentieux. Le tribunal administratif peut \u00eatre\nsaisi  par  l'application  informatique   T\u00e9l\u00e9recours  citoyens   accessible  par  le  site  internet\uf100 \uf101\nwww.telerecours.fr\nArticle 6  : La secr\u00e9taire g\u00e9n\u00e9rale de la pr\u00e9fecture, les sous-pr\u00e9fets d'Avranches, de Coutances\net de Cherbourg, le directeur d\u00e9partemental des territoires et de la mer, le commandant du\ngroupement  de  gendarmerie,  le  chef  du  service  d\u00e9partemental  de  l'Office  Fran\u00e7ais  de  la\nBiodiversit\u00e9 sont charg\u00e9s, chacun en ce qui le concerne, de l'ex\u00e9cution du pr\u00e9sent arr\u00eat\u00e9, qui\nsera  publi\u00e9  au  recueil des  actes  administratifs  de la  pr\u00e9fecture et  affich\u00e9 dans  toutes  les\ncommunes.\n\u00c0 Saint L\u00f4, le 23 juillet 2025\nSign\u00e9 \nLe Pr\u00e9fet de la manche, \nXavier Bruneti\u00e8re\nDirection d\u00e9partementale des territoires et de la mer - 50-2025-07-23-00009 - Arr\u00eat\u00e9 N\u00b0 2025-DDTM-SE-141 d\u00e9finissant les dates\nd'ouverture et de cl\u00f4ture de la chasse pour la campagne 2025-2026 dans le d\u00e9partement de la Manche 125\nANNEXE A L'ARRETE OUVERTURE-FERMETURE DE LA CHASSE 2025-2026 - Jours d'ouverture de la chasse du li\u00e8vre\nCOMMUNE 28/09/2025\n1er dim\n02/10/2025 \nJeudi\n05/10/2025\n2\u00e8me dim\n12/10/2025\n3\u00e8me dim\n19/10/2025\n4\u00e8me dim\nAGON COUTAINVILLE X X X X\nARGOUGES* X X X X\nAUVERS X X X\nBACILLY X\nBAUBIGNY X X X\nBEAUCHAMPS X X X X\nBEAUCOUDRAY X X X\nBEAUFICEL X X X\nBEAUMONT HAGUE X X X X\nBELVAL X X X X\nBENOISTVILLE X X X X\nBESLON X X X\nBION* X X X X\nBIVILLE* X X X\nBLAINVILLE SUR MER X X X X\nBOUCEY X X X X\nBOUTTEVILLE X X\nBREHAL X X\nBRETEVILLE SUR AY X X X\nBREVANDS* X\nBREVILLE SUR MER X X X X\nBRICQUEBOSCQ X X X X\nBRICQUEVILLE SUR MER X X\nBROUAINS X X X\nBRUCHEVILLE* X X\nBUAIS FERRIERES* X X X X\nCAMPROND X X X X\nCARNEVILLE X X\nCHAMPCERVON* X X X\nCHAMPCEY* X X X\nCHANTELOUP X X X\nCHAULIEU X X X X\nCHEVREVILLE* X X X X\nCHEVRY* X X X\nCONDE SUR VIRE* X X\nCOSQUEVILLE* X X\nCOUDEVILLE SUR MER X X\nCOURTILS X X X X\nCREANCES X X\nCROLLON X X X\nDOMJEAN X X X\nDONVILLE LES BAINS X X\nDRAGEY - RONTHON X X X\nDUCEY LES CHERIS X X X X\n1\nDirection d\u00e9partementale des territoires et de la mer - 50-2025-07-23-00009 - Arr\u00eat\u00e9 N\u00b0 2025-DDTM-SE-141 d\u00e9finissant les dates\nd'ouverture et de cl\u00f4ture de la chasse pour la campagne 2025-2026 dans le d\u00e9partement de la Manche 126\nANNEXE A L'ARRETE OUVERTURE-FERMETURE DE LA CHASSE 2025-2026 - Jours d'ouverture de la chasse du li\u00e8vre\nCOMMUNE 28/09/2025\n1er dim\n02/10/2025 \nJeudi\n05/10/2025\n2\u00e8me dim\n12/10/2025\n3\u00e8me dim\n19/10/2025\n4\u00e8me dim\nEQUEURDREVILLE-HAINNEVILLE* X X X\nFERMANVILLE X X\nFLAMANVILLE X X\nFLOTTEMANVILLE HAGUE* X X X\nFOLLIGNY X X X X\nFONTENAY* X X X X\nGATHEMO X X X\nGENETS X X\nGOUVETS X X X X\nGRAIGNES LE MESNIL ANGOT X X X\nGRANVILLE X X\nGREVILLE HAGUE* X X X\nGRIMESNIL X X X X\nGUILBERVILLE* X X X X\nHARDINVAST X X X\nHAUTEVILLE SUR MER X X X X\nHEAUVILLE X X X\nHEBECREVON* X X\nHEUSSE* X X X X\nHIESVILLE X X\nHOCQUIGNY X X X X\nHOUESVILLE* X X\nHUDIMESNIL X X X X\nHUISNES SUR MER X X X X\nHUSSON* X X X X\nHYENVILLE* X X X X\nISIGNY LE BUAT X X X X\nKAIRON* X X\nLA BESLIERE* X X X X\nLA COLOMBE X X X\nLA HAYE PESNEL X X X\nLA LUCERNE D'OUTREMER X X X\nLA MANCELLIERE  SUR VIRE* X X X X\nLA MOUCHE X X X\nLA ROCHELLE NORMANDE* X X X\nLAPENTY X X X X\nLE CHEFRESNE X X X\nLE DEZERT X X X\nLE HAM X X X\nLE LOREUR X X X X\nLE LOREY X X X X\nLE MESNIL X X X X\nLE MESNIL AU VAL X X\nLE MESNIL B\u0152UFS* X X X X\n2\nDirection d\u00e9partementale des territoires et de la mer - 50-2025-07-23-00009 - Arr\u00eat\u00e9 N\u00b0 2025-DDTM-SE-141 d\u00e9finissant les dates\nd'ouverture et de cl\u00f4ture de la chasse pour la campagne 2025-2026 dans le d\u00e9partement de la Manche 127\nANNEXE A L'ARRETE OUVERTURE-FERMETURE DE LA CHASSE 2025-2026 - Jours d'ouverture de la chasse du li\u00e8vre\nCOMMUNE 28/09/2025\n1er dim\n02/10/2025 \nJeudi\n05/10/2025\n2\u00e8me dim\n12/10/2025\n3\u00e8me dim\n19/10/2025\n4\u00e8me dim\nLE MESNIL DREY* X X X X\nLE MESNIL THEBAULT* X X X X\nLE MESNIL VENERON X X X\nLE NEUFBOURG X X X X\nLE ROZEL\nLE TANU* X X X\nLE TEILLEUL* X X X X\nLE VAL ST P\u00c8RE X X X\nLENGRONNE X X X\nLES CHAMPS DE LOSQUE* X X X\nLES LOGES MARCHIS X X X X\nLES MOITIERS D'ALLONNE X X X\nLIESVILLE SUR DOUVE X\nLINGREVILLE X X X X\nLITHAIRE* X X X\nMACEY* X X X X\nMARCHESIEUX X X X X\nMARGUERAY X X X\nMARTIGNY* X X X X\nMAUPERTUS SUR MER X X\nMEAUTIS X X X X\nMILLIERES X X X\nMILLY* X X X X\nMONTABOT X X\nMONTANEL* X X X X\nMONTBRAY X X X\nMONTIGNY* X X X X\nMONTJOIE ST MARTIN X X X X\nMONTMARTIN SUR MER X X X X\nMONTVIRON* X X X\nMORIGNY X X X\nMORTAIN* X X X X\nMUNEVILLE SUR MER X X X X\nNAFTEL* X X X X\nNOIRPALU* X X X\nNOTRE DAME DU TOUCHET X X X X\nOMONVILLE LA ROGUE* X X X X\nORVAL* X X X X\nOUVILLE X X X X\nPARIGNY* X X X X\nPIROU X X X\nPONTAUBAULT X X X\nPONTORSON* X X X X\nPORTBAIL* X X X\nFERMETURE TOTALE\n3\nDirection d\u00e9partementale des territoires et de la mer - 50-2025-07-23-00009 - Arr\u00eat\u00e9 N\u00b0 2025-DDTM-SE-141 d\u00e9finissant les dates\nd'ouverture et de cl\u00f4ture de la chasse pour la campagne 2025-2026 dans le d\u00e9partement de la Manche 128\nANNEXE A L'ARRETE OUVERTURE-FERMETURE DE LA CHASSE 2025-2026 - Jours d'ouverture de la chasse du li\u00e8vre\nCOMMUNE 28/09/2025\n1er dim\n02/10/2025 \nJeudi\n05/10/2025\n2\u00e8me dim\n12/10/2025\n3\u00e8me dim\n19/10/2025\n4\u00e8me dim\nPRECEY X X X X\nQUERQUEVILLE* X X\nQUETTREVILLE SUR SIENNE* X X X X\nRAIDS X X X\nREGNEVILLE SUR MER X X X X\nROMAGNY* X X X\nRONCEY X X X X\nRUFFOSSES* X X X\nSAINT ANDRE DE BOHON X X X\nSAINT AUBIN DE TERREGATTE X X X X\nSAINT AUBIN DES PREAUX X X X\nSAINT COME DU MONT* X\nSAINT DENIS LE GAST X X X X\nSAINT GEORGES DE BOHON* X X X\nSAINT GEORGES DE LA RIVIERE X X X\nSAINT GERMAIN DES VAUX* X X X X\nSAINT GILLES X X X X\nSAINT HILAIRE DU HARCOUET* X X X X\nSAINT JAMES* X X X X\nSAINT JEAN DE SAVIGNY X X X X\nSAINT JEAN DES CHAMPS X X X\nSAINT JEAN DU CORAIL* X X X X\nSAINT JEAN LE THOMAS X X X\nSAINT LAURENT DE TERREGATTE X X X X\nSAINT LEGER* X X X\nSAINT MALO DE LA LANDE X X X X\nSAINT MARTIN D'AUBIGNY X X X X\nSAINT MICHEL DE MONTJOIE X X X X\nSAINT NICOLAS DE PIERREPONT X X X X\nSAINT PAIR SUR MER* X X\nSAINT PIERRE EGLISE X X\nSAINT PIERRE LANGERS X X X\nSAINT PLANCHERS X X\nSAINT QUENTIN SUR LE HOMME X X X X\nSAINT SAUVEUR LE VICOMTE X X X\nSAINT SEBASTIEN DE RAIDS X X X\nSAINT SENIER DE BEUVRON X X X X\nSAINT VAAST LA HOUGUE X X X\nSAINT VIGOR DES MONTS X X X X\nSAINTE CECILE X X\nSAINTE MARIE DU BOIS* X X X X\nSAINTE MARIE DU MONT X X\nSAINTE SUZANNE SUR VIRE X X\nSARTILLY* X X X\n4\nDirection d\u00e9partementale des territoires et de la mer - 50-2025-07-23-00009 - Arr\u00eat\u00e9 N\u00b0 2025-DDTM-SE-141 d\u00e9finissant les dates\nd'ouverture et de cl\u00f4ture de la chasse pour la campagne 2025-2026 dans le d\u00e9partement de la Manche 129\nANNEXE A L'ARRETE OUVERTURE-FERMETURE DE LA CHASSE 2025-2026 - Jours d'ouverture de la chasse du li\u00e8vre\nCOMMUNE 28/09/2025\n1er dim\n02/10/2025 \nJeudi\n05/10/2025\n2\u00e8me dim\n12/10/2025\n3\u00e8me dim\n19/10/2025\n4\u00e8me dim\nSAUXEMESNIL* X X X\nSAVIGNY X X X X\nSAVIGNY LE VIEUX X X X X\nSEBEVILLE X X\nSERVON X X X\nSIOUVILLE HAGUE X X X\nSOURDEVAL LES BOIS* X X X X\nSOURDEVAL* X X X\nSURTAINVILLE X X X\nTANIS X X X X\nTHEVILLE X X\nTOURVILLE SUR SIENNE X X X\nTRIBEHOU X X X\nURVILLE NACQUEVILLE* X X X\nVAINS X X\nVAUVILLE* X X X X\nVENGEONS* X X X\nVEZINS* X X X X\nVILLEBAUDON X X X X\nVILLECHIEN X X X X\nVIREY* X X X X\nYQUELON X X\n5\nDirection d\u00e9partementale des territoires et de la mer - 50-2025-07-23-00009 - Arr\u00eat\u00e9 N\u00b0 2025-DDTM-SE-141 d\u00e9finissant les dates\nd'ouverture et de cl\u00f4ture de la chasse pour la campagne 2025-2026 dans le d\u00e9partement de la Manche 130\nATTENTION\nChasse de la B\u00e9casse des bois\nEn application de l'arr\u00eat\u00e9 minist\u00e9riel du 31 mai 2011, instaurant un P.M.A. de la B\u00e9casse des bois sur\nl'ensemble du territoire m\u00e9tropolitain : \n chaque pr\u00e9l\u00e8vement de b\u00e9casse doit \u00eatre enregistr\u00e9 pr\u00e9alablement \u00e0 tout transport sur un\ncarnet de pr\u00e9l\u00e8vement et le bracelet de marquage annex\u00e9 au carnet de pr\u00e9l\u00e8vement doit \u00eatre\nappos\u00e9 sur la patte de l'oiseau, avant la mise au carnier. Le pr\u00e9l\u00e8vement peut \u00e9galement \u00eatre\nd\u00e9clar\u00e9 via l'application mobile Chassadapt\n chaque chasseur adresse son carnet de pr\u00e9l\u00e8vement \u00e0 la f\u00e9d\u00e9ration qui le lui a d\u00e9livr\u00e9, au plus\ntard pour le 30 juin 2026, m\u00eame en l'absence de pr\u00e9l\u00e8vement de B\u00e9casse des bois\n l'attribution du carnet de pr\u00e9l\u00e8vement et de marquage est conditionn\u00e9e \u00e0 la d\u00e9claration de\ncelui de la pr\u00e9c\u00e9dente saison de chasse.\nRAPPELS SUR LA REGLEMENTATION DE LA CHASSE\n(arr\u00eat\u00e9 du 1er ao\u00fbt 1986 modifi\u00e9)\nLa chasse de la b\u00e9casse \u00e0 la pass\u00e9e ou \u00e0 la cro\u00fble est interdite. La chasse \u00e0 tir de la perdrix ou du faisan au\nposte, soit \u00e0 l'agrain\u00e9e, soit \u00e0 proximit\u00e9 des abreuvoirs, est interdite.\nL'emploi pour le tir des ongul\u00e9s de toute arme \u00e0 percussion annulaire est interdit, ainsi que celui d'armes\nray\u00e9es \u00e0 percussion centrale d'un calibre inf\u00e9rieur \u00e0 5,6 mmou dont le projectile ne d\u00e9veloppe pas une\n\u00e9nergie minimale de 1 kilojoule \u00e0 100 m\u00e8tres.\nL'emploi de la grenaille de plomb est interdit dans et \u00e0 moins de 100 m\u00e8tres des zones humides mentionn\u00e9es\n\u00e0 l'article L. 424-6 du code de l'environnement. Sur ces zones, le tir \u00e0 balle de plomb du grand gibier demeure\nautoris\u00e9,  ainsi que la  grenaille  sans plomb  d'un diam\u00e8tre compris entre  3,75 mm  (n\u00b0 2 dans la s\u00e9rie de Paris)  \net 4,8 mm (n\u00b0 000 dans la s\u00e9rie de Paris) pour le chevreuil.\nLe sanglier ne peut \u00eatre tir\u00e9 qu'\u00e0 balle ou \u00e0 fl\u00e8che.\nRAPPEL\nCode de l'environnement - titre II - chasse \u00e0 courre, \u00e0 cor et \u00e0 cri\nArticle R. 424-4: la chasse \u00e0 courre, \u00e0 cor et \u00e0 cri est ouverte du 15 septembre au 31 mars. La chasse au vol est\nouverte \u00e0 compter de la date d'ouverture g\u00e9n\u00e9rale de la chasse dans le d\u00e9partement jusqu'au dernier jour de\nf\u00e9vrier. Toutefois, pour la chasse aux oiseaux, ces dates sont fix\u00e9es par arr\u00eat\u00e9 du ministre charg\u00e9 de la chasse.\nArticle R. 424-5 : la cl\u00f4ture de la v\u00e9nerie sous terre intervient le 15 janvier.\nAVIS IMPORTANT\nOISEAUX MIGRATEURS BAGU\u00c9S - Les personnes qui auraient tu\u00e9 ou captur\u00e9 des oiseaux migrateurs porteurs\nd'une bague sont pri\u00e9es de bien vouloir envoyer la bague \u00e0 la f\u00e9d\u00e9ration des chasseurs de la Manche - La\nMalherbi\u00e8re \u2013Saint Romphaire. 50750 BOURGVALLES\nTIRS SUR LES VOIES PUBLIQUES ET SUR LES VOIES FERR\u00c9ES \u2013 En vertu du Sch\u00e9ma d\u00e9partemental de\nGestion Cyn\u00e9g\u00e9tique pour la p\u00e9riode 2018/2024, approuv\u00e9 par arr\u00eat\u00e9 pr\u00e9fectoral du 20 septembre 2018, il\nest interdit de faire usage d'arme \u00e0 feu (le fait de tirer ou deporter une arme charg\u00e9e ou approvisionn\u00e9e\nconstitue une usage de l'arme) sur l'emprise des voies ouvertes \u00e0 la circulation publique rev\u00eatues, ainsi que\nsur l'emprise des voies ferr\u00e9es ou enclos d\u00e9pendant des chemins de fer. Sur les voies non rev\u00eatues ouvertes \u00e0\nla circulation publique, l'arme et/ou la culasse devra a minima \u00eatre ouverte \u00e0 d\u00e9faut d'\u00eatre d\u00e9charg\u00e9e. Il est\ninterdit \u00e0 toute personne plac\u00e9e \u00e0 port\u00e9e d'arme \u00e0 feu de ces voies ouvertes \u00e0 la circulation publique ou\nvoies ferr\u00e9es de tirer dans leur direction. Il est interdit \u00e0toute personne plac\u00e9e \u00e0 port\u00e9e d'arme \u00e0 feu des\nlignes de transport d'\u00e9nergie ou t\u00e9l\u00e9phoniques ou de leurs supports, de tirer dans leur direction. Il est\ninterdit \u00e0 toute personne plac\u00e9e \u00e0 port\u00e9e d'arme \u00e0 feu des hab itations, caravanes, b\u00e2timents autres\nqu'agricoles et de leurs d\u00e9pendances, des stades, lieux de r\u00e9union publique en g\u00e9n\u00e9ral, de tirer dans leur\ndirection ou au-dessus. Il est interdit de tirer au travers des haies et buissons \u00e0 hauteur d'homme.\nASSURANCE CHASSE - L'assurance des chasseurs est obligatoire. Les chasseurssont donc invit\u00e9s \u00e0 souscrire\naupr\u00e8s d'une compagnie de leur choix un contrat d'assurancepr\u00e9alablement \u00e0 la demande de visa et de\nvalidation du permis de chasser.\n\"Le pigeon voyageur n'est pas un gibier, il est prot\u00e9g\u00e9 par la loi\".\nDirection d\u00e9partementale des territoires et de la mer - 50-2025-07-23-00009 - Arr\u00eat\u00e9 N\u00b0 2025-DDTM-SE-141 d\u00e9finissant les dates\nd'ouverture et de cl\u00f4ture de la chasse pour la campagne 2025-2026 dans le d\u00e9partement de la Manche 131\nDirection d\u00e9partementale des territoires et de la\nmer\n50-2025-05-22-00011\nArr\u00eat\u00e9 N\u00b02025-DDTM-SE-077 portant d\u00e9claration\nd'int\u00e9r\u00eat g\u00e9n\u00e9ral au titre de l'article L.211-7 du\ncode de l'environnement de travaux issus du\nprogramme de restauration des cours d'eau des\nbassins versants de la S\u00e8ves et de la Taute\nDirection d\u00e9partementale des territoires et de la mer - 50-2025-05-22-00011 - Arr\u00eat\u00e9 N\u00b02025-DDTM-SE-077 portant d\u00e9claration\nd'int\u00e9r\u00eat g\u00e9n\u00e9ral au titre de l'article L.211-7 du code de l'environnement de travaux issus du programme de restauration des cours\nd'eau des bassins versants de la S\u00e8ves et de la Taute\n132\nPREFETDE LA MANCHELibert\u00e9\u00c9galit\u00e9Fraternit\u00e9\nDirection\nd\u00e9partementale\ndes territoires et de la mer\nDDTM\nService Environnement\nArr\u00eat\u00e9 N\u00b02025-DDTM-SE-077 portant d\u00e9claration d'int\u00e9r\u00eat g\u00e9n\u00e9ral\nau titre de l'article L.211-7 du code de l'environnement\nde travaux issus du programme de restauration des cours d'eau \ndes bassins versants de la S\u00e8ves et de la Taute\nLE PR\u00c9FET DE LA MANCHE\nChevalier de la L\u00e9gion d'honneur\nChevalier de l'ordre national du M\u00e9rite\nVU le Code Rural et de la p\u00eache maritime, en particulier les articles L. 151-36 et L. 151-\n37 ;\nVU le Code de l'Environnement, en particulier les articles L.110-1, L.120-1 et suivants,\nL.211-1, L.211-7 , L.211-7-1, L.435-5 ;\nVU la loi du 29 d\u00e9cembre 1892 sur les dommages caus\u00e9s \u00e0 la propri\u00e9t\u00e9 priv\u00e9e par\nl'ex\u00e9cution des travaux publics, en particulier l'article 3 ;\nVU l'article 35 de la loi  n\u00b02015-991 du 7 ao\u00fbt 2015 portant nouvelle organisation\nterritoriale de la R\u00e9publique, modifi\u00e9e ;\nVU l'arr\u00eat\u00e9  pr\u00e9fectoral  en  date  du  3  octobre  2016  cr\u00e9ant  la  communaut\u00e9  de\ncommunes C\u00f4te Ouest Centre Manche \u00e0 compter du 1er janvier 2017 , issue de la\nfusion des communaut\u00e9s de communes de La Haye du Puits, de Lessay et de S\u00e8ves-\nTaute ;\nVU le d\u00e9cret n\u00b062-1448 du 24 novembre 1962 relatif \u00e0 l'exercice de la police des eaux ;\nVU les remarques apport\u00e9es par le Vice Pr\u00e9sident de la communaut\u00e9 de communes\nC\u00f4te Ouest Centre Manche, par courrier en date du 26 mars 2025, lors de la phase\ncontradictoire ;\nConsid\u00e9rant que  la  restauration  par  des  techniques  douces  permet  de  garantir\nl'\u00e9coulement naturel des eaux et de contribuer \u00e0 son bon \u00e9tat \u00e9cologique dans le\nrespect de l'article L.211-1 du Code de l'Environnement ;\nDirection d\u00e9partementale des territoires et de la mer\n477 Boulevard de la Doll\u00e9e \u2013 BP 60355 \u2013 50015 Saint-L\u00f4 Cedex \u2013 T\u00e9l : 02 33 06 39 00 \u2013 Fax : 02 33 06 39 09\nSite internet : www.manche.gouv.fr \u2013 Horaires d'ouverture au public : 09h00-12h00 / 13h30-16h30\nDirection d\u00e9partementale des territoires et de la mer - 50-2025-05-22-00011 - Arr\u00eat\u00e9 N\u00b02025-DDTM-SE-077 portant d\u00e9claration\nd'int\u00e9r\u00eat g\u00e9n\u00e9ral au titre de l'article L.211-7 du code de l'environnement de travaux issus du programme de restauration des cours\nd'eau des bassins versants de la S\u00e8ves et de la Taute\n133\nConsid\u00e9rant que  tout  travaux  sur  cours d'eau relevant  d'une  d\u00e9claration  d'int\u00e9r\u00eat\ng\u00e9n\u00e9ral doit se conformer aux articles L 110-1, L 120-1 et suivants, L 211-1, L 211-7 , L 211-7-\n1 et L 435-5 ;\nSUR proposition de la secr\u00e9taire g\u00e9n\u00e9rale de la pr\u00e9fecture ;\nARR\u00caTE\nArticle 1 : Sont d\u00e9clar\u00e9s d'int\u00e9r\u00eat g\u00e9n\u00e9ral, les travaux d'entretien des bassins versants\nde la S\u00e8ves et de la Taute.\nArticle  2 : Ces  travaux  comprennent  la  gestion  de  la  v\u00e9g\u00e9tation  rivulaire  et  des\nencombres, la pose de cl\u00f4tures, de syst\u00e8mes d'abreuvement et de franchissement, la\nsuppression,  le  remplacement  ou  l'am\u00e9nagement  d'ouvrages,  la  dynamisation  des\n\u00e9coulements, la diversification des habitats, la reconnexion d'annexes hydrauliques et\ndu lit majeur puis la mise en place d'indicateurs de suivi et la r\u00e9alisation d'\u00e9tudes\ncompl\u00e9mentaires.\nArticle 3  : Les produits de coupe ne doivent en aucun cas \u00eatre abandonn\u00e9s dans le\ncourant. Ils sont, dans l'attente de leur \u00e9vacuation ou de leur \u00e9limination, d\u00e9pos\u00e9s\nobligatoirement hors du lit majeur pour ne pas \u00eatre repris par les crues.\nArticle 4 : Les acc\u00e8s au chantier sont localis\u00e9s \u00e0 proximit\u00e9 des routes d\u00e9partementales\net communales, de chemins carrossables communaux ou priv\u00e9s. Dans ce dernier cas,\nils font l'objet d'un accord pr\u00e9alable du propri\u00e9taire.\nArticle  5 :  Aucune  contribution  financi\u00e8re  n'est  demand\u00e9e  aux  propri\u00e9taires\nconcern\u00e9s par les travaux.\nArticle 6 : Les droits des tiers sont et demeurent express\u00e9ment r\u00e9serv\u00e9s.\nArticle  7 : Le  permissionnaire  \u00e9tablit  annuellement  un  bilan  des  travaux  r\u00e9alis\u00e9s\n(lin\u00e9aire trait\u00e9, type de travaux r\u00e9alis\u00e9s, cours d'eau concern\u00e9s). Ce bilan est transmis\nau service en charge de la police des eaux qui fait conna\u00eetre au permissionnaire la\ndate  de  la  visite  de  contr\u00f4le  des  travaux  et  lui  indique  les  \u00e9ventuelles  mesures\ncompl\u00e9mentaires \u00e0 prendre.\nArticle 8 : \u00c0 toute \u00e9poque, le permissionnaire est tenu de donner aux agents charg\u00e9s\nde la police des eaux et de la p\u00eache, acc\u00e8s aux ouvrages. Sur les r\u00e9quisitions des\nfonctionnaires du service de contr\u00f4le, le permissionnaire doit les mettre \u00e0 m\u00eame de\nproc\u00e9der  \u00e0  leurs frais, \u00e0  toutes les mesures de v\u00e9rifications utiles pour  constater\nl'ex\u00e9cution du pr\u00e9sent r\u00e8glement.\nDirection d\u00e9partementale des territoires et de la mer\n477 Boulevard de la Doll\u00e9e \u2013 BP 60355 \u2013 50015 Saint-L\u00f4 Cedex \u2013 T\u00e9l : 02 33 06 39 00 \u2013 Fax : 02 33 06 39 09\nSite internet : www.manche.gouv.fr \u2013 Horaires d'ouverture au public : 09h00-12h00 / 13h30-16h30\nDirection d\u00e9partementale des territoires et de la mer - 50-2025-05-22-00011 - Arr\u00eat\u00e9 N\u00b02025-DDTM-SE-077 portant d\u00e9claration\nd'int\u00e9r\u00eat g\u00e9n\u00e9ral au titre de l'article L.211-7 du code de l'environnement de travaux issus du programme de restauration des cours\nd'eau des bassins versants de la S\u00e8ves et de la Taute\n134\nArticle 9  : La pr\u00e9sente d\u00e9claration d'int\u00e9r\u00eat g\u00e9n\u00e9ral est d\u00e9livr\u00e9e pour une dur\u00e9e de\ncinq  ans  \u00e0  dater  de  la  notification  du  pr\u00e9sent  arr\u00eat\u00e9,  renouvelable  une  fois.  Elle\ndevient caduque si les travaux, actions, ouvrages ou installations n'ont pas fait l'objet\nd'un commencement de r\u00e9alisation substantiel dans un d\u00e9lai de trois ans.\nArticle 10  :  Le pr\u00e9sent arr\u00eat\u00e9 est publi\u00e9 aux recueils des actes administratifs de la\npr\u00e9fecture. Il est \u00e9galement consultable pendant une dur\u00e9e d'un an sur le portail\nInternet des services de l'\u00c9tat dans la Manche.\nUne copie dudit arr\u00eat\u00e9 est d\u00e9pos\u00e9e en mairies de  Montcuit, Hauteville -laGuichard,\nMonthuchon, Cambernon, Camprond, Mesnilbus, Remillyles Marais, Marigny leLozon,\nCametours,  Savigny,  Feug\u00e8res,  Saint  Martin  D'Aubigny,  Marchesieux,  Saint  Sauveur\nVillages, Auxais, Raids, Saint Sebastien De Raids, Periers, Milli\u00e8res, Saint Germain Sur\nS\u00e8ves, Nay, Gonfreville, Saint Patrice De Claids, Laulne, Gorges, Montsenelle, Le Plessis\nLastelle  et  Vesly pour  mise  \u00e0  disposition  de  toute  personne  int\u00e9ress\u00e9e ;  elle  est\naffich\u00e9e dans ces communes pendant une dur\u00e9e minimale d'un mois.\nUn avis est ins\u00e9r\u00e9 par les soins du pr\u00e9fet et aux frais des permissionnaires dans les\njournaux Ouest-France et La Presse de la Manche. \nArticle  11 :  Le  pr\u00e9sent  arr\u00eat\u00e9  peut  faire  l'objet  d'un  recours  devant  le  tribunal\nadministratif de Caen \u00e0 compter de sa publication au recueil des actes administratifs\nde la pr\u00e9fecture de la Manche, par les permissionnaires dans un d\u00e9lai de deux mois et\npar  les  tiers,  personnes  physiques  ou  morales  dans  un  d\u00e9lai  d'un  an  devant  la\njuridiction administrative. \nLe  tribunal  administratif  peut  aussi  \u00eatre  saisi  par  l'application  informatique\n\u00ab T\u00e9l\u00e9recours Citoyens \u00bb accessible par le site internet www.telerecours.fr\nToutefois, si le d\u00e9but des travaux n'est pas intervenu six mois apr\u00e8s la publication ou\nl'affichage de ces d\u00e9cisions, le d\u00e9lai de recours continue \u00e0 courir jusqu'\u00e0 l'expiration\nd'une p\u00e9riode de six mois apr\u00e8s ce d\u00e9but des travaux.\nArticle 12  :  La secr\u00e9taire g\u00e9n\u00e9rale de la pr\u00e9fecture de la Manche,  le sous-pr\u00e9fet de\nCoutances, le directeur d\u00e9partemental des territoires et de la mer, le pr\u00e9sident de la\ncommunaut\u00e9 de communes C\u00f4te Ouest Centre Manche, le d\u00e9l\u00e9gu\u00e9 d\u00e9partemental\nde l'office fran\u00e7ais de la biodiversit\u00e9 sont charg\u00e9s chacun en ce qui le concerne de\nl'ex\u00e9cution du pr\u00e9sent arr\u00eat\u00e9.\nSAINT LO, le 22 mai 2025\nPour le Pr\u00e9fet et par d\u00e9l\u00e9gation,\nPour le directeur d\u00e9partemental des\nterritoires et de la mer de la Manche,\nLe chef du Service Environnement,\nSign\u00e9\nOLIVIER CATTIAUX\nDirection d\u00e9partementale des territoires et de la mer\n477 Boulevard de la Doll\u00e9e \u2013 BP 60355 \u2013 50015 Saint-L\u00f4 Cedex \u2013 T\u00e9l : 02 33 06 39 00 \u2013 Fax : 02 33 06 39 09\nSite internet : www.manche.gouv.fr \u2013 Horaires d'ouverture au public : 09h00-12h00 / 13h30-16h30\nDirection d\u00e9partementale des territoires et de la mer - 50-2025-05-22-00011 - Arr\u00eat\u00e9 N\u00b02025-DDTM-SE-077 portant d\u00e9claration\nd'int\u00e9r\u00eat g\u00e9n\u00e9ral au titre de l'article L.211-7 du code de l'environnement de travaux issus du programme de restauration des cours\nd'eau des bassins versants de la S\u00e8ves et de la Taute\n135\nDirection r\u00e9gionale de l'environnement, de\nl'am\u00e9nagement et du logement de Normandie\n50-2025-07-23-00004\nArr\u00eat\u00e9 n\u00b0 SELB/USAP/2020-00641-011-002\nprorogeant l'arr\u00eat\u00e9 n\u00b0\nSRN/UAPP/2020-00641-011-001 autorisant la\ncapture temporaire avec rel\u00e2cher sur place de\nsp\u00e9cimens d'esp\u00e8ces animales prot\u00e9g\u00e9es :\nrapaces - Groupe Ornithologique Normand\n(GONm)\nDirection r\u00e9gionale de l'environnement, de l'am\u00e9nagement et du logement de Normandie - 50-2025-07-23-00004 - Arr\u00eat\u00e9 n\u00b0\nSELB/USAP/2020-00641-011-002 prorogeant l'arr\u00eat\u00e9 n\u00b0 SRN/UAPP/2020-00641-011-001 autorisant la capture temporaire avec rel\u00e2cher\nsur place de sp\u00e9cimens d'esp\u00e8ces animales prot\u00e9g\u00e9es : rapaces - Groupe Ornithologique Normand (GONm)\n136\nExPR\u00c9FETDE LA REGIONNORMANDIEL'z'berte'Egalit\u00e9Fraternit\u00e9\nDirection r\u00e9gionale de l'environnement,\nde l'am\u00e9nagement et du logement\nde Normandie\nArr\u00eat\u00e9 n\u00b0 SELB/USAP/2020-00641-011-002 prorogeant l'arr\u00eat\u00e9 n\u00b0 SRN/UAPP/2020-00641-\n011-001 autorisant la capture temporaire avec rel\u00e2cher sur place de sp\u00e9cimens d'esp\u00e8ces\nanimales prot\u00e9g\u00e9es\u00a0: rapaces \u2013 Groupe Ornithologique Normand (GONm)\nLe pr\u00e9fet de la r\u00e9gion Normandie, pr\u00e9fet de la Seine-Maritime\nChevalier de la L\u00e9gion d'honneur\nOfficier de l'Ordre national du M\u00e9rite\nLe pr\u00e9fet de l'Eure\nChevalier de la L\u00e9gion d'honneur\nOfficier de l'Ordre national du M\u00e9rite\nLe pr\u00e9fet de la Manche\nChevalier de la L\u00e9gion d'honneur\nChevalier de l'ordre national du M\u00e9rite\nLe pr\u00e9fet du Calvados\nLe secr\u00e9taire g\u00e9n\u00e9ral de la pr\u00e9fecture de l'Orne\nvu le d\u00e9cret du Pr\u00e9sident de la R\u00e9publique en date du 11 janvier 2023 portant nomination de\nmonsieur Jean-Beno\u00eet ALBERTINI, pr\u00e9fet de la r\u00e9gion Normandie, pr\u00e9fet de la Seine-Mari-\ntime\u00a0;\nvu le d\u00e9cret du Pr\u00e9sident de la R\u00e9publique en date du 13 juillet 2023 portant nomination de\nmonsieur Xavier BRUNETIERE, pr\u00e9fet de la Manche\u00a0;\nvu le d\u00e9cret du Pr\u00e9sident de la R\u00e9publique du 13 juillet 2023, portant nomination de monsieur\nSt\u00e9phane BREDIN, pr\u00e9fet du Calvados\u00a0;\nvu le d\u00e9cret du Pr\u00e9sident de la R\u00e9publique en date du 8 novembre 2023 nommant Yohan BLON-\nDEL, sous-pr\u00e9fet, secr\u00e9taire g\u00e9n\u00e9ral de la pr\u00e9fecture de l'Orne\u00a0;\nvu le d\u00e9cret du Pr\u00e9sident de la R\u00e9publique en date du 31 octobre 2024 nommant monsieur\nCharles GIUSTI, pr\u00e9fet de l'Eure ;\nvu l'arr\u00eat\u00e9 pr\u00e9fectoral n\u00b0 SRN/UAPP/2020-00641-011-001 autorisant la cap ture temporaire avec\nrel\u00e2cher sur place de sp\u00e9cimens d'esp\u00e8ces animales prot\u00e9g\u00e9es\u00a0: rapaces \u2013 Groupe Ornitholo-\ngique Normand (GONm) en date du 8 juillet 2020\u00a0;\nvu l'arr\u00eat\u00e9 pr\u00e9fectoral de la Manche du 21 janvier 2025 portant d\u00e9l\u00e9gation de signature  en ma-\nti\u00e8re d'activit\u00e9s du niveau d\u00e9partemental \u00e0 Madame Claire GRISEZ, directrice r\u00e9gionale de\nl'environnement, de l'am\u00e9nagement et du logement de Normandie\u00a0;\nPr\u00e9fecture de la Seine-Maritime - 7 place de la Madeleine - CS 16036 - 76036 ROUEN cedex - T\u00e9l\u00a0: 02 32 76 50 00 - \nwww.seine-maritime.gouv.fr\nDirection r\u00e9gionale de l'environnement, de l'am\u00e9nagement et du logement de Normandie - 50-2025-07-23-00004 - Arr\u00eat\u00e9 n\u00b0\nSELB/USAP/2020-00641-011-002 prorogeant l'arr\u00eat\u00e9 n\u00b0 SRN/UAPP/2020-00641-011-001 autorisant la capture temporaire avec rel\u00e2cher\nsur place de sp\u00e9cimens d'esp\u00e8ces animales prot\u00e9g\u00e9es : rapaces - Groupe Ornithologique Normand (GONm)\n137\nvu l'arr\u00eat\u00e9 pr\u00e9fectoral de Seine-Maritime du 22 janvier 2025 portant d\u00e9l\u00e9gation de signature  en\nmati\u00e8re d'activit\u00e9s du niveau d\u00e9partemental \u00e0 Madame Claire GRISEZ, directrice r\u00e9gionale\nde l'environnement, de l'am\u00e9nagement et du logement de Normandie\u00a0;\nvu l'arr\u00eat\u00e9 pr\u00e9fectoral de l'Eure du 23 janvier 2025 portant d\u00e9l\u00e9gation de signature en mati\u00e8re\nd'activit\u00e9s du niveau d\u00e9partemental \u00e0 Madame Claire GRISEZ, directrice r\u00e9gionale de l'envi-\nronnement, de l'am\u00e9nagement et du logement de Normandie\u00a0;\nvu l'arr\u00eat\u00e9 pr\u00e9fectoral du Calvados du 23 janvier 2025 portant d\u00e9l\u00e9gation de signature en ma-\nti\u00e8re d'activit\u00e9s du niveau d\u00e9partemental \u00e0 Madame Claire GRISEZ, directrice r\u00e9gionale de\nl'environnement, de l'am\u00e9nagement et du logement de Normandie\u00a0;\nvu l'arr\u00eat\u00e9 pr\u00e9fectoral de l'Orne n\u00b0 1122-2025-10030, du 30 juin 2025 portant d\u00e9l\u00e9gation de signa-\nture en mati\u00e8re d'activit\u00e9s du niveau d\u00e9partemental \u00e0 Madame Claire GRISEZ, directrice r\u00e9-\ngionale de l'environnement, de l'am\u00e9nagement et du logement de Normandie\u00a0;\nvu la demande de prorogation transmise par le Groupe ornithologique normand (GONm) le 17\njuillet 2025.\nConsid\u00e9rant\nque l'arr\u00eat\u00e9 pr\u00e9fectoral n\u00b0 SRN/UAPP/2020-00641-011-001 sus-vis\u00e9 autorise le Groupe ornithologique\nnormand (GONm) \u00e0 r\u00e9aliser\u00a0des captures temporaires avec rel\u00e2cher sur place de busar ds, esp\u00e8ces\nanimales prot\u00e9g\u00e9es, arrive \u00e0 \u00e9ch\u00e9ance le 31 juillet 2025,\nque la mise en protection des nids de busards en milieu agricole n\u00e9cessite toujours la manipulation\nde poussins dont les esp\u00e8ces ont un statut de protection interdisant leur perturbation,\nque les modalit\u00e9s d'intervention restent identiques,\nque, de par ses missions, le GONm contribue \u00e0 renforcer l'\u00e9tat de conservation des bus ards en mi-\nlieu agricole,\nque les salari\u00e9s et b\u00e9n\u00e9voles du GONm sont form\u00e9s \u00e0 la capture, \u00e0 la manipulation et \u00e0 la d\u00e9termi-\nnation d'esp\u00e8ces animales, et qu'ils sont aptes \u00e0 proc\u00e9der \u00e0 la formation et \u00e0 l'encadrement dans ce\ndomaine,\nqu'il est donc possible, dans les conditions fix\u00e9es par cet arr\u00eat\u00e9 de d\u00e9rogation, de proroger l'autori-\nsation des salari\u00e9s et b\u00e9n\u00e9voles du GONm \u00e0 proc\u00e9der \u00e0 la capture de sp\u00e9cimens de busards dans le\ncadre de la protection des nich\u00e9es en milieu agricole sur l'ensemble des 5 d\u00e9partements normands,\nARR\u00caTE\u00a0:\nArticle 1 -  \u1d49\u02b3 prorogation\nL'arr\u00eat\u00e9 pr\u00e9fectoral n\u00b0 SRN/UAPP/2020-00641-011-001 autorisant la capture temporaire avec rel\u00e2cher\nsur place de sp\u00e9cimens d'esp\u00e8ces animales prot\u00e9g\u00e9es\u00a0: rapaces \u2013 Groupe Ornithologique Normand\n(GONm) en date du 8 juillet 2020 est prorog\u00e9 jusqu'au 31 d\u00e9cembre 2030.\nArticle 2 -  \u1d49 suivi et contr\u00f4les administratifs \nConform\u00e9ment aux articles L.171-1 et suivants du code de l'environnement, relatifs aux contr\u00f4les ad-\nministratifs et mesures de police, les fonctionnaires et agents charg\u00e9s des contr\u00f4les sont habilit\u00e9s \u00e0\nv\u00e9rifier la bonne mise en \u0153uvre de la pr\u00e9sente autorisation. \n2025 \u2013 prorogation DEP OFB p 2 / 3\nDirection r\u00e9gionale de l'environnement, de l'am\u00e9nagement et du logement de Normandie - 50-2025-07-23-00004 - Arr\u00eat\u00e9 n\u00b0\nSELB/USAP/2020-00641-011-002 prorogeant l'arr\u00eat\u00e9 n\u00b0 SRN/UAPP/2020-00641-011-001 autorisant la capture temporaire avec rel\u00e2cher\nsur place de sp\u00e9cimens d'esp\u00e8ces animales prot\u00e9g\u00e9es : rapaces - Groupe Ornithologique Normand (GONm)\n138\nArticle 3 -  \u1d49 modifications, suspensions, retrait\nConform\u00e9ment \u00e0 l'article R.411-12 du code de l'environnement, si l'une des obligations faites au\nGroupe Ornithologique Normand n'est pas respect\u00e9e, l'arr\u00eat\u00e9 de d\u00e9rogation peut \u00eatre suspendu ou\nr\u00e9voqu\u00e9.\nLa suspension ou la r\u00e9vocation ne fait pas obstacle \u00e0 d'\u00e9ventuelles poursuites, notamment au titre\nde l'article L.415-3 du code de l'environnement.\nEn cas de besoin, les modifications prennent la forme d'un avenant ou d'un arr\u00eat\u00e9 modificatif et\nsont effectives \u00e0 la notification de l'acte.\nArticle 4 -  \u1d49 droits des tiers\nLes droits des tiers sont et demeurent express\u00e9ment r\u00e9serv\u00e9s. Cet arr\u00eat\u00e9 n'exon\u00e8re pas son d\u00e9ten-\nteur du respect des autres r\u00e9glementations applicables, notamment des autorisations n\u00e9cessaires\nli\u00e9es \u00e0 la p\u00e9n\u00e9tration dans des propri\u00e9t\u00e9s priv\u00e9es rurale ou foresti\u00e8re d'autrui en application des ar-\nticles 1 de la Loi du 29 d\u00e9cembre 1892 et de l'article 226-4-3 du code p\u00e9nal.\nArticle 5 -  \u1d49 ex\u00e9cution et publicit\u00e9\nLes secr\u00e9taires g\u00e9n\u00e9raux des pr\u00e9fectures de Normandie et la directrice r\u00e9gionale de l'environne-\nment,  de  l'am\u00e9nagement  et  du  logement  de  Normandie,  sont  charg\u00e9s,  chacun  en  ce  qui  le\nconcerne, de l'ex\u00e9cution du pr\u00e9sent arr\u00eat\u00e9.\nCet arr\u00eat\u00e9 est publi\u00e9 au recueil des actes administratifs des pr\u00e9fectures et sur le site internet de la\nDREAL et adress\u00e9, pour information aux directions d\u00e9partementales des territoires et de la mer et\naux services d\u00e9partementaux de l'Office fran\u00e7ais de la biodiversit\u00e9.\nFait \u00e0 Rouen, le 23 juillet 2025\nPour le pr\u00e9fet et par d\u00e9l\u00e9gation,\nP/ la directrice r\u00e9gionale de l'environnement, de\nl'am\u00e9nagement et du logement de Normandie,\net par sub-d\u00e9l\u00e9gation,\nle chef du Bureau de l'animation r\u00e9gionale et de\nl'int\u00e9gration environnementale\nFr\u00e9d\u00e9ric BIZON\nVoies et d\u00e9lais de recours\n \u2013 Conform\u00e9ment aux dispositions des articles R.421-1 \u00e0 R.421-5 du code de justice admi-\nnistrative, le pr\u00e9sent arr\u00eat\u00e9 peut faire l'objet d'un recours contentieux devant les tribunaux administratifs de Caen\nou de Rouen dans le d\u00e9lai de deux mois \u00e0 compter de sa notification ou de sa publication. Le tribunal administra-\ntif peut \u00eatre saisi par l'application T\u00e9l\u00e9recours citoyens, accessible par le site www.telerecours.fr.\n2025 \u2013 prorogation DEP OFB p 3 / 3\nDirection r\u00e9gionale de l'environnement, de l'am\u00e9nagement et du logement de Normandie - 50-2025-07-23-00004 - Arr\u00eat\u00e9 n\u00b0\nSELB/USAP/2020-00641-011-002 prorogeant l'arr\u00eat\u00e9 n\u00b0 SRN/UAPP/2020-00641-011-001 autorisant la capture temporaire avec rel\u00e2cher\nsur place de sp\u00e9cimens d'esp\u00e8ces animales prot\u00e9g\u00e9es : rapaces - Groupe Ornithologique Normand (GONm)\n139\nDirection r\u00e9gionale de l'environnement, de\nl'am\u00e9nagement et du logement de Normandie\n50-2025-07-23-00003\nArr\u00eat\u00e9 n\u00b0 SELB/USAP/2021-00511-011-003\nprorogeant l'arr\u00eat\u00e9 n\u00b0\nSRN/UAPP/2021-00511-011-002 autorisant la\nd\u00e9tention, la capture et la perturbation de\nsp\u00e9cimens d'esp\u00e8ces animales prot\u00e9g\u00e9es : Office\nfran\u00e7ais de la biodiversit\u00e9\nDirection r\u00e9gionale de l'environnement, de l'am\u00e9nagement et du logement de Normandie - 50-2025-07-23-00003 - Arr\u00eat\u00e9 n\u00b0\nSELB/USAP/2021-00511-011-003 prorogeant l'arr\u00eat\u00e9 n\u00b0 SRN/UAPP/2021-00511-011-002 autorisant la d\u00e9tention, la capture et la\nperturbation de sp\u00e9cimens d'esp\u00e8ces animales prot\u00e9g\u00e9es : Office fran\u00e7ais de la biodiversit\u00e9\n140\nExPR\u00c9FETDE LA REGIONNORMANDIEL'z'berte'Egalit\u00e9Fraternit\u00e9\nDirection r\u00e9gionale de l'environnement,\nde l'am\u00e9nagement et du logement\nde Normandie\nArr\u00eat\u00e9 n\u00b0 SELB/USAP/2021-00511-011-003 prorogeant l'arr\u00eat\u00e9 n\u00b0 SRN/UAPP/2021-00511-011-\n002 autorisant la d\u00e9tention, la capture et la perturbation de sp\u00e9cimens d'esp\u00e8ces ani-\nmales prot\u00e9g\u00e9es\u00a0: Office fran\u00e7ais de la biodiversit\u00e9\nLe pr\u00e9fet de la r\u00e9gion Normandie, pr\u00e9fet de la Seine-Maritime\nChevalier de la L\u00e9gion d'honneur\nOfficier de l'Ordre national du M\u00e9rite\nLe pr\u00e9fet de l'Eure\nChevalier de la L\u00e9gion d'honneur\nOfficier de l'Ordre national du M\u00e9rite\nLe pr\u00e9fet de la Manche\nChevalier de la L\u00e9gion d'honneur\nChevalier de l'ordre national du M\u00e9rite\nLe pr\u00e9fet du Calvados\nLe secr\u00e9taire g\u00e9n\u00e9ral de la pr\u00e9fecture de l'Orne\nvu le d\u00e9cret du Pr\u00e9sident de la R\u00e9publique en date du 11 janvier 2023 portant nomination de\nmonsieur Jean-Beno\u00eet ALBERTINI, pr\u00e9fet de la r\u00e9gion Normandie, pr\u00e9fet de la Seine-Mari-\ntime\u00a0;\nvu le d\u00e9cret du Pr\u00e9sident de la R\u00e9publique en date du 13 juillet 2023 portant nomination de\nmonsieur Xavier BRUNETIERE, pr\u00e9fet de la Manche\u00a0;\nvu le d\u00e9cret du Pr\u00e9sident de la R\u00e9publique du 13 juillet 2023, portant nomination de monsieur\nSt\u00e9phane BREDIN, pr\u00e9fet du Calvados\u00a0;\nvu le d\u00e9cret du Pr\u00e9sident de la R\u00e9publique en date du 8 novembre 2023 nommant Yohan BLON-\nDEL, sous-pr\u00e9fet, secr\u00e9taire g\u00e9n\u00e9ral de la pr\u00e9fecture de l'Orne\u00a0;\nvu le d\u00e9cret du Pr\u00e9sident de la R\u00e9publique en date du 31 octobre 2024 nommant monsieur\nCharles GIUSTI, pr\u00e9fet de l'Eure ;\nvu l'arr\u00eat\u00e9 pr\u00e9fectoral n\u00b0 SRN/UAPP/2021-00511-011-002 autorisant la d\u00e9tention, la capture et la\nperturbation de sp\u00e9cimens d'esp\u00e8ces animales prot\u00e9g\u00e9es\u00a0: Office fran\u00e7ais de la biodiversit\u00e9\nen date du 22 juin 2021\u00a0;\nvu l'arr\u00eat\u00e9 pr\u00e9fectoral de la Manche du 21 janvier 2025 portant d\u00e9l\u00e9gation de signature  en ma-\nti\u00e8re d'activit\u00e9s du niveau d\u00e9partemental \u00e0 Madame Claire GRISEZ, directrice r\u00e9gionale de\nl'environnement, de l'am\u00e9nagement et du logement de Normandie\u00a0;\nPr\u00e9fecture de la Seine-Maritime - 7 place de la Madeleine - CS 16036 - 76036 ROUEN cedex - T\u00e9l\u00a0: 02 32 76 50 00 - \nwww.seine-maritime.gouv.fr\nDirection r\u00e9gionale de l'environnement, de l'am\u00e9nagement et du logement de Normandie - 50-2025-07-23-00003 - Arr\u00eat\u00e9 n\u00b0\nSELB/USAP/2021-00511-011-003 prorogeant l'arr\u00eat\u00e9 n\u00b0 SRN/UAPP/2021-00511-011-002 autorisant la d\u00e9tention, la capture et la\nperturbation de sp\u00e9cimens d'esp\u00e8ces animales prot\u00e9g\u00e9es : Office fran\u00e7ais de la biodiversit\u00e9\n141\nvu l'arr\u00eat\u00e9 pr\u00e9fectoral de Seine-Maritime du 22 janvier 2025 portant d\u00e9l\u00e9gation de signature  en\nmati\u00e8re d'activit\u00e9s du niveau d\u00e9partemental \u00e0 Madame Claire GRISEZ, directrice r\u00e9gionale\nde l'environnement, de l'am\u00e9nagement et du logement de Normandie\u00a0;\nvu l'arr\u00eat\u00e9 pr\u00e9fectoral de l'Eure du 23 janvier 2025 portant d\u00e9l\u00e9gation de signature en mati\u00e8re\nd'activit\u00e9s du niveau d\u00e9partemental \u00e0 Madame Claire GRISEZ, directrice r\u00e9gionale de l'envi-\nronnement, de l'am\u00e9nagement et du logement de Normandie\u00a0;\nvu l'arr\u00eat\u00e9 pr\u00e9fectoral du Calvados du 23 janvier 2025 portant d\u00e9l\u00e9gation de signature en ma-\nti\u00e8re d'activit\u00e9s du niveau d\u00e9partemental \u00e0 Madame Claire GRISEZ, directrice r\u00e9gionale de\nl'environnement, de l'am\u00e9nagement et du logement de Normandie\u00a0;\nvu l'arr\u00eat\u00e9 pr\u00e9fectoral de l'Orne n\u00b0 1122-2025-10030, du 30 juin 2025 portant d\u00e9l\u00e9gation de signa-\nture en mati\u00e8re d'activit\u00e9s du niveau d\u00e9partemental \u00e0 Madame Claire GRISEZ, directrice r\u00e9-\ngionale de l'environnement, de l'am\u00e9nagement et du logement de Normandie\u00a0;\nvu la demande de prorogation transmise par la direction r\u00e9gionale de Normandie de l'Office\nfran\u00e7ais de la biodiversit\u00e9 (OFB) le 11 juillet 2025.\nConsid\u00e9rant\nque l'arr\u00eat\u00e9 pr\u00e9fectoral n\u00b0 SRN/UAPP/2021-00511-011-002 sus-vis\u00e9 autorise l'OFB \u00e0 r\u00e9aliser\u00a0des cap-\ntures temporaires avec rel\u00e2cher sur place ou diff\u00e9r\u00e9 de toutes les esp\u00e8ces animales prot\u00e9g\u00e9es arrive\n\u00e0 \u00e9ch\u00e9ance le 31 d\u00e9cembre 2025,\nque les missions des agents de l'Office fran\u00e7ais de la biodiversit\u00e9 n\u00e9cessitent t oujours la manipula-\ntion d'animaux dont certaines esp\u00e8ces ont un statut de protection interdisant leur perturbation,\nque, de par ses missions, l'OFB contribue \u00e0 renforcer l'\u00e9tat de conservation des es paces et des es-\np\u00e8ces naturels,\nque les agents de l'OFB sont form\u00e9s \u00e0 la capture, \u00e0 la manipulation et \u00e0 la d\u00e9termination d 'esp\u00e8ces\nanimales, et qu'ils sont aptes \u00e0 proc\u00e9der \u00e0 la formation et \u00e0 l'encadrement dans ce domaine,\nqu'il est donc possible, dans les conditions fix\u00e9es par cet arr\u00eat\u00e9 de d\u00e9rogation, de proroger l'autori-\nsation des agents de la d\u00e9l\u00e9gation Normandie de l'OFB \u00e0 proc\u00e9der \u00e0 la capture de sp\u00e9cimens  d'es-\np\u00e8ces animales prot\u00e9g\u00e9es sur l'ensemble des 5 d\u00e9partements normands.\nARR\u00caTE\u00a0:\nArticle 1 -  \u1d49\u02b3 prorogation\nL'arr\u00eat\u00e9 pr\u00e9fectoral n\u00b0 SRN/UAPP/2021-00511-011-002 autorisant la d\u00e9tention, la capture et la pertur-\nbation de sp\u00e9cimens d'esp\u00e8ces animales prot\u00e9g\u00e9es\u00a0: Office fran\u00e7ais de la biodiversit\u00e9 en date du 22\njuin 2021 est prorog\u00e9 jusqu'au 31 d\u00e9cembre 2026.\nArticle 2 -  \u1d49 suivi et contr\u00f4les administratifs \nConform\u00e9ment aux articles L.171-1 et suivants du code de l'environnement, relatifs aux contr\u00f4les ad-\nministratifs et mesures de police, les fonctionnaires et agents charg\u00e9s des contr\u00f4les sont habilit\u00e9s \u00e0\nv\u00e9rifier la bonne mise en \u0153uvre de la pr\u00e9sente autorisation. \nArticle 3 -  \u1d49 modifications, suspensions, retrait\nConform\u00e9ment \u00e0 l'article R.411-12 du code de l'environnement, si l'une des obligations faites \u00e0 l'Of-\nfice fran\u00e7ais de la biodiversit\u00e9 n'est pas respect\u00e9e, l'arr\u00eat\u00e9 de d\u00e9rogation peut \u00eatre suspendu ou r\u00e9-\n2025 \u2013 prorogation DEP OFB p 2 / 3\nDirection r\u00e9gionale de l'environnement, de l'am\u00e9nagement et du logement de Normandie - 50-2025-07-23-00003 - Arr\u00eat\u00e9 n\u00b0\nSELB/USAP/2021-00511-011-003 prorogeant l'arr\u00eat\u00e9 n\u00b0 SRN/UAPP/2021-00511-011-002 autorisant la d\u00e9tention, la capture et la\nperturbation de sp\u00e9cimens d'esp\u00e8ces animales prot\u00e9g\u00e9es : Office fran\u00e7ais de la biodiversit\u00e9\n142\nvoqu\u00e9.\nLa suspension ou la r\u00e9vocation ne fait pas obstacle \u00e0 d'\u00e9ventuelles poursuites, notamment au titre\nde l'article L.415-3 du code de l'environnement.\nEn cas de besoin, les modifications prennent la forme d'un avenant ou d'un arr\u00eat\u00e9 modificatif et\nsont effectives \u00e0 la notification de l'acte.\nArticle 4 -  \u1d49 droits des tiers\nLes droits des tiers sont et demeurent express\u00e9ment r\u00e9serv\u00e9s. Cet arr\u00eat\u00e9 n'exon\u00e8re pas son d\u00e9ten-\nteur du respect des autres r\u00e9glementations applicables, notamment des autorisations n\u00e9cessaires\nli\u00e9es \u00e0 la p\u00e9n\u00e9tration dans des propri\u00e9t\u00e9s priv\u00e9es rurale ou foresti\u00e8re d'autrui en application des ar-\nticles 1 de la Loi du 29 d\u00e9cembre 1892 et de l'article 226-4-3 du code p\u00e9nal.\nArticle 5 -  \u1d49 ex\u00e9cution et publicit\u00e9\nLes secr\u00e9taires g\u00e9n\u00e9raux des pr\u00e9fectures de Normandie et la directrice r\u00e9gionale de l'environne-\nment,  de  l'am\u00e9nagement  et  du  logement  de  Normandie,  sont  charg\u00e9s,  chacun  en  ce  qui  le\nconcerne, de l'ex\u00e9cution du pr\u00e9sent arr\u00eat\u00e9.\nCet arr\u00eat\u00e9 est publi\u00e9 au recueil des actes administratifs des pr\u00e9fectures et sur le site internet de la\nDREAL et adress\u00e9, pour information aux directions d\u00e9partementales des territoires et de la mer.\nFait \u00e0 Rouen, le 23 juillet 2025\nPour le pr\u00e9fet et par d\u00e9l\u00e9gation,\nP/ la directrice r\u00e9gionale de l'environnement, de\nl'am\u00e9nagement et du logement de Normandie,\net par sub-d\u00e9l\u00e9gation,\nle chef du Bureau de l'animation r\u00e9gionale et de\nl'int\u00e9gration environnementale\nFr\u00e9d\u00e9ric BIZON\nVoies et d\u00e9lais de recours\n \u2013 Conform\u00e9ment aux dispositions des articles R.421-1 \u00e0 R.421-5 du code de justice admi-\nnistrative, le pr\u00e9sent arr\u00eat\u00e9 peut faire l'objet d'un recours contentieux devant les tribunaux administratifs de Caen\nou de Rouen dans le d\u00e9lai de deux mois \u00e0 compter de sa notification ou de sa publication. Le tribunal administra-\ntif peut \u00eatre saisi par l'application T\u00e9l\u00e9recours citoyens, accessible par le site www.telerecours.fr.\n2025 \u2013 prorogation DEP OFB p 3 / 3\nDirection r\u00e9gionale de l'environnement, de l'am\u00e9nagement et du logement de Normandie - 50-2025-07-23-00003 - Arr\u00eat\u00e9 n\u00b0\nSELB/USAP/2021-00511-011-003 prorogeant l'arr\u00eat\u00e9 n\u00b0 SRN/UAPP/2021-00511-011-002 autorisant la d\u00e9tention, la capture et la\nperturbation de sp\u00e9cimens d'esp\u00e8ces animales prot\u00e9g\u00e9es : Office fran\u00e7ais de la biodiversit\u00e9\n143\nPr\u00e9fecture de la Manche\n50-2025-07-16-00006\nArr\u00eat\u00e9 accordant la d\u00e9nomination de commune\ntouristique \u00e0 la commune\nd'AGON-COUTAINVILLE\nPr\u00e9fecture de la Manche - 50-2025-07-16-00006 - Arr\u00eat\u00e9 accordant la d\u00e9nomination de commune touristique \u00e0 la commune\nd'AGON-COUTAINVILLE 144\nExPR\u00c9FETDE LA MANCHELibert\u00e9Egalit\u00e9Fraternit\u00e9\nSecr\u00e9tariat G\u00e9n\u00e9ral\nService de la coordination\ndes politiques publiques et de l'appui territorial\nBureau de la coordination\ninterminist\u00e9rielle et de l'appui territorial\nARR\u00caT\u00c9 \naccordant la d\u00e9nomination de commune touristique\n\u00e0 la commune d'AGON-COUTAINVILLE\nLE PR\u00c9FET DE LA MANCHE \nChevalier de la L\u00e9gion d'honneur\nChevalier de l'ordre national du M\u00e9rite\nVU le Code G\u00e9n\u00e9ral des Collectivit\u00e9s Territoriales ;\nVU le code du tourisme, notamment les articles L133-11, L133-18, L134-3, R133-32, R133-34\net R133-35 ;\nVU l'arr\u00eat\u00e9 minist\u00e9riel du 2 septembre 2008 relatif aux communes touristiques et aux\nstations class\u00e9es de tourisme ;\nVU l'arr\u00eat\u00e9 du 18 ao\u00fbt 2022 de classement de l'office de tourisme Coutances Tourisme\nen cat\u00e9gorie I ;\nVU la d\u00e9lib\u00e9ration du conseil de communaut\u00e9 de Coutances Mer et Bocage du 14 mai\n2025 autorisant son pr\u00e9sident \u00e0 solliciter la d\u00e9nomination de commune touristique\npour la commune d'AGON-COUTAINVILLE ;\nVU le dossier justificatif de demande de d\u00e9nomination de commune touristique re\u00e7u le\n2 juin 2025 et compl\u00e9t\u00e9 le 13 juin 2025 ;\nConsid\u00e9rant que le dossier satisfait aux conditions et crit\u00e8res fix\u00e9s par les dispositions\nl\u00e9gales et r\u00e9glementaires susvis\u00e9es ;\nARR\u00caTE\nArticle  1er :  La  d\u00e9nomination  de  commune  touristique  est  accord\u00e9e  \u00e0  la  commune\nd'AGON-COUTAINVILLE.\nArticle 2  : Le b\u00e9n\u00e9fice de cette d\u00e9nomination est valable  pour une dur\u00e9e de cinq ans ,\nprenant effet \u00e0 compter de la date du pr\u00e9sent arr\u00eat\u00e9.\n.../...\nPr\u00e9fecture de la Manche \u2013 BP 70522 \u2013 50002 SAINT-L\u00d4 \u2013 T\u00e9l. : 02.33.75.49.50 \u2013 M\u00e9l. : prefecture@manche.gouv.fr\nAccueil du public les lundi, mardi, jeudi et vendredi : \n- Bureau des migrations et de l'int\u00e9gration : uniquement sur rendez-vous\n- point accueil num\u00e9rique de 8h30 \u00e0 12h30 uniquement sur rendez-vous\nAccueil g\u00e9n\u00e9ral ouvert du lundi au vendredi de 8h30 \u00e0 12h30 et de 14h00 \u00e0 17h00\nPr\u00e9fecture de la Manche - 50-2025-07-16-00006 - Arr\u00eat\u00e9 accordant la d\u00e9nomination de commune touristique \u00e0 la commune\nd'AGON-COUTAINVILLE 145\n- 2 -\nArticle  3 :  La  secr\u00e9taire  g\u00e9n\u00e9rale  de  la  pr\u00e9fecture  et  le  pr\u00e9sident  de  la  communaut\u00e9  de\ncommunes  Coutances  Mer  et  Bocage  sont  charg\u00e9s,  chacun  en  ce  qui  le  concerne,  de\nl'ex\u00e9cution du pr\u00e9sent arr\u00eat\u00e9 qui sera notifi\u00e9 au pr\u00e9sident de la communaut\u00e9 de communes\nCoutances mer et bocage.\nArticle 4 : Le pr\u00e9sent arr\u00eat\u00e9 sera publi\u00e9 au recueil des actes administratifs de la pr\u00e9fecture de\nla Manche.\nFait \u00e0 SAINT-LO, le 16 juillet 2025\nSign\u00e9 Xavier BRUNETIERE\nCopie pour information :\n- \u00e0 Monsieur le sous-pr\u00e9fet de COUTANCES\n- \u00e0 la direction des collectivit\u00e9s, de la citoyennet\u00e9 et de la l\u00e9galit\u00e9\n- \u00e0 Monsieur le maire d'AGON COUTAINVILLE\nPr\u00e9fecture de la Manche - 50-2025-07-16-00006 - Arr\u00eat\u00e9 accordant la d\u00e9nomination de commune touristique \u00e0 la commune\nd'AGON-COUTAINVILLE 146\nPr\u00e9fecture de la Manche\n50-2025-07-09-00009\nArr\u00eat\u00e9 cr\u00e9ation AUTO ECOLE DU MAUPAS \nPr\u00e9fecture de la Manche - 50-2025-07-09-00009 - Arr\u00eat\u00e9 cr\u00e9ation AUTO ECOLE DU MAUPAS 147\nqual-e-prei\nCABINET\nBureau de la s\u00e9curit\u00e9 et de la r\u00e9glementation\nARR\u00caTE\nportant agr\u00e9ment d'un \u00e9tablissement d'enseignement \nde la conduite des v\u00e9hicules \u00e0 moteur et de la s\u00e9curit\u00e9 routi\u00e8re\nLE PR\u00c9FET DE LA MANCHE\nChevalier de la L\u00e9gion d'Honneur\nChevalier de l'ordre national du M\u00e9rite\nVu le code de la route, notamment ses articles L. 213-1 \u00e0 L. 213-8 et  R. 213-1 \u00e0 R. 213-6  ; \nVu l'arr\u00eat\u00e9 minist\u00e9riel n\u00b00100025A du 8 janvier 2001 modifi\u00e9 cr\u00e9ant un registre national de\nl'enseignement de la conduite des v\u00e9hicules \u00e0 moteur et de la s\u00e9curit\u00e9 routi\u00e8re   ;\nVu l'arr\u00eat\u00e9 minist\u00e9riel n\u00b0  0100026A  du  8 janvier  2001  modifi\u00e9 relatif  \u00e0 l'exploitation des\n\u00e9tablissements d'enseignement, \u00e0 titre on\u00e9reux, de la conduite des v\u00e9hicules \u00e0 moteur et de\nla s\u00e9curit\u00e9 routi\u00e8re ;\nVu le d\u00e9cret 2004-374 du 29 avril 2004 relatif aux pouvoirs des pr\u00e9fets, \u00e0 l'organisation et \u00e0\nl'action des services de l'\u00c9tat dans les r\u00e9gions et les d\u00e9partements ;\nVu le d\u00e9cret du 13 juillet 2023 portant nomination de Monsieur Xavier BRUNETIERE, aux\nfonctions de pr\u00e9fet de la Manche ;\nVu le d\u00e9cret  du  22 ao\u00fbt  2023 portant  nomination de M.  Jean RAMPON,  sous-pr\u00e9fet  de\nCherbourg ;\nVu l'arr\u00eat\u00e9 du 02 juillet 2025 donnant d\u00e9l\u00e9gation de signature \u00e0 M. Jean RAMPON, sous-pr\u00e9fet\ncharg\u00e9 de l'int\u00e9rim du directeur de cabinet ;\nVu la demande pr\u00e9sent\u00e9e par Monsieur MADI Abdillah, en vue d'\u00eatre autoris\u00e9 \u00e0 exploiter un\n\u00e9tablissement d'enseignement, \u00e0 titre on\u00e9reux, de la conduite des v\u00e9hicules \u00e0 moteur et de\nla s\u00e9curit\u00e9 routi\u00e8re, d\u00e9nomm\u00e9 AUTO \u00c9COLE DU MAUPAS 26 Avenue Henri Poincarr\u00e9 50100\nCHERBOURG-EN-COTENTIN.\nPr\u00e9fecture de la Manche \u2013 BP 70522 \u2013 50002 SAINT-L\u00d4 \u2013 T\u00e9l. : 02.33.75.49.50 \u2013 M\u00e9l. : prefecture@manche.gouv.fr\nAccueil du public les lundi, mardi, jeudi et vendredi : \n- Bureau des migrations et de l'int\u00e9gration : uniquement sur rendez-vous\n- point accueil num\u00e9rique de 8h30 \u00e0 12h30 : uniquement sur rendez-vous\nAccueil g\u00e9n\u00e9ral ouvert du lundi au vendredi de 8h30 \u00e0 12h30 et de 14h00 \u00e0 17h00\nPr\u00e9fecture de la Manche - 50-2025-07-09-00009 - Arr\u00eat\u00e9 cr\u00e9ation AUTO ECOLE DU MAUPAS 148\nVu l'avis favorable de la Direction D\u00e9partementale des Territoires et de la Mer du 1 er juillet\n2025 ;\nA  R  R  E  T  E\nArt. 1er \u2013 Monsieur MADI Abdillah  est autoris\u00e9 \u00e0 exploiter, sous le n\u00b0 E 25 050 0002 0 , un\n\u00e9tablissement d'enseignement, \u00e0 titre on\u00e9reux, de la conduite des v\u00e9hicules \u00e0 moteur et de\nla s\u00e9curit\u00e9 routi\u00e8re, d\u00e9nomm\u00e9 AUTO \u00c9COLE DU MAUPAS 26 Avenue Henri Poincarr\u00e9 50100\nCHERBOURG-EN-COTENTIN.\nArt. 2 \u2013  Cet agr\u00e9ment est d\u00e9livr\u00e9 pour une dur\u00e9e de  cinq ans  \u00e0 compter de la date du\npr\u00e9sent arr\u00eat\u00e9.\nSur demande de l'exploitant pr\u00e9sent\u00e9e deux mois avant la date d'expiration de la validit\u00e9 de\nson agr\u00e9ment, celui-ci sera renouvel\u00e9 si l'\u00e9tablissement remplit toutes les conditions requises.\nArt. 3 \u2013 L'\u00e9tablissement est habilit\u00e9, au vu des autorisations d'enseigner fournies, \u00e0 dispenser\nles formations aux cat\u00e9gories de permis suivantes : \nAAC \u2013 B \u2013 B1.\nArt. 4 \u2013 Le pr\u00e9sent agr\u00e9ment n'est valable que pour l'exploitation d'un \u00e9tablissement, \u00e0 titre\npersonnel  par  son  titulaire,  sous  r\u00e9serve  de  l'application  des  prescriptions  de  l'arr\u00eat\u00e9\nminist\u00e9riel du 8 janvier 2001 susvis\u00e9.\nArt. 5 \u2013 Pour tout changement d'adresse du local d'activit\u00e9 ou toute reprise de ce local par\nun autre exploitant, une nouvelle demande d'agr\u00e9ment  d'exploiter  devra \u00eatre pr\u00e9sent\u00e9e\ndeux mois avant la date du changement ou de la reprise.\nArt.  6  \u2013  Pour  toute  transformation  du  local  d'activit\u00e9,  tout  changement  de  directeur\np\u00e9dagogique,  tout  abandon  ou  toute  extension  d'une  formation,  l'exploitant  est  tenu\nd'adresser une demande de modification du pr\u00e9sent arr\u00eat\u00e9 .\n \nArticle  7  \u2013  Le  nombre  de  personnes  susceptibles  d'\u00eatre  admis  simultan\u00e9ment  dans\nl'\u00e9tablissement, y compris l'enseignant, est fix\u00e9 \u00e0 19 personnes.\nArt. 8 \u2013 L'agr\u00e9ment peut \u00eatre \u00e0 tout moment suspendu ou retir\u00e9 selon les conditions fix\u00e9es\npar les articles 12 \u00e0 14 de l'arr\u00eat\u00e9 minist\u00e9riel du 8 janvier 2001 susvis\u00e9.\nArt. 9 - Le pr\u00e9sent agr\u00e9ment et toute d\u00e9cision affectant sa validit\u00e9 seront enregistr\u00e9s dans le\nregistre national de l'enseignement de la conduite des v\u00e9hicules \u00e0 moteur et de la s\u00e9curit\u00e9\nrouti\u00e8re cr\u00e9e par l'arr\u00eat\u00e9 du 8 janvier 2001 pr\u00e9cit\u00e9.\nConform\u00e9ment \u00e0 la loi n\u00b0 78-17 du 6 janvier 1978 relative \u00e0 l'informatique, aux fichiers et aux\nlibert\u00e9s, toute personne peut obtenir communication et, le cas \u00e9ch\u00e9ant, rectification ou\nsuppression des informations la concernant, en s'adressant au service de la pr\u00e9fecture de la\nManche.\nPr\u00e9fecture de la Manche - 50-2025-07-09-00009 - Arr\u00eat\u00e9 cr\u00e9ation AUTO ECOLE DU MAUPAS 149\nArt. 10 \u2013 Le sous-pr\u00e9fet charg\u00e9 de l'int\u00e9rim du directeur de cabinet  est charg\u00e9 de l'ex\u00e9cution\ndu pr\u00e9sent arr\u00eat\u00e9 dont mention sera ins\u00e9r\u00e9e au recueil des actes administratifs.\nSaint L\u00f4, Le 9 juillet 2025\nPour Le pr\u00e9fet et par d\u00e9l\u00e9gation,\nLa directrice des s\u00e9curit\u00e9s,\nsign\u00e9\nAnne MAERTENS\nDestinataires : \nMonsieur le Maire de Cherbourg-en- Cotentin ;\nMonsieur le Directeur Interd\u00e9partemental de la Police Nationale  ;\nMonsieur le Directeur des Services Fiscaux ;\nMonsieur le Directeur D\u00e9partemental des Territoires et de la Mer  ;\nMonsieur MADI Abdillah 26 Avenue du Maupas 50100 CHERBOURG-EN-COTENTIN\nPr\u00e9fecture de la Manche - 50-2025-07-09-00009 - Arr\u00eat\u00e9 cr\u00e9ation AUTO ECOLE DU MAUPAS 150\nPr\u00e9fecture de la Manche\n50-2025-07-10-00003\nArr\u00eat\u00e9 portant autorisation de p\u00e9n\u00e9trer dans les\npropri\u00e9t\u00e9s priv\u00e9es et publiques situ\u00e9es \nsur le territoire des communes de\nSaint-Aubin-des-Pr\u00e9aux, Saint-Pair-sur-Mer \net Saint-Pierre-Langers pour r\u00e9aliser des lev\u00e9s\ntopographiques et des \u00e9tudes g\u00e9otechniques et\nenvironnementales dans le cadre de l'\u00e9tude \nde la s\u00e9curisation de la RD 673\nPr\u00e9fecture de la Manche - 50-2025-07-10-00003 - Arr\u00eat\u00e9 portant autorisation de p\u00e9n\u00e9trer dans les propri\u00e9t\u00e9s priv\u00e9es et publiques\nsitu\u00e9es \nsur le territoire des communes de Saint-Aubin-des-Pr\u00e9aux, Saint-Pair-sur-Mer \net Saint-Pierre-Langers pour r\u00e9aliser des lev\u00e9s topographiques et des \u00e9tudes g\u00e9otechniques et environnementales dans le cadre de\nl'\u00e9tude \nde la s\u00e9curisation de la RD 673\n151\nEnPREFETDE LA MANCHELibert\u00e9\u00c9galit\u00e9Fraternit\u00e9\nSECR\u00c9TARIAT G\u00c9N\u00c9RAL\nService de la coordination des politiques publiques\n et de l'appui territorial\nBureau de l'environnement et de la concertation publique\n   Arr\u00eat\u00e9 n\u00b0 25-109-DB\nArr\u00eat\u00e9 \nportant autorisation de p\u00e9n\u00e9trer dans les propri\u00e9t\u00e9s priv\u00e9es et publiques situ\u00e9es \nsur le territoire des communes de Saint-Aubin-des-Pr\u00e9aux, Saint-Pair-sur-Mer \net Saint-Pierre-Langers pour r\u00e9aliser des lev\u00e9s topographiques et des \u00e9tudes\ng\u00e9otechniques et environnementales dans le cadre de l'\u00e9tude \nde la s\u00e9curisation de la RD 673\nLE PREFET DE LA MANCHE\nChevalier de la L\u00e9gion d'honneur\nChevalier de l'ordre national du M\u00e9rite\nVU le code de justice administrative ;\nVU le code p\u00e9nal ;\nVU le code du patrimoine ;\nVU la loi du 29 d\u00e9cembre 1892 modifi\u00e9e sur les dommages caus\u00e9s \u00e0 la propri\u00e9t\u00e9 priv\u00e9e  \npar l'ex\u00e9cution des travaux publics, notamment son article 1 ;\nVU la loi du 6 juillet 1943 modifi\u00e9e relative \u00e0 l'ex\u00e9cution des travaux g\u00e9od\u00e9siques et  \ncadastraux et \u00e0 la conservation des signaux, des bornes et rep\u00e8res ;\nVU la  demande  en  date  du  10  juin  2025  pr\u00e9sent\u00e9e  par  le  pr\u00e9sident  du  conseil  \nd\u00e9partemental de la Manche en vue d'\u00eatre autoris\u00e9 \u00e0 p\u00e9n\u00e9trer dans les propri\u00e9t\u00e9s \npriv\u00e9es et publiques dans le cadre de l'\u00e9tude de la s\u00e9curisation de la RD 673 entre \nla RD 373, giratoire de la ZA de La Lande et le Hameau de La Havaudi\u00e8re ;\nSUR proposition de la secr\u00e9taire g\u00e9n\u00e9rale de la pr\u00e9fecture,\nA R R E T EA R R E T E\nARTICLE 1  ER   :  Les  agents  du  conseil  d\u00e9partemental  ainsi  que  leurs  prestataires  et  leurs\npr\u00e9pos\u00e9s sont autoris\u00e9s, sous r\u00e9serve des droits des tiers, \u00e0 p\u00e9n\u00e9trer dans les parcelles\ncadastr\u00e9es sections suivantes : ZH et ZE sur la commune de Saint-Pair-sur-Mer, ZI et ZH sur\nla commune de Saint-Aubin-des-Pr\u00e9aux et D sur la commune de Saint-Pierre-Langers,  pour\nr\u00e9aliser des lev\u00e9s topographiques  pour un arr\u00eat\u00e9 de d\u00e9limitation du domaine public et\ndes  constats  \u00e9tablis  par  un  huissier  de justice ainsi que des  \u00e9tudes  g\u00e9otechniques  et\nenvironnementales ;\nARTICLE 2   : Les missions pr\u00e9vues \u00e0 l'article 1 er ne pourront commencer que dix jours apr\u00e8s\naffichage du pr\u00e9sent arr\u00eat\u00e9 dans la mairie concern\u00e9e.\nPr\u00e9fecture de la Manche \u2013 BP 70522 \u2013 50002 SAINT-L\u00d4 \u2013 T\u00e9l. : 02.33.75.49.50 \u2013 M\u00e9l. : prefecture@manche.gouv.fr\nAccueil du public les lundi, mardi, jeudi et vendredi : \n- Bureau des migrations et de l'int\u00e9gration : uniquement sur rendez-vous\n- point accueil num\u00e9rique de 8h30 \u00e0 12h30 uniquement sur rendez-vous\nAccueil g\u00e9n\u00e9ral ouvert du lundi au vendredi de 8h30 \u00e0 12h30 et de 14h00 \u00e0 17h00\nPr\u00e9fecture de la Manche - 50-2025-07-10-00003 - Arr\u00eat\u00e9 portant autorisation de p\u00e9n\u00e9trer dans les propri\u00e9t\u00e9s priv\u00e9es et publiques\nsitu\u00e9es \nsur le territoire des communes de Saint-Aubin-des-Pr\u00e9aux, Saint-Pair-sur-Mer \net Saint-Pierre-Langers pour r\u00e9aliser des lev\u00e9s topographiques et des \u00e9tudes g\u00e9otechniques et environnementales dans le cadre de\nl'\u00e9tude \nde la s\u00e9curisation de la RD 673\n152\nEn outre, l'introduction des agents vis\u00e9s \u00e0 l'article 1 er ne pourra avoir lieu dans les propri\u00e9t\u00e9s\ncloses  qu'apr\u00e8s  accomplissement des  formalit\u00e9s  prescrites  par  l'article 1er de la loi du  29\nd\u00e9cembre 1892 :\n\u00ab\u00a0L'introduction\u00a0des\u00a0agents\u00a0de\u00a0l'administration\u00a0ou\u00a0des\u00a0particuliers\u00a0\u00e0\u00a0qui\u00a0elle\u00a0d\u00e9l\u00e8gue\u00a0ses\u00a0droits,\nne\u00a0peut\u00a0\u00eatre\u00a0autoris\u00e9e\u00a0\u00e0\u00a0l'int\u00e9rieur\u00a0des\u00a0maisons\u00a0d'habitations\u00a0;\u00a0dans\u00a0les\u00a0autres\u00a0propri\u00e9t\u00e9s\u00a0closes,\nelle\u00a0ne\u00a0peut\u00a0avoir\u00a0lieu\u00a0que\u00a0cinq\u00a0jours\u00a0apr\u00e8s\u00a0notification\u00a0au\u00a0propri\u00e9taire,\u00a0ou,\u00a0en\u00a0son\u00a0absence,\u00a0au\ngardien\u00a0de\u00a0la\u00a0propri\u00e9t\u00e9.\nA\u00a0d\u00e9faut\u00a0de\u00a0gardien\u00a0connu\u00a0demeurant\u00a0dans\u00a0la\u00a0commune,\u00a0le\u00a0d\u00e9lai\u00a0ne\u00a0court\u00a0qu'\u00e0\u00a0partir\u00a0de\u00a0la\nnotification\u00a0au\u00a0propri\u00e9taire\u00a0faite\u00a0en\u00a0la\u00a0mairie\u00a0;\u00a0ce\u00a0d\u00e9lai\u00a0expir\u00e9,\u00a0si\u00a0personne\u00a0ne\u00a0se\u00a0pr\u00e9sente\u00a0pour\npermettre\u00a0l'acc\u00e8s,\u00a0lesdits\u00a0agents\u00a0ou\u00a0particuliers \u00a0peuvent\u00a0entrer\u00a0avec\u00a0l'assistance\u00a0du\u00a0juge\u00a0du\ntribunal\u00a0d'instance.\nIl\u00a0ne\u00a0peut\u00a0\u00eatre\u00a0abattu\u00a0d'arbres\u00a0fruitiers,\u00a0d'ornement\u00a0ou\u00a0de\u00a0haute\u00a0futaie,\u00a0avant\u00a0qu'un\u00a0accord\namiable\u00a0ne\u00a0soit\u00a0\u00e9tabli\u00a0sur\u00a0leur\u00a0valeur,\u00a0ou\u00a0qu'\u00e0\u00a0d\u00e9faut\u00a0de\u00a0cet\u00a0accord,\u00a0il\u00a0ait\u00a0\u00e9t\u00e9\u00a0proc\u00e9d\u00e9\u00a0\u00e0\u00a0une\nconstatation\u00a0contradictoire\u00a0destin\u00e9e\u00a0\u00e0\u00a0fournir\u00a0les\u00a0\u00e9l\u00e9ments\u00a0n\u00e9cessaires\u00a0pour\u00a0l'\u00e9valuation\u00a0des\ndommages.\nA\u00a0la\u00a0fin\u00a0de\u00a0l'op\u00e9ration,\u00a0tout\u00a0dommage\u00a0caus\u00e9\u00a0par\u00a0les\u00a0\u00e9tudes\u00a0est\u00a0r\u00e9gl\u00e9\u00a0entre\u00a0le\u00a0propri\u00e9taire\u00a0et\nl'administration\u00a0dans\u00a0les\u00a0formes\u00a0indiqu\u00e9es\u00a0par\u00a0la\u00a0loi\u00a0du\u00a022\u00a0juillet\u00a01889.\u00a0\u00bb\nARTICLE 3   : Chacune des personnes charg\u00e9es des diff\u00e9rentes missions sera munie d'une copie\ndu pr\u00e9sent arr\u00eat\u00e9, qu'elle sera tenue de pr\u00e9senter \u00e0 toute r\u00e9quisition.\nARTICLE   4   : D\u00e9fense est faite aux propri\u00e9taires d'apporter aux agents charg\u00e9s des travaux aucun\ntrouble, ni emp\u00eachement et de d\u00e9placer diff\u00e9rents signaux ou rep\u00e8res qui seront \u00e9tablis dans\nleurs  propri\u00e9t\u00e9s.  Les  maires  de  Saint-Aubin-des-Pr\u00e9aux,  Saint-Pair-sur-Mer  et  Saint-Pierre-\nLangers sont invit\u00e9s \u00e0 pr\u00eater leur concours au personnel effectuant les \u00e9tudes ou travaux. Ils\nprendront les mesures n\u00e9cessaires pour la conservation des balises, jalons, piquets ou rep\u00e8res.\nARTICLE   5   : Les indemnit\u00e9s qui pourraient \u00eatre dues pour dommages caus\u00e9s aux propri\u00e9taires\npar le personnel charg\u00e9 des \u00e9tudes seront \u00e0 la charge du conseil d\u00e9partemental. A d\u00e9faut\nd'entente amiable, elles seront r\u00e9gl\u00e9es par le tribunal administratif de Caen, dans les formes\nindiqu\u00e9es par les articles R. 411-1 et suivants du code de justice administrative.\nARTICLE   6   : La pr\u00e9sente autorisation est d\u00e9livr\u00e9e pour une dur\u00e9e de trois ans et sera p\u00e9rim\u00e9e de\nplein droit si elle n'est pas suivie d'ex\u00e9cution dans les six mois de sa date.\nARTICLE   7   : Une copie du pr\u00e9sent arr\u00eat\u00e9 sera affich\u00e9e imm\u00e9diatement et au plus tard dix jours\navant le d\u00e9but des op\u00e9rations, \u00e0 la porte des mairies de Saint-Aubin-des-Pr\u00e9aux, Saint-Pair-sur-\nMer et Saint-Pierre-Langers et aux autres endroits habituels d'affichage. Cette formalit\u00e9 sera\njustifi\u00e9e par un certificat du maire.\nARTICLE   8   : La secr\u00e9taire g\u00e9n\u00e9rale de la pr\u00e9fecture, le pr\u00e9sident du conseil d\u00e9partemental et les\nmaires  de  Saint-Aubin-des-Pr\u00e9aux,  Saint-Pair-sur-Mer  et  Saint-Pierre-Langers sont  charg\u00e9s,\nchacun en ce qui le concerne, de l'ex\u00e9cution du pr\u00e9sent arr\u00eat\u00e9 qui sera publi\u00e9 au recueil des\nactes administratifs.\n  \nSaint-L\u00f4, le 10 juillet 2025\nSign\u00e9    \n                                                                   Xavier BRUNETIERE\n2\nPr\u00e9fecture de la Manche - 50-2025-07-10-00003 - Arr\u00eat\u00e9 portant autorisation de p\u00e9n\u00e9trer dans les propri\u00e9t\u00e9s priv\u00e9es et publiques\nsitu\u00e9es \nsur le territoire des communes de Saint-Aubin-des-Pr\u00e9aux, Saint-Pair-sur-Mer \net Saint-Pierre-Langers pour r\u00e9aliser des lev\u00e9s topographiques et des \u00e9tudes g\u00e9otechniques et environnementales dans le cadre de\nl'\u00e9tude \nde la s\u00e9curisation de la RD 673\n153\nPr\u00e9fecture de la Manche\n50-2025-07-10-00002\nArr\u00eat\u00e9 portant autorisation de p\u00e9n\u00e9trer dans les\npropri\u00e9t\u00e9s priv\u00e9es et publiques situ\u00e9es sur \nle territoire de la commune de Longueville pour\nr\u00e9aliser des lev\u00e9s topographiques, des inventaires\net des investigations de terrain dans le cadre de\nl'\u00e9tude de la s\u00e9curisation de la d\u00e9viation de\nGranville\nPr\u00e9fecture de la Manche - 50-2025-07-10-00002 - Arr\u00eat\u00e9 portant autorisation de p\u00e9n\u00e9trer dans les propri\u00e9t\u00e9s priv\u00e9es et publiques\nsitu\u00e9es sur \nle territoire de la commune de Longueville pour r\u00e9aliser des lev\u00e9s topographiques, des inventaires et des investigations de terrain dans\nle cadre de l'\u00e9tude de la s\u00e9curisation de la d\u00e9viation de Granville\n154\nExPREFETDE LA MANCHELibert\u00e9\u00c9galit\u00e9Fraternit\u00e9\nSECR\u00c9TARIAT G\u00c9N\u00c9RAL\nService de la coordination des politiques publiques\n et de l'appui territorial\nBureau de l'environnement et de la concertation publique\n   Arr\u00eat\u00e9 n\u00b0 25-108-DB\nArr\u00eat\u00e9\nportant autorisation de p\u00e9n\u00e9trer dans les propri\u00e9t\u00e9s priv\u00e9es et publiques situ\u00e9es sur \nle territoire de la commune de Longueville pour r\u00e9aliser des lev\u00e9s topographiques, \ndes inventaires et des investigations de terrain dans le cadre de l'\u00e9tude de la s\u00e9curisation\nde la d\u00e9viation de Granville\nLE PREFET DE LA MANCHE\nChevalier de la L\u00e9gion d'honneur\nChevalier de l'ordre national du M\u00e9rite\nVU le code de justice administrative ;\nVU le code p\u00e9nal ;\nVU le code du patrimoine ;\nVU la loi du 29 d\u00e9cembre 1892 modifi\u00e9e sur les dommages caus\u00e9s \u00e0 la propri\u00e9t\u00e9 priv\u00e9e  \npar l'ex\u00e9cution des travaux publics, notamment son article 1 ;\nVU la loi du 6 juillet 1943 modifi\u00e9e relative \u00e0 l'ex\u00e9cution des travaux g\u00e9od\u00e9siques et  \ncadastraux et \u00e0 la conservation des signaux, des bornes et rep\u00e8res ;\nVU la  demande  en  date  du  2  avril  2025  pr\u00e9sent\u00e9e  par  le  pr\u00e9sident  du  conseil  \nd\u00e9partemental de la Manche en vue d'\u00eatre autoris\u00e9 \u00e0 p\u00e9n\u00e9trer dans les propri\u00e9t\u00e9s \npriv\u00e9es et publiques dans le cadre de l'\u00e9tude de la s\u00e9curisation de la d\u00e9viation de \nGranville ;\nSUR proposition de la secr\u00e9taire g\u00e9n\u00e9rale de la pr\u00e9fecture,\nA R R E T EA R R E T E\nARTICLE 1  ER   :  Les  agents  du  conseil  d\u00e9partemental  ainsi  que  leurs  prestataires  et  leurs\npr\u00e9pos\u00e9s sont autoris\u00e9s, sous r\u00e9serve des droits des tiers, \u00e0 p\u00e9n\u00e9trer dans les parcelles\ncadastr\u00e9es  sections  suivantes :  C560  \u2013 C533p  \u2013 C520  \u2013 C66  \u2013 C533p(f)  \u2013 C533p(e)  \u2013\nC530p(b) \u2013 C530p(a) \u2013 C531p(d) et C531p(c) situ\u00e9es sur le territoire de la commune de\nLONGUEVILLE au lieu-dit \u00ab  la Fissadamerie \u00bb, pour r\u00e9aliser des lev\u00e9s topographiques avec\nintervention d'un g\u00e9om\u00e8tre, des inventaires et des investigations de terrain dans le cadre\nde l'\u00e9tude de la s\u00e9curisation de la d\u00e9viation de Granville ;\nARTICLE 2   : Les missions pr\u00e9vues \u00e0 l'article 1 er ne pourront commencer que dix jours apr\u00e8s\naffichage du pr\u00e9sent arr\u00eat\u00e9 dans la mairie concern\u00e9e.\nEn  outre,  l'introduction  des  agents  vis\u00e9s  \u00e0  l'article  1er ne  pourra  avoir  lieu  dans  les\npropri\u00e9t\u00e9s closes qu'apr\u00e8s accomplissement des formalit\u00e9s prescrites par l'article 1 er de la\nloi du 29 d\u00e9cembre 1892 :\nPr\u00e9fecture de la Manche \u2013 BP 70522 \u2013 50002 SAINT-L\u00d4 \u2013 T\u00e9l. : 02.33.75.49.50 \u2013 M\u00e9l. : prefecture@manche.gouv.fr\nAccueil du public les lundi, mardi, jeudi et vendredi : \n- Bureau des migrations et de l'int\u00e9gration : uniquement sur rendez-vous\n- point accueil num\u00e9rique de 8h30 \u00e0 12h30 uniquement sur rendez-vous\nAccueil g\u00e9n\u00e9ral ouvert du lundi au vendredi de 8h30 \u00e0 12h30 et de 14h00 \u00e0 17h00\nPr\u00e9fecture de la Manche - 50-2025-07-10-00002 - Arr\u00eat\u00e9 portant autorisation de p\u00e9n\u00e9trer dans les propri\u00e9t\u00e9s priv\u00e9es et publiques\nsitu\u00e9es sur \nle territoire de la commune de Longueville pour r\u00e9aliser des lev\u00e9s topographiques, des inventaires et des investigations de terrain dans\nle cadre de l'\u00e9tude de la s\u00e9curisation de la d\u00e9viation de Granville\n155\n\u00ab\u00a0L'introduction\u00a0des\u00a0agents\u00a0de\u00a0l'administration\u00a0ou\u00a0des\u00a0particuliers\u00a0\u00e0\u00a0qui\u00a0elle\u00a0d\u00e9l\u00e8gue\u00a0ses\u00a0droits,\nne\u00a0peut\u00a0\u00eatre\u00a0autoris\u00e9e\u00a0\u00e0\u00a0l'int\u00e9rieur\u00a0des\u00a0maisons\u00a0d'habitations\u00a0;\u00a0dans\u00a0les\u00a0autres\u00a0propri\u00e9t\u00e9s\u00a0closes,\nelle\u00a0ne\u00a0peut\u00a0avoir\u00a0lieu\u00a0que\u00a0cinq\u00a0jours\u00a0apr\u00e8s\u00a0notification\u00a0au\u00a0propri\u00e9taire,\u00a0ou,\u00a0en\u00a0son\u00a0absence,\u00a0au\ngardien\u00a0de\u00a0la\u00a0propri\u00e9t\u00e9.\nA\u00a0d\u00e9faut\u00a0de\u00a0gardien\u00a0connu\u00a0demeurant\u00a0dans\u00a0la\u00a0commune,\u00a0le\u00a0d\u00e9lai\u00a0ne\u00a0court\u00a0qu'\u00e0\u00a0partir\u00a0de\u00a0la\nnotification\u00a0au\u00a0propri\u00e9taire\u00a0faite\u00a0en\u00a0la\u00a0mairie\u00a0;\u00a0ce\u00a0d\u00e9lai\u00a0expir\u00e9,\u00a0si\u00a0personne\u00a0ne\u00a0se\u00a0pr\u00e9sente\u00a0pour\npermettre\u00a0l'acc\u00e8s,\u00a0lesdits\u00a0agents\u00a0ou\u00a0particuliers \u00a0peuvent\u00a0entrer\u00a0avec\u00a0l'assistance\u00a0du\u00a0juge\u00a0du\ntribunal\u00a0d'instance.\nIl\u00a0ne\u00a0peut\u00a0\u00eatre\u00a0abattu\u00a0d'arbres\u00a0fruitiers,\u00a0d'ornement\u00a0ou\u00a0de\u00a0haute\u00a0futaie,\u00a0avant\u00a0qu'un\u00a0accord\namiable\u00a0ne\u00a0soit\u00a0\u00e9tabli\u00a0sur\u00a0leur\u00a0valeur,\u00a0ou\u00a0qu'\u00e0\u00a0d\u00e9faut\u00a0de\u00a0cet\u00a0accord,\u00a0il\u00a0ait\u00a0\u00e9t\u00e9\u00a0proc\u00e9d\u00e9\u00a0\u00e0\u00a0une\nconstatation\u00a0contradictoire\u00a0destin\u00e9e\u00a0\u00e0\u00a0fournir\u00a0les\u00a0\u00e9l\u00e9ments\u00a0n\u00e9cessaires\u00a0pour\u00a0l'\u00e9valuation\u00a0des\ndommages.\nA\u00a0la\u00a0fin\u00a0de\u00a0l'op\u00e9ration,\u00a0tout\u00a0dommage\u00a0caus\u00e9\u00a0par\u00a0les\u00a0\u00e9tudes\u00a0est\u00a0r\u00e9gl\u00e9\u00a0entre\u00a0le\u00a0propri\u00e9taire\u00a0et\nl'administration\u00a0dans\u00a0les\u00a0formes\u00a0indiqu\u00e9es\u00a0par\u00a0la\u00a0loi\u00a0du\u00a022\u00a0juillet\u00a01889.\u00a0\u00bb\nARTICLE 3   : Chacune des personnes charg\u00e9es des diff\u00e9rentes missions sera munie d'une copie\ndu pr\u00e9sent arr\u00eat\u00e9, qu'elle sera tenue de pr\u00e9senter \u00e0 toute r\u00e9quisition.\nARTICLE   4   : D\u00e9fense est faite aux propri\u00e9taires d'apporter aux agents charg\u00e9s des travaux aucun\ntrouble, ni emp\u00eachement et de d\u00e9placer diff\u00e9rents signaux ou rep\u00e8res qui seront \u00e9tablis dans\nleurs  propri\u00e9t\u00e9s.  Le  maire  de  Longueville  est  invit\u00e9  \u00e0  pr\u00eater  son  concours  au  personnel\neffectuant les \u00e9tudes ou travaux. Il prendra les mesures n\u00e9cessaires pour la conservation des\nbalises, jalons, piquets ou rep\u00e8res.\nARTICLE   5   : Les indemnit\u00e9s qui pourraient \u00eatre dues pour dommages caus\u00e9s aux propri\u00e9taires\npar le personnel charg\u00e9 des \u00e9tudes seront \u00e0 la charge du conseil d\u00e9partemental. A d\u00e9faut\nd'entente amiable, elles seront r\u00e9gl\u00e9es par le tribunal administratif de Caen, dans les formes\nindiqu\u00e9es par les articles R. 411-1 et suivants du code de justice administrative.\nARTICLE   6   : La pr\u00e9sente autorisation est d\u00e9livr\u00e9e pour une dur\u00e9e de trois ans et sera p\u00e9rim\u00e9e de\nplein droit si elle n'est pas suivie d'ex\u00e9cution dans les six mois de sa date.\nARTICLE   7   : Une copie du pr\u00e9sent arr\u00eat\u00e9 sera affich\u00e9e imm\u00e9diatement et au plus tard dix jours\navant le d\u00e9but des op\u00e9rations, \u00e0 la porte de la mairie de Longueville et aux autres endroits\nhabituels d'affichage. Cette formalit\u00e9 sera justifi\u00e9e par un certificat du maire.\nARTICLE   8   : La secr\u00e9taire g\u00e9n\u00e9rale de la pr\u00e9fecture, le pr\u00e9sident du conseil d\u00e9partemental et le\nmaire de Longueville  sont charg\u00e9s, chacun en ce qui le concerne, de l'ex\u00e9cution du pr\u00e9sent\narr\u00eat\u00e9 qui sera publi\u00e9 au recueil des actes administratifs.\nSaint-L\u00f4, le 10 juillet 2025\nSign\u00e9\nXavier BRUNETIERE\n2\nPr\u00e9fecture de la Manche - 50-2025-07-10-00002 - Arr\u00eat\u00e9 portant autorisation de p\u00e9n\u00e9trer dans les propri\u00e9t\u00e9s priv\u00e9es et publiques\nsitu\u00e9es sur \nle territoire de la commune de Longueville pour r\u00e9aliser des lev\u00e9s topographiques, des inventaires et des investigations de terrain dans\nle cadre de l'\u00e9tude de la s\u00e9curisation de la d\u00e9viation de Granville\n156\nPr\u00e9fecture de la Manche\n50-2025-07-07-00002\nArr\u00eat\u00e9 pr\u00e9fectoral n\u00b0 2025-48-SIDPC portant\ncomposition du Comit\u00e9 Local de s\u00fbret\u00e9\nportuaire des ports de Barneville-Carteret,\nDielette et Granville\nPr\u00e9fecture de la Manche - 50-2025-07-07-00002 - Arr\u00eat\u00e9 pr\u00e9fectoral n\u00b0 2025-48-SIDPC portant composition du Comit\u00e9 Local de s\u00fbret\u00e9\nportuaire des ports de Barneville-Carteret, Dielette et Granville 157\nPREFETDE LA MANCHELibert\u00e9Egalit\u00e9Fraternit\u00e9\nCABINET\nDirection des S\u00e9curit\u00e9s\nService Interminist\u00e9riel de D\u00e9fense\net de Protection Civile\nArr\u00eat\u00e9 pr\u00e9fectoral n\u00b0 2025-48-SIDPC\nportant composition du Comit\u00e9 Local de s\u00fbret\u00e9 portuaire\ndes ports de Barneville-Carteret, Dielette et Granville\nLE PR\u00c9FET DE LA MANCHE\nChevalier de la L\u00e9gion d'honneur\nChevalier de l'ordre national du M\u00e9rite\nVU le r\u00e8glement (CE) n\u00b0 725/2004 du Parlement europ\u00e9en et du Conseil du 31 mars 2004 \nrelatif \u00e0 l'am\u00e9lioration de la s\u00fbret\u00e9 des navires et des installations portuaires ; \nVU la directive du Parlement et du Conseil Europ\u00e9en n\u00b02005/CE du 26 octobre 2005,  \nrelative \u00e0 l'am\u00e9lioration de la s\u00fbret\u00e9 des ports ; \nVU le Code des Transports et notamment les articles L 5332,-1 A \u00e0 L 5332-8, R5332-4  et  \nR5332-5 relatifs \u00e0 la composition et au r\u00f4le du comit\u00e9 local de s\u00fbret\u00e9 portuaire ; \nVU  le d\u00e9cret n\u00b0 2015-1756 du 24 d\u00e9cembre 2015 relatif \u00e0 la s\u00fbret\u00e9 des ports maritimes ; \nVU l'arr\u00eat\u00e9 du 10 avril 2007 fixant la liste des ports mentionn\u00e9s \u00e0 l'article R. 5332-18 du \nCode des Transports ; \nVU l'arr\u00eat\u00e9 n\u00b0 7 du 20/01/2022 portant modification du comit\u00e9 local de s\u00fbret\u00e9 des ports \nde Barneville-Carteret, Di\u00e9lette et Granville ; \nSur proposition de la Directrice de Cabinet,\nARR\u00caTE\nArticle 1  er    \nIl est institu\u00e9, pour les Ports de Barneville-Carteret, Di\u00e9lette et Granville, un comit\u00e9 local de\ns\u00fbret\u00e9 portuaire en vue d'\u00e9mettre un avis sur :\n- les projets d'\u00e9valuation de s\u00fbret\u00e9 portuaire et les projets de plan de s\u00fbret\u00e9 portuaire ;\n- les projets d'\u00e9valuation de la s\u00fbret\u00e9 des installations portuaires et les projets de plans\nde s\u00fbret\u00e9 des installations portuaires ;\n- les projets de travaux de construction et de modernisation des infrastructures et des\n\u00e9quipements portuaires int\u00e9ressant la s\u00fbret\u00e9 ;\n- sauf en cas d'urgence, les mesures de s\u00fbret\u00e9 qu'il est propos\u00e9 de prendre dans la zone\nmaritime et fluviale de r\u00e9gulation d\u00e9finie \u00e0 l'article L. 5331-1.\nArticle 2 \nLe comit\u00e9 local de s\u00fbret\u00e9 portuaire peut \u00eatre consult\u00e9 par le repr\u00e9sentant de l'\u00c9tat dans le\nd\u00e9partement en vue : \n- d'\u00e9mettre un avis sur toutes les questions relatives \u00e0 la s\u00fbret\u00e9 dans la zone portuaire\nde s\u00fbret\u00e9 d\u00e9finie \u00e0 l'article L. 5332-1 ;\n1\nPr\u00e9fecture de la Manche - 50-2025-07-07-00002 - Arr\u00eat\u00e9 pr\u00e9fectoral n\u00b0 2025-48-SIDPC portant composition du Comit\u00e9 Local de s\u00fbret\u00e9\nportuaire des ports de Barneville-Carteret, Dielette et Granville 158\nPREFETDE LA MANCHELibert\u00e9Egalit\u00e9Fraternit\u00e9\nCABINET\nDirection des S\u00e9curit\u00e9s\nService Interminist\u00e9riel de D\u00e9fense\net de Protection Civile\n- de proposer toute mesure concourant au renforcement du niveau de vigilance dans le\nport,  notamment  en  ce  qui  concerne  les  actions  d'information,  de  sensibilisation,  les\nformations, les exercices et les entra\u00eenements ;\n- de proposer toute mesure de coordination entre les services publics comp\u00e9tents en\nmati\u00e8re de s\u00fbret\u00e9 et les organismes priv\u00e9s s'il y a lieu.\nArticle 3 \nLe comit\u00e9 local de s\u00fbret\u00e9 portuaire des ports de Barneville-Carteret, Di\u00e9lette et Granville se\nr\u00e9unit au moins une fois par an.\nArticle 4 \nLe  comit\u00e9  local  de  s\u00fbret\u00e9  portuaire  est  pr\u00e9sid\u00e9  par  le  Pr\u00e9fet  de  d\u00e9partement  ou  son\nrepr\u00e9sentant.\nIl comprend : \n- le directeur r\u00e9gional des douanes de Caen ou son repr\u00e9sentant,\n- le directeur d\u00e9partemental de la s\u00e9curit\u00e9 publique de la Manche ou son repr\u00e9sentant ;\n- le commandant de groupement de la gendarmerie d\u00e9partementale de la Manche ou\nson repr\u00e9sentant ;\n- le commandant de groupement de la gendarmerie maritime ou son repr\u00e9sentant ;\n- le directeur d\u00e9partemental de la s\u00e9curit\u00e9 int\u00e9rieure ou son repr\u00e9sentant ;\n- le chef du service d\u00e9partemental des renseignements territoriaux de la Manche ou son\nrepr\u00e9sentant ;\n- le pr\u00e9fet maritime de la Manche et de la Mer du Nord ou son repr\u00e9sentant ;\n- le pr\u00e9sident du Conseil d\u00e9partemental de la Manche ou son repr\u00e9sentant ;\n- le  pr\u00e9sident  de  la  Soci\u00e9t\u00e9  Publique  Locale  des  Ports  de  la  Manche  ou  son\nrepr\u00e9sentant ; \n- le pr\u00e9sident de la communaut\u00e9 d'agglom\u00e9ration du Cotentin ou son repr\u00e9sentant ;\n- le maire de Barneville-Carteret ou son repr\u00e9sentant ; \n- les agents de s\u00fbret\u00e9 portuaire des ports de Barneville-Carteret, Di\u00e9lette et Granville ;\n- les  agents  de  s\u00fbret\u00e9  des  installations  portuaires  des  ports  de  Barneville-Carteret,\nDi\u00e9lette et Granville ;\n- le chef du service interminist\u00e9riel de d\u00e9fense et de protection civiles.\nEn outre, en fonction des questions figurant \u00e0 l'ordre du jour, le comit\u00e9 peut \u00e9galement\nassocier toute personne qualifi\u00e9e, notamment : \n- le directeur d\u00e9partemental des services d'incendie et de secours ou son repr\u00e9sentant ;\n- le d\u00e9l\u00e9gu\u00e9 militaire d\u00e9partemental ou son repr\u00e9sentant ;\n- les  repr\u00e9sentants  des  compagnies  maritimes  qui  exploitent  un  ou  des  navires  de\npassagers pour des services r\u00e9guliers.\nIl peut \u00e9galement associer les auditeurs de s\u00fbret\u00e9 portuaire du minist\u00e8re de la transition\n\u00e9cologique et solidaire (DGITM/DST/Ds\u00fbt).\nArticle 5 \nLe secr\u00e9tariat du comit\u00e9 est assur\u00e9 par le service interminist\u00e9riel de d\u00e9fense et de protection\nciviles de la Pr\u00e9fecture de la Manche.\nArticle 6 \nLes d\u00e9lib\u00e9rations du comit\u00e9 local de s\u00fbret\u00e9 portuaire et les informations dont les membres\nont connaissance \u00e0 l'occasion de leurs travaux sont confidentielles.\n2\nPr\u00e9fecture de la Manche - 50-2025-07-07-00002 - Arr\u00eat\u00e9 pr\u00e9fectoral n\u00b0 2025-48-SIDPC portant composition du Comit\u00e9 Local de s\u00fbret\u00e9\nportuaire des ports de Barneville-Carteret, Dielette et Granville 159\nPREFETDE LA MANCHELibert\u00e9Egalit\u00e9Fraternit\u00e9\nCABINET\nDirection des S\u00e9curit\u00e9s\nService Interminist\u00e9riel de D\u00e9fense\net de Protection Civile\nArticle 7 \nLa consultation des membres du comit\u00e9 local de s\u00fbret\u00e9 portuaire peut intervenir par voie\n\u00e9lectronique.\nArticle 8 \nL'arr\u00eat\u00e9 pr\u00e9fectoral n\u00b07 du 20 janvier 2022 est abrog\u00e9.\nArticle 9 \nLa Directrice de Cabinet  de la pr\u00e9fecture de la Manche est  charg\u00e9e de l'application du\npr\u00e9sent arr\u00eat\u00e9 qui sera notifi\u00e9 \u00e0 l'ensemble des membres du comit\u00e9 local de s\u00fbret\u00e9 portuaire\net publi\u00e9 au recueil des actes administratifs de la pr\u00e9fecture de la Manche.\nSaint-L\u00f4, le 7 juillet 2025\nLe Pr\u00e9fet\nsign\u00e9\nXavier Bruneti\u00e8re\nPr\u00e9fecture de la Manche \u2013 BP 70522 \u2013 50002 SAINT-L\u00d4 \u2013 T\u00e9l. : 02.33.75.49.50 \u2013 M\u00e9l. : prefecture@manche.gouv.fr\nAccueil du public les lundi, mardi, jeudi et vendredi : \n- Bureau des migrations et de l'int\u00e9gration : uniquement sur rendez-vous\n- point accueil num\u00e9rique de 8h30 \u00e0 12h30 uniquement sur rendez-vous\nAccueil g\u00e9n\u00e9ral ouvert du lundi au vendredi de 8h30 \u00e0 12h30 et de 14h00 \u00e0 17h00\nVoies et d\u00e9lais de recours - Conform\u00e9ment aux dispositions des articles R. 421-1 \u00e0 R. 421-5 du code de la justice administrative, le pr\u00e9sent\narr\u00eat\u00e9 peut faire l'objet d'un recours contentieux devant le tribunal administratif de Rouen dans le d\u00e9lai de deux mois \u00e0 compter de sa\nnotification ou de sa publication - le tribunal administratif peut \u00eatre saisi par l'application T\u00e9l\u00e9recours citoyens, accessible par le site\nwww.telerecours.fr\n3\nPr\u00e9fecture de la Manche - 50-2025-07-07-00002 - Arr\u00eat\u00e9 pr\u00e9fectoral n\u00b0 2025-48-SIDPC portant composition du Comit\u00e9 Local de s\u00fbret\u00e9\nportuaire des ports de Barneville-Carteret, Dielette et Granville 160\nSecr\u00e9tariat g\u00e9n\u00e9ral commun d\u00e9partemental\n50-2025-07-23-00005\nArr\u00eat\u00e9 modificatif n\u00b02025/107 \u00e0 l'arr\u00eat\u00e9\npr\u00e9fectoral du 22 d\u00e9cembre 2022 et aux arr\u00eat\u00e9s\nmodificatifs pris en 2024 portant d\u00e9signation des\nmembres du comit\u00e9 social d'administration de la\npr\u00e9fecture et du  secr\u00e9tariat g\u00e9n\u00e9ral commun de\nla Manche\nSecr\u00e9tariat g\u00e9n\u00e9ral commun d\u00e9partemental - 50-2025-07-23-00005 - Arr\u00eat\u00e9 modificatif n\u00b02025/107 \u00e0 l'arr\u00eat\u00e9 pr\u00e9fectoral du 22\nd\u00e9cembre 2022 et aux arr\u00eat\u00e9s modificatifs pris en 2024 portant d\u00e9signation des membres du comit\u00e9 social d'administration de la\npr\u00e9fecture et du  secr\u00e9tariat g\u00e9n\u00e9ral commun de la Manche\n161\nExPREFETDE LA MANCHELibert\u00e9Egalit\u00e9Fraternit\u00e9\nArr\u00eat\u00e9 modificatif n\u00b02025/107\n\u00e0 l'arr\u00eat\u00e9 pr\u00e9fectoral du 22 d\u00e9cembre 2022 et aux arr\u00eat\u00e9s modificatifs pris en 2024\nportant d\u00e9signation des membres du comit\u00e9 social d'administration de la pr\u00e9fecture et du\nsecr\u00e9tariat g\u00e9n\u00e9ral commun de la Manche\nLe pr\u00e9fet de la Manche,\nVu le code g\u00e9n\u00e9ral de la fonction publique\u00a0;\nVu le d\u00e9cret n\u00b0 2020-1427 du 20 novembre 2020 relatif aux comit\u00e9s sociaux d'administration\ndans les administrations et les \u00e9tablissements publics de l'\u00c9tat ;\nVu  l'arr\u00eat\u00e9  du  3  juin  2022  instituant  des  comit\u00e9s  sociaux  d'administration  au  sein  des\nminist\u00e8res de l'Int\u00e9rieur et des Outre-mer\u00a0; \nVu l'arr\u00eat\u00e9 pr\u00e9fectoral n\u00b02022-277 du 22 d\u00e9cembre 2022 ;\nVu les arr\u00eat\u00e9s modificatifs n\u00b0 2024/97 du 29 mai 2024 et n\u00b0 2024/205 du 15 novembre 2024 ;\nVu la  demande formul\u00e9e le 23 juillet par l'organisation syndicale FO tendant \u00e0 faire retirer\nmonsieur Thierry REGNAUT des repr\u00e9sentants du personnel FO si\u00e9geant en CSA au motif que\nl'int\u00e9ress\u00e9 n'est plus adh\u00e9rent de ladite organisation syndicale ;\nArr\u00eate :\nArticle 1er\nLe comit\u00e9 social d'administration de proximit\u00e9 de la pr\u00e9fecture de la Manche est compos\u00e9\ncomme suit\u00a0:\na) Repr\u00e9sentants de l'administration :\n- le pr\u00e9fet de la Manche, pr\u00e9sident\n- le secr\u00e9taire g\u00e9n\u00e9ral de la pr\u00e9fecture,\n- la directrice d\u00e9partementale du secr\u00e9tariat g\u00e9n\u00e9ral commun,\nb) Repr\u00e9sentants du personnel : 5 membres titulaires et 1 membre suppl\u00e9ant.\nLe pr\u00e9sident est assist\u00e9, en tant que de besoin, par les membres de l'administration exer\u00e7ant\ndes fonctions de responsabilit\u00e9 et concern\u00e9s par des questions soumises \u00e0 l'avis du comit\u00e9.\nSecr\u00e9tariat g\u00e9n\u00e9ral commun d\u00e9partemental - 50-2025-07-23-00005 - Arr\u00eat\u00e9 modificatif n\u00b02025/107 \u00e0 l'arr\u00eat\u00e9 pr\u00e9fectoral du 22\nd\u00e9cembre 2022 et aux arr\u00eat\u00e9s modificatifs pris en 2024 portant d\u00e9signation des membres du comit\u00e9 social d'administration de la\npr\u00e9fecture et du  secr\u00e9tariat g\u00e9n\u00e9ral commun de la Manche\n162\nArticle 2\nSont  d\u00e9sign\u00e9s  en  qualit\u00e9  de  repr\u00e9sentants  du  personnel  au  sein  du  comit\u00e9  social\nd'administration susmentionn\u00e9 :\nMembres titulaires Membres suppl\u00e9ants\nAu titre de Force Ouvri\u00e8re\nPOUTAS Rachel MARIE Ghislaine\nLEFEBVRE-GODREUIL \u00c9milie\nBARRE Franck\nDUVAL Fabrice\nCOSTA Coralie\nArticle 3\nLe reste sans changement\nArticle 4 \nLe pr\u00e9fet de la Manche est charg\u00e9 de l'ex\u00e9cution du pr\u00e9sent arr\u00eat\u00e9.\nFait, le 23 juillet 2025\nLe pr\u00e9fet\nSign\u00e9\nXavier BRUNETIERE\nSecr\u00e9tariat g\u00e9n\u00e9ral commun d\u00e9partemental - 50-2025-07-23-00005 - Arr\u00eat\u00e9 modificatif n\u00b02025/107 \u00e0 l'arr\u00eat\u00e9 pr\u00e9fectoral du 22\nd\u00e9cembre 2022 et aux arr\u00eat\u00e9s modificatifs pris en 2024 portant d\u00e9signation des membres du comit\u00e9 social d'administration de la\npr\u00e9fecture et du  secr\u00e9tariat g\u00e9n\u00e9ral commun de la Manche\n163\nSecr\u00e9tariat g\u00e9n\u00e9ral commun d\u00e9partemental\n50-2025-07-23-00006\nArr\u00eat\u00e9 modificatif n\u00b02025/108 \u00e0 l'arr\u00eat\u00e9\npr\u00e9fectoral du 22 d\u00e9cembre 2022 et aux arr\u00eat\u00e9s\nmodificatifs pris en 2024 portant d\u00e9signation des\nmembres de la formation sp\u00e9cialis\u00e9e du comit\u00e9\nsocial d'administration de la pr\u00e9fecture et du\nsecr\u00e9tariat g\u00e9n\u00e9ral commun de la Manche\nSecr\u00e9tariat g\u00e9n\u00e9ral commun d\u00e9partemental - 50-2025-07-23-00006 - Arr\u00eat\u00e9 modificatif n\u00b02025/108 \u00e0 l'arr\u00eat\u00e9 pr\u00e9fectoral du 22\nd\u00e9cembre 2022 et aux arr\u00eat\u00e9s modificatifs pris en 2024 portant d\u00e9signation des membres de la formation sp\u00e9cialis\u00e9e du comit\u00e9 social\nd'administration de la pr\u00e9fecture et du secr\u00e9tariat g\u00e9n\u00e9ral commun de la Manche\n164\nExPREFETDE LA MANCHELibert\u00e9Egalit\u00e9Fraternit\u00e9\nArr\u00eat\u00e9 modificatif n\u00b02025/108\n\u00e0 l'arr\u00eat\u00e9 pr\u00e9fectoral du 22 d\u00e9cembre 2022 et aux arr\u00eat\u00e9s modificatifs pris en 2024\nportant d\u00e9signation des membres de la formation sp\u00e9cialis\u00e9e du comit\u00e9 social\nd'administration de la pr\u00e9fecture et du secr\u00e9tariat g\u00e9n\u00e9ral commun de la Manche\nLe pr\u00e9fet de la Manche\nVu le code g\u00e9n\u00e9ral de la fonction publique ;\nVu  le  d\u00e9cret  n\u00b0  2020-1427  du  20  novembre  2020  relatif  aux  comit\u00e9s  sociaux\nd'administration dans les administrations et les \u00e9tablissements publics de l'\u00c9tat ;\nVu l'arr\u00eat\u00e9 du 3 juin 2022 instituant des comit\u00e9s sociaux d'administration au sein des\nminist\u00e8res de l'int\u00e9rieur et des outre-mer ; \nVu l'arr\u00eat\u00e9 du 3 juin 2022 instituant des comit\u00e9s sociaux d'administration au sein des\nminist\u00e8res de l'Int\u00e9rieur et des Outre-mer ; \nVu l'arr\u00eat\u00e9 pr\u00e9fectoral n\u00b02022-281 du 22 d\u00e9cembre 2022 ;\nVu  les  arr\u00eat\u00e9s  modificatifs  n\u00b0  2024/98  du  29  mai  2024  et  n\u00b0  2024/206  du  15\nnovembre 2024 ;\nVu la d emande formul\u00e9e le 23 juillet par l'organisation syndicale FO tendant \u00e0 faire\nretirer monsieur Thierry REGNAUT des repr\u00e9sentants du personnel FO si\u00e9geant en\nCSA-FS au motif que l'int\u00e9ress\u00e9 n'est plus adh\u00e9rent de ladite organisation syndicale ;\nArr\u00eate :\nArticle 1er \nSont d\u00e9sign\u00e9s  en qualit\u00e9 de repr\u00e9sentants  du  personnel au sein de la formation\nsp\u00e9cialis\u00e9e en mati\u00e8re de sant\u00e9, de s\u00e9curit\u00e9 et de conditions de travail du comit\u00e9\nsocial d'administration minist\u00e9riel unique : \nSecr\u00e9tariat g\u00e9n\u00e9ral commun d\u00e9partemental - 50-2025-07-23-00006 - Arr\u00eat\u00e9 modificatif n\u00b02025/108 \u00e0 l'arr\u00eat\u00e9 pr\u00e9fectoral du 22\nd\u00e9cembre 2022 et aux arr\u00eat\u00e9s modificatifs pris en 2024 portant d\u00e9signation des membres de la formation sp\u00e9cialis\u00e9e du comit\u00e9 social\nd'administration de la pr\u00e9fecture et du secr\u00e9tariat g\u00e9n\u00e9ral commun de la Manche\n165\nMembres titulaires Membres suppl\u00e9ants\nAu titre de Force Ouvri\u00e8re\nPOUTAS Rachel MARIE Ghislaine\nLEFEBVRE-GODREUIL \u00c9milie\nBARRE Franck\nDUVAL Fabrice\nCOSTA Coralie\nArticle 2\nLe reste sans changement.\nArticle 3 \nLe pr\u00e9fet de la Manche est charg\u00e9 de l'ex\u00e9cution du pr\u00e9sent arr\u00eat\u00e9.\nFait, le 23 juillet 2025\nLe pr\u00e9fet\nSign\u00e9\nXavier BRUNETIERE\nSecr\u00e9tariat g\u00e9n\u00e9ral commun d\u00e9partemental - 50-2025-07-23-00006 - Arr\u00eat\u00e9 modificatif n\u00b02025/108 \u00e0 l'arr\u00eat\u00e9 pr\u00e9fectoral du 22\nd\u00e9cembre 2022 et aux arr\u00eat\u00e9s modificatifs pris en 2024 portant d\u00e9signation des membres de la formation sp\u00e9cialis\u00e9e du comit\u00e9 social\nd'administration de la pr\u00e9fecture et du secr\u00e9tariat g\u00e9n\u00e9ral commun de la Manche\n166\nSecr\u00e9tariat g\u00e9n\u00e9ral commun d\u00e9partemental\n50-2025-07-31-00002\nArr\u00eat\u00e9 n\u00b0 2025 - 118 /SRH portant organisation\ndes services de la pr\u00e9fecture de la Manche\nSecr\u00e9tariat g\u00e9n\u00e9ral commun d\u00e9partemental - 50-2025-07-31-00002 - Arr\u00eat\u00e9 n\u00b0 2025 - 118 /SRH portant organisation des services de la\npr\u00e9fecture de la Manche 167\nExPREFETDE LA MANCHELibert\u00e9\u00c9galit\u00e9Fraternit\u00e9\nSECR\u00c9TARIAT G\u00c9N\u00c9RAL COMMUN\nService ressources humaines\nArr\u00eat\u00e9 n\u00b0 2025 \u2013 118 /SRH \nportant organisation des services de la pr\u00e9fecture de la Manche\nLE PR\u00c9FET DE LA MANCHE\nChevalier de la l\u00e9gion d'honneur\nChevalier de l'ordre national du M\u00e9rite\nVU la loi n\u00b0 82-213 du 2 mars 1982 modifi\u00e9e relative aux droits et libert\u00e9s des communes, des\nd\u00e9partements et des r\u00e9gions ;\nVU le  d\u00e9cret  n\u00b0  2004-374  du  29  avril  2004  modifi\u00e9  relatif  aux  pouvoirs  des  pr\u00e9fets,  \u00e0\nl'organisation et \u00e0 l'action des services de l'\u00c9tat dans les r\u00e9gions et d\u00e9partements ;\nVU    le d\u00e9cret n\u00b0 2020-1427 du 20 novembre 2020 relatif aux comit\u00e9s sociaux d'administration\ndans les administrations et \u00e9tablissements publics de l'\u00c9tat\nVU l'arr\u00eat\u00e9  pr\u00e9fectoral n\u00b0  2020/075/BRH du 22  d\u00e9cembre 2020  portant  organisation  des\nservices de la Pr\u00e9fecture de la Manche \u00e0 compter du 1er janvier 2021 ;\nVU les  avis rendus par le comit\u00e9 social d'administration de la pr\u00e9fecture de la Manche en\ndate des 27 juin 2024 et 13 juin 2025 ;\nSUR proposition de Mme la secr\u00e9taire g\u00e9n\u00e9rale de la pr\u00e9fecture ;\nA R R E T E\nARTICLE 1  ER   : \u00c0 compter de la publication du pr\u00e9sent arr\u00eat\u00e9, les directions, les services et bureaux\nde la pr\u00e9fecture, des sous-pr\u00e9fectures et du CERT Permis de conduire internationaux sont\norganis\u00e9s conform\u00e9ment aux dispositions suivantes :\nPr\u00e9fecture\nI- Directions et services directement rattach\u00e9s au (ou \u00e0 la) Secr\u00e9taire g\u00e9n\u00e9ral(e) :\n \uf0d8 R\u00e9f\u00e9rent(e) fraude d\u00e9partementale\n\uf0d8 Assistant(e) de pr\u00e9vention\n\uf0d8 D\u00e9l\u00e9gu\u00e9(e) du pr\u00e9fet \u00e0 la politique de la ville (autorit\u00e9 fonctionnelle pour le secteur de Saint-\nL\u00f4)\nPr\u00e9fecture de la Manche - BP 70522 \u2013 50002 SAINT-L\u00d4 \u2013 T\u00e9l. : 02.33.75.49.50\nAccueil g\u00e9n\u00e9ral ouvert du lundi au vendredi de 8h30 \u00e0 12h30 et de 14h00 \u00e0 17h00\nSecr\u00e9tariat g\u00e9n\u00e9ral commun d\u00e9partemental - 50-2025-07-31-00002 - Arr\u00eat\u00e9 n\u00b0 2025 - 118 /SRH portant organisation des services de la\npr\u00e9fecture de la Manche 168\n Direction des Collectivit\u00e9s, de la Citoyennet\u00e9 et de la L\u00e9galit\u00e9 (DCCL) compos\u00e9e des cinq\uf0d8\nbureaux suivants :\n\u2022 Bureau des affaires juridiques et contentieuses\n\u2022 Bureau des finances locales\n\u2022 Bureau des collectivit\u00e9s locales\n\u2022 Bureau des \u00e9lections\n\u2022 Bureau des migrations et de l'int\u00e9gration, organis\u00e9 en deux sections :\n- section S\u00e9jour\n- section \u00c9loignement\n Service de la Coordination des Politiques Publiques et de l'Appui Territorial (SCPPAT) compos\u00e9\uf0d8\ncomme suit :\n\u2022 Bureau de la coordination interminist\u00e9rielle et de l'appui territorial\n\u2022 Bureau de l'environnement et de la concertation publique\nII  \u2013 Services  et  bureaux  directement  rattach\u00e9s  au  Directeur  ou  \u00e0  la  Directrice  de  Cabinet,\nassist\u00e9(e) d'un directeur ou d'une directrice adjoint(e):\n \uf0d8 Direction des s\u00e9curit\u00e9s, plac\u00e9e sous l'autorit\u00e9 du directeur (ou de la directrice) de cabinet\nadjoint(e), compos\u00e9 ainsi qu'il suit :\n- Service interminist\u00e9riel de d\u00e9fense et de protection civile ;\n- Bureau de la s\u00e9curit\u00e9 et de la r\u00e9glementation compos\u00e9 de trois sections :\n- polices administratives\n- s\u00e9curit\u00e9 int\u00e9rieure\n- s\u00e9curit\u00e9 routi\u00e8re et droits \u00e0 conduire\n\u27a2 Bureau de la repr\u00e9sentation de l'\u00c9tat et de la communication interminist\u00e9rielle, auquel est\nrattach\u00e9 le Greffe des associations\n\u27a2 L'unit\u00e9 s\u00e9curit\u00e9 routi\u00e8re\nSous-pr\u00e9fecture d'Avranches\n\uf0d8 Secr\u00e9tariat g\u00e9n\u00e9ral\n\uf0d8 Cabinet\n\uf0d8 Bureau des s\u00e9curit\u00e9s\n\uf0d8 Bureau du d\u00e9veloppement territorial\n\uf0d8 Coordination des politiques publiques de la baie du Mont-Saint-Michel\n \uf0d8 D\u00e9l\u00e9gu\u00e9(e)  du  pr\u00e9fet  \u00e0  la  politique  de  la  ville  (autorit\u00e9  fonctionnelle  pour  le  secteur\nd'Avranches)\n2\nSecr\u00e9tariat g\u00e9n\u00e9ral commun d\u00e9partemental - 50-2025-07-31-00002 - Arr\u00eat\u00e9 n\u00b0 2025 - 118 /SRH portant organisation des services de la\npr\u00e9fecture de la Manche 169\nSous-pr\u00e9fecture de Cherbourg\n\uf0d8 Secr\u00e9tariat g\u00e9n\u00e9ral et secr\u00e9tariat\n\uf0d8 Bureau des collectivit\u00e9s locales, de la r\u00e9glementation et des s\u00e9curit\u00e9s\n\uf0d8 Bureau des actions interminist\u00e9rielles et des relations avec les usagers\n\uf0d8 CERT Permis de conduire internationaux\n\uf0d8 D\u00e9l\u00e9gu\u00e9(e)  du  pr\u00e9fet  \u00e0  la  politique  de  la  ville  (autorit\u00e9  fonctionnelle  pour  le  secteur  de\nCherbourg)\nSous-pr\u00e9fecture de Coutances\n\uf0d8 Secr\u00e9tariat g\u00e9n\u00e9ral\n\uf0d8 Cabinet\n \uf0d8 Bureau des s\u00e9curit\u00e9s\n \uf0d8 Bureau du d\u00e9veloppement territorial\n \uf0d8 D\u00e9l\u00e9gu\u00e9(e)  du  pr\u00e9fet  \u00e0  la  politique  de  la  ville  (autorit\u00e9  fonctionnelle  pour  le  secteur  de\nCoutances)\nARTICLE 2   :  Le  pr\u00e9sent  arr\u00eat\u00e9  annule  et  remplace,  d\u00e8s  sa  publication,  tout  arr\u00eat\u00e9  portant\norganisation des services de la pr\u00e9fecture de la Manche pr\u00e9c\u00e9demment publi\u00e9.\nARTICLE   3   : La secr\u00e9taire g\u00e9n\u00e9rale de la pr\u00e9fecture de la Manche, le directeur de Cabinet, les sous-\npr\u00e9fets des arrondissements d'Avranches, Cherbourg et Coutances sont charg\u00e9s, chacun en ce\nqui  le  concerne,  de  l'ex\u00e9cution  du  pr\u00e9sent  arr\u00eat\u00e9  qui  sera  publi\u00e9  au  recueil  des  actes\nadministratifs.\nSaint-L\u00f4, le 31 juillet 2025\nSign\u00e9\nXavier BRUNETI\u00c8RE\n3\nSecr\u00e9tariat g\u00e9n\u00e9ral commun d\u00e9partemental - 50-2025-07-31-00002 - Arr\u00eat\u00e9 n\u00b0 2025 - 118 /SRH portant organisation des services de la\npr\u00e9fecture de la Manche 170\nSous-pr\u00e9fecture de Cherbourg\n50-2025-07-30-00004\nArr\u00eat\u00e9 SF/ N\u00b0 25-48 portant renouvellement\nd'habilitation fun\u00e9raire - SARL Maison Fun\u00e9raires\ndes Cypr\u00e8s - Avranches\nSous-pr\u00e9fecture de Cherbourg - 50-2025-07-30-00004 - Arr\u00eat\u00e9 SF/ N\u00b0 25-48 portant renouvellement d'habilitation fun\u00e9raire - SARL\nMaison Fun\u00e9raires des Cypr\u00e8s - Avranches 171\nSous-Pr\u00e9fecture de Cherbourg\nBureau des collectivit\u00e9s locales \nde la r\u00e9glementation et des s\u00e9curit\u00e9s\nP\u00f4le fun\u00e9raire d\u00e9partemental\n-  A R R \u00ca T \u00c9     SF / N\u00b025 \u2013 48   -\nportant renouvellement d'habilitation dans le domaine fun\u00e9raire\nLE PR\u00c9FET DE LA MANCHE\nChevalier de la L\u00e9gion d'honneur\nChevalier de l'Ordre national du M\u00e9rite\nVu le  code  g\u00e9n\u00e9ral  des  collectivit\u00e9s  territoriales  et  notamment  les  articles  L2223-19 ;\nL 2223-23 ; L2223-25 et R 2223-56  ; D2223-113 ; D2223-114 ; D2223-119 ; D2223-120 ; D2223-\n122 \u00e0 D2223-132 ; D 2223-87 ; R 2223-74 ;\nVu l'arr\u00eat\u00e9 pr\u00e9fectoral n\u00b02024-26-VN du 2 ao\u00fbt 2024 portant d\u00e9l\u00e9gation de signature \u00e0 M. Jean\nRAMPON, sous-pr\u00e9fet de Cherbourg ;\nVu l'arr\u00eat\u00e9 pr\u00e9fectoral SF/N\u00b019-331 du 3 septembre 2019 portant renouvellement d'habilitation\nfun\u00e9raire pour l'\u00e9tablissement secondaire de la secondaire de la SARL MAISON FUN\u00c9RAIRE\nDES CYPR\u00c8S, situ\u00e9 184 rue de la Libert\u00e9 \u00e0 Avranches (50300) ;\nVu la demande de renouvellement d'habilitation fun\u00e9raire du 8 juillet 2025, compl\u00e8t\u00e9e le 29\njuillet 2025, pour l'\u00e9tablissement secondaire de la SARL MAISON FUN\u00c9RAIRE DES CYPR\u00c8S,\nsitu\u00e9 184 rue de la Libert\u00e9 \u00e0 Avranches (50300), formul\u00e9e par Monsieur Guillaume PLESSIS,\nrepr\u00e9sentant l\u00e9gal.\nSur proposition du sous-pr\u00e9fet de Cherbourg ;\nARR\u00caTE\nArticle 1er :\nParagraphe 1     : \nL'\u00e9tablissement secondaire de la SARL MAISON FUN\u00c9RAIRE DES CYPR\u00c8S, exer\u00e7ant sous\nl'appellation commerciale \u00abMAISON PLESSIS \u2013 POMPES FUN\u00c8BRES DES CYPR\u00c8S\u00bb, situ\u00e9\n184 rue de la Libert\u00e9 \u00e0 Avranches (50300), exploit\u00e9 par Monsieur  Guillaume PLESSIS,\nrepr\u00e9sentant  l\u00e9gal,  est  habilit\u00e9 afin  d'exercer  sur  l'ensemble  du  territoire national  les\nactivit\u00e9s fun\u00e9raires suivantes :\n- Transport de corps avant et apr\u00e8s mise en bi\u00e8re,\n- Fourniture des corbillards,\nsous r\u00e9serve des dispositions particuli\u00e8res applicables aux v\u00e9hicules participant aux\nconvois fun\u00e9raires\n- Organisation des obs\u00e8ques,\n- Soins de conservation,\n- Fourniture de housses, de cercueils et de leurs accessoires int\u00e9rieurs et ext\u00e9rieurs\nainsi que des urnes cin\u00e9raires,\nSous-Pr\u00e9fecture de Cherbourg- CS 80840 - 50108 Cherbourg Cedex\nT\u00e9l. 02 33 75 49 50\nHeures d'ouverture au public de 9 h \u00e0 12 h - M\u00e9l. : sp-cherbourg@ma  nche.gouv.fr  \nSous-pr\u00e9fecture de Cherbourg - 50-2025-07-30-00004 - Arr\u00eat\u00e9 SF/ N\u00b0 25-48 portant renouvellement d'habilitation fun\u00e9raire - SARL\nMaison Fun\u00e9raires des Cypr\u00e8s - Avranches 172\n- Fourniture de personnel et des objets et prestations n\u00e9cessaires aux obs\u00e8ques,\ninhumation (\u00e0 l'exception du fossoyage, de l'ouverture et de la fermeture du caveau)\net cr\u00e9mations.\nParagraphe 2 :\n- Gestion et utilisation d'une chambre fun\u00e9raire situ\u00e9 \u00e0 Avranches (50300) :\n  184 rue de la Libert\u00e9.\nArticle 2 : La pr\u00e9sente habilitation est d\u00e9livr\u00e9e sous le num\u00e9ro  25-50-0001 pour une dur\u00e9e de\n5 ans, \u00e0 compter du 20 septembre 2025.\n\u00c0 l'issue, une nouvelle habilitation pourra \u00eatre d\u00e9livr\u00e9e sous r\u00e9serve que la demande\nen soit pr\u00e9sent\u00e9e au moins deux mois avant la date d'\u00e9ch\u00e9ance de la pr\u00e9sente \nhabilitation.\nArticle 3 Toute modification dans les indications fournies par M. Guillaume PLESSIS doit \u00eatre \nd\u00e9clar\u00e9e dans un d\u00e9lai de deux mois \u00e0 la sous-pr\u00e9fecture de Cherbourg.\nArticle 4 : La pr\u00e9sente habilitation peut \u00eatre suspendue pour une dur\u00e9e maximum d'un an ou\nretir\u00e9e, apr\u00e8s mise en demeure, par le repr\u00e9sentant de l'Etat dans le d\u00e9partement\no\u00f9 les faits auront \u00e9t\u00e9 constat\u00e9s, pour les motifs suivants :\n- Non-respect des dispositions du pr\u00e9sent code auxquelles sont soumises les r\u00e9gies,\nentreprises ou associations habilit\u00e9es conform\u00e9ment \u00e0 l'article L. 2223-23 ;\n- Non-exercice ou cessation d'exercice des activit\u00e9s au titre desquelles elle a \u00e9t\u00e9\nd\u00e9livr\u00e9e ;\n- Atteinte \u00e0 l'ordre public ou danger pour la salubrit\u00e9 publique.\nArticle 5 : Monsieur le sous-pr\u00e9fet de Cherbourg est charg\u00e9 de l'ex\u00e9cution du pr\u00e9sent arr\u00eat\u00e9,\nqui sera publi\u00e9 par extrait au recueil des actes administratifs de la pr\u00e9fecture de la\nManche, et dont une copie sera adress\u00e9e au maire d'Avranches pour information.\nCherbourg-en-Cotentin, le 30 juillet 2025\nPour le pr\u00e9fet,\nLe sous-pr\u00e9fet de Cherbourg,\nsign\u00e9\nJean RAMPON\nD\u00e9lais et voies de recours     :   \nLa pr\u00e9sente d\u00e9cision peut faire l'objet des recours suivants :\n-  un recours gracieux, adress\u00e9 \u00e0 la sous-pr\u00e9fecture de Cherbourg\n- un recours hi\u00e9rarchique, adress\u00e9 \u00e0 M. le Ministre de l'Int\u00e9rieur, de l'Outre-mer, des collectivit\u00e9s locales et de l'immigration \u2013\nDirection des libert\u00e9s publiques et des affaires juridiques \u2013 Sous-direction des libert\u00e9s locales et de la police administrative \u2013  11\nrue des Saussaies 75 800 Paris Cedex 08.\nEn l'absence de r\u00e9ponse de l'administration dans un d\u00e9lai de deux mois \u00e0 compter de la date de r\u00e9ception du recours, celui-ci\ndoit \u00eatre consid\u00e9r\u00e9 comme implicitement rejet\u00e9.\n-  un recours contentieux peut-\u00eatre form\u00e9 \u2013 dans un d\u00e9lai de deux mois suivant la date de notification de la pr\u00e9sente d\u00e9cision (ou\nbien dans les deux mois suivants la date du rejet du recours ou hi\u00e9rarchique) \u2013 devant le tribunal administratif de Caen, 3 rue\nArthur Leduc, BP 25086, 14 050 Caen Cedex 4 ou par l'application T\u00e9l\u00e9recours citoyens accessible par le site www.telerecors.fr.\nL'exercice d'un recours administratif ou d'un recours juridictionnel ne suspend pas l'ex\u00e9cution de la d\u00e9cision contest\u00e9e.\nSous-pr\u00e9fecture de Cherbourg - 50-2025-07-30-00004 - Arr\u00eat\u00e9 SF/ N\u00b0 25-48 portant renouvellement d'habilitation fun\u00e9raire - SARL\nMaison Fun\u00e9raires des Cypr\u00e8s - Avranches 173\nSous-pr\u00e9fecture de Cherbourg\n50-2025-07-03-00006\nArr\u00eat\u00e9 SF/N)25-40 portant renouvellement\nd'habilitation dans le domaine fun\u00e9raire - AS\nNorgeot Fr\u00e8res\nSous-pr\u00e9fecture de Cherbourg - 50-2025-07-03-00006 - Arr\u00eat\u00e9 SF/N)25-40 portant renouvellement d'habilitation dans le domaine\nfun\u00e9raire - AS Norgeot Fr\u00e8res 174\nSous-Pr\u00e9fecture de Cherbourg\nBureau des collectivit\u00e9s locales\nP\u00f4le Fun\u00e9raire D\u00e9partemental\n-  A R R \u00ca T \u00c9  SF / N\u00b025 - 40 -\nportant renouvellement d'habilitation dans le domaine fun\u00e9raire\nLE PR\u00c9FET DE LA MANCHE\nChevalier de la L\u00e9gion d'honneur\nChevalier de l'Ordre national du M\u00e9rite\nVu le Code g\u00e9n\u00e9ral des collectivit\u00e9s territoriales et notamment les articles L2223-19,\nL2223-23,  L2223-25  et  R2223-56,  D2223-113,  D2223-114,  D2223-119,  D2223-120,\nD2223-122 \u00e0 D2223-132 ;\nVu l'arr\u00eat\u00e9 pr\u00e9fectoral N\u00b0 2024-26-VN du 2 ao\u00fbt 2024 portant d\u00e9l\u00e9gation de signature\n\u00e0 M. Jean RAMPON, sous-pr\u00e9fet de Cherbourg ;\nVu l'arr\u00eat\u00e9 de renouvellement d'habilitation fun\u00e9raire N\u00b0 AL/N\u00b020-124 modifi\u00e9 du 31\njuillet 2020 ;\nVu la demande de renouvellement  d'habilitation fun\u00e9raire formul\u00e9e par  Monsieur\nHubert  NORGEOT,  repr\u00e9sentant  l\u00e9gal  de  la  SAS  NORGEOT  FR\u00c8RES,  pour\nl'\u00e9tablissement principal et si\u00e8ge social, situ\u00e9 \u00e0 Saint-Martin-Le-Bouillant, Le Bourg\n(50800).\nARR\u00caTE\nArticle 1 : L'\u00e9tablissement principal et si\u00e8ge social de la SAS NORGEOT FR\u00c8RES, exer\u00e7ant\nsous l'appellation commerciale \u00ab SAS NORGEOT FR\u00c8RES \u00bb, situ\u00e9 \u00e0 Saint-Martin-\nLe-Bouillant,  Le  Bourg  (50800),  exploit\u00e9  par  Monsieur  Hubert  NORGEOT,\nrepr\u00e9sentant l\u00e9gal de ladite soci\u00e9t\u00e9, est habilit\u00e9 afin d'exercer sur l'ensemble\ndu territoire national les activit\u00e9s fun\u00e9raires suivantes :\n-  Transport de corps avant et apr\u00e8s la mise en bi\u00e8re  en direct et en sous-\ntraitance avec l'op\u00e9rateur fun\u00e9raire suivant :\n. \u00c9tablissement principal de la SARL GD PLESSIS \u00abMAISON PLESSIS-LETELLIER \u00bb, situ\u00e9 \u00e0\nVilledieu-les-Po\u00eales-Rouffigny ,\n- Fourniture de corbillard en sous-traitance avec l'op\u00e9rateur fun\u00e9raire suivant :\n. \u00c9tablissement principal de la SARL GD PLESSIS \u00abMAISON PLESSIS-LETELLIER \u00bb, situ\u00e9 \u00e0\nVilledieu-les-Po\u00eales-Rouffigny (habilitation ROF N\u00b0 23-50-0086),\nSous r\u00e9serve des dispositions particuli\u00e8res applicables aux v\u00e9hicules participant \naux convois fun\u00e9raires\n- Organisation d'obs\u00e8ques,\n- Soins de conservation en sous-traitance avec l'op\u00e9rateur fun\u00e9raire suivant :\n. \u00c9tablissement principal de la SARL GD PLESSIS \u00abMAISON PLESSIS-LETELLIER \u00bb, situ\u00e9 \u00e0\nVilledieu-les-Po\u00eales-Rouffigny (habilitation ROF N\u00b0 23-50-0086),\nSous-pr\u00e9fecture de Cherbourg  CS 80840 - 50108 Cherbourg Cedex \nT\u00e9l. 02 33 75 49 50  \nHeures d'ouverture au public de 9 h \u00e0 12 h  - M\u00e9l. : sp-cherbourg@manche.gouv.fr\nSous-pr\u00e9fecture de Cherbourg - 50-2025-07-03-00006 - Arr\u00eat\u00e9 SF/N)25-40 portant renouvellement d'habilitation dans le domaine\nfun\u00e9raire - AS Norgeot Fr\u00e8res 175\n-  Fourniture  des  housses,  des  cercueils  et  de  leurs  accessoires  int\u00e9rieurs  et\next\u00e9rieurs ainsi que des urnes cin\u00e9raires,\n- Fourniture de personnel en directe et en sous-traitance et fourniture d'objets et\nprestations n\u00e9cessaires aux obs\u00e8ques, inhumations, exhumations et cr\u00e9mations\navec l'op\u00e9rateur fun\u00e9raire en sous-traitance avec l'op\u00e9rateur fun\u00e9raire suivant :\n. l'\u00e9tablissement principal de la SARL MAISON RIOULT-LETELLIER situ\u00e9 \u00e0 Coulouvray-Boisben\u00e2tre\n(Habilitation ROF N\u00b0 21-50-0005).\nArticle 2 : La pr\u00e9sente habilitation, d\u00e9livr\u00e9e sous le num\u00e9ro 25-50-0020 est valable pour une\ndur\u00e9e de 5 ans, \u00e0 compter du 31 juillet 2025.\n\u00c0  l'issue,  une  nouvelle  habilitation  pourra  \u00eatre  d\u00e9livr\u00e9e  sous  r\u00e9serve  que  la\ndemande en soit pr\u00e9sent\u00e9e  au moins deux mois avant  la date d'\u00e9ch\u00e9ance de la\npr\u00e9sente habilitation.\nArticle 3 : Toute modification dans les indications fournies par M. Hubert NORGEOT doit\n\u00eatre d\u00e9clar\u00e9e dans un d\u00e9lai de deux mois \u00e0 la sous-pr\u00e9fecture de Cherbourg.\nArticle 4 : La pr\u00e9sente habilitation peut \u00eatre suspendue pour une dur\u00e9e maximum d'un an\nou  retir\u00e9e,  apr\u00e8s  mise  en  demeure,  par  le  repr\u00e9sentant  de  l'\u00c9tat  dans  le\nd\u00e9partement o\u00f9 les faits auront \u00e9t\u00e9 constat\u00e9s, pour les motifs suivants :\n\u2013 Non-respect des dispositions du pr\u00e9sent code auxquelles sont soumises les\nr\u00e9gies, entreprises ou associations habilit\u00e9es conform\u00e9ment \u00e0 l'article L.  2223-\n23 ;\n\u2013 Non-exercice ou cessation d'exercice des activit\u00e9s au titre desquelles elle a \u00e9t\u00e9\nd\u00e9livr\u00e9e ;\n\u2013 Atteinte \u00e0 l'ordre public ou danger pour la salubrit\u00e9 publique.\nArticle 5 : Le  sous-pr\u00e9fet  de  Cherbourg  et  l e  maire  de  Saint-Martin-Le-Bouillant  sont\ncharg\u00e9s, chacun en ce qui le concerne, de l'ex\u00e9cution du pr\u00e9sent arr\u00eat\u00e9 qui sera\nnotifi\u00e9 au repr\u00e9sentant l\u00e9gal de l'entreprise, et publi\u00e9, par extrait, au recueil des\nactes administratifs de la pr\u00e9fecture de la Manche.\nFait \u00e0 Cherbourg-en-Cotentin, le 3 juillet 2025\nPour le pr\u00e9fet,\nLe sous-pr\u00e9fet de Cherbourg,\nsign\u00e9\nJean RAMPON\nD\u00e9lais et voies de recours     :   \nLa pr\u00e9sente d\u00e9cision peut faire l'objet des recours suivants :\n-  un recours gracieux, adress\u00e9 \u00e0 la sous-pr\u00e9fecture de Cherbourg\n- un recours hi\u00e9rarchique, adress\u00e9 \u00e0   M. le Ministre de l'Int\u00e9rieur, de l'Outre-mer, des collectivit\u00e9s locales et de l'immigration \u2013\nDirection des libert\u00e9s publiques et des affaires juridiques \u2013 Sous-direction des libert\u00e9s locales et de la police administrative \u2013\n11 rue des Saussaies 75 800 Paris Cedex 08.\nEn l'absence de r\u00e9ponse de l'administration dans un d\u00e9lai de deux mois \u00e0 compter de la date de r\u00e9ception du recours, celui-ci\ndoit \u00eatre consid\u00e9r\u00e9 comme implicitement rejet\u00e9.\n-  un recours contentieux peut-\u00eatre form\u00e9 \u2013 dans un d\u00e9lai de deux mois suivant la date de notification de la pr\u00e9sente d\u00e9cision\n(ou bien dans les deux mois suivants la date du rejet du recours ou hi\u00e9rarchique) \u2013 devant le tribunal administratif de Caen, 3\nrue  Arthur  Leduc,  BP  25086,  14 050  Caen  Cedex  4  ou  par  l'application  T\u00e9l\u00e9recours  citoyens  accessible  par  le  site\nwww.telerecors.fr.\nL'exercice d'un recours administratif ou d'un recours juridictionnel ne suspend pas l'ex\u00e9cution de la d\u00e9cision contest\u00e9e.\nSous-pr\u00e9fecture de Cherbourg - 50-2025-07-03-00006 - Arr\u00eat\u00e9 SF/N)25-40 portant renouvellement d'habilitation dans le domaine\nfun\u00e9raire - AS Norgeot Fr\u00e8res 176\nSous-pr\u00e9fecture de Cherbourg\n50-2025-07-07-00004\nArr\u00eat\u00e9 SF/N\u00b025-42 portant habilitation dans le\ndomaine fun\u00e9raire - Pompes Fun\u00e8bres de France\n- Cherbourg en Cotentin\nSous-pr\u00e9fecture de Cherbourg - 50-2025-07-07-00004 - Arr\u00eat\u00e9 SF/N\u00b025-42 portant habilitation dans le domaine fun\u00e9raire - Pompes\nFun\u00e8bres de France - Cherbourg en Cotentin 177\nSous-Pr\u00e9fecture de Cherbourg\nBureau des collectivit\u00e9s locales \nP\u00f4le fun\u00e9raire d\u00e9partemental\n A R R \u00ca T \u00c9     SF/ N\u00b025 \u2013 42   \nportant habilitation dans le domaine fun\u00e9raire\nLE PR\u00c9FET DE LA MANCHE\nChevalier de la L\u00e9gion d'honneur\nChevalier de l'Ordre national du M\u00e9rite\nVu le  code  g\u00e9n\u00e9ral  des  collectivit\u00e9s  territoriales  et  notamment  les  articles  L2223-19 ;\nL  2223-23 ;  L2223-25  et  R  2223-56 ;  D2223-113 ;  D2223-114 ;  D2223-119 ;  D2223-120 ;  \nD2223-122 \u00e0 D2223-132 ; \nVu l'arr\u00eat\u00e9 pr\u00e9fectoral n\u00b02024-26-VN du 2 ao\u00fbt 2024 donnant d\u00e9l\u00e9gation de signature \u00e0 M.\nJean RAMPON, sous-pr\u00e9fet de Cherbourg ;\nVu la demande d'habilitation fun\u00e9raire, re\u00e7ue le 15 juin 2025 et compl\u00e9t\u00e9e le 3 juillet 2025,\nde Monsieur Eric FOSSEY, sollicitant l'habilitation fun\u00e9raire de son \u00e9tablissement secondaire\nsitu\u00e9 \u00e0 Cherbourg-en-Cotentin, 63 rue du Val de Saire ;\nSur proposition du sous-pr\u00e9fet de Cherbourg ;\nARR\u00caTE\nArticle 1  er     :   L'\u00e9tablissement secondaire de la SARL AR FUN\u00c9RAIRE, dont le si\u00e8ge social est\nsitu\u00e9 \u00e0 Caen (14000), exer\u00e7ant sous le nom commercial \u00abPOMPES FUN\u00c8BRES DE\nFRANCE\u00bb,  situ\u00e9  63  rue  du  Val-de-Saire  \u00e0  Cherbourg-en-Cotentin  (50100),\nrepr\u00e9sent\u00e9 par Monsieur Eric FOSSEY, en sa qualit\u00e9 de g\u00e9rant et repr\u00e9sentant\nl\u00e9gal, est habilit\u00e9, afin d'exercer sur l'ensemble du territoire national les activit\u00e9s\nfun\u00e9raires suivantes :\n-  Transport de corps avant et apr\u00e8s mise en bi\u00e8re , en sous-traitance avec l'\nop\u00e9rateur fun\u00e9raire suivant :\n.  HFBN  -Hygi\u00e8ne  fun\u00e9raires  Basse  Normandie  \u00e0  Villers-Bocage  (14310),\n(habilitation ROF N\u00b0 21-14-0092)\n- Fourniture des corbillards en sous-traitance avec l'op\u00e9rateur fun\u00e9raire suivant :\n.  HFBN  -Hygi\u00e8ne  fun\u00e9raires  Basse  Normandie  \u00e0  Villers-Bocage  (14310),  n\u00b0\n(habilitation ROF N\u00b0 21-14-0092)\nsous r\u00e9serve des dispositions particuli\u00e8res applicables aux v\u00e9hicules participant\naux convois fun\u00e9raires\n-   Organisation des obs\u00e8ques,\n-  Soins  de  conservation,  en  sous-traitance  avec  les  op\u00e9rateurs  fun\u00e9raires\nsuivants :\n. SARL JMEmbalmer \u00e0 Saint-Hilaire-du-Harcou\u00ebt (50600) (habilitation ROF n\u00b0 \n23-50-0016),\nSous-Pr\u00e9fecture de Cherbourg- CS 80840 - 50108 Cherbourg Cedex\nT\u00e9l. 02 33 75 49 50\nHeures d'ouverture au public de 9 h \u00e0 12 h du lundi au vendredi - M\u00e9l. : sp-cherbourg@ma  nche.gouv.fr  \nSous-pr\u00e9fecture de Cherbourg - 50-2025-07-07-00004 - Arr\u00eat\u00e9 SF/N\u00b025-42 portant habilitation dans le domaine fun\u00e9raire - Pompes\nFun\u00e8bres de France - Cherbourg en Cotentin 178\n.  HFBN  -Hygi\u00e8ne  fun\u00e9raires  Basse  Normandie  \u00e0  Villers-Bocage  (14310),\n(habilitation ROF N\u00b0 21-14-0092).\n- Fourniture de housses, de cercueils et de leurs accessoires int\u00e9rieurs et ext\u00e9rieurs\nainsi que des urnes cin\u00e9raires,\n- Fourniture de voitures de deuil,\n- Fourniture de personnel et des objets et prestations n\u00e9cessaires aux obs\u00e8ques,\nexhumations et cr\u00e9mations en sous-traitance avec l'op\u00e9rateur fun\u00e9raire suivant :\n.  HFBN  -Hygi\u00e8ne  fun\u00e9raires  Basse  Normandie  \u00e0  Villers-Bocage  (14310),\n(habilitation ROF N\u00b0 21-14-0092)\n-\nArticle 2 : La pr\u00e9sente habilitation est d\u00e9livr\u00e9e sous le num\u00e9ro 25-50-0137 pour une dur\u00e9e \nde 5 ans, \u00e0 compter de la date du pr\u00e9sent arr\u00eat\u00e9  .  \n\u00c0 l'issue, une nouvelle habilitation pourra \u00eatre d\u00e9livr\u00e9e sous r\u00e9serve que la demande  \nen soit pr\u00e9sent\u00e9e au moins deux mois avant la date d'\u00e9ch\u00e9ance de la pr\u00e9sente \nhabilitation.\nArticle 3 Toute modification dans les indications fournies par M. Eric FOSSEY doit \u00eatre \nd\u00e9clar\u00e9e dans un d\u00e9lai de deux mois \u00e0 la sous-pr\u00e9fecture de Cherbourg.\nArticle 4 : La pr\u00e9sente habilitation peut \u00eatre suspendue pour une dur\u00e9e maximum d'un an ou\nretir\u00e9e, apr\u00e8s mise en demeure, par le repr\u00e9sentant de l'\u00c9tat dans le d\u00e9partement\no\u00f9 les faits auront \u00e9t\u00e9 constat\u00e9s, pour les motifs suivants :\n- Non-respect des dispositions du pr\u00e9sent code auxquelles sont soumises les r\u00e9gies,\nentreprises ou associations habilit\u00e9es conform\u00e9ment \u00e0 l'article L. 2223-23 ;\n- Non-exercice ou cessation d'exercice des activit\u00e9s au titre desquelles elle a \u00e9t\u00e9\nd\u00e9livr\u00e9e ;\n- Atteinte \u00e0 l'ordre public ou danger pour la salubrit\u00e9 publique.\nArticle 5 : Monsieur le sous-pr\u00e9fet de Cherbourg est charg\u00e9 de l'ex\u00e9cution du pr\u00e9sent arr\u00eat\u00e9,\nqui sera publi\u00e9 par extrait au recueil des actes administratifs de la pr\u00e9fecture de la\nManche, et dont une copie sera adress\u00e9e au maire de Cherbourg-en-Cotentin pour\ninformation.\nCherbourg-en-Cotentin, le 7 juillet 2025\nPour le pr\u00e9fet,\nLe sous-pr\u00e9fet de Cherbourg,\nsign\u00e9\nJean RAMPON\nD\u00e9lais et voies de recours     :   \nLa pr\u00e9sente d\u00e9cision peut faire l'objet des recours suivants :\n-  un recours gracieux, adress\u00e9 \u00e0 la sous-pr\u00e9fecture de Cherbourg\n- un recours hi\u00e9rarchique, adress\u00e9 \u00e0   M. le Ministre de l'Int\u00e9rieur, de l'Outre-mer, des collectivit\u00e9s locales et de l'immigration \u2013\nDirection des libert\u00e9s publiques et des affaires juridiques \u2013 Sous-direction des libert\u00e9s locales et de la police administrative \u2013  11\nrue des Saussaies 75 800 Paris Cedex 08.\nEn l'absence de r\u00e9ponse de l'administration dans un d\u00e9lai de deux mois \u00e0 compter de la date de r\u00e9ception du recours, celui-ci\ndoit \u00eatre consid\u00e9r\u00e9 comme implicitement rejet\u00e9.\n-  un recours contentieux peut-\u00eatre form\u00e9 \u2013 dans un d\u00e9lai de deux mois suivant la date de notification de la pr\u00e9sente d\u00e9cision (ou\nbien dans les deux mois suivants la date du rejet du recours ou hi\u00e9rarchique) \u2013 devant le tribunal administratif de Caen, 3 rue\nArthur Leduc, BP 25086, 14 050 Caen Cedex 4 ou par l'application T\u00e9l\u00e9recours citoyens accessible par le site www.telerecors.fr.\nL'exercice d'un recours administratif ou d'un recours juridictionnel ne suspend pas l'ex\u00e9cution de la d\u00e9cision contest\u00e9e.\nSous-pr\u00e9fecture de Cherbourg - 50-2025-07-07-00004 - Arr\u00eat\u00e9 SF/N\u00b025-42 portant habilitation dans le domaine fun\u00e9raire - Pompes\nFun\u00e8bres de France - Cherbourg en Cotentin 179\nSous-pr\u00e9fecture de Cherbourg\n50-2025-07-21-00002\nArr\u00eat\u00e9 SF/N\u00b025-45 portant renouvellement d'\nhabilitation fun\u00e9raire - Pompes Fun\u00e8bres Launey\n- Brix\nSous-pr\u00e9fecture de Cherbourg - 50-2025-07-21-00002 - Arr\u00eat\u00e9 SF/N\u00b025-45 portant renouvellement d' habilitation fun\u00e9raire - Pompes\nFun\u00e8bres Launey - Brix 180\nSous-Pr\u00e9fecture de Cherbourg\nBureau des collectivit\u00e9s locales\nde la r\u00e9glementation et de s\u00e9curit\u00e9s\nP\u00f4le fun\u00e9raire d\u00e9partemental\n-  A R R \u00ca T \u00c9     SF / N\u00b025 \u2013 45   -\nportant renouvellement d'habilitation dans le domaine fun\u00e9raire\nLE PR\u00c9FET DE LA MANCHE\nChevalier de la L\u00e9gion d'honneur\nChevalier de l'Ordre national du M\u00e9rite\nVU le code g\u00e9n\u00e9ral des collectivit\u00e9s territoriales et notamment les articles  L 2223-19 ; L\n2223-23 ; L2223-25 et R 2223-56, ; D 2223-113  ; D 2223-114 ; D 2223-119 ; D 2223-120 ;\nD2223-122 \u00e0 D2223-132 ; \nVU l'arr\u00eat\u00e9 pr\u00e9fectoral n\u00b02024-26-VN du 2 ao\u00fbt 2024 portant d\u00e9l\u00e9gation de signature de\nM. Jean RAMPON, sous-pr\u00e9fet de Cherbourg ;\nVU l'arr\u00eat\u00e9  pr\u00e9fectoral  SF/N\u00b02019-208  du  5  juillet  2019  portant  renouvellement\nd'habilitation pour l'\u00e9tablissement et si\u00e8ge social de la SARL LAUNEY MENUISERIE ;\nVU la demande de renouvellement d'habilitation fun\u00e9raire, en date du 8 juillet 2025 et\ncompl\u00e9t\u00e9e le 16 juillet 2025, pour l'\u00e9tablissement principal et si\u00e8ge social de la SARL\nLAUNEY MENUISERIE, situ\u00e9 \u00e0 Brix (50700), 1 route des Sablons, sollicit\u00e9e par Monsieur\nLoris VALLEE, repr\u00e9sentant l\u00e9gal \nSur proposition du sous-pr\u00e9fet de Cherbourg ;\nARR\u00caTE\nArticle 1er :\nL'\u00e9tablissement  principal  et  si\u00e8ge  social  de  la  SARL  LAUNEY  MENUISERIE,\nexer\u00e7ant sous l'appellation commerciale \u00abPOMPES FUNEBRES LAUNEY\u00bb, situ\u00e9 1\nroute des Sablons \u00e0 Brix (50700), exploit\u00e9 par Monsieur Loris VALLEE en sa\nqualit\u00e9 de g\u00e9rant et repr\u00e9sentant l\u00e9gal de l'\u00e9tablissement, est habilit\u00e9 afin\nd'exercer  sur  l'ensemble  du  territoire  national  les  activit\u00e9s  fun\u00e9raires\nsuivantes :\n- Transport de corps avant mise en bi\u00e8re en sous-traitance avec l'op\u00e9rateur \nfun\u00e9raire suivant :\n. l'\u00e9tablissement principal de la SARL LEMONNIER PF, 15 ZA du Long Boscq \n\u00e0 Bricquebec-en-Cotentin (50260) - (habilitation n\u00b0 ROF 25-50-0134)\n- Transport de corps apr\u00e8s mise en bi\u00e8re en direct et en sous-traitance avec \nl'op\u00e9rateur fun\u00e9raire suivant :\n. l'\u00e9tablissement principal de la SARL LEMONNIER PF, 15 ZA du Long Boscq \u00e0 \nBricquebec-en-Cotentin (50260) - (habilitation n\u00b0 ROF 25-50-0134)\n- Fournitures de corbillards en direct et en sous-traitance avec l'op\u00e9rateur \nfun\u00e9raire suivant :\nSous-Pr\u00e9fecture de Cherbourg- CS 80840 - 50108 Cherbourg Cedex\nT\u00e9l. 02 33 75 49 50\nHeures d'ouverture au public de 9 h \u00e0 12 h - M\u00e9l. : sp-cherbourg@ma  nche.gouv.fr  \nSous-pr\u00e9fecture de Cherbourg - 50-2025-07-21-00002 - Arr\u00eat\u00e9 SF/N\u00b025-45 portant renouvellement d' habilitation fun\u00e9raire - Pompes\nFun\u00e8bres Launey - Brix 181\n. l'\u00e9tablissement principal de la SARL LEMONNIER PF, 15 ZA du Long Boscq \u00e0 \nBricquebec-en-Cotentin (50260) - (habilitation n\u00b0 ROF 25-50-0134)\nsous r\u00e9serve des dispositions particuli\u00e8res applicables aux v\u00e9hicules participant aux \nconvois fun\u00e9raires\n- Organisation des obs\u00e8ques,\n- Fourniture des housses, des cercueils et de leurs accessoires int\u00e9rieurs et \next\u00e9rieurs ainsi que des urnes cin\u00e9raires, \n- Fourniture de personnel et prestations n\u00e9cessaires aux obs\u00e8ques, inhumations et \ncr\u00e9mation en direct et en sous-traitance avec l'op\u00e9rateur fun\u00e9raire suivant :\n. l'\u00e9tablissement principal de la SARL LEMONNIER PF, 15 ZA du Long Boscq \u00e0 \nBricquebec-en-Cotentin (50260) - (habilitation n\u00b0 ROF 25-50-0134)\nArticle 2 : La pr\u00e9sente habilitation est d\u00e9livr\u00e9e sous le num\u00e9ro 25-50-0093 pour une dur\u00e9e de\n5 ans, \u00e0 compter de la date du pr\u00e9sent arr\u00eat\u00e9.\n\u00c0  l'issue,  une  nouvelle  habilitation  pourra  \u00eatre  d\u00e9livr\u00e9e  sous  r\u00e9serve  que  la\ndemande  soit  pr\u00e9sent\u00e9e  au  moins  deux  mois  avant  la  date  d'\u00e9ch\u00e9ance de  la\npr\u00e9sente habilitation.\nArticle 3 Toute modification dans les indications fournies par M. Loris VALLEE doit \u00eatre \nd\u00e9clar\u00e9e dans un d\u00e9lai de deux mois \u00e0 la sous-pr\u00e9fecture de Cherbourg.\nArticle 4 : La pr\u00e9sente habilitation peut \u00eatre suspendue pour une dur\u00e9e maximum d'un an ou\nretir\u00e9e, apr\u00e8s mise en demeure, par le repr\u00e9sentant de l'\u00c9tat dans le d\u00e9partement\no\u00f9 les faits auront \u00e9t\u00e9 constat\u00e9s, pour les motifs suivants :\n- Non-respect des dispositions du pr\u00e9sent code auxquelles sont soumises les r\u00e9gies, \nentreprises ou associations habilit\u00e9es conform\u00e9ment \u00e0 l'article L. 2223-23 ;\n- Non-exercice ou cessation d'exercice des activit\u00e9s au titre desquelles elle a \u00e9t\u00e9  \nd\u00e9livr\u00e9e ;\n- Atteinte \u00e0 l'ordre public ou danger pour la salubrit\u00e9 publique.\nArticle 5 : Monsieur le sous-pr\u00e9fet de Cherbourg et Monsieur le Maire de Brix sont charg\u00e9s,\nchacun en ce qui le concerne, de l'ex\u00e9cution du pr\u00e9sent arr\u00eat\u00e9 qui sera notifi\u00e9 au\nrepr\u00e9sentant l\u00e9gal de l'entreprise et publi\u00e9, par extrait, au  recueil  des  actes\nadministratifs de la pr\u00e9fecture de la Manche.\nCherbourg-en-Cotentin, le 21 juillet 2025\nPour le pr\u00e9fet,\nLe sous-pr\u00e9fet de Cherbourg,\nsign\u00e9\nJean RAMPON\nD\u00e9lais et voies de recours     :   \nLa pr\u00e9sente d\u00e9cision peut faire l'objet des recours suivants :\n-  un recours gracieux, adress\u00e9 \u00e0 la sous-pr\u00e9fecture de Cherbourg\n- un recours hi\u00e9rarchique, adress\u00e9 \u00e0 M. le Ministre de l'Int\u00e9rieur, de l'Outre-mer, des collectivit\u00e9s locales et de l'immigration \u2013\nDirection des libert\u00e9s publiques et des affaires juridiques \u2013 Sous-direction des libert\u00e9s locales et de la police administrative \u2013  11\nrue des Saussaies 75 800 Paris Cedex 08.\nEn l'absence de r\u00e9ponse de l'administration dans un d\u00e9lai de deux mois \u00e0 compter de la date de r\u00e9ception du recours, celui-ci doit\n\u00eatre consid\u00e9r\u00e9 comme implicitement rejet\u00e9.\n-  un recours contentieux peut-\u00eatre form\u00e9 \u2013 dans un d\u00e9lai de deux mois suivant la date de notification de la pr\u00e9sente d\u00e9cision (ou\nbien dans les deux mois suivants la date du rejet du recours ou hi\u00e9rarchique) \u2013 devant le tribunal administratif de Caen, 3 rue\nArthur Leduc, BP 25086, 14 050 Caen Cedex 4 ou par l'application T\u00e9l\u00e9recours citoyens accessible par le site www.telerecours.fr.\nL'exercice d'un recours administratif ou d'un recours juridictionnel ne suspend pas l'ex\u00e9cution de la d\u00e9cision contest\u00e9e.\nSous-pr\u00e9fecture de Cherbourg - 50-2025-07-21-00002 - Arr\u00eat\u00e9 SF/N\u00b025-45 portant renouvellement d' habilitation fun\u00e9raire - Pompes\nFun\u00e8bres Launey - Brix 182\nSous-pr\u00e9fecture de Cherbourg\n50-2025-07-21-00001\nArr\u00eat\u00e9 SF/N\u00b025-46 portant abrogation d'une\nhabilitation dans le domaine fun\u00e9raire - SARL\nPompes Fun\u00e8bres Hardy - La Haye Pesnel\nSous-pr\u00e9fecture de Cherbourg - 50-2025-07-21-00001 - Arr\u00eat\u00e9 SF/N\u00b025-46 portant abrogation d'une habilitation dans le domaine\nfun\u00e9raire - SARL Pompes Fun\u00e8bres Hardy - La Haye Pesnel 183\nSOUS-PR\u00c9FECTURE DE CHERBOURG\nBureau des collectivit\u00e9s locales\nde la r\u00e9glementation et des s\u00e9curit\u00e9s\nP\u00f4le Fun\u00e9raire D\u00e9partemental\n-  A R R \u00ca T \u00c9     SF / N\u00b025-46 -  \nportant abrogation d'une habilitation dans le domaine fun\u00e9raire\nLE PR\u00c9FET DE LA MANCHE\nChevalier de la L\u00e9gion d'honneur\nChevalier de l'Ordre national du M\u00e9rite\nVU le  code  g\u00e9n\u00e9ral  des  collectivit\u00e9s  territoriales  et  notamment  les  articles L2223-19 ;\nL  2223-23 ;  L2223-25  et  R  2223-56 ;  D2223-113 ;  D2223-114 ;  D2223-119 ;  D2223-120 ;\nD2223-122 \u00e0 D2223-132 ;\nVU l'arr\u00eat\u00e9 pr\u00e9fectoral n\u00b0 2024-26-VN du 2 ao\u00fbt 2024 portant d\u00e9l\u00e9gation de signature \u00e0 M.\nJean RAMPON, sous-pr\u00e9fet de Cherbourg ;\nVU l'arr\u00eat\u00e9 pr\u00e9fectoral SF/ N\u00b024-89 du 26 f\u00e9vrier 2024 portant habilitation fun\u00e9raire pour\nl'\u00e9tablissement secondaire de la SARL POMPES FUN\u00c8BRES HARDY, situ\u00e9 \u00e0 La Haye-\nPesnel (50320) ;\nVU la demande d'abrogation de l'habilitation fun\u00e9raire pour l'\u00e9tablissement secondaire de\nla SARL POMPES FUN\u00c8BRES HARDY, situ\u00e9 \u00e0 La Haye-Pesnel (50320), formul\u00e9e par M. et\nMme Nicolas et Aur\u00e9lie HARDY, repr\u00e9sentants l\u00e9gaux, suite \u00e0 la cessation d'activit\u00e9s de\ncet \u00e9tablissement ;\nSur proposition du sous-pr\u00e9fet de Cherbourg  ;\nARR\u00caTE\nArticle 1er : l'arr\u00eat\u00e9 pr\u00e9fectoral SF/ N\u00b024-89 du 26 f\u00e9vrier 2024, portant habilitation fun\u00e9raire\npour l'\u00e9tablissement secondaire de la SARL POMPES FUN\u00c8BRES HARDY, situ\u00e9 \u00e0 La\nHaye-Pesnel (50320), est abrog\u00e9. \nArticle 2 : Le Sous-pr\u00e9fet de Cherbourg est charg\u00e9 de l'ex\u00e9cution du pr\u00e9sent arr\u00eat\u00e9, qui sera\npubli\u00e9  par  extrait  au  recueil  des  actes  administratifs  de  la  pr\u00e9fecture  de  la\nManche et notifi\u00e9 aux repr\u00e9sentants l\u00e9gaux de l'entreprise.\nCherbourg-en-Cotentin, le 21 juillet 2025\nPour le pr\u00e9fet,\nLe sous-pr\u00e9fet de Cherbourg,\nsign\u00e9\nJean RAMPON\nSous-Pr\u00e9fecture de Cherbourg- CS 80840 - 50108 Cherbourg Cedex\nT\u00e9l. 02 33 75 49 50\nHeures d'ouverture au public de 9 h \u00e0 12 h - M\u00e9l. : sp-cherbourg@ma  nche.gouv.fr  \nSous-pr\u00e9fecture de Cherbourg - 50-2025-07-21-00001 - Arr\u00eat\u00e9 SF/N\u00b025-46 portant abrogation d'une habilitation dans le domaine\nfun\u00e9raire - SARL Pompes Fun\u00e8bres Hardy - La Haye Pesnel 184\nD\u00e9lais et voies de recours     :   \nLa pr\u00e9sente d\u00e9cision peut faire l'objet des recours suivants :\n-  un recours gracieux, adress\u00e9 \u00e0 la sous-pr\u00e9fecture de Cherbourg\n- un recours hi\u00e9rarchique, adress\u00e9 \u00e0   M. le Ministre de l'Int\u00e9rieur, de l'Outre-mer, des collectivit\u00e9s locales et de l'immigration \u2013\nDirection des libert\u00e9s publiques et des affaires juridiques \u2013 Sous-direction des libert\u00e9s locales et de la police administrative \u2013  11\nrue des Saussaies 75 800 Paris Cedex 08.\nEn l'absence de r\u00e9ponse de l'administration dans un d\u00e9lai de deux mois \u00e0 compter de la date de r\u00e9ception du recours, celui-ci\ndoit \u00eatre consid\u00e9r\u00e9 comme implicitement rejet\u00e9.\n-  un recours contentieux peut-\u00eatre form\u00e9 \u2013 dans un d\u00e9lai de deux mois suivant la date de notification de la pr\u00e9sente d\u00e9cision (ou\nbien dans les deux mois suivants la date du rejet du recours ou hi\u00e9rarchique) \u2013 devant le tribunal administratif de Caen, 3 rue\nArthur Leduc, BP 25086, 14 050 Caen Cedex 4 ou par l'application T\u00e9l\u00e9recours citoyens accessible par le site www.telerecors.fr.\nL'exercice d'un recours administratif ou d'un recours juridictionnel ne suspend pas l'ex\u00e9cution de la d\u00e9cision contest\u00e9e.\nSous-pr\u00e9fecture de Cherbourg - 50-2025-07-21-00001 - Arr\u00eat\u00e9 SF/N\u00b025-46 portant abrogation d'une habilitation dans le domaine\nfun\u00e9raire - SARL Pompes Fun\u00e8bres Hardy - La Haye Pesnel 185\nSous-pr\u00e9fecture de Cherbourg\n50-2025-07-30-00003\nArr\u00eat\u00e9 SF/N\u00b025-49 portant renouvellement\nd'habilitation fun\u00e9raire - SARL Maison Fun\u00e9raires\ndes Cypr\u00e8s - Sartilly Baie Bocage\nSous-pr\u00e9fecture de Cherbourg - 50-2025-07-30-00003 - Arr\u00eat\u00e9 SF/N\u00b025-49 portant renouvellement d'habilitation fun\u00e9raire - SARL\nMaison Fun\u00e9raires des Cypr\u00e8s - Sartilly Baie Bocage 186\nSous-Pr\u00e9fecture de Cherbourg\nBureau des collectivit\u00e9s locales \nde la r\u00e9glementation et des s\u00e9curit\u00e9s\nP\u00f4le fun\u00e9raire d\u00e9partemental\n-  A R R \u00ca T \u00c9     SF / N\u00b025 \u2013 49   -\nportant renouvellement d'habilitation dans le domaine fun\u00e9raire\nLE PR\u00c9FET DE LA MANCHE\nChevalier de la L\u00e9gion d'honneur\nChevalier de l'Ordre national du M\u00e9rite\nVu le  code  g\u00e9n\u00e9ral  des  collectivit\u00e9s  territoriales  et  notamment  les  articles  L2223-19 ;\nL 2223-23 ; L2223-25 et R 2223-56  ; D2223-113 ; D2223-114 ; D2223-119 ; D2223-120 ; D2223-\n122 \u00e0 D2223-132 ; D 2223-87 ; R 2223-74 ;\nVu l'arr\u00eat\u00e9 pr\u00e9fectoral n\u00b02024-26-VN du 2 ao\u00fbt 2024 portant d\u00e9l\u00e9gation de signature \u00e0 M. Jean\nRAMPON, sous-pr\u00e9fet de Cherbourg ;\nVu l'arr\u00eat\u00e9  pr\u00e9fectoral  N\u00b0  SF/19-332  du  3  septembre  2019  portant  renouvellement\nd'habilitation fun\u00e9raire pour l'\u00e9tablissement principal et si\u00e8ge social de la SARL MAISON\nFUN\u00c9RAIRE DES CYPR\u00c8S, situ\u00e9 Zone Artisanale, Route de Carolles, \u00e0 Sartilly-Baie-Bocage\n(50530) ;\nVu la demande de renouvellement d'habilitation fun\u00e9raire du 8 juillet 2025, compl\u00e9t\u00e9e le 29\njuillet 2025, pour l'\u00e9tablissement principal et si\u00e8ge social de la SARL MAISON FUN\u00c9RAIRE\nDES  CYPR\u00c8S,  situ\u00e9  Zone  Artisanale,  Route  de  Carolles,  \u00e0  Sartilly-Baie-Bocage  (50530),\nformul\u00e9e par Monsieur Guillaume PLESSIS, repr\u00e9sentant l\u00e9gal.\nSur proposition du sous-pr\u00e9fet de Cherbourg ;\nARR\u00caTE\nArticle 1er :\nParagraphe 1     : \nL'\u00e9tablissement principal et si\u00e8ge social de la SARL MAISON FUN\u00c9RAIRE DES CYPR\u00c8S,\nexer\u00e7ant  sous  l'appellation commerciale \u00abMAISON  PLESSIS \u2013 POMPES  FUN\u00c8BRES DES\nCYPR\u00c8S\u00bb, situ\u00e9 Zone Artisanale, Route de Carolles, \u00e0 Sartilly-Baie-Bocage (50530), exploit\u00e9\npar  Monsieur  Guillaume  PLESSIS,  repr\u00e9sentant  l\u00e9gal,  est  habilit\u00e9  afin  d'exercer  sur\nl'ensemble du territoire national les activit\u00e9s fun\u00e9raires suivantes :\n- Transport de corps avant et apr\u00e8s mise en bi\u00e8re,\n- Fourniture des corbillards,\nsous r\u00e9serve des dispositions particuli\u00e8res applicables aux v\u00e9hicules participant aux\nconvois fun\u00e9raires\n- Organisation des obs\u00e8ques,\n- Soins de conservation,\n- Fourniture de housses, de cercueils et de leurs accessoires int\u00e9rieurs et ext\u00e9rieurs\nainsi que des urnes cin\u00e9raires,\nSous-Pr\u00e9fecture de Cherbourg- CS 80840 - 50108 Cherbourg Cedex\nT\u00e9l. 02 33 75 49 50\nHeures d'ouverture au public de 9 h \u00e0 12 h - M\u00e9l. : sp-cherbourg@ma  nche.gouv.fr  \nSous-pr\u00e9fecture de Cherbourg - 50-2025-07-30-00003 - Arr\u00eat\u00e9 SF/N\u00b025-49 portant renouvellement d'habilitation fun\u00e9raire - SARL\nMaison Fun\u00e9raires des Cypr\u00e8s - Sartilly Baie Bocage 187\n- Fourniture de personnel et des objets et prestations n\u00e9cessaires aux obs\u00e8ques,\ninhumation (\u00e0 l'exception du fossoyage, de l'ouverture et de la fermeture du caveau)\net cr\u00e9mations.\nParagraphe 2 :\n-  Gestion  et  utilisation  d'une  chambre  fun\u00e9raire  situ\u00e9  \u00e0  Sartilly-Baie-Bocage\n(50530) : Zone Artisanale, Route de Carolles.\nArticle 2 : La pr\u00e9sente habilitation est d\u00e9livr\u00e9e sous le num\u00e9ro  25-50-0022 pour une dur\u00e9e de\n5 ans, \u00e0 compter du 20 septembre 2025.\n\u00c0 l'issue, une nouvelle habilitation pourra \u00eatre d\u00e9livr\u00e9e sous r\u00e9serve que la demande\nen soit pr\u00e9sent\u00e9e au moins deux mois avant la date d'\u00e9ch\u00e9ance de la pr\u00e9sente \nhabilitation.\nArticle 3 Toute modification dans les indications fournies par M. Guillaume PLESSIS doit \u00eatre \nd\u00e9clar\u00e9e dans un d\u00e9lai de deux mois \u00e0 la sous-pr\u00e9fecture de Cherbourg.\nArticle 4 : La pr\u00e9sente habilitation peut \u00eatre suspendue pour une dur\u00e9e maximum d'un an ou\nretir\u00e9e, apr\u00e8s mise en demeure, par le repr\u00e9sentant de l'Etat dans le d\u00e9partement\no\u00f9 les faits auront \u00e9t\u00e9 constat\u00e9s, pour les motifs suivants :\n- Non-respect des dispositions du pr\u00e9sent code auxquelles sont soumises les r\u00e9gies,\nentreprises ou associations habilit\u00e9es conform\u00e9ment \u00e0 l'article L. 2223-23 ;\n- Non-exercice ou cessation d'exercice des activit\u00e9s au titre desquelles elle a \u00e9t\u00e9\nd\u00e9livr\u00e9e ;\n- Atteinte \u00e0 l'ordre public ou danger pour la salubrit\u00e9 publique.\nArticle 5 : Monsieur le sous-pr\u00e9fet de Cherbourg est charg\u00e9 de l'ex\u00e9cution du pr\u00e9sent arr\u00eat\u00e9,\nqui sera publi\u00e9 par extrait au recueil des actes administratifs de la pr\u00e9fecture de la\nManche, et dont une copie sera adress\u00e9e au maire d e Sartilly-Baie-Bocage p our\ninformation.\nCherbourg-en-Cotentin, le 30 juillet 2025\nPour le pr\u00e9fet,\nLe sous-pr\u00e9fet de Cherbourg,\nsign\u00e9\nJean RAMPON\nD\u00e9lais et voies de recours     :   \nLa pr\u00e9sente d\u00e9cision peut faire l'objet des recours suivants :\n-  un recours gracieux, adress\u00e9 \u00e0 la sous-pr\u00e9fecture de Cherbourg\n- un recours hi\u00e9rarchique, adress\u00e9 \u00e0 M. le Ministre de l'Int\u00e9rieur, de l'Outre-mer, des collectivit\u00e9s locales et de l'immigration \u2013\nDirection des libert\u00e9s publiques et des affaires juridiques \u2013 Sous-direction des libert\u00e9s locales et de la police administrative \u2013  11\nrue des Saussaies 75 800 Paris Cedex 08.\nEn l'absence de r\u00e9ponse de l'administration dans un d\u00e9lai de deux mois \u00e0 compter de la date de r\u00e9ception du recours, celui-ci\ndoit \u00eatre consid\u00e9r\u00e9 comme implicitement rejet\u00e9.\n-  un recours contentieux peut-\u00eatre form\u00e9 \u2013 dans un d\u00e9lai de deux mois suivant la date de notification de la pr\u00e9sente d\u00e9cision (ou\nbien dans les deux mois suivants la date du rejet du recours ou hi\u00e9rarchique) \u2013 devant le tribunal administratif de Caen, 3 rue\nArthur Leduc, BP 25086, 14 050 Caen Cedex 4 ou par l'application T\u00e9l\u00e9recours citoyens accessible par le site www.telerecors.fr.\nL'exercice d'un recours administratif ou d'un recours juridictionnel ne suspend pas l'ex\u00e9cution de la d\u00e9cision contest\u00e9e.\nSous-pr\u00e9fecture de Cherbourg - 50-2025-07-30-00003 - Arr\u00eat\u00e9 SF/N\u00b025-49 portant renouvellement d'habilitation fun\u00e9raire - SARL\nMaison Fun\u00e9raires des Cypr\u00e8s - Sartilly Baie Bocage 188\nCopie \u00e0 :\nSARL Maison Fun\u00e9raire des Cypr\u00e8s\n(si\u00e8ge social)\nM. Guillaume PLESSIS\nZone Artisanale Route de Carolles\n 50530 Sartilly-Baie-Bocage\n \n- M. le maire de Sartilly-Baie-Bocage\n- M. le commandant de la compagnie de gendarmerie d'Avranches\nSous-pr\u00e9fecture de Cherbourg - 50-2025-07-30-00003 - Arr\u00eat\u00e9 SF/N\u00b025-49 portant renouvellement d'habilitation fun\u00e9raire - SARL\nMaison Fun\u00e9raires des Cypr\u00e8s - Sartilly Baie Bocage 189\nSous-pr\u00e9fecture d'Avranches\n50-2025-07-02-00006\nArr\u00eat\u00e9 portant autorisation d'un syst\u00e8me de\nvid\u00e9oprotection - Mondial Relay consigne 22175 -\nC\u00e9rences\nSous-pr\u00e9fecture d'Avranches - 50-2025-07-02-00006 - Arr\u00eat\u00e9 portant autorisation d'un syst\u00e8me de vid\u00e9oprotection - Mondial Relay\nconsigne 22175 - C\u00e9rences 190\nSOUS-PREFECTURE D'AVRANCHES\nBureau des s\u00e9curit\u00e9s\nPolice administrative\nArr\u00eat\u00e9 n\u00b0 2025-101\nARR\u00caT\u00c9\nportant autorisation d'un syst\u00e8me de vid\u00e9oprotection\nMondial Relay consigne 22175 - C\u00e9rences\nLe Pr\u00e9fet de la Manche,\nChevalier de la L\u00e9gion d'Honneur\nChevalier de l'Ordre National du M\u00e9rite\nVu  le code de la s\u00e9curit\u00e9 int\u00e9rieure,  partie l\u00e9gislative,  notamment ses  articles\nL.251-1 \u00e0 L.255-1 et partie r\u00e9glementaire, notamment ses articles R.251-1 \u00e0 R.253-\n4 ;\nVu  l'arr\u00eat\u00e9 minist\u00e9riel du 3 ao\u00fbt 2007 portant d\u00e9finition des normes techniques\ndes syst\u00e8mes de vid\u00e9oprotection et ses annexes techniques ;\nVu l'arr\u00eat\u00e9 pr\u00e9fectoral n\u00b0 2023-23 VN du 21 ao\u00fbt 2023 donnant d\u00e9l\u00e9gation de\nsignature \u00e0 Monsieur Pierre CHAULEUR sous-pr\u00e9fet d'Avranches ;\nVu la demande d\u00e9pos\u00e9e le 10 janvier 2025  par  Monsieur Michael ROUSE , en vue\nd'obtenir l'autorisation d'installer un syst\u00e8me de vid\u00e9oprotection au sein de\nl'\u00e9tablissement  Mondial Relay - Consigne numero 22175 2 Bis Rue de la Gabelle\n50510 CERENCES ;\nVu le r\u00e9c\u00e9piss\u00e9 de d\u00e9p\u00f4t de cette demande d\u00e9livr\u00e9 le 20 mai 2025 ;\nVu l'avis de la commission d\u00e9partementale de vid\u00e9oprotection du 03 juin 2025 ;\nConsid\u00e9rant que ce lieu est particuli\u00e8rement expos\u00e9 \u00e0 des risques d'agression ou\nde vol ;\nConsid\u00e9rant  le  caract\u00e8re  proportionn\u00e9  du  nombre  de  cam\u00e9ras  envisag\u00e9es  au\nregard des risques susmentionn\u00e9s ;\nARR\u00caTE\nArt. 1 : Monsieur Michael ROUSE est autoris\u00e9, dans les conditions fix\u00e9es au pr\u00e9sent\narr\u00eat\u00e9  et  pour  une  dur\u00e9e  de  cinq  ans renouvelable,  \u00e0  installer 2  cam\u00e9ras\next\u00e9rieures de  vid\u00e9oprotection  au  sein  de  l'\u00e9tablissement Mondial  Relay  -\nConsigne numero 22175 2 Bis Rue de la Gabelle  50510 CERENCES , conform\u00e9ment\nau  dossier  pr\u00e9sent\u00e9  et  annex\u00e9  \u00e0  la  demande  enregistr\u00e9e  sous  le  num\u00e9ro\n2025/0062.\nSous-Pr\u00e9fecture Avranches - Place Daniel Huet - 50300 Avranches - T\u00e9l. : 02.14.14.32.40\nM\u00e9l. : sp-avranches@manche.gouv.fr\nHeures d'accueil du public : de 9 h 00 \u00e0 12 h 00 et de 13 h 00 \u00e0 16 h 00\nSous-pr\u00e9fecture d'Avranches - 50-2025-07-02-00006 - Arr\u00eat\u00e9 portant autorisation d'un syst\u00e8me de vid\u00e9oprotection - Mondial Relay\nconsigne 22175 - C\u00e9rences 191\nLe syst\u00e8me  consid\u00e9r\u00e9  r\u00e9pond  aux  finalit\u00e9s  pr\u00e9vues  par  le code  de  la  s\u00e9curit\u00e9\nint\u00e9rieure :\nPr\u00e9vention des atteintes a la s\u00e9curit\u00e9 des personnes et des biens dans des lieux et\n\u00e9tablissements ouverts au public particulierement expos\u00e9s a des risques d'agression\nou de vol, Autres (lutte contre la d\u00e9marque inconnue).\nArt. 2 : Le public est inform\u00e9 de la pr\u00e9sence de ces cam\u00e9ras, dans l'\u00e9tablissement\ncit\u00e9 \u00e0 l'article 1er, par une signal\u00e9tique appropri\u00e9e :\n- de  mani\u00e8re  claire,  permanente  et  significative,  \u00e0  chaque  point  d'acc\u00e8s  du\npublic, de l'existence du syst\u00e8me de vid\u00e9oprotection ;\n- \u00e0 chaque point d'acc\u00e8s du public, des affichettes mentionnent les r\u00e9f\u00e9rences\ndu code de la s\u00e9curit\u00e9 int\u00e9rieure susvis\u00e9 et les coordonn\u00e9es du responsable de\nl'\u00e9tablissement aupr\u00e8s duquel s'exerce le droit d'acc\u00e8s aux images.\nLe droit d'acc\u00e8s aux images pourra s'exercer aupr\u00e8s du service client d\u00e9di\u00e9 DPO.\nArt. 3  : Hormis le cas d'une enqu\u00eate de flagrant d\u00e9lit, d'une enqu\u00eate pr\u00e9liminaire\nou d'une information judiciaire,  les enregistrements sont d\u00e9truits dans un d\u00e9lai\nmaximum de 30 jours.\nArt. 4  : Monsieur Michael ROUSE , responsable de la mise en \u0153uvre du syst\u00e8me\ndoit se porter garant des personnes susceptibles d'intervenir dans l'exploitation\nou le visionnage des images, ainsi que dans la maintenance du syst\u00e8me mis en\nplace. Des consignes tr\u00e8s pr\u00e9cises sur la confidentialit\u00e9 des images capt\u00e9es ou/et\nenregistr\u00e9es  et  des  atteintes  \u00e0  la  vie  priv\u00e9e  qu'elles  peuvent  \u00e9ventuellement\nimpliquer sont donn\u00e9es \u00e0 toutes les personnes concern\u00e9es.\nArt. 5  : Toute modification pr\u00e9sentant un caract\u00e8re substantiel devra faire l'objet\nd'une  d\u00e9claration  aupr\u00e8s  des  services  pr\u00e9fectoraux,  notamment  changement\nd'activit\u00e9 dans  les  lieux prot\u00e9g\u00e9s,  changement dans  la configuration des  lieux,\nchangement affectant la protection des images.\nArt. 6 : Sans pr\u00e9judice des sanctions p\u00e9nales applicables, la pr\u00e9sente autorisation\npeut, apr\u00e8s que l'int\u00e9ress\u00e9 ait \u00e9t\u00e9 mis \u00e0 m\u00eame de pr\u00e9senter ses observations, \u00eatre\nretir\u00e9e en cas de manquement aux dispositions figurant aux articles L.251-2, L.251-\n3, L.252-1 \u00e0 L.252-6, L.253-1 \u00e0 L.253-5 et R.251-1 \u00e0 R.253-4 du code de la s\u00e9curit\u00e9\nint\u00e9rieure  susvis\u00e9  ou  encore  en  cas  de  modification  des  conditions  au  vu\ndesquelles cette autorisation a \u00e9t\u00e9 d\u00e9livr\u00e9e.\nArt. 7  : La pr\u00e9sente autorisation peut faire l'objet d'un recours devant le Tribunal\nAdministratif de Caen  dans un d\u00e9lai  de deux  mois \u00e0 compter de la date de sa\nnotification \u00e0 l'int\u00e9ress\u00e9.\nArt.  8 :  Le  syst\u00e8me  concern\u00e9  devra  faire  l'objet  d'une  nouvelle  autorisation\nadministrative pr\u00e9alable au terme du d\u00e9lai des cinq ans  : une nouvelle demande\ndevra  \u00eatre  d\u00e9pos\u00e9e  \u00e0  la  pr\u00e9fecture  soit  par  courrier,  soit  par  t\u00e9l\u00e9proc\u00e9dure\ndisponible  sur  le  site  \u00abvideoprotection.interieur.gouv.fr\u00bb, quatre  mois  avant\nl'\u00e9ch\u00e9ance de ce d\u00e9lai.\nSous-pr\u00e9fecture d'Avranches - 50-2025-07-02-00006 - Arr\u00eat\u00e9 portant autorisation d'un syst\u00e8me de vid\u00e9oprotection - Mondial Relay\nconsigne 22175 - C\u00e9rences 192\nArt.  9 :  Le  sous-pr\u00e9fet  d'Avranches,  Monsieur  Michael  ROUSE,  le  maire  de\nCERENCES, le commandant du groupement de gendarmerie d\u00e9partementale sont\ncharg\u00e9s, chacun en ce qui le concerne, de l'ex\u00e9cution du pr\u00e9sent arr\u00eat\u00e9 qui sera\npubli\u00e9 au recueil des actes administratifs de la pr\u00e9fecture de la Manche.\nAvranches, le 2 juillet 2025\nPour le pr\u00e9fet et par d\u00e9l\u00e9gation,\nLe sous-pr\u00e9fet d'Avranches,\nsign\u00e9\nPierre CHAULEUR\nSous-pr\u00e9fecture d'Avranches - 50-2025-07-02-00006 - Arr\u00eat\u00e9 portant autorisation d'un syst\u00e8me de vid\u00e9oprotection - Mondial Relay\nconsigne 22175 - C\u00e9rences 193\nSous-pr\u00e9fecture d'Avranches\n50-2025-07-02-00014\nArr\u00eat\u00e9 portant autorisation d'un syst\u00e8me de\nvid\u00e9oprotection - Mondial Relay consigne 26047\n- Saint-Jean-de-Daye\nSous-pr\u00e9fecture d'Avranches - 50-2025-07-02-00014 - Arr\u00eat\u00e9 portant autorisation d'un syst\u00e8me de vid\u00e9oprotection - Mondial Relay\nconsigne 26047 - Saint-Jean-de-Daye 194\nSOUS-PREFECTURE D'AVRANCHES\nBureau des s\u00e9curit\u00e9s\nPolice administrative\nArr\u00eat\u00e9 n\u00b0 2025-93\nARR\u00caT\u00c9\nportant autorisation d'un syst\u00e8me de vid\u00e9oprotection\nMondial Relay consigne 26047 - Saint-Jean-de-Daye\nLe Pr\u00e9fet de la Manche,\nChevalier de la L\u00e9gion d'Honneur\nChevalier de l'Ordre National du M\u00e9rite\nVu  le code de la s\u00e9curit\u00e9 int\u00e9rieure,  partie l\u00e9gislative,  notamment ses  articles\nL.251-1 \u00e0 L.255-1 et partie r\u00e9glementaire, notamment ses articles R.251-1 \u00e0 R.253-\n4 ;\nVu  l'arr\u00eat\u00e9 minist\u00e9riel du 3 ao\u00fbt 2007 portant d\u00e9finition des normes techniques\ndes syst\u00e8mes de vid\u00e9oprotection et ses annexes techniques ;\nVu l'arr\u00eat\u00e9 pr\u00e9fectoral n\u00b0 2023-23 VN du 21 ao\u00fbt 2023 donnant d\u00e9l\u00e9gation de\nsignature \u00e0 Monsieur Pierre CHAULEUR sous-pr\u00e9fet d'Avranches ;\nVu la demande d\u00e9pos\u00e9e le 22 novembre 2024 par Monsieur Michael Rouse, en vue\nd'obtenir l'autorisation d'installer un syst\u00e8me de vid\u00e9oprotection au sein de\nl'\u00e9tablissement   Mondial Relay - Consigne N\u00b026047 29  rue Saint-Jean  50620\nSAINT-JEAN-DE-DAYE ;\nVu le r\u00e9c\u00e9piss\u00e9 de d\u00e9p\u00f4t de cette demande d\u00e9livr\u00e9 le 20 mai 2025 ;\nVu l'avis de la commission d\u00e9partementale de vid\u00e9oprotection du 03 juin 2025 ;\nConsid\u00e9rant que ce lieu est particuli\u00e8rement expos\u00e9 \u00e0 des risques d'agression ou\nde vol ;\nConsid\u00e9rant  le  caract\u00e8re  proportionn\u00e9  du  nombre  de  cam\u00e9ras  envisag\u00e9es  au\nregard des risques susmentionn\u00e9s ;\nARR\u00caTE\nArt. 1 : Monsieur Michael Rouse est autoris\u00e9, dans les conditions fix\u00e9es au pr\u00e9sent\narr\u00eat\u00e9  et  pour  une  dur\u00e9e  de  cinq  ans renouvelable,  \u00e0  installer 2  cam\u00e9ras\next\u00e9rieures de  vid\u00e9oprotection  au  sein  de  l'\u00e9tablissement Mondial  Relay  -\nConsigne N\u00b026047 29  rue Saint-Jean  50620 SAINT-JEAN-DE-DAYE, conform\u00e9ment\nau  dossier  pr\u00e9sent\u00e9  et  annex\u00e9  \u00e0  la  demande  enregistr\u00e9e  sous  le  num\u00e9ro\n2025/0052.\nSous-Pr\u00e9fecture Avranches - Place Daniel Huet - 50300 Avranches - T\u00e9l. : 02.14.14.32.40\nM\u00e9l. : sp-avranches@manche.gouv.fr\nHeures d'accueil du public : de 9 h 00 \u00e0 12 h 00 et de 13 h 00 \u00e0 16 h 00\nSous-pr\u00e9fecture d'Avranches - 50-2025-07-02-00014 - Arr\u00eat\u00e9 portant autorisation d'un syst\u00e8me de vid\u00e9oprotection - Mondial Relay\nconsigne 26047 - Saint-Jean-de-Daye 195\nLe syst\u00e8me  consid\u00e9r\u00e9  r\u00e9pond  aux  finalit\u00e9s  pr\u00e9vues  par  le code  de  la  s\u00e9curit\u00e9\nint\u00e9rieure :\nPr\u00e9vention des atteintes a la s\u00e9curit\u00e9 des personnes et des biens dans des lieux et\n\u00e9tablissements ouverts au public particuli\u00e8rement expos\u00e9s a des risques d'agression\nou  de  vol,  Pr\u00e9vention  des  atteintes  aux  biens,  Protection  des  b\u00e2timents  publics,\nAutres (Informations Service Client Mondial Relay).\nArt. 2 : Le public est inform\u00e9 de la pr\u00e9sence de ces cam\u00e9ras, dans l'\u00e9tablissement\ncit\u00e9 \u00e0 l'article 1er, par une signal\u00e9tique appropri\u00e9e :\n- de  mani\u00e8re  claire,  permanente  et  significative,  \u00e0  chaque  point  d'acc\u00e8s  du\npublic, de l'existence du syst\u00e8me de vid\u00e9oprotection ;\n- \u00e0 chaque point d'acc\u00e8s du public, des affichettes mentionnent les r\u00e9f\u00e9rences\ndu code de la s\u00e9curit\u00e9 int\u00e9rieure susvis\u00e9 et les coordonn\u00e9es du responsable de\nl'\u00e9tablissement aupr\u00e8s duquel s'exerce le droit d'acc\u00e8s aux images.\nLe droit d'acc\u00e8s aux images pourra s'exercer aupr\u00e8s du service client d\u00e9di\u00e9.\nArt. 3  : Hormis le cas d'une enqu\u00eate de flagrant d\u00e9lit, d'une enqu\u00eate pr\u00e9liminaire\nou d'une information judiciaire,  les enregistrements sont d\u00e9truits dans un d\u00e9lai\nmaximum de 30 jours.\nArt. 4 : Monsieur Michael Rouse, responsable de la mise en \u0153uvre du syst\u00e8me doit\nse porter garant des personnes susceptibles d'intervenir dans l'exploitation ou le\nvisionnage des images, ainsi que dans la maintenance du syst\u00e8me mis en place.\nDes  consignes  tr\u00e8s  pr\u00e9cises  sur  la  confidentialit\u00e9  des  images  capt\u00e9es  ou/et\nenregistr\u00e9es  et  des  atteintes  \u00e0  la  vie  priv\u00e9e  qu'elles  peuvent  \u00e9ventuellement\nimpliquer sont donn\u00e9es \u00e0 toutes les personnes concern\u00e9es.\nArt. 5  : Toute modification pr\u00e9sentant un caract\u00e8re substantiel devra faire l'objet\nd'une  d\u00e9claration  aupr\u00e8s  des  services  pr\u00e9fectoraux,  notamment  changement\nd'activit\u00e9 dans  les  lieux prot\u00e9g\u00e9s,  changement dans  la configuration des  lieux,\nchangement affectant la protection des images.\nArt. 6 : Sans pr\u00e9judice des sanctions p\u00e9nales applicables, la pr\u00e9sente autorisation\npeut, apr\u00e8s que l'int\u00e9ress\u00e9 ait \u00e9t\u00e9 mis \u00e0 m\u00eame de pr\u00e9senter ses observations, \u00eatre\nretir\u00e9e en cas de manquement aux dispositions figurant aux articles L.251-2, L.251-\n3, L.252-1 \u00e0 L.252-6, L.253-1 \u00e0 L.253-5 et R.251-1 \u00e0 R.253-4 du code de la s\u00e9curit\u00e9\nint\u00e9rieure  susvis\u00e9  ou  encore  en  cas  de  modification  des  conditions  au  vu\ndesquelles cette autorisation a \u00e9t\u00e9 d\u00e9livr\u00e9e.\nArt. 7  : La pr\u00e9sente autorisation peut faire l'objet d'un recours devant le Tribunal\nAdministratif de Caen  dans un d\u00e9lai  de deux  mois \u00e0 compter de la date de sa\nnotification \u00e0 l'int\u00e9ress\u00e9.\nArt.  8 :  Le  syst\u00e8me  concern\u00e9  devra  faire  l'objet  d'une  nouvelle  autorisation\nadministrative pr\u00e9alable au terme du d\u00e9lai des cinq ans  : une nouvelle demande\ndevra  \u00eatre  d\u00e9pos\u00e9e  \u00e0  la  pr\u00e9fecture  soit  par  courrier,  soit  par  t\u00e9l\u00e9proc\u00e9dure\ndisponible  sur  le  site  \u00abvideoprotection.interieur.gouv.fr\u00bb, quatre  mois  avant\nl'\u00e9ch\u00e9ance de ce d\u00e9lai.\nSous-pr\u00e9fecture d'Avranches - 50-2025-07-02-00014 - Arr\u00eat\u00e9 portant autorisation d'un syst\u00e8me de vid\u00e9oprotection - Mondial Relay\nconsigne 26047 - Saint-Jean-de-Daye 196\nArt. 9  : La  sous-pr\u00e9f\u00e8te de Saint-L\u00f4, Monsieur Michael Rouse , le maire de  SAINT-\nJEAN-DE-DAYE, le commandant du groupement de gendarmerie d\u00e9partementale\nsont charg\u00e9s, chacun en ce qui le concerne, de l'ex\u00e9cution du pr\u00e9sent arr\u00eat\u00e9 qui\nsera publi\u00e9 au recueil des actes administratifs de la pr\u00e9fecture de la Manche.\nAvranches, le 2 juillet 2025\nPour le pr\u00e9fet et par d\u00e9l\u00e9gation,\nLe sous-pr\u00e9fet d'Avranches,\nsign\u00e9\nPierre CHAULEUR\nCopie pour information au sous-pr\u00e9fet d'arrondissement.\nSous-pr\u00e9fecture d'Avranches - 50-2025-07-02-00014 - Arr\u00eat\u00e9 portant autorisation d'un syst\u00e8me de vid\u00e9oprotection - Mondial Relay\nconsigne 26047 - Saint-Jean-de-Daye 197\nSous-pr\u00e9fecture d'Avranches\n50-2025-07-02-00013\nArr\u00eat\u00e9 portant autorisation d'un syst\u00e8me de\nvid\u00e9oprotection - Mondial Relay consigne 27394\n- Romagny-Fontenay\nSous-pr\u00e9fecture d'Avranches - 50-2025-07-02-00013 - Arr\u00eat\u00e9 portant autorisation d'un syst\u00e8me de vid\u00e9oprotection - Mondial Relay\nconsigne 27394 - Romagny-Fontenay 198\nSOUS-PREFECTURE D'AVRANCHES\nBureau des s\u00e9curit\u00e9s\nPolice administrative\nArr\u00eat\u00e9 n\u00b0 2025-94\nARR\u00caT\u00c9\nportant autorisation d'un syst\u00e8me de vid\u00e9oprotection\nMondial Relay consigne 27394 - Romagny-Fontenay\nLe Pr\u00e9fet de la Manche,\nChevalier de la L\u00e9gion d'Honneur\nChevalier de l'Ordre National du M\u00e9rite\nVu  le code de la s\u00e9curit\u00e9 int\u00e9rieure,  partie l\u00e9gislative,  notamment ses  articles\nL.251-1 \u00e0 L.255-1 et partie r\u00e9glementaire, notamment ses articles R.251-1 \u00e0 R.253-\n4 ;\nVu  l'arr\u00eat\u00e9 minist\u00e9riel du 3 ao\u00fbt 2007 portant d\u00e9finition des normes techniques\ndes syst\u00e8mes de vid\u00e9oprotection et ses annexes techniques ;\nVu l'arr\u00eat\u00e9 pr\u00e9fectoral n\u00b0 2023-23 VN du 21 ao\u00fbt 2023 donnant d\u00e9l\u00e9gation de\nsignature \u00e0 Monsieur Pierre CHAULEUR sous-pr\u00e9fet d'Avranches ;\nVu la demande d\u00e9pos\u00e9e le 29 novembre 2024 par Monsieur Rouse Michael, en vue\nd'obtenir l'autorisation d'installer un syst\u00e8me de vid\u00e9oprotection au sein de\nl'\u00e9tablissement  Mondial relay - consigne num\u00e9ro 27394 LES CLOSEAUX  50140\nROMAGNY FONTENAY ;\nVu le r\u00e9c\u00e9piss\u00e9 de d\u00e9p\u00f4t de cette demande d\u00e9livr\u00e9 le 20 mai 2025 ;\nVu l'avis de la commission d\u00e9partementale de vid\u00e9oprotection du 03 juin 2025 ;\nConsid\u00e9rant que ce lieu est particuli\u00e8rement expos\u00e9 \u00e0 des risques d'agression ou\nde vol ;\nConsid\u00e9rant  le  caract\u00e8re  proportionn\u00e9  du  nombre  de  cam\u00e9ras  envisag\u00e9es  au\nregard des risques susmentionn\u00e9s ;\nARR\u00caTE\nArt. 1 : Monsieur Rouse Michael est autoris\u00e9, dans les conditions fix\u00e9es au pr\u00e9sent\narr\u00eat\u00e9  et  pour  une  dur\u00e9e  de  cinq  ans renouvelable,  \u00e0  installer 2  cam\u00e9ras\next\u00e9rieures de vid\u00e9oprotection au sein de l'\u00e9tablissement  Mondial relay - consigne\nnum\u00e9ro 27394 LES CLOSEAUX  50140 ROMAGNY FONTENAY , conform\u00e9ment au\ndossier pr\u00e9sent\u00e9 et annex\u00e9 \u00e0 la demande enregistr\u00e9e sous le num\u00e9ro 2025/0053.\nSous-Pr\u00e9fecture Avranches - Place Daniel Huet - 50300 Avranches - T\u00e9l. : 02.14.14.32.40\nM\u00e9l. : sp-avranches@manche.gouv.fr\nHeures d'accueil du public : de 9 h 00 \u00e0 12 h 00 et de 13 h 00 \u00e0 16 h 00\nSous-pr\u00e9fecture d'Avranches - 50-2025-07-02-00013 - Arr\u00eat\u00e9 portant autorisation d'un syst\u00e8me de vid\u00e9oprotection - Mondial Relay\nconsigne 27394 - Romagny-Fontenay 199\nLe syst\u00e8me  consid\u00e9r\u00e9  r\u00e9pond  aux  finalit\u00e9s  pr\u00e9vues  par  le code  de  la  s\u00e9curit\u00e9\nint\u00e9rieure :\nPr\u00e9vention des atteintes a la s\u00e9curit\u00e9 des personnes et des biens dans des lieux et\n\u00e9tablissements ouverts au public particulierement expos\u00e9s a des risques d'agression\nou de vol, Autres (lutte contre la fraude lors du d\u00e9p\u00f4t ou la collecte des colis).\nArt. 2 : Le public est inform\u00e9 de la pr\u00e9sence de ces cam\u00e9ras, dans l'\u00e9tablissement\ncit\u00e9 \u00e0 l'article 1er, par une signal\u00e9tique appropri\u00e9e :\n- de  mani\u00e8re  claire,  permanente  et  significative,  \u00e0  chaque  point  d'acc\u00e8s  du\npublic, de l'existence du syst\u00e8me de vid\u00e9oprotection ;\n- \u00e0 chaque point d'acc\u00e8s du public, des affichettes mentionnent les r\u00e9f\u00e9rences\ndu code de la s\u00e9curit\u00e9 int\u00e9rieure susvis\u00e9 et les coordonn\u00e9es du responsable de\nl'\u00e9tablissement aupr\u00e8s duquel s'exerce le droit d'acc\u00e8s aux images.\nLe droit d'acc\u00e8s aux images pourra s'exercer aupr\u00e8s du service client d\u00e9di\u00e9 DPO.\nArt. 3  : Hormis le cas d'une enqu\u00eate de flagrant d\u00e9lit, d'une enqu\u00eate pr\u00e9liminaire\nou d'une information judiciaire,  les enregistrements sont d\u00e9truits dans un d\u00e9lai\nmaximum de 30 jours.\nArt. 4 : Monsieur Rouse Michael, responsable de la mise en \u0153uvre du syst\u00e8me doit\nse porter garant des personnes susceptibles d'intervenir dans l'exploitation ou le\nvisionnage des images, ainsi que dans la maintenance du syst\u00e8me mis en place.\nDes  consignes  tr\u00e8s  pr\u00e9cises  sur  la  confidentialit\u00e9  des  images  capt\u00e9es  ou/et\nenregistr\u00e9es  et  des  atteintes  \u00e0  la  vie  priv\u00e9e  qu'elles  peuvent  \u00e9ventuellement\nimpliquer sont donn\u00e9es \u00e0 toutes les personnes concern\u00e9es.\nArt. 5  : Toute modification pr\u00e9sentant un caract\u00e8re substantiel devra faire l'objet\nd'une  d\u00e9claration  aupr\u00e8s  des  services  pr\u00e9fectoraux,  notamment  changement\nd'activit\u00e9 dans  les  lieux prot\u00e9g\u00e9s,  changement dans  la configuration des  lieux,\nchangement affectant la protection des images.\nArt. 6 : Sans pr\u00e9judice des sanctions p\u00e9nales applicables, la pr\u00e9sente autorisation\npeut, apr\u00e8s que l'int\u00e9ress\u00e9 ait \u00e9t\u00e9 mis \u00e0 m\u00eame de pr\u00e9senter ses observations, \u00eatre\nretir\u00e9e en cas de manquement aux dispositions figurant aux articles L.251-2, L.251-\n3, L.252-1 \u00e0 L.252-6, L.253-1 \u00e0 L.253-5 et R.251-1 \u00e0 R.253-4 du code de la s\u00e9curit\u00e9\nint\u00e9rieure  susvis\u00e9  ou  encore  en  cas  de  modification  des  conditions  au  vu\ndesquelles cette autorisation a \u00e9t\u00e9 d\u00e9livr\u00e9e.\nArt. 7  : La pr\u00e9sente autorisation peut faire l'objet d'un recours devant le Tribunal\nAdministratif de Caen  dans un d\u00e9lai  de deux  mois \u00e0 compter de la date de sa\nnotification \u00e0 l'int\u00e9ress\u00e9.\nArt.  8 :  Le  syst\u00e8me  concern\u00e9  devra  faire  l'objet  d'une  nouvelle  autorisation\nadministrative pr\u00e9alable au terme du d\u00e9lai des cinq ans  : une nouvelle demande\ndevra  \u00eatre  d\u00e9pos\u00e9e  \u00e0  la  pr\u00e9fecture  soit  par  courrier,  soit  par  t\u00e9l\u00e9proc\u00e9dure\ndisponible  sur  le  site  \u00abvideoprotection.interieur.gouv.fr\u00bb, quatre  mois  avant\nl'\u00e9ch\u00e9ance de ce d\u00e9lai.\nSous-pr\u00e9fecture d'Avranches - 50-2025-07-02-00013 - Arr\u00eat\u00e9 portant autorisation d'un syst\u00e8me de vid\u00e9oprotection - Mondial Relay\nconsigne 27394 - Romagny-Fontenay 200\nArt.  9 :  Le  sous-pr\u00e9fet  d'Avranches,  Monsieur  Rouse  Michael,  le  maire  de\nROMAGNY  FONTENAY,  le  commandant  du  groupement  de  gendarmerie\nd\u00e9partementale sont charg\u00e9s, chacun en ce qui le concerne, de l'ex\u00e9cution du\npr\u00e9sent arr\u00eat\u00e9 qui sera publi\u00e9 au recueil des actes administratifs de la pr\u00e9fecture\nde la Manche.\nAvranches, le 2 juillet 2025\nPour le pr\u00e9fet et par d\u00e9l\u00e9gation,\nLe sous-pr\u00e9fet d'Avranches,\nsign\u00e9\nPierre CHAULEUR\nSous-pr\u00e9fecture d'Avranches - 50-2025-07-02-00013 - Arr\u00eat\u00e9 portant autorisation d'un syst\u00e8me de vid\u00e9oprotection - Mondial Relay\nconsigne 27394 - Romagny-Fontenay 201\nSous-pr\u00e9fecture d'Avranches\n50-2025-07-02-00010\nArr\u00eat\u00e9 portant autorisation d'un syst\u00e8me de\nvid\u00e9oprotection - Mondial Relay consigne 28264\n- Percy-en-Normandie\nSous-pr\u00e9fecture d'Avranches - 50-2025-07-02-00010 - Arr\u00eat\u00e9 portant autorisation d'un syst\u00e8me de vid\u00e9oprotection - Mondial Relay\nconsigne 28264 - Percy-en-Normandie 202\nSOUS-PREFECTURE D'AVRANCHES\nBureau des s\u00e9curit\u00e9s\nPolice administrative\nArr\u00eat\u00e9 n\u00b0 2025-97\nARR\u00caT\u00c9\nportant autorisation d'un syst\u00e8me de vid\u00e9oprotection\nMondial Relay consigne 28264 - Percy-en-Normandie\nLe Pr\u00e9fet de la Manche,\nChevalier de la L\u00e9gion d'Honneur\nChevalier de l'Ordre National du M\u00e9rite\nVu  le code de la s\u00e9curit\u00e9 int\u00e9rieure,  partie l\u00e9gislative,  notamment ses  articles\nL.251-1 \u00e0 L.255-1 et partie r\u00e9glementaire, notamment ses articles R.251-1 \u00e0 R.253-\n4 ;\nVu  l'arr\u00eat\u00e9 minist\u00e9riel du 3 ao\u00fbt 2007 portant d\u00e9finition des normes techniques\ndes syst\u00e8mes de vid\u00e9oprotection et ses annexes techniques ;\nVu l'arr\u00eat\u00e9 pr\u00e9fectoral n\u00b0 2023-23 VN du 21 ao\u00fbt 2023 donnant d\u00e9l\u00e9gation de\nsignature \u00e0 Monsieur Pierre CHAULEUR sous-pr\u00e9fet d'Avranches ;\nVu  la demande d\u00e9pos\u00e9e le  02 janvier 2025  par  Monsieur Michael Rouse , en vue\nd'obtenir l'autorisation d'installer un syst\u00e8me de vid\u00e9oprotection au sein de\nl'\u00e9tablissement   Mondial Relay + Consigne N\u00b0 28264 14B rue Philippe Texier\nHugou  50410 PERCY-EN-NORMANDIE ;\nVu le r\u00e9c\u00e9piss\u00e9 de d\u00e9p\u00f4t de cette demande d\u00e9livr\u00e9 le 20 mai 2025 ;\nVu l'avis de la commission d\u00e9partementale de vid\u00e9oprotection du 03 juin 2025 ;\nConsid\u00e9rant que ce lieu est particuli\u00e8rement expos\u00e9 \u00e0 des risques d'agression ou\nde vol ;\nConsid\u00e9rant  le  caract\u00e8re  proportionn\u00e9  du  nombre  de  cam\u00e9ras  envisag\u00e9es  au\nregard des risques susmentionn\u00e9s ;\nARR\u00caTE\nArt. 1 : Monsieur Michael Rouse est autoris\u00e9, dans les conditions fix\u00e9es au pr\u00e9sent\narr\u00eat\u00e9  et  pour  une  dur\u00e9e  de  cinq  ans renouvelable,  \u00e0  installer 2  cam\u00e9ras\next\u00e9rieures de  vid\u00e9oprotection  au  sein  de  l'\u00e9tablissement Mondial  Relay  +\nConsigne N\u00b0 28264 14B rue Philippe Texier Hugou  50410 PERCY-EN-NORMANDIE ,\nconform\u00e9ment au dossier pr\u00e9sent\u00e9 et annex\u00e9 \u00e0 la demande enregistr\u00e9e sous le\nnum\u00e9ro 2025/0057.\nSous-Pr\u00e9fecture Avranches - Place Daniel Huet - 50300 Avranches - T\u00e9l. : 02.14.14.32.40\nM\u00e9l. : sp-avranches@manche.gouv.fr\nHeures d'accueil du public : de 9 h 00 \u00e0 12 h 00 et de 13 h 00 \u00e0 16 h 00\nSous-pr\u00e9fecture d'Avranches - 50-2025-07-02-00010 - Arr\u00eat\u00e9 portant autorisation d'un syst\u00e8me de vid\u00e9oprotection - Mondial Relay\nconsigne 28264 - Percy-en-Normandie 203\nLe syst\u00e8me  consid\u00e9r\u00e9  r\u00e9pond  aux  finalit\u00e9s  pr\u00e9vues  par  le code  de  la  s\u00e9curit\u00e9\nint\u00e9rieure :\nAutres (Lutte contre la d\u00e9marque inconnue), Pr\u00e9vention des atteintes a la s\u00e9curit\u00e9\ndes personnes et des biens dans des lieux particuli\u00e8rement expos\u00e9s a des risques\nd'agression et de vol ou de trafic de stup\u00e9fiant.\nArt. 2 : Le public est inform\u00e9 de la pr\u00e9sence de ces cam\u00e9ras, dans l'\u00e9tablissement\ncit\u00e9 \u00e0 l'article 1er, par une signal\u00e9tique appropri\u00e9e :\n- de  mani\u00e8re  claire,  permanente  et  significative,  \u00e0  chaque  point  d'acc\u00e8s  du\npublic, de l'existence du syst\u00e8me de vid\u00e9oprotection ;\n- \u00e0 chaque point d'acc\u00e8s du public, des affichettes mentionnent les r\u00e9f\u00e9rences\ndu code de la s\u00e9curit\u00e9 int\u00e9rieure susvis\u00e9 et les coordonn\u00e9es du responsable de\nl'\u00e9tablissement aupr\u00e8s duquel s'exerce le droit d'acc\u00e8s aux images.\nLe droit d'acc\u00e8s aux images pourra s'exercer aupr\u00e8s du service client d\u00e9di\u00e9 DPO.\nArt. 3  : Hormis le cas d'une enqu\u00eate de flagrant d\u00e9lit, d'une enqu\u00eate pr\u00e9liminaire\nou d'une information judiciaire,  les enregistrements sont d\u00e9truits dans un d\u00e9lai\nmaximum de 30 jours.\nArt. 4 : Monsieur Michael Rouse, responsable de la mise en \u0153uvre du syst\u00e8me doit\nse porter garant des personnes susceptibles d'intervenir dans l'exploitation ou le\nvisionnage des images, ainsi que dans la maintenance du syst\u00e8me mis en place.\nDes  consignes  tr\u00e8s  pr\u00e9cises  sur  la  confidentialit\u00e9  des  images  capt\u00e9es  ou/et\nenregistr\u00e9es  et  des  atteintes  \u00e0  la  vie  priv\u00e9e  qu'elles  peuvent  \u00e9ventuellement\nimpliquer sont donn\u00e9es \u00e0 toutes les personnes concern\u00e9es.\nArt. 5  : Toute modification pr\u00e9sentant un caract\u00e8re substantiel devra faire l'objet\nd'une  d\u00e9claration  aupr\u00e8s  des  services  pr\u00e9fectoraux,  notamment  changement\nd'activit\u00e9 dans  les  lieux prot\u00e9g\u00e9s,  changement dans  la configuration des  lieux,\nchangement affectant la protection des images.\nArt. 6 : Sans pr\u00e9judice des sanctions p\u00e9nales applicables, la pr\u00e9sente autorisation\npeut, apr\u00e8s que l'int\u00e9ress\u00e9 ait \u00e9t\u00e9 mis \u00e0 m\u00eame de pr\u00e9senter ses observations, \u00eatre\nretir\u00e9e en cas de manquement aux dispositions figurant aux articles L.251-2, L.251-\n3, L.252-1 \u00e0 L.252-6, L.253-1 \u00e0 L.253-5 et R.251-1 \u00e0 R.253-4 du code de la s\u00e9curit\u00e9\nint\u00e9rieure  susvis\u00e9  ou  encore  en  cas  de  modification  des  conditions  au  vu\ndesquelles cette autorisation a \u00e9t\u00e9 d\u00e9livr\u00e9e.\nArt. 7  : La pr\u00e9sente autorisation peut faire l'objet d'un recours devant le Tribunal\nAdministratif de Caen  dans un d\u00e9lai  de deux  mois \u00e0 compter de la date de sa\nnotification \u00e0 l'int\u00e9ress\u00e9.\nArt.  8 :  Le  syst\u00e8me  concern\u00e9  devra  faire  l'objet  d'une  nouvelle  autorisation\nadministrative pr\u00e9alable au terme du d\u00e9lai des cinq ans  : une nouvelle demande\ndevra  \u00eatre  d\u00e9pos\u00e9e  \u00e0  la  pr\u00e9fecture  soit  par  courrier,  soit  par  t\u00e9l\u00e9proc\u00e9dure\ndisponible  sur  le  site  \u00abvideoprotection.interieur.gouv.fr\u00bb, quatre  mois  avant\nl'\u00e9ch\u00e9ance de ce d\u00e9lai.\nSous-pr\u00e9fecture d'Avranches - 50-2025-07-02-00010 - Arr\u00eat\u00e9 portant autorisation d'un syst\u00e8me de vid\u00e9oprotection - Mondial Relay\nconsigne 28264 - Percy-en-Normandie 204\nArt. 9  : La sous-pr\u00e9f\u00e8te de Saint-L\u00f4, Monsieur Michael Rouse , le maire de PERCY-\nEN-NORMANDIE,  le  commandant  du  groupement  de  gendarmerie\nd\u00e9partementale sont charg\u00e9s, chacun en ce qui le concerne, de l'ex\u00e9cution du\npr\u00e9sent arr\u00eat\u00e9 qui sera publi\u00e9 au recueil des actes administratifs de la pr\u00e9fecture\nde la Manche.\nAvranches, le 2 juillet 2025\nPour le pr\u00e9fet et par d\u00e9l\u00e9gation,\nLe sous-pr\u00e9fet d'Avranches,\nsign\u00e9\nPierre CHAULEUR\nCopie pour information au sous-pr\u00e9fet d'arrondissement.\nSous-pr\u00e9fecture d'Avranches - 50-2025-07-02-00010 - Arr\u00eat\u00e9 portant autorisation d'un syst\u00e8me de vid\u00e9oprotection - Mondial Relay\nconsigne 28264 - Percy-en-Normandie 205\nSous-pr\u00e9fecture d'Avranches\n50-2025-07-02-00004\nArr\u00eat\u00e9 portant autorisation d'un syst\u00e8me de\nvid\u00e9oprotection - Mondial Relay consigne 30436\n- Moyon-Villages\nSous-pr\u00e9fecture d'Avranches - 50-2025-07-02-00004 - Arr\u00eat\u00e9 portant autorisation d'un syst\u00e8me de vid\u00e9oprotection - Mondial Relay\nconsigne 30436 - Moyon-Villages 206\nSOUS-PREFECTURE D'AVRANCHES\nBureau des s\u00e9curit\u00e9s\nPolice administrative\nArr\u00eat\u00e9 n\u00b0 2025-103\nARR\u00caT\u00c9\nportant autorisation d'un syst\u00e8me de vid\u00e9oprotection\nMondial Relay consigne 30436 - Moyon-Villages\nLe Pr\u00e9fet de la Manche,\nChevalier de la L\u00e9gion d'Honneur\nChevalier de l'Ordre National du M\u00e9rite\nVu  le code de la s\u00e9curit\u00e9 int\u00e9rieure,  partie l\u00e9gislative,  notamment ses  articles\nL.251-1 \u00e0 L.255-1 et partie r\u00e9glementaire, notamment ses articles R.251-1 \u00e0 R.253-\n4 ;\nVu  l'arr\u00eat\u00e9 minist\u00e9riel du 3 ao\u00fbt 2007 portant d\u00e9finition des normes techniques\ndes syst\u00e8mes de vid\u00e9oprotection et ses annexes techniques ;\nVu l'arr\u00eat\u00e9 pr\u00e9fectoral n\u00b0 2023-23 VN du 21 ao\u00fbt 2023 donnant d\u00e9l\u00e9gation de\nsignature \u00e0 Monsieur Pierre CHAULEUR sous-pr\u00e9fet d'Avranches ;\nVu  la demande d\u00e9pos\u00e9e le  17 janvier 2025  par  Monsieur Michael Rouse , en vue\nd'obtenir l'autorisation d'installer un syst\u00e8me de vid\u00e9oprotection au sein de\nl'\u00e9tablissement   Mondial Relay  Consigne N\u00b0 30436 221 route  du Carr Paris\n50860 MOYON VILLAGES ;\nVu le r\u00e9c\u00e9piss\u00e9 de d\u00e9p\u00f4t de cette demande d\u00e9livr\u00e9 le 20 mai 2025 ;\nVu l'avis de la commission d\u00e9partementale de vid\u00e9oprotection du 03 juin 2025 ;\nConsid\u00e9rant que ce lieu est particuli\u00e8rement expos\u00e9 \u00e0 des risques d'agression ou\nde vol ;\nConsid\u00e9rant  le  caract\u00e8re  proportionn\u00e9  du  nombre  de  cam\u00e9ras  envisag\u00e9es  au\nregard des risques susmentionn\u00e9s ;\nARR\u00caTE\nArt. 1 : Monsieur Michael Rouse est autoris\u00e9, dans les conditions fix\u00e9es au pr\u00e9sent\narr\u00eat\u00e9  et  pour  une  dur\u00e9e  de  cinq  ans renouvelable,  \u00e0  installer 2  cam\u00e9ras\next\u00e9rieures de vid\u00e9oprotection au sein de l'\u00e9tablissement Mondial Relay  Consigne\nN\u00b0 30436 221 route  du Carr Paris  50860 MOYON VILLAGES , conform\u00e9ment au\ndossier pr\u00e9sent\u00e9 et annex\u00e9 \u00e0 la demande enregistr\u00e9e sous le num\u00e9ro 2025/0064.\nSous-Pr\u00e9fecture Avranches - Place Daniel Huet - 50300 Avranches - T\u00e9l. : 02.14.14.32.40\nM\u00e9l. : sp-avranches@manche.gouv.fr\nHeures d'accueil du public : de 9 h 00 \u00e0 12 h 00 et de 13 h 00 \u00e0 16 h 00\nSous-pr\u00e9fecture d'Avranches - 50-2025-07-02-00004 - Arr\u00eat\u00e9 portant autorisation d'un syst\u00e8me de vid\u00e9oprotection - Mondial Relay\nconsigne 30436 - Moyon-Villages 207\nLe syst\u00e8me  consid\u00e9r\u00e9  r\u00e9pond  aux  finalit\u00e9s  pr\u00e9vues  par  le code  de  la  s\u00e9curit\u00e9\nint\u00e9rieure :\nPr\u00e9vention des atteintes a la s\u00e9curit\u00e9 des personnes et des biens dans des lieux et\n\u00e9tablissements ouverts au public particulierement expos\u00e9s a des risques d'agression\nou de vol.\nArt. 2 : Le public est inform\u00e9 de la pr\u00e9sence de ces cam\u00e9ras, dans l'\u00e9tablissement\ncit\u00e9 \u00e0 l'article 1er, par une signal\u00e9tique appropri\u00e9e :\n- de  mani\u00e8re  claire,  permanente  et  significative,  \u00e0  chaque  point  d'acc\u00e8s  du\npublic, de l'existence du syst\u00e8me de vid\u00e9oprotection ;\n- \u00e0 chaque point d'acc\u00e8s du public, des affichettes mentionnent les r\u00e9f\u00e9rences\ndu code de la s\u00e9curit\u00e9 int\u00e9rieure susvis\u00e9 et les coordonn\u00e9es du responsable de\nl'\u00e9tablissement aupr\u00e8s duquel s'exerce le droit d'acc\u00e8s aux images.\nLe droit d'acc\u00e8s aux images pourra s'exercer aupr\u00e8s du service client d\u00e9di\u00e9 DPO.\nArt. 3  : Hormis le cas d'une enqu\u00eate de flagrant d\u00e9lit, d'une enqu\u00eate pr\u00e9liminaire\nou d'une information judiciaire,  les enregistrements sont d\u00e9truits dans un d\u00e9lai\nmaximum de 30 jours.\nArt. 4 : Monsieur Michael Rouse, responsable de la mise en \u0153uvre du syst\u00e8me doit\nse porter garant des personnes susceptibles d'intervenir dans l'exploitation ou le\nvisionnage des images, ainsi que dans la maintenance du syst\u00e8me mis en place.\nDes  consignes  tr\u00e8s  pr\u00e9cises  sur  la  confidentialit\u00e9  des  images  capt\u00e9es  ou/et\nenregistr\u00e9es  et  des  atteintes  \u00e0  la  vie  priv\u00e9e  qu'elles  peuvent  \u00e9ventuellement\nimpliquer sont donn\u00e9es \u00e0 toutes les personnes concern\u00e9es.\nArt. 5  : Toute modification pr\u00e9sentant un caract\u00e8re substantiel devra faire l'objet\nd'une  d\u00e9claration  aupr\u00e8s  des  services  pr\u00e9fectoraux,  notamment  changement\nd'activit\u00e9 dans  les  lieux prot\u00e9g\u00e9s,  changement dans  la configuration des  lieux,\nchangement affectant la protection des images.\nArt. 6 : Sans pr\u00e9judice des sanctions p\u00e9nales applicables, la pr\u00e9sente autorisation\npeut, apr\u00e8s que l'int\u00e9ress\u00e9 ait \u00e9t\u00e9 mis \u00e0 m\u00eame de pr\u00e9senter ses observations, \u00eatre\nretir\u00e9e en cas de manquement aux dispositions figurant aux articles L.251-2, L.251-\n3, L.252-1 \u00e0 L.252-6, L.253-1 \u00e0 L.253-5 et R.251-1 \u00e0 R.253-4 du code de la s\u00e9curit\u00e9\nint\u00e9rieure  susvis\u00e9  ou  encore  en  cas  de  modification  des  conditions  au  vu\ndesquelles cette autorisation a \u00e9t\u00e9 d\u00e9livr\u00e9e.\nArt. 7  : La pr\u00e9sente autorisation peut faire l'objet d'un recours devant le Tribunal\nAdministratif de Caen  dans un d\u00e9lai  de deux  mois \u00e0 compter de la date de sa\nnotification \u00e0 l'int\u00e9ress\u00e9.\nArt.  8 :  Le  syst\u00e8me  concern\u00e9  devra  faire  l'objet  d'une  nouvelle  autorisation\nadministrative pr\u00e9alable au terme du d\u00e9lai des cinq ans  : une nouvelle demande\ndevra  \u00eatre  d\u00e9pos\u00e9e  \u00e0  la  pr\u00e9fecture  soit  par  courrier,  soit  par  t\u00e9l\u00e9proc\u00e9dure\ndisponible  sur  le  site  \u00abvideoprotection.interieur.gouv.fr\u00bb, quatre  mois  avant\nl'\u00e9ch\u00e9ance de ce d\u00e9lai.\nSous-pr\u00e9fecture d'Avranches - 50-2025-07-02-00004 - Arr\u00eat\u00e9 portant autorisation d'un syst\u00e8me de vid\u00e9oprotection - Mondial Relay\nconsigne 30436 - Moyon-Villages 208\nArt. 9  : La sous-pr\u00e9f\u00e8te de Saint-L\u00f4, Monsieur Michael Rouse , le maire de MOYON\nVILLAGES, le commandant du groupement de gendarmerie d\u00e9partementale sont\ncharg\u00e9s, chacun en ce qui le concerne, de l'ex\u00e9cution du pr\u00e9sent arr\u00eat\u00e9 qui sera\npubli\u00e9 au recueil des actes administratifs de la pr\u00e9fecture de la Manche.\nAvranches, le 2 juillet 2025\nPour le pr\u00e9fet et par d\u00e9l\u00e9gation,\nLe sous-pr\u00e9fet d'Avranches,\nsign\u00e9\nPierre CHAULEUR\nCopie pour information au sous-pr\u00e9fet d'arrondissement.\nSous-pr\u00e9fecture d'Avranches - 50-2025-07-02-00004 - Arr\u00eat\u00e9 portant autorisation d'un syst\u00e8me de vid\u00e9oprotection - Mondial Relay\nconsigne 30436 - Moyon-Villages 209\nSous-pr\u00e9fecture d'Avranches\n50-2025-07-02-00008\nArr\u00eat\u00e9 portant autorisation d'un syst\u00e8me de\nvid\u00e9oprotection - Mondial Relay consigne 30802\n- Blosville\nSous-pr\u00e9fecture d'Avranches - 50-2025-07-02-00008 - Arr\u00eat\u00e9 portant autorisation d'un syst\u00e8me de vid\u00e9oprotection - Mondial Relay\nconsigne 30802 - Blosville 210\nSOUS-PREFECTURE D'AVRANCHES\nBureau des s\u00e9curit\u00e9s\nPolice administrative\nArr\u00eat\u00e9 n\u00b0 2025-100\nARR\u00caT\u00c9\nportant autorisation d'un syst\u00e8me de vid\u00e9oprotection\nMondial Relay consigne 30802 - Blosville\nLe Pr\u00e9fet de la Manche,\nChevalier de la L\u00e9gion d'Honneur\nChevalier de l'Ordre National du M\u00e9rite\nVu  le code de la s\u00e9curit\u00e9 int\u00e9rieure,  partie l\u00e9gislative,  notamment ses  articles\nL.251-1 \u00e0 L.255-1 et partie r\u00e9glementaire, notamment ses articles R.251-1 \u00e0 R.253-\n4 ;\nVu  l'arr\u00eat\u00e9 minist\u00e9riel du 3 ao\u00fbt 2007 portant d\u00e9finition des normes techniques\ndes syst\u00e8mes de vid\u00e9oprotection et ses annexes techniques ;\nVu l'arr\u00eat\u00e9 pr\u00e9fectoral n\u00b0 2023-23 VN du 21 ao\u00fbt 2023 donnant d\u00e9l\u00e9gation de\nsignature \u00e0 Monsieur Pierre CHAULEUR sous-pr\u00e9fet d'Avranches ;\nVu  la demande d\u00e9pos\u00e9e le  15 janvier 2025  par  Monsieur Michael Rouse , en vue\nd'obtenir l'autorisation d'installer un syst\u00e8me de vid\u00e9oprotection au sein de\nl'\u00e9tablissement   Consigne  numero  30802    Le  Bout  de  la  ville    50480\nBLOSVILLE ;\nVu le r\u00e9c\u00e9piss\u00e9 de d\u00e9p\u00f4t de cette demande d\u00e9livr\u00e9 le 20 mai 2025 ;\nVu l'avis de la commission d\u00e9partementale de vid\u00e9oprotection du 03 juin 2025 ;\nConsid\u00e9rant que ce lieu est particuli\u00e8rement expos\u00e9 \u00e0 des risques d'agression ou\nde vol ;\nConsid\u00e9rant  le  caract\u00e8re  proportionn\u00e9  du  nombre  de  cam\u00e9ras  envisag\u00e9es  au\nregard des risques susmentionn\u00e9s ;\nARR\u00caTE\nArt. 1 : Monsieur Michael Rouse est autoris\u00e9, dans les conditions fix\u00e9es au pr\u00e9sent\narr\u00eat\u00e9  et  pour  une  dur\u00e9e  de  cinq  ans renouvelable,  \u00e0  installer 2  cam\u00e9ras\next\u00e9rieures de vid\u00e9oprotection au sein de l'\u00e9tablissement Consigne numero 30802\nLe Bout  de  la  ville   50480  BLOSVILLE, conform\u00e9ment  au  dossier  pr\u00e9sent\u00e9 et\nannex\u00e9 \u00e0 la demande enregistr\u00e9e sous le num\u00e9ro 2025/0059.\nSous-Pr\u00e9fecture Avranches - Place Daniel Huet - 50300 Avranches - T\u00e9l. : 02.14.14.32.40\nM\u00e9l. : sp-avranches@manche.gouv.fr\nHeures d'accueil du public : de 9 h 00 \u00e0 12 h 00 et de 13 h 00 \u00e0 16 h 00\nSous-pr\u00e9fecture d'Avranches - 50-2025-07-02-00008 - Arr\u00eat\u00e9 portant autorisation d'un syst\u00e8me de vid\u00e9oprotection - Mondial Relay\nconsigne 30802 - Blosville 211\nLe syst\u00e8me  consid\u00e9r\u00e9  r\u00e9pond  aux  finalit\u00e9s  pr\u00e9vues  par  le code  de  la  s\u00e9curit\u00e9\nint\u00e9rieure :\nPr\u00e9vention des atteintes a la s\u00e9curit\u00e9 des personnes et des biens dans des lieux et\n\u00e9tablissements ouverts au public particuli\u00e8rement expos\u00e9s a des risques d'agression\nou de vol.\nArt. 2 : Le public est inform\u00e9 de la pr\u00e9sence de ces cam\u00e9ras, dans l'\u00e9tablissement\ncit\u00e9 \u00e0 l'article 1er, par une signal\u00e9tique appropri\u00e9e :\n- de  mani\u00e8re  claire,  permanente  et  significative,  \u00e0  chaque  point  d'acc\u00e8s  du\npublic, de l'existence du syst\u00e8me de vid\u00e9oprotection ;\n- \u00e0 chaque point d'acc\u00e8s du public, des affichettes mentionnent les r\u00e9f\u00e9rences\ndu code de la s\u00e9curit\u00e9 int\u00e9rieure susvis\u00e9 et les coordonn\u00e9es du responsable de\nl'\u00e9tablissement aupr\u00e8s duquel s'exerce le droit d'acc\u00e8s aux images.\nLe droit d'acc\u00e8s aux images pourra s'exercer aupr\u00e8s du service d\u00e9di\u00e9 DPO.\nArt. 3  : Hormis le cas d'une enqu\u00eate de flagrant d\u00e9lit, d'une enqu\u00eate pr\u00e9liminaire\nou d'une information judiciaire,  les enregistrements sont d\u00e9truits dans un d\u00e9lai\nmaximum de 30 jours.\nArt. 4 : Monsieur Michael Rouse, responsable de la mise en \u0153uvre du syst\u00e8me doit\nse porter garant des personnes susceptibles d'intervenir dans l'exploitation ou le\nvisionnage des images, ainsi que dans la maintenance du syst\u00e8me mis en place.\nDes  consignes  tr\u00e8s  pr\u00e9cises  sur  la  confidentialit\u00e9  des  images  capt\u00e9es  ou/et\nenregistr\u00e9es  et  des  atteintes  \u00e0  la  vie  priv\u00e9e  qu'elles  peuvent  \u00e9ventuellement\nimpliquer sont donn\u00e9es \u00e0 toutes les personnes concern\u00e9es.\nArt. 5  : Toute modification pr\u00e9sentant un caract\u00e8re substantiel devra faire l'objet\nd'une  d\u00e9claration  aupr\u00e8s  des  services  pr\u00e9fectoraux,  notamment  changement\nd'activit\u00e9 dans  les  lieux prot\u00e9g\u00e9s,  changement dans  la configuration des  lieux,\nchangement affectant la protection des images.\nArt. 6 : Sans pr\u00e9judice des sanctions p\u00e9nales applicables, la pr\u00e9sente autorisation\npeut, apr\u00e8s que l'int\u00e9ress\u00e9 ait \u00e9t\u00e9 mis \u00e0 m\u00eame de pr\u00e9senter ses observations, \u00eatre\nretir\u00e9e en cas de manquement aux dispositions figurant aux articles L.251-2, L.251-\n3, L.252-1 \u00e0 L.252-6, L.253-1 \u00e0 L.253-5 et R.251-1 \u00e0 R.253-4 du code de la s\u00e9curit\u00e9\nint\u00e9rieure  susvis\u00e9  ou  encore  en  cas  de  modification  des  conditions  au  vu\ndesquelles cette autorisation a \u00e9t\u00e9 d\u00e9livr\u00e9e.\nArt. 7  : La pr\u00e9sente autorisation peut faire l'objet d'un recours devant le Tribunal\nAdministratif de Caen  dans un d\u00e9lai  de deux  mois \u00e0 compter de la date de sa\nnotification \u00e0 l'int\u00e9ress\u00e9.\nArt.  8 :  Le  syst\u00e8me  concern\u00e9  devra  faire  l'objet  d'une  nouvelle  autorisation\nadministrative pr\u00e9alable au terme du d\u00e9lai des cinq ans  : une nouvelle demande\ndevra  \u00eatre  d\u00e9pos\u00e9e  \u00e0  la  pr\u00e9fecture  soit  par  courrier,  soit  par  t\u00e9l\u00e9proc\u00e9dure\ndisponible  sur  le  site  \u00abvideoprotection.interieur.gouv.fr\u00bb, quatre  mois  avant\nl'\u00e9ch\u00e9ance de ce d\u00e9lai.\nSous-pr\u00e9fecture d'Avranches - 50-2025-07-02-00008 - Arr\u00eat\u00e9 portant autorisation d'un syst\u00e8me de vid\u00e9oprotection - Mondial Relay\nconsigne 30802 - Blosville 212\nArt.  9 :  Le  sous-pr\u00e9fet  de  Cherbourg,  Monsieur  Michael  Rouse,  le  maire  de\nBLOSVILLE, le commandant du groupement de gendarmerie d\u00e9partementale sont\ncharg\u00e9s, chacun en ce qui le concerne, de l'ex\u00e9cution du pr\u00e9sent arr\u00eat\u00e9 qui sera\npubli\u00e9 au recueil des actes administratifs de la pr\u00e9fecture de la Manche.\nAvranches, le 2 juillet 2025\nPour le pr\u00e9fet et par d\u00e9l\u00e9gation,\nLe sous-pr\u00e9fet d'Avranches,\nsign\u00e9\nPierre CHAULEUR\nCopie pour information au sous-pr\u00e9fet d'arrondissement.\nSous-pr\u00e9fecture d'Avranches - 50-2025-07-02-00008 - Arr\u00eat\u00e9 portant autorisation d'un syst\u00e8me de vid\u00e9oprotection - Mondial Relay\nconsigne 30802 - Blosville 213\nSous-pr\u00e9fecture d'Avranches\n50-2025-07-02-00019\nArr\u00eat\u00e9 portant autorisation d'un syst\u00e8me de\nvid\u00e9oprotection - Sas 3 Bells - Avranches\nSous-pr\u00e9fecture d'Avranches - 50-2025-07-02-00019 - Arr\u00eat\u00e9 portant autorisation d'un syst\u00e8me de vid\u00e9oprotection - Sas 3 Bells -\nAvranches 214\nSOUS-PREFECTURE D'AVRANCHES\nBureau des s\u00e9curit\u00e9s\nPolice administrative\nArr\u00eat\u00e9 n\u00b0 2025-86\nARR\u00caT\u00c9\nportant autorisation d'un syst\u00e8me de vid\u00e9oprotection\nSas 3 Bells NTP sant\u00e9 - Avranches\nLe Pr\u00e9fet de la Manche,\nChevalier de la L\u00e9gion d'Honneur\nChevalier de l'Ordre National du M\u00e9rite\nVu  le code de la s\u00e9curit\u00e9 int\u00e9rieure,  partie l\u00e9gislative,  notamment ses  articles\nL.251-1 \u00e0 L.255-1 et partie r\u00e9glementaire, notamment ses articles R.251-1 \u00e0 R.253-\n4 ;\nVu  l'arr\u00eat\u00e9 minist\u00e9riel du 3 ao\u00fbt 2007 portant d\u00e9finition des normes techniques\ndes syst\u00e8mes de vid\u00e9oprotection et ses annexes techniques ;\nVu l'arr\u00eat\u00e9 pr\u00e9fectoral n\u00b0 2023-23 VN du 21 ao\u00fbt 2023 donnant d\u00e9l\u00e9gation de\nsignature \u00e0 Monsieur Pierre CHAULEUR sous-pr\u00e9fet d'Avranches ;\nVu la demande d\u00e9pos\u00e9e le 10 d\u00e9cembre 2024 par Monsieur Nicolas BOYER, en vue\nd'obtenir l'autorisation d'installer un syst\u00e8me de vid\u00e9oprotection au sein de\nl'\u00e9tablissement   SAS  3  BELLS  83  rue  du  Commandant  Bindel   50300\nAVRANCHES ;\nVu le r\u00e9c\u00e9piss\u00e9 de d\u00e9p\u00f4t de cette demande d\u00e9livr\u00e9 le 20 mai 2025 ;\nVu l'avis de la commission d\u00e9partementale de vid\u00e9oprotection du 03 juin 2025 ;\nConsid\u00e9rant que ce lieu est particuli\u00e8rement expos\u00e9 \u00e0 des risques d'agression ou\nde vol ;\nConsid\u00e9rant  le  caract\u00e8re  proportionn\u00e9  du  nombre  de  cam\u00e9ras  envisag\u00e9es  au\nregard des risques susmentionn\u00e9s ;\nARR\u00caTE\nArt. 1 : Monsieur Nicolas BOYER est autoris\u00e9, dans les conditions fix\u00e9es au pr\u00e9sent\narr\u00eat\u00e9 et pour une dur\u00e9e de cinq ans renouvelable, \u00e0 installer  1 cam\u00e9ra ext\u00e9rieure\nde  vid\u00e9oprotection  au  sein  de  l'\u00e9tablissement SAS  3  BELLS  83  rue  du\nCommandant Bindel  50300 AVRANCHES , conform\u00e9ment au dossier pr\u00e9sent\u00e9 et\nannex\u00e9 \u00e0 la demande enregistr\u00e9e sous le num\u00e9ro 2025/0044.\nSous-Pr\u00e9fecture Avranches - Place Daniel Huet - 50300 Avranches - T\u00e9l. : 02.14.14.32.40\nM\u00e9l. : sp-avranches@manche.gouv.fr\nHeures d'accueil du public : de 9 h 00 \u00e0 12 h 00 et de 13 h 00 \u00e0 16 h 00\nSous-pr\u00e9fecture d'Avranches - 50-2025-07-02-00019 - Arr\u00eat\u00e9 portant autorisation d'un syst\u00e8me de vid\u00e9oprotection - Sas 3 Bells -\nAvranches 215\nLe syst\u00e8me  consid\u00e9r\u00e9  r\u00e9pond  aux  finalit\u00e9s  pr\u00e9vues  par  le code  de  la  s\u00e9curit\u00e9\nint\u00e9rieure :\nPr\u00e9vention des atteintes a la s\u00e9curit\u00e9 des personnes et des biens dans des lieux et\n\u00e9tablissements ouverts au public particuli\u00e8rement expos\u00e9s a des risques d'agression\nou de vol.\nArt. 2 : Le public est inform\u00e9 de la pr\u00e9sence de ces cam\u00e9ras, dans l'\u00e9tablissement\ncit\u00e9 \u00e0 l'article 1er, par une signal\u00e9tique appropri\u00e9e :\n- de  mani\u00e8re  claire,  permanente  et  significative,  \u00e0  chaque  point  d'acc\u00e8s  du\npublic, de l'existence du syst\u00e8me de vid\u00e9oprotection ;\n- \u00e0 chaque point d'acc\u00e8s du public, des affichettes mentionnent les r\u00e9f\u00e9rences\ndu code de la s\u00e9curit\u00e9 int\u00e9rieure susvis\u00e9 et les coordonn\u00e9es du responsable de\nl'\u00e9tablissement aupr\u00e8s duquel s'exerce le droit d'acc\u00e8s aux images.\nLe droit d'acc\u00e8s aux images pourra s'exercer aupr\u00e8s de l'installateur.\nArt. 3  : Hormis le cas d'une enqu\u00eate de flagrant d\u00e9lit, d'une enqu\u00eate pr\u00e9liminaire\nou d'une information judiciaire,  les enregistrements sont d\u00e9truits dans un d\u00e9lai\nmaximum de 30 jours.\nArt. 4 : Monsieur Nicolas BOYER, responsable de la mise en \u0153uvre du syst\u00e8me doit\nse porter garant des personnes susceptibles d'intervenir dans l'exploitation ou le\nvisionnage des images, ainsi que dans la maintenance du syst\u00e8me mis en place.\nDes  consignes  tr\u00e8s  pr\u00e9cises  sur  la  confidentialit\u00e9  des  images  capt\u00e9es  ou/et\nenregistr\u00e9es  et  des  atteintes  \u00e0  la  vie  priv\u00e9e  qu'elles  peuvent  \u00e9ventuellement\nimpliquer sont donn\u00e9es \u00e0 toutes les personnes concern\u00e9es.\nArt. 5  : Toute modification pr\u00e9sentant un caract\u00e8re substantiel devra faire l'objet\nd'une  d\u00e9claration  aupr\u00e8s  des  services  pr\u00e9fectoraux,  notamment  changement\nd'activit\u00e9 dans  les  lieux prot\u00e9g\u00e9s,  changement dans  la configuration des  lieux,\nchangement affectant la protection des images.\nArt. 6 : Sans pr\u00e9judice des sanctions p\u00e9nales applicables, la pr\u00e9sente autorisation\npeut, apr\u00e8s que l'int\u00e9ress\u00e9 ait \u00e9t\u00e9 mis \u00e0 m\u00eame de pr\u00e9senter ses observations, \u00eatre\nretir\u00e9e en cas de manquement aux dispositions figurant aux articles L.251-2, L.251-\n3, L.252-1 \u00e0 L.252-6, L.253-1 \u00e0 L.253-5 et R.251-1 \u00e0 R.253-4 du code de la s\u00e9curit\u00e9\nint\u00e9rieure  susvis\u00e9  ou  encore  en  cas  de  modification  des  conditions  au  vu\ndesquelles cette autorisation a \u00e9t\u00e9 d\u00e9livr\u00e9e.\nArt. 7  : La pr\u00e9sente autorisation peut faire l'objet d'un recours devant le Tribunal\nAdministratif de Caen  dans un d\u00e9lai  de deux  mois \u00e0 compter de la date de sa\nnotification \u00e0 l'int\u00e9ress\u00e9.\nArt.  8 :  Le  syst\u00e8me  concern\u00e9  devra  faire  l'objet  d'une  nouvelle  autorisation\nadministrative pr\u00e9alable au terme du d\u00e9lai des cinq ans  : une nouvelle demande\ndevra  \u00eatre  d\u00e9pos\u00e9e  \u00e0  la  pr\u00e9fecture  soit  par  courrier,  soit  par  t\u00e9l\u00e9proc\u00e9dure\ndisponible  sur  le  site  \u00abvideoprotection.interieur.gouv.fr\u00bb, quatre  mois  avant\nl'\u00e9ch\u00e9ance de ce d\u00e9lai.\nSous-pr\u00e9fecture d'Avranches - 50-2025-07-02-00019 - Arr\u00eat\u00e9 portant autorisation d'un syst\u00e8me de vid\u00e9oprotection - Sas 3 Bells -\nAvranches 216\nArt.  9 :  Le  sous-pr\u00e9fet  d'Avranches,  Monsieur  Nicolas  BOYER,  le  maire  de\nAVRANCHES, le commandant du groupement de gendarmerie d\u00e9partementale\nsont charg\u00e9s, chacun en ce qui le concerne, de l'ex\u00e9cution du pr\u00e9sent arr\u00eat\u00e9 qui\nsera publi\u00e9 au recueil des actes administratifs de la pr\u00e9fecture de la Manche.\nAvranches, le 2 juillet 2025\nPour le pr\u00e9fet et par d\u00e9l\u00e9gation,\nLe sous-pr\u00e9fet d'Avranches,\nsign\u00e9\nPierre CHAULEUR\nSous-pr\u00e9fecture d'Avranches - 50-2025-07-02-00019 - Arr\u00eat\u00e9 portant autorisation d'un syst\u00e8me de vid\u00e9oprotection - Sas 3 Bells -\nAvranches 217\nSous-pr\u00e9fecture d'Avranches\n50-2025-07-11-00001\nArr\u00eat\u00e9 portant modification d'un syst\u00e8me de\nvid\u00e9oprotection - Boulangerie Patisserie LOIT -\nSaint-L\u00f4\nSous-pr\u00e9fecture d'Avranches - 50-2025-07-11-00001 - Arr\u00eat\u00e9 portant modification d'un syst\u00e8me de vid\u00e9oprotection - Boulangerie\nPatisserie LOIT - Saint-L\u00f4 218\nSOUS-PREFECTURE D'AVRANCHES\nBureau des s\u00e9curit\u00e9s\nPolice administrative\nArr\u00eat\u00e9 n\u00b0 2025-131\nARR\u00caT\u00c9\nportant modification d'un syst\u00e8me de vid\u00e9oprotection\nBoulangerie Patisserie LOIT - Saint-L\u00f4\nLe Pr\u00e9fet de la Manche,\nChevalier de la L\u00e9gion d'Honneur\nChevalier de l'Ordre National du M\u00e9rite\nVu  le code de la s\u00e9curit\u00e9 int\u00e9rieure,  partie l\u00e9gislative,  notamment ses  articles\nL.251-1 \u00e0 L.255-1 et partie r\u00e9glementaire, notamment ses articles R.251-1 \u00e0 R.253-\n4 ;\nVu  l'arr\u00eat\u00e9 minist\u00e9riel du 3 ao\u00fbt 2007 portant d\u00e9finition des normes techniques\ndes syst\u00e8mes de vid\u00e9oprotection et ses annexes techniques ;\nVu l'arr\u00eat\u00e9 pr\u00e9fectoral n\u00b0 2023-23 VN du 21 ao\u00fbt 2023 donnant d\u00e9l\u00e9gation de\nsignature \u00e0 Monsieur Pierre CHAULEUR sous-pr\u00e9fet d'Avranches ;\nVu l'arr\u00eat\u00e9 pr\u00e9fectoral du  04 mars  2014 portant  autorisation d'un syst\u00e8me de\nvid\u00e9oprotection et modifi\u00e9 le 29 mars 2019 ;\nVu  la demande d\u00e9pos\u00e9e le 04  mars  2025  par  Monsieur  Bertrand  Loit,  en vue\nd'obtenir la modification d'un syst\u00e8me autoris\u00e9 de vid\u00e9oprotection au sein de\nl'\u00e9tablissement BOULANGERIE-PATISSERIE LOIT 51 rue Alsace Lorraine 50000\nSAINT-LO ;\nVu le r\u00e9c\u00e9piss\u00e9 de d\u00e9p\u00f4t de cette demande d\u00e9livr\u00e9 le 2 juin 2025 ;\nVu l'avis de la commission d\u00e9partementale de vid\u00e9oprotection du 23 juin 2025 ;\nARR\u00caTE\nArt. 1  : Monsieur Bertrand Loit  est autoris\u00e9 , dans les conditions fix\u00e9es au pr\u00e9sent\narr\u00eat\u00e9 et pour une dur\u00e9e de  cinq ans  renouvelable, \u00e0 modifier l'installation de\nvid\u00e9oprotection au sein de l'\u00e9tablissement  BOULANGERIE-PATISSERIE LOIT 51 rue\nAlsace Lorraine  50000 SAINT-LO, conform\u00e9ment au dossier annex\u00e9 \u00e0 la demande\nenregistr\u00e9e sous le num\u00e9ro 2013/0160.\nArt.  2 : Cette  modification  intervient  sur  l'installation  de  vid\u00e9oprotection\npr\u00e9c\u00e9demment autoris\u00e9e par arr\u00eat\u00e9 pr\u00e9fectoral susvis\u00e9.\nArt. 3 : La modification porte sur le d\u00e9lai de conservation des images.\nSous-Pr\u00e9fecture Avranches - Place Daniel Huet - 50300 Avranches - T\u00e9l. : 02.14.14.32.40\nM\u00e9l. : sp-avranches@manche.gouv.fr\nHeures d'accueil du public : de 9 h 00 \u00e0 12 h 00 et de 13 h 00 \u00e0 16 h 00\nSous-pr\u00e9fecture d'Avranches - 50-2025-07-11-00001 - Arr\u00eat\u00e9 portant modification d'un syst\u00e8me de vid\u00e9oprotection - Boulangerie\nPatisserie LOIT - Saint-L\u00f4 219\nLa dur\u00e9e de conservation des images est fix\u00e9e \u00e0 7 jours au lieu de 15.\nLe nombre de cam\u00e9ras reste \u00e0 2 cam\u00e9ras int\u00e9rieures.\nLe droit d'acc\u00e8s aux images s'exercera aupr\u00e8s du dirigeant.\nArt. 4 : Monsieur Bertrand Loit , responsable de la mise en \u0153uvre du syst\u00e8me doit\nse porter garant des personnes susceptibles d'intervenir dans l'exploitation ou le\nvisionnage des images, ainsi que dans la maintenance du syst\u00e8me mis en place.\nDes  consignes  tr\u00e8s  pr\u00e9cises  sur  la  confidentialit\u00e9  des  images  capt\u00e9es  ou/et\nenregistr\u00e9es  et  des  atteintes  \u00e0  la  vie  priv\u00e9e  qu'elles  peuvent  \u00e9ventuellement\nimpliquer sont donn\u00e9es \u00e0 toutes les personnes concern\u00e9es.\nArt. 5  : Toute modification pr\u00e9sentant un caract\u00e8re substantiel devra faire l'objet\nd'une  d\u00e9claration  aupr\u00e8s  des  services  pr\u00e9fectoraux,  notamment  changement\nd'activit\u00e9 dans  les  lieux prot\u00e9g\u00e9s,  changement dans  la configuration des  lieux,\nchangement affectant la protection des images.\nArt. 6 : Sans pr\u00e9judice des sanctions p\u00e9nales applicables, la pr\u00e9sente autorisation\npeut, apr\u00e8s que l'int\u00e9ress\u00e9 ait \u00e9t\u00e9 mis \u00e0 m\u00eame de pr\u00e9senter ses observations, \u00eatre\nretir\u00e9e en cas de manquement aux dispositions figurant aux articles L.251-2, L.251-\n3, L.252-1 \u00e0 L.252-6, L.253-1 \u00e0 L.253-5 et R.251-1 \u00e0 R.253-4 du code de la s\u00e9curit\u00e9\nint\u00e9rieure  susvis\u00e9  ou  encore  en  cas  de  modification  des  conditions  au  vu\ndesquelles cette autorisation a \u00e9t\u00e9 d\u00e9livr\u00e9e.\nArt. 7  : La pr\u00e9sente autorisation peut faire l'objet d'un recours devant le Tribunal\nAdministratif de Caen  dans un d\u00e9lai  de deux  mois \u00e0 compter de la date de sa\nnotification \u00e0 l'int\u00e9ress\u00e9.\nArt.  8 :  Le  syst\u00e8me  concern\u00e9  devra  faire  l'objet  d'une  nouvelle  autorisation\nadministrative pr\u00e9alable au terme du d\u00e9lai des cinq ans  : une nouvelle demande\ndevra  \u00eatre  d\u00e9pos\u00e9e  \u00e0  la  pr\u00e9fecture  soit  par  courrier,  soit  par  t\u00e9l\u00e9proc\u00e9dure\ndisponible  sur  le  site  \u00abvideoprotection.interieur.gouv.fr\u00bb, quatre  mois  avant\nl'\u00e9ch\u00e9ance de ce d\u00e9lai.\nArt. 9  : Les autres dispositions pr\u00e9vues par l'arr\u00eat\u00e9 pr\u00e9fectoral susvis\u00e9 demeurent\napplicables.\nArt. 10 : La sous-pr\u00e9f\u00e8te de Saint-L\u00f4, Monsieur Bertrand Loit, le maire de SAINT-LO,\nle directeur interd\u00e9partemental de la police nationale  sont charg\u00e9s, chacun en ce\nqui le concerne, de l'ex\u00e9cution du pr\u00e9sent arr\u00eat\u00e9 qui sera publi\u00e9 au recueil des\nactes administratifs de la pr\u00e9fecture de la Manche.\nAvranches, le 11 juillet 2025\nPour le pr\u00e9fet et par d\u00e9l\u00e9gation,\nLe sous-pr\u00e9fet d'Avranches,\nsign\u00e9\nPierre CHAULEUR\nCopie pour information au sous-pr\u00e9fet d'arrondissement.\nSous-pr\u00e9fecture d'Avranches - 50-2025-07-11-00001 - Arr\u00eat\u00e9 portant modification d'un syst\u00e8me de vid\u00e9oprotection - Boulangerie\nPatisserie LOIT - Saint-L\u00f4 220\nSous-pr\u00e9fecture d'Avranches\n50-2025-07-11-00005\nArr\u00eat\u00e9 portant modification d'un syst\u00e8me de\nvid\u00e9oprotection - Cr\u00e9dit Mutuel - Avranches\nSous-pr\u00e9fecture d'Avranches - 50-2025-07-11-00005 - Arr\u00eat\u00e9 portant modification d'un syst\u00e8me de vid\u00e9oprotection - Cr\u00e9dit Mutuel -\nAvranches 221\nSOUS-PREFECTURE D'AVRANCHES\nBureau des s\u00e9curit\u00e9s\nPolice administrative\nArr\u00eat\u00e9 n\u00b0 2025-125\nARR\u00caT\u00c9\nportant modification d'un syst\u00e8me de vid\u00e9oprotection\nCr\u00e9dit Mutuel - Avranches\nLe Pr\u00e9fet de la Manche,\nChevalier de la L\u00e9gion d'Honneur\nChevalier de l'Ordre National du M\u00e9rite\nVu  le code de la s\u00e9curit\u00e9 int\u00e9rieure,  partie l\u00e9gislative,  notamment ses  articles\nL.251-1 \u00e0 L.255-1 et partie r\u00e9glementaire, notamment ses articles R.251-1 \u00e0 R.253-\n4 ;\nVu  l'arr\u00eat\u00e9 minist\u00e9riel du 3 ao\u00fbt 2007 portant d\u00e9finition des normes techniques\ndes syst\u00e8mes de vid\u00e9oprotection et ses annexes techniques ;\nVu l'arr\u00eat\u00e9 pr\u00e9fectoral n\u00b0 2023-23 VN du 21 ao\u00fbt 2023 donnant d\u00e9l\u00e9gation de\nsignature \u00e0 Monsieur Pierre CHAULEUR sous-pr\u00e9fet d'Avranches ;\nVu l'arr\u00eat\u00e9  pr\u00e9fectoral  du  27  avril  2011 portant  autorisation  d'un  syst\u00e8me  de\nvid\u00e9oprotection, renouvel\u00e9 le 28 juillet 2016 et modifi\u00e9 le 24 juin 2021 ;\nVu  la  demande  d\u00e9pos\u00e9e  le 31  janvier  2025  par  le  charg\u00e9 de  s\u00e9curit\u00e9,  en  vue\nd'obtenir la modification d'un syst\u00e8me autoris\u00e9 de vid\u00e9oprotection au sein de\nl'\u00e9tablissement CREDIT MUTUEL MAINE ANJOU BASSE NORMANDIE 1 place\nGeorges Scelle  50300 AVRANCHES ;\nVu le r\u00e9c\u00e9piss\u00e9 de d\u00e9p\u00f4t de cette demande d\u00e9livr\u00e9 le 2 juin 2025 ;\nVu l'avis de la commission d\u00e9partementale de vid\u00e9oprotection du 23 juin 2025 ;\nARR\u00caTE\nArt. 1  : Le charg\u00e9 de s\u00e9curit\u00e9  est autoris\u00e9 , dans les conditions fix\u00e9es au pr\u00e9sent\narr\u00eat\u00e9 et pour une dur\u00e9e de  cinq ans  renouvelable, \u00e0 modifier l'installation de\nvid\u00e9oprotection au sein de l'\u00e9tablissement CREDIT MUTUEL MAINE ANJOU BASSE\nNORMANDIE  1  place  Georges  Scelle   50300  AVRANCHES, conform\u00e9ment  au\ndossier annex\u00e9 \u00e0 la demande enregistr\u00e9e sous le num\u00e9ro 2011/0017 .\nArt.  2 : Cette  modification  intervient  sur  l'installation  de  vid\u00e9oprotection\npr\u00e9c\u00e9demment autoris\u00e9e par arr\u00eat\u00e9 pr\u00e9fectoral susvis\u00e9.\nSous-Pr\u00e9fecture Avranches - Place Daniel Huet - 50300 Avranches - T\u00e9l. : 02.14.14.32.40\nM\u00e9l. : sp-avranches@manche.gouv.fr\nHeures d'accueil du public : de 9 h 00 \u00e0 12 h 00 et de 13 h 00 \u00e0 16 h 00\nSous-pr\u00e9fecture d'Avranches - 50-2025-07-11-00005 - Arr\u00eat\u00e9 portant modification d'un syst\u00e8me de vid\u00e9oprotection - Cr\u00e9dit Mutuel -\nAvranches 222\nArt.  3 :  La  modification  porte  sur  l'ajout  de 1  cam\u00e9ra  int\u00e9rieure.  Le  syst\u00e8me\ncomporte d\u00e9sormais 6 cam\u00e9ras int\u00e9rieures.\nLa dur\u00e9e de conservation des images est fix\u00e9e \u00e0 30 jours.\nLe droit d'acc\u00e8s aux images s'exercera aupr\u00e8s du charg\u00e9 de s\u00e9curit\u00e9.\nArt. 4 : Le charg\u00e9 de s\u00e9curit\u00e9, responsable de la mise en \u0153uvre du syst\u00e8me doit se\nporter  garant des  personnes  susceptibles  d'intervenir  dans  l'exploitation ou le\nvisionnage des images, ainsi que dans la maintenance du syst\u00e8me mis en place.\nDes  consignes  tr\u00e8s  pr\u00e9cises  sur  la  confidentialit\u00e9  des  images  capt\u00e9es  ou/et\nenregistr\u00e9es  et  des  atteintes  \u00e0  la  vie  priv\u00e9e  qu'elles  peuvent  \u00e9ventuellement\nimpliquer sont donn\u00e9es \u00e0 toutes les personnes concern\u00e9es.\nArt. 5  : Toute modification pr\u00e9sentant un caract\u00e8re substantiel devra faire l'objet\nd'une  d\u00e9claration  aupr\u00e8s  des  services  pr\u00e9fectoraux,  notamment  changement\nd'activit\u00e9 dans  les  lieux prot\u00e9g\u00e9s,  changement dans  la configuration des  lieux,\nchangement affectant la protection des images.\nArt. 6 : Sans pr\u00e9judice des sanctions p\u00e9nales applicables, la pr\u00e9sente autorisation\npeut, apr\u00e8s que l'int\u00e9ress\u00e9 ait \u00e9t\u00e9 mis \u00e0 m\u00eame de pr\u00e9senter ses observations, \u00eatre\nretir\u00e9e en cas de manquement aux dispositions figurant aux articles L.251-2, L.251-\n3, L.252-1 \u00e0 L.252-6, L.253-1 \u00e0 L.253-5 et R.251-1 \u00e0 R.253-4 du code de la s\u00e9curit\u00e9\nint\u00e9rieure  susvis\u00e9  ou  encore  en  cas  de  modification  des  conditions  au  vu\ndesquelles cette autorisation a \u00e9t\u00e9 d\u00e9livr\u00e9e.\nArt. 7  : La pr\u00e9sente autorisation peut faire l'objet d'un recours devant le Tribunal\nAdministratif de Caen  dans un d\u00e9lai  de deux  mois \u00e0 compter de la date de sa\nnotification \u00e0 l'int\u00e9ress\u00e9.\nArt.  8 :  Le  syst\u00e8me  concern\u00e9  devra  faire  l'objet  d'une  nouvelle  autorisation\nadministrative pr\u00e9alable au terme du d\u00e9lai des cinq ans  : une nouvelle demande\ndevra  \u00eatre  d\u00e9pos\u00e9e  \u00e0  la  pr\u00e9fecture  soit  par  courrier,  soit  par  t\u00e9l\u00e9proc\u00e9dure\ndisponible  sur  le  site  \u00abvideoprotection.interieur.gouv.fr\u00bb, quatre  mois  avant\nl'\u00e9ch\u00e9ance de ce d\u00e9lai.\nArt. 9  : Les autres dispositions pr\u00e9vues par l'arr\u00eat\u00e9 pr\u00e9fectoral susvis\u00e9 demeurent\napplicables.\nArt.  10 :  Le  sous-pr\u00e9fet  d'Avranches,  le  charg\u00e9  de  s\u00e9curit\u00e9,  le  maire  de\nAVRANCHES, le commandant du groupement de gendarmerie d\u00e9partementale\nsont charg\u00e9s, chacun en ce qui le concerne, de l'ex\u00e9cution du pr\u00e9sent arr\u00eat\u00e9 qui\nsera publi\u00e9 au recueil des actes administratifs de la pr\u00e9fecture de la Manche.\nAvranches, le 11 juillet 2025\nPour le pr\u00e9fet et par d\u00e9l\u00e9gation,\nLe sous-pr\u00e9fet d'Avranches,\nsign\u00e9\nPierre CHAULEUR\nSous-pr\u00e9fecture d'Avranches - 50-2025-07-11-00005 - Arr\u00eat\u00e9 portant modification d'un syst\u00e8me de vid\u00e9oprotection - Cr\u00e9dit Mutuel -\nAvranches 223\nSous-pr\u00e9fecture d'Avranches\n50-2025-07-11-00006\nArr\u00eat\u00e9 portant modification d'un syst\u00e8me de\nvid\u00e9oprotection - Cr\u00e9dit Mutuel -\nGavray-sur-Sienne\nSous-pr\u00e9fecture d'Avranches - 50-2025-07-11-00006 - Arr\u00eat\u00e9 portant modification d'un syst\u00e8me de vid\u00e9oprotection - Cr\u00e9dit Mutuel -\nGavray-sur-Sienne 224\nSOUS-PREFECTURE D'AVRANCHES\nBureau des s\u00e9curit\u00e9s\nPolice administrative\nArr\u00eat\u00e9 n\u00b0 2025-124\nARR\u00caT\u00c9\nportant modification d'un syst\u00e8me de vid\u00e9oprotection\nCr\u00e9dit Mutuel - Gavray-sur-Sienne\nLe Pr\u00e9fet de la Manche,\nChevalier de la L\u00e9gion d'Honneur\nChevalier de l'Ordre National du M\u00e9rite\nVu  le code de la s\u00e9curit\u00e9 int\u00e9rieure,  partie l\u00e9gislative,  notamment ses  articles\nL.251-1 \u00e0 L.255-1 et partie r\u00e9glementaire, notamment ses articles R.251-1 \u00e0 R.253-\n4 ;\nVu  l'arr\u00eat\u00e9 minist\u00e9riel du 3 ao\u00fbt 2007 portant d\u00e9finition des normes techniques\ndes syst\u00e8mes de vid\u00e9oprotection et ses annexes techniques ;\nVu l'arr\u00eat\u00e9 pr\u00e9fectoral n\u00b0 2023-23 VN du 21 ao\u00fbt 2023 donnant d\u00e9l\u00e9gation de\nsignature \u00e0 Monsieur Pierre CHAULEUR sous-pr\u00e9fet d'Avranches ;\nVu l'arr\u00eat\u00e9 pr\u00e9fectoral du  20 juillet 2010  portant autorisation d'un syst\u00e8me de\nvid\u00e9oprotection, renouvel\u00e9 le 23 janvier 2015 et renouvel\u00e9 le 23 juin 2025  ;\nVu  la  demande  d\u00e9pos\u00e9e  le 31  janvier  2025  par  le  charg\u00e9 de  s\u00e9curit\u00e9,  en  vue\nd'obtenir la modification d'un syst\u00e8me autoris\u00e9 de vid\u00e9oprotection au sein de\nl'\u00e9tablissement CREDIT MUTUEL MAINE ANJOU BASSE NORMANDIE 18 rue de\nla Lib\u00e9ration  50450 GAVRAY-SUR-SIENNE ;\nVu le r\u00e9c\u00e9piss\u00e9 de d\u00e9p\u00f4t de cette demande d\u00e9livr\u00e9 le 2 juin 2025 ;\nVu l'avis de la commission d\u00e9partementale de vid\u00e9oprotection du 23 juin 2025 ;\nARR\u00caTE\nArt. 1  : Le charg\u00e9 de s\u00e9curit\u00e9  est autoris\u00e9 , dans les conditions fix\u00e9es au pr\u00e9sent\narr\u00eat\u00e9 et pour une dur\u00e9e de  cinq ans  renouvelable, \u00e0 modifier l'installation de\nvid\u00e9oprotection au sein de l'\u00e9tablissement CREDIT MUTUEL MAINE ANJOU BASSE\nNORMANDIE 18 rue de la Lib\u00e9ration  50450 GAVRAY-SUR-SIENNE , conform\u00e9ment\nau dossier annex\u00e9 \u00e0 la demande enregistr\u00e9e sous le num\u00e9ro 2010/0081.\nArt.  2 : Cette  modification  intervient  sur  l'installation  de  vid\u00e9oprotection\npr\u00e9c\u00e9demment autoris\u00e9e par arr\u00eat\u00e9 pr\u00e9fectoral susvis\u00e9.\nArt. 3  : La modification porte sur l'ajout de  2 cam\u00e9ras int\u00e9rieures . Le syst\u00e8me\ncomporte d\u00e9sormais 5 cam\u00e9ras int\u00e9rieures.\nSous-Pr\u00e9fecture Avranches - Place Daniel Huet - 50300 Avranches - T\u00e9l. : 02.14.14.32.40\nM\u00e9l. : sp-avranches@manche.gouv.fr\nHeures d'accueil du public : de 9 h 00 \u00e0 12 h 00 et de 13 h 00 \u00e0 16 h 00\nSous-pr\u00e9fecture d'Avranches - 50-2025-07-11-00006 - Arr\u00eat\u00e9 portant modification d'un syst\u00e8me de vid\u00e9oprotection - Cr\u00e9dit Mutuel -\nGavray-sur-Sienne 225\nLa dur\u00e9e de conservation des images est fix\u00e9e \u00e0 30 jours.\nLe droit d'acc\u00e8s aux images s'exercera aupr\u00e8s du charg\u00e9 de s\u00e9curit\u00e9.\nArt. 4 : Le charg\u00e9 de s\u00e9curit\u00e9, responsable de la mise en \u0153uvre du syst\u00e8me doit se\nporter  garant des  personnes  susceptibles  d'intervenir  dans  l'exploitation ou le\nvisionnage des images, ainsi que dans la maintenance du syst\u00e8me mis en place.\nDes  consignes  tr\u00e8s  pr\u00e9cises  sur  la  confidentialit\u00e9  des  images  capt\u00e9es  ou/et\nenregistr\u00e9es  et  des  atteintes  \u00e0  la  vie  priv\u00e9e  qu'elles  peuvent  \u00e9ventuellement\nimpliquer sont donn\u00e9es \u00e0 toutes les personnes concern\u00e9es.\nArt. 5  : Toute modification pr\u00e9sentant un caract\u00e8re substantiel devra faire l'objet\nd'une  d\u00e9claration  aupr\u00e8s  des  services  pr\u00e9fectoraux,  notamment  changement\nd'activit\u00e9 dans  les  lieux prot\u00e9g\u00e9s,  changement dans  la configuration des  lieux,\nchangement affectant la protection des images.\nArt. 6 : Sans pr\u00e9judice des sanctions p\u00e9nales applicables, la pr\u00e9sente autorisation\npeut, apr\u00e8s que l'int\u00e9ress\u00e9 ait \u00e9t\u00e9 mis \u00e0 m\u00eame de pr\u00e9senter ses observations, \u00eatre\nretir\u00e9e en cas de manquement aux dispositions figurant aux articles L.251-2, L.251-\n3, L.252-1 \u00e0 L.252-6, L.253-1 \u00e0 L.253-5 et R.251-1 \u00e0 R.253-4 du code de la s\u00e9curit\u00e9\nint\u00e9rieure  susvis\u00e9  ou  encore  en  cas  de  modification  des  conditions  au  vu\ndesquelles cette autorisation a \u00e9t\u00e9 d\u00e9livr\u00e9e.\nArt. 7  : La pr\u00e9sente autorisation peut faire l'objet d'un recours devant le Tribunal\nAdministratif de Caen  dans un d\u00e9lai  de deux  mois \u00e0 compter de la date de sa\nnotification \u00e0 l'int\u00e9ress\u00e9.\nArt.  8 :  Le  syst\u00e8me  concern\u00e9  devra  faire  l'objet  d'une  nouvelle  autorisation\nadministrative pr\u00e9alable au terme du d\u00e9lai des cinq ans  : une nouvelle demande\ndevra  \u00eatre  d\u00e9pos\u00e9e  \u00e0  la  pr\u00e9fecture  soit  par  courrier,  soit  par  t\u00e9l\u00e9proc\u00e9dure\ndisponible  sur  le  site  \u00abvideoprotection.interieur.gouv.fr\u00bb, quatre  mois  avant\nl'\u00e9ch\u00e9ance de ce d\u00e9lai.\nArt. 9  : Les autres dispositions pr\u00e9vues par l'arr\u00eat\u00e9 pr\u00e9fectoral susvis\u00e9 demeurent\napplicables.\nArt. 10  : Le sous-pr\u00e9fet de Coutances, le charg\u00e9 de s\u00e9curit\u00e9, le maire de GAVRAY-\nSUR-SIENNE,  le  commandant  du  groupement  de  gendarmerie d\u00e9partementale\nsont charg\u00e9s, chacun en ce qui le concerne, de l'ex\u00e9cution du pr\u00e9sent arr\u00eat\u00e9 qui\nsera publi\u00e9 au recueil des actes administratifs de la pr\u00e9fecture de la Manche.\nAvranches, le 11 juillet 2025\nPour le pr\u00e9fet et par d\u00e9l\u00e9gation,\nLe sous-pr\u00e9fet d'Avranches,\nsign\u00e9\nPierre CHAULEUR\nCopie pour information au sous-pr\u00e9fet d'arrondissement.\nSous-pr\u00e9fecture d'Avranches - 50-2025-07-11-00006 - Arr\u00eat\u00e9 portant modification d'un syst\u00e8me de vid\u00e9oprotection - Cr\u00e9dit Mutuel -\nGavray-sur-Sienne 226\nSous-pr\u00e9fecture d'Avranches\n50-2025-07-11-00007\nArr\u00eat\u00e9 portant modification d'un syst\u00e8me de\nvid\u00e9oprotection - Cr\u00e9dit Mutuel - Granville\nSous-pr\u00e9fecture d'Avranches - 50-2025-07-11-00007 - Arr\u00eat\u00e9 portant modification d'un syst\u00e8me de vid\u00e9oprotection - Cr\u00e9dit Mutuel -\nGranville 227\nSOUS-PREFECTURE D'AVRANCHES\nBureau des s\u00e9curit\u00e9s\nPolice administrative\nArr\u00eat\u00e9 n\u00b0 2025-122\nARR\u00caT\u00c9\nportant modification d'un syst\u00e8me de vid\u00e9oprotection\nCr\u00e9dit Mutuel \u2013 Granville\nLe Pr\u00e9fet de la Manche,\nChevalier de la L\u00e9gion d'Honneur\nChevalier de l'Ordre National du M\u00e9rite\nVu  le code de la s\u00e9curit\u00e9 int\u00e9rieure,  partie l\u00e9gislative,  notamment ses  articles\nL.251-1 \u00e0 L.255-1 et partie r\u00e9glementaire, notamment ses articles R.251-1 \u00e0 R.253-\n4 ;\nVu  l'arr\u00eat\u00e9 minist\u00e9riel du 3 ao\u00fbt 2007 portant d\u00e9finition des normes techniques\ndes syst\u00e8mes de vid\u00e9oprotection et ses annexes techniques ;\nVu l'arr\u00eat\u00e9 pr\u00e9fectoral n\u00b0 2023-23 VN du 21 ao\u00fbt 2023 donnant d\u00e9l\u00e9gation de\nsignature \u00e0 Monsieur Pierre CHAULEUR sous-pr\u00e9fet d'Avranches ;\nVu l'arr\u00eat\u00e9 pr\u00e9fectoral du 18 septembre 1997 portant autorisation d'un syst\u00e8me de\nvid\u00e9oprotection, modifi\u00e9 le 11 d\u00e9cembre 2009, modifi\u00e9 le 19 d\u00e9cembre 2014 et\nrenouvel\u00e9 le 2 janvier 2020  ;\nVu  la demande d\u00e9pos\u00e9e le 03 d\u00e9cembre 2024 par le charg\u00e9 de s\u00e9curit\u00e9, en vue\nd'obtenir la modification d'un syst\u00e8me autoris\u00e9 de vid\u00e9oprotection au sein de\nl'\u00e9tablissement CREDIT  MUTUEL  MAINE  ANJOU  BASSE  NORMANDIE  76  rue\nCouraye  50400 GRANVILLE ;\nVu le r\u00e9c\u00e9piss\u00e9 de d\u00e9p\u00f4t de cette demande d\u00e9livr\u00e9 le 2 juin 2025 ;\nVu l'avis de la commission d\u00e9partementale de vid\u00e9oprotection du 23 juin 2025 ;\nARR\u00caTE\nArt. 1  : Le charg\u00e9 de s\u00e9curit\u00e9  est autoris\u00e9 , dans les conditions fix\u00e9es au pr\u00e9sent\narr\u00eat\u00e9 et pour une dur\u00e9e de  cinq ans  renouvelable, \u00e0 modifier l'installation de\nvid\u00e9oprotection au sein de l'\u00e9tablissement CREDIT MUTUEL MAINE ANJOU BASSE\nNORMANDIE  76  rue  Couraye   50400  GRANVILLE, conform\u00e9ment  au  dossier\nannex\u00e9 \u00e0 la demande enregistr\u00e9e sous le num\u00e9ro 2009/0066.\nArt.  2 : Cette  modification  intervient  sur  l'installation  de  vid\u00e9oprotection\npr\u00e9c\u00e9demment autoris\u00e9e par arr\u00eat\u00e9 pr\u00e9fectoral susvis\u00e9.\nSous-Pr\u00e9fecture Avranches - Place Daniel Huet - 50300 Avranches - T\u00e9l. : 02.14.14.32.40\nM\u00e9l. : sp-avranches@manche.gouv.fr\nHeures d'accueil du public : de 9 h 00 \u00e0 12 h 00 et de 13 h 00 \u00e0 16 h 00\nSous-pr\u00e9fecture d'Avranches - 50-2025-07-11-00007 - Arr\u00eat\u00e9 portant modification d'un syst\u00e8me de vid\u00e9oprotection - Cr\u00e9dit Mutuel -\nGranville 228\nArt. 3  : La modification porte sur le retrait de  3 cam\u00e9ras int\u00e9rieures . Le syst\u00e8me\ncomporte d\u00e9sormais 6 cam\u00e9ras int\u00e9rieures.\nLa dur\u00e9e de conservation des images est fix\u00e9e \u00e0 30 jours.\nLe droit d'acc\u00e8s aux images s'exercera aupr\u00e8s du charg\u00e9 de s\u00e9curit\u00e9.\nArt. 4 : Le charg\u00e9 de s\u00e9curit\u00e9, responsable de la mise en \u0153uvre du syst\u00e8me doit se\nporter  garant des  personnes  susceptibles  d'intervenir  dans  l'exploitation ou le\nvisionnage des images, ainsi que dans la maintenance du syst\u00e8me mis en place.\nDes  consignes  tr\u00e8s  pr\u00e9cises  sur  la  confidentialit\u00e9  des  images  capt\u00e9es  ou/et\nenregistr\u00e9es  et  des  atteintes  \u00e0  la  vie  priv\u00e9e  qu'elles  peuvent  \u00e9ventuellement\nimpliquer sont donn\u00e9es \u00e0 toutes les personnes concern\u00e9es.\nArt. 5  : Toute modification pr\u00e9sentant un caract\u00e8re substantiel devra faire l'objet\nd'une  d\u00e9claration  aupr\u00e8s  des  services  pr\u00e9fectoraux,  notamment  changement\nd'activit\u00e9 dans  les  lieux prot\u00e9g\u00e9s,  changement dans  la configuration des  lieux,\nchangement affectant la protection des images.\nArt. 6 : Sans pr\u00e9judice des sanctions p\u00e9nales applicables, la pr\u00e9sente autorisation\npeut, apr\u00e8s que l'int\u00e9ress\u00e9 ait \u00e9t\u00e9 mis \u00e0 m\u00eame de pr\u00e9senter ses observations, \u00eatre\nretir\u00e9e en cas de manquement aux dispositions figurant aux articles L.251-2, L.251-\n3, L.252-1 \u00e0 L.252-6, L.253-1 \u00e0 L.253-5 et R.251-1 \u00e0 R.253-4 du code de la s\u00e9curit\u00e9\nint\u00e9rieure  susvis\u00e9  ou  encore  en  cas  de  modification  des  conditions  au  vu\ndesquelles cette autorisation a \u00e9t\u00e9 d\u00e9livr\u00e9e.\nArt. 7  : La pr\u00e9sente autorisation peut faire l'objet d'un recours devant le Tribunal\nAdministratif de Caen  dans un d\u00e9lai  de deux  mois \u00e0 compter de la date de sa\nnotification \u00e0 l'int\u00e9ress\u00e9.\nArt.  8 :  Le  syst\u00e8me  concern\u00e9  devra  faire  l'objet  d'une  nouvelle  autorisation\nadministrative pr\u00e9alable au terme du d\u00e9lai des cinq ans  : une nouvelle demande\ndevra  \u00eatre  d\u00e9pos\u00e9e  \u00e0  la  pr\u00e9fecture  soit  par  courrier,  soit  par  t\u00e9l\u00e9proc\u00e9dure\ndisponible  sur  le  site  \u00abvideoprotection.interieur.gouv.fr\u00bb, quatre  mois  avant\nl'\u00e9ch\u00e9ance de ce d\u00e9lai.\nArt. 9  : Les autres dispositions pr\u00e9vues par l'arr\u00eat\u00e9 pr\u00e9fectoral susvis\u00e9 demeurent\napplicables.\nArt. 10 : Le sous-pr\u00e9fet d'Avranches, le charg\u00e9 de s\u00e9curit\u00e9, le maire de GRANVILLE,\nle directeur interd\u00e9partemental de la police nationale  sont charg\u00e9s, chacun en ce\nqui le concerne, de l'ex\u00e9cution du pr\u00e9sent arr\u00eat\u00e9 qui sera publi\u00e9 au recueil des\nactes administratifs de la pr\u00e9fecture de la Manche.\nAvranches, le 11 juillet 2025\nPour le pr\u00e9fet et par d\u00e9l\u00e9gation,\nLe sous-pr\u00e9fet d'Avranches,\nsign\u00e9\nPierre CHAULEUR\nSous-pr\u00e9fecture d'Avranches - 50-2025-07-11-00007 - Arr\u00eat\u00e9 portant modification d'un syst\u00e8me de vid\u00e9oprotection - Cr\u00e9dit Mutuel -\nGranville 229\nSous-pr\u00e9fecture d'Avranches\n50-2025-07-11-00008\nArr\u00eat\u00e9 portant modification d'un syst\u00e8me de\nvid\u00e9oprotection - Cr\u00e9dit Mutuel - Pontorson\nSous-pr\u00e9fecture d'Avranches - 50-2025-07-11-00008 - Arr\u00eat\u00e9 portant modification d'un syst\u00e8me de vid\u00e9oprotection - Cr\u00e9dit Mutuel -\nPontorson 230\nSOUS-PREFECTURE D'AVRANCHES\nBureau des s\u00e9curit\u00e9s\nPolice administrative\nArr\u00eat\u00e9 n\u00b0 2025-123\nARR\u00caT\u00c9\nportant modification d'un syst\u00e8me de vid\u00e9oprotection\nCr\u00e9dit Mutuel - Pontorson\nLe Pr\u00e9fet de la Manche,\nChevalier de la L\u00e9gion d'Honneur\nChevalier de l'Ordre National du M\u00e9rite\nVu  le code de la s\u00e9curit\u00e9 int\u00e9rieure,  partie l\u00e9gislative,  notamment ses  articles\nL.251-1 \u00e0 L.255-1 et partie r\u00e9glementaire, notamment ses articles R.251-1 \u00e0 R.253-\n4 ;\nVu  l'arr\u00eat\u00e9 minist\u00e9riel du 3 ao\u00fbt 2007 portant d\u00e9finition des normes techniques\ndes syst\u00e8mes de vid\u00e9oprotection et ses annexes techniques ;\nVu l'arr\u00eat\u00e9 pr\u00e9fectoral n\u00b0 2023-23 VN du 21 ao\u00fbt 2023 donnant d\u00e9l\u00e9gation de\nsignature \u00e0 Monsieur Pierre CHAULEUR sous-pr\u00e9fet d'Avranches ;\nVu l'arr\u00eat\u00e9 pr\u00e9fectoral du 11 d\u00e9cembre 2009 portant autorisation d'un syst\u00e8me de\nvid\u00e9oprotection, renouvel\u00e9 le 7 janvier 2015 et renouvel\u00e9 le 2 janvier 2020 ;\nVu  la demande d\u00e9pos\u00e9e le 13 d\u00e9cembre 2024 par le charg\u00e9 de s\u00e9curit\u00e9, en vue\nd'obtenir la modification d'un syst\u00e8me autoris\u00e9 de vid\u00e9oprotection au sein de\nl'\u00e9tablissement CREDIT MUTUEL MAINE ANJOU BASSE NORMANDIE 2 rue de la\nLib\u00e9ration  50170 PONTORSON ;\nVu le r\u00e9c\u00e9piss\u00e9 de d\u00e9p\u00f4t de cette demande d\u00e9livr\u00e9 le 2 juin 2025 ;\nVu l'avis de la commission d\u00e9partementale de vid\u00e9oprotection du 23 juin 2025 ;\nARR\u00caTE\nArt. 1  : Le charg\u00e9 de s\u00e9curit\u00e9  est autoris\u00e9 , dans les conditions fix\u00e9es au pr\u00e9sent\narr\u00eat\u00e9 et pour une dur\u00e9e de  cinq ans  renouvelable, \u00e0 modifier l'installation de\nvid\u00e9oprotection au sein de l'\u00e9tablissement CREDIT MUTUEL MAINE ANJOU BASSE\nNORMANDIE  2  rue  de  la  Lib\u00e9ration   50170  PONTORSON, conform\u00e9ment  au\ndossier annex\u00e9 \u00e0 la demande enregistr\u00e9e sous le num\u00e9ro 2009/0074.\nArt.  2 : Cette  modification  intervient  sur  l'installation  de  vid\u00e9oprotection\npr\u00e9c\u00e9demment autoris\u00e9e par arr\u00eat\u00e9 pr\u00e9fectoral susvis\u00e9.\nArt.  3 :  La  modification  porte  sur  l'ajout  de 1  cam\u00e9ra  int\u00e9rieure.  Le  syst\u00e8me\ncomporte d\u00e9sormais 5 cam\u00e9ras int\u00e9rieures.\nSous-Pr\u00e9fecture Avranches - Place Daniel Huet - 50300 Avranches - T\u00e9l. : 02.14.14.32.40\nM\u00e9l. : sp-avranches@manche.gouv.fr\nHeures d'accueil du public : de 9 h 00 \u00e0 12 h 00 et de 13 h 00 \u00e0 16 h 00\nSous-pr\u00e9fecture d'Avranches - 50-2025-07-11-00008 - Arr\u00eat\u00e9 portant modification d'un syst\u00e8me de vid\u00e9oprotection - Cr\u00e9dit Mutuel -\nPontorson 231\nLa dur\u00e9e de conservation des images est fix\u00e9e \u00e0 30 jours.\nLe droit d'acc\u00e8s aux images s'exercera aupr\u00e8s du charg\u00e9 de s\u00e9curit\u00e9.\nArt. 4 : Le charg\u00e9 de s\u00e9curit\u00e9, responsable de la mise en \u0153uvre du syst\u00e8me doit se\nporter  garant des  personnes  susceptibles  d'intervenir  dans  l'exploitation ou le\nvisionnage des images, ainsi que dans la maintenance du syst\u00e8me mis en place.\nDes  consignes  tr\u00e8s  pr\u00e9cises  sur  la  confidentialit\u00e9  des  images  capt\u00e9es  ou/et\nenregistr\u00e9es  et  des  atteintes  \u00e0  la  vie  priv\u00e9e  qu'elles  peuvent  \u00e9ventuellement\nimpliquer sont donn\u00e9es \u00e0 toutes les personnes concern\u00e9es.\nArt. 5  : Toute modification pr\u00e9sentant un caract\u00e8re substantiel devra faire l'objet\nd'une  d\u00e9claration  aupr\u00e8s  des  services  pr\u00e9fectoraux,  notamment  changement\nd'activit\u00e9 dans  les  lieux prot\u00e9g\u00e9s,  changement dans  la configuration des  lieux,\nchangement affectant la protection des images.\nArt. 6 : Sans pr\u00e9judice des sanctions p\u00e9nales applicables, la pr\u00e9sente autorisation\npeut, apr\u00e8s que l'int\u00e9ress\u00e9 ait \u00e9t\u00e9 mis \u00e0 m\u00eame de pr\u00e9senter ses observations, \u00eatre\nretir\u00e9e en cas de manquement aux dispositions figurant aux articles L.251-2, L.251-\n3, L.252-1 \u00e0 L.252-6, L.253-1 \u00e0 L.253-5 et R.251-1 \u00e0 R.253-4 du code de la s\u00e9curit\u00e9\nint\u00e9rieure  susvis\u00e9  ou  encore  en  cas  de  modification  des  conditions  au  vu\ndesquelles cette autorisation a \u00e9t\u00e9 d\u00e9livr\u00e9e.\nArt. 7  : La pr\u00e9sente autorisation peut faire l'objet d'un recours devant le Tribunal\nAdministratif de Caen  dans un d\u00e9lai  de deux  mois \u00e0 compter de la date de sa\nnotification \u00e0 l'int\u00e9ress\u00e9.\nArt.  8 :  Le  syst\u00e8me  concern\u00e9  devra  faire  l'objet  d'une  nouvelle  autorisation\nadministrative pr\u00e9alable au terme du d\u00e9lai des cinq ans  : une nouvelle demande\ndevra  \u00eatre  d\u00e9pos\u00e9e  \u00e0  la  pr\u00e9fecture  soit  par  courrier,  soit  par  t\u00e9l\u00e9proc\u00e9dure\ndisponible  sur  le  site  \u00abvideoprotection.interieur.gouv.fr\u00bb, quatre  mois  avant\nl'\u00e9ch\u00e9ance de ce d\u00e9lai.\nArt. 9  : Les autres dispositions pr\u00e9vues par l'arr\u00eat\u00e9 pr\u00e9fectoral susvis\u00e9 demeurent\napplicables.\nArt.  10 :  Le  sous-pr\u00e9fet  d'Avranches,  le  charg\u00e9  de  s\u00e9curit\u00e9,  le  maire  de\nPONTORSON, le commandant du groupement de gendarmerie d\u00e9partementale\nsont charg\u00e9s, chacun en ce qui le concerne, de l'ex\u00e9cution du pr\u00e9sent arr\u00eat\u00e9 qui\nsera publi\u00e9 au recueil des actes administratifs de la pr\u00e9fecture de la Manche.\nAvranches, le 11 juillet 2025\nPour le pr\u00e9fet et par d\u00e9l\u00e9gation,\nLe sous-pr\u00e9fet d'Avranches,\nsign\u00e9\nPierre CHAULEUR\nSous-pr\u00e9fecture d'Avranches - 50-2025-07-11-00008 - Arr\u00eat\u00e9 portant modification d'un syst\u00e8me de vid\u00e9oprotection - Cr\u00e9dit Mutuel -\nPontorson 232\nSous-pr\u00e9fecture d'Avranches\n50-2025-07-11-00009\nArr\u00eat\u00e9 portant modification d'un syst\u00e8me de\nvid\u00e9oprotection - Cr\u00e9dit Mutuel - Saint-L\u00f4\nSous-pr\u00e9fecture d'Avranches - 50-2025-07-11-00009 - Arr\u00eat\u00e9 portant modification d'un syst\u00e8me de vid\u00e9oprotection - Cr\u00e9dit Mutuel -\nSaint-L\u00f4 233\nSOUS-PREFECTURE D'AVRANCHES\nBureau des s\u00e9curit\u00e9s\nPolice administrative\nArr\u00eat\u00e9 n\u00b0 2025-126\nARR\u00caT\u00c9\nportant modification d'un syst\u00e8me de vid\u00e9oprotection\nCr\u00e9dit Mutuel - Saint-L\u00f4\nLe Pr\u00e9fet de la Manche,\nChevalier de la L\u00e9gion d'Honneur\nChevalier de l'Ordre National du M\u00e9rite\nVu  le code de la s\u00e9curit\u00e9 int\u00e9rieure,  partie l\u00e9gislative,  notamment ses  articles\nL.251-1 \u00e0 L.255-1 et partie r\u00e9glementaire, notamment ses articles R.251-1 \u00e0 R.253-\n4 ;\nVu  l'arr\u00eat\u00e9 minist\u00e9riel du 3 ao\u00fbt 2007 portant d\u00e9finition des normes techniques\ndes syst\u00e8mes de vid\u00e9oprotection et ses annexes techniques ;\nVu l'arr\u00eat\u00e9 pr\u00e9fectoral n\u00b0 2023-23 VN du 21 ao\u00fbt 2023 donnant d\u00e9l\u00e9gation de\nsignature \u00e0 Monsieur Pierre CHAULEUR sous-pr\u00e9fet d'Avranches ;\nVu l'arr\u00eat\u00e9 pr\u00e9fectoral  du  28 ao\u00fbt  2015 portant  autorisation  d'un  syst\u00e8me  de\nvid\u00e9oprotection et renouvel\u00e9 le 23 juin 2020 ;\nVu  la demande d\u00e9pos\u00e9e le 29 janvier  2025 par  le charg\u00e9 de s\u00e9curit\u00e9,  en vue\nd'obtenir la modification d'un syst\u00e8me autoris\u00e9 de vid\u00e9oprotection au sein de\nl'\u00e9tablissement CREDIT MUTUEL MAINE ANJOU ET BASSE NORMANDIE  5 rue\ndu Creuset  50000 SAINT-LO ;\nVu le r\u00e9c\u00e9piss\u00e9 de d\u00e9p\u00f4t de cette demande d\u00e9livr\u00e9 le 2 juin 2025 ;\nVu l'avis de la commission d\u00e9partementale de vid\u00e9oprotection du 23 juin 2025 ;\nARR\u00caTE\nArt. 1  : Le charg\u00e9 de s\u00e9curit\u00e9  est autoris\u00e9 , dans les conditions fix\u00e9es au pr\u00e9sent\narr\u00eat\u00e9 et pour une dur\u00e9e de  cinq ans  renouvelable, \u00e0 modifier l'installation de\nvid\u00e9oprotection au sein de l'\u00e9tablissement  CREDIT MUTUEL MAINE ANJOU  ET\nBASSE NORMANDIE  5 rue du Creuset  50000 SAINT-LO, conform\u00e9ment au dossier\nannex\u00e9 \u00e0 la demande enregistr\u00e9e sous le num\u00e9ro 2015/0070.\nArt.  2 : Cette  modification  intervient  sur  l'installation  de  vid\u00e9oprotection\npr\u00e9c\u00e9demment autoris\u00e9e par arr\u00eat\u00e9 pr\u00e9fectoral susvis\u00e9.\nArt.  3 :  La  modification  porte  sur  l'ajout  de 1  cam\u00e9ra  ext\u00e9rieure.  Le  syst\u00e8me\ncomporte d\u00e9sormais 3 cam\u00e9ras int\u00e9rieures et 1 cam\u00e9ra ext\u00e9rieure.\nSous-Pr\u00e9fecture Avranches - Place Daniel Huet - 50300 Avranches - T\u00e9l. : 02.14.14.32.40\nM\u00e9l. : sp-avranches@manche.gouv.fr\nHeures d'accueil du public : de 9 h 00 \u00e0 12 h 00 et de 13 h 00 \u00e0 16 h 00\nSous-pr\u00e9fecture d'Avranches - 50-2025-07-11-00009 - Arr\u00eat\u00e9 portant modification d'un syst\u00e8me de vid\u00e9oprotection - Cr\u00e9dit Mutuel -\nSaint-L\u00f4 234\nLa dur\u00e9e de conservation des images est fix\u00e9e \u00e0 30 jours.\nLe droit d'acc\u00e8s aux images s'exercera aupr\u00e8s du charg\u00e9 de s\u00e9curit\u00e9.\nArt. 4 : Le charg\u00e9 de s\u00e9curit\u00e9, responsable de la mise en \u0153uvre du syst\u00e8me doit se\nporter  garant des  personnes  susceptibles  d'intervenir  dans  l'exploitation ou le\nvisionnage des images, ainsi que dans la maintenance du syst\u00e8me mis en place.\nDes  consignes  tr\u00e8s  pr\u00e9cises  sur  la  confidentialit\u00e9  des  images  capt\u00e9es  ou/et\nenregistr\u00e9es  et  des  atteintes  \u00e0  la  vie  priv\u00e9e  qu'elles  peuvent  \u00e9ventuellement\nimpliquer sont donn\u00e9es \u00e0 toutes les personnes concern\u00e9es.\nArt. 5  : Toute modification pr\u00e9sentant un caract\u00e8re substantiel devra faire l'objet\nd'une  d\u00e9claration  aupr\u00e8s  des  services  pr\u00e9fectoraux,  notamment  changement\nd'activit\u00e9 dans  les  lieux prot\u00e9g\u00e9s,  changement dans  la configuration des  lieux,\nchangement affectant la protection des images.\nArt. 6 : Sans pr\u00e9judice des sanctions p\u00e9nales applicables, la pr\u00e9sente autorisation\npeut, apr\u00e8s que l'int\u00e9ress\u00e9 ait \u00e9t\u00e9 mis \u00e0 m\u00eame de pr\u00e9senter ses observations, \u00eatre\nretir\u00e9e en cas de manquement aux dispositions figurant aux articles L.251-2, L.251-\n3, L.252-1 \u00e0 L.252-6, L.253-1 \u00e0 L.253-5 et R.251-1 \u00e0 R.253-4 du code de la s\u00e9curit\u00e9\nint\u00e9rieure  susvis\u00e9  ou  encore  en  cas  de  modification  des  conditions  au  vu\ndesquelles cette autorisation a \u00e9t\u00e9 d\u00e9livr\u00e9e.\nArt. 7  : La pr\u00e9sente autorisation peut faire l'objet d'un recours devant le Tribunal\nAdministratif de Caen  dans un d\u00e9lai  de deux  mois \u00e0 compter de la date de sa\nnotification \u00e0 l'int\u00e9ress\u00e9.\nArt.  8 :  Le  syst\u00e8me  concern\u00e9  devra  faire  l'objet  d'une  nouvelle  autorisation\nadministrative pr\u00e9alable au terme du d\u00e9lai des cinq ans  : une nouvelle demande\ndevra  \u00eatre  d\u00e9pos\u00e9e  \u00e0  la  pr\u00e9fecture  soit  par  courrier,  soit  par  t\u00e9l\u00e9proc\u00e9dure\ndisponible  sur  le  site  \u00abvideoprotection.interieur.gouv.fr\u00bb, quatre  mois  avant\nl'\u00e9ch\u00e9ance de ce d\u00e9lai.\nArt. 9  : Les autres dispositions pr\u00e9vues par l'arr\u00eat\u00e9 pr\u00e9fectoral susvis\u00e9 demeurent\napplicables.\nArt. 10  : La sous-pr\u00e9f\u00e8te de Saint-L\u00f4, le charg\u00e9 de s\u00e9curit\u00e9, le maire de SAINT-LO,\nle directeur interd\u00e9partemental de la police nationale  sont charg\u00e9s, chacun en ce\nqui le concerne, de l'ex\u00e9cution du pr\u00e9sent arr\u00eat\u00e9 qui sera publi\u00e9 au recueil des\nactes administratifs de la pr\u00e9fecture de la Manche.\nAvranches, le 11 juillet 2025\nPour le pr\u00e9fet et par d\u00e9l\u00e9gation,\nLe sous-pr\u00e9fet d'Avranches,\nsign\u00e9\nPierre CHAULEUR\nCopie pour information au sous-pr\u00e9fet d'arrondissement.\nSous-pr\u00e9fecture d'Avranches - 50-2025-07-11-00009 - Arr\u00eat\u00e9 portant modification d'un syst\u00e8me de vid\u00e9oprotection - Cr\u00e9dit Mutuel -\nSaint-L\u00f4 235\nSous-pr\u00e9fecture d'Avranches\n50-2025-07-11-00002\nArr\u00eat\u00e9 portant modification d'un syst\u00e8me de\nvid\u00e9oprotection - d\u00e9chetterie de Mallouet -\nGranville\nSous-pr\u00e9fecture d'Avranches - 50-2025-07-11-00002 - Arr\u00eat\u00e9 portant modification d'un syst\u00e8me de vid\u00e9oprotection - d\u00e9chetterie de\nMallouet - Granville 236\nSOUS-PREFECTURE D'AVRANCHES\nBureau des s\u00e9curit\u00e9s\nPolice administrative\nArr\u00eat\u00e9 n\u00b0 2025-127\nARR\u00caT\u00c9\nportant modification d'un syst\u00e8me de vid\u00e9oprotection\nd\u00e9chetterie de Mallouet - Granville\nLe Pr\u00e9fet de la Manche,\nChevalier de la L\u00e9gion d'Honneur\nChevalier de l'Ordre National du M\u00e9rite\nVu  le code de la s\u00e9curit\u00e9 int\u00e9rieure,  partie l\u00e9gislative,  notamment ses  articles\nL.251-1 \u00e0 L.255-1 et partie r\u00e9glementaire, notamment ses articles R.251-1 \u00e0 R.253-\n4 ;\nVu  l'arr\u00eat\u00e9 minist\u00e9riel du 3 ao\u00fbt 2007 portant d\u00e9finition des normes techniques\ndes syst\u00e8mes de vid\u00e9oprotection et ses annexes techniques ;\nVu l'arr\u00eat\u00e9 pr\u00e9fectoral n\u00b0 2023-23 VN du 21 ao\u00fbt 2023 donnant d\u00e9l\u00e9gation de\nsignature \u00e0 Monsieur Pierre CHAULEUR sous-pr\u00e9fet d'Avranches ;\nVu l'arr\u00eat\u00e9 pr\u00e9fectoral du 05 d\u00e9cembre 2016 portant autorisation d'un syst\u00e8me de\nvid\u00e9oprotection et renouvel\u00e9 le 8 juin 2022 ;\nVu la demande d\u00e9pos\u00e9e le 29 janvier 2025 par St\u00e9phane SORRE, Pr\u00e9sident de la\ncommunaut\u00e9  de  communes  Granville  Terre  et  Mer  en  vue  d'obtenir  la\nmodification  d'un  syst\u00e8me  autoris\u00e9  de  vid\u00e9oprotection  au  sein  de\nl'\u00e9tablissement D\u00e9chetterie de Mallouet route de Mallouet  50400 GRANVILLE ;\nVu le r\u00e9c\u00e9piss\u00e9 de d\u00e9p\u00f4t de cette demande d\u00e9livr\u00e9 le 2 juin 2025 ;\nVu l'avis de la commission d\u00e9partementale de vid\u00e9oprotection du 23 juin 2025 ;\nSur proposition du sous-pr\u00e9fet, directeur de cabinet du pr\u00e9fet de la Manche,\nARR\u00caTE\nArt. 1  : Monsieur St\u00e9phane SORRE, Pr\u00e9sident de la communaut\u00e9 de communes\nGranville Terre et Mer est autoris\u00e9, dans les conditions fix\u00e9es au pr\u00e9sent arr\u00eat\u00e9 et\npour  une  dur\u00e9e  de  cinq  ans renouvelable,  \u00e0  modifier  l'installation  de\nvid\u00e9oprotection  au  sein  de  l'\u00e9tablissement D\u00e9chetterie  de  Mallouet  route  de\nMallouet  50400 GRANVILLE , conform\u00e9ment au dossier  annex\u00e9 \u00e0 la demande\nenregistr\u00e9e sous le num\u00e9ro 2016/0156.\nArt.  2 : Cette  modification  intervient  sur  l'installation  de  vid\u00e9oprotection\npr\u00e9c\u00e9demment autoris\u00e9e par arr\u00eat\u00e9 pr\u00e9fectoral susvis\u00e9.\nSous-Pr\u00e9fecture Avranches - Place Daniel Huet - 50300 Avranches - T\u00e9l. : 02.14.14.32.40\nM\u00e9l. : sp-avranches@manche.gouv.fr\nHeures d'accueil du public : de 9 h 00 \u00e0 12 h 00 et de 13 h 00 \u00e0 16 h 00\nSous-pr\u00e9fecture d'Avranches - 50-2025-07-11-00002 - Arr\u00eat\u00e9 portant modification d'un syst\u00e8me de vid\u00e9oprotection - d\u00e9chetterie de\nMallouet - Granville 237\nArt. 3  : La modification porte sur l'ajout de  3 cam\u00e9ras ext\u00e9rieures . Le syst\u00e8me\ncomporte d\u00e9sormais 6 cam\u00e9ras ext\u00e9rieures.\nLa dur\u00e9e de conservation des images est fix\u00e9e \u00e0 25 jours au lieu de 30.\nLe droit d'acc\u00e8s aux images s'exercera aupr\u00e8s du responsable du service d\u00e9chets.\nArt. 4  : Monsieur St\u00e9phane SORRE , Pr\u00e9sident de la communaut\u00e9 de communes\nGranville Terre et Mer responsable de la mise en \u0153uvre du syst\u00e8me doit se porter\ngarant des personnes susceptibles d'intervenir dans l'exploitation ou le visionnage\ndes images, ainsi que dans la maintenance du syst\u00e8me mis en place. Des consignes\ntr\u00e8s pr\u00e9cises sur la confidentialit\u00e9 des images capt\u00e9es ou/et enregistr\u00e9es et des\natteintes \u00e0 la vie priv\u00e9e qu'elles peuvent \u00e9ventuellement impliquer sont donn\u00e9es \u00e0\ntoutes les personnes concern\u00e9es.\nArt. 5  : Toute modification pr\u00e9sentant un caract\u00e8re substantiel devra faire l'objet\nd'une  d\u00e9claration  aupr\u00e8s  des  services  pr\u00e9fectoraux,  notamment  changement\nd'activit\u00e9 dans  les  lieux prot\u00e9g\u00e9s,  changement dans  la configuration des  lieux,\nchangement affectant la protection des images.\nArt. 6 : Sans pr\u00e9judice des sanctions p\u00e9nales applicables, la pr\u00e9sente autorisation\npeut, apr\u00e8s que l'int\u00e9ress\u00e9 ait \u00e9t\u00e9 mis \u00e0 m\u00eame de pr\u00e9senter ses observations, \u00eatre\nretir\u00e9e en cas de manquement aux dispositions figurant aux articles L.251-2, L.251-\n3, L.252-1 \u00e0 L.252-6, L.253-1 \u00e0 L.253-5 et R.251-1 \u00e0 R.253-4 du code de la s\u00e9curit\u00e9\nint\u00e9rieure  susvis\u00e9  ou  encore  en  cas  de  modification  des  conditions  au  vu\ndesquelles cette autorisation a \u00e9t\u00e9 d\u00e9livr\u00e9e.\nArt. 7  : La pr\u00e9sente autorisation peut faire l'objet d'un recours devant le Tribunal\nAdministratif de Caen  dans un d\u00e9lai  de deux  mois \u00e0 compter de la date de sa\nnotification \u00e0 l'int\u00e9ress\u00e9.\nArt.  8 :  Le  syst\u00e8me  concern\u00e9  devra  faire  l'objet  d'une  nouvelle  autorisation\nadministrative pr\u00e9alable au terme du d\u00e9lai des cinq ans  : une nouvelle demande\ndevra  \u00eatre  d\u00e9pos\u00e9e  \u00e0  la  pr\u00e9fecture  soit  par  courrier,  soit  par  t\u00e9l\u00e9proc\u00e9dure\ndisponible  sur  le  site  \u00abvideoprotection.interieur.gouv.fr\u00bb, quatre  mois  avant\nl'\u00e9ch\u00e9ance de ce d\u00e9lai.\nArt. 9  : Les autres dispositions pr\u00e9vues par l'arr\u00eat\u00e9 pr\u00e9fectoral susvis\u00e9 demeurent\napplicables.\nArt.  10  :  Le  sous-pr\u00e9fet  d'Avranches,  St\u00e9phane  SORRE,  Pr\u00e9sident  de  la\ncommunaut\u00e9 de communes Granville Terre et Mer, le maire de GRANVILLE,  le\ndirecteur interd\u00e9partemental de la police nationale  sont charg\u00e9s, chacun en ce\nqui le concerne, de l'ex\u00e9cution du pr\u00e9sent arr\u00eat\u00e9 qui sera publi\u00e9 au recueil des\nactes administratifs de la pr\u00e9fecture de la Manche.\nAvranches, le 11 juillet 2025\nPour le pr\u00e9fet et par d\u00e9l\u00e9gation,\nLe sous-pr\u00e9fet d'Avranches,\nsign\u00e9\nPierre CHAULEUR\nSous-pr\u00e9fecture d'Avranches - 50-2025-07-11-00002 - Arr\u00eat\u00e9 portant modification d'un syst\u00e8me de vid\u00e9oprotection - d\u00e9chetterie de\nMallouet - Granville 238\nSous-pr\u00e9fecture d'Avranches\n50-2025-07-11-00003\nArr\u00eat\u00e9 portant modification d'un syst\u00e8me de\nvid\u00e9oprotection - Foyer des Jeunes Travailleurs -\nGranville\nSous-pr\u00e9fecture d'Avranches - 50-2025-07-11-00003 - Arr\u00eat\u00e9 portant modification d'un syst\u00e8me de vid\u00e9oprotection - Foyer des Jeunes\nTravailleurs - Granville 239\nSOUS-PREFECTURE D'AVRANCHES\nBureau des s\u00e9curit\u00e9s\nPolice administrative\nArr\u00eat\u00e9 n\u00b0 2025-128\nARR\u00caT\u00c9\nportant modification d'un syst\u00e8me de vid\u00e9oprotection\nFoyer des Jeunes Travailleurs - Granville\nLe Pr\u00e9fet de la Manche,\nChevalier de la L\u00e9gion d'Honneur\nChevalier de l'Ordre National du M\u00e9rite\nVu  le code de la s\u00e9curit\u00e9 int\u00e9rieure,  partie l\u00e9gislative,  notamment ses  articles\nL.251-1 \u00e0 L.255-1 et partie r\u00e9glementaire, notamment ses articles R.251-1 \u00e0 R.253-\n4 ;\nVu  l'arr\u00eat\u00e9 minist\u00e9riel du 3 ao\u00fbt 2007 portant d\u00e9finition des normes techniques\ndes syst\u00e8mes de vid\u00e9oprotection et ses annexes techniques ;\nVu l'arr\u00eat\u00e9 pr\u00e9fectoral n\u00b0 2023-23 VN du 21 ao\u00fbt 2023 donnant d\u00e9l\u00e9gation de\nsignature \u00e0 Monsieur Pierre CHAULEUR sous-pr\u00e9fet d'Avranches ;\nVu l'arr\u00eat\u00e9  pr\u00e9fectoral  du  05  avril  2023 portant  autorisation  d'un  syst\u00e8me  de\nvid\u00e9oprotection ;\nVu la demande d\u00e9pos\u00e9e le 04 juillet 2024 par Monsieur Gilles MENARD, maire de\nGranville  en  vue  d'obtenir  la  modification  d'un  syst\u00e8me  autoris\u00e9  de\nvid\u00e9oprotection  au  sein  de  l'\u00e9tablissement Foyer  des  Jeunes  Travailleurs  12\nPlace d'Armes  50400 GRANVILLE ;\nVu le r\u00e9c\u00e9piss\u00e9 de d\u00e9p\u00f4t de cette demande d\u00e9livr\u00e9 le 2 juin 2025 ;\nVu l'avis de la commission d\u00e9partementale de vid\u00e9oprotection du 23 juin 2025 ;\nARR\u00caTE\nArt.  1 : Monsieur  Gilles  MENARD,  maire  de  Granville est  autoris\u00e9 ,  dans  les\nconditions fix\u00e9es au pr\u00e9sent arr\u00eat\u00e9 et pour une dur\u00e9e de cinq ans renouvelable, \u00e0\nmodifier  l'installation  de  vid\u00e9oprotection  au  sein  de  l'\u00e9tablissement Foyer  des\nJeunes Travailleurs 12 Place d'Armes  50400 GRANVILLE, conform\u00e9ment au dossier\nannex\u00e9 \u00e0 la demande enregistr\u00e9e sous le num\u00e9ro 2023/0049.\nArt.  2 : Cette  modification  intervient  sur  l'installation  de  vid\u00e9oprotection\npr\u00e9c\u00e9demment autoris\u00e9e par arr\u00eat\u00e9 pr\u00e9fectoral susvis\u00e9.\nArt.  3 :  La  modification  porte  sur  l'ajout  de 1  cam\u00e9ra  ext\u00e9rieure.  Le  syst\u00e8me\ncomporte d\u00e9sormais 4 cam\u00e9ras int\u00e9rieures et 1 cam\u00e9ra ext\u00e9rieure.\nSous-Pr\u00e9fecture Avranches - Place Daniel Huet - 50300 Avranches - T\u00e9l. : 02.14.14.32.40\nM\u00e9l. : sp-avranches@manche.gouv.fr\nHeures d'accueil du public : de 9 h 00 \u00e0 12 h 00 et de 13 h 00 \u00e0 16 h 00\nSous-pr\u00e9fecture d'Avranches - 50-2025-07-11-00003 - Arr\u00eat\u00e9 portant modification d'un syst\u00e8me de vid\u00e9oprotection - Foyer des Jeunes\nTravailleurs - Granville 240\nLa dur\u00e9e de conservation des images est fix\u00e9e \u00e0 30 jours.\nLe droit d'acc\u00e8s aux images s'exercera aupr\u00e8s du maire.\nArt. 4  : Monsieur Gilles MENARD , maire de Granville responsable de la mise en\n\u0153uvre du syst\u00e8me doit se porter garant des personnes susceptibles d'intervenir\ndans l'exploitation ou le visionnage des images, ainsi que dans la maintenance du\nsyst\u00e8me mis en place. Des consignes tr\u00e8s pr\u00e9cises sur la confidentialit\u00e9 des images\ncapt\u00e9es  ou/et  enregistr\u00e9es  et  des  atteintes  \u00e0  la  vie  priv\u00e9e  qu'elles  peuvent\n\u00e9ventuellement impliquer sont donn\u00e9es \u00e0 toutes les personnes concern\u00e9es.\nArt. 5  : Toute modification pr\u00e9sentant un caract\u00e8re substantiel devra faire l'objet\nd'une  d\u00e9claration  aupr\u00e8s  des  services  pr\u00e9fectoraux,  notamment  changement\nd'activit\u00e9 dans  les  lieux prot\u00e9g\u00e9s,  changement dans  la configuration des  lieux,\nchangement affectant la protection des images.\nArt. 6 : Sans pr\u00e9judice des sanctions p\u00e9nales applicables, la pr\u00e9sente autorisation\npeut, apr\u00e8s que l'int\u00e9ress\u00e9 ait \u00e9t\u00e9 mis \u00e0 m\u00eame de pr\u00e9senter ses observations, \u00eatre\nretir\u00e9e en cas de manquement aux dispositions figurant aux articles L.251-2, L.251-\n3, L.252-1 \u00e0 L.252-6, L.253-1 \u00e0 L.253-5 et R.251-1 \u00e0 R.253-4 du code de la s\u00e9curit\u00e9\nint\u00e9rieure  susvis\u00e9  ou  encore  en  cas  de  modification  des  conditions  au  vu\ndesquelles cette autorisation a \u00e9t\u00e9 d\u00e9livr\u00e9e.\nArt. 7  : La pr\u00e9sente autorisation peut faire l'objet d'un recours devant le Tribunal\nAdministratif de Caen  dans un d\u00e9lai  de deux  mois \u00e0 compter de la date de sa\nnotification \u00e0 l'int\u00e9ress\u00e9.\nArt.  8 :  Le  syst\u00e8me  concern\u00e9  devra  faire  l'objet  d'une  nouvelle  autorisation\nadministrative pr\u00e9alable au terme du d\u00e9lai des cinq ans  : une nouvelle demande\ndevra  \u00eatre  d\u00e9pos\u00e9e  \u00e0  la  pr\u00e9fecture  soit  par  courrier,  soit  par  t\u00e9l\u00e9proc\u00e9dure\ndisponible  sur  le  site  \u00abvideoprotection.interieur.gouv.fr\u00bb, quatre  mois  avant\nl'\u00e9ch\u00e9ance de ce d\u00e9lai.\nArt. 9  : Les autres dispositions pr\u00e9vues par l'arr\u00eat\u00e9 pr\u00e9fectoral susvis\u00e9 demeurent\napplicables.\nArt.  10 :  Le  sous-pr\u00e9fet  d'Avranches,  le  maire  de  GRANVILLE,  le  directeur\ninterd\u00e9partemental  de  la  police  nationale sont  charg\u00e9s,  chacun  en  ce  qui  le\nconcerne, de l'ex\u00e9cution du pr\u00e9sent arr\u00eat\u00e9 qui sera publi\u00e9 au recueil des actes\nadministratifs de la pr\u00e9fecture de la Manche.\nAvranches, le 11 juillet 2025\nPour le pr\u00e9fet et par d\u00e9l\u00e9gation,\nLe sous-pr\u00e9fet d'Avranches,\nsign\u00e9\nPierre CHAULEUR\nSous-pr\u00e9fecture d'Avranches - 50-2025-07-11-00003 - Arr\u00eat\u00e9 portant modification d'un syst\u00e8me de vid\u00e9oprotection - Foyer des Jeunes\nTravailleurs - Granville 241\nSous-pr\u00e9fecture d'Avranches\n50-2025-07-11-00004\nArr\u00eat\u00e9 portant modification d'un syst\u00e8me de\nvid\u00e9oprotection - Parking Gambetta Fontaine -\nCherbourg-en-Cotentin\nSous-pr\u00e9fecture d'Avranches - 50-2025-07-11-00004 - Arr\u00eat\u00e9 portant modification d'un syst\u00e8me de vid\u00e9oprotection - Parking\nGambetta Fontaine - Cherbourg-en-Cotentin 242\nSOUS-PREFECTURE D'AVRANCHES\nBureau des s\u00e9curit\u00e9s\nPolice administrative\nArr\u00eat\u00e9 n\u00b0 2025-121\nARR\u00caT\u00c9\nportant modification d'un syst\u00e8me de vid\u00e9oprotection\nParking Gambetta Fontaine - Cherbourg-en-Cotentin\nLe Pr\u00e9fet de la Manche,\nChevalier de la L\u00e9gion d'Honneur\nChevalier de l'Ordre National du M\u00e9rite\nVu le code de la s\u00e9curit\u00e9 int\u00e9rieure, partie l\u00e9gislative, notamment ses articles L.251-1 \u00e0\nL.255-1 et partie r\u00e9glementaire, notamment ses articles R.251-1 \u00e0 R.253-4 ;\nVu l'arr\u00eat\u00e9 minist\u00e9riel du 3 ao\u00fbt 2007 portant d\u00e9finition des normes techniques des\nsyst\u00e8mes de vid\u00e9oprotection et ses annexes techniques ;\nVu l'arr\u00eat\u00e9  pr\u00e9fectoral  n\u00b0  2023-23  VN  du  21  ao\u00fbt  2023  donnant  d\u00e9l\u00e9gation  de\nsignature \u00e0 Monsieur Pierre CHAULEUR sous-pr\u00e9fet d'Avranches ;\nVu l'arr\u00eat\u00e9  pr\u00e9fectoral  du  23  f\u00e9vrier  2011 portant  autorisation  d'un  syst\u00e8me  de\nvid\u00e9oprotection et modifi\u00e9 le 28 juillet 2016 ;\nVu  la demande d\u00e9pos\u00e9e le 30 janvier 2025 par Monsieur Beno\u00eet ARRIVE, maire de\nCherbourg-en-Cotentin en vue d'obtenir la modification d'un syst\u00e8me autoris\u00e9 de\nvid\u00e9oprotection au sein de l'\u00e9tablissement  Parking Gambetta Ville de Cherbourg-\nen-Cotentin 8  parking Gambetta Fontaine  50100 CHERBOURG-EN-COTENTIN  ;\nVu le r\u00e9c\u00e9piss\u00e9 de d\u00e9p\u00f4t de cette demande d\u00e9livr\u00e9 le 6 juin 2025 ;\nVu l'avis de la commission d\u00e9partementale de vid\u00e9oprotection du 23 juin 2025 ;\nARR\u00caTE\nArt. 1  : Monsieur Beno\u00eet ARRIVE, maire de Cherbourg-en-Cotentin  est autoris\u00e9 , dans\nles conditions fix\u00e9es au pr\u00e9sent arr\u00eat\u00e9 et pour une dur\u00e9e de cinq ans renouvelable, \u00e0\nmodifier l'installation de vid\u00e9oprotection au sein de l'\u00e9tablissement Parking Gambetta\nVille de Cherbourg-en-Cotentin 8  parking Gambetta Fontaine  50100 CHERBOURG-\nEN-COTENTIN, conform\u00e9ment au dossier annex\u00e9 \u00e0 la demande enregistr\u00e9e sous le\nnum\u00e9ro 2010/0111.\nArt.  2  : Cette  modification  intervient  sur  l'installation  de  vid\u00e9oprotection\npr\u00e9c\u00e9demment autoris\u00e9e par arr\u00eat\u00e9 pr\u00e9fectoral susvis\u00e9.\nArt. 3  : La modification porte sur le retrait de  4 cam\u00e9ras int\u00e9rieures et l'ajout de 15\ncam\u00e9ras ext\u00e9rieures . Le syst\u00e8me comporte d\u00e9sormais  21 cam\u00e9ras int\u00e9rieures et  15\ncam\u00e9ras ext\u00e9rieures.\nSous-Pr\u00e9fecture Avranches - Place Daniel Huet - 50300 Avranches - T\u00e9l. : 02.14.14.32.40\nM\u00e9l. : sp-avranches@manche.gouv.fr\nHeures d'accueil du public : de 9 h 00 \u00e0 12 h 00 et de 13 h 00 \u00e0 16 h 00\nSous-pr\u00e9fecture d'Avranches - 50-2025-07-11-00004 - Arr\u00eat\u00e9 portant modification d'un syst\u00e8me de vid\u00e9oprotection - Parking\nGambetta Fontaine - Cherbourg-en-Cotentin 243\nLa dur\u00e9e de conservation des images est fix\u00e9e \u00e0 29 jours.\nLe droit d'acc\u00e8s aux images s'exercera aupr\u00e8s du chef de service.\nArt. 4  : Monsieur Beno\u00eet ARRIVE , maire de Cherbourg-en-Cotentin responsable de la\nmise  en  \u0153uvre  du  syst\u00e8me  doit  se  porter  garant  des  personnes  susceptibles\nd'intervenir  dans  l'exploitation  ou  le  visionnage  des  images,  ainsi  que  dans  la\nmaintenance  du  syst\u00e8me  mis  en  place.  Des  consignes  tr\u00e8s  pr\u00e9cises  sur  la\nconfidentialit\u00e9 des images capt\u00e9es ou/et enregistr\u00e9es et des atteintes \u00e0 la vie priv\u00e9e\nqu'elles  peuvent  \u00e9ventuellement  impliquer  sont  donn\u00e9es  \u00e0  toutes  les  personnes\nconcern\u00e9es.\nArt.  5 :  Toute modification pr\u00e9sentant  un  caract\u00e8re  substantiel  devra  faire l'objet\nd'une  d\u00e9claration  aupr\u00e8s  des  services  pr\u00e9fectoraux,  notamment  changement\nd'activit\u00e9  dans  les  lieux  prot\u00e9g\u00e9s,  changement  dans  la  configuration  des  lieux,\nchangement affectant la protection des images.\nArt.  6 :  Sans  pr\u00e9judice  des  sanctions  p\u00e9nales  applicables,  la pr\u00e9sente  autorisation\npeut, apr\u00e8s que l'int\u00e9ress\u00e9 ait \u00e9t\u00e9 mis \u00e0 m\u00eame de pr\u00e9senter ses observations, \u00eatre\nretir\u00e9e en cas de manquement aux dispositions figurant aux articles L.251-2, L.251-3,\nL.252-1 \u00e0 L.252-6, L.253-1 \u00e0 L.253-5 et R.251-1 \u00e0 R.253-4 du code de la s\u00e9curit\u00e9 int\u00e9rieure\nsusvis\u00e9  ou  encore  en  cas  de  modification  des  conditions  au  vu  desquelles  cette\nautorisation a \u00e9t\u00e9 d\u00e9livr\u00e9e.\nArt. 7  : La pr\u00e9sente autorisation peut faire l'objet d'un  recours devant le  Tribunal\nAdministratif  de  Caen dans  un  d\u00e9lai  de  deux mois \u00e0  compter  de  la  date  de  sa\nnotification \u00e0 l'int\u00e9ress\u00e9.\nArt.  8 :  Le  syst\u00e8me  concern\u00e9  devra  faire  l'objet  d'une  nouvelle  autorisation\nadministrative pr\u00e9alable au terme du d\u00e9lai des cinq ans : une nouvelle demande devra\n\u00eatre d\u00e9pos\u00e9e \u00e0 la pr\u00e9fecture soit par courrier, soit par t\u00e9l\u00e9proc\u00e9dure disponible sur le\nsite \u00abvideoprotection.interieur.gouv.fr\u00bb, quatre mois avant l'\u00e9ch\u00e9ance de ce d\u00e9lai.\nArt.  9 :  Les  autres  dispositions  pr\u00e9vues  par  l'arr\u00eat\u00e9  pr\u00e9fectoral  susvis\u00e9  demeurent\napplicables.\nArt.  10 :  Le sous-pr\u00e9fet de Cherbourg,  le maire de CHERBOURG-EN-COTENTIN,  le\ndirecteur interd\u00e9partemental de la police nationale  sont charg\u00e9s, chacun en ce qui le\nconcerne,  de  l'ex\u00e9cution  du  pr\u00e9sent  arr\u00eat\u00e9  qui  sera  publi\u00e9  au  recueil  des  actes\nadministratifs de la pr\u00e9fecture de la Manche.\nAvranches, le 11 juillet 2025\nPour le pr\u00e9fet et par d\u00e9l\u00e9gation,\nLe sous-pr\u00e9fet d'Avranches,\nsign\u00e9\nPierre CHAULEUR\nCopie pour information au sous-pr\u00e9fet d'arrondissement.\nSous-pr\u00e9fecture d'Avranches - 50-2025-07-11-00004 - Arr\u00eat\u00e9 portant modification d'un syst\u00e8me de vid\u00e9oprotection - Parking\nGambetta Fontaine - Cherbourg-en-Cotentin 244\nSous-pr\u00e9fecture d'Avranches\n50-2025-07-09-00006\nArr\u00eat\u00e9 portant renouvellement d'un syst\u00e8me de\nvid\u00e9oprotection - Action France -\nCherbourg-en-Cotentin\nSous-pr\u00e9fecture d'Avranches - 50-2025-07-09-00006 - Arr\u00eat\u00e9 portant renouvellement d'un syst\u00e8me de vid\u00e9oprotection - Action France\n- Cherbourg-en-Cotentin 245\nSOUS-PREFECTURE D'AVRANCHES\nBureau des s\u00e9curit\u00e9s\nPolice administrative\nArr\u00eat\u00e9 n\u00b0 2025-117\nARR\u00caT\u00c9\nportant renouvellement d'un syst\u00e8me de vid\u00e9oprotection\nAction France - Cherbourg-en-Cotentin\nLe Pr\u00e9fet de la Manche,\nChevalier de la L\u00e9gion d'Honneur\nChevalier de l'Ordre National du M\u00e9rite\nVu  le code de la s\u00e9curit\u00e9 int\u00e9rieure,  partie l\u00e9gislative,  notamment ses  articles\nL.251-1 \u00e0 L.255-1 et partie r\u00e9glementaire, notamment ses articles R.251-1 \u00e0 R.253-\n4 ;\nVu  l'arr\u00eat\u00e9 minist\u00e9riel du 3 ao\u00fbt 2007 portant d\u00e9finition des normes techniques\ndes syst\u00e8mes de vid\u00e9oprotection et ses annexes techniques ;\nVu l'arr\u00eat\u00e9 pr\u00e9fectoral n\u00b0 2023-23 VN du 21 ao\u00fbt 2023 donnant d\u00e9l\u00e9gation de\nsignature \u00e0 Monsieur Pierre CHAULEUR sous-pr\u00e9fet d'Avranches ;\nVu l'arr\u00eat\u00e9  pr\u00e9fectoral  du  21  ao\u00fbt  2015  portant  autorisation  d'un  syst\u00e8me  de\nvid\u00e9oprotection et modifi\u00e9 le 23 juin 2020 ;\nVu la demande d\u00e9pos\u00e9e le 18 f\u00e9vrier 2025 par Monsieur WOUTER DE BACKER, en\nvue d'obtenir le renouvellement d'un syst\u00e8me autoris\u00e9 de vid\u00e9oprotection au\nsein de l'\u00e9tablissement  ACTION FRANCE SAS 62 avenue de l'amiral Lemonnier\n50100 CHERBOURG-EN-COTENTIN ;\nVu le r\u00e9c\u00e9piss\u00e9 de d\u00e9p\u00f4t de cette demande d\u00e9livr\u00e9 le 2 juin 2025 ;\nVu l'avis de la commission d\u00e9partementale de vid\u00e9oprotection du 23 juin 2025 ;\nARR\u00caTE\nArt.  1 :  L'autorisation,  pr\u00e9c\u00e9demment  accord\u00e9e,  pour  installer 14  cam\u00e9ras\nint\u00e9rieures permettant une dur\u00e9e de conservation des images \u00e0 30 jours au sein\nde l'\u00e9tablissement ACTION FRANCE SAS 62 avenue de l'amiral Lemonnier  50100\nCHERBOURG-EN-COTENTIN, par arr\u00eat\u00e9 pr\u00e9fectoral du 21 ao\u00fbt 2015, \u00e0 Monsieur\nWOUTER DE BACKER, est reconduite, pour une dur\u00e9e de cinq ans  renouvelable,\nconform\u00e9ment au dossier pr\u00e9sent\u00e9 et annex\u00e9 \u00e0 la demande enregistr\u00e9e sous le\nnum\u00e9ro 2015/0154.\nSous-Pr\u00e9fecture Avranches - Place Daniel Huet - 50300 Avranches - T\u00e9l. : 02.14.14.32.40\nM\u00e9l. : sp-avranches@manche.gouv.fr\nHeures d'accueil du public : de 9 h 00 \u00e0 12 h 00 et de 13 h 00 \u00e0 16 h 00\nSous-pr\u00e9fecture d'Avranches - 50-2025-07-09-00006 - Arr\u00eat\u00e9 portant renouvellement d'un syst\u00e8me de vid\u00e9oprotection - Action France\n- Cherbourg-en-Cotentin 246\nArt.  2 : Les  dispositions  pr\u00e9vues  par  l'arr\u00eat\u00e9  du  21  ao\u00fbt  2015  demeurent\napplicables.\nArt.  3 : Monsieur WOUTER  DE BACKER,  responsable de la mise en \u0153uvre du\nsyst\u00e8me  doit  se  porter  garant  des  personnes  susceptibles  d'intervenir  dans\nl'exploitation  ou  le  visionnage  des  images,  ainsi  que  dans  la  maintenance  du\nsyst\u00e8me mis en place. Des consignes tr\u00e8s pr\u00e9cises sur la confidentialit\u00e9 des images\ncapt\u00e9es  ou/et  enregistr\u00e9es  et  des  atteintes  \u00e0  la  vie  priv\u00e9e  qu'elles  peuvent\n\u00e9ventuellement impliquer sont donn\u00e9es \u00e0 toutes les personnes concern\u00e9es.\nArt. 4  : Toute modification pr\u00e9sentant un caract\u00e8re substantiel devra faire l'objet\nd'une  d\u00e9claration  aupr\u00e8s  des  services  pr\u00e9fectoraux,  notamment  changement\nd'activit\u00e9 dans  les  lieux prot\u00e9g\u00e9s,  changement dans  la configuration des  lieux,\nchangement affectant la protection des images.\nArt. 5 : Sans pr\u00e9judice des sanctions p\u00e9nales applicables, la pr\u00e9sente autorisation\npeut, apr\u00e8s que l'int\u00e9ress\u00e9 ait \u00e9t\u00e9 mis \u00e0 m\u00eame de pr\u00e9senter ses observations, \u00eatre\nretir\u00e9e en cas de manquement aux dispositions figurant aux articles L.251-2, L.251-\n3, L.252-1 \u00e0 L.252-6, L.253-1 \u00e0 L.253-5 et R.251-1 \u00e0 R.253-4 du code de la s\u00e9curit\u00e9\nint\u00e9rieure  susvis\u00e9  ou  encore  en  cas  de  modification  des  conditions  au  vu\ndesquelles cette autorisation a \u00e9t\u00e9 d\u00e9livr\u00e9e.\nArt. 6  : La pr\u00e9sente autorisation peut faire l'objet d'un recours devant le Tribunal\nAdministratif de Caen  dans un d\u00e9lai  de deux  mois \u00e0 compter de la date de sa\nnotification \u00e0 l'int\u00e9ress\u00e9.\nArt.  7 :  Le  syst\u00e8me  concern\u00e9  devra  faire  l'objet  d'une  nouvelle  autorisation\nadministrative pr\u00e9alable au terme du d\u00e9lai des cinq ans  : une nouvelle demande\ndevra  \u00eatre  d\u00e9pos\u00e9e  \u00e0  la  pr\u00e9fecture  soit  par  courrier,  soit  par  t\u00e9l\u00e9proc\u00e9dure\ndisponible  sur  le  site  \u00abvideoprotection.interieur.gouv.fr\u00bb, quatre  mois  avant\nl'\u00e9ch\u00e9ance de ce d\u00e9lai.\nArt. 8 : Le sous-pr\u00e9fet de Cherbourg,  Monsieur WOUTER DE BACKER, le maire de\nCHERBOURG-EN-COTENTIN,  le  directeur  interd\u00e9partemental  de  la  police\nnationale sont charg\u00e9s, chacun en ce qui le concerne, de l'ex\u00e9cution du pr\u00e9sent\narr\u00eat\u00e9 qui sera publi\u00e9 au recueil des actes administratifs de la pr\u00e9fecture de la\nManche.\nAvranches, le 9 juillet 2025\nPour le pr\u00e9fet et par d\u00e9l\u00e9gation,\nLe sous-pr\u00e9fet d'Avranches,\nsign\u00e9\nPierre CHAULEUR\nCopie pour information au sous-pr\u00e9fet d'arrondissement.\nSous-pr\u00e9fecture d'Avranches - 50-2025-07-09-00006 - Arr\u00eat\u00e9 portant renouvellement d'un syst\u00e8me de vid\u00e9oprotection - Action France\n- Cherbourg-en-Cotentin 247\nSous-pr\u00e9fecture d'Avranches\n50-2025-07-09-00005\nArr\u00eat\u00e9 portant renouvellement d'un syst\u00e8me de\nvid\u00e9oprotection - Action France -\nSaint-Martin-des-Champs - Avranches\nSous-pr\u00e9fecture d'Avranches - 50-2025-07-09-00005 - Arr\u00eat\u00e9 portant renouvellement d'un syst\u00e8me de vid\u00e9oprotection - Action France\n- Saint-Martin-des-Champs - Avranches 248\nSOUS-PREFECTURE D'AVRANCHES\nBureau des s\u00e9curit\u00e9s\nPolice administrative\nArr\u00eat\u00e9 n\u00b0 2015-116\nARR\u00caT\u00c9\nportant renouvellement d'un syst\u00e8me de vid\u00e9oprotection\nAction France \u2013 Saint-Martin-des-Champs - Avranches\nLe Pr\u00e9fet de la Manche,\nChevalier de la L\u00e9gion d'Honneur\nChevalier de l'Ordre National du M\u00e9rite\nVu  le code de la s\u00e9curit\u00e9 int\u00e9rieure,  partie l\u00e9gislative,  notamment ses  articles\nL.251-1 \u00e0 L.255-1 et partie r\u00e9glementaire, notamment ses articles R.251-1 \u00e0 R.253-\n4 ;\nVu  l'arr\u00eat\u00e9 minist\u00e9riel du 3 ao\u00fbt 2007 portant d\u00e9finition des normes techniques\ndes syst\u00e8mes de vid\u00e9oprotection et ses annexes techniques ;\nVu l'arr\u00eat\u00e9 pr\u00e9fectoral n\u00b0 2023-23 VN du 21 ao\u00fbt 2023 donnant d\u00e9l\u00e9gation de\nsignature \u00e0 Monsieur Pierre CHAULEUR sous-pr\u00e9fet d'Avranches ;\nVu l'arr\u00eat\u00e9  pr\u00e9fectoral  du  21  ao\u00fbt  2015  portant  autorisation  d'un  syst\u00e8me  de\nvid\u00e9oprotection et modifi\u00e9 le 23 juin 2020 ;\nVu la demande d\u00e9pos\u00e9e le 18 f\u00e9vrier 2025 par Monsieur WOUTER DE BACKER, en\nvue d'obtenir le renouvellement d'un syst\u00e8me autoris\u00e9 de vid\u00e9oprotection au\nsein de l'\u00e9tablissement  ACTION FRANCE SAS  ZAC de la Baie Saint-Martin-des-\nChamps 50300 AVRANCHES ;\nVu le r\u00e9c\u00e9piss\u00e9 de d\u00e9p\u00f4t de cette demande d\u00e9livr\u00e9 le 2 juin 2025 ;\nVu l'avis de la commission d\u00e9partementale de vid\u00e9oprotection du 23 juin 2025 ;\nARR\u00caTE\nArt.  1 :  L'autorisation,  pr\u00e9c\u00e9demment  accord\u00e9e,  pour  installer 14  cam\u00e9ras\nint\u00e9rieures permettant une dur\u00e9e de conservation des images \u00e0 30 jours au sein\nde  l'\u00e9tablissement ACTION  FRANCE  SAS   ZAC  de  la  Baie  Saint-Martin-des-\nChamps 50300 AVRANCHES,  par arr\u00eat\u00e9 pr\u00e9fectoral du 21 ao\u00fbt 2015, \u00e0 Monsieur\nWOUTER DE BACKER, est reconduite, pour une dur\u00e9e de cinq ans  renouvelable,\nSous-Pr\u00e9fecture Avranches - Place Daniel Huet - 50300 Avranches - T\u00e9l. : 02.14.14.32.40\nM\u00e9l. : sp-avranches@manche.gouv.fr\nHeures d'accueil du public : de 9 h 00 \u00e0 12 h 00 et de 13 h 00 \u00e0 16 h 00\nSous-pr\u00e9fecture d'Avranches - 50-2025-07-09-00005 - Arr\u00eat\u00e9 portant renouvellement d'un syst\u00e8me de vid\u00e9oprotection - Action France\n- Saint-Martin-des-Champs - Avranches 249\nconform\u00e9ment au dossier pr\u00e9sent\u00e9 et annex\u00e9 \u00e0 la demande enregistr\u00e9e sous le\nnum\u00e9ro 2015/0132.\nArt.  2 : Les  dispositions  pr\u00e9vues  par  l'arr\u00eat\u00e9  du  21  ao\u00fbt  2015  demeurent\napplicables.\nArt.  3 : Monsieur WOUTER  DE BACKER,  responsable de la mise en \u0153uvre du\nsyst\u00e8me  doit  se  porter  garant  des  personnes  susceptibles  d'intervenir  dans\nl'exploitation  ou  le  visionnage  des  images,  ainsi  que  dans  la  maintenance  du\nsyst\u00e8me mis en place. Des consignes tr\u00e8s pr\u00e9cises sur la confidentialit\u00e9 des images\ncapt\u00e9es  ou/et  enregistr\u00e9es  et  des  atteintes  \u00e0  la  vie  priv\u00e9e  qu'elles  peuvent\n\u00e9ventuellement impliquer sont donn\u00e9es \u00e0 toutes les personnes concern\u00e9es.\nArt. 4  : Toute modification pr\u00e9sentant un caract\u00e8re substantiel devra faire l'objet\nd'une  d\u00e9claration  aupr\u00e8s  des  services  pr\u00e9fectoraux,  notamment  changement\nd'activit\u00e9 dans  les  lieux prot\u00e9g\u00e9s,  changement dans  la configuration des  lieux,\nchangement affectant la protection des images.\nArt. 5 : Sans pr\u00e9judice des sanctions p\u00e9nales applicables, la pr\u00e9sente autorisation\npeut, apr\u00e8s que l'int\u00e9ress\u00e9 ait \u00e9t\u00e9 mis \u00e0 m\u00eame de pr\u00e9senter ses observations, \u00eatre\nretir\u00e9e en cas de manquement aux dispositions figurant aux articles L.251-2, L.251-\n3, L.252-1 \u00e0 L.252-6, L.253-1 \u00e0 L.253-5 et R.251-1 \u00e0 R.253-4 du code de la s\u00e9curit\u00e9\nint\u00e9rieure  susvis\u00e9  ou  encore  en  cas  de  modification  des  conditions  au  vu\ndesquelles cette autorisation a \u00e9t\u00e9 d\u00e9livr\u00e9e.\nArt. 6  : La pr\u00e9sente autorisation peut faire l'objet d'un recours devant le Tribunal\nAdministratif de Caen  dans un d\u00e9lai  de deux  mois \u00e0 compter de la date de sa\nnotification \u00e0 l'int\u00e9ress\u00e9.\nArt.  7 :  Le  syst\u00e8me  concern\u00e9  devra  faire  l'objet  d'une  nouvelle  autorisation\nadministrative pr\u00e9alable au terme du d\u00e9lai des cinq ans  : une nouvelle demande\ndevra  \u00eatre  d\u00e9pos\u00e9e  \u00e0  la  pr\u00e9fecture  soit  par  courrier,  soit  par  t\u00e9l\u00e9proc\u00e9dure\ndisponible  sur  le  site  \u00abvideoprotection.interieur.gouv.fr\u00bb, quatre  mois  avant\nl'\u00e9ch\u00e9ance de ce d\u00e9lai.\nArt. 8  : Le sous-pr\u00e9fet d'Avranches, Monsieur WOUTER DE BACKER, le maire de\nAVRANCHES, le commandant du groupement de gendarmerie d\u00e9partementale\nsont charg\u00e9s, chacun en ce qui le concerne, de l'ex\u00e9cution du pr\u00e9sent arr\u00eat\u00e9 qui\nsera publi\u00e9 au recueil des actes administratifs de la pr\u00e9fecture de la Manche.\nAvranches, le 9 juillet 2025\nPour le pr\u00e9fet et par d\u00e9l\u00e9gation,\nLe sous-pr\u00e9fet d'Avranches,\nsign\u00e9\nPierre CHAULEUR\nSous-pr\u00e9fecture d'Avranches - 50-2025-07-09-00005 - Arr\u00eat\u00e9 portant renouvellement d'un syst\u00e8me de vid\u00e9oprotection - Action France\n- Saint-Martin-des-Champs - Avranches 250\nSous-pr\u00e9fecture d'Avranches\n50-2025-07-09-00004\nArr\u00eat\u00e9 portant renouvellement d'un syst\u00e8me de\nvid\u00e9oprotection - CIC -Saint-L\u00f4\nSous-pr\u00e9fecture d'Avranches - 50-2025-07-09-00004 - Arr\u00eat\u00e9 portant renouvellement d'un syst\u00e8me de vid\u00e9oprotection - CIC -Saint-L\u00f4 251\nSOUS-PREFECTURE D'AVRANCHES\nBureau des s\u00e9curit\u00e9s\nPolice administrative\nArr\u00eat\u00e9 n\u00b0 2025-115\nARR\u00caT\u00c9\nportant renouvellement d'un syst\u00e8me de vid\u00e9oprotection\nCIC - Saint-L\u00f4\nLe Pr\u00e9fet de la Manche,\nChevalier de la L\u00e9gion d'Honneur\nChevalier de l'Ordre National du M\u00e9rite\nVu  le code de la s\u00e9curit\u00e9 int\u00e9rieure,  partie l\u00e9gislative,  notamment ses  articles\nL.251-1 \u00e0 L.255-1 et partie r\u00e9glementaire, notamment ses articles R.251-1 \u00e0 R.253-\n4 ;\nVu  l'arr\u00eat\u00e9 minist\u00e9riel du 3 ao\u00fbt 2007 portant d\u00e9finition des normes techniques\ndes syst\u00e8mes de vid\u00e9oprotection et ses annexes techniques ;\nVu l'arr\u00eat\u00e9 pr\u00e9fectoral n\u00b0 2023-23 VN du 21 ao\u00fbt 2023 donnant d\u00e9l\u00e9gation de\nsignature \u00e0 Monsieur Pierre CHAULEUR sous-pr\u00e9fet d'Avranches ;\nVu l'arr\u00eat\u00e9  pr\u00e9fectoral  du  23  avril  2014  portant  autorisation  d'un  syst\u00e8me  de\nvid\u00e9oprotection, modifi\u00e9 le 21 ao\u00fbt 2015 et modifi\u00e9 le 21 juin 2020 ;\nVu  la  demande  d\u00e9pos\u00e9e  le  11  f\u00e9vrier  2025  par  le  charg\u00e9  de  s\u00e9curit\u00e9,  en  vue\nd'obtenir le renouvellement d'un syst\u00e8me autoris\u00e9 de vid\u00e9oprotection au sein\nde l'\u00e9tablissement  CIC NORD OUEST ST LO 1 rue du Neufbourg  50000 SAINT-\nLO ;\nVu le r\u00e9c\u00e9piss\u00e9 de d\u00e9p\u00f4t de cette demande d\u00e9livr\u00e9 le 2 juin 2025 ;\nVu l'avis de la commission d\u00e9partementale de vid\u00e9oprotection du 23 juin 2025 ;\nARR\u00caTE\nArt.  1 :  L'autorisation,  pr\u00e9c\u00e9demment  accord\u00e9e,  pour  installer 9  cam\u00e9ras\nint\u00e9rieures et 1 cam\u00e9ra ext\u00e9rieure  permettant  une  dur\u00e9e de conservation  des\nimages \u00e0  30 jours  au sein de l'\u00e9tablissement  CIC NORD OUEST ST LO 1 rue du\nNeufbourg  50000 SAINT-LO, par arr\u00eat\u00e9 pr\u00e9fectoral du 23 avril 2014, au charg\u00e9 de\ns\u00e9curit\u00e9, est reconduite, pour une dur\u00e9e de cinq ans renouvelable, conform\u00e9ment\nau dossier pr\u00e9sent\u00e9 et annex\u00e9 \u00e0 la demande enregistr\u00e9e sous le num\u00e9ro 2014/0003.\nSous-Pr\u00e9fecture Avranches - Place Daniel Huet - 50300 Avranches - T\u00e9l. : 02.14.14.32.40\nM\u00e9l. : sp-avranches@manche.gouv.fr\nHeures d'accueil du public : de 9 h 00 \u00e0 12 h 00 et de 13 h 00 \u00e0 16 h 00\nSous-pr\u00e9fecture d'Avranches - 50-2025-07-09-00004 - Arr\u00eat\u00e9 portant renouvellement d'un syst\u00e8me de vid\u00e9oprotection - CIC -Saint-L\u00f4 252\nArt.  2 : Les  dispositions  pr\u00e9vues  par  l'arr\u00eat\u00e9  du  23  avril  2014  demeurent\napplicables.\nArt. 3  :  Le Charg\u00e9 de s\u00e9curit\u00e9,  responsable de la mise en \u0153uvre du syst\u00e8me doit\nse porter garant des personnes susceptibles d'intervenir dans l'exploitation ou le\nvisionnage des images, ainsi que dans la maintenance du syst\u00e8me mis en place.\nDes  consignes  tr\u00e8s  pr\u00e9cises  sur  la  confidentialit\u00e9  des  images  capt\u00e9es  ou/et\nenregistr\u00e9es  et  des  atteintes  \u00e0  la  vie  priv\u00e9e  qu'elles  peuvent  \u00e9ventuellement\nimpliquer sont donn\u00e9es \u00e0 toutes les personnes concern\u00e9es.\nArt. 4  : Toute modification pr\u00e9sentant un caract\u00e8re substantiel devra faire l'objet\nd'une  d\u00e9claration  aupr\u00e8s  des  services  pr\u00e9fectoraux,  notamment  changement\nd'activit\u00e9 dans  les  lieux prot\u00e9g\u00e9s,  changement dans  la configuration des  lieux,\nchangement affectant la protection des images.\nArt. 5 : Sans pr\u00e9judice des sanctions p\u00e9nales applicables, la pr\u00e9sente autorisation\npeut, apr\u00e8s que l'int\u00e9ress\u00e9 ait \u00e9t\u00e9 mis \u00e0 m\u00eame de pr\u00e9senter ses observations, \u00eatre\nretir\u00e9e en cas de manquement aux dispositions figurant aux articles L.251-2, L.251-\n3, L.252-1 \u00e0 L.252-6, L.253-1 \u00e0 L.253-5 et R.251-1 \u00e0 R.253-4 du code de la s\u00e9curit\u00e9\nint\u00e9rieure  susvis\u00e9  ou  encore  en  cas  de  modification  des  conditions  au  vu\ndesquelles cette autorisation a \u00e9t\u00e9 d\u00e9livr\u00e9e.\nArt. 6  : La pr\u00e9sente autorisation peut faire l'objet d'un recours devant le Tribunal\nAdministratif de Caen  dans un d\u00e9lai  de deux  mois \u00e0 compter de la date de sa\nnotification \u00e0 l'int\u00e9ress\u00e9.\nArt.  7 :  Le  syst\u00e8me  concern\u00e9  devra  faire  l'objet  d'une  nouvelle  autorisation\nadministrative pr\u00e9alable au terme du d\u00e9lai des cinq ans  : une nouvelle demande\ndevra  \u00eatre  d\u00e9pos\u00e9e  \u00e0  la  pr\u00e9fecture  soit  par  courrier,  soit  par  t\u00e9l\u00e9proc\u00e9dure\ndisponible  sur  le  site  \u00abvideoprotection.interieur.gouv.fr\u00bb, quatre  mois  avant\nl'\u00e9ch\u00e9ance de ce d\u00e9lai.\nArt.  8 :  La  sous-pr\u00e9f\u00e8te  de  Saint-L\u00f4,  le  maire  de  SAINT-LO,  le  directeur\ninterd\u00e9partemental  de  la  police  nationale sont  charg\u00e9s,  chacun  en  ce  qui  le\nconcerne, de l'ex\u00e9cution du pr\u00e9sent arr\u00eat\u00e9 qui sera publi\u00e9 au recueil des actes\nadministratifs de la pr\u00e9fecture de la Manche.\nAvranches, le 9 juillet 2025\nPour le pr\u00e9fet et par d\u00e9l\u00e9gation,\nLe sous-pr\u00e9fet d'Avranches,\nsign\u00e9\nPierre CHAULEUR\nCopie pour information au sous-pr\u00e9fet d'arrondissement.\nSous-pr\u00e9fecture d'Avranches - 50-2025-07-09-00004 - Arr\u00eat\u00e9 portant renouvellement d'un syst\u00e8me de vid\u00e9oprotection - CIC -Saint-L\u00f4 253\nSous-pr\u00e9fecture d'Avranches\n50-2025-07-09-00003\nArr\u00eat\u00e9 portant renouvellement d'un syst\u00e8me de\nvid\u00e9oprotection - Cr\u00e9dit Mutuel - Cr\u00e9ances\nSous-pr\u00e9fecture d'Avranches - 50-2025-07-09-00003 - Arr\u00eat\u00e9 portant renouvellement d'un syst\u00e8me de vid\u00e9oprotection - Cr\u00e9dit Mutuel\n- Cr\u00e9ances 254\nSOUS-PREFECTURE D'AVRANCHES\nBureau des s\u00e9curit\u00e9s\nPolice administrative\nArr\u00eat\u00e9 n\u00b0 2025-113\nARR\u00caT\u00c9\nportant renouvellement d'un syst\u00e8me de vid\u00e9oprotection\nCr\u00e9dit Mutuel - Cr\u00e9ances\nLe Pr\u00e9fet de la Manche,\nChevalier de la L\u00e9gion d'Honneur\nChevalier de l'Ordre National du M\u00e9rite\nVu  le code de la s\u00e9curit\u00e9 int\u00e9rieure,  partie l\u00e9gislative,  notamment ses  articles\nL.251-1 \u00e0 L.255-1 et partie r\u00e9glementaire, notamment ses articles R.251-1 \u00e0 R.253-\n4 ;\nVu  l'arr\u00eat\u00e9 minist\u00e9riel du 3 ao\u00fbt 2007 portant d\u00e9finition des normes techniques\ndes syst\u00e8mes de vid\u00e9oprotection et ses annexes techniques ;\nVu l'arr\u00eat\u00e9 pr\u00e9fectoral n\u00b0 2023-23 VN du 21 ao\u00fbt 2023 donnant d\u00e9l\u00e9gation de\nsignature \u00e0 Monsieur Pierre CHAULEUR sous-pr\u00e9fet d'Avranches ;\nVu l'arr\u00eat\u00e9 pr\u00e9fectoral du 20 juillet 2010 portant autorisation d'un syst\u00e8me de\nvid\u00e9oprotection, renouvel\u00e9 le 23 janvier 2015 et renouvel\u00e9 le 2 janvier 2020 ;\nVu  la demande d\u00e9pos\u00e9e le 13 d\u00e9cembre 2024 par le charg\u00e9 de s\u00e9curit\u00e9, en vue\nd'obtenir le renouvellement d'un syst\u00e8me autoris\u00e9 de vid\u00e9oprotection au sein\nde l'\u00e9tablissement  CREDIT MUTUEL MAINE ANJOU BASSE NORMANDIE 17 rue\nde la Mer  50710 CREANCES ;\nVu le r\u00e9c\u00e9piss\u00e9 de d\u00e9p\u00f4t de cette demande d\u00e9livr\u00e9 le 2 juin 2025 ;\nVu l'avis de la commission d\u00e9partementale de vid\u00e9oprotection du 23 juin 2025 ;\nARR\u00caTE\nArt.  1 :  L'autorisation,  pr\u00e9c\u00e9demment  accord\u00e9e,  pour  installer 5  cam\u00e9ras\nint\u00e9rieures permettant une dur\u00e9e de conservation des images \u00e0 30 jours au sein\nde l'\u00e9tablissement CREDIT MUTUEL MAINE ANJOU BASSE NORMANDIE 17 rue de\nla Mer  50710 CREANCES,  par arr\u00eat\u00e9 pr\u00e9fectoral du 20 juillet 2010, au charg\u00e9 de\ns\u00e9curit\u00e9, est reconduite, pour une dur\u00e9e de cinq ans renouvelable, conform\u00e9ment\nau  dossier  pr\u00e9sent\u00e9  et  annex\u00e9  \u00e0  la  demande  enregistr\u00e9e  sous  le  num\u00e9ro\n2010/0080.\nSous-Pr\u00e9fecture Avranches - Place Daniel Huet - 50300 Avranches - T\u00e9l. : 02.14.14.32.40\nM\u00e9l. : sp-avranches@manche.gouv.fr\nHeures d'accueil du public : de 9 h 00 \u00e0 12 h 00 et de 13 h 00 \u00e0 16 h 00\nSous-pr\u00e9fecture d'Avranches - 50-2025-07-09-00003 - Arr\u00eat\u00e9 portant renouvellement d'un syst\u00e8me de vid\u00e9oprotection - Cr\u00e9dit Mutuel\n- Cr\u00e9ances 255\nArt.  2 : Les  dispositions  pr\u00e9vues  par  l'arr\u00eat\u00e9  du  20  juillet  2010  demeurent\napplicables.\nArt. 3 :  Le charg\u00e9 de s\u00e9curit\u00e9, responsable de la mise en \u0153uvre du syst\u00e8me doit se\nporter  garant des  personnes  susceptibles  d'intervenir  dans  l'exploitation ou le\nvisionnage des images, ainsi que dans la maintenance du syst\u00e8me mis en place.\nDes  consignes  tr\u00e8s  pr\u00e9cises  sur  la  confidentialit\u00e9  des  images  capt\u00e9es  ou/et\nenregistr\u00e9es  et  des  atteintes  \u00e0  la  vie  priv\u00e9e  qu'elles  peuvent  \u00e9ventuellement\nimpliquer sont donn\u00e9es \u00e0 toutes les personnes concern\u00e9es.\nArt. 4  : Toute modification pr\u00e9sentant un caract\u00e8re substantiel devra faire l'objet\nd'une  d\u00e9claration  aupr\u00e8s  des  services  pr\u00e9fectoraux,  notamment  changement\nd'activit\u00e9 dans  les  lieux prot\u00e9g\u00e9s,  changement dans  la configuration des  lieux,\nchangement affectant la protection des images.\nArt. 5 : Sans pr\u00e9judice des sanctions p\u00e9nales applicables, la pr\u00e9sente autorisation\npeut, apr\u00e8s que l'int\u00e9ress\u00e9 ait \u00e9t\u00e9 mis \u00e0 m\u00eame de pr\u00e9senter ses observations, \u00eatre\nretir\u00e9e en cas de manquement aux dispositions figurant aux articles L.251-2, L.251-\n3, L.252-1 \u00e0 L.252-6, L.253-1 \u00e0 L.253-5 et R.251-1 \u00e0 R.253-4 du code de la s\u00e9curit\u00e9\nint\u00e9rieure  susvis\u00e9  ou  encore  en  cas  de  modification  des  conditions  au  vu\ndesquelles cette autorisation a \u00e9t\u00e9 d\u00e9livr\u00e9e.\nArt. 6  : La pr\u00e9sente autorisation peut faire l'objet d'un recours devant le Tribunal\nAdministratif de Caen  dans un d\u00e9lai  de deux  mois \u00e0 compter de la date de sa\nnotification \u00e0 l'int\u00e9ress\u00e9.\nArt.  7 :  Le  syst\u00e8me  concern\u00e9  devra  faire  l'objet  d'une  nouvelle  autorisation\nadministrative pr\u00e9alable au terme du d\u00e9lai des cinq ans  : une nouvelle demande\ndevra  \u00eatre  d\u00e9pos\u00e9e  \u00e0  la  pr\u00e9fecture  soit  par  courrier,  soit  par  t\u00e9l\u00e9proc\u00e9dure\ndisponible  sur  le  site  \u00abvideoprotection.interieur.gouv.fr\u00bb, quatre  mois  avant\nl'\u00e9ch\u00e9ance de ce d\u00e9lai.\nArt. 8 : Le sous-pr\u00e9fet de Coutances, le charg\u00e9 de s\u00e9curit\u00e9, le maire de CREANCES,\nle commandant du groupement de gendarmerie d\u00e9partementale sont charg\u00e9s,\nchacun en ce qui le concerne, de l'ex\u00e9cution du pr\u00e9sent arr\u00eat\u00e9 qui sera publi\u00e9 au\nrecueil des actes administratifs de la pr\u00e9fecture de la Manche.\nAvranches, le 9 juillet 2025\nPour le pr\u00e9fet et par d\u00e9l\u00e9gation,\nLe sous-pr\u00e9fet d'Avranches,\nsign\u00e9\nPierre CHAULEUR\nCopie pour information au sous-pr\u00e9fet d'arrondissement.\nSous-pr\u00e9fecture d'Avranches - 50-2025-07-09-00003 - Arr\u00eat\u00e9 portant renouvellement d'un syst\u00e8me de vid\u00e9oprotection - Cr\u00e9dit Mutuel\n- Cr\u00e9ances 256\nSous-pr\u00e9fecture d'Avranches\n50-2025-07-09-00001\nArr\u00eat\u00e9 portant renouvellement d'un syst\u00e8me de\nvid\u00e9oprotection - Cr\u00e9dit Mutuel - P\u00e9riers\nSous-pr\u00e9fecture d'Avranches - 50-2025-07-09-00001 - Arr\u00eat\u00e9 portant renouvellement d'un syst\u00e8me de vid\u00e9oprotection - Cr\u00e9dit Mutuel\n- P\u00e9riers 257\nSOUS-PREFECTURE D'AVRANCHES\nBureau des s\u00e9curit\u00e9s\nPolice administrative\nArr\u00eat\u00e9 n\u00b0 2025-110\nARR\u00caT\u00c9\nportant renouvellement d'un syst\u00e8me de vid\u00e9oprotection\nCr\u00e9dit Mutuel - P\u00e9riers\nLe Pr\u00e9fet de la Manche,\nChevalier de la L\u00e9gion d'Honneur\nChevalier de l'Ordre National du M\u00e9rite\nVu le code de la s\u00e9curit\u00e9 int\u00e9rieure,  partie l\u00e9gislative,  notamment ses  articles\nL.251-1 \u00e0 L.255-1 et partie r\u00e9glementaire, notamment ses articles R.251-1 \u00e0 R.253-\n4 ;\nVu  l'arr\u00eat\u00e9 minist\u00e9riel du 3 ao\u00fbt 2007 portant d\u00e9finition des normes techniques\ndes syst\u00e8mes de vid\u00e9oprotection et ses annexes techniques ;\nVu l'arr\u00eat\u00e9 pr\u00e9fectoral n\u00b0 2023-23 VN du 21 ao\u00fbt 2023 donnant d\u00e9l\u00e9gation de\nsignature \u00e0 Monsieur Pierre CHAULEUR sous-pr\u00e9fet d'Avranches ;\nVu l'arr\u00eat\u00e9 pr\u00e9fectoral du 18 septembre 1997 portant autorisation d'un syst\u00e8me de\nvid\u00e9oprotection, modifi\u00e9 le 11 d\u00e9cembre 2009, modifi\u00e9 le 19 d\u00e9cembre 2014 et\nrenouvel\u00e9 le 2 janvier 2020 ;\nVu  la  demande  d\u00e9pos\u00e9e  le  13  mars  2025  par  le  charg\u00e9  de  s\u00e9curit\u00e9,  en  vue\nd'obtenir le renouvellement d'un syst\u00e8me autoris\u00e9 de vid\u00e9oprotection au sein\nde l'\u00e9tablissement  CREDIT MUTUEL MAINE ANJOU BASSE NORMANDIE 5 rue\nde la Halle  50190 PERIERS ;\nVu le r\u00e9c\u00e9piss\u00e9 de d\u00e9p\u00f4t de cette demande d\u00e9livr\u00e9 le 2 juin 2025 ;\nVu l'avis de la commission d\u00e9partementale de vid\u00e9oprotection du 23 juin 2025 ;\nARR\u00caTE\nArt.  1 :  L'autorisation,  pr\u00e9c\u00e9demment  accord\u00e9e,  pour  installer 4  cam\u00e9ras\nint\u00e9rieures permettant une dur\u00e9e de conservation des images \u00e0 30 jours au sein\nde l'\u00e9tablissement CREDIT MUTUEL MAINE ANJOU BASSE NORMANDIE 5 rue de\nla Halle  50190 PERIERS, par arr\u00eat\u00e9 pr\u00e9fectoral du 18 septembre 1997 , au charg\u00e9 de\ns\u00e9curit\u00e9, est reconduite, pour une dur\u00e9e de cinq ans renouvelable, conform\u00e9ment\nau  dossier  pr\u00e9sent\u00e9  et  annex\u00e9  \u00e0  la  demande  enregistr\u00e9e  sous  le  num\u00e9ro\n2009/0072.\nSous-Pr\u00e9fecture Avranches - Place Daniel Huet - 50300 Avranches - T\u00e9l. : 02.14.14.32.40\nM\u00e9l. : sp-avranches@manche.gouv.fr\nHeures d'accueil du public : de 9 h 00 \u00e0 12 h 00 et de 13 h 00 \u00e0 16 h 00\nSous-pr\u00e9fecture d'Avranches - 50-2025-07-09-00001 - Arr\u00eat\u00e9 portant renouvellement d'un syst\u00e8me de vid\u00e9oprotection - Cr\u00e9dit Mutuel\n- P\u00e9riers 258\nArt.  2 : Les  dispositions  pr\u00e9vues  par  l'arr\u00eat\u00e9 du  18 septembre 1997  demeurent\napplicables.\nArt. 3 :  Le charg\u00e9 de s\u00e9curit\u00e9, responsable de la mise en \u0153uvre du syst\u00e8me doit se\nporter  garant des  personnes  susceptibles  d'intervenir  dans  l'exploitation ou le\nvisionnage des images, ainsi que dans la maintenance du syst\u00e8me mis en place.\nDes  consignes  tr\u00e8s  pr\u00e9cises  sur  la  confidentialit\u00e9  des  images  capt\u00e9es  ou/et\nenregistr\u00e9es  et  des  atteintes  \u00e0  la  vie  priv\u00e9e  qu'elles  peuvent  \u00e9ventuellement\nimpliquer sont donn\u00e9es \u00e0 toutes les personnes concern\u00e9es.\nArt. 4  : Toute modification pr\u00e9sentant un caract\u00e8re substantiel devra faire l'objet\nd'une  d\u00e9claration  aupr\u00e8s  des  services  pr\u00e9fectoraux,  notamment  changement\nd'activit\u00e9 dans  les  lieux prot\u00e9g\u00e9s,  changement dans  la configuration des  lieux,\nchangement affectant la protection des images.\nArt. 5 : Sans pr\u00e9judice des sanctions p\u00e9nales applicables, la pr\u00e9sente autorisation\npeut, apr\u00e8s que l'int\u00e9ress\u00e9 ait \u00e9t\u00e9 mis \u00e0 m\u00eame de pr\u00e9senter ses observations, \u00eatre\nretir\u00e9e en cas de manquement aux dispositions figurant aux articles L.251-2, L.251-\n3, L.252-1 \u00e0 L.252-6, L.253-1 \u00e0 L.253-5 et R.251-1 \u00e0 R.253-4 du code de la s\u00e9curit\u00e9\nint\u00e9rieure  susvis\u00e9  ou  encore  en  cas  de  modification  des  conditions  au  vu\ndesquelles cette autorisation a \u00e9t\u00e9 d\u00e9livr\u00e9e.\nArt. 6  : La pr\u00e9sente autorisation peut faire l'objet d'un recours devant le Tribunal\nAdministratif de Caen  dans un d\u00e9lai  de deux  mois \u00e0 compter de la date de sa\nnotification \u00e0 l'int\u00e9ress\u00e9.\nArt.  7 :  Le  syst\u00e8me  concern\u00e9  devra  faire  l'objet  d'une  nouvelle  autorisation\nadministrative pr\u00e9alable au terme du d\u00e9lai des cinq ans  : une nouvelle demande\ndevra  \u00eatre  d\u00e9pos\u00e9e  \u00e0  la  pr\u00e9fecture  soit  par  courrier,  soit  par  t\u00e9l\u00e9proc\u00e9dure\ndisponible  sur  le  site  \u00abvideoprotection.interieur.gouv.fr\u00bb, quatre  mois  avant\nl'\u00e9ch\u00e9ance de ce d\u00e9lai.\nArt. 8 : Le sous-pr\u00e9fet de Coutances, le charg\u00e9 de s\u00e9curit\u00e9, le maire de PERIERS, le\ndirecteur le commandant du groupement de gendarmerie d\u00e9partementale sont\ncharg\u00e9s, chacun en ce qui le concerne, de l'ex\u00e9cution du pr\u00e9sent arr\u00eat\u00e9 qui sera\npubli\u00e9 au recueil des actes administratifs de la pr\u00e9fecture de la Manche.\nAvranches, le 9 juillet 2025\nPour le pr\u00e9fet et par d\u00e9l\u00e9gation,\nLe sous-pr\u00e9fet d'Avranches,\nsign\u00e9\nPierre CHAULEUR\nCopie pour information au sous-pr\u00e9fet d'arrondissement.\nSous-pr\u00e9fecture d'Avranches - 50-2025-07-09-00001 - Arr\u00eat\u00e9 portant renouvellement d'un syst\u00e8me de vid\u00e9oprotection - Cr\u00e9dit Mutuel\n- P\u00e9riers 259\nSous-pr\u00e9fecture d'Avranches\n50-2025-07-09-00002\nArr\u00eat\u00e9 portant renouvellement d'un syst\u00e8me de\nvid\u00e9oprotection - Cr\u00e9dit Mutuel - Saint-L\u00f4\nSous-pr\u00e9fecture d'Avranches - 50-2025-07-09-00002 - Arr\u00eat\u00e9 portant renouvellement d'un syst\u00e8me de vid\u00e9oprotection - Cr\u00e9dit Mutuel\n- Saint-L\u00f4 260\nSOUS-PREFECTURE D'AVRANCHES\nBureau des s\u00e9curit\u00e9s\nPolice administrative\nArr\u00eat\u00e9 n\u00b0 2025-111\nARR\u00caT\u00c9\nportant renouvellement d'un syst\u00e8me de vid\u00e9oprotection\nCr\u00e9dit Mutuel - Saint-L\u00f4\nLe Pr\u00e9fet de la Manche,\nChevalier de la L\u00e9gion d'Honneur\nChevalier de l'Ordre National du M\u00e9rite\nVu  le code de la s\u00e9curit\u00e9 int\u00e9rieure,  partie l\u00e9gislative,  notamment ses  articles\nL.251-1 \u00e0 L.255-1 et partie r\u00e9glementaire, notamment ses articles R.251-1 \u00e0 R.253-\n4 ;\nVu  l'arr\u00eat\u00e9 minist\u00e9riel du 3 ao\u00fbt 2007 portant d\u00e9finition des normes techniques\ndes syst\u00e8mes de vid\u00e9oprotection et ses annexes techniques ;\nVu l'arr\u00eat\u00e9 pr\u00e9fectoral n\u00b0 2023-23 VN du 21 ao\u00fbt 2023 donnant d\u00e9l\u00e9gation de\nsignature \u00e0 Monsieur Pierre CHAULEUR sous-pr\u00e9fet d'Avranches ;\nVu l'arr\u00eat\u00e9 pr\u00e9fectoral du 18 septembre 1997 portant autorisation d'un syst\u00e8me de\nvid\u00e9oprotection, modifi\u00e9 le 14 d\u00e9cembre 2009, modifi\u00e9 le 19 d\u00e9cembre 2014 et\nmodifi\u00e9 le 2 janvier 2020 ;\nVu  la demande d\u00e9pos\u00e9e le 13 d\u00e9cembre 2024 par le charg\u00e9 de s\u00e9curit\u00e9, en vue\nd'obtenir le renouvellement d'un syst\u00e8me autoris\u00e9 de vid\u00e9oprotection au sein\nde l'\u00e9tablissement CREDIT MUTUEL MAINE ANJOU BASSE NORMANDIE 103 rue\nTorteron  50000 SAINT-LO ;\nVu le r\u00e9c\u00e9piss\u00e9 de d\u00e9p\u00f4t de cette demande d\u00e9livr\u00e9 le 2 juin 2025 ;\nVu l'avis de la commission d\u00e9partementale de vid\u00e9oprotection du 23 juin 2025 ;\nARR\u00caTE\nArt.  1 :  L'autorisation,  pr\u00e9c\u00e9demment  accord\u00e9e,  pour  installer 6  cam\u00e9ras\nint\u00e9rieures permettant une dur\u00e9e de conservation des images \u00e0 30 jours au sein\nde l'\u00e9tablissement CREDIT MUTUEL MAINE ANJOU BASSE NORMANDIE 103 rue\nTorteron  50000 SAINT-LO, par arr\u00eat\u00e9 pr\u00e9fectoral du 18 septembre 1997 , au charg\u00e9\nde  s\u00e9curit\u00e9,  est  reconduite,  pour  une  dur\u00e9e  de  cinq  ans renouvelable,\nSous-Pr\u00e9fecture Avranches - Place Daniel Huet - 50300 Avranches - T\u00e9l. : 02.14.14.32.40\nM\u00e9l. : sp-avranches@manche.gouv.fr\nHeures d'accueil du public : de 9 h 00 \u00e0 12 h 00 et de 13 h 00 \u00e0 16 h 00\nSous-pr\u00e9fecture d'Avranches - 50-2025-07-09-00002 - Arr\u00eat\u00e9 portant renouvellement d'un syst\u00e8me de vid\u00e9oprotection - Cr\u00e9dit Mutuel\n- Saint-L\u00f4 261\nconform\u00e9ment au dossier pr\u00e9sent\u00e9 et annex\u00e9 \u00e0 la demande enregistr\u00e9e sous le\nnum\u00e9ro 2009/0080.\nArt.  2 : Les  dispositions  pr\u00e9vues  par  l'arr\u00eat\u00e9 du  18 septembre 1997  demeurent\napplicables.\nArt. 3 : Le charg\u00e9 de s\u00e9curit\u00e9, responsable de la mise en \u0153uvre du syst\u00e8me doit se\nporter  garant des  personnes  susceptibles  d'intervenir  dans  l'exploitation ou le\nvisionnage des images, ainsi que dans la maintenance du syst\u00e8me mis en place.\nDes  consignes  tr\u00e8s  pr\u00e9cises  sur  la  confidentialit\u00e9  des  images  capt\u00e9es  ou/et\nenregistr\u00e9es  et  des  atteintes  \u00e0  la  vie  priv\u00e9e  qu'elles  peuvent  \u00e9ventuellement\nimpliquer sont donn\u00e9es \u00e0 toutes les personnes concern\u00e9es.\nArt. 4  : Toute modification pr\u00e9sentant un caract\u00e8re substantiel devra faire l'objet\nd'une  d\u00e9claration  aupr\u00e8s  des  services  pr\u00e9fectoraux,  notamment  changement\nd'activit\u00e9 dans  les  lieux prot\u00e9g\u00e9s,  changement dans  la configuration des  lieux,\nchangement affectant la protection des images.\nArt. 5 : Sans pr\u00e9judice des sanctions p\u00e9nales applicables, la pr\u00e9sente autorisation\npeut, apr\u00e8s que l'int\u00e9ress\u00e9 ait \u00e9t\u00e9 mis \u00e0 m\u00eame de pr\u00e9senter ses observations, \u00eatre\nretir\u00e9e en cas de manquement aux dispositions figurant aux articles L.251-2, L.251-\n3, L.252-1 \u00e0 L.252-6, L.253-1 \u00e0 L.253-5 et R.251-1 \u00e0 R.253-4 du code de la s\u00e9curit\u00e9\nint\u00e9rieure  susvis\u00e9  ou  encore  en  cas  de  modification  des  conditions  au  vu\ndesquelles cette autorisation a \u00e9t\u00e9 d\u00e9livr\u00e9e.\nArt. 6  : La pr\u00e9sente autorisation peut faire l'objet d'un recours devant le Tribunal\nAdministratif de Caen  dans un d\u00e9lai  de deux  mois \u00e0 compter de la date de sa\nnotification \u00e0 l'int\u00e9ress\u00e9.\nArt.  7 :  Le  syst\u00e8me  concern\u00e9  devra  faire  l'objet  d'une  nouvelle  autorisation\nadministrative pr\u00e9alable au terme du d\u00e9lai des cinq ans  : une nouvelle demande\ndevra  \u00eatre  d\u00e9pos\u00e9e  \u00e0  la  pr\u00e9fecture  soit  par  courrier,  soit  par  t\u00e9l\u00e9proc\u00e9dure\ndisponible  sur  le  site  \u00abvideoprotection.interieur.gouv.fr\u00bb, quatre  mois  avant\nl'\u00e9ch\u00e9ance de ce d\u00e9lai.\nArt. 8 : La sous-pr\u00e9f\u00e8te de Saint-L\u00f4, le charg\u00e9 de s\u00e9curit\u00e9, le maire de SAINT-LO, le\ndirecteur interd\u00e9partemental de la police nationale  sont charg\u00e9s, chacun en ce\nqui le concerne, de l'ex\u00e9cution du pr\u00e9sent arr\u00eat\u00e9 qui sera publi\u00e9 au recueil des\nactes administratifs de la pr\u00e9fecture de la Manche.\nAvranches, le 9 juillet 2025\nPour le pr\u00e9fet et par d\u00e9l\u00e9gation,\nLe sous-pr\u00e9fet d'Avranches,\nsign\u00e9\nPierre CHAULEUR\nCopie pour information au sous-pr\u00e9fet d'arrondissement.\nSous-pr\u00e9fecture d'Avranches - 50-2025-07-09-00002 - Arr\u00eat\u00e9 portant renouvellement d'un syst\u00e8me de vid\u00e9oprotection - Cr\u00e9dit Mutuel\n- Saint-L\u00f4 262\nSous-pr\u00e9fecture d'Avranches\n50-2025-07-09-00008\nArr\u00eat\u00e9 portant renouvellement d'un syst\u00e8me de\nvid\u00e9oprotection - Cr\u00e9dit Mutuel -\nTorigny-les-Villes\nSous-pr\u00e9fecture d'Avranches - 50-2025-07-09-00008 - Arr\u00eat\u00e9 portant renouvellement d'un syst\u00e8me de vid\u00e9oprotection - Cr\u00e9dit Mutuel\n- Torigny-les-Villes 263\nSOUS-PREFECTURE D'AVRANCHES\nBureau des s\u00e9curit\u00e9s\nPolice administrative\nArr\u00eat\u00e9 n\u00b0 2025-112\nARR\u00caT\u00c9\nportant renouvellement d'un syst\u00e8me de vid\u00e9oprotection\nCr\u00e9dit Mutuel - Torigny-les-Villes\nLe Pr\u00e9fet de la Manche,\nChevalier de la L\u00e9gion d'Honneur\nChevalier de l'Ordre National du M\u00e9rite\nVu  le code de la s\u00e9curit\u00e9 int\u00e9rieure,  partie l\u00e9gislative,  notamment ses  articles\nL.251-1 \u00e0 L.255-1 et partie r\u00e9glementaire, notamment ses articles R.251-1 \u00e0 R.253-\n4 ;\nVu  l'arr\u00eat\u00e9 minist\u00e9riel du 3 ao\u00fbt 2007 portant d\u00e9finition des normes techniques\ndes syst\u00e8mes de vid\u00e9oprotection et ses annexes techniques ;\nVu l'arr\u00eat\u00e9 pr\u00e9fectoral n\u00b0 2023-23 VN du 21 ao\u00fbt 2023 donnant d\u00e9l\u00e9gation de\nsignature \u00e0 Monsieur Pierre CHAULEUR sous-pr\u00e9fet d'Avranches ;\nVu l'arr\u00eat\u00e9 pr\u00e9fectoral du 14 d\u00e9cembre 2009 portant autorisation d'un syst\u00e8me de\nvid\u00e9oprotection, renouvel\u00e9 le 7 janvier 2015 et renouvel\u00e9 le 2 janvier 2020 ;\nVu  la demande d\u00e9pos\u00e9e le 13 d\u00e9cembre 2024 par le charg\u00e9 de s\u00e9curit\u00e9, en vue\nd'obtenir le renouvellement d'un syst\u00e8me autoris\u00e9 de vid\u00e9oprotection au sein\nde l'\u00e9tablissement   CREDIT MUTUEL MAINE ANJOU BASSE NORMANDIE 4bis\nrue Thiers Torigni sur Vire 50160 TORIGNY-LES-VILLES ;\nVu le r\u00e9c\u00e9piss\u00e9 de d\u00e9p\u00f4t de cette demande d\u00e9livr\u00e9 le 2 juin 2025 ;\nVu l'avis de la commission d\u00e9partementale de vid\u00e9oprotection du 23 juin 2025 ;\nARR\u00caTE\nArt.  1 :  L'autorisation,  pr\u00e9c\u00e9demment  accord\u00e9e,  pour  installer 4  cam\u00e9ras\nint\u00e9rieures permettant une dur\u00e9e de conservation des images \u00e0 30 jours au sein\nde l'\u00e9tablissement CREDIT MUTUEL MAINE ANJOU BASSE NORMANDIE 4bis rue\nThiers Torigni sur Vire 50160 TORIGNY-LES-VILLES,  par arr\u00eat\u00e9 pr\u00e9fectoral du 14\nd\u00e9cembre 2009, au charg\u00e9 de s\u00e9curit\u00e9 est reconduite, pour une dur\u00e9e de cinq ans\nrenouvelable,  conform\u00e9ment  au  dossier  pr\u00e9sent\u00e9  et  annex\u00e9  \u00e0  la  demande\nenregistr\u00e9e sous le num\u00e9ro 2009/0082.\nSous-Pr\u00e9fecture Avranches - Place Daniel Huet - 50300 Avranches - T\u00e9l. : 02.14.14.32.40\nM\u00e9l. : sp-avranches@manche.gouv.fr\nHeures d'accueil du public : de 9 h 00 \u00e0 12 h 00 et de 13 h 00 \u00e0 16 h 00\nSous-pr\u00e9fecture d'Avranches - 50-2025-07-09-00008 - Arr\u00eat\u00e9 portant renouvellement d'un syst\u00e8me de vid\u00e9oprotection - Cr\u00e9dit Mutuel\n- Torigny-les-Villes 264\nArt.  2 : Les  dispositions  pr\u00e9vues  par  l'arr\u00eat\u00e9  du  14  d\u00e9cembre  2009  demeurent\napplicables.\nArt. 3 :  Le charg\u00e9 de s\u00e9curit\u00e9, responsable de la mise en \u0153uvre du syst\u00e8me doit se\nporter  garant des  personnes  susceptibles  d'intervenir  dans  l'exploitation ou le\nvisionnage des images, ainsi que dans la maintenance du syst\u00e8me mis en place.\nDes  consignes  tr\u00e8s  pr\u00e9cises  sur  la  confidentialit\u00e9  des  images  capt\u00e9es  ou/et\nenregistr\u00e9es  et  des  atteintes  \u00e0  la  vie  priv\u00e9e  qu'elles  peuvent  \u00e9ventuellement\nimpliquer sont donn\u00e9es \u00e0 toutes les personnes concern\u00e9es.\nArt. 4  : Toute modification pr\u00e9sentant un caract\u00e8re substantiel devra faire l'objet\nd'une  d\u00e9claration  aupr\u00e8s  des  services  pr\u00e9fectoraux,  notamment  changement\nd'activit\u00e9 dans  les  lieux prot\u00e9g\u00e9s,  changement dans  la configuration des  lieux,\nchangement affectant la protection des images.\nArt. 5 : Sans pr\u00e9judice des sanctions p\u00e9nales applicables, la pr\u00e9sente autorisation\npeut, apr\u00e8s que l'int\u00e9ress\u00e9 ait \u00e9t\u00e9 mis \u00e0 m\u00eame de pr\u00e9senter ses observations, \u00eatre\nretir\u00e9e en cas de manquement aux dispositions figurant aux articles L.251-2, L.251-\n3, L.252-1 \u00e0 L.252-6, L.253-1 \u00e0 L.253-5 et R.251-1 \u00e0 R.253-4 du code de la s\u00e9curit\u00e9\nint\u00e9rieure  susvis\u00e9  ou  encore  en  cas  de  modification  des  conditions  au  vu\ndesquelles cette autorisation a \u00e9t\u00e9 d\u00e9livr\u00e9e.\nArt. 6  : La pr\u00e9sente autorisation peut faire l'objet d'un recours devant le Tribunal\nAdministratif de Caen  dans un d\u00e9lai  de deux  mois \u00e0 compter de la date de sa\nnotification \u00e0 l'int\u00e9ress\u00e9.\nArt.  7 :  Le  syst\u00e8me  concern\u00e9  devra  faire  l'objet  d'une  nouvelle  autorisation\nadministrative pr\u00e9alable au terme du d\u00e9lai des cinq ans  : une nouvelle demande\ndevra  \u00eatre  d\u00e9pos\u00e9e  \u00e0  la  pr\u00e9fecture  soit  par  courrier,  soit  par  t\u00e9l\u00e9proc\u00e9dure\ndisponible  sur  le  site  \u00abvideoprotection.interieur.gouv.fr\u00bb, quatre  mois  avant\nl'\u00e9ch\u00e9ance de ce d\u00e9lai.\nArt. 8  : La sous-pr\u00e9f\u00e8te de Saint-L\u00f4, le charg\u00e9 de s\u00e9curit\u00e9, le maire de TORIGNY-\nLES-VILLES, le commandant du groupement de gendarmerie d\u00e9partementale sont\ncharg\u00e9s, chacun en ce qui le concerne, de l'ex\u00e9cution du pr\u00e9sent arr\u00eat\u00e9 qui sera\npubli\u00e9 au recueil des actes administratifs de la pr\u00e9fecture de la Manche.\nAvranches, le 9 juillet 2025\nPour le pr\u00e9fet et par d\u00e9l\u00e9gation,\nLe sous-pr\u00e9fet d'Avranches,\nsign\u00e9\nPierre CHAULEUR\nCopie pour information au sous-pr\u00e9fet d'arrondissement.\nSous-pr\u00e9fecture d'Avranches - 50-2025-07-09-00008 - Arr\u00eat\u00e9 portant renouvellement d'un syst\u00e8me de vid\u00e9oprotection - Cr\u00e9dit Mutuel\n- Torigny-les-Villes 265\nSous-pr\u00e9fecture d'Avranches\n50-2025-07-09-00007\nArr\u00eat\u00e9 portant renouvellement d'un syst\u00e8me de\nvid\u00e9oprotection - Sar Durey Chancey -\nSaint-Planchers\nSous-pr\u00e9fecture d'Avranches - 50-2025-07-09-00007 - Arr\u00eat\u00e9 portant renouvellement d'un syst\u00e8me de vid\u00e9oprotection - Sar Durey\nChancey - Saint-Planchers 266\nSOUS-PREFECTURE D'AVRANCHES\nBureau des s\u00e9curit\u00e9s\nPolice administrative\nArr\u00eat\u00e9 n\u00b0 2025-118\nARR\u00caT\u00c9\nportant renouvellement d'un syst\u00e8me de vid\u00e9oprotection\nSar Durey Chancey - Saint-Planchers\nLe Pr\u00e9fet de la Manche,\nChevalier de la L\u00e9gion d'Honneur\nChevalier de l'Ordre National du M\u00e9rite\nVu  le code de la s\u00e9curit\u00e9 int\u00e9rieure,  partie l\u00e9gislative,  notamment ses  articles\nL.251-1 \u00e0 L.255-1 et partie r\u00e9glementaire, notamment ses articles R.251-1 \u00e0 R.253-\n4 ;\nVu  l'arr\u00eat\u00e9 minist\u00e9riel du 3 ao\u00fbt 2007 portant d\u00e9finition des normes techniques\ndes syst\u00e8mes de vid\u00e9oprotection et ses annexes techniques ;\nVu l'arr\u00eat\u00e9 pr\u00e9fectoral n\u00b0 2023-23 VN du 21 ao\u00fbt 2023 donnant d\u00e9l\u00e9gation de\nsignature \u00e0 Monsieur Pierre CHAULEUR sous-pr\u00e9fet d'Avranches ;\nVu l'arr\u00eat\u00e9 pr\u00e9fectoral du 20 mars 2020 portant autorisation d'un syst\u00e8me de\nvid\u00e9oprotection ;\nVu  la demande d\u00e9pos\u00e9e le 19 mars 2025 par Monsieur  ALAIN DUREY, en vue\nd'obtenir le renouvellement d'un syst\u00e8me autoris\u00e9 de vid\u00e9oprotection au sein\nde l'\u00e9tablissement  SARL DUREY CHANCEY Garage Mercedes 6  Les Pas Route\nde Villedieu  50400 SAINT-PLANCHERS ;\nVu le r\u00e9c\u00e9piss\u00e9 de d\u00e9p\u00f4t de cette demande d\u00e9livr\u00e9 le 2 juin 2025 ;\nVu l'avis de la commission d\u00e9partementale de vid\u00e9oprotection du 23 juin 2025 ;\nARR\u00caTE\nArt.  1 :  L'autorisation,  pr\u00e9c\u00e9demment  accord\u00e9e,  pour  installer 5  cam\u00e9ras\nint\u00e9rieures et 11 cam\u00e9ras ext\u00e9rieures  permettant une dur\u00e9e de conservation des\nimages  \u00e0  15  jours au  sein  de  l'\u00e9tablissement SARL  DUREY  CHANCEY  Garage\nMercedes 6  Les Pas Route de Villedieu  50400 SAINT-PLANCHERS,  par arr\u00eat\u00e9\npr\u00e9fectoral du 20 mars 2020, \u00e0 Monsieur ALAIN DUREY, est reconduite, pour une\nSous-Pr\u00e9fecture Avranches - Place Daniel Huet - 50300 Avranches - T\u00e9l. : 02.14.14.32.40\nM\u00e9l. : sp-avranches@manche.gouv.fr\nHeures d'accueil du public : de 9 h 00 \u00e0 12 h 00 et de 13 h 00 \u00e0 16 h 00\nSous-pr\u00e9fecture d'Avranches - 50-2025-07-09-00007 - Arr\u00eat\u00e9 portant renouvellement d'un syst\u00e8me de vid\u00e9oprotection - Sar Durey\nChancey - Saint-Planchers 267\ndur\u00e9e de cinq ans renouvelable, conform\u00e9ment au dossier pr\u00e9sent\u00e9 et annex\u00e9 \u00e0 la\ndemande enregistr\u00e9e sous le num\u00e9ro 2020/0001.\nArt.  2 : Les  dispositions  pr\u00e9vues  par  l'arr\u00eat\u00e9  du  20  mars  2020  demeurent\napplicables.\nArt. 3 : Monsieur ALAIN DUREY, responsable de la mise en \u0153uvre du syst\u00e8me doit\nse porter garant des personnes susceptibles d'intervenir dans l'exploitation ou le\nvisionnage des images, ainsi que dans la maintenance du syst\u00e8me mis en place.\nDes  consignes  tr\u00e8s  pr\u00e9cises  sur  la  confidentialit\u00e9  des  images  capt\u00e9es  ou/et\nenregistr\u00e9es  et  des  atteintes  \u00e0  la  vie  priv\u00e9e  qu'elles  peuvent  \u00e9ventuellement\nimpliquer sont donn\u00e9es \u00e0 toutes les personnes concern\u00e9es.\nArt. 4  : Toute modification pr\u00e9sentant un caract\u00e8re substantiel devra faire l'objet\nd'une  d\u00e9claration  aupr\u00e8s  des  services  pr\u00e9fectoraux,  notamment  changement\nd'activit\u00e9 dans  les  lieux prot\u00e9g\u00e9s,  changement dans  la configuration des  lieux,\nchangement affectant la protection des images.\nArt. 5 : Sans pr\u00e9judice des sanctions p\u00e9nales applicables, la pr\u00e9sente autorisation\npeut, apr\u00e8s que l'int\u00e9ress\u00e9 ait \u00e9t\u00e9 mis \u00e0 m\u00eame de pr\u00e9senter ses observations, \u00eatre\nretir\u00e9e en cas de manquement aux dispositions figurant aux articles L.251-2, L.251-\n3, L.252-1 \u00e0 L.252-6, L.253-1 \u00e0 L.253-5 et R.251-1 \u00e0 R.253-4 du code de la s\u00e9curit\u00e9\nint\u00e9rieure  susvis\u00e9  ou  encore  en  cas  de  modification  des  conditions  au  vu\ndesquelles cette autorisation a \u00e9t\u00e9 d\u00e9livr\u00e9e.\nArt. 6  : La pr\u00e9sente autorisation peut faire l'objet d'un recours devant le Tribunal\nAdministratif de Caen  dans un d\u00e9lai  de deux  mois \u00e0 compter de la date de sa\nnotification \u00e0 l'int\u00e9ress\u00e9.\nArt.  7 :  Le  syst\u00e8me  concern\u00e9  devra  faire  l'objet  d'une  nouvelle  autorisation\nadministrative pr\u00e9alable au terme du d\u00e9lai des cinq ans  : une nouvelle demande\ndevra  \u00eatre  d\u00e9pos\u00e9e  \u00e0  la  pr\u00e9fecture  soit  par  courrier,  soit  par  t\u00e9l\u00e9proc\u00e9dure\ndisponible  sur  le  site  \u00abvideoprotection.interieur.gouv.fr\u00bb, quatre  mois  avant\nl'\u00e9ch\u00e9ance de ce d\u00e9lai.\nArt. 8  : Le sous-pr\u00e9fet d'Avranches, Monsieur ALAIN DUREY, le maire de SAINT-\nPLANCHERS,  le commandant  du  groupement de gendarmerie d\u00e9partementale\nsont charg\u00e9s, chacun en ce qui le concerne, de l'ex\u00e9cution du pr\u00e9sent arr\u00eat\u00e9 qui\nsera publi\u00e9 au recueil des actes administratifs de la pr\u00e9fecture de la Manche.\nAvranches, le 9 juillet 2025\nPour le pr\u00e9fet et par d\u00e9l\u00e9gation,\nLe sous-pr\u00e9fet d'Avranches,\nsign\u00e9\nPierre CHAULEUR\nSous-pr\u00e9fecture d'Avranches - 50-2025-07-09-00007 - Arr\u00eat\u00e9 portant renouvellement d'un syst\u00e8me de vid\u00e9oprotection - Sar Durey\nChancey - Saint-Planchers 268\nSous-pr\u00e9fecture d'Avranches\n50-2025-06-11-00037\nArr\u00eat\u00e9 portant renouvellement d'un syst\u00e8me de\nvid\u00e9oprotection - Villedieu-les-Po\u00ebles-Rouffigny\nSous-pr\u00e9fecture d'Avranches - 50-2025-06-11-00037 - Arr\u00eat\u00e9 portant renouvellement d'un syst\u00e8me de vid\u00e9oprotection -\nVilledieu-les-Po\u00ebles-Rouffigny 269\nSOUS-PREFECTURE D'AVRANCHES\nBureau des s\u00e9curit\u00e9s\nPolice administrative\nArr\u00eat\u00e9 n\u00b0 2025-33\nARR\u00caT\u00c9\nportant renouvellement d'un syst\u00e8me de vid\u00e9oprotection\nCr\u00e9dit Mutuel \u2013 Villedieu-les-Po\u00ebles-Rouffigny\nLe Pr\u00e9fet de la Manche,\nChevalier de la L\u00e9gion d'Honneur\nChevalier de l'Ordre National du M\u00e9rite\nVu  le code de la s\u00e9curit\u00e9 int\u00e9rieure,  partie l\u00e9gislative,  notamment ses  articles\nL.251-1 \u00e0 L.255-1 et partie r\u00e9glementaire, notamment ses articles R.251-1 \u00e0 R.253-\n4 ;\nVu  l'arr\u00eat\u00e9 minist\u00e9riel du 3 ao\u00fbt 2007 portant d\u00e9finition des normes techniques\ndes syst\u00e8mes de vid\u00e9oprotection et ses annexes techniques ;\nVu l'arr\u00eat\u00e9 pr\u00e9fectoral n\u00b0 2023-23 VN du 21 ao\u00fbt 2023 donnant d\u00e9l\u00e9gation de\nsignature \u00e0 Monsieur Pierre CHAULEUR sous-pr\u00e9fet d'Avranches ;\nVu l'arr\u00eat\u00e9 pr\u00e9fectoral du 18 septembre 1997 portant autorisation d'un syst\u00e8me de\nvid\u00e9oprotection, modifi\u00e9 le 14 d\u00e9cembre 2009, modifi\u00e9 le 19 d\u00e9cembre 2014 et\nrenouvel\u00e9 le 2 janvier 2020 ;\nVu  la demande d\u00e9pos\u00e9e le 13 d\u00e9cembre 2024 par le charg\u00e9 de s\u00e9curit\u00e9, en vue\nd'obtenir le renouvellement d'un syst\u00e8me autoris\u00e9 de vid\u00e9oprotection au sein\nde l'\u00e9tablissement  CREDIT MUTUEL MAINE ANJOU BASSE NORMANDIE 12 rue\ndu  G\u00e9n\u00e9ral  de  Gaulle  Villedieu-les-Po\u00eales  50800  VILLEDIEU-LES-POELES-\nROUFFIGNY ;\nVu le r\u00e9c\u00e9piss\u00e9 de d\u00e9p\u00f4t de cette demande d\u00e9livr\u00e9 le 20 mai 2025 ;\nVu l'avis de la commission d\u00e9partementale de vid\u00e9oprotection du 03 juin 2025 ;\nARR\u00caTE\nArt.  1 :  L'autorisation,  pr\u00e9c\u00e9demment  accord\u00e9e,  pour  installer 7  cam\u00e9ras\nint\u00e9rieures permettant une dur\u00e9e de conservation des images \u00e0 30 jours au sein\nde l'\u00e9tablissement CREDIT MUTUEL MAINE ANJOU BASSE NORMANDIE 12 rue du\nG\u00e9n\u00e9ral de Gaulle Villedieu-les-Po\u00eales 50800 VILLEDIEU-LES-POELES-ROUFFIGNY,\nSous-Pr\u00e9fecture Avranches - Place Daniel Huet - 50300 Avranches - T\u00e9l. : 02.14.14.32.40\nM\u00e9l. : sp-avranches@manche.gouv.fr\nHeures d'accueil du public : de 9 h 00 \u00e0 12 h 00 et de 13 h 00 \u00e0 16 h 00\nSous-pr\u00e9fecture d'Avranches - 50-2025-06-11-00037 - Arr\u00eat\u00e9 portant renouvellement d'un syst\u00e8me de vid\u00e9oprotection -\nVilledieu-les-Po\u00ebles-Rouffigny 270\npar arr\u00eat\u00e9 pr\u00e9fectoral du 18 septembre 1997 , au charg\u00e9 de s\u00e9curit\u00e9, est reconduite,\npour une dur\u00e9e de cinq ans  renouvelable, conform\u00e9ment au dossier pr\u00e9sent\u00e9 et\nannex\u00e9 \u00e0 la demande enregistr\u00e9e sous le num\u00e9ro 2009/0085.\nArt.  2 : Les  dispositions  pr\u00e9vues  par  l'arr\u00eat\u00e9 du  18 septembre 1997  demeurent\napplicables.\nArt. 3 : Le charg\u00e9 de s\u00e9curit\u00e9, responsable de la mise en \u0153uvre du syst\u00e8me doit se\nporter  garant des  personnes  susceptibles  d'intervenir  dans  l'exploitation ou le\nvisionnage des images, ainsi que dans la maintenance du syst\u00e8me mis en place.\nDes  consignes  tr\u00e8s  pr\u00e9cises  sur  la  confidentialit\u00e9  des  images  capt\u00e9es  ou/et\nenregistr\u00e9es  et  des  atteintes  \u00e0  la  vie  priv\u00e9e  qu'elles  peuvent  \u00e9ventuellement\nimpliquer sont donn\u00e9es \u00e0 toutes les personnes concern\u00e9es.\nArt. 4  : Toute modification pr\u00e9sentant un caract\u00e8re substantiel devra faire l'objet\nd'une  d\u00e9claration  aupr\u00e8s  des  services  pr\u00e9fectoraux,  notamment  changement\nd'activit\u00e9 dans  les  lieux prot\u00e9g\u00e9s,  changement dans  la configuration des  lieux,\nchangement affectant la protection des images.\nArt. 5 : Sans pr\u00e9judice des sanctions p\u00e9nales applicables, la pr\u00e9sente autorisation\npeut, apr\u00e8s que l'int\u00e9ress\u00e9 ait \u00e9t\u00e9 mis \u00e0 m\u00eame de pr\u00e9senter ses observations, \u00eatre\nretir\u00e9e en cas de manquement aux dispositions figurant aux articles L.251-2, L.251-\n3, L.252-1 \u00e0 L.252-6, L.253-1 \u00e0 L.253-5 et R.251-1 \u00e0 R.253-4 du code de la s\u00e9curit\u00e9\nint\u00e9rieure  susvis\u00e9  ou  encore  en  cas  de  modification  des  conditions  au  vu\ndesquelles cette autorisation a \u00e9t\u00e9 d\u00e9livr\u00e9e.\nArt. 6  : La pr\u00e9sente autorisation peut faire l'objet d'un recours devant le Tribunal\nAdministratif de Caen  dans un d\u00e9lai  de deux  mois \u00e0 compter de la date de sa\nnotification \u00e0 l'int\u00e9ress\u00e9.\nArt.  7 :  Le  syst\u00e8me  concern\u00e9  devra  faire  l'objet  d'une  nouvelle  autorisation\nadministrative pr\u00e9alable au terme du d\u00e9lai des cinq ans  : une nouvelle demande\ndevra  \u00eatre  d\u00e9pos\u00e9e  \u00e0  la  pr\u00e9fecture  soit  par  courrier,  soit  par  t\u00e9l\u00e9proc\u00e9dure\ndisponible  sur  le  site  \u00abvideoprotection.interieur.gouv.fr\u00bb, quatre  mois  avant\nl'\u00e9ch\u00e9ance de ce d\u00e9lai.\nArt. 8 : La sous-pr\u00e9f\u00e8te de Saint-L\u00f4,  le charg\u00e9 de s\u00e9curit\u00e9, le maire de VILLEDIEU-\nLES-POELES-ROUFFIGNY,  le  commandant  du  groupement  de  gendarmerie\nd\u00e9partementale sont charg\u00e9s, chacun en ce qui le concerne, de l'ex\u00e9cution du\npr\u00e9sent arr\u00eat\u00e9 qui sera publi\u00e9 au recueil des actes administratifs de la pr\u00e9fecture\nde la Manche.\nAvranches, le 11 juin 2025\nPour le pr\u00e9fet et par d\u00e9l\u00e9gation,\nLe sous-pr\u00e9fet d'Avranches,\nsign\u00e9\nPierre CHAULEUR\nCopie pour information au sous-pr\u00e9fet d'arrondissement.\nSous-pr\u00e9fecture d'Avranches - 50-2025-06-11-00037 - Arr\u00eat\u00e9 portant renouvellement d'un syst\u00e8me de vid\u00e9oprotection -\nVilledieu-les-Po\u00ebles-Rouffigny 271\nSous-pr\u00e9fecture d'Avranches\n50-2025-07-04-00002\nArr\u00eat\u00e9 pr\u00e9fectoral n\u00b0 2025-108 portant\nrenouvellement de la composition de la\ncommission d\u00e9partementale des syst\u00e8mes de\nvid\u00e9oprotection\nSous-pr\u00e9fecture d'Avranches - 50-2025-07-04-00002 - Arr\u00eat\u00e9 pr\u00e9fectoral n\u00b0 2025-108 portant renouvellement de la composition de la\ncommission d\u00e9partementale des syst\u00e8mes de vid\u00e9oprotection 272\nSOUS-PREFECTURE D'AVRANCHES\nBureau des s\u00e9curit\u00e9s\nPolice administrative\nArr\u00eat\u00e9 pr\u00e9fectoral n\u00b0 2025-108  portant renouvellement de la composition\nde la commission d\u00e9partementale des syst\u00e8mes de vid\u00e9oprotection\nLE PR\u00c9FET DE LA MANCHE\nChevalier de la L\u00e9gion d'honneur\nChevalier de l'Ordre National du M\u00e9rite\nVu le code de la s\u00e9curit\u00e9 int\u00e9rieure, notamment ces articles du R252-7 \u00e0 R252-12  ;\nVu le d\u00e9cret du 13 juillet 2023 portant nomination de M. Xavier BRUNETIERE, pr\u00e9fet\nde la Manche ;\nVu  l'ordonnance  du  14  mai  2025  du  premier pr\u00e9sident  de  la  cour  d'Appel  de  Caen\nd\u00e9signant Monsieur J\u00e9r\u00f4me EVENAS, en qualit\u00e9 de pr\u00e9sident titulaire de la commission\nd\u00e9partementale des syst\u00e8mes de vid\u00e9oprotection ;\nVu  l'arr\u00eat\u00e9  pr\u00e9fectoral  n\u00b0  2025-12  du  20  mai  2025,  portant  modification  de  la\ncomposition de la commission d\u00e9partementale des syst\u00e8mes de vid\u00e9oprotection ;\nVu le courriel du 26 juin 2025 de l'association des maires du d\u00e9partement de la Manche\nproposant  le  renouvellement  des  mandats  de  Messieurs  Jacques  BONO,  et  Alain\nLECLERC ;\nVu  le  courriel  du  25  juin  2025  de  la  Chambre  de  Commerce  et  d'Industrie  Ouest\nNormandie  proposant  la  d\u00e9signation  de  Madame  Marion  CHOMBEAU  et  de Madame\nChrist\u00e8le ENGUEHARD ;\nVu le courriel du 30 juin 2025, de l'entreprise ACOME proposant le renouvellement des\nmandats de Monsieur Pascal BATTAIS et de Monsieur Laurent COLIBERT, en qualit\u00e9 de\npersonnes qualifi\u00e9es ;\nConsid\u00e9rant qu'il convient de renouveler les mandats des membres de la commission\nd\u00e9partementale des syst\u00e8mes de vid\u00e9oprotection qui arrivent \u00e0 expiration le 12 juillet\n2025\nSUR proposition du sous-pr\u00e9fet d'Avranches,\nARR\u00caTE\nArt. 1er : la commission d\u00e9partementale des syst\u00e8mes de vid\u00e9oprotection de la Manche\nest renouvel\u00e9e comme suit :\nSous-Pr\u00e9fecture Avranches - Place Daniel Huet - 50300 Avranches - T\u00e9l. : 02.14.14.32.40\nM\u00e9l. : sp-avranches@manche.gouv.fr\nHeures d'accueil du public : de 9 h 00 \u00e0 12 h 00 et de 13 h 00 \u00e0 16 h 00\nSous-pr\u00e9fecture d'Avranches - 50-2025-07-04-00002 - Arr\u00eat\u00e9 pr\u00e9fectoral n\u00b0 2025-108 portant renouvellement de la composition de la\ncommission d\u00e9partementale des syst\u00e8mes de vid\u00e9oprotection 273\n\u00a9qual-e-pref\nMEMBRES TITULAIRES\nsont d\u00e9sign\u00e9s :\nMonsieur J\u00e9r\u00f4me EVENAS, personne qualifi\u00e9e, en qualit\u00e9 de pr\u00e9sident de la commission,\nMonsieur  Jacques  BONO, maire du Mont-Saint-Michel, en qualit\u00e9 de repr\u00e9sentant  des\nmaires de la Manche,\nMadame Marion CHOMBEAU, en qualit\u00e9 de repr\u00e9sentant de la Chambre de Commerce et\nd'Industrie Ouest Normandie, d\u00e9l\u00e9gation Cherbourg-Cotentin,\nMonsieur Pascal BATTAIS en qualit\u00e9 de personnalit\u00e9 qualifi\u00e9e.\nMEMBRES SUPPL\u00c9ANTS\nsont d\u00e9sign\u00e9s : \nMonsieur Alain LECLERE, maire de La Haye,  en qualit\u00e9 de repr\u00e9sentant, suppl\u00e9ant, des\nmaires de la Manche,\nMadame Christ\u00e8le ENGUEHARD , en qualit\u00e9 de repr\u00e9sentant, suppl\u00e9ante, de la Chambre\nde Commerce et d'Industrie Ouest Normandie, d\u00e9l\u00e9gation Centre et Sud Manche,\nMonsieur Laurent COLIBERT, en qualit\u00e9 de personnalit\u00e9 qualifi\u00e9e, suppl\u00e9ant.\nArt. 2  :  les membres de cette commission sont d\u00e9sign\u00e9s pour une p\u00e9riode de trois ans\nexpirant le 3 juillet 2028.\nArt. 3 : la commission si\u00e8ge \u00e0 la sous-pr\u00e9fecture d'Avranches qui assure son secr\u00e9tariat.\nArt.     4   :  la  commission  entend  un  r\u00e9f\u00e9rent  s\u00fbret\u00e9  de  la  police  ou  de  la  gendarmerie\nterritorialement comp\u00e9tent sur chaque demande d'autorisation dont elle est saisie.\nArt. 5  : le sous-pr\u00e9fet d'Avranches, est charg\u00e9 de l'ex\u00e9cution du pr\u00e9sent arr\u00eat\u00e9 qui sera\npubli\u00e9 au recueil des actes administratifs.\nFait \u00e0 SAINT-L\u00d4, le 4 juillet 2025\nLe Pr\u00e9fet ,\nsign\u00e9\nXavier BRUNETIERE\nSous-Pr\u00e9fecture Avranches - Place Daniel Huet - 50300 Avranches - T\u00e9l. : 02.14.14.32.40\nM\u00e9l. : sp-avranches@manche.gouv.fr\nHeures d'accueil du public : de 9 h 00 \u00e0 12 h 00 et de 13 h 00 \u00e0 16 h 00\nSous-pr\u00e9fecture d'Avranches - 50-2025-07-04-00002 - Arr\u00eat\u00e9 pr\u00e9fectoral n\u00b0 2025-108 portant renouvellement de la composition de la\ncommission d\u00e9partementale des syst\u00e8mes de vid\u00e9oprotection 274\n\u00a9qual-e-pref\nDESTINATAIRES     :\nJ\u00e9r\u00f4me EVENAS, personne qualifi\u00e9e, pr\u00e9sident de la commission\nJacques BONO, maire du Mont-Saint-Michel\nAlain LECLERE, maire de La Haye\nMarion CHOMBEAU, Chambre de Commerce et d'Industrie Ouest Normandie, \nd\u00e9l\u00e9gation Cherbourg-Cotentin,\nChrist\u00e8le ENGUEHARD, Chambre de Commerce et d'Industrie Ouest Normandie, \nd\u00e9l\u00e9gation Centre et Sud Manche,\nPascal BATTAIS, personne qualifi\u00e9e, ACOME\nLaurent COLIBERT, personne qualifi\u00e9e, ACOME\nCopie transmise \u00e0 :\nle directeur interd\u00e9partemental de la police nationale\nle commandant le groupement de gendarmerie d\u00e9partementale\nles sous-pr\u00e9fets d'arrondissement\nle premier pr\u00e9sident de la cour d'Appel de Caen\nle pr\u00e9sident de l'association des maires de la Manche\nle pr\u00e9sident de la CCI Ouest Normandie, \nle pr\u00e9sident directeur g\u00e9n\u00e9ral de l'entreprise ACOME\nSous-Pr\u00e9fecture Avranches - Place Daniel Huet - 50300 Avranches - T\u00e9l. : 02.14.14.32.40\nM\u00e9l. : sp-avranches@manche.gouv.fr\nHeures d'accueil du public : de 9 h 00 \u00e0 12 h 00 et de 13 h 00 \u00e0 16 h 00\nSous-pr\u00e9fecture d'Avranches - 50-2025-07-04-00002 - Arr\u00eat\u00e9 pr\u00e9fectoral n\u00b0 2025-108 portant renouvellement de la composition de la\ncommission d\u00e9partementale des syst\u00e8mes de vid\u00e9oprotection 275","date":"2025-08-01","first_seen_on":"2025-10-06T20:25:54+00:00","id":"6e1cb7097782f468f1ab57fa5dbd29767be17a18a2906dcea198f6518bc4a29d","name":"RAA mensuel JUILLET n\u00b050-2025-051 (n\u00b01) PDF - 19,79 Mb - 01/08/2025","pdf_creation_date":"2025-08-01T14:11:58+00:00","pdf_modification_date":null,"timezone":"Europe/Paris","url":"https://www.manche.gouv.fr/contenu/telechargement/65878/504689/file/RAA%20mensuel%20JUILLET%20n%C2%B050-2025-051%20(n%C2%B01).pdf"}
