{"administration":"pref75","administration_name":"Pr\u00e9fecture de Paris","content":"PREFECTURE\nDE PARIS\nRECUEIL DES ACTES\nADMINISTRATIFS SP\u00c9CIAL\nN\u00b075-2026-203\nPUBLI\u00c9 LE  3 AVRIL 2026\nSommaire\nDirection r\u00e9gionale et interd\u00e9partementale de l'\u00e9conomie, de l'emploi,\ndu travail et des solidarit\u00e9s d'\u00cele-de-France / Unit\u00e9 d\u00e9partementale\nde Paris\n75-2026-04-03-00011 - Arr\u00eat\u00e9 fixant le calendrier pr\u00e9visionnel\nd'appel \u00e0 candidatures aux fins d'agr\u00e9ment des mandataires \u00e0 la\nprotection juridique des majeurs exer\u00e7ant \u00e0 titre individuel pour le\nd\u00e9partement de Paris Arr\u00eat\u00e9 Calendrier Agr\u00e9mentMJPM 2026 (003)\n(3 pages) Page 4\nPr\u00e9fecture de la R\u00e9gion d'Ile de France, Pr\u00e9fecture de Paris  / Bureau\ndes \u00e9lections, du m\u00e9c\u00e9nat et de la r\u00e9glementation \u00e9conomique\n75-2026-04-02-00012 - Arr\u00eat\u00e9 pr\u00e9fectoral n\u00b0 portant fermeture\nd\u00e9finitive d'\u00e9tablissement public local d'enseignement (EPLE)\n(Lyc\u00e9es Armand Carrel et Georges Brassens) (1 page) Page 8\nPr\u00e9fecture de la R\u00e9gion d'Ile de France, Pr\u00e9fecture de Paris  / Service de\nla coordination des affaires parisiennes\n75-2026-03-30-00004 - Arr\u00eat\u00e9 interpr\u00e9fectoral compl\u00e9mentaire n\u00b0\n2026/DRIEAT/SPPE/027 remplacant certaines dispositions de l'arr\u00eat\u00e9\ninterpr\u00e9fectoral DCL/BEICEP n\u00b02025-65 modifiant l'arr\u00eat\u00e9\nn\u00b02020-58 du 10 juin 2020 fixant les conditions de gestion, d'exploitation\net d'entretien \u00ab des barrages de navigation de Suresnes \u00bb \u00e0 Suresnes,\nPuteaux et Paris et ses ouvrages (6 pages) Page 10\n75-2026-04-03-00001 - Arr\u00eat\u00e9 pr\u00e9fectoral accordant \u00e0 la soci\u00e9t\u00e9\nDROUOT SI une autorisation pour d\u00e9roger \u00e0 la r\u00e8gle du repos\ndominical (2 pages) Page 17\nPr\u00e9fecture de Police / Cabinet\n75-2026-04-03-00002 - Arr\u00eat\u00e9 2026-00383 du 03 avril 2026 autorisant la\ncaptation, l'enregistrement et la transmission d'images au moyen de\ncam\u00e9ras install\u00e9es sur des a\u00e9ronefs \u00e0 l'occasion d'une\nmanifestation le 4 avril 2026 (5 pages) Page 20\n75-2026-04-03-00010 - Arr\u00eat\u00e9 n\u00b0 2026 - 00384 modifiant\nprovisoirement le stationnement et la circulation dans plusieurs voies de\nParis 16\u00e8me et de Boulogne-Billancourt le 8 avril 2026 \u00e0 l'occasion de\nla rencontre de football entre le Paris Saint-Germain Football Club et\nLiverpool Football Club (5 pages) Page 26\n75-2026-04-03-00009 - Arr\u00eat\u00e9 n\u00b0 2026-00385 modifiant provisoirement\nle stationnement et la circulation dans plusieurs voies de Paris 16\u00e8me et\nde Boulogne-Billancourt \u00e0 l'occasion de la rencontre de football entre\nles \u00e9quipes du Paris Football Club et l'Association sportive de Monaco\nFootball Club le 10 avril 2026\n (5 pages) Page 32\n2\n75-2026-04-03-00006 - Arr\u00eat\u00e9 n\u00b02026-00378 autorisant la captation,\nl'enregistrement et la transmission d'images au moyen de cam\u00e9ras\ninstall\u00e9es sur des a\u00e9ronefs \u00e0 l'occasion d'un match de\nbasket-ball le 9 avril 2026 \u00e0 Paris   (5 pages) Page 38\n75-2026-04-03-00003 - Arr\u00eat\u00e9 n\u00b02026-00379 du 03 avril 2026 portant\ninterdiction du regroupement de certaines cat\u00e9gories de v\u00e9hicules \u00e0\nParis chaque dimanche du 5 avril 2026 au 28 juin 2026 inclus (4 pages) Page 44\n75-2026-04-03-00004 - Arr\u00eat\u00e9 n\u00b02026-00380 du 03 avril 2026 limitant\ntemporairement le volume sonore pour la diffusion du son amplifi\u00e9 sur la\nplace de la R\u00e9publique \u00e0 Paris du 4 avril 2026 au 28 juin 2026 inclus  (3\npages) Page 49\n75-2026-04-03-00005 - Arr\u00eat\u00e9 n\u00b02026-00381du 03 avril 2026  limitant\ntemporairement le volume sonore pour la diffusion du son amplifi\u00e9 \nsur\nle secteur de la place du Ch\u00e2teau Rouge \u00e0 Paris du 4 avril 2026 au 28 juin\n2026 inclus\n (4 pages) Page 53\nPr\u00e9fecture de Police / D\u00e9l\u00e9gation pour la s\u00e9curit\u00e9 et la suret\u00e9 des\nplateformes a\u00e9roportuaires de Paris\n75-2026-04-01-00016 - Arr\u00eat\u00e9 n\u00b0DPPSSAP/ORLY/2026/029 du 01 avril\n2026 r\u00e9glementant temporairement les conditions de circulation dans le\ncadre de travaux r\u00e9alis\u00e9es au sein de la plate-forme a\u00e9roportuaire de\nParis-Orly  (3 pages) Page 58\n75-2026-04-01-00017 - Arr\u00eat\u00e9 n\u00b0DPPSSAP/ORLY/2026/030 du 01 avril\n2026 r\u00e9glementant temporairement les conditions de circulation dans le\ncadre de travaux r\u00e9alis\u00e9es au sein de la plate-forme a\u00e9roportuaire de\nParis-Orly (3 pages) Page 62\n3\nDirection r\u00e9gionale et interd\u00e9partementale de\nl'\u00e9conomie, de l'emploi, du travail et des\nsolidarit\u00e9s d'\u00cele-de-France\n75-2026-04-03-00011\nArr\u00eat\u00e9 fixant le calendrier pr\u00e9visionnel d'appel \u00e0\ncandidatures aux fins d'agr\u00e9ment des\nmandataires \u00e0 la protection juridique des\nmajeurs exer\u00e7ant \u00e0 titre individuel pour le\nd\u00e9partement de Paris Arr\u00eat\u00e9 Calendrier\nAgr\u00e9mentMJPM 2026 (003)\nDirection r\u00e9gionale et interd\u00e9partementale de l'\u00e9conomie, de l'emploi, du travail et des solidarit\u00e9s d'\u00cele-de-France -\n75-2026-04-03-00011 - Arr\u00eat\u00e9 fixant le calendrier pr\u00e9visionnel d'appel \u00e0 candidatures aux fins d'agr\u00e9ment des mandataires \u00e0 la\nprotection juridique des majeurs exer\u00e7ant \u00e0 titre individuel pour le d\u00e9partement de Paris Arr\u00eat\u00e9 Calendrier Agr\u00e9mentMJPM 2026 (003)\n4\nExPREFETDE PARISLibert\u00e9Egalit\u00e9Fraternit\u00e9\n Direction r\u00e9gionale  \net interd\u00e9partementale \nde l'\u00e9conomie, de l'emploi, \ndu travail et des solidarit\u00e9s  \n \nUnit\u00e9 d\u00e9partementale de Paris \n \n \n \n \nArr\u00eat\u00e9  \nFixant le calendrier pr\u00e9visionnel d'appel \u00e0 candidatures aux fins d'agr\u00e9ment des mandataires \u00e0 la \nprotection juridique des majeurs exer\u00e7ant \u00e0 titre individuel pour le d\u00e9partement de Paris  \n \nLe pr\u00e9fet de la r\u00e9gion d'\u00cele-de-France, \npr\u00e9fet de Paris \nGrand officier de la l\u00e9gion d'honneur \nOfficier de l'ordre national du m\u00e9rite \n \n \nVU le code de l'action sociale et des familles, notamment ses articles L.312-5, L.472-1-1 et D.472-5 ; \n \nVU le code civil, notamment son article 450 ; \n \nVU le d \u00e9cret du 22 juillet 2020 portant nomination du pr\u00e9fet de la r\u00e9gion d'Ile -de-France, pr\u00e9fet de \nParis (hors classe) - M. GUILLAUME (Marc) ; \n \nVU l'arr\u00eat\u00e9 du 15 mai 2025 portant nomination sur l'emploi de directeur de l'unit\u00e9 d\u00e9partementale de \nParis \u00e0 la direction r\u00e9gionale et interd\u00e9partementale de l'\u00e9conomie, de l'emploi, du travail et des \nsolidarit\u00e9s d'Ile-de-France ; \n \nVU l'arr\u00eat\u00e9 du 12 ao\u00fbt 2025 portant nomination sur l'emploi de directeur r\u00e9gional de la direction \nr\u00e9gionale et interd\u00e9partementale de l'\u00e9conomie, de l'emploi, du travail et des solidarit\u00e9s d'Ile -de-\nFrance ; \n \nVU l'arr\u00eat\u00e9 pr\u00e9fectoral du 15 mai 2025  modifiant la liste des mandataires judiciaires \u00e0 la protection des \nmajeurs et d\u00e9l\u00e9gu\u00e9s aux prestations familiales pour le d\u00e9partement de Paris  ; \n \nVU l'arr\u00eat\u00e9 pr\u00e9fectoral du 27 ao\u00fbt 2025 portant d\u00e9l\u00e9gation de signature \u00e0 Monsieur Fabrice MASI, \nadministrateur de l'\u00c9tat, directeur r\u00e9gional et interd\u00e9partemental de l'\u00e9conomie, de l'emploi, du travail \net des solidarit\u00e9s d'\u00cele-de-France, en mati\u00e8re administrative ; \n \nVU la d\u00e9cision n\u00b0 2025-159 du 28 ao\u00fbt 2025 portant subd\u00e9l\u00e9gation de signature de Monsieur Fabrice \nMasi, Directeur r\u00e9gional et interd\u00e9partemental de l'\u00c9conomie, de l'Emploi, du Travail et des Solidarit\u00e9s \nd'\u00cele-de-France, aux agents de l'unit\u00e9 d\u00e9partementale de Paris ; \n \nSUR la proposition du directeur de l'unit\u00e9 d\u00e9partementale de Paris. \n \n \n \n \nDirection r\u00e9gionale et interd\u00e9partementale de l'\u00e9conomie, de l'emploi, du travail et des solidarit\u00e9s d'\u00cele-de-France -\n75-2026-04-03-00011 - Arr\u00eat\u00e9 fixant le calendrier pr\u00e9visionnel d'appel \u00e0 candidatures aux fins d'agr\u00e9ment des mandataires \u00e0 la\nprotection juridique des majeurs exer\u00e7ant \u00e0 titre individuel pour le d\u00e9partement de Paris Arr\u00eat\u00e9 Calendrier Agr\u00e9mentMJPM 2026 (003)\n5\n \n 2 \nARR\u00caTE \n \n \nARTICLE 1 : Le calendrier pr\u00e9visionnel des appels \u00e0 candidatures aux fins d'agr\u00e9ments des mandataires \nexer\u00e7ant \u00e0 titre individuel pour le d\u00e9partement de Paris est fix\u00e9 en annexe du pr\u00e9sent arr\u00eat\u00e9  ; \n \nARTICLE 2 : Le directeur de l'unit\u00e9 d\u00e9partementale de Paris est charg\u00e9  de l'ex\u00e9cution du pr\u00e9sent arr\u00eat\u00e9 \nqui sera publi\u00e9 au recueil des actes administratifs du d\u00e9partement de Paris, qui sera consultable sur le \nsite internet de la pr\u00e9fecture de la pr\u00e9fecture de la r\u00e9gion d'\u00cele -de-France, pr\u00e9fecture de Paris \nhttps://www.prefectures-regions.gouv.fr/ile-de-france/Documents-publications/Recueil-des-actes-\nadministratifs/Raa-du-departement-de-Paris-2026/. \n  \n \n \n \n \n \n \n           Fait \u00e0 Paris, le 03 avril 2026 \n \n \n \n \nPour le pr\u00e9fet de la r\u00e9gion d'\u00cele-de-France, pr\u00e9fet \nde Paris et par subd\u00e9l\u00e9gation, \nLe directeur de l'unit\u00e9 d\u00e9partementale de Paris \n \nSign\u00e9 \n \nRiad BOUHAFS \n \n \n \n \n \n \n \n \n \n \n \n \n \n \n \n \n \n \n \n \n \n \n \n \n \n \n \n \nDirection r\u00e9gionale et interd\u00e9partementale de l'\u00e9conomie, de l'emploi, du travail et des solidarit\u00e9s d'\u00cele-de-France -\n75-2026-04-03-00011 - Arr\u00eat\u00e9 fixant le calendrier pr\u00e9visionnel d'appel \u00e0 candidatures aux fins d'agr\u00e9ment des mandataires \u00e0 la\nprotection juridique des majeurs exer\u00e7ant \u00e0 titre individuel pour le d\u00e9partement de Paris Arr\u00eat\u00e9 Calendrier Agr\u00e9mentMJPM 2026 (003)\n6\n \n 3 \n \nCalendrier pr\u00e9visionnel d'appel \u00e0 candidatures aux fins d'agr\u00e9ment des \nmandataires \u00e0 la protection juridique des majeurs exer\u00e7ant \u00e0 titre \nindividuel pour le d\u00e9partement de Paris \n \n \n \n \nPublication pr\u00e9visionnelle \nde l'avis d'appel \u00e0 \ncandidatures \n \nNombre de mandataires \njudiciaires \u00e0 la protection \ndes majeurs susceptibles \nd'\u00eatre agr\u00e9\u00e9s \n \n \nCat\u00e9gorie de mesures de \nprotection \n \n2\u00e8me trimestre 2026 \n \n15 \n \nSauvegardes de justice, \ncuratelles et tutelles \n \nDirection r\u00e9gionale et interd\u00e9partementale de l'\u00e9conomie, de l'emploi, du travail et des solidarit\u00e9s d'\u00cele-de-France -\n75-2026-04-03-00011 - Arr\u00eat\u00e9 fixant le calendrier pr\u00e9visionnel d'appel \u00e0 candidatures aux fins d'agr\u00e9ment des mandataires \u00e0 la\nprotection juridique des majeurs exer\u00e7ant \u00e0 titre individuel pour le d\u00e9partement de Paris Arr\u00eat\u00e9 Calendrier Agr\u00e9mentMJPM 2026 (003)\n7\nPr\u00e9fecture de la R\u00e9gion d'Ile de France,\nPr\u00e9fecture de Paris \n75-2026-04-02-00012\nArr\u00eat\u00e9 pr\u00e9fectoral n\u00b0 portant fermeture\nd\u00e9finitive d'\u00e9tablissement public local\nd'enseignement (EPLE) (Lyc\u00e9es Armand Carrel et\nGeorges Brassens)\nPr\u00e9fecture de la R\u00e9gion d'Ile de France, Pr\u00e9fecture de Paris  - 75-2026-04-02-00012 - Arr\u00eat\u00e9 pr\u00e9fectoral n\u00b0 portant fermeture d\u00e9finitive\nd'\u00e9tablissement public local d'enseignement (EPLE) (Lyc\u00e9es Armand Carrel et Georges Brassens) 8\nPREFET _DE LA REGIOND'\u00ceLE-DE-FRANCELibert\u00e9Egalit\u00e9Fraternit\u00e9\nCABINET  \nService de la coordination des affaires parisiennes \nBureau des \u00e9lections, du m\u00e9c\u00e9nat et de la r\u00e9glementation \u00e9conomique  \nPr\u00e9fecture de Paris  \n5 rue Leblanc \u2013 75911 PARIS cedex 15  \nT\u00e9l : 01 82 52 40 40 \n \n \n \nArr\u00eat\u00e9 pr\u00e9fectoral n\u00b0 \nportant fermeture d\u00e9finitive d'\u00e9tablissement public local d'enseignement (EPLE) \n \n \n \nLe pr\u00e9fet de la r\u00e9gion d'\u00cele-de-France, \nPr\u00e9fet de Paris, \nGrand Officier de la L\u00e9gion d'honneur, \nOfficier de l'ordre national du M\u00e9rite  \n  \nVu le code g\u00e9n\u00e9ral des collectivit\u00e9s territoriales, et notamment les articles L.1111-1 \u00e0 L.111-10, L. 1321-1 et \nsuivants ; \nVu le code de l'\u00e9ducation et notamment les articles L. 421-17 \u00e0 L. 421-19 ; \nVu le d\u00e9cret n\u00b0 2004-374 du 29 avril 2004 modifi\u00e9, relatif aux pouvoirs des pr\u00e9fets, \u00e0 l'organisation et \u00e0 \nl'action des services de l'\u00c9tat dans les r\u00e9gions et d\u00e9partements ; \nVu la circulaire interminist\u00e9rielle du 9 mai 1989, relative aux proc\u00e9dures de d\u00e9saffectation ; \nVu la d\u00e9lib\u00e9ration du Conseil r\u00e9gional d'\u00cele-de-France n\u00b0 CP 2025-234 en date du 25 septembre 2025 ; \nVu l'avis favorable de la rectrice d'acad\u00e9mie de Paris, en date du 27 mars 2026 ; \nVu l'arr\u00eat\u00e9 n\u00b075-2024-11-28-00002 du 28 novembre 2024 ; \nVu l'arr\u00eat\u00e9 n\u00b075-2024-11-28-00003 du 28 novembre 2024 ; \n \nARR\u00caTE \n \nArticle 1 \n: le lyc\u00e9e Armand Carrel situ\u00e9 au 45 rue Armand Carrel \u00e0 Paris 19 \u00e9me  et le lyc\u00e9e Georges \nBrassens situ\u00e9 au 40 rue Manin \u00e0 Paris 19 \u00e9me  sont d\u00e9finitivement ferm\u00e9s. \n \nArticle 2 : Le pr\u00e9sent arr\u00eat\u00e9 sera notifi\u00e9 \u00e0 la ville de Paris. \n \nArticle 3 : Le pr\u00e9sent arr\u00eat\u00e9 peut faire l'objet, dans un d\u00e9lai de deux mois \u00e0 compter de la date de sa \nnotification, d'un recours gracieux aupr\u00e8s du pr\u00e9fet de la r\u00e9gion d'\u00cele-de-France, pr\u00e9fet de Paris et/ou d'un \nrecours hi\u00e9rarchique aupr\u00e8s du ministre de l'\u00c9ducation nationale, de la Jeunesse et des Sports. \nLe recours gracieux et/ou hi\u00e9rarchique prolonge le d\u00e9lai de recours contentieux qui doit \u00eatre introduit dans \nles deux mois suivant la d\u00e9cision implicite ou explicite de l'autorit\u00e9 comp\u00e9tente (le silence de \nl'administration pendant un d\u00e9lai de deux mois valant d\u00e9cision implicite de rejet). \n \nArticle 4 : Le pr\u00e9fet de la r\u00e9gion d'\u00cele-de-France, pr\u00e9fet de Paris, et la rectrice de l'acad\u00e9mie de Paris \nassurent, chacun en ce qui le concerne, l'ex\u00e9cution du pr\u00e9sent arr\u00eat\u00e9, qui sera publi\u00e9 au recueil des actes \nadministratifs de la pr\u00e9fecture de la r\u00e9gion d'\u00cele-de-France, pr\u00e9fecture de Paris.  \n \n \n                    Fait \u00e0 Paris, le \n \nPour le pr\u00e9fet de la r\u00e9gion d'Ile de France, \npr\u00e9fet de Paris, et par d\u00e9l\u00e9gation, \nla pr\u00e9f\u00e8te, directrice de Cabinet, \n \nSign\u00e9e \n \nKarine DELAMARCHE  \nPr\u00e9fecture de la R\u00e9gion d'Ile de France, Pr\u00e9fecture de Paris  - 75-2026-04-02-00012 - Arr\u00eat\u00e9 pr\u00e9fectoral n\u00b0 portant fermeture d\u00e9finitive\nd'\u00e9tablissement public local d'enseignement (EPLE) (Lyc\u00e9es Armand Carrel et Georges Brassens) 9\nPr\u00e9fecture de la R\u00e9gion d'Ile de France,\nPr\u00e9fecture de Paris \n75-2026-03-30-00004\nArr\u00eat\u00e9 interpr\u00e9fectoral compl\u00e9mentaire n\u00b0\n2026/DRIEAT/SPPE/027 remplacant certaines\ndispositions de l'arr\u00eat\u00e9 interpr\u00e9fectoral\nDCL/BEICEP n\u00b02025-65 modifiant l'arr\u00eat\u00e9\nn\u00b02020-58 du 10 juin 2020 fixant les conditions\nde gestion, d'exploitation et d'entretien \u00ab des\nbarrages de navigation de Suresnes \u00bb \u00e0 Suresnes,\nPuteaux et Paris et ses ouvrages\nPr\u00e9fecture de la R\u00e9gion d'Ile de France, Pr\u00e9fecture de Paris  - 75-2026-03-30-00004 - Arr\u00eat\u00e9 interpr\u00e9fectoral compl\u00e9mentaire n\u00b0\n2026/DRIEAT/SPPE/027 remplacant certaines dispositions de l'arr\u00eat\u00e9 interpr\u00e9fectoral DCL/BEICEP n\u00b02025-65 modifiant l'arr\u00eat\u00e9\nn\u00b02020-58 du 10 juin 2020 fixant les conditions de gestion, d'exploitation et d'entretien \u00ab des barrages de navigation de Suresnes \u00bb \u00e0\nSuresnes, Puteaux et Paris et ses ouvrages\n10\nPREFET PREFETDES HAUTS- DE PARISD E-S E I N E Libert\u00e9Libert\u00e9 Egalit\u00e9 \u2014\u00c9galit\u00e9 Fraternit\u00e9Fraternit\u00e9\n1/6 \n \nDirection r\u00e9gionale et interd\u00e9partementale \nde l'environnement, de l'am\u00e9nagement  \net des transports d'\u00cele-de-France \n  \n \n \n \n \n \n \n \n \n \n \n \nARR\u00caT\u00c9 INTERPR\u00c9FECTORAL COMPLEMENTAIRE N\u00b0 2026/DRIE AT/SPPE/027 \nREMPLACANT CERTAINES DISPOSITIONS DE L'ARR\u00caTE INTERPR\u00c9FECTORAL COMPLEMENTAIRE \nDCL/BEICEP N\u00b02025-65 MODIFIANT L'ARR\u00caT\u00c9 N\u00b02020-58 DU 10 JUIN 2020 FIXANT LES \nCONDITIONS DE GESTION, D'EXPLOITATION ET D'ENTRETIEN \u00ab DES BARRAGES DE \nNAVIGATION DE SURESNES \u00bb \u00c0 SURESNES, PUTEAUX ET PARIS AINSI QUE SES OUVRAGES \nANNEXES SUR LA RIVI\u00c8RE SEINE \n \n \nLe Pr\u00e9fet des Hauts-de-Seine  Le Pr\u00e9fet de r\u00e9gion \u00cele-de-France \nPr\u00e9fet de Paris  \nOfficier de la L\u00e9gion d'Honneur \nOfficier de l'Ordre National du M\u00e9rite \n \n \nVU  le Code de l'environnement ; \n \nVU  la loi n\u00b02012-77 du 24 janvier 2012 relative \u00e0 Voies Navigables de France ; \n \nVU  le d\u00e9cret n\u00b02004-374 du 29 avril 2004 relatif aux pouvoirs des pr\u00e9fets, \u00e0 l'organisation et \u00e0 \nl'action des services de l'\u00c9tat dans les r\u00e9gions et d\u00e9partements ; \n \nVU  le d\u00e9cret n\u00b02005-636 du 30 mai 2005 relatif \u00e0 l'organisation de l'administration dans le domaine \nde l'eau et aux missions du pr\u00e9fet coordonnateur de bassin ; \n \nVU  le d\u00e9cret n\u00b02010-687 du 24 juin 2010 relatif \u00e0 l'organisation et aux missions des services de l'\u00c9tat \ndans la r\u00e9gion et les d\u00e9partements d'\u00cele-de-France ; \n \nVU  le d\u00e9cret n\u00b02015-526 du 12 mai 2015 relatif aux r\u00e8gles applicables aux ouvrages construits ou \nam\u00e9nag\u00e9s en vue de pr\u00e9venir les inondations et aux r\u00e8gles de s\u00fbret\u00e9 des ouvrages hydrauliques ; \n \nVU  le d\u00e9cret n\u00b02019-895 du 28 ao\u00fbt 2019 portant diverses dispositions d'adaptation des r\u00e8gles \nrelatives aux ouvrages de pr\u00e9vention des inondations ; \n \nVU  le d\u00e9cret du 22 juillet 2020 portant nomination du pr\u00e9fet de r\u00e9gion d'Ile-de-France, pr\u00e9fet de \nParis, M. GUILLAUME Marc ; \n \nVU le d\u00e9cret du 29 octobre 2025 portant nomination de Mme Karine DELAMARCHE pr\u00e9f\u00e8te,  \ndirectrice de cabinet du pr\u00e9fet de la r\u00e9gion d'Ile-de-France, pr\u00e9fet de Paris ; \n \nVU  le d\u00e9cret du 31 octobre 2024 portant nomination du pr\u00e9fet des Hauts-de-Seine, M. BRUGERE \nAlexandre ; \n \nVU  le d\u00e9cret du 15 avril 2022 portant nomination de M. GAUCI Pascal, secr\u00e9taire g\u00e9n\u00e9ral de la \npr\u00e9fecture des Hauts-de-Seine (classe fonctionnel I) ;\n \nPr\u00e9fecture de la R\u00e9gion d'Ile de France, Pr\u00e9fecture de Paris  - 75-2026-03-30-00004 - Arr\u00eat\u00e9 interpr\u00e9fectoral compl\u00e9mentaire n\u00b0\n2026/DRIEAT/SPPE/027 remplacant certaines dispositions de l'arr\u00eat\u00e9 interpr\u00e9fectoral DCL/BEICEP n\u00b02025-65 modifiant l'arr\u00eat\u00e9\nn\u00b02020-58 du 10 juin 2020 fixant les conditions de gestion, d'exploitation et d'entretien \u00ab des barrages de navigation de Suresnes \u00bb \u00e0\nSuresnes, Puteaux et Paris et ses ouvrages\n11\n2/6 \n \nVU  l'arr\u00eat\u00e9 minist\u00e9riel du 06 ao\u00fbt 2018 fixant des prescriptions relatives \u00e0 la s\u00e9curit\u00e9 et \u00e0 la s\u00fbret\u00e9 \ndes ouvrages hydrauliques  ;\n \nVU  l'arr\u00eat\u00e9 du pr\u00e9fet coordonnateur de bassin du 3 mars 2022 portant approbation du plan de \ngestion des risques d'inondation (PGRI) 2022-2027 du bassin Seine-Normandie ; \n \nVU l'arr\u00eat\u00e9 du pr\u00e9fet coordonnateur de bassin du 13 f\u00e9vrier 2023 relatif au sch\u00e9ma directeur de la \npr\u00e9vision des crues du bassin Seine-Normandie ; \n \nVU l'arr\u00eat\u00e9 interpr\u00e9fectoral n\u00b02020-58 du 10 juin 2020 actant le b\u00e9n\u00e9fice d'ant\u00e9riorit\u00e9 du titre II de \nl'article L214-6 du Code de l'environnement et fixant les conditions de gestion, d'exploitation et \nd'entretien \u00ab des barrages de navigation de Suresnes \u00bb \u00e0 Suresnes, Puteaux et Paris ainsi que ses \nouvrages de navigation sur la rivi\u00e8re Seine ; \n \nVU  l'arr\u00eat\u00e9 interpr\u00e9fectoral DCL/BEICEP n\u00b02025-65, du 18 f\u00e9vrier 2025, compl\u00e9tant l'arr\u00eat\u00e9 n\u00b02020-\n58 du 10 juin 2020 fixant les conditions de gestion, d'exploitation et d'entretien \u00ab des barrages de \nnavigation de Suresnes \u00bb \u00e0 Suresnes, Puteaux et Paris ainsi que ses ouvrages annexes sur la rivi\u00e8re \nSeine, ouvrage de classe C au titre de la s\u00e9curit\u00e9 des ouvrages hydrauliques, au b\u00e9n\u00e9fice des Voies \nNavigables de France ; \n \nVU  l'arr\u00eat\u00e9 pr\u00e9fectoral SGAD n\u00b02026-05 en date du 28 janvier 2026 portant d\u00e9l\u00e9gation de signature \n\u00e0 M. GAUCI Pascal, sous-pr\u00e9fet, secr\u00e9taire g\u00e9n\u00e9ral de la pr\u00e9fecture des Hauts-de-Seine ; \n \nVU le porter \u00e0 connaissance du 11 octobre 2024 relatif aux travaux de r\u00e9novation du barrage \u00e0 \nvannes de Suresnes ; \n \nVU  la proc\u00e9dure de d\u00e9batardage du 08 octobre 2025 d\u00e9crivant notamment le phasage des \nop\u00e9rations de d\u00e9batardage d'urgence ; \n \nVU  la r\u00e9ponse du p\u00e9titionnaire, en date du 5 mars 2026, \u00e0 la demande d'avis contradictoire sur le \nprojet d'arr\u00eat\u00e9, soumise par courrier \u00e9lectronique en date du 23 f\u00e9vrier 2026 ; \n \nCONSIDERANT  que les travaux de r\u00e9novation mentionn\u00e9s \u00e0 l'arr\u00eat\u00e9 interpr\u00e9fectoral DCL/BEICEP \nn\u00b02025-65, du 18 f\u00e9vrier 2025, visent la r\u00e9gulation automatique du bief de Paris, la s\u00e9curit\u00e9 du \npersonnel et l'optimisation de l'entretien et de la maintenance  ;  \nCONSIDERANT  que de nombreuses difficult\u00e9s ont retard\u00e9 les travaux par rapport au planning \npr\u00e9cis\u00e9 \u00e0 l'article 3 de l'arr\u00eat\u00e9 interpr\u00e9fectoral compl\u00e9mentaire DCL/BEICEP n\u00b0 2025-65 du 18 f\u00e9vrier \n2025 ; \nCONSIDERANT  que par courriels du 17 et du 20 octobre 2025 VNF sollicite d'une part l'autorisation \nd'avancer tous les ans le d\u00e9but des travaux \u00e0 partir du 18 mars et d'autre part de prolonger la dur\u00e9e \nde l'autorisation d'ex\u00e9cution des travaux jusqu'au 30 novembre 2027 ; \n \nCONSIDERANT l'\u00e9tude hydraulique r\u00e9alis\u00e9e qui caract\u00e9rise les impacts en cas de crue avec une \npasse condamn\u00e9e  ; \n \nCONSIDERANT  que les diff\u00e9rentes \u00e9tapes d\u00e9crites dans la proc\u00e9dure de d\u00e9batardage d'urgence du \n08 octobre 2025 doivent \u00eatre mises en \u0153uvre en cas de crue par VNF afin de limiterles incidences \ndes travaux \u00e0 r\u00e9aliser sur la ligne d'eau \u00e0 l'amont du barrage ; \n \nCONSIDERANT  que les r\u00e9sultats des tests de d\u00e9batardage d'urgence r\u00e9alis\u00e9s en 2025 ont d\u00e9montr\u00e9 \nque la mise en \u0153uvre de la proc\u00e9dure de repli peut \u00eatre r\u00e9alis\u00e9e en moins de 7h ; \n \nSUR PROPOSITION  de Monsieur le Secr\u00e9taire G\u00e9n\u00e9ral de la pr\u00e9fecture des Hauts-de-Seine et de \nMonsieur le Secr\u00e9taire G\u00e9n\u00e9ral de la pr\u00e9fecture de la r\u00e9gion d'\u00cele-de-France, pr\u00e9fecture de Paris ;\n \n \n \n \n \nPr\u00e9fecture de la R\u00e9gion d'Ile de France, Pr\u00e9fecture de Paris  - 75-2026-03-30-00004 - Arr\u00eat\u00e9 interpr\u00e9fectoral compl\u00e9mentaire n\u00b0\n2026/DRIEAT/SPPE/027 remplacant certaines dispositions de l'arr\u00eat\u00e9 interpr\u00e9fectoral DCL/BEICEP n\u00b02025-65 modifiant l'arr\u00eat\u00e9\nn\u00b02020-58 du 10 juin 2020 fixant les conditions de gestion, d'exploitation et d'entretien \u00ab des barrages de navigation de Suresnes \u00bb \u00e0\nSuresnes, Puteaux et Paris et ses ouvrages\n12\n3/6 \nARR\u00caTENT \n \n \nARTICLE 1 : Objet du pr\u00e9sent arr\u00eat\u00e9 interpr\u00e9fectoral compl\u00e9mentaire \n \nLe pr\u00e9sent arr\u00eat\u00e9 a pour objet d'abroger et de remplacer les dispositions des articles 3 \u00e0 5, de \nl'arr\u00eat\u00e9interpr\u00e9fectoral DCL/BEICEP n\u00b02025-65, du 18 f\u00e9vrier 2025, par les dispositions du pr\u00e9sent \narr\u00eat\u00e9. \nLes articles qui ne sont pas mentionn\u00e9s au pr\u00e9c\u00e9dent paragraphe ne sont pas modifi\u00e9s par le \npr\u00e9sent arr\u00eat\u00e9 et demeurent applicables. \n \nARTICLE 2 : Dur\u00e9e de l'autorisation \n \nL'article 3 de l'arr\u00eat\u00e9 interpr\u00e9fectoral compl\u00e9mentaire DCL/BEICEP n\u00b0 2025-65 du 18 f\u00e9vrier 2025 est \nsupprim\u00e9 et remplac\u00e9 par les dispositions suivantes : \n \nLes travaux sont autoris\u00e9s du 18 mars 2026 au 30 novembre 2027 selon plusieurs phases : \n\u2022 Du 18 mars 2026 au 30 novembre 2026 : passe n\u00b01 dite rive gauche \no travaux de pr\u00e9paration de reprise de chantier ; \no batardage amont et aval de la passe rive gauche (dates pr\u00e9visionnelles des travaux \nde batardage entre le 08 avril 2026 et le 24 avril 2026) ; \no d\u00e9pose de la vanne en rive gauche, pose de la nouvelle vanne, installation de sa \nmotorisation et r\u00e9alisation des travaux annexes n\u00e9cessaires au bon fonctionnement \nde la nouvelle vanne (d\u00e9pose des pi\u00e8ces fixes, travaux \u00e9lectriques, \u2026) et installation \ndes nouvelles passerelles ; \n\u2022 du 18 mars 2027 au 30 novembre 2027 : passe n\u00b02 dite rive droite \no travaux de pr\u00e9paration de reprise de chantier ; \no batardage amont et aval de la passe rive droite (dates pr\u00e9visionnelles des travaux de \nbatardage entre le 08 avril 2027 et le 24 avril 2027) ; \no d\u00e9pose de la vanne en rive droite, pose de la nouvelle vanne, installation de sa \nmotorisation et r\u00e9alisation des travaux annexes n\u00e9cessaires au bon fonctionnement \nde la nouvelle vanne (d\u00e9pose des pi\u00e8ces fixes, travaux \u00e9lectriques, \u2026)et installation \ndes nouvelles passerelles. \n \nAu 30 novembre de chaque ann\u00e9e de travaux, la zone chantier est remise en \u00e9tat  : le batardeau \naval, le mat\u00e9riel, les engins et installations de chantiers sont retir\u00e9s et le site est \u00e0 l'\u00e9quilibre en \ntermes de d\u00e9blais/remblais. \n \nARTICLE 3 : Information pr\u00e9alable \n \nL'article 4 de l'arr\u00eat\u00e9 interpr\u00e9fectoral compl\u00e9mentaire DCL/BEICEP n\u00b0 2025-65 du 18 f\u00e9vrier 2025 est \nsupprim\u00e9 et remplac\u00e9 par les dispositions suivantes : \n \nA la notification du pr\u00e9sent arr\u00eat\u00e9 et au moins 1 mois avant le d\u00e9marrage de travaux, le b\u00e9n\u00e9ficiaire \ninforme le service politiques et police de l'eau, le d\u00e9partement d'hydrom\u00e9trie et de pr\u00e9vision des \ncrues et le service en charge du contr\u00f4le et de la s\u00e9curit\u00e9 des ouvrages hydrauliques de la DRIEAT \nde la date effective de d\u00e9marrage des travaux. \n \nUn accord pr\u00e9alable des services de police de l'eau et du d\u00e9partement d'hydrom\u00e9trie et de \npr\u00e9vision des crues de la DRIEAT est n\u00e9cessaire avant le d\u00e9but des travaux de batardage et lors du \npoint d'arr\u00eat correspondant \u00e0 la condamnation de la passe. Les dates pr\u00e9visionnelles de d\u00e9marrage \ndes travaux de batardage et de condamnation de la passe doivent \u00eatre fix\u00e9esau regard des \nconditions hydrom\u00e9triques et des pr\u00e9visions m\u00e9t\u00e9orologiques. Ces dates sont susceptibles de \nchanger en fonction des d\u00e9bits de laSeine. \n \nLe b\u00e9n\u00e9ficiaire communique le pr\u00e9sent arr\u00eat\u00e9, avec le porter-\u00e0-connaissance et ses compl\u00e9ments, \u00e0 \nchaque organisme intervenant sur le chantier. \nLe b\u00e9n\u00e9ficiaire transmet au moins un mois avant le d\u00e9marrage du chantier  : \n- un calendrier d\u00e9taill\u00e9 de mise en \u0153uvre, contenant les dates de d\u00e9but et de fin de chantier, \nPr\u00e9fecture de la R\u00e9gion d'Ile de France, Pr\u00e9fecture de Paris  - 75-2026-03-30-00004 - Arr\u00eat\u00e9 interpr\u00e9fectoral compl\u00e9mentaire n\u00b0\n2026/DRIEAT/SPPE/027 remplacant certaines dispositions de l'arr\u00eat\u00e9 interpr\u00e9fectoral DCL/BEICEP n\u00b02025-65 modifiant l'arr\u00eat\u00e9\nn\u00b02020-58 du 10 juin 2020 fixant les conditions de gestion, d'exploitation et d'entretien \u00ab des barrages de navigation de Suresnes \u00bb \u00e0\nSuresnes, Puteaux et Paris et ses ouvrages\n13\n4/6 \n- le nom des entreprises retenues pour l'ex\u00e9cution des travaux  ; \n- un plan d'organisation int\u00e9grant la localisation des diff\u00e9rents emplacements des \ninstallations de chantier (base-vie, aire de stockage des mat\u00e9riaux, plan de circulation des \nengins)  ; \n- les modalit\u00e9s de gestion des d\u00e9chets  ; \n- le plan de pr\u00e9vention et de d\u00e9pollution en cas de pollution  ; \n- la proc\u00e9dure de repli de chantier en cas de crue. \n \nARTICLE 4 : Pr\u00e9vention du risque inondation en phase chantier  \n \nL'article 5 de l'arr\u00eat\u00e9 inter-pr\u00e9fectoral compl\u00e9mentaire DCL/BEICEP n\u00b0 2025-65 du 18 f\u00e9vrier 2025 \nest supprim\u00e9 et remplac\u00e9 par les dispositions suivantes : \n \nPendant toute la dur\u00e9e des travaux sur une passe, le barrage \u00e0 hausses et la seconde passe du \nbarrage \u00e0 vannes ne sont pas condamn\u00e9s et restent man\u0153uvrables. Ils assurent la gestion du bief et \nsontsusceptibles d'\u00eatre effac\u00e9s en cas de crue. \nLa proc\u00e9dure de repli comprend les modalit\u00e9s suivantes :\n \n\u2022 quelle que soit la situation, le b\u00e9n\u00e9ficiaire consulte obligatoirement deux fois par jour le site \n\u00ab VIGICRUES \u00bb ( http://www.vigicrues.gouv.fr/ ) aux stations de Paris Austerlitz, Saint-Fargeau-\nPonthierry et Gournay-sur-Marne ; \n\u2022 lorsque le d\u00e9bit \u00e0 la station de Paris Austerlitz est compris entre 400 et 540m\u00b3/s, un seuil de \nvigilance est enclench\u00e9 avec des mesures renforc\u00e9es : \n\u25e6 le suivi des d\u00e9bits amonts et des pr\u00e9visions m\u00e9t\u00e9orologiques est accru, et les moyens \nhumains et mat\u00e9riels n\u00e9cessaires au d\u00e9batardage sont pr\u00e9par\u00e9s en vue d'un \u00e9ventuel \nd\u00e9batardage ; \n\u25e6 VNF appelle le d\u00e9partement hydrom\u00e9trie et pr\u00e9vision des crues de la DRIEAT en cas de \nrisque d'une hausse des d\u00e9bits approchant 540 m\u00b3/s, afin d'avoir des \u00e9l\u00e9ments \ncompl\u00e9mentaires sur l'\u00e9volution pr\u00e9vue ; \n\u2022 lorsque le d\u00e9bit atteint 540 m3/s \u00e0 la station de Paris Austerlitz, un seuil d'alerte est \nenclench\u00e9 et les op\u00e9rations de d\u00e9batardage d\u00e9butent si la tendance est significativement \u00e0 \nla hausse (d\u00e9bit d\u00e9passant 600m 3/s sur plusieurs jours ou risque important d'atteindre \n750m 3/s). Toutefois, en cas de mont\u00e9e exceptionnelle des d\u00e9bits \u00e0l'amont ou de pr\u00e9visions \nd'\u00e9v\u00e8nements orageux, en particulier concernant le secteur sudParis et la petite couronne, \nle d\u00e9but de d\u00e9batardage est anticip\u00e9 ; \n\u2022 lorsque le d\u00e9bit atteint 750 m3/s \u00e0 la station de Paris Austerlitz, le batardeau aval doit \u00eatre \ntotalement retir\u00e9. Tout le mat\u00e9riel, y compris le batardeau aval, les engins et les installations \nde chantier, est \u00e9vacu\u00e9 hors de la zone inondable dans un d\u00e9lai maximum de 7h, si les \npr\u00e9visions le justifient apr\u00e8s \u00e9change avec le d\u00e9partement hydrom\u00e9trie et pr\u00e9vision des \ncrues ; \nUne fois les op\u00e9rations de d\u00e9batardage d\u00e9marr\u00e9es, VNF continue \u00e0 joindre le d\u00e9partement \nhydrom\u00e9trie et pr\u00e9vision des crues autant que de besoin pour tout renseignement sur l'\u00e9volution \nde la situation hydro-m\u00e9t\u00e9orologique. \nLe batardeau aval de chantier est retir\u00e9 du lit mineur de la Seine entre le 30novembre 2026et le18 \nmars 2027 par le b\u00e9n\u00e9ficiaire principal de l'autorisation. \n \nARTICLE 5 : Publication, notification et information des tiers \n \n \nL'arr\u00eat\u00e9 est publi\u00e9 sur le site Internet des services de l'\u00c9tat des Hauts-de-Seine et de Paris pendant \nune dur\u00e9e minimale de quatre (4) mois. Une copie de l'arr\u00eat\u00e9 est par ailleurs d\u00e9pos\u00e9e dans les \nmairies de Suresnes, Puteaux et du 16 \n\u00e8me  arrondissement de Paris et peut y \u00eatre consult\u00e9e.  \n \nUn extrait de l'arr\u00eat\u00e9 est affich\u00e9 dans les mairies de Suresnes, Puteaux et du 16 \n\u00e8me  arrondissement \nde Paris pendant une dur\u00e9e minimale d'un (1) mois pour y \u00eatre consult\u00e9. Un proc\u00e8s-verbal de \nl'accomplissement de cette formalit\u00e9 est dress\u00e9 par les soins des maires concern\u00e9s. \n \nL'arr\u00eat\u00e9 est notifi\u00e9 au b\u00e9n\u00e9ficiaire et affich\u00e9 par ses soins sur le site du chantier. \nPr\u00e9fecture de la R\u00e9gion d'Ile de France, Pr\u00e9fecture de Paris  - 75-2026-03-30-00004 - Arr\u00eat\u00e9 interpr\u00e9fectoral compl\u00e9mentaire n\u00b0\n2026/DRIEAT/SPPE/027 remplacant certaines dispositions de l'arr\u00eat\u00e9 interpr\u00e9fectoral DCL/BEICEP n\u00b02025-65 modifiant l'arr\u00eat\u00e9\nn\u00b02020-58 du 10 juin 2020 fixant les conditions de gestion, d'exploitation et d'entretien \u00ab des barrages de navigation de Suresnes \u00bb \u00e0\nSuresnes, Puteaux et Paris et ses ouvrages\n14\n5/6 \n \nARTICLE 6 : Infractions et sanctions \n \n \nLe non-respect des prescriptions du pr\u00e9sent arr\u00eat\u00e9 est susceptible de sanctions pr\u00e9vues aux articles \nL. 171-8 et R. 216-12 du Code de l'environnement. \n \nARTICLE 7 : D\u00e9lais et voies de recours \n \n \n Recours contentieux :\n \n \n1\u00b0 En application des articles L. 181-17 et R. 181-50 du Code de l'environnement, le b\u00e9n\u00e9ficiaire de \nl'autorisation a la possibilit\u00e9, dans un d\u00e9lai de deux (2) mois \u00e0 compter du jour o\u00f9 la pr\u00e9sente \nd\u00e9cision lui a \u00e9t\u00e9 notifi\u00e9e, d'effectuer un recours contentieux devant le tribunal administratif de \nCergy-Pontoise, 2-4 boulevard de l'HautilBP 30322, 95027 Cergy-Pontoise Cedex. \n \n2\u00b0 Les tiers int\u00e9ress\u00e9s en raison des inconv\u00e9nients ou des dangers pour les int\u00e9r\u00eats mentionn\u00e9s \u00e0 \nl'article L. 181-3 du Code de l'environnement ont la possibilit\u00e9 d'effectuer un recours contre la \npr\u00e9sente d\u00e9cision dans un d\u00e9lai de quatre (4) mois \u00e0 compter du premier jour d'affichage de la \nd\u00e9cision en mairie ou, si cette derni\u00e8re est post\u00e9rieure, de la publication de la d\u00e9cision sur le site \ninternet de la pr\u00e9fecture des Hauts-de-Seine et de Paris, devant le tribunal administratif de Cergy-\nPontoise. \n \nCe recours peut \u00eatre d\u00e9pos\u00e9 aupr\u00e8s de cette juridiction administrative par voie postale, sur place \naupr\u00e8s de l'accueil de la juridiction, ou par le biais de l'application \nhttps://www.telerecours.fr/ . \n \nRecours non contentieux : \n \nLa pr\u00e9sente d\u00e9cision peut \u00e9galement faire l'objet dans un d\u00e9lai de deux mois \u00e0 compter, selon les \ncas mentionn\u00e9s au 1\u00b0 et au 2\u00b0, de la notification ou de la publication de la pr\u00e9sente d\u00e9cision : \n\u2022 soit d'un recours gracieux devant les autorit\u00e9s qui ont sign\u00e9es la pr\u00e9sente d\u00e9cision : \nMonsieur le Pr\u00e9fet des Hauts-de-Seine et Monsieur le Pr\u00e9fet de r\u00e9gion \u00cele-de-France, Pr\u00e9fet \nde Paris, respectivement 167-177 avenue Joliot Curie 92013 Nanterre Cedex et 5 rue Leblanc \n75911 Paris Cedex; \n\u2022 soit d'un recours hi\u00e9rarchique aupr\u00e8s de Madame la Ministre de la Transition \u00e9cologique, de \nla Biodiversit\u00e9 et des N\u00e9gociations internationales sur le climat et la nature- Tour Sequoia \n92055 La D\u00e9fense. \n \nLe silence gard\u00e9 par l'administration sur un recours gracieux ou hi\u00e9rarchique pendant plus de deux \n(2) mois \u00e0 compter de la date de r\u00e9ception de ce recours fera na\u00eetre une d\u00e9cision implicite de rejet \nqu'il sera possible de contester devant le tribunal administratif de Cergy-Pontoise.\n \nCe recours administratif prolonge de deux mois le d\u00e9lai de recours contentieux mentionn\u00e9s au 1\u00b0 et \nau 2\u00b0. \n \nTout recours administratif ou contentieux doit \u00eatre notifi\u00e9 \u00e0 l'auteur et au b\u00e9n\u00e9ficiaire de la \nd\u00e9cision, \u00e0 peine, selon le cas, de non prorogation du d\u00e9lai de recours contentieux ou \nd'irrecevabilit\u00e9. Cette notification doit \u00eatre adress\u00e9e par lettre recommand\u00e9e avec accus\u00e9 de \nr\u00e9ception dans un d\u00e9lai de quinze jours francs \u00e0 compter de la date d'envoi du recours administratif \nou du d\u00e9p\u00f4t du recours administratif ou du d\u00e9p\u00f4t du recours contentieux (article R. 181-51 du Code \nde l'environnement). \n \n \n \n \n \n \n \n \n \n \n \nPr\u00e9fecture de la R\u00e9gion d'Ile de France, Pr\u00e9fecture de Paris  - 75-2026-03-30-00004 - Arr\u00eat\u00e9 interpr\u00e9fectoral compl\u00e9mentaire n\u00b0\n2026/DRIEAT/SPPE/027 remplacant certaines dispositions de l'arr\u00eat\u00e9 interpr\u00e9fectoral DCL/BEICEP n\u00b02025-65 modifiant l'arr\u00eat\u00e9\nn\u00b02020-58 du 10 juin 2020 fixant les conditions de gestion, d'exploitation et d'entretien \u00ab des barrages de navigation de Suresnes \u00bb \u00e0\nSuresnes, Puteaux et Paris et ses ouvrages\n15\n6/6 \nARTICLE 8 : Ex\u00e9cution  \n \nLes secr\u00e9taires g\u00e9n\u00e9raux de la pr\u00e9fecture des Hauts-de-Seine et la pr\u00e9f\u00e8te, directrice de cabinet du \npr\u00e9fet de la r\u00e9gion d'Ile-de-France, pr\u00e9fet de Paris, les maires des communes de Suresnes, Puteaux et \ndu 16 \n\u00e8me  arrondissement de Paris, ainsi que la directrice r\u00e9gionale et interd\u00e9partementale de \nl'environnement, de l'am\u00e9nagement et des transports d'\u00cele-de-France sont charg\u00e9s, chacun en ce \nqui le concerne, de l'ex\u00e9cution du pr\u00e9sent arr\u00eat\u00e9.  \n \n \n    \nFait \u00e0 Nanterre, le  18 mars 2026 \n \n                      SIGNE \n \n \nLe Pr\u00e9fet des Hauts de Seine \n               \nFait \u00e0 Paris, le 30 mars 2026   \n  \n                    SIGNE \n \n \n \nLe Pr\u00e9fet de r\u00e9gion \u00cele-de-France, \nPr\u00e9fet de Paris \n \n \n \nPr\u00e9fecture de la R\u00e9gion d'Ile de France, Pr\u00e9fecture de Paris  - 75-2026-03-30-00004 - Arr\u00eat\u00e9 interpr\u00e9fectoral compl\u00e9mentaire n\u00b0\n2026/DRIEAT/SPPE/027 remplacant certaines dispositions de l'arr\u00eat\u00e9 interpr\u00e9fectoral DCL/BEICEP n\u00b02025-65 modifiant l'arr\u00eat\u00e9\nn\u00b02020-58 du 10 juin 2020 fixant les conditions de gestion, d'exploitation et d'entretien \u00ab des barrages de navigation de Suresnes \u00bb \u00e0\nSuresnes, Puteaux et Paris et ses ouvrages\n16\nPr\u00e9fecture de la R\u00e9gion d'Ile de France,\nPr\u00e9fecture de Paris \n75-2026-04-03-00001\nArr\u00eat\u00e9 pr\u00e9fectoral accordant \u00e0 la soci\u00e9t\u00e9\nDROUOT SI une autorisation pour d\u00e9roger \u00e0 la\nr\u00e8gle du repos dominical\nPr\u00e9fecture de la R\u00e9gion d'Ile de France, Pr\u00e9fecture de Paris  - 75-2026-04-03-00001 - Arr\u00eat\u00e9 pr\u00e9fectoral accordant \u00e0 la soci\u00e9t\u00e9 DROUOT\nSI une autorisation pour d\u00e9roger \u00e0 la r\u00e8gle du repos dominical 17\nPREFETDE PARISLibert\u00e9Egalit\u00e9Fraternit\u00e9\nCabinet  \nService de la coordination des affaires parisiennes \nBureau des \u00e9lections, du m\u00e9c\u00e9nat et de la r\u00e9glementation \u00e9conomique  \n \nTel : 01 82 52 40 00 \nMel: \npref-reglementationeconomique@paris.gouv.fr  \n5 rue Leblanc -75911 Paris cedex 15 \n  1/2 \n         \n    \n \n      \nArr\u00eat\u00e9 pr\u00e9fectoral accordant \u00e0 la soci\u00e9t\u00e9 DROUOT SI \n     une autorisation pour d\u00e9roger \u00e0 la r\u00e8gle du repos dominical \n \nLe Pr\u00e9fet de la r\u00e9gion d'\u00cele-de-France, pr\u00e9fet de Paris, \nGrand Officier de la L\u00e9gion d'honneur, \nOfficier de l'ordre national du M\u00e9rite, \n \n \nVu le Code du travail et notamment la troisi\u00e8me partie, livre 1 er , les articles L. 3132-3, L. 3132-20,              \nL. 3132-25-3, L. 3132-25-4 et R. 3132-16  ; \n \nVu la demande pr\u00e9sent\u00e9e par la soci\u00e9t\u00e9 DROUOT SI, dont le si\u00e8ge social est situ\u00e9 au \n                         \n18-20 boulevard Montmartre \u00e0 Paris 9 e, sollicitant, en application des articles pr\u00e9cit\u00e9s, l'autorisation \nd'accorder le repos hebdomadaire par roulement \u00e0 tout ou partie du personnel salari\u00e9 charg\u00e9, en \nt\u00e9l\u00e9travail, d'effectuer des missions de support et d'assistance clients ; \n \nVu la demande adress\u00e9e \u00e0 la Ville de Paris aux fins de consultation du conseil de Paris et en \nl'absence de r\u00e9ponse  ; \n \nVu la r\u00e9ponse du pr\u00e9sident de la M\u00e9tropole du Grand Paris aux fins de consultation du Conseil de la \nM\u00e9tropole du Grand Paris qui laisse courir un avis conforme  ; \nVu l'avis favorable la Chambre de commerce et d'industrie d\u00e9partementale de Paris  ; \n \nVu l'avis favorable du Mouvement des entreprises de France \u2013 MEDEF  ; \n \nVu l'avis favorable de la F\u00e9d\u00e9ration nationale du personnel de l'encadrement des soci\u00e9t\u00e9s de service \ninformatique, des \u00e9tudes, du conseil et de l'ing\u00e9nierie \u2013 FIECI CFE-CGC  ; \n \nVu l'avis favorable de l'Union d\u00e9partementale UNSA de Paris  ; \n \nEn l'absence de r\u00e9ponse de la Chambre de m\u00e9tiers et de l'artisanat de Paris, du syndicat         \nSYNTEC ETUDES, du syndicat SICSTI CFTC \u2013 section ing\u00e9nierie et services, du syndicat BETOR PUB - \nCFDT, de l'Union d\u00e9partementale SOLIDAIRES de Paris, de l'Union d\u00e9partementale FO de Paris, de \nl'Union d\u00e9partementale CGT de Paris, de la F\u00e9d\u00e9ration CINOV  ; \n \nConsid\u00e9rant que la plateforme drouot.com permet au public de participer aux ench\u00e8res, en temps \nr\u00e9el, aux ventes aux ench\u00e8res tenues dans des salles de ventes en France et \u00e0 l'\u00e9tranger et de \nparticiper aux ench\u00e8res exclusivement en ligne avec compte \u00e0 rebours, repr\u00e9sentant un volume \nannuel de plus de 10  000 ventes pour un produit adjug\u00e9 de 500 millions d'euros  ; \n \nConsid\u00e9rant que la plateforme drouot.com offre des services de support aux clients et aux \nutilisateurs et de support informatique  ; \n \nConsid\u00e9rant que la plateforme drouot.com retransmet en live des ench\u00e8res publiques tous les jours \nde la semaine, y compris les dimanches  ; \n \nPr\u00e9fecture de la R\u00e9gion d'Ile de France, Pr\u00e9fecture de Paris  - 75-2026-04-03-00001 - Arr\u00eat\u00e9 pr\u00e9fectoral accordant \u00e0 la soci\u00e9t\u00e9 DROUOT\nSI une autorisation pour d\u00e9roger \u00e0 la r\u00e8gle du repos dominical 18\n \n \nTel : 01 82 52 40 00 \nMel: pref-reglementationeconomique@paris.gouv.fr  2 /2 \n5 rue Leblanc -75911 Paris cedex 15 \n \nConsid\u00e9rant que la prestation de support humain est indispensable pour les maisons de vente et \npour la bonne tenue des ventes, la satisfaction des maisons de vente et la cr\u00e9dibilit\u00e9 de la \nplateforme dans un environnement fortement concurrentiel ; \n \nConsid\u00e9rant, dans ces conditions, que le repos simultan\u00e9 le dimanche de l'ensemble du personnel \nde la soci\u00e9t\u00e9 DROUOT SI serait pr\u00e9judiciable au public si celui-ci ne pouvait b\u00e9n\u00e9ficier des services \nde la plateforme drouot.com et compromettrait le fonctionnement normal de la soci\u00e9t\u00e9      \nDROUOT SI  ; \n \nConsid\u00e9rant, en cons\u00e9quence, que la soci\u00e9t\u00e9 DROUOT SI pr\u00e9voit de faire travailler ses salari\u00e9s le \ndimanche  ; \n \nConsid\u00e9rant que la soci\u00e9t\u00e9 DROUOT SI a fourni, dans sa demande de d\u00e9rogation, les garanties \nn\u00e9cessaires en termes de salaire et de repos compensateur  ; \n \n \nA R R E T E  : \n \n \nARTICLE 1 \ner  : La soci\u00e9t\u00e9 DROUOT SI est autoris\u00e9e \u00e0 accorder le repos hebdomadaire par roulement \n\u00e0 tout ou partie du personnel salari\u00e9 charg\u00e9, en t\u00e9l\u00e9travail, d'effectuer des missions de support et \nd'assistance clients. \n \nARTICLE 2  : La pr\u00e9sente autorisation est d\u00e9livr\u00e9e  pour une dur\u00e9e de trois ans \u00e0 compter de la date \ndu pr\u00e9sent arr\u00eat\u00e9 et ne s'appliquera qu'aux seuls salari\u00e9s ayant donn\u00e9 leur accord \u00e9crit. \n \nARTICLE 3  : Cette autorisation ne permet pas de d\u00e9roger \u00e0 l'article L . 3132-1 du code du travail \nqui dispose qu' \u00ab il est interdit de faire travailler un m\u00eame salari\u00e9 plus de six jours par semaine  \u00bb. \n \nARTICLE 4  : Le pr\u00e9sent arr\u00eat\u00e9 peut faire l'objet d'un recours contentieux, aupr\u00e8s du tribunal \nadministratif de Paris, dans le d\u00e9lai de deux mois, \u00e0 compter de sa notification. Il peut \u00e9galement, \ndans le m\u00eame d\u00e9lai, faire l'objet d'un recours gracieux aupr\u00e8s du pr\u00e9fet de la r\u00e9gion d'\u00cele-de-France, \npr\u00e9fet de Paris et/ou d'un recours hi\u00e9rarchique aupr\u00e8s du ministre du travail et des solidarit\u00e9s. Le \nrecours gracieux et/ou hi\u00e9rarchique prolonge le d\u00e9lai de recours contentieux qui doit alors \u00eatre \nintroduit dans les deux mois suivant la d\u00e9cision implicite ou explicite de l'autorit\u00e9 comp\u00e9tente (le \nsilence de l'administration pendant un d\u00e9lai de deux mois valant d\u00e9cision implicite de rejet). \nARTICLE 5  : La pr\u00e9f\u00e8te, directrice de cabinet du pr\u00e9fet de la r\u00e9gion d'\u00cele-de-France, pr\u00e9fet de Paris \net le directeur de l'unit\u00e9 d\u00e9partementale de Paris de la direction r\u00e9gionale et interd\u00e9partementale \nde l'\u00e9conomie, de l'emploi, du travail et des solidarit\u00e9s (DRIEETS) sont charg\u00e9s, chacun en ce qui le \nconcerne, de l'ex\u00e9cution du pr\u00e9sent arr\u00eat\u00e9, qui sera notifi\u00e9 \u00e0 la soci\u00e9t\u00e9 DROUOT SI et publi\u00e9 au \nrecueil des actes administratifs de la pr\u00e9fecture de la r\u00e9gion d'\u00cele-de-France, pr\u00e9fecture de Paris, \naccessible sur le site internet  : http://www.prefectures-regions.gouv.fr/ile-de-france . \n \n                     \n                   \nFait \u00e0 Paris, le 3 avril 2026 \n \nPour le Pr\u00e9fet et par d\u00e9l\u00e9gation, \nle Directeur adjoint du cabinet du Pr\u00e9fet de la r\u00e9gion d'Ile-de-France Pr\u00e9fet de Paris, \nSIGN\u00c9 \nMarc ZARROUATI \n \n      \n \n \nPr\u00e9fecture de la R\u00e9gion d'Ile de France, Pr\u00e9fecture de Paris  - 75-2026-04-03-00001 - Arr\u00eat\u00e9 pr\u00e9fectoral accordant \u00e0 la soci\u00e9t\u00e9 DROUOT\nSI une autorisation pour d\u00e9roger \u00e0 la r\u00e8gle du repos dominical 19\nPr\u00e9fecture de Police\n75-2026-04-03-00002\nArr\u00eat\u00e9 2026-00383 du 03 avril 2026 autorisant la\ncaptation, l'enregistrement et la transmission\nd'images au moyen de cam\u00e9ras install\u00e9es sur des\na\u00e9ronefs \u00e0 l'occasion d'une manifestation le 4\navril 2026\nPr\u00e9fecture de Police - 75-2026-04-03-00002 - Arr\u00eat\u00e9 2026-00383 du 03 avril 2026 autorisant la captation, l'enregistrement et la\ntransmission d'images au moyen de cam\u00e9ras install\u00e9es sur des a\u00e9ronefs \u00e0 l'occasion d'une manifestation le 4 avril 2026 20\nPREFECTUREDE POLICELibert\u00e9Egalit\u00e9Fraternit\u00e9\nAtUGE\nCABINET DU PREFET\nArr\u00eat\u00e9 n\u00b0 2026-00383\nautorisant la captation, l'enregistrement et la transmission d'images au moyen de cam\u00e9ras \ninstall\u00e9es sur des a\u00e9ronefs \u00e0 l'occasion d'une manifestation le 4 avril 2026\nLe pr\u00e9fet de police,\nVu le code de la s\u00e9curit\u00e9 int\u00e9rieure, notamment ses articles L. 242-1 \u00e0 L. \u00a0242-8 et R.\u00a0242-8 \u00e0 \nR. 242-15 ;\nVu le d\u00e9cret n\u00b0  2004-374 modifi\u00e9 du 29 avril 2004 relatif  aux pouvoirs des pr\u00e9fets,  \u00e0  \nl'organisation et \u00e0 l'action des services de l'Etat dans les r\u00e9gions et d\u00e9partements\u00a0;\nVu l'arr\u00eat\u00e9  du 19 avril 2023  relatif au nombre  maximal de  cam\u00e9ras  install\u00e9es  sur  des  \na\u00e9ronefs pouvant \u00eatre simultan\u00e9ment utilis\u00e9es dans chaque d\u00e9partement et collectivit\u00e9  \nd'outre-mer notamment son article 73\u00a0;\nVu l'instruction minist\u00e9rielle NOR IOMD2311883J du 30 avril 2023 relative \u00e0 la proc\u00e9dure  \nd'autorisation  des  cam\u00e9ras  install\u00e9es  sur  des  a\u00e9ronefs  pour  des  missions  de  police  \nadministrative\u00a0;\nVu le d\u00e9cret du 22 octobre 2025 par lequel M. Patrice FAURE, administrateur de l'\u00c9tat du  \ntroisi\u00e8me grade, directeur de cabinet du Pr\u00e9sident de la R\u00e9publique, est nomm\u00e9 pr\u00e9fet de  \npolice (groupe I), \u00e0 compter du 23 octobre 2025 ;\nVu la demande en date du 1 er avril 2026 form\u00e9e par la direction de l'ordre public et de la  \ncirculation visant \u00e0 obtenir l'autorisation de capter, d'enregistrer et de transmettre des  \nimages au moyen de deux cam\u00e9ras install\u00e9es sur des a\u00e9ronefs t\u00e9l\u00e9-pilot\u00e9s afin d'assurer la  \npr\u00e9vention  des  atteintes  \u00e0  la  s\u00e9curit\u00e9  des  personnes  et  des  biens,  la  s\u00e9curit\u00e9  des  \nrassemblements, la pr\u00e9vention d'actes de terrorisme et la r\u00e9gulation des flux de transport  \n\u00e0 Paris et dans les Hauts-de-Seine le 4 avril 2026 ;\nConsid\u00e9rant que les dispositions du I de l'article L. 242-5 du code de la s\u00e9curit\u00e9 int\u00e9rieure  \npermettent  aux  forces  de  s\u00e9curit\u00e9  int\u00e9rieure,  dans  l'exercice  de  leurs  missions  de  \npr\u00e9vention des atteintes \u00e0 l'ordre public et de protection de la s\u00e9curit\u00e9 des personnes et  \ndes biens, de proc\u00e9der \u00e0 la captation, \u00e0 l'enregistrement et \u00e0 la transmission d'images au  \nmoyen  de  cam\u00e9ras  install\u00e9es  sur  des  a\u00e9ronefs  aux  fins  d'assurer  la  pr\u00e9vention  des  \natteintes \u00e0 la s\u00e9curit\u00e9 des personnes et des biens, la s\u00e9curit\u00e9 des rassemblements de  \npersonnes sur la voie publique ainsi que l'appui des personnels au sol, en vue de leur  \npermettre de maintenir ou de r\u00e9tablir l'ordre public lorsque ces rassemblements sont  \nsusceptibles  d'entra\u00eener des  troubles  graves  \u00e0  l'ordre public,  la  pr\u00e9vention d'actes  de  \nterrorisme et la r\u00e9gulation des flux de transport ;\nConsid\u00e9rant  qu'aura  lieu  le  samedi  4  avril  2026  une  manifestation  \u00e0  l'occasion  de  la \njourn\u00e9e  mondiale  de  la  sant\u00e9  d\u00e9clar\u00e9e  \u00ab \u00a0Mouvance  environnementaliste  contre  les  \nPr\u00e9fecture de Police - 75-2026-04-03-00002 - Arr\u00eat\u00e9 2026-00383 du 03 avril 2026 autorisant la captation, l'enregistrement et la\ntransmission d'images au moyen de cam\u00e9ras install\u00e9es sur des a\u00e9ronefs \u00e0 l'occasion d'une manifestation le 4 avril 2026 21\npesticides \u2013 Printemps bruyant \u00a0\u00bb, depuis le m\u00e9tro Grands Boulevards jusqu'au parvis du  \nTribunal  judiciaire  de  Paris ;  que  de  nombreux  participants  sont  attendus ;  que  cette \nmanifestation  intervient  dans  un  contexte  national  et  international  particuli\u00e8rement  \ntendu et marqu\u00e9 en outre par le d\u00e9p\u00f4t d'une nouvelle proposition de loi au S\u00e9nat qui  \ndevrait \u00eatre prochainement d\u00e9battue, visant \u00e0 autoriser de mani\u00e8re ponctuelle le recours  \n\u00e0 deux produits actuellement interdits dans l'agriculture fran\u00e7aise, \u00a0 l'ac\u00e9tamipride et le  \nflupyradifurone ; qu'il existe un risque s\u00e9rieux que des troubles \u00e0 l'ordre public soient  \ncommis \u00e0 l'occasion ou en marge de cette manifestation et qu'aient lieu des d\u00e9parts de  \ncort\u00e8ges non d\u00e9clar\u00e9s ; qu'il convient d'assurer la s\u00e9curit\u00e9 des personnes, des biens et des  \nrassemblements  \u00e0  l'occasion  de  cet  \u00e9v\u00e8nement  ainsi  que  la  r\u00e9gulation  des  flux  de  \ntransport ;\nConsid\u00e9rant \u00e9galement que plusieurs attentats ou tentatives d'attentats r\u00e9cents traduisent le \nniveau \u00e9lev\u00e9 de la menace terroriste actuelle en France, dans le cadre du plan VIGIPIRATE  \n\u00ab urgence attentat \u00bb en vigueur sur l'ensemble du territoire national ; que le durcissement de \nla posture VIGIPIRATE fait porter une attention particuli\u00e8re sur la s\u00e9curisation des b\u00e2timents \npublics tel que le Tribunal judiciaire de Paris ;\nConsid\u00e9rant que le recours \u00e0 des cam\u00e9ras a\u00e9roport\u00e9es permet de disposer d'une vision en  \ngrand angle tout en limitant l'engagement des forces au sol afin d'\u00e9viter notamment des  \nmenaces pour leur int\u00e9grit\u00e9 physique, et le cas \u00e9ch\u00e9ant, d'organiser de mani\u00e8re r\u00e9active et \nefficace leur d\u00e9ploiement op\u00e9rationnel,  notamment en cas  de mouvement de foule ou  \nd'actions  violentes  de  groupes  d'individus\u00a0;  qu'il  n'existe  pas  de  dispositif  moins  intrusif \npermettant de parvenir aux m\u00eames fins\u00a0;\nConsid\u00e9rant que la demande de la direction de l'ordre public et de la circulation porte sur  \nl'engagement de deux cam\u00e9ras a\u00e9roport\u00e9es qui pourront \u00eatre en vol simultan\u00e9ment en vue \nde  capter,  d'enregistrer  et  de  transmettre  des  images \u00a0;  que  les  aires  survol\u00e9es  sont  \nstrictement  limit\u00e9es  aux zones  o\u00f9  des  troubles  \u00e0  l'ordre  public  sont  susceptibles  de  se \nproduire  et  au  parcours  de  la  manifestation\u00a0; que  la  dur\u00e9e  de  l'autorisation  demand\u00e9e \nn'appara\u00eet pas disproportionn\u00e9e au regard des finalit\u00e9s poursuivies\u00a0;\nSur proposition de la direction de l'ordre public et de la circulation,\nARRETE  \u00a0  :      \nArticle 1er \u2013 La captation, l'enregistrement et la transmission d'images par la direction de  \nl'ordre public et de la circulation sont autoris\u00e9s \u00e0 Paris et dans les Hauts-de-Seine le 4 avril  \n2026 \u00e0 l'occasion du rassemblement susvis\u00e9 aux titres de\u00a0:\n- la pr\u00e9vention des atteintes \u00e0 la s\u00e9curit\u00e9 des personnes et des biens\u00a0;\n- la s\u00e9curit\u00e9 des rassemblements\u00a0;\n- la pr\u00e9vention d'actes de terrorisme ;\n- la r\u00e9gulation des flux de transport.\nArticle  2 \u2013 Le  nombre  maximal  de  cam\u00e9ras  pouvant  proc\u00e9der  simultan\u00e9ment  \u00e0  des  \nenregistrements est fix\u00e9 \u00e0 2 cam\u00e9ras embarqu\u00e9es sur des a\u00e9ronefs t\u00e9l\u00e9-pilot\u00e9s.\nArticle 3 \u2013 La pr\u00e9sente autorisation s'applique au p\u00e9rim\u00e8tre g\u00e9ographique figurant sur le plan \nen annexe au pr\u00e9sent arr\u00eat\u00e9.\n2026-00383\nPr\u00e9fecture de Police - 75-2026-04-03-00002 - Arr\u00eat\u00e9 2026-00383 du 03 avril 2026 autorisant la captation, l'enregistrement et la\ntransmission d'images au moyen de cam\u00e9ras install\u00e9es sur des a\u00e9ronefs \u00e0 l'occasion d'une manifestation le 4 avril 2026 22\nArticle 4 \u2013 La pr\u00e9sente autorisation est d\u00e9livr\u00e9e pour le samedi 4 avril 2026 de 13h00 \u00e0 22h00 \npour l'ensemble des finalit\u00e9s pr\u00e9cit\u00e9es.\nArticle 5 \u2013 L'information du public est assur\u00e9e par la publication de l'arr\u00eat\u00e9 aux recueils des \nactes administratifs du d\u00e9partement de Paris et de la pr\u00e9fecture des Hauts-de-Seine, sa mise \nen ligne sur le site internet de la pr\u00e9fecture de police ainsi que par une information sur les  \nr\u00e9seaux sociaux.\nArticle 6 \u2013 Le registre mentionn\u00e9 \u00e0 l'article L. 242-4 du code de la s\u00e9curit\u00e9 int\u00e9rieure est  \ntransmis au pr\u00e9fet de police, \u00e0 l'issue de la p\u00e9riode d'autorisation.\nArticle 7 \u2013 Le pr\u00e9fet des Hauts-de-Seine, le pr\u00e9fet, directeur du cabinet du pr\u00e9fet de police et \nle directeur de l'ordre public et de la circulation sont charg\u00e9s, chacun en ce qui le concerne, \nde l'ex\u00e9cution du pr\u00e9sent arr\u00eat\u00e9 qui entrera en vigueur d\u00e8s son affichage aux portes de la  \npr\u00e9fecture de police, sera publi\u00e9 aux recueils des actes administratifs du d\u00e9partement de  \nParis et de la pr\u00e9fecture des Hauts-de-Seine et consultable sur le site internet de la pr\u00e9fecture \nde police (https://www.prefecturedepolice.interieur.gouv.fr).\nFait \u00e0 Paris, le 3 avril 2026\nSIGN\u00c9\nPour le pr\u00e9fet de police\nLe pr\u00e9fet, directeur du cabinet, \nBaptiste ROLLAND\n2026-00383\nPr\u00e9fecture de Police - 75-2026-04-03-00002 - Arr\u00eat\u00e9 2026-00383 du 03 avril 2026 autorisant la captation, l'enregistrement et la\ntransmission d'images au moyen de cam\u00e9ras install\u00e9es sur des a\u00e9ronefs \u00e0 l'occasion d'une manifestation le 4 avril 2026 23\nAnnexe de l'arr\u00eat\u00e9 n\u00b0 2026-00383 du 3 avril 2026\nVOIES ET DELAIS DE RECOURS\n_______________________\nSi vous estimez devoir contester la pr\u00e9sente autorisation, il vous est possible, dans un  \nd\u00e9lai de deux mois \u00e0 compter de la date de son affichage ou de sa publication\u00a0:\n                 - soit de saisir d'un RECOURS GRACIEUX\nle Pr\u00e9fet de Police\n7/9, boulevard du Palais - 75195 PARIS RP\n- ou de former un RECOURS HIERARCHIQUE\n  aupr\u00e8s du Ministre de l'int\u00e9rieur et des outre-mer\n  Direction des libert\u00e9s publiques et des affaires juridiques\n  place Beauvau - 75008 PARIS\n- soit de saisir d'un RECOURS CONTENTIEUX\nle Tribunal administratif comp\u00e9tent\nAucune de ces voies et recours ne suspend l'application de la pr\u00e9sente d\u00e9cision.\nLes recours GRACIEUX et HIERARCHIQUE doivent \u00eatre \u00e9crits, exposer les arguments ou  \nfaits nouveaux et comprendre la copie de la d\u00e9cision contest\u00e9e.\nLe recours contentieux, qui vise \u00e0 contester la LEGALITE de la pr\u00e9sente d\u00e9cision, doit  \n\u00e9galement \u00eatre \u00e9crit et exposer votre argumentation juridique.\nSi vous n'aviez pas de r\u00e9ponse \u00e0 votre recours GRACIEUX ou HIERARCHIQUE dans un  \nd\u00e9lai de deux mois \u00e0 compter de la r\u00e9ception de votre recours par l'administration, votre  \ndemande devra \u00eatre consid\u00e9r\u00e9e comme rejet\u00e9e (d\u00e9cision implicite de rejet).\nEn cas de rejet des RECOURS GRACIEUX ou HIERARCHIQUE, le Tribunal administratif peut \n\u00eatre saisi d'un recours contentieux dans le d\u00e9lai de deux mois \u00e0 compter de la date de la  \nd\u00e9cision de rejet.\n2026-00383\nPr\u00e9fecture de Police - 75-2026-04-03-00002 - Arr\u00eat\u00e9 2026-00383 du 03 avril 2026 autorisant la captation, l'enregistrement et la\ntransmission d'images au moyen de cam\u00e9ras install\u00e9es sur des a\u00e9ronefs \u00e0 l'occasion d'une manifestation le 4 avril 2026 24\n7TT=ee2a:-t>masut\u00a3LDLe=aL!\n~\n\u2014\u00e0~\u00c0,CE4|\nEe ip , \n|\n\u00e0ce|=DRE5!\n2026-00383\nPr\u00e9fecture de Police - 75-2026-04-03-00002 - Arr\u00eat\u00e9 2026-00383 du 03 avril 2026 autorisant la captation, l'enregistrement et la\ntransmission d'images au moyen de cam\u00e9ras install\u00e9es sur des a\u00e9ronefs \u00e0 l'occasion d'une manifestation le 4 avril 2026 25\nPr\u00e9fecture de Police\n75-2026-04-03-00010\nArr\u00eat\u00e9 n\u00b0 2026 - 00384 modifiant provisoirement\nle stationnement et la circulation dans plusieurs\nvoies de Paris 16\u00e8me et de Boulogne-Billancourt\nle 8 avril 2026 \u00e0 l'occasion de la rencontre de\nfootball entre le Paris Saint-Germain Football\nClub et Liverpool Football Club\nPr\u00e9fecture de Police - 75-2026-04-03-00010 - Arr\u00eat\u00e9 n\u00b0 2026 - 00384 modifiant provisoirement le stationnement et la circulation dans\nplusieurs voies de Paris 16\u00e8me et de Boulogne-Billancourt le 8 avril 2026 \u00e0 l'occasion de la rencontre de football entre le Paris\nSaint-Germain Football Club et Liverpool Football Club\n26\nPREFECTUREDE POLICELibert\u00e9Egalit\u00e9Fraternit\u00e9\nAtLe(Es:\nCABINET DU PREFET\nParis, le 3 avril 2026        \nARRETE N\u00b0 2026 - 00384\nmodifiant provisoirement le stationnement et la circulation dans plusieurs voies \nde Paris 16\u00e8me et de Boulogne-Billancourt le 8 avril 2026 \u00e0 l'occasion de la rencontre de \nfootball entre le Paris Saint-Germain Football Club et Liverpool Football Club\nLE PREFET DE POLICE\nVu le code g\u00e9n\u00e9ral des collectivit\u00e9s territoriales, notamment ses articles L.2512-13 et  \nL.2512-14 II ;\nVu  le  code  de  la  route,  notamment  ses  articles  L.325-1  \u00e0  L.325-3,  R.411-8  et\nR.411-25\u00a0;\nVu le code de l'action sociale et des familles, notamment son article L.241-3\u00a0;\nVu l'avis de la Ville de Paris en date du 31 mars 2026 ;\nVu l'avis de la ville de Boulogne-Billancourt en date du 31 mars 2026 ;\nConsid\u00e9rant  l'organisation  du  match  de  quart  de  finale  de  l'UEFA  Ligue  des  \nChampions, au Parc des Princes \u00e0 Paris 16 \u00e8me entre le Paris Saint-Germain Football Club et  \nLiverpool Football Club qui se d\u00e9roulera le 8 avril 2026 ;\nConsid\u00e9rant  que  pour  assurer  le  bon  d\u00e9roulement  de  cet  \u00e9v\u00e8nement  ainsi  que  la \ns\u00e9curit\u00e9 du public, il convient de prendre des mesures de restriction du stationnement et de  \nla  circulation  les  8  et  9  avril  2026,  dans  plusieurs  voies  de  Paris  16 \u00e8me et  de  Boulogne-\nBillancourt\u00a0;\nSur proposition du directeur de l'ordre public et de la circulation\u00a0:\nA R R E T E\u00a0:\nArticle 1  er  \nLe stationnement de tout type de v\u00e9hicule est interdit du  8 avril  2026 \u00e0 08h00 au  \n9 avril 2026 \u00e0 01h00, dans les voies et portions de voies suivantes de Paris 16 \u00e8me et de Bou -\nlogne-Billancourt\u00a0:\n- rue Nungesser et Coli ;\n- all\u00e9e Charles Brennus\u00a0;\n- avenue du G\u00e9n\u00e9ral Sarrail, entre la rue Raffa\u00eblli et la rue Lecomte du No\u00fcy\u00a0;\nPr\u00e9fecture de Police - 75-2026-04-03-00010 - Arr\u00eat\u00e9 n\u00b0 2026 - 00384 modifiant provisoirement le stationnement et la circulation dans\nplusieurs voies de Paris 16\u00e8me et de Boulogne-Billancourt le 8 avril 2026 \u00e0 l'occasion de la rencontre de football entre le Paris\nSaint-Germain Football Club et Liverpool Football Club\n27\n- rue Lecomte du No\u00fcy\u00a0;\n- avenue du Parc des Princes\u00a0;\n- place du Docteur Paul Michaux\u00a0;\n- rue de l'Arioste\u00a0;\n- rue du Sergent Maginot\u00a0;\n- rue du G\u00e9n\u00e9ral Roques\u00a0;\n- rue du Commandant Guilbaud\u00a0;\n- place de l'Europe\u00a0;\n- rue Claude Farr\u00e8re\u00a0;\n- avenue de la Porte Molitor, c\u00f4t\u00e9 impair, entre la rue Nungesser et Coli et le boule -\nvard d'Auteuil\u00a0;\n- rue Joseph Bernard, entre la rue de la Tourelle et la rue Nungesser et Coli\u00a0;\n- rue du Parc\u00a0;\n- rue de la Tourelle, entre la rue du Parc et la rue du Belv\u00e9d\u00e8re\u00a0;\n- rue de la Tourelle, c\u00f4t\u00e9 impair, entre la rue du Belv\u00e9d\u00e8re et la place de l'Europe.\nCes voies et portions de voies figurent en annexe 2 au pr\u00e9sent arr\u00eat\u00e9.\nArticle 2\nLa  circulation  de  tout  type  de  v\u00e9hicule  est  interdite  du  8  avril  2026  \u00e0  17h00  au  \n9 avril 2026 \u00e0 01h00, dans les voies et portions de voies suivantes de Paris 16 \u00e8me et de Bou -\nlogne-Billancourt\u00a0:\n- rue Nungesser et Coli ;\n- all\u00e9e Charles Brennus\u00a0;\n- avenue du G\u00e9n\u00e9ral Sarrail, entre la rue Raffa\u00eblli et la rue Lecomte du No\u00fcy\u00a0;\n- rue Lecomte du No\u00fcy\u00a0;\n- avenue du Parc des Princes\u00a0;\n- place du Docteur Paul Michaux\u00a0;\n- rue de l'Arioste\u00a0;\n- rue du Sergent Maginot\u00a0;\n- rue du G\u00e9n\u00e9ral Roques\u00a0;\n- rue du Commandant Guilbaud\u00a0;\n- place de l'Europe\u00a0;\n- rue Claude Farr\u00e8re\u00a0;\n- rue Joseph Bernard, entre la rue de la Tourelle et la rue Nungesser et Coli\u00a0;\n- rue du Parc\u00a0;\n- rue de la Tourelle, entre la rue de Paris et la place de l'Europe.\nCes voies et portions de voies figurent en annexe 2 au pr\u00e9sent arr\u00eat\u00e9.\nPr\u00e9fecture de Police - 75-2026-04-03-00010 - Arr\u00eat\u00e9 n\u00b0 2026 - 00384 modifiant provisoirement le stationnement et la circulation dans\nplusieurs voies de Paris 16\u00e8me et de Boulogne-Billancourt le 8 avril 2026 \u00e0 l'occasion de la rencontre de football entre le Paris\nSaint-Germain Football Club et Liverpool Football Club\n28\nArticle 3 \nSeuls les v\u00e9hicules des personnes titulaires de la carte \u00ab\u00a0mobilit\u00e9 inclusion\u00a0\u00bb portant la \nmention \u00ab\u00a0stationnement pour personnes handicap\u00e9es\u00a0\u00bb, telle que mentionn\u00e9e dans l'article \nL.241-3 du code de l'action sociale et des familles, sont autoris\u00e9s \u00e0 stationner et \u00e0 circuler rue  \ndu Sergent Maginot, \u00e0 Paris 16\u00e8me, lors des plages horaires pr\u00e9cit\u00e9es.\nArticle 4\nSans pr\u00e9judice des sanctions p\u00e9nales auxquelles s'exposent les personnes en infraction \navec les dispositions du pr\u00e9sent arr\u00eat\u00e9, les v\u00e9hicules ayant servi \u00e0 commettre ces infractions  \npeuvent \u00eatre immobilis\u00e9s et mis en fourri\u00e8re dans les conditions pr\u00e9vues aux articles L.325-1 \u00e0  \nL.325-3 du code de la route.\nArticle 5\nLes  dispositions  du  pr\u00e9sent  arr\u00eat\u00e9  ne  sont  pas  applicables  aux  v\u00e9hicules  d'int\u00e9r\u00eat \ng\u00e9n\u00e9ral prioritaires au sens des dispositions de l'article R.311-1 6.5 du code de la route.\nArticle 6\nLe directeur de l'ordre public et de la circulation, le directeur de la s\u00e9curit\u00e9 de proximit\u00e9 de \nl'agglom\u00e9ration parisienne de la Pr\u00e9fecture de Police, le directeur de la voirie et des d\u00e9placements \net le directeur de la police municipale et de la pr\u00e9vention de la Ville de Paris sont charg\u00e9s, chacun \nen ce qui le concerne, de l'ex\u00e9cution du pr\u00e9sent arr\u00eat\u00e9 qui entrera en vigueur \u00e0 compter de son \naffichage aux portes de la pr\u00e9fecture de police (1 rue de Lut\u00e8ce). Il sera \u00e9galement affich\u00e9 aux \nportes de la mairie et du commissariat des arrondissements concern\u00e9s et sera publi\u00e9 au recueil des \nactes administratifs de la pr\u00e9fecture de la r\u00e9gion d'\u00cele-de-France, pr\u00e9fecture de Paris et de la  \npr\u00e9fecture  de  police  et  sur  le  site  internet  de  la  pr\u00e9fecture  de  police  de  Paris  : \nwww.prefecturedepolice.interieur.gouv.fr. \nPour le Pr\u00e9fet de Police,\nLe Sous-Pr\u00e9fet, Directeur \nAdjoint du Cabinet\nSign\u00e9\nCharles BARBIER\nPr\u00e9fecture de Police - 75-2026-04-03-00010 - Arr\u00eat\u00e9 n\u00b0 2026 - 00384 modifiant provisoirement le stationnement et la circulation dans\nplusieurs voies de Paris 16\u00e8me et de Boulogne-Billancourt le 8 avril 2026 \u00e0 l'occasion de la rencontre de football entre le Paris\nSaint-Germain Football Club et Liverpool Football Club\n29\nANNEXE 1 A L'ARRETE N\u00b0  2026 - 00384 du 3 avril 2026\nVOIES ET DELAIS DE RECOURS\n_______________________\nSi vous estimez devoir contester la pr\u00e9sente d\u00e9cision, il vous est possible, dans un d\u00e9lai de  \ndeux mois \u00e0 compter de la date de son affichage\u00a0:\n- soit de saisir d'un RECOURS GRACIEUX\nle Pr\u00e9fet de Police\n7/9, boulevard du Palais - 75195 PARIS RP\n- ou de former un RECOURS HIERARCHIQUE\n  aupr\u00e8s du Ministre de l'int\u00e9rieur et des outre-mer\n  Direction des libert\u00e9s publiques et des affaires juridiques\n  place Beauvau - 75008 PARIS\n- soit de saisir d'un RECOURS CONTENTIEUX\nle Tribunal administratif comp\u00e9tent\nAucune de ces voies et recours ne suspend l'application de la pr\u00e9sente d\u00e9cision.\nLes recours GRACIEUX et HIERARCHIQUE doivent \u00eatre \u00e9crits, exposer les arguments ou faits  \nnouveaux et comprendre la copie de la d\u00e9cision contest\u00e9e.\nLe  recours  contentieux,  qui  vise  \u00e0  contester  la  LEGALITE  de  la  pr\u00e9sente  d\u00e9cision,  doit  \n\u00e9galement \u00eatre \u00e9crit et exposer votre argumentation juridique.\nSi vous n'aviez pas de r\u00e9ponse \u00e0 votre recours GRACIEUX ou HIERARCHIQUE dans un d\u00e9lai  \nde  deux  mois  \u00e0  compter  de  la  r\u00e9ception  de  votre  recours  par  l'administration,  votre  \ndemande devra \u00eatre consid\u00e9r\u00e9e comme rejet\u00e9e (d\u00e9cision implicite de rejet).\nEn cas de rejet des RECOURS GRACIEUX ou HIERARCHIQUE, le Tribunal administratif peut  \n\u00eatre saisi d'un recours contentieux dans le d\u00e9lai de deux mois \u00e0 compter de la date de la  \nd\u00e9cision de rejet.\nPr\u00e9fecture de Police - 75-2026-04-03-00010 - Arr\u00eat\u00e9 n\u00b0 2026 - 00384 modifiant provisoirement le stationnement et la circulation dans\nplusieurs voies de Paris 16\u00e8me et de Boulogne-Billancourt le 8 avril 2026 \u00e0 l'occasion de la rencontre de football entre le Paris\nSaint-Germain Football Club et Liverpool Football Club\n30\nsoeLACE OF LA PORTE weePOURTs 2 sense. . .\n_....>?\"8S>as\u00a9seeteeRE\u00e0|32LureamerTRS\u2014nn....ESF\"ae,ee\nif\n=Li==\ni283#22=:Bospe;'?\u00c0/\\4\u00a35==}a~=k=2se2kjSX\u00bb1;q&3x=iSsjieks3Ait:13|85ui5s|55.diftpegay17ifs-2aLE\\=.|='=LT+\nANNEXE 2 A L'ARRETE N\u00b0  2026 - 00384 du 3 avril 2026\nPr\u00e9fecture de Police - 75-2026-04-03-00010 - Arr\u00eat\u00e9 n\u00b0 2026 - 00384 modifiant provisoirement le stationnement et la circulation dans\nplusieurs voies de Paris 16\u00e8me et de Boulogne-Billancourt le 8 avril 2026 \u00e0 l'occasion de la rencontre de football entre le Paris\nSaint-Germain Football Club et Liverpool Football Club\n31\nPr\u00e9fecture de Police\n75-2026-04-03-00009\nArr\u00eat\u00e9 n\u00b0 2026-00385 modifiant provisoirement\nle stationnement et la circulation dans plusieurs\nvoies de Paris 16\u00e8me et de Boulogne-Billancourt \u00e0\nl'occasion de la rencontre de football entre les\n\u00e9quipes du Paris Football Club et l'Association\nsportive de Monaco Football Club le 10 avril 2026\nPr\u00e9fecture de Police - 75-2026-04-03-00009 - Arr\u00eat\u00e9 n\u00b0 2026-00385 modifiant provisoirement le stationnement et la circulation dans\nplusieurs voies de Paris 16\u00e8me et de Boulogne-Billancourt \u00e0 l'occasion de la rencontre de football entre les \u00e9quipes du Paris Football\nClub et l'Association sportive de Monaco Football Club le 10 avril 2026\n32\nPREFECTUREDE POLICELiibert\u00e9Egalit\u00e9Fraternit\u00e9\nGi\nCABINET DU PR\u00c9FET\nParis, le 03 avril 2026\nARRETE N\u00b0 2026-00385\nmodifiant provisoirement le stationnement et la circulation dans plusieurs voies \nde Paris 16\u00e8me et de Boulogne-Billancourt \u00e0 l'occasion de la rencontre de football entre les \n\u00e9quipes du Paris Football Club et l'Association sportive de Monaco Football Club le 10 avril \n2026\nLE PREFET DE POLICE\nVu le code g\u00e9n\u00e9ral des collectivit\u00e9s territoriales, notamment ses articles L.2512-13 et  \nL.2512-14 II ;\nVu  le  code  de  la  route,  notamment  ses  articles  L.325-1  \u00e0  L.325-3,  R.411-8  et\nR.411-25\u00a0;\nVu le code de l'action sociale et des familles, notamment son article L.241-3\u00a0;\nVu l'avis de la Ville de Paris en date du 31 mars 2026 ;\nVu l'avis de la Ville de Boulogne-Billancourt en date du 31 mars 2026 ;\nConsid\u00e9rant l'organisation de la rencontre entre les \u00e9quipes du Paris Football Club et  \nde l'Association sportive de Monaco Football Club  dans le cadre de la 29 \u00e8me journ\u00e9e de la  \nLigue 1 de football, qui se d\u00e9roulera le 10 avril 2026 au stade Jean Bouin \u00e0 Paris 16\u00e8me\u00a0;\nConsid\u00e9rant  que  pour  assurer  le  bon  d\u00e9roulement  de  cet  \u00e9v\u00e8nement  ainsi  que  la \ns\u00e9curit\u00e9 du public et des participants, il convient de prendre des mesures de restriction du  \nstationnement et de la circulation le 10 avril 2026, dans plusieurs voies de Paris 16 \u00e8me et de  \nBoulogne-Billancourt\u00a0;\nSur proposition du directeur de l'ordre public et de la circulation\u00a0:\nA R R E T E \nArticle 1  er  \nLe stationnement de tout type de v\u00e9hicule est interdit le 10 avril 2026 de 08h00 \u00e0  \n23h00, dans les voies et portions de voies suivantes de Paris 16\u00e8me et de Boulogne-Billancourt\u00a0:\n- rue Nungesser et Coli, entre l'avenue de la Porte Molitor et la place de l'Europe\u00a0;\n- all\u00e9e Charles Brennus\u00a0;\n- avenue du G\u00e9n\u00e9ral Sarrail, entre la rue Raffa\u00eblli et la rue Lecomte du No\u00fcy\u00a0;\n- rue Lecomte du No\u00fcy\u00a0;\nPr\u00e9fecture de Police - 75-2026-04-03-00009 - Arr\u00eat\u00e9 n\u00b0 2026-00385 modifiant provisoirement le stationnement et la circulation dans\nplusieurs voies de Paris 16\u00e8me et de Boulogne-Billancourt \u00e0 l'occasion de la rencontre de football entre les \u00e9quipes du Paris Football\nClub et l'Association sportive de Monaco Football Club le 10 avril 2026\n33\n- avenue du Parc des Princes, entre l'avenue du G\u00e9n\u00e9ral Sarrail et la rue de l'Arioste\u00a0;\n- rue du Commandant Guilbaud, de la place de l'Europe \u00e0 la rue du Parc\u00a0;\n- place de l'Europe\u00a0;\n- rue Claude Farr\u00e8re\u00a0;\n- rue Joseph Bernard, de la rue de La Tourelle \u00e0 la rue Nungesser et Coli ; \n- avenue de la porte Molitor, c\u00f4t\u00e9 impair, entre la rue Nungesser et Coli et le boule -\nvard d'Auteuil ;\n- place de la porte Molitor entre l'avenue de la porte Molitor et l'avenue du G\u00e9n\u00e9ral  \nSarrail.\nCes voies et portions de voies figurent en annexe 2 au pr\u00e9sent arr\u00eat\u00e9.\nArticle 2\nLa circulation de tout type de v\u00e9hicule est interdite le 10 avril 2026 de 16h00 \u00e0 23h00,  \ndans les voies et portions de voies suivantes de Paris 16\u00e8me et de Boulogne-Billancourt\u00a0:\n- rue Nungesser et Coli, entre l'avenue de la Porte Molitor et la place de l'Europe\u00a0;\n- all\u00e9e Charles Brennus\u00a0;\n- avenue du G\u00e9n\u00e9ral Sarrail, entre la rue Raffa\u00eblli et la rue Lecomte du No\u00fcy\u00a0;\n- rue Lecomte du No\u00fcy\u00a0;\n- avenue du Parc des Princes,\u00a0entre l'avenue du G\u00e9n\u00e9ral Sarrail et la rue de l'Arioste\u00a0;\n- rue du Commandant Guilbaud, entre la place de l'Europe et la rue du Parc\u00a0;\n- place de l'Europe\u00a0;\n- rue Claude Farr\u00e8re\u00a0;\n- rue Joseph Bernard, de la rue de La Tourelle \u00e0 la rue Nungesser et Coli ;\n- place de l'Europe, entre la rue de la Tourelle et le rond-point de la place de l'Eu -\nrope.\nCes voies et portions de voies figurent en annexe 2 au pr\u00e9sent arr\u00eat\u00e9.\nArticle 3\nSeuls les v\u00e9hicules des personnes titulaires de la carte \u00ab \u00a0mobilit\u00e9 inclusion\u00a0\u00bb portant la \nmention \u00ab\u00a0stationnement pour personnes handicap\u00e9es \u00a0\u00bb, telle que mentionn\u00e9e dans l'article  \nL.241-3 du code de l'action sociale et des familles, sont autoris\u00e9s \u00e0 stationner et \u00e0 circuler rue  \ndu Commandant Guilbaud, de la place de l'Europe \u00e0 la rue du Parc, \u00e0 Paris 16 \u00e8me, lors des  \nplages horaires pr\u00e9cit\u00e9es.\n2\nPr\u00e9fecture de Police - 75-2026-04-03-00009 - Arr\u00eat\u00e9 n\u00b0 2026-00385 modifiant provisoirement le stationnement et la circulation dans\nplusieurs voies de Paris 16\u00e8me et de Boulogne-Billancourt \u00e0 l'occasion de la rencontre de football entre les \u00e9quipes du Paris Football\nClub et l'Association sportive de Monaco Football Club le 10 avril 2026\n34\nArticle 4\nSans pr\u00e9judice des sanctions p\u00e9nales auxquelles s'exposent les personnes en infraction \navec les dispositions du pr\u00e9sent arr\u00eat\u00e9, les v\u00e9hicules ayant servi \u00e0 commettre ces infractions  \npeuvent \u00eatre immobilis\u00e9s et mis en fourri\u00e8re dans les conditions pr\u00e9vues aux articles L.325-1 \u00e0  \nL.325-3 du code de la route.\nArticle 5\nLes  dispositions  du  pr\u00e9sent  arr\u00eat\u00e9  ne  sont  pas  applicables  aux  v\u00e9hicules  d'int\u00e9r\u00eat \ng\u00e9n\u00e9ral prioritaires au sens des dispositions de l'article R.311-1 6.5 du code de la route.\nArticle 6\nLe  directeur  de  l'ordre  public  et  de  la  circulation,  le  directeur  de  la  s\u00e9curit\u00e9  de  \nproximit\u00e9 de l'agglom\u00e9ration parisienne de la Pr\u00e9fecture de Police, le directeur de la voirie et  \ndes d\u00e9placements et le directeur de la police municipale et de la pr\u00e9vention de la Ville de  \nParis sont charg\u00e9s, chacun en ce qui le concerne, de l'ex\u00e9cution du pr\u00e9sent arr\u00eat\u00e9 qui entrera  \nen vigueur \u00e0 compter de son affichage aux portes de la pr\u00e9fecture de police (1 rue de Lut\u00e8ce). \nIl sera \u00e9galement affich\u00e9 aux portes de la mairie et du commissariat de l'arrondissement  \nconcern\u00e9 et sera publi\u00e9 au recueil des actes administratifs de la pr\u00e9fecture de la r\u00e9gion d'\u00cele-\nde-France, pr\u00e9fecture de Paris et de la pr\u00e9fecture de police et sur le site internet de la  \npr\u00e9fecture de police de Paris : www.prefecturedepolice.interieur.gouv.fr. \nPour le pr\u00e9fet de Police,\nLe sous-pr\u00e9fet\nDirecteur adjoint de cabinet\nSign\u00e9\nCharles BARBIER\n3\nPr\u00e9fecture de Police - 75-2026-04-03-00009 - Arr\u00eat\u00e9 n\u00b0 2026-00385 modifiant provisoirement le stationnement et la circulation dans\nplusieurs voies de Paris 16\u00e8me et de Boulogne-Billancourt \u00e0 l'occasion de la rencontre de football entre les \u00e9quipes du Paris Football\nClub et l'Association sportive de Monaco Football Club le 10 avril 2026\n35\nANNEXE 1 A L'ARRETE N\u00b0 2026-00385  du 3 avril 2026\nVOIES ET DELAIS DE RECOURS\n_______________________\nSi vous estimez devoir contester la pr\u00e9sente d\u00e9cision, il vous est possible, dans un d\u00e9lai de  \ndeux mois \u00e0 compter de la date de son affichage\u00a0:\n- soit de saisir d'un RECOURS GRACIEUX\nle pr\u00e9fet de Police de Paris\n7/9, boulevard du Palais - 75195 PARIS RP\n- ou de former un RECOURS HIERARCHIQUE\n  aupr\u00e8s du ministre de l'Int\u00e9rieur \n  Direction des libert\u00e9s publiques et des affaires juridiques\n  place Beauvau - 75008 PARIS\n- soit de saisir d'un RECOURS CONTENTIEUX\nle tribunal administratif comp\u00e9tent\nAucune de ces voies et recours ne suspend l'application de la pr\u00e9sente d\u00e9cision.\nLes recours GRACIEUX et HIERARCHIQUE doivent \u00eatre \u00e9crits, exposer les arguments ou faits  \nnouveaux et comprendre la copie de la d\u00e9cision contest\u00e9e.\nLe  recours  contentieux,  qui  vise  \u00e0  contester  la  LEGALITE  de  la  pr\u00e9sente  d\u00e9cision,  doit  \n\u00e9galement \u00eatre \u00e9crit et exposer votre argumentation juridique.\nSi vous n'aviez pas de r\u00e9ponse \u00e0 votre recours GRACIEUX ou HIERARCHIQUE dans un d\u00e9lai  \nde  deux  mois  \u00e0  compter  de  la  r\u00e9ception  de  votre  recours  par  l'administration,  votre  \ndemande devra \u00eatre consid\u00e9r\u00e9e comme rejet\u00e9e (d\u00e9cision implicite de rejet).\nEn cas de rejet des RECOURS GRACIEUX ou HIERARCHIQUE, le tribunal administratif peut  \n\u00eatre saisi d'un recours contentieux dans le d\u00e9lai de deux mois \u00e0 compter de la date de la  \nd\u00e9cision de rejet.\n4\nPr\u00e9fecture de Police - 75-2026-04-03-00009 - Arr\u00eat\u00e9 n\u00b0 2026-00385 modifiant provisoirement le stationnement et la circulation dans\nplusieurs voies de Paris 16\u00e8me et de Boulogne-Billancourt \u00e0 l'occasion de la rencontre de football entre les \u00e9quipes du Paris Football\nClub et l'Association sportive de Monaco Football Club le 10 avril 2026\n36\nDIRECTION DEL'ORDRE PUBLICET DE LA CIRCULATIONes. RE CaPDEPOLICE WLibert\u00e9Egalit\u00e9Fraternit\u00e9\nARR\u00caT\u00c9 D'INTERDICTION DE STATIONNEMENTET DE CIRCULATIONES INTERDICTION DE STATIONNEMENTLe Vendredi 10 Avril 2026 de 08h00 \u00e0 23h00\u00c0 [7] INTERDICTION DE CIRCULATIONLe Vendredi 10 Avril 2026 de 16h00 \u00e0 23h00 \u2014\n__ VersienlONAUIS0.03.2026 \u00e0 14h37\n4pli\nPORTE OAUTEUAL\nade | /, .'oland \u00ea con7 Scene angjenGarros * if Stade |+s Roland \u00c0\u00e9 jSe, 3 Garros #2 !4  a) :rural k.\u00e9s re 4ere, \u00eb g \u00ff WV\u00eb \u00e0 TM~j jf\u00e9 \u00ff4 Fi$en, \u00a3FA de\u00e9 Erg &&\nRie,coe\n* PUACEDELA \u00c0PORTE DAUTEUIL {\nPorte d'Auteuil\nUTEUIL *\n\u00e6 F4measi\u00e9rorne 5Ress \u00ff /me # \u00a3\n\u00ff | if 5e/ \u00ab 3 '\u00e9/ L 1stay, \u00ca\u00e9/ \u00c9 \u00e0 \u00c0/ \u00c9 L\u00c9 i \u00c0d tr7 cine 3 2 elfy \u0178 5 ul Ole; \u00b0 EEpe Le 12\\ & | x 2L ] \u0178 / Se eaeBe, |, Renetpoint \u00e0 . ee 8hD\u00e9mertare nf fraux | FiS a2a5 \u00ab3Rue + di:D ris ce de B fe,\n: &  \n3\nAee BoxCs is= 2,> : eeJ LT> PaROUTE DE LA Reine 32 <\n2 =L i ROUTE DE LA Ree5 & }14 \u00c0 ROUTE OE La FA telses %) REINE LP sintejeance \\c ft LK] + . de Chantalpraan 2 sfy AVENUEDE 14, \u00c0 Sr?is Rcd palin LA PORTE DE sar au3  J  -CLOUD\u00a7 # MEET.& aa. >E 2{Jar\u00e8n octmg 4 *\\ se PLACE 2 d\u00ae\\ . 2 . a = 8i. nee ia LAPORTE \u00c0 LA3 Porte de'Saint-Cloud\u00ae SAINT-CLOU! Ee PERSmeet OU EL, V2 ' \u00b0: > VAR iyi st\" aa 4 Kf \" 95 m Ray \"+ Ve] he i ofoan ,\nj  2  2 Bou  a!\n5 Whe . . i MURAT ilig \u00a3 ns 1 ise ie# Jardin Thiers \u00a5 . \" 7@  \u00e0  \na  We  L\n\u00e0 \na,\n\u00e0 a) AVENUE DODE DE LA BRUNED z\nANNEXE 2 A L'ARRETE N\u00b0 2026-00385  du 3 avril 2026\n5\nPr\u00e9fecture de Police - 75-2026-04-03-00009 - Arr\u00eat\u00e9 n\u00b0 2026-00385 modifiant provisoirement le stationnement et la circulation dans\nplusieurs voies de Paris 16\u00e8me et de Boulogne-Billancourt \u00e0 l'occasion de la rencontre de football entre les \u00e9quipes du Paris Football\nClub et l'Association sportive de Monaco Football Club le 10 avril 2026\n37\nPr\u00e9fecture de Police\n75-2026-04-03-00006\nArr\u00eat\u00e9 n\u00b02026-00378 autorisant la captation,\nl'enregistrement et la transmission d'images au\nmoyen de cam\u00e9ras install\u00e9es sur des a\u00e9ronefs \u00e0\nl'occasion d'un match de basket-ball le 9 avril\n2026 \u00e0 Paris  \nPr\u00e9fecture de Police - 75-2026-04-03-00006 - Arr\u00eat\u00e9 n\u00b02026-00378 autorisant la captation, l'enregistrement et la transmission d'images\nau moyen de cam\u00e9ras install\u00e9es sur des a\u00e9ronefs \u00e0 l'occasion d'un match de basket-ball le 9 avril 2026 \u00e0 Paris  38\nExPREFECTUREDE POLICELibert\u00e9Egalit\u00e9Fraternit\u00e9\nniqGi\nCABINET DU PREFET\nArr\u00eat\u00e9 n\u00b02026-00378\nautorisant la captation, l'enregistrement et la transmission d'images au moyen de cam\u00e9ras \ninstall\u00e9es sur des a\u00e9ronefs \u00e0 l'occasion d'un match de basket-ball le 9 avril 2026 \u00e0 Paris  \nLe pr\u00e9fet de police,\nVu le code de la s\u00e9curit\u00e9 int\u00e9rieure, notamment ses articles L. 242-1 \u00e0 L. \u00a0242-8 et R. \u00a0242-8 \u00e0 \nR.\u00a0242-15 ;\nVu  le  d\u00e9cret  n\u00b0  2004-374  du  29  avril  2004  modifi\u00e9  relatif  aux  pouvoirs  des  pr\u00e9fets,  \u00e0  \nl'organisation et \u00e0 l'action des services de l'Etat dans les r\u00e9gions et d\u00e9partements ;\nVu l'arr\u00eat\u00e9 du 19 avril 2023 relatif au nombre maximal de cam\u00e9ras install\u00e9es sur des a\u00e9ronefs  \npouvant \u00eatre simultan\u00e9ment utilis\u00e9es dans chaque d\u00e9partement et collectivit\u00e9 d'outre-mer\u00a0;\nVu l'instruction minist\u00e9rielle NOR IOMD2311883J du 30 avril 2023 relative \u00e0 la proc\u00e9dure  \nd'autorisation  des  cam\u00e9ras  install\u00e9es  sur  des  a\u00e9ronefs  pour  des  missions  de  police  \nadministrative\u00a0;\nVu le d\u00e9cret du 22 octobre 2025 par lequel M. Patrice FAURE, administrateur de l'Etat du  \ntroisi\u00e8me grade, directeur de cabinet du Pr\u00e9sident de la R\u00e9publique, est nomm\u00e9 pr\u00e9fet de  \npolice (groupe I), \u00e0 compter du 23 octobre 2025 ;\nVu la demande en date du 31 mars 2026  form\u00e9e par la direction de l'ordre public et de la  \ncirculation  visant  \u00e0  obtenir  l'autorisation  de  capter,  d'enregistrer  et  de  transmettre  des \nimages au moyen de deux cam\u00e9ras install\u00e9es sur des a\u00e9ronefs t\u00e9l\u00e9-pilot\u00e9s afin d'assurer la  \npr\u00e9vention  des  atteintes  \u00e0  la  s\u00e9curit\u00e9  des  personnes  et  des  biens,  la  s\u00e9curit\u00e9  des  \nrassemblements,  la  pr\u00e9vention  d'actes  de  terrorisme  ainsi  que  la  r\u00e9gulation  des  flux  de \ntransport \u00e0 l'occasion du match de basket-ball entre le Paris Basketball et le Maccabi Tel-Aviv \nle jeudi 9 avril 2026 \u00e0 l'Adidas Arena Porte de la Chapelle \u00e0 Paris\u00a0;\nConsid\u00e9rant que les dispositions du I de l'article L. 242-5 du code de la s\u00e9curit\u00e9 int\u00e9rieure  \npermettent aux forces de s\u00e9curit\u00e9 int\u00e9rieure, dans l'exercice de leurs missions de pr\u00e9vention  \ndes atteintes \u00e0 l'ordre public et de protection de la s\u00e9curit\u00e9 des personnes et des biens, de  \nproc\u00e9der  \u00e0  la  captation,  \u00e0  l'enregistrement  et  \u00e0  la  transmission  d'images  au  moyen  de  \ncam\u00e9ras install\u00e9es sur des a\u00e9ronefs aux fins d'assurer la pr\u00e9vention des atteintes \u00e0 la s\u00e9curit\u00e9  \ndes  personnes  et  des  biens  dans  des  lieux  particuli\u00e8rement  expos\u00e9s,  la  s\u00e9curit\u00e9  des  \nrassemblements de personnes sur la voie publique ainsi que l'appui des personnels au sol, en  \nvue de leur permettre de maintenir ou de r\u00e9tablir l'ordre public lorsque ces rassemblements  \nsont susceptibles d'entra\u00eener des troubles graves \u00e0 l'ordre public, la pr\u00e9vention d'actes de  \nterrorisme et la r\u00e9gulation des flux de transport\u00a0;\nConsid\u00e9rant que se d\u00e9roulera le jeudi 9 avril 2026 un match de basket-ball pour le compte  \nde la 37\u00e8me journ\u00e9e de l'Euroligue de basket-ball \u00e0 l'Adidas Arena Porte de la Chapelle \u00e0 Paris,  \nqui opposera les \u00e9quipes de Paris Basketball et de Maccabi Tel-Aviv  ; que de nombreux  \n1\nPr\u00e9fecture de Police - 75-2026-04-03-00006 - Arr\u00eat\u00e9 n\u00b02026-00378 autorisant la captation, l'enregistrement et la transmission d'images\nau moyen de cam\u00e9ras install\u00e9es sur des a\u00e9ronefs \u00e0 l'occasion d'un match de basket-ball le 9 avril 2026 \u00e0 Paris  39\nsupporters seront pr\u00e9sents aux abords et \u00e0 l'int\u00e9rieur de l'Adidas Arena \u00a0; qu'il importe de  \npr\u00e9venir les troubles \u00e0 l'ordre public et d'assurer la r\u00e9gulation des flux de transport aux  \nabords et autour de l'enceinte\u00a0; que cet \u00e9v\u00e9nement intervient dans un contexte international \nparticuli\u00e8rement tendu marqu\u00e9 par la guerre en cours en Iran et au Moyen-Orient suite \u00e0  \nl'intervention  militaire  isra\u00e9lo-am\u00e9ricaine  en  Iran  le  28  f\u00e9vrier  dernier  ;  que  la  tentative \nd'attentat d\u00e9jou\u00e9e contre la Bank of America \u00e0 Paris le 28 mars 2026 pourrait \u00eatre li\u00e9e \u00e0 un  \ngroupuscule pro-iranien qui a revendiqu\u00e9 ces derniers jours plusieurs attaques contre la  \ncommunaut\u00e9  juive,  en  Belgique,  au  Royaume-Uni  et  aux  Pays-Bas \u00a0;  que  cette  tentative  \nd'attentat souligne la pr\u00e9\u00e9minence et l'acuit\u00e9 de la menace endog\u00e8ne  ; que par ailleurs, les  \ncomp\u00e9titions impliquant une \u00e9quipe isra\u00e9lienne font r\u00e9guli\u00e8rement l'objet de protestations  \net d'appels \u00e0 perturber les rencontres sportives \u00a0; qu'au regard du contexte pr\u00e9cit\u00e9, il existe  \nun risque que des actions de nature \u00e0 troubler l'ordre public aient lieu autour de ce match  ; \nqu'ainsi cette rencontre sportive comporte des risques de troubles \u00e0 l'ordre public\u00a0; que dans \nle  contexte  actuel  de  menace  tr\u00e8s  \u00e9lev\u00e9e,  cette  rencontre  sportive  est  susceptible  de  \nconstituer une cible privil\u00e9gi\u00e9e et symbolique pour des actes de nature terroriste\u00a0;\nConsid\u00e9rant \u00e9galement que plusieurs attentats ou tentatives d'attentats r\u00e9cents traduisent le \nniveau \u00e9lev\u00e9 de la menace terroriste actuelle en France , dans le cadre du plan VIGIPIRATE  \n\u00ab\u00a0urgence attentat\u00a0\u00bb en vigueur sur l'ensemble du territoire national\u00a0;\nConsid\u00e9rant que le recours \u00e0 des cam\u00e9ras a\u00e9roport\u00e9es permet de disposer d'une vision en  \ngrand angle tout en limitant l'engagement des forces au sol, et le cas \u00e9ch\u00e9ant, d'organiser de  \nmani\u00e8re r\u00e9active et efficace leur d\u00e9ploiement op\u00e9rationnel, notamment en cas d'actions  \nviolentes de groupes d'individus ; qu'il n'existe pas de dispositif moins intrusif permettant de  \nparvenir aux m\u00eames fins ;\nConsid\u00e9rant que la demande de la direction de l'ordre public et de la circulation porte sur  \nl'engagement de deux cam\u00e9ras a\u00e9roport\u00e9es qui pourront \u00eatre en vol simultan\u00e9ment en vue  \nde  capter,  d'enregistrer  et  de  transmettre  des  images \u00a0;  que  les  aires  survol\u00e9es  sont  \nstrictement limit\u00e9es aux zones o\u00f9 seront mises en \u0153uvre les finalit\u00e9s susvis\u00e9es \u00a0; que la dur\u00e9e \nde  l'autorisation  demand\u00e9e  n'appara\u00eet  pas  disproportionn\u00e9e  au  regard  de  ces  m\u00eames  \nfinalit\u00e9s\u00a0;\nSur proposition du directeur de l'ordre public et de la circulation,\nARRETE  \u00a0  :  \nArticle 1 er \u2013 La captation, l'enregistrement et la transmission d'images par la direction de  \nl'ordre public et de la circulation sont autoris\u00e9s \u00e0 Paris et en Seine-Saint-Denis \u00e0 l'occasion de \nla rencontre sportive susvis\u00e9e aux titres de\u00a0:\n- la pr\u00e9vention des atteintes \u00e0 la s\u00e9curit\u00e9 des personnes et des biens\u00a0;\n- la s\u00e9curit\u00e9 des rassemblements\u00a0;\n- la pr\u00e9vention d'actes de terrorisme\u00a0;\n- la r\u00e9gulation des flux de transport.\n2026-00378 2\nPr\u00e9fecture de Police - 75-2026-04-03-00006 - Arr\u00eat\u00e9 n\u00b02026-00378 autorisant la captation, l'enregistrement et la transmission d'images\nau moyen de cam\u00e9ras install\u00e9es sur des a\u00e9ronefs \u00e0 l'occasion d'un match de basket-ball le 9 avril 2026 \u00e0 Paris  40\nArticle  2  \u2013  Le  nombre  maximal  de  cam\u00e9ras  pouvant  proc\u00e9der  simultan\u00e9ment  \u00e0  des  \nenregistrements est fix\u00e9 \u00e0 2 cam\u00e9ras embarqu\u00e9es sur des a\u00e9ronefs t\u00e9l\u00e9-pilot\u00e9s.\nArticle 3 \u2013 La pr\u00e9sente autorisation s'applique au p\u00e9rim\u00e8tre g\u00e9ographique figurant sur le plan \nen annexe au pr\u00e9sent arr\u00eat\u00e9.\nArticle 4 \u2013 La pr\u00e9sente autorisation est d\u00e9livr\u00e9e du jeudi 9 avril 2026 \u00e0 18h30 au vendredi 10  \navril 2026 \u00e0 01h00 pour l'ensemble des finalit\u00e9s pr\u00e9cit\u00e9es.\nArticle 5  \u2013  L'information du public est assur\u00e9e par la publication du pr\u00e9sent arr\u00eat\u00e9 aux  \nrecueils des actes administratifs mentionn\u00e9s \u00e0 l'article 7, sa mise en ligne sur le site internet  \nde la pr\u00e9fecture de police ainsi que par une information sur les r\u00e9seaux sociaux.\nArticle 6  \u2013  Le registre mentionn\u00e9 \u00e0 l'article L. 242-4 du code de la s\u00e9curit\u00e9 int\u00e9rieure est  \ntransmis au pr\u00e9fet de police, \u00e0 l'issue de la p\u00e9riode d'autorisation.\nArticle 7 \u2013  Le pr\u00e9fet de la Seine-Saint-Denis, le pr\u00e9fet, directeur de cabinet du pr\u00e9fet de  \npolice et le directeur de l'ordre public et de la circulation sont charg\u00e9s, chacun en ce qui le  \nconcerne,  de  l'ex\u00e9cution  du  pr\u00e9sent  arr\u00eat\u00e9  qui  sera  publi\u00e9  aux  recueils  des  actes  \nadministratifs  du  d\u00e9partement  de  Paris  et  de  la  pr\u00e9fecture  de  la  Seine-Saint-Denis  et  \nconsultable  sur  le  site  internet  de  la  pr\u00e9fecture  de  police  \n(https://www.prefecturedepolice.interieur.gouv.fr). \nFait \u00e0 Paris, le 3 avril 2026\nSIGN\u00c9\nPour le pr\u00e9fet de police\nLe pr\u00e9fet, directeur du cabinet,\nBaptiste ROLLAND\n2026-00378 3\nPr\u00e9fecture de Police - 75-2026-04-03-00006 - Arr\u00eat\u00e9 n\u00b02026-00378 autorisant la captation, l'enregistrement et la transmission d'images\nau moyen de cam\u00e9ras install\u00e9es sur des a\u00e9ronefs \u00e0 l'occasion d'un match de basket-ball le 9 avril 2026 \u00e0 Paris  41\nAnnexe de l'arr\u00eat\u00e9 n\u00b0 2026-00378 du 3 avril 2026\nVOIES ET DELAIS DE RECOURS\n_______________________\nSi vous estimez devoir contester la pr\u00e9sente autorisation, il vous est possible, dans un d\u00e9lai  \nde deux mois \u00e0 compter de la date de son affichage ou de sa publication\u00a0:\n- soit de saisir d'un RECOURS GRACIEUX\nle Pr\u00e9fet de Police\n7/9, boulevard du Palais - 75195 PARIS RP\n- ou de former un RECOURS HIERARCHIQUE\n  aupr\u00e8s du Ministre de l'int\u00e9rieur et des outre-mer\n  Direction des libert\u00e9s publiques et des affaires juridiques\n  place Beauvau - 75008 PARIS\n- soit de saisir d'un RECOURS CONTENTIEUX\n      le Tribunal administratif comp\u00e9tent\nAucune de ces voies et recours ne suspend l'application de la pr\u00e9sente d\u00e9cision.\nLes recours GRACIEUX et HIERARCHIQUE doivent \u00eatre \u00e9crits, exposer les arguments \nou faits nouveaux et comprendre la copie de la d\u00e9cision contest\u00e9e.\nLe recours contentieux, qui vise \u00e0 contester la LEGALITE de la pr\u00e9sente d\u00e9cision, doit \n\u00e9galement \u00eatre \u00e9crit et exposer votre argumentation juridique.\nSi vous n'aviez pas de r\u00e9ponse \u00e0 votre recours GRACIEUX ou HIERARCHIQUE dans un \nd\u00e9lai de deux mois \u00e0 compter de la r\u00e9ception de votre recours par l'administration, \nvotre demande devra \u00eatre consid\u00e9r\u00e9e comme rejet\u00e9e (d\u00e9cision implicite de rejet).\nEn cas de rejet des RECOURS GRACIEUX ou HIERARCHIQUE, le Tribunal administratif \npeut \u00eatre saisi d'un recours contentieux dans le d\u00e9lai de deux mois \u00e0 compter de la \ndate de la d\u00e9cision de rejet.\n2026-00378 4\nPr\u00e9fecture de Police - 75-2026-04-03-00006 - Arr\u00eat\u00e9 n\u00b02026-00378 autorisant la captation, l'enregistrement et la transmission d'images\nau moyen de cam\u00e9ras install\u00e9es sur des a\u00e9ronefs \u00e0 l'occasion d'un match de basket-ball le 9 avril 2026 \u00e0 Paris  42\n;\"4\n:oSLVyNU\u00f9tniAY.DE+\\||||\\SS=\u2014|Parc|.HeeTeoe|!1i\\=<<oyDESCARRIELE4ols1puePlaceaNOUSTRELSL4gf\\\\~2\u20acPre=|ARoeMLEESATdes\u00cbpesdes\u00a3}\\\u00ffRERNF=OKBeaux-Arts4\u00c0Le\u00a3M\u00e9tiors\u2014\u2014*,,4|||||ESd\u00e9Paris&8\u201488-GEOMe:1|es\u2014,teoO=FRE/i\\l||2_\u2014223$?\\|!:|reAVDESFORGEROW||Au.Ses3|FiMAGASyS=|,124@ie\"GENERA,\u00e0&|2.Avy=\u00c0;Dsae:FOEKensoRANN#mn=]so]aeMARIEFErrayyny\u00a9er'%\u00a2}ey<*iy\\4b~ite\u2014=~-<-4||\u00e0eoSSSemeanmeme|iaraYanAt|4eameseloooeeee>Ofwsieiah11)Y:aeconstate'\u00c9coleParc|Len+\"iie.\u2014nesART:Stade:~Lesaged'Actr\u00e9sii}\u00c0SeesUE|\u2014=fast\u00bbPortede.---'\"*mn)11neskee:|!i*RCEdh41Mill\u00e9naire\u00a30PERIPMERIQUExVee\u00ab<<PEEOPHPC<a20.PRRIMERIQVE(ATERPEL.\u00e014inPortedelaChapelleat'ss\\it=lyc\u00e9e2,|+WhLENS\"M\u00e9caniqueis...,\\|ceAutom\u00fcbile'\u00c9toilei+4\\L\u2014\u2014*Camille\u00c9l\u00e9mentairedisdes-\\\u00abJenatzyoh\u00e0||apport:;WaRE\u00e0pmt'spone*veelEncombrnditsunpPlace,GetendBe1.itx2LommesesR\u00e9sionaalll\u2014\"\u00ab7Poitede\u00b0Chartes|\u00abSed'Accueil!Ic\u00e0;&\"FPa\u00f1ts:ayFay|;M\u00e9dicali.\u00e9OeWA'liege|\u00bb;leistitust_\u00ab.Porte+oe1|ceUhdoannte,<d'Auberuiliers|+4;20-RelaLi\"72k\\|ae\u00c0NEPO.(a\u00celexde:Frens7h\u00ab\"RESPortedenCROSSita:SOOT6eebeporenteeenginnsaaggBokegime?CentrePostede(|orge7LE\"}Commercial|paris>DONEYmatene:41.aDYitttte|Postede'8ie=leParks|\"Macdonald=+,+e\"elrt.|.Ye.\"ansBCa~S1bELLIARD>.\u00c0\u00aboSSeeCHEMOPortede:+|y~=ar9:4i)LULU'*feole*Chapelle\u00a9;xSS===\u2014+=||=\u2014\"TT1i*\\\\,\u00c9\u00e9rmentaire+'4;e:SS=KS1y)Te\u2014>'ON\"vaLdror9\u00bb\u2014\u2014toa'<=\"\\\\KotcheverLEA|>v==+)\"eee\"v\u00c0\\squ\u00e9t\u00e9du218*\"1:=1\u2014JAees\u00b0a+1>V34\u00c0|vet28443'5rholiquedasAeiai-*\"a5a'=\u00a5xM:COLEd\u00e04Faw.:|\"7}Lo;aDiasta\"CEUEreNYD4L_iw'.ParoissehyCap18NTCL$4A1aes1swSQuare,RaymondSaint-EuthymeVds7\"|\u00e0.\u2014a+D,;A.=eTM\u00c0He\u00e0a3a)\"\u00a9.Rach\u00bb.'\u0178\u00bbAKBiblotr\u00e9que\"%1\u00bblyc\u00e9e|\u00e0\"Maurice\"+,\".ColidgeSinWINRUEeetent]joue\"PT)csSed;ANb\"aermaire~prep\u00c0ContreinteMkcoleeen\u00ab\\DFponsLLpo\u00c0ParisEcoePrimair\u00e9\"Ci\\.'agvoixPrimaireAnim'raSoat\\a\u00e0\u2014*PcH\u00e9bert#+Gi\\.vsacinevangile\nL.2\n2026-00378 5\nPr\u00e9fecture de Police - 75-2026-04-03-00006 - Arr\u00eat\u00e9 n\u00b02026-00378 autorisant la captation, l'enregistrement et la transmission d'images\nau moyen de cam\u00e9ras install\u00e9es sur des a\u00e9ronefs \u00e0 l'occasion d'un match de basket-ball le 9 avril 2026 \u00e0 Paris  43\nPr\u00e9fecture de Police\n75-2026-04-03-00003\nArr\u00eat\u00e9 n\u00b02026-00379 du 03 avril 2026 portant\ninterdiction du regroupement de certaines\ncat\u00e9gories de v\u00e9hicules \u00e0 Paris chaque dimanche\ndu 5 avril 2026 au 28 juin 2026 inclus\nPr\u00e9fecture de Police - 75-2026-04-03-00003 - Arr\u00eat\u00e9 n\u00b02026-00379 du 03 avril 2026 portant interdiction du regroupement de certaines\ncat\u00e9gories de v\u00e9hicules \u00e0 Paris chaque dimanche du 5 avril 2026 au 28 juin 2026 inclus 44\n=mPREFECTUREDE POLICELibert\u00e9Egalit\u00e9Fraternit\u00e9\nAtLea\n \n \nCABINET DU PREFET \n \n \n \n \n \n                                                                                                                                                                    1 \n \nArr\u00eat\u00e9 n\u00b0 2026-00379 \nportant interdiction du regroupement de certaines cat\u00e9gories de v\u00e9hicules \u00e0 Paris \nchaque dimanche du 5 avril 2026 au 28 juin 2026 inclus \n \n \nLe pr\u00e9fet de police, \n \nVu le code de l'environnement, notamment ses articl es L. 171-8, 571-26,  571-28  et \nR.  571-96  ; \n \nVu le code g\u00e9n\u00e9ral des collectivit\u00e9s territoriales, notamment son article L. 2512-13  ; \n \nVu le code p\u00e9nal, notamment son article R. 644-5-1 ; \n \nVu le code de la route, notamment ses articles L. 3 25-1, L. 412-1, R. 311-1, R. 411-6 et \nR.  411-18  ; \n \nVu le code de la sant\u00e9 publique, notamment les articles L. 1336-1, R.1337-7 et suivants  ; \n \nVu le code de la s\u00e9curit\u00e9 int\u00e9rieure, notamment son article L. 122-1 ; \n \nVu le d\u00e9cret n\u00b0 2004-374 du 29 avril 2004 modifi\u00e9 r elatif aux pouvoirs des pr\u00e9fets, \u00e0 \nl'organisation et \u00e0 l'action des services de l'Etat  dans les r\u00e9gions et d\u00e9partements, \nnotamment ses articles 70 et 72  ; \n \nVu le courrier du maire du 7\u00e8me arrondissement de Paris en date du 30 mars 2026  ; \n \nVu le d\u00e9cret du 22 octobre 2025 par lequel M. Patrice FAURE, administrateur de l'Etat du \ntroisi\u00e8me grade, directeur de cabinet du Pr\u00e9sident de la R\u00e9publique, est nomm\u00e9 pr\u00e9fet \nde police (groupe I), \u00e0 compter du 23 octobre 2025 ; \n \nConsid\u00e9rant que, en application de l'article L. 122 -1 du code de la s\u00e9curit\u00e9 int\u00e9rieure et \n72 du d\u00e9cret du 29 avril 2004 susvis\u00e9, le pr\u00e9fet de  police a la charge de l'ordre public \u00e0 \nParis  ; que dans le cadre de ces attributions, il appartient au pr\u00e9fet de police de pr\u00e9venir, \npar des mesures adapt\u00e9es, n\u00e9cessaires et proportionn\u00e9es, les atteintes \u00e0 la tranquillit\u00e9 et \nla sant\u00e9 publiques \u00e0 Paris  ; \n \nConsid\u00e9rant que, en application de l'article R. 644 -5-1 susvis\u00e9, sont punis de l'amende \npr\u00e9vue pour les contraventions de la 4e classe la v iolation des interdictions et le \nmanquement aux obligations \u00e9dict\u00e9es par des d\u00e9crets  et arr\u00eat\u00e9s pris sur le fondement \ndes pouvoirs de police g\u00e9n\u00e9rale des autorit\u00e9s comp\u00e9 tentes qui, \u00e0 la suite de troubles, \nr\u00e9glementent la pr\u00e9sence et la circulation de v\u00e9hic ules en certains lieux et \u00e0 certaines \nheures afin de pr\u00e9venir la r\u00e9it\u00e9ration de troubles \u00e0 la tranquillit\u00e9 et \u00e0 la s\u00e9curit\u00e9 \npubliques  ; \n \nPr\u00e9fecture de Police - 75-2026-04-03-00003 - Arr\u00eat\u00e9 n\u00b02026-00379 du 03 avril 2026 portant interdiction du regroupement de certaines\ncat\u00e9gories de v\u00e9hicules \u00e0 Paris chaque dimanche du 5 avril 2026 au 28 juin 2026 inclus 45\n \n2026-00379                                                                                                                                                        2 \nConsid\u00e9rant que se tiennent le dimanche dans le 7 \u00e8me  arrondissement de Paris des \nregroupements de v\u00e9hicules de sport et de collectio n qui occasionnent des troubles \u00e0 la \ns\u00e9curit\u00e9 publique, notamment par des violations des  limitations de vitesse qui mettent \nen danger la s\u00e9curit\u00e9 des cyclistes et des passants  ; que ces regroupements portent \natteinte \u00e0 la tranquillit\u00e9, \u00e0 la s\u00e9curit\u00e9 et \u00e0 la sant\u00e9 des passants et des riverains  ; qu'ils ont \nfait l'objet de 101 verbalisations au titre de l'an n\u00e9e 2023  ; qu'en 2024, 51 op\u00e9rations ont \n\u00e9t\u00e9 organis\u00e9es, 415 v\u00e9hicules ont \u00e9t\u00e9 contr\u00f4l\u00e9s et 90 proc\u00e8s-verbaux ont \u00e9t\u00e9 dress\u00e9s  ; \nqu'en 2025, 23 v\u00e9hicules ont \u00e9t\u00e9 contr\u00f4l\u00e9s et 10 \u00e9v inc\u00e9s  ; que l'absence d'arr\u00eat\u00e9 \nd'interdiction du regroupement de certaines cat\u00e9gor ies de v\u00e9hicules en janvier 2026 a \nconduit \u00e0 de nouveaux regroupements de 5 \u00e0 50 v\u00e9hic ules sur la place Vauban le \ndimanche, induisant une nuisance collective aviv\u00e9e par la concentration de v\u00e9hicules \u00e0 \ngrosse cylindr\u00e9e ; que les arr\u00eat\u00e9s d'interdiction p ris ant\u00e9rieurement avaient d\u00e9montr\u00e9 \nleur efficacit\u00e9 pour pr\u00e9venir ces rassemblements et  limiter les troubles associ\u00e9s pour le \nvoisinage en compl\u00e9ment des contr\u00f4les de police ; q u'en outre la mesure d'interdiction \navait permis d'am\u00e9liorer la physionomie sur le sect eur ; qu'au regard de ces \u00e9l\u00e9ments, il \nconvient ainsi de renouveler la mesure de police af in de pr\u00e9server la s\u00e9curit\u00e9 et la \ntranquillit\u00e9 publiques dans les lieux concern\u00e9s ; \n \nConsid\u00e9rant en outre, que ces regroupements g\u00e9n\u00e8ren t une g\u00eane \u00e0 la circulation \nconstitutive du d\u00e9lit d'entrave ou de g\u00eane \u00e0 la cir culation puni par l'article L. 412-1 du \ncode de la route de deux ans d'emprisonnement et de 4500 euros d'amende  ;  \n \nConsid\u00e9rant qu'il appartient \u00e0 l'autorit\u00e9 de police comp\u00e9tente de pr\u00e9venir les troubles \u00e0 \nl'ordre public ainsi que les infractions \u00e0 la loi p \u00e9nale  ; qu'une mesure portant interdiction \nde regroupement de v\u00e9hicules g\u00e9n\u00e9rant des troubles \u00e0 l'ordre public r\u00e9pond \u00e0 ces \nobjectifs  ; que la mairie du 7\u00e8me arrondissement est favorabl e \u00e0 une reconduction de la \nmesure ; \n \nARRETE : \n \nArticle 1 \ner  \u2013 Du 5 avril 2026 au 28 juin 2026 inclus, chaque dimanche de 07h00 \u00e0 16h00, le \nregroupement des v\u00e9hicules de sport et de collection de cat\u00e9gorie M (v\u00e9hicules \u00e0 moteur \ncon\u00e7us et construits pour le transport de personnes  et ayant au moins quatre roues) est \ninterdit \u00e0 Paris dans le p\u00e9rim\u00e8tre du 7 \u00e8me  arrondissement d\u00e9limit\u00e9 selon la cartographie \nen annexe. \n \nArticle 2 \u2013 Le pr\u00e9fet, directeur du cabinet du pr\u00e9fet de police , le directeur de l'ordre \npublic et de la circulation et le directeur de la s \u00e9curit\u00e9 de proximit\u00e9 de l'agglom\u00e9ration \nparisienne sont charg\u00e9s, chacun en ce qui le concer ne, de l'ex\u00e9cution du pr\u00e9sent arr\u00eat\u00e9 \nqui entrera en vigueur d\u00e8s son affichage aux portes  de la pr\u00e9fecture de police, sera \npubli\u00e9 au recueil des actes administratifs du d\u00e9partement de Paris, consultable sur le site \ninternet de la pr\u00e9fecture de police ( \nhttps://www.prefecturedepolice.interieur.gouv.fr ), et \ncommuniqu\u00e9 aux maires de Paris et du 7 \u00e8me  arrondissement.  \n \n \n Fait \u00e0 Paris, le 3 avril 2026  \n \n \nSIGN\u00c9 \nPour le pr\u00e9fet de police \nLe pr\u00e9fet, directeur du cabinet,  \nBaptiste ROLLAND \n  \nPr\u00e9fecture de Police - 75-2026-04-03-00003 - Arr\u00eat\u00e9 n\u00b02026-00379 du 03 avril 2026 portant interdiction du regroupement de certaines\ncat\u00e9gories de v\u00e9hicules \u00e0 Paris chaque dimanche du 5 avril 2026 au 28 juin 2026 inclus 46\n \n2026-00379                                                                                                                                                        3 \n \nAnnexe de l'arr\u00eat\u00e9 n\u00b0 2026- 00379 du 3 avril 2026 \n \n \n \nVOIES ET DELAIS DE RECOURS  \n_______________________ \n \n \n \nSi vous estimez devoir contester le pr\u00e9sent arr\u00eat\u00e9,  il vous est possible, dans un d\u00e9lai de \ndeux mois \u00e0 compter de son affichage ou de sa publication : \n \n \n- soit de saisir d'un RECOURS GRACIEUX \nle Pr\u00e9fet de Police \n7/9, boulevard du Palais - 75195 PARIS RP \n \n- ou de former un RECOURS HIERARCHIQUE \n  aupr\u00e8s du Ministre de l'int\u00e9rieur \n  Direction des libert\u00e9s publiques et des affaires juridiques \n  place Beauvau - 75008 PARIS \n \n- soit de saisir d'un RECOURS CONTENTIEUX \nle Tribunal administratif comp\u00e9tent \n \n \nAucune de ces voies et recours ne suspend l'application de la pr\u00e9sente d\u00e9cision. \n \nLes recours GRACIEUX et HIERARCHIQUE doivent \u00eatre \u00e9 crits, exposer les arguments ou \nfaits nouveaux et comprendre la copie de l'arr\u00eat\u00e9 contest\u00e9. \n \nLe recours CONTENTIEUX, qui vise \u00e0 contester la LEG ALITE de la pr\u00e9sente d\u00e9cision, doit \n\u00e9galement \u00eatre \u00e9crit et exposer votre argumentation juridique. \n \nSi vous n'aviez pas de r\u00e9ponse \u00e0 votre recours GRAC IEUX ou HIERARCHIQUE dans un \nd\u00e9lai de deux mois \u00e0 compter de la r\u00e9ception de votre recours par l'administration, votre \ndemande devra \u00eatre consid\u00e9r\u00e9e comme rejet\u00e9e (d\u00e9cision implicite de rejet). \n \nEn cas de rejet des recours GRACIEUX ou HIERARCHIQU E, le Tribunal administratif peut \n\u00eatre saisi d'un recours contentieux dans le d\u00e9lai d e deux mois \u00e0 compter de la date de la \nd\u00e9cision de rejet. \n  \nPr\u00e9fecture de Police - 75-2026-04-03-00003 - Arr\u00eat\u00e9 n\u00b02026-00379 du 03 avril 2026 portant interdiction du regroupement de certaines\ncat\u00e9gories de v\u00e9hicules \u00e0 Paris chaque dimanche du 5 avril 2026 au 28 juin 2026 inclus 47\nNee eatersVi beat\n==3\n \n2026-00379                                                                                                                                                        4 \n \n \n \n \n \n \n \n \n \n \n \n \nPr\u00e9fecture de Police - 75-2026-04-03-00003 - Arr\u00eat\u00e9 n\u00b02026-00379 du 03 avril 2026 portant interdiction du regroupement de certaines\ncat\u00e9gories de v\u00e9hicules \u00e0 Paris chaque dimanche du 5 avril 2026 au 28 juin 2026 inclus 48\nPr\u00e9fecture de Police\n75-2026-04-03-00004\nArr\u00eat\u00e9 n\u00b02026-00380 du 03 avril 2026 limitant\ntemporairement le volume sonore pour la\ndiffusion du son amplifi\u00e9 sur la place de la\nR\u00e9publique \u00e0 Paris du 4 avril 2026 au 28 juin 2026\ninclus \nPr\u00e9fecture de Police - 75-2026-04-03-00004 - Arr\u00eat\u00e9 n\u00b02026-00380 du 03 avril 2026 limitant temporairement le volume sonore pour la\ndiffusion du son amplifi\u00e9 sur la place de la R\u00e9publique \u00e0 Paris du 4 avril 2026 au 28 juin 2026 inclus 49\n=mPREFECTUREDE POLICELibert\u00e9Egalit\u00e9Fraternit\u00e9\nAtLecea\n \n \nCABINET DU PREFET \n \n \n \n \n \n \n  \nArr\u00eat\u00e9 n\u00b0 2026-00380  \nlimitant temporairement le volume sonore pour la diffusion du son amplifi\u00e9  \nsur la place de la R\u00e9publique \u00e0 Paris du 4 avril 2026 au 28 juin 2026 inclus  \n \n \nLe pr\u00e9fet de police, \n \n \nVu le code g\u00e9n\u00e9ral des collectivit\u00e9s territoriales, notamment son article L. 2512-13  ;\n \n \nVu le code de l'environnement, notamment ses articl es L. 171-8, R. 571-26,  R. 571-28  et \nR.  571-96  ;\n \n \nVu le code de la sant\u00e9 publique, notamment les articles L. 1336-1, R.1337-7 et suivants  ;\n \n \nVu le code p\u00e9nal, notamment son article R. 623-2 ;\n \n \nVu le code de la s\u00e9curit\u00e9 int\u00e9rieure, notamment ses articles L. 122-1 et L. 211-1 \u00e0 L. 211-4 ;\n \n \nVu le d\u00e9cret n\u00b0 2004-374 du 29 avril 2004 modifi\u00e9 r elatif aux pouvoirs des pr\u00e9fets, \u00e0 \nl'organisation et \u00e0 l'action des services de l'Etat  dans les r\u00e9gions et d\u00e9partements, \nnotamment son article 72  ;\n \n \nVu le d\u00e9cret du 22 octobre 2025 par lequel M. Patri ce FAURE, administrateur de l'\u00c9tat du \ntroisi\u00e8me grade, directeur de cabinet du Pr\u00e9sident de la R\u00e9publique, est nomm\u00e9 pr\u00e9fet de \npolice (groupe I), \u00e0 compter du 23 octobre 2025  ;\n \n \nConsid\u00e9rant que, en application des articles L. 122-1 du code de la s\u00e9curit\u00e9 int\u00e9rieure et 72 \ndu d\u00e9cret du 29 avril 2004 susvis\u00e9, le pr\u00e9fet de po lice a la charge \u00e0 Paris, de l'ordre public, \nnotamment la pr\u00e9vention des atteintes \u00e0 la s\u00e9curit\u00e9  des personnes et des biens  ; qu'il lui \nappartient, dans le cadre de ses attributions, de p r\u00e9venir les atteintes \u00e0 la tranquillit\u00e9 et \u00e0 \nla sant\u00e9 publiques par des mesures adapt\u00e9es, n\u00e9cessaires et proportionn\u00e9es  ; \n \n \nConsid\u00e9rant qu'en application de l'article R. 571-2 8 du code de l'environnement, le pr\u00e9fet \nde police est charg\u00e9 de pr\u00e9venir et de r\u00e9primer les  bruits g\u00e9n\u00e9r\u00e9s par les activit\u00e9s \nimpliquant la diffusion de sons amplifi\u00e9s \u00e0 des niv eaux sonores \u00e9lev\u00e9s dans les lieux \nouverts au public ; qu'en application de l'article R. 571-26 du m\u00eame code, ces bruits ne \npeuvent par leur dur\u00e9e, leur r\u00e9p\u00e9tition ou leur int ensit\u00e9 porter atteinte \u00e0 la tranquillit\u00e9 ou \n\u00e0 la sant\u00e9 du voisinage  ;\n \n \nConsid\u00e9rant que, en application de l'article R. 623 -2 du code p\u00e9nal, les bruits ou tapages \ninjurieux ou nocturnes troublant la tranquillit\u00e9 d' autrui sont punis de l'amende pr\u00e9vue \npour les contraventions de la 3 e classe  ; que, en application de l'article R. 1337-7 du cod e \nde la sant\u00e9 publique, le fait d'\u00eatre \u00e0 l'origine d' un bruit particulier de nature \u00e0 porter \natteinte \u00e0 la tranquillit\u00e9 du voisinage ou \u00e0 la sant\u00e9 de l'homme est puni de la m\u00eame peine  ; \nque les personnes coupables de ces contraventions e ncourent \u00e9galement la peine \ncompl\u00e9mentaire de confiscation de la chose qui a se rvi ou \u00e9tait destin\u00e9e \u00e0 commettre \nl'infraction  ; \n \nPr\u00e9fecture de Police - 75-2026-04-03-00004 - Arr\u00eat\u00e9 n\u00b02026-00380 du 03 avril 2026 limitant temporairement le volume sonore pour la\ndiffusion du son amplifi\u00e9 sur la place de la R\u00e9publique \u00e0 Paris du 4 avril 2026 au 28 juin 2026 inclus 50\n \n2026-00380 2 \nConsid\u00e9rant les nombreuses plaintes des riverains d e la place de la R\u00e9publique relatives \naux rassemblements revendicatifs ou festifs \u00e0 l'ori gine de nuisances sonores et troublant \ntr\u00e8s r\u00e9guli\u00e8rement leur tranquillit\u00e9, en particulie r le samedi et le dimanche  ; que ces \nplaintes font \u00e9tat d'un r\u00e9glage \u00e0 un niveau sonore excessif des enceintes g\u00e9n\u00e9rant un \ntrouble du voisinage  ; que les organisateurs de manifestations concern\u00e9s  par ces plaintes \nne tiennent pas compte des demandes des riverains d e baisser le niveau sonore  ; que \nl'implantation d'une ludoth\u00e8que en ext\u00e9rieur sur la place de la R\u00e9publique a \u00e9t\u00e9 remise en \ncause par les nuisances li\u00e9es \u00e0 ces manifestations  ; que d'autres initiatives visant \u00e0 faire \ncoexister diff\u00e9rents usages de la place le week-end  ont \u00e9t\u00e9 compromises en raison du \nniveau trop \u00e9lev\u00e9 de l'amplification sonore de cert aines manifestations revendicatives se \ntenant chaque week-end  ; qu'en outre, la place de la R\u00e9publique continue c haque fin de \nsemaine d'\u00eatre un cadre privil\u00e9gi\u00e9 par les manifestants pour l'expression de revendications \nsur la voie publique, en statique ou dans le cadre des cheminements de cort\u00e8ges  ; \n \nConsid\u00e9rant que les effectifs de police effectuent des mesures r\u00e9guli\u00e8res du niveau sonore \nsur la place de la R\u00e9publique, et constatent r\u00e9guli\u00e8rement des d\u00e9passements du niveau de \nr\u00e9f\u00e9rence de 81 dB(A) (mesure du niveau sonore ajus t\u00e9e pour tenir compte de la mani\u00e8re \ndont l'oreille humaine entend) mesur\u00e9 \u00e0 10 m\u00e8tres d u point d'\u00e9mission, niveau au-del\u00e0 \nduquel ils constituent une nuisance sonore et un tr ouble de voisinage  ; que les riverains \nont relev\u00e9 des niveaux sonores oscillant entre 85 e t 100 db lors de pr\u00e9c\u00e9dentes \nmanifestations  ; qu'il appara\u00eet n\u00e9cessaire de poursuivre le dispos itif de contr\u00f4le en raison \nde son efficacit\u00e9  ;\n \n \nConsid\u00e9rant que, afin de pr\u00e9venir ces nuisances, la  fixation d'une limitation \u00e0 81  dB(A) \u00e0 \nune distance de 10 m\u00e8tres du point d'\u00e9mission const itue une mesure n\u00e9cessaire et \nproportionn\u00e9e de nature \u00e0 pr\u00e9venir les nuisances sonores r\u00e9p\u00e9t\u00e9es auxquelles sont soumis \nles riverains de la place de la R\u00e9publique  ; qu'une telle mesure ne porte pas atteinte au \ndroit de manifester  ; \n \n \nARRETE : \n \nArticle 1 er  \u2013 Du samedi 4 avril 2026 au dimanche 28 juin 2026 inc lus, les moyens de \nsonorisation mis en \u0153uvre \u00e0 l'occasion de rassemble ments se tenant sur la place de la \nR\u00e9publique chaque fin de semaine, du samedi \u00e0 9h00 jusqu'au dimanche \u00e0 21h00, ne \ndevront pas diffuser de son amplifi\u00e9 \u00e0 un niveau so nore global sup\u00e9rieur \u00e0 81 d\u00e9cibels \npond\u00e9r\u00e9s A (dB(A)) \u00e0 une distance de 10 m\u00e8tres du point d'\u00e9mission.  \n \nArticle 2 \u2013  Le pr\u00e9fet, directeur du cabinet du pr\u00e9fet de polic e, le directeur de l'ordre \npublic et de la circulation et le directeur de la s \u00e9curit\u00e9 de proximit\u00e9 de l'agglom\u00e9ration \nparisienne sont charg\u00e9s, chacun en ce qui le concer ne, de l'ex\u00e9cution du pr\u00e9sent arr\u00eat\u00e9 \nqui entrera en vigueur d\u00e8s son affichage aux portes  de la pr\u00e9fecture de police, sera publi\u00e9 \nau recueil des actes administratifs du d\u00e9partement de Paris et consultable sur le site \ninternet de la pr\u00e9fecture de police ( \nhttps://www.prefecturedepolice.interieur.gouv.fr ).  \n \n \nFait \u00e0 Paris, le 3 avril 2026 \n \n \n \nSIGN\u00c9 \nPour le pr\u00e9fet de police \nLe pr\u00e9fet, directeur du cabinet,  \nBaptiste ROLLAND \n  \nPr\u00e9fecture de Police - 75-2026-04-03-00004 - Arr\u00eat\u00e9 n\u00b02026-00380 du 03 avril 2026 limitant temporairement le volume sonore pour la\ndiffusion du son amplifi\u00e9 sur la place de la R\u00e9publique \u00e0 Paris du 4 avril 2026 au 28 juin 2026 inclus 51\n \n2026-00380 3 \nAnnexe de l'arr\u00eat\u00e9 n\u00b0 2026-00380 du 3 avril 2026  \n \n \n \nVOIES ET DELAIS DE RECOURS \n \n_______________________  \n \n \n \nSi vous estimez devoir contester le pr\u00e9sent arr\u00eat\u00e9,  il vous est possible, dans un d\u00e9lai de \ndeux mois \u00e0 compter de la date de sa publication au  recueil des actes administratifs de la \npr\u00e9fecture de police :  \n \n \n- soit de saisir d'un RECOURS GRACIEUX \n \nle Pr\u00e9fet de Police  \n7/9, boulevard du Palais - 75195 PARIS RP  \n \n- ou de former un RECOURS HIERARCHIQUE \n \n  aupr\u00e8s du Ministre de l'int\u00e9rieur  \n  Direction des libert\u00e9s publiques et des affaires juridiques  \n  place Beauvau - 75008 PARIS  \n \n- soit de saisir d'un RECOURS CONTENTIEUX \n \nle Tribunal administratif comp\u00e9tent  \n \n \nAucune de ces voies et recours ne suspend l'application de la pr\u00e9sente d\u00e9cision. \n \n \nLes recours GRACIEUX et HIERARCHIQUE doivent \u00eatre \u00e9 crits, exposer les arguments ou \nfaits nouveaux et comprendre la copie de l'arr\u00eat\u00e9 contest\u00e9. \n \n \nLe recours CONTENTIEUX, qui vise \u00e0 contester la LEG ALITE de la pr\u00e9sente d\u00e9cision, doit \n\u00e9galement \u00eatre \u00e9crit et exposer votre argumentation juridique. \n \n \nSi vous n'aviez pas de r\u00e9ponse \u00e0 votre recours GRACIEUX ou HIERARCHIQUE dans un d\u00e9lai \nde deux mois \u00e0 compter de la r\u00e9ception de votre rec ours par l'administration, votre \ndemande devra \u00eatre consid\u00e9r\u00e9e comme rejet\u00e9e (d\u00e9cision implicite de rejet). \n \n \nEn cas de rejet des recours GRACIEUX ou HIERARCHIQU E, le Tribunal administratif peut \n\u00eatre saisi d'un recours contentieux dans le d\u00e9lai d e deux mois \u00e0 compter de la date de la \nd\u00e9cision de rejet. \n \n \nPr\u00e9fecture de Police - 75-2026-04-03-00004 - Arr\u00eat\u00e9 n\u00b02026-00380 du 03 avril 2026 limitant temporairement le volume sonore pour la\ndiffusion du son amplifi\u00e9 sur la place de la R\u00e9publique \u00e0 Paris du 4 avril 2026 au 28 juin 2026 inclus 52\nPr\u00e9fecture de Police\n75-2026-04-03-00005\nArr\u00eat\u00e9 n\u00b02026-00381du 03 avril 2026  limitant\ntemporairement le volume sonore pour la\ndiffusion du son amplifi\u00e9 \nsur le secteur de la place du Ch\u00e2teau Rouge \u00e0\nParis du 4 avril 2026 au 28 juin 2026 inclus\nPr\u00e9fecture de Police - 75-2026-04-03-00005 - Arr\u00eat\u00e9 n\u00b02026-00381du 03 avril 2026  limitant temporairement le volume sonore pour la\ndiffusion du son amplifi\u00e9 \nsur le secteur de la place du Ch\u00e2teau Rouge \u00e0 Paris du 4 avril 2026 au 28 juin 2026 inclus\n53\n=mPREFECTUREDE POLICELibert\u00e9Egalit\u00e9Fraternit\u00e9\nAtLecea\n \n \nCABINET DU PREFET \n \n \n \n \n \n \n \nArr\u00eat\u00e9 n\u00b0 2026-00381  \nlimitant temporairement le volume sonore pour la diffusion du son amplifi\u00e9  \nsur le secteur de la place du Ch\u00e2teau Rouge \u00e0 Paris du 4 avril 2026 au 28 juin 2026 inclus  \n \nLe pr\u00e9fet de police, \n \n \nVu le code g\u00e9n\u00e9ral des collectivit\u00e9s territoriales, notamment son article L. 2512-13  ;\n \n \nVu le code de l'environnement, notamment ses articl es L. 171-8, R. 571-26, R. 571-28  et \nR.  571-96 ; \n \nVu le code de la sant\u00e9 publique, notamment les articles L. 1336-1, R.1337-7 et suivants  ; \n \nVu le code p\u00e9nal, notamment son article R. 623-2 ;\n \n \nVu le code de la s\u00e9curit\u00e9 int\u00e9rieure, notamment ses articles L.122-1 et L. 211-1 \u00e0 L. 211-4 ;\n \n \nVu le d\u00e9cret n\u00b0 2004-374 du 29 avril 2004 modifi\u00e9 r elatif aux pouvoirs des pr\u00e9fets, \u00e0 \nl'organisation et \u00e0 l'action des services de l'Etat  dans les r\u00e9gions et d\u00e9partements, \nnotamment son article 72  ;\n \n \nVu le d\u00e9cret du 22 octobre 2025 par lequel M. Patri ce FAURE, administrateur de l'\u00c9tat du \ntroisi\u00e8me grade, directeur de cabinet du Pr\u00e9sident de la R\u00e9publique, est nomm\u00e9 pr\u00e9fet de \npolice (groupe I), \u00e0 compter du 23 octobre 2025  ;\n \n \nConsid\u00e9rant que, en application des articles L. 122-1 du code de la s\u00e9curit\u00e9 int\u00e9rieure et 72 \ndu d\u00e9cret du 29 avril 2004 susvis\u00e9, le pr\u00e9fet de po lice a la charge \u00e0 Paris, de l'ordre public, \nnotamment la pr\u00e9vention des atteintes \u00e0 la s\u00e9curit\u00e9  des personnes et des biens  ; qu'il lui \nappartient, dans le cadre de ses attributions, de p r\u00e9venir les atteintes \u00e0 la tranquillit\u00e9 et \u00e0 \nla sant\u00e9 publiques par des mesures adapt\u00e9es, n\u00e9cessaires et proportionn\u00e9es  ; \n \n \nConsid\u00e9rant qu'en application de l'article R. 571-2 8 du code de l'environnement, le pr\u00e9fet \nde police est charg\u00e9 de pr\u00e9venir et de r\u00e9primer les  bruits g\u00e9n\u00e9r\u00e9s par les activit\u00e9s \nimpliquant la diffusion de sons amplifi\u00e9s \u00e0 des niv eaux sonores \u00e9lev\u00e9s dans les lieux \nouverts au public  ; que, en application de l'article R.  571-26 du m\u00eame code, ces bruits ne \npeuvent par leur dur\u00e9e, leur r\u00e9p\u00e9tition ou leur int ensit\u00e9 porter atteinte \u00e0 la tranquillit\u00e9 ou \n\u00e0 la sant\u00e9 du voisinage  ;\n \n \nConsid\u00e9rant que, en application de l'article R.  623-2 du code p\u00e9nal, les bruits ou tapages \ninjurieux ou nocturnes troublant la tranquillit\u00e9 d' autrui sont punis de l'amende pr\u00e9vue \npour les contraventions de la 3 \ne classe ; que, en application de l'article R. 1337- 7 du code \nde la sant\u00e9 publique, le fait d'\u00eatre \u00e0 l'origine d' un bruit particulier de nature \u00e0 porter \natteinte \u00e0 la tranquillit\u00e9 du voisinage ou \u00e0 la sant\u00e9 de l'homme est puni de la m\u00eame peine ; \nque les personnes coupables de ces contraventions e ncourent \u00e9galement la peine \ncompl\u00e9mentaire de confiscation de la chose qui a se rvi ou \u00e9tait destin\u00e9e \u00e0 commettre \nl'infraction ; \n \nConsid\u00e9rant les plaintes des riverains du secteur d e la place du Ch\u00e2teau Rouge relatives \nnotamment aux rassemblements sur la voie publique q ui, par leur nombre ou leur \nPr\u00e9fecture de Police - 75-2026-04-03-00005 - Arr\u00eat\u00e9 n\u00b02026-00381du 03 avril 2026  limitant temporairement le volume sonore pour la\ndiffusion du son amplifi\u00e9 \nsur le secteur de la place du Ch\u00e2teau Rouge \u00e0 Paris du 4 avril 2026 au 28 juin 2026 inclus\n54\n \n2026-00381 2 \nr\u00e9currence, sont \u00e0 l'origine de nuisances sonores t roublant r\u00e9guli\u00e8rement leur tranquillit\u00e9, \nen particulier le samedi et le dimanche  ; que ce secteur conna\u00eet en effet r\u00e9guli\u00e8rement des \nmanifestations et rassemblements qui se tiennent au tour du m\u00e9tropolitain et de la place \ndu Ch\u00e2teau Rouge ou au d\u00e9part de celle-ci  ; que les organisateurs des manifestations \nconcern\u00e9s par ces plaintes ne tiennent pas compte d es demandes des riverains de baisser \nle niveau sonore dans un secteur d\u00e9j\u00e0 bruyant par n ature en raison du caract\u00e8re passant \nde cette art\u00e8re et des nombreux commerces qui y son t implant\u00e9s  ; que le bruit r\u00e9sultant \nde ces manifestations constitue, par sa r\u00e9p\u00e9tition et son volume, une atteinte \u00e0 la \ntranquillit\u00e9 publique  ; \n \nConsid\u00e9rant en effet que ces rassemblements sont su sceptibles de g\u00e9n\u00e9rer, notamment \ndu fait des attroupements qu'ils peuvent engendrer ou compte tenu de l'utilisation \nd'appareils et de dispositifs de diffusion avec amp lification du son, d'instruments \u00e0 \npercussion, un bruit qui, par sa dur\u00e9e, sa r\u00e9p\u00e9titi on ou son intensit\u00e9, contrevient \u00e0 la \ntranquillit\u00e9 publique  ; que 6 proc\u00e8s-verbaux ont \u00e9t\u00e9 dress\u00e9s et 4 saisies  de mat\u00e9riel \nrecens\u00e9es depuis le mois de janvier 2026 ; que les d\u00e9passements du niveau de r\u00e9f\u00e9rence \nde 81 dB(A) (mesure du niveau sonore ajust\u00e9e pour t enir compte de la mani\u00e8re dont \nl'oreille humaine entend) mesur\u00e9 \u00e0 10 m du point d' \u00e9mission sont d\u00e8s lors constitutifs \nd'une nuisance sonore et d'un trouble de voisinage  ;\n \n \nConsid\u00e9rant la n\u00e9cessit\u00e9 de reconduire les prescriptions limitant le volume sonore dans un \np\u00e9rim\u00e8tre comprenant la place du Ch\u00e2teau Rouge alor s que des collectifs continuent en \neffet ponctuellement de s'y rassembler pour manifester en fin de semaine en utilisant des \nm\u00e9gaphones de nature \u00e0 g\u00e9n\u00e9rer des nuisances pour les riverains  ;\n \n \nConsid\u00e9rant que les effectifs de police effectuent des mesures r\u00e9guli\u00e8res du niveau sonore \nsur ce secteur, et constatent r\u00e9guli\u00e8rement des d\u00e9p assements du niveau de r\u00e9f\u00e9rence de \n81 dB(A) (mesure du niveau sonore ajust\u00e9e pour teni r compte de la mani\u00e8re dont l'oreille \nhumaine entend) mesur\u00e9 \u00e0 10 m\u00e8tres du point d'\u00e9miss ion, niveau au-del\u00e0 duquel ils \nconstituent une nuisance sonore et un trouble de voisinage ;\n \n \nConsid\u00e9rant que, afin de pr\u00e9venir ces nuisances, la  fixation d'une limitation \u00e0 81 dB(A) \u00e0 \nune distance de 10 m\u00e8tres du point d'\u00e9mission  constitue une mesure n\u00e9cessaire et \nproportionn\u00e9e de nature \u00e0 pr\u00e9venir les nuisances sonores r\u00e9p\u00e9t\u00e9es auxquelles sont soumis \nles riverains du secteur de la place du Ch\u00e2teau Rou ge  ; qu'une telle mesure ne porte pas \natteinte au droit de manifester  ;\n \n \n \nARRETE :\n \n \nArticle 1 er  \u2013 Du samedi 4 avril 2026 au dimanche 28 juin 2026 in clus, les moyens de \nsonorisation mis en \u0153uvre \u00e0 l'occasion de rassemble ments de voie publique se tenant \nchaque fin de semaine, du samedi \u00e0 9h00 jusqu'au di manche \u00e0 21h00, ne devront pas \ndiffuser de son amplifi\u00e9 \u00e0 un niveau sonore global sup\u00e9rieur \u00e0 81 d\u00e9cibels pond\u00e9r\u00e9s A \n(dB(A)) \u00e0 une distance de 10 m\u00e8tres du point d'\u00e9mission.  \nCes prescriptions s'appliquent dans un p\u00e9rim\u00e8tre comprenant la place du Ch\u00e2teau Rouge, \nd\u00e9limit\u00e9 par les voies suivantes qui y sont incluses : \n- rue Doudeauville, dans sa partie comprise entre l a rue des Poissonniers et la rue de \nClignancourt  ; \n- rue de Clignancourt, dans sa partie comprise entr e la rue Doudeauville et la rue \nChristiani  ; \n- rue Christiani  ; \nPr\u00e9fecture de Police - 75-2026-04-03-00005 - Arr\u00eat\u00e9 n\u00b02026-00381du 03 avril 2026  limitant temporairement le volume sonore pour la\ndiffusion du son amplifi\u00e9 \nsur le secteur de la place du Ch\u00e2teau Rouge \u00e0 Paris du 4 avril 2026 au 28 juin 2026 inclus\n55\n \n2026-00381 3 \n- rue des Poissonniers, dans sa partie comprise ent re le Boulevard Barb\u00e8s et la rue \nDoudeauville.  \n \nArticle 2 \u2013 Le pr\u00e9fet, directeur du cabinet du pr\u00e9fet de police , le directeur de l'ordre \npublic et de la circulation et le directeur de la s \u00e9curit\u00e9 de proximit\u00e9 de l'agglom\u00e9ration \nparisienne sont charg\u00e9s, chacun en ce qui le concer ne, de l'ex\u00e9cution du pr\u00e9sent arr\u00eat\u00e9 \nqui entrera en vigueur d\u00e8s son affichage aux portes  de la pr\u00e9fecture de police, sera publi\u00e9 \nau recueil des actes administratifs du d\u00e9partement de Paris et consultable sur le site \ninternet de la pr\u00e9fecture de police ( \nhttps://www.prefecturedepolice.interieur.gouv.fr ).  \n \nFait \u00e0 Paris, le 3 avril 2026 \n \n \nSIGN\u00c9 \nPour le pr\u00e9fet de police \nLe pr\u00e9fet, directeur du cabinet,  \nBaptiste ROLLAND \n \n \n \n  \nPr\u00e9fecture de Police - 75-2026-04-03-00005 - Arr\u00eat\u00e9 n\u00b02026-00381du 03 avril 2026  limitant temporairement le volume sonore pour la\ndiffusion du son amplifi\u00e9 \nsur le secteur de la place du Ch\u00e2teau Rouge \u00e0 Paris du 4 avril 2026 au 28 juin 2026 inclus\n56\n \n2026-00381 4 \nAnnexe de l'arr\u00eat\u00e9 n\u00b0 2026-00381 du 3 avril 2026  \n \n \n \nVOIES ET DELAIS DE RECOURS \n \n_______________________  \n \n \n \nSi vous estimez devoir contester le pr\u00e9sent arr\u00eat\u00e9,  il vous est possible, dans un d\u00e9lai de \ndeux mois \u00e0 compter de la date de sa publication au  recueil des actes administratifs de la \npr\u00e9fecture de police :  \n \n \n- soit de saisir d'un RECOURS GRACIEUX \n \nle Pr\u00e9fet de Police  \n7/9, boulevard du Palais - 75195 PARIS RP  \n \n- ou de former un RECOURS HIERARCHIQUE \n \n  aupr\u00e8s du Ministre de l'int\u00e9rieur  \n  Direction des libert\u00e9s publiques et des affaires juridiques  \n  place Beauvau - 75008 PARIS  \n \n- soit de saisir d'un RECOURS CONTENTIEUX \n \nle Tribunal administratif comp\u00e9tent  \n \n \nAucune de ces voies et recours ne suspend l'application de la pr\u00e9sente d\u00e9cision. \n \n \nLes recours GRACIEUX et HIERARCHIQUE doivent \u00eatre \u00e9 crits, exposer les arguments ou \nfaits nouveaux et comprendre la copie de l'arr\u00eat\u00e9 contest\u00e9. \n \n \nLe recours CONTENTIEUX, qui vise \u00e0 contester la LEG ALITE de la pr\u00e9sente d\u00e9cision, doit \n\u00e9galement \u00eatre \u00e9crit et exposer votre argumentation juridique. \n \n \nSi vous n'aviez pas de r\u00e9ponse \u00e0 votre recours GRACIEUX ou HIERARCHIQUE dans un d\u00e9lai \nde deux mois \u00e0 compter de la r\u00e9ception de votre rec ours par l'administration, votre \ndemande devra \u00eatre consid\u00e9r\u00e9e comme rejet\u00e9e (d\u00e9cision implicite de rejet). \n \n \nEn cas de rejet des recours GRACIEUX ou HIERARCHIQU E, le Tribunal administratif peut \n\u00eatre saisi d'un recours contentieux dans le d\u00e9lai d e deux mois \u00e0 compter de la date de la \nd\u00e9cision de rejet. \n \n \n \n \n \n \n \nPr\u00e9fecture de Police - 75-2026-04-03-00005 - Arr\u00eat\u00e9 n\u00b02026-00381du 03 avril 2026  limitant temporairement le volume sonore pour la\ndiffusion du son amplifi\u00e9 \nsur le secteur de la place du Ch\u00e2teau Rouge \u00e0 Paris du 4 avril 2026 au 28 juin 2026 inclus\n57\nPr\u00e9fecture de Police\n75-2026-04-01-00016\nArr\u00eat\u00e9 n\u00b0DPPSSAP/ORLY/2026/029 du 01 avril\n2026 r\u00e9glementant temporairement les\nconditions de circulation dans le cadre de\ntravaux r\u00e9alis\u00e9es au sein de la plate-forme\na\u00e9roportuaire de Paris-Orly \nPr\u00e9fecture de Police - 75-2026-04-01-00016 - Arr\u00eat\u00e9 n\u00b0DPPSSAP/ORLY/2026/029 du 01 avril 2026 r\u00e9glementant temporairement les\nconditions de circulation dans le cadre de travaux r\u00e9alis\u00e9es au sein de la plate-forme a\u00e9roportuaire de Paris-Orly 58\nPREFECTUREDE POLICELibert\u00e9Egalit\u00e9Fraternit\u00e9\nce\nD\u00e9l\u00e9gation de la pr\u00e9fecture de police\npour la s\u00e9curit\u00e9 et la s\u00fbret\u00e9\ndes plates-formes a\u00e9roportuaires de\nParis-Charles de Gaulle, du Bourget et de Paris-Orly\n    \nArr\u00eat\u00e9 DPPSSAP/ORLY/2026/029 r\u00e9glementant temporairement les conditions de circulation\n dans le cadre de travaux r\u00e9alis\u00e9es au sein de la plate-forme a\u00e9roportuaire de Paris-Orly\nLe pr\u00e9fet d\u00e9l\u00e9gu\u00e9\nVu le code p\u00e9nal\u00a0;\nVu le code de la route\u00a0;\nVu la loi n\u00b0 2017-257 du 28 f\u00e9vrier 2017 relative au statut de Paris et \u00e0 l'am\u00e9nagement m\u00e9tropolitain\u00a0;\nVu le d\u00e9cret n\u00b0 2017-288 du 6 mars 2017 modifiant le d\u00e9cret n\u00b0 2010-655 du 11 juin 2010 relatif au pr\u00e9fet  \nd\u00e9l\u00e9gu\u00e9 pour la s\u00e9curit\u00e9 et la s\u00fbret\u00e9 des plates-formes a\u00e9roportuaires de Paris\u00a0;\nVu le d\u00e9cret du 26 juin 2024 portant nomination du pr\u00e9fet d\u00e9l\u00e9gu\u00e9 pour la s\u00e9curit\u00e9 et la s\u00fbret\u00e9 des plates-\nformes a\u00e9roportuaires de Paris - Charles de Gaulle, du Bourget et de Paris - Orly aupr\u00e8s du pr\u00e9fet de police - \nM. DAGUIN (St\u00e9phane)\u00a0;\nVu  le d\u00e9cret du 24 ao\u00fbt 2024 portant nomination du sous-pr\u00e9fet charg\u00e9 de mission, adjoint au pr\u00e9fet  \nd\u00e9l\u00e9gu\u00e9 pour la s\u00e9curit\u00e9 et la s\u00fbret\u00e9 des plates-formes a\u00e9roportuaires de Paris - Charles de Gaulle, du  \nBourget et de Paris-Orly aupr\u00e8s du pr\u00e9fet de police - M. BOSSUYT (Yves)\u00a0;\nVu le d\u00e9cret du 22 octobre 2025 par lequel M. Patrice FAURE, administrateur de l'\u00c9tat du troisi\u00e8me grade,  \ndirecteur de cabinet du Pr\u00e9sident de la R\u00e9publique, est nomm\u00e9 pr\u00e9fet de police (groupe I), \u00e0 compter du  \n23 octobre 2025\u00a0;\nVu l'arr\u00eat\u00e9 interminist\u00e9riel du 24 novembre 1967 relatif \u00e0 la signalisation des routes et autoroutes\u00a0;\nVu l'arr\u00eat\u00e9 interminist\u00e9riel du 6 novembre 1992 modifi\u00e9, relatif \u00e0 la signalisation routi\u00e8re, approuvant la  \nhuiti\u00e8me partie \u00ab \u00a0signalisation temporaire\u00a0\u00bb du livre 1 de l'instruction interminist\u00e9rielle sur la signalisation  \nrouti\u00e8re\u00a0;\nVu l'arr\u00eat\u00e9 pr\u00e9fectoral n\u00b0 2005-1751 du 18 mai 2005 modifi\u00e9 relatif \u00e0 la signalisation routi\u00e8re en zone  \npublique de l'a\u00e9roport de Paris-Orly\u00a0;\nVu l'arr\u00eat\u00e9 pr\u00e9fectoral permanent n\u00b0 2012-1486 du 3 mai 2012 r\u00e9glementant la circulation au droit des  \nchantiers  courants  et  des  chantiers  de  modification  de  r\u00e9seaux  sur  les  routes  de  la  plate-forme  \na\u00e9roportuaire de Paris-Orly ex\u00e9cut\u00e9s ou contr\u00f4l\u00e9s par le Groupe ADP\u00a0;\nVu l'arr\u00eat\u00e9  pr\u00e9fectoral  n\u00b0DPPSSAP/ORLY/2024/046  du  16  juillet  2024  relatif  aux  mesures  de  police  \napplicables sur l'a\u00e9roport Paris-Orly\u00a0;\nVu l'arr\u00eat\u00e9 n\u00b0 2025-01662 du 11 d\u00e9cembre 2025 portant d\u00e9l\u00e9gation de signature au pr\u00e9fet d\u00e9l\u00e9gu\u00e9 pour la  \ns\u00e9curit\u00e9 et la s\u00fbret\u00e9 des plates-formes a\u00e9roportuaires de Paris-Charles de Gaulle, du Bourget et de Paris-\nOrly aupr\u00e8s du pr\u00e9fet de police\u00a0;\nVu la demande du Groupe ADP\u00a0;\nConsid\u00e9rant que,  dans  le  cadre  de  travaux  routiers,  il  convient  de  r\u00e9glementer  temporairement  la  \ncirculation sur la plate-forme a\u00e9roportuaire de Paris-Orly\u00a0;\nConsid\u00e9rant les avis rendus par les services de la direction de l'ordre public et de la circulation (DOPC) et  \ndu service de s\u00e9curisation du quotidien de l'a\u00e9roport d'Orly (SSQAO) travaillant sur l'a\u00e9rodrome de Paris-\nOrly\u00a0;\nPr\u00e9fecture de Police - 75-2026-04-01-00016 - Arr\u00eat\u00e9 n\u00b0DPPSSAP/ORLY/2026/029 du 01 avril 2026 r\u00e9glementant temporairement les\nconditions de circulation dans le cadre de travaux r\u00e9alis\u00e9es au sein de la plate-forme a\u00e9roportuaire de Paris-Orly 59\nARR\u00caTE\nArticle 1er\u00a0: Des travaux de voirie seront r\u00e9alis\u00e9s sur l'emprise de la plate-forme a\u00e9roportuaire de Paris-Orly.  \nCes travaux impacteront la circulation routi\u00e8re selon les modalit\u00e9s suivantes\u00a0:\n- fermeture \u00e0 la circulation, des axes figur\u00e9s en rouge (Avenue de l'Union au carrefour du tram \u2013 IBIS) sur le  \nplan annex\u00e9 au pr\u00e9sent arr\u00eat\u00e9, chaque soir, de 21h30 \u00e0 04h30, du lundi 13 avril 2026 au vendredi 17 avril  \n2026.\nArticle 2 \u00a0:  Un balisage des travaux et des itin\u00e9raires de d\u00e9viation seront mis en place pour la dur\u00e9e des  \ntravaux  avec  pr\u00e9-signalisation  et  signalisation  directionnelle.  Ce  balisage temporaire  sera  lumineux  ou \nr\u00e9tro-r\u00e9fl\u00e9chissant.\nArticle 3 \u00a0: La pr\u00e9-signalisation et la signalisation n\u00e9cessaires seront mises en \u0153uvre par l'entreprise en  \ncharge de la fermeture. Elles seront conformes aux prescriptions pr\u00e9vues par la r\u00e9glementation en vigueur.\nArticle 4 \u00a0: Toute contravention au pr\u00e9sent arr\u00eat\u00e9 sera constat\u00e9e et poursuivie conform\u00e9ment aux lois et  \nr\u00e8glements en vigueur.\nArticle  5 \u00a0:  La  directrice  de  l'a\u00e9roport  de  Paris-Orly,  le  directeur  de  la  s\u00e9curit\u00e9  de  proximit\u00e9  de  \nl'agglom\u00e9ration parisienne, le directeur de l'ordre public et de la circulation sont charg\u00e9s, chacun en ce qui \nle concerne, de l'ex\u00e9cution du pr\u00e9sent arr\u00eat\u00e9, qui sera publi\u00e9 au recueil des actes administratifs de la  \nPr\u00e9fecture de Police de Paris et qui devra \u00eatre affich\u00e9 aux abords du chantier.\nFait \u00e0 Paris-Orly, le 01 avril 2026 Le pr\u00e9fet d\u00e9l\u00e9gu\u00e9 pour la s\u00e9curit\u00e9  \net la s\u00fbret\u00e9 des plates-formes a\u00e9roportuaires \nde Paris\nSign\u00e9 \nLe pr\u00e9fet\nSt\u00e9phane DAGUIN\nPr\u00e9fecture de Police - 75-2026-04-01-00016 - Arr\u00eat\u00e9 n\u00b0DPPSSAP/ORLY/2026/029 du 01 avril 2026 r\u00e9glementant temporairement les\nconditions de circulation dans le cadre de travaux r\u00e9alis\u00e9es au sein de la plate-forme a\u00e9roportuaire de Paris-Orly 60\nPLAN DE DEVIATIONVia l'avenue de l'union,rue Henri Farman pourprendre la direction deparis.Via avenue de l'union,rue d'ltalie, rue Maryse Hilszpour reprendre Orly 4\nVOIES ET D\u00c9LAIS DE RECOURS\n_______________________\nSi vous estimez devoir contester la pr\u00e9sente d\u00e9cision, il vous est possible, dans un d\u00e9lai de deux mois \u00e0 \ncompter de la date de la pr\u00e9sente d\u00e9cision :\n- soit de saisir d'un RECOURS GRACIEUX\nle Pr\u00e9fet d\u00e9l\u00e9gu\u00e9 pour la s\u00e9curit\u00e9 et la s\u00fbret\u00e9 des plates-formes a\u00e9roportuaires de Paris\n7 rue du Commandant Mouchotte \u2013 Orlytech - B\u00e2timent 517 \u2013 91\u00a0550 PARAY-VIEILLE-POSTE\n- ou de former un RECOURS HIERARCHIQUE\naupr\u00e8s du Ministre de l'int\u00e9rieur et des outre-mer\nDirection des libert\u00e9s publiques et des affaires juridiques\nPlace Beauvau - 75008 PARIS\n- soit de saisir d'un RECOURS CONTENTIEUX\npar courrier\u00a0: Tribunal administratif de Melun, 43, rue du G\u00e9n\u00e9ral-De-Gaulle 77000 Melun \u00a0: soit par \nl'application informatique T\u00e9l\u00e9recours, accessible sur le site www.telerecours.fr.\nPr\u00e9fecture de Police - 75-2026-04-01-00016 - Arr\u00eat\u00e9 n\u00b0DPPSSAP/ORLY/2026/029 du 01 avril 2026 r\u00e9glementant temporairement les\nconditions de circulation dans le cadre de travaux r\u00e9alis\u00e9es au sein de la plate-forme a\u00e9roportuaire de Paris-Orly 61\nPr\u00e9fecture de Police\n75-2026-04-01-00017\nArr\u00eat\u00e9 n\u00b0DPPSSAP/ORLY/2026/030 du 01 avril\n2026 r\u00e9glementant temporairement les\nconditions de circulation dans le cadre de\ntravaux r\u00e9alis\u00e9es au sein de la plate-forme\na\u00e9roportuaire de Paris-Orly\nPr\u00e9fecture de Police - 75-2026-04-01-00017 - Arr\u00eat\u00e9 n\u00b0DPPSSAP/ORLY/2026/030 du 01 avril 2026 r\u00e9glementant temporairement les\nconditions de circulation dans le cadre de travaux r\u00e9alis\u00e9es au sein de la plate-forme a\u00e9roportuaire de Paris-Orly 62\nPREFECTUREDE POLICELibert\u00e9Egalit\u00e9Fraternit\u00e9\nce\nD\u00e9l\u00e9gation de la pr\u00e9fecture de police\npour la s\u00e9curit\u00e9 et la s\u00fbret\u00e9\ndes plates-formes a\u00e9roportuaires de\nParis-Charles de Gaulle, du Bourget et de Paris-Orly\n    \nArr\u00eat\u00e9 DPPSSAP/ORLY/2026/030 r\u00e9glementant temporairement les conditions de circulation\n dans le cadre de travaux r\u00e9alis\u00e9es au sein de la plate-forme a\u00e9roportuaire de Paris-Orly\nLe pr\u00e9fet d\u00e9l\u00e9gu\u00e9\nVu le code p\u00e9nal\u00a0;\nVu le code de la route\u00a0;\nVu la loi n\u00b0 2017-257 du 28 f\u00e9vrier 2017 relative au statut de Paris et \u00e0 l'am\u00e9nagement m\u00e9tropolitain\u00a0;\nVu le d\u00e9cret n\u00b0 2017-288 du 6 mars 2017 modifiant le d\u00e9cret n\u00b0 2010-655 du 11 juin 2010 relatif au pr\u00e9fet  \nd\u00e9l\u00e9gu\u00e9 pour la s\u00e9curit\u00e9 et la s\u00fbret\u00e9 des plates-formes a\u00e9roportuaires de Paris\u00a0;\nVu le d\u00e9cret du 26 juin 2024 portant nomination du pr\u00e9fet d\u00e9l\u00e9gu\u00e9 pour la s\u00e9curit\u00e9 et la s\u00fbret\u00e9 des plates-\nformes a\u00e9roportuaires de Paris - Charles de Gaulle, du Bourget et de Paris - Orly aupr\u00e8s du pr\u00e9fet de police - \nM. DAGUIN (St\u00e9phane)\u00a0;\nVu  le d\u00e9cret du 24 ao\u00fbt 2024 portant nomination du sous-pr\u00e9fet charg\u00e9 de mission, adjoint au pr\u00e9fet  \nd\u00e9l\u00e9gu\u00e9 pour la s\u00e9curit\u00e9 et la s\u00fbret\u00e9 des plates-formes a\u00e9roportuaires de Paris - Charles de Gaulle, du  \nBourget et de Paris-Orly aupr\u00e8s du pr\u00e9fet de police - M. BOSSUYT (Yves)\u00a0;\nVu le d\u00e9cret du 22 octobre 2025 par lequel M. Patrice FAURE, administrateur de l'\u00c9tat du troisi\u00e8me grade,  \ndirecteur de cabinet du Pr\u00e9sident de la R\u00e9publique, est nomm\u00e9 pr\u00e9fet de police (groupe I), \u00e0 compter du  \n23 octobre 2025\u00a0;\nVu l'arr\u00eat\u00e9 interminist\u00e9riel du 24 novembre 1967 relatif \u00e0 la signalisation des routes et autoroutes\u00a0;\nVu l'arr\u00eat\u00e9 interminist\u00e9riel du 6 novembre 1992 modifi\u00e9, relatif \u00e0 la signalisation routi\u00e8re, approuvant la  \nhuiti\u00e8me partie \u00ab \u00a0signalisation temporaire\u00a0\u00bb du livre 1 de l'instruction interminist\u00e9rielle sur la signalisation  \nrouti\u00e8re\u00a0;\nVu l'arr\u00eat\u00e9 pr\u00e9fectoral n\u00b0 2005-1751 du 18 mai 2005 modifi\u00e9 relatif \u00e0 la signalisation routi\u00e8re en zone  \npublique de l'a\u00e9roport de Paris-Orly\u00a0;\nVu l'arr\u00eat\u00e9 pr\u00e9fectoral permanent n\u00b0 2012-1486 du 3 mai 2012 r\u00e9glementant la circulation au droit des  \nchantiers  courants  et  des  chantiers  de  modification  de  r\u00e9seaux  sur  les  routes  de  la  plate-forme  \na\u00e9roportuaire de Paris-Orly ex\u00e9cut\u00e9s ou contr\u00f4l\u00e9s par le Groupe ADP\u00a0;\nVu l'arr\u00eat\u00e9  pr\u00e9fectoral  n\u00b0DPPSSAP/ORLY/2024/046  du  16  juillet  2024  relatif  aux  mesures  de  police  \napplicables sur l'a\u00e9roport Paris-Orly\u00a0;\nVu l'arr\u00eat\u00e9 n\u00b0 2025-01662 du 11 d\u00e9cembre 2025 portant d\u00e9l\u00e9gation de signature au pr\u00e9fet d\u00e9l\u00e9gu\u00e9 pour la  \ns\u00e9curit\u00e9 et la s\u00fbret\u00e9 des plates-formes a\u00e9roportuaires de Paris-Charles de Gaulle, du Bourget et de Paris-\nOrly aupr\u00e8s du pr\u00e9fet de police\u00a0;\nVu la demande du Groupe ADP\u00a0;\nConsid\u00e9rant que,  dans  le  cadre  de  travaux  routiers,  il  convient  de  r\u00e9glementer  temporairement  la  \ncirculation sur la plate-forme a\u00e9roportuaire de Paris-Orly\u00a0;\nConsid\u00e9rant les avis rendus par les services de la direction de l'ordre public et de la circulation (DOPC) et  \ndu service de s\u00e9curisation du quotidien de l'a\u00e9roport d'Orly (SSQAO) travaillant sur l'a\u00e9rodrome de Paris-\nOrly\u00a0;\nPr\u00e9fecture de Police - 75-2026-04-01-00017 - Arr\u00eat\u00e9 n\u00b0DPPSSAP/ORLY/2026/030 du 01 avril 2026 r\u00e9glementant temporairement les\nconditions de circulation dans le cadre de travaux r\u00e9alis\u00e9es au sein de la plate-forme a\u00e9roportuaire de Paris-Orly 63\nARR\u00caTE\nArticle 1er\u00a0: Des travaux de voirie seront r\u00e9alis\u00e9s sur l'emprise de la plate-forme a\u00e9roportuaire de Paris-Orly.  \nCes travaux impacteront la circulation routi\u00e8re selon les modalit\u00e9s suivantes\u00a0:\n- fermeture \u00e0 la circulation, des axes figur\u00e9s en rouge (fermeture de la gare routi\u00e8re 4), sur le plan annex\u00e9 au \npr\u00e9sent arr\u00eat\u00e9, chaque soir (hors week-ends, jours f\u00e9ri\u00e9s et veilles de jours f\u00e9ri\u00e9s), de 22h00 \u00e0 05h00, du  \nmercredi 15 avril 2026 au samedi 30 mai 2026.\nArticle 2 \u00a0:  Un balisage des travaux et des itin\u00e9raires de d\u00e9viation seront mis en place pour la dur\u00e9e des  \ntravaux  avec  pr\u00e9-signalisation  et  signalisation  directionnelle.  Ce  balisage temporaire  sera  lumineux  ou \nr\u00e9tro-r\u00e9fl\u00e9chissant.\nArticle 3 \u00a0: La pr\u00e9-signalisation et la signalisation n\u00e9cessaires seront mises en \u0153uvre par l'entreprise en  \ncharge de la fermeture. Elles seront conformes aux prescriptions pr\u00e9vues par la r\u00e9glementation en vigueur.\nArticle 4 \u00a0: Toute contravention au pr\u00e9sent arr\u00eat\u00e9 sera constat\u00e9e et poursuivie conform\u00e9ment aux lois et  \nr\u00e8glements en vigueur.\nArticle  5 \u00a0:  La  directrice  de  l'a\u00e9roport  de  Paris-Orly,  le  directeur  de  la  s\u00e9curit\u00e9  de  proximit\u00e9  de  \nl'agglom\u00e9ration parisienne, le directeur de l'ordre public et de la circulation sont charg\u00e9s, chacun en ce qui \nle concerne, de l'ex\u00e9cution du pr\u00e9sent arr\u00eat\u00e9, qui sera publi\u00e9 au recueil des actes administratifs de la  \nPr\u00e9fecture de Police de Paris et qui devra \u00eatre affich\u00e9 aux abords du chantier.\nFait \u00e0 Paris-Orly, le 01 avril 2026 Le pr\u00e9fet d\u00e9l\u00e9gu\u00e9 pour la s\u00e9curit\u00e9  \net la s\u00fbret\u00e9 des plates-formes a\u00e9roportuaires \nde Paris\nSign\u00e9 \nLe pr\u00e9fet\nSt\u00e9phane DAGUIN\nPr\u00e9fecture de Police - 75-2026-04-01-00017 - Arr\u00eat\u00e9 n\u00b0DPPSSAP/ORLY/2026/030 du 01 avril 2026 r\u00e9glementant temporairement les\nconditions de circulation dans le cadre de travaux r\u00e9alis\u00e9es au sein de la plate-forme a\u00e9roportuaire de Paris-Orly 64\nVOIES ET D\u00c9LAIS DE RECOURS\n_______________________\nSi vous estimez devoir contester la pr\u00e9sente d\u00e9cision, il vous est possible, dans un d\u00e9lai de deux mois \u00e0 \ncompter de la date de la pr\u00e9sente d\u00e9cision :\n- soit de saisir d'un RECOURS GRACIEUX\nle Pr\u00e9fet d\u00e9l\u00e9gu\u00e9 pour la s\u00e9curit\u00e9 et la s\u00fbret\u00e9 des plates-formes a\u00e9roportuaires de Paris\n7 rue du Commandant Mouchotte \u2013 Orlytech - B\u00e2timent 517 \u2013 91\u00a0550 PARAY-VIEILLE-POSTE\n- ou de former un RECOURS HIERARCHIQUE\naupr\u00e8s du Ministre de l'int\u00e9rieur et des outre-mer\nDirection des libert\u00e9s publiques et des affaires juridiques\nPlace Beauvau - 75008 PARIS\n- soit de saisir d'un RECOURS CONTENTIEUX\npar courrier\u00a0: Tribunal administratif de Melun, 43, rue du G\u00e9n\u00e9ral-De-Gaulle 77000 Melun \u00a0: soit par \nl'application informatique T\u00e9l\u00e9recours, accessible sur le site www.telerecours.fr.\nPr\u00e9fecture de Police - 75-2026-04-01-00017 - Arr\u00eat\u00e9 n\u00b0DPPSSAP/ORLY/2026/030 du 01 avril 2026 r\u00e9glementant temporairement les\nconditions de circulation dans le cadre de travaux r\u00e9alis\u00e9es au sein de la plate-forme a\u00e9roportuaire de Paris-Orly 65","date":"2026-04-03","first_seen_on":"2026-04-03T16:43:13+00:00","id":"6ecc0982c7e724f68f9d128cd6fe69733301847469e5a70d1782447ba3624fd9","name":"recueil-75-2026-203-recueil-des-actes-administratifs-special du 03.04.2026","pdf_creation_date":"2026-04-03T15:03:04+00:00","pdf_modification_date":null,"timezone":"Europe/Paris","url":"https://www.prefectures-regions.gouv.fr/ile-de-france/irecontenu/telechargement/136841/1000291/file/recueil-75-2026-203-recueil-des-actes-administratifs-special%20du%2003.04.2026.pdf"}
