{"administration":"prefidf","administration_name":"Pr\u00e9fecture de la r\u00e9gion \u00cele-de-France","content":"PREFECTURE\nREGION ILE DE\nFRANCE\nRECUEIL DES ACTES\nADMINISTRATIFS SP\u00c9CIAL\n(NOMINATIFS)\nN\u00b0IDF-031-2025-09\nPUBLI\u00c9 LE 11 SEPTEMBRE 2025\nSommaire\nDirection r\u00e9gionale des affaires culturelles d'Ile-de-France  / Conservation\nr\u00e9gionale des monuments historiques\nIDF-2025-07-29-00026 - D\u00e9cision n\u00b0 portant attribution du label\nArchitecture contemporaine remarquable - Evry universit\u00e9 Maupertuis (4\npages) Page 3\nIDF-2025-07-29-00025 - D\u00e9cision n\u00b0 portant attribution du label\nArchitecture contemporaine remarquable- Evry universit\u00e9 1er Cycles (3\npages) Page 8\nIDF-2025-07-29-00027 - D\u00e9cision portant attribution du label\nArchitecture contemporaine remarquable - Meudon Maison Deslandes (4\npages) Page 12\nIDF-2025-07-29-00028 - D\u00e9cision portant attribution du label\nArchitecture contemporaine remarquable -Immeuble 104 boulevard Arago\nParis (4 pages) Page 17\nDirection r\u00e9gionale et interd\u00e9partementale de l'alimentation, de\nl'agriculture et de la for\u00eat d'Ile de France / Service R\u00e9gional d'Economie\nAgricole\nIDF-2025-09-11-00002 - D\u00e9cision partielle d'autorisation d'exploiter pour\nMadame Val\u00e9rie LESSIEUX SCEA Val\u00e9rie et Valentin LESSIEUX (3 pages) Page 22\nMission nationale de contr\u00f4le et d'audit des organismes de s\u00e9curit\u00e9\nsociale  / Antenne Paris\nIDF-2025-09-11-00001 - Arr\u00eat\u00e9 modificatif du 11 septembre 2025 -\nportant modification de la composition du Conseil de la Caisse Primaire\nd'Assurance Maladie de Seine et Marne (CPAM 77) (2 pages) Page 26\nRectorat de l'acad\u00e9mie de Versailles /\nIDF-2025-09-08-00007 - Arr\u00eat\u00e9 modificatif portant nomination des\nmembres de la commission acad\u00e9mique appel\u00e9e \u00e0 statuer sur appel\ndes d\u00e9cisions des conseils de discipline des coll\u00e8ges, des lyc\u00e9es et des \n\u00e9tablissements d'\u00e9ducation sp\u00e9ciale (1 page) Page 29\n2\nDirection r\u00e9gionale des affaires culturelles\nd'Ile-de-France \nIDF-2025-07-29-00026\nD\u00e9cision n\u00b0 portant attribution du label\nArchitecture contemporaine remarquable - Evry\nuniversit\u00e9 Maupertuis\nDirection r\u00e9gionale des affaires culturelles d'Ile-de-France  - IDF-2025-07-29-00026 - D\u00e9cision n\u00b0 portant attribution du label\nArchitecture contemporaine remarquable - Evry universit\u00e9 Maupertuis 3\nPREFETDE LA REGIOND'\u00ceLE-DE-FRANCELibert\u00e9\u00c9galit\u00e9Fraternit\u00e9\n Direction r\u00e9gionale \ndes affaires culturelles \nd'\u00cele-de-France \n \nPr\u00e9fecture de la r\u00e9gion d'Ile-de-France  \n5 rue Leblanc  75015 Paris \u2013 Standard  01 82 52 40 00  \u2022 T\u00e9l\u00e9copie 01 82 52 40 16  \nAdresse Internet  : www.paris-idf.gouv.fr  \n \n \n \nD\u00c9CISION N\u00b0 \n \nportant attribution du label \u00abArchitecture contemporaine remarquable  \u00bb \u00e0  \n- B\u00e2timent Maupertuis de l'universit\u00e9 d'Evry- \n3, rue du P\u00e8re-Jarlan \n91000 Evry-Courcouronnes \n \n \nLE PR\u00c9FET DE LA R\u00c9GION D'\u00ceLE DE FRANCE  \nPR\u00c9FET DE PARIS  \nCOMMANDEUR DE LA L\u00c9GION D'HONNEUR  \nOFFICIER DE L'ORDRE NATIONAL DU M\u00c9RITE  \n \n \n \nVU le code du patrimoine, notamment les articles L.650-1 et R.650-1 et suivants  ; \n \nVU le d\u00e9cret n\u00b02017-433 du 28 mars 2017 relatif au label \u00ab  Architecture contemporaine remarquable  \u00bb ; \n \nVU l'arr\u00eat\u00e9 du 22 f\u00e9vrier 2018 relatif aux mod\u00e8les de demandes d'attribution du label \u00ab Architecture \ncontemporaine remarquable \u00bb, d'information relative aux travaux et d'information de mutation de propri\u00e9t\u00e9 \nconcernant le bien labellis\u00e9  ; \n \nVU l'avis de la commission r\u00e9gionale du patrimoine et de l'architecture en date du 11 f\u00e9vrier 2025 ; \n \nVU les autres pi\u00e8ces produites et jointes au dossier  ; \n \n \nD\u00c9CIDE  \n \nARTICLE 1 \ner  \u2013 Le label \u00ab  Architecture contemporaine remarquable  \u00bb est attribu\u00e9 \u00e0 l'ouvrage \u00ab B\u00e2timent \nMaupertuis de l'universit\u00e9 d'Evry\u00bb con\u00e7u par l'agen ce CANAL 3 (Pierre BOUDON, Jacques MICHEL, Yves \nMONNOT) ; situ\u00e9 3, rue du P\u00e8re-Jarlan \u00e0 Evry-Courcouronnes (91000) et appartenant \u00e0 l'universit\u00e9 d'Evry-Paris-\nSaclay domicili\u00e9e b\u00e2timent \u00cele-de-France, 23 boulevard Fran\u00e7ois-Mitterrand \u00e0 Evry-Courcouronnes (91000) ; \nle bien labellis\u00e9 est situ\u00e9 sur la parcelle n\u00b0114, figurant au cadastre section AX, tel que d\u00e9limit\u00e9 en rouge sur \nle plan ci-annex\u00e9. \n \nARTICLE 2 \u2013 Le label est attribu\u00e9 pour une dur\u00e9e de 100 ans \u00e0 compter de 2000. Il expirera en 2100  ; \n \nARTICLE 3 \u2013 Les motifs de la labellisation sont les suivants  :  \n \n- Int\u00e9gration de l'\u00e9difice dans l'environnement pr\u00e9existant. \n- Qualit\u00e9 de composition des fa\u00e7ades, contraste ent re ext\u00e9rieur et int\u00e9rieur, r\u00e9interpr\u00e9tation du moti f du \nclo\u00eetre. \n- Ensemble coh\u00e9rent et bien pr\u00e9serv\u00e9, manifestant un soin particulier apport\u00e9 dans le choix des mat\u00e9riaux. \n- G\u00e9n\u00e9rosit\u00e9 des espaces, originalit\u00e9 de l'amphith\u00e9\u00e2tre en b\u00e9ton brut dispos\u00e9 dans la cour int\u00e9rieure. \n \nARTICLE 4 \u2013 Conform\u00e9ment \u00e0 l'article R.650-6 du cod e du patrimoine, le propri\u00e9taire du bien est tenu \nd'informer le pr\u00e9fet de r\u00e9gion par lettre recommand\u00e9e avec demande d'avis de r\u00e9ception deux mois au moins \navant le d\u00e9p\u00f4t d'une demande de permis ou de d\u00e9claration pr\u00e9alable de son intention de r\u00e9aliser des travaux \nDirection r\u00e9gionale des affaires culturelles d'Ile-de-France  - IDF-2025-07-29-00026 - D\u00e9cision n\u00b0 portant attribution du label\nArchitecture contemporaine remarquable - Evry universit\u00e9 Maupertuis 4\n \nsusceptibles de le modifier. \nLe propri\u00e9taire du bien est tenu \u00e9galement d'inform er le pr\u00e9fet de r\u00e9gion de toute mutation de propri\u00e9 t\u00e9 \nconcernant ce bien dans un d\u00e9lai de deux mois \u00e0 com pter de la date de signature de l'acte de vente, de  \ntransfert de propri\u00e9t\u00e9 ou de legs. \n \nARTICLE 5 \u2013 La pr\u00e9sente d\u00e9cision sera publi\u00e9e au recueil des actes administratifs de la pr\u00e9fecture de la r\u00e9gion \nd'Ile-de-France. \nElle sera notifi\u00e9e \n aux propri\u00e9taires. Une copie en est adress\u00e9e au maire de la commune co ncern\u00e9e et le cas \n\u00e9ch\u00e9ant, \u00e0 l'autorit\u00e9 comp\u00e9tente pour d\u00e9livrer les autorisations d'urbanisme. \n \nARTICLE 6 \u2013 Le directeur r\u00e9gional des affaires cult urelles d'\u00cele-de-France est charg\u00e9 de l'ex\u00e9cution d e la \npr\u00e9sente d\u00e9cision. \n \n \n                                                                                                              \nFait \u00e0 PARIS, le 29/07/2025 \nLe pr\u00e9fet de la r\u00e9gion d'\u00cele-de-France, \nPr\u00e9fet de Paris \n \n                 SIGN\u00c9 \n \n                                     Marc GUILLAUME \n \n \n \n \n \n \n  \nDirection r\u00e9gionale des affaires culturelles d'Ile-de-France  - IDF-2025-07-29-00026 - D\u00e9cision n\u00b0 portant attribution du label\nArchitecture contemporaine remarquable - Evry universit\u00e9 Maupertuis 5\nLumiess.ha  cas\ndesde  oe ac\nres,,.'''''.''.'i',\n \n \nPLAN ANNEX\u00c9 \u00e0 la d\u00e9cision portant attribution du la bel \u00ab Architecture contemporaine remarquable \u00bb au \nB\u00e2timent Maupertuis de l'universit\u00e9 d'Evry situ\u00e9 3, rue du P\u00e8re-Jarlan 91000 Evry-Courcouronnes. \n \n \n \n \n \n \n \n \n \n \n \n \n  Fait \u00e0 PARIS, le 29/07/2025 \nLe pr\u00e9fet de la r\u00e9gion d'\u00cele-de-France, \nPr\u00e9fet de Paris \n \n                 SIGN\u00c9 \n \n                                     Marc GUILLAUME \n \n \n \n \n \n \n \n \n \nDirection r\u00e9gionale des affaires culturelles d'Ile-de-France  - IDF-2025-07-29-00026 - D\u00e9cision n\u00b0 portant attribution du label\nArchitecture contemporaine remarquable - Evry universit\u00e9 Maupertuis 6\n \n \n                                                                                                               \n \nDirection r\u00e9gionale des affaires culturelles d'Ile-de-France  - IDF-2025-07-29-00026 - D\u00e9cision n\u00b0 portant attribution du label\nArchitecture contemporaine remarquable - Evry universit\u00e9 Maupertuis 7\nDirection r\u00e9gionale des affaires culturelles\nd'Ile-de-France \nIDF-2025-07-29-00025\nD\u00e9cision n\u00b0 portant attribution du label\nArchitecture contemporaine remarquable- Evry\nuniversit\u00e9 1er Cycles\nDirection r\u00e9gionale des affaires culturelles d'Ile-de-France  - IDF-2025-07-29-00025 - D\u00e9cision n\u00b0 portant attribution du label\nArchitecture contemporaine remarquable- Evry universit\u00e9 1er Cycles 8\nPREFETDE LA REGIOND'\u00ceLE-DE-FRANCELibert\u00e9\u00c9galit\u00e9Fraternit\u00e9\n Direction r\u00e9gionale \ndes affaires culturelles \nd'\u00cele-de-France \n \nPr\u00e9fecture de la r\u00e9gion d'Ile-de-France  \n5 rue Leblanc  75015 Paris \u2013 Standard  01 82 52 40 00  \u2022 T\u00e9l\u00e9copie 01 82 52 40 16  \nAdresse Internet  : www.paris-idf.gouv.fr  \n \n \n \nD\u00c9CISION N\u00b0 \n \nportant attribution du label \u00abArchitecture contemporaine remarquable  \u00bb \u00e0  \n- B\u00e2timent des premiers cycles de l'universit\u00e9 d'Evry- \n1, rue Pierre-B\u00e9r\u00e9govoy \n91000 Evry-Courcouronnes \n \n \nLE PR\u00c9FET DE LA R\u00c9GION D'\u00ceLE DE FRANCE  \nPR\u00c9FET DE PARIS  \nCOMMANDEUR DE LA L\u00c9GION D'HONNEUR  \nOFFICIER DE L'ORDRE NATIONAL DU M\u00c9RITE  \n \n \n \nVU le code du patrimoine, notamment les articles L.650-1 et R.650-1 et suivants  ; \n \nVU le d\u00e9cret n\u00b02017-433 du 28 mars 2017 relatif au label \u00ab  Architecture contemporaine remarquable  \u00bb ; \n \nVU l'arr\u00eat\u00e9 du 22 f\u00e9vrier 2018 relatif aux mod\u00e8les de demandes d'attribution du label \u00ab Architecture \ncontemporaine remarquable \u00bb, d'information relative aux travaux et d'information de mutation de propri\u00e9t\u00e9 \nconcernant le bien labellis\u00e9  ; \n \nVU l'avis de la commission r\u00e9gionale du patrimoine et de l'architecture en date du 11 f\u00e9vrier 2025 ; \n \nVU les autres pi\u00e8ces produites et jointes au dossier  ; \n \n \nD\u00c9CIDE  \n \nARTICLE 1 \ner  \u2013 Le label \u00ab  Architecture contemporaine remarquable  \u00bb est attribu\u00e9 \u00e0 l'ouvrage \u00ab B\u00e2timent des \npremiers cycles de l'universit\u00e9 d'Evry\u00bb con\u00e7u par R \u00e9my BUTLER ; situ\u00e9 1, rue Pierre-B\u00e9r\u00e9govoy \u00e0 Evry-\nCourcouronnes (91000) et appartenant \u00e0 l'universit\u00e9  d'Evry-Paris-Saclay domicili\u00e9e b\u00e2timent \u00cele-de-Fra nce, \n23 boulevard Fran\u00e7ois-Mitterrand \u00e0 Evry-Courcouronnes (91000) ; le bien labellis\u00e9 est situ\u00e9 sur la parcelle n\u00b081, \nfigurant au cadastre section AX, tel que d\u00e9limit\u00e9 en rouge sur le plan ci-annex\u00e9. \n \nARTICLE 2 \u2013 Le label est attribu\u00e9 pour une dur\u00e9e de 100 ans \u00e0 compter de 1994. Il expirera en 2094  ; \n \nARTICLE 3 \u2013 Les motifs de la labellisation sont les suivants  :  \n \n- Premier \u00e9difice construit en-nihilo  pour l'universit\u00e9 implant\u00e9e au c\u0153ur de la ville-nouvelle d'Evry. \n- Originalit\u00e9 du plan et de la composition g\u00e9n\u00e9rale, \u00e9difice repr\u00e9sentatif au sein de la carri\u00e8re de l'architecte. \n- Insertion r\u00e9ussie dans son environnement. \n- Soin dans le choix et la mise en \u0153uvre des mat\u00e9riaux, l'ensemble \u00e9tant dans un bon \u00e9tat de conservation. \n- Int\u00e9gration d'\u0153uvres au titre du 1% artistique sign\u00e9es par Jean Murgue et Moon Seup Shim. \n \nARTICLE 4 \u2013 Conform\u00e9ment \u00e0 l'article R.650-6 du cod e du patrimoine, le propri\u00e9taire du bien est tenu \nd'informer le pr\u00e9fet de r\u00e9gion par lettre recommand\u00e9e avec demande d'avis de r\u00e9ception deux mois au moins \navant le d\u00e9p\u00f4t d'une demande de permis ou de d\u00e9claration pr\u00e9alable de son intention de r\u00e9aliser des travaux \nsusceptibles de le modifier. \nDirection r\u00e9gionale des affaires culturelles d'Ile-de-France  - IDF-2025-07-29-00025 - D\u00e9cision n\u00b0 portant attribution du label\nArchitecture contemporaine remarquable- Evry universit\u00e9 1er Cycles 9\n \nLe propri\u00e9taire du bien est tenu \u00e9galement d'inform er le pr\u00e9fet de r\u00e9gion de toute mutation de propri\u00e9 t\u00e9 \nconcernant ce bien dans un d\u00e9lai de deux mois \u00e0 com pter de la date de signature de l'acte de vente, de  \ntransfert de propri\u00e9t\u00e9 ou de legs. \n \nARTICLE 5 \u2013 La pr\u00e9sente d\u00e9cision sera publi\u00e9e au recueil des actes administratifs de la pr\u00e9fecture de la r\u00e9gion \nd'Ile-de-France. \nElle sera notifi\u00e9e \n aux propri\u00e9taires. Une copie en est adress\u00e9e au maire de la commune concern\u00e9e et le cas \n\u00e9ch\u00e9ant, \u00e0 l'autorit\u00e9 comp\u00e9tente pour d\u00e9livrer les autorisations d'urbanisme. \n \nARTICLE 6 \u2013 Le directeur r\u00e9gional des affaires cult urelles d'\u00cele-de-France est charg\u00e9 de l'ex\u00e9cution d e la \npr\u00e9sente d\u00e9cision. \n \n \n                                                                                                                  \nFait \u00e0 PARIS, le 29/07/2025 \nLe pr\u00e9fet de la r\u00e9gion d'\u00cele-de-France, \nPr\u00e9fet de Paris \n \n                 SIGN\u00c9 \n \n                                     Marc GUILLAUME \n \n \n \n \n \n \n  \nDirection r\u00e9gionale des affaires culturelles d'Ile-de-France  - IDF-2025-07-29-00025 - D\u00e9cision n\u00b0 portant attribution du label\nArchitecture contemporaine remarquable- Evry universit\u00e9 1er Cycles 10\n \n \nPLAN ANNEX\u00c9 \u00e0 la d\u00e9cision portant attribution du la bel \u00ab Architecture contemporaine remarquable \u00bb au \nB\u00e2timent des premiers cycles de l'universit\u00e9 d'Evry situ\u00e9 1, rue Pierre-B\u00e9r\u00e9govoy 91000 Evry-Courcouronnes. \n \n \n \n \n \n \n \n \n \n \n \n \n \n  PARIS, le 29/07/2025 \nLe pr\u00e9fet de la r\u00e9gion d'\u00cele-de-France, \nPr\u00e9fet de Paris \n \n                 SIGN\u00c9 \n \n                                     Marc GUILLAUME \n \n \n \n \n \n \n \n                                                                                                                 \n \nDirection r\u00e9gionale des affaires culturelles d'Ile-de-France  - IDF-2025-07-29-00025 - D\u00e9cision n\u00b0 portant attribution du label\nArchitecture contemporaine remarquable- Evry universit\u00e9 1er Cycles 11\nDirection r\u00e9gionale des affaires culturelles\nd'Ile-de-France \nIDF-2025-07-29-00027\nD\u00e9cision portant attribution du label\nArchitecture contemporaine remarquable -\nMeudon Maison Deslandes\nDirection r\u00e9gionale des affaires culturelles d'Ile-de-France  - IDF-2025-07-29-00027 - D\u00e9cision portant attribution du label Architecture\ncontemporaine remarquable - Meudon Maison Deslandes 12\nPREFETDE LA REGIOND'\u00ceLE-DE-FRANCELibert\u00e9\u00c9galit\u00e9Fraternit\u00e9\n Direction r\u00e9gionale \ndes affaires culturelles \nd'\u00cele-de-France \n \nPr\u00e9fecture de la r\u00e9gion d'Ile-de-France  \n5 rue Leblanc  75015 Paris \u2013 Standard  01 82 52 40 00  \u2022 T\u00e9l\u00e9copie 01 82 52 40 16  \nAdresse Internet  : www.paris-idf.gouv.fr  \n \n \n \nD\u00c9CISION N\u00b0 \n \nportant attribution du label \u00abArchitecture contemporaine remarquable  \u00bb \u00e0  \n- maison Deslandes - \n2 sentier des Tybilles \n92190 Meudon \n \n \nLE PR\u00c9FET DE LA R\u00c9GION D'\u00ceLE DE FRANCE  \nPR\u00c9FET DE PARIS  \nCOMMANDEUR DE LA L\u00c9GION D'HONNEUR  \nOFFICIER DE L'ORDRE NATIONAL DU M\u00c9RITE  \n \n \n \nVU le code du patrimoine, notamment les articles L.650-1 et R.650-1 et suivants  ; \n \nVU le d\u00e9cret n\u00b02017-433 du 28 mars 2017 relatif au label \u00ab  Architecture contemporaine remarquable  \u00bb ; \n \nVU l'arr\u00eat\u00e9 du 22 f\u00e9vrier 2018 relatif aux mod\u00e8les de demandes d'attribution du label \u00ab Architecture \ncontemporaine remarquable \u00bb, d'information relative aux travaux et d'information de mutation de propri\u00e9t\u00e9 \nconcernant le bien labellis\u00e9  ; \n \nVU l'avis de la commission r\u00e9gionale du patrimoine et de l'architecture en date du 11 f\u00e9vrier 2025 ; \n \nVU les autres pi\u00e8ces produites et jointes au dossier  ; \n \n \nD\u00c9CIDE  \n \nARTICLE 1 \ner  \u2013 Le label \u00ab  Architecture contemporaine remarquable  \u00bb est attribu\u00e9 \u00e0 l'ouvrage \u00ab maison \nDeslandes \u00bb con\u00e7u par Martine et Philippe DESLANDES  ; situ\u00e9 2 sentier des Tybilles \u00e0 Meudon (92190) et  \nappartenant \u00e0 Laurent Basti\u00e9 domicili\u00e9 2 sentier des Tybilles \u00e0 Meudon (92190) ; le bien labellis\u00e9 est situ\u00e9 sur \nla parcelle n\u00b0102, figurant au cadastre section AH, tel que d\u00e9limit\u00e9 en rouge sur le plan ci-annex\u00e9. \n \nARTICLE 2 \u2013 Le label est attribu\u00e9 pour une dur\u00e9e de 100 ans \u00e0 compter de 1976. Il expirera en 2076 ; \n \nARTICLE 3 \u2013 Les motifs de la labellisation sont les suivants  :  \n \n- Maison du couple d'architectes Philippe et Martin e Deslandes et de leurs enfants, con\u00e7ue avec un soi n \nparticulier jusque dans les d\u00e9tails pour cr\u00e9er une \u0153uvre originale apportant confort, praticit\u00e9 et fluidit\u00e9 avec \ndes touches ludiques proches du monde de l'enfance. \n- Exemple d'architecture adoptant des formes sculpturales et organiques \u00e0 l'ext\u00e9rieur comme \u00e0 l'int\u00e9rieur, o\u00f9 \nla brique de Vaugirard pr\u00e9domine, mat\u00e9riaux chaleureux marqu\u00e9 par une dimension vernaculaire. \n- Nombreux \u00e9chos entre leurs recherches autour de la maison individuelle et d'autres types de programmes \ncomme les groupes scolaires. \n \nARTICLE 4 \u2013 Conform\u00e9ment \u00e0 l'article R.650-6 du cod e du patrimoine, le propri\u00e9taire du bien est tenu \nd'informer le pr\u00e9fet de r\u00e9gion par lettre recommand\u00e9e avec demande d'avis de r\u00e9ception deux mois au moins \navant le d\u00e9p\u00f4t d'une demande de permis ou de d\u00e9claration pr\u00e9alable de son intention de r\u00e9aliser des travaux \nDirection r\u00e9gionale des affaires culturelles d'Ile-de-France  - IDF-2025-07-29-00027 - D\u00e9cision portant attribution du label Architecture\ncontemporaine remarquable - Meudon Maison Deslandes 13\n \nsusceptibles de le modifier. \nLe propri\u00e9taire du bien est tenu \u00e9galement d'inform er le pr\u00e9fet de r\u00e9gion de toute mutation de propri\u00e9 t\u00e9 \nconcernant ce bien dans un d\u00e9lai de deux mois \u00e0 com pter de la date de signature de l'acte de vente, de  \ntransfert de propri\u00e9t\u00e9 ou de legs. \n \nARTICLE 5 \u2013 La pr\u00e9sente d\u00e9cision sera publi\u00e9e au recueil des actes administratifs de la pr\u00e9fecture de la r\u00e9gion \nd'Ile-de-France. \nElle sera notifi\u00e9e \n aux propri\u00e9taires. Une copie en est adress\u00e9e au maire de la commune concern\u00e9e et le cas \n\u00e9ch\u00e9ant, \u00e0 l'autorit\u00e9 comp\u00e9tente pour d\u00e9livrer les autorisations d'urbanisme. \n \nARTICLE 6 \u2013 Le directeur r\u00e9gional des affaires cult urelles d'\u00cele-de-France est charg\u00e9 de l'ex\u00e9cution d e la \npr\u00e9sente d\u00e9cision. \n \n \n        \u00e0 \nPARIS, le 29/07/2025 \nLe pr\u00e9fet de la r\u00e9gion d'\u00cele-de-France, \nPr\u00e9fet de Paris \n \n                 SIGN\u00c9 \n \n                                     Marc GUILLAUME \n \n \n \n \n \n  \nDirection r\u00e9gionale des affaires culturelles d'Ile-de-France  - IDF-2025-07-29-00027 - D\u00e9cision portant attribution du label Architecture\ncontemporaine remarquable - Meudon Maison Deslandes 14\n \n \nPLAN ANNEX\u00c9 \u00e0 la d\u00e9cision portant attribution du la bel \u00ab Architecture contemporaine remarquable \u00bb \u00e0 la  \nmaison Deslandes situ\u00e9e 2 sentier des Tybilles, 92190 Meudon. \n \n \n \n \n \n \n \n \n \n  Fait \u00e0 PARIS, le 29/07/2025 \nLe pr\u00e9fet de la r\u00e9gion d'\u00cele-de-France, \nPr\u00e9fet de Paris \n \n                 SIGN\u00c9 \n \n                                     Marc GUILLAUME \n \n \n \n \nDirection r\u00e9gionale des affaires culturelles d'Ile-de-France  - IDF-2025-07-29-00027 - D\u00e9cision portant attribution du label Architecture\ncontemporaine remarquable - Meudon Maison Deslandes 15\n \n                                                                                                          \n \nDirection r\u00e9gionale des affaires culturelles d'Ile-de-France  - IDF-2025-07-29-00027 - D\u00e9cision portant attribution du label Architecture\ncontemporaine remarquable - Meudon Maison Deslandes 16\nDirection r\u00e9gionale des affaires culturelles\nd'Ile-de-France \nIDF-2025-07-29-00028\nD\u00e9cision portant attribution du label\nArchitecture contemporaine remarquable\n-Immeuble 104 boulevard Arago Paris\nDirection r\u00e9gionale des affaires culturelles d'Ile-de-France  - IDF-2025-07-29-00028 - D\u00e9cision portant attribution du label Architecture\ncontemporaine remarquable -Immeuble 104 boulevard Arago Paris 17\nPREFETDE LA REGIOND'\u00ceLE-DE-FRANCELibert\u00e9\u00c9galit\u00e9Fraternit\u00e9\n Direction r\u00e9gionale \ndes affaires culturelles \nd'\u00cele-de-France \n \nPr\u00e9fecture de la r\u00e9gion d'Ile-de-France  \n5 rue Leblanc  75015 Paris \u2013 Standard  01 82 52 40 00  \u2022 T\u00e9l\u00e9copie 01 82 52 40 16  \nAdresse Internet  : www.paris-idf.gouv.fr  \n \n \n \nD\u00c9CISION N\u00b0 \n \nportant attribution du label \u00abArchitecture contemporaine remarquable  \u00bb \u00e0  \n- R\u00e9sidence Arago - \n104 boulevard Arago \n75014 Paris \n \n \nLE PR\u00c9FET DE LA R\u00c9GION D'\u00ceLE DE FRANCE  \nPR\u00c9FET DE PARIS  \nCOMMANDEUR DE LA L\u00c9GION D'HONNEUR  \nOFFICIER DE L'ORDRE NATIONAL DU M\u00c9RITE  \n \n \n \nVU le code du patrimoine, notamment les articles L.650-1 et R.650-1 et suivants  ; \n \nVU le d\u00e9cret n\u00b02017-433 du 28 mars 2017 relatif au label \u00ab  Architecture contemporaine remarquable  \u00bb ; \n \nVU l'arr\u00eat\u00e9 du 22 f\u00e9vrier 2018 relatif aux mod\u00e8les de demandes d'attribution du label \u00ab Architecture \ncontemporaine remarquable \u00bb, d'information relative aux travaux et d'information de mutation de propri\u00e9t\u00e9 \nconcernant le bien labellis\u00e9  ; \n \nVU l'avis de la commission r\u00e9gionale du patrimoine et de l'architecture en date du 11 f\u00e9vrier 2025 ; \n \nVU les autres pi\u00e8ces produites et jointes au dossier  ; \n \n \nD\u00c9CIDE  \n \nARTICLE 1 \ner  \u2013 Le label \u00ab  Architecture contemporaine remarquable  \u00bb est attribu\u00e9 \u00e0 l'ouvrage \u00ab r\u00e9sidence \nArago \u00bb con\u00e7u par Ren\u00e9 et Evelyne ROUX-DUFORT ; situ\u00e9 104 boulevard Arago \u00e0 Paris (14 e arr.) et appartenant \n\u00e0 une copropri\u00e9t\u00e9 ; le bien labellis\u00e9 est situ\u00e9 sur  la parcelle n\u00b015, figurant au cadastre section AP,  tel que \nd\u00e9limit\u00e9 en rouge sur le plan ci-annex\u00e9. \n \nARTICLE 2 \u2013 Le label est attribu\u00e9 pour une dur\u00e9e de 100 ans \u00e0 compter de 1965. Il expirera en 2065  ; \n \nARTICLE 3 \u2013 Les motifs de la labellisation sont les suivants  :  \n- Un \u00e9difice repr\u00e9sentatif au sein du corpus des immeubles de logement collectif des ann\u00e9es 1950 et 1960. \n- Couple d'architectes peu connus mais dont la carri\u00e8re m\u00e9rite une mise en lumi\u00e8re plus importante. \n- Authenticit\u00e9 de l'immeuble qui a \u00e9t\u00e9 bien pr\u00e9serv\u00e9 avec son second-\u0153uvre. \n- Une int\u00e9gration r\u00e9ussie sur une parcelle complexe \u00e0 investir. \n \nARTICLE 4 \u2013 Conform\u00e9ment \u00e0 l'article R.650-6 du cod e du patrimoine, le propri\u00e9taire du bien est tenu \nd'informer le pr\u00e9fet de r\u00e9gion par lettre recommand\u00e9e avec demande d'avis de r\u00e9ception deux mois au moins \navant le d\u00e9p\u00f4t d'une demande de permis ou de d\u00e9claration pr\u00e9alable de son intention de r\u00e9aliser des travaux \nsusceptibles de le modifier. \nLe propri\u00e9taire du bien est tenu \u00e9galement d'inform er le pr\u00e9fet de r\u00e9gion de toute mutation de propri\u00e9 t\u00e9 \nconcernant ce bien dans un d\u00e9lai de deux mois \u00e0 com pter de la date de signature de l'acte de vente, de  \ntransfert de propri\u00e9t\u00e9 ou de legs. \nDirection r\u00e9gionale des affaires culturelles d'Ile-de-France  - IDF-2025-07-29-00028 - D\u00e9cision portant attribution du label Architecture\ncontemporaine remarquable -Immeuble 104 boulevard Arago Paris 18\n \n \nARTICLE 5 \u2013 La pr\u00e9sente d\u00e9cision sera publi\u00e9e au recueil des actes administratifs de la pr\u00e9fecture de la r\u00e9gion \nd'Ile-de-France. \nElle sera notifi\u00e9e \n aux propri\u00e9taires. Une copie en est adress\u00e9e au maire de la commune concern\u00e9e et le cas \n\u00e9ch\u00e9ant, \u00e0 l'autorit\u00e9 comp\u00e9tente pour d\u00e9livrer les autorisations d'urbanisme. \n \nARTICLE 6 \u2013 Le directeur r\u00e9gional des affaires cult urelles d'\u00cele-de-France est charg\u00e9 de l'ex\u00e9cution d e la \npr\u00e9sente d\u00e9cision. \n \n       \n \n       \n PARIS, le 29/07/2025 \nLe pr\u00e9fet de la r\u00e9gion d'\u00cele-de-France, \nPr\u00e9fet de Paris \n \n                 SIGN\u00c9 \n \n                                     Marc GUILLAUME \n \n  \n \n \n \n \n  \nDirection r\u00e9gionale des affaires culturelles d'Ile-de-France  - IDF-2025-07-29-00028 - D\u00e9cision portant attribution du label Architecture\ncontemporaine remarquable -Immeuble 104 boulevard Arago Paris 19\nSLETES'sous ede renee cad LE Sassssspessassset' scene zoo Los\n \n \nPLAN ANNEX\u00c9 \u00e0 la d\u00e9cision portant attribution du label \u00ab Architecture contemporaine remarquable \u00bb maison \nDeslandes situ\u00e9e 2 sentier des Tybilles, 92190 Meudon. \n \n \n \n \n \n \n \n \n \n \n  Fait \u00e0 PARIS, le 29/07/2025 \nLe pr\u00e9fet de la r\u00e9gion d'\u00cele-de-France, \nPr\u00e9fet de Paris \n \n                 SIGN\u00c9 \n \n                                     Marc GUILLAUME \n \n \nDirection r\u00e9gionale des affaires culturelles d'Ile-de-France  - IDF-2025-07-29-00028 - D\u00e9cision portant attribution du label Architecture\ncontemporaine remarquable -Immeuble 104 boulevard Arago Paris 20\n \n \n \n \n \n \n                                                                                                                   \n \nDirection r\u00e9gionale des affaires culturelles d'Ile-de-France  - IDF-2025-07-29-00028 - D\u00e9cision portant attribution du label Architecture\ncontemporaine remarquable -Immeuble 104 boulevard Arago Paris 21\nDirection r\u00e9gionale et interd\u00e9partementale de\nl'alimentation, de l'agriculture et de la for\u00eat d'Ile\nde France\nIDF-2025-09-11-00002\nD\u00e9cision partielle d'autorisation d'exploiter pour\nMadame Val\u00e9rie LESSIEUX SCEA Val\u00e9rie et\nValentin LESSIEUX\nDirection r\u00e9gionale et interd\u00e9partementale de l'alimentation, de l'agriculture et de la for\u00eat d'Ile de France - IDF-2025-09-11-00002 -\nD\u00e9cision partielle d'autorisation d'exploiter pour Madame Val\u00e9rie LESSIEUX SCEA Val\u00e9rie et Valentin LESSIEUX 22\nE 3PREFET |DE LA REGIOND'\u00ceLE-DE-FRANCELibert\u00e9Egalit\u00e9Fraternit\u00e9\n \n \nDRIAAF \u00cele-de-France -5 rue Leblanc \u2013 75911 PARIS cedex 15  \nhttp://driaaf.ile-de-france.agriculture.gouv.fr/ \n \n \nDirection R\u00e9gionale et Interd\u00e9partementale \nde l'Alimentation, de l'Agriculture \net de la For\u00eat  \n \n \n \nService r\u00e9gional de l'\u00e9conomie agricole \n \nAffaire suivie par  : St\u00e9phanie Coutte  \nT\u00e9l  : 01 82 52 45 83 \nM\u00e9l  : st\u00e9phanie.coutte@agriculture.gouv.fr  \n \n \nDirection D\u00e9partementale des Territoires \ndu Val-d'Oise  \nAffaire suivie par \n : Elisabeth RAK-LECLER \nT\u00e9l.  : 01 34 25 24 27 \nM\u00e9l : elisabeth.rak-lecler@val-doise.gouv.fr  \n \n \n \n \nMadame LESSIEUX Val\u00e9rie \nSCEA VALERIE ET VALENTIN LESSIEUX \n17 grande rue \n95710 AMBLEVILLE \n \nRef  : 95-25-11 \nLRAR n\u00b0  : 2 C 190  177 2895 1 \n \nParis, le 11 septembre 2025  \nObjet  : d\u00e9cision partielle d'autorisation d'exploiter  \n \n \nMadame, \nVous avez adress\u00e9 le 10 mars 2025 au pr\u00e9fet du Val-d'Oise une demande d'autorisation d'exploiter sur \nune surface de 98 ha 12 a et 37 ca, dont il a accus\u00e9 r\u00e9ception le 11 mars 2025. \nVotre demande a \u00e9t\u00e9 instruite par les services de la direction d\u00e9partementale des territoires du \nVal \n - d'Oise qui a \u00e9tabli que la demande d'autorisation telle qu'adress\u00e9e le 10 mars r\u00e9pond au rang 3 1 du \nsch\u00e9ma directeur r\u00e9gional des exploitations agricoles (SDREA) d'\u00cele-de-France (article L 312-1 du code \nrural et de la p\u00eache maritime). \nCette candidature est en concurrence, sur 38 ha 01 a et 68 ca , avec d'autres candidatures qui s'av\u00e8rent \nprioritaires au titre du SDREA.  \n \n \n                                                           \n1 Agrandissement ou installation sur une exploitation reconnue viable d'un agriculteur r\u00e9pondant aux conditions de \ncapacit\u00e9 professionnelle dont le projet est sup\u00e9rieur au seuil d'agrandissement excessif. \nDirection r\u00e9gionale et interd\u00e9partementale de l'alimentation, de l'agriculture et de la for\u00eat d'Ile de France - IDF-2025-09-11-00002 -\nD\u00e9cision partielle d'autorisation d'exploiter pour Madame Val\u00e9rie LESSIEUX SCEA Val\u00e9rie et Valentin LESSIEUX 23\nDRIAAF \u00cele-de-France -5 rue Leblanc \u2013 75911 PARIS cedex 15  \nhttp://driaaf.ile-de-france.agriculture.gouv.fr/ \n \nAinsi, vous \u00eates autoris\u00e9e \u00e0 exploiter les parcelles suivantes (articles L. 331-3-1 et R. 331-6 du code rural \net de la p\u00eache maritime)  : \nCommune R\u00e9f\u00e9rence \ncadastrale \nSurface (en \nhectare) \nOMERVILLE B 690 0 ha 82 a 85 ca  \nOMERVILLE Y 370 3 ha 99 a 64 ca  \nOMERVILLE Y 163 0 ha 23 a 30 ca  \nOMERVILLE Z 175 4 ha 17 a 50 ca  \nOMERVILLE Z 155 2 ha 10 a 70 ca  \nOMERVILLE Y 260 8 ha 99 a 00 ca  \nOMERVILLE Y 52 0 ha 21 a 95 ca  \nOMERVILLE Y 262 10 ha 68 a 05 ca  \nOMERVILLE Z 95 5 ha 27 a 80 ca  \nOMERVILLE Z 96 0 ha 03 a 90 ca  \nOMERVILLE Z 97 0 ha 03 a 80 ca  \nOMERVILLE Z 98 0 ha 00 a 05 ca  \nOMERVILLE Z 138 4 ha 13 a 80 ca  \nOMERVILLE Y 261 7 ha 29 a 55 ca  \nOMERVILLE Y 171 0 ha 70 a 20 ca  \nOMERVILLE Y 172 0 ha 08 a 90 ca  \nOMERVILLE Z 106 3 ha 64 a 90 ca  \nOMERVILLE Z 107 0 ha 01 a 40 ca  \nOMERVILLE Z 127 3 ha 02 a 10 ca  \nOMERVILLE Z 128 4 ha 49 a 70 ca  \nOMERVILLE Z 126 0 ha 11 a 60 ca  \nTOTAL PARCELLAIRE 60 ha 10 a 69 ca  \n \nVous n'\u00eates cependant pas autoris\u00e9e \u00e0 exploiter les parcelles suivantes pour lesquelles des demandes \nd'exploiter concurrentes ont \u00e9t\u00e9 d\u00e9pos\u00e9es : \nCommune R\u00e9f\u00e9rence \ncadastrale \nSurface (en \nhectare) \nOMERVILLE A 296 1 ha 41 a 50 ca  \nOMERVILLE A 467 3 ha 51 a 80 ca  \nOMERVILLE A 372 3 ha 65 a 54 ca  \nOMERVILLE A 164 0 ha 05 a 36 ca  \nOMERVILLE Z 139 3 ha 85 a 40 ca  \nOMERVILLE Z 169 1 ha 92 a 20 ca  \nOMERVILLE Z 38 4 ha 85 a 20 ca  \nOMERVILLE Y 91 0 ha 05 a 85 ca  \nOMERVILLE Y 101 0 ha 16 a 75 ca  \nOMERVILLE Y 85 2 ha 02 a 80 ca  \nOMERVILLE Y 86 3 ha 08 a 10 ca  \nOMERVILLE Y 63 5 ha 23 a 40 ca  \nOMERVILLE Y 64 4 ha 19 a 50 ca  \nOMERVILLE Y 89 0 ha 12 a 60 ca  \nDirection r\u00e9gionale et interd\u00e9partementale de l'alimentation, de l'agriculture et de la for\u00eat d'Ile de France - IDF-2025-09-11-00002 -\nD\u00e9cision partielle d'autorisation d'exploiter pour Madame Val\u00e9rie LESSIEUX SCEA Val\u00e9rie et Valentin LESSIEUX 24\nDRIAAF \u00cele-de-France -5 rue Leblanc \u2013 75911 PARIS cedex 15  \nhttp://driaaf.ile-de-france.agriculture.gouv.fr/ \n \nCommune R\u00e9f\u00e9rence \ncadastrale \nSurface (en \nhectare) \nOMERVILLE Y 92 0 ha 05 a 55 ca  \nGENAINVILLE A 498 3 ha 33 a 50 ca  \nGENAINVILLE A 497 0 ha 30 a 30 ca  \nGENAINVILLE A 483 0 ha 08 a 25 ca  \nGENAINVILLE A 481 0 ha 08 a 08 ca  \nTOTAL PARCELLAIRE 38 ha 01 a 68 ca  \n \nCette d\u00e9cision ne vaut pas accord des propri\u00e9taires et ne pr\u00e9juge en rien de leurs intentions sur le \ndevenir d\u00e9finitif des terres. Vous devez obtenir leur accord pour les mettre en valeur. \n \nElle fera l'objet d'un affichage \u00e0 la mairie des communes de Genainville et d'Omerville et sera publi\u00e9e au \nrecueil des actes administratifs de la pr\u00e9fecture de la r\u00e9gion d'\u00cele-de-France. \n \nCette d\u00e9cision peut \u00eatre contest\u00e9e dans un d\u00e9lai de deux mois \u00e0 compter de sa notification \n : \n- soit par recours gracieux devant le pr\u00e9fet ou par recours hi\u00e9rarchique devant le ministre charg\u00e9 de \nl'agriculture,  \n- soit par recours contentieux devant le tribunal administratif de Cergy-Pontoise, soit par courrier, soit \npar l'application informatique T\u00e9l\u00e9recours, accessible sur le site www.telerecours.fr.  \nDans le cas d'un recours gracieux ou hi\u00e9rarchique, en cas de nouveau rejet expresse ou tacite (par \nabsence de r\u00e9ponse dans les deux mois du recours) vous disposez d'un nouveau d\u00e9lai de deux mois pour \nd\u00e9poser un recours contentieux devant le tribunal administratif de Cergy-Pontoise . \n \nLa direction d\u00e9partementale des territoires du Val- d'Oise et la direction r\u00e9gionale et \ninterd\u00e9partementale de l'alimentation, de l'agriculture et de for\u00eat d'\u00cele-de-France restent \u00e0 votre \ndisposition. \nVeuillez agr\u00e9er, Madame, l'assurance de ma consid\u00e9ration. \n \nPour le pr\u00e9fet et par d\u00e9l\u00e9gation, \n \nLe directeur r\u00e9gional et interd\u00e9partemental adjoint,  \nde l'alimentation, de l'agriculture et de la for\u00eat  \nd'\u00cele-de-France,  \n \nSign\u00e9  \n \nBenjamin GENTON   \nCopie  : DDT 95  \nDirection r\u00e9gionale et interd\u00e9partementale de l'alimentation, de l'agriculture et de la for\u00eat d'Ile de France - IDF-2025-09-11-00002 -\nD\u00e9cision partielle d'autorisation d'exploiter pour Madame Val\u00e9rie LESSIEUX SCEA Val\u00e9rie et Valentin LESSIEUX 25\nMission nationale de contr\u00f4le et d'audit des\norganismes de s\u00e9curit\u00e9 sociale \nIDF-2025-09-11-00001\nArr\u00eat\u00e9 modificatif du 11 septembre 2025 -\nportant modification de la composition du\nConseil de la Caisse Primaire d'Assurance\nMaladie de Seine et Marne (CPAM 77)\nMission nationale de contr\u00f4le et d'audit des organismes de s\u00e9curit\u00e9 sociale  - IDF-2025-09-11-00001 - Arr\u00eat\u00e9 modificatif du 11\nseptembre 2025 - portant modification de la composition du Conseil de la Caisse Primaire d'Assurance Maladie de Seine et Marne\n(CPAM 77)\n26\nE =GOUVERNEMENT DirectionLibert\u00e9 de la s\u00e9curit\u00e9 socialeEgalit\u00e9Fraternit\u00e9\n \n \n \nArr\u00eat\u00e9 modificatif du 11 septembre 2025 \u2013 portant modification de la composition du Conseil de la \nCaisse Primaire d'Assurance Maladie de Seine et Marne (CPAM 77)  \n \n \n \nLa ministre du travail, de la sant\u00e9, des solidarit\u00e9s et des familles \n \n \nVu le code de la s\u00e9curit\u00e9 sociale et notamment les articles L. 211-2, R. 211-1, R. 121-5 \u00e0 R. 121-7, et \nD. 231-1 \u00e0 D. 231-4 ; \nVu l'arr\u00eat\u00e9 du 28 octobre 2009 relatif aux institutions intervenant dans le domaine de l'assurance \nmaladie et si\u00e9geant au sein du conseil de la Caisse nationale de l'assurance maladie des travailleurs \nsalari\u00e9s ; \nVu l'arr\u00eat\u00e9 du 11 avril 2022 \u2013 ADP Conseil CPAM de Seine et Marne - portant nomination des \nmembres du conseil de la Caisse Primaire d'Assurance Maladie de Seine et Marne ;  \nVu l'arr\u00eat\u00e9 modificatif du 19 octobre 2022 \u2013 ADP Conseil CPAM de Seine et Marne - portant \nmodification de la composition du conseil de la Caisse Primaire d'Assurance Maladie de Seine et \nMarne ; \nVu l'arr\u00eat\u00e9 modificatif du 2 octobre 2023 \u2013 ADP Conseil CPAM de Seine et Marne - portant \nmodification de la composition du conseil de la Caisse Primaire d'Assurance Maladie de Seine et \nMarne ; \nVu l'arr\u00eat\u00e9 modificatif du 9 octobre 2023 \u2013 CPAM 77 Conseil - portant modification de la \ncomposition du Conseil de la Caisse Primaire d'Assurance Maladie de Seine et Marne ;  \nVu l'arr\u00eat\u00e9 modificatif du 28 mars 2024 \u2013 CPAM 77 Conseil - portant modification de la \ncomposition du Conseil de la Caisse Primaire d'Assurance Maladie de Seine et Marne ;  \nVu l'arr\u00eat\u00e9 modificatif du 15 juillet 2024 \u2013 CPAM 77 Conseil - portant modification de la \ncomposition du Conseil de la Caisse Primaire d'Assurance Maladie de Seine et Marne ;  \nVu l'arr\u00eat\u00e9 modificatif du 31 octobre 2024 portant modification de la composition du Conseil de \nla Caisse Primaire d'Assurance Maladie de Seine et Marne ; \nVu l'arr\u00eat\u00e9 modificatif du 17 janvier 2025 \u2013 portant modification de la composition du Conseil \nde la Caisse Primaire d'Assurance Maladie de Seine et Marne ; \n \nVu l'arr\u00eat\u00e9 modificatif du 16 mai 2025 \u2013 portant modification de la composition du Conseil de la \nCaisse Primaire d'Assurance Maladie de Seine et Marne ; \n \nVu la demande \u00e9manant, au titre des repr\u00e9sentants d'institutions intervenant dans le domaine de \nl'assurance maladie, de l'Union nationale des associations agr\u00e9\u00e9es d'usagers du syst\u00e8me de sant\u00e9 \n(UNAASS) ; \nVu l'arr\u00eat\u00e9 du 20 novembre 2024 portant d\u00e9l\u00e9gation de signature \u00e0 Monsieur Guy-Micha\u00ebl DALIN, \nchef de l'antenne de Paris de la Mission Nationale de Contr\u00f4le et d'audit des organismes de \ns\u00e9curit\u00e9 sociale ; \n \nMission nationale de contr\u00f4le et d'audit des organismes de s\u00e9curit\u00e9 sociale  - IDF-2025-09-11-00001 - Arr\u00eat\u00e9 modificatif du 11\nseptembre 2025 - portant modification de la composition du Conseil de la Caisse Primaire d'Assurance Maladie de Seine et Marne\n(CPAM 77)\n27\n \nArr\u00eate : \nArticle 1er \nLa composition du conseil d'administration du Conseil de la Caisse Primaire d'Assurance Maladie \nde Seine et Marne est modifi\u00e9e comme suit : \n \n1\u00b0 En tant que Repr\u00e9sentants d'institutions intervenant dans le domaine de l'assurance maladie : \nSur demande du l'Union nationale des associations agr\u00e9\u00e9es d'usagers du syst\u00e8me de sant\u00e9 (UNAASS)  \n \nTitulaire : \nLe poste est vacant \u00e0 la suite de la d\u00e9mission de MME COMTE (Alexandra). \n \n \nArticle 2 \n \nLe chef d'antenne de PARIS de la Mission nationale de contr\u00f4le et d'audit des organismes de s\u00e9curit\u00e9 \nsociale est charg\u00e9 de l'ex\u00e9cution du pr\u00e9sent arr\u00eat\u00e9, qui sera publi\u00e9 au recueil des actes administratifs \nde la r\u00e9gion Ile-de-France. \n \nFait \u00e0 Paris, le 11 septembre 2025 \nLa ministre du travail, de la sant\u00e9, des solidarit\u00e9s et des familles,  \n \nPour la ministre et par d\u00e9l\u00e9gation  \n \nSIGNE \n \nGuy-Micha\u00ebl DALIN \n \n \n \n \n \n \n \n \n \n \n \nMission nationale de contr\u00f4le et d'audit des organismes de s\u00e9curit\u00e9 sociale  - IDF-2025-09-11-00001 - Arr\u00eat\u00e9 modificatif du 11\nseptembre 2025 - portant modification de la composition du Conseil de la Caisse Primaire d'Assurance Maladie de Seine et Marne\n(CPAM 77)\n28\nRectorat de l'acad\u00e9mie de Versailles\nIDF-2025-09-08-00007\nArr\u00eat\u00e9 modificatif portant nomination des\nmembres de la commission acad\u00e9mique appel\u00e9e\n\u00e0 statuer sur appel des d\u00e9cisions des conseils de\ndiscipline des coll\u00e8ges, des lyc\u00e9es et des \n\u00e9tablissements d'\u00e9ducation sp\u00e9ciale\nRectorat de l'acad\u00e9mie de Versailles - IDF-2025-09-08-00007 - Arr\u00eat\u00e9 modificatif portant nomination des membres de la commission\nacad\u00e9mique appel\u00e9e \u00e0 statuer sur appel des d\u00e9cisions des conseils de discipline des coll\u00e8ges, des lyc\u00e9es et des  \u00e9tablissements\nd'\u00e9ducation sp\u00e9ciale\n29\nACADEMIEDE VERSAILLESLibert\u00e9Egalit\u00e9Fraternit\u00e9\n  \n \nRectorat de Versailles \n \nDACES 3 \nBureau de la Vie de l'\u00e9l\u00e8ve \nAffaire suivie par : \nAlice El-Ghaba-Etienne \nT\u00e9l : 01 30 83 44 37  \nM\u00e9l : disciplinaire-\neleves.daces3 \n@ac-versailles.fr \n3 boulevard de Lesseps  \n78017 Versailles Cedex  \n \n \nARRETE MODIFICATIF PORTANT NOMINATION DES MEMBRES  DE LA \nCOMMISSION ACADEMIQUE APPELEE A STATUER SUR APPEL DES DECISIONS \nDES CONSEILS DE DISCIPLINE DES COLLEGES, DES LYCEES ET DES \nETABLISSEMENTS D'EDUCATION SPECIALE AINSI QUE DES CONSEILS DE \nDISCIPLINE DEPARTEMENTAUX  \n \nLe Recteur de l'acad\u00e9mie de Versailles \n \nVu : \n- le code de l'\u00e9ducation, et notamment son article D.511 -51 modifi\u00e9 par le d\u00e9cret \nn\u00b02023-783 du 16 ao\u00fbt 2023 ; \n- l'arr\u00eat\u00e9 du 14 octobre 202 4 portant nomination des membres de la commission \nacad\u00e9mique d'appel pour une p\u00e9riode d'un an ; \n- les arr\u00eat\u00e9s des 6 janvier, 17 f\u00e9vrier, 5 et 27 mai, 18 juin et 10 juillet 2025, modifiant \nla composition de la commission acad\u00e9mique d'appel ; \n \nConsid\u00e9rant ce qui suit : \n- Au regard de l'indisponibilit\u00e9 de certains membres de la commission acad\u00e9mique \nd'appel entre le  8 et le 17  septembre 2025, il est n\u00e9cessaire de proc\u00e9der aux \nmodifications suivantes ; \nARRETE \n \n \nArticle 1er : L'article 1-26 de l'arr\u00eat\u00e9 du 14 octobre 2024 est modifi\u00e9 comme suit : \n \nArticle 1-26 : Composition de la commission acad\u00e9mique du 8 au 21 septembre 2025 \n \nArticle 1-26-a : Composition de la commission acad\u00e9mique du 8 au 14 septembre 2025 \n \nCat\u00e9gorie de membre Nom du titulaire Nom du (ou des) suppl\u00e9ant(s) \nDASEN Mme Val\u00e9rie SERVISSOLLE Mme Rachel MEYNENT \nChefs d'\u00e9tablissement Mme Karine COLLIN-DESSANS Mme Elisabeth PAYEN \nProfesseurs M. Pierre-Aim\u00e9 AGNEL M. Olivier DUTOUR \nParents d'\u00e9l\u00e8ves PEEP Mme Peggy PIETRE M. Za\u00ebl GRAIGNIC et Mme Isabelle AUBRUN \nParents d'\u00e9l\u00e8ves FCPE Mme Audrey PROFIZI M. Ludovic FAVERO et Mme Agn\u00e8s LYON-CAEN \n \nArticle 1-26-b : Composition de la commission acad\u00e9mique du 15 au 21 septembre 2025 \n \nCat\u00e9gorie de membre Nom du titulaire Nom du (ou des) suppl\u00e9ant(s) \nDASEN Mme Val\u00e9rie LEGALLICIER Mme V\u00e9ronique PAROUTY \nChefs d'\u00e9tablissement Mme Annie DENIBAS Mme Elisabeth PAYEN \nProfesseurs M. Pierre-Aim\u00e9 AGNEL Mme Sophie BOCQUET \nParents d'\u00e9l\u00e8ves PEEP Mme Peggy PIETRE M. Za\u00ebl GRAIGNIC et Mme Isabelle AUBRUN \nParents d'\u00e9l\u00e8ves FCPE Mme Audrey PROFIZI M. Ludovic FAVERO et Mme Agn\u00e8s LYON-CAEN \n \nArticle 2 : Les autres articles de l'arr\u00eat\u00e9 du 14 octobre 2024 modifi\u00e9 demeurent inchang\u00e9s. \n \nArticle 3 : Le secr\u00e9taire g\u00e9n\u00e9ral de l'acad\u00e9mie de Versailles est charg\u00e9 de l'ex\u00e9cution du pr\u00e9sent arr\u00eat\u00e9. \n \nFait \u00e0 Versailles, le 8 septembre 2025 \n \nSign\u00e9 \n \n\u00c9tienne CHAMPION \nRectorat de l'acad\u00e9mie de Versailles - IDF-2025-09-08-00007 - Arr\u00eat\u00e9 modificatif portant nomination des membres de la commission\nacad\u00e9mique appel\u00e9e \u00e0 statuer sur appel des d\u00e9cisions des conseils de discipline des coll\u00e8ges, des lyc\u00e9es et des  \u00e9tablissements\nd'\u00e9ducation sp\u00e9ciale\n30","date":"2025-09-11","first_seen_on":"2025-09-11T15:42:41+00:00","id":"6f0a96a4b5ee36b677da4d19af5d353a449f99f528ee71ccb9d5ee3e5c78ab81","name":"recueil-idf-031-2025-09-RAA-nominatifs du 11.09.2025","pdf_creation_date":"2025-09-11T14:52:49+00:00","pdf_modification_date":null,"timezone":"Europe/Paris","url":"https://www.prefectures-regions.gouv.fr/ile-de-france/irecontenu/telechargement/130941/962396/file/recueil-idf-031-2025-09-RAA-nominatifs%20du%2011.09.2025.pdf"}
