{"administration":"prefidf","administration_name":"Pr\u00e9fecture de la r\u00e9gion \u00cele-de-France","content":"PREFECTURE\nREGION ILE DE\nFRANCE\nRECUEIL DES ACTES\nADMINISTRATIFS SP\u00c9CIAL\n(NOMINATIFS)\nN\u00b0IDF-041-2025-12\nPUBLI\u00c9 LE 17 D\u00c9CEMBRE 2025\nSommaire\nDirection r\u00e9gionale des affaires culturelles d'Ile-de-France  / Service\nr\u00e9gional de l'architecture et des espaces patrimoniaux\nIDF-2025-11-25-00022 - Arr\u00eat\u00e9 DRAC - 2025 - 110 portant cr\u00e9ation du\np\u00e9rim\u00e8tre d\u00e9limit\u00e9 des abords fusionn\u00e9 de l'h\u00f4pital Avicenne\net de l'ancienne gare SNCF prot\u00e9g\u00e9s au titre des monuments\nhistoriques, sur le territoire de la commune de Bobigny (Seine-Saint-Denis)\n(4 pages) Page 3\nIDF-2025-11-25-00023 - Arr\u00eat\u00e9 DRAC - 2025 - 111 portant cr\u00e9ation du\np\u00e9rim\u00e8tre d\u00e9limit\u00e9 des abords de la bourse d\u00e9partementale du\ntravail\nprot\u00e9g\u00e9e au titre des monuments historiques,\nsur le\nterritoire de la commune de Bobigny (Seine-Saint-Denis) (3 pages) Page 8\nIDF-2025-11-25-00025 - Arr\u00eat\u00e9 DRAC - 2025 - 113 portant cr\u00e9ation du\np\u00e9rim\u00e8tre d\u00e9limit\u00e9 des abords fusionn\u00e9 de l'ancien studio\nPath\u00e9-Albatros et de l'ancienne porcelainerie Samson\nprot\u00e9g\u00e9s\nau titre des monuments historiques,\nsur le territoire de la commune de\nMontreuil (Seine-Saint-Denis) (3 pages) Page 12\nIDF-2025-11-25-00026 - Arr\u00eat\u00e9 DRAC - 2025 - 114\nportant cr\u00e9ation du\np\u00e9rim\u00e8tre d\u00e9limit\u00e9 des abords\nfusionn\u00e9 du groupe scolaire\nJaur\u00e8s-Brossolette, du regard du\nTrou-Morin et de la Fontaine des Eaux\ndu Pr\u00e9\nprot\u00e9g\u00e9s au titre des monuments historiques,\nsur le\nterritoire de la commune du Pr\u00e9-Saint-Gervais (Seine-Saint-Denis) (4\npages) Page 16\nIDF-2025-11-25-00027 - Arr\u00eat\u00e9 DRAC - 2025 - 115\nportant cr\u00e9ation du\np\u00e9rim\u00e8tre d\u00e9limit\u00e9 des abords\nfusionn\u00e9 du cin\u00e9ma Le Trianon\net de l'\u00e9glise Saint-Germain-l'Auxerrois\nprot\u00e9g\u00e9s au titre des\nmonuments historiques,\nsur le territoire de la commune de Romainville\n(Seine-Saint-Denis) (4 pages) Page 21\nIDF-2025-11-25-00024 - Arr\u00eat\u00e9DRAC - 2025 - 112 portant cr\u00e9ation du\np\u00e9rim\u00e8tre d\u00e9limit\u00e9 des abords du cimeti\u00e8re musulman\nprot\u00e9g\u00e9 au titre des monuments historiques, sur le territoire de la\ncommune de Bobigny (Seine-Saint-Denis) (3 pages) Page 26\nIDF-2025-11-25-00021 - Arr\u00eat\u00e9n\u00b0 DRAC - 2025 - 109 portant cr\u00e9ation\ndu p\u00e9rim\u00e8tre d\u00e9limit\u00e9 des abords de l'Eglise\nSaint-Leu-Saint-Gilles prot\u00e9g\u00e9e au titre des  monuments\nhistoriques,\nsur le territoire de la commune de Bagnolet\n(Seine-Saint-Denis) (3 pages) Page 30\n2\nDirection r\u00e9gionale des affaires culturelles\nd'Ile-de-France \nIDF-2025-11-25-00022\nArr\u00eat\u00e9 DRAC - 2025 - 110 portant cr\u00e9ation du\np\u00e9rim\u00e8tre d\u00e9limit\u00e9 des abords fusionn\u00e9 de\nl'h\u00f4pital Avicenne et de l'ancienne gare SNCF\nprot\u00e9g\u00e9s au titre des monuments historiques, sur\nle territoire de la commune de Bobigny\n(Seine-Saint-Denis)\nDirection r\u00e9gionale des affaires culturelles d'Ile-de-France  - IDF-2025-11-25-00022 - Arr\u00eat\u00e9 DRAC - 2025 - 110 portant cr\u00e9ation du\np\u00e9rim\u00e8tre d\u00e9limit\u00e9 des abords fusionn\u00e9 de l'h\u00f4pital Avicenne et de l'ancienne gare SNCF prot\u00e9g\u00e9s au titre des monuments\nhistoriques, sur le territoire de la commune de Bobigny (Seine-Saint-Denis)\n3\nE=PREFET |DE LA REGIOND'\u00ceLE-DE-FRANCELibert\u00e9Egalit\u00e9Fraternit\u00e9\n1 \n \n \n          Direction r\u00e9gionale  \ndes affaires culturelles \nd'\u00cele-de-France  \n \n \nARR\u00caT\u00c9 n\u00b0 DRAC - 2025 - 110  \nportant cr\u00e9ation du p\u00e9rim\u00e8tre d\u00e9limit\u00e9 des abords fusionn\u00e9 \nde l'h\u00f4pital Avicenne et de l'ancienne gare SNCF  \nprot\u00e9g\u00e9s au titre des monuments historiques,  \nsur le territoire de la commune de Bobigny (Seine-Saint-Denis)  \n \n \nLE PR\u00c9FET DE LA R\u00c9GION D'\u00ceLE-DE-FRANCE \nPR\u00c9FET DE PARIS \nGrand officier de l'ordre national  de la L\u00e9gion d'Honneur, \nOfficier de l'Ordre national du M\u00e9rite \n \n \nVu  le code de l'environnement, notamment son article L. 123-1 ; \nVu  le code du patrimoine, notamment ses articles L. 621-31 et R. 621-92 \u00e0 R. 621-95  ; \nVu  le code de l'urbanisme, notamment son article R. 132-2 ; \nVu  le d\u00e9cret n\u00b02010-633 du 8 juin 2010 relatif \u00e0 l'or ganisation et aux missions des directions r\u00e9gionale s \ndes affaires culturelles ; \nVu  le d\u00e9cret n\u00b02010-687 du 24 juin 2010 relatif \u00e0 l'organisation et aux missions des services de l'\u00e9tat dans \nla r\u00e9gion et les d\u00e9partements d'\u00cele-de-France ; \nVu  le d\u00e9cret du 22 juillet 2020 portant nomination de  Monsieur Marc GUILLAUME en qualit\u00e9 de pr\u00e9fet \nde la r\u00e9gion d'\u00cele-de-France, pr\u00e9fet de Paris ; \nVu  l'arr\u00eat\u00e9 du 1er septembre 2025 portant nomination de Monsieur DE LUMLEY en qualit\u00e9 de directeur \nr\u00e9gional des affaires culturelles d'\u00cele-de-France \u00e0 compter du 01 octobre 2025 ; \nVu  l'arr\u00eat\u00e9 pr\u00e9fectoral n\u00b0 IDF-2025-09-23-00029 du 23 septembre 2025 portant d\u00e9l\u00e9gation de signature \n\u00e0 Monsieur de LUMLEY, directeur r\u00e9gional des affair es culturelles d'\u00cele-de-France en mati\u00e8re \nadministrative ; \nVu la d\u00e9lib\u00e9ration du conseil de territoire de l'Etablissement public territorial n\u00b0 CT2021-09-28-42 du 04 \noctobre 2021 prescrivant la r\u00e9vision du plan local d'urbanisme ;  \nVu  la proposition de l'architecte des b\u00e2timents de Fr ance pour la cr\u00e9ation d'un p\u00e9rim\u00e8tre d\u00e9limit\u00e9 des \nabords fusionn\u00e9 de l'h\u00f4pital Avicenne, inscrit au titre des monuments historiques par arr\u00eat\u00e9 du 25 janvier \n2006 et de l'ancienne gare SNCF, inscrite au titre des monuments historiques par arr\u00eat\u00e9 du 28 octobre \n2009 ; \nDirection r\u00e9gionale des affaires culturelles d'Ile-de-France  - IDF-2025-11-25-00022 - Arr\u00eat\u00e9 DRAC - 2025 - 110 portant cr\u00e9ation du\np\u00e9rim\u00e8tre d\u00e9limit\u00e9 des abords fusionn\u00e9 de l'h\u00f4pital Avicenne et de l'ancienne gare SNCF prot\u00e9g\u00e9s au titre des monuments\nhistoriques, sur le territoire de la commune de Bobigny (Seine-Saint-Denis)\n4\n2 \n \nVu  la d\u00e9lib\u00e9ration du conseil de territoire de l'Etab lissement public territorial n\u00b0 CT2024-11-19-27 \ndonnant un avis favorable \u00e0 la cr\u00e9ation du p\u00e9rim\u00e8tre d\u00e9limit\u00e9 des abords fusionn\u00e9 de l'h\u00f4pital Avicenne \net de l'ancienne gare SNCF, avant enqu\u00eate publique ; \nVu  l'arr\u00eat\u00e9 du pr\u00e9sident de l'\u00e9tablissement public territorial Est Ensemble n\u00b0 A2025-52 du 22 janvier 2025 \nordonnant la mise \u00e0 l'enqu\u00eate publique du 10 f\u00e9vrier 2025 au 17 mars 2025 du projet de modification et \nde r\u00e9vision all\u00e9g\u00e9e du plan local d'urbanisme inter communal et de la modification du p\u00e9rim\u00e8tre de \nprotection autour de l'h\u00f4pital Avicenne et de l'ancienne gare SNCF ; \nVu le r\u00e9sultat de l'enqu\u00eate publique et l'avis favorable du commissaire enqu\u00eateur du 22 avril 2025 ; \nVu  le r\u00e9sultat de la consultation des propri\u00e9taires de l'h\u00f4pital Avicenne et de l'ancienne gare SNCF ; \nVu  la d\u00e9lib\u00e9ration du conseil de territoire de l'\u00e9tablissement public territorial d'Est Ensemble n\u00b0 CT2025-\n10-14-40 du 14 octobre 2025 donnant un avis favorab le \u00e0 la cr\u00e9ation du p\u00e9rim\u00e8tre d\u00e9limit\u00e9 des abords \nautour de l'h\u00f4pital Avicenne et de l'ancienne gare SNCF, apr\u00e8s enqu\u00eate publique ; \nVu  l'accord de l'architecte des b\u00e2timents de France d u 07 ao\u00fbt 2025 sur le projet de cr\u00e9ation du \np\u00e9rim\u00e8tre d\u00e9limit\u00e9 des abords de l'h\u00f4pital Avicenne et de l'ancienne gare SNCF, apr\u00e8s enqu\u00eate publique \n; \nConsid\u00e9rant  les d\u00e9pendances de l'H\u00f4pital participant \u00e0 la cons ervation et \u00e0 la mise en valeur du \nmonument historique en termes de fonction et de la composition structur\u00e9e par le portail et le b\u00e2timent \nprincipal, inscrits monuments historiques ;  \nConsid\u00e9rant  le tissu d'activit\u00e9 autour de l'H\u00f4pital principale ment c\u00f4t\u00e9 Bobigny, notamment celui de \nl'ancienne imprimerie du journal \u00ab l'Illustration \u00bb \u00e0 proximit\u00e9 quasi imm\u00e9diate qui forment avec l'h\u00f4pital \nAvicenne un ensemble coh\u00e9rent ; \nConsid\u00e9rant  les d\u00e9gagements visuels de l'espace d\u00e9di\u00e9 aux acti vit\u00e9s sportives et les territoires peu \ndenses autour de l'emprise de l'H\u00f4pital qui permettront aux immeubles autour de l'emprise de l'H\u00f4pital \nde participer \u00e0 la mise en valeur du monument historique ; \nConsid\u00e9rant  la mutation potentielle du secteur des franges de la commune de Drancy occup\u00e9es par \nl'Etablissement Bosch et ce jusqu'\u00e0 la voie ferr\u00e9e qui sera susceptible d'impacter la pr\u00e9sentation des  \nmonuments historiques et le paysage urbain concern\u00e9  et pr\u00e9sente un enjeu pour la mise en valeur du \nmonument ; \nConsid\u00e9rant  que l'avenue Henri Barbusse du fait de son altim\u00e9t rie favorise la mise en perspective de \nl'ancienne gare SNCF dont les b\u00e2timents \u00e9mergent de s quartiers industriel et pavillonnaire contigus \nsitu\u00e9s dans les proches abords ouest de la gare ; \nConsid\u00e9rant  que la mutation potentielle du secteur d'activit\u00e9s  sera susceptible d'impacter la \npr\u00e9sentation de l'ancienne gare SNCF et du paysage urbain concern\u00e9 et pr\u00e9sente un enjeu pour la mise \nen valeur du monument. \n \nARR\u00caTE \n \nArticle 1 \ner  : Le p\u00e9rim\u00e8tre d\u00e9limit\u00e9 des abords fusionn\u00e9 l'h\u00f4pital Avicenne, inscrit au titre des monuments \nhistoriques par arr\u00eat\u00e9 du 25 janvier 2006 et de l'a ncienne gare SNCF, inscrite au titre des monuments \nhistoriques par arr\u00eat\u00e9 du 28 octobre 2009 situ\u00e9e \u00e0 Bobigny, est cr\u00e9\u00e9 selon le plan joint en annexe. Le  \ntrac\u00e9 plein y figurant d\u00e9limite le nouveau p\u00e9rim\u00e8tre des abords de ce monument historique . \nDirection r\u00e9gionale des affaires culturelles d'Ile-de-France  - IDF-2025-11-25-00022 - Arr\u00eat\u00e9 DRAC - 2025 - 110 portant cr\u00e9ation du\np\u00e9rim\u00e8tre d\u00e9limit\u00e9 des abords fusionn\u00e9 de l'h\u00f4pital Avicenne et de l'ancienne gare SNCF prot\u00e9g\u00e9s au titre des monuments\nhistoriques, sur le territoire de la commune de Bobigny (Seine-Saint-Denis)\n5\n3 \n \nArticle 2  : Le pr\u00e9fet de la Seine-Saint-Denis, le secr\u00e9taire g\u00e9n\u00e9ral aux politiques publiques, le directeur \nr\u00e9gional des affaires culturelles d'\u00cele-de-France e t le pr\u00e9sident de l'\u00e9tablissement public territoria l Est \nEnsemble sont charg\u00e9s, chacun en ce qui le concerne , de l'ex\u00e9cution du pr\u00e9sent arr\u00eat\u00e9, qui sera publi\u00e9  \naux recueils des actes administratifs de l'\u00c9tat dans la r\u00e9gion d'\u00cele-de-France. \n \n \nFait \u00e0 Paris, le 25 novembre 2025 \n \nPour le Pr\u00e9fet de la r\u00e9gion d'Ile-de-France,  \nPr\u00e9fet de Paris  \n                                                   et par d\u00e9l\u00e9gation,  \nle Directeur r\u00e9gional des affaires culturelles  \n \n \n                                                                      \u00ab SIGNE \u00bb \n \n \n         Edward de LUMLEY \n \n  \nDirection r\u00e9gionale des affaires culturelles d'Ile-de-France  - IDF-2025-11-25-00022 - Arr\u00eat\u00e9 DRAC - 2025 - 110 portant cr\u00e9ation du\np\u00e9rim\u00e8tre d\u00e9limit\u00e9 des abords fusionn\u00e9 de l'h\u00f4pital Avicenne et de l'ancienne gare SNCF prot\u00e9g\u00e9s au titre des monuments\nhistoriques, sur le territoire de la commune de Bobigny (Seine-Saint-Denis)\n6\nEnPREFET |DE LA REGIOND'\u00ceLE-DE-FRANCELibert\u00e9Egalit\u00e9Fraternit\u00e9 no EDA Tip aRBa Ee RS| re AS SA Ay >\nMik dann. |7 y ow1\n4 \n \n \n \n \n \n \n \n \n \n \n \n \n \n \n \n \n \n \n \n \n \n \n \nDirection r\u00e9gionale \ndes affaires culturelles \nd'Ile-de-France \nPlan annex\u00e9 \u00e0 l'arr\u00eat\u00e9 DRAC-2025-110 portant cr\u00e9ation du p\u00e9rim\u00e8tre d\u00e9limit\u00e9  \ndes abords fusionn\u00e9s de l'h\u00f4pital Avicenne et de l'ancienne gare SNCF prot\u00e9g\u00e9s \nau titre des monuments historiques, \u00e0 Bobigny (Seine-Saint-Denis) \nLe 25 novembre  2025                 [sign\u00e9] \n \nPlan dress\u00e9 par l'Unit\u00e9 d\u00e9partementale de l'architecture et du patrimoine de la Seine-Saint-Denis\u2013 ao\u00fbt 2024 Fond de plan : \nIGN/ source :  http://atlas.patrimoines.culture.fr/atlas/ \n \nSeine-Saint-Denis - Bobigny \nP\u00e9rim\u00e8tre d\u00e9limit\u00e9 des abords  \nfusionn\u00e9 de l'h\u00f4pital Avicenne, inscrit au \ntitre des monuments historiques par arr\u00eat\u00e9 \ndu 25 janvier 2006 et de l'ancienne gare \nSNCF, inscrite au titre des monuments \nhistoriques par arr\u00eat\u00e9 du 28 octobre 2009 \nau titre des monuments historiques  \n \nP\u00e9rim\u00e8tre actuel des abords \ndes monuments historiques \nde la commune \nProposition de PDA \nfusionn\u00e9 de l'h\u00f4pital \nAvicenne et de l'ancienne \ngare \nProposition de PDA de \nl'h\u00f4pital Avienne \nProposition de PDA de \nl'ancienne gare SNCF \nMonument historique inscrit \n \nZoom sur la proposition de PDA \nfusionn\u00e9 de l'h\u00f4pital Avicenne et \nde l'ancienne gare SNCF \n \nDirection r\u00e9gionale des affaires culturelles d'Ile-de-France  - IDF-2025-11-25-00022 - Arr\u00eat\u00e9 DRAC - 2025 - 110 portant cr\u00e9ation du\np\u00e9rim\u00e8tre d\u00e9limit\u00e9 des abords fusionn\u00e9 de l'h\u00f4pital Avicenne et de l'ancienne gare SNCF prot\u00e9g\u00e9s au titre des monuments\nhistoriques, sur le territoire de la commune de Bobigny (Seine-Saint-Denis)\n7\nDirection r\u00e9gionale des affaires culturelles\nd'Ile-de-France \nIDF-2025-11-25-00023\nArr\u00eat\u00e9 DRAC - 2025 - 111 portant cr\u00e9ation du\np\u00e9rim\u00e8tre d\u00e9limit\u00e9 des abords de la bourse\nd\u00e9partementale du travail\nprot\u00e9g\u00e9e au titre des monuments historiques,\nsur le territoire de la commune de Bobigny\n(Seine-Saint-Denis)\nDirection r\u00e9gionale des affaires culturelles d'Ile-de-France  - IDF-2025-11-25-00023 - Arr\u00eat\u00e9 DRAC - 2025 - 111 portant cr\u00e9ation du\np\u00e9rim\u00e8tre d\u00e9limit\u00e9 des abords de la bourse d\u00e9partementale du travail\nprot\u00e9g\u00e9e au titre des monuments historiques,\nsur le territoire de la commune de Bobigny (Seine-Saint-Denis)\n8\nE=PREFET |DE LA REGIOND'\u00ceLE-DE-FRANCELibert\u00e9Egalit\u00e9Fraternit\u00e9\n1 \n \n \n          Direction r\u00e9gionale  \ndes affaires culturelles \nd'\u00cele-de-France  \n \n \nARR\u00caT\u00c9 n\u00b0 DRAC - 2025 - 111  \nportant cr\u00e9ation du p\u00e9rim\u00e8tre d\u00e9limit\u00e9 des abords  \nde la bourse d\u00e9partementale du travail \nprot\u00e9g\u00e9e au titre des monuments historiques,  \nsur le territoire de la commune de Bobigny (Seine-Saint-Denis)  \n \nLE PR\u00c9FET DE LA R\u00c9GION D'\u00ceLE-DE-FRANCE \nPR\u00c9FET DE PARIS \nGrand officier de l'ordre national  de la L\u00e9gion d'Honneur, \nOfficier de l'Ordre national du M\u00e9rite \n \nVu  le code de l'environnement, notamment son article L. 123-1 ; \nVu  le code du patrimoine, notamment ses articles L. 621-31 et R. 621-92 \u00e0 R. 621-95  ; \nVu  le code de l'urbanisme, notamment son article R. 132-2 ; \nVu  le d\u00e9cret n\u00b02010-633 du 8 juin 2010 relatif \u00e0 l'or ganisation et aux missions des directions r\u00e9gionale s \ndes affaires culturelles ; \nVu  le d\u00e9cret n\u00b02010-687 du 24 juin 2010 relatif \u00e0 l'organisation et aux missions des services de l'\u00e9tat dans \nla r\u00e9gion et les d\u00e9partements d'\u00cele-de-France ; \nVu  le d\u00e9cret du 22 juillet 2020 portant nomination de  Monsieur Marc GUILLAUME en qualit\u00e9 de pr\u00e9fet \nde la r\u00e9gion d'\u00cele-de-France, pr\u00e9fet de Paris ; \nVu  l'arr\u00eat\u00e9 du 1er septembre 2025 portant nomination de Monsieur DE LUMLEY en qualit\u00e9 de directeur \nr\u00e9gional des affaires culturelles d'\u00cele-de-France \u00e0 compter du 01 octobre 2025 ; \nVu  l'arr\u00eat\u00e9 pr\u00e9fectoral n\u00b0 IDF-2025-09-23-00029 du 23 septembre 2025 portant d\u00e9l\u00e9gation de signature \n\u00e0 Monsieur de LUMLEY, directeur r\u00e9gional des affair es culturelles d'\u00cele-de-France en mati\u00e8re \nadministrative ; \nVu la d\u00e9lib\u00e9ration du conseil de territoire de l'Etablissement public territorial n\u00b0 CT2021-09-28-42 du 04 \noctobre 2021 prescrivant la r\u00e9vision du plan local d'urbanisme ;  \nVu  la proposition de l'architecte des b\u00e2timents de Fr ance pour la cr\u00e9ation d'un p\u00e9rim\u00e8tre d\u00e9limit\u00e9 des \nabords de la Bourse d\u00e9partementale du travail, insc rite au titre des monuments historiques par arr\u00eat\u00e9 \ndu 23 avril 2007 ; \nVu  la d\u00e9lib\u00e9ration du conseil de territoire de l'Etab lissement public territorial n\u00b0 CT2024-11-19-27 \ndonnant un avis favorable \u00e0 la cr\u00e9ation du p\u00e9rim\u00e8tr e d\u00e9limit\u00e9 des abords de la Bourse d\u00e9partementale \ndu travail, avant enqu\u00eate publique ; \nVu  l'arr\u00eat\u00e9 du pr\u00e9sident de l'\u00e9tablissement public territorial Est Ensemble n\u00b0 A2025-52 du 22 janvier 2025 \nordonnant la mise \u00e0 l'enqu\u00eate publique du 10 f\u00e9vrier 2025 au 17 mars 2025 du projet de modification et \nDirection r\u00e9gionale des affaires culturelles d'Ile-de-France  - IDF-2025-11-25-00023 - Arr\u00eat\u00e9 DRAC - 2025 - 111 portant cr\u00e9ation du\np\u00e9rim\u00e8tre d\u00e9limit\u00e9 des abords de la bourse d\u00e9partementale du travail\nprot\u00e9g\u00e9e au titre des monuments historiques,\nsur le territoire de la commune de Bobigny (Seine-Saint-Denis)\n9\n2 \n \nde r\u00e9vision all\u00e9g\u00e9e du plan local d'urbanisme inter communal et de la modification du p\u00e9rim\u00e8tre de \nprotection autour de la Bourse d\u00e9partementale du travail ; \nVu le r\u00e9sultat de l'enqu\u00eate publique et l'avis favorable du commissaire enqu\u00eateur du 22 avril 2025 ; \nVu  le r\u00e9sultat de la consultation du propri\u00e9taire de la Bourse d\u00e9partementale du travail ; \nVu  la d\u00e9lib\u00e9ration du conseil de territoire de l'\u00e9tablissement public territorial d'Est Ensemble n\u00b0 CT2025-\n10-14-40 du 14 octobre 2025 donnant un avis favorab le \u00e0 la cr\u00e9ation du p\u00e9rim\u00e8tre d\u00e9limit\u00e9 des abords \nautour de la Bourse d\u00e9partementale du travail, apr\u00e8s enqu\u00eate publique ; \nVu  l'accord de l'architecte des b\u00e2timents de France d u 07 ao\u00fbt 2025 sur le projet de cr\u00e9ation du \np\u00e9rim\u00e8tre d\u00e9limit\u00e9 des abords de la Bourse d\u00e9partementale du travail, apr\u00e8s enqu\u00eate publique ; \nConsid\u00e9rant  le contexte urbain tr\u00e8s d\u00e9gag\u00e9 au croisement du boulevard L\u00e9nine, de l'avenue Jean Jaur\u00e8s \net de la rue de la R\u00e9publique participant \u00e0 la mise en valeur de la Bourse ; \nConsid\u00e9rant  la configuration urbaine form\u00e9 pendant le renouvel lement urbain des Trente Glorieuses \nautour de la Bourse formant un ensemble contemporain du monument et coh\u00e9rent ; \nConsid\u00e9rant  les espaces arbor\u00e9s de respiration du quartier par ticipant de la qualit\u00e9 paysag\u00e8re du \nmonument. \nARR\u00caTE \nArticle 1 er  : Le p\u00e9rim\u00e8tre d\u00e9limit\u00e9 des abords de la Bourse d\u00e9partementale du travail, inscrite au titre des \nmonuments historiques par arr\u00eat\u00e9 du 23 avril 2007, est cr\u00e9\u00e9 selon le plan joint en annexe. Le trac\u00e9 plein \ny figurant d\u00e9limite le nouveau p\u00e9rim\u00e8tre des abords de ce monument historique . \nArticle 2  : Le pr\u00e9fet de la Seine-Saint-Denis, le secr\u00e9taire g\u00e9n\u00e9ral aux politiques publiques, le directeur \nr\u00e9gional des affaires culturelles d'\u00cele-de-France e t le pr\u00e9sident de l'\u00e9tablissement public territoria l Est \nEnsemble sont charg\u00e9s, chacun en ce qui le concerne , de l'ex\u00e9cution du pr\u00e9sent arr\u00eat\u00e9, qui sera publi\u00e9  \naux recueils des actes administratifs de l'\u00c9tat dans la r\u00e9gion d'\u00cele-de-France. \n \n \n \nFait \u00e0 Paris, le 25 novembre 2025  \n \nPour le Pr\u00e9fet de la r\u00e9gion d'Ile-de-France,  \nPr\u00e9fet de Paris  \n                                                   et par d\u00e9l\u00e9gation,  \nle Directeur r\u00e9gional des affaires culturelles  \n \n \n                                                                           \u00ab SIGNE \u00bb \n \n \n           Edward de LUMLEY \n \n  \nDirection r\u00e9gionale des affaires culturelles d'Ile-de-France  - IDF-2025-11-25-00023 - Arr\u00eat\u00e9 DRAC - 2025 - 111 portant cr\u00e9ation du\np\u00e9rim\u00e8tre d\u00e9limit\u00e9 des abords de la bourse d\u00e9partementale du travail\nprot\u00e9g\u00e9e au titre des monuments historiques,\nsur le territoire de la commune de Bobigny (Seine-Saint-Denis)\n10\nExPREFET |DE LA REGIOND'ILE-DE-FRANCELibert\u00e9\u00c9galit\u00e9Fraternit\u00e9 FRS URSS | A AIT EL =PSC RE ETES' ; = NE | :H\n3 \n \n \n \n \n \n \n \n \n \n \n \n \n \n \n \n \n \n \n \n \n \n \n \nDirection r\u00e9gionale \ndes affaires culturelles \nd'Ile-de-France \nPlan annex\u00e9 \u00e0 l'arr\u00eat\u00e9 DRAC-2025-111 portant cr\u00e9ation du p\u00e9rim\u00e8tre d\u00e9limit\u00e9  \ndes abords de la Bourse d\u00e9partementale du travail, prot\u00e9g\u00e9e au titre des \nmonuments historiques, \u00e0 Bobigny (Seine-Saint-Denis) \nLe 25 novembre 2025                [sign\u00e9] \n \nPlan dress\u00e9 par l'Unit\u00e9 d\u00e9partementale de l'architecture et du patrimoine de la Seine-Saint-Denis\u2013 ao\u00fbt 2024 Fond de plan : \nIGN/ source :  http://atlas.patrimoines.culture.fr/atlas/ \n \nSeine-Saint-Denis_Bobigny \nP\u00e9rim\u00e8tre d\u00e9limit\u00e9 des abords  \nde la Bourse d\u00e9partementale du travail, \ninscrite au titre des monuments historiques \npar arr\u00eat\u00e9 du 23 avril 2007 \nP\u00e9rim\u00e8tre actuel des abords \ndes monuments historiques \nde la commune \nProposition de PDA de la \nBourse d\u00e9partementale du \ntravail \nMonument historique inscrit \n \nZoom sur la proposition de PDA de \nla bourse d\u00e9partementale du \ntravail \n \nDirection r\u00e9gionale des affaires culturelles d'Ile-de-France  - IDF-2025-11-25-00023 - Arr\u00eat\u00e9 DRAC - 2025 - 111 portant cr\u00e9ation du\np\u00e9rim\u00e8tre d\u00e9limit\u00e9 des abords de la bourse d\u00e9partementale du travail\nprot\u00e9g\u00e9e au titre des monuments historiques,\nsur le territoire de la commune de Bobigny (Seine-Saint-Denis)\n11\nDirection r\u00e9gionale des affaires culturelles\nd'Ile-de-France \nIDF-2025-11-25-00025\nArr\u00eat\u00e9 DRAC - 2025 - 113 portant cr\u00e9ation du\np\u00e9rim\u00e8tre d\u00e9limit\u00e9 des abords fusionn\u00e9 de\nl'ancien studio Path\u00e9-Albatros et de l'ancienne\nporcelainerie Samson\nprot\u00e9g\u00e9s au titre des monuments historiques,\nsur le territoire de la commune de Montreuil\n(Seine-Saint-Denis)\nDirection r\u00e9gionale des affaires culturelles d'Ile-de-France  - IDF-2025-11-25-00025 - Arr\u00eat\u00e9 DRAC - 2025 - 113 portant cr\u00e9ation du\np\u00e9rim\u00e8tre d\u00e9limit\u00e9 des abords fusionn\u00e9 de l'ancien studio Path\u00e9-Albatros et de l'ancienne porcelainerie Samson\nprot\u00e9g\u00e9s au titre des monuments historiques,\nsur le territoire de la commune de Montreuil (Seine-Saint-Denis)\n12\nE=PREFET |DE LA REGIOND'\u00ceLE-DE-FRANCELibert\u00e9Egalit\u00e9Fraternit\u00e9\n1 \n \n \n          Direction r\u00e9gionale  \ndes affaires culturelles \nd'\u00cele-de-France  \n \n \nARR\u00caT\u00c9 n\u00b0 DRAC - 2025 - 113  \nportant cr\u00e9ation du p\u00e9rim\u00e8tre d\u00e9limit\u00e9 des abords  \nfusionn\u00e9 de l'ancien studio Path\u00e9-Albatros et de l'ancienne porcelainerie Samson \nprot\u00e9g\u00e9s au titre des monuments historiques,  \nsur le territoire de la commune de Montreuil (Seine-Saint-Denis)  \n \nLE PR\u00c9FET DE LA R\u00c9GION D'\u00ceLE-DE-FRANCE \nPR\u00c9FET DE PARIS \nGrand officier de l'ordre national de la L\u00e9gion d'Honneur, \nOfficier de l'Ordre national du M\u00e9rite \n \nVu  le code de l'environnement, notamment son article L. 123-1 ; \nVu  le code du patrimoine, notamment ses articles L. 621-31 et R. 621-92 \u00e0 R. 621-95  ; \nVu  le code de l'urbanisme, notamment son article R. 132-2 ; \nVu  le d\u00e9cret n\u00b02010-633 du 8 juin 2010 relatif \u00e0 l'or ganisation et aux missions des directions r\u00e9gionales \ndes affaires culturelles ; \nVu  le d\u00e9cret n\u00b02010-687 du 24 juin 2010 relatif \u00e0 l'organisation et aux missions des services de l'\u00e9tat dans \nla r\u00e9gion et les d\u00e9partements d'\u00cele-de-France ; \nVu  le d\u00e9cret du 22 juillet 2020 portant nomination de  Monsieur Marc GUILLAUME en qualit\u00e9 de pr\u00e9fet \nde la r\u00e9gion d'\u00cele-de-France, pr\u00e9fet de Paris ; \nVu  l'arr\u00eat\u00e9 du 1er septembre 2025 portant nomination de Monsieur DE LUMLEY en qualit\u00e9 de directeur \nr\u00e9gional des affaires culturelles d'\u00cele-de-France \u00e0 compter du 01 octobre 2025 ; \nVu  l'arr\u00eat\u00e9 pr\u00e9fectoral n\u00b0 IDF-2025-09-23-00029 du 23 septembre 2025 portant d\u00e9l\u00e9gation de signature \n\u00e0 Monsieur de LUMLEY, directeur r\u00e9gional des affair es culturelles d'\u00cele-de-France en mati\u00e8re \nadministrative ; \nVu la d\u00e9lib\u00e9ration du conseil de territoire de l'Etablissement public territorial n\u00b0 CT2021-09-28-42 du 04 \noctobre 2021 prescrivant la r\u00e9vision du plan local d'urbanisme ;  \nVu  la proposition de l'architecte des b\u00e2timents de France pour la cr\u00e9ation d'un p\u00e9rim\u00e8tre d\u00e9limit\u00e9 des \nabords fusionn\u00e9 de l'ancien studio Path\u00e9 - Albatros, inscrit au titre des monuments historiques par arr\u00eat\u00e9 \ndu 18 juillet 1997 et de l'ancienne porcelainerie Samson, inscrite au titre des monuments historiques par \narr\u00eat\u00e9 du 13 f\u00e9vrier 1989 ; \nVu  la d\u00e9lib\u00e9ration du conseil de territoire de l'Etab lissement public territorial n\u00b0 CT2024-11-19-27 \ndonnant un avis favorable \u00e0 la cr\u00e9ation du p\u00e9rim\u00e8tr e d\u00e9limit\u00e9 des abords fusionn\u00e9 de l'ancien studio \nPath\u00e9 \u2013 Albatros et de l'ancienne porcelainerie Samson, avant enqu\u00eate publique ; \nDirection r\u00e9gionale des affaires culturelles d'Ile-de-France  - IDF-2025-11-25-00025 - Arr\u00eat\u00e9 DRAC - 2025 - 113 portant cr\u00e9ation du\np\u00e9rim\u00e8tre d\u00e9limit\u00e9 des abords fusionn\u00e9 de l'ancien studio Path\u00e9-Albatros et de l'ancienne porcelainerie Samson\nprot\u00e9g\u00e9s au titre des monuments historiques,\nsur le territoire de la commune de Montreuil (Seine-Saint-Denis)\n13\n2 \n \nVu  l'arr\u00eat\u00e9 du pr\u00e9sident de l'\u00e9tablissement public territorial Est Ensemble n\u00b0 A2025-52 du 22 janvier 2025 \nordonnant la mise \u00e0 l'enqu\u00eate publique du 10 f\u00e9vrier 2025 au 17 mars 2025 du projet de modification et \nde r\u00e9vision all\u00e9g\u00e9e du plan local d'urbanisme inter communal et de la modification du p\u00e9rim\u00e8tre de \nprotection autour de l'ancien studio Path\u00e9 \u2013 Albatros et de l'ancienne porcelainerie Samson ; \nVu le r\u00e9sultat de l'enqu\u00eate publique et l'avis favorable du commissaire enqu\u00eateur du 22 avril 2025 ; \nVu  le r\u00e9sultat de la consultation des propri\u00e9taires d e l'ancien studio Path\u00e9 \u2013 Albatros et de l'ancienne  \nporcelainerie Samson ; \nVu  la d\u00e9lib\u00e9ration du conseil de territoire de l'\u00e9tablissement public territorial d'Est Ensemble n\u00b0 CT2025-\n10-14-40 du 14 octobre 2025 donnant un avis favorab le \u00e0 la cr\u00e9ation du p\u00e9rim\u00e8tre d\u00e9limit\u00e9 des abords \nfusionn\u00e9 autour de l'ancien studio Path\u00e9 \u2013 Albatros  et de l'ancienne porcelainerie Samson, apr\u00e8s \nenqu\u00eate publique ; \nVu  l'accord de l'architecte des b\u00e2timents de France d u 07 ao\u00fbt 2025 sur le projet de cr\u00e9ation du \np\u00e9rim\u00e8tre d\u00e9limit\u00e9 des abords fusionn\u00e9 de l'ancien studio Path\u00e9 \u2013 Albatros et de l'ancienne porcelainerie \nSamson, apr\u00e8s enqu\u00eate publique ; \nConsid\u00e9rant  les immeubles d'un ensemble d'\u00eelots participant \u00e0 la mise en valeur et \u00e0 la conservation de \nl'ancien studio Path\u00e9 \u2013 Albatros ; \nConsid\u00e9rant  les vues sur l'ancien studio Path\u00e9 \u2013 Albatros nota mment depuis les rues du soldat Bobillot \net du Sergent Godefroy ; \nConsid\u00e9rant  les immeubles de l'ilot contenant la parcelle o\u00f9 s ont situ\u00e9s les trois fours Samsons de \nl'ancienne porcelainerie qui participent \u00e0 leur conservation. \n \nARR\u00caTE \nArticle 1 \ner  : Le p\u00e9rim\u00e8tre d\u00e9limit\u00e9 des abords fusionn\u00e9 de l'ancien studio Path\u00e9 - Albatros, inscrit au titre \ndes monuments historiques par arr\u00eat\u00e9 du 18 juillet 1997 et de l'ancienne porcelainerie Samson, inscrite \nau titre des monuments historiques par arr\u00eat\u00e9 du 13 f\u00e9vrier 1989, est cr\u00e9\u00e9 selon le plan joint en annexe. \nLe trac\u00e9 plein y figurant d\u00e9limite le nouveau p\u00e9rim\u00e8tre des abords de ce monument historique . \nArticle 2  : Le pr\u00e9fet de la Seine-Saint-Denis, le secr\u00e9taire g\u00e9n\u00e9ral aux politiques publiques, le directeur \nr\u00e9gional des affaires culturelles d'\u00cele-de-France e t le pr\u00e9sident de l'\u00e9tablissement public territoria l Est \nEnsemble sont charg\u00e9s, chacun en ce qui le concerne, de l'ex\u00e9cution du pr\u00e9sent arr\u00eat\u00e9, qui sera publi\u00e9 \naux recueils des actes administratifs de l'\u00c9tat dans la r\u00e9gion d'\u00cele-de-France. \n \nFait \u00e0 Paris, le 25 novembre 2025   \n \nPour le Pr\u00e9fet de la r\u00e9gion d'Ile-de-France, \nPr\u00e9fet de Paris  \n                                                   et par d\u00e9l\u00e9gation, \nle Directeur r\u00e9gional des affaires culturelles  \n \n \n                                                                          \u00ab SIGNE \u00bb \n \n \n           Edward de LUMLEY \n \nDirection r\u00e9gionale des affaires culturelles d'Ile-de-France  - IDF-2025-11-25-00025 - Arr\u00eat\u00e9 DRAC - 2025 - 113 portant cr\u00e9ation du\np\u00e9rim\u00e8tre d\u00e9limit\u00e9 des abords fusionn\u00e9 de l'ancien studio Path\u00e9-Albatros et de l'ancienne porcelainerie Samson\nprot\u00e9g\u00e9s au titre des monuments historiques,\nsur le territoire de la commune de Montreuil (Seine-Saint-Denis)\n14\nLAPasD'ILE-DE-FRANCELibert\u00e9\u00c9galit\u00e9DE LA REGIONPR\u00c9FET\nFraternit\u00e9\n3 \n \n \n \n \n \n \n \n \n \n \n \n \n \n \n \n \n \n \n \n \n \n \n \n \n \n \nDirection r\u00e9gionale \ndes affaires culturelles \nd'Ile-de-France \nPlan annex\u00e9 \u00e0 l'arr\u00eat\u00e9 DRAC-2025-113 portant cr\u00e9ation du p\u00e9rim\u00e8tre d\u00e9limit\u00e9 des \nabords fusionn\u00e9 de l'ancien studio Path\u00e9 \u2013 Albatros et de l'ancienne porcelainerie \nSamson, prot\u00e9g\u00e9s au titre des monuments historiques, \u00e0 Montreuil (Seine-Saint-Denis) \nLe              25 novembre 2025          [sign\u00e9] \n \nPlan dress\u00e9 par l'Unit\u00e9 d\u00e9partementale de l'architecture et du patrimoine de la Seine-Saint-Denis\u2013 ao\u00fbt 2024 \nFond de plan : IGN/ source :  http://atlas.patrimoines.culture.fr/atlas/ \n \nSeine-Saint-Denis_Montreuil \nP\u00e9rim\u00e8tre d\u00e9limit\u00e9 des abords  \nfusionn\u00e9 de l'ancien studio Path\u00e9 - \nAlbatros, inscrit au titre des monuments \nhistoriques par arr\u00eat\u00e9 du 18 juillet 1997 et \nde l'ancienne porcelainerie Samson, \ninscrite au titre des monuments historiques \npar arr\u00eat\u00e9 du 13 f\u00e9vrier 1989 \nP\u00e9rim\u00e8tre actuel des abords \ndes monuments historiques \nde la commune \nProposition de PDA de \nl'ancien studio Path\u00e9 \u2013 \nAlbatros et de l'ancienne \nporcelainerie Samson \nMonument historique inscrit \n \nDirection r\u00e9gionale des affaires culturelles d'Ile-de-France  - IDF-2025-11-25-00025 - Arr\u00eat\u00e9 DRAC - 2025 - 113 portant cr\u00e9ation du\np\u00e9rim\u00e8tre d\u00e9limit\u00e9 des abords fusionn\u00e9 de l'ancien studio Path\u00e9-Albatros et de l'ancienne porcelainerie Samson\nprot\u00e9g\u00e9s au titre des monuments historiques,\nsur le territoire de la commune de Montreuil (Seine-Saint-Denis)\n15\nDirection r\u00e9gionale des affaires culturelles\nd'Ile-de-France \nIDF-2025-11-25-00026\nArr\u00eat\u00e9 DRAC - 2025 - 114\nportant cr\u00e9ation du p\u00e9rim\u00e8tre d\u00e9limit\u00e9 des\nabords\nfusionn\u00e9 du groupe scolaire Jaur\u00e8s-Brossolette,\ndu regard du\nTrou-Morin et de la Fontaine des Eaux du Pr\u00e9\nprot\u00e9g\u00e9s au titre des monuments historiques,\nsur le territoire de la commune du\nPr\u00e9-Saint-Gervais (Seine-Saint-Denis)\nDirection r\u00e9gionale des affaires culturelles d'Ile-de-France  - IDF-2025-11-25-00026 - Arr\u00eat\u00e9 DRAC - 2025 - 114\nportant cr\u00e9ation du p\u00e9rim\u00e8tre d\u00e9limit\u00e9 des abords\nfusionn\u00e9 du groupe scolaire Jaur\u00e8s-Brossolette, du regard du\nTrou-Morin et de la Fontaine des Eaux du Pr\u00e9\nprot\u00e9g\u00e9s au titre des monuments historiques,\nsur le territoire de la commune du Pr\u00e9-Saint-Gervais (Seine-Saint-Denis)\n16\nE=PREFET |DE LA REGIOND'\u00ceLE-DE-FRANCELibert\u00e9Egalit\u00e9Fraternit\u00e9\n1 \n \n \n          Direction r\u00e9gionale  \ndes affaires culturelles \nd'\u00cele-de-France  \n \n \nARR\u00caT\u00c9 n\u00b0 DRAC - 2025 - 114  \nportant cr\u00e9ation du p\u00e9rim\u00e8tre d\u00e9limit\u00e9 des abords  \nfusionn\u00e9 du groupe scolaire Jaur\u00e8s-Brossolette, du regard du  \nTrou-Morin et de la Fontaine des Eaux du Pr\u00e9 \nprot\u00e9g\u00e9s au titre des monuments historiques,  \nsur le territoire de la commune du Pr\u00e9-Saint-Gervais (Seine-Saint-Denis)  \n \nLE PR\u00c9FET DE LA R\u00c9GION D'\u00ceLE-DE-FRANCE \nPR\u00c9FET DE PARIS \nGrand officier de l'ordre national de la L\u00e9gion d'Honneur, \nOfficier de l'Ordre national du M\u00e9rite \n \nVu  le code de l'environnement, notamment son article L. 123-1 ; \nVu  le code du patrimoine, notamment ses articles L. 621-31 et R. 621-92 \u00e0 R. 621-95  ; \nVu  le code de l'urbanisme, notamment son article R. 132-2 ; \nVu  le d\u00e9cret n\u00b02010-633 du 8 juin 2010 relatif \u00e0 l'or ganisation et aux missions des directions r\u00e9gionale s \ndes affaires culturelles ; \nVu  le d\u00e9cret n\u00b02010-687 du 24 juin 2010 relatif \u00e0 l'organisation et aux missions des services de l'\u00e9tat dans \nla r\u00e9gion et les d\u00e9partements d'\u00cele-de-France ; \nVu  le d\u00e9cret du 22 juillet 2020 portant nomination de  Monsieur Marc GUILLAUME en qualit\u00e9 de pr\u00e9fet \nde la r\u00e9gion d'\u00cele-de-France, pr\u00e9fet de Paris ; \nVu  l'arr\u00eat\u00e9 du 1er septembre 2025 portant nomination de Monsieur DE LUMLEY en qualit\u00e9 de directeur \nr\u00e9gional des affaires culturelles d'\u00cele-de-France \u00e0 compter du 01 octobre 2025 ; \nVu  l'arr\u00eat\u00e9 pr\u00e9fectoral n\u00b0 IDF-2025-09-23-00029 du 23 septembre 2025 portant d\u00e9l\u00e9gation de signature \n\u00e0 Monsieur de LUMLEY, directeur r\u00e9gional des affair es culturelles d'\u00cele-de-France en mati\u00e8re \nadministrative ; \nVu la d\u00e9lib\u00e9ration du conseil de territoire de l'Etablissement public territorial n\u00b0 CT2021-09-28-42 du 04 \noctobre 2021 prescrivant la r\u00e9vision du plan local d'urbanisme ;  \nVu  la proposition de l'architecte des b\u00e2timents de France pour la cr\u00e9ation d'un p\u00e9rim\u00e8tre d\u00e9limit\u00e9 des \nabords fusionn\u00e9 du groupe scolaire Jaur\u00e8s-Brossolet te, inscrit au titre des monuments historiques par \narr\u00eat\u00e9 du 18 novembre 1997, du regard du Trou-Morin , class\u00e9 au titre des monuments historiques par \narr\u00eat\u00e9 du 5 juillet 1899 et de la Fontaine des Eaux du Pr\u00e9, class\u00e9e au titre des monuments historiques par \narr\u00eat\u00e9 du 4 novembre 1899 ; \nDirection r\u00e9gionale des affaires culturelles d'Ile-de-France  - IDF-2025-11-25-00026 - Arr\u00eat\u00e9 DRAC - 2025 - 114\nportant cr\u00e9ation du p\u00e9rim\u00e8tre d\u00e9limit\u00e9 des abords\nfusionn\u00e9 du groupe scolaire Jaur\u00e8s-Brossolette, du regard du\nTrou-Morin et de la Fontaine des Eaux du Pr\u00e9\nprot\u00e9g\u00e9s au titre des monuments historiques,\nsur le territoire de la commune du Pr\u00e9-Saint-Gervais (Seine-Saint-Denis)\n17\n2 \n \nVu  la d\u00e9lib\u00e9ration du conseil de territoire de l'Etab lissement public territorial n\u00b0 CT2024-11-19-27 \ndonnant un avis favorable \u00e0 la cr\u00e9ation du p\u00e9rim\u00e8tr e d\u00e9limit\u00e9 des abords fusionn\u00e9 du groupe scolaire \nJaur\u00e8s-Brossolette, du regard du Trou-Morin et de la Fontaine des Eaux du Pr\u00e9, avant enqu\u00eate publique ; \nVu  l'arr\u00eat\u00e9 du pr\u00e9sident de l'\u00e9tablissement public territorial Est Ensemble n\u00b0 A2025-52 du 22 janvier 2025 \nordonnant la mise \u00e0 l'enqu\u00eate publique du 10 f\u00e9vrier 2025 au 17 mars 2025 du projet de modification et \nde r\u00e9vision all\u00e9g\u00e9e du plan local d'urbanisme inter communal et de la modification du p\u00e9rim\u00e8tre de \nprotection autour du groupe scolaire Jaur\u00e8s-Brossolette, du regard du Trou-Morin et de la Fontaine des \nEaux du Pr\u00e9 ; \nVu le r\u00e9sultat de l'enqu\u00eate publique et l'avis favorable du commissaire enqu\u00eateur du 22 avril 2025 ; \nVu  le r\u00e9sultat de la consultation des propri\u00e9taires d u groupe scolaire Jaur\u00e8s-Brossolette, du regard du \nTrou-Morin et de la Fontaine des Eaux du Pr\u00e9 ; \nVu  la d\u00e9lib\u00e9ration du conseil de territoire de l'\u00e9tablissement public territorial d'Est Ensemble n\u00b0 CT2025-\n10-14-40 du 14 octobre 2025 donnant un avis favorab le \u00e0 la cr\u00e9ation du p\u00e9rim\u00e8tre d\u00e9limit\u00e9 des abords \nfusionn\u00e9 du groupe scolaire Jaur\u00e8s-Brossolette, du regard du Trou-Morin et de la Fontaine des Eaux du \nPr\u00e9, apr\u00e8s enqu\u00eate publique ; \nVu  l'accord de l'architecte des b\u00e2timents de France d u 07 ao\u00fbt 2025 sur le projet de cr\u00e9ation du \np\u00e9rim\u00e8tre d\u00e9limit\u00e9 des abords fusionn\u00e9 du groupe scolaire Jaur\u00e8s-Brossolette, du regard du Trou-Morin \net de la Fontaine des Eaux du Pr\u00e9, apr\u00e8s enqu\u00eate publique ; \nConsid\u00e9rant  que la cit\u00e9-jardin dont les quatre tranches r\u00e9part ies au Pr\u00e9 Saint-Gervais, \u00e0 Pantin et aux \nLilas sont de m\u00eame facture que le Groupe scolaire e t ont \u00e9t\u00e9 con\u00e7ues par le m\u00eame architecte F\u00e9lix \nDumail ; \nConsid\u00e9rant  que cet ensemble forme un ensemble b\u00e2ti coh\u00e9rent a vec le Groupe Scolaire par leur \norganisation spatiale, un langage architectural unitaire avec l'utilisation de la brique ou des calepinages \ndes plaques de mignonette ; \nConsid\u00e9rant  le lien programmatique du Groupe scolaire avec la cit\u00e9-jardin ; \nConsid\u00e9rant  qu'au nord et \u00e0 l'ouest de l'\u00e9tablissement scolaire se d\u00e9veloppe un quartier contemporain \ndu Groupe scolaire au tissu urbain mixte avec des b \u00e2timents industriels et artisanaux, des maisons de \nville et des immeubles de logements collectifs aux fa\u00e7ades plus ou moins ouvrag\u00e9es et toujours tr\u00e8s \nsoign\u00e9es et qui participent \u00e0 la mise en valeur du monument ; \nConsid\u00e9rant  au sud du Groupe scolaire, que l'immeuble de rappo rt au 53 avenue Jean Jaur\u00e8s, formant \nune proue \u00e0 l'angle de l'avenue Edouard Vaillant et  avenue du Belv\u00e9d\u00e8re dont l'architecture est quasi \nidentique avec celle de F\u00e9lix Dumail et que le b\u00e2ti de cet ilot, marqu\u00e9 par le style \u00ab art d\u00e9co \u00bb en vogue \npendant l'entre-deux guerres, contemporain du Groupe scolaire, forment un ensemble coh\u00e9rent avec le \nmonument historique ; \nConsid\u00e9rant  que les parcelles b\u00e2ties de la Villa du Pr\u00e9 limitrophes, dont le choix de mat\u00e9riau est similaire \n\u00e0 celui du groupe scolaire forment un ensemble coh\u00e9rent avec le Groupe scolaire ; \nConsid\u00e9rant  l'isolement du Regard du Trou Morin dont le d\u00e9bord  du p\u00e9rim\u00e8tre de protection sur les \ncommunes de Pantin et des Lilas ne porte pas d'enjeux patrimoniaux ;  \nConsid\u00e9rant  les immeubles rapproch\u00e9s du Regard qui forment un paysage coh\u00e9rent vernaculaire avec \nle monument historique et participe \u00e0 sa mise en valeur ;  \nDirection r\u00e9gionale des affaires culturelles d'Ile-de-France  - IDF-2025-11-25-00026 - Arr\u00eat\u00e9 DRAC - 2025 - 114\nportant cr\u00e9ation du p\u00e9rim\u00e8tre d\u00e9limit\u00e9 des abords\nfusionn\u00e9 du groupe scolaire Jaur\u00e8s-Brossolette, du regard du\nTrou-Morin et de la Fontaine des Eaux du Pr\u00e9\nprot\u00e9g\u00e9s au titre des monuments historiques,\nsur le territoire de la commune du Pr\u00e9-Saint-Gervais (Seine-Saint-Denis)\n18\n3 \n \nConsid\u00e9rant  le tissu urbain du bourg ancien sur l'axe Nord-Est  de la rue Andr\u00e9 Joineau, qui forme un \nensemble coh\u00e9rent avec le monument historique ; \nConsid\u00e9rant  les parcelles b\u00e2ties le long des rues Andr\u00e9 Joinea u, du Capitaine Anatole France, Emilie \nAugier, dont les immeubles participent \u00e0 la mise en valeur du monument historique ;  \nConsid\u00e9rant  les vues et perspectives significatives sur le monument depuis les voies \u00e9nonc\u00e9es ci-dessus ; \nConsid\u00e9rant  La Villa du Pr\u00e9, lotissement des ann\u00e9es 1830 carac t\u00e9ris\u00e9 par un ensemble de maisons \nformant un ensemble pittoresque et qui l'inscrit dans l'histoire de l'urbanisation de la commune. \n \nARR\u00caTE \n \nArticle 1 \ner  : Le p\u00e9rim\u00e8tre d\u00e9limit\u00e9 des abords fusionn\u00e9 du grou pe scolaire Jaur\u00e8s-Brossolette, inscrit au \ntitre des monuments historiques par arr\u00eat\u00e9 du 18 no vembre 1997, du regard du Trou-Morin, class\u00e9 au \ntitre des monuments historiques par arr\u00eat\u00e9 du 5 juillet 1899 et de la Fontaine des Eaux du Pr\u00e9, class\u00e9e au \ntitre des monuments historiques par arr\u00eat\u00e9 du 4 novembre 1899, est cr\u00e9\u00e9 selon le plan joint en annexe. \nLe trac\u00e9 plein y figurant d\u00e9limite le nouveau p\u00e9rim\u00e8tre des abords de ce monument historique . \nArticle 2  : Le pr\u00e9fet de la Seine-Saint-Denis, le secr\u00e9taire g\u00e9n\u00e9ral aux politiques publiques, le directeur \nr\u00e9gional des affaires culturelles d'\u00cele-de-France e t le pr\u00e9sident de l'\u00e9tablissement public territoria l Est \nEnsemble sont charg\u00e9s, chacun en ce qui le concerne , de l'ex\u00e9cution du pr\u00e9sent arr\u00eat\u00e9, qui sera publi\u00e9 \naux recueils des actes administratifs de l'\u00c9tat dans la r\u00e9gion d'\u00cele-de-France. \n \n \nFait \u00e0 Paris, le 25 novembre 2025   \n \nPour le Pr\u00e9fet de la r\u00e9gion d'Ile-de-France, \nPr\u00e9fet de Paris  \n                                                   et par d\u00e9l\u00e9gation, \nle Directeur r\u00e9gional des affaires culturelles  \n \n \n                                                                            \u00ab SIGNE \u00bb  \n \n \n            Edward de LUMLEY \n \nDirection r\u00e9gionale des affaires culturelles d'Ile-de-France  - IDF-2025-11-25-00026 - Arr\u00eat\u00e9 DRAC - 2025 - 114\nportant cr\u00e9ation du p\u00e9rim\u00e8tre d\u00e9limit\u00e9 des abords\nfusionn\u00e9 du groupe scolaire Jaur\u00e8s-Brossolette, du regard du\nTrou-Morin et de la Fontaine des Eaux du Pr\u00e9\nprot\u00e9g\u00e9s au titre des monuments historiques,\nsur le territoire de la commune du Pr\u00e9-Saint-Gervais (Seine-Saint-Denis)\n19\nEsPREFETDE LA REGIOND'\u00ceLE-DE-FRANCELibert\u00e9\u00c9galit\u00e9Fraternit\u00e9\n100m MH class\u00e9:Fontainedes eaux du Pr\u00e9\n4 \n \n \n \n \n \n \n \n \n \n \n \n \n \n \n \n \n \n \n \n \n \n \n \n \n \nDirection r\u00e9gionale \ndes affaires culturelles \nd'Ile-de-France \nPlan annex\u00e9 \u00e0 l'arr\u00eat\u00e9 DRAC-2025-114  portant cr\u00e9ation du p\u00e9rim\u00e8tre d\u00e9limit\u00e9 des abords fusionn\u00e9 \ndu groupe scolaire Jaur\u00e8s-Brossolette, du regard du Trou-Morin et de la Fontaine des Eaux du Pr\u00e9, \nprot\u00e9g\u00e9s au titre des monuments historiques, \u00e0 Montreuil (Seine-Saint-Denis) \nLe 25 novembre 2025             [sign\u00e9] \n \nPlan dress\u00e9 par l'Unit\u00e9 d\u00e9partementale de l'architecture et du patrimoine de la Seine-Saint-\nDenis\u2013 ao\u00fbt 2024 Fond de plan : IGN/ source :  http://atlas.patrimoines.culture.fr/atlas/ \n \nSeine-Saint-Denis \nle Pr\u00e9-Saint-Gervais \nP\u00e9rim\u00e8tre d\u00e9limit\u00e9 des abords  \nfusionn\u00e9 du groupe scolaire Jaur\u00e8s-\nBrossolette, inscrit au titre des monuments \nhistoriques par arr\u00eat\u00e9 du 18 novembre \n1997, du regard du Trou-Morin, class\u00e9 au \ntitre des monuments historiques par arr\u00eat\u00e9 \ndu 5 juillet 1899 et de la Fontaine des Eaux \ndu Pr\u00e9, class\u00e9e au titre des monuments \nhistoriques par arr\u00eat\u00e9 du 4 novembre 1899 \nP\u00e9rim\u00e8tre actuel des abords \ndes monuments historiques \nde la commune \nProposition de PDA \nfusionn\u00e9 du groupe scolaire \nJaur\u00e8s-Brossolette, du \nregard du Trou-Morin et de \nla Fontaine des Eaux du Pr\u00e9 \nMonument historique inscrit \nMonument historique class\u00e9 \nSite inscrit \nDirection r\u00e9gionale des affaires culturelles d'Ile-de-France  - IDF-2025-11-25-00026 - Arr\u00eat\u00e9 DRAC - 2025 - 114\nportant cr\u00e9ation du p\u00e9rim\u00e8tre d\u00e9limit\u00e9 des abords\nfusionn\u00e9 du groupe scolaire Jaur\u00e8s-Brossolette, du regard du\nTrou-Morin et de la Fontaine des Eaux du Pr\u00e9\nprot\u00e9g\u00e9s au titre des monuments historiques,\nsur le territoire de la commune du Pr\u00e9-Saint-Gervais (Seine-Saint-Denis)\n20\nDirection r\u00e9gionale des affaires culturelles\nd'Ile-de-France \nIDF-2025-11-25-00027\nArr\u00eat\u00e9 DRAC - 2025 - 115\nportant cr\u00e9ation du p\u00e9rim\u00e8tre d\u00e9limit\u00e9 des\nabords\nfusionn\u00e9 du cin\u00e9ma Le Trianon et de l'\u00e9glise\nSaint-Germain-l'Auxerrois\nprot\u00e9g\u00e9s au titre des monuments historiques,\nsur le territoire de la commune de Romainville\n(Seine-Saint-Denis)\nDirection r\u00e9gionale des affaires culturelles d'Ile-de-France  - IDF-2025-11-25-00027 - Arr\u00eat\u00e9 DRAC - 2025 - 115\nportant cr\u00e9ation du p\u00e9rim\u00e8tre d\u00e9limit\u00e9 des abords\nfusionn\u00e9 du cin\u00e9ma Le Trianon et de l'\u00e9glise Saint-Germain-l'Auxerrois\nprot\u00e9g\u00e9s au titre des monuments historiques,\nsur le territoire de la commune de Romainville (Seine-Saint-Denis)\n21\nE=PREFET |DE LA REGIOND'\u00ceLE-DE-FRANCELibert\u00e9Egalit\u00e9Fraternit\u00e9\n1 \n \n \n          Direction r\u00e9gionale  \ndes affaires culturelles \nd'\u00cele-de-France  \n \n \nARR\u00caT\u00c9 n\u00b0 DRAC - 2025 - 115  \nportant cr\u00e9ation du p\u00e9rim\u00e8tre d\u00e9limit\u00e9 des abords  \nfusionn\u00e9 du cin\u00e9ma Le Trianon et de l'\u00e9glise Saint-Germain-l'Auxerrois \nprot\u00e9g\u00e9s au titre des monuments historiques,  \nsur le territoire de la commune de Romainville (Seine-Saint-Denis)  \n \nLE PR\u00c9FET DE LA R\u00c9GION D'\u00ceLE-DE-FRANCE \nPR\u00c9FET DE PARIS \nGrand officier de l'ordre national  de la L\u00e9gion d'Honneur, \nOfficier de l'Ordre national du M\u00e9rite \n \nVu  le code de l'environnement, notamment son article L. 123-1 ; \nVu  le code du patrimoine, notamment ses articles L. 621-31 et R. 621-92 \u00e0 R. 621-95  ; \nVu  le code de l'urbanisme, notamment son article R. 132-2 ; \nVu  le d\u00e9cret n\u00b02010-633 du 8 juin 2010 relatif \u00e0 l'or ganisation et aux missions des directions r\u00e9gionale s \ndes affaires culturelles ; \nVu  le d\u00e9cret n\u00b02010-687 du 24 juin 2010 relatif \u00e0 l'organisation et aux missions des services de l'\u00e9tat dans \nla r\u00e9gion et les d\u00e9partements d'\u00cele-de-France ; \nVu  le d\u00e9cret du 22 juillet 2020 portant nomination de  Monsieur Marc GUILLAUME en qualit\u00e9 de pr\u00e9fet \nde la r\u00e9gion d'\u00cele-de-France, pr\u00e9fet de Paris ; \nVu  l'arr\u00eat\u00e9 du 1er septembre 2025 portant nomination de Monsieur DE LUMLEY en qualit\u00e9 de directeur \nr\u00e9gional des affaires culturelles d'\u00cele-de-France \u00e0 compter du 01 octobre 2025 ; \nVu  l'arr\u00eat\u00e9 pr\u00e9fectoral n\u00b0 IDF-2025-09-23-00029 du 23 septembre 2025 portant d\u00e9l\u00e9gation de signature \n\u00e0 Monsieur de LUMLEY, directeur r\u00e9gional des affair es culturelles d'\u00cele-de-France en mati\u00e8re \nadministrative ; \nVu la d\u00e9lib\u00e9ration du conseil de territoire de l'Etablissement public territorial n\u00b0 CT2021-09-28-42 du 04 \noctobre 2021 prescrivant la r\u00e9vision du plan local d'urbanisme ;  \nVu  la proposition de l'architecte des b\u00e2timents de Fr ance pour la cr\u00e9ation d'un p\u00e9rim\u00e8tre d\u00e9limit\u00e9 des \nabords fusionn\u00e9 du cin\u00e9ma Le Trianon, inscrit au titre des monuments historiques par arr\u00eat\u00e9 du 25 juillet \n1997 et de l'\u00e9glise Saint-Germain-l'Auxerrois, insc rite au titre des monuments historiques par arr\u00eat\u00e9 du \n6 avril 1929 ; \nVu  la d\u00e9lib\u00e9ration du conseil de territoire de l'Etab lissement public territorial n\u00b0 CT2024-11-19-27 \ndonnant un avis favorable \u00e0 la cr\u00e9ation du p\u00e9rim\u00e8tre d\u00e9limit\u00e9 des abords fusionn\u00e9 du cin\u00e9ma Le Trianon \net de l'\u00e9glise Saint-Germain-l'Auxerrois, avant enqu\u00eate publique ; \nDirection r\u00e9gionale des affaires culturelles d'Ile-de-France  - IDF-2025-11-25-00027 - Arr\u00eat\u00e9 DRAC - 2025 - 115\nportant cr\u00e9ation du p\u00e9rim\u00e8tre d\u00e9limit\u00e9 des abords\nfusionn\u00e9 du cin\u00e9ma Le Trianon et de l'\u00e9glise Saint-Germain-l'Auxerrois\nprot\u00e9g\u00e9s au titre des monuments historiques,\nsur le territoire de la commune de Romainville (Seine-Saint-Denis)\n22\n2 \n \nVu  l'arr\u00eat\u00e9 du pr\u00e9sident de l'\u00e9tablissement public territorial Est Ensemble n\u00b0 A2025-52 du 22 janvier 2025 \nordonnant la mise \u00e0 l'enqu\u00eate publique du 10 f\u00e9vrier 2025 au 17 mars 2025 du projet de modification et \nde r\u00e9vision all\u00e9g\u00e9e du plan local d'urbanisme inter communal et de la modification du p\u00e9rim\u00e8tre de \nprotection autour du cin\u00e9ma Le Trianon et de l'\u00e9glise Saint-Germain-l'Auxerrois ; \nVu le r\u00e9sultat de l'enqu\u00eate publique et l'avis favorable du commissaire enqu\u00eateur du 22 avril 2025 ; \nVu  le r\u00e9sultat de la consultation des propri\u00e9taires d u cin\u00e9ma Le Trianon et de l'\u00e9glise Saint-Germain-\nl'Auxerrois ; \nVu  la d\u00e9lib\u00e9ration du conseil de territoire de l'\u00e9tablissement public territorial d'Est Ensemble n\u00b0 CT2025-\n10-14-40 du 14 octobre 2025 donnant un avis favorab le \u00e0 la cr\u00e9ation du p\u00e9rim\u00e8tre d\u00e9limit\u00e9 des abords \nfusionn\u00e9 du cin\u00e9ma Le Trianon et de l'\u00e9glise Saint-Germain-l'Auxerrois, modifi\u00e9 apr\u00e8s enqu\u00eate publique \n; \nVu  l'accord de l'architecte des b\u00e2timents de France d u 07 ao\u00fbt 2025 sur le projet de cr\u00e9ation du \np\u00e9rim\u00e8tre d\u00e9limit\u00e9 des abords fusionn\u00e9 du cin\u00e9ma Le  Trianon et de l'\u00e9glise Saint-Germain-l'Auxerrois, \nmodifi\u00e9 apr\u00e8s enqu\u00eate publique ; \nConsid\u00e9rant  que les rues \u00c9mile Zola, Anatole France, \u00c9tienne Dolet et Carnot par leur convergence vers \nla place Carnot et le Trianon, ouvrent chacune une perspective sur ce monument ;  \n \nConsid\u00e9rant  que les immeubles b\u00e2tis et non b\u00e2tis sur les parce lles en lani\u00e8re \u00e0 Noisy-le-Sec et \u00e0 \nRomainville \u00e0 proximit\u00e9 du Cin\u00e9ma participent \u00e0 la mise en valeur du monument ;  \n \nConsid\u00e9rant  que le tissu urbain alentour form\u00e9 depuis les ann\u00e9es 1890 forme avec le Cin\u00e9ma Le Trianon \nun ensemble coh\u00e9rent ; \n \nConsid\u00e9rant  le tissu du centre de Romainville et les morphologies des immeubles forment un ensemble \ncoh\u00e9rent avec l'\u00c9glise ; \n \nConsid\u00e9rant  les perspectives de l'\u00c9glise depuis les r\u00e9seaux de voirie en \u00e9toile de l'avenue Paul Vaillant \nCouturier, les rues de Paris, Gabriel Husson, Carnot, Veuve Aublet, Raul de Kock ; \n \nConsid\u00e9rant  l'emprise d\u00e9gag\u00e9e du cimeti\u00e8re participant \u00e0 la mise en valeur du monument. \n \nARR\u00caTE \nArticle 1 \ner  : Le p\u00e9rim\u00e8tre d\u00e9limit\u00e9 des abords fusionn\u00e9 du cin\u00e9 ma Le Trianon, inscrit au titre des \nmonuments historiques par arr\u00eat\u00e9 du 25 juillet 1997  et de l'\u00e9glise Saint-Germain-l'Auxerrois, inscrite  au \ntitre des monuments historiques par arr\u00eat\u00e9 du 6 avr il 1929, est cr\u00e9\u00e9 selon le plan joint en annexe. Le  \ntrac\u00e9 plein y figurant d\u00e9limite le nouveau p\u00e9rim\u00e8tre des abords de ce monument historique . \nArticle 2  : Le pr\u00e9fet de la Seine-Saint-Denis, le secr\u00e9taire g\u00e9n\u00e9ral aux politiques publiques, le directeur \nr\u00e9gional des affaires culturelles d'\u00cele-de-France e t le pr\u00e9sident de l'\u00e9tablissement public territoria l Est \nEnsemble sont charg\u00e9s, chacun en ce qui le concerne , de l'ex\u00e9cution du pr\u00e9sent arr\u00eat\u00e9, qui sera publi\u00e9  \naux recueils des actes administratifs de l'\u00c9tat dans la r\u00e9gion d'\u00cele-de-France. \n \n \n \n \nDirection r\u00e9gionale des affaires culturelles d'Ile-de-France  - IDF-2025-11-25-00027 - Arr\u00eat\u00e9 DRAC - 2025 - 115\nportant cr\u00e9ation du p\u00e9rim\u00e8tre d\u00e9limit\u00e9 des abords\nfusionn\u00e9 du cin\u00e9ma Le Trianon et de l'\u00e9glise Saint-Germain-l'Auxerrois\nprot\u00e9g\u00e9s au titre des monuments historiques,\nsur le territoire de la commune de Romainville (Seine-Saint-Denis)\n23\n3 \n \n \nFait \u00e0 Paris, le 25 novembre 2025 \n \n \nPour le Pr\u00e9fet de la r\u00e9gion d'Ile-de-France,  \nPr\u00e9fet de Paris  \n                                                   et par d\u00e9l\u00e9gation,  \nle Directeur r\u00e9gional des affaires culturelles  \n \n \n      \u00ab SIGNE \u00bb \n \n \n           Edward de LUMLEY \n  \nDirection r\u00e9gionale des affaires culturelles d'Ile-de-France  - IDF-2025-11-25-00027 - Arr\u00eat\u00e9 DRAC - 2025 - 115\nportant cr\u00e9ation du p\u00e9rim\u00e8tre d\u00e9limit\u00e9 des abords\nfusionn\u00e9 du cin\u00e9ma Le Trianon et de l'\u00e9glise Saint-Germain-l'Auxerrois\nprot\u00e9g\u00e9s au titre des monuments historiques,\nsur le territoire de la commune de Romainville (Seine-Saint-Denis)\n24\nS\u00c0>GoodIaR&\nLiOOf\u00a9wmLUy=OyoS88Btn28\n4 \n \n \n \n \n \n \n \n \n \n \n \n \n \n \n \n \n \n \n \n \n \n \n \n \n \nDirection r\u00e9gionale \ndes affaires culturelles \nd'Ile-de-France \nPlan annex\u00e9 \u00e0 l'arr\u00eat\u00e9 DRAC-2025-115 portant cr\u00e9ation du p\u00e9rim\u00e8tre d\u00e9limit\u00e9 des abords fusionn\u00e9 du \ncin\u00e9ma Le Trianon et de l'\u00e9glise Saint-Germain-l'Auxerrois, prot\u00e9g\u00e9s au titre des monuments \nhistoriques, \u00e0 Romainville (Seine-Saint-Denis) \nLe 25 novembre 2025         \u00ab SIGNE \u00bb \nPlan dress\u00e9 par l'Unit\u00e9 d\u00e9partementale de l'architecture et du patrimoine de la Seine-Saint-\nDenis\u2013 ao\u00fbt 2025 \u00e0 la suite de l'enqu\u00eate publique \n Fond de plan : cadastre \nSeine-Saint-Denis_Romainville \nP\u00e9rim\u00e8tre d\u00e9limit\u00e9 des abords  \nfusionn\u00e9 du cin\u00e9ma Le Trianon, inscrit au \ntitre des monuments historiques par arr\u00eat\u00e9 \ndu 25 juillet 1997 et de l'\u00e9glise Saint-\nGermain-l'Auxerrois, inscrite au titre des \nmonuments historiques par arr\u00eat\u00e9 du 6 avril \n1929 \nP\u00e9rim\u00e8tre actuel des abords \ndes monuments historiques \nde la commune \nProposition de PDA \nfusionn\u00e9 du cin\u00e9ma Le \nTrianon et de l'\u00e9glise Saint-\nGermain-l'Auxerrois \nMonument historique inscrit \nDirection r\u00e9gionale des affaires culturelles d'Ile-de-France  - IDF-2025-11-25-00027 - Arr\u00eat\u00e9 DRAC - 2025 - 115\nportant cr\u00e9ation du p\u00e9rim\u00e8tre d\u00e9limit\u00e9 des abords\nfusionn\u00e9 du cin\u00e9ma Le Trianon et de l'\u00e9glise Saint-Germain-l'Auxerrois\nprot\u00e9g\u00e9s au titre des monuments historiques,\nsur le territoire de la commune de Romainville (Seine-Saint-Denis)\n25\nDirection r\u00e9gionale des affaires culturelles\nd'Ile-de-France \nIDF-2025-11-25-00024\nArr\u00eat\u00e9DRAC - 2025 - 112 portant cr\u00e9ation du\np\u00e9rim\u00e8tre d\u00e9limit\u00e9 des abords du cimeti\u00e8re\nmusulman prot\u00e9g\u00e9 au titre des monuments\nhistoriques, sur le territoire de la commune de\nBobigny (Seine-Saint-Denis)\nDirection r\u00e9gionale des affaires culturelles d'Ile-de-France  - IDF-2025-11-25-00024 - Arr\u00eat\u00e9DRAC - 2025 - 112 portant cr\u00e9ation du\np\u00e9rim\u00e8tre d\u00e9limit\u00e9 des abords du cimeti\u00e8re musulman prot\u00e9g\u00e9 au titre des monuments historiques, sur le territoire de la commune\nde Bobigny (Seine-Saint-Denis)\n26\nE=PREFET |DE LA REGIOND'\u00ceLE-DE-FRANCELibert\u00e9Egalit\u00e9Fraternit\u00e9\n \n1 \n \n \n          Direction r\u00e9gionale  \ndes affaires culturelles \nd'\u00cele-de-France  \n \n \nARR\u00caT\u00c9 n\u00b0 DRAC - 2025 - 112  \nportant cr\u00e9ation du p\u00e9rim\u00e8tre d\u00e9limit\u00e9 des abords  \ndu cimeti\u00e8re musulman \nprot\u00e9g\u00e9 au titre des monuments historiques,  \nsur le territoire de la commune de Bobigny (Seine-Saint-Denis)  \n \nLE PR\u00c9FET DE LA R\u00c9GION D'\u00ceLE-DE-FRANCE \nPR\u00c9FET DE PARIS \nGrand officier de l'ordre national de la L\u00e9gion d'Honneur, \nOfficier de l'Ordre national du M\u00e9rite \n \nVu  le code de l'environnement, notamment son article L. 123-1 ; \nVu  le code du patrimoine, notamment ses articles L. 621-31 et R. 621-92 \u00e0 R. 621-95  ; \nVu  le code de l'urbanisme, notamment son article R. 132-2 ; \nVu  le d\u00e9cret n\u00b02010-633 du 8 juin 2010 relatif \u00e0 l'or ganisation et aux missions des directions r\u00e9gionale s \ndes affaires culturelles ; \nVu  le d\u00e9cret n\u00b02010-687 du 24 juin 2010 relatif \u00e0 l'organisation et aux missions des services de l'\u00e9tat dans \nla r\u00e9gion et les d\u00e9partements d'\u00cele-de-France ; \nVu  le d\u00e9cret du 22 juillet 2020 portant nomination de  Monsieur Marc GUILLAUME en qualit\u00e9 de pr\u00e9fet \nde la r\u00e9gion d'\u00cele-de-France, pr\u00e9fet de Paris ; \nVu  l'arr\u00eat\u00e9 du 1er septembre 2025 portant nomination de Monsieur DE LUMLEY en qualit\u00e9 de directeur \nr\u00e9gional des affaires culturelles d'\u00cele-de-France \u00e0 compter du 01 octobre 2025 ; \nVu  l'arr\u00eat\u00e9 pr\u00e9fectoral n\u00b0 IDF-2025-09-23-00029 du 23 septembre 2025 portant d\u00e9l\u00e9gation de signature \n\u00e0 Monsieur de LUMLEY, directeur r\u00e9gional des affair es culturelles d'\u00cele-de-France en mati\u00e8re \nadministrative ; \nVu la d\u00e9lib\u00e9ration du conseil de territoire de l'Etablissement public territorial n\u00b0 CT2021-09-28-42 du 04 \noctobre 2021 prescrivant la r\u00e9vision du plan local d'urbanisme ;  \nVu  la proposition de l'architecte des b\u00e2timents de Fr ance pour la cr\u00e9ation d'un p\u00e9rim\u00e8tre d\u00e9limit\u00e9 des \nabords du cimeti\u00e8re musulman, inscrit au titre des monuments historiques par arr\u00eat\u00e9 du 25 janvier 2006 \n; \nVu  la d\u00e9lib\u00e9ration du conseil de territoire de l'Etab lissement public territorial n\u00b0 CT2024-11-19-27 \ndonnant un avis favorable \u00e0 la cr\u00e9ation du p\u00e9rim\u00e8tre d\u00e9limit\u00e9 des abords du cimeti\u00e8re musulman, avant \nenqu\u00eate publique ; \nVu  l'arr\u00eat\u00e9 du pr\u00e9sident de l'\u00e9tablissement public territorial Est Ensemble n\u00b0 A2025-52 du 22 janvier 2025 \nordonnant la mise \u00e0 l'enqu\u00eate publique du 10 f\u00e9vrier 2025 au 17 mars 2025 du projet de modification et \nDirection r\u00e9gionale des affaires culturelles d'Ile-de-France  - IDF-2025-11-25-00024 - Arr\u00eat\u00e9DRAC - 2025 - 112 portant cr\u00e9ation du\np\u00e9rim\u00e8tre d\u00e9limit\u00e9 des abords du cimeti\u00e8re musulman prot\u00e9g\u00e9 au titre des monuments historiques, sur le territoire de la commune\nde Bobigny (Seine-Saint-Denis)\n27\n \n2 \n \nde r\u00e9vision all\u00e9g\u00e9e du plan local d'urbanisme inter communal et de la modification du p\u00e9rim\u00e8tre de \nprotection autour du cimeti\u00e8re musulman ; \nVu le r\u00e9sultat de l'enqu\u00eate publique et l'avis favorable du commissaire enqu\u00eateur du 22 avril 2025 ; \nVu  le r\u00e9sultat de la consultation du propri\u00e9taire du cimeti\u00e8re musulman ; \nVu  la d\u00e9lib\u00e9ration du conseil de territoire de l'\u00e9tablissement public territorial d'Est Ensemble n\u00b0 CT2025-\n10-14-40 du 14 octobre 2025 donnant un avis favorab le \u00e0 la cr\u00e9ation du p\u00e9rim\u00e8tre d\u00e9limit\u00e9 des abords \nautour du cimeti\u00e8re musulman, apr\u00e8s enqu\u00eate publique ; \nVu  l'accord de l'architecte des b\u00e2timents de France d u 07 ao\u00fbt 2025 sur le projet de cr\u00e9ation du \np\u00e9rim\u00e8tre d\u00e9limit\u00e9 des abords du cimeti\u00e8re musulman, apr\u00e8s enqu\u00eate publique ; \nConsid\u00e9rant  les d\u00e9pendances de la Mosqu\u00e9e, ainsi que les immeu bles d'habitations et industriels \ncontigus \u00e0 sa cl\u00f4ture s\u00e9parative participant \u00e0 la conservation du monument ; \nConsid\u00e9rant  l'enclavement du monument historique qui est peu visible depuis l'espace public ; \nConsid\u00e9rant  que l'influence du monument historique au-del\u00e0 de la limite communale, par son \u00e9chelle \nmodeste en regard du grand paysage, est limit\u00e9e. \nARR\u00caTE \nArticle 1 \ner  : Le p\u00e9rim\u00e8tre d\u00e9limit\u00e9 des abords du cimeti\u00e8re mus ulman, inscrit au titre des monuments \nhistoriques par arr\u00eat\u00e9 du 25 janvier 2006, est cr\u00e9\u00e9 selon le plan joint en annexe. Le trac\u00e9 plein y figurant \nd\u00e9limite le nouveau p\u00e9rim\u00e8tre des abords de ce monument historique . \nArticle 2  : Le pr\u00e9fet de la Seine-Saint-Denis, le secr\u00e9taire g\u00e9n\u00e9ral aux politiques publiques, le directeur \nr\u00e9gional des affaires culturelles d'\u00cele-de-France e t le pr\u00e9sident de l'\u00e9tablissement public territoria l Est \nEnsemble sont charg\u00e9s, chacun en ce qui le concerne , de l'ex\u00e9cution du pr\u00e9sent arr\u00eat\u00e9, qui sera publi\u00e9  \naux recueils des actes administratifs de l'\u00c9tat dans la r\u00e9gion d'\u00cele-de-France. \n \n \n \nFait \u00e0 Paris, le 25 novembre 2025 \n \nPour le Pr\u00e9fet de la r\u00e9gion d'Ile-de-France,  \nPr\u00e9fet de Paris  \n                                                   et par d\u00e9l\u00e9gation,  \nle Directeur r\u00e9gional des affaires culturelles  \n \n \n           \u00ab SIGNE \u00bb \n \n \n            Edward de LUMLEY \n \n  \nDirection r\u00e9gionale des affaires culturelles d'Ile-de-France  - IDF-2025-11-25-00024 - Arr\u00eat\u00e9DRAC - 2025 - 112 portant cr\u00e9ation du\np\u00e9rim\u00e8tre d\u00e9limit\u00e9 des abords du cimeti\u00e8re musulman prot\u00e9g\u00e9 au titre des monuments historiques, sur le territoire de la commune\nde Bobigny (Seine-Saint-Denis)\n28\nsk Co |CRE,\u00c9\ntn34,\nLidO\n\u00c6\u2014Lu\n'Ww 1 sssaA 0AD Ses\n \n3 \n \n \n \n \n \n \n \n \n \n \n \n \n \n \n \n \n \n \n \n \n \n \n \n \n \nDirection r\u00e9gionale \ndes affaires culturelles \nd'Ile-de-France \nPlan annex\u00e9 \u00e0 l'arr\u00eat\u00e9 DRAC-2025-112 portant cr\u00e9ation du p\u00e9rim\u00e8tre d\u00e9limit\u00e9  \ndes abords du cimeti\u00e8re musulman, prot\u00e9g\u00e9 au titre des monuments \nhistoriques, \u00e0 Bobigny (Seine-Saint-Denis) \nLe 25 novembre 2025            \u00ab SIGNE \u00bb \nPlan dress\u00e9 par l'Unit\u00e9 d\u00e9partementale de l'architecture et du patrimoine de la Seine-Saint-Denis\u2013 ao\u00fbt 2024 \nFond de plan : IGN/ source :  http://atlas.patrimoines.culture.fr/atlas/ \n \nSeine-Saint-Denis_Bobigny \nP\u00e9rim\u00e8tre d\u00e9limit\u00e9 des abords  \ndu cimeti\u00e8re musulman, inscrit au titre des \nmonuments historiques par arr\u00eat\u00e9 du 25 \njanvier 2006 \nP\u00e9rim\u00e8tre actuel des abords \ndes monuments historiques \nde la commune \nProposition de PDA du \ncimeti\u00e8re musulman \nMonument historique inscrit \n \nZoom sur la proposition de PDA du cimeti\u00e8re \nmusulman \n \nDirection r\u00e9gionale des affaires culturelles d'Ile-de-France  - IDF-2025-11-25-00024 - Arr\u00eat\u00e9DRAC - 2025 - 112 portant cr\u00e9ation du\np\u00e9rim\u00e8tre d\u00e9limit\u00e9 des abords du cimeti\u00e8re musulman prot\u00e9g\u00e9 au titre des monuments historiques, sur le territoire de la commune\nde Bobigny (Seine-Saint-Denis)\n29\nDirection r\u00e9gionale des affaires culturelles\nd'Ile-de-France \nIDF-2025-11-25-00021\nArr\u00eat\u00e9n\u00b0 DRAC - 2025 - 109 portant cr\u00e9ation du\np\u00e9rim\u00e8tre d\u00e9limit\u00e9 des abords de l'Eglise\nSaint-Leu-Saint-Gilles prot\u00e9g\u00e9e au titre des \nmonuments historiques,\nsur le territoire de la commune de Bagnolet\n(Seine-Saint-Denis)\nDirection r\u00e9gionale des affaires culturelles d'Ile-de-France  - IDF-2025-11-25-00021 - Arr\u00eat\u00e9n\u00b0 DRAC - 2025 - 109 portant cr\u00e9ation du\np\u00e9rim\u00e8tre d\u00e9limit\u00e9 des abords de l'Eglise Saint-Leu-Saint-Gilles prot\u00e9g\u00e9e au titre des  monuments historiques,\nsur le territoire de la commune de Bagnolet (Seine-Saint-Denis)\n30\nE=PREFET |DE LA REGIOND'\u00ceLE-DE-FRANCELibert\u00e9Egalit\u00e9Fraternit\u00e9\n1 \n \n \n          Direction r\u00e9gionale  \ndes affaires culturelles \nd'\u00cele-de-France  \n \n \nARR\u00caT\u00c9 n\u00b0 DRAC - 2025 - 109  \nportant cr\u00e9ation du p\u00e9rim\u00e8tre d\u00e9limit\u00e9 des abords de l'Eglise Saint-Leu-Saint-Gilles  \nprot\u00e9g\u00e9e au titre des monuments historiques,  \nsur le territoire de la commune de Bagnolet (Seine-Saint-Denis)  \n \nLE PR\u00c9FET DE LA R\u00c9GION D'\u00ceLE-DE-FRANCE \nPR\u00c9FET DE PARIS \nGrand officier de l'ordre national de la L\u00e9gion d'Honneur, \nOfficier de l'Ordre national du M\u00e9rite \n \nVu  le code de l'environnement, notamment son article L. 123-1 ; \nVu  le code du patrimoine, notamment ses articles L. 621-31 et R. 621-92 \u00e0 R. 621-95  ; \nVu  le code de l'urbanisme, notamment son article R. 132-2 ; \nVu  le d\u00e9cret n\u00b02010-633 du 8 juin 2010 relatif \u00e0 l'or ganisation et aux missions des directions r\u00e9gionales \ndes affaires culturelles ; \nVu  le d\u00e9cret n\u00b02010-687 du 24 juin 2010 relatif \u00e0 l'organisation et aux missions des services de l'\u00e9tat dans \nla r\u00e9gion et les d\u00e9partements d'\u00cele-de-France ; \nVu  le d\u00e9cret du 22 juillet 2020 portant nomination de  Monsieur Marc GUILLAUME en qualit\u00e9 de pr\u00e9fet \nde la r\u00e9gion d'\u00cele-de-France, pr\u00e9fet de Paris ; \nVu  l'arr\u00eat\u00e9 du 1er septembre 2025 portant nomination de Monsieur DE LUMLEY en qualit\u00e9 de directeur \nr\u00e9gional des affaires culturelles d'\u00cele-de-France \u00e0 compter du 01 octobre 2025 ; \nVu  l'arr\u00eat\u00e9 pr\u00e9fectoral n\u00b0 IDF-2025-09-23-00029 du 23 septembre 2025 portant d\u00e9l\u00e9gation de signature \n\u00e0 Monsieur de LUMLEY, directeur r\u00e9gional des affair es culturelles d'\u00cele-de-France en mati\u00e8re \nadministrative ; \nVu la d\u00e9lib\u00e9ration du conseil de territoire de l'Etablissement public territorial n\u00b0 CT2021-09-28-42 du 04 \noctobre 2021 prescrivant la r\u00e9vision du plan local d'urbanisme ;  \nVu  la proposition de l'architecte des b\u00e2timents de France pour la cr\u00e9ation d'un p\u00e9rim\u00e8tre d\u00e9limit\u00e9 des \nabords de l'Eglise Saint-Leu-Saint-Gilles, inscrite  au titre des monuments historiques par arr\u00eat\u00e9 du 2 9 \nnovembre 1977 ; \nVu  la d\u00e9lib\u00e9ration du conseil de territoire de l'Etab lissement public territorial n\u00b0 CT2024-11-19-27 \ndonnant un avis favorable \u00e0 la cr\u00e9ation du p\u00e9rim\u00e8tr e d\u00e9limit\u00e9 des abords de l'Eglise Saint-Leu-Saint-\nGilles, avant enqu\u00eate publique ; \nVu  l'arr\u00eat\u00e9 du pr\u00e9sident de l'\u00e9tablissement public territorial Est Ensemble n\u00b0 A2025-52 du 22 janvier 2025 \nordonnant la mise \u00e0 l'enqu\u00eate publique du 10 f\u00e9vrier 2025 au 17 mars 2025 du projet de modification et \nDirection r\u00e9gionale des affaires culturelles d'Ile-de-France  - IDF-2025-11-25-00021 - Arr\u00eat\u00e9n\u00b0 DRAC - 2025 - 109 portant cr\u00e9ation du\np\u00e9rim\u00e8tre d\u00e9limit\u00e9 des abords de l'Eglise Saint-Leu-Saint-Gilles prot\u00e9g\u00e9e au titre des  monuments historiques,\nsur le territoire de la commune de Bagnolet (Seine-Saint-Denis)\n31\n2 \n \nde r\u00e9vision all\u00e9g\u00e9e du plan local d'urbanisme inter communal et de la modification du p\u00e9rim\u00e8tre de \nprotection autour de l'Eglise Saint-Leu-Saint-Gilles ; \nVu le r\u00e9sultat de l'enqu\u00eate publique et l'avis favorable du commissaire enqu\u00eateur du 22 avril 2025 ; \nVu  le r\u00e9sultat de la consultation du propri\u00e9taire de l'Eglise Saint-Leu-Saint-Gilles ; \nVu  la d\u00e9lib\u00e9ration du conseil de territoire de l'\u00e9tablissement public territorial d'Est Ensemble n\u00b0 CT2025-\n10-14-40 du 14 octobre 2025 donnant un avis favorab le \u00e0 la cr\u00e9ation du p\u00e9rim\u00e8tre d\u00e9limit\u00e9 des abords \nautour de l'Eglise Saint-Leu-Saint-Gilles, apr\u00e8s enqu\u00eate publique ; \nVu  l'accord de l'architecte des b\u00e2timents de France d u 07 ao\u00fbt 2025 sur le projet de cr\u00e9ation du \np\u00e9rim\u00e8tre d\u00e9limit\u00e9 des abords de l'Eglise Saint-Leu-Saint-Gilles, apr\u00e8s enqu\u00eate publique ; \nConsid\u00e9rant  l'emprise du village du d\u00e9but du XIX e si\u00e8cle, en incluant \u00e9galement le quartier de Bellevue \net celui du Gai S\u00e9jour qui forment les deux ensembl es pavillonnaires les plus anciens de la ville et q ui \nsont repr\u00e9sentatifs de l'habitat individuel citadin de cette \u00e9poque, coh\u00e9rents avec le monument ; \nConsid\u00e9rant  la vue d\u00e9gag\u00e9e le long de la rue Sadi Carnot, ancienne rue du bourg historique ; \nConsid\u00e9rant  quelques ensembles industriels remarquables, des \u00e9 quipements publics et des logements \ncollectifs qui ont contribu\u00e9 \u00e0 la pr\u00e9sentation du monument, \u00e0 l'\u00e9volution urbaine de la ville, \u00e9toffant le \ncentre-ville. \n \nARR\u00caTE \nArticle 1 \ner  : Le p\u00e9rim\u00e8tre d\u00e9limit\u00e9 des abords de l'Eglise Sain t-Gilles-Saint-Leu, inscrite au titre des \nmonuments historiques par arr\u00eat\u00e9 du 29 novembre 197 7 situ\u00e9e \u00e0 Bagnolet, est cr\u00e9\u00e9 selon le plan joint \nen annexe. Le trac\u00e9 plein y figurant d\u00e9limite le no uveau p\u00e9rim\u00e8tre des abords de ce monument \nhistorique . \nArticle 2  : Le pr\u00e9fet de la Seine-Saint-Denis, le secr\u00e9taire g\u00e9n\u00e9ral aux politiques publiques, le directeur \nr\u00e9gional des affaires culturelles d'\u00cele-de-France e t le pr\u00e9sident de l'\u00e9tablissement public territoria l Est \nEnsemble sont charg\u00e9s, chacun en ce qui le concerne, de l'ex\u00e9cution du pr\u00e9sent arr\u00eat\u00e9, qui sera publi\u00e9 \naux recueils des actes administratifs de l'\u00c9tat dans la r\u00e9gion d'\u00cele-de-France. \n \nFait \u00e0 Paris, le 25 novembre 2025 \n \nPour le Pr\u00e9fet de la r\u00e9gion d'Ile-de-France, \nPr\u00e9fet de Paris  \n                                                   et par d\u00e9l\u00e9gation, \nle Directeur r\u00e9gional des affaires culturelles  \n \n \n                                                                        \u00ab SIGNE \u00bb \n \n \n           Edward de LUMLEY \n \n  \nDirection r\u00e9gionale des affaires culturelles d'Ile-de-France  - IDF-2025-11-25-00021 - Arr\u00eat\u00e9n\u00b0 DRAC - 2025 - 109 portant cr\u00e9ation du\np\u00e9rim\u00e8tre d\u00e9limit\u00e9 des abords de l'Eglise Saint-Leu-Saint-Gilles prot\u00e9g\u00e9e au titre des  monuments historiques,\nsur le territoire de la commune de Bagnolet (Seine-Saint-Denis)\n32\nPREFET _DE LA REGIOND'\u00ceLE-DE-FRANCELibert\u00e9Egalit\u00e9Fraternit\u00e9\n3 \n \n \n \n \n \n \n \n \n  \n \n \n \n \n \n \n \n \n \n \n \n \n \n \nDirection r\u00e9gionale \ndes affaires culturelles \nd'Ile-de-France \nPlan annex\u00e9 \u00e0 l'arr\u00eat\u00e9 DRAC-2025-109 portant cr\u00e9ation du p\u00e9rim\u00e8tre d\u00e9limit\u00e9  \ndes abords de l'Eglise Saint-Leu-Saint-Gilles prot\u00e9g\u00e9e au titre des monuments \nhistoriques, \u00e0 Bagnolet (Seine-Saint-Denis) \nLe          25 novembre 2025         [sign\u00e9] \n  \nPlan dress\u00e9 par l'Unit\u00e9 d\u00e9partementale de l'architecture et du patrimoine de la Seine-Saint-Denis\u2013 ao\u00fbt 2024  \nFond de plan : IGN/ source :  http://atlas.patrimoines.culture.fr/atlas/ \n \nSeine-Saint-Denis - Bagnolet \nP\u00e9rim\u00e8tre d\u00e9limit\u00e9 des abords  \nde l'Eglise Saint-Leu-Saint-Gilles \ninscrite par arr\u00eat\u00e9 du 29 novembre 1977 \nau titre des monuments historiques   \nP\u00e9rim\u00e8tre actuel des abords \ndes monuments historiques \nde la commune \nProposition du PDA de \nl'\u00c9glise Saint-Leu-Saint-Gilles \nMonument historique inscrit \n \nDirection r\u00e9gionale des affaires culturelles d'Ile-de-France  - IDF-2025-11-25-00021 - Arr\u00eat\u00e9n\u00b0 DRAC - 2025 - 109 portant cr\u00e9ation du\np\u00e9rim\u00e8tre d\u00e9limit\u00e9 des abords de l'Eglise Saint-Leu-Saint-Gilles prot\u00e9g\u00e9e au titre des  monuments historiques,\nsur le territoire de la commune de Bagnolet (Seine-Saint-Denis)\n33","date":"2025-12-17","first_seen_on":"2025-12-17T18:17:14+00:00","id":"6f432d9b4e18ae35800c974fa99776e6cc457fba72b5823189efe073b0d7959c","name":"recueil-idf-041-2025-12-RAA-nominatifs du 17.12.2025","pdf_creation_date":"2025-12-17T16:58:59+00:00","pdf_modification_date":null,"timezone":"Europe/Paris","url":"https://www.prefectures-regions.gouv.fr/ile-de-france/irecontenu/telechargement/133788/980726/file/recueil-idf-041-2025-12-RAA-nominatifs%20du%2017.12.2025.pdf"}
