{"administration":"pref30","administration_name":"Pr\u00e9fecture du Gard","content":"PR\u00c9FET\nDU GARD\nRECUEIL DES ACTES\nADMINISTRATIFS SP\u00c9CIAL\nN\u00b030-2024-169\nPUBLI\u00c9 LE 21 OCTOBRE 2024\nSommaire\nPrefecture du Gard /\n30-2024-10-18-00007 - Arr\u00eat\u00e9 donnant d\u00e9l\u00e9gation de signature \u00e0 M.\nEmile SOUMBO, sous-pr\u00e9fet de l'arrondissement d'Al\u00e8s (9 pages) Page 3\n30-2024-10-18-00006 - Arr\u00eat\u00e9 donnant d\u00e9l\u00e9gation de signature \u00e0 M.\nMathias NIEPS, sous-pr\u00e9fet, charg\u00e9 de mission aupr\u00e8s du pr\u00e9fet du\nGard, secr\u00e9taire g\u00e9n\u00e9ral adjoint de la pr\u00e9fecture du Gard (4 pages) Page 13\n30-2024-10-18-00005 - Arr\u00eat\u00e9 donnant d\u00e9l\u00e9gation de signature \u00e0 M.\nYann GERARD, secr\u00e9taire g\u00e9n\u00e9ral de la pr\u00e9fecrure du Gard,\nsous-pr\u00e9fet de N\u00eemes (3 pages) Page 18\n30-2024-10-18-00008 - Arr\u00eat\u00e9 donnant d\u00e9l\u00e9gation de signature \u00e0\nMme Anne LEVASSEUR, sous-pr\u00e9f\u00e8te de l'arrondissement du Vigan (7\npages) Page 22\n30-2024-10-18-00009 - Arr\u00eat\u00e9 donnant d\u00e9l\u00e9gation de signature \u00e0\nMme Marie-Charlotte EUVRARD, sous-pr\u00e9f\u00e8te, directrice de cabinet du\npr\u00e9fet du Gard (5 pages) Page 30\n30-2024-10-18-00010 - Arr\u00eat\u00e9 donnant d\u00e9l\u00e9gation de signature \u00e0\nMme Marie-Charlotte EUVRARD, sous-pr\u00e9f\u00e8te, directrice de cabinet du\npr\u00e9fet du Gard relative aux dispositions de l'article L. 325-1-2 du code de\nla route (4 pages) Page 36\n2\nPrefecture du Gard\n30-2024-10-18-00007\nArr\u00eat\u00e9 donnant d\u00e9l\u00e9gation de signature \u00e0 M.\nEmile SOUMBO, sous-pr\u00e9fet de l'arrondissement\nd'Al\u00e8s\nPrefecture du Gard - 30-2024-10-18-00007 - Arr\u00eat\u00e9 donnant d\u00e9l\u00e9gation de signature \u00e0 M. Emile SOUMBO, sous-pr\u00e9fet de\nl'arrondissement d'Al\u00e8s 3\n=PREFETDU GARDLibert\u00e9\u00c9galit\u00e9Fraternit\u00e9\nPr\u00e9fecture- Direction de la citoyennet\u00e9, \nde la l\u00e9galit\u00e9 et de la coordination\nService de la coordination \ndes politiques publiques \net de l'appui territorial \nArr\u00eat\u00e9 \ndonnant d\u00e9l\u00e9gation de signature \u00e0 M. Emile SOUMBO\nsous-pr\u00e9fet de l'arrondissement d'Al\u00e8s \nLe pr\u00e9fet du Gard\nChevalier de la L\u00e9gion d'honneur,\nChevalier de l'ordre national du M\u00e9rite \nVu la  loi  n\u00b0  82-213  du  2  mars  1982  relative  aux  droits  et  libert\u00e9s  des  communes,  des\nd\u00e9partements et des r\u00e9gions, notamment son article 34 ;\nVu la loi n\u00b0211-803 du 5 juillet 2011 relative aux droits et \u00e0 la protection des personnes faisant\nl'objet de soins psychiatriques et aux modalit\u00e9s de leur prise en charge  ;\nVu le d\u00e9cret n\u00b0 97.34 du 15 janvier 1997 modifi\u00e9 relatif \u00e0 la d\u00e9concentration des d\u00e9cisions\nadministratives individuelles ;\nVu le d\u00e9cret n\u00b0 2004-374 du 29 avril 2004 modifi\u00e9 par le d\u00e9cret 2010-146 du 16 f\u00e9vrier 2010\nrelatif aux pouvoirs des pr\u00e9fets, \u00e0 l'organisation et \u00e0 l'action des services de l'\u00c9tat dans les\nr\u00e9gions et d\u00e9partements ;\nVu le d\u00e9cret n\u00b0 2008-158 du 22 f\u00e9vrier  2008 relatif \u00e0 la suppl\u00e9ance des Pr\u00e9fets de r\u00e9gion et \u00e0\nla  d\u00e9l\u00e9gation  de  signature  des  Pr\u00e9fets  et  des  Hauts  Commissaires  de  la  R\u00e9publique  en\nPolyn\u00e9sie fran\u00e7aise et en Nouvelle-Cal\u00e9donie ;\nVu le d\u00e9cret n\u00b0 2009-176 du 16 f\u00e9vrier 2009 modifiant le d\u00e9cret n\u00b0 64-805 du 29 juillet 1964\nfixant les dispositions r\u00e9glementaires applicables aux pr\u00e9fets et le d\u00e9cret n\u00b0 2004-374 du 29\navril 2004 relatif aux pouvoirs des pr\u00e9fets, \u00e0 l'organisation et \u00e0 l'action des services de l'\u00c9tat\ndans les r\u00e9gions et d\u00e9partements ;\nVu le d\u00e9cret n\u00b0 2015-510 du 7 mai 2015 portant charte de la d\u00e9concentration  ;\nVu le d\u00e9cret du 2 mars 2023, nommant  Mme Anne LEVASSEUR , inspectrice hors classe de\nl'action sanitaire et sociale, sous-pr\u00e9f\u00e8te du Vigan ;\nVu le d\u00e9cret du 13 juillet 2023 nommant M. J\u00e9r\u00f4me BONET, pr\u00e9fet du Gard ;\nVu le d\u00e9cret du 22 ao\u00fbt 2023 nommant M. Emile SOUMBO, sous-pr\u00e9fet d'Al\u00e8s ; \nVu le d\u00e9cret du 25 octobre 2023 nommant M. Mathias NIEPS, sous-pr\u00e9fet charg\u00e9 de mission\naupr\u00e8s du pr\u00e9fet du Gard, secr\u00e9taire g\u00e9n\u00e9ral adjoint de la pr\u00e9fecture du Gard  ;\nVu le d\u00e9cret du 24 avril 2024 nommant  M. Yann GERARD, secr\u00e9taire g\u00e9n\u00e9ral de la pr\u00e9fecture\ndu Gard, sous-pr\u00e9fet de N\u00eemes ;\nVu le d\u00e9cret du 9 octobre 2024 nommant  Mme Marie-Charlotte EUVRARD,  sous-pr\u00e9f\u00e8te,\ndirectrice de cabinet du pr\u00e9fet du Gard ;\nVu la d\u00e9cision du ministre de l'int\u00e9rieur du 3 janvier 2020 portant d\u00e9signation des respon -\nsables de BOP et d'UO pour le programme 354 .\nVu l'arr\u00eat\u00e9 30-2024-08-28-00003 du 28 ao\u00fbt 2024 portant organisation en directions, services\net bureaux de la pr\u00e9fecture du Gard, \nPrefecture du Gard - 30-2024-10-18-00007 - Arr\u00eat\u00e9 donnant d\u00e9l\u00e9gation de signature \u00e0 M. Emile SOUMBO, sous-pr\u00e9fet de\nl'arrondissement d'Al\u00e8s 4\nVu l'arr\u00eat\u00e9 n\u00b0 30-2024-010-18-00008 du 18 octobre 2024 donnant d\u00e9l\u00e9gation de signature \u00e0\nMme Anne LEVASSEUR, sous-pr\u00e9f\u00e8te du Vigan ;\nVu la convention de d\u00e9l\u00e9gation de gestion entre la direction d\u00e9partementale de la coh\u00e9sion\nsociale du Gard et la sous-pr\u00e9fecture d'Al\u00e8s en date du 27 mars 2017  ;\nVu la note de service du 1 er ao\u00fbt 2016 affectant Mme Isabelle LEBEAU secr\u00e9taire g\u00e9n\u00e9rale de\nla sous-pr\u00e9fecture d'Al\u00e8s \u00e0 compter du 1 er septembre 2016 ;\nSur proposition du secr\u00e9taire g\u00e9n\u00e9ral de la pr\u00e9fecture du Gard  ;\nArr\u00eate\nTITRE I\nDELEGATION DANS LES LIMITES DE SON ARRONDISSEMENT\nArticle 1 : D\u00e9l\u00e9gation de signature est donn\u00e9e \u00e0  M. Emile SOUMBO  administrateur civil hors\nclasse d\u00e9tach\u00e9 en qualit\u00e9 de sous-pr\u00e9fet hors classe, sous-pr\u00e9fet de l'arrondissement d'Al\u00e8s ,\n\u00e0 l'effet de signer dans les limites de son arrondissement les actes relevant des mati\u00e8res ci-\ndessous :\nA \u2013 EN MATI\u00c8RE DE POLICE G\u00c9N\u00c9RALE ET DE POLICES SP\u00c9CIALES\n\u2013 tous les actes relatifs \u00e0 la commission d'arrondissement d'Al\u00e8s pour la s\u00e9curit\u00e9 contre les\nrisques d'incendie et de panique dans les ERP. \n\u2013 l'octroi  du  concours  de  la  force  publique  pour  l'ex\u00e9cution  des  jugements  d'expulsion\nimmobili\u00e8re ;\n\u2013 l'indemnisation des bailleurs pour refus d'octroi de la force publique pour l'ex\u00e9cution des\njugements d'expulsion immobili\u00e8re ;\n\u2013 la d\u00e9livrance de toutes autorisations relatives \u00e0 la police de la voie publique, exc\u00e9dant la\ncomp\u00e9tence des autorit\u00e9s municipales ;\n\u2013 les  d\u00e9cisions  d'expulsions  commerciales,  de  fermetures  administratives  de  commerces\npour vente illicite de boissons alcoolis\u00e9es, de tabacs, de trafic de stup\u00e9fiants, d'emplois\nclandestins et de main d'\u0153uvre ill\u00e9gale pour une dur\u00e9e maximale de trois mois  ;\n\u2013 tous actes relatifs \u00e0 la proc\u00e9dure de sanction administrative des d\u00e9bits de boissons et les    \n  d\u00e9rogations aux horaires de fermeture des d\u00e9bits de boissons ;\n\u2013 les mesures de police administrative prises en application de la loi n\u00b02020-856 du 9 juillet\n2020 organisant la sortie de l'\u00e9tat d'urgence et de ses d\u00e9crets d'application  ;\n\u2013 les r\u00e9c\u00e9piss\u00e9s de revendeurs d'objets mobiliers ;\nB \u2013 EN MATI\u00c8RE D'ADMINISTRATION LOCALE\n\u2013 la substitution au maire dans les cas pr\u00e9vus par les articles L 2122.34 et L.2215.1 du code\ng\u00e9n\u00e9ral des collectivit\u00e9s territoriales ;\n\u2013 l'information, \u00e0 sa demande, de l'autorit\u00e9 locale de l'intention de ne pas saisir le tribunal\nadministratif dans le cadre du contr\u00f4le administratif pr\u00e9vu par la loi du 2 mars 1982  ;\n\u2013 la cr\u00e9ation de la commission syndicale pr\u00e9vue \u00e0 l'article L.5222.1 du code g\u00e9n\u00e9ral des\ncollectivit\u00e9s  territoriales,  charg\u00e9e  de  l'administration  des  biens  et  droits  indivis  entre\nplusieurs communes ;\nPrefecture du Gard - 30-2024-10-18-00007 - Arr\u00eat\u00e9 donnant d\u00e9l\u00e9gation de signature \u00e0 M. Emile SOUMBO, sous-pr\u00e9fet de\nl'arrondissement d'Al\u00e8s 5\n\u2013 les lettres d'observation et recours gracieux relatifs aux actes des collectivit\u00e9s locales  ;\n- l'autorisation de constitution, de modification et de dissolution des associations syndicales\nautoris\u00e9es;\n-  La signature des  courriers et  des  m\u00e9moires en r\u00e9ponse dans le cadre des  contentieux\ndevant le tribunal administratif .\nC \u2013 EN MATI\u00c8RE D'ADMINISTRATION G\u00c9N\u00c9RALE\n\uf0a8 Environnement, salubrit\u00e9 et sant\u00e9 publique  \n-  Pour les sujets relevant du code de l'environnement et du code minier, et notamment en\nmati\u00e8re d'installations class\u00e9es pour la protection de l'environnement, la d\u00e9livrance de tous\nles  actes  administratifs  (arr\u00eat\u00e9s,  r\u00e9c\u00e9piss\u00e9s  \u2026)  pour  les  \u00e9tablissements  situ\u00e9s  dans\nl'arrondissement d'Al\u00e8s ;\n- La signature de tous les actes n\u00e9cessaires au d\u00e9roulement des enqu\u00eates publiques li\u00e9es au\ncode de l'environnement \u00e0 organiser dans l'arrondissement d'Al\u00e8s  ;\n- La cr\u00e9ation, la modification ou le renouvellement des commissions de suivi de site et des\ndiverses autres commissions d'information ;\n-  La signature des  courriers et  des  m\u00e9moires en r\u00e9ponse dans le cadre des  contentieux\ndevant le tribunal administratif .\n\uf0a8 D\u00e9clarations d'utilit\u00e9 publique et servitudes  \n\u2013 la proc\u00e9dure d'int\u00e9r\u00eat g\u00e9n\u00e9ral pr\u00e9vue aux articles 175 et 176 du code rural pour les travaux\nde  d\u00e9fense des  for\u00eats  contre l'incendie,  la  proc\u00e9dure de  protection  contre les  risques\nd'inondations ;\n\u2013 les proc\u00e9dures relatives \u00e0 la mise en compatibilit\u00e9 d'un plan local d'urbanisme, pr\u00e9vue \u00e0\nl'article 123-16 du code de l'urbanisme ;\n\u2013 les  proc\u00e9dures  d'expropriation  pour  cause  d'utilit\u00e9  publique  pr\u00e9vues  par  le  code  de\nl'expropriation ;\n\u2013 la proc\u00e9dure de d\u00e9claration d'utilit\u00e9 publique des travaux d'\u00e9lectricit\u00e9 et de gaz qui ne\nn\u00e9cessitent  que  l'\u00e9tablissement  des  servitudes  ainsi  que  les  conditions  d'\u00e9tablissement\ndesdites servitudes ;\n\u2013 la proc\u00e9dure d'\u00e9tablissement des servitudes d'appui, de passage, d'\u00e9lagage et d'abattage\nen vue de la construction ou de l'extension des lignes d'\u00e9nergie \u00e9lectrique  ;\n\u2013 les autorisations de p\u00e9n\u00e9trer dans les propri\u00e9t\u00e9s priv\u00e9es pour l'\u00e9tablissement et l'entretien\ndes lignes et installations \u00e9lectriques et de t\u00e9l\u00e9communications ;\n\u2013 la  proc\u00e9dure  d'\u00e9tablissement  d'une  servitude  sur  les  fonds  priv\u00e9s  pour  la  pose  de\ncanalisations publiques d'eau ou d'assainissement pr\u00e9vue par la loi n\u00b0 62.904 du 4 ao\u00fbt\n1962 ;\n\u2013 les autorisations d'occupation temporaire des propri\u00e9t\u00e9s priv\u00e9es pr\u00e9vues par la loi du 29\nd\u00e9cembre 1892 ;\n\u2013 les r\u00e9quisitions de logements ;\n\uf0a8 Urbanisme  \n\u2013 la  constitution  des  associations  fonci\u00e8res  de  remembrement  et  approbation  de  leurs\nd\u00e9lib\u00e9rations, budgets ;\n\u2013 les lettres d'observations et recours gracieux concernant  :\n- les documents d'urbanisme\n- les actes relatifs \u00e0 l'occupation des sols \n- les zones d'am\u00e9nagement diff\u00e9r\u00e9 (Z.A.D.) ;\n\u2013 les plans de pr\u00e9vention des risques naturels et technologiques (P.P.R.N.T)  ;\n\u2013 les actes relatifs \u00e0 l'occupation des sols :\nPrefecture du Gard - 30-2024-10-18-00007 - Arr\u00eat\u00e9 donnant d\u00e9l\u00e9gation de signature \u00e0 M. Emile SOUMBO, sous-pr\u00e9fet de\nl'arrondissement d'Al\u00e8s 6\n- d\u00e9livrance  des  certificats  d'urbanisme  et  des  permis  de  construire,  d'am\u00e9nager,  de\nd\u00e9molir, projet faisant l'objet d'une d\u00e9claration pr\u00e9alable pour les communes non dot\u00e9es\nd'un plan local d'urbanisme ou de tout autre document en tenant lieu, et lorsqu'il y a une\ndivergence d'avis entre le maire et l'autorit\u00e9 administrative comp\u00e9tente du d\u00e9partement\nen mati\u00e8re d'urbanisme.\n\u2013 d\u00e9livrance  des  certificats  d'urbanisme  et  des  permis  de  construire,  d'am\u00e9nager,  de\nd\u00e9molir,  projet  faisant  l'objet  d'une  d\u00e9claration  pr\u00e9alable  dans  les  cas  \u00e9num\u00e9r\u00e9s\nlimitativement au code de l'urbanisme, o\u00f9 l'autorit\u00e9 administrative comp\u00e9tente demeure\nle pr\u00e9fet.\n\u2013 d\u00e9livrance  des  certificats  d'urbanisme  et  des  permis  de  construire,  d'am\u00e9nager,  de\nd\u00e9molir, projet faisant l'objet d'une d\u00e9claration pr\u00e9alable, lorsque les communes se sont\ndot\u00e9es d'une carte communale mais que le conseil municipal n'a pas d\u00e9lib\u00e9r\u00e9 pour le\ntransfert de comp\u00e9tence en mati\u00e8re d'urbanisme pour son propre compte.\nD \u2013 EN MATIERE ECONOMIQUE\n\u2013 toutes les d\u00e9cisions d'attribution des aides du fonds d'industrialisation du bassin minier\n(F.I.B.M.) ;\n\u2013 les  observations  et  contr\u00f4les  effectu\u00e9s  en  tant  que  commissaire  du  gouvernement  du\ngroupement d'int\u00e9r\u00eat public (GIP) Politique de la Ville Al\u00e8s C\u00e9vennes ;\n- les accus\u00e9s de r\u00e9ception des dossiers de demandes de subvention d'investissement, au sens\nde l'article 4 du d\u00e9cret du 16 d\u00e9cembre 1999 ;\n- la  signature  des  arr\u00eat\u00e9s  attributifs  de  subvention  en  ce  qui  concerne  la  dotation\nd'\u00e9quipement des territoires ruraux (DETR)  ;\nE \u2013 EN MATIERE IMMOBILIERE\n\u2013 l'authenticit\u00e9 des actes int\u00e9ressant le domaine priv\u00e9 immobilier de l'\u00c9tat, \u00e0 l'exception de\nceux comprenant des immeubles d\u00e9pendant de plusieurs arrondissements (l'ensemble des\nminutes  de  ces  actes  continueront  d'\u00eatre  archiv\u00e9es,  apr\u00e8s  publication,  dans  les\nconservations des hypoth\u00e8ques, au chef-lieu du d\u00e9partement).\nF \u2013 COMPETENCES AFFERENTES AU FONCTIONNEMENT  DE LA SOUS \u2013 PREFECTURE\n\u2013 l'octroi des cong\u00e9s annuels des agents de la sous-pr\u00e9fecture  ;\n\u2013 Programme 354   hors titre 2  : L'engagement des d\u00e9penses faites par cartes d'achats et la\nvalidation des devis dans la limite de l'enveloppe budg\u00e9taire allou\u00e9e \u00e0 la sous-pr\u00e9fecture.\nG- MISSION TEMPORAIRE : MA\u00ceTRISE D'OUVRAGE\n\u2013 tous les actes administratifs relatifs au lancement, \u00e0 la r\u00e9alisation et au suivi des \u00e9tudes et\ntravaux de s\u00e9curisation de la falaise dite \u00ab  la Royale \u00bb situ\u00e9e en lisi\u00e8re de la for\u00eat domaniale\ndu Rouvergue sur la commune de Saint Martin de Valgalgues, pour lesquels M. le sous-pr\u00e9fet\nd'Al\u00e8s a \u00e9t\u00e9 d\u00e9sign\u00e9 repr\u00e9sentant du ma\u00eetre d'ouvrage,\nPrefecture du Gard - 30-2024-10-18-00007 - Arr\u00eat\u00e9 donnant d\u00e9l\u00e9gation de signature \u00e0 M. Emile SOUMBO, sous-pr\u00e9fet de\nl'arrondissement d'Al\u00e8s 7\n\u2013 tous  les  actes  n\u00e9cessaires  \u00e0  l'engagement  des  d\u00e9penses  inh\u00e9rentes  \u00e0  cette  ma\u00eetrise\nd'ouvrage,  dans  la  limite  du  budget  attribu\u00e9  par  le  minist\u00e8re  de  l'agriculture,  de\nl'agroalimentaire et de la for\u00eat sur le BOP 723 pour la r\u00e9alisation des travaux de s\u00e9curisation.\nArticle  2     :    D\u00e9l\u00e9gation  de  signature  est  donn\u00e9e  \u00e0  M.  Emile  SOUMBO, sous-pr\u00e9fet  de\nl'arrondissement d'Al\u00e8s, pour les actes relatifs au BOP 147 \u00ab  politique de la ville  \u00bb pour les\nop\u00e9rations relevant de son arrondissement, dans la limite des cr\u00e9dits qui lui sont allou\u00e9s.\nTITRE II\nD\u00c9L\u00c9GATION POUR L'ENSEMBLE DU D\u00c9PARTEMENT\nArticle 3 : Pour les comp\u00e9tences exerc\u00e9es par la sous-pr\u00e9fecture d'Al\u00e8s pour l'ensemble du\nd\u00e9partement  du  Gard,  d\u00e9l\u00e9gation  est  donn\u00e9e  \u00e0  M.  Emile  SOUMBO, sur  l'ensemble  du\nd\u00e9partement \u00e0 l'effet de signer :\n\u2022  la d\u00e9livrance pour la totalit\u00e9 du d\u00e9partement des actes relatifs aux manifestations\nsportives :\n\u2013 l'autorisation des \u00e9preuves, courses ou comp\u00e9titions sportives devant se disputer en \ntotalit\u00e9 ou en partie sur une voie publique ou ouverte \u00e0 la circulation publique, en  \napplication du code des sports,  ;\n\u2013l'organisation de la commission d\u00e9partementale de s\u00e9curit\u00e9 routi\u00e8re  ;\n\u2013 l'autorisation des \u00e9preuves, comp\u00e9titions ou manifestations de caract\u00e8re sportif ou  \nnon, comportant la participation de v\u00e9hicules \u00e0 moteurs, organis\u00e9es dans un lieu non \nouvert \u00e0 la circulation publique, en application du code des sports  ;\n\u2013 l'homologation des terrains o\u00f9 doivent se d\u00e9rouler  des  \u00e9preuves, comp\u00e9titions et  \nmanifestations comportant la participation de v\u00e9hicules \u00e0 moteur, en application du  \ncode des sports ;\n\u2013 l'autorisation des \u00e9preuves ne comportant pas la participation de v\u00e9hicules \u00e0 moteur, \nen application du code des sports ;\n\u2013 l'homologation des circuits de karting et l'autorisation des essais ou courses de karting \n(application de l'arr\u00eat\u00e9 du 16 octobre 1996 relatif au r\u00e8glement national des circuits de \nkarting) ;\n\u2013 les autorisations d'utilisation conjointe de plusieurs polices municipales \u00e0 l'occasion de \nmanifestations exceptionnelles, notamment \u00e0 caract\u00e8re culturel, r\u00e9cr\u00e9atif ou sportif  ;\n- la d\u00e9livrance, \u00e0 titre exceptionnel, aux agents exer\u00e7ant une activit\u00e9 mentionn\u00e9e au n\u00b0 1 \nde l'article 1er de la loi n\u00b0 83-629 du 12 juillet 1983,  de l'autorisation d'exercer sur la voie \npublique des missions m\u00eame itin\u00e9rantes, de surveillance contre les vols, d\u00e9gradations et \neffractions visant les biens dont ils ont la charge ;\n\u2022 la  d\u00e9livrance,  pour  la  totalit\u00e9  du  d\u00e9partement,  des  autorisations  relatives  aux\nmanifestations a\u00e9riennes suivantes :\n- l\u00e2cher de ballonnets/lanternes,\n- pr\u00e9sentation de montgolfi\u00e8re en vol captif ou libre,\n- d\u00e9monstration de sauts en parachutes,\n-  cr\u00e9ation  d'h\u00e9lisurfaces  pour  bapt\u00eame  de  l'air  ou  d\u00e9monstration  a\u00e9rienne  en  \nh\u00e9licopt\u00e8re,\n- autorisation d'utilisation des h\u00e9lisurfaces, h\u00e9listations et hydrosurfaces,\n- d\u00e9monstration a\u00e9rienne en ULM,\n- meeting a\u00e9rien,\n- enregistrement des d\u00e9clarations de survol de drones.\n- autorisations de survol \u00e0 basse altitude pour les prises de vue a\u00e9riennes et les grands \nrassemblements,\n- autorisations relatives aux a\u00e9rodromes. \nPrefecture du Gard - 30-2024-10-18-00007 - Arr\u00eat\u00e9 donnant d\u00e9l\u00e9gation de signature \u00e0 M. Emile SOUMBO, sous-pr\u00e9fet de\nl'arrondissement d'Al\u00e8s 8\n\u2022 la d\u00e9livrance pour la totalit\u00e9 du d\u00e9partement des actes en mati\u00e8re de d\u00e9tention et\nd'utilisation  d'explosifs  :  habilitations,  agr\u00e9ments,  autorisations  individuelles\nd'exploiter un d\u00e9p\u00f4t, cessation d'activit\u00e9 des d\u00e9p\u00f4ts, certificats d'acquisition, bons de\ncommande et transports des produits.\n\u2022 l'instruction des dossiers et la d\u00e9livrance des autorisations relatives aux manifestations\nnautiques ;\n\u2022 la signature pour la totalit\u00e9 du d\u00e9partement de tout acte ou d\u00e9cision concernant : \n\u2013 les versements au titre du fonds de compensation de la T.V.A  ;\n\u2013 le  greffe  des  associations  de  type  loi  1901  et  conseil  aux  usagers,  les  fondations,\nassociations cultuelles, associations reconnues d'utilit\u00e9 publique, congr\u00e9gations, fonds de\ndotation, rescrits, dons et legs, emprunts, acquisitions et ali\u00e9nations  ;\n\u2013 la l\u00e9gislation fun\u00e9raire.\nArticle 4     : D\u00e9l\u00e9gation de signature est \u00e9galement donn\u00e9e \u00e0 M. Emile SOUMBO, sous-pr\u00e9fet de\nl'arrondissement d'Al\u00e8s, pour l'ensemble du d\u00e9partement, \u00e0 l'effet de prendre toute d\u00e9cision\nlorsqu'il assure la direction des op\u00e9rations de secours, sous l'autorit\u00e9 du pr\u00e9fet.\nArticle  5     :   Afin  de  pouvoir  assurer  la  permanence  pr\u00e9fectorale  qu'il  est  amen\u00e9  \u00e0  tenir\npendant  les  jours  non  ouvrables  (samedi,  dimanche  et  jours  f\u00e9ri\u00e9s)  ou  de  fermeture\nexceptionnelle de la pr\u00e9fecture, M. Emile SOUMBO , sous-pr\u00e9fet de l'arrondissement d'Al\u00e8s,\nd\u00e9sign\u00e9  dans  le  tableau  hebdomadaire  arr\u00eat\u00e9  par  le  pr\u00e9fet  du  Gard,  a  d\u00e9l\u00e9gation  de\nsignature  pour  l'ensemble  du  d\u00e9partement  du  Gard  \u00e0  l'effet  de  signer  les  documents\nsuivants : \n\u2013 les arr\u00eat\u00e9s de suspension des permis de conduire ;\n\u2013 les arr\u00eat\u00e9s de refus de s\u00e9jour, d'invitations \u00e0 quitter le territoire, d'obligations de\nquitter le territoire, d'assignation \u00e0 r\u00e9sidence, d'interdiction de retour et de circulation,\nde r\u00e9admission ;\n \u2013 les arr\u00eat\u00e9s de placement et de maintien en r\u00e9tention administrative et les d\u00e9cisions\nde  sortie  ainsi  que  toutes  les  r\u00e9quisitions  \u00e0  ces  fins,  les  demandes  consulaires,  les\nsaisines des  juges  judiciaires  en  mati\u00e8re  de  prolongation  de  r\u00e9tention\nadministrative ;\n\u2013 les  m\u00e9moires  et  requ\u00eates  d\u00e9pos\u00e9s  devant  les  juridictions  judiciaires  et\nadministratives ;\n\u2013 les arr\u00eat\u00e9s, d\u00e9cisions, actes, correspondances et documents en mati\u00e8re de soins \npsychiatriques sur d\u00e9cision du repr\u00e9sentant de l'\u00c9tat  ;\n\u2013 les actes pris en application de la r\u00e9glementation de la circulation conform\u00e9ment\naux dispositions des articles R225 et R225-1 du Code de la route  ;\n\u2013 les arr\u00eat\u00e9s d'immobilisation et de mise en fourri\u00e8re des v\u00e9hicules pour certaines\ninfractions, dans le cadre de la LOPPSI ;\n\u2013 les mesures d'opposition \u00e0 sortie du territoire ;\n\u2013 les  instructions  et  r\u00e9quisitions  de  forces  de  police  et  de  gendarmerie  en  vue\nd'assurer des missions de maintien de l'ordre public  ;\n\u2013 les arr\u00eat\u00e9s autorisant un transport de corps \u00e0 l'\u00e9tranger  ;\n\u2013 les arr\u00eat\u00e9s autorisant une incin\u00e9ration ;\nPrefecture du Gard - 30-2024-10-18-00007 - Arr\u00eat\u00e9 donnant d\u00e9l\u00e9gation de signature \u00e0 M. Emile SOUMBO, sous-pr\u00e9fet de\nl'arrondissement d'Al\u00e8s 9\n\u2013 les  arr\u00eat\u00e9s  interdisant  une  manifestation  publique  (manifestations  a\u00e9riennes,\nconcerts, spectacles, etc.) ;\n\u2013 les  arr\u00eat\u00e9s  autorisant  ou  interdisant  une  manifestation  sportive  sur  route  ou  \u00e0\ncaract\u00e8re nautique ;\n\u2013 les mesures de police administrative prises en application de la loi n\u00b02020-856 du 9\njuillet 2020 organisant la sortie de l'\u00e9tat d'urgence et de ses d\u00e9crets d'application .\nTITRE III\nEXCLUSION DU CHAMP DE COMPETENCE\nArticle 6 : Demeurent r\u00e9serv\u00e9es \u00e0 la signature du pr\u00e9fet :\n\u2013 toutes correspondances adress\u00e9es aux cabinets minist\u00e9riels ainsi que celles destin\u00e9es \naux administrations centrales ;\n\u2013 toutes  correspondances  adress\u00e9es  aux  pr\u00e9sidents  des  assembl\u00e9es  r\u00e9gionales  et  \nd\u00e9partementales  ainsi  que  les  r\u00e9ponses  aux  interventions  des  parlementaires,  des  \nconseillers d\u00e9partementaux et r\u00e9gionaux ;\n\u2013 toutes correspondances adress\u00e9es au pr\u00e9fet de r\u00e9gion et aux directeurs r\u00e9gionaux.\nTITRE IV\nDELEGATION EN CAS D'ABSENCE OU EMPECHEMENT\nArti  cle  7     :   En  cas  d'absence  ou  d'emp\u00eachement  de  M.  Emile  SOUMBO, sous-pr\u00e9fet  de\nl'arrondissement d'Al\u00e8s, la d\u00e9l\u00e9gation de signature qui lui est consentie pour les actes et les\nmati\u00e8res faisant l'objet des articles 1, 2 et 3 du pr\u00e9sent arr\u00eat\u00e9, pourra \u00eatre exerc\u00e9e par  :\n\uf0d8Mme Anne LEVASSEUR, sous-pr\u00e9f\u00e8te du Vigan, \n\uf0d8M. Yann GERARD, secr\u00e9taire g\u00e9n\u00e9ral de la pr\u00e9fecture du Gard, sous-pr\u00e9fet de N\u00eemes, \n\uf0d8M. Mathieu NIEPS, sous-pr\u00e9fet, charg\u00e9 de mission aupr\u00e8s du pr\u00e9fet du Gard, secr\u00e9taire \n  g\u00e9n\u00e9ral adjoint de la pr\u00e9fecture du Gard, \n\uf0d8Mme Marie-Charlotte EUVRARD, sous-pr\u00e9f\u00e8te, directrice de cabinet du pr\u00e9fet du Gard.\nArti  cle 8 :   En cas d'absence ou d'emp\u00eachement de M. Emile SOUMBO, Mme Isabelle LEBEAU,\nsecr\u00e9taire g\u00e9n\u00e9rale de la sous-pr\u00e9fecture, a d\u00e9l\u00e9gation de signature pour les actes et les\nmati\u00e8res faisant l'objet des articles 1, 2 et 3 du pr\u00e9sent arr\u00eat\u00e9, \u00e0 l'exception des mati\u00e8res ci-\napr\u00e8s d\u00e9sign\u00e9es     :  \nA \u2013 EN MATI\u00c8RE DE POLICE GENERALE ET DE POLICES SPECIALES\n\u2013 l'octroi du concours de la force publique pour l'ex\u00e9cution des jugements d'expulsion.\nB \u2013 EN MATI\u00c8RE D'ADMINISTRATION LOCALE\n\u2013 la substitution aux maires dans les cas pr\u00e9vus par les articles L.2122.34 et L.2215.1 du code\ng\u00e9n\u00e9ral des collectivit\u00e9s territoriales ;\nPrefecture du Gard - 30-2024-10-18-00007 - Arr\u00eat\u00e9 donnant d\u00e9l\u00e9gation de signature \u00e0 M. Emile SOUMBO, sous-pr\u00e9fet de\nl'arrondissement d'Al\u00e8s 10\n\u2013 l'information, \u00e0 sa demande, de l'autorit\u00e9 locale de l'intention de ne pas saisir le tribunal\nadministratif dans le cadre du contr\u00f4le administratif pr\u00e9vu par la loi du 2 mars 1982  ;\n\u2013 la cr\u00e9ation de la  commission syndicale pr\u00e9vue \u00e0 l'article L.5221.1  du  code g\u00e9n\u00e9ral des\ncollectivit\u00e9s  territoriales,  charg\u00e9e  de  l'administration  des  biens  et  droits  indivis  entre\nplusieurs communes.\nC \u2013 EN MATI\u00c8RE D'ADMINISTRATION G\u00c9N\u00c9RALE\n\u2013 l'autorisation de cr\u00e9ation, d'agrandissement, de transfert et de fermeture des cimeti\u00e8res,\nchambres fun\u00e9raires et cr\u00e9matoriums concernant l'ensemble du d\u00e9partement.\n\uf0a8 Environnement, salubrit\u00e9 et sant\u00e9 publique  \n\u2013 en mati\u00e8re d'installations class\u00e9es pour la protection de l'environnement  :\n1/  tous  les  actes  concernant  l'enqu\u00eate publique pour  les  installations\nsoumises \u00e0 autorisation (arr\u00eat\u00e9s d'ouverture, reports\u2026),\n2/ les arr\u00eat\u00e9s de prescription, de mise en demeure et de prorogation de\nd\u00e9lai,\n3/ les arr\u00eat\u00e9s d'autorisation et les arr\u00eat\u00e9s compl\u00e9mentaires,\n4/ les arr\u00eat\u00e9s de consignation.\n\u2013 la cr\u00e9ation et le renouvellement des commissions de suivi des sites CSS.\n\uf0a8 D\u00e9clarations d'utilit\u00e9 publique et servitudes  \n\u2013 la proc\u00e9dure d'int\u00e9r\u00eat g\u00e9n\u00e9ral pr\u00e9vue aux articles 175 et 176 du code rural pour les travaux\nde  d\u00e9fense des  for\u00eats  contre l'incendie,  la  proc\u00e9dure de  protection  contre les  risques\nd'inondations ;\n\u2013 les  proc\u00e9dures  d'expropriation  pour  cause  d'utilit\u00e9  publique  pr\u00e9vues  par  le  code  de\nl'expropriation ;\n\u2013 la proc\u00e9dure de d\u00e9claration d'utilit\u00e9 publique des travaux d'\u00e9lectricit\u00e9 et de gaz qui ne\nn\u00e9cessitent  que  l'\u00e9tablissement  des  servitudes  ainsi  que  les  conditions  d'\u00e9tablissement\ndesdites servitudes ;\n\u2013 la proc\u00e9dure d'\u00e9tablissement des servitudes d'appui, de passage, d'\u00e9lagage et d'abattage\nen vue de la construction ou de l'extension des lignes d'\u00e9nergie \u00e9lectrique  ;\n\u2013 les autorisations de p\u00e9n\u00e9trer dans les propri\u00e9t\u00e9s priv\u00e9es pour l'\u00e9tablissement et l'entretien\ndes lignes et installations \u00e9lectriques et de t\u00e9l\u00e9communications ;\n\u2013 la  proc\u00e9dure  d'\u00e9tablissement  d'une  servitude  sur  les  fonds  priv\u00e9s  pour  la  pose  de\ncanalisations publiques d'eau ou d'assainissement pr\u00e9vue par la loi n\u00b0 62.904 du 4 ao\u00fbt\n1962;\n\u2013 les autorisations d'occupation temporaire des propri\u00e9t\u00e9s priv\u00e9es pr\u00e9vues par la loi du 29\nd\u00e9cembre 1892 .\nD \u2013 EN MATI\u00c8RE \u00c9CONOMIQUE\n\u2013 toutes les d\u00e9cisions d'attribution des aides du fonds d'industrialisation du bassin minier\n(F.I.B.M.);\n- les  observations  et  contr\u00f4les  effectu\u00e9s  en  tant  que  commissaire  du  gouvernement  du\ngroupement d'int\u00e9r\u00eat public (GIP) Politique de la Ville Al\u00e8s C\u00e9vennes ;\n\u2013 la  signature  des  arr\u00eat\u00e9s  attributifs  de  subvention  en  ce  qui  concerne  la  dotation\nd'\u00e9quipement des territoires ruraux (DETR)  ;\nPrefecture du Gard - 30-2024-10-18-00007 - Arr\u00eat\u00e9 donnant d\u00e9l\u00e9gation de signature \u00e0 M. Emile SOUMBO, sous-pr\u00e9fet de\nl'arrondissement d'Al\u00e8s 11\nE \u2013 EN MATI\u00c8RE IMMOBILI\u00c8RE\n\u2013 l'authenticit\u00e9 des actes int\u00e9ressant le domaine priv\u00e9 immobilier de l'\u00c9tat.\nArticle  9     :   En  cas  d'absence  ou  d'emp\u00eachement  de  M.  Emile  SOUMBO, sous-pr\u00e9fet  de\nl'arrondissement  d'Al\u00e8s, ou  de  Mme  Isabelle  LEBEAU,  secr\u00e9taire  g\u00e9n\u00e9rale  de  la  sous-\npr\u00e9fecture d'Al\u00e8s, Mme Nathalie FERNANDEZ  , M. Bruno AMAT  et M. Alain POUGET, chefs\nde  bureau,  re\u00e7oivent  d\u00e9l\u00e9gation  de  signature  pour  les  lettres  de  transmission  et  de\ndemandes  d'avis  ainsi  que  pour  toutes  correspondances  courantes  n'emportant  pas\nd\u00e9cisions.\nLes chefs de bureau pr\u00e9-cit\u00e9s re\u00e7oivent \u00e9galement d\u00e9l\u00e9gation de signature pour les actes et\nmati\u00e8res ci-apr\u00e8s d\u00e9sign\u00e9s :\n\u2013 les r\u00e9c\u00e9piss\u00e9s de revendeurs d'objets mobiliers ;\n\u2013 l'autorisation  des  transports  de  corps  ou  d'urne  en  dehors  du  territoire  m\u00e9tropolitain\n(comp\u00e9tence d\u00e9partementale) ;\n\u2013 les  d\u00e9rogations  au  d\u00e9lai  d'inhumation/de  cr\u00e9mation  et  les  inhumations  en  propri\u00e9t\u00e9s\npriv\u00e9es (comp\u00e9tence d\u00e9partementale) ;\n\u2013 les actes relatifs au  greffe des associations de type loi 1901 aux  fondations, associations\ncultuelles,  associations  reconnues  d'utilit\u00e9  publique,  congr\u00e9gations,  fonds  de  dotation,\nrescrits, dons et legs, emprunts, acquisitions et ali\u00e9nations pour la totalit\u00e9 du d\u00e9partement ;\n-la  validation  pour  le  versement  du  fonds  de  compensation  de  la  TVA  (FCTVA),  pour\nl'ensemble du d\u00e9partement.\nArticle    10     :   L'arr\u00eat\u00e9 du  16 septembre 2024  publi\u00e9 au recueil des actes administratifs de la\npr\u00e9fecture du Gard sous le n\u00b0  30-2024-09-16-00012 portant d\u00e9l\u00e9gation de signature de  M.\nEmile SOUMBO, sous-pr\u00e9fet de l'arrondissement d'Al\u00e8s est abrog\u00e9.\nArticle   11   : Le pr\u00e9sent arr\u00eat\u00e9 prend effet \u00e0 compter de sa date de publication.\nArticle  12  :   Le  sous-pr\u00e9fet  d'Al\u00e8s,  la  sous-pr\u00e9f\u00e8te  du  Vigan,  le  secr\u00e9taire  g\u00e9n\u00e9ral  de  la\npr\u00e9fecture, sous-pr\u00e9fet de N\u00eemes, le sous-pr\u00e9fet  charg\u00e9 de mission aupr\u00e8s du pr\u00e9fet du Gard\nsecr\u00e9taire g\u00e9n\u00e9ral adjoint et la sous-pr\u00e9f\u00e8te directrice de cabinet du pr\u00e9fet du Gard  sont\ncharg\u00e9s, chacun en ce qui le concerne, de l'ex\u00e9cution du pr\u00e9sent arr\u00eat\u00e9, qui sera publi\u00e9 au\nrecueil des actes administratifs de la pr\u00e9fecture.\nN\u00eemes, le 18 octobre 2024\n    Le Pr\u00e9fet,\n                              sign\u00e9\n  J\u00e9r\u00f4me BONET\nPrefecture du Gard - 30-2024-10-18-00007 - Arr\u00eat\u00e9 donnant d\u00e9l\u00e9gation de signature \u00e0 M. Emile SOUMBO, sous-pr\u00e9fet de\nl'arrondissement d'Al\u00e8s 12\nPrefecture du Gard\n30-2024-10-18-00006\nArr\u00eat\u00e9 donnant d\u00e9l\u00e9gation de signature \u00e0 M.\nMathias NIEPS, sous-pr\u00e9fet, charg\u00e9 de mission\naupr\u00e8s du pr\u00e9fet du Gard, secr\u00e9taire g\u00e9n\u00e9ral\nadjoint de la pr\u00e9fecture du Gard\nPrefecture du Gard - 30-2024-10-18-00006 - Arr\u00eat\u00e9 donnant d\u00e9l\u00e9gation de signature \u00e0 M. Mathias NIEPS, sous-pr\u00e9fet, charg\u00e9 de mission\naupr\u00e8s du pr\u00e9fet du Gard, secr\u00e9taire g\u00e9n\u00e9ral adjoint de la pr\u00e9fecture du Gard 13\n=PREFETDU GARDLibert\u00e9\u00c9galit\u00e9Fraternit\u00e9\nDirection de la citoyennet\u00e9, de la l\u00e9galit\u00e9 et de la coordination\nService de la coordination des politiques publiques et de l'appui territorial\nArr\u00eat\u00e9\ndonnant d\u00e9l\u00e9gation de signature \u00e0 M. Mathias NIEPS\nsous-pr\u00e9fet, charg\u00e9 de mission aupr\u00e8s du pr\u00e9fet du Gard, \nsecr\u00e9taire g\u00e9n\u00e9ral adjoint de la pr\u00e9fecture du Gard\nLe pr\u00e9fet du Gard\nChevalier de la L\u00e9gion d'honneur,\nChevalier de l'ordre national du M\u00e9rite \nVu la  loi  n\u00b0  82-213  du  2  mars  1982  relative  aux  droits  et  libert\u00e9s  des  communes,  des\nd\u00e9partements et des r\u00e9gions, notamment son article 34 ;\nVu la loi n\u00b0 2003-710 du 1 er ao\u00fbt 2003 modifi\u00e9e d'orientation et de programmation pour la\nville et la r\u00e9novation urbaine ;\nVu la loi n\u00b02006-396 du 31 mars 2006 modifi\u00e9e pour l'\u00e9galit\u00e9 des chances ;\nVu la loi n\u00b0211-803 du 5 juillet 2011 relative aux droits et \u00e0 la protection des personnes faisant\nl'objet de soins psychiatriques et aux modalit\u00e9s de leur prise en charge ;\nVu le d\u00e9cret n\u00b0 97.34 du 15 janvier 1997 modifi\u00e9 relatif \u00e0 la d\u00e9concentration des d\u00e9cisions\nadministratives individuelles ;\nVu le d\u00e9cret n\u00b0 2004-374 du 29 avril 2004, modifi\u00e9 par le d\u00e9cret 2010-146 du 16 f\u00e9vrier 2010\nrelatif, aux pouvoirs des pr\u00e9fets, \u00e0 l'organisation et \u00e0 l'action des services de l'\u00c9tat dans les\nr\u00e9gions et d\u00e9partements ;\nVu le d\u00e9cret n\u00b0 2015-510 du 7 mai 2015 portant charte de la d\u00e9concentration ;\nVu  le d\u00e9cret du 2 mars 2023, nommant  Mme Anne LEVASSEUR , inspectrice hors classe de\nl'action sanitaire et sociale, sous-pr\u00e9f\u00e8te du Vigan ;\nVu le d\u00e9cret du 13 juillet 2023 nommant M. J\u00e9r\u00f4me BONET, pr\u00e9fet du Gard ;\nVu le d\u00e9cret du 22 ao\u00fbt 2023 nommant M. Emile SOUMBO, sous-pr\u00e9fet d'Al\u00e8s ; \nVu le d\u00e9cret du 25 octobre 2023 nommant M. Mathias NIEPS, sous-pr\u00e9fet charg\u00e9 de mission\naupr\u00e8s du pr\u00e9fet du Gard, secr\u00e9taire g\u00e9n\u00e9ral adjoint de la pr\u00e9fecture du Gard ;\nVu le d\u00e9cret du 24 avril 2024 nommant  M. Yann GERARD, secr\u00e9taire g\u00e9n\u00e9ral de la pr\u00e9fecture\ndu Gard, sous-pr\u00e9fet de Nimes ;\nVu le d\u00e9cret du 9 octobre 2024, nommant  Mme Marie-Charlotte EUVRARD,  sous-pr\u00e9f\u00e8te,\ndirectrice de cabinet du pr\u00e9fet du Gard ;\nVu l'arr\u00eat\u00e9 pr\u00e9fectoral n\u00b0 30-2024-08-28-00003 du 28 ao\u00fbt 2024 portant organisation en\ndirections, services et bureaux de la pr\u00e9fecture du Gard, \nVu l'arr\u00eat\u00e9 n\u00b0 30-2024-10-18-00006 du 18 octobre 2024 donnant d\u00e9l\u00e9gation de signature \u00e0 M.\nYann GERARD, secr\u00e9taire g\u00e9n\u00e9ral de la pr\u00e9fecture du Gard\nSur proposition du secr\u00e9taire g\u00e9n\u00e9ral de la pr\u00e9fecture du Gard ;\nPrefecture du Gard - 30-2024-10-18-00006 - Arr\u00eat\u00e9 donnant d\u00e9l\u00e9gation de signature \u00e0 M. Mathias NIEPS, sous-pr\u00e9fet, charg\u00e9 de mission\naupr\u00e8s du pr\u00e9fet du Gard, secr\u00e9taire g\u00e9n\u00e9ral adjoint de la pr\u00e9fecture du Gard 14\nArr\u00eate\nArticle 1     :  D\u00e9l\u00e9gation est donn\u00e9e \u00e0 M. Mathias NIEPS,  sous-pr\u00e9fet, charg\u00e9 de mission aupr\u00e8s\ndu pr\u00e9fet du Gard, secr\u00e9taire g\u00e9n\u00e9ral adjoint de la pr\u00e9fecture du Gard, \u00e0 l'effet de signer : \n\uf0d8 les correspondances et documents se rapportant \u00e0 la coordination, \u00e0 l'animation et \u00e0 \nla mise en \u0153uvre de la politique de la ville avec ses dispositifs d'accompagnements et \ncr\u00e9dits y aff\u00e9rents dans le d\u00e9partement du Gard ;\n\uf0d8 en mati\u00e8re financi\u00e8re, l'engagement  des d\u00e9penses faites par cartes d'achats et la  \nvalidation des devis dans la limite de l'enveloppe budg\u00e9taire allou\u00e9e au centre co\u00fbt de la \npr\u00e9fecture, pour le programme 354 \u00ab administration territoriale de l'\u00c9tat \u00bb ;\n\uf0d8 les d\u00e9cisions d'engagement et de paiement des cr\u00e9dits se rapportant \u00e0 la politique de \nla ville, pour les programmes suivants :\n\u2192 programme 147  \u00ab politique de la ville \u00bb,\n\u2192  programme 119  \u00ab dotation politique de la ville \u00bb\nArticle 2:  En cas d 'absence ou d'emp\u00eachement de M. Yann GERARD, secr\u00e9taire g\u00e9n\u00e9ral de la\npr\u00e9fecture  du  Gard,  sous-pr\u00e9fet  de  N\u00eemes, la  d\u00e9l\u00e9gation  de  signature  est  donn\u00e9e,  selon\nl'ordre suivant, \u00e0 :\n\uf0d8 M. Mathias NIEPS, sous-pr\u00e9fet, charg\u00e9 de mission aupr\u00e8s du pr\u00e9fet du Gard, secr\u00e9taire \n  g\u00e9n\u00e9ral adjoint de la pr\u00e9fecture du Gard,\n\uf0d8 M. Emile SOUMBO, sous-pr\u00e9fet d'Al\u00e8s,\n\uf0d8 Mme Marie-Charlotte EUVRARD, sous-pr\u00e9f\u00e8te, directrice de cabinet du pr\u00e9fet du Gard,\n\uf0d8 Mme Anne LEVASSEUR, sous-pr\u00e9f\u00e8te du Vigan,\n\u00e0  l'effet  de  signer  tous  actes,  arr\u00eat\u00e9s,  d\u00e9cisions,  circulaires,  requ\u00eates  juridictionnelles,\nrapports,  correspondances,  et  documents  relevant  des  attributions  de  l'\u00c9tat  dans  le\nd\u00e9partement du Gard, y compris les saisines du Juge des libert\u00e9s et de la d\u00e9tention aux fins\nde prolongation de la r\u00e9tention administrative d'un \u00e9tranger ainsi que les mesures de police\nadministrative prises en application de la loi n\u00b02020-856 du 9 juillet 2020 organisant la sortie\nde l'\u00e9tat d'urgence et de ses d\u00e9crets d'application, \u00e0 l'exception :\n\uf0d8 des r\u00e9quisitions prises en application du code de la D\u00e9fense,\n\uf0d8 de la r\u00e9quisition des comptables publics r\u00e9gie par le d\u00e9cret n\u00b0 2012-1246 du 7 \n    novembre 2012 relatif \u00e0 la gestion budg\u00e9taire et comptable publique,\n\uf0d8 des arr\u00eat\u00e9s de conflit.\nArticle 3     :  Demeurent r\u00e9serv\u00e9es \u00e0 la signature du pr\u00e9fet :\n\uf0d8 toutes correspondances adress\u00e9es aux cabinets minist\u00e9riels ainsi que celles destin\u00e9es \n    aux administrations centrales ;\n\uf0d8 toutes  correspondances  adress\u00e9es  aux  pr\u00e9sidents  des  assembl\u00e9es  r\u00e9gionales  et  \nd\u00e9partementales  ainsi  que  les  r\u00e9ponses  aux  interventions  des  parlementaires,  des  \nconseillers d\u00e9partementaux et r\u00e9gionaux ;\n\uf0d8 toutes correspondances adress\u00e9es au pr\u00e9fet de r\u00e9gion et aux directeurs r\u00e9gionaux.\nArticle  4     :    En  cas  d'absence  ou  d'emp\u00eachement  de  Mme  Marie-Charlotte  EUVRARD ,\ndirectrice de cabinet du pr\u00e9fet, d\u00e9l\u00e9gation de signature est donn\u00e9e,  selon l'ordre suivant, \u00e0\n\uf0d8 M. Mathias NIEPS, sous-pr\u00e9fet, charg\u00e9 de mission aupr\u00e8s du pr\u00e9fet du Gard, secr\u00e9taire\n           g\u00e9n\u00e9ral adjoint de la pr\u00e9fecture du Gard\nPrefecture du Gard - 30-2024-10-18-00006 - Arr\u00eat\u00e9 donnant d\u00e9l\u00e9gation de signature \u00e0 M. Mathias NIEPS, sous-pr\u00e9fet, charg\u00e9 de mission\naupr\u00e8s du pr\u00e9fet du Gard, secr\u00e9taire g\u00e9n\u00e9ral adjoint de la pr\u00e9fecture du Gard 15\n\uf0d8  M. Yann GERARD, sous-pr\u00e9fet, secr\u00e9taire g\u00e9n\u00e9ral de la pr\u00e9fecture du Gard, sous-pr\u00e9fet\nde N\u00eemes,\n\uf0d8 M. Emile SOUMBO, sous-pr\u00e9fet d'Al\u00e8s,\n\uf0d8 Mme Anne LEVASSEUR, sous-pr\u00e9f\u00e8te du Vigan,\npour signer les d\u00e9cisions et actes relevant de la comp\u00e9tence du Cabinet et des services qui lui\nsont rattach\u00e9s dans le cadre des dispositions de la d\u00e9l\u00e9gation de signature dont il est titulaire.\nArticle 5     :   En cas d'absence ou d'emp\u00eachement de M. Mathias NIEPS, sous-pr\u00e9fet, charg\u00e9 de\nmission aupr\u00e8s du pr\u00e9fet du Gard, secr\u00e9taire g\u00e9n\u00e9ral adjoint de la pr\u00e9fecture du Gard, la\nd\u00e9l\u00e9gation de signature qui lui est conf\u00e9r\u00e9e sera exerc\u00e9e par ordre de priorit\u00e9 suivant :\n  \uf0d8 M. Yann GERARD, secr\u00e9taire g\u00e9n\u00e9ral de la pr\u00e9fecture du Gard, sous-pr\u00e9fet de N\u00eemes,\n\uf0d8 M. Emile SOUMBO, sous-pr\u00e9fet d'Al\u00e8s,\n\uf0d8 Mme Anne LEVASSEUR, sous-pr\u00e9f\u00e8te du Vigan,\n\uf0d8 Mme Marie-Charlotte EUVRARD, sous-pr\u00e9f\u00e8te, directrice de cabinet du pr\u00e9fet.\nArticle 6     :   D\u00e9l\u00e9gation de signature est \u00e9galement donn\u00e9e \u00e0  M. Mathias NIEPS,  sous-pr\u00e9fet,\ncharg\u00e9e de mission aupr\u00e8s du pr\u00e9fet du Gard, secr\u00e9taire g\u00e9n\u00e9ral adjoint de la pr\u00e9fecture pour\nl'ensemble du d\u00e9partement, \u00e0 l'effet de prendre  : toute d\u00e9cision lorsqu'il assure la direction\ndes op\u00e9rations de secours, sous l'autorit\u00e9 du pr\u00e9fet.\nArticle 7     :   Afin de pouvoir assurer la permanence pr\u00e9fectorale qu'il est amen\u00e9 \u00e0 tenir pendant\nles jours non ouvrables (samedi, dimanche et jours f\u00e9ri\u00e9s) ou de fermeture exceptionnelle de\nla pr\u00e9fecture, M. Mathias NIEPS,  sous-pr\u00e9fet, charg\u00e9e de mission aupr\u00e8s du pr\u00e9fet du Gard,\nsecr\u00e9taire g\u00e9n\u00e9ral adjoint de la pr\u00e9fecture, d\u00e9sign\u00e9e dans le tableau hebdomadaire arr\u00eat\u00e9 par\nle pr\u00e9fet du Gard, a d\u00e9l\u00e9gation de signature pour l'ensemble du d\u00e9partement du Gard \u00e0\nl'effet de signer les documents suivants : \n les arr\u00eat\u00e9s de suspension des permis de conduire ;\n\u2013 les arr\u00eat\u00e9s de refus de s\u00e9jour, d'invitations \u00e0 quitter le territoire, d'obligations de\nquitter le territoire, d'assignation \u00e0 r\u00e9sidence, d'interdiction de retour et de circulation,\nde r\u00e9admission ;\n\u2013 les arr\u00eat\u00e9s de placement et de maintien en r\u00e9tention administrative et les d\u00e9cisions de\nsortie ainsi que toutes les r\u00e9quisitions \u00e0 ces fins, les demandes consulaires, les saisines\ndes juges judiciaires en mati\u00e8re de prolongation de r\u00e9tention administrative ;\n\u2013 les m\u00e9moires et requ\u00eates d\u00e9pos\u00e9s devant les juridictions judiciaires et administratives ;\n\u2013 les arr\u00eat\u00e9s, d\u00e9cisions, actes, correspondances et documents en mati\u00e8re de soins \npsychiatriques sur d\u00e9cision du repr\u00e9sentant de l'\u00c9tat ;\n\u2013 les actes pris en application de la r\u00e9glementation de la circulation conform\u00e9ment\naux dispositions des articles R225 et R225-1 du Code de la route ;\n\u2013 les arr\u00eat\u00e9s d'immobilisation et de mise en fourri\u00e8re des v\u00e9hicules pour certaines\ninfractions, dans le cadre de la LOPPSI ;\n\u2013 les mesures d'opposition \u00e0 sortie du territoire.\n\u2013 les  instructions  et  r\u00e9quisitions  de  forces  de  police  et  de  gendarmerie  en  vue\nd'assurer des missions de maintien de l'ordre public ;\n\u2013 les arr\u00eat\u00e9s autorisant un transport de corps \u00e0 l'\u00e9tranger ;\n\u2013 les arr\u00eat\u00e9s autorisant une incin\u00e9ration ;\n\u2013 les  arr\u00eat\u00e9s  interdisant  une  manifestation  publique  (manifestations  a\u00e9riennes,\nconcerts, spectacles, etc.) ;\nPrefecture du Gard - 30-2024-10-18-00006 - Arr\u00eat\u00e9 donnant d\u00e9l\u00e9gation de signature \u00e0 M. Mathias NIEPS, sous-pr\u00e9fet, charg\u00e9 de mission\naupr\u00e8s du pr\u00e9fet du Gard, secr\u00e9taire g\u00e9n\u00e9ral adjoint de la pr\u00e9fecture du Gard 16\n\u2013 les  arr\u00eat\u00e9s  autorisant  ou  interdisant  une  manifestation  sportive  sur  route  ou  \u00e0\ncaract\u00e8re nautique ;\n\u2013 les mesures de police administrative prises en application de la loi n\u00b02020-856 du 9\njuillet 2020 organisant la sortie de l'\u00e9tat d'urgence et de ses d\u00e9crets d'application.\nArticle  8     :   L'arr\u00eat\u00e9  pr\u00e9fectoral  n\u00b0  30-2024-09-16-00011 du  16  septembre 2024  donnant\nd\u00e9l\u00e9gation de signature \u00e0 M. Mathias NIEPS, sous-pr\u00e9fet, charg\u00e9e de mission aupr\u00e8s du pr\u00e9fet\ndu Gard, secr\u00e9taire g\u00e9n\u00e9ral adjoint de la pr\u00e9fecture du Gard est abrog\u00e9 ;\nArticle 9     :   Le pr\u00e9sent arr\u00eat\u00e9 prend effet \u00e0 compter de sa date de publication.\nArticle  10 :  Le  secr\u00e9taire  g\u00e9n\u00e9ral  de  la  pr\u00e9fecture,  sous  pr\u00e9fet  de  N\u00eemes ;  le  sous-pr\u00e9fet,\ncharg\u00e9 de mission aupr\u00e8s du pr\u00e9fet du Gard secr\u00e9taire g\u00e9n\u00e9ral adjoint de la pr\u00e9fecture  ; le\nsous-pr\u00e9fet d'Al\u00e8s ; la sous-pr\u00e9f\u00e8te du Vigan et la sous-pr\u00e9f\u00e8te directrice de cabinet du pr\u00e9fet\ndu Gard sont charg\u00e9s, chacun en ce qui le concerne, de l'ex\u00e9cution du pr\u00e9sent arr\u00eat\u00e9 qui sera\nins\u00e9r\u00e9 au recueil des actes administratifs de la pr\u00e9fecture du Gard.\nN\u00eemes, le 18 octobre 2024\n    Le pr\u00e9fet,\n        sign\u00e9\n   J\u00e9r\u00f4me BONET\nPrefecture du Gard - 30-2024-10-18-00006 - Arr\u00eat\u00e9 donnant d\u00e9l\u00e9gation de signature \u00e0 M. Mathias NIEPS, sous-pr\u00e9fet, charg\u00e9 de mission\naupr\u00e8s du pr\u00e9fet du Gard, secr\u00e9taire g\u00e9n\u00e9ral adjoint de la pr\u00e9fecture du Gard 17\nPrefecture du Gard\n30-2024-10-18-00005\nArr\u00eat\u00e9 donnant d\u00e9l\u00e9gation de signature \u00e0 M.\nYann GERARD, secr\u00e9taire g\u00e9n\u00e9ral de la\npr\u00e9fecrure du Gard, sous-pr\u00e9fet de N\u00eemes\nPrefecture du Gard - 30-2024-10-18-00005 - Arr\u00eat\u00e9 donnant d\u00e9l\u00e9gation de signature \u00e0 M. Yann GERARD, secr\u00e9taire g\u00e9n\u00e9ral de la\npr\u00e9fecrure du Gard, sous-pr\u00e9fet de N\u00eemes 18\nExPREFETDU GARDLibert\u00e9\u00c9galit\u00e9Fraternit\u00e9\nPr\u00e9fecture -Direction de la citoyennet\u00e9 de la l\u00e9galit\u00e9 \net de la coordination\nService de la coordination des \npolitiques publiques et \nde l'appui territorial\nArr\u00eat\u00e9\ndonnant d\u00e9l\u00e9gation de signature \u00e0 M. Yann GERARD, \nsecr\u00e9taire g\u00e9n\u00e9ral de la pr\u00e9fecture du Gard, sous-pr\u00e9fet de N\u00eemes\nLe pr\u00e9fet du Gard\nChevalier de la L\u00e9gion d'honneur,\nChevalier de l'ordre national du M\u00e9rite \nVu la  loi  n\u00b0  82-213  du  2  mars  1982  relative  aux  droits  et  libert\u00e9s  des  communes,  des\nd\u00e9partements et des r\u00e9gions, notamment son article 34 ;\nVu la loi n\u00b0211-803 du 5 juillet 2011 relative aux droits et \u00e0 la protection des personnes faisant\nl'objet de soins psychiatriques et aux modalit\u00e9s de leur prise en charge ;\nVu le d\u00e9cret n\u00b0 97 .34 du 15 janvier 1997 modifi\u00e9 relatif \u00e0 la d\u00e9concentration des d\u00e9cisions\nadministratives individuelles ;\nVu le d\u00e9cret n\u00b0 2004-374 du 29 avril 2004 modifi\u00e9 par le d\u00e9cret 2010-146 du 16 f\u00e9vrier 2010\nrelatif aux pouvoirs des pr\u00e9fets, \u00e0 l'organisation et \u00e0 l'action des services de l'\u00c9tat dans les\nr\u00e9gions et d\u00e9partements ;\nVu le d\u00e9cret n\u00b0 2008-158 du 22 f\u00e9vrier 2008 relatif \u00e0 la suppl\u00e9ance des Pr\u00e9fets de r\u00e9gion et \u00e0 la\nd\u00e9l\u00e9gation de signature des Pr\u00e9fets et des Hauts Commissaires de la R\u00e9publique en Polyn\u00e9sie\nfran\u00e7aise et en Nouvelle-Cal\u00e9donie ;\nVu le d\u00e9cret n\u00b0 2009-176 du 16 f\u00e9vrier 2009 modifiant le d\u00e9cret n\u00b0 64-805 du 29 juillet 1964\nfixant les dispositions r\u00e9glementaires applicables aux pr\u00e9fets et le d\u00e9cret n\u00b0 2004-374 du 29\navril 2004 relatif aux pouvoirs des pr\u00e9fets, \u00e0 l'organisation et \u00e0 l'action des services de l'\u00c9tat\ndans les r\u00e9gions et d\u00e9partements ;\nVu le d\u00e9cret n\u00b0 2015-510 du 7 mai 2015 portant charte de la d\u00e9concentration ;\nVu  le d\u00e9cret du 2 mars 2023, nommant  Mme Anne LEVASSEUR , inspectrice hors classe de\nl'action sanitaire et sociale, sous-pr\u00e9f\u00e8te du Vigan ;\nVu le d\u00e9cret du 13 juillet 2023 nommant M. J\u00e9r\u00f4me BONET, pr\u00e9fet du Gard ;\nVu le d\u00e9cret  22 ao\u00fbt 2023 nommant M. Emile SOUMBO, sous-pr\u00e9fet d'Al\u00e8s ; \nVu le d\u00e9cret du 25 octobre 2023 nommant M. Mathias NIEPS , sous-pr\u00e9fet charg\u00e9 de mission\naupr\u00e8s du pr\u00e9fet du Gard, secr\u00e9taire g\u00e9n\u00e9ral adjoint de la pr\u00e9fecture du Gard ;\nVu le d\u00e9cret du 24 avril 2024 nommant  M. Yann GERARD, secr\u00e9taire g\u00e9n\u00e9ral de la pr\u00e9fecture\ndu Gard, sous-pr\u00e9fet de N\u00eemes ;\nVu le d\u00e9cret du 9 octobre 2024, nommant  Mme Marie-Charlotte EUVRARD,  sous-pr\u00e9f\u00e8te,\ndirectrice de cabinet du pr\u00e9fet du Gard ;\nVu l'arr\u00eat\u00e9 30-2024-08-28-000-03 du 28 ao\u00fbt 2024 portant organisation en directions, services\net bureaux de la pr\u00e9fecture du Gard, \nPrefecture du Gard - 30-2024-10-18-00005 - Arr\u00eat\u00e9 donnant d\u00e9l\u00e9gation de signature \u00e0 M. Yann GERARD, secr\u00e9taire g\u00e9n\u00e9ral de la\npr\u00e9fecrure du Gard, sous-pr\u00e9fet de N\u00eemes 19\nArr\u00eate \nArticle 1  : D\u00e9l\u00e9gation de signature est donn\u00e9e \u00e0 M. Yann GERARD,  secr\u00e9taire g\u00e9n\u00e9ral de la\npr\u00e9fecture du Gard,  sous-pr\u00e9fet de N\u00eemes,  \u00e0 l'effet de signer tous actes, arr\u00eat\u00e9s, d\u00e9cisions,\ncirculaires, requ\u00eates juridictionnelles, rapports, correspondances, et documents relevant des\nattributions de l'\u00c9tat dans le d\u00e9partement du Gard, y compris les saisines du Juge des libert\u00e9s\net de la d\u00e9tention aux fins de prolongation de la r\u00e9tention administrative d'un \u00e9tranger ainsi\nque les mesures de police administrative prises en application de la loi n\u00b02020-856 du 9 juillet\n2020 organisant la sortie de l'\u00e9tat d'urgence et de ses d\u00e9crets d'application, \u00e0 l'exception :\n\uf0d8 des r\u00e9quisitions prises en application du code de la D\u00e9fense,\n\uf0d8 de la r\u00e9quisition des comptables publics r\u00e9gie par le d\u00e9cret n\u00b0 2012-1246 du 7  \n     novembre 2012 relatif \u00e0 la gestion budg\u00e9taire et comptable publique,\n\uf0d8 des arr\u00eat\u00e9s de conflit.\nArticle  2     :   En  cas  d'absence  ou  d'emp\u00eachement  de  M.  Yann  GERARD,  la  d\u00e9l\u00e9gation  de\nsignature pr\u00e9vue \u00e0 l'article 1 est d\u00e9volue, selon l'ordre suivant, \u00e0 :\n\uf0d8 M. Mathieu NIEPS, sous-pr\u00e9fet, charg\u00e9 de mission aupr\u00e8s du pr\u00e9fet du Gard, secr\u00e9taire \n  g\u00e9n\u00e9ral adjoint de la pr\u00e9fecture du Gard,\n\uf0d8 M. Emile SOUMBO, sous-pr\u00e9fet d'Al\u00e8s,\n\uf0d8 Mme Marie-Charlotte EUVRARD, sous-pr\u00e9f\u00e8te, directrice de cabinet du pr\u00e9fet du Gard.\n\uf0d8 Mme Anne LEVASSEUR, sous-pr\u00e9f\u00e8te du Vigan,\nArticle  3     :   En  cas  d'absence  ou  d'emp\u00eachement  de  Mme  Marie-Charlotte  EUVRARD,\ndirectrice de cabinet du pr\u00e9fet du Gard, la  d\u00e9l\u00e9gation de signature qui lui est consentie\npourra \u00eatre exerc\u00e9e par M. Yann GERARD, secr\u00e9taire g\u00e9n\u00e9ral de la pr\u00e9fecture, sous-pr\u00e9fet de\nN\u00eemes, \u00e0 l'effet de signer les d\u00e9cisions et actes relevant de la comp\u00e9tence du pr\u00e9fet et exclus\nde la subd\u00e9l\u00e9gation du cabinet et des services qui lui sont rattach\u00e9s.\nArticle 4     :   D\u00e9l\u00e9gation de signature est \u00e9galement donn\u00e9e \u00e0  M. Yann GERARD , secr\u00e9taire\ng\u00e9n\u00e9ral de la pr\u00e9fecture du Gard, sous-pr\u00e9fet de N\u00eemes, pour l'ensemble du d\u00e9partement, \u00e0\nl'effet de prendre toute d\u00e9cision lorsqu'il assure la direction des op\u00e9rations de secours, sous\nl'autorit\u00e9 du pr\u00e9fet.\nArtcile 5     : Afin de pouvoir assurer la permanence pr\u00e9fectorale qu'il est amen\u00e9 \u00e0 tenir pendant\nles jours non ouvrables (samedi, dimanche et jours f\u00e9ri\u00e9s) ou de fermeture exceptionnelle de\nla pr\u00e9fecture,  M.  Yann GERARD, secr\u00e9taire g\u00e9n\u00e9ral de la pr\u00e9fecture, sous-pr\u00e9fet de N\u00eemes,\nd\u00e9sign\u00e9 dans le tableau hebdomadaire arr\u00eat\u00e9 par le pr\u00e9fet du Gard, a d\u00e9l\u00e9gation de signature\npour l'ensemble du d\u00e9partement du Gard \u00e0 l'effet de signer les documents suivants : \n\u2013 les arr\u00eat\u00e9s de suspension des permis de conduire ;\n\u2013 les  arr\u00eat\u00e9s  de  refus  de  s\u00e9jour,  d'invitations  \u00e0  quitter  le  territoire,  d'obligations  de\nquitter le territoire, d'assignation \u00e0 r\u00e9sidence, d'interdiction de retour et de circulation,\nde r\u00e9admission ;\n\u2013 les arr\u00eat\u00e9s de placement et de maintien en r\u00e9tention administrative et les d\u00e9cisions de\nsortie ainsi que toutes les r\u00e9quisitions \u00e0 ces fins, les demandes consulaires, les saisines\ndes juges judiciaires en mati\u00e8re de prolongation de r\u00e9tention administrative ;\nPrefecture du Gard - 30-2024-10-18-00005 - Arr\u00eat\u00e9 donnant d\u00e9l\u00e9gation de signature \u00e0 M. Yann GERARD, secr\u00e9taire g\u00e9n\u00e9ral de la\npr\u00e9fecrure du Gard, sous-pr\u00e9fet de N\u00eemes 20\n\u2013 les m\u00e9moires et requ\u00eates d\u00e9pos\u00e9s devant les juridictions judiciaires et administratives ;\n\u2013 les arr\u00eat\u00e9s, d\u00e9cisions, actes, correspondances et documents en mati\u00e8re de soins \npsychiatriques sur d\u00e9cision du repr\u00e9sentant de l'\u00c9tat ;\n\u2013 les actes pris en application de  la r\u00e9glementation de la circulation conform\u00e9ment\naux dispositions des articles R225 et R225-1 du Code de la route ;\n\u2013 les arr\u00eat\u00e9s d'immobilisation et de mise en fourri\u00e8re des v\u00e9hicules pour certaines\ninfractions, dans le cadre de la LOPPSI ;  \n\u2013 les mesures d'opposition \u00e0 sortie du territoire ;\n\u2013 les  instructions  et  r\u00e9quisitions  de  forces  de  police  et  de  gendarmerie  en  vue\nd'assurer des missions de maintien de l'ordre public ;\n\u2013 les arr\u00eat\u00e9s autorisant un transport de corps \u00e0 l'\u00e9tranger ;\n\u2013 les arr\u00eat\u00e9s autorisant une incin\u00e9ration ;\n\u2013 les  arr\u00eat\u00e9s  interdisant  une  manifestation  publique  (manifestations  a\u00e9riennes,\nconcerts, spectacles, etc.) ;\n\u2013 les  arr\u00eat\u00e9s  autorisant  ou  interdisant  une  manifestation  sportive  sur  route  ou  \u00e0\ncaract\u00e8re nautique ;\n\u2013 les mesures de police administrative prises en application de la loi n\u00b02020-856 du 9\njuillet 2020 organisant la sortie de l'\u00e9tat d'urgence et de ses d\u00e9crets d'application.\nArticle    6     :    L'arr\u00eat\u00e9 du 16 septembre 2024 publi\u00e9 au recueil des actes administratifs sous le\nn\u00b030-2024-09-16-00010  donnant  d\u00e9l\u00e9gation  de  signature  \u00e0  M.  Yann  GERARD, secr\u00e9taire\ng\u00e9n\u00e9ral de la pr\u00e9fecture du Gard, sous-pr\u00e9fet de N\u00eemes, est abrog\u00e9.\nArticle 7     :   Le pr\u00e9sent arr\u00eat\u00e9 prend effet \u00e0 compter de sa date de publication.\nArticle 8  : Le secr\u00e9taire g\u00e9n\u00e9ral de la pr\u00e9fecture, sous-pr\u00e9fet de N\u00eemes, le sous-pr\u00e9fet  charg\u00e9\nde mission aupr\u00e8s du pr\u00e9fet du Gard secr\u00e9taire g\u00e9n\u00e9ral adjoint, le sous-pr\u00e9fet d'Al\u00e8s, la sous-\npr\u00e9f\u00e8te du Vigan et la sous-pr\u00e9f\u00e8te directrice de cabinet du pr\u00e9fet du Gard sont charg\u00e9s,\nchacun en ce qui les concerne, de l'ex\u00e9cution du pr\u00e9sent arr\u00eat\u00e9 qui sera ins\u00e9r\u00e9 au recueil des\nactes administratifs de la pr\u00e9fecture du Gard.\nN\u00eemes, le 18 octobre 2024\n          Le pr\u00e9fet,\nsign\u00e9\n          J\u00e9r\u00f4me BONET\nPrefecture du Gard - 30-2024-10-18-00005 - Arr\u00eat\u00e9 donnant d\u00e9l\u00e9gation de signature \u00e0 M. Yann GERARD, secr\u00e9taire g\u00e9n\u00e9ral de la\npr\u00e9fecrure du Gard, sous-pr\u00e9fet de N\u00eemes 21\nPrefecture du Gard\n30-2024-10-18-00008\nArr\u00eat\u00e9 donnant d\u00e9l\u00e9gation de signature \u00e0 Mme\nAnne LEVASSEUR, sous-pr\u00e9f\u00e8te de\nl'arrondissement du Vigan\nPrefecture du Gard - 30-2024-10-18-00008 - Arr\u00eat\u00e9 donnant d\u00e9l\u00e9gation de signature \u00e0 Mme Anne LEVASSEUR, sous-pr\u00e9f\u00e8te de\nl'arrondissement du Vigan 22\nExPR\u00c9FETDU GARDLibert\u00e9Egalit\u00e9Fraternit\u00e9\nPr\u00e9fecture\nDirection de la citoyennet\u00e9, de la l\u00e9galit\u00e9 et de la coordination\nService de la coordination des politiques publiques et de l'appui territorial\nArr\u00eat\u00e9 \ndonnant d\u00e9l\u00e9gation de signature \u00e0 Mme Anne LEVASSEUR, \nsous-pr\u00e9f\u00e8te de l'arrondissement du Vigan\nLe pr\u00e9fet du Gard\nChevalier de la L\u00e9gion d'honneur,\nChevalier de l'ordre national du M\u00e9rite \nVu la  loi  n\u00b0  82-213  du  2  mars  1982  relative  aux  droits  et  libert\u00e9s  des  communes,  des\nd\u00e9partements et des r\u00e9gions, notamment son article 34 ;\nVu la loi n\u00b0211-803 du 5 juillet 2011 relative aux droits et \u00e0 la protection des personnes faisant\nl'objet de soins psychiatriques et aux modalit\u00e9s de leur prise en charge ;\nVu le d\u00e9cret n\u00b0 97.34 du 15 janvier 1997 modifi\u00e9 relatif \u00e0 la d\u00e9concentration des d\u00e9cisions\nadministratives individuelles ;\nVu le d\u00e9cret n\u00b0 2004-374 du 29 avril 2004, modifi\u00e9 par le d\u00e9cret 2010-146 du 16 f\u00e9vrier 2010\nrelatif, aux pouvoirs des pr\u00e9fets, \u00e0 l'organisation et \u00e0 l'action des services de l'\u00c9tat dans les\nr\u00e9gions et d\u00e9partements ;\nVu le d\u00e9cret n\u00b0 2008-158 du 22 f\u00e9vrier  2008 relatif \u00e0 la suppl\u00e9ance des Pr\u00e9fets de r\u00e9gion et \u00e0\nla  d\u00e9l\u00e9gation  de  signature  des  Pr\u00e9fets  et  des  Hauts  Commissaires  de  la  R\u00e9publique  en\nPolyn\u00e9sie fran\u00e7aise et en Nouvelle-Cal\u00e9donie ;\nVu le d\u00e9cret n\u00b0 2009-176 du 16 f\u00e9vrier 2009 modifiant le d\u00e9cret n\u00b0 64-805 du 29 juillet 1964\nfixant les dispositions r\u00e9glementaires applicables aux pr\u00e9fets et le d\u00e9cret n\u00b0 2004-374 du 29\navril 2004 relatif aux pouvoirs des pr\u00e9fets, \u00e0 l'organisation et \u00e0 l'action des services de l'\u00c9tat\ndans les r\u00e9gions et d\u00e9partements ;\nVu le d\u00e9cret n\u00b0 2015-510 du 7 mai 2015 portant charte de la d\u00e9concentration ;\nVu  le d\u00e9cret du 2 mars 2023, nommant  Mme Anne LEVASSEUR , inspectrice hors classe de\nl'action sanitaire et sociale, sous-pr\u00e9f\u00e8te du Vigan ;\nVu le d\u00e9cret du 13 juillet 2023 nommant M. J\u00e9r\u00f4me BONET, pr\u00e9fet du Gard ;\nVu le d\u00e9cret du 22 ao\u00fbt 2023 nommant M. Emile SOUMBO, sous-pr\u00e9fet d'Al\u00e8s ; \nVu le d\u00e9cret du 25 octobre 2023 nommant M. Mathias NIEPS, sous-pr\u00e9fet charg\u00e9 de mission\naupr\u00e8s du pr\u00e9fet du Gard, secr\u00e9taire g\u00e9n\u00e9ral adjoint de la pr\u00e9fecture du Gard  ;\nVu le d\u00e9cret du 24 avril 2024 nommant  M. Yann GERARD, secr\u00e9taire g\u00e9n\u00e9ral de la pr\u00e9fecture\ndu Gard, sous-pr\u00e9fet de N\u00eemes ;\nVu le d\u00e9cret du 9 octobre 2024, nommant  Mme Marie-Charlotte EUVRARD,  sous-pr\u00e9f\u00e8te,\ndirectrice de cabinet du pr\u00e9fet du Gard ;\nVu l'arr\u00eat\u00e9 30-2024-08-28-00003 du 28 ao\u00fbt 2024 portant organisation en directions, services\net bureaux de la pr\u00e9fecture du Gard  ;\nVu l'arr\u00eat\u00e9 n\u00b030-2024-10-18-00007 du 18 octobre 2024  donnant d\u00e9l\u00e9gation de signature \u00e0 M.\nEmile SOUMBO, sous-pr\u00e9fet d'Al\u00e8s  ;\nVu  la note du 21 ao\u00fbt 2023 portant nomination de  Mme V\u00e9ronique BOISSON , attach\u00e9e\nd'administration du Minist\u00e8re de l'Int\u00e9rieur, en qualit\u00e9 de secr\u00e9taire g\u00e9n\u00e9rale de la sous-\npr\u00e9fecture du Vigan;\nSur proposition du secr\u00e9taire g\u00e9n\u00e9ral de la pr\u00e9fecture du Gard ;\nPrefecture du Gard - 30-2024-10-18-00008 - Arr\u00eat\u00e9 donnant d\u00e9l\u00e9gation de signature \u00e0 Mme Anne LEVASSEUR, sous-pr\u00e9f\u00e8te de\nl'arrondissement du Vigan 23\nArr\u00eate :\nTITRE I\nD\u00c9L\u00c9GATION DANS LES LIMITES DE L'ARRONDISSEMENT DU VIGAN\nArticle 1  : D\u00e9l\u00e9gation de signature est donn\u00e9e \u00e0  Mme Anne LEVASSEUR ,  sous-pr\u00e9f\u00e8te de\nl'arrondissement  du  Vigan,  dans  les  limites  de  son  arrondissement  pour  les  mati\u00e8res\nd\u00e9sign\u00e9es ci-apr\u00e8s :\nA \u2013 EN MATI\u00c8RE DE POLICE G\u00c9N\u00c9RALE ET DE POLICES SP\u00c9CIALES\n\u2013 tous les actes relatifs \u00e0 la commission d'arrondissement du Vigan pour la s\u00e9curit\u00e9 contre les\nrisques d'incendie et de panique dans les ERP ;\n\u2013 l'octroi  du  concours  de  la  force  publique  pour  l'ex\u00e9cution  des  jugements  d'expulsion\nimmobili\u00e8re ;\n\u2013 la d\u00e9livrance de toutes autorisations relatives \u00e0 la police de la voie publique, exc\u00e9dant la \ncomp\u00e9tence des autorit\u00e9s municipales ;\n\u2013 la d\u00e9livrance des cartes professionnelles pour l'exercice des professions r\u00e9glement\u00e9es et\ndes cartes de commer\u00e7ants non s\u00e9dentaires et marchands ambulants et les r\u00e9c\u00e9piss\u00e9s de\nbrocanteurs ;\n\u2013 l'octroi  des  cartes  de  commer\u00e7ants  non  s\u00e9dentaires  et  marchands  ambulants,  et  des\nr\u00e9c\u00e9piss\u00e9s de brocanteurs ;\n\u2013 les  autorisations  d'utilisation  conjointe  de  plusieurs  polices  municipales  \u00e0  l'occasion  de\nmanifestations exceptionnelles, notamment \u00e0 caract\u00e8re culturel, r\u00e9cr\u00e9atif ou sportif ; \n\u2013 le retrait provisoire du permis de conduire ;\n\u2013 les arr\u00eat\u00e9s dits \u00ab 61 \u00bb de limitation de la validit\u00e9 des permis de conduire ;\n\u2013 les d\u00e9cisions d'expulsions commerciales, de fermetures administratives de commerces pour\nvente  illicite  de  boissons  alcoolis\u00e9es,  de  tabacs,  de  trafic  de  stup\u00e9fiants,  d'emplois\nclandestins et de main d'\u0153uvre ill\u00e9gale pour une dur\u00e9e maximale de trois mois ;\n\u2013 tous actes relatifs \u00e0 la proc\u00e9dure de sanction administrative des d\u00e9bits de boissons et les     \n   d\u00e9rogations aux horaires de fermeture des d\u00e9bits de boissons,\n\u2013 les mesures de police administrative prises en application de la loi n\u00b02020-856 du 9 juillet\n2020 organisant la sortie de l'\u00e9tat d'urgence et de ses d\u00e9crets d'application ;\nB \u2013 EN MATI\u00c8RE D'ADMINISTRATION LOCALE\n\u2013 la substitution au maire dans les cas pr\u00e9vus par les articles L.2122.34 et L.2215.1 du code\ng\u00e9n\u00e9ral des collectivit\u00e9s territoriales ;\n\u2013 les lettres d'observation et recours gracieux relatifs aux actes des collectivit\u00e9s locales, y\ncompris  le  contr\u00f4le  de  l\u00e9galit\u00e9  des  actes  d'occupation  des  sols  et  des  documents\nd'urbanisme, sur proposition de la direction d\u00e9partementale des Territoires et de la Mer ;\n\u2013 l'information, \u00e0 sa demande, de l'autorit\u00e9 locale de l'intention de ne pas saisir le tribunal\nadministratif dans le cadre du contr\u00f4le administratif pr\u00e9vu par la loi du 2 mars 1982 .\nC \u2013 EN MATI\u00c8RE D'ADMINISTRATION GENERALE\n\uf0a8 Droits des personnes, associations  \n\u2013 les autorisations permettant aux associations cultuelles ou de bienfaisance de recevoir des\nsommes d\u00e9ductibles des revenus imposables des contribuables, autres que les entreprises\n(b\u00e9n\u00e9fice des dispositions des articles 200 et 238 bis du code g\u00e9n\u00e9ral des imp\u00f4ts).\nPrefecture du Gard - 30-2024-10-18-00008 - Arr\u00eat\u00e9 donnant d\u00e9l\u00e9gation de signature \u00e0 Mme Anne LEVASSEUR, sous-pr\u00e9f\u00e8te de\nl'arrondissement du Vigan 24\n\uf0a8 Environnement, salubrit\u00e9 et sant\u00e9 publique  \n- \u2013 en mati\u00e8re d'installations class\u00e9es pour la protection de l'environnement :\n1/ la d\u00e9livrance des r\u00e9c\u00e9piss\u00e9s de d\u00e9claration\n2/  tous  les  actes  concernant  l'enqu\u00eate  publique  pour  les  installations\nsoumises \u00e0 autorisation (arr\u00eat\u00e9s d'ouverture, reports\u2026)\n3/  tous  les  actes  concernant  les  consultations  publiques  pour  les\ninstallations class\u00e9es soumises \u00e0 enregistrement\n4/  les  arr\u00eat\u00e9s  de  mise  en  demeure,  de  prorogation  de  d\u00e9lai  et  de\nprescriptions\n5/ les arr\u00eat\u00e9s d'autorisation et les arr\u00eat\u00e9s compl\u00e9mentaires\n6/ les arr\u00eat\u00e9s de consignation\n7/ les courriers divers.\n\u2013 la cr\u00e9ation et le renouvellement des commissions de suivi des sites (CSS) ;\n\u2013 les proc\u00e9dures de d\u00e9claration et d'autorisation pr\u00e9vues par l'article 10 de la loi n\u00b0 92.3 du 3\njanvier 1992 sur l'eau (articles 214-1 et 214-6 du code de l'environnement) et la loi du 6\noctobre 1919 modifi\u00e9e relative \u00e0 l'utilisation de l'\u00e9nergie hydraulique ;\n\uf0a8 D\u00e9clarations d'utilit\u00e9 publique et servitudes   \n\u2013 les  proc\u00e9dures  d'expropriation  pour  cause  d'utilit\u00e9  publique  pr\u00e9vues  par  le  code  de\nl'expropriation  (arr\u00eat\u00e9s  portant  ouverture  des  enqu\u00eates  publiques,  avis  presse,  arr\u00eat\u00e9s\nportant cessibilit\u00e9, arr\u00eat\u00e9s portant d\u00e9claration d'utilit\u00e9 publique\u2026) ;\n\u2013 les proc\u00e9dures relatives \u00e0 la mise en compatibilit\u00e9 d'un plan local d'urbanisme, pr\u00e9vue \u00e0\nl'article L 123 \u2013 16 du code de l'urbanisme ;\n\u2013 la proc\u00e9dure d'int\u00e9r\u00eat g\u00e9n\u00e9ral pr\u00e9vue aux articles 175 et 176 du code rural pour les travaux\nde  d\u00e9fense  des  for\u00eats  contre  l'incendie,  la  proc\u00e9dure  de  protection  contre  les  risques\nd'inondations ;\n\u2013 la proc\u00e9dure de d\u00e9claration d'utilit\u00e9 publique des travaux d'\u00e9lectricit\u00e9 et de gaz qui ne\nn\u00e9cessitent  que  l'\u00e9tablissement  des  servitudes  ainsi  que  les  conditions  d'\u00e9tablissement\ndesdites servitudes ;\n\u2013 la proc\u00e9dure d'\u00e9tablissement des servitudes d'appui, de passage, d'\u00e9lagage et d'abattage en\nvue de la construction ou de l'extension des lignes d'\u00e9nergie \u00e9lectrique ;\n\u2013 les autorisations de p\u00e9n\u00e9trer dans les propri\u00e9t\u00e9s priv\u00e9es pour l'\u00e9tablissement et l'entretien\ndes lignes et installations \u00e9lectriques et de t\u00e9l\u00e9communications ;\n\u2013 la  proc\u00e9dure  d'\u00e9tablissement  d'une  servitude  sur  les  fonds  priv\u00e9s  pour  la  pose  de\ncanalisations publiques d'eau ou d'assainissement, pr\u00e9vue par la loi n\u00b0 62.904 du 4 ao\u00fbt\n1962 ;\n\u2013 les autorisations d'occupation temporaire des propri\u00e9t\u00e9s priv\u00e9es, pr\u00e9vues par la loi du 29\nd\u00e9cembre 1892 ;\n\uf0a8 Urbanisme  \n\u2013 les actes relatifs \u00e0 l'occupation des sols  d\u00e9livr\u00e9s au nom de l'\u00c9tat, dans les communes  non\ndot\u00e9es d'un plan local d'urbanisme, lorsqu'il y a une divergence d'avis entre le maire et le\ndirecteur d\u00e9partemental des territoires et de la mer ;\n\u2013 les d\u00e9cisions et les lettres d'observation et de recours gracieux en mati\u00e8re de :\n-  de plans locaux d'urbanisme\n- de cartes communales;\n- de zone d'am\u00e9nagement diff\u00e9r\u00e9 (Z.A.D.);\n- de plans de pr\u00e9vention des risques naturels et technologiques (P.P.R.N.T) ;\n- de p\u00e9rim\u00e8tres de restauration immobili\u00e8re (P.R.I.).\n\u2013 la mise \u00e0 l'enqu\u00eate publique des zones de protection du patrimoine architectural urbain et\npaysager et p\u00e9rim\u00e8tre de r\u00e9novation immobili\u00e8re.\nPrefecture du Gard - 30-2024-10-18-00008 - Arr\u00eat\u00e9 donnant d\u00e9l\u00e9gation de signature \u00e0 Mme Anne LEVASSEUR, sous-pr\u00e9f\u00e8te de\nl'arrondissement du Vigan 25\nD \u2013 EN MATI\u00c8RE IMMOBILI\u00c8RE\n\u2013 l'authenticit\u00e9 des actes int\u00e9ressant le domaine priv\u00e9 immobilier de l'\u00c9tat, \u00e0 l'exception de\nceux comprenant des immeubles d\u00e9pendant de plusieurs arrondissements (l'ensemble des\nminutes  de  ces  actes  continueront  d'\u00eatre  archiv\u00e9es,  apr\u00e8s  publication,  dans  les\nconservations des hypoth\u00e8ques, au chef-lieu du d\u00e9partement).\nE \u2013 EN MATI\u00c8RE \u00c9CONOMIQUE ET SOCIALE\n\u2013 les accus\u00e9s de r\u00e9ception des dossiers de demandes de subvention d'investissement, au sens\nde l'article 4 du d\u00e9cret du 16 d\u00e9cembre 1999 susvis\u00e9 ;\n\u2013 la  signature  des  arr\u00eat\u00e9s  attributifs  de  subvention  en  ce  qui  concerne  la  dotation\nd'\u00e9quipement des territoires ruraux (DETR).\nF \u2013 COMP\u00c9TENCES AFF\u00c9RENTES AU FONCTIONNEMENT DE LA SOUS-PREFECTURE\n\u2013 l'octroi des cong\u00e9s annuels des agents de la sous-pr\u00e9fecture ;\n\u2013 programmes 354 hors titre 2  : L'engagement des d\u00e9penses faites par cartes d'achats et la\nvalidation des devis dans la limite de l'enveloppe budg\u00e9taire allou\u00e9e \u00e0 la sous-pr\u00e9fecture.\nTITRE II\nD\u00c9L\u00c9GATION POUR L'ENSEMBLE DU D\u00c9PARTEMENT\nArticle 2     :   D\u00e9l\u00e9gation de signature est donn \u00e9e \u00e0  Mme Anne LEVASSEUR ,  sous-pr\u00e9f\u00e8te du\nVigan, pour l'ensemble du d\u00e9partement pour les mati\u00e8res ci-apr\u00e8s :\n\u2013 les contrats simples et d'association au titre de l'enseignement priv\u00e9 ;\n\u2013 l'indemnit\u00e9 repr\u00e9sentative de logement (IRL) ;\n\u2013 la dotation sp\u00e9ciale des instituteurs (DSI) ;\n\u2013 les associations syndicales libres pour l'ensemble du d\u00e9partement;\nArticle 3     : D\u00e9l\u00e9gation de signature est \u00e9galement donn\u00e9e \u00e0 M. Anne LEVASSEUR, sous-pr\u00e9f\u00e9te\ndu Vigan,  pour l'ensemble du d\u00e9partement, \u00e0 l'effet de prendre  : toute d\u00e9cision lorsqu'elle\nassure la direction des op\u00e9rations de secours, sous l'autorit\u00e9 du pr\u00e9fet.\nArticle 4     :   Afin de pouvoir assurer la permanence pr\u00e9fectorale qu'elle est amen\u00e9e \u00e0 tenir\npendant  les  jours  non  ouvrables  (samedi,  dimanche  et  jours  f\u00e9ri\u00e9s)  ou  de  fermeture\nexceptionnelle de la pr\u00e9fecture, Mme Anne LEVASSEUR, sous-pr\u00e9f\u00e8te de l'arrondissement du\nVigan, d\u00e9sign\u00e9e dans le tableau hebdomadaire arr\u00eat\u00e9 par le pr\u00e9fet du Gard, a d\u00e9l\u00e9gation de\nsignature  pour  l'ensemble  du  d\u00e9partement  du  Gard  \u00e0  l'effet  de  signer  les  documents\nsuivants : \n\u2013 les arr\u00eat\u00e9s de suspension des permis de conduire ;\n\u2013 les arr\u00eat\u00e9s de refus de s\u00e9jour, d'invitations \u00e0 quitter le territoire, d'obligations de\nquitter le territoire, d'assignation \u00e0 r\u00e9sidence, d'interdiction de retour et de circulation,\nde r\u00e9admission ;\n\u2013 les arr\u00eat\u00e9s de placement et de maintien en r\u00e9tention administrative et les d\u00e9cisions \nde sortie ainsi que toutes les r\u00e9quisitions \u00e0 ces fins, les demandes consulaires, les  \nsaisines des juges judiciaires en mati\u00e8re de prolongation de r\u00e9tention administrative ;\n\u2013 les m\u00e9moires et requ\u00eates d\u00e9pos\u00e9s devant les juridictions judiciaires et administratives ;\n\u2013 les arr\u00eat\u00e9s, d\u00e9cisions, actes, correspondances et documents en mati\u00e8re de soins \npsychiatriques sur d\u00e9cision du repr\u00e9sentant de l'\u00c9tat ;\nPrefecture du Gard - 30-2024-10-18-00008 - Arr\u00eat\u00e9 donnant d\u00e9l\u00e9gation de signature \u00e0 Mme Anne LEVASSEUR, sous-pr\u00e9f\u00e8te de\nl'arrondissement du Vigan 26\n\u2013 les actes pris en application de la r\u00e9glementation de la circulation conform\u00e9ment\naux dispositions des articles R225 et R225-1 du Code de la route ;\n\u2013 les arr\u00eat\u00e9s d'immobilisation et de mise en fourri\u00e8re des v\u00e9hicules pour certaines  \ninfractions, dans le cadre de la LOPPSI ;\n\u2013 les mesures d'opposition \u00e0 sortie du territoire.\n\u2013 les  instructions  et  r\u00e9quisitions  de  forces  de  police  et  de  gendarmerie  en  vue\nd'assurer des missions de maintien de l'ordre public ;\n\u2013 les arr\u00eat\u00e9s autorisant un transport de corps \u00e0 l'\u00e9tranger ;\n\u2013 les arr\u00eat\u00e9s autorisant une incin\u00e9ration ;\n\u2013 les  arr\u00eat\u00e9s  interdisant  une  manifestation  publique  (manifestations  a\u00e9riennes,\nconcerts, spectacles, etc.) ;\n\u2013 les  arr\u00eat\u00e9s  autorisant  ou  interdisant  une  manifestation  sportive  sur  route  ou  \u00e0\ncaract\u00e8re nautique ;\n\u2013 les mesures de police administrative prises en application de la loi n\u00b02020-856 du 9\njuillet 2020 organisant la sortie de l'\u00e9tat d'urgence et de ses d\u00e9crets d'application.\nTITRE III\nEXCLUSION DU CHAMP DE D\u00c9L\u00c9GATION \nArtic  le 5     :   Demeurent r\u00e9serv\u00e9es \u00e0 la signature du pr\u00e9fet :\n\u2013 toutes  correspondances  adress\u00e9es  aux  cabinets  minist\u00e9riels  ainsi  que  celles  \ndestin\u00e9es aux administrations centrales ;\n\u2013 toutes correspondances adress\u00e9es aux pr\u00e9sidents des assembl\u00e9es r\u00e9gionales et \n d\u00e9partementales ainsi que les r\u00e9ponses aux interventions des parlementaires, des  \nconseillers d\u00e9partementaux et r\u00e9gionaux ;\n\u2013 toutes correspondances adress\u00e9es au pr\u00e9fet de r\u00e9gion et aux directeurs r\u00e9gionaux.\nTITRE IV\nD\u00c9L\u00c9GATION EN CAS D'ABSENCE OU D'EMP\u00caCHEMENT \nArti  cle 6     :   En cas d'absence ou d'emp\u00eachement de Mme Anne LEVASSEUR , sous-pr\u00e9f\u00e8te de\nl'arrondissement du Vigan, la d\u00e9l\u00e9gation de signature qui lui est consentie \u00e0 l'article 1 du titre\nI et \u00e0 l'article 2 du titre II du pr\u00e9sent arr\u00eat\u00e9 pourra \u00eatre exerc\u00e9e par :\n\uf0d8M. Emile SOUMBO, sous-pr\u00e9fet d'Al\u00e8s ,\n\uf0d8M. Yann GERARD, secr\u00e9taire g\u00e9n\u00e9ral de la pr\u00e9fecture du Gard, sous-pr\u00e9fet de N\u00eemes,\n\uf0d8M. Mathias NIEPS, sous-pr\u00e9fet, charg\u00e9 de mission aupr\u00e8s du pr\u00e9fet du Gard,\n    secr\u00e9taire g\u00e9n\u00e9ral adjoint de la pr\u00e9fecture du Gard, ou\n\uf0d8Mme Marie-Charlotte EUVRARD , sous-pr\u00e9f\u00e8te, directrice de cabinet du pr\u00e9fet du  \nGard.\nArticle 7  : En cas d'absence ou d'emp\u00each ement de Mme Anne LEVASSEUR, sous-pr\u00e9f\u00e8te du\nVigan, Mme V\u00e9ronique BOISSON , secr\u00e9taire g\u00e9n\u00e9rale de la sous-pr\u00e9fecture du Vigan, re\u00e7oit\nd\u00e9l\u00e9gation de signature pour les actes et les mati\u00e8res faisant l'objet de l'article 1er du titre I du\npr\u00e9sent arr\u00eat\u00e9, \u00e0 l'exception des mati\u00e8res   ci-apr\u00e8s d\u00e9sign\u00e9es     :  \nA \u2013 EN MATI\u00c8RE DE POLICE G\u00c9N\u00c9RALE ET DE POLICES SPECIALES\n\u2013 l'octroi du concours de la force publique pour l'ex\u00e9cution des jugements d'expulsion ;\nPrefecture du Gard - 30-2024-10-18-00008 - Arr\u00eat\u00e9 donnant d\u00e9l\u00e9gation de signature \u00e0 Mme Anne LEVASSEUR, sous-pr\u00e9f\u00e8te de\nl'arrondissement du Vigan 27\nB \u2013 EN MATI\u00c8RE D'ADMINISTRATION LOCALE\n\u2013 la substitution au maire dans les cas pr\u00e9vus par les articles L. 2122.34 et L.2215.1 du code\ng\u00e9n\u00e9ral des collectivit\u00e9s territoriales ;\n\u2013 d\u00e9livrance des cartes de maires et adjoints ;\n\u2013 les lettres d'observation et recours gracieux relatifs aux actes des collectivit\u00e9s locales, y\ncompris  le  contr\u00f4le  de  l\u00e9galit\u00e9  des  actes  d'occupation  des  sols  et  des  documents\nd'urbanisme, sur proposition de la direction d\u00e9partementale des Territoires et de la Mer ;\n\u2013 l'information, \u00e0 la demande de l'autorit\u00e9 locale, de l'intention de ne pas saisir le tribunal\nadministratif dans le cadre du contr\u00f4le administratif pr\u00e9vu par la loi du 2 mars 1982 ;\nC \u2013 EN MATI\u00c8RE D'ADMINISTRATION G\u00c9N\u00c9RALE\n\uf0a8 Environnement, salubrit\u00e9 et sant\u00e9 publique  \n\u2013 les proc\u00e9dures de d\u00e9claration et d'autorisation pr\u00e9vues par l'article 10 de la loi n\u00b0 92.3 du 3\njanvier 1992 sur l'eau ;\n\u2013 les arr\u00eat\u00e9s de composition de la commission m\u00e9dicale d'aptitude des conducteurs et des\ncandidats au permis de conduire sur l'arrondissement du Vigan.\n\uf0a8 D\u00e9clarations d'utilit\u00e9 publique et servitudes  \n\u2013 les  proc\u00e9dures  d'expropriation  pour  cause  d'utilit\u00e9  publique  pr\u00e9vues  par  le  code  de\nl'expropriation ;\n\u2013 la proc\u00e9dure d'int\u00e9r\u00eat g\u00e9n\u00e9ral pr\u00e9vue aux articles 175 et 176 du code rural pour les travaux\nde  d\u00e9fense  des  for\u00eats  contre  l'incendie,  la  proc\u00e9dure  de  protection  contre  les  risques\nd'inondations ;\n\u2013 la proc\u00e9dure de d\u00e9claration d'utilit\u00e9 publique des travaux d'\u00e9lectricit\u00e9 et de gaz qui ne\nn\u00e9cessitent  que  l'\u00e9tablissement  des  servitudes  ainsi  que  les  conditions  d'\u00e9tablissement\ndesdites servitudes ;\n\u2013 la proc\u00e9dure d'\u00e9tablissement des servitudes d'appui, de passage, d'\u00e9lagage et d'abattage en\nvue de la construction ou de l'extension des lignes d'\u00e9nergie \u00e9lectrique ;\n\u2013 les autorisations de p\u00e9n\u00e9trer dans les propri\u00e9t\u00e9s priv\u00e9es pour l'\u00e9tablissement et l'entretien\ndes lignes et installations \u00e9lectriques et de t\u00e9l\u00e9communications ;\n\u2013 la  proc\u00e9dure  d'\u00e9tablissement  d'une  servitude  sur  les  fonds  priv\u00e9s  pour  la  pose  de\ncanalisations publiques d'eau ou d'assainissement pr\u00e9vue par la loi n\u00b0 62.904 du 4 ao\u00fbt\n1962 ;\n\u2013 les autorisations d'occupation temporaire des propri\u00e9t\u00e9s priv\u00e9es, pr\u00e9vues par la loi du 29\nd\u00e9cembre 1892.\nD \u2013 EN MATI\u00c8RE IMMOBILIERE\n\u2013 l'authenticit\u00e9 des actes int\u00e9ressant le domaine priv\u00e9 immobilier de l'\u00c9tat.\nE \u2013 EN MATI\u00c8RE \u00c9CONOMIQUE ET SOCIALE\n\u2013 la  signature  des  arr\u00eat\u00e9s  attributifs  de  subvention  en  ce  qui  concerne  la  dotation\nd'\u00e9quipement des territoires ruraux (DETR) ;\nArticle 8     :   l'arr\u00eat\u00e9 du 16 septembre 2024 publi\u00e9 au recueil des actes administratifs de la\npr\u00e9fecture du Gard sous le n\u00b0 30-2024-09-16-00013 donnant d\u00e9l\u00e9gation de signature \u00e0 Mme\nAnne LEVASSEUR, sous-pr\u00e9f\u00e8te du Vigan est abrog\u00e9.\nArticle 9     :   Le pr\u00e9sent arr\u00eat\u00e9 prend effet \u00e0 compter de sa date de publication.\nPrefecture du Gard - 30-2024-10-18-00008 - Arr\u00eat\u00e9 donnant d\u00e9l\u00e9gation de signature \u00e0 Mme Anne LEVASSEUR, sous-pr\u00e9f\u00e8te de\nl'arrondissement du Vigan 28\nArticle  10  : L a  sous-pr\u00e9f\u00e8te  du  Vigan, le  sous-pr\u00e9fet  d'Al\u00e8s,  le  secr\u00e9taire  g\u00e9n\u00e9ral  de  la\npr\u00e9fecture, sous-pr\u00e9fet de N\u00eemes, le sous-pr\u00e9fet  charg\u00e9 de mission aupr\u00e8s du pr\u00e9fet du Gard\nsecr\u00e9taire g\u00e9n\u00e9ral adjoint et la sous-pr\u00e9f\u00e8te directrice de cabinet du pr\u00e9fet du Gard  sont\ncharg\u00e9s, chacun en ce qui le concerne, de l'ex\u00e9cution du pr\u00e9sent arr\u00eat\u00e9, qui sera publi\u00e9 au\nrecueil des actes administratifs de la pr\u00e9fecture.\nN\u00eemes, le 18 octobre 2024\nLe pr\u00e9fet,\n                      sign\u00e9\n  J\u00e9r\u00f4me BONET\nPrefecture du Gard - 30-2024-10-18-00008 - Arr\u00eat\u00e9 donnant d\u00e9l\u00e9gation de signature \u00e0 Mme Anne LEVASSEUR, sous-pr\u00e9f\u00e8te de\nl'arrondissement du Vigan 29\nPrefecture du Gard\n30-2024-10-18-00009\nArr\u00eat\u00e9 donnant d\u00e9l\u00e9gation de signature \u00e0 Mme\nMarie-Charlotte EUVRARD, sous-pr\u00e9f\u00e8te,\ndirectrice de cabinet du pr\u00e9fet du Gard\nPrefecture du Gard - 30-2024-10-18-00009 - Arr\u00eat\u00e9 donnant d\u00e9l\u00e9gation de signature \u00e0 Mme Marie-Charlotte EUVRARD, sous-pr\u00e9f\u00e8te,\ndirectrice de cabinet du pr\u00e9fet du Gard 30\nExPREFETDU GARDLibert\u00e9Egalit\u00e9Fraternit\u00e9\nDirection de la citoyennet\u00e9, de la l\u00e9galit\u00e9 et de la coordination\nService de la coordination des politiques publiques et de l'appui territorial\nArr\u00eat\u00e9 \ndonnant d\u00e9l\u00e9gation de signature \u00e0 Mme Marie-Charlotte EUVRARD,\nsous-pr\u00e9f\u00e8te, directrice de cabinet du pr\u00e9fet du Gard\nLe pr\u00e9fet du Gard\nChevalier de la L\u00e9gion d'Honneur,\nChevalier de l'ordre national du M\u00e9rite \nVu la  loi  n\u00b0  82-213  du  2  mars  1982,  relative  aux  droits  et  libert\u00e9s  des  communes,  des\nd\u00e9partements e octobre t des r\u00e9gions, notamment son article 34 ; \nVu la loi n\u00b0211-803 du 5 juillet 2011 relative aux droits et \u00e0 la protection des personnes faisant\nl'objet de soins psychiatriques et aux modalit\u00e9s de leur prise en charge  ;\nVu le d\u00e9cret n\u00b0 97.34 du 15 janvier 1997 modifi\u00e9 relatif \u00e0 la d\u00e9concentration des d\u00e9cisions\nadministratives individuelles ;\nVu le d\u00e9cret n\u00b0 2004-374 du 29 avril 2004, modifi\u00e9 par le d\u00e9cret 2010-146 du 16 f\u00e9vrier 2010,\nrelatif aux pouvoirs des pr\u00e9fets, \u00e0 l'organisation et \u00e0 l'action des services de l'Etat dans les\nr\u00e9gions et d\u00e9partements ;\nVu le d\u00e9cret n\u00b0 2008-158 du 22 f\u00e9vrier 2008 relatif \u00e0 la suppl\u00e9ance des Pr\u00e9fets de r\u00e9gion et \u00e0\nla  d\u00e9l\u00e9gation  de  signature  des  pr\u00e9fets  et  des  Hauts  Commissaires  de  la  R\u00e9publique  en\nPolyn\u00e9sie fran\u00e7aise et en Nouvelle-Cal\u00e9donie ;\nVu le d\u00e9cret n\u00b0 2009-176 du 16 f\u00e9vrier 2009 modifiant le d\u00e9cret n\u00b0 64-805 du 29 juillet 1964 \nfixant les dispositions r\u00e9glementaires applicables aux pr\u00e9fets et le d\u00e9cret n\u00b0 2004-374 du 29 \navril 2004 relatif aux pouvoirs des pr\u00e9fets, \u00e0 l'organisation et \u00e0 l'action des services de l'Etat \ndans les r\u00e9gions et d\u00e9partements ;\nVu le d\u00e9cret 2015-510 du 7 mai 2015 portant charte de la d\u00e9concentration  ;\nVu le  d\u00e9cret  du  21  juin  2022,  nommant  M.  Gr\u00e9goire  PIERRE-DESSAUX ,  conseiller\nd'administration de l'int\u00e9rieur et de l'outre-mer d\u00e9tach\u00e9 en qualit\u00e9 de sous-pr\u00e9fet, directeur\nde cabinet de la pr\u00e9f\u00e8te du Gard ;\nVu le d\u00e9cret du 13 juillet 2023 nommant M. J\u00e9r\u00f4me BONET, pr\u00e9fet du Gard ;\nVu le d\u00e9cret du 9 octobre 2024 nommant Mme Marie-Charlotte EUVRARD , administratrice\nde l'Etat du premier degr\u00e9 en qualit\u00e9 de sous-pr\u00e9f\u00e8te, directrice de cabinet du pr\u00e9fet du\nGard ;\nVu l'arr\u00eat\u00e9 30-2024-08-28-00003 du 28 ao\u00fbt 2024 portant organisation en directions, services\net bureaux de la pr\u00e9fecture du Gard ;\nVu   l'arr\u00eat\u00e9 30-2024-09-16-00014 du  16 septembre 2024  donnant d\u00e9l\u00e9gation de signature \u00e0\nM. Gr\u00e9goire PIERRE-DESSAUX, sous-pr\u00e9fet, directeur de cabinet du pr\u00e9fet du Gard ; \nVu la d\u00e9cision du ministre de l'Int\u00e9rieur du 3 janvier 2020 portant d\u00e9signation des respons -\nables de BOP et d'UO pour le progamme 354 ;\nSur proposition du secr\u00e9taire g\u00e9n\u00e9ral de la pr\u00e9fecture du Gard  ;\nPrefecture du Gard - 30-2024-10-18-00009 - Arr\u00eat\u00e9 donnant d\u00e9l\u00e9gation de signature \u00e0 Mme Marie-Charlotte EUVRARD, sous-pr\u00e9f\u00e8te,\ndirectrice de cabinet du pr\u00e9fet du Gard 31\nArr\u00eate :\nArticle     1   :  D\u00e9l\u00e9gation  de  signature  est  donn\u00e9e  \u00e0  Mme  Marie-Charlotte  EUVRARD,\nasdminuistratrice de l'\u00c9tat,  sous-pr\u00e9f\u00e8te, directrice de cabinet du pr\u00e9fet du Gard, \u00e0 l'effet de\nsigner tous actes, documents, pi\u00e8ces, correspondances ainsi que les m\u00e9moires en d\u00e9fense\nentrant dans les attributions du Cabinet et des services qui lui sont rattach\u00e9s, notamment\ndans les domaines suivants : \n- mise en oeuvre de la politique d\u00e9partementale de s\u00e9curit\u00e9 routi\u00e8re,\n- autorisation de manoeuvres hors terrains militaires,\n- suspension des permis de conduire,\n- mise en oeuvre de la politique d\u00e9partementale de lutte contre la toxicomanie,\n- mise en oeuvre de la politique d\u00e9partementale de lutte contre la d\u00e9linquance,\n-  tous  les  actes  relatifs  \u00e0  la  commission  consultative  d\u00e9partementale  de  s\u00e9curit\u00e9  et\nd'accessibilit\u00e9 ainsi qu'aux sous-commissions et commissions qui en d\u00e9pendent,\n- arr\u00eat\u00e9s relatifs aux attestations de conformit\u00e9 des chapiteaux, tentes et structures,\n- mise en oeuvre des op\u00e9rations du service d\u00e9partemental d'incendie et de secours,\n-  tous  les  actes  relatifs  \u00e0  la  carri\u00e8re  des  sapeurs-pompiers,  \u00e0  la  formation  des  jeunes\nsapeurs-pompiers et \u00e0 l'organisation du brevet national de jeunes sapeurs-pompiers,\n- tous les actes relatifs aux examens de secourisme et formations aux premiers secours,\n- arr\u00eat\u00e9s relatifs aux agr\u00e9ments d'organismes de formation aux qualifications d'agent de\ns\u00e9curit\u00e9  incendie  et  d'assistance  \u00e0  personne  (SSAIP1),  de  chef  d'\u00e9quipe  de  s\u00e9curit\u00e9\nincendie et d'assistance \u00e0 personne (SSAIP2) , et de chef de service de s\u00e9curit\u00e9 incendie et\nd'assistance \u00e0 personne (SSAIP3),\n- arr\u00eat\u00e9s relatifs aux agr\u00e9ments d'associations de s\u00e9curit\u00e9 civile,\n- arr\u00eat\u00e9s relatis aux habilitations d'organismes de s\u00e9curit\u00e9 civile,\n- d\u00e9cisions d'expulsions commerciales, de fermetures administratives de commerces pour\nvente illicite de boissons alcoolis\u00e9es, de tabacs et trafic de stup\u00e9fiants,\n- mesures de police administrative prises en application de la loi n\u00b02020-856 du 9 juillet\n2020 organisant la sortie de l'\u00e9tat d'urgence et de ses d\u00e9crets d'application,\n- d\u00e9cisions relatives \u00e0 l'octroi de la force publique pour les expulsions domiciliaires et\ncommerciales,\n- indemnisations pour refus d'octroi de la force publique,\n- autorisations de poursuite par voie de vente des d\u00e9biteurs du Tr\u00e9sor,\n- mesures dans le cadre des dispositifs d'aide aux Fran\u00e7ais rapatri\u00e9s et aux Harkis,\n-attribution  du  dipl\u00f4me  d'honneur  de  porte-drapeau  des  associations  d'anciens\ncombattants et victimes de guerre,\n- parts de redevances sur les d\u00e9bits de tabac,\n- correspondances et m\u00e9moires \u00e0 l'adresse des juridictions judiciaires et administratives,\n- d\u00e9livrance des habilitations pr\u00e9alablement \u00e0 l'acc\u00e8s aux zones a\u00e9roportuaires r\u00e9serv\u00e9es et\naux lieux o\u00f9 sont effectu\u00e9es des op\u00e9rations de s\u00fbret\u00e9 a\u00e9roportuaire,\nPrefecture du Gard - 30-2024-10-18-00009 - Arr\u00eat\u00e9 donnant d\u00e9l\u00e9gation de signature \u00e0 Mme Marie-Charlotte EUVRARD, sous-pr\u00e9f\u00e8te,\ndirectrice de cabinet du pr\u00e9fet du Gard 32\n-  arr\u00eat\u00e9s  relatifs  \u00e0  l'admission,  la  lev\u00e9e  et  la  modification  de  la  prise  en  charge  des\npersonnes faisant l'objet de soins psychiatriques sans consentement en application du\ncode de la sant\u00e9 publique ainsi que les arr\u00eat\u00e9s de transfert de personnes concern\u00e9es,\n- saisine du juge administratif et du juge des libert\u00e9s et de la d\u00e9tention sur la situation des\npersonnes faisant l'objets de soins psychiatriques sans consentement en application du\ncode de la sant\u00e9 publique et les m\u00e9moires \u00e0 son adresse,\n-  tous  actes  relatifs  \u00e0  la  proc\u00e9dure  de  mise  en  demeure  et  \u00e9vacuation  forc\u00e9e  des\noccupants illicites d'un terrain,\n- r\u00e9glementation de la circulation sur autoroutes conc\u00e9d\u00e9es,\n- arr\u00eat\u00e9s relatifs aux plans de circulation routi\u00e8re,\n- autorisations de circulation des petits trains routiers et d\u00e9signation des experts charg\u00e9s\nde r\u00e9aliser les visites techniques annuelles aff\u00e9rentes,\n- classement, r\u00e9glementation et \u00e9quipement des passages \u00e0 niveau,\n- agr\u00e9ments des personnels assurant la mise en oeuvre des artifices de divertissement et\ndes articles pyrotechniques destin\u00e9s au th\u00e9\u00e2tre ainsi que la d\u00e9livrance des r\u00e9c\u00e9piss\u00e9s de\nd\u00e9claration d'organisation de spectacles pyrotechniques,\n-  concernant  les  policiers  adjoints  et  les  cadets  de  la  R\u00e9publique  :  actes  relatifs  \u00e0\nl'organisation de la commission de s\u00e9lection, l'agr\u00e9ment de la liste des candidats retenus et\nles sanctions disciplinaires (avertissement et bl\u00e2me) inflig\u00e9es sans saisine de la commission\nconsultative paritaire,\n- tous actes relatifs \u00e0 la proc\u00e9dure de sanction administrative des d\u00e9bits de boissons et les\nd\u00e9rogations aux horaires de fermeture des d\u00e9bits de boissons,\n- actes relatifs \u00e0 la proc\u00e9dure de sanction administrative des d\u00e9bits de tabac (article 1810,\n1817, 1825 du code g\u00e9n\u00e9ral des imp\u00f4ts),\n-actes et d\u00e9cisions relatifs \u00e0 la proc\u00e9dure de sanction administrative sur les agr\u00e9ments des\ncentres de contr\u00f4le technique et des contr\u00f4leurs techniques,\n- actes relatifs aux interdictions administratives de stade,\n- actes relatifs \u00e0 la commission de surveillance de la maison d'arr\u00eat de NIMES,\n- d\u00e9cisions relatives \u00e0 l'exercice des missions de s\u00e9curit\u00e9 priv\u00e9e : autorisations d'exercice\ndes agents de s\u00e9curit\u00e9 priv\u00e9e sur voie publique ou domaine public, double agr\u00e9ment des\nagents a\u00e9roportuaires, autorisations en lien avec l'\u00e9tat d'urgence (palpations et inspections\nvisuelles), retrait d'agr\u00e9ment des entreprises de s\u00e9curit\u00e9 priv\u00e9e (agr\u00e9\u00e9es par la CNAPS) et\ndes cartes professionnelles des agents de s\u00e9curit\u00e9 priv\u00e9e en cas d'urgence ou en raison de\ntroubles \u00e0 l'ordre public,\n- actes li\u00e9s \u00e0 l'instruction des demandes d'autorisation de vid\u00e9oprotection,\n- actes et d\u00e9cisions li\u00e9s aux polices municipales : cartes professionnelles, agr\u00e9ments et\nretraits d'agr\u00e9ments, autorisation de port d'armes, contr\u00f4le de la formation des agents au\ntir et de la formation continue, autorisations d'acquisition d'armes et de munitions par les\ncollectivit\u00e9s,\n- d\u00e9cision d'agr\u00e9ments et de retraits d'agr\u00e9ments de gardes particuliers,\n- armes : d\u00e9cisions, actes et proc\u00e9dures li\u00e9s aux autorisations d'acquisition et de d\u00e9tention,\ndessaisissements,  saisies  administratives  au  titre  des  articles  L312-7  \u00e0  L312-13  du  CSI,\nenregistrements  au  FINIADA,  suivi  des  clubs  de  tirs,  habilitations  et  contr\u00f4les  des\nPrefecture du Gard - 30-2024-10-18-00009 - Arr\u00eat\u00e9 donnant d\u00e9l\u00e9gation de signature \u00e0 Mme Marie-Charlotte EUVRARD, sous-pr\u00e9f\u00e8te,\ndirectrice de cabinet du pr\u00e9fet du Gard 33\narmuriers,  bourses  aux  armes,  transferts  \u00e0  l'Etat,  fabrique  ou  commerce  d'armes,\nd\u00e9livrance des cartes europ\u00e9ennes d'armes \u00e0 feu.\nArticle 2 : En mati\u00e8re financi\u00e8re, Mme Marie-Charlotte EUVRARD a d\u00e9l\u00e9gation de signature\npour proc\u00e9der aux expressions des besoins, aux demandes d'achat et aux constatations du\nservice fait, dans la limite du montant annuel allou\u00e9 au centre de co\u00fbts \"cabinet\", pour les\nprogrammes suivants :\n- Programme 354 : administration territoriale de l'Etat\n- Programme 216 : conduite et pilotage des politiques de l'int\u00e9rieur\n- Programme 129 : coordination du travail gouvernemental (premier ministre)\n- Programme 147 : politique de la ville\n- Programme 207 : s\u00e9curit\u00e9 et circulation routi\u00e8re\n- Programme 181 : pr\u00e9vention des risques\n- Programme 177 : politiques en faveur de l'inclusion sociale (rapatri\u00e9s)\n- Programme 161 : intervention des services op\u00e9rationnels\n- Programme 128 : coordination des moyens de secours\n- Programme 203 : infrastructures et services de transport\n- Gestion du fonds de pr\u00e9vention des risques naturels majeurs\nArticle 3 : Demeurent r\u00e9serv\u00e9es \u00e0 la signature du pr\u00e9fet :\n\u2013 toutes  correspondances  adress\u00e9es  aux  cabinets  minist\u00e9riels  ainsi  que  celles  \ndestin\u00e9es aux administrations centrales ;\n\u2013 toutes  correspondances  adress\u00e9es  aux  pr\u00e9sidents  des  assembl\u00e9es  r\u00e9gionales  et  \nd\u00e9partementales ainsi que les r\u00e9ponses aux interventions des parlementaires, des  \nconseillers d\u00e9partementaux et r\u00e9gionaux ;\n\u2013 toutes correspondances adress\u00e9es au pr\u00e9fet de r\u00e9gion et aux directeurs r\u00e9gionaux.\nArticle  4     :   En  cas  d'absence  ou  d'emp\u00eachement  de  Mme  Marie-Charlotte  EUVRARD ,\ndirectrice de cabinet du pr\u00e9fet du Gard, la  d\u00e9l\u00e9gation de signature qui lui est consentie\npourra \u00eatre exerc\u00e9e par :\n\uf0d8 M.  Mathias NIEPS ,  sous-pr\u00e9fet,  charg\u00e9  de  mission  aupr\u00e8s  du  pr\u00e9fet  du  Gard,  \nsecr\u00e9taire g\u00e9n\u00e9ral adjoint de la pr\u00e9fecture du Gard,\n\uf0d8 M. Yann GERARD, secr\u00e9taire g\u00e9n\u00e9ral de la pr\u00e9fecture du Gard, sous-pr\u00e9fet de  \nN\u00eemes,\n\uf0d8 M. Emile SOUMBO, sous-pr\u00e9fet d'Al\u00e8s,\n\uf0d8 Mme Anne LEVASSEUR, sous-pr\u00e9f\u00e8te du Vigan,\nArticle     5   : D\u00e9l\u00e9gation de signature est \u00e9galement donn\u00e9e \u00e0 Mme Marie-Charlotte EUVRARD\npour l'ensemble du d\u00e9partement, \u00e0 l'effet de prendre : toute d\u00e9cision lorsqu'e lle assure la\ndirection des op\u00e9rations de secours, sous l'autorit\u00e9 du pr\u00e9fet.\nArticle 6  :  Afin de pouvoir assurer la permanence pr\u00e9fectorale qu'elle est amen\u00e9e \u00e0 tenir\npendant  les  jours  non  ouvrables  (samedi,  dimanche  et  jours  f\u00e9ri\u00e9s)  ou  de  fermeture\nexceptionnelle de la pr\u00e9fecture Mme Marie-Charlotte EUVRARD,  sous-pr\u00e9f\u00e8te, directrice de\ncabinet du pr\u00e9fet du Gard, d\u00e9sign\u00e9e dans le tableau hebdomadaire arr\u00eat\u00e9 par le pr\u00e9fet du\nGard, a d\u00e9l\u00e9gation de signature pour l'ensemble du d\u00e9partement du Gard \u00e0 l'effet de signer\nles documents suivants :\n- les arr\u00eat\u00e9s de suspension de permis de conduire ;\nPrefecture du Gard - 30-2024-10-18-00009 - Arr\u00eat\u00e9 donnant d\u00e9l\u00e9gation de signature \u00e0 Mme Marie-Charlotte EUVRARD, sous-pr\u00e9f\u00e8te,\ndirectrice de cabinet du pr\u00e9fet du Gard 34\n- les arr\u00eat\u00e9s de refus de s\u00e9jour, d'invitations \u00e0 quitter le territoire, d'obligations de\nquitter le territoire, d'assignation \u00e0 r\u00e9sidence, d'interdiction de retour et de circulation,\nde r\u00e9admission;\n- les arr\u00eat\u00e9s de placement et de maintien en r\u00e9tention administrative et les d\u00e9cisions \nde sortie ainsi que toutes les r\u00e9quisitions \u00e0 ces fins, les demandes consulaires, les  \nsaisines des juges judiciaires en mati\u00e8re de prolongation de r\u00e9tention administrative ;\n-  les  m\u00e9moires  et  requ\u00eates  d\u00e9pos\u00e9s  devant  les  juridictions  judiciaires  et  \nadministratives ;\n-  les  arr\u00eat\u00e9s,  d\u00e9cisions,  actes,  correspondances  et  documents  en  mati\u00e8re  de  soins\npsychiatriques sur d\u00e9cision du repr\u00e9sentant de l'Etat ;\n- les actes pris en application de la r\u00e9glementation de la circulation conform\u00e9ment aux\ndispositions des articles R225 et R225-1 du Code de la route ;\n-  les  arr\u00eat\u00e9s  d'immobilisation  et  de mise en  fourri\u00e8re des  v\u00e9hicules  pour  certaines\ninfractions, dans le cadre de la LOPPSI ;\n- les mesures d'opposition \u00e0 sortie du territoire,\n- les instructions et r\u00e9quisitons de forces de police et de gendarmerie en vue d'assurer\ndes missions de maintien de l'ordre public ;\n- les arr\u00eat\u00e9s autorisant un transport de corps \u00e0 l'\u00e9tranger ;\n- les arr\u00eat\u00e9s autorisant une incin\u00e9ration ;\n-  les  arr\u00eat\u00e9s  interdisant  une  manifestation  publique  (manifestations  a\u00e9riennes,\nconcerts, spectacles, etc.) ;\n-  les  arr\u00eat\u00e9s  autorisant  ou  interdisant  une  manifestation  sportive  sur  route  ou  \u00e0\ncaract\u00e8re nautique ;\n- les mesures de police administrative prises en application de la loi n\u00b0 2020-856 du 9\njuillet 2020 organisant la sortie de l'\u00e9tat d'urgence et de ses d\u00e9crets d'application.\nArticle     7   : Toutes dispositions ant\u00e9rieures relative \u00e0 une d\u00e9l\u00e9gation de signature en la mati\u00e8re\nsont abrog\u00e9es.\nArticle 8 : Le pr\u00e9sent arr\u00eat\u00e9 prend effet \u00e0 compter de sa date de publication.\nArticle     9     : Le secr\u00e9taire g\u00e9n\u00e9ral de la pr\u00e9fecture, la directice de cabinet du pr\u00e9fet du Gard ,\nsont charg\u00e9s, chacun en ce qui les concerne, de l'ex\u00e9cution du pr\u00e9sent arr\u00eat\u00e9, qui sera publi\u00e9\nau recueil des actes administratifs de la pr\u00e9fecture.\nN\u00eemes, le 18 octobre 2024\n       Le pr\u00e9fet,\n                 sign\u00e9\nJ\u00e9r\u00f4me BONET\nPrefecture du Gard - 30-2024-10-18-00009 - Arr\u00eat\u00e9 donnant d\u00e9l\u00e9gation de signature \u00e0 Mme Marie-Charlotte EUVRARD, sous-pr\u00e9f\u00e8te,\ndirectrice de cabinet du pr\u00e9fet du Gard 35\nPrefecture du Gard\n30-2024-10-18-00010\nArr\u00eat\u00e9 donnant d\u00e9l\u00e9gation de signature \u00e0 Mme\nMarie-Charlotte EUVRARD, sous-pr\u00e9f\u00e8te,\ndirectrice de cabinet du pr\u00e9fet du Gard relative\naux dispositions de l'article L. 325-1-2 du code de\nla route\nPrefecture du Gard - 30-2024-10-18-00010 - Arr\u00eat\u00e9 donnant d\u00e9l\u00e9gation de signature \u00e0 Mme Marie-Charlotte EUVRARD, sous-pr\u00e9f\u00e8te,\ndirectrice de cabinet du pr\u00e9fet du Gard relative aux dispositions de l'article L. 325-1-2 du code de la route 36\n=PREFETDU GARDLibert\u00e9\u00c9galit\u00e9Fraternit\u00e9\nPr\u00e9fecture- Direction de la citoyennet\u00e9, \nde la l\u00e9galit\u00e9 et de la coordination\nService de la coordination des politiques publiques \net de l'appui territorial\nArr\u00eat\u00e9\ndonnant d\u00e9l\u00e9gation de signature \u00e0 Mme Marie-Charlotte EUVRARD,, \nsous-pr\u00e9f\u00e8te, directrice de cabinet du pr\u00e9fet du Gard\nrelative aux dispositions de l'article L. 325-1-2 du code de la route\nLe pr\u00e9fet du Gard\nChevalier de la L\u00e9gion d'honneur,\nChevalier de l'ordre national du M\u00e9rite \nVu le code de la d\u00e9fense,\nVu le code de la route et notamment son article L.325-1-2,\nVu le code de la s\u00e9curit\u00e9 int\u00e9rieure ;\nVu la  loi  n\u00b0  82-213  du  2  mars  1982  relative  aux  droits  et  libert\u00e9s  des  communes,  des\nd\u00e9partements et des r\u00e9gions, notamment son article 34 ;\nVu la loi du 9 juillet 1966 portant organisation de la police nationale ;\nVu la loi n\u00b0 2009-971 du 3 ao\u00fbt 2009 relative \u00e0 la gendarmerie nationale ; \nVu la loi n\u00b02011-267 du 14 mars 2011 d'orientation et de programmation pour la performance\nde la s\u00e9curit\u00e9 int\u00e9rieure et notamment son article 84 ;\nVu la loi n\u00b02016-1547 du 18 novembre 2016 de modernisation de la justice du XXI\u00e8 si\u00e8cle  ;\nVu le d\u00e9cret n\u00b0 97-34 du 15 janvier 1997 modifi\u00e9 relatif \u00e0 la d\u00e9concentration des d\u00e9cisions\nadministratives individuelles ;\nVu  le  d\u00e9cret  n\u00b0  2004-374  du  29  avril  2004  modifi\u00e9  relatif  aux  pouvoirs  des  pr\u00e9fets,  \u00e0\nl'organisation et \u00e0 l'action des services de l'Etat dans les r\u00e9gions et d\u00e9partements  ;\nVu le d\u00e9cret n\u00b0 2008-158 du 22 f\u00e9vrier  2008 relatif \u00e0 la suppl\u00e9ance des pr\u00e9fets de r\u00e9gion et \u00e0\nla  d\u00e9l\u00e9gation  de  signature  des  pr\u00e9fets  et  des  hauts  commissaires  de  la  R\u00e9publique  en\nPolyn\u00e9sie fran\u00e7aise et en Nouvelle-Cal\u00e9donie ;\nVu le d\u00e9cret n\u00b0 2008-633 du 27 juin 2008 relatif \u00e0 l'organisation d\u00e9concentr\u00e9e de la direction\ncentrale de la s\u00e9curit\u00e9 publique ;\nVu le d\u00e9cret n\u00b0 2009-176 du 16 f\u00e9vrier 2009 modifiant le d\u00e9cret n\u00b0 64-805 du 29 juillet 1964\nfixant les dispositions r\u00e9glementaires applicables aux pr\u00e9fets et le d\u00e9cret n\u00b0 2004-374 du 29\navril 2004 relatif aux pouvoirs des pr\u00e9fets, \u00e0 l'organisation et \u00e0 l'action des services de l'Etat\ndans les r\u00e9gions et d\u00e9partements ;\nVu  le d\u00e9cret n\u00b02012-732 du 9 mai 2012 portant diverses dispositions relatives \u00e0 la s\u00e9curit\u00e9\npublique ;\nPrefecture du Gard - 30-2024-10-18-00010 - Arr\u00eat\u00e9 donnant d\u00e9l\u00e9gation de signature \u00e0 Mme Marie-Charlotte EUVRARD, sous-pr\u00e9f\u00e8te,\ndirectrice de cabinet du pr\u00e9fet du Gard relative aux dispositions de l'article L. 325-1-2 du code de la route 37\nVu le d\u00e9cret n\u00b0 2015-510 du 7 mai 2015 portant charte de d\u00e9concentration  ;  \nVu le d\u00e9cret du 13 juillet 2023 nommant M. J\u00e9r\u00f4me BONET, pr\u00e9fet du Gard ;\nVu le d\u00e9cret du 9 octobre 2024 nommant Mme Marie-Charlotte EUVRARD , administratrice\nde l'Etat du premier degr\u00e9 en qualit\u00e9 de sous-pr\u00e9f\u00e8te, directrice de cabinet du pr\u00e9fet du\nGard ;\nVu  l'ordre  de  mutation  n\u00b0  004943/GEND/DRHGN/SDBPO  en  date  du  2  f\u00e9vrier  2024  du\nminist\u00e8re  de  l'int\u00e9rieur,  nommant  M.  le  colonel  Emmanuel  CASSO,  Commandant  du\ngroupement de gendarmerie d\u00e9partementale du Gard \u00e0 N\u00eemes \u00e0 compter du 1 er ao\u00fbt 2024 ;\nVu l'arr\u00eat\u00e9 du ministre de l'int\u00e9rieur de l'outre-mer et des collectivit\u00e9s territoriales du 14 avril\n2022  nommant  M.  Emmanuel  DESJARS  de  KERANROUE,  commissaire  g\u00e9n\u00e9ral  de  police,\ndirecteur d\u00e9partemental et commissaire central \u00e0 Avignon, \u00e0 compter du 2 mai 2022 ; \nVu l'arr\u00eat\u00e9 du Ministre de l'Int\u00e9rieur et des Outre-mer du 21 d\u00e9cembre 2023 nommant  M.\nJean-Philippe  NAHON ,  contr\u00f4leur g\u00e9n\u00e9ral  des  services  actifs  de  la  police  nationale,\ndirecteur interd\u00e9partemental de la police nationale \u00e0 N\u00eemes (30), \u00e0 compter du 1er janvier\n2024 ;\nVu l'arr\u00eat\u00e9  du  ministre  de  l'int\u00e9rieur  du  29  janvier  2024 nommant  M.  C\u00e9dric  ESSON,\ncommissaire g\u00e9n\u00e9ral de police \u00e0 l'emploi d'inspecteur g\u00e9n\u00e9ral, directeur interd\u00e9partemental\nde la police nationale des Bouches-du-Rh\u00f4ne (13), \u00e0 compter du 2 janvier 2024 ;\nVu l'arr\u00eat\u00e9 n\u00b0 30-2024-07-12-00001 du 12 juillet 2024 donnant d\u00e9l\u00e9gation de signature \u00e0  M.\nGr\u00e9goire PIERRE-DESSAUX, sous-pr\u00e9fet, directeur de cabinet du pr\u00e9fet du Gard , relative aux\ndispositions de l'article L. 325-1-2 du code de la route ;\nSur proposition du secr\u00e9taire g\u00e9n\u00e9ral de la pr\u00e9fecture du Gard  ;\nArr\u00eate \nArticle     1   :  Le pr\u00e9sent arr\u00eat\u00e9 annule et remplace l'arr\u00eat\u00e9 n\u00b0 30-2024-07-09-00001 du 9 juillet\n2024 donnant d\u00e9l\u00e9gation de signature \u00e0 M. Gr\u00e9goire PIERRE-DESSAUX, sous-pr\u00e9fet, directeur\nde cabinet du pr\u00e9fet du Gard, relative aux dispositions de l'article L. 325-1-2 du code de la\nroute\nPar le pr\u00e9sent arr\u00eat\u00e9 d\u00e9l\u00e9gation de signature est donn\u00e9e \u00e0 Mme Marie-Charlotte EUVRARD ,\nsous-pr\u00e9f\u00e8te, directrice de cabinet du pr\u00e9fet du Gard, \u00e0 l'effet de signer  :\n- les arr\u00eat\u00e9s d'immobilisation et/ou de mise en fourri\u00e8re \u00e0 titre provisoire des v\u00e9hicules  en\napplication des dispositions de l'article L. 325-1-2 du code de la route et de l'article 34 de la\nloi n\u00b02016-1547 du 18 novembre 2016 de modernisation de la justice du XXI\u00e8 si\u00e8cle. \n- les autorisations d\u00e9finitives de sortie d'un v\u00e9hicule mis en fourri\u00e8re sur d\u00e9cision du pr\u00e9fet.\nArticle     2   :   En  cas  d'absence  ou  d'emp\u00eachement  de  Mme  Marie-Charlotte  EUVRARD\ndirectrice de cabinet du pr\u00e9fet du Gard, la d\u00e9l\u00e9gation de signature qui lui est conf\u00e9r\u00e9e par\nl'article 1 du pr\u00e9sent arr\u00eat\u00e9 est donn\u00e9e \u00e0 M. Philippe NAHON , directeur interd\u00e9partemental\nde la police nationale \u00e0 N\u00eemes.\nArticle  3  :  En  cas  d'absence  ou  d'emp\u00eachement de M.  Philippe  NAHON , directeur\ninterd\u00e9partemental  de  la  police  nationale  \u00e0  N\u00eemes. celui-ci  peut  sous  sa  responsabilit\u00e9,\nPrefecture du Gard - 30-2024-10-18-00010 - Arr\u00eat\u00e9 donnant d\u00e9l\u00e9gation de signature \u00e0 Mme Marie-Charlotte EUVRARD, sous-pr\u00e9f\u00e8te,\ndirectrice de cabinet du pr\u00e9fet du Gard relative aux dispositions de l'article L. 325-1-2 du code de la route 38\nsubd\u00e9l\u00e9guer sa signature \u00e0 ses collaborateurs, \u00e0 l'effe t de signer les d\u00e9cisions pour lesquelles\nil re\u00e7oit la d\u00e9l\u00e9gation consentie \u00e0 l'article 2.\nIl d\u00e9finira, \u00e0 cet effet, par arr\u00eat\u00e9, pris en son nom, la liste de ses collaborateurs habilit\u00e9s \u00e0\nsigner les actes, \u00e0 sa place.\nCette d\u00e9cision sera publi\u00e9e au recueil des actes administratifs de la pr\u00e9fecture et visera le\npr\u00e9sent arr\u00eat\u00e9.\nArticle     4   :   En  cas  d'absence  ou  d'emp\u00eachement  de  Mme  Marie-Charlotte  EUVRARD ,\ndirectrice de cabinet du pr\u00e9fet du Gard, la d\u00e9l\u00e9gation de signature qui lui est conf\u00e9r\u00e9e par\nl'article 1 du pr\u00e9sent arr\u00eat\u00e9 est donn\u00e9e \u00e0 M. Emmanuel DESJARS de KERANROUE , directeur\nd\u00e9partemental de la s\u00e9curit\u00e9 publique du Vaucluse et commissaire central \u00e0 Avignon, pour\nsa zone territoriale de comp\u00e9tence situ\u00e9e dans le Gard.\nArticle 5 : En cas d'absence ou d'emp\u00eachement  de M. Emmanuel DESJARS de KERANROUE\ndirecteur  d\u00e9partemental  de  la  s\u00e9curit\u00e9  publique  du  Vaucluse,  celui-ci  peut  sous  sa\nresponsabilit\u00e9, subd\u00e9l\u00e9guer sa signature \u00e0 ses collaborateurs, \u00e0 l'effet de signer les d\u00e9cisions\npour lesquelles il re\u00e7oit la d\u00e9l\u00e9gation consentie \u00e0 l'article 4.\nIl d\u00e9finira, \u00e0 cet effet, par arr\u00eat\u00e9, pris en mon nom, la liste de ses collaborateurs habilit\u00e9s \u00e0\nsigner les actes, \u00e0 sa place.\nCette d\u00e9cision sera publi\u00e9e au recueil des actes administratifs de la pr\u00e9fecture du Gard et\nvisera le pr\u00e9sent arr\u00eat\u00e9.\nArticle     6   :   En  cas  d'absence  ou  d'emp\u00eachement  de  Mme  Marie-Charlotte  EUVRARD ,\ndirectrice de cabinet du pr\u00e9fet du Gard, la d\u00e9l\u00e9gation de signature qui lui est conf\u00e9r\u00e9e par\nl'article 1 du pr\u00e9sent arr\u00eat\u00e9 est donn\u00e9e \u00e0 M. C\u00e9dric ESSON , commissaire g\u00e9n\u00e9ral de police \u00e0\nl'emploi  d'inspecteur  g\u00e9n\u00e9ral,  directeur  interd\u00e9partemental  de  la  police  nationale  des\nBouches-du-Rh\u00f4ne (13), pour sa zone territoriale de comp\u00e9tence situ\u00e9e dans le Gard.\nArticle 7 : En cas d'absence ou d'emp\u00eachement de M. C\u00e9dric ESSON, commissaire g\u00e9n\u00e9ral de\npolice \u00e0 l'emploi d'inspecteur g\u00e9n\u00e9ral, directeur interd\u00e9partemental de la police nationale\ndes Bouches-du-Rh\u00f4ne (13) , celui-ci peut s ous sa responsabilit\u00e9, subd\u00e9l\u00e9guer sa signature \u00e0\nses collaborateurs, \u00e0 l'effet de signer  les d\u00e9cisions pour  lesquelles il re\u00e7oit  la d\u00e9l\u00e9gation\nconsentie \u00e0 l'article 6.\nIl d\u00e9finira, \u00e0 cet effet, par arr\u00eat\u00e9, pris en son nom, la liste de ses collaborateurs habilit\u00e9s \u00e0\nsigner les actes, \u00e0 sa place. Cette d\u00e9cision sera publi\u00e9e au recueil des actes administratifs de\nla pr\u00e9fecture du Gard et visera le pr\u00e9sent arr\u00eat\u00e9.\nArticle  8     :  En  cas  d'absence  ou  d'emp\u00eachement  de  Mme  Marie-Charlotte  EUVRARD ,\ndirectrice de cabinet du pr\u00e9fet du Gard, la d\u00e9l\u00e9gation de signature qui lui est conf\u00e9r\u00e9e par\nl'article 1 est donn\u00e9e \u00e0  M. le colonel  Emmanuel CASSO , commandant le groupement de\ngendarmerie d\u00e9partementale du Gard, sur sa zone territoriale de comp\u00e9tence.\nArticle   9     :    En  cas  d'absence  ou  d'emp\u00eachement de M.  le  colonel  Emmanuel  CASSO,\ncommandant le groupement de gendarmerie d\u00e9partementale du Gard , celui-ci peut sous sa\nresponsabilit\u00e9, subd\u00e9l\u00e9guer sa signature \u00e0 ses collaborateurs, \u00e0 l'effet de signer les d\u00e9cisions\npour lesquelles il re\u00e7oit la d\u00e9l\u00e9gation consentie \u00e0 l'article 8.\nIl d\u00e9finira, \u00e0 cet effet, par arr\u00eat\u00e9, pris en son nom, la liste de ses collaborateurs habilit\u00e9s \u00e0\nsigner les actes, \u00e0 sa place.Cette d\u00e9cision sera publi\u00e9e au recueil des actes administratifs de\nla pr\u00e9fecture et visera le pr\u00e9sent arr\u00eat\u00e9.\nArticle 10  :  La signature des d\u00e9l\u00e9gataires et subd\u00e9l\u00e9gataires et leur qualit\u00e9 devront \u00eatre\npr\u00e9c\u00e9d\u00e9es de la mention suivante : \u00ab pour le pr\u00e9fet et par d\u00e9l\u00e9gation \u00bb.\nPrefecture du Gard - 30-2024-10-18-00010 - Arr\u00eat\u00e9 donnant d\u00e9l\u00e9gation de signature \u00e0 Mme Marie-Charlotte EUVRARD, sous-pr\u00e9f\u00e8te,\ndirectrice de cabinet du pr\u00e9fet du Gard relative aux dispositions de l'article L. 325-1-2 du code de la route 39\nArticle  11 :  Toutes  dispositions  ant\u00e9rieures  relative  \u00e0  une  d\u00e9l\u00e9gation  de  signature  en  la\nmati\u00e8re sont abrog\u00e9es.\nArticle 12 : Le pr\u00e9sent arr\u00eat\u00e9 prend effet \u00e0 compter de sa date de publication.\nArticle     13    :   Le secr\u00e9taire g\u00e9n\u00e9ral de la pr\u00e9fecture, la directrice de cabinet  du  pr\u00e9fet, le\ndirecteur interd\u00e9partemental de la police nationale du Gard, le directeur d\u00e9partemental de\nla s\u00e9curit\u00e9 publique du Vaucluse, le directeur interd\u00e9partemental de la police ntionale des\nBouches-du-Rh\u00f4ne  et le commandant du groupement de gendarmerie  d\u00e9partementale du\nGard sont charg\u00e9s, chacun en ce qui le concerne, de l'ex\u00e9cution du pr\u00e9sent arr\u00eat\u00e9, qui sera\npubli\u00e9 au recueil des actes administratifs de la pr\u00e9fecture du Gard.\nN\u00eemes, le 18 octobre 2024\n                Le pr\u00e9fet,\n       sign\u00e9\n       \nJ\u00e9r\u00f4me BONET\nPrefecture du Gard - 30-2024-10-18-00010 - Arr\u00eat\u00e9 donnant d\u00e9l\u00e9gation de signature \u00e0 Mme Marie-Charlotte EUVRARD, sous-pr\u00e9f\u00e8te,\ndirectrice de cabinet du pr\u00e9fet du Gard relative aux dispositions de l'article L. 325-1-2 du code de la route 40","date":"2024-10-21","first_seen_on":"2025-01-08T18:13:49+00:00","id":"6f78afbe2c3f1680d488f3ae6a604ac12920bc7d5b727789202102e42f3aee36","name":"recueil-30-2024-169-special du 21 10 2024","pdf_creation_date":"2024-10-21T06:51:22+00:00","pdf_modification_date":null,"timezone":"CET","url":"https://www.gard.gouv.fr/contenu/telechargement/60545/450023/file/recueil-30-2024-169-special%20du%2021%2010%202024.pdf"}
