{"administration":"pref21","administration_name":"Pr\u00e9fecture de C\u00f4te-d\u2019Or","content":"PR\u00c9FET\nDE LA C\u00d4TE-D'OR\nRECUEIL DES ACTES\nADMINISTRATIFS SP\u00c9CIAL\n(NOMINATIFS)\nN\u00b021-2025-069\nPUBLI\u00c9 LE 20 MAI 2025\nSommaire\nPr\u00e9fecture de la C\u00f4te-d'Or / Direction de la coordination, des politiques\npubliques et de l'appui territorial\n21-2025-05-16-00009 - Arr\u00eat\u00e9 pr\u00e9fectoral n\u00b0 686 du 16 mai\n2025\nmodifiant l'arr\u00eat\u00e9 pr\u00e9fectoral n\u00b0 180 du 14 d\u00e9cembre\n2024\nportant d\u00e9signation des membres de la commission\nd\u00e9partementale\nd'examen des situations de surendettement des\nparticuliers (2 pages) Page 3\n2\nPr\u00e9fecture de la C\u00f4te-d'Or\nDirection de la coordination, des politiques\npubliques et de l'appui territorial\n21-2025-05-16-00009\nArr\u00eat\u00e9 pr\u00e9fectoral n\u00b0 686 du 16 mai 2025\nmodifiant l'arr\u00eat\u00e9 pr\u00e9fectoral n\u00b0 180 du 14\nd\u00e9cembre 2024\nportant d\u00e9signation des membres de la\ncommission d\u00e9partementale\nd'examen des situations de surendettement des\nparticuliers\nPr\u00e9fecture de la C\u00f4te-d'Or - 21-2025-05-16-00009 - Arr\u00eat\u00e9 pr\u00e9fectoral n\u00b0 686 du 16 mai 2025\nmodifiant l'arr\u00eat\u00e9 pr\u00e9fectoral n\u00b0 180 du 14 d\u00e9cembre 2024\nportant d\u00e9signation des membres de la commission d\u00e9partementale\nd'examen des situations de surendettement des particuliers\n3\nExPREFETDE LACOTE-D'ORLibert\u00e9Egalit\u00e9Fraternit\u00e9\nDirection de la coordination\ndes politiques publiques\net de l'appui territorial\nArr\u00eat\u00e9 pr\u00e9fectoral n\u00b0 686 du 16 mai 2025\nmodifiant l'arr\u00eat\u00e9 pr\u00e9fectoral n\u00b0 180 du 14 d\u00e9cembre 2024 \nportant d\u00e9signation des membres de la commission d\u00e9partementale\nd'examen des situations de surendettement des particuliers\nLe pr\u00e9fet de la C\u00f4te-d'Or\nVU le Code de la consommation, notamment ses articles L712-1 \u00e0 L712-9 et R712-1 \u00e0 R712-12 ;\nVU l'arr\u00eat\u00e9 pr\u00e9fectoral n\u00b0 1442 / SG du 02 octobre 2023 modifiant l'arr\u00eat\u00e9 pr\u00e9fectoral n\u00b0 136 / SG  \ndu 02 f\u00e9vrier 2022 ;\nCONSID\u00c9RANT QUE,  suite au d\u00e9part de M. Christian CANCE, le pr\u00e9sident de la F\u00e9d\u00e9ration  \nfran\u00e7aise de Banque de Bourgogne-Franche-Comt\u00e9 a proc\u00e9d\u00e9 \u00e0 une nouvelle d\u00e9signation des  \nrepr\u00e9sentants des cr\u00e9anciers au sein de la commission d\u00e9partementale d'examen des situations de \nsurendettement des particuliers de C\u00f4te-d'Or ;\nSUR proposition du secr\u00e9taire g\u00e9n\u00e9ral de la pr\u00e9fecture de la C\u00f4te-d'Or ;\nARR\u00caTE\nArticle 1er : L'arr\u00eat\u00e9 pr\u00e9fectoral n\u00b0 180 du 14 d\u00e9cembre 2024  est modifi\u00e9 \u00e0 compter du pr\u00e9sent  \narr\u00eat\u00e9, conform\u00e9ment aux dispositions suivantes.\nArticle  2 : La  commission  d\u00e9partementale  d'examen  des  situations  de  surendettement  des  \nparticuliers, cr\u00e9\u00e9e par arr\u00eat\u00e9 pr\u00e9fectoral du 7 mars 1990, est constitu\u00e9e comme suit :\nMembres de droit :\n\u2013 Le  pr\u00e9fet  de  la  C\u00f4te-d'Or,  pr\u00e9sident  de  la  commission  ou  son  d\u00e9l\u00e9gu\u00e9,  le  sous-pr\u00e9fet  de \nl'arrondissement de Beaune.\nEn cas d'emp\u00eachement, le d\u00e9l\u00e9gu\u00e9 du pr\u00e9fet peut se faire repr\u00e9senter par l'un des deux agents de  \ncat\u00e9gorie A de l'administration territoriale de l'\u00c9tat de C\u00f4te-d'Or, nominativement d\u00e9sign\u00e9s \u00e0 cet  \neffet dans le r\u00e8glement int\u00e9rieur de la commission, qu'il choisit parmi les membres du corps  \npr\u00e9fectoral, les chefs des services d\u00e9concentr\u00e9s de l'\u00c9tat ou leurs adjoints ou les directeurs de  \npr\u00e9fecture\nPr\u00e9fecture de la C\u00f4te-d'Or\n53, rue de la Pr\u00e9fecture\n21 041 Dijon cedex\n03.80.44.64.0\nPr\u00e9fecture de la C\u00f4te-d'Or - 21-2025-05-16-00009 - Arr\u00eat\u00e9 pr\u00e9fectoral n\u00b0 686 du 16 mai 2025\nmodifiant l'arr\u00eat\u00e9 pr\u00e9fectoral n\u00b0 180 du 14 d\u00e9cembre 2024\nportant d\u00e9signation des membres de la commission d\u00e9partementale\nd'examen des situations de surendettement des particuliers\n4\n\u2013 Le responsable d\u00e9partemental de la Direction R\u00e9gionale des Finances Publiques de la r\u00e9gion  \nBourgogne-Franche-Comt\u00e9 et du d\u00e9partement de la C\u00f4te-d'Or, vice-pr\u00e9sident de la commission ou  \nson d\u00e9l\u00e9gu\u00e9, M. Taoufik ZOUAF, inspecteur des finances publiques \u00e0 la direction r\u00e9gionale des  \nfinances publiques de Bourgogne-Franche-Comt\u00e9 et du d\u00e9partement de la C\u00f4te-d'Or. \nEn cas d'emp\u00eachement, le d\u00e9l\u00e9gu\u00e9 du responsable d\u00e9partemental de la Direction R\u00e9gionale des  \nFinances Publiques de la r\u00e9gion Bourgogne-Franche-Comt\u00e9 et du d\u00e9partement de la C\u00f4te-d'Or  \npeut se faire repr\u00e9senter par l'un des deux agents de cat\u00e9gorie A de la direction r\u00e9gionale des  \nfinances  publiques  de  Bourgogne-Franche-Comt\u00e9  et  du  d\u00e9partement  de  la  C\u00f4te-d'Or,  \nnominativement d\u00e9sign\u00e9s \u00e0 cet effet dans le r\u00e8glement int\u00e9rieur de la commission.\n\u2013 Le directeur d\u00e9partemental de la Banque de France ou son repr\u00e9sentant assurant le secr\u00e9tariat  \nde la commission.\nMembres d\u00e9sign\u00e9s non permanents :\n\u2013 Le  repr\u00e9sentant  de  l'association  fran\u00e7aise  des  \u00e9tablissements  de  cr\u00e9dit  et  des  entreprises \nd'investissement (AFECEI)  : Monsieur Vincent MARECHAL, directeur du groupe Agences, LCL  \nmembre titulaire, ou Madame Christelle MANERA, responsable du p\u00f4le contentieux particuliers \u00e0 la \nBanque Populaire de Bourgogne-Franche-Comt\u00e9, membre suppl\u00e9ant.\n\u2013 Le repr\u00e9sentant des associations familiales ou de consommateurs  : M.  Emmanuel JASPART, \nrepr\u00e9sentant  la  Conf\u00e9d\u00e9ration  syndicale  des  familles  (CSF),  membre  titulaire,  ou  M.  Fran\u00e7ois \nGUILLAUME,  repr\u00e9sentant  l'Union  D\u00e9partementale  des  Associations  Familiales  de  C\u00f4te  d'Or, \nmembre suppl\u00e9ant.\n\u2013 Mme  S\u00e9verine  LAGIER,  conseill\u00e8re  en  \u00e9conomie  sociale  et  familiale  qualifi\u00e9e  en  mati\u00e8re \nd'\u00e9conomie sociale au conseil d\u00e9partemental de la C\u00f4te-d'Or, membre titulaire, ou Mme Sylvie  \nDUCHASSIN, conseill\u00e8re en \u00e9conomie sociale et familiale au conseil d\u00e9partemental de la C\u00f4te-\nd'Or, membre suppl\u00e9ant.\n\u2013 Mme Christine DAUTIN, charg\u00e9e des affaires juridiques et institutionnelles de la FDSEA.\nArticle 3  : Les membres non permanents de cette instance sont d\u00e9sign\u00e9s pour une p\u00e9riode de  \ndeux ans renouvelable. Le renouvellement de ces membres s'op\u00e8re par tacite reconduction.\nArticle 4 : M. le secr\u00e9taire g\u00e9n\u00e9ral de la pr\u00e9fecture de la C\u00f4te-d'Or est charg\u00e9 de l'ex\u00e9cution du  \npr\u00e9sent arr\u00eat\u00e9 qui sera publi\u00e9 au recueil des actes administratifs de la pr\u00e9fecture de la C\u00f4te-d'Or et  \nadress\u00e9 \u00e0 l'ensemble des membres de la commission.\nFait \u00e0 Dijon, le 16 mai 2025\nLe pr\u00e9fet,\npour le pr\u00e9fet et par d\u00e9l\u00e9gation\nle secr\u00e9taire g\u00e9n\u00e9ral\nsign\u00e9\nDenis BRUEL\nPr\u00e9fecture de la C\u00f4te-d'Or\n53, rue de la Pr\u00e9fecture\n21 041 Dijon cedex\n03.80.44.64.0\nPr\u00e9fecture de la C\u00f4te-d'Or - 21-2025-05-16-00009 - Arr\u00eat\u00e9 pr\u00e9fectoral n\u00b0 686 du 16 mai 2025\nmodifiant l'arr\u00eat\u00e9 pr\u00e9fectoral n\u00b0 180 du 14 d\u00e9cembre 2024\nportant d\u00e9signation des membres de la commission d\u00e9partementale\nd'examen des situations de surendettement des particuliers\n5","date":"2025-05-20","first_seen_on":"2025-09-14T04:07:35+00:00","id":"6fc1c11ce7fe87deb557a9af0fcbe522fccca5f5719e5c1ce641b85a592dbb78","name":"RAA n\u00b0 069 du 20 mai 2025","pdf_creation_date":"2025-05-20T14:13:23+00:00","pdf_modification_date":null,"timezone":"Europe/Paris","url":"https://www.cote-dor.gouv.fr/contenu/telechargement/23383/178022/file/recueil-21-2025-069-recueil-des-actes-administratifs-nominatifs.pdf"}
