{"administration":"pref03","administration_name":"Pr\u00e9fecture de l\u2019Allier","content":"ALLIER\nRECUEIL DES ACTES\nADMINISTRATIFS SP\u00c9CIAL\nN\u00b003-2026-087\nPUBLI\u00c9 LE 27 AVRIL 2026\nSommaire\n03_Pr\u00e9f_Pr\u00e9fecture de l'Allier / Direction de la Coordination des\nPolitiques Publique\n03-2026-04-27-00003 - Ordre du jour de la r\u00e9union de la CDAC du 2 juin\n2026 (1 page) Page 3\n03_Pr\u00e9f_Pr\u00e9fecture de l'Allier / Direction de la R\u00e9glementation des\nLibert\u00e9s Publiques et des \u00c9trangers - BERGPIP\n03-2026-04-27-00001 -  BILLEZOIS d\u00e9l\u00e9gation sp\u00e9ciale arr\u00eat\u00e9\npr\u00e9fectoral compl\u00e9mentaire (1 page) Page 5\n03-2026-04-27-00002 -  Le Bouchaud d\u00e9l\u00e9gation sp\u00e9ciale arr\u00eat\u00e9\npr\u00e9fectoral complementaire (1 page) Page 7\n84_ARS_Agence R\u00e9gionale de Sant\u00e9 Auvergne-Rh\u00f4ne-Alpes /\n03-2026-03-31-00005 - extrait deleg signature aux DD ARS AURA du 31 mars\n2026  2026 23 0017 (7 pages) Page 9\n2\n03_Pr\u00e9f_Pr\u00e9fecture de l'Allier\n03-2026-04-27-00003\nOrdre du jour de la r\u00e9union de la CDAC du 2 juin\n2026\n03_Pr\u00e9f_Pr\u00e9fecture de l'Allier - 03-2026-04-27-00003 - Ordre du jour de la r\u00e9union de la CDAC du 2 juin 2026 3\nExPREFETDE L'ALLIERLibert\u00e9Egalit\u00e9Fraternit\u00e9\nDIRECTION DE LA COORDINATION DES POLITIQUES PUBLIQUES\nBureau de la coordination des politiques publiques\nSecr\u00e9tariat de la CDAC\nCOMMISSION D\u00c9PARTEMENTALE D'AM\u00c9NAGEMENT COMMERCIAL\nDE L'ALLIER\nR\u00e9union du mardi 2 juin 2026 \u00e0 14H00\nen pr\u00e9fecture de l'Allier \u00e0 Moulins\nORDRE DU JOUR\nDemande d'avis portant sur :\n\u2013 la cr\u00e9ation d'un ensemble commercial d'une surface de vente totale de 1  108 m\u00b2  par cr\u00e9ation d'un\nmagasin \u00e0 l'enseigne OUTSIDERS d'une surface de vente de 788  m\u00b2, au 94-96 avenue Gilbert Roux \u00e0\nCUSSET (03 300).\nP\u00e9titionnaires :\nDemande pr\u00e9sent\u00e9e conjointement par les  soci\u00e9t\u00e9s SARL ELIXIS PROPERTY et SASU OUTSIDERS\nsises 14 rue Rougemont \u00e0 PARIS (75 009).\n03_Pr\u00e9f_Pr\u00e9fecture de l'Allier - 03-2026-04-27-00003 - Ordre du jour de la r\u00e9union de la CDAC du 2 juin 2026 4\n03_Pr\u00e9f_Pr\u00e9fecture de l'Allier\n03-2026-04-27-00001\n BILLEZOIS d\u00e9l\u00e9gation sp\u00e9ciale arr\u00eat\u00e9 pr\u00e9fectoral\ncompl\u00e9mentaire\n03_Pr\u00e9f_Pr\u00e9fecture de l'Allier - 03-2026-04-27-00001 -  BILLEZOIS d\u00e9l\u00e9gation sp\u00e9ciale arr\u00eat\u00e9 pr\u00e9fectoral compl\u00e9mentaire 5\nDirection de la Citoyennet\u00e9 et de la L\u00e9galit\u00e9\nExtrait de l'arr\u00eat\u00e9 n\u00b0 2026 / 950 du 27 avril 2026 Compl\u00e9mentaire \u00e0 l'arr\u00eat\u00e9 n\u00b0 641/2026 du 16 \nmars 2026 Instituant une d\u00e9l\u00e9gation sp\u00e9ciale dans la commune de BILLEZOIS\nArticle 1er : \nLa pr\u00e9sidente de la d\u00e9l\u00e9gation sp\u00e9ciale a droit au versement d'une indemnit\u00e9 de fonction selon les\ntaux  applicables  aux  maires,  fix\u00e9s  par  l'article  L.2123-23  du  Code  g\u00e9n\u00e9ral  des  collectivit\u00e9s\nterritoriales (CGCT) ;\nLes  d\u00e9l\u00e9gations  sp\u00e9ciales,  \u00e0  l'instar  des  conseils  municipaux,  sont  habilit\u00e9s  \u00e0  d\u00e9cider  de\nl'attribution d'indemnit\u00e9s de fonction aux membres faisant d'adjoints, c'est-\u00e0-dire le ou les vice-\npr\u00e9sidents,  dans  la  limite  des  taux  maximaux  pr\u00e9vus  \u00e0  l'article  L.2123-24  du  CGCT et  \u00e0  la\ncondition qu'ils soient titulaires de d\u00e9l\u00e9gations de fonctions accord\u00e9es par le pr\u00e9sident.\nArticle 2 : \nA compter de leur d\u00e9signation au sein de la d\u00e9l\u00e9gation sp\u00e9ciale, le pr\u00e9sident et les membres de la\nd\u00e9l\u00e9gation sp\u00e9ciale ont droit au remboursement des frais de d\u00e9placement notamment pour se\nrendre dans la commune \u00e0 partir de leur domicile, calcul\u00e9s conform\u00e9ment  aux dispositions du\nD\u00e9cret n\u00b02001-654 du 19 juillet 2001 fixant les conditions et les modalit\u00e9s de r\u00e8glements des frais\noccasionn\u00e9s par les d\u00e9placements des personnels des collectivit\u00e9s locales et  \u00e9tablissements\npublics mentionn\u00e9s \u00e0 l'article 2 de la loi n\u00b0 84-53 du 26 janvier 1984 modifi\u00e9e portant dispositions\nstatutaires relatives \u00e0 la fonction publique territoriale et abrogeant le d\u00e9cret n\u00b0 91-573 du 19 juin\n1991.\nArticle 3 :\nLa pr\u00e9sente d\u00e9cision peut \u00eatre contest\u00e9e selon les voies et d\u00e9lais de recours figurant au bas de\nl'arr\u00eat\u00e9.\nArticle 4 : \nM. le secr\u00e9taire g\u00e9n\u00e9ral de la pr\u00e9fecture de l'Allier, M. le Sous-Pr\u00e9fet de Vichy et M. le directeur\nd\u00e9partemental des finances publiques de l'Allier et les membres de la d\u00e9l\u00e9gation sp\u00e9ciale sont\ncharg\u00e9s de l'ex\u00e9cution du pr\u00e9sent arr\u00eat\u00e9 qui sera notifi\u00e9 \u00e0 chacun des membres de la d\u00e9l\u00e9gation\nsp\u00e9ciale, affich\u00e9 en mairie de BILLEZOIS et ins\u00e9r\u00e9 au recueil des actes administratifs de la\npr\u00e9fecture.\nMoulins le 27 avril 2026\nPour le Pr\u00e9fet,\nLe Secr\u00e9taire G\u00e9n\u00e9ral\nSign\u00e9\u00a0:\u00a0Olivier\u00a0MAUREL\nD\u00e9lais et voies de recours\nLe pr\u00e9sent arr\u00eat\u00e9 peut faire l'objet dans le d\u00e9lai de 2  mois \u00e0 compter de sa notification /\npublication :\n\u2013 soit d'un recours gracieux aupr\u00e8s du Pr\u00e9fet de l'Allier;\n\u2013 soit d'un recours hi\u00e9rarchique aupr\u00e8s du Ministre de l'Int\u00e9rieur ;\n\u2013 soit d'un recours contentieux devant le tribunal administratif de Clermont-Ferrand. Le\ntribunal administratif peut \u00eatre saisi d'un recours d\u00e9pos\u00e9 via l'application \u00ab  T\u00e9l\u00e9recours\ncitoyens \u00bb, accessible par le site Internet www.telerecours.fr\nL'absence  de  r\u00e9ponse  de  l'administration  pendant  deux  mois  fait  na\u00eetre  une  d\u00e9cision\nimplicite  de  rejet  qui  peut  elle-m\u00eame  faire  l'objet  d'un  recours  contentieux  aupr\u00e8s  du\ntribunal administratif comp\u00e9tent dans les deux mois suivants cette d\u00e9cision. Il en est de\nm\u00eame en cas de d\u00e9cision explicite de rejet.\n1\n03_Pr\u00e9f_Pr\u00e9fecture de l'Allier - 03-2026-04-27-00001 -  BILLEZOIS d\u00e9l\u00e9gation sp\u00e9ciale arr\u00eat\u00e9 pr\u00e9fectoral compl\u00e9mentaire 6\n03_Pr\u00e9f_Pr\u00e9fecture de l'Allier\n03-2026-04-27-00002\n Le Bouchaud d\u00e9l\u00e9gation sp\u00e9ciale arr\u00eat\u00e9\npr\u00e9fectoral complementaire\n03_Pr\u00e9f_Pr\u00e9fecture de l'Allier - 03-2026-04-27-00002 -  Le Bouchaud d\u00e9l\u00e9gation sp\u00e9ciale arr\u00eat\u00e9 pr\u00e9fectoral complementaire 7\nDirection de la Citoyennet\u00e9 et de la L\u00e9galit\u00e9\nExtrait de l'arr\u00eat\u00e9 n\u00b0 2026 / 949 du 27 avril 2026 Compl\u00e9mentaire \u00e0 l'arr\u00eat\u00e9 n\u00b0 642/2026 du 16 \nmars 2026 Instituant une d\u00e9l\u00e9gation sp\u00e9ciale dans la commune de Le Bouchaud\nArticle 1er : \nLe pr\u00e9sident de la d\u00e9l\u00e9gation sp\u00e9ciale a droit au versement d'une indemnit\u00e9 de fonction selon les\ntaux  applicables  aux  maires,  fix\u00e9s  par  l'article  L.2123-23  du  Code  g\u00e9n\u00e9ral  des  collectivit\u00e9s\nterritoriales (CGCT) ;\nLes  d\u00e9l\u00e9gations  sp\u00e9ciales,  \u00e0  l'instar  des  conseils  municipaux,  sont  habilit\u00e9s  \u00e0  d\u00e9cider  de\nl'attribution d'indemnit\u00e9s de fonction aux membres faisant d'adjoints, c'est-\u00e0-dire le ou les vice-\npr\u00e9sidents,  dans  la  limite  des  taux  maximaux  pr\u00e9vus  \u00e0  l'article  L.2123-24  du  CGCT et  \u00e0  la\ncondition qu'ils soient titulaires de d\u00e9l\u00e9gations de fonctions accord\u00e9es par le pr\u00e9sident.\nArticle 2 : \nA compter de leur d\u00e9signation au sein de la d\u00e9l\u00e9gation sp\u00e9ciale, le pr\u00e9sident et les membres de la\nd\u00e9l\u00e9gation sp\u00e9ciale ont droit au remboursement des frais de d\u00e9placement notamment pour se\nrendre dans la commune \u00e0 partir de leur domicile, calcul\u00e9s conform\u00e9ment  aux dispositions du\nD\u00e9cret n\u00b02001-654 du 19 juillet 2001 fixant les conditions et les modalit\u00e9s de r\u00e8glements des frais\noccasionn\u00e9s par les d\u00e9placements des personnels des collectivit\u00e9s locales et  \u00e9tablissements\npublics mentionn\u00e9s \u00e0 l'article 2 de la loi n\u00b0 84-53 du 26 janvier 1984 modifi\u00e9e portant dispositions\nstatutaires relatives \u00e0 la fonction publique territoriale et abrogeant le d\u00e9cret n\u00b0 91-573 du 19 juin\n1991.\nArticle 3 :\nLa pr\u00e9sente d\u00e9cision peut \u00eatre contest\u00e9e selon les voies et d\u00e9lais de recours figurant au bas de\nl'arr\u00eat\u00e9.\nArticle 4 : \nM. le secr\u00e9taire g\u00e9n\u00e9ral de la pr\u00e9fecture de l'Allier, M. le Sous-Pr\u00e9fet de Vichy et M. le Directeur\nd\u00e9partemental des finances publiques de l'Allier et les membres de la d\u00e9l\u00e9gation sp\u00e9ciale sont\ncharg\u00e9s de l'ex\u00e9cution du pr\u00e9sent arr\u00eat\u00e9 qui sera notifi\u00e9 \u00e0 chacun des membres de la d\u00e9l\u00e9gation\nsp\u00e9ciale, affich\u00e9 en mairie de Le Bouchaud et ins\u00e9r\u00e9 au recueil des actes administratifs de la\npr\u00e9fecture.\nMoulins le 27 avril 2026\nPour le Pr\u00e9fet,\nLe Secr\u00e9taire G\u00e9n\u00e9ral\nSign\u00e9\u00a0:\u00a0Olivier\u00a0MAUREL\nD\u00e9lais et voies de recours\nLe pr\u00e9sent arr\u00eat\u00e9 peut faire l'objet dans le d\u00e9lai de 2  mois \u00e0 compter de sa notification /\npublication :\n\u2013 soit d'un recours gracieux aupr\u00e8s du Pr\u00e9fet de l'Allier;\n\u2013 soit d'un recours hi\u00e9rarchique aupr\u00e8s du Ministre de l'Int\u00e9rieur ;\n\u2013 soit d'un recours contentieux devant le tribunal administratif de Clermont-Ferrand. Le\ntribunal administratif peut \u00eatre saisi d'un recours d\u00e9pos\u00e9 via l'application \u00ab  T\u00e9l\u00e9recours\ncitoyens \u00bb, accessible par le site Internet www.telerecours.fr\nL'absence  de  r\u00e9ponse  de  l'administration  pendant  deux  mois  fait  na\u00eetre  une  d\u00e9cision\nimplicite  de  rejet  qui  peut  elle-m\u00eame  faire  l'objet  d'un  recours  contentieux  aupr\u00e8s  du\ntribunal administratif comp\u00e9tent dans les deux mois suivants cette d\u00e9cision. Il en est de\nm\u00eame en cas de d\u00e9cision explicite de rejet\n1\n03_Pr\u00e9f_Pr\u00e9fecture de l'Allier - 03-2026-04-27-00002 -  Le Bouchaud d\u00e9l\u00e9gation sp\u00e9ciale arr\u00eat\u00e9 pr\u00e9fectoral complementaire 8\n84_ARS_Agence R\u00e9gionale de Sant\u00e9\nAuvergne-Rh\u00f4ne-Alpes\n03-2026-03-31-00005\nextrait deleg signature aux DD ARS AURA du 31\nmars 2026  2026 23 0017\n84_ARS_Agence R\u00e9gionale de Sant\u00e9 Auvergne-Rh\u00f4ne-Alpes - 03-2026-03-31-00005 - extrait deleg signature aux DD ARS AURA du 31\nmars 2026  2026 23 0017 9\nExtrait de la d\u00e9cision N\u00b02026-23-0017 portant d\u00e9l\u00e9gation de signature aux directeurs des d\u00e9l\u00e9gations \nd\u00e9partementales \n \n \n \n \nLa directrice g\u00e9n\u00e9rale de l'Agence r\u00e9gionale de sant\u00e9 Auvergne-Rh\u00f4ne-Alpes \n \n \nD\u00c9CIDE \n \nArticle 1 \n\u00c0 l'exclusion des actes vis\u00e9s \u00e0 l'article 4, d\u00e9l\u00e9gation de signature est donn\u00e9e aux agents de l'ARS suivants, \n\u00e0 l'effet de signer, dans la limite de leurs comp\u00e9tences, les actes relevant des missions des d\u00e9l\u00e9gations \nd\u00e9partementales de l'Agence r\u00e9gionale de sant\u00e9 Auvergne-Rh\u00f4ne-Alpes, \u00e0 savoir : \n \n\u2013 les d\u00e9cisions, conventions, correspondances et contrats de ville relatifs \u00e0 la mise en \u0153uvre et au suivi \ndes mesures relatives \u00e0 la pr\u00e9vention, \u00e0 la gestion des risques, aux alertes sanitaires et celles relatives \n\u00e0 l'offre de sant\u00e9 dans leur d\u00e9partement respectif ; \n\u2013 les arr\u00eat\u00e9s de tarification des \u00e9tablissements et services m\u00e9dico-sociaux, les d\u00e9cisions d'approbation \nexpresse ou de rejet des \u00e9tats pr\u00e9visionnels de recettes et de d\u00e9penses (EPRD)  des \u00e9tablissements et \nservices m\u00e9dico-sociaux (ESMS) et leurs  d\u00e9cisions modificatives, la fixation des EPRD des \u00e9tablissements \net services mentionn\u00e9s aux articles R314 -80 et R314 -101 du code de l'action sociale et familles, les \nd\u00e9cisions de rejet de d\u00e9pense figurant au compte de r\u00e9sultat d'un ESMS et manifestement \u00e9trang\u00e8res, \npar leur nature ou leur importance \u00e0 celles qui avaien t \u00e9t\u00e9 envisag\u00e9es lors de la fixation du tarif et la \ntarification d'office du montant et de l'affectation des r\u00e9sultats dans le cas pr\u00e9vu \u00e0 l'article R314-237 \ndu code de l'action sociale et des familles ; \n\u2013 la notification des d\u00e9cisions envisag\u00e9es \u00e0 la suite des missions d'inspection et de contr\u00f4le  ; \n\u2013 les d\u00e9cisions d'engagement  de d\u00e9penses inf\u00e9rieures \u00e0 1500  \u20ac hors taxes permettant le \nfonctionnement courant de la d\u00e9l\u00e9gation ; \n\u2013 la validation et la certification du service fait relative au fonctionnement courant de la d\u00e9l\u00e9gation ; \n\u2013 Les \u00e9tats de frais de d\u00e9placement pr\u00e9sent\u00e9s par les membres des conseils territoriaux de sant\u00e9 d\u00e8s \nlors qu'ils ont assist\u00e9 \u00e0 une assembl\u00e9e pl\u00e9ni\u00e8re ou \u00e0 une r\u00e9union du bureau, ou de la commission \n\u00ab sant\u00e9 mentale \u00bb ou de la formation usager dans les conditions pr\u00e9vues par le r\u00e8glement int\u00e9rieur du \nCTS ; \n\u2013 l'ordonnancement, la validation et la certification du service fait des d\u00e9penses li\u00e9es aux astreintes tel \nque renseign\u00e9 par les agents dans le SI Astreintes, en lien le cas \u00e9ch\u00e9ant ave c les responsables de \nplanning ; \n\u2013 les d\u00e9cisions et correspondances relatives \u00e0 l'ex\u00e9cution des march\u00e9s de contr\u00f4le sanitaire des eaux \nde la r\u00e9gion Auvergne -Rh\u00f4ne-Alpes et la passation des commandes aux laboratoires concernant les \ncontr\u00f4les et recontr\u00f4les n\u00e9cessit\u00e9s par les non -conformit\u00e9s et les urgences (type pollution) des \nd\u00e9partements de la r\u00e9gion Auvergne -Rh\u00f4ne-Alpes et afin de signer toutes correspondances entrant \ndans le champ de comp\u00e9tences de leur service respectif, sous r\u00e9serve des dispositions de l'article 4 \nde la pr\u00e9sente d\u00e9cision ; \n\u2013 Les agr\u00e9ments des entreprises de transports sanitaires terrestre et a\u00e9rien, les autorisations de mise \nen service de v\u00e9hicules de transports sanitaires, lettres d'observation et avertissements, tableaux de \ngarde semestriels des ambulanciers. \n84_ARS_Agence R\u00e9gionale de Sant\u00e9 Auvergne-Rh\u00f4ne-Alpes - 03-2026-03-31-00005 - extrait deleg signature aux DD ARS AURA du 31\nmars 2026  2026 23 0017 10\n\u2013 la signature de conventions tripartites CNSA/CD/ARS relatives \u00e0 la coop\u00e9ration et les engagements \npartag\u00e9s pour le soutien \u00e0 l'autonomie des personnes \u00e2g\u00e9es ou vivant avec un handicap et leurs \naidants. \nAu titre de la d\u00e9l\u00e9gation de l'Ain : \n\u25cf Madame Sidonie JIQUEL, directrice de la d\u00e9l\u00e9gation d\u00e9partementale  \nEn cas d'absence ou d'emp\u00eachement de Madame Sidonie JIQUEL  et de Madame H\u00e9l\u00e8ne VITRY , \ndirectrice d\u00e9partementale adjointe,  d\u00e9l\u00e9gation de signature est donn\u00e9e, dans le cadre de leurs \nattributions et comp\u00e9tences et de l'ordonnancement des d\u00e9penses de fonctionnement, aux agents de \nl'ARS suivants : \n\u2013 Katia ANDRIANARIJAONA \n\u2013 Karine CHARASSE \n\u2013 Florence CHEMIN \n\u2013 Charlotte COLLOD \n\u2013 Muriel DEHER \n\u2013 Marion FAURE \n\u2013 Christine FUNAZZI \n\u2013 Catherine HAMEL \n\u2013 C\u00e9cile MARIE \n\u2013 Isabelle PARANDON \n\u2013 Viviane PERRAUDIN \n\u2013 J\u00e9r\u00e9my RETHORET \n\u2013 V\u00e9ronique ROBAUX \n\u2013 Caroline ROHRHURST \n\u2013 Anne-Sophie  \nRONNAUX-BARON \n\u2013 Christelle VIVIER \n \nAu titre de la d\u00e9l\u00e9gation de l'Allier : \n\u25cf Madame Laura ESCALE, directrice de la d\u00e9l\u00e9gation d\u00e9partementale  \nEn cas d'absence ou d'emp\u00eachement de Madame Laura ESCALE et de Monsieur Ernest ELLONG KOTTO, \ndirecteur d\u00e9partemental adjoint, d\u00e9l\u00e9gation de signature est donn\u00e9e, dans le cadre de leurs attributions \net comp\u00e9tences et de l'ordonnancement des d\u00e9penses de fonctionnement, aux agents de l'ARS \nsuivants : \n\u2013 C\u00e9cile ALLARD \n\u2013 Camille DAON \n\u2013 Muriel DEHER \n\u2013 Albin DELOLME \n\u2013 Justine DUFOUR \n\u2013 Philippe DUVERGER \n\u2013 Olivier GAGET \n\u2013 Alexandra GIRARD \n\u2013 Matthieu LEFEBVRE \n\u2013 C\u00e9cile MARIE \n\u2013 Isabelle PIONNIER \n\u2013 Myriam PIONIN \n\u2013 Anne-Sophie  \nRONNAUX-BARON \n\u2013 Isabelle VALMORT \n\u2013 Camille VENUAT \n \n \nAu titre de la d\u00e9l\u00e9gation de l'Ard\u00e8che : \n\u25cf Madame Sabine LAFFAY, directrice de la d\u00e9l\u00e9gation d\u00e9partementale  \nEn cas d'absence ou d'emp\u00eachement de Madame Sabine LAFFAY et de Monsieur Didier BELIN, \ndirecteur d\u00e9partemental adjoint, d\u00e9l\u00e9gation de signature est donn\u00e9e, dans le cadre de leurs \nattributions et comp\u00e9tences et de l'ordonnancement des d\u00e9penses de fonctionnement, aux agents de \nl'ARS suivants : \n \n\u2013 Alexis BARATHON \n\u2013 Coline CADEAU \n\u2013 Muriel DEHER \n\u2013 Christophe DUCHEN \n\u2013 Aur\u00e9lie FOURCADE \n\u2013 Olivier GAGET \n\u2013 Magali GOUNON \n\u2013 Fabrice GOUEDO \n\u2013 Nicolas HUGO \n\u2013 Meryem LETON  \n\u2013 Thibault MARTIN \n\u2013 Guillaume MURAND \n\u2013 Anne-Sophie  \nRONNAUX-BARON \n\u2013 Anne THEVENET \n \n  \n \n84_ARS_Agence R\u00e9gionale de Sant\u00e9 Auvergne-Rh\u00f4ne-Alpes - 03-2026-03-31-00005 - extrait deleg signature aux DD ARS AURA du 31\nmars 2026  2026 23 0017 11\n \nAu titre de la d\u00e9l\u00e9gation du Cantal : \n\u25cf Madame St\u00e9phanie FRECHET, directrice de la d\u00e9l\u00e9gation d\u00e9partementale  \nEn cas d'absence ou d'emp\u00eachement de Madame St\u00e9phanie FRECHET et de Monsieur Pierre VERNET, \ndirecteur d\u00e9partemental adjoint, d\u00e9l\u00e9gation de signature est donn\u00e9e, dans le cadre de leurs attributions \net comp\u00e9tences et de l'ordonnancement des d\u00e9penses de fonctionnement, aux agents de l'ARS \nsuivants : \n\u2013 Gilles BIDET \n\u2013 Muriel DEHER \n\u2013 Olivier GAGET \n\u2013 Corinne GEBELIN \n\u2013 Marie LACASSAGNE \n\u2013 Christelle LABELLIE-\nBRINGUIER  \n\u2013 S\u00e9bastien MAGNE \n\u2013 C\u00e9cile MARIE \n\u2013 Isabelle MONTUSSAC \n\u2013 Anne-Sophie  \nRONNAUX-BARON \n\u2013 Laurence SURREL \n\u2013 Magali TOUBERT\n \n \nAu titre de la d\u00e9l\u00e9gation de la Dr\u00f4me : \n\u25cf Madame Emmanuelle SORIANO, directrice de la d\u00e9l\u00e9gation d\u00e9partementale \nEn cas d'absence ou d'emp\u00eachement de Madame Emmanuelle SORIANO et de Madame Val\u00e9rie AUVITU, \ndirectrice d\u00e9partementale adjointe , d\u00e9l\u00e9gation de signature est donn\u00e9e, dans le cadre de leurs \nattributions et comp\u00e9tences et de l'ordonnancement des d\u00e9penses de fonctionnement, aux agents de \nl'ARS suivants : \n\u2013 Alexis BARATHON \n\u2013 Marilyne BOUILLY  \n\u2013 Gabrielle BRUNET DE LA \nCHARIE \n\u2013 Muriel DEHER \n\u2013 St\u00e9phanie DE LA \nCONCEPTION \n\u2013 Christophe DUCHEN \n\u2013 Karine FIAWOO \n\u2013 Aur\u00e9lie FOURCADE \n\u2013 Olivier GAGET \n\u2013 Alexis LANOOTE \n\u2013 C\u00e9cile MARIE \n\u2013 Armelle MERCUROL \n\u2013 Julien NEASTA \n\u2013 Anne-Sophie  \nRONNAUX-BARON \n\u2013 Roxane SCHOREELS \n\u2013 Beno\u00eet SIMONNET \n \nAu titre de la d\u00e9l\u00e9gation de l'Is\u00e8re : \n\u25cf Monsieur Lo\u00efc MOLLET, directeur de la d\u00e9l\u00e9gation d\u00e9partementale  \nEn cas d'absence ou d'emp\u00eachement de Monsieur Lo\u00efc MOLLET et de Madame Anne-Ma\u00eblle CANTINAT, \ndirectrice d\u00e9partementale adjointe, d\u00e9l\u00e9gation de signature est donn\u00e9e, dans le cadre de leurs \nattributions et comp\u00e9tences et de l'ordonnancement des d\u00e9penses de fonctionnement, aux agents de \nl'ARS suivants : \n\u2013 Albane BEAUPOIL \n\u2013 Tristan BERGLEZ \n\u2013 Isabelle BONHOMME \n\u2013 Nathalie BOREL \n\u2013 Sandrine BOURRIN \n\u2013 Corinne CASTEL \n\u2013 Sandrine CHUQUET \n\u2013 Camille CLARY \n\u2013 Isabelle COUDIERE \n\u2013 Christine CUN \n\u2013 Marie-Caroline DAUBEUF \n\u2013 Muriel DEHER \n\u2013 Janique FEUVRIER \n\u2013 Olivier GAGET \n\u2013 Xavier GIRAUDEAU \n\u2013 Nicolas GRENETIER \n\u2013 Claire GUICHARD \n\u2013 In\u00e8s LEBOUAZDA \n\u2013 Maud MAINGAULT \n\u2013 C\u00e9cile MARIE \n\u2013 Cl\u00e9mence MIARD \n\u2013 Carole PAQUIER \n\u2013 Delphine PONNELLE \n\u2013 St\u00e9phanie RAT-LANSAQUE \n\u2013 Christophe RIEGEL \n\u2013 Anne-Sophie  \nRONNAUX-BARON \n\u2013 V\u00e9ronique SUISSE \n\u2013 Juliette THOUZEAU \n\u2013 Corinne VASSORT \n84_ARS_Agence R\u00e9gionale de Sant\u00e9 Auvergne-Rh\u00f4ne-Alpes - 03-2026-03-31-00005 - extrait deleg signature aux DD ARS AURA du 31\nmars 2026  2026 23 0017 12\n \n \nAu titre de la d\u00e9l\u00e9gation de la Loire : \n\u25cf Monsieur Arnaud RIFAUX, directeur de la d\u00e9l\u00e9gation d\u00e9partementale \nEn cas d'absence ou d'emp\u00eachement de Monsieur Arnaud RIFAUX et de Monsieur Maxime AUDIN  \ndirecteur d\u00e9partemental adjoint, d\u00e9l\u00e9gation de signature est donn\u00e9e, dans le cadre de leurs attributions \net comp\u00e9tences et de l'ordonnancement des d\u00e9penses de fonctionnement, aux agents de l'ARS \nsuivants : \n\u2013 C\u00e9cile ALLARD \n\u2013 Mathilde BEAU  \n\u2013 Malika BENHADDAD \n\u2013 Emmanuelle BOYET \n\u2013 Axel COLOMB \n\u2013 Magaly CROS \n\u2013 Muriel DEHER \n\u2013 Claire DENUZIERE \n\u2013 Sandrine DUDEK \n\u2013 Olivier GAGET \n\u2013 Sa\u00efda GAOUA \n\u2013 Val\u00e9rie GUIGON \n\u2013 Sylvain ISKRA \n\u2013 Fabienne LEDIN \n\u2013 Matthieu LEFEBVRE \n\u2013 C\u00e9cile MARIE \n\u2013 Myriam PIONIN \n\u2013 Anne-Sophie  \nRONNAUX-BARON \n\u2013 Julie TAILLANDIER  \n \nAu titre de la d\u00e9l\u00e9gation de Haute-Loire : \n\u25cf Monsieur Serge FAYOLLE, directeur de la d\u00e9l\u00e9gation d\u00e9partementale  \nEn cas d'absence ou d'emp\u00eac hement de Monsieur Serge FAYOLLE et de Madame Laurence PLOTON , \ndirectrice d\u00e9partementale adjointe d\u00e9l\u00e9gation de signature est donn\u00e9e, dans le cadre de leurs \nattributions et comp\u00e9tences et de l'ordonnancement des d\u00e9penses de fonctionnement, aux agents de \nl'ARS suivants : \n \n\u2013 Pascale ALLARY \n\u2013 Christophe AUBRY \n\u2013 Gilles BIDET \n\u2013 Christiane BONNAUD \n\u2013 Muriel DEHER \n\u2013 C\u00e9line DEVEAUX \n\u2013 Laurent FERRER \n\u2013 Olivier GAGET \n\u2013 Val\u00e9rie GUIGON \n\u2013 C\u00e9cile MARIE \n\u2013 Denis OLLEON \n\u2013 Marie-Line RECIPON \n\u2013 Anne-Sophie  \nRONNAUX-BARON \n\u2013 Laurence SURREL  \n\u2013 Camille VARAGNAT \n \n \n \nAu titre de la d\u00e9l\u00e9gation de Puy-de-D\u00f4me : \n\u25cf Monsieur Gr\u00e9gory DOL\u00c9, directeur de la d\u00e9l\u00e9gation d\u00e9partementale  \nEn cas d'absence ou d'emp\u00eachement de Monsieur Gr\u00e9gory DOL\u00c9, et de Madame Marie-Laure PORTRAT, \ndirectrice d\u00e9partementale adjointe , d\u00e9l\u00e9gation de signature est donn\u00e9e, dans le cadre de leurs \nattributions et comp\u00e9tences et de l'ordonnancement des d\u00e9penses de fonctionnement, aux agents de \nl'ARS suivants : \n\u2013 Gilles BIDET \n\u2013 Delphine CALMELS \n\u2013 Muriel DEHER \n\u2013 Pauline DELAIRE \n\u2013 Sylvie ESCARD \n\u2013 Olivier GAGET \n\u2013 Karine LEFEBVRE-MILON \n\u2013 C\u00e9cile MARIE \n\u2013 Laureline MOALIC \n\u2013 B\u00e9atrice PATUREAU MIRAND \n\u2013 Charles-Henri RECORD \n\u2013 Anne-Sophie  \nRONNAUX-BARON \n\u2013 Laurence SURREL\n \n84_ARS_Agence R\u00e9gionale de Sant\u00e9 Auvergne-Rh\u00f4ne-Alpes - 03-2026-03-31-00005 - extrait deleg signature aux DD ARS AURA du 31\nmars 2026  2026 23 0017 13\nAu titre de la d\u00e9l\u00e9gation du Rh\u00f4ne et de la m\u00e9tropole de Lyon :  \n\u25cf Monsieur Philippe GUETAT, directeur de la d\u00e9l\u00e9gation d\u00e9partementale  \nEn cas d'absence ou d'emp\u00eachement de  Monsieur Philippe GUETAT, et de Madame Marielle SCHMITT, \ndirectrice d\u00e9partementale adjointe, d\u00e9l\u00e9gation de signature est donn\u00e9e, dans le cadre de leurs \nattributions et comp\u00e9tences et de l'ordonnancement des d\u00e9penses de fonctionnement, aux agents de \nl'ARS suivants : \n\u2013 Omar-Safir ADERGAL \n\u2013 C\u00e9cile ALLARD \n\u2013 Julien BERRA \n\u2013 Herv\u00e9 BERTRAND \n\u2013 Muriel BROSSE \n\u2013 Pierre CHABAUD \n\u2013 Laurent DEBORDE \n\u2013 Muriel DEHER \n\u2013 Manon DUROUSSET \n\u2013 Val\u00e9rie FORMISYN \n\u2013 Olivier GAGET \n\u2013 Franck GOFFINONT \n\u2013 Fabienne GUILLAUD \n\u2013 Matthieu LEFEBVRE \n\u2013 Fr\u00e9d\u00e9ric LE LOUEDEC \n\u2013 Yann-Franck LOURCY \n\u2013 C\u00e9cile MARIE \n\u2013 Lucie PINASSEAU \n\u2013 Myriam PIONIN \n\u2013 Am\u00e9lie PLANEL \n\u2013 Sophie PRUNES \n\u2013 Anne-Sophie  \nRONNAUX-BARON \n\u2013 Sandrine ROUSSOT\nAu titre de la d\u00e9l\u00e9gation de la Savoie : \n\u25cf Monsieur Rapha\u00ebl BECKER, directeur de la d\u00e9l\u00e9gation d\u00e9partementale  \n \nEn cas d'absence ou d'emp\u00eachement de  Monsieur Rapha\u00ebl BECKER, et de Madame Florence LIMOSIN, \ndirectrice d\u00e9partementale adjointe , d\u00e9l\u00e9gation de signature est donn\u00e9e, dans le cadre de leurs \nattributions et comp\u00e9tences, et de l'ordonnancement des d\u00e9penses de fonctionnement, aux agents de \nl'ARS suivants : \n\u2013 Delphine BANTEGNIE \n\u2013 Albane BEAUPOIL \n\u2013 Anne-Laure BORIE \n\u2013 Carine CHANJOU \n\u2013 Juliette CLIER \n\u2013 Magali COGNET \n\u2013 Laurence COLLIOUD-\nMARICHALLOT \n\u2013 Florence CULOMA \n\u2013 Marie-Caroline DAUBEUF \n\u2013 Muriel DEHER \n\u2013 Olivier GAGET \n\u2013 C\u00e9cile MARIE \n\u2013 Lila MOLINER \n\u2013 Lucie PATOIS \n\u2013 Christophe RIEGEL \n\u2013 Anne-Sophie  \nRONNAUX-BARON \n\u2013 Rapha\u00eblle SALORD \n\u2013 Audrey TEXIER \n \n \nAu titre de la d\u00e9l\u00e9gation de la Haute-Savoie : \n\u25cf Monsieur Reynald LEMAHIEU, directeur de la d\u00e9l\u00e9gation d\u00e9partementale \n \nEn cas d'absen ce ou d'emp\u00eachement de Monsieur Reynald LEMAHIEU , et de Madame Rachel \nCAMBONIE, directrice d\u00e9partementale adjointe, d\u00e9l\u00e9gation de signature est donn\u00e9e, dans le cadre de \nleurs attributions et comp\u00e9tences et de l'ordonnancement des d\u00e9penses de fonctionnement, aux agents \nde l'ARS suivants : \n \n\u2013 Diane AUBLIN \n\u2013 Audrey BERNARDI \n\u2013 Julien BERRA \n\u2013 L\u00e9onie CHABRAT  \n\u2013 Victoire CHARPIER SUTY \n\u2013 Florence CHEMIN \n\u2013 Magali COGNET \n\u2013 Marie-Caroline DAUBEUF \n\u2013 Muriel DEHER \n\u2013 Cl\u00e9ment DEJOS \n\u2013 Adelyne DOTTORI \n\u2013 Olivier GAGET \n\u2013 Pauline GHIRARDELLO \n\u2013 Cl\u00e9mence LANNES \n\u2013 Caroline LE CALLENNEC \n\u2013 Nad\u00e8ge LEMOINE-SUATTON \n\u2013 C\u00e9cile MARIE \n\u2013 V\u00e9ronique ROBAUX \n\u2013 Anne-Sophie  \nRONNAUX-BARON \n\u2013 Damien SAINTE-CROIX \n\u2013 Cl\u00e9mentine SOUFFLET \n\u2013 Chlo\u00e9 TARNAUD \n\u2013 Martine VOLAY \n\u2013 Monika WOLSKA\n84_ARS_Agence R\u00e9gionale de Sant\u00e9 Auvergne-Rh\u00f4ne-Alpes - 03-2026-03-31-00005 - extrait deleg signature aux DD ARS AURA du 31\nmars 2026  2026 23 0017 14\n \n \nArticle 2 \nConcernant l'organisation des astreintes - act\u00e9e par la d\u00e9cision n\u00b020 24-23-0062 du 09/12/2024 - les \npersonnels d\u00e9sign\u00e9s dans les tableaux d'astreintes ont d\u00e9l\u00e9gation de signature sur les d\u00e9cisions qu'ils \nsont amen\u00e9s \u00e0 prendre durant ces p\u00e9riodes et entrant dans le champ de leurs comp\u00e9tences.  \n \nArticle 3 \nEn cas d'absence ou d'emp\u00eachement de Madame C\u00e9cile COURR\u00c8GES, directrice  g\u00e9n\u00e9rale, d\u00e9l\u00e9gation \nde signature est donn\u00e9e \u00e0 Monsieur Igor BUSSCHAERT , direct eur g\u00e9n\u00e9ral adjoint, pour les mati\u00e8res \nrelevant de la comp\u00e9tence de la directrice g\u00e9n\u00e9rale de l'agence.  \n \nArticle 4 \nSont exclues de la pr\u00e9sente d\u00e9l\u00e9gation les d\u00e9cisions suivantes : \na) Correspondances et d\u00e9cisions d'ordre g\u00e9n\u00e9ral : \n\u2013 les correspondances aux ministres, cabinets minist\u00e9riels, aux directeurs de l'administration \ncentrale, au conseil national de pilotage des ARS et \u00e0 son secr\u00e9tariat ex\u00e9cutif, aux caisses \nnationales d'assurance maladie ; \n\u2013 les correspondances aux pr\u00e9fets quand elles n'ont pas le caract\u00e8re de correspondance relative \u00e0 \nla gestion courante ; \n\u2013 les correspondances adress\u00e9es aux administrations centrales ou aux \u00e9tablissements publics \nnationaux, lorsqu'elles n'ont pas le caract\u00e8re de correspondance relatives \u00e0 la gestion courante \nou aux relations de service ; \n\u2013 les correspondances aux parlementaires, au pr\u00e9sident du conseil r\u00e9gional et aux pr\u00e9sidents des \nconseils d\u00e9partementaux ; \n\u2013 les correspondances entrant dans un cadre contentieux engageant la responsabilit\u00e9 de l'agence ; \n\u2013 les actes de saisine du tribunal administratif et de la chambre r\u00e9gionale des comptes  ; \n\u2013 les actes pris en application de l'article L.1432-2 du code de la sant\u00e9 publique relatif aux pouvoirs \npropres de la directeur g\u00e9n\u00e9ral : l'arr\u00eat du PRS et de ses diff\u00e9rentes composantes ; \n\u2013 l'ex\u00e9cution du budget, l'ordonnancement des d\u00e9penses, les autorisations sanitaires, le \nrecrutement au sein de l'agence, la d\u00e9signation de la personne charg\u00e9e de l'int\u00e9rim des fonctions \nde directeurs et de secr\u00e9taire g\u00e9n\u00e9ral dans les \u00e9tablissements de sant\u00e9 publics, le pouvoir d'ester \nen justice et de repr\u00e9sentation, le pouvoir de d\u00e9l\u00e9gation de signature ;  \n\u2013 les correspondances et communiqu\u00e9s adress\u00e9s aux m\u00e9dias de toute nature.  \nb) D\u00e9cisions en mati\u00e8re sanitaire : \n\u2013 autorisant la cr\u00e9ation, la conversion, le regroupement et la modification des activit\u00e9s de soins et \nl'installation des \u00e9quipements mat\u00e9riels lourds ; \n\u2013 de suspension et de retrait des activit\u00e9s des \u00e9tablissements et services de sant\u00e9 prise en \napplication des articles L. 6122-13 et L. 5126-10 du code de la sant\u00e9 publique ; \n\u2013 d'autorisation, de modification ou de retrait d'autorisation d'exploitation de laboratoires \nd'analyses ; \n\u2013 de suspension et retrait d'agr\u00e9ment des entreprises de transport sanitaire terrestre et a\u00e9rien  ; \n\u2013 de suspension des m\u00e9decins, chirurgiens-dentistes ou sage-femmes ; \n\u2013 de d\u00e9cision de placement de l'\u00e9tablissement public de sant\u00e9 sous l'administration provisoire des \nconseillers g\u00e9n\u00e9raux des \u00e9tablissements de sant\u00e9 et de saisine de la chambre r\u00e9gionale des \ncomptes en application de l'article L. 6143-3-1 ; \n\u2013 de conclusion du contrat pluriannuel d'objectifs et de moyens avec chaque \u00e9tablissement de \nsant\u00e9 en application de l'article L.6114-1 du code de la sant\u00e9 publique ; \n84_ARS_Agence R\u00e9gionale de Sant\u00e9 Auvergne-Rh\u00f4ne-Alpes - 03-2026-03-31-00005 - extrait deleg signature aux DD ARS AURA du 31\nmars 2026  2026 23 0017 15\n\u2013 le d\u00e9f\u00e9r\u00e9 au tribunal administratif des d\u00e9lib\u00e9rations et d\u00e9cisions du conseil de surveillance et des \nactes du directeur des \u00e9tablissements publics de sant\u00e9 en application de l'article L.  6143-4 du \ncode de la sant\u00e9 publique ; \n\u2013 la notification des d\u00e9cisions d\u00e9finitives faisant suite aux missions d'inspection et de contr\u00f4le, et \nla notification de toute injonction ou mise en demeure. \nc) D\u00e9cisions en mati\u00e8re m\u00e9dico-sociale : \n\u2013 autorisant la cr\u00e9ation, la transformation, l'extension des \u00e9tablissements et services m\u00e9dico -\nsociaux ; \n\u2013 d\u00e9cidant la suspension ou la cessation de tout ou partie des activit\u00e9s de services ou \nd'\u00e9tablissements m\u00e9dico-sociaux, lorsque la sant\u00e9, la s\u00e9curit\u00e9, ou le bien-\u00eatre physique ou \nmoral des personnes accueillies ou accompagn\u00e9es sont menac\u00e9s ou compromis,  en application \nde l'art. L313-16 du CASF ; \n\u2013 de conclusion du contrat pluriannuel d'objectifs et de moyens avec les \u00e9tablissements et services \nd\u00e9finis \u00e0 l'article L312-1 2\u00b0, 3\u00b0, 5\u00b0, 7\u00b0, 12\u00b0 du code de l'action sociale et des familles ; \n\u2013 le d\u00e9f\u00e9r\u00e9 au tribunal administratif des d\u00e9lib\u00e9rations du conseil d'administration des \n\u00e9tablissements publics sociaux ou m\u00e9dico-sociaux en application de l'article L.315-14 du code de \nl'action sociale et des familles ; \n\u2013 la notification des d\u00e9cisions d\u00e9finitives faisant suite aux missions d'inspection et de contr\u00f4le, et \nla notification de toute injonction ou mise en demeure ; \n\u2013 l'approbation des conventions relatives aux coop\u00e9rations entre \u00e9tablissements de sant\u00e9 et, ou \n\u00e9tablissements sociaux et m\u00e9dico-sociaux ; \n\u2013 le placement des \u00e9tablissements et services m\u00e9dico-sociaux sous administration provisoire ;  \n\u2013 le prononc\u00e9 d'astreinte journali\u00e8res ou de sanction financi\u00e8re, en application de l'art. L313-14 al. \nII et III. \nd) D\u00e9cisions en mati\u00e8re de gestion des ressources humaines et d'administration g\u00e9n\u00e9rale  : \n\u2013 les march\u00e9s et contrats ; \n\u2013 les achats publics, les baux, la commande, l'ordonnancement des d\u00e9penses de fonctionnement \nsup\u00e9rieures \u00e0 1500 \u20ac hors taxes ; \n\u2013 les d\u00e9penses d'investissement ; \n\u2013 les d\u00e9cisions et correspondances relatives \u00e0 la gestion des questions sociales  ; \n\u2013 l'ordonnancement des d\u00e9penses relatives aux Ressources Humaines  ; \n\u2013 la gestion administrative et les d\u00e9cisions individuelles ; \n\u2013 les d\u00e9cisions individuelles relatives au recrutement et \u00e0 la mobilit\u00e9 ; \n\u2013 les d\u00e9cisions relatives aux mesures disciplinaires ; \n \nArticle 5 \nLa pr\u00e9sente d\u00e9cision annule et remplace la d\u00e9cision n\u00b02026-23-0011 du 27 f\u00e9vrier 2026. \nElle sera publi\u00e9e au recueil des actes administratifs de la pr\u00e9fecture de la r\u00e9gion Auvergne -Rh\u00f4ne-Alpes \net au recueil des actes administratifs des pr\u00e9fectures de d\u00e9partement de la r\u00e9gion Auvergne -Rh\u00f4ne-\nAlpes. \nLe tribunal administratif (ou la juridiction administrative comp\u00e9tente) peut \u00eatre \u00e9galement saisi(e) par \nl'application informatique \u00ab T\u00e9l\u00e9recours citoyens \u00bb accessible par le site Internet www.telerecours.fr.  \n \nSign\u00e9 \u00e0 Lyon le 31 mars 2026 \n \n \nC\u00e9cile COURREGES \n84_ARS_Agence R\u00e9gionale de Sant\u00e9 Auvergne-Rh\u00f4ne-Alpes - 03-2026-03-31-00005 - extrait deleg signature aux DD ARS AURA du 31\nmars 2026  2026 23 0017 16","date":"2026-04-27","first_seen_on":"2026-04-27T16:04:08+00:00","id":"703b84ae7014fd0e9fe8d7f9089b887a7a1d96924cddbcc6fecb1297e2aba629","name":"recueil nr sp\u00e9cial - \u00e9dit\u00e9 le 27 avril 2026","pdf_creation_date":"2026-04-27T13:32:34+00:00","pdf_modification_date":null,"timezone":"Europe/Paris","url":"https://www.allier.gouv.fr/contenu/telechargement/19945/135930/file/recueil-03-2026-087-recueil-des-actes-administratifs-special.pdf"}
