{"administration":"pref69","administration_name":"Pr\u00e9fecture du Rh\u00f4ne","content":"PR\u00c9F\u00c8TE\nDU RH\u00d4NE\nRECUEIL DES ACTES\nADMINISTRATIFS SP\u00c9CIAL\nN\u00b069-2026-035\nPUBLI\u00c9 LE  3 F\u00c9VRIER 2026\nSommaire\n69_DDT_Direction d\u00e9partementale des territoires du Rh\u00f4ne /\n69-2026-02-03-00003 - Arr\u00eat\u00e9 pr\u00e9f\u00e9ctoral du dossier de s\u00e9curit\u00e9\nrelatif au projet de ligne de tramway T10 Gare de Venissieux- Gerland (3\npages) Page 3\n69-2026-02-03-00002 - Arr\u00eat\u00e9 pr\u00e9fectoral portant approbation du\nr\u00e9galement de s\u00e9curit\u00e9 de l'exploitation des funiculaires de Lyon (2\npages) Page 7\n69_PREF_Direction de la citoyennet\u00e9, de l'immigration et de l'int\u00e9gration\n/\n69-2026-01-15-00014 - Arr\u00eat\u00e9 modificatif  programmation 2023-2027\nADOMA (2 pages) Page 10\n69_Pr\u00e9f_Pr\u00e9fecture du Rh\u00f4ne / Direction de la Coordination des\nPolitiques Interminist\u00e9rielles\n69-2026-02-02-00003 - Arr\u00eat\u00e9 pr\u00e9fectoral portant d\u00e9l\u00e9gation de\nsignature \u00e0 Monsieur Olivier DAVID, directeur r\u00e9gional de\nl'environnement, de l'am\u00e9nagement et du logement de la r\u00e9gion\nAuvergne-Rh\u00f4ne-Alpes, dans le ressort du d\u00e9partement du Rh\u00f4ne (3\npages) Page 13\n2\n69_DDT_Direction d\u00e9partementale des\nterritoires du Rh\u00f4ne\n69-2026-02-03-00003\nArr\u00eat\u00e9 pr\u00e9f\u00e9ctoral du dossier de s\u00e9curit\u00e9 relatif\nau projet de ligne de tramway T10 Gare de\nVenissieux- Gerland\n69_DDT_Direction d\u00e9partementale des territoires du Rh\u00f4ne - 69-2026-02-03-00003 - Arr\u00eat\u00e9 pr\u00e9f\u00e9ctoral du dossier de s\u00e9curit\u00e9 relatif\nau projet de ligne de tramway T10 Gare de Venissieux- Gerland 3\nPREFETEDU RHONELibert\u00e9Egalit\u00e9Fraternit\u00e9\nDirection d\u00e9partementale\ndes territoires\nArr\u00eat\u00e9 pr\u00e9fectoral n\u00b0 DDT69-2026-02-03-0003 du 3 f\u00e9vrier 2026 portant autorisation \ndu dossier de s\u00e9curit\u00e9 relatif au projet \u00ab ligne tramway T10 du r\u00e9seau de Lyon (Gare de V\u00e9nissieux \u2013 \nGerland)  \u00bb\nLa Pr\u00e9f\u00e8te de la R\u00e9gion Auvergne-Rh\u00f4ne-Alpes,\nPr\u00e9f\u00e8te de la Zone de d\u00e9fense et de s\u00e9curit\u00e9 sud-est,\nPr\u00e9f\u00e8te du Rh\u00f4ne,\nCommandeur de la L\u00e9gion d'honneur,\nCommandeur de l'ordre national du M\u00e9rite,\nVU le code des transports modifi\u00e9,\nVU le d\u00e9cret n\u00b02004-374 du 29  avril 2004 relatif aux pouvoirs des pr\u00e9fets, \u00e0 l'organisation et \u00e0 l'action  \ndes services de l'\u00c9tat dans les r\u00e9gions et d\u00e9partements, modifi\u00e9 par les d\u00e9crets n\u00b02010-146 du 16 f\u00e9vrier \n2010 et n\u00b02012-16 du 5 janvier 2012,\nVU le d\u00e9cret n\u00b02010-1580 du 17 d\u00e9cembre 2010 relatif au service technique des remont\u00e9es m\u00e9caniques  \net des transports guid\u00e9s (STRMTG),\nVU le d\u00e9cret n\u00b02017-440 du 30 mars 2017 relatif \u00e0 la s\u00e9curit\u00e9 des transports publics guid\u00e9s,\nVU le d\u00e9cret en conseil des ministres du 11 janvier 2023 portant nomination de la pr\u00e9f\u00e8te de la r\u00e9gion  \nAuvergne-Rh\u00f4ne-Alpes, pr\u00e9f\u00e8te de la zone de d\u00e9fense et de s\u00e9curit\u00e9 Sud-Est, pr\u00e9f\u00e8te du Rh\u00f4ne  - Mme \nBUCCIO (Fabienne),\nVU le d\u00e9cret en conseil des ministres du 15 mai 2025 portant nomination du pr\u00e9fet, secr\u00e9taire g\u00e9n\u00e9ral  \nde la pr\u00e9fecture du Rh\u00f4ne, pr\u00e9fet d\u00e9l\u00e9gu\u00e9 pour l'\u00e9galit\u00e9 des chances aupr\u00e8s de la pr\u00e9f\u00e8te de la r\u00e9gion  \nAuvergne-Rh\u00f4ne-Alpes, pr\u00e9f\u00e8te de la zone de d\u00e9fense et de s\u00e9curit\u00e9 Sud-Est, pr\u00e9f\u00e8te du Rh\u00f4ne \u2013  \nM. ROSAY (Fabrice),\nVU l'arr\u00eat\u00e9  n\u00b069-2026-09-08-00008  du  08  septembre  2025  portant  d\u00e9l\u00e9gation  de  signature  \u00e0 \nM. CEREZA Xavier, directeur d\u00e9partemental des territoires du Rh\u00f4ne,\nVU l'arr\u00eat\u00e9 du 23  mai 2003 modifi\u00e9 relatif aux dossiers de s\u00e9curit\u00e9 des syst\u00e8mes de transports publics  \nguid\u00e9s urbains,\nVU la circulaire du 6  juillet 2011 relative \u00e0 l'organisation du contr\u00f4le des syst\u00e8mes de transports et de  \nl'instruction des dossiers entre le STRMTG, les pr\u00e9fets et leurs services, en application du d\u00e9cret du  \n17 d\u00e9cembre 2010,\nVU les guides d'application STRMTG en vigueur relatifs au contenu d\u00e9taill\u00e9 des dossiers de s\u00e9curit\u00e9,\nCONSID\u00c9RANT l'arr\u00eat\u00e9 pr\u00e9fectoral n\u00b069-2023-11-15-00008 du 15 novembre 2023 portant approbation  \ndu dossier pr\u00e9liminaire de s\u00e9curit\u00e9 relatif au projet de cr\u00e9ation de la ligne de tramway T10 du r\u00e9seau de \nLyon (Gare de V\u00e9nissieux \u2013 Gerland), sign\u00e9 par la pr\u00e9f\u00e8te de R\u00e9gion,\n1/3\n69_DDT_Direction d\u00e9partementale des territoires du Rh\u00f4ne - 69-2026-02-03-00003 - Arr\u00eat\u00e9 pr\u00e9f\u00e9ctoral du dossier de s\u00e9curit\u00e9 relatif\nau projet de ligne de tramway T10 Gare de Venissieux- Gerland 4\nCONSID\u00c9RANT  la d\u00e9claration de compl\u00e9tude du dossier de s\u00e9curit\u00e9 relatif au projet de ligne de  \ntramway T10 du r\u00e9seau de Lyon (Gare de V\u00e9nissieux \u2013 Gerland), sign\u00e9e par le directeur d\u00e9partemental  \ndes territoires du Rh\u00f4ne en date du 8 janvier 2026,\nCONSID\u00c9RANT l'avis favorable du STRMTG Bureau Sud-Est en date du 28 janvier 2026.\nSur proposition du directeur d\u00e9partemental des territoires\nARR\u00caTE\nArticle     1   : Autorisation.\nLe dossier de s\u00e9curit\u00e9 relatif au projet de ligne T10 restreint \u00e0 la zone Halle Tony Garnier du r\u00e9seau de  \ntramway de Lyon et \u00e0 l'autorisation de la mise en service commercial de la ligne T1 modifi\u00e9e sur cette  \nm\u00eame zone, est approuv\u00e9.\nArticle     2   : Prescription li\u00e9e \u00e0 la prise en compte de l'\u00e9valuation de l'organisme qualifi\u00e9 agr\u00e9\u00e9.\nLes remarques et r\u00e9serves de l'organisme qualifi\u00e9 agr\u00e9\u00e9 devront \u00eatre prises en compte, dans les d\u00e9lais  \nindiqu\u00e9s dans son rapport (ref. EC9868_0032_01_Rapport_OQA DS Phase 1_T10).\nLes derniers proc\u00e8s-verbaux d'essais seront \u00e0 transmettre pour information au STRMTG.\nArticle     3   : Prescription li\u00e9e au suivi du retour d'exp\u00e9rience.\nUne attention particuli\u00e8re sera port\u00e9e sur les cheminements pi\u00e9tons sur la zone Halle Tony Garnier. Un  \nbilan  du  retour  d'exp\u00e9rience  de  l'exploitation,  comprenant  un  point  sur  ces  cheminements  et  le \nrespect des barri\u00e8res provisoires, sera pr\u00e9sent\u00e9 aux services de l'\u00c9tat par l'exploitant 1  mois apr\u00e8s la  \nmise en service.\nArticle     4   : Prescription li\u00e9e aux exports vers l'exploitation et la maintenance.\nLes derniers points encore ouverts du Registre des Situations Dangereuses (RSD) ainsi que la liste des  \nexigences de s\u00e9curit\u00e9 relatives aux sous-syst\u00e8mes \u00ab  exploitation \u00bb et \u00ab  maintenance \u00bb du syst\u00e8me de  \ntramway devront \u00eatre clos dans un d\u00e9lai d'un mois suivant la mise en service.\nLe  document  validant  ces  exports  par  l'exploitant  RATPDev,  ainsi  que  le  RSD  consolid\u00e9  seront  \u00e0 \ntransmettre au STRMTG pour information.\nTout \u00e9v\u00e9nement de s\u00e9curit\u00e9, incident et accident survenant sur cette ligne sera port\u00e9 \u00e0 la connaissance \ndes services de l'\u00c9tat selon les modalit\u00e9s d\u00e9finies entre l'autorit\u00e9 organisatrice des mobilit\u00e9s et les  \nservices de l'\u00c9tat.\nFait, le 3 f\u00e9vrier 2026\nPour la Pr\u00e9f\u00e8te et par d\u00e9l\u00e9gation,\nLe directeur d\u00e9partemental\nSign\u00e9\nXavier CEREZA\n 2/3\n69_DDT_Direction d\u00e9partementale des territoires du Rh\u00f4ne - 69-2026-02-03-00003 - Arr\u00eat\u00e9 pr\u00e9f\u00e9ctoral du dossier de s\u00e9curit\u00e9 relatif\nau projet de ligne de tramway T10 Gare de Venissieux- Gerland 5\nD\u00e9lais et voies de recours :\nConform\u00e9ment \u00e0 l'article R.421-1 du code de justice administrative, la pr\u00e9sente d\u00e9cision peut faire l'objet  \nd'un recours contentieux, dans le d\u00e9lai de deux mois \u00e0 compter de sa notification, devant le tribunal  \nadministratif  de  Lyon  (184,  rue  Duguesclin  \u2013  69  433  Lyon  Cedex  03,  ou  sur  l'application  \nwww.telerecours.fr). Elle peut \u00e9galement faire l'objet d'un recours gracieux aupr\u00e8s de Madame la Pr\u00e9f\u00e8te  \ndu Rh\u00f4ne. Cette d\u00e9marche interrompt le d\u00e9lai de recours contentieux, ce dernier devant \u00eatre introduit  \ndans le d\u00e9lai de deux mois suivant une d\u00e9cision implicite ou explicite de l'autorit\u00e9 comp\u00e9tente (le silence  \nde l'administration pendant un d\u00e9lai de deux mois valant d\u00e9cision implicite de rejet).\n3/3\n69_DDT_Direction d\u00e9partementale des territoires du Rh\u00f4ne - 69-2026-02-03-00003 - Arr\u00eat\u00e9 pr\u00e9f\u00e9ctoral du dossier de s\u00e9curit\u00e9 relatif\nau projet de ligne de tramway T10 Gare de Venissieux- Gerland 6\n69_DDT_Direction d\u00e9partementale des\nterritoires du Rh\u00f4ne\n69-2026-02-03-00002\nArr\u00eat\u00e9 pr\u00e9fectoral portant approbation du\nr\u00e9galement de s\u00e9curit\u00e9 de l'exploitation des\nfuniculaires de Lyon\n69_DDT_Direction d\u00e9partementale des territoires du Rh\u00f4ne - 69-2026-02-03-00002 - Arr\u00eat\u00e9 pr\u00e9fectoral portant approbation du\nr\u00e9galement de s\u00e9curit\u00e9 de l'exploitation des funiculaires de Lyon 7\nesPREFETEDU RHONELibert\u00e9Egalit\u00e9Fraternit\u00e9\nDirection d\u00e9partementale\ndes territoires\nArr\u00eat\u00e9 pr\u00e9fectoral n\u00b0 DDT69-2026-02-03-00002-du 3 f\u00e9vrier 2026 portant approbation \ndu r\u00e8glement de s\u00e9curit\u00e9 de l'exploitation des funiculaires de Lyon\nLa Pr\u00e9f\u00e8te de la R\u00e9gion Auvergne-Rh\u00f4ne-Alpes,\nPr\u00e9f\u00e8te de la Zone de d\u00e9fense et de s\u00e9curit\u00e9 sud-est,\nPr\u00e9f\u00e8te du Rh\u00f4ne,\nCommandeur de la L\u00e9gion d'honneur,\nCommandeur de l'ordre national du M\u00e9rite,\nVU le code des transports,\nVU le d\u00e9cret n\u00b02003-425 du 9 mai 2003 relatif \u00e0 la s\u00e9curit\u00e9 des transports publics guid\u00e9s,\nVU le d\u00e9cret n\u00b02004-374 du 29  avril 2004 relatif aux pouvoirs des pr\u00e9fets, \u00e0 l'organisation et \u00e0 l'action  \ndes  services  de  l'\u00c9tat  dans  les  r\u00e9gions  et  d\u00e9partements,  modifi\u00e9  par  les  d\u00e9crets  n\u00b02010-146  du \n16 f\u00e9vrier 2010 et n\u00b02012-16 du 5 janvier 2012,\nVU le d\u00e9cret n\u00b02010-1580 du 17 d\u00e9cembre 2010 relatif au service technique des remont\u00e9es m\u00e9caniques  \net des transports guid\u00e9s,\nVU le d\u00e9cret n\u00b02017-440 du 30 mars 2017 relatif \u00e0 la s\u00e9curit\u00e9 des transports publics guid\u00e9s,\nVU le d\u00e9cret en conseil des ministres du 11 janvier 2023 portant nomination de la pr\u00e9f\u00e8te de la r\u00e9gion  \nAuvergne-Rh\u00f4ne-Alpes,  pr\u00e9f\u00e8te  de  la  zone  de  d\u00e9fense  et  de  s\u00e9curit\u00e9  Sud-Est,  pr\u00e9f\u00e8te  du \nRh\u00f4ne - Mme BUCCIO (Fabienne),\nVU le d\u00e9cret en conseil des ministres du 15 mai 2025 portant nomination du pr\u00e9fet, secr\u00e9taire g\u00e9n\u00e9ral  \nde la pr\u00e9fecture du Rh\u00f4ne, pr\u00e9fet d\u00e9l\u00e9gu\u00e9 pour l'\u00e9galit\u00e9 des chances aupr\u00e8s de la pr\u00e9f\u00e8te de la r\u00e9gion  \nAuvergne-Rh\u00f4ne-Alpes, pr\u00e9f\u00e8te de la zone de d\u00e9fense et de s\u00e9curit\u00e9 Sud-Est, pr\u00e9f\u00e8te du Rh\u00f4ne \u2013  \nM. ROSAY (Fabrice),\nVU l'arr\u00eat\u00e9 du 23  mai 2003 modifi\u00e9 relatif aux dossiers de s\u00e9curit\u00e9 des syst\u00e8mes de transports publics  \nguid\u00e9s urbains,\nVU la circulaire du 6  juillet 2011 relative \u00e0 l'organisation du contr\u00f4le des syst\u00e8mes de transports et de  \nl'instruction  des  dossiers  entre  le  service  technique  des  remont\u00e9es  m\u00e9caniques  et  des  transports \nguid\u00e9s, les pr\u00e9fets et leurs services, en application du d\u00e9cret du 17 d\u00e9cembre 2010,\nCONSID\u00c9RANT la demande de l'autorit\u00e9 organisatrice des mobilit\u00e9s SYTRAL Mobilit\u00e9s en date du  \n17 novembre 2025,\nCONSID\u00c9RANT la version B du r\u00e8glement de s\u00e9curit\u00e9 de l'exploitation vis\u00e9e ci-dessus et re\u00e7ue le  \n9 janvier 2026,\n1/2\n69_DDT_Direction d\u00e9partementale des territoires du Rh\u00f4ne - 69-2026-02-03-00002 - Arr\u00eat\u00e9 pr\u00e9fectoral portant approbation du\nr\u00e9galement de s\u00e9curit\u00e9 de l'exploitation des funiculaires de Lyon 8\nCONSID\u00c9RANT l'avis favorable du service technique des remont\u00e9es m\u00e9caniques et des transports  \nguid\u00e9s en date du 14 janvier 2026,\nSur proposition du directeur d\u00e9partemental des territoires\nARR\u00caTE\nArticle     1     :\nLe  r\u00e8glement  de  s\u00e9curit\u00e9  de  l'exploitation  du  r\u00e9seau  de  funiculaires  de  Lyon  de  r\u00e9f\u00e9rence \nRDL-STPG-F-REG-20250922-1330 dans sa version B, est approuv\u00e9.\nFait \u00e0 Lyon, le 3 fevrier 2026\nPour la Pr\u00e9f\u00e8te du Rh\u00f4ne,\nLe Pr\u00e9fet Secr\u00e9taire g\u00e9n\u00e9ral,\nPr\u00e9fet d\u00e9l\u00e9gu\u00e9 pour l'\u00e9galit\u00e9 des chances\nSign\u00e9\nFabrice ROSAY\nD\u00e9lais et voies de recours :\nConform\u00e9ment \u00e0 l'article R.421-1 du code de justice administrative, la pr\u00e9sente d\u00e9cision peut faire l'objet  \nd'un recours contentieux, dans le d\u00e9lai de deux mois \u00e0 compter de sa notification, devant le tribunal  \nadministratif  de  Lyon  (184,  rue  Duguesclin  \u2013  69  433  Lyon  Cedex  03,  ou  sur  l'application  \nwww.telerecours.fr). Elle peut \u00e9galement faire l'objet d'un recours gracieux aupr\u00e8s de Madame la Pr\u00e9f\u00e8te  \ndu Rh\u00f4ne. Cette d\u00e9marche interrompt le d\u00e9lai de recours contentieux, ce dernier devant \u00eatre introduit  \ndans le d\u00e9lai de deux mois suivant une d\u00e9cision implicite ou explicite de l'autorit\u00e9 comp\u00e9tente (le silence  \nde l'administration pendant un d\u00e9lai de deux mois valant d\u00e9cision implicite de rejet).\n2/2\n69_DDT_Direction d\u00e9partementale des territoires du Rh\u00f4ne - 69-2026-02-03-00002 - Arr\u00eat\u00e9 pr\u00e9fectoral portant approbation du\nr\u00e9galement de s\u00e9curit\u00e9 de l'exploitation des funiculaires de Lyon 9\n69_PREF_Direction de la citoyennet\u00e9, de\nl'immigration et de l'int\u00e9gration\n69-2026-01-15-00014\nArr\u00eat\u00e9 modificatif  programmation 2023-2027\nADOMA\n69_PREF_Direction de la citoyennet\u00e9, de l'immigration et de l'int\u00e9gration - 69-2026-01-15-00014 - Arr\u00eat\u00e9 modificatif  programmation\n2023-2027 ADOMA 10\neaPREFETEDU RHONELibert\u00e9Egalit\u00e9Fraternit\u00e9Direction des migrationset de l'int\u00e9grationBureau de l'asile et del'h\u00e9bergementAffaire suivie par : Marie Bochmarie.boch@rhone.gouv.fr\nVU:\nArr\u00eat\u00e9 modificatif fixant la programmation pour les ann\u00e9es 2023 \u00e0 2027des \u00e9valuations de la qualit\u00e9 des \u00e9tablissements et services sociauxrelevant du c) de l'article L. 313-3 du Code de l'action sociale et des familles\nLa pr\u00e9f\u00e8te de la r\u00e9gion Auvergne Rh\u00f4ne-Alpes,pr\u00e9f\u00e8te du Rh\u00f4ne\n- le Code de l'action sociale et des familles (CASF), notamment ses articles L. 312-1, L. 313-3, L.312-8 et D. 312-204 ;- le d\u00e9cret n\u00b02004-374 du 29 avril 2004 relatif aux pouvoirs des pr\u00e9fets, \u00e0 l'organisation et \u00e0l'action des services de l'\u00c9tat dans les r\u00e9gions et d\u00e9partements ;- le d\u00e9cret du 11 janvier 2023 nommant Madame Fabienne BUCCIO, pr\u00e9f\u00e8te du Rh\u00f4ne ;- le d\u00e9cret n\u00b02021-1476 du 12 novembre 2021 modifi\u00e9 relatif au rythme des \u00e9valuations de laqualit\u00e9 des \u00e9tablissements et services sociaux et m\u00e9dico-sociaux ;- l'instruction n\u00b0 DGCS/SD5B/2023/91 du 28 juin 2023 relative \u00e0 la mise en \u0153uvre de l'\u00e9valuationdes activit\u00e9s et de la qualit\u00e9 des prestations d\u00e9livr\u00e9es dans les \u00e9tablissements et services sociauxet m\u00e9dico-sociaux ;- vu l'arr\u00eat\u00e9 pr\u00e9fectoral du 04 novembre 2024 fixant la programmation pour les ann\u00e9es 2023 \u00e02027 des \u00e9valuations de la qualit\u00e9 des \u00e9tablissements et services sociaux relevant du c) del'article L313-3 du Code de l'action sociale et des familles ;- VU l'arr\u00eat\u00e9 pr\u00e9fectoral modificatif du 30 d\u00e9cembre 2025 fixant la programmation pour lesann\u00e9es 2023 \u00e0 2027 des \u00e9valuations de la qualit\u00e9 des \u00e9tablissements et services sociaux relevantdu c) de l'article L313-3 du Code de l'action sociale et des familles ;- vu la demande du 7 janvier 2026 de report d'\u00e9valuation sollicit\u00e9e par le directeur r\u00e9gionaladjoint d'ADOMA ;\nPr\u00e9fecture du Rh\u00f4ne - 69419 Lyon c\u00e9dex 03 - T\u00e9l. 04 72 61 61 61 - www.rhone.gouv.fr1/2\n69_PREF_Direction de la citoyennet\u00e9, de l'immigration et de l'int\u00e9gration - 69-2026-01-15-00014 - Arr\u00eat\u00e9 modificatif  programmation\n2023-2027 ADOMA 11\nSUR proposition de Madame la Directrice des Migrations et de I'Int\u00e9gration ;\nARRETE\nARTICLE 1:L'annexe \u00e0 l'arr\u00eat\u00e9 pr\u00e9fectoral du 04 novembre 2024 fixant la programmation pour les ann\u00e9es 2023 a2027 des \u00e9valuations de la qualit\u00e9 des \u00e9tablissements et services sociaux relevant du c) de l'article L313-3 du Code de l'action sociale et des familles, est modifi\u00e9e comme suit :La transmission du rapport est fix\u00e9e au troisi\u00e8me trimestre 2026 pour ADOMA Si\u00e8ge, n\u00b0 Finess juridique75 080 851 1 pour les structures CADA (ADOMA), n\u00b0 Finess g\u00e9ographique 69 001 470 9, 69 001 475 8 et69 001 682 9.Le reste de l'arr\u00eat\u00e9 pr\u00e9fectoral du 4 novembre 2024 pr\u00e9cit\u00e9 tel que modifi\u00e9 par l'arr\u00eat\u00e9 du 30 d\u00e9cembre2025 demeure inchang\u00e9.ARTICLE 2:Le pr\u00e9sent arr\u00eat\u00e9 est susceptible de faire l'objet d'un recours contentieux devant le Tribunaladministratif de Lyon dans un d\u00e9lai de deux mois \u00e0 compter de sa publication. |La juridiction administrative comp\u00e9tente peut \u00eatre saisie par voie postale ou par t\u00e9l\u00e9d\u00e9claration aumoyen de l'application \u00ab T\u00e9l\u00e9recours citoyens \u00bb accessible \u00e0 partir du site internet www.telerecours.fr.\nARTICLE 3 :Le pr\u00e9fet, secr\u00e9taire g\u00e9n\u00e9rale de la pr\u00e9fecture du Rh\u00f4ne, pr\u00e9fet d\u00e9l\u00e9gu\u00e9 pour l'\u00e9galit\u00e9 des chances estcharg\u00e9 de l'ex\u00e9cution du pr\u00e9sent arr\u00eat\u00e9 qui sera publi\u00e9 au recueil des actes administratifs (RAA) de lapr\u00e9fecture du Rh\u00f4ne.\nPour le pr\u00e9fet, par d\u00e9l\u00e9gation,\nPr\u00e9fecture du Rh\u00f4ne - 69419 Lyon c\u00e9dex 03 - T\u00e9l. 04 72 61 61 61 - www.rhone.gouv.fr2/2\n69_PREF_Direction de la citoyennet\u00e9, de l'immigration et de l'int\u00e9gration - 69-2026-01-15-00014 - Arr\u00eat\u00e9 modificatif  programmation\n2023-2027 ADOMA 12\n69_Pr\u00e9f_Pr\u00e9fecture du Rh\u00f4ne\n69-2026-02-02-00003\nArr\u00eat\u00e9 pr\u00e9fectoral portant d\u00e9l\u00e9gation de\nsignature \u00e0 Monsieur Olivier DAVID, directeur\nr\u00e9gional de l'environnement, de l'am\u00e9nagement\net du logement de la r\u00e9gion\nAuvergne-Rh\u00f4ne-Alpes, dans le ressort du\nd\u00e9partement du Rh\u00f4ne\n69_Pr\u00e9f_Pr\u00e9fecture du Rh\u00f4ne - 69-2026-02-02-00003 - Arr\u00eat\u00e9 pr\u00e9fectoral portant d\u00e9l\u00e9gation de signature \u00e0 Monsieur Olivier DAVID,\ndirecteur r\u00e9gional de l'environnement, de l'am\u00e9nagement et du logement de la r\u00e9gion Auvergne-Rh\u00f4ne-Alpes, dans le ressort du\nd\u00e9partement du Rh\u00f4ne\n13\nesPREFETEDU RHONELibert\u00e9Egalit\u00e9Fraternit\u00e9\nDirection de la coordination\ndes politiques interminist\u00e9rielles\nLyon, le\nARR\u00caT\u00c9 PR\u00c9FECTORAL N\u00b0                                        \nportant d\u00e9l\u00e9gation de signature \u00e0 Monsieur Olivier DAVID,\ndirecteur r\u00e9gional de l'environnement, de l'am\u00e9nagement et du logement\nde la r\u00e9gion Auvergne-Rh\u00f4ne-Alpes,\ndans le ressort du d\u00e9partement du Rh\u00f4ne\nLA PR\u00c9F\u00c8TE DE LA R\u00c9GION AUVERGNE-RH\u00d4NE-ALPES,\nPR\u00c9F\u00c8TE DE LA ZONE DE D\u00c9FENSE ET DE S\u00c9CURIT\u00c9 SUD-EST,\nPR\u00c9F\u00c8TE DU RH\u00d4NE\nCommandeur de la L\u00e9gion d'honneur\nCommandeur de l'ordre national du M\u00e9rite\nVU la loi n\u00b0  82-213 du 2 mars 1982 relative aux droits et libert\u00e9s des communes, des d\u00e9partements  \net des r\u00e9gions et notamment son chapitre 34 ;\nVU la loi n\u00b0  83-8 du 7  janvier 1983 modifi\u00e9e relative \u00e0 la r\u00e9partition des comp\u00e9tences entre les  \ncommunes, les d\u00e9partements, les r\u00e9gions et l'\u00c9tat ;\nVU  la  loi  d'orientation  n\u00b0 92-125  du  16 f\u00e9vrier 1992  relative  \u00e0  l'administration  territoriale  de  la \nR\u00e9publique ;\nVU l'ordonnance n\u00b0 2014-619 du 12  juin 2014 relative \u00e0 l'exp\u00e9rimentation d'une autorisation unique  \npour les installations, ouvrages, travaux et activit\u00e9s soumis \u00e0 autorisation au titre de l'article L.214-3  \ndu code de l'environnement ;\nVU le d\u00e9cret n\u00b0 92-604 du 1er juillet 1992, portant Charte de d\u00e9concentration ;\nVU le d\u00e9cret n\u00b0  97-34 du 15 janvier 1997 relatif \u00e0 la d\u00e9concentration des d\u00e9cisions administratives  \nindividuelles modifi\u00e9 ;\nVU le d\u00e9cret n\u00b0 97-1204 du 19 d\u00e9cembre 1997 pris pour l'application \u00e0 la ministre de l'am\u00e9nagement \ndu territoire et de l'environnement du 1er de l'article 2 du d\u00e9cret n\u00b0 97-34 du 15 janvier 1997 , relatif \u00e0 \nla d\u00e9concentration des d\u00e9cisions administratives individuelles ;\nVU le d\u00e9cret n\u00b0 2004-374 du 29 avril 2004 modifi\u00e9 relatif aux pouvoirs des pr\u00e9fets, \u00e0 l'organisation et \n\u00e0 l'action des services de l'\u00c9tat dans les r\u00e9gions et d\u00e9partements ;\nVU le d\u00e9cret n\u00b0 2005-636 du 30 mai 2005 relatif \u00e0 l'organisation de l'administration dans le domaine \nde l'eau et aux missions du pr\u00e9fet coordonnateur de bassin ;\nVU le d\u00e9cret n\u00b0  2009-235 du 27  f\u00e9vrier 2009 modifi\u00e9 relatif \u00e0 l'organisation et aux missions des  \ndirections r\u00e9gionales de l'environnement, de l'am\u00e9nagement et du logement ;\n1/3\n69_Pr\u00e9f_Pr\u00e9fecture du Rh\u00f4ne - 69-2026-02-02-00003 - Arr\u00eat\u00e9 pr\u00e9fectoral portant d\u00e9l\u00e9gation de signature \u00e0 Monsieur Olivier DAVID,\ndirecteur r\u00e9gional de l'environnement, de l'am\u00e9nagement et du logement de la r\u00e9gion Auvergne-Rh\u00f4ne-Alpes, dans le ressort du\nd\u00e9partement du Rh\u00f4ne\n14\nVU  le  d\u00e9cret  n\u00b0 2009-360  du  31 mars 2009  relatif  aux  emplois  de  direction  de  l'administration \nterritoriale de l'\u00c9tat ;\nVU le d\u00e9cret n\u00b0 2014-751 du 1er juillet 2014 d'application de l'ordonnance n\u00b0 2014-619 du 12 juin 2014 \nrelative \u00e0 l'exp\u00e9rimentation d'une autorisation unique pour les installations, ouvrages, travaux et  \nactivit\u00e9s soumis \u00e0 autorisation au titre de l'article L.214-3 du code de l'environnement ;\nVU le d\u00e9cret n\u00b0 2015-510 du 7 mai 2015 portant charte de la d\u00e9concentration ;\nVU le d\u00e9cret du 11 janvier 2023 en conseil des ministres portant nomination de Mme Fabienne  \nBUCCIO en qualit\u00e9 de pr\u00e9f\u00e8te de la r\u00e9gion Auvergne-Rh\u00f4ne-Alpes, pr\u00e9f\u00e8te de la zone de d\u00e9fense et  \nde s\u00e9curit\u00e9 Sud-Est, pr\u00e9f\u00e8te du Rh\u00f4ne (hors classe) .\nVu  le  d\u00e9cret  du  15  mai  2025  portant  nomination  de  M.  Fabrice  ROSAY  en  qualit\u00e9  de  pr\u00e9fet, \nsecr\u00e9taire g\u00e9n\u00e9ral de la pr\u00e9fecture du Rh\u00f4ne, pr\u00e9fet d\u00e9l\u00e9gu\u00e9 pour l'\u00e9galit\u00e9 des chances aupr\u00e8s de la \npr\u00e9f\u00e8te de la r\u00e9gion Auvergne-Rh\u00f4ne-Alpes, pr\u00e9f\u00e8te de la zone de d\u00e9fense et de s\u00e9curit\u00e9 Sud-Est,  \npr\u00e9f\u00e8te du Rh\u00f4ne ;\nVU l'arr\u00eat\u00e9 du 7 novembre 2006 modifi\u00e9 d\u00e9signant les services de police de l'eau comp\u00e9tents sur la  \nliste des cours d'eau d\u00e9finie par l'arr\u00eat\u00e9 du 24  f\u00e9vrier 2006 pris en application de l'article 7 du  \nd\u00e9cret n\u00b0 2005-636 du 30  mai 2005 relatif \u00e0 l'organisation de l'administration dans le domaine de  \nl'eau et aux missions du pr\u00e9fet coordonnateur de bassin ;\nVu l'arr\u00eat\u00e9 minist\u00e9riel du 18 d\u00e9cembre 2025 NOR : TECK2531286A portant nomination de M. Olivier \nDAVID,  ing\u00e9nieur  g\u00e9n\u00e9ral  des  mines,  en  qualit\u00e9  de  directeur  r\u00e9gional  de  l'environnement,  de \nl'am\u00e9nagement et du logement Auvergne-Rh\u00f4ne-Alpes \u00e0 compter du 01 f\u00e9vrier 2026 ;\nVU  l'arr\u00eat\u00e9  pr\u00e9fectoral  n\u00b0 2025-339  du  2  d\u00e9cembre  2025  portant  organisation  de  la  direction \nr\u00e9gionale de l'environnement, de l'am\u00e9nagement et du logement d'Auvergne-Rh\u00f4ne-Alpes ;\nSur proposition du pr\u00e9fet, secr\u00e9taire g\u00e9n\u00e9ral de la pr\u00e9fecture du Rh\u00f4ne ;\nARR\u00caTE\nArticle 1 : D\u00e9l\u00e9gation de signature est donn\u00e9e, pour le d\u00e9partement du Rh\u00f4ne,  \u00e0 M. Olivier DAVID, \ndirecteur r\u00e9gional de l'environnement, de l'am\u00e9nagement et du logement de la r\u00e9gion Auvergne-\nRh\u00f4ne-Alpes, \u00e0 l'effet de signer :\n\u2022 tous actes de gestion interne \u00e0 sa direction ;\n\u2022 tous actes, documents administratifs, rapports, conventions, certificats, correspondances,  \ndans le cadre des missions relevant de sa direction.\nArticle 2  :  Par d\u00e9rogation \u00e0 la d\u00e9l\u00e9gation vis\u00e9e \u00e0 l'article 1, demeurent soumis \u00e0 la signature du  \npr\u00e9fet de d\u00e9partement :\n\u2022 les actes \u00e0 port\u00e9e r\u00e9glementaire ;\n\u2022 les sanctions administratives ;\n\u2022 les arr\u00eat\u00e9s d'ouverture d'enqu\u00eate publique, de d\u00e9claration d'utilit\u00e9 publique, de cessibilit\u00e9 ;\n\u2022 les d\u00e9cisions de gestion du domaine public (acquisition, ali\u00e9nation, affectation) ;\n\u2022 les arr\u00eat\u00e9s portant nomination de membres de commissions et comit\u00e9s d\u00e9partementaux ;\n\u2022 les d\u00e9cisions qui ont trait \u00e0 l'exercice des comp\u00e9tences d\u00e9volues au pr\u00e9fet en mati\u00e8re de  \ncontr\u00f4le administratif des communes, du d\u00e9partement et de leurs \u00e9tablissements publics ;\n\u2022 les  requ\u00eates,  d\u00e9f\u00e9r\u00e9s,  d\u00e9clinatoires  de  comp\u00e9tence  aupr\u00e8s  des  diff\u00e9rentes  juridictions, \nm\u00e9moires en d\u00e9fense hors r\u00e9f\u00e9r\u00e9s ;\n\u2022 les instructions ou circulaires adress\u00e9es aux collectivit\u00e9s territoriales ;\n2/3\n69_Pr\u00e9f_Pr\u00e9fecture du Rh\u00f4ne - 69-2026-02-02-00003 - Arr\u00eat\u00e9 pr\u00e9fectoral portant d\u00e9l\u00e9gation de signature \u00e0 Monsieur Olivier DAVID,\ndirecteur r\u00e9gional de l'environnement, de l'am\u00e9nagement et du logement de la r\u00e9gion Auvergne-Rh\u00f4ne-Alpes, dans le ressort du\nd\u00e9partement du Rh\u00f4ne\n15\n\u2022 les  r\u00e9ponses  aux  courriers  des  pr\u00e9sidents  des  assembl\u00e9es  d\u00e9partementales  et  des \nparlementaires, \u00e0 l'exception des courriers d'instruction de dossiers ou des courriers relatifs  \n\u00e0 une proc\u00e9dure ;\n\u2022 les conventions avec les collectivit\u00e9s territoriales ou des \u00e9tablissements publics engageant  \nfinanci\u00e8rement l'\u00c9tat ;\n\u2022 les d\u00e9cisions attributives de :\n\u25e6 subventions de fonctionnement d'un montant sup\u00e9rieur \u00e0 30 000 \u20ac,\n\u25e6 subventions d'investissement d'un montant sup\u00e9rieur \u00e0 100 000 \u20ac.\nArticle  3 : M.  Olivier  DAVID,  directeur  r\u00e9gional  de  l'environnement,  de  l'am\u00e9nagement  et  du \nlogement de la r\u00e9gion Auvergne-Rh\u00f4ne-Alpes,  est habilit\u00e9 \u00e0 pr\u00e9senter les observations orales de  \nl'\u00c9tat  devant  les  juridictions  administratives  et  judiciaires  \u00e0  l'appui  des  conclusions  \u00e9crites \npr\u00e9sent\u00e9es pour le compte de l'\u00c9tat.\nArticle  4  : M.  Olivier  DAVID,  directeur  r\u00e9gional  de  l'environnement,  de  l'am\u00e9nagement  et  du \nlogement de la r\u00e9gion Auvergne-Rh\u00f4ne-Alpes,  peut subd\u00e9l\u00e9guer sa signature aux collaborateurs  \nqu'il aura d\u00e9sign\u00e9s par arr\u00eat\u00e9 pour les domaines relevant de leur activit\u00e9 au sein du service.\nArticle  5  : Le  pr\u00e9sent  arr\u00eat\u00e9  peut  faire  l'objet  d'un  recours  contentieux  devant  le  tribunal \nadministratif  de  Lyon dans  un  d\u00e9lai  de  deux  mois  \u00e0  compter  de  sa  publication.  Le  tribunal \nadministratif peut \u00eatre saisi d'une requ\u00eate d\u00e9pos\u00e9e sur le site www.telerecours.fr.\nArticle 6  : Le pr\u00e9fet, secr\u00e9taire g\u00e9n\u00e9ral de la pr\u00e9fecture, pr\u00e9fet d\u00e9l\u00e9gu\u00e9 pour l'\u00e9galit\u00e9 des chances,  \nest charg\u00e9 de l'ex\u00e9cution du pr\u00e9sent arr\u00eat\u00e9 qui sera publi\u00e9 au recueil des actes administratifs de la  \npr\u00e9fecture du Rh\u00f4ne.\n3/3\nLa pr\u00e9f\u00e8te,\nSign\u00e9\nFabienne BUCCIO\n69_Pr\u00e9f_Pr\u00e9fecture du Rh\u00f4ne - 69-2026-02-02-00003 - Arr\u00eat\u00e9 pr\u00e9fectoral portant d\u00e9l\u00e9gation de signature \u00e0 Monsieur Olivier DAVID,\ndirecteur r\u00e9gional de l'environnement, de l'am\u00e9nagement et du logement de la r\u00e9gion Auvergne-Rh\u00f4ne-Alpes, dans le ressort du\nd\u00e9partement du Rh\u00f4ne\n16","date":"2026-02-03","first_seen_on":"2026-02-03T15:37:38+00:00","id":"70e715f3b59a71d7cd8df0efd98416c3cc2bb3098000e4cbe4ab8c5bb5978fba","name":"RAA_69-2026-035-030226","pdf_creation_date":"2026-02-03T15:09:32+00:00","pdf_modification_date":"2026-02-03T15:09:59+00:00","timezone":"Europe/Paris","url":"https://www.rhone.gouv.fr/contenu/telechargement/67207/452432/file/RAA_69-2026-035-030226.pdf"}
