{"administration":"prefidf","administration_name":"Pr\u00e9fecture de la r\u00e9gion \u00cele-de-France","content":"PREFECTURE\nREGION ILE DE\nFRANCE\nRECUEIL DES ACTES\nADMINISTRATIFS SP\u00c9CIAL\nN\u00b0IDF-047-2025-06\nPUBLI\u00c9 LE 24 JUIN 2025\nSommaire\nAgence R\u00e9gionale de Sant\u00e9 - D\u00e9l\u00e9gation d\u00e9partementale de\nl'Essonne /\nIDF-2025-06-24-00002 - D\u00e9l\u00e9gation de signature unique DD 91 sign\u00e9e\n(4 pages) Page 3\nRectorat de la r\u00e9gion acad\u00e9mique d'Ile-de-France, rectorat de\nl'acad\u00e9mie de Paris /\nIDF-2025-06-24-00003 - Arr\u00eat\u00e9 n\u00b0 2025-079-RRA portant\nsubd\u00e9l\u00e9gation de signature en mati\u00e8re d'ordonnancement secondaire\npour les budgets op\u00e9rationnels de programme (BOP) n\u00b0150, 163, 172,\n214, 219, 348, 349 et 362 (4 pages) Page 8\nIDF-2025-06-24-00004 - Arr\u00eat\u00e9 n\u00b0 2025-080-RRA portant\nsubd\u00e9l\u00e9gation de signature en mati\u00e8re d'ordonnancement secondaire\ndes budgets op\u00e9rationnels de programmes n\u00b0 150, 163, 214, 219, 362 et\n363 et les unit\u00e9s op\u00e9rationnelles des programmes n\u00b0348 et 349 (7\npages) Page 13\n2\nAgence R\u00e9gionale de Sant\u00e9 - D\u00e9l\u00e9gation\nd\u00e9partementale de l'Essonne\nIDF-2025-06-24-00002\nD\u00e9l\u00e9gation de signature unique DD 91 sign\u00e9e\nAgence R\u00e9gionale de Sant\u00e9 - D\u00e9l\u00e9gation d\u00e9partementale de l'Essonne - IDF-2025-06-24-00002 - D\u00e9l\u00e9gation de signature unique DD 91\nsign\u00e9e 3\nEzREPUBLIQUEFRANCAISELibert\u00e9Egalit\u00e9Fraternit\u00e9\n\u00a9 \u00bb Agence R\u00e9gionale de Sant\u00e9Ile-de-France\n \n \n 1/4 \n \n \n         \n \n \nAGENCE R\u00c9GIONALE DE SANT\u00c9 \u00ceLE-DE-FRANCE \nARR\u00caT\u00c9 DS N\u00b0015-2025 \nportant d\u00e9l\u00e9gation de signature \n \nLE DIRECTEUR G\u00c9N\u00c9RAL DE L'AGENCE R\u00c9GIONALE DE SANT\u00c9 \u00ceLE-DE-FRANCE \n \n \n \nVU  le code de la sant\u00e9 publique et notamment le titre III du livre IV de la premi\u00e8re partie, consacr\u00e9 \naux Agences r\u00e9gionales de sant\u00e9 ; \nVU  le code de l'action sociale et des familles ; \nVU  le code de la s\u00e9curit\u00e9 sociale ; \nVU le code du travail ; \nVU  le code de la d\u00e9fense ; \nVU  le code de l'environnement ; \nVU  le d\u00e9cret du 10 avril 2024 portant nomination de Monsieur Denis ROBIN, Directeur g\u00e9n\u00e9ral de \nl'Agence r\u00e9gionale de sant\u00e9 \u00cele-de-France, \u00e0 compter du 29 avril 2024 ; \n \n \nCONSID\u00c9RANT  les centres de responsabilit\u00e9 budg\u00e9taires (ci-apr\u00e8s d\u00e9nomm\u00e9s CRB) entre \nlesquels sont r\u00e9partis les autorisations d'engagements et cr\u00e9dits de paiements \nbudg\u00e9taires allou\u00e9s \u00e0 l'Agence r\u00e9gionale de sant\u00e9 \u00cele-de-France : \n\u2192 CRB Pilotage ci-apr\u00e8s d\u00e9nomm\u00e9 CRB PILOT ; \n\u2192 CRB Moyens g\u00e9n\u00e9raux ci-apr\u00e8s d\u00e9nomm\u00e9 CRH MG ; \n\u2192 CRB Ressources Humaines ci-apr\u00e8s d\u00e9nomm\u00e9 CRB RH ; \n\u2192 CRB Innovation, recherche et transformation num\u00e9rique ci-apr\u00e8s \nd\u00e9nomm\u00e9 CRB DINOV ; \n\u2192 CRB Informatique ci-apr\u00e8s d\u00e9nomm\u00e9 CRB SI ; \n\u2192 CRB Veille et s\u00e9curit\u00e9 sanitaires ci-apr\u00e8s d\u00e9nomm\u00e9 CRB DVSS ; \n\u2192 CRB Sant\u00e9 publique ci-apr\u00e8s d\u00e9nomm\u00e9 CRB DSP ; \n\u2192 CRB Offre de soins ci-apr\u00e8s d\u00e9nomm\u00e9 CRB DOS ; \n\u2192 CRB Autonomie ci-apr\u00e8s d\u00e9nomm\u00e9 CRB DA ; \n\u2192 CRB D\u00e9mocratie sanitaire ci-apr\u00e8s d\u00e9nomm\u00e9 CRB DEMOS ; \n\u2192 CRB Communication ci-apr\u00e8s d\u00e9nomm\u00e9 CRB COM ; \n\u2192 CRB D\u00e9l\u00e9gation de Paris ci-apr\u00e8s d\u00e9nomm\u00e9 CRB DD75 ; \n\u2192 CRB D\u00e9l\u00e9gation de Seine-et-Marne ci-apr\u00e8s d\u00e9nomm\u00e9 CRB DD77 ; \n\u2192 CRB D\u00e9l\u00e9gation des Yvelines ci-apr\u00e8s d\u00e9nomm\u00e9 CRB DD78 ; \n\u2192 CRB D\u00e9l\u00e9gation de l'Essonne ci-apr\u00e8s d\u00e9nomm\u00e9 CRB DD91 ; \n\u2192 CRB D\u00e9l\u00e9gation des Hauts-de-Seine ci-apr\u00e8s d\u00e9nomm\u00e9 CRB DD92 ; \n\u2192 CRB D\u00e9l\u00e9gation de Seine-Saint-Denis ci-apr\u00e8s d\u00e9nomm\u00e9 CRB DD93 ; \n\u2192 CRB D\u00e9l\u00e9gation du Val-de-Marne ci-apr\u00e8s d\u00e9nomm\u00e9 CRB DD94 ; \n\u2192 CRB D\u00e9l\u00e9gation du Val-d'Oise ci-apr\u00e8s d\u00e9nomm\u00e9 CRB DD95 ; \n  \nAgence R\u00e9gionale de Sant\u00e9 - D\u00e9l\u00e9gation d\u00e9partementale de l'Essonne - IDF-2025-06-24-00002 - D\u00e9l\u00e9gation de signature unique DD 91\nsign\u00e9e 4\n \n \n2/4 \n \n \nARRETE \n \n \nARTICLE 1er \n \n1.1 D\u00e9l\u00e9gation est donn\u00e9e \u00e0 Monsieur Richade FAHAS, Directeur de la d\u00e9l\u00e9gation d\u00e9partementale de \nl'Essonne, \u00e0 effet de signer, pour la d\u00e9l\u00e9gation d\u00e9partementale de l'Essonne, tout acte unilat\u00e9ral \nou convention, concernant le d\u00e9partement de l'Essonne et relatifs aux domaines suivants : \n \n- Ambulatoire et services aux professionnels de sant\u00e9 \n- Etablissements et services de sant\u00e9 \n- \u00c9tablissements et services m\u00e9dico-sociaux \n- Pr\u00e9vention et promotion de la sant\u00e9 \n- Veille et s\u00e9curit\u00e9 sanitaires \n- D\u00e9mocratie en sant\u00e9 et inspections. \n \n1.2 Cette d\u00e9l\u00e9gation inclut : \na. La signature de tous les actes ou pi\u00e8ces, relatifs aux proc\u00e9dures contentieuses relevant des actes \nfaisant grief, dans les domaines vis\u00e9s ci-dessus et la d\u00e9signation des agents, plac\u00e9s sous son autorit\u00e9, \ncharg\u00e9s d'assurer la repr\u00e9sentation du Directeur g\u00e9n\u00e9ral de l'Agence r\u00e9gionale de sant\u00e9 \u00cele-de-France \n\u00e0 l'audience dans le cadre desdites proc\u00e9dures ; \nb. La signature de tous l es actes valant engagement juridique inf\u00e9rieur ou \u00e9gal \u00e0 deux cent cinquante \nmille euros (250 000 \u20ac) dans le cadre exclusif des autorisations d'engagement notifi\u00e9es au CRB DD91, \npour les actes relevant de l'enveloppe d'intervention du budget annexe ; \nc. La signature des ordres de payer donn\u00e9s au comptable, dans le cadre exclusif des cr\u00e9dits de paiement \nallou\u00e9s au CRB DD91. \n \n \nARTICLE 2 \n \nDemeurent r\u00e9serv\u00e9s \u00e0 la signature du Directeur g\u00e9n\u00e9ral de l'Agence r\u00e9gionale de sant\u00e9 \u00cele -de-France : \n \n- Les actes de saisine du tribunal administratif et de la chambre r\u00e9gionale des comptes d'\u00cele -de-France, \n- Concernant les \u00e9tablissements et services prenant en charge les personnes \u00e2g\u00e9es et les personnes en \nsituation de handicap, les arr\u00eat\u00e9s autorisant la cr\u00e9ation d'\u00e9tablissements et services, les projets \nd'extension sup\u00e9rieure \u00e0 30% des capacit\u00e9s install\u00e9 es au sens des dispositions de l'article L.313 -1-1 \ndu CASF, la cession d'autorisation ainsi que les actes pronon\u00e7ant la mise sous administration provisoire \nd'\u00e9tablissements, \n- Les arr\u00eat\u00e9s d'autorisation, de modification, de transfert ou de cessation d'activit\u00e9 de toutes les autres \nstructures relevant de la comp\u00e9tence de l'Agence r\u00e9gionale de sant\u00e9 \u00cele -de-France, \u00e0 l'exception de \nceux relatifs aux officines de pharmacie, aux labo ratoires de biologie m\u00e9dicale et aux soci\u00e9t\u00e9s de \ntransport sanitaire, \n- Les correspondances adress\u00e9es au Pr\u00e9sident de la R\u00e9publique, aux Ministres, aux membres du \nGouvernement, aux Parlementaires et aux Pr\u00e9sidents des conseils r\u00e9gionaux et d\u00e9partementaux.  \n \n \nARTICLE 3 \n \nEn cas d'absence ou d'emp\u00eachement du Directeur de la d\u00e9l\u00e9gation d\u00e9partementale de l'Essonne, la \nd\u00e9l\u00e9gation de signature qui lui est conf\u00e9r\u00e9e est donn\u00e9e \u00e0 Monsieur Matthieu ZUBA, Directeur adjoint, \nsur l'ensemble des attributions du Directeur de la d\u00e9l\u00e9gation d\u00e9partementale de l'Essonne. \n  \nAgence R\u00e9gionale de Sant\u00e9 - D\u00e9l\u00e9gation d\u00e9partementale de l'Essonne - IDF-2025-06-24-00002 - D\u00e9l\u00e9gation de signature unique DD 91\nsign\u00e9e 5\n \n \n3/4 \n \n \nARTICLE 4 \n \nEn cas d'absence ou d'emp\u00eachement simultan\u00e9 du Directeur de la d\u00e9l\u00e9gation d\u00e9partementale de \nl'Essonne et du Directeur adjoint, d\u00e9l\u00e9gation de signature est donn\u00e9e aux responsables de d\u00e9partement \net adjoint cit\u00e9s ci-apr\u00e8s, dans la limite de la comp\u00e9tence de leur d\u00e9partement, \u00e0 l'exclusion des actes \nfinanciers (engagements et ordres de payer) vis\u00e9s \u00e0 l'article 1.2 b et 1.2 c : \n \nNom des cadres et qualit\u00e9 Mati\u00e8res et domaines concern\u00e9s \nMonsieur M\u00e9ki MENIDJEL , responsable du d\u00e9partement \nautonomie \n\u00c9tablissements et services m\u00e9dico-sociaux \nInspections \nD\u00e9mocratie en sant\u00e9 \nMadame Laurence GOBERT, responsable du d\u00e9partement \noffre de soins et pr\u00e9vention \nAmbulatoire et services aux professionnels de \nsant\u00e9 \nEtablissements et services de sant\u00e9 \nPr\u00e9vention et promotion de la sant\u00e9 \nD\u00e9mocratie en sant\u00e9 et inspections \nMadame Sophia FERREIRA, responsable adjointe du \nd\u00e9partement offre de soins et pr\u00e9vention \nAmbulatoire et services aux professionnels de \nsant\u00e9 \nEtablissements et services de sant\u00e9 \nPr\u00e9vention et promotion de la sant\u00e9 \nD\u00e9mocratie en sant\u00e9 et inspections \nMonsieur Emmanuel CONTASSOT,  responsable du \nd\u00e9partement Sant\u00e9 environnement \nVeille et s\u00e9curit\u00e9 sanitaires \n \n \nARTICLE 5 \n \nEn cas d'absence ou d'emp\u00eachement simultan\u00e9 du Directeur de la d\u00e9l\u00e9gation d\u00e9partementale de \nl'Essonne, du Directeur adjoint et du Responsable du d\u00e9partement sant\u00e9 environnement, d\u00e9l\u00e9gation de \nsignature est donn\u00e9e aux agents suivants, dans la limite de la comp\u00e9tence de leur direction et d\u00e9partement \nd'affectation, \u00e0 l'exclusion des actes financiers (engagements et ordres de payer) vis\u00e9s \u00e0 l'article 1.2 b et \n1.2 c : \n \nNom des agents Domaines concern\u00e9s \nMonsieur Franck CANOREL Sant\u00e9 Environnement \nMonsieur Steven MPEMBA Sant\u00e9 Environnement \nMadame Lina HABRA Sant\u00e9 Environnement \n \n \nARTICLE 6 \n \nD\u00e9l\u00e9gation de signature est donn\u00e9e \u00e0 Madame Laureen WELSCHBILLIG, Directrice de la d\u00e9l\u00e9gation \nd\u00e9partementale du Val-d'Oise, \u00e0 effet de signer, tous les actes relatifs au domaine des eaux conditionn\u00e9es, \nrelevant de la comp\u00e9tence de l'Agence r\u00e9gionale de sant\u00e9 \u00cele-de-France. \n \nEn cas d'absence ou d'emp\u00eachement de la Directrice de la d\u00e9l\u00e9gation d\u00e9partementale du Val-d'Oise, la \nd\u00e9l\u00e9gation qui lui est conf\u00e9r\u00e9e est donn\u00e9e, dans le domaine pr\u00e9cit\u00e9, \u00e0 Monsieur Pierre MARECHAL, \nDirecteur adjoint de la d\u00e9l\u00e9gation d\u00e9partementale du Val-d'Oise. \n \nEn cas d'absence ou d'emp\u00eachement de la Directrice et du Directeur adjoint de la d\u00e9l\u00e9gation \nd\u00e9partementale du Val-d'Oise, d\u00e9l\u00e9gation de signature est donn\u00e9e, dans le domaine pr\u00e9cit\u00e9, \u00e0 : \n \n- Monsieur Judica\u00ebl LAPORTE, d\u00e9partement sant\u00e9 environnement \n- Madame Helen LE GUEN, d\u00e9partement sant\u00e9 environnement \n- Madame Astrid REVILLON, d\u00e9partement sant\u00e9 environnement. \n  \nAgence R\u00e9gionale de Sant\u00e9 - D\u00e9l\u00e9gation d\u00e9partementale de l'Essonne - IDF-2025-06-24-00002 - D\u00e9l\u00e9gation de signature unique DD 91\nsign\u00e9e 6\n \n \n4/4 \n \n \nARTICLE 7 \n \nL'arr\u00eat\u00e9 DS N\u00b0006/2025 du 10 avril 2025 portant d\u00e9l\u00e9gation de signature du Directeur g\u00e9n\u00e9ral de l'Agence \nr\u00e9gionale de sant\u00e9 \u00cele-de-France est abrog\u00e9. \n \n \nARTICLE 8 \n \nLe Directeur de la d\u00e9l\u00e9gation d\u00e9partementale de l'Essonne est charg\u00e9 de l'ex\u00e9cution du pr\u00e9sent arr\u00eat\u00e9 qui \nsera publi\u00e9 au recueil des actes administratifs de la pr\u00e9fecture de la r\u00e9gion d'\u00cele-de-France et de l'Essonne. \n \nLa Directrice de la d\u00e9l\u00e9gation d\u00e9partementale du Val -d'Oise est charg\u00e9e, pour ce qui la concerne, de \nl'ex\u00e9cution du pr\u00e9sent arr\u00eat\u00e9 qui sera publi\u00e9 au recueil des actes administratifs de la pr\u00e9fecture du Val -\nd'Oise. \n \n \nFait \u00e0 Saint-Denis, le 24 juin 2025 \n \nLe Directeur g\u00e9n\u00e9ral \nde l'Agence r\u00e9gionale de sant\u00e9 \n\u00cele-de-France \n \nDenis ROBIN \nAgence R\u00e9gionale de Sant\u00e9 - D\u00e9l\u00e9gation d\u00e9partementale de l'Essonne - IDF-2025-06-24-00002 - D\u00e9l\u00e9gation de signature unique DD 91\nsign\u00e9e 7\nRectorat de la r\u00e9gion acad\u00e9mique\nd'Ile-de-France, rectorat de l'acad\u00e9mie de Paris\nIDF-2025-06-24-00003\nArr\u00eat\u00e9 n\u00b0 2025-079-RRA portant subd\u00e9l\u00e9gation\nde signature en mati\u00e8re d'ordonnancement\nsecondaire pour les budgets op\u00e9rationnels de\nprogramme (BOP) n\u00b0150, 163, 172, 214, 219, 348,\n349 et 362\nRectorat de la r\u00e9gion acad\u00e9mique d'Ile-de-France, rectorat de l'acad\u00e9mie de Paris - IDF-2025-06-24-00003 - Arr\u00eat\u00e9 n\u00b0 2025-079-RRA\nportant subd\u00e9l\u00e9gation de signature en mati\u00e8re d'ordonnancement secondaire pour les budgets op\u00e9rationnels de programme (BOP)\nn\u00b0150, 163, 172, 214, 219, 348, 349 et 362\n8\nREGION ACADEMIQUEILE-DE-FRANCELibert\u00e9Egalit\u00e9Fraternit\u00e9\n \n1 \n                                                          \n \n \n \n \n \n \n \n \n \n \n \n \nArr\u00eat\u00e9 n\u00b02025-079-RRA portant subd\u00e9l\u00e9gation de signature en mati\u00e8re \nd'ordonnancement secondaire pour les budgets op\u00e9rationnels \nde programme (BOP) n\u00b0150, 163, 172, 214, 219, 348, 349 et 362 \n \nLA RECTRICE DE LA REGION ACADEMIQUE \u00ceLE-DE-FRANCE, \n RECTRICE DE L'ACAD\u00c9MIE DE PARIS \nCHANCELI\u00c8RE DES UNIVERSIT\u00c9S DE PARIS  \nET D'\u00ceLE-DE-FRANCE  \nVu la loi organique n o 2001-692 du 1 er ao\u00fbt 2001 modifi\u00e9e relative aux lois de finances  ; \nVu le code de l'\u00e9ducation et notamment les articles R222-19 et suivants ; \nVu le code de la commande publique ; \nVu la loi n\u00b0 68-1250 du 31 d\u00e9cembre 1968 modifi\u00e9e relative \u00e0 la prescription des cr\u00e9ances sur l'Etat, les \nd\u00e9partements, les communes et les \u00e9tablissements publics ; \nVu la loi no 72-619 du 5 juillet 1972 modifi\u00e9e portant cr\u00e9ation et organisation des r\u00e9gions, notamment son \narticle 21-1 ; \nVu la loi n \u00b0 82-213 du 2 mars 198 2 modifi\u00e9e relative aux droits et libert\u00e9s des communes, des \nd\u00e9partements et des r\u00e9gions, et notamment son article 34  ; \nVu le d\u00e9cret n\u00b0 98-81 du 11 f\u00e9vrier 1998 modifi\u00e9 ; \nVu le d\u00e9cret n\u00b0 99-89 du 8 f\u00e9vrier 1999 modifi\u00e9 pris pour l'application de l'article 3 du d\u00e9cret n o 98-81 du \n11 f\u00e9vrier 1998 ; \nVu le d\u00e9cret n\u00b0 2004-374 du 29 avril 2004 modifi\u00e9 relatif aux pouvoirs des pr\u00e9fets, \u00e0 l'organisation et \u00e0 \nl'action des services de l'Etat dans les r\u00e9gions et d\u00e9partements ; \nVu le d\u00e9cret no 2010-687 du 24 juin 2010 modifi\u00e9 relatif \u00e0 l'organisation et aux missions des  services de \nl'Etat dans la r\u00e9gion et les d\u00e9partements d'Ile-de-France ; \nVu le d\u00e9cret n \u00b0 2012-1246 du 7 novembre 2012  modifi\u00e9 relatif \u00e0 la gestion budg\u00e9taire et comptable \npublique ; \nVu le d\u00e9cret n\u00b0 2019-1200 du 20 novembre 2019 relatif \u00e0 l'organisation des services d\u00e9concentr\u00e9s des \nministres charg\u00e9s de l'\u00e9ducation nationale et de l'enseignement sup\u00e9rieur, de la recherche et de \nl'innovation ; \nVu l'arr\u00eat\u00e9 du 3 juillet 2009 portant r\u00e8glement de comptabilit\u00e9 pour la d\u00e9signation des ordonnateurs \nsecondaires et de leurs d\u00e9l\u00e9gu\u00e9s en ce qui concerne le minist\u00e8re de l'\u00e9ducation nationale ; \nVu l'arr\u00eat\u00e9 du 2 2 d\u00e9cembre 2022  relatif aux r\u00e8gles de la comptabi lit\u00e9 budg\u00e9taire de l'Etat pris en \napplication de l'article 54 du d\u00e9cret 2012-1246 du 7 novembre 2012 modifi\u00e9 relatif \u00e0 la gestion budg\u00e9taire \net comptable publique ; \nVu le d\u00e9cret du 22 juillet 2020 portant nomination de M. Marc GUILLAUME en qualit\u00e9 de pr\u00e9fe t de la \nr\u00e9gion d'\u00cele-de-France, pr\u00e9fet de Paris ;  \nVu le d\u00e9cret du Pr\u00e9sident de la R\u00e9publique du 12 mars 2025 portant nomination de Mme Julie BENETTI \nen qualit\u00e9 de rectrice de la r\u00e9gion acad\u00e9mique \u00cele-de-France, rectrice de l'acad\u00e9mie de Paris ; \n \nRectorat de la r\u00e9gion acad\u00e9mique d'Ile-de-France, rectorat de l'acad\u00e9mie de Paris - IDF-2025-06-24-00003 - Arr\u00eat\u00e9 n\u00b0 2025-079-RRA\nportant subd\u00e9l\u00e9gation de signature en mati\u00e8re d'ordonnancement secondaire pour les budgets op\u00e9rationnels de programme (BOP)\nn\u00b0150, 163, 172, 214, 219, 348, 349 et 362\n9\n \n2 \n \n \nVu l'arr\u00eat\u00e9 interminist\u00e9riel en date du 31 janvier 2025 nommant M. Fabien OPPERMANN dans l'emploi de \nsecr\u00e9taire g\u00e9n\u00e9ral de la r\u00e9gion acad\u00e9mique \u00cele-de-France ; \nVu l'arr\u00eat\u00e9 du pr\u00e9fet de la r\u00e9gion Ile -de-France n\u00b0IDF -2025-03-26-00004 du 26 mars 2025 portant \nd\u00e9l\u00e9gation de signature \u00e0 Madame Julie BENETTI, rectrice de la r\u00e9gion acad\u00e9mique \u00cele-de-France, rectrice \nde l'acad\u00e9mie de Paris, en mati\u00e8re d'ordonnancement secondaire ; \nVu l'arr\u00eat\u00e9 du pr\u00e9fet de la r\u00e9gion Ile-de-France n\u00b0 IDF-2025-03-26-00005 du 26 mars 2025 portant d\u00e9l\u00e9gation \nde signature \u00e0 Mme Julie BENETTI, rectrice de la r\u00e9gion acad\u00e9mique \u00cele -de-France, rectrice de l'acad\u00e9mie de \nParis, en mati\u00e8re d'ordonnancement secondaire sur les programmes de la mission \u00ab Plan de relance \u00bb ; \nVu la d\u00e9cision  minist\u00e9rielle n\u00b0ESRF2036756S du 21 d\u00e9cembre 2020 par l aquelle le responsable de \nprogramme du minist\u00e8re de l'Enseignement sup\u00e9rieur, de la Recherche et de l'Innovation nomme le \nrecteur de la r\u00e9gion acad\u00e9mique d'\u00cele-de-France, recteur de l'acad\u00e9mie de Paris en qualit\u00e9 de responsable \nde budget op\u00e9rationnel de programme et d'unit\u00e9s op\u00e9rationnelles du programme 150 ; \nVu l'arr\u00eat\u00e9 de la rectrice de r\u00e9gion acad\u00e9mique n\u00b02025 -030-RRA en date du 4 avril 2025 par lequel elle \ndonne d\u00e9l\u00e9gation au secr\u00e9taire g\u00e9n\u00e9ral de la r\u00e9gion ac ad\u00e9mique \u00cele-de-France pour l'ordonnancement \nsecondaire sur le programme \u00ab Recherches scientifiques et technologiques pluridisciplinaires \u00bb (n\u00b0172) ; \nVu la d\u00e9cision minist\u00e9rielle n\u00b0ESRF2106747S du 24 f\u00e9vrier 2021 portant nomination des responsables de \nbudget op\u00e9rationnel de programme (BOP) et d'unit\u00e9s op\u00e9rationnelles (UO) pour le programme \n172 \u00ab Recherches scientifiques et technologiques pluridisciplinaires \u00bb ; \nVu la d\u00e9cision minist\u00e9rielle n\u00b0MENF2036122S du 11 d\u00e9cembre 2020 par laquelle le responsable d e \nprogramme du minist\u00e8re de l'Education nationale, de la Jeunesse et des Sports nomme le recteur de la \nr\u00e9gion acad\u00e9mique d'\u00cele-de-France, recteur de l'acad\u00e9mie de Paris en qualit\u00e9 de responsable de budget \nop\u00e9rationnel de programme et d'unit\u00e9s op\u00e9rationnelles du programme 214 ; \nVu les d\u00e9cisions NOR MENF2033683S du 27 novembre 2020 et NOR MENV2406106S du 11 mars 2024 par \nlesquelles les responsables de programme du minist\u00e8re de l'Enseignement sup\u00e9rieur, de la Recherche et \nde l'Innovation nomment le Recteur de la r\u00e9gion acad\u00e9mique \u00cele -de-France, Recteur de l'acad\u00e9mie de \nParis en qualit\u00e9 de responsable de responsable de budget  op\u00e9rationnel de programmes et d'unit\u00e9s \nop\u00e9rationnelles des programmes \u00ab Jeunesse et vie associative \u00bb (n\u00b0163) et \u00ab Sports \u00bb (n\u00b0219) ;  \nVu la convention de d\u00e9l\u00e9gation de gestion du 18 d\u00e9cembre 2020 entre le minist\u00e8re de l'Economie et des \nFinances et le minist\u00e8re de l'Education nationale et de la Jeunesse relative au programme 362 ; \nVu la convention du 5 juillet 2024 entre la d\u00e9l\u00e9gation g\u00e9n\u00e9rale \u00e0 l'enseignement sup\u00e9rieur et \u00e0 l'insertion \nprofessionnelle et la r\u00e9gion acad\u00e9mique Ile de France relative \u00e0 la subd\u00e9l\u00e9gation de gestion et \u00e0 \nl'utilisation des cr\u00e9dits du programme 348 ; \nVu la convention du 15 juillet 2024 entre le secr\u00e9tariat g\u00e9n\u00e9ral d u minist\u00e8re de l'Education nationale et \nde la Jeunesse et la r\u00e9gion acad\u00e9mique Ile de France relative \u00e0 la subd\u00e9l\u00e9gation de gestion et \u00e0 l'utilisation \ndes cr\u00e9dits du programme 349 ; \nVu la convention de d\u00e9l\u00e9gation de gestion du 21 mars 2025 entre la R\u00e9gion acad\u00e9mique \u00cele-de-France et \nl'Acad\u00e9mie de Paris relative \u00e0 l'ex\u00e9cution financi\u00e8re des comp\u00e9tences de la r\u00e9gion acad\u00e9mique ; \n \nARRETE \n \nARTICLE 1er : \nConform\u00e9ment \u00e0 la convention de d\u00e9l\u00e9gation de gestion du 21 mars 2025 susvis\u00e9e, d ans les limites \ndes attributions de la division des affaires financi\u00e8res (DAF) de l'acad\u00e9mie de Paris, pour les op\u00e9rations \nli\u00e9es aux programmes et aux unit\u00e9s op\u00e9rationnelles cit\u00e9s \u00e0 l'annexe n\u00b01 de la convention de \nd\u00e9l\u00e9gation de gestion susvis\u00e9e , d\u00e9l\u00e9gation est donn\u00e9e  \u00e0 M. J\u00e9r\u00f4me POISON, chef de la division des \naffaires financi\u00e8res, \u00e0 l'effet de signer, au titre des op\u00e9rations de validation : \n- les engagements juridiques, \nRectorat de la r\u00e9gion acad\u00e9mique d'Ile-de-France, rectorat de l'acad\u00e9mie de Paris - IDF-2025-06-24-00003 - Arr\u00eat\u00e9 n\u00b0 2025-079-RRA\nportant subd\u00e9l\u00e9gation de signature en mati\u00e8re d'ordonnancement secondaire pour les budgets op\u00e9rationnels de programme (BOP)\nn\u00b0150, 163, 172, 214, 219, 348, 349 et 362\n10\n \n3 \n- les certifications du service fait, \n- les demandes de paiement, \n- les ordres de recette aff\u00e9rents imput\u00e9s sur les titres 2, 3, 5, 6 de la loi du 1er ao\u00fbt 2001. \n \nEn cas d'absence ou d'emp\u00eachement de M. J\u00e9r \u00f4me POISON, chef de la division des affaires \nfinanci\u00e8res, la d\u00e9l\u00e9gation de signature qui lui est donn\u00e9e au titre au pr\u00e9sent article sera exerc\u00e9e par \nMme Marianne BICORNE, adjointe au chef de division. \n \nARTICLE 2 : \nEn cas d'absence ou d'emp\u00eachement de M. J\u00e9 r\u00f4me POISON, chef de la division des affaires \nfinanci\u00e8res, la d\u00e9l\u00e9gation de signature qui lui est donn\u00e9e aux articles pr\u00e9c\u00e9dents sera exerc\u00e9e, au \ntravers des seuls actes de validation CHORUS, dans la limite de leurs attributions, par : \n \n- M. J\u00e9r\u00f4me BIHRY, SAENES ; \n- M. Laurent CHEKOUN, SAENES ; \n- M. Charles CHICOT, AAE ;  \n- M. Florent DI CARLO, AAE ; \n- Mme Daniela LOGIN, SAENES ; \n- Mme Sandy LECLERC, SAENES ; \n- M. Philippe LUKOMSKI, SAENES ; \n- Mme Feiza MEDJAHDI, SAENES ; \n- Mme B\u00e9atrice MERCIER ;  \n- Mme Florence NOTARIANNI, SAENES ; \n- Mme Aur\u00e9lie OBITZ, SAENES ; \n- Mme Julienne THRASIBULE, SAENES.  \n \nARTICLE 3 : \nEn cas d'absence ou d'emp\u00eachement des personnes mentionn\u00e9es aux articles 1 \u00e0 2 du pr\u00e9sent \narr\u00eat\u00e9, subd\u00e9l\u00e9gation est donn\u00e9e \u00e0 M. J\u00e9r\u00f4me POISON, chef de la division des affaires financi\u00e8res, \ndans les limites des attributions de la division des affaires financi\u00e8res (DAF) et sur l'unit\u00e9 \nop\u00e9rationnelle 0172-CENT-IDFR \u00e0 l'effet de signer : \n \n- Les engagements juridiques, \n- Les certifications du service fait, \n- Les demandes de paiement, \n- Les ordres de recette de l'acad\u00e9mie de Paris aff\u00e9rents aux cr\u00e9dits du minist\u00e8re de \nl'Enseignement sup\u00e9rieur, de la Recherche et de l'Innovation imput\u00e9s sur les titres 2, 3, 5, 6 \nde la loi du 1er ao\u00fbt 2001. \n \nEn cas d'absence ou d'emp\u00eachement de M. J\u00e9r\u00f4me POISON, chef de la division des affaires \nfinanci\u00e8res, la d\u00e9l\u00e9gation de signature qui lui est donn\u00e9e au titre du pr\u00e9sent article sera exerc\u00e9e \npar : \n \n- Mme Marianne BICORNE, AAE ; \n- M. Florent DI CARLO, AAE ; \n- M. Charles CHICOT, AAE ; \n \nRectorat de la r\u00e9gion acad\u00e9mique d'Ile-de-France, rectorat de l'acad\u00e9mie de Paris - IDF-2025-06-24-00003 - Arr\u00eat\u00e9 n\u00b0 2025-079-RRA\nportant subd\u00e9l\u00e9gation de signature en mati\u00e8re d'ordonnancement secondaire pour les budgets op\u00e9rationnels de programme (BOP)\nn\u00b0150, 163, 172, 214, 219, 348, 349 et 362\n11\n \n4 \nEn cas d'absence ou d'emp\u00eachement de M. J\u00e9r\u00f4me POISON, chef de la division des affaires \nfinanci\u00e8res, la d\u00e9l\u00e9gation de signature qui lui est donn\u00e9e au titre du pr\u00e9sent article est exerc\u00e9e, au \ntravers des seuls actes de validation CHORUS, par : \n \n- Mme Marianne BICORNE, AAE ; \n- M. Florent DI CARLO, AAE ; \n- M. J\u00e9r\u00f4me BIHRY, SAENES ; \n- M. Laurent CHEKOUN, SAENES ; \n- M. Charles CHICOT, AAE ; \n- Mme Sandy LECLERC, SAENES ; \n- M. Philippe LUKOMSKI, SAENES ; \n- Mme Feiza MEDJAHDI, SAENES ; \n- Mme Florence NOTARIANNI, SAENES ; \n- Mme Aur\u00e9lie OBITZ, SAENES ; \n- Mme Daniela LOGIN, SAENES ; \n- Mme Julienne THRASIBULE, SAENES. \n \n \nARTICLE 4 : \n \nL'arr\u00eat\u00e9 n\u00b02025 -015-RRA portant subd\u00e9l\u00e9gation de signature en mati\u00e8re d'ordonnancement \nsecondaire pour les budgets op\u00e9rationnels de programme (BOP) n\u00b0150, 163, 214, 219, 348, 349 et \n362 du 4 avril 2025 est abrog\u00e9. \n \nARTICLE 5 : \n \nLe secr\u00e9taire g\u00e9n\u00e9ral de la r\u00e9gion acad\u00e9mique \u00cele-de-France et la secr\u00e9taire g\u00e9n\u00e9rale de l'acad\u00e9mie \nde Paris sont charg\u00e9s, chacun en ce qui les concerne, de l'ex\u00e9cution du pr\u00e9sent arr\u00eat\u00e9 qui sera publi\u00e9 \nau recueil des actes administratifs de la pr\u00e9fecture de r\u00e9gion \u00cele-de-France, pr\u00e9fecture de Paris. \n \n \nFait \u00e0 Paris, le 24 juin 2025 \nLa rectrice de la r\u00e9gion acad\u00e9mique d'\u00cele-de-France, \nRectrice de l'acad\u00e9mie de Paris, \nChanceli\u00e8re des universit\u00e9s de Paris et d'\u00cele-de France \n \n                                                                      Sign\u00e9 \n \n \nJulie BENETTI \n \nRectorat de la r\u00e9gion acad\u00e9mique d'Ile-de-France, rectorat de l'acad\u00e9mie de Paris - IDF-2025-06-24-00003 - Arr\u00eat\u00e9 n\u00b0 2025-079-RRA\nportant subd\u00e9l\u00e9gation de signature en mati\u00e8re d'ordonnancement secondaire pour les budgets op\u00e9rationnels de programme (BOP)\nn\u00b0150, 163, 172, 214, 219, 348, 349 et 362\n12\nRectorat de la r\u00e9gion acad\u00e9mique\nd'Ile-de-France, rectorat de l'acad\u00e9mie de Paris\nIDF-2025-06-24-00004\nArr\u00eat\u00e9 n\u00b0 2025-080-RRA portant subd\u00e9l\u00e9gation\nde signature en mati\u00e8re d'ordonnancement\nsecondaire des budgets op\u00e9rationnels de\nprogrammes n\u00b0 150, 163, 214, 219, 362 et 363 et\nles unit\u00e9s op\u00e9rationnelles des programmes n\u00b0348\net 349\nRectorat de la r\u00e9gion acad\u00e9mique d'Ile-de-France, rectorat de l'acad\u00e9mie de Paris - IDF-2025-06-24-00004 - Arr\u00eat\u00e9 n\u00b0 2025-080-RRA\nportant subd\u00e9l\u00e9gation de signature en mati\u00e8re d'ordonnancement secondaire des budgets op\u00e9rationnels de programmes n\u00b0 150, 163,\n214, 219, 362 et 363 et les unit\u00e9s op\u00e9rationnelles des programmes n\u00b0348 et 349\n13\n=m |REGION ACADEMIQUEILE-DE-FRANCELibert\u00e9Egalit\u00e9Fraternit\u00e9\n \n \n \n \n \nArr\u00eat\u00e9 n\u00b02025-080-RRA portant subd\u00e9l\u00e9gation de signature en mati\u00e8re d'ordonnancement \nsecondaires des budgets op\u00e9rationnels et unit\u00e9s op\u00e9rationnelles des programmes n\u00b0 150, 163, \n214, 219, 362, 348, 349 et 363   \n \nLA RECTRICE DE LA REGION ACADEMIQUE \u00ceLE-DE-FRANCE, \nRECTRICE DE L'ACAD\u00c9MIE DE PARIS \nCHANCELIERE DES UNIVERSIT\u00c9S DE PARIS  \nET D'\u00ceLE-DE-FRANCE \n \n \nVu la loi organique n\u00b02001-692 du 1er ao\u00fbt 2001 modifi\u00e9e relative aux lois de finances  ; \nVu le code de l'\u00e9ducation, et notamment ses articles R. 222-16-4, R 222-17, R. 222-20 et suivants ;  \nVu le code de la commande publique ; \nVu la loi n\u00b068 -1250 du 31 d\u00e9cembre 1968 modifi\u00e9e relative \u00e0 la prescription des cr\u00e9ances sur l'Etat, les \nd\u00e9partements, les communes et les \u00e9tablissements publics ; \nVu la loi n\u00b072 -619 du 5 juillet 1972 modifi\u00e9e portant cr\u00e9ation et organisation des r\u00e9gions, notamment son \narticle 21-1 ; \nVu la loi n\u00b082-213 du 2 mars 1982 modifi\u00e9e relative aux droits et libert\u00e9s des communes, des d\u00e9partements \net des r\u00e9gions, et notamment son article 34  ; \nVu le d\u00e9cret n\u00b098-81 du 11 f\u00e9vrier 1998 modifi\u00e9 ; \nVu le d\u00e9cret n\u00b099-89 du 8 f\u00e9vrier 1999 modifi\u00e9 pris pour l'application de l'article 3 du d\u00e9cret no 98-81 du 11 \nf\u00e9vrier 1998 ; \nVu le d\u00e9cret n\u00b02012-1246 du 7 novembre 2012 relatif \u00e0 la gestion budg\u00e9taire et comptable publique ; \nVu le d \u00e9cret n \u00b02019-1200 du 20 novembre 2019 relatif \u00e0 l'organisation des services d\u00e9concentr\u00e9s des \nministres charg\u00e9s de l'\u00e9ducation nationale et de l'enseignement sup\u00e9rieur, de la recherche et de \nl'innovation ; \nVu le d\u00e9cret n\u00b02020 -139 du 19 f\u00e9vrier 2020 modifiant certai nes dispositions relatives \u00e0 la pr\u00e9fecture de la \nr\u00e9gion d'\u00cele de France, pr\u00e9fecture de Paris ;  \nVu le d\u00e9cret du 22 juillet 2020 portant nomination de M. Marc GUILLAUME en qualit\u00e9 de pr\u00e9fet de la r\u00e9gion \nd'\u00cele-de-France, pr\u00e9fet de Paris ;  \nVu le d\u00e9cret du Pr \u00e9sident de la R\u00e9publique du 12 mars 2025 nommant Mme Julie BENETTI rectrice de la \nr\u00e9gion acad\u00e9mique Ile-de-France, rectrice de l'acad\u00e9mie de Paris ; \nRectorat de la r\u00e9gion acad\u00e9mique d'Ile-de-France, rectorat de l'acad\u00e9mie de Paris - IDF-2025-06-24-00004 - Arr\u00eat\u00e9 n\u00b0 2025-080-RRA\nportant subd\u00e9l\u00e9gation de signature en mati\u00e8re d'ordonnancement secondaire des budgets op\u00e9rationnels de programmes n\u00b0 150, 163,\n214, 219, 362 et 363 et les unit\u00e9s op\u00e9rationnelles des programmes n\u00b0348 et 349\n14\nVu l'arr\u00eat\u00e9 du 3 juillet 2009 portant r\u00e8glement de comptabilit\u00e9 pour la d\u00e9signation des ordonnateurs \nsecondaires et de leurs d\u00e9l\u00e9gu\u00e9s en ce qui concerne le minist\u00e8re de l'\u00e9ducation nationale ; \nVu l'arr\u00eat\u00e9 minist\u00e9riel du 22 d\u00e9cembre 2022 relatif aux r\u00e8gles de la comptabilit\u00e9 budg\u00e9taire de l'Etat pris en \napplication de l'article 54 du d\u00e9cret n\u00b0 2012-1246 du 7 novembre 2012 modifi\u00e9 relatif \u00e0 la gestion budg\u00e9taire \net comptable publique ; \nVu l'arr\u00eat\u00e9 interminist\u00e9riel en date du 31 janvier 2025 nommant M. Fabien OPPERMANN dans l'emploi de \nsecr\u00e9taire g\u00e9n\u00e9ral de la r\u00e9gion acad\u00e9mique \u00cele-de-France ; \nVu l'arr\u00eat\u00e9 n\u00b02025 -027 RRA du 27 mars 2025 portant d\u00e9l\u00e9gation de signature au secr\u00e9taire g\u00e9n\u00e9ral de la \nr\u00e9gion acad\u00e9mique Ile-de-France ; \nVu l'arr\u00eat\u00e9 interminist\u00e9riel en date du 22 septembre 2023 nommant Mme Roxane LAVERGNE dans l'emploi \nde secr\u00e9taire g\u00e9n\u00e9rale adjointe de la r\u00e9gion acad\u00e9mique Ile-de-France ; \nVu l'arr\u00eat\u00e9 interminist\u00e9riel en date du 28 janvier 2025 portant affectation de M. Jacques de SURREL en tant \nque Directeur des affaires r\u00e9gionales et immobili\u00e8res de la r\u00e9gion acad\u00e9mique Ile-de-France ; \nVu l'arr\u00eat\u00e9 du pr\u00e9fet de la r\u00e9gion Ile-de-France n\u00b0 IDF-2025-03-26-00004 du 26 mars 2025 portant d\u00e9l\u00e9gation \nde signature \u00e0 Mme Julie BENETTI, rectrice de la r\u00e9gion acad\u00e9mique \u00cele-de-France, rectrice de l'acad\u00e9mie de \nParis, en mati\u00e8re d'ordonnancement secondaire ; \nVu l'arr\u00eat\u00e9 du pr\u00e9fet de la r\u00e9gion Ile-de-France n\u00b0 IDF-2025-03-26-00005 du 26 mars 2025 portant d\u00e9l\u00e9gation \nde signature \u00e0 Mme Julie BENETTI, rectrice de la r\u00e9gion acad\u00e9mique \u00cele-de-France, rectrice de l'acad\u00e9mie de \nParis, en mati\u00e8re d'ordonnancement secondaire sur les programmes de la mission \u00ab Plan de relance \u00bb ; \nVu l'arr\u00eat\u00e9 du pr\u00e9fet de la r\u00e9gion Ile-de-France n\u00b0 IDF-2025-03-26-00006 du 26 mars 2025 portant d\u00e9l\u00e9gation \nde signature \u00e0 Mme Julie BENETTI, rectrice de la r\u00e9gion acad\u00e9mique \u00cele-de-France, rectrice de l'acad\u00e9mie de \nParis, en mati\u00e8re d'ordonnancement secondaire sur le programme 348 \u00ab  performance et r\u00e9silience des \nb\u00e2timents de l4etat et de ses op\u00e9rateurs \u00bb ; \nVu la d\u00e9cision minist\u00e9rielle NOR MENF2036122S du 11 d\u00e9cembre 2020 et par laquelle le responsable de \nprogramme nomme le Recteur de la r\u00e9gion acad\u00e9mique \u00cele -de-France, Recteur de l'acad\u00e9mie de Paris en \nqualit\u00e9 de responsable de budget op\u00e9rationnel de programme et d'unit\u00e9s op\u00e9rationnelles des programmes \n\u00ab Soutien de la politique de l'\u00e9ducation nationale \u00bb (n\u00b0214) ; \nVu les d\u00e9cisions NOR MENF2033683S du 27 novembre 2020 et NOR MENV2406106S du 11 mars 2024 par \nlesquelles les responsables de programme s nomment le Recteur de la r\u00e9gion acad\u00e9mique \u00cele -de-France, \nRecteur de l'acad\u00e9mie de Paris en qualit\u00e9 de responsa ble des unit\u00e9s op\u00e9rationnelles des programmes \u00ab \nJeunesse et vie associative \u00bb (n\u00b0163) et \u00ab Sports \u00bb (n\u00b0219) ; \nVu la d\u00e9cision minist\u00e9rielle n\u00b0ESRF2036756S du 21 d\u00e9cembre 2020 par laquelle le responsable de programme \ndu minist\u00e8re de l'Enseignement sup\u00e9rieur, de la Recherche et de l'Innovation nomme le recteur de la r\u00e9gion \nacad\u00e9mique d'\u00cele -de-France, recteur de l'acad\u00e9mie de Paris en qualit\u00e9 de responsable de budget \nop\u00e9rationnel de programme et d'unit\u00e9s op\u00e9rationnelles du programme 150 \u00ab  Formations sup\u00e9rieures et \nrecherche universitaire \u00bb ; \nVu la convention entre le minist\u00e8re de l'enseignement sup\u00e9rieur et de l'insertion professionnelle et la r\u00e9gion \nacad\u00e9mique d'Ile-de-France relative \u00e0 la subd\u00e9l\u00e9gation de gestion et \u00e0 l'utilisation des cr\u00e9dits du programme \n362 \u00ab Ecologie \u00bb du Plan France Relance publi\u00e9 le 27 avril 2021 au recueil des actes administratifs sp\u00e9cial      \nn\u00b0 IDF-059-2021-04 de la pr\u00e9fecture de r\u00e9gion Ile-de-France ; \nVu la convention relative \u00e0 la d\u00e9l\u00e9gation de gestion et \u00e0 l'utilisation des cr\u00e9dits du programme 348 \n\u00ab Performance et r\u00e9silience des b\u00e2timents de l'Etat et de ses op\u00e9rateurs  \u00bb du 18 janvier 2024 entre le la \ndirection de l'immobilier de l'Etat (DIE) et le minist\u00e8re de l'Enseignement sup\u00e9rieur et de la Recherche ; \nRectorat de la r\u00e9gion acad\u00e9mique d'Ile-de-France, rectorat de l'acad\u00e9mie de Paris - IDF-2025-06-24-00004 - Arr\u00eat\u00e9 n\u00b0 2025-080-RRA\nportant subd\u00e9l\u00e9gation de signature en mati\u00e8re d'ordonnancement secondaire des budgets op\u00e9rationnels de programmes n\u00b0 150, 163,\n214, 219, 362 et 363 et les unit\u00e9s op\u00e9rationnelles des programmes n\u00b0348 et 349\n15\nVu la convention de d\u00e9l\u00e9gation de gestion du 6 juin 2024 entre le minist\u00e8re de l'enseignement sup\u00e9rieur et \nde la recherche et la r\u00e9gion acad\u00e9mique \u00cele-de-France relative \u00e0 la subd\u00e9l\u00e9gation de gestion et \u00e0 l'utilisation \ndes cr\u00e9dits du programme 348 \u00ab Performance et r\u00e9silience des b\u00e2timents de l'Etat et de ses op\u00e9rateurs \u00bb ; \nVu la convention de d\u00e9l\u00e9gation de gestion du 15 juillet 2024 entre le minist\u00e8re de de l'Education nationale \net de la Jeunesse et la r\u00e9gion acad\u00e9mique \u00cele-de-France relative \u00e0 la subd\u00e9l\u00e9gation de gestion et \u00e0 l'utilisation \ndes cr\u00e9dits du programme 349 \u00ab  Transformation publique \u00bb Vu la convention relative \u00e0 la d\u00e9l\u00e9gation de \ngestion et \u00e0 l'utilisation des cr\u00e9dits du programme 348 \u00ab  Performance et r\u00e9silience des b\u00e2timents de l'Etat   \net de ses op\u00e9rateurs \u00bb du 18 janvier 2024 entre le la direction de l'immobilier de l'Etat (DI E) et le minist\u00e8re \nde l'Enseignement sup\u00e9rieur et de la Recherche ; \nVu la convention de d\u00e9l\u00e9gation de gestion du 6 juin 2024 entre le minist\u00e8re de l'enseignement sup\u00e9rieur et \nde la recherche et la r\u00e9gion acad\u00e9mique \u00cele-de-France relative \u00e0 la subd\u00e9l\u00e9gation de gestion et \u00e0 l'utilisation \ndes cr\u00e9dits du programme 348 \u00ab Performance et r\u00e9silience des b\u00e2timents de l'Etat et de ses op\u00e9rateurs \u00bb ; \nVu la d\u00e9cision, en date du 19 f\u00e9vrier 2021, portant nomination  de M. J\u00e9r\u00f4me CLAUZURE en qualit\u00e9 de chef \ndu service r\u00e9gional de l'immobilier de la r\u00e9gion acad\u00e9mique \u00cele-de-France ; \nVu l'arr\u00eat\u00e9 minist\u00e9riel en date du 8 d\u00e9cembre 2023 nommant Mme C\u00e9cile NICOL dans l'emploi de d\u00e9l\u00e9gu\u00e9e \nr\u00e9gionale acad\u00e9mique \u00e0 la jeunesse, \u00e0 l'engagement et aux sports de la r\u00e9gion acad\u00e9mique d'Ile-de-France ; \nVu le contrat de transformation (Plan de transformation \u00e9cologique de l'Etat pour des services publics \n\u00e9coresponsables) conclu entre le secr\u00e9taire g\u00e9n\u00e9ral du minist\u00e8re de l'Education nationale et de la Jeunesse \net le d\u00e9l\u00e9gu\u00e9 interminist\u00e9riel \u00e0 la transformation publique le 1er juillet 2024 ; \n \n \nARRETE \n \nARTICLE 1 \nEn cas d'absence ou d'emp\u00eachement de M. Fabien OPPERMANN, secr\u00e9taire g\u00e9n\u00e9ral de la r\u00e9gion \nacad\u00e9mique \u00cele-de-France, subd\u00e9l\u00e9gation de signature est donn\u00e9e \u00e0 Mme Roxane LAVERGNE, \nadjointe au secr\u00e9taire g\u00e9n\u00e9ral de la r\u00e9gion acad\u00e9mique \u00cele-de-France et \u00e0 M. Jacques de SURREL, \ndirecteur des affaires g\u00e9n\u00e9rales et immobili\u00e8res de la r\u00e9gion acad\u00e9mique \u00cele-de-France \u00e0 l'effet, \nsur les budgets op\u00e9rationnels de programme ci-apr\u00e8s, de recevoir et de mettre \u00e0 disposition les \ncr\u00e9dits et les emplois  ; r\u00e9partir ces cr\u00e9dits entre les unit\u00e9s op\u00e9rationnelles  et proc\u00e9der \u00e0 des \nr\u00e9allocations en cours d'exercice budg\u00e9taire ; proc\u00e9der \u00e0 l'ordonnancement secondaire : \n\uf0b7 \u00ab Formations sup\u00e9rieures et recherche universitaire \u00bb (n\u00b0150) \n\uf0b7  \u00ab Jeunesse et vie associative \u00bb (n\u00b0163)  \n\uf0b7  \u00ab Soutien de la politique de l'\u00e9ducation nationale \u00bb (n\u00b0214)  \n\uf0b7 \u00ab Sports \u00bb (n\u00b0219) ; \n\uf0b7 \u00ab France Relance \u2013 Ecologie \u00bb (n\u00b0362) \n\uf0b7 \u00ab France Relance \u2013 Comp\u00e9titivit\u00e9 \u00bb (n\u00b0363) \net de proc\u00e9der \u00e0 l'ordonnancement secondaire sur les unit\u00e9s op\u00e9rationnelles ci-apr\u00e8s : \n\uf0b7 \u00ab Performance et r\u00e9silience des b\u00e2timents de l'Etat et de ses op\u00e9rateurs \u00bb (n\u00b0348) \n\uf0b7  \u00ab Transformation publique \u00bb (n\u00b0349) \n  \nRectorat de la r\u00e9gion acad\u00e9mique d'Ile-de-France, rectorat de l'acad\u00e9mie de Paris - IDF-2025-06-24-00004 - Arr\u00eat\u00e9 n\u00b0 2025-080-RRA\nportant subd\u00e9l\u00e9gation de signature en mati\u00e8re d'ordonnancement secondaire des budgets op\u00e9rationnels de programmes n\u00b0 150, 163,\n214, 219, 362 et 363 et les unit\u00e9s op\u00e9rationnelles des programmes n\u00b0348 et 349\n16\nARTICLE 2 \nSubd\u00e9l\u00e9gation de signature est donn\u00e9e \u00e0 Mme Camalassoundary POMPEE, gestionnaire \nfinanci\u00e8re au service budg\u00e9taire et financier de la r\u00e9gion acad\u00e9mique \u00cele -de-France, \u00e0 Mme \nEmma LEON gestionnaire financi\u00e8re au service budg\u00e9taire et financier de la r\u00e9gion acad\u00e9mique \n\u00cele-de-France et \u00e0 M. St\u00e9phane BAYIG, contr\u00f4leur de gestion de la r\u00e9gion acad\u00e9mique \u00cele -de-\nFrance, \u00e0 l'effet, pour les cr\u00e9dits des budgets op\u00e9rationnels de programme \u00e9num\u00e9r\u00e9s \u00e0 l'article \n1, de recevoir et de mettre \u00e0 disposition les cr\u00e9dits et les emplois ; r\u00e9partir ces cr\u00e9dits entre les \nunit\u00e9s op\u00e9rationnelles et proc\u00e9der \u00e0 des r\u00e9allocations en cours d'exercice budg\u00e9taire. \nSubd\u00e9l\u00e9gation de signature est donn\u00e9e \u00e0 Mme Camalassoundary POMPEE, gestionna ire \nfinanci\u00e8re au service budg\u00e9taire et financier de la r\u00e9gion acad\u00e9mique \u00cele -de-France, \u00e0 Mme \nEmma LEON, gestionnaire financi\u00e8re au service budg\u00e9taire et financier de la r\u00e9gion acad\u00e9mique \n\u00cele-de-France et \u00e0 M. St\u00e9phane BAYIG, contr\u00f4leur de gestion de la r \u00e9gion acad\u00e9mique \u00cele -de-\nFrance, \u00e0 l'effet de valider les engagements juridiques, les demandes de paiement et de constater \nle service fait imput\u00e9s sur l'unit\u00e9 op\u00e9rationnelle de la r\u00e9gion acad\u00e9mique du BOP r\u00e9gional \n\u00ab Soutien de la politique de l'\u00e9ducation nationale \u00bb (n\u00b0214). \nARTICLE 3 \nSubd\u00e9l\u00e9gation de signature est donn\u00e9e \u00e0 Mme C\u00e9cile NICOL, d\u00e9l\u00e9gu\u00e9e r\u00e9gionale acad\u00e9mique \u00e0 \nla jeunesse, \u00e0 l'engagement et aux sports d'\u00cele-de-France ; \u00e0 Mme Alexandra NOEL, adjointe \u00e0 la \nd\u00e9l\u00e9gu\u00e9e r\u00e9gionale acad\u00e9mique \u00e0 la jeunesse, \u00e0 l'engagement et aux sports d'\u00cele -de-France ; \u00e0 \nMme Pauline CASADIO -LORETI, responsable du p\u00f4le fonctions support  et \u00e0 Mme Safia \nBENFERROUDJ, adjointe \u00e0 la cheffe du p\u00f4le fonctions support , \u00e0 l'effet de proc\u00e9der \u00e0 \nl'ordonnancement secondaire des recettes et des d\u00e9penses imput\u00e9es sur l'unit\u00e9 op\u00e9rationnelle \nde la r\u00e9gio n acad\u00e9mique du BOP r\u00e9gional \u00ab S outien de la politique de l'\u00e9ducation nationale \u00bb \n(n\u00b0214) dans les limites de s cr\u00e9dits notifi\u00e9s par le responsable d'unit\u00e9 op\u00e9rationnelle et des \nattributions de la d\u00e9l\u00e9gation r\u00e9gionale acad\u00e9mique \u00e0 la jeunesse, \u00e0 l'engagement et aux sports. \nSubd\u00e9l\u00e9gation de signature \u00e0 l'effet de constater les services faits imput\u00e9s sur l'unit\u00e9 \nop\u00e9rationnelle de la r\u00e9gion acad\u00e9mique du BOP r\u00e9gional \u00ab Soutien de la politique de l'\u00e9ducation \nnationale \u00bb (n\u00b0214) dans les limites des cr\u00e9dits notifi\u00e9s par le responsable d'unit\u00e9 op\u00e9rationnelle \net des attributions de la d\u00e9l\u00e9gation r\u00e9gionale acad\u00e9mique \u00e0 la jeunesse, \u00e0 l'engagement et aux \nsports est donn\u00e9e \u00e0 Mme Alexandra NOEL, adjointe \u00e0 la d\u00e9l\u00e9gu\u00e9e r\u00e9gionale acad\u00e9mique \u00e0 la \njeunesse, \u00e0 l'engagement et aux sports d'\u00cele-de-France, ainsi qu'\u00e0 : \n\uf0a7 Mme Pauline CASADIO-LORETI, responsable du p\u00f4le fonctions support ; \n\uf0a7 Mme Safia BENFERROUDJ, adjointe \u00e0 la responsable du p\u00f4le fonctions support ; \n\uf0a7 Mme Kar\u00e8ne ROBICHON, gestionnaire financi\u00e8re ; \n\uf0a7 Mme Ikraame MEHHEL, gestionnaire financi\u00e8re ; \n\uf0a7 Mme Maryelle RIGAUD, gestionnaire financi\u00e8re. \n  \nRectorat de la r\u00e9gion acad\u00e9mique d'Ile-de-France, rectorat de l'acad\u00e9mie de Paris - IDF-2025-06-24-00004 - Arr\u00eat\u00e9 n\u00b0 2025-080-RRA\nportant subd\u00e9l\u00e9gation de signature en mati\u00e8re d'ordonnancement secondaire des budgets op\u00e9rationnels de programmes n\u00b0 150, 163,\n214, 219, 362 et 363 et les unit\u00e9s op\u00e9rationnelles des programmes n\u00b0348 et 349\n17\nARTICLE 4 \nSubd\u00e9l\u00e9gation de signature est donn\u00e9e \u00e0 M. Fran\u00e7ois GILLES, directeur r\u00e9gional acad\u00e9mique des \nsyst\u00e8mes d'information  ; \u00e0 Mme Isabelle TORDJMANN , adjointe au directeur r\u00e9gional \nacad\u00e9mique des syst\u00e8mes d'information en charge du p\u00f4le de Cr\u00e9teil ; \u00e0 M. Dominique CAGNON, \nadjoint au directeur r\u00e9gional acad\u00e9mique des syst\u00e8mes d'information en charge du p\u00f4le de Paris \n; \u00e0 Mme Marielle LEROY, adjointe au directeur r\u00e9gional acad\u00e9mique des syst\u00e8mes d'information \nen charge du p\u00f4le de Versailles :  \n\uf0a7 \u00e0 l'effet de proc\u00e9der \u00e0 l'ordonnancement secondaire des recettes et des d\u00e9penses imput\u00e9es \nsur l'unit\u00e9 op\u00e9rationnelle de la r\u00e9gion acad\u00e9mique du BOP r\u00e9gional \u00ab Soutien de la politique \nde l'\u00e9ducation nationale \u00bb (n\u00b0214) dans les limites des cr\u00e9dits notifi\u00e9s par le responsable \nd'unit\u00e9 op\u00e9rationnelle et des attributions de la direction r\u00e9gionale acad\u00e9mique des \nsyst\u00e8mes d'information ; \n\uf0a7 \u00e0 l'effet de constater les services faits imput\u00e9s sur l'unit\u00e9 op\u00e9rationnelle de la r\u00e9gion \nacad\u00e9mique du BOP r\u00e9gional \u00ab Soutien de la politique de l'\u00e9ducation nationale \u00bb (n\u00b0214) \ndans les limites des cr\u00e9dits notifi\u00e9s par le responsable d'unit\u00e9 op\u00e9rationnelle et des \nattributions de la direction r\u00e9gionale acad\u00e9mique des syst\u00e8mes d'information. \nARTICLE 5 \nSubd\u00e9l\u00e9gation de signat ure est donn\u00e9e \u00e0 M. J\u00e9r\u00f4me CLAUZURE, chef du service r\u00e9gional \nimmobilier, et \u00e0 M. David SEROUL, adjoint au chef du service r\u00e9gional immobilier, dans les limites \nde leurs attributions, \u00e0 l'effet de proc\u00e9der \u00e0 l'ordonnancement secondaire des recettes et des \nd\u00e9penses imput\u00e9es sur les quatre unit\u00e9s op\u00e9rationnelles  du BOP r\u00e9gional \u00ab S outien de la \npolitique de l'\u00e9ducation nationale \u00bb (n\u00b0214) dans les limites des cr\u00e9dits notifi\u00e9s par le responsable \nd'unit\u00e9 op\u00e9rationnelle et des attributions du service r\u00e9gional de l'immobilier . \nCette m\u00eame subd\u00e9l\u00e9gation est donn\u00e9e, dans la limite de leurs attributions respectives, \u00e0  l'effet \nde certifier le s services faits imput\u00e9s sur les quatre unit\u00e9s op\u00e9rationnelles rattach\u00e9es au BOP \nr\u00e9gional \u00ab Soutien de la politique de l'\u00e9ducation nationale \u00bb (n\u00b0214) dans les limites des cr\u00e9dits \nnotifi\u00e9s par le responsable d'unit\u00e9 op\u00e9rationnelle et des attributions du service r\u00e9gional de \nl'immobilier \u00e0 : \n\uf0a7 Mme Catherine SALANIE, chef du p\u00f4le de Paris ; \n\uf0a7 M. Alain OKERMAN, adjoint au chef du p\u00f4le de Paris ; \n\uf0a7 Mme. Karine TIETZ, cheffe du p\u00f4le de Versailles ; \n\uf0a7 M. Nicolas BUSSEREAU, chef du p\u00f4le de Cr\u00e9teil ; \n\uf0a7 M. Arthur LE COURBE, adjoint au chef du p\u00f4le de Cr\u00e9teil ; \n\uf0a7 M. Luigi PUCCI, adjoint au chef du p\u00f4le de Cr\u00e9teil. \nARTICLE 6: \nSubd\u00e9l\u00e9gation de signature est donn\u00e9e  \u00e0 M. J\u00e9r\u00f4me CLAUZURE, chef du service r\u00e9gional \nimmobilier, dans les limites de ses attributions, \u00e0 l'effet de proc\u00e9der \u00e0 l'ordonnancement \nsecondaire des recettes et des d\u00e9penses imput\u00e9es sur les quatre unit\u00e9s op\u00e9rationnelles du BOP \nr\u00e9gional \u00ab Formations sup\u00e9rieures et recherche universitaire \u00bb (n\u00b0150) dans la limite d'un \nmontant de 750 000 \u20ac au titre des d\u00e9penses de fonctionnement (titre 3) et dans la limite d'un \nmontant de 5 000 000 \u20ac au titre des d\u00e9penses d'investissement (titre 5) et au titre des d\u00e9penses \nd'op\u00e9rations financi\u00e8res (titre 7). \nRectorat de la r\u00e9gion acad\u00e9mique d'Ile-de-France, rectorat de l'acad\u00e9mie de Paris - IDF-2025-06-24-00004 - Arr\u00eat\u00e9 n\u00b0 2025-080-RRA\nportant subd\u00e9l\u00e9gation de signature en mati\u00e8re d'ordonnancement secondaire des budgets op\u00e9rationnels de programmes n\u00b0 150, 163,\n214, 219, 362 et 363 et les unit\u00e9s op\u00e9rationnelles des programmes n\u00b0348 et 349\n18\nCette m\u00eame subd\u00e9l\u00e9gation est donn\u00e9e, dans la limite de leurs attributions respectives, \u00e0  l'effet \nde proc\u00e9der \u00e0 l'ordonnancement secondaire des recettes et des d\u00e9penses imput\u00e9es sur les \nquatre unit\u00e9s op\u00e9rationnelles  du BOP r\u00e9gional \u00ab Formations sup\u00e9rieures et recherche \nuniversitaire \u00bb (n\u00b0150) dans la limite d'un montant de 500 000 \u20ac au titre des d\u00e9penses de \nfonctionnement (titre 3) et dans la limite d'un montant de 3 000 000 \u20ac au titre des d\u00e9penses \nd'investissement (titre 5) et au titre des d\u00e9penses d'op\u00e9rations financi\u00e8res (titre 7) \u00e0 :  \n- Mme Catherine SALANIE, chef du p\u00f4le de Paris ; \n- M. Alain OKERMAN, adjoint au chef du p\u00f4le de Paris ; \n- Mme. Karine TIETZ, cheffe du p\u00f4le de Versailles ; \n- M. Nicolas BUSSEREAU, chef du p\u00f4le de Cr\u00e9teil ; \n- M. Arthur LE COURBE, adjoint au chef du p\u00f4le de Cr\u00e9teil \n- M. Luigi PUCCI, adjoint au chef du p\u00f4le de Cr\u00e9teil. \nARTICLE 7 \nSubd\u00e9l\u00e9gation de signature est donn\u00e9e \u00e0 Mme C\u00e9cile NICOL, d\u00e9l\u00e9gu\u00e9e r\u00e9gionale acad\u00e9mique \u00e0 \nla jeunesse, \u00e0 l'engagement et aux sports d'\u00cele-de-France ; \u00e0 Mme Alexandra NOEL, adjointe \u00e0 la \nd\u00e9l\u00e9gu\u00e9e r\u00e9gionale acad\u00e9mique \u00e0 la jeunesse, \u00e0 l'engagemen t et aux spor ts d'\u00cele -de-France ; \nMme Pauline CASADIO -LORETI, responsable du p\u00f4le fonctions support, \u00e0 l'effet de proc\u00e9der \u00e0 \nl'ordonnancement secondaire des recettes et des d\u00e9penses imput\u00e9es sur les unit\u00e9s \nop\u00e9rationnelles de la r\u00e9gion acad\u00e9mique des BOP r\u00e9gionaux \u00ab Jeu nesse et vie associative  \u00bb \n(n\u00b0163) et \u00ab Sport \u00bb (n\u00b0219). \nCette m\u00eame subd\u00e9l\u00e9gation est donn\u00e9e, dans la limite de leurs attributions respectives, \u00e0 : \n\uf0a7 Mme Virginie THOBOR, responsable du p\u00f4le sport sur l'UO \u00ab Sport \u00bb (n\u00b0219) ; \n\uf0a7 M. Farid MEBARKI, responsable du p\u00f4le jeunesse, engagement et SNU sur l'UO \u00ab  Jeunesse et \nvie associative \u00bb (n\u00b0163) ;  \n\uf0a7 Mme Isabelle MARTIN , responsable du p\u00f4le formation -certification sur les UO \u00ab Sport \u00bb \n(n\u00b0219), et \u00ab Jeunesse et vie associative \u00bb (n\u00b0163) ; \n \nSubd\u00e9l\u00e9gation de signature est donn\u00e9e \u00e0 Mme C\u00e9cile NICOL, d\u00e9l\u00e9gu\u00e9e r\u00e9gionale acad\u00e9mique \u00e0 \nla jeunesse, \u00e0 l'engagement et aux sports d'\u00cele-de-France, subd\u00e9l\u00e9gation de signature \u00e0 l'effet \nde valider les engagements juridiques, les demandes de paiement et de certifier le service fait \nimput\u00e9s sur les unit\u00e9s op\u00e9rationnelles de la r\u00e9gion acad\u00e9mique des BOP r\u00e9gionaux \u00ab Jeunesse \net vie associative \u00bb (n\u00b0163) et \u00ab Sport \u00bb (n\u00b0219) est donn\u00e9e \u00e0 Mme Alexandra NOEL, adjointe \u00e0 \nla d\u00e9l\u00e9gu\u00e9e r\u00e9gionale acad\u00e9mique \u00e0 la jeunesse, \u00e0 l'engagement et aux sports d'\u00cele-de-France, \nainsi qu'\u00e0 : \n\uf0a7 Mme Pauline CASADIO-LORETI, responsable du p\u00f4le fonctions support ; \n\uf0a7 Mme Safia BENFERROUDJ, adjointe \u00e0 la responsable du p\u00f4le fonctions support ; \n\uf0a7 Mme Kar\u00e8ne ROBICHON, gestionnaire financi\u00e8re ; \n\uf0a7 Mme Ikraame MEHHEL, gestionnaire financi\u00e8re ; \n\uf0a7 Mme Maryelle RIGAUD, gestionnaire financi\u00e8re ; \n\uf0a7 Mme Edith ROQUEFORT, gestionnaire financi\u00e8re ; \n\uf0a7 M. Julien BARRAUD, gestionnaire financier. \n  \nRectorat de la r\u00e9gion acad\u00e9mique d'Ile-de-France, rectorat de l'acad\u00e9mie de Paris - IDF-2025-06-24-00004 - Arr\u00eat\u00e9 n\u00b0 2025-080-RRA\nportant subd\u00e9l\u00e9gation de signature en mati\u00e8re d'ordonnancement secondaire des budgets op\u00e9rationnels de programmes n\u00b0 150, 163,\n214, 219, 362 et 363 et les unit\u00e9s op\u00e9rationnelles des programmes n\u00b0348 et 349\n19\nARTICLE 8 \nSubd\u00e9l\u00e9gation est donn\u00e9e \u00e0 M. J\u00e9r\u00f4me CLAUZURE, chef du service r\u00e9gional de l'immobilier de \nla r\u00e9gion acad\u00e9mique \u00cele-de-France, et \u00e0 M. David SEROUL, adjoint au chef du service r\u00e9gional \nde l'immobilier de la r\u00e9gion acad\u00e9mique \u00cele-de-France, dans la limite de leurs attributions, \u00e0 \nl'effet de proc\u00e9der \u00e0 l'ordonnancement secondaire des recettes et des d\u00e9penses relatives au \nprogramme 348 \u00ab Performance et r\u00e9silience des b\u00e2timents de l'Etat et de ses op\u00e9rateurs \u00bb et \nau programme 349 \u00ab Transformation publique\u00bb. \nCette m\u00eame d\u00e9l\u00e9gation est donn\u00e9e, dans la limite de leurs attributions, \u00e0 : \n\uf0a7 Mme Catherine SALANIE, chef du p\u00f4le de Paris, et M. Alain OKERMAN, son adjoint ;  \n\uf0a7 Mme Karine TIETZ, cheffe du p\u00f4le de Versailles ; \n\uf0a7 M. Nicolas BUSSEREAU, chef du p\u00f4le de Cr\u00e9teil, M. Luigi PUCCI et M. Arthur LE \nCOURBE, ses adjoints. \nARTICLE 9 \nL'arr\u00eat\u00e9 n\u00b02025-037-RRA portant subd\u00e9l\u00e9gation de signature en mati\u00e8re d'ordonnancement \nsecondaires des budgets op\u00e9rationnels de programmes n\u00b0 150, 163, 214, 219, 362 et 363 et les \nunit\u00e9s op\u00e9rationnelles des programmes n\u00b0348 et 349 du 2 avril 2025 est abrog\u00e9. \nARTICLE 10 \nLe secr\u00e9taire g\u00e9n\u00e9ral de la r\u00e9gion acad\u00e9mique Ile-de-France est charg\u00e9 de l'ex\u00e9cution du pr\u00e9sent \narr\u00eat\u00e9 qui sera publi\u00e9 au recueil des actes administratifs de la pr\u00e9fecture de r\u00e9gion d'Ile-de-France. \n \n \n \n \nFait \u00e0 Paris, le 24 juin 2025 \n \n \nLa rectrice de la r\u00e9gion acad\u00e9mique d'\u00cele-de-France, \nRectrice de l'acad\u00e9mie de Paris, \nChanceli\u00e8re des universit\u00e9s de Paris et d'\u00cele-de France \n \n \nSign\u00e9 \n \nJulie BENETTI \n \n \nRectorat de la r\u00e9gion acad\u00e9mique d'Ile-de-France, rectorat de l'acad\u00e9mie de Paris - IDF-2025-06-24-00004 - Arr\u00eat\u00e9 n\u00b0 2025-080-RRA\nportant subd\u00e9l\u00e9gation de signature en mati\u00e8re d'ordonnancement secondaire des budgets op\u00e9rationnels de programmes n\u00b0 150, 163,\n214, 219, 362 et 363 et les unit\u00e9s op\u00e9rationnelles des programmes n\u00b0348 et 349\n20","date":"2025-06-24","first_seen_on":"2025-06-24T18:32:30+00:00","id":"71050d9221e95099e4edfa667e1266c395de16767d7d36ccc8b452feb05008cf","name":"recueilDS-idf-047-2025-06-recueil-des-actes-administratifs-special du 24.06.2025","pdf_creation_date":"2025-06-24T14:49:27+00:00","pdf_modification_date":null,"timezone":"Europe/Paris","url":"https://www.prefectures-regions.gouv.fr/ile-de-france/irecontenu/telechargement/128777/949129/file/recueilDS-idf-047-2025-06-recueil-des-actes-administratifs-special%20du%2024.06.2025.pdf"}
