{"administration":"prefidf","administration_name":"Pr\u00e9fecture de la r\u00e9gion \u00cele-de-France","content":"PREFECTURE\nREGION ILE DE\nFRANCE\nRECUEIL DES ACTES\nADMINISTRATIFS SP\u00c9CIAL\nN\u00b0IDF-042-2025-04\nPUBLI\u00c9 LE 17 AVRIL 2025\nSommaire\nAgence R\u00e9gionale de Sant\u00e9 / Agence r\u00e9gionale de sant\u00e9\nd'Ile-de-France-D\u00e9partement affaires juridiques et march\u00e9s publics\nIDF-2025-04-10-00023 - Arr\u00eat\u00e9 DS N\u00b0 011/2025 portant d\u00e9l\u00e9gation\nde signature du Secr\u00e9tariat g\u00e9n\u00e9ral de l'Agence r\u00e9gionale de\nsant\u00e9 \u00cele-de-France (5 pages) Page 3\nRectorat de l'acad\u00e9mie de Cr\u00e9teil / Affaires juridiques\nIDF-2025-04-17-00002 - Arr\u00eat\u00e9 du 17 avril 2025 portant\nsubd\u00e9l\u00e9gation de signature \u00e0 monsieur Mehdi CHERFI, \nsecr\u00e9taire\ng\u00e9n\u00e9ral de l'acad\u00e9mie de Cr\u00e9teil  (2 pages) Page 9\n2\nAgence R\u00e9gionale de Sant\u00e9\nIDF-2025-04-10-00023\nArr\u00eat\u00e9 DS N\u00b0 011/2025 portant d\u00e9l\u00e9gation de\nsignature du Secr\u00e9tariat g\u00e9n\u00e9ral de l'Agence\nr\u00e9gionale de sant\u00e9 \u00cele-de-France\nAgence R\u00e9gionale de Sant\u00e9 - IDF-2025-04-10-00023 - Arr\u00eat\u00e9 DS N\u00b0 011/2025 portant d\u00e9l\u00e9gation de signature du Secr\u00e9tariat g\u00e9n\u00e9ral de\nl'Agence r\u00e9gionale de sant\u00e9 \u00cele-de-France 3\nEzREPUBLIQUEFRANCAISELibert\u00e9Egalit\u00e9Fraternit\u00e9\n\u00a9 \u00bb Agence R\u00e9gionale de Sant\u00e9Ile-de-France\n \n \n 1/5 \n \n \n         \n \n \nAGENCE R\u00c9GIONALE DE SANT\u00c9 \u00ceLE-DE-FRANCE \nARR\u00caT\u00c9 DS N\u00b0 011/2025 \nportant d\u00e9l\u00e9gation de signature \n \nLE DIRECTEUR G\u00c9N\u00c9RAL DE L'AGENCE R\u00c9GIONALE DE SANT\u00c9 \u00ceLE-DE-FRANCE \n \n \nVU  le code de la sant\u00e9 publique et notamment le titre III du livre IV de la premi\u00e8re partie, consacr\u00e9 \naux Agences r\u00e9gionales de sant\u00e9 ; \nVU  le code de l'action sociale et des familles ; \nVU  le code de la s\u00e9curit\u00e9 sociale ; \nVU le code du travail ; \nVU  le code de la d\u00e9fense ; \nVU  le code de l'environnement ; \nVU  le d\u00e9cret du 10 avril 2024 portant nomination de Monsieur Denis ROBIN, Directeur g\u00e9n\u00e9ral de \nl'Agence r\u00e9gionale de sant\u00e9 \u00cele-de-France, \u00e0 compter du 29 avril 2024 ; \n \n \nCONSID\u00c9RANT  les centres de responsabilit\u00e9 budg\u00e9taires (ci-apr\u00e8s d\u00e9nomm\u00e9s CRB) entre \nlesquels sont r\u00e9partis les autorisations d'engagements et cr\u00e9dits de paiements \nbudg\u00e9taires allou\u00e9s \u00e0 l'Agence r\u00e9gionale de sant\u00e9 \u00cele -de-France ( ci-apr\u00e8s \nd\u00e9nomm\u00e9e l'Agence) : \n\u2192 CRB Pilotage ci-apr\u00e8s d\u00e9nomm\u00e9 CRB PILOT ; \n\u2192 CRB Moyens g\u00e9n\u00e9raux ci-apr\u00e8s d\u00e9nomm\u00e9 CRH MG ; \n\u2192 CRB Ressources Humaines ci-apr\u00e8s d\u00e9nomm\u00e9 CRB RH ; \n\u2192 CRB Innovation, recherche et transformation num\u00e9rique ci-apr\u00e8s \nd\u00e9nomm\u00e9 CRB DINOV ; \n\u2192 CRB Informatique ci-apr\u00e8s d\u00e9nomm\u00e9 CRB SI ; \n\u2192 CRB Veille et s\u00e9curit\u00e9 sanitaires ci-apr\u00e8s d\u00e9nomm\u00e9 CRB DVSS ; \n\u2192 CRB Sant\u00e9 publique ci-apr\u00e8s d\u00e9nomm\u00e9 CRB DSP ; \n\u2192 CRB Offre de soins ci-apr\u00e8s d\u00e9nomm\u00e9 CRB DOS ; \n\u2192 CRB Autonomie ci-apr\u00e8s d\u00e9nomm\u00e9 CRB DA ; \n\u2192 CRB D\u00e9mocratie sanitaire ci-apr\u00e8s d\u00e9nomm\u00e9 CRB DEMOS ; \n\u2192 CRB Communication ci-apr\u00e8s d\u00e9nomm\u00e9 CRB COM ; \n\u2192 CRB D\u00e9l\u00e9gation de Paris ci-apr\u00e8s d\u00e9nomm\u00e9 CRB DD75 ; \n\u2192 CRB D\u00e9l\u00e9gation de Seine-et-Marne ci-apr\u00e8s d\u00e9nomm\u00e9 CRB DD77 ; \n\u2192 CRB D\u00e9l\u00e9gation des Yvelines ci-apr\u00e8s d\u00e9nomm\u00e9 CRB DD78 ; \n\u2192 CRB D\u00e9l\u00e9gation de l'Essonne ci-apr\u00e8s d\u00e9nomm\u00e9 CRB DD91 ; \n\u2192 CRB D\u00e9l\u00e9gation des Hauts-de-Seine ci-apr\u00e8s d\u00e9nomm\u00e9 CRB DD92 ; \n\u2192 CRB D\u00e9l\u00e9gation de Seine-Saint-Denis ci-apr\u00e8s d\u00e9nomm\u00e9 CRB DD93 ; \n\u2192 CRB D\u00e9l\u00e9gation du Val-de-Marne ci-apr\u00e8s d\u00e9nomm\u00e9 CRB DD94 ; \n\u2192 CRB D\u00e9l\u00e9gation du Val-d'Oise ci-apr\u00e8s d\u00e9nomm\u00e9 CRB DD95 ; \n  \nAgence R\u00e9gionale de Sant\u00e9 - IDF-2025-04-10-00023 - Arr\u00eat\u00e9 DS N\u00b0 011/2025 portant d\u00e9l\u00e9gation de signature du Secr\u00e9tariat g\u00e9n\u00e9ral de\nl'Agence r\u00e9gionale de sant\u00e9 \u00cele-de-France 4\n \n2/5 \n \n \n \nARRETE \n \n \nARTICLE 1er  \n \n1.1 D\u00e9l\u00e9gation est donn\u00e9e \u00e0 Monsieur Vincent METTAUER, Secr\u00e9taire g\u00e9n\u00e9ral, \u00e0 effet de signer, tout \nacte unilat\u00e9ral ou convention, relevant du Secr\u00e9taire g\u00e9n\u00e9ral dans les domaines suivants : \n \n- Ressources humaines (incluant gestion de la paye, recrutement, dialogue social et formation) ; \n- Syst\u00e8mes d'information internes (incluant infrastructures et r\u00e9seaux, t\u00e9l\u00e9phonie, applicatifs et logiciels) ; \n- Moyens g\u00e9n\u00e9raux de l'Agence (incluant immobilier, logistique et frais de d\u00e9placement). \n \n1.2 Cette d\u00e9l\u00e9gation inclut : \na) La signature de tous les actes ou pi\u00e8ces, relatifs aux proc\u00e9dures contentieuses relevant des actes \nfaisant grief, dans les domaines vis\u00e9s au point 1.1  et la d\u00e9signation des agents, plac\u00e9s sous son \nautorit\u00e9, charg\u00e9s d'assurer la repr\u00e9sentation du Directeur g\u00e9n\u00e9ral de l'Agence \u00e0 l'audience dans le \ncadre desdites proc\u00e9dures ; \nb) La signature de tous les actes valant engagement juridique :  \n- sans limitation de montant, dans le cadre exclusif des autorisations d'engagement allou\u00e9es \u00e0 l'Agence \npour l'enveloppe de personnel, \n- inf\u00e9rieur ou \u00e9gal \u00e0 150 000 euros HT dans le cadre exclusif des autorisations d'engagement allou\u00e9es \naux CRB RH, SI et MG pour les enveloppes de fonctionnement du budget principal et du budget \nannexe, et pour l'enveloppe d'investissement, \nc) La signature de tous les ordres de payer donn\u00e9 s au comptable, sans limitation de montant , dans le \ncadre exclusif des cr\u00e9dits de paiement allou\u00e9s aux CRB RH, SI et MG pour toutes les enveloppes du \nbudget principal et pour l'enveloppe de fonctionnement du budget annexe. \n \n \nARTICLE 2 \n \nDemeurent r\u00e9serv\u00e9s \u00e0 la signature du Directeur g\u00e9n\u00e9ral de l'Agence r\u00e9gionale de sant\u00e9 \u00cele -de-France : \n \n- Les actes de saisine du tribunal administratif et de la chambre r\u00e9gionale des comptes d'\u00cele -de-France, \n- Les correspondances adress\u00e9es au Pr\u00e9sident de la R\u00e9publique, aux Ministres, aux membres du \nGouvernement, aux Parlementaires et aux Pr\u00e9sidents des conseils r\u00e9gionaux et d\u00e9partementaux. \n \n \nARTICLE 3 \n \nEn cas d'absence ou d'emp\u00eachement de Monsieur Vincent METTAUER, Secr\u00e9taire g\u00e9n\u00e9ral, d\u00e9l\u00e9gation de \nsignature est donn\u00e9e \u00e0 Madame St\u00e9phanie AFTIMOS, Secr\u00e9taire g\u00e9n\u00e9rale adjointe, \u00e0 effet de signer les \nm\u00eames actes ou conventions que ceux vis\u00e9s \u00e0 l'article 1. \n \n \nARTICLE 4 \n \n4.1 En cas d'absence ou d'emp\u00eachement simultan\u00e9 du Secr\u00e9taire g\u00e9n\u00e9ral et de son adjointe, d\u00e9l\u00e9gation \nde signature est donn\u00e9e \u00e0 Madame Anna ALTEA, Directrice du p\u00f4le Ressources Humaines , \u00e0 effet de \nsigner, tout acte unilat\u00e9ral ou convention , relevant du p\u00f4le Ressources Humaines dans le domaine de la \npaye, recrutement, dialogue social et formation. \n  \nAgence R\u00e9gionale de Sant\u00e9 - IDF-2025-04-10-00023 - Arr\u00eat\u00e9 DS N\u00b0 011/2025 portant d\u00e9l\u00e9gation de signature du Secr\u00e9tariat g\u00e9n\u00e9ral de\nl'Agence r\u00e9gionale de sant\u00e9 \u00cele-de-France 5\n \n3/5 \n \n \n4.2 Cette d\u00e9l\u00e9gation inclut : \n \na) La signature de tous les actes ou pi\u00e8ces, relatifs aux proc\u00e9dures contentieuses relevant des actes \nfaisant grief, dans le domaine des ressources humaines et la d\u00e9signation des agents, plac\u00e9s sous son \nautorit\u00e9, charg\u00e9s d'assurer la repr\u00e9sentation du Directeur g\u00e9n\u00e9ral de l'Agence \u00e0 l'audience dans le \ncadre desdites proc\u00e9dures ; \nb) La signature de tous les actes valant engagement juridique :  \n- sans limitation de montant, dans le cadre exclusif des autorisations d'engagement allou\u00e9es \u00e0 l'Agence \npour l'enveloppe de personnel, \n- inf\u00e9rieur ou \u00e9gal \u00e0 40 000 euros HT dans le cadre exclusif des autorisations d'engagement allou\u00e9es au \nCRB RH pour les enveloppes de fonctionnement du budget principal et pour l'enveloppe  \nd'investissement, \nc) La signature de tous les ordres de payer donn\u00e9s au comptable, sans limitation de montant , dans le \ncadre exclusif des cr\u00e9dits de paiement allou\u00e9s au CRB RH  pour toutes les enveloppes du budget \nprincipal. \n \n \nARTICLE 5 \n \nEn cas d'absence ou d'emp\u00eachement simultan\u00e9 du Secr\u00e9taire g\u00e9n\u00e9ral et de son adjointe, ainsi que de la \nDirectrice du p\u00f4le Ressources Humaines, d\u00e9l\u00e9gation de signature est donn\u00e9e  \u00e0 Madame Katia PORTE-\nHAQUIN, responsable du d\u00e9partement administration du personnel, \u00e0 effet de signer :  \n \na) Tous les actes valant engagement juridique inf\u00e9rieur ou \u00e9gal \u00e0 40 000 euros HT dans le cadre exclusif \ndes autorisations d'engagement allou\u00e9es au CRB RH pour l'enveloppe de personnel, \nb) Tous les ordres de payer donn\u00e9s au comptable, sans limitation de montant , dans le cadre exclusif des \ncr\u00e9dits de paiement allou\u00e9s au CRB RH pour l'enveloppe de personnel. \n \n \nARTICLE 6 \n \nEn cas d'absence ou d'emp\u00eachement simultan\u00e9 du Secr\u00e9taire g\u00e9n\u00e9ral  et de son adjointe, d\u00e9l\u00e9gation de \nsignature est donn\u00e9e  \u00e0 Monsieur Bertrand MESSAGER , responsable du d\u00e9partement  Syst\u00e8mes \nd'Information Internes, \u00e0 effet de signer :  \n \na) Tous les actes valant engagement juridique inf\u00e9rieur ou \u00e9gal \u00e0 40 000 euros HT dans le cadre exclusif \ndes autorisations d'engagement allou\u00e9es au CRB SI pour l'enveloppe de fonctionnement du budget \nprincipal et pour l'enveloppe d'investissement, \nb) Tous les ordres de payer donn\u00e9s au comptable, sans limitation de montant , dans le cadre exclusif des \ncr\u00e9dits de paiement allou\u00e9s au CRB SI pour l'enveloppe de fonctionnement du budget principal et pour \nl'enveloppe d'investissement. \n \n \nARTICLE 7 \n \n7.1 En cas d'absence ou d'emp\u00eachement simultan\u00e9 du Secr\u00e9taire g\u00e9n\u00e9ral et de son adjointe, d\u00e9l\u00e9gation \nde signature est donn\u00e9e \u00e0 Monsieur Samir EL BAZ , Directeur du p\u00f4le strat\u00e9gie immobili\u00e8re et moyens \ng\u00e9n\u00e9raux, \u00e0 effet de signer, tout acte unilat\u00e9ral ou convention, relevant du p\u00f4le strat\u00e9gie immobili\u00e8re et \nmoyens g\u00e9n\u00e9raux, dans le domaine de l'immobilier, de la logistique et des frais de d\u00e9placement. \n  \nAgence R\u00e9gionale de Sant\u00e9 - IDF-2025-04-10-00023 - Arr\u00eat\u00e9 DS N\u00b0 011/2025 portant d\u00e9l\u00e9gation de signature du Secr\u00e9tariat g\u00e9n\u00e9ral de\nl'Agence r\u00e9gionale de sant\u00e9 \u00cele-de-France 6\n \n4/5 \n \n \n7.2 Cette d\u00e9l\u00e9gation inclut : \n \na) La signature de tous les actes ou pi\u00e8ces, relatifs aux proc\u00e9dures contentieuses relevant des actes \nfaisant grief, dans le domaine des moyens g\u00e9n\u00e9raux et la d\u00e9signation des agents, plac\u00e9s sous son \nautorit\u00e9, charg\u00e9s d'assurer la repr\u00e9sentation du Directeur g\u00e9n\u00e9ral de l'Agence \u00e0 l'audience dans le \ncadre desdites proc\u00e9dures, \nb) La signature de tous les actes valant engagement juridique inf\u00e9rieur ou \u00e9gal \u00e0 40 000 euros HT dans \nle cadre exclusif des autorisations d'engagement allou\u00e9es au CRB MG pour les enveloppes de \nfonctionnement du budget principal et du budget annexe, et pour l'enveloppe d'investissement, \nc) La signature de tous les ordres de payer donn\u00e9s au comptable, sans limitation de montant , dans le \ncadre exclusif des cr\u00e9dits de paiement allou\u00e9s au CRB MG pour les enveloppes de fonctionnement du \nbudget principal et du budget annexe, et pour l'enveloppe d'investissement. \n \n \nARTICLE 8 \n \nEn cas d'absence ou d'emp\u00eachement simultan\u00e9s du Secr\u00e9taire g\u00e9n\u00e9ral  et de son adjointe, ainsi que du \nDirecteur du p\u00f4le Strat\u00e9gie immobili\u00e8re et moyens g\u00e9n\u00e9raux , d\u00e9l\u00e9gation de signature est donn\u00e9e  \u00e0 \nMonsieur Reda GHERRAM, responsable du d\u00e9partement \u00ab Administration des moyens g\u00e9n\u00e9raux \u00bb, \u00e0 effet \nde signer : \n \na) Tous les actes valant engagement juridique inf\u00e9rieur ou \u00e9gal \u00e0 10 000 euros HT dans le cadre exclusif \ndes autorisations d'engagement allou\u00e9es au CRB MG pour les enveloppes de fonctionnement du budget \nprincipal et du budget annexe, \nb) Tous les ordres de payer donn\u00e9s au comptable, sans limitation de montant, dans le cadre exclusif des \ncr\u00e9dits de paiement allou\u00e9s aux CRB MG pour les enveloppes de fonctionnement du budget principal et \ndu budget annexe, et pour l'enveloppe d'investissement. \n \n \nARTICLE 9 \n \nL'arr\u00eat\u00e9 DS N\u00b0121/2024 du 4 novembre  2024 portant d\u00e9l\u00e9gation de signature du Directeur g\u00e9n\u00e9ral de \nl'Agence r\u00e9gionale de sant\u00e9 \u00cele-de-France et les arr\u00eat\u00e9s de d\u00e9l\u00e9gation financi\u00e8res ci-dessous sont abrog\u00e9s. \n \nDSF 2024-079 \nVincent METTAUER 29 avril 2024 \n2024-10-DFAC-7440 \nSt\u00e9phanie AFTIMOS 15 octobre 2024 \n2024-10-DFAC-7444 \nSamir ELBAZ 15 octobre 2024 \n2024-10-DFAC-7444 \nReda GHERRAM 15 octobre 2024 \n2024-11-DFAC-9842 \nAnna ALTEA 9 novembre 2024 \n2024-11-DFAC-9846 \nKatia PORTE-HAQUIN 9 novembre 2024 \n2024-11-DFAC-9851 \nMarie-Claire BERTELLE 9 novembre 2024 \n \n  \nAgence R\u00e9gionale de Sant\u00e9 - IDF-2025-04-10-00023 - Arr\u00eat\u00e9 DS N\u00b0 011/2025 portant d\u00e9l\u00e9gation de signature du Secr\u00e9tariat g\u00e9n\u00e9ral de\nl'Agence r\u00e9gionale de sant\u00e9 \u00cele-de-France 7\n \n5/5 \n \n \nARTICLE 10 \n \nLe Secr\u00e9taire g\u00e9n\u00e9ral  est charg\u00e9 de l'ex\u00e9cution du pr\u00e9sent arr\u00eat\u00e9 qui sera publi\u00e9 au recueil des actes \nadministratifs de la pr\u00e9fecture de la r\u00e9gion d'\u00cele-de-France. \n \n \nFait \u00e0 Saint-Denis, le 10 avril 2025 \n \nLe Directeur g\u00e9n\u00e9ral \nde l'Agence r\u00e9gionale de sant\u00e9 \n\u00cele-de-France \n \nDenis ROBIN \nAgence R\u00e9gionale de Sant\u00e9 - IDF-2025-04-10-00023 - Arr\u00eat\u00e9 DS N\u00b0 011/2025 portant d\u00e9l\u00e9gation de signature du Secr\u00e9tariat g\u00e9n\u00e9ral de\nl'Agence r\u00e9gionale de sant\u00e9 \u00cele-de-France 8\nRectorat de l'acad\u00e9mie de Cr\u00e9teil\nIDF-2025-04-17-00002\nArr\u00eat\u00e9 du 17 avril 2025 portant subd\u00e9l\u00e9gation de\nsignature \u00e0 monsieur Mehdi CHERFI, \nsecr\u00e9taire g\u00e9n\u00e9ral de l'acad\u00e9mie de Cr\u00e9teil \nRectorat de l'acad\u00e9mie de Cr\u00e9teil - IDF-2025-04-17-00002 - Arr\u00eat\u00e9 du 17 avril 2025 portant subd\u00e9l\u00e9gation de signature \u00e0 monsieur\nMehdi CHERFI, \nsecr\u00e9taire g\u00e9n\u00e9ral de l'acad\u00e9mie de Cr\u00e9teil \n9\nExACADEMIEDE CRETEILLibert\u00e9Egalit\u00e9Fraternit\u00e9\n1 \n Arr\u00eat\u00e9 du 17 avril 2025 portant subd\u00e9l\u00e9gation de signature \u00e0 monsieur Mehdi CHERFI,  \nsecr\u00e9taire g\u00e9n\u00e9ral de l'acad\u00e9mie de Cr\u00e9teil \n \n \n \n \n \nLE RECTEUR DE L'ACADEMIE DE CRETEIL \n \n \n \nVU le code g\u00e9n\u00e9ral des collectivit\u00e9s territoriales ; \n \nVU le code de l'\u00e9ducation, et notamment ses articles L. 421-1, L. 421-11 et L. 421-14 ; \n \nVU le code des juridictions financi\u00e8res ; \n \nVU le code de la commande publique ; \n \nVU la loi n\u00b0 82-213 du 2 mars 1982 modifi\u00e9e relative aux droits et libert\u00e9s des communes, des d\u00e9partements et \ndes r\u00e9gions ; \n \nVU la loi n\u00b0 83-8 du 7 janvier 1983 modifi\u00e9e relative \u00e0 la r\u00e9partition des comp\u00e9tences entre les communes, les \nd\u00e9partements, les r\u00e9gions et l'Etat ;  \n \nVU la loi n\u00b0 85-97 du 25 janvier 1985 modifiant et compl\u00e9tant la loi n\u00b083-663 du 22 juillet 1983 et portant \ndispositions diverses relatives aux rapports entre l'Etat et les collectivit\u00e9s territoriales, notamment ses articles \n15-5 et suivants ; \n \nVU la loi n\u00b0 2004-809 du 13 ao\u00fbt 2004 relative aux libert\u00e9s et responsabilit\u00e9s locales ;  \n \nVU l'ordonnance n\u00b0 2015-899 du 23 juillet 2015 relative aux march\u00e9s publics ; \n \nVU le d\u00e9cret n\u00b0 2004-374 du 29 avril 2004 modifi\u00e9 relatif aux pouvoirs des pr\u00e9fets, \u00e0 l'organisation et \u00e0 l'action des \nservices de l'Etat dans les r\u00e9gions et les d\u00e9partements ; \n \nVU le d\u00e9cret du 6 novembre 2024 nommant monsieur Etienne STOSKOPF pr\u00e9fet du Val-de-Marne ; \n \nVU le d\u00e9cret du 12 mars 2025 nommant monsieur Jean-Fran\u00e7ois CHANET recteur de l'acad\u00e9mie de Cr\u00e9teil ; \n \nVU l'arr\u00eat\u00e9 minist\u00e9riel du 7 mars 2022 portant nomination, d\u00e9tachement et classement de madame Francette \nDALLE MESE, inspectrice d'acad\u00e9mie-inspectrice p\u00e9dagogique r\u00e9gionale de classe normale, dans l'emploi \nd'adjointe au secr\u00e9taire g\u00e9n\u00e9ral d'acad\u00e9mie, en charge de l'organisation scolaire, de la performance et des \npolitiques \u00e9ducatives au rectorat de l'acad\u00e9mie de Cr\u00e9teil \u00e0 compter du 7 mars 2022 ; \n \nVU l'arr\u00eat\u00e9 minist\u00e9riel du 30 d\u00e9cembre 2022 portant nomination et classement de monsieur Mehdi CHERFI dans \nl'emploi de secr\u00e9taire g\u00e9n\u00e9ral de l'acad\u00e9mie de Cr\u00e9teil ; \n \nVU l'arr\u00eat\u00e9 minist\u00e9riel du 21 f\u00e9vrier 2023 portant nomination et classement de monsieur David BERAHA, attach\u00e9 \nd'administration hors classe, dans l'emploi de secr\u00e9taire g\u00e9n\u00e9ral adjoint, directeur des relations et ressources \nhumaines de l'acad\u00e9mie de Cr\u00e9teil ; \n \nVU l'arr\u00eat\u00e9 minist\u00e9riel du 12 juin 2023 portant nomination et classement de monsieur Vincent BENAVENT, \ning\u00e9nieur de recherche du CNRS, dans l'emploi d'adjoint au secr\u00e9taire g\u00e9n\u00e9ral d'acad\u00e9mie, en charge de la \nmodernisation, du num\u00e9rique et de l'immobilier au rectorat de l'acad\u00e9mie de Cr\u00e9teil ; \nRectorat de l'acad\u00e9mie de Cr\u00e9teil - IDF-2025-04-17-00002 - Arr\u00eat\u00e9 du 17 avril 2025 portant subd\u00e9l\u00e9gation de signature \u00e0 monsieur\nMehdi CHERFI, \nsecr\u00e9taire g\u00e9n\u00e9ral de l'acad\u00e9mie de Cr\u00e9teil \n10\n2 \n \nVU l'arr\u00eat\u00e9 minist\u00e9riel du 27 mars 2024 portant nomination, d\u00e9tachement et classement de monsieur Charles \nNA\u00cfM, inspecteur d'acad\u00e9mie-inspecteur p\u00e9dagogique r\u00e9gional hors classe, dans l'emploi d'administrateur de \nl'\u00e9ducation nationale, de l'enseignement sup\u00e9rieur et de la recherche (AENESR), chef de la division des \n\u00e9tablissements du rectorat de l'acad\u00e9mie de Cr\u00e9teil ; \n \nVU l'arr\u00eat\u00e9 minist\u00e9riel du 14 janvier 2025 portant nomination et classement de monsieur Fr\u00e9d\u00e9ric MULLER, attach\u00e9 \nd'administration hors classe, dans l'emploi d'adjoint au secr\u00e9taire g\u00e9n\u00e9ral d'acad\u00e9mie en charge des affaires \nbudg\u00e9taires, financi\u00e8res et juridiques au rectorat de l'acad\u00e9mie de Cr\u00e9teil ; \n \nVU l'arr\u00eat\u00e9 pr\u00e9fectoral n\u00b0 2025/01191 du 26 mars 2025 donnant d\u00e9l\u00e9gation de signature \u00e0 monsieur Jean-Fran\u00e7ois \nCHANET, recteur de l'acad\u00e9mie de Cr\u00e9teil, pour signer, au nom du pr\u00e9fet du Val-de-Marne, les accus\u00e9s de \nr\u00e9ception des actes budg\u00e9taires (budgets et d\u00e9cisions budg\u00e9taires modificatives) et pi\u00e8ces justificatives \nconcernant les coll\u00e8ges ; \n \n \nARRETE \n \n \nARTICLE 1 : Subd\u00e9l\u00e9gation de signature est donn\u00e9e \u00e0 monsieur Mehdi CHERFI, secr\u00e9taire g\u00e9n\u00e9ral de l'acad\u00e9mie \nde Cr\u00e9teil pour signer les accus\u00e9s de r\u00e9ception des actes budg\u00e9taires (budgets et d\u00e9cisions \nbudg\u00e9taires modificatives) et pi\u00e8ces justificatives concernant les coll\u00e8ges.  \n \n \n \nARTICLE 2 : Subd\u00e9l\u00e9gation de signature est \u00e9galement donn\u00e9e \u00e0 : \n \n- madame Francette DALLE MESE, secr\u00e9taire g\u00e9n\u00e9rale adjointe, directrice en charge de l'organisation \nscolaire, de la performance et des politiques \u00e9ducatives, \n- monsieur David BERAHA, secr\u00e9taire g\u00e9n\u00e9ral adjoint, directeur des relations et ressources humaines, \n- monsieur Vincent BENAVENT, secr\u00e9taire g\u00e9n\u00e9ral adjoint, directeur en charge de la modernisation, du \nnum\u00e9rique et de l'immobilier,  \n- monsieur Fr\u00e9d\u00e9ric MULLER, secr\u00e9taire g\u00e9n\u00e9ral adjoint, directeur en charge des affaires budg\u00e9taires, \nfinanci\u00e8res et juridiques, \n- monsieur Charles NA\u00cfM, chef de la division des \u00e9tablissements.  \n \n \nARTICLE 3 : Le pr\u00e9sent arr\u00eat\u00e9 abroge l'arr\u00eat\u00e9 rectoral du 21 janvier 2025. \n \n \nARTICLE 4 : Le pr\u00e9sent arr\u00eat\u00e9 sera publi\u00e9 au recueil des actes administratifs de la pr\u00e9fecture de r\u00e9gion d'Ile-de- \n                      France. \n \n \n \n \nFait \u00e0 Cr\u00e9teil, le 17 avril 2025 \n \n \n \nLe recteur de l'acad\u00e9mie de Cr\u00e9teil \n \nSign\u00e9 \n \n \nJean-Fran\u00e7ois CHANET \nRectorat de l'acad\u00e9mie de Cr\u00e9teil - IDF-2025-04-17-00002 - Arr\u00eat\u00e9 du 17 avril 2025 portant subd\u00e9l\u00e9gation de signature \u00e0 monsieur\nMehdi CHERFI, \nsecr\u00e9taire g\u00e9n\u00e9ral de l'acad\u00e9mie de Cr\u00e9teil \n11","date":"2025-04-17","first_seen_on":"2025-04-17T16:31:07+00:00","id":"714fb643497fd4a6ffd3d4e867c5ddad96df2cc305c9d041426eab3c7dab6ef0","name":"recueilDS-idf-042-2025-04-recueil-des-actes-administratifs-special du 17.04.2025","pdf_creation_date":"2025-04-17T14:55:38+00:00","pdf_modification_date":null,"timezone":"Europe/Paris","url":"https://www.prefectures-regions.gouv.fr/ile-de-france/irecontenu/telechargement/127090/938161/file/recueilDS-idf-042-2025-04-recueil-des-actes-administratifs-special%20du%2017.04.2025.pdf"}
