{"administration":"pref21","administration_name":"Pr\u00e9fecture de C\u00f4te-d\u2019Or","content":"PR\u00c9FET\nDE LA C\u00d4TE-D'OR\nRECUEIL DES ACTES\nADMINISTRATIFS SP\u00c9CIAL\n(NOMINATIFS)\nN\u00b021-2025-174\nPUBLI\u00c9 LE  5 D\u00c9CEMBRE 2025\nSommaire\nARS Bourgogne-Franche-Comt\u00e9 /\n21-2025-11-14-00002 - Arr\u00eat\u00e9 ARSBFC/DCPT/2025-89 modifiant la liste\ndes membres du conseil territorial de sant\u00e9 de C\u00f4te d'Or  (6 pages) Page 3\nDirection d\u00e9partementale de l'emploi, du travail et des solidarit\u00e9s de\nC\u00f4te-d'Or /\n21-2025-12-02-00002 - RAA d\u00e9cision de d\u00e9claration SAP jardifred (2\npages) Page 10\n2\nARS Bourgogne-Franche-Comt\u00e9\n21-2025-11-14-00002\nArr\u00eat\u00e9 ARSBFC/DCPT/2025-89 modifiant la liste\ndes membres du conseil territorial de sant\u00e9 de\nC\u00f4te d'Or \nARS Bourgogne-Franche-Comt\u00e9 - 21-2025-11-14-00002 - Arr\u00eat\u00e9 ARSBFC/DCPT/2025-89 modifiant la liste des membres du conseil\nterritorial de sant\u00e9 de C\u00f4te d'Or 3\n| |REPUBLIQUEFRANCAISELibert\u00e9Egalit\u00e9Fraternit\u00e9 Ar@ D Agence R\u00e9gionale de Sant\u00e9Bourgogne-Franche-Comt\u00e9\n      \n  \n        \n \n \nArr\u00eat\u00e9 n\u00b0 ARSBFC/DCPT/2025-89 modifiant la liste des membres du conseil territorial \nde sant\u00e9 de C\u00f4te-d'Or en date du 14/11/2025 \n \n \nLa directrice g\u00e9n\u00e9rale de l'Agence R\u00e9gionale de Sant\u00e9 de Bourgogne-Franche-Comt\u00e9, \n \nVu le code de la sant\u00e9 publique, notamment les articles L.1434-9, L.1434-10, L.1434-11, R1434-33 ;  \n \nVu la loi n\u00b0 2016-41 du 26 janvier 2016 de modernisation de notre syst\u00e8me de sant\u00e9, notamment son \narticle 158 ; \n \nVu la loi d'organisation et de transformation du syst\u00e8me de sant\u00e9 n\u00b0 2019 -774 du 24 juillet 2019 \nportant modification de l'article L1434-10 du code de la Sant\u00e9 Publique ; \n \nVu le d\u00e9cret en date du 30 juillet 2025 portant nomination de Mme Mathilde MARMIER, en qualit\u00e9 \nde directrice g\u00e9n\u00e9rale de l'agence r\u00e9gionale de sant\u00e9 de Bourgogne-Franche-Comt\u00e9 ; \n \nVu le d\u00e9cret n\u00b02016-1024 du 26 juillet 2016 relatif aux territoires de d\u00e9mocratie sanitaire, aux zones \ndes sch\u00e9mas r\u00e9gionaux de sant\u00e9 et aux conseils territoriaux de sant\u00e9 ;  \n \nVu l'arr\u00eat\u00e9 du 3 ao\u00fbt 2016 relatif \u00e0 la composition du conseil territorial de sant\u00e9 ; \n \nVu l'arr\u00eat\u00e9 ARS -BFC/DG/2016/001 du 27 octobre 2016 relatif \u00e0 la d\u00e9finition des territoires de \nd\u00e9mocratie sanitaire de la r\u00e9gion Bourgogne-Franche-Comt\u00e9 ;  \n \nVu l'arr\u00eat\u00e9 ARS -BFC/DCPT/2025-20 du 10 avril 2025  modifiant la liste des membres du conseil \nterritorial de sant\u00e9 de la C\u00f4te-d'Or ;  \n \nConsid\u00e9rant les r\u00e9p onses re\u00e7ues dans le cadre des appels \u00e0 candidature s organis\u00e9s par l'ARS \nBourgogne-Franche-Comt\u00e9, publi\u00e9s le 31 mars 2022 sur le site internet de l'agence, en application des \ndispositions de l'article R1434-33 du code de la sant\u00e9 publique \n \nConsid\u00e9rant les propositions de d\u00e9signation s faites par les diff\u00e9rents organi smes et instances \nrepr\u00e9sentatifs des diff\u00e9rents coll\u00e8ges, en application des dispositions de l'article R1434 -33 du code de \nla sant\u00e9 publique \n \n \n \nARS Bourgogne-Franche-Comt\u00e9 - 21-2025-11-14-00002 - Arr\u00eat\u00e9 ARSBFC/DCPT/2025-89 modifiant la liste des membres du conseil\nterritorial de sant\u00e9 de C\u00f4te d'Or 4\n 2 \nARRETE  \n \n \nArticle 1er : Le conseil territorial de sant\u00e9 de C\u00f4te-d'Or comprend 56 membres au plus r\u00e9partis en \nquatre coll\u00e8ges, ainsi que deux personnes qualifi\u00e9es, les parlementaires \u00e9lus dans le ressort du \nterritoire concern\u00e9 et le membre du comit\u00e9 de massif concern\u00e9. \n \nArticle 2 : Sont membres du conseil territorial de sant\u00e9 du d\u00e9partement de C\u00f4te-d'Or, au titre des \ncoll\u00e8ges :  \n \n1\u00b0 - Coll\u00e8ge des professionnels et offreurs des services de sant\u00e9 (trente-quatre membres) \n \na) Six repr\u00e9sentants des \u00e9tablissements de sant\u00e9 \n\u27a2 Trois repr\u00e9sentants des personnes morales gestionnaires de ces \u00e9tablissements d\u00e9sign\u00e9s sur \nproposition de la f\u00e9d\u00e9ration qui les repr\u00e9sente \n \nTitulaire : Madame Val\u00e9rie FAKHOURY, HPDB, FHP  \nSuppl\u00e9ance : en cours de d\u00e9signation \nTitulaire : Monsieur Beno\u00eet TERRILLON, Association le Renouveau, FEHAP  \nSuppl\u00e9ance : Madame Sylvie CAILLOT, COS CRF Divio, FEHAP \nTitulaire : Monsieur Guillaume KOCH, Hospices Civils de Beaune, FHF \nSuppl\u00e9ance : Madame Emmanuelle JUAN, CH La Chartreuse, FHF \n \n\u27a2 Trois pr\u00e9sidents de commission m\u00e9dicale ou de conf\u00e9rence m\u00e9dicale d'\u00e9tablissement, \nd\u00e9sign\u00e9s sur proposition de la f\u00e9d\u00e9ration qui les repr\u00e9sente \n \nTitulaire : Madame le docteur Liliana OSMAK, Polyclinique du Parc Drevon, FHP  \nSuppl\u00e9ance : en cours de d\u00e9signation  \nTitulaire :  Madame le docteur Hala ROBERT MAALOUF, CRF Divio, FEHAP  \nSuppl\u00e9ante : en cours de d\u00e9signation  \nTitulaire : Monsieur le docteur Samuel FOTCHUONT, CH HCO, FHF \nSuppl\u00e9ance : Madame le docteur Magali VERNET, CH Beaune, FHF  \n \nb) Cinq repr\u00e9sentants des personnes morales gestionnaires des services et \u00e9tablissements sociaux \net m\u00e9dico -sociaux mentionn\u00e9s au 1 d e l'article L 312 -1 et \u00e0 l'article L 344 -1 du code de \nl'action sociale et des familles r\u00e9partis entre ceux qui \u0153uvrent en faveur des personnels \u00e2g\u00e9es \net ceux qui \u0153uvrent en faveur des personnes handicap\u00e9es, d\u00e9sign\u00e9s sur proposition des \ngroupements et f\u00e9d\u00e9rations repr\u00e9sentatifs des institutions sociales et m\u00e9dico-sociale \n \nTitulaire : Monsieur Baptiste GRENOT, EHCO Les Papillons Blancs, URIOPSS \nSuppl\u00e9ance : S\u00e9verine DUPEND, directrice r\u00e9gionale Addictions France \nTitulaire : Madame Marie GIVORD, UNA BFC \nSuppl\u00e9ance : Madame Annik AMIARD, UNA BFC \nTitulaire : Monsieur Brice MOREY, SDAT, FEHAP \nSuppl\u00e9ance : Monsieur Vincent GAY, EHPAD la Providence, FEHAP \nTitulaire : Christine TROJAN, CHU Dijon, FHF \nSuppl\u00e9ance : en cours de d\u00e9signation \nTitulaire : Monsieur Patrice DUROVRAY, Acod\u00e8ge, NEXEM \nSuppl\u00e9ance : Madame Val\u00e9rie BOIVIN, EHPAD Korian, SYNERPA \n \nc) Trois repr\u00e9sentants des organismes \u0153uvrant dans les domaines de la promotion de la sant\u00e9 et \nde la pr\u00e9vention ou en faveur de l'environnement et de la lutte contre la pr\u00e9carit\u00e9, d\u00e9sign\u00e9s \u00e0 \nl'issue d'un appel \u00e0 candidatures organis\u00e9 dans les conditions fix\u00e9es par le directeur g\u00e9n\u00e9ral de \nl'agence r\u00e9gionale de sant\u00e9 \n \nTitulaire : Madame H\u00e9l\u00e8ne PROU, Promotion Sant\u00e9 BFC \nSuppl\u00e9ance : en cours de d\u00e9signation \nARS Bourgogne-Franche-Comt\u00e9 - 21-2025-11-14-00002 - Arr\u00eat\u00e9 ARSBFC/DCPT/2025-89 modifiant la liste des membres du conseil\nterritorial de sant\u00e9 de C\u00f4te d'Or 5\n 3 \nTitulaire : Madame Colette PREVOST, France nature environnement 21 \nSuppl\u00e9ance : en cours de d\u00e9signation \nTitulaire : Monsieur Antonin COLNOT-BREUNE, ASEPT \nSuppl\u00e9ance : Madame Olivia KOUASSI, ASEPT \n \nd) Six repr\u00e9sentants des professionnels de sant\u00e9 lib\u00e9raux \n \n\u27a2 Trois m\u00e9decins lib\u00e9raux d\u00e9sign\u00e9s par le directeur g\u00e9n\u00e9ral de l'agence r\u00e9gionale de sant\u00e9 sur \nproposition conjointe des unions r\u00e9gionales des professionnels de sant\u00e9 \n \nTitulaire : Monsieur le docteur Aur\u00e9lien VAILLANT \nSuppl\u00e9ance : en cours de d\u00e9signation \nTitulaire : Monsieur le docteur Ambroise MARTIN \nSuppl\u00e9ance : en cours de d\u00e9signation \nTitulaire : en cours de d\u00e9signation \nSuppl\u00e9ance : en cours de d\u00e9signation \n \n\u27a2 Trois repr\u00e9sentants des autres professions de sant\u00e9, d\u00e9sign\u00e9s par le directeur g\u00e9n\u00e9ral de \nl'agence r\u00e9gionale de sant\u00e9 sur proposition conjointe des unions r\u00e9gional es des professionnels \nde sant\u00e9. \n \nTitulaire : Monsieur Damien MICHEL, URPS Pharmaciens BFC \nSuppl\u00e9ance : Madame Nathalie BROUSSE-GOUTTE, URPS Orthophonistes BFC \nTitulaire : Madame Anne THIVET, URPS Infirmiers BFC  \nSuppl\u00e9ance : Madame V\u00e9ronique FAGOT, URPS Infirmiers BFC \nTitulaire : Monsieur Yann-Fran\u00e7ois SYLVESTRE, URPS Masseurs-Kin\u00e9sith\u00e9rapeutes BFC \nSuppl\u00e9ance : Monsieur Jules MARTIN, URPS Masseurs-Kin\u00e9sith\u00e9rapeutes BFC \n \ne) Un repr\u00e9sentant des internes en m\u00e9decine de la ou des subdivisions situ\u00e9es sur le territoire de \nsant\u00e9, d\u00e9sign\u00e9 par une organisation qui les repr\u00e9sente \n \nTitulaire : Maxence ROULLIAT  \nSuppl\u00e9ance : Benjamin RECORDON  \n \nf) Cinq repr\u00e9sentants des diff\u00e9rents modes d'exercice coordonn\u00e9 et des organisations de \ncoop\u00e9ration territoriale :  \n \n\u00ab des centres de sant\u00e9, maisons de sant\u00e9 et r\u00e9seaux d\u00e9sign\u00e9s par le directeur g\u00e9n\u00e9ral de l'agence \nr\u00e9gionale de sant\u00e9, sur proposition des organisations qui les repr\u00e9sentent \u00bb \n\u00ab des communaut\u00e9s professionnelles territoriales de sant\u00e9 et des \u00e9quipes de soins primaires \n\u00ab des communaut\u00e9s psychiatriques de territoire  d\u00e9sign\u00e9s \u00e0 l'issue d'un appel \u00e0 candidature organis\u00e9 \ndans des conditions fix\u00e9es par le directeur g\u00e9n\u00e9ral de l'agence r\u00e9gionale de sant\u00e9 \u00bb \n \nTitulaire : Monsieur Laurent GARNAULT, DAC 21 \nSuppl\u00e9ance : Madame Manuela GARCIA, DAC 21 \nTitulaire : Monsieur Pedro FERREIRA, MSP de St-Loup-G\u00e9anges, FeMaSCo-BFC \nSuppl\u00e9ance : Monsieur Philippe LEVACHER, FeMaSCo-BFC \nTitulaire : Monsieur Florian POIVRE, CPTS Pays d'Or \nSuppl\u00e9ance : Madame Sandra PERIER, CPTS Pays d'Or  \nTitulaire : Monsieur le docteur Fran\u00e7ois PILLON, AREMEL 21 \nSuppl\u00e9ance : Monsieur le docteur Sediki MOURAD, AREMEL 21 \nTitulaire : en cours de d\u00e9signation \nSuppl\u00e9ance : en cours de d\u00e9signation   \n \ng) Un repr\u00e9sentant des \u00e9tablissements assurant des activit\u00e9s d'hospitalisation \u00e0 domicile, d\u00e9sign\u00e9 \npar le directeur g\u00e9n\u00e9ral de l'agence r\u00e9gionale de sant\u00e9 sur proposition de la FNEHAD \nTitulaire en cours de d\u00e9signation FNEHAD \nARS Bourgogne-Franche-Comt\u00e9 - 21-2025-11-14-00002 - Arr\u00eat\u00e9 ARSBFC/DCPT/2025-89 modifiant la liste des membres du conseil\nterritorial de sant\u00e9 de C\u00f4te d'Or 6\n 4 \nSuppl\u00e9ance : Madame Sophie HENON HILAIRE, CGF Leclerc, FNEHAD \n \nh) Un repr\u00e9sentant de l'ordre des m\u00e9decins, d\u00e9sign\u00e9 par le pr\u00e9sident du conseil r\u00e9gional de \nl'ordre ou, le cas \u00e9ch\u00e9ant, sur proposition conjointe des pr\u00e9sidents des conseils r\u00e9gionaux de \nl'ordre du ressort de l'agence r\u00e9gionale de sant\u00e9 \n \nTitulaire : Monsieur Romain THEVENOUD \nSuppl\u00e9ance : Madame Caroline MOUCHON \n \nRepr\u00e9sentants des conseils des ordres territorialement comp\u00e9tents \n \nTitulaire : Madame Laurence CAMUS, Conseil de l'Ordre des infirmiers \nSuppl\u00e9ant : en cours de d\u00e9signation \n \nTitulaire : Madame Val\u00e9rie PONTONNIER, Conseil de l'Ordre des sages-femmes \nSuppl\u00e9ance : en cours de d\u00e9signation \n \nTitulaire : Madame Marion CRUCHANDEU, Conseil de l'Ordre des p\u00e9dicures-podologues \nSuppl\u00e9ance : en cours de d\u00e9signation  \n \nTitulaire : Monsieur Pascal BRIOT, Conseil de l'Ordre des masseurs kin\u00e9sith\u00e9rapeutes \nSuppl\u00e9ance : en cours de d\u00e9signation  \n \nTitulaire : Monsieur Philippe VANDRIESSE, Conseil de l'Ordre des pharmaciens \nSuppl\u00e9ance : Madame Carine HENRIOT, Conseil de l'Ordre des pharmaciens \n \nTitulaire : Madame le docteur Marie-B\u00e9n\u00e9dicte BERTHOU, Conseil de l'Ordre des Chirurgiens-\ndentistes \nSuppl\u00e9ance : en cours de d\u00e9signation  \n \n \n2\u00b0 - Coll\u00e8ge des usagers et associations d'usagers \u0153uvrant dans les domaines de comp\u00e9tence de \nl'agence r\u00e9gionale de sant\u00e9 (dix membres) \n \na) Six repr\u00e9sentants des usagers des associations agr\u00e9\u00e9es au niveau r\u00e9gional ou, \u00e0 d\u00e9faut, au \nniveau national, conform\u00e9ment \u00e0 l'article L 1114 -1, d\u00e9sign\u00e9s \u00e0 l'issue d'un appel \u00e0 \ncandidatures organis\u00e9 dans des conditions fix\u00e9es par le directeur g\u00e9n\u00e9ral de l'agence r\u00e9gionale \nde sant\u00e9 \n \nTitulaire : Madame Marie BERTIN, ARUCAH  \nSuppl\u00e9ance : en cours de d\u00e9signation \nTitulaire : Monsieur Jean-Louis LAVILLE, UNAFAM \nSuppl\u00e9ance : en cours de d\u00e9signation \nTitulaire : Madame Martine CUENOT, APF France handicap \nSuppl\u00e9ance : en cours de d\u00e9signation \nTitulaire : Monsieur Arnaud MILADINOVIC, UNAPEI BFC \nSuppl\u00e9ance : en cours de d\u00e9signation \nTitulaire : Madame Fran\u00e7oise PLASSARD, UDAF \nSuppl\u00e9ance : Monsieur Yves DUPOYET, UDAF \nTitulaire : en cours de d\u00e9signation \nSuppl\u00e9ance : en cours de d\u00e9signation \n  \nb) Quatre repr\u00e9sentants des usagers des associations des personnes handicap\u00e9es ou des \nassociations de retrait\u00e9s et personnes \u00e2g\u00e9es, sur proposition du ou des conseils d\u00e9partementaux \nde la citoyennet\u00e9 et de l'autonomie du ressort du conseil territorial de sant\u00e9 \n \nTitulaire : Monsieur Jean-Fran\u00e7ois VALDENAIRE, CDCA \nARS Bourgogne-Franche-Comt\u00e9 - 21-2025-11-14-00002 - Arr\u00eat\u00e9 ARSBFC/DCPT/2025-89 modifiant la liste des membres du conseil\nterritorial de sant\u00e9 de C\u00f4te d'Or 7\n 5 \nSuppl\u00e9ance : en cours de d\u00e9signation, CDCA \nTitulaire : Monsieur Olivier DRIGNY, CDCA \nSuppl\u00e9ance : Madame Bernadette DAVID, CDCA \nTitulaire : Madame Christine GARNIER GALIMARD, CDCA \nSuppl\u00e9ance: Madame Edith GARCHEY, CDCA \nTitulaire : Madame Suzanne FERRAND, CDCA \nSuppl\u00e9ance : Monsieur Serge THEYSSIER, CDCA \n \n \n3\u00b0 - Coll\u00e8ge des collectivit\u00e9s territoriales ou leurs groupements (sept membres) \n \na) Un conseiller r\u00e9gional, d\u00e9sign\u00e9 par la pr\u00e9sidente du conseil r\u00e9gional \nTitulaire : Madame Fran\u00e7oise TENENBAUM \nSuppl\u00e9ance : Madame Aurore LAGNEAU \n \nb) Un repr\u00e9sentant du conseil d\u00e9partemental  d\u00e9sign\u00e9 par l'Assembl\u00e9e des d\u00e9partements de \nFrance \nTitulaire : Monsieur Fran\u00e7ois SAUVADET, pr\u00e9sident du Conseil d\u00e9partemental de C\u00f4te-d'Or \nSuppl\u00e9ance : Madame Emmanuelle COINT, 1 \u00e8re vice-pr\u00e9sidente du Conseil d\u00e9partemental de C\u00f4te -\nd'Or \n \nc) Un repr\u00e9sentant des services d\u00e9partementaux de protection maternelle et infantile d\u00e9sign\u00e9 par \nle pr\u00e9sident du conseil d\u00e9partemental \nTitulaire : Monsieur Jean-Michel RENAUD \nSuppl\u00e9ance : Madame Elise EGEA \n \nd) Deux repr\u00e9sentants des communaut\u00e9s de communes , d\u00e9sign\u00e9s par l'Assembl\u00e9e des \ncommunaut\u00e9s de France \n \nTitulaire : Madame Catherine GOZZI, conseill\u00e8re communaut\u00e9 de Dijon m\u00e9tropole \nSuppl\u00e9ance : en cours de d\u00e9signation \nTitulaire : en cours de d\u00e9signation \nSuppl\u00e9ance : en cours de d\u00e9signation \n \ne) Deux repr\u00e9sentants des communes, d\u00e9sign\u00e9s par l'Association des maires de France \n \nTitulaire : Madame Patricia RABELKA M'BENGUE, adjointe \u00e0 l'innovation sociale CCAS de Saint -\nApollinaire \nSuppl\u00e9ance : Monsieur J\u00e9r\u00e9mie BRIGAND, Maire de Massingy  \nTitulaire : Monsieur Patrick MOLINOZ, Maire de Venarey-L\u00e8s-Laumes \nSuppl\u00e9ance : Monsieur Antonio COBOS, Maire d'Argilly \n \n \n4\u00b0 - Coll\u00e8ge des repr\u00e9sentants de l'Etat et des organismes de s\u00e9curit\u00e9 sociale (trois membres) \n \na) Un repr\u00e9sentant de l'Etat d\u00e9sign\u00e9 par le pr\u00e9fet de C\u00f4te-d'Or \n \nTitulaire :  Madame, Monsieur le Secr\u00e9taire g\u00e9n\u00e9ral de la pr\u00e9fecture de C\u00f4te-d'Or  \nSuppl\u00e9ance : Madame, Monsieur le Secr\u00e9taire g\u00e9n\u00e9ral adjoint de la pr\u00e9fecture de C\u00f4te-d'Or  \n \nb) Deux repr\u00e9sentants des organismes de s\u00e9curit\u00e9 sociale d\u00e9sign\u00e9s par le directeur g\u00e9n\u00e9ral de \nl'agence r\u00e9gionale de sant\u00e9, sur proposition conjointe des organismes locaux ou r\u00e9gionaux de \ns\u00e9curit\u00e9 sociale du ressort du conseil \n \nTitulaire : Monsieur Lilian VACHON, directeur CPAM de C\u00f4te-d'Or \nSuppl\u00e9ance : Madame Nadia MONTANDON, directrice adjointe CPAM de C\u00f4te-d'Or \n \nARS Bourgogne-Franche-Comt\u00e9 - 21-2025-11-14-00002 - Arr\u00eat\u00e9 ARSBFC/DCPT/2025-89 modifiant la liste des membres du conseil\nterritorial de sant\u00e9 de C\u00f4te d'Or 8\n 6 \nTitulaire : Madame Anne-C\u00e9cile JACOT, CARSAT Bourgogne-Franche-Comt\u00e9 \nSuppl\u00e9ance : Monsieur Jacques GANNE, MSA Bourgogne \n \n5\u00b0 - Deux personnalit\u00e9s qualifi\u00e9es \n \n- Monsieur Bruno FOREST, Mutualit\u00e9 fran\u00e7aise BFC, F\u00e9d\u00e9ration des mutuelles de France,  \n- Madame/Monsieur le repr\u00e9sentant du Service D\u00e9partemental d'Incendie et de Secours \n \n6\u00b0 - Parlementaires \u00e9lus dans le ressort du territoire concern\u00e9 et un membre du comit\u00e9 de massif \nconcern\u00e9: \n \nS\u00e9nateurs : \n- Monsieur Alain HOUPERT, S\u00e9nateur de C\u00f4te-d'Or \n- Madame Anne-Catherine LOISIER, S\u00e9natrice de C\u00f4te-d'Or \n- Monsieur Fran\u00e7ois PATRIAT, S\u00e9nateur de C\u00f4te-d'Or \n \nD\u00e9put\u00e9s : \n- Madame Oc\u00e9ane GODARD, d\u00e9put\u00e9e de la 1\u00e8re circonscription de C\u00f4te-d'Or \n- Madame Catherine HERVIEU, d\u00e9put\u00e9e de la 2\u00e8me circonscription de C\u00f4te-d'Or \n- Monsieur Pierre PRIBETICH, d\u00e9put\u00e9 de la 3\u00e8me circonscription de C\u00f4te-d'Or \n- Monsieur Hubert BRIGAND, d\u00e9put\u00e9 de la 4\u00e8me circonscription de C\u00f4te-d'Or \n- Monsieur Ren\u00e9 LIORET, d\u00e9put\u00e9 de la 5\u00e8me circonscription de C\u00f4te-d'Or \n \nMembre du comit\u00e9 de massif concern\u00e9 : \n- Monsieur Sylvain MATHIEU, repr\u00e9sentant du comit\u00e9 de massif du Massif Central \n \nArticle 3 : La dur\u00e9e du mandat des membres du  conseil territorial de sant\u00e9 de C\u00f4te-d'Or est de cinq \nans, renouvelable une fois, \u00e0 compter de la date de l'arr\u00eat\u00e9 initial de composition.  \n \n \nArticle 4 : Le directeur  du cabinet, du pilotage et des territoires et l a directrice par int\u00e9rim  de la \ndirection territoriale de  C\u00f4te-d'Or de l'agence r\u00e9gionale de sant\u00e9 sont charg\u00e9s de l'ex\u00e9cution du \npr\u00e9sent arr\u00eat\u00e9 qui sera publi\u00e9 au recueil des actes administratifs de la pr\u00e9fecture de r\u00e9gion et au recueil \ndes actes administratifs de la pr\u00e9fecture de C\u00f4te-d'Or.  \n \n \nArticle 5 : Le pr\u00e9sent arr\u00eat\u00e9 peut \u00eatre contest\u00e9 dans un d\u00e9lai de deux mois \u00e0 compter de sa notification \npour les personnes auxquelles il a \u00e9t\u00e9 notifi\u00e9, ou de sa publication pour les autres personnes, en \nformulant \n- un recours gracieux aupr\u00e8s de la directrice  g\u00e9n\u00e9rale de l'agence r\u00e9gionale de s ant\u00e9 de \nBourgogne-Franche Comt\u00e9, \n- un recours contentieux devant le Tribunal Administratif comp\u00e9tent \nLe tribunal administratif comp\u00e9tent peut \u00eatre saisi d'un recours d\u00e9pos\u00e9 via l'application T\u00e9l\u00e9recours \ncitoyens accessible par le site internet www.t\u00e9l\u00e9recours.fr \n \n \n \n       Fait \u00e0 Dijon, le 14/11/2025 \n        \nLa directrice g\u00e9n\u00e9rale \n \nMathilde MARMIER \n \n        Sign\u00e9 \nARS Bourgogne-Franche-Comt\u00e9 - 21-2025-11-14-00002 - Arr\u00eat\u00e9 ARSBFC/DCPT/2025-89 modifiant la liste des membres du conseil\nterritorial de sant\u00e9 de C\u00f4te d'Or 9\nDirection d\u00e9partementale de l'emploi, du travail\net des solidarit\u00e9s de C\u00f4te-d'Or\n21-2025-12-02-00002\nRAA d\u00e9cision de d\u00e9claration SAP jardifred\nDirection d\u00e9partementale de l'emploi, du travail et des solidarit\u00e9s de C\u00f4te-d'Or - 21-2025-12-02-00002 - RAA d\u00e9cision de d\u00e9claration\nSAP jardifred 10\n=mPREFETDELACOTE-D'ORLibert\u00e9Egalit\u00e9Fraternit\u00e9\nR\u00e9c\u00e9piss\u00e9 de d\u00e9clarationd'un organisme de services \u00e0 la personneenregistr\u00e9 sous le N\u00b0 SAP992090837Vu le code du travail et notamment les articles L.7231-1 \u00e0 L.7233-2, R.7232-16 \u00e0 R.7232-22,D.7231-1 et D.7233-1 a D.7233-5;Vu la demande de d\u00e9claration d\u00e9pos\u00e9e par l'organisme Jardifred, 6 Rue du Creusot21150 Grignon, le 24/11/25;Le pr\u00e9fet de C\u00f4te-d'OrConstate :Qu'une d\u00e9claration d'activit\u00e9s de services \u00e0 la personne a \u00e9t\u00e9 d\u00e9pos\u00e9e aupr\u00e8s du serviceinstructeur de C\u00f4te-d'Or, le 02/12/25 par Mme. Sage Fr\u00e9d\u00e9rique en qualit\u00e9 de dirigeante,pour l'organisme Jardifred dont l'\u00e9tablissement principal est situ\u00e9 6 Rue du Creusot 21150Grignon et enregistr\u00e9 sous le N\u00b0 SAP992090837 pour les activit\u00e9s suivantes :e Entretien de la maison et travaux m\u00e9nagers (mode d'intervention Prestataire)\u00a2 Petits travaux de jardinage (mode d'intervention Prestataire)\u00a2 Travaux de petit bricolage (mode d'intervention Prestataire)Toute modification concernant les activit\u00e9s exerc\u00e9es devra faire l'objet d'une d\u00e9clarationmodificative pr\u00e9alable.Sous r\u00e9serve d'\u00eatre exerc\u00e9es \u00e0 titre exclusif (ou sous r\u00e9serve d'une comptabilit\u00e9 s\u00e9par\u00e9e pourles personnes morales dispens\u00e9es de cette condition), ces activit\u00e9s ouvrent droit au b\u00e9n\u00e9ficedes dispositions des articles L. 7233-2 du code du travail et L.241-10 du code de la s\u00e9curit\u00e9sociale dans les conditions pr\u00e9vues par ces articles.Les effets de la d\u00e9claration courent \u00e0 compter du jour du d\u00e9p\u00f4t de la d\u00e9claration sousr\u00e9serve des dispositions de l'article R.7232-18 du code du travail. Le pr\u00e9sent r\u00e9c\u00e9piss\u00e9 n'estpas limit\u00e9 dans le temps. La d\u00e9claration a une port\u00e9e nationale.Le cas \u00e9ch\u00e9ant:En application des articles L.7232-1 et R.7232-1 \u00e0 R.7232-15, les activit\u00e9s n\u00e9cessitant unagr\u00e9ment (I de l'article D.7231-1 du code du travail) n'ouvrent droit \u00e0 ces dispositions que\nDirection D\u00e9partementale de l'Emploi, \ndu Travail et des Solidarit\u00e9s - DDETS \nDDETS 21, 6 Rue Chancelier de l'Hospital - 21000 DIJON  \nT\u00e9l. : 03 80 68 30 00 (Accueil) \nwww.cote-dor.gouv.fr \nAffaire suivie par Marie B\u00e9grand                          Dijon, le 02/12/2025     \nUnit\u00e9 Formation Emploi Insertion, \nT\u00e9l : 03 80 68 39 04 // 07 63 24 34 60 \nCourriel : marie.begrand@cote-dor.gouv.fr     Madame Fr\u00e9d\u00e9rique Sage \n          Jardifred \n          6 Rue du Creusot  \n          21150 Grignon \n                     \n \n \nDirection d\u00e9partementale de l'emploi, du travail et des solidarit\u00e9s de C\u00f4te-d'Or - 21-2025-12-02-00002 - RAA d\u00e9cision de d\u00e9claration\nSAP jardifred 11\nsi l'organisme a pr\u00e9alablement obtenu l'agr\u00e9ment ou le renouvellement de cet agr\u00e9mentdans le ou les d\u00e9partement(s) d'exercice de ses activit\u00e9s.De m\u00eame, en application de l'article D.312-6-2 du code de l'action sociale et des familles,les activit\u00e9s n\u00e9cessitant une autorisation n'ouvrent droit \u00e0 ces dispositions que sil'organisme a pr\u00e9alablement obtenu l'autorisation ou le renouvellement de cetteautorisation.L'enregistrement de la d\u00e9claration peut \u00eatre retir\u00e9 dans les conditions fix\u00e9es aux articlesR.7232-20 \u00e0 R.7232-22 du code du travail.Le pr\u00e9sent r\u00e9c\u00e9piss\u00e9 sera publi\u00e9 au recueil des actes administratifs de la pr\u00e9fecture.\nDDETS 21, 6 Rue Chancelier de l'Hospital - 21000 DIJON  \nT\u00e9l. : 03 80 68 30 00 (Accueil) \nwww.cote-dor.gouv.fr \n \n \nPour le Pr\u00e9fet de C\u00f4te d'Or \nEt par subd\u00e9l\u00e9gation de \nla Directrice D\u00e9partementale emp\u00each\u00e9e, \n   \nLa Responsable de l'Unit\u00e9, Formation, Emploi et Insertion, \nSign\u00e9 \n \nMarie BEGRAND \nDirection d\u00e9partementale de l'emploi, du travail et des solidarit\u00e9s de C\u00f4te-d'Or - 21-2025-12-02-00002 - RAA d\u00e9cision de d\u00e9claration\nSAP jardifred 12","date":"2025-12-05","first_seen_on":"2025-12-05T17:18:14+00:00","id":"718a55cb16b484e9677e63fc63d49b122a6e94a865fed1b5509222c3e6ba1747","name":"RAA n\u00b0 174 du 05 d\u00e9cembre 2025","pdf_creation_date":"2025-12-05T15:39:45+00:00","pdf_modification_date":"2025-12-05T15:44:41+00:00","timezone":"Europe/Paris","url":"https://www.cote-dor.gouv.fr/contenu/telechargement/25132/192466/file/recueil-21-2025-174-recueil-des-actes-administratifs-nominatifs.pdf"}
