{"administration":"pref69","administration_name":"Pr\u00e9fecture du Rh\u00f4ne","content":"PR\u00c9F\u00c8TE\nDU RH\u00d4NE\nRECUEIL DES ACTES\nADMINISTRATIFS SP\u00c9CIAL\nN\u00b069-2025-230\nPUBLI\u00c9 LE 11 SEPTEMBRE 2025\nSommaire\n69_DDETS_Direction d\u00e9partementale de l'emploi du travail et des\nsolidarit\u00e9s /\n69-2025-07-31-00007 - Arr\u00eat\u00e9 n\u00b0 DDETS-HIS-ISPL-2025-07-31-11 portant\nagr\u00e9ment de l'Association Villeurbannaise pour le Droit au Logement\n(AVDL) pour des activit\u00e9s d'interm\u00e9diation locative et de gestion\nlocative sociale (2 pages) Page 4\n69-2025-07-31-00006 - Arr\u00eat\u00e9 n\u00b0 DDETS-HIS-ISPL-2025-07-31-12 portant\nagr\u00e9ment de l'Association Villeurbannaise pour le Droit au Logement\n(AVDL) pour des activit\u00e9s d'ing\u00e9nierie sociale, financi\u00e8re et\ntechnique (2 pages) Page 7\n69_DDT_Direction d\u00e9partementale des territoires du Rh\u00f4ne /\n69-2025-09-09-00012 - Arr\u00eat\u00e9 pr\u00e9fectoral n\u00b0 DDT_SENR_2025 B 132\ndu 9 septembre 2025\nportant prescriptions particuli\u00e8res au titre de\nl'article L. 214-3 du code de l'environnement\nrelatif au projet\nd'effacement de l'\u00e9tang du Boulard sur la commune de\nCHAPONOST (9 pages) Page 10\n69-2025-09-09-00006 - Direction d\u00e9partementale\ndes\nterritoires\nArr\u00eat\u00e9 pr\u00e9fectoral n\u00b0 DDT - 2025-A19 du 9 septembre\n2025\nfixant les secteurs o\u00f9 la pr\u00e9sence du castor d'Eurasie et de la\nloutre d'Europe est av\u00e9r\u00e9e\ndans le d\u00e9partement du Rh\u00f4ne et la\nM\u00e9tropole de Lyon\npour la p\u00e9riode du 1er septembre 2025 au 31\nao\u00fbt 2026 (3 pages) Page 20\n69_Pr\u00e9f_Pr\u00e9fecture du Rh\u00f4ne /\n69-2025-09-01-00031 - RAA  AFFILIEES AU CDG69 AGENTS CONTRACTUELS\n01 (2 pages) Page 24\n69-2025-09-01-00030 - RAA - conseil discipline r\u00e9gion 01 (2 pages) Page 27\n69-2025-09-01-00029 - RAA COLLECTIVITES NON AFFILIEES AGENTS\nCONTRACTUELS  CDG Rh\u00f4ne 01 (1 page) Page 30\n69-2025-09-01-00033 - RAA CONSEIL DE DISCIPLINE S (1 page) Page 32\n69-2025-09-01-00032 - RAA CONSEIL DE DISCIPLINE Ville de Lyon 01 (1\npage) Page 34\n69-2025-09-01-00034 - RAA CONSEIL DISC COLLECT AGENT TITUL NON\nAFFILIEES CDG69 01 (1 page) Page 36\n69_Pr\u00e9f_Pr\u00e9fecture du Rh\u00f4ne / Direction de la Coordination des\nPolitiques Interminist\u00e9rielles\n69-2025-09-08-00008 - Arr\u00eat\u00e9 pr\u00e9fectoral portant d\u00e9l\u00e9gation de\nsignature \u00e0 M. Xavier CEREZA, directeur d\u00e9partemental des territoires\ndu Rh\u00f4ne (22 pages) Page 38\n2\n69-2025-09-08-00009 - Arr\u00eat\u00e9 pr\u00e9fectoral portant d\u00e9l\u00e9gation de\nsignature \u00e0 M. Xavier CEREZA, directeur d\u00e9partemental des territoires\ndu Rh\u00f4ne en mati\u00e8re d'ordonnancement secondaire et de march\u00e9s\npublics (5 pages) Page 61\n69-2025-09-08-00007 - Arr\u00eat\u00e9 pr\u00e9fectoral portant nomination du\nd\u00e9l\u00e9gu\u00e9 adjoint de l'Agence Nationale de l'Habitat et\nd\u00e9l\u00e9gation de signature \u00e0 l'un ou plusieurs de ses collaborateurs (5\npages) Page 67\n69_Pr\u00e9f_Pr\u00e9fecture du Rh\u00f4ne / Pr\u00e9fet d\u00e9l\u00e9gu\u00e9 pour la\nd\u00e9fense et la s\u00e9curit\u00e9\n69-2025-09-10-00001 - ARR\u00caT\u00c9 n\u00b02025 - 09 - 10 -\n0001\nautorisant la captation, l'enregistrement et la\ntransmission\nd'images au moyen de cam\u00e9ras install\u00e9es sur un\na\u00e9ronef le mercredi 10 septembre 2025 \u00e0 Lyon (3 pages) Page 73\n69-2025-09-09-00008 - Arr\u00eat\u00e9 n\u00b02025-09-09-000- autorisant la\ncaptation, l'enregistrement et la transmission d'images au moyen de\ncam\u00e9ras install\u00e9es sur un a\u00e9ronef le mercredi 10 septembre 2025 \u00e0\nLyon (3 pages) Page 77\n69-2025-09-09-00007 - Arr\u00eat\u00e9 n\u00b02025-09-09-0004 autorisant la\ncaptation, l'enregistrement et la transmission d'images au moyen de\ncam\u00e9ras install\u00e9es sur un a\u00e9ronef le mercredi 10 septembre 2025 \u00e0\nLyon et \u00e0 la Mulati\u00e8re  (3 pages) Page 81\n69-2025-09-09-00010 - Arr\u00eat\u00e9 n\u00b02025-09-09-0005 autorisant la\ncaptation, l'enregistrement, et la transmission d'images au moyen de\ncam\u00e9ras install\u00e9es sur un a\u00e9ronef le mercredi 10 septembre 2025 et\nle jeudi 11 septembre 2025 \u00e0 Sathonay-Camp (3 pages) Page 85\n69-2025-09-09-00009 - Arr\u00eat\u00e9 n\u00b02025-09-09-007 autorisant la\ncaptation, l'enregistrement et la transmission d'images au moyen de\ncam\u00e9ras install\u00e9es sur un a\u00e9ronef le mercredi 10 et le jeudi 11\nseptembre \u00e0 Lyon (4 pages) Page 89\n69-2025-09-09-00011 - Arr\u00eat\u00e9 pr\u00e9fectoral n\u00b02025-09-09-0008 portant\ninterdiction de rassemblement dans un p\u00e9rim\u00e8tre d\u00e9fini \u00e0 Lyon le\nmercredi 10 septembre 2025 \u00e0 Lyon 3\u00e8me (5 pages) Page 94\n69_SDMIS_Service d\u00e9partemental et m\u00e9tropolitain d'incendie et de\nsecours /\n69-2025-08-13-00005 - AP N\u00b02025 53\nSDMIS-Conformit\u00e9-CTS-C-069-2025-002-E38300726-Mr Fr\u00e9d\u00e9ric\nCORNERO -Rue du docteur PUJOL - 13110 PORT BOUC- ANNULE ET\nREMPLACE LA PARUTION 69-025-08-13-00003 du 09-09-2025 (2 pages) Page 100\n69-2025-08-13-00006 - AP N\u00b02025 54 SDMIS-Conformit\u00e9-CTS\n-C-069-2025-003-E38E38300727-Mr Corenthin DEMARTHE-11 rue Jean\nMoulin - 69300 CALUIRE ET CUIRE-ANNULE ET REMPLACE LA PARUTION\n69-025-08-13-00004 du 09-09-2025 (3 pages) Page 103\n3\n69_DDETS_Direction d\u00e9partementale de\nl'emploi du travail et des solidarit\u00e9s\n69-2025-07-31-00007\nArr\u00eat\u00e9 n\u00b0 DDETS-HIS-ISPL-2025-07-31-11 portant\nagr\u00e9ment de l'Association Villeurbannaise pour\nle Droit au Logement (AVDL) pour des activit\u00e9s\nd'interm\u00e9diation locative et de gestion locative\nsociale\n69_DDETS_Direction d\u00e9partementale de l'emploi du travail et des solidarit\u00e9s - 69-2025-07-31-00007 - Arr\u00eat\u00e9 n\u00b0\nDDETS-HIS-ISPL-2025-07-31-11 portant agr\u00e9ment de l'Association Villeurbannaise pour le Droit au Logement (AVDL) pour des activit\u00e9s\nd'interm\u00e9diation locative et de gestion locative sociale\n4\nEsPREFETEDU RHONELibert\u00e9Egalit\u00e9Fraternit\u00e9\nDIRECTION D\u00c9PARTEMENTALE DE L'EMPLOI, DU TRAVAIL ET DES \nSOLIDARIT\u00c9S\nPOLE\n H\u00c9BERGEMENT ET INCLUSION SOCIALE\nSERVICE INSERTION SOCIALE ET PARCOURS VERS LE LOGEMENT\nArr\u00eat\u00e9 n\u00b0 DDETS-HIS-ISPL-2025-07-31-11\nPortant agr\u00e9ment de l'Association Villeurbannaise pour le Droit \nau Logement \nau titre de l'article L365-4 du code de la construction et de \nl'habitation\nLa Pr\u00e9f\u00e8te de la r\u00e9gion Auvergne- Rh\u00f4ne-Alpes,\nPr\u00e9f\u00e8te de la zone de d\u00e9fense et de s\u00e9curit\u00e9 Sud-Est,\nPr\u00e9f\u00e8te du Rh\u00f4ne\nCommandeur de la l\u00e9gion d'honneur\nCommandeur de l'ordre national du m\u00e9rite\nVU la  loi  n\u00b0  2009-323  du  25  mars  2009  de  mobilisation pour  le  logement  et  de  lutte  contre\nl'exclusion,\nVU le code de la construction et de l'habitation et n otamment l'article L365-4 et l'article R365-1-3\u00b0\ndans sa r\u00e9daction issue du d\u00e9cret n\u00b02010-398 du 22 avril 2010 \u2013 art.1,\nVU le d\u00e9cret n\u00b02009-1684 du 30 d\u00e9cembre 2009 relatif aux agr\u00e9ments des organismes exer\u00e7ant des\nactivit\u00e9s en faveur du logement et de l'h\u00e9bergement des personnes d\u00e9favoris\u00e9es,\nVU la circulaire du 6 septembre 2010 relative aux agr \u00e9ments des organismes agissant en faveur du\nlogement et de l'h\u00e9bergement des personnes d\u00e9favoris\u00e9es,\nVU le dossier transmis le 19 mai 2025 par le repr\u00e9sen tant l\u00e9gal de l'Association Villeurbannaise pour\nle Droit au Logement, sise  277 rue du 4 ao\u00fbt \u00e0 VILL EURBANNE (69100), et d\u00e9clar\u00e9 complet le\n26 juin 2025,\nSUR proposition de Monsieur le directeur d\u00e9partemental de l'emploi, du travail et des solidarit\u00e9s,\n\u2026/\u2026\n                         DDETS   8/10 rue du Nord  69625 VILLEURBANNE cedex\n69_DDETS_Direction d\u00e9partementale de l'emploi du travail et des solidarit\u00e9s - 69-2025-07-31-00007 - Arr\u00eat\u00e9 n\u00b0\nDDETS-HIS-ISPL-2025-07-31-11 portant agr\u00e9ment de l'Association Villeurbannaise pour le Droit au Logement (AVDL) pour des activit\u00e9s\nd'interm\u00e9diation locative et de gestion locative sociale\n5\nARRETE\nArticle 1  e  r : \nL'organisme  \u00e0  gestion  d\u00e9sint\u00e9ress\u00e9e,  d\u00e9nomm\u00e9  Association  Villeurbannaise  pour  le  Droit  au\nLogement (AVDL), association de loi 1901,  est agr\u00e9\u00e9 au titre de l'article R365-1-3\u00b0 du code de la\nconstruction et de l'habitation pour les activit\u00e9s d'interm\u00e9diation locative et de gestion locative sociale\nmentionn\u00e9es ci-apr\u00e8s :\n1. la location de logements en vue de leur sous-loca tion aupr\u00e8s d'un organisme agr\u00e9\u00e9 pour\nson activit\u00e9 de ma\u00eetrise d'ouvrage ou d'un organisme HLM\n2. la location de logements en vue de leur sous-loca tion aupr\u00e8s de bailleurs autres que des\norganismes HLM : il s'agit notamment des bailleurs priv\u00e9s, personnes physiques ou\nmorales, des soci\u00e9t\u00e9s d'\u00e9conomie mixte et des collectivit\u00e9s locales\nArticle 2 : \nL'agr\u00e9ment est d\u00e9livr\u00e9 pour une dur\u00e9e de 5 ans reno uvelable et est valable dans le d\u00e9partement du\nRh\u00f4ne  et  la  M\u00e9tropole  de  Lyon.  L'agr\u00e9ment  peut  \u00eatre  retir\u00e9  \u00e0  tout  moment  par  l'autorit\u00e9\nadministrative comp\u00e9tente si l'organisme ne satisfa it plus aux conditions de d\u00e9livrance de l'agr\u00e9ment\nou s'il est constat\u00e9 un manquement grave ou r\u00e9p\u00e9t\u00e9 \u00e0 ses obligations. \nLe retrait est prononc\u00e9 apr\u00e8s avoir mis les dirigea nts de l'organisme en mesure de pr\u00e9senter leurs\nobservations.\nArticle 3\n : \nUn compte-rendu de l'activit\u00e9 concern\u00e9e et les comp tes financiers de l'organisme seront adress\u00e9s\nannuellement \u00e0 l'autorit\u00e9 administrative comp\u00e9tente qui a d\u00e9livr\u00e9 l'agr\u00e9ment.\nCette derni\u00e8re peut \u00e0 tout moment contr\u00f4ler les con ditions d'exercice de l'activit\u00e9 de l'organisme.\nToute modification statutaire est notifi\u00e9e sans d\u00e9lai \u00e0 l'autorit\u00e9 administrative.\nArticle 4 : \nLe pr\u00e9sent arr\u00eat\u00e9 peut faire l'objet d'un recours d evant le Tribunal Administratif de Lyon sis, 184, rue\nDuguesclin \u2013 69433 LYON Cedex 3 - dans les deux moi s suivant sa publication au recueil des actes\nadministratifs de la Pr\u00e9fecture du Rh\u00f4ne.\nLe tribunal administratif peut \u00eatre saisi d'une requ\u00eate d\u00e9pos\u00e9e sur le site \nwww.telerecours.fr.\nLe m\u00eame recours peut \u00eatre exerc\u00e9 par l'association gestionnaire dans le d\u00e9lai de deux mois \u00e0 compter\nde la notification du pr\u00e9sent arr\u00eat\u00e9.\nArticle 5\n : \nLa pr\u00e9f\u00e8te, secr\u00e9taire g\u00e9n\u00e9rale de la Pr\u00e9fecture, p r\u00e9f\u00e8te d\u00e9l\u00e9gu\u00e9e pour l'\u00e9galit\u00e9 des chances, et le\ndirecteur d\u00e9partemental de l'emploi, du travail et des solidarit\u00e9s sont en charge, chacun en ce qui le s\nconcerne, de l'ex\u00e9cution du pr\u00e9sent arr\u00eat\u00e9 qui sera  publi\u00e9 au recueil des actes administratifs de la\nPr\u00e9fecture.\nFait \u00e0 Lyon, le 31/07/2025\nLa pr\u00e9f\u00e8te, \nLa sous-pr\u00e9f\u00e8te\nSecr\u00e9taire g\u00e9n\u00e9rale adjointe\nJudith HUSSON\n69_DDETS_Direction d\u00e9partementale de l'emploi du travail et des solidarit\u00e9s - 69-2025-07-31-00007 - Arr\u00eat\u00e9 n\u00b0\nDDETS-HIS-ISPL-2025-07-31-11 portant agr\u00e9ment de l'Association Villeurbannaise pour le Droit au Logement (AVDL) pour des activit\u00e9s\nd'interm\u00e9diation locative et de gestion locative sociale\n6\n69_DDETS_Direction d\u00e9partementale de\nl'emploi du travail et des solidarit\u00e9s\n69-2025-07-31-00006\nArr\u00eat\u00e9 n\u00b0 DDETS-HIS-ISPL-2025-07-31-12 portant\nagr\u00e9ment de l'Association Villeurbannaise pour\nle Droit au Logement (AVDL) pour des activit\u00e9s\nd'ing\u00e9nierie sociale, financi\u00e8re et technique\n69_DDETS_Direction d\u00e9partementale de l'emploi du travail et des solidarit\u00e9s - 69-2025-07-31-00006 - Arr\u00eat\u00e9 n\u00b0\nDDETS-HIS-ISPL-2025-07-31-12 portant agr\u00e9ment de l'Association Villeurbannaise pour le Droit au Logement (AVDL) pour des activit\u00e9s\nd'ing\u00e9nierie sociale, financi\u00e8re et technique\n7\nzsPREFETEDU RHONELibert\u00e9Egalit\u00e9Fraternit\u00e9\nDIRECTION D\u00c9PARTEMENTALE DE L'EMPLOI, DU TRAVAIL ET DES \nSOLIDARIT\u00c9S\nPOLE\n H\u00c9BERGEMENT ET INCLUSION SOCIALE\nSERVICE INSERTION SOCIALE ET PARCOURS VERS LE LOGEMENT\nArr\u00eat\u00e9 n\u00b0 DDETS-HIS-ISPL-2025-07-31-12\nPortant agr\u00e9ment de l'Association Villeurbannaise pour le Droit \nau Logement \nau titre de l'article L365-3 du code de la construction et de \nl'habitation\nLa Pr\u00e9f\u00e8te de la r\u00e9gion Auvergne- Rh\u00f4ne-Alpes,\nPr\u00e9f\u00e8te de la zone de d\u00e9fense et de s\u00e9curit\u00e9 Sud-Est,\nPr\u00e9f\u00e8te du Rh\u00f4ne\nCommandeur de la l\u00e9gion d'honneur\nCommandeur de l'ordre national du m\u00e9rite\nVU la  loi  n\u00b0  2009-323  du  25  mars  2009  de  mobilisation pour  le  logement  et  de  lutte  contre\nl'exclusion,\nVU le code de la construction et de l'habitation et n otamment l'article L365-3 et l'article R365-1-2\u00b0\ndans sa r\u00e9daction issue du d\u00e9cret n\u00b02010-398 du 22 avril 2010 \u2013 art.1,\nVU le d\u00e9cret n\u00b0 2009-1684 du 30 d\u00e9cembre 2009 relatif  aux agr\u00e9ments des organismes exer\u00e7ant des\nactivit\u00e9s en faveur du logement et de l'h\u00e9bergement des personnes d\u00e9favoris\u00e9es,\nVU la circulaire du 6 septembre 2010 relative aux agr \u00e9ments des organismes agissant en faveur du\nlogement et de l'h\u00e9bergement des personnes d\u00e9favoris\u00e9es,\nVU le dossier transmis le 19 mai 2025 par le repr\u00e9sen tant l\u00e9gal de l'Association Villeurbannaise pour le\nDroit  au  Logement,  sise  277  rue  du  4  ao\u00fbt  \u00e0  VILLEURBANNE  (69100),  et  d\u00e9clar\u00e9  complet  le\n26 juin 2025,\nSUR proposition de Monsieur le directeur d\u00e9partemental de l'emploi, du travail et des solidarit\u00e9s,\n.../ \u2026\n                    DDETS   8/10 rue du Nord  69625 VILLEURBANNE cedex\n69_DDETS_Direction d\u00e9partementale de l'emploi du travail et des solidarit\u00e9s - 69-2025-07-31-00006 - Arr\u00eat\u00e9 n\u00b0\nDDETS-HIS-ISPL-2025-07-31-12 portant agr\u00e9ment de l'Association Villeurbannaise pour le Droit au Logement (AVDL) pour des activit\u00e9s\nd'ing\u00e9nierie sociale, financi\u00e8re et technique\n8\nARRETE\nArticle 1  e  r : \nL'organisme \u00e0 gestion d\u00e9sint\u00e9ress\u00e9e, d\u00e9nomm\u00e9 Associ ation Villeurbannaise pour le Droit au Logement\n(AVDL), association de loi 1901, est agr\u00e9\u00e9 au titre de l'article R365-1-2\u00b0 du code de la construction et\nde  l'habitation,  pour  les  activit\u00e9s  d'ing\u00e9nierie  sociale,  financi\u00e8re  et  technique  mentionn\u00e9es  ci-\ndessous : \n1. les activit\u00e9s d'accueil, de conseils, d'assistance (assistance \u00e0 ma\u00eetrise d'ouvrage avec ou\nsans mission technique, ma\u00eetrise d'\u0153uvre) pour l'am \u00e9lioration ou l'adaptation de l'habitat\nconduites en faveur des personnes d\u00e9favoris\u00e9es ou des personnes \u00e2g\u00e9es et handicap\u00e9es\n2. l'accompagnement social des personnes pour favoriser leur acc\u00e8s ou leur maintien dans le\nlogement\n3. l'assistance  des  requ\u00e9rants  dans  les  proc\u00e9dures  du  droit  au  logement  opposable\n   devant les commissions de m\u00e9diation ou les tribunaux administratifs\n4. la recherche de logements adapt\u00e9s\n5. la participation aux r\u00e9unions des commissions d'a ttribution HLM\nArticle 2 : \nL'agr\u00e9ment est d\u00e9livr\u00e9 pour une dur\u00e9e de 5 ans reno uvelable  et est valable dans le d\u00e9partement du\nRh\u00f4ne  et  la  M\u00e9tropole  de  Lyon.  L'agr\u00e9ment  peut  \u00eatre retir\u00e9  \u00e0  tout  moment  par  l'autorit\u00e9\nadministrative comp\u00e9tente si l'organisme ne satisfa it plus aux conditions de d\u00e9livrance de l'agr\u00e9ment\nou s'il est constat\u00e9 un manquement grave ou r\u00e9p\u00e9t\u00e9 \u00e0 ses obligations. \nLe retrait est prononc\u00e9 apr\u00e8s avoir mis les dirigea nts de l'organisme en mesure de pr\u00e9senter leurs\nobservations.\nArticle 3\n : \nUn compte-rendu de l'activit\u00e9 concern\u00e9e et les comp tes financiers de l'organisme seront adress\u00e9s\nannuellement \u00e0 l'autorit\u00e9 administrative comp\u00e9tente qui a d\u00e9livr\u00e9 l'agr\u00e9ment.\nCette derni\u00e8re peut \u00e0 tout moment contr\u00f4ler les con ditions d'exercice de l'activit\u00e9 de l'organisme.\nToute modification statutaire est notifi\u00e9e sans d\u00e9lai \u00e0 l'autorit\u00e9 administrative.\nArticle 4 : \nLe pr\u00e9sent arr\u00eat\u00e9 peut faire l'objet d'un recours d evant le Tribunal Administratif de Lyon sis, 184, rue\nDuguesclin \u2013 69433 LYON Cedex 3 - dans les deux moi s suivant sa publication au recueil des actes\nadministratifs de la Pr\u00e9fecture du Rh\u00f4ne.\nLe tribunal administratif peut \u00eatre saisi d'une requ\u00eate d\u00e9pos\u00e9e sur le site www.telerecours.fr.\nLe m\u00eame recours peut \u00eatre exerc\u00e9 par l'association gestionnaire dans le d\u00e9lai de deux mois \u00e0 compter\nde la notification du pr\u00e9sent arr\u00eat\u00e9.\nArticle 5\n : \nLa pr\u00e9f\u00e8te, secr\u00e9taire g\u00e9n\u00e9rale de la Pr\u00e9fecture, p r\u00e9f\u00e8te d\u00e9l\u00e9gu\u00e9e pour l'\u00e9galit\u00e9 des chances, et le d irecteur\nd\u00e9partemental de l'emploi, du travail et des solidarit\u00e9s, sont en charge, chacun en ce qui les concerne, de\nl'ex\u00e9cution du pr\u00e9sent arr\u00eat\u00e9 qui sera publi\u00e9 au recueil des actes administratifs de la Pr\u00e9fecture.\nFait \u00e0 Lyon, le 31/07/2025\nLa pr\u00e9f\u00e8te, \nLa sous-pr\u00e9f\u00e8te\nSecr\u00e9taire g\u00e9n\u00e9rale adjointe\nJudith HUSSON\n69_DDETS_Direction d\u00e9partementale de l'emploi du travail et des solidarit\u00e9s - 69-2025-07-31-00006 - Arr\u00eat\u00e9 n\u00b0\nDDETS-HIS-ISPL-2025-07-31-12 portant agr\u00e9ment de l'Association Villeurbannaise pour le Droit au Logement (AVDL) pour des activit\u00e9s\nd'ing\u00e9nierie sociale, financi\u00e8re et technique\n9\n69_DDT_Direction d\u00e9partementale des\nterritoires du Rh\u00f4ne\n69-2025-09-09-00012\nArr\u00eat\u00e9 pr\u00e9fectoral n\u00b0 DDT_SENR_2025 B 132 du\n9 septembre 2025\nportant prescriptions particuli\u00e8res au titre de\nl'article L. 214-3 du code de l'environnement\nrelatif au projet d'effacement de l'\u00e9tang du\nBoulard sur la commune de CHAPONOST\n69_DDT_Direction d\u00e9partementale des territoires du Rh\u00f4ne - 69-2025-09-09-00012 - Arr\u00eat\u00e9 pr\u00e9fectoral n\u00b0 DDT_SENR_2025 B 132 du 9\nseptembre 2025\nportant prescriptions particuli\u00e8res au titre de l'article L. 214-3 du code de l'environnement\nrelatif au projet d'effacement de l'\u00e9tang du Boulard sur la commune de CHAPONOST\n10\neaPREFETEDU RHONELibert\u00e9Egalit\u00e9Fraternit\u00e9\nDirection d\u00e9partementale\ndes territoires\nArr\u00eat\u00e9 pr\u00e9fectoral n\u00b0 DDT_SENR_2025 B 132 du 9 septembre 2025                 \nportant prescriptions particuli\u00e8res au titre de l'article L. 214-3 du code de l'environnement\nrelatif au projet d'effacement de l'\u00e9tang du Boulard sur la commune de CHAPONOST\nLa Pr\u00e9f\u00e8te de la R\u00e9gion Auvergne-Rh\u00f4ne-Alpes,\nPr\u00e9f\u00e8te de la Zone de d\u00e9fense et de s\u00e9curit\u00e9 Sud-Est,\nPr\u00e9f\u00e8te du Rh\u00f4ne,\nCommandeur de la L\u00e9gion d'honneur,\nCommandeur de l'ordre national du M\u00e9rite,\nVU le code de l'environnement \u2013 Livre II \u2013 Titre 1er et notamment les articles L. 214-1 \u00e0 L. 214-6, R. 214-32\n\u00e0 R. 214-40-3,\nVU le d\u00e9cret n\u00b0 2004-374 du 29 avril 2004 modifi\u00e9 relatif aux pouvoirs des Pr\u00e9fets, \u00e0 l'organisation et \u00e0\nl'action des services de l'\u00c9tat dans les r\u00e9gions et les d\u00e9partements,\nVU le d\u00e9cret du 11 janvier 2023 en conseil des Ministres portant nomination de Madame Fabienne\nBUCCIO en qualit\u00e9 de Pr\u00e9f\u00e8te de la r\u00e9gion Auvergne-Rh\u00f4ne-Alpes, Pr\u00e9f\u00e8te de la zone de d\u00e9fense et de\ns\u00e9curit\u00e9 Sud-Est, Pr\u00e9f\u00e8te du Rh\u00f4ne (hors classe),\nVU l'arr\u00eat\u00e9 du 21 mars 2022 portant approbation du Sch\u00e9ma Directeur d'Am\u00e9nagement et de Gestion\ndes Eaux (SDAGE) 2022-2027 du bassin Rh\u00f4ne-M\u00e9diterran\u00e9e,\nVU la d\u00e9lib\u00e9ration du 11 avril 2024 du Syndicat de Mise en Valeur d'Am\u00e9nagement et de Gestion du\nbassin versant du Garon (SMAGGA) approuvant le Projet de Territoire pour la Gestion de l'Eau (PTGE)\nGaron 2024-2029,\nVU l'arr\u00eat\u00e9 du 30 juin 2020 d\u00e9finissant les travaux de restauration des fonctionnalit\u00e9s naturelles des\nmilieux aquatiques relevant de la rubrique 3.3.5.0 de la nomenclature annex\u00e9e \u00e0 l'article R. 214-1 du\ncode de l'environnement,\nVU l'arr\u00eat\u00e9 pr\u00e9fectoral n\u00b0 69-2024-07-25-00004 du 25 juillet 2024 portant d\u00e9l\u00e9gation de signature \u00e0\nMonsieur Xavier CEREZA, Directeur d\u00e9partemental des territoires du Rh\u00f4ne,\nVU le  dossier  de  d\u00e9claration  au  titre  de  l'article  L.  214- 3  du  code  de  l'environnement d\u00e9pos\u00e9\nle 15 avril 2025 par le Syndicat de Mise en Valeur d'Am\u00e9nagement et de Gestion du bassin versant du\nGaron (SMAGGA), b\u00e9n\u00e9ficiaire de l'autorisation administrative,  enregistr\u00e9 sous le num\u00e9ro  0100290123,\nportant  sur  le  projet  d'effacement  de  l'\u00e9tang  du  Boulard,  IDPE 609,  situ\u00e9  sur  la  commune  de\nCHAPONOST, relevant des \u00ab installations, ouvrages, travaux, activit\u00e9s \u00bb (IOTA) au titre de l'article R. 214-\n1 du code de l'environnement, rubrique 3.3.5.0 sous le r\u00e9gime de la d\u00e9claration,\nVU l'accus\u00e9 de r\u00e9ception, en date du 15 avril 2025, du dossier de d\u00e9claration au titre de l'article L. 214-3\ndu code de l'environnement,\nVU l'avis de la F\u00e9d\u00e9ration de p\u00eache du 14 mai 2025, \n1/9\n69_DDT_Direction d\u00e9partementale des territoires du Rh\u00f4ne - 69-2025-09-09-00012 - Arr\u00eat\u00e9 pr\u00e9fectoral n\u00b0 DDT_SENR_2025 B 132 du 9\nseptembre 2025\nportant prescriptions particuli\u00e8res au titre de l'article L. 214-3 du code de l'environnement\nrelatif au projet d'effacement de l'\u00e9tang du Boulard sur la commune de CHAPONOST\n11\nVU l'avis de la Direction R\u00e9gionale de l'Environnement, de l'Am\u00e9nagement et du Logement (DREAL)\nAuvergne-Rh\u00f4ne-Alpes du 15 mai 2025,\nVU les pi\u00e8ces compl\u00e9mentaires au dossier de d\u00e9claration d\u00e9pos\u00e9es en date du 24 juin 2025,\nVU l'absence d'observations du SMAGGA sur le projet d'arr\u00eat\u00e9 pr\u00e9fectoral transmis le 28 ao\u00fbt 2025,\nCONSID\u00c9RANT que le Syndicat de Mise en Valeur d'Am\u00e9nagement et de Gestion du bassin versant du\nGaron (SMAGGA) est comp\u00e9tent pour la pr\u00e9servation des milieux aquatiques et de la gestion de la\nressource en eau sur le bassin versant du Garon,\nCONSID\u00c9RANT que le projet consiste en l'effacement de l'\u00e9tang du Boulard, IDPE 609, situ\u00e9 sur la\ncommune de CHAPONOST,\nCONSID\u00c9RANT que l'\u00e9tang du Boulard est situ\u00e9 en travers de deux cours d'eau, le Merdanson de\nCHAPONOST et le ruisseau la Chavanerie,\nCONSID\u00c9RANT que le projet aura lieu en deux phases,\nCONSID\u00c9RANT que la premi\u00e8re phase du projet consiste \u00e0 vidanger le plan d'eau et \u00e0 d\u00e9river les deux\ncours d'eau pour permettre l'ass\u00e8chement des s\u00e9diments de la retenue et de la zone \u00e0 restaurer,\nCONSID\u00c9RANT  que la seconde phase du projet  consiste en la r\u00e9alisation des terrassements et  la\nrenaturation du site,\nCONSID\u00c9RANT que le projet d'effacement a pour objectif la restauration \u00e9cologique du Merdanson et\ndu ruisseau la Chavanerie,\nCONSID\u00c9RANT que le projet n'aggrave pas l'al\u00e9a inondation,\nCONSID\u00c9RANT que le projet est compatible avec les objectifs du SDAGE Rh\u00f4ne-M\u00e9diterran\u00e9e,\nCONSID\u00c9RANT que les dispositions pr\u00e9vues  dans le dossier  et les prescriptions techniques impos\u00e9es\npar le pr\u00e9sent arr\u00eat\u00e9 sont de nature \u00e0 pr\u00e9venir les nuisances et r\u00e9duire les impacts quantitatifs et\nqualitatifs sur le milieu aquatique,\nCONSID\u00c9RANT que l'ex\u00e9cution de l'ensemble des mesures pr\u00e9cit\u00e9es est suffisante pour garantir les\nint\u00e9r\u00eats mentionn\u00e9s \u00e0 l'article L. 211-1 du code de l'environnement et qu'il y a lieu de faire application\nde l'article L. 214-3 du m\u00eame code,\nSur proposition du directeur d\u00e9partemental des territoires du Rh\u00f4ne\nARR\u00caTE\nTITRE I \u2013 OBJET DE LA D\u00c9CLARATION\nArticle     1   : Objet et b\u00e9n\u00e9ficiaire de la d\u00e9claration\nIl est donn\u00e9 acte au Syndicat de Mise en Valeur, d'Am\u00e9nagement et de Gestion du bassin versant du\nGaron (SMAGGA), sise 262 rue Barth\u00e9lemy Thimmonier \u2013 69530 BRIGNAIS, de sa d\u00e9claration au titre de\nl'article L. 214-3 du code de l'environnement relative au projet d'effacement de l'\u00e9tang du Boulard sur la\ncommune de CHAPONOST, sous r\u00e9serve du respect des prescriptions d\u00e9finies par le pr\u00e9sent arr\u00eat\u00e9 et\ndans les conditions du dossier d\u00e9pos\u00e9.\nL'\u00e9tang du Boulard, r\u00e9f\u00e9renc\u00e9 sous le num\u00e9ro IDPE 609, est situ\u00e9 sur la commune de CHAPONOST, au\nlieu-dit \u00ab Les Palisses \u00bb, parcelle cadastrale AR 0354, propri\u00e9t\u00e9 de la commune de CHAPONOST.\n2/9\n69_DDT_Direction d\u00e9partementale des territoires du Rh\u00f4ne - 69-2025-09-09-00012 - Arr\u00eat\u00e9 pr\u00e9fectoral n\u00b0 DDT_SENR_2025 B 132 du 9\nseptembre 2025\nportant prescriptions particuli\u00e8res au titre de l'article L. 214-3 du code de l'environnement\nrelatif au projet d'effacement de l'\u00e9tang du Boulard sur la commune de CHAPONOST\n12\nCes travaux rentrent dans la nomenclature des op\u00e9rations soumises \u00e0 d\u00e9claration au titre de l'article\nL. 214-3  du  code  de  l'environnement.  La  rubrique  du  tableau  de  l'article  R.  214-1  du  code  de\nl'environnement concern\u00e9e est la suivante :\nRubrique\nIntitul\u00e9 R\u00e9gime Arr\u00eat\u00e9  de  prescriptions\ng\u00e9n\u00e9rales applicable\n3.3.5.0 Travaux  mentionn\u00e9s  ci-apr\u00e8s  ayant\nuniquement pour objet la restauration des\nfonctionnalit\u00e9s  naturelles  des  milieux\naquatiques,  y  compris  les  ouvrages\nn\u00e9cessaires \u00e0 la r\u00e9alisation de cet objectif :\n1\u00b0  Arasement  ou  d\u00e9rasement  d'ouvrages\nrelevant  de  la  pr\u00e9sente  nomenclature,\nnotamment de son titre III, lorsque :\na) Ils sont implant\u00e9s dans le lit mineur des\ncours  d'eau,  sauf  s'il  s'agit  de  barrages\nclass\u00e9s en application de l'article R. 214-112\n;\n[..]\n2\u00b0 Autres travaux :\n[..]\nc)  Mise  en  d\u00e9rivation  ou  suppression\nd'\u00e9tangs ;\nd)  Rev\u00e9g\u00e9talisation  des  berges  ou\nreprofilage  am\u00e9liorant  leurs\nfonctionnalit\u00e9s naturelles ;\ne)  Rem\u00e9andrage  ou  restauration  d'une\ng\u00e9om\u00e9trie  plus  fonctionnelle  du  lit  du\ncours d'eau ;\n[..]\nLa  pr\u00e9sente  rubrique  est  exclusive  des\nautres rubriques de la nomenclature. \nD\u00e9claration Arr\u00eat\u00e9  du  30  juin  2020\nd\u00e9finissant  les  travaux  de\nrestauration  des\nfonctionnalit\u00e9s  naturelles\ndes  milieux  aquatiques\nrelevant  de  la  rubrique\n3.3.5.0 de la nomenclature\nannex\u00e9e \u00e0 l'article R. 214-1\ndu  code  de\nl'environnement\nTITRE II \u2013 DESCRIPTION DES TRAVAUX ET PHASAGE DU PROJET\nArticle 2 : Phase 1 \u2013 Vidange du plan d'eau, mise en d\u00e9rivation des cours d'eau du Merdanson et de la\nChavanerie\nLa premi\u00e8re phase  du  projet  consiste  en la vidange compl\u00e8te  de la retenue pendant  14  jours  en\nseptembre 2025  et  \u00e0 la mise en d\u00e9rivation des cours  d'eau du Merdanson et  de la Chavanerie \u00e0\nl'automne 2025 pour mettre hors d'eau la zone de travaux (voir annexe 1). Le plan d'eau est maintenu\nhors d'eau pendant plusieurs mois afin de permettre le ressuyage des s\u00e9diments et vases avant la\ndeuxi\u00e8me phase d'am\u00e9nagement.\nLa vidange se fait d'abord par l'\u00e9vacuateur de crue situ\u00e9 en rive gauche du plan d'eau puis par syst\u00e8me\nde pompage avec rejet des eaux pomp\u00e9es dans le milieu naturel au niveau de l'\u00e9vacuateur de crue situ\u00e9\nen rive droite du plan d'eau.\nLa mise en d\u00e9rivation du ruisseau de la Chavanerie s'effectue dans une canalisation install\u00e9e en rive\ngauche du plan d'eau. La mise en d\u00e9rivation du Merdanson s'effectue avec un chenal de d\u00e9rivation\nconnect\u00e9 au niveau de l'\u00e9vacuateur  de crue situ\u00e9 en rive droite de la digue.  Les  d\u00e9rivations sont\ndimensionn\u00e9es pour un d\u00e9bit \u00e9quivalent \u00e0 celui d'une crue d\u00e9cennale. Un d\u00e9versoir est am\u00e9nag\u00e9 \u00e0\nl'entr\u00e9e des d\u00e9rivations pour rediriger les eaux vers l'\u00e9tang en cas de crue sup\u00e9rieure.\n3/9\n69_DDT_Direction d\u00e9partementale des territoires du Rh\u00f4ne - 69-2025-09-09-00012 - Arr\u00eat\u00e9 pr\u00e9fectoral n\u00b0 DDT_SENR_2025 B 132 du 9\nseptembre 2025\nportant prescriptions particuli\u00e8res au titre de l'article L. 214-3 du code de l'environnement\nrelatif au projet d'effacement de l'\u00e9tang du Boulard sur la commune de CHAPONOST\n13\nArticle 3 : Phase 2 \u2013 Effacement du plan d'eau, restauration \u00e9cologique des cours d'eau du Merdanson\net de la Chavanerie et restauration d'un milieu humide\nLa seconde phase du projet consiste \u00e0 :\n- D\u00e9manteler la digue et ses ouvrages associ\u00e9es (ouvrage b\u00e9ton, vannage, grilles, etc.), tout en\nmaintenant un cheminement pi\u00e9ton,\n- R\u00e9aliser  les  terrassements  dans  un  objectif  de  restauration  \u00e9cologique  des  cours  d'eau  du\nMerdanson et de la Chavanerie et d'un milieu humide en lieu et place du plan d'eau existant (voir\nannexe 2). Un lit d'\u00e9tiage et des m\u00e9andres sont fa\u00e7onn\u00e9s pour restaurer le lit du cours d'eau. Le\nterrain est remodel\u00e9 pour cr\u00e9er un milieu humide ennoy\u00e9 pour les crues fr\u00e9quentes et pr\u00e9sentant\ndes d\u00e9pressions et mares fr\u00e9quemment en eau. Le site est rev\u00e9g\u00e9talis\u00e9 dans l'objectif de recr\u00e9er\nun milieu fonctionnel et diversifi\u00e9,\n- Cr\u00e9er ou modifier des ouvrages hydrauliques :\n- Au niveau du passage \u00e0 gu\u00e9 \u00e0 l'amont  de l'\u00e9tang,  une carapace  b\u00e9ton prot\u00e8ge une\nconduite  d'eaux  us\u00e9es  en  b\u00e9ton  de  diam\u00e8tre  400  mm.  La  conduite  est  d\u00e9voy\u00e9e\n(encorbellement au niveau de la future passerelle) et la carapace b\u00e9ton supprim\u00e9e,\n- \u00c0  l'aval  de  la  digue,  deux  seuils  existants  au  niveau  de  la  confluence  des  bras  du\nMerdanson et du chenal d'\u00e9vacuation des crues du plan d'eau sont supprim\u00e9s,\n- Deux ouvrages hydrauliques de franchissement des cours d'eau sont mis en place  : une\npasserelle bois sur la partie amont de l'actuel plan d'eau et un pont cadre b\u00e9ton au droit\nde  la  digue  actuelle.  Ces  ouvrages  sont  dimensionn\u00e9s  pour  le  passage  d'une  crue\ncentennale.\nTITRE III \u2013 PRESCRIPTIONS EN PHASE TRAVAUX\nArticle 4 : D\u00e9roulement des travaux\nLe b\u00e9n\u00e9ficiaire informe le service charg\u00e9 de la police de l'eau :\n- De la date de d\u00e9marrage des travaux, dans un d\u00e9lai de 15 jours avant le d\u00e9but de toute op\u00e9ration,\n- De mani\u00e8re imm\u00e9diate de tout \u00e9v\u00e9nement imposant de modifier le projet,\n- De la date de fin des travaux.\nDans les deux mois qui suivent la fin des travaux de la phase 2, le b\u00e9n\u00e9ficiaire remet au service charg\u00e9\nde la police de l'eau un dossier de r\u00e9colement de l'ouvrage r\u00e9alis\u00e9 par un g\u00e9om\u00e8tre, associ\u00e9 \u00e0 un\ncompte-rendu de chantier.\nArticle 5 : Dispositions propres aux travaux de vidange et de curage\nLes travaux de vidange de la retenue doivent respecter les conditions suivantes : \n- La vidange de la retenue est interdite du 1er novembre au 15 mai, afin de respecter la p\u00e9riode de\nfrai des salmonid\u00e9s,\n- La vidange de la retenue doit \u00eatre progressive et lente afin d'\u00e9viter tout impact sur le cours d'eau\ndu Merdanson avec mise en place d'un syst\u00e8me de filtration avant rejet au cours d'eau (type botte\nde paille par exemple),\n- Des bassins de d\u00e9cantation sont implant\u00e9s en aval de la digue pour \u00e9viter tout d\u00e9part de boues\ndans le Merdanson de CHAPONOST, et sont r\u00e9guli\u00e8rement cur\u00e9s le cas \u00e9ch\u00e9ant,\n- L'op\u00e9ration de vidange est conduite de mani\u00e8re \u00e0 permettre la r\u00e9cup\u00e9ration de tous les poissons\net crustac\u00e9s entra\u00een\u00e9s par le flux de la vidange, afin notamment d'\u00e9viter le passage des esp\u00e8ces\nind\u00e9sirables dans le milieu r\u00e9cepteur.  Les esp\u00e8ces exotiques envahissantes sont d\u00e9truites par\ndivers moyens adapt\u00e9s et respectueux des enjeux environnementaux, \n- Un suivi de la qualit\u00e9 des eaux de vidange est op\u00e9r\u00e9 une fois par jour, en aval du barrage, \u00e0 l'aide\nd'une sonde multi param\u00e8tre (02, PH, conductivit\u00e9 et temp\u00e9rature),\n- Le  service  charg\u00e9  de  la  police  de  l'eau est  inform\u00e9  de  la  vidange  au  moins  15 jours  avant\nl'op\u00e9ration,\n- Un compte-rendu de l'op\u00e9ration de vidange est produit et envoy\u00e9 aux services de l'\u00c9tat dans un\nd\u00e9lai de deux mois apr\u00e8s la fin des travaux de phase 1.\n4/9\n69_DDT_Direction d\u00e9partementale des territoires du Rh\u00f4ne - 69-2025-09-09-00012 - Arr\u00eat\u00e9 pr\u00e9fectoral n\u00b0 DDT_SENR_2025 B 132 du 9\nseptembre 2025\nportant prescriptions particuli\u00e8res au titre de l'article L. 214-3 du code de l'environnement\nrelatif au projet d'effacement de l'\u00e9tang du Boulard sur la commune de CHAPONOST\n14\nCompte-tenu de la pr\u00e9sence d'une forte population de Crapaud commun en p\u00e9riode de reproduction,\nune mare, d'une surface minimale de 200 m\u00b2 est cr\u00e9\u00e9e au plus tard \u00e0 la fin des travaux de vidange afin\nde maintenir un habitat favorable \u00e0 la reproduction pour l'ann\u00e9e 2026. Une premi\u00e8re \u00e9valuation de la\nfonctionnalit\u00e9 de cette mare est effectu\u00e9e par a minima deux prospections en 2026 :\n- Une prospection en mars 2026, de jour, pour l'identification des pontes des esp\u00e8ces pr\u00e9coces,\n- Une prospection en juin-juillet 2026 pour la d\u00e9tection des larves et \u00e9mergences.\nLes boues accumul\u00e9es au fond de la retenue font l'objet d'un traitement par s\u00e9chage sur place, puis\nd'un r\u00e9emploi sur place au niveau des zones \u00e0 remodeler. Les autres mat\u00e9riaux de d\u00e9molition sont\n\u00e9vacu\u00e9s  dans une fili\u00e8re de gestion adapt\u00e9e ou, lorsque leurs caract\u00e9ristiques le permettent, stock\u00e9s\npuis r\u00e9employ\u00e9s dans le cadre du chantier de restauration (phase 2). Le cas \u00e9ch\u00e9ant, l'emplacement de\nl'aire  de  stockage  est  pr\u00e9alablement  communiqu\u00e9  au  service  en  charge  de  la  police  de  l'eau.  La\ndestination des mat\u00e9riaux doit \u00eatre compatible avec la protection des sols, des eaux et des milieux\nnaturels.\nArticle 6 : Dispositif pr\u00e9ventif et curatif de lutte contre les esp\u00e8ces exotiques envahissantes\nLe dispositif mis en \u0153uvre est compos\u00e9 d'actions pr\u00e9ventives et curatives incluant :\n- Un nettoyage des engins de chantier avant leur arriv\u00e9e sur site et avant leur d\u00e9part,\n- Une limitation des mouvements de terre (d\u00e9blais / remblais) au strict n\u00e9cessaire,\n- Une rev\u00e9g\u00e9talisation rapide des terrains remani\u00e9s et des terres d\u00e9cap\u00e9es,\n- En phase travaux, une d\u00e9tection des foyers existants et leur balisage (incluant une distance de\ns\u00e9curit\u00e9 de 1,5  m\u00e8tres), un arrachage manuel  (ou autre modalit\u00e9 de traitement  d\u00e9finie par\nl'\u00e9cologue dans le cadre de sa mission d'assistance environnementale) et une \u00e9vacuation selon\nune fili\u00e8re adapt\u00e9e,\n- Une sensibilisation du personnel de chantier \u00e0 cette probl\u00e9matique. \nLa  gestion  des  esp\u00e8ces  d'ambroisie  est  r\u00e9alis\u00e9e  conform\u00e9ment  \u00e0  l'arr\u00eat\u00e9  ARS  2019-10-0089\ndu 28 mai 2019 relatif \u00e0 la lutte contre les esp\u00e8ces d'ambroisies dans le d\u00e9partement du Rh\u00f4ne.\nArticle 7 : P\u00e9riodes d'intervention pour pr\u00e9server les milieux et les esp\u00e8ces aquatiques\nLes travaux de la phase 1 sont r\u00e9alis\u00e9s entre le 1 er septembre et le 31 octobre. Les travaux de la phase 2\nd\u00e9marrent apr\u00e8s une p\u00e9riode de ressuyage, \u00e0 compter du 1er septembre de l'ann\u00e9e suivante. \nArticle 8 : D\u00e9claration des incidents ou accidents\nArticle 8.1 : Pollution accidentelle\nEn  cas  de  pollution  accidentelle,  des  op\u00e9rations  sont  mises  en  \u0153uvre,  pouvant  aller  jusqu'\u00e0\nl'interruption  des  travaux  ou  la  suspension  de  l'exploitation.  Des  dispositifs  sont  mis  en  \u0153uvre\nrapidement pour confiner la pollution accidentelle, la collecter et la traiter de fa\u00e7on adapt\u00e9e, selon le\ntype de milieu pollu\u00e9 (sol ou eau).  Un kit anti-pollution est mis \u00e0 disposition en permanence sur le\nchantier.\nLe pr\u00e9fet est imm\u00e9diatement inform\u00e9 de toute pollution ou accident qui surviendrait sur le chantier ou\nau cours de la vie de l'ouvrage.\nArticle 8.2 : Risque de crue \nLes travaux sont r\u00e9alis\u00e9s en p\u00e9riode de basses eaux.  Le b\u00e9n\u00e9ficiaire proc\u00e8de \u00e0 la mise en s\u00e9curit\u00e9 du\nchantier en cas d'alerte m\u00e9t\u00e9orologique quant au risque de crue. Il proc\u00e8de notamment \u00e0 la mise hors\ndu champ d'inondation du mat\u00e9riel de chantier et \u00e0 l'\u00e9vacuation du personnel du chantier.\n5/9\n69_DDT_Direction d\u00e9partementale des territoires du Rh\u00f4ne - 69-2025-09-09-00012 - Arr\u00eat\u00e9 pr\u00e9fectoral n\u00b0 DDT_SENR_2025 B 132 du 9\nseptembre 2025\nportant prescriptions particuli\u00e8res au titre de l'article L. 214-3 du code de l'environnement\nrelatif au projet d'effacement de l'\u00e9tang du Boulard sur la commune de CHAPONOST\n15\nArticle 9 : Mesures compl\u00e9mentaires visant \u00e0 r\u00e9duire les incidences du chantier\nLe b\u00e9n\u00e9ficiaire s'engage \u00e0 mettre en \u0153uvre les mesures suivantes :\n- Installer les bases de vie et de stockage de chantier en dehors des zones mises en d\u00e9fens,\n- Porter  une  attention  particuli\u00e8re  aux  risques  de  pollutions  de  toutes  natures,  y  compris  les\nmati\u00e8res en suspension par le raisonnement des terrassements effectu\u00e9s hors d'eau,\n- En cas de pompage des eaux, mettre en d\u00e9cantation des eaux dans une fosse temporaire et\nfiltration au travers de dispositifs tels que des ballots de paille ou des gabions en gravier avant\nrejet dans le thalweg enherb\u00e9 en aval. Tout rejet en cours d'eau est interdit,\n- Stocker le mat\u00e9riel, les engins et l'ensemble des produits polluants sur r\u00e9tention \u00e9tanche, sur un\nsol  plan,  propre  et  stable,  en  dehors  des  zones  vuln\u00e9rables.  Choix  du  site  \u00e0  l'abri  des\npr\u00e9cipitations et des ruissellements pour \u00e9viter tous lessivages et infiltrations dans les sols,\n- Ma\u00eetrise  des  \u00e9ventuels  \u00e9coulements  d'huiles  ou  d'hydrocarbures  par  le  contr\u00f4le  r\u00e9gulier  des\nengins,\n- R\u00e9cup\u00e9rer les d\u00e9chets de chantier avant \u00e9vacuation en d\u00e9charge agr\u00e9\u00e9e,\n- Mettre \u00e0 disposition du mat\u00e9riel de premi\u00e8re intervention (kit anti-pollution) sur les zones de\nstockage, ainsi que dans les engins ou \u00e0 proximit\u00e9 imm\u00e9diate des zones de travaux, \n- Disposer d'une r\u00e9serve de sable ou de produit absorbant,\n- Mettre en place d'un plan de circulation de chantier,\n- Sensibiliser le personnel intervenant sur le chantier aux probl\u00e9matiques de pollution des eaux. \nArticle 10 : Mesures de suivi \u2013 suivi environnemental en phase chantier\nLe b\u00e9n\u00e9ficiaire met en place un suivi de la bonne mise en \u0153uvre des mesures d'\u00e9vitement  et  de\nr\u00e9duction des incidences en phase chantier, compos\u00e9 a minima des \u00e9l\u00e9ments suivants  : localisation et\nidentification et mise en d\u00e9fens des zones \u00e0 enjeux, surveillance et entretien des dispositifs anti-MES,\np\u00eache de sauvegarde, formation et sensibilisation du personnel de chantier, surveillance du site et des\nesp\u00e8ces exotiques envahissantes, etc. Il  s'assure de la tra\u00e7abilit\u00e9 des diff\u00e9rentes actions et de leur\nrestitution dans un rapport de suivi. \nUn compte-rendu de l'op\u00e9ration de vidange est produit par le b\u00e9n\u00e9ficiaire \u00e0 l'issue des travaux de la\nphase 1 est envoy\u00e9 aux services de l'\u00c9tat.\nTITRE IV \u2013 DISPOSITIONS G\u00c9N\u00c9RALES COMMUNES\nArticle 11 : Conformit\u00e9 au dossier et modification\nToute modification apport\u00e9e \u00e0 la r\u00e9alisation des travaux ou \u00e0 l'am\u00e9nagement en r\u00e9sultant, \u00e0 l'exercice\ndes activit\u00e9s ou \u00e0 leur voisinage et entra\u00eenant un changement notable des \u00e9l\u00e9ments du dossier de\nd\u00e9claration  doit  \u00eatre port\u00e9e,  avant  sa  r\u00e9alisation  \u00e0  la  connaissance  du  pr\u00e9fet,  conform\u00e9ment  aux\ndispositions de l'article R. 214-40 du code de l'environnement.\nArticle 12 : D\u00e9claration des incidents ou accidents\nLe p\u00e9titionnaire est tenu de d\u00e9clarer au pr\u00e9fet, d\u00e8s qu'il en a connaissance, les accidents ou incidents\nint\u00e9ressant les installations, ouvrages, travaux ou activit\u00e9s faisant l'objet de la pr\u00e9sente autorisation\nadministrative, qui sont de nature \u00e0 porter atteinte aux int\u00e9r\u00eats mentionn\u00e9s \u00e0 l'article L. 211-1 du code\nde l'environnement.\nSans pr\u00e9judice des mesures que peut prescrire le pr\u00e9fet, le p\u00e9titionnaire doit prendre ou faire prendre\nles dispositions n\u00e9cessaires pour mettre fin aux causes de l'incident ou accident, pour \u00e9valuer ses\ncons\u00e9quences et y rem\u00e9dier.\nLe p\u00e9titionnaire demeure responsable des accidents ou dommages qui seraient la cons\u00e9quence de\nl'activit\u00e9 ou de l'ex\u00e9cution des travaux et de l'am\u00e9nagement.\nArticle 13 : Droits des tiers\nLes droits des tiers sont et demeurent express\u00e9ment r\u00e9serv\u00e9s.\n6/9\n69_DDT_Direction d\u00e9partementale des territoires du Rh\u00f4ne - 69-2025-09-09-00012 - Arr\u00eat\u00e9 pr\u00e9fectoral n\u00b0 DDT_SENR_2025 B 132 du 9\nseptembre 2025\nportant prescriptions particuli\u00e8res au titre de l'article L. 214-3 du code de l'environnement\nrelatif au projet d'effacement de l'\u00e9tang du Boulard sur la commune de CHAPONOST\n16\nArticle 14 : Autres r\u00e9glementations\nLa pr\u00e9sente autorisation ne dispense en aucun cas le p\u00e9titionnaire de faire les d\u00e9clarations ou d'obtenir\nles autorisations requises par d'autres r\u00e9glementations.\nArticle 15 : Acc\u00e8s aux installations et exercice des missions de police\nLes agents charg\u00e9s de la police de l'eau et des milieux aquatiques ont libre acc\u00e8s aux installations,\nouvrages, travaux ou activit\u00e9s vis\u00e9s par le pr\u00e9sent arr\u00eat\u00e9, dans les conditions fix\u00e9es  par le  code de\nl'environnement. Ils peuvent demander communication de toute pi\u00e8ce utile au contr\u00f4le de la bonne\nex\u00e9cution du pr\u00e9sent arr\u00eat\u00e9.\nArticle 16 : D\u00e9lais et voies de recours\nLe  pr\u00e9sent  arr\u00eat\u00e9  est  susceptible  de  recours  devant  le  tribunal  administratif  territorialement\ncomp\u00e9tent, dans les conditions fix\u00e9es \u00e0 l'article R. 514-3-1 du code de l'environnement :\n\u00ab 1\u00b0 Par les tiers int\u00e9ress\u00e9s en raison des inconv\u00e9nients ou des dangers que le fonctionnement de\nl'installation pr\u00e9sente pour les int\u00e9r\u00eats mentionn\u00e9s aux articles L. 211-1 et L. 511-1 dans un d\u00e9lai de\nquatre mois \u00e0 compter du premier jour de la publication ou de l'affichage de ces d\u00e9cisions ; \n2\u00b0 Par les demandeurs ou exploitants, dans un d\u00e9lai de deux mois \u00e0 compter de la date \u00e0 laquelle la\nd\u00e9cision leur a \u00e9t\u00e9 notifi\u00e9e. \nLes d\u00e9cisions mentionn\u00e9es au premier alin\u00e9a peuvent faire l'objet d'un recours gracieux ou hi\u00e9rarchique\ndans le d\u00e9lai de deux mois. Ce recours administratif prolonge de deux mois les d\u00e9lais mentionn\u00e9s aux 1\u00b0\net 2\u00b0 \u00bb.\nLe tribunal administratif peut \u00eatre saisi d'une requ\u00eate d\u00e9pos\u00e9e sur le site www.telerecours.fr.\nTout recours administratif ou contentieux doit \u00eatre notifi\u00e9 \u00e0 l'auteur et au b\u00e9n\u00e9ficiaire de la d\u00e9cision, \u00e0\npeine,  selon le cas,  de non  prorogation  du d\u00e9lai  de recours contentieux  ou d'irrecevabilit\u00e9.  Cette\nnotification doit \u00eatre adress\u00e9e par lettre recommand\u00e9e avec accus\u00e9 de r\u00e9ception dans un d\u00e9lai de\nquinze jours francs \u00e0 compter de la date d'envoi du recours administratif ou du d\u00e9p\u00f4t du recours\ncontentieux.\nArticle 17 : Publication et information des tiers\nConform\u00e9ment aux dispositions r\u00e9glementaires en vigueur, le pr\u00e9sent arr\u00eat\u00e9 est publi\u00e9 au recueil des\nactes administratifs de la pr\u00e9fecture, et sur le site internet des services de l'\u00c9tat dans le Rh\u00f4ne. Une\ncopie est d\u00e9pos\u00e9e et affich\u00e9e pendant un mois au minimum, en mairie de  CHAPONOST o\u00f9 cette\nop\u00e9ration est r\u00e9alis\u00e9e.\nLe  dossier  de  l'op\u00e9ration  peut  \u00eatre  consult\u00e9  en  mairie  de  CHAPONOST,  et  \u00e0  la  direction\nd\u00e9partementale des territoires, service eau, nature et risques (165 rue Garibaldi 69003 Lyon), pendant\nune dur\u00e9e de deux mois.\nArticle 18 : Ex\u00e9cution\nLe Pr\u00e9fet, Secr\u00e9taire g\u00e9n\u00e9ral, Pr\u00e9fet d\u00e9l\u00e9gu\u00e9 pour l'\u00e9galit\u00e9 des chances, le Directeur d\u00e9partemental des\nterritoires du Rh\u00f4ne, le Chef du service d\u00e9partemental de l'Office Fran\u00e7ais de la Biodiversit\u00e9, le Maire de\nCHAPONOST, sont charg\u00e9s chacun en ce qui les concerne, de l'ex\u00e9cution du pr\u00e9sent arr\u00eat\u00e9 qui est\nnotifi\u00e9 au p\u00e9titionnaire.\nFait, le 9 septembre 2025\n           Pour la Pr\u00e9f\u00e8te et par d\u00e9l\u00e9gation,\nle directeur d\u00e9partemental\n            Xavier CEREZA\n7/9\n69_DDT_Direction d\u00e9partementale des territoires du Rh\u00f4ne - 69-2025-09-09-00012 - Arr\u00eat\u00e9 pr\u00e9fectoral n\u00b0 DDT_SENR_2025 B 132 du 9\nseptembre 2025\nportant prescriptions particuli\u00e8res au titre de l'article L. 214-3 du code de l'environnement\nrelatif au projet d'effacement de l'\u00e9tang du Boulard sur la commune de CHAPONOST\n17\nD\u00e9rivation \u00e0, iN Chavanerie\u2014AP > \"Pen7 BefLP44+2 17be \u00a3 '4Ps. < o, KVe #,\n\"\nBottes de paille4}} N4\na J ,~~ Gee , |Se # |aia ey El Ny 3Wins ame Wleal z 7 = |Poe  pi.  7Meher -aa sh\nD\u00e9rivationMerdanson ; | == =/ / \u00a3 = - = Fe\nAnnexe 1 \u2013 Sch\u00e9ma de principe des diff\u00e9rents organes de d\u00e9rivations et des bassins de d\u00e9cantation \n8/9\n69_DDT_Direction d\u00e9partementale des territoires du Rh\u00f4ne - 69-2025-09-09-00012 - Arr\u00eat\u00e9 pr\u00e9fectoral n\u00b0 DDT_SENR_2025 B 132 du 9\nseptembre 2025\nportant prescriptions particuli\u00e8res au titre de l'article L. 214-3 du code de l'environnement\nrelatif au projet d'effacement de l'\u00e9tang du Boulard sur la commune de CHAPONOST\n18\nAnnexe 2 \u2013 Am\u00e9nagement final du Parc de Boulard\n9/9\n69_DDT_Direction d\u00e9partementale des territoires du Rh\u00f4ne - 69-2025-09-09-00012 - Arr\u00eat\u00e9 pr\u00e9fectoral n\u00b0 DDT_SENR_2025 B 132 du 9\nseptembre 2025\nportant prescriptions particuli\u00e8res au titre de l'article L. 214-3 du code de l'environnement\nrelatif au projet d'effacement de l'\u00e9tang du Boulard sur la commune de CHAPONOST\n19\n69_DDT_Direction d\u00e9partementale des\nterritoires du Rh\u00f4ne\n69-2025-09-09-00006\nDirection d\u00e9partementale\ndes territoires\nArr\u00eat\u00e9 pr\u00e9fectoral n\u00b0 DDT - 2025-A19 du 9\nseptembre 2025\nfixant les secteurs o\u00f9 la pr\u00e9sence du castor\nd'Eurasie et de la loutre d'Europe est av\u00e9r\u00e9e\ndans le d\u00e9partement du Rh\u00f4ne et la M\u00e9tropole\nde Lyon\npour la p\u00e9riode du 1er septembre 2025 au 31\nao\u00fbt 2026\n69_DDT_Direction d\u00e9partementale des territoires du Rh\u00f4ne - 69-2025-09-09-00006 - Direction d\u00e9partementale\ndes territoires\nArr\u00eat\u00e9 pr\u00e9fectoral n\u00b0 DDT - 2025-A19 du 9 septembre 2025\nfixant les secteurs o\u00f9 la pr\u00e9sence du castor d'Eurasie et de la loutre d'Europe est av\u00e9r\u00e9e\ndans le d\u00e9partement du Rh\u00f4ne et la M\u00e9tropole de Lyon\npour la p\u00e9riode du 1er septembre 2025 au 31 ao\u00fbt 2026\n20\nesPREFETEDU RHONELibert\u00e9Egalit\u00e9Fraternit\u00e9\nDirection d\u00e9partementale\ndes territoires\nArr\u00eat\u00e9 pr\u00e9fectoral n\u00b0\u00a0DDT\u00a0-\u00a02025-A19 du 9 septembre 2025\nfixant les secteurs o\u00f9 la pr\u00e9sence du castor d'Eurasie et de la loutre d'Europe est av\u00e9r\u00e9e \ndans le d\u00e9partement du Rh\u00f4ne et la M\u00e9tropole de Lyon \npour la p\u00e9riode du 1er\n septembre 2025 au 31 ao\u00fbt 2026\nLa Pr\u00e9f\u00e8te de la R\u00e9gion Auvergne-Rh\u00f4ne-Alpes,\nPr\u00e9f\u00e8te de la Zone de d\u00e9fense et de s\u00e9curit\u00e9 sud-est,\nPr\u00e9f\u00e8te du Rh\u00f4ne,\nCommandeur de la L\u00e9gion d'Honneur,\nCommandeur de l'Ordre National du M\u00e9rite,\nVU le Code de l'environnement et notamment les articles L. 411-1, L. 427-8 et R. 427-6 \u00e0 R. 427-28,\nVU  l'arr\u00eat\u00e9 minist\u00e9riel du 29 janvier 2007 modifi\u00e9, fixant les dispositions relatives au pi\u00e9geage des  \nanimaux class\u00e9s nuisibles,\nVU l'arr\u00eat\u00e9 minist\u00e9riel du 23 avril 2007 modifi\u00e9 fixant la liste des mammif\u00e8res terrestres prot\u00e9g\u00e9s sur  \nl'ensemble du territoire et les modalit\u00e9s de leur protection,\nVU l'arr\u00eat\u00e9  minist\u00e9riel  du  2  septembre  2016  relatif  au  contr\u00f4le  par  la  chasse  des  populations  de \ncertaines  esp\u00e8ces  non  indig\u00e8nes  et  fixant,  en  application  de  l'article  R.  427-6  du  code  de \nl'environnement,  la  liste,  les  p\u00e9riodes  et  les  modalit\u00e9s  de  destruction  des  esp\u00e8ces  non  indig\u00e8nes \nd'animaux class\u00e9s nuisibles sur l'ensemble du territoire m\u00e9tropolitain,\nVU l'arr\u00eat\u00e9 pr\u00e9fectoral n\u00b0 69-2024-07-25-00004 du 25 juillet 2024 portant d\u00e9l\u00e9gation de signature \u00e0  \nMonsieur Xavier CEREZA, directeur d\u00e9partemental des territoires du Rh\u00f4ne,\nVU l'avis de la Commission d\u00e9partementale de la chasse et de la faune sauvage du 4 juin 2025,\nVU la consultation du public sur le projet d'arr\u00eat\u00e9 effectu\u00e9e du 19 juin au 9 juillet 2025,\nVU l'avis du service d\u00e9partemental de l'Office fran\u00e7ais de la biodiversit\u00e9 du 24 juin 2025,\nCONSID\u00c9RANT que la restriction d'usage de pi\u00e8ges sur certains secteurs n'engendre pas sur ces \nsecteurs, de probl\u00e8me sur la sant\u00e9 et la s\u00e9curit\u00e9 publiques,\nCONSID\u00c9RANT que la restriction d'usage de pi\u00e8ges sur certains secteurs ne remet pas en cause sur ces \nsecteurs la pr\u00e9vention aux dommages importants aux activit\u00e9s agricoles, foresti\u00e8res et aquacoles,\nCONSID\u00c9RANT la synth\u00e8se des connaissances sur la pr\u00e9sence du castor d'Eurasie et de la loutre \nd'Europe dans le d\u00e9partement du Rh\u00f4ne et dans la M\u00e9tropole de Lyon r\u00e9alis\u00e9e par le r\u00e9seau castor de \n1/3\n69_DDT_Direction d\u00e9partementale des territoires du Rh\u00f4ne - 69-2025-09-09-00006 - Direction d\u00e9partementale\ndes territoires\nArr\u00eat\u00e9 pr\u00e9fectoral n\u00b0 DDT - 2025-A19 du 9 septembre 2025\nfixant les secteurs o\u00f9 la pr\u00e9sence du castor d'Eurasie et de la loutre d'Europe est av\u00e9r\u00e9e\ndans le d\u00e9partement du Rh\u00f4ne et la M\u00e9tropole de Lyon\npour la p\u00e9riode du 1er septembre 2025 au 31 ao\u00fbt 2026\n21\nl'Office Fran\u00e7ais de la Biodiversit\u00e9, la Ligue de Protection des Oiseaux Rh\u00f4ne-Alpes et France Nature \nEnvironnement Rh\u00f4ne,\nCONSID\u00c9RANT que la loutre fait l'objet d'un plan national d'action, anim\u00e9 au niveau r\u00e9gional par la \nLigue de Protection des Oiseaux Rh\u00f4ne-Alpes,\nSur proposition du directeur d\u00e9partemental des territoires,\nARR\u00caTE\nArticle 1\u00a0: \nLe pr\u00e9sent arr\u00eat\u00e9 est valable pour la p\u00e9riode du 1er septembre 2025 au 31 ao\u00fbt 2026.\nArticle 2\u00a0: \nLes  communes  du  d\u00e9partement  du  Rh\u00f4ne  et  de  la  M\u00e9tropole  de  Lyon  o\u00f9  la  pr\u00e9sence  du  castor \nd'Eurasie et de la loutre d'Europe est av\u00e9r\u00e9e sont les suivantes et rappel\u00e9es en annexe cartographique  \nde cet arr\u00eat\u00e9.\nPour le castor d'Eurasie\u00a0: \nAmb\u00e9rieux,  Albigny-sur-Sa\u00f4ne,  Amplepuis,  Ampuis,  Anse,  Arnas,  Beauvallon,  Belleville-en-Beaujolais, \nBelmont-sur-Azergues, Brignais, Caluire et Cuire, Chabani\u00e8re, Chaponnay, Chazay-d'Azergues, Civrieux-\nd'Azergues,  Collonges-au-Mont-d'Or,  Colombier-Saugnieu,  Condrieu,  Couzon-au-Mont-d'Or,  Cublize, \nCuris-au-Mont-d'Or,  D\u00e9cines-Charpieu,  Drac\u00e9,  Feyzin,  Fleurieu-sur-Sa\u00f4ne,  Fontaines-sur-Sa\u00f4ne,  \nFrancheville,  Genay,  Givors,  Grigny,  Irigny,  Jonage,  Jons,  La  Mulati\u00e8re,  Les  Ch\u00e8res,  Loire-sur-Rh\u00f4ne, \nLonges, Lozanne, Lucenay, Lyon, Marcilly-d'Azergues, Marennes, Meyzieu, Millery, Montagny, Moranc\u00e9,  \nNeuville-sur-Sa\u00f4ne,  Oullins-Pierre-B\u00e9nite,  Quincieux,  Rillieux-la-Pape,  Rochetaill\u00e9e-sur-Sa\u00f4ne,  Ronno, \nSaint-Romain-au-Mont-d'Or,  Saint-Romain-en-Gier,  Saint-Symphorien-d'Ozon,  Saint-Cyr-sur-le-Rh\u00f4ne, \nSaint-Fons, Saint-Georges-de-Reneins, Saint-Germain-au-Mont-d'Or, Saint-Jean-la-Bussi\u00e8re, Saint-Laurent-\nd'Agny, Saint-Pierre-de-Chandieu, Sainte-Colombe, Sainte-Foy-l\u00e8s-Lyon, Saint-Romain-en-Gal, S\u00e9r\u00e9zin-\ndu-Rh\u00f4ne, Simandres, Solaize, Taponas, Ternay, Thizy-les-Bourgs, Tr\u00e8ves, Tupin Semons, Vaulx-en-Velin, \nVernaison, Villefranche-sur-Sa\u00f4ne, Villeurbanne, Vourles.\nPour la loutre d'Europe\u00a0: \nAigueperse,  Amplepuis,  Anse,  Arnas,  Belleville-en-Beaujolais,  Belmont-d'Azergues,  Bully,  Cailloux-sur-\nFontaines, Caluire-et-Cuire, Chabani\u00e8re, Chambost-Alli\u00e8res, Chamelet, Ch\u00e2tillon, Collonges-au-Mont-\nd'Or, Condrieu,  Cublize, D\u00e9cines-Charpieu, Deux-Grosnes, \u00c9chalas, Feyzin, G r\u00e9zieu-le-March\u00e9, Grigny-\nsur-Rh\u00f4ne, Irigny, Jons, Joux, Lamure-sur-Azergues, L\u00e9gny, Lentilly, Les Ch\u00e8res, L\u00e9tra, Lozanne, Lyon,  \nMeys,  Meyzieu,  Oullins-Pierre-B\u00e9nite,  Quincieux,  Rillieux-la-Pape,  Ronno,  Saint-Bonnet-des-Bruy\u00e8res, \nSaint-Cl\u00e9ment-sur-Valsonne, Saint-Romain-de-Popey, Saint-Romain-en-Gal, Saint-Romain-en-Gier, Saint-\nSymphorien-d'Ozon, Savigny, Solaize, Taponas, Ternand, Tr\u00e8ves, Tupin-et-Semons, Val d'Oingt, Vaulx-en-\nVelin, Vernaison, Vindry-sur-Turdine.\n2/3\n69_DDT_Direction d\u00e9partementale des territoires du Rh\u00f4ne - 69-2025-09-09-00006 - Direction d\u00e9partementale\ndes territoires\nArr\u00eat\u00e9 pr\u00e9fectoral n\u00b0 DDT - 2025-A19 du 9 septembre 2025\nfixant les secteurs o\u00f9 la pr\u00e9sence du castor d'Eurasie et de la loutre d'Europe est av\u00e9r\u00e9e\ndans le d\u00e9partement du Rh\u00f4ne et la M\u00e9tropole de Lyon\npour la p\u00e9riode du 1er septembre 2025 au 31 ao\u00fbt 2026\n22\nArticle 3\u00a0: \nSur ces communes, l'usage des pi\u00e8ges de cat\u00e9gories 2 est interdit sur les abords des cours d'eau et bras \nmorts, marais, canaux, plans d'eau et \u00e9tangs, jusqu'\u00e0 la distance de 200 m\u00e8tres de la rive.\nArticle 4\u00a0: \nL'interdiction \u00e9dict\u00e9e \u00e0 l'article 3 ne s'applique pas au pi\u00e8ge \u00e0 \u0153uf plac\u00e9 dans une enceinte munie  \nd'une entr\u00e9e de onze centim\u00e8tres par onze centim\u00e8tres.\nArticle 5\u00a0: \nLe pr\u00e9fet, secr\u00e9taire g\u00e9n\u00e9ral de la pr\u00e9fecture du Rh\u00f4ne, pr\u00e9fet d\u00e9l\u00e9gu\u00e9 pour l'\u00e9galit\u00e9 des chances, le  \ndirecteur d\u00e9partemental des territoires, le chef du service d\u00e9partemental de l'office fran\u00e7ais pour la  \nbiodiversit\u00e9, le pr\u00e9sident de la f\u00e9d\u00e9ration d\u00e9partementale des chasseurs du Rh\u00f4ne et de la M\u00e9tropole  \nde  Lyon,  les  lieutenants  de  louveterie,  le  colonel  commandant  le  groupement  de  gendarmerie \nd\u00e9partemental du Rh\u00f4ne, sont charg\u00e9s, chacun en ce qui le concerne, de l'ex\u00e9cution du pr\u00e9sent arr\u00eat\u00e9, \nqui sera publi\u00e9 au recueil des actes administratifs de la pr\u00e9fecture du Rh\u00f4ne.\nPour la Pr\u00e9f\u00e8te et par d\u00e9l\u00e9gation,\nX. CEREZA\nsign\u00e9\nD\u00e9lais et voies de recours\u00a0:\nConform\u00e9ment \u00e0 l'article R.421-1 du Code de justice administrative, la pr\u00e9sente d\u00e9cision peut faire l'objet  \nd'un recours contentieux, dans le d\u00e9lai de deux mois \u00e0 compter de sa notification, devant le tribunal  \nadministratif  de  Lyon  (184,  rue  Duguesclin  \u2013  69 \u00a0433  Lyon  Cedex  03,  ou  sur  l'application  \nwww.telerecours.fr). Elle peut \u00e9galement faire l'objet d'un recours gracieux aupr\u00e8s de Madame la Pr\u00e9f\u00e8te  \ndu Rh\u00f4ne. Cette d\u00e9marche interrompt le d\u00e9lai de recours contentieux, ce dernier devant \u00eatre introduit  \ndans le d\u00e9lai de deux mois suivant une d\u00e9cision implicite ou explicite de l'autorit\u00e9 comp\u00e9tente (le silence  \nde l'administration pendant un d\u00e9lai de deux mois valant d\u00e9cision implicite de rejet).\n3/3\n69_DDT_Direction d\u00e9partementale des territoires du Rh\u00f4ne - 69-2025-09-09-00006 - Direction d\u00e9partementale\ndes territoires\nArr\u00eat\u00e9 pr\u00e9fectoral n\u00b0 DDT - 2025-A19 du 9 septembre 2025\nfixant les secteurs o\u00f9 la pr\u00e9sence du castor d'Eurasie et de la loutre d'Europe est av\u00e9r\u00e9e\ndans le d\u00e9partement du Rh\u00f4ne et la M\u00e9tropole de Lyon\npour la p\u00e9riode du 1er septembre 2025 au 31 ao\u00fbt 2026\n23\n69_Pr\u00e9f_Pr\u00e9fecture du Rh\u00f4ne\n69-2025-09-01-00031\nRAA  AFFILIEES AU CDG69 AGENTS\nCONTRACTUELS 01\n69_Pr\u00e9f_Pr\u00e9fecture du Rh\u00f4ne - 69-2025-09-01-00031 - RAA  AFFILIEES AU CDG69 AGENTS CONTRACTUELS 01 24\n\u00bb\u2014  \u2014\u2014_\u2014\nWow\"TRIBUNAL ADMINISTRATIFDE LYON\n \n \n \n  \n \nLa Pr\u00e9sidente \n \n \n \nPalais des Juridictions Administratives  -  184, rue Duguesclin  -  69433 LYON c\u00e9dex 03 \nT\u00e9l. 04.87.63.51.04     \n \n   \n \nVu le code g\u00e9n\u00e9ral de la fonction publique ; \n \nVu le d\u00e9cret n\u00b088-145 du 15 f\u00e9vrier 1988 relatifs aux agents contractuels de la fonction publique \nterritoriale ; \n \n \n \nDECIDE \n \n \nArticle 1er : Sont d\u00e9sign\u00e9es pour pr\u00e9sider le conseil de discipline  de la fonctio n publique \nterritoriale des agents contractuels des collectivit\u00e9s  affili\u00e9es au centre de gestion  de la fonction \npublique territoriale du Rh\u00f4ne et de la M\u00e9tropole de Lyon \u00e0 compter du 1er septembre 2025 :  \n \n- Mme Pascaline BOULAY, en qualit\u00e9 de titulaire, \n- Mme Charlotte POUYET, en qualit\u00e9 de suppl\u00e9ante, \n- Mme Flore-Marie JEANNOT, en qualit\u00e9 de suppl\u00e9ante. \n \n \nArticle 2 : La pr\u00e9sente d\u00e9cision  sera publi\u00e9e au re cueil des actes administrat ifs du \nd\u00e9partement du Rh\u00f4ne.  \n \n \n \nFait \u00e0 Lyon, le 1er septembre 2025 \n \n \n    La Pr\u00e9sidente, \n \n \n \n \n              C\u00e9cile MARILLER \n \n \n \n \n \n \n \n \n \n69_Pr\u00e9f_Pr\u00e9fecture du Rh\u00f4ne - 69-2025-09-01-00031 - RAA  AFFILIEES AU CDG69 AGENTS CONTRACTUELS 01 25\n\u00bb\u2014  \u2014\u2014_\u2014\nWow\"TRIBUNAL ADMINISTRATIFDE LYON\n \n \n \n  \n \nLa Pr\u00e9sidente \n \n \n \nPalais des Juridictions Administratives  -  184, rue Duguesclin  -  69433 LYON c\u00e9dex 03 \nT\u00e9l. 04.87.63.51.04     \n \n \n\u00e0 Madame la Pr\u00e9f\u00e8te \nde la r\u00e9gion Auvergne-Rh\u00f4ne-Alpes, \nPr\u00e9f\u00e8te du Rh\u00f4ne \n \nAffaire suivie par     Pr\u00e9fecture \nMme Nadia Kharchouf     106, rue Pierre Corneille \nNadia.kharchouf@juradm.fr    69003 LYON \n04.87.63.51.04 \n \n-------------- \n \nLyon, le 1er septembre 2025 \n \n \nObjet :  Conseil de discipline de la fonction publique territoriale \n \nP.J. :  1 \n \n \nJe vous prie de trouver ci -joint l'arr\u00eat\u00e9 portant d\u00e9signation  des magi strats appel\u00e9s \u00e0 \npr\u00e9sider, en qualit\u00e9 de titulaire s ou de suppl\u00e9ants, le conseil de discipline de la fonction publique \nterritoriale des agents contractuel s des collectivit\u00e9s affili\u00e9 es au centre de gestion de la fonction \npublique territoriale du Rh\u00f4ne et de la M\u00e9tropole de Lyon, \u00e0 compter du 1er septembre 2025. \n \n \nJe vous prie de bien vouloir informer de ces d\u00e9signations les collectivit \u00e9s de votre \nd\u00e9partement et faire publier cet arr\u00eat\u00e9 au recueil des actes administratifs. \n \n \n \n      La Pr\u00e9sidente, \n \n \n \n \n \n                         C\u00e9cile MARILLER \n \n69_Pr\u00e9f_Pr\u00e9fecture du Rh\u00f4ne - 69-2025-09-01-00031 - RAA  AFFILIEES AU CDG69 AGENTS CONTRACTUELS 01 26\n69_Pr\u00e9f_Pr\u00e9fecture du Rh\u00f4ne\n69-2025-09-01-00030\nRAA - conseil discipline r\u00e9gion 01\n69_Pr\u00e9f_Pr\u00e9fecture du Rh\u00f4ne - 69-2025-09-01-00030 - RAA - conseil discipline r\u00e9gion 01 27\n\u00ae\u2014|\u2014\u2014ons \u2014\u2014\u2014\u2014\u2014y\nTRIBUNAL ADMINISTRATIFDE LYON\n \n \n \n  \n \nLa Pr\u00e9sidente, \n \n \n \nPalais des Juridictions Administratives -  184, rue Duguesclin  -  69433 LYON c\u00e9dex 03 \nT\u00e9l. 04 87 63 51 04 \n \n   \n \nVu la loi n\u00b0 84-53 du 26 janvier 1984 modifi\u00e9e portant dispositions statutaires relatives \u00e0 la fonction \npublique territoriale ; \n \nVu  le d\u00e9cret n\u00b089-229 du 17 avril 1989 modifi\u00e9 relatif aux commissions administratives paritaires \ndes collectivit\u00e9s territoriales et de leurs \u00e9tablissements publics ; \n \nVu le d\u00e9cret n\u00b0 89-677 du 18 septembre 1989 modifi\u00e9 relatif \u00e0 la proc\u00e9dure disciplinaire applicable \naux fonctionnaires territoriaux ; \n \nVu les accords des pr\u00e9sidents des tribunaux administratifs de Clermont-Ferrand et Grenoble ;  \n \nDECIDE \n \n \nArticle 1er : Mme Capucine LERAVAT , conseill\u00e8re au tribunal administratif de Lyon, est \nd\u00e9sign\u00e9e pour pr\u00e9sider le conseil de discipline  de la fonction publique territoriale  de la r\u00e9gion \nAuvergne Rh\u00f4ne-Alpes. \n \n                           M. Christophe NIVET, premier conseiller au tribunal administratif de Clermont -\nFerrand et Fanny GALTIER , premi \u00e8re conseill\u00e8re au tribunal administratif de Grenoble, sont  \nd\u00e9sign\u00e9s en en qualit\u00e9 de suppl\u00e9ants. \n \n \n \nArticle 2 : La pr\u00e9sente d\u00e9cision sera publi\u00e9e au recueil des actes administratifs de la r\u00e9gion \nAuvergne Rh\u00f4ne-Alpes et \u00e0 celui du d\u00e9partement du Rh\u00f4ne.   \n \n \nFait \u00e0 Lyon, le 1er septembre 2025 \n \n \n        La Pr\u00e9sidente, \n \n \n \n \n    C\u00e9cile MARILLER \n \n \n \n69_Pr\u00e9f_Pr\u00e9fecture du Rh\u00f4ne - 69-2025-09-01-00030 - RAA - conseil discipline r\u00e9gion 01 28\n\u00ae\u2014|\u2014\u2014ons \u2014\u2014\u2014\u2014\u2014y\nTRIBUNAL ADMINISTRATIFDE LYON\n \n \n \n  \n \nLa Pr\u00e9sidente, \n \n \n \nPalais des Juridictions Administratives -  184, rue Duguesclin  -  69433 LYON c\u00e9dex 03 \nT\u00e9l. 04 87 63 51 04 \n \n \n\u00e0 Madame la Pr\u00e9f\u00e8te  \nde la r\u00e9gion Auvergne Rh\u00f4ne-Alpes, \nPr\u00e9f\u00e8te du Rh\u00f4ne \n \nPr\u00e9fecture \n106, rue Pierre Corneille \n69003 LYON \n \nAffaire suivie par : \nNadia Kharchouf \nNadia.kharchouf@juradm.fr \n04 87 63 51 04 \n-------------- \n \nLyon, le 1er septembre 2025 \n \n \n \nObjet :  Conseil de discipline de la fonction publique territoriale \n \nP.J. :  1 \n \n \nJe vous prie de trouver ci -joint l'arr\u00eat\u00e9 portant d\u00e9signation des magistrats appel\u00e9s \u00e0 \npr\u00e9sider, en qualit\u00e9 de titulaire s ou de suppl\u00e9ants, le conseil de discipline de la  fonction publique \nterritoriale de la r\u00e9gion Auvergne Rh\u00f4ne-Alpes au 1er septembre 2025. \n \n \nJe vous serais reconnaissante  de faire publier cet arr\u00eat\u00e9 au recueil des actes administratifs. \n \n \n \n \n \n             La Pr\u00e9sidente, \n \n \n \n \n                     C\u00e9cile MARILLER \n \n69_Pr\u00e9f_Pr\u00e9fecture du Rh\u00f4ne - 69-2025-09-01-00030 - RAA - conseil discipline r\u00e9gion 01 29\n69_Pr\u00e9f_Pr\u00e9fecture du Rh\u00f4ne\n69-2025-09-01-00029\nRAA COLLECTIVITES NON AFFILIEES AGENTS\nCONTRACTUELS  CDG Rh\u00f4ne 01\n69_Pr\u00e9f_Pr\u00e9fecture du Rh\u00f4ne - 69-2025-09-01-00029 - RAA COLLECTIVITES NON AFFILIEES AGENTS CONTRACTUELS  CDG Rh\u00f4ne 01 30\n\u00bb\u2014  \u2014\u2014_\u2014\nWow\"TRIBUNAL ADMINISTRATIFDE LYON\n \n \n \n  \n \nLa Pr\u00e9sidente \n \n \n \nPalais des Juridictions Administratives  -  184, rue Duguesclin  -  69433 LYON c\u00e9dex 03 \nT\u00e9l. 04.87 63 51 04   -   T\u00e9l\u00e9copie 04.87.63.51.04 \n \n   \n \nVu la loi n\u00b0 84-53 du 26 janvier 1984 modifi\u00e9e portant dispositions statutaires relatives \u00e0 la fonction \npublique territoriale ; \n \nVu  le d\u00e9cret n\u00b089-229 du 17 avril 1989 modifi\u00e9 relatif aux commissions administratives paritaires des \ncollectivit\u00e9s territoriales et de leurs \u00e9tablissements publics ; \n \nVu le d\u00e9cret n\u00b0 2016-1858 du 23 d\u00e9cembre 2016 relatif aux commissions consultatives paritaires et aux \nconseils de discipline de recours des agents contractuels de la fonction publique territoriale  ; \n \nDECIDE \n \n \nArticle 1er : Sont d\u00e9sign\u00e9s pour pr\u00e9sider le s conseils de discipline  de la fonction publique \nterritoriale des agents contractuels des autres collectivit\u00e9s non affili\u00e9es au centre de gestion du \nd\u00e9partement du Rh\u00f4ne et de la M\u00e9tropole de Lyon \u00e0 compter du 1er septembre 2025 :  \n \n- Mme Val\u00e9rie MARTINEZ-JORDA, en qualit\u00e9 de titulaire, \n- Mme L\u00e9a LAHMAR, en qualit\u00e9 de suppl\u00e9ante. \n \n \nArticle 2 : La pr\u00e9sente d\u00e9cision  sera publi\u00e9e au recueil des actes administratifs du \nd\u00e9partement du Rh\u00f4ne.  \n \n \n \nFait \u00e0 Lyon, le 1er septembre 2025 \n \n \n \n \n         La Pr\u00e9sidente, \n \n \n \n           C\u00e9cile MARILLER \n \n \n \n \n \n \n69_Pr\u00e9f_Pr\u00e9fecture du Rh\u00f4ne - 69-2025-09-01-00029 - RAA COLLECTIVITES NON AFFILIEES AGENTS CONTRACTUELS  CDG Rh\u00f4ne 01 31\n69_Pr\u00e9f_Pr\u00e9fecture du Rh\u00f4ne\n69-2025-09-01-00033\nRAA CONSEIL DE DISCIPLINE S\n69_Pr\u00e9f_Pr\u00e9fecture du Rh\u00f4ne - 69-2025-09-01-00033 - RAA CONSEIL DE DISCIPLINE S 32\n\u00bb\u2014  \u2014\u2014_\u2014\nWow\"TRIBUNAL ADMINISTRATIFDE LYON\n \n \n \n \n \nPalais des Juridictions Administratives -  184, rue Duguesclin -  69433 LYON c\u00e9dex 03 \nT\u00e9l. 04.87.63.51.04  \n \n \n \nLa Pr\u00e9sidente \n \n \n   \n \nVu la loi n\u00b0 84-53 du 26 janvier 1984 modifi\u00e9e portant dispositions statutaires relatives \u00e0 la fonction \npublique territoriale ; \n \nVu le d\u00e9cret n\u00b089-229 du 17 avril 1989 modifi\u00e9 relatif aux commissions administratives paritaires des \ncollectivit\u00e9s territoriales et de leurs \u00e9tablissements publics  ; \n \nVu le d\u00e9cret n\u00b0 89-677 du 18 septembre 1989 modifi\u00e9 relatif \u00e0 la proc\u00e9dure disciplinaire applicable aux \nfonctionnaires territoriaux ; \n \n \n \nDECIDE \n \n \nArticle 1er : Sont d\u00e9sign\u00e9es pour pr\u00e9sider le co nseil de discipline  de la fonction publique \nterritoriale concernant le Service D\u00e9partemental et M\u00e9tropolitain d'Incendie et de Secours de \nLyon (S.D.M.I.S) \u00e0 compter du 1er septembre 2025 :  \n \n- Mme Caroline COLLOMB, en qualit\u00e9 de titulaire, \n- Mme Ludivine JOURNOUD, en qualit\u00e9 de suppl\u00e9ante. \n \n \nArticle 2 : La pr\u00e9sente d\u00e9cision  sera publi\u00e9e au recueil des actes administratifs du \nd\u00e9partement du Rh\u00f4ne.  \n \n \n \n \n Fait \u00e0 Lyon, le 1er septembre 2025 \n \n \n   La Pr\u00e9sidente, \n \n \n \n       C\u00e9cile MARILLER \n \n \n69_Pr\u00e9f_Pr\u00e9fecture du Rh\u00f4ne - 69-2025-09-01-00033 - RAA CONSEIL DE DISCIPLINE S 33\n69_Pr\u00e9f_Pr\u00e9fecture du Rh\u00f4ne\n69-2025-09-01-00032\nRAA CONSEIL DE DISCIPLINE Ville de Lyon 01\n69_Pr\u00e9f_Pr\u00e9fecture du Rh\u00f4ne - 69-2025-09-01-00032 - RAA CONSEIL DE DISCIPLINE Ville de Lyon 01 34\nLd]\n\u2014\u2014  \u2014\u2014\u2014\u2014\u2014\u2014\n7\nauTRIBUNAL ADMINISTRATIFDE LYON\n \n \n \n \n \nPalais des Juridictions Administratives -  184, rue Duguesclin -  69433 LYON c\u00e9dex 03 \nT\u00e9l. 04.97.63.51.04  \n \n \n \n \n \nLa Pr\u00e9sidente \n \nR\u00c9PUBLIQUE FRAN\u00c7AISE \n \nD\u00e9signation du pr\u00e9sident du conseil de discipline de la fonction publique territoriale de la ville de \nLyon \n   \n \nVu la loi n\u00b0 84-53 du 26 janvier 1984 modifi\u00e9e portant dispositions statutaires relatives \u00e0 la fonction \npublique territoriale ; \n \nVu le d\u00e9cret n\u00b089-229 du 17 avril 1989 modifi\u00e9 relatif aux commissions administratives paritaires des \ncollectivit\u00e9s territoriales et de leurs \u00e9tablissements publics  ; \n \nVu le d\u00e9cret n\u00b0 89-677 du 18 septembre 1989 modifi\u00e9 relatif \u00e0 l a proc\u00e9dure disciplinaire applicable aux \nfonctionnaires territoriaux ; \n \n \n \nD\u00c9CIDE \n \n \nArticle 1er : Sont d\u00e9sign\u00e9es pour pr\u00e9sider le conseil de discipline  de la fonction publique \nterritoriale concernant la Ville de Lyon \u00e0 compter du 1er septembre 2025 :  \n \n- Mme Sophie CORVELLEC, en qualit\u00e9 de titulaire, \n- Mme Amandine ALLAIS, en qualit\u00e9 de suppl\u00e9ante, \n- M. Bernard GROS, en qualit\u00e9 de suppl\u00e9ant. \n \n \nArticle 2 : La pr\u00e9sente d\u00e9cision  sera publi\u00e9e au recueil des actes administratifs du \nd\u00e9partement du Rh\u00f4ne.  \n \n \n Fait \u00e0 Lyon, le 1er septembre 2025 \n \n   La Pr\u00e9sidente, \n \n \n \n       C\u00e9cile MARILLER \n69_Pr\u00e9f_Pr\u00e9fecture du Rh\u00f4ne - 69-2025-09-01-00032 - RAA CONSEIL DE DISCIPLINE Ville de Lyon 01 35\n69_Pr\u00e9f_Pr\u00e9fecture du Rh\u00f4ne\n69-2025-09-01-00034\nRAA CONSEIL DISC COLLECT AGENT TITUL\nNON AFFILIEES CDG69 01\n69_Pr\u00e9f_Pr\u00e9fecture du Rh\u00f4ne - 69-2025-09-01-00034 - RAA CONSEIL DISC COLLECT AGENT TITUL NON AFFILIEES CDG69 01 36\n\u00bb\u2014  \u2014\u2014_\u2014\nWow\"TRIBUNAL ADMINISTRATIFDE LYON\n \n \n \n  \n \nLa Pr\u00e9sidente \n \n \n \nPalais des Juridictions Administratives  -  184, rue Duguesclin  -  69433 LYON c\u00e9dex 03 \nT\u00e9l. 04.87.63.51.04   -   T\u00e9l\u00e9copie 04.87.63.51.04 \n \n   \n \nVu la loi n\u00b0 84-53 du 26 janvier 1984 modifi\u00e9e portant dispositions statutaires relatives \u00e0 la fonction \npublique territoriale ; \n \nVu  le d\u00e9cret n\u00b089-229 du 17 avril 1989 modifi\u00e9 relatif aux commissions administratives paritaires des \ncollectivit\u00e9s territoriales et de leurs \u00e9tablissements publics ; \n \nVu le d\u00e9cret n\u00b0 89 -677 du 18 septembre 1989 modifi\u00e9 relatif \u00e0 la proc\u00e9dure disciplinaire applicable aux \nfonctionnaires territoriaux ; \n \n \nDECIDE \n \n \nArticle 1er : Sont d\u00e9sign\u00e9s pour pr\u00e9sider le s conseils de discipl ine de la fonction publique \nterritoriale des agents titulaires des autres collectivit\u00e9s non affili\u00e9es au centre de gestion  du \nd\u00e9partement du Rh\u00f4ne et de la M\u00e9tropole de Lyon \u00e0 compter du 1er septembre 2025 :  \n \n- Mme Val\u00e9rie MARTINEZ-JORDA, en qualit\u00e9 de titulaire, \n- Mme Fabienne GUITARD, en qualit\u00e9 de suppl\u00e9ante, \n \n \nArticle 2 : La pr\u00e9sente d\u00e9cision  sera publi\u00e9e au recueil des actes administratifs du \nd\u00e9partement du Rh\u00f4ne.  \n \n \n \nFait \u00e0 Lyon, le 1er septembre 2025 \n \n \n \n \n  La Pr\u00e9sidente, \n \n \n \n               C\u00e9cile MARILLER \n \n \n \n \n \n69_Pr\u00e9f_Pr\u00e9fecture du Rh\u00f4ne - 69-2025-09-01-00034 - RAA CONSEIL DISC COLLECT AGENT TITUL NON AFFILIEES CDG69 01 37\n69_Pr\u00e9f_Pr\u00e9fecture du Rh\u00f4ne\n69-2025-09-08-00008\nArr\u00eat\u00e9 pr\u00e9fectoral portant d\u00e9l\u00e9gation de\nsignature \u00e0 M. Xavier CEREZA, directeur\nd\u00e9partemental des territoires du Rh\u00f4ne\n69_Pr\u00e9f_Pr\u00e9fecture du Rh\u00f4ne - 69-2025-09-08-00008 - Arr\u00eat\u00e9 pr\u00e9fectoral portant d\u00e9l\u00e9gation de signature \u00e0 M. Xavier CEREZA,\ndirecteur d\u00e9partemental des territoires du Rh\u00f4ne 38\nesPREFETEDU RHONELibert\u00e9Egalit\u00e9Fraternit\u00e9\nDirection d\u00e9partementale\ndes territoires\nARR\u00caT\u00c9 PR\u00c9FECTORAL N\u00b0 \nportant d\u00e9l\u00e9gation de signature \u00e0 M. Xavier CEREZA ,\ndirecteur d\u00e9partemental des territoires du Rh\u00f4ne\nLA PR\u00c9F\u00c8TE DE LA R\u00c9GION AUVERGNE-RH\u00d4NE-ALPES,\nPR\u00c9F\u00c8TE DE LA ZONE DE D\u00c9FENSE ET DE S\u00c9CURIT\u00c9 SUD-EST,\nPR\u00c9F\u00c8TE DU RH\u00d4NE\nCommandeur de la L\u00e9gion d'honneur\nCommandeur de l'ordre national du M\u00e9rite\nVu  le  r\u00e8glement  (CE)  n\u00b0  1782/2003  du  Conseil  du  29  septembre  2003  \u00e9tablissant  des  r\u00e8gles \ncommunes pour les r\u00e9gimes de soutien direct dans le cadre de la politique agricole commune et  \n\u00e9tablissant certains r\u00e9gimes de soutien en faveur des agriculteurs ; \nVu le r\u00e8glement (CE) n\u00b0 1698/2005 du Conseil du 20 septembre 2005 concernant le soutien au  \nd\u00e9veloppement rural par le Fonds Europ\u00e9en Agricole pour le D\u00e9veloppement Rural (FEADER) et  \nnotamment son article 74 d\u00e9finissant le r\u00f4le de l'autorit\u00e9 de gestion ; \nVu le r\u00e8glement (CE) n\u00b0 1080/2006 du Parlement Europ\u00e9en et du Conseil du 5 juillet 2006, relatif au  \nFonds Europ\u00e9en de D\u00e9veloppement R\u00e9gional (FEDER) ;\nVu  le  r\u00e8glement  (UE)  n\u00b02021/2115  du  Parlement  Europ\u00e9en  et  du  Conseil  du  2  d\u00e9cembre  2021 \n\u00e9tablissant  des  r\u00e8gles  r\u00e9gissant  l'aide  aux  plans  strat\u00e9giques  devant  \u00eatre  \u00e9tablis  par  les  \u00c9tats \nmembres dans le cadre de la politique agricole commune (plans strat\u00e9giques relevant de la PAC) et  \nfinanc\u00e9s par le Fonds europ\u00e9en agricole de garantie (FEAGA) et par le FEADER, et abrogeant les  \nr\u00e8glements (UE) n\u00b0 1305/2013 et (UE) n\u00b0 1307/2013 ;\nVu le code de la route ;\nVu le code du domaine public fluvial et de la navigation int\u00e9rieure ;\nVu le code des transports ;\nVu le code rural et de la p\u00eache maritime ; \nVu le code forestier ; \nAdresse postale : Pr\u00e9fecture du Rh\u00f4ne \u2013 69419 Lyon cedex 03 \nPour conna\u00eetre nos horaires d'ouverture et les modalit\u00e9s d'accueil : internet : www.rhone.gouv.fr ou t\u00e9l. : 04 72 61 61 61 (co\u00fbt d'un appel local)\n69_Pr\u00e9f_Pr\u00e9fecture du Rh\u00f4ne - 69-2025-09-08-00008 - Arr\u00eat\u00e9 pr\u00e9fectoral portant d\u00e9l\u00e9gation de signature \u00e0 M. Xavier CEREZA,\ndirecteur d\u00e9partemental des territoires du Rh\u00f4ne 39\nVu le code de l'environnement ;\nVu le code de la construction et de l'habitation ;\nVu le code g\u00e9n\u00e9ral de la propri\u00e9t\u00e9 des personnes publiques ;\nVu le code du travail ;\nVu le code de la commande publique ;\nVu le code des relations entre le public et l'administration ;\nVu la loi n\u00b0 82-213 du 2 mars 1982 relative aux droits et libert\u00e9s des communes, des d\u00e9partements et \ndes r\u00e9gions ;\nVu la loi n\u00b0 83-8 du 7 janvier 1983 relative \u00e0 la r\u00e9partition des comp\u00e9tences entre les communes, les  \nd\u00e9partements, les r\u00e9gions et l'\u00c9tat, et en particulier son article 12 ; \nVu  la  loi  d'orientation  n\u00b0  92-125  du  6  f\u00e9vrier  1992  relative  \u00e0  l'administration  territoriale  de  la \nR\u00e9publique ;\nVu la loi n\u00b0 2004-809 du 13 ao\u00fbt 2004 relative aux libert\u00e9s et aux responsabilit\u00e9s locales ; \nVu la loi n\u00b0 2005-102 du 11 f\u00e9vrier 2005 pour l'\u00e9galit\u00e9 des droits et des chances, la participation et la  \ncitoyennet\u00e9 des personnes handicap\u00e9es ;\nVu la loi n\u00b0 201-58 du 27 janvier 2014 de modernisation de l'action publique territoriale et de  \nl'affirmation des m\u00e9tropoles ;\nVu l'ordonnance n\u00b0 2021-409 du 8 avril 2021 relative au transport fluvial et \u00e0 la navigation int\u00e9rieure ;\nVu le plan stra t\u00e9gique national (PSN) de  la France pour la politique agricole commune (PAC) 2023-\n2027 approuv\u00e9 le 13 d\u00e9cembre 2023 par la Commission europ\u00e9enne ;\nVu le d\u00e9cret n\u00b0 70-801 du 27 ao\u00fbt 1970 modifi\u00e9 fixant les conditions d'inscription et d'apposition des \nmarques ext\u00e9rieures d'identit\u00e9 des bateaux et engins de plaisance \u00e0 moteur circulant ou stationnant \nsur les eaux int\u00e9rieures ;\nVu le d\u00e9cret n\u00b0 73-912 du 21 septembre 1973 portant r\u00e8glement g\u00e9n\u00e9ral de police de la navigation  \nint\u00e9rieure (en cours de r\u00e9vision et devant s'appliquer dix-huit mois apr\u00e8s adoption d'un nouveau  \nr\u00e8glement) ;\nVu  le  d\u00e9cret  n\u00b0  76-359  du  15  avril  1976  relatif  aux  op\u00e9rations  de  jaugeage  des  b\u00e2timents  de \nnavigation int\u00e9rieure ; \nVu  le  d\u00e9cret  n\u00b0  83-209  du  10  mars  1983  portant  publication  de  la  convention  relative  \u00e0 \nl'immatriculation des bateaux de navigation int\u00e9rieure, ensemble deux protocoles annexes, fait \u00e0  \nGen\u00e8ve le 25 janvier 1965 ;\nVu le d\u00e9cret n\u00b0 91-731 du 23 juillet 1991 modifi\u00e9 relatif \u00e0 l'\u00e9quipage et \u00e0 la conduite des bateaux  \ncirculant ou stationnant sur les eaux int\u00e9rieures et son arr\u00eat\u00e9 d'application du 19 d\u00e9cembre 2003  \nrelatif \u00e0 l'\u00e9quipage et \u00e0 la conduite des bateaux de navigation int\u00e9rieure ; \nVu le d\u00e9cret n\u00b0 92-604 du 1er juillet 1992 portant charte de la d\u00e9concentration ;\n2\n69_Pr\u00e9f_Pr\u00e9fecture du Rh\u00f4ne - 69-2025-09-08-00008 - Arr\u00eat\u00e9 pr\u00e9fectoral portant d\u00e9l\u00e9gation de signature \u00e0 M. Xavier CEREZA,\ndirecteur d\u00e9partemental des territoires du Rh\u00f4ne 40\nVu le d\u00e9cret n\u00b0 95-260 du 8 mars 1995 modifi\u00e9 relatif \u00e0 la commission consultative d\u00e9partementale  \nde s\u00e9curit\u00e9 et d'accessibilit\u00e9 ;\nVu le d\u00e9cret n\u00b0 2004-374 du 29 avril 2004 modifi\u00e9 relatif aux pouvoirs des pr\u00e9fets, \u00e0 l'organisation et \n\u00e0 l'action des services de l'\u00c9tat dans les r\u00e9gions et les d\u00e9partements, modifi\u00e9 par les d\u00e9crets n\u00b0 2010-\n146 du 16 f\u00e9vrier 2010 et n\u00b0 2012-16 du 5 janvier 2012 ;\nVu  le  d\u00e9cret  n\u00b0  2006-1658  du  21  d\u00e9cembre  2006  relatif  aux  prescriptions  techniques  pour \nl'accessibilit\u00e9 de la voirie et des espaces publics ;\nVu le d\u00e9cret n\u00b0 2007-1167 du 2 ao\u00fbt 2007 relatif au permis de conduire et \u00e0 la formation de la  \nconduite des bateaux de plaisance \u00e0 moteur et son arr\u00eat\u00e9 d'application du 28 septembre 2007  \nmodifi\u00e9  relatif  au  permis  de  conduire  des  bateaux  de  plaisance  \u00e0  moteur,  \u00e0  l'agr\u00e9ment  des \n\u00e9tablissements de formation et \u00e0 la d\u00e9livrance des autorisations d'enseigner ; \nVu le d\u00e9cret n\u00b0 2009-953 du 29 juillet 2009 relatif \u00e0 l'application du r\u00e8glement de visite des bateaux  \ndu Rhin et modifiant le d\u00e9cret n\u00b0 2007-1168 du 2 ao\u00fbt 2007 relatif aux titres de navigation des  \nb\u00e2timents et \u00e9tablissements flottants navigant ou stationnant sur les eaux int\u00e9rieures et son arr\u00eat\u00e9  \nd'application du 21 ao\u00fbt 2009 relatif \u00e0 l'application du r\u00e8glement de visite des bateaux du Rhin et  \nportant  modification  de  la  proc\u00e9dure  de  d\u00e9livrance  des  titres  de  navigation  des  b\u00e2timents  et \n\u00e9tablissements flottants navigant ou stationnant sur les eaux int\u00e9rieures ; \nVu le d\u00e9cret n\u00b0 2009-1484 du 3 d\u00e9cembre 2009 modifi\u00e9 relatif aux directions d\u00e9partementales  \ninterminist\u00e9rielles ;\nVu le d\u00e9cret du 9 f\u00e9vrier 2022 relatif aux qualifications professionnelles en navigation int\u00e9rieure et  \nson arr\u00eat\u00e9 d'application du 27 avril 2022 modifi\u00e9 relatif aux qualifications des \u00e9quipages et \u00e0 la  \nconduite des bateaux de commerce en navigation int\u00e9rieure ;\nVu le d\u00e9cret n\u00b0 2023-876 du 13 septembre 2023 relatif \u00e0 la coordination en mati\u00e8re de politique de \nl'eau et de la nature et de lutte contre les atteintes environnementales ;\nVu le d\u00e9cret n\u00b0 2023-835 du 29 ao\u00fbt 2023 relatif aux usages et aux conditions d'utilisation des eaux \nde pluie et des eaux us\u00e9es trait\u00e9es ;\nVu le d\u00e9cret n\u00b02006-672 du 8 juin 2006 relatif \u00e0 la cr\u00e9ation, \u00e0 la composition et au fonctionnement \nde commissions administratives \u00e0 caract\u00e8re consultatif. \nVu le d\u00e9cret en conseil des ministres du 11 janvier 2023 portant nomination de Mme Fabienne  \nBUCCIO en qualit\u00e9 de pr\u00e9f\u00e8te de la r\u00e9gion Auvergne-Rh\u00f4ne-Alpes, pr\u00e9f\u00e8te de la zone de d\u00e9fense et  \nde s\u00e9curit\u00e9 Sud-Est, pr\u00e9f\u00e8te du Rh\u00f4ne (hors classe) ;\nVu l'arr\u00eat\u00e9 du 10 avril 2007 relatif \u00e0 l'attestation d'appartenance \u00e0 la flotte fran\u00e7aise ; \nVu l'arr\u00eat\u00e9 du 25 octobre 2007 relatif aux conditions de conduite des coches de plaisance nolis\u00e9s et \n\u00e0 la d\u00e9livrance de l'agr\u00e9ment pour leur nolisage ; \nVu l'arr\u00eat\u00e9 inter-pr\u00e9fectoral n\u00b0 DDT_SST_69_2023_12_31 du 24 mai 2024 portant r\u00e9glementation  \npermanente de la police de circulation relatif \u00e0 l'exploitation des chantiers courants et traitement  \ndes  situations  d'urgence  sur  les  Voies  Structurantes  d'Agglom\u00e9ration  (VSA)  autour  de  \nl'agglom\u00e9ration de Lyon ;\nVu l'arr\u00eat\u00e9 inter-pr\u00e9fectoral n\u00b0 DDT_SST_69_2023_12_32 du 24 mai 2024 portant sur la gestion du  \ntrafic sur les Voies Structurantes d'Agglom\u00e9ration (VSA) autour de l'agglom\u00e9ration lyonnaise ;\n3\n69_Pr\u00e9f_Pr\u00e9fecture du Rh\u00f4ne - 69-2025-09-08-00008 - Arr\u00eat\u00e9 pr\u00e9fectoral portant d\u00e9l\u00e9gation de signature \u00e0 M. Xavier CEREZA,\ndirecteur d\u00e9partemental des territoires du Rh\u00f4ne 41\nVu l'arr\u00eat\u00e9 minist\u00e9riel du 29 mai 2009 relatif aux transports de marchandises dangereuses par voies  \nterrestres (dit \u00ab arr\u00eat\u00e9 TMD \u00bb) ; \nVu l'arr\u00eat\u00e9 du 15 octobre 2009 relatif aux conditions d'inscription, d'immatriculation et d'apposition \nde marques ext\u00e9rieures d'identit\u00e9 des bateaux de plaisance navigant ou stationnant sur les eaux  \nint\u00e9rieures ;\nVu l'arr\u00eat\u00e9 minist\u00e9riel du 30 octobre 2012 relatif au nombre et \u00e0 la comp\u00e9tence territoriale des  \nservices instructeurs, pris en application des d\u00e9crets n\u00b0 2007-1167 et 2007-1168 du 2 ao\u00fbt 2007  \npr\u00e9cit\u00e9s ;\nVu l'arr\u00eat\u00e9 minist\u00e9riel du 18 juillet 1985 modifi\u00e9 par l'arr\u00eat\u00e9 du 10 juin 2021 relatif aux dispositifs \nantid\u00e9rapants \u00e9quipant les pneumatiques ;\nVu la circulaire du ministre de l'int\u00e9rieur, de l'outre-mer et des collectivit\u00e9s territoriales du 5 mars  \n2008 relative \u00e0 la modification du r\u00e9gime de la d\u00e9l\u00e9gation de signature des pr\u00e9fets ;\nVu la circulaire n\u00b0 5506/SG du premier ministre du 13 d\u00e9cembre 2010 prise en application du d\u00e9cret  \nn\u00b0 2010/146 du 16 f\u00e9vrier 2010 modifiant le d\u00e9cret n\u00b0 2004-374 du 29 avril 2004 relatif aux pouvoirs  \ndes pr\u00e9fets, \u00e0 l'organisation et \u00e0 l'action des services de l'\u00c9tat dans les r\u00e9gions et d\u00e9partements ;\nVu l'arr\u00eat\u00e9 du Premier ministre et du ministre de l'int\u00e9rieur et des outre-mer en date du 30 janvier  \n2024 portant nomination de M. Xavier CEREZA, ing\u00e9nieur g\u00e9n\u00e9ral des ponts, des eaux et des for\u00eats  \nde classe normale en qualit\u00e9 de directeur d\u00e9partemental des territoires du Rh\u00f4ne, \u00e0 compter du 12  \nf\u00e9vrier 2024 ;\nVu l'arr\u00eat\u00e9 pr\u00e9fectoral du 29 novembre 2023 relatif \u00e0 l'organisation de la direction d\u00e9partementale  \ndu Rh\u00f4ne ;\nSur proposition du pr\u00e9fet, secr\u00e9taire g\u00e9n\u00e9ral de la pr\u00e9fecture, pr\u00e9fet d\u00e9l\u00e9gu\u00e9 pour l'\u00e9galit\u00e9 des  \nchances ;\nARR\u00caTE\nArticle 1  : D\u00e9l\u00e9gation de signature est donn\u00e9e \u00e0  M. Xavier CEREZA , directeur d\u00e9partemental des  \nterritoires du Rh\u00f4ne, \u00e0 l'effet de signer au nom de la pr\u00e9f\u00e8te du Rh\u00f4ne, tous actes, arr\u00eat\u00e9s, d\u00e9cisions \net correspondances se rapportant aux attributions suivantes :\n4\n69_Pr\u00e9f_Pr\u00e9fecture du Rh\u00f4ne - 69-2025-09-08-00008 - Arr\u00eat\u00e9 pr\u00e9fectoral portant d\u00e9l\u00e9gation de signature \u00e0 M. Xavier CEREZA,\ndirecteur d\u00e9partemental des territoires du Rh\u00f4ne 42\n      \nI \u2013 ADMINISTRATION GENERALE\nI.A. Ressources humaines\n1 Octroi des cong\u00e9s annuels et des jours d'ARTT\n2 Utilisation des cong\u00e9s accumul\u00e9s sur un compte \u00e9pargne temps \n3 Octroi et renouvellement des cong\u00e9s pour invalidit\u00e9 temporaire imputables au service (CITIS) \n4 Octroi des cong\u00e9s de formation professionnelle, pour validation des acquis de l'exp\u00e9rience et pour bilan de comp\u00e9tence\n5 Octroi des cong\u00e9s pour formation syndicale\n6 Octroi des cong\u00e9s pour formation en mati\u00e8re d'hygi\u00e8ne et de s\u00e9curit\u00e9 pour les repr\u00e9sentants du personnel si\u00e9geant au CSA-FS\n7 Octroi des cong\u00e9s de repr\u00e9sentation d'une association ou d'une mutuelle\n8 Cong\u00e9s bonifi\u00e9s\n9 Exercice d'une activit\u00e9 accessoire dans le cadre d'un cumul d'activit\u00e9 \n10 Autorisation d'exercer les fonctions \u00e0 temps partiel sur autorisation\n11 D\u00e9cision d'autorisation de retour dans l'exercice des fonctions \u00e0 temps plein \n12 D\u00e9cision d'autorisation d'exercice des missions dans le cadre du t\u00e9l\u00e9travail\n13 L'imputabilit\u00e9 au service des accidents de travail et des maladies professionnelles et certificats de prise en charge des accidents de service\n14 Sanctions disciplinaires du 1er groupe (et tous les documents relatifs \u00e0 la conduite de la proc\u00e9dure aff\u00e9rente, voire au contentieux lui faisant \nsuite) et m\u00e9moires pour sanctions de niveau sup\u00e9rieur\n5\n69_Pr\u00e9f_Pr\u00e9fecture du Rh\u00f4ne - 69-2025-09-08-00008 - Arr\u00eat\u00e9 pr\u00e9fectoral portant d\u00e9l\u00e9gation de signature \u00e0 M. Xavier CEREZA,\ndirecteur d\u00e9partemental des territoires du Rh\u00f4ne 43\n      \n15 \u00c9laboration et modification du r\u00e8glement int\u00e9rieur \n16 Attribution des astreintes et de leur r\u00e9mun\u00e9ration \n17 D\u00e9cisions individuelles pour le r\u00e9gime indemnitaire\n18 D\u00e9cisions d'affectation \u00e0 un poste de travail au sein de la structure \n19 D\u00e9cisions de recrutement de personnel contractuel ou vacataire \n20 D\u00e9cisions de recrutement des stagiaires, apprentis, services civiques \n21 Constitution du Comit\u00e9 social d'administration et du Comit\u00e9 social d'administration en formation sp\u00e9cialis\u00e9e et compte-rendu des \nr\u00e9unions\n22 Permanence du service public : fixation des listes d'agents dont l'activit\u00e9 ne peut \u00eatre interrompue sans compromettre gravement la \ns\u00e9curit\u00e9 des personnes et des installations, d\u00e9cisions individuelles de r\u00e9quisition\n23 \u00c9tablissement et signature des cartes d'identit\u00e9 de fonctionnaires, des cartes professionnelles, \u00e0 l'exclusion de celles qui permettent \nd'exercer des contr\u00f4les \u00e0 l'ext\u00e9rieur du d\u00e9partement\n 24 \u00c9tablissement et signature des cartes de commissionnement autorisant les agents \u00e0 relever des infractions dans les cas pr\u00e9vus par la loi et \nle r\u00e8glement, \u00e0 l'exclusion des cartes qui permettent d'exercer des contr\u00f4les \u00e0 l'ext\u00e9rieur du d\u00e9partement\n25 Autorisation d'enseignement\n26 D\u00e9livrance des autorisations de conduire des v\u00e9hicules de l'administration\n27 D\u00e9livrance des autorisations d'utiliser un v\u00e9hicule personnel pour les besoins du service\n28 Autorisation de remisage des v\u00e9hicules de service\n29 \u00c9tablissement des ordres de mission\n6\n69_Pr\u00e9f_Pr\u00e9fecture du Rh\u00f4ne - 69-2025-09-08-00008 - Arr\u00eat\u00e9 pr\u00e9fectoral portant d\u00e9l\u00e9gation de signature \u00e0 M. Xavier CEREZA,\ndirecteur d\u00e9partemental des territoires du Rh\u00f4ne 44\n      \nI.B. Contentieux sur l'ensemble des domaines g\u00e9r\u00e9s par la DDT\n1 Actes du Pr\u00e9fet en mati\u00e8re d'infractions \u00e0 la l\u00e9gislation et la r\u00e9glementation de l'urbanisme pr\u00e9vues par le code de l'urbanisme\n2 Repr\u00e9sentation de l'\u00c9tat en audience devant les juridictions judiciaires et administratives\n3 Transaction amiable\nI.C. Affaires g\u00e9n\u00e9rales\n1 Remise au service local en charge du Domaine de terrains situ\u00e9s dans le Rh\u00f4ne devenus inutiles aux services du Minist\u00e8re en charge de  \nl'\u00c9quipement. \n2 Autorisation d'occupation temporaire ou de travaux d'entretien sur terrains de l'\u00c9tat plac\u00e9s sous la responsabilit\u00e9 du Minist\u00e8re en charge  \nde l'\u00c9quipement\nII\nII \u2013 ENVIRONNEMENT\nII.A Publicit\u00e9\nLes actes et courriers relatifs \u00e0 l'application de la r\u00e9glementation en mati\u00e8re d'affichage publicitaire\nII.B Eau et milieu aquatique\n1 Tous actes et courriers relatifs aux proc\u00e9dures de d\u00e9claration, d\u00e9claration d'int\u00e9r\u00eat g\u00e9n\u00e9ral, autorisation environnementale, en phase  \nd'instruction, d'enqu\u00eate publique et de d\u00e9cision\n2 Toutes mesures d'instruction, de notification, de validation de document, mise en demeure, de liquidation d'astreinte ou de transaction  \np\u00e9nale relevant du domaine sauf les sanctions ayant des engagements financiers de travaux pris en application de la police et de la  \nconservation des eaux, les mises en place d'astreintes administratives, de consignation de sommes, d'amende administrative\n3 Les changements d'exploitant, les modifications de l'installation des ouvrages, travaux, activit\u00e9s, les cessations d'activit\u00e9, la validation de  \nl'ant\u00e9riorit\u00e9, le d\u00e9classement d'ouvrages\n4 La pr\u00e9sidence du comit\u00e9 permanent de la Mission Inter Services de l'Eau et de la Nature\n5 L'organisation  et  la  convocation  de  r\u00e9unions  avec  des  partenaires  du  domaine  issus  des  repr\u00e9sentants  professionnels  ou  issus  des \ncollectivit\u00e9s\n6 Communiqu\u00e9s de presse et publicit\u00e9 l\u00e9gale, diffusion aux maires des arr\u00eat\u00e9s pr\u00e9fectoraux et lettres circulaire du domaine\n7 Les agr\u00e9ments, les modifications d'agr\u00e9ment, les suspensions, les cessations d'activit\u00e9 pour la r\u00e9alisation d'op\u00e9ration de vidange, de  \ntransport et d'\u00e9limination des mati\u00e8res extraites des installations d'assainissement non collectif\n7\n69_Pr\u00e9f_Pr\u00e9fecture du Rh\u00f4ne - 69-2025-09-08-00008 - Arr\u00eat\u00e9 pr\u00e9fectoral portant d\u00e9l\u00e9gation de signature \u00e0 M. Xavier CEREZA,\ndirecteur d\u00e9partemental des territoires du Rh\u00f4ne 45\n      \n8 Les actes et courriers relatifs aux d\u00e9rogations portant sur la r\u00e8gle d'implantation des stations de traitement des eaux us\u00e9es\n9 Les actes et courriers relatifs \u00e0 la r\u00e9utilisation des eaux non conventionnelles dans le cadre du guichet unique.\nII.C Patrimoine naturel\n 1\nToutes les mesures d'instruction, de prescription, de validation de document de d\u00e9cision relevant des domaines sites d'int\u00e9r\u00eat g\u00e9ologique, \nd'habitats naturels, d'esp\u00e8ces animales ou v\u00e9g\u00e9tales et de leur habitat\n 2 Toutes  mesures  d'instruction,  de  notification,  de  validation  de  document,  mise  en  demeure,  de  liquidation  d'astreinte  relevant  du \ndomaine sauf les mises en place d'astreintes administratives, de consignation de sommes ou d'amende administrative.\n 3 Instruction des demandes d'atteinte aux alignements d'arbres. (courriers aux p\u00e9titionnaires, demandes de pi\u00e8ces compl\u00e9mentaires, \narr\u00eat\u00e9s)\nII.D For\u00eat\n1 Toutes mesures d'instruction, de prescription, de validation de document relevant du domaine\nCommuniqu\u00e9s de presse et publicit\u00e9 l\u00e9gale, diffusion aux maires des arr\u00eat\u00e9s pr\u00e9fectoraux et lettre circulaire du domaine\n2 Tous actes et courriers relatifs aux proc\u00e9dures foresti\u00e8res, en phase d'enqu\u00eate publique, de consultation du public\n3 Toutes d\u00e9cisions relevant du domaine\nII.E Chasse\n1 Toutes mesures d'instruction, de prescription, de validation de document, de d\u00e9cision \n 2 Tous actes et courriers relatifs aux proc\u00e9dures en phase d'instruction, de consultation du public\n 3 Tous actes et courriers relatifs \u00e0 la transaction p\u00e9nale relevant du domaine \n4 Communiqu\u00e9s de presse, publicit\u00e9 l\u00e9gale et diffusion aux maires des arr\u00eat\u00e9s pr\u00e9fectoraux, lettre circulaire du domaine\n5  Pr\u00e9sidence des formations de la commission d\u00e9partementale de la chasse et de la faune sauvage\n6 Tutelle de la f\u00e9d\u00e9ration d\u00e9partementale des chasseurs\nII.F P\u00eache en eau douce et gestion des ressources piscicoles\n1 Toutes mesures d'instruction, de prescription, de validation de document, de d\u00e9cision\n 2 Tous actes et courriers relatifs aux proc\u00e9dures en phase d'instruction, de consultation du public.\n 3 Tous actes et courriers relatifs \u00e0 la transaction p\u00e9nale relevant du domaine\n4 Communiqu\u00e9s de presse, publicit\u00e9 l\u00e9gale et diffusion aux maires des arr\u00eat\u00e9s pr\u00e9fectoraux, lettre circulaire du domaine\n8\n69_Pr\u00e9f_Pr\u00e9fecture du Rh\u00f4ne - 69-2025-09-08-00008 - Arr\u00eat\u00e9 pr\u00e9fectoral portant d\u00e9l\u00e9gation de signature \u00e0 M. Xavier CEREZA,\ndirecteur d\u00e9partemental des territoires du Rh\u00f4ne 46\n      \n5 Pr\u00e9sidence du comit\u00e9 technique d\u00e9partemental p\u00eache\n6 Tutelle de la f\u00e9d\u00e9ration d\u00e9partementale de p\u00eache et des associations de p\u00eache et de protection des milieux aquatiques\nII.H Risques\n1 Les actes et courriers relatifs \u00e0 l'application de la l\u00e9gislation en mati\u00e8re de Plan de Pr\u00e9vention des Risques Technologiques , y compris les  \narr\u00eat\u00e9s d'ouvertures d'enqu\u00eates publiques\n2 Les actes et courriers relatifs \u00e0 l'application de la l\u00e9gislation en mati\u00e8re de Plan de Pr\u00e9vention des Risques Naturels , y compris les arr\u00eat\u00e9s  \nd'ouvertures d'enqu\u00eates publiques\n3 Les actes et courriers relatifs \u00e0 l'application de la l\u00e9gislation en mati\u00e8re de Plan de Pr\u00e9vention des Risques Miniers , y compris les arr\u00eat\u00e9s  \nd'ouvertures d'enqu\u00eates publiques\n4 Les actes et courriers relatifs \u00e0 l'utilisation du Fonds de Pr\u00e9vention des Risques Majeurs\n5 Pr\u00e9sidence de Commission d\u00e9partementale des risques naturels majeurs\nII.I Information et participation des citoyens\n 1 Tous actes et courriers relatifs \u00e0 l'information des acqu\u00e9reurs et locataires\n2 Tous actes et courriers relatifs aux comit\u00e9s locaux d'information et de concertation (CLIC) et aux commissions de suivi de site (CSS qui  \nvont remplacer les CLIC)\n3 Tous  actes  et  courriers  relatifs  \u00e0  l'application  de  la  l\u00e9gislation  en  mati\u00e8re  d'enqu\u00eate  publique  au  titre  des  risques  (naturels  et \ntechnologiques)\nII.J Protection du cadre de vie \u2013 nuisances sonores\n1 - instruction du classement des infrastructures de transport en cat\u00e9gories de bruit \n- courriers \u00e0 caract\u00e8re technique \u00e0 destination des communes et les gestionnaires d'infrastructures n\u00e9cessaire \u00e0 l'\u00e9laboration du \nclassement\n2 - d\u00e9livrance de subventions pour travaux d'isolation acoustique des points noirs de bruit des r\u00e9seaux routiers et ferroviaires nationaux\n3 - d\u00e9finition des secteurs \u00e9ligibles \u00e0 ces subventions, information et assistance aux propri\u00e9taires concern\u00e9s\n- courriers \u00e0 caract\u00e8re technique \u00e0 destination des communes et des particuliers n\u00e9cessaires \u00e0 la d\u00e9finition de ces secteurs \n4 - \u00e9tablissement des cartes de bruit et du plan de pr\u00e9vention du bruit dans l'environnement \n- courriers \u00e0 caract\u00e8re technique \u00e0 destination des communes et des gestionnaires d'infrastructures n\u00e9cessaires \u00e0 l'\u00e9laboration des cartes \net des plans de pr\u00e9vention \n\u2013 mobilisation du BOP 203 pour avis de publication du plan de pr\u00e9vention (signature devis pour parution d'annonces par exemple)\n9\n69_Pr\u00e9f_Pr\u00e9fecture du Rh\u00f4ne - 69-2025-09-08-00008 - Arr\u00eat\u00e9 pr\u00e9fectoral portant d\u00e9l\u00e9gation de signature \u00e0 M. Xavier CEREZA,\ndirecteur d\u00e9partemental des territoires du Rh\u00f4ne 47\n      \nII.K Am\u00e9lioration de la qualit\u00e9 de   l'  environnement  \n1 Toutes, correspondances, mesures relatifs \u00e0 l'am\u00e9lioration de la qualit\u00e9 de l'environnement et \u00e0 la pr\u00e9vention des pollutions, y compris par \nla mise en \u0153uvre des mesures de police y aff\u00e9rentes. \n2 D\u00e9rogation temporaire au calendrier d'\u00e9pandage de fertilisants azot\u00e9s dans les zones vuln\u00e9rables \u00e0 la pollution par les nitrates d'origine  \nagricole\nIII EXAMEN DU PERMIS DE CONDUIRE ROUTIER\n1 Gestion des proc\u00e9dures de r\u00e9partition et d'attribution des places d'examen du permis de conduire\n2 Convention entre l'\u00c9tat et les \u00e9tablissements de l'enseignement de la conduite relative aux pr\u00eats ne portant pas int\u00e9r\u00eat destin\u00e9s \u00e0 financer \nune formation \u00e0 la conduite et \u00e0 la s\u00e9curit\u00e9 routi\u00e8re (dispositif du \u00ab permis \u00e0 un euro par jour \u00bb)\n3 Toute d\u00e9cision et correspondance relative \u00e0 l'organisation et \u00e0 la r\u00e9alisation des examens de permis de conduire routier et des contr\u00f4les  \nassoci\u00e9s, en auto-\u00e9cole et vis-\u00e0-vis des op\u00e9rateurs agr\u00e9\u00e9s pour les examens du code de la route\n4 Proc\u00e9dure contradictoire \u00e0 l'encontre d'un candidat potentiellement fraudeur \u00e0 l'\u00e9preuve th\u00e9orique du code de la route (hors d\u00e9cision  \nd'invalidation)\nIV HABITAT\nIV.A Dispositions diverses\n1 Autorisation de cession de biens immobiliers\n2 Exon\u00e9ration du remboursement des aides de l'\u00c9tat\n3 Autorisation d'\u00e9chelonnement du remboursement des pr\u00eats aid\u00e9s en cours\n4 Acquisition de parts de SCI par les offices publics de l'habitat\n5\nAvis avant agr\u00e9ment \u00e0 ma\u00eetrise d'ouvrage associative\n6\nPorter \u00e0 connaissance dans le cadre des programmes locaux de l'habitat (PLH)\n7 Avis de l'\u00c9tat avant pr\u00e9sentation des PLH au Comit\u00e9 R\u00e9gional de l'Habitat et de l'h\u00e9bergement (CRHH)\n8 Courriers aux communes soumises \u00e0 l'application de l'article 55 de la Loi SRU pour l'inventaire annuel et le pr\u00e9l\u00e8vement annuel\n9 Loyers HLM : Demande de 2\u00e8me d\u00e9lib\u00e9ration en cas d'augmentation de loyer d\u00e9passant la recommandation annuelle\n10\n69_Pr\u00e9f_Pr\u00e9fecture du Rh\u00f4ne - 69-2025-09-08-00008 - Arr\u00eat\u00e9 pr\u00e9fectoral portant d\u00e9l\u00e9gation de signature \u00e0 M. Xavier CEREZA,\ndirecteur d\u00e9partemental des territoires du Rh\u00f4ne 48\n      \nIV.B Conventions ouvrant droit \u00e0 l'APL\n1 Signature et notification des conventions et de leurs avenants \n2 Formalit\u00e9s de publicit\u00e9 fonci\u00e8re\n3 Acceptation des d\u00e9nonciations\nIV.C Financement du logement locatif social et interm\u00e9diaire\nSubvention et pr\u00eats pour la construction, l'acquisition et l'am\u00e9lioration des logements locatifs aid\u00e9s sociaux\n1 D\u00e9cision d'octroi de subvention\n2 d\u00e9cision d'agr\u00e9ment valant autorisation \u00e0 souscrire des pr\u00eats r\u00e9glement\u00e9s\n3 D\u00e9rogation pour commencer les travaux avant l'octroi de la d\u00e9cision de financement\n4 Prorogation du d\u00e9lai d'ach\u00e8vement des travaux\n5 D\u00e9rogation pour majoration de subvention\n6 D\u00e9rogation aux normes minimales d'habitabilit\u00e9 en acquisition am\u00e9lioration\n7 D\u00e9cision d'annulation partielle ou totale\nR\u00e9habilitation des logements locatifs sociaux\n8 D\u00e9cisions d'octroi d'aides\n9 D\u00e9cision d'agr\u00e9ment valant autorisation \u00e0 souscrire des pr\u00eats r\u00e9glement\u00e9s\n10 D\u00e9cision d'annulation\n11 D\u00e9rogation pour commencer les travaux avant l'octroi de la d\u00e9cision de financement\n12  Prorogation du d\u00e9lai d'ach\u00e8vement des travaux\n13 D\u00e9rogation aux montants de subvention\n14 D\u00e9rogation \u00e0 la mise en conformit\u00e9 totale avec les normes minimales d'habitabilit\u00e9\nR\u00e9sidence h\u00f4teli\u00e8re \u00e0 vocation sociale\n15 D\u00e9cision d'annulation\n16 Prorogation du d\u00e9lai implicite de rejet\n17 Agr\u00e9ment de l'op\u00e9ration\n11\n69_Pr\u00e9f_Pr\u00e9fecture du Rh\u00f4ne - 69-2025-09-08-00008 - Arr\u00eat\u00e9 pr\u00e9fectoral portant d\u00e9l\u00e9gation de signature \u00e0 M. Xavier CEREZA,\ndirecteur d\u00e9partemental des territoires du Rh\u00f4ne 49\n      \n18 Agr\u00e9ment du gestionnaire \nIV.D Convention   d'  utilit\u00e9 sociale (CUS)  \nAvis du Pr\u00e9fet de d\u00e9partement concernant les CUS et leurs avenants, et toute correspondance aff\u00e9rente\nIV.E Lutte contre l'insalubrit\u00e9 et le risque plomb\n1 Diagnostic plomb et contr\u00f4le : march\u00e9s et lettres de commande\n2 Travaux d'office plomb insalubrit\u00e9 : march\u00e9s et lettres de commande\n3 Diagnostic technique pour arr\u00eat\u00e9 insalubrit\u00e9 (lettres de commande)\n4 H\u00e9bergement dans proc\u00e9dure insalubrit\u00e9 et risque plomb\nIV.F R\u00e9quisition de logements vacants\n1 D\u00e9cision d'octroi de subvention\n2 D\u00e9cision d'annulation de subvention\nIV.G Gens du voyage\n1 D\u00e9cision d'octroi de subvention pour aire d'accueil, terrain de grand passage, terrains familiaux\n2 D\u00e9cision d'annulation pour aire d'accueil, terrain de grand passage, terrains familiaux\nIV.H D\u00e9molition et changement d'usage\n1 D\u00e9cision d'octroi de subvention\n2 D\u00e9cision d'annulation de subvention\n3 Prorogation pour commencer les travaux avant que le dossier soit complet \n4 Prorogation du d\u00e9lai de rejet implicite du dossier\n5 Autorisation d'exon\u00e9rer partiellement ou en totalit\u00e9 le remboursement des aides de l'\u00c9tat\n6 Prise en compte du dossier d'intention de d\u00e9molir\n7 Autorisation administrative de d\u00e9molir\n8 Autorisation d'\u00e9chelonnement du remboursement des pr\u00eats aid\u00e9s en cours\nIV.I Accession sociale \u00e0 la propri\u00e9t\u00e9 (PSLA)\n1 D\u00e9cision d'agr\u00e9ment des op\u00e9rations\n2 D\u00e9cision d'annulation totale ou partielle d'agr\u00e9ment \n12\n69_Pr\u00e9f_Pr\u00e9fecture du Rh\u00f4ne - 69-2025-09-08-00008 - Arr\u00eat\u00e9 pr\u00e9fectoral portant d\u00e9l\u00e9gation de signature \u00e0 M. Xavier CEREZA,\ndirecteur d\u00e9partemental des territoires du Rh\u00f4ne 50\n      \n3 D\u00e9cision de confirmation de la lev\u00e9e d'option par les acc\u00e9dants\nIV.J Ma\u00eetrise d'\u0153uvre urbaine et sociale et autres prestations d'ing\u00e9nierie\n1 D\u00e9cision d'octroi de subvention\n2 D\u00e9cision d'annulation de subvention\nIV.K Observation/\u00e9tudes/\u00e9valuation\n1 D\u00e9cision d'octroi de subvention\n2 D\u00e9cision d'annulation de subvention\nIV.L Action fonci\u00e8re et am\u00e9nagement urbain\n1 D\u00e9cision d'octroi de subvention\n2 D\u00e9cision d'annulation de subvention\nIV.M Aide aux communes participant \u00e0 l'effort de construction de logements\n1 Notification des d\u00e9cisions attributives de l'aide aux communes b\u00e9n\u00e9ficiaires\n 2 Notification d'une demande de remboursement total ou partiel de l'aide distribu\u00e9e\nIV.N Encadrement des loyers\n1 Courriers de mise en demeure des bailleurs\n2 Courriers de prononciation d'amendes\nIV.O Permis de louer\n1 Courriers d'information pr\u00e9alables \u00e0 la prononciation d'une amende\n2 Courriers de prononciation d'amende\nIV.P Permis de diviser\n1 Courriers d'information pr\u00e9alables \u00e0 la prononciation d'une amende\n2 Courriers de prononciation d'amende\nV CONSTRUCTION / ACCESSIBILIT\u00c9 AUX PERSONNES A MOBILIT\u00c9 R\u00c9DUITE\nV.A. Qualit\u00e9 de la construction\n1 Dans le cadre de l'exercice du contr\u00f4le du respect des r\u00e8gles de construction, correspondance avec les ma\u00eetres d'ouvrages des op\u00e9rations  \n13\n69_Pr\u00e9f_Pr\u00e9fecture du Rh\u00f4ne - 69-2025-09-08-00008 - Arr\u00eat\u00e9 pr\u00e9fectoral portant d\u00e9l\u00e9gation de signature \u00e0 M. Xavier CEREZA,\ndirecteur d\u00e9partemental des territoires du Rh\u00f4ne 51\n      \nde construction contr\u00f4l\u00e9es\n2 N\u00e9gociations avec les collectivit\u00e9s concern\u00e9es, puis signature des arr\u00eat\u00e9s portant sur la d\u00e9limitation de zones de pr\u00e9sence d'un risque de \nm\u00e9rule ou de zones susceptibles d'\u00eatre contamin\u00e9es par les termites\n3 Correspondance avec les propri\u00e9taires et/ou gestionnaires d'ERP soumis \u00e0 obligations en termes de surveillance de la qualit\u00e9 de l'air  \nint\u00e9rieur en cas de d\u00e9passement des valeurs limites\n4 Correspondance avec les propri\u00e9taires ou gestionnaires d'\u00e9tablissements soumis aux obligations issues du d\u00e9cret tertiaire N\u00b02019-771 du  \n23 juillet 2019 relatif \u00e0 la r\u00e9duction de la consommation d'\u00e9nergie finale dans les b\u00e2timents \u00e0 usage tertiaire\nV.B Accessibilit\u00e9\n1 Secr\u00e9tariat et pr\u00e9sidence de la sous-commission d\u00e9partementale pour l'accessibilit\u00e9 aux personnes handicap\u00e9es (SCDA) \n2 Instruction et rapport \u00e0 la SCDA des dossiers accessibilit\u00e9 relevant de la responsabilit\u00e9 de cette sous-commission \n3 - D\u00e9cisions concernant les agendas d'accessibilit\u00e9 programm\u00e9e (Ad'AP), et sch\u00e9mas directeurs d'accessibilit\u00e9 \u2013 agendas d'accessibilit\u00e9  \nprogramm\u00e9e des r\u00e9seaux de transport (Sd'AP)\n4 Arr\u00eat\u00e9s et d\u00e9cisions concernant les d\u00e9rogations aux r\u00e8gles d'accessibilit\u00e9 \nV.C Immobilier de l'\u00c9tat\n1 Ma\u00eetrise d'ouvrage des op\u00e9rations immobili\u00e8res d'investissement relevant de la responsabilit\u00e9 du propri\u00e9taire pour la construction de la  \nnouvelle cit\u00e9 administrative d'\u00c9tat\n2 Ma\u00eetrise d'ouvrage des \u00e9tudes et travaux de gros entretien, de construction ou de r\u00e9novation relevant du propri\u00e9taire sur les b\u00e2timents de  \nl'\u00c9tat ou mis \u00e0 sa disposition situ\u00e9s dans le d\u00e9partement du Rh\u00f4ne et occup\u00e9s par les services suivants  : Pr\u00e9fecture, DREAL, DRAC, DRAAF, \nDREETS, DDETS, DDPP , DDT, DIR-CE, restaurants inter-administratifs et pour lesquels les financements sont d\u00e9l\u00e9gu\u00e9s \u00e0 la DDT.\nVI TRANSPORTS TERRESTRES\nVI.A Transports guid\u00e9s\nApplication de la r\u00e9glementation relative \u00e0 la s\u00e9curit\u00e9 des transports publics guid\u00e9s : \n- dossier de conception de la s\u00e9curit\u00e9 : avis sur la compl\u00e9tude, avis sur le dossier\n- dossier de d\u00e9finition de s\u00e9curit\u00e9 : avis sur la compl\u00e9tude et l'approbation\n- dossier de conception de la s\u00e9curit\u00e9 : avis sur la compl\u00e9tude et l'approbation \n- dossier pr\u00e9liminaire de s\u00e9curit\u00e9 : avis sur la compl\u00e9tude et approbation\n- dossier d'autorisation des tests et essais : avis sur l'autorisation\n- dossier de s\u00e9curit\u00e9 : avis sur la compl\u00e9tude, courrier de suspension d'instruction et courrier de prorogation de d\u00e9lais\nVI.B Transports de voyageurs\nApplication de la r\u00e9glementation des transports de voyageurs \u00e0 l'exception des d\u00e9cisions portant cr\u00e9ation des p\u00e9rim\u00e8tres urbains et des  \n14\n69_Pr\u00e9f_Pr\u00e9fecture du Rh\u00f4ne - 69-2025-09-08-00008 - Arr\u00eat\u00e9 pr\u00e9fectoral portant d\u00e9l\u00e9gation de signature \u00e0 M. Xavier CEREZA,\ndirecteur d\u00e9partemental des territoires du Rh\u00f4ne 52\n      \nd\u00e9cisions portant fixation des tarifs\nVI.C Circulation routi\u00e8re\n1 Arr\u00eat\u00e9s de circulation temporaires ou permanents concernant les routes du r\u00e9seau routier national.\n2 Arr\u00eat\u00e9s de circulation temporaires ou permanents, sur le p\u00e9rim\u00e8tre des a\u00e9rodromes de Lyon Saint-Exup\u00e9ry et Lyon Bron\n3 Avis et arr\u00eat\u00e9s de circulation, temporaires ou permanents, concernant les routes class\u00e9es \u00ab  routes \u00e0 grande circulation \u00bb : avis sur projets,  \navis sur arr\u00eat\u00e9s de circulation, temporaires ou permanents, prise d'arr\u00eat\u00e9\n4 Autorisation de circulation des petits trains routiers: avis sur la compl\u00e9tude du dossier, avis sur le dossier, prise d'arr\u00eat\u00e9\n5 D\u00e9rogation \u00e0 l'usage des pneus clout\u00e9s et \u00e0 crampons\nVI.D  Transport fluvial - Permis et titres de navigation\n1 Toutes les d\u00e9cisions, dans le ressort des d\u00e9partements pour lesquels la DDT du Rh\u00f4ne est service instructeur dans les domaines suivants :\n2 - les titres de navigation \n3 - les certificats de jaugeage\n4 - les certificats de qualification de conducteurs, leur suspension et leur retrait \u00e9ventuels \n5 - les certificats de qualification sp\u00e9cifiques n\u00e9cessaires pour la navigation avec passagers et la conduite au radar, leur suspension et leur  \nretrait \u00e9ventuels \n6 - les certificats de qualification des membres d'\u00e9quipage de pont, leur suspension et leur retrait \u00e9ventuels\n7 - les certificats de capacit\u00e9 des cat\u00e9gories \" PA \", \" PB \" et \" PC \", leur suspension et leur retrait \u00e9ventuels\n8 - les certificats d'agr\u00e9ment pour les bateaux transportant des marchandises dangereuses \n9 - les certificats d'immatriculation\n10 - les certificats d'appartenance \u00e0 la flotte fran\u00e7aise\n11 -  les autorisations d'enseigner (plaisance) \n12 - les agr\u00e9ments des organismes de formation (plaisance) ainsi que les agr\u00e9ments pour la randonn\u00e9e encadr\u00e9e en VNM\n13 -  la d\u00e9livrance des permis de conduire les bateaux de plaisance, des duplicatas et les certificats internationaux,  leur suspension et leur  \nretrait \u00e9ventuels \n14 - l'inscription et l' immatriculation de marques ext\u00e9rieures d'identit\u00e9 des bateaux de plaisance naviguant ou stationnant sur les eaux  \nint\u00e9rieures\n15\n69_Pr\u00e9f_Pr\u00e9fecture du Rh\u00f4ne - 69-2025-09-08-00008 - Arr\u00eat\u00e9 pr\u00e9fectoral portant d\u00e9l\u00e9gation de signature \u00e0 M. Xavier CEREZA,\ndirecteur d\u00e9partemental des territoires du Rh\u00f4ne 53\n      \n15 - la d\u00e9signation des examinateurs et surveillants de salles, l'\u00e9laboration et la validation du planning des sessions (plaisance - hauturiers et  \ncommerce)\n16 - l'agr\u00e9ment des noliseurs (loueurs)\nVII\nRECENSEMENT DES ENTREPRISES POUR LA DEFENSE ET LA SECURITE\nRecensement et radiation des entreprises de travaux publics et de b\u00e2timent (TP/B) pour la d\u00e9fense\nVIII URBANISME\nVIII. \nA\nDemandes et autorisations d'utilisation du sol\n1 Convention de mise \u00e0 disposition\nLes conventions de mise \u00e0 disposition des services pour l'instruction des autorisations et des actes relatifs \u00e0 l'occupation du sol pass\u00e9es  \navec les communes dont la population est inf\u00e9rieure \u00e0 10000 habitants, et les EPCI dont la population est inf\u00e9rieure \u00e0 10000 habitants\n2 Certificat d'urbanisme\nTous les actes, d\u00e9cisions, correspondances relatives aux certificats d'urbanisme de tous types, \u00e0 l'exclusion :\n- des certificats d'urbanisme d\u00e9pos\u00e9s en vue de la r\u00e9alisation d'une op\u00e9ration lorsque cette op\u00e9ration est au nombre de celles pour  \nlesquelles la signature du permis de construire ou du permis d'am\u00e9nager n'est pas d\u00e9l\u00e9gu\u00e9e\n- des certificats d'urbanisme concernant les demandes d\u00e9pos\u00e9es pour le compte d'\u00c9tats \u00e9trangers ou d'organisations internationales\n- des certificats d'urbanisme s'il y a d\u00e9saccord entre le maire et le responsable du service de l'\u00c9tat dans le d\u00e9partement charg\u00e9 de  \nl'instruction\n3 Autorisations d  'urbanisme  \nTous les actes, d\u00e9cisions, correspondances relatives \u00e0 toutes les autorisations d'urbanisme, y compris l'ouverture des enqu\u00eates publiques, \u00e0 \nl'exclusion :\n- des permis et d\u00e9clarations s'il y a d\u00e9saccord entre le maire et le responsable du service de l'\u00c9tat dans le d\u00e9partement charg\u00e9 de  \nl'instruction\n- des permis lorsque la surface de plancher cr\u00e9\u00e9e est sup\u00e9rieure \u00e0 2 500 m\u00b2\n- des actes concernant des demandes d\u00e9pos\u00e9es pour le compte d'\u00c9tats \u00e9trangers ou d'organisations internationales\n- des permis et d\u00e9clarations concernant les installations nucl\u00e9aires de base\n- en cas d'\u00e9vocation du dossier par le Ministre charg\u00e9 de la protection de la nature ou le Ministre charg\u00e9 des monuments historiques et des \nespaces prot\u00e9g\u00e9s\n16\n69_Pr\u00e9f_Pr\u00e9fecture du Rh\u00f4ne - 69-2025-09-08-00008 - Arr\u00eat\u00e9 pr\u00e9fectoral portant d\u00e9l\u00e9gation de signature \u00e0 M. Xavier CEREZA,\ndirecteur d\u00e9partemental des territoires du Rh\u00f4ne 54\n      \n- des permis et d\u00e9clarations concernant les op\u00e9rations ayant fait l'objet d'une convention prise sur le fondement de l'article L 302-9-1 du  \ncode de la construction et de l'habitation\n4 Contr\u00f4le de la conformit\u00e9 des travaux\nTous actes, d\u00e9cisions, correspondances relatives \u00e0 la conformit\u00e9 des travaux\nAvis conformes du pr\u00e9fet\n5 Tous les avis conformes du pr\u00e9fet recueillis par le maire ou le pr\u00e9sident de l'\u00e9tablissement public de coop\u00e9ration intercommunale lorsqu'il \nest comp\u00e9tent, si le projet est situ\u00e9 :\n- sur une partie du territoire communal non couverte par une carte communale, un plan local d'urbanisme ou un document d'urbanisme  \nen tenant lieu \n- dans un p\u00e9rim\u00e8tre o\u00f9 des mesures de sauvegarde pr\u00e9vues par l'article L. 424-1 peuvent \u00eatre appliqu\u00e9es, lorsque ce p\u00e9rim\u00e8tre a \u00e9t\u00e9  \ninstitu\u00e9 \u00e0 l'initiative d'une personne autre que la commune\n6 En cas d'annulation par voie juridictionnelle ou d'abrogation d'une carte communale, d'un plan local d'urbanisme ou d'un document  \nd'urbanisme en tenant lieu, ou de constatation de leur ill\u00e9galit\u00e9 par la juridiction administrative ou l'autorit\u00e9 comp\u00e9tente et lorsque cette  \nd\u00e9cision n'a pas pour effet de remettre en vigueur un document d'urbanisme ant\u00e9rieur, tous les avis conformes du pr\u00e9fet recueillis par le  \nmaire ou le pr\u00e9sident de l'\u00e9tablissement public de coop\u00e9ration intercommunale lorsqu'il est comp\u00e9tent, sur les demandes de permis ou  \nles d\u00e9clarations pr\u00e9alables post\u00e9rieures \u00e0 cette annulation, \u00e0 cette abrogation ou \u00e0 cette constatation\n7 Avis de la Commission D\u00e9partementale de la Protection des Espaces Naturels, Agricoles et Forestiers relatifs \u00e0 tous dossiers\n8 Avis de l'\u00c9tat sur la th\u00e9matique \u00ab risques \u00bb sur les d\u00e9cisions d'urbanisme\nVIII.B Instruction des diff\u00e9rentes proc\u00e9dures d'urbanisme\nPlans Locaux d'Urbanisme (PLU et PLUI)\n1 Porter \u00e0 connaissance : Lettres d'envoi aux maires et pr\u00e9sidents d'EPCI des \u00e9l\u00e9ments pr\u00e9vus \u00e0 l'article R. 132-2 du code de l'urbanisme\n2 Associations de l'\u00c9tat :\n- Lettres aux maires et pr\u00e9sidents d'EPCI pour d\u00e9finir les modalit\u00e9s de l'association de l'\u00c9tat aux proc\u00e9dures de PLU(I)\n- Lettres aux maires et pr\u00e9sidents d'EPCI pour formaliser les enjeux de l'\u00c9tat sur leur territoire\n- Avis de l'\u00c9tat \n- lors des r\u00e9visions de PLU(I), sur projets arr\u00eat\u00e9s\n- lors des r\u00e9visions all\u00e9g\u00e9es avec examens conjoints ou des modifications avec ou sans enqu\u00eates (proc\u00e9dures interm\u00e9diaires), sur projets  \narr\u00eat\u00e9s. \n3\n \nProc\u00e9dure de d\u00e9claration de projet d'une op\u00e9ration lorsque celle-ci n'est pas compatible avec un PLU ou un POS et ne requiert pas de  \nd\u00e9claration d'utilit\u00e9 publique et qu'elle est r\u00e9alis\u00e9e par une collectivit\u00e9 territoriale, un groupement de collectivit\u00e9s ou un \u00e9tablissement  \npublic d\u00e9pendant d'une collectivit\u00e9 autre que l'EPCI comp\u00e9tent en mati\u00e8re de PLU ou de POS  \n- Les actes et les courriers relatifs \u00e0 l'organisation de l'enqu\u00eate publique, y compris les arr\u00eat\u00e9s d'ouvertures d'enqu\u00eates publiques.  \n17\n69_Pr\u00e9f_Pr\u00e9fecture du Rh\u00f4ne - 69-2025-09-08-00008 - Arr\u00eat\u00e9 pr\u00e9fectoral portant d\u00e9l\u00e9gation de signature \u00e0 M. Xavier CEREZA,\ndirecteur d\u00e9partemental des territoires du Rh\u00f4ne 55\n      \n(articles correspondants : articles L 123-1 \u00e0 L 123-19, R 123-1 \u00e0 R 123-27 du code de l'environnement\n- Tous les actes et les courriers n\u00e9cessaires \u00e0 la proc\u00e9dure de d\u00e9claration de projet\nSch\u00e9ma de coh\u00e9rence territoriale\n4 Porter \u00e0 connaissance : lettres d'envoi aux maires et pr\u00e9sidents d'EPCI des \u00e9l\u00e9ments pr\u00e9vus \u00e0 l'article R. 132-2 du code de l'urbanisme\n5 Proc\u00e9dure de d\u00e9claration de projet d'une op\u00e9ration lorsque celle-ci n'est pas compatible avec un SCOT et ne requiert pas de d\u00e9claration  \nd'utilit\u00e9 publique et qu'elle est r\u00e9alis\u00e9e par une collectivit\u00e9 territoriale, un groupement de collectivit\u00e9s ou un \u00e9tablissement public  \nd\u00e9pendant d'une collectivit\u00e9 autre que \u00e9tablissement public comp\u00e9tent (articles correspondants L 300-6, L. 143-44 \u00e0 L. 143-50 du code de  \nl'urbanisme)\n1) Les actes et les courriers relatifs \u00e0 l'organisation de l'enqu\u00eate publique, y compris les arr\u00eat\u00e9s d'ouvertures d'enqu\u00eates publiques.  \n(articles correspondants : articles L 123-1 \u00e0 L 123-19, R 123-1 \u00e0 R 123-27 du code de l'environnement \n2) Tous les actes et les courriers n\u00e9cessaires \u00e0 la proc\u00e9dure de d\u00e9claration de projet\nCartes Communales\n6 Porter \u00e0 connaissance : Lettres d'envoi aux maires des \u00e9l\u00e9ments pr\u00e9vus \u00e0 l'article L 132-2 du code de l'urbanisme\nZones d'Am\u00e9nagement Diff\u00e9r\u00e9 (ZAD)\n7 Instruction : tous actes d'instruction\n8 D\u00e9cision :\n- arr\u00eat\u00e9 d\u00e9limitant le p\u00e9rim\u00e8tre provisoire de la ZAD\n- arr\u00eat\u00e9 de cr\u00e9ation de ZAD lorsque la commune ou l'EPCI comp\u00e9tent(e) a donn\u00e9 un avis favorable\n- arr\u00eat\u00e9 de renouvellement de ZAD lorsque la commune ou l'EPCI comp\u00e9tent (e) a donn\u00e9 un avis favorable\n- arr\u00eat\u00e9 de suppression de ZAD \u00e0 la demande de la commune ou de l'EPCI comp\u00e9tent(e)\n9 4 \u2013 Unit\u00e9s Touristiques Nouvelles (UTN)\nTous actes n\u00e9cessaires \u00e0 l'instruction des dossiers de demandes de cr\u00e9ations d'unit\u00e9s touristiques nouvelles (UTN) et notamment :\n- la demande \u00e9ventuelle de pi\u00e8ces manquant au dossier de demandes et l'accus\u00e9 de r\u00e9ception des dossiers de demandes complets\n- la notification aux collectivit\u00e9s ou aux \u00e9tablissements publics de coop\u00e9ration intercommunale demandeurs de la date \u00e0 laquelle la  \ndemande sera examin\u00e9e, selon le cas, par la commission sp\u00e9cialis\u00e9e du comit\u00e9 de massif territorialement comp\u00e9tent ou par la formation  \nsp\u00e9cialis\u00e9e UTN de la commission d\u00e9partementale de la nature, des paysages et des sites\n- l'arr\u00eat\u00e9 prescrivant la mise \u00e0 disposition du public du dossier joint \u00e0 la demande de cr\u00e9ation d'UTN\n- la signature et la transmission au pr\u00e9sident et aux membres de la commission sp\u00e9cialis\u00e9e du comit\u00e9 de massif territorialement comp\u00e9tent \nou de la formation UTN de la commission d\u00e9partementale de la nature, des paysages et des sites, du compte-rendu des avis des services  \nconsult\u00e9s et des observations recueillies du public\n18\n69_Pr\u00e9f_Pr\u00e9fecture du Rh\u00f4ne - 69-2025-09-08-00008 - Arr\u00eat\u00e9 pr\u00e9fectoral portant d\u00e9l\u00e9gation de signature \u00e0 M. Xavier CEREZA,\ndirecteur d\u00e9partemental des territoires du Rh\u00f4ne 56\n      \nProjet d'Int\u00e9r\u00eat G\u00e9n\u00e9ral (PIG)\n10 Instruction : tous actes d'instruction\nAm\u00e9nagement Foncier Agricole et Forestier (AFAF)\n11 Porter \u00e0 connaissance et lettres d'envoi\n12 Prescriptions environnementales et lettres de notification\n D\u00e9cision pour autoriser les travaux connexes et le nouveau plan parcellaire \nZones agricoles prot\u00e9g\u00e9es (ZAP)\n13 Actes et courriers relatifs \u00e0 l'application de la l\u00e9gislation en mati\u00e8re de ZAP \n14 Actes et courriers relatifs \u00e0 l'application de la l\u00e9gislation en mati\u00e8re d'enqu\u00eate publique au titre des ZAP\n IX AGRICULTURE\nIX.A Politique agricole et structures\n1 Toutes les d\u00e9cisions relatives \u00e0 la pr\u00e9sidence de la CDOA (Commission D\u00e9partementale d'Orientation de l'Agriculture) et ses sections, ainsi \nque l'arr\u00eat\u00e9 fixant sa composition\n2 Toutes les d\u00e9cisions relatives \u00e0 la Commission Consultative D\u00e9partementale des Baux Ruraux (y compris sa composition) et \u00e0 la fixation  \ndes fermages\n3 Toutes les d\u00e9cisions relatives \u00e0 la pr\u00e9sidence du Comit\u00e9 d\u00e9partemental d'expertise, ainsi que l'arr\u00eat\u00e9 fixant sa composition\n4 Actes et correspondances relatives au contr\u00f4le des structures : accus\u00e9s de r\u00e9ception de dossiers (complets ou incomplets), mise en \u0153uvre \ndu dispositif d'autorisation pr\u00e9alable aux op\u00e9rations soci\u00e9taires\n5 Aides dans le cadre d'op\u00e9rations group\u00e9es d'am\u00e9nagement foncier\n6 D\u00e9cisions relatives au suivi des GAEC (agr\u00e9ments, d\u00e9rogations, retraits d'agr\u00e9ment, d\u00e9cisions li\u00e9es \u00e0 la transparence des GAEC)\nIX.B Productions agricoles et aides \u00e0 l'agriculture\n1 Mesures d'organisation et d\u00e9cisions relatives \u00e0 toutes les aides vers\u00e9es dans le cadre du premier pilier de la PAC, quel que soit le financeur \n2 Mesures d'organisation et d\u00e9cisions relatives \u00e0 toutes les aides vers\u00e9es dans le cadre du second pilier de la PAC (FEADER), quel que soit le  \nfinanceur \n3 Toutes correspondances et d\u00e9cisions d'attribution ou de refus relatives \u00e0 des aides du minist\u00e8re en charge de l'agriculture, notamment  \naides conjoncturelles ou exceptionnelles (fonds d'urgence)\n4 D\u00e9cisions relatives aux aides nationales \u00e0 l'installation des jeunes agriculteurs\n19\n69_Pr\u00e9f_Pr\u00e9fecture du Rh\u00f4ne - 69-2025-09-08-00008 - Arr\u00eat\u00e9 pr\u00e9fectoral portant d\u00e9l\u00e9gation de signature \u00e0 M. Xavier CEREZA,\ndirecteur d\u00e9partemental des territoires du Rh\u00f4ne 57\n      \n5 Agr\u00e9ment et validation des plans de professionnalisation personnalis\u00e9s\n6 D\u00e9cisions relatives aux aides aux agriculteurs en difficult\u00e9 et conventions aff\u00e9rentes  : d\u00e9signation des experts habilit\u00e9s \u00e0 r\u00e9aliser analyses  \net suivis, d\u00e9cisions individuelles, dispositifs relevant de l'AITA, l'ARP et de l'AREA\n7 D\u00e9rogation \u00e0 la cessation d'activit\u00e9\n8 D\u00e9cisions relatives aux indemnit\u00e9s octroy\u00e9es par le Fonds National de Garantie des Calamit\u00e9s Agricoles et par le Fonds de Solidarit\u00e9  \nNationale, notamment d\u00e9signation des membres de la mission d'enqu\u00eate dans le cadre du r\u00e9gime de garantie contre les calamit\u00e9s  \nagricoles\n9 D\u00e9cisions relatives \u00e0 la fixation du ban des vendanges et aux modalit\u00e9s d'achat de r\u00e9coltes (vendanges, mo\u00fbts, vins)\n10 R\u00e9quisition de fourniture d'\u00e9nergie r\u00e9serv\u00e9e pour usage agricole\nX DIVERS\nX.A Attribution des subventions ou pr\u00eats aux particuliers et organismes (autres que collectivit\u00e9s locales, \u00e9tablissements et organismes \nd\u00e9partementaux, communaux et intercommunaux) susceptibles de b\u00e9n\u00e9ficier de l'aide de l'\u00c9tat (minist\u00e8re de l'Agriculture)\n  \nX.B\nConventions de mise \u00e0 disposition et d'\u00e9change de donn\u00e9es li\u00e9es \u00e0 l'activit\u00e9 de la direction d\u00e9partementale des Territoires du Rh\u00f4ne ou de \nses partenaires\nX.C Toutes mesures d'instruction et de suivi des dossiers relevant du Programme Op\u00e9rationnel FEDER 2007/2013 \nX.D Transition \u00e9cologique\n1 Courriers relatifs aux Plans Climat Air Energie Territorial, except\u00e9 les porter \u00e0 connaissance, note d'enjeux et avis de l'\u00c9tat sur le projet de  \nPCAET\n2 Courriers et d\u00e9rogations concernant le br\u00fblage \u00e0 l'air libre ou \u00e0 l'aide d'un incin\u00e9rateur individuel, des v\u00e9g\u00e9taux coup\u00e9s ou sur pied, par les  \nparticuliers ou les professionnels, r\u00e9glement\u00e9s par l'arr\u00eat\u00e9 pr\u00e9fectoral du 9 ao\u00fbt 2024\n3 D\u00e9ploiement  du  fonds  d'acc\u00e9l\u00e9ration  de  la  transition  \u00e9cologique  dans  les  territoires  - \"fonds  vert\" :  courrier,  accompagnement  et \ninstruction dans le cadre du d\u00e9ploiement du fonds d'acc\u00e9l\u00e9ration de la transition \u00e9cologique dans les territoires (\u00ab  fonds vert\u00bb)\n20\n69_Pr\u00e9f_Pr\u00e9fecture du Rh\u00f4ne - 69-2025-09-08-00008 - Arr\u00eat\u00e9 pr\u00e9fectoral portant d\u00e9l\u00e9gation de signature \u00e0 M. Xavier CEREZA,\ndirecteur d\u00e9partemental des territoires du Rh\u00f4ne 58\nArticle 2 : \nSont exclues de la d\u00e9l\u00e9gation donn\u00e9e aux articles pr\u00e9c\u00e9dents :\n\u2013 la signature des conventions pass\u00e9es au nom de l'\u00c9tat avec la M\u00e9tropole, le D\u00e9partement,  \nune ou plusieurs communes, leurs groupements ainsi que tout \u00e9tablissement public (art. 59  \ndu d\u00e9cret n\u00b0 2004-374 du 29 avril 2004) \u00e0 l'exception :\n\u2013 des conventions de mise \u00e0 disposition des services pour l'instruction des autorisations et  \ndes actes relatifs \u00e0 l'occupation du sol pass\u00e9es avec les communes dont la population est  \ninf\u00e9rieure  \u00e0  10 000 habitants,  et  les  EPCI  dont  la  population  est  inf\u00e9rieure  \u00e0  10 000 \nhabitants ;\n\u2013 de l'attribution des subventions ou pr\u00eats de l'\u00c9tat aux particuliers et organismes (autres  \nque collectivit\u00e9s locales, \u00e9tablissements et organismes d\u00e9partementaux, communaux et  \nintercommunaux) ;\n\u2013 des circulaires aux maires sauf celles concernant les domaines suivants :\n\u2013 Eau et milieu aquatique ;\n\u2013 Patrimoine naturel ;\n\u2013 For\u00eat ;\n\u2013 Chasse ;\n\u2013 P\u00eache en eau douce et gestion des ressources piscicoles ;\n\u2013 de toutes correspondances adress\u00e9es aux administrations centrales et qui sont relatives aux  \nprogrammes d'\u00e9quipement et \u00e0 leur financement, ainsi que celles dont le Pr\u00e9fet, se r\u00e9serve  \nexpress\u00e9ment la signature ;\n\u2013 de toutes correspondances adress\u00e9es aux cabinets minist\u00e9riels (les autres correspondances  \n\u00e9tant sous le r\u00e9gime du sous-couvert) ;\n\u2013 de  toutes  correspondances  adress\u00e9es  aux  Pr\u00e9sidents  des  assembl\u00e9es  r\u00e9gionales,  \nd\u00e9partementales et la M\u00e9tropole ;\n\u2013 de la signature des m\u00e9moires en r\u00e9ponse devant les juridictions administratives ;\n\u2013 des d\u00e9cisions d'acquisition, d'ali\u00e9nation, d'affectation du domaine priv\u00e9 et public de l'\u00c9tat.\nArticle 3 : \nM. Xavier CEREZA  peut donner sa d\u00e9l\u00e9gation aux agents plac\u00e9s sous son autorit\u00e9. Cette d\u00e9l\u00e9gation  \nde signature sera prise par une d\u00e9cision de subd\u00e9l\u00e9gation qui devra \u00eatre transmise \u00e0 la pr\u00e9f\u00e8te du  \nRh\u00f4ne aux fins de publication au recueil des actes administratifs de la pr\u00e9fecture.\nArticle 4 : \nLe pr\u00e9sent arr\u00eat\u00e9 peut faire l'objet d'un recours contentieux devant le tribunal administratif de Lyon \ndans un d\u00e9lai de deux mois \u00e0 compter de sa publication. Le tribunal administratif peut \u00eatre saisi  \nd'une requ\u00eate d\u00e9pos\u00e9e sur le site www.telerecours.fr.\nArticle 5 : \nL'arr\u00eat\u00e9 pr\u00e9fectoral n\u00b069-2024-07-25-00004 du 25  juillet 2024 portant d\u00e9l\u00e9gation de signature \u00e0 M.  \nXavier CEREZA, directeur d\u00e9partemental des territoires du Rh\u00f4ne, est abrog\u00e9.\nArticle 6 : \nLe pr\u00e9sent arr\u00eat\u00e9 entre en vigueur le 15 septembre 2025.\nAdresse postale : Pr\u00e9fecture du Rh\u00f4ne \u2013 69419 Lyon cedex 03 \nPour conna\u00eetre nos horaires d'ouverture et les modalit\u00e9s d'accueil : internet : www.rhone.gouv.fr ou t\u00e9l. : 04 72 61 61 61 (co\u00fbt d'un appel local)\n69_Pr\u00e9f_Pr\u00e9fecture du Rh\u00f4ne - 69-2025-09-08-00008 - Arr\u00eat\u00e9 pr\u00e9fectoral portant d\u00e9l\u00e9gation de signature \u00e0 M. Xavier CEREZA,\ndirecteur d\u00e9partemental des territoires du Rh\u00f4ne 59\nArticle 7 : \nLe  pr\u00e9fet,  secr\u00e9taire  g\u00e9n\u00e9ral  de  la  pr\u00e9fecture,  pr\u00e9fet  d\u00e9l\u00e9gu\u00e9  pour  l'\u00e9galit\u00e9  des  chances et  le \ndirecteur d\u00e9partemental des territoires du Rh\u00f4ne sont charg\u00e9s, chacun en ce qui le concerne, de  \nl'ex\u00e9cution du pr\u00e9sent arr\u00eat\u00e9 qui sera publi\u00e9 au recueil des actes administratifs de la pr\u00e9fecture du  \nRh\u00f4ne.\n                                     Fait, le 08/09/2025\nSign\u00e9\nFabienne BUCCIO\n22\n69_Pr\u00e9f_Pr\u00e9fecture du Rh\u00f4ne - 69-2025-09-08-00008 - Arr\u00eat\u00e9 pr\u00e9fectoral portant d\u00e9l\u00e9gation de signature \u00e0 M. Xavier CEREZA,\ndirecteur d\u00e9partemental des territoires du Rh\u00f4ne 60\n69_Pr\u00e9f_Pr\u00e9fecture du Rh\u00f4ne\n69-2025-09-08-00009\nArr\u00eat\u00e9 pr\u00e9fectoral portant d\u00e9l\u00e9gation de\nsignature \u00e0 M. Xavier CEREZA, directeur\nd\u00e9partemental des territoires du Rh\u00f4ne en\nmati\u00e8re d'ordonnancement secondaire et de\nmarch\u00e9s publics\n69_Pr\u00e9f_Pr\u00e9fecture du Rh\u00f4ne - 69-2025-09-08-00009 - Arr\u00eat\u00e9 pr\u00e9fectoral portant d\u00e9l\u00e9gation de signature \u00e0 M. Xavier CEREZA,\ndirecteur d\u00e9partemental des territoires du Rh\u00f4ne en mati\u00e8re d'ordonnancement secondaire et de march\u00e9s publics 61\nesPREFETEDU RHONELibert\u00e9Egalit\u00e9Fraternit\u00e9\nDirection d\u00e9partementale\ndes territoires\nARR\u00caT\u00c9 PR\u00c9FECTORAL N\u00b0                                         \nportant d\u00e9l\u00e9gation de signature \u00e0 M. Xavier CEREZA,\ndirecteur d\u00e9partemental des territoires du Rh\u00f4ne\nen mati\u00e8re d'ordonnancement secondaire et de march\u00e9s publics\nLA PR\u00c9F\u00c8TE DE LA R\u00c9GION AUVERGNE-RH\u00d4NE-ALPES,\nPR\u00c9F\u00c8TE DE LA ZONE DE D\u00c9FENSE ET DE S\u00c9CURIT\u00c9 SUD-EST,\nPR\u00c9F\u00c8TE DU RH\u00d4NE\nCommandeur de la L\u00e9gion d'honneur\nCommandeur de l'ordre national du M\u00e9rite\nVu la loi n\u00b0 82-213 du 2 mars 1982 modifi\u00e9e, notamment \u00e0 l'article 4, relative aux droits et  \nlibert\u00e9s des communes, des d\u00e9partements et des r\u00e9gions ;\nVu la loi organique n\u00b0 2001-692 du 1er ao\u00fbt 2001 modifi\u00e9e relative aux lois de finances ;\nVu  le  d\u00e9cret  n\u00b0  2004-374  du  29  avril  2004  modifi\u00e9  relatif  aux  pouvoirs  des  pr\u00e9fets,  \u00e0 \nl'organisation et \u00e0 l'action des services de l'\u00c9tat dans les r\u00e9gions et les d\u00e9partements ;\nVu  le  d\u00e9cret  n\u00b0  2009-1484  du  3  d\u00e9cembre  2009  relatif  aux  directions  d\u00e9partementales \ninterminist\u00e9rielles ;\nVu le d\u00e9cret n\u00b0 2012-1246 du 7 novembre 2012 relatif \u00e0 la gestion budg\u00e9taire et comptable  \npublique ;\nVu le d\u00e9cret en conseil des ministres du 11 janvier 2023 portant nomination de Mme Fabienne  \nBUCCIO  en  qualit\u00e9  de  pr\u00e9f\u00e8te  de  la  r\u00e9gion  Auvergne-Rh\u00f4ne-Alpes,  pr\u00e9f\u00e8te  de  la  zone  de \nd\u00e9fense et de s\u00e9curit\u00e9 Sud-Est, pr\u00e9f\u00e8te du Rh\u00f4ne (hors classe) ;\nPr\u00e9fecture du Rh\u00f4ne\n69419 Lyon cedex 03 \nPour conna\u00eetre nos horaires d'ouverture et modalit\u00e9s d'accueil\nT\u00e9l : 04 72 61 61 61 (co\u00fbt d'un appel local)\n www.rhone.gouv.fr \n69_Pr\u00e9f_Pr\u00e9fecture du Rh\u00f4ne - 69-2025-09-08-00009 - Arr\u00eat\u00e9 pr\u00e9fectoral portant d\u00e9l\u00e9gation de signature \u00e0 M. Xavier CEREZA,\ndirecteur d\u00e9partemental des territoires du Rh\u00f4ne en mati\u00e8re d'ordonnancement secondaire et de march\u00e9s publics 62\nVu  l'arr\u00eat\u00e9  interminist\u00e9riel  du  27  janvier  1992  portant  r\u00e8glement  de  comptabilit\u00e9  pour  la \nd\u00e9signation des ordonnateurs secondaires et de leurs d\u00e9l\u00e9gu\u00e9s ;\nVu  l'arr\u00eat\u00e9  du  12  octobre  2005  portant  r\u00e8glement  de  comptabilit\u00e9  pour  la  d\u00e9signation \nd'ordonnateurs secondaires et de leurs d\u00e9l\u00e9gu\u00e9s du ministre des transports, de l'\u00e9quipement,  \ndu tourisme et de la mer et du ministre de la d\u00e9fense ;\nVu  l'arr\u00eat\u00e9  du  Premier  ministre  et  du  ministre  de  l'int\u00e9rieur  et  des  outre-mer  en  date  du \n30 janvier 2024 portant nomination de M. Xavier CEREZA, ing\u00e9nieur g\u00e9n\u00e9ral des ponts, des  \neaux et des for\u00eats de classe normale en qualit\u00e9 de directeur d\u00e9partemental des territoires du  \nRh\u00f4ne, \u00e0 compter du 12 f\u00e9vrier 2024,\nSur proposition de la pr\u00e9f\u00e8te, secr\u00e9taire g\u00e9n\u00e9rale de la pr\u00e9fecture, pr\u00e9f\u00e8te d\u00e9l\u00e9gu\u00e9e pour  \nl'\u00e9galit\u00e9 des chances ;\nARR\u00caTE\nArticle 1  : D\u00e9l\u00e9gation de signature est donn\u00e9e \u00e0  M. Xavier CEREZA , directeur d\u00e9partemental  \ndes  territoires  du  Rh\u00f4ne, pour  proc\u00e9der  \u00e0  toutes  les  op\u00e9rations  relevant  du  pouvoir \nadjudicateur ou de l'ordonnateur secondaire des recettes et des d\u00e9penses de l'\u00c9tat imput\u00e9es  \nsur les titres 2, 3, 5 et 6 relevant, dans le cadre de la loi organique n\u00b0  2001-692 du 1er ao\u00fbt 2001 \nrelative aux lois de finances, des programmes suivants :\nProgramme 113 : Paysage, Eau et Biodiversit\u00e9 (PEB)\n113-01 : Sites, paysages, publicit\u00e9\n113-02 : Logistique, formation et contentieux\n113-07 : Gestion des milieux et biodiversit\u00e9\nProgramme 135 : Urbanisme, territoires et am\u00e9lioration de l'habitat (UTAH)\n135-01 : Construction locative et am\u00e9lioration du parc\n135-02 : Soutien \u00e0 l'accession \u00e0 la propri\u00e9t\u00e9\n135-03 : Lutte contre l'habitat indigne\n135-04 : R\u00e9glementation, politique technique et qualit\u00e9 de la construction\n135-05 : Soutien\n135-07 : Urbanisme et am\u00e9nagement\n135-09-01 : R\u00e9habilitation des aires d'accueil des gens du voyage\n135-09-02 : Humanisation des accueils de jour hors ANAH\n135-10 : R\u00e9habilitation des logements locatifs sociaux\nProgramme 147 : Politique de la Ville\nActions relevant du BOP r\u00e9gional - (titre 6) :\n147-01 : Actions territorialis\u00e9es et dispositifs sp\u00e9cifiques \u00e0 la politique de la ville\n147-02 : Revitalisation \u00e9conomique et emploi\n147-03 : Strat\u00e9gie, ressources, \u00e9valuation\n147-04 : R\u00e9novation urbaine et am\u00e9lioration du cadre de vie\n2\n69_Pr\u00e9f_Pr\u00e9fecture du Rh\u00f4ne - 69-2025-09-08-00009 - Arr\u00eat\u00e9 pr\u00e9fectoral portant d\u00e9l\u00e9gation de signature \u00e0 M. Xavier CEREZA,\ndirecteur d\u00e9partemental des territoires du Rh\u00f4ne en mati\u00e8re d'ordonnancement secondaire et de march\u00e9s publics 63\nProgramme 148 : Fonction publique\nAction relevant du BOP d\u00e9partemental - (titre 5) :\n148-02-05 : Restauration\nProgramme 149 : Comp\u00e9titivit\u00e9 et durabilit\u00e9 de l'agriculture, de l'agroalimentaire, de la for\u00eat, de  \nla p\u00eache et de l'aquaculture\n149-22 : Gestion des crises et des al\u00e9as de la production agricole\n149-23 : Appui au renouvellement et \u00e0 la modernisation des exploitations agricoles\n 149-24 : Gestion \u00e9quilibr\u00e9e et durable des territoires\n149-26-12 : Fonds strat\u00e9gique de la for\u00eat\n149-27 : Moyens de mise en \u0153uvre des politiques publiques et gestion des interventions\n149-29-01 : Plan haies\nProgramme 159 : Expertise, information g\u00e9ographique et m\u00e9t\u00e9orologie\n159-10 : Gouvernance, \u00e9valuation, \u00e9tudes et prospective en mati\u00e8re de d\u00e9veloppement  \ndurable\nProgramme 181 : Pr\u00e9vention des risques\nActions relevant du BOP r\u00e9gional :\n181_AURA_10 : Pr\u00e9vention des risques naturels et hydraulique (sur tout le territoire du  \nd\u00e9partement du Rh\u00f4ne)\n181_AURA_14 : Fonds de pr\u00e9vention des risques naturels majeurs (sur tout le territoire du  \nd\u00e9partement du Rh\u00f4ne)\nActions relevant du BOP de bassin :\n181_ROME_10 : Pr\u00e9vention des risques naturels et hydraulique (sur tout le territoire du  \nd\u00e9partement du Rh\u00f4ne)\n181_ROME_14 : Fonds de pr\u00e9vention des risques naturels majeurs (sur tout le territoire du  \nd\u00e9partement du Rh\u00f4ne)\nProgramme 203 : Infrastructures et services de transports\nAction relevant du BOP central - (titres 3, 5 et 6) :\n203-01 : Routes - D\u00e9veloppement\n203-04 : Routes \u2013 Entretien\n203-42 : Voies navigables \n203-44 : Transports collectifs\n203-45 : Transports combin\u00e9s\n203-47 : Fonction support \nProgramme 206 : S\u00e9curit\u00e9 et qualit\u00e9 sanitaires de l'alimentation\n       Actions relevant du BOP r\u00e9gional :\n       206-02 : Lutte contre les maladies animales et protection des animaux\ndont 206-02-22 : Identification et tra\u00e7abilit\u00e9 des animaux\nProgramme 207 : S\u00e9curit\u00e9 et \u00e9ducation routi\u00e8res\nActions relevant du BOP r\u00e9gional - (titres 3 et 5) :\n207-01 : Observation, prospective, r\u00e9glementation et soutien au programme\n207-03 : \u00c9ducation routi\u00e8re\nProgramme 215 : Conduite et pilotage des politiques de l'agriculture\nBOP 215- 03 - Moyens des DRAAF, DAAF, DDT(M)\ndont 215-03-03 - Personnel : moyens d'ajustement des DRAAF, DAAF, DDT(M) \ndont 215-03-04 - Actions sanitaires et sociales\ndont 215-03-05 - Formation continue\ndont 215-03-06 - Gestion immobili\u00e8re\ndont 215-03-07 - Autres moyens (hors personnel)\n3\n69_Pr\u00e9f_Pr\u00e9fecture du Rh\u00f4ne - 69-2025-09-08-00009 - Arr\u00eat\u00e9 pr\u00e9fectoral portant d\u00e9l\u00e9gation de signature \u00e0 M. Xavier CEREZA,\ndirecteur d\u00e9partemental des territoires du Rh\u00f4ne en mati\u00e8re d'ordonnancement secondaire et de march\u00e9s publics 64\nProgramme  217  :  Conduite  et  pilotage  des  politiques  de  l'\u00e9cologie,  de  l'\u00e9nergie,  du  \nd\u00e9veloppement durable et de la mer\nActions relevant du BOP r\u00e9gional - (titres 2 et 3) :\n217-05 : Politique des ressources humaines et formation\ndont FIPHFP (Fonds pour l'insertion des personnes handicap\u00e9es dans la fonction publique)\nProgramme 348 : R\u00e9novation des cit\u00e9s administratives et autres sites domaniaux multi-occupants\nActions :\n0348-11 : \u00c9tudes\n0348-12 : Travaux et gros entretien \u00e0 la charge du propri\u00e9taire\n0348-13 :  Acquisitions, construction\nProgramme 354 : Administration territoriale de l'\u00c9tat\nDans les conditions pr\u00e9cis\u00e9es dans l'article 3 du pr\u00e9sent arr\u00eat\u00e9\nProgramme 362 : \u00c9cologie\nActions : \n01 : R\u00e9novation \u00e9nerg\u00e9tique\n02 : Biodiversit\u00e9, lutte contre l'artificialisation des sols\n05 : Jardins partag\u00e9s, alimentation locale et solidaire, haies\nProgramme 380 : Acc\u00e9l\u00e9ration de la transition \u00e9cologique dans les territoires \u00ab fonds verts \u00bb\nActions     :\n380-02-01 : Pr\u00e9vention des inondations\n380-02-04 : Pr\u00e9vention des risques d'incendies de for\u00eat\n380-02-06 : Renaturation des villes et villages\n380-02-08 : Appui \u00e0 l'ing\u00e9nierie de la transition \u00e9cologique\n380-03-01 : Accompagnement du d\u00e9ploiement des ZFE\n380-03-05 : D\u00e9veloppement du covoiturage\n380-03-06 : D\u00e9veloppement des mobilit\u00e9s durables en zones rurales\n 380-03-10 :Soutien aux projets des PCAET\nProgramme 723 : Op\u00e9rations immobili\u00e8res et entretien des b\u00e2timents de l'\u00c9tat\nActions :\n723-11 : Op\u00e9rations structurantes et cessions\n723-12 : Contr\u00f4les r\u00e9glementaires, audits, expertises et diagnostics\n723-13 : Maintenance \u00e0 la charge du propri\u00e9taire\n723-14 : Gros entretien, r\u00e9habilitation, mise en conformit\u00e9 et remise en \u00e9tat\nArticle 2  : Cette d\u00e9l\u00e9gation  concerne tous documents administratifs et pi\u00e8ces comptables  \nrelatifs \u00e0 l'engagement, \u00e0 la liquidation et au mandatement des d\u00e9penses, \u00e0 la passation et \u00e0  \nl'ex\u00e9cution des march\u00e9s publics, aux op\u00e9rations concernant les recettes (titres de perception,  \n\u00e9tats ex\u00e9cutoires, cessions\u2026) \u00e0 l'exception :\n- de la signature des ordres de r\u00e9quisition du comptable public assignataire pr\u00e9vus \u00e0 l'article 38 \ndu  d\u00e9cret  n\u00b0  2012-1246  du  7  novembre  2012  relatif  \u00e0  la  gestion  budg\u00e9taire  et  comptable \npublique,\n- de la signature des d\u00e9cisions de passer outre aux refus de visa du contr\u00f4leur financier local,\n- des d\u00e9cisions de subventions de fonctionnement sup\u00e9rieures \u00e0 30 000 \u20ac,\n- des d\u00e9cisions de subventions d'investissement sup\u00e9rieures \u00e0 100 000 \u20ac,\n- de la signature des march\u00e9s publics en proc\u00e9dure formalis\u00e9e et de leurs avenants,\n- des d\u00e9cisions d'acquisition, d'ali\u00e9nation, d'affectation du domaine priv\u00e9 et public de l'\u00c9tat,\n4\n69_Pr\u00e9f_Pr\u00e9fecture du Rh\u00f4ne - 69-2025-09-08-00009 - Arr\u00eat\u00e9 pr\u00e9fectoral portant d\u00e9l\u00e9gation de signature \u00e0 M. Xavier CEREZA,\ndirecteur d\u00e9partemental des territoires du Rh\u00f4ne en mati\u00e8re d'ordonnancement secondaire et de march\u00e9s publics 65\n-  s'agissant  du  BOP  354,  de  l'ex\u00e9cution  comptable  sous  chorus  qui  sera  r\u00e9alis\u00e9e  par  le \nsecr\u00e9tariat g\u00e9n\u00e9ral commun d\u00e9partemental.\nArticle 3  : D\u00e9l\u00e9gation de signature est donn\u00e9e \u00e0 M. Xavier CEREZA , directeur d\u00e9partemental  \ndes territoires du Rh\u00f4ne , \u00e0 l'effet de signer les march\u00e9s de l'\u00c9tat et tous les actes d\u00e9volus au  \npouvoir  adjudicateur  par  le  code  de  la  commande  publique et  les  cahiers  des  clauses \nadministratives g\u00e9n\u00e9rales et imput\u00e9s sur le Programme 354 Administration territoriale de l'Etat, \n\u00e0 l'exception des march\u00e9s publics en proc\u00e9dure formalis\u00e9e. Cette d\u00e9l\u00e9gation ne vaut que pour  \nles actes relatifs au d\u00e9m\u00e9nagement de la direction d\u00e9partementale des territoires, op\u00e9ration  \npour laquelle le directeur d\u00e9partemental des territoires a \u00e9t\u00e9 d\u00e9sign\u00e9 chef de projet.\nArticle 4  : Pour les programmes dont il est responsable d'unit\u00e9 op\u00e9rationnelle, le d\u00e9l\u00e9gataire  \nfournira  chaque  trimestre  un  compte  rendu  d'ex\u00e9cution.  Ne  sont  pas  concern\u00e9s  les \nprogrammes et actions 148, 348, 354, 362-01, 723.\nArticle  5 :  M.  Xavier  CEREZA peut  subd\u00e9l\u00e9guer,  sous  sa  responsabilit\u00e9,  sa  signature  aux \ncollaborateurs  qu'il  aura  d\u00e9sign\u00e9s  par  arr\u00eat\u00e9  pour  les  actes  administratifs  et  comptables \nrelevant du domaine de la gestion des services communs \u00e0 la direction d\u00e9partementale. \nLa d\u00e9signation de ces agents sera port\u00e9e \u00e0 la connaissance de la pr\u00e9f\u00e8te et leur signature sera  \naccr\u00e9dit\u00e9e aupr\u00e8s du directeur r\u00e9gional des finances publiques de la r\u00e9gion Auvergne-Rh\u00f4ne-\nAlpes et du d\u00e9partement du Rh\u00f4ne.\nArticle 6 : Le pr\u00e9sent arr\u00eat\u00e9 abroge l'arr\u00eat\u00e9 pr\u00e9fectoral n\u00b069-2024-02-07-0008 du 7 f\u00e9vrier 2024 \nportant d\u00e9l\u00e9gation de signature \u00e0 M. Xavier CEREZA , directeur d\u00e9partemental des territoires  \ndu Rh\u00f4ne en mati\u00e8re d'ordonnancement secondaire et de march\u00e9s publics.\nArticle 7 : Le pr\u00e9sent arr\u00eat\u00e9 entre en vigueur le 15 septembre 2025.\nArticle 8  :  Le pr\u00e9sent arr\u00eat\u00e9 peut faire l'objet d'un recours contentieux aupr\u00e8s du tribunal  \nadministratif de Lyon dans un d\u00e9lai de deux mois \u00e0 compter de sa publication.  Le tribunal  \nadministratif peut \u00eatre saisi d'une requ\u00eate d\u00e9pos\u00e9e sur le site www.telerecours.fr.\nArticle 9  :  Le pr\u00e9fet, secr\u00e9taire g\u00e9n\u00e9ral de la pr\u00e9fecture, pr\u00e9fet d\u00e9l\u00e9gu\u00e9 pour l'\u00e9galit\u00e9 des  \nchances et le directeur d\u00e9partemental des territoires du Rh\u00f4ne sont charg\u00e9s, chacun en ce qui  \nle concerne, de l'ex\u00e9cution du pr\u00e9sent arr\u00eat\u00e9 qui sera notifi\u00e9 au directeur r\u00e9gional des finances \npubliques de la r\u00e9gion Auvergne-Rh\u00f4ne-Alpes et du d\u00e9partement du Rh\u00f4ne et publi\u00e9 au recueil \ndes actes administratifs de la pr\u00e9fecture.\n                                   Fait, le 08/09/2025\nSign\u00e9\nFabienne BUCCIO\n5\n69_Pr\u00e9f_Pr\u00e9fecture du Rh\u00f4ne - 69-2025-09-08-00009 - Arr\u00eat\u00e9 pr\u00e9fectoral portant d\u00e9l\u00e9gation de signature \u00e0 M. Xavier CEREZA,\ndirecteur d\u00e9partemental des territoires du Rh\u00f4ne en mati\u00e8re d'ordonnancement secondaire et de march\u00e9s publics 66\n69_Pr\u00e9f_Pr\u00e9fecture du Rh\u00f4ne\n69-2025-09-08-00007\nArr\u00eat\u00e9 pr\u00e9fectoral portant nomination du\nd\u00e9l\u00e9gu\u00e9 adjoint de l'Agence Nationale de\nl'Habitat et d\u00e9l\u00e9gation de signature \u00e0 l'un ou\nplusieurs de ses collaborateurs\n69_Pr\u00e9f_Pr\u00e9fecture du Rh\u00f4ne - 69-2025-09-08-00007 - Arr\u00eat\u00e9 pr\u00e9fectoral portant nomination du d\u00e9l\u00e9gu\u00e9 adjoint de l'Agence\nNationale de l'Habitat et d\u00e9l\u00e9gation de signature \u00e0 l'un ou plusieurs de ses collaborateurs 67\nesPREFETEDU RHONELibert\u00e9Egalit\u00e9Fraternit\u00e9\nDirection d\u00e9partementale\ndes territoires\nARR\u00caT\u00c9 PR\u00c9FECTORAL N\u00b0 \nportant nomination du d\u00e9l\u00e9gu\u00e9 adjoint de l'Agence Nationale de l'Habitat\net d\u00e9l\u00e9gation de signature \u00e0 l'un ou plusieurs de ses collaborateurs\nLA PR\u00c9F\u00c8TE DE LA R\u00c9GION AUVERGNE-RH\u00d4NE-ALPES,\nPR\u00c9F\u00c8TE DE LA ZONE DE D\u00c9FENSE ET DE S\u00c9CURIT\u00c9 SUD-EST,\nPR\u00c9F\u00c8TE DU RH\u00d4NE\nCommandeur de la L\u00e9gion d'honneur\nCommandeur de l'ordre national du M\u00e9rite\nVu les dispositions de l'article L. 321-1 du code de la construction et de l'habitation ;\nVu le d\u00e9cret en conseil des ministres du 11 janvier 2023 portant nomination de Mme Fabienne  \nBUCCIO en qualit\u00e9 de pr\u00e9f\u00e8te de la r\u00e9gion Auvergne-Rh\u00f4ne-Alpes, pr\u00e9f\u00e8te de la zone de d\u00e9fense et  \nde s\u00e9curit\u00e9 Sud-Est, pr\u00e9f\u00e8te du Rh\u00f4ne (hors classe) ;\nVu  l'arr\u00eat\u00e9  du  Premier  ministre  et  du  ministre  de  l'int\u00e9rieur  et  des  outre-mer  en  date  du \n30 janvier 2024 portant nomination de M. Xavier CEREZA, ing\u00e9nieur g\u00e9n\u00e9ral des ponts, des eaux et  \ndes for\u00eats de classe normale en qualit\u00e9 de directeur d\u00e9partemental des territoires du Rh\u00f4ne, \u00e0  \ncompter du 12 f\u00e9vrier 2024 ;\nSur proposition du pr\u00e9fet, secr\u00e9taire g\u00e9n\u00e9ral de la pr\u00e9fecture, pr\u00e9fet d\u00e9l\u00e9gu\u00e9 pour l'\u00e9galit\u00e9 des  \nchances.\nARR\u00caTE\nArticle 1er : \nM. Xavier CEREZA , Directeur d\u00e9partemental des territoires du Rh\u00f4ne, est nomm\u00e9 d\u00e9l\u00e9gu\u00e9 adjoint  \nde l'Agence Nationale de l'Habitat (Anah) dans le d\u00e9partement du Rh\u00f4ne.\n69_Pr\u00e9f_Pr\u00e9fecture du Rh\u00f4ne - 69-2025-09-08-00007 - Arr\u00eat\u00e9 pr\u00e9fectoral portant nomination du d\u00e9l\u00e9gu\u00e9 adjoint de l'Agence\nNationale de l'Habitat et d\u00e9l\u00e9gation de signature \u00e0 l'un ou plusieurs de ses collaborateurs 68\nArticle 2 : \nD\u00e9l\u00e9gation est donn\u00e9e \u00e0  M. Xavier CEREZA , Directeur d\u00e9partemental des territoires du Rh\u00f4ne,  \nd\u00e9l\u00e9gu\u00e9 adjoint, \u00e0 effet de signer les actes et documents suivants :\n2.1. Pour l'ensemble du d\u00e9partement :\n\uf02d tous actes, documents administratifs et d\u00e9cisions relatifs aux demandes de subvention pour  \nles b\u00e9n\u00e9ficiaires mentionn\u00e9s au x III de l'article R. 321-12 du code de la construction et de  \nl'habitation  (humanisation  des  structures  d'h\u00e9bergement)  dont  la  liquidation  et  \nl'ordonnancement des d\u00e9penses engag\u00e9es et la liquidation des recettes constat\u00e9es relatives \u00e0 \nl'attribution de ces subventions ;\n\uf02d tous actes, documents administratifs et d\u00e9cisions relatifs aux demandes de subvention pour  \nles b\u00e9n\u00e9ficiaires mentionn\u00e9s aux IV et V de l'article R. 321-12 du code de la construction et de \nl'habitation (RHI-THIRORI) dont la liquidation et l'ordonnancement des d\u00e9penses engag\u00e9es et \nla liquidation des recettes constat\u00e9es relatives \u00e0 l'attribution de ces subventions ;\n\uf02d tous actes et documents administratifs relatifs aux missions confi\u00e9es \u00e0 l'Agence aux termes  \ndes  conventions  sign\u00e9es  pour  la  gestion  par  l'Anah  des  aides  propres  des  collectivit\u00e9s \nterritoriales en application de l'article L. 312-2-1 du code de la construction et de l'habitation  \ndont la liquidation et l'ordonnancement des d\u00e9penses engag\u00e9es et la liquidation des recettes  \nconstat\u00e9es relatives \u00e0 l'attribution de ces subventions  ;\n\uf02d tous actes et documents administratifs, notamment d\u00e9cision d'agr\u00e9ment ou de rejet, relatifs  \n\u00e0 l'instruction des demandes d'habilitation d'op\u00e9rateurs d'AMO ;\n\uf02d tous actes et documents administratifs, notamment d\u00e9cision d'agr\u00e9ment ou de rejet, relatifs  \n\u00e0  l'instruction  des  demandes  d'agr\u00e9ment  d'op\u00e9rateurs  charg\u00e9s  de  la  mission  \nd'accompagnement du service public de la performance \u00e9nerg\u00e9tique de l'habitat pr\u00e9vue \u00e0  \nl'article L. 232-3 du code de l'\u00e9nergie ;\n\uf02d le rapport annuel d'activit\u00e9 ;\n\uf02d apr\u00e8s avis du d\u00e9l\u00e9gu\u00e9 de l'Agence dans la r\u00e9gion, les conventions pour la gestion des aides \u00e0  \nl'habitat priv\u00e9 pr\u00e9vues \u00e0 l'article L. 321-1-1 du code de la construction et de l'habitation ainsi  \nque les avenants aux conventions en cours.\n2.2. Pour les territoires non couverts par une convention sign\u00e9e en application de l'article L. 321-1-1  \ndu code de la construction et de l'habitation (hors d\u00e9l\u00e9gation de comp\u00e9tence pour l'attribution des \naides \u00e0 la pierre) :\n\uf02d tous actes, documents administratifs et d\u00e9cisions relatifs aux demandes de subvention pour  \nles b\u00e9n\u00e9ficiaires mentionn\u00e9s aux I et II de l'article R. 321-12 du code de la construction et de  \nl'habitation, dans la limite des comp\u00e9tences du d\u00e9l\u00e9gu\u00e9 telles que d\u00e9finies par les r\u00e8gles en  \nvigueur ;\n\uf02d la  liquidation  et  l'ordonnancement  des  d\u00e9penses  engag\u00e9es  et  la  liquidation  des  recettes \nconstat\u00e9es relatives \u00e0 l'attribution des subventions. \n\uf02d la d\u00e9signation des agents charg\u00e9s du contr\u00f4le mandat\u00e9s pour effectuer des contr\u00f4les sur  \nplace ;\n\uf02d le programme d'actions ;\n\uf02d apr\u00e8s avis du d\u00e9l\u00e9gu\u00e9 de l'Agence dans la r\u00e9gion, les conventions pluriannuelles d'op\u00e9rations  \nprogramm\u00e9es ;\n\uf02d les  conventions  d'Op\u00e9ration  importante  de  r\u00e9habilitation  (OIR)  au  sens  de  l'article  7  du \nr\u00e8glement g\u00e9n\u00e9ral de l'agence et les actes notari\u00e9s d'affectation hypoth\u00e9caire relatifs aux OIR.\n69_Pr\u00e9f_Pr\u00e9fecture du Rh\u00f4ne - 69-2025-09-08-00007 - Arr\u00eat\u00e9 pr\u00e9fectoral portant nomination du d\u00e9l\u00e9gu\u00e9 adjoint de l'Agence\nNationale de l'Habitat et d\u00e9l\u00e9gation de signature \u00e0 l'un ou plusieurs de ses collaborateurs 69\n2.3. Pour les territoires couverts par une convention sign\u00e9e en application de l'article L. 321-1-1 du  \ncode de la construction et de l'habitation (en d\u00e9l\u00e9gation de comp\u00e9tence pour l'attribution des  \naides \u00e0 la pierre) :\n\uf02d tous actes et documents administratifs relatifs aux missions confi\u00e9es \u00e0 l'Agence aux termes  \ndes conventions sign\u00e9es en application des articles L. 301-5-1, L. 301-5-2 et L. 321-1-1 du code  \nde la construction et de l'habitation ;\n\uf02d tous  actes  et  documents  administratifs  dont  ordonnancement  et  liquidation  relatifs  aux \ndemandes de subvention des b\u00e9n\u00e9ficiaires mentionn\u00e9s aux I et II de l'article R. 321-12 du code \nde la construction et de l'habitation, dans la limite des comp\u00e9tences du d\u00e9l\u00e9gu\u00e9 telles que  \nd\u00e9finies par les r\u00e8gles en vigueur, pour les dossiers ayant fait l'objet  d'une attribution de  \nsubvention ant\u00e9rieurement \u00e0 l'entr\u00e9e en vigueur de la convention sign\u00e9e en application de  \nl'article L. 321-1-1.\nArticle 3 :\nConcernant le conventionnement des logements au titre des articles L. 321-4 et L. 321-8 du code de  \nla construction et de l'habitation,  d\u00e9l\u00e9gation est donn\u00e9e \u00e0  M. Xavier CEREZA , d\u00e9l\u00e9gu\u00e9 adjoint,  \u00e0  \neffet de signer les actes et documents suivants : \n3.1. Pour les territoires non couverts par une convention sign\u00e9e en application de l'article L. 321-1-1  \ndu code de la construction et de l'habitation (hors d\u00e9l\u00e9gation de comp\u00e9tence pour l'attribution des \naides \u00e0 la pierre) :\n\uf02d toutes les conventions (conventionnement avec et sans travaux) concernant des logements  \nsitu\u00e9s dans les territoires concern\u00e9s, que ces conventions portent ou non sur des logements  \nfaisant \u00e9galement l'objet d'une subvention de l'Anah ainsi que leur prorogation. Le document  \nr\u00e9capitulant les engagements du bailleur est sign\u00e9 dans les m\u00eames conditions que celles  \nrelatives \u00e0 la convention s'y rapportant. La r\u00e9siliation des conventions qui concernent des  \nlogements ne faisant pas l'objet d'une subvention de l'Anah ;\n\uf02d tous documents aff\u00e9rant aux conventions, dans le cadre de l'instruction pr\u00e9alable \u00e0 leur  \nconclusion ou leur prorogation ainsi que toutes demandes de renseignements aupr\u00e8s des  \nbailleurs ayant conclu une convention au titre de l'article L. 321-4 ou L. 321-8 du code de la  \nconstruction et de l'habitation ;  \n\uf02d tous documents aff\u00e9rant aux conventions qui concernent des logements ne faisant pas l'objet \nd'une subvention dans le cadre de l'instruction pr\u00e9alable \u00e0 leur r\u00e9siliation ;\n\uf02d de fa\u00e7on g\u00e9n\u00e9rale, pour les besoins du contr\u00f4le et dans les conditions pr\u00e9vues \u00e0 l'article  \nR. 321-29,  tous  les  documents  relevant  de  missions  de  v\u00e9rification,  de  contr\u00f4le  et  \nd'information li\u00e9es au respect des engagements contractuels et au plein exercice du contr\u00f4le  \nde l'Agence.\n3.2. Pour les territoires couverts par une convention sign\u00e9e en application de l'article L. 321-1-1 du  \ncode  de  la  construction  et  de  l'habitation,    sous  r\u00e9serve  des  comp\u00e9tences  relatives  au   \nconventionnement  sans  travaux  d\u00e9volues  au  d\u00e9l\u00e9gataire  de  comp\u00e9tence  dans  les  conditions \npr\u00e9vues dans la convention de gestion :\n\uf02d les conventions qui concernent des logements ne faisant pas l'objet d'une subvention de  \nl'Anah ainsi que leur prorogation ou r\u00e9siliation. Le document r\u00e9capitulant les engagements du \nbailleur  est  sign\u00e9  dans  les  m\u00eames  conditions  que  celles  relatives  \u00e0  la  convention  s'y \nrapportant ;\n69_Pr\u00e9f_Pr\u00e9fecture du Rh\u00f4ne - 69-2025-09-08-00007 - Arr\u00eat\u00e9 pr\u00e9fectoral portant nomination du d\u00e9l\u00e9gu\u00e9 adjoint de l'Agence\nNationale de l'Habitat et d\u00e9l\u00e9gation de signature \u00e0 l'un ou plusieurs de ses collaborateurs 70\n\uf02d tous documents aff\u00e9rant \u00e0 ces conventions, dans le cadre de l'instruction pr\u00e9alable \u00e0 leur  \nconclusion, leur prorogation ou leur r\u00e9siliation ainsi que toutes demandes de renseignements  \naupr\u00e8s des bailleurs ayant conclu une convention au titre de l'article L. 321-4 ou L. 321-8 du  \ncode de la construction et de l'habitation ;\n\uf02d de fa\u00e7on g\u00e9n\u00e9rale, pour les besoins du contr\u00f4le et dans les conditions pr\u00e9vues \u00e0 l'article R.  \n321-29, tous les documents relevant de missions de v\u00e9rification, de contr\u00f4le et d'information  \nli\u00e9es au respect des engagements contractuels et au plein exercice du contr\u00f4le de l'Agence.\nArticle 4 : \nEn cas d'absence ou d'emp\u00eachement, d\u00e9l\u00e9gation est donn\u00e9e \u00e0 M. Nicolas ROUGIER, Directeur  \nd\u00e9partemental adjoint des territoires du Rh\u00f4ne, \u00e0 Mme Ga\u00eblle LEJOSNE, Adjointe au Directeur  \nd\u00e9partemental,  \u00e0  M.  Laurent  VERE,  responsable  du  service  habitat  et  ville  solidaires  et  \u00e0 \nMme Gladys SAMSO, adjointe au chef du service habitat et ville solidaires, aux fins de signer tous les \ndocuments cit\u00e9s ci-dessus dans les articles 2 et 3.\nArticle 5 :\nEn cas d'absence ou d'emp\u00eachement du d\u00e9l\u00e9gu\u00e9 adjoint et des personnes mentionn\u00e9es ci-dessus,  \nd\u00e9l\u00e9gation est donn\u00e9e \u00e0 M. Benjamin GUETAT, responsable de l'unit\u00e9 am\u00e9lioration du logement  \npriv\u00e9, et \u00e0 Mme Sophie SCOMMAZZON, responsable du p\u00f4le am\u00e9lioration du parc priv\u00e9, aux fins de \nsigner tous les documents cit\u00e9s ci-dessus dans :\n\uf02d l'article 2 : les trois premiers tirets du 2.1., les deux premiers tirets du 2.2. et le second tiret du  \n2.3. ;\n\uf02d l'article 3.\nArticle 6 :\nD\u00e9l\u00e9gation est donn\u00e9e \u00e0 Mmes Diane BERGIER, Laurence GEHIN, et Brigitte BONVENTRE et MM.  \nNicolas GRAVIER et Jean-Luc NOYEL instructeurs \u00e0 la d\u00e9l\u00e9gation locale de l'Anah, aux fins de signer :\n\uf02d en mati\u00e8re de conventionnement, les seuls documents vis\u00e9s aux deuxi\u00e8me et troisi\u00e8me tirets  \ndes 3.1 et 3.2. de l'article 3 de la pr\u00e9sente d\u00e9cision ;\n\uf02d les accus\u00e9s de r\u00e9ception des demandes de subvention ;\n\uf02d les  demandes  de  pi\u00e8ces  compl\u00e9mentaires  et  autres  courriers  n\u00e9cessaires  \u00e0  l'instruction \ncourante des dossiers et \u00e0 l'information des demandeurs.\nArticle 7 : \nAmpliation de la pr\u00e9sente d\u00e9cision sera adress\u00e9e :\n\uf02d \u00e0 M. le directeur d\u00e9partemental des territoires du Rh\u00f4ne ;\n\uf02d \u00e0 M. le Pr\u00e9sident de la M\u00e9tropole de Lyon, la M\u00e9tropole ayant sign\u00e9 une convention de gestion \ndes aides \u00e0 l'habitat priv\u00e9 conform\u00e9ment \u00e0 l'article L 321-1-1 du code de la construction et de \nl'habitation ;\n\uf02d \u00e0 Mme la directrice g\u00e9n\u00e9rale de l'Anah, \u00e0 l'attention de M. le directeur g\u00e9n\u00e9ral adjoint en  \ncharge des fonctions support ;\n\uf02d \u00e0 M. l'agent comptable de l'Anah ;\n\uf02d aux int\u00e9ress\u00e9s.\n69_Pr\u00e9f_Pr\u00e9fecture du Rh\u00f4ne - 69-2025-09-08-00007 - Arr\u00eat\u00e9 pr\u00e9fectoral portant nomination du d\u00e9l\u00e9gu\u00e9 adjoint de l'Agence\nNationale de l'Habitat et d\u00e9l\u00e9gation de signature \u00e0 l'un ou plusieurs de ses collaborateurs 71\nArticle 8 : \nDans le d\u00e9partement du Rh\u00f4ne, les agents de la d\u00e9l\u00e9gation locale de l 'Anah du Rh\u00f4ne (DDT69)  \nd\u00e9sign\u00e9s  ci-dessous  sont  autoris\u00e9s  \u00e0  contr\u00f4ler  sur  place  tout  \u00e9l\u00e9ment  li\u00e9  \u00e0  une  demande  de \nsubvention ou de conventionnement de logements :\n\u2013 M. Benjamin GUETAT, responsable de l'unit\u00e9 am\u00e9lioration du logement priv\u00e9 ;\n\u2013 Mme Sophie SCOMMAZZON, responsable du p\u00f4le am\u00e9lioration du parc priv\u00e9 ;\n\u2013 Mme Diane BERGIER, instructrice ;\n\u2013 Mme Laurence GEHIN, instructrice ;\n\u2013 Mme Brigitte BONVENTRE, instructrice ;\n\u2013 M. Nicolas GRAVIER, instructeur ;\n\u2013 M. Jean-Luc NOYEL, instructeur ;\n\u2013 M. Luc CHAMPAIN, charg\u00e9 d'\u00e9tude b\u00e2timent durable.\nArticle 9  : Le pr\u00e9sent arr\u00eat\u00e9 abroge les arr\u00eat\u00e9s pr\u00e9fectoraux du 30 janvier 2023 et du 13 mai 2024  \nportant nomination  du  d\u00e9l\u00e9gu\u00e9  adjoint  de  l'Agence  Nationale  de  l'Habitat  et  d\u00e9l\u00e9gation  de \nsignature \u00e0 l'un ou plusieurs de ses collaborateurs.\nArticle 10 : Le pr\u00e9sent arr\u00eat\u00e9 entre en vigueur le 15 septembre 2025.\nArticle  11 : Le  pr\u00e9sent  arr\u00eat\u00e9  peut  faire  l'objet  d'un  recours  contentieux  devant  le  tribunal \nadministratif  de  Lyon  dans  un  d\u00e9lai  de  deux  mois  \u00e0  compter  de  sa  publication.  Le  tribunal \nadministratif peut \u00eatre saisi d'une requ\u00eate d\u00e9pos\u00e9e sur le site www.telerecours.fr.\nArticle 12 : Le pr\u00e9fet, secr\u00e9taire g\u00e9n\u00e9ral de la pr\u00e9fecture, pr\u00e9fet d\u00e9l\u00e9gu\u00e9 pour l'\u00e9galit\u00e9 des chances  \net le directeur d\u00e9partemental des territoires du Rh\u00f4ne sont charg\u00e9s, chacun en ce qui le concerne,  \nde l'ex\u00e9cution du pr\u00e9sent arr\u00eat\u00e9 qui sera publi\u00e9 au recueil des actes administratifs de la pr\u00e9fecture  \ndu Rh\u00f4ne.\n                                    Fait, le 08/09/2025\nSign\u00e9\nFabienne BUCCIO\n69_Pr\u00e9f_Pr\u00e9fecture du Rh\u00f4ne - 69-2025-09-08-00007 - Arr\u00eat\u00e9 pr\u00e9fectoral portant nomination du d\u00e9l\u00e9gu\u00e9 adjoint de l'Agence\nNationale de l'Habitat et d\u00e9l\u00e9gation de signature \u00e0 l'un ou plusieurs de ses collaborateurs 72\n69_Pr\u00e9f_Pr\u00e9fecture du Rh\u00f4ne\n69-2025-09-10-00001\nARR\u00caT\u00c9 n\u00b02025 - 09 - 10 - 0001\nautorisant la captation, l'enregistrement et la\ntransmission\nd'images au moyen de cam\u00e9ras install\u00e9es sur un\na\u00e9ronef le mercredi 10 septembre 2025 \u00e0 Lyon\n69_Pr\u00e9f_Pr\u00e9fecture du Rh\u00f4ne - 69-2025-09-10-00001 - ARR\u00caT\u00c9 n\u00b02025 - 09 - 10 - 0001\nautorisant la captation, l'enregistrement et la transmission\nd'images au moyen de cam\u00e9ras install\u00e9es sur un a\u00e9ronef le mercredi 10 septembre 2025 \u00e0 Lyon\n73\nPREFETEDU RHONELibert\u00e9Egalit\u00e9Fraternit\u00e9\nPr\u00e9fecture\nCabinet du Pr\u00e9fet d\u00e9l\u00e9gu\u00e9 pour \nla d\u00e9fense et la s\u00e9curit\u00e9\nBureau de l'ordre public\nARR\u00caT\u00c9 n\u00b02025 \u2013 09 \u2013 10 \u2013 0001\nautorisant la captation, l'enregistrement et la transmission\nd'images au moyen de cam\u00e9ras install\u00e9es sur un a\u00e9ronef le mercredi 10 septembre 2025 \u00e0 Lyon\nLa Pr\u00e9f\u00e8te du Rh\u00f4ne,\nCommandante de la L\u00e9gion d'honneur\nCommandante de l'ordre national du M\u00e9rite\nVU le Code de la s\u00e9curit\u00e9 int\u00e9rieure et notamment ses articles L. 242-1 \u00e0 L. 242-8 et R. 242-8 \u00e0 R. 242-\n14\u00a0;\nVU la loi n\u00b078-17 du 6 janvier 1978 relative \u00e0 l'informatique, aux fichiers et aux libert\u00e9s \nVU le d\u00e9cret n\u00b0 2004-374 du 29 avril 2004 relatif aux pouvoirs des pr\u00e9fets, \u00e0 l'organisation et \u00e0  \nl'action des services de l'\u00c9tat dans les r\u00e9gions et d\u00e9partements\u00a0;\nVU le d\u00e9cret en Conseil des Ministres du 11 janvier 2023 portant nomination de Madame Fabienne  \nBUCCIO, pr\u00e9f\u00e8te de la r\u00e9gion Auvergne-Rh\u00f4ne-Alpes, pr\u00e9f\u00e8te de la zone de d\u00e9fense et de s\u00e9curit\u00e9  \nSud-Est, pr\u00e9f\u00e8te du Rh\u00f4ne (hors classe) ;\nVU  le d\u00e9cret du 6 novembre 2024 portant nomination du pr\u00e9fet d\u00e9l\u00e9gu\u00e9 pour la d\u00e9fense et la  \ns\u00e9curit\u00e9 aupr\u00e8s de la pr\u00e9f\u00e8te de la r\u00e9gion Auvergne-Rh\u00f4ne-Alpes, pr\u00e9f\u00e8te de la zone de d\u00e9fense et  \nde s\u00e9curit\u00e9 Sud-Est, pr\u00e9f\u00e8te du Rh\u00f4ne \u2013 M. Antoine GUERIN\u00a0; \nVU l'arr\u00eat\u00e9 pr\u00e9fectoral n\u00b069-2025-07-04-00005 du 4 juillet 2025 portant d\u00e9l\u00e9gation de signature \u00e0 M. \nAntoine GUERIN en qualit\u00e9 de pr\u00e9fet d\u00e9l\u00e9gu\u00e9 pour la d\u00e9fense et la s\u00e9curit\u00e9 aupr\u00e8s de la pr\u00e9f\u00e8te de  \nla r\u00e9gion Auvergne-Rh\u00f4ne-Alpes, pr\u00e9f\u00e8te de la zone de d\u00e9fense et de s\u00e9curit\u00e9 Sud-Est, pr\u00e9f\u00e8te du  \nRh\u00f4ne\u00a0;\nVU l'arr\u00eat\u00e9 du Ministre de l'Int\u00e9rieur et des outre-mer, en date du 19 avril 2023 relatif au nombre  \nmaximal de cam\u00e9ras install\u00e9es sur des a\u00e9ronefs pouvant \u00eatre simultan\u00e9ment utilis\u00e9es dans chaque  \nd\u00e9partement\u00a0et collectivit\u00e9 d'outre-mer ;\nVU l'analyse  d'impact  relative  \u00e0  la  protection  des  donn\u00e9es  (AIPD)  r\u00e9alis\u00e9e  par  le  Minist\u00e8re  de \nl'Int\u00e9rieur en date du 25 janvier 2023\u00a0; \nVU les mouvements rapides de groupes d'individus en cours le mercredi 10 septembre 2025 en  \ndirection du Centre commercial de la Part-Dieu et de la gare ferroviaire internationale de la Part-\nDieu\u00a0; \nPr\u00e9fecture du Rh\u00f4ne  \u2013 69419 Lyon cedex 03 1\nwww.rhone.gouv.fr ou t\u00e9l. : 04 72 61 61 61 (co\u00fbt d'un appel local)\n69_Pr\u00e9f_Pr\u00e9fecture du Rh\u00f4ne - 69-2025-09-10-00001 - ARR\u00caT\u00c9 n\u00b02025 - 09 - 10 - 0001\nautorisant la captation, l'enregistrement et la transmission\nd'images au moyen de cam\u00e9ras install\u00e9es sur un a\u00e9ronef le mercredi 10 septembre 2025 \u00e0 Lyon\n74\nVU l'hostilit\u00e9 de ces groupes\u00a0; qu'en effet, ils ont incendi\u00e9 des poubelles dans le secteur de la Place  \ndes Archives et de la gare Perrache dans le 2  arrondissement de Lyon entra\u00eenant une fermeture\u1d49  \ntemporaire de la M\u00e9tropolitaine 7 et du cours Charlemagne dans le 2  arrondissement de Lyon\u1d49 \u00a0; \nqu'ils ont \u00e9galement incendi\u00e9 des poubelles au niveau du tunnel de la Croix-Rousse situ\u00e9 entre le 1 er \net 4  arrondissement de Lyon entra\u00eenant une fermeture de ce dernier dans les deux sens de la\u1d49  \ncirculation\u00a0;  qu'ils  ont  bloqu\u00e9  plusieurs  axes  routiers  provoquant  un  arr\u00eat  de  la  circulation  \u00e0 \nVilleurbanne, au niveau du pont de l'Universit\u00e9 dans le 7  arrondissement de Lyon et \u00e0 l'intersection\u1d49  \ndes rues Garibaldi et Servient dans le 3  arrondissement de Lyon\u1d49 \u00a0; \nVU les \u00e9v\u00e8nements qui se sont produits \u00e0 Lyon dans la soir\u00e9e 8 septembre 2025 suite aux appels \u00e0  \nrassemblement pour le \u00ab\u00a0Pot de d\u00e9part Bayrou\u00a0\u00bb sur la place des Terreaux dans le 1er\n arrondissement \nde Lyon\u00a0; qu'un cort\u00e8ge sauvage d'environ 700 personnes s'est form\u00e9 avec en t\u00eate de cort\u00e8ge, un  \ngroupe d'individus cagoul\u00e9s\u00a0; que pendant leur d\u00e9ambulation, ces individus cagoul\u00e9s ont tagu\u00e9 des  \nb\u00e2timents  officiels,  incendi\u00e9  des  poubelles  et  tent\u00e9  d'\u00e9tablir  des  barricades\u00a0;  que  ces  m\u00eames \nindividus ont jet\u00e9 des projectiles et des mortiers en direction des forces de s\u00e9curit\u00e9 int\u00e9rieure \u00a0; que \ndurant ces altercations, quatre fonctionnaires de police ont \u00e9t\u00e9 bless\u00e9s\u00a0;\nVU la demande  du 10 septembre 2025, form\u00e9e par la Direction Interd\u00e9partementale de la Police  \nNationale, visant \u00e0 obtenir l'autorisation de capter, d'enregistrer et de transmettre des images au  \nmoyen deux cam\u00e9ras install\u00e9es sur deux a\u00e9ronefs t\u00e9l\u00e9-pilot\u00e9s (une sur chaque) aux fins de  pr\u00e9ven-\ntion des atteintes \u00e0 la s\u00e9curit\u00e9 des personnes et des biens et de s\u00e9curisation des rassemblements\u00a0;\nCONSID\u00c9RANT que les dispositions susvis\u00e9es permettent aux forces de s\u00e9curit\u00e9 int\u00e9rieure, dans  \nl'exercice de leurs missions de pr\u00e9vention des atteintes \u00e0 l'ordre public et de protection de la  \ns\u00e9curit\u00e9  des  personnes  et  des  biens,  de  proc\u00e9der  \u00e0  la  captation,  \u00e0  l'enregistrement  et  \u00e0  la \ntransmission d'images au moyen de cam\u00e9ras install\u00e9es sur des a\u00e9ronefs aux fins d'assurer la s\u00e9curit\u00e9 \ndes personnes et des biens et pr\u00e9venir les troubles \u00e0 l'ordre public dans le cadre des op\u00e9rations de  \nr\u00e9tablissement de l'ordre public\u00a0; que notamment, le 1\u00b0, 2\u00b0 et 4\u00b0 de l'article L. 242-5 du Code de la  \ns\u00e9curit\u00e9 int\u00e9rieure susvis\u00e9 pr\u00e9voit que ces dispositifs peuvent \u00eatre mis en \u0153uvre  au titre de la  \ns\u00e9curit\u00e9 des rassemblements de personnes sur la voie publique ou dans les lieux ouverts au public  \nainsi que de l'appui des personnels au sol, en vue de leur permettre de maintenir ou de r\u00e9tablir  \nl'ordre  public,  lorsque  ces  rassemblements  sont  susceptibles  d'entra\u00eener  des  troubles  graves  \u00e0 \nl'ordre public, et, dans le cadre de la r\u00e9gulation des flux de transport, aux seules fins du maintien de \nl'ordre et de la s\u00e9curit\u00e9 publics\u00a0;\nCONSID\u00c9RANT que  les  dispositifs  de  vid\u00e9oprotection  existants  ne  permettent  pas  de  couvrir \nl'ensemble du secteur concern\u00e9\u00a0; que les cam\u00e9ras a\u00e9roport\u00e9es viennent en compl\u00e9mentarit\u00e9 de ces \nderniers  permettant  une  continuit\u00e9  d'observation  sans  d\u00e9placement  d'effectifs  massif  et  \u00e0 \nl'aveugle\u00a0; que la mobilit\u00e9 de ces cam\u00e9ras permet le suivi au plus pr\u00e8s des groupes \u00e0 risques et de  \ns'affranchir de la topographie urbaine afin d'\u00eatre dans l'anticipation des troubles graves et non dans \nla r\u00e9action a posteriori\u00a0;\nCONSID\u00c9RANT qu'une surveillance au sol, sans l'appui de cam\u00e9ras a\u00e9roport\u00e9es, des voies ferr\u00e9es  \npeut  constituer  un  p\u00e9ril  grave  et  imminent  pour  l'int\u00e9grit\u00e9  physique  des  forces  de  s\u00e9curit\u00e9 \nint\u00e9rieure\u00a0;\nCONSID\u00c9RANT que l'appui des forces de s\u00e9curit\u00e9 int\u00e9rieure au sol par des cam\u00e9ras a\u00e9roport\u00e9es  \npermettra d'anticiper toute vell\u00e9it\u00e9 de blocage des voies ferr\u00e9es\u00a0;\nCONSID\u00c9RANT que la configuration labyrinthique du secteur de la Part-Dieu \u00a0rend la progression et \nl'anticipation des forces de s\u00e9curit\u00e9 int\u00e9rieure tr\u00e8s complexe et augmente le risque d'embuscade ;\nCONSID\u00c9RANT que la demande porte sur l'engagement de deux cam\u00e9ras a\u00e9roport\u00e9es, une par  \na\u00e9ronef\u00a0; que les lieux surveill\u00e9s sont strictement limit\u00e9s aux lieux o\u00f9 sont susceptibles de survenir  \nles  atteintes,  que  l'usage  des  deux  cam\u00e9ras  a\u00e9roport\u00e9es  vise  \u00e0  pr\u00e9venir\u00a0;  que  la  dur\u00e9e  de \n2\n69_Pr\u00e9f_Pr\u00e9fecture du Rh\u00f4ne - 69-2025-09-10-00001 - ARR\u00caT\u00c9 n\u00b02025 - 09 - 10 - 0001\nautorisant la captation, l'enregistrement et la transmission\nd'images au moyen de cam\u00e9ras install\u00e9es sur un a\u00e9ronef le mercredi 10 septembre 2025 \u00e0 Lyon\n75\nl'autorisation est \u00e9galement strictement limit\u00e9e \u00e0 la dur\u00e9e des risques de troubles \u00e0 l'ordre public \u00a0; \nqu'au regard des circonstances susmentionn\u00e9es, la demande n'appara\u00eet pas disproportionn\u00e9e\u00a0; \nSur proposition du Pr\u00e9fet d\u00e9l\u00e9gu\u00e9 pour la d\u00e9fense et la s\u00e9curit\u00e9 \u00e0 Lyon\u00a0;\nARR\u00caTE\nArticle  1er\n \u2013  La captation,  l'enregistrement  et  la  transmission  d'images  par  la  Direction \nInterd\u00e9partementale de la Police Nationale, est autoris\u00e9e aux fins de pr\u00e9vention des atteintes \u00e0 la  \ns\u00e9curit\u00e9 des personnes et des biens, de s\u00e9curisation des rassemblements et la r\u00e9gulation des flux de \ntransport,  le  mercredi  10  septembre  de  12h00 \u00e0  24h00 sur  la  commune  de  Lyon  dans  la  zone \nd\u00e9limit\u00e9e par  l'avenue F\u00e9lix Faure, la rue Garibaldi, la rue Vauban, l'avenue Thiers jusqu'\u00e0 l'avenue  \nF\u00e9lix Faure.\nArticle  2  \u2013  Le  nombre  maximal  de  cam\u00e9ras  pouvant  proc\u00e9der  simultan\u00e9ment  aux  traitements \nmentionn\u00e9s \u00e0 l'article 1er\n est fix\u00e9 aux dispositifs suivants\u00a0: \n\u2022 DJI Mavic 3T\n\u2022 DJI Mavic 2 zoom\nArticle 3\u2013  Le registre mentionn\u00e9 \u00e0 l'article L. 242-4 du Code de la s\u00e9curit\u00e9 int\u00e9rieure est transmis \u00e0  \nla pr\u00e9f\u00e8te du Rh\u00f4ne \u00e0 l'issue de la manifestation.\nArticle 4 \u00a0\u2013 Le pr\u00e9sent arr\u00eat\u00e9 est publi\u00e9 au recueil des actes administratifs de la pr\u00e9fecture et peut  \nfaire l'objet d'un recours devant le tribunal administratif de Lyon dans un d\u00e9lai de deux mois \u00e0  \ncompter de sa publication.\nArticle 5 \u00a0\u2013 L'information du public est assur\u00e9e par un communiqu\u00e9 de presse fait par le service de  \ncommunication de la Pr\u00e9fecture du Rh\u00f4ne.\nArticle 6 \u2013 Le pr\u00e9fet d\u00e9l\u00e9gu\u00e9 pour la d\u00e9fense et la s\u00e9curit\u00e9, le directeur interd\u00e9partemental de la  \npolice nationale sont charg\u00e9s chacun en ce qui le concerne de l'ex\u00e9cution du pr\u00e9sent arr\u00eat\u00e9.\nFait \u00e0 Lyon, le 10 septembre 2025\n3\nORIGINAL SIGNE\nAntoine GU\u00c9RIN\n69_Pr\u00e9f_Pr\u00e9fecture du Rh\u00f4ne - 69-2025-09-10-00001 - ARR\u00caT\u00c9 n\u00b02025 - 09 - 10 - 0001\nautorisant la captation, l'enregistrement et la transmission\nd'images au moyen de cam\u00e9ras install\u00e9es sur un a\u00e9ronef le mercredi 10 septembre 2025 \u00e0 Lyon\n76\n69_Pr\u00e9f_Pr\u00e9fecture du Rh\u00f4ne\n69-2025-09-09-00008\nArr\u00eat\u00e9 n\u00b02025-09-09-000- autorisant la captation,\nl'enregistrement et la transmission d'images au\nmoyen de cam\u00e9ras install\u00e9es sur un a\u00e9ronef le\nmercredi 10 septembre 2025 \u00e0 Lyon\n69_Pr\u00e9f_Pr\u00e9fecture du Rh\u00f4ne - 69-2025-09-09-00008 - Arr\u00eat\u00e9 n\u00b02025-09-09-000- autorisant la captation, l'enregistrement et la\ntransmission d'images au moyen de cam\u00e9ras install\u00e9es sur un a\u00e9ronef le mercredi 10 septembre 2025 \u00e0 Lyon 77\nPREFETEDU RHONELibert\u00e9Egalit\u00e9Fraternit\u00e9\nPr\u00e9fecture\nCabinet du Pr\u00e9fet d\u00e9l\u00e9gu\u00e9 pour \nla d\u00e9fense et la s\u00e9curit\u00e9\nBureau de l'ordre public\nARR\u00caT\u00c9 n\u00b02025 \u2013 09 \u2013 09 \u2013 0006\nautorisant la captation, l'enregistrement et la transmission\nd'images au moyen de cam\u00e9ras install\u00e9es sur un a\u00e9ronef le mercredi 10 septembre 2025 \u00e0 Lyon\nLa Pr\u00e9f\u00e8te du Rh\u00f4ne,\nCommandante de la L\u00e9gion d'honneur\nCommandante de l'ordre national du M\u00e9rite\nVU le Code de la s\u00e9curit\u00e9 int\u00e9rieure et notamment ses articles L. 242-1 \u00e0 L. 242-8 et R. 242-8 \u00e0 R. 242-\n14\u00a0;\nVU la loi n\u00b078-17 du 6 janvier 1978 relative \u00e0 l'informatique, aux fichiers et aux libert\u00e9s\nVU le d\u00e9cret n\u00b0 2004-374 du 29 avril 2004 relatif aux pouvoirs des pr\u00e9fets, \u00e0 l'organisation et \u00e0  \nl'action des services de l'\u00c9tat dans les r\u00e9gions et d\u00e9partements\u00a0;\nVU le d\u00e9cret en Conseil des Ministres du 11 janvier 2023 portant nomination de Madame Fabienne  \nBUCCIO, pr\u00e9f\u00e8te de la r\u00e9gion Auvergne-Rh\u00f4ne-Alpes, pr\u00e9f\u00e8te de la zone de d\u00e9fense et de s\u00e9curit\u00e9  \nSud-Est, pr\u00e9f\u00e8te du Rh\u00f4ne (hors classe) ;\nVU  le d\u00e9cret du 6 novembre 2024 portant nomination du pr\u00e9fet d\u00e9l\u00e9gu\u00e9 pour la d\u00e9fense et la  \ns\u00e9curit\u00e9 aupr\u00e8s de la pr\u00e9f\u00e8te de la r\u00e9gion Auvergne-Rh\u00f4ne-Alpes, pr\u00e9f\u00e8te de la zone de d\u00e9fense et  \nde s\u00e9curit\u00e9 Sud-Est, pr\u00e9f\u00e8te du Rh\u00f4ne \u2013 M.Antoine GUERIN\u00a0; \nVU l'arr\u00eat\u00e9 pr\u00e9fectoral n\u00b069-2024-11-15-00001 du 15 novembre 2024 portant d\u00e9l\u00e9gation de signature \n\u00e0 M.Antoine GUERIN en qualit\u00e9 de pr\u00e9fet d\u00e9l\u00e9gu\u00e9 pour la d\u00e9fense et la s\u00e9curit\u00e9 aupr\u00e8s de la pr\u00e9f\u00e8te \nde la r\u00e9gion Auvergne-Rh\u00f4ne-Alpes, pr\u00e9f\u00e8te de la zone de d\u00e9fense et de s\u00e9curit\u00e9 Sud-Est, pr\u00e9f\u00e8te du \nRh\u00f4ne\u00a0;\nVU l'arr\u00eat\u00e9 du Ministre de l'Int\u00e9rieur et des outre-mer, en date du 19 avril 2023 relatif au nombre  \nmaximal de cam\u00e9ras install\u00e9es sur des a\u00e9ronefs pouvant \u00eatre simultan\u00e9ment utilis\u00e9es dans chaque  \nd\u00e9partement\u00a0et collectivit\u00e9 d'outre-mer ;\nVU l'analyse  d'impact  relative  \u00e0  la  protection  des  donn\u00e9es  (AIPD)  r\u00e9alis\u00e9e  par  le  minist\u00e8re  de \nl'Int\u00e9rieur en date du 25 janvier 2023\u00a0;\nVU la d\u00e9claration de rassemblement interprofessionnel de l'Union locale de la CGT pour le mercredi \n10 septembre 2025, de 11h00 \u00e0 16h00, place Guichard dans le 3\u1d49\n arrondissement de Lyon\u00a0;\nVU les appels \u00e0 rassemblements d\u00e9tect\u00e9s sur les r\u00e9seaux sociaux, notamment du \u00ab \u00a0Groupe action\u00a0\u00bb, \nle mercredi 10 septembre 2025 \u00e0 12h00 au niveau de la place Guichard dans le 3  arrondissement de\u1d49  \nPr\u00e9fecture du Rh\u00f4ne  \u2013 69419 Lyon cedex 03 1\nwww.rhone.gouv.fr ou t\u00e9l. : 04 72 61 61 61 (co\u00fbt d'un appel local)\n69_Pr\u00e9f_Pr\u00e9fecture du Rh\u00f4ne - 69-2025-09-09-00008 - Arr\u00eat\u00e9 n\u00b02025-09-09-000- autorisant la captation, l'enregistrement et la\ntransmission d'images au moyen de cam\u00e9ras install\u00e9es sur un a\u00e9ronef le mercredi 10 septembre 2025 \u00e0 Lyon 78\nLyon\u00a0; que cet appel \u00e0 rassemblement risque d'\u00eatre suivi d'une manifestation sauvage rejointe par  \nun  cort\u00e8ge  de  militants  pro-palestiniens \u00a0;  que  le  m\u00eame  groupe  pr\u00e9voit  \u00e9galement  un  \nrassemblement \u00e0 partir de 20h00 au niveau de la place Guichard dans le 3  arrondissement de\u1d49  \nLyon\u00a0ou  au  niveau  du  quartier  de  la  Guilloti\u00e8re  ou  de  l'Universit\u00e9  Lyon  2  en  fonction  des \ndisponibilit\u00e9s\u00a0; \nVu les \u00e9v\u00e8nements qui se sont produits \u00e0 Lyon dans la soir\u00e9e 8 septembre 2025 suite aux appels \u00e0  \nrassemblement  pour  le  \"Pot  de  d\u00e9part  Bayrou\"  sur  la  place  des  Terreaux  dans  le  1er \narrondissement  ;  qu'un  cort\u00e8ge  sauvage  d'environ  700  personnes  s'est  form\u00e9  avec  en  t\u00eate  de \ncort\u00e8ge, un groupe d'individus cagoul\u00e9s ; que pendant leur d\u00e9ambulation, ces individus cagoul\u00e9s  \nont tagu\u00e9 des b\u00e2timents officiels, incendi\u00e9 des poubelles et tent\u00e9 d'\u00e9tablir des barricades ; que ces  \nm\u00eames  individus  ont  jet\u00e9  des  projectiles  et  des  mortiers  en  direction  des  forces  de  s\u00e9curit\u00e9 \nint\u00e9rieure ; que durant ces altercations, quatre fonctionnaires de police ont \u00e9t\u00e9 bless\u00e9s ; \nVU la demande du 9 septembre 2025, form\u00e9e par la Direction Interd\u00e9partementale de la Police Na-\ntionale, visant \u00e0 obtenir l'autorisation de capter, d'enregistrer et de transmettre des images au  \nmoyen deux cam\u00e9ras install\u00e9es sur deux a\u00e9ronefs t\u00e9l\u00e9-pilot\u00e9s (une sur chaque) aux fins de  pr\u00e9ven-\ntion des atteintes \u00e0 la s\u00e9curit\u00e9 des personnes et des biens et de s\u00e9curisation des rassemblements\u00a0;\nCONSID\u00c9RANT que les dispositions susvis\u00e9es permettent aux forces de s\u00e9curit\u00e9 int\u00e9rieure, dans  \nl'exercice de leurs missions de pr\u00e9vention des atteintes \u00e0 l'ordre public et de protection de la  \ns\u00e9curit\u00e9  des  personnes  et  des  biens,  de  proc\u00e9der  \u00e0  la  captation,  \u00e0  l'enregistrement  et  \u00e0  la \ntransmission d'images au moyen de cam\u00e9ras install\u00e9es sur des a\u00e9ronefs aux fins d'assurer la s\u00e9curit\u00e9 \ndes personnes et des biens et pr\u00e9venir les troubles \u00e0 l'ordre public dans le cadre des op\u00e9rations de  \nr\u00e9tablissement de l'ordre public\u00a0; que notamment, le 1\u00b0 et le 2\u00b0 de l'article L. 242-5 du Code de la  \ns\u00e9curit\u00e9 int\u00e9rieure susvis\u00e9 pr\u00e9voit que ces dispositifs peuvent \u00eatre mis en \u0153uvre  au titre de la  \ns\u00e9curit\u00e9 des rassemblements de personnes sur la voie publique ou dans les lieux ouverts au public  \nainsi que de l'appui des personnels au sol, en vue de leur permettre de maintenir ou de r\u00e9tablir  \nl'ordre  public,  lorsque  ces  rassemblements  sont  susceptibles  d'entra\u00eener  des  troubles  graves  \u00e0 \nl'ordre public,  aux seules fins du maintien de l'ordre et de la s\u00e9curit\u00e9 publics\u00a0;\nCONSID\u00c9RANT que  les  dispositifs  de  vid\u00e9oprotection  existants  ne  permettent  pas  de  couvrir \nl'ensemble du secteur concern\u00e9\u00a0; que les cam\u00e9ras a\u00e9roport\u00e9es viennent en compl\u00e9mentarit\u00e9 de ces \nderniers  permettant  une  continuit\u00e9  d'observation  sans  d\u00e9placement  d'effectifs  massif  et  \u00e0 \nl'aveugle\u00a0; que la mobilit\u00e9 de ces cam\u00e9ras permet le suivi au plus pr\u00e8s des groupes \u00e0 risques et de  \ns'affranchir de la topographie urbaine afin d'\u00eatre dans l'anticipation des troubles graves et non dans \nla r\u00e9action \u00e0 posteriori\u00a0;\nCONSID\u00c9RANT que compte tenu du risque av\u00e9r\u00e9 de troubles \u00e0 l'ordre public, de l'ampleur de la  \nzone \u00e0 s\u00e9curiser, de l'int\u00e9r\u00eat de disposer d'une vision en grand angle pour permettre le maintien et  \nle r\u00e9tablissement de l'ordre public tout en limitant l'engagement des forces au sol, le recours aux  \ndispositifs de captation install\u00e9s sur des a\u00e9ronefs est n\u00e9cessaire et adapt\u00e9 ; \nCONSID\u00c9RANT que la demande porte sur l'engagement de deux cam\u00e9ras a\u00e9roport\u00e9es, une par  \na\u00e9ronef\u00a0; que les lieux su rveill\u00e9s sont strictement limit\u00e9s aux lieux o\u00f9 sont susceptibles de survenir  \nles  atteintes,  que  l'usage  des  deux  cam\u00e9ras  a\u00e9roport\u00e9es  vise  \u00e0  pr\u00e9venir\u00a0;  que  la  dur\u00e9e  de \nl'autorisation est \u00e9galement strictement limit\u00e9e \u00e0 la dur\u00e9e des risques de troubles \u00e0 l'ordre public \u00a0; \nqu'au regard des circonstances susmentionn\u00e9es, la demande n'appara\u00eet pas disproportionn\u00e9e\u00a0; \nSur proposition du Pr\u00e9fet d\u00e9l\u00e9gu\u00e9 pour la d\u00e9fense et la s\u00e9curit\u00e9 \u00e0 Lyon\u00a0;\nARR\u00caTE\nArticle  1er\n \u2013  La captation,  l'enregistrement  et  la  transmission  d'images  par  la  Direction \nInterd\u00e9partementale de la Police Nationale, est autoris\u00e9e aux fins de pr\u00e9vention des atteintes \u00e0 la  \n2\n69_Pr\u00e9f_Pr\u00e9fecture du Rh\u00f4ne - 69-2025-09-09-00008 - Arr\u00eat\u00e9 n\u00b02025-09-09-000- autorisant la captation, l'enregistrement et la\ntransmission d'images au moyen de cam\u00e9ras install\u00e9es sur un a\u00e9ronef le mercredi 10 septembre 2025 \u00e0 Lyon 79\ns\u00e9curit\u00e9  des  personnes  et  des  biens  et  de  s\u00e9curisation  des  rassemblements,  le  mercredi  10 \nseptembre de 12h00 \u00e0 24h00 sur la commune de Lyon  dans la zone d\u00e9limit\u00e9e par le Cours Franklin \nRooseveltt, le Pont Morand, la Place Louis Pradel, la Rue Puits Gaillot, la Place des Terreaux, la Rue  \nd'Alg\u00e9rie, le Quai de la P\u00eacherie, le Quai Saint Antoine, le Quai des Celestins, le Quai Tilsilt, la Rue  \nSala, le Quai Docteur Gailleton, le Pont de la Guilloti\u00e8re, le Cours Gambetta, la Rue Garibaldi, le Cours  \nFranklin Roosevelt.\nArticle  2  \u2013  Le  nombre  maximal  de  cam\u00e9ras  pouvant  proc\u00e9der  simultan\u00e9ment  aux  traitements \nmentionn\u00e9s \u00e0 l'article 1er\n est fix\u00e9 aux dispositifs suivants\u00a0: \n\u2022 DJI Mavic 3T\n\u2022 DJI Mavic 2 zoom\nArticle 3\u2013  Le registre mentionn\u00e9 \u00e0 l'article L. 242-4 du Code de la s\u00e9curit\u00e9 int\u00e9rieure est transmis \u00e0  \nla pr\u00e9f\u00e8te du Rh\u00f4ne \u00e0 l'issue de la manifestation.\nArticle 4 \u00a0\u2013 Le pr\u00e9sent arr\u00eat\u00e9 est publi\u00e9 au recueil des actes administratifs de la pr\u00e9fecture et peut  \nfaire l'objet d'un recours devant le tribunal administratif de Lyon dans un d\u00e9lai de deux mois \u00e0  \ncompter de sa publication.\nArticle 5 \u00a0\u2013 L'information du public est assur\u00e9e par un communiqu\u00e9 de presse fait par le service de  \ncommunication de la Pr\u00e9fecture du Rh\u00f4ne.\nArticle 6 \u2013 Le pr\u00e9fet d\u00e9l\u00e9gu\u00e9 pour la d\u00e9fense et la s\u00e9curit\u00e9, le directeur interd\u00e9partemental de la  \npolice nationale sont charg\u00e9s chacun en ce qui le concerne de l'ex\u00e9cution du pr\u00e9sent arr\u00eat\u00e9.\nFait \u00e0 Lyon, le 09 septembre 2025\n3\nORIGINAL SIGNE\nAntoine GU\u00c9RIN\n69_Pr\u00e9f_Pr\u00e9fecture du Rh\u00f4ne - 69-2025-09-09-00008 - Arr\u00eat\u00e9 n\u00b02025-09-09-000- autorisant la captation, l'enregistrement et la\ntransmission d'images au moyen de cam\u00e9ras install\u00e9es sur un a\u00e9ronef le mercredi 10 septembre 2025 \u00e0 Lyon 80\n69_Pr\u00e9f_Pr\u00e9fecture du Rh\u00f4ne\n69-2025-09-09-00007\nArr\u00eat\u00e9 n\u00b02025-09-09-0004 autorisant la\ncaptation, l'enregistrement et la transmission\nd'images au moyen de cam\u00e9ras install\u00e9es sur un\na\u00e9ronef le mercredi 10 septembre 2025 \u00e0 Lyon et\n\u00e0 la Mulati\u00e8re \n69_Pr\u00e9f_Pr\u00e9fecture du Rh\u00f4ne - 69-2025-09-09-00007 - Arr\u00eat\u00e9 n\u00b02025-09-09-0004 autorisant la captation, l'enregistrement et la\ntransmission d'images au moyen de cam\u00e9ras install\u00e9es sur un a\u00e9ronef le mercredi 10 septembre 2025 \u00e0 Lyon et \u00e0 la Mulati\u00e8re 81\nPREFETEDU RHONELibert\u00e9Egalit\u00e9Fraternit\u00e9\nPr\u00e9fecture\nCabinet du Pr\u00e9fet d\u00e9l\u00e9gu\u00e9 pour \nla d\u00e9fense et la s\u00e9curit\u00e9\nBureau de l'ordre public\nARR\u00caT\u00c9 n\u00b02025 \u2013 09 \u2013 09 \u2013 0004\nautorisant la captation, l'enregistrement et la transmission\nd'images au moyen de cam\u00e9ras install\u00e9es sur un a\u00e9ronef le mercredi 10 septembre 2025 \u00e0 Lyon et \u00e0 La Mulati\u00e8re\nLa Pr\u00e9f\u00e8te du Rh\u00f4ne,\nCommandante de la L\u00e9gion d'honneur\nCommandante de l'ordre national du M\u00e9rite\nVU le Code de la s\u00e9curit\u00e9 int\u00e9rieure et notamment ses articles L. 242-1 \u00e0 L. 242-8 et R. 242-8 \u00e0 R. 242-\n14\u00a0;\nVU la loi n\u00b078-17 du 6 janvier 1978 relative \u00e0 l'informatique, aux fichiers et aux libert\u00e9s \nVU le d\u00e9cret n\u00b0 2004-374 du 29 avril 2004 relatif aux pouvoirs des pr\u00e9fets, \u00e0 l'organisation et \u00e0  \nl'action des services de l'\u00c9tat dans les r\u00e9gions et d\u00e9partements\u00a0;\nVU le d\u00e9cret en Conseil des Ministres du 11 janvier 2023 portant nomination de Madame Fabienne  \nBUCCIO, pr\u00e9f\u00e8te de la r\u00e9gion Auvergne-Rh\u00f4ne-Alpes, pr\u00e9f\u00e8te de la zone de d\u00e9fense et de s\u00e9curit\u00e9  \nSud-Est, pr\u00e9f\u00e8te du Rh\u00f4ne (hors classe) ;\nVU  le d\u00e9cret du 6 novembre 2024 portant nomination du pr\u00e9fet d\u00e9l\u00e9gu\u00e9 pour la d\u00e9fense et la  \ns\u00e9curit\u00e9 aupr\u00e8s de la pr\u00e9f\u00e8te de la r\u00e9gion Auvergne-Rh\u00f4ne-Alpes, pr\u00e9f\u00e8te de la zone de d\u00e9fense et  \nde s\u00e9curit\u00e9 Sud-Est, pr\u00e9f\u00e8te du Rh\u00f4ne \u2013 M. Antoine GUERIN\u00a0; \nVU l'arr\u00eat\u00e9 pr\u00e9fectoral n\u00b069-2024-11-15-00001 du 15 novembre 2024 portant d\u00e9l\u00e9gation de signature \n\u00e0 M. Antoine GUERIN en qualit\u00e9 de pr\u00e9fet d\u00e9l\u00e9gu\u00e9 pour la d\u00e9fense et la s\u00e9curit\u00e9 aupr\u00e8s de la  \npr\u00e9f\u00e8te de la r\u00e9gion Auvergne-Rh\u00f4ne-Alpes, pr\u00e9f\u00e8te de la zone de d\u00e9fense et de s\u00e9curit\u00e9 Sud-Est,  \npr\u00e9f\u00e8te du Rh\u00f4ne\u00a0;\nVU l'arr\u00eat\u00e9 du Ministre de l'Int\u00e9rieur et des outre-mer, en date du 19 avril 2023 relatif au nombre  \nmaximal de cam\u00e9ras install\u00e9es sur des a\u00e9ronefs pouvant \u00eatre simultan\u00e9ment utilis\u00e9es dans chaque  \nd\u00e9partement\u00a0et collectivit\u00e9 d'outre-mer ;\nVU l'analyse  d'impact  relative  \u00e0  la  protection  des  donn\u00e9es  (AIPD)  r\u00e9alis\u00e9e  par  le  Minist\u00e8re  de \nl'Int\u00e9rieur en date du 25 janvier 2023\u00a0; \nVU les appels \u00e0 rassemblements d\u00e9tect\u00e9s sur les r\u00e9seaux sociaux, notamment sur la Place des  \nArchives dans le 2  arrondissement de Lyon d\u00e8s 6h30 le mercredi 10 septembre 2025 en vue de\u1d49  \nbloquer le secteur autoroutier ainsi que la gare de Perrache\u00a0; \nPr\u00e9fecture du Rh\u00f4ne  \u2013 69419 Lyon cedex 03 1\nwww.rhone.gouv.fr ou t\u00e9l. : 04 72 61 61 61 (co\u00fbt d'un appel local)\n69_Pr\u00e9f_Pr\u00e9fecture du Rh\u00f4ne - 69-2025-09-09-00007 - Arr\u00eat\u00e9 n\u00b02025-09-09-0004 autorisant la captation, l'enregistrement et la\ntransmission d'images au moyen de cam\u00e9ras install\u00e9es sur un a\u00e9ronef le mercredi 10 septembre 2025 \u00e0 Lyon et \u00e0 la Mulati\u00e8re 82\nVu les \u00e9v\u00e8nements qui se sont produits \u00e0 Lyon dans la soir\u00e9e 8 septembre 2025 suite aux appels \u00e0  \nrassemblement  pour  le  \"Pot  de  d\u00e9part  Bayrou\"  sur  la  place  des  Terreaux  dans  le  1er \narrondissement  ;  qu'un  cort\u00e8ge  sauvage  d'environ  700  personnes  s'est  form\u00e9  avec  en  t\u00eate  de \ncort\u00e8ge, un groupe d'individus cagoul\u00e9s ; que pendant leur d\u00e9ambulation, ces individus cagoul\u00e9s  \nont tagu\u00e9 des b\u00e2timents officiels, incendi\u00e9 des poubelles et tent\u00e9 d'\u00e9tablir des barricades ; que ces  \nm\u00eames  individus  ont  jet\u00e9  des  projectiles  et  des  mortiers  en  direction  des  forces  de  s\u00e9curit\u00e9 \nint\u00e9rieure ; que durant ces altercations, quatre fonctionnaires de police ont \u00e9t\u00e9 bless\u00e9s ; \nVU la demande du 09 septembre 2025, form\u00e9e par la Direction Interd\u00e9partementale de la Police  \nNationale, visant \u00e0 obtenir l'autorisation de capter, d'enregistrer et de transmettre des images au  \nmoyen deux cam\u00e9ras install\u00e9es sur deux a\u00e9ronefs t\u00e9l\u00e9-pilot\u00e9s (une sur chaque) aux fins de  pr\u00e9ven-\ntion des atteintes \u00e0 la s\u00e9curit\u00e9 des personnes et des biens et de s\u00e9curisation des rassemblements\u00a0;\nCONSID\u00c9RANT que les dispositions susvis\u00e9es permettent aux forces de s\u00e9curit\u00e9 int\u00e9rieure, dans  \nl'exercice de leurs missions de pr\u00e9vention des atteintes \u00e0 l'ordre public et de protection de la  \ns\u00e9curit\u00e9  des  personnes  et  des  biens,  de  proc\u00e9der  \u00e0  la  captation,  \u00e0  l'enregistrement  et  \u00e0  la \ntransmission d'images au moyen de cam\u00e9ras install\u00e9es sur des a\u00e9ronefs aux fins d'assurer la s\u00e9curit\u00e9 \ndes personnes et des biens et pr\u00e9venir les troubles \u00e0 l'ordre public dans le cadre des op\u00e9rations de  \nr\u00e9tablissement de l'ordre public\u00a0; que notamment, le 1\u00b0, 2\u00b0 et 4\u00b0 de l'article L. 242-5 du Code de la  \ns\u00e9curit\u00e9 int\u00e9rieure susvis\u00e9 pr\u00e9voit que ces dispositifs peuvent \u00eatre mis en \u0153uvre  au titre de la  \ns\u00e9curit\u00e9 des rassemblements de personnes sur la voie publique ou dans les lieux ouverts au public  \nainsi que de l'appui des personnels au sol, en vue de leur permettre de maintenir ou de r\u00e9tablir  \nl'ordre  public,  lorsque  ces  rassemblements  sont  susceptibles  d'entra\u00eener  des  troubles  graves  \u00e0 \nl'ordre public, et, dans le cadre de la r\u00e9gulation des flux de transport, aux seules fins du maintien de \nl'ordre et de la s\u00e9curit\u00e9 publics\u00a0;\nCONSID\u00c9RANT que  les  dispositifs  de  vid\u00e9oprotection  existants  ne  permettent  pas  de  couvrir \nl'ensemble du secteur concern\u00e9\u00a0; que les cam\u00e9ras a\u00e9roport\u00e9es viennent en compl\u00e9mentarit\u00e9 de ces \nderniers  permettant  une  continuit\u00e9  d'observation  sans  d\u00e9placement  d'effectifs  massif  et  \u00e0 \nl'aveugle\u00a0; que la mobilit\u00e9 de ces cam\u00e9ras permet le suivi au plus pr\u00e8s des groupes \u00e0 risques et de  \ns'affranchir de la topographie urbaine afin d'\u00eatre dans l'anticipation des troubles graves et non dans \nla r\u00e9action \u00e0 posteriori\u00a0;\nCONSID\u00c9RANT qu'une  surveillance  au  sol,  sans  l'appui  de  cam\u00e9ras  a\u00e9roport\u00e9es,  des  voies \nautorouti\u00e8res et ferr\u00e9es peut constituer un p\u00e9ril grave et imminent pour l'int\u00e9grit\u00e9 physique des  \nforces de s\u00e9curit\u00e9 int\u00e9rieure\u00a0;\nCONSID\u00c9RANT que l'appui des forces de s\u00e9curit\u00e9 int\u00e9rieure au sol par des cam\u00e9ras a\u00e9roport\u00e9es  \npermettra  d'anticiper  toute  vell\u00e9it\u00e9  de  blocage  des  voies  autorouti\u00e8res  et  ferr\u00e9es\u00a0;  qu'avec  ce \ndispositif, il est possible d'anticiper un arr\u00eat de la circulation dans le tunnel de Fourvi\u00e8re dans le 2\u00e8me \narrondissement de Lyon \u00a0; qu'un tel arr\u00eat de la circulation aurait pour cons\u00e9quence la mise en  \ndanger  de  centaines  d'automobilistes  qui  y  seraient  entr\u00e9s  avant  que  les  forces  de  s\u00e9curit\u00e9 \nint\u00e9rieure puissent en fermer l'acc\u00e8s\u00a0; \nCONSID\u00c9RANT que la demande porte sur l'engagement de deux cam\u00e9ras a\u00e9roport\u00e9es, une par  \na\u00e9ronef\u00a0; que les lieux surveill\u00e9s sont strictement limit\u00e9s aux lieux o\u00f9 sont susceptibles de survenir  \nles  atteintes,  que  l'usage  des  deux  cam\u00e9ras  a\u00e9roport\u00e9es  vise  \u00e0  pr\u00e9venir\u00a0;  que  la  dur\u00e9e  de \nl'autorisation est \u00e9galement strictement limit\u00e9e \u00e0 la dur\u00e9e des risques de troubles \u00e0 l'ordre public \u00a0; \nqu'au regard des circonstances susmentionn\u00e9es, la demande n'appara\u00eet pas disproportionn\u00e9e\u00a0; \nSur proposition du Pr\u00e9fet d\u00e9l\u00e9gu\u00e9 pour la d\u00e9fense et la s\u00e9curit\u00e9 \u00e0 Lyon\u00a0;\nARR\u00caTE\n2\n69_Pr\u00e9f_Pr\u00e9fecture du Rh\u00f4ne - 69-2025-09-09-00007 - Arr\u00eat\u00e9 n\u00b02025-09-09-0004 autorisant la captation, l'enregistrement et la\ntransmission d'images au moyen de cam\u00e9ras install\u00e9es sur un a\u00e9ronef le mercredi 10 septembre 2025 \u00e0 Lyon et \u00e0 la Mulati\u00e8re 83\nArticle  1er\n \u2013  La captation,  l'enregistrement  et  la  transmission  d'images  par  la  Direction \nInterd\u00e9partementale de la Police Nationale, est autoris\u00e9e aux fins de pr\u00e9vention des atteintes \u00e0 la  \ns\u00e9curit\u00e9 des personnes et des biens, de s\u00e9curisation des rassemblements et la r\u00e9gulation des flux de \ntransport, le mercredi 10 septembre de 06h00 \u00e0 12h00 sur les communes de Lyon et de La Mulati\u00e8re  \ndans la zone d\u00e9limit\u00e9e par le quai Mar\u00e9chal Joffre, la rue de Cond\u00e9, le Pont Galli\u00e9ni, l'avenue G\u00e9n\u00e9ral  \nLeclerc, le Pont Pasteur, le quai Perrache, la M7 , la rue St\u00e9phane D\u00e9chant, le quai JJ Rousseau, le quai  \ndes \u00e9troits, le Pont Kitchener-Marchand jusqu'au Quai Mar\u00e9chal Joffre.\nArticle  2  \u2013  Le  nombre  maximal  de  cam\u00e9ras  pouvant  proc\u00e9der  simultan\u00e9ment  aux  traitements \nmentionn\u00e9s \u00e0 l'article 1er\n est fix\u00e9 aux dispositifs suivants\u00a0: \n\u2022 DJI Mavic 3T\n\u2022 DJI Mavic 2 zoom\nArticle 3\u2013  Le registre mentionn\u00e9 \u00e0 l'article L. 242-4 du Code de la s\u00e9curit\u00e9 int\u00e9rieure est transmis \u00e0  \nla pr\u00e9f\u00e8te du Rh\u00f4ne \u00e0 l'issue de la manifestation.\nArticle 4 \u00a0\u2013 Le pr\u00e9sent arr\u00eat\u00e9 est publi\u00e9 au recueil des actes administratifs de la pr\u00e9fecture et peut  \nfaire l'objet d'un recours devant le tribunal administratif de Lyon dans un d\u00e9lai de deux mois \u00e0  \ncompter de sa publication.\nArticle 5 \u00a0\u2013 L'information du public est assur\u00e9e par un communiqu\u00e9 de presse fait par le service de  \ncommunication de la Pr\u00e9fecture du Rh\u00f4ne.\nArticle 6 \u2013 Le pr\u00e9fet d\u00e9l\u00e9gu\u00e9 pour la d\u00e9fense et la s\u00e9curit\u00e9, le directeur interd\u00e9partemental de la  \npolice nationale sont charg\u00e9s chacun en ce qui le concerne de l'ex\u00e9cution du pr\u00e9sent arr\u00eat\u00e9.\nFait \u00e0 Lyon, le 09 septembre 2025\n3\nORIGINAL SIGNE\nAntoine GU\u00c9RIN\n69_Pr\u00e9f_Pr\u00e9fecture du Rh\u00f4ne - 69-2025-09-09-00007 - Arr\u00eat\u00e9 n\u00b02025-09-09-0004 autorisant la captation, l'enregistrement et la\ntransmission d'images au moyen de cam\u00e9ras install\u00e9es sur un a\u00e9ronef le mercredi 10 septembre 2025 \u00e0 Lyon et \u00e0 la Mulati\u00e8re 84\n69_Pr\u00e9f_Pr\u00e9fecture du Rh\u00f4ne\n69-2025-09-09-00010\nArr\u00eat\u00e9 n\u00b02025-09-09-0005 autorisant la\ncaptation, l'enregistrement, et la transmission\nd'images au moyen de cam\u00e9ras install\u00e9es sur un\na\u00e9ronef le mercredi 10 septembre 2025 et le\njeudi 11 septembre 2025 \u00e0 Sathonay-Camp\n69_Pr\u00e9f_Pr\u00e9fecture du Rh\u00f4ne - 69-2025-09-09-00010 - Arr\u00eat\u00e9 n\u00b02025-09-09-0005 autorisant la captation, l'enregistrement, et la\ntransmission d'images au moyen de cam\u00e9ras install\u00e9es sur un a\u00e9ronef le mercredi 10 septembre 2025 et le jeudi 11 septembre 2025 \u00e0\nSathonay-Camp\n85\nPREFETEDU RHONELibert\u00e9Egalit\u00e9Fraternit\u00e9\nPr\u00e9fecture\nCabinet du Pr\u00e9fet d\u00e9l\u00e9gu\u00e9 pour \nla d\u00e9fense et la s\u00e9curit\u00e9\nBureau de l'ordre public\nARR\u00caT\u00c9 n\u00b02025 \u2013 09 \u2013 09 \u2013 0005\nautorisant la captation, l'enregistrement et la transmission\nd'images au moyen de cam\u00e9ras install\u00e9es sur un a\u00e9ronef le mercredi 10 septembre 2025 et le jeudi 11 septembre \n2025 \u00e0 Sathonay-Camp\nLa Pr\u00e9f\u00e8te du Rh\u00f4ne,\nCommandante de la L\u00e9gion d'honneur\nCommandante de l'ordre national du M\u00e9rite\nVU le Code de la s\u00e9curit\u00e9 int\u00e9rieure et notamment ses articles L. 242-1 \u00e0 L. 242-8 et R. 242-8 \u00e0 R. 242-\n14\u00a0;\nVU la loi n\u00b078-17 du 6 janvier 1978 relative \u00e0 l'informatique, aux fichiers et aux libert\u00e9s\u00a0;\nVU le d\u00e9cret n\u00b0 2004-374 du 29 avril 2004 relatif aux pouvoirs des pr\u00e9fets, \u00e0 l'organisation et \u00e0  \nl'action des services de l'\u00c9tat dans les r\u00e9gions et d\u00e9partements\u00a0;\nVU le d\u00e9cret en Conseil des Ministres du 11 janvier 2023 portant nomination de Madame Fabienne  \nBUCCIO, pr\u00e9f\u00e8te de la r\u00e9gion Auvergne-Rh\u00f4ne-Alpes, pr\u00e9f\u00e8te de la zone de d\u00e9fense et de s\u00e9curit\u00e9  \nSud-Est, pr\u00e9f\u00e8te du Rh\u00f4ne (hors classe) ;\nVU  le d\u00e9cret du 6 novembre 2024 portant nomination du pr\u00e9fet d\u00e9l\u00e9gu\u00e9 pour la d\u00e9fense et la  \ns\u00e9curit\u00e9 aupr\u00e8s de la pr\u00e9f\u00e8te de la r\u00e9gion Auvergne-Rh\u00f4ne-Alpes, pr\u00e9f\u00e8te de la zone de d\u00e9fense et  \nde s\u00e9curit\u00e9 Sud-Est, pr\u00e9f\u00e8te du Rh\u00f4ne \u2013 M. Antoine GUERIN\u00a0; \nVU l'arr\u00eat\u00e9 pr\u00e9fectoral n\u00b069-2024-11-15-00001 du 15 novembre 2024 portant d\u00e9l\u00e9gation de signature \n\u00e0 M. Antoine GUERIN en qualit\u00e9 de pr\u00e9fet d\u00e9l\u00e9gu\u00e9 pour la d\u00e9fense et la s\u00e9curit\u00e9 aupr\u00e8s de la  \npr\u00e9f\u00e8te de la r\u00e9gion Auvergne-Rh\u00f4ne-Alpes, pr\u00e9f\u00e8te de la zone de d\u00e9fense et de s\u00e9curit\u00e9 Sud-Est,  \npr\u00e9f\u00e8te du Rh\u00f4ne\u00a0;\nVU l'arr\u00eat\u00e9 du Ministre de l'Int\u00e9rieur et des outre-mer, en date du 19 avril 2023 relatif au nombre  \nmaximal de cam\u00e9ras install\u00e9es sur des a\u00e9ronefs pouvant \u00eatre simultan\u00e9ment utilis\u00e9es dans chaque  \nd\u00e9partement\u00a0et collectivit\u00e9 d'outre-mer ;\nVU l'analyse d'impact du minist\u00e8re de l'Int\u00e9rieur relative \u00e0 la protection des donn\u00e9es du 25 janvier  \n2023\u00a0;\nVU la demande N\u00b037 \u00a0227 du 9 septembre 2025, form\u00e9e par le groupement de gendarmerie d\u00e9par -\ntementale du Rh\u00f4ne, visant \u00e0 obtenir l'autorisation de capter, d'enregistrer et de transmettre des  \nimages au moyen d'une cam\u00e9ra install\u00e9e sur trois a\u00e9ronefs dont deux t\u00e9l\u00e9-pilot\u00e9s afin d'assurer la  \nPr\u00e9fecture du Rh\u00f4ne  \u2013 69419 Lyon cedex 03 1\nwww.rhone.gouv.fr ou t\u00e9l. : 04 72 61 61 61 (co\u00fbt d'un appel local)\n69_Pr\u00e9f_Pr\u00e9fecture du Rh\u00f4ne - 69-2025-09-09-00010 - Arr\u00eat\u00e9 n\u00b02025-09-09-0005 autorisant la captation, l'enregistrement, et la\ntransmission d'images au moyen de cam\u00e9ras install\u00e9es sur un a\u00e9ronef le mercredi 10 septembre 2025 et le jeudi 11 septembre 2025 \u00e0\nSathonay-Camp\n86\nprotection des b\u00e2timents et installations publics et leurs abords, et d'assurer l'appui des personnels  \nau sol en vue du maintien ou de r\u00e9tablir l'ordre public\u00a0; \nCONSID\u00c9RANT que les dispositions susvis\u00e9es permettent aux forces de s\u00e9curit\u00e9 int\u00e9rieure, dans  \nl'exercice de leurs missions de pr\u00e9vention des atteintes \u00e0 l'ordre public et de protection de la  \ns\u00e9curit\u00e9  des  personnes  et  des  biens,  de  proc\u00e9der  \u00e0  la  captation,  \u00e0  l'enregistrement  et  \u00e0  la \ntransmission d'images au moyen de cam\u00e9ras install\u00e9es sur des a\u00e9ronefs aux fins d'assurer la s\u00e9curit\u00e9 \ndes personnes et des biens et pr\u00e9venir les troubles \u00e0 l'ordre public dans le cadre des op\u00e9rations de  \nr\u00e9tablissement de l'ordre public\u00a0; que notamment, le 1\u00b0 de l'article L. 242-5 du Code de la s\u00e9curit\u00e9  \nint\u00e9rieure susvis\u00e9 pr\u00e9voit que ces dispositifs peuvent \u00eatre mis en \u0153uvre au titre de la pr\u00e9vention des \natteintes \u00e0 la s\u00e9curit\u00e9 des personnes et des biens dans des lieux particuli\u00e8rement expos\u00e9s, en raison \nde leurs caract\u00e9ristiques ou des faits qui s'y sont d\u00e9j\u00e0 d\u00e9roul\u00e9s, \u00e0 des risques d'agression, de vol ou  \nde trafic d'armes, d'\u00eatres humains ou de stup\u00e9fiants, ainsi que la protection des b\u00e2timents et  \ninstallations publics et de leurs abords imm\u00e9diats, lorsqu'ils sont particuli\u00e8rement expos\u00e9s \u00e0 des  \nrisques d'intrusion ou de d\u00e9gradation\u00a0;\nCONSID\u00c9RANT que la demande porte sur la s\u00e9curisation de la caserne Lebrun \u00e0 Sathonay-Camp du \ngroupement de gendarmerie du Rh\u00f4ne \u00a0; que celle-ci est repr\u00e9sente une institution de l'\u00c9tat\u00a0; \nCONSID\u00c9RANT que les locaux de la gendarmerie nationale sont souvent vis\u00e9s lors de violences  \nurbaines\u00a0; \nCONSID\u00c9RANT que  la  caserne  du  groupement  de  gendarmerie  de  Sathonay-Camp  a  \u00e9t\u00e9 \nr\u00e9cemment plusieurs fois la cible de tirs de mortiers d'artifices \u00a0; que, pour exemple, elle a \u00e9t\u00e9 cibl\u00e9  \ntrois fois en mois d'une semaine en f\u00e9vrier 2025 en journ\u00e9e et en soir\u00e9e \u00a0; que des v\u00e9hicules de  \nservices ont \u00e9t\u00e9 d\u00e9grad\u00e9s \u00a0; que ces \u00ab \u00a0actions \u00e9clair\u00a0\u00bb, op\u00e9r\u00e9es par des individus isol\u00e9s ou en petite  \nbande, sont difficiles \u00e0 anticiper de par la bri\u00e8vet\u00e9 des tirs, la concentration de population avec des \nimmeubles \u00e0 plusieurs \u00e9tages et de la difficult\u00e9 \u00e0 obtenir des t\u00e9moignages conclusifs permettant de \nconfondre les mis en cause ;\nCONSID\u00c9RANT que  la  mobilisation  du  10  septembre  2025  va  permettre  aux  franges  les  plus \ncontestataires de se r\u00e9unir\u00a0; que ces individus, hostiles \u00e0 l'\u00c9tat et \u00e0 ses institutions, peuvent vouloir  \nvenir s'introduire au sein de la caserne dans l'optique de la d\u00e9grader\u00a0;\nCONSID\u00c9RANT que le groupement de gendarmerie indique que le besoin de cam\u00e9ra a\u00e9roport\u00e9e ne \npeut \u00eatre remplac\u00e9 par les dispositifs de vid\u00e9osurveillance \u00a0; que ces derniers ne sont d'aucune aide  \nop\u00e9rationnelle  \u00e9tant  donn\u00e9  qu'ils  ne  sont  pas  exploitables  dans  l'imm\u00e9diatet\u00e9  par  le  chef \nop\u00e9rationnel et par le responsable de la s\u00e9curit\u00e9 de la caserne\u00a0;\nCONSID\u00c9RANT que  les  dispositifs  de  vid\u00e9oprotection  existants  ne  permettent  pas  de  couvrir \nl'ensemble du secteur concern\u00e9 \u00a0; que contrairement aux cam\u00e9ras fixes du centre de supervision  \nurbaine, une cam\u00e9ra a\u00e9roport\u00e9e pr\u00e9sente de nombreux avantages dans le cadre du maintien de  \nl'ordre  puisque  celle-ci  pr\u00e9sente  une  mobilit\u00e9  et  une  couverture  \u00e9largie,  qu'elle  permet  une \nmeilleure r\u00e9activit\u00e9 des forces de l'ordre, qu'elle apporte une vision globale, en temps r\u00e9el et en  \nd\u00e9passant  les  obstacles  visuels,  qu'elle  r\u00e9duit  les  angles  morts  et  l'exposition  des  effectifs  de \ns\u00e9curit\u00e9 \u00e0 des situations dangereuses \u00a0; que le recours \u00e0 une cam\u00e9ra a\u00e9roport\u00e9e permet d'obtenir  \nune efficacit\u00e9 op\u00e9rationnelle certaine et vient compl\u00e9ter le dispositif de vid\u00e9oprotection ; \nCONSID\u00c9RANT que compte tenu du risque av\u00e9r\u00e9 de troubles \u00e0 l'ordre public durant la mobilisation  \ndu 10 septembre, avec de nombreux appels aux blocages, des risques de perturbations des flux de  \ntransport, de l'ampleur de la zone \u00e0 s\u00e9curiser, de l'int\u00e9r\u00eat de disposer d'une vision en grand angle  \npour permettre le maintien et le r\u00e9tablissement de l'ordre public tout en limitant l'engagement des  \nforces au sol, le recours aux dispositifs de captation install\u00e9s sur des a\u00e9ronefs  est n\u00e9cessaire et  \nadapt\u00e9 ;  \n2\n69_Pr\u00e9f_Pr\u00e9fecture du Rh\u00f4ne - 69-2025-09-09-00010 - Arr\u00eat\u00e9 n\u00b02025-09-09-0005 autorisant la captation, l'enregistrement, et la\ntransmission d'images au moyen de cam\u00e9ras install\u00e9es sur un a\u00e9ronef le mercredi 10 septembre 2025 et le jeudi 11 septembre 2025 \u00e0\nSathonay-Camp\n87\nCONSID\u00c9RANT que la demande porte sur l'engagement de trois cam\u00e9ras a\u00e9roport\u00e9es\u00a0; que les lieux \nsurveill\u00e9s sont strictement limit\u00e9s aux lieux o\u00f9 sont susceptibles de survenir les atteintes que l'usage \nd'une cam\u00e9ra a\u00e9roport\u00e9e vise \u00e0 pr\u00e9venir \u00a0; qu'elles sont employ\u00e9es de telle sorte qu'elles ne visent  \npas  \u00e0  recueillir  les  images  de  l'int\u00e9rieur  des  domiciles  ni,  de  fa\u00e7on  sp\u00e9cifique,  celles  de  leurs \nentr\u00e9es\u00a0; que les dispositifs a\u00e9roport\u00e9s ne peuvent ni proc\u00e9der \u00e0 la captation du son, ni comporter  \nde  traitement  automatis\u00e9  de  reconnaissance  faciale\u00a0;  que  les  enregistrements  sont  conserv\u00e9s \npendant  une  dur\u00e9e  maximale  de  sept  jours\u00a0;  que  la  dur\u00e9e  de  l'autorisation  est  \u00e9galement \nstrictement  limit\u00e9e  \u00e0  la  dur\u00e9e  des  risques  de  troubles  \u00e0  l'ordre  public\u00a0;  qu'au  regard  des \ncirconstances susmentionn\u00e9es, la demande n'appara\u00eet pas disproportionn\u00e9e\u00a0; \nCONSID\u00c9RANT le recours \u00e0 la captation, l'enregistrement et la transmission d'images fera l'objet  \nd'une information par plusieurs moyens adapt\u00e9s \u00a0; qu'outre la publication du pr\u00e9sent arr\u00eat\u00e9 au  \nrecueil des actes administratifs, ce dispositif fera l'objet d'une information par communiqu\u00e9 sur les  \nr\u00e9seaux sociaux\u00a0; que ces moyens d'information sont adapt\u00e9s\u00a0; \nSur proposition du Pr\u00e9fet d\u00e9l\u00e9gu\u00e9 pour la d\u00e9fense et la s\u00e9curit\u00e9 \u00e0 Lyon\u00a0;\nARR\u00caTE\nArticle  1er\n \u2013  La captation,  l'enregistrement  et  la  transmission  d'images  par  le  Groupement  de \ngendarmerie d\u00e9partementale du Rh\u00f4ne, est autoris\u00e9e aux fins de  pr\u00e9vention des atteintes \u00e0 la  \ns\u00e9curit\u00e9  des  personnes  et  des  biens  et  de  s\u00e9curisation  des  rassemblements,  du  mercredi  10 \nseptembre de 19h00 au jeudi 11 septembre 08h00  sur la commune de Sathonay-Camp  dans la zone \nincluse dans le p\u00e9rim\u00e8tre Boulevard de l'Ouest/All\u00e9e Paul Delorme/Boulevard des Monts d'Or/Rue du  \n8 mai 1945\nArticle  2  \u2013  Le  nombre  maximal  de  cam\u00e9ras  pouvant  proc\u00e9der  simultan\u00e9ment  aux  traitements \nmentionn\u00e9s \u00e0 l'article 1er\n est fix\u00e9 aux dispositifs suivants\u00a0: \n\u2022 DJI Mavic 3T\n\u2022 DJI Matrice 300\n\u2022 H\u00e9licopt\u00e8re EC-135 \u2013 boule optique WESCAM MX-15 (cam\u00e9ra jour/nuit)\nArticle 3\u2013  Le registre mentionn\u00e9 \u00e0 l'article L. 242-4 du Code de la s\u00e9curit\u00e9 int\u00e9rieure est transmis \u00e0  \nla pr\u00e9f\u00e8te du Rh\u00f4ne \u00e0 l'issue de la manifestation.\nArticle 4 \u00a0\u2013 Le pr\u00e9sent arr\u00eat\u00e9 est publi\u00e9 au recueil des actes administratifs de la pr\u00e9fecture et peut  \nfaire l'objet d'un recours devant le tribunal administratif de Lyon dans un d\u00e9lai de deux mois \u00e0  \ncompter de sa publication.\nArticle 5 \u2013 Le pr\u00e9fet d\u00e9l\u00e9gu\u00e9 pour la d\u00e9fense et la s\u00e9curit\u00e9, la commandante du groupement de  \ngendarmerie d\u00e9partementale du Rh\u00f4ne sont charg\u00e9s chacun en ce qui le concerne de l'ex\u00e9cution \ndu pr\u00e9sent arr\u00eat\u00e9.\nFait \u00e0 Lyon, le 9 septembre 2025\n3\nORIGINAL SIGNE\nAntoine GU\u00c9RIN\n69_Pr\u00e9f_Pr\u00e9fecture du Rh\u00f4ne - 69-2025-09-09-00010 - Arr\u00eat\u00e9 n\u00b02025-09-09-0005 autorisant la captation, l'enregistrement, et la\ntransmission d'images au moyen de cam\u00e9ras install\u00e9es sur un a\u00e9ronef le mercredi 10 septembre 2025 et le jeudi 11 septembre 2025 \u00e0\nSathonay-Camp\n88\n69_Pr\u00e9f_Pr\u00e9fecture du Rh\u00f4ne\n69-2025-09-09-00009\nArr\u00eat\u00e9 n\u00b02025-09-09-007 autorisant la captation,\nl'enregistrement et la transmission d'images au\nmoyen de cam\u00e9ras install\u00e9es sur un a\u00e9ronef le\nmercredi 10 et le jeudi 11 septembre \u00e0 Lyon\n69_Pr\u00e9f_Pr\u00e9fecture du Rh\u00f4ne - 69-2025-09-09-00009 - Arr\u00eat\u00e9 n\u00b02025-09-09-007 autorisant la captation, l'enregistrement et la\ntransmission d'images au moyen de cam\u00e9ras install\u00e9es sur un a\u00e9ronef le mercredi 10 et le jeudi 11 septembre \u00e0 Lyon 89\nPREFETEDU RHONELibert\u00e9Egalit\u00e9Fraternit\u00e9\nPr\u00e9fecture\nCabinet du Pr\u00e9fet d\u00e9l\u00e9gu\u00e9 pour \nla d\u00e9fense et la s\u00e9curit\u00e9\nBureau de l'ordre public\nARR\u00caT\u00c9 n\u00b02025 \u2013 09 \u2013 09 \u2013 0007\nautorisant la captation, l'enregistrement et la transmission\nd'images au moyen de cam\u00e9ras install\u00e9es sur un a\u00e9ronef le mercredi 10 et le jeudi 11 septembre 2025 \u00e0 Lyon\nLa Pr\u00e9f\u00e8te du Rh\u00f4ne,\nCommandante de la L\u00e9gion d'honneur\nCommandante de l'ordre national du M\u00e9rite\nVU le Code de la s\u00e9curit\u00e9 int\u00e9rieure et notamment ses articles L. 242-1 \u00e0 L. 242-8 et R. 242-8 \u00e0 R. 242-\n14\u00a0;\nVU la loi n\u00b078-17 du 6 janvier 1978 relative \u00e0 l'informatique, aux fichiers et aux libert\u00e9s\u00a0;\nVU le d\u00e9cret n\u00b0 2004-374 du 29 avril 2004 relatif aux pouvoirs des pr\u00e9fets, \u00e0 l'organisation et \u00e0  \nl'action des services de l'\u00c9tat dans les r\u00e9gions et d\u00e9partements\u00a0;\nVU le d\u00e9cret en Conseil des Ministres du 11 janvier 2023 portant nomination de Madame Fabienne  \nBUCCIO, pr\u00e9f\u00e8te de la r\u00e9gion Auvergne-Rh\u00f4ne-Alpes, pr\u00e9f\u00e8te de la zone de d\u00e9fense et de s\u00e9curit\u00e9  \nSud-Est, pr\u00e9f\u00e8te du Rh\u00f4ne (hors classe) ;\nVU  le d\u00e9cret du 6 novembre 2024 portant nomination du pr\u00e9fet d\u00e9l\u00e9gu\u00e9 pour la d\u00e9fense et la  \ns\u00e9curit\u00e9 aupr\u00e8s de la pr\u00e9f\u00e8te de la r\u00e9gion Auvergne-Rh\u00f4ne-Alpes, pr\u00e9f\u00e8te de la zone de d\u00e9fense et  \nde s\u00e9curit\u00e9 Sud-Est, pr\u00e9f\u00e8te du Rh\u00f4ne \u2013 M.Antoine GUERIN\u00a0; \nVU l'arr\u00eat\u00e9 pr\u00e9fectoral n\u00b069-2025-07-04-00005 du 4 juillet 2025 portant d\u00e9l\u00e9gation de signature \u00e0  \nM.Antoine GUERIN en qualit\u00e9 de pr\u00e9fet d\u00e9l\u00e9gu\u00e9 pour la d\u00e9fense et la s\u00e9curit\u00e9 aupr\u00e8s de la pr\u00e9f\u00e8te  \nde la r\u00e9gion Auvergne-Rh\u00f4ne-Alpes, pr\u00e9f\u00e8te de la zone de d\u00e9fense et de s\u00e9curit\u00e9 Sud-Est, pr\u00e9f\u00e8te du \nRh\u00f4ne\u00a0;\nVU l'arr\u00eat\u00e9 du Ministre de l'Int\u00e9rieur et des outre-mer, en date du 19 avril 2023 relatif au nombre  \nmaximal de cam\u00e9ras install\u00e9es sur des a\u00e9ronefs pouvant \u00eatre simultan\u00e9ment utilis\u00e9es dans chaque  \nd\u00e9partement\u00a0et collectivit\u00e9 d'outre-mer ;\nVU l'analyse d'impact du minist\u00e8re de l'Int\u00e9rieur relative \u00e0 la protection des donn\u00e9es du 25 janvier  \n2023\u00a0;\nVU les nombreux appels relay\u00e9s massivement par les r\u00e9seaux sociaux \u00e0 rejoindre le mouvement  \n\u00ab\u00a0bloquons tout\u00a0\u00bb et \u00e0 participer diff\u00e9rentes actions de blocage ou de manifestations\u00a0;\nPr\u00e9fecture du Rh\u00f4ne  \u2013 69419 Lyon cedex 03 1\nwww.rhone.gouv.fr ou t\u00e9l. : 04 72 61 61 61 (co\u00fbt d'un appel local)\n69_Pr\u00e9f_Pr\u00e9fecture du Rh\u00f4ne - 69-2025-09-09-00009 - Arr\u00eat\u00e9 n\u00b02025-09-09-007 autorisant la captation, l'enregistrement et la\ntransmission d'images au moyen de cam\u00e9ras install\u00e9es sur un a\u00e9ronef le mercredi 10 et le jeudi 11 septembre \u00e0 Lyon 90\nVU la demande du 9 septembre 2025, form\u00e9e par le Groupement de gendarmerie d\u00e9partementale  \ndu Rh\u00f4ne, visant \u00e0 obtenir l'autorisation de capter, d'enregistrer et de transmettre des images au  \nmoyen d'une cam\u00e9ra install\u00e9e sur deux a\u00e9ronefs dont un t\u00e9l\u00e9-pilot\u00e9 aux fins de  pr\u00e9vention des  \natteintes \u00e0 la s\u00e9curit\u00e9 des personnes et des biens ainsi que de la protection des b\u00e2timents et  \ninstallations publics et de leurs abords imm\u00e9diats, lorsqu'ils sont particuli\u00e8rement expos\u00e9s \u00e0 des  \nrisques d'intrusion ou de d\u00e9gradation du mercredi 10 septembre 2025 de 07h00 jusqu'au jeudi 11  \nseptembre 2025 08h00\u00a0;\nCONSID\u00c9RANT que les dispositions susvis\u00e9es permettent aux forces de s\u00e9curit\u00e9 int\u00e9rieure, dans  \nl'exercice de leurs missions de pr\u00e9vention des atteintes \u00e0 l'ordre public et de protection de la  \ns\u00e9curit\u00e9  des  personnes  et  des  biens,  de  proc\u00e9der  \u00e0  la  captation,  \u00e0  l'enregistrement  et  \u00e0  la \ntransmission d'images au moyen de cam\u00e9ras install\u00e9es sur des a\u00e9ronefs aux fins d'assurer la s\u00e9curit\u00e9 \ndes personnes et des biens et pr\u00e9venir les troubles \u00e0 l'ordre public dans le cadre des op\u00e9rations de  \nr\u00e9tablissement de l'ordre public\u00a0; que notamment, le 1\u00b0 de l'article L. 242-5 du Code de la s\u00e9curit\u00e9  \nint\u00e9rieure susvis\u00e9 pr\u00e9voit que ces dispositifs peuvent \u00eatre mis en \u0153uvre au titre de la pr\u00e9vention des \natteintes \u00e0 la s\u00e9curit\u00e9 des personnes et des biens dans des lieux particuli\u00e8rement expos\u00e9s, en raison \nde leurs caract\u00e9ristiques ou des faits qui s'y sont d\u00e9j\u00e0 d\u00e9roul\u00e9s, \u00e0 des risques d'agression, de vol ou  \nde trafic d'armes, d'\u00eatres humains ou de stup\u00e9fiants, ainsi que la protection des b\u00e2timents et  \ninstallations publics et de leurs abords imm\u00e9diats, lorsqu'ils sont particuli\u00e8rement expos\u00e9s \u00e0 des  \nrisques d'intrusion ou de d\u00e9gradation\u00a0;\nCONSID\u00c9RANT que la demande porte sur la s\u00e9curisation de la caserne Delfosse du groupement de  \ngendarmerie du Rh\u00f4ne \u00a0; que celle-ci est repr\u00e9sente une institution de l'\u00c9tat\u00a0; \nCONSID\u00c9RANT que les locaux de la gendarmerie nationale sont souvent vis\u00e9s lors de violences  \nurbaines\u00a0; \nCONSID\u00c9RANT  que  la  caserne  fait  r\u00e9guli\u00e8rement  l'objet  de  tentative  d'intrusion\u00a0;  que  tr\u00e8s \nr\u00e9cemment, dans la nuit du 4 juillet au samedi 5 juillet 2025 vers 00h30, un individu s'est introduit  \ndans la caserne\u00a0; qu'il a pendant plus d'une heure d\u00e9ambul\u00e9 dans les lieux \u00a0; que deux cambriolages \nsont \u00e0 d\u00e9plorer\u00a0;\nCONSID\u00c9RANT que  la  caserne  du  groupement  de  gendarmerie  de  Sathonay-Camp  a  \u00e9t\u00e9 \nr\u00e9cemment plusieurs fois la cible de tirs de mortiers d'artifices \u00a0; que, pour exemple, elle a \u00e9t\u00e9 cibl\u00e9  \ntrois fois en mois d'une semaine en f\u00e9vrier 2025 en journ\u00e9e et en soir\u00e9e \u00a0; que des v\u00e9hicules de  \nservices ont \u00e9t\u00e9 d\u00e9grad\u00e9s \u00a0; que ces \u00ab actions \u00e9clair \u00bb, op\u00e9r\u00e9es par des individus isol\u00e9s ou en petite  \nbande, sont difficiles \u00e0 anticiper de par la bri\u00e8vet\u00e9 des tirs, la concentration de population avec des \nimmeubles \u00e0 plusieurs \u00e9tages et de la difficult\u00e9 \u00e0 obtenir des t\u00e9moignages conclusifs permettant de \nconfondre les mis en cause ;\nCONSID\u00c9RANT que  la  mobilisation  du  10  septembre  2025  va  permettre  aux  franges  les  plus \ncontestataires de se r\u00e9unir\u00a0; que ces individus, hostiles \u00e0 l'\u00c9tat et \u00e0 ses institutions, peuvent vouloir  \nvenir s'introduire au sein de la caserne dans l'optique de la d\u00e9grader\u00a0;\nCONSID\u00c9RANT que la place d'arme de la caserne Delfosse sert d'h\u00e9liport \u00a0; que celui-ci est utilis\u00e9  \npar  les  services de  secours  dont  notamment  des  pompiers\u00a0;  que  la  caserne  joue  ainsi  un  r\u00f4le \nessentiel en cas de secours d'urgence et de projection au long cours \u00a0; qu'elle constitue donc un  \nespace \u00e0 prot\u00e9ger en tant que moyens de l'\u00c9tat en termes de secours \u00e0 personne\u00a0; \nCONSID\u00c9RANT que le groupement de gendarmerie indique que le besoin de cam\u00e9ra a\u00e9roport\u00e9e ne \npeut \u00eatre remplac\u00e9 par les dispositifs de vid\u00e9osurveillance \u00a0; que ces derniers ne sont d'aucune aide  \nop\u00e9rationnelle  \u00e9tant  donn\u00e9  qu'ils  ne  sont  pas  exploitables  dans  l'imm\u00e9diatet\u00e9  par  le  chef \nop\u00e9rationnel et par le responsable de la s\u00e9curit\u00e9 de la caserne\u00a0;\n2\n69_Pr\u00e9f_Pr\u00e9fecture du Rh\u00f4ne - 69-2025-09-09-00009 - Arr\u00eat\u00e9 n\u00b02025-09-09-007 autorisant la captation, l'enregistrement et la\ntransmission d'images au moyen de cam\u00e9ras install\u00e9es sur un a\u00e9ronef le mercredi 10 et le jeudi 11 septembre \u00e0 Lyon 91\nCONSID\u00c9RANT que  les  dispositifs  de  vid\u00e9oprotection  existants  ne  permettent  pas  de  couvrir \nl'ensemble du secteur concern\u00e9 \u00a0; que contrairement aux cam\u00e9ras fixes du centre de supervision  \nurbaine, une cam\u00e9ra a\u00e9roport\u00e9e pr\u00e9sente de nombreux avantages dans le cadre du maintien de  \nl'ordre  puisque  celle-ci  pr\u00e9sente  une  mobilit\u00e9  et  une  couverture  \u00e9largie,  qu'elle  permet  une \nmeilleure r\u00e9activit\u00e9 des forces de l'ordre, qu'elle apporte une vision globale, en temps r\u00e9el et en  \nd\u00e9passant  les  obstacles  visuels,  qu'elle  r\u00e9duit  les  angles  morts  et  l'exposition  des  effectifs  de \ns\u00e9curit\u00e9 \u00e0 des situations dangereuses \u00a0; que le recours \u00e0 une cam\u00e9ra a\u00e9roport\u00e9e permet d'obtenir  \nune efficacit\u00e9 op\u00e9rationnelle certaine et vient compl\u00e9ter le dispositif de vid\u00e9oprotection ; \nCONSID\u00c9RANT que compte tenu du risque av\u00e9r\u00e9 de troubles \u00e0 l'ordre public durant la mobilisation  \ndu 10 septembre 2025, avec de nombreux appels aux blocages, des risques de perturbations des  \nflux de transport, de l'ampleur de la zone \u00e0 s\u00e9curiser, de l'int\u00e9r\u00eat de disposer d'une vision en grand  \nangle  pour  permettre  le  maintien  et  le  r\u00e9tablissement  de  l'ordre  public  tout  en  limitant \nl'engagement des forces au sol, le recours aux dispositifs de captation install\u00e9s sur des a\u00e9ronefs est \nn\u00e9cessaire et adapt\u00e9 ;  \nCONSID\u00c9RANT que la demande porte sur l'engagement de deux cam\u00e9ras a\u00e9roport\u00e9es \u00a0; que les  \nlieux surveill\u00e9s sont strictement limit\u00e9s aux lieux o\u00f9 sont susceptibles de survenir les atteintes que  \nl'usage d'une cam\u00e9ra a\u00e9roport\u00e9e vise \u00e0 pr\u00e9venir\u00a0; qu'ils sont employ\u00e9s de telle sorte qu'ils ne visent  \npas  \u00e0  recueillir  les  images  de  l'int\u00e9rieur  des  domiciles  ni,  de  fa\u00e7on  sp\u00e9cifique,  celles  de  leurs \nentr\u00e9es\u00a0; que les dispositifs a\u00e9roport\u00e9s ne peuvent ni proc\u00e9der \u00e0 la captation du son, ni comporter  \nde  traitement  automatis\u00e9  de  reconnaissance  faciale\u00a0;  que  les  enregistrements  sont  conserv\u00e9s \npendant  une  dur\u00e9e  maximale  de  sept  jours\u00a0;  que  la  dur\u00e9e  de  l'autorisation  est  \u00e9galement \nstrictement  limit\u00e9e  \u00e0  la  dur\u00e9e  des  risques  de  troubles  \u00e0  l'ordre  public\u00a0;  qu'au  regard  des \ncirconstances susmentionn\u00e9es, la demande n'appara\u00eet pas disproportionn\u00e9e\u00a0; \nCONSID\u00c9RANT le recours \u00e0 la captation, l'enregistrement et la transmission d'images fera l'objet  \nd'une information par plusieurs moyens adapt\u00e9s \u00a0; qu'outre la publication du pr\u00e9sent arr\u00eat\u00e9 au  \nrecueil des actes administratifs, ce dispositif fera l'objet d'une information par communiqu\u00e9 sur les  \nr\u00e9seaux sociaux\u00a0; que ces moyens d'information sont adapt\u00e9s\u00a0; \nSur proposition du Pr\u00e9fet d\u00e9l\u00e9gu\u00e9 pour la d\u00e9fense et la s\u00e9curit\u00e9 \u00e0 Lyon\u00a0;\nARR\u00caTE\nArticle  1er\n \u2013  La captation,  l'enregistrement  et  la  transmission  d'images  par  le  Groupement  de \ngendarmerie d\u00e9partementale du Rh\u00f4ne, est autoris\u00e9e aux fins de  pr\u00e9vention des atteintes \u00e0 la  \ns\u00e9curit\u00e9  des  personnes  et  des  biens  et  de  s\u00e9curisation  des  rassemblements,  du  mercredi  10 \nseptembre de 07h00 au jeudi 11 septembre 00h00 sur la commune de Lyon  dans la zone dans la zone \ninclue dans le p\u00e9rim\u00e8tre all\u00e9e Marie-Louise Rochebilard/Rue P\u00e9rier/quai Rambaud/rue Bichat/ rue  \nDenuzi\u00e8re & place du G\u00e9n\u00e9ral Guy Delfosse\nArticle  2  \u2013  Le  nombre  maximal  de  cam\u00e9ras  pouvant  proc\u00e9der  simultan\u00e9ment  aux  traitements \nmentionn\u00e9s \u00e0 l'article 1er\n est fix\u00e9 aux dispositifs suivants\u00a0: \n\u2022 DJI Mavic 3T\n\u2022 H\u00e9licopt\u00e8re EC-135 \u2013 boule optique WESCAM MX-15 (cam\u00e9ra jour/nuit)\nArticle 3\u2013  Le registre mentionn\u00e9 \u00e0 l'article L. 242-4 du Code de la s\u00e9curit\u00e9 int\u00e9rieure est transmis \u00e0  \nla pr\u00e9f\u00e8te du Rh\u00f4ne \u00e0 l'issue de la manifestation.\nArticle 4 \u00a0\u2013 Le pr\u00e9sent arr\u00eat\u00e9 est publi\u00e9 au recueil des actes administratifs de la pr\u00e9fecture et peut  \nfaire l'objet d'un recours devant le tribunal administratif de Lyon dans un d\u00e9lai de deux mois \u00e0  \ncompter de sa publication.\n3\n69_Pr\u00e9f_Pr\u00e9fecture du Rh\u00f4ne - 69-2025-09-09-00009 - Arr\u00eat\u00e9 n\u00b02025-09-09-007 autorisant la captation, l'enregistrement et la\ntransmission d'images au moyen de cam\u00e9ras install\u00e9es sur un a\u00e9ronef le mercredi 10 et le jeudi 11 septembre \u00e0 Lyon 92\nArticle 5 \u2013 Le pr\u00e9fet d\u00e9l\u00e9gu\u00e9 pour la d\u00e9fense et la s\u00e9curit\u00e9, la commandante du Groupement de  \ngendarmerie d\u00e9partementale du Rh\u00f4ne sont charg\u00e9s chacun en ce qui le concerne de l'ex\u00e9cution \ndu pr\u00e9sent arr\u00eat\u00e9.\nFait \u00e0 Lyon, le 09 septembre 2025\n4\nORIGINAL SIGNE\nAntoine GU\u00c9RIN\n69_Pr\u00e9f_Pr\u00e9fecture du Rh\u00f4ne - 69-2025-09-09-00009 - Arr\u00eat\u00e9 n\u00b02025-09-09-007 autorisant la captation, l'enregistrement et la\ntransmission d'images au moyen de cam\u00e9ras install\u00e9es sur un a\u00e9ronef le mercredi 10 et le jeudi 11 septembre \u00e0 Lyon 93\n69_Pr\u00e9f_Pr\u00e9fecture du Rh\u00f4ne\n69-2025-09-09-00011\nArr\u00eat\u00e9 pr\u00e9fectoral n\u00b02025-09-09-0008 portant\ninterdiction de rassemblement dans un\np\u00e9rim\u00e8tre d\u00e9fini \u00e0 Lyon le mercredi 10\nseptembre 2025 \u00e0 Lyon 3\u00e8me\n69_Pr\u00e9f_Pr\u00e9fecture du Rh\u00f4ne - 69-2025-09-09-00011 - Arr\u00eat\u00e9 pr\u00e9fectoral n\u00b02025-09-09-0008 portant interdiction de rassemblement\ndans un p\u00e9rim\u00e8tre d\u00e9fini \u00e0 Lyon le mercredi 10 septembre 2025 \u00e0 Lyon 3\u00e8me 94\nPREFETEDU RHONELibert\u00e9Egalit\u00e9Fraternit\u00e9\nPr\u00e9fecture\nCabinet du Pr\u00e9fet d\u00e9l\u00e9gu\u00e9 \npour la d\u00e9fense et la s\u00e9curit\u00e9\nBureau de l'Ordre Public\nARR\u00caT\u00c9 PR\u00c9FECTORAL N\u00b0 2025-09-09-0008\nportant interdiction de rassemblement dans un p\u00e9rim\u00e8tre d\u00e9fini \u00e0 Lyon\nle mercredi 10 septembre 2025 \u00e0 Lyon 3\u1d49\nLa Pr\u00e9f\u00e8te du Rh\u00f4ne\nOfficier de la L\u00e9gion d'honneur\nCommandeur de l'ordre national du M\u00e9rite\nVU la Constitution, et notamment son Pr\u00e9ambule\u00a0;\nVU  la  Convention  europ\u00e9enne  de  sauvegarde  des  droits  de  l'homme  et  des  libert\u00e9s \nfondamentales du 4 novembre 1950\u00a0;\nVU le Code de la s\u00e9curit\u00e9 int\u00e9rieure, notamment ses articles L.211-4 et suivants et L.226-1\u00a0;\nVU le Code p\u00e9nal, notamment ses articles 322-11-1, 431-3 et suivants et R.644-4 ;\nVU le Code g\u00e9n\u00e9ral des collectivit\u00e9s territoriales, notamment ses articles L.2214-4 et L.2215-1 ;\nVU la loi du 30 juin 1881 sur la libert\u00e9 de r\u00e9union ;\nVU la loi du 29 juillet 1881 sur la libert\u00e9 de presse et notamment ses articles 23, 24, 24 bis ;\nVU  le  d\u00e9cret  n\u00b02004-374  du  29  avril  2004  modifi\u00e9  relatif  aux  pouvoirs  des  pr\u00e9fets,  \u00e0 \nl'organisation et \u00e0 l'action des services de l'\u00c9tat dans les r\u00e9gions et d\u00e9partements\u00a0;\nVU  le  d\u00e9cret  en  Conseil  des  Ministres  du  11  janvier  2023  portant  nomination  de  Madame \nFabienne BUCCIO, pr\u00e9f\u00e8te de la r\u00e9gion Auvergne-Rh\u00f4ne-Alpes, pr\u00e9f\u00e8te de la zone de d\u00e9fense et \nde s\u00e9curit\u00e9 Sud-Est, pr\u00e9f\u00e8te du Rh\u00f4ne (hors classe)\u00a0;\nVU le d\u00e9cret du 6 novembre 2024 portant nomination du pr\u00e9fet d\u00e9l\u00e9gu\u00e9 pour la d\u00e9fense et la  \ns\u00e9curit\u00e9 aupr\u00e8s de la pr\u00e9f\u00e8te de la r\u00e9gion Auvergne-Rh\u00f4ne-Alpes, pr\u00e9f\u00e8te de la zone de d\u00e9fense  \net de s\u00e9curit\u00e9 Sud-Est, pr\u00e9f\u00e8te du Rh\u00f4ne \u2013 M. Antoine GUERIN\u00a0; \nVU l'arr\u00eat\u00e9 pr\u00e9fectoral n\u00b069-2025-07-04-00005 du 4 juillet 2025 portant d\u00e9l\u00e9gation de signature  \n\u00e0 M. Antoine GUERIN en qualit\u00e9 de pr\u00e9fet d\u00e9l\u00e9gu\u00e9 pour la d\u00e9fense et la s\u00e9curit\u00e9 aupr\u00e8s de la  \n   Pr\u00e9fecture du Rh\u00f4ne \u2013 \n   69419 Lyon cedex 03 \n  04 72 61 60 60\n  www.rhone.gouv.fr 1\n69_Pr\u00e9f_Pr\u00e9fecture du Rh\u00f4ne - 69-2025-09-09-00011 - Arr\u00eat\u00e9 pr\u00e9fectoral n\u00b02025-09-09-0008 portant interdiction de rassemblement\ndans un p\u00e9rim\u00e8tre d\u00e9fini \u00e0 Lyon le mercredi 10 septembre 2025 \u00e0 Lyon 3\u00e8me 95\npr\u00e9f\u00e8te de la r\u00e9gion Auvergne-Rh\u00f4ne-Alpes, pr\u00e9f\u00e8te de la zone de d\u00e9fense et de s\u00e9curit\u00e9 Sud-\nEst, pr\u00e9f\u00e8te du Rh\u00f4ne ;\nVU le plan Vigipirate \u00ab \u00a0\u00c9t\u00e9-Automne\u00a0\u00bb actif depuis le 1 er\n juillet 2025 et maintenu \u00e0 son niveau  \nsommital \u00ab\u00a0urgence attentat\u00a0\u00bb\u00a0;\nVU l'appel  national  du  mouvement  \u00ab\u00a0Indignons  nous  \u2013  bloquons  tout\u00a0\u00bb  du  mercredi  10 \nseptembre  2025  en  signe  de  contestation  de  la  politique  gouvernementale\u00a0;  que  ce \nmouvement d\u00e9sorganis\u00e9 appelle \u00e0 bloquer le pays \u00e0 partir du 10 septembre 2025\u00a0; \nVU  les  mobilisations  soci\u00e9tales  et  appels  sur  les  r\u00e9seaux  sociaux  pr\u00e9vus  le  mercredi  10 \nseptembre 2025\u00a0; que le \u00ab \u00a0Groupe Action\u00a0\u00bb envisage de rejoindre un rassemblement d\u00e9clar\u00e9  \nd'UL-CGT de Lyon \u00e0 partir de 12h00 au niveau de la place Guichard dans le 3  arrondissement\u1d49  \nde Lyon\u00a0; que ce groupe sera rejoint par un cort\u00e8ge de militants pro-palestiniens \u00a0; qu'il a \u00e9t\u00e9  \nrelev\u00e9 un risque de d\u00e9part de manifestation sauvage \u00e0 la suite de ce regroupement \u00a0; que le  \nm\u00eame groupe a pr\u00e9vu de se rassembler \u00e9galement \u00e0 partir de 20h00 au niveau de la place  \nGuichard dans le 3  arrondissement de Lyon\u1d49 \u00a0; \nVU le contexte politique national et social actuel\u00a0; \nCONSID\u00c9RANT qu'\u00e0 l'approche de ces rassemblements, les autorit\u00e9s locales identifient des  \nd\u00e9ambulations  sauvages  pouvant  troubler  gravement  l'ordre  public  et  notamment  porter \natteinte aux institutions de l'\u00c9tat fran\u00e7ais\u00a0; \nCONSID\u00c9RANT que  le  lundi  8  septembre  2025,  le  Premier  ministre  Fran\u00e7ois  Bayrou  se \nsoumettait \u00e0 un vote de confiance \u00e0 l'Assembl\u00e9e Nationale concernant l'\u00e9tat des finances  \npubliques\u00a0; qu'anticipant un rejet de ce vote par les oppositions et donc une d\u00e9mission du  \nPremier ministre, les collectifs contestataires lyonnais appelaient \u00e0 un rassemblement intitul\u00e9  \n\u00ab\u00a0pot de d\u00e9part de BAYROU \u00a0\u00bb le lundi 8 septembre 2025 sur la place des Terreaux dans le 1 er \narrondissement de Lyon\u00a0; \nCONSID\u00c9RANT qu'\u00e0 partir de 18h00, une trentaine de personnes \u00e9taient pr\u00e9sentes sur la place  \ndes  Terreaux,  une  banderole  \u00ab\u00a0GILETS  JAUNES  LYON  CENTRE\u00a0\u00bb  \u00e9tait  accroch\u00e9e  par  deux \nindividus sur les grilles de l'entr\u00e9e de la mairie du 1 er\n arrondissement\u00a0; qu'\u00e0 partir de 19h00, 150 \npersonnes se trouvaient sur place \u00a0; que parmi elles, il a \u00e9t\u00e9 constat\u00e9 d'anciens \u00ab \u00a0gilets jaunes\u00a0\u00bb \net quelques membres de l'ultra-gauche lyonnaise\u00a0;\nCONSID\u00c9RANT que l'ambiance a commenc\u00e9 \u00e0 se tendre \u00e0 la suite de deux fortes explosions de \np\u00e9tards sur la place des Terreaux dans le 1 er\n arrondissement de Lyon, suivies par deux tirs de  \nmortiers\u00a0; que des slogans \u00ab \u00a0Macron d\u00e9mission\u00a0\u00bb \u00e9taient scand\u00e9s ainsi que des chants contre  \nles forces de s\u00e9curit\u00e9 int\u00e9rieure\u00a0; que 900 personnes se sont regroup\u00e9es au centre de la place \u00a0; \ndes chants anticapitalistes et antifascistes \u00e9taient entonn\u00e9s, mais \u00e9galement celui des gilets  \njaunes \u00ab\u00a0On est l\u00e0\u00a0\u00bb, alors que des \u00ab\u00a0ACAB\u00a0\u00bb fusaient depuis un porte-voix\u00a0;\nCONSID\u00c9RANT qu'\u00e0  partir  de  21h00,  une  d\u00e9ambulation  sauvage  de  700  personnes  a \nd\u00e9but\u00e9\u00a0dans les rues du 1 er\n arrondissement de Lyon \u00a0; qu'une partie de la foule se dispersait,  \nmais  des  groupes  d'individus  v\u00eatus  de  noir,  masqu\u00e9s  et  capuch\u00e9s,  se  constituaient  et \nprogressaient  dans  les  petites  rues  surplombant  la  place  des  Terreaux\u00a0;  que  les  forces  de \ns\u00e9curit\u00e9 int\u00e9rieure \u00e9taient prises pour cible par des tirs de mortiers d'artifice au niveau de la  \n69_Pr\u00e9f_Pr\u00e9fecture du Rh\u00f4ne - 69-2025-09-09-00011 - Arr\u00eat\u00e9 pr\u00e9fectoral n\u00b02025-09-09-0008 portant interdiction de rassemblement\ndans un p\u00e9rim\u00e8tre d\u00e9fini \u00e0 Lyon le mercredi 10 septembre 2025 \u00e0 Lyon 3\u00e8me 96\nplace  Croix-Paquet\u00a0;  que  des  feux  de  poubelle  ont  \u00e9t\u00e9  constat\u00e9s\u00a0;  que  ces  \u00e9chauffour\u00e9es \nfaisaient quatre bless\u00e9s l\u00e9gers parmi les policiers\u00a0; \nCONSID\u00c9RANT  qu'en application de l'article L.211-1 du Code de la s\u00e9curit\u00e9 int\u00e9rieure, s ont \nsoumis \u00e0 l'obligation d'une d\u00e9claration pr\u00e9alable tous cort\u00e8ges, d\u00e9fil\u00e9s et rassemblements de  \npersonnes,  et,  d'une  fa\u00e7on  g\u00e9n\u00e9rale,  toutes  manifestations  sur  la  voie  publique\u00a0;  qu'en \napplication de l'article L.211-2 du m\u00eame code, la d\u00e9claration est faite \u00e0 Lyon \u00e0 la pr\u00e9fecture du  \nRh\u00f4ne, trois jours francs au moins et quinze jours au plus avant la date de la manifestation \u00a0; \nqu'enfin en application de l'article L.211-4 du m\u00eame code, si l'autorit\u00e9 administrative estime  \nque la manifestation projet\u00e9e est de nature \u00e0 troubler l'ordre public, elle peut l'interdire par  \narr\u00eat\u00e9\u00a0;\nCONSID\u00c9RANT que la Pr\u00e9fecture du Rh\u00f4ne, institution de l'\u00c9tat se trouve dans un p\u00e9rim\u00e8tre  \ndans  lequel  des  mesures  particuli\u00e8res  et  renforc\u00e9es  de  s\u00e9curit\u00e9  doivent  \u00eatre  assur\u00e9es  en \npermanence\u00a0; que les voies situ\u00e9es dans le secteur de ce b\u00e2timent public ne peuvent \u00eatre des  \nlieux pour accueillir des manifestations, des rassemblements, en raison des fortes contraintes  \nde s\u00e9curit\u00e9 qui p\u00e8sent sur ce lieu\u00a0; \nCONSID\u00c9RANT que  toute  manifestation,  rassemblement  dans  l'environnement  de  la  \nPr\u00e9fecture du Rh\u00f4ne, b\u00e2timent int\u00e9ressant la s\u00e9curit\u00e9 publique est susceptible d'en entraver le \nbon fonctionnement au regard de la sensibilit\u00e9 des lieux\u00a0;\nCONSID\u00c9RANT que le seul moyen de pr\u00e9server la s\u00e9curit\u00e9 des personnes et des biens, au  \nregard des forces de s\u00e9curit\u00e9 mises \u00e0 disposition pour la journ\u00e9e du mercredi 10 septembre  \n2025, consiste \u00e0 \u00e9tablir un p\u00e9rim\u00e8tre d'interdiction limit\u00e9 aux rues suivantes de 10h00 \u00e0 00h00  \n(voir Annexe 1)\u00a0: \n\u2022 Rue Rabelais\u00a0;\n\u2022 Quai Victor Augagneur\u00a0;\n\u2022 Rue de la Part-Dieu\u00a0;\n\u2022 Avenue Mar\u00e9chal de Saxe.\nCONSID\u00c9RANT qu'il appartient \u00e0 l'autorit\u00e9 investie du pouvoir de police administrative de  \nconcilier l'exercice du droit de manifester avec les imp\u00e9ratifs de l'ordre public \u00a0; que, dans ce  \ncadre, elle se doit de prendre les mesures n\u00e9cessaires, adapt\u00e9es et proportionn\u00e9es de nature \u00e0 \npr\u00e9venir  tant  la  commission  d'infractions  p\u00e9nales  que  les  troubles  \u00e0  l'ordre  public\u00a0en \nprot\u00e9geant notamment les b\u00e2timents repr\u00e9sentants l'institution de l'\u00c9tat\u00a0; \nCONSID\u00c9RANT que  dans  ces  circonstances,  l'interdiction  de  manifester  sur  le  secteur \nconcern\u00e9 et mentionn\u00e9 \u00e0 l'article 1 est seule de nature \u00e0 pr\u00e9venir efficacement et de mani\u00e8re  \nproportionn\u00e9e les troubles \u00e0 l'ordre public\u00a0;\nA R R \u00ca T E\nArticle 1er\n \u2013 Les manifestations et rassemblements sont interdits le mercredi 10 septembre 2025 \nde 10h00 \u00e0 00h00 dans le p\u00e9rim\u00e8tre d\u00e9limit\u00e9 par les rues\u00a0:\n\u2022 Rue Rabelais\u00a0;\n\u2022 Quai Victor Augagneur\u00a0;\n\u2022 Rue de la Part-Dieu\u00a0;\n69_Pr\u00e9f_Pr\u00e9fecture du Rh\u00f4ne - 69-2025-09-09-00011 - Arr\u00eat\u00e9 pr\u00e9fectoral n\u00b02025-09-09-0008 portant interdiction de rassemblement\ndans un p\u00e9rim\u00e8tre d\u00e9fini \u00e0 Lyon le mercredi 10 septembre 2025 \u00e0 Lyon 3\u00e8me 97\n\u2022 Avenue Mar\u00e9chal de Saxe.\nArticle  2  \u2013  En  application  de  l'article  431-9  du  Code  p\u00e9nal,  le  fait  d'avoir  organis\u00e9  une \nmanifestation sur la voie publique ayant \u00e9t\u00e9 interdite dans les conditions fix\u00e9es par la loi est  \npuni de six mois d'emprisonnement et de 7\u00a0500\u00a0euros d'amende. \nEn application de l'article R. 644-4 du m\u00eame code, le fait de participer \u00e0 une manifestation  \nayant \u00e9t\u00e9 interdite est passible de l'amende pr\u00e9vue pour les contraventions de la 4  classe.\u1d49\nArticle 3 \u2013 Le pr\u00e9sent arr\u00eat\u00e9 fera l'objet d'une publication au Recueil des Actes Administratifs  \nde la Pr\u00e9fecture du Rh\u00f4ne.\nArticle 4 \u2013 Le pr\u00e9sent arr\u00eat\u00e9 peut faire l'objet d'un recours aupr\u00e8s du Tribunal Administratif de  \nLyon dans un d\u00e9lai de 2\u00a0mois \u00e0 compter de sa notification.\nArticle 5 \u2013  Le directeur interd\u00e9partemental de la police nationale et le maire de Lyon sont  \ncharg\u00e9s, chacun en ce qui le concerne, de l'ex\u00e9cution du pr\u00e9sent arr\u00eat\u00e9.\nFait \u00e0 Lyon, le 9 septembre 2025\nLe pr\u00e9fet, d\u00e9l\u00e9gu\u00e9 pour la d\u00e9fense\net la s\u00e9curit\u00e9\nORIGINAL SIGNE\nAntoine GUERIN\n69_Pr\u00e9f_Pr\u00e9fecture du Rh\u00f4ne - 69-2025-09-09-00011 - Arr\u00eat\u00e9 pr\u00e9fectoral n\u00b02025-09-09-0008 portant interdiction de rassemblement\ndans un p\u00e9rim\u00e8tre d\u00e9fini \u00e0 Lyon le mercredi 10 septembre 2025 \u00e0 Lyon 3\u00e8me 98\n\u00a9) Prefecture Lyonsg >. get| 1710 dy ee. . x\n' Bonne! |TM jRuede Bonn /4,\noa\n_st?vad:\n] a) |\nPrefectureduPl r\n: \u00bb. +\nD\u00e9partement 41::\nOo=a.\u00b0>,cSc\u00aea\nAnnexe 1  \u00a0  : P\u00e9rim\u00e8tre d\u00e9limit\u00e9 le mercredi 10 septembre de 10h00 \u00e0 00h00.  \n69_Pr\u00e9f_Pr\u00e9fecture du Rh\u00f4ne - 69-2025-09-09-00011 - Arr\u00eat\u00e9 pr\u00e9fectoral n\u00b02025-09-09-0008 portant interdiction de rassemblement\ndans un p\u00e9rim\u00e8tre d\u00e9fini \u00e0 Lyon le mercredi 10 septembre 2025 \u00e0 Lyon 3\u00e8me 99\n69_SDMIS_Service d\u00e9partemental et\nm\u00e9tropolitain d'incendie et de secours\n69-2025-08-13-00005\nAP N\u00b02025 53\nSDMIS-Conformit\u00e9-CTS-C-069-2025-002-E38300\n726-Mr Fr\u00e9d\u00e9ric CORNERO -Rue du docteur\nPUJOL - 13110 PORT BOUC- ANNULE ET\nREMPLACE LA PARUTION 69-025-08-13-00003 du\n09-09-2025\n69_SDMIS_Service d\u00e9partemental et m\u00e9tropolitain d'incendie et de secours - 69-2025-08-13-00005 - AP N\u00b02025 53\nSDMIS-Conformit\u00e9-CTS-C-069-2025-002-E38300726-Mr Fr\u00e9d\u00e9ric CORNERO -Rue du docteur PUJOL - 13110 PORT BOUC- ANNULE ET\nREMPLACE LA PARUTION 69-025-08-13-00003 du 09-09-2025\n100\nEH Service d\u00e9partemental-m\u00e9tropolitainPR\u00c9F\u00c8TE d'incendie et de secoursDU RH\u00d4NELibert\u00e9Egalit\u00e9Fraternit\u00e9\nDirection de la pr\u00e9vention et de l'organisation des secoursGroupement pr\u00e9vention des risques\nARRETE N\u00b0 SDMIS DPOS GPR\u00c9V 2025 053portant d\u00e9livrance de l'attestation de conformit\u00e9 \u00e0 la r\u00e9glementation de s\u00e9curit\u00e9de chapiteaux, tentes et structures (CTS)La Pr\u00e9f\u00e8te de la r\u00e9gion Auvergne-Rh\u00f4ne-AlpesPr\u00e9f\u00e9te de la zone de d\u00e9fense et de s\u00e9curit\u00e9 Sud-EstPr\u00e9f\u00e8te du Rh\u00f4neCommandeur de la L\u00e9gion d'honneurCommandeur de l'ordre national du M\u00e9rite\nVu le code de la construction et de l'habitation et, notamment, les articles R*143-1 \u00e0 R*143-47 :Vu l'arr\u00eat\u00e9 du 25 juin 1980 modifi\u00e9 portant approbation des dispositions g\u00e9n\u00e9rales du r\u00e8glement de s\u00e9curit\u00e9contre les risques d'incendie et de panique dans les \u00e9tablissements recevant du public ;Vu l'arr\u00eat\u00e9 pr\u00e9fectoral n\u00b0 69-2025-06-11-00001 du 11 juin 2025 portant renouvellement de lasous-commission d\u00e9partementale pour la s\u00e9curit\u00e9 contre les risques d'incendie et de paniquedans les \u00e9tablissements recevant du public et les immeubles de grande hauteur ;Vu le dossier de demande de d\u00e9livrance d'attestation de conformit\u00e9 d\u00e9pos\u00e9 par CONTROLESEVENEMENTIELS STRUCTURES - 37 avenue des Ternes \u2014 75017 PARISVu l'avis favorable de la sous-commission d\u00e9partementale pour la s\u00e9curit\u00e9 contre les risques d'incendieet de panique dans les ERP et IGH en date du 03 juillet 2025 ;Sur proposition de madame la pr\u00e9sidente de la sous-commission d\u00e9partementale pour la s\u00e9curit\u00e9 contreles risques d'incendie et de panique dans les \u00e9tablissements recevant du public et les immeublesde grande hauteur ; ARR\u00caTEArticle1 : L'attestation de conformit\u00e9 pr\u00e9vue \u00e0 l'article CTS 3 de l'arr\u00eat\u00e9 du 25 juin 1980 modifi\u00e9 estaccord\u00e9e \u00e0 l'\u00e9tablissement recevant du public (ERP) suivant :Nom du propri\u00e9taire (ou raison sociale) Mr Fr\u00e9d\u00e9ric CORNEROAdresse Rue du docteur PUJOL \u2014 13110 PORT BOUCN\u00b0 ERP E38300726Classement CTS/CDescriptif 1 chapiteau de type cirqueDimensions 16 m de diam\u00e8treNum\u00e9ro d'identification C-069-2025-002\nT\u00e9l : 04 72 60 50 11M\u00e9l : cts@sdmis.fr17 rue Rabelais \u2014 69421 LYON CEDEX 03\n69_SDMIS_Service d\u00e9partemental et m\u00e9tropolitain d'incendie et de secours - 69-2025-08-13-00005 - AP N\u00b02025 53\nSDMIS-Conformit\u00e9-CTS-C-069-2025-002-E38300726-Mr Fr\u00e9d\u00e9ric CORNERO -Rue du docteur PUJOL - 13110 PORT BOUC- ANNULE ET\nREMPLACE LA PARUTION 69-025-08-13-00003 du 09-09-2025\n101\n(2)Article2 : Le num\u00e9ro d'identification attribu\u00e9 \u00e0 l'article 1 est appos\u00e9 sur la toile de mani\u00e8re visibleet permanente \u00e0 l'int\u00e9rieur et sur chaque panneau formant la couverture, la double couverture et la ceinturede l'ERP.Article 3 : Toute modification du CTS et de coordonn\u00e9es du propri\u00e9taire doit \u00eatre signal\u00e9e sans d\u00e9lai\u00e0 l'adresse suivante :Service d\u00e9partemental-m\u00e9tropolitain d'incendie et de secoursDirection de la pr\u00e9vention et de l'organisation des secoursGroupement pr\u00e9vention des risques17 rue Rabelais69421 Lyon Cedex 03cts@sdmis.fr\nArticle 4 : Le pr\u00e9sent arr\u00eat\u00e9 peut faire l'objet d'un recours aupr\u00e8s du tribunal administratif de Lyon(184 rue Duguesclin \u2014 69433 Lyon Cedex 03) dans un d\u00e9lai de deux mois \u00e0 compter de sa publication.\ndes services d'incendie et de secours, les services de police et de gendarmerie, les services d\u00e9concentr\u00e9sde l'Etat et les maires des communes concern\u00e9es sont charg\u00e9s, chacun en ce qui le concerne, de l'ex\u00e9cutiondu pr\u00e9sent arr\u00eat\u00e9 qui sera publi\u00e9 au recueil des actes administratifs de la pr\u00e9fecture du Rh\u00f4ne.\nArticle 5 : Le Pr\u00e9fet d\u00e9l\u00e9gu\u00e9 pour la d\u00e9fense et la s\u00e9curit\u00e9, le directeur d\u00e9partemental et m\u00e9tropolitain\nFait \u00e0 Lyon, le \u00ce 3 AOUT 2025\nPour la Pr\u00e9f\u00e9te et par d\u00e9l\u00e9gation,le Pr\u00e9fet d\u00e9l\u00e9gu\u00e9 pour la d\u00e9fense et la s\u00e9curit\u00e9,\nAntbine GYERIN\n69_SDMIS_Service d\u00e9partemental et m\u00e9tropolitain d'incendie et de secours - 69-2025-08-13-00005 - AP N\u00b02025 53\nSDMIS-Conformit\u00e9-CTS-C-069-2025-002-E38300726-Mr Fr\u00e9d\u00e9ric CORNERO -Rue du docteur PUJOL - 13110 PORT BOUC- ANNULE ET\nREMPLACE LA PARUTION 69-025-08-13-00003 du 09-09-2025\n102\n69_SDMIS_Service d\u00e9partemental et\nm\u00e9tropolitain d'incendie et de secours\n69-2025-08-13-00006\nAP N\u00b02025 54 SDMIS-Conformit\u00e9-CTS\n-C-069-2025-003-E38E38300727-Mr Corenthin\nDEMARTHE-11 rue Jean Moulin - 69300 CALUIRE\nET CUIRE-ANNULE ET REMPLACE LA PARUTION\n69-025-08-13-00004 du 09-09-2025\n69_SDMIS_Service d\u00e9partemental et m\u00e9tropolitain d'incendie et de secours - 69-2025-08-13-00006 - AP N\u00b02025 54\nSDMIS-Conformit\u00e9-CTS -C-069-2025-003-E38E38300727-Mr Corenthin DEMARTHE-11 rue Jean Moulin - 69300 CALUIRE ET\nCUIRE-ANNULE ET REMPLACE LA PARUTION 69-025-08-13-00004 du 09-09-2025\n103\nE 3 Service d\u00e9partemental-m\u00e9tropolitainPR\u00c9F\u00c8TE d'incendie et de secoursDU RHONELibert\u00e9Egalit\u00e9Fraternit\u00e9\nDirection de la pr\u00e9vention et de l'organisation des secoursGroupement pr\u00e9vention des risques\nARRETE N\u00b0 SDMIS DPOS GPR\u00c9V 2025 054portant d\u00e9livrance de l'attestation de conformit\u00e9 \u00e0 la r\u00e9glementation de s\u00e9curit\u00e9de chapiteaux, tentes et structures (CTS)La Pr\u00e9f\u00e8te de la r\u00e9gion Auvergne-Rh\u00f4ne-AlpesPr\u00e9f\u00e8te de la zone de d\u00e9fense et de s\u00e9curit\u00e9 Sud-EstPr\u00e9f\u00e8te du Rh\u00f4neCommandeur de la L\u00e9gion d'honneurCommandeur de l'ordre national du M\u00e9rite\nVu le code de la construction et de l'habitation et, notamment, les articles R*143-1 \u00e0 R*143-47 ;Vu l'arr\u00eat\u00e9 du 25 juin 1980 modifi\u00e9 portant approbation des dispositions g\u00e9n\u00e9rales du r\u00e8glement de s\u00e9curit\u00e9contre les risques d'incendie et de panique dans les \u00e9tablissements recevant du public ;Vu l'arr\u00eat\u00e9 pr\u00e9fectoral n\u00b0 69-2025-06-11-00001 du 11 juin 2025 portant renouvellement de lasous-commission d\u00e9partementale pour la s\u00e9curit\u00e9 contre les risques d'incendie et de paniquedans les \u00e9tablissements recevant du public et les immeubles de grande hauteur ;Vu le dossier de demande de d\u00e9livrance d'attestation de conformit\u00e9 d\u00e9pos\u00e9 par AVERTEK \u2014 23 route deRenneville - 50430 LESSAYVu l'avis favorable de la sous-commission d\u00e9partementale pour la s\u00e9curit\u00e9 contre les risques d'incendieet de panique dans les ERP et IGH en date du 03 juillet 2025 ;Sur proposition de madame la pr\u00e9sidente de la sous-commission d\u00e9partementale pour la s\u00e9curit\u00e9 contreles risques d'incendie et de panique dans les \u00e9tablissements recevant du public et les immeublesde grande hauteur ; ARR\u00caTEArticle1 : L'attestation de conformit\u00e9 pr\u00e9vue \u00e0 l'article CTS 3 de l'arr\u00eat\u00e9 du 25 juin 1980 modifi\u00e9 estaccord\u00e9e \u00e0 l'\u00e9tablissement recevant du public (ERP) suivant :Nom du propri\u00e9taire (ou raison sociale) Mr Corenthin DEMARTHEAdresse 11 rue Jean Moulin \u2014 69300 CALUIRE ET CUIREN\u00b0 ERP E38300727Classement CTS/CDescriptif 1 chapiteau de type toile tendue juxtaposableDimensions 15m x 20m (300 m?)Num\u00e9ro d'identification C-069-2025-003\nT\u00e9l : 04 72 60 50 11M\u00e9l : cts@sdmis.fr17 rue Rabelais \u2014 69421 LYON CEDEX 03\n69_SDMIS_Service d\u00e9partemental et m\u00e9tropolitain d'incendie et de secours - 69-2025-08-13-00006 - AP N\u00b02025 54\nSDMIS-Conformit\u00e9-CTS -C-069-2025-003-E38E38300727-Mr Corenthin DEMARTHE-11 rue Jean Moulin - 69300 CALUIRE ET\nCUIRE-ANNULE ET REMPLACE LA PARUTION 69-025-08-13-00004 du 09-09-2025\n104\n69_SDMIS_Service d\u00e9partemental et m\u00e9tropolitain d'incendie et de secours - 69-2025-08-13-00006 - AP N\u00b02025 54\nSDMIS-Conformit\u00e9-CTS -C-069-2025-003-E38E38300727-Mr Corenthin DEMARTHE-11 rue Jean Moulin - 69300 CALUIRE ET\nCUIRE-ANNULE ET REMPLACE LA PARUTION 69-025-08-13-00004 du 09-09-2025\n105\n(2)Article2 : Le num\u00e9ro d'identification attribu\u00e9 \u00e0 l'article 1 est appos\u00e9 sur la toile de mani\u00e8re visibleet permanente \u00e0 l'int\u00e9rieur et sur chaque panneau formant la couverture, la double couverture et la ceinturede l'ERP.Article 3 : Toute modification du CTS et de coordonn\u00e9es du propri\u00e9taire doit \u00eatre signal\u00e9e sans d\u00e9lai\u00e0 l'adresse suivante :Service d\u00e9partemental-m\u00e9tropolitain d'incendie et de secoursDirection de la pr\u00e9vention et de l'organisation des secoursGroupement pr\u00e9vention des risques17 rue Rabelais69421 Lyon Cedex 03cts@sdmis.fr\nArticle4 : Le pr\u00e9sent arr\u00eat\u00e9 peut faire l'objet d'un recours aupr\u00e8s du tribunal administratif de Lyon(184 rue Duguesclin \u2014 69433 Lyon Cedex 03) dans un d\u00e9lai de deux mois \u00e0 compter de sa publication.Article 5 : Le Pr\u00e9fet d\u00e9l\u00e9gu\u00e9 pour la d\u00e9fense et la s\u00e9curit\u00e9, le directeur d\u00e9partemental et m\u00e9tropolitaindes services d'incendie et de secours, les services de police et de gendarmerie, les services d\u00e9concentr\u00e9sde l'\u00c9tat et les maires des communes concern\u00e9es sont charg\u00e9s, chacun en ce qui le concerne, de l'ex\u00e9cutiondu pr\u00e9sent arr\u00eat\u00e9 qui sera publi\u00e9 au recueil des actes administratifs de la pr\u00e9fecture du Rh\u00f4ne.\nFait\u00e0 Lyon, le 1 3 AO\u00db 2025\nPour la Pr\u00e9f\u00e8te et par d\u00e9l\u00e9gation,le Pr\u00e9fet d\u00e9l\u00e9gu\u00e9 pour la d\u00e9fense et la s\u00e9curit\u00e9,\nntoine GUERIN\n69_SDMIS_Service d\u00e9partemental et m\u00e9tropolitain d'incendie et de secours - 69-2025-08-13-00006 - AP N\u00b02025 54\nSDMIS-Conformit\u00e9-CTS -C-069-2025-003-E38E38300727-Mr Corenthin DEMARTHE-11 rue Jean Moulin - 69300 CALUIRE ET\nCUIRE-ANNULE ET REMPLACE LA PARUTION 69-025-08-13-00004 du 09-09-2025\n106","date":"2025-09-11","first_seen_on":"2025-09-11T15:25:20+00:00","id":"719ce52341f767b08adea3e5ab7e79b5364002a7fabb41128d9e02b665daba0a","name":"RAA_69-2025-230B-110925","pdf_creation_date":"2025-09-11T14:35:08+00:00","pdf_modification_date":"2025-09-11T15:37:49+00:00","timezone":"Europe/Paris","url":"https://www.rhone.gouv.fr/contenu/telechargement/65418/441372/file/RAA_69-2025-230B-110925.pdf"}
