{"administration":"prefidf","administration_name":"Pr\u00e9fecture de la r\u00e9gion \u00cele-de-France","content":"PREFECTURE\nREGION ILE DE\nFRANCE\nRECUEIL DES ACTES\nADMINISTRATIFS SP\u00c9CIAL\n(NOMINATIFS)\nN\u00b0IDF-044-2025-08\nPUBLI\u00c9 LE 29 AO\u00dbT 2025\nSommaire\nAgence R\u00e9gionale de Sant\u00e9 / Direction de la D\u00e9mocratie en Sant\u00e9 et\nde la Communication-D\u00e9mocratie Sanitaire\nIDF-2025-08-28-00003 - Arr\u00eat\u00e9 n\u00b02025/27 modifiant la liste des\nmembres de la conf\u00e9rence r\u00e9gionale de la sant\u00e9\net de\nl'autonomie d'\u00cele-de-France (14 pages) Page 3\nIDF-2025-08-28-00008 - Arr\u00eat\u00e9 N\u00b02025/28\nArr\u00eat\u00e9 modificatif\nrelatif \u00e0 la Commission Sp\u00e9cialis\u00e9e \u00ab Organisation des Soins \u00bb de\nla\nConf\u00e9rence R\u00e9gionale de la Sant\u00e9 et de l'Autonomie de la\nr\u00e9gion \u00cele-de-France (10 pages) Page 18\nDirection r\u00e9gionale et interd\u00e9partementale de l'\u00e9conomie, de l'emploi,\ndu travail et des solidarit\u00e9s d'\u00cele-de-France / secr\u00e9tariat de direction\nIDF-2025-08-23-00002 - Arr\u00eat\u00e9 n\u00b02025-165 du 23 ao\u00fbt 2025\nportant\nsur la demande de d\u00e9rogation a l'obligation de repos\ndominical\npr\u00e9sent\u00e9e par la soci\u00e9t\u00e9 chantiers modernes\nconstruction,\npour son intervention sur le site de construction de la ligne\nCDG EXPRESS - Zone E\n93270 SEVRAN\n (3 pages) Page 29\nIDF-2025-08-23-00001 - Arr\u00eat\u00e9 n\u00b02025-166 du 23 ao\u00fbt 2025\nportant\nsur la demande de d\u00e9rogation a l'obligation de repos\ndominical\npr\u00e9sent\u00e9e par la soci\u00e9t\u00e9 chantiers modernes\nconstruction,\npour son intervention sur le site de construction de la ligne\nCDG EXPRESS - Zone F\n77290 MITRY-MORY\n (2 pages) Page 33\nPr\u00e9fecture de la R\u00e9gion d'Ile de France, Pr\u00e9fecture de Paris\n-Secr\u00e9tariat g\u00e9n\u00e9ral aux moyens mutualis\u00e9s / Service des ressources\nhumaines\nIDF-2025-08-27-00028 - Arr\u00eat\u00e9 du 27 ao\u00fbt 2025\nmodifiant\nl'arr\u00eat\u00e9 pr\u00e9fectoral IDF-2025-08-08-00004 du 08 ao\u00fbt 2025\nmodifiant l'arr\u00eat\u00e9 pr\u00e9fectoral IDF-2023-07-28-00004 du 28 juillet\n2023 portant composition de la commission locale d'action sociale de la\npr\u00e9fecture de la r\u00e9gion d'Ile-de-France, pr\u00e9fecture de Paris (4\npages) Page 36\nRectorat de l'acad\u00e9mie de Paris /\nIDF-2025-07-21-00015 - Arr\u00eat\u00e9 du 21 juillet 2025 modifiant l'arr\u00eat\u00e9 du\n03 janvier 2023 modifi\u00e9 portant d\u00e9signation des membres du comit\u00e9\nsocial d'administration acad\u00e9mique et des membres de la formation\nsp\u00e9cialis\u00e9e du comit\u00e9 social d'administration acad\u00e9mique de\nl'acad\u00e9mie de Paris (2 pages) Page 41\n2\nAgence R\u00e9gionale de Sant\u00e9\nIDF-2025-08-28-00003\nArr\u00eat\u00e9 n\u00b02025/27 modifiant la liste des membres\nde la conf\u00e9rence r\u00e9gionale de la sant\u00e9\net de l'autonomie d'\u00cele-de-France\nAgence R\u00e9gionale de Sant\u00e9 - IDF-2025-08-28-00003 - Arr\u00eat\u00e9 n\u00b02025/27 modifiant la liste des membres de la conf\u00e9rence r\u00e9gionale de la\nsant\u00e9\net de l'autonomie d'\u00cele-de-France\n3\nREPUBLIQUEFRANCAISELibert\u00e9Egalit\u00e9Fraternit\u00e9\ne \u00bb Agence R\u00e9gionale de Sant\u00e9Ile-de-France\n \n \n1 \n \n \n         \n \n \n \n \nAGENCE R\u00c9GIONALE DE SANT\u00c9 \u00ceLE-DE-FRANCE \nARR\u00caT\u00c9 n\u00b02025/27 \nArr\u00eat\u00e9 modifiant la liste des membres de la conf\u00e9rence r\u00e9gionale de la sant\u00e9  \net de l'autonomie d'\u00cele-de-France \n \n \nLE DIRECTEUR G\u00c9N\u00c9RAL DE L'AGENCE R\u00c9GIONALE DE SANT\u00c9 \u00ceLE-DE-FRANCE \n \n \nVU\n  \nLe code de la sant\u00e9 publique et notamment les articles L.1432 -1 et L1432 -4, D.1432-28 \u00e0 \nD.1432-53 ; \nVU\n   \nLe d\u00e9cret du 10 avril 2024 portant nomination de Monsieur Denis ROBIN, Directeur g\u00e9n\u00e9ral \nde l'Agence r\u00e9gionale de sant\u00e9 d'\u00cele-de-France, \u00e0 compter du 29 avril 2024 ; \nVU\n   \nL'arr\u00eat\u00e9 n\u00b0 2024/35 du 09 d\u00e9cembre 2024 modifi\u00e9 fixant la liste des membres de la Conf\u00e9rence \nR\u00e9gionale de la Sant\u00e9 et de l'Autonomie d'\u00cele-de-France ; \n L'arr\u00eat\u00e9 n\u00b0 202 5/20 du 08 juillet 2025 modifi\u00e9 fixant la liste des membres de la Conf\u00e9rence \nR\u00e9gionale de la Sant\u00e9 et de l'Autonomie d'\u00cele-de-France ; \nVU L'arr\u00eat\u00e9 DS n\u00b0104/2024 du 18 juin 2024 portant d\u00e9l\u00e9gation \u00e0 Madame Marion BOUGEARD, \nDirectrice de la d\u00e9mocratie en sant\u00e9 et de la communication de l'Agence R\u00e9gionale de Sant\u00e9 \n\u00cele-de-France ; \nVU Les d\u00e9signations : \n  \nAu sein du coll\u00e8ge 2 des repr\u00e9sentants des usagers de services de sant\u00e9 ou m\u00e9dico-sociaux \nAu titre des les associations agr\u00e9\u00e9es au titre de l'article L.1114-1 du code de la sant\u00e9 publique \nde Madame Martine THUILLIER  (Petits fr\u00e8res des pauvres ) en tant que titulaire en \nremplacement de Madame Justyne BARRET (Petits fr\u00e8res des pauvres) \n \nAu sein du coll\u00e8ge 7 des offreurs des services de sant\u00e9 :  \nAu titre des communaut\u00e9s professionnelles territoriales de sant\u00e9 pr\u00e9vues \u00e0 l'article L 1434 -\n12 du Code de la sant\u00e9 publique du Docteur Jonathan BRAMI, (Pr\u00e9sident CPTS 92) en \ntant que titulaire en remplacement du Docteur Marie-H\u00e9l\u00e8ne CERTAIN, du Docteur Marie-\nH\u00e9l\u00e8ne CERTAIN (Pr\u00e9sidente CPTS 78) en tant que suppl\u00e9ante. \n \nARR\u00caTE \n \nARTICLE 1er : La composition de la c onf\u00e9rence r\u00e9gionale de la sant\u00e9 et de l'autonomie d'\u00cele -de-\nFrance est fix\u00e9e de la mani\u00e8re figurant en annexe du pr\u00e9sent arr\u00eat\u00e9. \n \nAgence R\u00e9gionale de Sant\u00e9 - IDF-2025-08-28-00003 - Arr\u00eat\u00e9 n\u00b02025/27 modifiant la liste des membres de la conf\u00e9rence r\u00e9gionale de la\nsant\u00e9\net de l'autonomie d'\u00cele-de-France\n4\nsig\nPage 2 sur 14 \n \nARTICLE 2 : Un recours contre le pr\u00e9sent arr\u00eat\u00e9 peut \u00eatre form\u00e9 aupr\u00e8s du tribunal administratif \nde Montreuil dans un d\u00e9lai de deux mois \u00e0 compter de sa notification. A l'\u00e9gard des \ntiers, ces d\u00e9lais courent \u00e0 compter de la date de publication de la d\u00e9cision au recueil \ndes actes administratifs de la pr\u00e9fecture de la r\u00e9gion d'\u00cele-de-France. \n \nARTICLE 3 :  Le Directeur g\u00e9n\u00e9ral est charg\u00e9 de l'ex\u00e9cution du pr\u00e9sent arr\u00eat\u00e9 qui sera publi\u00e9 au \nRecueil des actes administratifs de la pr\u00e9fecture de r\u00e9gion. \n \nFait \u00e0 Saint-Denis le 28 aout 2025 \nLe Directeur g\u00e9n\u00e9ral \nde l'Agence r\u00e9gionale de sant\u00e9 \n\u00cele-de-France \n \nDenis ROBIN  \n \nPar d\u00e9l\u00e9gation \n \n \n \nCorentine NEPPEL  \nDirectrice adjointe en charge de la \nd\u00e9mocratie en sant\u00e9 \nDirection de la d\u00e9mocratie en sant\u00e9 et \nde la communication - DESCOM  \n  \nAgence R\u00e9gionale de Sant\u00e9 - IDF-2025-08-28-00003 - Arr\u00eat\u00e9 n\u00b02025/27 modifiant la liste des membres de la conf\u00e9rence r\u00e9gionale de la\nsant\u00e9\net de l'autonomie d'\u00cele-de-France\n5\nPage 3 sur 14 \n \nANNEXE \n \nComposition de la Conf\u00e9rence r\u00e9gionale de la Sant\u00e9 \net de l'Autonomie d'\u00cele-de-France \n \n1. Pour le coll\u00e8ge des repr\u00e9sentants des collectivit\u00e9s territoriales : \n \na) Pour le Conseil r\u00e9gional d'\u00cele-de-France : \nTitulaires Suppl\u00e9ants \nMadame Farida ADLANI, vice-pr\u00e9sidente  Madame Agn\u00e8s RICARD-HIBON, conseill\u00e8re r\u00e9gionale \nMonsieur Pierre DENIZIOT, conseiller r\u00e9gional Madame Sandrine LAMIRE-BURTIN, conseill\u00e8re r\u00e9gionale \nMadame Christel ROYER, conseill\u00e8re r\u00e9gionale Madame Sylvie CARILLON, conseill\u00e8re r\u00e9gionale \n \nb) Pour les Conseils d\u00e9partementaux : \nTitulaires Suppl\u00e9ants \nMadame la Pr\u00e9sidente du Conseil de Paris  \nou son repr\u00e9sentant titulaire :                                                \nMadame Anne-Claire BOUX \nMonsieur Jacques GALVANI, conseiller d\u00e9partemental \nMadame V\u00e9ronique LEVIEUX, Adjointe \u00e0 la Maire de \nParis, en charge des Seniors et des Solidarit\u00e9s entre les \nG\u00e9n\u00e9rations \nMonsieur le Pr\u00e9sident du Conseil d\u00e9partemental de \nSeine-et-Marne \nou son repr\u00e9sentant titulaire :                                                \nMadame Anne GBIORCZYK, vice-pr\u00e9sidente d\u00e9l\u00e9gu\u00e9e \nde l'enfance, de la famille et de la pr\u00e9sence m\u00e9dicale \nMonsieur Bernard COZIC, vice-pr\u00e9sident d\u00e9l\u00e9gu\u00e9 aux \nsolidarit\u00e9s \nMadame V\u00e9ronique VEAU, conseill\u00e8re d\u00e9partementale \nMonsieur le Pr\u00e9sident du Conseil d\u00e9partemental  des \nYvelines \nou son repr\u00e9sentant titulaire : Madame Marie-H\u00e9l\u00e8ne \nAUBERT, vice-pr\u00e9sidente d\u00e9l\u00e9gu\u00e9e \u00e0 l'Autonomie et \u00e0 la \nCoop\u00e9ration d\u00e9centralis\u00e9e \nMonsieur Marc HERZ, conseiller d\u00e9partemental \nMonsieur le Pr\u00e9sident du Conseil d\u00e9partemental  de \nl'Essonne \nou son repr\u00e9sentant titulaire :                                                \nMadame Cendrine CHAUMONT, conseill\u00e8re \nd\u00e9partementale \nMadame Marie-Claire CHAMBARET, vice-pr\u00e9sidente en \ncharge de l'autonomie \nMonsieur le Pr\u00e9sident du Conseil d\u00e9partemental  des \nHauts-de-Seine \nou son repr\u00e9sentant titulaire :                                             \nMadame Alexandra FOURCADE, conseill\u00e8re \nd\u00e9partementale d\u00e9l\u00e9gu\u00e9e aux S\u00e9niors, \u00e0 l'Autonomie et \n\u00e0 la Sant\u00e9 \nMadame Rita DEMBLON-POLLET, conseill\u00e8re \nd\u00e9partementale d\u00e9l\u00e9gu\u00e9e \u00e0 la Famille \nMonsieur le Pr\u00e9sident du Conseil d\u00e9partemental  de \nSeine-Saint-Denis \nMonsieur St\u00e9phane BLANCHET, vice -pr\u00e9sident du \nConseil d\u00e9partemental \nAgence R\u00e9gionale de Sant\u00e9 - IDF-2025-08-28-00003 - Arr\u00eat\u00e9 n\u00b02025/27 modifiant la liste des membres de la conf\u00e9rence r\u00e9gionale de la\nsant\u00e9\net de l'autonomie d'\u00cele-de-France\n6\nPage 4 sur 14 \n \nou son repr\u00e9sentant titulaire :                                             \nMadame Magalie THIBAULT, vice-pr\u00e9sidente du Conseil \nd\u00e9partemental \nMonsieur le Pr\u00e9sident du Conseil d\u00e9partemental du Val-\nde-Marne  \nou son repr\u00e9sentant titulaire :                                               \nMadame Genevi\u00e8ve CARPE, conseill\u00e8re \nd\u00e9partementale d\u00e9l\u00e9gu\u00e9e charg\u00e9e de la sant\u00e9 \n \nMadame Odile SEGURET, vice -pr\u00e9sidente en charge de \nl'autonomie des personnes \u00e2g\u00e9es et des personnes en \nsituation de handicap \nMonsieur Jean -Pierre BARNAUD, vice -pr\u00e9sident en \ncharge du patrimoine environnemental, de la biodiversit\u00e9, \nde l'agriculture urbaine et du bien-\u00eatre animal \nMadame la Pr\u00e9sidente du Conseil d\u00e9partemental du Val-\nd'Oise \nou son repr\u00e9sentant titulaire :                                              \nMadame Laetitia BOISSEAU \nMadame Anne FROMENTEIL, Conseill\u00e8re \nd\u00e9partementale en charge de la Sant\u00e9 \nMonsieur G\u00e9rard LAMBERT-MOTTE, Vice-pr\u00e9sident du \nConseil d\u00e9partemental d\u00e9l\u00e9gu\u00e9 \u00e0 la Vie Sociale, \u00e0 \nl'Insertion, au Logement Social et \u00e0 la Sant\u00e9. \n \nc) Pour les repr\u00e9sentants des groupements de communes : \nTitulaires Suppl\u00e9ants \nEn attente de d\u00e9signation En attente de d\u00e9signation \n \nd) Pour les repr\u00e9sentants des communes :  \n \nTitulaires Suppl\u00e9ants \nMonsieur Claude ROCHER, adjoint au maire de \nBoulogne-Billancourt (92) En attente de d\u00e9signation \nMonsieur Thomas CHAZAL, maire de Vigneux-sur-Seine \n(91) Monsieur Ludovic TORO, maire de Coubron (93) \nMadame Corinne BEBIN, adjointe au maire de Versailles \n(78) \nMonsieur Jo\u00ebl GALLIMIDI, adjoint au maire de \nMontmorency (95) \n \n2. Pour le coll\u00e8ge des repr\u00e9sentants des usagers de services de sant\u00e9 ou m\u00e9dico -sociaux   \n \na) Pour les associations agr\u00e9\u00e9es au titre de l'article L.1114-1 du code de la sant\u00e9 publique : \n \nTitulaires Suppl\u00e9ants \nMadame Martine THUILLIER - Petits fr\u00e8res des \npauvres \n \n \nMonsieur Ouramdane GAYA - Association de conseil et \nd'insertion  \nMonsieur Alain LAFORET - F\u00e9d\u00e9ration Nationale des \nassociations de retrait\u00e9s (FNAR) \nMadame Fran\u00e7oise PIQUE LE CUN - UFC QUE CHOISIR \nMadame Diane PAOLO - URAF IDF \nMadame Fran\u00e7oise FORET - Association des familles de \ntraumatis\u00e9s cr\u00e2niens et des c\u00e9r\u00e9bro-l\u00e9s\u00e9s \nMadame Mich\u00e8le DE PREAUDET - Association des \nfamilles de traumatis\u00e9s cr\u00e2niens et des c\u00e9r\u00e9bro-l\u00e9s\u00e9s \nMadame Affou\u00e9 Diane GOLI - APF France Handicap \nAgence R\u00e9gionale de Sant\u00e9 - IDF-2025-08-28-00003 - Arr\u00eat\u00e9 n\u00b02025/27 modifiant la liste des membres de la conf\u00e9rence r\u00e9gionale de la\nsant\u00e9\net de l'autonomie d'\u00cele-de-France\n7\nPage 5 sur 14 \n \nMadame Dominique LAMARCHE - Association fran\u00e7aise \ndes H\u00e9mophiles \nMonsieur Thomas SANNIE - Association fran\u00e7aise des \nH\u00e9mophiles \nMadame Christine NOEL - Association fran\u00e7aise de \nl'Atr\u00e9sie de l'\u0153sophage \nMadame Fran\u00e7oise PERROT \u2013 France Alzheimer Paris Madame Dominique MATINTIKA - Association pour le droit \nde mourir dans la dignit\u00e9 \nMadame Catherine BROUTIN PIOLOT - UNAFAM \n  \nMonsieur Michel BEVE - UNAFAM \nMonsieur Jean-Louis RADET - ARGOS 2001 \n \nMonsieur Sidi Mohammed GHADI - Association des \nFamilles Victimes du Saturnisme \nMadame Odile BASSE - France Rein Paris \nMonsieur Jean -Pierre BESNARD - VMEH-Visite des \nmalades dans les \u00e9tablissements hospitaliers \nMonsieur Jean WILS - ALMA Paris Madame Karine SCHWAIGHOFER - Comit\u00e9 de la ligue \ncontre le cancer 93 \nMadame Christiane CHEVILLARD - Comit\u00e9 de la ligue \ncontre le cancer 78 \n \nb) Pour les associations de retrait\u00e9s et de personnes \u00e2g\u00e9es : \n \nTitulaires Suppl\u00e9ants \n \nMonsieur Louis-Pascal KNEPPERT CDCA 75 En attente de d\u00e9signation \nMonsieur Henri LESCAT, CDCA 77 \nMadame B\u00e9atrice CASANOVA, CDCA 78 \nMadame Myriam HEILBRONN, CDCA 91 \nMadame Monique ZANATTA CDCA 92 Monsieur Fran\u00e7ois CHARLES, CDCA 92 \nMadame Christine MANUEL, CDCA 94 \nMonsieur G\u00e9rard PERRIER, CDCA 93 Monsieur Philippe PINGLIN, CDCA 93 \nMonsieur Alain GAVILLET CDCA 95 \n \nc) Pour les associations de personnes handicap\u00e9es : \n \nTitulaires Suppl\u00e9ants \nMonsieur Daniel CHAZARAIN, CDCA 78 Monsieur Patrick FIZET, CDCA 93 \nMadame Ahlam MARQUE, CDCA 92 \nMonsieur S\u00e9bastien LEGOFF, CDCA 91 En attente de d\u00e9signation \nMonsieur Jean-Michel SECONDY, CDCA 75 Madame Fran\u00e7oise FALLOUS, CDCA 94 \nEn attente de d\u00e9signation Monsieur Damien GUER, CDCA 77 \n \n  \nAgence R\u00e9gionale de Sant\u00e9 - IDF-2025-08-28-00003 - Arr\u00eat\u00e9 n\u00b02025/27 modifiant la liste des membres de la conf\u00e9rence r\u00e9gionale de la\nsant\u00e9\net de l'autonomie d'\u00cele-de-France\n8\nPage 6 sur 14 \n \n3. Pour le coll\u00e8ge des repr\u00e9sentants des conseils territoriaux de sant\u00e9 : \n \n \nTitulaires Suppl\u00e9ants \nMonsieur Bernard JABIN CTS 75 Madame Romy LASSERRE CTS 75  \nMadame Anne GBIORCZYK CTS77 Madame Sophie BAUER CTS 77 \nMonsieur Jean-Pierre AQUINO CTS 78 Monsieur Michel BUISSET CTS 78 \nMonsieur Jean-Louis DI TOMMASO CTS 91 Monsieur Vincent CLUZAUD CTS 91 \nMonsieur Francis BRUNELLE CTS 92 Monsieur Michel GIRARD CTS 92 \nMadame Katy BONTINCK CTS93 En attente de d\u00e9signation \nMonsieur Yves TALHOUARN CTS 94 Monsieur Pascal CACOT CTS 94 \nMadame Keltoum ROCHDI CTS 95             En attente de d\u00e9signation \n \n \n4. Pour le coll\u00e8ge des partenaires sociaux : \n \na) Pour les organisations syndicales de salari\u00e9s repr\u00e9sentatives :  \n \nTitulaires Suppl\u00e9ants \nUnion R\u00e9gionale Ile-de-France CFE-CGC :  \nMonsieur Jos\u00e9 ALVAREZ \nMadame Marie Laurence BONMARCHAND \nMadame Bettina KEMPF \nUnion R\u00e9gionale Ile-de-France CGT : \nMadame Yasmina SELLOU \nMonsieur Christian GUY-COICHARD \nMadame Corine PEREUR \nUnion R\u00e9gionale des syndicats CFDT d'Ile-de-France : \nMadame Isabelle CAYLA \nMonsieur Philippe PATRY \nMadame Gwenaelle YVINEC \nCGT-FORCE OUVRIERE :  \nMonsieur Michel LAURENT \nEn attente de d\u00e9signation \nUnion R\u00e9gionale CFTC Ile-de-France :  \nMadame Corinne LAMARCQ \nMonsieur David FILLON \nMonsieur Jean-Marc CICUTO \n \nb) Pour les organisations professionnelles d'employeurs repr\u00e9sentatives :  \n \nTitulaires Suppl\u00e9ants \nU2P (Union des entreprises de proximit\u00e9) \nMonsieur St\u00e9phane LEVEQUE \nMadame Colette AUBRY \nMonsieur Mouhssine BERRADA \nMEDEF- \u00cele-de-France :  \nMadame Nolwenn MARE \nMonsieur Olivier CHALMEAU  \nMadame Nathalie ROUANET \nCPME \u00cele-de-France :  \nMadame Martine GUIBERT  \nMadame H\u00e9l\u00e8ne REQUI \nMadame Evelyne GUFFENS \nAgence R\u00e9gionale de Sant\u00e9 - IDF-2025-08-28-00003 - Arr\u00eat\u00e9 n\u00b02025/27 modifiant la liste des membres de la conf\u00e9rence r\u00e9gionale de la\nsant\u00e9\net de l'autonomie d'\u00cele-de-France\n9\nPage 7 sur 14 \n \n \nc) Pour les organisations syndicales repr\u00e9sentatives  des artisans, des commer\u00e7ants et des \nprofessions lib\u00e9rales :  \n \nTitulaires Suppl\u00e9ants \nEn attente de d\u00e9signation En attente de d\u00e9signation \n \nd) Pour les organisations syndicales repr\u00e9sentatives des exploitants agricoles : \n \nTitulaires Suppl\u00e9ants \nEn attente de d\u00e9signation En attente de d\u00e9signation \n \n \n5. Pour le coll\u00e8ge des acteurs de la coh\u00e9sion et de la protection sociale : \n \na) Pour les associations \u0153uvrant dans le champ de la lutte contre la pr\u00e9carit\u00e9 : \n \nTitulaires Suppl\u00e9ants \nMadame Gwena\u00eblle MORVAN - Emma\u00fcs Solidarit\u00e9 Madame B\u00e9rang\u00e8re GRISONI - Collectif \u00ab Les morts de la \nrue \u00bb \nMadame Maritsa ANASTASIOU, Association CARITAS \nMonsieur Pascal BOUCART - URIOPSS IDF \n \nMonsieur Simon BURRUNI \u2013 URIOPSS IDF \nMadame Judith OLLE \u2013 URIOPSS IDF \n \nb) Pour l'assurance vieillesse et la branche Accidents du travail-Maladies professionnelles : \n \nTitulaires Suppl\u00e9ants \nMonsieur Noel MOURE, Sous-Directeur du pilotage \n(CRAMIF) En attente de d\u00e9signation \nMadame Tamou SOUARY, Pr\u00e9sidente de la Commission \nRetraite et Action Sociale Ile-de-France (CNAVTS) \nMadame Elsa PARLANGE, Directrice de l'action sociale \nIDF (CNAVTS) \n \nc) Pour les caisses d'allocations familiales : \n \nTitulaires Suppl\u00e9ants \nMonsieur Moulay TAHIRI, Vice-pr\u00e9sident de la CAF (94) \nMadame Dolor\u00e8s DAMBRIN, Administratrice de la CAF (75) \nMadame Marinette SOLER-KERRIEN, Pr\u00e9sidente de la CAF \n(93) \n \nd) Pour la Mutualit\u00e9 Fran\u00e7aise : \n \nTitulaires Suppl\u00e9ants \nMonsieur Aldino IZZI, Mutualit\u00e9 Fran\u00e7aise Monsieur Philippe HEDIN, Pr\u00e9sident de l'Union des \nMutuelles-Co-g\u00e9r\u00e9es-social \nMadame Carole DECHAMPS, Mutualit\u00e9 Fran\u00e7aise \n \nAgence R\u00e9gionale de Sant\u00e9 - IDF-2025-08-28-00003 - Arr\u00eat\u00e9 n\u00b02025/27 modifiant la liste des membres de la conf\u00e9rence r\u00e9gionale de la\nsant\u00e9\net de l'autonomie d'\u00cele-de-France\n10\nPage 8 sur 14 \n \ne) Pour l'Assurance Maladie :  \n \nTitulaires Suppl\u00e9ants \nMonsieur Albert LAUTMAN (DCGDR - CPAM de Paris) \nMonsieur Nicolas INGRAIN (DCGDR, CPAM de Paris) \nMonsieur Hugo CROMBEZ (CPAM de Paris) \n \n \nf) Pour les \u00e9tablissements ou services qui assurent l'accueil et l'accompagnement de personnes \nconfront\u00e9es \u00e0 des difficult\u00e9s sp\u00e9cifiques mentionn\u00e9s \u00e0 l'article L 312 -1 du Code de l'Action \nSociale et des Familles : \n \nTitulaires Suppl\u00e9ants \nMonsieur Florian GUYOT - Association AURORE \n \n Monsieur Fabrice DU CHATELET \u2013 F\u00e9d\u00e9ration Sant\u00e9 \nHabitat (FSH) \n \n6. Pour le coll\u00e8ge des acteurs de la pr\u00e9vention et de l'\u00e9ducation pour la sant\u00e9 : \n \na) Pour les services de sant\u00e9 scolaire et universitaire : \n \nTitulaires Suppl\u00e9ants \nPour l'enseignement scolaire :  \nDocteur V\u00e9ronique MASSIN (Acad\u00e9mie de Paris) \nEn attente de d\u00e9signation \nPour l'enseignement sup\u00e9rieur :  \nDocteur Herv\u00e9 JAMI, Responsable du SSU (Universit\u00e9 \nParis-Est Cr\u00e9teil) \nEn attente de d\u00e9signation \n \nb) Pour les services de sant\u00e9 au travail : \n \nc) Pour les services d\u00e9partementaux de protection et de promotion de la sant\u00e9 maternelle et infantile : \n \n \nTitulaires Suppl\u00e9ants \nMadame Sandrine AMAURY, Directrice g\u00e9n\u00e9rale du \nservice de sant\u00e9 au travail SIMT (77) \nDocteur Vinh NGO, Directeur du service de sant\u00e9 au \ntravail centre inter -entreprises et artisanal de sant\u00e9 au \ntravail (CIAMT) (75) \nDocteur Karine DURAND, M\u00e9decin coordinateur du SST \nHORIZON SANTE TRAVAIL (92) \nDocteur Karine FERRAND, M\u00e9decin du travail du service \nde sant\u00e9 au travail AMETIF (95) \nMonsieur Olivier VAN HAUWAERT, Directeur du service \nde sant\u00e9 au travail ACMS 92 \nDocteur Michel KLERLEIN, M\u00e9decin coordonnateur du \nSST d'AIR FRANCE (95) \nTitulaires Suppl\u00e9ants \nEn attente de d\u00e9signation \nMadame Valerie LEDOUR, PMI (75) \nMadame Julia PERRET, PMI (75) \nEn attente de d\u00e9signation Docteur Claudette BUISSON, PMI (91) \nAgence R\u00e9gionale de Sant\u00e9 - IDF-2025-08-28-00003 - Arr\u00eat\u00e9 n\u00b02025/27 modifiant la liste des membres de la conf\u00e9rence r\u00e9gionale de la\nsant\u00e9\net de l'autonomie d'\u00cele-de-France\n11\nPage 9 sur 14 \n \nd) Pour les organismes \u0153uvrant dans le champ de la promotion de la sant\u00e9, la pr\u00e9vention et \nl'\u00e9ducation pour la sant\u00e9 : \n \ne) Pour les organismes \u0153uvrant dans les domaines de l'observation de la sant\u00e9, de \nl'enseignement sup\u00e9rieur et de la recherche : \n \nf) Pour les associations de protection de l'environnement agr\u00e9es au titre de l'article L.141 -1 du \ncode de l'environnement :  \n \n7. Pour le coll\u00e8ge des offreurs des services de sant\u00e9  \n \na) Pour les Etablissements publics de sant\u00e9 : \n \nTitulaires Suppl\u00e9ants \nMonsieur \u00c9ric CLAPIER, D\u00e9l\u00e9gu\u00e9 r\u00e9gional adjoint \nFHF IDF \nMadame Alice JAFFRE, Directrice adjointe, Centre \nHospitalier de Rambouillet (FHF IDF) \nMadame Yolande Di NATALE, Directrice g\u00e9n\u00e9rale du \nGHT Grand-Paris Nord-Est (FHF IDF)   \n \nMadame Isabelle PERSEC, D\u00e9l\u00e9gu\u00e9e r\u00e9gionale \nFHF IDF \nMonsieur Vincent MICHALOUX - Direction de la strat\u00e9gie \net de la transformation (APHP) \n \nMadame Vanessa VILLAFRANCA - Direction de la \nstrat\u00e9gie et de la transformation (APHP) \n \n\u27a2 Au titre des pr\u00e9sidences de commissions m\u00e9dicales d'\u00e9tablissement de centres hospitaliers et \nde centres hospitaliers universitaires : \n \nTitulaires Suppl\u00e9ants \nProfesseur Lo\u00efc de PONTUAL - Chef de service de \np\u00e9diatrie, h\u00f4pital Jean-Verdier (AP HP) \nDocteur Fran\u00e7ois SALACHAS - Coordonnateur du centre \nde r\u00e9f\u00e9rence maladies rares, D\u00e9partement de neurologie, \nLa Piti\u00e9 Salp\u00eatri\u00e8re (AP HP) \nDocteur Edouard DEVAUD, Pr\u00e9sident de la CME du GHT \nNovo (95) \nDocteur Omar BELKHODJA, PCME Grand H\u00f4pital de \nl'Est Francilien \nDocteur Serge LOKO, Pr\u00e9sident de la CME du CH de \nMEULAN LES Mureaux (78) \n \nTitulaires Suppl\u00e9ants \nMadame Isabelle GREMY, Personnalit\u00e9 qualifi\u00e9e - Haut \nConseil de Sant\u00e9 Publique \nDocteur Philippe CARETTE - Institut RENAUDOT \nMonsieur Jean NORMAND - Association Addictions \nEn attente de d\u00e9signation Madame Leslie MESNAY - CLS Les Mureaux 78 \nTitulaires Suppl\u00e9ants \nMadame Nathalie BELTZER (ORS IDF) Madame Lydie GIBEY (CREAI Ile-de-France) \nTitulaires Suppl\u00e9ants \nMadame Agn\u00e8s BAUCHE \nFrance Nature Environnement (FNE) \nMadame Marion PEPIN - France Nature Environnement \n(FNE)  \nMonsieur Jean-Pierre PARISOT - France Nature \nEnvironnement (FNE) \nAgence R\u00e9gionale de Sant\u00e9 - IDF-2025-08-28-00003 - Arr\u00eat\u00e9 n\u00b02025/27 modifiant la liste des membres de la conf\u00e9rence r\u00e9gionale de la\nsant\u00e9\net de l'autonomie d'\u00cele-de-France\n12\nPage 10 sur 14 \n \n\u27a2 Au titre des pr\u00e9sidences de commissions m\u00e9dicales d'\u00e9tablissement de centres hospitaliers en \npsychiatrie : \n \nTitulaires Suppl\u00e9ants \nEn attente de d\u00e9signation \n \n \nDocteur Ouardia OTMANI, GH Paul GUIRAUD \n \n \nb) Pour les \u00e9tablissements priv\u00e9s de sant\u00e9 \u00e0 but lucratif : \n \nTitulaires Suppl\u00e9ants \nMadame Helena KISLER-ELKOUBY, D\u00e9l\u00e9gu\u00e9e g\u00e9n\u00e9rale \n(FHP IDF) \nMonsieur Patrick SERRIERE, Pr\u00e9sident de la F\u00e9d\u00e9ration \nHospitali\u00e8re Priv\u00e9e Ile-de-France (FHP) \nMadame Dominique BOULANGE, Vice-Pr\u00e9sidente de la \nF\u00e9d\u00e9ration Hospitali\u00e8re Priv\u00e9e Ile-de-France (FHP) \n \n\u27a2 Au titre des pr\u00e9sidents de conf\u00e9rence m\u00e9dicale d'\u00e9tablissement : \n \nTitulaires Suppl\u00e9ants \nDocteur Marc ZARKA, Clinique de L'Essonne (91) \n \nDocteur J\u00e9r\u00f4me HORVILLEUR, Institut Cardiovasculaire \nParis Sud  \nDocteur Marine COROIR, Clinique Maussins-Nollet \n \nc) Pour les \u00e9tablissements priv\u00e9s de sant\u00e9 \u00e0 but non lucratif : \n \nTitulaires Suppl\u00e9ants \nMonsieur Renaud COUPRY, Directeur g\u00e9n\u00e9ral \nAssociation la Ch\u00e2taigneraie - CRF MENUCOURT (95), \nD\u00e9l\u00e9gu\u00e9 r\u00e9gional de la FEHAP IDF \n \nMadame Julie CHASTRES, Directrice g\u00e9n\u00e9rale H\u00f4pital \nSainte Camille (FEHAP) (94)  \nMonsieur Guillaume CHESNEL, Directeur g\u00e9n\u00e9ral adjoint \ndu Groupe Hospitalier Diaconesses Croix Saint Simon \n(FEHAP IDF) \n \n\u27a2 Au titre des pr\u00e9sidents de conf\u00e9rence m\u00e9dicale d'\u00e9tablissement : \n \nTitulaires Suppl\u00e9ants \nDocteur G\u00e9rald CHOUKROUN, Pneumologue et \nr\u00e9animateur m\u00e9dical, Pr\u00e9sident de CME de l'h\u00f4pital \nForcilles et Chef de service de l'USIR et du SRPR \nDocteur Marc ZINS, Pr\u00e9sident de la CME du Groupe \nHospitalier Saint Joseph (FEHAP IDF) \nDocteur Marc BEAUSSIER  : Pr\u00e9sident de la CME de \nl'Institut Mutualiste Montsouris (FEHAP IDF) \n \n\u27a2 Au titre des directeurs des \u00e9tablissements de lutte contre le cancer : \n \nTitulaires Suppl\u00e9ants \nMonsieur Sylvain DUCROZ,  directeur g\u00e9n\u00e9ral adjoint - \nInstitut GUSTAVE ROUSSY  \nMadame Anne -Claire DE REBOUL, Ensemble \nHospitalier de l'institut CURIE \n \n  \nAgence R\u00e9gionale de Sant\u00e9 - IDF-2025-08-28-00003 - Arr\u00eat\u00e9 n\u00b02025/27 modifiant la liste des membres de la conf\u00e9rence r\u00e9gionale de la\nsant\u00e9\net de l'autonomie d'\u00cele-de-France\n13\nPage 11 sur 14 \n \nd) Pour les \u00e9tablissements assurant des activit\u00e9s de soins \u00e0 domicile : \n \nTitulaires Suppl\u00e9ants \nMonsieur Ghislain PROMONET, F\u00e9d\u00e9ration Nationale \ndes \u00e9tablissements hospitaliers \u00e0 domicile (FNEHAD) \n \nMonsieur Florent BOUSQUIE, Directeur HAD AP-HP \nMadame Isabelle BOUVIER, Fondation Croix Saint -\nSimon \n \n \ne) Pour les personnes morales gestionnaires d'institutions accueillant des personnes \nhandicap\u00e9es : \n \nTitulaires Suppl\u00e9ants \n \nMonsieur Romain DELMAS, Association CARITAS - \nUnion R\u00e9gionale interf\u00e9d\u00e9rale des \u0153uvres et organismes \npriv\u00e9s sanitaires et sociaux (URIOPSS IDF) \n \n \n \nMonsieur Eric d'ALEN\u00c7ON, Fondation Partage et Vie - \nUnion R\u00e9gionale interf\u00e9d\u00e9rale des \u0153uvres et organismes \npriv\u00e9s sanitaires et sociaux (URIOPSS IDF) \nMonsieur S\u00e9bastien PAUTASSO-CHADOUTAUD, Union \nR\u00e9gionale interf\u00e9d\u00e9rale des \u0153uvres et organismes priv\u00e9s \nsanitaires et sociaux (URIOPSS IDF) \n En attente de d\u00e9signation  En attente de d\u00e9signation \nMadame C\u00e9line LAMOUR, Directrice g\u00e9n\u00e9rale de \nl'UNAPEI (NEXEM) \nMonsieur Jean-Fran\u00e7ois GEY, Directeur g\u00e9n\u00e9ral PEP de \nl'Essonne (NEXEM) \n \nEn attente de d\u00e9signation  \nMadame Catherine HARPEY, Union R\u00e9gionale des \nassociations de parents et amis de personnes \nhandicap\u00e9es mentales (URAPEI) \nMadame Ama\u00eblle  PENON, Directrice g\u00e9n\u00e9rale adjointe \nau Handicap Groupe SOS Solidarit\u00e9s  \n \nf) Pour les personnes morales gestionnaires d'institutions accueillant des personnes \u00e2g\u00e9es  : \n \nTitulaires Suppl\u00e9ants \n \nMonsieur Eddy CHENAF, Directeur EHPAD Solemnes \n(SYNERPA) \nMadame Romy LASSERRE SAINT-MAURICE, Directrice \nEPHAD P\u00e9an (SYNERPA) \nMonsieur Marc LAVAUD, vice -pr\u00e9sident de l'association \nACEP - Gestionnaire de l'EPHAD le Patio (FNAQPA) \nMonsieur Emmanuel SYS, Directeur du GCSMS Les \nEHPAD Publics du Val de Marne (FHF) \nMadame Claire DAVY, Direction de la strat\u00e9gie et de la \nTransformation AP-HP \nMadame Audrey VATAN, directrice adjointe Direction \nCommune Fondation Aulagnier et Ehpad Les \nMarronniers (FHF) \nMonsieur Louis MATIAS, Directeur de la Maison Ferrari \n(FEHAP IDF) \nMadame Marie DEROY charg\u00e9e de mission (FEHAP IDF) \nMadame Sophie VILLEDIEU, Fondation L\u00e9opold Bellan \n(FEHAP IDF) \nMadame Claire PARDOEN, Union R\u00e9gionale \ninterf\u00e9d\u00e9rale des \u0153uvres et organismes priv\u00e9s sanitaires \net sociaux (URIOPSS IDF) \nMadame Charlotte LEBRUN Union R\u00e9gionale \ninterf\u00e9d\u00e9rale des \u0153uvres et organismes priv\u00e9s sanitaires \net sociaux (URIOPSS IDF) \nMadame Brigitte VIGROUX, (URIOPSS IDF) \nAgence R\u00e9gionale de Sant\u00e9 - IDF-2025-08-28-00003 - Arr\u00eat\u00e9 n\u00b02025/27 modifiant la liste des membres de la conf\u00e9rence r\u00e9gionale de la\nsant\u00e9\net de l'autonomie d'\u00cele-de-France\n14\nPage 12 sur 14 \n \ng) Pour les personnes morales gestionnaires d'institutions accueillant des personnes en difficult\u00e9s \nsociales : \n \nTitulaires Suppl\u00e9ants \nMonsieur Eric LEMERCIER, Directeur d'\u00e9tablissements \n(Groupe SOS) \nMadame Catherine DELORME, D\u00e9l\u00e9gu\u00e9e r\u00e9gionale IDF \nde la F\u00e9d\u00e9ration Addictions (FA) et Directrice du Trait \nd'Union - Oppelia (92) \nMonsieur Denis JOUTEAU, D\u00e9l\u00e9gu\u00e9 R\u00e9gional F\u00e9d\u00e9ration \nAddictions  \n \nh) Pour les centres de sant\u00e9, maisons de sant\u00e9 et p\u00f4les de sant\u00e9 : \n \nTitulaires Suppl\u00e9ants \nDocteur Fabrice GIRAUX, f\u00e9d\u00e9ration nationale des \ncentres de sant\u00e9 (FNCS) \nEn attente de d\u00e9signation \n \ni) Pour les communaut\u00e9s professionnelles territoriales de sant\u00e9 pr\u00e9vues \u00e0 l'article L 1434 -12     \n   du Code de la sant\u00e9 publique :  \n \nTitulaires Suppl\u00e9ants \n \nDocteur Jonathan BRAMI, Pr\u00e9sident CPTS 92 \n \nDocteur Marie-H\u00e9l\u00e8ne CERTAIN, Pr\u00e9sidente CPTS 78 \nDocteur Marie-Laure SALVIATO, Pr\u00e9sidente CPTS 91 \nj)  \nk) Pour les associations de permanence de soins :  \n \nTitulaires Suppl\u00e9ants \nDocteur Nathalie LEROY, Secr\u00e9taire g\u00e9n\u00e9rale URPS \nm\u00e9decins lib\u00e9raux IDF \nDocteur Abraham SABBAH (CROM IDF) \nDocteur Laurent DE BASTARD, CROM IDF \n \nl) Pour les services d'aide m\u00e9dicale urgente :  \n \nTitulaires Suppl\u00e9ants \nProfesseur Pierre CARLI, Samu - Urgences de France \n(SUdF) \nDocteur Charlotte CHOLLET (SUdF) \nDocteur Olivier RICHARD (SUdF) \n \nm) Pour les transports sanitaires :  \n \nTitulaires Suppl\u00e9ants \nMonsieur Serge BEAUJEAN, Secr\u00e9taire g\u00e9n\u00e9ral de la \nF\u00e9d\u00e9ration Nationale des Artisans Ambulanciers (FNAA) \nMonsieur Robert Romain BIANAY, PDG Groupe \nEMERGENCE, F\u00e9d\u00e9ration nationale des ambulanciers \npriv\u00e9s (FNAP) \n \nn) Pour les repr\u00e9sentants des services d\u00e9partementaux d'incendie et de secours ou de la Brigade \ndes sapeurs-pompiers de Paris :  \n \nTitulaires Suppl\u00e9ants \nDocteur Patrick HERTGEN, Brigade des Sapeurs - \nPompiers de Paris \nMonsieur Nicolas CHOSSAT, SDIS 91 \nAgence R\u00e9gionale de Sant\u00e9 - IDF-2025-08-28-00003 - Arr\u00eat\u00e9 n\u00b02025/27 modifiant la liste des membres de la conf\u00e9rence r\u00e9gionale de la\nsant\u00e9\net de l'autonomie d'\u00cele-de-France\n15\nPage 13 sur 14 \n \no) Pour les organisations syndicales repr\u00e9sentatives de m\u00e9decins des \u00e9tablissements publics de sant\u00e9 : \n \nTitulaires Suppl\u00e9ants \nDocteur St\u00e9phane DAVID, SNAM-PH Docteur Michel TRIANTAFYLLOU, INPH \nDocteur Catherine BOITEUX, CMH \n \np) Pour les unions r\u00e9gionales des professionnels de sant\u00e9 lib\u00e9raux :  \n \nTitulaires Suppl\u00e9ants \nDocteur Bertrand DE ROCHAMBEAU, Vice -pr\u00e9sident \nURPS IDF- M\u00e9decins lib\u00e9raux \nDocteur Henri GUERINI, URPS IDF - M\u00e9decins lib\u00e9raux \nDocteur Patrick SIMON, tr\u00e9sorier URPS IDF - M\u00e9decins \nlib\u00e9raux \nDocteur Mardoche SEBBAG, URPS IDF - M\u00e9decins \nlib\u00e9raux \nDocteur Arnaud SAADA, URPS IDF - M\u00e9decins lib\u00e9raux \nDocteur Bernard ELGHOZI, tr\u00e9sorier adjoint URPS IDF - \nM\u00e9decins lib\u00e9raux \nDocteur Fabienne ROBICHON, Pr\u00e9sidente URPS - \nChirurgiens-dentistes lib\u00e9raux IDF \nMonsieur Jean-Claude AZOULAY, URPS Biologistes IDF \nDocteur Nicolas GOOSSENS, URPS - Chirurgiens-\ndentistes lib\u00e9raux IDF \nDocteur Delphine CHADOUTAUD, Pr\u00e9sidente de URPS \n- Pharmaciens IDF \nMadame Camille COURCIER, URPS Sages - femmes IDF \n- AUIF \nMadame Bernadette HERAULT, URPS Infirmiers IDF - \nAUIF \nMadame Fatima SAID DAUVERGNE, URPS infirmiers \nIDF AUIF  \nMonsieur Yvan TOURJANSKY, URPS Masseurs \nkin\u00e9sith\u00e9rapeutes IDF - AUIF \nMonsieur Bertrand AUPICON, URPS Podologues IDF-AUIF \nMadame V\u00e9ronique DISSAT, URPS Orthoptistes- AUIF  \nMadame Anne -Sophie HADELER, Pr\u00e9sidente URPS \nOrthophonistes IDF AUIF \nDocteur Eric DOURIEZ, URPS Pharmaciens AUIF \n \nq) Pour le conseil r\u00e9gional de l'ordre des m\u00e9decins :  \n \nTitulaires Suppl\u00e9ants \nDocteur Jean-Luc THOMAS (Pr\u00e9sident du CROM IDF) Docteur Eric GIBERT (CROM) \n \nr) Pour les internes en m\u00e9decine :  \n \nTitulaires Suppl\u00e9ants \n \nMarine LOTY (Pr\u00e9sidente SIHP) Ma\u00eessa BOUKERROU (pr\u00e9sidente du SRP-IMG) \n  \ns) Pour le Minist\u00e8re de la D\u00e9fense :  \n \nTitulaires Suppl\u00e9ants \n Madame Marion AUBOIN, M\u00e9decin-chef HIA B\u00e9gin Monsieur Gilles KERANGUEVEN \nAgence R\u00e9gionale de Sant\u00e9 - IDF-2025-08-28-00003 - Arr\u00eat\u00e9 n\u00b02025/27 modifiant la liste des membres de la conf\u00e9rence r\u00e9gionale de la\nsant\u00e9\net de l'autonomie d'\u00cele-de-France\n16\nPage 14 sur 14 \n \nt) Pour les dispositifs d'appui \u00e0 la coordination (DAC) pr\u00e9vus \u00e0 l'article L 6327 -1 et suivants du \ncode de la sant\u00e9 publique : \n \nTitulaires Suppl\u00e9ants \nMonsieur Adrien BEAUMEL, Directeur DAC 77 Nord \nMadame Pauline LOUIS, DAC 94 \nMonsieur Eddy HABIB, Directeur Facs IDF  \nMadame Christine CHANDEMERLE, Directrice DAC 92 \nNord  \nMadame St\u00e9phanie WILLEMS, Directrice r\u00e9seau de \nn\u00e9phrologie d'Ile-de-France (DSR)  \nMadame Catherine MOUZAWAK, R\u00e9seau SEP IDF(DSR)\n  \n \n8. Pour le coll\u00e8ge des personnalit\u00e9s qualifi\u00e9es : \n \nTitulaires \nMadame Olivia GROSS, titulaire de la Chaire de recherche sur l'engagement des patients, Laboratoire Educations et \nPromotion de la Sant\u00e9, UR3412, Universit\u00e9 Sorbonne Paris Nord \nMonsieur Jean-Pierre BURNIER, administrateur de l'Institut GUSTAVE ROUSSY \n \n9. Pour le coll\u00e8ge des membres avec voix consultative : \n \n- le pr\u00e9fet de r\u00e9gion ou son repr\u00e9sentant \n- le pr\u00e9sident du conseil \u00e9conomique social et environnemental r\u00e9gional ou son repr\u00e9sentant  \n- les chefs de services de l'Etat en r\u00e9gion ou leurs repr\u00e9sentants \n- le directeur g\u00e9n\u00e9ral de l'agence r\u00e9gionale de sant\u00e9 ou son repr\u00e9sentant  \n-    un membre des conseils des organismes locaux d'assurance maladie relevant du r\u00e9gime g\u00e9n\u00e9ral  \n- un administrateur d'un organisme local d'assurance maladie relevant de la mutualit\u00e9 sociale agricole \nAgence R\u00e9gionale de Sant\u00e9 - IDF-2025-08-28-00003 - Arr\u00eat\u00e9 n\u00b02025/27 modifiant la liste des membres de la conf\u00e9rence r\u00e9gionale de la\nsant\u00e9\net de l'autonomie d'\u00cele-de-France\n17\nAgence R\u00e9gionale de Sant\u00e9\nIDF-2025-08-28-00008\nArr\u00eat\u00e9 N\u00b02025/28\nArr\u00eat\u00e9 modificatif relatif \u00e0 la Commission\nSp\u00e9cialis\u00e9e \u00ab Organisation des Soins \u00bb de la\nConf\u00e9rence R\u00e9gionale de la Sant\u00e9 et de\nl'Autonomie de la r\u00e9gion \u00cele-de-France\nAgence R\u00e9gionale de Sant\u00e9 - IDF-2025-08-28-00008 - Arr\u00eat\u00e9 N\u00b02025/28\nArr\u00eat\u00e9 modificatif relatif \u00e0 la Commission Sp\u00e9cialis\u00e9e \u00ab Organisation des Soins \u00bb de la\nConf\u00e9rence R\u00e9gionale de la Sant\u00e9 et de l'Autonomie de la r\u00e9gion \u00cele-de-France\n18\nREPUBLIQUEFRANCAISELibert\u00e9Egalit\u00e9Fraternit\u00e9\ne \u00bb Agence R\u00e9gionale de Sant\u00e9Ile-de-France\n \n \n1 \n \n \n         \n \n \n \nAGENCE R\u00c9GIONALE DE SANT\u00c9 \u00ceLE-DE-FRANCE \nARR\u00caT\u00c9 N\u00b02025/28 \nArr\u00eat\u00e9 modificatif relatif \u00e0 la Commission Sp\u00e9cialis\u00e9e \u00ab Organisation des Soins \u00bb de la \nConf\u00e9rence R\u00e9gionale de la Sant\u00e9 et de l'Autonomie de la r\u00e9gion \u00cele-de-France \n \nLE DIRECTEUR G\u00c9N\u00c9RAL DE L'AGENCE R\u00c9GIONALE DE SANT\u00c9 \u00ceLE-DE-FRANCE \n \n \nVU  La loi n\u00b0 2009-879 du 21 juillet 2009 portant r\u00e9forme de l'h\u00f4pital et relative aux patients, \u00e0 \nla sant\u00e9 et aux territoires ; \n  \nVU  Le code de la sant\u00e9 publique et notamment les articles L. 1432-1 et L.1432-4, D.1432-28 \n\u00e0 D.1432-53 ; \n \nVU  Le d\u00e9cret n\u00b0 2006-672 du 8 juin 2006 modifi\u00e9 relatif \u00e0 la cr\u00e9ation, \u00e0 la composition et au \nfonctionnement de commissions administratives \u00e0 caract\u00e8re consultatif ; \n  \nVU  Le d\u00e9cret du 10 avril 2024 portant nomination de Monsieur Denis ROBIN, Directeur g\u00e9n\u00e9ral \nde l'Agence r\u00e9gionale de sant\u00e9 d'\u00cele-de-France, \u00e0 compter du 29 avril 2024 ; \n  \nVU  L'arr\u00eat\u00e9 n\u00b0 27 /2021 du 01  octobre 2021 fixant la liste des membres de la Conf\u00e9rence \nR\u00e9gionale de la Sant\u00e9 et de l'Autonomie d'\u00cele-de-France ; \n  \nVU L'arr\u00eat\u00e9 n\u00b0 2024/35 du 09 d\u00e9cembre 2024 modifi\u00e9 fixant la liste des membres de la \nConf\u00e9rence R\u00e9gionale de la Sant\u00e9 et de l'Autonomie d'\u00cele-de-France ; \n  \nVU  L'arr\u00eat\u00e9 n\u00b0 2025 /20 du 8 juillet 2025 modifiant  la liste des membres de la Conf\u00e9rence \nR\u00e9gionale de la Sant\u00e9 et de l'Autonomie d'\u00cele-de-France ; \n \nVU L'arr\u00eat\u00e9 n\u00b0 2025 /27 du 28 aout 2025 modifiant la liste des membres de la Conf\u00e9rence \nR\u00e9gionale de la Sant\u00e9 et de l'Autonomie d'\u00cele-de-France ; \n \nVU  L'arr\u00eat\u00e9 n\u00b0 2024/43 modifi\u00e9 du 27 novembre 2024 relatif \u00e0 la Commission Sp\u00e9cialis\u00e9e de \nl'Organisation des soins de la Conf\u00e9rence R\u00e9gionale de la Sant\u00e9 et de l'Autonomie d'\u00cele -\nde-France ; \n \nVU L'arr\u00eat\u00e9 n\u00b0 202 5/21 modifi\u00e9 du 8 juillet 2025  relatif \u00e0 la Commission Sp\u00e9cialis\u00e9e de \nl'Organisation des soins de la Conf\u00e9rence R\u00e9gionale de la Sant\u00e9 et de l'Autonomie d'\u00cele -\nde-France ; \n \nVU L'arr\u00eat\u00e9 DS n\u00b0104/2024 du 18 juin 2024 portant d\u00e9l\u00e9gation \u00e0 Madame Marion \nBOUGEARD, Directrice de la d\u00e9mocratie en sant\u00e9 et de la communication de l'Agence \nR\u00e9gionale de Sant\u00e9 \u00cele-de-France ; \n \n  \n  \nAgence R\u00e9gionale de Sant\u00e9 - IDF-2025-08-28-00008 - Arr\u00eat\u00e9 N\u00b02025/28\nArr\u00eat\u00e9 modificatif relatif \u00e0 la Commission Sp\u00e9cialis\u00e9e \u00ab Organisation des Soins \u00bb de la\nConf\u00e9rence R\u00e9gionale de la Sant\u00e9 et de l'Autonomie de la r\u00e9gion \u00cele-de-France\n19\nsig\nPage 2 sur 10 \n \n  \nVU\n  \nLes d\u00e9signations : \nAu sein du coll\u00e8ge 22 : \n- Au titre des repr\u00e9sentants des communaut\u00e9s professionnelles territoriales de sant\u00e9  \ndu Doctuer Jonathan BRAMI Pr\u00e9sident CPTS 92) ) en tant que titulaire, en \nremplacement du Docteur Marie -H\u00e9l\u00e8ne CERTAIN et du Docteur Marie -H\u00e9l\u00e8ne \nCERTAIN (Pr\u00e9sidente CPTS 78) en tant que suppl\u00e9ante. \n-  \n  \nARR\u00caT\u00c9 \n \n \nARTICLE 1er : La composition de la commission sp\u00e9cialis\u00e9e \u00ab organisation des soins \u00bb de la conf\u00e9rence \nr\u00e9gionale de la sant\u00e9 et de l'autonomie d'\u00ce le-de-France est fix\u00e9e de la mani\u00e8re figurant \nen annexe. \n \n \nARTICLE 2 : Un recours contre le pr\u00e9sent arr\u00eat\u00e9 peut \u00eatre form\u00e9 aupr\u00e8s du tribunal administratif de \nParis dans un d\u00e9lai de deux mois \u00e0 compter de sa notification. A l'\u00e9gard des tiers, ces \nd\u00e9lais courent \u00e0 compter de la date de publication de la d\u00e9cision au recueil des actes \nadministratifs de la pr\u00e9fecture de la r\u00e9gion d'\u00cele-de-France. \n \n \nARTICLE 3 :  Le Directeur  g\u00e9n\u00e9ral est charg\u00e9  de l'ex\u00e9cution du pr\u00e9sent arr\u00eat\u00e9 , qui sera publi\u00e9 au \nRecueil des actes administratifs de la pr\u00e9fecture de r\u00e9gion. \n \n \nFait \u00e0 Saint-Denis, le 28 aout  2025 \n \nLe Directeur g\u00e9n\u00e9ral \nde l'Agence r\u00e9gionale  \nde sant\u00e9 \u00cele-de-France \nDenis ROBIN \nPar d\u00e9l\u00e9gation \n \nCorentine NEPPEL  \nDirectrice adjointe en charge de la \nd\u00e9mocratie en sant\u00e9  \nDirection de la d\u00e9mocratie en sant\u00e9 et de \nla communication - DESCOM  \n  \nAgence R\u00e9gionale de Sant\u00e9 - IDF-2025-08-28-00008 - Arr\u00eat\u00e9 N\u00b02025/28\nArr\u00eat\u00e9 modificatif relatif \u00e0 la Commission Sp\u00e9cialis\u00e9e \u00ab Organisation des Soins \u00bb de la\nConf\u00e9rence R\u00e9gionale de la Sant\u00e9 et de l'Autonomie de la r\u00e9gion \u00cele-de-France\n20\nPage 3 sur 10 \n \nANNEXE \n \nComposition de la Commission Sp\u00e9cialis\u00e9e \u00ab Organisation des Soins \u00bb \nConf\u00e9rence R\u00e9gionale de la Sant\u00e9 et de l'Autonomie de la r\u00e9gion \u00cele-de-France \n \n1) Un repr\u00e9sentant du Conseil R\u00e9gional :  \nTitulaire Suppl\u00e9ant \nMadame Farida ADLANI, Vice-pr\u00e9sidente Madame Agn\u00e8s RICARD-HIBON, C onseill\u00e8re \nr\u00e9gionale \n \n2) Un repr\u00e9sentant des Conseils D\u00e9partementaux : \nTitulaire Suppl\u00e9ant \nMonsieur le Pr\u00e9sident du Conseil D\u00e9partemental du \nVal-de-Marne \nou son repr\u00e9sentant titulaire : Madame Genevi\u00e8ve \nCARPE, conseill\u00e8re d\u00e9partementale d\u00e9l\u00e9gu\u00e9e \ncharg\u00e9e de la sant\u00e9  \nMadame Odile SEGURET, Vice-pr\u00e9sidente en \ncharge de l'autonomie des personnes \u00e2g\u00e9es et des \npersonnes en situation de handicap \nMonsieur Jean-Pierre BARNAUD, Vice-pr\u00e9sident \nen charge du patrimoine environnemental, de la \nbiodiversit\u00e9, de l'agriculture urbaine et du bien-\u00eatre \nanimal \n \n3) Un repr\u00e9sentant des groupements de communes :  \nTitulaire Suppl\u00e9ant \nEn attente de d\u00e9signation En attente de d\u00e9signation \n \n4) Un repr\u00e9sentant des communes :  \n \nTitulaire Suppl\u00e9ant \nMonsieur Thomas CHAZAL, Maire de Vigneux-sur-\nSeine (91)  Monsieur Ludovic TORO, Maire de Coubron (93) \n \n \n5) Deux repr\u00e9sentants des associations agr\u00e9\u00e9es au titre de l'article L.1114-1 : \n \nTitulaires Suppl\u00e9ants \nMonsieur Alain LAFORET - F\u00e9d\u00e9ration Nationale des \nassociations de retrait\u00e9s (FNAR)  \n \nMadame Fran\u00e7oise PIQUE LE CUN - UFC QUE \nCHOISIR \nMadame Diane PAOLO - URAF IDF \nMonsieur Sidi-Mohammed GHADI, Association des \nFamilles Victimes du Saturnisme  \nMadame Odile BASSE - France Rein Paris \nMonsieur Jean-Pierre BESNARD - VMEH-Visite \ndes malades dans les \u00e9tablissements hospitaliers \nAgence R\u00e9gionale de Sant\u00e9 - IDF-2025-08-28-00008 - Arr\u00eat\u00e9 N\u00b02025/28\nArr\u00eat\u00e9 modificatif relatif \u00e0 la Commission Sp\u00e9cialis\u00e9e \u00ab Organisation des Soins \u00bb de la\nConf\u00e9rence R\u00e9gionale de la Sant\u00e9 et de l'Autonomie de la r\u00e9gion \u00cele-de-France\n21\nPage 4 sur 10 \n \n6) Un repr\u00e9sentant des associations de retrait\u00e9s et personnes \u00e2g\u00e9es : \n \nTitulaire Suppl\u00e9ant \nMonsieur G\u00e9rard PERRIER, CDCA 93 Monsieur Philippe PINGLIN, CDCA 93 \nMonsieur Alain GAVILLET, CDCA 95 \n \n7) Un repr\u00e9sentant des associations de personnes handicap\u00e9es : \n \nTitulaire Suppl\u00e9ant \nEn attente de d\u00e9signation En attente de d\u00e9signation \n \n8) Un repr\u00e9sentant des conseils territoriaux de sant\u00e9 : \n \nTitulaire Suppl\u00e9ant \nMonsieur Francis BRUNELLE (CTS 92) Monsieur Michel GIRARD (CTS 92) \n \n9) Trois repr\u00e9sentants des organisations syndicales de salari\u00e9s : \nTitulaire Suppl\u00e9ant \nMadame Corinne LAMAR CQ (Union r\u00e9gionale des \nsyndicats CFTC d'\u00cele-de-France) \nMonsieur David FILLON \nMonsieur Jean-Marc CICUTO \nMadame Isabelle CAYLA ( Union R\u00e9gionale des \nsyndicats CFDT d'\u00cele-de-France) \nMonsieur Philippe PATRY \nMadame Gwenaelle YVINEC \nMonsieur Jos\u00e9 ALVAREZ (Union R\u00e9gionale \u00ce le-de-\nFrance CFE-CGC)  \nMadame Marie Laurence BONMARCHAND \nMadame Bettina KEMPF \n \n \n10) Un repr\u00e9sentant des organisations syndicales d'employeurs : \nTitulaire Suppl\u00e9ants \nMadame Nolwenn MARE (MEDEF- \u00cele-de-France) Monsieur Olivier CHALMEAU (MEDEF - \u00cele-de-\nFrance) \n \n  \nAgence R\u00e9gionale de Sant\u00e9 - IDF-2025-08-28-00008 - Arr\u00eat\u00e9 N\u00b02025/28\nArr\u00eat\u00e9 modificatif relatif \u00e0 la Commission Sp\u00e9cialis\u00e9e \u00ab Organisation des Soins \u00bb de la\nConf\u00e9rence R\u00e9gionale de la Sant\u00e9 et de l'Autonomie de la r\u00e9gion \u00cele-de-France\n22\nPage 5 sur 10 \n \n \n11) Un repr\u00e9sentant des organisations syndicales des artisans, des commer\u00e7ants et des professions \nlib\u00e9rales :  \nTitulaire Suppl\u00e9ant \nEn attente de d\u00e9signation  En attente de d\u00e9signation \n \n12) Un repr\u00e9sentant des organisations syndicales repr\u00e9sentatives des exploitants agricoles  :  \nTitulaire Suppl\u00e9ant \nEn attente de d\u00e9signation  En attente de d\u00e9signation \n \n13) Un repr\u00e9sentant de la Mutualit\u00e9 Fran\u00e7aise : \nTitulaire Suppl\u00e9ant \nMonsieur Aldino IZZI Monsieur Philippe HEDIN, Pr\u00e9sident de l'Union des \nMutuelles co-g\u00e9r\u00e9es-social  \nMadame Carole DECHAMPS, Mutualit\u00e9 Fran\u00e7aise \n \n14) Le directeur d'organisme, repr\u00e9sentant, au niveau r\u00e9gional, chaque r\u00e9gime d'assurance maladie \ndont la caisse nationale est membre de l'Union nationale des caisses d'assurance maladie ou \nson repr\u00e9sentant :  \nTitulaire Suppl\u00e9ants \nMonsieur Albert LAUTMAN ( Directeur, DCGDR, \nCPAM de Paris)  \nMonsieur Nicolas INGRAIN  (sous-directeur, \nDCGDR, CPAM de Paris) \nMonsieur Hugo CROMBEZ (Chef de projet \u2013 CPAM \nde Paris) \n \n15)  Un repr\u00e9sentant des organismes \u0153uvrant dans le champ de la promotion de la sant\u00e9, la \npr\u00e9vention ou l'\u00e9ducation pour la sant\u00e9 :  \nTitulaire Suppl\u00e9ant \nEn attente de d\u00e9signation  Madame Leslie MESNAY - CLS Les Mureaux 78 \n \n \n16) Au titre des organismes \u0153uvrant dans le domaine de l'observation de la sant\u00e9 :  \nTitulaire Suppl\u00e9ant \nMadame Nathalie BELTZER (ORS IDF) Madame Lydie GIBEY (CREAHI \u00cele-de-France) \n \n  \nAgence R\u00e9gionale de Sant\u00e9 - IDF-2025-08-28-00008 - Arr\u00eat\u00e9 N\u00b02025/28\nArr\u00eat\u00e9 modificatif relatif \u00e0 la Commission Sp\u00e9cialis\u00e9e \u00ab Organisation des Soins \u00bb de la\nConf\u00e9rence R\u00e9gionale de la Sant\u00e9 et de l'Autonomie de la r\u00e9gion \u00cele-de-France\n23\nPage 6 sur 10 \n \n \n17) Cinq repr\u00e9sentants des \u00e9tablissements publics de sant\u00e9, dont trois pr\u00e9sidents de commissions \nm\u00e9dicales d'\u00e9tablissement de centres hospitaliers, de centres hospitaliers universitaires et de \ncentres hospitaliers en psychiatrie : \nTitulaires Suppl\u00e9ants \n Monsieur \u00c9ric CLAPIER, D\u00e9l\u00e9gu\u00e9 r\u00e9gional adjoint \nFHF IDF \nMadame Alice JAFFRE, Directrice adjointe, Centre \nHospitalier de Rambouillet (FHF IDF) \n \nMadame Yolande Di NATALE, Directrice g\u00e9n\u00e9rale \ndu GHT Grand-Paris Nord-Est (FHF IDF)   \nMadame Isabelle PERSEC, D\u00e9l\u00e9gu\u00e9e r\u00e9gionale FHF \nIDF \nMonsieur Vincent MICHALOUX - Direction de la \nstrat\u00e9gie et de la transformation (APHP) \n \nMadame Vanessa VILLAFRANCA - Direction de la \nstrat\u00e9gie et de la transformation (APHP) \n \n \n\u27a2 Au titre des pr\u00e9sidences de commissions m\u00e9dicales d'\u00e9tablissement de centres hospitaliers et de \ncentres hospitaliers universitaires : \n \nTitulaires Suppl\u00e9ants \nProfesseur Lo\u00efc de PONTUAL - Chef de service de \np\u00e9diatrie, h\u00f4pital Jean-Verdier (AP HP) \nDocteur Fran\u00e7ois SALACHAS - Coordonnateur du \ncentre de r\u00e9f\u00e9rence maladies rares, D\u00e9partement de \nneurologie, La Piti\u00e9 Salp\u00eatri\u00e8re (AP HP) \nDocteur Edouard DEVAUD, Pr\u00e9sident de la CME du \nGHT Novo (95) \nDocteur Omar BELKHODJA, PCME Grand H\u00f4pital de \nl'Est Francilien \nDocteur Serge LOKO, Pr\u00e9sident de la CME du CH de \nMEULAN LES Mureaux (78) \n \n\u27a2 Au titre des pr\u00e9sidences de commissions m\u00e9dicales d'\u00e9tablissement de centres hospitaliers en \npsychiatrie : \n \nTitulaires Suppl\u00e9ants \nEn attente de d\u00e9signation Docteur Ouardia OTMANI, GH Paul GUIRAUD \n \n18) Deux repr\u00e9sentants des \u00e9tablissements priv\u00e9s de sant\u00e9 \u00e0 but lucratif, dont un pr\u00e9sident de \nconf\u00e9rence m\u00e9dicale d'\u00e9tablissement : \nTitulaires Suppl\u00e9ants \nMadame Helena KISLER -ELKOUBY, D\u00e9l\u00e9gu\u00e9e \ng\u00e9n\u00e9rale (FHP IDF) \nMonsieur Patrick SERRIERE, P r\u00e9sident de la \nF\u00e9d\u00e9ration Hospitali\u00e8re Priv\u00e9e (FHP IDF) \nMadame Dominique BOULANGE, Pr\u00e9sidente du \ncentre m\u00e9dico - chirurgical Ambroise Par\u00e9, Pierre \nCHEREST et HARTMANN (92) (FHP IDF) \nDocteur Marc ZARKA , H\u00f4pital priv\u00e9 d'Evry -Clinique \nde l'Essonne (91) \nDocteur Marine COROIR, Pr\u00e9sidente CME Clinique \nMaussins-Nollet (75) \n \n  \nAgence R\u00e9gionale de Sant\u00e9 - IDF-2025-08-28-00008 - Arr\u00eat\u00e9 N\u00b02025/28\nArr\u00eat\u00e9 modificatif relatif \u00e0 la Commission Sp\u00e9cialis\u00e9e \u00ab Organisation des Soins \u00bb de la\nConf\u00e9rence R\u00e9gionale de la Sant\u00e9 et de l'Autonomie de la r\u00e9gion \u00cele-de-France\n24\nPage 7 sur 10 \n \n19) Deux repr\u00e9sentants d'\u00e9tablissement priv\u00e9s de sant\u00e9 \u00e0 but non lucratif, dont un pr\u00e9sident de \nCME : \nTitulaires Suppl\u00e9ants \nMonsieur Renaud COUPRY - Directeur g\u00e9n\u00e9ral \nAssociation la Ch\u00e2taigneraie - CRF MENUCOURT \n(95), D\u00e9l\u00e9gu\u00e9 r\u00e9gional de la FEHAP IDF \n  \n \nMadame Julie CHASTRES, Directrice g\u00e9n\u00e9rale \nH\u00f4pital Sainte Camille (FEHAP) (94)  \nMonsieur Guillaume CHESNEL , Directeur g\u00e9n\u00e9ral \nadjoint du Groupe Hospitalier Diaconesses Croix \nSaint Simon (FEHAP IDF) \nDocteur G\u00e9rald CHOUKROUN, P neumologue et \nr\u00e9animateur m\u00e9dical, Pr\u00e9sident de CME de l'h\u00f4pital \nForcilles (77)  \n \nDocteur Marc ZINS, Pr\u00e9sident de la CME du Groupe \nHospitalier Saint Joseph (FEHAP IDF) \nDocteur Marc BEAUSSIER, Pr\u00e9sident de la CME de \nl'Institut Mutualiste Montsouris (FEHAP IDF) \n \n20) Un repr\u00e9sentant des \u00e9tablissements exer\u00e7ant des activit\u00e9s d'hospitalisation \u00e0 domicile : \nTitulaire Suppl\u00e9ant \nMonsieur Ghislain PROMONET, F\u00e9d\u00e9ration Nationale \ndes \u00e9tablissements hospitaliers \u00e0 domicile (FNEHAD) \nMonsieur Florent BOUSQUIE, Directeur de l'HAD de \nl'AP-HP \nMadame Isabelle BOUVIER, Fondation \u0152uvre de la \nCroix Saint-Simon \n \n21) Un repr\u00e9sentant des centres de sant\u00e9 et des maisons de sant\u00e9 : \nTitulaire Suppl\u00e9ant \nDocteur Fabrice GIRAUX, F\u00e9d\u00e9ration Nationale des \ncentres de sant\u00e9 (FNCS) En attente de d\u00e9signation \n \n22) Un repr\u00e9sentant des communaut\u00e9s professionnelles territoriales de sant\u00e9 : \nTitulaire Suppl\u00e9ants \nDocteur Jonathan BRAMI, Pr\u00e9sident CPTS 92 \nDocteur Marie -H\u00e9l\u00e8ne CERTAIN, Pr\u00e9sidente \nCPTS 78 \nDocteur Marie-Laure SALVIATO, Pr\u00e9sidente CPTS \n91 \n \n23) Un repr\u00e9sentant des dispositifs d'appui \u00e0 la coordination aux articles L. 6327-2 et L. 6327-3 : \nTitulaires Suppl\u00e9ants \nMadame Pauline LOUIS, Directrice du DAC 94 \nMadame St\u00e9phanie WILLEMS, Directrice r\u00e9seau de \nn\u00e9phrologie \u00cele-de-France (DSR)  \nMadame Catherine MOUZAWAK, R\u00e9seau SEP \nIDF(DSR)  \n \nAgence R\u00e9gionale de Sant\u00e9 - IDF-2025-08-28-00008 - Arr\u00eat\u00e9 N\u00b02025/28\nArr\u00eat\u00e9 modificatif relatif \u00e0 la Commission Sp\u00e9cialis\u00e9e \u00ab Organisation des Soins \u00bb de la\nConf\u00e9rence R\u00e9gionale de la Sant\u00e9 et de l'Autonomie de la r\u00e9gion \u00cele-de-France\n25\nPage 8 sur 10 \n \n24) Un repr\u00e9sentant des associations de permanences des soins intervenant dans le dispositif de \npermanence des soins : \nTitulaire Suppl\u00e9ant \nDocteur Nathalie LEROY, Secr\u00e9taire g\u00e9n\u00e9rale URPS \nm\u00e9decins lib\u00e9raux IDF \nDocteur Abraham SABBAH (CROM IDF) \nDocteur Laurent DE BASTARD, CROM IDF \n \n25) Un repr\u00e9sentant des services d'aide m\u00e9dicale urgente : \nTitulaire Suppl\u00e9ants \nProfesseur Pierre CARLI, Samu - Urgences de France \n(SUdF) \nDocteur Charlotte CHOLLET (SUdF) \nDocteur Olivier RICHARD (SUdF) \n \n26) Un repr\u00e9sentant des transports sanitaires : \nTitulaire Suppl\u00e9ant \nMonsieur Serge BEAUJEAN, Secr\u00e9taire g\u00e9n\u00e9ral de la \nF\u00e9d\u00e9ration Nationale des Artisans Ambulanciers \n(FNAA) \nMonsieur Robert Romain BIANAY, PDG Groupe \nEMERGENCE, F\u00e9d\u00e9ration nationale des \nambulanciers priv\u00e9s (FNAP) \n \n27) Un repr\u00e9sentant de services d\u00e9partementaux d'incendie et de secours ou, pour la r\u00e9gion Ile -\nde-France, un repr\u00e9sentant de la brigade de sapeurs -pompiers de Paris d\u00e9sign\u00e9 par le pr\u00e9fet \nde police :  \nTitulaire Suppl\u00e9ant \nDocteur Patrick HERTGEN, Brigade des Sapeurs - \nPompiers de Paris \nMonsieur Nicolas CHOSSAT, SDIS 91 \n \n28) Un repr\u00e9sentant des organisations syndicales repr\u00e9sentatives des m\u00e9decins des \n\u00e9tablissements publics de sant\u00e9 : \nTitulaire Suppl\u00e9ant \nDocteur St\u00e9phane DAVID, SNAM-PH \nDocteur Michel TRIANTAFYLLOU, INPH \nDocteur Catherine BOITEUX, CMH \n \n  \nAgence R\u00e9gionale de Sant\u00e9 - IDF-2025-08-28-00008 - Arr\u00eat\u00e9 N\u00b02025/28\nArr\u00eat\u00e9 modificatif relatif \u00e0 la Commission Sp\u00e9cialis\u00e9e \u00ab Organisation des Soins \u00bb de la\nConf\u00e9rence R\u00e9gionale de la Sant\u00e9 et de l'Autonomie de la r\u00e9gion \u00cele-de-France\n26\nPage 9 sur 10 \n \n \n29) Quatre membres des unions r\u00e9gionales des professionnels de sant\u00e9 (URPS) : \n \nTitulaires Suppl\u00e9ants \nDocteur Bertrand DE ROCHAMBEAU, Vice-pr\u00e9sident \nURPS IDF- M\u00e9decins lib\u00e9raux \n \nDocteur Henri GUERINI, URPS IDF - M\u00e9decins \nlib\u00e9raux \nDocteur Patrick SIMON, tr\u00e9sorier URPS IDF - \nM\u00e9decins lib\u00e9raux \nDocteur Mardoche SEBBAG, URPS IDF - M\u00e9decins \nlib\u00e9raux \nDocteur Arnaud SAADA, URPS IDF - M\u00e9decins \nlib\u00e9raux \nDocteur Bernard ELGHOZI, T r\u00e9sorier adjoint URPS \nIDF - M\u00e9decins lib\u00e9raux \nDocteur Delphine CHADOUTAUD, Pr\u00e9sidente de \nURPS - Pharmaciens IDF \nMadame Camille COURCIER, URPS Sages - \nfemmes IDF \u2013 AUIF \nMadame Bernadette HERAULT, URPS Infirmiers \nIDF \u2013 AUIF \nMadame Fatima SAID DAUVERGNE, URPS \ninfirmiers IDF AUIF \nMonsieur Bertrand AUPICON, URPS Podologues \nIDF \u2013 AUIF \nMadame V\u00e9ronique DISSAT, URPS Orthoptistes  \u2013 \nAUIF \n \n30) Un repr\u00e9sentant de l'ordre r\u00e9gional des m\u00e9decins : \nTitulaire Suppl\u00e9ants \nDocteur Jean-Luc THOMAS (Pr\u00e9sident CROM IDF) Docteur Eric GIBERT (CROM IDF) \n \n31) Un repr\u00e9sentant du syndicat des internes en m\u00e9decine g\u00e9n\u00e9rale : \nTitulaire Suppl\u00e9ant \nMarine LOTY (Pr\u00e9sidente SIHP) Ma\u00eessa BOUKERROU (Pr\u00e9sidente SRP-IMG) \n \n32) Un repr\u00e9sentant du minist\u00e8re de la D\u00e9fense : \nTitulaire Suppl\u00e9ant \nMadame Marion AUBOIN, M\u00e9decin-chef HIA B\u00e9gin Monsieur Gilles KERANGUEVEN \n \n  \nAgence R\u00e9gionale de Sant\u00e9 - IDF-2025-08-28-00008 - Arr\u00eat\u00e9 N\u00b02025/28\nArr\u00eat\u00e9 modificatif relatif \u00e0 la Commission Sp\u00e9cialis\u00e9e \u00ab Organisation des Soins \u00bb de la\nConf\u00e9rence R\u00e9gionale de la Sant\u00e9 et de l'Autonomie de la r\u00e9gion \u00cele-de-France\n27\nPage 10 sur 10 \n \n33) deux membres issus de la commission sp\u00e9cialis\u00e9e pour les prises en charge et \naccompagnements m\u00e9dico-sociaux :  \n \nTitulaires Suppl\u00e9ants \nMadame Claire PARDOEN, Union R\u00e9gionale \ninterf\u00e9d\u00e9rale des \u0153uvres et organismes priv\u00e9s \nsanitaires et sociaux (URIOPSS IDF) \nMadame Charlotte LEBRUN, Union R\u00e9gionale \ninterf\u00e9d\u00e9rale des \u0153uvres et organismes priv\u00e9s \nsanitaires et sociaux (URIOPSS IDF) \nMadame B rigitte VIGROUX, Union R\u00e9gionale \ninterf\u00e9d\u00e9rale des \u0153uvres et organismes priv\u00e9s \nsanitaires et sociaux (URIOPSS IDF) \nMonsieur Louis MATIAS, Directeur de la Maison \nFerrari (FEHAP IDF) \nMadame Sophie VILLEDIEU, Fondation L\u00e9opold \nBELLAN (FEHAP IDF) \nMadame Marie DEROY (FEHAP IDF) \n \nAgence R\u00e9gionale de Sant\u00e9 - IDF-2025-08-28-00008 - Arr\u00eat\u00e9 N\u00b02025/28\nArr\u00eat\u00e9 modificatif relatif \u00e0 la Commission Sp\u00e9cialis\u00e9e \u00ab Organisation des Soins \u00bb de la\nConf\u00e9rence R\u00e9gionale de la Sant\u00e9 et de l'Autonomie de la r\u00e9gion \u00cele-de-France\n28\nDirection r\u00e9gionale et interd\u00e9partementale de\nl'\u00e9conomie, de l'emploi, du travail et des\nsolidarit\u00e9s d'\u00cele-de-France\nIDF-2025-08-23-00002\nArr\u00eat\u00e9 n\u00b02025-165 du 23 ao\u00fbt 2025\nportant sur la demande de d\u00e9rogation a\nl'obligation de repos dominical\npr\u00e9sent\u00e9e par la soci\u00e9t\u00e9 chantiers modernes\nconstruction,\npour son intervention sur le site de construction\nde la ligne CDG EXPRESS - Zone E\n93270 SEVRAN\nDirection r\u00e9gionale et interd\u00e9partementale de l'\u00e9conomie, de l'emploi, du travail et des solidarit\u00e9s d'\u00cele-de-France -\nIDF-2025-08-23-00002 - Arr\u00eat\u00e9 n\u00b02025-165 du 23 ao\u00fbt 2025\nportant sur la demande de d\u00e9rogation a l'obligation de repos dominical\npr\u00e9sent\u00e9e par la soci\u00e9t\u00e9 chantiers modernes construction,\npour son intervention sur le site de construction de la ligne CDG EXPRESS - Zone E\n93270 SEVRAN\n29\nE 3PREFET |DE LA REGIOND'\u00ceLE-DE-FRANCELibert\u00e9Egalit\u00e9Fraternit\u00e9\n Direction r\u00e9gionale et interd\u00e9partementale \nde l'\u00e9conomie, de l'emploi, \ndu travail et des solidarit\u00e9s \n \n \n \n \n \n \nT\u00e9l. : 01.70.96.13.54 \nM\u00e8l : drieets-idf.ucrgc@drieets.gouv.fr \nDRIEETS d'\u00cele-de-France \n21, rue Madeleine Vionnet 93300 AUBERVILLIERS \nhttps://idf.drieets.gouv.fr \nArr\u00eat\u00e9 n\u00b02025-165 du 23 ao\u00fbt 2025 \n \n \nPORTANT SUR LA DEMANDE DE DEROGATION A L'OBLIGATION DE REPOS DOMINICAL  \nPRESENTEE PAR LA SOCIETE CHANTIERS MODERNES CONSTRUCTION, \nPOUR SON INTERVENTION SUR LE SITE DE CONSTRUCTION DE LA LIGNE CDG EXPRESS - Zone E \n93270 SEVRAN \n \n \nLA PREFETE DE LA SEINE-SAINT-DENIS \n \n \n \nVU le Code du travail et notamment les articles L. 3132-20, L. 3132-25-3 et R. 3132-16 ; \n \nVU l'arr\u00eat\u00e9 pr\u00e9fectoral n\u00b0 2024 -4171 du 25 novembre 2024 portant d\u00e9l\u00e9gation de signature de la Pr\u00e9f\u00e8te de la \nSeine-Saint-Denis par int\u00e9rim au Directeur r\u00e9gional et interd\u00e9partemental de l'\u00e9conomie, de l'emploi, du travail et \ndes solidarit\u00e9s d'\u00cele -de-France et la d\u00e9cis ion n\u00b0 2024-183 du 27 novembre 2024 portant subd\u00e9l\u00e9gation de \nsignature du Directeur r\u00e9gional et interd\u00e9partemental de l'\u00e9conomie, de l'emploi, du travail et des solidarit\u00e9s d'\u00cele-\nde-France en mati\u00e8re de repos dominical ; \n \nVU la demande compl\u00e8te de d\u00e9rogation \u00e0 la r\u00e8gle du repos dominical formul\u00e9e le 8 juillet 2025 par Monsieur Jean-\nPascal DUSART , Directeur des Ressources Humaines  de la soci\u00e9t\u00e9 CHANTIERS MODERNES \nCONSTRUCTION, sise ZAC du Petit Leroy, 3  rue Ernest Flammarion \u2013 94550 CHEVILLY-LARUE et pr\u00e9sent\u00e9e \npar Madame Suzanne AL MOUSSAOUI en qualit\u00e9 de Charg\u00e9e Ressources Humaines, pour l'intervention de 6 \nsalari\u00e9s de l'entreprise sur le site de construction de la Ligne Charles de Gaulle Express Zone E sur la commune \nde SEVRAN ;  \n \nVU l'accord d'entreprise sur le travail du dimanche en date du 21 d\u00e9cembre 2017 ; \n \nVU l'avis favorable du CSE du 13 juin 2025 ; \n \nVU le formulaire de demande dat\u00e9 du 21 juillet 2025 qui pr\u00e9cise que le repos sera donn\u00e9 par roulement \u00e0 tout ou \npartie des salari\u00e9s concern\u00e9s ; \n \nVU les 6 attestations de volontariat des salari\u00e9s  de CHANTIERS MODERNES CONSTRUCTION  mobilis\u00e9s \npr\u00e9vues par l'article L. 3132-25-4 du Code du travail ; \n \nVU la saisine pour avis des autorit\u00e9s et organismes pr\u00e9vus par l'article L. 3132-21 du Code du travail ; \n \nVU les avis favorables du MEDEF et de la CFE-CGC de la Seine-Saint-Denis ;  \n \nVU l'avis de l'inspecteur du travail de l'UC Grands Chantiers comp\u00e9tent ; \n \nCONSIDERANT que la soci\u00e9t\u00e9 CHANTIERS MODERNES CONSTRUCTION  a pour mission la r\u00e9alisation \nd'\u00e9crans acoustiques en milieu ferroviaire ; \n \nCONSIDERANT la note technique fournie le 8 juillet 2025 ;  \n \nCONSIDERANT que ces travaux r\u00e9alis\u00e9s sur le r\u00e9seau ferroviaire en bordure des voies pr\u00e9sentent des contraintes \nsp\u00e9ciales li\u00e9es \u00e0 la n\u00e9cessit\u00e9 d'intervenir sous interruption totale de circulation de la voie ferroviaire pour des \nDirection r\u00e9gionale et interd\u00e9partementale de l'\u00e9conomie, de l'emploi, du travail et des solidarit\u00e9s d'\u00cele-de-France -\nIDF-2025-08-23-00002 - Arr\u00eat\u00e9 n\u00b02025-165 du 23 ao\u00fbt 2025\nportant sur la demande de d\u00e9rogation a l'obligation de repos dominical\npr\u00e9sent\u00e9e par la soci\u00e9t\u00e9 chantiers modernes construction,\npour son intervention sur le site de construction de la ligne CDG EXPRESS - Zone E\n93270 SEVRAN\n30\n2 \n \nraisons de s\u00e9curit\u00e9  ; que la SNCF a accord\u00e9 une Interruption Temporaire de Circulation (ITC) sur la p\u00e9riode \ncouvrant la demande sollicit\u00e9e ; \n \nCONSIDERANT que l'intervention le dimanche sous ITC est le seul moyen de r\u00e9aliser l'ouvrage dans les \nconditions de s\u00e9curit\u00e9 impos\u00e9es et permet de contribuer au fonctionnement normal du chantier entrepris ;  \n \n \nA R R E T E \n \nArticle 1er :  \n \nSous r\u00e9serve de l'application de l'article L. 3132 -1 du Code du travail, la soci\u00e9t\u00e9 CHANTIERS MODERNES \nCONSTRUCTION est autoris\u00e9e \u00e0 d\u00e9roger \u00e0 l'obligation de repos dominicalpour la r\u00e9alisation d'\u00e9crans acoustiques \nsous ITC sur le chantier CHARLES DE GAULLE EXPRESS Zone E . \n \n- 6 salari\u00e9s de CHANTIERS MODERNES CONSTRUCTION, le dimanche 31 ao\u00fbt 2025 \n- 6 salari\u00e9s de CHANTIERS MODERNES CONSTRUCTION, le dimanche 7 septembre 2025 \n- 6 salari\u00e9s de CHANTIERS MODERNES CONSTRUCTION, le dimanche 14 septembre 2025 \n- 6 salari\u00e9s de CHANTIERS MODERNES CONSTRUCTION, le dimanche 21 septembre 2025 \n- 6 salari\u00e9s de CHANTIERS MODERNES CONSTRUCTION, le dimanche 28 septembre 2025 \n- 6 salari\u00e9s de CHANTIERS MODERNES CONSTRUCTION, le dimanche 12 octobre 2025 \n- 6 salari\u00e9s de CHANTIERS MODERNES CONSTRUCTION, le dimanche 30 novembre 2025 \n- 6 salari\u00e9s de CHANTIERS MODERNES CONSTRUCTION, le dimanche 15 f\u00e9vrier 2026 \n- 6 salari\u00e9s de CHANTIERS MODERNES CONSTRUCTION, le dimanche 22 mars 2026  \n- 6 salari\u00e9s de CHANTIERS MODERNES CONSTRUCTION, le dimanche 26 avril  2026 \n- 6 salari\u00e9s de CHANTIERS MODERNES CONSTRUCTION, le dimanche 3 mai 2026 \n- 6 salari\u00e9s de CHANTIERS MODERNES CONSTRUCTION, le dimanche 10 mai 2026 \n \nArticle 2 :  \n \nLe personnel employ\u00e9 b\u00e9n\u00e9ficiera au minimum des contreparties pr\u00e9vues  dans l'accord d'entreprise et des \ngaranties pr\u00e9vues \u00e0 l'article L. 3132-25-4 du Code du travail. \n \n \nArticle 3 :  \n \nLe Directeur r\u00e9gional et interd\u00e9partemental de l'\u00e9conomie, de l'emploi, du travail et des solidarit\u00e9s d'\u00cele-de-France, \nest charg\u00e9 de l'ex\u00e9cution du pr\u00e9sent arr\u00eat\u00e9, dont notification est faite au demandeur et est publi\u00e9e au Recueil des \nActes Administratifs de la R\u00e9gion. \n \n \nFait \u00e0 Aubervilliers, le 23 ao\u00fbt 2025 \n \nP/ Le Pr\u00e9fet, par subd\u00e9l\u00e9gation, \nP/ Le Directeur r\u00e9gional et interd\u00e9partemental de \nl'\u00e9conomie, de l'emploi, du travail et des solidarit\u00e9s \nd'\u00cele-de-France \n \nLa Directrice adjointe au Responsable du P\u00f4le \nPolitiques du Travail \n \nSIGN\u00c9 \n \n \nDominique MICHEL \n \n \n \n \n \n \n \nDirection r\u00e9gionale et interd\u00e9partementale de l'\u00e9conomie, de l'emploi, du travail et des solidarit\u00e9s d'\u00cele-de-France -\nIDF-2025-08-23-00002 - Arr\u00eat\u00e9 n\u00b02025-165 du 23 ao\u00fbt 2025\nportant sur la demande de d\u00e9rogation a l'obligation de repos dominical\npr\u00e9sent\u00e9e par la soci\u00e9t\u00e9 chantiers modernes construction,\npour son intervention sur le site de construction de la ligne CDG EXPRESS - Zone E\n93270 SEVRAN\n31\n3 \n \nVoies et d\u00e9lais de recours : Cet arr\u00eat\u00e9 peut faire l'objet  dans un d\u00e9lai de deux mois \u00e0 compter de sa notification   d'un recours contentieux \naupr\u00e8s du tribunal administratif comp\u00e9tent  ; Le tribunal administratif peut \u00eatre saisi par l'application informatique \u00ab  T\u00e9l\u00e9recours citoyens \u00bb \naccessible par le site Internet www.telerecours.fr \nDirection r\u00e9gionale et interd\u00e9partementale de l'\u00e9conomie, de l'emploi, du travail et des solidarit\u00e9s d'\u00cele-de-France -\nIDF-2025-08-23-00002 - Arr\u00eat\u00e9 n\u00b02025-165 du 23 ao\u00fbt 2025\nportant sur la demande de d\u00e9rogation a l'obligation de repos dominical\npr\u00e9sent\u00e9e par la soci\u00e9t\u00e9 chantiers modernes construction,\npour son intervention sur le site de construction de la ligne CDG EXPRESS - Zone E\n93270 SEVRAN\n32\nDirection r\u00e9gionale et interd\u00e9partementale de\nl'\u00e9conomie, de l'emploi, du travail et des\nsolidarit\u00e9s d'\u00cele-de-France\nIDF-2025-08-23-00001\nArr\u00eat\u00e9 n\u00b02025-166 du 23 ao\u00fbt 2025\nportant sur la demande de d\u00e9rogation a\nl'obligation de repos dominical\npr\u00e9sent\u00e9e par la soci\u00e9t\u00e9 chantiers modernes\nconstruction,\npour son intervention sur le site de construction\nde la ligne CDG EXPRESS - Zone F\n77290 MITRY-MORY\nDirection r\u00e9gionale et interd\u00e9partementale de l'\u00e9conomie, de l'emploi, du travail et des solidarit\u00e9s d'\u00cele-de-France -\nIDF-2025-08-23-00001 - Arr\u00eat\u00e9 n\u00b02025-166 du 23 ao\u00fbt 2025\nportant sur la demande de d\u00e9rogation a l'obligation de repos dominical\npr\u00e9sent\u00e9e par la soci\u00e9t\u00e9 chantiers modernes construction,\npour son intervention sur le site de construction de la ligne CDG EXPRESS - Zone F\n77290 MITRY-MORY\n33\nE 3PREFET |DE LA REGIOND'\u00ceLE-DE-FRANCELibert\u00e9Egalit\u00e9Fraternit\u00e9\n Direction r\u00e9gionale et interd\u00e9partementale \nde l'\u00e9conomie, de l'emploi, \ndu travail et des solidarit\u00e9s \n \n \n \n \n \n \nT\u00e9l. : 01.70.96.13.54 \nM\u00e8l : drieets-idf.ucrgc@drieets.gouv.fr \nDRIEETS d'\u00cele-de-France \n21, rue Madeleine Vionnet 93300 AUBERVILLIERS \nhttps://idf.drieets.gouv.fr \nArr\u00eat\u00e9 n\u00b02025-166 du 23 ao\u00fbt 2025 \n \n \nPORTANT SUR LA DEMANDE DE DEROGATION A L'OBLIGATION DE REPOS DOMINICAL  \nPRESENTEE PAR LA SOCIETE CHANTIERS MODERNES CONSTRUCTION, \nPOUR SON INTERVENTION SUR LE SITE DE CONSTRUCTION DE LA LIGNE CDG EXPRESS - Zone F \n77290 MITRY-MORY \n \n \n \nLE PREFET DE SEINE ET MARNE \n \n \n \nVU le Code du travail et notamment les articles L. 3132-20, L. 3132-25-3 et R. 3132-16 ; \n \nVU l'arr\u00eat\u00e9 pr\u00e9fectoral n\u00b0 25/DCSE/1 du 2 avril 2025 portant d\u00e9l\u00e9gation de signature d u Pr\u00e9fet de la Seine -et-\nMarne au Directeur r\u00e9gional et interd\u00e9partemental de l'\u00e9conomie, de l'emploi, du travail et des solidarit\u00e9s d'\u00cele-de-\nFrance par int\u00e9rim  et la d\u00e9cision n\u00b0 2025-079 du 16 avril 2025 portant subd\u00e9l\u00e9gation de signature du Directeur \nr\u00e9gional et interd\u00e9partemental de l'\u00e9conomie, de l'emploi, du travail et des solidarit\u00e9s d'\u00cele -de-France par int\u00e9rim \nen mati\u00e8re de repos dominical ; \n \nVU la demande compl\u00e8te de d\u00e9rogation \u00e0 la r\u00e8gle du repos dominical formul\u00e9e le 8 juillet 2025 par Monsieur Jean-\nPascal DUSART , Directeur des Ressources Humaines  de la soci\u00e9t\u00e9 CHANTIERS MODERNES \nCONSTRUCTION, sise ZAC du Petit Leroy, 3  rue Ernest Flammarion \u2013 94550 CHEVILLY-LARUE et pr\u00e9sent\u00e9e \npar Madame Suzanne AL MOUSSAOUI en qualit\u00e9 de Charg\u00e9e Ressources Humaines, pour l'intervention de 6 \nsalari\u00e9s de l'entreprise sur le site de construction de la Ligne Charles de Gaulle Express Zone F sur la commune \nde MITRY-MORY ;  \n \nVU l'accord d'entreprise sur le travail du dimanche en date du 21 d\u00e9cembre 2017 ; \n \nVU l'avis favorable du CSE du 13 juin 2025 ; \n \nVU le formulaire de demande dat\u00e9 du 21 juillet 2025 qui pr\u00e9cise que le repos sera donn\u00e9 par roulement \u00e0 tout ou \npartie des salari\u00e9s concern\u00e9s ; \n \nVU les 6 attestations de volontariat des salari\u00e9s  de CHANTIERS MODERNES CONSTRUCTION  mobilis\u00e9s \npr\u00e9vues par l'article L. 3132-25-4 du Code du travail ; \n \nVU la saisine pour avis des autorit\u00e9s et organismes pr\u00e9vus par l'article L. 3132-21 du Code du travail ; \n \nVU l'avis favorable du MEDEF de  Seine-et-Marne ;  \n \nVU l'avis de l'inspecteur du travail de l'UC Grands Chantiers comp\u00e9tent ; \n \nCONSIDERANT que la soci\u00e9t\u00e9 CHANTIERS MODERNES CONSTRUCTION a pour mission la r\u00e9alisation \nd'\u00e9crans acoustiques en milieu ferroviaire ; \n \nCONSIDERANT la note technique fournie le 8 juillet 2025 ;  \n \nCONSIDERANT que ces travaux r\u00e9alis\u00e9s sur le r\u00e9seau ferroviaire en bordure des voies pr\u00e9sentent des contraintes \nDirection r\u00e9gionale et interd\u00e9partementale de l'\u00e9conomie, de l'emploi, du travail et des solidarit\u00e9s d'\u00cele-de-France -\nIDF-2025-08-23-00001 - Arr\u00eat\u00e9 n\u00b02025-166 du 23 ao\u00fbt 2025\nportant sur la demande de d\u00e9rogation a l'obligation de repos dominical\npr\u00e9sent\u00e9e par la soci\u00e9t\u00e9 chantiers modernes construction,\npour son intervention sur le site de construction de la ligne CDG EXPRESS - Zone F\n77290 MITRY-MORY\n34\n2 \n \nsp\u00e9ciales li\u00e9es \u00e0 la n\u00e9cessit\u00e9 d'intervenir sous interruption totale de circulation de la voie ferroviaire pour des \nraisons de s\u00e9curit\u00e9  ; que la SNCF a accord\u00e9 une Interruption Temporaire de Circulation (ITC) sur la p\u00e9riode \ncouvrant la demande sollicit\u00e9e ; \n \nCONSIDERANT que l'intervention le dimanche sous ITC est le seul moyen de r\u00e9aliser l'ouvrage dans les \nconditions de s\u00e9curit\u00e9 impos\u00e9es et permet de contribuer au fonctionnement normal du chantier entrepris ;  \n \n \nA R R E T E \n \nArticle 1er :  \n \nSous r\u00e9serve de l'application de l'article L. 3132 -1 du Code du travail, la soci\u00e9t\u00e9 CHANTIERS MODERNES \nCONSTRUCTION est autoris\u00e9e \u00e0 d\u00e9roger \u00e0 l'obligation de repos dominicalpour la r\u00e9alisation d'\u00e9crans acoustiques \nsous ITC sur le chantier CHARLES DE GAULLE EXPRESS Zone E . \n \n- 6 salari\u00e9s de CHANTIERS MODERNES CONSTRUCTION, le dimanche 31 ao\u00fbt 2025 \n- 6 salari\u00e9s de CHANTIERS MODERNES CONSTRUCTION, le dimanche 7 septembre 2025 \n- 6 salari\u00e9s de CHANTIERS MODERNES CONSTRUCTION, le dimanche 14 septembre  2025 \n- 6 salari\u00e9s de CHANTIERS MODERNES CONSTRUCTION, le dimanche 21 septembre 2025 \n- 6 salari\u00e9s de CHANTIERS MODERNES CONSTRUCTION, le dimanche 28 septembre 2025 \n- 6 salari\u00e9s de CHANTIERS MODERNES CONSTRUCTION, le dimanche 12 octobre 2025 \n- 6 salari\u00e9s de CHANTIERS MODERNES CONSTRUCTION, le dimanche 30 novembre 2025 \n- 6 salari\u00e9s de CHANTIERS MODERNES CONSTRUCTION, le dimanche 15 f\u00e9vrier 2026 \n- 6 salari\u00e9s de CHANTIERS MODERNES CONSTRUCTION, le dimanche 22 mars 2026  \n- 6 salari\u00e9s de CHANTIERS MODERNES CONSTRUCTION, le dimanche 26 avril  2026 \n- 6 salari\u00e9s de CHANTIERS MODERNES CONSTRUCTION, le dimanche 3 mai 2026 \n- 6 salari\u00e9s de CHANTIERS MODERNES CONSTRUCTION, le dimanche 10 mai 2026 \n \nArticle 2 :  \n \nLe personnel employ\u00e9 b\u00e9n\u00e9ficiera au minimum des contreparties pr\u00e9vues  dans l'accord d'entreprise et des \ngaranties pr\u00e9vues \u00e0 l'article L. 3132-25-4 du Code du travail. \n \n \nArticle 3 :  \n \nLe Directeur r\u00e9gional et interd\u00e9partemental de l'\u00e9conomie, de l'emploi, du travail et des solidarit\u00e9s d'\u00cele-de-France, \nest charg\u00e9 de l'ex\u00e9cution du pr\u00e9sent arr\u00eat\u00e9, dont notification est faite au demandeur et est publi\u00e9e au Recueil des \nActes Administratifs de la R\u00e9gion. \n \n \nFait \u00e0 Aubervilliers, le 23 ao\u00fbt 2025 \n \nP/ Le Pr\u00e9fet, par subd\u00e9l\u00e9gation, \nP/ Le Directeur r\u00e9gional et interd\u00e9partemental de \nl'\u00e9conomie, de l'emploi, du travail et des solidarit\u00e9s \nd'\u00cele-de-France \n \nLa Directrice adjointe au  Responsable du P\u00f4le \nPolitiques du Travail \n \nSIGN\u00c9 \n \n \nDominique MICHEL \n \n \n \n \n \nVoies et d\u00e9lais de recours : Cet arr\u00eat\u00e9 peut faire l'objet  dans un d\u00e9lai de deux mois \u00e0 compter de sa notification   d'un recours contentieux \naupr\u00e8s du tribunal administratif comp\u00e9tent  ; Le tribunal administratif peut \u00eatre saisi par l'application informatique \u00ab  T\u00e9l\u00e9recours citoyens \u00bb \naccessible par le site Internet www.telerecours.fr \nDirection r\u00e9gionale et interd\u00e9partementale de l'\u00e9conomie, de l'emploi, du travail et des solidarit\u00e9s d'\u00cele-de-France -\nIDF-2025-08-23-00001 - Arr\u00eat\u00e9 n\u00b02025-166 du 23 ao\u00fbt 2025\nportant sur la demande de d\u00e9rogation a l'obligation de repos dominical\npr\u00e9sent\u00e9e par la soci\u00e9t\u00e9 chantiers modernes construction,\npour son intervention sur le site de construction de la ligne CDG EXPRESS - Zone F\n77290 MITRY-MORY\n35\nPr\u00e9fecture de la R\u00e9gion d'Ile de France,\nPr\u00e9fecture de Paris -Secr\u00e9tariat g\u00e9n\u00e9ral aux\nmoyens mutualis\u00e9s\nIDF-2025-08-27-00028\nArr\u00eat\u00e9 du 27 ao\u00fbt 2025\nmodifiant l'arr\u00eat\u00e9 pr\u00e9fectoral\nIDF-2025-08-08-00004 du 08 ao\u00fbt 2025\nmodifiant l'arr\u00eat\u00e9 pr\u00e9fectoral\nIDF-2023-07-28-00004 du 28 juillet 2023 portant\ncomposition de la commission locale d'action\nsociale de la pr\u00e9fecture de la r\u00e9gion\nd'Ile-de-France, pr\u00e9fecture de Paris\nPr\u00e9fecture de la R\u00e9gion d'Ile de France, Pr\u00e9fecture de Paris -Secr\u00e9tariat g\u00e9n\u00e9ral aux moyens mutualis\u00e9s - IDF-2025-08-27-00028 - Arr\u00eat\u00e9\ndu 27 ao\u00fbt 2025\nmodifiant l'arr\u00eat\u00e9 pr\u00e9fectoral IDF-2025-08-08-00004 du 08 ao\u00fbt 2025 modifiant l'arr\u00eat\u00e9 pr\u00e9fectoral IDF-2023-07-28-00004 du 28 juillet\n2023 portant composition de la commission locale d'action sociale de la pr\u00e9fecture de la r\u00e9gion d'Ile-de-France, pr\u00e9fecture de Paris\n36\nE IPREFET |DE LA REGIOND'\u00ceLE-DE-FRANCELibert\u00e9Egalit\u00e9Fraternit\u00e9\n  \n \nArr\u00eat\u00e9 du 08 ao\u00fbt 2025 \nmodifiant l'arr\u00eat\u00e9 pr\u00e9fectoral IDF-2023-07-28-00004 du 28 juillet 2023 portant \ncomposition de la commission locale d'action sociale de la pr\u00e9fecture de la r\u00e9gion \nd'Ile-de-France, pr\u00e9fecture de Paris \n \nLe pr\u00e9fet de la r\u00e9gion d'Ile-de-France, pr\u00e9fet de Paris \nCommandeur de la l\u00e9gion d'honneur \nCommandeur de l'ordre national du m\u00e9rite \n \nVu la loi n\u00b0 83-634 du 13 juillet 1983 modifi\u00e9e, po rtant droits et obligations des \nfonctionnaires, notamment son article 9, ensemble l a loi n\u00b0 84-16 du 11 janvier 1984 \nmodifi\u00e9e portant statut g\u00e9n\u00e9ral de la fonction publique de l'\u00c9tat  ; \nVu le d\u00e9cret n\u00b0 2004-374 du 29 avril 2004 modifi\u00e9 r elatif aux pouvoirs des pr\u00e9fets, \u00e0 \nl'organisation et \u00e0 l'action des services de l'\u00c9tat dans les r\u00e9gions et d\u00e9partements  ; \nVu le d\u00e9cret n\u00b0 2006-21 du 6 janvier 2006 modifi\u00e9 relatif \u00e0 l'action sociale au b\u00e9n\u00e9fice \ndes personnels de l'\u00c9tat  ; \nVu le d\u00e9cret 2009-1484 du 3 d\u00e9cembre 2009 relatif a ux directions d\u00e9partementales \ninterminist\u00e9rielles  ; \nVu le d\u00e9cret n\u00b0 2013-728 du 12 ao\u00fbt 2013 modifi\u00e9 po rtant organisation de \nl'administration centrale du minist\u00e8re de l'int\u00e9rieur et du minist\u00e8re des outre-mer  ; \nVu le d\u00e9cret n\u00b0 2022-987 du 4 juillet 2022 portant cr\u00e9ation du comit\u00e9 social \nd'administration du personnel civil de la gendarmerie nationale  ; \nVu l'arr\u00eat\u00e9 du 31 d\u00e9cembre 2007 relatif aux corresp ondants de l'action sociale du \nminist\u00e8re de l'int\u00e9rieur, de l'outre-mer et des collectivit\u00e9s territoriales  ; \nVu l'arr\u00eat\u00e9 du 3 juin 2022 instituant des comit\u00e9s sociaux d'administration au sein des \nminist\u00e8res de l'int\u00e9rieur et des outre-mer  ;  \nVu l'arr\u00eat\u00e9 du 5 septembre 2022 relatif \u00e0 la commission nationale d'action sociale du \nminist\u00e8re de l'Int\u00e9rieur  ; \nVu l'arr\u00eat\u00e9 du 17 octobre 2022 relatif aux commissi ons locales d'action sociale et au \nr\u00e9seau local d'action sociale du minist\u00e8re de l'Int\u00e9rieur et des outre-mer  ; \nVu l'avis \u00e9mis par la commission nationale d'action sociale lors de sa s\u00e9ance pl\u00e9ni\u00e8re \ndu 22 juin 2022  ; \nVu l'arr\u00eat\u00e9 pr\u00e9fectoral du 27 juin 2023 portant cr\u00e9ation et r\u00e9partition des si\u00e8ges \u00e0 la \ncommission locale d'action sociale de la Pr\u00e9fecture  de r\u00e9gion d'\u00cele-de-France, \nPr\u00e9fecture de Paris  ; \nVu la circulaire du 13 novembre 2009 du minist\u00e8re d e l'Int\u00e9rieur, de l'outre-mer et \ndes collectivit\u00e9s territoriales relative au budget d\u00e9concentr\u00e9 d'initiative locale ; \nVu l'arr\u00eat\u00e9 pr\u00e9fectoral IDF-2023-07-28-00004 du 28 juillet 2023 portant composition \nde la commission locale d'action sociale de la pr\u00e9fecture de la r\u00e9gion d'Ile-de-France, \npr\u00e9fecture de Paris  ; \nVu la demande de modification formul\u00e9e par le syndi cat FSMI FO en date du 07 \njuillet 2025 pour la d\u00e9signation de leurs repr\u00e9sent ants \u00e0 la commission locale \nd'action sociale de la Pr\u00e9fecture de r\u00e9gion d'\u00cele-de-France, Pr\u00e9fecture de Paris  ; \n \nSur proposition du pr\u00e9fet, secr\u00e9taire g\u00e9n\u00e9ral aux moyens mutualis\u00e9s, \n \nPr\u00e9fecture de la R\u00e9gion d'Ile de France, Pr\u00e9fecture de Paris -Secr\u00e9tariat g\u00e9n\u00e9ral aux moyens mutualis\u00e9s - IDF-2025-08-27-00028 - Arr\u00eat\u00e9\ndu 27 ao\u00fbt 2025\nmodifiant l'arr\u00eat\u00e9 pr\u00e9fectoral IDF-2025-08-08-00004 du 08 ao\u00fbt 2025 modifiant l'arr\u00eat\u00e9 pr\u00e9fectoral IDF-2023-07-28-00004 du 28 juillet\n2023 portant composition de la commission locale d'action sociale de la pr\u00e9fecture de la r\u00e9gion d'Ile-de-France, pr\u00e9fecture de Paris\n37\nE IPREFET |DE LA REGIOND'\u00ceLE-DE-FRANCELibert\u00e9Egalit\u00e9Fraternit\u00e9\n  \n \n \nArr\u00eate : \n \nArticle 1 : \n \nLes termes de l'article 2 de l'arr\u00eat\u00e9 pr\u00e9fectoral d u 28 juillet 2023 susvis\u00e9 concernant \nla d\u00e9signation des membres titulaires et des membre s suppl\u00e9ants au titre du \nsyndicat FSMI FO sont modifi\u00e9s comme suit  : \n \n1\u00b0) au titre des membres titulaires  : \n \n- en remplacement de M. Thierry DUCLOS  : \u00ab   - Monsieur Jean-Claude PUCCIARELLI \n(PRIF)  \u00bb  \n- en remplacement de Mme Christina PEREIRA  : \u00ab  - Monsieur Francis CINQ VAL \n(Gendarmerie Nationale) \u00bb \n \n2\u00b0) au titre des membres suppl\u00e9ants  : \n \n- en remplacement de M. Jean-Claude PUCCIARELLI  : \u00ab  - Madame Sandrine \nDEVEUVE (PRIF) \u00bb \n \nArticle 2 : \n \nLa liste des repr\u00e9sentants du personnel si\u00e9geant \u00e0 la commission locale d'action \nsociale de la pr\u00e9fecture de la r\u00e9gion d'Ile-de-Fran ce, pr\u00e9fecture de Paris, telle que \nr\u00e9sultant des modifications apport\u00e9es par le pr\u00e9sen t arr\u00eat\u00e9, et des dispositions de \nl'arr\u00eat\u00e9 pr\u00e9fectoral IDF-2023-07-28-00004 du 28 juillet 2023 portant composition de \nla commission locale d'action sociale de la pr\u00e9fect ure de r\u00e9gion d'Ile-de-France \nfigure en annexe du pr\u00e9sent arr\u00eat\u00e9 pour information. \n \nArticle 3 : \n \nLe pr\u00e9fet, secr\u00e9taire g\u00e9n\u00e9ral aux moyens mutualis\u00e9s , est charg\u00e9 de l'ex\u00e9cution du \npr\u00e9sent arr\u00eat\u00e9 qui sera publi\u00e9 au recueil des actes administratifs.  \n \nFait \u00e0 Paris, le 08 ao\u00fbt 2025 \nPour le pr\u00e9fet  de la r\u00e9gion d'Ile-de-France,  \nPr\u00e9fet de Paris et par d\u00e9l\u00e9gation \n \nLe pr\u00e9fet,  \nSecr\u00e9taire g\u00e9n\u00e9ral aux moyens mutualis\u00e9s \nde la pr\u00e9fecture de la r\u00e9gion d'Ile-de-France, \nPr\u00e9fecture de Paris \n \nSign\u00e9 \n \nSt\u00e9phane BRUNOT   \nPr\u00e9fecture de la R\u00e9gion d'Ile de France, Pr\u00e9fecture de Paris -Secr\u00e9tariat g\u00e9n\u00e9ral aux moyens mutualis\u00e9s - IDF-2025-08-27-00028 - Arr\u00eat\u00e9\ndu 27 ao\u00fbt 2025\nmodifiant l'arr\u00eat\u00e9 pr\u00e9fectoral IDF-2025-08-08-00004 du 08 ao\u00fbt 2025 modifiant l'arr\u00eat\u00e9 pr\u00e9fectoral IDF-2023-07-28-00004 du 28 juillet\n2023 portant composition de la commission locale d'action sociale de la pr\u00e9fecture de la r\u00e9gion d'Ile-de-France, pr\u00e9fecture de Paris\n38\nE IPREFET |DE LA REGIOND'\u00ceLE-DE-FRANCELibert\u00e9Egalit\u00e9Fraternit\u00e9\n  \n \nAnnexe de l'arr\u00eat\u00e9 modifiant l'arr\u00eat\u00e9 pr\u00e9fectoral n\u00b0 IDF-2023-07-28-00004 du \n28  juillet 2023 portant composition de la commission locale d'action sociale de la \npr\u00e9fecture de la r\u00e9gion d'Ile-de-France, pr\u00e9fecture de Paris \n \nListe des repr\u00e9sentants du personnel si\u00e9geant \u00e0 la commission locale d'action sociale \nde la pr\u00e9fecture de la r\u00e9gion d'Ile-de-France, pr\u00e9fecture de Paris, telle que r\u00e9sultant \ndes modifications apport\u00e9es par le pr\u00e9sent arr\u00eat\u00e9 \n \nEn qualit\u00e9 de membres titulaires  : \n \nAu titre du Syndicat SAPACMI-UATS-UNSA  : \n- Monsieur Fran\u00e7ois FIEMS (PRIF) \n- Madame Dalila MANSOURI (PRIF) \n- Monsieur Adel ZIDI (PRIF) \n- Madame Khadija GAMRAOUI (PRIF) \n- Madame Rahima GHENAIM (PRIF) \n- Madame Nora ATTABI (PRIF) \n \nAu titre du syndicat CFDT  :  \n- Madame Fr\u00e9d\u00e9rique RENAULT (PRIF) \n- Madame C\u00e9cile CHOPIN (Gendarmerie Nationale) \n- Monsieur Charles DJAMEN (Juridictions Administratives) \n- Madame Djamila FOURDACHON (PRIF) \n- Madame Corinne THIZON (Gendarmerie Nationale) \n \nAu titre du syndicat FSMI FO  :  \n- Madame Laurence GALMICHE (PRIF) \n- Monsieur Jean-Claude PUCCIARELLI (PRIF) \n- Madame Samia SEHILI (Gendarmerie Nationale) \n- Monsieur Francis CINQ VAL (Gendarmerie Nationale) \n \nEn qualit\u00e9 de membres suppl\u00e9ants  : \n \nAu titre du SAPACMI-UATS-UNSA  : \n- Madame Nadia TALCONE (PRIF) \n- Monsieur M. Serge NDOUMBE TANGA (PRIF) \n- Monsieur Fr\u00e9d\u00e9ric DESELVA (PRIF) \n- Madame Aline ADONAI (PRIF) \n- Madame Gina ZOZOR (PRIF) \n- Madame Jacqueline CHANDRAMOHAN (PRIF) \n \nAu titre de la CFDT  : \n- Madame Christine Marie ROGER (PRIF) \n- Madame Claire SCALZOLARO (PRIF) \n- Madame Corinne LEBRE (PRIF) \n- Mme Anne DETOURBET (PRIF) \nPr\u00e9fecture de la R\u00e9gion d'Ile de France, Pr\u00e9fecture de Paris -Secr\u00e9tariat g\u00e9n\u00e9ral aux moyens mutualis\u00e9s - IDF-2025-08-27-00028 - Arr\u00eat\u00e9\ndu 27 ao\u00fbt 2025\nmodifiant l'arr\u00eat\u00e9 pr\u00e9fectoral IDF-2025-08-08-00004 du 08 ao\u00fbt 2025 modifiant l'arr\u00eat\u00e9 pr\u00e9fectoral IDF-2023-07-28-00004 du 28 juillet\n2023 portant composition de la commission locale d'action sociale de la pr\u00e9fecture de la r\u00e9gion d'Ile-de-France, pr\u00e9fecture de Paris\n39\nE IPREFET |DE LA REGIOND'\u00ceLE-DE-FRANCELibert\u00e9Egalit\u00e9Fraternit\u00e9\n  \n \n \nAu titre de FSMI FO  : \n- Madame Sabrina BOCCOLI (PRIF) \n- Madame Ma\u00eft\u00e9 GOBBATO (PRIF) \n- Monsieur Mokhtar BELAHCENE (PRIF) \n- Madame Sandrine DEVEUVE (PRIF). \n \nPr\u00e9fecture de la R\u00e9gion d'Ile de France, Pr\u00e9fecture de Paris -Secr\u00e9tariat g\u00e9n\u00e9ral aux moyens mutualis\u00e9s - IDF-2025-08-27-00028 - Arr\u00eat\u00e9\ndu 27 ao\u00fbt 2025\nmodifiant l'arr\u00eat\u00e9 pr\u00e9fectoral IDF-2025-08-08-00004 du 08 ao\u00fbt 2025 modifiant l'arr\u00eat\u00e9 pr\u00e9fectoral IDF-2023-07-28-00004 du 28 juillet\n2023 portant composition de la commission locale d'action sociale de la pr\u00e9fecture de la r\u00e9gion d'Ile-de-France, pr\u00e9fecture de Paris\n40\nRectorat de l'acad\u00e9mie de Paris\nIDF-2025-07-21-00015\nArr\u00eat\u00e9 du 21 juillet 2025 modifiant l'arr\u00eat\u00e9 du 03\njanvier 2023 modifi\u00e9 portant d\u00e9signation des\nmembres du comit\u00e9 social d'administration\nacad\u00e9mique et des membres de la formation\nsp\u00e9cialis\u00e9e du comit\u00e9 social d'administration\nacad\u00e9mique de l'acad\u00e9mie de Paris\nRectorat de l'acad\u00e9mie de Paris - IDF-2025-07-21-00015 - Arr\u00eat\u00e9 du 21 juillet 2025 modifiant l'arr\u00eat\u00e9 du 03 janvier 2023 modifi\u00e9 portant\nd\u00e9signation des membres du comit\u00e9 social d'administration acad\u00e9mique et des membres de la formation sp\u00e9cialis\u00e9e du comit\u00e9 social\nd'administration acad\u00e9mique de l'acad\u00e9mie de Paris\n41\nEnACADEMIEDE PARISLibert\u00e9Egalit\u00e9Fraternit\u00e9\n \n1 \n \n \nArr\u00eat\u00e9 du 21 juillet 2025  \nmodifiant l'arr\u00eat\u00e9 du 03 janvier 2023  \nportant d\u00e9signation des membres du comit\u00e9 social d'administration acad\u00e9mique  \net des membres de la formation sp\u00e9cialis\u00e9e du comit\u00e9 social d'administration acad\u00e9mique  \nde l'acad\u00e9mie de Paris \n \n  \nLA RECTRICE DE LA REGION ACADEMIQUE \nILE-DE FRANCE \nRECTRICE DE L'ACADEMIE DE PARIS \nCHANCELIERE DES UNIVERSIT\u00c9S \nDE PARIS ET D'\u00ceLE-DE-FRANCE \n \nVu le code g\u00e9n\u00e9ral de la fonction publique ;  \n \nVu l'arr\u00eat\u00e9 du 28 avril 2022 portant cr\u00e9ation de comit\u00e9s sociaux d'administration minist\u00e9riels, de \nl'administration centrale, des services d\u00e9concentr\u00e9s et des \u00e9tablissements publics des minist\u00e8res \ncharg\u00e9s de l '\u00e9ducation nationale, de la jeunesse, des sports, de l'enseignement sup\u00e9rieur et de la \nrecherche ; \n \nVu le proc\u00e8s-verbal de d\u00e9pouillement du scrutin relatif au comit\u00e9 social d'administration acad\u00e9mique et \nde r\u00e9partition des si\u00e8ges lors des \u00e9lections professionnelles du 8 d\u00e9cembre 2022 ; \n \nVu l'arr\u00eat\u00e9 du 3 janvier 2023 portant d\u00e9signation des membres du comit\u00e9 social d'administration \nacad\u00e9mique et des membres de la formation sp\u00e9cialis\u00e9e du comit\u00e9 social d'administration acad\u00e9mique \nde l'acad\u00e9mie de Paris ; \n \nVus ensemble les arr\u00eat\u00e9s modificatifs  des 30 mars 2023, 11 d\u00e9cembre 2023 , 22 d\u00e9cembre 2023 , 05 \njuin 2024 et 15 juin 2025 de l'arr\u00eat\u00e9 du 03 janvier 2023 susvis\u00e9 ;   \n \nVu le courrier du 24 juin 2025 relatif \u00e0 la modification apport\u00e9e dans la d\u00e9signation des repr\u00e9sentants \ndu personnel de l'organisation \u00ab  SGEN-CFDT \u00bb dans le  comit\u00e9 social d'administration et dans la \nformation sp\u00e9cialis\u00e9e du comit\u00e9 social d'administration de l'acad\u00e9mie de Paris. \n \n \nARRETE : \n \nArticle 1er : \n \nL'article 2 \u2013 3. du chapitre I de l'arr\u00eat\u00e9 du 03 janvier 2023 susvis\u00e9 est modifi\u00e9 comme suit en ce qui \nconcerne la d\u00e9signation des membres repr\u00e9sentants de l'organisation \u00ab SGEN-CFDT \u00bb du comit\u00e9 social \nd'administration acad\u00e9mique de l'acad\u00e9mie de Paris, \u00e0 compter du 1er septembre 2025  : \n \na) Repr\u00e9sentant titulaire : \n \nMonsieur Olivier DANIEL (en remplacement de Mme Catherine PROCEDES, d\u00e9missionnaire)  \n \n b) Repr\u00e9sentant suppl\u00e9ant :  \n \nMadame Sandra DUPONT (en remplacement de Monsieur Olivier DANIEL). \n \nRectorat de l'acad\u00e9mie de Paris - IDF-2025-07-21-00015 - Arr\u00eat\u00e9 du 21 juillet 2025 modifiant l'arr\u00eat\u00e9 du 03 janvier 2023 modifi\u00e9 portant\nd\u00e9signation des membres du comit\u00e9 social d'administration acad\u00e9mique et des membres de la formation sp\u00e9cialis\u00e9e du comit\u00e9 social\nd'administration acad\u00e9mique de l'acad\u00e9mie de Paris\n42\nEnACADEMIEDE PARISLibert\u00e9Egalit\u00e9Fraternit\u00e9\n \n2 \n \nArticle 2 : \n  \nL'article 4 \u2013 6. du chapitre II de l'arr\u00eat\u00e9 du 03 janvier 2023 susvis\u00e9 est modifi\u00e9 comme suit en ce qui \nconcerne la d\u00e9signation des membres repr\u00e9sentants de l'organisation \u00ab SGEN-CFDT \u00bb dans la \nformation sp\u00e9cialis\u00e9e du comit\u00e9 social d'administration acad\u00e9mique de l'acad\u00e9mie de Paris , \u00e0 compter \ndu 1er septembre 2025  : \n \na) Repr\u00e9sentant titulaire : \n \nMadame Sandra DUPONT (en remplacement de Mme Catherine PROCEDES, d\u00e9missionnaire) \n \n b) Repr\u00e9sentant suppl\u00e9ant :  \n \nMadame Laurence LAGNEAU (en remplacement de Mme Sandra DUPONT). \n \n \n \nArticle 3 : \n \nLe reste de l'arr\u00eat\u00e9 du 03 janvier 2023 modifi\u00e9 pr\u00e9cit\u00e9 est inchang\u00e9. \n \n \nArticle 4 : \n \nLa secr\u00e9taire g\u00e9n\u00e9rale de l'acad\u00e9mie de Paris est charg\u00e9e de l'ex\u00e9cution du pr\u00e9sent arr\u00eat\u00e9 qui fera \nl'objet d'une publication au recueil des actes administratifs de la pr\u00e9fecture de la r\u00e9gion d'Ile de France, \npr\u00e9fecture de Paris. \n \n \n \nFait \u00e0 Paris, le 21 juillet 2025 \n \n \nLA RECTRICE DE LA REGION ACADEMIQUE \nILE-DE FRANCE \nRECTRICE DE L'ACADEMIE DE PARIS \nCHANCELIERE DES UNIVERSIT\u00c9S \nDE PARIS ET D'ILE-DE-FRANCE \n \nsign\u00e9 \n \nJulie BENETTI \n \nRectorat de l'acad\u00e9mie de Paris - IDF-2025-07-21-00015 - Arr\u00eat\u00e9 du 21 juillet 2025 modifiant l'arr\u00eat\u00e9 du 03 janvier 2023 modifi\u00e9 portant\nd\u00e9signation des membres du comit\u00e9 social d'administration acad\u00e9mique et des membres de la formation sp\u00e9cialis\u00e9e du comit\u00e9 social\nd'administration acad\u00e9mique de l'acad\u00e9mie de Paris\n43","date":"2025-08-29","first_seen_on":"2025-08-29T16:45:50+00:00","id":"71c707dcad16832be079aa8f51da6b269504d65cdd798b671ab0dc5f5b8e453e","name":"recueil-idf-044-2025-08-RAA-nominatifs du 29.08.2025","pdf_creation_date":"2025-08-29T14:41:23+00:00","pdf_modification_date":null,"timezone":"Europe/Paris","url":"https://www.prefectures-regions.gouv.fr/ile-de-france/irecontenu/telechargement/130555/960193/file/recueil-idf-044-2025-08-RAA-nominatifs%20du%2029.08.2025.pdf"}
