{"administration":"pref80","administration_name":"Pr\u00e9fecture de la Somme","content":"PR\u00c9FET\nDE LA SOMME\nRECUEIL DES ACTES\nADMINISTRATIFS SP\u00c9CIAL\nN\u00b02024-160\nPUBLI\u00c9 LE  5 AO\u00dbT 2024\nSommaire\nDirection d\u00e9partementale de l'emploi, du travail et des solidarit\u00e9s de\nla Somme (DDETS Somme) /\n80-2024-08-05-00001 - Arret\u00e9 d\u00e9l\u00e9gation signature ordonnancement\nDDETS Somme (3 pages) Page 3\n2\nDirection d\u00e9partementale de l'emploi, du travail\net des solidarit\u00e9s de la Somme (DDETS Somme)\n80-2024-08-05-00001\nArret\u00e9 d\u00e9l\u00e9gation signature ordonnancement\nDDETS Somme\nDirection d\u00e9partementale de l'emploi, du travail et des solidarit\u00e9s de la Somme (DDETS Somme) - 80-2024-08-05-00001 - Arret\u00e9\nd\u00e9l\u00e9gation signature ordonnancement DDETS Somme 3\nru\nPREFET\nDE LA SOMME\nLibert\u00e9\nEgalit\u00e9\nFraternit\u00e9\nARR\u00caT\u00c9\nportant  d\u00e9l\u00e9gation  de signature  en mati\u00e8re  d'ordonnancement\nsecondaire  de Mme  L\u00e6titia  CRETON,\ndirectrice  d\u00e9partementale  de l'emploi,  du travail  et des solidarit\u00e9s  de la\nSomme\nLE PR\u00c9FET  DE LA SOMME\nCHEVALIER  DE LA L\u00c9GION  D'HONNEUR\nVU l'ordonnance  n\u00b0 2022-408  du 23 mars  2022  relative  au r\u00e9gime  de\nresponsabilit\u00e9  financi\u00e8re  des gestionnaires  publics  et modifiant  diverses\ndispositions  relatives  aux comptables  publics  ;\nVU la loi organique  n\u00b02001-692  du 1\u00b0 ao\u00fbt  2001  modifi\u00e9e  relative  aux lois de\nfinances  ;\nVU le d\u00e9cret  n\u00b02004-374  du 29 avril  2004  modifi\u00e9  relatif  aux pouvoirs  des\npr\u00e9fets,  \u00e0 l'organisation  et \u00e0 l'action  des services  de l'\u00c9tat  dans  les r\u00e9gions  et\nd\u00e9partements  ;\nVU le d\u00e9cret  n\u00b0 2009-1484  du 3 d\u00e9cembre  2009  modifi\u00e9  relatif  aux directions\nd\u00e9partementales  interminist\u00e9rielles  ;\nVu le d\u00e9cret  n\u00b02012-1246  du 7 novembre  2012  modifi\u00e9  relatif  \u00e0 la gestion\nbudg\u00e9taire  et comptable  publique  ;\nVu le d\u00e9cret  2015-510  du 7 mai 2015  modifi\u00e9  portant  charte  de la\nd\u00e9concentration\nVU le d\u00e9cret  n\u00b0 2020-99  du 7 f\u00e9vrier  2020  relatif  \u00e0 l'organisation  et aux missions\ndes secr\u00e9tariats  g\u00e9n\u00e9raux  communs  d\u00e9partementaux  et notamment  son article\n1\u00b0\":\nVU le d\u00e9cret  n\u00b0 2022-1605  du 22 d\u00e9cembre  2022  portant  application  de\nl'ordonnance  n\u00b0 2022-408  du 23 mars  2022  susvis\u00e9e  ;\nDirection d\u00e9partementale de l'emploi, du travail et des solidarit\u00e9s de la Somme (DDETS Somme) - 80-2024-08-05-00001 - Arret\u00e9\nd\u00e9l\u00e9gation signature ordonnancement DDETS Somme 4\nVU le d\u00e9cret  du 13 juillet  2023  portant  nomination  de M. Rollon  MOUCHEL-\nBLAISOT,  pr\u00e9fet  de la Somme  ;\nVU le d\u00e9cret  du 13 juillet  2023  portant  nomination  de M. Emmanuel  MOULARD,\nsous-pr\u00e9fet  hors  classe,  secr\u00e9taire  g\u00e9n\u00e9ral  de la pr\u00e9fecture  de la Somme  ;\nVU l'arr\u00e9te  minist\u00e9riel  du 30 juin 2017  relatif  aux r\u00e8gles  de la comptabilit\u00e9\nbudg\u00e9taire  de l'\u00c9tat  pris en application  de l'article  54 du d\u00e9cret  2012-1246  du 7\nnovembre  2012  susvis\u00e9  ;\nVU l'arr\u00eat\u00e9  du Premier  Ministre  et du ministre  de l'Int\u00e9rieur  du 12 d\u00e9cembre\n2022  nommant  Mme  L\u00e6titia  CRETON,  directrice  d\u00e9partementale  de l'emploi,\ndu travail  et des  solidarit\u00e9s  de la Somme  ;\nVU l'arr\u00eat\u00e9  du Premier  Ministre  et du ministre  de l'Int\u00e9rieur  du 22 f\u00e9vrier  2023\nnommant  Madame  Nathalie  GATIER  directrice  d\u00e9partementale  adjointe  de\nl'emploi,  du travail  et des solidarit\u00e9s  de la Somme  ;\nVU l'arr\u00eat\u00e9  du Premier  Ministre  et du ministre  de l'Int\u00e9rieur  du 26 avril  2023\nportant  nomination  de Mme  H\u00e9l\u00e8ne  ROUSSEL,  directrice  d\u00e9partementale\nadjointe  de l'emploi,  du travail  et des solidarit\u00e9s  de la Somme  ;\nVU l'arr\u00eat\u00e9  pr\u00e9fectoral  du 22 d\u00e9cembre  2020  portant  organisation  du\nsecr\u00e9tariat  g\u00e9n\u00e9ral  commun  d\u00e9partemental  de la Somme  ;\nVU l'arr\u00e9t\u00e9  pr\u00e9fectoral  du 29 mars  2021  portant  organisation  de la direction\nd\u00e9partementale  de l'emploi,  du travail  et des solidarit\u00e9s  de la Somme  ;\nVU l'arr\u00eat\u00e9  pr\u00e9fectoral  du 17 juillet  2024  portant  d\u00e9l\u00e9gation  de signature  en\nmati\u00e8re  d'ordonnancement  secondaire  de Mme  Letitia  CRETON,  directrice\nd\u00e9partementale  de l'emploi,  du travail  et des solidarit\u00e9s  de la Somme  ;\nCONSID\u00c9RANT  les erreurs  mat\u00e9rielles  constat\u00e9es  sur la d\u00e9l\u00e9gation  de signature\nen mati\u00e8re  d'ordonnancement  secondaire  du 17 juillet  2024  susvis\u00e9e  ;\nSUR  proposition  du secr\u00e9taire  g\u00e9n\u00e9ral  de la pr\u00e9fecture  de la Somme  :\nARR\u00caTE\nArticle  1* - D\u00e9l\u00e9gation  est donn\u00e9e  \u00e0 Mme  L\u00e6titia  CRETON,  directrice\nd\u00e9partementale  de l'emploi,  du travail  et des solidarit\u00e9s  de la Somme,  en tant\nque responsable  des Unit\u00e9s  Op\u00e9rationnelles,  pour  proc\u00e9der  a\nl'ordonnancement  secondaire  des recettes  et des d\u00e9penses  de L'\u00c9tat  relevant\ndes budgets  op\u00e9rationnels  de Programme  (BOP)  suivants  :\n1- BOP  r\u00e9gionaux  :\nN\u00b0104  : \u00ab Int\u00e9gration  et acc\u00e8s  \u00e0 la nationalit\u00e9  \u00bb ;\nN\u00b0135  : \u00ab Urbanisme,  territoire  et am\u00e9lioration  de l'habitat  (actions  1, 3, 4 et 5);\nN\u00b0147  : \u00ab Politique  de la Ville  \u00bb\nDirection d\u00e9partementale de l'emploi, du travail et des solidarit\u00e9s de la Somme (DDETS Somme) - 80-2024-08-05-00001 - Arret\u00e9\nd\u00e9l\u00e9gation signature ordonnancement DDETS Somme 5\nN\u00b0177  : \u00ab H\u00e9bergement,  parcours  vers  le logement  et insertion  des  personnes\nvuln\u00e9rables  \u00bb ;\nN\u00b0216  : \u00ab Conduite  et pilotage  des  politiques  de l'Int\u00e9rieur  \u00bb ;\nN\u00b0303  : \u00ab Immigration  et asile  \u00bb ;\nN\u00b0304:  \u00abLutte  contre  la pauvret\u00e9:  revenu  de solidarit\u00e9  active  et\nexp\u00e9rimentations  sociales  \u00bb.\nArticle  2- Cette  d\u00e9l\u00e9gation  concerne  la signature  de tous  documents\nadministratifs  et pi\u00e8ces  comptables  relatifs  \u00e0 l'engagement,  a la liquidation  et\nau mandatement  des  d\u00e9penses  ainsi  que  ceux  relatifs  aux  op\u00e9rations\nconcernant  les recettes  (titres  de perception,  \u00e9tats  ex\u00e9cutoires,  cessions)  \u00e0\nl'exception  : |\n- de tous  les actes  juridiques  (conventions,  contrats,  arr\u00eat\u00e9s  de subventions\nd'investissement  et de fonctionnement)  dont  le montant  de la participation\nfinanci\u00e8re  de l'\u00c9tat  est sup\u00e9rieure  \u00e0 350  000  \u20ac,\n- des  d\u00e9cisions  de subvention  de fonctionnement  et de subventions  du BOP  147\ndont  le montant  est sup\u00e9rieur  \u00e0 50 000  \u20ac,\n- des  march\u00e9s  publics  en proc\u00e9dure  formalis\u00e9e,\n- des  d\u00e9cisions  de ne pas  se conformer  \u00e0 l'avis  d\u00e9favorable  de l'autorit\u00e9  charg\u00e9e\ndu contr\u00f4le  financier,  lorsqu'un  tel avis  est pr\u00e9alablement  requis,\n- des  d\u00e9cisions  de passer  outre,\n- des  ordres  de r\u00e9quisition  du comptable  public,\n- des  d\u00e9cisions  d'acquisition,  d'ali\u00e9nation,  d'affectation  du domaine  priv\u00e9  et\npublic  de l'\u00c9tat  sauf  d\u00e9l\u00e9gation  expresse  consentie  en la mati\u00e8re  \u00e0 un autre\nchef  de service  de l'\u00c9tat.\nArticle  3- Mme  L\u00e6titia  CRETON,  directrice  d\u00e9partementale  de l'emploi,  du\ntravail  et des  solidarit\u00e9s  peut  subd\u00e9l\u00e9guer  sa signature  aux  collaborateurs\nqu'elle  aura  d\u00e9sign\u00e9s  par arr\u00eat\u00e9  pour  les actes  administratifs  et comptables\nrelevant  du domaine  de la gestion  des  services  communs  \u00e0 la direction\nd\u00e9partementale.  |\nArticle  4- L'arr\u00eat\u00e9  pr\u00e9fectoral  du 17 juillet  2024  susvis\u00e9  est abrog\u00e9.\nArticle  5- Le secr\u00e9taire  g\u00e9n\u00e9ral  de la pr\u00e9fecture  de la Somme,  la directrice\nd\u00e9partementale  de l'emploi,  du travail  et des  solidarit\u00e9s  de la Somme  et la\ndirectrice  d\u00e9partementale  des  finances  publiques  de la Somme  sont  charg\u00e9s,\nchacun  en ce qui le concerne,  de l'ex\u00e9cution  du pr\u00e9sent  arr\u00eat\u00e9  qui sera  publi\u00e9\nau recueil  des  actes  administratifs  de la pr\u00e9fecture  de la Somme.\nAmiens,  le 0 5 AO\u00dbT  2024\nLe pr\u00e9fet\nRollon  MOUCHEL-BLAISOT\nDirection d\u00e9partementale de l'emploi, du travail et des solidarit\u00e9s de la Somme (DDETS Somme) - 80-2024-08-05-00001 - Arret\u00e9\nd\u00e9l\u00e9gation signature ordonnancement DDETS Somme 6","date":"2024-08-05","first_seen_on":"2024-08-05T16:47:18+00:00","id":"71f000fa679327501d80877cfa5ec4e7eae4568656d2deb7809d8966b27ca5f2","name":"RAA n\u00b0160 sp\u00e9cial du 5 ao\u00fbt 2024","pdf_creation_date":"2024-08-05T15:13:40+00:00","pdf_modification_date":null,"timezone":"Europe/Paris","url":"https://www.somme.gouv.fr/contenu/telechargement/48983/326626/file/recueil-2024-160-recueil-des-actes-administratifs-special.pdf"}
