{"administration":"pref09","administration_name":"Pr\u00e9fecture de l\u2019Ari\u00e8ge","content":"ARI\u00c8GE\nRECUEIL DES ACTES\nADMINISTRATIFS\nN\u00b009-2025-133\nPUBLI\u00c9 LE 16 OCTOBRE 2025\nSommaire\n09 - DIRECTION DE LA CITOYENNETE ET DE LA LEGALITE / BUREAU DES\nCOLLECTIVITES LOCALES\n09-2025-10-15-00001 - Arr\u00eat\u00e9 pr\u00e9fectoral actant le nombre et la\nr\u00e9partition des si\u00e8ges au sein de la communaut\u00e9 d'agglom\u00e9ration\nFoix-Varilhes, en application du droit commun, \u00e0 compter du prochain\nrenouvellement des conseillers municipaux de mars 2026 (3 pages) Page 4\n09-2025-10-15-00002 - Arr\u00eat\u00e9 pr\u00e9fectoral actant le nombre et la\nr\u00e9partition des si\u00e8ges au sein de la communaut\u00e9 de communes Arize\nL\u00e8ze, en application du droit commun, \u00e0 compter du prochain\nrenouvellement des conseillers municipaux de mars 2026 (3 pages) Page 7\n09-2025-10-15-00003 - Arr\u00eat\u00e9 pr\u00e9fectoral actant le nombre et la\nr\u00e9partition des si\u00e8ges au sein de la communaut\u00e9 de communes\nCouserans Pyr\u00e9n\u00e9es, en application du droit commun, \u00e0 compter du\nprochain renouvellement des conseillers municipaux de mars 2026 (4\npages) Page 10\n09-2025-10-15-00004 - Arr\u00eat\u00e9 pr\u00e9fectoral actant le nombre et la\nr\u00e9partition des si\u00e8ges au sein de la communaut\u00e9 de communes de la\nHaute-Ari\u00e8ge, en application du droit commun, \u00e0 compter du prochain\nrenouvellement des conseillers municipaux de mars 2026 (3 pages) Page 14\n09-2025-10-15-00005 - Arr\u00eat\u00e9 pr\u00e9fectoral actant le nombre et la\nr\u00e9partition des si\u00e8ges au sein de la communaut\u00e9 de communes des\nPortes d'Ari\u00e8ge Pyr\u00e9n\u00e9es, en application du droit commun, \u00e0\ncompter du prochain renouvellement des conseillers municipaux de mars\n2026 (3 pages) Page 17\n09-2025-10-15-00007 - Arr\u00eat\u00e9 pr\u00e9fectoral actant le nombre et la\nr\u00e9partition des si\u00e8ges au sein de la communaut\u00e9 de communes Pays\nd'Olmes, en application du droit commun, \u00e0 compter du prochain\nrenouvellement des conseillers municipaux de mars 2026 (2 pages) Page 20\n09-2025-10-15-00006 - Arr\u00eat\u00e9 pr\u00e9fectoral actant le nombre et la\nr\u00e9partition des si\u00e8ges au sein de la communaut\u00e9 de communes Pays\nde Mirepoix, en application du droit commun, \u00e0 compter du prochain\nrenouvellement des conseillers municipaux de mars 2026 (3 pages) Page 22\n09-2025-10-15-00008 - Arr\u00eat\u00e9 pr\u00e9fectoral actant le nombre et la\nr\u00e9partition des si\u00e8ges au sein de la communaut\u00e9 de communes Pays\nde Tarascon, en application du droit commun, \u00e0 compter du prochain\nrenouvellement des conseillers municipaux de mars 2026 (2 pages) Page 25\n2\n09-2025-10-13-00002 - Arr\u00eat\u00e9 pr\u00e9fectoral portant modification des\nstatuts de la communaut\u00e9 de communes du Pays de Tarascon (8 pages) Page 27\n09 - DIRECTION DE LA CITOYENNETE ET DE LA LEGALITE / BUREAU DES\nELECTIONS ET DE LA REGLEMENTATION\n09-2025-10-08-00002 - AP OGF Foix 2025-2030 (2 pages) Page 35\n09-2025-10-08-00003 - AP Souque Castillon 2025-2030 (2 pages) Page 37\n09 - PREFECTURE DE L'ARIEGE - DIRECTION DE LA\nCOORDINATION INTERMINISTERIELLE ET DE L'APPUI TERRITORIAL /\nBUREAU DE L'APPUI TERRITORIAL - CELLULE ENVIRONNEMENT\n09-2025-10-15-00009 - Arr\u00eat\u00e9 pr\u00e9fectoral portant ouverture d'une\nenqu\u00eate publique portant sur le projet de cr\u00e9ation d'un\np\u00e9rim\u00e8tre d\u00e9limit\u00e9 des abords (PDA) sur la commune\nd'Ax-les-Thermes (5 pages) Page 39\n09-2025-10-13-00001 - Arr\u00eat\u00e9 pr\u00e9fectoral portant ouverture d'une\nenqu\u00eate publique unique pour la demande d'autorisation\nenvironnementale et la demande de permis de construire\n\npr\u00e9sent\u00e9es par la soci\u00e9t\u00e9 ID LOGISTICS FRANCE relative au\nprojet de r\u00e9alisation d'un entrep\u00f4t logistique au sein de la zone\nd'activit\u00e9s de Pign\u00e8s, sur la commune de Maz\u00e8res\n (6 pages) Page 44\n09 - PREFECTURE DE L'ARIEGE - DIRECTION DE LA\nCOORDINATION INTERMINISTERIELLE ET DE L'APPUI TERRITORIAL /\nBUREAU DE LA COORDINATION INTERMINISTERIELLE\n09-2025-10-16-00001 - Arr\u00eat\u00e9 pr\u00e9fectoral\nn\u00b0SA-025-FP-069\nd\u00e9terminant une zone r\u00e9glement\u00e9e suite \u00e0 un\nfoyer de dermatose nodulaire contagieuse bovine (DNCB) (8 pages) Page 50\n09-2025-10-10-00002 - Arr\u00eat\u00e9 pr\u00e9fectoral portant renouvellement\npartiel de la commission d\u00e9partementale de surendettement des\nparticuliers (3 pages) Page 58\nDIRECTION DEPARTEMENTALE DE L' EMPLOI, DU TRAVAIL, DES\nSOLIDARITES ET DE LA PROTECTION DES POPULATIONS - SERVICE\nINCLUSION SOCIALE ET LUTTE CONTRE LA PAUVRETE /\n09-2025-08-20-00001 - Arr\u00eat\u00e9 n\u00b0 ISLP-025-AG-051 portant retrait de\nl'agr\u00e9ment de Madame Doris GARROS\npour exercer \u00e0 titre\nindividuel l'activit\u00e9 de mandataire judiciaire \u00e0 la protection des\nmajeurs (2 pages) Page 61\nDRAAF OCCITANIE /\n09-2025-10-15-00010 - Arr\u00eat\u00e9 pr\u00e9fectoral\nportant approbation du\ndocument d'Am\u00e9nagement\nde la for\u00eat communale indivise de Lugeat\npour la p\u00e9riode 2018-2037\navec application du 2\u00b0 de l'article L122-7\ndu code forestier (2 pages) Page 63\n3\nEPR\u00c9FET _DE L'ARI\u00c8GELibert\u00e9Egalit\u00e9Fraternit\u00e9\nDirection de la citoyennet\u00e9 et de la l\u00e9galit\u00e9\nBureau des collectivit\u00e9s locales\nML\nArr\u00eat\u00e9 pr\u00e9fectoral actant le nombre et la r\u00e9partition des si\u00e8ges au sein de la communaut\u00e9 \nd'agglom\u00e9ration Foix-Varilhes, en application du droit commun, \u00e0 compter du prochain \nrenouvellement des conseils municipaux de mars 2026\nLe pr\u00e9fet de l'Ari\u00e8ge\nVu le code g\u00e9n\u00e9ral des collectivit\u00e9s territoriales (CGCT) et notamment l'article L.5211-6-1 ;\nVu  l'arr\u00eat\u00e9  pr\u00e9fectoral  en  date  du  16  novembre  2016  portant  cr\u00e9ation  de  la  communaut\u00e9  \nd'agglom\u00e9ration Foix-Varilhes modifi\u00e9 ;\nConsid\u00e9rant qu'en application du VII de l'article L.5211-6-1, les conseils municipaux des communes  \nmembres  de  la  communaut\u00e9  d'agglom\u00e9ration  Foix-Varilhes  pouvaient  jusqu'au  31  ao\u00fbt  2025  \nd\u00e9lib\u00e9rer  sur  un  nombre  et  une  r\u00e9partition  des  si\u00e8ges  par  un  accord  local  au  sein  du  conseil \ncommunautaire dans les conditions de majorit\u00e9 d\u00e9finies au 2\u00b0 du I de l'article L.5211-6-1 ; \nConsid\u00e9rant qu'aucune commune membre de la communaut\u00e9 d'agglom\u00e9ration Foix-Varilhes n'a  \nd\u00e9lib\u00e9r\u00e9 sur une r\u00e9partition par accord local ;\nConsid\u00e9rant qu'il convient ainsi de fixer le nombre et la r\u00e9partition des si\u00e8ges au sein du conseil  \ncommunautaire  de  la  communaut\u00e9  d'agglom\u00e9ration  Foix-Varilhes,  en  application  du  droit  \ncommun, conform\u00e9ment aux dispositions de l'article L 5211-6-1 II \u00e0 V du CGCT ; \nSur proposition de secr\u00e9taire g\u00e9n\u00e9ral de la pr\u00e9fecture de l'Ari\u00e8ge : \nARR\u00caTE\nArticle 1  er     :\nLe nombre de si\u00e8ges au sein du conseil communautaire de la communaut\u00e9 d'agglom\u00e9ration Foix-\nVarilhes, en application du droit commun, est fix\u00e9 \u00e0 69 selon la r\u00e9partition suivante :\nCommunes Population municipale\nau 1er janvier 2025\nNombre de \nsi\u00e8ges\nFoix 9 731 hab 16\nVarilhes 3 491 hab 6\nVerniolle 2 381 hab 4\nMontgailhard 1 456 hab 2\nSt Paul de Jarrat 1 354 hab 2\nSaint-Jean de Verges 1 288 hab 2\nRieux-de-Pelleport 1 261 hab 2\nCrampagna 952 hab 1\n2 rue de la Pr\u00e9fecture - Pr\u00e9fet Claude - Erignac B.P. 40087 - 09007 Foix Cedex \u2013 T\u00e9l : 05 61 02 10  00\nSite internet : www.ariege.gouv.fr\n09 - DIRECTION DE LA CITOYENNETE ET DE LA LEGALITE - 09-2025-10-15-00001 - Arr\u00eat\u00e9 pr\u00e9fectoral actant le nombre et la r\u00e9partition\ndes si\u00e8ges au sein de la communaut\u00e9 d'agglom\u00e9ration Foix-Varilhes, en application du droit commun, \u00e0 compter du prochain\nrenouvellement des conseillers municipaux de mars 2026 4\nDalou 784 hab 1\nFerri\u00e8res 775 hab 1\nSerres sur Arget 772 hab 1\nGanac 746 hab 1\nVernajoul 710 hab 1\nSt Pierre de Rivi\u00e8re 676 hab 1\nBrassac 621 hab 1\nSaint-F\u00e9lix-de-Rieutord 469 hab 1\nMontoulieu 416 hab 1\nSt Martin de Caralp 375 hab 1\nPrayols 366 hab 1\nLoubi\u00e8res 359 hab 1\nCos 358 hab 1\nMont\u00e9gut-Plantaurel 319 hab 1\nCoussa 278 hab 1\nLoubens 277 hab 1\nVentenac 235 hab 1\nGudas 197 hab 1\nS\u00e9gura 194 hab 1\nl'Herm 189 hab 1\nB\u00e9nac 174 hab 1\nSoula 171 hab 1\nBaulou 165 hab 1\nVira 158 hab 1\nCelles 143 hab 1\nPradi\u00e8res 124 hab 1\nBosc 114 hab 1\nArtix 113 hab 1\nArabaux 80 hab 1\nMall\u00e9on 79 hab 1\nSaint-Bauzeil 57 hab 1\nCalzan 45 hab 1\nCazaux 45 hab 1\nBurret 44 hab 1\n3\n09 - DIRECTION DE LA CITOYENNETE ET DE LA LEGALITE - 09-2025-10-15-00001 - Arr\u00eat\u00e9 pr\u00e9fectoral actant le nombre et la r\u00e9partition\ndes si\u00e8ges au sein de la communaut\u00e9 d'agglom\u00e9ration Foix-Varilhes, en application du droit commun, \u00e0 compter du prochain\nrenouvellement des conseillers municipaux de mars 2026 5\nArticle 2 : \nLes dispositions de l'article 1 entreront en vigueur \u00e0 compter du prochain renouvellement des  \nconseils municipaux de mars 2026.\nArticle 3 :\nLe pr\u00e9sent arr\u00eat\u00e9 peut faire l'objet d'un recours devant le tribunal administratif de Toulouse  \ndans un d\u00e9lai de 2 mois \u00e0 compter de sa publication au recueil des actes administratifs de la  \npr\u00e9fecture de l'Ari\u00e8ge.\nArticle 4 : \nLe  secr\u00e9taire  g\u00e9n\u00e9ral  de  la  pr\u00e9fecture  de  l'Ari\u00e8ge,  le  pr\u00e9sident  de  la  communaut\u00e9  \nd'agglom\u00e9ration Foix-Varilhes et les collectivit\u00e9s membres sont charg\u00e9s, chacun en ce qui le  \nconcerne,  de  l'ex\u00e9cution  du  pr\u00e9sent  arr\u00eat\u00e9  qui  sera  affich\u00e9  au  si\u00e8ge  de  la  communaut\u00e9  \nd'agglom\u00e9ration Foix-Varilhes et dans les collectivit\u00e9s membres et publi\u00e9 au Recueil des actes  \nadministratifs de la pr\u00e9fecture de l'Ari\u00e8ge\nFait \u00e0 Foix, le 15 octobre 2025\nPour le pr\u00e9fet et par d\u00e9l\u00e9gation,\nLe secr\u00e9taire g\u00e9n\u00e9ral,\nSign\u00e9 : Jean-Philippe DARGENT\n3\n09 - DIRECTION DE LA CITOYENNETE ET DE LA LEGALITE - 09-2025-10-15-00001 - Arr\u00eat\u00e9 pr\u00e9fectoral actant le nombre et la r\u00e9partition\ndes si\u00e8ges au sein de la communaut\u00e9 d'agglom\u00e9ration Foix-Varilhes, en application du droit commun, \u00e0 compter du prochain\nrenouvellement des conseillers municipaux de mars 2026 6\nEPR\u00c9FET _DE L'ARI\u00c8GELibert\u00e9Egalit\u00e9Fraternit\u00e9\nDirection de la citoyennet\u00e9 et de la l\u00e9galit\u00e9\nBureau des collectivit\u00e9s locales\nML\nArr\u00eat\u00e9 pr\u00e9fectoral actant le nombre et la r\u00e9partition des si\u00e8ges au sein de la communaut\u00e9 de \ncommunes Arize L\u00e8ze, en application du droit commun, \u00e0 compter du prochain renouvellement \ndes conseils municipaux de mars 2026\nLe pr\u00e9fet de l'Ari\u00e8ge\nVu le code g\u00e9n\u00e9ral des collectivit\u00e9s territoriales (CGCT) et notamment l'article L.5211-6-1 ;\nVu l'arr\u00eat\u00e9 pr\u00e9fectoral en date du 30 septembre 2016 portant cr\u00e9ation de la communaut\u00e9 de  \ncommunes Arize L\u00e8ze modifi\u00e9 ;\nVu la d\u00e9lib\u00e9ration en date du 6 ao\u00fbt 2025 de la commune de Sabarat fixant le nombre de si\u00e8ges \u00e0  \n47 et proposant leur r\u00e9partition ;\nVu la d\u00e9lib\u00e9ration en date du 11 ao\u00fbt 2025 de la commune de La Bastide de Besplas fixant le  \nnombre de si\u00e8ges \u00e0 47 et proposant leur r\u00e9partition ;\nConsid\u00e9rant qu'en application du VII de l'article L.5211-6-1, les conseils municipaux des communes  \nmembres de la communaut\u00e9 de communes Arize L\u00e8ze pouvaient jusqu'au 31 ao\u00fbt 2025 d\u00e9lib\u00e9rer  \nsur  un  nombre  et  une  r\u00e9partition  des  si\u00e8ges  par  un  accord  local  au  sein  du  conseil  \ncommunautaire dans les conditions de majorit\u00e9 d\u00e9finies au 2\u00b0 du I de l'article L.5211-6-1 ; \nConsid\u00e9rant que l'accord local sur lequel les 2 communes se sont prononc\u00e9es favorablement ne  \nrecueille pas les conditions de majorit\u00e9 requises pour \u00eatre adopt\u00e9 ;\nConsid\u00e9rant qu'il convient ainsi de fixer le nombre et la r\u00e9partition des si\u00e8ges au sein du conseil  \ncommunautaire de la communaut\u00e9 de communes Arize L\u00e8ze, en application du droit commun,  \nconform\u00e9ment aux dispositions de l'article L 5211-6-1 II \u00e0 V du CGCT ; \nSur proposition de secr\u00e9taire g\u00e9n\u00e9ral de la pr\u00e9fecture de l'Ari\u00e8ge : \nARR\u00caTE\nArticle 1  er     :\nLe nombre de si\u00e8ges au sein du conseil communautaire de la communaut\u00e9 de communes Arize  \nL\u00e8ze, en application du droit commun, est fix\u00e9 \u00e0 46 selon la r\u00e9partition suivante :\nCommunes Population municipale\n au 1er janvier 2025\nNombre de \nsi\u00e8ges\nL\u00e9zat-sur-L\u00e8ze 2 341 hab 8\nLe Mas d'Azil 1 236 hab 4\nLe Fossat 1 061 hab 4\n2 rue de la Pr\u00e9fecture - Pr\u00e9fet Claude - Erignac B.P. 40087 - 09007 Foix Cedex \u2013 T\u00e9l : 05 61 02 10  00\nSite internet : www.ariege.gouv.fr\n09 - DIRECTION DE LA CITOYENNETE ET DE LA LEGALITE - 09-2025-10-15-00002 - Arr\u00eat\u00e9 pr\u00e9fectoral actant le nombre et la r\u00e9partition\ndes si\u00e8ges au sein de la communaut\u00e9 de communes Arize L\u00e8ze, en application du droit commun, \u00e0 compter du prochain\nrenouvellement des conseillers municipaux de mars 2026 7\nDaumazan-sur-Arize 804 hab 3\nLe Carla-Bayle 792 hab 3\nSaint-Ybars 670 hab 2\nArtigat 555 hab 2\nPailh\u00e8s 511 hab 1\nLes Bordes-sur-Arize 472 hab 1\nSabarat 377 hab 1\nLa Bastide-de-Besplas 373 hab 1\nCampagne-sur-Arize 286 hab 1\nSainte-Suzanne 249 hab 1\nCamarade 209 hab 1\nDurfort 185 hab 1\nVilleneuve-du-Latou 154 hab 1\nGabre 124 hab 1\nFornex 107 hab 1\nMeras 97 hab 1\nCastex 95 hab 1\nMontfa 94 hab 1\nSieuras 94 hab 1\nLanoux 62 hab 1\nThouars-sur-Arize 40 hab 1\nLoubaut 28 hab 1\nMonesple 26 hab 1\nCasteras 22 hab 1\n3\n09 - DIRECTION DE LA CITOYENNETE ET DE LA LEGALITE - 09-2025-10-15-00002 - Arr\u00eat\u00e9 pr\u00e9fectoral actant le nombre et la r\u00e9partition\ndes si\u00e8ges au sein de la communaut\u00e9 de communes Arize L\u00e8ze, en application du droit commun, \u00e0 compter du prochain\nrenouvellement des conseillers municipaux de mars 2026 8\nArticle 2 : \nLes dispositions de l'article 1 entreront en vigueur \u00e0 compter du prochain renouvellement des  \nconseils municipaux de mars 2026.\nArticle 3 :\nLe pr\u00e9sent arr\u00eat\u00e9 peut faire l'objet d'un recours devant le tribunal administratif de Toulouse  \ndans un d\u00e9lai de 2 mois \u00e0 compter de sa publication au recueil des actes administratifs de la  \npr\u00e9fecture de l'Ari\u00e8ge.\nArticle 4 : \nLe secr\u00e9taire g\u00e9n\u00e9ral de la pr\u00e9fecture de l'Ari\u00e8ge, la sous-pr\u00e9f\u00e8te de Saint-Girons, le pr\u00e9sident  \nde la communaut\u00e9 de communes Arize L\u00e8ze et les collectivit\u00e9s membres sont charg\u00e9s, chacun  \nen  ce  qui  le  concerne,  de  l'ex\u00e9cution  du  pr\u00e9sent  arr\u00eat\u00e9  qui  sera  affich\u00e9  au  si\u00e8ge  de  la  \ncommunaut\u00e9 de communes  Arize L\u00e8ze et dans les collectivit\u00e9s membres et publi\u00e9 au Recueil  \ndes actes administratifs de la pr\u00e9fecture de l'Ari\u00e8ge\nFait \u00e0 Foix, le  15 octobre 2025\nPour le pr\u00e9fet et par d\u00e9l\u00e9gation,\nLe secr\u00e9taire g\u00e9n\u00e9ral,\nSign\u00e9 : Jean-Philippe DARGENT\n3\n09 - DIRECTION DE LA CITOYENNETE ET DE LA LEGALITE - 09-2025-10-15-00002 - Arr\u00eat\u00e9 pr\u00e9fectoral actant le nombre et la r\u00e9partition\ndes si\u00e8ges au sein de la communaut\u00e9 de communes Arize L\u00e8ze, en application du droit commun, \u00e0 compter du prochain\nrenouvellement des conseillers municipaux de mars 2026 9\nEPR\u00c9FET _DE L'ARI\u00c8GELibert\u00e9Egalit\u00e9Fraternit\u00e9\nDirection de la citoyennet\u00e9 et de la l\u00e9galit\u00e9\nBureau des collectivit\u00e9s locales\nML\nArr\u00eat\u00e9 pr\u00e9fectoral actant le nombre et la r\u00e9partition des si\u00e8ges au sein de la communaut\u00e9 de \ncommunes Couserans Pyr\u00e9n\u00e9es, en application du droit commun, \u00e0 compter du prochain \nrenouvellement des conseils municipaux de mars 2026\nLe pr\u00e9fet de l'Ari\u00e8ge\nVu le code g\u00e9n\u00e9ral des collectivit\u00e9s territoriales (CGCT) et notamment l'article L.5211-6-1 ;\nVu l'arr\u00eat\u00e9 pr\u00e9fectoral en date du 18 novembre 2016 portant cr\u00e9ation de la communaut\u00e9 de  \ncommunes Couserans Pyr\u00e9n\u00e9es modifi\u00e9 ;\nConsid\u00e9rant qu'en application du VII de l'article L.5211-6-1, les conseils municipaux des communes  \nmembres de la communaut\u00e9 de communes Couserans Pyr\u00e9n\u00e9es pouvaient jusqu'au 31 ao\u00fbt 2025  \nd\u00e9lib\u00e9rer  sur  un  nombre  et  une  r\u00e9partition  des  si\u00e8ges  par  un  accord  local  au  sein  du  conseil \ncommunautaire dans les conditions de majorit\u00e9 d\u00e9finies au 2\u00b0 du I de l'article L.5211-6-1 ; \nConsid\u00e9rant qu'aucune commune membre de la communaut\u00e9 de communes Couserans Pyr\u00e9n\u00e9es  \nn'a d\u00e9lib\u00e9r\u00e9 sur une r\u00e9partition par accord local ;\nConsid\u00e9rant qu'il convient ainsi de fixer le nombre et la r\u00e9partition des si\u00e8ges au sein du conseil  \ncommunautaire de la communaut\u00e9 de communes Couserans Pyr\u00e9n\u00e9es, en application du droit  \ncommun, conform\u00e9ment aux dispositions de l'article L 5211-6-1 II \u00e0 V du CGCT ; \nSur proposition de secr\u00e9taire g\u00e9n\u00e9ral de la pr\u00e9fecture de l'Ari\u00e8ge : \nARR\u00caTE\nArticle 1  er     :\nLe  nombre  de  si\u00e8ges  au  sein  du  conseil  communautaire  de  la  communaut\u00e9  de  communes  \nCouserans Pyr\u00e9n\u00e9es, en application du droit commun, est fix\u00e9 \u00e0 123 selon la r\u00e9partition suivante :\nCommunes Population municipale\nau 1er janvier 2025\nNombre de \nsi\u00e8ges\nSaint-Girons 6 129 hab 18\nLorp-Sentaraille 1 392 hab 4\nSaint-Lizier 1 384 hab 4\nMontjoie-en-Couserans 1 001 hab 2\nLa Bastide-de-S\u00e9rou 972 hab 2\nPrat-Bonrepaux 858 hab 2\nMoulis 796 hab 2\nSeix 743 hab 2\n2 rue de la Pr\u00e9fecture - Pr\u00e9fet Claude - Erignac B.P. 40087 - 09007 Foix Cedex \u2013 T\u00e9l : 05 61 02 10  00\nSite internet : www.ariege.gouv.fr\n09 - DIRECTION DE LA CITOYENNETE ET DE LA LEGALITE - 09-2025-10-15-00003 - Arr\u00eat\u00e9 pr\u00e9fectoral actant le nombre et la r\u00e9partition\ndes si\u00e8ges au sein de la communaut\u00e9 de communes Couserans Pyr\u00e9n\u00e9es, en application du droit commun, \u00e0 compter du prochain\nrenouvellement des conseillers municipaux de mars 2026 10\nMassat 741 hab 2\nSainte-Croix-Volvestre 652 hab 1\nErc\u00e9 580 hab 1\nOust 574 hab 1\nRimont 542 hab 1\nEycheil 530 hab 1\nLescure 483 hab 1\nCastelnau-Durban 458 hab 1\nCastillon-en-Couserans 433 hab 1\nSoueix-Rogalle 425 hab 1\nSoulan 391 hab 1\nBetchat 356 hab 1\nFabas 353 hab 1\nMercenac 352 hab 1\nCaumont 338 hab 1\nGajan 330 hab 1\nEngomer 314 hab 1\nBiert 307 hab 1\nAlzen 265 hab 1\nMontesquieu-Avant\u00e8s 261 hab 1\nUstou 259 hab 1\nLasserre 252 hab 1\nBoussenac 243 hab 1\nMontardit 223 hab 1\nBordes-Uchentein 216 hab 1\nCadarcet 214 hab 1\nTaurignan-Vieux 206 hab 1\nLa Bastide-du-Salat 202 hab 1\nLacourt 201 hab 1\nBalagu\u00e8res 197 hab 1\nArgein 192 hab 1\nCazavet 192 hab 1\nRiverenert 192 hab 1\nDurban-sur-Arize 179 hab 1\nEsplas-de-S\u00e9rou 171 hab 1\nSentein 170 hab 1\n4\n09 - DIRECTION DE LA CITOYENNETE ET DE LA LEGALITE - 09-2025-10-15-00003 - Arr\u00eat\u00e9 pr\u00e9fectoral actant le nombre et la r\u00e9partition\ndes si\u00e8ges au sein de la communaut\u00e9 de communes Couserans Pyr\u00e9n\u00e9es, en application du droit commun, \u00e0 compter du prochain\nrenouvellement des conseillers municipaux de mars 2026 11\nLe Port 167 hab 1\nTourtouse 165 hab 1\nOrgibet 164 hab 1\nCescau 162 hab 1\nTaurignan-Castet 160 hab 1\nMontels 157 hab 1\nSaint-Lary 147 hab 1\nAudressein 146 hab 1\nAulus-les-Bains 146 hab 1\nC\u00e9rizols 140 hab 1\nAleu 132 hab 1\nErp 132 hab 1\nBonac-Irazein 125 hab 1\nArrien-en-Bethmale 123 hab 1\nClermont 118 hab 1\nAlos 116 hab 1\nLacave 116 hab 1\nGaley 113 hab 1\nM\u00e9rigon 113 hab 1\nMontgauch 112 hab 1\nSentenac-d'Oust 105 hab 1\nCouflens 103 hab 1\nMontseron 103 hab 1\nBethmale 100 hab 1\nMauvezin-de-Prat 99 hab 1\nEncourtiech 98 hab 1\nArrout 92 hab 1\nMontagagne 82 hab 1\nAugirein 80 hab 1\nB\u00e9deille 76 hab 1\nAlli\u00e8res 75 hab 1\nAntras 74 hab 1\nIllartein 73 hab 1\nMont\u00e9gut-en-Couserans 73 hab 1\nContrazy 71 hab 1\nAucazein 62 hab 1\n4\n09 - DIRECTION DE LA CITOYENNETE ET DE LA LEGALITE - 09-2025-10-15-00003 - Arr\u00eat\u00e9 pr\u00e9fectoral actant le nombre et la r\u00e9partition\ndes si\u00e8ges au sein de la communaut\u00e9 de communes Couserans Pyr\u00e9n\u00e9es, en application du droit commun, \u00e0 compter du prochain\nrenouvellement des conseillers municipaux de mars 2026 12\nLarbont 60 hab 1\nAigues-Juntes 59 hab 1\nNescus 58 hab 1\nMauvezin-de-Sainte-Croix 52 hab 1\nBalacet 47 hab 1\nSentenac-de-S\u00e9rou 47 hab 1\nSalsein 46 hab 1\nBarjac 43 hab 1\nVilleneuve 42 hab 1\nBagert 41 hab 1\nBuzan 40 hab 1\nSaint-Jean-du-Cast 28 hab 1\nSor 28 hab 1\nSuzan 24 hab 1\nArticle 2 : \nLes dispositions de l'article 1 entreront en vigueur \u00e0 compter du prochain renouvellement des  \nconseils municipaux de mars 2026.\nArticle 3 :\nLe pr\u00e9sent arr\u00eat\u00e9 peut faire l'objet d'un recours devant le tribunal administratif de Toulouse  \ndans un d\u00e9lai de 2 mois \u00e0 compter de sa publication au recueil des actes administratifs de la  \npr\u00e9fecture de l'Ari\u00e8ge.\nArticle 4 : \nLe  secr\u00e9taire  g\u00e9n\u00e9ral  de  la  pr\u00e9fecture  de  l'Ari\u00e8ge,  Mme  la  sous-pr\u00e9f\u00e8te  de  Saint-Girons,  le \npr\u00e9sident de la communaut\u00e9 de communes Couserans-Pyr\u00e9n\u00e9es et les collectivit\u00e9s membres  \nsont charg\u00e9s, chacun en ce qui le concerne, de l'ex\u00e9cution du pr\u00e9sent arr\u00eat\u00e9 qui sera affich\u00e9 au  \nsi\u00e8ge de la communaut\u00e9 de communes Couserans Pyr\u00e9n\u00e9es et dans les collectivit\u00e9s membres et \npubli\u00e9 au Recueil des actes administratifs de la pr\u00e9fecture de l'Ari\u00e8ge\nFait \u00e0 Foix, le 15 octobre 2025\nPour le pr\u00e9fet et par d\u00e9l\u00e9gation,\nLe secr\u00e9taire g\u00e9n\u00e9ral,\nSign\u00e9 : Jean-Philippe DARGENT\n4\n09 - DIRECTION DE LA CITOYENNETE ET DE LA LEGALITE - 09-2025-10-15-00003 - Arr\u00eat\u00e9 pr\u00e9fectoral actant le nombre et la r\u00e9partition\ndes si\u00e8ges au sein de la communaut\u00e9 de communes Couserans Pyr\u00e9n\u00e9es, en application du droit commun, \u00e0 compter du prochain\nrenouvellement des conseillers municipaux de mars 2026 13\nEPR\u00c9FET _DE L'ARI\u00c8GELibert\u00e9Egalit\u00e9Fraternit\u00e9\nDirection de la citoyennet\u00e9 et de la l\u00e9galit\u00e9\nBureau des collectivit\u00e9s locales\nML\nArr\u00eat\u00e9 pr\u00e9fectoral actant le nombre et la r\u00e9partition des si\u00e8ges au sein de la communaut\u00e9 de \ncommunes de la Haute-Ari\u00e8ge, en application du droit commun, \u00e0 compter du prochain \nrenouvellement des conseils municipaux de mars 2026\nLe pr\u00e9fet de l'Ari\u00e8ge\nVu le code g\u00e9n\u00e9ral des collectivit\u00e9s territoriales (CGCT) et notamment l'article L.5211-6-1 ;\nVu l'arr\u00eat\u00e9 pr\u00e9fectoral en date du 27 septembre 2016 portant cr\u00e9ation de la communaut\u00e9 de  \ncommunes de la Haute-Ari\u00e8ge modifi\u00e9 ;\nConsid\u00e9rant qu'en application du VII de l'article L.5211-6-1, les conseils municipaux des communes  \nmembres de la communaut\u00e9 de communes de la Haute-Ari\u00e8ge pouvaient jusqu'au 31 ao\u00fbt 2025  \nd\u00e9lib\u00e9rer  sur  un  nombre  et  une  r\u00e9partition  des  si\u00e8ges  par  un  accord  local  au  sein  du  conseil \ncommunautaire dans les conditions de majorit\u00e9 d\u00e9finies au 2\u00b0 du I de l'article L.5211-6-1 ; \nConsid\u00e9rant qu'aucune commune membre de la communaut\u00e9 de communes de la Haute-Ari\u00e8ge  \nn'a d\u00e9lib\u00e9r\u00e9 sur une r\u00e9partition par accord local ;\nConsid\u00e9rant qu'il convient ainsi de fixer le nombre et la r\u00e9partition des si\u00e8ges au sein du conseil  \ncommunautaire de la communaut\u00e9 de communes de la Haute-Ari\u00e8ge, en application du droit  \ncommun, conform\u00e9ment aux dispositions de l'article L 5211-6-1 II \u00e0 V du CGCT ; \nSur proposition de secr\u00e9taire g\u00e9n\u00e9ral de la pr\u00e9fecture de l'Ari\u00e8ge : \nARR\u00caTE\nArticle 1  er     :\nLe nombre de si\u00e8ges au sein du conseil communautaire de la communaut\u00e9 de communes de la  \nHaute-Ari\u00e8ge, en application du droit commun, est fix\u00e9 \u00e0 70 selon la r\u00e9partition suivante :\nCommunes Population municipale\nau 1er janvier 2025\nNombre de \nsi\u00e8ges\nAx-les-Thermes 1277 hab 9\nVal-de-Sos 571 hab 4\nAuzat 562 hab 4\nLuzenac 514 hab 3\nSavignac-les-Ormeaux 397 hab 3\nLes Cabannes 330 hab 2\nPerles-et-Castelet 219 hab 1\nVerdun 208 hab 1\n2 rue de la Pr\u00e9fecture - Pr\u00e9fet Claude - Erignac B.P. 40087 - 09007 Foix Cedex \u2013 T\u00e9l : 05 61 02 10  00\nSite internet : www.ariege.gouv.fr\n09 - DIRECTION DE LA CITOYENNETE ET DE LA LEGALITE - 09-2025-10-15-00004 - Arr\u00eat\u00e9 pr\u00e9fectoral actant le nombre et la r\u00e9partition\ndes si\u00e8ges au sein de la communaut\u00e9 de communes de la Haute-Ari\u00e8ge, en application du droit commun, \u00e0 compter du prochain\nrenouvellement des conseillers municipaux de mars 2026 14\nAston 193 hab 1\nM\u00e9rens-les-Vals 168 hab 1\nOrlu 164 hab 1\nAulos-Sinsat 157 hab 1\nGaranou 146 hab 1\nQu\u00e9rigut 137 hab 1\nUnac 127 hab 1\nIgnaux 126 hab 1\nAlbi\u00e8s 122 hab 1\nAscou 115 hab 1\nV\u00e8bre 115 hab 1\nOrgeix 101 hab 1\nL'Hospitalet-pr\u00e8s-l'Andorre 95 hab 1\nSiguer 95 hab 1\nSorgeat 90 hab 1\nRouze 85 hab 1\nLassur 84 hab 1\nCarcani\u00e8res 71 hab 1\nLordat 63 hab 1\nPla (Le) 61 hab 1\nMijan\u00e8s 58 hab 1\nLarcat 49 hab 1\nCaussou 47 hab 1\nPrades 46 hab 1\nBouan 41 hab 1\nCh\u00e2teau-Verdun 41 hab 1\nAxiat 39 hab 1\nIllier-Laramade 38 hab 1\nPech 37 hab 1\nGesties 36 hab 1\nVaychis 35 hab 1\nArtigues 32 hab 1\nBestiac 30 hab 1\nAppy 28 hab 1\nPuch (Le) 28 hab 1\nUrs 27 hab 1\n3\n09 - DIRECTION DE LA CITOYENNETE ET DE LA LEGALITE - 09-2025-10-15-00004 - Arr\u00eat\u00e9 pr\u00e9fectoral actant le nombre et la r\u00e9partition\ndes si\u00e8ges au sein de la communaut\u00e9 de communes de la Haute-Ari\u00e8ge, en application du droit commun, \u00e0 compter du prochain\nrenouvellement des conseillers municipaux de mars 2026 15\nOrus 24 hab 1\nVernaux 24 hab 1\nTignac 20 hab 1\nCaychax-et-Senconac 20 hab 1\nLarnat 19 hab 1\nMontaillou 17 hab 1\nLercoul 14 hab 1\nArticle 2 : \nLes dispositions de l'article 1 entreront en vigueur \u00e0 compter du prochain renouvellement des  \nconseils municipaux de mars 2026.\nArticle 3 :\nLe pr\u00e9sent arr\u00eat\u00e9 peut faire l'objet d'un recours devant le tribunal administratif de Toulouse  \ndans un d\u00e9lai de 2 mois \u00e0 compter de sa publication au recueil des actes administratifs de la  \npr\u00e9fecture de l'Ari\u00e8ge.\nArticle 4 : \nLe secr\u00e9taire g\u00e9n\u00e9ral de la pr\u00e9fecture de l'Ari\u00e8ge, le pr\u00e9sident de la communaut\u00e9 de communes  \nde la Haute-Ari\u00e8ge et les collectivit\u00e9s membres sont charg\u00e9s, chacun en ce qui le concerne, de  \nl'ex\u00e9cution du pr\u00e9sent arr\u00eat\u00e9 qui sera affich\u00e9 au si\u00e8ge de la communaut\u00e9 de communes de la  \nHaute-Ari\u00e8ge et dans les collectivit\u00e9s membres et publi\u00e9 au Recueil des actes administratifs de  \nla pr\u00e9fecture de l'Ari\u00e8ge\nFait \u00e0 Foix, le 15 octobre 2025\nPour le pr\u00e9fet et par d\u00e9l\u00e9gation,\nLe secr\u00e9taire g\u00e9n\u00e9ral,\nSign\u00e9 : Jean-Philippe DARGENT\n3\n09 - DIRECTION DE LA CITOYENNETE ET DE LA LEGALITE - 09-2025-10-15-00004 - Arr\u00eat\u00e9 pr\u00e9fectoral actant le nombre et la r\u00e9partition\ndes si\u00e8ges au sein de la communaut\u00e9 de communes de la Haute-Ari\u00e8ge, en application du droit commun, \u00e0 compter du prochain\nrenouvellement des conseillers municipaux de mars 2026 16\nEPR\u00c9FET _DE L'ARI\u00c8GELibert\u00e9Egalit\u00e9Fraternit\u00e9\nDirection de la citoyennet\u00e9 et de la l\u00e9galit\u00e9\nBureau des collectivit\u00e9s locales\nML\nArr\u00eat\u00e9 pr\u00e9fectoral actant le nombre et la r\u00e9partition des si\u00e8ges au sein de la communaut\u00e9 de \ncommunes des Portes d'Ari\u00e8ge Pyr\u00e9n\u00e9es, en application du droit commun, \u00e0 compter du prochain \nrenouvellement des conseils municipaux de mars 2026\nLe pr\u00e9fet de l'Ari\u00e8ge\nVu le code g\u00e9n\u00e9ral des collectivit\u00e9s territoriales (CGCT) et notamment l'article L.5211-6-1 ;\nVu  l'arr\u00eat\u00e9  pr\u00e9fectoral  en  date  du  5  octobre  2016  portant  cr\u00e9ation  de  la  communaut\u00e9  de  \ncommunes des Portes d'Ari\u00e8ge Pyr\u00e9n\u00e9es modifi\u00e9 ;\nConsid\u00e9rant qu'en application du VII de l'article L.5211-6-1, les conseils municipaux des communes  \nmembres de la communaut\u00e9 de communes des Portes d'Ari\u00e8ge Pyr\u00e9n\u00e9es pouvaient jusqu'au 31  \nao\u00fbt 2025 d\u00e9lib\u00e9rer sur un nombre et une r\u00e9partition des si\u00e8ges par un accord local au sein du  \nconseil communautaire dans les conditions de majorit\u00e9 d\u00e9finies au 2\u00b0 du I de l'article L.5211-6-1 ; \nConsid\u00e9rant qu'aucune commune membre de la communaut\u00e9 de communes des Portes d'Ari\u00e8ge  \nPyr\u00e9n\u00e9es n'a d\u00e9lib\u00e9r\u00e9 sur une r\u00e9partition par accord local ;\nConsid\u00e9rant qu'il convient ainsi de fixer le nombre et la r\u00e9partition des si\u00e8ges au sein du conseil  \ncommunautaire de la communaut\u00e9 de communes des Portes d'Ari\u00e8ge Pyr\u00e9n\u00e9es, en application du  \ndroit commun, conform\u00e9ment aux dispositions de l'article L 5211-6-1 II \u00e0 V du CGCT ; \nSur proposition de secr\u00e9taire g\u00e9n\u00e9ral de la pr\u00e9fecture de l'Ari\u00e8ge : \nARR\u00caTE\nArticle 1  er     :\nLe nombre de si\u00e8ges au sein du conseil communautaire de la communaut\u00e9 de communes des  \nPortes  d'Ari\u00e8ge  Pyr\u00e9n\u00e9es,  en  application  du  droit  commun,  est  fix\u00e9  \u00e0  72  selon  la  r\u00e9partition  \nsuivante :\nCommunes Population municipale\nau 1er janvier 2025\nNombre de \nsi\u00e8ges\nPamiers 16 512 hab 24\nSaverdun 4 808  hab 6\nMaz\u00e8res 3 866  hab 5\nTour du Crieu (La) 3 268  hab 4\nSt-Jean du Falga 2 864  hab 4\nPujols (Les) 862  hab 1\nBonnac 789  hab 1\n2 rue de la Pr\u00e9fecture - Pr\u00e9fet Claude - Erignac B.P. 40087 - 09007 Foix Cedex \u2013 T\u00e9l : 05 61 02 10  00\nSite internet : www.ariege.gouv.fr\n09 - DIRECTION DE LA CITOYENNETE ET DE LA LEGALITE - 09-2025-10-15-00005 - Arr\u00eat\u00e9 pr\u00e9fectoral actant le nombre et la r\u00e9partition\ndes si\u00e8ges au sein de la communaut\u00e9 de communes des Portes d'Ari\u00e8ge Pyr\u00e9n\u00e9es, en application du droit commun, \u00e0 compter du\nprochain renouvellement des conseillers municipaux de mars 2026 17\nVilleneuve du Par\u00e9age 752  hab 1\nMontaut 694  hab 1\nVernet (Le) 693  hab 1\nB\u00e9nagues 502  hab 1\nB\u00e9zac 476  hab 1\nSaint-Quirc 369  hab 1\nEscosse 362  hab 1\nBastide de Lordat (La) 310  hab 1\nCarlaret (Le) 286  hab 1\nMadi\u00e8re 272  hab 1\nSt-Amadou 272  hab 1\nIssards 253  hab 1\nSt-Martin d'Oydes 251  hab 1\nLissac 240  hab 1\nArvigna 237  hab 1\nGaudi\u00e8s 235  hab 1\nSt-Victor Rouzaud 215  hab 1\nCant\u00e9 212  hab 1\nBrie 206  hab 1\nLabatut 177  hab 1\nUnzent 119  hab 1\nEsplas 105  hab 1\nTr\u00e9moulet 105  hab 1\nLudi\u00e8s 99  hab 1\nSt Michel 91  hab 1\nLescousse 82  hab 1\nJustiniac 58  hab 1\nArticle 2 : \nLes dispositions de l'article 1 entreront en vigueur \u00e0 compter du prochain renouvellement des  \nconseils municipaux de mars 2026.\nArticle 3 :\nLe pr\u00e9sent arr\u00eat\u00e9 peut faire l'objet d'un recours devant le tribunal administratif de Toulouse  \ndans un d\u00e9lai de 2 mois \u00e0 compter de sa publication au recueil des actes administratifs de la  \npr\u00e9fecture de l'Ari\u00e8ge.\n3\n09 - DIRECTION DE LA CITOYENNETE ET DE LA LEGALITE - 09-2025-10-15-00005 - Arr\u00eat\u00e9 pr\u00e9fectoral actant le nombre et la r\u00e9partition\ndes si\u00e8ges au sein de la communaut\u00e9 de communes des Portes d'Ari\u00e8ge Pyr\u00e9n\u00e9es, en application du droit commun, \u00e0 compter du\nprochain renouvellement des conseillers municipaux de mars 2026 18\nArticle 4 : \nLe secr\u00e9taire g\u00e9n\u00e9ral de la pr\u00e9fecture de l'Ari\u00e8ge, la sous-pr\u00e9f\u00e8te de Pamiers, le pr\u00e9sident de la  \ncommunaut\u00e9 de communes des Portes d'Ari\u00e8ge Pyr\u00e9n\u00e9es et les collectivit\u00e9s membres sont  \ncharg\u00e9s, chacun en ce qui le concerne, de l'ex\u00e9cution du pr\u00e9sent arr\u00eat\u00e9 qui sera affich\u00e9 au si\u00e8ge  \nde  la  communaut\u00e9  de  communes  des  Portes  d'Ari\u00e8ge  Pyr\u00e9n\u00e9es  et  dans  les  collectivit\u00e9s  \nmembres et publi\u00e9 au Recueil des actes administratifs de la pr\u00e9fecture de l'Ari\u00e8ge\nFait \u00e0 Foix, le 15 octobre 2025\nPour le pr\u00e9fet et par d\u00e9l\u00e9gation,\nLe secr\u00e9taire g\u00e9n\u00e9ral,\nSign\u00e9 : Jean-Philippe DARGENT\n3\n09 - DIRECTION DE LA CITOYENNETE ET DE LA LEGALITE - 09-2025-10-15-00005 - Arr\u00eat\u00e9 pr\u00e9fectoral actant le nombre et la r\u00e9partition\ndes si\u00e8ges au sein de la communaut\u00e9 de communes des Portes d'Ari\u00e8ge Pyr\u00e9n\u00e9es, en application du droit commun, \u00e0 compter du\nprochain renouvellement des conseillers municipaux de mars 2026 19\nEPR\u00c9FET _DE L'ARI\u00c8GELibert\u00e9Egalit\u00e9Fraternit\u00e9\nDirection de la citoyennet\u00e9 et de la l\u00e9galit\u00e9\nBureau des collectivit\u00e9s locales\nML\nArr\u00eat\u00e9 pr\u00e9fectoral actant le nombre et la r\u00e9partition des si\u00e8ges au sein de la communaut\u00e9 de \ncommunes Pays d'Olmes, en application du droit commun, \u00e0 compter du prochain renouvellement \ndes conseils municipaux de mars 2026\nLe pr\u00e9fet de l'Ari\u00e8ge\nVu le code g\u00e9n\u00e9ral des collectivit\u00e9s territoriales (CGCT) et notamment l'article L.5211-6-1 ;\nVu l'arr\u00eat\u00e9 pr\u00e9fectoral en date du 26 d\u00e9cembre 1995 portant cr\u00e9ation de la communaut\u00e9 de  \ncommunes du Pays d'Olmes modifi\u00e9 ;\nConsid\u00e9rant qu'en application du VII de l'article L.5211-6-1, les conseils municipaux des communes  \nmembres de la communaut\u00e9 de communes du Pays d'Olmes pouvaient jusqu'au 31 ao\u00fbt 2025  \nd\u00e9lib\u00e9rer  sur  un  nombre  et  une  r\u00e9partition  des  si\u00e8ges  par  un  accord  local  au  sein  du  conseil \ncommunautaire dans les conditions de majorit\u00e9 d\u00e9finies au 2\u00b0 du I de l'article L.5211-6-1 ; \nConsid\u00e9rant qu'aucune commune membre de la communaut\u00e9 de communes du Pays d'Olmes n'a  \nd\u00e9lib\u00e9r\u00e9 sur une r\u00e9partition par accord local ;\nConsid\u00e9rant qu'il convient ainsi de fixer le nombre et la r\u00e9partition des si\u00e8ges au sein du conseil  \ncommunautaire  de  la  communaut\u00e9  de  communes  du  Pays  d'Olmes,  en  application  du  droit  \ncommun, conform\u00e9ment aux dispositions de l'article L 5211-6-1 II \u00e0 V du CGCT ; \nSur proposition de secr\u00e9taire g\u00e9n\u00e9ral de la pr\u00e9fecture de l'Ari\u00e8ge : \nARR\u00caTE\nArticle 1  er     :\nLe nombre de si\u00e8ges au sein du conseil communautaire de la communaut\u00e9 de communes du Pays  \nd'Olmes, en application du droit commun, est fix\u00e9 \u00e0 48 selon la r\u00e9partition suivante :\nCommunes Population municipale\nau 1er janvier 2025\nNombre de \nsi\u00e8ges\nLavelanet 6 018 hab 17\nLaroque d'Olmes 2 414 hab 6\nB\u00e9lesta 1 085 hab 3\nVilleneuve d'Olmes 962 hab 2\nMontferrier 544 hab 1\nFougax-et-Barrineuf 430 hab 1\nL'Aiguillon 375 hab 1\nSaint-Jean d'Aigues Vives 370 hab 1\n2 rue de la Pr\u00e9fecture - Pr\u00e9fet Claude - Erignac B.P. 40087 - 09007 Foix Cedex \u2013 T\u00e9l : 05 61 02 10  00\nSite internet : www.ariege.gouv.fr\n09 - DIRECTION DE LA CITOYENNETE ET DE LA LEGALITE - 09-2025-10-15-00007 - Arr\u00eat\u00e9 pr\u00e9fectoral actant le nombre et la r\u00e9partition\ndes si\u00e8ges au sein de la communaut\u00e9 de communes Pays d'Olmes, en application du droit commun, \u00e0 compter du prochain\nrenouvellement des conseillers municipaux de mars 2026 20\nDreuilhe 363 hab 1\nTabre 342 hab 1\nLesparrou 233 hab 1\nP\u00e9reille 186 hab 1\nLieurac 180 hab 1\nLe Carla de Roquefort 166 hab 1\nB\u00e9naix 151 hab 1\nRoquefixade 150 hab 1\nLe Sautel 127 hab 1\nIlhat 124 hab 1\nMonts\u00e9gur 116 hab 1\nLeychert 112 hab 1\nNalzen 112 hab 1\nRoquefort-les-Cascades 83 hab 1\nFreychenet 82 hab 1\nRaissac 49 hab 1\nArticle 2 : \nLes dispositions de l'article 1 entreront en vigueur \u00e0 compter du prochain renouvellement des  \nconseils municipaux de mars 2026.\nArticle 3 :\nLe pr\u00e9sent arr\u00eat\u00e9 peut faire l'objet d'un recours devant le tribunal administratif de Toulouse  \ndans un d\u00e9lai de 2 mois \u00e0 compter de sa publication au recueil des actes administratifs de la  \npr\u00e9fecture de l'Ari\u00e8ge.\nArticle 4 : \nLe secr\u00e9taire g\u00e9n\u00e9ral de la pr\u00e9fecture de l'Ari\u00e8ge, la sous-pr\u00e9f\u00e8te de Pamiers, le pr\u00e9sident de la  \ncommunaut\u00e9 de communes du Pays d'Olmes et les collectivit\u00e9s membres sont charg\u00e9s, chacun  \nen  ce  qui  le  concerne,  de  l'ex\u00e9cution  du  pr\u00e9sent  arr\u00eat\u00e9  qui  sera  affich\u00e9  au  si\u00e8ge  de  la  \ncommunaut\u00e9 de communes du Pays d'Olmes et dans les collectivit\u00e9s membres et publi\u00e9 au  \nRecueil des actes administratifs de la pr\u00e9fecture de l'Ari\u00e8ge.\nFait \u00e0 Foix, le 15 octobre 2025\nPour le pr\u00e9fet et par d\u00e9l\u00e9gation,\nLe secr\u00e9taire g\u00e9n\u00e9ral,\nSign\u00e9 : Jean-Philippe DARGENT\n2\n09 - DIRECTION DE LA CITOYENNETE ET DE LA LEGALITE - 09-2025-10-15-00007 - Arr\u00eat\u00e9 pr\u00e9fectoral actant le nombre et la r\u00e9partition\ndes si\u00e8ges au sein de la communaut\u00e9 de communes Pays d'Olmes, en application du droit commun, \u00e0 compter du prochain\nrenouvellement des conseillers municipaux de mars 2026 21\nEPR\u00c9FET _DE L'ARI\u00c8GELibert\u00e9Egalit\u00e9Fraternit\u00e9\nDirection de la citoyennet\u00e9 et de la l\u00e9galit\u00e9\nBureau des collectivit\u00e9s locales\nML\nArr\u00eat\u00e9 pr\u00e9fectoral actant le nombre et la r\u00e9partition des si\u00e8ges au sein de la communaut\u00e9 de \ncommunes Pays de Mirepoix, en application du droit commun, \u00e0 compter du prochain \nrenouvellement des conseils municipaux de mars 2026\nLe pr\u00e9fet de l'Ari\u00e8ge\nVu le code g\u00e9n\u00e9ral des collectivit\u00e9s territoriales (CGCT) et notamment l'article L.5211-6-1 ;\nVu l'arr\u00eat\u00e9 pr\u00e9fectoral en date du 31 d\u00e9cembre 2013 portant cr\u00e9ation de la communaut\u00e9 de  \ncommunes du Pays de Mirepoix modifi\u00e9 ;\nConsid\u00e9rant qu'en application du VII de l'article L.5211-6-1, les conseils municipaux des communes  \nmembres de la communaut\u00e9 de communes du Pays de Mirepoix pouvaient jusqu'au 31 ao\u00fbt 2025  \nd\u00e9lib\u00e9rer  sur  un  nombre  et  une  r\u00e9partition  des  si\u00e8ges  par  un  accord  local  au  sein  du  conseil \ncommunautaire dans les conditions de majorit\u00e9 d\u00e9finies au 2\u00b0 du I de l'article L.5211-6-1 ;  \nConsid\u00e9rant qu'aucune commune membre de la communaut\u00e9 de communes du Pays de Mirepoix  \nn'a d\u00e9lib\u00e9r\u00e9 sur une r\u00e9partition par accord local ;\nConsid\u00e9rant qu'il convient ainsi de fixer le nombre et la r\u00e9partition des si\u00e8ges au sein du conseil  \ncommunautaire de la communaut\u00e9 de communes du Pays de Mirepoix, en application du droit  \ncommun, conform\u00e9ment aux dispositions de l'article L 5211-6-1 II \u00e0 V du CGCT ; \nSur proposition de secr\u00e9taire g\u00e9n\u00e9ral de la pr\u00e9fecture de l'Ari\u00e8ge : \nARR\u00caTE\nArticle 1  er     :\nLe nombre de si\u00e8ges au sein du conseil communautaire de la communaut\u00e9 de communes du Pays  \nde Mirepoix, en application du droit commun, est fix\u00e9 \u00e0 55 selon la r\u00e9partition suivante :\nCommunes Population municipale\nau 1er janvier 2025\nNombre de \nsi\u00e8ges\nMirepoix 3106 hab 14\nRieucros 720 hab 3\nLa Bastide-sur-l'Hers 676 hab 3\nDun 650 hab 3\nAigues-Vives 631 hab 2\nL\u00e9ran 616 hab 2\nLe Peyrat 496 hab 2\nLa Bastide-de-Bousignac 336 hab 1\n2 rue de la Pr\u00e9fecture - Pr\u00e9fet Claude - Erignac B.P. 40087 - 09007 Foix Cedex \u2013 T\u00e9l : 05 61 02 10  00\nSite internet : www.ariege.gouv.fr\n09 - DIRECTION DE LA CITOYENNETE ET DE LA LEGALITE - 09-2025-10-15-00006 - Arr\u00eat\u00e9 pr\u00e9fectoral actant le nombre et la r\u00e9partition\ndes si\u00e8ges au sein de la communaut\u00e9 de communes Pays de Mirepoix, en application du droit commun, \u00e0 compter du prochain\nrenouvellement des conseillers municipaux de mars 2026 22\nSaint-Quentin-la-Tour 320 hab 1\nTourtrol 247 hab 1\nMoulin-Neuf 235 hab 1\nLagarde 210 hab 1\nCoutens 179 hab 1\nRoumengoux 169 hab 1\nBesset 165 hab 1\nTeilhet 162 hab 1\nVivi\u00e8s 156 hab 1\nCamon 152 hab 1\nSaint-F\u00e9lix-de-Tournegat 152 hab 1\nManses 128 hab 1\nEsclagne 121 hab 1\nLapenne 120 hab 1\nLimbrassac 119 hab 1\nTroye d'Ari\u00e8ge 110 hab 1\nR\u00e9gat 94 hab 1\nMontbel 93 hab 1\nVals 87 hab 1\nBelloc 84 hab 1\nSaint-Julien-de-Gras-Capou 83 hab 1\nCazals-des-Bayles 56 hab 1\nPradettes 44 hab 1\nMalegoude 37 hab 1\nSainte-Foi 30 hab 1\nArticle 2 : \nLes dispositions de l'article 1 entreront en vigueur \u00e0 compter du prochain renouvellement des  \nconseils municipaux de mars 2026.\nArticle 3 :\nLe pr\u00e9sent arr\u00eat\u00e9 peut faire l'objet d'un recours devant le tribunal administratif de Toulouse  \ndans un d\u00e9lai de 2 mois \u00e0 compter de sa publication au recueil des actes administratifs de la  \npr\u00e9fecture de l'Ari\u00e8ge.\n3\n09 - DIRECTION DE LA CITOYENNETE ET DE LA LEGALITE - 09-2025-10-15-00006 - Arr\u00eat\u00e9 pr\u00e9fectoral actant le nombre et la r\u00e9partition\ndes si\u00e8ges au sein de la communaut\u00e9 de communes Pays de Mirepoix, en application du droit commun, \u00e0 compter du prochain\nrenouvellement des conseillers municipaux de mars 2026 23\nArticle 4 : \nLe secr\u00e9taire g\u00e9n\u00e9ral de la pr\u00e9fecture de l'Ari\u00e8ge, la sous-pr\u00e9f\u00e8te de Pamiers, le pr\u00e9sident de la  \ncommunaut\u00e9 de communes du Pays de Mirepoix et les collectivit\u00e9s membres sont charg\u00e9s,  \nchacun en ce qui le concerne, de l'ex\u00e9cution du pr\u00e9sent arr\u00eat\u00e9 qui sera affich\u00e9 au si\u00e8ge de la  \ncommunaut\u00e9 de communes du Pays de Mirepoix et dans les collectivit\u00e9s membres et publi\u00e9 au  \nRecueil des actes administratifs de la pr\u00e9fecture de l'Ari\u00e8ge.\nFait \u00e0 Foix, le 15 octobre 2025\nPour le pr\u00e9fet et par d\u00e9l\u00e9gation,\nLe secr\u00e9taire g\u00e9n\u00e9ral,\nSign\u00e9 : Jean-Philippe DARGENT\n3\n09 - DIRECTION DE LA CITOYENNETE ET DE LA LEGALITE - 09-2025-10-15-00006 - Arr\u00eat\u00e9 pr\u00e9fectoral actant le nombre et la r\u00e9partition\ndes si\u00e8ges au sein de la communaut\u00e9 de communes Pays de Mirepoix, en application du droit commun, \u00e0 compter du prochain\nrenouvellement des conseillers municipaux de mars 2026 24\nEPR\u00c9FET _DE L'ARI\u00c8GELibert\u00e9Egalit\u00e9Fraternit\u00e9\nDirection de la citoyennet\u00e9 et de la l\u00e9galit\u00e9\nBureau des collectivit\u00e9s locales\nML\nArr\u00eat\u00e9 pr\u00e9fectoral actant le nombre et la r\u00e9partition des si\u00e8ges au sein de la communaut\u00e9 de \ncommunes Pays de Tarascon, en application du droit commun, \u00e0 compter du prochain \nrenouvellement des conseils municipaux de mars 2026\nLe pr\u00e9fet de l'Ari\u00e8ge\nVu le code g\u00e9n\u00e9ral des collectivit\u00e9s territoriales (CGCT) et notamment l'article L.5211-6-1 ;\nVu l'arr\u00eat\u00e9 pr\u00e9fectoral en date du 21 juillet 1994 portant cr\u00e9ation de la communaut\u00e9 de communes  \ndu Pays de Tarascon modifi\u00e9 ;\nConsid\u00e9rant qu'en application du VII de l'article L.5211-6-1, les conseils municipaux des communes  \nmembres de la communaut\u00e9 de communes du Pays de Tarascon pouvaient jusqu'au 31 ao\u00fbt 2025  \nd\u00e9lib\u00e9rer  sur  un  nombre  et  une  r\u00e9partition  des  si\u00e8ges  par  un  accord  local  au  sein  du  conseil \ncommunautaire dans les conditions de majorit\u00e9 d\u00e9finies au 2\u00b0 du I de l'article L.5211-6-1 ; \nConsid\u00e9rant qu'aucune commune membre de la communaut\u00e9 de communes du Pays de Tarascon  \nn'a d\u00e9lib\u00e9r\u00e9 sur une r\u00e9partition par accord local ;\nConsid\u00e9rant qu'il convient ainsi de fixer le nombre et la r\u00e9partition des si\u00e8ges au sein du conseil  \ncommunautaire de la communaut\u00e9 de communes du Pays de Tarascon, en application du droit  \ncommun, conform\u00e9ment aux dispositions de l'article L 5211-6-1 II \u00e0 V du CGCT ; \nSur proposition de secr\u00e9taire g\u00e9n\u00e9ral de la pr\u00e9fecture de l'Ari\u00e8ge : \nARR\u00caTE\nArticle 1  er     :\nLe nombre de si\u00e8ges au sein du conseil communautaire de la communaut\u00e9 de communes du Pays  \nde Tarascon, en application du droit commun, est fix\u00e9 \u00e0 37 selon la r\u00e9partition suivante :\nCommunes Population municipale\nau 1er janvier 2025\nNombre de \nsi\u00e8ges\nTarascon-sur-Ari\u00e8ge 3 060 hab 12\nMercus-Garrabet 1 226 hab 5\nArignac 722 hab 2\nSaurat 697 hab 2\nRabat-les-trois-Seigneurs 368 hab 1\nSurba 333 hab 1\nUssat 308 hab 1\nQui\u00e9 298 hab 1\n2 rue de la Pr\u00e9fecture - Pr\u00e9fet Claude - Erignac B.P. 40087 - 09007 Foix Cedex \u2013 T\u00e9l : 05 61 02 10  00\nSite internet : www.ariege.gouv.fr\n09 - DIRECTION DE LA CITOYENNETE ET DE LA LEGALITE - 09-2025-10-15-00008 - Arr\u00eat\u00e9 pr\u00e9fectoral actant le nombre et la r\u00e9partition\ndes si\u00e8ges au sein de la communaut\u00e9 de communes Pays de Tarascon, en application du droit commun, \u00e0 compter du prochain\nrenouvellement des conseillers municipaux de mars 2026 25\nOrnolac-Ussat-les-Bains 248 hab 1\nArnave 214 hab 1\nBompas 200 hab 1\nBedeilhac-Aynat 195 hab 1\nCapoulet-Junac 191 hab 1\nNiaux 151 hab 1\nMiglos 132 hab 1\nGourbit 79 hab 1\nCazenave-Serres-et-Allens 61 hab 1\nAlliat 56 hab 1\nGenat 24 hab 1\nLap\u00e8ge 18 hab 1\nArticle 2 : \nLes dispositions de l'article 1 entreront en vigueur \u00e0 compter du prochain renouvellement des  \nconseils municipaux de mars 2026.\nArticle 3 :\nLe pr\u00e9sent arr\u00eat\u00e9 peut faire l'objet d'un recours devant le tribunal administratif de Toulouse  \ndans un d\u00e9lai de 2 mois \u00e0 compter de sa publication au recueil des actes administratifs de la  \npr\u00e9fecture de l'Ari\u00e8ge.\nArticle 4 : \nLe secr\u00e9taire g\u00e9n\u00e9ral de la pr\u00e9fecture de l'Ari\u00e8ge, le pr\u00e9sident de la communaut\u00e9 de communes  \ndu Pays de Tarascon et les collectivit\u00e9s membres sont charg\u00e9s, chacun en ce qui le concerne, de \nl'ex\u00e9cution du pr\u00e9sent arr\u00eat\u00e9 qui sera affich\u00e9 au si\u00e8ge de la communaut\u00e9 de communes du Pays  \nde Tarascon et dans les collectivit\u00e9s membres et publi\u00e9 au Recueil des actes administratifs de la  \npr\u00e9fecture de l'Ari\u00e8ge.\nFait \u00e0 Foix, le 15 octobre 2025\nPour le pr\u00e9fet et par d\u00e9l\u00e9gation,\nLe secr\u00e9taire g\u00e9n\u00e9ral,\nSign\u00e9 : Jean-Philippe DARGENT\n2\n09 - DIRECTION DE LA CITOYENNETE ET DE LA LEGALITE - 09-2025-10-15-00008 - Arr\u00eat\u00e9 pr\u00e9fectoral actant le nombre et la r\u00e9partition\ndes si\u00e8ges au sein de la communaut\u00e9 de communes Pays de Tarascon, en application du droit commun, \u00e0 compter du prochain\nrenouvellement des conseillers municipaux de mars 2026 26\nbnPREFET .DE L'ARI\u00c8GELibert\u00e9Egalit\u00e9Fraternit\u00e9\nPR\u00c9FECTURE\nD irection de la citoyennet\u00e9 et de la l\u00e9galit\u00e9\nBureau des collectivit\u00e9s territoriales\nML\nArr\u00eat\u00e9 pr\u00e9fectoral portant modification des statuts\nde la communaut\u00e9 de communes du Pays de Tarascon\nLe pr\u00e9fet de l'Ari\u00e8ge\nVu le code g\u00e9n\u00e9ral des collectivit\u00e9s territoriales et notamment les articles L 5211-17 et L 5211-20 ;\nVu l'arr\u00eat\u00e9 pr\u00e9fectoral en date du 21 juillet 1994 portant cr\u00e9ation de la communaut\u00e9 de\ncommunes du Pays de Tarascon modifi\u00e9 ; \nVu la d\u00e9lib\u00e9ration du conseil communautaire en date du 26 juin 2025 approuvant la modification\ndes statuts en vue :\n- de fixer la nouvelle adresse du si\u00e8ge de la communaut\u00e9 de communes,\n- de pr\u00e9ciser les modalit\u00e9s r\u00e9glementaires d'attribution du nombre de si\u00e8ges et leur r\u00e9partition,\n- de d\u00e9finir la comp\u00e9tence \u00ab  activit\u00e9s de pleine nature \u00bb,\n- d'inscrire la comp\u00e9tence \u00ab coordination des polit iques \u00e9ducatives locales \u00bb dans le bloc des\ncomp\u00e9tences suppl\u00e9mentaires ;\nConsid\u00e9rant que les conditions de d\u00e9lais et de majorit\u00e9 requises sont r\u00e9unies ;\nSur proposition du secr\u00e9taire g\u00e9n\u00e9ral de la pr\u00e9fecture de l'Ari\u00e8ge ;\nA R R \u00ca T E : \nArticle 1\n : \nEst autoris\u00e9e la modification des statuts de la communaut\u00e9 de communes du Pays de Tarascon.\nLes statuts, dans leur version actualis\u00e9e, sont annex\u00e9s au pr\u00e9sent arr\u00eat\u00e9.\nArticle 2 :\nLe pr\u00e9sent arr\u00eat\u00e9 peut faire l'objet d'un recours devant le tribunal administratif de Toulouse dans\nun d\u00e9lai de deux mois \u00e0 compter de sa publication a u recueil des actes administratifs de la\npr\u00e9fecture de l'Ari\u00e8ge.\nArticle  \n   3    : \nLe secr\u00e9taire g\u00e9n\u00e9ral de la  pr\u00e9fecture de l'Ari\u00e8ge,  le directeur  d\u00e9partemental des finances\npubliques, la directrice d\u00e9partementale des territo ires, le pr\u00e9sident de la communaut\u00e9 de\ncommunes du pays de Tarascon et les maires des comm unes membres sont charg\u00e9s, chacun en\nce qui le concerne, de l'ex\u00e9cution du pr\u00e9sent arr\u00eat \u00e9 qui sera affich\u00e9 au si\u00e8ge de la communaut\u00e9\nde communes et dans les collectivit\u00e9s membres.\nFait \u00e0 Foix, le 13 octobre 2025\nPour le pr\u00e9fet et par d\u00e9l\u00e9gation,\nLe secr\u00e9taire g\u00e9n\u00e9ral,\nSign\u00e9 : Jean-Philippe DARGENT\n2 rue de la Pr\u00e9fecture - Pr\u00e9fet Claude - Erignac B.P. 40087 - 09007 Foix Cedex \u2013 T\u00e9l : 05 61 02 10 00\nSite internet : www.ariege.gouv.fr\n09 - DIRECTION DE LA CITOYENNETE ET DE LA LEGALITE - 09-2025-10-13-00002 - Arr\u00eat\u00e9 pr\u00e9fectoral portant modification des statuts\nde la communaut\u00e9 de communes du Pays de Tarascon 27\nPAYS __ ARDE TARASCONCommunaut\u00e9 de communes\n1\nSTATUTS\nARTICLE I\nIl est cr\u00e9\u00e9 entre les communes ci-apr\u00e8s : \nAlliat, Arignac, Arnave, B\u00e9deilhac-Aynat, Bompas, C apoulet-Junac, Cazenave-Serres et Allens, G\u00e9nat,\nGourbit,  Lap\u00e8ge,  Mercus-Garrabet,  Miglos,  Niaux,  Ornolac-Ussat  les  Bains,  Qui\u00e9,  Rabat  les  Trois\nSeigneurs, Saurat, Surba, Tarascon sur Ari\u00e8ge, Ussa t, une Communaut\u00e9 de Communes qui prend le\nnom de :\n\u00ab Communaut\u00e9 de Communes du Pays de Tarascon \u00bb\nARTICLE II\nLa Communaut\u00e9 de Communes du Pays de Tarascon exerce les comp\u00e9tences suivantes :\nI \u2013 COMPETENCES OBLIGATOIRES\nAm\u00e9nagement de l'espace pour la conduite d'ac&ons d'int\u00e9r\u00eat communautaire ;\n- R\u00e9alisa-on d'un Sch\u00e9ma de coh\u00e9rence territoriale et d'un sch\u00e9ma de secteur,\n- Plan  Local  d'Urbanisme  intercommunal  (PLUi) : concep-on,  \u00e9labora-on,  suivi,  ges-on  et\nr\u00e9vision.\nAc&ons de d\u00e9veloppement \u00e9conomique et Touris&que : \n- Cr\u00e9a-on, am\u00e9nagement, entre-en et ges-on de zones d 'ac-vit\u00e9 industrielle, commerciale,\nter-aire, ar-sanale, touris-que, portuaire ou a\u00e9roportuaire. Les zones d'ac-vit\u00e9 \u00e9conomique\nexistantes et iden-fi\u00e9es sont les suivantes (cf. annexe) :\no Zone de Prat Long sur les communes d'Arignac, Surba et Tarascon sur Ari\u00e8ge,\no Zone des Berni\u00e8res sur la commune d'Arignac,\no Zone de Saou sur la commune d'Arignac,\n- Poli-que  locale  du  commerce  et  sou-en  aux  ac-vit\u00e9s  commerciales  d'int\u00e9r\u00eat\ncommunautaire : Etude et ges-on d'Op\u00e9ra-on de type Modernisa-on du P\u00f4le Commercial et\nAr-sanal (OMPCA) ou de sou-en aux commerces et \u00e0 l'ar-sanat de proximit\u00e9,\n- Promo-on du tourisme, dont la cr\u00e9a-on d'offices de to urisme et la cr\u00e9a-on et la ges-on\nd'\u00e9quipements touris-ques, \n- Promo-on de la zone g\u00e9ographique et r\u00e9alisa-on d'\u00e9t udes afin de favoriser l'implanta-on\nd'entreprises et la r\u00e9habilita-on de friches industrielles,\n09 - DIRECTION DE LA CITOYENNETE ET DE LA LEGALITE - 09-2025-10-13-00002 - Arr\u00eat\u00e9 pr\u00e9fectoral portant modification des statuts\nde la communaut\u00e9 de communes du Pays de Tarascon 28\n2\n- Aides directes et indirectes aux entreprises et au main-en du -ssu \u00e9conomique local,\n- Anime  et  assure  le  d\u00e9veloppement  touris-que  et  \u00e9conomique  local  notamment  par la\nr\u00e9alisa-on  d'\u00e9tudes,  l'accompagnement  des  porteurs  de  projets  publics  et  priv\u00e9s,  la\nstructura-on et la ges-on de disposi-f en faveur du  d\u00e9veloppement de la performance du\n-ssu \u00e9conomique et touris-que local ainsi que par d es ac-ons d'informa-on et de forma-on\nen faveur du main-en et du d\u00e9veloppement de l'emplo i, de la cr\u00e9a-on d'ac-vit\u00e9 et de la\nreconversion \u00e9conomique en direc-on des entreprises et des ac-fs du territoire,\n- Cr\u00e9a-on et ges-on d'h\u00f4tels d'entreprises, \n- Am\u00e9nagement  et  ges-on  du  plateau  technique  du  forage  alimentant  en  ressource\nhydrothermale les \u00e9tablissements thermaux d'Ornolac-Ussat les Bains,\n- Am\u00e9nagement et exploita-on de l'a\u00e9rodrome d'int\u00e9r\u00eat d\u00e9partemental de Pamiers-Les Pujols\net  adh\u00e9sion  au  syndicat  mixte  pour  l'am\u00e9nagement  et l'exploita-on  de  l'a\u00e9rodrome  de\nPamiers-Les Pujols. \nL'ensemble des ac-ons du pr\u00e9sent chapitre pourront faire l'objet d'une conven-on de mandat.\nCr\u00e9a&on, am\u00e9nagement, entre&en et ges&on des aires d'accueil des gens du voyage et des terrains \nfamiliaux loca&fs d\u00e9finis aux 1\u00b0 \u00e0 3\u00b0 du II de l'ar&cle 1er de la loi n\u00b0 2000-614 du 5 juillet 2000 \nrela&ve \u00e0 l'accueil et \u00e0 l'habitat des gens du voyage\nCollecte et traitement des d\u00e9chets des m\u00e9nages et d\u00e9chets assimil\u00e9s\nGes&on des Milieux Aqua&ques et Pr\u00e9ven&on des Inonda&ons (GEMAPI), dans les condi&ons \npr\u00e9vues \u00e0 l'ar&cle L 211-7du Code de l'Environnement,\n            - 1\u00b0 Am\u00e9nagement d'un bassin ou d'une frac-on de bassin hydrographique ;\n            - 2\u00b0 Entre-en et am\u00e9nagement d'un cours d'eau, canal, lac ou plan d'eau, y compris les acc\u00e8s \u00e0\nce cours d'eau, \u00e0 ce canal, \u00e0 ce lac ou \u00e0 ce plan d'eau ;\n            - 5\u00b0 D\u00e9fense contre les inonda-ons et contre la mer ;\n            - 8\u00b0 Protec-on et restaura-on des sites, des \u00e9cosyst\u00e8mes aqua-ques et des zones humides \nainsi que des forma-ons bois\u00e9es riveraines.\nII \u2013 COMPETENCES OPTIONNELLES\nProtecon et mise en valeur de l'environnement \n- Ac-vit\u00e9s de pleine nature\n Geson (entreen, veille, informaon promoon) des in\u00e9raires et sites d'int\u00e9r\u00eat \ncommunautaires li\u00e9e aux diff\u00e9rentes praques de pleine nature : randonn\u00e9es p\u00e9destre et \n\u00e9questre, v\u00e9lo et VTT, escalade\u2026\nAm\u00e9nagement des sites d'accueil et de d\u00e9part li\u00e9s \u00e0 ces praques.\nSont d'int\u00e9r\u00eats communautaires les in\u00e9raires et sites inscrits aux diff\u00e9rents plans \nintercommunaux \u00e9tablis pour chaque praque (randonn\u00e9e p\u00e9destre et \u00e9questre, v\u00e9lo et \nVTT, escalade\u2026).\n09 - DIRECTION DE LA CITOYENNETE ET DE LA LEGALITE - 09-2025-10-13-00002 - Arr\u00eat\u00e9 pr\u00e9fectoral portant modification des statuts\nde la communaut\u00e9 de communes du Pays de Tarascon 29\n3\nLa comp\u00e9tence s'exerce exclusivement sur les espaces circonscrits par les diff\u00e9rents plans \nintercommunaux valid\u00e9s par d\u00e9lib\u00e9raon du Conseil Communautaire.\n- Ac-ons d'\u00e9duca-on, d'informa-on et de promo-on,\n- Restaura-on et entre-en des cours d'eau sur les territoires communaux,\n- Pr\u00e9serva-on de la qualit\u00e9 des eaux dans le cadre d'un SOCLE, \n- Etude d'un zonage d'assainissement global sur l'ens emble du territoire de la Communaut\u00e9\nde Communes du Pays de Tarascon,\n- R\u00e9alisa-on d'un Plan Climat Air Energie Territorial, \n- Sch\u00e9ma de dessertes fores-\u00e8res, \nCr\u00e9a&on, am\u00e9nagement et entre&en de la voirie :\n-  Cr\u00e9a-on, am\u00e9nagement et entre-en des voiries d'int\u00e9r\u00eat communautaire :\nSont d'int\u00e9r\u00eat communautaire les voiries d'acc\u00e8s au x zones d'ac-vit\u00e9s \u00e9conomiques iden-fi\u00e9es (cf.\nparagraphe \u00ab Ac-ons de d\u00e9veloppement \u00e9conomique et Touris-que \u00bb),\n- Cr\u00e9a-on, am\u00e9nagement et entre-en de la voirie commu nale sous conven-on de mandat ou\nde mise \u00e0 disposi-on de service,\n-  Mise en place d'une aide technique et administra-ve aux communes rurales par :\n1. La  centralisa-on  de  l'ensemble  des  d\u00e9marches  administra-ves  permeEant  une\napproche  globale  des  travaux  de  voirie  sur  le  territoire  communautaire  et  ainsi\npermeEre une ra-onalisa-on de la programma-on et de l'ex\u00e9cu-on de ces derniers,\n2. L'\u00e9labora-on d'un inventaire de la voirie du terr itoire,\n3. La  simplifica-on  des  proc\u00e9dures  par  la  mise  en  place  d'un  unique  intervenant\ncentralisant les march\u00e9s.\nCe transfert de comp\u00e9tence concerne les ac-ons suivantes :\n- Elabora-on du \u00ab diagnos-c voirie \u00bb,\n- Programma-on  pluriannuelle  en  ce  qui  concerne  les  travaux  de  pe-tes\nr\u00e9para-ons, de grosses r\u00e9para-ons et d'am\u00e9nagement de voirie,\n- Fixa-on d'un programme annuel,\n- Elabora-on d'un avant-projet,\n- D\u00e9termina-on d'un projet.\nPar conven-on de presta-ons de service la Communaut \u00e9 de Communes pourra assurer, pour le\ncompte des communes, les missions suivantes :\n- Mise en place des proc\u00e9dures de march\u00e9 public :\n  Elabora-on du  DCE (document de consulta-on des entreprises),\n  Lancement des proc\u00e9dures de publicit\u00e9,\n  Lancement et suivi des travaux,\n  R\u00e9cep-on des travaux,\n- Paiement des travaux,\n- Montage des dossiers de demande de DGE,\n09 - DIRECTION DE LA CITOYENNETE ET DE LA LEGALITE - 09-2025-10-13-00002 - Arr\u00eat\u00e9 pr\u00e9fectoral portant modification des statuts\nde la communaut\u00e9 de communes du Pays de Tarascon 30\n4\nCeEe conven-on pr\u00e9cisera \u00e9galement la nature et les  caract\u00e9ris-ques des travaux ainsi  que les\nmodalit\u00e9s de reversement des sommes engag\u00e9es par la  Communaut\u00e9 de Communes pour le compte\nde chaque commune. \nPoli&que du logement et du cadre de vie\n- Op\u00e9ra-ons  contractualis\u00e9es  de  type  Op\u00e9ra-on  Programm\u00e9e  d'Am\u00e9liora-on  de  l'Habitat,\nProgramme d'int\u00e9r\u00eat G\u00e9n\u00e9ral,\n- Incita-ons  financi\u00e8res  aux  propri\u00e9taires  bailleurs  et  aux  propri\u00e9taires  occupants  pour  la\nr\u00e9nova-on  de  logements  en  compl\u00e9ment  de  l'ANAH  ainsi  que  dans  le  cadre  d'ac-ons\ncompl\u00e9mentaires \u00e0 des op\u00e9ra-ons de type OPAH, PIG,\n- Par-cipa-on par voie de fonds de concours aux projet s de construc-on et de r\u00e9nova-on de\nlogements sociaux port\u00e9s par les communes et/ou des op\u00e9rateurs publics,\n- Mise en place d'un Plan Local de l'Habitat (PLH) : \u00e9labora-on d'un diagnos-c, d\u00e9fini-on des\nobjec-fs et des principes d'une poli-que du logement  social, d\u00e9fini-on des ac-ons et des\nmoyens pour aEeindre ces objec-fs, mise en place de disposi-fs pour permeEre le suivi de la\nsitua-on en ma-\u00e8re d'habitat,\n- Construc-on, ges-on et anima-on d'habitat inclusif et partag\u00e9,\nRestent  de  la  comp\u00e9tence  des  communes :  la  construc-on,  la  r\u00e9serva-on  et  l'aEribu-on  des\nlogements sociaux. Seuls les logements sociaux cons truits dans le cadre d'un projet d'habitat inclusif\nsont de la comp\u00e9tence intercommunale.  \nL'ensemble de ces ac-ons pourront faire l'objet d'une conven-on de mandat lorsqu'elles s'\u00e9tabliront\nau-del\u00e0 du territoire de la Communaut\u00e9 de Communes du Pays de Tarascon.\nAc&ons sociales d'int\u00e9r\u00eat communautaire :\n-    Ges-on et cr\u00e9a-on de services sociaux d'int\u00e9r\u00eat communautaire,\n- Cr\u00e9a-on et ges-on des Centres Locaux d'Informa-on et de Coordina-on,\n- Prise en charge de la t\u00e9l\u00e9assistance,  \n- La Communaut\u00e9 de Communes se subs-tue aux communes adh\u00e9rentes pour le paiement du\ncon-ngent d'aide sociale,\n-  Portage de Repas \u00e0 domicile, \n-  Accessibilit\u00e9 : r\u00e9alisa-on d'un Plan d'Accessibili t\u00e9 de la Voirie et des Espaces publics (PAVE)\net d'un diagnos-c des Etablissements Recevant du Pu blic (ERP) sur l'ensemble du Territoire\nde la Communaut\u00e9 de Communes du Pays de Tarascon.\nPoli&que de la Ville :\n     - Elabora-on du diagnos-c de territoire et d\u00e9fini-on des orienta-ons du contrat de ville,\n09 - DIRECTION DE LA CITOYENNETE ET DE LA LEGALITE - 09-2025-10-13-00002 - Arr\u00eat\u00e9 pr\u00e9fectoral portant modification des statuts\nde la communaut\u00e9 de communes du Pays de Tarascon 31\n5\n  -  Anima-on  et  coordina-on  des  disposi-fs  contract uels  de  d\u00e9veloppement  urbain,  de  \nd\u00e9veloppement  local  et  d'inser-on  \u00e9conomique  et  sociale  ainsi  que  des  disposi-fs  \nlocaux de pr\u00e9ven-on de la d\u00e9linquance, \n     - Programmes d'ac-ons d\u00e9finis dans le contrat d e ville.\nD\u00e9veloppement  et  am\u00e9nagement  spor&f  de  l'espace  com munautaire :  construc&on,\nam\u00e9nagement, entre&en et ges&on des \u00e9quipements spor&fs d'int\u00e9r\u00eat communautaire : \n-  Base nau-que de Mercus, \n-  Cr\u00e9a-on et ges-on des sen-ers athl\u00e9-nature.\nIII \u2013 COMPETENCES SUPPLEMENTAIRES\n- La Communaut\u00e9 de Communes se subs&tue aux commune s adh\u00e9rentes pour le paiement des\nco&sa&ons obligatoires incendie, \n- Ges&on et cr\u00e9a&on de services \u00e9duca&fs et culturels d'int\u00e9r\u00eat communautaire :\n- Cr\u00e9a&on et ges&on d'un r\u00e9seau de lecture intercommu nal \u00e0 la demande, conform\u00e9ment\nau sch\u00e9ma d\u00e9partemental de lecture publique comprenant :\n- La prise en charge et ges-on du personnel des biblioth\u00e8ques,\n- L'informa-sa-on du r\u00e9seau de lecture, \n- La ges-on et acquisi-on des collec-ons, \n- l'anima-on et communica-on du r\u00e9seau de lecture,\n- L'am\u00e9nagement mobilier des biblioth\u00e8ques (hors murs).\nLes b\u00e2-ments sont mis \u00e0 disposi-on \u00e0 -tre gratuit p ar les communes. Ces derni\u00e8res conservent la\ncomp\u00e9tence en ma-\u00e8re de construc-on, d'am\u00e9nagement immobilier ainsi que de l'entre-en des\nb\u00e2-ments. \n- Ges&on et anima&on des Accueil de Loisirs Associ\u00e9s  \u00e0 l'Ecole (ALAE) et des Accueil de\nLoisirs Sans H\u00e9bergement (ALSH) accueillant les enf ants de 3 \u00e0 16 ans sur tout le territoire de la\nCommunaut\u00e9 de Communes,\n- Coordina&on des poli&ques \u00e9duca&ves locales\n-  Poli&que  de  d\u00e9veloppement  de  l'inter  modalit\u00e9  sur le  territoire  de  la  Communaut\u00e9  de\nCommunes :\nCr\u00e9a-on et ges-on de services de transport \u00e0 la demande par d\u00e9l\u00e9ga-on du Conseil R\u00e9gional\nen qualit\u00e9 d'organisateur secondaire de transport de personnes \u00e0 l'exclusion : \n-des transports scolaires sur le territoire de la C ommunaut\u00e9 de Communes du Pays de\nTarascon,\nCr\u00e9a-on et ges-on de services de transport d'int\u00e9r\u00eat local par d\u00e9l\u00e9ga-on du Conseil R\u00e9gional\nen qualit\u00e9 d'organisateur secondaire de transport de personnes,\nCr\u00e9a-on et d\u00e9veloppement des mobilit\u00e9s douces \u00e0 voca-on intercommunale, \n- Ges&on des ac&ons de t\u00e9l\u00e9diffusion,\n09 - DIRECTION DE LA CITOYENNETE ET DE LA LEGALITE - 09-2025-10-13-00002 - Arr\u00eat\u00e9 pr\u00e9fectoral portant modification des statuts\nde la communaut\u00e9 de communes du Pays de Tarascon 32\n6\n- Ac&on de mutualisa&on de moyens humain et mat\u00e9riel d'int\u00e9r\u00eat communautaire,\n- Ac&on de sou&en aux communes adh\u00e9rentes,\n- La Communaut\u00e9 de Communes du Pays de Tarascon pou rra conclure des conven-ons de mandats\navec les communes adh\u00e9rentes pour toute ac-on en lien directe ou indirecte avec ses comp\u00e9tences.\n- Construc-on, entre-en et ges-on de l'ensemble immobilier n\u00e9cessaire \u00e0 la brigade de gendarmerie\ndu Pays de Tarascon.\n- Elabora-on, coordina-on et anima-on d'un Contrat Local de Sant\u00e9 \u00e0 l'\u00e9chelle du Pays de Tarascon.\n- Cr\u00e9a-on et anima-on d'un Conseil Local de Sant\u00e9 Mentale du Pays de Tarascon,\n- Construc-on et ges-on de Centres de Sant\u00e9 (M\u00e9decins salari\u00e9s).\n- Etudes, diagnos-cs, prise en charge des services existants n\u00e9cessaires \u00e0 la cr\u00e9a-on et \u00e0 la ges-on de\ndisposi-fs intercommunaux d'am\u00e9liora-on de l'access ibilit\u00e9 des Services Publics tel que le r\u00e9seau\n\u00ab France Services \u00bb.\nARTICLE III\nAdresse du si\u00e8ge de la Communaut\u00e9 de Communes du Pa ys de Tarascon : 16 place Jean Jaur\u00e8s \u00e0\nTarascon sur Ari\u00e8ge.\nARTICLE IV\nLa Communaut\u00e9 de Communes est cons-tu\u00e9e pour une dur\u00e9e illimit\u00e9e.\nARTICLE V\nLe nombre et la r\u00e9par--on des si\u00e8ges s'effectueront conform\u00e9ment \u00e0 l'ar-cle L5211-6-1, Modifi\u00e9 par\nla Loi n\u00b02017-257 du 28 f\u00e9vrier 2017 - art. 75 du CGCT.\nARTICLE VI\nLe Conseil Communautaire \u00e9lit un bureau compos\u00e9 de :\n- 1 pr\u00e9sident,\n- des  vice-pr\u00e9sidents  dont  le  nombre  est  fix\u00e9  \u00e0  30%  de l'effec-f  du  Conseil\nCommunautaire. \nLe Conseil Communautaire peut d\u00e9l\u00e9guer  au Bureau le  r\u00e8glement de certaines affaires dans les\ncondi-ons et les limites qu'il fixe et dans le respe ct des disposi-ons de l'ar-cle L 5212-12 du Code\nG\u00e9n\u00e9ral des Collec-vit\u00e9s Territoriales.\nLe Pr\u00e9sident ex\u00e9cute les d\u00e9cisions du Conseil et repr\u00e9sente la Communaut\u00e9 de Communes en jus-ce.\n09 - DIRECTION DE LA CITOYENNETE ET DE LA LEGALITE - 09-2025-10-13-00002 - Arr\u00eat\u00e9 pr\u00e9fectoral portant modification des statuts\nde la communaut\u00e9 de communes du Pays de Tarascon 33\n7\nLors  de  chaque  r\u00e9union  obligatoire,  le  Pr\u00e9sident  et le  Bureau  rendent  compte  au  Conseil\nCommunautaire de leurs travaux.\nARTICLE VII\nLes ressources de la Communaut\u00e9 de Communes du Pays de Tarascon comprennent :\n1) Le produit de la fiscalit\u00e9 directe addi-onnelle, a insi, le cas \u00e9ch\u00e9ant, que celui de la Taxe\nProfessionnelle Unique,\n2) Le revenu des biens meubles ou immeubles qui cons -tuent son patrimoine,\n3) Les dota-ons de fonc-onnement,\n4) Les  sommes  qu'elle  per\u00e7oit  des  administra-ons  publiques  d'\u00e9tat  et  territoriales,  des\nassocia-ons, des par-culiers en contrepar-e des presta-ons de service,\n5) Les  subven-ons  de  l'Etat,  des  collec-vit\u00e9s  r\u00e9gionales  ou  d\u00e9partementales  ou  de  la\nCommunaut\u00e9 Europ\u00e9enne et toutes les aides publiques,\n6) Le produit des dons et legs,\n7) Le produit des taxes, redevances et contribu-ons instaur\u00e9es en \u00e9change des services rendus,\n8) Le produit des emprunts,\n9) La Dota-on d'Equipement,\n10) Le Fonds de Compensa-on de la TVA.\nARTICLE VIII\nLes r\u00e8gles applicables \u00e0 la Communaut\u00e9 de Communes non pr\u00e9cis\u00e9es par les pr\u00e9sents statuts sont\ncelles pr\u00e9vues par les ar-cles L 5214-1 et suivants du Code G\u00e9n\u00e9ral des Collec-vit\u00e9s Territoriales.\nFoix, le 13 octobre 2025\nVu pour \u00eatre annex\u00e9 \u00e0 mon arr\u00eat\u00e9 en date du 13/10/25\nLe pr\u00e9fet de l'Ari\u00e8ge\nPour le pr\u00e9fet et par d\u00e9l\u00e9ga-on,\nLe secr\u00e9taire g\u00e9n\u00e9ral,\nSign\u00e9 : Jean-Philippe DARGENT\n09 - DIRECTION DE LA CITOYENNETE ET DE LA LEGALITE - 09-2025-10-13-00002 - Arr\u00eat\u00e9 pr\u00e9fectoral portant modification des statuts\nde la communaut\u00e9 de communes du Pays de Tarascon 34\nEsPREFET _DE L'ARI\u00c8GELibert\u00e9Egalit\u00e9Fraternit\u00e9\nPR\u00c9FECTURE\nDirection de la citoyennet\u00e9 et de la l\u00e9galit\u00e9\nBureau des \u00e9lections et de la r\u00e9glementation\nAffaire suivie par Sylviane FONTAINE\nT\u00e9l : 05 61 02 11 68\nCourriel : pref-reglementation@ariege.gouv.fr\nArr\u00eat\u00e9 pr\u00e9fectoral portant renouvellement de l'habilitation dans le domaine fun\u00e9raire de la SAS OGF \npour l'\u00e9tablissement secondaire de \u00ab\u00a0 Pompes fun\u00e8bres et marbrerie Saurat Ets Lagrange\u00a0\u00bb\nLe pr\u00e9fet de l'Ari\u00e8ge\nVu le code g\u00e9n\u00e9ral des collectivit\u00e9s territoriales\u00a0;\nVu  l'arr\u00eat\u00e9  pr\u00e9fectoral  du  23  Novembre  2020  portant  renouvellement  dans  le  domaine  \nfun\u00e9raire de l'habilitation d e la SAS OGF pour l'\u00e9tablissement secondaire sis 6 avenue du  \nG\u00e9n\u00e9ral de Gaulle \u00e0 Foix (09000)\u00a0;\nVu la demande, re\u00e7ue le 26 septembre 2025 et compl\u00e9t\u00e9e le 3 octobre 2025, de la SAS OGF  \ndont  le  si\u00e8ge  social  est  31,  rue  du  G\u00e9n\u00e9ral  Audran  \u2013 immeuble  Canopy  \u00e0  Courbevoie \n(92400),  en  vue  d'obtenir  le  renouvellement  de  l'habilitation  \u00e0  exercer  des  activit\u00e9s  \nfun\u00e9raires  sous  l'enseigne  \u00ab\u00a0Pompes  fun\u00e8bres  et  marbrerie  Saurat  Ets  Lagrange\u00a0\u00bb sis  6 \navenue du G\u00e9n\u00e9ral de Gaulle \u00e0 Foix (09000), exploit\u00e9e par M. C\u00e9dric ALVERNHE\u00a0;\nConsid\u00e9rant que le dossier constitu\u00e9 comporte l'ensemble des justifications requises par la  \nr\u00e9glementation en vigueur\u00a0; \nSur proposition du secr\u00e9taire g\u00e9n\u00e9ral de la pr\u00e9fecture de l'Ari\u00e8ge:\nA R R \u00ca T E\nArticle 1 :\nLa SAS OGF dont le si\u00e8ge social est situ\u00e9 31, rue du G\u00e9n\u00e9ral Audran \u2013 immeuble Canopy \u00e0  \nCourbevoie  (92400),  est  habilit\u00e9  \u00e0  exercer  des  activit\u00e9s  fun\u00e9raires  pour  l'\u00e9tablissement \nsecondaire \u00ab\u00a0Pompes fun\u00e8bre et marbrerie Saurat Ets Lagrange \u00a0\u00bb sis  6 avenue du G\u00e9n\u00e9ral de  \nGaulle \u00e0 Foix (09000), exploit\u00e9e par M. C\u00e9dric ALVERNHE, pour  exercer sur l'ensemble du  \nterritoire  les activit\u00e9s fun\u00e9raires suivantes :\n\u2022 transport de corps avant et apr\u00e8s mise en bi\u00e8re,\n\u2022 organisation des obs\u00e8ques,\n\u2022 soins de conservation (en sous-traitance),\n\u2022 fourniture des housses, des cercueils et de leurs accessoires int\u00e9rieurs et ext\u00e9rieurs ainsi  \nque des urnes cin\u00e9raires,\n\u2022 fourniture des corbillards et voitures de deuil,\n\u2022 fourniture  des  personnels  et  des  objets  et  prestations  n\u00e9cessaires  aux  obs\u00e8ques,  \ninhumations, exhumation et cr\u00e9mation.\n2 rue de la Pr\u00e9fecture - Pr\u00e9fet Claude - Erignac B.P . 40087 - 09007 Foix Cedex \u2013 T\u00e9l : 05 61 02 10 00\nSite internet\u00a0: www.ariege.gouv.fr\n09 - DIRECTION DE LA CITOYENNETE ET DE LA LEGALITE - 09-2025-10-08-00002 - AP OGF Foix 2025-2030 35\nArticle 2  \u00a0  :  \nLe num\u00e9ro de l'habilitation est\u00a0: 20 \u2013 09 \u2013 0021.\nArticle 3  \u00a0  :  \nL'habilitation est accord\u00e9e pour une dur\u00e9e de cinq ans \u00e0 compter de la date du pr\u00e9sent arr\u00eat\u00e9.\nArticle 4  \u00a0  :  \nToute modification intervenue apr\u00e8s la demande du pr\u00e9sent agr\u00e9ment doit \u00eatre d\u00e9clar\u00e9 dans  \nun d\u00e9lai de deux mois au pr\u00e9fet qui a d\u00e9livr\u00e9 l'habilitation.\nArticle 5  \u00a0  :  \nLe pr\u00e9sent arr\u00eat\u00e9 peut faire l'objet d'un recours devant le tribunal administratif de Toulouse \ndans un d\u00e9lai de deux mois \u00e0 compter de la date de sa notification.\nArticle 6 :\nLe secr\u00e9taire g\u00e9n\u00e9ral de la pr\u00e9fecture de l'Ari\u00e8ge est charg\u00e9 de l'ex\u00e9cution du pr\u00e9sent arr\u00eat\u00e9 qui \nsera publi\u00e9 au recueil des actes administratifs et dont une copie sera adress\u00e9e au demandeur.\n Fait \u00e0 Foix, le 8 octobre 2025\nPour le pr\u00e9fet et par d\u00e9l\u00e9gation,\nLe directeur de la citoyennet\u00e9 et de la l\u00e9galit\u00e9,\nsign\u00e9\u00a0:\nEtienne-Jean DUBOIS\n2\n09 - DIRECTION DE LA CITOYENNETE ET DE LA LEGALITE - 09-2025-10-08-00002 - AP OGF Foix 2025-2030 36\nEsPREFET _DE L'ARI\u00c8GELibert\u00e9Egalit\u00e9Fraternit\u00e9\nPR\u00c9FECTURE\nDirection de la citoyennet\u00e9 et de la l\u00e9galit\u00e9\nBureau des \u00e9lections et de la r\u00e9glementation\nAffaire suivie par Sylviane FONTAINE\nT\u00e9l : 05 61 02 11 68\nCourriel : pref-reglementation@ariege.gouv.fr\nArr\u00eat\u00e9 pr\u00e9fectoral portant renouvellement de l'habilitation dans le domaine fun\u00e9raire de la SARL \nDamien SOUQUE pour l'\u00e9tablissement secondaire situ\u00e9 \u00e0 Castillon en Couserans\nLe pr\u00e9f\u00e8t de l'Ari\u00e8ge\nVu le code g\u00e9n\u00e9ral des collectivit\u00e9s territoriales\u00a0;\nVu l'arr\u00eat\u00e9 pr\u00e9fectoral du 18 d\u00e9cembre 2020 portant habilitation d e la SARL Damien Souque  \npour l'\u00e9tablissement secondaire sis 8 avenue Peyrevidal \u00e0 Castillon en Couserans (09800)\u00a0;\nVu la demande re\u00e7ue le 16 septembre 2025, de la SARL Damien Souque \u2013 Pompes Fun\u00e8bres du  \nCouserans dont le si\u00e8ge social est 53 all\u00e9e Pierre Semard \u00e0 Saint-Girons (09200), en vue  \nd'obtenir  le  renouvellement  de  l'habilitation  \u00e0  exercer  des  activit\u00e9s  fun\u00e9raires  pour  \nl'\u00e9tablissement situ\u00e9 8 avenue No\u00ebl Peyrevidal \u00e0 Castillon en Couserans (09800), exploit\u00e9  \npar M. Damien SOUQUE\u00a0;\nConsid\u00e9rant que le dossier constitu\u00e9 comporte l'ensemble des justifications requises par la  \nr\u00e9glementation en vigueur\u00a0; \nSur proposition du secr\u00e9taire g\u00e9n\u00e9ral de la pr\u00e9fecture de l'Ari\u00e8ge:\nA R R \u00ca T E\nArticle 1 :\nLa SARL Damien Souque dont le si\u00e8ge social est situ\u00e9  53 all\u00e9e Pierre Semard \u00e0 Saint-Girons  \n(09200) est habilit\u00e9 \u00e0 exercer des activit\u00e9s fun\u00e9raires pour l'\u00e9tablissement secondaire sis 8  \navenue  No\u00ebl  Peyrevidal  \u00e0  Castillon  en  Couserans  (09800),  pour  exercer  sur  l'ensemble  du \nterritoire les activit\u00e9s fun\u00e9raires suivantes :\n\u2022 organisation des obs\u00e8ques,\n\u2022 fourniture des housses, des cercueils et de leurs accessoires int\u00e9rieurs et ext\u00e9rieurs ainsi  \nque des urnes cin\u00e9raires,\n\u2022 fourniture  des  personnels  et  des  objets  et  prestations  n\u00e9cessaires  aux  obs\u00e8ques,  \ninhumations, exhumation et cr\u00e9mation.\nArticle 2  \u00a0  :  \nLe num\u00e9ro de l'habilitation est\u00a0: 20 \u2013 09 \u2013 0039.\n2 rue de la Pr\u00e9fecture - Pr\u00e9fet Claude - Erignac B.P . 40087 - 09007 Foix Cedex \u2013 T\u00e9l : 05 61 02 10 00\nSite internet\u00a0: www.ariege.gouv.fr\n09 - DIRECTION DE LA CITOYENNETE ET DE LA LEGALITE - 09-2025-10-08-00003 - AP Souque Castillon 2025-2030 37\nArticle 3  \u00a0  :  \nL'habilitation est accord\u00e9e pour une dur\u00e9e de cinq ans \u00e0 compter de la date du pr\u00e9sent arr\u00eat\u00e9.\nArticle 4  \u00a0  :  \nToute modification intervenue apr\u00e8s la demande du pr\u00e9sent agr\u00e9ment doit \u00eatre d\u00e9clar\u00e9 dans  \nun d\u00e9lai de deux mois au pr\u00e9fet qui a d\u00e9livr\u00e9 l'habilitation.\nArticle 5  \u00a0  :  \nLe pr\u00e9sent arr\u00eat\u00e9 peut faire l'objet d'un recours devant le tribunal administratif de Toulouse \ndans un d\u00e9lai de deux mois \u00e0 compter de la date de sa notification.\nArticle 6 :\nLe secr\u00e9taire g\u00e9n\u00e9ral de la pr\u00e9fecture de l'Ari\u00e8ge est charg\u00e9 de l'ex\u00e9cution du pr\u00e9sent arr\u00eat\u00e9 qui \nsera publi\u00e9 au recueil des actes administratifs et dont une copie sera adress\u00e9e au demandeur.\n Fait \u00e0 Foix, le 8 octobre 2025\nPour le pr\u00e9fet et par d\u00e9l\u00e9gation,\nLe directeur de la citoyennet\u00e9 et de la l\u00e9galit\u00e9,\nsign\u00e9\u00a0:\nEtienne-Jean DUBOIS\n2\n09 - DIRECTION DE LA CITOYENNETE ET DE LA LEGALITE - 09-2025-10-08-00003 - AP Souque Castillon 2025-2030 38\nEsPREFET _DE L'ARI\u00c8GELibert\u00e9Egalit\u00e9Fraternit\u00e9\nPR\u00c9FECTURE\nDirection de la coordination interminist\u00e9rielle\net de l'appui territorial\nBureau de l'appui territorial\nCellule environnement\nCourriel\u00a0: pref-environnement@ariege.gouv.fr\nArr\u00eat\u00e9 pr\u00e9fectoral portant ouverture d'une enqu\u00eate publique \nportant sur le projet de cr\u00e9ation d'un p\u00e9rim\u00e8tre d\u00e9limit\u00e9 des abords (PDA) sur la commune\n d'Ax-les-Thermes\nP\u00e9titionnaire\u00a0: Direction R\u00e9gionale des Affaires Culturelles d'Occitanie\nLe pr\u00e9fet de l'Ari\u00e8ge\nVu le code du patrimoine, notamment ses articles L.\u00a0621-30 et suivants et R.\u00a0621-92 et suivants\u00a0;\nVu le code de l'environnement, notamment ses articles L.\u00a0123-1 et suivants et R.\u00a0123-1 et suivants\u00a0;\nVu le code de l'urbanisme\u00a0;\nVu  le  d\u00e9cret  n\u00b0\u00a02019-617  du  21  juin  2019  relatif  aux  abords  de  monuments  historiques,  aux  sites \npatrimoniaux  remarquables  et  \u00e0  la  dispense  de  recours  \u00e0  un  architecte  pour  les  coop\u00e9ratives \nd'utilisation de mat\u00e9riel agricole\u00a0;\nVu  l'arr\u00eat\u00e9  minist\u00e9riel  du  9  septembre  2021  relatif  \u00e0  l'affichage  des  avis  d'enqu\u00eate  publique,  de \nparticipation du public par voie \u00e9lectronique et de concertation pr\u00e9alable ainsi que des d\u00e9clarations  \nd'intention pr\u00e9vus par le code de l'environnement\u00a0;\nVu l'arr\u00eat\u00e9 du pr\u00e9fet de la R\u00e9gion Midi-Pyr\u00e9n\u00e9es du 11 juillet 1979 portant inscription du bassin des  \nLadres devant l'h\u00f4pital Saint-Louis \u00e0 l'inventaire des monuments historiques\u00a0;\nVu  la  d\u00e9lib\u00e9ration  du  15  mai  2024  par  laquelle  le  conseil  municipal  d'Ax-les-Thermes  approuve  la \ncr\u00e9ation d'un p\u00e9rim\u00e8tre d\u00e9limit\u00e9 des abords du Bassin des Ladres\u00a0;\nVu la d\u00e9lib\u00e9ration du 18 juillet 2024 par laquelle le conseil communautaire de la communaut\u00e9 de  \ncommunes de la Haute-Ari\u00e8ge donne son accord sur le nouveau p\u00e9rim\u00e8tre d\u00e9limit\u00e9 des abords du  \nBassin des Ladres\u00a0;\nVu le courrier du 16 septembre 2025 du directeur r\u00e9gional des affaires culturelles (DRAC) d'Occitanie  \nsollicitant l'ouverture d'une enqu\u00eate publique portant sur le projet de cr\u00e9ation d'un p\u00e9rim\u00e8tre d\u00e9limit\u00e9 \ndes abords sur la commune d'Ax-les-Thermes\u00a0;\nVu le dossier d'enqu\u00eate publique transmis par la DRAC d'Occitanie en vue de l'ouverture de l'enqu\u00eate  \nsus-vis\u00e9e\u00a0;\nVu la d\u00e9cision E25000175/31 en date du 29 septembre 2025 de la pr\u00e9sidente du tribunal administratif  \nde Toulouse portant d\u00e9signation de Monsieur Bernard CAVAILL\u00c9, en qualit\u00e9 de commissaire enqu\u00eateur \net Monsieur G\u00e9rard BELLECOSTE, en qualit\u00e9 de commissaire enqu\u00eateur suppl\u00e9ant\u00a0;\nApr\u00e8s avoir consult\u00e9 le commissaire enqu\u00eateur sur les modalit\u00e9s d'organisation de l'enqu\u00eate\u00a0;\n2 rue de la Pr\u00e9fecture - Pr\u00e9fet Claude - Erignac B.P . 40087 - 09007 Foix Cedex \u2013 T\u00e9l : 05 61 02 10 00\nSite internet\u00a0: www.ariege.gouv.fr\n09 - PREFECTURE DE L'ARIEGE - DIRECTION DE LA COORDINATION INTERMINISTERIELLE ET DE L'APPUI TERRITORIAL -\n09-2025-10-15-00009 - Arr\u00eat\u00e9 pr\u00e9fectoral portant ouverture d'une enqu\u00eate publique portant sur le projet de cr\u00e9ation d'un p\u00e9rim\u00e8tre\nd\u00e9limit\u00e9 des abords (PDA) sur la commune d'Ax-les-Thermes 39\nSur proposition du secr\u00e9taire g\u00e9n\u00e9ral de la pr\u00e9fecture\u00a0:\nA R R \u00ca T E\nArticle 1 \u2013 Objet, dur\u00e9e et si\u00e8ge de l'enqu\u00eate\nIl sera proc\u00e9d\u00e9, sur le territoire de la commune d'Ax-les-Thermes, pour le compte de la DRAC  \nd'Occitanie, \u00e0 une enqu\u00eate publique relative \u00e0 la mise en place de p\u00e9rim\u00e8tre d\u00e9limit\u00e9 des abords du \nBassin des Ladres devant l'h\u00f4pital Saint-Louis \u00e0 Ax-les-Thermes.\nCette enqu\u00eate se d\u00e9roulera du lundi 17 novembre 2025 \u00e0 9h30 au mardi 16 d\u00e9cembre 2025 \u00e0 15h30.\nLa mairie d'Ax-les-Thermes est d\u00e9sign\u00e9e si\u00e8ge de l'enqu\u00eate.\nArticle 2 \u2013 Porteur de projet\nLe porteur de projet est la\u00a0:\nDirection r\u00e9gionale des affaires culturelles d'Occitanie\n32, rue de la Dalbade\nBP 811\n31080 Toulouse Cedex 6\nArticle 3 \u2013 Commissaires enqu\u00eateurs\nMonsieur Bernard CAVAILL\u00c9 a \u00e9t\u00e9 d\u00e9sign\u00e9 en qualit\u00e9 de commissaire enqu\u00eateur. Monsieur G\u00e9rard  \nBELLECOSTE a \u00e9t\u00e9 d\u00e9sign\u00e9 en qualit\u00e9 de commissaire enqu\u00eateur suppl\u00e9ant.\nArticle 4 \u2013 Mise \u00e0 disposition du dossier d'enqu\u00eate\nLe dossier d'enqu\u00eate publique d\u00e9taillant le projet de p\u00e9rim\u00e8tre d\u00e9limit\u00e9 des abords du monument  \nhistorique pr\u00e9-cit\u00e9 sera d\u00e9pos\u00e9 et consultable pendant toute la dur\u00e9e de l'enqu\u00eate\u00a0:\n\u2022 \u00e0 la mairie d'Ax-les-Thermes, aux jours et heures d'ouverture des bureaux\u00a0;\n\u2022 sur le site des services de l'\u00c9tat en Ari\u00e8ge \u00e0 l'adresse\u00a0:\nhttps://www.ariege.gouv.fr/Publications/Enquetes-publiques/SITES\u00a0;\n\u2022 sur un poste informatique, en acc\u00e8s libre dans le hall d'accueil de pr\u00e9fecture de l'Ari\u00e8ge, \u00e0  \nFoix.\nArticle 5 \u2013 Publicit\u00e9\nPublication dans la presse\nUn avis au public relatif \u00e0 l'ouverture de l'enqu\u00eate sera publi\u00e9 par les soins des services de la  \npr\u00e9fecture selon le calendrier suivant\u00a0:\n\u2022 1er\n avis dans la D\u00e9p\u00eache du Midi le vendredi 31 octobre 2025,\n\u2022 1er\n avis dans la Gazette Ari\u00e9geoise le vendredi 31 octobre 2025,\n\u2022 2nd avis dans la D\u00e9p\u00eache du Midi le vendredi 21 novembre 2025,\n\u2022 2nd avis dans la Gazette Ari\u00e9geoise le vendredi 21 novembre 2025.\nAffichage \u00e0 la mairie\nCet  avis  et  le  pr\u00e9sent  arr\u00eat\u00e9  seront  par  ailleurs  affich\u00e9s  15\u00a0jours  au  moins  avant  le  d\u00e9but  de \nl'enqu\u00eate et pendant toute la dur\u00e9e de celle-ci \u00e0 la mairie d'Ax-les-Thermes. Cette formalit\u00e9 devra  \n\u00eatre justifi\u00e9e par un certificat d'affichage du maire transmis \u00e0 la pr\u00e9fecture \u00e0 l'issue de l'enqu\u00eate et  \nqui sera annex\u00e9 au dossier.\n2\n09 - PREFECTURE DE L'ARIEGE - DIRECTION DE LA COORDINATION INTERMINISTERIELLE ET DE L'APPUI TERRITORIAL -\n09-2025-10-15-00009 - Arr\u00eat\u00e9 pr\u00e9fectoral portant ouverture d'une enqu\u00eate publique portant sur le projet de cr\u00e9ation d'un p\u00e9rim\u00e8tre\nd\u00e9limit\u00e9 des abords (PDA) sur la commune d'Ax-les-Thermes 40\nAffichage sur site\nDans les m\u00eames conditions de d\u00e9lai et de dur\u00e9e, le maire concern\u00e9 proc\u00e9dera \u00e0 l'affichage du  \nm\u00eame avis sur les lieux situ\u00e9s dans le projet de chaque p\u00e9rim\u00e8tre. Les affiches seront fournies par le \nporteur de projet. Elles devront \u00eatre visibles et lisibles des voies publiques et \u00eatre \u00e9tablies selon les  \nmodalit\u00e9s d\u00e9finies par l'arr\u00eat\u00e9 minist\u00e9riel du 9\u00a0septembre\u00a02021 susmentionn\u00e9\u00a0:\n\u2022 les affiches mesurent au moins 42 \u00d7 59,4\u00a0cm (format A2)\u00a0;\n\u2022 elles comportent le titre \u00ab \u00a0avis d'enqu\u00eate publique \u00a0\u00bb en caract\u00e8res gras majuscules d'au  \nmoins  2\u00a0cm  de  hauteur  et  les  informations  vis\u00e9es  \u00e0  l'article  R.\u00a0123-9  du  code  de \nl'environnement en caract\u00e8res noirs sur fond jaune.\nPublication sur support \u00e9lectronique\nCet  avis  sera  \u00e9galement  publi\u00e9  sur  le  site  internet  des  services  de  l'\u00c9tat  dans  l'Ari\u00e8ge\u00a0: \nhttps://www.ariege.gouv.fr/Publications/Enquetes-publiques/SITES.\nArticle 6 \u2013 Observations du public\nLes observations, propositions et contre-propositions du public pourront \u00eatre\u00a0:\n\u2022 consign\u00e9es sur le registre d'enqu\u00eate ouvert \u00e0 cet effet \u00e0 la mairie d'Ax-les-Thermes\u00a0;\n\u2022 adress\u00e9es par correspondance directement \u00e0 Monsieur le commissaire enqu\u00eateur au si\u00e8ge  \nde l'enqu\u00eate\u00a0: Place Roussel \u2013 09110 AX-LES-THERMES\u00a0;\n\u2022 adress\u00e9es par courrier \u00e9lectronique \u00e0 l'attention du commissaire enqu\u00eateur sur la bo\u00eete  \nfonctionnelle de la pr\u00e9fecture \u00e0 l'adresse suivante\u00a0: pref-utilite-publique@ariege.gouv.fr.\nLes  observations  et  propositions  du  public  transmises  par  voie  postale  ou  par  courriel  sont \nconsultables \u00e0 la mairie  d'Ax-les-Thermes, si\u00e8ge de l'enqu\u00eate. Les observations et propositions du  \npublic transmises par voie \u00e9lectronique sont \u00e9galement consultables sur le site internet des services \nde l'\u00c9tat de l'Ari\u00e8ge sus-mentionn\u00e9.\nSeules seront prises en compte les observations qui seront parvenues \u00e0 Monsieur le commissaire  \nenqu\u00eateur avant la cl\u00f4ture de l'enqu\u00eate, le mardi 16 d\u00e9cembre 2025 \u00e0 15h30.\nArticle 7 \u2013 Permanences du commissaire enqu\u00eateur\nLe  commissaire  enqu\u00eateur  recevra  les  personnes  int\u00e9ress\u00e9es  par  le  projet  \u00e0  la  mairie  \nd'Ax-les-Thermes le\u00a0:\n\u2022 lundi 17 novembre 2025 de 9h30 \u00e0 11h30\u00a0;\n\u2022 samedi 29 novembre 2025 de 9h00 \u00e0 11h00\u00a0;\n\u2022 mardi 16 d\u00e9cembre 2025 de 13h30 \u00e0 15h30.\nArticle 8 \u2013 Consultation des propri\u00e9taires et affectataire du bien\nEn  application  des  dispositions  de  l'article  R.\u00a0621-93  du  code  du  patrimoine,  le  commissaire \nenqu\u00eateur consultera le propri\u00e9taire ou l'affectataire domanial du monument historique concern\u00e9.  \nLe r\u00e9sultat de cette consultation figurera dans le rapport du commissaire enqu\u00eateur.\n3\n09 - PREFECTURE DE L'ARIEGE - DIRECTION DE LA COORDINATION INTERMINISTERIELLE ET DE L'APPUI TERRITORIAL -\n09-2025-10-15-00009 - Arr\u00eat\u00e9 pr\u00e9fectoral portant ouverture d'une enqu\u00eate publique portant sur le projet de cr\u00e9ation d'un p\u00e9rim\u00e8tre\nd\u00e9limit\u00e9 des abords (PDA) sur la commune d'Ax-les-Thermes 41\nArticle 9 \u2013 Cl\u00f4ture de l'enqu\u00eate\n\u00c0 l'expiration du d\u00e9lai d'enqu\u00eate, le registre d'enqu\u00eate sera transmis au commissaire enqu\u00eateur et  \nclos par lui.\n\u00c0 compter de la r\u00e9ception du registre d'enqu\u00eate, le commissaire enqu\u00eateur rencontrera, dans un  \nd\u00e9lai de huit jours, le responsable du projet et lui communiquera les observations \u00e9crites et orales  \nconsign\u00e9es dans un proc\u00e8s-verbal de synth\u00e8se. Le responsable du projet disposera d'un d\u00e9lai de  \nquinze jours pour produire ses observations.\nArticle 10 \u2013 Rapport et conclusions\nLe commissaire enqu\u00eateur dispose d'un mois \u00e0 compter de la date de la cl\u00f4ture de l'enqu\u00eate pour  \ntransmettre \u00e0 la direction de la coordination interminist\u00e9rielle et de l'appui territorial (DCIAT), par  \nvoie postale et par voie \u00e9lectronique \u00e0 l'adresse suivante \u00a0:  pref-environnement@ariege.gouv.fr, le  \ndossier  et  les  registres  accompagn\u00e9s  de  ses  conclusions  motiv\u00e9es,  en  pr\u00e9cisant  si  elles  sont \nfavorables ou non \u00e0 l'op\u00e9ration.\nD\u00e8s r\u00e9ception, le pr\u00e9fet de l'Ari\u00e8ge adressera copie du rapport et des conclusions du commissaire  \nenqu\u00eateur \u00e0 la DRAC d'Occitanie et au maire concern\u00e9 qui les tiendra \u00e0 disposition du public  \npendant un an \u00e0 compter de la date de cl\u00f4ture de l'enqu\u00eate.\nLe rapport et les conclusions seront \u00e9galement consultables sur le site internet des services de l'\u00c9tat \nen Ari\u00e8ge \u00e0 l'adresse https://www.ariege.gouv.fr/Publications/Enquetes-publiques/SITES.\nArticle 11 \u2013 Consultations\nEn application des dispositions des articles R. \u00a0621-93 et R. \u00a0621-94 du code du patrimoine, apr\u00e8s  \navoir re\u00e7u le rapport et les conclusions motiv\u00e9es du commissaire enqu\u00eateur, le pr\u00e9fet de l'Ari\u00e8ge  \nsollicitera l'accord de la communaut\u00e9 de communes de la Haute-Ari\u00e8ge, comp\u00e9tente en mati\u00e8re de \nplan  local  d'urbanisme,  et  de  l'architecte  des  B\u00e2timents  de  France  sur  le  projet  de  p\u00e9rim\u00e8tre \nd\u00e9limit\u00e9  des  abords,  \u00e9ventuellement  modifi\u00e9  pour  tenir  compte  des  conclusions  de  l'enqu\u00eate \npublique. \n\u00c0 d\u00e9faut de r\u00e9ponse dans les 3\u00a0mois suivant leur saisine, leurs avis seront r\u00e9put\u00e9s favorables.\nEn cas de modification du projet de p\u00e9rim\u00e8tre d\u00e9limit\u00e9 des abords, la commune concern\u00e9e par les  \nmodifications sera \u00e0 nouveau consult\u00e9e.\nArticle 12 \u2013 D\u00e9cision\nEn cas de d\u00e9lib\u00e9ration favorable de la communaut\u00e9 de communes de la Haute-Ari\u00e8ge et d'avis  \nfavorable de l'architecte des B\u00e2timents de France, le p\u00e9rim\u00e8tre d\u00e9limit\u00e9 des abords sera cr\u00e9\u00e9 par  \narr\u00eat\u00e9 du pr\u00e9fet de R\u00e9gion.\n\u00c0 d\u00e9faut d'accord, la d\u00e9cision sera prise soit par le pr\u00e9fet de R\u00e9gion, apr\u00e8s avis de la commission  \nr\u00e9gionale du patrimoine et de l'architecture, si le p\u00e9rim\u00e8tre ne d\u00e9passe pas la distance de cinq  \ncents m\u00e8tres \u00e0 partir du monument historique, soit par d\u00e9cret en Conseil d'\u00c9tat, apr\u00e8s avis de la  \ncommission nationale du patrimoine et de l'architecture, si le p\u00e9rim\u00e8tre d\u00e9passe la distance de cinq \ncents m\u00e8tres \u00e0 partir du monument historique.\nLe  trac\u00e9  du  p\u00e9rim\u00e8tre  sera  alors  annex\u00e9  au  plan  local  d'urbanisme  de  la  commune  dans  les \nconditions pr\u00e9vues \u00e0 l'article L.\u00a0153-60 ou L.\u00a0163-10 du code de l'urbanisme.\n4\n09 - PREFECTURE DE L'ARIEGE - DIRECTION DE LA COORDINATION INTERMINISTERIELLE ET DE L'APPUI TERRITORIAL -\n09-2025-10-15-00009 - Arr\u00eat\u00e9 pr\u00e9fectoral portant ouverture d'une enqu\u00eate publique portant sur le projet de cr\u00e9ation d'un p\u00e9rim\u00e8tre\nd\u00e9limit\u00e9 des abords (PDA) sur la commune d'Ax-les-Thermes 42\nArticle 13 \u2013 Ex\u00e9cution\nLe secr\u00e9taire g\u00e9n\u00e9ral de la pr\u00e9fecture de l'Ari\u00e8ge, le pr\u00e9sident de la communaut\u00e9 de communes de  \nla Haute-Ari\u00e8ge, le directeur r\u00e9gional des affaires culturelles d'Occitanie, le maire d'Ax-les-Thermes,  \nla cheffe de l'Unit\u00e9 D\u00e9partementale de l'Architecture et du Patrimoine de l'Ari\u00e8ge et le commissaire \nenqu\u00eateur sont charg\u00e9s, chacun en ce qui le concerne, de l'ex\u00e9cution du pr\u00e9sent arr\u00eat\u00e9, qui sera  \npubli\u00e9 au recueil d\u00e9partemental des actes administratifs.\nFait \u00e0 Foix, le 15 octobre 2025\nPour le pr\u00e9fet et par d\u00e9l\u00e9gation,\nLe secr\u00e9taire g\u00e9n\u00e9ral\nSign\u00e9\nJean-Philippe DARGENT\n5\n09 - PREFECTURE DE L'ARIEGE - DIRECTION DE LA COORDINATION INTERMINISTERIELLE ET DE L'APPUI TERRITORIAL -\n09-2025-10-15-00009 - Arr\u00eat\u00e9 pr\u00e9fectoral portant ouverture d'une enqu\u00eate publique portant sur le projet de cr\u00e9ation d'un p\u00e9rim\u00e8tre\nd\u00e9limit\u00e9 des abords (PDA) sur la commune d'Ax-les-Thermes 43\nEsPREFET _DE L'ARI\u00c8GELibert\u00e9Egalit\u00e9Fraternit\u00e9\nPR\u00c9FECTURE\nDirection de la coordination interminist\u00e9rielle\net de l'appui territorial\nBureau de l'appui territorial\nCellule environnement\nArr\u00eat\u00e9 pr\u00e9fectoral portant ouverture d'une enqu\u00eate publique unique\npour la demande d'autorisation environnementale et la demande de permis de construire \npr\u00e9sent\u00e9es par la soci\u00e9t\u00e9 ID LOGISTICS FRANCE relative au projet de r\u00e9alisation d'un entrep\u00f4t logistique \nau sein de la zone d'activit\u00e9s de Pign\u00e8s, sur la commune de Maz\u00e8res\nLe pr\u00e9fet de l'Ari\u00e8ge\nVu  le code de l'environnement et notamment le cha pitre\u00a0III du titre \u00a0II du livre \u00a01er\n relatif \u00e0 la  \nparticipation  du  public  aux  d\u00e9cisions  ayant  une  incidence  sur  l'environnement,  et  le  \ntitre\u00a0VIII \ndu  livre \u00a01er\n,  relatif  aux  proc\u00e9dures  administratives  pour  l'autorisation  \nenvironnementale\u00a0;\nVu   le code de l'urbanisme notamment ses articles R.\u00a0421-1, R.\u00a0423-20, R.\u00a0423-32 et R.\u00a0423-57\u00a0;\nVu la nomenclature des installations class\u00e9es pour la protection de l'environnement\u00a0;\nVu le dossier pr\u00e9sent\u00e9 par la soci\u00e9t\u00e9 ID\u00a0LOGISTICS\u00a0FRANCE relatif au projet de r\u00e9alisation d'un \nentrep\u00f4t logistique au sein de la zone d'activit\u00e9 de Pign\u00e8s, sur la commune de Maz\u00e8res\u00a0;\nVu la demande de permis de construire  PC\u00a0009\u00a0185\u00a025\u00a000008  d\u00e9pos\u00e9e le 16 \u00a0avril\u00a02025  par  la \nSAS\u00a0LOGISTRIEL\u00a0FRANCE 1, r elatif au projet de r\u00e9alisation d'un entrep\u00f4t logistique au sein  \nde la zone d'activit\u00e9 de Pign\u00e8s, sur la commune de Maz\u00e8res\u00a0;\nVu la  d\u00e9cision  de  d\u00e9signation  n\u00b0 \u00a0E25000146/31  du  Tribunal  administratif  de  Toulouse,  du  \n1er\u00a0\nao\u00fbt\u00a02025, portant d\u00e9signation de Monsieur \u00a0Fran\u00e7ois\u00a0MANTEAU en qualit\u00e9 de pr\u00e9sident  \nde la commission d'enqu\u00eate, de Messieurs \u00a0Michel\u00a0JONES et Michel \u00a0AZIMONT chacun en  \nqualit\u00e9  de  commissaire  enqu\u00eateur  titulaire  et  de  Monsieur \u00a0Yves\u00a0JACOPS  en  qualit\u00e9  de  \ncommissaire enqu\u00eateur suppl\u00e9ant, en vue de proc\u00e9der \u00e0 l'enqu\u00eate publique faisant l'objet  \ndu pr\u00e9sent arr\u00eat\u00e9\u00a0;\nVu l'avis de l'autorit\u00e9 environnementale, \u00e9mi s le 15 \u00a0mai\u00a02025, au titre de l'article R. \u00a0122-6 du \ncode de l'environnement et le m\u00e9moire en r\u00e9ponse apport\u00e9 par  la soci\u00e9t\u00e9  ID\u00a0LOGISTICS \nFRANCE\u00a0;\nVu l'avis  des  services  consult\u00e9s  en  date  des \u00a0:  5  et  6\u00a0d\u00e9cembre\u00a02024,  20\u00a0janvier,  31\u00a0mars  et \n1er\u00a0\navril\u00a02025\u00a0;\nVu  le rapport de recevabilit\u00e9 de l'inspection des installations class\u00e9es de la Direction R\u00e9gionale \nde l'Environnement, de l'Am\u00e9nagement et du Logement en date du 25\u00a0septembre\u00a02025\u00a0;\nSur proposition du secr\u00e9taire g\u00e9n\u00e9ral de la pr\u00e9fecture de l'Ari\u00e8ge\u00a0:\n2 rue de la Pr\u00e9fecture - Pr\u00e9fet Claude - Erignac B.P . 40087 - 09007 Foix Cedex \u2013 T\u00e9l : 05 61 02 10 00\nSite internet\u00a0: www.ariege.gouv.fr\n09 - PREFECTURE DE L'ARIEGE - DIRECTION DE LA COORDINATION INTERMINISTERIELLE ET DE L'APPUI TERRITORIAL -\n09-2025-10-13-00001 - Arr\u00eat\u00e9 pr\u00e9fectoral portant ouverture d'une enqu\u00eate publique unique pour la demande d'autorisation\nenvironnementale et la demande de permis de construire \npr\u00e9sent\u00e9es par la soci\u00e9t\u00e9 ID LOGISTICS FRANCE relative au projet de r\u00e9alisation d'un entrep\u00f4t logistique au sein de la zone d'activit\u00e9s\nde Pign\u00e8s, sur la commune de Maz\u00e8res\n44\nA R R \u00ca T E\nArticle 1  er\n  \u00a0  : Objet \u2013 Autorit\u00e9s d\u00e9cisionnaires\nLa demande pr\u00e9sent\u00e9e, au titre de la l\u00e9gislation sur les installations class\u00e9es pour la protection  \nde  l'environnement,  par  la  soci\u00e9t\u00e9  ID\u00a0LOGISTICS\u00a0FRANCE,  dont  le  si\u00e8ge  social  est  situ\u00e9  \n55\u00a0chemin des Engrenauds \u00e0 Orgon,  relative au projet de r\u00e9alisation d'un entrep\u00f4t logistique  \nau\u00a0sein  de  la  zone  d'activit\u00e9  de  Pign\u00e8s,  sur  la  commune  de  Maz\u00e8res ,  conform\u00e9ment  aux \ndocuments joints \u00e0 la demande, est soumise \u00e0 enqu\u00eate publique.\nPendant la dur\u00e9e de l'enqu\u00eate, des informations peuvent \u00eatre demand\u00e9es aupr\u00e8s du porteur de \nprojet\u00a0:\nSoci\u00e9t\u00e9 ID LOGISTICS FRANCE \u2013 Monsieur Thomas DUQUESNE \u2013 tduquesne@id-logistics.com.\nLes communes concern\u00e9es par le pro jet, parce qu'elles sont en totalit\u00e9 ou en partie situ\u00e9es  \ndans un rayon de 3\u00a0km du projet, sont\u00a0: Maz\u00e8res, Montaut, Saverdun et Calmont (31).\nL'activit\u00e9 projet\u00e9e rel\u00e8ve du r\u00e9gime de l'autorisation au titre des rubriques suivantes  de la  \nnomenclature des installations class\u00e9es pour la protection de l'environnement\u00a0:\n1436-1 Liquides de point \u00e9clair compris entre 60\u00b0 C et 93\u00b0 C, \u00e0 l'exception des boissons \nalcoolis\u00e9es  (stockage  ou  emploi  de).  La  quantit\u00e9  totale  susceptible  d'\u00eatre  \npr\u00e9sente dans les installations, y compris dans les cavit\u00e9s souterraines \u00e9tant\u00a0:\n1. Sup\u00e9rieure ou \u00e9gale \u00e0 1\u00a0000\u00a0t.\n1450-1 Solides inflammables (stockage ou emploi de). La quantit\u00e9 totale susceptible  \nd'\u00eatre pr\u00e9sente dans les installations \u00e9tant\u00a0:\n1. Sup\u00e9rieure ou \u00e9gale \u00e0 1\u00a0t.\n1510-1 Entrep\u00f4ts couverts (installations, pourvues d'une toiture, d\u00e9di\u00e9es au stockage  \nde mati\u00e8res ou produits combustibles en quantit\u00e9 sup\u00e9rieure \u00e0 500 tonnes), \u00e0  \nl'exception des entrep\u00f4ts utilis\u00e9s pour le stockage de mati\u00e8res, produits ou  \nsubstances  class\u00e9s,  par  ailleurs,  dans  une  unique  rubrique  de  la  pr\u00e9sente  \nnomenclature, des b\u00e2timents destin\u00e9s exclusivement au remisage des v\u00e9hicules  \n\u00e0 moteur et de leur remorque, des \u00e9tablissements recevant du public et des  \nentrep\u00f4ts exclusivement frigorifiques\u00a0:\n1.  Entrant  dans  le  champ  de  la  colonne  \u00ab \u00a0\u00e9valuation  environnementale  \nsyst\u00e9matique\u00a0\u00bb  en  application  de  la  rubrique  39.  a  de  l'annexe  de  l'article  \nR.\u00a0122-2 du code de l'environnement.\n4331-1 Liquides inflammables de cat\u00e9gorie 2 ou cat\u00e9gorie 3 \u00e0 l'exclusion de la rubrique  \n4330.  La  quantit\u00e9  totale  susceptible  d'\u00eatre  pr\u00e9sente  dans  les  installations  y \ncompris dans les cavit\u00e9s souterraines \u00e9tant\u00a0:\n1. Sup\u00e9rieure ou \u00e9gale \u00e0 1\u00a0000\u00a0t\n\u2022 Quantit\u00e9 Seveso seuil bas\u00a0: 5\u00a0000\u00a0t.\n\u2022 Quantit\u00e9 Seveso seuil haut\u00a0: 50\u00a0000\u00a0t\nPage 2/6\n09 - PREFECTURE DE L'ARIEGE - DIRECTION DE LA COORDINATION INTERMINISTERIELLE ET DE L'APPUI TERRITORIAL -\n09-2025-10-13-00001 - Arr\u00eat\u00e9 pr\u00e9fectoral portant ouverture d'une enqu\u00eate publique unique pour la demande d'autorisation\nenvironnementale et la demande de permis de construire \npr\u00e9sent\u00e9es par la soci\u00e9t\u00e9 ID LOGISTICS FRANCE relative au projet de r\u00e9alisation d'un entrep\u00f4t logistique au sein de la zone d'activit\u00e9s\nde Pign\u00e8s, sur la commune de Maz\u00e8res\n45\n4440-1 Solides comburants cat\u00e9gorie 1, 2 ou 3.\nLa quantit\u00e9 totale susceptible d'\u00eatre pr\u00e9sente dans l'installation \u00e9tant\u00a0:\n1. Sup\u00e9rieure ou \u00e9gale \u00e0 50\u00a0t\n\u2022 Quantit\u00e9 Seveso seuil bas\u00a0: 50\u00a0t.\n\u2022 Quantit\u00e9 Seveso seuil haut\u00a0: 200\u00a0t\n4441-1 Liquides comburants cat\u00e9gorie 1, 2 ou 3.\nLa quantit\u00e9 totale susceptible d'\u00eatre pr\u00e9sente dans l'installation \u00e9tant\u00a0:\n1. Sup\u00e9rieure ou \u00e9gale \u00e0 50\u00a0t\n\u2022 Quantit\u00e9 Seveso seuil bas\u00a0: 50\u00a0t.\n\u2022 Quantit\u00e9 Seveso seuil haut\u00a0: 200\u00a0t\n4510-1 Dangereux  pour  l'environnement  aquatique  de  cat\u00e9gorie  aigu\u00eb  1  ou  \nchronique\u00a01. La quantit\u00e9 totale susceptible d'\u00eatre pr\u00e9sente dans l'installation  \n\u00e9tant\u00a0:\n1. Sup\u00e9rieure ou \u00e9gale \u00e0 100\u00a0t\n\u2022 Quantit\u00e9 Seveso seuil bas\u00a0: 100\u00a0t.\n\u2022 Quantit\u00e9 Seveso seuil haut\u00a0: 200\u00a0t\n4511-1 Dangereux pour l'environnement aquatique de cat\u00e9gorie chronique 2.\nLa quantit\u00e9 totale susceptible d'\u00eatre pr\u00e9sente dans l'installation \u00e9tant\u00a0:\n1. Sup\u00e9rieure ou \u00e9gale \u00e0 200\u00a0t\n\u2022 Quantit\u00e9 Seveso seuil bas\u00a0: 200\u00a0t.\n\u2022 Quantit\u00e9 Seveso seuil haut\u00a0: 500\u00a0t\n4755-2 Alcools de bouche d'origine agricole et leurs constituants\n2. Dans les autres cas et lorsque le titre alcoom\u00e9trique volumique est sup\u00e9rieur  \n\u00e0 40\u00a0%\u00a0: la quantit\u00e9 susceptible d'\u00eatre pr\u00e9sent.\nLa d\u00e9cision qui sera prise par le pr\u00e9fet de l'Ari\u00e8ge \u00e0 l'issue de la proc\u00e9dure sera une autorisation \nenvironnementale assortie de prescriptions ou un refus.\nUne deuxi\u00e8me d\u00e9cision sera prise par le maire de la commune de Maz\u00e8res \u00e0 l'issue de la  \nproc\u00e9dure pour d\u00e9livrer le permis de construire assorti de prescriptions ou le refuser.\nArticle 2  \u00a0  :   D\u00e9signation de la commission d'enqu\u00eate\nMonsieur\u00a0Fran\u00e7ois\u00a0MANTEAU est d\u00e9sign\u00e9 en qualit\u00e9 de pr\u00e9sident de la commission d'enqu\u00eate  \npar d\u00e9cision du tribunal administratif de Toulouse du 1 er\n ao\u00fbt 2025. Messieurs\u00a0Michel\u00a0JONES et \nMichel\u00a0AZIMONT  sont  nomm\u00e9s  en  qualit\u00e9  de  commissaire  enqu\u00eateur  titulaire.  Monsieur  \nYves\u00a0JACOPS est d\u00e9sign\u00e9 commissaire enqu\u00eateur suppl\u00e9ant.\nArticle 3  \u00a0  : Dur\u00e9e\nL'enqu\u00eate  publique  se  d\u00e9roulera  du  mercredi  12 \u00a0novembre\u00a02025  \u00e0  9h00  au  vendredi  \n12\u00a0d\u00e9cembre 2025 \u00e0 17h00, soit 31\u00a0jours.\nPage 3/6\n09 - PREFECTURE DE L'ARIEGE - DIRECTION DE LA COORDINATION INTERMINISTERIELLE ET DE L'APPUI TERRITORIAL -\n09-2025-10-13-00001 - Arr\u00eat\u00e9 pr\u00e9fectoral portant ouverture d'une enqu\u00eate publique unique pour la demande d'autorisation\nenvironnementale et la demande de permis de construire \npr\u00e9sent\u00e9es par la soci\u00e9t\u00e9 ID LOGISTICS FRANCE relative au projet de r\u00e9alisation d'un entrep\u00f4t logistique au sein de la zone d'activit\u00e9s\nde Pign\u00e8s, sur la commune de Maz\u00e8res\n46\nArticle 4  \u00a0  : Dossier d'enqu\u00eate publique\nLe dossier soumis \u00e0 l'enqu\u00eate publique comporte notamment la demande pr\u00e9sent\u00e9e par la  \nsoci\u00e9t\u00e9, l'avis de l'autorit\u00e9 environnementale \u00e9mis le 15 mai 2025  et  le m\u00e9moire en r\u00e9ponse  \napport\u00e9 par  la soci\u00e9t\u00e9  ID LOGISTICS FRANCE ,  l'\u00e9tude d'impact, l'\u00e9tude de dangers et son  \nr\u00e9sum\u00e9 non technique.\nArticle 5  \u00a0  : Si\u00e8ge \u2013 Consultation du dossier\nL'enqu\u00eate  publique  se  d\u00e9roulera  sur  le  territoire  des  communes  de \u00a0:  Maz\u00e8res,  Montaut, \nSaverdun et Calmont.\nLa mairie de Maz\u00e8res est d\u00e9sign\u00e9e comme si\u00e8ge de l'enqu\u00eate.\nPendant la dur\u00e9e de l'enqu\u00eate, le dossier d'enqu\u00eate publique sera consultable\u00a0:\n\u2013\u00a0\u00e0 la mairie de Maz\u00e8res, situ\u00e9e rue de l'H\u00f4tel de Ville, B.P . 87073, 09270 Maz\u00e8res, aux jours \net heures d'ouverture habituelle de la mairie\u00a0;\n\u2013\u00a0\u00e0 la pr\u00e9fecture de l'Ari\u00e8ge en version d\u00e9mat\u00e9rialis\u00e9e sur un poste informatique\u00a0;\n\u2013\u00a0sous  format  num\u00e9rique  sur  le  site  internet  des servic es  de  l'\u00c9tat  \u00e0  l'adresse  suivante \nhttps://www.ariege.gouv.fr/Publications/Enquetes-publiques/ICPE-INSTALLATIONS-\nCLASSEES-POUR-LA-PROTECTION-DE-L-ENVIRONNEMENT\u00a0;\n\u2013\u00a0sous  format  num\u00e9rique  sur  un  registre  d\u00e9mat\u00e9rialis\u00e9  s\u00e9curis\u00e9  \u00e0  l'adresse  suivante \u00a0: \nhttps://www.registre-numerique.fr/construction-mazeres.\nLe dossier d'enqu\u00eate publique est communicable \u00e0 toute personne, sur sa demande et \u00e0 ses  \nfrais, d\u00e8s la publication de l'arr\u00eat\u00e9 d'ouverture de l'enqu\u00eate publique.\nArticle 6\u00a0: Consignation des observations\nPendant la dur\u00e9e de l'enqu\u00eate, le public pourra consigner ses observations et propositions\u00a0:\n\u2022 sur  le  registre  d\u00e9mat\u00e9rialis\u00e9  s\u00e9curis\u00e9  ouvert  depuis  le  site  internet  suivant \u00a0: \nhttps://www.registre-numerique.fr/construction-mazeres.\n\u2022 par courriel \u00e0 l'adresse suivante\u00a0: construction-mazeres@mail.registre-numerique.fr.\n\u2022 le site sera \u00e9galement accessible \u00e0 partir du lien disponible sur le site des services de \nl'\u00c9tat\u00a0: https://www.ariege.gouv.fr/Publications/Enquetes-publiques/ICPE-\nINSTALLATIONS-CLASSEES-POUR-LA-PROTECTION-DE-L-ENVIRONNEMENT\u00a0;\n\u2022 sur le registre d'enqu\u00eate publique ouvert \u00e0 cet effet, \u00e9tabli sur feuillets non mobiles,  \nc\u00f4t\u00e9 et paraph\u00e9 par le commissaire enqu\u00eateur, \u00e0 la mairie de  Maz\u00e8res,  aux jours et  \nheures habituels d'ouverture de la mairie\u00a0;\n\u2022 par correspondance directement \u00e0 M. Fran\u00e7ois MANTEAU en qualit\u00e9 de pr\u00e9sident de la  \ncommission d'enqu\u00eate, \u00e0 l'adresse du si\u00e8ge de l'enqu\u00eate \u00a0: Mairie de Maz\u00e8res, Rue de  \nl'H\u00f4tel de Ville, B.P . 87073, 09270 Maz\u00e8res.\nEn outre, les observations et propositions \u00e9crites et orales du public seront \u00e9galement re\u00e7ues  \npar la commission d'enqu\u00eate, aux lieux, jours et heures vis\u00e9s \u00e0 l'article 7 ci-dessous.\nLes contributions transmises par courriel seront publi\u00e9es et visibles, dans les meilleurs d\u00e9lais, sur \nle registre d\u00e9mat\u00e9rialis\u00e9 https://www.registre-numerique.fr/construction-mazeres.\nPage 4/6\n09 - PREFECTURE DE L'ARIEGE - DIRECTION DE LA COORDINATION INTERMINISTERIELLE ET DE L'APPUI TERRITORIAL -\n09-2025-10-13-00001 - Arr\u00eat\u00e9 pr\u00e9fectoral portant ouverture d'une enqu\u00eate publique unique pour la demande d'autorisation\nenvironnementale et la demande de permis de construire \npr\u00e9sent\u00e9es par la soci\u00e9t\u00e9 ID LOGISTICS FRANCE relative au projet de r\u00e9alisation d'un entrep\u00f4t logistique au sein de la zone d'activit\u00e9s\nde Pign\u00e8s, sur la commune de Maz\u00e8res\n47\nElles devront \u00eatre d\u00e9pos\u00e9es et parvenues \u00e0 destination, quelle qu'en soit la forme (papier ou  \n\u00e9lectronique) avant le terme de l'enqu\u00eate, soit avant le vendredi 12 d\u00e9cembre 2025 \u00e0 17h00.\nLes  observations  et  propositions  du  public  transmises  par  voie  postale,  ainsi  que  les  \nobservations \u00e9crites mentionn\u00e9es au troisi\u00e8me alin\u00e9a du pr\u00e9sent article, sont consultables \u00e0 la  \nmairie de Maz\u00e8res ainsi que sur le registre d\u00e9mat\u00e9rialis\u00e9\u00a0:\nhttps://www.registre-numerique.fr/construction-mazeres  .  \nEn outre et s'il en \u00e9tait besoin, l es observations et propositions du public sont communicables  \naux frais de la personne qui en fait la demande pendant toute la dur\u00e9e de l'enqu\u00eate.\nArticle 7  \u00a0  : Permanences\nDans le but de permettre la meilleure participation du public, celui-ci pourra s'entretenir avec la \ncommission d'enqu\u00eate aux jours et heures sp\u00e9cifi\u00e9s ci-apr\u00e8s\u00a0:\n\u2022 le mercredi 12 novembre 2025, de 9h00 \u00e0 12h00, \u00e0 la mairie de Maz\u00e8res\u00a0;\n\u2022 le mercredi 19 novembre 2025, de 9h00 \u00e0 12h00, \u00e0 la mairie de Montaut\u00a0;\n\u2022 le mercredi 19 novembre 2025, de 14h00 \u00e0 17h00, \u00e0 la mairie de Saverdun\u00a0;\n\u2022 le mardi 2 d\u00e9cembre 2025, de 15h00 \u00e0 18h00, \u00e0 la mairie de Calmont\u00a0;\n\u2022 le vendredi 12 d\u00e9cembre, de 14h00 \u00e0 17h00, \u00e0 la mairie de Maz\u00e8res.\nArticle 8  \u00a0  : R\u00e9union publique\nUne r\u00e9union publique en pr\u00e9sence du p\u00e9titionnaire, est organis\u00e9e par la commission d'enqu\u00eate \nle mercredi 26 novembre 2025 de 18h00 \u00e0 20h00 \u00e0 la salle du centre d'action culturelle de  \nMaz\u00e8res.\nArticle 9  \u00a0  : Publicit\u00e9\nUn  avis  au  public  annon\u00e7ant  la  pr\u00e9sente  enqu\u00eate  sera  affich\u00e9,  par  les  soins  des  maires  \nconcern\u00e9s, dans les mairies de\u00a0:\n\u2022 Maz\u00e8res\u00a0;\n\u2022 Montaut\u00a0;\n\u2022 Saverdun\u00a0;\n\u2022 Calmont (31).\nIl sera proc\u00e9d\u00e9 \u00e0 cet affichage quinze jours au moins avant l'ouverture de l'enqu\u00eate et pendant  \ntoute la dur\u00e9e de celle-ci. Cette formalit\u00e9 fera l'objet d'un certificat d'affichage qui sera adress\u00e9 \npar  les  maires  d\u00e8s  la  cl\u00f4ture  de  l'enqu\u00eate  \u00e0  la  pr\u00e9fecture  de  l'Ari\u00e8ge  (Direction  de  la  \ncoordination interminist\u00e9rielle et de l'appui territorial \u2013 Bureau de l'appui territorial \u2013 Cellule  \nEnvironnement).\nL'avis  d'enqu\u00eate  sera  publi\u00e9  sur  le  site  internet  des  services  de  l'\u00c9tat  \nhttp://www.ariege.gouv.fr/Publications/Enquetes-publiques/ICPE-INSTALLATIONS-CLASSEES-\nPOUR-LA-PROTECTION-DE-L-ENVIRONNEMENT dans les m\u00eames conditions de d\u00e9lai.\nDans  les  m\u00eames  conditions  de  d\u00e9lai  et  de  dur\u00e9e,  le  responsable  du  projet  proc\u00e9dera  \u00e0  \nl'affichage du m\u00eame avis sur les lieux pr\u00e9vus pour la r\u00e9alisation du projet. Les affiches doivent  \n\u00eatre visibles et lisibles des voies publiques et \u00e9tablies selon les modalit\u00e9s d\u00e9finies par l'article  \nR.\u00a0123-11 du code de l'environnement minist\u00e9riel (au moins format A2 sur fond jaune).\nPage 5/6\n09 - PREFECTURE DE L'ARIEGE - DIRECTION DE LA COORDINATION INTERMINISTERIELLE ET DE L'APPUI TERRITORIAL -\n09-2025-10-13-00001 - Arr\u00eat\u00e9 pr\u00e9fectoral portant ouverture d'une enqu\u00eate publique unique pour la demande d'autorisation\nenvironnementale et la demande de permis de construire \npr\u00e9sent\u00e9es par la soci\u00e9t\u00e9 ID LOGISTICS FRANCE relative au projet de r\u00e9alisation d'un entrep\u00f4t logistique au sein de la zone d'activit\u00e9s\nde Pign\u00e8s, sur la commune de Maz\u00e8res\n48\nCe m\u00eame avis sera publi\u00e9, par les soins du pr\u00e9fet, aux frais du demandeur, dans deux journaux,  \nen caract\u00e8res apparents, quinze jours au moins avant le d\u00e9but de l'enqu\u00eate et rappel\u00e9 dans les  \nhuit premiers jours de celle-ci.\nArticle 10\u00a0: Cl\u00f4ture de l'enqu\u00eate \u2013 R\u00e9daction du rapport et des conclusions\nLe registre d'enqu\u00eate sera clos par la commission d'enqu\u00eate.\nApr\u00e8s cl\u00f4ture de l'enqu\u00eate, la commission d'enqu\u00eate rencontrera, dans un d\u00e9lai de huit jours \u00e0  \ncompter de la r\u00e9ception du registre et des documents annex\u00e9s, le responsable du projet et lui  \ncommuniquera les observations \u00e9crites et orales consign\u00e9es dans un proc\u00e8s-verbal de synth\u00e8se. \nLe responsable du projet dispose d'un d\u00e9lai de r\u00e9ponse de quinze jours pour produire ses  \nobservations.\nLa commission d'enqu\u00eate \u00e9tablira un rapport qui relate le d\u00e9roulement de l'enqu\u00eate et examine \nles observations recueillies.  Le rapport comporte le rappel de l'objet du projet, la liste de  \nl'ensemble des pi\u00e8ces figurant dans le dossier d'enqu\u00eate, une synth\u00e8se des observations du  \npublic,  une  analyse  des  propositions  produites  durant  l'enqu\u00eate  et,  le  cas  \u00e9ch\u00e9ant,  les  \nobservations du responsable du projet en r\u00e9ponse aux observations du public.\nLa commission d'enqu\u00eate consignera, dans une pr\u00e9sentation s\u00e9par\u00e9e, ses conclusions motiv\u00e9es, \nen pr\u00e9cisant si elles sont favorables, favorables sous r\u00e9serves ou d\u00e9favorables au projet.\nLa  commission  d'enqu\u00eate transmettra  ensuite  \u00e0  la  pr\u00e9fecture  de  l'Ari\u00e8ge  (Direction  de  la \ncoordination interminist\u00e9rielle et de l'appui territorial \u2013 Bureau de l'appui territorial \u2013 Cellule  \nEnvironnement) le registre et pi\u00e8ces annex\u00e9es, avec son rapport et ses conclusions motiv\u00e9es,  \ndans un d\u00e9lai de trente jours \u00e0 compter de la date de cl\u00f4ture de l'enqu\u00eate ainsi qu'au pr\u00e9sident \ndu tribunal administratif.  Si ce d\u00e9lai ne peut \u00eatre respect\u00e9,  la commission d'enqu\u00eate  devra  \npr\u00e9senter au pr\u00e9fet une demande motiv\u00e9e de report de ce d\u00e9lai.\nToute personne pourra prendre connaissance, pendant un an \u00e0 compter de la date de cl\u00f4ture  \nde l'enqu\u00eate, du rapport et des conclusions motiv\u00e9es du commissaire enqu\u00eateur \u00e0 la pr\u00e9fecture \nde l'Ari\u00e8ge ( Direction de la coordination interminist\u00e9rielle et de l'appui territorial \u2013 Bureau de \nl'appui  territorial  \u2013  Cellule  Environnement),  \u00e0  la  mairie  de  Maz\u00e8res . Ces  \u00e9l\u00e9ments  seront  \n\u00e9galement mis \u00e0 disposition du public sur le site internet des services de l'\u00c9tat.\nArticle 11  \u00a0  : Consultation des conseils municipaux\nLes conseils municipaux de  Maz\u00e8res, Montaut, Saverdun et Calmont (31)  sont appel\u00e9s, d\u00e8s  \nl'ouverture de l'enqu\u00eate, \u00e0 donner leur avis sur la demande d'autorisation pr\u00e9sent\u00e9e par le  \np\u00e9titionnaire. Ces avis ne seront pris en consid\u00e9ration que s'ils sont exprim\u00e9s au plus tard dans  \nles quinze jours suivant la cl\u00f4ture du registre de l'enqu\u00eate.\nArticle 12\u00a0: Ex\u00e9cution\nLe  secr\u00e9taire  g\u00e9n\u00e9ral  de  la  pr\u00e9 fecture  de  l'Ari\u00e8ge,  la  sous-pr\u00e9f\u00e8te  de  l'arrondissement  de \nPamiers,  les  maires  de  Maz\u00e8res,  Montaut,  Saverdun  et  Calmont  (31)  et  les  membres  de  la \ncommission d'enqu\u00eate sont charg\u00e9s, chacun en ce qui le concerne, de l'ex\u00e9cution du pr\u00e9sent  \narr\u00eat\u00e9 qui sera publi\u00e9 au recueil des actes administratifs de la pr\u00e9fecture et sur le site internet  \ndes services de l'\u00c9tat.\nFait \u00e0 Foix, le 13 octobre 2025\nPour le pr\u00e9fet et par d\u00e9l\u00e9gation,\nLe secr\u00e9taire g\u00e9n\u00e9ral\nSign\u00e9\nJean-Philippe DARGENT\nPage 6/6\n09 - PREFECTURE DE L'ARIEGE - DIRECTION DE LA COORDINATION INTERMINISTERIELLE ET DE L'APPUI TERRITORIAL -\n09-2025-10-13-00001 - Arr\u00eat\u00e9 pr\u00e9fectoral portant ouverture d'une enqu\u00eate publique unique pour la demande d'autorisation\nenvironnementale et la demande de permis de construire \npr\u00e9sent\u00e9es par la soci\u00e9t\u00e9 ID LOGISTICS FRANCE relative au projet de r\u00e9alisation d'un entrep\u00f4t logistique au sein de la zone d'activit\u00e9s\nde Pign\u00e8s, sur la commune de Maz\u00e8res\n49\nEsPREFET _DE L'ARI\u00c8GELibert\u00e9Egalit\u00e9Fraternit\u00e9\nDIRECTION D\u00c9PARTEMENTALE\nDE L'EMPLOI, DU TRAVAIL, DES SOLIDARIT\u00c9S \nET DE LA PROTECTION DES POPULATIONS\nSant\u00e9, protection animales et environnement\nT\u00e9l : 05 61 02 43 00\nCourriel : ddetspp@ariege.gouv.fr  r  \nArr\u00eat\u00e9 pr\u00e9fectoral n\u00b0SA-025-FP-069\nd\u00e9terminant une zone r\u00e9glement\u00e9e suite \u00e0 un foyer de dermatose \nnodulaire contagieuse bovine (DNCB)\nLe Pr\u00e9fet de l'Ari\u00e8ge\nVU le R\u00e8glement (CE) n\u00b0178/2002 du Parlement europ\u00e9en et du Conseil du 28 janvier 2002  \n\u00e9tablissant les principes g\u00e9n\u00e9raux et les prescriptions g\u00e9n\u00e9rales de la l\u00e9gislation alimentaire,  \ninstituant l'Autorit\u00e9 europ\u00e9enne de s\u00e9curit\u00e9 des aliments et fixant des proc\u00e9dures relatives \u00e0  \nla s\u00e9curit\u00e9 des denr\u00e9es alimentaires ;\nVU le r\u00e8glement (CE) n\u00b0853/2004 du Parlement europ\u00e9en et du Conseil du 29 avril 2004 fixant \ndes r\u00e8gles sp\u00e9cifiques d'hygi\u00e8ne applicables aux denr\u00e9es alimentaires d'origine animale ;\nVU le R\u00e8glement (CE) n\u00b01069/2009 du Parlement europ\u00e9en et du Conseil du 21 octobre 2009  \n\u00e9tablissant des r\u00e8gles sanitaires applicables aux sous-produits animaux et produits d\u00e9riv\u00e9s non \ndestin\u00e9s \u00e0 la consommation humaine et abrogeant le r\u00e8glement (CE) n\u00b0 1774/2002 (r\u00e8glement  \nrelatif aux sous-produits animaux) ;\nVU le R\u00e8glement (UE) n\u00b02016/429 du Parlement europ\u00e9en et du Conseil relatif aux maladies  \nanimales transmissibles et modifiant et abrogeant certains actes dans le domaine de la sant\u00e9  \nanimale (\u00ab l\u00e9gislation sur la sant\u00e9 animale \u00bb) ;\nVU le R\u00e8glement (UE) n\u00b02018/1882 de la Commission du 3 d\u00e9cembre 2018 sur l'application de  \ncertaines  dispositions  en  mati\u00e8re  de  pr\u00e9vention  et  de  lutte  contre  les  maladies  \u00e0  des \ncat\u00e9gories  de  maladies  r\u00e9pertori\u00e9es  et  \u00e9tablissant  une  liste  des  esp\u00e8ces  et  des  groupes \nd'esp\u00e8ces qui pr\u00e9sentent un risque consid\u00e9rable du point de vue de la propagation de ces  \nmaladies r\u00e9pertori\u00e9es ;\nVU le  R\u00e8glement  d\u00e9l\u00e9gu\u00e9  (UE)  n\u00b02020/687  de  la  Commission  du  17  d\u00e9cembre  2019 \ncompl\u00e9tant le R\u00e8glement (UE) n\u00b02016/429 du Parlement europ\u00e9en et du Conseil en ce qui  \nconcerne les r\u00e8gles relatives \u00e0 la pr\u00e9vention de certaines maladies r\u00e9pertori\u00e9es et \u00e0 la lutte  \ncontre celles-ci ;\nVU le R\u00e8glement d\u00e9l\u00e9gu\u00e9 (UE) 2023/361 de la Commission du 28 novembre 2022 compl\u00e9tant  \nle r\u00e8glement (UE) 2016/429 du Parlement europ\u00e9en et du Conseil en ce qui concerne les r\u00e8gles \n9 rue Lieutenant Paul Delpech - 09000 Foix Cedex \u2013 T\u00e9l : 05 61 02 43 00\nSite internet : www.ariege.gouv.fr\nPage 1 / 8\n09 - PREFECTURE DE L'ARIEGE - DIRECTION DE LA COORDINATION INTERMINISTERIELLE ET DE L'APPUI TERRITORIAL -\n09-2025-10-16-00001 - Arr\u00eat\u00e9 pr\u00e9fectoral n\u00b0SA-025-FP-069\nd\u00e9terminant une zone r\u00e9glement\u00e9e suite \u00e0 un foyer de dermatose nodulaire contagieuse bovine (DNCB) 50\napplicables  \u00e0  l'utilisation  de  certains  m\u00e9dicaments  v\u00e9t\u00e9rinaires  pour  la  pr\u00e9vention  de \ncertaines maladies r\u00e9pertori\u00e9es et la lutte contre celles-ci ;\nVU le Code rural et de la p\u00eache maritime  ; notamment ses articles L. 223-8 et R. 228-1 \u00e0 R.  \n228-10 ;\nVU le Code de la justice administrative, notamment son article R.421-1 et suivants ;\nVU le  d\u00e9cret  n\u00b02004-374  du  29  avril  2004  modifi\u00e9,  relatif  aux  pouvoirs  des  pr\u00e9fets,  \u00e0 \nl'organisation et \u00e0 l'action des services de l'\u00c9tat dans les r\u00e9gions et les d\u00e9partements ;\nVU le d\u00e9cret n\u00b02009-1484 du 3 d\u00e9cembre 2009 relatif aux directions d\u00e9partementales et  \ninterminist\u00e9rielles ;\nVU le d\u00e9cret du 13 juillet 2023 portant nomination de Monsieur Simon BERTOUX en qualit\u00e9 de \nPr\u00e9fet du d\u00e9partement de l'Ari\u00e8ge ;\nVU l'arr\u00eat\u00e9 modifi\u00e9 du 5 juin 2000 relatif au registre d'\u00e9levage ;\nVU l'arr\u00eat\u00e9 du 30 mars 2001 modifi\u00e9 fixant les modalit\u00e9s de l'estimation des animaux abattus  \net des denr\u00e9es et produits d\u00e9truits sur ordre de l'administration ;\nVU l'arr\u00eat\u00e9 du 24 octobre 2005 pris pour application de l'article L.\u00a0221-1 du Code rural ;\nVU l'arr\u00eat\u00e9 du 6 ao\u00fbt 2013 relatif \u00e0 l'identification des animaux de l'esp\u00e8ce bovine ;\nVU l'arr\u00eat\u00e9 du 24 avril 2024 fixant les r\u00e8gles g\u00e9n\u00e9rales de police sanitaire relatives aux produits \nd'origine d'animale issus d'animaux terrestres destin\u00e9s \u00e0 la consommation humaine ;\nVU  l'arr\u00eat\u00e9 fixant les mesures de surveillance, de pr\u00e9vention et de lutte relatives \u00e0 la lutte  \ncontre la Dermatose Nodulaire Contagieuse sur le territoire m\u00e9tropolitain\nVU l'arr\u00eat\u00e9 du 16 juillet 2025 fixant les mesures financi\u00e8res relatives \u00e0 la dermatose nodulaire  \ncontagieuse ;\nVU l'arr\u00eat\u00e9 pr\u00e9fectoral du 28 novembre 2023 portant d\u00e9l\u00e9gation de signature \u00e0 Monsieur  \nFr\u00e9d\u00e9ric  PUJOL,  Directeur  d\u00e9partemental  de  l'emploi,  du  travail,  des  solidarit\u00e9s  et  de  la \nprotection des populations de l'Ari\u00e8ge ;\nVU les arr\u00eat\u00e9s pr\u00e9fectoraux portant d\u00e9claration d'infection n\u00b0 2025-288-001, 2025-288-002,  \n2025-288-003, 2025-288-004 du 15 octobre 2025 ;\nVU la  fiche  technique  relative  \u00e0  la  Dermatose  nodulaire  contagieuse  de  l'Organisation \nmondiale de la Sant\u00e9 animale (OMSA);\nPage 2 / 8\n09 - PREFECTURE DE L'ARIEGE - DIRECTION DE LA COORDINATION INTERMINISTERIELLE ET DE L'APPUI TERRITORIAL -\n09-2025-10-16-00001 - Arr\u00eat\u00e9 pr\u00e9fectoral n\u00b0SA-025-FP-069\nd\u00e9terminant une zone r\u00e9glement\u00e9e suite \u00e0 un foyer de dermatose nodulaire contagieuse bovine (DNCB) 51\nVU le Code terrestre de l'Organisation mondiale de la Sant\u00e9 animale (OMSA) en particulier le  \nchapitre 11.9 ;\nVU l'avis de l'ANSES datant de juin 2017 , suite \u00e0 la saisine 2016 \u2013 SA \u2013 0120, intitul\u00e9 Risque  \nd'introduction de la dermatose nodulaire contagieuse en France ;\nCONSID\u00c9RANT que des mesures d'\u00e9radication imm\u00e9diates doivent \u00eatre prises aussit\u00f4t que la \nmaladie est suspect\u00e9e ;  \nCONSID\u00c9RANT qu'il est essentiel de d\u00e9tecter pr\u00e9cocement la pr\u00e9sence du virus au sein  \nd'autres \u00e9levages bovins afin de pr\u00e9venir sa propagation entre \u00e9tablissements ;\nCONSID\u00c9RANT la  fiche  technique  relative  \u00e0  la  Dermatose  nodulaire  contagieuse  de \nl'Organisation  mondiale  de  la  Sant\u00e9  animale  (OMSA)  qui  dispose  que  le  virus  n'est  pas \ntransmissible aux humains;\nCONSID\u00c9RANT l'avis de l'ANSES datant de juin 2017 , suite \u00e0 la saisine 2016 \u2013 SA \u2013 0120,  \nintitul\u00e9 Risque d'introduction de la dermatose nodulaire contagieuse en France qui dispose  \nque  la  probabilit\u00e9  d'apparition  d'un  foyer  de  Dermatose  nodulaire  contagieuse  par \nl'interm\u00e9diaire de lait destin\u00e9 \u00e0 l'alimentation animale est estim\u00e9e comme nulle \u00e0 quasi-nulle ;\nSur proposition de M. le directeur d\u00e9partemental de l'emploi, du travail, des solidarit\u00e9s et de  \nla protection des populations de l'Ari\u00e8ge;\nARR\u00caTE\nArticle 1 : D\u00e9finition\nUne zone r\u00e9glement\u00e9e est d\u00e9finie comme suit :\n- une zone de protection (aucune commune d'Ari\u00e8ge concern\u00e9e) ;\n- une zone de surveillance comprenant le territoire des communes list\u00e9es en annexe 1 ;\nSection 1 : Mesures d\u00e9ploy\u00e9es dans la zone r\u00e9glement\u00e9e\nLes territoires de la zone r\u00e9glement\u00e9e sont soumis aux dispositions suivantes :\nArticle 2     : Recensement\nUn recensement de tous les \u00e9tablissements (commerciaux et non commerciaux) d\u00e9tenant des \nbovins, doit \u00eatre effectu\u00e9 imm\u00e9diatement par la DDETSPP en mentionnant les effectifs des  \ndiff\u00e9rentes unit\u00e9s \u00e9pid\u00e9miologiques.\nArticle 3     :   Mesures de bios\u00e9curit\u00e9\n1\u00b0 Les bovins d\u00e9tenus dans les \u00e9tablissements de la zone de protection et de la zone de  \nsurveillance sont maintenus \u00e0 l'\u00e9cart des autres esp\u00e8ces d\u00e9tenues ; dans les \u00e9levages mixtes,  \nles animaux autres que bovins doivent \u00eatre maintenus \u00e0 l'\u00e9cart \u00e9galement ;\nPage 3 / 8\n09 - PREFECTURE DE L'ARIEGE - DIRECTION DE LA COORDINATION INTERMINISTERIELLE ET DE L'APPUI TERRITORIAL -\n09-2025-10-16-00001 - Arr\u00eat\u00e9 pr\u00e9fectoral n\u00b0SA-025-FP-069\nd\u00e9terminant une zone r\u00e9glement\u00e9e suite \u00e0 un foyer de dermatose nodulaire contagieuse bovine (DNCB) 52\n2\u00b0 Des moyens appropri\u00e9s de lutte contre les insectes sont mis en place \u00e0 l'int\u00e9rieur et autour  \ndes \u00e9tablissements ;\n3\u00b0 L'acc\u00e8s aux \u00e9tablissements situ\u00e9s en zone de protection et de surveillance est limit\u00e9 aux  \nseules personnes indispensables \u00e0 la tenue de l'\u00e9levage. Ces personnes mettent en \u0153uvre les  \nmesures  de  bios\u00e9curit\u00e9  individuelles  visant  \u00e0  limiter  le  risque  de  diffuser  la  maladie, \nnotamment par l'utilisation de v\u00eatements de protection \u00e0 usage unique et, en cas de visite  \nd'un  \u00e9tablissement  suspect,  la  prise  de  pr\u00e9cautions  suppl\u00e9mentaires  telles  que  douche, \nchangement de tenue vestimentaire et nettoyage des bottes ;\n4\u00b0 Des moyens appropri\u00e9s de d\u00e9sinfection et de d\u00e9sinsectisation pour les personnes, les  \nmoyens de transports et les \u00e9quipements doivent \u00eatre disponibles aux entr\u00e9es et aux sorties  \ndes \u00e9tablissements d'\u00e9levage, afin d'\u00e9viter la diffusion du virus de la dermatose nodulaire  \ncontagieuse. En particulier, les v\u00e9hicules transportant des \u00e9quid\u00e9s sont d\u00e9sinsectis\u00e9s avant le  \nd\u00e9part ;\n5\u00b0 Un registre des entr\u00e9es et des sorties des personnes et des v\u00e9hicules doit \u00eatre tenu \u00e0 jour  \ndans chacun des \u00e9tablissements d'\u00e9levage ;\n6\u00b0 Le nettoyage et la d\u00e9sinfection des v\u00e9hicules sont effectu\u00e9s, sous la responsabilit\u00e9 du  \nresponsable de l'\u00e9tablissement concern\u00e9, \u00e0 l'entr\u00e9e et \u00e0 la sortie de tous les \u00e9tablissements en \nlien avec l'\u00e9levage de bovins tels que les \u00e9levages, abattoirs, laiteries, entrep\u00f4ts ou entreprises \nde sous-produits animaux, \u00e9quarrissages, les distributeurs et fabricants d'aliments.\nLes  tourn\u00e9es  impliquant  des  zones  de  statuts  diff\u00e9rents  sont  organis\u00e9es  de  fa\u00e7on  \u00e0 \ncommencer par les zones de risque le plus faible pour s'achever dans les zones de risque le  \nplus \u00e9lev\u00e9 ;\n7\u00b0  Les  cadavres  de  bovins  sont  stock\u00e9s  dans  des  containers  \u00e9tanches  et  collect\u00e9s  par \nl'\u00e9quarrisseur en respectant les r\u00e8gles de bios\u00e9curit\u00e9.\nArticle 4     : Mesures de surveillance en \u00e9levage\n1\u00b0 Tous les \u00e9tablissements de bovins situ\u00e9s dans la zone de protection font l'objet de visites  \nv\u00e9t\u00e9rinaires dans un d\u00e9lai prescrit par le directeur d\u00e9partemental de l'emploi, du travail, des  \nsolidarit\u00e9s et de la protection des populations pour contr\u00f4ler l'\u00e9tat sanitaire des animaux par  \nl'examen clinique, la v\u00e9rification des informations du registre d'\u00e9levage et le cas \u00e9ch\u00e9ant, la  \nr\u00e9alisation de pr\u00e9l\u00e8vements pour analyse de laboratoire. Par d\u00e9rogation le pr\u00e9fet peut d\u00e9cider \nd'exiger non pas la visite de tous ces \u00e9tablissements mais celle d'un nombre repr\u00e9sentatif de  \nces \u00e9tablissements conform\u00e9ment \u00e0 l'article 26, paragraphe 5 du r\u00e8glement d\u00e9l\u00e9gu\u00e9 (UE)  \n2020/687 susvis\u00e9 ;\n2\u00b0 Un \u00e9chantillon des \u00e9tablissements de bovins situ\u00e9s dans la zone de surveillance font l'objet  \nde visites v\u00e9t\u00e9rinaires dans un d\u00e9lai prescrit par le directeur d\u00e9partemental de l'emploi, du  \ntravail, des solidarit\u00e9s et de la protection des populations pour contr\u00f4ler l'\u00e9tat sanitaire des  \nanimaux par l'examen clinique, la v\u00e9rification des informations du registre d'\u00e9levage et le cas  \n\u00e9ch\u00e9ant, la r\u00e9alisation de pr\u00e9l\u00e8vements pour analyse de laboratoire ;\n3\u00b0 Toute apparition de signes cliniques \u00e9vocateurs de dermatose nodulaire contagieuse ou  \ntoute augmentation de la mortalit\u00e9 ainsi que toute baisse importante dans les donn\u00e9es de  \nproduction, sont imm\u00e9diatement signal\u00e9es au directeur d\u00e9partemental de l'emploi, du travail, \ndes solidarit\u00e9s et de la protection des populations par les responsables des \u00e9tablissements ;\nPage 4 / 8\n09 - PREFECTURE DE L'ARIEGE - DIRECTION DE LA COORDINATION INTERMINISTERIELLE ET DE L'APPUI TERRITORIAL -\n09-2025-10-16-00001 - Arr\u00eat\u00e9 pr\u00e9fectoral n\u00b0SA-025-FP-069\nd\u00e9terminant une zone r\u00e9glement\u00e9e suite \u00e0 un foyer de dermatose nodulaire contagieuse bovine (DNCB) 53\n4\u00b0 Les visites pr\u00e9vues aux points 1 et 2 sont r\u00e9alis\u00e9es par un v\u00e9t\u00e9rinaire mandat\u00e9 au titre de  \nl'article L 203-8 du code rural et de la p\u00eache maritime.\nSection 2 : Mesures compl\u00e9mentaires pour les \u00e9tablissements situ\u00e9s dans la zone de \nprotection et la zone de surveillance\nSans pr\u00e9judice des dispositions de la section 1, les territoires plac\u00e9s en zone r\u00e9glement\u00e9e sont \nsoumis, aux mesures suivantes :\nArticle 5     :   Mesures concernant les mouvements de bovins\nSont interdits dans la zone r\u00e9glement\u00e9e :\n1\u00b0 Les mouvements des bovins et des animaux des esp\u00e8ces sensibles \u00e0 la dermatose nodulaire  \ncontagieuse  d\u00e9tenus  \u00e0  partir  ou  \u00e0  destination  d'\u00e9tablissements  situ\u00e9s  dans  la  zone \nr\u00e9glement\u00e9e ;\n2\u00b0  Les  mouvements  de  sperme  et  de  produits  germinaux  issus  des  esp\u00e8ces  sensibles.  Le \nsperme et produits germinaux issus de bovins provenant de la zone r\u00e9glement\u00e9e et pr\u00e9lev\u00e9s  \navant le 25 mai 2025 ne sont pas concern\u00e9s par cette interdiction ;\n3\u00b0 Les foires, les march\u00e9s, les expositions et autres rassemblements de bovins, y compris leur  \nramassage et leur distribution ;\n4\u00b0 Tout mouvement de personnes, de mammif\u00e8res des esp\u00e8ces domestiques, de v\u00e9hicules et  \nd'\u00e9quipement est \u00e9vit\u00e9 autant que faire se peut dans les \u00e9levages d\u00e9tenant des esp\u00e8ces  \nsensibles, les mouvements n\u00e9cessaires font l'objet de pr\u00e9cautions particuli\u00e8res en termes de  \nchangement  de  tenue,  de  parcage  des  v\u00e9hicules  en  dehors  des  zones  d'\u00e9levage  et  de \nnettoyage et d\u00e9sinfection afin d'\u00e9viter les risques de propagation de l'infection.\nDes d\u00e9rogations individuelles \u00e0 ces interdictions peuvent \u00eatre accord\u00e9es par le directeur de la \nDDETSPP pour le point 1\u00b0, pour les mouvements \u00e0 destination de l'abattoir, ou pour les autres \npoints sous r\u00e9serve d'une analyse de risque et du respect des mesures suivantes :\n- Tous  les  mouvements  autoris\u00e9s  sont  effectu\u00e9s  sans  d\u00e9chargement,  ni  arr\u00eat  jusqu'au \nd\u00e9chargement dans l'\u00e9tablissement de destination, en privil\u00e9giant les grands axes routiers ou  \nferroviaires, en \u00e9vitant de passer \u00e0 proximit\u00e9 d'\u00e9tablissements d\u00e9tenant des bovins ;\n- Les moyens de transport des animaux vivants sont nettoy\u00e9s, d\u00e9sinfect\u00e9s et d\u00e9sinsectis\u00e9s  \navant tout nouveau chargement d'animaux ;\nLa demande de d\u00e9rogation doit justifier a minima d'un examen clinique r\u00e9cent favorable, si  \nn\u00e9cessaire  de  r\u00e9sultats  favorables  d'examens  de  laboratoire,  d'une  conclusion  de  visite \nfavorable \u00e9tablie par un v\u00e9t\u00e9rinaire sanitaire. Si la d\u00e9rogation est accord\u00e9e, des laissez-passer  \nseront d\u00e9livr\u00e9s par le directeur  de la DDETSPP avec les prescriptions n\u00e9cessaires. Dans le cas  \nparticulier de la d\u00e9rogation pour les mouvements \u00e0 destination de l'abattoir, l'abattage est  \nr\u00e9alis\u00e9 dans les 24 heures suivant l'arriv\u00e9e des animaux \u00e0 l'abattoir.\nArticle 6 : Mesures concernant les sous-produits animaux issus de bovins provenant de la zone \nr\u00e9glement\u00e9e et mesures concernant l'alimentation animale\n1\u00b0 L'\u00e9pandage de fumier est interdit.\nLes mouvements de fumier, de lisier et de liti\u00e8re sont interdits sauf si le produit est destin\u00e9 ou \n\u00e0 subi une transformation en usine agr\u00e9\u00e9e situ\u00e9e dans la zone ou s'il a \u00e9t\u00e9 assaini au sens de  \nl'annexe IV du r\u00e8glement 2020/687 .\nPage 5 / 8\n09 - PREFECTURE DE L'ARIEGE - DIRECTION DE LA COORDINATION INTERMINISTERIELLE ET DE L'APPUI TERRITORIAL -\n09-2025-10-16-00001 - Arr\u00eat\u00e9 pr\u00e9fectoral n\u00b0SA-025-FP-069\nd\u00e9terminant une zone r\u00e9glement\u00e9e suite \u00e0 un foyer de dermatose nodulaire contagieuse bovine (DNCB) 54\nL'exp\u00e9dition  de  ces  sous-produits  animaux  \u00e0  destination  d'une  usine  agr\u00e9\u00e9e  pour  leur \ntraitement, ou leur entreposage temporaire en vue d'un traitement ult\u00e9rieur visant \u00e0 d\u00e9truire  \ntout virus de la dermatose nodulaire contagieuse \u00e9ventuellement pr\u00e9sent conform\u00e9ment au  \nr\u00e8glement (CE) n\u00b01069/2009 susvis\u00e9, peut \u00eatre autoris\u00e9e par le directeur d\u00e9partemental de  \nl'emploi, du travail, des solidarit\u00e9s et de la protection des populations.\n2\u00b0 Les sous-produits animaux de cat\u00e9gorie 3, en dehors des cuirs et peaux, issus de bovins de  \nla  zone  r\u00e9glement\u00e9e  et  abattus  en  abattoir  implant\u00e9  \u00e0  l'int\u00e9rieur  de  la  zone  sont \nexclusivement destin\u00e9s \u00e0 un \u00e9tablissement agr\u00e9\u00e9 au titre du r\u00e8glement (CE) n\u00b0 \u00a01069/2009 \nsusvis\u00e9  et  qui  produit  des  produits  transform\u00e9s.  L'envoi  en  centre  de  collecte  ou  en \n\u00e9tablissement fabriquant des aliments crus pour animaux familiers est interdit ;\n3\u00b0 L'usage \u00e0 l'\u00e9tat cru de bovins ou parties de bovins ou de denr\u00e9es animales issues de bovins  \nprovenant de la zone r\u00e9glement\u00e9e, pour l'alimentation des animaux familiers et assimil\u00e9s (y  \ncompris  en  zoo,  parc  zoologique,  fauconnerie,  etc.)  et  des  oiseaux  carnivores  et/ou \nn\u00e9crophages non d\u00e9tenus, est interdit ;\n4\u00b0 L'usage des cuirs et peaux issus de bovins provenant de la zone r\u00e9glement\u00e9e est interdit,  \nsauf si les cuirs et peaux sont issus de bovins qui ont \u00e9t\u00e9 soumis \u00e0 des inspections ante  \nmortem et post mortem dont les r\u00e9sultats se sont r\u00e9v\u00e9l\u00e9s favorables, et\n      -  ont \u00e9t\u00e9 sal\u00e9s \u00e0 sec ou en saumure pendant une p\u00e9riode d'au moins 14 jours avant leur  \nexp\u00e9dition, ou\n     -   ont \u00e9t\u00e9 soumis pendant une p\u00e9riode d'au moins sept jours \u00e0 un traitement au sel (NaCl)  \nadditionn\u00e9 de 2 % de carbonate de soude (Na2Co3), ou\n      -  ont \u00e9t\u00e9 s\u00e9ch\u00e9s pendant une p\u00e9riode d'au moins 42 jours \u00e0 une temp\u00e9rature minimale de  \n20 \u00b0C.\nEn cas de transfert des cuirs et peaux avant traitement ou au cours de cette p\u00e9riode de  \ntraitement vers un autre \u00e9tablissement sur le territoire national, un laissez-passer est d\u00e9livr\u00e9  \npar le directeur de la DDETSPP .\nDans tous les cas, les pr\u00e9cautions n\u00e9cessaires sont prises apr\u00e8s le traitement pour \u00e9viter tout  \ncontact  des  marchandises  avec  une  source  potentielle  de  virus  de  dermatose  nodulaire \ncontagieuse. Le traitement, la transformation ou l'entreposage des cuirs et peaux issus de  \nbovins provenant de la zone r\u00e9glement\u00e9e sont effectu\u00e9s dans des conditions qui emp\u00eachent  \nles contaminations crois\u00e9es avec des cuirs et peaux non issus de bovins provenant de la zone  \nr\u00e9glement\u00e9e.\n5\u00b0  L'usage  \u00e0  l'\u00e9tat  cru  du  lait  ou  produits  laitiers  issus  de  bovins  provenant  de  la  zone \nr\u00e9glement\u00e9e,  pour  l'alimentation  des  bovins  et  des  animaux  des  esp\u00e8ces  sensibles  \u00e0  la \ndermatose nodulaire contagieuse est interdit. Cette interdiction ne s'applique pas au lait ou  \ncolostrum cru destin\u00e9 \u00e0 l'alimentation des veaux d\u00e8s lors que ce lait ou colostrum a \u00e9t\u00e9  \nproduit dans la m\u00eame unit\u00e9 \u00e9pid\u00e9miologique que ces veaux.\nSection 4 : Dispositions finales\nArticle 7 : Lev\u00e9e des mesures\nLa zone de protection est lev\u00e9e au plus t\u00f4t 28 jours apr\u00e8s l'abattage des animaux et la fin des  \nop\u00e9rations  pr\u00e9liminaires  de  nettoyage  et  d\u00e9sinfection  du  dernier  foyer  de  la  zone  de \nPage 6 / 8\n09 - PREFECTURE DE L'ARIEGE - DIRECTION DE LA COORDINATION INTERMINISTERIELLE ET DE L'APPUI TERRITORIAL -\n09-2025-10-16-00001 - Arr\u00eat\u00e9 pr\u00e9fectoral n\u00b0SA-025-FP-069\nd\u00e9terminant une zone r\u00e9glement\u00e9e suite \u00e0 un foyer de dermatose nodulaire contagieuse bovine (DNCB) 55\nprotection et apr\u00e8s la r\u00e9alisation des visites dans tous les \u00e9tablissements d\u00e9tenant des bovins  \npermettant de conclure \u00e0 une absence de suspicion ou de dermatose nodulaire contagieuse  \ndans la zone.\nApr\u00e8s  la  lev\u00e9e  de  la  zone  de  protection,  les  communes  et  les  \u00e9tablissements  concern\u00e9s \nrestent soumis aux mesures de la zone de surveillance jusqu'\u00e0 la lev\u00e9e de cette derni\u00e8re.\nLa zone de surveillance est lev\u00e9e au plus t\u00f4t 45 jours apr\u00e8s l'abattage des animaux et la fin des \nop\u00e9rations  pr\u00e9liminaires  de  nettoyage  et  d\u00e9sinfection  du  dernier  foyer  de  la  zone  de \nprotection et apr\u00e8s la r\u00e9alisation des visites, avec r\u00e9sultat favorable, parmi les \u00e9tablissements  \nde la zone de surveillance permettant de conclure \u00e0 une absence de suspicion ou de cas  \ndermatose nodulaire contagieuse dans la zone.\nArticle 8 : Dispositions p\u00e9nales\nLe  non-respect  des  dispositions  du  pr\u00e9sent  arr\u00eat\u00e9  constituent  des  infractions  d\u00e9finies  et \nr\u00e9prim\u00e9es par les articles R. 228-1 \u00e0 R. 228-10 du code rural et de la p\u00eache maritime.\nArticle 9     :   Recours\nLe pr\u00e9sent arr\u00eat\u00e9 est susceptible de recours aupr\u00e8s du tribunal administratif territorialement  \ncomp\u00e9tent sous un d\u00e9lai de deux mois \u00e0 compter de sa publication, conform\u00e9ment aux  \ndispositions des articles R.\u00a0421-1 et suivants du code de justice administrative.\nArticle 10     :  \nLe secr\u00e9taire g\u00e9n\u00e9ral de la pr\u00e9fecture de l'Ari\u00e8ge, le directeur d\u00e9partemental de l'emploi, du  \ntravail,  des  solidarit\u00e9s  et  de  la  protection  des  populations,  les  maires  des  communes \nconcern\u00e9es,  le  colonel  commandant  du  groupement  de  gendarmerie,  les  v\u00e9t\u00e9rinaires \nsanitaires, sont responsables, chacun en ce qui le concerne, de l'application du pr\u00e9sent arr\u00eat\u00e9 \nqui sera publi\u00e9 au recueil des actes administratifs de la Pr\u00e9fecture et affich\u00e9 dans les mairies  \nconcern\u00e9es.\nLes  professionnels  concern\u00e9s  sont  inform\u00e9s  par  messagerie  \u00e9lectronique  par  le  directeur \nd\u00e9partemental de l'emploi, du travail, des solidarit\u00e9s et de la protection des populations. Et  \nles professionnels concern\u00e9s informent leurs fournisseurs et/ou clients sans d\u00e9lai de la prise de \ncet arr\u00eat\u00e9.\nFoix, le 16 octobre 2025\nLe pr\u00e9fet\nSign\u00e9\nSimon BERTOUX\nPage 7 / 8\n09 - PREFECTURE DE L'ARIEGE - DIRECTION DE LA COORDINATION INTERMINISTERIELLE ET DE L'APPUI TERRITORIAL -\n09-2025-10-16-00001 - Arr\u00eat\u00e9 pr\u00e9fectoral n\u00b0SA-025-FP-069\nd\u00e9terminant une zone r\u00e9glement\u00e9e suite \u00e0 un foyer de dermatose nodulaire contagieuse bovine (DNCB) 56\nANNEXE 1 : LISTE DES COMMUNES CONCERN\u00c9ES PAR LA ZONE DE SURVEILLANCE\nArtigues\nAscou\nCarcani\u00e8res\nMijan\u00e8s\nOrlu\nLe Pla\nLe Puch\nQu\u00e9rigut\nRouze\nPage 8 / 8\n09 - PREFECTURE DE L'ARIEGE - DIRECTION DE LA COORDINATION INTERMINISTERIELLE ET DE L'APPUI TERRITORIAL -\n09-2025-10-16-00001 - Arr\u00eat\u00e9 pr\u00e9fectoral n\u00b0SA-025-FP-069\nd\u00e9terminant une zone r\u00e9glement\u00e9e suite \u00e0 un foyer de dermatose nodulaire contagieuse bovine (DNCB) 57\nEsPREFET _DE L'ARI\u00c8GELibert\u00e9Egalit\u00e9Fraternit\u00e9\nPR\u00c9FECTURE\nDirection de la coordination interminist\u00e9rielle\net de l'appui territorial\nBureau de la coordination interminist\u00e9rielle\nAffaire suivie par Aur\u00e9lie Talieu\nT\u00e9l : 05 61 02 10 94\nCourriel : pref-coordination@ariege.gouv.fr \nArr\u00eat\u00e9 pr\u00e9fectoral portant renouvellement partiel de la commission d\u00e9partementale de \nsurendettement des particuliers\nLe pr\u00e9fet de l'Ari\u00e8ge,\nVu le code de la consommation,\nVu le d\u00e9cret n\u00b0 2008-310 du 3 avril 2008 relatif \u00e0 la direction g\u00e9n\u00e9rale des finances publiques,\nVu le d\u00e9cret n\u00b0 2009-707 du 16 juin 2009 relatif aux services d\u00e9concentr\u00e9s de la direction g\u00e9n\u00e9rale des \nfinances publiques,\nVu l'arr\u00eat\u00e9 du 9 juin 2010 portant cr\u00e9ation de directions r\u00e9gionales et d\u00e9partementales des finances \npubliques et notamment l'article 13,\nVu le d\u00e9cret 2016-884 du 29 juin 2016 relatif \u00e0 la partie r\u00e9glementaire du code de la consommation,\nVu la d\u00e9cision du 5 ao\u00fbt 2010 fixant la date d'installation de directeurs r\u00e9gionaux et d\u00e9partementaux \ndes finances publiques,\nVu le d\u00e9cret du 13 juillet 2023 portant nomination de M. Simon BERTOUX en qualit\u00e9 de pr\u00e9fet du  \nd\u00e9partement de l'Ari\u00e8ge ;\nVu le d\u00e9cret du 28 f\u00e9vrier 2024, portant nomination de M. Philippe POULAIN dans l'emploi de  \ndirecteur d\u00e9partemental des finances publiques de l'Ari\u00e8ge \nConsid\u00e9rant qu'il convient de proc\u00e9der au renouvellement partiel de la commission d\u00e9partementale \nde surendettement des particuliers,\nSur proposition du secr\u00e9taire g\u00e9n\u00e9ral de la pr\u00e9fecture,\nA R R \u00ca T E\nArticle 1er : \nLa commission d\u00e9partementale de surendettement des particuliers est renouvel\u00e9e ainsi qu'il suit :\nMembres de droit :\nLe pr\u00e9fet, ou son d\u00e9l\u00e9gu\u00e9, ou son repr\u00e9sentant,\nLe directeur d\u00e9partemental des finances publiques, ou son d\u00e9l\u00e9gu\u00e9, ou ses repr\u00e9sentants,\nLe directeur de la Banque de France, ou son suppl\u00e9ant.\n2 rue de la Pr\u00e9fecture - Pr\u00e9fet Claude - Erignac B.P . 40087 - 09007 Foix Cedex \u2013 T\u00e9l : 05 61 02 10 00\nSite internet : www.ariege.gouv.fr\n09 - PREFECTURE DE L'ARIEGE - DIRECTION DE LA COORDINATION INTERMINISTERIELLE ET DE L'APPUI TERRITORIAL -\n09-2025-10-10-00002 - Arr\u00eat\u00e9 pr\u00e9fectoral portant renouvellement partiel de la commission d\u00e9partementale de surendettement des\nparticuliers 58\nMembres d\u00e9sign\u00e9s     :  \n\u2022 Repr\u00e9sentants des \u00e9tablissements de cr\u00e9dit   :\nTitulaire : Mme PEREIRA Annick, Directrice de la Banque Populaire \u2013 Agence de Foix\nSuppl\u00e9ante : Mme Val\u00e9rie SURCIN , Directrice du Cr\u00e9dit agricole de St Girons\n\u2022 Repr\u00e9sentants des associations familiales ou de consommateurs   :\nTitulaire : Mme Gis\u00e8le BARRIERE, CGT-INDECOSA\nSuppl\u00e9ant : M. Bruno MAGAND, pr\u00e9sident de l'association UFC Que choisir Ari\u00e8ge Comminges\n\u2022 Personnalit\u00e9s qualifi\u00e9es   :\n\u25e6 Dans le domaine de l'\u00e9conomie sociale et familiale\nTitulaire : Mme Corinne VIGNAUX, responsable adjointe du service action sociale et familiale \u00e0 la CAF\nSuppl\u00e9ante  :  Mme  Constance  PUPAT,  charg\u00e9e  de  mission  logement,  adjointe  du  chef  de  service  \ninsertion logement au Conseil d\u00e9partemental.\n\u25e6 Dans le domaine juridique \nTitulaire : M. Jean PARRA, d\u00e9l\u00e9gu\u00e9 du d\u00e9fenseur des droits,\nSuppl\u00e9ant : M. Pierre DORIE, d\u00e9l\u00e9gu\u00e9 du d\u00e9fenseur des droits.\nArticle 2     :  \nLa commission d\u00e9partementale de surendettement des particuliers est pr\u00e9sid\u00e9e par le pr\u00e9fet ou son\nd\u00e9l\u00e9gu\u00e9, le directeur d\u00e9partemental des finances publiques \u00e9tant vice-pr\u00e9sident.\nLe secr\u00e9tariat de la commission est assur\u00e9 par la Banque de France.\nArticle 3 :\nLe  pr\u00e9fet  et  le  directeur  d\u00e9partemental  des  finances  publiques  ne  peuvent  se  faire  repr\u00e9senter  \nrespectivement dans chaque commission que par un seul d\u00e9l\u00e9gu\u00e9.\nLe pr\u00e9fet choisit p our chaque commission son d\u00e9l\u00e9gu\u00e9 parmi les membres du corps pr\u00e9fectoral, le  \ndirecteur d\u00e9partemental de l'emploi, du travail, des solidarit\u00e9s et de la protection des population ou  \nses adjoints ou les directeurs de la pr\u00e9fecture.\nLe directeu r d\u00e9partemental des finances publiques choisit son d\u00e9l\u00e9gu\u00e9 parmi les fonctionnaires de  \ncat\u00e9gorie A de la direction d\u00e9partementale des finances publiques.\nArticle 4 :\nLes membres d\u00e9sign\u00e9s sont nomm\u00e9s pour une dur\u00e9e de deux ans renouvelable.\nSi le pr\u00e9fet constate l'absence de l'une de ces personnes et de son suppl\u00e9ant sans motif l\u00e9gitime \u00e0 trois\ns\u00e9ances cons\u00e9cutives de la commission, il peut mettre fin \u00e0 leur mandat avant l'expiration de la p\u00e9riode\nde deux ans. Il nomme alors une autre personne et un suppl\u00e9ant dans les m\u00eames conditions que celles  \npr\u00e9vues initialement.\n09 - PREFECTURE DE L'ARIEGE - DIRECTION DE LA COORDINATION INTERMINISTERIELLE ET DE L'APPUI TERRITORIAL -\n09-2025-10-10-00002 - Arr\u00eat\u00e9 pr\u00e9fectoral portant renouvellement partiel de la commission d\u00e9partementale de surendettement des\nparticuliers 59\nArticle 5 :\nLa  commission  ne  peut  valablement  se  r\u00e9unir  que  si  au  moins  quatre  de  ses  sept  membres  sont \npr\u00e9sents ou repr\u00e9sent\u00e9s. En cas de partage \u00e9gal des voix, la voix du pr\u00e9sident est pr\u00e9pond\u00e9rante.\nArticle 6 :\nLa liste des membres de la commission est affich\u00e9e dans les locaux du secr\u00e9tariat de la commission et\nest accessible sur le site internet de la Banque de France.\nArticle 7 :\nLes  autres  r\u00e8gles  applicables  au  fonctionnement  de  la  commission  sont  fix\u00e9es  par  son  r\u00e8glement \nint\u00e9rieur. Le r\u00e8glement int\u00e9rieur est affich\u00e9 dans les locaux du secr\u00e9tariat de la commission et est  \naccessible sur le site internet de la Banque de France.\nArticle 8 :\nL'arr\u00eat\u00e9  pr\u00e9fectoral  du  28  septembre  2022  portant  renouvellement  partiel  de  la  commission  \nd\u00e9partementale de surendettement des particuliers est abrog\u00e9.\nArticle 9 :\nLe  pr\u00e9sent  arr\u00eat\u00e9  peut  faire  l'objet  d'un  recours  administratif  devant  le  tribunal  administratif  de \nToulouse, par courrier et \u00e9galement par l'application informatique T\u00e9l\u00e9recours, accessible par le lien  : \nhttp://www.telerecours.fr,  dans  un  d\u00e9lai  de  2  mois  \u00e0  compter  de  sa  publication  au  recueil  \nd\u00e9partemental des actes administratifs.\nArticle 10 :\nLe secr\u00e9taire g\u00e9n\u00e9ral de la pr\u00e9fecture de l'Ari\u00e8ge, le directeur d\u00e9partemental des finances publiques et  \nle directeur de la Banque de France, sont charg\u00e9s, chacun en ce qui le concerne de l'ex\u00e9cution du  \npr\u00e9sent arr\u00eat\u00e9, qui sera publi\u00e9 au recueil des actes administratifs de la pr\u00e9fecture de l'Ari\u00e8ge.\nFait \u00e0 Foix, le 10 octobre 2025\nP/ le pr\u00e9fet et par d\u00e9l\u00e9gation\nLe secr\u00e9taire g\u00e9n\u00e9ral\nSign\u00e9\nJean-Philippe DARGENT\n09 - PREFECTURE DE L'ARIEGE - DIRECTION DE LA COORDINATION INTERMINISTERIELLE ET DE L'APPUI TERRITORIAL -\n09-2025-10-10-00002 - Arr\u00eat\u00e9 pr\u00e9fectoral portant renouvellement partiel de la commission d\u00e9partementale de surendettement des\nparticuliers 60\nPREFET |DE L'ARI\u00c8GELibert\u00e9Egalit\u00e9Fraternit\u00e9\nDIRECTION D\u00c9PARTEMENTALE\nDE L'EMPLOI, DU TRAVAIL, DES SOLIDARIT\u00c9S\nET DE LA PROTECTION DES POPULATIONS\nService Inclusion Sociale\net Lutte contre la Pauvret\u00e9\nAffaire suivie par Anne Gadal\nT\u00e9l : 05 61 02 43 66\nCourriel : anne.gadal@ariege.gouv.fr\nArr\u00eat\u00e9 n\u00b0 ISLP-025-AG-051 portant retrait de l'agr\u00e9ment de Madame Doris GARROS\npour exercer \u00e0 titre individuel l'activit\u00e9 de mandataire judiciaire \u00e0 la protection des majeurs\n \nLe pr\u00e9fet de l'Ari\u00e8ge\nVu le code de l'action sociale et des familles, notamment les articles .471-2, L.471-3, L.472-1,  \nL.472.10 et suivants, R.472-6-1 et R.472-24 ;\nVu le code des relations entre le public et l'administration ;\nVu la loi n\u00b02007-308 du 5 mars 2007 portant r\u00e9forme de la protection juridique des majeurs ;\nVu la  loi  n\u00b02015-1776  du  28  d\u00e9cembre  2015  relative  \u00e0  l'adaptation  de  la  soci\u00e9t\u00e9  au  \nvieillissement, et notamment son article 34 ;\nVu le d\u00e9cret du 13 juillet 2023 nommant Monsieur Simon BERTOUX pr\u00e9fet de l'Ari\u00e8ge ;\nVu l'arr\u00eat\u00e9 pr\u00e9fectoral du 2 octobre 2013 portant agr\u00e9ment de Mme NIVAU nom d'usage  \nGARROS Doris pour l'exercice \u00e0 titre individuel en qualit\u00e9 de mandataire judiciaire \u00e0 la  \nprotection des majeurs dans le tribunal de proximit\u00e9 de Saint-Girons ;\nVu l'arr\u00eat\u00e9 pr\u00e9fectoral ISLP-025-AG-005 du 27 janvier 2025  fixant la liste des mandataires  \njudiciaires \u00e0 la protection des majeurs et des d\u00e9l\u00e9gu\u00e9s aux prestations familiales dans le  \nd\u00e9partement de l'Ari\u00e8ge ;\nVu l'avis conforme du procureur de la R\u00e9publique du 7 ao\u00fbt 2025 ;\nConsid\u00e9rant ce qui suit :\n \n1  -  Les  juges  des  contentieux  de  la  protection  de  la  Haute-Garonne  ont  signal\u00e9  des  \nmanquements de la mandataire dans l'exercice de son mandat  conduisant le pr\u00e9fet de la  \nHaute  Garonne  a  diligent\u00e9  une  inspection  par  contr\u00f4le  sur  pi\u00e8ces  de  l'activit\u00e9  de  \nmandataire de Madame Garros ;\n2 - Suite \u00e0 la lettre d'injonction envoy\u00e9e par la direction d\u00e9partementale de l'emploi, du  \ntravail,  des  solidarit\u00e9s  (DDETS)  de  la  Haute-Garonne  \u00e0  Madame  Doris  GARROS  le  \n21 novembre 2024, l'int\u00e9ress\u00e9e n'a pas satisfait \u00e0 l'injonction dans le d\u00e9lai fix\u00e9 ;\n1\n9 rue Lieutenant Paul Delpech - 09000 Foix Cedex \u2013 T\u00e9l : 05 61 02 43 00\nSite internet : www.ariege.gouv.fr\nDIRECTION DEPARTEMENTALE DE L' EMPLOI, DU TRAVAIL, DES SOLIDARITES ET DE LA PROTECTION DES POPULATIONS - SERVICE\nINCLUSION SOCIALE ET LUTTE CONTRE LA PAUVRETE - 09-2025-08-20-00001 - Arr\u00eat\u00e9 n\u00b0 ISLP-025-AG-051 portant retrait de\nl'agr\u00e9ment de Madame Doris GARROS\npour exercer \u00e0 titre individuel l'activit\u00e9 de mandataire judiciaire \u00e0 la protection des majeurs\n61\n3 - L'absence de r\u00e9ponse dans le cadre r\u00e9glementaire de la proc\u00e9dure de contr\u00f4le de Madame  \nDoris  Garros  combin\u00e9e  \u00e0  une  absence  de  r\u00e9activit\u00e9  pour  r\u00e9cup\u00e9rer  tous  les  courriers \nadress\u00e9s par l'autorit\u00e9 de tutelle attestent des manquements signal\u00e9s par les juges des  \ncontentieux de la protection ;\n4 - Il r\u00e9sulte de la proc\u00e9dure contradictoire de la DDETS de la Haute-Garonne un retrait de  \nson agr\u00e9ment \u00e0 compter du 2 janvier 2025 ;\n5 \u2013 Au regard de son retrait d'agr\u00e9ment dans la haute-Garonne et du risque de la protection  \ndes majeurs vuln\u00e9rables, un courrier recommand\u00e9 a \u00e9t\u00e9 adress\u00e9 le 21 f\u00e9vrier 2025 \u00e0 Mme  \nDoris GARROS avec un d\u00e9lai de r\u00e9ponse fix\u00e9 \u00e0 quinze jours ;\n6 - L'absence de r\u00e9ponse au courrier susvis\u00e9 permettant de justifier du respect de son mandat  \nconstitue  un  manquement  aux  conditions  d'exercices  de  la  mesure  de  protection  \njudiciaire, pr\u00e9judiciable \u00e0 la sant\u00e9, la s\u00e9curit\u00e9 ou le bien \u00eatre physique ou moral de la  \npersonne prot\u00e9g\u00e9e ;\n \nSur proposition du directeur  d\u00e9partemental de l'emploi, du travail, des solidarit\u00e9s et de la  \nprotection des populations de l'Ari\u00e8ge\nA R R \u00ca T E\nArticle 1  :  L'agr\u00e9ment accord\u00e9 le 2 octobre 2013 \u00e0 Madame NIVAU nom d'usage GARROS  \nDoris,  n\u00e9e  le  22  septembre  1962  domicili\u00e9e  BP  22  \u2013  31210  Montr\u00e9jeau,  en  qualit\u00e9  de \nmandataire judiciaire \u00e0 la protection des majeurs dans le ressort du tribunal de proximit\u00e9 de  \nSaint-Girons est retir\u00e9 \u00e0 compter de ce jour ;\nLe retrait d'agr\u00e9ment vaut radiation de la liste des mandataires judiciaires \u00e0 la protection des  \nmajeurs pr\u00e9vue \u00e0 l'article L.471-3 du code de l'action sociale et des familles,  pour le ressort du \ntribunal de proximit\u00e9 susmentionn\u00e9 ;\nArticle 2 : La d\u00e9cision sera notifi\u00e9e au procureur de la R\u00e9publique pr\u00e8s le tribunal judiciaire de  \nFoix, \u00e0 la juridiction concern\u00e9e et \u00e0 l'int\u00e9ress\u00e9e.\nArticle 3 : Le pr\u00e9sent arr\u00eat\u00e9 peut faire l'objet d'un recours administratif, soit gracieux aupr\u00e8s  \ndu pr\u00e9fet de l'Ari\u00e8ge, soit hi\u00e9rarchique aupr\u00e8s de la ministre du travail, de la sant\u00e9, des  \nsolidarit\u00e9s et des familles, dans les deux mois suivant sa notification. Un recours contentieux  \npeut \u00eatre d\u00e9pos\u00e9 aupr\u00e8s du tribunal administratif de Toulouse, soit par courrier, soit par  \nl'application informatique T\u00e9l\u00e9recours ( https://www.telerecours.fr), \u00e9galement dans un d\u00e9lai  \nde deux mois \u00e0 compter de la notification, ou dans le d\u00e9lai de deux mois \u00e0 partir de la  \nr\u00e9ponse de l'administration si un recours administratif a \u00e9t\u00e9 d\u00e9pos\u00e9, l'absence de r\u00e9ponse au  \nterme de ce d\u00e9lai valant rejet implicite.\nArticle     4   : Le secr\u00e9taire g\u00e9n\u00e9ral de la pr\u00e9fecture et le directeur d\u00e9partemental de l'emploi, du  \ntravail,  des  solidarit\u00e9s  et  de  la  protection  de  l'Ari\u00e8ge  sont  charg\u00e9s,  chacun  en  ce  qui  le \nconcerne, de l'ex\u00e9cution du pr\u00e9sent arr\u00eat\u00e9 qui sera publi\u00e9 au recueil d\u00e9partemental des actes  \nadministratifs.\nFoix, le 20 ao\u00fbt 2025\nLe pr\u00e9fet\nSign\u00e9\nSimon BERTOUX\n2\n9 rue Lieutenant Paul Delpech - 09000 Foix Cedex \u2013 T\u00e9l : 05 61 02 43 00\nSite internet : www.ariege.gouv.fr\nDIRECTION DEPARTEMENTALE DE L' EMPLOI, DU TRAVAIL, DES SOLIDARITES ET DE LA PROTECTION DES POPULATIONS - SERVICE\nINCLUSION SOCIALE ET LUTTE CONTRE LA PAUVRETE - 09-2025-08-20-00001 - Arr\u00eat\u00e9 n\u00b0 ISLP-025-AG-051 portant retrait de\nl'agr\u00e9ment de Madame Doris GARROS\npour exercer \u00e0 titre individuel l'activit\u00e9 de mandataire judiciaire \u00e0 la protection des majeurs\n62\nDirection r\u00e9gionalePREFET _ | de l'alimentation, de l'agriculture et de la for\u00eatDE LA REGIONOCCITANIELibert\u00e9\u00c9galit\u00e9Fraternit\u00e9D\u00e9partement : ARI\u00c8GEFor\u00eat communale de LUGEATContenance cadastrale : 436,9700 haSurface de gestion : 436,97 haR\u00e9vision d'am\u00e9nagement : 2018-2037\nVUVUVUVUVU\nVU\nVU\nVUVUVU\nSUR\nArr\u00eat\u00e9 pr\u00e9fectoralportant approbation du document d'Am\u00e9nagementde la for\u00eat communale indivise de Lugeat pour la p\u00e9riode 2018-2037avec application du 2\u00b0 de l'article L122-7 du code forestierLe pr\u00e9fet de la r\u00e9gion Occitanie,Pr\u00e9fet de la Haute-GaronneOfficier de la L\u00e9gion d'honneur,Commandeur de l'ordre national du M\u00e9rite,les articles L124-1,1\u00b0, L212-1, L212-2, D212-1, D212-2, R212-3, D212-5,2\u00b0, D214-15, et D214-16 duCode Forestier ;les articles L122-7, L122-8, R122-23 et R122-24 du Code Forestier 7le sch\u00e9ma r\u00e9gional d'am\u00e9nagement \u00ab For\u00eats pyr\u00e9n\u00e9ennes \u00bb, arr\u00eat\u00e9 en date du 11/07/2006 ;l'arr\u00eat\u00e9 pr\u00e9fectoral en date du 03/01/2015 r\u00e9glant l'am\u00e9nagement de la for\u00eat communale de LUGEAT pourla p\u00e9riode 2000 - 2009 : |la d\u00e9lib\u00e9ration du conseil municipal de ORNOLAC-USSAT-LES-BAINS en date du 04/03/2021, d\u00e9pos\u00e9e \u00e0la pr\u00e9fecture de FOIX le 11/03/2021, donnant son accord au projet d'am\u00e9nagement forestier qui lui a \u00e9t\u00e9pr\u00e9sent\u00e9, et demandant le b\u00e9n\u00e9fice des articles L122-7 et L122-8 du code forestier au titre de lar\u00e9glementation Natura 2000 ;la d\u00e9lib\u00e9ration du conseil municipal de TARASCON SUR ARI\u00c8GE en date du 07/04/2021, d\u00e9pos\u00e9e \u00e0 lapr\u00e9fecture de FOIX le 12/04/2021, donnant son accord au projet d'am\u00e9nagement forestier qui lui a \u00e9t\u00e9pr\u00e9sent\u00e9, et demandant le b\u00e9n\u00e9fice des articles L122-7 et L122-8 du code forestier au titre de lar\u00e9glementation Natura 2000 ;la d\u00e9lib\u00e9ration du conseil municipal de USSAT en date du 09/06/2022, d\u00e9pos\u00e9e \u00e0 la pr\u00e9fecture de FOIX le20/06/2022, donnant son accord au projet d'am\u00e9nagement forestier qui lui a \u00e9t\u00e9 pr\u00e9sent\u00e9, et demandantle b\u00e9n\u00e9fice des articles L122-7 et L122-8 du code forestier au titre de la r\u00e9glementation Natura 2000 ;le document d'am\u00e9nagement \u00e9tabli par l'Office National des For\u00eats et transmis pour approbation le05/06/2025;l'arr\u00eat\u00e9 pr\u00e9fectoral R76-2024-09-17-00004 en date du 17 septembre 2024 donnant d\u00e9l\u00e9gation designature \u00e0 Monsieur Olivier ROUSSET, directeur r\u00e9gional de l'alimentation de l'agriculture et de la for\u00eat ;l'arr\u00eat\u00e9 pr\u00e9fectoral R76-2025-02-19-00003 en date du 19 f\u00e9vrier 2025 portant subd\u00e9l\u00e9gation \u00e0 certainsagents de la direction r\u00e9gionale de l'alimentation de l'agriculture et de la for\u00eat ;proposition du Directeur r\u00e9gional de l'alimentation, de l'agriculture et de la for\u00eat,Arr\u00eate :Art. 1% : La for\u00eat communale de LUGEAT (ARIEGE), d'une contenance de 436,97 ha, est affect\u00e9eprioritairement.\u00e0 la fonction de production ligneuse et \u00e0 la fonction \u00e9cologique, tout en assurant sa fonctionsociale et de protection physique, dans le cadre d'une gestion durable multifonctionnelle.1/2\nDRAAF OCCITANIE - 09-2025-10-15-00010 - Arr\u00eat\u00e9 pr\u00e9fectoral\nportant approbation du document d'Am\u00e9nagement\nde la for\u00eat communale indivise de Lugeat pour la p\u00e9riode 2018-2037\navec application du 2\u00b0 de l'article L122-7 du code forestier\n63\nArt. 2. : Cette for\u00eat comprend une partie bois\u00e9e de 415,44 ha, actuellement compos\u00e9e de H\u00eatre (95%) et Sapinpectin\u00e9 (5%).Les peuplements susceptibles de production ligneuse seront trait\u00e9s en Futaie irr\u00e9guli\u00e8re dont conversion enfutaie irr\u00e9guli\u00e8re sur 169,96 ha.L'essence principale objectif qui d\u00e9termine sur le long terme les grands choix de gestion de ces peuplements se-ra le H\u00eatre (169,96 ha). Les autres essences seront maintenues comme essences objectif associ\u00e9es ou commeessences d'accompagnement.Art. 3. : Pendant une dur\u00e9e de 20 ans (2018 \u2014 2037) :- La for\u00eat sera divis\u00e9e en 3 groupes de gestion :e Un groupe de futaie irr\u00e9guli\u00e8re-repos, d'une contenance totale de 169,96 ha ;* Un groupe d'ilots de s\u00e9nescence, d'une contenance totale de 21,30 ha, qui sera laiss\u00e9 \u00e0 son \u00e9volutionnaturelle, au profit de la biodiversit\u00e9 ;\u00a2 Un groupe constitu\u00e9 de peuplements hors sylviculture et/ou terrains non bois\u00e9s hors sylviculture, d'unecontenance totale de 245,71 ha.- L'Office National des For\u00eats informera r\u00e9guli\u00e8rement le maire des communes de TARASCON SUR ARIEGE,d'ORNOLAC et d'USSAT de l'\u00e9tat de l'\u00e9quilibre sylvo-cyn\u00e9g\u00e9tique dans la for\u00eat, et ce dernier mettra en \u0153uvretoutes les mesures n\u00e9cessaires \u00e0 son maintien ou \u00e0 son r\u00e9tablissement en optimisant et suivant la capacit\u00e9d'accueil, et en s'assurant en particulier que le niveau des demandes de plans de chasse concernant la for\u00eat estadapt\u00e9 \u00e0 l'\u00e9volution des populations de grand gibier et des d\u00e9g\u00e2ts constat\u00e9s sur les peuplements.- Les mesures d\u00e9finies par les consignes nationales de gestion visant \u00e0 la pr\u00e9servation de la biodiversit\u00e9courante (notamment la conservation d'arbres isol\u00e9s \u00e0 cavit\u00e9s, morts, ou s\u00e9nescents) ainsi qu'\u00e0 la pr\u00e9servationdes sols et des eaux de surface, seront syst\u00e9matiquement mises en \u0153uvre.La mise en \u0153uvre des coupes et des travaux sylvicoles et infrastructures au titre de cet am\u00e9nagement devraprendre en compte l'\u00e9volution des connaissances et de la r\u00e9glementation, notamment en mati\u00e8reenvironnementale et de pr\u00e9vention des risques naturels et des risques d'incendies.Art. 4. : Le document d'am\u00e9nagement de la for\u00eat communale de LUGEAT, pr\u00e9sentement arr\u00eat\u00e9, est approuv\u00e9par application du 2\u00b0 de l'article L122-7 du code forestier, pour le programme de coupes et de travaux sylvicoles,\u00e0 l'exclusion des travaux d'infrastructure, au titre de la r\u00e9glementation propre \u00e0 Natura 2000 relative \u00e0 :- la ZSC FR7300829 \u00ab Qui\u00e9s calcaires de Tarascon- sur- Ari\u00e8ge et grotte de la Petite Caougno \u00bb, instaur\u00e9eau titre de la Directive europ\u00e9enne \u00ab Habitats naturels \u00bb ;- la ZPS FR7312002 \u00ab Qui\u00e9s calcaires de Tarascon- sur- Ari\u00e8ge et grotte de la Petite Caougno \u00bb, instaur\u00e9eau titre de la Directive europ\u00e9enne \u00ab Oiseaux \u00bb.Art. 5. : L'arr\u00eat\u00e9 pr\u00e9fectoral en date du 03/01/2015 r\u00e9glant l'am\u00e9nagement de la for\u00eat communale de LUGEATpour la p\u00e9riode 2000 - 2009, est abrog\u00e9.Art. 6. : Le Directeur R\u00e9gional de l'Alimentation, de l'Agriculture, et de la For\u00eat, et le Directeur territorial del'Office National des For\u00eats sont charg\u00e9s, chacun en ce qui le concerne, de l'ex\u00e9cution du pr\u00e9sent arr\u00eat\u00e9,qui sera publi\u00e9 au recueil des actes administratifs du d\u00e9partement de l'ARI\u00c8GE.Fait \u00e0 Toulouse, le { Be? 2025 Pour le pr\u00e9fet et par d\u00e9l\u00e9gation,Pour le directeur r\u00e9gional de l'alimentation,de l'agriculture et de la for\u00eat et par d\u00e9l\u00e9gation,la chef di peenerce r\u00e9gional de la for\u00e9t et du bois\nGwena\u00e9lle'BIZE:\n2/2\nDRAAF OCCITANIE - 09-2025-10-15-00010 - Arr\u00eat\u00e9 pr\u00e9fectoral\nportant approbation du document d'Am\u00e9nagement\nde la for\u00eat communale indivise de Lugeat pour la p\u00e9riode 2018-2037\navec application du 2\u00b0 de l'article L122-7 du code forestier\n64","date":"2025-10-16","first_seen_on":"2025-10-16T10:08:00+00:00","id":"72130b66dcddcba78aa1595411a4b80f7186e1fe9cebe7fa51329c57f4cbc692","name":"recueil-09-2025-133-recueil-des-actes-administratifs","pdf_creation_date":"2025-10-16T09:32:27+00:00","pdf_modification_date":null,"timezone":"Europe/Paris","url":"https://www.ariege.gouv.fr/contenu/telechargement/33685/229615/file/recueil-09-2025-133-recueil-des-actes-administratifs.pdf"}
